{"data":{"product":{"id":18195,"titre":"Polaire zipp\u00e9e \u00e0 visibilit\u00e9 renforc\u00e9e","description":"Polaire de travail \u00e0 visibilit\u00e9 renforc\u00e9e. Col montant de couleur contrast\u00e9e. Fermeture zipp\u00e9e tout le long. 2 poches lat\u00e9rales avant zipp\u00e9es. Ourlet r\u00e9glable en cordon \u00e9lastique. Poignets et ourlet de couleur contrast\u00e9e. Bande r\u00e9fl\u00e9chissante sur l'\u00e9paule et autour des bras et du corps. Certifi\u00e9 EN ISO 20471:2013+A1:2016. RIS\/3279\/TOM ISSUE 1:2016 (pour la couleur orange uniquement). Orange HV\/bleu marine et jaune HV\/bleu marine - classe 3. Composition : 100 %  polyester.","genre":"mixte","grammage":280,"conditionnement":20,"composition":"polyester,polyester_uniquement","reference":"pr-rx750","reference_visible":"pr-rx750","reference_fabricant":"RX750","ref_xor":"725334","in_catalog":true,"is_transfer":false,"is_service":false,"on_standby":false,"has_3d":false,"has_size_guide":true,"has_marking":true,"has_vierge":true,"is_cross_sellable":false,"id_picto":27,"filename_3d":null,"brand":{"id":403,"name":"Pro RTX High Visibility","logo":"logo-pro-rtx-high-visibility.png","image":"https:\/\/media.th4.com\/TER-BX-Wg5_Yb0KkT1xasSnqJh0GrDh1ryHu6vUvExE\/pr:brand70x70\/aHR0cDovL21lZGlhMi5kZXNpZ25wYXJ0bmVyLmZyL2MvbS9sb2dvLXByby1ydHgtaGlnaC12aXNpYmlsaXR5LnBuZw?v=1712591327"},"price_infos":{"price_from":30.6,"quantity":100,"color":{"id":20885,"name":"hv_yellow\/navy"},"size":{"id":2,"name":"M"}},"price_infos_marking":{"price_from":36.92,"quantity":150,"color":{"id":20885,"name":"hv_yellow\/navy"},"size":{"id":2,"name":"M"},"marking":{"id":4,"name":""},"emplacement":"avant","surface_emplacement_id":1,"surface":"coeur"},"i18n":{"blank":{"title":{"fr":"Polaire zipp\u00e9e \u00e0 visibilit\u00e9 renforc\u00e9e PRO RTX HIGH VISIBILITY rx750","en":"High visibility reinforced zippered fleece PRO RTX HIGH VISIBILITY rx750","de":"Polarjacke mit verst\u00e4rkter Sichtbarkeit PRO RTX HIGH VISIBILITY rx750","nl":"Zweelflappe met verhoogde zichtbaarheid PRO RTX HIGH VISIBILITY rx750","es":"Chaqueta polar con visibilidad reforzada PRO RTX HIGH VISIBILITY rx750","it":"Felpa zip con visibilit\u00e0 migliorata PRO RTX HIGH VISIBILITY rx750","sv":"Polar med \u00f6kat synlighet med dragkedja PRO RTX HIGH VISIBILITY rx750","pt":"Camisa de moletom com z\u00edper de alta visibilidade PRO RTX HIGH VISIBILITY rx750","da":"Zippet jakke med forst\u00e6rket synlighed PRO RTX HIGH VISIBILITY rx750","pl":"Zapinana polarka o podwy\u017cszonej widoczno\u015bci PRO RTX HIGH VISIBILITY rx750"},"description":{"fr":"Polaire de travail \u00e0 visibilit\u00e9 renforc\u00e9e. Col montant de couleur contrast\u00e9e. Fermeture zipp\u00e9e sur toute la longueur. Pr\u00e9sence de deux poches lat\u00e9rales avant zipp\u00e9es pour un rangement pratique. L'ourlet est r\u00e9glable gr\u00e2ce \u00e0 un cordon \u00e9lastique. Poignets et ourlet de couleur contrast\u00e9e pour une meilleure visibilit\u00e9. Bande r\u00e9fl\u00e9chissante positionn\u00e9e sur l'\u00e9paule, autour des bras et du corps pour une s\u00e9curit\u00e9 accrue. Certifi\u00e9e EN ISO 20471:2013+A1:2016 et RIS\/3279\/TOM ISSUE 1:2016 (pour la couleur orange uniquement).\n\n- Composition : 100 % polyester\n- Nombre de poches : 2\n- Ourlet : R\u00e9glable par cordon \u00e9lastique\n- Bandes r\u00e9fl\u00e9chissantes : \u00c9paule, bras et corps\n- Certification : EN ISO 20471:2013+A1:2016, RIS\/3279\/TOM ISSUE 1:2016 (orange)","en":"Work fleece with reinforced visibility. Contrasting color high neck. Full-length zip closure. Presence of two front side zip pockets for practical storage. The hem is adjustable thanks to an elastic cord. Contrasting color cuffs and hem for better visibility. Reflective strip positioned on the shoulder, around the arms and body for increased safety. Certified EN ISO 20471:2013+A1:2016 and RIS\/3279\/TOM ISSUE 1:2016 (for the orange color only). Composition: 100% polyester Number of pockets: 2 Hem: Adjustable by elastic cord Reflective bands: Shoulder, arms and body Certification: EN ISO 20471:2013+A1:2016, RIS\/3279\/TOM ISSUE 1:2016 (orange)","de":"Arbeitspolarjacke mit verst\u00e4rkter Sichtbarkeit. Kontrastfarbiger hoher Kragen. Vollst\u00e4ndiger Rei\u00dfverschluss. Zwei seitliche Rei\u00dfverschlusstaschen f\u00fcr praktischen Stauraum. Verstellbarer Saum mit elastischem Zugband. Kontrastfarbige Manschetten und S\u00e4ume f\u00fcr bessere Sichtbarkeit. Reflektierende B\u00e4nder an der Schulter, um die Arme und den K\u00f6rper f\u00fcr erh\u00f6hte Sicherheit. Zertifiziert EN ISO 20471:2013+A1:2016 und RIS\/3279\/TOM ISSUE 1:2016 (nur in Orange).\n\n- Zusammensetzung: 100 % Polyester\n- Anzahl der Taschen: 2\n- Saum: Verstellbar durch Zugband\n- Reflektierende B\u00e4nder: Schulter, Arme und K\u00f6rper\n- Zertifizierung: EN ISO 20471:2013+A1:2016, RIS\/3279\/TOM ISSUE 1:2016 (Orange)","nl":"Werkzweelflappe met verhoogde zichtbaarheid. Hoog contrastkleurige kraag. Ritssluiting over de volle lengte. Twee zijdelings voorzittende ritszakken voor een handig opslag. De onderrand is aanpasbaar met een elastische touw. Polsen en onderrand in contrastkleur voor een betere zichtbaarheid. Reflecterende strook op de schouder, rond de armen en het lichaam voor extra veiligheid. Gecertificeerd EN ISO 20471:2013+A1:2016 en RIS\/3279\/TOM ISSUE 1:2016 (alleen voor de oranje kleur).\n\n- Samenstelling: 100 % polyester\n- Aantal zakken: 2\n- Onderrand: Aanpasbaar met elastische touw\n- Reflecterende stroken: Schouder, armen en lichaam\n- Certificering: EN ISO 20471:2013+A1:2016, RIS\/3279\/TOM ISSUE 1:2016 (oranje)","es":"Chaqueta de trabajo con visibilidad reforzada. Cuello alto de color contrastante. Cierre con cremallera a lo largo de toda la longitud. Presencia de dos bolsillos laterales delanteros con cremallera para un almacenamiento pr\u00e1ctico. El dobladillo es ajustable gracias a un cord\u00f3n el\u00e1stico. Mu\u00f1ecas y dobladillo de color contrastante para una mejor visibilidad. Banda reflectante posicionada sobre el hombro, alrededor de los brazos y del cuerpo para una seguridad aumentada. Certificada EN ISO 20471:2013+A1:2016 y RIS\/3279\/TOM ISSUE 1:2016 (solo para el color naranja).\n\n- Composici\u00f3n : 100 % poli\u00e9ster\n- N\u00famero de bolsillos : 2\n- Doblilla : Ajustable con cord\u00f3n el\u00e1stico\n- Bandas reflectantes : Hombro, brazos y cuerpo\n- Certificaci\u00f3n : EN ISO 20471:2013+A1:2016, RIS\/3279\/TOM ISSUE 1:2016 (naranja)","it":"Felpa da lavoro con visibilit\u00e0 migliorata. Collo alto di colore contrastante. Chiusura zip su tutta la lunghezza. Presenza di due tasche laterali anteriori con zip per un pratico ripostiglio. L'orlo \u00e8 regolabile grazie a un cordone elastico. Polsini e orlo di colore contrastante per una migliore visibilit\u00e0. Striscia riflettente posizionata sulla spalla, intorno alle braccia e al corpo per una maggiore sicurezza. Certificata EN ISO 20471:2013+A1:2016 e RIS\/3279\/TOM ISSUE 1:2016 (solo per il colore arancione).\n\n- Composizione: 100 % poliestere\n- Numero di tasche: 2\n- Orlo: Regolabile con cordone elastico\n- Strisce riflettenti: Spalla, braccia e corpo\n- Certificazione: EN ISO 20471:2013+A1:2016, RIS\/3279\/TOM ISSUE 1:2016 (arancione)","sv":"Arbetspolar med \u00f6kat synlighet. St\u00e5ende krage med kontrastf\u00e4rg. Dragkedja l\u00e4ngs hela l\u00e4ngden. Tv\u00e5 f\u00f6rfickor med dragkedja f\u00f6r praktisk f\u00f6rvaring. Sn\u00f6rning justerbart med ett elastiskt sn\u00f6re. \u00c4rmar och sn\u00f6rning med kontrastf\u00e4rg f\u00f6r b\u00e4ttre synlighet. Reflekterande remsor placerade p\u00e5 axeln, runt armarna och kroppen f\u00f6r \u00f6kad s\u00e4kerhet. Certifierad EN ISO 20471:2013+A1:2016 och RIS\/3279\/TOM ISSUE 1:2016 (endast f\u00f6r f\u00e4rg orange).\n\n- Sammans\u00e4ttning: 100 % polyester\n- Antal fickor: 2\n- Sn\u00f6rning: Justerbart med elastiskt sn\u00f6re\n- Reflekterande remsor: Axlar, armar och kropp\n- Certifiering: EN ISO 20471:2013+A1:2016, RIS\/3279\/TOM ISSUE 1:2016 (orange)","pt":"Camisa de moletom de trabalho com alta visibilidade. Colar alto de cor contrastante. Fechamento com z\u00edper ao longo de todo o comprimento. Presen\u00e7a de dois bolsos frontais laterais com z\u00edper para um armazenamento pr\u00e1tico. O punho \u00e9 ajust\u00e1vel gra\u00e7as a um cord\u00e3o el\u00e1stico. Pulso e punho de cor contrastante para uma melhor visibilidade. Faixa refletora posicionada no ombro, ao redor dos bra\u00e7os e do corpo para uma seguran\u00e7a aumentada. Certificada EN ISO 20471:2013+A1:2016 e RIS\/3279\/TOM ISSUE 1:2016 (apenas para a cor laranja).\n\n- Composi\u00e7\u00e3o: 100% poli\u00e9ster\n- N\u00famero de bolsos: 2\n- Punho: Ajust\u00e1vel com cord\u00e3o el\u00e1stico\n- Faixas refletoras: Ombro, bra\u00e7os e corpo\n- Certifica\u00e7\u00e3o: EN ISO 20471:2013+A1:2016, RIS\/3279\/TOM ISSUE 1:2016 (laranja)","da":"Arbejdspol\u00e6r med forst\u00e6rket synlighed. H\u00f8jt krave i kontrasterende farve. Zip-lukning over hele l\u00e6ngden. To zippede forlommer for praktisk opbevaring. Bunden kan justeres med en elastisk snor. H\u00e5ndled og bund i kontrasterende farve for bedre synlighed. Reflekterende b\u00e5nd placeret p\u00e5 skulderen, omkring armene og kroppen for \u00f8get sikkerhed. Godkendt efter EN ISO 20471:2013+A1:2016 og RIS\/3279\/TOM ISSUE 1:2016 (kun for orange farven).\n\n- Sammens\u00e6tning: 100 % polyester\n- Antal lommer: 2\n- Bund: Justerbar med elastisk snor\n- Reflekterende b\u00e5nd: Skulder, arm og krop\n- Godkendelse: EN ISO 20471:2013+A1:2016, RIS\/3279\/TOM ISSUE 1:2016 (orange)","pl":"Polarka do pracy o podwy\u017cszonej widoczno\u015bci. Wysoki kontrastowy ko\u0142nierz. Zapinana na zamek b\u0142yskawiczny przez ca\u0142\u0105 d\u0142ugo\u015b\u0107. Dwie przednie zewn\u0119trzne kieszenie na zamek b\u0142yskawiczny dla wygodnego przechowywania. Dolny brzeg jest regulowany za pomoc\u0105 sznura elastycznego. Nadgarstki i dolny brzeg w kontrastowym kolorze dla lepszej widoczno\u015bci. Reflektory umieszczone na ramieniu, wok\u00f3\u0142 ramion i tu\u0142owia dla zwi\u0119kszonej bezpiecze\u0144stwa. Spe\u0142nia norm\u0119 EN ISO 20471:2013+A1:2016 i RIS\/3279\/TOM ISSUE 1:2016 (tylko dla koloru pomara\u0144czowego).\n\n- Sk\u0142ad: 100% poliester\n- Liczba kieszeni: 2\n- Dolny brzeg: Regulowany sznurem elastycznym\n- Reflektory: Rami\u0119, ramiona i tu\u0142\u00f3w\n- Certyfikacja: EN ISO 20471:2013+A1:2016, RIS\/3279\/TOM ISSUE 1:2016 (pomara\u0144czowy)"},"h1":{"fr":"Polaire zipp\u00e9e \u00e0 visibilit\u00e9 renforc\u00e9e rx750","en":"High visibility reinforced zippered fleece rx750","de":"Polarjacke mit verst\u00e4rkter Sichtbarkeit rx750","nl":"Zweelflappe met verhoogde zichtbaarheid rx750","es":"Chaqueta polar con visibilidad reforzada rx750","it":"Felpa zip con visibilit\u00e0 migliorata rx750","sv":"Polar med \u00f6kat synlighet med dragkedja rx750","pt":"Camisa de moletom com z\u00edper de alta visibilidade rx750","da":"Zippet jakke med forst\u00e6rket synlighed rx750","pl":"Zapinana polarka o podwy\u017cszonej widoczno\u015bci rx750"},"meta_description":{"fr":"Polaire de travail \u00e0 visibilit\u00e9 renforc\u00e9e. Col montant, fermeture zipp\u00e9e, poches zipp\u00e9es et ourlet r\u00e9glable. Certifi\u00e9e EN ISO 20471:2013+A1:2016.","en":"Work fleece with reinforced visibility. High neck, zip closure, zip pockets and adjustable hem. Certified EN ISO 20471:2013+A1:2016.","de":"Arbeitspolarjacke mit verst\u00e4rkter Sichtbarkeit. Hoher Kragen, Rei\u00dfverschluss, Rei\u00dfverschlusstaschen und verstellbarer Saum. Zertifiziert EN ISO 20471:2013+A1:2016.","nl":"Werkzweelflappe met verhoogde zichtbaarheid. Hoog kraag, ritssluiting, ritszakken en aanpasbare onderrand. Gecertificeerd EN ISO 20471:2013+A1:2016.","es":"Chaqueta de trabajo con visibilidad reforzada. Cuello alto, cierre con cremallera, bolsillos con cremallera y dobladillo ajustable. Certificada EN ISO 20471:2013+A1:2016.","it":"Felpa da lavoro con visibilit\u00e0 migliorata. Collo alto, chiusura zip, tasche zip e orlo regolabile. Certificata EN ISO 20471:2013+A1:2016.","sv":"Arbetspolar med \u00f6kat synlighet. St\u00e5ende krage, dragkedja, fickor med dragkedja och justerbart sn\u00f6rning. Certifierad EN ISO 20471:2013+A1:2016.","pt":"Camisa de moletom de trabalho com alta visibilidade. Colar alto, fechamento com z\u00edper, bolsos com z\u00edper e punho ajust\u00e1vel. Certificada EN ISO 20471:2013+A1:2016.","da":"Arbejdspol\u00e6r med forst\u00e6rket synlighed. H\u00f8jt krave, zip-lukning, zippede lommer og justerbar bund. Godkendt efter EN ISO 20471:2013+A1:2016.","pl":"Polarka do pracy o podwy\u017cszonej widoczno\u015bci. Wysoki ko\u0142nierz, zapinana na zamek b\u0142yskawiczny, kieszenie na zamek b\u0142yskawiczny i regulowany dolny brzeg. Spe\u0142nia norm\u0119 EN ISO 20471:2013+A1:2016."}},"custom":{"title":{"fr":"Polaire zipp\u00e9e \u00e0 visibilit\u00e9 renforc\u00e9e PRO RTX HIGH VISIBILITY personnalisable rx750","en":"High visibility zipped PRO RTX jacket customizable rx750","de":"Rei\u00dfverschluss-Polarjacke mit verst\u00e4rkter Sichtbarkeit PRO RTX HIGH VISIBILITY personalisierbar rx750","nl":"PRO RTX Hoge Zichtbaarheid gebreide jas met ritssluiting personaliseerbaar rx750","es":"Chaqueta polar con visibilidad reforzada PRO RTX HIGH VISIBILITY personalizable rx750","it":"Giacca a vento zip con visibilit\u00e0 migliorata PRO RTX HIGH VISIBILITY personalizzabile rx750","sv":"Ziprad pol\u00e4rjacka med f\u00f6rst\u00e4rkt synlighet PRO RTX HIGH VISIBILITY personaliserbar rx750","pt":"Jaqueta polar com visibilidade refor\u00e7ada PRO RTX HIGH VISIBILITY personaliz\u00e1vel rx750","da":"Zippet polarjakke med forbedret synlighed PRO RTX HIGH VISIBILITY tilpasningsbar rx750","pl":"Zamkni\u0119ty sweter polarowy z wzmocnion\u0105 widoczno\u015bci\u0105 PRO RTX HIGH VISIBILITY personalizowalny rx750"},"description":{"fr":"Polaire de travail \u00e0 visibilit\u00e9 renforc\u00e9e, con\u00e7ue pour offrir confort et s\u00e9curit\u00e9 sur les chantiers et dans les environnements de travail exigeants. Dot\u00e9e d'un col montant contrast\u00e9 et d'une fermeture zipp\u00e9e sur toute la longueur, cette polaire assure une protection efficace contre les conditions climatiques variables. Elle dispose de deux poches lat\u00e9rales zipp\u00e9es pour un rangement pratique des effets personnels, ainsi que d'un ourlet r\u00e9glable par cordon \u00e9lastique pour un ajustement personnalis\u00e9. Les poignets et l'ourlet de couleur contrast\u00e9e am\u00e9liorent la visibilit\u00e9, tandis que les bandes r\u00e9fl\u00e9chissantes situ\u00e9es sur les \u00e9paules, les bras et le corps garantissent une s\u00e9curit\u00e9 accrue dans des conditions de faible luminosit\u00e9. Cette polaire est conforme aux normes EN ISO 20471:2013+A1:2016 et RIS\/3279\/TOM ISSUE 1:2016 (pour la couleur orange uniquement), offrant une protection de classe 3. Disponible en orange HV\/bleu marine et jaune HV\/bleu marine, elle est fabriqu\u00e9e \u00e0 partir de 100 % polyester. Possibilit\u00e9 de personnalisation en broderie pour afficher votre logo ou votre visuel.\n\n- Composition : 100 % polyester\n- Normes : EN ISO 20471:2013+A1:2016, RIS\/3279\/TOM ISSUE 1:2016 (pour la couleur orange)\n- Classe de visibilit\u00e9 : 3","en":"High visibility work jacket designed to provide comfort and safety on construction sites and in demanding work environments. Featuring a contrasting stand-up collar and a full-length zip closure, this jacket offers effective protection against varying weather conditions. It has two zipped side pockets for convenient storage of personal items, as well as an adjustable hem with an elastic drawstring for a personalized fit. The contrasting wrist and hem colors enhance visibility, while the reflective strips on the shoulders, arms, and body ensure increased safety in low light conditions. This jacket complies with the EN ISO 20471:2013+A1:2016 and RIS\/3279\/TOM ISSUE 1:2016 standards (for the orange color only), offering class 3 protection. Available in orange HV\/navy blue and yellow HV\/navy blue, it is made from 100% polyester. Customization options include embroidery to display your logo or visual.","de":"Arbeits-Polarjacke mit verst\u00e4rkter Sichtbarkeit, entwickelt f\u00fcr Komfort und Sicherheit auf Baustellen und in anspruchsvollen Arbeitsumgebungen. Mit hochgestelltem Kontrastkragen und Rei\u00dfverschluss \u00fcber die gesamte L\u00e4nge bietet sie wirksamen Schutz vor wechselhaften Wetterbedingungen. Sie verf\u00fcgt \u00fcber zwei seitliche Rei\u00dfverschluss-Taschen f\u00fcr die praktische Aufbewahrung von pers\u00f6nlichen Gegenst\u00e4nden sowie \u00fcber einen mit Gummizug verstellbaren Saum f\u00fcr eine individuelle Anpassung. Die Kontrastfarben an \u00c4rmeln und Saum verbessern die Sichtbarkeit, w\u00e4hrend die reflektierenden Streifen an Schultern, Armen und K\u00f6rper f\u00fcr erh\u00f6hte Sicherheit bei schlechten Lichtverh\u00e4ltnissen sorgen. Diese Polarjacke entspricht den Normen EN ISO 20471:2013+A1:2016 und RIS\/3279\/TOM ISSUE 1:2016 (nur f\u00fcr die Farbe Orange), bietet Schutz der Klasse 3. Verf\u00fcgbar in Orange HV\/Navy und Gelb HV\/Navy, hergestellt aus 100 % Polyester. M\u00f6glichkeit zur Personalisierung durch Stickerei, um Ihr Logo oder Ihr Bild anzuzeigen.","nl":"Werknemers gebreide jas met hoge zichtbaarheid, ontworpen voor comfort en veiligheid op bouwplaatsen en in veeleisende werkomgevingen. Met een contrastrijke stijgende kraag en een ritsluiting over de volle lengte, biedt deze gebreide jas effectieve bescherming tegen variabele weersomstandigheden. Het heeft twee zijzakkjes met ritsen voor praktisch opslaan van persoonlijke bezittingen, evenals een aanpasbare broekspijp met elastiekkoord voor een op maat gemaakte passvorm. De contrastrijke manchets en broekspijp verbeteren de zichtbaarheid, terwijl de reflecterende banden op de schouders, armen en het lichaam een verhoogde veiligheid garanderen in omstandigheden met weinig licht. Deze gebreide jas voldoet aan de normen EN ISO 20471:2013+A1:2016 en RIS\/3279\/TOM ISSUE 1:2016 (alleen voor de kleur oranje), wat een klasse 3 bescherming biedt. Beschikbaar in oranje HV\/blauw-marine en geel HV\/blauw-marine, gemaakt van 100 % polyester. Mogelijkheid tot personalisatie door borduurwerk om uw logo of visueel te tonen.\n\n- Samenstelling: 100 % polyester\n- Normen: EN ISO 20471:2013+A1:2016, RIS\/3279\/TOM ISSUE 1:2016 (voor de kleur oranje)\n- Zichtbaarheidsklasse: 3","es":"Chaqueta polar de trabajo con visibilidad reforzada, dise\u00f1ada para ofrecer confort y seguridad en los sitios de construcci\u00f3n y en entornos de trabajo exigentes. Con un cuello alto contrastante y una cremallera completa, esta chaqueta asegura una protecci\u00f3n efectiva contra las condiciones clim\u00e1ticas variables. Dispone de dos bolsillos laterales con cremallera para un almacenamiento pr\u00e1ctico de efectos personales, as\u00ed como de un dobladillo ajustable con cord\u00f3n el\u00e1stico para un ajuste personalizado. Las mu\u00f1ecas y el dobladillo de color contrastante mejoran la visibilidad, mientras que las bandas reflectantes en los hombros, los brazos y el cuerpo garantizan una seguridad adicional en condiciones de poca luz. Esta chaqueta cumple con las normas EN ISO 20471:2013+A1:2016 y RIS\/3279\/TOM ISSUE 1:2016 (solo para el color naranja), ofreciendo una protecci\u00f3n de clase 3. Disponible en naranja HV\/azul marino y amarillo HV\/azul marino, est\u00e1 fabricada con 100 % poli\u00e9ster. Posibilidad de personalizaci\u00f3n con bordado para mostrar su logo o su visual.\n\n- Composici\u00f3n: 100 % poli\u00e9ster\n- Normas: EN ISO 20471:2013+A1:2016, RIS\/3279\/TOM ISSUE 1:2016 (para el color naranja)\n- Clase de visibilidad: 3","it":"Giacca a vento da lavoro a visibilit\u00e0 migliorata, progettata per offrire comfort e sicurezza nei cantieri e in ambienti di lavoro impegnativi. Dotata di collo alto contrastante e cerniera lampo per tutta la lunghezza, questa giacca garantisce una protezione efficace contro le condizioni climatiche variabili. Ha due tasche laterali con cerniera per un pratico ripostiglio degli effetti personali, nonch\u00e9 un orlo regolabile con cordino elastico per un adattamento personalizzato. I polsini e l'orlo di colore contrastante migliorano la visibilit\u00e0, mentre le bande riflettenti sulle spalle, le braccia e il corpo garantiscono una sicurezza maggiore in condizioni di scarsa illuminazione. Questa giacca \u00e8 conforme alle norme EN ISO 20471:2013+A1:2016 e RIS\/3279\/TOM ISSUE 1:2016 (per il colore arancione), offrendo una protezione di classe 3. Disponibile in arancione HV\/blu scuro e giallo HV\/blu scuro, \u00e8 realizzata in 100% poliestere. Possibilit\u00e0 di personalizzazione con ricamo per esporre il vostro logo o il vostro visivo.\n\n- Composizione: 100% poliestere\n- Norme: EN ISO 20471:2013+A1:2016, RIS\/3279\/TOM ISSUE 1:2016 (per il colore arancione)\n- Classe di visibilit\u00e0: 3","sv":"Arbetsjacka med f\u00f6rst\u00e4rkt synlighet, utformad f\u00f6r att erbjuda komfort och s\u00e4kerhet p\u00e5 byggarbetsplatser och i kr\u00e4vande arbetsmilj\u00f6er. Med en kontrasterande st\u00e5ende krage och en helt l\u00e4ngd ziprad st\u00e4ngning ger denna jacka effektivt skydd mot varierande v\u00e4derf\u00f6rh\u00e5llanden. Den har tv\u00e5 laterala ziprade fickor f\u00f6r praktisk f\u00f6rvaring av personliga \u00e4godelar, samt en kanth\u00f6jning som kan justeras med ett elastiskt sn\u00f6re f\u00f6r en anpassad passform. Kontrasterande f\u00e4rgade manschett och kanter f\u00f6rb\u00e4ttrar synligheten, medan de reflekterande remsorna p\u00e5 axlarna, armarna och kroppen garanterar \u00f6kad s\u00e4kerhet under l\u00e5gljusf\u00f6rh\u00e5llanden. Denna jacka uppfyller normerna EN ISO 20471:2013+A1:2016 och RIS\/3279\/TOM ISSUE 1:2016 (endast f\u00f6r f\u00e4rgen orange), och erbjuder en klass 3 skydd. Tillg\u00e4nglig i orange HV\/bl\u00e5 marine och gul HV\/bl\u00e5 marine, tillverkad av 100 % polyester. M\u00f6jlighet till personalisering med broderi f\u00f6r att visa ditt logo eller din visuell.","pt":"Jaqueta de trabalho com visibilidade refor\u00e7ada, projetada para oferecer conforto e seguran\u00e7a em canteiros de obras e ambientes de trabalho exigentes. Com um colarinho alto contrastante e um z\u00edper completo, esta jaqueta oferece prote\u00e7\u00e3o eficaz contra condi\u00e7\u00f5es clim\u00e1ticas vari\u00e1veis. Possui dois bolsos laterais com z\u00edper para armazenamento pr\u00e1tico de itens pessoais, al\u00e9m de um punho ajust\u00e1vel com cord\u00e3o el\u00e1stico para um ajuste personalizado. Os punhos e o punho de cor contrastante melhoram a visibilidade, enquanto as tiras refletivas localizadas nos ombros, nos bra\u00e7os e no corpo garantem maior seguran\u00e7a em condi\u00e7\u00f5es de pouca luminosidade. Esta jaqueta atende \u00e0s normas EN ISO 20471:2013+A1:2016 e RIS\/3279\/TOM ISSUE 1:2016 (para a cor laranja), oferecendo prote\u00e7\u00e3o de classe 3. Dispon\u00edvel em laranja HV\/azul marinho e amarelo HV\/azul marinho, \u00e9 fabricada a partir de 100% poli\u00e9ster. Possibilidade de personaliza\u00e7\u00e3o com bordado para exibir seu logotipo ou visual.\n\n- Composi\u00e7\u00e3o: 100% poli\u00e9ster\n- Normas: EN ISO 20471:2013+A1:2016, RIS\/3279\/TOM ISSUE 1:2016 (para a cor laranja)\n- Classe de visibilidade: 3","da":"Arbejdsjakke med forbedret synlighed, designet til at give komfort og sikkerhed p\u00e5 byggerier og i kr\u00e6vende arbejdsmilj\u00f8er. Udstyret med en kontrastfarvet st\u00e5ende krave og en zipper, der l\u00f8ber hele vejen ned, sikrer denne jakke effektiv beskyttelse mod skiftende vejrforhold. Den har to sidezipper til praktisk opbevaring af personlige effekter samt en bund med justerbar snor til en tilpasset pasform. Kontrastfarvede \u00e6rmer og bund forbedrer synligheden, mens reflekterende b\u00e5nd placeret p\u00e5 skuldrene, armene og kroppen sikrer \u00f8get sikkerhed i lavt lys. Denne jakke er i overensstemmelse med normerne EN ISO 20471:2013+A1:2016 og RIS\/3279\/TOM ISSUE 1:2016 (kun for farven orange), og tilbyder klasse 3 beskyttelse. Tilg\u00e6ngelig i orange HV\/m\u00f8rkebl\u00e5 og gul HV\/m\u00f8rkebl\u00e5, den er fremstillet af 100 % polyester. Mulighed for tilpasning med broderi for at vise dit logo eller dit visuelle element.","pl":"Sweter roboczy z wzmocnion\u0105 widoczno\u015bci\u0105, zaprojektowany w celu zapewnienia komfortu i bezpiecze\u0144stwa na budowach i w wymagaj\u0105cych \u015brodowiskach pracy. Z contrastowym stoj\u0105cym ko\u0142nierzem i zamek z zamek b\u0142yskawicznym na ca\u0142ej d\u0142ugo\u015bci, sweter ten zapewnia skuteczn\u0105 ochron\u0119 przed zmiennymi warunkami pogodowymi. Dwa zamek z zamek b\u0142yskawicznym na bocznych kieszeniach umo\u017cliwiaj\u0105 praktyczne przechowywanie przedmiot\u00f3w osobistych, a regulowana obw\u00f3dka z sznur\u00f3wki elastycznej zapewnia indywidualne dopasowanie. Kontrastowe mankiety i obw\u00f3dka poprawiaj\u0105 widoczno\u015b\u0107, a odblaskowe pasy na ramionach, r\u0119kach i tu\u0142owiu gwarantuj\u0105 zwi\u0119kszone bezpiecze\u0144stwo w warunkach s\u0142abego o\u015bwietlenia. Sweter ten spe\u0142nia normy EN ISO 20471:2013+A1:2016 i RIS\/3279\/TOM ISSUE 1:2016 (dla koloru pomara\u0144czowego), zapewniaj\u0105c ochron\u0119 klasy 3. Dost\u0119pny w kolorze pomara\u0144czowym HV\/granatowym i \u017c\u00f3\u0142tym HV\/granatowym, wykonany jest z 100% poliestru. Mo\u017cliwo\u015b\u0107 personalizacji w haftem w celu wy\u015bwietlenia twojego loga lub wzoru.\n\n- Sk\u0142ad: 100% poliestru\n- Normy: EN ISO 20471:2013+A1:2016, RIS\/3279\/TOM ISSUE 1:2016 (dla koloru pomara\u0144czowego)\n- Klasa widoczno\u015bci: 3"},"h1":{"fr":"Polaire de travail zipp\u00e9e \u00e0 visibilit\u00e9 renforc\u00e9e HIGH VISIBILITY personnalisable rx750","en":"Work zipped high visibility jacket customizable rx750","de":"Arbeits-Polarjacke mit Rei\u00dfverschluss und verst\u00e4rkter Sichtbarkeit HIGH VISIBILITY personalisierbar rx750","nl":"Werknemers gebreide jas met ritssluiting met hoge zichtbaarheid Hoge Zichtbaarheid personaliseerbaar rx750","es":"Chaqueta polar de trabajo con cremallera y visibilidad reforzada HIGH VISIBILITY personalizable rx750","it":"Giacca a vento da lavoro zip con visibilit\u00e0 migliorata HIGH VISIBILITY personalizzabile rx750","sv":"Arbetszippad pol\u00e4rjacka med f\u00f6rst\u00e4rkt synlighet HIGH VISIBILITY personaliserbar rx750","pt":"Jaqueta de trabalho com z\u00edper e visibilidade refor\u00e7ada HIGH VISIBILITY personaliz\u00e1vel rx750","da":"Arbejdsjakke zippet med forbedret synlighed HIGH VISIBILITY tilpasningsbar rx750","pl":"Zamkni\u0119ty sweter roboczy z wzmocnion\u0105 widoczno\u015bci\u0105 HIGH VISIBILITY personalizowalny rx750"},"meta_description":{"fr":"Polaire de travail haute visibilit\u00e9 zipp\u00e9e, confortable et durable. Personnalisable en broderie avec votre logo ou visuel. Id\u00e9al pour les professionnels.","en":"Zipped high visibility work jacket, comfortable and durable. Customizable with your logo or visual. Ideal for professionals.","de":"Rei\u00dfverschluss-Arbeits-Polarjacke mit hoher Sichtbarkeit, bequem und haltbar. Mit Ihrem Logo oder Bild per Stickerei personalisierbar. Ideal f\u00fcr Fachkr\u00e4fte.","nl":"Hoge zichtbaarheid gebreide jas met ritssluiting, comfortabel en duurzaam. Persoonlijk te maken met uw logo of visueel. Ideaal voor professionals.","es":"Chaqueta polar de trabajo con visibilidad alta con cremallera, c\u00f3moda y duradera. Personalizable con bordado con su logo o visual. Ideal para profesionales.","it":"Giacca a vento da lavoro alta visibilit\u00e0 zip, confortevole e durevole. Personalizzabile con ricamo del vostro logo o visivo. Ideale per i professionisti.","sv":"Ziprad arbetsjacka med h\u00f6g synlighet, bekv\u00e4m och h\u00e5llbar. Personaliserbar med broderi med ditt logo eller visuell. Idealisk f\u00f6r professionella.","pt":"Jaqueta de trabalho de alta visibilidade com z\u00edper, confort\u00e1vel e dur\u00e1vel. Personaliz\u00e1vel com bordado do seu logotipo ou visual. Ideal para profissionais.","da":"Zippet arbejdsjakke med h\u00f8j synlighed, komfortabel og holdbar. Kan tilpasses med broderi med dit logo eller visuel. Ideel til fagfolk.","pl":"Zamkni\u0119ty sweter roboczy o wysokiej widoczno\u015bci, wygodny i trwa\u0142y. Personalizowalny w haftem z twoim logo lub wzorem. Idealny dla profesjonalist\u00f3w."}}},"categories":[{"id":7,"name":"Polaires","singular":"Polaire","is_feminin":false},{"id":329,"name":"Vestes et gilets de s\u00e9curit\u00e9","singular":"Veste et gilet de s\u00e9curit\u00e9","is_feminin":false},{"id":561,"name":"BTP et Industrie","singular":"BTP et Industrie","is_feminin":false},{"id":572,"name":"Textiles r\u00e9fl\u00e9chissants","singular":"Textile r\u00e9fl\u00e9chissant","is_feminin":false},{"id":13,"name":"Vestes et manteaux","singular":"Veste et manteau","is_feminin":true},{"id":559,"name":"Univers","singular":"Univers","is_feminin":false},{"id":354,"name":"Textile","singular":"Textile","is_feminin":false}],"certifications":[{"id":20,"label":"Amfori BSCI","logo_link":"\/images\/certifications\/20_Amfori_BSCI.jpg","is_marking_compatible":false}],"videos":{"fr":[],"en":[],"de":[],"nl":[],"es":[],"it":[],"sv":[],"pt":[],"da":[],"pl":[]},"main_images":{"miniature":"https:\/\/media.th4.com\/kBPiaVsDH7hRg4KERVbo29YJTZDU58q7YtZnOZ1m7j0\/pr:80\/aHR0cDovL21lZGlhMi5kZXNpZ25wYXJ0bmVyLmZyL2MvcC1NVC8xODE5NS5qcGc?v=1713434653","medium":"https:\/\/media.th4.com\/OFKViM_rQ1ENrC1wNHp-d2AVa79vg62VQZSsxiSKuK8\/pr:550x550greybg\/aHR0cDovL21lZGlhMi5kZXNpZ25wYXJ0bmVyLmZyL2MvcC1NVC8xODE5NS5qcGc?v=1713434653","medium_large":"https:\/\/media.th4.com\/MM2CKs4mwL730y5dzVxSpLFZinmD160F74fY87xwSRs\/pr:1000x1000greybg\/aHR0cDovL21lZGlhMi5kZXNpZ25wYXJ0bmVyLmZyL2MvcC1NVC8xODE5NS5qcGc?v=1713434653","large":"https:\/\/media.th4.com\/OsxnboABRghUWRU43yIszZck9Th0uCbW1jAxwuiq4U8\/pr:1920greybg\/aHR0cDovL21lZGlhMi5kZXNpZ25wYXJ0bmVyLmZyL2MvcC1NVC8xODE5NS5qcGc?v=1713434653","opengraph":"https:\/\/media.th4.com\/e4F51HC7m7HoU0Tx6vPxT-qD6st6ypV7HkMFvIEunaE\/pr:1200x630greybg\/aHR0cDovL21lZGlhMi5kZXNpZ25wYXJ0bmVyLmZyL2MvcC1NVC8xODE5NS5qcGc?v=1713434653"},"main_images_customization":{"miniature":"https:\/\/media.th4.com\/kBPiaVsDH7hRg4KERVbo29YJTZDU58q7YtZnOZ1m7j0\/pr:80\/aHR0cDovL21lZGlhMi5kZXNpZ25wYXJ0bmVyLmZyL2MvcC1NVC8xODE5NS5qcGc?v=1713434653","medium":"https:\/\/media.th4.com\/OFKViM_rQ1ENrC1wNHp-d2AVa79vg62VQZSsxiSKuK8\/pr:550x550greybg\/aHR0cDovL21lZGlhMi5kZXNpZ25wYXJ0bmVyLmZyL2MvcC1NVC8xODE5NS5qcGc?v=1713434653","medium_large":"https:\/\/media.th4.com\/MM2CKs4mwL730y5dzVxSpLFZinmD160F74fY87xwSRs\/pr:1000x1000greybg\/aHR0cDovL21lZGlhMi5kZXNpZ25wYXJ0bmVyLmZyL2MvcC1NVC8xODE5NS5qcGc?v=1713434653","large":"https:\/\/media.th4.com\/OsxnboABRghUWRU43yIszZck9Th0uCbW1jAxwuiq4U8\/pr:1920greybg\/aHR0cDovL21lZGlhMi5kZXNpZ25wYXJ0bmVyLmZyL2MvcC1NVC8xODE5NS5qcGc?v=1713434653","opengraph":"https:\/\/media.th4.com\/e4F51HC7m7HoU0Tx6vPxT-qD6st6ypV7HkMFvIEunaE\/pr:1200x630greybg\/aHR0cDovL21lZGlhMi5kZXNpZ25wYXJ0bmVyLmZyL2MvcC1NVC8xODE5NS5qcGc?v=1713434653"},"page_links":{"fr":"\/fr\/p-pr-rx750-polaire-zippee-a-visibilite-renforcee-rx750-18195\/","en":"\/en\/p-pr-rx750-high-visibility-reinforced-zippered-fleece-rx750-18195\/","de":"\/de\/p-pr-rx750-polarjacke-mit-verstarkter-sichtbarkeit-rx750-18195\/","nl":"\/nl\/p-pr-rx750-zweelflappe-met-verhoogde-zichtbaarheid-rx750-18195\/","es":"\/es\/p-pr-rx750-chaqueta-polar-con-visibilidad-reforzada-rx750-18195\/","it":"\/it\/p-pr-rx750-felpa-zip-con-visibilita-migliorata-rx750-18195\/","sv":"\/sv\/p-pr-rx750-polar-med-okat-synlighet-med-dragkedja-rx750-18195\/","pt":"\/pt\/p-pr-rx750-camisa-de-moletom-com-ziper-de-alta-visibilidade-rx750-18195\/","da":"\/da\/p-pr-rx750-zippet-jakke-med-forstaerket-synlighed-rx750-18195\/","pl":"\/pl\/p-pr-rx750-zapinana-polarka-o-podwyzszonej-widocznosci-rx750-18195\/"},"page_links_customization":{"fr":"\/fr\/p-pr-rx750-polaire-de-travail-zippee-a-visibilite-renforcee-high-visibility-personnalisable-rx750-18195\/custom\/","en":"\/en\/p-pr-rx750-work-zipped-high-visibility-jacket-customizable-rx750-18195\/custom\/","de":"\/de\/p-pr-rx750-arbeits-polarjacke-mit-reiszverschluss-und-verstarkter-sichtbarkeit-high-visibility-personalisierbar-rx750-18195\/custom\/","nl":"\/nl\/p-pr-rx750-werknemers-gebreide-jas-met-ritssluiting-met-hoge-zichtbaarheid-hoge-zichtbaarheid-personaliseerbaar-rx750-18195\/custom\/","es":"\/es\/p-pr-rx750-chaqueta-polar-de-trabajo-con-cremallera-y-visibilidad-reforzada-high-visibility-personalizable-rx750-18195\/custom\/","it":"\/it\/p-pr-rx750-giacca-a-vento-da-lavoro-zip-con-visibilita-migliorata-high-visibility-personalizzabile-rx750-18195\/custom\/","sv":"\/sv\/p-pr-rx750-arbetszippad-polarjacka-med-forstarkt-synlighet-high-visibility-personaliserbar-rx750-18195\/custom\/","pt":"\/pt\/p-pr-rx750-jaqueta-de-trabalho-com-ziper-e-visibilidade-reforcada-high-visibility-personalizavel-rx750-18195\/custom\/","da":"\/da\/p-pr-rx750-arbejdsjakke-zippet-med-forbedret-synlighed-high-visibility-tilpasningsbar-rx750-18195\/custom\/","pl":"\/pl\/p-pr-rx750-zamkniety-sweter-roboczy-z-wzmocniona-widocznoscia-high-visibility-personalizowalny-rx750-18195\/custom\/"},"equivalent_products":[],"colors":[{"id":20885,"name":"hv_yellow\/navy","class_ids":[12,2],"codes_hexa":["fff201","001d44"],"delai_24":false,"has_3d":false,"seuil_global":0,"stock_local":0,"stock_global":313,"on_standby":false,"in_catalog":true,"images":{"miniature":["https:\/\/media.th4.com\/lt_v3QOeKkCj7CwJBaekxpT7O5TFH4a_oFwrAqiBP3U\/pr:80\/aHR0cDovL21lZGlhMi5kZXNpZ25wYXJ0bmVyLmZyL2MvcC8xODE5NS8xODE5NS0yMDg4NS0xLmpwZw?v=1713434601","https:\/\/media.th4.com\/J4qhUopD3NR88cZFqhcJLgoRpr7budQDI_bpu2cP1M0\/pr:80\/aHR0cDovL21lZGlhMi5kZXNpZ25wYXJ0bmVyLmZyL2MvcC8xODE5NS8xODE5NS0yMDg4NS0xMC5qcGc?v=1713434603","https:\/\/media.th4.com\/LQiKh2kNFfOxu8IPOAOoxXHjHk2uATd9Mxy2pAtUGJA\/pr:80\/aHR0cDovL21lZGlhMi5kZXNpZ25wYXJ0bmVyLmZyL2MvcC8xODE5NS8xODE5NS0yMDg4NS0yLmpwZw?v=1713434607"],"medium":["https:\/\/media.th4.com\/J_km-AQwFI17oP3JMU_5MkF7gyjj-0tGczsWPbxaf_Q\/pr:550x550\/aHR0cDovL21lZGlhMi5kZXNpZ25wYXJ0bmVyLmZyL2MvcC8xODE5NS8xODE5NS0yMDg4NS0xLmpwZw?v=1713434601","https:\/\/media.th4.com\/liTCGtmSSvzyxREUmbQQSukfcg8Ril4S_dJbC7AI5fs\/pr:550x550\/aHR0cDovL21lZGlhMi5kZXNpZ25wYXJ0bmVyLmZyL2MvcC8xODE5NS8xODE5NS0yMDg4NS0xMC5qcGc?v=1713434603","https:\/\/media.th4.com\/mAqHqUaW8gtmTSY-wWOIVOuOs0s8MlUBxn3gh8JYyps\/pr:550x550\/aHR0cDovL21lZGlhMi5kZXNpZ25wYXJ0bmVyLmZyL2MvcC8xODE5NS8xODE5NS0yMDg4NS0yLmpwZw?v=1713434607"],"medium_large":["https:\/\/media.th4.com\/MAqEtRmd23vZPvxicMRcelGIzL_yTblYc_Tw2c0Xnrw\/pr:1000x1000\/aHR0cDovL21lZGlhMi5kZXNpZ25wYXJ0bmVyLmZyL2MvcC8xODE5NS8xODE5NS0yMDg4NS0xLmpwZw?v=1713434601","https:\/\/media.th4.com\/T8mT9e_BTwvqXwW2WzSFCiKDntx6yFCb1BRMIOFnnLo\/pr:1000x1000\/aHR0cDovL21lZGlhMi5kZXNpZ25wYXJ0bmVyLmZyL2MvcC8xODE5NS8xODE5NS0yMDg4NS0xMC5qcGc?v=1713434603","https:\/\/media.th4.com\/aeuYffP7oeO60ogZ_dxF0SmnIO6W-BR4pEtzquA9G8w\/pr:1000x1000\/aHR0cDovL21lZGlhMi5kZXNpZ25wYXJ0bmVyLmZyL2MvcC8xODE5NS8xODE5NS0yMDg4NS0yLmpwZw?v=1713434607"],"large":["https:\/\/media.th4.com\/jYMMl00zJFHH3vOidAPUQUt2PTG4kkkvfTZX_P3ivvU\/pr:1920\/aHR0cDovL21lZGlhMi5kZXNpZ25wYXJ0bmVyLmZyL2MvcC8xODE5NS8xODE5NS0yMDg4NS0xLmpwZw?v=1713434601","https:\/\/media.th4.com\/WiwFZLjG_F4TsD-PDZFQCj_v3JdLQCWd0slPleQdDtg\/pr:1920\/aHR0cDovL21lZGlhMi5kZXNpZ25wYXJ0bmVyLmZyL2MvcC8xODE5NS8xODE5NS0yMDg4NS0xMC5qcGc?v=1713434603","https:\/\/media.th4.com\/bV_-dfU9bFNJChP_36s1NI7NoStu2nHOaoc8lGQrX6Q\/pr:1920\/aHR0cDovL21lZGlhMi5kZXNpZ25wYXJ0bmVyLmZyL2MvcC8xODE5NS8xODE5NS0yMDg4NS0yLmpwZw?v=1713434607"],"opengraph":["https:\/\/media.th4.com\/VleZR-Jj454J978719HQuCjQ2-Kn8sqArVMW64RIhOU\/pr:1200x630\/aHR0cDovL21lZGlhMi5kZXNpZ25wYXJ0bmVyLmZyL2MvcC8xODE5NS8xODE5NS0yMDg4NS0xLmpwZw?v=1713434601","https:\/\/media.th4.com\/9UeU2bbZ33PgjWhwN4AsCmq-oSFxUgrCOPkGlHO7jGU\/pr:1200x630\/aHR0cDovL21lZGlhMi5kZXNpZ25wYXJ0bmVyLmZyL2MvcC8xODE5NS8xODE5NS0yMDg4NS0xMC5qcGc?v=1713434603","https:\/\/media.th4.com\/8vzg6tB_HA9FtnqFkFgxDie90SFZKGMOG4oMc2es26E\/pr:1200x630\/aHR0cDovL21lZGlhMi5kZXNpZ25wYXJ0bmVyLmZyL2MvcC8xODE5NS8xODE5NS0yMDg4NS0yLmpwZw?v=1713434607"]},"images_customization":{"miniature":["https:\/\/media.th4.com\/lt_v3QOeKkCj7CwJBaekxpT7O5TFH4a_oFwrAqiBP3U\/pr:80\/aHR0cDovL21lZGlhMi5kZXNpZ25wYXJ0bmVyLmZyL2MvcC8xODE5NS8xODE5NS0yMDg4NS0xLmpwZw?v=1713434601","https:\/\/media.th4.com\/J4qhUopD3NR88cZFqhcJLgoRpr7budQDI_bpu2cP1M0\/pr:80\/aHR0cDovL21lZGlhMi5kZXNpZ25wYXJ0bmVyLmZyL2MvcC8xODE5NS8xODE5NS0yMDg4NS0xMC5qcGc?v=1713434603","https:\/\/media.th4.com\/LQiKh2kNFfOxu8IPOAOoxXHjHk2uATd9Mxy2pAtUGJA\/pr:80\/aHR0cDovL21lZGlhMi5kZXNpZ25wYXJ0bmVyLmZyL2MvcC8xODE5NS8xODE5NS0yMDg4NS0yLmpwZw?v=1713434607"],"medium":["https:\/\/media.th4.com\/J_km-AQwFI17oP3JMU_5MkF7gyjj-0tGczsWPbxaf_Q\/pr:550x550\/aHR0cDovL21lZGlhMi5kZXNpZ25wYXJ0bmVyLmZyL2MvcC8xODE5NS8xODE5NS0yMDg4NS0xLmpwZw?v=1713434601","https:\/\/media.th4.com\/liTCGtmSSvzyxREUmbQQSukfcg8Ril4S_dJbC7AI5fs\/pr:550x550\/aHR0cDovL21lZGlhMi5kZXNpZ25wYXJ0bmVyLmZyL2MvcC8xODE5NS8xODE5NS0yMDg4NS0xMC5qcGc?v=1713434603","https:\/\/media.th4.com\/mAqHqUaW8gtmTSY-wWOIVOuOs0s8MlUBxn3gh8JYyps\/pr:550x550\/aHR0cDovL21lZGlhMi5kZXNpZ25wYXJ0bmVyLmZyL2MvcC8xODE5NS8xODE5NS0yMDg4NS0yLmpwZw?v=1713434607"],"medium_large":["https:\/\/media.th4.com\/MAqEtRmd23vZPvxicMRcelGIzL_yTblYc_Tw2c0Xnrw\/pr:1000x1000\/aHR0cDovL21lZGlhMi5kZXNpZ25wYXJ0bmVyLmZyL2MvcC8xODE5NS8xODE5NS0yMDg4NS0xLmpwZw?v=1713434601","https:\/\/media.th4.com\/T8mT9e_BTwvqXwW2WzSFCiKDntx6yFCb1BRMIOFnnLo\/pr:1000x1000\/aHR0cDovL21lZGlhMi5kZXNpZ25wYXJ0bmVyLmZyL2MvcC8xODE5NS8xODE5NS0yMDg4NS0xMC5qcGc?v=1713434603","https:\/\/media.th4.com\/aeuYffP7oeO60ogZ_dxF0SmnIO6W-BR4pEtzquA9G8w\/pr:1000x1000\/aHR0cDovL21lZGlhMi5kZXNpZ25wYXJ0bmVyLmZyL2MvcC8xODE5NS8xODE5NS0yMDg4NS0yLmpwZw?v=1713434607"],"large":["https:\/\/media.th4.com\/jYMMl00zJFHH3vOidAPUQUt2PTG4kkkvfTZX_P3ivvU\/pr:1920\/aHR0cDovL21lZGlhMi5kZXNpZ25wYXJ0bmVyLmZyL2MvcC8xODE5NS8xODE5NS0yMDg4NS0xLmpwZw?v=1713434601","https:\/\/media.th4.com\/WiwFZLjG_F4TsD-PDZFQCj_v3JdLQCWd0slPleQdDtg\/pr:1920\/aHR0cDovL21lZGlhMi5kZXNpZ25wYXJ0bmVyLmZyL2MvcC8xODE5NS8xODE5NS0yMDg4NS0xMC5qcGc?v=1713434603","https:\/\/media.th4.com\/bV_-dfU9bFNJChP_36s1NI7NoStu2nHOaoc8lGQrX6Q\/pr:1920\/aHR0cDovL21lZGlhMi5kZXNpZ25wYXJ0bmVyLmZyL2MvcC8xODE5NS8xODE5NS0yMDg4NS0yLmpwZw?v=1713434607"],"opengraph":["https:\/\/media.th4.com\/VleZR-Jj454J978719HQuCjQ2-Kn8sqArVMW64RIhOU\/pr:1200x630\/aHR0cDovL21lZGlhMi5kZXNpZ25wYXJ0bmVyLmZyL2MvcC8xODE5NS8xODE5NS0yMDg4NS0xLmpwZw?v=1713434601","https:\/\/media.th4.com\/9UeU2bbZ33PgjWhwN4AsCmq-oSFxUgrCOPkGlHO7jGU\/pr:1200x630\/aHR0cDovL21lZGlhMi5kZXNpZ25wYXJ0bmVyLmZyL2MvcC8xODE5NS8xODE5NS0yMDg4NS0xMC5qcGc?v=1713434603","https:\/\/media.th4.com\/8vzg6tB_HA9FtnqFkFgxDie90SFZKGMOG4oMc2es26E\/pr:1200x630\/aHR0cDovL21lZGlhMi5kZXNpZ25wYXJ0bmVyLmZyL2MvcC8xODE5NS8xODE5NS0yMDg4NS0yLmpwZw?v=1713434607"]},"country_origin":"CN","traceability":{"manufacturing_country_id":61,"weaving_country_id":61,"dyeing_country_id":61},"sizes":[{"id":3,"article_id":461982,"class_id":3,"name":"S","on_standby":false,"stock_local":0,"stock_global":21,"multiple":1,"estimated_date_reassort":null,"is_destocking":false},{"id":2,"article_id":461983,"class_id":4,"name":"M","on_standby":false,"stock_local":0,"stock_global":196,"multiple":1,"estimated_date_reassort":null,"is_destocking":false},{"id":1,"article_id":461984,"class_id":5,"name":"L","on_standby":false,"stock_local":0,"stock_global":27,"multiple":1,"estimated_date_reassort":null,"is_destocking":false},{"id":4,"article_id":461985,"class_id":6,"name":"XL","on_standby":false,"stock_local":0,"stock_global":31,"multiple":1,"estimated_date_reassort":null,"is_destocking":false},{"id":1116,"article_id":461986,"class_id":7,"name":"2XL","on_standby":false,"stock_local":0,"stock_global":17,"multiple":1,"estimated_date_reassort":null,"is_destocking":false},{"id":16,"article_id":461988,"class_id":9,"name":"4XL","on_standby":false,"stock_local":0,"stock_global":21,"multiple":1,"estimated_date_reassort":null,"is_destocking":false}],"page_links":{"fr":"\/fr\/p-pr-rx750-polaire-zippee-a-visibilite-renforcee-rx750-18195\/hv-yellow-navy-20885\/","en":"\/en\/p-pr-rx750-high-visibility-reinforced-zippered-fleece-rx750-18195\/hv-yellow-navy-20885\/","de":"\/de\/p-pr-rx750-polarjacke-mit-verstarkter-sichtbarkeit-rx750-18195\/hv-yellow-navy-20885\/","nl":"\/nl\/p-pr-rx750-zweelflappe-met-verhoogde-zichtbaarheid-rx750-18195\/hv-yellow-navy-20885\/","es":"\/es\/p-pr-rx750-chaqueta-polar-con-visibilidad-reforzada-rx750-18195\/hv-yellow-navy-20885\/","it":"\/it\/p-pr-rx750-felpa-zip-con-visibilita-migliorata-rx750-18195\/hv-yellow-navy-20885\/","sv":"\/sv\/p-pr-rx750-polar-med-okat-synlighet-med-dragkedja-rx750-18195\/hv-yellow-navy-20885\/","pt":"\/pt\/p-pr-rx750-camisa-de-moletom-com-ziper-de-alta-visibilidade-rx750-18195\/hv-yellow-navy-20885\/","da":"\/da\/p-pr-rx750-zippet-jakke-med-forstaerket-synlighed-rx750-18195\/hv-yellow-navy-20885\/","pl":"\/pl\/p-pr-rx750-zapinana-polarka-o-podwyzszonej-widocznosci-rx750-18195\/hv-yellow-navy-20885\/"},"page_links_customization":{"fr":"\/fr\/p-pr-rx750-polaire-de-travail-zippee-a-visibilite-renforcee-high-visibility-personnalisable-rx750-18195\/hv-yellow-navy-20885\/custom\/","en":"\/en\/p-pr-rx750-work-zipped-high-visibility-jacket-customizable-rx750-18195\/hv-yellow-navy-20885\/custom\/","de":"\/de\/p-pr-rx750-arbeits-polarjacke-mit-reiszverschluss-und-verstarkter-sichtbarkeit-high-visibility-personalisierbar-rx750-18195\/hv-yellow-navy-20885\/custom\/","nl":"\/nl\/p-pr-rx750-werknemers-gebreide-jas-met-ritssluiting-met-hoge-zichtbaarheid-hoge-zichtbaarheid-personaliseerbaar-rx750-18195\/hv-yellow-navy-20885\/custom\/","es":"\/es\/p-pr-rx750-chaqueta-polar-de-trabajo-con-cremallera-y-visibilidad-reforzada-high-visibility-personalizable-rx750-18195\/hv-yellow-navy-20885\/custom\/","it":"\/it\/p-pr-rx750-giacca-a-vento-da-lavoro-zip-con-visibilita-migliorata-high-visibility-personalizzabile-rx750-18195\/hv-yellow-navy-20885\/custom\/","sv":"\/sv\/p-pr-rx750-arbetszippad-polarjacka-med-forstarkt-synlighet-high-visibility-personaliserbar-rx750-18195\/hv-yellow-navy-20885\/custom\/","pt":"\/pt\/p-pr-rx750-jaqueta-de-trabalho-com-ziper-e-visibilidade-reforcada-high-visibility-personalizavel-rx750-18195\/hv-yellow-navy-20885\/custom\/","da":"\/da\/p-pr-rx750-arbejdsjakke-zippet-med-forbedret-synlighed-high-visibility-tilpasningsbar-rx750-18195\/hv-yellow-navy-20885\/custom\/","pl":"\/pl\/p-pr-rx750-zamkniety-sweter-roboczy-z-wzmocniona-widocznoscia-high-visibility-personalizowalny-rx750-18195\/hv-yellow-navy-20885\/custom\/"}},{"id":20905,"name":"hv_orange\/navy","class_ids":[9,2],"codes_hexa":["f47920","001d44"],"delai_24":false,"has_3d":false,"seuil_global":0,"stock_local":0,"stock_global":124,"on_standby":false,"in_catalog":true,"images":{"miniature":["https:\/\/media.th4.com\/rZvyn5RSJSnij6812DEB9snd-sdkbFviaX1AyUfEbTc\/pr:80\/aHR0cDovL21lZGlhMi5kZXNpZ25wYXJ0bmVyLmZyL2MvcC8xODE5NS8xODE5NS0yMDkwNS0xLmpwZw?v=1713434592","https:\/\/media.th4.com\/Unzq1A2wHxK7gD4_8kjy2aJ8DtrSXHX6pyrH4J35j9Y\/pr:80\/aHR0cDovL21lZGlhMi5kZXNpZ25wYXJ0bmVyLmZyL2MvcC8xODE5NS8xODE5NS0yMDkwNS0xMC5qcGc?v=1713434594","https:\/\/media.th4.com\/dtdcDxtcSYrZN-SK3iZIKln2eCmDa71MFonn8Z7_2s8\/pr:80\/aHR0cDovL21lZGlhMi5kZXNpZ25wYXJ0bmVyLmZyL2MvcC8xODE5NS8xODE5NS0yMDkwNS0yLmpwZw?v=1713434597"],"medium":["https:\/\/media.th4.com\/FBASQaUHv6nhS7W2hu9ZIrwlfBjXerGvs3q_qFnxB_g\/pr:550x550\/aHR0cDovL21lZGlhMi5kZXNpZ25wYXJ0bmVyLmZyL2MvcC8xODE5NS8xODE5NS0yMDkwNS0xLmpwZw?v=1713434592","https:\/\/media.th4.com\/T6ibA_B_93XlpNRohdShLpC6E-Q-bi8eoxJAxncJT2g\/pr:550x550\/aHR0cDovL21lZGlhMi5kZXNpZ25wYXJ0bmVyLmZyL2MvcC8xODE5NS8xODE5NS0yMDkwNS0xMC5qcGc?v=1713434594","https:\/\/media.th4.com\/42wdlYw_023_t6fvBStToJ79066cbFiodxKY8GzmTU0\/pr:550x550\/aHR0cDovL21lZGlhMi5kZXNpZ25wYXJ0bmVyLmZyL2MvcC8xODE5NS8xODE5NS0yMDkwNS0yLmpwZw?v=1713434597"],"medium_large":["https:\/\/media.th4.com\/g9Fun1LSnBAPZu1EOjUIxj2_OQmVWRDS6IPOkctmL_s\/pr:1000x1000\/aHR0cDovL21lZGlhMi5kZXNpZ25wYXJ0bmVyLmZyL2MvcC8xODE5NS8xODE5NS0yMDkwNS0xLmpwZw?v=1713434592","https:\/\/media.th4.com\/kslu65U1HLcyx59bYPh0Uc2DX44IQve06YpQhL7oFY8\/pr:1000x1000\/aHR0cDovL21lZGlhMi5kZXNpZ25wYXJ0bmVyLmZyL2MvcC8xODE5NS8xODE5NS0yMDkwNS0xMC5qcGc?v=1713434594","https:\/\/media.th4.com\/Ly32XgPTkn0iUyYpwU9fEbEIxjVryZulRx8q5euewTs\/pr:1000x1000\/aHR0cDovL21lZGlhMi5kZXNpZ25wYXJ0bmVyLmZyL2MvcC8xODE5NS8xODE5NS0yMDkwNS0yLmpwZw?v=1713434597"],"large":["https:\/\/media.th4.com\/70WCeFhH3Oj8e_C4qv6ymPEQUME--AreOJgtmpEDoh0\/pr:1920\/aHR0cDovL21lZGlhMi5kZXNpZ25wYXJ0bmVyLmZyL2MvcC8xODE5NS8xODE5NS0yMDkwNS0xLmpwZw?v=1713434592","https:\/\/media.th4.com\/_HTSyboMA2uaL3wX-ohdbYxLtBTqizx4XH_umFZcxac\/pr:1920\/aHR0cDovL21lZGlhMi5kZXNpZ25wYXJ0bmVyLmZyL2MvcC8xODE5NS8xODE5NS0yMDkwNS0xMC5qcGc?v=1713434594","https:\/\/media.th4.com\/KNwvG4lGLQqDRFtxy96MgVdtubtvghHzFtv7iKqcWmE\/pr:1920\/aHR0cDovL21lZGlhMi5kZXNpZ25wYXJ0bmVyLmZyL2MvcC8xODE5NS8xODE5NS0yMDkwNS0yLmpwZw?v=1713434597"],"opengraph":["https:\/\/media.th4.com\/-uBI_S2d_-tfxVlEYJ1NnkLMI5iTl7lYv48S8QGzfZU\/pr:1200x630\/aHR0cDovL21lZGlhMi5kZXNpZ25wYXJ0bmVyLmZyL2MvcC8xODE5NS8xODE5NS0yMDkwNS0xLmpwZw?v=1713434592","https:\/\/media.th4.com\/nYMX3XYpZlNYh6GHWDeX1YsRnCexagwDEHxXiMf3OJw\/pr:1200x630\/aHR0cDovL21lZGlhMi5kZXNpZ25wYXJ0bmVyLmZyL2MvcC8xODE5NS8xODE5NS0yMDkwNS0xMC5qcGc?v=1713434594","https:\/\/media.th4.com\/wsy4-832Hmer2X5o6xJ7vxgOXwEmlXDX7Qa7QlHWN4M\/pr:1200x630\/aHR0cDovL21lZGlhMi5kZXNpZ25wYXJ0bmVyLmZyL2MvcC8xODE5NS8xODE5NS0yMDkwNS0yLmpwZw?v=1713434597"]},"images_customization":{"miniature":["https:\/\/media.th4.com\/rZvyn5RSJSnij6812DEB9snd-sdkbFviaX1AyUfEbTc\/pr:80\/aHR0cDovL21lZGlhMi5kZXNpZ25wYXJ0bmVyLmZyL2MvcC8xODE5NS8xODE5NS0yMDkwNS0xLmpwZw?v=1713434592","https:\/\/media.th4.com\/Unzq1A2wHxK7gD4_8kjy2aJ8DtrSXHX6pyrH4J35j9Y\/pr:80\/aHR0cDovL21lZGlhMi5kZXNpZ25wYXJ0bmVyLmZyL2MvcC8xODE5NS8xODE5NS0yMDkwNS0xMC5qcGc?v=1713434594","https:\/\/media.th4.com\/dtdcDxtcSYrZN-SK3iZIKln2eCmDa71MFonn8Z7_2s8\/pr:80\/aHR0cDovL21lZGlhMi5kZXNpZ25wYXJ0bmVyLmZyL2MvcC8xODE5NS8xODE5NS0yMDkwNS0yLmpwZw?v=1713434597"],"medium":["https:\/\/media.th4.com\/FBASQaUHv6nhS7W2hu9ZIrwlfBjXerGvs3q_qFnxB_g\/pr:550x550\/aHR0cDovL21lZGlhMi5kZXNpZ25wYXJ0bmVyLmZyL2MvcC8xODE5NS8xODE5NS0yMDkwNS0xLmpwZw?v=1713434592","https:\/\/media.th4.com\/T6ibA_B_93XlpNRohdShLpC6E-Q-bi8eoxJAxncJT2g\/pr:550x550\/aHR0cDovL21lZGlhMi5kZXNpZ25wYXJ0bmVyLmZyL2MvcC8xODE5NS8xODE5NS0yMDkwNS0xMC5qcGc?v=1713434594","https:\/\/media.th4.com\/42wdlYw_023_t6fvBStToJ79066cbFiodxKY8GzmTU0\/pr:550x550\/aHR0cDovL21lZGlhMi5kZXNpZ25wYXJ0bmVyLmZyL2MvcC8xODE5NS8xODE5NS0yMDkwNS0yLmpwZw?v=1713434597"],"medium_large":["https:\/\/media.th4.com\/g9Fun1LSnBAPZu1EOjUIxj2_OQmVWRDS6IPOkctmL_s\/pr:1000x1000\/aHR0cDovL21lZGlhMi5kZXNpZ25wYXJ0bmVyLmZyL2MvcC8xODE5NS8xODE5NS0yMDkwNS0xLmpwZw?v=1713434592","https:\/\/media.th4.com\/kslu65U1HLcyx59bYPh0Uc2DX44IQve06YpQhL7oFY8\/pr:1000x1000\/aHR0cDovL21lZGlhMi5kZXNpZ25wYXJ0bmVyLmZyL2MvcC8xODE5NS8xODE5NS0yMDkwNS0xMC5qcGc?v=1713434594","https:\/\/media.th4.com\/Ly32XgPTkn0iUyYpwU9fEbEIxjVryZulRx8q5euewTs\/pr:1000x1000\/aHR0cDovL21lZGlhMi5kZXNpZ25wYXJ0bmVyLmZyL2MvcC8xODE5NS8xODE5NS0yMDkwNS0yLmpwZw?v=1713434597"],"large":["https:\/\/media.th4.com\/70WCeFhH3Oj8e_C4qv6ymPEQUME--AreOJgtmpEDoh0\/pr:1920\/aHR0cDovL21lZGlhMi5kZXNpZ25wYXJ0bmVyLmZyL2MvcC8xODE5NS8xODE5NS0yMDkwNS0xLmpwZw?v=1713434592","https:\/\/media.th4.com\/_HTSyboMA2uaL3wX-ohdbYxLtBTqizx4XH_umFZcxac\/pr:1920\/aHR0cDovL21lZGlhMi5kZXNpZ25wYXJ0bmVyLmZyL2MvcC8xODE5NS8xODE5NS0yMDkwNS0xMC5qcGc?v=1713434594","https:\/\/media.th4.com\/KNwvG4lGLQqDRFtxy96MgVdtubtvghHzFtv7iKqcWmE\/pr:1920\/aHR0cDovL21lZGlhMi5kZXNpZ25wYXJ0bmVyLmZyL2MvcC8xODE5NS8xODE5NS0yMDkwNS0yLmpwZw?v=1713434597"],"opengraph":["https:\/\/media.th4.com\/-uBI_S2d_-tfxVlEYJ1NnkLMI5iTl7lYv48S8QGzfZU\/pr:1200x630\/aHR0cDovL21lZGlhMi5kZXNpZ25wYXJ0bmVyLmZyL2MvcC8xODE5NS8xODE5NS0yMDkwNS0xLmpwZw?v=1713434592","https:\/\/media.th4.com\/nYMX3XYpZlNYh6GHWDeX1YsRnCexagwDEHxXiMf3OJw\/pr:1200x630\/aHR0cDovL21lZGlhMi5kZXNpZ25wYXJ0bmVyLmZyL2MvcC8xODE5NS8xODE5NS0yMDkwNS0xMC5qcGc?v=1713434594","https:\/\/media.th4.com\/wsy4-832Hmer2X5o6xJ7vxgOXwEmlXDX7Qa7QlHWN4M\/pr:1200x630\/aHR0cDovL21lZGlhMi5kZXNpZ25wYXJ0bmVyLmZyL2MvcC8xODE5NS8xODE5NS0yMDkwNS0yLmpwZw?v=1713434597"]},"country_origin":"CN","traceability":{"manufacturing_country_id":61,"weaving_country_id":61,"dyeing_country_id":61},"sizes":[{"id":3,"article_id":461974,"class_id":3,"name":"S","on_standby":false,"stock_local":0,"stock_global":19,"multiple":1,"estimated_date_reassort":null,"is_destocking":false},{"id":2,"article_id":461975,"class_id":4,"name":"M","on_standby":false,"stock_local":0,"stock_global":24,"multiple":1,"estimated_date_reassort":null,"is_destocking":false},{"id":1,"article_id":461976,"class_id":5,"name":"L","on_standby":false,"stock_local":0,"stock_global":37,"multiple":1,"estimated_date_reassort":null,"is_destocking":false},{"id":4,"article_id":461977,"class_id":6,"name":"XL","on_standby":false,"stock_local":0,"stock_global":17,"multiple":1,"estimated_date_reassort":null,"is_destocking":false},{"id":1116,"article_id":461978,"class_id":7,"name":"2XL","on_standby":false,"stock_local":0,"stock_global":13,"multiple":1,"estimated_date_reassort":null,"is_destocking":false},{"id":1081,"article_id":461979,"class_id":8,"name":"3XL","on_standby":false,"stock_local":0,"stock_global":1,"multiple":1,"estimated_date_reassort":null,"is_destocking":false},{"id":16,"article_id":461980,"class_id":9,"name":"4XL","on_standby":false,"stock_local":0,"stock_global":6,"multiple":1,"estimated_date_reassort":null,"is_destocking":false},{"id":168,"article_id":461981,"class_id":10,"name":"5XL","on_standby":false,"stock_local":0,"stock_global":7,"multiple":1,"estimated_date_reassort":null,"is_destocking":false}],"page_links":{"fr":"\/fr\/p-pr-rx750-polaire-zippee-a-visibilite-renforcee-rx750-18195\/hv-orange-navy-20905\/","en":"\/en\/p-pr-rx750-high-visibility-reinforced-zippered-fleece-rx750-18195\/hv-orange-navy-20905\/","de":"\/de\/p-pr-rx750-polarjacke-mit-verstarkter-sichtbarkeit-rx750-18195\/hv-orange-navy-20905\/","nl":"\/nl\/p-pr-rx750-zweelflappe-met-verhoogde-zichtbaarheid-rx750-18195\/hv-orange-navy-20905\/","es":"\/es\/p-pr-rx750-chaqueta-polar-con-visibilidad-reforzada-rx750-18195\/hv-orange-navy-20905\/","it":"\/it\/p-pr-rx750-felpa-zip-con-visibilita-migliorata-rx750-18195\/hv-orange-navy-20905\/","sv":"\/sv\/p-pr-rx750-polar-med-okat-synlighet-med-dragkedja-rx750-18195\/hv-orange-navy-20905\/","pt":"\/pt\/p-pr-rx750-camisa-de-moletom-com-ziper-de-alta-visibilidade-rx750-18195\/hv-orange-navy-20905\/","da":"\/da\/p-pr-rx750-zippet-jakke-med-forstaerket-synlighed-rx750-18195\/hv-orange-navy-20905\/","pl":"\/pl\/p-pr-rx750-zapinana-polarka-o-podwyzszonej-widocznosci-rx750-18195\/hv-orange-navy-20905\/"},"page_links_customization":{"fr":"\/fr\/p-pr-rx750-polaire-de-travail-zippee-a-visibilite-renforcee-high-visibility-personnalisable-rx750-18195\/hv-orange-navy-20905\/custom\/","en":"\/en\/p-pr-rx750-work-zipped-high-visibility-jacket-customizable-rx750-18195\/hv-orange-navy-20905\/custom\/","de":"\/de\/p-pr-rx750-arbeits-polarjacke-mit-reiszverschluss-und-verstarkter-sichtbarkeit-high-visibility-personalisierbar-rx750-18195\/hv-orange-navy-20905\/custom\/","nl":"\/nl\/p-pr-rx750-werknemers-gebreide-jas-met-ritssluiting-met-hoge-zichtbaarheid-hoge-zichtbaarheid-personaliseerbaar-rx750-18195\/hv-orange-navy-20905\/custom\/","es":"\/es\/p-pr-rx750-chaqueta-polar-de-trabajo-con-cremallera-y-visibilidad-reforzada-high-visibility-personalizable-rx750-18195\/hv-orange-navy-20905\/custom\/","it":"\/it\/p-pr-rx750-giacca-a-vento-da-lavoro-zip-con-visibilita-migliorata-high-visibility-personalizzabile-rx750-18195\/hv-orange-navy-20905\/custom\/","sv":"\/sv\/p-pr-rx750-arbetszippad-polarjacka-med-forstarkt-synlighet-high-visibility-personaliserbar-rx750-18195\/hv-orange-navy-20905\/custom\/","pt":"\/pt\/p-pr-rx750-jaqueta-de-trabalho-com-ziper-e-visibilidade-reforcada-high-visibility-personalizavel-rx750-18195\/hv-orange-navy-20905\/custom\/","da":"\/da\/p-pr-rx750-arbejdsjakke-zippet-med-forbedret-synlighed-high-visibility-tilpasningsbar-rx750-18195\/hv-orange-navy-20905\/custom\/","pl":"\/pl\/p-pr-rx750-zamkniety-sweter-roboczy-z-wzmocniona-widocznoscia-high-visibility-personalizowalny-rx750-18195\/hv-orange-navy-20905\/custom\/"}}],"documentation_link":"\/pdf\/18195.pdf","countries_availables":["AD","AE","AL","AT","BA","BD","BE","BG","BL","CA","CH","CN","CO","CY","CZ","DE","DK","DO","EE","EG","ES","ET","FI","FR","GB","GE","GF","GP","GR","GT","HK","HN","HR","HT","HU","ID","IE","IN","IS","IT","JO","JP","KE","KH","KP","KR","LA","LK","LS","LT","LU","LV","MA","MF","MG","MK","MM","MN","MQ","MT","MX","MY","NC","NI","NL","PF","PH","PK","PL","PM","PT","RE","RO","SE","SG","SI","SK","SV","SY","TH","TN","TR","TW","TZ","US","VN","WF","YT"]},"infos_customization":[],"features":{"authorize_multi_surfaces":true,"display_order_delay_type":true,"promote_surface_display":true,"tarification_franco_offert":true,"enabled_3d_editor":false},"markings":[{"id":0,"nom":"vierge","finition":null,"libelle":null,"code":null,"dpi":null,"finesse_forme_isolee":null,"finesse_forme_non_isolee":null,"hauteur_minimale_texte":null,"inactif":0,"marquage_interne":1,"quantite_min":null,"parent_id":null,"print_on_support":0,"content":"vierge","description":null},{"id":2,"nom":"fonce","finition":"optimale","libelle":"TopQuadri","code":null,"dpi":400,"finesse_forme_isolee":"0.040","finesse_forme_non_isolee":"0.700","hauteur_minimale_texte":2,"inactif":0,"marquage_interne":1,"quantite_min":null,"parent_id":18,"print_on_support":0,"content":"TopQuadri","description":"pour petites et moyennes s\u00e9ries"},{"id":3,"nom":"serigraphie","finition":"serigraphie","libelle":"SeriCoat","code":null,"dpi":400,"finesse_forme_isolee":"0.040","finesse_forme_non_isolee":"0.700","hauteur_minimale_texte":2,"inactif":0,"marquage_interne":1,"quantite_min":15,"parent_id":18,"print_on_support":0,"content":"SeriCoat","description":"pour moyennes et grandes s\u00e9ries"},{"id":4,"nom":"broderie","finition":"broderie","libelle":"Broderie","code":null,"dpi":400,"finesse_forme_isolee":"0.040","finesse_forme_non_isolee":"0.700","hauteur_minimale_texte":3,"inactif":0,"marquage_interne":1,"quantite_min":null,"parent_id":null,"print_on_support":0,"content":"Broderie","description":null},{"id":8,"nom":"theme","finition":null,"libelle":"Th\u00e8me","code":null,"dpi":null,"finesse_forme_isolee":null,"finesse_forme_non_isolee":null,"hauteur_minimale_texte":null,"inactif":0,"marquage_interne":1,"quantite_min":null,"parent_id":null,"print_on_support":0,"content":"Th\u00e8me","description":null},{"id":9,"nom":"sans","finition":null,"libelle":null,"code":null,"dpi":null,"finesse_forme_isolee":null,"finesse_forme_non_isolee":null,"hauteur_minimale_texte":null,"inactif":0,"marquage_interne":1,"quantite_min":null,"parent_id":null,"print_on_support":0,"content":"sans","description":null},{"id":10,"nom":"photo","finition":null,"libelle":"Photo","code":null,"dpi":null,"finesse_forme_isolee":null,"finesse_forme_non_isolee":null,"hauteur_minimale_texte":null,"inactif":0,"marquage_interne":1,"quantite_min":null,"parent_id":null,"print_on_support":0,"content":"Photo","description":null},{"id":14,"nom":"couleur","finition":null,"libelle":"Couleur","code":null,"dpi":null,"finesse_forme_isolee":null,"finesse_forme_non_isolee":null,"hauteur_minimale_texte":null,"inactif":0,"marquage_interne":1,"quantite_min":null,"parent_id":null,"print_on_support":0,"content":"Couleur","description":null},{"id":15,"nom":"sublimation","finition":"sublimation","libelle":"Sublimation","code":null,"dpi":null,"finesse_forme_isolee":"0.000","finesse_forme_non_isolee":"0.000","hauteur_minimale_texte":2,"inactif":0,"marquage_interne":1,"quantite_min":null,"parent_id":null,"print_on_support":0,"content":"Sublimation","description":null},{"id":16,"nom":"topquadri_uv","finition":null,"libelle":"TopQuadri UV","code":null,"dpi":null,"finesse_forme_isolee":"0.020","finesse_forme_non_isolee":"0.700","hauteur_minimale_texte":2,"inactif":0,"marquage_interne":1,"quantite_min":null,"parent_id":null,"print_on_support":1,"content":null,"description":null},{"id":17,"nom":"topquadri_uvp","finition":null,"libelle":"TopQuadri UVP","code":null,"dpi":null,"finesse_forme_isolee":"0.020","finesse_forme_non_isolee":"0.700","hauteur_minimale_texte":2,"inactif":0,"marquage_interne":1,"quantite_min":null,"parent_id":null,"print_on_support":1,"content":null,"description":null},{"id":18,"nom":"quadri","finition":null,"libelle":"Impression","code":null,"dpi":null,"finesse_forme_isolee":null,"finesse_forme_non_isolee":null,"hauteur_minimale_texte":null,"inactif":0,"marquage_interne":1,"quantite_min":null,"parent_id":null,"print_on_support":0,"content":null,"description":null}]}}