{"data":{"product":{"id":1816,"titre":"Workwear Soft Shell Jacket","description":"400 g\/m\u00b2, 96 % polyester, 4 % \u00e9lasthane, soft shell 3L canvas, doublure: 100 % polyester, coupe-vent et imperm\u00e9able, col droit avec bande de propret\u00e9, fermeture \u00e0 glissi\u00e8re compl\u00e8te YKK avec prot\u00e8ge-menton, poches de c\u00f4t\u00e9 et int\u00e9rieure avec fermeture \u00e0 glissi\u00e8re, diverses coutures d\u00e9coratives sur le devant, cordon de serrage \u00e0 la base, dos allong\u00e9.","genre":"homme","grammage":400,"conditionnement":12,"composition":"polyester","reference":"447.00","reference_visible":"ru-r-018m-0","reference_fabricant":"R-018M-0","ref_xor":"741725","in_catalog":true,"is_transfer":false,"is_service":false,"on_standby":false,"has_3d":false,"has_size_guide":false,"has_marking":true,"has_vierge":true,"is_cross_sellable":false,"id_picto":27,"filename_3d":null,"brand":{"id":9,"name":"Russell Athletic","logo":"logo-russell-athletic.png","image":"https:\/\/media.th4.com\/lvID94aiCqJdRutsnvi3vD5FG0A_J1LLVgE7sedpwVI\/pr:brand70x70\/aHR0cDovL21lZGlhMi5kZXNpZ25wYXJ0bmVyLmZyL2MvbS9sb2dvLXJ1c3NlbGwtYXRobGV0aWMucG5n?v=1770727329"},"price_infos":{"price_from":17.27,"quantity":5,"color":{"id":3994,"name":"black"},"size":{"id":5,"name":"XS"}},"price_infos_marking":{"price_from":38.16,"quantity":3,"color":{"id":3994,"name":"black"},"size":{"id":5,"name":"XS"},"marking":{"id":4,"name":""},"emplacement":"avant","surface_emplacement_id":1,"surface":"coeur"},"i18n":{"blank":{"title":{"fr":"Workwear soft shell jacket RUSSELL r-018m-0","en":"Workwear soft shell jacket RUSSELL r-018m-0","de":"Workwear Softshell-Jacke RUSSELL r-018m-0","nl":"Workwear softshell jasjeck RUSSELL r-018m-0","es":"Chaqueta soft shell de workwear RUSSELL r-018m-0","it":"Giacca soft shell workwear RUSSELL r-018m-0","sv":"Workwear soft shell jacka RUSSELL r-018m-0","pt":"Jaqueta de casaco macio Workwear RUSSELL r-018m-0","da":"Workwear soft shell jakke RUSSELL r-018m-0","pl":"Workwear soft shell kurtka RUSSELL r-018m-0"},"description":{"fr":"La veste Workwear soft shell canvas offre une protection efficace contre les \u00e9l\u00e9ments. Sa conception 3 couches assure une imperm\u00e9abilit\u00e9 et une r\u00e9sistance au vent optimales. La doublure en polyester assure un confort accru. Cette veste est \u00e9quip\u00e9e d'un col droit avec bande de propret\u00e9, d'une fermeture \u00e0 glissi\u00e8re compl\u00e8te YKK avec prot\u00e8ge-menton, ainsi que de poches de c\u00f4t\u00e9 et int\u00e9rieures zipp\u00e9es pour un rangement s\u00e9curis\u00e9. Les coutures d\u00e9coratives sur le devant ajoutent une touche esth\u00e9tique discr\u00e8te, tandis que le cordon de serrage \u00e0 la base et le dos allong\u00e9 contribuent \u00e0 un ajustement personnalis\u00e9. Confectionn\u00e9e avec des mat\u00e9riaux robustes et durables, cette veste est con\u00e7ue pour r\u00e9sister aux exigences des environnements professionnels.\n\n- 96 % polyester\n- 4 % \u00e9lasthane\n- Soft shell 3L canvas\n- Doublure 100 % polyester\n- Coupe-vent et imperm\u00e9able","en":"The Workwear soft shell canvas jacket provides effective protection against the elements. Its 3-layer design ensures optimal waterproofing and wind resistance. The polyester lining provides added comfort. This jacket features a stand-up collar with a wipe-clean panel, a full-length YKK zip with a chin guard, as well as zipped side and internal pockets for secure storage. Decorative stitching on the front adds a subtle aesthetic touch, while the drawcord at the hem and extended back contribute to a custom fit. Made with robust and durable materials, this jacket is designed to withstand the demands of professional environments. 96% polyester 4% elastane Soft shell 3L canvas Lining 100% polyester Waterproof and windproof","de":"Die Workwear Softshell-Jacke bietet einen wirksamen Schutz vor den Elementen. Ihre 3-Schicht-Konstruktion sorgt f\u00fcr optimale Wasserabweisung und Windbest\u00e4ndigkeit. Das Polyesterfutter sorgt f\u00fcr zus\u00e4tzlichen Komfort. Diese Jacke ist mit einem Stehkragen mit Saumband, einem vollst\u00e4ndigen YKK-Rei\u00dfverschluss mit Kinnschutz sowie seitlichen und inneren Rei\u00dfverschlusstaschen f\u00fcr sicheren Stauraum ausgestattet. Die dekorativen N\u00e4hte an der Vorderseite f\u00fcgen einen diskreten \u00e4sthetischen Akzent hinzu, w\u00e4hrend das Zugband am Saum und der verl\u00e4ngerte R\u00fccken zu einer individuellen Passform beitragen. Gefertigt aus robusten und langlebigen Materialien, ist diese Jacke f\u00fcr die Anforderungen beruflicher Umgebungen konzipiert.\n\n- 96 % Polyester\n- 4 % Elasthan\n- Softshell 3L\n- Futter 100 % Polyester\n- Winddicht und wasserabweisend","nl":"De Workwear softshell canvas jas biedt een effectieve bescherming tegen de elementen. De 3-laags constructie zorgt voor een optimale waterdichtheid en windbestendigheid. De polyester voering biedt extra comfort. Deze jas is uitgerust met een rechte kraag met een schoonheidsband, een volledige YKK ritssluiting met kinbescherming en zij- en binnenzakken met ritssluiting voor veilige opslag. De decoratieve naden aan de voorkant voegen een subtiele esthetische aanraking toe, terwijl de trekkoord aan de onderkant en de verlengde rug bijdragen aan een aangepaste pasvorm. Gemaakt van robuuste en duurzame materialen, is deze jas ontworpen om te weerstaan aan de eisen van professionele omgevingen.\n\n- 96 % polyester\n- 4 % elastane\n- Softshell 3L canvas\n- Voering 100 % polyester\n- Winddicht en waterdicht","es":"La chaqueta soft shell de workwear ofrece una protecci\u00f3n eficaz contra los elementos. Su dise\u00f1o de tres capas asegura una impermeabilidad y resistencia al viento \u00f3ptimas. La forro de poli\u00e9ster asegura un confort adicional. Esta chaqueta est\u00e1 equipada con un cuello recto con banda de limpieza, una cremallera completa YKK con protector de barbilla, as\u00ed como bolsillos laterales y interiores con cremallera para un almacenamiento seguro. Las costuras decorativas en el frente a\u00f1aden un toque est\u00e9tico discreto, mientras que el cord\u00f3n de ajuste en la base y la espalda alargada contribuyen a un ajuste personalizado. Confeccionada con materiales robustos y duraderos, esta chaqueta est\u00e1 dise\u00f1ada para resistir las demandas de los entornos profesionales.","it":"La giacca Workwear soft shell canvas offre una protezione efficace contro gli elementi. La sua concezione 3 strati garantisce impermeabilit\u00e0 e resistenza al vento ottimali. La fodera in poliestere assicura un comfort maggiore. Questa giacca \u00e8 dotata di un colletto diritto con nastro di pulizia, una zip completa YKK con protezione mento, cos\u00ec come tasche laterali e interne con zip per un ripostiglio sicuro. Le cuciture decorative sul davanti aggiungono un tocco estetico discreto, mentre il cordone di regolazione alla base e il dorso allungato contribuiscono a un adattamento personalizzato. Realizzata con materiali robusti e durevoli, questa giacca \u00e8 progettata per resistere alle esigenze degli ambienti professionali. \n\n- 96 % poliestere\n- 4 % elastane\n- Soft shell 3L canvas\n- Fodera 100 % poliestere\n- Antivento e impermeabile","sv":"Workwear soft shell jackan erbjuder effektiv skydd mot elementen. Dess 3-lagerskonstruktion s\u00e4kerst\u00e4ller optimal vattent\u00e4thet och vindt\u00e4thet. Polyesterfodret ger \u00f6kad komfort. Denna jacka \u00e4r utrustad med rak krage med renhetsband, helt YKK-l\u00e5s med l\u00e4ppskydd, samt sidor och inre fickor med dragkedjor f\u00f6r s\u00e4kert f\u00f6rvaring. Dekorativa s\u00f6mmar p\u00e5 framsidan ger en diskret estetisk touch, medan dragkedjan i basen och f\u00f6rl\u00e4ngda rygg bidrar till anpassad passform. Tillverkad med robusta och h\u00e5llbara material \u00e4r denna jacka konstruerad f\u00f6r att t\u00e5la kraven i professionella milj\u00f6er.\n\n- 96 % polyester\n- 4 % elastan\n- Soft shell 3L canvas\n- Foder 100 % polyester\n- Vindt\u00e4t och vattent\u00e4tt","pt":"A jaqueta de casaco macio Workwear oferece prote\u00e7\u00e3o eficaz contra os elementos. Sua concep\u00e7\u00e3o de 3 camadas garante impermeabilidade e resist\u00eancia ao vento \u00f3timas. O forro de poli\u00e9ster aumenta o conforto. Esta jaqueta possui gola reta com faixa de limpeza, z\u00edper completo YKK com protetor de queixo e bolsos laterais e internos com z\u00edper para armazenamento seguro. As costuras decorativas na frente adicionam um toque est\u00e9tico discreto, enquanto o cord\u00e3o de ajuste na base e as costas alongadas contribuem para um ajuste personalizado. Confeccionada com materiais robustos e dur\u00e1veis, esta jaqueta \u00e9 projetada para suportar os desafios dos ambientes profissionais.\n\n- 96 % poli\u00e9ster\n- 4 % elastano\n- Casaco macio 3L\n- Forro 100 % poli\u00e9ster\n- Corta-vento e imperme\u00e1vel","da":"Veste Workwear soft shell canvas tilbyder effektiv beskyttelse mod elementerne. Dens 3-lags konstruktion sikrer optimal vandafvisning og vindt\u00e6thed. Polesterforing tilbyder \u00f8get komfort. Denne veste er udstyret med en lige krage med rensestrejf, en fuld YKK glidel\u00e5s med hagebeskyttelse samt sider- og indelukkede zippelommer til sikker opbevaring. Dekorative sytr\u00e5de foran tilf\u00f8jer en diskret \u00e6stetisk berigelse, mens tr\u00e6kstrengene i bunden og det forl\u00e6ngede ryg bidrager til en tilpasset pasform. Udarbejdet med robuste og holdbare materialer, er denne veste designet til at modst\u00e5 kravene i professionelle milj\u00f8er.\n\n- 96 % polyester\n- 4 % elastan\n- Soft shell 3L canvas\n- Foring 100 % polyester\n- Vindt\u00e6t og vandafvisende","pl":"Kurtka Workwear soft shell canvas zapewnia skuteczn\u0105 ochron\u0119 przed elementami. Jej konstrukcja 3 warstwowa gwarantuje optymaln\u0105 wodoodporno\u015b\u0107 i odporno\u015b\u0107 na wiatr. Futer z poliestru zapewnia dodatkowy komfort. Ta kurtka jest wyposa\u017cona w stoj\u0105cy ko\u0142nierz z pasem czysto\u015bci, pe\u0142n\u0105 zamek b\u0142yskawiczny YKK z ochron\u0105 brody, a tak\u017ce z bocznymi i wewn\u0119trznymi kieszeniami z zamkiem b\u0142yskawicznym dla bezpiecznego przechowywania. Dekoracyjne szwy na przodzie dodaj\u0105 subtelny estetyczny akcent, podczas gdy sznur\u00f3wka u do\u0142u i wyd\u0142u\u017cony ty\u0142 przyczyniaj\u0105 si\u0119 do indywidualnego dopasowania. Wykonana z wytrzyma\u0142ych i trwa\u0142ych materia\u0142\u00f3w, ta kurtka zosta\u0142a zaprojektowana, aby sprosta\u0107 wymaganiom \u015brodowisk zawodowych.\n\n- 96 % poliestru\n- 4 % elastanu\n- Soft shell 3L canvas\n- Futer z 100 % poliestru\n- Odporna na wiatr i wodoodporna"},"h1":{"fr":"Workwear soft shell jacket r-018m-0","en":"Workwear soft shell jacket r-018m-0","de":"Workwear Softshell-Jacke r-018m-0","nl":"Workwear softshell jasjeck r-018m-0","es":"Chaqueta soft shell de workwear r-018m-0","it":"Giacca soft shell workwear r-018m-0","sv":"Workwear soft shell jacka r-018m-0","pt":"Jaqueta de casaco macio Workwear r-018m-0","da":"Workwear soft shell jakke r-018m-0","pl":"Workwear soft shell kurtka r-018m-0"},"meta_description":{"fr":"Veste soft shell Workwear pour un confort optimal. Imperm\u00e9able, coupe-vent et dot\u00e9e de poches pratiques. Id\u00e9ale pour les environnements professionnels.","en":"Workwear soft shell jacket for optimal comfort. Waterproof, windproof and with practical pockets. Ideal for professional environments.","de":"Workwear Softshell-Jacke f\u00fcr optimalen Komfort. Wasserabweisend, winddicht und mit praktischen Taschen. Ideal f\u00fcr berufliche Umgebungen.","nl":"Veste soft shell Workwear voor een optimale comfort. Waterdicht, winddicht en voorzien van praktische zakken. Ideaal voor professionele omgevingen.","es":"Chaqueta soft shell de workwear para un confort \u00f3ptimo. Impermeable, corta-viento y con bolsillos pr\u00e1cticos. Ideal para entornos profesionales.","it":"Giacca soft shell Workwear per un comfort ottimale. Impermeabile, antivento e dotata di pratiche tasche. Ideale per ambienti professionali.","sv":"V\u00e4sts\u00e4kerhet Workwear f\u00f6r optimal komfort. Vattent\u00e4tt, vindt\u00e4tt och f\u00f6rsett med praktiska fickor. Idealisk f\u00f6r professionella milj\u00f6er.","pt":"Jaqueta de casaco macio Workwear para um conforto \u00f3timo. Imperme\u00e1vel, corta-vento e com bolsos pr\u00e1ticos. Ideal para ambientes profissionais.","da":"Veste soft shell Workwear til optimal komfort. Vandafvisende, vindt\u00e6t og med praktiske lommer. Ideel til professionelle milj\u00f8er.","pl":"Kurtka Workwear soft shell dla optymalnego komfortu. Wodoodporna, odporna na wiatr i wyposa\u017cona w praktyczne kieszenie. Idealna dla \u015brodowisk zawodowych."}},"custom":{"title":{"fr":"Workwear soft shell jacket RUSSELL r-018m-0 avec votre logo","en":"Workwear soft shell jacket RUSSELL r-018m-0 with your logo","de":"Workwear Softshelljacke RUSSELL r-018m-0 mit Ihrem Logo","nl":"Workwear soft shell jasje RUSSELL r-018m-0 met uw logo","es":"Chaqueta de soft shell para trabajo RUSSELL r-018m-0 con su logo","it":"Giubbotto soft shell Workwear RUSSELL r-018m-0 con il vostro logo","sv":"Workwear soft shell jacket RUSSELL r-018m-0 med ditt logga","pt":"Jaqueta soft shell de workwear RUSSELL r-018m-0 com o seu logotipo","da":"Workwear soft shell jakke RUSSELL r-018m-0 med dit logo","pl":"Workwear soft shell kurtka RUSSELL r-018m-0 z twoim logo"},"description":{"fr":"V\u00eatement soft shell 3 couches offrant une protection coupe-vent et imperm\u00e9able. Ce soft shell est con\u00e7u avec une doublure en 100% polyester pour plus de confort. Il est dot\u00e9 d'un col droit avec bande de propret\u00e9 et d'une fermeture \u00e0 glissi\u00e8re compl\u00e8te YKK avec prot\u00e8ge-menton. Les poches de c\u00f4t\u00e9 et int\u00e9rieures sont \u00e9galement dot\u00e9es de fermetures \u00e0 glissi\u00e8re. Des coutures d\u00e9coratives sur le devant ajoutent une touche esth\u00e9tique. Un cordon de serrage \u00e0 la base permet d'ajuster le v\u00eatement, tandis que le dos allong\u00e9 offre une protection suppl\u00e9mentaire. Possibilit\u00e9 de personnalisation en broderie pour int\u00e9grer votre logo ou vos \u00e9l\u00e9ments graphiques.\n\nCaract\u00e9ristiques techniques:\n\n- Composition: 96% polyester, 4% \u00e9lasthane\n- Doublure: 100% polyester\n- Imperm\u00e9abilit\u00e9\n- Coupe-vent","en":"3-layer soft shell clothing offering windproof and waterproof protection. This soft shell is designed with a 100% polyester lining for more comfort. It features a stand-up collar with a wipe-clean panel and a full-length YKK zip with a chin guard. The side and interior pockets also have zips. Decorative stitching on the front adds an aesthetic touch. An adjustable drawcord at the hem allows for a custom fit, while the extended back provides additional protection. Possibility of customization by embroidery to integrate your logo or graphic elements.\n\nTechnical specifications:\n\n- Composition: 96% polyester, 4% elastane\n- Lining: 100% polyester\n- Waterproof\n- Windproof","de":"3-Lagen-Softshell-Kleidung bietet winddichten und wasserabweisenden Schutz. Diese Softshell ist mit einem Innenfutter aus 100% Polyester f\u00fcr mehr Komfort konzipiert. Sie verf\u00fcgt \u00fcber einen Stehkragen mit einem Saumband und einem vollst\u00e4ndigen YKK-Rei\u00dfverschluss mit einem Kinnschutz. Die Seitentaschen und Innentaschen sind ebenfalls mit Rei\u00dfverschl\u00fcssen versehen. Dekorative N\u00e4hte auf der Vorderseite verleihen einen \u00e4sthetischen Touch. Ein Zugkordel am Saum erm\u00f6glicht die Anpassung der Kleidung, w\u00e4hrend der verl\u00e4ngerte R\u00fccken zus\u00e4tzlichen Schutz bietet. M\u00f6glichkeit der Personalisierung durch Stickerei, um Ihr Logo oder grafische Elemente zu integrieren.\n\nTechnische Merkmale:\n\n- Zusammensetzung: 96% Polyester, 4% Elasthan\n- Innenfutter: 100% Polyester\n- Winddicht\n- Wasserabweisend","nl":"Drie lagen soft shell kleding biedt winddichte en waterdichte bescherming. Dit soft shell is ontworpen met een voering van 100% polyester voor meer comfort. Het heeft een rechte kraag met een reinigingsband en een volledige YKK rits met een kinbeschermer. De zij- en binnenzakken hebben ook ritssluitingen. Decoratieve naden aan de voorkant voegen een esthetische aanraking toe. Een trekkoord aan de basis stelt u in staat om de kleding aan te passen, terwijl de verlengde rug extra bescherming biedt. Mogelijkheid tot personalisatie door borduurwerk om uw logo of grafische elementen op te nemen.\n\nTechnische kenmerken:\n\n- Samenstelling: 96% polyester, 4% elastane\n- Voering: 100% polyester\n- Waterdicht\n- Winddicht","es":"Ropa de soft shell de tres capas que ofrece protecci\u00f3n cortavientos e impermeable. Este soft shell est\u00e1 dise\u00f1ado con un forro de 100% poli\u00e9ster para mayor comodidad. Cuenta con un cuello recto con banda de limpieza y una cremallera completa YKK con protecci\u00f3n para la barbilla. Las bolsillos laterales y interiores tambi\u00e9n est\u00e1n dotados de cremalleras. Costuras decorativas en la parte delantera a\u00f1aden un toque est\u00e9tico. Un cord\u00f3n de ajuste en la base permite ajustar la prenda, mientras que la espalda alargada ofrece una protecci\u00f3n adicional. Posibilidad de personalizaci\u00f3n en bordado para integrar su logo o elementos gr\u00e1ficos.\n\nCaracter\u00edsticas t\u00e9cnicas:\n\n- Composici\u00f3n: 96% poli\u00e9ster, 4% elastano\n- Forro: 100% poli\u00e9ster\n- Impermeabilidad\n- Cortavientos","it":"Abbigliamento soft shell a 3 strati che offre protezione antivento e impermeabile. Questo soft shell \u00e8 progettato con una fodera in 100% poliestere per un maggiore comfort. \u00c8 dotato di un colletto diritto con banda di pulizia e di una zip completa YKK con protezione mento. Le tasche laterali e interne sono anch'esse dotate di zip. Cuciture decorative sul davanti aggiungono un tocco estetico. Un cordoncino regolabile in fondo permette di adattare l'abbigliamento, mentre il retro allungato offre una protezione aggiuntiva. Possibilit\u00e0 di personalizzazione con ricamo per integrare il vostro logo o elementi grafici.\n\nCaratteristiche tecniche:\n\n- Composizione: 96% poliestere, 4% elastan\n- Fodera: 100% poliestere\n- Impermeabilit\u00e0\n- Antivento","sv":"3-lagers soft shell kl\u00e4desplagg som erbjuder vind- och vattent\u00e4thet. Denna soft shell \u00e4r konstruerad med en fodring i 100% polyester f\u00f6r mer komfort. Den har ett r\u00e4t block med renhet och en fullst\u00e4ndig YKK glidl\u00e5s med haka skydd. De sid- och inre fickorna \u00e4r ocks\u00e5 f\u00f6rsedda med glidl\u00e5s. Dekorativa s\u00f6mmar p\u00e5 framsidan l\u00e4gger till en estetisk touch. Ett sn\u00f6re p\u00e5 botten till\u00e5ter justering av kl\u00e4desplagget, medan den f\u00f6rl\u00e4ngda baksidan ger extra skydd. M\u00f6jlighet att personligg\u00f6ra med stickning f\u00f6r att integrera ditt logga eller grafiska element.","pt":"Roupa soft shell de 3 camadas oferecendo prote\u00e7\u00e3o imperme\u00e1vel e corta-vento. Este soft shell \u00e9 projetado com forro em 100% poli\u00e9ster para mais conforto. Ele possui um colarinho direito com faixa de prote\u00e7\u00e3o e um z\u00edper completo YKK com protetor de mento. Os bolsos laterais e internos tamb\u00e9m possuem z\u00edperes. Costuras decorativas na frente adicionam um toque est\u00e9tico. Um cord\u00e3o de aperto na base permite ajustar a roupa, enquanto o comprimento extra nas costas oferece prote\u00e7\u00e3o adicional. Possibilidade de personaliza\u00e7\u00e3o com bordado para incluir seu logotipo ou elementos gr\u00e1ficos.","da":"3-lags soft shell jakke der tilbyder vind- og vandt\u00e6t beskyttelse. Denne soft shell er designet med en fodring i 100% polyester for st\u00f8rre komfort. Den har et lige krage med reng\u00f8ringsb\u00e5nd og en fuld YKK zip med hagebeskytter. Side- og indre lommer har ogs\u00e5 zips. Dekorative s\u00f8mme foran tilf\u00f8jer en \u00e6stetisk r\u00f8r. En tr\u00e6kstreng i bunden g\u00f8r det muligt at justere jakken, mens den forl\u00e6ngede ryg tilbyder ekstra beskyttelse. Mulighed for personalisering med broderi for at integrere dit logo eller grafiske elementer.\n\nTekniske specifikationer:\n\n- Sammens\u00e6tning: 96% polyester, 4% elastan\n- Fodring: 100% polyester\n- Vindt\u00e6t\n- Vandt\u00e6t","pl":"Ubranie soft shell 3 warstw zapewniaj\u0105ce ochron\u0119 przed wiatrem i wodoodporno\u015b\u0107. Ten soft shell jest zaprojektowany z podszewk\u0105 z 100% poliestru dla wi\u0119kszego komfortu. Jest wyposa\u017cony w prosty ko\u0142nierz z pasem czysto\u015bci i pe\u0142n\u0105 zamek b\u0142yskawiczny YKK z ochron\u0105 dla brody. Bokowe i wewn\u0119trzne kieszenie s\u0105 r\u00f3wnie\u017c wyposa\u017cone w zamek b\u0142yskawiczny. Dekoracyjne szwy na przedzie dodaj\u0105 estetycznego dotyku. Sznurek regulacyjny u do\u0142u pozwala dostosowa\u0107 ubranie, podczas gdy wyd\u0142u\u017cona ty\u0142owa cz\u0119\u015b\u0107 zapewnia dodatkow\u0105 ochron\u0119. Mo\u017cliwo\u015b\u0107 personalizacji za pomoc\u0105 haftu do integracji twojego logo lub element\u00f3w graficznych.\n\nCecha techniczne:\n\n- Sk\u0142ad: 96% poliestru, 4% elastanu\n- Podszewka: 100% poliestru\n- Wodoodporno\u015b\u0107\n- Odporno\u015b\u0107 na wiatr"},"h1":{"fr":"Workwear soft shell jacket r-018m-0 personnalis\u00e9","en":"Workwear soft shell jacket r-018m-0 customized","de":"Workwear Softshelljacke r-018m-0 personalisiert","nl":"Workwear soft shell jasje r-018m-0 op maat","es":"Chaqueta de soft shell para trabajo r-018m-0 personalizada","it":"Giubbotto soft shell Workwear r-018m-0 personalizzato","sv":"Workwear soft shell jacket r-018m-0 personlig","pt":"Jaqueta soft shell de workwear r-018m-0 personalizada","da":"Workwear soft shell jakke r-018m-0 personaliseret","pl":"Workwear soft shell kurtka r-018m-0 personalizowany"},"meta_description":{"fr":"V\u00eatement soft shell 3 couches coupe-vent et imperm\u00e9able. Possibilit\u00e9 de personnalisation en broderie. Id\u00e9al pour les professionnels.","en":"3-layer soft shell clothing windproof and waterproof. Possibility of customization by embroidery. Ideal for professionals.","de":"3-Lagen-Softshell-Kleidung winddicht und wasserabweisend. M\u00f6glichkeit der Personalisierung durch Stickerei. Ideal f\u00fcr Fachleute.","nl":"Drie lagen soft shell kleding winddicht en waterdicht. Mogelijkheid tot personalisatie door borduurwerk. Ideaal voor professionals.","es":"Ropa de soft shell de tres capas cortavientos e impermeable. Posibilidad de personalizaci\u00f3n en bordado. Ideal para profesionales.","it":"Abbigliamento soft shell a 3 strati impermeabile e antivento. Possibilit\u00e0 di personalizzazione con ricamo. Ideale per i professionisti.","sv":"3-lagers soft shell kl\u00e4desplagg som \u00e4r vindt\u00e4tt och vattent\u00e4tt. M\u00f6jlighet att personligg\u00f6ra med stickning. Idealiskt f\u00f6r yrkesverksamma.","pt":"Roupa soft shell de 3 camadas imperme\u00e1vel e corta-vento. Possibilidade de personaliza\u00e7\u00e3o com bordado. Ideal para profissionais.","da":"3-lags soft shell jakke der er vind- og vandt\u00e6t. Mulighed for personalisering med broderi. Ideelt for professionelle.","pl":"Ubranie soft shell 3 warstw odporne na wiatr i wodoodporne. Mo\u017cliwo\u015b\u0107 personalizacji za pomoc\u0105 haftu. Idealne dla profesjonalist\u00f3w."}}},"categories":[{"id":306,"name":"Bodywarmers","singular":"Bodywarmer","is_feminin":false},{"id":561,"name":"BTP et Industrie","singular":"BTP et Industrie","is_feminin":false},{"id":13,"name":"Vestes et manteaux","singular":"Veste et manteau","is_feminin":true},{"id":559,"name":"Univers","singular":"Univers","is_feminin":false},{"id":354,"name":"Textile","singular":"Textile","is_feminin":false}],"certifications":[],"videos":{"fr":[],"en":[],"de":[],"nl":[],"es":[],"it":[],"sv":[],"pt":[],"da":[],"pl":[]},"main_images":{"miniature":"https:\/\/media.th4.com\/fDJgN-gD9znNK0Zd17GiWI6Qb8BV0T7zo2NyQRGrBCI\/pr:80\/aHR0cDovL21lZGlhMi5kZXNpZ25wYXJ0bmVyLmZyL2MvcC1NVC8xODE2LmpwZw?v=1642604438","medium":"https:\/\/media.th4.com\/1NQU56O_EK5zKKcimBJvyW2FRlD-LKrrOnuN2MZZjXM\/pr:550x550greybg\/aHR0cDovL21lZGlhMi5kZXNpZ25wYXJ0bmVyLmZyL2MvcC1NVC8xODE2LmpwZw?v=1642604438","medium_large":"https:\/\/media.th4.com\/WCe9kapTa0BxxNX2uMo4X8K3cYco6E1AYSCjZUxk4eo\/pr:1000x1000greybg\/aHR0cDovL21lZGlhMi5kZXNpZ25wYXJ0bmVyLmZyL2MvcC1NVC8xODE2LmpwZw?v=1642604438","large":"https:\/\/media.th4.com\/g0gmAcp6WE6Ciw__qEfmZ4rI5NkDS0xdKtLLgeAPjE0\/pr:1920greybg\/aHR0cDovL21lZGlhMi5kZXNpZ25wYXJ0bmVyLmZyL2MvcC1NVC8xODE2LmpwZw?v=1642604438","opengraph":"https:\/\/media.th4.com\/laIMnfySZTLMqztZ6YBjtX9t1zkNlBKhSsWlnUY5Hwk\/pr:1200x630greybg\/aHR0cDovL21lZGlhMi5kZXNpZ25wYXJ0bmVyLmZyL2MvcC1NVC8xODE2LmpwZw?v=1642604438"},"main_images_customization":{"miniature":"https:\/\/media.th4.com\/fDJgN-gD9znNK0Zd17GiWI6Qb8BV0T7zo2NyQRGrBCI\/pr:80\/aHR0cDovL21lZGlhMi5kZXNpZ25wYXJ0bmVyLmZyL2MvcC1NVC8xODE2LmpwZw?v=1642604438","medium":"https:\/\/media.th4.com\/1NQU56O_EK5zKKcimBJvyW2FRlD-LKrrOnuN2MZZjXM\/pr:550x550greybg\/aHR0cDovL21lZGlhMi5kZXNpZ25wYXJ0bmVyLmZyL2MvcC1NVC8xODE2LmpwZw?v=1642604438","medium_large":"https:\/\/media.th4.com\/WCe9kapTa0BxxNX2uMo4X8K3cYco6E1AYSCjZUxk4eo\/pr:1000x1000greybg\/aHR0cDovL21lZGlhMi5kZXNpZ25wYXJ0bmVyLmZyL2MvcC1NVC8xODE2LmpwZw?v=1642604438","large":"https:\/\/media.th4.com\/g0gmAcp6WE6Ciw__qEfmZ4rI5NkDS0xdKtLLgeAPjE0\/pr:1920greybg\/aHR0cDovL21lZGlhMi5kZXNpZ25wYXJ0bmVyLmZyL2MvcC1NVC8xODE2LmpwZw?v=1642604438","opengraph":"https:\/\/media.th4.com\/laIMnfySZTLMqztZ6YBjtX9t1zkNlBKhSsWlnUY5Hwk\/pr:1200x630greybg\/aHR0cDovL21lZGlhMi5kZXNpZ25wYXJ0bmVyLmZyL2MvcC1NVC8xODE2LmpwZw?v=1642604438"},"page_links":{"fr":"\/fr\/p-ru-r-018m-0-workwear-soft-shell-jacket-r-018m-0-1816\/","en":"\/en\/p-ru-r-018m-0-workwear-soft-shell-jacket-r-018m-0-1816\/","de":"\/de\/p-ru-r-018m-0-workwear-softshell-jacke-r-018m-0-1816\/","nl":"\/nl\/p-ru-r-018m-0-workwear-softshell-jasjeck-r-018m-0-1816\/","es":"\/es\/p-ru-r-018m-0-chaqueta-soft-shell-de-workwear-r-018m-0-1816\/","it":"\/it\/p-ru-r-018m-0-giacca-soft-shell-workwear-r-018m-0-1816\/","sv":"\/sv\/p-ru-r-018m-0-workwear-soft-shell-jacka-r-018m-0-1816\/","pt":"\/pt\/p-ru-r-018m-0-jaqueta-de-casaco-macio-workwear-r-018m-0-1816\/","da":"\/da\/p-ru-r-018m-0-workwear-soft-shell-jakke-r-018m-0-1816\/","pl":"\/pl\/p-ru-r-018m-0-workwear-soft-shell-kurtka-r-018m-0-1816\/"},"page_links_customization":{"fr":"\/fr\/p-ru-r-018m-0-workwear-soft-shell-jacket-r-018m-0-personnalise-1816\/custom\/","en":"\/en\/p-ru-r-018m-0-workwear-soft-shell-jacket-r-018m-0-customized-1816\/custom\/","de":"\/de\/p-ru-r-018m-0-workwear-softshelljacke-r-018m-0-personalisiert-1816\/custom\/","nl":"\/nl\/p-ru-r-018m-0-workwear-soft-shell-jasje-r-018m-0-op-maat-1816\/custom\/","es":"\/es\/p-ru-r-018m-0-chaqueta-de-soft-shell-para-trabajo-r-018m-0-personalizada-1816\/custom\/","it":"\/it\/p-ru-r-018m-0-giubbotto-soft-shell-workwear-r-018m-0-personalizzato-1816\/custom\/","sv":"\/sv\/p-ru-r-018m-0-workwear-soft-shell-jacket-r-018m-0-personlig-1816\/custom\/","pt":"\/pt\/p-ru-r-018m-0-jaqueta-soft-shell-de-workwear-r-018m-0-personalizada-1816\/custom\/","da":"\/da\/p-ru-r-018m-0-workwear-soft-shell-jakke-r-018m-0-personaliseret-1816\/custom\/","pl":"\/pl\/p-ru-r-018m-0-workwear-soft-shell-kurtka-r-018m-0-personalizowany-1816\/custom\/"},"equivalent_products":[],"colors":[{"id":1951,"name":"","class_ids":[12],"codes_hexa":["171d1d"],"delai_24":false,"has_3d":false,"seuil_global":0,"stock_local":0,"stock_global":15,"on_standby":false,"in_catalog":true,"images":{"miniature":null,"medium":null,"medium_large":null,"large":null,"opengraph":null},"images_customization":{"miniature":null,"medium":null,"medium_large":null,"large":null,"opengraph":null},"country_origin":"CN","traceability":{"manufacturing_country_id":null,"weaving_country_id":null,"dyeing_country_id":null},"sizes":[{"id":16,"article_id":49977,"class_id":9,"name":"4XL","on_standby":false,"stock_local":0,"stock_global":15,"multiple":1,"estimated_date_reassort":null,"is_destocking":false}],"page_links":{"fr":"\/fr\/p-ru-r-018m-0-workwear-soft-shell-jacket-r-018m-0-1816\/x-1951\/","en":"\/en\/p-ru-r-018m-0-workwear-soft-shell-jacket-r-018m-0-1816\/x-1951\/","de":"\/de\/p-ru-r-018m-0-workwear-softshell-jacke-r-018m-0-1816\/x-1951\/","nl":"\/nl\/p-ru-r-018m-0-workwear-softshell-jasjeck-r-018m-0-1816\/x-1951\/","es":"\/es\/p-ru-r-018m-0-chaqueta-soft-shell-de-workwear-r-018m-0-1816\/x-1951\/","it":"\/it\/p-ru-r-018m-0-giacca-soft-shell-workwear-r-018m-0-1816\/x-1951\/","sv":"\/sv\/p-ru-r-018m-0-workwear-soft-shell-jacka-r-018m-0-1816\/x-1951\/","pt":"\/pt\/p-ru-r-018m-0-jaqueta-de-casaco-macio-workwear-r-018m-0-1816\/x-1951\/","da":"\/da\/p-ru-r-018m-0-workwear-soft-shell-jakke-r-018m-0-1816\/x-1951\/","pl":"\/pl\/p-ru-r-018m-0-workwear-soft-shell-kurtka-r-018m-0-1816\/x-1951\/"},"page_links_customization":{"fr":"\/fr\/p-ru-r-018m-0-workwear-soft-shell-jacket-r-018m-0-personnalise-1816\/x-1951\/custom\/","en":"\/en\/p-ru-r-018m-0-workwear-soft-shell-jacket-r-018m-0-customized-1816\/x-1951\/custom\/","de":"\/de\/p-ru-r-018m-0-workwear-softshelljacke-r-018m-0-personalisiert-1816\/x-1951\/custom\/","nl":"\/nl\/p-ru-r-018m-0-workwear-soft-shell-jasje-r-018m-0-op-maat-1816\/x-1951\/custom\/","es":"\/es\/p-ru-r-018m-0-chaqueta-de-soft-shell-para-trabajo-r-018m-0-personalizada-1816\/x-1951\/custom\/","it":"\/it\/p-ru-r-018m-0-giubbotto-soft-shell-workwear-r-018m-0-personalizzato-1816\/x-1951\/custom\/","sv":"\/sv\/p-ru-r-018m-0-workwear-soft-shell-jacket-r-018m-0-personlig-1816\/x-1951\/custom\/","pt":"\/pt\/p-ru-r-018m-0-jaqueta-soft-shell-de-workwear-r-018m-0-personalizada-1816\/x-1951\/custom\/","da":"\/da\/p-ru-r-018m-0-workwear-soft-shell-jakke-r-018m-0-personaliseret-1816\/x-1951\/custom\/","pl":"\/pl\/p-ru-r-018m-0-workwear-soft-shell-kurtka-r-018m-0-personalizowany-1816\/x-1951\/custom\/"}},{"id":3994,"name":"black","class_ids":[4],"codes_hexa":["000000"],"delai_24":false,"has_3d":false,"seuil_global":0,"stock_local":0,"stock_global":8,"on_standby":false,"in_catalog":true,"images":{"miniature":null,"medium":null,"medium_large":null,"large":null,"opengraph":null},"images_customization":{"miniature":null,"medium":null,"medium_large":null,"large":null,"opengraph":null},"country_origin":"CN","traceability":{"manufacturing_country_id":null,"weaving_country_id":null,"dyeing_country_id":null},"sizes":[{"id":5,"article_id":49962,"class_id":2,"name":"XS","on_standby":false,"stock_local":0,"stock_global":8,"multiple":1,"estimated_date_reassort":null,"is_destocking":false}],"page_links":{"fr":"\/fr\/p-ru-r-018m-0-workwear-soft-shell-jacket-r-018m-0-1816\/black-3994\/","en":"\/en\/p-ru-r-018m-0-workwear-soft-shell-jacket-r-018m-0-1816\/black-3994\/","de":"\/de\/p-ru-r-018m-0-workwear-softshell-jacke-r-018m-0-1816\/black-3994\/","nl":"\/nl\/p-ru-r-018m-0-workwear-softshell-jasjeck-r-018m-0-1816\/black-3994\/","es":"\/es\/p-ru-r-018m-0-chaqueta-soft-shell-de-workwear-r-018m-0-1816\/black-3994\/","it":"\/it\/p-ru-r-018m-0-giacca-soft-shell-workwear-r-018m-0-1816\/black-3994\/","sv":"\/sv\/p-ru-r-018m-0-workwear-soft-shell-jacka-r-018m-0-1816\/black-3994\/","pt":"\/pt\/p-ru-r-018m-0-jaqueta-de-casaco-macio-workwear-r-018m-0-1816\/black-3994\/","da":"\/da\/p-ru-r-018m-0-workwear-soft-shell-jakke-r-018m-0-1816\/black-3994\/","pl":"\/pl\/p-ru-r-018m-0-workwear-soft-shell-kurtka-r-018m-0-1816\/black-3994\/"},"page_links_customization":{"fr":"\/fr\/p-ru-r-018m-0-workwear-soft-shell-jacket-r-018m-0-personnalise-1816\/black-3994\/custom\/","en":"\/en\/p-ru-r-018m-0-workwear-soft-shell-jacket-r-018m-0-customized-1816\/black-3994\/custom\/","de":"\/de\/p-ru-r-018m-0-workwear-softshelljacke-r-018m-0-personalisiert-1816\/black-3994\/custom\/","nl":"\/nl\/p-ru-r-018m-0-workwear-soft-shell-jasje-r-018m-0-op-maat-1816\/black-3994\/custom\/","es":"\/es\/p-ru-r-018m-0-chaqueta-de-soft-shell-para-trabajo-r-018m-0-personalizada-1816\/black-3994\/custom\/","it":"\/it\/p-ru-r-018m-0-giubbotto-soft-shell-workwear-r-018m-0-personalizzato-1816\/black-3994\/custom\/","sv":"\/sv\/p-ru-r-018m-0-workwear-soft-shell-jacket-r-018m-0-personlig-1816\/black-3994\/custom\/","pt":"\/pt\/p-ru-r-018m-0-jaqueta-soft-shell-de-workwear-r-018m-0-personalizada-1816\/black-3994\/custom\/","da":"\/da\/p-ru-r-018m-0-workwear-soft-shell-jakke-r-018m-0-personaliseret-1816\/black-3994\/custom\/","pl":"\/pl\/p-ru-r-018m-0-workwear-soft-shell-kurtka-r-018m-0-personalizowany-1816\/black-3994\/custom\/"}},{"id":1744,"name":"bottle_green","class_ids":[5],"codes_hexa":["004516"],"delai_24":false,"has_3d":false,"seuil_global":0,"stock_local":0,"stock_global":6,"on_standby":false,"in_catalog":true,"images":{"miniature":["https:\/\/media.th4.com\/f9IdHY3Dxlm2tfBc3NRd2L6o2qOnnIwIFAIifEfTEwQ\/pr:80\/aHR0cDovL21lZGlhMi5kZXNpZ25wYXJ0bmVyLmZyL2MvcC8xODE2LzE4MTYtMTc0NC0xLmpwZw?v=1610003945"],"medium":["https:\/\/media.th4.com\/Mn4Wusg5Vm9rvX6ff4spvjxnvnjvQU317sUuOAXckPs\/pr:550x550\/aHR0cDovL21lZGlhMi5kZXNpZ25wYXJ0bmVyLmZyL2MvcC8xODE2LzE4MTYtMTc0NC0xLmpwZw?v=1610003945"],"medium_large":["https:\/\/media.th4.com\/xhBcGxPljQjUt-lsyrvrvg4LoQeEJFhZ_uzYCEjYU-A\/pr:1000x1000\/aHR0cDovL21lZGlhMi5kZXNpZ25wYXJ0bmVyLmZyL2MvcC8xODE2LzE4MTYtMTc0NC0xLmpwZw?v=1610003945"],"large":["https:\/\/media.th4.com\/xRYodV7kzhREwXsbkM_TNc5QSZfeh9YaZboEF6UfoVs\/pr:1920\/aHR0cDovL21lZGlhMi5kZXNpZ25wYXJ0bmVyLmZyL2MvcC8xODE2LzE4MTYtMTc0NC0xLmpwZw?v=1610003945"],"opengraph":["https:\/\/media.th4.com\/jwYUyonebTMpvbFbhliLWUbCLqXcUjQWZDdLZWtheeM\/pr:1200x630\/aHR0cDovL21lZGlhMi5kZXNpZ25wYXJ0bmVyLmZyL2MvcC8xODE2LzE4MTYtMTc0NC0xLmpwZw?v=1610003945"]},"images_customization":{"miniature":["https:\/\/media.th4.com\/f9IdHY3Dxlm2tfBc3NRd2L6o2qOnnIwIFAIifEfTEwQ\/pr:80\/aHR0cDovL21lZGlhMi5kZXNpZ25wYXJ0bmVyLmZyL2MvcC8xODE2LzE4MTYtMTc0NC0xLmpwZw?v=1610003945"],"medium":["https:\/\/media.th4.com\/Mn4Wusg5Vm9rvX6ff4spvjxnvnjvQU317sUuOAXckPs\/pr:550x550\/aHR0cDovL21lZGlhMi5kZXNpZ25wYXJ0bmVyLmZyL2MvcC8xODE2LzE4MTYtMTc0NC0xLmpwZw?v=1610003945"],"medium_large":["https:\/\/media.th4.com\/xhBcGxPljQjUt-lsyrvrvg4LoQeEJFhZ_uzYCEjYU-A\/pr:1000x1000\/aHR0cDovL21lZGlhMi5kZXNpZ25wYXJ0bmVyLmZyL2MvcC8xODE2LzE4MTYtMTc0NC0xLmpwZw?v=1610003945"],"large":["https:\/\/media.th4.com\/xRYodV7kzhREwXsbkM_TNc5QSZfeh9YaZboEF6UfoVs\/pr:1920\/aHR0cDovL21lZGlhMi5kZXNpZ25wYXJ0bmVyLmZyL2MvcC8xODE2LzE4MTYtMTc0NC0xLmpwZw?v=1610003945"],"opengraph":["https:\/\/media.th4.com\/jwYUyonebTMpvbFbhliLWUbCLqXcUjQWZDdLZWtheeM\/pr:1200x630\/aHR0cDovL21lZGlhMi5kZXNpZ25wYXJ0bmVyLmZyL2MvcC8xODE2LzE4MTYtMTc0NC0xLmpwZw?v=1610003945"]},"country_origin":"CN","traceability":{"manufacturing_country_id":null,"weaving_country_id":null,"dyeing_country_id":null},"sizes":[{"id":5,"article_id":49986,"class_id":2,"name":"XS","on_standby":false,"stock_local":0,"stock_global":2,"multiple":1,"estimated_date_reassort":null,"is_destocking":false},{"id":16,"article_id":49993,"class_id":9,"name":"4XL","on_standby":false,"stock_local":0,"stock_global":4,"multiple":1,"estimated_date_reassort":null,"is_destocking":false}],"page_links":{"fr":"\/fr\/p-ru-r-018m-0-workwear-soft-shell-jacket-r-018m-0-1816\/bottle-green-1744\/","en":"\/en\/p-ru-r-018m-0-workwear-soft-shell-jacket-r-018m-0-1816\/bottle-green-1744\/","de":"\/de\/p-ru-r-018m-0-workwear-softshell-jacke-r-018m-0-1816\/bottle-green-1744\/","nl":"\/nl\/p-ru-r-018m-0-workwear-softshell-jasjeck-r-018m-0-1816\/bottle-green-1744\/","es":"\/es\/p-ru-r-018m-0-chaqueta-soft-shell-de-workwear-r-018m-0-1816\/bottle-green-1744\/","it":"\/it\/p-ru-r-018m-0-giacca-soft-shell-workwear-r-018m-0-1816\/bottle-green-1744\/","sv":"\/sv\/p-ru-r-018m-0-workwear-soft-shell-jacka-r-018m-0-1816\/bottle-green-1744\/","pt":"\/pt\/p-ru-r-018m-0-jaqueta-de-casaco-macio-workwear-r-018m-0-1816\/bottle-green-1744\/","da":"\/da\/p-ru-r-018m-0-workwear-soft-shell-jakke-r-018m-0-1816\/bottle-green-1744\/","pl":"\/pl\/p-ru-r-018m-0-workwear-soft-shell-kurtka-r-018m-0-1816\/bottle-green-1744\/"},"page_links_customization":{"fr":"\/fr\/p-ru-r-018m-0-workwear-soft-shell-jacket-r-018m-0-personnalise-1816\/bottle-green-1744\/custom\/","en":"\/en\/p-ru-r-018m-0-workwear-soft-shell-jacket-r-018m-0-customized-1816\/bottle-green-1744\/custom\/","de":"\/de\/p-ru-r-018m-0-workwear-softshelljacke-r-018m-0-personalisiert-1816\/bottle-green-1744\/custom\/","nl":"\/nl\/p-ru-r-018m-0-workwear-soft-shell-jasje-r-018m-0-op-maat-1816\/bottle-green-1744\/custom\/","es":"\/es\/p-ru-r-018m-0-chaqueta-de-soft-shell-para-trabajo-r-018m-0-personalizada-1816\/bottle-green-1744\/custom\/","it":"\/it\/p-ru-r-018m-0-giubbotto-soft-shell-workwear-r-018m-0-personalizzato-1816\/bottle-green-1744\/custom\/","sv":"\/sv\/p-ru-r-018m-0-workwear-soft-shell-jacket-r-018m-0-personlig-1816\/bottle-green-1744\/custom\/","pt":"\/pt\/p-ru-r-018m-0-jaqueta-soft-shell-de-workwear-r-018m-0-personalizada-1816\/bottle-green-1744\/custom\/","da":"\/da\/p-ru-r-018m-0-workwear-soft-shell-jakke-r-018m-0-personaliseret-1816\/bottle-green-1744\/custom\/","pl":"\/pl\/p-ru-r-018m-0-workwear-soft-shell-kurtka-r-018m-0-personalizowany-1816\/bottle-green-1744\/custom\/"}},{"id":682,"name":"french navy","class_ids":[2],"codes_hexa":["01325d"],"delai_24":false,"has_3d":false,"seuil_global":0,"stock_local":0,"stock_global":3,"on_standby":false,"in_catalog":true,"images":{"miniature":["https:\/\/media.th4.com\/cHNNEjsvYrQM3erDayZeg6OdxIL0v1rxOVbutPO6Ayc\/pr:80\/aHR0cDovL21lZGlhMi5kZXNpZ25wYXJ0bmVyLmZyL2MvcC8xODE2LzE4MTYtNjgyLTEuanBn?v=1610003945"],"medium":["https:\/\/media.th4.com\/lcqRsrU4VNpRMY2ViBFMT5T8ZE-Em270Et9QfLzfluI\/pr:550x550\/aHR0cDovL21lZGlhMi5kZXNpZ25wYXJ0bmVyLmZyL2MvcC8xODE2LzE4MTYtNjgyLTEuanBn?v=1610003945"],"medium_large":["https:\/\/media.th4.com\/xWkvj6M7kCJ0C4TGupcZ9LUhKCHtMuZ-kOrwiA95Zsc\/pr:1000x1000\/aHR0cDovL21lZGlhMi5kZXNpZ25wYXJ0bmVyLmZyL2MvcC8xODE2LzE4MTYtNjgyLTEuanBn?v=1610003945"],"large":["https:\/\/media.th4.com\/y6OmsEsmLpmhEBM_KRgYhwd_clPR_P1HKPCFHQjnvhs\/pr:1920\/aHR0cDovL21lZGlhMi5kZXNpZ25wYXJ0bmVyLmZyL2MvcC8xODE2LzE4MTYtNjgyLTEuanBn?v=1610003945"],"opengraph":["https:\/\/media.th4.com\/KAOXJPs9SvK_-LTLQkXnxF-llnl8KyXnOHxIadnKaAk\/pr:1200x630\/aHR0cDovL21lZGlhMi5kZXNpZ25wYXJ0bmVyLmZyL2MvcC8xODE2LzE4MTYtNjgyLTEuanBn?v=1610003945"]},"images_customization":{"miniature":["https:\/\/media.th4.com\/cHNNEjsvYrQM3erDayZeg6OdxIL0v1rxOVbutPO6Ayc\/pr:80\/aHR0cDovL21lZGlhMi5kZXNpZ25wYXJ0bmVyLmZyL2MvcC8xODE2LzE4MTYtNjgyLTEuanBn?v=1610003945"],"medium":["https:\/\/media.th4.com\/lcqRsrU4VNpRMY2ViBFMT5T8ZE-Em270Et9QfLzfluI\/pr:550x550\/aHR0cDovL21lZGlhMi5kZXNpZ25wYXJ0bmVyLmZyL2MvcC8xODE2LzE4MTYtNjgyLTEuanBn?v=1610003945"],"medium_large":["https:\/\/media.th4.com\/xWkvj6M7kCJ0C4TGupcZ9LUhKCHtMuZ-kOrwiA95Zsc\/pr:1000x1000\/aHR0cDovL21lZGlhMi5kZXNpZ25wYXJ0bmVyLmZyL2MvcC8xODE2LzE4MTYtNjgyLTEuanBn?v=1610003945"],"large":["https:\/\/media.th4.com\/y6OmsEsmLpmhEBM_KRgYhwd_clPR_P1HKPCFHQjnvhs\/pr:1920\/aHR0cDovL21lZGlhMi5kZXNpZ25wYXJ0bmVyLmZyL2MvcC8xODE2LzE4MTYtNjgyLTEuanBn?v=1610003945"],"opengraph":["https:\/\/media.th4.com\/KAOXJPs9SvK_-LTLQkXnxF-llnl8KyXnOHxIadnKaAk\/pr:1200x630\/aHR0cDovL21lZGlhMi5kZXNpZ25wYXJ0bmVyLmZyL2MvcC8xODE2LzE4MTYtNjgyLTEuanBn?v=1610003945"]},"country_origin":"CN","traceability":{"manufacturing_country_id":null,"weaving_country_id":null,"dyeing_country_id":null},"sizes":[{"id":16,"article_id":49985,"class_id":9,"name":"4XL","on_standby":false,"stock_local":0,"stock_global":3,"multiple":1,"estimated_date_reassort":null,"is_destocking":false}],"page_links":{"fr":"\/fr\/p-ru-r-018m-0-workwear-soft-shell-jacket-r-018m-0-1816\/french-navy-682\/","en":"\/en\/p-ru-r-018m-0-workwear-soft-shell-jacket-r-018m-0-1816\/french-navy-682\/","de":"\/de\/p-ru-r-018m-0-workwear-softshell-jacke-r-018m-0-1816\/french-navy-682\/","nl":"\/nl\/p-ru-r-018m-0-workwear-softshell-jasjeck-r-018m-0-1816\/french-navy-682\/","es":"\/es\/p-ru-r-018m-0-chaqueta-soft-shell-de-workwear-r-018m-0-1816\/french-navy-682\/","it":"\/it\/p-ru-r-018m-0-giacca-soft-shell-workwear-r-018m-0-1816\/french-navy-682\/","sv":"\/sv\/p-ru-r-018m-0-workwear-soft-shell-jacka-r-018m-0-1816\/french-navy-682\/","pt":"\/pt\/p-ru-r-018m-0-jaqueta-de-casaco-macio-workwear-r-018m-0-1816\/french-navy-682\/","da":"\/da\/p-ru-r-018m-0-workwear-soft-shell-jakke-r-018m-0-1816\/french-navy-682\/","pl":"\/pl\/p-ru-r-018m-0-workwear-soft-shell-kurtka-r-018m-0-1816\/french-navy-682\/"},"page_links_customization":{"fr":"\/fr\/p-ru-r-018m-0-workwear-soft-shell-jacket-r-018m-0-personnalise-1816\/french-navy-682\/custom\/","en":"\/en\/p-ru-r-018m-0-workwear-soft-shell-jacket-r-018m-0-customized-1816\/french-navy-682\/custom\/","de":"\/de\/p-ru-r-018m-0-workwear-softshelljacke-r-018m-0-personalisiert-1816\/french-navy-682\/custom\/","nl":"\/nl\/p-ru-r-018m-0-workwear-soft-shell-jasje-r-018m-0-op-maat-1816\/french-navy-682\/custom\/","es":"\/es\/p-ru-r-018m-0-chaqueta-de-soft-shell-para-trabajo-r-018m-0-personalizada-1816\/french-navy-682\/custom\/","it":"\/it\/p-ru-r-018m-0-giubbotto-soft-shell-workwear-r-018m-0-personalizzato-1816\/french-navy-682\/custom\/","sv":"\/sv\/p-ru-r-018m-0-workwear-soft-shell-jacket-r-018m-0-personlig-1816\/french-navy-682\/custom\/","pt":"\/pt\/p-ru-r-018m-0-jaqueta-soft-shell-de-workwear-r-018m-0-personalizada-1816\/french-navy-682\/custom\/","da":"\/da\/p-ru-r-018m-0-workwear-soft-shell-jakke-r-018m-0-personaliseret-1816\/french-navy-682\/custom\/","pl":"\/pl\/p-ru-r-018m-0-workwear-soft-shell-kurtka-r-018m-0-personalizowany-1816\/french-navy-682\/custom\/"}}],"documentation_link":"\/pdf\/1816.pdf","countries_availables":["AD","AE","AL","AT","BA","BD","BE","BG","BL","CA","CH","CN","CO","CY","CZ","DE","DK","DO","EE","EG","ES","ET","FI","FR","GB","GE","GF","GP","GR","GT","HK","HN","HR","HT","HU","ID","IE","IN","IS","IT","JO","JP","KE","KH","KP","KR","LA","LK","LS","LT","LU","LV","MA","MF","MG","MK","MM","MN","MQ","MT","MX","MY","NC","NI","NL","PF","PH","PK","PL","PM","PT","RE","RO","SE","SG","SI","SK","SV","SY","TH","TN","TR","TW","TZ","US","VN","WF","YT"]},"infos_customization":[],"features":{"authorize_multi_surfaces":true,"display_order_delay_type":true,"promote_surface_display":true,"tarification_franco_offert":true,"enabled_3d_editor":false},"markings":[{"id":0,"nom":"vierge","finition":null,"libelle":null,"code":null,"dpi":null,"finesse_forme_isolee":null,"finesse_forme_non_isolee":null,"hauteur_minimale_texte":null,"inactif":0,"marquage_interne":1,"quantite_min":null,"parent_id":null,"print_on_support":0,"content":"vierge","description":null},{"id":2,"nom":"fonce","finition":"optimale","libelle":"TopQuadri","code":null,"dpi":400,"finesse_forme_isolee":"0.040","finesse_forme_non_isolee":"0.700","hauteur_minimale_texte":2,"inactif":0,"marquage_interne":1,"quantite_min":null,"parent_id":18,"print_on_support":0,"content":"TopQuadri","description":"pour petites et moyennes s\u00e9ries"},{"id":3,"nom":"serigraphie","finition":"serigraphie","libelle":"SeriCoat","code":null,"dpi":400,"finesse_forme_isolee":"0.040","finesse_forme_non_isolee":"0.700","hauteur_minimale_texte":2,"inactif":0,"marquage_interne":1,"quantite_min":15,"parent_id":18,"print_on_support":0,"content":"SeriCoat","description":"pour moyennes et grandes s\u00e9ries"},{"id":4,"nom":"broderie","finition":"broderie","libelle":"Broderie","code":null,"dpi":400,"finesse_forme_isolee":"0.040","finesse_forme_non_isolee":"0.700","hauteur_minimale_texte":3,"inactif":0,"marquage_interne":1,"quantite_min":null,"parent_id":null,"print_on_support":0,"content":"Broderie","description":null},{"id":8,"nom":"theme","finition":null,"libelle":"Th\u00e8me","code":null,"dpi":null,"finesse_forme_isolee":null,"finesse_forme_non_isolee":null,"hauteur_minimale_texte":null,"inactif":0,"marquage_interne":1,"quantite_min":null,"parent_id":null,"print_on_support":0,"content":"Th\u00e8me","description":null},{"id":9,"nom":"sans","finition":null,"libelle":null,"code":null,"dpi":null,"finesse_forme_isolee":null,"finesse_forme_non_isolee":null,"hauteur_minimale_texte":null,"inactif":0,"marquage_interne":1,"quantite_min":null,"parent_id":null,"print_on_support":0,"content":"sans","description":null},{"id":10,"nom":"photo","finition":null,"libelle":"Photo","code":null,"dpi":null,"finesse_forme_isolee":null,"finesse_forme_non_isolee":null,"hauteur_minimale_texte":null,"inactif":0,"marquage_interne":1,"quantite_min":null,"parent_id":null,"print_on_support":0,"content":"Photo","description":null},{"id":14,"nom":"couleur","finition":null,"libelle":"Couleur","code":null,"dpi":null,"finesse_forme_isolee":null,"finesse_forme_non_isolee":null,"hauteur_minimale_texte":null,"inactif":0,"marquage_interne":1,"quantite_min":null,"parent_id":null,"print_on_support":0,"content":"Couleur","description":null},{"id":15,"nom":"sublimation","finition":"sublimation","libelle":"Sublimation","code":null,"dpi":null,"finesse_forme_isolee":"0.000","finesse_forme_non_isolee":"0.000","hauteur_minimale_texte":2,"inactif":0,"marquage_interne":1,"quantite_min":null,"parent_id":null,"print_on_support":0,"content":"Sublimation","description":null},{"id":16,"nom":"topquadri_uv","finition":null,"libelle":"TopQuadri UV","code":null,"dpi":null,"finesse_forme_isolee":"0.020","finesse_forme_non_isolee":"0.700","hauteur_minimale_texte":2,"inactif":0,"marquage_interne":1,"quantite_min":null,"parent_id":null,"print_on_support":1,"content":null,"description":null},{"id":17,"nom":"topquadri_uvp","finition":null,"libelle":"TopQuadri UVP","code":null,"dpi":null,"finesse_forme_isolee":"0.020","finesse_forme_non_isolee":"0.700","hauteur_minimale_texte":2,"inactif":0,"marquage_interne":1,"quantite_min":null,"parent_id":null,"print_on_support":1,"content":null,"description":null},{"id":18,"nom":"quadri","finition":null,"libelle":"Impression","code":null,"dpi":null,"finesse_forme_isolee":null,"finesse_forme_non_isolee":null,"hauteur_minimale_texte":null,"inactif":0,"marquage_interne":1,"quantite_min":null,"parent_id":null,"print_on_support":0,"content":null,"description":null}]}}