{"data":{"product":{"id":18029,"titre":"Pro fleece gilet","description":"Veste polaire sans manche. Coupe standard. Devant avec zip int\u00e9gral. Poches zipp\u00e9es. Coutures \u00e0 aiguilles jumel\u00e9es fantaisie. Unisexe. Composition : 100\u00a0% polyester.","genre":"mixte","grammage":300,"conditionnement":20,"composition":"polyester,polyester_uniquement","reference":"pr-rx405","reference_visible":"pr-rx405","reference_fabricant":"RX405","ref_xor":"725032","in_catalog":true,"is_transfer":false,"is_service":false,"on_standby":false,"has_3d":false,"has_size_guide":false,"has_marking":true,"has_vierge":true,"is_cross_sellable":false,"id_picto":26,"filename_3d":null,"brand":{"id":402,"name":"Pro RTX","logo":"logo-pro-rtx.png","image":"https:\/\/media.th4.com\/5yjJqtmXDNjyJ4DZb-Dxi7PXlOpM6BsJozT_83nbxW8\/pr:brand70x70\/aHR0cDovL21lZGlhMi5kZXNpZ25wYXJ0bmVyLmZyL2MvbS9sb2dvLXByby1ydHgucG5n?v=1712591312"},"price_infos":{"price_from":13.4,"quantity":200,"color":{"id":20733,"name":"black"},"size":{"id":1,"name":"L"}},"price_infos_marking":{"price_from":21.24,"quantity":200,"color":{"id":20733,"name":"black"},"size":{"id":1,"name":"L"},"marking":{"id":4,"name":""},"emplacement":"avant","surface_emplacement_id":1,"surface":"coeur"},"i18n":{"blank":{"title":{"fr":"Pro fleece gilet Veste polaire sans manche PRO RTX rx405","en":"Pro fleece vest Polar jacket without sleeves PRO RTX rx405","de":"Pro Fleece Gilet Polsterweste ohne \u00c4rmel PRO RTX rx405","nl":"Pro fleece gilet Veste polaire zonder mouwen PRO RTX rx405","es":"Chaleco de forro polar sin mangas PRO RTX rx405","it":"Gilet in pile Pro Veste polare senza maniche PRO RTX rx405","sv":"Pro fleece gilet V\u00e4st polare utan \u00e4rmar PRO RTX rx405","pt":"Pro fleece colete jaqueta de polar sem manga PRO RTX rx405","da":"Pro fleece gilet Polovest uden \u00e6rmer PRO RTX rx405","pl":"Pro fleece gilet Kurtka polarowa bez r\u0119kaw\u00f3w PRO RTX rx405"},"description":{"fr":"Ce gilet polaire sans manches offre une solution polyvalente pour diff\u00e9rentes conditions m\u00e9t\u00e9orologiques. Sa coupe standard assure un confort optimal, tandis que le zip int\u00e9gral permet une gestion thermique efficace. Les poches zipp\u00e9es offrent un espace de rangement s\u00e9curis\u00e9 pour les petits objets. Les coutures \u00e0 aiguilles jumel\u00e9es ajoutent une touche esth\u00e9tique. Ce v\u00eatement unisexe est adapt\u00e9 \u00e0 une vari\u00e9t\u00e9 d'activit\u00e9s et peut \u00eatre port\u00e9 comme couche ext\u00e9rieure ou interm\u00e9diaire.\n\n- Composition : 100% polyester\n- Coupe : Standard\n- Poches : Zipp\u00e9es","en":"This sleeveless fleece jacket offers a versatile solution for different weather conditions. Its standard fit ensures optimal comfort, while the full zip allows for effective thermal management. The zipped pockets provide secure storage space for small items. The double-needle stitches add an aesthetic touch. This unisex garment is suitable for a variety of activities and can be worn as an outer or mid-layer.\n\n- Composition: 100% polyester\n- Fit: Standard\n- Pockets: Zipped","de":"Dieses \u00e4rmellose Polsterweste bietet eine vielseitige L\u00f6sung f\u00fcr unterschiedliche Wetterbedingungen. Der Standardschnitt sorgt f\u00fcr optimalen Komfort, w\u00e4hrend der Rei\u00dfverschluss eine effektive Temperaturregelung erm\u00f6glicht. Die Rei\u00dfverschlusstaschen bieten sicheren Stauraum f\u00fcr kleine Gegenst\u00e4nde. Die vern\u00e4hten N\u00e4hte verleihen einen \u00e4sthetischen Touch. Dieses unisex Kleidungsst\u00fcck ist f\u00fcr eine Vielzahl von Aktivit\u00e4ten geeignet und kann als \u00e4u\u00dfere oder mittlere Schicht getragen werden.\n\n- Zusammensetzung : 100% Polyester\n- Schnitt : Standard\n- Taschen : Rei\u00dfverschlusstaschen","nl":"Dit polo zonder mouwen biedt een veelzijdige oplossing voor verschillende weersomstandigheden. Zijn standaard pasvorm zorgt voor optimaal comfort, terwijl de volledige zip een effectieve thermische beheer mogelijk maakt. De gezipte zakken bieden een veilige opslagruimte voor kleine voorwerpen. De samengevoegde naden voegen een esthetische touch toe. Dit unisex kledingstuk is geschikt voor een verscheidenheid aan activiteiten en kan gedragen worden als buiten- of tussenlaag.\n\n- Samenstelling : 100% polyester\n- Pasvorm : Standaard\n- Zakken : Gezipte","es":"Este chaleco polar sin mangas ofrece una soluci\u00f3n vers\u00e1til para diferentes condiciones clim\u00e1ticas. Su corte est\u00e1ndar asegura un confort \u00f3ptimo, mientras que la cremallera completa permite una gesti\u00f3n t\u00e9rmica eficaz. Los bolsillos con cremallera ofrecen un espacio de almacenamiento seguro para peque\u00f1os objetos. Las costuras con agujas gemelas a\u00f1aden un toque est\u00e9tico. Esta prenda unisex es adecuada para una variedad de actividades y puede usarse como capa exterior o intermedia.\n\n- Composici\u00f3n: 100% poli\u00e9ster\n- Corte: Est\u00e1ndar\n- Bolsillos: Con cremallera","it":"Questo gilet polare senza maniche offre una soluzione versatile per diverse condizioni meteorologiche. Il suo taglio standard garantisce un comfort ottimale, mentre la zip integrale consente una gestione termica efficace. Le tasche con zip offrono uno spazio di stoccaggio sicuro per piccoli oggetti. Le cuciture a doppio ago aggiungono un tocco estetico. Questo indumento unisex \u00e8 adatto a una variet\u00e0 di attivit\u00e0 e pu\u00f2 essere indossato come strato esterno o intermedio.\n\n- Composizione : 100% poliestere\n- Taglio : Standard\n- Tasche : Con zip","sv":"Denna polare v\u00e4st utan \u00e4rmar erbjuder en flexibel l\u00f6sning f\u00f6r olika v\u00e4derf\u00f6rh\u00e5llanden. Dess standardpassform s\u00e4kerst\u00e4ller optimal komfort, medan den helt stickade s\u00e4kerst\u00e4ller effektiv v\u00e4rmehantering. De stickade fickorna erbjuder s\u00e4kert f\u00f6rvaringsutrymme f\u00f6r sm\u00e5 f\u00f6rem\u00e5l. De dubbelstickade s\u00f6mmarna l\u00e4gger till en estetisk touch. Denna unisexkl\u00e4der \u00e4r l\u00e4mplig f\u00f6r en m\u00e4ngd aktiviteter och kan b\u00e4ras som yttre lager eller mellanlager.\n\n- Komposition : 100% polyester\n- Passform : Standard\n- Fickor : Stickade","pt":"Este colete de polar sem mangas oferece uma solu\u00e7\u00e3o vers\u00e1til para diferentes condi\u00e7\u00f5es clim\u00e1ticas. Seu corte padr\u00e3o garante conforto \u00f3timo, enquanto o z\u00edper integral permite uma gest\u00e3o t\u00e9rmica eficaz. Os bolsos com z\u00edper oferecem um espa\u00e7o de armazenamento seguro para pequenos objetos. As costuras com agulhas duplas adicionam um toque est\u00e9tico. Esta pe\u00e7a unissex \u00e9 adequada para uma variedade de atividades e pode ser usada como camada externa ou intermedi\u00e1ria.\n\n- Composi\u00e7\u00e3o : 100% poli\u00e9ster\n- Corte : Padr\u00e3o\n- Bolsos : Com z\u00edper","da":"Denne \u00e6rmel\u00f8se polovest tilbyder en alsidig l\u00f8sning til forskellige vejrforhold. Den standard sk\u00e6ring sikrer optimal komfort, mens den helt zipperede \u00e5bning giver effektiv termisk kontrol. De zipperede lommer tilbyder sikkert opbevaringsplads til sm\u00e5 genstande. De dobbeltstingede s\u00f8mme tilf\u00f8jer en \u00e6stetisk berigelse. Dette unisex t\u00f8j er velegnet til en r\u00e6kke aktiviteter og kan b\u00e6res som ydre eller mellemlag.","pl":"Ten kurtka polarowa bez r\u0119kaw\u00f3w oferuje wszechstronne rozwi\u0105zanie dla r\u00f3\u017cnych warunk\u00f3w pogodowych. Jego standardowy kroi zapewnia optymalny komfort, podczas gdy pe\u0142ny zamek b\u0142yskawiczny umo\u017cliwia skuteczn\u0105 regulacj\u0119 temperatury. Zamykane kieszenie oferuj\u0105 bezpieczne miejsce na przechowywanie ma\u0142ych przedmiot\u00f3w. Podw\u00f3jne szwy dodaj\u0105 estetyczny akcent. To ubranie unisex jest odpowiednie do r\u00f3\u017cnych aktywno\u015bci i mo\u017ce by\u0107 noszone jako warstwa zewn\u0119trzna lub po\u015brednia."},"h1":{"fr":"Pro fleece gilet Veste polaire sans manche rx405","en":"Pro fleece vest Polar jacket without sleeves rx405","de":"Pro Fleece Gilet Polsterweste ohne \u00c4rmel rx405","nl":"Pro fleece gilet Veste polaire zonder mouwen rx405","es":"Chaleco de forro polar sin mangas rx405","it":"Gilet in pile Pro Veste polare senza maniche rx405","sv":"Pro fleece gilet V\u00e4st polare utan \u00e4rmar rx405","pt":"Pro fleece colete jaqueta de polar sem manga rx4025","da":"Pro fleece gilet Polovest uden \u00e6rmer rx405","pl":"Pro fleece gilet Kurtka polarowa bez r\u0119kaw\u00f3w rx405"},"meta_description":{"fr":"Veste polaire sans manche coupe standard, zip int\u00e9gral, poches zipp\u00e9es. Id\u00e9al pour les activit\u00e9s outdoor ou comme couche suppl\u00e9mentaire.","en":"Polar jacket without sleeves standard fit, full zip, zipped pockets. Ideal for outdoor activities or as an extra layer.","de":"Polsterweste ohne \u00c4rmel in Standardgr\u00f6\u00dfe, Rei\u00dfverschluss, Rei\u00dfverschlusstaschen. Ideal f\u00fcr Outdoor-Aktivit\u00e4ten oder als zus\u00e4tzliche Schicht.","nl":"Veste polaire zonder mouwen standaard pasvorm, volledige zip, gezipte zakken. Ideaal voor outdooractiviteiten of als extra laag.","es":"Chaqueta polar sin mangas corte est\u00e1ndar, cremallera completa, bolsillos con cremallera. Ideal para actividades al aire libre o como capa adicional.","it":"Veste polare senza maniche taglio standard, zip integrale, tasche con zip. Ideale per attivit\u00e0 outdoor o come strato aggiuntivo.","sv":"V\u00e4st polare utan \u00e4rmar standardpassform, helt stickad, stickade fickor. Idealisk f\u00f6r utomhusaktiviteter eller som extra lager.","pt":"Jaqueta de polar sem manga corte padr\u00e3o, z\u00edper integral, bolsos com z\u00edper. Ideal para atividades ao ar livre ou como camada adicional.","da":"Polovest uden \u00e6rmer standard sk\u00e6ring zip helt, zipperede lommer. Ideel til udend\u00f8rs aktiviteter eller som et ekstra lag.","pl":"Kurtka polarowa bez r\u0119kaw\u00f3w w standardowym kroju, z ca\u0142kowitym zapi\u0119ciem z zapi\u0119ciem z zamek b\u0142yskawiczny, z zapi\u0119tymi kieszeniami. Idealne do aktywno\u015bci na \u015bwie\u017cym powietrzu lub jako dodatkowa warstwa."}},"custom":{"title":{"fr":"Pro fleece gilet Veste polaire sans manche PRO RTX rx405 personnalis\u00e9","en":"Pro fleece vest Polo neck sleeveless PRO RTX rx405 custom","de":"Pro Fleece Weste Polarfleecejacke ohne \u00c4rmel PRO RTX rx405 personalisiert","nl":"Pro fleece vest polojacket zonder mouwen PRO RTX rx405 op maat","es":"Chaleco polar sin mangas Pro fleece Veste polaire personalizado rx405","it":"Gilet di pile Pro senza maniche giacca polare PRO RTX rx405 personalizzato","sv":"Pro fleece gilet V\u00e4st polare utan \u00e4rmar PRO RTX rx405 personlig","pt":"Gilet de moletom de Pro sem manga Veste polar sem manga PRO RTX rx405 personalizado","da":"Pro fleece jakke Varmetr\u00f8je uden \u00e6rmer PRO RTX rx405 tilpasset","pl":"Pro fleece bezr\u0119ka\u0144sz\u00f3wka Kurtka polaryczna bez r\u0119kaw\u00f3w PRO RTX rx405 personalizowany"},"description":{"fr":"Ce gilet polaire sans manche offre une coupe standard confortable et pratique. Il est dot\u00e9 d'un zip int\u00e9gral sur le devant et de poches zipp\u00e9es pour un rangement s\u00e9curis\u00e9. Les coutures \u00e0 aiguilles jumel\u00e9es fantaisie ajoutent une touche esth\u00e9tique. Ce mod\u00e8le unisexe est con\u00e7u pour un usage polyvalent. Il est compos\u00e9 \u00e0 100% de polyester. Possibilit\u00e9 de personnalisation en broderie pour afficher votre logo ou votre visuel.\n\n- Composition : 100% polyester\n- Coupe : Standard\n- Poches : Zipp\u00e9es\n- Style : Unisexe\n- D\u00e9tail : Coutures \u00e0 aiguilles jumel\u00e9es fantaisie","en":"This sleeveless polar vest offers a comfortable and practical standard cut. It features a full front zip and zip pockets for secure storage. The decorative twin-needle stitching adds a stylish touch. This unisex model is designed for versatile use. It is made of 100% polyester. Possibility of customization with embroidery to display your logo or visual.","de":"Diese fleecejacke ohne \u00c4rmel bietet einen bequemen und praktischen Schnitt. Es hat einen vollst\u00e4ndigen Rei\u00dfverschluss an der Vorderseite und Rei\u00dfverschluss Taschen f\u00fcr sicheren Stauraum. Die Fantasien\u00e4hte aus Zwillingsnadeln f\u00fcgen einen \u00e4sthetischen Akzent hinzu. Dieses unisex Modell ist f\u00fcr den vielseitigen Einsatz konzipiert. Es besteht aus 100% Polyester. M\u00f6glichkeit der Personalisierung durch Stickerei, um Ihr Logo oder Ihr Bild anzuzeigen.\n\n- Zusammensetzung: 100% Polyester\n- Schnitt: Standard\n- Taschen: Mit Rei\u00dfverschluss\n- Stil: Unisex\n- Detail: Fantasien\u00e4hte aus Zwillingsnadeln","nl":"Dit polojacket zonder mouwen biedt een comfortabele en praktische standaard maat. Het heeft een volledige ritssluiting aan de voorkant en zippockets voor veilig opslaan. Fantasie naadverbindingen voegen een esthetische aanraking toe. Dit uniseksmodel is ontworpen voor veelzijdig gebruik. Het bestaat uit 100% polyester. Mogelijkheid tot personalisatie met stikken om uw logo of visuele elementen te tonen.\n\n- Samenstelling : 100% polyester\n- Pasvorm : Standaard\n- Zakken : Gezippt\n- Stijl : Uniseks\n- Detail : Fantasie naadverbindingen","es":"Este chaleco polar sin mangas ofrece un corte est\u00e1ndar c\u00f3modo y pr\u00e1ctico. Est\u00e1 equipado con una cremallera completa en el frente y bolsillos con cremallera para un almacenamiento seguro. Las costuras dobles de fantas\u00eda a\u00f1aden un toque est\u00e9tico. Este modelo unisex est\u00e1 dise\u00f1ado para un uso vers\u00e1til. Est\u00e1 compuesto al 100% de poli\u00e9ster. Posibilidad de personalizaci\u00f3n en bordado para mostrar su logo o su visual.","it":"Questo gilet polare senza maniche offre un taglio standard confortevole e pratico. \u00c8 dotato di una cerniera completa sul davanti e di tasche zip per un ripostiglio sicuro. Le cuciture a doppio filo a fantasia aggiungono un tocco estetico. Questo modello unisex \u00e8 progettato per un uso versatile. \u00c8 composto al 100% di poliestere. Possibilit\u00e0 di personalizzazione con ricamo per mostrare il proprio logo o il proprio visivo.\n\n- Composizione : 100% poliestere\n- Taglio : Standard\n- Tasche : Zip\n- Stile : Unisex\n- Dettaglio : Cuciture a doppio filo a fantasia","sv":"Denna \u00e4rmfria polarjacka erbjuder en bekv\u00e4m och praktisk standardpassform. Den har en hel dragkedja fram och zippade fickor f\u00f6r s\u00e4kert f\u00f6rvaring. Fantasi dubbelstingade s\u00f6mmar ger en estetisk touch. Denna unisexmodell \u00e4r konstruerad f\u00f6r flerfaldigt anv\u00e4ndning. Den \u00e4r tillverkat av 100% polyester. M\u00f6jlighet till personligg\u00f6ring med broderi f\u00f6r att visa ditt logotyp eller ditt visuell.\n\n- Sammans\u00e4ttning : 100% polyester\n- Passform : Standard\n- Fickor : Zippade\n- Stil : Unisex\n- Detalj : Fantasi dubbelstingade s\u00f6mmar","pt":"Este gilet polar sem manga oferece um corte padr\u00e3o confort\u00e1vel e pr\u00e1tico. Ele possui um z\u00edper completo na frente e bolsos com z\u00edper para armazenamento seguro. As costuras com pontos duplos adicionam um toque est\u00e9tico. Este modelo unissex \u00e9 projetado para uso vers\u00e1til. \u00c9 composto de 100% de poli\u00e9ster. Possibilidade de personaliza\u00e7\u00e3o em bordado para exibir seu logotipo ou seu visual.\n\n- Composi\u00e7\u00e3o : 100% poli\u00e9ster\n- Corte : Padr\u00e3o\n- Bolsos : Com z\u00edper\n- Estilo : Unissex\n- Detalhe : Costuras com pontos duplos","da":"Denne varmetr\u00f8je uden \u00e6rmer tilbyder en behagelig og praktisk standardpasform. Den er forsynet med en fuld zip foran og zippede lommer til sikker opbevaring. Fantasifulde dobbelt n\u00e5l s\u00f8mme tilf\u00f8jer et \u00e6stetisk touch. Dette unisex model er designet til alsidig brug. Det er sammensat af 100% polyester. Mulighed for personligg\u00f8relse med broderi til at vise dit logo eller dit visuelle element.\n\n- Sammens\u00e6tning: 100% polyester\n- Pasform: Standard\n- Lommer: Zippede\n- Stil: Unisex\n- Detaljer: Fantasifulde dobbelt n\u00e5l s\u00f8mme","pl":"Ta bezr\u0119ka\u0144sz\u00f3wka polaryczna oferuje wygodn\u0105 i praktyczn\u0105 standardow\u0105 pasm\u0119. Jest wyposa\u017cona w zamek b\u0142yskawiczny na przodzie i kieszenie na zamek b\u0142yskawiczny dla bezpiecznego przechowywania. Szwy fantazyjne podw\u00f3jnej ig\u0142y dodaj\u0105 estetycznego akcentu. Ten unisexowy model jest zaprojektowany do wielozadaniowego u\u017cytku. Jest wykonana w 100% z poliestru. Mo\u017cliwo\u015b\u0107 personalizacji przez haft, aby wy\u015bwietli\u0107 sw\u00f3j logo lub wz\u00f3r."},"h1":{"fr":"Pro fleece gilet Veste polaire sans manche rx405 personnalis\u00e9","en":"Pro fleece vest Polo neck sleeveless rx405 custom","de":"Pro Fleece Weste Polarfleecejacke ohne \u00c4rmel rx405 personalisiert","nl":"Pro fleece vest polojacket zonder mouwen rx405 op maat","es":"Chaleco polar sin mangas Pro fleece Veste polaire rx405 personalizado","it":"Gilet di pile Pro senza maniche giacca polare rx405 personalizzato","sv":"Pro fleece gilet V\u00e4st polare utan \u00e4rmar rx405 personlig","pt":"Gilet de moletom de Pro sem manga Veste polar sem manga rx405 personalizado","da":"Pro fleece jakke Varmetr\u00f8je uden \u00e6rmer rx405 tilpasset","pl":"Pro fleece bezr\u0119ka\u0144sz\u00f3wka Kurtka polaryczna bez r\u0119kaw\u00f3w rx405 personalizowany"},"meta_description":{"fr":"Veste polaire sans manche coupe standard, zip int\u00e9gral, poches zipp\u00e9es. Possibilit\u00e9 de personnalisation en broderie. Id\u00e9al pour les professionnels.","en":"Sleeveless polar vest Standard cut, full zip, zip pockets. Possibility of customization with embroidery. Ideal for professionals.","de":"Fleecejacke ohne \u00c4rmel Schnitt Standard, Rei\u00dfverschluss, Rei\u00dfverschluss Taschen. M\u00f6glichkeit der Personalisierung durch Stickerei. Ideal f\u00fcr Fachleute.","nl":"Polojacket zonder mouwen standaard maat, volledige ritssluiting, zippockets. Mogelijkheid tot personalisatie met stikken. Ideaal voor professionals.","es":"Chaqueta polar sin mangas corte est\u00e1ndar, cremallera completa, bolsillos con cremallera. Posibilidad de personalizaci\u00f3n en bordado. Ideal para profesionales.","it":"Giacca polare senza maniche taglia standard, cerniera completa, tasche zip. Possibilit\u00e0 di personalizzazione con ricamo. Ideale per i professionisti.","sv":"V\u00e4st polare utan \u00e4rmar standardpassform, hel dragkedja, zippade fickor. M\u00f6jlighet till personligg\u00f6ring med broderi. Idealisk f\u00f6r proffs.","pt":"Veste polar sem manga corte padr\u00e3o, z\u00edper completo, bolsos com z\u00edper. Possibilidade de personaliza\u00e7\u00e3o em bordado. Ideal para profissionais.","da":"Varmetr\u00f8je uden \u00e6rmer standardpasform, fuld zip, zippede lommer. Mulighed for personligg\u00f8relse med broderi. Ideelt til fagfolk.","pl":"Kurtka polaryczna bez r\u0119kaw\u00f3w w standardowej pasmie, zamykana na zamek b\u0142yskawiczny, kieszenie na zamek b\u0142yskawiczny. Mo\u017cliwo\u015b\u0107 personalizacji przez haft. Idealna dla profesjonalist\u00f3w."}}},"categories":[{"id":7,"name":"Polaires","singular":"Polaire","is_feminin":false},{"id":561,"name":"BTP et Industrie","singular":"BTP et Industrie","is_feminin":false},{"id":559,"name":"Univers","singular":"Univers","is_feminin":false},{"id":354,"name":"Textile","singular":"Textile","is_feminin":false}],"certifications":[{"id":20,"label":"Amfori BSCI","logo_link":"\/images\/certifications\/20_Amfori_BSCI.jpg","is_marking_compatible":false}],"videos":{"fr":[],"en":[],"de":[],"nl":[],"es":[],"it":[],"sv":[],"pt":[],"da":[],"pl":[]},"main_images":{"miniature":"https:\/\/media.th4.com\/jxGtF4U8WDunvCZ19AJEwjAU6SArZwVd69U50birXKE\/pr:80\/aHR0cDovL21lZGlhMi5kZXNpZ25wYXJ0bmVyLmZyL2MvcC1NVC8xODAyOS5qcGc?v=1712754287","medium":"https:\/\/media.th4.com\/KziwsOTsjmLBiMvbJCGjjgPa6I3IfjC0J5BJa_QOgPY\/pr:550x550greybg\/aHR0cDovL21lZGlhMi5kZXNpZ25wYXJ0bmVyLmZyL2MvcC1NVC8xODAyOS5qcGc?v=1712754287","medium_large":"https:\/\/media.th4.com\/hG_jVaB6gE3DWXTHPT6T_yE7oUDNBr5FkdjxN8lGaTY\/pr:1000x1000greybg\/aHR0cDovL21lZGlhMi5kZXNpZ25wYXJ0bmVyLmZyL2MvcC1NVC8xODAyOS5qcGc?v=1712754287","large":"https:\/\/media.th4.com\/bK5V5q2gV1p_b7gujNpxh9Y8nWcSMykprZQ2hD4oxXI\/pr:1920greybg\/aHR0cDovL21lZGlhMi5kZXNpZ25wYXJ0bmVyLmZyL2MvcC1NVC8xODAyOS5qcGc?v=1712754287","opengraph":"https:\/\/media.th4.com\/MFp0CKUPt0skrDiE39WAN6AW0JG4NnUtaJDsmM5aqfs\/pr:1200x630greybg\/aHR0cDovL21lZGlhMi5kZXNpZ25wYXJ0bmVyLmZyL2MvcC1NVC8xODAyOS5qcGc?v=1712754287"},"main_images_customization":{"miniature":"https:\/\/media.th4.com\/jxGtF4U8WDunvCZ19AJEwjAU6SArZwVd69U50birXKE\/pr:80\/aHR0cDovL21lZGlhMi5kZXNpZ25wYXJ0bmVyLmZyL2MvcC1NVC8xODAyOS5qcGc?v=1712754287","medium":"https:\/\/media.th4.com\/KziwsOTsjmLBiMvbJCGjjgPa6I3IfjC0J5BJa_QOgPY\/pr:550x550greybg\/aHR0cDovL21lZGlhMi5kZXNpZ25wYXJ0bmVyLmZyL2MvcC1NVC8xODAyOS5qcGc?v=1712754287","medium_large":"https:\/\/media.th4.com\/hG_jVaB6gE3DWXTHPT6T_yE7oUDNBr5FkdjxN8lGaTY\/pr:1000x1000greybg\/aHR0cDovL21lZGlhMi5kZXNpZ25wYXJ0bmVyLmZyL2MvcC1NVC8xODAyOS5qcGc?v=1712754287","large":"https:\/\/media.th4.com\/bK5V5q2gV1p_b7gujNpxh9Y8nWcSMykprZQ2hD4oxXI\/pr:1920greybg\/aHR0cDovL21lZGlhMi5kZXNpZ25wYXJ0bmVyLmZyL2MvcC1NVC8xODAyOS5qcGc?v=1712754287","opengraph":"https:\/\/media.th4.com\/MFp0CKUPt0skrDiE39WAN6AW0JG4NnUtaJDsmM5aqfs\/pr:1200x630greybg\/aHR0cDovL21lZGlhMi5kZXNpZ25wYXJ0bmVyLmZyL2MvcC1NVC8xODAyOS5qcGc?v=1712754287"},"page_links":{"fr":"\/fr\/p-pr-rx405-pro-fleece-gilet-veste-polaire-sans-manche-rx405-18029\/","en":"\/en\/p-pr-rx405-pro-fleece-vest-polar-jacket-without-sleeves-rx405-18029\/","de":"\/de\/p-pr-rx405-pro-fleece-gilet-polsterweste-ohne-armel-rx405-18029\/","nl":"\/nl\/p-pr-rx405-pro-fleece-gilet-veste-polaire-zonder-mouwen-rx405-18029\/","es":"\/es\/p-pr-rx405-chaleco-de-forro-polar-sin-mangas-rx405-18029\/","it":"\/it\/p-pr-rx405-gilet-in-pile-pro-veste-polare-senza-maniche-rx405-18029\/","sv":"\/sv\/p-pr-rx405-pro-fleece-gilet-vast-polare-utan-armar-rx405-18029\/","pt":"\/pt\/p-pr-rx405-pro-fleece-colete-jaqueta-de-polar-sem-manga-rx4025-18029\/","da":"\/da\/p-pr-rx405-pro-fleece-gilet-polovest-uden-aermer-rx405-18029\/","pl":"\/pl\/p-pr-rx405-pro-fleece-gilet-kurtka-polarowa-bez-rekawow-rx405-18029\/"},"page_links_customization":{"fr":"\/fr\/p-pr-rx405-pro-fleece-gilet-veste-polaire-sans-manche-rx405-personnalise-18029\/custom\/","en":"\/en\/p-pr-rx405-pro-fleece-vest-polo-neck-sleeveless-rx405-custom-18029\/custom\/","de":"\/de\/p-pr-rx405-pro-fleece-weste-polarfleecejacke-ohne-armel-rx405-personalisiert-18029\/custom\/","nl":"\/nl\/p-pr-rx405-pro-fleece-vest-polojacket-zonder-mouwen-rx405-op-maat-18029\/custom\/","es":"\/es\/p-pr-rx405-chaleco-polar-sin-mangas-pro-fleece-veste-polaire-rx405-personalizado-18029\/custom\/","it":"\/it\/p-pr-rx405-gilet-di-pile-pro-senza-maniche-giacca-polare-rx405-personalizzato-18029\/custom\/","sv":"\/sv\/p-pr-rx405-pro-fleece-gilet-vast-polare-utan-armar-rx405-personlig-18029\/custom\/","pt":"\/pt\/p-pr-rx405-gilet-de-moletom-de-pro-sem-manga-veste-polar-sem-manga-rx405-personalizado-18029\/custom\/","da":"\/da\/p-pr-rx405-pro-fleece-jakke-varmetroje-uden-aermer-rx405-tilpasset-18029\/custom\/","pl":"\/pl\/p-pr-rx405-pro-fleece-bezrekanszowka-kurtka-polaryczna-bez-rekawow-rx405-personalizowany-18029\/custom\/"},"equivalent_products":[],"colors":[{"id":20733,"name":"black","class_ids":[4],"codes_hexa":["231f20"],"delai_24":false,"has_3d":false,"seuil_global":0,"stock_local":0,"stock_global":2456,"on_standby":false,"in_catalog":true,"images":{"miniature":["https:\/\/media.th4.com\/3J9lQbh2XBQBv422-20b_h-2r1wGaZyEgJlGg0TSpKo\/pr:80\/aHR0cDovL21lZGlhMi5kZXNpZ25wYXJ0bmVyLmZyL2MvcC8xODAyOS8xODAyOS0yMDczMy0xLmpwZw?v=1712754041","https:\/\/media.th4.com\/jZfsaBxkCDWPdH7rJxENqwW00Xypneas_JFqZiyhgKE\/pr:80\/aHR0cDovL21lZGlhMi5kZXNpZ25wYXJ0bmVyLmZyL2MvcC8xODAyOS8xODAyOS0yMDczMy0xMC5qcGc?v=1712754043","https:\/\/media.th4.com\/mRo4piVMRaADzkU9LPVF-em5FLKe2Z1ZMCuem5i58I8\/pr:80\/aHR0cDovL21lZGlhMi5kZXNpZ25wYXJ0bmVyLmZyL2MvcC8xODAyOS8xODAyOS0yMDczMy0yLmpwZw?v=1712754044"],"medium":["https:\/\/media.th4.com\/r_QGJHa8FlyjoByNkamzBYwLE3-zNAgkXlH81D2620k\/pr:550x550\/aHR0cDovL21lZGlhMi5kZXNpZ25wYXJ0bmVyLmZyL2MvcC8xODAyOS8xODAyOS0yMDczMy0xLmpwZw?v=1712754041","https:\/\/media.th4.com\/JBK7Lu2xCXIHuQBL-koc-xRwCngUbMFj9JbxHIBMxxs\/pr:550x550\/aHR0cDovL21lZGlhMi5kZXNpZ25wYXJ0bmVyLmZyL2MvcC8xODAyOS8xODAyOS0yMDczMy0xMC5qcGc?v=1712754043","https:\/\/media.th4.com\/1UgBe7ifWImzHuSL65PR4DbgUJ8Mg2zxSELvM2ZdKls\/pr:550x550\/aHR0cDovL21lZGlhMi5kZXNpZ25wYXJ0bmVyLmZyL2MvcC8xODAyOS8xODAyOS0yMDczMy0yLmpwZw?v=1712754044"],"medium_large":["https:\/\/media.th4.com\/92x1-tiFHaI0v4BzhaAKxbidy2g0Kexy2Hs12X01_5Y\/pr:1000x1000\/aHR0cDovL21lZGlhMi5kZXNpZ25wYXJ0bmVyLmZyL2MvcC8xODAyOS8xODAyOS0yMDczMy0xLmpwZw?v=1712754041","https:\/\/media.th4.com\/9kzs5QhKt7qNdF_YSfjtanEiZIJ-nMG493fjU2zMxcc\/pr:1000x1000\/aHR0cDovL21lZGlhMi5kZXNpZ25wYXJ0bmVyLmZyL2MvcC8xODAyOS8xODAyOS0yMDczMy0xMC5qcGc?v=1712754043","https:\/\/media.th4.com\/Q7jjQ3V3VkKJKc-35JX4_C_KVCpiSf9kKcYPQyYz5ac\/pr:1000x1000\/aHR0cDovL21lZGlhMi5kZXNpZ25wYXJ0bmVyLmZyL2MvcC8xODAyOS8xODAyOS0yMDczMy0yLmpwZw?v=1712754044"],"large":["https:\/\/media.th4.com\/94DQKVWoJDLGDmRlOzP71YoUmFsv2eoXslZqaVsCuRc\/pr:1920\/aHR0cDovL21lZGlhMi5kZXNpZ25wYXJ0bmVyLmZyL2MvcC8xODAyOS8xODAyOS0yMDczMy0xLmpwZw?v=1712754041","https:\/\/media.th4.com\/-90Lz85IiTuSbkuUnhmC2ywsITxX0EhuvFVS5h8EN10\/pr:1920\/aHR0cDovL21lZGlhMi5kZXNpZ25wYXJ0bmVyLmZyL2MvcC8xODAyOS8xODAyOS0yMDczMy0xMC5qcGc?v=1712754043","https:\/\/media.th4.com\/xQ8WhP38s9uYWMpm9XvMp195CKVmmKTyky_s_xgYUjw\/pr:1920\/aHR0cDovL21lZGlhMi5kZXNpZ25wYXJ0bmVyLmZyL2MvcC8xODAyOS8xODAyOS0yMDczMy0yLmpwZw?v=1712754044"],"opengraph":["https:\/\/media.th4.com\/-tqGWnxZ1qSawbuRVQ1pPe_GEaZCFAXahSf3FFo0nMU\/pr:1200x630\/aHR0cDovL21lZGlhMi5kZXNpZ25wYXJ0bmVyLmZyL2MvcC8xODAyOS8xODAyOS0yMDczMy0xLmpwZw?v=1712754041","https:\/\/media.th4.com\/LwNyZPY9Py4PdafGwqInF27NmAi6Fp2ouo1N-uMgRYs\/pr:1200x630\/aHR0cDovL21lZGlhMi5kZXNpZ25wYXJ0bmVyLmZyL2MvcC8xODAyOS8xODAyOS0yMDczMy0xMC5qcGc?v=1712754043","https:\/\/media.th4.com\/E82s6LKTrlzsyDXYWLOh7r2xyCa4P0Z21DlhR4rspao\/pr:1200x630\/aHR0cDovL21lZGlhMi5kZXNpZ25wYXJ0bmVyLmZyL2MvcC8xODAyOS8xODAyOS0yMDczMy0yLmpwZw?v=1712754044"]},"images_customization":{"miniature":["https:\/\/media.th4.com\/7XFje1lWvsz7HIaHJxm_B6ey4WAht9H1kareiOWfC5w\/pr:80\/aHR0cDovL21lZGlhMi5kZXNpZ25wYXJ0bmVyLmZyL2MvcC1zaG9wcGluZy1jdXN0b20tVEgvMTgwMjkvMTgwMjktMjA3MzMtMS5qcGc?v=1737555954","https:\/\/media.th4.com\/zv1JcCaPnuUnnY4LgQdU5VQS_A-FBUIfg--onee2L70\/pr:80\/aHR0cDovL21lZGlhMi5kZXNpZ25wYXJ0bmVyLmZyL2MvcC1zaG9wcGluZy1jdXN0b20tVEgvMTgwMjkvMTgwMjktMjA3MzMtMi5qcGc?v=1737555954"],"medium":["https:\/\/media.th4.com\/zr81xy_EAekXUbwIRYnC1Wasr5p5tajZA1qTE5j3xtc\/pr:550x550\/aHR0cDovL21lZGlhMi5kZXNpZ25wYXJ0bmVyLmZyL2MvcC1zaG9wcGluZy1jdXN0b20tVEgvMTgwMjkvMTgwMjktMjA3MzMtMS5qcGc?v=1737555954","https:\/\/media.th4.com\/Dxy4-s5_2zTvzOQk8BRzfyKKilJmL6UMqSZ-rHgHtPA\/pr:550x550\/aHR0cDovL21lZGlhMi5kZXNpZ25wYXJ0bmVyLmZyL2MvcC1zaG9wcGluZy1jdXN0b20tVEgvMTgwMjkvMTgwMjktMjA3MzMtMi5qcGc?v=1737555954"],"medium_large":["https:\/\/media.th4.com\/R4iitKTmpWK-FFbPvQLAgXMP3aevpQnBPq4rzSjLOIE\/pr:1000x1000\/aHR0cDovL21lZGlhMi5kZXNpZ25wYXJ0bmVyLmZyL2MvcC1zaG9wcGluZy1jdXN0b20tVEgvMTgwMjkvMTgwMjktMjA3MzMtMS5qcGc?v=1737555954","https:\/\/media.th4.com\/y82ILa8hNS9xpr0sR8T48Z3PmikBqzEcELIekQC3C7A\/pr:1000x1000\/aHR0cDovL21lZGlhMi5kZXNpZ25wYXJ0bmVyLmZyL2MvcC1zaG9wcGluZy1jdXN0b20tVEgvMTgwMjkvMTgwMjktMjA3MzMtMi5qcGc?v=1737555954"],"large":["https:\/\/media.th4.com\/gkcfdzOTAmCfQdYwfJRAcyGsbrr4dTkJgYcdupX1pzc\/pr:1920\/aHR0cDovL21lZGlhMi5kZXNpZ25wYXJ0bmVyLmZyL2MvcC1zaG9wcGluZy1jdXN0b20tVEgvMTgwMjkvMTgwMjktMjA3MzMtMS5qcGc?v=1737555954","https:\/\/media.th4.com\/Y-7GsefF91KmAvCoY2q6gihBzcI6EFZF1YHO6I6g6Tg\/pr:1920\/aHR0cDovL21lZGlhMi5kZXNpZ25wYXJ0bmVyLmZyL2MvcC1zaG9wcGluZy1jdXN0b20tVEgvMTgwMjkvMTgwMjktMjA3MzMtMi5qcGc?v=1737555954"],"opengraph":["https:\/\/media.th4.com\/n_XipuRmGsMLLoPCvjIlQES6eK1lIL6MMwBx3yOsYRQ\/pr:1200x630\/aHR0cDovL21lZGlhMi5kZXNpZ25wYXJ0bmVyLmZyL2MvcC1zaG9wcGluZy1jdXN0b20tVEgvMTgwMjkvMTgwMjktMjA3MzMtMS5qcGc?v=1737555954","https:\/\/media.th4.com\/K8GoPsiidutezjqi_lZyqkY7K0LtvcDypH70_WwWcRE\/pr:1200x630\/aHR0cDovL21lZGlhMi5kZXNpZ25wYXJ0bmVyLmZyL2MvcC1zaG9wcGluZy1jdXN0b20tVEgvMTgwMjkvMTgwMjktMjA3MzMtMi5qcGc?v=1737555954"]},"country_origin":"BD","traceability":{"manufacturing_country_id":null,"weaving_country_id":null,"dyeing_country_id":null},"sizes":[{"id":3,"article_id":454212,"class_id":3,"name":"S","on_standby":false,"stock_local":0,"stock_global":147,"multiple":1,"estimated_date_reassort":null,"is_destocking":false},{"id":2,"article_id":454213,"class_id":4,"name":"M","on_standby":false,"stock_local":0,"stock_global":596,"multiple":1,"estimated_date_reassort":null,"is_destocking":false},{"id":1,"article_id":454214,"class_id":5,"name":"L","on_standby":false,"stock_local":0,"stock_global":896,"multiple":1,"estimated_date_reassort":null,"is_destocking":false},{"id":4,"article_id":454215,"class_id":6,"name":"XL","on_standby":false,"stock_local":0,"stock_global":519,"multiple":1,"estimated_date_reassort":null,"is_destocking":false},{"id":1116,"article_id":454216,"class_id":7,"name":"2XL","on_standby":false,"stock_local":0,"stock_global":224,"multiple":1,"estimated_date_reassort":null,"is_destocking":false},{"id":1081,"article_id":454217,"class_id":8,"name":"3XL","on_standby":false,"stock_local":0,"stock_global":74,"multiple":1,"estimated_date_reassort":null,"is_destocking":false}],"page_links":{"fr":"\/fr\/p-pr-rx405-pro-fleece-gilet-veste-polaire-sans-manche-rx405-18029\/black-20733\/","en":"\/en\/p-pr-rx405-pro-fleece-vest-polar-jacket-without-sleeves-rx405-18029\/black-20733\/","de":"\/de\/p-pr-rx405-pro-fleece-gilet-polsterweste-ohne-armel-rx405-18029\/black-20733\/","nl":"\/nl\/p-pr-rx405-pro-fleece-gilet-veste-polaire-zonder-mouwen-rx405-18029\/black-20733\/","es":"\/es\/p-pr-rx405-chaleco-de-forro-polar-sin-mangas-rx405-18029\/black-20733\/","it":"\/it\/p-pr-rx405-gilet-in-pile-pro-veste-polare-senza-maniche-rx405-18029\/black-20733\/","sv":"\/sv\/p-pr-rx405-pro-fleece-gilet-vast-polare-utan-armar-rx405-18029\/black-20733\/","pt":"\/pt\/p-pr-rx405-pro-fleece-colete-jaqueta-de-polar-sem-manga-rx4025-18029\/black-20733\/","da":"\/da\/p-pr-rx405-pro-fleece-gilet-polovest-uden-aermer-rx405-18029\/black-20733\/","pl":"\/pl\/p-pr-rx405-pro-fleece-gilet-kurtka-polarowa-bez-rekawow-rx405-18029\/black-20733\/"},"page_links_customization":{"fr":"\/fr\/p-pr-rx405-pro-fleece-gilet-veste-polaire-sans-manche-rx405-personnalise-18029\/black-20733\/custom\/","en":"\/en\/p-pr-rx405-pro-fleece-vest-polo-neck-sleeveless-rx405-custom-18029\/black-20733\/custom\/","de":"\/de\/p-pr-rx405-pro-fleece-weste-polarfleecejacke-ohne-armel-rx405-personalisiert-18029\/black-20733\/custom\/","nl":"\/nl\/p-pr-rx405-pro-fleece-vest-polojacket-zonder-mouwen-rx405-op-maat-18029\/black-20733\/custom\/","es":"\/es\/p-pr-rx405-chaleco-polar-sin-mangas-pro-fleece-veste-polaire-rx405-personalizado-18029\/black-20733\/custom\/","it":"\/it\/p-pr-rx405-gilet-di-pile-pro-senza-maniche-giacca-polare-rx405-personalizzato-18029\/black-20733\/custom\/","sv":"\/sv\/p-pr-rx405-pro-fleece-gilet-vast-polare-utan-armar-rx405-personlig-18029\/black-20733\/custom\/","pt":"\/pt\/p-pr-rx405-gilet-de-moletom-de-pro-sem-manga-veste-polar-sem-manga-rx405-personalizado-18029\/black-20733\/custom\/","da":"\/da\/p-pr-rx405-pro-fleece-jakke-varmetroje-uden-aermer-rx405-tilpasset-18029\/black-20733\/custom\/","pl":"\/pl\/p-pr-rx405-pro-fleece-bezrekanszowka-kurtka-polaryczna-bez-rekawow-rx405-personalizowany-18029\/black-20733\/custom\/"}},{"id":20736,"name":"charcoal","class_ids":[3],"codes_hexa":["1c2b39"],"delai_24":false,"has_3d":false,"seuil_global":0,"stock_local":0,"stock_global":1809,"on_standby":false,"in_catalog":true,"images":{"miniature":["https:\/\/media.th4.com\/Tvpp-D7wHmF2CiBQOJ0XxMFvwHEXFTft4cWIh_vvDxk\/pr:80\/aHR0cDovL21lZGlhMi5kZXNpZ25wYXJ0bmVyLmZyL2MvcC8xODAyOS8xODAyOS0yMDczNi0xLmpwZw?v=1712754046","https:\/\/media.th4.com\/ue6-dQeDqEfIQjaEBDyJe4ztVQ5FJdv-26fvvhN0Aog\/pr:80\/aHR0cDovL21lZGlhMi5kZXNpZ25wYXJ0bmVyLmZyL2MvcC8xODAyOS8xODAyOS0yMDczNi0xMC5qcGc?v=1712754047","https:\/\/media.th4.com\/iEyo4w0Mx08kFNQL1FokpDjm4C2LoYrf8e5e1wKKe2Y\/pr:80\/aHR0cDovL21lZGlhMi5kZXNpZ25wYXJ0bmVyLmZyL2MvcC8xODAyOS8xODAyOS0yMDczNi0yLmpwZw?v=1712754049"],"medium":["https:\/\/media.th4.com\/_AJVjGL6RltgxLQhVFX8NdXu8h-HZNohqijteU7RPak\/pr:550x550\/aHR0cDovL21lZGlhMi5kZXNpZ25wYXJ0bmVyLmZyL2MvcC8xODAyOS8xODAyOS0yMDczNi0xLmpwZw?v=1712754046","https:\/\/media.th4.com\/URJDXu6QeeQ3zGYWk55e3b9a4jI6Yu_2fsX2JcaYdb8\/pr:550x550\/aHR0cDovL21lZGlhMi5kZXNpZ25wYXJ0bmVyLmZyL2MvcC8xODAyOS8xODAyOS0yMDczNi0xMC5qcGc?v=1712754047","https:\/\/media.th4.com\/KnDGinIE_RKYdnTD069Z80AnD2VgO3Yj3O9x6tCD718\/pr:550x550\/aHR0cDovL21lZGlhMi5kZXNpZ25wYXJ0bmVyLmZyL2MvcC8xODAyOS8xODAyOS0yMDczNi0yLmpwZw?v=1712754049"],"medium_large":["https:\/\/media.th4.com\/gUzW3bLYIJyVNNwlMkL3Y9cdXnseMRoQ2cVZryq8PfE\/pr:1000x1000\/aHR0cDovL21lZGlhMi5kZXNpZ25wYXJ0bmVyLmZyL2MvcC8xODAyOS8xODAyOS0yMDczNi0xLmpwZw?v=1712754046","https:\/\/media.th4.com\/GKWCmkeiTxD2YLUwlDO8axgrYkz-BIcqCxFLWkWFUM8\/pr:1000x1000\/aHR0cDovL21lZGlhMi5kZXNpZ25wYXJ0bmVyLmZyL2MvcC8xODAyOS8xODAyOS0yMDczNi0xMC5qcGc?v=1712754047","https:\/\/media.th4.com\/8IXqd3HAYuUertMfIrAfdo1xEmHzVwHedWV59VYUyS8\/pr:1000x1000\/aHR0cDovL21lZGlhMi5kZXNpZ25wYXJ0bmVyLmZyL2MvcC8xODAyOS8xODAyOS0yMDczNi0yLmpwZw?v=1712754049"],"large":["https:\/\/media.th4.com\/07dvljh1lHx6T4u5VEIVUM6ShiemXi4YQIqveR276Bg\/pr:1920\/aHR0cDovL21lZGlhMi5kZXNpZ25wYXJ0bmVyLmZyL2MvcC8xODAyOS8xODAyOS0yMDczNi0xLmpwZw?v=1712754046","https:\/\/media.th4.com\/t3R9F8X888YcEpMZERyFnWj6vvx0XV-npOtzXtljCIU\/pr:1920\/aHR0cDovL21lZGlhMi5kZXNpZ25wYXJ0bmVyLmZyL2MvcC8xODAyOS8xODAyOS0yMDczNi0xMC5qcGc?v=1712754047","https:\/\/media.th4.com\/Aob502eoVzFxUqr5AzFQ7HHwiPVxgLyfC0V_FQYxCvw\/pr:1920\/aHR0cDovL21lZGlhMi5kZXNpZ25wYXJ0bmVyLmZyL2MvcC8xODAyOS8xODAyOS0yMDczNi0yLmpwZw?v=1712754049"],"opengraph":["https:\/\/media.th4.com\/73g0NHatkezrl5DCWiyWtoPRD2TUdX5EtUsVmj6b7gg\/pr:1200x630\/aHR0cDovL21lZGlhMi5kZXNpZ25wYXJ0bmVyLmZyL2MvcC8xODAyOS8xODAyOS0yMDczNi0xLmpwZw?v=1712754046","https:\/\/media.th4.com\/krE-nWX7AyFHR1SyWgzXWtU9ATlchbFcNKegFHJhLm0\/pr:1200x630\/aHR0cDovL21lZGlhMi5kZXNpZ25wYXJ0bmVyLmZyL2MvcC8xODAyOS8xODAyOS0yMDczNi0xMC5qcGc?v=1712754047","https:\/\/media.th4.com\/OlCc9UWONs8ryaLs_RdzhrCSCvhFueMd11QLBTRpFDo\/pr:1200x630\/aHR0cDovL21lZGlhMi5kZXNpZ25wYXJ0bmVyLmZyL2MvcC8xODAyOS8xODAyOS0yMDczNi0yLmpwZw?v=1712754049"]},"images_customization":{"miniature":["https:\/\/media.th4.com\/YBL0R-TK8k3xw8FuZ8Xc7zuC6zrcCtQUY6ezF6M2SmQ\/pr:80\/aHR0cDovL21lZGlhMi5kZXNpZ25wYXJ0bmVyLmZyL2MvcC1zaG9wcGluZy1jdXN0b20tVEgvMTgwMjkvMTgwMjktMjA3MzYtMS5qcGc?v=1737555954","https:\/\/media.th4.com\/O7BQ2vUXKZHYUAJpJAoj5WiFyQwl6j23EDrtKOgJE6k\/pr:80\/aHR0cDovL21lZGlhMi5kZXNpZ25wYXJ0bmVyLmZyL2MvcC1zaG9wcGluZy1jdXN0b20tVEgvMTgwMjkvMTgwMjktMjA3MzYtMi5qcGc?v=1737555954"],"medium":["https:\/\/media.th4.com\/RNCHEQ3utNBmo2ioxLpk-Rjt2ayImktB3_UzKqbKxVc\/pr:550x550\/aHR0cDovL21lZGlhMi5kZXNpZ25wYXJ0bmVyLmZyL2MvcC1zaG9wcGluZy1jdXN0b20tVEgvMTgwMjkvMTgwMjktMjA3MzYtMS5qcGc?v=1737555954","https:\/\/media.th4.com\/sMIZuKktPsRvXh89zGrJ4ueove5XenG0yMSVfKZURKY\/pr:550x550\/aHR0cDovL21lZGlhMi5kZXNpZ25wYXJ0bmVyLmZyL2MvcC1zaG9wcGluZy1jdXN0b20tVEgvMTgwMjkvMTgwMjktMjA3MzYtMi5qcGc?v=1737555954"],"medium_large":["https:\/\/media.th4.com\/fXiasMGgEkV2QzYwxQHH0E0G2s20EXG4rjXhDVMJXno\/pr:1000x1000\/aHR0cDovL21lZGlhMi5kZXNpZ25wYXJ0bmVyLmZyL2MvcC1zaG9wcGluZy1jdXN0b20tVEgvMTgwMjkvMTgwMjktMjA3MzYtMS5qcGc?v=1737555954","https:\/\/media.th4.com\/cCVwJzC5wCpzXlvKiAQh71NGCFR0dEhpDsPBbGr2BHE\/pr:1000x1000\/aHR0cDovL21lZGlhMi5kZXNpZ25wYXJ0bmVyLmZyL2MvcC1zaG9wcGluZy1jdXN0b20tVEgvMTgwMjkvMTgwMjktMjA3MzYtMi5qcGc?v=1737555954"],"large":["https:\/\/media.th4.com\/cQWXCtmDI1JoAV32Y_9v8wsthpSpt4OrmZIPAePuikA\/pr:1920\/aHR0cDovL21lZGlhMi5kZXNpZ25wYXJ0bmVyLmZyL2MvcC1zaG9wcGluZy1jdXN0b20tVEgvMTgwMjkvMTgwMjktMjA3MzYtMS5qcGc?v=1737555954","https:\/\/media.th4.com\/Kk-Lc6HE6EHDZjUywyaR9ge8rAVpFPbKCWI99y0mQVk\/pr:1920\/aHR0cDovL21lZGlhMi5kZXNpZ25wYXJ0bmVyLmZyL2MvcC1zaG9wcGluZy1jdXN0b20tVEgvMTgwMjkvMTgwMjktMjA3MzYtMi5qcGc?v=1737555954"],"opengraph":["https:\/\/media.th4.com\/HCcun1fDr8Jo7uxZAmf7aOc5R9MaB_bO4iiHLLB-G94\/pr:1200x630\/aHR0cDovL21lZGlhMi5kZXNpZ25wYXJ0bmVyLmZyL2MvcC1zaG9wcGluZy1jdXN0b20tVEgvMTgwMjkvMTgwMjktMjA3MzYtMS5qcGc?v=1737555954","https:\/\/media.th4.com\/HaueUrSSzrd13pi-tPEqYK2AhreFzWDm1o8xevN4lGg\/pr:1200x630\/aHR0cDovL21lZGlhMi5kZXNpZ25wYXJ0bmVyLmZyL2MvcC1zaG9wcGluZy1jdXN0b20tVEgvMTgwMjkvMTgwMjktMjA3MzYtMi5qcGc?v=1737555954"]},"country_origin":"BD","traceability":{"manufacturing_country_id":null,"weaving_country_id":null,"dyeing_country_id":null},"sizes":[{"id":3,"article_id":454218,"class_id":3,"name":"S","on_standby":false,"stock_local":0,"stock_global":135,"multiple":1,"estimated_date_reassort":null,"is_destocking":false},{"id":2,"article_id":454219,"class_id":4,"name":"M","on_standby":false,"stock_local":0,"stock_global":567,"multiple":1,"estimated_date_reassort":null,"is_destocking":false},{"id":1,"article_id":454220,"class_id":5,"name":"L","on_standby":false,"stock_local":0,"stock_global":572,"multiple":1,"estimated_date_reassort":null,"is_destocking":false},{"id":4,"article_id":454221,"class_id":6,"name":"XL","on_standby":false,"stock_local":0,"stock_global":291,"multiple":1,"estimated_date_reassort":null,"is_destocking":false},{"id":1116,"article_id":454222,"class_id":7,"name":"2XL","on_standby":false,"stock_local":0,"stock_global":171,"multiple":1,"estimated_date_reassort":null,"is_destocking":false},{"id":1081,"article_id":454223,"class_id":8,"name":"3XL","on_standby":false,"stock_local":0,"stock_global":73,"multiple":1,"estimated_date_reassort":null,"is_destocking":false}],"page_links":{"fr":"\/fr\/p-pr-rx405-pro-fleece-gilet-veste-polaire-sans-manche-rx405-18029\/charcoal-20736\/","en":"\/en\/p-pr-rx405-pro-fleece-vest-polar-jacket-without-sleeves-rx405-18029\/charcoal-20736\/","de":"\/de\/p-pr-rx405-pro-fleece-gilet-polsterweste-ohne-armel-rx405-18029\/charcoal-20736\/","nl":"\/nl\/p-pr-rx405-pro-fleece-gilet-veste-polaire-zonder-mouwen-rx405-18029\/charcoal-20736\/","es":"\/es\/p-pr-rx405-chaleco-de-forro-polar-sin-mangas-rx405-18029\/charcoal-20736\/","it":"\/it\/p-pr-rx405-gilet-in-pile-pro-veste-polare-senza-maniche-rx405-18029\/charcoal-20736\/","sv":"\/sv\/p-pr-rx405-pro-fleece-gilet-vast-polare-utan-armar-rx405-18029\/charcoal-20736\/","pt":"\/pt\/p-pr-rx405-pro-fleece-colete-jaqueta-de-polar-sem-manga-rx4025-18029\/charcoal-20736\/","da":"\/da\/p-pr-rx405-pro-fleece-gilet-polovest-uden-aermer-rx405-18029\/charcoal-20736\/","pl":"\/pl\/p-pr-rx405-pro-fleece-gilet-kurtka-polarowa-bez-rekawow-rx405-18029\/charcoal-20736\/"},"page_links_customization":{"fr":"\/fr\/p-pr-rx405-pro-fleece-gilet-veste-polaire-sans-manche-rx405-personnalise-18029\/charcoal-20736\/custom\/","en":"\/en\/p-pr-rx405-pro-fleece-vest-polo-neck-sleeveless-rx405-custom-18029\/charcoal-20736\/custom\/","de":"\/de\/p-pr-rx405-pro-fleece-weste-polarfleecejacke-ohne-armel-rx405-personalisiert-18029\/charcoal-20736\/custom\/","nl":"\/nl\/p-pr-rx405-pro-fleece-vest-polojacket-zonder-mouwen-rx405-op-maat-18029\/charcoal-20736\/custom\/","es":"\/es\/p-pr-rx405-chaleco-polar-sin-mangas-pro-fleece-veste-polaire-rx405-personalizado-18029\/charcoal-20736\/custom\/","it":"\/it\/p-pr-rx405-gilet-di-pile-pro-senza-maniche-giacca-polare-rx405-personalizzato-18029\/charcoal-20736\/custom\/","sv":"\/sv\/p-pr-rx405-pro-fleece-gilet-vast-polare-utan-armar-rx405-personlig-18029\/charcoal-20736\/custom\/","pt":"\/pt\/p-pr-rx405-gilet-de-moletom-de-pro-sem-manga-veste-polar-sem-manga-rx405-personalizado-18029\/charcoal-20736\/custom\/","da":"\/da\/p-pr-rx405-pro-fleece-jakke-varmetroje-uden-aermer-rx405-tilpasset-18029\/charcoal-20736\/custom\/","pl":"\/pl\/p-pr-rx405-pro-fleece-bezrekanszowka-kurtka-polaryczna-bez-rekawow-rx405-personalizowany-18029\/charcoal-20736\/custom\/"}},{"id":20739,"name":"navy","class_ids":[2],"codes_hexa":["001d44"],"delai_24":false,"has_3d":false,"seuil_global":0,"stock_local":0,"stock_global":1765,"on_standby":false,"in_catalog":true,"images":{"miniature":["https:\/\/media.th4.com\/KPAu8WrkS0GMRJhuKePJ8PKMRdvoXR3rHNU29-kmbhM\/pr:80\/aHR0cDovL21lZGlhMi5kZXNpZ25wYXJ0bmVyLmZyL2MvcC8xODAyOS8xODAyOS0yMDczOS0xLmpwZw?v=1712754050","https:\/\/media.th4.com\/uhorlu3lrgN6nmvf9HXDqYicAw4fO_i7I7X20uR8no8\/pr:80\/aHR0cDovL21lZGlhMi5kZXNpZ25wYXJ0bmVyLmZyL2MvcC8xODAyOS8xODAyOS0yMDczOS0xMC5qcGc?v=1712754052","https:\/\/media.th4.com\/YHlbBLdxOGwyxHS-lcXBGtd_krS1n6w4MA9s6N1b5gg\/pr:80\/aHR0cDovL21lZGlhMi5kZXNpZ25wYXJ0bmVyLmZyL2MvcC8xODAyOS8xODAyOS0yMDczOS0yLmpwZw?v=1712754053"],"medium":["https:\/\/media.th4.com\/J-dUcuhmdp6iZLZd4dSmCGSKIITWPCDVNSxfcHQo6Mc\/pr:550x550\/aHR0cDovL21lZGlhMi5kZXNpZ25wYXJ0bmVyLmZyL2MvcC8xODAyOS8xODAyOS0yMDczOS0xLmpwZw?v=1712754050","https:\/\/media.th4.com\/VwpnDcutaq4bhIZEHB4QcfApLjqoNQ6Yg9cQMCW6BYE\/pr:550x550\/aHR0cDovL21lZGlhMi5kZXNpZ25wYXJ0bmVyLmZyL2MvcC8xODAyOS8xODAyOS0yMDczOS0xMC5qcGc?v=1712754052","https:\/\/media.th4.com\/p7M1ln9q-ZOJEkJtM3a-E16eDBF8eFbECYt64-IV8Xc\/pr:550x550\/aHR0cDovL21lZGlhMi5kZXNpZ25wYXJ0bmVyLmZyL2MvcC8xODAyOS8xODAyOS0yMDczOS0yLmpwZw?v=1712754053"],"medium_large":["https:\/\/media.th4.com\/iq2KtzwxcTiDEtIlzbJl7_kPQygEdvnKWNYGe0hIC6g\/pr:1000x1000\/aHR0cDovL21lZGlhMi5kZXNpZ25wYXJ0bmVyLmZyL2MvcC8xODAyOS8xODAyOS0yMDczOS0xLmpwZw?v=1712754050","https:\/\/media.th4.com\/a-ViZATKwtAM8bohWDpMAlDNel1LjCUE1f7wJbUdI94\/pr:1000x1000\/aHR0cDovL21lZGlhMi5kZXNpZ25wYXJ0bmVyLmZyL2MvcC8xODAyOS8xODAyOS0yMDczOS0xMC5qcGc?v=1712754052","https:\/\/media.th4.com\/bU1YSu4UypzAVy9jdxmH7X3Pp--5ydur9taaaJDKPeI\/pr:1000x1000\/aHR0cDovL21lZGlhMi5kZXNpZ25wYXJ0bmVyLmZyL2MvcC8xODAyOS8xODAyOS0yMDczOS0yLmpwZw?v=1712754053"],"large":["https:\/\/media.th4.com\/ORmdX6Qfpoad0QSj82Vy_-9IWnhN0cgmDmQvbst0TWg\/pr:1920\/aHR0cDovL21lZGlhMi5kZXNpZ25wYXJ0bmVyLmZyL2MvcC8xODAyOS8xODAyOS0yMDczOS0xLmpwZw?v=1712754050","https:\/\/media.th4.com\/FAWpcAEekUNJ_0lwZEfUsqR_phbO1CHYfN1KqBZuPTg\/pr:1920\/aHR0cDovL21lZGlhMi5kZXNpZ25wYXJ0bmVyLmZyL2MvcC8xODAyOS8xODAyOS0yMDczOS0xMC5qcGc?v=1712754052","https:\/\/media.th4.com\/5GPNGQAvDbpeWUqzmhmN31_w7cJ7HmEiXA5n5ZNN5DU\/pr:1920\/aHR0cDovL21lZGlhMi5kZXNpZ25wYXJ0bmVyLmZyL2MvcC8xODAyOS8xODAyOS0yMDczOS0yLmpwZw?v=1712754053"],"opengraph":["https:\/\/media.th4.com\/FM6yBCQqVidWgaCxTHIYw0y3zfnT77k1aN7Bj8mSVdM\/pr:1200x630\/aHR0cDovL21lZGlhMi5kZXNpZ25wYXJ0bmVyLmZyL2MvcC8xODAyOS8xODAyOS0yMDczOS0xLmpwZw?v=1712754050","https:\/\/media.th4.com\/YiMnERgAoC1v5v1l3lT2yNVSQwJfey-p9dXirfc7dAQ\/pr:1200x630\/aHR0cDovL21lZGlhMi5kZXNpZ25wYXJ0bmVyLmZyL2MvcC8xODAyOS8xODAyOS0yMDczOS0xMC5qcGc?v=1712754052","https:\/\/media.th4.com\/aVbH3NJ9u7w5acV-NJEzpij5Ud-EZuUr36m5_MUj470\/pr:1200x630\/aHR0cDovL21lZGlhMi5kZXNpZ25wYXJ0bmVyLmZyL2MvcC8xODAyOS8xODAyOS0yMDczOS0yLmpwZw?v=1712754053"]},"images_customization":{"miniature":["https:\/\/media.th4.com\/ygt6MlUp71rbX86cvBzUDHap_3Q-C6bM5iafU_XUCcA\/pr:80\/aHR0cDovL21lZGlhMi5kZXNpZ25wYXJ0bmVyLmZyL2MvcC1zaG9wcGluZy1jdXN0b20tVEgvMTgwMjkvMTgwMjktMjA3MzktMS5qcGc?v=1737555953","https:\/\/media.th4.com\/mJX4Lc_gOYReHxyTefv5LcWMxq0MI4bxZ67UVGnMXZA\/pr:80\/aHR0cDovL21lZGlhMi5kZXNpZ25wYXJ0bmVyLmZyL2MvcC1zaG9wcGluZy1jdXN0b20tVEgvMTgwMjkvMTgwMjktMjA3MzktMi5qcGc?v=1737555954"],"medium":["https:\/\/media.th4.com\/1jA3z8z9TY0E3ZQtUkDnElmbquJsLMQLgJiywhnsM58\/pr:550x550\/aHR0cDovL21lZGlhMi5kZXNpZ25wYXJ0bmVyLmZyL2MvcC1zaG9wcGluZy1jdXN0b20tVEgvMTgwMjkvMTgwMjktMjA3MzktMS5qcGc?v=1737555953","https:\/\/media.th4.com\/VjxYTniJwZKttg8l_3hBmaQ_Zvu2ZonxJKMOk_9KtCc\/pr:550x550\/aHR0cDovL21lZGlhMi5kZXNpZ25wYXJ0bmVyLmZyL2MvcC1zaG9wcGluZy1jdXN0b20tVEgvMTgwMjkvMTgwMjktMjA3MzktMi5qcGc?v=1737555954"],"medium_large":["https:\/\/media.th4.com\/RcA0-IWc3CidRXOz_-ThQ1LsW5XWMe6iPIcWJwQJvUU\/pr:1000x1000\/aHR0cDovL21lZGlhMi5kZXNpZ25wYXJ0bmVyLmZyL2MvcC1zaG9wcGluZy1jdXN0b20tVEgvMTgwMjkvMTgwMjktMjA3MzktMS5qcGc?v=1737555953","https:\/\/media.th4.com\/Oqn98lvEEwGDBkUiPZsDd2vH_esEX4lZvepSlibcjuo\/pr:1000x1000\/aHR0cDovL21lZGlhMi5kZXNpZ25wYXJ0bmVyLmZyL2MvcC1zaG9wcGluZy1jdXN0b20tVEgvMTgwMjkvMTgwMjktMjA3MzktMi5qcGc?v=1737555954"],"large":["https:\/\/media.th4.com\/X1vZI7GGE5hAGO7lXLeMYppSd_jZMX2XTZelHMmI2dA\/pr:1920\/aHR0cDovL21lZGlhMi5kZXNpZ25wYXJ0bmVyLmZyL2MvcC1zaG9wcGluZy1jdXN0b20tVEgvMTgwMjkvMTgwMjktMjA3MzktMS5qcGc?v=1737555953","https:\/\/media.th4.com\/FqZrV8oy0jwq6O6NRldycf5k-b_-j2gRYIFcyOTa760\/pr:1920\/aHR0cDovL21lZGlhMi5kZXNpZ25wYXJ0bmVyLmZyL2MvcC1zaG9wcGluZy1jdXN0b20tVEgvMTgwMjkvMTgwMjktMjA3MzktMi5qcGc?v=1737555954"],"opengraph":["https:\/\/media.th4.com\/62HMtD9mxgFy6JTrcgqYfR8G6PhTM51YIOiwtqVjSdM\/pr:1200x630\/aHR0cDovL21lZGlhMi5kZXNpZ25wYXJ0bmVyLmZyL2MvcC1zaG9wcGluZy1jdXN0b20tVEgvMTgwMjkvMTgwMjktMjA3MzktMS5qcGc?v=1737555953","https:\/\/media.th4.com\/XZ8YIUVkzUSSj5wwUMS2t1dU7DZTcGmM4CpzRST0k8I\/pr:1200x630\/aHR0cDovL21lZGlhMi5kZXNpZ25wYXJ0bmVyLmZyL2MvcC1zaG9wcGluZy1jdXN0b20tVEgvMTgwMjkvMTgwMjktMjA3MzktMi5qcGc?v=1737555954"]},"country_origin":"BD","traceability":{"manufacturing_country_id":null,"weaving_country_id":null,"dyeing_country_id":null},"sizes":[{"id":3,"article_id":454224,"class_id":3,"name":"S","on_standby":false,"stock_local":0,"stock_global":214,"multiple":1,"estimated_date_reassort":null,"is_destocking":false},{"id":2,"article_id":454225,"class_id":4,"name":"M","on_standby":false,"stock_local":0,"stock_global":438,"multiple":1,"estimated_date_reassort":null,"is_destocking":false},{"id":1,"article_id":454226,"class_id":5,"name":"L","on_standby":false,"stock_local":0,"stock_global":525,"multiple":1,"estimated_date_reassort":null,"is_destocking":false},{"id":4,"article_id":454227,"class_id":6,"name":"XL","on_standby":false,"stock_local":0,"stock_global":227,"multiple":1,"estimated_date_reassort":null,"is_destocking":false},{"id":1116,"article_id":454228,"class_id":7,"name":"2XL","on_standby":false,"stock_local":0,"stock_global":287,"multiple":1,"estimated_date_reassort":null,"is_destocking":false},{"id":1081,"article_id":454229,"class_id":8,"name":"3XL","on_standby":false,"stock_local":0,"stock_global":74,"multiple":1,"estimated_date_reassort":null,"is_destocking":false}],"page_links":{"fr":"\/fr\/p-pr-rx405-pro-fleece-gilet-veste-polaire-sans-manche-rx405-18029\/navy-20739\/","en":"\/en\/p-pr-rx405-pro-fleece-vest-polar-jacket-without-sleeves-rx405-18029\/navy-20739\/","de":"\/de\/p-pr-rx405-pro-fleece-gilet-polsterweste-ohne-armel-rx405-18029\/navy-20739\/","nl":"\/nl\/p-pr-rx405-pro-fleece-gilet-veste-polaire-zonder-mouwen-rx405-18029\/navy-20739\/","es":"\/es\/p-pr-rx405-chaleco-de-forro-polar-sin-mangas-rx405-18029\/navy-20739\/","it":"\/it\/p-pr-rx405-gilet-in-pile-pro-veste-polare-senza-maniche-rx405-18029\/navy-20739\/","sv":"\/sv\/p-pr-rx405-pro-fleece-gilet-vast-polare-utan-armar-rx405-18029\/navy-20739\/","pt":"\/pt\/p-pr-rx405-pro-fleece-colete-jaqueta-de-polar-sem-manga-rx4025-18029\/navy-20739\/","da":"\/da\/p-pr-rx405-pro-fleece-gilet-polovest-uden-aermer-rx405-18029\/navy-20739\/","pl":"\/pl\/p-pr-rx405-pro-fleece-gilet-kurtka-polarowa-bez-rekawow-rx405-18029\/navy-20739\/"},"page_links_customization":{"fr":"\/fr\/p-pr-rx405-pro-fleece-gilet-veste-polaire-sans-manche-rx405-personnalise-18029\/navy-20739\/custom\/","en":"\/en\/p-pr-rx405-pro-fleece-vest-polo-neck-sleeveless-rx405-custom-18029\/navy-20739\/custom\/","de":"\/de\/p-pr-rx405-pro-fleece-weste-polarfleecejacke-ohne-armel-rx405-personalisiert-18029\/navy-20739\/custom\/","nl":"\/nl\/p-pr-rx405-pro-fleece-vest-polojacket-zonder-mouwen-rx405-op-maat-18029\/navy-20739\/custom\/","es":"\/es\/p-pr-rx405-chaleco-polar-sin-mangas-pro-fleece-veste-polaire-rx405-personalizado-18029\/navy-20739\/custom\/","it":"\/it\/p-pr-rx405-gilet-di-pile-pro-senza-maniche-giacca-polare-rx405-personalizzato-18029\/navy-20739\/custom\/","sv":"\/sv\/p-pr-rx405-pro-fleece-gilet-vast-polare-utan-armar-rx405-personlig-18029\/navy-20739\/custom\/","pt":"\/pt\/p-pr-rx405-gilet-de-moletom-de-pro-sem-manga-veste-polar-sem-manga-rx405-personalizado-18029\/navy-20739\/custom\/","da":"\/da\/p-pr-rx405-pro-fleece-jakke-varmetroje-uden-aermer-rx405-tilpasset-18029\/navy-20739\/custom\/","pl":"\/pl\/p-pr-rx405-pro-fleece-bezrekanszowka-kurtka-polaryczna-bez-rekawow-rx405-personalizowany-18029\/navy-20739\/custom\/"}}],"documentation_link":"\/pdf\/18029.pdf","countries_availables":["AD","AE","AL","AT","BA","BD","BE","BG","BL","CA","CH","CN","CO","CY","CZ","DE","DK","DO","EE","EG","ES","ET","FI","FR","GB","GE","GF","GP","GR","GT","HK","HN","HR","HT","HU","ID","IE","IN","IS","IT","JO","JP","KE","KH","KP","KR","LA","LK","LS","LT","LU","LV","MA","MF","MG","MK","MM","MN","MQ","MT","MX","MY","NC","NI","NL","PF","PH","PK","PL","PM","PT","RE","RO","SE","SG","SI","SK","SV","SY","TH","TN","TR","TW","TZ","US","VN","WF","YT"]},"infos_customization":[],"features":{"authorize_multi_surfaces":true,"display_order_delay_type":true,"promote_surface_display":true,"tarification_franco_offert":true,"enabled_3d_editor":false},"markings":[{"id":0,"nom":"vierge","finition":null,"libelle":null,"code":null,"dpi":null,"finesse_forme_isolee":null,"finesse_forme_non_isolee":null,"hauteur_minimale_texte":null,"inactif":0,"marquage_interne":1,"quantite_min":null,"parent_id":null,"print_on_support":0,"content":"vierge","description":null},{"id":2,"nom":"fonce","finition":"optimale","libelle":"TopQuadri","code":null,"dpi":400,"finesse_forme_isolee":"0.040","finesse_forme_non_isolee":"0.700","hauteur_minimale_texte":2,"inactif":0,"marquage_interne":1,"quantite_min":null,"parent_id":18,"print_on_support":0,"content":"TopQuadri","description":"pour petites et moyennes s\u00e9ries"},{"id":3,"nom":"serigraphie","finition":"serigraphie","libelle":"SeriCoat","code":null,"dpi":400,"finesse_forme_isolee":"0.040","finesse_forme_non_isolee":"0.700","hauteur_minimale_texte":2,"inactif":0,"marquage_interne":1,"quantite_min":15,"parent_id":18,"print_on_support":0,"content":"SeriCoat","description":"pour moyennes et grandes s\u00e9ries"},{"id":4,"nom":"broderie","finition":"broderie","libelle":"Broderie","code":null,"dpi":400,"finesse_forme_isolee":"0.040","finesse_forme_non_isolee":"0.700","hauteur_minimale_texte":3,"inactif":0,"marquage_interne":1,"quantite_min":null,"parent_id":null,"print_on_support":0,"content":"Broderie","description":null},{"id":8,"nom":"theme","finition":null,"libelle":"Th\u00e8me","code":null,"dpi":null,"finesse_forme_isolee":null,"finesse_forme_non_isolee":null,"hauteur_minimale_texte":null,"inactif":0,"marquage_interne":1,"quantite_min":null,"parent_id":null,"print_on_support":0,"content":"Th\u00e8me","description":null},{"id":9,"nom":"sans","finition":null,"libelle":null,"code":null,"dpi":null,"finesse_forme_isolee":null,"finesse_forme_non_isolee":null,"hauteur_minimale_texte":null,"inactif":0,"marquage_interne":1,"quantite_min":null,"parent_id":null,"print_on_support":0,"content":"sans","description":null},{"id":10,"nom":"photo","finition":null,"libelle":"Photo","code":null,"dpi":null,"finesse_forme_isolee":null,"finesse_forme_non_isolee":null,"hauteur_minimale_texte":null,"inactif":0,"marquage_interne":1,"quantite_min":null,"parent_id":null,"print_on_support":0,"content":"Photo","description":null},{"id":14,"nom":"couleur","finition":null,"libelle":"Couleur","code":null,"dpi":null,"finesse_forme_isolee":null,"finesse_forme_non_isolee":null,"hauteur_minimale_texte":null,"inactif":0,"marquage_interne":1,"quantite_min":null,"parent_id":null,"print_on_support":0,"content":"Couleur","description":null},{"id":15,"nom":"sublimation","finition":"sublimation","libelle":"Sublimation","code":null,"dpi":null,"finesse_forme_isolee":"0.000","finesse_forme_non_isolee":"0.000","hauteur_minimale_texte":2,"inactif":0,"marquage_interne":1,"quantite_min":null,"parent_id":null,"print_on_support":0,"content":"Sublimation","description":null},{"id":16,"nom":"topquadri_uv","finition":null,"libelle":"TopQuadri UV","code":null,"dpi":null,"finesse_forme_isolee":"0.020","finesse_forme_non_isolee":"0.700","hauteur_minimale_texte":2,"inactif":0,"marquage_interne":1,"quantite_min":null,"parent_id":null,"print_on_support":1,"content":null,"description":null},{"id":17,"nom":"topquadri_uvp","finition":null,"libelle":"TopQuadri UVP","code":null,"dpi":null,"finesse_forme_isolee":"0.020","finesse_forme_non_isolee":"0.700","hauteur_minimale_texte":2,"inactif":0,"marquage_interne":1,"quantite_min":null,"parent_id":null,"print_on_support":1,"content":null,"description":null},{"id":18,"nom":"quadri","finition":null,"libelle":"Impression","code":null,"dpi":null,"finesse_forme_isolee":null,"finesse_forme_non_isolee":null,"hauteur_minimale_texte":null,"inactif":0,"marquage_interne":1,"quantite_min":null,"parent_id":null,"print_on_support":0,"content":null,"description":null}]}}