{"data":{"product":{"id":18028,"titre":"Polaire pro","description":"Polaire pro incontournable pour un usage quotidien. Zip int\u00e9gral. Deux poches lat\u00e9rales zipp\u00e9es sur le devant. Poignets \u00e9lastiques. Ourlet \u00e0 cordon de serrage. Coutures \u00e0 surpiq\u00fbres doubles pour une solidit\u00e9 et une durabilit\u00e9 renforc\u00e9es. Composition : 100\u00a0% polyester.","genre":"mixte","grammage":300,"conditionnement":20,"composition":"polyester,polyester_uniquement","reference":"pr-rx402","reference_visible":"pr-rx402","reference_fabricant":"RX402","ref_xor":"725033","in_catalog":true,"is_transfer":false,"is_service":false,"on_standby":false,"has_3d":true,"has_size_guide":true,"has_marking":true,"has_vierge":true,"is_cross_sellable":false,"id_picto":15,"filename_3d":"picto-15","brand":{"id":402,"name":"Pro RTX","logo":"logo-pro-rtx.png","image":"https:\/\/media.th4.com\/5yjJqtmXDNjyJ4DZb-Dxi7PXlOpM6BsJozT_83nbxW8\/pr:brand70x70\/aHR0cDovL21lZGlhMi5kZXNpZ25wYXJ0bmVyLmZyL2MvbS9sb2dvLXByby1ydHgucG5n?v=1712591312"},"price_infos":{"price_from":16.37,"quantity":200,"color":{"id":20733,"name":"black"},"size":{"id":1,"name":"L"}},"price_infos_marking":{"price_from":24.33,"quantity":200,"color":{"id":20733,"name":"black"},"size":{"id":1,"name":"L"},"marking":{"id":4,"name":""},"emplacement":"avant","surface_emplacement_id":1,"surface":"coeur"},"i18n":{"blank":{"title":{"fr":"Polaire pro V\u00eatement polaire zipp\u00e9 PRO RTX rx402","en":"Pro Polar Fleece Zip-Up PRO RTX rx402","de":"Polarpro Polarfleecejacke mit Rei\u00dfverschluss PRO RTX rx402","nl":"Polaire pro Gezipte polaire kleding PRO RTX rx402","es":"Polar Pro Prenda polar cerrada con cremallera PRO RTX rx402","it":"Polare pro Vestiario polare zip PRO RTX rx402","sv":"Polarpro Pol\u00e4rkl\u00e4desplagg med dragkedja PRO RTX rx402","pt":"Polar Pro Veste polar zippada PRO RTX rx402","da":"Polar pro Polarbekl\u00e6dning zippet PRO RTX rx402","pl":"Polar pro Odzie\u017c polarowa z zapi\u0119ciem PRO RTX rx402"},"description":{"fr":"V\u00eatement polaire zipp\u00e9 con\u00e7u pour un usage quotidien. Il offre un confort optimal gr\u00e2ce \u00e0 sa conception soign\u00e9e et ses finitions de qualit\u00e9. Dot\u00e9 d'un zip int\u00e9gral, il permet une fermeture et une ouverture facile. Les deux poches lat\u00e9rales zipp\u00e9es offrent un espace de rangement s\u00e9curis\u00e9 pour les petits objets. Les poignets \u00e9lastiques assurent un ajustement confortable et emp\u00eachent l'air froid de p\u00e9n\u00e9trer. L'ourlet \u00e0 cordon de serrage permet d'ajuster la coupe et de maintenir la chaleur. Les coutures \u00e0 surpiq\u00fbres doubles renforcent la solidit\u00e9 et la durabilit\u00e9 du v\u00eatement.\n\n- Composition : 100 % polyester\n- Zip int\u00e9gral\n- Deux poches lat\u00e9rales zipp\u00e9es\n- Poignets \u00e9lastiques\n- Ourlet \u00e0 cordon de serrage\n- Coutures \u00e0 surpiq\u00fbres doubles","en":"Zip-up polar fleece designed for everyday use. It offers optimal comfort thanks to its careful design and quality finishes. Equipped with a full zip, it allows for easy closing and opening. The two zippered side pockets provide secure storage space for small items. The elastic wrists ensure a comfortable fit and prevent cold air from entering. The drawstring hem allows for adjusting the fit and retaining heat. Double stitched seams reinforce the strength and durability of the garment.\n\n- Composition: 100% polyester\n- Full zip\n- Two zippered side pockets\n- Elastic wrists\n- Drawstring hem\n- Double stitched seams","de":"Polarfleecejacke mit Rei\u00dfverschluss, die f\u00fcr den t\u00e4glichen Gebrauch konzipiert ist. Sie bietet optimalen Komfort durch ihre sorgf\u00e4ltige Gestaltung und hochwertige Verarbeitung. Mit einem Ganzrei\u00dfverschluss erm\u00f6glicht sie ein einfaches \u00d6ffnen und Schlie\u00dfen. Die beiden seitlichen Rei\u00dfverschlusstaschen bieten sicheren Stauraum f\u00fcr kleine Gegenst\u00e4nde. Die elastischen Manschetten sorgen f\u00fcr einen komfortablen Sitz und verhindern, dass kalte Luft eindringt. Der Saum mit Zugkordel erm\u00f6glicht eine Anpassung des Schnitts und das Halten der W\u00e4rme. Doppelte \u00dcbern\u00e4hte verst\u00e4rken die Festigkeit und Haltbarkeit des Kleidungsst\u00fccks. Zusammensetzung: 100 % Polyester.","nl":"Gezipte polaire kleding ontworpen voor dagelijks gebruik. Biedt optimale comfort dankzij een zorgvuldige constructie en kwaliteitsafwerking. Met een volledig rits, kan het gemakkelijk worden gesloten en geopend. De twee zijzakken met rits bieden een veilige opslagruimte voor kleine voorwerpen. De elastische manschetten zorgen voor een comfortabele pasvorm en voorkomen dat koude lucht binnendringt. De broekspijp met trekkoord zorgt voor een aanpasbare pasvorm en behoudt de warmte. De dubbele steken versterken de sterkte en duurzaamheid van het kledingstuk.\n\n- Samenstelling: 100% polyester\n- Volledige rits\n- Twee zijzakken met rits\n- Elastische manschetten\n- Broekspijp met trekkoord\n- Dubbele steken","es":"Prenda polar cerrada con cremallera dise\u00f1ada para uso diario. Ofrece un confort \u00f3ptimo gracias a su dise\u00f1o cuidadoso y sus acabados de calidad. Dotado de una cremallera completa, permite un cierre y apertura f\u00e1cil. Los dos bolsillos laterales con cremallera ofrecen un espacio de almacenamiento seguro para peque\u00f1os objetos. Las mu\u00f1ecas el\u00e1sticas aseguran un ajuste c\u00f3modo e impiden que el aire fr\u00edo entre. El dobladillo con cord\u00f3n ajustable permite ajustar el corte y mantener el calor. Las costuras dobles reforzadas mejoran la solidez y la durabilidad de la prenda.\n\n- Composici\u00f3n: 100 % poli\u00e9ster\n- Cremallera completa\n- Dos bolsillos laterales con cremallera\n- Mu\u00f1ecas el\u00e1sticas\n- Doblado con cord\u00f3n ajustable\n- Costuras dobles reforzadas","it":"Vestiario polare zip progettato per uso quotidiano. Offre un comfort ottimale grazie alla sua progettazione accurata e alle finiture di qualit\u00e0. Dotato di zip integrale, consente una chiusura e apertura facile. Le due tasche laterali zip offrono uno spazio di stoccaggio sicuro per piccoli oggetti. I polsini elastici garantiscono un'adattamento confortevole e impediscono all'aria fredda di entrare. L'orlo con cordino regolabile consente di regolare il taglio e mantenere il calore. Le cuciture doppie rinforzano la solidit\u00e0 e la durabilit\u00e0 del vestito.\n\n- Composizione: 100 % poliestere\n- Zip integrale\n- Due tasche laterali zip\n- Polsini elastici\n- Orlo con cordino regolabile\n- Cuciture doppie rinforzate","sv":"Pol\u00e4rkl\u00e4desplagg med dragkedja konstruerat f\u00f6r dagligt bruk. Det erbjuder optimal komfort tack vare sin noggranna konstruktion och h\u00f6gkvalitativa detaljer. Med en hel dragkedja till\u00e5ter det l\u00e4tt st\u00e4ngning och \u00f6ppning. De tv\u00e5 sidlommarna med dragkedja erbjuder s\u00e4kert f\u00f6rvaringsutrymme f\u00f6r sm\u00e5 f\u00f6rem\u00e5l. De elastiska manschetterna s\u00e4kerst\u00e4ller en bekv\u00e4m passform och f\u00f6rhindrar kall luft fr\u00e5n att tr\u00e4nga in. Den nedre kanterna med dragsnoddar till\u00e5ter justering av passformen och beh\u00e5ller v\u00e4rmen. De dubbla stygningar f\u00f6rst\u00e4rker h\u00e5llbarheten och slitstyrkan hos plagg.","pt":"Veste polar zippada projetada para uso di\u00e1rio. Oferece conforto \u00f3timo gra\u00e7as ao seu design cuidadoso e acabamentos de qualidade. Dotado de um z\u00edper integral, permite uma abertura e fechamento f\u00e1ceis. Os dois bolsos laterais zippados oferecem um espa\u00e7o de armazenamento seguro para pequenos objetos. As mangas el\u00e1sticas garantem um ajuste confort\u00e1vel e impedem o ar frio de entrar. A barra com cord\u00e3o de ajuste permite ajustar o corte e manter o calor. As costuras com costura dupla refor\u00e7am a solidez e a durabilidade da roupa.\n\n- Composi\u00e7\u00e3o: 100% poli\u00e9ster\n- Z\u00edper integral\n- Dois bolsos laterais zippados\n- Mangas el\u00e1sticas\n- Barra com cord\u00e3o de ajuste\n- Costuras com costura dupla","da":"Zippet polart\u00f8j designet til daglig brug. Tilbyder optimal komfort takket v\u00e6re dens omhyggelige konstruktion og kvalitetsafslutninger. Udstyret med en fuld zip, tillader det nem lukning og \u00e5bning. De to zippede siderlommer tilbyder en sikker opbevaringsplads til sm\u00e5 genstande. De elastiske \u00e6rmer sikrer en komfortabel pasform og forhindrer kold luft i at tr\u00e6nge ind. Bundkanten med sn\u00f8rel\u00e5s tillader justering af pasformen og opretholdelse af varmen. Dobbeltsteget s\u00f8m styrker st\u00e6rktheden og holdbarheden af t\u00f8jet.\n\n- Sammens\u00e6tning: 100 % polyester\n- Fuld zip\n- To zippede siderlommer\n- Elastiske \u00e6rmer\n- Bundkanten med sn\u00f8rel\u00e5s\n- Dobbeltsteget s\u00f8m","pl":"Odzie\u017c polarowa z zapi\u0119ciem zaprojektowana do codziennego u\u017cytku. Oferuje optymalny komfort dzi\u0119ki starannemu wykonaniu i wysokiej jako\u015bci wyko\u0144czeniom. Wyposa\u017cona w ca\u0142e zapi\u0119cie, umo\u017cliwia \u0142atwe zamykanie i otwieranie. Dwie boczne kieszenie z zapi\u0119ciem oferuj\u0105 bezpieczne miejsce do przechowywania ma\u0142ych przedmiot\u00f3w. Elastyczne mankiety zapewniaj\u0105 wygodne dopasowanie i zapobiegaj\u0105 przedostawaniu si\u0119 zimnego powietrza. Sp\u00f3d z sznurowaniem pozwala dostosowa\u0107 kszta\u0142t i zachowa\u0107 ciep\u0142o. Podw\u00f3jne szwy wzmacniaj\u0105 wytrzyma\u0142o\u015b\u0107 i trwa\u0142o\u015b\u0107 ubrania.\n\n- Sk\u0142ad: 100 % poliestru\n- Ca\u0142e zapi\u0119cie\n- Dwie boczne kieszenie z zapi\u0119ciem\n- Elastyczne mankiety\n- Sp\u00f3d z sznurowaniem\n- Podw\u00f3jne szwy"},"h1":{"fr":"Polaire pro V\u00eatement polaire zipp\u00e9 rx402","en":"Pro Polar Fleece Zip-Up rx402","de":"Polarpro Polarfleecejacke mit Rei\u00dfverschluss rx402","nl":"Polaire pro Gezipte polaire kleding rx402","es":"Polar Pro Prenda polar cerrada con cremallera rx402","it":"Polare pro Vestiario polare zip rx402","sv":"Polarpro Pol\u00e4rkl\u00e4desplagg med dragkedja rx402","pt":"Polar Pro Veste polar zippada rx402","da":"Polar pro Polarbekl\u00e6dning zippet rx402","pl":"Polar pro Odzie\u017c polarowa z zapi\u0119ciem rx402"},"meta_description":{"fr":"V\u00eatement polaire zipp\u00e9 pour un usage quotidien. Mod\u00e8le confortable avec zip int\u00e9gral et poches zipp\u00e9es. Id\u00e9al pour les activit\u00e9s int\u00e9rieures et ext\u00e9rieures.","en":"Zip-up polar fleece for everyday use. Comfortable model with full zip and zippered pockets. Ideal for indoor and outdoor activities.","de":"Polarfleecejacke mit Rei\u00dfverschluss f\u00fcr den t\u00e4glichen Gebrauch. Komfortables Modell mit Ganzrei\u00dfverschluss und Rei\u00dfverschlusstaschen. Ideal f\u00fcr Innen- und Au\u00dfenaktivit\u00e4ten.","nl":"Gezipte polaire kleding voor dagelijks gebruik. Comfortabel model met een volledig rits en ritszakken. Ideaal voor binnen- en buitenactiviteiten.","es":"Prenda polar cerrada con cremallera para uso diario. Modelo c\u00f3modo con cremallera completa y bolsillos con cremallera. Ideal para actividades interiores y exteriores.","it":"Vestiario polare zip per uso quotidiano. Modello confortevole con zip integrale e tasche zip. Ideale per attivit\u00e0 interne ed esterne.","sv":"Pol\u00e4rkl\u00e4desplagg med dragkedja f\u00f6r dagligt bruk. Bekv\u00e4m modell med hel dragkedja och fickor med dragkedja. Idealiskt f\u00f6r inomhus- och utomhusaktiviteter.","pt":"Veste polar zippada para uso di\u00e1rio. Modelo confort\u00e1vel com z\u00edper integral e bolsos zippados. Ideal para atividades internas e externas.","da":"Zippet polart\u00f8j til daglig brug. Komfortabel model med fuld zip og zippede lommer. Ideelt til indend\u00f8rs og udend\u00f8rs aktiviteter.","pl":"Odzie\u017c polarowa z zapi\u0119ciem do codziennego u\u017cytku. Model wygodny z ca\u0142ym zapi\u0119ciem i zapi\u0119tymi kieszeniami. Idealny do aktywno\u015bci w pomieszczeniach i na zewn\u0105trz."}},"custom":{"title":{"fr":"Polaire pro V\u00eatement polaire zipp\u00e9 PRO RTX rx402 personnalisable","en":"Pro polar fleece zipped PRO RTX rx402 customizable","de":"Polarpro Vliestrickjacke Rei\u00dfverschluss PRO RTX rx402 personalisierbar","nl":"Polaire pro Gezipte vloerbedekking PRO RTX rx402 aanpasbaar","es":"Polar pro Chaqueta polar cerrada PRO RTX rx402 personalizable","it":"Polar pro abbigliamento polare zip pro rtx rx402 personalizzabile","sv":"Polar pro V\u00e4st pol\u00e4erv\u00e4ska PRO RTX rx402 anpassningsbar","pt":"Polar pro Veste polar zippada PRO RTX rx402 personaliz\u00e1vel","da":"Polar pro Tr\u00f8je polar zippet PRO RTX rx402 tilpasningsbar","pl":"Polar pro Odzie\u017c polarowa z zapi\u0119ciem PRO RTX rx402 do personalizacji"},"description":{"fr":"V\u00eatement polaire zipp\u00e9 con\u00e7u pour un confort optimal au quotidien. Dot\u00e9 d'un zip int\u00e9gral, il offre une grande facilit\u00e9 d'enfilage et de retrait. Deux poches lat\u00e9rales zipp\u00e9es permettent de ranger en toute s\u00e9curit\u00e9 les effets personnels. Les poignets \u00e9lastiques et l'ourlet \u00e0 cordon de serrage assurent un ajustement pr\u00e9cis et confortable. Les coutures \u00e0 surpiq\u00fbres doubles renforcent la solidit\u00e9 et la durabilit\u00e9 du v\u00eatement. Ce v\u00eatement est personnalisable en broderie, permettant d'ajouter votre logo ou votre visuel pour une image de marque unique.\n\n- Composition : 100% polyester","en":"Zipped fleece garment designed for optimal daily comfort. With a full-length zip, it offers great ease of wear and removal. Two zipped side pockets allow you to safely store personal belongings. Elastic cuffs and drawstring hem ensure a precise and comfortable fit. Double-stitch seams reinforce the strength and durability of the garment. This garment is customizable with embroidery, allowing you to add your logo or visual for a unique brand image.\n\n- Composition: 100% polyester","de":"Vliestrickjacke mit Rei\u00dfverschluss f\u00fcr optimalen Komfort im Alltag. Mit einem durchgehenden Rei\u00dfverschluss bietet sie einfache An- und Ausziehbarkeit. Zwei seitliche Rei\u00dfverschlusstaschen erm\u00f6glichen sicheres Verr\u00e4umen von pers\u00f6nlichen Gegenst\u00e4nden. Elastische B\u00fcndchen und ein Saum mit Zugkordel sorgen f\u00fcr eine pr\u00e4zise und bequeme Passform. Doppelsteppn\u00e4hte verst\u00e4rken die Festigkeit und Haltbarkeit des Kleidungsst\u00fccks. Dieses Kleidungsst\u00fcck ist durch Stickerei personalisierbar, sodass Ihr Logo oder Ihr Motiv f\u00fcr ein einzigartiges Markenbild hinzugef\u00fcgt werden kann.\n\n- Zusammensetzung: 100% Polyester","nl":"Gezipte vloerbedekking ontworpen voor optimaal comfort in het dagelijks leven. Voorzien van een volledige zip, biedt hij gemak bij het aantrekken en uittrekken. Twee gezipte zijzakken bieden een veilige opslag voor persoonlijke spullen. De elastische manchetten en kraag met koord zorgen voor een nauwsluitende en comfortabele pasvorm. De dubbelgestikte naden versterken de sterkte en duurzaamheid van het kledingstuk. Dit kledingstuk is aanpasbaar door middel van stiksel, zodat u uw logo of uw visuele effect kunt toevoegen voor een uniek merkbeeld.\n\n- Samenstelling : 100% polyester","es":"Chaqueta polar cerrada dise\u00f1ada para un confort \u00f3ptimo en el d\u00eda a d\u00eda. Dotada de una cremallera integral, ofrece una gran facilidad de colocaci\u00f3n y retirada. Dos bolsillos laterales cerrados permiten guardar con seguridad los efectos personales. Las mu\u00f1equeras el\u00e1sticas y el dobladillo con cord\u00f3n de ajuste aseguran un ajuste preciso y c\u00f3modo. Las costuras con doble puntada refuerzan la solidez y la durabilidad de la prenda. Esta prenda es personalizable en bordado, permitiendo a\u00f1adir su logo o su visual para una imagen de marca \u00fanica.\n\n- Composici\u00f3n: 100% poli\u00e9ster","it":"Abbigliamento polare zip progettato per un comfort ottimale quotidianamente. Dotato di una zip completa, offre una grande facilit\u00e0 di indossamento e rimozione. Due tasche laterali zip permettono di riporre in tutta sicurezza gli effetti personali. I polsini elastici e l'orlo con cordone di regolazione assicurano una vestibilit\u00e0 precisa e confortevole. Le cuciture a doppio punto rafforzano la solidit\u00e0 e la durata dell'abbigliamento. Questo abbigliamento \u00e8 personalizzabile con ricamo, permettendo di aggiungere il proprio logo o visivo per un'immagine di marca unica.\n\n- Composizione: 100% poliestere","sv":"Pol\u00e4erv\u00e4ska konstruerad f\u00f6r optimal komfort i vardagen. Utrustad med en full\u00e4ngds glidl\u00e5s, erbjuder den stor l\u00e4tthet vid p\u00e5 och avtagning. Tv\u00e5 sidofickor med glidl\u00e5s m\u00f6jligg\u00f6r s\u00e4ker f\u00f6rvaring av personliga tillh\u00f6righeter. Elastiska manschetter och snodd botten garanterar en precis och bekv\u00e4m passform. Dubbla stygn f\u00f6rst\u00e4rker h\u00e5llbarheten och h\u00e5llbarheten hos kl\u00e4desplagget. Denna kl\u00e4desplagg \u00e4r anpassningsbar med broderi, vilket g\u00f6r att du kan l\u00e4gga till ditt logotyp eller ditt visuella f\u00f6r ett unikt varum\u00e4rkesbild.","pt":"Veste polar zippada concebida para conforto \u00f3timo no dia a dia. Dotada de um z\u00edper integral, oferece grande facilidade de vestir e de despir. Duas bolsas laterais zippadas permitem guardar com seguran\u00e7a os objetos pessoais. Os punhos el\u00e1sticos e a bainha com cord\u00e3o de aperto garantem um ajuste preciso e confort\u00e1vel. As costuras com sobrecostura dupla refor\u00e7am a solidez e a durabilidade da veste. Esta veste \u00e9 personaliz\u00e1vel com bordado, permitindo adicionar o seu log\u00f3tipo ou visual para uma imagem de marca \u00fanica.\n\n- Composi\u00e7\u00e3o: 100% poli\u00e9ster","da":"Tr\u00f8je polar zippet udviklet for optimal komfort dagligt. Med fuld l\u00e6ngde zip, tilbyder det nem p\u00e5- og afkastning. To zippelommer p\u00e5 siden giver mulighed for at opbevare personlige ejendele sikkert. De elastiske \u00e6rmer og bund med sn\u00f8ring sikrer pr\u00e6cis og komfortabel pasform. De dobbeltstykede s\u00f8mmer forst\u00e6rker styrke og holdbarhed. Tr\u00f8jen kan tilpasses med broderi, hvilket giver mulighed for at tilf\u00f8je dit logo eller dit visuelle element for en unik brandidentitet.","pl":"Odzie\u017c polarowa z zapi\u0119ciem zaprojektowana dla optymalnego komfortu w codziennym u\u017cyciu. Wyposa\u017cona w ca\u0142kowite zapi\u0119cie, zapewnia du\u017c\u0105 \u0142atwo\u015b\u0107 za\u0142o\u017cenia i zdejmowania. Dwie boczne kieszenie z zapi\u0119ciem umo\u017cliwiaj\u0105 bezpieczne przechowywanie osobistych przedmiot\u00f3w. Elastyczne mankiety i obszewka z sznur\u00f3wk\u0105 do regulacji zapewniaj\u0105 dok\u0142adne i komfortowe dopasowanie. Podw\u00f3jne zszycia wzmocnione wzmacniaj\u0105 wytrzyma\u0142o\u015b\u0107 i trwa\u0142o\u015b\u0107 ubrania. Ubranie mo\u017cna personalizowa\u0107 za pomoc\u0105 haftu, pozwalaj\u0105c na dodanie swojego loga lub wizualu dla unikalnego wizerunku marki.\n\n- Sk\u0142ad: 100% poliestru"},"h1":{"fr":"Polaire pro V\u00eatement polaire zipp\u00e9 rx402 personnalisation","en":"Pro polar fleece zipped rx402 customization","de":"Polarpro Vliestrickjacke Rei\u00dfverschluss rx402 Personalisierung","nl":"Polaire pro Gezipte vloerbedekking rx402 aanpassing","es":"Polar pro Chaqueta polar cerrada rx402 personalizaci\u00f3n","it":"Polar pro abbigliamento polare zip rx402 personalizzazione","sv":"Polar pro V\u00e4st pol\u00e4erv\u00e4ska rx402 anpassning","pt":"Polar pro Veste polar zippada rx402 personaliza\u00e7\u00e3o","da":"Polar pro Tr\u00f8je polar zippet rx402 tilpasning","pl":"Polar pro Odzie\u017c polarowa z zapi\u0119ciem rx402 personalizacja"},"meta_description":{"fr":"V\u00eatement polaire zipp\u00e9 id\u00e9al pour un usage quotidien. Personnalisable en broderie. Deux poches zipp\u00e9es, poignets \u00e9lastiques et ourlet \u00e0 cordon.","en":"Zipped fleece garment ideal for everyday use. Customizable with embroidery. Two zipped pockets, elastic cuffs and drawstring hem.","de":"Vliestrickjacke mit Rei\u00dfverschluss ideal f\u00fcr den t\u00e4glichen Gebrauch. Personalisierbar durch Stickerei. Zwei Rei\u00dfverschlusstaschen, elastische B\u00fcndchen und Saum mit Zugkordel.","nl":"Gezipte vloerbedekking ideaal voor dagelijks gebruik. Aanpasbaar in stiksel. Twee gezipte zakken, elastische manchetten en kraag met koord.","es":"Chaqueta polar cerrada ideal para uso diario. Personalizable en bordado. Dos bolsillos cerrados, mu\u00f1equeras el\u00e1sticas y dobladillo con cord\u00f3n.","it":"Abbigliamento polare zip ideale per un uso quotidiano. Personalizzabile con ricamo. Due tasche zip, polsini elastici e orlo con cordone.","sv":"V\u00e4ska pol\u00e4erv\u00e4ska idealisk f\u00f6r daglig anv\u00e4ndning. Anpassningsbar i broderi. Tv\u00e5 fickor med glidl\u00e5s, elastiska manschetter och snodd botten.","pt":"Veste polar zippada ideal para uso di\u00e1rio. Personaliz\u00e1vel com bordado. Duas bolsas zippadas, punhos el\u00e1sticos e bainha com cord\u00e3o.","da":"Tr\u00f8je polar zippet ideel til daglig brug. Tilpasningsbar i broderi. To zippelommer, elastiske \u00e6rmer og bund med sn\u00f8ring.","pl":"Odzie\u017c polarowa z zapi\u0119ciem idealna do codziennego u\u017cytku. Mo\u017cliwa personalizacja za pomoc\u0105 haftu. Dwie zapi\u0119te kieszenie, elastyczne mankiety i obszewka z sznur\u00f3wk\u0105."}}},"categories":[{"id":7,"name":"Polaires","singular":"Polaire","is_feminin":false},{"id":561,"name":"BTP et Industrie","singular":"BTP et Industrie","is_feminin":false},{"id":559,"name":"Univers","singular":"Univers","is_feminin":false},{"id":354,"name":"Textile","singular":"Textile","is_feminin":false}],"certifications":[],"videos":{"fr":[],"en":[],"de":[],"nl":[],"es":[],"it":[],"sv":[],"pt":[],"da":[],"pl":[]},"main_images":{"miniature":"https:\/\/media.th4.com\/jSoISqsB4TW0HgGoDM-fD5PbPLwgidq--xMD4eePZ-Y\/pr:80\/aHR0cDovL21lZGlhMi5kZXNpZ25wYXJ0bmVyLmZyL2MvcC1NVC8xODAyOC5qcGc?v=1712754287","medium":"https:\/\/media.th4.com\/DqGlcEsmhK9pf1rhbxp60jpuJsevo83nk8Wx0pi_SxI\/pr:550x550greybg\/aHR0cDovL21lZGlhMi5kZXNpZ25wYXJ0bmVyLmZyL2MvcC1NVC8xODAyOC5qcGc?v=1712754287","medium_large":"https:\/\/media.th4.com\/-Q_XzaKCr58KGqxGz71Wy2gq0_qaPEe0QbnSuqeIekk\/pr:1000x1000greybg\/aHR0cDovL21lZGlhMi5kZXNpZ25wYXJ0bmVyLmZyL2MvcC1NVC8xODAyOC5qcGc?v=1712754287","large":"https:\/\/media.th4.com\/k4uE9gTx1XHoL5X7ogykR1qRv-fBXy5-c4wTTarCbGk\/pr:1920greybg\/aHR0cDovL21lZGlhMi5kZXNpZ25wYXJ0bmVyLmZyL2MvcC1NVC8xODAyOC5qcGc?v=1712754287","opengraph":"https:\/\/media.th4.com\/VS8KmtEZy-nkfwisZEL-26dhvQCqxGHUnToKzf8_jtw\/pr:1200x630greybg\/aHR0cDovL21lZGlhMi5kZXNpZ25wYXJ0bmVyLmZyL2MvcC1NVC8xODAyOC5qcGc?v=1712754287"},"main_images_customization":{"miniature":"https:\/\/media.th4.com\/jSoISqsB4TW0HgGoDM-fD5PbPLwgidq--xMD4eePZ-Y\/pr:80\/aHR0cDovL21lZGlhMi5kZXNpZ25wYXJ0bmVyLmZyL2MvcC1NVC8xODAyOC5qcGc?v=1712754287","medium":"https:\/\/media.th4.com\/DqGlcEsmhK9pf1rhbxp60jpuJsevo83nk8Wx0pi_SxI\/pr:550x550greybg\/aHR0cDovL21lZGlhMi5kZXNpZ25wYXJ0bmVyLmZyL2MvcC1NVC8xODAyOC5qcGc?v=1712754287","medium_large":"https:\/\/media.th4.com\/-Q_XzaKCr58KGqxGz71Wy2gq0_qaPEe0QbnSuqeIekk\/pr:1000x1000greybg\/aHR0cDovL21lZGlhMi5kZXNpZ25wYXJ0bmVyLmZyL2MvcC1NVC8xODAyOC5qcGc?v=1712754287","large":"https:\/\/media.th4.com\/k4uE9gTx1XHoL5X7ogykR1qRv-fBXy5-c4wTTarCbGk\/pr:1920greybg\/aHR0cDovL21lZGlhMi5kZXNpZ25wYXJ0bmVyLmZyL2MvcC1NVC8xODAyOC5qcGc?v=1712754287","opengraph":"https:\/\/media.th4.com\/VS8KmtEZy-nkfwisZEL-26dhvQCqxGHUnToKzf8_jtw\/pr:1200x630greybg\/aHR0cDovL21lZGlhMi5kZXNpZ25wYXJ0bmVyLmZyL2MvcC1NVC8xODAyOC5qcGc?v=1712754287"},"page_links":{"fr":"\/fr\/p-pr-rx402-polaire-pro-vetement-polaire-zippe-rx402-18028\/","en":"\/en\/p-pr-rx402-pro-polar-fleece-zip-up-rx402-18028\/","de":"\/de\/p-pr-rx402-polarpro-polarfleecejacke-mit-reiszverschluss-rx402-18028\/","nl":"\/nl\/p-pr-rx402-polaire-pro-gezipte-polaire-kleding-rx402-18028\/","es":"\/es\/p-pr-rx402-polar-pro-prenda-polar-cerrada-con-cremallera-rx402-18028\/","it":"\/it\/p-pr-rx402-polare-pro-vestiario-polare-zip-rx402-18028\/","sv":"\/sv\/p-pr-rx402-polarpro-polarkladesplagg-med-dragkedja-rx402-18028\/","pt":"\/pt\/p-pr-rx402-polar-pro-veste-polar-zippada-rx402-18028\/","da":"\/da\/p-pr-rx402-polar-pro-polarbeklaedning-zippet-rx402-18028\/","pl":"\/pl\/p-pr-rx402-polar-pro-odziez-polarowa-z-zapieciem-rx402-18028\/"},"page_links_customization":{"fr":"\/fr\/p-pr-rx402-polaire-pro-vetement-polaire-zippe-rx402-personnalisation-18028\/custom\/","en":"\/en\/p-pr-rx402-pro-polar-fleece-zipped-rx402-customization-18028\/custom\/","de":"\/de\/p-pr-rx402-polarpro-vliestrickjacke-reiszverschluss-rx402-personalisierung-18028\/custom\/","nl":"\/nl\/p-pr-rx402-polaire-pro-gezipte-vloerbedekking-rx402-aanpassing-18028\/custom\/","es":"\/es\/p-pr-rx402-polar-pro-chaqueta-polar-cerrada-rx402-personalizacion-18028\/custom\/","it":"\/it\/p-pr-rx402-polar-pro-abbigliamento-polare-zip-rx402-personalizzazione-18028\/custom\/","sv":"\/sv\/p-pr-rx402-polar-pro-vast-polaervaska-rx402-anpassning-18028\/custom\/","pt":"\/pt\/p-pr-rx402-polar-pro-veste-polar-zippada-rx402-personalizacao-18028\/custom\/","da":"\/da\/p-pr-rx402-polar-pro-troje-polar-zippet-rx402-tilpasning-18028\/custom\/","pl":"\/pl\/p-pr-rx402-polar-pro-odziez-polarowa-z-zapieciem-rx402-personalizacja-18028\/custom\/"},"equivalent_products":[],"colors":[{"id":20733,"name":"black","class_ids":[4],"codes_hexa":["231f20"],"delai_24":false,"has_3d":false,"seuil_global":0,"stock_local":0,"stock_global":4632,"on_standby":false,"in_catalog":true,"images":{"miniature":["https:\/\/media.th4.com\/sg6pWLOcq_hrCeKAEHUX5n1Z0N7TNY8PapC2ixYj-Sg\/pr:80\/aHR0cDovL21lZGlhMi5kZXNpZ25wYXJ0bmVyLmZyL2MvcC8xODAyOC8xODAyOC0yMDczMy0xLmpwZw?v=1712754028","https:\/\/media.th4.com\/2cDV5VQiHBBWi4h-HiJkS1ZSLlXeD2zE4IhWFs8ZC6A\/pr:80\/aHR0cDovL21lZGlhMi5kZXNpZ25wYXJ0bmVyLmZyL2MvcC8xODAyOC8xODAyOC0yMDczMy0xMC5qcGc?v=1712754029","https:\/\/media.th4.com\/L88kDt9Et78-wLxF_aYiFChle3KFe8eI5E4vuAbY89E\/pr:80\/aHR0cDovL21lZGlhMi5kZXNpZ25wYXJ0bmVyLmZyL2MvcC8xODAyOC8xODAyOC0yMDczMy0yLmpwZw?v=1712754030"],"medium":["https:\/\/media.th4.com\/GHhSU2Ww7oVk9pZinpjqjqKUo3MxQ3Z7FMVErvrdj14\/pr:550x550\/aHR0cDovL21lZGlhMi5kZXNpZ25wYXJ0bmVyLmZyL2MvcC8xODAyOC8xODAyOC0yMDczMy0xLmpwZw?v=1712754028","https:\/\/media.th4.com\/NXU4QeQmSid2nX48rnnu8TNvL281eQ72I6PjuRWLOT0\/pr:550x550\/aHR0cDovL21lZGlhMi5kZXNpZ25wYXJ0bmVyLmZyL2MvcC8xODAyOC8xODAyOC0yMDczMy0xMC5qcGc?v=1712754029","https:\/\/media.th4.com\/4JnisdZtoIDxyefxNF7oQAW4lWR4Acy7ejXgxnW7xoQ\/pr:550x550\/aHR0cDovL21lZGlhMi5kZXNpZ25wYXJ0bmVyLmZyL2MvcC8xODAyOC8xODAyOC0yMDczMy0yLmpwZw?v=1712754030"],"medium_large":["https:\/\/media.th4.com\/3uzYTbFxs_CQD6u7hjE0Jz5a83G9nuiv3b8hP8ePhxA\/pr:1000x1000\/aHR0cDovL21lZGlhMi5kZXNpZ25wYXJ0bmVyLmZyL2MvcC8xODAyOC8xODAyOC0yMDczMy0xLmpwZw?v=1712754028","https:\/\/media.th4.com\/XPKolVEt7CA9MP-ovSTPk5EfIdeLRn2epKhcyvY78nE\/pr:1000x1000\/aHR0cDovL21lZGlhMi5kZXNpZ25wYXJ0bmVyLmZyL2MvcC8xODAyOC8xODAyOC0yMDczMy0xMC5qcGc?v=1712754029","https:\/\/media.th4.com\/OoV5Dl7sXCqQtCeS_MIr0otatwrLQAMRGx73HuX4HNo\/pr:1000x1000\/aHR0cDovL21lZGlhMi5kZXNpZ25wYXJ0bmVyLmZyL2MvcC8xODAyOC8xODAyOC0yMDczMy0yLmpwZw?v=1712754030"],"large":["https:\/\/media.th4.com\/xKdPTXHfxfDxZkmMjFqDrycs-8VG6-OGhmUrJGBKJH4\/pr:1920\/aHR0cDovL21lZGlhMi5kZXNpZ25wYXJ0bmVyLmZyL2MvcC8xODAyOC8xODAyOC0yMDczMy0xLmpwZw?v=1712754028","https:\/\/media.th4.com\/J7cjmHwLqiZnhx_Uy6Eg5RqxN1-ZSaMSGhR-bYrTCz0\/pr:1920\/aHR0cDovL21lZGlhMi5kZXNpZ25wYXJ0bmVyLmZyL2MvcC8xODAyOC8xODAyOC0yMDczMy0xMC5qcGc?v=1712754029","https:\/\/media.th4.com\/JFc5WuibiM9iRoir1JG7Bbh5FScv7yPqzTbpUTF8AUU\/pr:1920\/aHR0cDovL21lZGlhMi5kZXNpZ25wYXJ0bmVyLmZyL2MvcC8xODAyOC8xODAyOC0yMDczMy0yLmpwZw?v=1712754030"],"opengraph":["https:\/\/media.th4.com\/ZQwMiIBh1eMxuMu2_HceZutsWKgDGgOTHEvxXnViITM\/pr:1200x630\/aHR0cDovL21lZGlhMi5kZXNpZ25wYXJ0bmVyLmZyL2MvcC8xODAyOC8xODAyOC0yMDczMy0xLmpwZw?v=1712754028","https:\/\/media.th4.com\/5Tzu8-sGKV0l21I5JG_XwO801DjcOgBPogH7w8VSotw\/pr:1200x630\/aHR0cDovL21lZGlhMi5kZXNpZ25wYXJ0bmVyLmZyL2MvcC8xODAyOC8xODAyOC0yMDczMy0xMC5qcGc?v=1712754029","https:\/\/media.th4.com\/FMFxPK3ps80L36xhfpR6wa3FvBkuXnyO9DYjGZ-N5zg\/pr:1200x630\/aHR0cDovL21lZGlhMi5kZXNpZ25wYXJ0bmVyLmZyL2MvcC8xODAyOC8xODAyOC0yMDczMy0yLmpwZw?v=1712754030"]},"images_customization":{"miniature":["https:\/\/media.th4.com\/n-lGi4LAnFeiLuOLCU_ksrRLXc9R3j4y19H7fVGewP4\/pr:80\/aHR0cDovL21lZGlhMi5kZXNpZ25wYXJ0bmVyLmZyL2MvcC1zaG9wcGluZy1jdXN0b20tVEgvMTgwMjgvMTgwMjgtMjA3MzMtMS5qcGc?v=1737555830","https:\/\/media.th4.com\/8so7thnX2zK9CEuO_nlzhX4PHmTJRnrxNyOmtH5q230\/pr:80\/aHR0cDovL21lZGlhMi5kZXNpZ25wYXJ0bmVyLmZyL2MvcC1zaG9wcGluZy1jdXN0b20tVEgvMTgwMjgvMTgwMjgtMjA3MzMtMi5qcGc?v=1737555830"],"medium":["https:\/\/media.th4.com\/IrBMXt-VmTIqpApCxdv8NrIV_wNMyYIFlRs2074kkyI\/pr:550x550\/aHR0cDovL21lZGlhMi5kZXNpZ25wYXJ0bmVyLmZyL2MvcC1zaG9wcGluZy1jdXN0b20tVEgvMTgwMjgvMTgwMjgtMjA3MzMtMS5qcGc?v=1737555830","https:\/\/media.th4.com\/YbPKm87RmDSJ6IEkop-b9HuuA3mFFBc21hnigBiQs_o\/pr:550x550\/aHR0cDovL21lZGlhMi5kZXNpZ25wYXJ0bmVyLmZyL2MvcC1zaG9wcGluZy1jdXN0b20tVEgvMTgwMjgvMTgwMjgtMjA3MzMtMi5qcGc?v=1737555830"],"medium_large":["https:\/\/media.th4.com\/w1S_ZodFlO8XINeXgKXEP-px0puevjPjytnjB3sFPoU\/pr:1000x1000\/aHR0cDovL21lZGlhMi5kZXNpZ25wYXJ0bmVyLmZyL2MvcC1zaG9wcGluZy1jdXN0b20tVEgvMTgwMjgvMTgwMjgtMjA3MzMtMS5qcGc?v=1737555830","https:\/\/media.th4.com\/JtkoLG4aTrHNv98hN7gCiJLNs90hwMf7eQi4GW7AcQ0\/pr:1000x1000\/aHR0cDovL21lZGlhMi5kZXNpZ25wYXJ0bmVyLmZyL2MvcC1zaG9wcGluZy1jdXN0b20tVEgvMTgwMjgvMTgwMjgtMjA3MzMtMi5qcGc?v=1737555830"],"large":["https:\/\/media.th4.com\/KiVRuo2yeoZKheZebZyfpq17m8EB8gDGZpTjsP0gfU8\/pr:1920\/aHR0cDovL21lZGlhMi5kZXNpZ25wYXJ0bmVyLmZyL2MvcC1zaG9wcGluZy1jdXN0b20tVEgvMTgwMjgvMTgwMjgtMjA3MzMtMS5qcGc?v=1737555830","https:\/\/media.th4.com\/0ZaCQf_PixihBNP_UZnfVM1eBUNI6bQ6ei9nCB0gLMo\/pr:1920\/aHR0cDovL21lZGlhMi5kZXNpZ25wYXJ0bmVyLmZyL2MvcC1zaG9wcGluZy1jdXN0b20tVEgvMTgwMjgvMTgwMjgtMjA3MzMtMi5qcGc?v=1737555830"],"opengraph":["https:\/\/media.th4.com\/YWo-VqhopKOpn6iv550-49akseU4oWy4UjNUlwox8HQ\/pr:1200x630\/aHR0cDovL21lZGlhMi5kZXNpZ25wYXJ0bmVyLmZyL2MvcC1zaG9wcGluZy1jdXN0b20tVEgvMTgwMjgvMTgwMjgtMjA3MzMtMS5qcGc?v=1737555830","https:\/\/media.th4.com\/hbQFu7pD1z0AGRfgUYL64mecFCdNOQ6Cpe-OfYAcrn0\/pr:1200x630\/aHR0cDovL21lZGlhMi5kZXNpZ25wYXJ0bmVyLmZyL2MvcC1zaG9wcGluZy1jdXN0b20tVEgvMTgwMjgvMTgwMjgtMjA3MzMtMi5qcGc?v=1737555830"]},"country_origin":"BD","traceability":{"manufacturing_country_id":null,"weaving_country_id":null,"dyeing_country_id":null},"sizes":[{"id":5,"article_id":454179,"class_id":2,"name":"XS","on_standby":false,"stock_local":0,"stock_global":123,"multiple":1,"estimated_date_reassort":null,"is_destocking":false},{"id":3,"article_id":454180,"class_id":3,"name":"S","on_standby":false,"stock_local":0,"stock_global":309,"multiple":1,"estimated_date_reassort":null,"is_destocking":false},{"id":2,"article_id":454181,"class_id":4,"name":"M","on_standby":false,"stock_local":0,"stock_global":739,"multiple":1,"estimated_date_reassort":null,"is_destocking":false},{"id":1,"article_id":454182,"class_id":5,"name":"L","on_standby":false,"stock_local":0,"stock_global":1488,"multiple":1,"estimated_date_reassort":null,"is_destocking":false},{"id":4,"article_id":454183,"class_id":6,"name":"XL","on_standby":false,"stock_local":0,"stock_global":914,"multiple":1,"estimated_date_reassort":null,"is_destocking":false},{"id":1116,"article_id":454184,"class_id":7,"name":"2XL","on_standby":false,"stock_local":0,"stock_global":495,"multiple":1,"estimated_date_reassort":null,"is_destocking":false},{"id":1081,"article_id":454185,"class_id":8,"name":"3XL","on_standby":false,"stock_local":0,"stock_global":272,"multiple":1,"estimated_date_reassort":null,"is_destocking":false},{"id":16,"article_id":454186,"class_id":9,"name":"4XL","on_standby":false,"stock_local":0,"stock_global":128,"multiple":1,"estimated_date_reassort":null,"is_destocking":false},{"id":168,"article_id":454187,"class_id":10,"name":"5XL","on_standby":false,"stock_local":0,"stock_global":43,"multiple":1,"estimated_date_reassort":null,"is_destocking":false},{"id":169,"article_id":454188,"class_id":11,"name":"6XL","on_standby":false,"stock_local":0,"stock_global":91,"multiple":1,"estimated_date_reassort":null,"is_destocking":false},{"id":960,"article_id":454189,"class_id":23,"name":"7XL","on_standby":false,"stock_local":0,"stock_global":30,"multiple":1,"estimated_date_reassort":null,"is_destocking":false}],"page_links":{"fr":"\/fr\/p-pr-rx402-polaire-pro-vetement-polaire-zippe-rx402-18028\/black-20733\/","en":"\/en\/p-pr-rx402-pro-polar-fleece-zip-up-rx402-18028\/black-20733\/","de":"\/de\/p-pr-rx402-polarpro-polarfleecejacke-mit-reiszverschluss-rx402-18028\/black-20733\/","nl":"\/nl\/p-pr-rx402-polaire-pro-gezipte-polaire-kleding-rx402-18028\/black-20733\/","es":"\/es\/p-pr-rx402-polar-pro-prenda-polar-cerrada-con-cremallera-rx402-18028\/black-20733\/","it":"\/it\/p-pr-rx402-polare-pro-vestiario-polare-zip-rx402-18028\/black-20733\/","sv":"\/sv\/p-pr-rx402-polarpro-polarkladesplagg-med-dragkedja-rx402-18028\/black-20733\/","pt":"\/pt\/p-pr-rx402-polar-pro-veste-polar-zippada-rx402-18028\/black-20733\/","da":"\/da\/p-pr-rx402-polar-pro-polarbeklaedning-zippet-rx402-18028\/black-20733\/","pl":"\/pl\/p-pr-rx402-polar-pro-odziez-polarowa-z-zapieciem-rx402-18028\/black-20733\/"},"page_links_customization":{"fr":"\/fr\/p-pr-rx402-polaire-pro-vetement-polaire-zippe-rx402-personnalisation-18028\/black-20733\/custom\/","en":"\/en\/p-pr-rx402-pro-polar-fleece-zipped-rx402-customization-18028\/black-20733\/custom\/","de":"\/de\/p-pr-rx402-polarpro-vliestrickjacke-reiszverschluss-rx402-personalisierung-18028\/black-20733\/custom\/","nl":"\/nl\/p-pr-rx402-polaire-pro-gezipte-vloerbedekking-rx402-aanpassing-18028\/black-20733\/custom\/","es":"\/es\/p-pr-rx402-polar-pro-chaqueta-polar-cerrada-rx402-personalizacion-18028\/black-20733\/custom\/","it":"\/it\/p-pr-rx402-polar-pro-abbigliamento-polare-zip-rx402-personalizzazione-18028\/black-20733\/custom\/","sv":"\/sv\/p-pr-rx402-polar-pro-vast-polaervaska-rx402-anpassning-18028\/black-20733\/custom\/","pt":"\/pt\/p-pr-rx402-polar-pro-veste-polar-zippada-rx402-personalizacao-18028\/black-20733\/custom\/","da":"\/da\/p-pr-rx402-polar-pro-troje-polar-zippet-rx402-tilpasning-18028\/black-20733\/custom\/","pl":"\/pl\/p-pr-rx402-polar-pro-odziez-polarowa-z-zapieciem-rx402-personalizacja-18028\/black-20733\/custom\/"}},{"id":20739,"name":"navy","class_ids":[2],"codes_hexa":["001d44"],"delai_24":false,"has_3d":false,"seuil_global":0,"stock_local":0,"stock_global":2809,"on_standby":false,"in_catalog":true,"images":{"miniature":["https:\/\/media.th4.com\/Md7JCeqLTARUxiDEZglkm9Fah2n5uWhKDdn43-T89nI\/pr:80\/aHR0cDovL21lZGlhMi5kZXNpZ25wYXJ0bmVyLmZyL2MvcC8xODAyOC8xODAyOC0yMDczOS0xLmpwZw?v=1712754036","https:\/\/media.th4.com\/QxZXX7topmbPlAiPOTP6fCxKlr39a4DkZ96UWVqVDy4\/pr:80\/aHR0cDovL21lZGlhMi5kZXNpZ25wYXJ0bmVyLmZyL2MvcC8xODAyOC8xODAyOC0yMDczOS0xMC5qcGc?v=1712754037","https:\/\/media.th4.com\/EepUYEFwI-vh_4TfnNoZf3LNAQ-8R2t6oE1hmgVoMX4\/pr:80\/aHR0cDovL21lZGlhMi5kZXNpZ25wYXJ0bmVyLmZyL2MvcC8xODAyOC8xODAyOC0yMDczOS0yLmpwZw?v=1712754039"],"medium":["https:\/\/media.th4.com\/HEMTtD1lKULU1jXzTXw1wZlNLhWuFaR7nBBvKSjH3nU\/pr:550x550\/aHR0cDovL21lZGlhMi5kZXNpZ25wYXJ0bmVyLmZyL2MvcC8xODAyOC8xODAyOC0yMDczOS0xLmpwZw?v=1712754036","https:\/\/media.th4.com\/YvCGmpD-zIXTPAngPeFvuYz7XRiAwKW3Pe3NwcrF1SA\/pr:550x550\/aHR0cDovL21lZGlhMi5kZXNpZ25wYXJ0bmVyLmZyL2MvcC8xODAyOC8xODAyOC0yMDczOS0xMC5qcGc?v=1712754037","https:\/\/media.th4.com\/Xh7iw47UOrJfX-BefizIjLIF0eRglMZVDkV2lMwyXNQ\/pr:550x550\/aHR0cDovL21lZGlhMi5kZXNpZ25wYXJ0bmVyLmZyL2MvcC8xODAyOC8xODAyOC0yMDczOS0yLmpwZw?v=1712754039"],"medium_large":["https:\/\/media.th4.com\/bLwX7UOSk3uF1JP2TLOcQoP015caVEpcJEtQ_AuZr5s\/pr:1000x1000\/aHR0cDovL21lZGlhMi5kZXNpZ25wYXJ0bmVyLmZyL2MvcC8xODAyOC8xODAyOC0yMDczOS0xLmpwZw?v=1712754036","https:\/\/media.th4.com\/sRQuKLfnCwlQRM9Z2aNJMRFmoaqm9G9-eAg9CPslres\/pr:1000x1000\/aHR0cDovL21lZGlhMi5kZXNpZ25wYXJ0bmVyLmZyL2MvcC8xODAyOC8xODAyOC0yMDczOS0xMC5qcGc?v=1712754037","https:\/\/media.th4.com\/-Nwftn50DRpoYiMXKY3uwT9CKxOJ4A-bdZGKtJ2DLv0\/pr:1000x1000\/aHR0cDovL21lZGlhMi5kZXNpZ25wYXJ0bmVyLmZyL2MvcC8xODAyOC8xODAyOC0yMDczOS0yLmpwZw?v=1712754039"],"large":["https:\/\/media.th4.com\/RSCRpGpOfAd_9hLhM7gEgEtqM-G-FXhncc-b-OuQpIg\/pr:1920\/aHR0cDovL21lZGlhMi5kZXNpZ25wYXJ0bmVyLmZyL2MvcC8xODAyOC8xODAyOC0yMDczOS0xLmpwZw?v=1712754036","https:\/\/media.th4.com\/USnXQhGCALkrOV1HLMqYvvLHuxXAzMLDQ0SlB0eqSdk\/pr:1920\/aHR0cDovL21lZGlhMi5kZXNpZ25wYXJ0bmVyLmZyL2MvcC8xODAyOC8xODAyOC0yMDczOS0xMC5qcGc?v=1712754037","https:\/\/media.th4.com\/nqW8Lri4SjUSAaZbtlmFakvafO7Vfib2_cwufa0GegI\/pr:1920\/aHR0cDovL21lZGlhMi5kZXNpZ25wYXJ0bmVyLmZyL2MvcC8xODAyOC8xODAyOC0yMDczOS0yLmpwZw?v=1712754039"],"opengraph":["https:\/\/media.th4.com\/lbrb9sV_wL2SbrtPU-RVabdmlXYDQGj-yLG6uO1hqhc\/pr:1200x630\/aHR0cDovL21lZGlhMi5kZXNpZ25wYXJ0bmVyLmZyL2MvcC8xODAyOC8xODAyOC0yMDczOS0xLmpwZw?v=1712754036","https:\/\/media.th4.com\/quFNS4mX7zeRh6G9STGpEbw6qidvLg0JHVF3l2ISuTk\/pr:1200x630\/aHR0cDovL21lZGlhMi5kZXNpZ25wYXJ0bmVyLmZyL2MvcC8xODAyOC8xODAyOC0yMDczOS0xMC5qcGc?v=1712754037","https:\/\/media.th4.com\/I2igPRyjGl1tvVKLsaLo1JGYZjPre5D9SpadRIc5Zpw\/pr:1200x630\/aHR0cDovL21lZGlhMi5kZXNpZ25wYXJ0bmVyLmZyL2MvcC8xODAyOC8xODAyOC0yMDczOS0yLmpwZw?v=1712754039"]},"images_customization":{"miniature":["https:\/\/media.th4.com\/BAZ_J1sG_A0aFKoIHgpE5pei7_pipFirZWyAzbIu8p8\/pr:80\/aHR0cDovL21lZGlhMi5kZXNpZ25wYXJ0bmVyLmZyL2MvcC1zaG9wcGluZy1jdXN0b20tVEgvMTgwMjgvMTgwMjgtMjA3MzktMS5qcGc?v=1737555831","https:\/\/media.th4.com\/fpvXAkHK_SaORwuSG6WRkfAovDsj_qoSDoUhMvuAJms\/pr:80\/aHR0cDovL21lZGlhMi5kZXNpZ25wYXJ0bmVyLmZyL2MvcC1zaG9wcGluZy1jdXN0b20tVEgvMTgwMjgvMTgwMjgtMjA3MzktMi5qcGc?v=1737555830"],"medium":["https:\/\/media.th4.com\/iGXZQvVI8CUGOkL_NAxdRYDHiK30hp6q9SKgQFP6cIA\/pr:550x550\/aHR0cDovL21lZGlhMi5kZXNpZ25wYXJ0bmVyLmZyL2MvcC1zaG9wcGluZy1jdXN0b20tVEgvMTgwMjgvMTgwMjgtMjA3MzktMS5qcGc?v=1737555831","https:\/\/media.th4.com\/B2oukGwW62Gr5Ae6hzcoTpsklkYreuZPJs9a7UvHzGg\/pr:550x550\/aHR0cDovL21lZGlhMi5kZXNpZ25wYXJ0bmVyLmZyL2MvcC1zaG9wcGluZy1jdXN0b20tVEgvMTgwMjgvMTgwMjgtMjA3MzktMi5qcGc?v=1737555830"],"medium_large":["https:\/\/media.th4.com\/m7d7GB4t3tD9daGCKsPfqiLlcswq82b5d5PfGkFzHFY\/pr:1000x1000\/aHR0cDovL21lZGlhMi5kZXNpZ25wYXJ0bmVyLmZyL2MvcC1zaG9wcGluZy1jdXN0b20tVEgvMTgwMjgvMTgwMjgtMjA3MzktMS5qcGc?v=1737555831","https:\/\/media.th4.com\/dURVSj6V40relnmr5hdEPJxjWJRtgHOn99I8Lc5Rj4M\/pr:1000x1000\/aHR0cDovL21lZGlhMi5kZXNpZ25wYXJ0bmVyLmZyL2MvcC1zaG9wcGluZy1jdXN0b20tVEgvMTgwMjgvMTgwMjgtMjA3MzktMi5qcGc?v=1737555830"],"large":["https:\/\/media.th4.com\/Jc5kXBoz7WGGnQQWH2AF1ZuNtyc4FZCG2GKopVbDpUo\/pr:1920\/aHR0cDovL21lZGlhMi5kZXNpZ25wYXJ0bmVyLmZyL2MvcC1zaG9wcGluZy1jdXN0b20tVEgvMTgwMjgvMTgwMjgtMjA3MzktMS5qcGc?v=1737555831","https:\/\/media.th4.com\/lu5xAOtKrYsCjgPgAYbRv4k_BTv2Qh0y5BRcKvPR7fg\/pr:1920\/aHR0cDovL21lZGlhMi5kZXNpZ25wYXJ0bmVyLmZyL2MvcC1zaG9wcGluZy1jdXN0b20tVEgvMTgwMjgvMTgwMjgtMjA3MzktMi5qcGc?v=1737555830"],"opengraph":["https:\/\/media.th4.com\/5Z4mPQMXz_Uwq9NW8fQcVY2Y0PLvWP1DmQ9xRgew_Vs\/pr:1200x630\/aHR0cDovL21lZGlhMi5kZXNpZ25wYXJ0bmVyLmZyL2MvcC1zaG9wcGluZy1jdXN0b20tVEgvMTgwMjgvMTgwMjgtMjA3MzktMS5qcGc?v=1737555831","https:\/\/media.th4.com\/sY6AVoYrAE350H4WOOF6MyaYRo-080FLWiwBBK7BBM4\/pr:1200x630\/aHR0cDovL21lZGlhMi5kZXNpZ25wYXJ0bmVyLmZyL2MvcC1zaG9wcGluZy1jdXN0b20tVEgvMTgwMjgvMTgwMjgtMjA3MzktMi5qcGc?v=1737555830"]},"country_origin":"BD","traceability":{"manufacturing_country_id":null,"weaving_country_id":null,"dyeing_country_id":null},"sizes":[{"id":3,"article_id":454202,"class_id":3,"name":"S","on_standby":false,"stock_local":0,"stock_global":215,"multiple":1,"estimated_date_reassort":null,"is_destocking":false},{"id":2,"article_id":454203,"class_id":4,"name":"M","on_standby":false,"stock_local":0,"stock_global":844,"multiple":1,"estimated_date_reassort":null,"is_destocking":false},{"id":1,"article_id":454204,"class_id":5,"name":"L","on_standby":false,"stock_local":0,"stock_global":846,"multiple":1,"estimated_date_reassort":null,"is_destocking":false},{"id":4,"article_id":454205,"class_id":6,"name":"XL","on_standby":false,"stock_local":0,"stock_global":438,"multiple":1,"estimated_date_reassort":null,"is_destocking":false},{"id":1116,"article_id":454206,"class_id":7,"name":"2XL","on_standby":false,"stock_local":0,"stock_global":167,"multiple":1,"estimated_date_reassort":null,"is_destocking":false},{"id":1081,"article_id":454207,"class_id":8,"name":"3XL","on_standby":false,"stock_local":0,"stock_global":94,"multiple":1,"estimated_date_reassort":null,"is_destocking":false},{"id":16,"article_id":454208,"class_id":9,"name":"4XL","on_standby":false,"stock_local":0,"stock_global":104,"multiple":1,"estimated_date_reassort":null,"is_destocking":false},{"id":168,"article_id":454209,"class_id":10,"name":"5XL","on_standby":false,"stock_local":0,"stock_global":25,"multiple":1,"estimated_date_reassort":null,"is_destocking":false},{"id":169,"article_id":454210,"class_id":11,"name":"6XL","on_standby":false,"stock_local":0,"stock_global":55,"multiple":1,"estimated_date_reassort":null,"is_destocking":false},{"id":960,"article_id":454211,"class_id":23,"name":"7XL","on_standby":false,"stock_local":0,"stock_global":21,"multiple":1,"estimated_date_reassort":null,"is_destocking":false}],"page_links":{"fr":"\/fr\/p-pr-rx402-polaire-pro-vetement-polaire-zippe-rx402-18028\/navy-20739\/","en":"\/en\/p-pr-rx402-pro-polar-fleece-zip-up-rx402-18028\/navy-20739\/","de":"\/de\/p-pr-rx402-polarpro-polarfleecejacke-mit-reiszverschluss-rx402-18028\/navy-20739\/","nl":"\/nl\/p-pr-rx402-polaire-pro-gezipte-polaire-kleding-rx402-18028\/navy-20739\/","es":"\/es\/p-pr-rx402-polar-pro-prenda-polar-cerrada-con-cremallera-rx402-18028\/navy-20739\/","it":"\/it\/p-pr-rx402-polare-pro-vestiario-polare-zip-rx402-18028\/navy-20739\/","sv":"\/sv\/p-pr-rx402-polarpro-polarkladesplagg-med-dragkedja-rx402-18028\/navy-20739\/","pt":"\/pt\/p-pr-rx402-polar-pro-veste-polar-zippada-rx402-18028\/navy-20739\/","da":"\/da\/p-pr-rx402-polar-pro-polarbeklaedning-zippet-rx402-18028\/navy-20739\/","pl":"\/pl\/p-pr-rx402-polar-pro-odziez-polarowa-z-zapieciem-rx402-18028\/navy-20739\/"},"page_links_customization":{"fr":"\/fr\/p-pr-rx402-polaire-pro-vetement-polaire-zippe-rx402-personnalisation-18028\/navy-20739\/custom\/","en":"\/en\/p-pr-rx402-pro-polar-fleece-zipped-rx402-customization-18028\/navy-20739\/custom\/","de":"\/de\/p-pr-rx402-polarpro-vliestrickjacke-reiszverschluss-rx402-personalisierung-18028\/navy-20739\/custom\/","nl":"\/nl\/p-pr-rx402-polaire-pro-gezipte-vloerbedekking-rx402-aanpassing-18028\/navy-20739\/custom\/","es":"\/es\/p-pr-rx402-polar-pro-chaqueta-polar-cerrada-rx402-personalizacion-18028\/navy-20739\/custom\/","it":"\/it\/p-pr-rx402-polar-pro-abbigliamento-polare-zip-rx402-personalizzazione-18028\/navy-20739\/custom\/","sv":"\/sv\/p-pr-rx402-polar-pro-vast-polaervaska-rx402-anpassning-18028\/navy-20739\/custom\/","pt":"\/pt\/p-pr-rx402-polar-pro-veste-polar-zippada-rx402-personalizacao-18028\/navy-20739\/custom\/","da":"\/da\/p-pr-rx402-polar-pro-troje-polar-zippet-rx402-tilpasning-18028\/navy-20739\/custom\/","pl":"\/pl\/p-pr-rx402-polar-pro-odziez-polarowa-z-zapieciem-rx402-personalizacja-18028\/navy-20739\/custom\/"}},{"id":20736,"name":"charcoal","class_ids":[3],"codes_hexa":["1c2b39"],"delai_24":false,"has_3d":false,"seuil_global":0,"stock_local":0,"stock_global":1416,"on_standby":false,"in_catalog":true,"images":{"miniature":["https:\/\/media.th4.com\/Uz10EP3QpZUmj-Q4dMP6iexMv0R098Jgh_-5_oy9vyI\/pr:80\/aHR0cDovL21lZGlhMi5kZXNpZ25wYXJ0bmVyLmZyL2MvcC8xODAyOC8xODAyOC0yMDczNi0xLmpwZw?v=1712754032","https:\/\/media.th4.com\/n-HGHhm6s_r4AiiO-wbzpApoL2kzUzgvSDiswBfPF-0\/pr:80\/aHR0cDovL21lZGlhMi5kZXNpZ25wYXJ0bmVyLmZyL2MvcC8xODAyOC8xODAyOC0yMDczNi0xMC5qcGc?v=1712754033","https:\/\/media.th4.com\/sOTzkHXHtYKjdRlU9P9G7G9g-fY5rgLAmUZYgBbBgnk\/pr:80\/aHR0cDovL21lZGlhMi5kZXNpZ25wYXJ0bmVyLmZyL2MvcC8xODAyOC8xODAyOC0yMDczNi0yLmpwZw?v=1712754034"],"medium":["https:\/\/media.th4.com\/zjzoj2cHS3dfRswj15n21S4VmUMieGaD1oKpPZrcsSQ\/pr:550x550\/aHR0cDovL21lZGlhMi5kZXNpZ25wYXJ0bmVyLmZyL2MvcC8xODAyOC8xODAyOC0yMDczNi0xLmpwZw?v=1712754032","https:\/\/media.th4.com\/a4bA5fZpWAHelrsitB14K4siCasXJmoXBm9Sf7HaV9I\/pr:550x550\/aHR0cDovL21lZGlhMi5kZXNpZ25wYXJ0bmVyLmZyL2MvcC8xODAyOC8xODAyOC0yMDczNi0xMC5qcGc?v=1712754033","https:\/\/media.th4.com\/e8YXSjIV0baR6-vqQqKLWV1TywevgspPfer_JX4sIG0\/pr:550x550\/aHR0cDovL21lZGlhMi5kZXNpZ25wYXJ0bmVyLmZyL2MvcC8xODAyOC8xODAyOC0yMDczNi0yLmpwZw?v=1712754034"],"medium_large":["https:\/\/media.th4.com\/Ov6UB9fCTCGk03j7epBAA7tGdENcreN3l2k8W6bSemc\/pr:1000x1000\/aHR0cDovL21lZGlhMi5kZXNpZ25wYXJ0bmVyLmZyL2MvcC8xODAyOC8xODAyOC0yMDczNi0xLmpwZw?v=1712754032","https:\/\/media.th4.com\/t3PRVgk-emjK-Hr7-b1-5RXGM_gXXKusY4F7WQisiYQ\/pr:1000x1000\/aHR0cDovL21lZGlhMi5kZXNpZ25wYXJ0bmVyLmZyL2MvcC8xODAyOC8xODAyOC0yMDczNi0xMC5qcGc?v=1712754033","https:\/\/media.th4.com\/UvtwYd9L8uWKYEwm9FWOlT1MM_KXaw52p0kt0T6yJGk\/pr:1000x1000\/aHR0cDovL21lZGlhMi5kZXNpZ25wYXJ0bmVyLmZyL2MvcC8xODAyOC8xODAyOC0yMDczNi0yLmpwZw?v=1712754034"],"large":["https:\/\/media.th4.com\/HihWM8IwxnTcJth_nIPN5PHmsvXaH6rKx759LXb9GLE\/pr:1920\/aHR0cDovL21lZGlhMi5kZXNpZ25wYXJ0bmVyLmZyL2MvcC8xODAyOC8xODAyOC0yMDczNi0xLmpwZw?v=1712754032","https:\/\/media.th4.com\/pRMcHvu-Xh8mv2fd6gYVvP5XS31qC-0BVU6exAAgtHg\/pr:1920\/aHR0cDovL21lZGlhMi5kZXNpZ25wYXJ0bmVyLmZyL2MvcC8xODAyOC8xODAyOC0yMDczNi0xMC5qcGc?v=1712754033","https:\/\/media.th4.com\/s-z8S0ietBt9BDe91CCsuU38XLJ-_B2NSxxKIfjOYLI\/pr:1920\/aHR0cDovL21lZGlhMi5kZXNpZ25wYXJ0bmVyLmZyL2MvcC8xODAyOC8xODAyOC0yMDczNi0yLmpwZw?v=1712754034"],"opengraph":["https:\/\/media.th4.com\/OO1Zg5MiEpN0uUeRk9wM28IZg_ln20EAi3ewTi2zIDw\/pr:1200x630\/aHR0cDovL21lZGlhMi5kZXNpZ25wYXJ0bmVyLmZyL2MvcC8xODAyOC8xODAyOC0yMDczNi0xLmpwZw?v=1712754032","https:\/\/media.th4.com\/5UW60TOBjQmvBbeIU7PvFmwXP5r3BqO-eUMSXPnLtMA\/pr:1200x630\/aHR0cDovL21lZGlhMi5kZXNpZ25wYXJ0bmVyLmZyL2MvcC8xODAyOC8xODAyOC0yMDczNi0xMC5qcGc?v=1712754033","https:\/\/media.th4.com\/zvfcMV0zf6wSVuqJBGYJ0MN4j9y-iO9h1aaeNvv-Eag\/pr:1200x630\/aHR0cDovL21lZGlhMi5kZXNpZ25wYXJ0bmVyLmZyL2MvcC8xODAyOC8xODAyOC0yMDczNi0yLmpwZw?v=1712754034"]},"images_customization":{"miniature":["https:\/\/media.th4.com\/wWA0Z9Z7wo0cUcLc397J8_VidRiZb_vXjPfJhDg0zZs\/pr:80\/aHR0cDovL21lZGlhMi5kZXNpZ25wYXJ0bmVyLmZyL2MvcC1zaG9wcGluZy1jdXN0b20tVEgvMTgwMjgvMTgwMjgtMjA3MzYtMS5qcGc?v=1737555830","https:\/\/media.th4.com\/HbESMwmmtUz0KTkYokScdJlcanQ_EdNZwjMgwVin5KQ\/pr:80\/aHR0cDovL21lZGlhMi5kZXNpZ25wYXJ0bmVyLmZyL2MvcC1zaG9wcGluZy1jdXN0b20tVEgvMTgwMjgvMTgwMjgtMjA3MzYtMi5qcGc?v=1737555831"],"medium":["https:\/\/media.th4.com\/PnlSSPPyTZtcopAbH-4J_84rjObv2YWSPpoL73i8SM8\/pr:550x550\/aHR0cDovL21lZGlhMi5kZXNpZ25wYXJ0bmVyLmZyL2MvcC1zaG9wcGluZy1jdXN0b20tVEgvMTgwMjgvMTgwMjgtMjA3MzYtMS5qcGc?v=1737555830","https:\/\/media.th4.com\/f3K2O9jPVpKJ3Wa_C90-C_YhiyrCBeEVVAhcbZ37eew\/pr:550x550\/aHR0cDovL21lZGlhMi5kZXNpZ25wYXJ0bmVyLmZyL2MvcC1zaG9wcGluZy1jdXN0b20tVEgvMTgwMjgvMTgwMjgtMjA3MzYtMi5qcGc?v=1737555831"],"medium_large":["https:\/\/media.th4.com\/bn2GFYYYmqVWd0UiYwshpCd8ockotjTjfw386pBT7UQ\/pr:1000x1000\/aHR0cDovL21lZGlhMi5kZXNpZ25wYXJ0bmVyLmZyL2MvcC1zaG9wcGluZy1jdXN0b20tVEgvMTgwMjgvMTgwMjgtMjA3MzYtMS5qcGc?v=1737555830","https:\/\/media.th4.com\/6XAR86-aUsC_rkp7LxSD3SIeXbEGO4CMQG85zn_qkb8\/pr:1000x1000\/aHR0cDovL21lZGlhMi5kZXNpZ25wYXJ0bmVyLmZyL2MvcC1zaG9wcGluZy1jdXN0b20tVEgvMTgwMjgvMTgwMjgtMjA3MzYtMi5qcGc?v=1737555831"],"large":["https:\/\/media.th4.com\/CF7e_6IHmlbDiv3hrj5v6wbgK-QUY1ZMGrUc4iKtjn0\/pr:1920\/aHR0cDovL21lZGlhMi5kZXNpZ25wYXJ0bmVyLmZyL2MvcC1zaG9wcGluZy1jdXN0b20tVEgvMTgwMjgvMTgwMjgtMjA3MzYtMS5qcGc?v=1737555830","https:\/\/media.th4.com\/aE92o5Z9fQ5g55LCQpYH36f_H85I8-WQC4k8v2LSmqI\/pr:1920\/aHR0cDovL21lZGlhMi5kZXNpZ25wYXJ0bmVyLmZyL2MvcC1zaG9wcGluZy1jdXN0b20tVEgvMTgwMjgvMTgwMjgtMjA3MzYtMi5qcGc?v=1737555831"],"opengraph":["https:\/\/media.th4.com\/vB9z2481FfOOkl-KykbOYvhk5yNqeF4UK9eyJvWaJIs\/pr:1200x630\/aHR0cDovL21lZGlhMi5kZXNpZ25wYXJ0bmVyLmZyL2MvcC1zaG9wcGluZy1jdXN0b20tVEgvMTgwMjgvMTgwMjgtMjA3MzYtMS5qcGc?v=1737555830","https:\/\/media.th4.com\/1Nf9JT1AbfX7l1sW-Sx1q3FweKmSWuh7u6GIKadN3_g\/pr:1200x630\/aHR0cDovL21lZGlhMi5kZXNpZ25wYXJ0bmVyLmZyL2MvcC1zaG9wcGluZy1jdXN0b20tVEgvMTgwMjgvMTgwMjgtMjA3MzYtMi5qcGc?v=1737555831"]},"country_origin":"BD","traceability":{"manufacturing_country_id":null,"weaving_country_id":null,"dyeing_country_id":null},"sizes":[{"id":5,"article_id":454190,"class_id":2,"name":"XS","on_standby":false,"stock_local":0,"stock_global":136,"multiple":1,"estimated_date_reassort":null,"is_destocking":false},{"id":3,"article_id":454191,"class_id":3,"name":"S","on_standby":false,"stock_local":0,"stock_global":81,"multiple":1,"estimated_date_reassort":null,"is_destocking":false},{"id":2,"article_id":454192,"class_id":4,"name":"M","on_standby":false,"stock_local":0,"stock_global":385,"multiple":1,"estimated_date_reassort":null,"is_destocking":false},{"id":1,"article_id":454193,"class_id":5,"name":"L","on_standby":false,"stock_local":0,"stock_global":239,"multiple":1,"estimated_date_reassort":null,"is_destocking":false},{"id":4,"article_id":454194,"class_id":6,"name":"XL","on_standby":false,"stock_local":0,"stock_global":187,"multiple":1,"estimated_date_reassort":null,"is_destocking":false},{"id":1116,"article_id":454195,"class_id":7,"name":"2XL","on_standby":false,"stock_local":0,"stock_global":38,"multiple":1,"estimated_date_reassort":null,"is_destocking":false},{"id":1081,"article_id":454196,"class_id":8,"name":"3XL","on_standby":false,"stock_local":0,"stock_global":165,"multiple":1,"estimated_date_reassort":null,"is_destocking":false},{"id":16,"article_id":454197,"class_id":9,"name":"4XL","on_standby":false,"stock_local":0,"stock_global":60,"multiple":1,"estimated_date_reassort":null,"is_destocking":false},{"id":168,"article_id":454198,"class_id":10,"name":"5XL","on_standby":false,"stock_local":0,"stock_global":45,"multiple":1,"estimated_date_reassort":null,"is_destocking":false},{"id":169,"article_id":454199,"class_id":11,"name":"6XL","on_standby":false,"stock_local":0,"stock_global":41,"multiple":1,"estimated_date_reassort":null,"is_destocking":false},{"id":960,"article_id":454200,"class_id":23,"name":"7XL","on_standby":false,"stock_local":0,"stock_global":39,"multiple":1,"estimated_date_reassort":null,"is_destocking":false}],"page_links":{"fr":"\/fr\/p-pr-rx402-polaire-pro-vetement-polaire-zippe-rx402-18028\/charcoal-20736\/","en":"\/en\/p-pr-rx402-pro-polar-fleece-zip-up-rx402-18028\/charcoal-20736\/","de":"\/de\/p-pr-rx402-polarpro-polarfleecejacke-mit-reiszverschluss-rx402-18028\/charcoal-20736\/","nl":"\/nl\/p-pr-rx402-polaire-pro-gezipte-polaire-kleding-rx402-18028\/charcoal-20736\/","es":"\/es\/p-pr-rx402-polar-pro-prenda-polar-cerrada-con-cremallera-rx402-18028\/charcoal-20736\/","it":"\/it\/p-pr-rx402-polare-pro-vestiario-polare-zip-rx402-18028\/charcoal-20736\/","sv":"\/sv\/p-pr-rx402-polarpro-polarkladesplagg-med-dragkedja-rx402-18028\/charcoal-20736\/","pt":"\/pt\/p-pr-rx402-polar-pro-veste-polar-zippada-rx402-18028\/charcoal-20736\/","da":"\/da\/p-pr-rx402-polar-pro-polarbeklaedning-zippet-rx402-18028\/charcoal-20736\/","pl":"\/pl\/p-pr-rx402-polar-pro-odziez-polarowa-z-zapieciem-rx402-18028\/charcoal-20736\/"},"page_links_customization":{"fr":"\/fr\/p-pr-rx402-polaire-pro-vetement-polaire-zippe-rx402-personnalisation-18028\/charcoal-20736\/custom\/","en":"\/en\/p-pr-rx402-pro-polar-fleece-zipped-rx402-customization-18028\/charcoal-20736\/custom\/","de":"\/de\/p-pr-rx402-polarpro-vliestrickjacke-reiszverschluss-rx402-personalisierung-18028\/charcoal-20736\/custom\/","nl":"\/nl\/p-pr-rx402-polaire-pro-gezipte-vloerbedekking-rx402-aanpassing-18028\/charcoal-20736\/custom\/","es":"\/es\/p-pr-rx402-polar-pro-chaqueta-polar-cerrada-rx402-personalizacion-18028\/charcoal-20736\/custom\/","it":"\/it\/p-pr-rx402-polar-pro-abbigliamento-polare-zip-rx402-personalizzazione-18028\/charcoal-20736\/custom\/","sv":"\/sv\/p-pr-rx402-polar-pro-vast-polaervaska-rx402-anpassning-18028\/charcoal-20736\/custom\/","pt":"\/pt\/p-pr-rx402-polar-pro-veste-polar-zippada-rx402-personalizacao-18028\/charcoal-20736\/custom\/","da":"\/da\/p-pr-rx402-polar-pro-troje-polar-zippet-rx402-tilpasning-18028\/charcoal-20736\/custom\/","pl":"\/pl\/p-pr-rx402-polar-pro-odziez-polarowa-z-zapieciem-rx402-personalizacja-18028\/charcoal-20736\/custom\/"}}],"documentation_link":"\/pdf\/18028.pdf","countries_availables":["AD","AE","AL","AT","BA","BD","BE","BG","BL","CA","CH","CN","CO","CY","CZ","DE","DK","DO","EE","EG","ES","ET","FI","FR","GB","GE","GF","GP","GR","GT","HK","HN","HR","HT","HU","ID","IE","IN","IS","IT","JO","JP","KE","KH","KP","KR","LA","LK","LS","LT","LU","LV","MA","MF","MG","MK","MM","MN","MQ","MT","MX","MY","NC","NI","NL","PF","PH","PK","PL","PM","PT","RE","RO","SE","SG","SI","SK","SV","SY","TH","TN","TR","TW","TZ","US","VN","WF","YT"]},"infos_customization":[],"features":{"authorize_multi_surfaces":true,"display_order_delay_type":true,"promote_surface_display":true,"tarification_franco_offert":true,"enabled_3d_editor":false},"markings":[{"id":0,"nom":"vierge","finition":null,"libelle":null,"code":null,"dpi":null,"finesse_forme_isolee":null,"finesse_forme_non_isolee":null,"hauteur_minimale_texte":null,"inactif":0,"marquage_interne":1,"quantite_min":null,"parent_id":null,"print_on_support":0,"content":"vierge","description":null},{"id":2,"nom":"fonce","finition":"optimale","libelle":"TopQuadri","code":null,"dpi":400,"finesse_forme_isolee":"0.040","finesse_forme_non_isolee":"0.700","hauteur_minimale_texte":2,"inactif":0,"marquage_interne":1,"quantite_min":null,"parent_id":18,"print_on_support":0,"content":"TopQuadri","description":"pour petites et moyennes s\u00e9ries"},{"id":3,"nom":"serigraphie","finition":"serigraphie","libelle":"SeriCoat","code":null,"dpi":400,"finesse_forme_isolee":"0.040","finesse_forme_non_isolee":"0.700","hauteur_minimale_texte":2,"inactif":0,"marquage_interne":1,"quantite_min":15,"parent_id":18,"print_on_support":0,"content":"SeriCoat","description":"pour moyennes et grandes s\u00e9ries"},{"id":4,"nom":"broderie","finition":"broderie","libelle":"Broderie","code":null,"dpi":400,"finesse_forme_isolee":"0.040","finesse_forme_non_isolee":"0.700","hauteur_minimale_texte":3,"inactif":0,"marquage_interne":1,"quantite_min":null,"parent_id":null,"print_on_support":0,"content":"Broderie","description":null},{"id":8,"nom":"theme","finition":null,"libelle":"Th\u00e8me","code":null,"dpi":null,"finesse_forme_isolee":null,"finesse_forme_non_isolee":null,"hauteur_minimale_texte":null,"inactif":0,"marquage_interne":1,"quantite_min":null,"parent_id":null,"print_on_support":0,"content":"Th\u00e8me","description":null},{"id":9,"nom":"sans","finition":null,"libelle":null,"code":null,"dpi":null,"finesse_forme_isolee":null,"finesse_forme_non_isolee":null,"hauteur_minimale_texte":null,"inactif":0,"marquage_interne":1,"quantite_min":null,"parent_id":null,"print_on_support":0,"content":"sans","description":null},{"id":10,"nom":"photo","finition":null,"libelle":"Photo","code":null,"dpi":null,"finesse_forme_isolee":null,"finesse_forme_non_isolee":null,"hauteur_minimale_texte":null,"inactif":0,"marquage_interne":1,"quantite_min":null,"parent_id":null,"print_on_support":0,"content":"Photo","description":null},{"id":14,"nom":"couleur","finition":null,"libelle":"Couleur","code":null,"dpi":null,"finesse_forme_isolee":null,"finesse_forme_non_isolee":null,"hauteur_minimale_texte":null,"inactif":0,"marquage_interne":1,"quantite_min":null,"parent_id":null,"print_on_support":0,"content":"Couleur","description":null},{"id":15,"nom":"sublimation","finition":"sublimation","libelle":"Sublimation","code":null,"dpi":null,"finesse_forme_isolee":"0.000","finesse_forme_non_isolee":"0.000","hauteur_minimale_texte":2,"inactif":0,"marquage_interne":1,"quantite_min":null,"parent_id":null,"print_on_support":0,"content":"Sublimation","description":null},{"id":16,"nom":"topquadri_uv","finition":null,"libelle":"TopQuadri UV","code":null,"dpi":null,"finesse_forme_isolee":"0.020","finesse_forme_non_isolee":"0.700","hauteur_minimale_texte":2,"inactif":0,"marquage_interne":1,"quantite_min":null,"parent_id":null,"print_on_support":1,"content":null,"description":null},{"id":17,"nom":"topquadri_uvp","finition":null,"libelle":"TopQuadri UVP","code":null,"dpi":null,"finesse_forme_isolee":"0.020","finesse_forme_non_isolee":"0.700","hauteur_minimale_texte":2,"inactif":0,"marquage_interne":1,"quantite_min":null,"parent_id":null,"print_on_support":1,"content":null,"description":null},{"id":18,"nom":"quadri","finition":null,"libelle":"Impression","code":null,"dpi":null,"finesse_forme_isolee":null,"finesse_forme_non_isolee":null,"hauteur_minimale_texte":null,"inactif":0,"marquage_interne":1,"quantite_min":null,"parent_id":null,"print_on_support":0,"content":null,"description":null}]}}