{"data":{"product":{"id":18027,"titre":"Micropolaire pro","description":"L\u00e9g\u00e8re et chaude, cette polaire est dot\u00e9 d'un zip int\u00e9gral. Deux poches lat\u00e9rales zipp\u00e9es sur le devant. Bords de manche et ourlet \u00e0 galon pour un fini plat moderne. Empi\u00e8cement lat\u00e9ral pour une coupe ajust\u00e9e. Composition : 100\u00a0% polyester.","genre":"mixte","grammage":200,"conditionnement":25,"composition":"polyester,polyester_uniquement","reference":"pr-rx401","reference_visible":"pr-rx401","reference_fabricant":"RX401","ref_xor":"725038","in_catalog":true,"is_transfer":false,"is_service":false,"on_standby":false,"has_3d":true,"has_size_guide":true,"has_marking":true,"has_vierge":true,"is_cross_sellable":false,"id_picto":15,"filename_3d":"picto-15","brand":{"id":402,"name":"Pro RTX","logo":"logo-pro-rtx.png","image":"https:\/\/media.th4.com\/5yjJqtmXDNjyJ4DZb-Dxi7PXlOpM6BsJozT_83nbxW8\/pr:brand70x70\/aHR0cDovL21lZGlhMi5kZXNpZ25wYXJ0bmVyLmZyL2MvbS9sb2dvLXByby1ydHgucG5n?v=1712591312"},"price_infos":{"price_from":13,"quantity":200,"color":{"id":20733,"name":"black"},"size":{"id":1,"name":"L"}},"price_infos_marking":{"price_from":20.71,"quantity":200,"color":{"id":20733,"name":"black"},"size":{"id":1,"name":"L"},"marking":{"id":4,"name":""},"emplacement":"avant","surface_emplacement_id":1,"surface":"coeur"},"i18n":{"blank":{"title":{"fr":"Micropolaire pro Polaire zipp\u00e9e polyester PRO RTX rx401","en":"Micropolaire pro zipped polyester fleece rx401","de":"Micropolar pro Polarfleece Rei\u00dfverschluss Polyester PRO RTX rx401","nl":"Micropolaire pro gezette polyester PRO RTX rx401","es":"Micropolar pro Polaire cerrada de poli\u00e9ster PRO RTX rx401","it":"Micropolare pro Polare zipperata poliestere PRO RTX rx401","sv":"Micropolare pro Polare zippad polyester PRO RTX rx401","pt":"Micropolar pro Polar zippada poli\u00e9ster PRO RTX rx401","da":"Micropolaire pro zippet polyester polare rx401","pl":"Micropolar pro Polar zippowana z poliesteru PRO RTX rx401"},"description":{"fr":"Cette polaire zipp\u00e9e offre une solution confortable pour les activit\u00e9s n\u00e9cessitant une couche suppl\u00e9mentaire de chaleur. Sa conception l\u00e9g\u00e8re permet une grande libert\u00e9 de mouvement. Dot\u00e9e d'un zip int\u00e9gral, elle est facile \u00e0 enfiler et \u00e0 retirer. Les deux poches zipp\u00e9es permettent de ranger des petits objets en toute s\u00e9curit\u00e9. Les bords de manche et l'ourlet galonn\u00e9 assurent un rendu soign\u00e9 et une durabilit\u00e9 accrue. L'empi\u00e8cement lat\u00e9ral offre une coupe ajust\u00e9e qui met en valeur la silhouette.\n\n- Composition : 100% polyester\n- Poches : 2 poches lat\u00e9rales zipp\u00e9es\n- Finition : Bords de manches et ourlet \u00e0 galon\n- Coupe : Empi\u00e8cement lat\u00e9ral ajust\u00e9","en":"This zipped fleece offers a comfortable solution for activities requiring an additional layer of warmth. Its lightweight design allows for great freedom of movement. Featuring a full-length zip, it is easy to put on and take off. The two zipped pockets allow for secure storage of small items. The cuffs and hem with ribbon edging ensure a neat finish and increased durability. The side panel offers a fitted cut that enhances the silhouette.\n\n- Composition: 100% polyester\n- Pockets: 2 zipped side pockets\n- Finish: Ribbed cuffs and hem\n- Cut: Fitted side panel","de":"Dieses Fleece mit Rei\u00dfverschluss bietet eine bequeme L\u00f6sung f\u00fcr Aktivit\u00e4ten, die eine zus\u00e4tzliche W\u00e4rmeschicht ben\u00f6tigen. Die leichte Konstruktion erm\u00f6glicht gro\u00dfe Bewegungsfreiheit. Mit einem Rei\u00dfverschluss, der leicht angezogen und ausgezogen werden kann. Die beiden Rei\u00dfverschlusstaschen erm\u00f6glichen sicheres Verstauen kleiner Gegenst\u00e4nde. Die Saumkanten und der Kordelbund sorgen f\u00fcr ein gepflegtes Aussehen und erh\u00f6hte Haltbarkeit. Die seitlichen Eins\u00e4tze bieten einen schmeichelnden Schnitt, der die Silhouette betont.\n\n- Zusammensetzung: 100% Polyester\n- Taschen: 2 Seitentaschen mit Rei\u00dfverschluss\n- Verarbeitung: Saumkanten und Kordelbund\n- Schnitt: Seitliche Eins\u00e4tze angepasst","nl":"Deze gezette polaire biedt een comfortabele oplossing voor activiteiten die een extra laag warmte vereisen. Zijn lichtgewicht ontwerp biedt grote bewegingsvrijheid. Met een volledige zip is het eenvoudig aan- en uit te trekken. De twee zippockets bieden veilige opslag van kleine voorwerpen. De afgeronde manschetten en het omgebogen onderkant garanderen een nette uitstraling en verhoogde duurzaamheid. De zijpanelen bieden een gestroomlijnde pasvorm die de silhouet benadrukt.  Compositie : 100% polyester. Pockets : 2 zijpockets met zip. Finishing : Manschetten en onderkant met rand. Snaar : zijpaneel past","es":"Esta polaire cerrada ofrece una soluci\u00f3n c\u00f3moda para actividades que requieren una capa adicional de calor. Su dise\u00f1o ligero permite una gran libertad de movimiento. Dotada de una cremallera integral, es f\u00e1cil de ponerse y quitarse. Los dos bolsillos con cremallera permiten guardar peque\u00f1os objetos con seguridad. Los bordes de las mangas y el dobladillo acanalado aseguran un aspecto acabado y una mayor durabilidad. La inserci\u00f3n lateral ofrece un corte ajustado que realza la silueta.\n\n- Composici\u00f3n: 100% poli\u00e9ster\n- Bolsillos: 2 bolsillos laterales con cremallera\n- Acabado: Bordes de las mangas y dobladillo con canal\n- Corte: Inserci\u00f3n lateral ajustada","it":"Questa polare zipperata offre una soluzione confortevole per le attivit\u00e0 che richiedono uno strato aggiuntivo di calore. La sua concezione leggera permette una grande libert\u00e0 di movimento. Dotata di zip integrale, \u00e8 facile da indossare e da togliere. Le due tasche zipperate permettono di riporre piccoli oggetti in tutta sicurezza. I bordi delle maniche e il bordo inferiore con rifinitura a galon assicurano un aspetto curato e una durata accresciuta. La parte laterale offre una taglia adattata che valorizza la silhouette.\n\n- Composizione : 100% poliestere\n- Tasche : 2 tasche laterali zipperate\n- Finitura : Bordi delle maniche e bordo inferiore a galon\n- Taglia : Parte laterale adattata","sv":"Denna zippade polare erbjuder en bekv\u00e4m l\u00f6sning f\u00f6r aktiviteter som kr\u00e4ver ett extra lager av v\u00e4rme. Dess l\u00e4ttviktiga design ger stor r\u00f6relsefrihet. Med en helt\u00e4ckande zip \u00e4r den enkel att ta p\u00e5 och av. De tv\u00e5 zippade fickorna g\u00f6r det m\u00f6jligt att s\u00e4kert f\u00f6rvara sm\u00e5 f\u00f6rem\u00e5l. Manschettkanten och galonsf\u00f6rsedda \u00e4rmkanter ger ett snyggt utseende och \u00f6kad h\u00e5llbarhet. Sidpanelen ger en formpassande sk\u00e4rning som framh\u00e4ver silhuetten.\n\n- Sammans\u00e4ttning: 100% polyester\n- Fickor: 2 sidfickor med zip\n- Finish: Manschetter och \u00e4rmkanter med galon\n- Passform: Formpassande sidpanel","pt":"Esta polar zippada oferece uma solu\u00e7\u00e3o confort\u00e1vel para atividades que exigem uma camada extra de calor. Seu design leve permite uma grande liberdade de movimento. Com z\u00edper integral, \u00e9 f\u00e1cil de vestir e retirar. As duas bolsas com z\u00edper permitem guardar pequenos objetos com seguran\u00e7a. As bordas das mangas e a barra de el\u00e1stico garantem um acabamento cuidado e maior durabilidade. A pe\u00e7a lateral oferece um corte ajustado que valoriza a silhueta.\n\n- Composi\u00e7\u00e3o: 100% poli\u00e9ster\n- Bolsos: 2 bolsos laterais com z\u00edper\n- Acabamento: Bordas das mangas e barra de el\u00e1stico\n- Corte: Pe\u00e7a lateral ajustada","da":"Denne zippede polare tilbyder en komfortabel l\u00f8sning til aktiviteter, der kr\u00e6ver et ekstra lag med varme. Dens lette konstruktion tillader stor bev\u00e6gelsesfrihed. Udstyret med en hel k\u00e6p, er den nem at tr\u00e6kke p\u00e5 og af. De to zippede lommer giver mulighed for at opbevare sm\u00e5 genstande sikkert. Mancheforene og den bundstropede kant sikrer en p\u00e6n udseende og \u00f8get holdbarhed. Den laterale indsats giver en tilpasset sk\u00e6ring, der fremh\u00e6ver silhouetten.\n\n- Sammens\u00e6tning: 100% polyester\n- Lommer: 2 zippede siderlommer\n- Afslutning: Manchefor og bundkant med stop\n- Sk\u00e6ring: Tilpasset lateral indsats","pl":"Ta polar z zipem zapewnia komfortowe rozwi\u0105zanie dla aktywno\u015bci wymagaj\u0105cych dodatkowej warstwy ciep\u0142a. Jej lekka konstrukcja pozwala na du\u017c\u0105 swobod\u0119 ruchu. Wyposa\u017cona w pe\u0142ny zip, \u0142atwo j\u0105 zak\u0142ada\u0107 i zdj\u0105\u0107. Dwie kieszenie z zippami pozwalaj\u0105 bezpiecznie przechowywa\u0107 ma\u0142e przedmioty. Brzegi r\u0119kaw\u00f3w i ko\u0142nierz z obszyciem zapewniaj\u0105 estetyczny wygl\u0105d i zwi\u0119kszon\u0105 trwa\u0142o\u015b\u0107. Boczny panel dopasowuj\u0105cy nadaje sylwetce lepszy wygl\u0105d."},"h1":{"fr":"Micropolaire pro Polaire zipp\u00e9e polyester rx401","en":"Micropolaire pro zipped polyester fleece rx401","de":"Micropolar pro Polarfleece Rei\u00dfverschluss Polyester rx401","nl":"Micropolaire pro gezette polyester rx401","es":"Micropolar pro Polaire cerrada de poli\u00e9ster rx401","it":"Micropolare pro Polare zipperata poliestere rx401","sv":"Micropolare pro Polare zippad polyester rx401","pt":"Micropolar pro Polar zippada poli\u00e9ster rx401","da":"Micropolaire pro zippet polyester rx401","pl":"Micropolar pro Polar zippowana z poliesteru rx401"},"meta_description":{"fr":"Micropolaire pro, polaire zipp\u00e9e en polyester. Id\u00e9ale pour les activit\u00e9s n\u00e9cessitant chaleur et confort. Disponible en plusieurs tailles. D\u00e9couvrez-en plus !","en":"Micropolaire pro, zipped fleece in polyester. Ideal for activities requiring warmth and comfort. Available in multiple sizes. Discover more!","de":"Micropolar pro, Polarfleece mit Rei\u00dfverschluss aus Polyester. Ideal f\u00fcr Aktivit\u00e4ten, die W\u00e4rme und Komfort erfordern. In verschiedenen Gr\u00f6\u00dfen erh\u00e4ltlich. Mehr erfahren!","nl":"Micropolaire pro, gezette in polyester. Ideaal voor activiteiten die warmte en comfort vereisen. Beschikbaar in verschillende maten. Ontdek er meer over!","es":"Micropolar pro, polaire cerrada de poli\u00e9ster. Ideal para actividades que requieren calor y comodidad. Disponible en varias tallas. \u00a1Desc\u00fabrelo!","it":"Micropolare pro, polare zipperata in poliestere. Ideale per le attivit\u00e0 che richiedono calore e comfort. Disponibile in diverse taglie. Scopri di pi\u00f9!","sv":"Micropolare pro, polare zippad i polyester. Ideal f\u00f6r aktiviteter som kr\u00e4ver v\u00e4rme och komfort. Tillg\u00e4nglig i flera storlekar. L\u00e4r dig mer!","pt":"Micropolar pro, polar zippada em poli\u00e9ster. Ideal para atividades que necessitam calor e conforto. Dispon\u00edvel em v\u00e1rios tamanhos. Saiba mais!","da":"Micropolaire pro, zippet polyester polare. Ideel til aktiviteter, der kr\u00e6ver varme og komfort. Tilg\u00e6ngelig i flere st\u00f8rrelser. L\u00e6r mere!","pl":"Micropolar pro, polar zippowana z poliesteru. Idealna do aktywno\u015bci wymagaj\u0105cych ciep\u0142a i komfortu. Dost\u0119pna w r\u00f3\u017cnych rozmiarach. Dowiedz si\u0119 wi\u0119cej!"}},"custom":{"title":{"fr":"Micropolaire pro Polaire zipp\u00e9e polyester PRO RTX rx401 personnalis\u00e9","en":"Pro Micropolar Fleece Zippered Polyester PRO RTX rx401 custom","de":"Micropolar Pro Polar zippbare Polyester PRO RTX rx401 personalisiert","nl":"Micropolaire pro polsstrik polyester PRO RTX rx401 personaliseerd","es":"Micropolar pro Polaire con cremallera de poli\u00e9ster PRO RTX rx401 personalizado","it":"Micropolare pro Polare zip poliestere PRO RTX rx401 personalizzato","sv":"Micropolar pro Pol\u00e4r zippad polyester PRO RTX rx401 anpassad","pt":"Micropolar pro Polaire zipp\u00e9e poli\u00e9ster PRO RTX rx401 personalizado","da":"Micropolar pro Pol\u00e6re zip-lukkede polyester PRO RTX rx401 tilpasningsbar","pl":"Micropolar pro Polar zippowana poliestrowa PRO RTX rx401 personalizowany"},"description":{"fr":"La polaire zipp\u00e9e Micropolaire pro est con\u00e7ue pour offrir chaleur et confort. L\u00e9g\u00e8re, elle est dot\u00e9e d'un zip int\u00e9gral, de deux poches lat\u00e9rales zipp\u00e9es et de bords de manche et ourlet \u00e0 galon pour une finition soign\u00e9e. Son empi\u00e8cement lat\u00e9ral assure une coupe ajust\u00e9e. Ce v\u00eatement est personnalisable en broderie, permettant l'ajout de votre logo ou de vos \u00e9l\u00e9ments graphiques. Composition : 100% polyester.\n\n- Composition : 100% polyester\n- Zip int\u00e9gral\n- Deux poches lat\u00e9rales zipp\u00e9es\n- Bords de manche et ourlet \u00e0 galon\n- Coupe ajust\u00e9e avec empi\u00e8cement lat\u00e9ral\n- Possibilit\u00e9 de personnalisation en broderie","en":"The zippered Pro Micropolar fleece is designed to provide warmth and comfort. Light, it features a full zip, two zippered side pockets, and cuffs and hem with ribbed edging for a neat finish. Its side panel ensures a fitted cut. This garment is customizable with embroidery, allowing the addition of your logo or graphic elements. Composition: 100% polyester.\n\n- Composition: 100% polyester\n- Full zip\n- Two zippered side pockets\n- Cuffs and hem with ribbed edging\n- Fitted cut with side panel\n- Customization possible with embroidery","de":"Die zippbare Micropolar Pro Polar ist f\u00fcr W\u00e4rme und Komfort entwickelt. Leicht, mit Rei\u00dfverschluss, zwei seitlichen Rei\u00dfverschlusstaschen und Saumkanten mit Kordel f\u00fcr eine sorgf\u00e4ltige Verarbeitung. Der seitliche Einschnitt sorgt f\u00fcr eine passende Schnittf\u00fchrung. Dieses Kleidungsst\u00fcck ist durch Stickerei personalisierbar, sodass Ihr Logo oder Ihre grafischen Elemente hinzugef\u00fcgt werden k\u00f6nnen. Zusammensetzung: 100% Polyester.\n\n- Zusammensetzung: 100% Polyester\n- Vollst\u00e4ndiger Rei\u00dfverschluss\n- Zwei seitliche Rei\u00dfverschlusstaschen\n- \u00c4rmel- und Saumkanten mit Kordel\n- Passgenaue Schnittf\u00fchrung mit seitlichem Einschnitt\n- M\u00f6glichkeit zur Personalisierung durch Stickerei","nl":"De polsstrik Micropolaire pro is ontworpen om warmte en comfort te bieden. Lichtgewicht, voorzien van een volledige zip, twee zijzippockets en manchetten en een afgeronde rand met galon voor een nette afwerking. Het zijdeel zorgt voor een strakke pasvorm. Dit kledingstuk is personaliseerbaar door borduurwerk, waarmee u uw logo of grafische elementen kunt toevoegen. Samenstelling: 100% polyester.\n\n- Samenstelling: 100% polyester\n- Volledige zip\n- Twee zijzippockets\n- Manchetten en afgeronde rand met galon\n- Strakke pasvorm met zijdeel\n- Mogelijkheid tot personalisatie door borduurwerk","es":"La polar con cremallera Micropolar pro est\u00e1 dise\u00f1ada para ofrecer calor y confort. Ligera, cuenta con una cremallera integral, dos bolsillos laterales con cremallera y bordes de manga y dobladillo con solapa para un acabado refinado. Su entalle lateral asegura un corte ajustado. Esta prenda es personalizable mediante bordado, permitiendo la adici\u00f3n de su logotipo o elementos gr\u00e1ficos. Composici\u00f3n: 100% poli\u00e9ster.\n\n- Composici\u00f3n: 100% poli\u00e9ster\n- Cremallera integral\n- Dos bolsillos laterales con cremallera\n- Bordes de manga y dobladillo con solapa\n- Corte ajustado con entalle lateral\n- Posibilidad de personalizaci\u00f3n mediante bordado","it":"La pola zip Micropolare pro \u00e8 progettata per offrire calore e comfort. Leggera, \u00e8 dotata di una zip completa, due tasche laterali zip e bordi di manica e orlo con passamaneria per una finitura curata. Il suo inserto laterale garantisce una vestibilit\u00e0 aderente. Questo abbigliamento \u00e8 personalizzabile con ricamo, permettendo l'aggiunta del proprio logo o elementi grafici. Composizione: 100% poliestere.\n\n- Composizione: 100% poliestere\n- Zip completa\n- Due tasche laterali zip\n- Bordi di manica e orlo con passamaneria\n- Vestibilit\u00e0 aderente con inserto laterale\n- Possibilit\u00e0 di personalizzazione con ricamo","sv":"Den zippade Micropolar pro-pol\u00e4ren \u00e4r konstruerad f\u00f6r att erbjuda v\u00e4rme och komfort. L\u00e4tt, den har en helzipp, tv\u00e5 zippade sidfickor och manschetter och en bottenkant med ett kanthalsband f\u00f6r en sofistikerad finish. Dess sidinsats s\u00e4kerst\u00e4ller en passform. Detta plagg kan anpassas med broderi, vilket g\u00f6r det m\u00f6jligt att l\u00e4gga till ditt logotyp eller dina grafiska element. Sammans\u00e4ttning: 100% polyester.\n\n- Sammans\u00e4ttning: 100% polyester\n- Helzipp\n- Tv\u00e5 zippade sidfickor\n- Manschetter och en bottenkant med ett kanthalsband\n- Passform med sidinsats\n- M\u00f6jlighet till anpassning i broderi","pt":"A polar zipp\u00e9e Micropolar pro \u00e9 concebida para oferecer calor e conforto. Leve, \u00e9 dotada de um z\u00edper integral, de duas bolsas laterais zippadas e de bordas de manga e dobra a gal\u00e3o para um acabamento cuidadoso. Seu embutido lateral assegura um corte ajustado. Esta roupa \u00e9 personaliz\u00e1vel em bordado, permitindo a adi\u00e7\u00e3o do seu logotipo ou dos seus elementos gr\u00e1ficos. Composi\u00e7\u00e3o : 100% poli\u00e9ster.\n\n- Zip integral\n- Duas bolsas laterais zippadas\n- Bordo de manga e dobra a gal\u00e3o\n- Corte ajustado com embutido lateral\n- Possibilidade de personaliza\u00e7\u00e3o em bordado","da":"Den zip-lukkede polar Micropolar pro er designet til at give varme og komfort. Let, den har en integreret zip, to sidelommer med zip, og \u00e6rmer og bundkant med b\u00e5nd for en p\u00e6n afslutning. Dens sides\u00e6kke sikrer en justeret pasform. Dette t\u00f8j kan tilpasses ved broderi, hvilket g\u00f8r det muligt at tilf\u00f8je dit logo eller dine grafiske elementer. Sammens\u00e6tning : 100% polyester.\n\n- Sammens\u00e6tning : 100% polyester\n- Integreret zip\n- To sidelommer med zip\n- \u00c6rmekant og bundkant med b\u00e5nd\n- Justeret pasform med sides\u00e6kke\n- Mulighed for tilpasning ved broderi","pl":"Polar zippowana Micropolar pro jest projektowana w celu zapewnienia ciep\u0142a i komfortu. Lekka, wyposa\u017cona w pe\u0142ny zamek b\u0142yskawiczny, dwie zapi\u0119te na zamek bokowe kieszenie i obrze\u017ca r\u0119kaw\u00f3w i dolnej kraw\u0119dzi z opask\u0105 dla eleganckiego wyko\u0144czenia. Jej boki zapewniaj\u0105 dopasowany kroi. Ten ubi\u00f3r jest personalizowany haken, umo\u017cliwiaj\u0105c dodanie logo lub element\u00f3w graficznych. Sk\u0142ad: 100% poliestru.\n\n- Sk\u0142ad: 100% poliestru\n- Pe\u0142ny zamek b\u0142yskawiczny\n- Dwie zapi\u0119te na zamek bokowe kieszenie\n- Obrze\u017ca r\u0119kaw\u00f3w i dolnej kraw\u0119dzi z opask\u0105\n- Dopasowany kroi z bokami\n- Mo\u017cliwo\u015b\u0107 personalizacji haken"},"h1":{"fr":"Micropolaire pro Polaire zipp\u00e9e polyester rx401 personnalisable","en":"Pro Micropolar Fleece Zippered Polyester rx401 customizable","de":"Micropolar Pro Polar zippbare Polyester rx401 personalisierbar","nl":"Micropolaire pro polsstrik polyester rx401 personaliseerbaar","es":"Micropolar pro Polaire con cremallera de poli\u00e9ster rx401 personalizable","it":"Micropolare pro Polare zip poliestere rx401 personalizzabile","sv":"Micropolar pro Pol\u00e4r zippad polyester rx401 anpassningsbar","pt":"Micropolar pro Polaire zipp\u00e9e poli\u00e9ster rx401 personaliz\u00e1vel","da":"Micropolar pro Pol\u00e6re zip-lukkede polyester rx401 tilpasningsbar","pl":"Micropolar pro Polar zippowana poliestrowa rx401 personalizowalna"},"meta_description":{"fr":"Polaire zipp\u00e9e polyester Micropolaire pro. L\u00e9g\u00e8re et chaude, id\u00e9ale pour les professionnels. Possibilit\u00e9 de personnalisation en broderie.","en":"Zippered polyester fleece Pro Micropolar. Light and warm, ideal for professionals. Customization possible with embroidery.","de":"Zippbare Polyester Polar Micropolar Pro. Leicht und warm, ideal f\u00fcr Fachleute. M\u00f6glichkeit zur Personalisierung durch Stickerei.","nl":"Polsstrik polyester Micropolaire pro. Licht en warm, ideaal voor professionals. Mogelijkheid tot personalisatie door borduurwerk.","es":"Polar con cremallera de poli\u00e9ster Micropolar pro. Ligero y c\u00e1lido, ideal para profesionales. Posibilidad de personalizaci\u00f3n en bordado.","it":"Pola zip poliestere Micropolare pro. Leggera e calda, ideale per i professionisti. Possibilit\u00e0 di personalizzazione con ricamo.","sv":"Pol\u00e4r zippad polyester Micropolar pro. L\u00e4tt och varm, idealisk f\u00f6r yrkesverksamma. M\u00f6jlighet till anpassning i broderi.","pt":"Polar zipp\u00e9e poli\u00e9ster Micropolar pro. Leve e quente, ideal para profissionais. Possibilidade de personaliza\u00e7\u00e3o em bordado.","da":"Zip-lukket polyester polar Micropolar pro. Let og varm, ideel for professionelle. Mulighed for tilpasning ved broderi.","pl":"Polar zippowana poliestrowa Micropolar pro. Lekka i ciep\u0142a, idealna dla profesjonalist\u00f3w. Mo\u017cliwo\u015b\u0107 personalizacji haken."}}},"categories":[{"id":7,"name":"Polaires","singular":"Polaire","is_feminin":false},{"id":561,"name":"BTP et Industrie","singular":"BTP et Industrie","is_feminin":false},{"id":559,"name":"Univers","singular":"Univers","is_feminin":false},{"id":354,"name":"Textile","singular":"Textile","is_feminin":false}],"certifications":[{"id":20,"label":"Amfori BSCI","logo_link":"\/images\/certifications\/20_Amfori_BSCI.jpg","is_marking_compatible":false},{"id":21,"label":"Sedex","logo_link":"\/images\/certifications\/21_Sedex.jpg","is_marking_compatible":false}],"videos":{"fr":[],"en":[],"de":[],"nl":[],"es":[],"it":[],"sv":[],"pt":[],"da":[],"pl":[]},"main_images":{"miniature":"https:\/\/media.th4.com\/tI2oZD23SUGGCAModoJo1bVmW1rB0hISFReR9SAH0xo\/pr:80\/aHR0cDovL21lZGlhMi5kZXNpZ25wYXJ0bmVyLmZyL2MvcC1NVC8xODAyNy5qcGc?v=1712754286","medium":"https:\/\/media.th4.com\/6vMsVcDOIzzzmz4w_zeeBeexgFtv_ksSHVSPwsxYFSk\/pr:550x550greybg\/aHR0cDovL21lZGlhMi5kZXNpZ25wYXJ0bmVyLmZyL2MvcC1NVC8xODAyNy5qcGc?v=1712754286","medium_large":"https:\/\/media.th4.com\/n8kcNHBAiyvXs_Gjjho3uKJE1F408OnOSS1ij0LAuuU\/pr:1000x1000greybg\/aHR0cDovL21lZGlhMi5kZXNpZ25wYXJ0bmVyLmZyL2MvcC1NVC8xODAyNy5qcGc?v=1712754286","large":"https:\/\/media.th4.com\/JYhzVZ4bSvLVL1ey2vzep2CcozLE1xMhQ30dLjL0JmM\/pr:1920greybg\/aHR0cDovL21lZGlhMi5kZXNpZ25wYXJ0bmVyLmZyL2MvcC1NVC8xODAyNy5qcGc?v=1712754286","opengraph":"https:\/\/media.th4.com\/pRMe7LBUv-966NVdqOtLpsFxEovEbl-kss4g5nHZui0\/pr:1200x630greybg\/aHR0cDovL21lZGlhMi5kZXNpZ25wYXJ0bmVyLmZyL2MvcC1NVC8xODAyNy5qcGc?v=1712754286"},"main_images_customization":{"miniature":"https:\/\/media.th4.com\/tI2oZD23SUGGCAModoJo1bVmW1rB0hISFReR9SAH0xo\/pr:80\/aHR0cDovL21lZGlhMi5kZXNpZ25wYXJ0bmVyLmZyL2MvcC1NVC8xODAyNy5qcGc?v=1712754286","medium":"https:\/\/media.th4.com\/6vMsVcDOIzzzmz4w_zeeBeexgFtv_ksSHVSPwsxYFSk\/pr:550x550greybg\/aHR0cDovL21lZGlhMi5kZXNpZ25wYXJ0bmVyLmZyL2MvcC1NVC8xODAyNy5qcGc?v=1712754286","medium_large":"https:\/\/media.th4.com\/n8kcNHBAiyvXs_Gjjho3uKJE1F408OnOSS1ij0LAuuU\/pr:1000x1000greybg\/aHR0cDovL21lZGlhMi5kZXNpZ25wYXJ0bmVyLmZyL2MvcC1NVC8xODAyNy5qcGc?v=1712754286","large":"https:\/\/media.th4.com\/JYhzVZ4bSvLVL1ey2vzep2CcozLE1xMhQ30dLjL0JmM\/pr:1920greybg\/aHR0cDovL21lZGlhMi5kZXNpZ25wYXJ0bmVyLmZyL2MvcC1NVC8xODAyNy5qcGc?v=1712754286","opengraph":"https:\/\/media.th4.com\/pRMe7LBUv-966NVdqOtLpsFxEovEbl-kss4g5nHZui0\/pr:1200x630greybg\/aHR0cDovL21lZGlhMi5kZXNpZ25wYXJ0bmVyLmZyL2MvcC1NVC8xODAyNy5qcGc?v=1712754286"},"page_links":{"fr":"\/fr\/p-pr-rx401-micropolaire-pro-polaire-zippee-polyester-rx401-18027\/","en":"\/en\/p-pr-rx401-micropolaire-pro-zipped-polyester-fleece-rx401-18027\/","de":"\/de\/p-pr-rx401-micropolar-pro-polarfleece-reiszverschluss-polyester-rx401-18027\/","nl":"\/nl\/p-pr-rx401-micropolaire-pro-gezette-polyester-rx401-18027\/","es":"\/es\/p-pr-rx401-micropolar-pro-polaire-cerrada-de-poliester-rx401-18027\/","it":"\/it\/p-pr-rx401-micropolare-pro-polare-zipperata-poliestere-rx401-18027\/","sv":"\/sv\/p-pr-rx401-micropolare-pro-polare-zippad-polyester-rx401-18027\/","pt":"\/pt\/p-pr-rx401-micropolar-pro-polar-zippada-poliester-rx401-18027\/","da":"\/da\/p-pr-rx401-micropolaire-pro-zippet-polyester-rx401-18027\/","pl":"\/pl\/p-pr-rx401-micropolar-pro-polar-zippowana-z-poliesteru-rx401-18027\/"},"page_links_customization":{"fr":"\/fr\/p-pr-rx401-micropolaire-pro-polaire-zippee-polyester-rx401-personnalisable-18027\/custom\/","en":"\/en\/p-pr-rx401-pro-micropolar-fleece-zippered-polyester-rx401-customizable-18027\/custom\/","de":"\/de\/p-pr-rx401-micropolar-pro-polar-zippbare-polyester-rx401-personalisierbar-18027\/custom\/","nl":"\/nl\/p-pr-rx401-micropolaire-pro-polsstrik-polyester-rx401-personaliseerbaar-18027\/custom\/","es":"\/es\/p-pr-rx401-micropolar-pro-polaire-con-cremallera-de-poliester-rx401-personalizable-18027\/custom\/","it":"\/it\/p-pr-rx401-micropolare-pro-polare-zip-poliestere-rx401-personalizzabile-18027\/custom\/","sv":"\/sv\/p-pr-rx401-micropolar-pro-polar-zippad-polyester-rx401-anpassningsbar-18027\/custom\/","pt":"\/pt\/p-pr-rx401-micropolar-pro-polaire-zippee-poliester-rx401-personalizavel-18027\/custom\/","da":"\/da\/p-pr-rx401-micropolar-pro-polaere-zip-lukkede-polyester-rx401-tilpasningsbar-18027\/custom\/","pl":"\/pl\/p-pr-rx401-micropolar-pro-polar-zippowana-poliestrowa-rx401-personalizowalna-18027\/custom\/"},"equivalent_products":[],"colors":[{"id":20733,"name":"black","class_ids":[4],"codes_hexa":["231f20"],"delai_24":false,"has_3d":false,"seuil_global":0,"stock_local":0,"stock_global":6225,"on_standby":false,"in_catalog":true,"images":{"miniature":["https:\/\/media.th4.com\/B0BIy0AytIvEcx46aYCd_CCKIZBSmoqZWILHKFv1j0c\/pr:80\/aHR0cDovL21lZGlhMi5kZXNpZ25wYXJ0bmVyLmZyL2MvcC8xODAyNy8xODAyNy0yMDczMy0xLmpwZw?v=1712754016","https:\/\/media.th4.com\/p1xWXyNLCkJ5AQl02Esm4Wip60mt7E4DYxxDUudXWhs\/pr:80\/aHR0cDovL21lZGlhMi5kZXNpZ25wYXJ0bmVyLmZyL2MvcC8xODAyNy8xODAyNy0yMDczMy0xMC5qcGc?v=1712754017","https:\/\/media.th4.com\/XSyS8Lvn0p5IAqmfr-dt9uUCZySd7Yd7dlwSJcEDiVs\/pr:80\/aHR0cDovL21lZGlhMi5kZXNpZ25wYXJ0bmVyLmZyL2MvcC8xODAyNy8xODAyNy0yMDczMy0yLmpwZw?v=1712754018"],"medium":["https:\/\/media.th4.com\/SoDq8hmiifIQXc3IiyBt8yqdpz9U2ZoFxmBpzL3RGlA\/pr:550x550\/aHR0cDovL21lZGlhMi5kZXNpZ25wYXJ0bmVyLmZyL2MvcC8xODAyNy8xODAyNy0yMDczMy0xLmpwZw?v=1712754016","https:\/\/media.th4.com\/Xly3LN3iQ6CCVKBoABSCM7usBIKqFN5glbpusXuZW0Y\/pr:550x550\/aHR0cDovL21lZGlhMi5kZXNpZ25wYXJ0bmVyLmZyL2MvcC8xODAyNy8xODAyNy0yMDczMy0xMC5qcGc?v=1712754017","https:\/\/media.th4.com\/954thcndPjKDdtkuS_NrvXKv-CwAukCVcUjEg8fO5NA\/pr:550x550\/aHR0cDovL21lZGlhMi5kZXNpZ25wYXJ0bmVyLmZyL2MvcC8xODAyNy8xODAyNy0yMDczMy0yLmpwZw?v=1712754018"],"medium_large":["https:\/\/media.th4.com\/yyecNck5tbQ0TtJqUJR-NoRbSQYDdb_l958UkKSHmmE\/pr:1000x1000\/aHR0cDovL21lZGlhMi5kZXNpZ25wYXJ0bmVyLmZyL2MvcC8xODAyNy8xODAyNy0yMDczMy0xLmpwZw?v=1712754016","https:\/\/media.th4.com\/U2aRtsPFDl71uRZ3dDOgToHGkcceSiiY3EZKJThxdTA\/pr:1000x1000\/aHR0cDovL21lZGlhMi5kZXNpZ25wYXJ0bmVyLmZyL2MvcC8xODAyNy8xODAyNy0yMDczMy0xMC5qcGc?v=1712754017","https:\/\/media.th4.com\/DQ5Jnz5faMfmEAiX_0Rc2O2egx36kaEImeiQZ8ExMTg\/pr:1000x1000\/aHR0cDovL21lZGlhMi5kZXNpZ25wYXJ0bmVyLmZyL2MvcC8xODAyNy8xODAyNy0yMDczMy0yLmpwZw?v=1712754018"],"large":["https:\/\/media.th4.com\/xo0Y5sKXacNB4iqbcazzbmNqYs6GWmdF1MmemAQw2b4\/pr:1920\/aHR0cDovL21lZGlhMi5kZXNpZ25wYXJ0bmVyLmZyL2MvcC8xODAyNy8xODAyNy0yMDczMy0xLmpwZw?v=1712754016","https:\/\/media.th4.com\/nl5cvym0xmDsLCpZZzd1cKWfZzEG5aipYE_BvMMs4BU\/pr:1920\/aHR0cDovL21lZGlhMi5kZXNpZ25wYXJ0bmVyLmZyL2MvcC8xODAyNy8xODAyNy0yMDczMy0xMC5qcGc?v=1712754017","https:\/\/media.th4.com\/8DHTTh8vrrT-mCodC0udOI-FzzW3W_CJ3pVNIcn4Mzo\/pr:1920\/aHR0cDovL21lZGlhMi5kZXNpZ25wYXJ0bmVyLmZyL2MvcC8xODAyNy8xODAyNy0yMDczMy0yLmpwZw?v=1712754018"],"opengraph":["https:\/\/media.th4.com\/PxMINrkAbTJZLApDC9lEv1C_U0Bde7dmdpbliezIVMc\/pr:1200x630\/aHR0cDovL21lZGlhMi5kZXNpZ25wYXJ0bmVyLmZyL2MvcC8xODAyNy8xODAyNy0yMDczMy0xLmpwZw?v=1712754016","https:\/\/media.th4.com\/RWJlq2zVWMurcFtz8d8XHgbIwkAGxbL65OwYJ1M7Ytc\/pr:1200x630\/aHR0cDovL21lZGlhMi5kZXNpZ25wYXJ0bmVyLmZyL2MvcC8xODAyNy8xODAyNy0yMDczMy0xMC5qcGc?v=1712754017","https:\/\/media.th4.com\/HJEx5qiwT8CfN5GJjnoOGqKjd1Mx47atpn17KspBE74\/pr:1200x630\/aHR0cDovL21lZGlhMi5kZXNpZ25wYXJ0bmVyLmZyL2MvcC8xODAyNy8xODAyNy0yMDczMy0yLmpwZw?v=1712754018"]},"images_customization":{"miniature":["https:\/\/media.th4.com\/Rsoa0z6GWlSNCPpjsbuPH3edtvJvBS8UbMuEZFuF05U\/pr:80\/aHR0cDovL21lZGlhMi5kZXNpZ25wYXJ0bmVyLmZyL2MvcC1zaG9wcGluZy1jdXN0b20tVEgvMTgwMjcvMTgwMjctMjA3MzMtMS5qcGc?v=1737555997","https:\/\/media.th4.com\/YMt8FOxFPF1Hx2g_d99uvM75YnSzbgdNmoHWRbByEBc\/pr:80\/aHR0cDovL21lZGlhMi5kZXNpZ25wYXJ0bmVyLmZyL2MvcC1zaG9wcGluZy1jdXN0b20tVEgvMTgwMjcvMTgwMjctMjA3MzMtMi5qcGc?v=1737555997"],"medium":["https:\/\/media.th4.com\/CS6WPYVIfb4z4T9yA5d1TFYbr6MqLdxMuoPj1jWy6WI\/pr:550x550\/aHR0cDovL21lZGlhMi5kZXNpZ25wYXJ0bmVyLmZyL2MvcC1zaG9wcGluZy1jdXN0b20tVEgvMTgwMjcvMTgwMjctMjA3MzMtMS5qcGc?v=1737555997","https:\/\/media.th4.com\/ItBVSFCRDJib67CONdyVZPKUxlWsobgW1xFuoo2zfak\/pr:550x550\/aHR0cDovL21lZGlhMi5kZXNpZ25wYXJ0bmVyLmZyL2MvcC1zaG9wcGluZy1jdXN0b20tVEgvMTgwMjcvMTgwMjctMjA3MzMtMi5qcGc?v=1737555997"],"medium_large":["https:\/\/media.th4.com\/9s95DZLet1q-ium-DPDte5a_d9PXK4gzAvKb2bgCUh4\/pr:1000x1000\/aHR0cDovL21lZGlhMi5kZXNpZ25wYXJ0bmVyLmZyL2MvcC1zaG9wcGluZy1jdXN0b20tVEgvMTgwMjcvMTgwMjctMjA3MzMtMS5qcGc?v=1737555997","https:\/\/media.th4.com\/V0hmnNfaojZtIK--b7optIQEfwQ4-lVJIlePN1zj3Yc\/pr:1000x1000\/aHR0cDovL21lZGlhMi5kZXNpZ25wYXJ0bmVyLmZyL2MvcC1zaG9wcGluZy1jdXN0b20tVEgvMTgwMjcvMTgwMjctMjA3MzMtMi5qcGc?v=1737555997"],"large":["https:\/\/media.th4.com\/Ml4-OYVbSy9DZjA4vOaf4kyiElun-LIFa8m4E0OAfYo\/pr:1920\/aHR0cDovL21lZGlhMi5kZXNpZ25wYXJ0bmVyLmZyL2MvcC1zaG9wcGluZy1jdXN0b20tVEgvMTgwMjcvMTgwMjctMjA3MzMtMS5qcGc?v=1737555997","https:\/\/media.th4.com\/G3rzy57sJk-4H5YB5aI6MSjZmYGqrI7lxLTJM5k8sdo\/pr:1920\/aHR0cDovL21lZGlhMi5kZXNpZ25wYXJ0bmVyLmZyL2MvcC1zaG9wcGluZy1jdXN0b20tVEgvMTgwMjcvMTgwMjctMjA3MzMtMi5qcGc?v=1737555997"],"opengraph":["https:\/\/media.th4.com\/Edgz1njAKDPRWl7J8SzDbawaXgW-7k8cfnguZcGbqVQ\/pr:1200x630\/aHR0cDovL21lZGlhMi5kZXNpZ25wYXJ0bmVyLmZyL2MvcC1zaG9wcGluZy1jdXN0b20tVEgvMTgwMjcvMTgwMjctMjA3MzMtMS5qcGc?v=1737555997","https:\/\/media.th4.com\/jTroBwap_BVDUJOwzKCxz67JJac6AGsBf-86Pt1r5xY\/pr:1200x630\/aHR0cDovL21lZGlhMi5kZXNpZ25wYXJ0bmVyLmZyL2MvcC1zaG9wcGluZy1jdXN0b20tVEgvMTgwMjcvMTgwMjctMjA3MzMtMi5qcGc?v=1737555997"]},"country_origin":"BD","traceability":{"manufacturing_country_id":null,"weaving_country_id":null,"dyeing_country_id":null},"sizes":[{"id":5,"article_id":454148,"class_id":2,"name":"XS","on_standby":false,"stock_local":0,"stock_global":179,"multiple":1,"estimated_date_reassort":null,"is_destocking":false},{"id":3,"article_id":454149,"class_id":3,"name":"S","on_standby":false,"stock_local":0,"stock_global":645,"multiple":1,"estimated_date_reassort":null,"is_destocking":false},{"id":2,"article_id":454150,"class_id":4,"name":"M","on_standby":false,"stock_local":0,"stock_global":1189,"multiple":1,"estimated_date_reassort":null,"is_destocking":false},{"id":1,"article_id":454151,"class_id":5,"name":"L","on_standby":false,"stock_local":0,"stock_global":1742,"multiple":1,"estimated_date_reassort":null,"is_destocking":false},{"id":4,"article_id":454152,"class_id":6,"name":"XL","on_standby":false,"stock_local":0,"stock_global":1121,"multiple":1,"estimated_date_reassort":null,"is_destocking":false},{"id":1116,"article_id":454153,"class_id":7,"name":"2XL","on_standby":false,"stock_local":0,"stock_global":556,"multiple":1,"estimated_date_reassort":null,"is_destocking":false},{"id":1081,"article_id":454154,"class_id":8,"name":"3XL","on_standby":false,"stock_local":0,"stock_global":298,"multiple":1,"estimated_date_reassort":null,"is_destocking":false},{"id":16,"article_id":454155,"class_id":9,"name":"4XL","on_standby":false,"stock_local":0,"stock_global":113,"multiple":1,"estimated_date_reassort":null,"is_destocking":false},{"id":168,"article_id":454156,"class_id":10,"name":"5XL","on_standby":false,"stock_local":0,"stock_global":97,"multiple":1,"estimated_date_reassort":null,"is_destocking":false},{"id":169,"article_id":454157,"class_id":11,"name":"6XL","on_standby":false,"stock_local":0,"stock_global":34,"multiple":1,"estimated_date_reassort":null,"is_destocking":false},{"id":960,"article_id":454158,"class_id":23,"name":"7XL","on_standby":false,"stock_local":0,"stock_global":251,"multiple":1,"estimated_date_reassort":null,"is_destocking":false}],"page_links":{"fr":"\/fr\/p-pr-rx401-micropolaire-pro-polaire-zippee-polyester-rx401-18027\/black-20733\/","en":"\/en\/p-pr-rx401-micropolaire-pro-zipped-polyester-fleece-rx401-18027\/black-20733\/","de":"\/de\/p-pr-rx401-micropolar-pro-polarfleece-reiszverschluss-polyester-rx401-18027\/black-20733\/","nl":"\/nl\/p-pr-rx401-micropolaire-pro-gezette-polyester-rx401-18027\/black-20733\/","es":"\/es\/p-pr-rx401-micropolar-pro-polaire-cerrada-de-poliester-rx401-18027\/black-20733\/","it":"\/it\/p-pr-rx401-micropolare-pro-polare-zipperata-poliestere-rx401-18027\/black-20733\/","sv":"\/sv\/p-pr-rx401-micropolare-pro-polare-zippad-polyester-rx401-18027\/black-20733\/","pt":"\/pt\/p-pr-rx401-micropolar-pro-polar-zippada-poliester-rx401-18027\/black-20733\/","da":"\/da\/p-pr-rx401-micropolaire-pro-zippet-polyester-rx401-18027\/black-20733\/","pl":"\/pl\/p-pr-rx401-micropolar-pro-polar-zippowana-z-poliesteru-rx401-18027\/black-20733\/"},"page_links_customization":{"fr":"\/fr\/p-pr-rx401-micropolaire-pro-polaire-zippee-polyester-rx401-personnalisable-18027\/black-20733\/custom\/","en":"\/en\/p-pr-rx401-pro-micropolar-fleece-zippered-polyester-rx401-customizable-18027\/black-20733\/custom\/","de":"\/de\/p-pr-rx401-micropolar-pro-polar-zippbare-polyester-rx401-personalisierbar-18027\/black-20733\/custom\/","nl":"\/nl\/p-pr-rx401-micropolaire-pro-polsstrik-polyester-rx401-personaliseerbaar-18027\/black-20733\/custom\/","es":"\/es\/p-pr-rx401-micropolar-pro-polaire-con-cremallera-de-poliester-rx401-personalizable-18027\/black-20733\/custom\/","it":"\/it\/p-pr-rx401-micropolare-pro-polare-zip-poliestere-rx401-personalizzabile-18027\/black-20733\/custom\/","sv":"\/sv\/p-pr-rx401-micropolar-pro-polar-zippad-polyester-rx401-anpassningsbar-18027\/black-20733\/custom\/","pt":"\/pt\/p-pr-rx401-micropolar-pro-polaire-zippee-poliester-rx401-personalizavel-18027\/black-20733\/custom\/","da":"\/da\/p-pr-rx401-micropolar-pro-polaere-zip-lukkede-polyester-rx401-tilpasningsbar-18027\/black-20733\/custom\/","pl":"\/pl\/p-pr-rx401-micropolar-pro-polar-zippowana-poliestrowa-rx401-personalizowalna-18027\/black-20733\/custom\/"}},{"id":20744,"name":"solid_grey","class_ids":[3],"codes_hexa":["474c55"],"delai_24":false,"has_3d":false,"seuil_global":0,"stock_local":0,"stock_global":4014,"on_standby":false,"in_catalog":true,"images":{"miniature":["https:\/\/media.th4.com\/onbsL0dOTSEV5DX3vIEtrAJbClkHjz1JNlspw8cVNsI\/pr:80\/aHR0cDovL21lZGlhMi5kZXNpZ25wYXJ0bmVyLmZyL2MvcC8xODAyNy8xODAyNy0yMDc0NC0xLmpwZw?v=1712754023","https:\/\/media.th4.com\/TFYlaqWi5aKgUuGR34qztFRUtgnXH6dEF9KJ_77Pjdg\/pr:80\/aHR0cDovL21lZGlhMi5kZXNpZ25wYXJ0bmVyLmZyL2MvcC8xODAyNy8xODAyNy0yMDc0NC0xMC5qcGc?v=1712754024","https:\/\/media.th4.com\/uvcCaOxyABQV_Kptpf8n9MarCemNfjOHP2fGtiEyc1w\/pr:80\/aHR0cDovL21lZGlhMi5kZXNpZ25wYXJ0bmVyLmZyL2MvcC8xODAyNy8xODAyNy0yMDc0NC0yLmpwZw?v=1712754025"],"medium":["https:\/\/media.th4.com\/99ZwrZRV3hkQAEtwcgu5sI5mIeRXncyEThJNK63NFA8\/pr:550x550\/aHR0cDovL21lZGlhMi5kZXNpZ25wYXJ0bmVyLmZyL2MvcC8xODAyNy8xODAyNy0yMDc0NC0xLmpwZw?v=1712754023","https:\/\/media.th4.com\/HhNtSEcYLLjNEFkuj70qzYzCE3i-3MegJ9a6H-Xt7L0\/pr:550x550\/aHR0cDovL21lZGlhMi5kZXNpZ25wYXJ0bmVyLmZyL2MvcC8xODAyNy8xODAyNy0yMDc0NC0xMC5qcGc?v=1712754024","https:\/\/media.th4.com\/NgMas-q4DP5-BoUfLYmEEJak6xbCbv2z-LK9a7z8fLU\/pr:550x550\/aHR0cDovL21lZGlhMi5kZXNpZ25wYXJ0bmVyLmZyL2MvcC8xODAyNy8xODAyNy0yMDc0NC0yLmpwZw?v=1712754025"],"medium_large":["https:\/\/media.th4.com\/jD6AD5BNU9qmqGjv3rH5jrYHj4Vu5f4V_2ufzyWLGCk\/pr:1000x1000\/aHR0cDovL21lZGlhMi5kZXNpZ25wYXJ0bmVyLmZyL2MvcC8xODAyNy8xODAyNy0yMDc0NC0xLmpwZw?v=1712754023","https:\/\/media.th4.com\/0b7eamGMk0Eq_Fe9AQCe_AoWBuRi8ffiFjhf0N_Wa00\/pr:1000x1000\/aHR0cDovL21lZGlhMi5kZXNpZ25wYXJ0bmVyLmZyL2MvcC8xODAyNy8xODAyNy0yMDc0NC0xMC5qcGc?v=1712754024","https:\/\/media.th4.com\/XqdTYSpDMISOElMlFIU85FqzX1aRdZ97rGyN3CMGQVw\/pr:1000x1000\/aHR0cDovL21lZGlhMi5kZXNpZ25wYXJ0bmVyLmZyL2MvcC8xODAyNy8xODAyNy0yMDc0NC0yLmpwZw?v=1712754025"],"large":["https:\/\/media.th4.com\/MqinY-QdhbDApgzO0vHAypDs28-KN6oJakZmH4hadig\/pr:1920\/aHR0cDovL21lZGlhMi5kZXNpZ25wYXJ0bmVyLmZyL2MvcC8xODAyNy8xODAyNy0yMDc0NC0xLmpwZw?v=1712754023","https:\/\/media.th4.com\/uJiKWyZm7gVgpjEPEpbGfQsIbkF775kJ4gbqkXp8fLQ\/pr:1920\/aHR0cDovL21lZGlhMi5kZXNpZ25wYXJ0bmVyLmZyL2MvcC8xODAyNy8xODAyNy0yMDc0NC0xMC5qcGc?v=1712754024","https:\/\/media.th4.com\/6ewFJDtamZeYNUrksFO4xhUwMVQ-CEeKJlzgLf1e6_M\/pr:1920\/aHR0cDovL21lZGlhMi5kZXNpZ25wYXJ0bmVyLmZyL2MvcC8xODAyNy8xODAyNy0yMDc0NC0yLmpwZw?v=1712754025"],"opengraph":["https:\/\/media.th4.com\/CsWQ2OQ3SDjJfb_ZlqdZiIlfcCTLVojVqxaG3WdPi2s\/pr:1200x630\/aHR0cDovL21lZGlhMi5kZXNpZ25wYXJ0bmVyLmZyL2MvcC8xODAyNy8xODAyNy0yMDc0NC0xLmpwZw?v=1712754023","https:\/\/media.th4.com\/AU4gWfuunGf7xZKGoDIFL20K7EQelE5EElqUlkhcBcE\/pr:1200x630\/aHR0cDovL21lZGlhMi5kZXNpZ25wYXJ0bmVyLmZyL2MvcC8xODAyNy8xODAyNy0yMDc0NC0xMC5qcGc?v=1712754024","https:\/\/media.th4.com\/TIVuiBGKt993VrtDXVRSsTuT0eoGYOfxQ-t1xCkrbTU\/pr:1200x630\/aHR0cDovL21lZGlhMi5kZXNpZ25wYXJ0bmVyLmZyL2MvcC8xODAyNy8xODAyNy0yMDc0NC0yLmpwZw?v=1712754025"]},"images_customization":{"miniature":["https:\/\/media.th4.com\/9DDV3zUgkC_O5LMfNgEFUeMd12Yq1eryJoMs5ankVzQ\/pr:80\/aHR0cDovL21lZGlhMi5kZXNpZ25wYXJ0bmVyLmZyL2MvcC1zaG9wcGluZy1jdXN0b20tVEgvMTgwMjcvMTgwMjctMjA3NDQtMi5qcGc?v=1737555997"],"medium":["https:\/\/media.th4.com\/zV4xmppHpJ8F90blt_0uloXMsc4ahRNn8CO5ZYezOiA\/pr:550x550\/aHR0cDovL21lZGlhMi5kZXNpZ25wYXJ0bmVyLmZyL2MvcC1zaG9wcGluZy1jdXN0b20tVEgvMTgwMjcvMTgwMjctMjA3NDQtMi5qcGc?v=1737555997"],"medium_large":["https:\/\/media.th4.com\/frgKlcpeLdbtLlGJDDhxX0YazAmN9KD6WrrR_gLmFUo\/pr:1000x1000\/aHR0cDovL21lZGlhMi5kZXNpZ25wYXJ0bmVyLmZyL2MvcC1zaG9wcGluZy1jdXN0b20tVEgvMTgwMjcvMTgwMjctMjA3NDQtMi5qcGc?v=1737555997"],"large":["https:\/\/media.th4.com\/VaQSpE3wnOTM2pvMHqspKy29fGrVifp2oKFIjk3NInw\/pr:1920\/aHR0cDovL21lZGlhMi5kZXNpZ25wYXJ0bmVyLmZyL2MvcC1zaG9wcGluZy1jdXN0b20tVEgvMTgwMjcvMTgwMjctMjA3NDQtMi5qcGc?v=1737555997"],"opengraph":["https:\/\/media.th4.com\/RzK1P5bgF2jBFlar5VUvuXWlD-53TmtXXUwhOoa5Hy8\/pr:1200x630\/aHR0cDovL21lZGlhMi5kZXNpZ25wYXJ0bmVyLmZyL2MvcC1zaG9wcGluZy1jdXN0b20tVEgvMTgwMjcvMTgwMjctMjA3NDQtMi5qcGc?v=1737555997"]},"country_origin":"BD","traceability":{"manufacturing_country_id":null,"weaving_country_id":null,"dyeing_country_id":null},"sizes":[{"id":5,"article_id":454170,"class_id":2,"name":"XS","on_standby":false,"stock_local":0,"stock_global":322,"multiple":1,"estimated_date_reassort":null,"is_destocking":false},{"id":3,"article_id":454171,"class_id":3,"name":"S","on_standby":false,"stock_local":0,"stock_global":602,"multiple":1,"estimated_date_reassort":null,"is_destocking":false},{"id":2,"article_id":454172,"class_id":4,"name":"M","on_standby":false,"stock_local":0,"stock_global":775,"multiple":1,"estimated_date_reassort":null,"is_destocking":false},{"id":1,"article_id":454173,"class_id":5,"name":"L","on_standby":false,"stock_local":0,"stock_global":1004,"multiple":1,"estimated_date_reassort":null,"is_destocking":false},{"id":4,"article_id":454174,"class_id":6,"name":"XL","on_standby":false,"stock_local":0,"stock_global":609,"multiple":1,"estimated_date_reassort":null,"is_destocking":false},{"id":1116,"article_id":454175,"class_id":7,"name":"2XL","on_standby":false,"stock_local":0,"stock_global":286,"multiple":1,"estimated_date_reassort":null,"is_destocking":false},{"id":1081,"article_id":454176,"class_id":8,"name":"3XL","on_standby":false,"stock_local":0,"stock_global":258,"multiple":1,"estimated_date_reassort":null,"is_destocking":false},{"id":16,"article_id":454177,"class_id":9,"name":"4XL","on_standby":false,"stock_local":0,"stock_global":102,"multiple":1,"estimated_date_reassort":null,"is_destocking":false},{"id":168,"article_id":454178,"class_id":10,"name":"5XL","on_standby":false,"stock_local":0,"stock_global":56,"multiple":1,"estimated_date_reassort":null,"is_destocking":false}],"page_links":{"fr":"\/fr\/p-pr-rx401-micropolaire-pro-polaire-zippee-polyester-rx401-18027\/solid-grey-20744\/","en":"\/en\/p-pr-rx401-micropolaire-pro-zipped-polyester-fleece-rx401-18027\/solid-grey-20744\/","de":"\/de\/p-pr-rx401-micropolar-pro-polarfleece-reiszverschluss-polyester-rx401-18027\/solid-grey-20744\/","nl":"\/nl\/p-pr-rx401-micropolaire-pro-gezette-polyester-rx401-18027\/solid-grey-20744\/","es":"\/es\/p-pr-rx401-micropolar-pro-polaire-cerrada-de-poliester-rx401-18027\/solid-grey-20744\/","it":"\/it\/p-pr-rx401-micropolare-pro-polare-zipperata-poliestere-rx401-18027\/solid-grey-20744\/","sv":"\/sv\/p-pr-rx401-micropolare-pro-polare-zippad-polyester-rx401-18027\/solid-grey-20744\/","pt":"\/pt\/p-pr-rx401-micropolar-pro-polar-zippada-poliester-rx401-18027\/solid-grey-20744\/","da":"\/da\/p-pr-rx401-micropolaire-pro-zippet-polyester-rx401-18027\/solid-grey-20744\/","pl":"\/pl\/p-pr-rx401-micropolar-pro-polar-zippowana-z-poliesteru-rx401-18027\/solid-grey-20744\/"},"page_links_customization":{"fr":"\/fr\/p-pr-rx401-micropolaire-pro-polaire-zippee-polyester-rx401-personnalisable-18027\/solid-grey-20744\/custom\/","en":"\/en\/p-pr-rx401-pro-micropolar-fleece-zippered-polyester-rx401-customizable-18027\/solid-grey-20744\/custom\/","de":"\/de\/p-pr-rx401-micropolar-pro-polar-zippbare-polyester-rx401-personalisierbar-18027\/solid-grey-20744\/custom\/","nl":"\/nl\/p-pr-rx401-micropolaire-pro-polsstrik-polyester-rx401-personaliseerbaar-18027\/solid-grey-20744\/custom\/","es":"\/es\/p-pr-rx401-micropolar-pro-polaire-con-cremallera-de-poliester-rx401-personalizable-18027\/solid-grey-20744\/custom\/","it":"\/it\/p-pr-rx401-micropolare-pro-polare-zip-poliestere-rx401-personalizzabile-18027\/solid-grey-20744\/custom\/","sv":"\/sv\/p-pr-rx401-micropolar-pro-polar-zippad-polyester-rx401-anpassningsbar-18027\/solid-grey-20744\/custom\/","pt":"\/pt\/p-pr-rx401-micropolar-pro-polaire-zippee-poliester-rx401-personalizavel-18027\/solid-grey-20744\/custom\/","da":"\/da\/p-pr-rx401-micropolar-pro-polaere-zip-lukkede-polyester-rx401-tilpasningsbar-18027\/solid-grey-20744\/custom\/","pl":"\/pl\/p-pr-rx401-micropolar-pro-polar-zippowana-poliestrowa-rx401-personalizowalna-18027\/solid-grey-20744\/custom\/"}},{"id":20739,"name":"navy","class_ids":[2],"codes_hexa":["001d44"],"delai_24":false,"has_3d":false,"seuil_global":0,"stock_local":0,"stock_global":2214,"on_standby":false,"in_catalog":true,"images":{"miniature":["https:\/\/media.th4.com\/1rrL6-gsf0Fg6JSGx9LJ2gEBmN6Z_35zOderMcccrpY\/pr:80\/aHR0cDovL21lZGlhMi5kZXNpZ25wYXJ0bmVyLmZyL2MvcC8xODAyNy8xODAyNy0yMDczOS0xLmpwZw?v=1712754019","https:\/\/media.th4.com\/4cXFAiXb5bvw_nUyWSEwJSiUGA_7zaiKQ4q5YEtDf5c\/pr:80\/aHR0cDovL21lZGlhMi5kZXNpZ25wYXJ0bmVyLmZyL2MvcC8xODAyNy8xODAyNy0yMDczOS0xMC5qcGc?v=1712754020","https:\/\/media.th4.com\/yYCq3k5rmgULMAQctnDSUpbTLIE_LM9gadlMTJcUugQ\/pr:80\/aHR0cDovL21lZGlhMi5kZXNpZ25wYXJ0bmVyLmZyL2MvcC8xODAyNy8xODAyNy0yMDczOS0yLmpwZw?v=1712754021"],"medium":["https:\/\/media.th4.com\/5NwOhue_CPOGl2sxsWnbzZXiYOU3GOjz9lgaajlqKJ8\/pr:550x550\/aHR0cDovL21lZGlhMi5kZXNpZ25wYXJ0bmVyLmZyL2MvcC8xODAyNy8xODAyNy0yMDczOS0xLmpwZw?v=1712754019","https:\/\/media.th4.com\/FZUhv8dPp1ulTNKsqDO5TJoa3Qwq-AOsFtLUDhLOTg8\/pr:550x550\/aHR0cDovL21lZGlhMi5kZXNpZ25wYXJ0bmVyLmZyL2MvcC8xODAyNy8xODAyNy0yMDczOS0xMC5qcGc?v=1712754020","https:\/\/media.th4.com\/07Aqn5-ckqqf3zNgJ1Ju8JIMdRxAnUVgLc3KLrhdlwU\/pr:550x550\/aHR0cDovL21lZGlhMi5kZXNpZ25wYXJ0bmVyLmZyL2MvcC8xODAyNy8xODAyNy0yMDczOS0yLmpwZw?v=1712754021"],"medium_large":["https:\/\/media.th4.com\/Gx6da303zU9hxHoCBdvMnAvVYUTkDdwOuAtJ1kIbkvY\/pr:1000x1000\/aHR0cDovL21lZGlhMi5kZXNpZ25wYXJ0bmVyLmZyL2MvcC8xODAyNy8xODAyNy0yMDczOS0xLmpwZw?v=1712754019","https:\/\/media.th4.com\/YytpbJgnex7xbDo7noWqRF4mfJe6wnBw8h8dPD8aaRc\/pr:1000x1000\/aHR0cDovL21lZGlhMi5kZXNpZ25wYXJ0bmVyLmZyL2MvcC8xODAyNy8xODAyNy0yMDczOS0xMC5qcGc?v=1712754020","https:\/\/media.th4.com\/GbJdr_LZwkS4c_1wvmhtIM1Kajmmze_WKCS2712XII4\/pr:1000x1000\/aHR0cDovL21lZGlhMi5kZXNpZ25wYXJ0bmVyLmZyL2MvcC8xODAyNy8xODAyNy0yMDczOS0yLmpwZw?v=1712754021"],"large":["https:\/\/media.th4.com\/R0GDaRnfSMILbAPTTggmZVGgKJq_h-pI19P_x1uJaLw\/pr:1920\/aHR0cDovL21lZGlhMi5kZXNpZ25wYXJ0bmVyLmZyL2MvcC8xODAyNy8xODAyNy0yMDczOS0xLmpwZw?v=1712754019","https:\/\/media.th4.com\/c-s60z5asLsHRKGJVXD4SL_5mRipNESziEnRNJtryxk\/pr:1920\/aHR0cDovL21lZGlhMi5kZXNpZ25wYXJ0bmVyLmZyL2MvcC8xODAyNy8xODAyNy0yMDczOS0xMC5qcGc?v=1712754020","https:\/\/media.th4.com\/1BUR7xSf0odFZIUQpyzirxqwLrRKnKVKx2nlWz05DAs\/pr:1920\/aHR0cDovL21lZGlhMi5kZXNpZ25wYXJ0bmVyLmZyL2MvcC8xODAyNy8xODAyNy0yMDczOS0yLmpwZw?v=1712754021"],"opengraph":["https:\/\/media.th4.com\/Pw17BLnTBcO6USQeQdYkhBO-yyGQ-jtQfwjy8Mp993o\/pr:1200x630\/aHR0cDovL21lZGlhMi5kZXNpZ25wYXJ0bmVyLmZyL2MvcC8xODAyNy8xODAyNy0yMDczOS0xLmpwZw?v=1712754019","https:\/\/media.th4.com\/kogRHcgu2u3hfmkpKYMYSlpXNxlhQrdKqj5rWbiIQR4\/pr:1200x630\/aHR0cDovL21lZGlhMi5kZXNpZ25wYXJ0bmVyLmZyL2MvcC8xODAyNy8xODAyNy0yMDczOS0xMC5qcGc?v=1712754020","https:\/\/media.th4.com\/eku-XesBUCPb42x3jISOkOKGpflooFeVJ4BtpjGJ8cY\/pr:1200x630\/aHR0cDovL21lZGlhMi5kZXNpZ25wYXJ0bmVyLmZyL2MvcC8xODAyNy8xODAyNy0yMDczOS0yLmpwZw?v=1712754021"]},"images_customization":{"miniature":["https:\/\/media.th4.com\/EUAnjYC9E0YTOxtI_oE3sS3prlNGTiTzePym_9aIMgE\/pr:80\/aHR0cDovL21lZGlhMi5kZXNpZ25wYXJ0bmVyLmZyL2MvcC1zaG9wcGluZy1jdXN0b20tVEgvMTgwMjcvMTgwMjctMjA3MzktMS5qcGc?v=1737555997","https:\/\/media.th4.com\/bnji5LYRcGEfzx2uXkbhM2EBwRR2qX5ie3FkGFyqxbM\/pr:80\/aHR0cDovL21lZGlhMi5kZXNpZ25wYXJ0bmVyLmZyL2MvcC1zaG9wcGluZy1jdXN0b20tVEgvMTgwMjcvMTgwMjctMjA3MzktMi5qcGc?v=1737555997"],"medium":["https:\/\/media.th4.com\/YjEUw03xoVphLGgIV9sAqWGpeov0gb7KHrhQ4qYkvJU\/pr:550x550\/aHR0cDovL21lZGlhMi5kZXNpZ25wYXJ0bmVyLmZyL2MvcC1zaG9wcGluZy1jdXN0b20tVEgvMTgwMjcvMTgwMjctMjA3MzktMS5qcGc?v=1737555997","https:\/\/media.th4.com\/AQ4gCB5qIZn2eM_1ldZg1hAR9FOZXWyX6AGtXYIs7GM\/pr:550x550\/aHR0cDovL21lZGlhMi5kZXNpZ25wYXJ0bmVyLmZyL2MvcC1zaG9wcGluZy1jdXN0b20tVEgvMTgwMjcvMTgwMjctMjA3MzktMi5qcGc?v=1737555997"],"medium_large":["https:\/\/media.th4.com\/Rcv2U2Mvvm6VQdWe02I93TJCyYytbCPEnZw3LODHOz0\/pr:1000x1000\/aHR0cDovL21lZGlhMi5kZXNpZ25wYXJ0bmVyLmZyL2MvcC1zaG9wcGluZy1jdXN0b20tVEgvMTgwMjcvMTgwMjctMjA3MzktMS5qcGc?v=1737555997","https:\/\/media.th4.com\/MyiZXNeFN3sY6XmKB-vNNzK77b9ztz-O-Da_1fxsBMo\/pr:1000x1000\/aHR0cDovL21lZGlhMi5kZXNpZ25wYXJ0bmVyLmZyL2MvcC1zaG9wcGluZy1jdXN0b20tVEgvMTgwMjcvMTgwMjctMjA3MzktMi5qcGc?v=1737555997"],"large":["https:\/\/media.th4.com\/z2n0F-2DIjRIlzO8CxVPcFe9ttY4ZEoy30ftf0uiUm8\/pr:1920\/aHR0cDovL21lZGlhMi5kZXNpZ25wYXJ0bmVyLmZyL2MvcC1zaG9wcGluZy1jdXN0b20tVEgvMTgwMjcvMTgwMjctMjA3MzktMS5qcGc?v=1737555997","https:\/\/media.th4.com\/cMZT_OpPbUBqPrsh146jS4SCow23XQDzYQl7X0ctgkc\/pr:1920\/aHR0cDovL21lZGlhMi5kZXNpZ25wYXJ0bmVyLmZyL2MvcC1zaG9wcGluZy1jdXN0b20tVEgvMTgwMjcvMTgwMjctMjA3MzktMi5qcGc?v=1737555997"],"opengraph":["https:\/\/media.th4.com\/sO_g0Xf7_seBS1JyLMVF6WbqGvciQp9g7zdB4mUT84A\/pr:1200x630\/aHR0cDovL21lZGlhMi5kZXNpZ25wYXJ0bmVyLmZyL2MvcC1zaG9wcGluZy1jdXN0b20tVEgvMTgwMjcvMTgwMjctMjA3MzktMS5qcGc?v=1737555997","https:\/\/media.th4.com\/gTLhocrANexhwLG9llvQBEy2k5kTAg7PN0KY9Tmi6cQ\/pr:1200x630\/aHR0cDovL21lZGlhMi5kZXNpZ25wYXJ0bmVyLmZyL2MvcC1zaG9wcGluZy1jdXN0b20tVEgvMTgwMjcvMTgwMjctMjA3MzktMi5qcGc?v=1737555997"]},"country_origin":"BD","traceability":{"manufacturing_country_id":null,"weaving_country_id":null,"dyeing_country_id":null},"sizes":[{"id":5,"article_id":454159,"class_id":2,"name":"XS","on_standby":false,"stock_local":0,"stock_global":61,"multiple":1,"estimated_date_reassort":null,"is_destocking":false},{"id":3,"article_id":454160,"class_id":3,"name":"S","on_standby":false,"stock_local":0,"stock_global":109,"multiple":1,"estimated_date_reassort":null,"is_destocking":false},{"id":2,"article_id":454161,"class_id":4,"name":"M","on_standby":false,"stock_local":0,"stock_global":300,"multiple":1,"estimated_date_reassort":null,"is_destocking":false},{"id":1,"article_id":454162,"class_id":5,"name":"L","on_standby":false,"stock_local":0,"stock_global":695,"multiple":1,"estimated_date_reassort":null,"is_destocking":false},{"id":4,"article_id":454163,"class_id":6,"name":"XL","on_standby":false,"stock_local":0,"stock_global":372,"multiple":1,"estimated_date_reassort":null,"is_destocking":false},{"id":1116,"article_id":454164,"class_id":7,"name":"2XL","on_standby":false,"stock_local":0,"stock_global":89,"multiple":1,"estimated_date_reassort":null,"is_destocking":false},{"id":1081,"article_id":454165,"class_id":8,"name":"3XL","on_standby":false,"stock_local":0,"stock_global":142,"multiple":1,"estimated_date_reassort":null,"is_destocking":false},{"id":16,"article_id":454166,"class_id":9,"name":"4XL","on_standby":false,"stock_local":0,"stock_global":104,"multiple":1,"estimated_date_reassort":null,"is_destocking":false},{"id":168,"article_id":454167,"class_id":10,"name":"5XL","on_standby":false,"stock_local":0,"stock_global":110,"multiple":1,"estimated_date_reassort":null,"is_destocking":false},{"id":169,"article_id":454168,"class_id":11,"name":"6XL","on_standby":false,"stock_local":0,"stock_global":97,"multiple":1,"estimated_date_reassort":null,"is_destocking":false},{"id":960,"article_id":454169,"class_id":23,"name":"7XL","on_standby":false,"stock_local":0,"stock_global":135,"multiple":1,"estimated_date_reassort":null,"is_destocking":false}],"page_links":{"fr":"\/fr\/p-pr-rx401-micropolaire-pro-polaire-zippee-polyester-rx401-18027\/navy-20739\/","en":"\/en\/p-pr-rx401-micropolaire-pro-zipped-polyester-fleece-rx401-18027\/navy-20739\/","de":"\/de\/p-pr-rx401-micropolar-pro-polarfleece-reiszverschluss-polyester-rx401-18027\/navy-20739\/","nl":"\/nl\/p-pr-rx401-micropolaire-pro-gezette-polyester-rx401-18027\/navy-20739\/","es":"\/es\/p-pr-rx401-micropolar-pro-polaire-cerrada-de-poliester-rx401-18027\/navy-20739\/","it":"\/it\/p-pr-rx401-micropolare-pro-polare-zipperata-poliestere-rx401-18027\/navy-20739\/","sv":"\/sv\/p-pr-rx401-micropolare-pro-polare-zippad-polyester-rx401-18027\/navy-20739\/","pt":"\/pt\/p-pr-rx401-micropolar-pro-polar-zippada-poliester-rx401-18027\/navy-20739\/","da":"\/da\/p-pr-rx401-micropolaire-pro-zippet-polyester-rx401-18027\/navy-20739\/","pl":"\/pl\/p-pr-rx401-micropolar-pro-polar-zippowana-z-poliesteru-rx401-18027\/navy-20739\/"},"page_links_customization":{"fr":"\/fr\/p-pr-rx401-micropolaire-pro-polaire-zippee-polyester-rx401-personnalisable-18027\/navy-20739\/custom\/","en":"\/en\/p-pr-rx401-pro-micropolar-fleece-zippered-polyester-rx401-customizable-18027\/navy-20739\/custom\/","de":"\/de\/p-pr-rx401-micropolar-pro-polar-zippbare-polyester-rx401-personalisierbar-18027\/navy-20739\/custom\/","nl":"\/nl\/p-pr-rx401-micropolaire-pro-polsstrik-polyester-rx401-personaliseerbaar-18027\/navy-20739\/custom\/","es":"\/es\/p-pr-rx401-micropolar-pro-polaire-con-cremallera-de-poliester-rx401-personalizable-18027\/navy-20739\/custom\/","it":"\/it\/p-pr-rx401-micropolare-pro-polare-zip-poliestere-rx401-personalizzabile-18027\/navy-20739\/custom\/","sv":"\/sv\/p-pr-rx401-micropolar-pro-polar-zippad-polyester-rx401-anpassningsbar-18027\/navy-20739\/custom\/","pt":"\/pt\/p-pr-rx401-micropolar-pro-polaire-zippee-poliester-rx401-personalizavel-18027\/navy-20739\/custom\/","da":"\/da\/p-pr-rx401-micropolar-pro-polaere-zip-lukkede-polyester-rx401-tilpasningsbar-18027\/navy-20739\/custom\/","pl":"\/pl\/p-pr-rx401-micropolar-pro-polar-zippowana-poliestrowa-rx401-personalizowalna-18027\/navy-20739\/custom\/"}}],"documentation_link":"\/pdf\/18027.pdf","countries_availables":["AD","AE","AL","AT","BA","BD","BE","BG","BL","CA","CH","CN","CO","CY","CZ","DE","DK","DO","EE","EG","ES","ET","FI","FR","GB","GE","GF","GP","GR","GT","HK","HN","HR","HT","HU","ID","IE","IN","IS","IT","JO","JP","KE","KH","KP","KR","LA","LK","LS","LT","LU","LV","MA","MF","MG","MK","MM","MN","MQ","MT","MX","MY","NC","NI","NL","PF","PH","PK","PL","PM","PT","RE","RO","SE","SG","SI","SK","SV","SY","TH","TN","TR","TW","TZ","US","VN","WF","YT"]},"infos_customization":[],"features":{"authorize_multi_surfaces":true,"display_order_delay_type":true,"promote_surface_display":true,"tarification_franco_offert":true,"enabled_3d_editor":false},"markings":[{"id":0,"nom":"vierge","finition":null,"libelle":null,"code":null,"dpi":null,"finesse_forme_isolee":null,"finesse_forme_non_isolee":null,"hauteur_minimale_texte":null,"inactif":0,"marquage_interne":1,"quantite_min":null,"parent_id":null,"print_on_support":0,"content":"vierge","description":null},{"id":2,"nom":"fonce","finition":"optimale","libelle":"TopQuadri","code":null,"dpi":400,"finesse_forme_isolee":"0.040","finesse_forme_non_isolee":"0.700","hauteur_minimale_texte":2,"inactif":0,"marquage_interne":1,"quantite_min":null,"parent_id":18,"print_on_support":0,"content":"TopQuadri","description":"pour petites et moyennes s\u00e9ries"},{"id":3,"nom":"serigraphie","finition":"serigraphie","libelle":"SeriCoat","code":null,"dpi":400,"finesse_forme_isolee":"0.040","finesse_forme_non_isolee":"0.700","hauteur_minimale_texte":2,"inactif":0,"marquage_interne":1,"quantite_min":15,"parent_id":18,"print_on_support":0,"content":"SeriCoat","description":"pour moyennes et grandes s\u00e9ries"},{"id":4,"nom":"broderie","finition":"broderie","libelle":"Broderie","code":null,"dpi":400,"finesse_forme_isolee":"0.040","finesse_forme_non_isolee":"0.700","hauteur_minimale_texte":3,"inactif":0,"marquage_interne":1,"quantite_min":null,"parent_id":null,"print_on_support":0,"content":"Broderie","description":null},{"id":8,"nom":"theme","finition":null,"libelle":"Th\u00e8me","code":null,"dpi":null,"finesse_forme_isolee":null,"finesse_forme_non_isolee":null,"hauteur_minimale_texte":null,"inactif":0,"marquage_interne":1,"quantite_min":null,"parent_id":null,"print_on_support":0,"content":"Th\u00e8me","description":null},{"id":9,"nom":"sans","finition":null,"libelle":null,"code":null,"dpi":null,"finesse_forme_isolee":null,"finesse_forme_non_isolee":null,"hauteur_minimale_texte":null,"inactif":0,"marquage_interne":1,"quantite_min":null,"parent_id":null,"print_on_support":0,"content":"sans","description":null},{"id":10,"nom":"photo","finition":null,"libelle":"Photo","code":null,"dpi":null,"finesse_forme_isolee":null,"finesse_forme_non_isolee":null,"hauteur_minimale_texte":null,"inactif":0,"marquage_interne":1,"quantite_min":null,"parent_id":null,"print_on_support":0,"content":"Photo","description":null},{"id":14,"nom":"couleur","finition":null,"libelle":"Couleur","code":null,"dpi":null,"finesse_forme_isolee":null,"finesse_forme_non_isolee":null,"hauteur_minimale_texte":null,"inactif":0,"marquage_interne":1,"quantite_min":null,"parent_id":null,"print_on_support":0,"content":"Couleur","description":null},{"id":15,"nom":"sublimation","finition":"sublimation","libelle":"Sublimation","code":null,"dpi":null,"finesse_forme_isolee":"0.000","finesse_forme_non_isolee":"0.000","hauteur_minimale_texte":2,"inactif":0,"marquage_interne":1,"quantite_min":null,"parent_id":null,"print_on_support":0,"content":"Sublimation","description":null},{"id":16,"nom":"topquadri_uv","finition":null,"libelle":"TopQuadri UV","code":null,"dpi":null,"finesse_forme_isolee":"0.020","finesse_forme_non_isolee":"0.700","hauteur_minimale_texte":2,"inactif":0,"marquage_interne":1,"quantite_min":null,"parent_id":null,"print_on_support":1,"content":null,"description":null},{"id":17,"nom":"topquadri_uvp","finition":null,"libelle":"TopQuadri UVP","code":null,"dpi":null,"finesse_forme_isolee":"0.020","finesse_forme_non_isolee":"0.700","hauteur_minimale_texte":2,"inactif":0,"marquage_interne":1,"quantite_min":null,"parent_id":null,"print_on_support":1,"content":null,"description":null},{"id":18,"nom":"quadri","finition":null,"libelle":"Impression","code":null,"dpi":null,"finesse_forme_isolee":null,"finesse_forme_non_isolee":null,"hauteur_minimale_texte":null,"inactif":0,"marquage_interne":1,"quantite_min":null,"parent_id":null,"print_on_support":0,"content":null,"description":null}]}}