{"data":{"product":{"id":17988,"titre":"Pantalon de surv\u00eatement Anthem","description":"Relaxez-vous et d\u00e9tendez-vous dans ce pantalon de surv\u00eatement ultra doux en polaire, disponible dans une gamme de coloris classiques. Sa taille c\u00f4tel\u00e9e et ses cordons de serrage XXL de couleur assortie lui conf\u00e8rent une coupe d\u00e9contract\u00e9e, tandis que son int\u00e9rieur en molleton gratt\u00e9 le rend tr\u00e8s confortable \u00e0 porter. Deux poches \u00e0 zip dissimul\u00e9es sur le devant vous permettent d'emporter vos affaires essentielles, tandis que les chevilles c\u00f4tel\u00e9es retiennent la chaleur, pour garantir votre confort et votre chaleur par tous les temps. Fabriqu\u00e9 dans un tissu en coton bio, ce pantalon de surv\u00eatement est \u00e9galement doux pour la plan\u00e8te. Cordons ronds aux extr\u00e9mit\u00e9s en m\u00e9tal. Int\u00e9rieur en molleton gratt\u00e9. Finition \u00e0 doubles surpiq\u00fbres. Ceinture et poignets en c\u00f4tes 2x1. \u0152illets et extr\u00e9mit\u00e9s du cordon de serrage sans nickel. Composition : couleurs unies 80 % coton bio, 20 % polyester recycl\u00e9 ; gris chin\u00e9 73 % coton bio, 21 % polyester recycl\u00e9, 6 % viscose.","genre":"mixte","grammage":320,"conditionnement":5,"composition":"coton,polyester","reference":"AM030","reference_visible":"an-am030","reference_fabricant":"AM030","ref_xor":"724993","in_catalog":true,"is_transfer":false,"is_service":false,"on_standby":false,"has_3d":false,"has_size_guide":true,"has_marking":true,"has_vierge":true,"is_cross_sellable":false,"id_picto":199,"filename_3d":null,"brand":{"id":336,"name":"Anthem","logo":"logo-anthem.png","image":"https:\/\/media.th4.com\/-PU5PJrKxNfJlBnXaTWw7Yj1xubPpjYoI8jzJQ5tJ1g\/pr:brand70x70\/aHR0cDovL21lZGlhMi5kZXNpZ25wYXJ0bmVyLmZyL2MvbS9sb2dvLWFudGhlbS5wbmc?v=1691073602"},"price_infos":{"price_from":23.5,"quantity":200,"color":{"id":17242,"name":"grey_marl"},"size":{"id":2,"name":"M"}},"price_infos_marking":{"price_from":28.28,"quantity":1000,"color":{"id":17242,"name":"grey_marl"},"size":{"id":2,"name":"M"},"marking":{"id":2,"name":""},"emplacement":"avant","surface_emplacement_id":6620,"surface":"Haut avant gauche"},"i18n":{"blank":{"title":{"fr":"Pantalon de surv\u00eatement anthem ANTHEM am030","en":"Anthm anthem track pants ANTHEM am030","de":"Anthme Jogginghose ANTHEM am030","nl":"Trainingsbroek anthem ANTHEM am030","es":"Pantal\u00f3n de ch\u00e1ndal anthem ANTHEM am030","it":"Pantalone da tuta anthem ANTHEM am030","sv":"Anthem tr\u00e4ningsbyxor ANTHEM am030","pt":"Cal\u00e7a de moletom anthem ANTHEM am030","da":"Anthem tr\u00e6ningsbukser anthem am030","pl":"Spodnie treningowe anthem ANTHEM am030"},"description":{"fr":"Ce pantalon de surv\u00eatement offre un confort optimal gr\u00e2ce \u00e0 sa conception en polaire douce. Il est dot\u00e9 d'une taille c\u00f4tel\u00e9e et de cordons de serrage pour un ajustement personnalis\u00e9. Deux poches \u00e0 zip dissimul\u00e9es permettent de ranger les effets personnels en toute s\u00e9curit\u00e9. Les chevilles c\u00f4tel\u00e9es aident \u00e0 retenir la chaleur. Fabriqu\u00e9 en coton bio, ce pantalon de surv\u00eatement allie confort et respect de l'environnement. Cordons ronds aux extr\u00e9mit\u00e9s en m\u00e9tal. Int\u00e9rieur en molleton gratt\u00e9. Finition \u00e0 doubles surpiq\u00fbres. Ceinture et poignets en c\u00f4tes 2x1. \u0152illets et extr\u00e9mit\u00e9s du cordon de serrage sans nickel.\n","en":"This track pants offers optimal comfort thanks to its soft fleece construction. It features a ribbed waist and drawstrings for a custom fit. Two hidden zip pockets allow you to securely store personal belongings. Ribbed cuffs help retain heat. Made from organic cotton, this track pants combines comfort and environmental respect. Round drawstrings with metal ends. Interior in brushed fleece. Double-stitch finish. Waist and cuffs in 2x1 ribbing. Eyelets and drawstring ends nickel-free.","de":"Diese Jogginghose bietet optimalen Komfort durch ihre weiche Fleece-Konstruktion. Sie verf\u00fcgt \u00fcber einen Rippensaum und Zugschn\u00fcre f\u00fcr eine individuelle Passform. Zwei verdeckte Rei\u00dfverschluss-Taschen erm\u00f6glichen das sichere Verstauen von pers\u00f6nlichen Gegenst\u00e4nden. Die gerippten Beinabschl\u00fcsse helfen, die W\u00e4rme zu speichern. Aus Bio-Baumwolle gefertigt, kombiniert diese Jogginghose Komfort und Umweltfreundlichkeit. Runde Schn\u00fcre mit Metallenden. Innen aus weichem Pl\u00fcsch. Doppelte Steppn\u00e4hte. Bund und Manschetten in 2x1 Rippe. \u00d6sen und Enden der Zugschnur nickelfrei.","nl":"Deze trainingbroek biedt optimaal comfort dankzij de zachte polariteitsconstructie. Het heeft een geribbelde taille en treksnoeren voor een aangepaste pasvorm. Twee verborgen zakken met ritssluiting om persoonlijke spullen veilig op te bergen. De geribbelde enkels helpen de warmte vast te houden. Geproduceerd uit biologische katoen, deze trainingbroek combineert comfort en respect voor het milieu. Ronde koorden met metalen uiteinden. Binnenkant met geborsteld vilt. Afwerking met dubbele steken. Riem en polsbanden in 2x1 rib. Oogjes en uiteinden van het treksnoer zonder nikkel.","es":"Este pantal\u00f3n de ch\u00e1ndal ofrece un confort \u00f3ptimo gracias a su dise\u00f1o en polar suave. Est\u00e1 dotado de una cintura acanalada y cordones de ajuste para un ajuste personalizado. Dos bolsillos con cremallera ocultos permiten guardar los efectos personales con seguridad. Los tobillos acanalados ayudan a retener el calor. Fabricado en algod\u00f3n org\u00e1nico, este pantal\u00f3n de ch\u00e1ndal combina confort y respeto por el medio ambiente. Cordones redondos con extremos en metal. Interior de felpa rasposa. Terminaci\u00f3n con doble costura. Cintura y pu\u00f1os en costura 2x1. Ojetes y extremos del cord\u00f3n de ajuste sin n\u00edquel.","it":"Questo pantalone da tuta offre un comfort ottimale grazie alla sua realizzazione in morbido pile. \u00c8 dotato di una cintura a coste e di cordoni di regolazione per un adattamento personalizzato. Due tasche con zip nascoste permettono di riporre gli effetti personali in sicurezza. I polsini a coste aiutano a trattenere il calore. Realizzato in cotone biologico, questo pantalone da tuta unisce comfort e rispetto per l'ambiente. Cordoni tondi con estremit\u00e0 in metallo. Interno in pile rasato. Finitura con doppie cuciture. Vita e polsini in coste 2x1. Occhielli e estremit\u00e0 del cordone di regolazione senza nichel.","sv":"Denna tr\u00e4ningsbyxa erbjuder optimal komfort tack vare sin mjuka pol\u00e4rupps\u00e4ttning. Den \u00e4r f\u00f6rsett med ett ribbat midje och dragsn\u00f6ren f\u00f6r en personlig passform. Tv\u00e5 dolda zippfickor g\u00f6r det m\u00f6jligt att s\u00e4kert f\u00f6rvara personliga tillh\u00f6righeter. De ribbade anklarna hj\u00e4lper till att beh\u00e5lla v\u00e4rmen. Tillverkad av ekologisk bomull, denna tr\u00e4ningsbyxa f\u00f6renar komfort och milj\u00f6medvetenhet. Dragsn\u00f6ren med metall\u00e4ndar. Inre del i scratchad molton. Dubbla stygningar. Midja och \u00e4rmkanter i 2x1 ribba. \u00d6glor och dragsn\u00f6rets \u00e4ndar utan nickel.","pt":"Essa cal\u00e7a de moletom oferece conforto \u00f3timo gra\u00e7as \u00e0 sua constru\u00e7\u00e3o em polar suave. Ela possui uma cintura ribana e cord\u00f5es de amarra\u00e7\u00e3o para um ajuste personalizado. Dois bolsos com z\u00edper ocultos permitem guardar os itens pessoais com seguran\u00e7a. As barras ribanas ajudam a reter o calor. Fabricada em algod\u00e3o org\u00e2nico, essa cal\u00e7a de moletom alia conforto e respeito ao meio ambiente. Cord\u00f5es redondos com extremidades de metal. Interior de molhado de toque macio. Acabamento com costuras duplas. Cintura e punhos em ribana 2x1. Olheiras e extremidades do cord\u00e3o de amarra\u00e7\u00e3o sem n\u00edquel.","da":"Disse tr\u00e6ningsbukser tilbyder optimal komfort takket v\u00e6re deres bl\u00f8de polarfiber design. De er forsynet med en bundet talje og tr\u00e6kstrenge til en personlig tilpasning. To skjulte zip-lommer g\u00f8r det muligt at opbevare personlige ejendele sikkert. Bundene er bundet og hj\u00e6lper med at holde varmen. Fremstillet af \u00f8kologisk bomuld, kombinerer disse tr\u00e6ningsbukser komfort og respekt for milj\u00f8et. Runde strenge med metalender. Indvendig af kr\u00f8llet bomuld. Dobbelt syet finish. Talje og \u00e6rmer i bundet 2x1. \u00d8jne og ender af tr\u00e6kstrengen uden nickel.","pl":"Te spodnie treningowe oferuj\u0105 optymalny komfort dzi\u0119ki swojej konstrukcji z mi\u0119kkiej polaru. Maj\u0105 zapi\u0119cie na rzepy i sznurowanie, co pozwala na indywidualne dopasowanie. Dwie schowane zapi\u0119cia b\u0142yskawiczne pozwalaj\u0105 na bezpieczne przechowywanie przedmiot\u00f3w osobistych. Kieszenie na boki pomagaj\u0105 zatrzyma\u0107 ciep\u0142o. Wykonane z bawe\u0142ny ekologicznej, te spodnie treningowe \u0142\u0105cz\u0105 komfort i szacunek dla \u015brodowiska. Okr\u0105g\u0142e sznurowanie z ko\u0144c\u00f3wkami metalowymi. Wn\u0119trze z grzebienkowanego pluszu. Wyko\u0144czenie z podw\u00f3jnymi ste\u017ckami. Pasek i mankiety z koszulki 2x1. Uchy\u0142ki i ko\u0144c\u00f3wki sznura bez niklu."},"h1":{"fr":"Pantalon de surv\u00eatement am030","en":"Anthm track pants am030","de":"Anthme Jogginghose am030","nl":"Trainingsbroek am030","es":"Pantal\u00f3n de ch\u00e1ndal am030","it":"Pantalone da tuta am030","sv":"tr\u00e4ningsbyxor am030","pt":"Cal\u00e7a de moletom am030","da":"tr\u00e6ningsbukser am030","pl":"Spodnie treningowe am030"},"meta_description":{"fr":"D\u00e9couvrez le pantalon de surv\u00eatement anthem, con\u00e7u pour le confort et la d\u00e9tente. Id\u00e9al pour les moments de relaxation ou les activit\u00e9s sportives.","en":"Discover the anthem track pants, designed for comfort and relaxation. Ideal for relaxation moments or sports activities.","de":"Entdecken Sie die Anthme Jogginghose, die f\u00fcr Komfort und Entspannung entwickelt wurde. Ideal f\u00fcr entspannende Momente oder sportliche Aktivit\u00e4ten.","nl":"Ontdek de trainingbroek anthem, ontworpen voor comfort en ontspanning. Ideaal voor ontspanningsmomenten of sportieve activiteiten.","es":"Descubre el pantal\u00f3n de ch\u00e1ndal anthem, dise\u00f1ado para el confort y la relajaci\u00f3n. Ideal para momentos de relajaci\u00f3n o actividades deportivas.","it":"Scopri il pantalone da tuta anthem, progettato per il comfort e il relax. Ideale per i momenti di relax o per le attivit\u00e0 sportive.","sv":"Uppt\u00e4ck anthem tr\u00e4ningsbyxor, utformade f\u00f6r komfort och avslappning. Idealiska f\u00f6r avslappningsstunder eller sportaktiviteter.","pt":"Descubra a cal\u00e7a de moletom anthem, projetada para o conforto e o relaxamento. Ideal para momentos de relaxamento ou atividades esportivas.","da":"Opdag tr\u00e6ningsbukserne anthem, designet til komfort og afslapning. Ideel til afslappede \u00f8jeblikke eller sportslige aktiviteter.","pl":"Odkryj spodnie treningowe anthem, zaprojektowane z my\u015bl\u0105 o komforcie i relaksie. Idealne na chwile relaksu lub aktywno\u015bci sportowe."}},"custom":{"title":{"fr":"Pantalon de surv\u00eatement anthem personnalisable am030","en":"Personalizable anthem track pants am030","de":"Personalisierbare Anthem Sweathose am030","nl":"Pantaloon anthem aanpasbaar am030","es":"Pantal\u00f3n de ch\u00e1ndal anthem personalizable am030","it":"Pantaloni della tuta anthem personalizzabili am030","sv":"Personalisera barntights anthem am030","pt":"Cal\u00e7a de moletom anthem personaliz\u00e1vel am030","da":"Anthem tr\u00e6ningsbukse personligg\u00f8relses mulighed am030","pl":"Spodnie trenerskie anthem do personalizacji am030"},"description":{"fr":"Relaxez-vous et d\u00e9tendez-vous dans ce pantalon de surv\u00eatement ultra doux en polaire, disponible dans une gamme de coloris classiques. Sa taille c\u00f4tel\u00e9e et ses cordons de serrage XXL de couleur assortie lui conf\u00e8rent une coupe d\u00e9contract\u00e9e, tandis que son int\u00e9rieur en molleton gratt\u00e9 le rend tr\u00e8s confortable \u00e0 porter. Deux poches \u00e0 zip dissimul\u00e9es sur le devant vous permettent d'emporter vos affaires essentielles, tandis que les chevilles c\u00f4tel\u00e9es retiennent la chaleur, pour garantir votre confort et votre chaleur par tous les temps. Fabriqu\u00e9 dans un tissu en coton bio, ce pantalon de surv\u00eatement est \u00e9galement doux pour la plan\u00e8te. Cordons ronds aux extr\u00e9mit\u00e9s en m\u00e9tal. Int\u00e9rieur en molleton gratt\u00e9. Finition \u00e0 doubles surpiq\u00fbres. Ceinture et poignets en c\u00f4tes 2x1. \u0152illets et extr\u00e9mit\u00e9s du cordon de serrage sans nickel. Composition : couleurs unies 80 % coton bio, 20 % polyester recycl\u00e9 ; gris chin\u00e9 73 % coton bio, 21 % polyester recycl\u00e9, 6 % viscose. Ce pantalon de surv\u00eatement peut \u00eatre personnalis\u00e9 avec votre logo ou votre visuel, pour une communication efficace et originale.\n\n- Composition : 80% coton bio, 20% polyester recycl\u00e9\n- Coupe : D\u00e9contract\u00e9e\n- Poches : 2 poches \u00e0 zip dissimul\u00e9es\n- Taille : \u00c9lastiqu\u00e9e avec cordon de serrage\n- Poignets et chevilles : C\u00f4tel\u00e9s\n- D\u00e9tails : Cordons ronds aux extr\u00e9mit\u00e9s en m\u00e9tal, int\u00e9rieur en molleton gratt\u00e9, finitions \u00e0 doubles surpiq\u00fbres","en":"Relax and unwind in this ultra-soft fleece track pants, available in a range of classic colors. Its ribbed waist and extra-large drawstrings of matching color give it a relaxed fit, while its brushed fleece lining makes it very comfortable to wear. Two hidden zip pockets on the front allow you to carry your essentials, while the ribbed cuffs retain heat, ensuring your comfort and warmth in all weather. Made from an organic cotton fabric, this track pants is also gentle on the planet. Round drawstrings with metal ends. Brushed fleece lining. Double-stitched finish. Waistband and cuffs in 2x1 ribbing. Nickel-free eyelets and drawstring ends. Composition: solid colors 80% organic cotton, 20% recycled polyester; heather grey 73% organic cotton, 21% recycled polyester, 6% viscose. This track pants can be personalized with your logo or design for effective and original communication.\n\n- Composition: 80% organic cotton, 20% recycled polyester\n- Fit: Relaxed\n- Pockets: 2 hidden zip pockets\n- Waist: Elasticated with drawstring\n- Cuffs: Ribbed\n- Details: Round drawstrings with metal ends, brushed fleece lining, double-stitched finishes","de":"Entspannen Sie sich in dieser ultraweichen Sweathose aus Fleece. Sie ist in einer Palette klassischer Farben erh\u00e4ltlich. Der gerippte Bund und die XXL-Bundkordel in passender Farbe verleihen ihr einen l\u00e4ssigen Schnitt, w\u00e4hrend das Innere aus Frottee-Stoff sie sehr bequem zu tragen macht. Zwei verdeckte Fronttaschen mit Rei\u00dfverschluss erm\u00f6glichen es Ihnen, Ihre wichtigsten Dinge mitzunehmen, w\u00e4hrend die gerippten Beinenden W\u00e4rme speichern, um Ihren Komfort und Ihre W\u00e4rme bei jedem Wetter zu gew\u00e4hrleisten. Gefertigt aus einem Bio-Baumwollstoff, ist diese Sweathose auch umweltfreundlich. Runde Kordelenden aus Metall. Innenfutter aus Frottee. Doppelnahtverarbeitung. Bund und Manschetten aus Rippenstrick. \u00d6sen und Kordelenden ohne Nickel. Zusammensetzung: Unifarben 80% Bio-Baumwolle, 20% recyceltes Polyester; Melangegrau 73% Bio-Baumwolle, 21% recyceltes Polyester, 6% Viskose. Diese Sweathose kann mit Ihrem Logo oder Ihrer Grafik personalisiert werden, f\u00fcr eine effektive und originelle Kommunikation.\n\n- Zusammensetzung: 80% Bio-Baumwolle, 20% recyceltes Polyester\n- Schnitt: L\u00e4ssig\n- Taschen: 2 verdeckte Fronttaschen mit Rei\u00dfverschluss\n- Bund: Elastisch mit Kordelzug\n- Manschetten und Beinenden: Gerippt\n- Details: Runde Kordelenden aus Metall, Innenfutter aus Frottee, Doppelnahtverarbeitung","nl":"Relax en ontspan in deze ultra zacht polaire joggingbroek, beschikbaar in een scala aan klassieke kleuren. De geribbelde taille en de bijpassende extra lange riems sluiten af met een ontspannen pasvorm, terwijl het binnenwerk van gezaagde vloerkleed het zeer comfortabel maakt om te dragen. Twee verborgen ritszakken aan de voorkant laten je essenti\u00eble spullen meenemen, terwijl de geribbelde enkelbanden de warmte vasthouden voor maximaal comfort en warmte in alle weersomstandigheden. Gemaakt van een biologisch katoenen weefsel is deze joggingbroek ook vriendelijk voor de planeet. Ronde riemen met metalen uiteinden. Gezaagd vloerkleed binnenwerk. Duble naden afwerking. Riemen en manchetten in 2x1 rib. Ogen en uiteinden van de riem zonder nikkel. Samengesteld uit: unie kleuren 80% biologische katoen, 20% gerecycled polyester; grijs geharled 73% biologische katoen, 21% gerecycled polyester, 6% viscose. Deze joggingbroek kan worden aangepast met je logo of visueel voor een effectieve en originele communicatie. Samengesteld uit: 80% biologische katoen, 20% gerecycled polyester. Pasvorm: Ontspannen. Zakken: 2 verborgen ritszakken. Taille: Geribbelde taille met riem. Manchetten en enkels: Geribbeld. Details: Ronde riemen met metalen uiteinden, binnenwerk van gezaagd vloerkleed, afwerking met dubbele naden.","es":"Rel\u00e1jate y descansa con estos pantalones de ch\u00e1ndal ultramodernos en polar, disponibles en una gama de colores cl\u00e1sicos. Su cintura de ribete y sus cordones de ajuste XXL del mismo color le dan un corte casual, mientras que su interior de terciopelo rasurado lo hace muy c\u00f3modo de llevar. Dos bolsillos con cremallera ocultos en la parte frontal te permiten llevar tus cosas esenciales, mientras que los tobillos de ribete retienen el calor, garantizando tu confort y calor en todo tipo de clima. Fabricado con un tejido de algod\u00f3n org\u00e1nico, estos pantalones de ch\u00e1ndal tambi\u00e9n son suaves con el planeta. Cordones redondos con puntas de metal. Interior de terciopelo rasurado. Terminado con doble costura. Cintura y pu\u00f1os de ribete 2x1. Ojetes y puntas del cord\u00f3n de ajuste sin n\u00edquel. Composici\u00f3n: colores unisex 80 % algod\u00f3n org\u00e1nico, 20 % poli\u00e9ster reciclado; gris melange 73 % algod\u00f3n org\u00e1nico, 21 % poli\u00e9ster reciclado, 6 % viscosa. Estos pantalones de ch\u00e1ndal pueden personalizarse con tu logo o tu imagen, para una comunicaci\u00f3n efectiva y original.\n\n- Composici\u00f3n: 80% algod\u00f3n org\u00e1nico, 20% poli\u00e9ster reciclado\n- Corte: Casual\n- Bolsillos: 2 bolsillos con cremallera ocultos\n- Talla: El\u00e1stica con cord\u00f3n de ajuste\n- Pu\u00f1os y tobillos: De ribete\n- Detalles: Cordones redondos con puntas de metal, interior de terciopelo rasurado, terminados con doble costura","it":"Rilassati e goditi il tuo tempo libero con questi pantaloni della tuta ultra morbidi in pile, disponibili in una gamma di colori classici. La vita a coste e i cordoni di regolazione XXL abbinati conferiscono un taglio casual, mentre l'interno in felpa morbida li rende molto confortevoli da indossare. Due tasche nascoste con zip davanti ti permettono di portare con te gli oggetti essenziali, mentre le caviglie a coste trattengono il calore, per garantire il tuo comfort e calore in ogni condizione. Realizzato con un tessuto in cotone bio, questi pantaloni della tuta sono anche morbidi per il pianeta. Cordoni tondi con estremit\u00e0 in metallo. Interno in felpa morbida. Finiture con doppia cucitura. Vita e polsini in coste 2x1. Occhiali e estremit\u00e0 dei cordoni di regolazione senza nichel. Composizione: colori unisex 80% cotone bio, 20% poliestere riciclato; grigio melange 73% cotone bio, 21% poliestere riciclato, 6% viscosa. Questi pantaloni della tuta possono essere personalizzati con il tuo logo o il tuo visivo, per una comunicazione efficace e originale.\n\n- Composizione: 80% cotone bio, 20% poliestere riciclato\n- Taglio: Casual\n- Tasche: 2 tasche nascoste con zip\n- Vita: Elasticizzata con cordone di regolazione\n- Polsini e caviglie: A coste\n- Dettagli: Cordoni tondi con estremit\u00e0 in metallo, interno in felpa morbida, finiture con doppia cucitura","sv":"Slappna av och koppla av i dessa extremt mjuka barntights i pol\u00e4r. Tillg\u00e4ngliga i en serie klassiska f\u00e4rger. Dess ribbade midja och extra stora sn\u00f6ren av matchande f\u00e4rg ger en avslappnad passform, medan dess insida av skrubbat moln g\u00f6r det mycket bekv\u00e4mt att b\u00e4ra. Tv\u00e5 dolda fickor med blixtl\u00e5s framme l\u00e5ter dig ta med dig dina viktigaste saker, medan ribbade benh\u00f6ljen h\u00e5ller v\u00e4rmen, f\u00f6r att garantera ditt komfort och v\u00e4rme i alla v\u00e4der. Tillverkad i ett tyg av biologiskt odlat bomull, \u00e4r dessa barntights ocks\u00e5 milj\u00f6v\u00e4nliga. Runda sn\u00f6ren med metall\u00e4ndar. Inuti skrubbat moln. Dubbla s\u00f6mmar. B\u00e4lte och manschetter i 2x1 ribb. \u00d6glor och sn\u00f6r\u00e4ndar utan nickel. Sammans\u00e4ttning: enf\u00e4rgade 80 % biologisk bomull, 20 % \u00e5tervunnet polyester gr\u00e5 heder 73 % biologisk bomull, 21 % \u00e5tervunnet polyester, 6 % viskos. Dessa barntights kan personaliseras med ditt logotyp eller ditt visuell f\u00f6r effektiv och originell kommunikation\n\n- Sammans\u00e4ttning: 80% biologisk bomull, 20% \u00e5tervunnet polyester\n- Passform: Avslappnad\n- Fickor: 2 dolda fickor med blixtl\u00e5s\n- Midja: Elastisk med sn\u00f6rl\u00e5s\n- Manschetter och benh\u00f6ljen: Ribbade\n- Detaljer: Runda sn\u00f6ren med metall\u00e4ndar, inuti skrubbat moln, dubbla s\u00f6mmar","pt":"Relaxe e relaxe nesta cal\u00e7a de moletom ultra macia de moletom, dispon\u00edvel em uma gama de cores cl\u00e1ssicas. Seu cinto franzido e seus cord\u00f5es de ajuste XXL de cor combinando lhe d\u00e3o um corte casual, enquanto seu forro de malha felpuda o torna muito confort\u00e1vel de usar. Duas bolsas ocultas com z\u00edper na frente permitem que voc\u00ea leve seus itens essenciais, enquanto as canelas franzidas ret\u00eam o calor, garantindo seu conforto e calor em todos os climas. Feito de tecido de algod\u00e3o org\u00e2nico, essa cal\u00e7a de moletom tamb\u00e9m \u00e9 gentil com o planeta. Cord\u00f5es arredondados com pontas de metal. Forro de malha felpuda. Acabamento com costura dupla. Cinto e punhos de costura 2x1. Olhais e pontas do cord\u00e3o de ajuste sem n\u00edquel. Composi\u00e7\u00e3o: cores s\u00f3lidas 80% algod\u00e3o org\u00e2nico, 20% poli\u00e9ster reciclado; cinza melange 73% algod\u00e3o org\u00e2nico, 21% poli\u00e9ster reciclado, 6% viscose. Esta cal\u00e7a de moletom pode ser personalizada com seu logotipo ou visual, para uma comunica\u00e7\u00e3o eficaz e original.\n\n- Composi\u00e7\u00e3o: 80% algod\u00e3o org\u00e2nico, 20% poli\u00e9ster reciclado\n- Corte: Casual\n- Bolsos: 2 bolsos ocultos com z\u00edper\n- Cintura: El\u00e1stica com cord\u00e3o de ajuste\n- Punhos e canelas: Franzidos\n- Detalhes: Cord\u00f5es arredondados com pontas de metal, forro de malha felpuda, acabamento com costura dupla","da":"Slap af og afslappet dig i denne ultra bl\u00f8de polerbukse, tilg\u00e6ngelig i en r\u00e6kke klassiske farver. Dens bundet talje og store tr\u00e6ksnore af matchende farve giver den en afslappet pasform, mens dens inderside af skraberet wadding g\u00f8r den meget behagelig at have p\u00e5. To skjulte zip-lommer foran giver dig mulighed for at tage dine vigtige ting med, mens bundet benholder varmen for at sikre din komfort og varme hele \u00e5ret rundt. Fremstillet af et v\u00e6v af \u00f8kologisk bomuld, er denne tr\u00e6ningsbukse ogs\u00e5 blid mod planeten. Runde snore med metal ender. Inderside af skraberet wadding. Dobbeltsyede s\u00f8mme. Talje og h\u00e6nder i 2x1 bundet. \u00d8jesnore og tr\u00e6ksnore ender uden nickel. Sammens\u00e6tning: ensfarvede farver 80% \u00f8kologisk bomuld, 20% genbrugt polyester; gr\u00e5 melange 73% \u00f8kologisk bomuld, 21% genbrugt polyester, 6% viskose. Denne tr\u00e6ningsbukse kan personligg\u00f8res med dit logo eller din visuel, for en effektiv og original kommunikation.\n\n- Sammens\u00e6tning: 80% \u00f8kologisk bomuld, 20% genbrugt polyester\n- Pasform: Afslappet\n- Lommer: 2 skjulte zip-lommer\n- Talje: Bundet med tr\u00e6ksnor\n- H\u00e6nder og ben: Bundet\n- Detaljer: Runde snore med metal ender, inderside af skraberet wadding, dobbeltsyede s\u00f8mme","pl":"Relaksuj si\u0119 i odpoczywaj w tych super mi\u0119kkich spodniach trenerskich z polaru, dost\u0119pnych w klasycznej gamie kolor\u00f3w. Pas elastyczny z ko\u0142drami i super d\u0142ugimi sznurowad\u0142ami w kolorze pasuj\u0105cym do tkaniny nadaj\u0105 mu swobodny kroju, a wewn\u0119trzna podszewka z mi\u0119kkiego pluszu sprawia, \u017ce s\u0105 bardzo komfortowe w noszeniu. Dwie ukryte przednie kieszenie z zapi\u0119ciem na zamek pozwalaj\u0105 zabra\u0107 ze sob\u0105 rzeczy, kt\u00f3rych potrzebujesz, a opaski na kostki zatrzymuj\u0105 ciep\u0142o, aby zapewni\u0107 komfort i ciep\u0142o w ka\u017cdych warunkach. Wykonane z ekologicznego bawe\u0142nianego materia\u0142u, te spodnie trenerskie s\u0105 r\u00f3wnie\u017c mi\u0142osierne dla planety. Okr\u0105g\u0142e sznurowad\u0142a z ko\u0144c\u00f3wkami z metalu. Podszewka z mi\u0119kkiego pluszu. Wyko\u0144czenie z podw\u00f3jnymi szwami. Pas i opaski na r\u0119kawy z kostek 2x1. Rureczki i ko\u0144c\u00f3wki sznurowade\u0142 bez niklu. Sk\u0142ad: kolory jednolite 80 % ekologicznej bawe\u0142ny, 20 % recyklowanego poliestru; szaro-wyblak\u0142y 73 % ekologicznej bawe\u0142ny, 21 % recyklowanego poliestru, 6 % wiskozy. Te spodnie trenerskie mo\u017cna personalizowa\u0107 swoim logo lub wizualem, dla skutecznej i oryginalnej komunikacji."},"h1":{"fr":"Pantalon de surv\u00eatement personnalisation am030","en":"Personalization track pants am030","de":"Sweathose Personalisierung am030","nl":"Pantaloon aanpassing am030","es":"Pantal\u00f3n de ch\u00e1ndal personalizaci\u00f3n am030","it":"Pantaloni della tuta personalizzazione am030","sv":"Personalisera barntights am030","pt":"Cal\u00e7a de moletom personaliza\u00e7\u00e3o am030","da":"tr\u00e6ningsbukse personligg\u00f8relse am030","pl":"Spodnie trenerskie personalizacja am030"},"meta_description":{"fr":"D\u00e9couvrez le pantalon de surv\u00eatement anthem, id\u00e9al pour le confort et la d\u00e9tente. Personnalisable pour refl\u00e9ter votre style ou votre marque.","en":"Discover the anthem track pants, ideal for comfort and relaxation. Personalizable to reflect your style or brand.","de":"Entdecken Sie die Anthem Sweathose, ideal f\u00fcr Komfort und Entspannung. Personalisierbar, um Ihren Stil oder Ihre Marke zu widerspiegeln.","nl":"Ontdek de pantaloon anthem, ideaal voor comfort en ontspanning. Aanpasbaar om je stijl of merk weer te geven.","es":"Descubre el pantal\u00f3n de ch\u00e1ndal anthem, ideal para el confort y la relajaci\u00f3n. Personalizable para reflejar tu estilo o tu marca.","it":"Scopri i pantaloni della tuta anthem, ideali per il comfort e il relax. Personalizzabili per riflettere il tuo stile o il tuo marchio.","sv":"Uppt\u00e4ck barntights anthem, idealisk f\u00f6r komfort och avkoppling. Personaliserbar f\u00f6r att spegla din stil eller ditt varum\u00e4rke.","pt":"Descubra a cal\u00e7a de moletom anthem, ideal para conforto e relaxamento. Personaliz\u00e1vel para refletir seu estilo ou marca.","da":"Opdag anthem tr\u00e6ningsbuksen, ideel til komfort og afslapning. Personligg\u00f8relses mulighed for at afspejle din stil eller m\u00e6rke.","pl":"Odkryj spodnie trenerskie anthem, idealne do komfortu i relaksu. Mo\u017cna je personalizowa\u0107, aby odzwierciedla\u0107 tw\u00f3j styl lub mark\u0119."}}},"categories":[{"id":324,"name":"Surv\u00eatements et joggings","singular":"Surv\u00eatement et jogging","is_feminin":false},{"id":569,"name":"Joggings","singular":"Jogging","is_feminin":false},{"id":560,"name":"Sports et Loisirs","singular":"Sport et Loisir","is_feminin":false},{"id":559,"name":"Univers","singular":"Univers","is_feminin":false},{"id":354,"name":"Textile","singular":"Textile","is_feminin":false}],"certifications":[{"id":19,"label":"W.R.A.P.","logo_link":"\/images\/certifications\/19_WRAP.jpg","is_marking_compatible":false},{"id":21,"label":"Sedex","logo_link":"\/images\/certifications\/21_Sedex.jpg","is_marking_compatible":false}],"videos":{"fr":[],"en":[],"de":[],"nl":[],"es":[],"it":[],"sv":[],"pt":[],"da":[],"pl":[]},"main_images":{"miniature":"https:\/\/media.th4.com\/s9-2UUWoErv7XnQnl8RKAeaZZ4xr3OBigSqnz3Sgpa0\/pr:80\/aHR0cDovL21lZGlhMi5kZXNpZ25wYXJ0bmVyLmZyL2MvcC1NVC8xNzk4OC5qcGc?v=1711532397","medium":"https:\/\/media.th4.com\/rBhAOGwL1hJy1WytQDoIiGAUrRpmzw355hdPJHemO9k\/pr:550x550greybg\/aHR0cDovL21lZGlhMi5kZXNpZ25wYXJ0bmVyLmZyL2MvcC1NVC8xNzk4OC5qcGc?v=1711532397","medium_large":"https:\/\/media.th4.com\/BHzldSLCpMT9a-fzHLp_Y3qZ7r6e0_sy7ejjIm8Ow7o\/pr:1000x1000greybg\/aHR0cDovL21lZGlhMi5kZXNpZ25wYXJ0bmVyLmZyL2MvcC1NVC8xNzk4OC5qcGc?v=1711532397","large":"https:\/\/media.th4.com\/yhSyIhso0t6ucIJ7giB5nVrNI1UstB6SYoh58EM8dKs\/pr:1920greybg\/aHR0cDovL21lZGlhMi5kZXNpZ25wYXJ0bmVyLmZyL2MvcC1NVC8xNzk4OC5qcGc?v=1711532397","opengraph":"https:\/\/media.th4.com\/FsYY-DTd7KS0nh-Qt_-G0UiYai67RvHCQODP4OpybZI\/pr:1200x630greybg\/aHR0cDovL21lZGlhMi5kZXNpZ25wYXJ0bmVyLmZyL2MvcC1NVC8xNzk4OC5qcGc?v=1711532397"},"main_images_customization":{"miniature":"https:\/\/media.th4.com\/s9-2UUWoErv7XnQnl8RKAeaZZ4xr3OBigSqnz3Sgpa0\/pr:80\/aHR0cDovL21lZGlhMi5kZXNpZ25wYXJ0bmVyLmZyL2MvcC1NVC8xNzk4OC5qcGc?v=1711532397","medium":"https:\/\/media.th4.com\/rBhAOGwL1hJy1WytQDoIiGAUrRpmzw355hdPJHemO9k\/pr:550x550greybg\/aHR0cDovL21lZGlhMi5kZXNpZ25wYXJ0bmVyLmZyL2MvcC1NVC8xNzk4OC5qcGc?v=1711532397","medium_large":"https:\/\/media.th4.com\/BHzldSLCpMT9a-fzHLp_Y3qZ7r6e0_sy7ejjIm8Ow7o\/pr:1000x1000greybg\/aHR0cDovL21lZGlhMi5kZXNpZ25wYXJ0bmVyLmZyL2MvcC1NVC8xNzk4OC5qcGc?v=1711532397","large":"https:\/\/media.th4.com\/yhSyIhso0t6ucIJ7giB5nVrNI1UstB6SYoh58EM8dKs\/pr:1920greybg\/aHR0cDovL21lZGlhMi5kZXNpZ25wYXJ0bmVyLmZyL2MvcC1NVC8xNzk4OC5qcGc?v=1711532397","opengraph":"https:\/\/media.th4.com\/FsYY-DTd7KS0nh-Qt_-G0UiYai67RvHCQODP4OpybZI\/pr:1200x630greybg\/aHR0cDovL21lZGlhMi5kZXNpZ25wYXJ0bmVyLmZyL2MvcC1NVC8xNzk4OC5qcGc?v=1711532397"},"page_links":{"fr":"\/fr\/p-an-am030-pantalon-de-survetement-am030-17988\/","en":"\/en\/p-an-am030-anthm-track-pants-am030-17988\/","de":"\/de\/p-an-am030-anthme-jogginghose-am030-17988\/","nl":"\/nl\/p-an-am030-trainingsbroek-am030-17988\/","es":"\/es\/p-an-am030-pantalon-de-chandal-am030-17988\/","it":"\/it\/p-an-am030-pantalone-da-tuta-am030-17988\/","sv":"\/sv\/p-an-am030-traningsbyxor-am030-17988\/","pt":"\/pt\/p-an-am030-calca-de-moletom-am030-17988\/","da":"\/da\/p-an-am030-traeningsbukser-am030-17988\/","pl":"\/pl\/p-an-am030-spodnie-treningowe-am030-17988\/"},"page_links_customization":{"fr":"\/fr\/p-an-am030-pantalon-de-survetement-personnalisation-am030-17988\/custom\/","en":"\/en\/p-an-am030-personalization-track-pants-am030-17988\/custom\/","de":"\/de\/p-an-am030-sweathose-personalisierung-am030-17988\/custom\/","nl":"\/nl\/p-an-am030-pantaloon-aanpassing-am030-17988\/custom\/","es":"\/es\/p-an-am030-pantalon-de-chandal-personalizacion-am030-17988\/custom\/","it":"\/it\/p-an-am030-pantaloni-della-tuta-personalizzazione-am030-17988\/custom\/","sv":"\/sv\/p-an-am030-personalisera-barntights-am030-17988\/custom\/","pt":"\/pt\/p-an-am030-calca-de-moletom-personalizacao-am030-17988\/custom\/","da":"\/da\/p-an-am030-traeningsbukse-personliggorelse-am030-17988\/custom\/","pl":"\/pl\/p-an-am030-spodnie-trenerskie-personalizacja-am030-17988\/custom\/"},"equivalent_products":[],"colors":[{"id":17242,"name":"grey_marl","class_ids":[3],"codes_hexa":["97999b"],"delai_24":false,"has_3d":false,"seuil_global":0,"stock_local":0,"stock_global":5150,"on_standby":false,"in_catalog":true,"images":{"miniature":["https:\/\/media.th4.com\/oAufoqDoQe2NLxDCMqOnecSKxcTasrltaI2sKv3htII\/pr:80\/aHR0cDovL21lZGlhMi5kZXNpZ25wYXJ0bmVyLmZyL2MvcC8xNzk4OC8xNzk4OC0xNzI0Mi0xLmpwZw?v=1711532375"],"medium":["https:\/\/media.th4.com\/eFyFz7T2tQWSwi4QoXN0IFt_yjoIx5qwFr0A9ztTHn0\/pr:550x550\/aHR0cDovL21lZGlhMi5kZXNpZ25wYXJ0bmVyLmZyL2MvcC8xNzk4OC8xNzk4OC0xNzI0Mi0xLmpwZw?v=1711532375"],"medium_large":["https:\/\/media.th4.com\/-GdoN_YDMqRBJjox6rTAzobSKlRllIUoTE5hv4Chpt4\/pr:1000x1000\/aHR0cDovL21lZGlhMi5kZXNpZ25wYXJ0bmVyLmZyL2MvcC8xNzk4OC8xNzk4OC0xNzI0Mi0xLmpwZw?v=1711532375"],"large":["https:\/\/media.th4.com\/bz0RycC7NoAq8747S-4SIfuphoMaRB9Cnt3kj6pEzjc\/pr:1920\/aHR0cDovL21lZGlhMi5kZXNpZ25wYXJ0bmVyLmZyL2MvcC8xNzk4OC8xNzk4OC0xNzI0Mi0xLmpwZw?v=1711532375"],"opengraph":["https:\/\/media.th4.com\/-Ckdjq6-50GwbljEgEXaM4ET5ZmdzpFtEfz2mq6DJ1c\/pr:1200x630\/aHR0cDovL21lZGlhMi5kZXNpZ25wYXJ0bmVyLmZyL2MvcC8xNzk4OC8xNzk4OC0xNzI0Mi0xLmpwZw?v=1711532375"]},"images_customization":{"miniature":["https:\/\/media.th4.com\/oAufoqDoQe2NLxDCMqOnecSKxcTasrltaI2sKv3htII\/pr:80\/aHR0cDovL21lZGlhMi5kZXNpZ25wYXJ0bmVyLmZyL2MvcC8xNzk4OC8xNzk4OC0xNzI0Mi0xLmpwZw?v=1711532375"],"medium":["https:\/\/media.th4.com\/eFyFz7T2tQWSwi4QoXN0IFt_yjoIx5qwFr0A9ztTHn0\/pr:550x550\/aHR0cDovL21lZGlhMi5kZXNpZ25wYXJ0bmVyLmZyL2MvcC8xNzk4OC8xNzk4OC0xNzI0Mi0xLmpwZw?v=1711532375"],"medium_large":["https:\/\/media.th4.com\/-GdoN_YDMqRBJjox6rTAzobSKlRllIUoTE5hv4Chpt4\/pr:1000x1000\/aHR0cDovL21lZGlhMi5kZXNpZ25wYXJ0bmVyLmZyL2MvcC8xNzk4OC8xNzk4OC0xNzI0Mi0xLmpwZw?v=1711532375"],"large":["https:\/\/media.th4.com\/bz0RycC7NoAq8747S-4SIfuphoMaRB9Cnt3kj6pEzjc\/pr:1920\/aHR0cDovL21lZGlhMi5kZXNpZ25wYXJ0bmVyLmZyL2MvcC8xNzk4OC8xNzk4OC0xNzI0Mi0xLmpwZw?v=1711532375"],"opengraph":["https:\/\/media.th4.com\/-Ckdjq6-50GwbljEgEXaM4ET5ZmdzpFtEfz2mq6DJ1c\/pr:1200x630\/aHR0cDovL21lZGlhMi5kZXNpZ25wYXJ0bmVyLmZyL2MvcC8xNzk4OC8xNzk4OC0xNzI0Mi0xLmpwZw?v=1711532375"]},"country_origin":"BD","traceability":{"manufacturing_country_id":null,"weaving_country_id":null,"dyeing_country_id":null},"sizes":[{"id":5,"article_id":452099,"class_id":2,"name":"XS","on_standby":false,"stock_local":0,"stock_global":394,"multiple":1,"estimated_date_reassort":null,"is_destocking":false},{"id":3,"article_id":452100,"class_id":3,"name":"S","on_standby":false,"stock_local":0,"stock_global":1284,"multiple":1,"estimated_date_reassort":null,"is_destocking":false},{"id":2,"article_id":452101,"class_id":4,"name":"M","on_standby":false,"stock_local":0,"stock_global":1361,"multiple":1,"estimated_date_reassort":null,"is_destocking":false},{"id":1,"article_id":452102,"class_id":5,"name":"L","on_standby":false,"stock_local":0,"stock_global":1077,"multiple":1,"estimated_date_reassort":null,"is_destocking":false},{"id":4,"article_id":452103,"class_id":6,"name":"XL","on_standby":false,"stock_local":0,"stock_global":607,"multiple":1,"estimated_date_reassort":null,"is_destocking":false},{"id":1116,"article_id":452104,"class_id":7,"name":"2XL","on_standby":false,"stock_local":0,"stock_global":306,"multiple":1,"estimated_date_reassort":null,"is_destocking":false},{"id":1081,"article_id":452105,"class_id":8,"name":"3XL","on_standby":false,"stock_local":0,"stock_global":121,"multiple":1,"estimated_date_reassort":null,"is_destocking":false}],"page_links":{"fr":"\/fr\/p-an-am030-pantalon-de-survetement-am030-17988\/grey-marl-17242\/","en":"\/en\/p-an-am030-anthm-track-pants-am030-17988\/grey-marl-17242\/","de":"\/de\/p-an-am030-anthme-jogginghose-am030-17988\/grey-marl-17242\/","nl":"\/nl\/p-an-am030-trainingsbroek-am030-17988\/grey-marl-17242\/","es":"\/es\/p-an-am030-pantalon-de-chandal-am030-17988\/grey-marl-17242\/","it":"\/it\/p-an-am030-pantalone-da-tuta-am030-17988\/grey-marl-17242\/","sv":"\/sv\/p-an-am030-traningsbyxor-am030-17988\/grey-marl-17242\/","pt":"\/pt\/p-an-am030-calca-de-moletom-am030-17988\/grey-marl-17242\/","da":"\/da\/p-an-am030-traeningsbukser-am030-17988\/grey-marl-17242\/","pl":"\/pl\/p-an-am030-spodnie-treningowe-am030-17988\/grey-marl-17242\/"},"page_links_customization":{"fr":"\/fr\/p-an-am030-pantalon-de-survetement-personnalisation-am030-17988\/grey-marl-17242\/custom\/","en":"\/en\/p-an-am030-personalization-track-pants-am030-17988\/grey-marl-17242\/custom\/","de":"\/de\/p-an-am030-sweathose-personalisierung-am030-17988\/grey-marl-17242\/custom\/","nl":"\/nl\/p-an-am030-pantaloon-aanpassing-am030-17988\/grey-marl-17242\/custom\/","es":"\/es\/p-an-am030-pantalon-de-chandal-personalizacion-am030-17988\/grey-marl-17242\/custom\/","it":"\/it\/p-an-am030-pantaloni-della-tuta-personalizzazione-am030-17988\/grey-marl-17242\/custom\/","sv":"\/sv\/p-an-am030-personalisera-barntights-am030-17988\/grey-marl-17242\/custom\/","pt":"\/pt\/p-an-am030-calca-de-moletom-personalizacao-am030-17988\/grey-marl-17242\/custom\/","da":"\/da\/p-an-am030-traeningsbukse-personliggorelse-am030-17988\/grey-marl-17242\/custom\/","pl":"\/pl\/p-an-am030-spodnie-trenerskie-personalizacja-am030-17988\/grey-marl-17242\/custom\/"}},{"id":17244,"name":"navy","class_ids":[2],"codes_hexa":["202a44"],"delai_24":false,"has_3d":false,"seuil_global":0,"stock_local":0,"stock_global":3248,"on_standby":false,"in_catalog":true,"images":{"miniature":["https:\/\/media.th4.com\/XNWxUx_1-oVslPif86H9bhJIbv9f8nzdgFHz_63A9Po\/pr:80\/aHR0cDovL21lZGlhMi5kZXNpZ25wYXJ0bmVyLmZyL2MvcC8xNzk4OC8xNzk4OC0xNzI0NC0xLmpwZw?v=1711532376","https:\/\/media.th4.com\/5oZjvM0VeEGdoFh7yYnhU-nKL51jijwxGRrvKMR6czo\/pr:80\/aHR0cDovL21lZGlhMi5kZXNpZ25wYXJ0bmVyLmZyL2MvcC8xNzk4OC8xNzk4OC0xNzI0NC0yLmpwZw?v=1711532377","https:\/\/media.th4.com\/gyzGFx_la_gZ5xW1VY1UQGvVqr4gJsXEKHWpGGC6hvs\/pr:80\/aHR0cDovL21lZGlhMi5kZXNpZ25wYXJ0bmVyLmZyL2MvcC8xNzk4OC8xNzk4OC0xNzI0NC00LmpwZw?v=1711532378"],"medium":["https:\/\/media.th4.com\/pjCBVfNvIIn-1kafJbe1NaqmcGIB2uKvxTewhe_eaFo\/pr:550x550\/aHR0cDovL21lZGlhMi5kZXNpZ25wYXJ0bmVyLmZyL2MvcC8xNzk4OC8xNzk4OC0xNzI0NC0xLmpwZw?v=1711532376","https:\/\/media.th4.com\/DvnFT5rPC84cSYAgL9sXyvebGef3yRVlmz_tZgGai5U\/pr:550x550\/aHR0cDovL21lZGlhMi5kZXNpZ25wYXJ0bmVyLmZyL2MvcC8xNzk4OC8xNzk4OC0xNzI0NC0yLmpwZw?v=1711532377","https:\/\/media.th4.com\/iK8D3K2pyflU5lsCIkrrcLdCWh8SGqYTT0wYLhfly_A\/pr:550x550\/aHR0cDovL21lZGlhMi5kZXNpZ25wYXJ0bmVyLmZyL2MvcC8xNzk4OC8xNzk4OC0xNzI0NC00LmpwZw?v=1711532378"],"medium_large":["https:\/\/media.th4.com\/XG44uVmKcFeMdUcMTX80Y0mPtNRe-Mp8pSONSRbJvHk\/pr:1000x1000\/aHR0cDovL21lZGlhMi5kZXNpZ25wYXJ0bmVyLmZyL2MvcC8xNzk4OC8xNzk4OC0xNzI0NC0xLmpwZw?v=1711532376","https:\/\/media.th4.com\/A_1bNbL5UFfZfZDm3g7yFK7N31BWSejbTl_ZOJh4ymQ\/pr:1000x1000\/aHR0cDovL21lZGlhMi5kZXNpZ25wYXJ0bmVyLmZyL2MvcC8xNzk4OC8xNzk4OC0xNzI0NC0yLmpwZw?v=1711532377","https:\/\/media.th4.com\/236fz7T9QT1MUKGURICrIx6NG09oDRDflSmCghfYONA\/pr:1000x1000\/aHR0cDovL21lZGlhMi5kZXNpZ25wYXJ0bmVyLmZyL2MvcC8xNzk4OC8xNzk4OC0xNzI0NC00LmpwZw?v=1711532378"],"large":["https:\/\/media.th4.com\/hMB3SQ-0YcAqTkUjOu0wJWHwHf9o_b7qEseMDB-0ijo\/pr:1920\/aHR0cDovL21lZGlhMi5kZXNpZ25wYXJ0bmVyLmZyL2MvcC8xNzk4OC8xNzk4OC0xNzI0NC0xLmpwZw?v=1711532376","https:\/\/media.th4.com\/1AErSNXMCi5YHj0coZPA99TwwHzzWKnSKq2PZT8RATc\/pr:1920\/aHR0cDovL21lZGlhMi5kZXNpZ25wYXJ0bmVyLmZyL2MvcC8xNzk4OC8xNzk4OC0xNzI0NC0yLmpwZw?v=1711532377","https:\/\/media.th4.com\/nv3BMJQOQQCfDJ0kduwXPItOGaiOJ9U_9XKtTNFwvos\/pr:1920\/aHR0cDovL21lZGlhMi5kZXNpZ25wYXJ0bmVyLmZyL2MvcC8xNzk4OC8xNzk4OC0xNzI0NC00LmpwZw?v=1711532378"],"opengraph":["https:\/\/media.th4.com\/fBlKeHQCwyudI0qMZohSxgX6roG8eoyQmM5H0hiGME8\/pr:1200x630\/aHR0cDovL21lZGlhMi5kZXNpZ25wYXJ0bmVyLmZyL2MvcC8xNzk4OC8xNzk4OC0xNzI0NC0xLmpwZw?v=1711532376","https:\/\/media.th4.com\/VTrCMoPKsmBcndbSVhLmvghpUHmxnc6YZci2C7vtdSk\/pr:1200x630\/aHR0cDovL21lZGlhMi5kZXNpZ25wYXJ0bmVyLmZyL2MvcC8xNzk4OC8xNzk4OC0xNzI0NC0yLmpwZw?v=1711532377","https:\/\/media.th4.com\/u4LzsO0CSfddKtmgE4hkipQCGidaQ_J7j7PbdpUEw9k\/pr:1200x630\/aHR0cDovL21lZGlhMi5kZXNpZ25wYXJ0bmVyLmZyL2MvcC8xNzk4OC8xNzk4OC0xNzI0NC00LmpwZw?v=1711532378"]},"images_customization":{"miniature":["https:\/\/media.th4.com\/XNWxUx_1-oVslPif86H9bhJIbv9f8nzdgFHz_63A9Po\/pr:80\/aHR0cDovL21lZGlhMi5kZXNpZ25wYXJ0bmVyLmZyL2MvcC8xNzk4OC8xNzk4OC0xNzI0NC0xLmpwZw?v=1711532376","https:\/\/media.th4.com\/5oZjvM0VeEGdoFh7yYnhU-nKL51jijwxGRrvKMR6czo\/pr:80\/aHR0cDovL21lZGlhMi5kZXNpZ25wYXJ0bmVyLmZyL2MvcC8xNzk4OC8xNzk4OC0xNzI0NC0yLmpwZw?v=1711532377","https:\/\/media.th4.com\/gyzGFx_la_gZ5xW1VY1UQGvVqr4gJsXEKHWpGGC6hvs\/pr:80\/aHR0cDovL21lZGlhMi5kZXNpZ25wYXJ0bmVyLmZyL2MvcC8xNzk4OC8xNzk4OC0xNzI0NC00LmpwZw?v=1711532378"],"medium":["https:\/\/media.th4.com\/pjCBVfNvIIn-1kafJbe1NaqmcGIB2uKvxTewhe_eaFo\/pr:550x550\/aHR0cDovL21lZGlhMi5kZXNpZ25wYXJ0bmVyLmZyL2MvcC8xNzk4OC8xNzk4OC0xNzI0NC0xLmpwZw?v=1711532376","https:\/\/media.th4.com\/DvnFT5rPC84cSYAgL9sXyvebGef3yRVlmz_tZgGai5U\/pr:550x550\/aHR0cDovL21lZGlhMi5kZXNpZ25wYXJ0bmVyLmZyL2MvcC8xNzk4OC8xNzk4OC0xNzI0NC0yLmpwZw?v=1711532377","https:\/\/media.th4.com\/iK8D3K2pyflU5lsCIkrrcLdCWh8SGqYTT0wYLhfly_A\/pr:550x550\/aHR0cDovL21lZGlhMi5kZXNpZ25wYXJ0bmVyLmZyL2MvcC8xNzk4OC8xNzk4OC0xNzI0NC00LmpwZw?v=1711532378"],"medium_large":["https:\/\/media.th4.com\/XG44uVmKcFeMdUcMTX80Y0mPtNRe-Mp8pSONSRbJvHk\/pr:1000x1000\/aHR0cDovL21lZGlhMi5kZXNpZ25wYXJ0bmVyLmZyL2MvcC8xNzk4OC8xNzk4OC0xNzI0NC0xLmpwZw?v=1711532376","https:\/\/media.th4.com\/A_1bNbL5UFfZfZDm3g7yFK7N31BWSejbTl_ZOJh4ymQ\/pr:1000x1000\/aHR0cDovL21lZGlhMi5kZXNpZ25wYXJ0bmVyLmZyL2MvcC8xNzk4OC8xNzk4OC0xNzI0NC0yLmpwZw?v=1711532377","https:\/\/media.th4.com\/236fz7T9QT1MUKGURICrIx6NG09oDRDflSmCghfYONA\/pr:1000x1000\/aHR0cDovL21lZGlhMi5kZXNpZ25wYXJ0bmVyLmZyL2MvcC8xNzk4OC8xNzk4OC0xNzI0NC00LmpwZw?v=1711532378"],"large":["https:\/\/media.th4.com\/hMB3SQ-0YcAqTkUjOu0wJWHwHf9o_b7qEseMDB-0ijo\/pr:1920\/aHR0cDovL21lZGlhMi5kZXNpZ25wYXJ0bmVyLmZyL2MvcC8xNzk4OC8xNzk4OC0xNzI0NC0xLmpwZw?v=1711532376","https:\/\/media.th4.com\/1AErSNXMCi5YHj0coZPA99TwwHzzWKnSKq2PZT8RATc\/pr:1920\/aHR0cDovL21lZGlhMi5kZXNpZ25wYXJ0bmVyLmZyL2MvcC8xNzk4OC8xNzk4OC0xNzI0NC0yLmpwZw?v=1711532377","https:\/\/media.th4.com\/nv3BMJQOQQCfDJ0kduwXPItOGaiOJ9U_9XKtTNFwvos\/pr:1920\/aHR0cDovL21lZGlhMi5kZXNpZ25wYXJ0bmVyLmZyL2MvcC8xNzk4OC8xNzk4OC0xNzI0NC00LmpwZw?v=1711532378"],"opengraph":["https:\/\/media.th4.com\/fBlKeHQCwyudI0qMZohSxgX6roG8eoyQmM5H0hiGME8\/pr:1200x630\/aHR0cDovL21lZGlhMi5kZXNpZ25wYXJ0bmVyLmZyL2MvcC8xNzk4OC8xNzk4OC0xNzI0NC0xLmpwZw?v=1711532376","https:\/\/media.th4.com\/VTrCMoPKsmBcndbSVhLmvghpUHmxnc6YZci2C7vtdSk\/pr:1200x630\/aHR0cDovL21lZGlhMi5kZXNpZ25wYXJ0bmVyLmZyL2MvcC8xNzk4OC8xNzk4OC0xNzI0NC0yLmpwZw?v=1711532377","https:\/\/media.th4.com\/u4LzsO0CSfddKtmgE4hkipQCGidaQ_J7j7PbdpUEw9k\/pr:1200x630\/aHR0cDovL21lZGlhMi5kZXNpZ25wYXJ0bmVyLmZyL2MvcC8xNzk4OC8xNzk4OC0xNzI0NC00LmpwZw?v=1711532378"]},"country_origin":"BD","traceability":{"manufacturing_country_id":null,"weaving_country_id":null,"dyeing_country_id":null},"sizes":[{"id":5,"article_id":452106,"class_id":2,"name":"XS","on_standby":false,"stock_local":0,"stock_global":194,"multiple":1,"estimated_date_reassort":null,"is_destocking":false},{"id":3,"article_id":452107,"class_id":3,"name":"S","on_standby":false,"stock_local":0,"stock_global":919,"multiple":1,"estimated_date_reassort":null,"is_destocking":false},{"id":2,"article_id":452108,"class_id":4,"name":"M","on_standby":false,"stock_local":0,"stock_global":768,"multiple":1,"estimated_date_reassort":null,"is_destocking":false},{"id":1,"article_id":452109,"class_id":5,"name":"L","on_standby":false,"stock_local":0,"stock_global":632,"multiple":1,"estimated_date_reassort":null,"is_destocking":false},{"id":4,"article_id":452110,"class_id":6,"name":"XL","on_standby":false,"stock_local":0,"stock_global":358,"multiple":1,"estimated_date_reassort":null,"is_destocking":false},{"id":1116,"article_id":452111,"class_id":7,"name":"2XL","on_standby":false,"stock_local":0,"stock_global":251,"multiple":1,"estimated_date_reassort":null,"is_destocking":false},{"id":1081,"article_id":452112,"class_id":8,"name":"3XL","on_standby":false,"stock_local":0,"stock_global":126,"multiple":1,"estimated_date_reassort":null,"is_destocking":false}],"page_links":{"fr":"\/fr\/p-an-am030-pantalon-de-survetement-am030-17988\/navy-17244\/","en":"\/en\/p-an-am030-anthm-track-pants-am030-17988\/navy-17244\/","de":"\/de\/p-an-am030-anthme-jogginghose-am030-17988\/navy-17244\/","nl":"\/nl\/p-an-am030-trainingsbroek-am030-17988\/navy-17244\/","es":"\/es\/p-an-am030-pantalon-de-chandal-am030-17988\/navy-17244\/","it":"\/it\/p-an-am030-pantalone-da-tuta-am030-17988\/navy-17244\/","sv":"\/sv\/p-an-am030-traningsbyxor-am030-17988\/navy-17244\/","pt":"\/pt\/p-an-am030-calca-de-moletom-am030-17988\/navy-17244\/","da":"\/da\/p-an-am030-traeningsbukser-am030-17988\/navy-17244\/","pl":"\/pl\/p-an-am030-spodnie-treningowe-am030-17988\/navy-17244\/"},"page_links_customization":{"fr":"\/fr\/p-an-am030-pantalon-de-survetement-personnalisation-am030-17988\/navy-17244\/custom\/","en":"\/en\/p-an-am030-personalization-track-pants-am030-17988\/navy-17244\/custom\/","de":"\/de\/p-an-am030-sweathose-personalisierung-am030-17988\/navy-17244\/custom\/","nl":"\/nl\/p-an-am030-pantaloon-aanpassing-am030-17988\/navy-17244\/custom\/","es":"\/es\/p-an-am030-pantalon-de-chandal-personalizacion-am030-17988\/navy-17244\/custom\/","it":"\/it\/p-an-am030-pantaloni-della-tuta-personalizzazione-am030-17988\/navy-17244\/custom\/","sv":"\/sv\/p-an-am030-personalisera-barntights-am030-17988\/navy-17244\/custom\/","pt":"\/pt\/p-an-am030-calca-de-moletom-personalizacao-am030-17988\/navy-17244\/custom\/","da":"\/da\/p-an-am030-traeningsbukse-personliggorelse-am030-17988\/navy-17244\/custom\/","pl":"\/pl\/p-an-am030-spodnie-trenerskie-personalizacja-am030-17988\/navy-17244\/custom\/"}},{"id":17237,"name":"black","class_ids":[4],"codes_hexa":["000000"],"delai_24":false,"has_3d":false,"seuil_global":0,"stock_local":0,"stock_global":2240,"on_standby":false,"in_catalog":true,"images":{"miniature":["https:\/\/media.th4.com\/Fc2KDfyd9o8khoKxl9LuUxNboKc1f7eLhO-nUpkiGug\/pr:80\/aHR0cDovL21lZGlhMi5kZXNpZ25wYXJ0bmVyLmZyL2MvcC8xNzk4OC8xNzk4OC0xNzIzNy0xLmpwZw?v=1711532375"],"medium":["https:\/\/media.th4.com\/MqoJXymQNULu2pRmJK-j6Ba2j6PHoDS5O6vSvmKCS8c\/pr:550x550\/aHR0cDovL21lZGlhMi5kZXNpZ25wYXJ0bmVyLmZyL2MvcC8xNzk4OC8xNzk4OC0xNzIzNy0xLmpwZw?v=1711532375"],"medium_large":["https:\/\/media.th4.com\/QiprH44WFpbvtHVM399hV37exXXXF4N1P5m_zdO0xio\/pr:1000x1000\/aHR0cDovL21lZGlhMi5kZXNpZ25wYXJ0bmVyLmZyL2MvcC8xNzk4OC8xNzk4OC0xNzIzNy0xLmpwZw?v=1711532375"],"large":["https:\/\/media.th4.com\/E_rN7k2nizBy3n61v8z-aoHR6a2mkjS9lnS9VaAnzls\/pr:1920\/aHR0cDovL21lZGlhMi5kZXNpZ25wYXJ0bmVyLmZyL2MvcC8xNzk4OC8xNzk4OC0xNzIzNy0xLmpwZw?v=1711532375"],"opengraph":["https:\/\/media.th4.com\/tRZIwjCHPoCPI4DgijsSBW5m5mLLDMcRzukB8L4tH0w\/pr:1200x630\/aHR0cDovL21lZGlhMi5kZXNpZ25wYXJ0bmVyLmZyL2MvcC8xNzk4OC8xNzk4OC0xNzIzNy0xLmpwZw?v=1711532375"]},"images_customization":{"miniature":["https:\/\/media.th4.com\/Fc2KDfyd9o8khoKxl9LuUxNboKc1f7eLhO-nUpkiGug\/pr:80\/aHR0cDovL21lZGlhMi5kZXNpZ25wYXJ0bmVyLmZyL2MvcC8xNzk4OC8xNzk4OC0xNzIzNy0xLmpwZw?v=1711532375"],"medium":["https:\/\/media.th4.com\/MqoJXymQNULu2pRmJK-j6Ba2j6PHoDS5O6vSvmKCS8c\/pr:550x550\/aHR0cDovL21lZGlhMi5kZXNpZ25wYXJ0bmVyLmZyL2MvcC8xNzk4OC8xNzk4OC0xNzIzNy0xLmpwZw?v=1711532375"],"medium_large":["https:\/\/media.th4.com\/QiprH44WFpbvtHVM399hV37exXXXF4N1P5m_zdO0xio\/pr:1000x1000\/aHR0cDovL21lZGlhMi5kZXNpZ25wYXJ0bmVyLmZyL2MvcC8xNzk4OC8xNzk4OC0xNzIzNy0xLmpwZw?v=1711532375"],"large":["https:\/\/media.th4.com\/E_rN7k2nizBy3n61v8z-aoHR6a2mkjS9lnS9VaAnzls\/pr:1920\/aHR0cDovL21lZGlhMi5kZXNpZ25wYXJ0bmVyLmZyL2MvcC8xNzk4OC8xNzk4OC0xNzIzNy0xLmpwZw?v=1711532375"],"opengraph":["https:\/\/media.th4.com\/tRZIwjCHPoCPI4DgijsSBW5m5mLLDMcRzukB8L4tH0w\/pr:1200x630\/aHR0cDovL21lZGlhMi5kZXNpZ25wYXJ0bmVyLmZyL2MvcC8xNzk4OC8xNzk4OC0xNzIzNy0xLmpwZw?v=1711532375"]},"country_origin":"BD","traceability":{"manufacturing_country_id":null,"weaving_country_id":null,"dyeing_country_id":null},"sizes":[{"id":5,"article_id":452092,"class_id":2,"name":"XS","on_standby":false,"stock_local":0,"stock_global":239,"multiple":1,"estimated_date_reassort":null,"is_destocking":false},{"id":3,"article_id":452093,"class_id":3,"name":"S","on_standby":false,"stock_local":0,"stock_global":802,"multiple":1,"estimated_date_reassort":null,"is_destocking":false},{"id":2,"article_id":452094,"class_id":4,"name":"M","on_standby":false,"stock_local":0,"stock_global":533,"multiple":1,"estimated_date_reassort":null,"is_destocking":false},{"id":1,"article_id":452095,"class_id":5,"name":"L","on_standby":false,"stock_local":0,"stock_global":262,"multiple":1,"estimated_date_reassort":null,"is_destocking":false},{"id":4,"article_id":452096,"class_id":6,"name":"XL","on_standby":false,"stock_local":0,"stock_global":206,"multiple":1,"estimated_date_reassort":null,"is_destocking":false},{"id":1116,"article_id":452097,"class_id":7,"name":"2XL","on_standby":false,"stock_local":0,"stock_global":141,"multiple":1,"estimated_date_reassort":null,"is_destocking":false},{"id":1081,"article_id":452098,"class_id":8,"name":"3XL","on_standby":false,"stock_local":0,"stock_global":57,"multiple":1,"estimated_date_reassort":null,"is_destocking":false}],"page_links":{"fr":"\/fr\/p-an-am030-pantalon-de-survetement-am030-17988\/black-17237\/","en":"\/en\/p-an-am030-anthm-track-pants-am030-17988\/black-17237\/","de":"\/de\/p-an-am030-anthme-jogginghose-am030-17988\/black-17237\/","nl":"\/nl\/p-an-am030-trainingsbroek-am030-17988\/black-17237\/","es":"\/es\/p-an-am030-pantalon-de-chandal-am030-17988\/black-17237\/","it":"\/it\/p-an-am030-pantalone-da-tuta-am030-17988\/black-17237\/","sv":"\/sv\/p-an-am030-traningsbyxor-am030-17988\/black-17237\/","pt":"\/pt\/p-an-am030-calca-de-moletom-am030-17988\/black-17237\/","da":"\/da\/p-an-am030-traeningsbukser-am030-17988\/black-17237\/","pl":"\/pl\/p-an-am030-spodnie-treningowe-am030-17988\/black-17237\/"},"page_links_customization":{"fr":"\/fr\/p-an-am030-pantalon-de-survetement-personnalisation-am030-17988\/black-17237\/custom\/","en":"\/en\/p-an-am030-personalization-track-pants-am030-17988\/black-17237\/custom\/","de":"\/de\/p-an-am030-sweathose-personalisierung-am030-17988\/black-17237\/custom\/","nl":"\/nl\/p-an-am030-pantaloon-aanpassing-am030-17988\/black-17237\/custom\/","es":"\/es\/p-an-am030-pantalon-de-chandal-personalizacion-am030-17988\/black-17237\/custom\/","it":"\/it\/p-an-am030-pantaloni-della-tuta-personalizzazione-am030-17988\/black-17237\/custom\/","sv":"\/sv\/p-an-am030-personalisera-barntights-am030-17988\/black-17237\/custom\/","pt":"\/pt\/p-an-am030-calca-de-moletom-personalizacao-am030-17988\/black-17237\/custom\/","da":"\/da\/p-an-am030-traeningsbukse-personliggorelse-am030-17988\/black-17237\/custom\/","pl":"\/pl\/p-an-am030-spodnie-trenerskie-personalizacja-am030-17988\/black-17237\/custom\/"}}],"documentation_link":"\/pdf\/17988.pdf","countries_availables":["AD","AE","AL","AT","BA","BD","BE","BG","BL","CA","CH","CN","CO","CY","CZ","DE","DK","DO","EE","EG","ES","ET","FI","FR","GB","GE","GF","GP","GR","GT","HK","HN","HR","HT","HU","ID","IE","IN","IS","IT","JO","JP","KE","KH","KP","KR","LA","LK","LS","LT","LU","LV","MA","MF","MG","MK","MM","MN","MQ","MT","MX","MY","NC","NI","NL","PF","PH","PK","PL","PM","PT","RE","RO","SE","SG","SI","SK","SV","SY","TH","TN","TR","TW","TZ","US","VN","WF","YT"]},"infos_customization":[],"features":{"authorize_multi_surfaces":true,"display_order_delay_type":true,"promote_surface_display":true,"tarification_franco_offert":true,"enabled_3d_editor":false},"markings":[{"id":0,"nom":"vierge","finition":null,"libelle":null,"code":null,"dpi":null,"finesse_forme_isolee":null,"finesse_forme_non_isolee":null,"hauteur_minimale_texte":null,"inactif":0,"marquage_interne":1,"quantite_min":null,"parent_id":null,"print_on_support":0,"content":"vierge","description":null},{"id":2,"nom":"fonce","finition":"optimale","libelle":"TopQuadri","code":null,"dpi":400,"finesse_forme_isolee":"0.040","finesse_forme_non_isolee":"0.700","hauteur_minimale_texte":2,"inactif":0,"marquage_interne":1,"quantite_min":null,"parent_id":18,"print_on_support":0,"content":"TopQuadri","description":"pour petites et moyennes s\u00e9ries"},{"id":3,"nom":"serigraphie","finition":"serigraphie","libelle":"SeriCoat","code":null,"dpi":400,"finesse_forme_isolee":"0.040","finesse_forme_non_isolee":"0.700","hauteur_minimale_texte":2,"inactif":0,"marquage_interne":1,"quantite_min":15,"parent_id":18,"print_on_support":0,"content":"SeriCoat","description":"pour moyennes et grandes s\u00e9ries"},{"id":4,"nom":"broderie","finition":"broderie","libelle":"Broderie","code":null,"dpi":400,"finesse_forme_isolee":"0.040","finesse_forme_non_isolee":"0.700","hauteur_minimale_texte":3,"inactif":0,"marquage_interne":1,"quantite_min":null,"parent_id":null,"print_on_support":0,"content":"Broderie","description":null},{"id":8,"nom":"theme","finition":null,"libelle":"Th\u00e8me","code":null,"dpi":null,"finesse_forme_isolee":null,"finesse_forme_non_isolee":null,"hauteur_minimale_texte":null,"inactif":0,"marquage_interne":1,"quantite_min":null,"parent_id":null,"print_on_support":0,"content":"Th\u00e8me","description":null},{"id":9,"nom":"sans","finition":null,"libelle":null,"code":null,"dpi":null,"finesse_forme_isolee":null,"finesse_forme_non_isolee":null,"hauteur_minimale_texte":null,"inactif":0,"marquage_interne":1,"quantite_min":null,"parent_id":null,"print_on_support":0,"content":"sans","description":null},{"id":10,"nom":"photo","finition":null,"libelle":"Photo","code":null,"dpi":null,"finesse_forme_isolee":null,"finesse_forme_non_isolee":null,"hauteur_minimale_texte":null,"inactif":0,"marquage_interne":1,"quantite_min":null,"parent_id":null,"print_on_support":0,"content":"Photo","description":null},{"id":14,"nom":"couleur","finition":null,"libelle":"Couleur","code":null,"dpi":null,"finesse_forme_isolee":null,"finesse_forme_non_isolee":null,"hauteur_minimale_texte":null,"inactif":0,"marquage_interne":1,"quantite_min":null,"parent_id":null,"print_on_support":0,"content":"Couleur","description":null},{"id":15,"nom":"sublimation","finition":"sublimation","libelle":"Sublimation","code":null,"dpi":null,"finesse_forme_isolee":"0.000","finesse_forme_non_isolee":"0.000","hauteur_minimale_texte":2,"inactif":0,"marquage_interne":1,"quantite_min":null,"parent_id":null,"print_on_support":0,"content":"Sublimation","description":null},{"id":16,"nom":"topquadri_uv","finition":null,"libelle":"TopQuadri UV","code":null,"dpi":null,"finesse_forme_isolee":"0.020","finesse_forme_non_isolee":"0.700","hauteur_minimale_texte":2,"inactif":0,"marquage_interne":1,"quantite_min":null,"parent_id":null,"print_on_support":1,"content":null,"description":null},{"id":17,"nom":"topquadri_uvp","finition":null,"libelle":"TopQuadri UVP","code":null,"dpi":null,"finesse_forme_isolee":"0.020","finesse_forme_non_isolee":"0.700","hauteur_minimale_texte":2,"inactif":0,"marquage_interne":1,"quantite_min":null,"parent_id":null,"print_on_support":1,"content":null,"description":null},{"id":18,"nom":"quadri","finition":null,"libelle":"Impression","code":null,"dpi":null,"finesse_forme_isolee":null,"finesse_forme_non_isolee":null,"hauteur_minimale_texte":null,"inactif":0,"marquage_interne":1,"quantite_min":null,"parent_id":null,"print_on_support":0,"content":null,"description":null}]}}