{"data":{"product":{"id":17870,"titre":"Bonnet en coton biologique avec \u00e9cusson","description":"Bonnet en tissu l\u00e9ger respirant, en tricot simple couche avec patch pr\u00e9vu pour faciliter la d\u00e9coration. Calotte \u00e0 pinces invisibles pour un maximum de confort et conception \u00e0 revers pour une d\u00e9coration optimale. \u00c9tiquette d\u00e9tachable. Composition : 100\u00a0% coton biologique.","genre":"","grammage":0,"conditionnement":144,"composition":"coton,coton_uniquement","reference":"be-b438n","reference_visible":"be-b438n","reference_fabricant":"B438N","ref_xor":"725899","in_catalog":true,"is_transfer":false,"is_service":false,"on_standby":false,"has_3d":false,"has_size_guide":false,"has_marking":true,"has_vierge":true,"is_cross_sellable":false,"id_picto":142,"filename_3d":null,"brand":{"id":4,"name":"Beechfield","logo":"logo-beechfield.png","image":"https:\/\/media.th4.com\/SEI4kEL_OeIUcCLPKN1V5d1v3IH0ba7ADGQcIfQN7YY\/pr:brand70x70\/aHR0cDovL21lZGlhMi5kZXNpZ25wYXJ0bmVyLmZyL2MvbS9sb2dvLWJlZWNoZmllbGQucG5n"},"price_infos":{"price_from":4.79,"quantity":600,"color":{"id":653,"name":"black"},"size":{"id":42,"name":"taille_unique"}},"price_infos_marking":{"price_from":11.02,"quantity":200,"color":{"id":653,"name":"black"},"size":{"id":42,"name":"taille_unique"},"marking":{"id":4,"name":""},"emplacement":"avant","surface_emplacement_id":6702,"surface":"80mm x 35mm"},"i18n":{"blank":{"title":{"fr":"Bonnet coton biologique BEECHFIELD b438n","en":"Organic cotton beanie BEECHFIELD b438n","de":"Bio-Baumwollm\u00fctze BEECHFIELD b438n","nl":"Biologische katoenen muts BEECHFIELD b438n","es":"Gorro de algod\u00f3n org\u00e1nico BEECHFIELD b438n","it":"Cappello in cotone biologico BEECHFIELD b438n","sv":"Biologisk bomullsbarrett BEECHFIELD b438n","pt":"Bon\u00e9 de algod\u00e3o org\u00e2nico BEECHFIELD b438n","da":"B\u00f8nne af biologisk bomuld BEECHFIELD b438n","pl":"Czapka bawe\u0142niana organiczna BEECHFIELD b438n"},"description":{"fr":"Ce bonnet est con\u00e7u en coton biologique, offrant une respirabilit\u00e9 appr\u00e9ciable. Sa structure en tricot simple couche assure un confort optimal. La calotte \u00e0 pinces invisibles contribue \u00e0 un port agr\u00e9able, tandis que la conception \u00e0 revers facilite la d\u00e9coration. L'\u00e9tiquette d\u00e9tachable permet une personnalisation ais\u00e9e. Ce bonnet est adapt\u00e9 \u00e0 diverses utilisations quotidiennes.\n\n- Composition : 100% coton biologique\n- Structure : Tricot simple couche\n- Calotte : Pinces invisibles\n- \u00c9tiquette : D\u00e9tachable","en":"This beanie is made of organic cotton, offering appreciable breathability. Its single-layer knit structure ensures optimal comfort. The invisible crown pleats contribute to a pleasant fit, while the reversible design facilitates decoration. The detachable label allows for easy customization. This beanie is suitable for various daily uses.\n\n- Composition : 100% organic cotton\n- Structure : Single-layer knit\n- Crown : Invisible pleats\n- Label : Detachable","de":"Diese M\u00fctze ist aus Bio-Baumwolle gefertigt und bietet eine angenehme Atmungsaktivit\u00e4t. Die Struktur aus einfacher Strickschicht sorgt f\u00fcr optimalen Tragekomfort. Die unsichtbaren Stege am Scheitel tragen zu einem angenehmen Tragen bei, w\u00e4hrend das Umklappdesign die Dekoration erleichtert. Das abnehmbare Etikett erm\u00f6glicht eine einfache Personalisierung. Diese M\u00fctze eignet sich f\u00fcr verschiedene t\u00e4gliche Verwendungen.\n\n- Zusammensetzung: 100% Bio-Baumwolle\n- Struktur: Einfache Strickschicht\n- Scheitel: Unsichtbare Stege\n- Etikett: Abnehmbar","nl":"Deze muts is gemaakt van biologische katoen, wat een aangename ademendheid biedt. De enkelvoudige laag tricotstructuur zorgt voor optimaal comfort. De onzichtbare naadjes aan de calotte dragen bij aan een aangenaam dragen, terwijl de omgekeerde constructie de decoratie vergemakkelijkt. Het afneembare etiquet maakt personalisatie eenvoudig. Deze muts is geschikt voor diverse dagelijkse toepassingen.\n\n- Samenstelling: 100% biologische katoen\n- Structuur: Enkelvoudige laag tricot\n- Calotte: Onzichtbare naadjes\n- Etiquet: Afneembaar","es":"Este gorro est\u00e1 dise\u00f1ado en algod\u00f3n org\u00e1nico, ofreciendo una respirabilidad apreciable. Su estructura de punto de una sola capa asegura un confort \u00f3ptimo. La copa con pliegues invisibles contribuye a un uso agradable, mientras que el dise\u00f1o reversible facilita la decoraci\u00f3n. La etiqueta desmontable permite una personalizaci\u00f3n f\u00e1cil. Este gorro es adecuado para diversos usos cotidianos.\n\n- Composici\u00f3n : 100% algod\u00f3n org\u00e1nico\n- Estructura : Punto de una sola capa\n- Copa : Pliegues invisibles\n- Etiqueta : Desmontable","it":"Questo cappello \u00e8 realizzato in cotone biologico, offrendo un'ottima traspirabilit\u00e0. La sua struttura in maglia a singolo strato garantisce un comfort ottimale. La calotta con pinces invisibili contribuisce a una vestibilit\u00e0 piacevole, mentre la concezione a rovescio facilita la decorazione. L'etichetta staccabile permette una personalizzazione facile. Questo cappello \u00e8 adatto a diverse utilit\u00e0 quotidiane.\n\n- Composizione: 100% cotone biologico\n- Struttura: Maglia a singolo strato\n- Calotta: Pinces invisibili\n- Etichetta: Staccabile","sv":"Denna barrett \u00e4r tillverkad av biologisk bomull, vilket ger en uppskattad andningsf\u00f6rm\u00e5ga. Dess enkeltr\u00e5dsstickstruktur s\u00e4kerst\u00e4ller optimal komfort. Den osynliga topp med falder bidrar till ett trevligt b\u00e4rande, medan den v\u00e4ndbara konstruktionen underl\u00e4ttar dekoration. Det avtagbara etiketten m\u00f6jligg\u00f6r enkel personlighet. Denna barrett \u00e4r l\u00e4mpad f\u00f6r olika dagliga anv\u00e4ndningar.\n\n- Sammans\u00e4ttning: 100% biologisk bomull\n- Struktur: Enkeltr\u00e5dsstick\n- Topp: Osynliga falder\n- Etikett: Avtagbar","pt":"Este bon\u00e9 \u00e9 feito de algod\u00e3o org\u00e2nico, oferecendo uma respirabilidade apreci\u00e1vel. Sua estrutura de malha de uma \u00fanica camada garante um conforto \u00f3timo. A ab\u00f3bada com pregas invis\u00edveis contribui para um uso agrad\u00e1vel, enquanto o design revers\u00edvel facilita a decora\u00e7\u00e3o. A etiqueta destac\u00e1vel permite uma personaliza\u00e7\u00e3o f\u00e1cil. Este bon\u00e9 \u00e9 adequado para diversas utiliza\u00e7\u00f5es di\u00e1rias.\n\n- Composi\u00e7\u00e3o: 100% algod\u00e3o org\u00e2nico\n- Estrutura: Malha de uma \u00fanica camada\n- Ab\u00f3bada: Pregas invis\u00edveis\n- Etiqueta: Remov\u00edvel","da":"Denne b\u00f8nne er fremstillet af biologisk bomuld, hvilket giver en behagelig \u00e5ndbarhed. Den enkeltlags strikstruktur sikrer optimal komfort. Den skjulte pinse i toppen bidrager til en behagelig pasform, mens reversdesignet g\u00f8r dekorering nem. Den fjerntagelige etiket sikrer nem personligg\u00f8relse. Denne b\u00f8nne er egnet til forskellige daglige brug.","pl":"Ta czapka jest wykonana z bawe\u0142ny organicznej, oferuj\u0105c mi\u0142\u0105 przewiewno\u015b\u0107. Jej jednopi\u0119trowa struktura tr\u00f3jdzielna zapewnia optymalny komfort. Niewidoczne skarpetki na czapce przyczyniaj\u0105 si\u0119 do przyjemnego noszenia, podczas gdy odwrotna konstrukcja u\u0142atwia dekoracj\u0119. Od\u0142\u0105czalna etykieta umo\u017cliwia \u0142atw\u0105 personalizacj\u0119. Ta czapka nadaje si\u0119 do r\u00f3\u017cnych codziennych zastosowa\u0144.\n\n- Sk\u0142ad: 100% bawe\u0142na organiczna\n- Struktura: Tricot jednopi\u0119trowe\n- Czapka: Skarpetki niewidoczne\n- Etykieta: Od\u0142\u0105czalna"},"h1":{"fr":"Bonnet coton biologique b438n","en":"Organic cotton beanie b438n","de":"Bio-Baumwollm\u00fctze b438n","nl":"Biologische katoenen muts b438n","es":"Gorro de algod\u00f3n org\u00e1nico b438n","it":"Cappello in cotone biologico b438n","sv":"Biologisk bomullsbarrett b438n","pt":"Bon\u00e9 de algod\u00e3o org\u00e2nico b438n","da":"B\u00f8nne af biologisk bomuld b438n","pl":"Czapka bawe\u0142niana organiczna b438n"},"meta_description":{"fr":"Bonnet en coton biologique respirant avec \u00e9cusson. Confortable et con\u00e7u pour une d\u00e9coration facile. D\u00e9couvrez le bonnet b438n.","en":"Breathable organic cotton beanie with badge. Comfortable and designed for easy decoration. Discover the beanie b438n.","de":"Atmungsaktive Bio-Baumwollm\u00fctze mit Wappenschild. Bequem und f\u00fcr einfache Dekoration gestaltet. Entdecken Sie die M\u00fctze b438n.","nl":"Ademende muts van biologische katoen met een wapenschild. Comfortabel en ontworpen voor gemakkelijke decoratie. Ontdek de muts b438n.","es":"Gorro de algod\u00f3n org\u00e1nico respirante con escudo. C\u00f3modo y dise\u00f1ado para una decoraci\u00f3n f\u00e1cil. Descubra el gorro b438n.","it":"Cappello in cotone biologico traspirante con stemma. Confortevole e progettato per una decorazione facile. Scopri il cappello b438n.","sv":"Andningsbar biologisk bomullsbarrett med emblem. Bekv\u00e4m och utformad f\u00f6r enkel dekoration. Uppt\u00e4ck barretten b438n.","pt":"Bon\u00e9 de algod\u00e3o org\u00e2nico respir\u00e1vel com escudo. Confort\u00e1vel e projetado para decora\u00e7\u00e3o f\u00e1cil. Descubra o bon\u00e9 b438n.","da":"\u00c5ndbar b\u00f8nne af biologisk bomuld med emblemet. Komfortabelt og designet til nem dekorering. Opdag b\u00f8nnen b438n.","pl":"Oddechowa czapka bawe\u0142niana organiczna z emblematem. Komfortowa i zaprojektowana w celu \u0142atwej dekoracji. Odkryj czapk\u0119 b438n."}},"custom":{"title":{"fr":"Bonnet en coton biologique BEECHFIELD b438n personnalisable","en":"Organic cotton beanie BEECHFIELD b438n customizable","de":"Biologisches Baumwollm\u00fctzchen BEECHFIELD b438n personalisierbar","nl":"Bonnekap in biologische katoen BEECHFIELD b438n aanpasbaar","es":"Gorro de algod\u00f3n org\u00e1nico BEECHFIELD b438n personalizable","it":"Cappello in cotone biologico BEECHFIELD b438n personalizzabile","sv":"B\u00f6nn i ekologisk bomull BEECHFIELD b438n anpassningsbar","pt":"Bon\u00e9 em algod\u00e3o org\u00e2nico BEECHFIELD b438n personaliz\u00e1vel","da":"B\u00e6redygtigt bomuldshue BEECHFIELD b438n personligg\u00f8relse","pl":"Czapka z organicznego bawe\u0142ny BEECHFIELD b438n do personalizacji"},"description":{"fr":"Ce bonnet en coton biologique offre un confort optimal gr\u00e2ce \u00e0 sa conception en tricot simple couche. Il est con\u00e7u pour faciliter la d\u00e9coration et la personnalisation, permettant l'ajout de logos, de visuels ou d'autres \u00e9l\u00e9ments graphiques. L'\u00e9tiquette d\u00e9tachable assure un confort suppl\u00e9mentaire. La calotte \u00e0 pinces invisibles assure un port confortable et discret. Ce bonnet est une solution id\u00e9ale pour les entreprises, les associations ou les \u00e9v\u00e9nements souhaitant afficher leur identit\u00e9 visuelle. Il est possible de personnaliser cet article selon vos besoins et vos envies. \n\n- Composition : 100% coton biologique.","en":"This organic cotton beanie offers optimal comfort thanks to its single-layer knit construction. It is designed to facilitate decoration and customization, allowing the addition of logos, visuals or other graphic elements. The detachable label provides additional comfort. The invisible pinched crown ensures a comfortable and discreet fit. This beanie is an ideal solution for companies, associations or events wishing to display their visual identity. It is possible to customize this item according to your needs and desires. \n\n- Composition: 100% organic cotton.","de":"Diese Baumwollm\u00fctzchen aus Bio-Baumwolle bietet optimalen Komfort dank der einfachen Strickkonstruktion. Sie ist f\u00fcr die Dekoration und Personalisierung konzipiert und erm\u00f6glicht die Hinzuf\u00fcgung von Logos, Bildern oder anderen grafischen Elementen. Das abnehmbare Etikett sorgt f\u00fcr zus\u00e4tzlichen Komfort. Die unsichtbaren Kappenstiche sorgen f\u00fcr einen bequemen und dezenten Sitz. Diese M\u00fctze ist eine ideale L\u00f6sung f\u00fcr Unternehmen, Vereine oder Veranstaltungen, die ihre visuelle Identit\u00e4t zeigen m\u00f6chten. Es ist m\u00f6glich, diesen Artikel nach Ihren Bed\u00fcrfnissen und W\u00fcnschen zu personalisieren. \n\n- Zusammensetzung: 100% Bio-Baumwolle.","nl":"Deze bonnekap in biologische katoen biedt optimaal comfort dankzij de eenlagige tricotconstructie. Hij is ontworpen voor gemakkelijke decoratie en aanpassing, waardoor logos, visuele elementen of andere grafische elementen kunnen worden toegevoegd. Het afneembare etiket zorgt voor extra comfort. De onzichtbare klempen aan de bovenzijde zorgen voor een comfortabel en discreet dragen. Deze bonnekap is een ideale oplossing voor bedrijven, verenigingen of evenementen die hun visuele identiteit willen tonen. Het is mogelijk om dit artikel aan te passen aan uw behoeften en wensen. \n\n- Samenstelling: 100% biologische katoen.","es":"Este gorro de algod\u00f3n org\u00e1nico ofrece un confort \u00f3ptimo gracias a su dise\u00f1o de punto de una sola capa. Est\u00e1 dise\u00f1ado para facilitar la decoraci\u00f3n y la personalizaci\u00f3n, permitiendo la adici\u00f3n de logos, dise\u00f1os o otros elementos gr\u00e1ficos. La etiqueta desmontable asegura un confort adicional. La copa con pliegues invisibles asegura un uso c\u00f3modo y discreto. Este gorro es una soluci\u00f3n ideal para empresas, asociaciones o eventos que deseen mostrar su identidad visual. Es posible personalizar este art\u00edculo seg\u00fan sus necesidades y deseos. \n\n- Composici\u00f3n: 100% algod\u00f3n org\u00e1nico.","it":"Questo cappello in cotone biologico offre un comfort ottimale grazie alla sua realizzazione in tricot semplice strato. \u00c8 progettato per facilitare la decorazione e la personalizzazione, permettendo l'aggiunta di loghi, visivi o altri elementi grafici. L'etichetta staccabile garantisce un comfort aggiuntivo. La calotta con pinces invisibili garantisce un'indossabilit\u00e0 confortevole e discreta. Questo cappello \u00e8 una soluzione ideale per le aziende, le associazioni o gli eventi che desiderano mostrare la loro identit\u00e0 visiva. \u00c8 possibile personalizzare questo articolo secondo le vostre esigenze e desideri. \n\n- Composizione: 100% cotone biologico.","sv":"Denna b\u00f6nn i ekologisk bomull erbjuder optimal komfort tack vare sin enkelskiktiga stickade konstruktion. Den \u00e4r utformad f\u00f6r att underl\u00e4tta dekorering och anpassning, vilket g\u00f6r det m\u00f6jligt att l\u00e4gga till logotyper, visuella element eller andra grafiska element. Den avtagbara etiketten s\u00e4kerst\u00e4ller ytterligare komfort. Den osynliga sp\u00e4nningskronan s\u00e4kerst\u00e4ller ett bekv\u00e4mt och diskret b\u00e4rande. Denna b\u00f6nn \u00e4r ett idealiskt alternativ f\u00f6r f\u00f6retag, f\u00f6reningar eller evenemang som vill visa sin visuella identitet. Det \u00e4r m\u00f6jligt att anpassa denna artikel efter era behov och \u00f6nskem\u00e5l. \n\n- Sammans\u00e4ttning: 100% ekologisk bomull.","pt":"Este bon\u00e9 em algod\u00e3o org\u00e2nico oferece conforto \u00f3timo gra\u00e7as \u00e0 sua concep\u00e7\u00e3o em tric\u00f4 de uma camada. \u00c9 concebido para facilitar a decora\u00e7\u00e3o e a personaliza\u00e7\u00e3o, permitindo a adi\u00e7\u00e3o de logotipos, visuais ou outros elementos gr\u00e1ficos. A etiqueta destac\u00e1vel assegura um conforto adicional. A ab\u00f3bada com alfinetes invis\u00edveis assegura um uso confort\u00e1vel e discreto. Este bon\u00e9 \u00e9 uma solu\u00e7\u00e3o ideal para as empresas, associa\u00e7\u00f5es ou eventos que desejam exibir sua identidade visual. \u00c9 poss\u00edvel personalizar este artigo conforme suas necessidades e desejos.\n\n- Composi\u00e7\u00e3o: 100% algod\u00e3o org\u00e2nico.","da":"Dette b\u00e6redygtige bomuldshue tilbyder optimal komfort takket v\u00e6re dens enkeltlagede strikdesign. Det er designet til at lette dekoration og personligg\u00f8relse, hvilket g\u00f8r det muligt at tilf\u00f8je logos, visuelle elementer eller andre grafiske elementer. Den afmonterbare etiket sikrer ekstra komfort. Den pinseformede top sikrer en behagelig og diskret b\u00e6ring. Dette hueb\u00e6rer er den ideelle l\u00f8sning for virksomheder, foreninger eller begivenheder, der \u00f8nsker at vise deres visuelle identitet. Det er muligt at personligg\u00f8re denne artikel efter dine behov og \u00f8nske. \n\n- Sammens\u00e6tning: 100% b\u00e6redygtig bomuld.","pl":"Ta czapka z organicznego bawe\u0142ny zapewnia optymalny komfort dzi\u0119ki swojej konstrukcji w jednowarstwowym trikocie. Jest zaprojektowana tak, aby u\u0142atwi\u0107 dekoracj\u0119 i personalizacj\u0119, umo\u017cliwiaj\u0105c dodanie log, wzor\u00f3w lub innych element\u00f3w graficznych. Detaszowalna etykieta zapewnia dodatkowy komfort. Nieznaczne skarpety kalotowe zapewniaj\u0105 komfortowe i dyskretne noszenie. Ta czapka jest idealnym rozwi\u0105zaniem dla firm, stowarzysze\u0144 lub wydarze\u0144, kt\u00f3re chc\u0105 wy\u015bwietli\u0107 swoj\u0105 to\u017csamo\u015b\u0107 wizualn\u0105. Mo\u017cna personalizowa\u0107 ten artyku\u0142 wed\u0142ug Twoich potrzeb i \u017cycze\u0144. \n\n- Sk\u0142ad: 100% organiczna bawe\u0142na."},"h1":{"fr":"Bonnet en coton biologique b438n personnalisation","en":"Organic cotton beanie b438n customization","de":"Biologisches Baumwollm\u00fctzchen b438n Personalisierung","nl":"Bonnekap in biologische katoen b438n aanpassing","es":"Gorro de algod\u00f3n org\u00e1nico b438n personalizaci\u00f3n","it":"Cappello in cotone biologico b438n personalizzazione","sv":"B\u00f6nn i ekologisk bomull b438n anpassning","pt":"Bon\u00e9 em algod\u00e3o org\u00e2nico b438n personaliza\u00e7\u00e3o","da":"B\u00e6redygtigt bomuldshue b438n personligg\u00f8relse","pl":"Czapka z organicznego bawe\u0142ny b438n personalizacja"},"meta_description":{"fr":"Bonnet en coton biologique l\u00e9ger et respirant. Id\u00e9al pour la personnalisation avec votre logo ou visuel. Confortable et d\u00e9corable.","en":"Light and breathable organic cotton beanie. Ideal for customization with your logo or visual. Comfortable and decorable.","de":"Leichtes und atmungsaktives biologisches Baumwollm\u00fctzchen. Ideal zur Personalisierung mit Ihrem Logo oder Bild. Bequem und dekorativ.","nl":"Lichte en ademende bonnekap in biologische katoen. Ideaal voor het personaliseren met uw logo of visueel. Comfortabel en decoratief.","es":"Gorro de algod\u00f3n org\u00e1nico ligero y transpirable. Ideal para la personalizaci\u00f3n con su logo o dise\u00f1o. C\u00f3modo y decorable.","it":"Cappello in cotone biologico leggero e traspirante. Ideale per la personalizzazione con il vostro logo o visivo. Confortevole e decorabile.","sv":"L\u00e4tt och andningsbar b\u00f6nn i ekologisk bomull. Idealisk f\u00f6r anpassning med ditt logotyp eller visuellt inneh\u00e5ll. Komfortabelt och dekorerbart.","pt":"Bon\u00e9 em algod\u00e3o org\u00e2nico leve e respir\u00e1vel. Ideal para personaliza\u00e7\u00e3o com seu logotipo ou visual. Confort\u00e1vel e decor\u00e1vel.","da":"Let og \u00e5ndbar b\u00e6redygtig bomuldshue. Ideel til personligg\u00f8relse med dit logo eller visuel. Komfortabel og dekorabel.","pl":"Lekka i wentylowana czapka z organicznego bawe\u0142ny. Idealna do personalizacji z Twoim logiem lub wzorem. Wygodna i dekoracyjna."}}},"categories":[{"id":510,"name":"Bonnets","singular":"Bonnet","is_feminin":false},{"id":354,"name":"Textile","singular":"Textile","is_feminin":false},{"id":501,"name":"Casquettes et bonnets","singular":"Casquette et bonnet","is_feminin":false}],"certifications":[{"id":10,"label":"O.C.S. 100","logo_link":"\/images\/certifications\/10_OCS_100.jpg","is_marking_compatible":true}],"videos":{"fr":[],"en":[],"de":[],"nl":[],"es":[],"it":[],"sv":[],"pt":[],"da":[],"pl":[]},"main_images":{"miniature":"https:\/\/media.th4.com\/jGaRkO7XkEqGHz18RfdYJrJDls1w7eqkt-JpGFSSY-M\/pr:80\/aHR0cDovL21lZGlhMi5kZXNpZ25wYXJ0bmVyLmZyL2MvcC1NVC8xNzg3MC5qcGc?v=1708358735","medium":"https:\/\/media.th4.com\/rcRsJHBEROsz9zyXzCNKfpaO4DlxqryYTY_dTykgDoY\/pr:550x550greybg\/aHR0cDovL21lZGlhMi5kZXNpZ25wYXJ0bmVyLmZyL2MvcC1NVC8xNzg3MC5qcGc?v=1708358735","medium_large":"https:\/\/media.th4.com\/742Kihv-l9HKt6ybJmZKpn8c_b8vUZmNMCnuqHXgD4c\/pr:1000x1000greybg\/aHR0cDovL21lZGlhMi5kZXNpZ25wYXJ0bmVyLmZyL2MvcC1NVC8xNzg3MC5qcGc?v=1708358735","large":"https:\/\/media.th4.com\/ZqhnNFdUJmFhMjKJrqH9TEEZBZplEY_zkytf587e3GM\/pr:1920greybg\/aHR0cDovL21lZGlhMi5kZXNpZ25wYXJ0bmVyLmZyL2MvcC1NVC8xNzg3MC5qcGc?v=1708358735","opengraph":"https:\/\/media.th4.com\/oHVVijVffLKiozrUFm11CkzAMqcy5t9tVBYwV0FX1L0\/pr:1200x630greybg\/aHR0cDovL21lZGlhMi5kZXNpZ25wYXJ0bmVyLmZyL2MvcC1NVC8xNzg3MC5qcGc?v=1708358735"},"main_images_customization":{"miniature":"https:\/\/media.th4.com\/jGaRkO7XkEqGHz18RfdYJrJDls1w7eqkt-JpGFSSY-M\/pr:80\/aHR0cDovL21lZGlhMi5kZXNpZ25wYXJ0bmVyLmZyL2MvcC1NVC8xNzg3MC5qcGc?v=1708358735","medium":"https:\/\/media.th4.com\/rcRsJHBEROsz9zyXzCNKfpaO4DlxqryYTY_dTykgDoY\/pr:550x550greybg\/aHR0cDovL21lZGlhMi5kZXNpZ25wYXJ0bmVyLmZyL2MvcC1NVC8xNzg3MC5qcGc?v=1708358735","medium_large":"https:\/\/media.th4.com\/742Kihv-l9HKt6ybJmZKpn8c_b8vUZmNMCnuqHXgD4c\/pr:1000x1000greybg\/aHR0cDovL21lZGlhMi5kZXNpZ25wYXJ0bmVyLmZyL2MvcC1NVC8xNzg3MC5qcGc?v=1708358735","large":"https:\/\/media.th4.com\/ZqhnNFdUJmFhMjKJrqH9TEEZBZplEY_zkytf587e3GM\/pr:1920greybg\/aHR0cDovL21lZGlhMi5kZXNpZ25wYXJ0bmVyLmZyL2MvcC1NVC8xNzg3MC5qcGc?v=1708358735","opengraph":"https:\/\/media.th4.com\/oHVVijVffLKiozrUFm11CkzAMqcy5t9tVBYwV0FX1L0\/pr:1200x630greybg\/aHR0cDovL21lZGlhMi5kZXNpZ25wYXJ0bmVyLmZyL2MvcC1NVC8xNzg3MC5qcGc?v=1708358735"},"page_links":{"fr":"\/fr\/p-be-b438n-bonnet-coton-biologique-b438n-17870\/","en":"\/en\/p-be-b438n-organic-cotton-beanie-b438n-17870\/","de":"\/de\/p-be-b438n-bio-baumwollmutze-b438n-17870\/","nl":"\/nl\/p-be-b438n-biologische-katoenen-muts-b438n-17870\/","es":"\/es\/p-be-b438n-gorro-de-algodon-organico-b438n-17870\/","it":"\/it\/p-be-b438n-cappello-in-cotone-biologico-b438n-17870\/","sv":"\/sv\/p-be-b438n-biologisk-bomullsbarrett-b438n-17870\/","pt":"\/pt\/p-be-b438n-bone-de-algodao-organico-b438n-17870\/","da":"\/da\/p-be-b438n-bonne-af-biologisk-bomuld-b438n-17870\/","pl":"\/pl\/p-be-b438n-czapka-bawelniana-organiczna-b438n-17870\/"},"page_links_customization":{"fr":"\/fr\/p-be-b438n-bonnet-en-coton-biologique-b438n-personnalisation-17870\/custom\/","en":"\/en\/p-be-b438n-organic-cotton-beanie-b438n-customization-17870\/custom\/","de":"\/de\/p-be-b438n-biologisches-baumwollmutzchen-b438n-personalisierung-17870\/custom\/","nl":"\/nl\/p-be-b438n-bonnekap-in-biologische-katoen-b438n-aanpassing-17870\/custom\/","es":"\/es\/p-be-b438n-gorro-de-algodon-organico-b438n-personalizacion-17870\/custom\/","it":"\/it\/p-be-b438n-cappello-in-cotone-biologico-b438n-personalizzazione-17870\/custom\/","sv":"\/sv\/p-be-b438n-bonn-i-ekologisk-bomull-b438n-anpassning-17870\/custom\/","pt":"\/pt\/p-be-b438n-bone-em-algodao-organico-b438n-personalizacao-17870\/custom\/","da":"\/da\/p-be-b438n-baeredygtigt-bomuldshue-b438n-personliggorelse-17870\/custom\/","pl":"\/pl\/p-be-b438n-czapka-z-organicznego-bawelny-b438n-personalizacja-17870\/custom\/"},"equivalent_products":[],"colors":[{"id":653,"name":"black","class_ids":[4],"codes_hexa":["1a1a18"],"delai_24":false,"has_3d":false,"seuil_global":0,"stock_local":0,"stock_global":706,"on_standby":false,"in_catalog":true,"images":{"miniature":["https:\/\/media.th4.com\/tDeLK78sA0KuG49B9nqq1SR4LTNcjFjJYAexXg5hZ2A\/pr:80\/aHR0cDovL21lZGlhMi5kZXNpZ25wYXJ0bmVyLmZyL2MvcC8xNzg3MC8xNzg3MC02NTMtMS5qcGc?v=1708358358"],"medium":["https:\/\/media.th4.com\/vBQnufMyExtBH1yxzouW648V4UXxnileESHMTMKibbQ\/pr:550x550\/aHR0cDovL21lZGlhMi5kZXNpZ25wYXJ0bmVyLmZyL2MvcC8xNzg3MC8xNzg3MC02NTMtMS5qcGc?v=1708358358"],"medium_large":["https:\/\/media.th4.com\/UsXQlU6Ui7afGSEjHT3rL7jLUjq7C9ZQEJsR7lZ2YZk\/pr:1000x1000\/aHR0cDovL21lZGlhMi5kZXNpZ25wYXJ0bmVyLmZyL2MvcC8xNzg3MC8xNzg3MC02NTMtMS5qcGc?v=1708358358"],"large":["https:\/\/media.th4.com\/U-7uoiwHYvUdv0p4Ts8nAf2vqWR64HZeUvHYVvZ9M4c\/pr:1920\/aHR0cDovL21lZGlhMi5kZXNpZ25wYXJ0bmVyLmZyL2MvcC8xNzg3MC8xNzg3MC02NTMtMS5qcGc?v=1708358358"],"opengraph":["https:\/\/media.th4.com\/UiwDnFyP5bolIlkEW2MDL4oyN-BC-SLHW6zwINGW408\/pr:1200x630\/aHR0cDovL21lZGlhMi5kZXNpZ25wYXJ0bmVyLmZyL2MvcC8xNzg3MC8xNzg3MC02NTMtMS5qcGc?v=1708358358"]},"images_customization":{"miniature":["https:\/\/media.th4.com\/tDeLK78sA0KuG49B9nqq1SR4LTNcjFjJYAexXg5hZ2A\/pr:80\/aHR0cDovL21lZGlhMi5kZXNpZ25wYXJ0bmVyLmZyL2MvcC8xNzg3MC8xNzg3MC02NTMtMS5qcGc?v=1708358358"],"medium":["https:\/\/media.th4.com\/vBQnufMyExtBH1yxzouW648V4UXxnileESHMTMKibbQ\/pr:550x550\/aHR0cDovL21lZGlhMi5kZXNpZ25wYXJ0bmVyLmZyL2MvcC8xNzg3MC8xNzg3MC02NTMtMS5qcGc?v=1708358358"],"medium_large":["https:\/\/media.th4.com\/UsXQlU6Ui7afGSEjHT3rL7jLUjq7C9ZQEJsR7lZ2YZk\/pr:1000x1000\/aHR0cDovL21lZGlhMi5kZXNpZ25wYXJ0bmVyLmZyL2MvcC8xNzg3MC8xNzg3MC02NTMtMS5qcGc?v=1708358358"],"large":["https:\/\/media.th4.com\/U-7uoiwHYvUdv0p4Ts8nAf2vqWR64HZeUvHYVvZ9M4c\/pr:1920\/aHR0cDovL21lZGlhMi5kZXNpZ25wYXJ0bmVyLmZyL2MvcC8xNzg3MC8xNzg3MC02NTMtMS5qcGc?v=1708358358"],"opengraph":["https:\/\/media.th4.com\/UiwDnFyP5bolIlkEW2MDL4oyN-BC-SLHW6zwINGW408\/pr:1200x630\/aHR0cDovL21lZGlhMi5kZXNpZ25wYXJ0bmVyLmZyL2MvcC8xNzg3MC8xNzg3MC02NTMtMS5qcGc?v=1708358358"]},"country_origin":"CN","traceability":{"manufacturing_country_id":61,"weaving_country_id":61,"dyeing_country_id":61},"sizes":[{"id":42,"article_id":448907,"class_id":19,"name":"taille_unique","on_standby":false,"stock_local":0,"stock_global":706,"multiple":1,"estimated_date_reassort":null,"is_destocking":false}],"page_links":{"fr":"\/fr\/p-be-b438n-bonnet-coton-biologique-b438n-17870\/black-653\/","en":"\/en\/p-be-b438n-organic-cotton-beanie-b438n-17870\/black-653\/","de":"\/de\/p-be-b438n-bio-baumwollmutze-b438n-17870\/black-653\/","nl":"\/nl\/p-be-b438n-biologische-katoenen-muts-b438n-17870\/black-653\/","es":"\/es\/p-be-b438n-gorro-de-algodon-organico-b438n-17870\/black-653\/","it":"\/it\/p-be-b438n-cappello-in-cotone-biologico-b438n-17870\/black-653\/","sv":"\/sv\/p-be-b438n-biologisk-bomullsbarrett-b438n-17870\/black-653\/","pt":"\/pt\/p-be-b438n-bone-de-algodao-organico-b438n-17870\/black-653\/","da":"\/da\/p-be-b438n-bonne-af-biologisk-bomuld-b438n-17870\/black-653\/","pl":"\/pl\/p-be-b438n-czapka-bawelniana-organiczna-b438n-17870\/black-653\/"},"page_links_customization":{"fr":"\/fr\/p-be-b438n-bonnet-en-coton-biologique-b438n-personnalisation-17870\/black-653\/custom\/","en":"\/en\/p-be-b438n-organic-cotton-beanie-b438n-customization-17870\/black-653\/custom\/","de":"\/de\/p-be-b438n-biologisches-baumwollmutzchen-b438n-personalisierung-17870\/black-653\/custom\/","nl":"\/nl\/p-be-b438n-bonnekap-in-biologische-katoen-b438n-aanpassing-17870\/black-653\/custom\/","es":"\/es\/p-be-b438n-gorro-de-algodon-organico-b438n-personalizacion-17870\/black-653\/custom\/","it":"\/it\/p-be-b438n-cappello-in-cotone-biologico-b438n-personalizzazione-17870\/black-653\/custom\/","sv":"\/sv\/p-be-b438n-bonn-i-ekologisk-bomull-b438n-anpassning-17870\/black-653\/custom\/","pt":"\/pt\/p-be-b438n-bone-em-algodao-organico-b438n-personalizacao-17870\/black-653\/custom\/","da":"\/da\/p-be-b438n-baeredygtigt-bomuldshue-b438n-personliggorelse-17870\/black-653\/custom\/","pl":"\/pl\/p-be-b438n-czapka-z-organicznego-bawelny-b438n-personalizacja-17870\/black-653\/custom\/"}},{"id":14255,"name":"oxford_navy","class_ids":[2],"codes_hexa":["262a4f"],"delai_24":false,"has_3d":false,"seuil_global":0,"stock_local":0,"stock_global":597,"on_standby":false,"in_catalog":true,"images":{"miniature":["https:\/\/media.th4.com\/b3iZgMFviA4jjSFyOEgYXELBR4AGVbSapYTEdl1iByM\/pr:80\/aHR0cDovL21lZGlhMi5kZXNpZ25wYXJ0bmVyLmZyL2MvcC8xNzg3MC8xNzg3MC0xNDI1NS0xLmpwZw?v=1708358359"],"medium":["https:\/\/media.th4.com\/iCSvQt4-HetA057tgepaFlwgUMpe7FDBrU81aON-N6o\/pr:550x550\/aHR0cDovL21lZGlhMi5kZXNpZ25wYXJ0bmVyLmZyL2MvcC8xNzg3MC8xNzg3MC0xNDI1NS0xLmpwZw?v=1708358359"],"medium_large":["https:\/\/media.th4.com\/Oz79TCIA08G-yDlrCe7a-3ooz5g9Hqf_MCWLfP7bsTY\/pr:1000x1000\/aHR0cDovL21lZGlhMi5kZXNpZ25wYXJ0bmVyLmZyL2MvcC8xNzg3MC8xNzg3MC0xNDI1NS0xLmpwZw?v=1708358359"],"large":["https:\/\/media.th4.com\/hT415SH_ENvZAi9VI5yNsrj1bEivtotOrWLFNF_0SAY\/pr:1920\/aHR0cDovL21lZGlhMi5kZXNpZ25wYXJ0bmVyLmZyL2MvcC8xNzg3MC8xNzg3MC0xNDI1NS0xLmpwZw?v=1708358359"],"opengraph":["https:\/\/media.th4.com\/YuOl9BA1v7bBytLf5OErvvQwb7WrjvKjWW1bSgad7Sg\/pr:1200x630\/aHR0cDovL21lZGlhMi5kZXNpZ25wYXJ0bmVyLmZyL2MvcC8xNzg3MC8xNzg3MC0xNDI1NS0xLmpwZw?v=1708358359"]},"images_customization":{"miniature":["https:\/\/media.th4.com\/b3iZgMFviA4jjSFyOEgYXELBR4AGVbSapYTEdl1iByM\/pr:80\/aHR0cDovL21lZGlhMi5kZXNpZ25wYXJ0bmVyLmZyL2MvcC8xNzg3MC8xNzg3MC0xNDI1NS0xLmpwZw?v=1708358359"],"medium":["https:\/\/media.th4.com\/iCSvQt4-HetA057tgepaFlwgUMpe7FDBrU81aON-N6o\/pr:550x550\/aHR0cDovL21lZGlhMi5kZXNpZ25wYXJ0bmVyLmZyL2MvcC8xNzg3MC8xNzg3MC0xNDI1NS0xLmpwZw?v=1708358359"],"medium_large":["https:\/\/media.th4.com\/Oz79TCIA08G-yDlrCe7a-3ooz5g9Hqf_MCWLfP7bsTY\/pr:1000x1000\/aHR0cDovL21lZGlhMi5kZXNpZ25wYXJ0bmVyLmZyL2MvcC8xNzg3MC8xNzg3MC0xNDI1NS0xLmpwZw?v=1708358359"],"large":["https:\/\/media.th4.com\/hT415SH_ENvZAi9VI5yNsrj1bEivtotOrWLFNF_0SAY\/pr:1920\/aHR0cDovL21lZGlhMi5kZXNpZ25wYXJ0bmVyLmZyL2MvcC8xNzg3MC8xNzg3MC0xNDI1NS0xLmpwZw?v=1708358359"],"opengraph":["https:\/\/media.th4.com\/YuOl9BA1v7bBytLf5OErvvQwb7WrjvKjWW1bSgad7Sg\/pr:1200x630\/aHR0cDovL21lZGlhMi5kZXNpZ25wYXJ0bmVyLmZyL2MvcC8xNzg3MC8xNzg3MC0xNDI1NS0xLmpwZw?v=1708358359"]},"country_origin":"CN","traceability":{"manufacturing_country_id":61,"weaving_country_id":61,"dyeing_country_id":61},"sizes":[{"id":42,"article_id":448909,"class_id":19,"name":"taille_unique","on_standby":false,"stock_local":0,"stock_global":597,"multiple":1,"estimated_date_reassort":null,"is_destocking":false}],"page_links":{"fr":"\/fr\/p-be-b438n-bonnet-coton-biologique-b438n-17870\/oxford-navy-14255\/","en":"\/en\/p-be-b438n-organic-cotton-beanie-b438n-17870\/oxford-navy-14255\/","de":"\/de\/p-be-b438n-bio-baumwollmutze-b438n-17870\/oxford-navy-14255\/","nl":"\/nl\/p-be-b438n-biologische-katoenen-muts-b438n-17870\/oxford-navy-14255\/","es":"\/es\/p-be-b438n-gorro-de-algodon-organico-b438n-17870\/oxford-navy-14255\/","it":"\/it\/p-be-b438n-cappello-in-cotone-biologico-b438n-17870\/oxford-navy-14255\/","sv":"\/sv\/p-be-b438n-biologisk-bomullsbarrett-b438n-17870\/oxford-navy-14255\/","pt":"\/pt\/p-be-b438n-bone-de-algodao-organico-b438n-17870\/oxford-navy-14255\/","da":"\/da\/p-be-b438n-bonne-af-biologisk-bomuld-b438n-17870\/oxford-navy-14255\/","pl":"\/pl\/p-be-b438n-czapka-bawelniana-organiczna-b438n-17870\/oxford-navy-14255\/"},"page_links_customization":{"fr":"\/fr\/p-be-b438n-bonnet-en-coton-biologique-b438n-personnalisation-17870\/oxford-navy-14255\/custom\/","en":"\/en\/p-be-b438n-organic-cotton-beanie-b438n-customization-17870\/oxford-navy-14255\/custom\/","de":"\/de\/p-be-b438n-biologisches-baumwollmutzchen-b438n-personalisierung-17870\/oxford-navy-14255\/custom\/","nl":"\/nl\/p-be-b438n-bonnekap-in-biologische-katoen-b438n-aanpassing-17870\/oxford-navy-14255\/custom\/","es":"\/es\/p-be-b438n-gorro-de-algodon-organico-b438n-personalizacion-17870\/oxford-navy-14255\/custom\/","it":"\/it\/p-be-b438n-cappello-in-cotone-biologico-b438n-personalizzazione-17870\/oxford-navy-14255\/custom\/","sv":"\/sv\/p-be-b438n-bonn-i-ekologisk-bomull-b438n-anpassning-17870\/oxford-navy-14255\/custom\/","pt":"\/pt\/p-be-b438n-bone-em-algodao-organico-b438n-personalizacao-17870\/oxford-navy-14255\/custom\/","da":"\/da\/p-be-b438n-baeredygtigt-bomuldshue-b438n-personliggorelse-17870\/oxford-navy-14255\/custom\/","pl":"\/pl\/p-be-b438n-czapka-z-organicznego-bawelny-b438n-personalizacja-17870\/oxford-navy-14255\/custom\/"}},{"id":758,"name":"graphite grey","class_ids":[3],"codes_hexa":["5e5e5c"],"delai_24":false,"has_3d":false,"seuil_global":0,"stock_local":0,"stock_global":474,"on_standby":false,"in_catalog":true,"images":{"miniature":["https:\/\/media.th4.com\/j388qCIouwsqQNNN7X3WEX1j_UAWDeEWyEA9xizgEZ8\/pr:80\/aHR0cDovL21lZGlhMi5kZXNpZ25wYXJ0bmVyLmZyL2MvcC8xNzg3MC8xNzg3MC03NTgtMS5qcGc?v=1708358359"],"medium":["https:\/\/media.th4.com\/LUU5HfxRkNYciNIylu9Fa6aj6p07p0hsSNn26RUZfzI\/pr:550x550\/aHR0cDovL21lZGlhMi5kZXNpZ25wYXJ0bmVyLmZyL2MvcC8xNzg3MC8xNzg3MC03NTgtMS5qcGc?v=1708358359"],"medium_large":["https:\/\/media.th4.com\/JShmy0NTn9d8h4FOFLsReyb-K0bBDDE3Df-J52OoXVU\/pr:1000x1000\/aHR0cDovL21lZGlhMi5kZXNpZ25wYXJ0bmVyLmZyL2MvcC8xNzg3MC8xNzg3MC03NTgtMS5qcGc?v=1708358359"],"large":["https:\/\/media.th4.com\/NDCLzB1-RiojwwQN8JGT06XSAs3S59KeKI8jBcXftOw\/pr:1920\/aHR0cDovL21lZGlhMi5kZXNpZ25wYXJ0bmVyLmZyL2MvcC8xNzg3MC8xNzg3MC03NTgtMS5qcGc?v=1708358359"],"opengraph":["https:\/\/media.th4.com\/XSLQET7wRYdbeTUrARnU_LWmW9r6cJWp2NbcgJiKry4\/pr:1200x630\/aHR0cDovL21lZGlhMi5kZXNpZ25wYXJ0bmVyLmZyL2MvcC8xNzg3MC8xNzg3MC03NTgtMS5qcGc?v=1708358359"]},"images_customization":{"miniature":["https:\/\/media.th4.com\/j388qCIouwsqQNNN7X3WEX1j_UAWDeEWyEA9xizgEZ8\/pr:80\/aHR0cDovL21lZGlhMi5kZXNpZ25wYXJ0bmVyLmZyL2MvcC8xNzg3MC8xNzg3MC03NTgtMS5qcGc?v=1708358359"],"medium":["https:\/\/media.th4.com\/LUU5HfxRkNYciNIylu9Fa6aj6p07p0hsSNn26RUZfzI\/pr:550x550\/aHR0cDovL21lZGlhMi5kZXNpZ25wYXJ0bmVyLmZyL2MvcC8xNzg3MC8xNzg3MC03NTgtMS5qcGc?v=1708358359"],"medium_large":["https:\/\/media.th4.com\/JShmy0NTn9d8h4FOFLsReyb-K0bBDDE3Df-J52OoXVU\/pr:1000x1000\/aHR0cDovL21lZGlhMi5kZXNpZ25wYXJ0bmVyLmZyL2MvcC8xNzg3MC8xNzg3MC03NTgtMS5qcGc?v=1708358359"],"large":["https:\/\/media.th4.com\/NDCLzB1-RiojwwQN8JGT06XSAs3S59KeKI8jBcXftOw\/pr:1920\/aHR0cDovL21lZGlhMi5kZXNpZ25wYXJ0bmVyLmZyL2MvcC8xNzg3MC8xNzg3MC03NTgtMS5qcGc?v=1708358359"],"opengraph":["https:\/\/media.th4.com\/XSLQET7wRYdbeTUrARnU_LWmW9r6cJWp2NbcgJiKry4\/pr:1200x630\/aHR0cDovL21lZGlhMi5kZXNpZ25wYXJ0bmVyLmZyL2MvcC8xNzg3MC8xNzg3MC03NTgtMS5qcGc?v=1708358359"]},"country_origin":"CN","traceability":{"manufacturing_country_id":61,"weaving_country_id":61,"dyeing_country_id":61},"sizes":[{"id":42,"article_id":448908,"class_id":19,"name":"taille_unique","on_standby":false,"stock_local":0,"stock_global":474,"multiple":1,"estimated_date_reassort":null,"is_destocking":false}],"page_links":{"fr":"\/fr\/p-be-b438n-bonnet-coton-biologique-b438n-17870\/graphite-grey-758\/","en":"\/en\/p-be-b438n-organic-cotton-beanie-b438n-17870\/graphite-grey-758\/","de":"\/de\/p-be-b438n-bio-baumwollmutze-b438n-17870\/graphite-grey-758\/","nl":"\/nl\/p-be-b438n-biologische-katoenen-muts-b438n-17870\/graphite-grey-758\/","es":"\/es\/p-be-b438n-gorro-de-algodon-organico-b438n-17870\/graphite-grey-758\/","it":"\/it\/p-be-b438n-cappello-in-cotone-biologico-b438n-17870\/graphite-grey-758\/","sv":"\/sv\/p-be-b438n-biologisk-bomullsbarrett-b438n-17870\/graphite-grey-758\/","pt":"\/pt\/p-be-b438n-bone-de-algodao-organico-b438n-17870\/graphite-grey-758\/","da":"\/da\/p-be-b438n-bonne-af-biologisk-bomuld-b438n-17870\/graphite-grey-758\/","pl":"\/pl\/p-be-b438n-czapka-bawelniana-organiczna-b438n-17870\/graphite-grey-758\/"},"page_links_customization":{"fr":"\/fr\/p-be-b438n-bonnet-en-coton-biologique-b438n-personnalisation-17870\/graphite-grey-758\/custom\/","en":"\/en\/p-be-b438n-organic-cotton-beanie-b438n-customization-17870\/graphite-grey-758\/custom\/","de":"\/de\/p-be-b438n-biologisches-baumwollmutzchen-b438n-personalisierung-17870\/graphite-grey-758\/custom\/","nl":"\/nl\/p-be-b438n-bonnekap-in-biologische-katoen-b438n-aanpassing-17870\/graphite-grey-758\/custom\/","es":"\/es\/p-be-b438n-gorro-de-algodon-organico-b438n-personalizacion-17870\/graphite-grey-758\/custom\/","it":"\/it\/p-be-b438n-cappello-in-cotone-biologico-b438n-personalizzazione-17870\/graphite-grey-758\/custom\/","sv":"\/sv\/p-be-b438n-bonn-i-ekologisk-bomull-b438n-anpassning-17870\/graphite-grey-758\/custom\/","pt":"\/pt\/p-be-b438n-bone-em-algodao-organico-b438n-personalizacao-17870\/graphite-grey-758\/custom\/","da":"\/da\/p-be-b438n-baeredygtigt-bomuldshue-b438n-personliggorelse-17870\/graphite-grey-758\/custom\/","pl":"\/pl\/p-be-b438n-czapka-z-organicznego-bawelny-b438n-personalizacja-17870\/graphite-grey-758\/custom\/"}},{"id":152,"name":"sand","class_ids":[8],"codes_hexa":["EBDEC9"],"delai_24":false,"has_3d":false,"seuil_global":0,"stock_local":0,"stock_global":129,"on_standby":false,"in_catalog":true,"images":{"miniature":["https:\/\/media.th4.com\/-2OqBbRl4J3JT2brCmypORxUFEFST3KZIGXohPmszao\/pr:80\/aHR0cDovL21lZGlhMi5kZXNpZ25wYXJ0bmVyLmZyL2MvcC8xNzg3MC8xNzg3MC0xNTItMS5qcGc?v=1708358360"],"medium":["https:\/\/media.th4.com\/AUWRJNthhvMkmMno316b6V0-KpERmD5plHhI1A-n7jE\/pr:550x550\/aHR0cDovL21lZGlhMi5kZXNpZ25wYXJ0bmVyLmZyL2MvcC8xNzg3MC8xNzg3MC0xNTItMS5qcGc?v=1708358360"],"medium_large":["https:\/\/media.th4.com\/DKKnN1TcVwObGKamDuDUO29wUmaVx1O60J4S6qN-iKM\/pr:1000x1000\/aHR0cDovL21lZGlhMi5kZXNpZ25wYXJ0bmVyLmZyL2MvcC8xNzg3MC8xNzg3MC0xNTItMS5qcGc?v=1708358360"],"large":["https:\/\/media.th4.com\/vgERuhV8nVH6nPs0VrlOB-qMtIOE4oEtxMkD9stWRwY\/pr:1920\/aHR0cDovL21lZGlhMi5kZXNpZ25wYXJ0bmVyLmZyL2MvcC8xNzg3MC8xNzg3MC0xNTItMS5qcGc?v=1708358360"],"opengraph":["https:\/\/media.th4.com\/cyW9xcThgBvxLhAgLiQe2ct08hQc-RidkOgLFrpzwgU\/pr:1200x630\/aHR0cDovL21lZGlhMi5kZXNpZ25wYXJ0bmVyLmZyL2MvcC8xNzg3MC8xNzg3MC0xNTItMS5qcGc?v=1708358360"]},"images_customization":{"miniature":["https:\/\/media.th4.com\/-2OqBbRl4J3JT2brCmypORxUFEFST3KZIGXohPmszao\/pr:80\/aHR0cDovL21lZGlhMi5kZXNpZ25wYXJ0bmVyLmZyL2MvcC8xNzg3MC8xNzg3MC0xNTItMS5qcGc?v=1708358360"],"medium":["https:\/\/media.th4.com\/AUWRJNthhvMkmMno316b6V0-KpERmD5plHhI1A-n7jE\/pr:550x550\/aHR0cDovL21lZGlhMi5kZXNpZ25wYXJ0bmVyLmZyL2MvcC8xNzg3MC8xNzg3MC0xNTItMS5qcGc?v=1708358360"],"medium_large":["https:\/\/media.th4.com\/DKKnN1TcVwObGKamDuDUO29wUmaVx1O60J4S6qN-iKM\/pr:1000x1000\/aHR0cDovL21lZGlhMi5kZXNpZ25wYXJ0bmVyLmZyL2MvcC8xNzg3MC8xNzg3MC0xNTItMS5qcGc?v=1708358360"],"large":["https:\/\/media.th4.com\/vgERuhV8nVH6nPs0VrlOB-qMtIOE4oEtxMkD9stWRwY\/pr:1920\/aHR0cDovL21lZGlhMi5kZXNpZ25wYXJ0bmVyLmZyL2MvcC8xNzg3MC8xNzg3MC0xNTItMS5qcGc?v=1708358360"],"opengraph":["https:\/\/media.th4.com\/cyW9xcThgBvxLhAgLiQe2ct08hQc-RidkOgLFrpzwgU\/pr:1200x630\/aHR0cDovL21lZGlhMi5kZXNpZ25wYXJ0bmVyLmZyL2MvcC8xNzg3MC8xNzg3MC0xNTItMS5qcGc?v=1708358360"]},"country_origin":"CN","traceability":{"manufacturing_country_id":61,"weaving_country_id":61,"dyeing_country_id":61},"sizes":[{"id":42,"article_id":448910,"class_id":19,"name":"taille_unique","on_standby":false,"stock_local":0,"stock_global":129,"multiple":1,"estimated_date_reassort":null,"is_destocking":false}],"page_links":{"fr":"\/fr\/p-be-b438n-bonnet-coton-biologique-b438n-17870\/sand-152\/","en":"\/en\/p-be-b438n-organic-cotton-beanie-b438n-17870\/sand-152\/","de":"\/de\/p-be-b438n-bio-baumwollmutze-b438n-17870\/sand-152\/","nl":"\/nl\/p-be-b438n-biologische-katoenen-muts-b438n-17870\/sand-152\/","es":"\/es\/p-be-b438n-gorro-de-algodon-organico-b438n-17870\/sand-152\/","it":"\/it\/p-be-b438n-cappello-in-cotone-biologico-b438n-17870\/sand-152\/","sv":"\/sv\/p-be-b438n-biologisk-bomullsbarrett-b438n-17870\/sand-152\/","pt":"\/pt\/p-be-b438n-bone-de-algodao-organico-b438n-17870\/sand-152\/","da":"\/da\/p-be-b438n-bonne-af-biologisk-bomuld-b438n-17870\/sand-152\/","pl":"\/pl\/p-be-b438n-czapka-bawelniana-organiczna-b438n-17870\/sand-152\/"},"page_links_customization":{"fr":"\/fr\/p-be-b438n-bonnet-en-coton-biologique-b438n-personnalisation-17870\/sand-152\/custom\/","en":"\/en\/p-be-b438n-organic-cotton-beanie-b438n-customization-17870\/sand-152\/custom\/","de":"\/de\/p-be-b438n-biologisches-baumwollmutzchen-b438n-personalisierung-17870\/sand-152\/custom\/","nl":"\/nl\/p-be-b438n-bonnekap-in-biologische-katoen-b438n-aanpassing-17870\/sand-152\/custom\/","es":"\/es\/p-be-b438n-gorro-de-algodon-organico-b438n-personalizacion-17870\/sand-152\/custom\/","it":"\/it\/p-be-b438n-cappello-in-cotone-biologico-b438n-personalizzazione-17870\/sand-152\/custom\/","sv":"\/sv\/p-be-b438n-bonn-i-ekologisk-bomull-b438n-anpassning-17870\/sand-152\/custom\/","pt":"\/pt\/p-be-b438n-bone-em-algodao-organico-b438n-personalizacao-17870\/sand-152\/custom\/","da":"\/da\/p-be-b438n-baeredygtigt-bomuldshue-b438n-personliggorelse-17870\/sand-152\/custom\/","pl":"\/pl\/p-be-b438n-czapka-z-organicznego-bawelny-b438n-personalizacja-17870\/sand-152\/custom\/"}}],"documentation_link":"\/pdf\/17870.pdf","countries_availables":["AD","AE","AL","AT","BA","BD","BE","BG","BL","CA","CH","CN","CO","CY","CZ","DE","DK","DO","EE","EG","ES","ET","FI","FR","GB","GE","GF","GP","GR","GT","HK","HN","HR","HT","HU","ID","IE","IN","IS","IT","JO","JP","KE","KH","KP","KR","LA","LK","LS","LT","LU","LV","MA","MF","MG","MK","MM","MN","MQ","MT","MX","MY","NC","NI","NL","PF","PH","PK","PL","PM","PT","RE","RO","SE","SG","SI","SK","SV","SY","TH","TN","TR","TW","TZ","US","VN","WF","YT"]},"infos_customization":[],"features":{"authorize_multi_surfaces":true,"display_order_delay_type":true,"promote_surface_display":true,"tarification_franco_offert":true,"enabled_3d_editor":false},"markings":[{"id":0,"nom":"vierge","finition":null,"libelle":null,"code":null,"dpi":null,"finesse_forme_isolee":null,"finesse_forme_non_isolee":null,"hauteur_minimale_texte":null,"inactif":0,"marquage_interne":1,"quantite_min":null,"parent_id":null,"print_on_support":0,"content":"vierge","description":null},{"id":2,"nom":"fonce","finition":"optimale","libelle":"TopQuadri","code":null,"dpi":400,"finesse_forme_isolee":"0.040","finesse_forme_non_isolee":"0.700","hauteur_minimale_texte":2,"inactif":0,"marquage_interne":1,"quantite_min":null,"parent_id":18,"print_on_support":0,"content":"TopQuadri","description":"pour petites et moyennes s\u00e9ries"},{"id":3,"nom":"serigraphie","finition":"serigraphie","libelle":"SeriCoat","code":null,"dpi":400,"finesse_forme_isolee":"0.040","finesse_forme_non_isolee":"0.700","hauteur_minimale_texte":2,"inactif":0,"marquage_interne":1,"quantite_min":15,"parent_id":18,"print_on_support":0,"content":"SeriCoat","description":"pour moyennes et grandes s\u00e9ries"},{"id":4,"nom":"broderie","finition":"broderie","libelle":"Broderie","code":null,"dpi":400,"finesse_forme_isolee":"0.040","finesse_forme_non_isolee":"0.700","hauteur_minimale_texte":3,"inactif":0,"marquage_interne":1,"quantite_min":null,"parent_id":null,"print_on_support":0,"content":"Broderie","description":null},{"id":8,"nom":"theme","finition":null,"libelle":"Th\u00e8me","code":null,"dpi":null,"finesse_forme_isolee":null,"finesse_forme_non_isolee":null,"hauteur_minimale_texte":null,"inactif":0,"marquage_interne":1,"quantite_min":null,"parent_id":null,"print_on_support":0,"content":"Th\u00e8me","description":null},{"id":9,"nom":"sans","finition":null,"libelle":null,"code":null,"dpi":null,"finesse_forme_isolee":null,"finesse_forme_non_isolee":null,"hauteur_minimale_texte":null,"inactif":0,"marquage_interne":1,"quantite_min":null,"parent_id":null,"print_on_support":0,"content":"sans","description":null},{"id":10,"nom":"photo","finition":null,"libelle":"Photo","code":null,"dpi":null,"finesse_forme_isolee":null,"finesse_forme_non_isolee":null,"hauteur_minimale_texte":null,"inactif":0,"marquage_interne":1,"quantite_min":null,"parent_id":null,"print_on_support":0,"content":"Photo","description":null},{"id":14,"nom":"couleur","finition":null,"libelle":"Couleur","code":null,"dpi":null,"finesse_forme_isolee":null,"finesse_forme_non_isolee":null,"hauteur_minimale_texte":null,"inactif":0,"marquage_interne":1,"quantite_min":null,"parent_id":null,"print_on_support":0,"content":"Couleur","description":null},{"id":15,"nom":"sublimation","finition":"sublimation","libelle":"Sublimation","code":null,"dpi":null,"finesse_forme_isolee":"0.000","finesse_forme_non_isolee":"0.000","hauteur_minimale_texte":2,"inactif":0,"marquage_interne":1,"quantite_min":null,"parent_id":null,"print_on_support":0,"content":"Sublimation","description":null},{"id":16,"nom":"topquadri_uv","finition":null,"libelle":"TopQuadri UV","code":null,"dpi":null,"finesse_forme_isolee":"0.020","finesse_forme_non_isolee":"0.700","hauteur_minimale_texte":2,"inactif":0,"marquage_interne":1,"quantite_min":null,"parent_id":null,"print_on_support":1,"content":null,"description":null},{"id":17,"nom":"topquadri_uvp","finition":null,"libelle":"TopQuadri UVP","code":null,"dpi":null,"finesse_forme_isolee":"0.020","finesse_forme_non_isolee":"0.700","hauteur_minimale_texte":2,"inactif":0,"marquage_interne":1,"quantite_min":null,"parent_id":null,"print_on_support":1,"content":null,"description":null},{"id":18,"nom":"quadri","finition":null,"libelle":"Impression","code":null,"dpi":null,"finesse_forme_isolee":null,"finesse_forme_non_isolee":null,"hauteur_minimale_texte":null,"inactif":0,"marquage_interne":1,"quantite_min":null,"parent_id":null,"print_on_support":0,"content":null,"description":null}]}}