{"data":{"product":{"id":17740,"titre":"Men\u00b4s Knitted Hybrid Vest","description":"Veste sans manches pour homme, en tissu doux, chaud et facile d'entretien, d'aspect chin\u00e9. L'avant, l'arri\u00e8re et la capuche sont en motif \u00e0 carreaux matelass\u00e9s, la largeur int\u00e9rieure de la capuche est r\u00e9glable. Poss\u00e8de une fermeture zipp\u00e9e couverte sur toute la longueur, deux\u00a0poches lat\u00e9rales zipp\u00e9es et deux\u00a0poches int\u00e9rieures. Composition : 100% polyester; doublure: 100% polyamide.","genre":"homme","grammage":280,"conditionnement":30,"composition":"polyester","reference":"ja-jn768","reference_visible":"ja-jn768","reference_fabricant":"JN768","ref_xor":"725769","in_catalog":true,"is_transfer":false,"is_service":false,"on_standby":false,"has_3d":false,"has_size_guide":true,"has_marking":true,"has_vierge":true,"is_cross_sellable":false,"id_picto":86,"filename_3d":null,"brand":{"id":138,"name":"James&Nicholson","logo":"logo-jamesnicholson.png","image":"https:\/\/media.th4.com\/G8iZgfi2KPbOqFLzlNtxWp8h0-QQ5bijSQUdF1rha2c\/pr:brand70x70\/aHR0cDovL21lZGlhMi5kZXNpZ25wYXJ0bmVyLmZyL2MvbS9sb2dvLWphbWVzbmljaG9sc29uLnBuZw"},"price_infos":{"price_from":39.42,"quantity":25,"color":{"id":20268,"name":"royal_melange\/anthracite_melange"},"size":{"id":2,"name":"M"}},"price_infos_marking":{"price_from":45.09,"quantity":30,"color":{"id":20268,"name":"royal_melange\/anthracite_melange"},"size":{"id":2,"name":"M"},"marking":{"id":4,"name":""},"emplacement":"avant","surface_emplacement_id":1,"surface":"coeur"},"i18n":{"blank":{"title":{"fr":"Men\u00b4s knitted hybrid vest JAMES&NICHOLSON jn768","en":"Men\u00b4s knitted hybrid vest JAMES&NICHOLSON jn768","de":"Men's gestrickte Hybridweste JAMES&NICHOLSON jn768","nl":"Men's gehaakte hybride vest JAMES&NICHOLSON jn768","es":"Chaqueta sin mangas para hombre de punto h\u00edbrido JAMES&NICHOLSON jn768","it":"Gilet ibrido lavorato a maglia JAMES&NICHOLSON jn768","sv":"M\u00e4ns stickad hybridv\u00e4st JAMES&NICHOLSON jn768","pt":"Casaco h\u00edbrido de tric\u00f4 para homem JAMES&NICHOLSON jn768","da":"M\u00e6nds strikket hybridvest JAMES&NICHOLSON jn768","pl":"M\u0119ski sweter hybrydowy JAMES&NICHOLSON jn768"},"description":{"fr":"Veste sans manches pour homme, con\u00e7ue en tissu polyester et polyamide. Elle offre un \u00e9quilibre entre chaleur et facilit\u00e9 d'entretien. Sa conception inclut un devant, un arri\u00e8re et une capuche matelass\u00e9s en motif \u00e0 carreaux. La largeur int\u00e9rieure de la capuche est ajustable pour un confort personnalis\u00e9. Elle est dot\u00e9e d'une fermeture zipp\u00e9e sur toute la longueur, deux poches lat\u00e9rales zipp\u00e9es et deux poches int\u00e9rieures pour le rangement des effets personnels.\n\n- Composition : 100% polyester\n- Doublure : 100% polyamide\n- Poches lat\u00e9rales : 2 zipp\u00e9es\n- Poches int\u00e9rieures : 2","en":"Men\u00b4s sleeveless vest, designed in polyester and polyamide fabric. It offers a balance between warmth and ease of maintenance. Its design includes a padded front, back and hood in a checkered pattern. The inner width of the hood is adjustable for personalized comfort. It is equipped with a full-length zip closure, two zipped side pockets and two interior pockets for storing personal items.\n\n- Composition: 100% polyester\n- Lining: 100% polyamide\n- Side pockets: 2 zipped\n- Interior pockets: 2","de":"M\u00e4nnerweste ohne \u00c4rmel, aus Polyester- und Polyamidstoff gefertigt. Sie bietet eine Balance zwischen W\u00e4rme und Pflegeleichtigkeit. Ihre Gestaltung umfasst einen matten, karierten Vorder- und R\u00fcckenteil sowie eine Kapuze. Die Breite der Kapuze ist verstellbar f\u00fcr individuellen Komfort. Sie ist mit einem Rei\u00dfverschluss \u00fcber die gesamte L\u00e4nge, zwei seitlichen Rei\u00dfverschlusstaschen und zwei inneren Taschen zur Aufbewahrung von pers\u00f6nlichen Gegenst\u00e4nden ausgestattet.","nl":"Vest zonder mouwen voor mannen, gemaakt van polyester en polyamide stof. Biedt een evenwicht tussen warmte en gemakkelijke verzorging. Het ontwerp omvat een voor- en achterkant en een gehaakte capuchon. De binnenbreedte van de capuchon is aanpasbaar voor persoonlijke comfort. Het heeft een ritsluik over de volle lengte, twee zijzakken met rits en twee binnenzakken voor opslag van persoonlijke bezittingen.\n\n- Samenstelling: 100% polyester\n- Voering: 100% polyamide\n- Zijzakken: 2 met rits\n- Binnenzakken: 2","es":"Chaqueta sin mangas para hombre, dise\u00f1ada en tejido de poli\u00e9ster y poliamida. Ofrece un equilibrio entre calor y facilidad de mantenimiento. Su dise\u00f1o incluye un frente, una espalda y una capucha acolchadas en patr\u00f3n de cuadros. La anchura interior de la capucha es ajustable para un confort personalizado. Cuenta con una cremallera completa, dos bolsillos laterales con cremallera y dos bolsillos interiores para guardar los efectos personales.\n\n- Composici\u00f3n: 100% poli\u00e9ster\n- Forro: 100% poliamida\n- Bolsillos laterales: 2 con cremallera\n- Bolsillos interiores: 2","it":"Gilet senza maniche per uomo, realizzato in tessuto di poliestere e poliammide. Offre un equilibrio tra calore e facilit\u00e0 di manutenzione. La sua progettazione include un davanti, un retro e un cappuccio imbottiti a motivo scozzese. La larghezza interna del cappuccio \u00e8 regolabile per un comfort personalizzato. \u00c8 dotato di una chiusura lampo sulla lunghezza completa, due tasche laterali con chiusura lampo e due tasche interne per il riposo degli effetti personali.\n\n- Composizione : 100% poliestere\n- Fodera : 100% poliammide\n- Tasche laterali : 2 con chiusura lampo\n- Tasche interne : 2","sv":"V\u00e4st utan \u00e4rmar f\u00f6r m\u00e4n, tillverkad i polyester och polyamid. Den erbjuder en balans mellan v\u00e4rme och l\u00e4tt underh\u00e5ll. Konstruktionen inkluderar framsida, baksida och en matta halsduk i kappm\u00f6nster. Den inre bredden p\u00e5 halsduken \u00e4r justerbar f\u00f6r personlig komfort. Den \u00e4r utrustad med en zippad st\u00e4ngning p\u00e5 hela l\u00e4ngden, tv\u00e5 sidor zippade fack och tv\u00e5 inre fack f\u00f6r att f\u00f6rvara personliga tillh\u00f6righeter. \n\n- Sammans\u00e4ttning : 100% polyester \n- Foder : 100% polyamid \n- Sidfack : 2 zippade \n- Inre fack : 2","pt":"Casaco sem manga para homem, concebido em tecido de poli\u00e9ster e poliamida. Ele oferece um equil\u00edbrio entre calor e facilidade de manuten\u00e7\u00e3o. Seu design inclui frente, costas e capuz acolchoados em padr\u00e3o xadrez. A largura interna do capuz \u00e9 ajust\u00e1vel para conforto personalizado. Ele possui fechamento z\u00edper ao longo de todo o comprimento, dois bolsos laterais com z\u00edper e dois bolsos internos para guardar itens pessoais.\n\n- Composi\u00e7\u00e3o: 100% poli\u00e9ster\n- Forro: 100% poliamida\n- Bolsos laterais: 2 com z\u00edper\n- Bolsos internos: 2","da":"Mandsselskaber uden \u00e6rmer, lavet af polyester og polyamid stof. Den tilbyder en balance mellem varme og nem pleje. Dens design inkluderer en forside, bagside og kappe matchet i karret m\u00f8nster. Indvendig bredde af kappe er justerbar for personlig komfort. Den er udstyret med en fuldl\u00e6ngde zip, to sider lommer med zip og to indre lommer til opbevaring af personlige ejendomme. \n\n- Sammens\u00e6tning: 100% polyester\n- Foder: 100% polyamid\n- Sidelommer: 2 med zip\n- Indrelommer: 2","pl":"M\u0119ski sweter bez r\u0119kaw\u00f3w, wykonany z tkaniny poliestrowej i poliamidowej. Ofiaruje r\u00f3wnowag\u0119 mi\u0119dzy ciep\u0142em i \u0142atwo\u015bci\u0105 w utrzymaniu. Jego konstrukcja zawiera prz\u00f3d, ty\u0142 i kaptur z materia\u0142em w kratk\u0119. Szeroko\u015b\u0107 wewn\u0119trzna kaptura jest regulowana dla wygodnego dopasowania. Jest wyposa\u017cony w zamek b\u0142yskawiczny na ca\u0142ej d\u0142ugo\u015bci, dwie boczne kieszenie z zamek b\u0142yskawiczny i dwie wewn\u0119trzne kieszenie na przechowywanie osobistych rzeczy.\n\n- Sk\u0142ad: 100% poliestru\n- Podszewka: 100% poliamidu\n- Kieszenie boczne: 2 z zamek b\u0142yskawiczny\n- Kieszenie wewn\u0119trzne: 2"},"h1":{"fr":"Men\u00b4s knitted hybrid vest jn768","en":"Men\u00b4s knitted hybrid vest jn768","de":"Men's gestrickte Hybridweste jn768","nl":"Men's gehaakte hybride vest jn768","es":"Chaqueta sin mangas para hombre de punto h\u00edbrido jn768","it":"Gilet ibrido lavorato a maglia jn768","sv":"M\u00e4ns stickad hybridv\u00e4st jn768","pt":"Casaco h\u00edbrido de tric\u00f4 para homem jn768","da":"M\u00e6nds strikket hybridvest jn768","pl":"M\u0119ski sweter hybrydowy jn768"},"meta_description":{"fr":"Veste sans manches pour homme en polyester et polyamide. Coupe ajust\u00e9e, fermeture zipp\u00e9e, poches lat\u00e9rales et int\u00e9rieures. Confort et fonctionnalit\u00e9.","en":"Men\u00b4s sleeveless vest in polyester and polyamide. Fitted cut, zip closure, side and interior pockets. Comfort and functionality.","de":"M\u00e4nnerweste ohne \u00c4rmel aus Polyester und Polyamid. Eng geschnitten, Rei\u00dfverschluss, seitliche und innere Taschen. Komfort und Funktionalit\u00e4t.","nl":"Mannen vest zonder mouwen van polyester en polyamide. Strakke passvorm, ritsluik, zij- en binnenzakken. Comfort en functionaliteit.","es":"Chaqueta sin mangas para hombre en poli\u00e9ster y poliamida. Corte ajustado, cierre con cremallera, bolsillos laterales y interiores. Confort y funcionalidad.","it":"Gilet senza maniche per uomo in poliestere e poliammide. Taglio adattato, chiusura lampo, tasche laterali e interne. Confort e funzionalit\u00e0.","sv":"V\u00e4st utan \u00e4rmar f\u00f6r m\u00e4n i polyester och polyamid. Passform, zippad st\u00e4ngning, sidor och inre fack. Komfort och funktion.","pt":"Casaco sem manga para homem em poli\u00e9ster e poliamida. Corte ajustado, fechamento z\u00edper, bolsos laterais e internos. Conforto e funcionalidade.","da":"Mandsselskaber uden \u00e6rmer af polyester og polyamid. T\u00e6t pasform, zipforsegling, sider og indre lommer. Komfort og funktionalitet.","pl":"M\u0119ski sweter bez r\u0119kaw\u00f3w z poliestru i poliamidu. Dopasowany kr\u00f3j, zapi\u0119cie z zamek b\u0142yskawiczny, boczne i wewn\u0119trzne kieszenie. Komfort i funkcjonalno\u015b\u0107."}},"custom":{"title":{"fr":"Men\u00b4s knitted hybrid vest JAMES&NICHOLSON personnalisation jn768","en":"Men's knitted hybrid vest JAMES&NICHOLSON customization jn768","de":"Men\u2019s gestrickte Hybridweste JAMES&NICHOLSON Personalisierung jn768","nl":"Men's gebreide hybride vest JAMES&NICHOLSON personalisatie jn768","es":"Chaleco h\u00edbrido de punto para hombre JAMES&NICHOLSON personalizaci\u00f3n jn768","it":"Giubbotto ibrido lavorato a maglia JAMES&NICHOLSON personalizzazione jn768","sv":"M\u00e4ns stickad hybridv\u00e4st JAMES&NICHOLSON personalisering jn768","pt":"Jaqueta h\u00edbrida de tric\u00f4 para homens JAMES&NICHOLSON personaliza\u00e7\u00e3o jn768","da":"Men's knitted hybrid vest JAMES&NICHOLSON personalisering jn768","pl":"M\u0119ski sweter z siatki hibrydowej JAMES&NICHOLSON personalizacja jn768"},"description":{"fr":"Cette veste sans manches pour homme offre un confort optimal gr\u00e2ce \u00e0 son tissu doux et facile d'entretien, avec un aspect chin\u00e9 distinctif. L'avant, l'arri\u00e8re et la capuche sont dot\u00e9s d'un motif \u00e0 carreaux matelass\u00e9s, tandis que la largeur int\u00e9rieure de la capuche est r\u00e9glable pour un ajustement personnalis\u00e9. Elle est \u00e9quip\u00e9e d'une fermeture zipp\u00e9e couverte sur toute la longueur, ainsi que de deux poches lat\u00e9rales et deux poches int\u00e9rieures zipp\u00e9es pour un rangement pratique. La veste est compos\u00e9e \u00e0 100% de polyester, avec une doublure en 100% polyamide. Elle est id\u00e9ale pour la personnalisation en broderie, permettant l'ajout de votre logo ou de votre visuel pour une identification de votre marque. \n\n- Composition: 100% polyester\n- Doublure: 100% polyamide","en":"This men's sleeveless vest offers optimal comfort thanks to its soft and easy-to-maintain fabric, with a distinctive heathered appearance. The front, back, and hood are adorned with a quilted plaid pattern, while the interior width of the hood is adjustable for a personalized fit. It features a full-length covered zipper, as well as two side pockets and two interior zippered pockets for practical storage. The vest is composed of 100% polyester, with a 100% polyamide lining. It is ideal for customization through embroidery, allowing the addition of your logo or visual for brand identification.","de":"Diese \u00e4rmellose Weste f\u00fcr Herren bietet optimalen Komfort dank ihres weichen und pflegeleichten Stoffes mit einem charakteristischen Melange-Effekt. Die Vorderseite, die R\u00fcckseite und die Kapuze sind mit einem karierten Steppmuster versehen, w\u00e4hrend die Innenbreite der Kapuze f\u00fcr eine individuelle Anpassung einstellbar ist. Sie ist mit einem abgedeckten Rei\u00dfverschluss \u00fcber die gesamte L\u00e4nge sowie zwei Seitentaschen und zwei inneren Rei\u00dfverschlusstaschen f\u00fcr praktische Aufbewahrung ausgestattet. Die Weste besteht zu 100% aus Polyester, mit einem Futter aus 100% Polyamid. Sie ist ideal f\u00fcr die Personalisierung durch Bestickung, wodurch Ihr Logo oder Ihr Design f\u00fcr eine Markenidentifikation hinzugef\u00fcgt werden kann.","nl":"Deze vest zonder mouwen voor mannen biedt optimale comfort door middel van zacht en gemakkelijk te onderhouden weefsel met een kenmerkend chine-effect. De voorzijde, achterzijde en het binnenste van de capuchon zijn voorzien van een matelass\u00e9 karrekenspatroon, terwijl de breedte van het binnenste van de capuchon aanpasbaar is voor een aangepaste pasvorm. Het is uitgerust met een volledig lengte bedekte zip, evenals twee zijzakken en twee inwendige zakken met ritssluitingen voor handige opslag. De vest is gemaakt van 100% polyester, met een voering van 100% polyamide. Het is ideaal voor personalisatie met broderen, waardoor u uw logo of visuele identiteit kunt toevoegen voor het identificeren van uw merk.\n\n- Samenstelling: 100% polyester\n- Voering: 100% polyamide","es":"Este chaleco sin mangas para hombre ofrece un confort \u00f3ptimo gracias a su tejido suave y f\u00e1cil de mantener, con un aspecto distintivo de tono sutil. El frente, la espalda y la capucha tienen un motivo de cuadros acolchados, mientras que el ancho interior de la capucha es ajustable para un ajuste personalizado. Cuenta con una cremallera cubierta a lo largo de toda la longitud, as\u00ed como dos bolsillos laterales y dos bolsillos interiores con cremallera para un almacenamiento pr\u00e1ctico. El chaleco est\u00e1 compuesto de 100% poli\u00e9ster, con un forro de 100% poliamida. Es ideal para la personalizaci\u00f3n en bordado, permitiendo la adici\u00f3n de su logo o de su visual para una identificaci\u00f3n de su marca.\n\n- Composici\u00f3n: 100% poli\u00e9ster\n- Forro: 100% poliamida","it":"Questo gilet per uomo senza maniche offre un comfort ottimale grazie al suo tessuto morbido e facile da mantenere, con un aspetto distintivo a quadri. L'avanti, il dietro e il cappuccio sono dotati di un motivo a quadri trapuntato, mentre la larghezza interna del cappuccio \u00e8 regolabile per una vestibilit\u00e0 personalizzata. \u00c8 dotato di una cerniera coperta lungo tutta la lunghezza, oltre a due tasche laterali e due tasche interne con cerniera per un pratico ripostiglio. Il gilet \u00e8 composto al 100% di poliestere, con una fodera al 100% di poliammide. \u00c8 ideale per la personalizzazione con ricamo, permettendo di aggiungere il vostro logo o il vostro visivo per un'identificazione del marchio. \n\n- Composizione: 100% poliestere\n- Fodera: 100% poliammide","sv":"Denna manschetterfri v\u00e4st f\u00f6r m\u00e4n erbjuder optimal komfort tack vare sin mjuka och l\u00e4ttsk\u00f6tta v\u00e4v, med ett distinkt chin\u00e9utseende. Framsidan, baksidan och huven \u00e4r f\u00f6rsedda med en kvadratm\u00f6nstrad fj\u00e4dring, medan huven \u00e4r justerbar f\u00f6r en personlig passform. Den \u00e4r utrustad med en hel l\u00e4ngds t\u00e4ckt zippl\u00e5s, liksom tv\u00e5 sidos\u00e4ckar och tv\u00e5 inre zippade fickor f\u00f6r praktisk f\u00f6rvaring. V\u00e4sten \u00e4r tillverkad av 100% polyester, med en fodring av 100% polyamid. Den \u00e4r idealisk f\u00f6r broderipersonalisering, vilket g\u00f6r det m\u00f6jligt att l\u00e4gga till ditt logotyp eller ditt visuella element f\u00f6r att identifiera ditt varum\u00e4rke.","pt":"Esta jaqueta sem mangas para homens oferece conforto \u00f3timo gra\u00e7as ao seu tecido macio e f\u00e1cil de cuidar, com um aspecto chin\u00e9 distintivo. A frente, as costas e o capuz t\u00eam um padr\u00e3o de quadrados acolchoados, enquanto a largura interna do capuz \u00e9 ajust\u00e1vel para um ajuste personalizado. Ela \u00e9 equipada com um z\u00edper coberto ao longo de toda a sua extens\u00e3o, al\u00e9m de duas bolsas laterais e duas bolsas internas com z\u00edper para armazenamento pr\u00e1tico. A jaqueta \u00e9 composta de 100% poli\u00e9ster, com forro de 100% poliamida. Ela \u00e9 ideal para personaliza\u00e7\u00e3o com bordado, permitindo a adi\u00e7\u00e3o do seu logotipo ou visual para identifica\u00e7\u00e3o da sua marca.\n\n- Composi\u00e7\u00e3o: 100% poli\u00e9ster\n- Forro: 100% poliamida","da":"Denne vest uden \u00e6rmer til m\u00e6nd tilbyder optimal komfort takket v\u00e6re dets bl\u00f8de og nemt vedligeholdte stof med et karakteristisk strippet m\u00f8nster. Forsiden, bagsiden og kapuccen har et stofindl\u00e6g med kvadratm\u00f8nster, mens bredden p\u00e5 kapuccens indvendige side er justerbar for en tilpasset pasform. Den er udstyret med en helt lukket l\u00e6ngdeglidel\u00e5s samt to sideposer og to indvendige glidel\u00e5sposer til praktisk opbevaring. Vesten best\u00e5r af 100% polyester med et indl\u00e6g af 100% polyamid. Den er ideel til personalisering i broderi, hvilket muligg\u00f8r tilf\u00f8jelse af dit logo eller dit billede for identifikation af din m\u00e6rkevare.","pl":"Ta m\u0119ska bezr\u0119ka\u0144cza kurtka zapewnia optymalny komfort dzi\u0119ki mi\u0119kkiej i \u0142atwej w utrzymaniu tkaninie, z charakterystycznym wygl\u0105dem. Przednia, tylna i kaptur s\u0105 wyposa\u017cone w motyw z matowymi kwadratami, natomiast szeroko\u015b\u0107 wn\u0119trza kaptura jest regulowana dla dostosowania. Zapewnia zamkni\u0119cie z suwaka na ca\u0142ej d\u0142ugo\u015bci oraz dwa boczne kieszenie i dwie wewn\u0119trzne kieszenie z suwakami dla wygodnego przechowywania. Kurtka jest wykonana z 100% poliestru, z wy\u015bci\u00f3\u0142k\u0105 z 100% poliamidu. Jest idealna do personalizacji haka, pozwalaj\u0105c na dodanie logo lub wizualizacji dla identyfikacji marki."},"h1":{"fr":"Men\u00b4s knitted hybrid vest personnalisation jn768","en":"Men's knitted hybrid vest customization jn768","de":"Men\u2019s gestrickte Hybridweste Personalisierung jn768","nl":"Men's gebreide hybride vest personalisatie jn768","es":"Chaleco h\u00edbrido de punto para hombre personalizaci\u00f3n jn768","it":"Giubbotto ibrido lavorato a maglia personalizzazione jn768","sv":"M\u00e4ns stickad hybridv\u00e4st personalisering jn768","pt":"Jaqueta h\u00edbrida de tric\u00f4 personaliza\u00e7\u00e3o jn768","da":"Men's knitted hybrid vest personalisering jn768","pl":"M\u0119ski sweter z siatki hibrydowej personalizacja jn768"},"meta_description":{"fr":"Veste sans manches pour homme, douce et facile d'entretien, id\u00e9ale pour la personnalisation en broderie avec votre logo.","en":"Men's sleeveless vest, soft and easy to maintain, ideal for customization with your logo through embroidery.","de":"\u00c4rmellose Weste f\u00fcr Herren, weich und pflegeleicht, ideal f\u00fcr die Personalisierung durch Bestickung mit Ihrem Logo.","nl":"Mansveste zonder mouwen, zacht en gemakkelijk te onderhouden, ideaal voor personalisatie met broderen van uw logo.","es":"Chaleco sin mangas para hombre, suave y f\u00e1cil de mantener, ideal para la personalizaci\u00f3n en bordado con su logo.","it":"Gilet per uomo senza maniche, morbido e facile da mantenere, ideale per la personalizzazione con ricamo del vostro logo.","sv":"Manschetterfri v\u00e4st f\u00f6r m\u00e4n, mjuk och l\u00e4tt att sk\u00f6ta, idealisk f\u00f6r personalisering med broderi av ditt logga.","pt":"Jaqueta sem mangas para homens, macia e f\u00e1cil de cuidar, ideal para personaliza\u00e7\u00e3o com bordado do seu logotipo.","da":"Vest uden \u00e6rmer til m\u00e6nd, bl\u00f8d og nem at passe, ideel til personalisering i broderi med dit logo.","pl":"M\u0119ska bezr\u0119ka\u0144cza kurtka, mi\u0119kka i \u0142atwa w utrzymaniu, idealna do personalizacji haka z logo."}}},"categories":[{"id":306,"name":"Bodywarmers","singular":"Bodywarmer","is_feminin":false},{"id":561,"name":"BTP et Industrie","singular":"BTP et Industrie","is_feminin":false},{"id":13,"name":"Vestes et manteaux","singular":"Veste et manteau","is_feminin":true},{"id":559,"name":"Univers","singular":"Univers","is_feminin":false},{"id":354,"name":"Textile","singular":"Textile","is_feminin":false}],"certifications":[{"id":1,"label":"OEKO-TEX 100","logo_link":"\/images\/certifications\/1_OEKO-TEX_100.jpg","is_marking_compatible":false}],"videos":{"fr":[],"en":[],"de":[],"nl":[],"es":[],"it":[],"sv":[],"pt":[],"da":[],"pl":[]},"main_images":{"miniature":"https:\/\/media.th4.com\/WxFkWuDxrjVpiQzdiNgola3io_Luv-87QhADwlGeqfQ\/pr:80\/aHR0cDovL21lZGlhMi5kZXNpZ25wYXJ0bmVyLmZyL2MvcC1NVC8xNzc0MC5qcGc?v=1702479823","medium":"https:\/\/media.th4.com\/aSbLw4rsJ5rAT6qrps2DQvbaHYvIZnyhcGJbPkA7RXY\/pr:550x550greybg\/aHR0cDovL21lZGlhMi5kZXNpZ25wYXJ0bmVyLmZyL2MvcC1NVC8xNzc0MC5qcGc?v=1702479823","medium_large":"https:\/\/media.th4.com\/GvU3jgoJGgr4buko_v5DANMabZynN4t6L_BOMmRqCNg\/pr:1000x1000greybg\/aHR0cDovL21lZGlhMi5kZXNpZ25wYXJ0bmVyLmZyL2MvcC1NVC8xNzc0MC5qcGc?v=1702479823","large":"https:\/\/media.th4.com\/eHHFX8nDlE6N_GCde6YfDZyT1ZQNuCxvrW5_KZR2tic\/pr:1920greybg\/aHR0cDovL21lZGlhMi5kZXNpZ25wYXJ0bmVyLmZyL2MvcC1NVC8xNzc0MC5qcGc?v=1702479823","opengraph":"https:\/\/media.th4.com\/KOQUcadxpRJAsTa2uFRvTK1rdVmtxSPmbaOmYUl0CbI\/pr:1200x630greybg\/aHR0cDovL21lZGlhMi5kZXNpZ25wYXJ0bmVyLmZyL2MvcC1NVC8xNzc0MC5qcGc?v=1702479823"},"main_images_customization":{"miniature":"https:\/\/media.th4.com\/WxFkWuDxrjVpiQzdiNgola3io_Luv-87QhADwlGeqfQ\/pr:80\/aHR0cDovL21lZGlhMi5kZXNpZ25wYXJ0bmVyLmZyL2MvcC1NVC8xNzc0MC5qcGc?v=1702479823","medium":"https:\/\/media.th4.com\/aSbLw4rsJ5rAT6qrps2DQvbaHYvIZnyhcGJbPkA7RXY\/pr:550x550greybg\/aHR0cDovL21lZGlhMi5kZXNpZ25wYXJ0bmVyLmZyL2MvcC1NVC8xNzc0MC5qcGc?v=1702479823","medium_large":"https:\/\/media.th4.com\/GvU3jgoJGgr4buko_v5DANMabZynN4t6L_BOMmRqCNg\/pr:1000x1000greybg\/aHR0cDovL21lZGlhMi5kZXNpZ25wYXJ0bmVyLmZyL2MvcC1NVC8xNzc0MC5qcGc?v=1702479823","large":"https:\/\/media.th4.com\/eHHFX8nDlE6N_GCde6YfDZyT1ZQNuCxvrW5_KZR2tic\/pr:1920greybg\/aHR0cDovL21lZGlhMi5kZXNpZ25wYXJ0bmVyLmZyL2MvcC1NVC8xNzc0MC5qcGc?v=1702479823","opengraph":"https:\/\/media.th4.com\/KOQUcadxpRJAsTa2uFRvTK1rdVmtxSPmbaOmYUl0CbI\/pr:1200x630greybg\/aHR0cDovL21lZGlhMi5kZXNpZ25wYXJ0bmVyLmZyL2MvcC1NVC8xNzc0MC5qcGc?v=1702479823"},"page_links":{"fr":"\/fr\/p-ja-jn768-mens-knitted-hybrid-vest-jn768-17740\/","en":"\/en\/p-ja-jn768-mens-knitted-hybrid-vest-jn768-17740\/","de":"\/de\/p-ja-jn768-mens-gestrickte-hybridweste-jn768-17740\/","nl":"\/nl\/p-ja-jn768-mens-gehaakte-hybride-vest-jn768-17740\/","es":"\/es\/p-ja-jn768-chaqueta-sin-mangas-para-hombre-de-punto-hibrido-jn768-17740\/","it":"\/it\/p-ja-jn768-gilet-ibrido-lavorato-a-maglia-jn768-17740\/","sv":"\/sv\/p-ja-jn768-mans-stickad-hybridvast-jn768-17740\/","pt":"\/pt\/p-ja-jn768-casaco-hibrido-de-trico-para-homem-jn768-17740\/","da":"\/da\/p-ja-jn768-maends-strikket-hybridvest-jn768-17740\/","pl":"\/pl\/p-ja-jn768-meski-sweter-hybrydowy-jn768-17740\/"},"page_links_customization":{"fr":"\/fr\/p-ja-jn768-mens-knitted-hybrid-vest-personnalisation-jn768-17740\/custom\/","en":"\/en\/p-ja-jn768-mens-knitted-hybrid-vest-customization-jn768-17740\/custom\/","de":"\/de\/p-ja-jn768-mens-gestrickte-hybridweste-personalisierung-jn768-17740\/custom\/","nl":"\/nl\/p-ja-jn768-mens-gebreide-hybride-vest-personalisatie-jn768-17740\/custom\/","es":"\/es\/p-ja-jn768-chaleco-hibrido-de-punto-para-hombre-personalizacion-jn768-17740\/custom\/","it":"\/it\/p-ja-jn768-giubbotto-ibrido-lavorato-a-maglia-personalizzazione-jn768-17740\/custom\/","sv":"\/sv\/p-ja-jn768-mans-stickad-hybridvast-personalisering-jn768-17740\/custom\/","pt":"\/pt\/p-ja-jn768-jaqueta-hibrida-de-trico-personalizacao-jn768-17740\/custom\/","da":"\/da\/p-ja-jn768-mens-knitted-hybrid-vest-personalisering-jn768-17740\/custom\/","pl":"\/pl\/p-ja-jn768-meski-sweter-z-siatki-hibrydowej-personalizacja-jn768-17740\/custom\/"},"equivalent_products":[],"colors":[{"id":20268,"name":"royal_melange\/anthracite_melange","class_ids":[2,3],"codes_hexa":["0073D1","2D393B"],"delai_24":false,"has_3d":false,"seuil_global":0,"stock_local":0,"stock_global":66,"on_standby":false,"in_catalog":true,"images":{"miniature":["https:\/\/media.th4.com\/AzhgndLOkCBjIbcAYT9TIrgF31Kpiv4a5_1K7e7EQzQ\/pr:80\/aHR0cDovL21lZGlhMi5kZXNpZ25wYXJ0bmVyLmZyL2MvcC8xNzc0MC8xNzc0MC0yMDI2OC0xLmpwZw?v=1702479377","https:\/\/media.th4.com\/EsLX_pjHJOPFxyhIVa10rraZLjzn9rx9PDirKKShemA\/pr:80\/aHR0cDovL21lZGlhMi5kZXNpZ25wYXJ0bmVyLmZyL2MvcC8xNzc0MC8xNzc0MC0yMDI2OC0yLmpwZw?v=1702479378","https:\/\/media.th4.com\/QFajChakpsx5x4Y46xetMDbZ9DtBTfI-zivEJHk_k34\/pr:80\/aHR0cDovL21lZGlhMi5kZXNpZ25wYXJ0bmVyLmZyL2MvcC8xNzc0MC8xNzc0MC0yMDI2OC0zLmpwZw?v=1702479377","https:\/\/media.th4.com\/QZTlHgfIX8cBq2gPpEMM5uS90DY8SpqxjP_bO1SBQvU\/pr:80\/aHR0cDovL21lZGlhMi5kZXNpZ25wYXJ0bmVyLmZyL2MvcC8xNzc0MC8xNzc0MC0yMDI2OC00LmpwZw?v=1702479377"],"medium":["https:\/\/media.th4.com\/0QuQfu6q8WJpbwCTPmPAoYOkvAeLhk01Lp4vYpBu4PY\/pr:550x550\/aHR0cDovL21lZGlhMi5kZXNpZ25wYXJ0bmVyLmZyL2MvcC8xNzc0MC8xNzc0MC0yMDI2OC0xLmpwZw?v=1702479377","https:\/\/media.th4.com\/xWYq0lpxBdACZOKtFEgFmHoPtdu76WnjMWdk58MlTjU\/pr:550x550\/aHR0cDovL21lZGlhMi5kZXNpZ25wYXJ0bmVyLmZyL2MvcC8xNzc0MC8xNzc0MC0yMDI2OC0yLmpwZw?v=1702479378","https:\/\/media.th4.com\/X8Vs1bTXy2eosXFMV78Femu56GvcKTcQRP8IANcWfaU\/pr:550x550\/aHR0cDovL21lZGlhMi5kZXNpZ25wYXJ0bmVyLmZyL2MvcC8xNzc0MC8xNzc0MC0yMDI2OC0zLmpwZw?v=1702479377","https:\/\/media.th4.com\/Zckb6m3EHOumZYqgscsFAdObgbMZ9fShxAd0Hu41ycY\/pr:550x550\/aHR0cDovL21lZGlhMi5kZXNpZ25wYXJ0bmVyLmZyL2MvcC8xNzc0MC8xNzc0MC0yMDI2OC00LmpwZw?v=1702479377"],"medium_large":["https:\/\/media.th4.com\/CH0EHQMA_3v3Dkevc0Ko76pRTrBanaJius4b90DORTM\/pr:1000x1000\/aHR0cDovL21lZGlhMi5kZXNpZ25wYXJ0bmVyLmZyL2MvcC8xNzc0MC8xNzc0MC0yMDI2OC0xLmpwZw?v=1702479377","https:\/\/media.th4.com\/hWcs3yQLmQrD6IlEx70_t8BfpoZiTwjuOo9v3GwInvA\/pr:1000x1000\/aHR0cDovL21lZGlhMi5kZXNpZ25wYXJ0bmVyLmZyL2MvcC8xNzc0MC8xNzc0MC0yMDI2OC0yLmpwZw?v=1702479378","https:\/\/media.th4.com\/MRuGLotESrmuHgJMGfA83CErua8J7vbtjYuSWvbT4Uk\/pr:1000x1000\/aHR0cDovL21lZGlhMi5kZXNpZ25wYXJ0bmVyLmZyL2MvcC8xNzc0MC8xNzc0MC0yMDI2OC0zLmpwZw?v=1702479377","https:\/\/media.th4.com\/mAxumop-zxnHEUHre9wGoBSryVBDWVbusMLABaUnIMU\/pr:1000x1000\/aHR0cDovL21lZGlhMi5kZXNpZ25wYXJ0bmVyLmZyL2MvcC8xNzc0MC8xNzc0MC0yMDI2OC00LmpwZw?v=1702479377"],"large":["https:\/\/media.th4.com\/StldQTi76xTXG4ltesf7Qn4D0pS_lhJzp05HWEU1OG4\/pr:1920\/aHR0cDovL21lZGlhMi5kZXNpZ25wYXJ0bmVyLmZyL2MvcC8xNzc0MC8xNzc0MC0yMDI2OC0xLmpwZw?v=1702479377","https:\/\/media.th4.com\/lQYEaxIoZZYpJ6U42zXVsd4X93hlj6kGJDhAfmNIPu8\/pr:1920\/aHR0cDovL21lZGlhMi5kZXNpZ25wYXJ0bmVyLmZyL2MvcC8xNzc0MC8xNzc0MC0yMDI2OC0yLmpwZw?v=1702479378","https:\/\/media.th4.com\/wYpQfmuBp7XPKktJwrPM4zOtNtWq_j5A4yqPcn8zPrg\/pr:1920\/aHR0cDovL21lZGlhMi5kZXNpZ25wYXJ0bmVyLmZyL2MvcC8xNzc0MC8xNzc0MC0yMDI2OC0zLmpwZw?v=1702479377","https:\/\/media.th4.com\/8wPEZKGMQB9QIByXjbGcn_XelZ6uqazXkFeBdlCODWI\/pr:1920\/aHR0cDovL21lZGlhMi5kZXNpZ25wYXJ0bmVyLmZyL2MvcC8xNzc0MC8xNzc0MC0yMDI2OC00LmpwZw?v=1702479377"],"opengraph":["https:\/\/media.th4.com\/lEg8jw-zCBOXK-TgeLw4o6CS75517SryKKyVey_Dd9Q\/pr:1200x630\/aHR0cDovL21lZGlhMi5kZXNpZ25wYXJ0bmVyLmZyL2MvcC8xNzc0MC8xNzc0MC0yMDI2OC0xLmpwZw?v=1702479377","https:\/\/media.th4.com\/3xP5OYkcYy_fzsr9Vq-f86sa7YuPb98L9DbhPxY-qJk\/pr:1200x630\/aHR0cDovL21lZGlhMi5kZXNpZ25wYXJ0bmVyLmZyL2MvcC8xNzc0MC8xNzc0MC0yMDI2OC0yLmpwZw?v=1702479378","https:\/\/media.th4.com\/sbq5BvUd1eElialsc0KOM4K6ALMbOn5B_9fOnzSpAXw\/pr:1200x630\/aHR0cDovL21lZGlhMi5kZXNpZ25wYXJ0bmVyLmZyL2MvcC8xNzc0MC8xNzc0MC0yMDI2OC0zLmpwZw?v=1702479377","https:\/\/media.th4.com\/Tt1DB9uMwicFjpiiQUj9wSomSE931xzj4JZapB3NS-s\/pr:1200x630\/aHR0cDovL21lZGlhMi5kZXNpZ25wYXJ0bmVyLmZyL2MvcC8xNzc0MC8xNzc0MC0yMDI2OC00LmpwZw?v=1702479377"]},"images_customization":{"miniature":["https:\/\/media.th4.com\/AzhgndLOkCBjIbcAYT9TIrgF31Kpiv4a5_1K7e7EQzQ\/pr:80\/aHR0cDovL21lZGlhMi5kZXNpZ25wYXJ0bmVyLmZyL2MvcC8xNzc0MC8xNzc0MC0yMDI2OC0xLmpwZw?v=1702479377","https:\/\/media.th4.com\/EsLX_pjHJOPFxyhIVa10rraZLjzn9rx9PDirKKShemA\/pr:80\/aHR0cDovL21lZGlhMi5kZXNpZ25wYXJ0bmVyLmZyL2MvcC8xNzc0MC8xNzc0MC0yMDI2OC0yLmpwZw?v=1702479378","https:\/\/media.th4.com\/QFajChakpsx5x4Y46xetMDbZ9DtBTfI-zivEJHk_k34\/pr:80\/aHR0cDovL21lZGlhMi5kZXNpZ25wYXJ0bmVyLmZyL2MvcC8xNzc0MC8xNzc0MC0yMDI2OC0zLmpwZw?v=1702479377","https:\/\/media.th4.com\/QZTlHgfIX8cBq2gPpEMM5uS90DY8SpqxjP_bO1SBQvU\/pr:80\/aHR0cDovL21lZGlhMi5kZXNpZ25wYXJ0bmVyLmZyL2MvcC8xNzc0MC8xNzc0MC0yMDI2OC00LmpwZw?v=1702479377"],"medium":["https:\/\/media.th4.com\/0QuQfu6q8WJpbwCTPmPAoYOkvAeLhk01Lp4vYpBu4PY\/pr:550x550\/aHR0cDovL21lZGlhMi5kZXNpZ25wYXJ0bmVyLmZyL2MvcC8xNzc0MC8xNzc0MC0yMDI2OC0xLmpwZw?v=1702479377","https:\/\/media.th4.com\/xWYq0lpxBdACZOKtFEgFmHoPtdu76WnjMWdk58MlTjU\/pr:550x550\/aHR0cDovL21lZGlhMi5kZXNpZ25wYXJ0bmVyLmZyL2MvcC8xNzc0MC8xNzc0MC0yMDI2OC0yLmpwZw?v=1702479378","https:\/\/media.th4.com\/X8Vs1bTXy2eosXFMV78Femu56GvcKTcQRP8IANcWfaU\/pr:550x550\/aHR0cDovL21lZGlhMi5kZXNpZ25wYXJ0bmVyLmZyL2MvcC8xNzc0MC8xNzc0MC0yMDI2OC0zLmpwZw?v=1702479377","https:\/\/media.th4.com\/Zckb6m3EHOumZYqgscsFAdObgbMZ9fShxAd0Hu41ycY\/pr:550x550\/aHR0cDovL21lZGlhMi5kZXNpZ25wYXJ0bmVyLmZyL2MvcC8xNzc0MC8xNzc0MC0yMDI2OC00LmpwZw?v=1702479377"],"medium_large":["https:\/\/media.th4.com\/CH0EHQMA_3v3Dkevc0Ko76pRTrBanaJius4b90DORTM\/pr:1000x1000\/aHR0cDovL21lZGlhMi5kZXNpZ25wYXJ0bmVyLmZyL2MvcC8xNzc0MC8xNzc0MC0yMDI2OC0xLmpwZw?v=1702479377","https:\/\/media.th4.com\/hWcs3yQLmQrD6IlEx70_t8BfpoZiTwjuOo9v3GwInvA\/pr:1000x1000\/aHR0cDovL21lZGlhMi5kZXNpZ25wYXJ0bmVyLmZyL2MvcC8xNzc0MC8xNzc0MC0yMDI2OC0yLmpwZw?v=1702479378","https:\/\/media.th4.com\/MRuGLotESrmuHgJMGfA83CErua8J7vbtjYuSWvbT4Uk\/pr:1000x1000\/aHR0cDovL21lZGlhMi5kZXNpZ25wYXJ0bmVyLmZyL2MvcC8xNzc0MC8xNzc0MC0yMDI2OC0zLmpwZw?v=1702479377","https:\/\/media.th4.com\/mAxumop-zxnHEUHre9wGoBSryVBDWVbusMLABaUnIMU\/pr:1000x1000\/aHR0cDovL21lZGlhMi5kZXNpZ25wYXJ0bmVyLmZyL2MvcC8xNzc0MC8xNzc0MC0yMDI2OC00LmpwZw?v=1702479377"],"large":["https:\/\/media.th4.com\/StldQTi76xTXG4ltesf7Qn4D0pS_lhJzp05HWEU1OG4\/pr:1920\/aHR0cDovL21lZGlhMi5kZXNpZ25wYXJ0bmVyLmZyL2MvcC8xNzc0MC8xNzc0MC0yMDI2OC0xLmpwZw?v=1702479377","https:\/\/media.th4.com\/lQYEaxIoZZYpJ6U42zXVsd4X93hlj6kGJDhAfmNIPu8\/pr:1920\/aHR0cDovL21lZGlhMi5kZXNpZ25wYXJ0bmVyLmZyL2MvcC8xNzc0MC8xNzc0MC0yMDI2OC0yLmpwZw?v=1702479378","https:\/\/media.th4.com\/wYpQfmuBp7XPKktJwrPM4zOtNtWq_j5A4yqPcn8zPrg\/pr:1920\/aHR0cDovL21lZGlhMi5kZXNpZ25wYXJ0bmVyLmZyL2MvcC8xNzc0MC8xNzc0MC0yMDI2OC0zLmpwZw?v=1702479377","https:\/\/media.th4.com\/8wPEZKGMQB9QIByXjbGcn_XelZ6uqazXkFeBdlCODWI\/pr:1920\/aHR0cDovL21lZGlhMi5kZXNpZ25wYXJ0bmVyLmZyL2MvcC8xNzc0MC8xNzc0MC0yMDI2OC00LmpwZw?v=1702479377"],"opengraph":["https:\/\/media.th4.com\/lEg8jw-zCBOXK-TgeLw4o6CS75517SryKKyVey_Dd9Q\/pr:1200x630\/aHR0cDovL21lZGlhMi5kZXNpZ25wYXJ0bmVyLmZyL2MvcC8xNzc0MC8xNzc0MC0yMDI2OC0xLmpwZw?v=1702479377","https:\/\/media.th4.com\/3xP5OYkcYy_fzsr9Vq-f86sa7YuPb98L9DbhPxY-qJk\/pr:1200x630\/aHR0cDovL21lZGlhMi5kZXNpZ25wYXJ0bmVyLmZyL2MvcC8xNzc0MC8xNzc0MC0yMDI2OC0yLmpwZw?v=1702479378","https:\/\/media.th4.com\/sbq5BvUd1eElialsc0KOM4K6ALMbOn5B_9fOnzSpAXw\/pr:1200x630\/aHR0cDovL21lZGlhMi5kZXNpZ25wYXJ0bmVyLmZyL2MvcC8xNzc0MC8xNzc0MC0yMDI2OC0zLmpwZw?v=1702479377","https:\/\/media.th4.com\/Tt1DB9uMwicFjpiiQUj9wSomSE931xzj4JZapB3NS-s\/pr:1200x630\/aHR0cDovL21lZGlhMi5kZXNpZ25wYXJ0bmVyLmZyL2MvcC8xNzc0MC8xNzc0MC0yMDI2OC00LmpwZw?v=1702479377"]},"country_origin":"BD","traceability":{"manufacturing_country_id":null,"weaving_country_id":null,"dyeing_country_id":null},"sizes":[{"id":2,"article_id":443907,"class_id":4,"name":"M","on_standby":false,"stock_local":0,"stock_global":32,"multiple":1,"estimated_date_reassort":null,"is_destocking":false},{"id":1,"article_id":443908,"class_id":5,"name":"L","on_standby":false,"stock_local":0,"stock_global":26,"multiple":1,"estimated_date_reassort":null,"is_destocking":false},{"id":4,"article_id":443909,"class_id":6,"name":"XL","on_standby":false,"stock_local":0,"stock_global":3,"multiple":1,"estimated_date_reassort":null,"is_destocking":false},{"id":1116,"article_id":443910,"class_id":7,"name":"2XL","on_standby":false,"stock_local":0,"stock_global":5,"multiple":1,"estimated_date_reassort":null,"is_destocking":false}],"page_links":{"fr":"\/fr\/p-ja-jn768-mens-knitted-hybrid-vest-jn768-17740\/royal-melange-anthracite-melange-20268\/","en":"\/en\/p-ja-jn768-mens-knitted-hybrid-vest-jn768-17740\/royal-melange-anthracite-melange-20268\/","de":"\/de\/p-ja-jn768-mens-gestrickte-hybridweste-jn768-17740\/royal-melange-anthracite-melange-20268\/","nl":"\/nl\/p-ja-jn768-mens-gehaakte-hybride-vest-jn768-17740\/royal-melange-anthracite-melange-20268\/","es":"\/es\/p-ja-jn768-chaqueta-sin-mangas-para-hombre-de-punto-hibrido-jn768-17740\/royal-melange-anthracite-melange-20268\/","it":"\/it\/p-ja-jn768-gilet-ibrido-lavorato-a-maglia-jn768-17740\/royal-melange-anthracite-melange-20268\/","sv":"\/sv\/p-ja-jn768-mans-stickad-hybridvast-jn768-17740\/royal-melange-anthracite-melange-20268\/","pt":"\/pt\/p-ja-jn768-casaco-hibrido-de-trico-para-homem-jn768-17740\/royal-melange-anthracite-melange-20268\/","da":"\/da\/p-ja-jn768-maends-strikket-hybridvest-jn768-17740\/royal-melange-anthracite-melange-20268\/","pl":"\/pl\/p-ja-jn768-meski-sweter-hybrydowy-jn768-17740\/royal-melange-anthracite-melange-20268\/"},"page_links_customization":{"fr":"\/fr\/p-ja-jn768-mens-knitted-hybrid-vest-personnalisation-jn768-17740\/royal-melange-anthracite-melange-20268\/custom\/","en":"\/en\/p-ja-jn768-mens-knitted-hybrid-vest-customization-jn768-17740\/royal-melange-anthracite-melange-20268\/custom\/","de":"\/de\/p-ja-jn768-mens-gestrickte-hybridweste-personalisierung-jn768-17740\/royal-melange-anthracite-melange-20268\/custom\/","nl":"\/nl\/p-ja-jn768-mens-gebreide-hybride-vest-personalisatie-jn768-17740\/royal-melange-anthracite-melange-20268\/custom\/","es":"\/es\/p-ja-jn768-chaleco-hibrido-de-punto-para-hombre-personalizacion-jn768-17740\/royal-melange-anthracite-melange-20268\/custom\/","it":"\/it\/p-ja-jn768-giubbotto-ibrido-lavorato-a-maglia-personalizzazione-jn768-17740\/royal-melange-anthracite-melange-20268\/custom\/","sv":"\/sv\/p-ja-jn768-mans-stickad-hybridvast-personalisering-jn768-17740\/royal-melange-anthracite-melange-20268\/custom\/","pt":"\/pt\/p-ja-jn768-jaqueta-hibrida-de-trico-personalizacao-jn768-17740\/royal-melange-anthracite-melange-20268\/custom\/","da":"\/da\/p-ja-jn768-mens-knitted-hybrid-vest-personalisering-jn768-17740\/royal-melange-anthracite-melange-20268\/custom\/","pl":"\/pl\/p-ja-jn768-meski-sweter-z-siatki-hibrydowej-personalizacja-jn768-17740\/royal-melange-anthracite-melange-20268\/custom\/"}},{"id":20266,"name":"light_melange\/anthracite_melange","class_ids":[3],"codes_hexa":["E7E3D6","2D393B"],"delai_24":false,"has_3d":false,"seuil_global":0,"stock_local":0,"stock_global":53,"on_standby":false,"in_catalog":true,"images":{"miniature":["https:\/\/media.th4.com\/H7PFFE07q_Zs-zrXX-jDTxjP2gSNZ3Pawj2dFlXQS24\/pr:80\/aHR0cDovL21lZGlhMi5kZXNpZ25wYXJ0bmVyLmZyL2MvcC8xNzc0MC8xNzc0MC0yMDI2Ni0xLmpwZw?v=1702479376","https:\/\/media.th4.com\/leW-Mh_oFLl2bWU_laofV9RBXHDZpIDLCsfpX3Woo_Y\/pr:80\/aHR0cDovL21lZGlhMi5kZXNpZ25wYXJ0bmVyLmZyL2MvcC8xNzc0MC8xNzc0MC0yMDI2Ni0yLmpwZw?v=1702479376","https:\/\/media.th4.com\/A30aQ36GsXMOv8z5ZGye8jN24BnQSNzQ_XY2VrjUpnk\/pr:80\/aHR0cDovL21lZGlhMi5kZXNpZ25wYXJ0bmVyLmZyL2MvcC8xNzc0MC8xNzc0MC0yMDI2Ni0zLmpwZw?v=1702479376","https:\/\/media.th4.com\/OYVS7I_JmRvZ3JbC8n4o7l8eEY0DODuDfy7kdnOpujc\/pr:80\/aHR0cDovL21lZGlhMi5kZXNpZ25wYXJ0bmVyLmZyL2MvcC8xNzc0MC8xNzc0MC0yMDI2Ni00LmpwZw?v=1702479377"],"medium":["https:\/\/media.th4.com\/W7YxFErhI_KEcVQ4Urj-h5w5rGlPEmUka0blLNWn2BM\/pr:550x550\/aHR0cDovL21lZGlhMi5kZXNpZ25wYXJ0bmVyLmZyL2MvcC8xNzc0MC8xNzc0MC0yMDI2Ni0xLmpwZw?v=1702479376","https:\/\/media.th4.com\/LnCzfK0poC-hSJX76a7CrEfshd8OWTWxfGkjH1oznX4\/pr:550x550\/aHR0cDovL21lZGlhMi5kZXNpZ25wYXJ0bmVyLmZyL2MvcC8xNzc0MC8xNzc0MC0yMDI2Ni0yLmpwZw?v=1702479376","https:\/\/media.th4.com\/fcIbM8AzmiYFnsma2PC_Sq2MnNQkXalqmMSbN1hbgc0\/pr:550x550\/aHR0cDovL21lZGlhMi5kZXNpZ25wYXJ0bmVyLmZyL2MvcC8xNzc0MC8xNzc0MC0yMDI2Ni0zLmpwZw?v=1702479376","https:\/\/media.th4.com\/4WZTTZjJqWGg4ZZ0B7sudG3bnLRh6KVYhqYqHilLfEc\/pr:550x550\/aHR0cDovL21lZGlhMi5kZXNpZ25wYXJ0bmVyLmZyL2MvcC8xNzc0MC8xNzc0MC0yMDI2Ni00LmpwZw?v=1702479377"],"medium_large":["https:\/\/media.th4.com\/KWKjHnMHo65OJCHm5jAqiWzCqkER7hQBBMULQB5micw\/pr:1000x1000\/aHR0cDovL21lZGlhMi5kZXNpZ25wYXJ0bmVyLmZyL2MvcC8xNzc0MC8xNzc0MC0yMDI2Ni0xLmpwZw?v=1702479376","https:\/\/media.th4.com\/2bKdgYJN8PtZhV1yjiW1IpJwlscimdo1-XBvWj-x_38\/pr:1000x1000\/aHR0cDovL21lZGlhMi5kZXNpZ25wYXJ0bmVyLmZyL2MvcC8xNzc0MC8xNzc0MC0yMDI2Ni0yLmpwZw?v=1702479376","https:\/\/media.th4.com\/WZ8wAKyMIgKDIW-PfEBxdSM6YCIT4ah8PiF0ubsYmT0\/pr:1000x1000\/aHR0cDovL21lZGlhMi5kZXNpZ25wYXJ0bmVyLmZyL2MvcC8xNzc0MC8xNzc0MC0yMDI2Ni0zLmpwZw?v=1702479376","https:\/\/media.th4.com\/0l5FedvIZZlYmGgpyKSPbbRwZjse3RHxakhl2EbSWmY\/pr:1000x1000\/aHR0cDovL21lZGlhMi5kZXNpZ25wYXJ0bmVyLmZyL2MvcC8xNzc0MC8xNzc0MC0yMDI2Ni00LmpwZw?v=1702479377"],"large":["https:\/\/media.th4.com\/CxRxH3oCmoSE6xzdkvJrvvMNya-0zDWQQIKo2H6FmPo\/pr:1920\/aHR0cDovL21lZGlhMi5kZXNpZ25wYXJ0bmVyLmZyL2MvcC8xNzc0MC8xNzc0MC0yMDI2Ni0xLmpwZw?v=1702479376","https:\/\/media.th4.com\/vVOq-5l7bfBG2PdNbWuy1Q2Vd8HV0PL29PYrQqpbGqY\/pr:1920\/aHR0cDovL21lZGlhMi5kZXNpZ25wYXJ0bmVyLmZyL2MvcC8xNzc0MC8xNzc0MC0yMDI2Ni0yLmpwZw?v=1702479376","https:\/\/media.th4.com\/KVbBkVZ0E5tYS9EVcgKyt2GWPZUWi1Ey67snFMN9Kp0\/pr:1920\/aHR0cDovL21lZGlhMi5kZXNpZ25wYXJ0bmVyLmZyL2MvcC8xNzc0MC8xNzc0MC0yMDI2Ni0zLmpwZw?v=1702479376","https:\/\/media.th4.com\/QDYN3TAfgUfIg1VqPHkiQ_WHf4VvR3XfUXddsZqoPwY\/pr:1920\/aHR0cDovL21lZGlhMi5kZXNpZ25wYXJ0bmVyLmZyL2MvcC8xNzc0MC8xNzc0MC0yMDI2Ni00LmpwZw?v=1702479377"],"opengraph":["https:\/\/media.th4.com\/Sk1AdKYr9sHC7JnUcacOOzHE3fvPRJGdXwiW79i0_4M\/pr:1200x630\/aHR0cDovL21lZGlhMi5kZXNpZ25wYXJ0bmVyLmZyL2MvcC8xNzc0MC8xNzc0MC0yMDI2Ni0xLmpwZw?v=1702479376","https:\/\/media.th4.com\/Mdq-DzeOUYIobA1HFkitps1BPaAZSmbxDgcvI6fZUD0\/pr:1200x630\/aHR0cDovL21lZGlhMi5kZXNpZ25wYXJ0bmVyLmZyL2MvcC8xNzc0MC8xNzc0MC0yMDI2Ni0yLmpwZw?v=1702479376","https:\/\/media.th4.com\/fRlvrIY7tpIE2pNzol2yDwwAMJ6LWfBZY3Y1tmy-UMw\/pr:1200x630\/aHR0cDovL21lZGlhMi5kZXNpZ25wYXJ0bmVyLmZyL2MvcC8xNzc0MC8xNzc0MC0yMDI2Ni0zLmpwZw?v=1702479376","https:\/\/media.th4.com\/T6AJtqCRmMg8xoT9FGymeu1YLjiu3gA-mTff6PpntF0\/pr:1200x630\/aHR0cDovL21lZGlhMi5kZXNpZ25wYXJ0bmVyLmZyL2MvcC8xNzc0MC8xNzc0MC0yMDI2Ni00LmpwZw?v=1702479377"]},"images_customization":{"miniature":["https:\/\/media.th4.com\/H7PFFE07q_Zs-zrXX-jDTxjP2gSNZ3Pawj2dFlXQS24\/pr:80\/aHR0cDovL21lZGlhMi5kZXNpZ25wYXJ0bmVyLmZyL2MvcC8xNzc0MC8xNzc0MC0yMDI2Ni0xLmpwZw?v=1702479376","https:\/\/media.th4.com\/leW-Mh_oFLl2bWU_laofV9RBXHDZpIDLCsfpX3Woo_Y\/pr:80\/aHR0cDovL21lZGlhMi5kZXNpZ25wYXJ0bmVyLmZyL2MvcC8xNzc0MC8xNzc0MC0yMDI2Ni0yLmpwZw?v=1702479376","https:\/\/media.th4.com\/A30aQ36GsXMOv8z5ZGye8jN24BnQSNzQ_XY2VrjUpnk\/pr:80\/aHR0cDovL21lZGlhMi5kZXNpZ25wYXJ0bmVyLmZyL2MvcC8xNzc0MC8xNzc0MC0yMDI2Ni0zLmpwZw?v=1702479376","https:\/\/media.th4.com\/OYVS7I_JmRvZ3JbC8n4o7l8eEY0DODuDfy7kdnOpujc\/pr:80\/aHR0cDovL21lZGlhMi5kZXNpZ25wYXJ0bmVyLmZyL2MvcC8xNzc0MC8xNzc0MC0yMDI2Ni00LmpwZw?v=1702479377"],"medium":["https:\/\/media.th4.com\/W7YxFErhI_KEcVQ4Urj-h5w5rGlPEmUka0blLNWn2BM\/pr:550x550\/aHR0cDovL21lZGlhMi5kZXNpZ25wYXJ0bmVyLmZyL2MvcC8xNzc0MC8xNzc0MC0yMDI2Ni0xLmpwZw?v=1702479376","https:\/\/media.th4.com\/LnCzfK0poC-hSJX76a7CrEfshd8OWTWxfGkjH1oznX4\/pr:550x550\/aHR0cDovL21lZGlhMi5kZXNpZ25wYXJ0bmVyLmZyL2MvcC8xNzc0MC8xNzc0MC0yMDI2Ni0yLmpwZw?v=1702479376","https:\/\/media.th4.com\/fcIbM8AzmiYFnsma2PC_Sq2MnNQkXalqmMSbN1hbgc0\/pr:550x550\/aHR0cDovL21lZGlhMi5kZXNpZ25wYXJ0bmVyLmZyL2MvcC8xNzc0MC8xNzc0MC0yMDI2Ni0zLmpwZw?v=1702479376","https:\/\/media.th4.com\/4WZTTZjJqWGg4ZZ0B7sudG3bnLRh6KVYhqYqHilLfEc\/pr:550x550\/aHR0cDovL21lZGlhMi5kZXNpZ25wYXJ0bmVyLmZyL2MvcC8xNzc0MC8xNzc0MC0yMDI2Ni00LmpwZw?v=1702479377"],"medium_large":["https:\/\/media.th4.com\/KWKjHnMHo65OJCHm5jAqiWzCqkER7hQBBMULQB5micw\/pr:1000x1000\/aHR0cDovL21lZGlhMi5kZXNpZ25wYXJ0bmVyLmZyL2MvcC8xNzc0MC8xNzc0MC0yMDI2Ni0xLmpwZw?v=1702479376","https:\/\/media.th4.com\/2bKdgYJN8PtZhV1yjiW1IpJwlscimdo1-XBvWj-x_38\/pr:1000x1000\/aHR0cDovL21lZGlhMi5kZXNpZ25wYXJ0bmVyLmZyL2MvcC8xNzc0MC8xNzc0MC0yMDI2Ni0yLmpwZw?v=1702479376","https:\/\/media.th4.com\/WZ8wAKyMIgKDIW-PfEBxdSM6YCIT4ah8PiF0ubsYmT0\/pr:1000x1000\/aHR0cDovL21lZGlhMi5kZXNpZ25wYXJ0bmVyLmZyL2MvcC8xNzc0MC8xNzc0MC0yMDI2Ni0zLmpwZw?v=1702479376","https:\/\/media.th4.com\/0l5FedvIZZlYmGgpyKSPbbRwZjse3RHxakhl2EbSWmY\/pr:1000x1000\/aHR0cDovL21lZGlhMi5kZXNpZ25wYXJ0bmVyLmZyL2MvcC8xNzc0MC8xNzc0MC0yMDI2Ni00LmpwZw?v=1702479377"],"large":["https:\/\/media.th4.com\/CxRxH3oCmoSE6xzdkvJrvvMNya-0zDWQQIKo2H6FmPo\/pr:1920\/aHR0cDovL21lZGlhMi5kZXNpZ25wYXJ0bmVyLmZyL2MvcC8xNzc0MC8xNzc0MC0yMDI2Ni0xLmpwZw?v=1702479376","https:\/\/media.th4.com\/vVOq-5l7bfBG2PdNbWuy1Q2Vd8HV0PL29PYrQqpbGqY\/pr:1920\/aHR0cDovL21lZGlhMi5kZXNpZ25wYXJ0bmVyLmZyL2MvcC8xNzc0MC8xNzc0MC0yMDI2Ni0yLmpwZw?v=1702479376","https:\/\/media.th4.com\/KVbBkVZ0E5tYS9EVcgKyt2GWPZUWi1Ey67snFMN9Kp0\/pr:1920\/aHR0cDovL21lZGlhMi5kZXNpZ25wYXJ0bmVyLmZyL2MvcC8xNzc0MC8xNzc0MC0yMDI2Ni0zLmpwZw?v=1702479376","https:\/\/media.th4.com\/QDYN3TAfgUfIg1VqPHkiQ_WHf4VvR3XfUXddsZqoPwY\/pr:1920\/aHR0cDovL21lZGlhMi5kZXNpZ25wYXJ0bmVyLmZyL2MvcC8xNzc0MC8xNzc0MC0yMDI2Ni00LmpwZw?v=1702479377"],"opengraph":["https:\/\/media.th4.com\/Sk1AdKYr9sHC7JnUcacOOzHE3fvPRJGdXwiW79i0_4M\/pr:1200x630\/aHR0cDovL21lZGlhMi5kZXNpZ25wYXJ0bmVyLmZyL2MvcC8xNzc0MC8xNzc0MC0yMDI2Ni0xLmpwZw?v=1702479376","https:\/\/media.th4.com\/Mdq-DzeOUYIobA1HFkitps1BPaAZSmbxDgcvI6fZUD0\/pr:1200x630\/aHR0cDovL21lZGlhMi5kZXNpZ25wYXJ0bmVyLmZyL2MvcC8xNzc0MC8xNzc0MC0yMDI2Ni0yLmpwZw?v=1702479376","https:\/\/media.th4.com\/fRlvrIY7tpIE2pNzol2yDwwAMJ6LWfBZY3Y1tmy-UMw\/pr:1200x630\/aHR0cDovL21lZGlhMi5kZXNpZ25wYXJ0bmVyLmZyL2MvcC8xNzc0MC8xNzc0MC0yMDI2Ni0zLmpwZw?v=1702479376","https:\/\/media.th4.com\/T6AJtqCRmMg8xoT9FGymeu1YLjiu3gA-mTff6PpntF0\/pr:1200x630\/aHR0cDovL21lZGlhMi5kZXNpZ25wYXJ0bmVyLmZyL2MvcC8xNzc0MC8xNzc0MC0yMDI2Ni00LmpwZw?v=1702479377"]},"country_origin":"BD","traceability":{"manufacturing_country_id":null,"weaving_country_id":null,"dyeing_country_id":null},"sizes":[{"id":3,"article_id":443900,"class_id":3,"name":"S","on_standby":false,"stock_local":0,"stock_global":2,"multiple":1,"estimated_date_reassort":null,"is_destocking":false},{"id":2,"article_id":443901,"class_id":4,"name":"M","on_standby":false,"stock_local":0,"stock_global":24,"multiple":1,"estimated_date_reassort":null,"is_destocking":false},{"id":1,"article_id":443902,"class_id":5,"name":"L","on_standby":false,"stock_local":0,"stock_global":15,"multiple":1,"estimated_date_reassort":null,"is_destocking":false},{"id":4,"article_id":443903,"class_id":6,"name":"XL","on_standby":false,"stock_local":0,"stock_global":5,"multiple":1,"estimated_date_reassort":null,"is_destocking":false},{"id":1116,"article_id":443904,"class_id":7,"name":"2XL","on_standby":false,"stock_local":0,"stock_global":3,"multiple":1,"estimated_date_reassort":null,"is_destocking":false},{"id":1081,"article_id":443905,"class_id":8,"name":"3XL","on_standby":false,"stock_local":0,"stock_global":4,"multiple":1,"estimated_date_reassort":null,"is_destocking":false}],"page_links":{"fr":"\/fr\/p-ja-jn768-mens-knitted-hybrid-vest-jn768-17740\/light-melange-anthracite-melange-20266\/","en":"\/en\/p-ja-jn768-mens-knitted-hybrid-vest-jn768-17740\/light-melange-anthracite-melange-20266\/","de":"\/de\/p-ja-jn768-mens-gestrickte-hybridweste-jn768-17740\/light-melange-anthracite-melange-20266\/","nl":"\/nl\/p-ja-jn768-mens-gehaakte-hybride-vest-jn768-17740\/light-melange-anthracite-melange-20266\/","es":"\/es\/p-ja-jn768-chaqueta-sin-mangas-para-hombre-de-punto-hibrido-jn768-17740\/light-melange-anthracite-melange-20266\/","it":"\/it\/p-ja-jn768-gilet-ibrido-lavorato-a-maglia-jn768-17740\/light-melange-anthracite-melange-20266\/","sv":"\/sv\/p-ja-jn768-mans-stickad-hybridvast-jn768-17740\/light-melange-anthracite-melange-20266\/","pt":"\/pt\/p-ja-jn768-casaco-hibrido-de-trico-para-homem-jn768-17740\/light-melange-anthracite-melange-20266\/","da":"\/da\/p-ja-jn768-maends-strikket-hybridvest-jn768-17740\/light-melange-anthracite-melange-20266\/","pl":"\/pl\/p-ja-jn768-meski-sweter-hybrydowy-jn768-17740\/light-melange-anthracite-melange-20266\/"},"page_links_customization":{"fr":"\/fr\/p-ja-jn768-mens-knitted-hybrid-vest-personnalisation-jn768-17740\/light-melange-anthracite-melange-20266\/custom\/","en":"\/en\/p-ja-jn768-mens-knitted-hybrid-vest-customization-jn768-17740\/light-melange-anthracite-melange-20266\/custom\/","de":"\/de\/p-ja-jn768-mens-gestrickte-hybridweste-personalisierung-jn768-17740\/light-melange-anthracite-melange-20266\/custom\/","nl":"\/nl\/p-ja-jn768-mens-gebreide-hybride-vest-personalisatie-jn768-17740\/light-melange-anthracite-melange-20266\/custom\/","es":"\/es\/p-ja-jn768-chaleco-hibrido-de-punto-para-hombre-personalizacion-jn768-17740\/light-melange-anthracite-melange-20266\/custom\/","it":"\/it\/p-ja-jn768-giubbotto-ibrido-lavorato-a-maglia-personalizzazione-jn768-17740\/light-melange-anthracite-melange-20266\/custom\/","sv":"\/sv\/p-ja-jn768-mans-stickad-hybridvast-personalisering-jn768-17740\/light-melange-anthracite-melange-20266\/custom\/","pt":"\/pt\/p-ja-jn768-jaqueta-hibrida-de-trico-personalizacao-jn768-17740\/light-melange-anthracite-melange-20266\/custom\/","da":"\/da\/p-ja-jn768-mens-knitted-hybrid-vest-personalisering-jn768-17740\/light-melange-anthracite-melange-20266\/custom\/","pl":"\/pl\/p-ja-jn768-meski-sweter-z-siatki-hibrydowej-personalizacja-jn768-17740\/light-melange-anthracite-melange-20266\/custom\/"}},{"id":20264,"name":"grey_melange\/anthracite_melange","class_ids":[3],"codes_hexa":["969599","2D393B"],"delai_24":false,"has_3d":false,"seuil_global":0,"stock_local":0,"stock_global":35,"on_standby":false,"in_catalog":true,"images":{"miniature":["https:\/\/media.th4.com\/8_PCj-IdCdIf7u1J8tF7AwRJXoPiVI653WC3UDaaGPU\/pr:80\/aHR0cDovL21lZGlhMi5kZXNpZ25wYXJ0bmVyLmZyL2MvcC8xNzc0MC8xNzc0MC0yMDI2NC0xLmpwZw?v=1702479375","https:\/\/media.th4.com\/s5R6br5lSA2XxzFqlSQ7aV-7B1-4KXD9fe5jUYDxr6g\/pr:80\/aHR0cDovL21lZGlhMi5kZXNpZ25wYXJ0bmVyLmZyL2MvcC8xNzc0MC8xNzc0MC0yMDI2NC0yLmpwZw?v=1702479375","https:\/\/media.th4.com\/3HAebSQO2aEXAEQq2Ioh_U5Kedc4H5TK1ZnSjA2fzpo\/pr:80\/aHR0cDovL21lZGlhMi5kZXNpZ25wYXJ0bmVyLmZyL2MvcC8xNzc0MC8xNzc0MC0yMDI2NC0zLmpwZw?v=1702479376","https:\/\/media.th4.com\/ilhH6FU5zV8iM9ucgrpStc7WzTmmcMBteiKkGAMjx5Q\/pr:80\/aHR0cDovL21lZGlhMi5kZXNpZ25wYXJ0bmVyLmZyL2MvcC8xNzc0MC8xNzc0MC0yMDI2NC00LmpwZw?v=1702479375"],"medium":["https:\/\/media.th4.com\/b4sUUoMP4h8JDEIKI4ISmnLrlryTm5fTHgSM0oPFKHs\/pr:550x550\/aHR0cDovL21lZGlhMi5kZXNpZ25wYXJ0bmVyLmZyL2MvcC8xNzc0MC8xNzc0MC0yMDI2NC0xLmpwZw?v=1702479375","https:\/\/media.th4.com\/kooWKRazQs1ar2ZlN6SjdZt6GBT5vacRHOHu5XMysE4\/pr:550x550\/aHR0cDovL21lZGlhMi5kZXNpZ25wYXJ0bmVyLmZyL2MvcC8xNzc0MC8xNzc0MC0yMDI2NC0yLmpwZw?v=1702479375","https:\/\/media.th4.com\/xbohs-YvvXalaAgnwmreDdUU6pxUJt_kXEhjUtxXWPg\/pr:550x550\/aHR0cDovL21lZGlhMi5kZXNpZ25wYXJ0bmVyLmZyL2MvcC8xNzc0MC8xNzc0MC0yMDI2NC0zLmpwZw?v=1702479376","https:\/\/media.th4.com\/X0f1tmFZetEA_A_-uFwdoKvFcDWdKn4S725n-RwuOUI\/pr:550x550\/aHR0cDovL21lZGlhMi5kZXNpZ25wYXJ0bmVyLmZyL2MvcC8xNzc0MC8xNzc0MC0yMDI2NC00LmpwZw?v=1702479375"],"medium_large":["https:\/\/media.th4.com\/EIp5pO-Uhpr8-XKczByLT1e-y3NaNSJbjqs3AvvTvN4\/pr:1000x1000\/aHR0cDovL21lZGlhMi5kZXNpZ25wYXJ0bmVyLmZyL2MvcC8xNzc0MC8xNzc0MC0yMDI2NC0xLmpwZw?v=1702479375","https:\/\/media.th4.com\/v83Nm77ZQXQHmrQemXLj2shStv8ee8STrDTvDtaAvuo\/pr:1000x1000\/aHR0cDovL21lZGlhMi5kZXNpZ25wYXJ0bmVyLmZyL2MvcC8xNzc0MC8xNzc0MC0yMDI2NC0yLmpwZw?v=1702479375","https:\/\/media.th4.com\/gIo1UsAv7WlWgLG7cE7aCh_nHFUCM91vmzeko2fcgpA\/pr:1000x1000\/aHR0cDovL21lZGlhMi5kZXNpZ25wYXJ0bmVyLmZyL2MvcC8xNzc0MC8xNzc0MC0yMDI2NC0zLmpwZw?v=1702479376","https:\/\/media.th4.com\/XKcvYw4Ott4dMlC56y8t4Q83GhCWP6vKxrn6eiOKWEI\/pr:1000x1000\/aHR0cDovL21lZGlhMi5kZXNpZ25wYXJ0bmVyLmZyL2MvcC8xNzc0MC8xNzc0MC0yMDI2NC00LmpwZw?v=1702479375"],"large":["https:\/\/media.th4.com\/mjR5V-TkrOGiXRh9lSEAiNoWnEuV2i7sfbPjXqqwwCk\/pr:1920\/aHR0cDovL21lZGlhMi5kZXNpZ25wYXJ0bmVyLmZyL2MvcC8xNzc0MC8xNzc0MC0yMDI2NC0xLmpwZw?v=1702479375","https:\/\/media.th4.com\/t78rpY4eDA4ddKctv4aDEtjDDpzT9LJf4BWaAZm3qSM\/pr:1920\/aHR0cDovL21lZGlhMi5kZXNpZ25wYXJ0bmVyLmZyL2MvcC8xNzc0MC8xNzc0MC0yMDI2NC0yLmpwZw?v=1702479375","https:\/\/media.th4.com\/H_ikvzabHTmOZQbv_kidipvo5g9VpFe4V_ESJ37pMzo\/pr:1920\/aHR0cDovL21lZGlhMi5kZXNpZ25wYXJ0bmVyLmZyL2MvcC8xNzc0MC8xNzc0MC0yMDI2NC0zLmpwZw?v=1702479376","https:\/\/media.th4.com\/ri69hVT8aUV3p53P3J6n2BoaXgBlNYjuVtLX9JWzhPA\/pr:1920\/aHR0cDovL21lZGlhMi5kZXNpZ25wYXJ0bmVyLmZyL2MvcC8xNzc0MC8xNzc0MC0yMDI2NC00LmpwZw?v=1702479375"],"opengraph":["https:\/\/media.th4.com\/k3YtirE1qEZ_yPirrCASeeFGZ9Fa6RLs_YyNunFSnDo\/pr:1200x630\/aHR0cDovL21lZGlhMi5kZXNpZ25wYXJ0bmVyLmZyL2MvcC8xNzc0MC8xNzc0MC0yMDI2NC0xLmpwZw?v=1702479375","https:\/\/media.th4.com\/WyviBkemK4BwChiqplD_CX5MjrJQajfH3L7Fqq0Q5XI\/pr:1200x630\/aHR0cDovL21lZGlhMi5kZXNpZ25wYXJ0bmVyLmZyL2MvcC8xNzc0MC8xNzc0MC0yMDI2NC0yLmpwZw?v=1702479375","https:\/\/media.th4.com\/_KOiOvGcvIJ7MzG-ssXm0qYBn1ardRiFemKBr1nP28A\/pr:1200x630\/aHR0cDovL21lZGlhMi5kZXNpZ25wYXJ0bmVyLmZyL2MvcC8xNzc0MC8xNzc0MC0yMDI2NC0zLmpwZw?v=1702479376","https:\/\/media.th4.com\/jeJTpkemWCAkw67ZBUVDXJVImuVrBtRGhNiQQgAOArQ\/pr:1200x630\/aHR0cDovL21lZGlhMi5kZXNpZ25wYXJ0bmVyLmZyL2MvcC8xNzc0MC8xNzc0MC0yMDI2NC00LmpwZw?v=1702479375"]},"images_customization":{"miniature":["https:\/\/media.th4.com\/8_PCj-IdCdIf7u1J8tF7AwRJXoPiVI653WC3UDaaGPU\/pr:80\/aHR0cDovL21lZGlhMi5kZXNpZ25wYXJ0bmVyLmZyL2MvcC8xNzc0MC8xNzc0MC0yMDI2NC0xLmpwZw?v=1702479375","https:\/\/media.th4.com\/s5R6br5lSA2XxzFqlSQ7aV-7B1-4KXD9fe5jUYDxr6g\/pr:80\/aHR0cDovL21lZGlhMi5kZXNpZ25wYXJ0bmVyLmZyL2MvcC8xNzc0MC8xNzc0MC0yMDI2NC0yLmpwZw?v=1702479375","https:\/\/media.th4.com\/3HAebSQO2aEXAEQq2Ioh_U5Kedc4H5TK1ZnSjA2fzpo\/pr:80\/aHR0cDovL21lZGlhMi5kZXNpZ25wYXJ0bmVyLmZyL2MvcC8xNzc0MC8xNzc0MC0yMDI2NC0zLmpwZw?v=1702479376","https:\/\/media.th4.com\/ilhH6FU5zV8iM9ucgrpStc7WzTmmcMBteiKkGAMjx5Q\/pr:80\/aHR0cDovL21lZGlhMi5kZXNpZ25wYXJ0bmVyLmZyL2MvcC8xNzc0MC8xNzc0MC0yMDI2NC00LmpwZw?v=1702479375"],"medium":["https:\/\/media.th4.com\/b4sUUoMP4h8JDEIKI4ISmnLrlryTm5fTHgSM0oPFKHs\/pr:550x550\/aHR0cDovL21lZGlhMi5kZXNpZ25wYXJ0bmVyLmZyL2MvcC8xNzc0MC8xNzc0MC0yMDI2NC0xLmpwZw?v=1702479375","https:\/\/media.th4.com\/kooWKRazQs1ar2ZlN6SjdZt6GBT5vacRHOHu5XMysE4\/pr:550x550\/aHR0cDovL21lZGlhMi5kZXNpZ25wYXJ0bmVyLmZyL2MvcC8xNzc0MC8xNzc0MC0yMDI2NC0yLmpwZw?v=1702479375","https:\/\/media.th4.com\/xbohs-YvvXalaAgnwmreDdUU6pxUJt_kXEhjUtxXWPg\/pr:550x550\/aHR0cDovL21lZGlhMi5kZXNpZ25wYXJ0bmVyLmZyL2MvcC8xNzc0MC8xNzc0MC0yMDI2NC0zLmpwZw?v=1702479376","https:\/\/media.th4.com\/X0f1tmFZetEA_A_-uFwdoKvFcDWdKn4S725n-RwuOUI\/pr:550x550\/aHR0cDovL21lZGlhMi5kZXNpZ25wYXJ0bmVyLmZyL2MvcC8xNzc0MC8xNzc0MC0yMDI2NC00LmpwZw?v=1702479375"],"medium_large":["https:\/\/media.th4.com\/EIp5pO-Uhpr8-XKczByLT1e-y3NaNSJbjqs3AvvTvN4\/pr:1000x1000\/aHR0cDovL21lZGlhMi5kZXNpZ25wYXJ0bmVyLmZyL2MvcC8xNzc0MC8xNzc0MC0yMDI2NC0xLmpwZw?v=1702479375","https:\/\/media.th4.com\/v83Nm77ZQXQHmrQemXLj2shStv8ee8STrDTvDtaAvuo\/pr:1000x1000\/aHR0cDovL21lZGlhMi5kZXNpZ25wYXJ0bmVyLmZyL2MvcC8xNzc0MC8xNzc0MC0yMDI2NC0yLmpwZw?v=1702479375","https:\/\/media.th4.com\/gIo1UsAv7WlWgLG7cE7aCh_nHFUCM91vmzeko2fcgpA\/pr:1000x1000\/aHR0cDovL21lZGlhMi5kZXNpZ25wYXJ0bmVyLmZyL2MvcC8xNzc0MC8xNzc0MC0yMDI2NC0zLmpwZw?v=1702479376","https:\/\/media.th4.com\/XKcvYw4Ott4dMlC56y8t4Q83GhCWP6vKxrn6eiOKWEI\/pr:1000x1000\/aHR0cDovL21lZGlhMi5kZXNpZ25wYXJ0bmVyLmZyL2MvcC8xNzc0MC8xNzc0MC0yMDI2NC00LmpwZw?v=1702479375"],"large":["https:\/\/media.th4.com\/mjR5V-TkrOGiXRh9lSEAiNoWnEuV2i7sfbPjXqqwwCk\/pr:1920\/aHR0cDovL21lZGlhMi5kZXNpZ25wYXJ0bmVyLmZyL2MvcC8xNzc0MC8xNzc0MC0yMDI2NC0xLmpwZw?v=1702479375","https:\/\/media.th4.com\/t78rpY4eDA4ddKctv4aDEtjDDpzT9LJf4BWaAZm3qSM\/pr:1920\/aHR0cDovL21lZGlhMi5kZXNpZ25wYXJ0bmVyLmZyL2MvcC8xNzc0MC8xNzc0MC0yMDI2NC0yLmpwZw?v=1702479375","https:\/\/media.th4.com\/H_ikvzabHTmOZQbv_kidipvo5g9VpFe4V_ESJ37pMzo\/pr:1920\/aHR0cDovL21lZGlhMi5kZXNpZ25wYXJ0bmVyLmZyL2MvcC8xNzc0MC8xNzc0MC0yMDI2NC0zLmpwZw?v=1702479376","https:\/\/media.th4.com\/ri69hVT8aUV3p53P3J6n2BoaXgBlNYjuVtLX9JWzhPA\/pr:1920\/aHR0cDovL21lZGlhMi5kZXNpZ25wYXJ0bmVyLmZyL2MvcC8xNzc0MC8xNzc0MC0yMDI2NC00LmpwZw?v=1702479375"],"opengraph":["https:\/\/media.th4.com\/k3YtirE1qEZ_yPirrCASeeFGZ9Fa6RLs_YyNunFSnDo\/pr:1200x630\/aHR0cDovL21lZGlhMi5kZXNpZ25wYXJ0bmVyLmZyL2MvcC8xNzc0MC8xNzc0MC0yMDI2NC0xLmpwZw?v=1702479375","https:\/\/media.th4.com\/WyviBkemK4BwChiqplD_CX5MjrJQajfH3L7Fqq0Q5XI\/pr:1200x630\/aHR0cDovL21lZGlhMi5kZXNpZ25wYXJ0bmVyLmZyL2MvcC8xNzc0MC8xNzc0MC0yMDI2NC0yLmpwZw?v=1702479375","https:\/\/media.th4.com\/_KOiOvGcvIJ7MzG-ssXm0qYBn1ardRiFemKBr1nP28A\/pr:1200x630\/aHR0cDovL21lZGlhMi5kZXNpZ25wYXJ0bmVyLmZyL2MvcC8xNzc0MC8xNzc0MC0yMDI2NC0zLmpwZw?v=1702479376","https:\/\/media.th4.com\/jeJTpkemWCAkw67ZBUVDXJVImuVrBtRGhNiQQgAOArQ\/pr:1200x630\/aHR0cDovL21lZGlhMi5kZXNpZ25wYXJ0bmVyLmZyL2MvcC8xNzc0MC8xNzc0MC0yMDI2NC00LmpwZw?v=1702479375"]},"country_origin":"BD","traceability":{"manufacturing_country_id":null,"weaving_country_id":null,"dyeing_country_id":null},"sizes":[{"id":2,"article_id":443889,"class_id":4,"name":"M","on_standby":false,"stock_local":0,"stock_global":17,"multiple":1,"estimated_date_reassort":null,"is_destocking":false},{"id":1,"article_id":443890,"class_id":5,"name":"L","on_standby":false,"stock_local":0,"stock_global":10,"multiple":1,"estimated_date_reassort":null,"is_destocking":false},{"id":4,"article_id":443891,"class_id":6,"name":"XL","on_standby":false,"stock_local":0,"stock_global":3,"multiple":1,"estimated_date_reassort":null,"is_destocking":false},{"id":1081,"article_id":443893,"class_id":8,"name":"3XL","on_standby":false,"stock_local":0,"stock_global":5,"multiple":1,"estimated_date_reassort":null,"is_destocking":false}],"page_links":{"fr":"\/fr\/p-ja-jn768-mens-knitted-hybrid-vest-jn768-17740\/grey-melange-anthracite-melange-20264\/","en":"\/en\/p-ja-jn768-mens-knitted-hybrid-vest-jn768-17740\/grey-melange-anthracite-melange-20264\/","de":"\/de\/p-ja-jn768-mens-gestrickte-hybridweste-jn768-17740\/grey-melange-anthracite-melange-20264\/","nl":"\/nl\/p-ja-jn768-mens-gehaakte-hybride-vest-jn768-17740\/grey-melange-anthracite-melange-20264\/","es":"\/es\/p-ja-jn768-chaqueta-sin-mangas-para-hombre-de-punto-hibrido-jn768-17740\/grey-melange-anthracite-melange-20264\/","it":"\/it\/p-ja-jn768-gilet-ibrido-lavorato-a-maglia-jn768-17740\/grey-melange-anthracite-melange-20264\/","sv":"\/sv\/p-ja-jn768-mans-stickad-hybridvast-jn768-17740\/grey-melange-anthracite-melange-20264\/","pt":"\/pt\/p-ja-jn768-casaco-hibrido-de-trico-para-homem-jn768-17740\/grey-melange-anthracite-melange-20264\/","da":"\/da\/p-ja-jn768-maends-strikket-hybridvest-jn768-17740\/grey-melange-anthracite-melange-20264\/","pl":"\/pl\/p-ja-jn768-meski-sweter-hybrydowy-jn768-17740\/grey-melange-anthracite-melange-20264\/"},"page_links_customization":{"fr":"\/fr\/p-ja-jn768-mens-knitted-hybrid-vest-personnalisation-jn768-17740\/grey-melange-anthracite-melange-20264\/custom\/","en":"\/en\/p-ja-jn768-mens-knitted-hybrid-vest-customization-jn768-17740\/grey-melange-anthracite-melange-20264\/custom\/","de":"\/de\/p-ja-jn768-mens-gestrickte-hybridweste-personalisierung-jn768-17740\/grey-melange-anthracite-melange-20264\/custom\/","nl":"\/nl\/p-ja-jn768-mens-gebreide-hybride-vest-personalisatie-jn768-17740\/grey-melange-anthracite-melange-20264\/custom\/","es":"\/es\/p-ja-jn768-chaleco-hibrido-de-punto-para-hombre-personalizacion-jn768-17740\/grey-melange-anthracite-melange-20264\/custom\/","it":"\/it\/p-ja-jn768-giubbotto-ibrido-lavorato-a-maglia-personalizzazione-jn768-17740\/grey-melange-anthracite-melange-20264\/custom\/","sv":"\/sv\/p-ja-jn768-mans-stickad-hybridvast-personalisering-jn768-17740\/grey-melange-anthracite-melange-20264\/custom\/","pt":"\/pt\/p-ja-jn768-jaqueta-hibrida-de-trico-personalizacao-jn768-17740\/grey-melange-anthracite-melange-20264\/custom\/","da":"\/da\/p-ja-jn768-mens-knitted-hybrid-vest-personalisering-jn768-17740\/grey-melange-anthracite-melange-20264\/custom\/","pl":"\/pl\/p-ja-jn768-meski-sweter-z-siatki-hibrydowej-personalizacja-jn768-17740\/grey-melange-anthracite-melange-20264\/custom\/"}},{"id":20265,"name":"kiwi_melange\/anthracite_melange","class_ids":[5,3],"codes_hexa":["6BC200","2D393B"],"delai_24":false,"has_3d":false,"seuil_global":0,"stock_local":0,"stock_global":34,"on_standby":false,"in_catalog":true,"images":{"miniature":["https:\/\/media.th4.com\/hYVvoe7T8M-iSwu3AM0gbfD1Kvrtgpdsyv2d1bs_kY0\/pr:80\/aHR0cDovL21lZGlhMi5kZXNpZ25wYXJ0bmVyLmZyL2MvcC8xNzc0MC8xNzc0MC0yMDI2NS0xLmpwZw?v=1702479376","https:\/\/media.th4.com\/btTqW5WZUtUFuyXmmYMR_AjRP2lTtAEspaFII6HDJFo\/pr:80\/aHR0cDovL21lZGlhMi5kZXNpZ25wYXJ0bmVyLmZyL2MvcC8xNzc0MC8xNzc0MC0yMDI2NS0yLmpwZw?v=1702479376","https:\/\/media.th4.com\/3d-MHUOkWI2-S4o5AtO5zNFoo9APJaXEVI7JnBzJYZw\/pr:80\/aHR0cDovL21lZGlhMi5kZXNpZ25wYXJ0bmVyLmZyL2MvcC8xNzc0MC8xNzc0MC0yMDI2NS0zLmpwZw?v=1702479376","https:\/\/media.th4.com\/DhMqFBNRuT2H43neIJww8OsoxOud6B4V-AdbR_N9LRw\/pr:80\/aHR0cDovL21lZGlhMi5kZXNpZ25wYXJ0bmVyLmZyL2MvcC8xNzc0MC8xNzc0MC0yMDI2NS00LmpwZw?v=1702479376"],"medium":["https:\/\/media.th4.com\/oQgePSCmeJf9emqRvBc39KogWO0rlLeVcaHw-WmWAbM\/pr:550x550\/aHR0cDovL21lZGlhMi5kZXNpZ25wYXJ0bmVyLmZyL2MvcC8xNzc0MC8xNzc0MC0yMDI2NS0xLmpwZw?v=1702479376","https:\/\/media.th4.com\/EnPWJml6ij4hTCh8YELGqV594AL3dn_-9CnzJJqj1f4\/pr:550x550\/aHR0cDovL21lZGlhMi5kZXNpZ25wYXJ0bmVyLmZyL2MvcC8xNzc0MC8xNzc0MC0yMDI2NS0yLmpwZw?v=1702479376","https:\/\/media.th4.com\/ibSoKzAbHPG4P-L_rNoXWVkWPxFpEHJ9Q3_FLFSsZl4\/pr:550x550\/aHR0cDovL21lZGlhMi5kZXNpZ25wYXJ0bmVyLmZyL2MvcC8xNzc0MC8xNzc0MC0yMDI2NS0zLmpwZw?v=1702479376","https:\/\/media.th4.com\/jsE9AnTBZuP2B_n0ETKBNS6yVJDlDV6lJbRK5CDOIKE\/pr:550x550\/aHR0cDovL21lZGlhMi5kZXNpZ25wYXJ0bmVyLmZyL2MvcC8xNzc0MC8xNzc0MC0yMDI2NS00LmpwZw?v=1702479376"],"medium_large":["https:\/\/media.th4.com\/n2ewjS0XFmAS3CUkNu9yEM7chcq8ggeIu3skKnOob3c\/pr:1000x1000\/aHR0cDovL21lZGlhMi5kZXNpZ25wYXJ0bmVyLmZyL2MvcC8xNzc0MC8xNzc0MC0yMDI2NS0xLmpwZw?v=1702479376","https:\/\/media.th4.com\/vGR3hK8Fc_aDAIh8DwWZ49DzfB2YneKOOXop2aOJuRQ\/pr:1000x1000\/aHR0cDovL21lZGlhMi5kZXNpZ25wYXJ0bmVyLmZyL2MvcC8xNzc0MC8xNzc0MC0yMDI2NS0yLmpwZw?v=1702479376","https:\/\/media.th4.com\/0YzttQRW6xe0_p7t78RvD7UL8nTUx5zHSpQ97sIGaUk\/pr:1000x1000\/aHR0cDovL21lZGlhMi5kZXNpZ25wYXJ0bmVyLmZyL2MvcC8xNzc0MC8xNzc0MC0yMDI2NS0zLmpwZw?v=1702479376","https:\/\/media.th4.com\/aAoFFIbLtnK-x8amURL4K5fTYRqKAfua34Zd86Lt-JI\/pr:1000x1000\/aHR0cDovL21lZGlhMi5kZXNpZ25wYXJ0bmVyLmZyL2MvcC8xNzc0MC8xNzc0MC0yMDI2NS00LmpwZw?v=1702479376"],"large":["https:\/\/media.th4.com\/n8DTGiG_6utkmEAQQ2bE8z4KrXSaLVcIzJRkgc5XwR0\/pr:1920\/aHR0cDovL21lZGlhMi5kZXNpZ25wYXJ0bmVyLmZyL2MvcC8xNzc0MC8xNzc0MC0yMDI2NS0xLmpwZw?v=1702479376","https:\/\/media.th4.com\/iLdx3beEIqBkS51S76yIkkNzJ4l4g8E7Bjbam3zjqak\/pr:1920\/aHR0cDovL21lZGlhMi5kZXNpZ25wYXJ0bmVyLmZyL2MvcC8xNzc0MC8xNzc0MC0yMDI2NS0yLmpwZw?v=1702479376","https:\/\/media.th4.com\/14fAd_IP4dhSFRFEUZaYWt2UhXPa5kYLw3rv_2FRaSU\/pr:1920\/aHR0cDovL21lZGlhMi5kZXNpZ25wYXJ0bmVyLmZyL2MvcC8xNzc0MC8xNzc0MC0yMDI2NS0zLmpwZw?v=1702479376","https:\/\/media.th4.com\/h5Lk7vHNy4GgjxMQkmYjLe3xPhHGBdrU56R1JsV08WA\/pr:1920\/aHR0cDovL21lZGlhMi5kZXNpZ25wYXJ0bmVyLmZyL2MvcC8xNzc0MC8xNzc0MC0yMDI2NS00LmpwZw?v=1702479376"],"opengraph":["https:\/\/media.th4.com\/VziixRo4T5dSK3ERp4ZpVask2dnfgAMGQ_H2GrVHY_U\/pr:1200x630\/aHR0cDovL21lZGlhMi5kZXNpZ25wYXJ0bmVyLmZyL2MvcC8xNzc0MC8xNzc0MC0yMDI2NS0xLmpwZw?v=1702479376","https:\/\/media.th4.com\/H8zCoDvv6zHl1_2QPmdCzymIr8kKCLA1ZyDCUiyxAMY\/pr:1200x630\/aHR0cDovL21lZGlhMi5kZXNpZ25wYXJ0bmVyLmZyL2MvcC8xNzc0MC8xNzc0MC0yMDI2NS0yLmpwZw?v=1702479376","https:\/\/media.th4.com\/K0uzO--HkrOVkNvZjA5pJZMYW9BlRurMYyfgzIt3dpw\/pr:1200x630\/aHR0cDovL21lZGlhMi5kZXNpZ25wYXJ0bmVyLmZyL2MvcC8xNzc0MC8xNzc0MC0yMDI2NS0zLmpwZw?v=1702479376","https:\/\/media.th4.com\/Cv7fspxLg-c1tTMZ539RFb3bGNBefzY6zcB6_vNxgzA\/pr:1200x630\/aHR0cDovL21lZGlhMi5kZXNpZ25wYXJ0bmVyLmZyL2MvcC8xNzc0MC8xNzc0MC0yMDI2NS00LmpwZw?v=1702479376"]},"images_customization":{"miniature":["https:\/\/media.th4.com\/hYVvoe7T8M-iSwu3AM0gbfD1Kvrtgpdsyv2d1bs_kY0\/pr:80\/aHR0cDovL21lZGlhMi5kZXNpZ25wYXJ0bmVyLmZyL2MvcC8xNzc0MC8xNzc0MC0yMDI2NS0xLmpwZw?v=1702479376","https:\/\/media.th4.com\/btTqW5WZUtUFuyXmmYMR_AjRP2lTtAEspaFII6HDJFo\/pr:80\/aHR0cDovL21lZGlhMi5kZXNpZ25wYXJ0bmVyLmZyL2MvcC8xNzc0MC8xNzc0MC0yMDI2NS0yLmpwZw?v=1702479376","https:\/\/media.th4.com\/3d-MHUOkWI2-S4o5AtO5zNFoo9APJaXEVI7JnBzJYZw\/pr:80\/aHR0cDovL21lZGlhMi5kZXNpZ25wYXJ0bmVyLmZyL2MvcC8xNzc0MC8xNzc0MC0yMDI2NS0zLmpwZw?v=1702479376","https:\/\/media.th4.com\/DhMqFBNRuT2H43neIJww8OsoxOud6B4V-AdbR_N9LRw\/pr:80\/aHR0cDovL21lZGlhMi5kZXNpZ25wYXJ0bmVyLmZyL2MvcC8xNzc0MC8xNzc0MC0yMDI2NS00LmpwZw?v=1702479376"],"medium":["https:\/\/media.th4.com\/oQgePSCmeJf9emqRvBc39KogWO0rlLeVcaHw-WmWAbM\/pr:550x550\/aHR0cDovL21lZGlhMi5kZXNpZ25wYXJ0bmVyLmZyL2MvcC8xNzc0MC8xNzc0MC0yMDI2NS0xLmpwZw?v=1702479376","https:\/\/media.th4.com\/EnPWJml6ij4hTCh8YELGqV594AL3dn_-9CnzJJqj1f4\/pr:550x550\/aHR0cDovL21lZGlhMi5kZXNpZ25wYXJ0bmVyLmZyL2MvcC8xNzc0MC8xNzc0MC0yMDI2NS0yLmpwZw?v=1702479376","https:\/\/media.th4.com\/ibSoKzAbHPG4P-L_rNoXWVkWPxFpEHJ9Q3_FLFSsZl4\/pr:550x550\/aHR0cDovL21lZGlhMi5kZXNpZ25wYXJ0bmVyLmZyL2MvcC8xNzc0MC8xNzc0MC0yMDI2NS0zLmpwZw?v=1702479376","https:\/\/media.th4.com\/jsE9AnTBZuP2B_n0ETKBNS6yVJDlDV6lJbRK5CDOIKE\/pr:550x550\/aHR0cDovL21lZGlhMi5kZXNpZ25wYXJ0bmVyLmZyL2MvcC8xNzc0MC8xNzc0MC0yMDI2NS00LmpwZw?v=1702479376"],"medium_large":["https:\/\/media.th4.com\/n2ewjS0XFmAS3CUkNu9yEM7chcq8ggeIu3skKnOob3c\/pr:1000x1000\/aHR0cDovL21lZGlhMi5kZXNpZ25wYXJ0bmVyLmZyL2MvcC8xNzc0MC8xNzc0MC0yMDI2NS0xLmpwZw?v=1702479376","https:\/\/media.th4.com\/vGR3hK8Fc_aDAIh8DwWZ49DzfB2YneKOOXop2aOJuRQ\/pr:1000x1000\/aHR0cDovL21lZGlhMi5kZXNpZ25wYXJ0bmVyLmZyL2MvcC8xNzc0MC8xNzc0MC0yMDI2NS0yLmpwZw?v=1702479376","https:\/\/media.th4.com\/0YzttQRW6xe0_p7t78RvD7UL8nTUx5zHSpQ97sIGaUk\/pr:1000x1000\/aHR0cDovL21lZGlhMi5kZXNpZ25wYXJ0bmVyLmZyL2MvcC8xNzc0MC8xNzc0MC0yMDI2NS0zLmpwZw?v=1702479376","https:\/\/media.th4.com\/aAoFFIbLtnK-x8amURL4K5fTYRqKAfua34Zd86Lt-JI\/pr:1000x1000\/aHR0cDovL21lZGlhMi5kZXNpZ25wYXJ0bmVyLmZyL2MvcC8xNzc0MC8xNzc0MC0yMDI2NS00LmpwZw?v=1702479376"],"large":["https:\/\/media.th4.com\/n8DTGiG_6utkmEAQQ2bE8z4KrXSaLVcIzJRkgc5XwR0\/pr:1920\/aHR0cDovL21lZGlhMi5kZXNpZ25wYXJ0bmVyLmZyL2MvcC8xNzc0MC8xNzc0MC0yMDI2NS0xLmpwZw?v=1702479376","https:\/\/media.th4.com\/iLdx3beEIqBkS51S76yIkkNzJ4l4g8E7Bjbam3zjqak\/pr:1920\/aHR0cDovL21lZGlhMi5kZXNpZ25wYXJ0bmVyLmZyL2MvcC8xNzc0MC8xNzc0MC0yMDI2NS0yLmpwZw?v=1702479376","https:\/\/media.th4.com\/14fAd_IP4dhSFRFEUZaYWt2UhXPa5kYLw3rv_2FRaSU\/pr:1920\/aHR0cDovL21lZGlhMi5kZXNpZ25wYXJ0bmVyLmZyL2MvcC8xNzc0MC8xNzc0MC0yMDI2NS0zLmpwZw?v=1702479376","https:\/\/media.th4.com\/h5Lk7vHNy4GgjxMQkmYjLe3xPhHGBdrU56R1JsV08WA\/pr:1920\/aHR0cDovL21lZGlhMi5kZXNpZ25wYXJ0bmVyLmZyL2MvcC8xNzc0MC8xNzc0MC0yMDI2NS00LmpwZw?v=1702479376"],"opengraph":["https:\/\/media.th4.com\/VziixRo4T5dSK3ERp4ZpVask2dnfgAMGQ_H2GrVHY_U\/pr:1200x630\/aHR0cDovL21lZGlhMi5kZXNpZ25wYXJ0bmVyLmZyL2MvcC8xNzc0MC8xNzc0MC0yMDI2NS0xLmpwZw?v=1702479376","https:\/\/media.th4.com\/H8zCoDvv6zHl1_2QPmdCzymIr8kKCLA1ZyDCUiyxAMY\/pr:1200x630\/aHR0cDovL21lZGlhMi5kZXNpZ25wYXJ0bmVyLmZyL2MvcC8xNzc0MC8xNzc0MC0yMDI2NS0yLmpwZw?v=1702479376","https:\/\/media.th4.com\/K0uzO--HkrOVkNvZjA5pJZMYW9BlRurMYyfgzIt3dpw\/pr:1200x630\/aHR0cDovL21lZGlhMi5kZXNpZ25wYXJ0bmVyLmZyL2MvcC8xNzc0MC8xNzc0MC0yMDI2NS0zLmpwZw?v=1702479376","https:\/\/media.th4.com\/Cv7fspxLg-c1tTMZ539RFb3bGNBefzY6zcB6_vNxgzA\/pr:1200x630\/aHR0cDovL21lZGlhMi5kZXNpZ25wYXJ0bmVyLmZyL2MvcC8xNzc0MC8xNzc0MC0yMDI2NS00LmpwZw?v=1702479376"]},"country_origin":"BD","traceability":{"manufacturing_country_id":null,"weaving_country_id":null,"dyeing_country_id":null},"sizes":[{"id":2,"article_id":443895,"class_id":4,"name":"M","on_standby":false,"stock_local":0,"stock_global":10,"multiple":1,"estimated_date_reassort":null,"is_destocking":false},{"id":1,"article_id":443896,"class_id":5,"name":"L","on_standby":false,"stock_local":0,"stock_global":20,"multiple":1,"estimated_date_reassort":null,"is_destocking":false},{"id":4,"article_id":443897,"class_id":6,"name":"XL","on_standby":false,"stock_local":0,"stock_global":3,"multiple":1,"estimated_date_reassort":null,"is_destocking":false},{"id":1081,"article_id":443899,"class_id":8,"name":"3XL","on_standby":false,"stock_local":0,"stock_global":1,"multiple":1,"estimated_date_reassort":null,"is_destocking":false}],"page_links":{"fr":"\/fr\/p-ja-jn768-mens-knitted-hybrid-vest-jn768-17740\/kiwi-melange-anthracite-melange-20265\/","en":"\/en\/p-ja-jn768-mens-knitted-hybrid-vest-jn768-17740\/kiwi-melange-anthracite-melange-20265\/","de":"\/de\/p-ja-jn768-mens-gestrickte-hybridweste-jn768-17740\/kiwi-melange-anthracite-melange-20265\/","nl":"\/nl\/p-ja-jn768-mens-gehaakte-hybride-vest-jn768-17740\/kiwi-melange-anthracite-melange-20265\/","es":"\/es\/p-ja-jn768-chaqueta-sin-mangas-para-hombre-de-punto-hibrido-jn768-17740\/kiwi-melange-anthracite-melange-20265\/","it":"\/it\/p-ja-jn768-gilet-ibrido-lavorato-a-maglia-jn768-17740\/kiwi-melange-anthracite-melange-20265\/","sv":"\/sv\/p-ja-jn768-mans-stickad-hybridvast-jn768-17740\/kiwi-melange-anthracite-melange-20265\/","pt":"\/pt\/p-ja-jn768-casaco-hibrido-de-trico-para-homem-jn768-17740\/kiwi-melange-anthracite-melange-20265\/","da":"\/da\/p-ja-jn768-maends-strikket-hybridvest-jn768-17740\/kiwi-melange-anthracite-melange-20265\/","pl":"\/pl\/p-ja-jn768-meski-sweter-hybrydowy-jn768-17740\/kiwi-melange-anthracite-melange-20265\/"},"page_links_customization":{"fr":"\/fr\/p-ja-jn768-mens-knitted-hybrid-vest-personnalisation-jn768-17740\/kiwi-melange-anthracite-melange-20265\/custom\/","en":"\/en\/p-ja-jn768-mens-knitted-hybrid-vest-customization-jn768-17740\/kiwi-melange-anthracite-melange-20265\/custom\/","de":"\/de\/p-ja-jn768-mens-gestrickte-hybridweste-personalisierung-jn768-17740\/kiwi-melange-anthracite-melange-20265\/custom\/","nl":"\/nl\/p-ja-jn768-mens-gebreide-hybride-vest-personalisatie-jn768-17740\/kiwi-melange-anthracite-melange-20265\/custom\/","es":"\/es\/p-ja-jn768-chaleco-hibrido-de-punto-para-hombre-personalizacion-jn768-17740\/kiwi-melange-anthracite-melange-20265\/custom\/","it":"\/it\/p-ja-jn768-giubbotto-ibrido-lavorato-a-maglia-personalizzazione-jn768-17740\/kiwi-melange-anthracite-melange-20265\/custom\/","sv":"\/sv\/p-ja-jn768-mans-stickad-hybridvast-personalisering-jn768-17740\/kiwi-melange-anthracite-melange-20265\/custom\/","pt":"\/pt\/p-ja-jn768-jaqueta-hibrida-de-trico-personalizacao-jn768-17740\/kiwi-melange-anthracite-melange-20265\/custom\/","da":"\/da\/p-ja-jn768-mens-knitted-hybrid-vest-personalisering-jn768-17740\/kiwi-melange-anthracite-melange-20265\/custom\/","pl":"\/pl\/p-ja-jn768-meski-sweter-z-siatki-hibrydowej-personalizacja-jn768-17740\/kiwi-melange-anthracite-melange-20265\/custom\/"}}],"documentation_link":null,"countries_availables":["AD","AE","AL","AT","BA","BD","BE","BG","BL","CA","CH","CN","CO","CY","CZ","DE","DK","DO","EE","EG","ES","ET","FI","FR","GB","GE","GF","GP","GR","GT","HK","HN","HR","HT","HU","ID","IE","IN","IS","IT","JO","JP","KE","KH","KP","KR","LA","LK","LS","LT","LU","LV","MA","MF","MG","MK","MM","MN","MQ","MT","MX","MY","NC","NI","NL","PF","PH","PK","PL","PM","PT","RE","RO","SE","SG","SI","SK","SV","SY","TH","TN","TR","TW","TZ","US","VN","WF","YT"]},"infos_customization":[],"features":{"authorize_multi_surfaces":true,"display_order_delay_type":true,"promote_surface_display":true,"tarification_franco_offert":true,"enabled_3d_editor":false},"markings":[{"id":0,"nom":"vierge","finition":null,"libelle":null,"code":null,"dpi":null,"finesse_forme_isolee":null,"finesse_forme_non_isolee":null,"hauteur_minimale_texte":null,"inactif":0,"marquage_interne":1,"quantite_min":null,"parent_id":null,"print_on_support":0,"content":"vierge","description":null},{"id":2,"nom":"fonce","finition":"optimale","libelle":"TopQuadri","code":null,"dpi":400,"finesse_forme_isolee":"0.040","finesse_forme_non_isolee":"0.700","hauteur_minimale_texte":2,"inactif":0,"marquage_interne":1,"quantite_min":null,"parent_id":18,"print_on_support":0,"content":"TopQuadri","description":"pour petites et moyennes s\u00e9ries"},{"id":3,"nom":"serigraphie","finition":"serigraphie","libelle":"SeriCoat","code":null,"dpi":400,"finesse_forme_isolee":"0.040","finesse_forme_non_isolee":"0.700","hauteur_minimale_texte":2,"inactif":0,"marquage_interne":1,"quantite_min":15,"parent_id":18,"print_on_support":0,"content":"SeriCoat","description":"pour moyennes et grandes s\u00e9ries"},{"id":4,"nom":"broderie","finition":"broderie","libelle":"Broderie","code":null,"dpi":400,"finesse_forme_isolee":"0.040","finesse_forme_non_isolee":"0.700","hauteur_minimale_texte":3,"inactif":0,"marquage_interne":1,"quantite_min":null,"parent_id":null,"print_on_support":0,"content":"Broderie","description":null},{"id":8,"nom":"theme","finition":null,"libelle":"Th\u00e8me","code":null,"dpi":null,"finesse_forme_isolee":null,"finesse_forme_non_isolee":null,"hauteur_minimale_texte":null,"inactif":0,"marquage_interne":1,"quantite_min":null,"parent_id":null,"print_on_support":0,"content":"Th\u00e8me","description":null},{"id":9,"nom":"sans","finition":null,"libelle":null,"code":null,"dpi":null,"finesse_forme_isolee":null,"finesse_forme_non_isolee":null,"hauteur_minimale_texte":null,"inactif":0,"marquage_interne":1,"quantite_min":null,"parent_id":null,"print_on_support":0,"content":"sans","description":null},{"id":10,"nom":"photo","finition":null,"libelle":"Photo","code":null,"dpi":null,"finesse_forme_isolee":null,"finesse_forme_non_isolee":null,"hauteur_minimale_texte":null,"inactif":0,"marquage_interne":1,"quantite_min":null,"parent_id":null,"print_on_support":0,"content":"Photo","description":null},{"id":14,"nom":"couleur","finition":null,"libelle":"Couleur","code":null,"dpi":null,"finesse_forme_isolee":null,"finesse_forme_non_isolee":null,"hauteur_minimale_texte":null,"inactif":0,"marquage_interne":1,"quantite_min":null,"parent_id":null,"print_on_support":0,"content":"Couleur","description":null},{"id":15,"nom":"sublimation","finition":"sublimation","libelle":"Sublimation","code":null,"dpi":null,"finesse_forme_isolee":"0.000","finesse_forme_non_isolee":"0.000","hauteur_minimale_texte":2,"inactif":0,"marquage_interne":1,"quantite_min":null,"parent_id":null,"print_on_support":0,"content":"Sublimation","description":null},{"id":16,"nom":"topquadri_uv","finition":null,"libelle":"TopQuadri UV","code":null,"dpi":null,"finesse_forme_isolee":"0.020","finesse_forme_non_isolee":"0.700","hauteur_minimale_texte":2,"inactif":0,"marquage_interne":1,"quantite_min":null,"parent_id":null,"print_on_support":1,"content":null,"description":null},{"id":17,"nom":"topquadri_uvp","finition":null,"libelle":"TopQuadri UVP","code":null,"dpi":null,"finesse_forme_isolee":"0.020","finesse_forme_non_isolee":"0.700","hauteur_minimale_texte":2,"inactif":0,"marquage_interne":1,"quantite_min":null,"parent_id":null,"print_on_support":1,"content":null,"description":null},{"id":18,"nom":"quadri","finition":null,"libelle":"Impression","code":null,"dpi":null,"finesse_forme_isolee":null,"finesse_forme_non_isolee":null,"hauteur_minimale_texte":null,"inactif":0,"marquage_interne":1,"quantite_min":null,"parent_id":null,"print_on_support":0,"content":null,"description":null}]}}