{"data":{"product":{"id":17399,"titre":"Polo manches courtes enfant","description":"Polo enfant, en coton peign\u00e9 pr\u00e9retr\u00e9ci RingSpun. Maille piqu\u00e9e. Coupe ajust\u00e9e. Patte de boutonnage 2 boutons ton sur ton. Bande propret\u00e9 en tissu principal ton sur ton. Col et bas de manches en bord-c\u00f4te 1x1. Finition bas de v\u00eatement ourlet double surpiq\u00fbres. Pr\u00e9sence d'\u00e9lasthanne dans le bord c\u00f4te bas de manche pour \u00e9viter qu'il se d\u00e9forme. Pas d'\u00e9tiquette de marque au col, uniquement une puce de taille pour faciliter la personnalisation. Composition : 100% coton (sauf coloris Oxford Grey : 90% coton et 10% viscose). ","genre":"enfant","grammage":180,"conditionnement":25,"composition":"coton,coton_uniquement","reference":"ka-k268","reference_visible":"ka-k268","reference_fabricant":"K268","ref_xor":"726450","in_catalog":true,"is_transfer":false,"is_service":false,"on_standby":false,"has_3d":false,"has_size_guide":true,"has_marking":true,"has_vierge":true,"is_cross_sellable":false,"id_picto":8,"filename_3d":null,"brand":{"id":25,"name":"Kariban","logo":"logo-kariban.png","image":"https:\/\/media.th4.com\/0rw9lHnnPIY5Gn0FZVsrv47tC3tEhLUIsdVYj4xy6L4\/pr:brand70x70\/aHR0cDovL21lZGlhMi5kZXNpZ25wYXJ0bmVyLmZyL2MvbS9sb2dvLWthcmliYW4ucG5n?v=1736960982"},"price_infos":{"price_from":6.06,"quantity":200,"color":{"id":1261,"name":"navy"},"size":{"id":1398,"name":"10\/12ans"}},"price_infos_marking":{"price_from":9.86,"quantity":1500,"color":{"id":1261,"name":"navy"},"size":{"id":1398,"name":"10\/12ans"},"marking":{"id":2,"name":""},"emplacement":"avant","surface_emplacement_id":1,"surface":"coeur"},"i18n":{"blank":{"title":{"fr":"Polo manches courtes enfant KARIBAN k268","en":"Short-sleeved polo shirt for kids KARIBAN k268","de":"Kurzarm-Polo f\u00fcr Kinder KARIBAN k268","nl":"Kortsluik polo kind KARIBAN k268","es":"Polo de manga corta para ni\u00f1o KARIBAN k268","it":"Polo a maniche corte per bambino KARIBAN k268","sv":"Kort\u00e4rmad polo f\u00f6r barn KARIBAN k268","pt":"Camisa polo de mangas curtas infantil KARIBAN k268","da":"B\u00f8rnepolo med korte \u00e6rmer KARIBAN k268","pl":"Koszulka polo z kr\u00f3tkimi r\u0119kawami dla dzieci KARIBAN k268"},"description":{"fr":"Polo \u00e0 manches courtes pour enfant. Maille piqu\u00e9e, coton peign\u00e9 pr\u00e9r\u00e9tr\u00e9ci RingSpun. Coupe ajust\u00e9e. Patte de boutonnage 2 boutons ton sur ton. Bande propret\u00e9 en tissu principal ton sur ton. Col et bas de manches en bord-c\u00f4te 1x1. Finition bas de v\u00eatement ourlet double surpiq\u00fbres. Pr\u00e9sence d'\u00e9lasthanne dans le bord c\u00f4te bas de manche pour \u00e9viter qu'il se d\u00e9forme. Pas d'\u00e9tiquette de marque au col, uniquement une puce de taille pour faciliter la personnalisation. Composition : 100% coton (sauf coloris Oxford Grey : 90% coton et 10% viscose).\n\n- Mati\u00e8re : Coton\n- Coupe : Ajust\u00e9e\n- Patte de boutonnage : 2 boutons\n- Col : Bord-c\u00f4te 1x1\n- Manches : Bord-c\u00f4te 1x1\n- Finition : Ourlet double surpiq\u00fbres","en":"Short-sleeved polo shirt for kids. Pique knit, combed and pre-shrunk ring-spun cotton. Fitted cut. 2-button self-colored placket. Self-colored neckband in main fabric. Neck and sleeve ends in 1x1 rib. Double-stitch hem finish. Elastane in sleeve hem rib to prevent deformation. No brand label at the neck, only a size chip for easy customization. Composition : 100% cotton (except Oxford Grey color : 90% cotton and 10% viscose).\n\n- Fabric : Cotton\n- Fit : Fitted\n- Placket : 2 buttons\n- Collar : 1x1 rib\n- Sleeves : 1x1 rib\n- Finish : Double-stitch hem","de":"Kurzarm-Polohemd f\u00fcr Kinder. Feinmaschiges Strickware, vorgewrungene, gek\u00e4mmte Baumwolle RingSpun. Schmal geschnitten. Knopfleiste mit 2 Kn\u00f6pfen in Ton-in-Ton. Saumband aus Hauptstoff in Ton-in-Ton. Kragen und \u00c4rmelb\u00fcndchen in Rippenware 1x1. Saum mit doppelt gen\u00e4hter Umrandung. Elasthan im Rippenb\u00fcndchen der \u00c4rmel, damit es sich nicht verzieht. Kein Markenetikett am Kragen, nur ein Gr\u00f6\u00dfenchip zur einfachen Personalisierung. Zusammensetzung: 100% Baumwolle (au\u00dfer in der Farbe Oxford Grau: 90% Baumwolle und 10% Viskose).\n\n- Material: Baumwolle\n- Schnitt: Schmal\n- Knopfleiste: 2 Kn\u00f6pfe\n- Kragen: Rippenware 1x1\n- \u00c4rmel: Rippenware 1x1\n- Saum: Doppelt gen\u00e4hte Umrandung","nl":"Polo met korte mouwen voor kinderen. Geribbelde maai, gepeinde ringgesponnen katoen. Afgestemde pasvorm. Knoopsluiting met 2 knopen in de zelfde kleur. Reinigingsband in het hoofdweefsel in de zelfde kleur. Krag en mouwbaden in 1x1 rib. Afwerking van het onderkleid met een dubbele naad. Elastane aanwezig in de ribben aan de onderkant van de mouwen om vervorming te voorkomen. Geen merklabel op de krag, alleen een maatpuit om het aanpassen te vergemakkelijken. Samenstelling: 100% katoen (behalve kleur Oxford Grey: 90% katoen en 10% viscoos).\n\n- Materiaal: Katoen\n- Pasvorm: Afgestemd\n- Knoopsluiting: 2 knopen\n- Krag: 1x1 rib\n- Mouwen: 1x1 rib\n- Afwerking: Dubbele naad","es":"Polo de manga corta para ni\u00f1o. Jersey de punto, algod\u00f3n cardado preencogido RingSpun. Corte ajustado. Solapa de botonadura con 2 botones del mismo tono. Banda de limpieza en el mismo tejido del mismo tono. Cuello y pu\u00f1os de ribete 1x1. Terminaci\u00f3n de la parte inferior del vestido con doble dobladillo cosido. Presencia de elastano en el ribete de la parte inferior del pu\u00f1o para evitar que se deforme. Sin etiqueta de marca en el cuello, solo una chapa de tama\u00f1o para facilitar la personalizaci\u00f3n. Composici\u00f3n : 100% algod\u00f3n (excepto el color Oxford Grey : 90% algod\u00f3n y 10% viscosa).\n\n- Material : Algod\u00f3n\n- Corte : Ajustado\n- Solapa de botonadura : 2 botones\n- Cuello : Ribete 1x1\n- Mangas : Ribete 1x1\n- Terminaci\u00f3n : Doble dobladillo cosido","it":"Polo a maniche corte per bambino. Maglia pettinata cotone RingSpun preregolata. Taglio aderente. Patta di bottoni con 2 bottoni tono su tono. Fascia di protezione in tessuto principale tono su tono. Collo e fondo delle maniche in costina 1x1. Finizione fondo vestito con doppio orlo cucito. Presenza di elastam nella costina fondo manica per evitare che si deformi. Nessun'etichetta del marchio sul colletto, solo un'etichetta di misura per facilitare la personalizzazione. Composizione: 100% cotone (tranne colore Oxford Grey: 90% cotone e 10% viscosa).\n\n- Materiale: Cotone\n- Taglio: Aderente\n- Patta di bottoni: 2 bottoni\n- Collo: Costina 1x1\n- Maniche: Costina 1x1\n- Finizione: Doppio orlo cucito","sv":"Kort\u00e4rmad polo f\u00f6r barn. Stickat m\u00f6nster, f\u00f6rskrynklad kamgarnsringad bomull. J\u00e4mn passform. Kn\u00e4ppknapp med 2 knappar i samma f\u00e4rg. Renhetsremsa i huvudmaterial i samma f\u00e4rg. Krage och \u00e4rmkanter i 1x1 band. Kl\u00e4deskantsfinitur med dubbel sysning. Elastan i bandet vid \u00e4rmkanterna f\u00f6r att undvika deformation. Inga m\u00e4rkesetiketter p\u00e5 kragen, endast en storlekschip f\u00f6r att underl\u00e4tta personalisering. Sammans\u00e4ttning: 100% bomull (f\u00f6rutom f\u00e4rgen Oxford Grey: 90% bomull och 10% viskos).\n\n- Material: Bomull\n- Passform: J\u00e4mn\n- Kn\u00e4ppknapp: 2 knappar\n- Krage: 1x1 band\n- \u00c4rmar: 1x1 band\n- Finition: Dubbel sysning","pt":"Camisa polo de mangas curtas para crian\u00e7a. Malha picada, algod\u00e3o penteado pr\u00e9-encolhido RingSpun. Corte ajustado. Patilha de bot\u00f5es de 2 bot\u00f5es na mesma cor. Faixa de prote\u00e7\u00e3o no tecido principal na mesma cor. Colarinho e punhos em costura 1x1. Acabamento da barra da roupa com dobra dupla e costura dupla. Presen\u00e7a de elastano no costura 1x1 da barra da manga para evitar que se deforme. N\u00e3o h\u00e1 etiqueta da marca no colarinho, apenas uma etiqueta de tamanho para facilitar a personaliza\u00e7\u00e3o. Composi\u00e7\u00e3o: 100% algod\u00e3o (exceto na cor Oxford Grey: 90% algod\u00e3o e 10% viscose).\n\n- Material: Algod\u00e3o\n- Corte: Ajustado\n- Patilha de bot\u00f5es: 2 bot\u00f5es\n- Colarinho: Costura 1x1\n- Mangas: Costura 1x1\n- Acabamento: Dobra dupla e costura dupla","da":"Polo med korte \u00e6rmer til b\u00f8rn. Prikket stof, forstramt bomuldspind. T\u00e6t passende sk\u00e6ring. Knapl\u00f8b med 2 knapper i samme farve. Renholdsb\u00e5nd i samme farve. Krage og \u00e6rmekant i ribstof. Finishing i nederste del af t\u00f8jet med dobbelt s\u00f8m. Elastan i \u00e6rmekanten for at undg\u00e5 deformation. Ingen m\u00e6rketiket p\u00e5 kragen, kun en st\u00f8rrelseschip til nem personligg\u00f8relse. Sammens\u00e6tning: 100% bomuld (undtaget Oxford Grey: 90% bomuld og 10% viskose).\n\n- Materiale: Bomuld\n- Sk\u00e6ring: T\u00e6t passende\n- Knapl\u00f8b: 2 knapper\n- Krage: Ribstof\n- \u00c6rmekant: Ribstof\n- Finishing: Dobbelt s\u00f8m","pl":"Koszulka polo z kr\u00f3tkimi r\u0119kawami dla dzieci. Tkanina pikowana, bawe\u0142na g\u0119sta przeredukowana RingSpun. Dopasowany kroju. Klamra z dwoma guzikami w tym samym kolorze. Pas proste\u0144stwa w tym samym kolorze z tkaniny g\u0142\u00f3wnej. Kark i r\u0119kawy w pasie 1x1. Wyko\u0144czenie dolnej cz\u0119\u015bci ubrania podw\u00f3jnym obrze\u017cem zszyte na zewn\u0105trz. Obecno\u015b\u0107 elastanu w pasie na r\u0119kawach, aby zapobiec deformacji. Brak etykiety marki na karku, tylko czip do oznaczenia rozmiaru w celu u\u0142atwienia personalizacji. Sk\u0142ad: 100% bawe\u0142na (z wyj\u0105tkiem koloru Oxford Grey: 90% bawe\u0142na i 10% wiskoza).\n\n- Materia\u0142: Bawe\u0142na\n- Kroj: Dopasowany\n- Klamra: 2 guziki\n- Kark: Pas 1x1\n- R\u0119kawy: Pas 1x1\n- Wyko\u0144czenie: Podw\u00f3jne obrze\u017ce zszyte na zewn\u0105trz"},"h1":{"fr":"Polo manches courtes enfant k268","en":"Short-sleeved polo shirt for kids k268","de":"Kurzarm-Polo f\u00fcr Kinder k268","nl":"Kortsluik polo kind k268","es":"Polo de manga corta para ni\u00f1o k268","it":"Polo a maniche corte bambino k268","sv":"Kort\u00e4rmad polo f\u00f6r barn k268","pt":"Camisa polo de mangas curtas infantil k268","da":"B\u00f8rnepolo med korte \u00e6rmer k268","pl":"Koszulka polo z kr\u00f3tkimi r\u0119kawami dla dzieci k268"},"meta_description":{"fr":"Polo enfant en coton \u00e0 manches courtes. Coupe ajust\u00e9e, patte de boutonnage 2 boutons. Id\u00e9al pour un look d\u00e9contract\u00e9 et confortable au quotidien.","en":"Kids short-sleeved cotton polo shirt. Fitted cut, 2-button placket. Ideal for a casual and comfortable everyday look.","de":"Kinder-Polohemd aus Baumwolle mit kurzen \u00c4rmeln. Schmal geschnitten, Knopfleiste mit 2 Kn\u00f6pfen. Ideal f\u00fcr einen l\u00e4ssigen und bequemen Look im Alltag.","nl":"Kinder polo met korte mouwen van katoen. Afgestemde pasvorm, knoopsluiting met 2 knopen. Ideaal voor een ontspannen en comfortabele look voor dagelijks gebruik.","es":"Polo de manga corta para ni\u00f1o en algod\u00f3n. Corte ajustado, solapa de botonadura con 2 botones. Ideal para un look relajado y c\u00f3modo a diario.","it":"Polo per bambino in cotone a maniche corte. Taglio aderente, patta di bottoni con 2 bottoni. Ideale per un look casual e confortevole quotidianamente.","sv":"Kort\u00e4rmad barnpolo i bomull. J\u00e4mn passform, kn\u00e4ppknapp med 2 knappar. Idealiskt f\u00f6r en avslappnad och bekv\u00e4m look dagligen.","pt":"Camisa polo infantil de algod\u00e3o de mangas curtas. Corte ajustado, patilha de bot\u00f5es de 2 bot\u00f5es. Ideal para um visual descontra\u00eddo e confort\u00e1vel no dia a dia.","da":"B\u00f8rnepolo i bomuld med korte \u00e6rmer. T\u00e6t passende sk\u00e6ring, knapl\u00f8b med 2 knapper. Ideel til en afslappet og komfortabel hverdagslook.","pl":"Koszulka polo z kr\u00f3tkimi r\u0119kawami dla dzieci z bawe\u0142ny. Dopasowany kroju, klamra z dwoma guzikami. Idealna do codziennego, swobodnego i komfortowego wygl\u0105du."}},"custom":{"title":{"fr":"Polo manches courtes enfant KARIBAN personnalisable avec votre logo k268","en":"Child KARIBAN short-sleeved polo shirt customizable with your logo k268","de":"Kinder Polo mit kurzen \u00c4rmeln KARIBAN personalisierbar mit Ihrem Logo k268","nl":"Kortarm polo voor kinderen KARIBAN persoonlijk maken met uw logo k268","es":"Polo de manga corta para ni\u00f1os KARIBAN personalizable con su logo k268","it":"Polo maniche corte bambino KARIBAN personalizzabile con il tuo logo k268","sv":"Polo kort\u00e4rmad barn KARIBAN anpassningsbar med ert logotyp k268","pt":"Polo manga curta infantil KARIBAN personaliz\u00e1vel com o seu logotipo k268","da":"B\u00f8rne polo med korte \u00e6rmer KARIBAN til personalisering med dit logo k268","pl":"Koszule polo z kr\u00f3tkimi r\u0119kawami dla dzieci KARIBAN personalizowalne z logo k268"},"description":{"fr":"Polo \u00e0 manches courtes pour enfant. Maille piqu\u00e9e, coton peign\u00e9 pr\u00e9r\u00e9tr\u00e9ci RingSpun. Coupe ajust\u00e9e. Patte de boutonnage 2 boutons ton sur ton. Bande propret\u00e9 en tissu principal ton sur ton. Col et bas de manches en bord-c\u00f4te 1x1. Finition bas de v\u00eatement ourlet double surpiq\u00fbres. Pr\u00e9sence d'\u00e9lasthanne dans le bord c\u00f4te bas de manche pour \u00e9viter qu'il se d\u00e9forme. Pas d'\u00e9tiquette de marque au col, uniquement une puce de taille pour faciliter la personnalisation. Ce polo est con\u00e7u pour \u00eatre personnalis\u00e9 en broderie ou par impression de votre logo, offrant ainsi une visibilit\u00e9 accrue pour votre marque ou \u00e9v\u00e9nement. Composition : 100% coton (sauf coloris Oxford Grey : 90% coton et 10% viscose).\n\n- Coupe ajust\u00e9e\n- 2 boutons ton sur ton\n- Bande propret\u00e9 en tissu principal\n- Col et bas de manches en bord-c\u00f4te 1x1\n- Ourlet double surpiq\u00fbres\n- \u00c9lasthanne au bas des manches\n- Puce de taille pour la personnalisation","en":"Child short-sleeved polo shirt. Pique knit, pre-shrunk ring-spun combed cotton. Fitted cut. Button-down placket with 2 buttons in the same color. Clean band in the main fabric in the same color. Collar and sleeve ends in 1x1 ribbing. Double-stitched hem finish. Presence of elastane in the ribbing at the sleeve end to prevent deformation. No brand label at the collar, only a size chip to facilitate customization. This polo shirt is designed to be customized with embroidery or logo printing, thus offering increased visibility for your brand or event. Composition: 100% cotton (except Oxford Grey color: 90% cotton and 10% viscose).\n\n- Fitted cut\n- 2 buttons in the same color\n- Clean band in the main fabric\n- Collar and sleeve ends in 1x1 ribbing\n- Double-stitched hem\n- Elastane at the sleeve ends\n- Size chip for customization","de":"Kinder Polo mit kurzen \u00c4rmeln. Gestricktes, gek\u00e4mmtes und vorverengtes Baumwollringspun. Passender Schnitt. Knopfleiste mit 2 Kn\u00f6pfen in der gleichen Farbe. Saumband aus dem Hauptstoff in der gleichen Farbe. Kragen und \u00c4rmelb\u00fcndchen mit Rippb\u00fcndchen. Doppelter Saum mit Doppelstichen am unteren Ende des Kleidungsst\u00fccks. Elastan im Rippb\u00fcndchen am \u00c4rmelende, um Verformungen zu vermeiden. Kein Markenetikett am Kragen, nur ein Gr\u00f6\u00dfenchip zur Erleichterung der Personalisierung. Dieses Polo ist zur Personalisierung durch Stickerei oder Bedrucken Ihres Logos konzipiert und bietet somit eine erh\u00f6hte Sichtbarkeit f\u00fcr Ihre Marke oder Ihr Event. Zusammensetzung: 100% Baumwolle (au\u00dfer Farbe Oxford Grey: 90% Baumwolle und 10% Viskose).\n\n- Passender Schnitt\n- 2 Kn\u00f6pfe in der gleichen Farbe\n- Saumband aus dem Hauptstoff\n- Kragen und \u00c4rmelb\u00fcndchen mit Rippb\u00fcndchen\n- Doppelter Saum mit Doppelstichen\n- Elastan am \u00c4rmelende\n- Gr\u00f6\u00dfenchip f\u00fcr die Personalisierung","nl":"Kortarm polo voor kinderen. Gestikte maas, voorgestrengelde RingSpun katoen. Aangepaste pasvorm. Knoppenband met 2 knopen in dezelfde kleur. Reinigingsstrip in hoofdweefsel in dezelfde kleur. Hals en mouwranden in 1x1 ribflens. Onderzijde van het kledingstuk met dubbele naad. Elasthaan in de mouwrand om te voorkomen dat het vervormt. Geen merketiket aan de hals, alleen een groottechip voor gemakkelijke personalisatie. Deze polo is ontworpen om te worden gepersonaliseerd door broderen of door afdrukken van uw logo, wat zichtbaarheid biedt voor uw merk of evenement. Samenstelling : 100% katoen (behalve Oxford Grey : 90% katoen en 10% viscose).\n\n- Aangepaste pasvorm\n- 2 knopen in dezelfde kleur\n- Reinigingsstrip in hoofdweefsel\n- Hals en mouwranden in 1x1 ribflens\n- Onderzijde van het kledingstuk met dubbele naad\n- Elasthaan in de mouwrand\n- Groottechip voor personalisatie","es":"Polo de manga corta para ni\u00f1os. Malla punteada, algod\u00f3n peinado prereducido RingSpun. Corte ajustado. Botonadura de dos botones tono sobre tono. Banda de propret\u00e9 en tejido principal tono sobre tono. Cuello y pu\u00f1os en borde-coste 1x1. Acabado inferior del vestido dobladillo doble costuras. Presencia de elastano en el borde-coste inferior del pu\u00f1o para evitar que se deforme. Sin etiqueta de marca en el cuello, solo una etiqueta de tama\u00f1o para facilitar la personalizaci\u00f3n. Este polo est\u00e1 dise\u00f1ado para ser personalizado con bordado o impresi\u00f3n de su logo, ofreciendo as\u00ed una mayor visibilidad para su marca o evento. Composici\u00f3n: 100% algod\u00f3n (excepto color Oxford Grey: 90% algod\u00f3n y 10% viscosa)","it":"Polo a maniche corte per bambino. Maglia a coste, cotone pettinato prerestretto RingSpun. Taglia regolare. Colletto a bottoni 2 toni su toni. Fascetta di pulizia nel tessuto principale toni su toni. Colletto e basi delle maniche in costone 1x1. Finzione basso del capo orlo doppio cuciture. Presenza di elastan nel costone basso della manica per evitare che si deformi. Nessuna etichetta del marchio sul collo, solo una tacchetta per la dimensione per facilitare la personalizzazione. Questo polo \u00e8 progettato per essere personalizzato con ricamo o stampa del tuo logo, offrendo cos\u00ec maggiore visibilit\u00e0 per il tuo marchio o evento. Composizione: 100% cotone","sv":"Polo med korta \u00e4rm f\u00f6r barn. Stickm\u00f6nster bomull kamgarn f\u00f6rkortad RingSpun. Passform. Knapprad med 2 knappar i samma f\u00e4rg. Band av huvudmaterial i samma f\u00e4rg. Krage och \u00e4rmkanter i band 1x1. Botten av kl\u00e4derna dubbla s\u00f6mmar. Elastan i \u00e4rmkanterna f\u00f6r att f\u00f6rhindra att de deformeras. Inga m\u00e4rken p\u00e5 kragen, endast en storleksbricka f\u00f6r att underl\u00e4tta anpassning. Denna polo \u00e4r utformad f\u00f6r att anpassas med broderi eller tryck av ert logotyp, vilket erbjuder \u00f6kad synlighet f\u00f6r ert varum\u00e4rke eller evenemang. Sammans\u00e4ttning 100% bomull (utom f\u00e4rgen Oxford Grey 90% bomull och 10% viskos).\n\n- Passform\n- 2 knappar i samma f\u00e4rg\n- Band av huvudmaterial\n- Krage och \u00e4rmkanter i band 1x1\n- Dubbla s\u00f6mmar\n- Elastan i \u00e4rmkanterna\n- Storleksbricka f\u00f6r anpassning","pt":"Polo de manga curta para crian\u00e7a. Malha pique, algod\u00e3o peinado pr\u00e9-encolhido RingSpun. Corte ajustado. Abotoadura com dois bot\u00f5es na mesma cor. Fita de prote\u00e7\u00e3o na mesma cor do tecido principal. Colarinho e punhos em bordado de 1x1. Acabamento na parte inferior do vestido com dobra e costuras duplas. Presen\u00e7a de elastano no bordado inferior do punho para evitar deforma\u00e7\u00e3o. Sem etiqueta de marca no colarinho, apenas um chip de tamanho para facilitar a personaliza\u00e7\u00e3o. Este polo \u00e9 concebido para ser personalizado com bordado ou impress\u00e3o do seu logotipo, oferecendo assim uma maior visibilidade para a sua marca ou evento. Composi\u00e7\u00e3o: 100% algod\u00e3o (exceto na cor Oxford Grey: 90% algod\u00e3o e 10% viscose).\n\n- Corte ajustado\n- Dois bot\u00f5es na mesma cor\n- Fita de prote\u00e7\u00e3o no tecido principal\n- Colarinho e punhos em bordado de 1x1\n- Dobra e costuras duplas\n- Elastano na parte inferior dos punhos\n- Chip de tamanho para a personaliza\u00e7\u00e3o","da":"B\u00f8rne polo med korte \u00e6rmer. Pricked mask, combed and pre-shrunk ring spun cotton. Ajusteret pasform. Knapperne p\u00e5 knaprekken med to knapper i samme farve. Renhedsstripe i hovedstoffet i samme farve. Hals og \u00e6rmer i kantet stof 1x1. Bundfinering med dobbelt s\u00f8m. Til stede i bundkant. Der er elastan i kantet stof i bunden af \u00e6rmene for at forhindre, at de deformeres. Ingen m\u00e6rkeetiket p\u00e5 halsen, kun en st\u00f8rrelseschip for at lette personaliseringen. Denne polo er designet til at blive personaliseret ved brodering eller ved trykning af dit logo, hvilket giver \u00f8get synlighed for din m\u00e6rkevare eller begivenhed. Sammens\u00e6tning: 100% bomuld (undtagen Oxford Grey: 90% bomuld og 10% viskose)","pl":"Koszule polo z kr\u00f3tkimi r\u0119kawami dla dzieci. Malla pr\u0119towa, bawe\u0142na czesana przerobiona RingSpun. Kr\u00f3tkie r\u0119kawy. Zapinana na dwa guziki w tonie. Pas ochronny z tkaniny g\u0142\u00f3wnej w tonie. Kolar i dolne cz\u0119\u015bci r\u0119kaw\u00f3w z rib\u0105 1x1. Zako\u0144czenie spodniej cz\u0119\u015bci odzie\u017cy z podw\u00f3jnym szwem. Wstawka elastanu w dolnej cz\u0119\u015bci r\u0119kaw\u00f3w, aby unikn\u0105\u0107 deformacji. Brak etykiety marki na ko\u0142ku, tylko chip z rozmiarem, aby u\u0142atwi\u0107 personalizacj\u0119. Koszula ta zosta\u0142a zaprojektowana do personalizacji poprzez haftowanie lub druk logo, oferuj\u0105c wi\u0119ksz\u0105 widoczno\u015b\u0107 dla marki lub wydarzenia. Sk\u0142ad: 100% bawe\u0142na"},"h1":{"fr":"Polo coton enfant manches courtes personnalisation avec votre visuel k268","en":"Child short-sleeved cotton polo shirt customization with your visual k268","de":"Kinder Baumwoll Polo mit kurzen \u00c4rmeln Personalisierung mit Ihrem Visuell k268","nl":"Kortarm katoen polo voor kinderen persoonlijk maken met uw visueel k268","es":"Polo de manga corta de algod\u00f3n para ni\u00f1os personalizaci\u00f3n con su dise\u00f1o k268","it":"Polo cotone bambino maniche corte personalizzazione con il tuo visivo k268","sv":"Polo barn kort\u00e4rmad bomull anpassning med er bild k268","pt":"Polo de manga curta infantil personaliza\u00e7\u00e3o com o seu visual k268","da":"B\u00f8rne polo med korte \u00e6rmer i bomuld personalisering med dit visuelle k268","pl":"Koszule polo z bawe\u0142ny z kr\u00f3tkimi r\u0119kawami dla dzieci personalizacja z logo k268"},"meta_description":{"fr":"Polo manches courtes enfant en coton, id\u00e9al pour la personnalisation en broderie ou impression de votre logo. Qualit\u00e9 KARIBAN.","en":"Child short-sleeved cotton polo shirt, ideal for customization with embroidery or printing of your logo. KARIBAN quality.","de":"Kinder Polo mit kurzen \u00c4rmeln aus Baumwolle, ideal zur Personalisierung durch Stickerei oder Bedrucken Ihres Logos. Qualit\u00e4t KARIBAN.","nl":"Kortarm polo voor kinderen in katoen, ideaal voor personalisatie door broderen of afdrukken van uw logo. Kwaliteit KARIBAN.","es":"Polo de manga corta para ni\u00f1os en algod\u00f3n, ideal para la personalizaci\u00f3n en bordado o impresi\u00f3n de su logo. Calidad KARIBAN","it":"Polo maniche corte bambino in cotone, ideale per la personalizzazione in ricamo o stampa del tuo logo. Qualit\u00e0 KARIBAN","sv":"Polo kort\u00e4rmad barn i bomull idealisk f\u00f6r att anpassas med broderi eller tryck av ert logotyp. Kvalitet KARIBAN.","pt":"Polo de manga curta infantil em algod\u00e3o, ideal para personaliza\u00e7\u00e3o com bordado ou impress\u00e3o do seu logotipo. Qualidade KARIBAN.","da":"B\u00f8rne polo med korte \u00e6rmer i bomuld, ideel til personalisering ved brodering eller trykning af dit logo. KARIBAN kvalitet.","pl":"Koszule polo z kr\u00f3tkimi r\u0119kawami dla dzieci z bawe\u0142ny, idealne do personalizacji w haftu lub druku logo. Jako\u015b\u0107 KARIBAN."}}},"categories":[{"id":8,"name":"Polos","singular":"Polo","is_feminin":false},{"id":354,"name":"Textile","singular":"Textile","is_feminin":false}],"certifications":[{"id":1,"label":"OEKO-TEX 100","logo_link":"\/images\/certifications\/1_OEKO-TEX_100.jpg","is_marking_compatible":false},{"id":13,"label":"EVE Vegan","logo_link":"\/images\/certifications\/13_EVE_Vegan.jpg","is_marking_compatible":false}],"videos":{"fr":[],"en":[],"de":[],"nl":[],"es":[],"it":[],"sv":[],"pt":[],"da":[],"pl":[]},"main_images":{"miniature":"https:\/\/media.th4.com\/xMJkdQbinwxcPT_xbhYAVu5snukawgs7-t2x7B0QAvY\/pr:80\/aHR0cDovL21lZGlhMi5kZXNpZ25wYXJ0bmVyLmZyL2MvcC1ibGFuay1USC8xNzM5OS53ZWJw?v=1751554546","medium":"https:\/\/media.th4.com\/s4pG-vBVq_cjiD3nrgXNJqqMUKB6_ekg0VXSIGPcuYM\/pr:550x550greybg\/aHR0cDovL21lZGlhMi5kZXNpZ25wYXJ0bmVyLmZyL2MvcC1ibGFuay1USC8xNzM5OS53ZWJw?v=1751554546","medium_large":"https:\/\/media.th4.com\/yDSx9p_KvZrLVVnhnE2ARSZrkirAYL_7tTlQoluIw1c\/pr:1000x1000greybg\/aHR0cDovL21lZGlhMi5kZXNpZ25wYXJ0bmVyLmZyL2MvcC1ibGFuay1USC8xNzM5OS53ZWJw?v=1751554546","large":"https:\/\/media.th4.com\/oKUdizD7mXj3wCoL5XQHhCqsQly8WwYB_NGHGzw33Tc\/pr:1920greybg\/aHR0cDovL21lZGlhMi5kZXNpZ25wYXJ0bmVyLmZyL2MvcC1ibGFuay1USC8xNzM5OS53ZWJw?v=1751554546","opengraph":"https:\/\/media.th4.com\/yVMui4zCA9tVLXeYf6zuFuEsNiEBgElfb2jIocW4NKA\/pr:1200x630greybg\/aHR0cDovL21lZGlhMi5kZXNpZ25wYXJ0bmVyLmZyL2MvcC1ibGFuay1USC8xNzM5OS53ZWJw?v=1751554546"},"main_images_customization":{"miniature":"https:\/\/media.th4.com\/QeBJ8BH2tNC8PinR-nKTLmCjK7oQGJ4DSFifYKenWJI\/pr:80\/aHR0cDovL21lZGlhMi5kZXNpZ25wYXJ0bmVyLmZyL2MvcC1jdXN0b20tVEgvMTczOTkud2VicA?v=1751554554","medium":"https:\/\/media.th4.com\/JoMtDSJWjFNDw0dZtQQzc38WQRkpLbBvuGv_yjyxaRU\/pr:550x550greybg\/aHR0cDovL21lZGlhMi5kZXNpZ25wYXJ0bmVyLmZyL2MvcC1jdXN0b20tVEgvMTczOTkud2VicA?v=1751554554","medium_large":"https:\/\/media.th4.com\/Cobks4OsRkhhsiqUAXpUE8xS_rz2v2q6iUmSIo37xOQ\/pr:1000x1000greybg\/aHR0cDovL21lZGlhMi5kZXNpZ25wYXJ0bmVyLmZyL2MvcC1jdXN0b20tVEgvMTczOTkud2VicA?v=1751554554","large":"https:\/\/media.th4.com\/wQVKl8zQJ5A2BidA7og9AhYlYfvX8X8ItqURxmeFXQA\/pr:1920greybg\/aHR0cDovL21lZGlhMi5kZXNpZ25wYXJ0bmVyLmZyL2MvcC1jdXN0b20tVEgvMTczOTkud2VicA?v=1751554554","opengraph":"https:\/\/media.th4.com\/RnRfI9iSP7y_NMuUbO_EWMUPzNcRKpPyxkwf_ynIz38\/pr:1200x630greybg\/aHR0cDovL21lZGlhMi5kZXNpZ25wYXJ0bmVyLmZyL2MvcC1jdXN0b20tVEgvMTczOTkud2VicA?v=1751554554"},"page_links":{"fr":"\/fr\/p-ka-k268-polo-manches-courtes-enfant-k268-17399\/","en":"\/en\/p-ka-k268-short-sleeved-polo-shirt-for-kids-k268-17399\/","de":"\/de\/p-ka-k268-kurzarm-polo-fur-kinder-k268-17399\/","nl":"\/nl\/p-ka-k268-kortsluik-polo-kind-k268-17399\/","es":"\/es\/p-ka-k268-polo-de-manga-corta-para-nino-k268-17399\/","it":"\/it\/p-ka-k268-polo-a-maniche-corte-bambino-k268-17399\/","sv":"\/sv\/p-ka-k268-kortarmad-polo-for-barn-k268-17399\/","pt":"\/pt\/p-ka-k268-camisa-polo-de-mangas-curtas-infantil-k268-17399\/","da":"\/da\/p-ka-k268-bornepolo-med-korte-aermer-k268-17399\/","pl":"\/pl\/p-ka-k268-koszulka-polo-z-krotkimi-rekawami-dla-dzieci-k268-17399\/"},"page_links_customization":{"fr":"\/fr\/p-ka-k268-polo-coton-enfant-manches-courtes-personnalisation-avec-votre-visuel-k268-17399\/custom\/","en":"\/en\/p-ka-k268-child-short-sleeved-cotton-polo-shirt-customization-with-your-visual-k268-17399\/custom\/","de":"\/de\/p-ka-k268-kinder-baumwoll-polo-mit-kurzen-armeln-personalisierung-mit-ihrem-visuell-k268-17399\/custom\/","nl":"\/nl\/p-ka-k268-kortarm-katoen-polo-voor-kinderen-persoonlijk-maken-met-uw-visueel-k268-17399\/custom\/","es":"\/es\/p-ka-k268-polo-de-manga-corta-de-algodon-para-ninos-personalizacion-con-su-diseno-k268-17399\/custom\/","it":"\/it\/p-ka-k268-polo-cotone-bambino-maniche-corte-personalizzazione-con-il-tuo-visivo-k268-17399\/custom\/","sv":"\/sv\/p-ka-k268-polo-barn-kortarmad-bomull-anpassning-med-er-bild-k268-17399\/custom\/","pt":"\/pt\/p-ka-k268-polo-de-manga-curta-infantil-personalizacao-com-o-seu-visual-k268-17399\/custom\/","da":"\/da\/p-ka-k268-borne-polo-med-korte-aermer-i-bomuld-personalisering-med-dit-visuelle-k268-17399\/custom\/","pl":"\/pl\/p-ka-k268-koszule-polo-z-bawelny-z-krotkimi-rekawami-dla-dzieci-personalizacja-z-logo-k268-17399\/custom\/"},"equivalent_products":[],"colors":[{"id":1261,"name":"navy","class_ids":[2],"codes_hexa":["012942"],"delai_24":false,"has_3d":false,"seuil_global":0,"stock_local":0,"stock_global":8303,"on_standby":false,"in_catalog":true,"images":{"miniature":["https:\/\/media.th4.com\/Pywsqd2UKMvrzPhvn4ZOmpdx4LQGVxhs3v1-DL_brQ4\/pr:80\/aHR0cDovL21lZGlhMi5kZXNpZ25wYXJ0bmVyLmZyL2MvcC8xNzM5OS8xNzM5OS0xMjYxLTEud2VicA?v=1751554379","https:\/\/media.th4.com\/L9E933K07AI_Ly1QbBIDaKCeEAbvEq1iQLbxHbxc9pI\/pr:80\/aHR0cDovL21lZGlhMi5kZXNpZ25wYXJ0bmVyLmZyL2MvcC8xNzM5OS8xNzM5OS0xMjYxLTIud2VicA?v=1751554379","https:\/\/media.th4.com\/zWuSqK1CWzaRawCJ_JRAQ07DTxUULLXmRxgmE7kUi2Q\/pr:80\/aHR0cDovL21lZGlhMi5kZXNpZ25wYXJ0bmVyLmZyL2MvcC8xNzM5OS8xNzM5OS0xMjYxLTMud2VicA?v=1751554379"],"medium":["https:\/\/media.th4.com\/DWT57613eu2ySSc0R20xy85OSbZebBzb0hTSaaByLWw\/pr:550x550\/aHR0cDovL21lZGlhMi5kZXNpZ25wYXJ0bmVyLmZyL2MvcC8xNzM5OS8xNzM5OS0xMjYxLTEud2VicA?v=1751554379","https:\/\/media.th4.com\/rHW5QouspJGce3a3_S9h0g-n19Su8jG58mIq-b2yV2s\/pr:550x550\/aHR0cDovL21lZGlhMi5kZXNpZ25wYXJ0bmVyLmZyL2MvcC8xNzM5OS8xNzM5OS0xMjYxLTIud2VicA?v=1751554379","https:\/\/media.th4.com\/ha4Kf4qkKSF5RFbZWcGc_lIsCn6f55Ny_aoUcFindZc\/pr:550x550\/aHR0cDovL21lZGlhMi5kZXNpZ25wYXJ0bmVyLmZyL2MvcC8xNzM5OS8xNzM5OS0xMjYxLTMud2VicA?v=1751554379"],"medium_large":["https:\/\/media.th4.com\/y4f-eB-MYPCT7tiyNa1E8gtkSx77msEcukNVFMl85IE\/pr:1000x1000\/aHR0cDovL21lZGlhMi5kZXNpZ25wYXJ0bmVyLmZyL2MvcC8xNzM5OS8xNzM5OS0xMjYxLTEud2VicA?v=1751554379","https:\/\/media.th4.com\/aP42syUyMpHE_VPzB6_Y8tMzK4Reefs6oLSbygdIwXQ\/pr:1000x1000\/aHR0cDovL21lZGlhMi5kZXNpZ25wYXJ0bmVyLmZyL2MvcC8xNzM5OS8xNzM5OS0xMjYxLTIud2VicA?v=1751554379","https:\/\/media.th4.com\/bpn2ABPVZm5s34dpD0s98Kh52iRf-ilVp_CAEUIUMmc\/pr:1000x1000\/aHR0cDovL21lZGlhMi5kZXNpZ25wYXJ0bmVyLmZyL2MvcC8xNzM5OS8xNzM5OS0xMjYxLTMud2VicA?v=1751554379"],"large":["https:\/\/media.th4.com\/f6CxjoSpXZk-TRcc2LeEuRmi4SKwCDbk1Dvv6e6iQ2c\/pr:1920\/aHR0cDovL21lZGlhMi5kZXNpZ25wYXJ0bmVyLmZyL2MvcC8xNzM5OS8xNzM5OS0xMjYxLTEud2VicA?v=1751554379","https:\/\/media.th4.com\/-LZdn3_NR1DgV8rZbPh3XM1adFEGzpXaA22jfi8QbwM\/pr:1920\/aHR0cDovL21lZGlhMi5kZXNpZ25wYXJ0bmVyLmZyL2MvcC8xNzM5OS8xNzM5OS0xMjYxLTIud2VicA?v=1751554379","https:\/\/media.th4.com\/Bol67m3JIpwm6JTpCo1hB7TiUDV5BYzOBy2Mfg9NANk\/pr:1920\/aHR0cDovL21lZGlhMi5kZXNpZ25wYXJ0bmVyLmZyL2MvcC8xNzM5OS8xNzM5OS0xMjYxLTMud2VicA?v=1751554379"],"opengraph":["https:\/\/media.th4.com\/ydnYefskSE74xOG7CaT0wdovt2ASrRH7nxi8RQ9RrZ0\/pr:1200x630\/aHR0cDovL21lZGlhMi5kZXNpZ25wYXJ0bmVyLmZyL2MvcC8xNzM5OS8xNzM5OS0xMjYxLTEud2VicA?v=1751554379","https:\/\/media.th4.com\/Cn1PH_1km5xiyPqrH61KrMgdOgoBP4DD5XWshAdDLFE\/pr:1200x630\/aHR0cDovL21lZGlhMi5kZXNpZ25wYXJ0bmVyLmZyL2MvcC8xNzM5OS8xNzM5OS0xMjYxLTIud2VicA?v=1751554379","https:\/\/media.th4.com\/_aBuhfwicRzDcS7s8MmeFqHpiUJECdLD5a3fjgyA5BM\/pr:1200x630\/aHR0cDovL21lZGlhMi5kZXNpZ25wYXJ0bmVyLmZyL2MvcC8xNzM5OS8xNzM5OS0xMjYxLTMud2VicA?v=1751554379"]},"images_customization":{"miniature":["https:\/\/media.th4.com\/MA2F4ORpROEv_bYiCaYIA--XxEWv9fPlkGsv9QcjuKU\/pr:80\/aHR0cDovL21lZGlhMi5kZXNpZ25wYXJ0bmVyLmZyL2MvcC1zaG9wcGluZy1jdXN0b20tVEgvMTczOTkvMTczOTktMTI2MS0xLmpwZw?v=1737556409"],"medium":["https:\/\/media.th4.com\/aG_cNbxK6q9Qzakf4S2dgaBK57bw-8MhTkhiHkZC3CQ\/pr:550x550\/aHR0cDovL21lZGlhMi5kZXNpZ25wYXJ0bmVyLmZyL2MvcC1zaG9wcGluZy1jdXN0b20tVEgvMTczOTkvMTczOTktMTI2MS0xLmpwZw?v=1737556409"],"medium_large":["https:\/\/media.th4.com\/D5KD9Qfx0YAcMGckVf5fXtA8I-XsIwk29Xozix8sHBw\/pr:1000x1000\/aHR0cDovL21lZGlhMi5kZXNpZ25wYXJ0bmVyLmZyL2MvcC1zaG9wcGluZy1jdXN0b20tVEgvMTczOTkvMTczOTktMTI2MS0xLmpwZw?v=1737556409"],"large":["https:\/\/media.th4.com\/jyfFu0H0iwEru8rkvB3LjrVjqDbWUln6Cv7ZX0N4U98\/pr:1920\/aHR0cDovL21lZGlhMi5kZXNpZ25wYXJ0bmVyLmZyL2MvcC1zaG9wcGluZy1jdXN0b20tVEgvMTczOTkvMTczOTktMTI2MS0xLmpwZw?v=1737556409"],"opengraph":["https:\/\/media.th4.com\/NRUz7KIEZ3ZjAYmp8tIhNaA5YYSIr9KMgr-rRJHCFcI\/pr:1200x630\/aHR0cDovL21lZGlhMi5kZXNpZ25wYXJ0bmVyLmZyL2MvcC1zaG9wcGluZy1jdXN0b20tVEgvMTczOTkvMTczOTktMTI2MS0xLmpwZw?v=1737556409"]},"country_origin":"BD","traceability":{"manufacturing_country_id":null,"weaving_country_id":null,"dyeing_country_id":null},"sizes":[{"id":1396,"article_id":426416,"class_id":15,"name":"6\/8ans","on_standby":false,"stock_local":0,"stock_global":980,"multiple":1,"estimated_date_reassort":null,"is_destocking":false},{"id":1399,"article_id":426410,"class_id":14,"name":"4\/6ans","on_standby":false,"stock_local":0,"stock_global":81,"multiple":1,"estimated_date_reassort":null,"is_destocking":false},{"id":1397,"article_id":426422,"class_id":16,"name":"8\/10ans","on_standby":false,"stock_local":0,"stock_global":1962,"multiple":1,"estimated_date_reassort":null,"is_destocking":false},{"id":1398,"article_id":426428,"class_id":17,"name":"10\/12ans","on_standby":false,"stock_local":0,"stock_global":2887,"multiple":1,"estimated_date_reassort":null,"is_destocking":false},{"id":33,"article_id":426434,"class_id":17,"name":"12\/14ans","on_standby":false,"stock_local":0,"stock_global":2393,"multiple":1,"estimated_date_reassort":null,"is_destocking":false}],"page_links":{"fr":"\/fr\/p-ka-k268-polo-manches-courtes-enfant-k268-17399\/navy-1261\/","en":"\/en\/p-ka-k268-short-sleeved-polo-shirt-for-kids-k268-17399\/navy-1261\/","de":"\/de\/p-ka-k268-kurzarm-polo-fur-kinder-k268-17399\/navy-1261\/","nl":"\/nl\/p-ka-k268-kortsluik-polo-kind-k268-17399\/navy-1261\/","es":"\/es\/p-ka-k268-polo-de-manga-corta-para-nino-k268-17399\/navy-1261\/","it":"\/it\/p-ka-k268-polo-a-maniche-corte-bambino-k268-17399\/navy-1261\/","sv":"\/sv\/p-ka-k268-kortarmad-polo-for-barn-k268-17399\/navy-1261\/","pt":"\/pt\/p-ka-k268-camisa-polo-de-mangas-curtas-infantil-k268-17399\/navy-1261\/","da":"\/da\/p-ka-k268-bornepolo-med-korte-aermer-k268-17399\/navy-1261\/","pl":"\/pl\/p-ka-k268-koszulka-polo-z-krotkimi-rekawami-dla-dzieci-k268-17399\/navy-1261\/"},"page_links_customization":{"fr":"\/fr\/p-ka-k268-polo-coton-enfant-manches-courtes-personnalisation-avec-votre-visuel-k268-17399\/navy-1261\/custom\/","en":"\/en\/p-ka-k268-child-short-sleeved-cotton-polo-shirt-customization-with-your-visual-k268-17399\/navy-1261\/custom\/","de":"\/de\/p-ka-k268-kinder-baumwoll-polo-mit-kurzen-armeln-personalisierung-mit-ihrem-visuell-k268-17399\/navy-1261\/custom\/","nl":"\/nl\/p-ka-k268-kortarm-katoen-polo-voor-kinderen-persoonlijk-maken-met-uw-visueel-k268-17399\/navy-1261\/custom\/","es":"\/es\/p-ka-k268-polo-de-manga-corta-de-algodon-para-ninos-personalizacion-con-su-diseno-k268-17399\/navy-1261\/custom\/","it":"\/it\/p-ka-k268-polo-cotone-bambino-maniche-corte-personalizzazione-con-il-tuo-visivo-k268-17399\/navy-1261\/custom\/","sv":"\/sv\/p-ka-k268-polo-barn-kortarmad-bomull-anpassning-med-er-bild-k268-17399\/navy-1261\/custom\/","pt":"\/pt\/p-ka-k268-polo-de-manga-curta-infantil-personalizacao-com-o-seu-visual-k268-17399\/navy-1261\/custom\/","da":"\/da\/p-ka-k268-borne-polo-med-korte-aermer-i-bomuld-personalisering-med-dit-visuelle-k268-17399\/navy-1261\/custom\/","pl":"\/pl\/p-ka-k268-koszule-polo-z-bawelny-z-krotkimi-rekawami-dla-dzieci-personalizacja-z-logo-k268-17399\/navy-1261\/custom\/"}},{"id":3672,"name":"oxford_grey","class_ids":[3],"codes_hexa":["adafae"],"delai_24":false,"has_3d":false,"seuil_global":0,"stock_local":0,"stock_global":7263,"on_standby":false,"in_catalog":true,"images":{"miniature":["https:\/\/media.th4.com\/dZSG4A9aOXmVs1by8RJ9s4cg2bRFZfwd5NOwhQBMn18\/pr:80\/aHR0cDovL21lZGlhMi5kZXNpZ25wYXJ0bmVyLmZyL2MvcC8xNzM5OS8xNzM5OS0zNjcyLTEud2VicA?v=1751554380","https:\/\/media.th4.com\/Z2jJwJNL88nk5Dd9KGWCqJICFw4Ubd_bpVYHGLfzO6E\/pr:80\/aHR0cDovL21lZGlhMi5kZXNpZ25wYXJ0bmVyLmZyL2MvcC8xNzM5OS8xNzM5OS0zNjcyLTIud2VicA?v=1751554380","https:\/\/media.th4.com\/3-mvLTV0SWBwMRdxRSqkoWTYOGkA5W15ntiOEg_aezc\/pr:80\/aHR0cDovL21lZGlhMi5kZXNpZ25wYXJ0bmVyLmZyL2MvcC8xNzM5OS8xNzM5OS0zNjcyLTMud2VicA?v=1751554380"],"medium":["https:\/\/media.th4.com\/xYDEwrx-44m4asDklwHCwUHyVKJNVdDzzn4mGWduZo4\/pr:550x550\/aHR0cDovL21lZGlhMi5kZXNpZ25wYXJ0bmVyLmZyL2MvcC8xNzM5OS8xNzM5OS0zNjcyLTEud2VicA?v=1751554380","https:\/\/media.th4.com\/LsYli6SgQ7rr61bgcfAf6ITt10ePGAPbkjqI_UCaMiQ\/pr:550x550\/aHR0cDovL21lZGlhMi5kZXNpZ25wYXJ0bmVyLmZyL2MvcC8xNzM5OS8xNzM5OS0zNjcyLTIud2VicA?v=1751554380","https:\/\/media.th4.com\/Tkt6LaeHsEIuW1yEFFuBRgO-MLiOYcFKAl2hB7ty1e4\/pr:550x550\/aHR0cDovL21lZGlhMi5kZXNpZ25wYXJ0bmVyLmZyL2MvcC8xNzM5OS8xNzM5OS0zNjcyLTMud2VicA?v=1751554380"],"medium_large":["https:\/\/media.th4.com\/hFKGMpskJbFR5rqIH9knk6RjcWpxj4Ns98FAlabb5No\/pr:1000x1000\/aHR0cDovL21lZGlhMi5kZXNpZ25wYXJ0bmVyLmZyL2MvcC8xNzM5OS8xNzM5OS0zNjcyLTEud2VicA?v=1751554380","https:\/\/media.th4.com\/Nd9mhkj2oCMM-YfVCqngwJxtRECtqa7rOGuGpXY84m8\/pr:1000x1000\/aHR0cDovL21lZGlhMi5kZXNpZ25wYXJ0bmVyLmZyL2MvcC8xNzM5OS8xNzM5OS0zNjcyLTIud2VicA?v=1751554380","https:\/\/media.th4.com\/VI62wm43eEzlp7MN4zCEVfwwT_5gF1VxZZL8A10z9Bc\/pr:1000x1000\/aHR0cDovL21lZGlhMi5kZXNpZ25wYXJ0bmVyLmZyL2MvcC8xNzM5OS8xNzM5OS0zNjcyLTMud2VicA?v=1751554380"],"large":["https:\/\/media.th4.com\/75NxMo6-5YJN-BQQYN2hWly1ZE5bVtxRXvi-KsrhV1I\/pr:1920\/aHR0cDovL21lZGlhMi5kZXNpZ25wYXJ0bmVyLmZyL2MvcC8xNzM5OS8xNzM5OS0zNjcyLTEud2VicA?v=1751554380","https:\/\/media.th4.com\/WnkpaIH6qa6UytJYwVMNlW0vQdzFWKbQj_O0jZPD_qc\/pr:1920\/aHR0cDovL21lZGlhMi5kZXNpZ25wYXJ0bmVyLmZyL2MvcC8xNzM5OS8xNzM5OS0zNjcyLTIud2VicA?v=1751554380","https:\/\/media.th4.com\/2LgL0P76i0XQyd3RZ0ufiBOxmfmzY1ZWyGeG3R89Jgg\/pr:1920\/aHR0cDovL21lZGlhMi5kZXNpZ25wYXJ0bmVyLmZyL2MvcC8xNzM5OS8xNzM5OS0zNjcyLTMud2VicA?v=1751554380"],"opengraph":["https:\/\/media.th4.com\/HQRjEKWtODtnNgZWEvhP3mBEOT70_d4g_k6tvFfjWAQ\/pr:1200x630\/aHR0cDovL21lZGlhMi5kZXNpZ25wYXJ0bmVyLmZyL2MvcC8xNzM5OS8xNzM5OS0zNjcyLTEud2VicA?v=1751554380","https:\/\/media.th4.com\/x4G-KrKpVsHlw_rjBmXUSre2FNd-NcNLm8XsfUJT0DY\/pr:1200x630\/aHR0cDovL21lZGlhMi5kZXNpZ25wYXJ0bmVyLmZyL2MvcC8xNzM5OS8xNzM5OS0zNjcyLTIud2VicA?v=1751554380","https:\/\/media.th4.com\/HHyT1FDt1M1zWZLjweuknh-p1y1Si1Ey-l7KQz2RLMs\/pr:1200x630\/aHR0cDovL21lZGlhMi5kZXNpZ25wYXJ0bmVyLmZyL2MvcC8xNzM5OS8xNzM5OS0zNjcyLTMud2VicA?v=1751554380"]},"images_customization":{"miniature":["https:\/\/media.th4.com\/SS6ZKXq-Ht30XeYjBijbFR7khk3Ddg14uooxZAXNZ6o\/pr:80\/aHR0cDovL21lZGlhMi5kZXNpZ25wYXJ0bmVyLmZyL2MvcC1zaG9wcGluZy1jdXN0b20tVEgvMTczOTkvMTczOTktMzY3Mi0xLmpwZw?v=1737556410","https:\/\/media.th4.com\/x6YUsJYRNGY8x1W_7p58rvZ3PBp81uzek4IqI7rjGSM\/pr:80\/aHR0cDovL21lZGlhMi5kZXNpZ25wYXJ0bmVyLmZyL2MvcC1zaG9wcGluZy1jdXN0b20tVEgvMTczOTkvMTczOTktMzY3Mi0yLmpwZw?v=1737556410"],"medium":["https:\/\/media.th4.com\/UDB7tZwlohzrHLdOtJ8-8kwsDWJueux1fTUwhAIdQUI\/pr:550x550\/aHR0cDovL21lZGlhMi5kZXNpZ25wYXJ0bmVyLmZyL2MvcC1zaG9wcGluZy1jdXN0b20tVEgvMTczOTkvMTczOTktMzY3Mi0xLmpwZw?v=1737556410","https:\/\/media.th4.com\/3TV2MPGO_nOzjPlYvu3thM6Zq8r_ks7Ns8OINvPsQ1I\/pr:550x550\/aHR0cDovL21lZGlhMi5kZXNpZ25wYXJ0bmVyLmZyL2MvcC1zaG9wcGluZy1jdXN0b20tVEgvMTczOTkvMTczOTktMzY3Mi0yLmpwZw?v=1737556410"],"medium_large":["https:\/\/media.th4.com\/bGzBVf7nte4kE48GU4rKbyWUmSUy7yq5S7w7MJgG0bA\/pr:1000x1000\/aHR0cDovL21lZGlhMi5kZXNpZ25wYXJ0bmVyLmZyL2MvcC1zaG9wcGluZy1jdXN0b20tVEgvMTczOTkvMTczOTktMzY3Mi0xLmpwZw?v=1737556410","https:\/\/media.th4.com\/09zt5aznh1GrXstrfL68T7E_jrpR30ugwrzA0U42zJg\/pr:1000x1000\/aHR0cDovL21lZGlhMi5kZXNpZ25wYXJ0bmVyLmZyL2MvcC1zaG9wcGluZy1jdXN0b20tVEgvMTczOTkvMTczOTktMzY3Mi0yLmpwZw?v=1737556410"],"large":["https:\/\/media.th4.com\/p65ct4DkUvt5aexMEG278dkMWs7NkN0ejYXzrjC5nqM\/pr:1920\/aHR0cDovL21lZGlhMi5kZXNpZ25wYXJ0bmVyLmZyL2MvcC1zaG9wcGluZy1jdXN0b20tVEgvMTczOTkvMTczOTktMzY3Mi0xLmpwZw?v=1737556410","https:\/\/media.th4.com\/y78YMQt1vWuZ_2Nib-r_PslyIZYpr3nXMwHevhhdD0o\/pr:1920\/aHR0cDovL21lZGlhMi5kZXNpZ25wYXJ0bmVyLmZyL2MvcC1zaG9wcGluZy1jdXN0b20tVEgvMTczOTkvMTczOTktMzY3Mi0yLmpwZw?v=1737556410"],"opengraph":["https:\/\/media.th4.com\/8xz_SnDitZPqLLkWyX87H1zsfH1ZQLDapbmgpc9dKuk\/pr:1200x630\/aHR0cDovL21lZGlhMi5kZXNpZ25wYXJ0bmVyLmZyL2MvcC1zaG9wcGluZy1jdXN0b20tVEgvMTczOTkvMTczOTktMzY3Mi0xLmpwZw?v=1737556410","https:\/\/media.th4.com\/yL-vYhJQZRLhICmiHu77sd2pExFvMCAz6PX67gLreNs\/pr:1200x630\/aHR0cDovL21lZGlhMi5kZXNpZ25wYXJ0bmVyLmZyL2MvcC1zaG9wcGluZy1jdXN0b20tVEgvMTczOTkvMTczOTktMzY3Mi0yLmpwZw?v=1737556410"]},"country_origin":"BD","traceability":{"manufacturing_country_id":null,"weaving_country_id":null,"dyeing_country_id":null},"sizes":[{"id":1396,"article_id":426415,"class_id":15,"name":"6\/8ans","on_standby":false,"stock_local":0,"stock_global":903,"multiple":1,"estimated_date_reassort":null,"is_destocking":false},{"id":1399,"article_id":426409,"class_id":14,"name":"4\/6ans","on_standby":false,"stock_local":0,"stock_global":410,"multiple":1,"estimated_date_reassort":null,"is_destocking":false},{"id":1397,"article_id":426421,"class_id":16,"name":"8\/10ans","on_standby":false,"stock_local":0,"stock_global":1744,"multiple":1,"estimated_date_reassort":null,"is_destocking":false},{"id":1398,"article_id":426427,"class_id":17,"name":"10\/12ans","on_standby":false,"stock_local":0,"stock_global":1844,"multiple":1,"estimated_date_reassort":null,"is_destocking":false},{"id":33,"article_id":426433,"class_id":17,"name":"12\/14ans","on_standby":false,"stock_local":0,"stock_global":2362,"multiple":1,"estimated_date_reassort":null,"is_destocking":false}],"page_links":{"fr":"\/fr\/p-ka-k268-polo-manches-courtes-enfant-k268-17399\/oxford-grey-3672\/","en":"\/en\/p-ka-k268-short-sleeved-polo-shirt-for-kids-k268-17399\/oxford-grey-3672\/","de":"\/de\/p-ka-k268-kurzarm-polo-fur-kinder-k268-17399\/oxford-grey-3672\/","nl":"\/nl\/p-ka-k268-kortsluik-polo-kind-k268-17399\/oxford-grey-3672\/","es":"\/es\/p-ka-k268-polo-de-manga-corta-para-nino-k268-17399\/oxford-grey-3672\/","it":"\/it\/p-ka-k268-polo-a-maniche-corte-bambino-k268-17399\/oxford-grey-3672\/","sv":"\/sv\/p-ka-k268-kortarmad-polo-for-barn-k268-17399\/oxford-grey-3672\/","pt":"\/pt\/p-ka-k268-camisa-polo-de-mangas-curtas-infantil-k268-17399\/oxford-grey-3672\/","da":"\/da\/p-ka-k268-bornepolo-med-korte-aermer-k268-17399\/oxford-grey-3672\/","pl":"\/pl\/p-ka-k268-koszulka-polo-z-krotkimi-rekawami-dla-dzieci-k268-17399\/oxford-grey-3672\/"},"page_links_customization":{"fr":"\/fr\/p-ka-k268-polo-coton-enfant-manches-courtes-personnalisation-avec-votre-visuel-k268-17399\/oxford-grey-3672\/custom\/","en":"\/en\/p-ka-k268-child-short-sleeved-cotton-polo-shirt-customization-with-your-visual-k268-17399\/oxford-grey-3672\/custom\/","de":"\/de\/p-ka-k268-kinder-baumwoll-polo-mit-kurzen-armeln-personalisierung-mit-ihrem-visuell-k268-17399\/oxford-grey-3672\/custom\/","nl":"\/nl\/p-ka-k268-kortarm-katoen-polo-voor-kinderen-persoonlijk-maken-met-uw-visueel-k268-17399\/oxford-grey-3672\/custom\/","es":"\/es\/p-ka-k268-polo-de-manga-corta-de-algodon-para-ninos-personalizacion-con-su-diseno-k268-17399\/oxford-grey-3672\/custom\/","it":"\/it\/p-ka-k268-polo-cotone-bambino-maniche-corte-personalizzazione-con-il-tuo-visivo-k268-17399\/oxford-grey-3672\/custom\/","sv":"\/sv\/p-ka-k268-polo-barn-kortarmad-bomull-anpassning-med-er-bild-k268-17399\/oxford-grey-3672\/custom\/","pt":"\/pt\/p-ka-k268-polo-de-manga-curta-infantil-personalizacao-com-o-seu-visual-k268-17399\/oxford-grey-3672\/custom\/","da":"\/da\/p-ka-k268-borne-polo-med-korte-aermer-i-bomuld-personalisering-med-dit-visuelle-k268-17399\/oxford-grey-3672\/custom\/","pl":"\/pl\/p-ka-k268-koszule-polo-z-bawelny-z-krotkimi-rekawami-dla-dzieci-personalizacja-z-logo-k268-17399\/oxford-grey-3672\/custom\/"}},{"id":1856,"name":"white","class_ids":[1],"codes_hexa":["FFFFFF"],"delai_24":false,"has_3d":false,"seuil_global":0,"stock_local":0,"stock_global":3105,"on_standby":false,"in_catalog":true,"images":{"miniature":["https:\/\/media.th4.com\/Vwgn_kgr_aJROY33GPMoGDqRR_OSYd1GDem5_OgxWyA\/pr:80\/aHR0cDovL21lZGlhMi5kZXNpZ25wYXJ0bmVyLmZyL2MvcC8xNzM5OS8xNzM5OS0xODU2LTEud2VicA?v=1751554380","https:\/\/media.th4.com\/S5bdNzrQy-fM1eYQ757LE00kjdpI9uAIrSVBZB2zl3Q\/pr:80\/aHR0cDovL21lZGlhMi5kZXNpZ25wYXJ0bmVyLmZyL2MvcC8xNzM5OS8xNzM5OS0xODU2LTIud2VicA?v=1751554380","https:\/\/media.th4.com\/XfLhTCj2l_AXWe9UTADSb0gNCJUH5uf4sDbHY6_fKWg\/pr:80\/aHR0cDovL21lZGlhMi5kZXNpZ25wYXJ0bmVyLmZyL2MvcC8xNzM5OS8xNzM5OS0xODU2LTMud2VicA?v=1751554380"],"medium":["https:\/\/media.th4.com\/fi-Q_kv6fsPc8H82FONXQmSlkKLZKtyLdFD2hbHeNKg\/pr:550x550\/aHR0cDovL21lZGlhMi5kZXNpZ25wYXJ0bmVyLmZyL2MvcC8xNzM5OS8xNzM5OS0xODU2LTEud2VicA?v=1751554380","https:\/\/media.th4.com\/uonQYkuEJG63bCK8DwedFw8id9Rhb7Xh8gp5P3s-ruU\/pr:550x550\/aHR0cDovL21lZGlhMi5kZXNpZ25wYXJ0bmVyLmZyL2MvcC8xNzM5OS8xNzM5OS0xODU2LTIud2VicA?v=1751554380","https:\/\/media.th4.com\/AkTHrYfYaiEwlhg9qAcjd3Okk5F9XRy2t9kAja9gfqs\/pr:550x550\/aHR0cDovL21lZGlhMi5kZXNpZ25wYXJ0bmVyLmZyL2MvcC8xNzM5OS8xNzM5OS0xODU2LTMud2VicA?v=1751554380"],"medium_large":["https:\/\/media.th4.com\/I_9nGi3p35zzKmNlTWxHcStjGwmg059xLzHTuLLr4K4\/pr:1000x1000\/aHR0cDovL21lZGlhMi5kZXNpZ25wYXJ0bmVyLmZyL2MvcC8xNzM5OS8xNzM5OS0xODU2LTEud2VicA?v=1751554380","https:\/\/media.th4.com\/lKOImt3SUH2La3nlxylLcA8C01cjGY7J5PrqEOQCJLU\/pr:1000x1000\/aHR0cDovL21lZGlhMi5kZXNpZ25wYXJ0bmVyLmZyL2MvcC8xNzM5OS8xNzM5OS0xODU2LTIud2VicA?v=1751554380","https:\/\/media.th4.com\/SugsoXfjNPDGAl527930XwNAvdhO-yZ0t5xpu6SqFXk\/pr:1000x1000\/aHR0cDovL21lZGlhMi5kZXNpZ25wYXJ0bmVyLmZyL2MvcC8xNzM5OS8xNzM5OS0xODU2LTMud2VicA?v=1751554380"],"large":["https:\/\/media.th4.com\/D1MVeTmHEqGAiqvyGkGUX_OJTQ1-N1wkBwg2p9fNR8c\/pr:1920\/aHR0cDovL21lZGlhMi5kZXNpZ25wYXJ0bmVyLmZyL2MvcC8xNzM5OS8xNzM5OS0xODU2LTEud2VicA?v=1751554380","https:\/\/media.th4.com\/v09fAsTcs7U6J_Wa9OyCv6gCh-znq7mFhFhVw1q_f7s\/pr:1920\/aHR0cDovL21lZGlhMi5kZXNpZ25wYXJ0bmVyLmZyL2MvcC8xNzM5OS8xNzM5OS0xODU2LTIud2VicA?v=1751554380","https:\/\/media.th4.com\/JzQFIdJ-xix_6harDzl3KyQpp35G_lfyIWOkT44vvQo\/pr:1920\/aHR0cDovL21lZGlhMi5kZXNpZ25wYXJ0bmVyLmZyL2MvcC8xNzM5OS8xNzM5OS0xODU2LTMud2VicA?v=1751554380"],"opengraph":["https:\/\/media.th4.com\/Gy62lTqH7YFzg59PPB5J9jVLMnZ9wF5-lWJixs4UK6c\/pr:1200x630\/aHR0cDovL21lZGlhMi5kZXNpZ25wYXJ0bmVyLmZyL2MvcC8xNzM5OS8xNzM5OS0xODU2LTEud2VicA?v=1751554380","https:\/\/media.th4.com\/en8UO9_eOqqzJkXpoyiuzOv7ARYZuruhSmk13lB6JhY\/pr:1200x630\/aHR0cDovL21lZGlhMi5kZXNpZ25wYXJ0bmVyLmZyL2MvcC8xNzM5OS8xNzM5OS0xODU2LTIud2VicA?v=1751554380","https:\/\/media.th4.com\/JnoVuXKOENwUWfx7h-sAUI-3481CEGu1zQuIWtPWYzo\/pr:1200x630\/aHR0cDovL21lZGlhMi5kZXNpZ25wYXJ0bmVyLmZyL2MvcC8xNzM5OS8xNzM5OS0xODU2LTMud2VicA?v=1751554380"]},"images_customization":{"miniature":["https:\/\/media.th4.com\/zbrcQKfizTWsZbn--uH_0n5JXWeguMuIPdMriIVarTc\/pr:80\/aHR0cDovL21lZGlhMi5kZXNpZ25wYXJ0bmVyLmZyL2MvcC1zaG9wcGluZy1jdXN0b20tVEgvMTczOTkvMTczOTktMTg1Ni0xLmpwZw?v=1737556409"],"medium":["https:\/\/media.th4.com\/1oAMjn80AlX_Iq_1yttdx__SeD1rmwirjuoPO5ApnnM\/pr:550x550\/aHR0cDovL21lZGlhMi5kZXNpZ25wYXJ0bmVyLmZyL2MvcC1zaG9wcGluZy1jdXN0b20tVEgvMTczOTkvMTczOTktMTg1Ni0xLmpwZw?v=1737556409"],"medium_large":["https:\/\/media.th4.com\/visT12rJ0R0YQ4gPTx76dTTrGv_Wl35_80qGfPRa1Ag\/pr:1000x1000\/aHR0cDovL21lZGlhMi5kZXNpZ25wYXJ0bmVyLmZyL2MvcC1zaG9wcGluZy1jdXN0b20tVEgvMTczOTkvMTczOTktMTg1Ni0xLmpwZw?v=1737556409"],"large":["https:\/\/media.th4.com\/wpBS4WUzkBRVre8Pn5sj-qFijhss8O7qmqzeacfd1Qs\/pr:1920\/aHR0cDovL21lZGlhMi5kZXNpZ25wYXJ0bmVyLmZyL2MvcC1zaG9wcGluZy1jdXN0b20tVEgvMTczOTkvMTczOTktMTg1Ni0xLmpwZw?v=1737556409"],"opengraph":["https:\/\/media.th4.com\/29WR9UqyPF5BmrN670lu4wHhM5agUWVCn3xt4E3O3lE\/pr:1200x630\/aHR0cDovL21lZGlhMi5kZXNpZ25wYXJ0bmVyLmZyL2MvcC1zaG9wcGluZy1jdXN0b20tVEgvMTczOTkvMTczOTktMTg1Ni0xLmpwZw?v=1737556409"]},"country_origin":"BD","traceability":{"manufacturing_country_id":null,"weaving_country_id":null,"dyeing_country_id":null},"sizes":[{"id":1396,"article_id":426413,"class_id":15,"name":"6\/8ans","on_standby":false,"stock_local":0,"stock_global":505,"multiple":1,"estimated_date_reassort":null,"is_destocking":false},{"id":1399,"article_id":426407,"class_id":14,"name":"4\/6ans","on_standby":false,"stock_local":0,"stock_global":444,"multiple":1,"estimated_date_reassort":null,"is_destocking":false},{"id":1397,"article_id":426419,"class_id":16,"name":"8\/10ans","on_standby":false,"stock_local":0,"stock_global":518,"multiple":1,"estimated_date_reassort":null,"is_destocking":false},{"id":1398,"article_id":426425,"class_id":17,"name":"10\/12ans","on_standby":false,"stock_local":0,"stock_global":884,"multiple":1,"estimated_date_reassort":null,"is_destocking":false},{"id":33,"article_id":426431,"class_id":17,"name":"12\/14ans","on_standby":false,"stock_local":0,"stock_global":754,"multiple":1,"estimated_date_reassort":null,"is_destocking":false}],"page_links":{"fr":"\/fr\/p-ka-k268-polo-manches-courtes-enfant-k268-17399\/white-1856\/","en":"\/en\/p-ka-k268-short-sleeved-polo-shirt-for-kids-k268-17399\/white-1856\/","de":"\/de\/p-ka-k268-kurzarm-polo-fur-kinder-k268-17399\/white-1856\/","nl":"\/nl\/p-ka-k268-kortsluik-polo-kind-k268-17399\/white-1856\/","es":"\/es\/p-ka-k268-polo-de-manga-corta-para-nino-k268-17399\/white-1856\/","it":"\/it\/p-ka-k268-polo-a-maniche-corte-bambino-k268-17399\/white-1856\/","sv":"\/sv\/p-ka-k268-kortarmad-polo-for-barn-k268-17399\/white-1856\/","pt":"\/pt\/p-ka-k268-camisa-polo-de-mangas-curtas-infantil-k268-17399\/white-1856\/","da":"\/da\/p-ka-k268-bornepolo-med-korte-aermer-k268-17399\/white-1856\/","pl":"\/pl\/p-ka-k268-koszulka-polo-z-krotkimi-rekawami-dla-dzieci-k268-17399\/white-1856\/"},"page_links_customization":{"fr":"\/fr\/p-ka-k268-polo-coton-enfant-manches-courtes-personnalisation-avec-votre-visuel-k268-17399\/white-1856\/custom\/","en":"\/en\/p-ka-k268-child-short-sleeved-cotton-polo-shirt-customization-with-your-visual-k268-17399\/white-1856\/custom\/","de":"\/de\/p-ka-k268-kinder-baumwoll-polo-mit-kurzen-armeln-personalisierung-mit-ihrem-visuell-k268-17399\/white-1856\/custom\/","nl":"\/nl\/p-ka-k268-kortarm-katoen-polo-voor-kinderen-persoonlijk-maken-met-uw-visueel-k268-17399\/white-1856\/custom\/","es":"\/es\/p-ka-k268-polo-de-manga-corta-de-algodon-para-ninos-personalizacion-con-su-diseno-k268-17399\/white-1856\/custom\/","it":"\/it\/p-ka-k268-polo-cotone-bambino-maniche-corte-personalizzazione-con-il-tuo-visivo-k268-17399\/white-1856\/custom\/","sv":"\/sv\/p-ka-k268-polo-barn-kortarmad-bomull-anpassning-med-er-bild-k268-17399\/white-1856\/custom\/","pt":"\/pt\/p-ka-k268-polo-de-manga-curta-infantil-personalizacao-com-o-seu-visual-k268-17399\/white-1856\/custom\/","da":"\/da\/p-ka-k268-borne-polo-med-korte-aermer-i-bomuld-personalisering-med-dit-visuelle-k268-17399\/white-1856\/custom\/","pl":"\/pl\/p-ka-k268-koszule-polo-z-bawelny-z-krotkimi-rekawami-dla-dzieci-personalizacja-z-logo-k268-17399\/white-1856\/custom\/"}},{"id":1383,"name":"light_royal_blue","class_ids":[2],"codes_hexa":["015bbb"],"delai_24":false,"has_3d":false,"seuil_global":0,"stock_local":0,"stock_global":2633,"on_standby":false,"in_catalog":true,"images":{"miniature":["https:\/\/media.th4.com\/FalDcrRVmT7qKMZsw0L6W7ifWVHGfXJo0HtyEosZHUs\/pr:80\/aHR0cDovL21lZGlhMi5kZXNpZ25wYXJ0bmVyLmZyL2MvcC8xNzM5OS8xNzM5OS0xMzgzLTEud2VicA?v=1751554380","https:\/\/media.th4.com\/UFi4XARip7JyjrR8KpIjRUSy6KjgyN6rgnL6RfAyet4\/pr:80\/aHR0cDovL21lZGlhMi5kZXNpZ25wYXJ0bmVyLmZyL2MvcC8xNzM5OS8xNzM5OS0xMzgzLTIud2VicA?v=1751554380","https:\/\/media.th4.com\/0u1-zT0BdFI5brQMTiXgnUg8v8HQQpzj-MW9gQNdcOI\/pr:80\/aHR0cDovL21lZGlhMi5kZXNpZ25wYXJ0bmVyLmZyL2MvcC8xNzM5OS8xNzM5OS0xMzgzLTMud2VicA?v=1751554380"],"medium":["https:\/\/media.th4.com\/JoUQGhtB3U81RFZHHReu3D40pWDvj051SvQxyg3airE\/pr:550x550\/aHR0cDovL21lZGlhMi5kZXNpZ25wYXJ0bmVyLmZyL2MvcC8xNzM5OS8xNzM5OS0xMzgzLTEud2VicA?v=1751554380","https:\/\/media.th4.com\/iM-_rQsZNzXdDhCp7nqhO789xDK00Tl85aQ-ztKPGKA\/pr:550x550\/aHR0cDovL21lZGlhMi5kZXNpZ25wYXJ0bmVyLmZyL2MvcC8xNzM5OS8xNzM5OS0xMzgzLTIud2VicA?v=1751554380","https:\/\/media.th4.com\/10ZRiyYa1X6_Cqn_EoqMzqwRkTvIm1kIRpmXoAAqUfE\/pr:550x550\/aHR0cDovL21lZGlhMi5kZXNpZ25wYXJ0bmVyLmZyL2MvcC8xNzM5OS8xNzM5OS0xMzgzLTMud2VicA?v=1751554380"],"medium_large":["https:\/\/media.th4.com\/pwDKnJPskWORmzxwQwpbvGCVXNyO8M8QBx_LId-Dwrc\/pr:1000x1000\/aHR0cDovL21lZGlhMi5kZXNpZ25wYXJ0bmVyLmZyL2MvcC8xNzM5OS8xNzM5OS0xMzgzLTEud2VicA?v=1751554380","https:\/\/media.th4.com\/oufetLpumQEUhs57OFjaA8XaH9ZZxwY7auGz3ceWTmM\/pr:1000x1000\/aHR0cDovL21lZGlhMi5kZXNpZ25wYXJ0bmVyLmZyL2MvcC8xNzM5OS8xNzM5OS0xMzgzLTIud2VicA?v=1751554380","https:\/\/media.th4.com\/PzaYOjuFq8P4Wr3oLwP1nwgX-QU6JWc2EdGotXW5ZnU\/pr:1000x1000\/aHR0cDovL21lZGlhMi5kZXNpZ25wYXJ0bmVyLmZyL2MvcC8xNzM5OS8xNzM5OS0xMzgzLTMud2VicA?v=1751554380"],"large":["https:\/\/media.th4.com\/xpfrvtxb-I0hCYsx7VPjv29PWbMrBBrhNOhrfKcNFcc\/pr:1920\/aHR0cDovL21lZGlhMi5kZXNpZ25wYXJ0bmVyLmZyL2MvcC8xNzM5OS8xNzM5OS0xMzgzLTEud2VicA?v=1751554380","https:\/\/media.th4.com\/W2RJvAAMhb-J1lZmv2I9wxbWfbKVWc3xpWxBBI0bhr8\/pr:1920\/aHR0cDovL21lZGlhMi5kZXNpZ25wYXJ0bmVyLmZyL2MvcC8xNzM5OS8xNzM5OS0xMzgzLTIud2VicA?v=1751554380","https:\/\/media.th4.com\/Sa8VYomBJMoh2KFINABSNFlpT7Ex3NlFO1h3OAHIO8M\/pr:1920\/aHR0cDovL21lZGlhMi5kZXNpZ25wYXJ0bmVyLmZyL2MvcC8xNzM5OS8xNzM5OS0xMzgzLTMud2VicA?v=1751554380"],"opengraph":["https:\/\/media.th4.com\/CUokP4aTXy1gwPw6Y6lyktIf03kSGGyUCRxeiUx1HBw\/pr:1200x630\/aHR0cDovL21lZGlhMi5kZXNpZ25wYXJ0bmVyLmZyL2MvcC8xNzM5OS8xNzM5OS0xMzgzLTEud2VicA?v=1751554380","https:\/\/media.th4.com\/Q33hbytZHtnuIYbDPTbY6FK7OZxKj3ECXdiVy6GDln8\/pr:1200x630\/aHR0cDovL21lZGlhMi5kZXNpZ25wYXJ0bmVyLmZyL2MvcC8xNzM5OS8xNzM5OS0xMzgzLTIud2VicA?v=1751554380","https:\/\/media.th4.com\/lgT7gQ0UeBudusIsDOlRNuc9IRNhRLchtS_VvvVWQkU\/pr:1200x630\/aHR0cDovL21lZGlhMi5kZXNpZ25wYXJ0bmVyLmZyL2MvcC8xNzM5OS8xNzM5OS0xMzgzLTMud2VicA?v=1751554380"]},"images_customization":{"miniature":["https:\/\/media.th4.com\/eBz6ALTHhh9ym86betenYfly_ly0wumqA-Eh8Sbkp_0\/pr:80\/aHR0cDovL21lZGlhMi5kZXNpZ25wYXJ0bmVyLmZyL2MvcC1zaG9wcGluZy1jdXN0b20tVEgvMTczOTkvMTczOTktMTM4My0xLmpwZw?v=1737556409"],"medium":["https:\/\/media.th4.com\/iA0QQlzYFUDncYUghq4mDUsuNAHD5HQfPWNAZ5V5T5M\/pr:550x550\/aHR0cDovL21lZGlhMi5kZXNpZ25wYXJ0bmVyLmZyL2MvcC1zaG9wcGluZy1jdXN0b20tVEgvMTczOTkvMTczOTktMTM4My0xLmpwZw?v=1737556409"],"medium_large":["https:\/\/media.th4.com\/qupgTememGViqwYV_SQEwi3-wjePxWRtLhViROW81cM\/pr:1000x1000\/aHR0cDovL21lZGlhMi5kZXNpZ25wYXJ0bmVyLmZyL2MvcC1zaG9wcGluZy1jdXN0b20tVEgvMTczOTkvMTczOTktMTM4My0xLmpwZw?v=1737556409"],"large":["https:\/\/media.th4.com\/HDzoEYAZTzd4TomMzdghKTzcuufH7XGbhY8YUysG884\/pr:1920\/aHR0cDovL21lZGlhMi5kZXNpZ25wYXJ0bmVyLmZyL2MvcC1zaG9wcGluZy1jdXN0b20tVEgvMTczOTkvMTczOTktMTM4My0xLmpwZw?v=1737556409"],"opengraph":["https:\/\/media.th4.com\/uYu1N-8HB43L7S91cue3lW255S0Ns2r_YOBBI-XRWqE\/pr:1200x630\/aHR0cDovL21lZGlhMi5kZXNpZ25wYXJ0bmVyLmZyL2MvcC1zaG9wcGluZy1jdXN0b20tVEgvMTczOTkvMTczOTktMTM4My0xLmpwZw?v=1737556409"]},"country_origin":"BD","traceability":{"manufacturing_country_id":null,"weaving_country_id":null,"dyeing_country_id":null},"sizes":[{"id":1396,"article_id":426418,"class_id":15,"name":"6\/8ans","on_standby":false,"stock_local":0,"stock_global":237,"multiple":1,"estimated_date_reassort":null,"is_destocking":false},{"id":1399,"article_id":426412,"class_id":14,"name":"4\/6ans","on_standby":false,"stock_local":0,"stock_global":202,"multiple":1,"estimated_date_reassort":null,"is_destocking":false},{"id":1397,"article_id":426424,"class_id":16,"name":"8\/10ans","on_standby":false,"stock_local":0,"stock_global":710,"multiple":1,"estimated_date_reassort":null,"is_destocking":false},{"id":1398,"article_id":426430,"class_id":17,"name":"10\/12ans","on_standby":false,"stock_local":0,"stock_global":803,"multiple":1,"estimated_date_reassort":null,"is_destocking":false},{"id":33,"article_id":426436,"class_id":17,"name":"12\/14ans","on_standby":false,"stock_local":0,"stock_global":681,"multiple":1,"estimated_date_reassort":null,"is_destocking":false}],"page_links":{"fr":"\/fr\/p-ka-k268-polo-manches-courtes-enfant-k268-17399\/light-royal-blue-1383\/","en":"\/en\/p-ka-k268-short-sleeved-polo-shirt-for-kids-k268-17399\/light-royal-blue-1383\/","de":"\/de\/p-ka-k268-kurzarm-polo-fur-kinder-k268-17399\/light-royal-blue-1383\/","nl":"\/nl\/p-ka-k268-kortsluik-polo-kind-k268-17399\/light-royal-blue-1383\/","es":"\/es\/p-ka-k268-polo-de-manga-corta-para-nino-k268-17399\/light-royal-blue-1383\/","it":"\/it\/p-ka-k268-polo-a-maniche-corte-bambino-k268-17399\/light-royal-blue-1383\/","sv":"\/sv\/p-ka-k268-kortarmad-polo-for-barn-k268-17399\/light-royal-blue-1383\/","pt":"\/pt\/p-ka-k268-camisa-polo-de-mangas-curtas-infantil-k268-17399\/light-royal-blue-1383\/","da":"\/da\/p-ka-k268-bornepolo-med-korte-aermer-k268-17399\/light-royal-blue-1383\/","pl":"\/pl\/p-ka-k268-koszulka-polo-z-krotkimi-rekawami-dla-dzieci-k268-17399\/light-royal-blue-1383\/"},"page_links_customization":{"fr":"\/fr\/p-ka-k268-polo-coton-enfant-manches-courtes-personnalisation-avec-votre-visuel-k268-17399\/light-royal-blue-1383\/custom\/","en":"\/en\/p-ka-k268-child-short-sleeved-cotton-polo-shirt-customization-with-your-visual-k268-17399\/light-royal-blue-1383\/custom\/","de":"\/de\/p-ka-k268-kinder-baumwoll-polo-mit-kurzen-armeln-personalisierung-mit-ihrem-visuell-k268-17399\/light-royal-blue-1383\/custom\/","nl":"\/nl\/p-ka-k268-kortarm-katoen-polo-voor-kinderen-persoonlijk-maken-met-uw-visueel-k268-17399\/light-royal-blue-1383\/custom\/","es":"\/es\/p-ka-k268-polo-de-manga-corta-de-algodon-para-ninos-personalizacion-con-su-diseno-k268-17399\/light-royal-blue-1383\/custom\/","it":"\/it\/p-ka-k268-polo-cotone-bambino-maniche-corte-personalizzazione-con-il-tuo-visivo-k268-17399\/light-royal-blue-1383\/custom\/","sv":"\/sv\/p-ka-k268-polo-barn-kortarmad-bomull-anpassning-med-er-bild-k268-17399\/light-royal-blue-1383\/custom\/","pt":"\/pt\/p-ka-k268-polo-de-manga-curta-infantil-personalizacao-com-o-seu-visual-k268-17399\/light-royal-blue-1383\/custom\/","da":"\/da\/p-ka-k268-borne-polo-med-korte-aermer-i-bomuld-personalisering-med-dit-visuelle-k268-17399\/light-royal-blue-1383\/custom\/","pl":"\/pl\/p-ka-k268-koszule-polo-z-bawelny-z-krotkimi-rekawami-dla-dzieci-personalizacja-z-logo-k268-17399\/light-royal-blue-1383\/custom\/"}},{"id":1262,"name":"red","class_ids":[6],"codes_hexa":["dc0210"],"delai_24":false,"has_3d":false,"seuil_global":0,"stock_local":0,"stock_global":1209,"on_standby":false,"in_catalog":true,"images":{"miniature":["https:\/\/media.th4.com\/t-5G8sGEL4BzZjNA5qm_ErRSCN_2CT_Xg-puWfjphiI\/pr:80\/aHR0cDovL21lZGlhMi5kZXNpZ25wYXJ0bmVyLmZyL2MvcC8xNzM5OS8xNzM5OS0xMjYyLTEud2VicA?v=1751554379","https:\/\/media.th4.com\/vuQ4bLG0-4MpqrdVKk-RreWOHWwJTVjEZ9qmx6Pu3kQ\/pr:80\/aHR0cDovL21lZGlhMi5kZXNpZ25wYXJ0bmVyLmZyL2MvcC8xNzM5OS8xNzM5OS0xMjYyLTIud2VicA?v=1751554379","https:\/\/media.th4.com\/27F1VHomjuAb4LagJd5W-3j0vFjwZek2D8c3iDR6Hyk\/pr:80\/aHR0cDovL21lZGlhMi5kZXNpZ25wYXJ0bmVyLmZyL2MvcC8xNzM5OS8xNzM5OS0xMjYyLTMud2VicA?v=1751554380"],"medium":["https:\/\/media.th4.com\/cdLnIz-ey1f-HpoXUXT-uOkzysKLSeKr0oQjroYUqwY\/pr:550x550\/aHR0cDovL21lZGlhMi5kZXNpZ25wYXJ0bmVyLmZyL2MvcC8xNzM5OS8xNzM5OS0xMjYyLTEud2VicA?v=1751554379","https:\/\/media.th4.com\/XkB6RCcgizmQ89_RbRPMQbVZmaChec-XHJX0h9ELqFc\/pr:550x550\/aHR0cDovL21lZGlhMi5kZXNpZ25wYXJ0bmVyLmZyL2MvcC8xNzM5OS8xNzM5OS0xMjYyLTIud2VicA?v=1751554379","https:\/\/media.th4.com\/0odeyuuifijQxOcf3s9nfRKZIKzQFTQVXObUKjBLJlA\/pr:550x550\/aHR0cDovL21lZGlhMi5kZXNpZ25wYXJ0bmVyLmZyL2MvcC8xNzM5OS8xNzM5OS0xMjYyLTMud2VicA?v=1751554380"],"medium_large":["https:\/\/media.th4.com\/UZCc23b4qpgW2r1o6vV0j-KV4n3DxraaDs9Wfm-JzAY\/pr:1000x1000\/aHR0cDovL21lZGlhMi5kZXNpZ25wYXJ0bmVyLmZyL2MvcC8xNzM5OS8xNzM5OS0xMjYyLTEud2VicA?v=1751554379","https:\/\/media.th4.com\/YQWA8NynXaoDf6QWU6eL2BJi81UbmrU62n1i7Wl18mE\/pr:1000x1000\/aHR0cDovL21lZGlhMi5kZXNpZ25wYXJ0bmVyLmZyL2MvcC8xNzM5OS8xNzM5OS0xMjYyLTIud2VicA?v=1751554379","https:\/\/media.th4.com\/I7XVx5Xcg-4PKRvgcd55TAeWVmjEV9E74mr9qCJr_IE\/pr:1000x1000\/aHR0cDovL21lZGlhMi5kZXNpZ25wYXJ0bmVyLmZyL2MvcC8xNzM5OS8xNzM5OS0xMjYyLTMud2VicA?v=1751554380"],"large":["https:\/\/media.th4.com\/DXFojfH9VaC8GubkkhVd4x4JCxXZqkJ8afHt3I2N4bU\/pr:1920\/aHR0cDovL21lZGlhMi5kZXNpZ25wYXJ0bmVyLmZyL2MvcC8xNzM5OS8xNzM5OS0xMjYyLTEud2VicA?v=1751554379","https:\/\/media.th4.com\/AQgX_7ObEB7Hbob8Dezdge9Tyqn153oD0vqb_hSZwKs\/pr:1920\/aHR0cDovL21lZGlhMi5kZXNpZ25wYXJ0bmVyLmZyL2MvcC8xNzM5OS8xNzM5OS0xMjYyLTIud2VicA?v=1751554379","https:\/\/media.th4.com\/vYi2KHyBIyyljwD1aCV56LiBSsowoNE5c-FMvci4DOc\/pr:1920\/aHR0cDovL21lZGlhMi5kZXNpZ25wYXJ0bmVyLmZyL2MvcC8xNzM5OS8xNzM5OS0xMjYyLTMud2VicA?v=1751554380"],"opengraph":["https:\/\/media.th4.com\/SP_HpkP9IPLGABpRVFS0CrhWvC3xzgGXqPFlZQI85EQ\/pr:1200x630\/aHR0cDovL21lZGlhMi5kZXNpZ25wYXJ0bmVyLmZyL2MvcC8xNzM5OS8xNzM5OS0xMjYyLTEud2VicA?v=1751554379","https:\/\/media.th4.com\/-JxeB4_1dzpktXNHfUcCe1d5z5ET83YV5VD75j_7s3s\/pr:1200x630\/aHR0cDovL21lZGlhMi5kZXNpZ25wYXJ0bmVyLmZyL2MvcC8xNzM5OS8xNzM5OS0xMjYyLTIud2VicA?v=1751554379","https:\/\/media.th4.com\/QPkVQu84UV8ZBVT8I_-G4tSjVr0ckugWym04VP0Ey9A\/pr:1200x630\/aHR0cDovL21lZGlhMi5kZXNpZ25wYXJ0bmVyLmZyL2MvcC8xNzM5OS8xNzM5OS0xMjYyLTMud2VicA?v=1751554380"]},"images_customization":{"miniature":["https:\/\/media.th4.com\/Jil-SzV1v1NxqXn66zqMFxQ-C7ngAUeuzYszRyuZcOc\/pr:80\/aHR0cDovL21lZGlhMi5kZXNpZ25wYXJ0bmVyLmZyL2MvcC1zaG9wcGluZy1jdXN0b20tVEgvMTczOTkvMTczOTktMTI2Mi0xLmpwZw?v=1737556409"],"medium":["https:\/\/media.th4.com\/d3QjsCXi6XxstWxWKLjtVOJ123uePYU8O2bLfn9K4_8\/pr:550x550\/aHR0cDovL21lZGlhMi5kZXNpZ25wYXJ0bmVyLmZyL2MvcC1zaG9wcGluZy1jdXN0b20tVEgvMTczOTkvMTczOTktMTI2Mi0xLmpwZw?v=1737556409"],"medium_large":["https:\/\/media.th4.com\/bP8ZYD49xo_UbOtnuGq9QeVodPcadQXdSfeZbXMsYS4\/pr:1000x1000\/aHR0cDovL21lZGlhMi5kZXNpZ25wYXJ0bmVyLmZyL2MvcC1zaG9wcGluZy1jdXN0b20tVEgvMTczOTkvMTczOTktMTI2Mi0xLmpwZw?v=1737556409"],"large":["https:\/\/media.th4.com\/YG_l9d-6t8qlgIdqzJj3UeGxozGFMIF5ED2_Cal6XME\/pr:1920\/aHR0cDovL21lZGlhMi5kZXNpZ25wYXJ0bmVyLmZyL2MvcC1zaG9wcGluZy1jdXN0b20tVEgvMTczOTkvMTczOTktMTI2Mi0xLmpwZw?v=1737556409"],"opengraph":["https:\/\/media.th4.com\/M4DxliU2zPO3pA9xEGVOdunQ6dnjH0fBsx9lcL7VaFM\/pr:1200x630\/aHR0cDovL21lZGlhMi5kZXNpZ25wYXJ0bmVyLmZyL2MvcC1zaG9wcGluZy1jdXN0b20tVEgvMTczOTkvMTczOTktMTI2Mi0xLmpwZw?v=1737556409"]},"country_origin":"BD","traceability":{"manufacturing_country_id":null,"weaving_country_id":null,"dyeing_country_id":null},"sizes":[{"id":1396,"article_id":426417,"class_id":15,"name":"6\/8ans","on_standby":false,"stock_local":0,"stock_global":200,"multiple":1,"estimated_date_reassort":null,"is_destocking":false},{"id":1399,"article_id":426411,"class_id":14,"name":"4\/6ans","on_standby":false,"stock_local":0,"stock_global":100,"multiple":1,"estimated_date_reassort":null,"is_destocking":false},{"id":1397,"article_id":426423,"class_id":16,"name":"8\/10ans","on_standby":false,"stock_local":0,"stock_global":190,"multiple":1,"estimated_date_reassort":null,"is_destocking":false},{"id":1398,"article_id":426429,"class_id":17,"name":"10\/12ans","on_standby":false,"stock_local":0,"stock_global":328,"multiple":1,"estimated_date_reassort":null,"is_destocking":false},{"id":33,"article_id":426435,"class_id":17,"name":"12\/14ans","on_standby":false,"stock_local":0,"stock_global":391,"multiple":1,"estimated_date_reassort":null,"is_destocking":false}],"page_links":{"fr":"\/fr\/p-ka-k268-polo-manches-courtes-enfant-k268-17399\/red-1262\/","en":"\/en\/p-ka-k268-short-sleeved-polo-shirt-for-kids-k268-17399\/red-1262\/","de":"\/de\/p-ka-k268-kurzarm-polo-fur-kinder-k268-17399\/red-1262\/","nl":"\/nl\/p-ka-k268-kortsluik-polo-kind-k268-17399\/red-1262\/","es":"\/es\/p-ka-k268-polo-de-manga-corta-para-nino-k268-17399\/red-1262\/","it":"\/it\/p-ka-k268-polo-a-maniche-corte-bambino-k268-17399\/red-1262\/","sv":"\/sv\/p-ka-k268-kortarmad-polo-for-barn-k268-17399\/red-1262\/","pt":"\/pt\/p-ka-k268-camisa-polo-de-mangas-curtas-infantil-k268-17399\/red-1262\/","da":"\/da\/p-ka-k268-bornepolo-med-korte-aermer-k268-17399\/red-1262\/","pl":"\/pl\/p-ka-k268-koszulka-polo-z-krotkimi-rekawami-dla-dzieci-k268-17399\/red-1262\/"},"page_links_customization":{"fr":"\/fr\/p-ka-k268-polo-coton-enfant-manches-courtes-personnalisation-avec-votre-visuel-k268-17399\/red-1262\/custom\/","en":"\/en\/p-ka-k268-child-short-sleeved-cotton-polo-shirt-customization-with-your-visual-k268-17399\/red-1262\/custom\/","de":"\/de\/p-ka-k268-kinder-baumwoll-polo-mit-kurzen-armeln-personalisierung-mit-ihrem-visuell-k268-17399\/red-1262\/custom\/","nl":"\/nl\/p-ka-k268-kortarm-katoen-polo-voor-kinderen-persoonlijk-maken-met-uw-visueel-k268-17399\/red-1262\/custom\/","es":"\/es\/p-ka-k268-polo-de-manga-corta-de-algodon-para-ninos-personalizacion-con-su-diseno-k268-17399\/red-1262\/custom\/","it":"\/it\/p-ka-k268-polo-cotone-bambino-maniche-corte-personalizzazione-con-il-tuo-visivo-k268-17399\/red-1262\/custom\/","sv":"\/sv\/p-ka-k268-polo-barn-kortarmad-bomull-anpassning-med-er-bild-k268-17399\/red-1262\/custom\/","pt":"\/pt\/p-ka-k268-polo-de-manga-curta-infantil-personalizacao-com-o-seu-visual-k268-17399\/red-1262\/custom\/","da":"\/da\/p-ka-k268-borne-polo-med-korte-aermer-i-bomuld-personalisering-med-dit-visuelle-k268-17399\/red-1262\/custom\/","pl":"\/pl\/p-ka-k268-koszule-polo-z-bawelny-z-krotkimi-rekawami-dla-dzieci-personalizacja-z-logo-k268-17399\/red-1262\/custom\/"}},{"id":1258,"name":"forest_green","class_ids":[5],"codes_hexa":["214332"],"delai_24":false,"has_3d":false,"seuil_global":0,"stock_local":0,"stock_global":943,"on_standby":false,"in_catalog":true,"images":{"miniature":["https:\/\/media.th4.com\/O5NSNEh22wo7jugTosy5CkWjyJDqjpUc70UGDvgfW-E\/pr:80\/aHR0cDovL21lZGlhMi5kZXNpZ25wYXJ0bmVyLmZyL2MvcC8xNzM5OS8xNzM5OS0xMjU4LTEud2VicA?v=1751554379","https:\/\/media.th4.com\/tpPEmiZnOYe88UKldN3UFiVN9tK7pshU9xiS0BsXyvg\/pr:80\/aHR0cDovL21lZGlhMi5kZXNpZ25wYXJ0bmVyLmZyL2MvcC8xNzM5OS8xNzM5OS0xMjU4LTIud2VicA?v=1751554379","https:\/\/media.th4.com\/UZ1Yt5fTrT0AFtTILxgUoMxnKuUWXWw8PT-wCi95t7k\/pr:80\/aHR0cDovL21lZGlhMi5kZXNpZ25wYXJ0bmVyLmZyL2MvcC8xNzM5OS8xNzM5OS0xMjU4LTMud2VicA?v=1751554379"],"medium":["https:\/\/media.th4.com\/AgmjXdrrn0DWn8njzY-BJ9wCRmCQC4ZudJOa-vBIGAY\/pr:550x550\/aHR0cDovL21lZGlhMi5kZXNpZ25wYXJ0bmVyLmZyL2MvcC8xNzM5OS8xNzM5OS0xMjU4LTEud2VicA?v=1751554379","https:\/\/media.th4.com\/pkXJAw1wd8Dvmdg70ZokEXxM8e8ukoy2ZRqJBIoodZc\/pr:550x550\/aHR0cDovL21lZGlhMi5kZXNpZ25wYXJ0bmVyLmZyL2MvcC8xNzM5OS8xNzM5OS0xMjU4LTIud2VicA?v=1751554379","https:\/\/media.th4.com\/Rhno_OfNpaGPf4fhtUTuFrTVdvw5ygguZD_dT6VEKXg\/pr:550x550\/aHR0cDovL21lZGlhMi5kZXNpZ25wYXJ0bmVyLmZyL2MvcC8xNzM5OS8xNzM5OS0xMjU4LTMud2VicA?v=1751554379"],"medium_large":["https:\/\/media.th4.com\/QNpyiDCvnsNUW5Jr-6ggfSI8E_DceKPAPOPDPa5EUjQ\/pr:1000x1000\/aHR0cDovL21lZGlhMi5kZXNpZ25wYXJ0bmVyLmZyL2MvcC8xNzM5OS8xNzM5OS0xMjU4LTEud2VicA?v=1751554379","https:\/\/media.th4.com\/-O5JCCHvXUq6nSKq5Ns3bUPhg99YSaYzUfGNlNt5Vlg\/pr:1000x1000\/aHR0cDovL21lZGlhMi5kZXNpZ25wYXJ0bmVyLmZyL2MvcC8xNzM5OS8xNzM5OS0xMjU4LTIud2VicA?v=1751554379","https:\/\/media.th4.com\/cemQnj0NizlbBXYa9tQhgDNssGOqaYW9cBNK2RC42C8\/pr:1000x1000\/aHR0cDovL21lZGlhMi5kZXNpZ25wYXJ0bmVyLmZyL2MvcC8xNzM5OS8xNzM5OS0xMjU4LTMud2VicA?v=1751554379"],"large":["https:\/\/media.th4.com\/lE43r3we9E8cdsM7TcWpZlGGXJak2RmUjdR7ZzO5LbM\/pr:1920\/aHR0cDovL21lZGlhMi5kZXNpZ25wYXJ0bmVyLmZyL2MvcC8xNzM5OS8xNzM5OS0xMjU4LTEud2VicA?v=1751554379","https:\/\/media.th4.com\/ZIWZIMN0959kuANdYVr8qdGlyezcJZvF7Wdr_yN7g8w\/pr:1920\/aHR0cDovL21lZGlhMi5kZXNpZ25wYXJ0bmVyLmZyL2MvcC8xNzM5OS8xNzM5OS0xMjU4LTIud2VicA?v=1751554379","https:\/\/media.th4.com\/05iB3ZgPFDZOQEQI-7Q78gtzcOfotYOV95VWEVmJ1AM\/pr:1920\/aHR0cDovL21lZGlhMi5kZXNpZ25wYXJ0bmVyLmZyL2MvcC8xNzM5OS8xNzM5OS0xMjU4LTMud2VicA?v=1751554379"],"opengraph":["https:\/\/media.th4.com\/4Ixkb3vtOas0ARnOUre3OChuV3gMyCYvpTbto6tYaDU\/pr:1200x630\/aHR0cDovL21lZGlhMi5kZXNpZ25wYXJ0bmVyLmZyL2MvcC8xNzM5OS8xNzM5OS0xMjU4LTEud2VicA?v=1751554379","https:\/\/media.th4.com\/f52_Y4gVCJFUPrWRf3DJSgZlnKZYVuHHmF3rFAYqP6Q\/pr:1200x630\/aHR0cDovL21lZGlhMi5kZXNpZ25wYXJ0bmVyLmZyL2MvcC8xNzM5OS8xNzM5OS0xMjU4LTIud2VicA?v=1751554379","https:\/\/media.th4.com\/BgMdycfaXxrOig_uASmgLWKB19qYNUhOLWwnMbaRjUY\/pr:1200x630\/aHR0cDovL21lZGlhMi5kZXNpZ25wYXJ0bmVyLmZyL2MvcC8xNzM5OS8xNzM5OS0xMjU4LTMud2VicA?v=1751554379"]},"images_customization":{"miniature":["https:\/\/media.th4.com\/O5NSNEh22wo7jugTosy5CkWjyJDqjpUc70UGDvgfW-E\/pr:80\/aHR0cDovL21lZGlhMi5kZXNpZ25wYXJ0bmVyLmZyL2MvcC8xNzM5OS8xNzM5OS0xMjU4LTEud2VicA?v=1751554379","https:\/\/media.th4.com\/tpPEmiZnOYe88UKldN3UFiVN9tK7pshU9xiS0BsXyvg\/pr:80\/aHR0cDovL21lZGlhMi5kZXNpZ25wYXJ0bmVyLmZyL2MvcC8xNzM5OS8xNzM5OS0xMjU4LTIud2VicA?v=1751554379","https:\/\/media.th4.com\/UZ1Yt5fTrT0AFtTILxgUoMxnKuUWXWw8PT-wCi95t7k\/pr:80\/aHR0cDovL21lZGlhMi5kZXNpZ25wYXJ0bmVyLmZyL2MvcC8xNzM5OS8xNzM5OS0xMjU4LTMud2VicA?v=1751554379"],"medium":["https:\/\/media.th4.com\/AgmjXdrrn0DWn8njzY-BJ9wCRmCQC4ZudJOa-vBIGAY\/pr:550x550\/aHR0cDovL21lZGlhMi5kZXNpZ25wYXJ0bmVyLmZyL2MvcC8xNzM5OS8xNzM5OS0xMjU4LTEud2VicA?v=1751554379","https:\/\/media.th4.com\/pkXJAw1wd8Dvmdg70ZokEXxM8e8ukoy2ZRqJBIoodZc\/pr:550x550\/aHR0cDovL21lZGlhMi5kZXNpZ25wYXJ0bmVyLmZyL2MvcC8xNzM5OS8xNzM5OS0xMjU4LTIud2VicA?v=1751554379","https:\/\/media.th4.com\/Rhno_OfNpaGPf4fhtUTuFrTVdvw5ygguZD_dT6VEKXg\/pr:550x550\/aHR0cDovL21lZGlhMi5kZXNpZ25wYXJ0bmVyLmZyL2MvcC8xNzM5OS8xNzM5OS0xMjU4LTMud2VicA?v=1751554379"],"medium_large":["https:\/\/media.th4.com\/QNpyiDCvnsNUW5Jr-6ggfSI8E_DceKPAPOPDPa5EUjQ\/pr:1000x1000\/aHR0cDovL21lZGlhMi5kZXNpZ25wYXJ0bmVyLmZyL2MvcC8xNzM5OS8xNzM5OS0xMjU4LTEud2VicA?v=1751554379","https:\/\/media.th4.com\/-O5JCCHvXUq6nSKq5Ns3bUPhg99YSaYzUfGNlNt5Vlg\/pr:1000x1000\/aHR0cDovL21lZGlhMi5kZXNpZ25wYXJ0bmVyLmZyL2MvcC8xNzM5OS8xNzM5OS0xMjU4LTIud2VicA?v=1751554379","https:\/\/media.th4.com\/cemQnj0NizlbBXYa9tQhgDNssGOqaYW9cBNK2RC42C8\/pr:1000x1000\/aHR0cDovL21lZGlhMi5kZXNpZ25wYXJ0bmVyLmZyL2MvcC8xNzM5OS8xNzM5OS0xMjU4LTMud2VicA?v=1751554379"],"large":["https:\/\/media.th4.com\/lE43r3we9E8cdsM7TcWpZlGGXJak2RmUjdR7ZzO5LbM\/pr:1920\/aHR0cDovL21lZGlhMi5kZXNpZ25wYXJ0bmVyLmZyL2MvcC8xNzM5OS8xNzM5OS0xMjU4LTEud2VicA?v=1751554379","https:\/\/media.th4.com\/ZIWZIMN0959kuANdYVr8qdGlyezcJZvF7Wdr_yN7g8w\/pr:1920\/aHR0cDovL21lZGlhMi5kZXNpZ25wYXJ0bmVyLmZyL2MvcC8xNzM5OS8xNzM5OS0xMjU4LTIud2VicA?v=1751554379","https:\/\/media.th4.com\/05iB3ZgPFDZOQEQI-7Q78gtzcOfotYOV95VWEVmJ1AM\/pr:1920\/aHR0cDovL21lZGlhMi5kZXNpZ25wYXJ0bmVyLmZyL2MvcC8xNzM5OS8xNzM5OS0xMjU4LTMud2VicA?v=1751554379"],"opengraph":["https:\/\/media.th4.com\/4Ixkb3vtOas0ARnOUre3OChuV3gMyCYvpTbto6tYaDU\/pr:1200x630\/aHR0cDovL21lZGlhMi5kZXNpZ25wYXJ0bmVyLmZyL2MvcC8xNzM5OS8xNzM5OS0xMjU4LTEud2VicA?v=1751554379","https:\/\/media.th4.com\/f52_Y4gVCJFUPrWRf3DJSgZlnKZYVuHHmF3rFAYqP6Q\/pr:1200x630\/aHR0cDovL21lZGlhMi5kZXNpZ25wYXJ0bmVyLmZyL2MvcC8xNzM5OS8xNzM5OS0xMjU4LTIud2VicA?v=1751554379","https:\/\/media.th4.com\/BgMdycfaXxrOig_uASmgLWKB19qYNUhOLWwnMbaRjUY\/pr:1200x630\/aHR0cDovL21lZGlhMi5kZXNpZ25wYXJ0bmVyLmZyL2MvcC8xNzM5OS8xNzM5OS0xMjU4LTMud2VicA?v=1751554379"]},"country_origin":"BD","traceability":{"manufacturing_country_id":null,"weaving_country_id":null,"dyeing_country_id":null},"sizes":[{"id":1396,"article_id":503072,"class_id":15,"name":"6\/8ans","on_standby":false,"stock_local":0,"stock_global":87,"multiple":1,"estimated_date_reassort":null,"is_destocking":false},{"id":1399,"article_id":503071,"class_id":14,"name":"4\/6ans","on_standby":false,"stock_local":0,"stock_global":36,"multiple":1,"estimated_date_reassort":null,"is_destocking":false},{"id":1397,"article_id":503073,"class_id":16,"name":"8\/10ans","on_standby":false,"stock_local":0,"stock_global":153,"multiple":1,"estimated_date_reassort":null,"is_destocking":false},{"id":1398,"article_id":503074,"class_id":17,"name":"10\/12ans","on_standby":false,"stock_local":0,"stock_global":248,"multiple":1,"estimated_date_reassort":null,"is_destocking":false},{"id":33,"article_id":503075,"class_id":17,"name":"12\/14ans","on_standby":false,"stock_local":0,"stock_global":419,"multiple":1,"estimated_date_reassort":null,"is_destocking":false}],"page_links":{"fr":"\/fr\/p-ka-k268-polo-manches-courtes-enfant-k268-17399\/forest-green-1258\/","en":"\/en\/p-ka-k268-short-sleeved-polo-shirt-for-kids-k268-17399\/forest-green-1258\/","de":"\/de\/p-ka-k268-kurzarm-polo-fur-kinder-k268-17399\/forest-green-1258\/","nl":"\/nl\/p-ka-k268-kortsluik-polo-kind-k268-17399\/forest-green-1258\/","es":"\/es\/p-ka-k268-polo-de-manga-corta-para-nino-k268-17399\/forest-green-1258\/","it":"\/it\/p-ka-k268-polo-a-maniche-corte-bambino-k268-17399\/forest-green-1258\/","sv":"\/sv\/p-ka-k268-kortarmad-polo-for-barn-k268-17399\/forest-green-1258\/","pt":"\/pt\/p-ka-k268-camisa-polo-de-mangas-curtas-infantil-k268-17399\/forest-green-1258\/","da":"\/da\/p-ka-k268-bornepolo-med-korte-aermer-k268-17399\/forest-green-1258\/","pl":"\/pl\/p-ka-k268-koszulka-polo-z-krotkimi-rekawami-dla-dzieci-k268-17399\/forest-green-1258\/"},"page_links_customization":{"fr":"\/fr\/p-ka-k268-polo-coton-enfant-manches-courtes-personnalisation-avec-votre-visuel-k268-17399\/forest-green-1258\/custom\/","en":"\/en\/p-ka-k268-child-short-sleeved-cotton-polo-shirt-customization-with-your-visual-k268-17399\/forest-green-1258\/custom\/","de":"\/de\/p-ka-k268-kinder-baumwoll-polo-mit-kurzen-armeln-personalisierung-mit-ihrem-visuell-k268-17399\/forest-green-1258\/custom\/","nl":"\/nl\/p-ka-k268-kortarm-katoen-polo-voor-kinderen-persoonlijk-maken-met-uw-visueel-k268-17399\/forest-green-1258\/custom\/","es":"\/es\/p-ka-k268-polo-de-manga-corta-de-algodon-para-ninos-personalizacion-con-su-diseno-k268-17399\/forest-green-1258\/custom\/","it":"\/it\/p-ka-k268-polo-cotone-bambino-maniche-corte-personalizzazione-con-il-tuo-visivo-k268-17399\/forest-green-1258\/custom\/","sv":"\/sv\/p-ka-k268-polo-barn-kortarmad-bomull-anpassning-med-er-bild-k268-17399\/forest-green-1258\/custom\/","pt":"\/pt\/p-ka-k268-polo-de-manga-curta-infantil-personalizacao-com-o-seu-visual-k268-17399\/forest-green-1258\/custom\/","da":"\/da\/p-ka-k268-borne-polo-med-korte-aermer-i-bomuld-personalisering-med-dit-visuelle-k268-17399\/forest-green-1258\/custom\/","pl":"\/pl\/p-ka-k268-koszule-polo-z-bawelny-z-krotkimi-rekawami-dla-dzieci-personalizacja-z-logo-k268-17399\/forest-green-1258\/custom\/"}},{"id":1520,"name":"black","class_ids":[4],"codes_hexa":["1a1a18"],"delai_24":false,"has_3d":false,"seuil_global":0,"stock_local":0,"stock_global":908,"on_standby":false,"in_catalog":true,"images":{"miniature":["https:\/\/media.th4.com\/YjHcfftmZyQERwHtSzLUHV7R_3T8-2oStkzTCUTwK6o\/pr:80\/aHR0cDovL21lZGlhMi5kZXNpZ25wYXJ0bmVyLmZyL2MvcC8xNzM5OS8xNzM5OS0xNTIwLTEud2VicA?v=1751554380","https:\/\/media.th4.com\/BgVsgGtnceXJO23MrmN-gcjlIlK5H-5v3XlXNFfxf4g\/pr:80\/aHR0cDovL21lZGlhMi5kZXNpZ25wYXJ0bmVyLmZyL2MvcC8xNzM5OS8xNzM5OS0xNTIwLTIud2VicA?v=1751554380","https:\/\/media.th4.com\/gzI2-uWFbeTPkDJfsNWZkQvkXePuZ_e9my3k2MBqDGU\/pr:80\/aHR0cDovL21lZGlhMi5kZXNpZ25wYXJ0bmVyLmZyL2MvcC8xNzM5OS8xNzM5OS0xNTIwLTMud2VicA?v=1751554380"],"medium":["https:\/\/media.th4.com\/tmXnhmuXk5NY-uhGfVQ63n1OQGj5gZsLEeFRAAVqqEA\/pr:550x550\/aHR0cDovL21lZGlhMi5kZXNpZ25wYXJ0bmVyLmZyL2MvcC8xNzM5OS8xNzM5OS0xNTIwLTEud2VicA?v=1751554380","https:\/\/media.th4.com\/cnOfBNJa-uLnzVblRrngJ3J3GoFEw6BkHSEe_YrvT9w\/pr:550x550\/aHR0cDovL21lZGlhMi5kZXNpZ25wYXJ0bmVyLmZyL2MvcC8xNzM5OS8xNzM5OS0xNTIwLTIud2VicA?v=1751554380","https:\/\/media.th4.com\/LMVgaoyBRnS1hhsnBJIO0rtxusJhD6XHtCIoy0dx5ss\/pr:550x550\/aHR0cDovL21lZGlhMi5kZXNpZ25wYXJ0bmVyLmZyL2MvcC8xNzM5OS8xNzM5OS0xNTIwLTMud2VicA?v=1751554380"],"medium_large":["https:\/\/media.th4.com\/jwXkdQ5UQR-_BU9K7g2ySJtjMWYvoxvXg-sSteKac3A\/pr:1000x1000\/aHR0cDovL21lZGlhMi5kZXNpZ25wYXJ0bmVyLmZyL2MvcC8xNzM5OS8xNzM5OS0xNTIwLTEud2VicA?v=1751554380","https:\/\/media.th4.com\/rRn7hIueEtklG82LnMTw3LesmAlweN6ilxoxKO8Vbn4\/pr:1000x1000\/aHR0cDovL21lZGlhMi5kZXNpZ25wYXJ0bmVyLmZyL2MvcC8xNzM5OS8xNzM5OS0xNTIwLTIud2VicA?v=1751554380","https:\/\/media.th4.com\/1fHj8QG4L7I7hC-4920xjmrQVDQnoIZebkvJ7b2aun4\/pr:1000x1000\/aHR0cDovL21lZGlhMi5kZXNpZ25wYXJ0bmVyLmZyL2MvcC8xNzM5OS8xNzM5OS0xNTIwLTMud2VicA?v=1751554380"],"large":["https:\/\/media.th4.com\/s8LbBPFnQzNXxR9wDU9N9BvnqaWkO8ZoBMQtj4UMmao\/pr:1920\/aHR0cDovL21lZGlhMi5kZXNpZ25wYXJ0bmVyLmZyL2MvcC8xNzM5OS8xNzM5OS0xNTIwLTEud2VicA?v=1751554380","https:\/\/media.th4.com\/_j3B9zN1_xNKAXeuu_ktsOukQuPV4QVaAuOujZcaLIw\/pr:1920\/aHR0cDovL21lZGlhMi5kZXNpZ25wYXJ0bmVyLmZyL2MvcC8xNzM5OS8xNzM5OS0xNTIwLTIud2VicA?v=1751554380","https:\/\/media.th4.com\/tgNzSzCFgk_O4WjvtWmZNcraKVn3uI_yzGYKvV9bsC8\/pr:1920\/aHR0cDovL21lZGlhMi5kZXNpZ25wYXJ0bmVyLmZyL2MvcC8xNzM5OS8xNzM5OS0xNTIwLTMud2VicA?v=1751554380"],"opengraph":["https:\/\/media.th4.com\/VArLhQgm5enPS4iQXg3j1BP4U2XtHUL76vFlzxaa-Mc\/pr:1200x630\/aHR0cDovL21lZGlhMi5kZXNpZ25wYXJ0bmVyLmZyL2MvcC8xNzM5OS8xNzM5OS0xNTIwLTEud2VicA?v=1751554380","https:\/\/media.th4.com\/weQNpjrNGIncfv9-OL_7gv25PwY0ED0PIFCUtr7fpn4\/pr:1200x630\/aHR0cDovL21lZGlhMi5kZXNpZ25wYXJ0bmVyLmZyL2MvcC8xNzM5OS8xNzM5OS0xNTIwLTIud2VicA?v=1751554380","https:\/\/media.th4.com\/kHlC324IkVDFWVaKDopaAuvm5E3yhuRLxTMs8mgS8Qs\/pr:1200x630\/aHR0cDovL21lZGlhMi5kZXNpZ25wYXJ0bmVyLmZyL2MvcC8xNzM5OS8xNzM5OS0xNTIwLTMud2VicA?v=1751554380"]},"images_customization":{"miniature":["https:\/\/media.th4.com\/nZ6_Z-fFZ89pTXdHOQigCtSPmUlg6Vs-awEcKlVL5Vg\/pr:80\/aHR0cDovL21lZGlhMi5kZXNpZ25wYXJ0bmVyLmZyL2MvcC1zaG9wcGluZy1jdXN0b20tVEgvMTczOTkvMTczOTktMTUyMC0xLmpwZw?v=1737556409"],"medium":["https:\/\/media.th4.com\/BJ5Y8Xg37UYX_UcMA6TLY5CT8fuTJJaUcgK_-vDQJpQ\/pr:550x550\/aHR0cDovL21lZGlhMi5kZXNpZ25wYXJ0bmVyLmZyL2MvcC1zaG9wcGluZy1jdXN0b20tVEgvMTczOTkvMTczOTktMTUyMC0xLmpwZw?v=1737556409"],"medium_large":["https:\/\/media.th4.com\/QFspZYK8bvd7MctpSFuRLYETQql04ii7HPNFe-3myYk\/pr:1000x1000\/aHR0cDovL21lZGlhMi5kZXNpZ25wYXJ0bmVyLmZyL2MvcC1zaG9wcGluZy1jdXN0b20tVEgvMTczOTkvMTczOTktMTUyMC0xLmpwZw?v=1737556409"],"large":["https:\/\/media.th4.com\/eDLykzYXjKiEHoaHGxykEmGBbk_X-zTihSba1HJkoxU\/pr:1920\/aHR0cDovL21lZGlhMi5kZXNpZ25wYXJ0bmVyLmZyL2MvcC1zaG9wcGluZy1jdXN0b20tVEgvMTczOTkvMTczOTktMTUyMC0xLmpwZw?v=1737556409"],"opengraph":["https:\/\/media.th4.com\/MmdeDIk6wLQyeHaaYVzDzPT-uXXkVIO1XA_vG5hzrKs\/pr:1200x630\/aHR0cDovL21lZGlhMi5kZXNpZ25wYXJ0bmVyLmZyL2MvcC1zaG9wcGluZy1jdXN0b20tVEgvMTczOTkvMTczOTktMTUyMC0xLmpwZw?v=1737556409"]},"country_origin":"BD","traceability":{"manufacturing_country_id":null,"weaving_country_id":null,"dyeing_country_id":null},"sizes":[{"id":1396,"article_id":426414,"class_id":15,"name":"6\/8ans","on_standby":false,"stock_local":0,"stock_global":217,"multiple":1,"estimated_date_reassort":null,"is_destocking":false},{"id":1399,"article_id":426408,"class_id":14,"name":"4\/6ans","on_standby":false,"stock_local":0,"stock_global":106,"multiple":1,"estimated_date_reassort":null,"is_destocking":false},{"id":1397,"article_id":426420,"class_id":16,"name":"8\/10ans","on_standby":false,"stock_local":0,"stock_global":127,"multiple":1,"estimated_date_reassort":null,"is_destocking":false},{"id":1398,"article_id":426426,"class_id":17,"name":"10\/12ans","on_standby":false,"stock_local":0,"stock_global":210,"multiple":1,"estimated_date_reassort":null,"is_destocking":false},{"id":33,"article_id":426432,"class_id":17,"name":"12\/14ans","on_standby":false,"stock_local":0,"stock_global":248,"multiple":1,"estimated_date_reassort":null,"is_destocking":false}],"page_links":{"fr":"\/fr\/p-ka-k268-polo-manches-courtes-enfant-k268-17399\/black-1520\/","en":"\/en\/p-ka-k268-short-sleeved-polo-shirt-for-kids-k268-17399\/black-1520\/","de":"\/de\/p-ka-k268-kurzarm-polo-fur-kinder-k268-17399\/black-1520\/","nl":"\/nl\/p-ka-k268-kortsluik-polo-kind-k268-17399\/black-1520\/","es":"\/es\/p-ka-k268-polo-de-manga-corta-para-nino-k268-17399\/black-1520\/","it":"\/it\/p-ka-k268-polo-a-maniche-corte-bambino-k268-17399\/black-1520\/","sv":"\/sv\/p-ka-k268-kortarmad-polo-for-barn-k268-17399\/black-1520\/","pt":"\/pt\/p-ka-k268-camisa-polo-de-mangas-curtas-infantil-k268-17399\/black-1520\/","da":"\/da\/p-ka-k268-bornepolo-med-korte-aermer-k268-17399\/black-1520\/","pl":"\/pl\/p-ka-k268-koszulka-polo-z-krotkimi-rekawami-dla-dzieci-k268-17399\/black-1520\/"},"page_links_customization":{"fr":"\/fr\/p-ka-k268-polo-coton-enfant-manches-courtes-personnalisation-avec-votre-visuel-k268-17399\/black-1520\/custom\/","en":"\/en\/p-ka-k268-child-short-sleeved-cotton-polo-shirt-customization-with-your-visual-k268-17399\/black-1520\/custom\/","de":"\/de\/p-ka-k268-kinder-baumwoll-polo-mit-kurzen-armeln-personalisierung-mit-ihrem-visuell-k268-17399\/black-1520\/custom\/","nl":"\/nl\/p-ka-k268-kortarm-katoen-polo-voor-kinderen-persoonlijk-maken-met-uw-visueel-k268-17399\/black-1520\/custom\/","es":"\/es\/p-ka-k268-polo-de-manga-corta-de-algodon-para-ninos-personalizacion-con-su-diseno-k268-17399\/black-1520\/custom\/","it":"\/it\/p-ka-k268-polo-cotone-bambino-maniche-corte-personalizzazione-con-il-tuo-visivo-k268-17399\/black-1520\/custom\/","sv":"\/sv\/p-ka-k268-polo-barn-kortarmad-bomull-anpassning-med-er-bild-k268-17399\/black-1520\/custom\/","pt":"\/pt\/p-ka-k268-polo-de-manga-curta-infantil-personalizacao-com-o-seu-visual-k268-17399\/black-1520\/custom\/","da":"\/da\/p-ka-k268-borne-polo-med-korte-aermer-i-bomuld-personalisering-med-dit-visuelle-k268-17399\/black-1520\/custom\/","pl":"\/pl\/p-ka-k268-koszule-polo-z-bawelny-z-krotkimi-rekawami-dla-dzieci-personalizacja-z-logo-k268-17399\/black-1520\/custom\/"}},{"id":1342,"name":"wine","class_ids":[6],"codes_hexa":["5a2b35"],"delai_24":false,"has_3d":false,"seuil_global":0,"stock_local":0,"stock_global":623,"on_standby":false,"in_catalog":true,"images":{"miniature":["https:\/\/media.th4.com\/xvOGhLYoEw_KhWvO4IwlwcWfcJ2zFHkz--_3eXXpntg\/pr:80\/aHR0cDovL21lZGlhMi5kZXNpZ25wYXJ0bmVyLmZyL2MvcC8xNzM5OS8xNzM5OS0xMzQyLTEud2VicA?v=1751554380","https:\/\/media.th4.com\/iACk15suGzkqSBTBTlZwx7uP7t3v6rjesrStnoHU_Uw\/pr:80\/aHR0cDovL21lZGlhMi5kZXNpZ25wYXJ0bmVyLmZyL2MvcC8xNzM5OS8xNzM5OS0xMzQyLTIud2VicA?v=1751554380","https:\/\/media.th4.com\/X-uoPszOq51qjjDAbQNR2c69b3yNqDcnP4Ylohs2wbw\/pr:80\/aHR0cDovL21lZGlhMi5kZXNpZ25wYXJ0bmVyLmZyL2MvcC8xNzM5OS8xNzM5OS0xMzQyLTMud2VicA?v=1751554380"],"medium":["https:\/\/media.th4.com\/TT3t3LViuKEOckTDGtvY5_PXohqUT1TBIOqC-sdk8zY\/pr:550x550\/aHR0cDovL21lZGlhMi5kZXNpZ25wYXJ0bmVyLmZyL2MvcC8xNzM5OS8xNzM5OS0xMzQyLTEud2VicA?v=1751554380","https:\/\/media.th4.com\/ecZcJ7cqDBewIJnSd5lb8kBVy9z--FZe9-1F1cvlk5s\/pr:550x550\/aHR0cDovL21lZGlhMi5kZXNpZ25wYXJ0bmVyLmZyL2MvcC8xNzM5OS8xNzM5OS0xMzQyLTIud2VicA?v=1751554380","https:\/\/media.th4.com\/d_QwbZBkseG91YQVL46eV5xyvfCPhNU7Lw2lebYyaYo\/pr:550x550\/aHR0cDovL21lZGlhMi5kZXNpZ25wYXJ0bmVyLmZyL2MvcC8xNzM5OS8xNzM5OS0xMzQyLTMud2VicA?v=1751554380"],"medium_large":["https:\/\/media.th4.com\/GJFo2zgfcCOlF3E9-jh87ak-RcKAylt8l6rYYmHY4gE\/pr:1000x1000\/aHR0cDovL21lZGlhMi5kZXNpZ25wYXJ0bmVyLmZyL2MvcC8xNzM5OS8xNzM5OS0xMzQyLTEud2VicA?v=1751554380","https:\/\/media.th4.com\/Flmgkup5zcGHP6Zs1Y7Y_OFfkCu099L-rMXgnvOlaTI\/pr:1000x1000\/aHR0cDovL21lZGlhMi5kZXNpZ25wYXJ0bmVyLmZyL2MvcC8xNzM5OS8xNzM5OS0xMzQyLTIud2VicA?v=1751554380","https:\/\/media.th4.com\/RWIaJsKubq3Z1CHN8HHVrK60QpauEVcVn3EA71CjP7U\/pr:1000x1000\/aHR0cDovL21lZGlhMi5kZXNpZ25wYXJ0bmVyLmZyL2MvcC8xNzM5OS8xNzM5OS0xMzQyLTMud2VicA?v=1751554380"],"large":["https:\/\/media.th4.com\/rgThU4dupDu6d_hi-Z_RIBDcbn8e-yCL0VvNetM9PNY\/pr:1920\/aHR0cDovL21lZGlhMi5kZXNpZ25wYXJ0bmVyLmZyL2MvcC8xNzM5OS8xNzM5OS0xMzQyLTEud2VicA?v=1751554380","https:\/\/media.th4.com\/tHK2fSUEV5C3E_RgpFiYfcO_kCyajbNzk9TI3yNFMuk\/pr:1920\/aHR0cDovL21lZGlhMi5kZXNpZ25wYXJ0bmVyLmZyL2MvcC8xNzM5OS8xNzM5OS0xMzQyLTIud2VicA?v=1751554380","https:\/\/media.th4.com\/dJ_jhmdYI_Xiir4YWpPt4z4tmPt9bbhUjO-MD3KUdQ8\/pr:1920\/aHR0cDovL21lZGlhMi5kZXNpZ25wYXJ0bmVyLmZyL2MvcC8xNzM5OS8xNzM5OS0xMzQyLTMud2VicA?v=1751554380"],"opengraph":["https:\/\/media.th4.com\/VYZDFPPRgX5U7aFirlCcR29zM2gZtpoCgy87Ed1aFa4\/pr:1200x630\/aHR0cDovL21lZGlhMi5kZXNpZ25wYXJ0bmVyLmZyL2MvcC8xNzM5OS8xNzM5OS0xMzQyLTEud2VicA?v=1751554380","https:\/\/media.th4.com\/e_Mmc7mW8GpqRQZyNzl__kP7VQPFZ5CJrbHjqfsFC1w\/pr:1200x630\/aHR0cDovL21lZGlhMi5kZXNpZ25wYXJ0bmVyLmZyL2MvcC8xNzM5OS8xNzM5OS0xMzQyLTIud2VicA?v=1751554380","https:\/\/media.th4.com\/lJXyZMkdOPgeuqZmy74QD_5QSBB9U6DIgbDQyWkumD0\/pr:1200x630\/aHR0cDovL21lZGlhMi5kZXNpZ25wYXJ0bmVyLmZyL2MvcC8xNzM5OS8xNzM5OS0xMzQyLTMud2VicA?v=1751554380"]},"images_customization":{"miniature":["https:\/\/media.th4.com\/xvOGhLYoEw_KhWvO4IwlwcWfcJ2zFHkz--_3eXXpntg\/pr:80\/aHR0cDovL21lZGlhMi5kZXNpZ25wYXJ0bmVyLmZyL2MvcC8xNzM5OS8xNzM5OS0xMzQyLTEud2VicA?v=1751554380","https:\/\/media.th4.com\/iACk15suGzkqSBTBTlZwx7uP7t3v6rjesrStnoHU_Uw\/pr:80\/aHR0cDovL21lZGlhMi5kZXNpZ25wYXJ0bmVyLmZyL2MvcC8xNzM5OS8xNzM5OS0xMzQyLTIud2VicA?v=1751554380","https:\/\/media.th4.com\/X-uoPszOq51qjjDAbQNR2c69b3yNqDcnP4Ylohs2wbw\/pr:80\/aHR0cDovL21lZGlhMi5kZXNpZ25wYXJ0bmVyLmZyL2MvcC8xNzM5OS8xNzM5OS0xMzQyLTMud2VicA?v=1751554380"],"medium":["https:\/\/media.th4.com\/TT3t3LViuKEOckTDGtvY5_PXohqUT1TBIOqC-sdk8zY\/pr:550x550\/aHR0cDovL21lZGlhMi5kZXNpZ25wYXJ0bmVyLmZyL2MvcC8xNzM5OS8xNzM5OS0xMzQyLTEud2VicA?v=1751554380","https:\/\/media.th4.com\/ecZcJ7cqDBewIJnSd5lb8kBVy9z--FZe9-1F1cvlk5s\/pr:550x550\/aHR0cDovL21lZGlhMi5kZXNpZ25wYXJ0bmVyLmZyL2MvcC8xNzM5OS8xNzM5OS0xMzQyLTIud2VicA?v=1751554380","https:\/\/media.th4.com\/d_QwbZBkseG91YQVL46eV5xyvfCPhNU7Lw2lebYyaYo\/pr:550x550\/aHR0cDovL21lZGlhMi5kZXNpZ25wYXJ0bmVyLmZyL2MvcC8xNzM5OS8xNzM5OS0xMzQyLTMud2VicA?v=1751554380"],"medium_large":["https:\/\/media.th4.com\/GJFo2zgfcCOlF3E9-jh87ak-RcKAylt8l6rYYmHY4gE\/pr:1000x1000\/aHR0cDovL21lZGlhMi5kZXNpZ25wYXJ0bmVyLmZyL2MvcC8xNzM5OS8xNzM5OS0xMzQyLTEud2VicA?v=1751554380","https:\/\/media.th4.com\/Flmgkup5zcGHP6Zs1Y7Y_OFfkCu099L-rMXgnvOlaTI\/pr:1000x1000\/aHR0cDovL21lZGlhMi5kZXNpZ25wYXJ0bmVyLmZyL2MvcC8xNzM5OS8xNzM5OS0xMzQyLTIud2VicA?v=1751554380","https:\/\/media.th4.com\/RWIaJsKubq3Z1CHN8HHVrK60QpauEVcVn3EA71CjP7U\/pr:1000x1000\/aHR0cDovL21lZGlhMi5kZXNpZ25wYXJ0bmVyLmZyL2MvcC8xNzM5OS8xNzM5OS0xMzQyLTMud2VicA?v=1751554380"],"large":["https:\/\/media.th4.com\/rgThU4dupDu6d_hi-Z_RIBDcbn8e-yCL0VvNetM9PNY\/pr:1920\/aHR0cDovL21lZGlhMi5kZXNpZ25wYXJ0bmVyLmZyL2MvcC8xNzM5OS8xNzM5OS0xMzQyLTEud2VicA?v=1751554380","https:\/\/media.th4.com\/tHK2fSUEV5C3E_RgpFiYfcO_kCyajbNzk9TI3yNFMuk\/pr:1920\/aHR0cDovL21lZGlhMi5kZXNpZ25wYXJ0bmVyLmZyL2MvcC8xNzM5OS8xNzM5OS0xMzQyLTIud2VicA?v=1751554380","https:\/\/media.th4.com\/dJ_jhmdYI_Xiir4YWpPt4z4tmPt9bbhUjO-MD3KUdQ8\/pr:1920\/aHR0cDovL21lZGlhMi5kZXNpZ25wYXJ0bmVyLmZyL2MvcC8xNzM5OS8xNzM5OS0xMzQyLTMud2VicA?v=1751554380"],"opengraph":["https:\/\/media.th4.com\/VYZDFPPRgX5U7aFirlCcR29zM2gZtpoCgy87Ed1aFa4\/pr:1200x630\/aHR0cDovL21lZGlhMi5kZXNpZ25wYXJ0bmVyLmZyL2MvcC8xNzM5OS8xNzM5OS0xMzQyLTEud2VicA?v=1751554380","https:\/\/media.th4.com\/e_Mmc7mW8GpqRQZyNzl__kP7VQPFZ5CJrbHjqfsFC1w\/pr:1200x630\/aHR0cDovL21lZGlhMi5kZXNpZ25wYXJ0bmVyLmZyL2MvcC8xNzM5OS8xNzM5OS0xMzQyLTIud2VicA?v=1751554380","https:\/\/media.th4.com\/lJXyZMkdOPgeuqZmy74QD_5QSBB9U6DIgbDQyWkumD0\/pr:1200x630\/aHR0cDovL21lZGlhMi5kZXNpZ25wYXJ0bmVyLmZyL2MvcC8xNzM5OS8xNzM5OS0xMzQyLTMud2VicA?v=1751554380"]},"country_origin":"BD","traceability":{"manufacturing_country_id":null,"weaving_country_id":null,"dyeing_country_id":null},"sizes":[{"id":1396,"article_id":503077,"class_id":15,"name":"6\/8ans","on_standby":false,"stock_local":0,"stock_global":73,"multiple":1,"estimated_date_reassort":null,"is_destocking":false},{"id":1399,"article_id":503076,"class_id":14,"name":"4\/6ans","on_standby":false,"stock_local":0,"stock_global":42,"multiple":1,"estimated_date_reassort":null,"is_destocking":false},{"id":1397,"article_id":503078,"class_id":16,"name":"8\/10ans","on_standby":false,"stock_local":0,"stock_global":100,"multiple":1,"estimated_date_reassort":null,"is_destocking":false},{"id":1398,"article_id":503079,"class_id":17,"name":"10\/12ans","on_standby":false,"stock_local":0,"stock_global":158,"multiple":1,"estimated_date_reassort":null,"is_destocking":false},{"id":33,"article_id":503080,"class_id":17,"name":"12\/14ans","on_standby":false,"stock_local":0,"stock_global":250,"multiple":1,"estimated_date_reassort":null,"is_destocking":false}],"page_links":{"fr":"\/fr\/p-ka-k268-polo-manches-courtes-enfant-k268-17399\/wine-1342\/","en":"\/en\/p-ka-k268-short-sleeved-polo-shirt-for-kids-k268-17399\/wine-1342\/","de":"\/de\/p-ka-k268-kurzarm-polo-fur-kinder-k268-17399\/wine-1342\/","nl":"\/nl\/p-ka-k268-kortsluik-polo-kind-k268-17399\/wine-1342\/","es":"\/es\/p-ka-k268-polo-de-manga-corta-para-nino-k268-17399\/wine-1342\/","it":"\/it\/p-ka-k268-polo-a-maniche-corte-bambino-k268-17399\/wine-1342\/","sv":"\/sv\/p-ka-k268-kortarmad-polo-for-barn-k268-17399\/wine-1342\/","pt":"\/pt\/p-ka-k268-camisa-polo-de-mangas-curtas-infantil-k268-17399\/wine-1342\/","da":"\/da\/p-ka-k268-bornepolo-med-korte-aermer-k268-17399\/wine-1342\/","pl":"\/pl\/p-ka-k268-koszulka-polo-z-krotkimi-rekawami-dla-dzieci-k268-17399\/wine-1342\/"},"page_links_customization":{"fr":"\/fr\/p-ka-k268-polo-coton-enfant-manches-courtes-personnalisation-avec-votre-visuel-k268-17399\/wine-1342\/custom\/","en":"\/en\/p-ka-k268-child-short-sleeved-cotton-polo-shirt-customization-with-your-visual-k268-17399\/wine-1342\/custom\/","de":"\/de\/p-ka-k268-kinder-baumwoll-polo-mit-kurzen-armeln-personalisierung-mit-ihrem-visuell-k268-17399\/wine-1342\/custom\/","nl":"\/nl\/p-ka-k268-kortarm-katoen-polo-voor-kinderen-persoonlijk-maken-met-uw-visueel-k268-17399\/wine-1342\/custom\/","es":"\/es\/p-ka-k268-polo-de-manga-corta-de-algodon-para-ninos-personalizacion-con-su-diseno-k268-17399\/wine-1342\/custom\/","it":"\/it\/p-ka-k268-polo-cotone-bambino-maniche-corte-personalizzazione-con-il-tuo-visivo-k268-17399\/wine-1342\/custom\/","sv":"\/sv\/p-ka-k268-polo-barn-kortarmad-bomull-anpassning-med-er-bild-k268-17399\/wine-1342\/custom\/","pt":"\/pt\/p-ka-k268-polo-de-manga-curta-infantil-personalizacao-com-o-seu-visual-k268-17399\/wine-1342\/custom\/","da":"\/da\/p-ka-k268-borne-polo-med-korte-aermer-i-bomuld-personalisering-med-dit-visuelle-k268-17399\/wine-1342\/custom\/","pl":"\/pl\/p-ka-k268-koszule-polo-z-bawelny-z-krotkimi-rekawami-dla-dzieci-personalizacja-z-logo-k268-17399\/wine-1342\/custom\/"}}],"documentation_link":"\/pdf\/17399.pdf","countries_availables":["AD","AE","AL","AT","BA","BD","BE","BG","BL","CA","CH","CN","CO","CY","CZ","DE","DK","DO","EE","EG","ES","ET","FI","FR","GB","GE","GF","GP","GR","GT","HK","HN","HR","HT","HU","ID","IE","IN","IS","IT","JO","JP","KE","KH","KP","KR","LA","LK","LS","LT","LU","LV","MA","MF","MG","MK","MM","MN","MQ","MT","MX","MY","NC","NI","NL","PF","PH","PK","PL","PM","PT","RE","RO","SE","SG","SI","SK","SV","SY","TH","TN","TR","TW","TZ","US","VN","WF","YT"]},"infos_customization":[],"features":{"authorize_multi_surfaces":true,"display_order_delay_type":true,"promote_surface_display":true,"tarification_franco_offert":true,"enabled_3d_editor":false},"markings":[{"id":0,"nom":"vierge","finition":null,"libelle":null,"code":null,"dpi":null,"finesse_forme_isolee":null,"finesse_forme_non_isolee":null,"hauteur_minimale_texte":null,"inactif":0,"marquage_interne":1,"quantite_min":null,"parent_id":null,"print_on_support":0,"content":"vierge","description":null},{"id":2,"nom":"fonce","finition":"optimale","libelle":"TopQuadri","code":null,"dpi":400,"finesse_forme_isolee":"0.040","finesse_forme_non_isolee":"0.700","hauteur_minimale_texte":2,"inactif":0,"marquage_interne":1,"quantite_min":null,"parent_id":18,"print_on_support":0,"content":"TopQuadri","description":"pour petites et moyennes s\u00e9ries"},{"id":3,"nom":"serigraphie","finition":"serigraphie","libelle":"SeriCoat","code":null,"dpi":400,"finesse_forme_isolee":"0.040","finesse_forme_non_isolee":"0.700","hauteur_minimale_texte":2,"inactif":0,"marquage_interne":1,"quantite_min":15,"parent_id":18,"print_on_support":0,"content":"SeriCoat","description":"pour moyennes et grandes s\u00e9ries"},{"id":4,"nom":"broderie","finition":"broderie","libelle":"Broderie","code":null,"dpi":400,"finesse_forme_isolee":"0.040","finesse_forme_non_isolee":"0.700","hauteur_minimale_texte":3,"inactif":0,"marquage_interne":1,"quantite_min":null,"parent_id":null,"print_on_support":0,"content":"Broderie","description":null},{"id":8,"nom":"theme","finition":null,"libelle":"Th\u00e8me","code":null,"dpi":null,"finesse_forme_isolee":null,"finesse_forme_non_isolee":null,"hauteur_minimale_texte":null,"inactif":0,"marquage_interne":1,"quantite_min":null,"parent_id":null,"print_on_support":0,"content":"Th\u00e8me","description":null},{"id":9,"nom":"sans","finition":null,"libelle":null,"code":null,"dpi":null,"finesse_forme_isolee":null,"finesse_forme_non_isolee":null,"hauteur_minimale_texte":null,"inactif":0,"marquage_interne":1,"quantite_min":null,"parent_id":null,"print_on_support":0,"content":"sans","description":null},{"id":10,"nom":"photo","finition":null,"libelle":"Photo","code":null,"dpi":null,"finesse_forme_isolee":null,"finesse_forme_non_isolee":null,"hauteur_minimale_texte":null,"inactif":0,"marquage_interne":1,"quantite_min":null,"parent_id":null,"print_on_support":0,"content":"Photo","description":null},{"id":14,"nom":"couleur","finition":null,"libelle":"Couleur","code":null,"dpi":null,"finesse_forme_isolee":null,"finesse_forme_non_isolee":null,"hauteur_minimale_texte":null,"inactif":0,"marquage_interne":1,"quantite_min":null,"parent_id":null,"print_on_support":0,"content":"Couleur","description":null},{"id":15,"nom":"sublimation","finition":"sublimation","libelle":"Sublimation","code":null,"dpi":null,"finesse_forme_isolee":"0.000","finesse_forme_non_isolee":"0.000","hauteur_minimale_texte":2,"inactif":0,"marquage_interne":1,"quantite_min":null,"parent_id":null,"print_on_support":0,"content":"Sublimation","description":null},{"id":16,"nom":"topquadri_uv","finition":null,"libelle":"TopQuadri UV","code":null,"dpi":null,"finesse_forme_isolee":"0.020","finesse_forme_non_isolee":"0.700","hauteur_minimale_texte":2,"inactif":0,"marquage_interne":1,"quantite_min":null,"parent_id":null,"print_on_support":1,"content":null,"description":null},{"id":17,"nom":"topquadri_uvp","finition":null,"libelle":"TopQuadri UVP","code":null,"dpi":null,"finesse_forme_isolee":"0.020","finesse_forme_non_isolee":"0.700","hauteur_minimale_texte":2,"inactif":0,"marquage_interne":1,"quantite_min":null,"parent_id":null,"print_on_support":1,"content":null,"description":null},{"id":18,"nom":"quadri","finition":null,"libelle":"Impression","code":null,"dpi":null,"finesse_forme_isolee":null,"finesse_forme_non_isolee":null,"hauteur_minimale_texte":null,"inactif":0,"marquage_interne":1,"quantite_min":null,"parent_id":null,"print_on_support":0,"content":null,"description":null}]}}