{"data":{"product":{"id":16890,"titre":"Ceinture homme double sens","description":"Ceinture r\u00e9versible. La ceinture peut \u00eatre retourn\u00e9e pour alterner la face marron et la face noire. Ce produit n'a pas d'\u00e9tiquette d'encolure de marque * \u00c9tiquettes de v\u00eatement amovibles Kimble ou \u00e0 boucle. L'\u00e9tiquette de la couture int\u00e9rieure contient des informations importantes sur le produit sur une \u00e9tiquette et une deuxi\u00e8me \u00e9tiquette contenant des informations sur la marque qui peut \u00eatre d\u00e9coup\u00e9e. *Veuillez noter que les anciens stocks peuvent contenir une \u00e9tiquette de marque non amovible. Certifi\u00e9 WRAP. Certifi\u00e9 BSCI. Certifi\u00e9 SEDEX.","genre":"mixte","grammage":130,"conditionnement":72,"composition":"","reference":"as-aq904","reference_visible":"as-aq904","reference_fabricant":"AQ904","ref_xor":"726975","in_catalog":true,"is_transfer":false,"is_service":false,"on_standby":false,"has_3d":false,"has_size_guide":false,"has_marking":false,"has_vierge":true,"is_cross_sellable":false,"id_picto":0,"filename_3d":null,"brand":{"id":132,"name":"Asquith & Fox","logo":"logo-asquith.png","image":"https:\/\/media.th4.com\/2S4Qm89V18iOXDCOezv6kyUhkPWefkYt86gs5-aisKI\/pr:brand70x70\/aHR0cDovL21lZGlhMi5kZXNpZ25wYXJ0bmVyLmZyL2MvbS9sb2dvLWFzcXVpdGgucG5n?v=1736954351"},"price_infos":{"price_from":17.82,"quantity":200,"color":{"id":19016,"name":"black\/brown"},"size":{"id":42,"name":"taille_unique"}},"price_infos_marking":{"price_from":0,"quantity":0,"size":{"id":0,"name":""},"color":{"id":0,"name":""},"marking":{"id":0,"name":""},"emplacement":"","surface":"","surface_emplacement_id":0},"i18n":{"blank":{"title":{"fr":"Ceinture r\u00e9versible ASQUITH & FOX aq904","en":"Reversible Belt ASQUITH & FOX aq904","de":"Umkehrbarer G\u00fcrtel ASQUITH & FOX aq904","nl":"Reversibele riem ASQUITH & FOX aq904","es":"Cintur\u00f3n reversible ASQUITH & FOX aq904","it":"Cintura reversibile ASQUITH & FOX aq904","sv":"Omslagsb\u00e4lte ASQUITH & FOX aq904","pt":"Cinto revers\u00edvel ASQUITH & FOX aq904","da":"Omsvendelig b\u00e6lte ASQUITH & FOX aq904","pl":"R\u00f3wnoczesna paska ASQUITH & FOX aq904"},"description":{"fr":"Cette ceinture r\u00e9versible offre une solution pratique et \u00e9l\u00e9gante pour compl\u00e9ter votre garde-robe. Con\u00e7ue pour \u00eatre port\u00e9e des deux c\u00f4t\u00e9s, elle permet de varier les styles en alternant entre une face marron et une face noire. La ceinture est fabriqu\u00e9e \u00e0 partir de mat\u00e9riaux durables pour une utilisation prolong\u00e9e. Elle s'adapte \u00e0 diff\u00e9rents types de pantalons et de tenues, ce qui en fait un accessoire polyvalent pour le quotidien. \n\n- Mat\u00e9riau principal : Cuir\n- Couleur principale : Marron \/ Noir\n- Largeur : Standard\n- Boucle : M\u00e9tal","en":"This reversible belt offers a practical and elegant solution to complete your wardrobe. Designed to be worn on both sides, it allows you to vary styles by alternating between a brown side and a black side. The belt is made from durable materials for prolonged use. It adapts to different types of pants and outfits, making it a versatile accessory for everyday wear.\n\n- Main material: Leather\n- Main color: Brown \/ Black\n- Width: Standard\n- Buckle: Metal","de":"Dieser umkehrbare G\u00fcrtel bietet eine praktische und elegante L\u00f6sung, um Ihren Kleiderschrank zu erg\u00e4nzen. Er wurde so konzipiert, dass er auf beiden Seiten getragen werden kann und erm\u00f6glicht es, die Stile zu variieren, indem zwischen einer braunen und einer schwarzen Seite gewechselt wird. Der G\u00fcrtel wird aus langlebigen Materialien hergestellt. Er passt zu verschiedenen Arten von Hosen und Outfits, wodurch er zu einem vielseitigen Accessoire f\u00fcr den Alltag wird.\n\n- Hauptmaterial: Leder\n- Hauptfarbe: Braun \/ Schwarz\n- Breite: Standard\n- Schnalle: Metall","nl":"Deze reversibele riem biedt een praktische en elegante oplossing om uw garderobe te vervolledigen. Ontworpen om aan beide kanten gedragen te worden, stelt hij u in staat om van stijl te veranderen door af te wisselen tussen een bruine en een zwarte kant. De riem is gemaakt van duurzame materialen voor langdurig gebruik. Hij past zich aan verschillende soorten broeken en outfits aan, waardoor hij een polyvalent accessoire is voor het dagelijks leven. \n\n- Hoofdmateriaal: Leer\n- Hoofdkleur: Bruin \/ Zwart\n- Breedte: Standaard\n- Sluiting: Metaal","es":"Este cintur\u00f3n reversible ofrece una soluci\u00f3n pr\u00e1ctica y elegante para completar tu guardarropa. Dise\u00f1ado para ser llevado por ambos lados, permite variar los estilos alternando entre una cara marr\u00f3n y una cara negra. El cintur\u00f3n est\u00e1 fabricado con materiales duraderos para un uso prolongado. Se adapta a diferentes tipos de pantalones y atuendos, lo que lo convierte en un accesorio polivalente para el d\u00eda a d\u00eda. \n\n- Material principal: Cuero\n- Color principal: Marr\u00f3n \/ Negro\n- Ancho: Est\u00e1ndar\n- Hebilla: Metal","it":"Questa cintura reversibile offre una soluzione pratica ed elegante per completare il tuo guardaroba. Progettata per essere indossata su entrambi i lati, consente di variare gli stili alternando tra una faccia marrone e una faccia nera. La cintura \u00e8 realizzata con materiali durevoli per un uso prolungato. Si adatta a diversi tipi di pantaloni e abiti, rendendola un accessorio polivalente per il quotidiano. \n\n- Materiale principale : Pelle\n- Colore principale : Marrone \/ Nero\n- Larghezza : Standard\n- Fibbia : Metallo","sv":"Det h\u00e4r omslagsb\u00e4ltet erbjuder en praktisk och elegant l\u00f6sning f\u00f6r att komplettera din garderober. Konstruktionen g\u00f6r att det kan b\u00e4ras p\u00e5 b\u00e5da sidorna, vilket m\u00f6jligg\u00f6r att variera stilerna genom att v\u00e4xla mellan en brun sida och en svart sida. B\u00e4ltet \u00e4r tillverkat av h\u00e5llbara material f\u00f6r l\u00e5ngvarig anv\u00e4ndning. Det passar olika typer av byxor och kl\u00e4der, vilket g\u00f6r det till ett polykromt tillbeh\u00f6r f\u00f6r vardagen.  \n\n- Huvudmaterial: L\u00e4der\n- Huvudf\u00e4rg: Brun\/Svart\n- Bredd: Standard\n- Sp\u00e4nne: Metall","pt":"Este cinto revers\u00edvel oferece uma solu\u00e7\u00e3o pr\u00e1tica e elegante para complementar seu guarda-roupa. Concebido para ser usado dos dois lados, permite variar os estilos alternando entre uma face marrom e uma face preta. O cinto \u00e9 fabricado a partir de materiais dur\u00e1veis para um uso prolongado. Ele se adapta a diferentes tipos de cal\u00e7as e looks, tornando-o um acess\u00f3rio vers\u00e1til para o dia a dia. \n\n- Material principal: Couro\n- Cor principal: Marrom \/ Preto\n- Largura: Padr\u00e3o\n- Fivela: Metal","da":"Dette omsvendelige b\u00e6lte tilbyder en praktisk og elegant l\u00f8sning til at supplere din garderobe. Udformet til at b\u00e6res p\u00e5 begge sider, tillader det at variere stilene ved at skifte mellem en brun side og en sort side. B\u00e6ltet er fremstillet af holdbare materialer til langvarig brug. Det passer til forskellige typer bukser og t\u00f8j, hvilket g\u00f8r det til et polyvalent tilbeh\u00f8r til hverdagen. \n\n- Hovedmateriale: L\u00e6der\n- Hovedfarve: Brun \/ Sort\n- Bredde: Standard\n- Sp\u00e6nde: Metal","pl":"Ta dwustronna paska oferuje praktyczne i eleganckie rozwi\u0105zanie do uzupe\u0142nienia twojej garderoby. Zaprojektowana do noszenia z obu stron, pozwala na zmian\u0119 styl\u00f3w, alternuj\u0105c mi\u0119dzy stron\u0105 br\u0105zow\u0105 i czarn\u0105. Paska jest wykonana z trwa\u0142ych materia\u0142\u00f3w dla d\u0142ugotrwa\u0142ego u\u017cytkowania. Pasuje do r\u00f3\u017cnych rodzaj\u00f3w spodni i stroj\u00f3w, co czyni j\u0105 wszechstronnym akcesorium na co dzie\u0144.\n\n- G\u0142\u00f3wny materia\u0142: Sk\u00f3ra\n- G\u0142\u00f3wny kolor: Br\u0105zowy \/ Czarny\n- Szeroko\u015b\u0107: Standardowa\n- Zapi\u0119cie: Metal"},"h1":{"fr":"Ceinture r\u00e9versible aq904","en":"Reversible Belt aq904","de":"Umkehrbarer G\u00fcrtel aq904","nl":"Reversibele riem aq904","es":"Cintur\u00f3n reversible aq904","it":"Cintura reversibile aq904","sv":"Omslagsb\u00e4lte aq904","pt":"Cinto revers\u00edvel aq904","da":"Omsvendelig b\u00e6lte aq904","pl":"R\u00f3wnoczesna paska aq904"},"meta_description":{"fr":"Ceinture homme r\u00e9versible en cuir. Mod\u00e8le double face marron et noir. Accessoire polyvalent pour compl\u00e9ter vos tenues. D\u00e9couvrez la ceinture ASQUITH & FOX.","en":"Reversible leather belt for men. Dual-face model in brown and black. Versatile accessory to complete your outfits. Discover the ASQUITH & FOX belt.","de":"Umkehrbarer Herreng\u00fcrtel aus Leder. Modell mit doppelter Seite in Braun und Schwarz. Vielseitiges Accessoire, um Ihre Outfits zu vervollst\u00e4ndigen. Entdecken Sie den G\u00fcrtel ASQUITH & FOX.","nl":"Reversibele heren riem van leer. Tweezijdig model bruin en zwart. Polyvalent accessoire om uw outfits te vervolledigen. Ontdek de riem ASQUITH & FOX.","es":"Cintur\u00f3n para hombre reversible en cuero. Modelo doble cara marr\u00f3n y negro. Accesorio polivalente para completar tus atuendos. Descubre el cintur\u00f3n ASQUITH & FOX.","it":"Cintura uomo reversibile in pelle. Modello doppio lato marrone e nero. Accessorio polivalente per completare i tuoi outfit. Scopri la cintura ASQUITH & FOX.","sv":"Mansomslagsb\u00e4lte av l\u00e4der. Modell dubbelsidigt brunt och svart. Polykromt tillbeh\u00f6r f\u00f6r att komplettera dina kl\u00e4der. Uppt\u00e4ck b\u00e4ltet ASQUITH & FOX.","pt":"Cinto masculino revers\u00edvel em couro. Modelo de duas faces marrom e preto. Acess\u00f3rio vers\u00e1til para completar seus looks. Descubra o cinto ASQUITH & FOX.","da":"Mandens omsvendelige l\u00e6derb\u00e6lte. Dobbeltansigtsmodel i brun og sort. Polyvalent tilbeh\u00f8r til at supplere dine t\u00f8j. Opdag ASQUITH & FOX-b\u00e6ltet.","pl":"M\u0119ska paska dwustronna z sk\u00f3ry. Model dwustronny w kolorze br\u0105zowym i czarnym. Wszechstronny akcesoriusz do uzupe\u0142nienia twoich stroj\u00f3w. Odkryj pask\u0119 ASQUITH & FOX."}},"custom":{"title":{"fr":"Ceinture r\u00e9versible homme ASQUITH & FOX personnalisation aq904","en":"Reversible belt for men ASQUITH & FOX customization aq904","de":"Reversibles G\u00fcrtel f\u00fcr M\u00e4nner ASQUITH & FOX Personalisierung aq904","nl":"Tweezijdige gordel man ASQUITH & FOX personalisatie aq904","es":"Cintur\u00f3n reversible para hombre ASQUITH & FOX personalizaci\u00f3n aq904","it":"Cintura reversibile uomo ASQUITH & FOX personalizzazione aq904","sv":"Manlig reversibel b\u00e4lte ASQUITH & FOX anpassning aq904","pt":"Cinto revers\u00edvel homem ASQUITH & FOX personaliza\u00e7\u00e3o aq904","da":"Reversibel mandsliv af ASQUITH & FOX personligg\u00f8relse aq904","pl":"Przepaska dwustronna dla m\u0119\u017cczyzn ASQUITH & FOX personalizacja aq904"},"description":{"fr":"Cette ceinture r\u00e9versible offre une polyvalence \u00e9l\u00e9gante avec ses faces marron et noire. Con\u00e7ue pour s'adapter \u00e0 diff\u00e9rents styles, elle est id\u00e9ale pour compl\u00e9ter vos tenues. La ceinture est dot\u00e9e d'une boucle classique et d'une construction durable. Elle est fabriqu\u00e9e \u00e0 partir de mat\u00e9riaux de haute qualit\u00e9 pour assurer confort et long\u00e9vit\u00e9. La possibilit\u00e9 de personnaliser cet article permet d'ajouter une touche personnelle ou de l'int\u00e9grer \u00e0 une strat\u00e9gie de branding. \n\n* Caract\u00e9ristiques :\n* Mat\u00e9riau : Cuir\n* Design : R\u00e9versible (marron\/noir)\n* Boucle : Classique\n* Possibilit\u00e9 de personnalisation\n* Id\u00e9al pour un usage quotidien ou des occasions sp\u00e9ciales.","en":"This reversible belt offers elegant versatility with its brown and black sides. Designed to adapt to different styles, it is ideal for completing your outfits. The belt features a classic buckle and durable construction. Made from high-quality materials to ensure comfort and longevity. The possibility of customizing this item allows for a personal touch or integration into a branding strategy. \n\n* Features:\n* Material: Leather\n* Design: Reversible (brown\/black)\n* Buckle: Classic\n* Customization option\n* Ideal for daily use or special occasions.","de":"Dieser reversible G\u00fcrtel bietet eine elegante Vielseitigkeit mit seinen braunen und schwarzen Seiten. Er ist so konzipiert, dass er sich an verschiedene Stile anpasst und ideal ist, um Ihre Outfits zu vervollst\u00e4ndigen. Der G\u00fcrtel verf\u00fcgt \u00fcber eine klassische Schnalle und eine robuste Konstruktion. Er ist aus hochwertigen Materialien gefertigt, um Komfort und Langlebigkeit zu gew\u00e4hrleisten. Die M\u00f6glichkeit, diesen Artikel zu personalisieren, erm\u00f6glicht es, eine pers\u00f6nliche Note hinzuzuf\u00fcgen oder ihn in eine Branding-Strategie zu integrieren.\n\n* Merkmale :\n* Material : Leder\n* Design : Reversibel (braun\/schwarz)\n* Schnalle : Klassisch\n* M\u00f6glichkeit zur Personalisierung\n* Ideal f\u00fcr den t\u00e4glichen Gebrauch oder besondere Anl\u00e4sse.","nl":"Deze tweezijdige gordel biedt elegante veelzijdigheid met bruine en zwarte zijden. Ontworpen om te passen bij verschillende stijlen, is deze perfect om je outfits te completeren. De gordel is voorzien van een klassieke sluiting en een duurzame constructie. Het is gemaakt van hoge kwaliteit materialen om comfort en duurzaamheid te garanderen. De mogelijkheid om dit artikel te personaliseren stelt je in staat om een persoonlijke touch toe te voegen of het te integreren in een brandingstrategie.\n\n* Kenmerken :\n* Materiaal : Leer\n* Ontwerp : Tweezijdig (bruin\/zwart)\n* Sluiting : Klassiek\n* Mogelijkheid tot personalisatie\n* Ideaal voor dagelijks gebruik of speciale gelegenheden.","es":"Este cintur\u00f3n reversible ofrece una elegancia vers\u00e1til con sus caras marr\u00f3n y negra. Dise\u00f1ado para adaptarse a diferentes estilos, es ideal para completar tus atuendos. El cintur\u00f3n cuenta con una hebilla cl\u00e1sica y una construcci\u00f3n duradera. Est\u00e1 fabricado con materiales de alta calidad para garantizar comodidad y longevidad. La posibilidad de personalizar este art\u00edculo permite a\u00f1adir un toque personal o integrarlo en una estrategia de branding.\n\n* Caracter\u00edsticas:\n* Material: Cuero\n* Dise\u00f1o: Reversible (marr\u00f3n\/negro)\n* Hebilla: Cl\u00e1sica\n* Posibilidad de personalizaci\u00f3n\n* Ideal para uso diario o para ocasiones especiales.","it":"Questa cintura reversibile offre una eleganza polivalente con le sue facce marrone e nera. Progettata per adattarsi a diversi stili, \u00e8 ideale per completare i tuoi outfit. La cintura \u00e8 dotata di una fibbia classica e di una costruzione durevole. \u00c8 realizzata con materiali di alta qualit\u00e0 per garantire comfort e longevit\u00e0. La possibilit\u00e0 di personalizzare questo articolo permette di aggiungere un tocco personale o di integrarlo in una strategia di branding.\n\n* Caratteristiche:\n* Materiale: Pelle\n* Design: Reversibile (marrone\/nero)\n* Fibbia: Classica\n* Possibilit\u00e0 di personalizzazione\n* Ideale per un uso quotidiano o per occasioni speciali.","sv":"Denna reversibla b\u00e4lte erbjuder en elegant polyvalens med sina brun och svarta sidor. Designad f\u00f6r att passa olika stilar, \u00e4r den idealisk f\u00f6r att komplettera dina kl\u00e4dsel. B\u00e4ltet \u00e4r f\u00f6rsett med en klassisk sp\u00e4nne och en h\u00e5llbar konstruktion. Den \u00e4r tillverkad av h\u00f6gkvalitativa material f\u00f6r att s\u00e4kerst\u00e4lla komfort och l\u00e5ng livsl\u00e4ngd. M\u00f6jligheten att anpassa den h\u00e4r artikeln g\u00f6r att du kan l\u00e4gga till en personlig touch eller integrera den i en brandingstrategi. \n\n* Egenskaper:\n* Material: L\u00e4der\n* Design: Reversibel (brun\/svart)\n* Sp\u00e4nne: Klassisk\n* M\u00f6jlighet till anpassning\n* Idealisk f\u00f6r dagligt bruk eller s\u00e4rskilda tillf\u00e4llen.","pt":"Este cinto revers\u00edvel oferece uma eleg\u00e2ncia polivalente com suas faces marrom e preta. Concebido para se adaptar a diferentes estilos, \u00e9 ideal para complementar seus trajes. O cinto possui um fecho cl\u00e1ssico e uma constru\u00e7\u00e3o dur\u00e1vel. \u00c9 fabricado a partir de materiais de alta qualidade para garantir conforto e longevidade. A possibilidade de personalizar este artigo permite adicionar um toque pessoal ou integr\u00e1-lo a uma estrat\u00e9gia de branding. \n\n* Caracter\u00edsticas :\n* Material : Couro\n* Design : Revers\u00edvel (marrom\/preto)\n* Fecho : Cl\u00e1ssico\n* Possibilidade de personaliza\u00e7\u00e3o\n* Ideal para uso di\u00e1rio ou ocasi\u00f5es especiais.","da":"Dette reversibel liv tilbyder en elegant alsidighed med sine brune og sorte sider. Designet til at passe til forskellige stilarter, er det ideelt til at supplere dine t\u00f8j. Livet er udstyret med en klassisk snor og en holdbar konstruktion. Det er lavet af h\u00f8jkvalitetsmaterialer for at sikre komfort og lang holdbarhed. Muligheden for at personligg\u00f8re denne artikel g\u00f8r det muligt at tilf\u00f8je en personlig note eller at integrere den i en brandingstrategi. \n\n* Egenskaber :\n* Materiale : L\u00e6der\n* Design : Reversibel (brunt\/sort)\n* Snor : Klassisk\n* Mulighed for personligg\u00f8relse\n* Ideelt til daglig brug eller specielle lejligheder.","pl":"Ta dwustronna przepaska oferuje eleganck\u0105 wszechstronno\u015b\u0107 ze swoimi br\u0105zowymi i czarnymi stronami. Zaprojektowana w taki spos\u00f3b, aby pasowa\u0142a do r\u00f3\u017cnych styl\u00f3w, jest idealna do uzupe\u0142nienia twoich stroj\u00f3w. Przepaska jest wyposa\u017cona w klasyczny klamk\u0119 i wytrwa\u0142\u0105 konstrukcj\u0119. Wykonana z wysokiej jako\u015bci materia\u0142\u00f3w, aby zapewni\u0107 komfort i trwa\u0142o\u015b\u0107. Mo\u017cliwo\u015b\u0107 personalizacji tego artyku\u0142u pozwala doda\u0107 osobisty akcent lub w\u0142\u0105czy\u0107 go do strategii brandingowej.\n\n* Cechy:\n* Materia\u0142: Sk\u00f3ra\n* Design: Dwustronny (br\u0105zowy\/czarny)\n* Klamka: Klasyczna\n* Mo\u017cliwo\u015b\u0107 personalizacji\n* Idealna do codziennego u\u017cytku lub okazjonalnego noszenia."},"h1":{"fr":"Ceinture homme double sens personnalisation aq904","en":"Men's double-sided belt customization aq904","de":"Doppelg\u00fcrtel f\u00fcr M\u00e4nner Personalisierung aq904","nl":"Man gordel dubbelzijdig personalisatie aq904","es":"Cintur\u00f3n para hombre de doble cara personalizaci\u00f3n aq904","it":"Cintura uomo doppio senso personalizzazione aq904","sv":"Manlig dubbelriktad b\u00e4lte anpassning aq904","pt":"Cinto homem revers\u00edvel personaliza\u00e7\u00e3o aq904","da":"Mandsliv med to sider af personligg\u00f8relse aq904","pl":"Przepaska dla m\u0119\u017cczyzn dwukierunkowa personalizacja aq904"},"meta_description":{"fr":"Ceinture r\u00e9versible en cuir pour homme. Design double face marron et noir. Possibilit\u00e9 de personnalisation pour un look unique.","en":"Reversible leather belt for men. Double-sided design in brown and black. Possibility of customization for a unique look.","de":"Reversibler Lederg\u00fcrtel f\u00fcr M\u00e4nner. Doppelseitiges Design in Braun und Schwarz. M\u00f6glichkeit zur Personalisierung f\u00fcr einen einzigartigen Look.","nl":"Tweezijdige lederen gordel voor mannen. Design met dubbele zijde bruin en zwart. Mogelijkheid tot personalisatie voor een unieke look.","es":"Cintur\u00f3n reversible de cuero para hombre. Dise\u00f1o de dos caras marr\u00f3n y negro. Posibilidad de personalizaci\u00f3n para un look \u00fanico.","it":"Cintura reversibile in pelle per uomo. Design doppio lato marrone e nero. Possibilit\u00e0 di personalizzazione per un look unico.","sv":"Manlig reversibel l\u00e4derb\u00e4lte. Design med dubbelsidig brun och svart. M\u00f6jlighet till anpassning f\u00f6r ett unikt utseende.","pt":"Cinto revers\u00edvel de couro para homem. Design duplo rosto marrom e preto. Possibilidade de personaliza\u00e7\u00e3o para um visual \u00fanico.","da":"Reversibel l\u00e6derliv til m\u00e6nd. Design med to sider brunt og sort. Mulighed for personligg\u00f8relse for et unikt look.","pl":"Przepaska dwustronna sk\u00f3rzana dla m\u0119\u017cczyzn. Design dwustronny br\u0105zowy i czarny. Mo\u017cliwo\u015b\u0107 personalizacji dla wyj\u0105tkowego wygl\u0105du."}}},"categories":[{"id":451,"name":"Ceintures","singular":"Ceinture","is_feminin":false},{"id":509,"name":"Accessoires textiles","singular":"Accessoire textile","is_feminin":false},{"id":354,"name":"Textile","singular":"Textile","is_feminin":false}],"certifications":[],"videos":{"fr":[],"en":[],"de":[],"nl":[],"es":[],"it":[],"sv":[],"pt":[],"da":[],"pl":[]},"main_images":{"miniature":"https:\/\/media.th4.com\/BzGTzjmkHmOHEIYznyLufaqBi8RrS92CsWwJIl5_IGs\/pr:80\/aHR0cDovL21lZGlhMi5kZXNpZ25wYXJ0bmVyLmZyL2MvcC1NVC8xNjg5MC5qcGc?v=1673355033","medium":"https:\/\/media.th4.com\/ViEoq7Nc2bdzIvzFHs6QLNzXtGSMyMdwOVEqcgZKW1g\/pr:550x550greybg\/aHR0cDovL21lZGlhMi5kZXNpZ25wYXJ0bmVyLmZyL2MvcC1NVC8xNjg5MC5qcGc?v=1673355033","medium_large":"https:\/\/media.th4.com\/0mVodANygJGHso9A2SIL7zGCZFC_Gxl_Py4LoK3wYJI\/pr:1000x1000greybg\/aHR0cDovL21lZGlhMi5kZXNpZ25wYXJ0bmVyLmZyL2MvcC1NVC8xNjg5MC5qcGc?v=1673355033","large":"https:\/\/media.th4.com\/c212aKnSVQ2pQ409M2hisVdSarMHT-RtNQJnVkW_aUs\/pr:1920greybg\/aHR0cDovL21lZGlhMi5kZXNpZ25wYXJ0bmVyLmZyL2MvcC1NVC8xNjg5MC5qcGc?v=1673355033","opengraph":"https:\/\/media.th4.com\/iy3iZJXtLDGMSOL7uSBb6xfjRD5AHu1LWQBVWw_Oavw\/pr:1200x630greybg\/aHR0cDovL21lZGlhMi5kZXNpZ25wYXJ0bmVyLmZyL2MvcC1NVC8xNjg5MC5qcGc?v=1673355033"},"main_images_customization":{"miniature":"https:\/\/media.th4.com\/BzGTzjmkHmOHEIYznyLufaqBi8RrS92CsWwJIl5_IGs\/pr:80\/aHR0cDovL21lZGlhMi5kZXNpZ25wYXJ0bmVyLmZyL2MvcC1NVC8xNjg5MC5qcGc?v=1673355033","medium":"https:\/\/media.th4.com\/ViEoq7Nc2bdzIvzFHs6QLNzXtGSMyMdwOVEqcgZKW1g\/pr:550x550greybg\/aHR0cDovL21lZGlhMi5kZXNpZ25wYXJ0bmVyLmZyL2MvcC1NVC8xNjg5MC5qcGc?v=1673355033","medium_large":"https:\/\/media.th4.com\/0mVodANygJGHso9A2SIL7zGCZFC_Gxl_Py4LoK3wYJI\/pr:1000x1000greybg\/aHR0cDovL21lZGlhMi5kZXNpZ25wYXJ0bmVyLmZyL2MvcC1NVC8xNjg5MC5qcGc?v=1673355033","large":"https:\/\/media.th4.com\/c212aKnSVQ2pQ409M2hisVdSarMHT-RtNQJnVkW_aUs\/pr:1920greybg\/aHR0cDovL21lZGlhMi5kZXNpZ25wYXJ0bmVyLmZyL2MvcC1NVC8xNjg5MC5qcGc?v=1673355033","opengraph":"https:\/\/media.th4.com\/iy3iZJXtLDGMSOL7uSBb6xfjRD5AHu1LWQBVWw_Oavw\/pr:1200x630greybg\/aHR0cDovL21lZGlhMi5kZXNpZ25wYXJ0bmVyLmZyL2MvcC1NVC8xNjg5MC5qcGc?v=1673355033"},"page_links":{"fr":"\/fr\/p-as-aq904-ceinture-reversible-aq904-16890\/","en":"\/en\/p-as-aq904-reversible-belt-aq904-16890\/","de":"\/de\/p-as-aq904-umkehrbarer-gurtel-aq904-16890\/","nl":"\/nl\/p-as-aq904-reversibele-riem-aq904-16890\/","es":"\/es\/p-as-aq904-cinturon-reversible-aq904-16890\/","it":"\/it\/p-as-aq904-cintura-reversibile-aq904-16890\/","sv":"\/sv\/p-as-aq904-omslagsbalte-aq904-16890\/","pt":"\/pt\/p-as-aq904-cinto-reversivel-aq904-16890\/","da":"\/da\/p-as-aq904-omsvendelig-baelte-aq904-16890\/","pl":"\/pl\/p-as-aq904-rownoczesna-paska-aq904-16890\/"},"page_links_customization":{"fr":"\/fr\/p-as-aq904-ceinture-homme-double-sens-personnalisation-aq904-16890\/custom\/","en":"\/en\/p-as-aq904-mens-double-sided-belt-customization-aq904-16890\/custom\/","de":"\/de\/p-as-aq904-doppelgurtel-fur-manner-personalisierung-aq904-16890\/custom\/","nl":"\/nl\/p-as-aq904-man-gordel-dubbelzijdig-personalisatie-aq904-16890\/custom\/","es":"\/es\/p-as-aq904-cinturon-para-hombre-de-doble-cara-personalizacion-aq904-16890\/custom\/","it":"\/it\/p-as-aq904-cintura-uomo-doppio-senso-personalizzazione-aq904-16890\/custom\/","sv":"\/sv\/p-as-aq904-manlig-dubbelriktad-balte-anpassning-aq904-16890\/custom\/","pt":"\/pt\/p-as-aq904-cinto-homem-reversivel-personalizacao-aq904-16890\/custom\/","da":"\/da\/p-as-aq904-mandsliv-med-to-sider-af-personliggorelse-aq904-16890\/custom\/","pl":"\/pl\/p-as-aq904-przepaska-dla-mezczyzn-dwukierunkowa-personalizacja-aq904-16890\/custom\/"},"equivalent_products":[],"colors":[{"id":19016,"name":"black\/brown","class_ids":[4,11],"codes_hexa":["000000","4f322e"],"delai_24":false,"has_3d":false,"seuil_global":0,"stock_local":0,"stock_global":4846,"on_standby":false,"in_catalog":true,"images":{"miniature":["https:\/\/media.th4.com\/z4dccVYlHxcDc9w66NkV__PI_fsJl2KbFuEK_HILw7g\/pr:80\/aHR0cDovL21lZGlhMi5kZXNpZ25wYXJ0bmVyLmZyL2MvcC8xNjg5MC8xNjg5MC0xOTAxNi0xLmpwZw?v=1673354881"],"medium":["https:\/\/media.th4.com\/ghOdankApX-e1NTnWleQAR1ylEynokT1_0dVVZThhPc\/pr:550x550\/aHR0cDovL21lZGlhMi5kZXNpZ25wYXJ0bmVyLmZyL2MvcC8xNjg5MC8xNjg5MC0xOTAxNi0xLmpwZw?v=1673354881"],"medium_large":["https:\/\/media.th4.com\/PO2JATS5u5eDCfGSlii3RtcbCplawmU6se4VDGcsOb0\/pr:1000x1000\/aHR0cDovL21lZGlhMi5kZXNpZ25wYXJ0bmVyLmZyL2MvcC8xNjg5MC8xNjg5MC0xOTAxNi0xLmpwZw?v=1673354881"],"large":["https:\/\/media.th4.com\/7_AHVAVSDqBI8cGnBme50VdqLN7smOwJWFiXqdbzjbo\/pr:1920\/aHR0cDovL21lZGlhMi5kZXNpZ25wYXJ0bmVyLmZyL2MvcC8xNjg5MC8xNjg5MC0xOTAxNi0xLmpwZw?v=1673354881"],"opengraph":["https:\/\/media.th4.com\/nN_p2GS6AiG68JSCK2AygA1okTMWPh0OGgontX3ZrJo\/pr:1200x630\/aHR0cDovL21lZGlhMi5kZXNpZ25wYXJ0bmVyLmZyL2MvcC8xNjg5MC8xNjg5MC0xOTAxNi0xLmpwZw?v=1673354881"]},"images_customization":{"miniature":["https:\/\/media.th4.com\/z4dccVYlHxcDc9w66NkV__PI_fsJl2KbFuEK_HILw7g\/pr:80\/aHR0cDovL21lZGlhMi5kZXNpZ25wYXJ0bmVyLmZyL2MvcC8xNjg5MC8xNjg5MC0xOTAxNi0xLmpwZw?v=1673354881"],"medium":["https:\/\/media.th4.com\/ghOdankApX-e1NTnWleQAR1ylEynokT1_0dVVZThhPc\/pr:550x550\/aHR0cDovL21lZGlhMi5kZXNpZ25wYXJ0bmVyLmZyL2MvcC8xNjg5MC8xNjg5MC0xOTAxNi0xLmpwZw?v=1673354881"],"medium_large":["https:\/\/media.th4.com\/PO2JATS5u5eDCfGSlii3RtcbCplawmU6se4VDGcsOb0\/pr:1000x1000\/aHR0cDovL21lZGlhMi5kZXNpZ25wYXJ0bmVyLmZyL2MvcC8xNjg5MC8xNjg5MC0xOTAxNi0xLmpwZw?v=1673354881"],"large":["https:\/\/media.th4.com\/7_AHVAVSDqBI8cGnBme50VdqLN7smOwJWFiXqdbzjbo\/pr:1920\/aHR0cDovL21lZGlhMi5kZXNpZ25wYXJ0bmVyLmZyL2MvcC8xNjg5MC8xNjg5MC0xOTAxNi0xLmpwZw?v=1673354881"],"opengraph":["https:\/\/media.th4.com\/nN_p2GS6AiG68JSCK2AygA1okTMWPh0OGgontX3ZrJo\/pr:1200x630\/aHR0cDovL21lZGlhMi5kZXNpZ25wYXJ0bmVyLmZyL2MvcC8xNjg5MC8xNjg5MC0xOTAxNi0xLmpwZw?v=1673354881"]},"country_origin":"CN","traceability":{"manufacturing_country_id":null,"weaving_country_id":null,"dyeing_country_id":null},"sizes":[{"id":42,"article_id":415819,"class_id":19,"name":"taille_unique","on_standby":false,"stock_local":0,"stock_global":4846,"multiple":1,"estimated_date_reassort":null,"is_destocking":false}],"page_links":{"fr":"\/fr\/p-as-aq904-ceinture-reversible-aq904-16890\/black-brown-19016\/","en":"\/en\/p-as-aq904-reversible-belt-aq904-16890\/black-brown-19016\/","de":"\/de\/p-as-aq904-umkehrbarer-gurtel-aq904-16890\/black-brown-19016\/","nl":"\/nl\/p-as-aq904-reversibele-riem-aq904-16890\/black-brown-19016\/","es":"\/es\/p-as-aq904-cinturon-reversible-aq904-16890\/black-brown-19016\/","it":"\/it\/p-as-aq904-cintura-reversibile-aq904-16890\/black-brown-19016\/","sv":"\/sv\/p-as-aq904-omslagsbalte-aq904-16890\/black-brown-19016\/","pt":"\/pt\/p-as-aq904-cinto-reversivel-aq904-16890\/black-brown-19016\/","da":"\/da\/p-as-aq904-omsvendelig-baelte-aq904-16890\/black-brown-19016\/","pl":"\/pl\/p-as-aq904-rownoczesna-paska-aq904-16890\/black-brown-19016\/"},"page_links_customization":{"fr":"\/fr\/p-as-aq904-ceinture-homme-double-sens-personnalisation-aq904-16890\/black-brown-19016\/custom\/","en":"\/en\/p-as-aq904-mens-double-sided-belt-customization-aq904-16890\/black-brown-19016\/custom\/","de":"\/de\/p-as-aq904-doppelgurtel-fur-manner-personalisierung-aq904-16890\/black-brown-19016\/custom\/","nl":"\/nl\/p-as-aq904-man-gordel-dubbelzijdig-personalisatie-aq904-16890\/black-brown-19016\/custom\/","es":"\/es\/p-as-aq904-cinturon-para-hombre-de-doble-cara-personalizacion-aq904-16890\/black-brown-19016\/custom\/","it":"\/it\/p-as-aq904-cintura-uomo-doppio-senso-personalizzazione-aq904-16890\/black-brown-19016\/custom\/","sv":"\/sv\/p-as-aq904-manlig-dubbelriktad-balte-anpassning-aq904-16890\/black-brown-19016\/custom\/","pt":"\/pt\/p-as-aq904-cinto-homem-reversivel-personalizacao-aq904-16890\/black-brown-19016\/custom\/","da":"\/da\/p-as-aq904-mandsliv-med-to-sider-af-personliggorelse-aq904-16890\/black-brown-19016\/custom\/","pl":"\/pl\/p-as-aq904-przepaska-dla-mezczyzn-dwukierunkowa-personalizacja-aq904-16890\/black-brown-19016\/custom\/"}}],"documentation_link":"\/pdf\/16890.pdf","countries_availables":["AD","AE","AL","AT","BA","BD","BE","BG","BL","CA","CH","CN","CO","CY","CZ","DE","DK","DO","EE","EG","ES","ET","FI","FR","GB","GE","GF","GP","GR","GT","HK","HN","HR","HT","HU","ID","IE","IN","IS","IT","JO","JP","KE","KH","KP","KR","LA","LK","LS","LT","LU","LV","MA","MF","MG","MK","MM","MN","MQ","MT","MX","MY","NC","NI","NL","PF","PH","PK","PL","PM","PT","RE","RO","SE","SG","SI","SK","SV","SY","TH","TN","TR","TW","TZ","US","VN","WF","YT"]},"infos_customization":[],"features":{"authorize_multi_surfaces":true,"display_order_delay_type":true,"promote_surface_display":true,"tarification_franco_offert":true,"enabled_3d_editor":false},"markings":[{"id":0,"nom":"vierge","finition":null,"libelle":null,"code":null,"dpi":null,"finesse_forme_isolee":null,"finesse_forme_non_isolee":null,"hauteur_minimale_texte":null,"inactif":0,"marquage_interne":1,"quantite_min":null,"parent_id":null,"print_on_support":0,"content":"vierge","description":null},{"id":2,"nom":"fonce","finition":"optimale","libelle":"TopQuadri","code":null,"dpi":400,"finesse_forme_isolee":"0.040","finesse_forme_non_isolee":"0.700","hauteur_minimale_texte":2,"inactif":0,"marquage_interne":1,"quantite_min":null,"parent_id":18,"print_on_support":0,"content":"TopQuadri","description":"pour petites et moyennes s\u00e9ries"},{"id":3,"nom":"serigraphie","finition":"serigraphie","libelle":"SeriCoat","code":null,"dpi":400,"finesse_forme_isolee":"0.040","finesse_forme_non_isolee":"0.700","hauteur_minimale_texte":2,"inactif":0,"marquage_interne":1,"quantite_min":15,"parent_id":18,"print_on_support":0,"content":"SeriCoat","description":"pour moyennes et grandes s\u00e9ries"},{"id":4,"nom":"broderie","finition":"broderie","libelle":"Broderie","code":null,"dpi":400,"finesse_forme_isolee":"0.040","finesse_forme_non_isolee":"0.700","hauteur_minimale_texte":3,"inactif":0,"marquage_interne":1,"quantite_min":null,"parent_id":null,"print_on_support":0,"content":"Broderie","description":null},{"id":8,"nom":"theme","finition":null,"libelle":"Th\u00e8me","code":null,"dpi":null,"finesse_forme_isolee":null,"finesse_forme_non_isolee":null,"hauteur_minimale_texte":null,"inactif":0,"marquage_interne":1,"quantite_min":null,"parent_id":null,"print_on_support":0,"content":"Th\u00e8me","description":null},{"id":9,"nom":"sans","finition":null,"libelle":null,"code":null,"dpi":null,"finesse_forme_isolee":null,"finesse_forme_non_isolee":null,"hauteur_minimale_texte":null,"inactif":0,"marquage_interne":1,"quantite_min":null,"parent_id":null,"print_on_support":0,"content":"sans","description":null},{"id":10,"nom":"photo","finition":null,"libelle":"Photo","code":null,"dpi":null,"finesse_forme_isolee":null,"finesse_forme_non_isolee":null,"hauteur_minimale_texte":null,"inactif":0,"marquage_interne":1,"quantite_min":null,"parent_id":null,"print_on_support":0,"content":"Photo","description":null},{"id":14,"nom":"couleur","finition":null,"libelle":"Couleur","code":null,"dpi":null,"finesse_forme_isolee":null,"finesse_forme_non_isolee":null,"hauteur_minimale_texte":null,"inactif":0,"marquage_interne":1,"quantite_min":null,"parent_id":null,"print_on_support":0,"content":"Couleur","description":null},{"id":15,"nom":"sublimation","finition":"sublimation","libelle":"Sublimation","code":null,"dpi":null,"finesse_forme_isolee":"0.000","finesse_forme_non_isolee":"0.000","hauteur_minimale_texte":2,"inactif":0,"marquage_interne":1,"quantite_min":null,"parent_id":null,"print_on_support":0,"content":"Sublimation","description":null},{"id":16,"nom":"topquadri_uv","finition":null,"libelle":"TopQuadri UV","code":null,"dpi":null,"finesse_forme_isolee":"0.020","finesse_forme_non_isolee":"0.700","hauteur_minimale_texte":2,"inactif":0,"marquage_interne":1,"quantite_min":null,"parent_id":null,"print_on_support":1,"content":null,"description":null},{"id":17,"nom":"topquadri_uvp","finition":null,"libelle":"TopQuadri UVP","code":null,"dpi":null,"finesse_forme_isolee":"0.020","finesse_forme_non_isolee":"0.700","hauteur_minimale_texte":2,"inactif":0,"marquage_interne":1,"quantite_min":null,"parent_id":null,"print_on_support":1,"content":null,"description":null},{"id":18,"nom":"quadri","finition":null,"libelle":"Impression","code":null,"dpi":null,"finesse_forme_isolee":null,"finesse_forme_non_isolee":null,"hauteur_minimale_texte":null,"inactif":0,"marquage_interne":1,"quantite_min":null,"parent_id":null,"print_on_support":0,"content":null,"description":null}]}}