{"data":{"product":{"id":16680,"titre":"Casquette filet urbaine","description":"Casquette 6\u00a0panneaux structur\u00e9s sur l'avant, avec trous d'a\u00e9ration brod\u00e9s et visi\u00e8re semi-courb\u00e9e. Taille unique ajustable. \u00c9tiquette d\u00e9tachable. Composition : 85% polyester, 15% coton ; filet 100% polyester.","genre":"mixte","grammage":0,"conditionnement":96,"composition":"coton,polyester","reference":"be-b646","reference_visible":"be-b646","reference_fabricant":"B646","ref_xor":"726893","in_catalog":true,"is_transfer":false,"is_service":false,"on_standby":false,"has_3d":false,"has_size_guide":false,"has_marking":true,"has_vierge":true,"is_cross_sellable":false,"id_picto":229,"filename_3d":null,"brand":{"id":4,"name":"Beechfield","logo":"logo-beechfield.png","image":"https:\/\/media.th4.com\/SEI4kEL_OeIUcCLPKN1V5d1v3IH0ba7ADGQcIfQN7YY\/pr:brand70x70\/aHR0cDovL21lZGlhMi5kZXNpZ25wYXJ0bmVyLmZyL2MvbS9sb2dvLWJlZWNoZmllbGQucG5n"},"price_infos":{"price_from":3.32,"quantity":600,"color":{"id":653,"name":"black"},"size":{"id":42,"name":"taille_unique"}},"price_infos_marking":{"price_from":9.69,"quantity":200,"color":{"id":653,"name":"black"},"size":{"id":42,"name":"taille_unique"},"marking":{"id":4,"name":""},"emplacement":"avant","surface_emplacement_id":6443,"surface":"C\u00f4t\u00e9 droit casquette"},"i18n":{"blank":{"title":{"fr":"Casquette filet urbaine BEECHFIELD b646","en":"Urban mesh cap BEECHFIELD b646","de":"St\u00e4dtische Netzcap BEECHFIELD b646","nl":"Urban net cap BEECHFIELD b646","es":"Gorra de red urbana BEECHFIELD b646","it":"Cappello a rete urbano BEECHFIELD b646","sv":"Urban n\u00e4tta keps Beechfield b646","pt":"Bon\u00e9 de rede urbana BEECHFIELD b646","da":"Byggestue by filet by BEECHFIELD b646","pl":"Urbaniczna czapka siatkowa BEECHFIELD b646"},"description":{"fr":"Casquette 6 panneaux structur\u00e9s sur l'avant, con\u00e7ue pour offrir confort et respirabilit\u00e9. Elle est dot\u00e9e de trous d'a\u00e9ration brod\u00e9s qui favorisent la circulation de l'air et d'une visi\u00e8re semi-courb\u00e9e pour une protection solaire mod\u00e9r\u00e9e. La casquette est ajustable pour s'adapter \u00e0 diff\u00e9rentes tailles de t\u00eate et poss\u00e8de une \u00e9tiquette d\u00e9tachable pour un confort optimal. Sa conception la rend adapt\u00e9e \u00e0 un usage quotidien en milieu urbain. \n\n- Composition : 85% polyester, 15% coton\n- Filet : 100% polyester\n- Nombre de panneaux : 6\n- Visi\u00e8re : Semi-courb\u00e9e\n- Ajustement : Ajustable","en":"6-panel structured cap designed for comfort and breathability. It features embroidered ventilation holes that promote air circulation and a semi-curved brim for moderate sun protection. The cap is adjustable to fit different head sizes and has a detachable label for optimal comfort. Its design makes it suitable for daily urban use.  Composition : 85% polyester, 15% cotton  Mesh : 100% polyester  Number of panels : 6  Brim : Semi-curved  Adjustment : Adjustable","de":"Kappe mit 6 strukturierten Panels vorne, entworfen, um Komfort und Atmungsaktivit\u00e4t zu bieten. Sie verf\u00fcgt \u00fcber gestickte Bel\u00fcftungsl\u00f6cher, die die Luftzirkulation f\u00f6rdern, und eine halbrunde Krempe f\u00fcr moderaten Sonnenschutz. Die Kappe ist einstellbar, um sich an verschiedene Kopfgr\u00f6\u00dfen anzupassen, und besitzt ein abnehmbares Etikett f\u00fcr optimalen Komfort. Ihre Konstruktion macht sie f\u00fcr den t\u00e4glichen Gebrauch in st\u00e4dtischer Umgebung geeignet.\n\n- Zusammensetzung: 85% Polyester, 15% Baumwolle\n- Netz: 100% Polyester\n- Anzahl der Panels: 6\n- Krempe: Halbrund\n- Einstellung: Einstellbar","nl":"6-panel cap met structuur aan de voorkant, ontworpen om comfort en ademhaling te bieden. Het is uitgerust met geborduurde ventilatiegaten die de luchtcirculatie bevorderen en een semi-curved zijkant voor matige zonnescherm. De cap is aanpasbaar om aan verschillende kopomvangen te voldoen en heeft een afneembare etiket voor optimaal comfort. De constructie maakt het geschikt voor dagelijks gebruik in een stedelijke omgeving. \n\n- Samenstelling : 85% polyester, 15% katoen\n- Net : 100% polyester\n- Aantal panelen : 6\n- Zijkant : Semi-curved\n- Aanpassing : Aanpasbaar","es":"Gorra de 6 paneles estructurados en la parte delantera, dise\u00f1ada para ofrecer comodidad y respirabilidad. Cuenta con agujeros de ventilaci\u00f3n bordados que favorecen la circulaci\u00f3n del aire y una visera semicurvada para una protecci\u00f3n solar moderada. La gorra es ajustable para adaptarse a diferentes tama\u00f1os de cabeza y posee una etiqueta desmontable para una comodidad \u00f3ptima. Su concepci\u00f3n la hace adecuada para un uso diario en un entorno urbano. \n\n- Composici\u00f3n: 85% poli\u00e9ster, 15% algod\u00f3n\n- Red: 100% poli\u00e9ster\n- N\u00famero de paneles: 6\n- Visera: Semicurvada\n- Ajuste: Ajustable","it":"Cappello a 6 pannelli strutturati sulla parte anteriore, progettato per offrire comfort e traspirabilit\u00e0. \u00c8 dotato di fori di areazione ricamati che favoriscono la circolazione dell'aria e di una visiera semicurva per una protezione solare moderata. Il cappello \u00e8 regolabile per adattarsi a diverse dimensioni della testa e possiede un'etichetta staccabile per un comfort ottimale. La sua concezione lo rende adatto a un uso quotidiano in ambiente urbano. \n\n- Composizione: 85% poliestere, 15% cotone\n- Rete: 100% poliestere\n- Numero di pannelli: 6\n- Visiera: Semicurva\n- Regolazione: Regolabile","sv":"Keps med 6 strukturerade paneler fram, konstruerad f\u00f6r att erbjuda komfort och andningsf\u00f6rm\u00e5ga. Den har broderade ventileringsh\u00e5l som fr\u00e4mjar luftcirkulationen och en halvbuktad sk\u00e4rm f\u00f6r m\u00e5ttlig solskydd. Kepsen \u00e4r justerbar f\u00f6r att passa olika huvudstorlekar och har en avtagbar etikett f\u00f6r optimal komfort. Dess design g\u00f6r den l\u00e4mplig f\u00f6r dagligt bruk i stadsmilj\u00f6.\n\n- Sammans\u00e4ttning : 85% polyester, 15% bomull\n- N\u00e4t : 100% polyester\n- Antal paneler : 6\n- Sk\u00e4rm : Halvbuktad\n- Justering : Justerbar","pt":"Bon\u00e9 com 6 pain\u00e9is estruturados na frente, projetado para oferecer conforto e respirabilidade. Possui furos de ventila\u00e7\u00e3o bordados que favorecem a circula\u00e7\u00e3o de ar e uma aba semi-curvada para prote\u00e7\u00e3o solar moderada. O bon\u00e9 \u00e9 ajust\u00e1vel para se adaptar a diferentes tamanhos de cabe\u00e7a e possui uma etiqueta destac\u00e1vel para um conforto \u00f3timo. Seu design o torna adequado para uso di\u00e1rio em ambientes urbanos.\n\n- Composi\u00e7\u00e3o: 85% poli\u00e9ster, 15% algod\u00e3o\n- Rede: 100% poli\u00e9ster\n- N\u00famero de pain\u00e9is: 6\n- Aba: Semi-curvada\n- Ajuste: Ajust\u00e1vel","da":"6-panellet strukturert hat designet til \u00e5 tilby komfort og pustev\u00e6rdi. Den har broderte ventilasjonshull som fremmer luftsirkulasjon og en halvbue visir for moderat solbeskyttelse. Hatten er justerbar for \u00e5 passe ulike hode st\u00f8rrelser og har en fjernbar etikett for optimal komfort. Designet gj\u00f8r den egnet for daglig bruk i urbane milj\u00f8er. \n\n- Sammens\u00e6tning: 85% polyester, 15% bomuld\n- Net: 100% polyester\n- Antal paneler: 6\n- Visir: Halvbue\n- Justering: Justerbar","pl":"Czapka 6-panelowa ze strukturalnym przodem, zaprojektowana w celu zapewnienia komfortu i wentylacji. Jest wyposa\u017cona w brodowane otwory wentylacyjne, kt\u00f3re u\u0142atwiaj\u0105 cyrkulacj\u0119 powietrza, oraz p\u00f3\u0142gi\u0119ty daszek, aby zapewni\u0107 umiarkowane ochron\u0119 przed s\u0142o\u0144cem. Czapka jest regulowana, aby dostosowa\u0107 si\u0119 do r\u00f3\u017cnych rozmiar\u00f3w g\u0142owy, i posiada usuwaln\u0105 etykiet\u0119 dla optymalnego komfortu. Jej konstrukcja czyni j\u0105 idealn\u0105 do codziennego u\u017cytku w \u015brodowisku miejskim. \n\n- Sk\u0142ad: 85% poliestr, 15% bawe\u0142na\n- Siatka: 100% poliestr\n- Liczba paneli: 6\n- Daszek: P\u00f3\u0142gi\u0119ty\n- Dopasowanie: Regulowane"},"h1":{"fr":"Casquette filet urbaine b646","en":"Urban mesh cap b646","de":"St\u00e4dtische Netzcap b646","nl":"Urban net cap b646","es":"Gorra de red urbana b646","it":"Cappello a rete urbano b646","sv":"Urban n\u00e4tta keps b646","pt":"Bon\u00e9 de rede urbana b646","da":"Byggestue by filet b646","pl":"Urbaniczna czapka siatkowa b646"},"meta_description":{"fr":"Casquette ajustable 6 panneaux avec a\u00e9ration brod\u00e9e et visi\u00e8re semi-courb\u00e9e. Composition coton polyester. Id\u00e9ale pour un usage urbain.","en":"Adjustable 6-panel cap with embroidered ventilation and semi-curved brim. Composition cotton polyester. Ideal for urban use.","de":"Einstellbare 6-Panel-Kappe mit gestickter Bel\u00fcftung und halbrunder Krempe. Zusammensetzung Baumwolle Polyester. Ideal f\u00fcr den st\u00e4dtischen Gebrauch.","nl":"Aanpasbare 6-panel cap met geborduurde ventilatie en semi-curved zijkant. Samenstelling katoen polyester. Ideaal voor stedelijk gebruik.","es":"Gorra ajustable de 6 paneles con ventilaci\u00f3n bordada y visera semicurvada. Composici\u00f3n algod\u00f3n poli\u00e9ster. Ideal para un uso urbano.","it":"Cappello regolabile a 6 pannelli con areazione ricamata e visiera semicurva. Composizione cotone poliestere. Ideale per un uso urbano.","sv":"Justerbar keps med 6 paneler med broderad ventilation och halvbuktad sk\u00e4rm. Sammans\u00e4ttning bomull polyester. Idealiskt f\u00f6r stadsmilj\u00f6.","pt":"Bon\u00e9 ajust\u00e1vel com 6 pain\u00e9is com ventila\u00e7\u00e3o bordada e aba semi-curvada. Composi\u00e7\u00e3o algod\u00e3o poli\u00e9ster. Ideal para uso urbano.","da":"Justerbar 6-panellet hued med broderet ventilation og halvbue visir. Sammens\u00e6tning bomuld polyester. Ideel til bybrug.","pl":"Siatkowa czapka 6-panelowa z wentylacj\u0105 i p\u00f3\u0142gi\u0119t\u0105 daszkiem. Sk\u0142ad bawe\u0142na poliestr. Idealna do u\u017cytku miejskiego."}},"custom":{"title":{"fr":"Casquette filet urbaine BEECHFIELD b646 personnalisable","en":"Urban mesh cap BEECHFIELD b646 customizable","de":"Urban-Netz-Cap BEECHFIELD b646 personalisierbar","nl":"Urban net cap BEECHFIELD b646 personaliseerbaar","es":"Gorra de malla urbana BEECHFIELD b646 personalizable","it":"Cappello a rete urbano BEECHFIELD b646 personalizzabile","sv":"Urban n\u00e4tkeps BEECHFIELD b646 personliggjord","pt":"Bon\u00e9 de rede urbana BEECHFIELD b646 personaliz\u00e1vel","da":"Bygges\u00e6t bycasquette BEECHFIELD b646 personaliserbar","pl":"Urban cap sieciowa BEECHFIELD b646 do personalizacji"},"description":{"fr":"Casquette 6 panneaux structur\u00e9s sur l'avant, avec trous d'a\u00e9ration brod\u00e9s et visi\u00e8re semi-courb\u00e9e. Taille unique ajustable gr\u00e2ce \u00e0 une fermeture par sangle \u00e0 l'arri\u00e8re. \u00c9tiquette d\u00e9tachable pour faciliter le marquage. Composition : 85% polyester, 15% coton ; filet 100% polyester. Cette casquette offre un confort optimal et une bonne respirabilit\u00e9. Elle est id\u00e9ale pour les activit\u00e9s de plein air ou un usage quotidien en milieu urbain. La possibilit\u00e9 de personnalisation en broderie permet d'ajouter votre logo ou votre visuel pour une communication efficace. \n\n- Composition : 85% polyester, 15% coton\n- Filet : 100% polyester\n- \u00c9tiquette : D\u00e9tachable\n- Nombre de panneaux : 6\n- Visi\u00e8re : Semi-courb\u00e9e\n- Ventilation : Trous d'a\u00e9ration brod\u00e9s","en":"Cap with 6 structured panels at the front, with embroidered ventilation holes and semi-curved visor. One size fits all with an adjustable strap at the back. Detachable label to facilitate marking. Composition: 85% polyester, 15% cotton; mesh 100% polyester. This cap offers optimal comfort and good breathability. It is ideal for outdoor activities or daily use in an urban environment. The possibility of customization by embroidery allows you to add your logo or your visual for effective communication.\n\n- Composition: 85% polyester, 15% cotton\n- Mesh: 100% polyester\n- Label: Detachable\n- Number of panels: 6\n- Visor: Semi-curved\n- Ventilation: Embroidered ventilation holes","de":"Cap mit 6 strukturierten Vorderseiten, mit gestickten Bel\u00fcftungsl\u00f6chern und einer halbgekr\u00fcmmten Krempe. Einheitsgr\u00f6\u00dfe, anpassbar durch Schn\u00fcrverschluss hinten. Abnehmbares Etikett f\u00fcr einfaches Markieren. Zusammensetzung: 85% Polyester, 15% Baumwolle; Netz 100% Polyester. Diese Cap bietet optimalen Komfort und gute Atmungsaktivit\u00e4t. Sie ist ideal f\u00fcr Freizeitaktivit\u00e4ten oder den t\u00e4glichen Gebrauch im st\u00e4dtischen Umfeld. Die M\u00f6glichkeit der Personalisierung durch Stickerei erm\u00f6glicht das Hinzuf\u00fcgen Ihres Logos oder Ihres Designs f\u00fcr eine effektive Kommunikation. \n\n- Zusammensetzung: 85% Polyester, 15% Baumwolle\n- Netz: 100% Polyester\n- Etikett: Abnehmbar\n- Anzahl der Paneele: 6\n- Krempe: Halbgekr\u00fcmmt\n- Bel\u00fcftung: Gestickte Bel\u00fcftungsl\u00f6cher","nl":"Cap met 6 gestructureerde panelen aan de voorkant, met gebordeurde ventilatiegaten en een half gebogen bezel. Unieke maat aanpasbaar met behulp van een sluiting met een riem aan de achterkant. Losneembare etiket voor het gemakkelijk merken. Samenstelling: 85% polyester, 15% katoen; net 100% polyester. Deze cap biedt optimaal comfort en goede ademendheid. Ze is ideaal voor buitenactiviteiten of dagelijks gebruik in een stedelijke omgeving. De mogelijkheid tot personalisatie door borduren stelt u in staat uw logo of visueel element toe te voegen voor een effectieve communicatie.\n\n- Samenstelling: 85% polyester, 15% katoen\n- Net: 100% polyester\n- Etiket: Losneembaar\n- Aantal panelen: 6\n- Bezel: Half gebogen\n- Ventilatie: Gebordeurde ventilatiegaten","es":"Gorra de 6 paneles estructurados en la parte delantera, con agujeros de ventilaci\u00f3n bordados y visera semicurva. Talla \u00fanica ajustable gracias a un cierre con correa en la parte posterior. Etiqueta desmontable para facilitar el marcado. Composici\u00f3n: 85% poli\u00e9ster, 15% algod\u00f3n; malla 100% poli\u00e9ster. Esta gorra ofrece un confort \u00f3ptimo y una buena respirabilidad. Es ideal para actividades al aire libre o un uso diario en un entorno urbano. La posibilidad de personalizaci\u00f3n en bordado permite agregar su logo o su imagen para una comunicaci\u00f3n efectiva.\n\n- Etiqueta: Desmontable\n- N\u00famero de paneles: 6\n- Visera: Semicurva\n- Ventilaci\u00f3n: Agujeros de ventilaci\u00f3n bordados","it":"Cappello con 6 pannelli strutturati in avanti, con fori di ventilazione ricamati e visiera semi-curva. Taglia unica regolabile grazie a una chiusura con cinghia sul retro. Etichetta staccabile per facilitare il marchio. Composizione: 85% poliestere, 15% cotone; rete 100% poliestere. Questo cappello offre un comfort ottimale e una buona respirabilit\u00e0. \u00c8 ideale per le attivit\u00e0 all'aperto o un uso quotidiano in ambiente urbano. La possibilit\u00e0 di personalizzazione con ricamo permette di aggiungere il proprio logo o visivo per una comunicazione efficace. \n\n- Composizione: 85% poliestere, 15% cotone\n- Rete: 100% poliestere\n- Etichetta: Staccabile\n- Numero di pannelli: 6\n- Visiera: Semi-curva\n- Ventilazione: Fori di ventilazione ricamati","sv":"Keps 6 strukturerade paneler fram, med broderade ventilationsh\u00e5l och halvb\u00e5gat sk\u00e4rm. Enstor storlek justerbart med hj\u00e4lp av en snoddragare p\u00e5 baksidan. Avtagbar etikett f\u00f6r att underl\u00e4tta markering. Sammans\u00e4ttning: 85% polyester, 15% bomull; n\u00e4t 100% polyester. Denna keps erbjuder optimal komfort och god andning. Den \u00e4r idealisk f\u00f6r utomhusaktiviteter eller daglig anv\u00e4ndning i stadsmilj\u00f6. M\u00f6jligheten till personligg\u00f6ring i broderi g\u00f6r att du kan l\u00e4gga till ditt logotyp eller din bild f\u00f6r effektiv kommunikation.\n\n- Sammans\u00e4ttning: 85% polyester, 15% bomull\n- N\u00e4t: 100% polyester\n- Etikett: Avtagbar\n- Antal paneler: 6\n- Sk\u00e4rm: Halvb\u00e5gat\n- Ventilation: Broderade ventilationsh\u00e5l","pt":"Bon\u00e9 de 6 pain\u00e9is estruturados na frente, com furos de ventila\u00e7\u00e3o bordados e aba semicurvada. Tamanho \u00fanico ajust\u00e1vel gra\u00e7as a um fecho de tiras na parte de tr\u00e1s. Etiqueta destac\u00e1vel para facilitar a marca\u00e7\u00e3o. Composi\u00e7\u00e3o: 85% poli\u00e9ster, 15% algod\u00e3o; rede 100% poli\u00e9ster. Este bon\u00e9 oferece conforto \u00f3timo e boa respirabilidade. \u00c9 ideal para atividades ao ar livre ou uso di\u00e1rio em ambiente urbano. A possibilidade de personaliza\u00e7\u00e3o em bordado permite adicionar seu logotipo ou seu visual para uma comunica\u00e7\u00e3o eficaz. Etiqueta: destac\u00e1vel N\u00famero de pain\u00e9is: 6 Aba: semicurvada Ventila\u00e7\u00e3o: furos de ventila\u00e7\u00e3o bordados","da":"Casquette med 6 strukturerede paneler foran, med broderede ventilationshuller og halvcirkelviser. Enest\u00e5ende st\u00f8rrelse, justerbar med en sn\u00f8ringslukning bagp\u00e5. Fjernbart etiket for nem markering. Sammens\u00e6tning: 85% polyester, 15% bomuld ; net 100% polyester. Denne casquette tilbyder optimal komfort og god \u00e5ndbarhed. Den er ideel til udend\u00f8rs aktiviteter eller daglig brug i bymilj\u00f8. Muligheden for personligg\u00f8relse i broderi g\u00f8r det muligt at tilf\u00f8je dit logo eller dit visuelle design for effektiv kommunikation.  \n\n- Sammens\u00e6tning: 85% polyester, 15% bomuld\n- Net: 100% polyester\n- Etiket: Fjernbart\n- Antal paneler: 6\n- Viser: Halvcirkel\n- Ventilation: Broderede ventilationshuller","pl":"Czapka z 6 strukturalnymi panelami na przedzie, z haftowanymi otworami wentylacyjnymi i p\u00f3\u0142gi\u0119t\u0105 daszkiem. Jednorazowy rozmiar regulowany za pomoc\u0105 zamkni\u0119cia na pasie z ty\u0142u. Od\u0142\u0105czalna etykieta do u\u0142atwienia znakowania. Sk\u0142ad: 85% poliestru, 15% bawe\u0142ny; siatka 100% poliestru. Ta czapka zapewnia optymalny komfort i dobr\u0105 wentylacj\u0119. Jest idealna do aktywno\u015bci na \u015bwie\u017cym powietrzu lub codziennego u\u017cytku w \u015brodowisku miejskim. Mo\u017cliwo\u015b\u0107 personalizacji hakenem pozwala doda\u0107 sw\u00f3j logo lub wizualizacj\u0119 dla skutecznej komunikacji. \n\n- Sk\u0142ad: 85% poliestru, 15% bawe\u0142ny\n- Siatka: 100% poliestru\n- Etykieta: Od\u0142\u0105czalna\n- Liczba panel\u00f3w: 6\n- Daszek: P\u00f3\u0142gi\u0119ty\n- Wentylacja: Haftowane otwory wentylacyjne"},"h1":{"fr":"Casquette filet urbaine b646 personnalisation","en":"Urban mesh cap b646 customization","de":"Urban-Netz-Cap b646 Personalisierung","nl":"Urban net cap b646 personalisatie","es":"Gorra de malla urbana b646 personalizaci\u00f3n","it":"Cappello a rete urbano b646 personalizzazione","sv":"Urban n\u00e4tkeps b646 personligg\u00f6ring","pt":"Bon\u00e9 de rede urbana b646 personaliza\u00e7\u00e3o","da":"Bycasquette b646 personalisering","pl":"Urban cap sieciowa b646 personalizacja"},"meta_description":{"fr":"Casquette ajustable coton polyester avec filet. Id\u00e9ale pour un usage urbain. Possibilit\u00e9 de personnalisation en broderie. D\u00e9couvrez notre mod\u00e8le b646.","en":"Adjustable cotton polyester cap with mesh. Ideal for urban use. Possibility of customization by embroidery. Discover our b646 model.","de":"Anpassbare Baumwolle-Polyester-Cap mit Netz. Ideal f\u00fcr den urbanen Einsatz. M\u00f6glichkeit der Personalisierung durch Stickerei. Entdecken Sie unser Modell b646.","nl":"Aanpasbare katoen-polyester cap met net. Ideaal voor stedelijk gebruik. Mogelijkheid tot personalisatie door borduren. Ontdek ons model b646.","es":"Gorra ajustable de algod\u00f3n poli\u00e9ster con malla. Ideal para un uso urbano. Posibilidad de personalizaci\u00f3n en bordado. Descubre nuestro modelo b646.","it":"Cappello regolabile in cotone poliestere con rete. Ideale per un uso urbano. Possibilit\u00e0 di personalizzazione con ricamo. Scoprite il nostro modello b646.","sv":"Justerbart bomulls- och polyesterkeps med n\u00e4t. Idealisk f\u00f6r stadsbruk. M\u00f6jlighet till personligg\u00f6ring i broderi. Uppt\u00e4ck v\u00e5r modell b646.","pt":"Bon\u00e9 ajust\u00e1vel de algod\u00e3o poli\u00e9ster com rede. Ideal para uso urbano. Possibilidade de personaliza\u00e7\u00e3o em bordado. Descubra nosso modelo b646.","da":"Justerbar bomuldspolyester casquette med net. Ideel til bybrug. Mulighed for personligg\u00f8relse i broderi. Udforsk vores model b646.","pl":"Regulowana czapka z cotonu i poliestru z sieci\u0105. Idealna do u\u017cytku miejskiego. Mo\u017cliwo\u015b\u0107 personalizacji hakenem. Odkryj nasz model b646."}}},"categories":[{"id":15,"name":"Casquettes","singular":"Casquette","is_feminin":true},{"id":354,"name":"Textile","singular":"Textile","is_feminin":false},{"id":501,"name":"Casquettes et bonnets","singular":"Casquette et bonnet","is_feminin":false}],"certifications":[{"id":20,"label":"Amfori BSCI","logo_link":"\/images\/certifications\/20_Amfori_BSCI.jpg","is_marking_compatible":false}],"videos":{"fr":[],"en":[],"de":[],"nl":[],"es":[],"it":[],"sv":[],"pt":[],"da":[],"pl":[]},"main_images":{"miniature":"https:\/\/media.th4.com\/nfoMwfn6HqKIQ09kgRH_knRjTJMfK6PTAXLvSrwPFCg\/pr:80\/aHR0cDovL21lZGlhMi5kZXNpZ25wYXJ0bmVyLmZyL2MvcC1NVC8xNjY4MC5qcGc?v=1706524529","medium":"https:\/\/media.th4.com\/xdyhuSs5mQYvpjJ-IRWfujoj1-3EABBo6Ri0cmpikXY\/pr:550x550greybg\/aHR0cDovL21lZGlhMi5kZXNpZ25wYXJ0bmVyLmZyL2MvcC1NVC8xNjY4MC5qcGc?v=1706524529","medium_large":"https:\/\/media.th4.com\/AzfSyxrkkArmpIuCs53BzmsIT93HWQhEo_NzGQBQVHA\/pr:1000x1000greybg\/aHR0cDovL21lZGlhMi5kZXNpZ25wYXJ0bmVyLmZyL2MvcC1NVC8xNjY4MC5qcGc?v=1706524529","large":"https:\/\/media.th4.com\/31y8ZlPg0Q-bsT5vybFVeEBh9kmmghUg5BhJ4qvHyDM\/pr:1920greybg\/aHR0cDovL21lZGlhMi5kZXNpZ25wYXJ0bmVyLmZyL2MvcC1NVC8xNjY4MC5qcGc?v=1706524529","opengraph":"https:\/\/media.th4.com\/h51XQ-Vxsoz9o8BmN9XY1a2CzvMlgSYNp7w6V0XVezA\/pr:1200x630greybg\/aHR0cDovL21lZGlhMi5kZXNpZ25wYXJ0bmVyLmZyL2MvcC1NVC8xNjY4MC5qcGc?v=1706524529"},"main_images_customization":{"miniature":"https:\/\/media.th4.com\/nfoMwfn6HqKIQ09kgRH_knRjTJMfK6PTAXLvSrwPFCg\/pr:80\/aHR0cDovL21lZGlhMi5kZXNpZ25wYXJ0bmVyLmZyL2MvcC1NVC8xNjY4MC5qcGc?v=1706524529","medium":"https:\/\/media.th4.com\/xdyhuSs5mQYvpjJ-IRWfujoj1-3EABBo6Ri0cmpikXY\/pr:550x550greybg\/aHR0cDovL21lZGlhMi5kZXNpZ25wYXJ0bmVyLmZyL2MvcC1NVC8xNjY4MC5qcGc?v=1706524529","medium_large":"https:\/\/media.th4.com\/AzfSyxrkkArmpIuCs53BzmsIT93HWQhEo_NzGQBQVHA\/pr:1000x1000greybg\/aHR0cDovL21lZGlhMi5kZXNpZ25wYXJ0bmVyLmZyL2MvcC1NVC8xNjY4MC5qcGc?v=1706524529","large":"https:\/\/media.th4.com\/31y8ZlPg0Q-bsT5vybFVeEBh9kmmghUg5BhJ4qvHyDM\/pr:1920greybg\/aHR0cDovL21lZGlhMi5kZXNpZ25wYXJ0bmVyLmZyL2MvcC1NVC8xNjY4MC5qcGc?v=1706524529","opengraph":"https:\/\/media.th4.com\/h51XQ-Vxsoz9o8BmN9XY1a2CzvMlgSYNp7w6V0XVezA\/pr:1200x630greybg\/aHR0cDovL21lZGlhMi5kZXNpZ25wYXJ0bmVyLmZyL2MvcC1NVC8xNjY4MC5qcGc?v=1706524529"},"page_links":{"fr":"\/fr\/p-be-b646-casquette-filet-urbaine-b646-16680\/","en":"\/en\/p-be-b646-urban-mesh-cap-b646-16680\/","de":"\/de\/p-be-b646-stadtische-netzcap-b646-16680\/","nl":"\/nl\/p-be-b646-urban-net-cap-b646-16680\/","es":"\/es\/p-be-b646-gorra-de-red-urbana-b646-16680\/","it":"\/it\/p-be-b646-cappello-a-rete-urbano-b646-16680\/","sv":"\/sv\/p-be-b646-urban-natta-keps-b646-16680\/","pt":"\/pt\/p-be-b646-bone-de-rede-urbana-b646-16680\/","da":"\/da\/p-be-b646-byggestue-by-filet-b646-16680\/","pl":"\/pl\/p-be-b646-urbaniczna-czapka-siatkowa-b646-16680\/"},"page_links_customization":{"fr":"\/fr\/p-be-b646-casquette-filet-urbaine-b646-personnalisation-16680\/custom\/","en":"\/en\/p-be-b646-urban-mesh-cap-b646-customization-16680\/custom\/","de":"\/de\/p-be-b646-urban-netz-cap-b646-personalisierung-16680\/custom\/","nl":"\/nl\/p-be-b646-urban-net-cap-b646-personalisatie-16680\/custom\/","es":"\/es\/p-be-b646-gorra-de-malla-urbana-b646-personalizacion-16680\/custom\/","it":"\/it\/p-be-b646-cappello-a-rete-urbano-b646-personalizzazione-16680\/custom\/","sv":"\/sv\/p-be-b646-urban-natkeps-b646-personliggoring-16680\/custom\/","pt":"\/pt\/p-be-b646-bone-de-rede-urbana-b646-personalizacao-16680\/custom\/","da":"\/da\/p-be-b646-bycasquette-b646-personalisering-16680\/custom\/","pl":"\/pl\/p-be-b646-urban-cap-sieciowa-b646-personalizacja-16680\/custom\/"},"equivalent_products":[],"colors":[{"id":653,"name":"black","class_ids":[4],"codes_hexa":["1a1a18"],"delai_24":false,"has_3d":false,"seuil_global":0,"stock_local":0,"stock_global":4852,"on_standby":false,"in_catalog":true,"images":{"miniature":["https:\/\/media.th4.com\/BZ5p02mPwdkA89SVek5Xsr-ue5v3hvZczkdPFmNrfq4\/pr:80\/aHR0cDovL21lZGlhMi5kZXNpZ25wYXJ0bmVyLmZyL2MvcC8xNjY4MC8xNjY4MC02NTMtMS5qcGc?v=1706523851"],"medium":["https:\/\/media.th4.com\/zNXJz2ijJC_cYFt2wwIV9Uh6fer90S1sW0rdnMn8b8Y\/pr:550x550\/aHR0cDovL21lZGlhMi5kZXNpZ25wYXJ0bmVyLmZyL2MvcC8xNjY4MC8xNjY4MC02NTMtMS5qcGc?v=1706523851"],"medium_large":["https:\/\/media.th4.com\/bVdtcUIivnf-GbgAdydMIcHrbLAjcDxziRnU-uoAo6w\/pr:1000x1000\/aHR0cDovL21lZGlhMi5kZXNpZ25wYXJ0bmVyLmZyL2MvcC8xNjY4MC8xNjY4MC02NTMtMS5qcGc?v=1706523851"],"large":["https:\/\/media.th4.com\/vGuGnNyxDTgnXgy3i60lHPu4N6ZQr7EJEMg9FrbpK3o\/pr:1920\/aHR0cDovL21lZGlhMi5kZXNpZ25wYXJ0bmVyLmZyL2MvcC8xNjY4MC8xNjY4MC02NTMtMS5qcGc?v=1706523851"],"opengraph":["https:\/\/media.th4.com\/99ejNGHyHSkZWI62zJ1-TPud26p3yK0489Fgn5YGZro\/pr:1200x630\/aHR0cDovL21lZGlhMi5kZXNpZ25wYXJ0bmVyLmZyL2MvcC8xNjY4MC8xNjY4MC02NTMtMS5qcGc?v=1706523851"]},"images_customization":{"miniature":["https:\/\/media.th4.com\/BZ5p02mPwdkA89SVek5Xsr-ue5v3hvZczkdPFmNrfq4\/pr:80\/aHR0cDovL21lZGlhMi5kZXNpZ25wYXJ0bmVyLmZyL2MvcC8xNjY4MC8xNjY4MC02NTMtMS5qcGc?v=1706523851"],"medium":["https:\/\/media.th4.com\/zNXJz2ijJC_cYFt2wwIV9Uh6fer90S1sW0rdnMn8b8Y\/pr:550x550\/aHR0cDovL21lZGlhMi5kZXNpZ25wYXJ0bmVyLmZyL2MvcC8xNjY4MC8xNjY4MC02NTMtMS5qcGc?v=1706523851"],"medium_large":["https:\/\/media.th4.com\/bVdtcUIivnf-GbgAdydMIcHrbLAjcDxziRnU-uoAo6w\/pr:1000x1000\/aHR0cDovL21lZGlhMi5kZXNpZ25wYXJ0bmVyLmZyL2MvcC8xNjY4MC8xNjY4MC02NTMtMS5qcGc?v=1706523851"],"large":["https:\/\/media.th4.com\/vGuGnNyxDTgnXgy3i60lHPu4N6ZQr7EJEMg9FrbpK3o\/pr:1920\/aHR0cDovL21lZGlhMi5kZXNpZ25wYXJ0bmVyLmZyL2MvcC8xNjY4MC8xNjY4MC02NTMtMS5qcGc?v=1706523851"],"opengraph":["https:\/\/media.th4.com\/99ejNGHyHSkZWI62zJ1-TPud26p3yK0489Fgn5YGZro\/pr:1200x630\/aHR0cDovL21lZGlhMi5kZXNpZ25wYXJ0bmVyLmZyL2MvcC8xNjY4MC8xNjY4MC02NTMtMS5qcGc?v=1706523851"]},"country_origin":"CN","traceability":{"manufacturing_country_id":61,"weaving_country_id":61,"dyeing_country_id":61},"sizes":[{"id":42,"article_id":409447,"class_id":19,"name":"taille_unique","on_standby":false,"stock_local":0,"stock_global":4852,"multiple":1,"estimated_date_reassort":null,"is_destocking":false}],"page_links":{"fr":"\/fr\/p-be-b646-casquette-filet-urbaine-b646-16680\/black-653\/","en":"\/en\/p-be-b646-urban-mesh-cap-b646-16680\/black-653\/","de":"\/de\/p-be-b646-stadtische-netzcap-b646-16680\/black-653\/","nl":"\/nl\/p-be-b646-urban-net-cap-b646-16680\/black-653\/","es":"\/es\/p-be-b646-gorra-de-red-urbana-b646-16680\/black-653\/","it":"\/it\/p-be-b646-cappello-a-rete-urbano-b646-16680\/black-653\/","sv":"\/sv\/p-be-b646-urban-natta-keps-b646-16680\/black-653\/","pt":"\/pt\/p-be-b646-bone-de-rede-urbana-b646-16680\/black-653\/","da":"\/da\/p-be-b646-byggestue-by-filet-b646-16680\/black-653\/","pl":"\/pl\/p-be-b646-urbaniczna-czapka-siatkowa-b646-16680\/black-653\/"},"page_links_customization":{"fr":"\/fr\/p-be-b646-casquette-filet-urbaine-b646-personnalisation-16680\/black-653\/custom\/","en":"\/en\/p-be-b646-urban-mesh-cap-b646-customization-16680\/black-653\/custom\/","de":"\/de\/p-be-b646-urban-netz-cap-b646-personalisierung-16680\/black-653\/custom\/","nl":"\/nl\/p-be-b646-urban-net-cap-b646-personalisatie-16680\/black-653\/custom\/","es":"\/es\/p-be-b646-gorra-de-malla-urbana-b646-personalizacion-16680\/black-653\/custom\/","it":"\/it\/p-be-b646-cappello-a-rete-urbano-b646-personalizzazione-16680\/black-653\/custom\/","sv":"\/sv\/p-be-b646-urban-natkeps-b646-personliggoring-16680\/black-653\/custom\/","pt":"\/pt\/p-be-b646-bone-de-rede-urbana-b646-personalizacao-16680\/black-653\/custom\/","da":"\/da\/p-be-b646-bycasquette-b646-personalisering-16680\/black-653\/custom\/","pl":"\/pl\/p-be-b646-urban-cap-sieciowa-b646-personalizacja-16680\/black-653\/custom\/"}},{"id":115,"name":"navy","class_ids":[2],"codes_hexa":["19286b"],"delai_24":false,"has_3d":false,"seuil_global":0,"stock_local":0,"stock_global":1864,"on_standby":false,"in_catalog":true,"images":{"miniature":["https:\/\/media.th4.com\/U92G-gHsss5kvgMSmhrZxXXlMasc_cFjjgZ1WNThizo\/pr:80\/aHR0cDovL21lZGlhMi5kZXNpZ25wYXJ0bmVyLmZyL2MvcC8xNjY4MC8xNjY4MC0xMTUtMS5qcGc?v=1706523854"],"medium":["https:\/\/media.th4.com\/tHs-mIWpGRvGCq6DDpI6RfkyKBwHbfbpLRq70FUxvhE\/pr:550x550\/aHR0cDovL21lZGlhMi5kZXNpZ25wYXJ0bmVyLmZyL2MvcC8xNjY4MC8xNjY4MC0xMTUtMS5qcGc?v=1706523854"],"medium_large":["https:\/\/media.th4.com\/K4nyjOghyr7CEbr2ZC-XuD3AWMVscIfpDUkn51uPiDI\/pr:1000x1000\/aHR0cDovL21lZGlhMi5kZXNpZ25wYXJ0bmVyLmZyL2MvcC8xNjY4MC8xNjY4MC0xMTUtMS5qcGc?v=1706523854"],"large":["https:\/\/media.th4.com\/ZbtxFl1l-nJAQV_IAXhI_8G8aMlWYhxHrBobgX0Hq-o\/pr:1920\/aHR0cDovL21lZGlhMi5kZXNpZ25wYXJ0bmVyLmZyL2MvcC8xNjY4MC8xNjY4MC0xMTUtMS5qcGc?v=1706523854"],"opengraph":["https:\/\/media.th4.com\/0CBo0RNzevrQTVWh5A40BT_hc--_vcyE39iYHX3aCG0\/pr:1200x630\/aHR0cDovL21lZGlhMi5kZXNpZ25wYXJ0bmVyLmZyL2MvcC8xNjY4MC8xNjY4MC0xMTUtMS5qcGc?v=1706523854"]},"images_customization":{"miniature":["https:\/\/media.th4.com\/U92G-gHsss5kvgMSmhrZxXXlMasc_cFjjgZ1WNThizo\/pr:80\/aHR0cDovL21lZGlhMi5kZXNpZ25wYXJ0bmVyLmZyL2MvcC8xNjY4MC8xNjY4MC0xMTUtMS5qcGc?v=1706523854"],"medium":["https:\/\/media.th4.com\/tHs-mIWpGRvGCq6DDpI6RfkyKBwHbfbpLRq70FUxvhE\/pr:550x550\/aHR0cDovL21lZGlhMi5kZXNpZ25wYXJ0bmVyLmZyL2MvcC8xNjY4MC8xNjY4MC0xMTUtMS5qcGc?v=1706523854"],"medium_large":["https:\/\/media.th4.com\/K4nyjOghyr7CEbr2ZC-XuD3AWMVscIfpDUkn51uPiDI\/pr:1000x1000\/aHR0cDovL21lZGlhMi5kZXNpZ25wYXJ0bmVyLmZyL2MvcC8xNjY4MC8xNjY4MC0xMTUtMS5qcGc?v=1706523854"],"large":["https:\/\/media.th4.com\/ZbtxFl1l-nJAQV_IAXhI_8G8aMlWYhxHrBobgX0Hq-o\/pr:1920\/aHR0cDovL21lZGlhMi5kZXNpZ25wYXJ0bmVyLmZyL2MvcC8xNjY4MC8xNjY4MC0xMTUtMS5qcGc?v=1706523854"],"opengraph":["https:\/\/media.th4.com\/0CBo0RNzevrQTVWh5A40BT_hc--_vcyE39iYHX3aCG0\/pr:1200x630\/aHR0cDovL21lZGlhMi5kZXNpZ25wYXJ0bmVyLmZyL2MvcC8xNjY4MC8xNjY4MC0xMTUtMS5qcGc?v=1706523854"]},"country_origin":"CN","traceability":{"manufacturing_country_id":61,"weaving_country_id":61,"dyeing_country_id":61},"sizes":[{"id":42,"article_id":409442,"class_id":19,"name":"taille_unique","on_standby":false,"stock_local":0,"stock_global":1864,"multiple":1,"estimated_date_reassort":null,"is_destocking":false}],"page_links":{"fr":"\/fr\/p-be-b646-casquette-filet-urbaine-b646-16680\/navy-115\/","en":"\/en\/p-be-b646-urban-mesh-cap-b646-16680\/navy-115\/","de":"\/de\/p-be-b646-stadtische-netzcap-b646-16680\/navy-115\/","nl":"\/nl\/p-be-b646-urban-net-cap-b646-16680\/navy-115\/","es":"\/es\/p-be-b646-gorra-de-red-urbana-b646-16680\/navy-115\/","it":"\/it\/p-be-b646-cappello-a-rete-urbano-b646-16680\/navy-115\/","sv":"\/sv\/p-be-b646-urban-natta-keps-b646-16680\/navy-115\/","pt":"\/pt\/p-be-b646-bone-de-rede-urbana-b646-16680\/navy-115\/","da":"\/da\/p-be-b646-byggestue-by-filet-b646-16680\/navy-115\/","pl":"\/pl\/p-be-b646-urbaniczna-czapka-siatkowa-b646-16680\/navy-115\/"},"page_links_customization":{"fr":"\/fr\/p-be-b646-casquette-filet-urbaine-b646-personnalisation-16680\/navy-115\/custom\/","en":"\/en\/p-be-b646-urban-mesh-cap-b646-customization-16680\/navy-115\/custom\/","de":"\/de\/p-be-b646-urban-netz-cap-b646-personalisierung-16680\/navy-115\/custom\/","nl":"\/nl\/p-be-b646-urban-net-cap-b646-personalisatie-16680\/navy-115\/custom\/","es":"\/es\/p-be-b646-gorra-de-malla-urbana-b646-personalizacion-16680\/navy-115\/custom\/","it":"\/it\/p-be-b646-cappello-a-rete-urbano-b646-personalizzazione-16680\/navy-115\/custom\/","sv":"\/sv\/p-be-b646-urban-natkeps-b646-personliggoring-16680\/navy-115\/custom\/","pt":"\/pt\/p-be-b646-bone-de-rede-urbana-b646-personalizacao-16680\/navy-115\/custom\/","da":"\/da\/p-be-b646-bycasquette-b646-personalisering-16680\/navy-115\/custom\/","pl":"\/pl\/p-be-b646-urban-cap-sieciowa-b646-personalizacja-16680\/navy-115\/custom\/"}},{"id":18781,"name":"warm_sand","class_ids":[8],"codes_hexa":["beb098"],"delai_24":false,"has_3d":false,"seuil_global":0,"stock_local":0,"stock_global":1679,"on_standby":false,"in_catalog":true,"images":{"miniature":["https:\/\/media.th4.com\/0VBV_OB8ads96TM_JHfhseAuyi0GDOVQdBEGj-TPj48\/pr:80\/aHR0cDovL21lZGlhMi5kZXNpZ25wYXJ0bmVyLmZyL2MvcC8xNjY4MC8xNjY4MC0xODc4MS0xLmpwZw?v=1706523856"],"medium":["https:\/\/media.th4.com\/eqHThjivV1Wr-jPqmjJBA66KC23QTc27_BnGois_nOM\/pr:550x550\/aHR0cDovL21lZGlhMi5kZXNpZ25wYXJ0bmVyLmZyL2MvcC8xNjY4MC8xNjY4MC0xODc4MS0xLmpwZw?v=1706523856"],"medium_large":["https:\/\/media.th4.com\/8hY6tdpYWp5pc9fWFdaeXODuZ1mdLlbb2ZH635Sf5Ig\/pr:1000x1000\/aHR0cDovL21lZGlhMi5kZXNpZ25wYXJ0bmVyLmZyL2MvcC8xNjY4MC8xNjY4MC0xODc4MS0xLmpwZw?v=1706523856"],"large":["https:\/\/media.th4.com\/30zDrMMlPjydPyHVpwK9oaPnTx6_TwzCnZUzC_kOiJg\/pr:1920\/aHR0cDovL21lZGlhMi5kZXNpZ25wYXJ0bmVyLmZyL2MvcC8xNjY4MC8xNjY4MC0xODc4MS0xLmpwZw?v=1706523856"],"opengraph":["https:\/\/media.th4.com\/P_bK-93O8ajQdfDWadRrVlO0up0VGQlIyjfyifwARRo\/pr:1200x630\/aHR0cDovL21lZGlhMi5kZXNpZ25wYXJ0bmVyLmZyL2MvcC8xNjY4MC8xNjY4MC0xODc4MS0xLmpwZw?v=1706523856"]},"images_customization":{"miniature":["https:\/\/media.th4.com\/0VBV_OB8ads96TM_JHfhseAuyi0GDOVQdBEGj-TPj48\/pr:80\/aHR0cDovL21lZGlhMi5kZXNpZ25wYXJ0bmVyLmZyL2MvcC8xNjY4MC8xNjY4MC0xODc4MS0xLmpwZw?v=1706523856"],"medium":["https:\/\/media.th4.com\/eqHThjivV1Wr-jPqmjJBA66KC23QTc27_BnGois_nOM\/pr:550x550\/aHR0cDovL21lZGlhMi5kZXNpZ25wYXJ0bmVyLmZyL2MvcC8xNjY4MC8xNjY4MC0xODc4MS0xLmpwZw?v=1706523856"],"medium_large":["https:\/\/media.th4.com\/8hY6tdpYWp5pc9fWFdaeXODuZ1mdLlbb2ZH635Sf5Ig\/pr:1000x1000\/aHR0cDovL21lZGlhMi5kZXNpZ25wYXJ0bmVyLmZyL2MvcC8xNjY4MC8xNjY4MC0xODc4MS0xLmpwZw?v=1706523856"],"large":["https:\/\/media.th4.com\/30zDrMMlPjydPyHVpwK9oaPnTx6_TwzCnZUzC_kOiJg\/pr:1920\/aHR0cDovL21lZGlhMi5kZXNpZ25wYXJ0bmVyLmZyL2MvcC8xNjY4MC8xNjY4MC0xODc4MS0xLmpwZw?v=1706523856"],"opengraph":["https:\/\/media.th4.com\/P_bK-93O8ajQdfDWadRrVlO0up0VGQlIyjfyifwARRo\/pr:1200x630\/aHR0cDovL21lZGlhMi5kZXNpZ25wYXJ0bmVyLmZyL2MvcC8xNjY4MC8xNjY4MC0xODc4MS0xLmpwZw?v=1706523856"]},"country_origin":"CN","traceability":{"manufacturing_country_id":61,"weaving_country_id":61,"dyeing_country_id":61},"sizes":[{"id":42,"article_id":409451,"class_id":19,"name":"taille_unique","on_standby":false,"stock_local":1,"stock_global":1679,"multiple":1,"estimated_date_reassort":null,"is_destocking":true}],"page_links":{"fr":"\/fr\/p-be-b646-casquette-filet-urbaine-b646-16680\/warm-sand-18781\/","en":"\/en\/p-be-b646-urban-mesh-cap-b646-16680\/warm-sand-18781\/","de":"\/de\/p-be-b646-stadtische-netzcap-b646-16680\/warm-sand-18781\/","nl":"\/nl\/p-be-b646-urban-net-cap-b646-16680\/warm-sand-18781\/","es":"\/es\/p-be-b646-gorra-de-red-urbana-b646-16680\/warm-sand-18781\/","it":"\/it\/p-be-b646-cappello-a-rete-urbano-b646-16680\/warm-sand-18781\/","sv":"\/sv\/p-be-b646-urban-natta-keps-b646-16680\/warm-sand-18781\/","pt":"\/pt\/p-be-b646-bone-de-rede-urbana-b646-16680\/warm-sand-18781\/","da":"\/da\/p-be-b646-byggestue-by-filet-b646-16680\/warm-sand-18781\/","pl":"\/pl\/p-be-b646-urbaniczna-czapka-siatkowa-b646-16680\/warm-sand-18781\/"},"page_links_customization":{"fr":"\/fr\/p-be-b646-casquette-filet-urbaine-b646-personnalisation-16680\/warm-sand-18781\/custom\/","en":"\/en\/p-be-b646-urban-mesh-cap-b646-customization-16680\/warm-sand-18781\/custom\/","de":"\/de\/p-be-b646-urban-netz-cap-b646-personalisierung-16680\/warm-sand-18781\/custom\/","nl":"\/nl\/p-be-b646-urban-net-cap-b646-personalisatie-16680\/warm-sand-18781\/custom\/","es":"\/es\/p-be-b646-gorra-de-malla-urbana-b646-personalizacion-16680\/warm-sand-18781\/custom\/","it":"\/it\/p-be-b646-cappello-a-rete-urbano-b646-personalizzazione-16680\/warm-sand-18781\/custom\/","sv":"\/sv\/p-be-b646-urban-natkeps-b646-personliggoring-16680\/warm-sand-18781\/custom\/","pt":"\/pt\/p-be-b646-bone-de-rede-urbana-b646-personalizacao-16680\/warm-sand-18781\/custom\/","da":"\/da\/p-be-b646-bycasquette-b646-personalisering-16680\/warm-sand-18781\/custom\/","pl":"\/pl\/p-be-b646-urban-cap-sieciowa-b646-personalizacja-16680\/warm-sand-18781\/custom\/"}},{"id":119,"name":"olive_green","class_ids":[11],"codes_hexa":["605f43"],"delai_24":false,"has_3d":false,"seuil_global":0,"stock_local":0,"stock_global":1387,"on_standby":false,"in_catalog":true,"images":{"miniature":["https:\/\/media.th4.com\/GcNjrB8CtzR6GM0z8VCkvvwFy1tgdhz8I6jivTpbZqk\/pr:80\/aHR0cDovL21lZGlhMi5kZXNpZ25wYXJ0bmVyLmZyL2MvcC8xNjY4MC8xNjY4MC0xMTktMS5qcGc?v=1706523855"],"medium":["https:\/\/media.th4.com\/RJMm5BXMUxFupd1DGDe7bEu3FOo8_ngEseBFxyFfG88\/pr:550x550\/aHR0cDovL21lZGlhMi5kZXNpZ25wYXJ0bmVyLmZyL2MvcC8xNjY4MC8xNjY4MC0xMTktMS5qcGc?v=1706523855"],"medium_large":["https:\/\/media.th4.com\/uSY2f8AZmf58JOEnYEntSW83VNVnjwqtyeFOqRrOLnc\/pr:1000x1000\/aHR0cDovL21lZGlhMi5kZXNpZ25wYXJ0bmVyLmZyL2MvcC8xNjY4MC8xNjY4MC0xMTktMS5qcGc?v=1706523855"],"large":["https:\/\/media.th4.com\/87astwJgKw7lxhULVaJkHg8J-8WU_DE4jV-D8apgcL4\/pr:1920\/aHR0cDovL21lZGlhMi5kZXNpZ25wYXJ0bmVyLmZyL2MvcC8xNjY4MC8xNjY4MC0xMTktMS5qcGc?v=1706523855"],"opengraph":["https:\/\/media.th4.com\/0X_4BmY0N5l9SbJaSmvmLvDXPvYHWaIuwbueYva8l64\/pr:1200x630\/aHR0cDovL21lZGlhMi5kZXNpZ25wYXJ0bmVyLmZyL2MvcC8xNjY4MC8xNjY4MC0xMTktMS5qcGc?v=1706523855"]},"images_customization":{"miniature":["https:\/\/media.th4.com\/GcNjrB8CtzR6GM0z8VCkvvwFy1tgdhz8I6jivTpbZqk\/pr:80\/aHR0cDovL21lZGlhMi5kZXNpZ25wYXJ0bmVyLmZyL2MvcC8xNjY4MC8xNjY4MC0xMTktMS5qcGc?v=1706523855"],"medium":["https:\/\/media.th4.com\/RJMm5BXMUxFupd1DGDe7bEu3FOo8_ngEseBFxyFfG88\/pr:550x550\/aHR0cDovL21lZGlhMi5kZXNpZ25wYXJ0bmVyLmZyL2MvcC8xNjY4MC8xNjY4MC0xMTktMS5qcGc?v=1706523855"],"medium_large":["https:\/\/media.th4.com\/uSY2f8AZmf58JOEnYEntSW83VNVnjwqtyeFOqRrOLnc\/pr:1000x1000\/aHR0cDovL21lZGlhMi5kZXNpZ25wYXJ0bmVyLmZyL2MvcC8xNjY4MC8xNjY4MC0xMTktMS5qcGc?v=1706523855"],"large":["https:\/\/media.th4.com\/87astwJgKw7lxhULVaJkHg8J-8WU_DE4jV-D8apgcL4\/pr:1920\/aHR0cDovL21lZGlhMi5kZXNpZ25wYXJ0bmVyLmZyL2MvcC8xNjY4MC8xNjY4MC0xMTktMS5qcGc?v=1706523855"],"opengraph":["https:\/\/media.th4.com\/0X_4BmY0N5l9SbJaSmvmLvDXPvYHWaIuwbueYva8l64\/pr:1200x630\/aHR0cDovL21lZGlhMi5kZXNpZ25wYXJ0bmVyLmZyL2MvcC8xNjY4MC8xNjY4MC0xMTktMS5qcGc?v=1706523855"]},"country_origin":"CN","traceability":{"manufacturing_country_id":61,"weaving_country_id":61,"dyeing_country_id":61},"sizes":[{"id":42,"article_id":409446,"class_id":19,"name":"taille_unique","on_standby":false,"stock_local":0,"stock_global":1387,"multiple":1,"estimated_date_reassort":null,"is_destocking":false}],"page_links":{"fr":"\/fr\/p-be-b646-casquette-filet-urbaine-b646-16680\/olive-green-119\/","en":"\/en\/p-be-b646-urban-mesh-cap-b646-16680\/olive-green-119\/","de":"\/de\/p-be-b646-stadtische-netzcap-b646-16680\/olive-green-119\/","nl":"\/nl\/p-be-b646-urban-net-cap-b646-16680\/olive-green-119\/","es":"\/es\/p-be-b646-gorra-de-red-urbana-b646-16680\/olive-green-119\/","it":"\/it\/p-be-b646-cappello-a-rete-urbano-b646-16680\/olive-green-119\/","sv":"\/sv\/p-be-b646-urban-natta-keps-b646-16680\/olive-green-119\/","pt":"\/pt\/p-be-b646-bone-de-rede-urbana-b646-16680\/olive-green-119\/","da":"\/da\/p-be-b646-byggestue-by-filet-b646-16680\/olive-green-119\/","pl":"\/pl\/p-be-b646-urbaniczna-czapka-siatkowa-b646-16680\/olive-green-119\/"},"page_links_customization":{"fr":"\/fr\/p-be-b646-casquette-filet-urbaine-b646-personnalisation-16680\/olive-green-119\/custom\/","en":"\/en\/p-be-b646-urban-mesh-cap-b646-customization-16680\/olive-green-119\/custom\/","de":"\/de\/p-be-b646-urban-netz-cap-b646-personalisierung-16680\/olive-green-119\/custom\/","nl":"\/nl\/p-be-b646-urban-net-cap-b646-personalisatie-16680\/olive-green-119\/custom\/","es":"\/es\/p-be-b646-gorra-de-malla-urbana-b646-personalizacion-16680\/olive-green-119\/custom\/","it":"\/it\/p-be-b646-cappello-a-rete-urbano-b646-personalizzazione-16680\/olive-green-119\/custom\/","sv":"\/sv\/p-be-b646-urban-natkeps-b646-personliggoring-16680\/olive-green-119\/custom\/","pt":"\/pt\/p-be-b646-bone-de-rede-urbana-b646-personalizacao-16680\/olive-green-119\/custom\/","da":"\/da\/p-be-b646-bycasquette-b646-personalisering-16680\/olive-green-119\/custom\/","pl":"\/pl\/p-be-b646-urban-cap-sieciowa-b646-personalizacja-16680\/olive-green-119\/custom\/"}},{"id":166,"name":"navy\/white","class_ids":[2,1],"codes_hexa":["000C5B","FFFFFF"],"delai_24":false,"has_3d":false,"seuil_global":0,"stock_local":0,"stock_global":913,"on_standby":false,"in_catalog":true,"images":{"miniature":["https:\/\/media.th4.com\/s6CU_WFtMPFxWS0tSoqWx2rbf6OYcVEK4yGs0EJcb9M\/pr:80\/aHR0cDovL21lZGlhMi5kZXNpZ25wYXJ0bmVyLmZyL2MvcC8xNjY4MC8xNjY4MC0xNjYtMS5qcGc?v=1706523854"],"medium":["https:\/\/media.th4.com\/HQYpeZ7FTKU6PwRqXO_vRmO2FGyJGu8Kd54VoF7A1Qc\/pr:550x550\/aHR0cDovL21lZGlhMi5kZXNpZ25wYXJ0bmVyLmZyL2MvcC8xNjY4MC8xNjY4MC0xNjYtMS5qcGc?v=1706523854"],"medium_large":["https:\/\/media.th4.com\/xTVMZQX4lA-hVlLCABflkLjMRENunxAYxHeJRQIpFc0\/pr:1000x1000\/aHR0cDovL21lZGlhMi5kZXNpZ25wYXJ0bmVyLmZyL2MvcC8xNjY4MC8xNjY4MC0xNjYtMS5qcGc?v=1706523854"],"large":["https:\/\/media.th4.com\/JYeM6bvPO86CMrYjuo7jofNSeYavv9m-LU1gbgFmQJg\/pr:1920\/aHR0cDovL21lZGlhMi5kZXNpZ25wYXJ0bmVyLmZyL2MvcC8xNjY4MC8xNjY4MC0xNjYtMS5qcGc?v=1706523854"],"opengraph":["https:\/\/media.th4.com\/cOXagDM9d3woQCxcZbZd8ABINYwfTfezl3lLFSSNHsQ\/pr:1200x630\/aHR0cDovL21lZGlhMi5kZXNpZ25wYXJ0bmVyLmZyL2MvcC8xNjY4MC8xNjY4MC0xNjYtMS5qcGc?v=1706523854"]},"images_customization":{"miniature":["https:\/\/media.th4.com\/s6CU_WFtMPFxWS0tSoqWx2rbf6OYcVEK4yGs0EJcb9M\/pr:80\/aHR0cDovL21lZGlhMi5kZXNpZ25wYXJ0bmVyLmZyL2MvcC8xNjY4MC8xNjY4MC0xNjYtMS5qcGc?v=1706523854"],"medium":["https:\/\/media.th4.com\/HQYpeZ7FTKU6PwRqXO_vRmO2FGyJGu8Kd54VoF7A1Qc\/pr:550x550\/aHR0cDovL21lZGlhMi5kZXNpZ25wYXJ0bmVyLmZyL2MvcC8xNjY4MC8xNjY4MC0xNjYtMS5qcGc?v=1706523854"],"medium_large":["https:\/\/media.th4.com\/xTVMZQX4lA-hVlLCABflkLjMRENunxAYxHeJRQIpFc0\/pr:1000x1000\/aHR0cDovL21lZGlhMi5kZXNpZ25wYXJ0bmVyLmZyL2MvcC8xNjY4MC8xNjY4MC0xNjYtMS5qcGc?v=1706523854"],"large":["https:\/\/media.th4.com\/JYeM6bvPO86CMrYjuo7jofNSeYavv9m-LU1gbgFmQJg\/pr:1920\/aHR0cDovL21lZGlhMi5kZXNpZ25wYXJ0bmVyLmZyL2MvcC8xNjY4MC8xNjY4MC0xNjYtMS5qcGc?v=1706523854"],"opengraph":["https:\/\/media.th4.com\/cOXagDM9d3woQCxcZbZd8ABINYwfTfezl3lLFSSNHsQ\/pr:1200x630\/aHR0cDovL21lZGlhMi5kZXNpZ25wYXJ0bmVyLmZyL2MvcC8xNjY4MC8xNjY4MC0xNjYtMS5qcGc?v=1706523854"]},"country_origin":"CN","traceability":{"manufacturing_country_id":61,"weaving_country_id":61,"dyeing_country_id":61},"sizes":[{"id":42,"article_id":409445,"class_id":19,"name":"taille_unique","on_standby":false,"stock_local":0,"stock_global":913,"multiple":1,"estimated_date_reassort":null,"is_destocking":false}],"page_links":{"fr":"\/fr\/p-be-b646-casquette-filet-urbaine-b646-16680\/navy-white-166\/","en":"\/en\/p-be-b646-urban-mesh-cap-b646-16680\/navy-white-166\/","de":"\/de\/p-be-b646-stadtische-netzcap-b646-16680\/navy-white-166\/","nl":"\/nl\/p-be-b646-urban-net-cap-b646-16680\/navy-white-166\/","es":"\/es\/p-be-b646-gorra-de-red-urbana-b646-16680\/navy-white-166\/","it":"\/it\/p-be-b646-cappello-a-rete-urbano-b646-16680\/navy-white-166\/","sv":"\/sv\/p-be-b646-urban-natta-keps-b646-16680\/navy-white-166\/","pt":"\/pt\/p-be-b646-bone-de-rede-urbana-b646-16680\/navy-white-166\/","da":"\/da\/p-be-b646-byggestue-by-filet-b646-16680\/navy-white-166\/","pl":"\/pl\/p-be-b646-urbaniczna-czapka-siatkowa-b646-16680\/navy-white-166\/"},"page_links_customization":{"fr":"\/fr\/p-be-b646-casquette-filet-urbaine-b646-personnalisation-16680\/navy-white-166\/custom\/","en":"\/en\/p-be-b646-urban-mesh-cap-b646-customization-16680\/navy-white-166\/custom\/","de":"\/de\/p-be-b646-urban-netz-cap-b646-personalisierung-16680\/navy-white-166\/custom\/","nl":"\/nl\/p-be-b646-urban-net-cap-b646-personalisatie-16680\/navy-white-166\/custom\/","es":"\/es\/p-be-b646-gorra-de-malla-urbana-b646-personalizacion-16680\/navy-white-166\/custom\/","it":"\/it\/p-be-b646-cappello-a-rete-urbano-b646-personalizzazione-16680\/navy-white-166\/custom\/","sv":"\/sv\/p-be-b646-urban-natkeps-b646-personliggoring-16680\/navy-white-166\/custom\/","pt":"\/pt\/p-be-b646-bone-de-rede-urbana-b646-personalizacao-16680\/navy-white-166\/custom\/","da":"\/da\/p-be-b646-bycasquette-b646-personalisering-16680\/navy-white-166\/custom\/","pl":"\/pl\/p-be-b646-urban-cap-sieciowa-b646-personalizacja-16680\/navy-white-166\/custom\/"}},{"id":758,"name":"graphite grey","class_ids":[3],"codes_hexa":["5e5e5c"],"delai_24":false,"has_3d":false,"seuil_global":0,"stock_local":0,"stock_global":809,"on_standby":false,"in_catalog":true,"images":{"miniature":["https:\/\/media.th4.com\/3_Jmp37BOr_9nLQRBIoTe6_3-CkPN_ajq6FRZna2jKk\/pr:80\/aHR0cDovL21lZGlhMi5kZXNpZ25wYXJ0bmVyLmZyL2MvcC8xNjY4MC8xNjY4MC03NTgtMS5qcGc?v=1706523852"],"medium":["https:\/\/media.th4.com\/QWB9idmFHhy378hWvS4iFi6Qt1zWneMPokJpgN6os3Y\/pr:550x550\/aHR0cDovL21lZGlhMi5kZXNpZ25wYXJ0bmVyLmZyL2MvcC8xNjY4MC8xNjY4MC03NTgtMS5qcGc?v=1706523852"],"medium_large":["https:\/\/media.th4.com\/Y0jjPVurDTEmTri37ElM8TZJCRfFqfh0ll8GckynuxE\/pr:1000x1000\/aHR0cDovL21lZGlhMi5kZXNpZ25wYXJ0bmVyLmZyL2MvcC8xNjY4MC8xNjY4MC03NTgtMS5qcGc?v=1706523852"],"large":["https:\/\/media.th4.com\/_qa4Z4WQzwLTwOBIVccWZFul1gubq5I8FvEE5sZBpQ0\/pr:1920\/aHR0cDovL21lZGlhMi5kZXNpZ25wYXJ0bmVyLmZyL2MvcC8xNjY4MC8xNjY4MC03NTgtMS5qcGc?v=1706523852"],"opengraph":["https:\/\/media.th4.com\/geHDgfyAi6GSgYIR-XscRvDShDxPfY-SFbN3Atn4BDo\/pr:1200x630\/aHR0cDovL21lZGlhMi5kZXNpZ25wYXJ0bmVyLmZyL2MvcC8xNjY4MC8xNjY4MC03NTgtMS5qcGc?v=1706523852"]},"images_customization":{"miniature":["https:\/\/media.th4.com\/3_Jmp37BOr_9nLQRBIoTe6_3-CkPN_ajq6FRZna2jKk\/pr:80\/aHR0cDovL21lZGlhMi5kZXNpZ25wYXJ0bmVyLmZyL2MvcC8xNjY4MC8xNjY4MC03NTgtMS5qcGc?v=1706523852"],"medium":["https:\/\/media.th4.com\/QWB9idmFHhy378hWvS4iFi6Qt1zWneMPokJpgN6os3Y\/pr:550x550\/aHR0cDovL21lZGlhMi5kZXNpZ25wYXJ0bmVyLmZyL2MvcC8xNjY4MC8xNjY4MC03NTgtMS5qcGc?v=1706523852"],"medium_large":["https:\/\/media.th4.com\/Y0jjPVurDTEmTri37ElM8TZJCRfFqfh0ll8GckynuxE\/pr:1000x1000\/aHR0cDovL21lZGlhMi5kZXNpZ25wYXJ0bmVyLmZyL2MvcC8xNjY4MC8xNjY4MC03NTgtMS5qcGc?v=1706523852"],"large":["https:\/\/media.th4.com\/_qa4Z4WQzwLTwOBIVccWZFul1gubq5I8FvEE5sZBpQ0\/pr:1920\/aHR0cDovL21lZGlhMi5kZXNpZ25wYXJ0bmVyLmZyL2MvcC8xNjY4MC8xNjY4MC03NTgtMS5qcGc?v=1706523852"],"opengraph":["https:\/\/media.th4.com\/geHDgfyAi6GSgYIR-XscRvDShDxPfY-SFbN3Atn4BDo\/pr:1200x630\/aHR0cDovL21lZGlhMi5kZXNpZ25wYXJ0bmVyLmZyL2MvcC8xNjY4MC8xNjY4MC03NTgtMS5qcGc?v=1706523852"]},"country_origin":"CN","traceability":{"manufacturing_country_id":61,"weaving_country_id":61,"dyeing_country_id":61},"sizes":[{"id":42,"article_id":409449,"class_id":19,"name":"taille_unique","on_standby":false,"stock_local":0,"stock_global":809,"multiple":1,"estimated_date_reassort":null,"is_destocking":false}],"page_links":{"fr":"\/fr\/p-be-b646-casquette-filet-urbaine-b646-16680\/graphite-grey-758\/","en":"\/en\/p-be-b646-urban-mesh-cap-b646-16680\/graphite-grey-758\/","de":"\/de\/p-be-b646-stadtische-netzcap-b646-16680\/graphite-grey-758\/","nl":"\/nl\/p-be-b646-urban-net-cap-b646-16680\/graphite-grey-758\/","es":"\/es\/p-be-b646-gorra-de-red-urbana-b646-16680\/graphite-grey-758\/","it":"\/it\/p-be-b646-cappello-a-rete-urbano-b646-16680\/graphite-grey-758\/","sv":"\/sv\/p-be-b646-urban-natta-keps-b646-16680\/graphite-grey-758\/","pt":"\/pt\/p-be-b646-bone-de-rede-urbana-b646-16680\/graphite-grey-758\/","da":"\/da\/p-be-b646-byggestue-by-filet-b646-16680\/graphite-grey-758\/","pl":"\/pl\/p-be-b646-urbaniczna-czapka-siatkowa-b646-16680\/graphite-grey-758\/"},"page_links_customization":{"fr":"\/fr\/p-be-b646-casquette-filet-urbaine-b646-personnalisation-16680\/graphite-grey-758\/custom\/","en":"\/en\/p-be-b646-urban-mesh-cap-b646-customization-16680\/graphite-grey-758\/custom\/","de":"\/de\/p-be-b646-urban-netz-cap-b646-personalisierung-16680\/graphite-grey-758\/custom\/","nl":"\/nl\/p-be-b646-urban-net-cap-b646-personalisatie-16680\/graphite-grey-758\/custom\/","es":"\/es\/p-be-b646-gorra-de-malla-urbana-b646-personalizacion-16680\/graphite-grey-758\/custom\/","it":"\/it\/p-be-b646-cappello-a-rete-urbano-b646-personalizzazione-16680\/graphite-grey-758\/custom\/","sv":"\/sv\/p-be-b646-urban-natkeps-b646-personliggoring-16680\/graphite-grey-758\/custom\/","pt":"\/pt\/p-be-b646-bone-de-rede-urbana-b646-personalizacao-16680\/graphite-grey-758\/custom\/","da":"\/da\/p-be-b646-bycasquette-b646-personalisering-16680\/graphite-grey-758\/custom\/","pl":"\/pl\/p-be-b646-urban-cap-sieciowa-b646-personalizacja-16680\/graphite-grey-758\/custom\/"}},{"id":168,"name":"black\/white","class_ids":[4,1],"codes_hexa":["1a1a18","fffffd"],"delai_24":false,"has_3d":false,"seuil_global":0,"stock_local":0,"stock_global":29,"on_standby":false,"in_catalog":true,"images":{"miniature":["https:\/\/media.th4.com\/DLe-lFQsDk3F-Xd2r_ocaeS-bhfHM4GKZtfQKqvpgV4\/pr:80\/aHR0cDovL21lZGlhMi5kZXNpZ25wYXJ0bmVyLmZyL2MvcC8xNjY4MC8xNjY4MC0xNjgtMS5qcGc?v=1706523851"],"medium":["https:\/\/media.th4.com\/9tcQYe3aGF89t8bKXQkRA8L2-DC9Exd9i345QBOr79k\/pr:550x550\/aHR0cDovL21lZGlhMi5kZXNpZ25wYXJ0bmVyLmZyL2MvcC8xNjY4MC8xNjY4MC0xNjgtMS5qcGc?v=1706523851"],"medium_large":["https:\/\/media.th4.com\/ucLWMn8Waf569RhgKzcPQHb1lmixUNDFCIawQUtvFeA\/pr:1000x1000\/aHR0cDovL21lZGlhMi5kZXNpZ25wYXJ0bmVyLmZyL2MvcC8xNjY4MC8xNjY4MC0xNjgtMS5qcGc?v=1706523851"],"large":["https:\/\/media.th4.com\/LTdqAeQ932V_38p8kckZkJWIZBjSvynkchk2i0upHEM\/pr:1920\/aHR0cDovL21lZGlhMi5kZXNpZ25wYXJ0bmVyLmZyL2MvcC8xNjY4MC8xNjY4MC0xNjgtMS5qcGc?v=1706523851"],"opengraph":["https:\/\/media.th4.com\/zLlu-oSYGI2taWqcbam1ZsbsEDMrUX2QohXXnNO2cVQ\/pr:1200x630\/aHR0cDovL21lZGlhMi5kZXNpZ25wYXJ0bmVyLmZyL2MvcC8xNjY4MC8xNjY4MC0xNjgtMS5qcGc?v=1706523851"]},"images_customization":{"miniature":["https:\/\/media.th4.com\/DLe-lFQsDk3F-Xd2r_ocaeS-bhfHM4GKZtfQKqvpgV4\/pr:80\/aHR0cDovL21lZGlhMi5kZXNpZ25wYXJ0bmVyLmZyL2MvcC8xNjY4MC8xNjY4MC0xNjgtMS5qcGc?v=1706523851"],"medium":["https:\/\/media.th4.com\/9tcQYe3aGF89t8bKXQkRA8L2-DC9Exd9i345QBOr79k\/pr:550x550\/aHR0cDovL21lZGlhMi5kZXNpZ25wYXJ0bmVyLmZyL2MvcC8xNjY4MC8xNjY4MC0xNjgtMS5qcGc?v=1706523851"],"medium_large":["https:\/\/media.th4.com\/ucLWMn8Waf569RhgKzcPQHb1lmixUNDFCIawQUtvFeA\/pr:1000x1000\/aHR0cDovL21lZGlhMi5kZXNpZ25wYXJ0bmVyLmZyL2MvcC8xNjY4MC8xNjY4MC0xNjgtMS5qcGc?v=1706523851"],"large":["https:\/\/media.th4.com\/LTdqAeQ932V_38p8kckZkJWIZBjSvynkchk2i0upHEM\/pr:1920\/aHR0cDovL21lZGlhMi5kZXNpZ25wYXJ0bmVyLmZyL2MvcC8xNjY4MC8xNjY4MC0xNjgtMS5qcGc?v=1706523851"],"opengraph":["https:\/\/media.th4.com\/zLlu-oSYGI2taWqcbam1ZsbsEDMrUX2QohXXnNO2cVQ\/pr:1200x630\/aHR0cDovL21lZGlhMi5kZXNpZ25wYXJ0bmVyLmZyL2MvcC8xNjY4MC8xNjY4MC0xNjgtMS5qcGc?v=1706523851"]},"country_origin":"CN","traceability":{"manufacturing_country_id":61,"weaving_country_id":61,"dyeing_country_id":61},"sizes":[{"id":42,"article_id":409443,"class_id":19,"name":"taille_unique","on_standby":false,"stock_local":0,"stock_global":29,"multiple":1,"estimated_date_reassort":null,"is_destocking":false}],"page_links":{"fr":"\/fr\/p-be-b646-casquette-filet-urbaine-b646-16680\/black-white-168\/","en":"\/en\/p-be-b646-urban-mesh-cap-b646-16680\/black-white-168\/","de":"\/de\/p-be-b646-stadtische-netzcap-b646-16680\/black-white-168\/","nl":"\/nl\/p-be-b646-urban-net-cap-b646-16680\/black-white-168\/","es":"\/es\/p-be-b646-gorra-de-red-urbana-b646-16680\/black-white-168\/","it":"\/it\/p-be-b646-cappello-a-rete-urbano-b646-16680\/black-white-168\/","sv":"\/sv\/p-be-b646-urban-natta-keps-b646-16680\/black-white-168\/","pt":"\/pt\/p-be-b646-bone-de-rede-urbana-b646-16680\/black-white-168\/","da":"\/da\/p-be-b646-byggestue-by-filet-b646-16680\/black-white-168\/","pl":"\/pl\/p-be-b646-urbaniczna-czapka-siatkowa-b646-16680\/black-white-168\/"},"page_links_customization":{"fr":"\/fr\/p-be-b646-casquette-filet-urbaine-b646-personnalisation-16680\/black-white-168\/custom\/","en":"\/en\/p-be-b646-urban-mesh-cap-b646-customization-16680\/black-white-168\/custom\/","de":"\/de\/p-be-b646-urban-netz-cap-b646-personalisierung-16680\/black-white-168\/custom\/","nl":"\/nl\/p-be-b646-urban-net-cap-b646-personalisatie-16680\/black-white-168\/custom\/","es":"\/es\/p-be-b646-gorra-de-malla-urbana-b646-personalizacion-16680\/black-white-168\/custom\/","it":"\/it\/p-be-b646-cappello-a-rete-urbano-b646-personalizzazione-16680\/black-white-168\/custom\/","sv":"\/sv\/p-be-b646-urban-natkeps-b646-personliggoring-16680\/black-white-168\/custom\/","pt":"\/pt\/p-be-b646-bone-de-rede-urbana-b646-personalizacao-16680\/black-white-168\/custom\/","da":"\/da\/p-be-b646-bycasquette-b646-personalisering-16680\/black-white-168\/custom\/","pl":"\/pl\/p-be-b646-urban-cap-sieciowa-b646-personalizacja-16680\/black-white-168\/custom\/"}},{"id":131,"name":"light_grey","class_ids":[3],"codes_hexa":["c5c7c6"],"delai_24":false,"has_3d":false,"seuil_global":0,"stock_local":0,"stock_global":4,"on_standby":false,"in_catalog":true,"images":{"miniature":["https:\/\/media.th4.com\/DAp3OVzKf5-mcn60g7IWgO1gTSbYRcX5bcs53aAuvT0\/pr:80\/aHR0cDovL21lZGlhMi5kZXNpZ25wYXJ0bmVyLmZyL2MvcC8xNjY4MC8xNjY4MC0xMzEtMS5qcGc?v=1706523853"],"medium":["https:\/\/media.th4.com\/qqm8v_ZRVlObRW4iYjwVN32EMYdT4WaUl2_p6iguf7w\/pr:550x550\/aHR0cDovL21lZGlhMi5kZXNpZ25wYXJ0bmVyLmZyL2MvcC8xNjY4MC8xNjY4MC0xMzEtMS5qcGc?v=1706523853"],"medium_large":["https:\/\/media.th4.com\/txS7DutrC8BKySr9c667L1wrPOy12hJxVuITLPouQn0\/pr:1000x1000\/aHR0cDovL21lZGlhMi5kZXNpZ25wYXJ0bmVyLmZyL2MvcC8xNjY4MC8xNjY4MC0xMzEtMS5qcGc?v=1706523853"],"large":["https:\/\/media.th4.com\/aTDbITqByhfXXV4zj2tRGJmXxBnylMU1TqSNWDuW_68\/pr:1920\/aHR0cDovL21lZGlhMi5kZXNpZ25wYXJ0bmVyLmZyL2MvcC8xNjY4MC8xNjY4MC0xMzEtMS5qcGc?v=1706523853"],"opengraph":["https:\/\/media.th4.com\/pIpmNrjOrjVlDY3omUYvnNk7wGVlG9ztNZWLhmOavPY\/pr:1200x630\/aHR0cDovL21lZGlhMi5kZXNpZ25wYXJ0bmVyLmZyL2MvcC8xNjY4MC8xNjY4MC0xMzEtMS5qcGc?v=1706523853"]},"images_customization":{"miniature":["https:\/\/media.th4.com\/DAp3OVzKf5-mcn60g7IWgO1gTSbYRcX5bcs53aAuvT0\/pr:80\/aHR0cDovL21lZGlhMi5kZXNpZ25wYXJ0bmVyLmZyL2MvcC8xNjY4MC8xNjY4MC0xMzEtMS5qcGc?v=1706523853"],"medium":["https:\/\/media.th4.com\/qqm8v_ZRVlObRW4iYjwVN32EMYdT4WaUl2_p6iguf7w\/pr:550x550\/aHR0cDovL21lZGlhMi5kZXNpZ25wYXJ0bmVyLmZyL2MvcC8xNjY4MC8xNjY4MC0xMzEtMS5qcGc?v=1706523853"],"medium_large":["https:\/\/media.th4.com\/txS7DutrC8BKySr9c667L1wrPOy12hJxVuITLPouQn0\/pr:1000x1000\/aHR0cDovL21lZGlhMi5kZXNpZ25wYXJ0bmVyLmZyL2MvcC8xNjY4MC8xNjY4MC0xMzEtMS5qcGc?v=1706523853"],"large":["https:\/\/media.th4.com\/aTDbITqByhfXXV4zj2tRGJmXxBnylMU1TqSNWDuW_68\/pr:1920\/aHR0cDovL21lZGlhMi5kZXNpZ25wYXJ0bmVyLmZyL2MvcC8xNjY4MC8xNjY4MC0xMzEtMS5qcGc?v=1706523853"],"opengraph":["https:\/\/media.th4.com\/pIpmNrjOrjVlDY3omUYvnNk7wGVlG9ztNZWLhmOavPY\/pr:1200x630\/aHR0cDovL21lZGlhMi5kZXNpZ25wYXJ0bmVyLmZyL2MvcC8xNjY4MC8xNjY4MC0xMzEtMS5qcGc?v=1706523853"]},"country_origin":"CN","traceability":{"manufacturing_country_id":61,"weaving_country_id":61,"dyeing_country_id":61},"sizes":[{"id":42,"article_id":409450,"class_id":19,"name":"taille_unique","on_standby":false,"stock_local":0,"stock_global":4,"multiple":1,"estimated_date_reassort":null,"is_destocking":false}],"page_links":{"fr":"\/fr\/p-be-b646-casquette-filet-urbaine-b646-16680\/light-grey-131\/","en":"\/en\/p-be-b646-urban-mesh-cap-b646-16680\/light-grey-131\/","de":"\/de\/p-be-b646-stadtische-netzcap-b646-16680\/light-grey-131\/","nl":"\/nl\/p-be-b646-urban-net-cap-b646-16680\/light-grey-131\/","es":"\/es\/p-be-b646-gorra-de-red-urbana-b646-16680\/light-grey-131\/","it":"\/it\/p-be-b646-cappello-a-rete-urbano-b646-16680\/light-grey-131\/","sv":"\/sv\/p-be-b646-urban-natta-keps-b646-16680\/light-grey-131\/","pt":"\/pt\/p-be-b646-bone-de-rede-urbana-b646-16680\/light-grey-131\/","da":"\/da\/p-be-b646-byggestue-by-filet-b646-16680\/light-grey-131\/","pl":"\/pl\/p-be-b646-urbaniczna-czapka-siatkowa-b646-16680\/light-grey-131\/"},"page_links_customization":{"fr":"\/fr\/p-be-b646-casquette-filet-urbaine-b646-personnalisation-16680\/light-grey-131\/custom\/","en":"\/en\/p-be-b646-urban-mesh-cap-b646-customization-16680\/light-grey-131\/custom\/","de":"\/de\/p-be-b646-urban-netz-cap-b646-personalisierung-16680\/light-grey-131\/custom\/","nl":"\/nl\/p-be-b646-urban-net-cap-b646-personalisatie-16680\/light-grey-131\/custom\/","es":"\/es\/p-be-b646-gorra-de-malla-urbana-b646-personalizacion-16680\/light-grey-131\/custom\/","it":"\/it\/p-be-b646-cappello-a-rete-urbano-b646-personalizzazione-16680\/light-grey-131\/custom\/","sv":"\/sv\/p-be-b646-urban-natkeps-b646-personliggoring-16680\/light-grey-131\/custom\/","pt":"\/pt\/p-be-b646-bone-de-rede-urbana-b646-personalizacao-16680\/light-grey-131\/custom\/","da":"\/da\/p-be-b646-bycasquette-b646-personalisering-16680\/light-grey-131\/custom\/","pl":"\/pl\/p-be-b646-urban-cap-sieciowa-b646-personalizacja-16680\/light-grey-131\/custom\/"}},{"id":18780,"name":"light_grey\/white","class_ids":[3,1],"codes_hexa":["a7a9ac","ffffff"],"delai_24":false,"has_3d":false,"seuil_global":0,"stock_local":0,"stock_global":0,"on_standby":true,"in_catalog":true,"images":{"miniature":["https:\/\/media.th4.com\/K9UyZI4V0EBVFfASq-k-jdjMSGugr_LWnlkg23lvFVA\/pr:80\/aHR0cDovL21lZGlhMi5kZXNpZ25wYXJ0bmVyLmZyL2MvcC8xNjY4MC8xNjY4MC0xODc4MC0xLmpwZw?v=1706523853"],"medium":["https:\/\/media.th4.com\/eJlw3zHA0gac-uh_luc4_gjajyVJQ4Y3VLGn9RDqOwY\/pr:550x550\/aHR0cDovL21lZGlhMi5kZXNpZ25wYXJ0bmVyLmZyL2MvcC8xNjY4MC8xNjY4MC0xODc4MC0xLmpwZw?v=1706523853"],"medium_large":["https:\/\/media.th4.com\/TmTU9pUYFelbUtWhFFxHYCNRSuOwlQKkyji3d0abY9o\/pr:1000x1000\/aHR0cDovL21lZGlhMi5kZXNpZ25wYXJ0bmVyLmZyL2MvcC8xNjY4MC8xNjY4MC0xODc4MC0xLmpwZw?v=1706523853"],"large":["https:\/\/media.th4.com\/em_m5Fnva2GBVYNidNxTC9rXxn28EqIkVNnY0yXzjsE\/pr:1920\/aHR0cDovL21lZGlhMi5kZXNpZ25wYXJ0bmVyLmZyL2MvcC8xNjY4MC8xNjY4MC0xODc4MC0xLmpwZw?v=1706523853"],"opengraph":["https:\/\/media.th4.com\/229b-h9CMuFzcgFBfJ69bmpb7R3BJQ5rAi5r95xesNs\/pr:1200x630\/aHR0cDovL21lZGlhMi5kZXNpZ25wYXJ0bmVyLmZyL2MvcC8xNjY4MC8xNjY4MC0xODc4MC0xLmpwZw?v=1706523853"]},"images_customization":{"miniature":["https:\/\/media.th4.com\/K9UyZI4V0EBVFfASq-k-jdjMSGugr_LWnlkg23lvFVA\/pr:80\/aHR0cDovL21lZGlhMi5kZXNpZ25wYXJ0bmVyLmZyL2MvcC8xNjY4MC8xNjY4MC0xODc4MC0xLmpwZw?v=1706523853"],"medium":["https:\/\/media.th4.com\/eJlw3zHA0gac-uh_luc4_gjajyVJQ4Y3VLGn9RDqOwY\/pr:550x550\/aHR0cDovL21lZGlhMi5kZXNpZ25wYXJ0bmVyLmZyL2MvcC8xNjY4MC8xNjY4MC0xODc4MC0xLmpwZw?v=1706523853"],"medium_large":["https:\/\/media.th4.com\/TmTU9pUYFelbUtWhFFxHYCNRSuOwlQKkyji3d0abY9o\/pr:1000x1000\/aHR0cDovL21lZGlhMi5kZXNpZ25wYXJ0bmVyLmZyL2MvcC8xNjY4MC8xNjY4MC0xODc4MC0xLmpwZw?v=1706523853"],"large":["https:\/\/media.th4.com\/em_m5Fnva2GBVYNidNxTC9rXxn28EqIkVNnY0yXzjsE\/pr:1920\/aHR0cDovL21lZGlhMi5kZXNpZ25wYXJ0bmVyLmZyL2MvcC8xNjY4MC8xNjY4MC0xODc4MC0xLmpwZw?v=1706523853"],"opengraph":["https:\/\/media.th4.com\/229b-h9CMuFzcgFBfJ69bmpb7R3BJQ5rAi5r95xesNs\/pr:1200x630\/aHR0cDovL21lZGlhMi5kZXNpZ25wYXJ0bmVyLmZyL2MvcC8xNjY4MC8xNjY4MC0xODc4MC0xLmpwZw?v=1706523853"]},"country_origin":"CN","traceability":{"manufacturing_country_id":61,"weaving_country_id":61,"dyeing_country_id":61},"sizes":[],"page_links":{"fr":"\/fr\/p-be-b646-casquette-filet-urbaine-b646-16680\/light-grey-white-18780\/","en":"\/en\/p-be-b646-urban-mesh-cap-b646-16680\/light-grey-white-18780\/","de":"\/de\/p-be-b646-stadtische-netzcap-b646-16680\/light-grey-white-18780\/","nl":"\/nl\/p-be-b646-urban-net-cap-b646-16680\/light-grey-white-18780\/","es":"\/es\/p-be-b646-gorra-de-red-urbana-b646-16680\/light-grey-white-18780\/","it":"\/it\/p-be-b646-cappello-a-rete-urbano-b646-16680\/light-grey-white-18780\/","sv":"\/sv\/p-be-b646-urban-natta-keps-b646-16680\/light-grey-white-18780\/","pt":"\/pt\/p-be-b646-bone-de-rede-urbana-b646-16680\/light-grey-white-18780\/","da":"\/da\/p-be-b646-byggestue-by-filet-b646-16680\/light-grey-white-18780\/","pl":"\/pl\/p-be-b646-urbaniczna-czapka-siatkowa-b646-16680\/light-grey-white-18780\/"},"page_links_customization":{"fr":"\/fr\/p-be-b646-casquette-filet-urbaine-b646-personnalisation-16680\/light-grey-white-18780\/custom\/","en":"\/en\/p-be-b646-urban-mesh-cap-b646-customization-16680\/light-grey-white-18780\/custom\/","de":"\/de\/p-be-b646-urban-netz-cap-b646-personalisierung-16680\/light-grey-white-18780\/custom\/","nl":"\/nl\/p-be-b646-urban-net-cap-b646-personalisatie-16680\/light-grey-white-18780\/custom\/","es":"\/es\/p-be-b646-gorra-de-malla-urbana-b646-personalizacion-16680\/light-grey-white-18780\/custom\/","it":"\/it\/p-be-b646-cappello-a-rete-urbano-b646-personalizzazione-16680\/light-grey-white-18780\/custom\/","sv":"\/sv\/p-be-b646-urban-natkeps-b646-personliggoring-16680\/light-grey-white-18780\/custom\/","pt":"\/pt\/p-be-b646-bone-de-rede-urbana-b646-personalizacao-16680\/light-grey-white-18780\/custom\/","da":"\/da\/p-be-b646-bycasquette-b646-personalisering-16680\/light-grey-white-18780\/custom\/","pl":"\/pl\/p-be-b646-urban-cap-sieciowa-b646-personalizacja-16680\/light-grey-white-18780\/custom\/"}},{"id":665,"name":"white","class_ids":[1],"codes_hexa":["FFFFFF"],"delai_24":false,"has_3d":false,"seuil_global":0,"stock_local":0,"stock_global":0,"on_standby":true,"in_catalog":false,"images":{"miniature":["https:\/\/media.th4.com\/P6LR04QBucXYcNfyKKhg0S5-ZRPRpSVst_LBdVZl4vs\/pr:80\/aHR0cDovL21lZGlhMi5kZXNpZ25wYXJ0bmVyLmZyL2MvcC8xNjY4MC8xNjY4MC02NjUtMS5qcGc?v=1706523856"],"medium":["https:\/\/media.th4.com\/9eFGBd2QxMn74wMAPdKSbEpVRHvzfTbTZrfY3V1kZxQ\/pr:550x550\/aHR0cDovL21lZGlhMi5kZXNpZ25wYXJ0bmVyLmZyL2MvcC8xNjY4MC8xNjY4MC02NjUtMS5qcGc?v=1706523856"],"medium_large":["https:\/\/media.th4.com\/8JVYo4lJXTqlPBYIlQRM0gEIZoGBjyuIhLDSVgq_Y2g\/pr:1000x1000\/aHR0cDovL21lZGlhMi5kZXNpZ25wYXJ0bmVyLmZyL2MvcC8xNjY4MC8xNjY4MC02NjUtMS5qcGc?v=1706523856"],"large":["https:\/\/media.th4.com\/vERJ4K3mgduQzaB5TCT6CMhH0xmtOf5yrnQVHgCvzLg\/pr:1920\/aHR0cDovL21lZGlhMi5kZXNpZ25wYXJ0bmVyLmZyL2MvcC8xNjY4MC8xNjY4MC02NjUtMS5qcGc?v=1706523856"],"opengraph":["https:\/\/media.th4.com\/FpLrx8WwE1INgFUbitMdf6sU21S0RnthgxAIxz0KRwk\/pr:1200x630\/aHR0cDovL21lZGlhMi5kZXNpZ25wYXJ0bmVyLmZyL2MvcC8xNjY4MC8xNjY4MC02NjUtMS5qcGc?v=1706523856"]},"images_customization":{"miniature":["https:\/\/media.th4.com\/P6LR04QBucXYcNfyKKhg0S5-ZRPRpSVst_LBdVZl4vs\/pr:80\/aHR0cDovL21lZGlhMi5kZXNpZ25wYXJ0bmVyLmZyL2MvcC8xNjY4MC8xNjY4MC02NjUtMS5qcGc?v=1706523856"],"medium":["https:\/\/media.th4.com\/9eFGBd2QxMn74wMAPdKSbEpVRHvzfTbTZrfY3V1kZxQ\/pr:550x550\/aHR0cDovL21lZGlhMi5kZXNpZ25wYXJ0bmVyLmZyL2MvcC8xNjY4MC8xNjY4MC02NjUtMS5qcGc?v=1706523856"],"medium_large":["https:\/\/media.th4.com\/8JVYo4lJXTqlPBYIlQRM0gEIZoGBjyuIhLDSVgq_Y2g\/pr:1000x1000\/aHR0cDovL21lZGlhMi5kZXNpZ25wYXJ0bmVyLmZyL2MvcC8xNjY4MC8xNjY4MC02NjUtMS5qcGc?v=1706523856"],"large":["https:\/\/media.th4.com\/vERJ4K3mgduQzaB5TCT6CMhH0xmtOf5yrnQVHgCvzLg\/pr:1920\/aHR0cDovL21lZGlhMi5kZXNpZ25wYXJ0bmVyLmZyL2MvcC8xNjY4MC8xNjY4MC02NjUtMS5qcGc?v=1706523856"],"opengraph":["https:\/\/media.th4.com\/FpLrx8WwE1INgFUbitMdf6sU21S0RnthgxAIxz0KRwk\/pr:1200x630\/aHR0cDovL21lZGlhMi5kZXNpZ25wYXJ0bmVyLmZyL2MvcC8xNjY4MC8xNjY4MC02NjUtMS5qcGc?v=1706523856"]},"country_origin":"CN","traceability":{"manufacturing_country_id":61,"weaving_country_id":61,"dyeing_country_id":61},"sizes":[],"page_links":{"fr":"\/fr\/p-be-b646-casquette-filet-urbaine-b646-16680\/white-665\/","en":"\/en\/p-be-b646-urban-mesh-cap-b646-16680\/white-665\/","de":"\/de\/p-be-b646-stadtische-netzcap-b646-16680\/white-665\/","nl":"\/nl\/p-be-b646-urban-net-cap-b646-16680\/white-665\/","es":"\/es\/p-be-b646-gorra-de-red-urbana-b646-16680\/white-665\/","it":"\/it\/p-be-b646-cappello-a-rete-urbano-b646-16680\/white-665\/","sv":"\/sv\/p-be-b646-urban-natta-keps-b646-16680\/white-665\/","pt":"\/pt\/p-be-b646-bone-de-rede-urbana-b646-16680\/white-665\/","da":"\/da\/p-be-b646-byggestue-by-filet-b646-16680\/white-665\/","pl":"\/pl\/p-be-b646-urbaniczna-czapka-siatkowa-b646-16680\/white-665\/"},"page_links_customization":{"fr":"\/fr\/p-be-b646-casquette-filet-urbaine-b646-personnalisation-16680\/white-665\/custom\/","en":"\/en\/p-be-b646-urban-mesh-cap-b646-customization-16680\/white-665\/custom\/","de":"\/de\/p-be-b646-urban-netz-cap-b646-personalisierung-16680\/white-665\/custom\/","nl":"\/nl\/p-be-b646-urban-net-cap-b646-personalisatie-16680\/white-665\/custom\/","es":"\/es\/p-be-b646-gorra-de-malla-urbana-b646-personalizacion-16680\/white-665\/custom\/","it":"\/it\/p-be-b646-cappello-a-rete-urbano-b646-personalizzazione-16680\/white-665\/custom\/","sv":"\/sv\/p-be-b646-urban-natkeps-b646-personliggoring-16680\/white-665\/custom\/","pt":"\/pt\/p-be-b646-bone-de-rede-urbana-b646-personalizacao-16680\/white-665\/custom\/","da":"\/da\/p-be-b646-bycasquette-b646-personalisering-16680\/white-665\/custom\/","pl":"\/pl\/p-be-b646-urban-cap-sieciowa-b646-personalizacja-16680\/white-665\/custom\/"}}],"documentation_link":"\/pdf\/16680.pdf","countries_availables":["AD","AE","AL","AT","BA","BD","BE","BG","BL","CA","CH","CN","CO","CY","CZ","DE","DK","DO","EE","EG","ES","ET","FI","FR","GB","GE","GF","GP","GR","GT","HK","HN","HR","HT","HU","ID","IE","IN","IS","IT","JO","JP","KE","KH","KP","KR","LA","LK","LS","LT","LU","LV","MA","MF","MG","MK","MM","MN","MQ","MT","MX","MY","NC","NI","NL","PF","PH","PK","PL","PM","PT","RE","RO","SE","SG","SI","SK","SV","SY","TH","TN","TR","TW","TZ","US","VN","WF","YT"]},"infos_customization":[],"features":{"authorize_multi_surfaces":true,"display_order_delay_type":true,"promote_surface_display":true,"tarification_franco_offert":true,"enabled_3d_editor":false},"markings":[{"id":0,"nom":"vierge","finition":null,"libelle":null,"code":null,"dpi":null,"finesse_forme_isolee":null,"finesse_forme_non_isolee":null,"hauteur_minimale_texte":null,"inactif":0,"marquage_interne":1,"quantite_min":null,"parent_id":null,"print_on_support":0,"content":"vierge","description":null},{"id":2,"nom":"fonce","finition":"optimale","libelle":"TopQuadri","code":null,"dpi":400,"finesse_forme_isolee":"0.040","finesse_forme_non_isolee":"0.700","hauteur_minimale_texte":2,"inactif":0,"marquage_interne":1,"quantite_min":null,"parent_id":18,"print_on_support":0,"content":"TopQuadri","description":"pour petites et moyennes s\u00e9ries"},{"id":3,"nom":"serigraphie","finition":"serigraphie","libelle":"SeriCoat","code":null,"dpi":400,"finesse_forme_isolee":"0.040","finesse_forme_non_isolee":"0.700","hauteur_minimale_texte":2,"inactif":0,"marquage_interne":1,"quantite_min":15,"parent_id":18,"print_on_support":0,"content":"SeriCoat","description":"pour moyennes et grandes s\u00e9ries"},{"id":4,"nom":"broderie","finition":"broderie","libelle":"Broderie","code":null,"dpi":400,"finesse_forme_isolee":"0.040","finesse_forme_non_isolee":"0.700","hauteur_minimale_texte":3,"inactif":0,"marquage_interne":1,"quantite_min":null,"parent_id":null,"print_on_support":0,"content":"Broderie","description":null},{"id":8,"nom":"theme","finition":null,"libelle":"Th\u00e8me","code":null,"dpi":null,"finesse_forme_isolee":null,"finesse_forme_non_isolee":null,"hauteur_minimale_texte":null,"inactif":0,"marquage_interne":1,"quantite_min":null,"parent_id":null,"print_on_support":0,"content":"Th\u00e8me","description":null},{"id":9,"nom":"sans","finition":null,"libelle":null,"code":null,"dpi":null,"finesse_forme_isolee":null,"finesse_forme_non_isolee":null,"hauteur_minimale_texte":null,"inactif":0,"marquage_interne":1,"quantite_min":null,"parent_id":null,"print_on_support":0,"content":"sans","description":null},{"id":10,"nom":"photo","finition":null,"libelle":"Photo","code":null,"dpi":null,"finesse_forme_isolee":null,"finesse_forme_non_isolee":null,"hauteur_minimale_texte":null,"inactif":0,"marquage_interne":1,"quantite_min":null,"parent_id":null,"print_on_support":0,"content":"Photo","description":null},{"id":14,"nom":"couleur","finition":null,"libelle":"Couleur","code":null,"dpi":null,"finesse_forme_isolee":null,"finesse_forme_non_isolee":null,"hauteur_minimale_texte":null,"inactif":0,"marquage_interne":1,"quantite_min":null,"parent_id":null,"print_on_support":0,"content":"Couleur","description":null},{"id":15,"nom":"sublimation","finition":"sublimation","libelle":"Sublimation","code":null,"dpi":null,"finesse_forme_isolee":"0.000","finesse_forme_non_isolee":"0.000","hauteur_minimale_texte":2,"inactif":0,"marquage_interne":1,"quantite_min":null,"parent_id":null,"print_on_support":0,"content":"Sublimation","description":null},{"id":16,"nom":"topquadri_uv","finition":null,"libelle":"TopQuadri UV","code":null,"dpi":null,"finesse_forme_isolee":"0.020","finesse_forme_non_isolee":"0.700","hauteur_minimale_texte":2,"inactif":0,"marquage_interne":1,"quantite_min":null,"parent_id":null,"print_on_support":1,"content":null,"description":null},{"id":17,"nom":"topquadri_uvp","finition":null,"libelle":"TopQuadri UVP","code":null,"dpi":null,"finesse_forme_isolee":"0.020","finesse_forme_non_isolee":"0.700","hauteur_minimale_texte":2,"inactif":0,"marquage_interne":1,"quantite_min":null,"parent_id":null,"print_on_support":1,"content":null,"description":null},{"id":18,"nom":"quadri","finition":null,"libelle":"Impression","code":null,"dpi":null,"finesse_forme_isolee":null,"finesse_forme_non_isolee":null,"hauteur_minimale_texte":null,"inactif":0,"marquage_interne":1,"quantite_min":null,"parent_id":null,"print_on_support":0,"content":null,"description":null}]}}