{"data":{"product":{"id":1666,"titre":"Weatherguard  Schlechtwetter-Anzug","description":" -  100% polyester (190 T) enduit PU   -  doublure de la veste: filet polyester   -  Enti\u00e8rement \u00e9tanche (coutures soud\u00e9es)   -  capuche amovible   -  poignets de manches r\u00e9glables   -  cordon de serrage dans la base   -  pantalon taille \u00e9lastiqu\u00e9e   -  jambes r\u00e9glables pressionn\u00e9es   -  emball\u00e9 dans un sac avec fermeture \u00e0 glissi\u00e8re.","genre":"homme","grammage":100,"conditionnement":20,"composition":"polyester,polyester_uniquement","reference":"R95A","reference_visible":"re-r095x","reference_fabricant":"R095X","ref_xor":"741575","in_catalog":true,"is_transfer":false,"is_service":false,"on_standby":false,"has_3d":false,"has_size_guide":false,"has_marking":false,"has_vierge":true,"is_cross_sellable":false,"id_picto":28,"filename_3d":null,"brand":{"id":16,"name":"Result","logo":"logo-result.png","image":"https:\/\/media.th4.com\/R4AINn4EcZGXmGADkvSPvxFxj-96N0ZW37kUw9NCIp8\/pr:brand70x70\/aHR0cDovL21lZGlhMi5kZXNpZ25wYXJ0bmVyLmZyL2MvbS9sb2dvLXJlc3VsdC5wbmc?v=1769696384"},"price_infos":{"price_from":12.18,"quantity":200,"color":{"id":364,"name":"black"},"size":{"id":4,"name":"XL"}},"price_infos_marking":{"price_from":0,"quantity":0,"size":{"id":0,"name":""},"color":{"id":0,"name":""},"marking":{"id":0,"name":""},"emplacement":"","surface":"","surface_emplacement_id":0},"i18n":{"blank":{"title":{"fr":"Weatherguard schlechtwetter-anzug RESULT r95a","en":"Weatherguard rainwear suit RESULT r95a","de":"Weatherguard schlechtwetter-anzug RESULT r95a","nl":"Weatherguard slechtweerspak RESULT r95a","es":"Weatherguard trajes para mal tiempo RESULT r95a","it":"Weatherguard tuta da maltempo RESULT r95a","sv":"Weatherguard d\u00e5ligt v\u00e4deroverall RESULT r95a","pt":"Macac\u00e3o Weatherguard para mau tempo RESULT r95a","da":"Weatherguard schlechtwetter-anzug RESULT r95a","pl":"Weatherguard schlechtwetter-anzug RESULT r95a"},"description":{"fr":"Cette combinaison offre une protection efficace contre les intemp\u00e9ries gr\u00e2ce \u00e0 sa conception \u00e9tanche. Elle est fabriqu\u00e9e \u00e0 partir de polyester enduit PU, assurant une barri\u00e8re contre l'humidit\u00e9. La doublure en filet polyester contribue au confort. La capuche est amovible pour s'adapter aux diff\u00e9rentes conditions m\u00e9t\u00e9orologiques. Les poignets de manches sont r\u00e9glables pour un ajustement personnalis\u00e9. Un cordon de serrage \u00e0 la base permet d'ajuster la coupe. Le pantalon est \u00e9quip\u00e9 d'une taille \u00e9lastiqu\u00e9e pour plus de confort et de jambes r\u00e9glables par pression. Cette combinaison est livr\u00e9e dans un sac avec fermeture \u00e0 glissi\u00e8re pour faciliter le transport et le rangement.\n\n- Mat\u00e9riau ext\u00e9rieur : 100% polyester (190 T) enduit PU\n- Doublure veste : Filet polyester\n- Imperm\u00e9abilit\u00e9 : Enti\u00e8rement \u00e9tanche (coutures soud\u00e9es)\n- Capuche : Amovible\n- Poignets : R\u00e9glables\n- Taille : \u00c9lastiqu\u00e9e\n- Jambes : R\u00e9glables pressionn\u00e9es","en":"This suit offers effective protection against bad weather thanks to its waterproof design. It is made of PU-coated polyester, providing a barrier against moisture. The polyester mesh lining contributes to comfort. The hood is removable to adapt to different weather conditions. The sleeve cuffs are adjustable for a custom fit. A drawstring at the base allows adjusting the fit. The pants are equipped with an elasticated waist for more comfort and adjustable legs with press studs. This suit is delivered in a zippered bag for easy transport and storage. \n\n- Exterior material: 100% polyester PU-coated\n- Jacket lining: Polyester mesh\n- Waterproof: Fully waterproof sealed seams\n- Hood: Removable\n- Cuffs: Adjustable\n- Waist: Elasticated\n- Legs: Adjustable press studs","de":"Diese Kombination bietet einen wirksamen Schutz vor schlechtem Wetter durch ihre wasserdichte Konstruktion. Sie besteht aus PU-beschichtetem Polyester, das eine Barriere gegen Feuchtigkeit bietet. Die Polyester-Netzf\u00fctterung tr\u00e4gt zum Komfort bei. Die Kapuze ist abnehmbar, um sich an die verschiedenen Wetterbedingungen anzupassen. Die Manschetten der \u00c4rmel sind verstellbar f\u00fcr eine individuelle Anpassung. Ein Zugband am Boden erm\u00f6glicht eine Anpassung der Passform. Die Hose ist mit einem elastischen Bund f\u00fcr mehr Komfort und verstellbaren Beinen ausgestattet. Diese Kombination wird in einem Rei\u00dfverschlusstasche geliefert, um den Transport und die Aufbewahrung zu erleichtern.\n\n- Au\u00dfenmaterial: 100% Polyester PU-beschichtet\n- Jackenfutter: Polyesternetz\n- Wasserdichtigkeit: Vollst\u00e4ndig wasserdicht (verschwei\u00dfte N\u00e4hte)\n- Kapuze: Abnehmbar\n- Manschetten: Verstellbar\n- Taille: Elastisch\n- Hosenbeine: Verstellbar","nl":"Deze pak biedt effectieve bescherming tegen de elementen door zijn waterdichte ontwerp. Het is vervaardigd uit polyesterspray PU, wat een barri\u00e8re tegen vocht biedt. De polyester gaas voering draagt bij aan het comfort. De kap is afneembaar om aan verschillende weersomstandigheden aan te passen. De polsbanden zijn aanpasbaar voor een persoonlijke pasvorm. Een trekkord aan de basis helpt om de passvorm aan te passen. De broek heeft een elastische taille voor meer comfort en aanpasbare benen met drukknopen. Deze pak wordt geleverd in een tas met een ritssluiting voor eenvoudig transport en opslag.\n\n- Buitenmateriaal: 100% polyester (190 T) spray PU\n- Voering jas: Polyester gaas\n- Waterdichtheid: Volledig waterdicht (gelaste naden)\n- Kap: Afneembaar\n- Polsen: Aanpasbaar\n- Tail: Elastisch\n- Benen: Aanpasbaar met drukknopen","es":"Este traje ofrece una protecci\u00f3n eficaz contra las inclemencias del tiempo gracias a su dise\u00f1o impermeable. Est\u00e1 fabricado a partir de poli\u00e9ster recubierto de PU, asegurando una barrera contra la humedad. El forro de malla de poli\u00e9ster contribuye al confort. La capucha es desmontable para adaptarse a las diferentes condiciones meteorol\u00f3gicas. Las mu\u00f1ecas de las mangas son ajustables para un ajuste personalizado. Un cord\u00f3n de ajuste en la base permite ajustar el corte. El pantal\u00f3n est\u00e1 equipado con una cintura el\u00e1stica para mayor comodidad y piernas ajustables con presi\u00f3n. Este traje viene en una bolsa con cremallera para facilitar el transporte y el almacenamiento.\n\n- Material exterior: 100% poli\u00e9ster en recubrimiento PU\n- Forro chaqueta: Malla de poli\u00e9ster\n- Impermeabilidad: Enteramente impermeable (costuras selladas)\n- Capucha: Desmontable\n- Mu\u00f1equeras: Ajustables\n- Talla: El\u00e1stica\n- Piernas: Ajustables con presi\u00f3n","it":"Questa tuta offre una protezione efficace contro le intemperie grazie alla sua concezione stagna. \u00c8 realizzata in poliestere rivestito PU, assicurando una barriera contro l'umidit\u00e0. La fodera in rete di poliestere contribuisce al comfort. Il cappuccio \u00e8 rimovibile per adattarsi alle diverse condizioni meteorologiche. I polsini delle maniche sono regolabili per un adattamento personalizzato. Un cordone di serraggio alla base permette di regolare la taglia. I pantaloni sono dotati di una vita elastica per maggiore comfort e gambe regolabili con pressione. Questa tuta \u00e8 fornita in un sacchetto con chiusura a zip per facilitare il trasporto e la conservazione.\n\n- Materiale esterno: 100% poliestere (190 T) rivestito PU\n- Fodera giacca: Reti di poliestere\n- Impermeabilit\u00e0: Interamente stagna (cuciture saldate)\n- Cappuccio: Rimovibile\n- Polsini: Regolabili\n- Vita: Elastica\n- Gambe: Regolabili con pressione","sv":"Denna overall erbjuder effektivt skydd mot v\u00e4derlek genom sin vattent\u00e4ta konstruktion. Den \u00e4r tillverkad av PU-bel\u00e4ggd polyester, som s\u00e4kerst\u00e4ller en barri\u00e4r mot fukt. Fodret av polyestergarn bidrar till komforten. Huvan \u00e4r avtagbar f\u00f6r att anpassas till olika v\u00e4derf\u00f6rh\u00e5llanden. \u00c4rmarnas handledar \u00e4r justerbara f\u00f6r en personlig passform. En dragkedja i basen g\u00f6r att passformen kan justeras. Byxan \u00e4r utrustad med en elastisk midja f\u00f6r mer komfort och justerbara ben med tryckknappar. Denna overall levereras i en v\u00e4ska med glidl\u00e5s f\u00f6r enkel transport och f\u00f6rvaring.\n\n- Ytmaterial: 100% polyester (190 T) PU-bel\u00e4ggd\n- Foder jacka: Polyestergarn\n- Vattent\u00e4thet: Helt vattent\u00e4t (sydda s\u00f6mmar)\n- Huva: Avtagbar\n- \u00c4rmh\u00e5ll: Justerbara\n- Midja: Elastisk\n- Ben: Justerbara tryckknappar","pt":"Este macac\u00e3o oferece prote\u00e7\u00e3o eficaz contra intemp\u00e9ries devido ao seu design imperme\u00e1vel. \u00c9 fabricado a partir de poli\u00e9ster revestido com PU, garantindo uma barreira contra a umidade. A forro de rede de poli\u00e9ster contribui para o conforto. O capuz \u00e9 remov\u00edvel para se adaptar \u00e0s diferentes condi\u00e7\u00f5es meteorol\u00f3gicas. Os punhos das mangas s\u00e3o ajust\u00e1veis para um ajuste personalizado. Um cord\u00e3o de aperto na base permite ajustar o corte. A cal\u00e7a \u00e9 equipada com uma cintura el\u00e1stica para maior conforto e pernas ajust\u00e1veis por press\u00e3o. Este macac\u00e3o \u00e9 fornecido em uma sacola com z\u00edper para facilitar o transporte e o armazenamento.\n\n- Material exterior: 100% poli\u00e9ster revestido com PU\n- Forro do casaco: Rede de poli\u00e9ster\n- Impermeabilidade: Totalmente imperme\u00e1vel (costuras soldadas)\n- Capuz: Remov\u00edvel\n- Punhos: Ajust\u00e1veis\n- Cintura: El\u00e1stica\n- Pernas: Ajust\u00e1veis por press\u00e3o","da":"Denne kombination tilbyder effektiv beskyttelse mod d\u00e5rligt vejr p\u00e5 grund af sin vandt\u00e6tte konstruktion. Den er lavet af polyester, der er PU-behandlet, og sikrer en barriere mod fugt. Indersiden af polyester-net bidrager til komforten. Kappen er fjernbar for at tilpasse sig forskellige vejrforhold. Mansjetterne p\u00e5 \u00e6rmene kan justeres for en personlig pasform. En tr\u00e6kkabel i bunden tillader justering af pasformen. Bukserne er udstyret med en elastisk talje for mere komfort og ben, der kan justeres med tryk. Denne kombination leveres i en taske med zipper for at lette transport og opbevaring.\n\n- Ydre materiale: 100% polyester enduit PU\n- V\u00e6stinderside: Polyester-net\n- Vandt\u00e6thed: Fuldt vandt\u00e6t (svetsede s\u00f8mme)\n- Kappe: Fjernbar\n- Mansjetter: Justerbare\n- Talje: Elastisk\n- Ben: Justerbare med tryk","pl":"Ten kombinezon zapewnia skuteczn\u0105 ochron\u0119 przed niepogod\u0105 dzi\u0119ki swojej konstrukcji wodoodpornej. Jest wykonany z poliestru z pow\u0142ok\u0105 PU, zapewniaj\u0105c barier\u0119 przed wilgoci\u0105. Podszewka z poliestrowej siateczki przyczynia si\u0119 do komfortu. Kaptur jest od\u0142\u0105czalny, aby dostosowa\u0107 si\u0119 do r\u00f3\u017cnych warunk\u00f3w pogodowych. Man\u017cety r\u0119kaw\u00f3w s\u0105 regulowane dla indywidualnego dopasowania. Sznur na dole pozwala dostosowa\u0107 kroj. Spodnie s\u0105 wyposa\u017cone w elastyczny pas dla wi\u0119kszego komfortu i regulowane nogawki na klamry. Ten kombinezon jest dostarczany w torbie z zamek bli\u017anierkowym dla \u0142atwego transportu i przechowywania.\n\n- Materia\u0142 zewn\u0119trzny: 100% poliestru enduit PU\n- Podszewka kurtki: Siateczka z poliestru\n- Wodoszczelno\u015b\u0107: Ca\u0142kowicie wodoodporny (zeszewne szwy)\n- Kaptur: Od\u0142\u0105czalny\n- Man\u017cety: Regulowane\n- Pas: Elastyczny\n- Nogawki: Regulowane na klamry"},"h1":{"fr":"Weatherguard schlechtwetter-anzug r95a","en":"Weatherguard rainwear suit r95a","de":"Weatherguard schlechtwetter-anzug r95a","nl":"Weatherguard slechtweerspak r95a","es":"Weatherguard trajes para mal tiempo r95a","it":"Weatherguard tuta da maltempo r95a","sv":"Weatherguard d\u00e5ligt v\u00e4deroverall r95a","pt":"Macac\u00e3o Weatherguard para mau tempo r95a","da":"Weatherguard schlechtwetter-anzug r95a","pl":"Weatherguard schlechtwetter-anzug r95a"},"meta_description":{"fr":"Combinaison \u00e9tanche en polyester r\u00e9glable. Id\u00e9ale pour les conditions m\u00e9t\u00e9orologiques d\u00e9favorables. Coutures soud\u00e9es et capuche amovible.","en":"Adjustable waterproof suit in polyester. Ideal for unfavorable weather conditions. Sealed seams and removable hood.","de":"Wasserdichte Polyesterkombination, die sich anpassen l\u00e4sst. Ideal f\u00fcr schlechte Wetterbedingungen. Verschwei\u00dfte N\u00e4hte und abnehmbare Kapuze.","nl":"Aanpasbare polyester waterdichte pak. Ideaal voor slechte weersomstandigheden. Gelaste naden en afneembare kap.","es":"Traje impermeable ajustable de poli\u00e9ster. Ideal para condiciones meteorol\u00f3gicas adversas. Costuras selladas y capucha desmontable.","it":"Tuta stagna in poliestere regolabile. Ideale per condizioni meteorologiche sfavorevoli. Cuciture saldate e cappuccio rimovibile.","sv":"Vattent\u00e4t overall i polyester med justerbara detaljer. Idealisk f\u00f6r ogynnsamma v\u00e4derf\u00f6rh\u00e5llanden. Sydda s\u00f6mmar och avtagbar huva.","pt":"Macac\u00e3o imperme\u00e1vel ajust\u00e1vel de poli\u00e9ster. Ideal para condi\u00e7\u00f5es meteorol\u00f3gicas desfavor\u00e1veis. Costuras soldadas e capuz remov\u00edvel.","da":"Vandt\u00e6t kombination af polyester, der kan justeres. Ideel til ugunstige vejrforhold. Svetsede s\u00f8mme og fjernbart kappe.","pl":"Wodoszczelny kombinezon z poliestru regulowany. Idealny na niekorzystne warunki pogodowe. Zeszewne szwy i od\u0142\u0105czalny kaptur."}},"custom":{"title":{"fr":"Weatherguard schlechtwetter-anzug Combinaison \u00e9tanche polyester r\u00e9glable RESULT personnalisable r95a","en":"Weatherguard schlechtwetter-anzug Waterproof polyester adjustable customizable overall r95a","de":"Weatherguard schlechtwetter-anzug Polyester regeltbare Regenkombination r95a","nl":"Weatherguard schlechtwetter-anzug Polyester waterdichte overalls aanpasbaar persoonlijke aanpassing r95a","es":"Traje Weatherguard para mal tiempo Combinaison impermeable de poli\u00e9ster ajustable personalizable r95a","it":"Weatherguard schlechtwetter-anzug Tuta stagna in poliestere regolabile personalizzazione r95a","sv":"Weatherguard schlechtwetter-anzug Vattent\u00e4ta polyesteranpassningsbara kombination resultat personaliserbar r95a","pt":"Weatherguard schlechtwetter-anzug Combina\u00e7\u00e3o imperme\u00e1vel de poli\u00e9ster ajust\u00e1vel personaliza\u00e7\u00e3o r95a","da":"Weatherguard schlechtwetter-anzug Vandt\u00e6t polyester kombinere indstillelig resultat personaliserbar r95a","pl":"Weatherguard schlechtwetter-anzug Odzie\u017c ochronna poliestrowa regulowana dostosowywalna r95a"},"description":{"fr":"Cette combinaison \u00e9tanche est con\u00e7ue en 100% polyester (190 T) enduit PU, offrant une protection fiable contre les intemp\u00e9ries. Elle est dot\u00e9e d'une doublure en filet polyester pour un confort accru. Les coutures soud\u00e9es garantissent une \u00e9tanch\u00e9it\u00e9 optimale, tandis que la capuche amovible et les poignets de manches r\u00e9glables permettent une adaptation personnalis\u00e9e. Un cordon de serrage \u00e0 la base et un pantalon taille \u00e9lastiqu\u00e9e assurent un ajustement confortable. Les jambes r\u00e9glables par pression offrent une flexibilit\u00e9 suppl\u00e9mentaire. La combinaison est livr\u00e9e dans un sac avec fermeture \u00e0 glissi\u00e8re pour un rangement facile. Possibilit\u00e9 de personnaliser cet article avec votre logo ou votre visuel pour une identification de votre marque. \n\nCaract\u00e9ristiques techniques:\n- Mat\u00e9riau: 100% polyester (190 T) enduit PU\n- Doublure: Filet polyester\n- Coutures: Soud\u00e9es\n- Capuche: Amovible\n- Poignets: R\u00e9glables\n- Taille: \u00c9lastiqu\u00e9e\n- Jambes: R\u00e9glables par pression","en":"This waterproof overall is made of 100% polyester coated PU, offering reliable protection against bad weather. It features a polyester mesh lining for added comfort. Sealed seams ensure optimal waterproofing, while the detachable hood and adjustable wrist cuffs allow for personalized fitting. An adjustable waist cord and elasticated waistband ensure a comfortable fit. Adjustable legs with press studs provide additional flexibility. The overall comes in a zippered bag for easy storage. Possibility to customize this item with your logo or visual for brand identification. \n\nTechnical specifications:\n- Material: 100% polyester coated PU\n- Lining: Polyester mesh\n- Seams: Sealed\n- Hood: Detachable\n- Wrists: Adjustable\n- Waist: Elasticated\n- Legs: Adjustable with press studs","de":"Diese Regenkombination besteht aus 100% Polyester in 190 T mit PU-Beschichtung, die zuverl\u00e4ssigen Schutz vor schlechtem Wetter bietet. Sie hat ein Polyestergitterfutter f\u00fcr zus\u00e4tzlichen Komfort. Geschwei\u00dfte N\u00e4hte gew\u00e4hrleisten optimale Abdichtung, w\u00e4hrend die abnehmbare Kapuze und die verstellbaren Manschetten eine pers\u00f6nliche Anpassung erm\u00f6glichen. Ein Zugband am Saum und ein elastischer Bund sorgen f\u00fcr einen bequemen Sitz. Die verstellbaren Beine durch Druck bieten zus\u00e4tzliche Flexibilit\u00e4t. Die Kombination wird in einem Rei\u00dfverschlussbeutel geliefert, der eine einfache Aufbewahrung erm\u00f6glicht. M\u00f6glichkeit, diesen Artikel mit Ihrem Logo oder Ihrem Bild f\u00fcr die Identifikation Ihrer Marke zu personalisieren.\n\nTechnische Merkmale:\n- Material: 100% Polyester in 190 T mit PU-Beschichtung\n- Futter: Polyestergitter\n- N\u00e4hte: Geschwei\u00dft\n- Kapuze: Abnehmbar\n- Manschetten: Verstellbar\n- Bund: Elastisch\n- Beine: Verstellbar durch Druck","nl":"Deze waterdichte overalls zijn gemaakt van 100% polyester (190 T) met PU-bekleding en bieden betrouwbare bescherming tegen slecht weer. Ze zijn voorzien van een polyester gaas voering voor extra comfort. Gelaste naden zorgen voor optimale waterdichtheid, terwijl de afneembare kap en aanpasbare polsbanden een persoonlijke aanpassing mogelijk maken. Een trekkord aan de onderkant en een elastische taille zorgen voor een comfortabele pasvorm. Aanpasbare benen door druk bieden extra flexibiliteit. De overalls worden geleverd in een tas met ritssluiting voor eenvoudige opslag. Mogelijkheid om dit artikel aan te passen met uw logo of visuele voor een identificatie van uw merk.  \n\nTechnische specificaties:\n- Materiaal: 100% polyester (190 T) met PU-bekleding\n- Voering: Polyester gaas\n- Naden: Gelast\n- Kap: Afneembaar\n- Polsbanden: Aanpasbaar\n- Taille: Elastisch\n- Benen: Aanpasbaar door druk","es":"Esta combinaci\u00f3n impermeable est\u00e1 dise\u00f1ada en 100% poli\u00e9ster (190 T) revestido PU, ofreciendo una protecci\u00f3n fiable contra las inclemencias del tiempo. Tiene un forro de malla de poli\u00e9ster para mayor comodidad. Las costuras soldadas garantizan una impermeabilidad \u00f3ptima, mientras que la capucha desmontable y las mu\u00f1ecas de las mangas ajustables permiten una adaptaci\u00f3n personalizada. Un cord\u00f3n de ajuste en la base y un pantal\u00f3n de cintura el\u00e1stica aseguran un ajuste c\u00f3modo. Las piernas ajustables por presi\u00f3n ofrecen una flexibilidad adicional. La combinaci\u00f3n viene en una bolsa con cremallera para un f\u00e1cil almacenamiento. Posibilidad de personalizar este art\u00edculo con su logo o su visual para una identificaci\u00f3n de su marca.\n\nCaracter\u00edsticas t\u00e9cnicas:\n- Material: 100% poli\u00e9ster (190 T) revestido PU\n- Forro: Malla de poli\u00e9ster\n- Costuras: Soldadas\n- Capucha: Desmontable\n- Mu\u00f1ecas: Ajustables\n- Talla: El\u00e1stica\n- Piernas: Ajustables por presi\u00f3n","it":"Questa tuta stagna \u00e8 progettata in 100% poliestere in PVC, offre una protezione affidabile contro le intemperie. Dotata di una fodera in rete di poliestere per un comfort maggiore. Le cuciture saldate garantiscono una tenuta ottimale, mentre il cappuccio rimovibile e i polsini regolabili permettono una personalizzazione. Un cordone di serraggio alla base e un pantalone con vita elastica assicurano una vestibilit\u00e0 comoda. Le gambe regolabili a pressione offrono ulteriore flessibilit\u00e0. La tuta \u00e8 fornita in un sacchetto con cerniera per un facile ripiegamento. Possibilit\u00e0 di personalizzare questo articolo con il proprio logo o visivo per un'identificazione del marchio. \n\nCaratteristiche tecniche:\n- Materiale: 100% poliestere\n- Fodera: Rete di poliestere\n- Cuciture: Saldate\n- Cappuccio: Rimovibile\n- Polsini: Regolabili\n- Vita: Elastica\n- Gambe: Regolabili a pressione","sv":"Denna vattent\u00e4ta kombination \u00e4r tillverkad av 100% polyester (190 T) med PU-bel\u00e4ggning, vilket ger p\u00e5litlig skydd mot v\u00e4derleken. Den har en inre polyestern\u00e4tduk f\u00f6r \u00f6kat komfort. Svetsade s\u00f6mmar garanterar optimal vattent\u00e4tning, medan den avtagbara huven och de justerbara manschetterna till\u00e5ter personliga anpassningar. En dragsn\u00f6re i botten och ett elastiskt midjeband p\u00e5 byxorna s\u00e4kerst\u00e4ller en bekv\u00e4m passform. De justerbara benen med tryckknappar ger extra flexibilitet. Kombinationen levereras i en v\u00e4ska med dragkedja f\u00f6r enkel f\u00f6rvaring. M\u00f6jlighet att personifiera denna artikel med ditt logotyp eller din bild f\u00f6r att identifiera ditt varum\u00e4rke.\n\nTekniska specifikationer:\n- Material: 100% polyester (190 T) med PU-bel\u00e4ggning\n- Foder: Polyestern\u00e4tduk\n- S\u00f6mmar: Svetsade\n- Huva: Avtagbar\n- Manschetter: Justerbara\n- Midja: Elastisk\n- Ben: Justerbara med tryckknappar","pt":"Esta combina\u00e7\u00e3o imperme\u00e1vel \u00e9 feita de poli\u00e9ster 100% (190 T) revestido de PU, oferecendo prote\u00e7\u00e3o confi\u00e1vel contra intemp\u00e9ries. Possui forro de rede de poli\u00e9ster para maior conforto. Costuras soldadas garantem impermeabilidade total, enquanto o capuz remov\u00edvel e os punhos de manga ajust\u00e1veis permitem ajuste personalizado. Um cord\u00e3o de aperto na base e uma cal\u00e7a el\u00e1stica garantem um ajuste confort\u00e1vel. Pernas ajust\u00e1veis por press\u00e3o oferecem flexibilidade adicional. A combina\u00e7\u00e3o \u00e9 fornecida em um saco com z\u00edper para f\u00e1cil armazenamento. Possibilidade de personalizar este artigo com seu logotipo ou visual para identifica\u00e7\u00e3o da sua marca.","da":"Denne vandt\u00e6tte kombinere er lavet af 100% polyester (190 T) med PU-bel\u00e6gning, der tilbyder p\u00e5lidelig beskyttelse mod v\u00e5d vejr. Den har en inderside af polyester net for \u00f8get komfort. Svetsede s\u00f8mme sikrer optimal vandt\u00e6thed, mens fjernbar kappe og justerbare \u00e6rmer giver personlig tilpasning. En tr\u00e6kstreng i bund og et elastisk taljeb\u00e5nd sikrer behagelig pasform. Justerbare ben ved tryk giver ekstra fleksibilitet. Kombineren leveres i en taske med glidel\u00e5s for nem opbevaring. Mulighed for at personligg\u00f8re denne artikel med dit logo eller visuel for en bedre m\u00e6rkning.","pl":"Ta odzie\u017c ochronna jest wykonana z 100% poliestru (190 T) pokrytego PU, zapewniaj\u0105c niezawodn\u0105 ochron\u0119 przed niekorzystnymi warunkami pogodowymi. Ma wk\u0142adk\u0119 z siatki poliestrowej dla wi\u0119kszego komfortu. Zespolone szwy zapewniaj\u0105 optymaln\u0105 szczelno\u015b\u0107, podczas gdy od\u0142\u0105czalny kaptur i regulowane mankiety zapewniaj\u0105 dostosowanie. Sznurek regulacyjny u do\u0142u i spodnie z gumk\u0105 zapewniaj\u0105 wygodne dopasowanie. Regulowane nogawki zapewniaj\u0105 dodatkow\u0105 elastyczno\u015b\u0107. Odzie\u017c jest dostarczana w torbie z zamkiem b\u0142yskawicznym dla \u0142atwego przechowywania. Mo\u017cliwo\u015b\u0107 dostosowania tego artyku\u0142u do Twojego loga lub wizualu dla identyfikacji Twojej marki. \n\nW\u0142a\u015bciwo\u015bci techniczne:\n- Materia\u0142: 100% poliestru (190 T) pokrytego PU\n- Wk\u0142adka: Siatka poliestrowa\n- Szwy: Zespolone\n- Kapelusz: Od\u0142\u0105czany\n- Mankiety: Regulowane\n- Rozmiar: Z gumk\u0105\n- Nogi: Regulowane"},"h1":{"fr":"Weatherguard schlechtwetter-anzug Combinaison \u00e9tanche polyester r\u00e9glable personnalisation r95a","en":"Weatherguard schlechtwetter-anzug Waterproof polyester adjustable customization r95a","de":"Weatherguard schlechtwetter-anzug Polyester regeltbare Regenkombination r95a","nl":"Weatherguard schlechtwetter-anzug Polyester waterdichte overalls aanpasbaar persoonlijke aanpassing r95a","es":"Traje Weatherguard para mal tiempo Combinaison impermeable de poli\u00e9ster ajustable personalizaci\u00f3n r95a","it":"Weatherguard schlechtwetter-anzug Tuta stagna in poliestere regolabile personalizzazione r95a","sv":"Weatherguard schlechtwetter-anzug Vattent\u00e4ta polyesteranpassningsbara personalisering r95a","pt":"Weatherguard schlechtwetter-anzug Combina\u00e7\u00e3o imperme\u00e1vel de poli\u00e9ster ajust\u00e1vel personaliza\u00e7\u00e3o r95a","da":"Weatherguard schlechtwetter-anzug Vandt\u00e6t polyester kombinere personalisering r95a","pl":"Weatherguard schlechtwetter-anzug Odzie\u017c ochronna poliestrowa regulowana dostosowywalna r95a"},"meta_description":{"fr":"Combinaison \u00e9tanche en polyester r\u00e9glable. Coutures soud\u00e9es, capuche amovible et jambes ajustables. Id\u00e9ale pour les conditions m\u00e9t\u00e9orologiques difficiles.","en":"Waterproof overall made of adjustable polyester. Sealed seams, detachable hood, and adjustable legs. Ideal for harsh weather conditions.","de":"Polyester regeltbare Regenkombination. Geschwei\u00dfte N\u00e4hte, abnehmbare Kapuze und verstellbare Beine. Ideal f\u00fcr schwierige Wetterbedingungen.","nl":"Aanpasbare waterdichte overalls van polyester met gelaste naden, afneembare kap en aanpasbare benen. Ideaal voor moeilijke weersomstandigheden.","es":"Combinaison impermeable de poli\u00e9ster ajustable. Costuras soldadas, capucha desmontable y piernas ajustables. Ideal para condiciones meteorol\u00f3gicas dif\u00edciles.","it":"Tuta stagna in poliestere regolabile. Cuciture saldate, cappuccio rimovibile e gambe regolabili. Ideale per condizioni meteorologiche difficili.","sv":"Vattent\u00e4ta polyesteranpassningsbara kombinationer. Svetsade s\u00f6mmar, avtagbar huva och justerbara ben. Idealisk f\u00f6r sv\u00e5ra v\u00e4derf\u00f6rh\u00e5llanden.","pt":"Combina\u00e7\u00e3o imperme\u00e1vel de poli\u00e9ster ajust\u00e1vel. Costuras soldadas, capuz remov\u00edvel e pernas ajust\u00e1veis. Ideal para condi\u00e7\u00f5es meteorol\u00f3gicas dif\u00edceis.","da":"Vandt\u00e6t polyester kombinere indstillelig. Svetsede s\u00f8mme, fjernbar kappe og justerbare ben. Ideel til vanskelige vejrforhold.","pl":"Odzie\u017c ochronna poliestrowa regulowana. Szwy zespolone, kapelusz od\u0142\u0105czany i nogawki dostosowywalne. Idealna w trudnych warunkach pogodowych."}}},"categories":[{"id":309,"name":"Combinaisons et salopettes","singular":"Combinaison et salopette","is_feminin":true},{"id":522,"name":"Combinaisons et cottes","singular":"Combinaison et cotte","is_feminin":false},{"id":561,"name":"BTP et Industrie","singular":"BTP et Industrie","is_feminin":false},{"id":559,"name":"Univers","singular":"Univers","is_feminin":false},{"id":354,"name":"Textile","singular":"Textile","is_feminin":false}],"certifications":[],"videos":{"fr":[],"en":[],"de":[],"nl":[],"es":[],"it":[],"sv":[],"pt":[],"da":[],"pl":[]},"main_images":{"miniature":"https:\/\/media.th4.com\/bUYY2KgO7k04yLdgdwZEdUK89raEaBeREE9qmCh-roo\/pr:80\/aHR0cDovL21lZGlhMi5kZXNpZ25wYXJ0bmVyLmZyL2MvcC1NVC8xNjY2LmpwZw?v=1646648602","medium":"https:\/\/media.th4.com\/5Vt_0a-upufmzQXQ3tY1Xkjr-GIFA7Men_ARSx31XmY\/pr:550x550greybg\/aHR0cDovL21lZGlhMi5kZXNpZ25wYXJ0bmVyLmZyL2MvcC1NVC8xNjY2LmpwZw?v=1646648602","medium_large":"https:\/\/media.th4.com\/F7kcoVATbwAiAbtVfjc4aprMwbunZ-u5vJe2A13ZqsA\/pr:1000x1000greybg\/aHR0cDovL21lZGlhMi5kZXNpZ25wYXJ0bmVyLmZyL2MvcC1NVC8xNjY2LmpwZw?v=1646648602","large":"https:\/\/media.th4.com\/gCdrgd-g3cVQ1Jcayqd2peRlqgPAJPaV5S0lSSmMtkg\/pr:1920greybg\/aHR0cDovL21lZGlhMi5kZXNpZ25wYXJ0bmVyLmZyL2MvcC1NVC8xNjY2LmpwZw?v=1646648602","opengraph":"https:\/\/media.th4.com\/hymMy0l-56UeIEYO0vQ1FGtBv5WUh_gY1XWyPaEqo9E\/pr:1200x630greybg\/aHR0cDovL21lZGlhMi5kZXNpZ25wYXJ0bmVyLmZyL2MvcC1NVC8xNjY2LmpwZw?v=1646648602"},"main_images_customization":{"miniature":"https:\/\/media.th4.com\/bUYY2KgO7k04yLdgdwZEdUK89raEaBeREE9qmCh-roo\/pr:80\/aHR0cDovL21lZGlhMi5kZXNpZ25wYXJ0bmVyLmZyL2MvcC1NVC8xNjY2LmpwZw?v=1646648602","medium":"https:\/\/media.th4.com\/5Vt_0a-upufmzQXQ3tY1Xkjr-GIFA7Men_ARSx31XmY\/pr:550x550greybg\/aHR0cDovL21lZGlhMi5kZXNpZ25wYXJ0bmVyLmZyL2MvcC1NVC8xNjY2LmpwZw?v=1646648602","medium_large":"https:\/\/media.th4.com\/F7kcoVATbwAiAbtVfjc4aprMwbunZ-u5vJe2A13ZqsA\/pr:1000x1000greybg\/aHR0cDovL21lZGlhMi5kZXNpZ25wYXJ0bmVyLmZyL2MvcC1NVC8xNjY2LmpwZw?v=1646648602","large":"https:\/\/media.th4.com\/gCdrgd-g3cVQ1Jcayqd2peRlqgPAJPaV5S0lSSmMtkg\/pr:1920greybg\/aHR0cDovL21lZGlhMi5kZXNpZ25wYXJ0bmVyLmZyL2MvcC1NVC8xNjY2LmpwZw?v=1646648602","opengraph":"https:\/\/media.th4.com\/hymMy0l-56UeIEYO0vQ1FGtBv5WUh_gY1XWyPaEqo9E\/pr:1200x630greybg\/aHR0cDovL21lZGlhMi5kZXNpZ25wYXJ0bmVyLmZyL2MvcC1NVC8xNjY2LmpwZw?v=1646648602"},"page_links":{"fr":"\/fr\/p-re-r095x-weatherguard-schlechtwetter-anzug-r95a-1666\/","en":"\/en\/p-re-r095x-weatherguard-rainwear-suit-r95a-1666\/","de":"\/de\/p-re-r095x-weatherguard-schlechtwetter-anzug-r95a-1666\/","nl":"\/nl\/p-re-r095x-weatherguard-slechtweerspak-r95a-1666\/","es":"\/es\/p-re-r095x-weatherguard-trajes-para-mal-tiempo-r95a-1666\/","it":"\/it\/p-re-r095x-weatherguard-tuta-da-maltempo-r95a-1666\/","sv":"\/sv\/p-re-r095x-weatherguard-daligt-vaderoverall-r95a-1666\/","pt":"\/pt\/p-re-r095x-macacao-weatherguard-para-mau-tempo-r95a-1666\/","da":"\/da\/p-re-r095x-weatherguard-schlechtwetter-anzug-r95a-1666\/","pl":"\/pl\/p-re-r095x-weatherguard-schlechtwetter-anzug-r95a-1666\/"},"page_links_customization":{"fr":"\/fr\/p-re-r095x-weatherguard-schlechtwetter-anzug-combinaison-etanche-polyester-reglable-personnalisation-r95a-1666\/custom\/","en":"\/en\/p-re-r095x-weatherguard-schlechtwetter-anzug-waterproof-polyester-adjustable-customization-r95a-1666\/custom\/","de":"\/de\/p-re-r095x-weatherguard-schlechtwetter-anzug-polyester-regeltbare-regenkombination-r95a-1666\/custom\/","nl":"\/nl\/p-re-r095x-weatherguard-schlechtwetter-anzug-polyester-waterdichte-overalls-aanpasbaar-persoonlijke-aanpassing-r95a-1666\/custom\/","es":"\/es\/p-re-r095x-traje-weatherguard-para-mal-tiempo-combinaison-impermeable-de-poliester-ajustable-personalizacion-r95a-1666\/custom\/","it":"\/it\/p-re-r095x-weatherguard-schlechtwetter-anzug-tuta-stagna-in-poliestere-regolabile-personalizzazione-r95a-1666\/custom\/","sv":"\/sv\/p-re-r095x-weatherguard-schlechtwetter-anzug-vattentata-polyesteranpassningsbara-personalisering-r95a-1666\/custom\/","pt":"\/pt\/p-re-r095x-weatherguard-schlechtwetter-anzug-combinacao-impermeavel-de-poliester-ajustavel-personalizacao-r95a-1666\/custom\/","da":"\/da\/p-re-r095x-weatherguard-schlechtwetter-anzug-vandtaet-polyester-kombinere-personalisering-r95a-1666\/custom\/","pl":"\/pl\/p-re-r095x-weatherguard-schlechtwetter-anzug-odziez-ochronna-poliestrowa-regulowana-dostosowywalna-r95a-1666\/custom\/"},"equivalent_products":[],"colors":[{"id":364,"name":"black","class_ids":[4],"codes_hexa":["1a1a18"],"delai_24":false,"has_3d":false,"seuil_global":0,"stock_local":0,"stock_global":1463,"on_standby":false,"in_catalog":true,"images":{"miniature":["https:\/\/media.th4.com\/ybfaZD-H3xPx5c-qY-e1Cqo0lPjOcYGy2lqKL41B_e4\/pr:80\/aHR0cDovL21lZGlhMi5kZXNpZ25wYXJ0bmVyLmZyL2MvcC8xNjY2LzE2NjYtMzY0LTEud2VicA?v=1769423565"],"medium":["https:\/\/media.th4.com\/HVdCgl9vvzdK0T8Sxk2X1x32WYpi5eJGmq319-8pqKI\/pr:550x550\/aHR0cDovL21lZGlhMi5kZXNpZ25wYXJ0bmVyLmZyL2MvcC8xNjY2LzE2NjYtMzY0LTEud2VicA?v=1769423565"],"medium_large":["https:\/\/media.th4.com\/q4mFxkYESFnlW8h_VDQWUxiin8h771NA0o_3HIDSas8\/pr:1000x1000\/aHR0cDovL21lZGlhMi5kZXNpZ25wYXJ0bmVyLmZyL2MvcC8xNjY2LzE2NjYtMzY0LTEud2VicA?v=1769423565"],"large":["https:\/\/media.th4.com\/awn-gyPZZo6PPOP1ncL-tRhyQos3efhqvwD0Tgdr4Rw\/pr:1920\/aHR0cDovL21lZGlhMi5kZXNpZ25wYXJ0bmVyLmZyL2MvcC8xNjY2LzE2NjYtMzY0LTEud2VicA?v=1769423565"],"opengraph":["https:\/\/media.th4.com\/VYqEx98G9o2vwzj81CQPATuIceZntRcf2ShjwNGmHt4\/pr:1200x630\/aHR0cDovL21lZGlhMi5kZXNpZ25wYXJ0bmVyLmZyL2MvcC8xNjY2LzE2NjYtMzY0LTEud2VicA?v=1769423565"]},"images_customization":{"miniature":["https:\/\/media.th4.com\/ybfaZD-H3xPx5c-qY-e1Cqo0lPjOcYGy2lqKL41B_e4\/pr:80\/aHR0cDovL21lZGlhMi5kZXNpZ25wYXJ0bmVyLmZyL2MvcC8xNjY2LzE2NjYtMzY0LTEud2VicA?v=1769423565"],"medium":["https:\/\/media.th4.com\/HVdCgl9vvzdK0T8Sxk2X1x32WYpi5eJGmq319-8pqKI\/pr:550x550\/aHR0cDovL21lZGlhMi5kZXNpZ25wYXJ0bmVyLmZyL2MvcC8xNjY2LzE2NjYtMzY0LTEud2VicA?v=1769423565"],"medium_large":["https:\/\/media.th4.com\/q4mFxkYESFnlW8h_VDQWUxiin8h771NA0o_3HIDSas8\/pr:1000x1000\/aHR0cDovL21lZGlhMi5kZXNpZ25wYXJ0bmVyLmZyL2MvcC8xNjY2LzE2NjYtMzY0LTEud2VicA?v=1769423565"],"large":["https:\/\/media.th4.com\/awn-gyPZZo6PPOP1ncL-tRhyQos3efhqvwD0Tgdr4Rw\/pr:1920\/aHR0cDovL21lZGlhMi5kZXNpZ25wYXJ0bmVyLmZyL2MvcC8xNjY2LzE2NjYtMzY0LTEud2VicA?v=1769423565"],"opengraph":["https:\/\/media.th4.com\/VYqEx98G9o2vwzj81CQPATuIceZntRcf2ShjwNGmHt4\/pr:1200x630\/aHR0cDovL21lZGlhMi5kZXNpZ25wYXJ0bmVyLmZyL2MvcC8xNjY2LzE2NjYtMzY0LTEud2VicA?v=1769423565"]},"country_origin":"CN","traceability":{"manufacturing_country_id":null,"weaving_country_id":null,"dyeing_country_id":null},"sizes":[{"id":3,"article_id":48081,"class_id":3,"name":"S","on_standby":false,"stock_local":0,"stock_global":45,"multiple":1,"estimated_date_reassort":null,"is_destocking":false},{"id":2,"article_id":39666,"class_id":4,"name":"M","on_standby":false,"stock_local":0,"stock_global":224,"multiple":1,"estimated_date_reassort":null,"is_destocking":false},{"id":1,"article_id":39667,"class_id":5,"name":"L","on_standby":false,"stock_local":0,"stock_global":355,"multiple":1,"estimated_date_reassort":null,"is_destocking":false},{"id":4,"article_id":39668,"class_id":6,"name":"XL","on_standby":false,"stock_local":0,"stock_global":475,"multiple":1,"estimated_date_reassort":null,"is_destocking":false},{"id":1116,"article_id":244769,"class_id":7,"name":"2XL","on_standby":false,"stock_local":0,"stock_global":364,"multiple":1,"estimated_date_reassort":null,"is_destocking":false}],"page_links":{"fr":"\/fr\/p-re-r095x-weatherguard-schlechtwetter-anzug-r95a-1666\/black-364\/","en":"\/en\/p-re-r095x-weatherguard-rainwear-suit-r95a-1666\/black-364\/","de":"\/de\/p-re-r095x-weatherguard-schlechtwetter-anzug-r95a-1666\/black-364\/","nl":"\/nl\/p-re-r095x-weatherguard-slechtweerspak-r95a-1666\/black-364\/","es":"\/es\/p-re-r095x-weatherguard-trajes-para-mal-tiempo-r95a-1666\/black-364\/","it":"\/it\/p-re-r095x-weatherguard-tuta-da-maltempo-r95a-1666\/black-364\/","sv":"\/sv\/p-re-r095x-weatherguard-daligt-vaderoverall-r95a-1666\/black-364\/","pt":"\/pt\/p-re-r095x-macacao-weatherguard-para-mau-tempo-r95a-1666\/black-364\/","da":"\/da\/p-re-r095x-weatherguard-schlechtwetter-anzug-r95a-1666\/black-364\/","pl":"\/pl\/p-re-r095x-weatherguard-schlechtwetter-anzug-r95a-1666\/black-364\/"},"page_links_customization":{"fr":"\/fr\/p-re-r095x-weatherguard-schlechtwetter-anzug-combinaison-etanche-polyester-reglable-personnalisation-r95a-1666\/black-364\/custom\/","en":"\/en\/p-re-r095x-weatherguard-schlechtwetter-anzug-waterproof-polyester-adjustable-customization-r95a-1666\/black-364\/custom\/","de":"\/de\/p-re-r095x-weatherguard-schlechtwetter-anzug-polyester-regeltbare-regenkombination-r95a-1666\/black-364\/custom\/","nl":"\/nl\/p-re-r095x-weatherguard-schlechtwetter-anzug-polyester-waterdichte-overalls-aanpasbaar-persoonlijke-aanpassing-r95a-1666\/black-364\/custom\/","es":"\/es\/p-re-r095x-traje-weatherguard-para-mal-tiempo-combinaison-impermeable-de-poliester-ajustable-personalizacion-r95a-1666\/black-364\/custom\/","it":"\/it\/p-re-r095x-weatherguard-schlechtwetter-anzug-tuta-stagna-in-poliestere-regolabile-personalizzazione-r95a-1666\/black-364\/custom\/","sv":"\/sv\/p-re-r095x-weatherguard-schlechtwetter-anzug-vattentata-polyesteranpassningsbara-personalisering-r95a-1666\/black-364\/custom\/","pt":"\/pt\/p-re-r095x-weatherguard-schlechtwetter-anzug-combinacao-impermeavel-de-poliester-ajustavel-personalizacao-r95a-1666\/black-364\/custom\/","da":"\/da\/p-re-r095x-weatherguard-schlechtwetter-anzug-vandtaet-polyester-kombinere-personalisering-r95a-1666\/black-364\/custom\/","pl":"\/pl\/p-re-r095x-weatherguard-schlechtwetter-anzug-odziez-ochronna-poliestrowa-regulowana-dostosowywalna-r95a-1666\/black-364\/custom\/"}},{"id":22474,"name":"navy","class_ids":[2],"codes_hexa":["19286b"],"delai_24":false,"has_3d":false,"seuil_global":0,"stock_local":0,"stock_global":955,"on_standby":false,"in_catalog":true,"images":{"miniature":["https:\/\/media.th4.com\/32h2rqIazqFwIbnp1RCCtTRhd7D9m03vLiBXveGYt6k\/pr:80\/aHR0cDovL21lZGlhMi5kZXNpZ25wYXJ0bmVyLmZyL2MvcC8xNjY2LzE2NjYtMjI0NzQtMS53ZWJw?v=1769423568"],"medium":["https:\/\/media.th4.com\/6rvEn99WHCi-Ph5pYI4mVavxFHdPd3MyzR5dVGmxd3E\/pr:550x550\/aHR0cDovL21lZGlhMi5kZXNpZ25wYXJ0bmVyLmZyL2MvcC8xNjY2LzE2NjYtMjI0NzQtMS53ZWJw?v=1769423568"],"medium_large":["https:\/\/media.th4.com\/kP1FTDLigTChjcDAiptwS7bsZD4hAOBlEP8dn1e-oA0\/pr:1000x1000\/aHR0cDovL21lZGlhMi5kZXNpZ25wYXJ0bmVyLmZyL2MvcC8xNjY2LzE2NjYtMjI0NzQtMS53ZWJw?v=1769423568"],"large":["https:\/\/media.th4.com\/ccU73cvZwQYVvPbtDlBBO2BjyiDG3atWlDuLAGRW-xc\/pr:1920\/aHR0cDovL21lZGlhMi5kZXNpZ25wYXJ0bmVyLmZyL2MvcC8xNjY2LzE2NjYtMjI0NzQtMS53ZWJw?v=1769423568"],"opengraph":["https:\/\/media.th4.com\/0aOhU0Ty-_jpi4XO-np9yeg59M0zIBg6Vku8eqK_FEg\/pr:1200x630\/aHR0cDovL21lZGlhMi5kZXNpZ25wYXJ0bmVyLmZyL2MvcC8xNjY2LzE2NjYtMjI0NzQtMS53ZWJw?v=1769423568"]},"images_customization":{"miniature":["https:\/\/media.th4.com\/32h2rqIazqFwIbnp1RCCtTRhd7D9m03vLiBXveGYt6k\/pr:80\/aHR0cDovL21lZGlhMi5kZXNpZ25wYXJ0bmVyLmZyL2MvcC8xNjY2LzE2NjYtMjI0NzQtMS53ZWJw?v=1769423568"],"medium":["https:\/\/media.th4.com\/6rvEn99WHCi-Ph5pYI4mVavxFHdPd3MyzR5dVGmxd3E\/pr:550x550\/aHR0cDovL21lZGlhMi5kZXNpZ25wYXJ0bmVyLmZyL2MvcC8xNjY2LzE2NjYtMjI0NzQtMS53ZWJw?v=1769423568"],"medium_large":["https:\/\/media.th4.com\/kP1FTDLigTChjcDAiptwS7bsZD4hAOBlEP8dn1e-oA0\/pr:1000x1000\/aHR0cDovL21lZGlhMi5kZXNpZ25wYXJ0bmVyLmZyL2MvcC8xNjY2LzE2NjYtMjI0NzQtMS53ZWJw?v=1769423568"],"large":["https:\/\/media.th4.com\/ccU73cvZwQYVvPbtDlBBO2BjyiDG3atWlDuLAGRW-xc\/pr:1920\/aHR0cDovL21lZGlhMi5kZXNpZ25wYXJ0bmVyLmZyL2MvcC8xNjY2LzE2NjYtMjI0NzQtMS53ZWJw?v=1769423568"],"opengraph":["https:\/\/media.th4.com\/0aOhU0Ty-_jpi4XO-np9yeg59M0zIBg6Vku8eqK_FEg\/pr:1200x630\/aHR0cDovL21lZGlhMi5kZXNpZ25wYXJ0bmVyLmZyL2MvcC8xNjY2LzE2NjYtMjI0NzQtMS53ZWJw?v=1769423568"]},"country_origin":"CN","traceability":{"manufacturing_country_id":null,"weaving_country_id":null,"dyeing_country_id":null},"sizes":[{"id":3,"article_id":39675,"class_id":3,"name":"S","on_standby":false,"stock_local":0,"stock_global":67,"multiple":1,"estimated_date_reassort":null,"is_destocking":false},{"id":2,"article_id":39676,"class_id":4,"name":"M","on_standby":false,"stock_local":0,"stock_global":241,"multiple":1,"estimated_date_reassort":null,"is_destocking":false},{"id":1,"article_id":39677,"class_id":5,"name":"L","on_standby":false,"stock_local":0,"stock_global":212,"multiple":1,"estimated_date_reassort":null,"is_destocking":false},{"id":4,"article_id":39678,"class_id":6,"name":"XL","on_standby":false,"stock_local":0,"stock_global":232,"multiple":1,"estimated_date_reassort":null,"is_destocking":false},{"id":1116,"article_id":244771,"class_id":7,"name":"2XL","on_standby":false,"stock_local":0,"stock_global":203,"multiple":1,"estimated_date_reassort":null,"is_destocking":false}],"page_links":{"fr":"\/fr\/p-re-r095x-weatherguard-schlechtwetter-anzug-r95a-1666\/navy-22474\/","en":"\/en\/p-re-r095x-weatherguard-rainwear-suit-r95a-1666\/navy-22474\/","de":"\/de\/p-re-r095x-weatherguard-schlechtwetter-anzug-r95a-1666\/navy-22474\/","nl":"\/nl\/p-re-r095x-weatherguard-slechtweerspak-r95a-1666\/navy-22474\/","es":"\/es\/p-re-r095x-weatherguard-trajes-para-mal-tiempo-r95a-1666\/navy-22474\/","it":"\/it\/p-re-r095x-weatherguard-tuta-da-maltempo-r95a-1666\/navy-22474\/","sv":"\/sv\/p-re-r095x-weatherguard-daligt-vaderoverall-r95a-1666\/navy-22474\/","pt":"\/pt\/p-re-r095x-macacao-weatherguard-para-mau-tempo-r95a-1666\/navy-22474\/","da":"\/da\/p-re-r095x-weatherguard-schlechtwetter-anzug-r95a-1666\/navy-22474\/","pl":"\/pl\/p-re-r095x-weatherguard-schlechtwetter-anzug-r95a-1666\/navy-22474\/"},"page_links_customization":{"fr":"\/fr\/p-re-r095x-weatherguard-schlechtwetter-anzug-combinaison-etanche-polyester-reglable-personnalisation-r95a-1666\/navy-22474\/custom\/","en":"\/en\/p-re-r095x-weatherguard-schlechtwetter-anzug-waterproof-polyester-adjustable-customization-r95a-1666\/navy-22474\/custom\/","de":"\/de\/p-re-r095x-weatherguard-schlechtwetter-anzug-polyester-regeltbare-regenkombination-r95a-1666\/navy-22474\/custom\/","nl":"\/nl\/p-re-r095x-weatherguard-schlechtwetter-anzug-polyester-waterdichte-overalls-aanpasbaar-persoonlijke-aanpassing-r95a-1666\/navy-22474\/custom\/","es":"\/es\/p-re-r095x-traje-weatherguard-para-mal-tiempo-combinaison-impermeable-de-poliester-ajustable-personalizacion-r95a-1666\/navy-22474\/custom\/","it":"\/it\/p-re-r095x-weatherguard-schlechtwetter-anzug-tuta-stagna-in-poliestere-regolabile-personalizzazione-r95a-1666\/navy-22474\/custom\/","sv":"\/sv\/p-re-r095x-weatherguard-schlechtwetter-anzug-vattentata-polyesteranpassningsbara-personalisering-r95a-1666\/navy-22474\/custom\/","pt":"\/pt\/p-re-r095x-weatherguard-schlechtwetter-anzug-combinacao-impermeavel-de-poliester-ajustavel-personalizacao-r95a-1666\/navy-22474\/custom\/","da":"\/da\/p-re-r095x-weatherguard-schlechtwetter-anzug-vandtaet-polyester-kombinere-personalisering-r95a-1666\/navy-22474\/custom\/","pl":"\/pl\/p-re-r095x-weatherguard-schlechtwetter-anzug-odziez-ochronna-poliestrowa-regulowana-dostosowywalna-r95a-1666\/navy-22474\/custom\/"}},{"id":334,"name":"royal","class_ids":[2],"codes_hexa":["014189"],"delai_24":false,"has_3d":false,"seuil_global":0,"stock_local":0,"stock_global":818,"on_standby":false,"in_catalog":true,"images":{"miniature":["https:\/\/media.th4.com\/1f8G4eR6ITw1V7k_tQnWGANfzS7QX9BUCaMQe2pUjgo\/pr:80\/aHR0cDovL21lZGlhMi5kZXNpZ25wYXJ0bmVyLmZyL2MvcC8xNjY2LzE2NjYtMzM0LTEud2VicA?v=1769423570"],"medium":["https:\/\/media.th4.com\/rbYpH4gFjBNke3MKT55GvU-_q2V5-_rlqa3123-GfFM\/pr:550x550\/aHR0cDovL21lZGlhMi5kZXNpZ25wYXJ0bmVyLmZyL2MvcC8xNjY2LzE2NjYtMzM0LTEud2VicA?v=1769423570"],"medium_large":["https:\/\/media.th4.com\/OtQFdY8LwgLxT_F0vtL_AasHJk7zNMym3pDB023c6cw\/pr:1000x1000\/aHR0cDovL21lZGlhMi5kZXNpZ25wYXJ0bmVyLmZyL2MvcC8xNjY2LzE2NjYtMzM0LTEud2VicA?v=1769423570"],"large":["https:\/\/media.th4.com\/-qrZgZz1u3nl04suPHKfX4u3r7UkwHdfB9QS7MZ9CAY\/pr:1920\/aHR0cDovL21lZGlhMi5kZXNpZ25wYXJ0bmVyLmZyL2MvcC8xNjY2LzE2NjYtMzM0LTEud2VicA?v=1769423570"],"opengraph":["https:\/\/media.th4.com\/ZK5YcCwOO9iZKF4qYN_mabT9-N308hWeUmNJWdA0014\/pr:1200x630\/aHR0cDovL21lZGlhMi5kZXNpZ25wYXJ0bmVyLmZyL2MvcC8xNjY2LzE2NjYtMzM0LTEud2VicA?v=1769423570"]},"images_customization":{"miniature":["https:\/\/media.th4.com\/1f8G4eR6ITw1V7k_tQnWGANfzS7QX9BUCaMQe2pUjgo\/pr:80\/aHR0cDovL21lZGlhMi5kZXNpZ25wYXJ0bmVyLmZyL2MvcC8xNjY2LzE2NjYtMzM0LTEud2VicA?v=1769423570"],"medium":["https:\/\/media.th4.com\/rbYpH4gFjBNke3MKT55GvU-_q2V5-_rlqa3123-GfFM\/pr:550x550\/aHR0cDovL21lZGlhMi5kZXNpZ25wYXJ0bmVyLmZyL2MvcC8xNjY2LzE2NjYtMzM0LTEud2VicA?v=1769423570"],"medium_large":["https:\/\/media.th4.com\/OtQFdY8LwgLxT_F0vtL_AasHJk7zNMym3pDB023c6cw\/pr:1000x1000\/aHR0cDovL21lZGlhMi5kZXNpZ25wYXJ0bmVyLmZyL2MvcC8xNjY2LzE2NjYtMzM0LTEud2VicA?v=1769423570"],"large":["https:\/\/media.th4.com\/-qrZgZz1u3nl04suPHKfX4u3r7UkwHdfB9QS7MZ9CAY\/pr:1920\/aHR0cDovL21lZGlhMi5kZXNpZ25wYXJ0bmVyLmZyL2MvcC8xNjY2LzE2NjYtMzM0LTEud2VicA?v=1769423570"],"opengraph":["https:\/\/media.th4.com\/ZK5YcCwOO9iZKF4qYN_mabT9-N308hWeUmNJWdA0014\/pr:1200x630\/aHR0cDovL21lZGlhMi5kZXNpZ25wYXJ0bmVyLmZyL2MvcC8xNjY2LzE2NjYtMzM0LTEud2VicA?v=1769423570"]},"country_origin":"CN","traceability":{"manufacturing_country_id":null,"weaving_country_id":null,"dyeing_country_id":null},"sizes":[{"id":3,"article_id":48082,"class_id":3,"name":"S","on_standby":false,"stock_local":0,"stock_global":82,"multiple":1,"estimated_date_reassort":null,"is_destocking":false},{"id":2,"article_id":48083,"class_id":4,"name":"M","on_standby":false,"stock_local":0,"stock_global":104,"multiple":1,"estimated_date_reassort":null,"is_destocking":false},{"id":1,"article_id":48084,"class_id":5,"name":"L","on_standby":false,"stock_local":0,"stock_global":359,"multiple":1,"estimated_date_reassort":null,"is_destocking":false},{"id":4,"article_id":48085,"class_id":6,"name":"XL","on_standby":false,"stock_local":0,"stock_global":121,"multiple":1,"estimated_date_reassort":null,"is_destocking":false},{"id":1116,"article_id":245215,"class_id":7,"name":"2XL","on_standby":false,"stock_local":0,"stock_global":152,"multiple":1,"estimated_date_reassort":null,"is_destocking":false}],"page_links":{"fr":"\/fr\/p-re-r095x-weatherguard-schlechtwetter-anzug-r95a-1666\/royal-334\/","en":"\/en\/p-re-r095x-weatherguard-rainwear-suit-r95a-1666\/royal-334\/","de":"\/de\/p-re-r095x-weatherguard-schlechtwetter-anzug-r95a-1666\/royal-334\/","nl":"\/nl\/p-re-r095x-weatherguard-slechtweerspak-r95a-1666\/royal-334\/","es":"\/es\/p-re-r095x-weatherguard-trajes-para-mal-tiempo-r95a-1666\/royal-334\/","it":"\/it\/p-re-r095x-weatherguard-tuta-da-maltempo-r95a-1666\/royal-334\/","sv":"\/sv\/p-re-r095x-weatherguard-daligt-vaderoverall-r95a-1666\/royal-334\/","pt":"\/pt\/p-re-r095x-macacao-weatherguard-para-mau-tempo-r95a-1666\/royal-334\/","da":"\/da\/p-re-r095x-weatherguard-schlechtwetter-anzug-r95a-1666\/royal-334\/","pl":"\/pl\/p-re-r095x-weatherguard-schlechtwetter-anzug-r95a-1666\/royal-334\/"},"page_links_customization":{"fr":"\/fr\/p-re-r095x-weatherguard-schlechtwetter-anzug-combinaison-etanche-polyester-reglable-personnalisation-r95a-1666\/royal-334\/custom\/","en":"\/en\/p-re-r095x-weatherguard-schlechtwetter-anzug-waterproof-polyester-adjustable-customization-r95a-1666\/royal-334\/custom\/","de":"\/de\/p-re-r095x-weatherguard-schlechtwetter-anzug-polyester-regeltbare-regenkombination-r95a-1666\/royal-334\/custom\/","nl":"\/nl\/p-re-r095x-weatherguard-schlechtwetter-anzug-polyester-waterdichte-overalls-aanpasbaar-persoonlijke-aanpassing-r95a-1666\/royal-334\/custom\/","es":"\/es\/p-re-r095x-traje-weatherguard-para-mal-tiempo-combinaison-impermeable-de-poliester-ajustable-personalizacion-r95a-1666\/royal-334\/custom\/","it":"\/it\/p-re-r095x-weatherguard-schlechtwetter-anzug-tuta-stagna-in-poliestere-regolabile-personalizzazione-r95a-1666\/royal-334\/custom\/","sv":"\/sv\/p-re-r095x-weatherguard-schlechtwetter-anzug-vattentata-polyesteranpassningsbara-personalisering-r95a-1666\/royal-334\/custom\/","pt":"\/pt\/p-re-r095x-weatherguard-schlechtwetter-anzug-combinacao-impermeavel-de-poliester-ajustavel-personalizacao-r95a-1666\/royal-334\/custom\/","da":"\/da\/p-re-r095x-weatherguard-schlechtwetter-anzug-vandtaet-polyester-kombinere-personalisering-r95a-1666\/royal-334\/custom\/","pl":"\/pl\/p-re-r095x-weatherguard-schlechtwetter-anzug-odziez-ochronna-poliestrowa-regulowana-dostosowywalna-r95a-1666\/royal-334\/custom\/"}},{"id":2457,"name":"fluorescent_yellow","class_ids":[13,12],"codes_hexa":["f9eb54"],"delai_24":false,"has_3d":false,"seuil_global":0,"stock_local":0,"stock_global":723,"on_standby":false,"in_catalog":true,"images":{"miniature":["https:\/\/media.th4.com\/jkSpScNg4hm2Zqpv_QJdvsBvIR-YW4U5_jUmbMnZm9k\/pr:80\/aHR0cDovL21lZGlhMi5kZXNpZ25wYXJ0bmVyLmZyL2MvcC8xNjY2LzE2NjYtMjQ1Ny0xLndlYnA?v=1769423566"],"medium":["https:\/\/media.th4.com\/7sGHYfuHyw-6BP3K5GKKONJssHooPYMWQOW0EVkhI0I\/pr:550x550\/aHR0cDovL21lZGlhMi5kZXNpZ25wYXJ0bmVyLmZyL2MvcC8xNjY2LzE2NjYtMjQ1Ny0xLndlYnA?v=1769423566"],"medium_large":["https:\/\/media.th4.com\/7mbLxWFU4JyrO9NiPjWxxysB_ceiZzaEdo1f8WFKi_Q\/pr:1000x1000\/aHR0cDovL21lZGlhMi5kZXNpZ25wYXJ0bmVyLmZyL2MvcC8xNjY2LzE2NjYtMjQ1Ny0xLndlYnA?v=1769423566"],"large":["https:\/\/media.th4.com\/q1YqHyYkVjhFk2Ul_mJ67aJAUCY6r9cp0G8AkCnjc1c\/pr:1920\/aHR0cDovL21lZGlhMi5kZXNpZ25wYXJ0bmVyLmZyL2MvcC8xNjY2LzE2NjYtMjQ1Ny0xLndlYnA?v=1769423566"],"opengraph":["https:\/\/media.th4.com\/QVQcCKG6yw8m7DWOLfmWk6D0MD7lPqZTMoBStDfTzzA\/pr:1200x630\/aHR0cDovL21lZGlhMi5kZXNpZ25wYXJ0bmVyLmZyL2MvcC8xNjY2LzE2NjYtMjQ1Ny0xLndlYnA?v=1769423566"]},"images_customization":{"miniature":["https:\/\/media.th4.com\/jkSpScNg4hm2Zqpv_QJdvsBvIR-YW4U5_jUmbMnZm9k\/pr:80\/aHR0cDovL21lZGlhMi5kZXNpZ25wYXJ0bmVyLmZyL2MvcC8xNjY2LzE2NjYtMjQ1Ny0xLndlYnA?v=1769423566"],"medium":["https:\/\/media.th4.com\/7sGHYfuHyw-6BP3K5GKKONJssHooPYMWQOW0EVkhI0I\/pr:550x550\/aHR0cDovL21lZGlhMi5kZXNpZ25wYXJ0bmVyLmZyL2MvcC8xNjY2LzE2NjYtMjQ1Ny0xLndlYnA?v=1769423566"],"medium_large":["https:\/\/media.th4.com\/7mbLxWFU4JyrO9NiPjWxxysB_ceiZzaEdo1f8WFKi_Q\/pr:1000x1000\/aHR0cDovL21lZGlhMi5kZXNpZ25wYXJ0bmVyLmZyL2MvcC8xNjY2LzE2NjYtMjQ1Ny0xLndlYnA?v=1769423566"],"large":["https:\/\/media.th4.com\/q1YqHyYkVjhFk2Ul_mJ67aJAUCY6r9cp0G8AkCnjc1c\/pr:1920\/aHR0cDovL21lZGlhMi5kZXNpZ25wYXJ0bmVyLmZyL2MvcC8xNjY2LzE2NjYtMjQ1Ny0xLndlYnA?v=1769423566"],"opengraph":["https:\/\/media.th4.com\/QVQcCKG6yw8m7DWOLfmWk6D0MD7lPqZTMoBStDfTzzA\/pr:1200x630\/aHR0cDovL21lZGlhMi5kZXNpZ25wYXJ0bmVyLmZyL2MvcC8xNjY2LzE2NjYtMjQ1Ny0xLndlYnA?v=1769423566"]},"country_origin":"CN","traceability":{"manufacturing_country_id":null,"weaving_country_id":null,"dyeing_country_id":null},"sizes":[{"id":3,"article_id":48097,"class_id":3,"name":"S","on_standby":false,"stock_local":0,"stock_global":61,"multiple":1,"estimated_date_reassort":null,"is_destocking":false},{"id":2,"article_id":48098,"class_id":4,"name":"M","on_standby":false,"stock_local":0,"stock_global":266,"multiple":1,"estimated_date_reassort":null,"is_destocking":false},{"id":1,"article_id":48099,"class_id":5,"name":"L","on_standby":false,"stock_local":0,"stock_global":71,"multiple":1,"estimated_date_reassort":null,"is_destocking":false},{"id":4,"article_id":48100,"class_id":6,"name":"XL","on_standby":false,"stock_local":0,"stock_global":253,"multiple":1,"estimated_date_reassort":null,"is_destocking":false},{"id":1116,"article_id":245218,"class_id":7,"name":"2XL","on_standby":false,"stock_local":0,"stock_global":72,"multiple":1,"estimated_date_reassort":null,"is_destocking":false}],"page_links":{"fr":"\/fr\/p-re-r095x-weatherguard-schlechtwetter-anzug-r95a-1666\/fluorescent-yellow-2457\/","en":"\/en\/p-re-r095x-weatherguard-rainwear-suit-r95a-1666\/fluorescent-yellow-2457\/","de":"\/de\/p-re-r095x-weatherguard-schlechtwetter-anzug-r95a-1666\/fluorescent-yellow-2457\/","nl":"\/nl\/p-re-r095x-weatherguard-slechtweerspak-r95a-1666\/fluorescent-yellow-2457\/","es":"\/es\/p-re-r095x-weatherguard-trajes-para-mal-tiempo-r95a-1666\/fluorescent-yellow-2457\/","it":"\/it\/p-re-r095x-weatherguard-tuta-da-maltempo-r95a-1666\/fluorescent-yellow-2457\/","sv":"\/sv\/p-re-r095x-weatherguard-daligt-vaderoverall-r95a-1666\/fluorescent-yellow-2457\/","pt":"\/pt\/p-re-r095x-macacao-weatherguard-para-mau-tempo-r95a-1666\/fluorescent-yellow-2457\/","da":"\/da\/p-re-r095x-weatherguard-schlechtwetter-anzug-r95a-1666\/fluorescent-yellow-2457\/","pl":"\/pl\/p-re-r095x-weatherguard-schlechtwetter-anzug-r95a-1666\/fluorescent-yellow-2457\/"},"page_links_customization":{"fr":"\/fr\/p-re-r095x-weatherguard-schlechtwetter-anzug-combinaison-etanche-polyester-reglable-personnalisation-r95a-1666\/fluorescent-yellow-2457\/custom\/","en":"\/en\/p-re-r095x-weatherguard-schlechtwetter-anzug-waterproof-polyester-adjustable-customization-r95a-1666\/fluorescent-yellow-2457\/custom\/","de":"\/de\/p-re-r095x-weatherguard-schlechtwetter-anzug-polyester-regeltbare-regenkombination-r95a-1666\/fluorescent-yellow-2457\/custom\/","nl":"\/nl\/p-re-r095x-weatherguard-schlechtwetter-anzug-polyester-waterdichte-overalls-aanpasbaar-persoonlijke-aanpassing-r95a-1666\/fluorescent-yellow-2457\/custom\/","es":"\/es\/p-re-r095x-traje-weatherguard-para-mal-tiempo-combinaison-impermeable-de-poliester-ajustable-personalizacion-r95a-1666\/fluorescent-yellow-2457\/custom\/","it":"\/it\/p-re-r095x-weatherguard-schlechtwetter-anzug-tuta-stagna-in-poliestere-regolabile-personalizzazione-r95a-1666\/fluorescent-yellow-2457\/custom\/","sv":"\/sv\/p-re-r095x-weatherguard-schlechtwetter-anzug-vattentata-polyesteranpassningsbara-personalisering-r95a-1666\/fluorescent-yellow-2457\/custom\/","pt":"\/pt\/p-re-r095x-weatherguard-schlechtwetter-anzug-combinacao-impermeavel-de-poliester-ajustavel-personalizacao-r95a-1666\/fluorescent-yellow-2457\/custom\/","da":"\/da\/p-re-r095x-weatherguard-schlechtwetter-anzug-vandtaet-polyester-kombinere-personalisering-r95a-1666\/fluorescent-yellow-2457\/custom\/","pl":"\/pl\/p-re-r095x-weatherguard-schlechtwetter-anzug-odziez-ochronna-poliestrowa-regulowana-dostosowywalna-r95a-1666\/fluorescent-yellow-2457\/custom\/"}},{"id":1737,"name":"green_olive","class_ids":[5],"codes_hexa":["23423a"],"delai_24":false,"has_3d":false,"seuil_global":0,"stock_local":0,"stock_global":703,"on_standby":false,"in_catalog":true,"images":{"miniature":["https:\/\/media.th4.com\/Sgzx0V_e2iJfNgR_MoDKY0Y1D-TwYx7QMvEVeVZTDTA\/pr:80\/aHR0cDovL21lZGlhMi5kZXNpZ25wYXJ0bmVyLmZyL2MvcC8xNjY2LzE2NjYtMTczNy0xLndlYnA?v=1769423567"],"medium":["https:\/\/media.th4.com\/If_HeDSZchpkIZnQiRHadHAL9q7TGjFOhGNk812xiao\/pr:550x550\/aHR0cDovL21lZGlhMi5kZXNpZ25wYXJ0bmVyLmZyL2MvcC8xNjY2LzE2NjYtMTczNy0xLndlYnA?v=1769423567"],"medium_large":["https:\/\/media.th4.com\/q7q6rQCkrgGoLqjfZi61bNSL96ckdPDuvUu5HTBsvo0\/pr:1000x1000\/aHR0cDovL21lZGlhMi5kZXNpZ25wYXJ0bmVyLmZyL2MvcC8xNjY2LzE2NjYtMTczNy0xLndlYnA?v=1769423567"],"large":["https:\/\/media.th4.com\/orwNA1x0_NAEIKr1RcAbpYZaC9bG8ViqcGqPuhZ1_Is\/pr:1920\/aHR0cDovL21lZGlhMi5kZXNpZ25wYXJ0bmVyLmZyL2MvcC8xNjY2LzE2NjYtMTczNy0xLndlYnA?v=1769423567"],"opengraph":["https:\/\/media.th4.com\/lrr9nGuDfcDuuHyGd5bQig4ywkhC3ZApZI0mUafW0bE\/pr:1200x630\/aHR0cDovL21lZGlhMi5kZXNpZ25wYXJ0bmVyLmZyL2MvcC8xNjY2LzE2NjYtMTczNy0xLndlYnA?v=1769423567"]},"images_customization":{"miniature":["https:\/\/media.th4.com\/Sgzx0V_e2iJfNgR_MoDKY0Y1D-TwYx7QMvEVeVZTDTA\/pr:80\/aHR0cDovL21lZGlhMi5kZXNpZ25wYXJ0bmVyLmZyL2MvcC8xNjY2LzE2NjYtMTczNy0xLndlYnA?v=1769423567"],"medium":["https:\/\/media.th4.com\/If_HeDSZchpkIZnQiRHadHAL9q7TGjFOhGNk812xiao\/pr:550x550\/aHR0cDovL21lZGlhMi5kZXNpZ25wYXJ0bmVyLmZyL2MvcC8xNjY2LzE2NjYtMTczNy0xLndlYnA?v=1769423567"],"medium_large":["https:\/\/media.th4.com\/q7q6rQCkrgGoLqjfZi61bNSL96ckdPDuvUu5HTBsvo0\/pr:1000x1000\/aHR0cDovL21lZGlhMi5kZXNpZ25wYXJ0bmVyLmZyL2MvcC8xNjY2LzE2NjYtMTczNy0xLndlYnA?v=1769423567"],"large":["https:\/\/media.th4.com\/orwNA1x0_NAEIKr1RcAbpYZaC9bG8ViqcGqPuhZ1_Is\/pr:1920\/aHR0cDovL21lZGlhMi5kZXNpZ25wYXJ0bmVyLmZyL2MvcC8xNjY2LzE2NjYtMTczNy0xLndlYnA?v=1769423567"],"opengraph":["https:\/\/media.th4.com\/lrr9nGuDfcDuuHyGd5bQig4ywkhC3ZApZI0mUafW0bE\/pr:1200x630\/aHR0cDovL21lZGlhMi5kZXNpZ25wYXJ0bmVyLmZyL2MvcC8xNjY2LzE2NjYtMTczNy0xLndlYnA?v=1769423567"]},"country_origin":"CN","traceability":{"manufacturing_country_id":null,"weaving_country_id":null,"dyeing_country_id":null},"sizes":[{"id":3,"article_id":39670,"class_id":3,"name":"S","on_standby":false,"stock_local":0,"stock_global":92,"multiple":1,"estimated_date_reassort":null,"is_destocking":false},{"id":2,"article_id":39671,"class_id":4,"name":"M","on_standby":false,"stock_local":0,"stock_global":185,"multiple":1,"estimated_date_reassort":null,"is_destocking":false},{"id":1,"article_id":39672,"class_id":5,"name":"L","on_standby":false,"stock_local":0,"stock_global":218,"multiple":1,"estimated_date_reassort":null,"is_destocking":false},{"id":4,"article_id":39673,"class_id":6,"name":"XL","on_standby":false,"stock_local":0,"stock_global":79,"multiple":1,"estimated_date_reassort":null,"is_destocking":false},{"id":1116,"article_id":244770,"class_id":7,"name":"2XL","on_standby":false,"stock_local":0,"stock_global":129,"multiple":1,"estimated_date_reassort":null,"is_destocking":false}],"page_links":{"fr":"\/fr\/p-re-r095x-weatherguard-schlechtwetter-anzug-r95a-1666\/green-olive-1737\/","en":"\/en\/p-re-r095x-weatherguard-rainwear-suit-r95a-1666\/green-olive-1737\/","de":"\/de\/p-re-r095x-weatherguard-schlechtwetter-anzug-r95a-1666\/green-olive-1737\/","nl":"\/nl\/p-re-r095x-weatherguard-slechtweerspak-r95a-1666\/green-olive-1737\/","es":"\/es\/p-re-r095x-weatherguard-trajes-para-mal-tiempo-r95a-1666\/green-olive-1737\/","it":"\/it\/p-re-r095x-weatherguard-tuta-da-maltempo-r95a-1666\/green-olive-1737\/","sv":"\/sv\/p-re-r095x-weatherguard-daligt-vaderoverall-r95a-1666\/green-olive-1737\/","pt":"\/pt\/p-re-r095x-macacao-weatherguard-para-mau-tempo-r95a-1666\/green-olive-1737\/","da":"\/da\/p-re-r095x-weatherguard-schlechtwetter-anzug-r95a-1666\/green-olive-1737\/","pl":"\/pl\/p-re-r095x-weatherguard-schlechtwetter-anzug-r95a-1666\/green-olive-1737\/"},"page_links_customization":{"fr":"\/fr\/p-re-r095x-weatherguard-schlechtwetter-anzug-combinaison-etanche-polyester-reglable-personnalisation-r95a-1666\/green-olive-1737\/custom\/","en":"\/en\/p-re-r095x-weatherguard-schlechtwetter-anzug-waterproof-polyester-adjustable-customization-r95a-1666\/green-olive-1737\/custom\/","de":"\/de\/p-re-r095x-weatherguard-schlechtwetter-anzug-polyester-regeltbare-regenkombination-r95a-1666\/green-olive-1737\/custom\/","nl":"\/nl\/p-re-r095x-weatherguard-schlechtwetter-anzug-polyester-waterdichte-overalls-aanpasbaar-persoonlijke-aanpassing-r95a-1666\/green-olive-1737\/custom\/","es":"\/es\/p-re-r095x-traje-weatherguard-para-mal-tiempo-combinaison-impermeable-de-poliester-ajustable-personalizacion-r95a-1666\/green-olive-1737\/custom\/","it":"\/it\/p-re-r095x-weatherguard-schlechtwetter-anzug-tuta-stagna-in-poliestere-regolabile-personalizzazione-r95a-1666\/green-olive-1737\/custom\/","sv":"\/sv\/p-re-r095x-weatherguard-schlechtwetter-anzug-vattentata-polyesteranpassningsbara-personalisering-r95a-1666\/green-olive-1737\/custom\/","pt":"\/pt\/p-re-r095x-weatherguard-schlechtwetter-anzug-combinacao-impermeavel-de-poliester-ajustavel-personalizacao-r95a-1666\/green-olive-1737\/custom\/","da":"\/da\/p-re-r095x-weatherguard-schlechtwetter-anzug-vandtaet-polyester-kombinere-personalisering-r95a-1666\/green-olive-1737\/custom\/","pl":"\/pl\/p-re-r095x-weatherguard-schlechtwetter-anzug-odziez-ochronna-poliestrowa-regulowana-dostosowywalna-r95a-1666\/green-olive-1737\/custom\/"}},{"id":374,"name":"red","class_ids":[6],"codes_hexa":["dc0210"],"delai_24":false,"has_3d":false,"seuil_global":0,"stock_local":0,"stock_global":460,"on_standby":false,"in_catalog":true,"images":{"miniature":["https:\/\/media.th4.com\/XrQ-0keheC5ETfK8JZsdqe_6uiEmjUXqVL8Gs7-PhRw\/pr:80\/aHR0cDovL21lZGlhMi5kZXNpZ25wYXJ0bmVyLmZyL2MvcC8xNjY2LzE2NjYtMzc0LTEud2VicA?v=1769423569"],"medium":["https:\/\/media.th4.com\/GjQIn8KRG-1ormO6J8Q0kHBQ_S_B3F-MbppZCcUbsRU\/pr:550x550\/aHR0cDovL21lZGlhMi5kZXNpZ25wYXJ0bmVyLmZyL2MvcC8xNjY2LzE2NjYtMzc0LTEud2VicA?v=1769423569"],"medium_large":["https:\/\/media.th4.com\/PnBy1mVQRW7re0F93xcTDjFySAfte5UhHdYeBXiSisk\/pr:1000x1000\/aHR0cDovL21lZGlhMi5kZXNpZ25wYXJ0bmVyLmZyL2MvcC8xNjY2LzE2NjYtMzc0LTEud2VicA?v=1769423569"],"large":["https:\/\/media.th4.com\/Bg7Gp9rWaejs-8mO-b7yFyoKZgvQcUKNbJ0UnhSMoj8\/pr:1920\/aHR0cDovL21lZGlhMi5kZXNpZ25wYXJ0bmVyLmZyL2MvcC8xNjY2LzE2NjYtMzc0LTEud2VicA?v=1769423569"],"opengraph":["https:\/\/media.th4.com\/yw8jX8grvfhq0lkiC1lRvrYfYmwEuyYpjXIHPEDdlJc\/pr:1200x630\/aHR0cDovL21lZGlhMi5kZXNpZ25wYXJ0bmVyLmZyL2MvcC8xNjY2LzE2NjYtMzc0LTEud2VicA?v=1769423569"]},"images_customization":{"miniature":["https:\/\/media.th4.com\/XrQ-0keheC5ETfK8JZsdqe_6uiEmjUXqVL8Gs7-PhRw\/pr:80\/aHR0cDovL21lZGlhMi5kZXNpZ25wYXJ0bmVyLmZyL2MvcC8xNjY2LzE2NjYtMzc0LTEud2VicA?v=1769423569"],"medium":["https:\/\/media.th4.com\/GjQIn8KRG-1ormO6J8Q0kHBQ_S_B3F-MbppZCcUbsRU\/pr:550x550\/aHR0cDovL21lZGlhMi5kZXNpZ25wYXJ0bmVyLmZyL2MvcC8xNjY2LzE2NjYtMzc0LTEud2VicA?v=1769423569"],"medium_large":["https:\/\/media.th4.com\/PnBy1mVQRW7re0F93xcTDjFySAfte5UhHdYeBXiSisk\/pr:1000x1000\/aHR0cDovL21lZGlhMi5kZXNpZ25wYXJ0bmVyLmZyL2MvcC8xNjY2LzE2NjYtMzc0LTEud2VicA?v=1769423569"],"large":["https:\/\/media.th4.com\/Bg7Gp9rWaejs-8mO-b7yFyoKZgvQcUKNbJ0UnhSMoj8\/pr:1920\/aHR0cDovL21lZGlhMi5kZXNpZ25wYXJ0bmVyLmZyL2MvcC8xNjY2LzE2NjYtMzc0LTEud2VicA?v=1769423569"],"opengraph":["https:\/\/media.th4.com\/yw8jX8grvfhq0lkiC1lRvrYfYmwEuyYpjXIHPEDdlJc\/pr:1200x630\/aHR0cDovL21lZGlhMi5kZXNpZ25wYXJ0bmVyLmZyL2MvcC8xNjY2LzE2NjYtMzc0LTEud2VicA?v=1769423569"]},"country_origin":"CN","traceability":{"manufacturing_country_id":null,"weaving_country_id":null,"dyeing_country_id":null},"sizes":[{"id":3,"article_id":48087,"class_id":3,"name":"S","on_standby":false,"stock_local":0,"stock_global":47,"multiple":1,"estimated_date_reassort":null,"is_destocking":false},{"id":2,"article_id":48088,"class_id":4,"name":"M","on_standby":false,"stock_local":0,"stock_global":83,"multiple":1,"estimated_date_reassort":null,"is_destocking":false},{"id":1,"article_id":48089,"class_id":5,"name":"L","on_standby":false,"stock_local":0,"stock_global":169,"multiple":1,"estimated_date_reassort":null,"is_destocking":false},{"id":4,"article_id":48090,"class_id":6,"name":"XL","on_standby":false,"stock_local":0,"stock_global":113,"multiple":1,"estimated_date_reassort":null,"is_destocking":false},{"id":1116,"article_id":245216,"class_id":7,"name":"2XL","on_standby":false,"stock_local":0,"stock_global":48,"multiple":1,"estimated_date_reassort":null,"is_destocking":false}],"page_links":{"fr":"\/fr\/p-re-r095x-weatherguard-schlechtwetter-anzug-r95a-1666\/red-374\/","en":"\/en\/p-re-r095x-weatherguard-rainwear-suit-r95a-1666\/red-374\/","de":"\/de\/p-re-r095x-weatherguard-schlechtwetter-anzug-r95a-1666\/red-374\/","nl":"\/nl\/p-re-r095x-weatherguard-slechtweerspak-r95a-1666\/red-374\/","es":"\/es\/p-re-r095x-weatherguard-trajes-para-mal-tiempo-r95a-1666\/red-374\/","it":"\/it\/p-re-r095x-weatherguard-tuta-da-maltempo-r95a-1666\/red-374\/","sv":"\/sv\/p-re-r095x-weatherguard-daligt-vaderoverall-r95a-1666\/red-374\/","pt":"\/pt\/p-re-r095x-macacao-weatherguard-para-mau-tempo-r95a-1666\/red-374\/","da":"\/da\/p-re-r095x-weatherguard-schlechtwetter-anzug-r95a-1666\/red-374\/","pl":"\/pl\/p-re-r095x-weatherguard-schlechtwetter-anzug-r95a-1666\/red-374\/"},"page_links_customization":{"fr":"\/fr\/p-re-r095x-weatherguard-schlechtwetter-anzug-combinaison-etanche-polyester-reglable-personnalisation-r95a-1666\/red-374\/custom\/","en":"\/en\/p-re-r095x-weatherguard-schlechtwetter-anzug-waterproof-polyester-adjustable-customization-r95a-1666\/red-374\/custom\/","de":"\/de\/p-re-r095x-weatherguard-schlechtwetter-anzug-polyester-regeltbare-regenkombination-r95a-1666\/red-374\/custom\/","nl":"\/nl\/p-re-r095x-weatherguard-schlechtwetter-anzug-polyester-waterdichte-overalls-aanpasbaar-persoonlijke-aanpassing-r95a-1666\/red-374\/custom\/","es":"\/es\/p-re-r095x-traje-weatherguard-para-mal-tiempo-combinaison-impermeable-de-poliester-ajustable-personalizacion-r95a-1666\/red-374\/custom\/","it":"\/it\/p-re-r095x-weatherguard-schlechtwetter-anzug-tuta-stagna-in-poliestere-regolabile-personalizzazione-r95a-1666\/red-374\/custom\/","sv":"\/sv\/p-re-r095x-weatherguard-schlechtwetter-anzug-vattentata-polyesteranpassningsbara-personalisering-r95a-1666\/red-374\/custom\/","pt":"\/pt\/p-re-r095x-weatherguard-schlechtwetter-anzug-combinacao-impermeavel-de-poliester-ajustavel-personalizacao-r95a-1666\/red-374\/custom\/","da":"\/da\/p-re-r095x-weatherguard-schlechtwetter-anzug-vandtaet-polyester-kombinere-personalisering-r95a-1666\/red-374\/custom\/","pl":"\/pl\/p-re-r095x-weatherguard-schlechtwetter-anzug-odziez-ochronna-poliestrowa-regulowana-dostosowywalna-r95a-1666\/red-374\/custom\/"}}],"documentation_link":null,"countries_availables":["AD","AE","AL","AT","BA","BD","BE","BG","BL","CA","CH","CN","CO","CY","CZ","DE","DK","DO","EE","EG","ES","ET","FI","FR","GB","GE","GF","GP","GR","GT","HK","HN","HR","HT","HU","ID","IE","IN","IS","IT","JO","JP","KE","KH","KP","KR","LA","LK","LS","LT","LU","LV","MA","MF","MG","MK","MM","MN","MQ","MT","MX","MY","NC","NI","NL","PF","PH","PK","PL","PM","PT","RE","RO","SE","SG","SI","SK","SV","SY","TH","TN","TR","TW","TZ","US","VN","WF","YT"]},"infos_customization":[],"features":{"authorize_multi_surfaces":true,"display_order_delay_type":true,"promote_surface_display":true,"tarification_franco_offert":true,"enabled_3d_editor":false},"markings":[{"id":0,"nom":"vierge","finition":null,"libelle":null,"code":null,"dpi":null,"finesse_forme_isolee":null,"finesse_forme_non_isolee":null,"hauteur_minimale_texte":null,"inactif":0,"marquage_interne":1,"quantite_min":null,"parent_id":null,"print_on_support":0,"content":"vierge","description":null},{"id":2,"nom":"fonce","finition":"optimale","libelle":"TopQuadri","code":null,"dpi":400,"finesse_forme_isolee":"0.040","finesse_forme_non_isolee":"0.700","hauteur_minimale_texte":2,"inactif":0,"marquage_interne":1,"quantite_min":null,"parent_id":18,"print_on_support":0,"content":"TopQuadri","description":"pour petites et moyennes s\u00e9ries"},{"id":3,"nom":"serigraphie","finition":"serigraphie","libelle":"SeriCoat","code":null,"dpi":400,"finesse_forme_isolee":"0.040","finesse_forme_non_isolee":"0.700","hauteur_minimale_texte":2,"inactif":0,"marquage_interne":1,"quantite_min":15,"parent_id":18,"print_on_support":0,"content":"SeriCoat","description":"pour moyennes et grandes s\u00e9ries"},{"id":4,"nom":"broderie","finition":"broderie","libelle":"Broderie","code":null,"dpi":400,"finesse_forme_isolee":"0.040","finesse_forme_non_isolee":"0.700","hauteur_minimale_texte":3,"inactif":0,"marquage_interne":1,"quantite_min":null,"parent_id":null,"print_on_support":0,"content":"Broderie","description":null},{"id":8,"nom":"theme","finition":null,"libelle":"Th\u00e8me","code":null,"dpi":null,"finesse_forme_isolee":null,"finesse_forme_non_isolee":null,"hauteur_minimale_texte":null,"inactif":0,"marquage_interne":1,"quantite_min":null,"parent_id":null,"print_on_support":0,"content":"Th\u00e8me","description":null},{"id":9,"nom":"sans","finition":null,"libelle":null,"code":null,"dpi":null,"finesse_forme_isolee":null,"finesse_forme_non_isolee":null,"hauteur_minimale_texte":null,"inactif":0,"marquage_interne":1,"quantite_min":null,"parent_id":null,"print_on_support":0,"content":"sans","description":null},{"id":10,"nom":"photo","finition":null,"libelle":"Photo","code":null,"dpi":null,"finesse_forme_isolee":null,"finesse_forme_non_isolee":null,"hauteur_minimale_texte":null,"inactif":0,"marquage_interne":1,"quantite_min":null,"parent_id":null,"print_on_support":0,"content":"Photo","description":null},{"id":14,"nom":"couleur","finition":null,"libelle":"Couleur","code":null,"dpi":null,"finesse_forme_isolee":null,"finesse_forme_non_isolee":null,"hauteur_minimale_texte":null,"inactif":0,"marquage_interne":1,"quantite_min":null,"parent_id":null,"print_on_support":0,"content":"Couleur","description":null},{"id":15,"nom":"sublimation","finition":"sublimation","libelle":"Sublimation","code":null,"dpi":null,"finesse_forme_isolee":"0.000","finesse_forme_non_isolee":"0.000","hauteur_minimale_texte":2,"inactif":0,"marquage_interne":1,"quantite_min":null,"parent_id":null,"print_on_support":0,"content":"Sublimation","description":null},{"id":16,"nom":"topquadri_uv","finition":null,"libelle":"TopQuadri UV","code":null,"dpi":null,"finesse_forme_isolee":"0.020","finesse_forme_non_isolee":"0.700","hauteur_minimale_texte":2,"inactif":0,"marquage_interne":1,"quantite_min":null,"parent_id":null,"print_on_support":1,"content":null,"description":null},{"id":17,"nom":"topquadri_uvp","finition":null,"libelle":"TopQuadri UVP","code":null,"dpi":null,"finesse_forme_isolee":"0.020","finesse_forme_non_isolee":"0.700","hauteur_minimale_texte":2,"inactif":0,"marquage_interne":1,"quantite_min":null,"parent_id":null,"print_on_support":1,"content":null,"description":null},{"id":18,"nom":"quadri","finition":null,"libelle":"Impression","code":null,"dpi":null,"finesse_forme_isolee":null,"finesse_forme_non_isolee":null,"hauteur_minimale_texte":null,"inactif":0,"marquage_interne":1,"quantite_min":null,"parent_id":null,"print_on_support":0,"content":null,"description":null}]}}