{"data":{"product":{"id":16556,"titre":"Salopette de travail homme","description":"Salopette de travail pour homme. Deux poches arri\u00e8res, une poche avec patte ainsi qu'une poche pour t\u00e9l\u00e9phone portable et une pour m\u00e8tre de menuisier. Bretelles ergonomiques. Fermeture \u00e9clair de confort. Logo \u00ab PUMA WORK WEAR \u00bb au-dessus du genou. Zone r\u00e9fl\u00e9chissante segment\u00e9e. Genou d\u00e9cal\u00e9. Lavable en machine \u00e0 60\u00b0. Composition : 65% coton, 35% polyester.","genre":"homme","grammage":245,"conditionnement":10,"composition":"coton,polyester","reference":"pu-30-27x","reference_visible":"pu-30-27x","reference_fabricant":"30-27X","ref_xor":"726761","in_catalog":true,"is_transfer":false,"is_service":false,"on_standby":false,"has_3d":false,"has_size_guide":false,"has_marking":false,"has_vierge":true,"is_cross_sellable":false,"id_picto":0,"filename_3d":null,"brand":{"id":363,"name":"Puma Work Wear","logo":"logo-puma-work-wear.png","image":"https:\/\/media.th4.com\/uMSEElDuTLbBo89YhMUUH-4ZTnmLiyZHVU6sj2Rcigs\/pr:brand70x70\/aHR0cDovL21lZGlhMi5kZXNpZ25wYXJ0bmVyLmZyL2MvbS9sb2dvLXB1bWEtd29yay13ZWFyLnBuZw"},"price_infos":{"price_from":70.29,"quantity":5,"color":{"id":18065,"name":"anthracite\/grey"},"size":{"id":248,"name":"58"}},"price_infos_marking":{"price_from":0,"quantity":0,"size":{"id":0,"name":""},"color":{"id":0,"name":""},"marking":{"id":0,"name":""},"emplacement":"","surface":"","surface_emplacement_id":0},"i18n":{"blank":{"title":{"fr":"Salopette de travail homme PUMA WORK WEAR 30-27x","en":"Work overalls for men PUMA WORK WEAR 30-27x","de":"Arbeitshose f\u00fcr M\u00e4nner PUMA WORK WEAR 30-27x","nl":"Werkoverall voor mannen PUMA WORK WEAR 30-27x","es":"Monos de trabajo para hombre PUMA WORK WEAR 30-27x","it":"Salopette da lavoro uomo PUMA WORK WEAR 30-27x","sv":"Arbetsoverall f\u00f6r m\u00e4n PUMA WORK WEAR 30-27x","pt":"Macac\u00e3o de trabalho homem PUMA WORK WEAR 30-27x","da":"Arbejdsdrakts for m\u00e6nd PUMA WORK WEAR 30-27x","pl":"Kombinezon pracy dla m\u0119\u017cczyzn PUMA WORK WEAR 30-27x"},"description":{"fr":"Salopette de travail pour homme. Mod\u00e8le \u00e9quip\u00e9 de deux poches arri\u00e8res, d'une poche avec patte, d'une poche pour t\u00e9l\u00e9phone portable et d'une poche pour m\u00e8tre de menuisier. Bretelles ergonomiques pour un port confortable. Fermeture \u00e9clair de confort pour une utilisation facile. Logo situ\u00e9 au-dessus du genou. Zone r\u00e9fl\u00e9chissante segment\u00e9e pour une meilleure visibilit\u00e9. Conception genou d\u00e9cal\u00e9 pour une plus grande libert\u00e9 de mouvement.\n\n- Composition : 65% coton, 35% polyester\n- Coupe : Standard\n- Nombre de poches : 4","en":"Work overalls for men. Model equipped with two rear pockets, a pocket with flap, a pocket for a mobile phone and a pocket for a carpenter's meter. Ergonomic straps for comfortable wear. Comfortable zipper for easy use. Logo located above the knee. Segmented reflective area for better visibility. Offset knee design for greater freedom of movement.\n\n- Composition : 65% cotton, 35% polyester\n- Fit : Standard\n- Number of pockets : 4","de":"Arbeitshose f\u00fcr M\u00e4nner. Modell mit zwei hinteren Taschen, einer Tasche mit Klappe, einer Taschen f\u00fcr ein Mobiltelefon und einer Tasche f\u00fcr ein Zollstock. Ergonomische Tr\u00e4ger f\u00fcr einen bequemen Tragkomfort. Rei\u00dfverschluss f\u00fcr einfachen Gebrauch. Logo oberhalb des Knies. Reflektierende Segmentzone f\u00fcr bessere Sichtbarkeit. Kniedesign f\u00fcr gr\u00f6\u00dfere Bewegungsfreiheit. Zusammensetzung 65% Baumwolle, 35% Polyester. Schnitt Standard. Anzahl der Taschen 4","nl":"Werkoverall voor mannen. Model met twee achterzakken, een zak met flap, een zak voor een telefoon en een zak voor een meetlint. Ergonomische banden voor een comfortabel dragen. Comfortabele ritssluiting voor eenvoudig gebruik. Logo boven de knie geplaatst. Gesegmenteerde reflecterende zone voor betere zichtbaarheid. Ontwerp met verplaatste knie voor grotere beweegvrijheid.\n\n- Samenstelling : 65% katoen, 35% polyester\n- Slijtage : Standaard\n- Aantal zakken : 4","es":"Monos de trabajo para hombre. Modelo equipado con dos bolsillos traseros, un bolsillo con solapa, un bolsillo para tel\u00e9fono m\u00f3vil y un bolsillo para metro de carpintero. Tirantes ergon\u00f3micos para un porte c\u00f3modo. Cremallera de confort para un uso f\u00e1cil. Logo situado encima de la rodilla. Zona reflectante segmentada para una mejor visibilidad. Dise\u00f1o de rodilla desplazada para una mayor libertad de movimiento.\n\n- Composici\u00f3n: 65% algod\u00f3n, 35% poli\u00e9ster\n- Corte: Est\u00e1ndar\n- N\u00famero de bolsillos: 4","it":"Salopette da lavoro per uomo. Modello dotato di due tasche posteriori, di una tasca con patta, di una tasca per telefono cellulare e di una tasca per metro da falegname. Bretelle ergonomiche per un trasporto confortevole. Chiusura lampo di comfort per un uso facile. Logo situato sopra il ginocchio. Zona riflettente segmentata per una migliore visibilit\u00e0. Progettazione ginocchio spostata per una maggiore libert\u00e0 di movimento.\n\n- Composizione : 65% cotone, 35% poliestere\n- Taglia : Standard\n- Numero di tasche : 4","sv":"Arbetsoverall f\u00f6r m\u00e4n. Modell med tv\u00e5 baks\u00e4ckor, en ficka med flik, en ficka f\u00f6r mobiltelefon och en ficka f\u00f6r snickarm\u00e4tare. Ergonomiska axelremmar f\u00f6r bekv\u00e4m b\u00e4rning. Bekv\u00e4m glidl\u00e5s f\u00f6r enkel anv\u00e4ndning. Logo placerat ovanf\u00f6r kn\u00e4et. Segmenterad reflekterande zon f\u00f6r b\u00e4ttre synlighet. Kn\u00e4konstruktion med offset f\u00f6r st\u00f6rre r\u00f6relsefrihet.\n\n- Sammans\u00e4ttning: 65% bomull, 35% polyester\n- Passform: Standard\n- Antal fickor: 4","pt":"Macac\u00e3o de trabalho para homem. Modelo equipado com duas bolsas traseiras, uma bolsa com aba, uma bolsa para telefone port\u00e1til e uma bolsa para fita m\u00e9trica. Al\u00e7as ergon\u00f4micas para um uso confort\u00e1vel. Fecho de conforto para uma utiliza\u00e7\u00e3o f\u00e1cil. Logo situado acima do joelho. Zona refletora segmentada para uma melhor visibilidade. Design joelho deslocado para uma maior liberdade de movimento.\n\n- Composi\u00e7\u00e3o : 65% algod\u00e3o, 35% poli\u00e9ster\n- Corte : Padr\u00e3o\n- N\u00famero de bolsos : 4","da":"Arbejdsdrakts for m\u00e6nd. Modell med to baglommer, en lomme med klap, en lomme til mobiltelefon og en lomme til snor. Ergonomiske remme til komfortabel b\u00e6ring. Komfortabel bl\u00e6serlukning til nem brug. Logo placeret over kn\u00e6et. Segmenteret reflekterende zone for bedre synlighed. Kn\u00e6placeret design til st\u00f8rre bev\u00e6gelsesfrihed.\n\n- Sammens\u00e6tning : 65% bomuld, 35% polyester\n- Sk\u00e6ring : Standard\n- Antal lommer : 4","pl":"Kombinezon pracy dla m\u0119\u017cczyzn. Model wyposa\u017cony w dwie kieszenie tylne, kiesze\u0144 z klapk\u0105, kiesze\u0144 na telefon kom\u00f3rkowy i kiesze\u0144 na miark\u0119 stolarza. Ergonomiczne rzemienie dla komfortowego noszenia. Zapi\u0119cie b\u0142yskawicowe dla \u0142atwego u\u017cytkowania. Logo umieszczone nad kolanem. Odblaskowa strefa segmentowa dla lepszej widoczno\u015bci. Koncepcja z przesuni\u0119tym kolanem dla wi\u0119kszej swobody ruchu.\n\n- Sk\u0142ad: 65% bawe\u0142na, 35% poliestr\n- Kr\u00f3j: Standardowy\n- Liczba kieszeni: 4"},"h1":{"fr":"Salopette de travail homme 30-27x","en":"Work overalls for men 30-27x","de":"Arbeitshose f\u00fcr M\u00e4nner 30-27x","nl":"Werkoverall voor mannen 30-27x","es":"Monos de trabajo para hombre 30-27x","it":"Salopette da lavoro uomo 30-27x","sv":"Arbetsoverall f\u00f6r m\u00e4n 30-27x","pt":"Macac\u00e3o de trabalho homem 30-27x","da":"Arbejdsdrakts for m\u00e6nd 30-27x","pl":"Kombinezon pracy dla m\u0119\u017cczyzn 30-27x"},"meta_description":{"fr":"Salopette de travail pour homme. Dot\u00e9e de poches pratiques et de bretelles ergonomiques. Con\u00e7ue pour un confort optimal en milieu professionnel.","en":"Work overalls for men. Equipped with practical pockets and ergonomic straps. Designed for optimal comfort in a professional environment.","de":"Arbeitshose f\u00fcr M\u00e4nner. Mit praktischen Taschen und ergonomischen Tr\u00e4gern. F\u00fcr optimalen Komfort in der beruflichen Umgebung entwickelt.","nl":"Werkoverall voor mannen. Voorzien van handige zakken en ergonomische banden. Ontworpen voor maximaal comfort in een professionele omgeving.","es":"Monos de trabajo para hombre. Dotado de bolsillos pr\u00e1cticos y tirantes ergon\u00f3micos. Dise\u00f1ado para un confort \u00f3ptimo en el entorno profesional.","it":"Salopette da lavoro per uomo. Dotata di tasche pratiche e bretelle ergonomiche. Progettata per un comfort ottimale in ambiente professionale.","sv":"Arbetsoverall f\u00f6r m\u00e4n. Utrustad med praktiska fickor och ergonomiska axelremmar. Utformad f\u00f6r optimal komfort i yrkesmilj\u00f6.","pt":"Macac\u00e3o de trabalho para homem. Dotado de bolsos pr\u00e1ticos e al\u00e7as ergon\u00f4micas. Concebido para um conforto \u00f3timo em meio profissional.","da":"Arbejdsdrakts for m\u00e6nd. Udstyret med praktiske lommer og ergonomiske remme. Udviklet til optimal komfort i professionelt milj\u00f8.","pl":"Kombinezon pracy dla m\u0119\u017cczyzn. Wyposa\u017cony w praktyczne kieszenie i ergonomiczne rzemienie. Zaprojektowany dla optymalnego komfortu w \u015brodowisku zawodowym."}},"custom":{"title":{"fr":"Salopette de travail homme PUMA WORK WEAR 30-27x personnalisable","en":"PUMA WORK WEAR 30-27x Customizable Work Bibs for Men","de":"Arbeitslatzhose f\u00fcr M\u00e4nner PUMA WORK WEAR 30-27x personalisierbar","nl":"Arbeidsoverall voor mannen PUMA WORK WEAR 30-27x aanpasbaar","es":"Mono de trabajo para hombre PUMA WORK WEAR 30-27x personalizable","it":"Salopette da lavoro uomo PUMA WORK WEAR 30-27x personalizzabile","sv":"Arbetsoverall f\u00f6r m\u00e4n PUMA WORK WEAR 30-27x personaliserbar","pt":"Macac\u00e3o de trabalho para homem PUMA WORK WEAR 30-27x personaliz\u00e1vel","da":"Salopette de travail homme PUMA WORK WEAR 30-27x personnalisable","pl":"Spodnie robocze dla m\u0119\u017cczyzn PUMA WORK WEAR 30-27x personalizowalne"},"description":{"fr":"Salopette de travail pour homme con\u00e7ue pour le confort et la durabilit\u00e9 en milieu professionnel. Elle dispose de deux poches arri\u00e8res, d'une poche avec patte, ainsi que d'une poche d\u00e9di\u00e9e au t\u00e9l\u00e9phone portable et d'une poche pour m\u00e8tre de menuisier. Les bretelles sont ergonomiques pour un port confortable. Une fermeture \u00e9clair de confort assure un enfilage facile. Le logo \u00ab PUMA WORK WEAR \u00bb est visible au-dessus du genou. La zone r\u00e9fl\u00e9chissante segment\u00e9e am\u00e9liore la visibilit\u00e9. La conception avec genou d\u00e9cal\u00e9 offre une plus grande libert\u00e9 de mouvement. Cet article peut \u00eatre personnalis\u00e9, permettant l'ajout de votre logo ou de vos \u00e9l\u00e9ments graphiques pour une identification claire et une image de marque renforc\u00e9e.\n\n- Composition : 65% coton, 35% polyester.","en":"Work bibs for men designed for comfort and durability in a professional environment. It features two back pockets, a flap pocket, a dedicated pocket for a mobile phone, and a pocket for a carpenter's meter. The straps are ergonomic for comfortable wear. A comfort zipper ensures easy donning. The \u00ab PUMA WORK WEAR \u00bb logo is visible above the knee. The segmented reflective area improves visibility. The design with offset knee offers greater freedom of movement. This item can be customized, allowing the addition of your logo or graphic elements for clear identification and enhanced branding.\n\n- Composition: 65% cotton, 35% polyester.","de":"Arbeitslatzhose f\u00fcr M\u00e4nner, die f\u00fcr Komfort und Haltbarkeit in der beruflichen Umgebung entwickelt wurde. Sie verf\u00fcgt \u00fcber zwei hintere Taschen, eine Tasche mit Klappe, sowie eine Tasche f\u00fcr das Handy und eine Tasche f\u00fcr den Schreinerma\u00dfstab. Die Gurte sind ergonomisch f\u00fcr einen bequemen Tragkomfort. Ein Komfort-Rei\u00dfverschluss sorgt f\u00fcr einfaches Anziehen. Das Logo \u00ab PUMA WORK WEAR \u00bb ist \u00fcber dem Knie sichtbar. Die segmentierte reflektierende Zone verbessert die Sichtbarkeit. Die Konstruktion mit versetztem Knie bietet mehr Bewegungsfreiheit. Dieser Artikel kann personalisiert werden, was das Hinzuf\u00fcgen Ihres Logos oder Ihrer grafischen Elemente f\u00fcr eine klare Identifizierung und eine verst\u00e4rkte Markenbotschaft erm\u00f6glicht.\n\n- Zusammensetzung: 65% Baumwolle, 35% Polyester.","nl":"Arbeidsoverall voor mannen ontworpen voor comfort en duurzaamheid in een professionele omgeving. Het heeft twee achterzakken, een zak met flap, evenals een zak voor een telefoon en een zak voor een meetlint. De banden zijn ergonomisch voor een comfortabel dragen. Een comfortabele rits zorgt voor eenvoudig aantrekken. Het logo \u00ab PUMA WORK WEAR \u00bb is zichtbaar boven de knie. Het gesegmenteerde reflecterende gebied verbetert de zichtbaarheid. Het ontwerp met een verplaatsde knie biedt meer bewegingsvrijheid. Dit artikel kan aangepast worden, wat het toevoegen van uw logo of grafische elementen mogelijk maakt voor een duidelijke identificatie en een versterkte merkidentiteit.","es":"Mono de trabajo para hombre dise\u00f1ado para el confort y la durabilidad en el entorno profesional. Dispone de dos bolsillos traseros, un bolsillo con solapa, as\u00ed como un bolsillo dedicado al tel\u00e9fono m\u00f3vil y un bolsillo para metro de carpintero. Las tiras son ergonomicas para un porte confortable. Una cremallera de confort asegura un calzado f\u00e1cil. El logo \u00ab PUMA WORK WEAR \u00bb es visible encima de la rodilla. La zona reflectante segmentada mejora la visibilidad. El dise\u00f1o con rodilla desplazada ofrece una mayor libertad de movimiento. Este art\u00edculo puede ser personalizado, permitiendo la adici\u00f3n de su logo o de sus elementos gr\u00e1ficos para una identificaci\u00f3n clara y una imagen de marca reforzada.\n\n- Composici\u00f3n : 65% algod\u00f3n, 35% poli\u00e9ster.","it":"Salopette da lavoro per uomo progettata per il comfort e la durabilit\u00e0 in ambiente professionale. Ha due tasche posteriori, una tasca con linguetta, nonch\u00e9 una tasca dedicata al telefono cellulare e una tasca per il metro del falegname. Le bretelle sono ergonomiche per un portamento confortevole. Una cerniera di comfort assicura un'infilata facile. Il logo \u00ab PUMA WORK WEAR \u00bb \u00e8 visibile sopra il ginocchio. La zona riflettente segmentata migliora la visibilit\u00e0. La progettazione con ginocchio spostato offre una maggiore libert\u00e0 di movimento. Questo articolo pu\u00f2 essere personalizzato, consentendo l'aggiunta del vostro logo o dei vostri elementi grafici per un'identificazione chiara e un'immagine di marca rafforzata.\n\n- Composizione : 65% cotone, 35% poliestere.","sv":"Arbetsoverall f\u00f6r m\u00e4n designad f\u00f6r komfort och h\u00e5llbarhet i det professionella milj\u00f6n. Den har tv\u00e5 bakfickor, en ficka med kl\u00e4mmare, samt en ficka f\u00f6r mobiltelefon och en ficka f\u00f6r m\u00e5ttstock. Remmarna \u00e4r ergonomiska f\u00f6r ett bekv\u00e4mt b\u00e4rande. En komfortabel dragkedja s\u00e4kerst\u00e4ller ett l\u00e4tt p\u00e5kl\u00e4des. Logotypen \"PUMA WORK WEAR\" syns ovanf\u00f6r kn\u00e4t. Det segmenterade reflekterande omr\u00e5det f\u00f6rb\u00e4ttrar synligheten. Konstruktionen med f\u00f6rskjutet kn\u00e4 ger st\u00f6rre r\u00f6relsefrihet. Denna artikel kan personaliseras, vilket g\u00f6r det m\u00f6jligt att l\u00e4gga till din logotyp eller grafiska element f\u00f6r tydlig identifiering och f\u00f6rst\u00e4rkt varum\u00e4rkesbild.","pt":"Macac\u00e3o de trabalho para homem projetado para conforto e durabilidade em ambiente profissional. Possui dois bolsos traseiros, um bolso com aba, bem como um bolso dedicado ao telefone celular e um bolso para metro de marceneiro. As al\u00e7as s\u00e3o ergonomicamente projetadas para um porte confort\u00e1vel. Um z\u00edper de conforto garante um f\u00e1cil vestir. O logotipo \u00ab PUMA WORK WEAR \u00bb \u00e9 vis\u00edvel acima do joelho. A zona refletora segmentada melhora a visibilidade. O design com joelho deslocado oferece maior liberdade de movimento. Este artigo pode ser personalizado, permitindo a adi\u00e7\u00e3o do seu logotipo ou de seus elementos gr\u00e1ficos para uma identifica\u00e7\u00e3o clara e uma imagem de marca fortalecida.\n\n- Composi\u00e7\u00e3o: 65% algod\u00e3o, 35% poli\u00e9ster.","da":"Salopette de travail pour homme con\u00e7ue pour le confort et la durabilit\u00e9 en milieu professionnel. Elle dispose de deux poches arri\u00e8res, d'une poche avec patte, ainsi que d'une poche d\u00e9di\u00e9e au t\u00e9l\u00e9phone portable et d'une poche pour m\u00e8tre de menuisier. Les bretelles sont ergonomiques pour un port confortable. Une fermeture \u00e9clair de confort assure un enfilage facile. Le logo \u00ab PUMA WORK WEAR \u00bb est visible au-dessus du genou. La zone r\u00e9fl\u00e9chissante segment\u00e9e am\u00e9liore la visibilit\u00e9. La conception avec genou d\u00e9cal\u00e9 offre une plus grande libert\u00e9 de mouvement. Cet article peut \u00eatre personnalis\u00e9, permettant l'ajout de votre logo ou de vos \u00e9l\u00e9ments graphiques pour une identification claire et une image de marque renforc\u00e9e.\n\n- Composition : 65% coton, 35% polyester.","pl":"Spodnie robocze dla m\u0119\u017cczyzn zaprojektowane z my\u015bl\u0105 o komforcie i trwa\u0142o\u015bci w \u015brodowisku zawodowym. Maj\u0105 dwa tylne kieszenie, kiesze\u0144 z klapk\u0105 oraz kiesze\u0144 dla telefonu kom\u00f3rkowego i kiesze\u0144 dla metra stolarskiego. Rami\u0105czki s\u0105 ergonomiczne dla komfortowego noszenia. \u0141atwy do za\u0142o\u017cenia zamkni\u0119ty z suwakiem zapewnia \u0142atwe zak\u0142adanie. Logo \u00ab PUMA WORK WEAR \u00bb jest widoczne powy\u017cej kolana. Refluks segmentowany poprawia widoczno\u015b\u0107. Koncepcja z przesuni\u0119tym kolanem zapewnia wi\u0119ksz\u0105 swobod\u0119 ruchu. Ten artyku\u0142 mo\u017ce by\u0107 spersonalizowany, umo\u017cliwiaj\u0105c dodanie swojego logo lub element\u00f3w graficznych dla wyra\u017anej identyfikacji i wzmocnionego wizerunku marki.\n\n- Sk\u0142ad: 65% bawe\u0142ny, 35% poliestru."},"h1":{"fr":"Salopette de travail homme 30-27x personnalisable","en":"30-27x Customizable Work Bibs for Men","de":"Arbeitslatzhose f\u00fcr M\u00e4nner 30-27x personalisierbar","nl":"Arbeidsoverall voor mannen 30-27x aanpasbaar","es":"Mono de trabajo para hombre 30-27x personalizable","it":"Salopette da lavoro uomo 30-27x personalizzabile","sv":"Arbetsoverall f\u00f6r m\u00e4n 30-27x personaliserbar","pt":"Macac\u00e3o de trabalho para homem 30-27x personaliz\u00e1vel","da":"Salopette de travail homme 30-27x personnalisable","pl":"Spodnie robocze dla m\u0119\u017cczyzn 30-27x personalizowalne"},"meta_description":{"fr":"Salopette de travail homme PUMA WORK WEAR. Confort, r\u00e9sistance et fonctionnalit\u00e9 pour vos activit\u00e9s professionnelles. Possibilit\u00e9 de personnalisation.","en":"PUMA WORK WEAR Work Bibs for Men. Comfort, resistance and functionality for your professional activities. Customization possibility.","de":"Arbeitslatzhose f\u00fcr M\u00e4nner PUMA WORK WEAR. Komfort, Best\u00e4ndigkeit und Funktionalit\u00e4t f\u00fcr Ihre beruflichen T\u00e4tigkeiten. M\u00f6glichkeit zur Personalisierung.","nl":"Arbeidsoverall voor mannen PUMA WORK WEAR. Comfort, duurzaamheid en functionaliteit voor uw professionele activiteiten. Mogelijkheid tot aanpassing.","es":"Mono de trabajo para hombre PUMA WORK WEAR. Confort, resistencia y funcionalidad para sus actividades profesionales. Posibilidad de personalizaci\u00f3n.","it":"Salopette da lavoro uomo PUMA WORK WEAR. Confort, resistenza e funzionalit\u00e0 per le vostre attivit\u00e0 professionali. Possibilit\u00e0 di personalizzazione.","sv":"Arbetsoverall f\u00f6r m\u00e4n PUMA WORK WEAR. Komfort, h\u00e5llbarhet och funktion f\u00f6r era professionella aktiviteter. M\u00f6jlighet att personalisera.","pt":"Macac\u00e3o de trabalho para homem PUMA WORK WEAR. Conforto, resist\u00eancia e funcionalidade para suas atividades profissionais. Possibilidade de personaliza\u00e7\u00e3o.","da":"Salopette de travail homme PUMA WORK WEAR. Confort, r\u00e9sistance et fonctionnalit\u00e9 pour vos activit\u00e9s professionnelles. Possibilit\u00e9 de personnalisation.","pl":"Spodnie robocze dla m\u0119\u017cczyzn PUMA WORK WEAR. Komfort, wytrzyma\u0142o\u015b\u0107 i funkcjonalno\u015b\u0107 dla profesjonalnych aktywno\u015bci. Mo\u017cliwo\u015b\u0107 personalizacji."}}},"categories":[{"id":308,"name":"Pantalons de travail","singular":"Pantalon de travail","is_feminin":false},{"id":561,"name":"BTP et Industrie","singular":"BTP et Industrie","is_feminin":false},{"id":498,"name":"Pantalons et shorts","singular":"Pantalon, short","is_feminin":false},{"id":559,"name":"Univers","singular":"Univers","is_feminin":false},{"id":354,"name":"Textile","singular":"Textile","is_feminin":false}],"certifications":[],"videos":{"fr":[],"en":[],"de":[],"nl":[],"es":[],"it":[],"sv":[],"pt":[],"da":[],"pl":[]},"main_images":{"miniature":"https:\/\/media.th4.com\/InlzGcnjho_Wyczt43TNADETIt0RcltAP2dk4Gt224U\/pr:80\/aHR0cDovL21lZGlhMi5kZXNpZ25wYXJ0bmVyLmZyL2MvcC1NVC8xNjU1Ni5qcGc?v=1664438372","medium":"https:\/\/media.th4.com\/GLliL3QPiQn7xfjWVDGwwzk3EQlqbB_8AVbgIvqE2zI\/pr:550x550greybg\/aHR0cDovL21lZGlhMi5kZXNpZ25wYXJ0bmVyLmZyL2MvcC1NVC8xNjU1Ni5qcGc?v=1664438372","medium_large":"https:\/\/media.th4.com\/uByl0Vmtlj6w8_NXnnxi4At05-r0ypo3VhxeNee7maQ\/pr:1000x1000greybg\/aHR0cDovL21lZGlhMi5kZXNpZ25wYXJ0bmVyLmZyL2MvcC1NVC8xNjU1Ni5qcGc?v=1664438372","large":"https:\/\/media.th4.com\/oCUzpnRDio4ipzhx2lNngzktzChf3KaoUxjCsf2ev0Y\/pr:1920greybg\/aHR0cDovL21lZGlhMi5kZXNpZ25wYXJ0bmVyLmZyL2MvcC1NVC8xNjU1Ni5qcGc?v=1664438372","opengraph":"https:\/\/media.th4.com\/BczyW6kyM1LoFvN0gr425ZpWettw9maOUL_aKR-tKmo\/pr:1200x630greybg\/aHR0cDovL21lZGlhMi5kZXNpZ25wYXJ0bmVyLmZyL2MvcC1NVC8xNjU1Ni5qcGc?v=1664438372"},"main_images_customization":{"miniature":"https:\/\/media.th4.com\/InlzGcnjho_Wyczt43TNADETIt0RcltAP2dk4Gt224U\/pr:80\/aHR0cDovL21lZGlhMi5kZXNpZ25wYXJ0bmVyLmZyL2MvcC1NVC8xNjU1Ni5qcGc?v=1664438372","medium":"https:\/\/media.th4.com\/GLliL3QPiQn7xfjWVDGwwzk3EQlqbB_8AVbgIvqE2zI\/pr:550x550greybg\/aHR0cDovL21lZGlhMi5kZXNpZ25wYXJ0bmVyLmZyL2MvcC1NVC8xNjU1Ni5qcGc?v=1664438372","medium_large":"https:\/\/media.th4.com\/uByl0Vmtlj6w8_NXnnxi4At05-r0ypo3VhxeNee7maQ\/pr:1000x1000greybg\/aHR0cDovL21lZGlhMi5kZXNpZ25wYXJ0bmVyLmZyL2MvcC1NVC8xNjU1Ni5qcGc?v=1664438372","large":"https:\/\/media.th4.com\/oCUzpnRDio4ipzhx2lNngzktzChf3KaoUxjCsf2ev0Y\/pr:1920greybg\/aHR0cDovL21lZGlhMi5kZXNpZ25wYXJ0bmVyLmZyL2MvcC1NVC8xNjU1Ni5qcGc?v=1664438372","opengraph":"https:\/\/media.th4.com\/BczyW6kyM1LoFvN0gr425ZpWettw9maOUL_aKR-tKmo\/pr:1200x630greybg\/aHR0cDovL21lZGlhMi5kZXNpZ25wYXJ0bmVyLmZyL2MvcC1NVC8xNjU1Ni5qcGc?v=1664438372"},"page_links":{"fr":"\/fr\/p-pu-30-27x-salopette-de-travail-homme-30-27x-16556\/","en":"\/en\/p-pu-30-27x-work-overalls-for-men-30-27x-16556\/","de":"\/de\/p-pu-30-27x-arbeitshose-fur-manner-30-27x-16556\/","nl":"\/nl\/p-pu-30-27x-werkoverall-voor-mannen-30-27x-16556\/","es":"\/es\/p-pu-30-27x-monos-de-trabajo-para-hombre-30-27x-16556\/","it":"\/it\/p-pu-30-27x-salopette-da-lavoro-uomo-30-27x-16556\/","sv":"\/sv\/p-pu-30-27x-arbetsoverall-for-man-30-27x-16556\/","pt":"\/pt\/p-pu-30-27x-macacao-de-trabalho-homem-30-27x-16556\/","da":"\/da\/p-pu-30-27x-arbejdsdrakts-for-maend-30-27x-16556\/","pl":"\/pl\/p-pu-30-27x-kombinezon-pracy-dla-mezczyzn-30-27x-16556\/"},"page_links_customization":{"fr":"\/fr\/p-pu-30-27x-salopette-de-travail-homme-30-27x-personnalisable-16556\/custom\/","en":"\/en\/p-pu-30-27x-30-27x-customizable-work-bibs-for-men-16556\/custom\/","de":"\/de\/p-pu-30-27x-arbeitslatzhose-fur-manner-30-27x-personalisierbar-16556\/custom\/","nl":"\/nl\/p-pu-30-27x-arbeidsoverall-voor-mannen-30-27x-aanpasbaar-16556\/custom\/","es":"\/es\/p-pu-30-27x-mono-de-trabajo-para-hombre-30-27x-personalizable-16556\/custom\/","it":"\/it\/p-pu-30-27x-salopette-da-lavoro-uomo-30-27x-personalizzabile-16556\/custom\/","sv":"\/sv\/p-pu-30-27x-arbetsoverall-for-man-30-27x-personaliserbar-16556\/custom\/","pt":"\/pt\/p-pu-30-27x-macacao-de-trabalho-para-homem-30-27x-personalizavel-16556\/custom\/","da":"\/da\/p-pu-30-27x-salopette-de-travail-homme-30-27x-personnalisable-16556\/custom\/","pl":"\/pl\/p-pu-30-27x-spodnie-robocze-dla-mezczyzn-30-27x-personalizowalne-16556\/custom\/"},"equivalent_products":[],"colors":[{"id":18065,"name":"anthracite\/grey","class_ids":[3,3],"codes_hexa":["3b3b3c","818289"],"delai_24":false,"has_3d":false,"seuil_global":0,"stock_local":0,"stock_global":18,"on_standby":false,"in_catalog":true,"images":{"miniature":["https:\/\/media.th4.com\/Seqht9q-JdywACI_s1nG0yfvsxmHGu25Odev4FO9jGc\/pr:80\/aHR0cDovL21lZGlhMi5kZXNpZ25wYXJ0bmVyLmZyL2MvcC8xNjU1Ni8xNjU1Ni0xODA2NS0xLmpwZw?v=1664438345","https:\/\/media.th4.com\/CDYceKyEhlPNalY05-B2-d-tG97LTeLwsPZfI8MZ0EI\/pr:80\/aHR0cDovL21lZGlhMi5kZXNpZ25wYXJ0bmVyLmZyL2MvcC8xNjU1Ni8xNjU1Ni0xODA2NS0yLmpwZw?v=1664438346","https:\/\/media.th4.com\/JkPgCTw9N2Vw-5GJjRo0MisTi9ZRVbKXsUGbOqYrIgA\/pr:80\/aHR0cDovL21lZGlhMi5kZXNpZ25wYXJ0bmVyLmZyL2MvcC8xNjU1Ni8xNjU1Ni0xODA2NS0zLmpwZw?v=1664438346"],"medium":["https:\/\/media.th4.com\/ok7grjJYnbXTlTLnd9fDLYS_4ekADp364CV_ZCvEfpU\/pr:550x550\/aHR0cDovL21lZGlhMi5kZXNpZ25wYXJ0bmVyLmZyL2MvcC8xNjU1Ni8xNjU1Ni0xODA2NS0xLmpwZw?v=1664438345","https:\/\/media.th4.com\/_FRJoRgYAqjosvTyNIKMMFypj1f9cZwa7Ysi3C-FEeo\/pr:550x550\/aHR0cDovL21lZGlhMi5kZXNpZ25wYXJ0bmVyLmZyL2MvcC8xNjU1Ni8xNjU1Ni0xODA2NS0yLmpwZw?v=1664438346","https:\/\/media.th4.com\/EshuNXPVmrYZQAFtNhGagW97akYrDdAB7OappXAlJc0\/pr:550x550\/aHR0cDovL21lZGlhMi5kZXNpZ25wYXJ0bmVyLmZyL2MvcC8xNjU1Ni8xNjU1Ni0xODA2NS0zLmpwZw?v=1664438346"],"medium_large":["https:\/\/media.th4.com\/Yj48d-Pqh6XNIGkVT8G5XfU2ZJGwRNWDug5wskMFm7c\/pr:1000x1000\/aHR0cDovL21lZGlhMi5kZXNpZ25wYXJ0bmVyLmZyL2MvcC8xNjU1Ni8xNjU1Ni0xODA2NS0xLmpwZw?v=1664438345","https:\/\/media.th4.com\/veLW2uu60vYJC8R4KPk3vmXPPI1Qbp_xOd9-3CPwBXo\/pr:1000x1000\/aHR0cDovL21lZGlhMi5kZXNpZ25wYXJ0bmVyLmZyL2MvcC8xNjU1Ni8xNjU1Ni0xODA2NS0yLmpwZw?v=1664438346","https:\/\/media.th4.com\/FAtvDKXh2SWy3Jz4TeNWqecvH-hbjTF0Am4RcQu8dlU\/pr:1000x1000\/aHR0cDovL21lZGlhMi5kZXNpZ25wYXJ0bmVyLmZyL2MvcC8xNjU1Ni8xNjU1Ni0xODA2NS0zLmpwZw?v=1664438346"],"large":["https:\/\/media.th4.com\/hXiwJaA-oxiQMUTTJpmkPbUc412ll4bxDEttMj-u3Qo\/pr:1920\/aHR0cDovL21lZGlhMi5kZXNpZ25wYXJ0bmVyLmZyL2MvcC8xNjU1Ni8xNjU1Ni0xODA2NS0xLmpwZw?v=1664438345","https:\/\/media.th4.com\/zC3_S76RzsYWifjSysPb27Fq_RmYUlWesntOA_K7HOo\/pr:1920\/aHR0cDovL21lZGlhMi5kZXNpZ25wYXJ0bmVyLmZyL2MvcC8xNjU1Ni8xNjU1Ni0xODA2NS0yLmpwZw?v=1664438346","https:\/\/media.th4.com\/8AREViqZx3JgTBZF3JjNsD708aiBENPPtTCNDKxCTOE\/pr:1920\/aHR0cDovL21lZGlhMi5kZXNpZ25wYXJ0bmVyLmZyL2MvcC8xNjU1Ni8xNjU1Ni0xODA2NS0zLmpwZw?v=1664438346"],"opengraph":["https:\/\/media.th4.com\/0IjTqJvGsMOAR8d1y6yBGXuVtfDxc-OKWXKc8PvXMyY\/pr:1200x630\/aHR0cDovL21lZGlhMi5kZXNpZ25wYXJ0bmVyLmZyL2MvcC8xNjU1Ni8xNjU1Ni0xODA2NS0xLmpwZw?v=1664438345","https:\/\/media.th4.com\/2bFnP2JmqtFfUt5-98MtloWijkVaLoG0Ruo-d_6FvbA\/pr:1200x630\/aHR0cDovL21lZGlhMi5kZXNpZ25wYXJ0bmVyLmZyL2MvcC8xNjU1Ni8xNjU1Ni0xODA2NS0yLmpwZw?v=1664438346","https:\/\/media.th4.com\/Z9TyjF8Mc0xd6_ZBgtZM6qGi4MbSRYcgox8YuqiJvms\/pr:1200x630\/aHR0cDovL21lZGlhMi5kZXNpZ25wYXJ0bmVyLmZyL2MvcC8xNjU1Ni8xNjU1Ni0xODA2NS0zLmpwZw?v=1664438346"]},"images_customization":{"miniature":["https:\/\/media.th4.com\/Seqht9q-JdywACI_s1nG0yfvsxmHGu25Odev4FO9jGc\/pr:80\/aHR0cDovL21lZGlhMi5kZXNpZ25wYXJ0bmVyLmZyL2MvcC8xNjU1Ni8xNjU1Ni0xODA2NS0xLmpwZw?v=1664438345","https:\/\/media.th4.com\/CDYceKyEhlPNalY05-B2-d-tG97LTeLwsPZfI8MZ0EI\/pr:80\/aHR0cDovL21lZGlhMi5kZXNpZ25wYXJ0bmVyLmZyL2MvcC8xNjU1Ni8xNjU1Ni0xODA2NS0yLmpwZw?v=1664438346","https:\/\/media.th4.com\/JkPgCTw9N2Vw-5GJjRo0MisTi9ZRVbKXsUGbOqYrIgA\/pr:80\/aHR0cDovL21lZGlhMi5kZXNpZ25wYXJ0bmVyLmZyL2MvcC8xNjU1Ni8xNjU1Ni0xODA2NS0zLmpwZw?v=1664438346"],"medium":["https:\/\/media.th4.com\/ok7grjJYnbXTlTLnd9fDLYS_4ekADp364CV_ZCvEfpU\/pr:550x550\/aHR0cDovL21lZGlhMi5kZXNpZ25wYXJ0bmVyLmZyL2MvcC8xNjU1Ni8xNjU1Ni0xODA2NS0xLmpwZw?v=1664438345","https:\/\/media.th4.com\/_FRJoRgYAqjosvTyNIKMMFypj1f9cZwa7Ysi3C-FEeo\/pr:550x550\/aHR0cDovL21lZGlhMi5kZXNpZ25wYXJ0bmVyLmZyL2MvcC8xNjU1Ni8xNjU1Ni0xODA2NS0yLmpwZw?v=1664438346","https:\/\/media.th4.com\/EshuNXPVmrYZQAFtNhGagW97akYrDdAB7OappXAlJc0\/pr:550x550\/aHR0cDovL21lZGlhMi5kZXNpZ25wYXJ0bmVyLmZyL2MvcC8xNjU1Ni8xNjU1Ni0xODA2NS0zLmpwZw?v=1664438346"],"medium_large":["https:\/\/media.th4.com\/Yj48d-Pqh6XNIGkVT8G5XfU2ZJGwRNWDug5wskMFm7c\/pr:1000x1000\/aHR0cDovL21lZGlhMi5kZXNpZ25wYXJ0bmVyLmZyL2MvcC8xNjU1Ni8xNjU1Ni0xODA2NS0xLmpwZw?v=1664438345","https:\/\/media.th4.com\/veLW2uu60vYJC8R4KPk3vmXPPI1Qbp_xOd9-3CPwBXo\/pr:1000x1000\/aHR0cDovL21lZGlhMi5kZXNpZ25wYXJ0bmVyLmZyL2MvcC8xNjU1Ni8xNjU1Ni0xODA2NS0yLmpwZw?v=1664438346","https:\/\/media.th4.com\/FAtvDKXh2SWy3Jz4TeNWqecvH-hbjTF0Am4RcQu8dlU\/pr:1000x1000\/aHR0cDovL21lZGlhMi5kZXNpZ25wYXJ0bmVyLmZyL2MvcC8xNjU1Ni8xNjU1Ni0xODA2NS0zLmpwZw?v=1664438346"],"large":["https:\/\/media.th4.com\/hXiwJaA-oxiQMUTTJpmkPbUc412ll4bxDEttMj-u3Qo\/pr:1920\/aHR0cDovL21lZGlhMi5kZXNpZ25wYXJ0bmVyLmZyL2MvcC8xNjU1Ni8xNjU1Ni0xODA2NS0xLmpwZw?v=1664438345","https:\/\/media.th4.com\/zC3_S76RzsYWifjSysPb27Fq_RmYUlWesntOA_K7HOo\/pr:1920\/aHR0cDovL21lZGlhMi5kZXNpZ25wYXJ0bmVyLmZyL2MvcC8xNjU1Ni8xNjU1Ni0xODA2NS0yLmpwZw?v=1664438346","https:\/\/media.th4.com\/8AREViqZx3JgTBZF3JjNsD708aiBENPPtTCNDKxCTOE\/pr:1920\/aHR0cDovL21lZGlhMi5kZXNpZ25wYXJ0bmVyLmZyL2MvcC8xNjU1Ni8xNjU1Ni0xODA2NS0zLmpwZw?v=1664438346"],"opengraph":["https:\/\/media.th4.com\/0IjTqJvGsMOAR8d1y6yBGXuVtfDxc-OKWXKc8PvXMyY\/pr:1200x630\/aHR0cDovL21lZGlhMi5kZXNpZ25wYXJ0bmVyLmZyL2MvcC8xNjU1Ni8xNjU1Ni0xODA2NS0xLmpwZw?v=1664438345","https:\/\/media.th4.com\/2bFnP2JmqtFfUt5-98MtloWijkVaLoG0Ruo-d_6FvbA\/pr:1200x630\/aHR0cDovL21lZGlhMi5kZXNpZ25wYXJ0bmVyLmZyL2MvcC8xNjU1Ni8xNjU1Ni0xODA2NS0yLmpwZw?v=1664438346","https:\/\/media.th4.com\/Z9TyjF8Mc0xd6_ZBgtZM6qGi4MbSRYcgox8YuqiJvms\/pr:1200x630\/aHR0cDovL21lZGlhMi5kZXNpZ25wYXJ0bmVyLmZyL2MvcC8xNjU1Ni8xNjU1Ni0xODA2NS0zLmpwZw?v=1664438346"]},"country_origin":"AL","traceability":{"manufacturing_country_id":null,"weaving_country_id":null,"dyeing_country_id":null},"sizes":[{"id":246,"article_id":408656,"class_id":0,"name":"54","on_standby":false,"stock_local":0,"stock_global":1,"multiple":1,"estimated_date_reassort":null,"is_destocking":false},{"id":247,"article_id":408657,"class_id":0,"name":"56","on_standby":false,"stock_local":0,"stock_global":2,"multiple":1,"estimated_date_reassort":null,"is_destocking":false},{"id":248,"article_id":408658,"class_id":0,"name":"58","on_standby":false,"stock_local":0,"stock_global":15,"multiple":1,"estimated_date_reassort":null,"is_destocking":false}],"page_links":{"fr":"\/fr\/p-pu-30-27x-salopette-de-travail-homme-30-27x-16556\/anthracite-grey-18065\/","en":"\/en\/p-pu-30-27x-work-overalls-for-men-30-27x-16556\/anthracite-grey-18065\/","de":"\/de\/p-pu-30-27x-arbeitshose-fur-manner-30-27x-16556\/anthracite-grey-18065\/","nl":"\/nl\/p-pu-30-27x-werkoverall-voor-mannen-30-27x-16556\/anthracite-grey-18065\/","es":"\/es\/p-pu-30-27x-monos-de-trabajo-para-hombre-30-27x-16556\/anthracite-grey-18065\/","it":"\/it\/p-pu-30-27x-salopette-da-lavoro-uomo-30-27x-16556\/anthracite-grey-18065\/","sv":"\/sv\/p-pu-30-27x-arbetsoverall-for-man-30-27x-16556\/anthracite-grey-18065\/","pt":"\/pt\/p-pu-30-27x-macacao-de-trabalho-homem-30-27x-16556\/anthracite-grey-18065\/","da":"\/da\/p-pu-30-27x-arbejdsdrakts-for-maend-30-27x-16556\/anthracite-grey-18065\/","pl":"\/pl\/p-pu-30-27x-kombinezon-pracy-dla-mezczyzn-30-27x-16556\/anthracite-grey-18065\/"},"page_links_customization":{"fr":"\/fr\/p-pu-30-27x-salopette-de-travail-homme-30-27x-personnalisable-16556\/anthracite-grey-18065\/custom\/","en":"\/en\/p-pu-30-27x-30-27x-customizable-work-bibs-for-men-16556\/anthracite-grey-18065\/custom\/","de":"\/de\/p-pu-30-27x-arbeitslatzhose-fur-manner-30-27x-personalisierbar-16556\/anthracite-grey-18065\/custom\/","nl":"\/nl\/p-pu-30-27x-arbeidsoverall-voor-mannen-30-27x-aanpasbaar-16556\/anthracite-grey-18065\/custom\/","es":"\/es\/p-pu-30-27x-mono-de-trabajo-para-hombre-30-27x-personalizable-16556\/anthracite-grey-18065\/custom\/","it":"\/it\/p-pu-30-27x-salopette-da-lavoro-uomo-30-27x-personalizzabile-16556\/anthracite-grey-18065\/custom\/","sv":"\/sv\/p-pu-30-27x-arbetsoverall-for-man-30-27x-personaliserbar-16556\/anthracite-grey-18065\/custom\/","pt":"\/pt\/p-pu-30-27x-macacao-de-trabalho-para-homem-30-27x-personalizavel-16556\/anthracite-grey-18065\/custom\/","da":"\/da\/p-pu-30-27x-salopette-de-travail-homme-30-27x-personnalisable-16556\/anthracite-grey-18065\/custom\/","pl":"\/pl\/p-pu-30-27x-spodnie-robocze-dla-mezczyzn-30-27x-personalizowalne-16556\/anthracite-grey-18065\/custom\/"}},{"id":18064,"name":"anthracite\/blue","class_ids":[3,2],"codes_hexa":["3b3b3c","4263a7"],"delai_24":false,"has_3d":false,"seuil_global":0,"stock_local":0,"stock_global":13,"on_standby":false,"in_catalog":true,"images":{"miniature":["https:\/\/media.th4.com\/HJXY60rrizPyulbDR8LGkahiGo5smLohf0CvipvxNso\/pr:80\/aHR0cDovL21lZGlhMi5kZXNpZ25wYXJ0bmVyLmZyL2MvcC8xNjU1Ni8xNjU1Ni0xODA2NC0xLmpwZw?v=1664438341","https:\/\/media.th4.com\/HtHDpNRWOumMaSU1_fkX8-lyg0C8RRC9ZUEJYqbs8EE\/pr:80\/aHR0cDovL21lZGlhMi5kZXNpZ25wYXJ0bmVyLmZyL2MvcC8xNjU1Ni8xNjU1Ni0xODA2NC0yLmpwZw?v=1664438342","https:\/\/media.th4.com\/iz-t2MN3rDXVCDbY-hTp8F9QlMv9kf6J5DMSqRlvFgQ\/pr:80\/aHR0cDovL21lZGlhMi5kZXNpZ25wYXJ0bmVyLmZyL2MvcC8xNjU1Ni8xNjU1Ni0xODA2NC0zLmpwZw?v=1664438343","https:\/\/media.th4.com\/BoWqDH-Ms3cfgnzoJ-PtFRqKj6XpbXADPjb-nJYexhM\/pr:80\/aHR0cDovL21lZGlhMi5kZXNpZ25wYXJ0bmVyLmZyL2MvcC8xNjU1Ni8xNjU1Ni0xODA2NC00LmpwZw?v=1664438343"],"medium":["https:\/\/media.th4.com\/-pEerm7AqygtsnyHESXEbbsQ9kqBbs2_hkhxPsxa69g\/pr:550x550\/aHR0cDovL21lZGlhMi5kZXNpZ25wYXJ0bmVyLmZyL2MvcC8xNjU1Ni8xNjU1Ni0xODA2NC0xLmpwZw?v=1664438341","https:\/\/media.th4.com\/dKjcrmNM_DBpGU71JS4Gt0oD2kv3CZHh8aqG0BWpH70\/pr:550x550\/aHR0cDovL21lZGlhMi5kZXNpZ25wYXJ0bmVyLmZyL2MvcC8xNjU1Ni8xNjU1Ni0xODA2NC0yLmpwZw?v=1664438342","https:\/\/media.th4.com\/tlgn4Y1MFKX4eDSoflhrY-Ayv5NqQZqVXZttfI90geY\/pr:550x550\/aHR0cDovL21lZGlhMi5kZXNpZ25wYXJ0bmVyLmZyL2MvcC8xNjU1Ni8xNjU1Ni0xODA2NC0zLmpwZw?v=1664438343","https:\/\/media.th4.com\/d5vC9C1xa3G0h3ATtC2CbkzPRLSSQFJRxfruaCurKbs\/pr:550x550\/aHR0cDovL21lZGlhMi5kZXNpZ25wYXJ0bmVyLmZyL2MvcC8xNjU1Ni8xNjU1Ni0xODA2NC00LmpwZw?v=1664438343"],"medium_large":["https:\/\/media.th4.com\/f_fJszqlF6C5kW3bf_V6aM74e4l6OrsvzfHZJofppgk\/pr:1000x1000\/aHR0cDovL21lZGlhMi5kZXNpZ25wYXJ0bmVyLmZyL2MvcC8xNjU1Ni8xNjU1Ni0xODA2NC0xLmpwZw?v=1664438341","https:\/\/media.th4.com\/MDdsI7M48Lgc676MtxEtc8CoBhVX1Fi8yNmFArc8390\/pr:1000x1000\/aHR0cDovL21lZGlhMi5kZXNpZ25wYXJ0bmVyLmZyL2MvcC8xNjU1Ni8xNjU1Ni0xODA2NC0yLmpwZw?v=1664438342","https:\/\/media.th4.com\/4QKjxEDDVoP698uOrjywPyRio4ixtD3nfOJyapAI7tU\/pr:1000x1000\/aHR0cDovL21lZGlhMi5kZXNpZ25wYXJ0bmVyLmZyL2MvcC8xNjU1Ni8xNjU1Ni0xODA2NC0zLmpwZw?v=1664438343","https:\/\/media.th4.com\/WOvBdi8JrnsRQoS0eTG5eW8KsiC21CbLW31cFilAH24\/pr:1000x1000\/aHR0cDovL21lZGlhMi5kZXNpZ25wYXJ0bmVyLmZyL2MvcC8xNjU1Ni8xNjU1Ni0xODA2NC00LmpwZw?v=1664438343"],"large":["https:\/\/media.th4.com\/VaU4fUkv3ZQVKO-kd40KaDzWHZHIDFM5nX9R5KvYhxs\/pr:1920\/aHR0cDovL21lZGlhMi5kZXNpZ25wYXJ0bmVyLmZyL2MvcC8xNjU1Ni8xNjU1Ni0xODA2NC0xLmpwZw?v=1664438341","https:\/\/media.th4.com\/3jLEHdLB7Zx1ISeTPqgVmrU1-m8hPnOpbk7c3B7qWy8\/pr:1920\/aHR0cDovL21lZGlhMi5kZXNpZ25wYXJ0bmVyLmZyL2MvcC8xNjU1Ni8xNjU1Ni0xODA2NC0yLmpwZw?v=1664438342","https:\/\/media.th4.com\/V1tKcK9vo-WtXZE6MB-4EHRn2Dqspf-3BksVtecMMag\/pr:1920\/aHR0cDovL21lZGlhMi5kZXNpZ25wYXJ0bmVyLmZyL2MvcC8xNjU1Ni8xNjU1Ni0xODA2NC0zLmpwZw?v=1664438343","https:\/\/media.th4.com\/AsLYOaiTL0zwFBTbEkl60ElEJ4Mc4IeUqoo72iZ1ocA\/pr:1920\/aHR0cDovL21lZGlhMi5kZXNpZ25wYXJ0bmVyLmZyL2MvcC8xNjU1Ni8xNjU1Ni0xODA2NC00LmpwZw?v=1664438343"],"opengraph":["https:\/\/media.th4.com\/DTmf8I1osdo71ln9F-Ak-jBoMZb0y1AJABGO4fQsf9I\/pr:1200x630\/aHR0cDovL21lZGlhMi5kZXNpZ25wYXJ0bmVyLmZyL2MvcC8xNjU1Ni8xNjU1Ni0xODA2NC0xLmpwZw?v=1664438341","https:\/\/media.th4.com\/gjOj0B6v05piMU_hexphyYEL4RGQzJehK8OTYbOxqb4\/pr:1200x630\/aHR0cDovL21lZGlhMi5kZXNpZ25wYXJ0bmVyLmZyL2MvcC8xNjU1Ni8xNjU1Ni0xODA2NC0yLmpwZw?v=1664438342","https:\/\/media.th4.com\/ZH7N2CT0WFJPQWRaABDzrwSPj3xUEyiv_TmVvy6KLcg\/pr:1200x630\/aHR0cDovL21lZGlhMi5kZXNpZ25wYXJ0bmVyLmZyL2MvcC8xNjU1Ni8xNjU1Ni0xODA2NC0zLmpwZw?v=1664438343","https:\/\/media.th4.com\/-rf28KcRgOJN6TUwmxZw7uoLuBmemOUTrOLdtc2_IWg\/pr:1200x630\/aHR0cDovL21lZGlhMi5kZXNpZ25wYXJ0bmVyLmZyL2MvcC8xNjU1Ni8xNjU1Ni0xODA2NC00LmpwZw?v=1664438343"]},"images_customization":{"miniature":["https:\/\/media.th4.com\/HJXY60rrizPyulbDR8LGkahiGo5smLohf0CvipvxNso\/pr:80\/aHR0cDovL21lZGlhMi5kZXNpZ25wYXJ0bmVyLmZyL2MvcC8xNjU1Ni8xNjU1Ni0xODA2NC0xLmpwZw?v=1664438341","https:\/\/media.th4.com\/HtHDpNRWOumMaSU1_fkX8-lyg0C8RRC9ZUEJYqbs8EE\/pr:80\/aHR0cDovL21lZGlhMi5kZXNpZ25wYXJ0bmVyLmZyL2MvcC8xNjU1Ni8xNjU1Ni0xODA2NC0yLmpwZw?v=1664438342","https:\/\/media.th4.com\/iz-t2MN3rDXVCDbY-hTp8F9QlMv9kf6J5DMSqRlvFgQ\/pr:80\/aHR0cDovL21lZGlhMi5kZXNpZ25wYXJ0bmVyLmZyL2MvcC8xNjU1Ni8xNjU1Ni0xODA2NC0zLmpwZw?v=1664438343","https:\/\/media.th4.com\/BoWqDH-Ms3cfgnzoJ-PtFRqKj6XpbXADPjb-nJYexhM\/pr:80\/aHR0cDovL21lZGlhMi5kZXNpZ25wYXJ0bmVyLmZyL2MvcC8xNjU1Ni8xNjU1Ni0xODA2NC00LmpwZw?v=1664438343"],"medium":["https:\/\/media.th4.com\/-pEerm7AqygtsnyHESXEbbsQ9kqBbs2_hkhxPsxa69g\/pr:550x550\/aHR0cDovL21lZGlhMi5kZXNpZ25wYXJ0bmVyLmZyL2MvcC8xNjU1Ni8xNjU1Ni0xODA2NC0xLmpwZw?v=1664438341","https:\/\/media.th4.com\/dKjcrmNM_DBpGU71JS4Gt0oD2kv3CZHh8aqG0BWpH70\/pr:550x550\/aHR0cDovL21lZGlhMi5kZXNpZ25wYXJ0bmVyLmZyL2MvcC8xNjU1Ni8xNjU1Ni0xODA2NC0yLmpwZw?v=1664438342","https:\/\/media.th4.com\/tlgn4Y1MFKX4eDSoflhrY-Ayv5NqQZqVXZttfI90geY\/pr:550x550\/aHR0cDovL21lZGlhMi5kZXNpZ25wYXJ0bmVyLmZyL2MvcC8xNjU1Ni8xNjU1Ni0xODA2NC0zLmpwZw?v=1664438343","https:\/\/media.th4.com\/d5vC9C1xa3G0h3ATtC2CbkzPRLSSQFJRxfruaCurKbs\/pr:550x550\/aHR0cDovL21lZGlhMi5kZXNpZ25wYXJ0bmVyLmZyL2MvcC8xNjU1Ni8xNjU1Ni0xODA2NC00LmpwZw?v=1664438343"],"medium_large":["https:\/\/media.th4.com\/f_fJszqlF6C5kW3bf_V6aM74e4l6OrsvzfHZJofppgk\/pr:1000x1000\/aHR0cDovL21lZGlhMi5kZXNpZ25wYXJ0bmVyLmZyL2MvcC8xNjU1Ni8xNjU1Ni0xODA2NC0xLmpwZw?v=1664438341","https:\/\/media.th4.com\/MDdsI7M48Lgc676MtxEtc8CoBhVX1Fi8yNmFArc8390\/pr:1000x1000\/aHR0cDovL21lZGlhMi5kZXNpZ25wYXJ0bmVyLmZyL2MvcC8xNjU1Ni8xNjU1Ni0xODA2NC0yLmpwZw?v=1664438342","https:\/\/media.th4.com\/4QKjxEDDVoP698uOrjywPyRio4ixtD3nfOJyapAI7tU\/pr:1000x1000\/aHR0cDovL21lZGlhMi5kZXNpZ25wYXJ0bmVyLmZyL2MvcC8xNjU1Ni8xNjU1Ni0xODA2NC0zLmpwZw?v=1664438343","https:\/\/media.th4.com\/WOvBdi8JrnsRQoS0eTG5eW8KsiC21CbLW31cFilAH24\/pr:1000x1000\/aHR0cDovL21lZGlhMi5kZXNpZ25wYXJ0bmVyLmZyL2MvcC8xNjU1Ni8xNjU1Ni0xODA2NC00LmpwZw?v=1664438343"],"large":["https:\/\/media.th4.com\/VaU4fUkv3ZQVKO-kd40KaDzWHZHIDFM5nX9R5KvYhxs\/pr:1920\/aHR0cDovL21lZGlhMi5kZXNpZ25wYXJ0bmVyLmZyL2MvcC8xNjU1Ni8xNjU1Ni0xODA2NC0xLmpwZw?v=1664438341","https:\/\/media.th4.com\/3jLEHdLB7Zx1ISeTPqgVmrU1-m8hPnOpbk7c3B7qWy8\/pr:1920\/aHR0cDovL21lZGlhMi5kZXNpZ25wYXJ0bmVyLmZyL2MvcC8xNjU1Ni8xNjU1Ni0xODA2NC0yLmpwZw?v=1664438342","https:\/\/media.th4.com\/V1tKcK9vo-WtXZE6MB-4EHRn2Dqspf-3BksVtecMMag\/pr:1920\/aHR0cDovL21lZGlhMi5kZXNpZ25wYXJ0bmVyLmZyL2MvcC8xNjU1Ni8xNjU1Ni0xODA2NC0zLmpwZw?v=1664438343","https:\/\/media.th4.com\/AsLYOaiTL0zwFBTbEkl60ElEJ4Mc4IeUqoo72iZ1ocA\/pr:1920\/aHR0cDovL21lZGlhMi5kZXNpZ25wYXJ0bmVyLmZyL2MvcC8xNjU1Ni8xNjU1Ni0xODA2NC00LmpwZw?v=1664438343"],"opengraph":["https:\/\/media.th4.com\/DTmf8I1osdo71ln9F-Ak-jBoMZb0y1AJABGO4fQsf9I\/pr:1200x630\/aHR0cDovL21lZGlhMi5kZXNpZ25wYXJ0bmVyLmZyL2MvcC8xNjU1Ni8xNjU1Ni0xODA2NC0xLmpwZw?v=1664438341","https:\/\/media.th4.com\/gjOj0B6v05piMU_hexphyYEL4RGQzJehK8OTYbOxqb4\/pr:1200x630\/aHR0cDovL21lZGlhMi5kZXNpZ25wYXJ0bmVyLmZyL2MvcC8xNjU1Ni8xNjU1Ni0xODA2NC0yLmpwZw?v=1664438342","https:\/\/media.th4.com\/ZH7N2CT0WFJPQWRaABDzrwSPj3xUEyiv_TmVvy6KLcg\/pr:1200x630\/aHR0cDovL21lZGlhMi5kZXNpZ25wYXJ0bmVyLmZyL2MvcC8xNjU1Ni8xNjU1Ni0xODA2NC0zLmpwZw?v=1664438343","https:\/\/media.th4.com\/-rf28KcRgOJN6TUwmxZw7uoLuBmemOUTrOLdtc2_IWg\/pr:1200x630\/aHR0cDovL21lZGlhMi5kZXNpZ25wYXJ0bmVyLmZyL2MvcC8xNjU1Ni8xNjU1Ni0xODA2NC00LmpwZw?v=1664438343"]},"country_origin":"AL","traceability":{"manufacturing_country_id":null,"weaving_country_id":null,"dyeing_country_id":null},"sizes":[{"id":245,"article_id":408644,"class_id":0,"name":"52","on_standby":false,"stock_local":0,"stock_global":3,"multiple":1,"estimated_date_reassort":null,"is_destocking":false},{"id":246,"article_id":408645,"class_id":0,"name":"54","on_standby":false,"stock_local":0,"stock_global":1,"multiple":1,"estimated_date_reassort":null,"is_destocking":false},{"id":247,"article_id":408646,"class_id":0,"name":"56","on_standby":false,"stock_local":0,"stock_global":9,"multiple":1,"estimated_date_reassort":null,"is_destocking":false}],"page_links":{"fr":"\/fr\/p-pu-30-27x-salopette-de-travail-homme-30-27x-16556\/anthracite-blue-18064\/","en":"\/en\/p-pu-30-27x-work-overalls-for-men-30-27x-16556\/anthracite-blue-18064\/","de":"\/de\/p-pu-30-27x-arbeitshose-fur-manner-30-27x-16556\/anthracite-blue-18064\/","nl":"\/nl\/p-pu-30-27x-werkoverall-voor-mannen-30-27x-16556\/anthracite-blue-18064\/","es":"\/es\/p-pu-30-27x-monos-de-trabajo-para-hombre-30-27x-16556\/anthracite-blue-18064\/","it":"\/it\/p-pu-30-27x-salopette-da-lavoro-uomo-30-27x-16556\/anthracite-blue-18064\/","sv":"\/sv\/p-pu-30-27x-arbetsoverall-for-man-30-27x-16556\/anthracite-blue-18064\/","pt":"\/pt\/p-pu-30-27x-macacao-de-trabalho-homem-30-27x-16556\/anthracite-blue-18064\/","da":"\/da\/p-pu-30-27x-arbejdsdrakts-for-maend-30-27x-16556\/anthracite-blue-18064\/","pl":"\/pl\/p-pu-30-27x-kombinezon-pracy-dla-mezczyzn-30-27x-16556\/anthracite-blue-18064\/"},"page_links_customization":{"fr":"\/fr\/p-pu-30-27x-salopette-de-travail-homme-30-27x-personnalisable-16556\/anthracite-blue-18064\/custom\/","en":"\/en\/p-pu-30-27x-30-27x-customizable-work-bibs-for-men-16556\/anthracite-blue-18064\/custom\/","de":"\/de\/p-pu-30-27x-arbeitslatzhose-fur-manner-30-27x-personalisierbar-16556\/anthracite-blue-18064\/custom\/","nl":"\/nl\/p-pu-30-27x-arbeidsoverall-voor-mannen-30-27x-aanpasbaar-16556\/anthracite-blue-18064\/custom\/","es":"\/es\/p-pu-30-27x-mono-de-trabajo-para-hombre-30-27x-personalizable-16556\/anthracite-blue-18064\/custom\/","it":"\/it\/p-pu-30-27x-salopette-da-lavoro-uomo-30-27x-personalizzabile-16556\/anthracite-blue-18064\/custom\/","sv":"\/sv\/p-pu-30-27x-arbetsoverall-for-man-30-27x-personaliserbar-16556\/anthracite-blue-18064\/custom\/","pt":"\/pt\/p-pu-30-27x-macacao-de-trabalho-para-homem-30-27x-personalizavel-16556\/anthracite-blue-18064\/custom\/","da":"\/da\/p-pu-30-27x-salopette-de-travail-homme-30-27x-personnalisable-16556\/anthracite-blue-18064\/custom\/","pl":"\/pl\/p-pu-30-27x-spodnie-robocze-dla-mezczyzn-30-27x-personalizowalne-16556\/anthracite-blue-18064\/custom\/"}}],"documentation_link":null,"countries_availables":["AD","AE","AL","AT","BA","BD","BE","BG","BL","CA","CH","CN","CO","CY","CZ","DE","DK","DO","EE","EG","ES","ET","FI","FR","GB","GE","GF","GP","GR","GT","HK","HN","HR","HT","HU","ID","IE","IN","IS","IT","JO","JP","KE","KH","KP","KR","LA","LK","LS","LT","LU","LV","MA","MF","MG","MK","MM","MN","MQ","MT","MX","MY","NC","NI","NL","PF","PH","PK","PL","PM","PT","RE","RO","SE","SG","SI","SK","SV","SY","TH","TN","TR","TW","TZ","US","VN","WF","YT"]},"infos_customization":[],"features":{"authorize_multi_surfaces":true,"display_order_delay_type":true,"promote_surface_display":true,"tarification_franco_offert":true,"enabled_3d_editor":false},"markings":[{"id":0,"nom":"vierge","finition":null,"libelle":null,"code":null,"dpi":null,"finesse_forme_isolee":null,"finesse_forme_non_isolee":null,"hauteur_minimale_texte":null,"inactif":0,"marquage_interne":1,"quantite_min":null,"parent_id":null,"print_on_support":0,"content":"vierge","description":null},{"id":2,"nom":"fonce","finition":"optimale","libelle":"TopQuadri","code":null,"dpi":400,"finesse_forme_isolee":"0.040","finesse_forme_non_isolee":"0.700","hauteur_minimale_texte":2,"inactif":0,"marquage_interne":1,"quantite_min":null,"parent_id":18,"print_on_support":0,"content":"TopQuadri","description":"pour petites et moyennes s\u00e9ries"},{"id":3,"nom":"serigraphie","finition":"serigraphie","libelle":"SeriCoat","code":null,"dpi":400,"finesse_forme_isolee":"0.040","finesse_forme_non_isolee":"0.700","hauteur_minimale_texte":2,"inactif":0,"marquage_interne":1,"quantite_min":15,"parent_id":18,"print_on_support":0,"content":"SeriCoat","description":"pour moyennes et grandes s\u00e9ries"},{"id":4,"nom":"broderie","finition":"broderie","libelle":"Broderie","code":null,"dpi":400,"finesse_forme_isolee":"0.040","finesse_forme_non_isolee":"0.700","hauteur_minimale_texte":3,"inactif":0,"marquage_interne":1,"quantite_min":null,"parent_id":null,"print_on_support":0,"content":"Broderie","description":null},{"id":8,"nom":"theme","finition":null,"libelle":"Th\u00e8me","code":null,"dpi":null,"finesse_forme_isolee":null,"finesse_forme_non_isolee":null,"hauteur_minimale_texte":null,"inactif":0,"marquage_interne":1,"quantite_min":null,"parent_id":null,"print_on_support":0,"content":"Th\u00e8me","description":null},{"id":9,"nom":"sans","finition":null,"libelle":null,"code":null,"dpi":null,"finesse_forme_isolee":null,"finesse_forme_non_isolee":null,"hauteur_minimale_texte":null,"inactif":0,"marquage_interne":1,"quantite_min":null,"parent_id":null,"print_on_support":0,"content":"sans","description":null},{"id":10,"nom":"photo","finition":null,"libelle":"Photo","code":null,"dpi":null,"finesse_forme_isolee":null,"finesse_forme_non_isolee":null,"hauteur_minimale_texte":null,"inactif":0,"marquage_interne":1,"quantite_min":null,"parent_id":null,"print_on_support":0,"content":"Photo","description":null},{"id":14,"nom":"couleur","finition":null,"libelle":"Couleur","code":null,"dpi":null,"finesse_forme_isolee":null,"finesse_forme_non_isolee":null,"hauteur_minimale_texte":null,"inactif":0,"marquage_interne":1,"quantite_min":null,"parent_id":null,"print_on_support":0,"content":"Couleur","description":null},{"id":15,"nom":"sublimation","finition":"sublimation","libelle":"Sublimation","code":null,"dpi":null,"finesse_forme_isolee":"0.000","finesse_forme_non_isolee":"0.000","hauteur_minimale_texte":2,"inactif":0,"marquage_interne":1,"quantite_min":null,"parent_id":null,"print_on_support":0,"content":"Sublimation","description":null},{"id":16,"nom":"topquadri_uv","finition":null,"libelle":"TopQuadri UV","code":null,"dpi":null,"finesse_forme_isolee":"0.020","finesse_forme_non_isolee":"0.700","hauteur_minimale_texte":2,"inactif":0,"marquage_interne":1,"quantite_min":null,"parent_id":null,"print_on_support":1,"content":null,"description":null},{"id":17,"nom":"topquadri_uvp","finition":null,"libelle":"TopQuadri UVP","code":null,"dpi":null,"finesse_forme_isolee":"0.020","finesse_forme_non_isolee":"0.700","hauteur_minimale_texte":2,"inactif":0,"marquage_interne":1,"quantite_min":null,"parent_id":null,"print_on_support":1,"content":null,"description":null},{"id":18,"nom":"quadri","finition":null,"libelle":"Impression","code":null,"dpi":null,"finesse_forme_isolee":null,"finesse_forme_non_isolee":null,"hauteur_minimale_texte":null,"inactif":0,"marquage_interne":1,"quantite_min":null,"parent_id":null,"print_on_support":0,"content":null,"description":null}]}}