{"data":{"product":{"id":1628,"titre":"Chemise popeline \u00e0 manches courtes pour homme","description":"Chemise popeline \u00e0 manches courtes. Repassage facile. Boutons unicolore. Poche poitrine c\u00f4t\u00e9 gauche. Col renforc\u00e9. Composition : 65% polyester, 35% coton.","genre":"homme","grammage":105,"conditionnement":36,"composition":"coton,polyester,polycoton","reference":"PR202","reference_visible":"pr-pr202","reference_fabricant":"PR202","ref_xor":"741401","in_catalog":true,"is_transfer":false,"is_service":false,"on_standby":false,"has_3d":false,"has_size_guide":true,"has_marking":true,"has_vierge":true,"is_cross_sellable":false,"id_picto":69,"filename_3d":null,"brand":{"id":38,"name":"Premier","logo":"logo-premier.png","image":"https:\/\/media.th4.com\/38b2orFvoslv2Wp5jXpfGfOatP9RuQaCFmnyAq4-2PY\/pr:brand70x70\/aHR0cDovL21lZGlhMi5kZXNpZ25wYXJ0bmVyLmZyL2MvbS9sb2dvLXByZW1pZXIucG5n"},"price_infos":{"price_from":9.44,"quantity":100,"color":{"id":1695,"name":"white"},"size":{"id":4,"name":"XL"}},"price_infos_marking":{"price_from":14.41,"quantity":50,"color":{"id":1695,"name":"white"},"size":{"id":3,"name":"S"},"marking":{"id":2,"name":""},"emplacement":"avant","surface_emplacement_id":6432,"surface":"Contre coeur"},"i18n":{"blank":{"title":{"fr":"Chemise popeline coton polyester PREMIER pr202","en":"Poplin cotton polyester PREMIER pr202 shirt","de":"Popeline Hemd Baumwolle Polyester PREMIER pr202","nl":"Popeline katoen polyester hemd PREMIER pr202","es":"Camisa popelina de algod\u00f3n y poli\u00e9ster PREMIER pr202","it":"Camicia popeline cotone poliestere PREMIER pr202","sv":"Popelin skjorta av bomull polyester PREMIER pr202","pt":"Camisa de popelina algod\u00e3o poli\u00e9ster PREMIER pr202","da":"Popeline bluse af bomuld polyester PREMIER pr202","pl":"Koszula popeline bawe\u0142na poliester PREMIER pr202"},"description":{"fr":"Chemise \u00e0 manches courtes confectionn\u00e9e en popeline. Elle pr\u00e9sente un col renforc\u00e9 pour une meilleure tenue et une poche poitrine situ\u00e9e c\u00f4t\u00e9 gauche. La composition en coton polyester offre un entretien facilit\u00e9 et un repassage ais\u00e9. Cette chemise est con\u00e7ue pour un confort quotidien et une allure soign\u00e9e. Elle convient pour diverses occasions, associant fonctionnalit\u00e9 et style sobre.\n\n- Composition : 65% polyester, 35% coton\n- Nombre de poches : Une","en":"Short-sleeved shirt made of poplin. It features a reinforced collar for better hold and a chest pocket on the left side. The cotton polyester composition offers easy maintenance and easy ironing. This shirt is designed for daily comfort and a neat appearance. It is suitable for various occasions, combining functionality and a sober style.\n\n- Composition: 65% polyester, 35% cotton\n- Number of pockets: One","de":"Hemd mit kurzen \u00c4rmeln aus Popeline. Es hat einen verst\u00e4rkten Kragen f\u00fcr besseren Halt und eine Brusttasche auf der linken Seite. Die Zusammensetzung aus Baumwolle Polyester bietet eine einfache Pflege und einfaches B\u00fcgeln. Dieses Hemd ist f\u00fcr t\u00e4glichen Komfort und ein gepflegtes Aussehen konzipiert. Es eignet sich f\u00fcr verschiedene Anl\u00e4sse, die Funktionalit\u00e4t und schlichten Stil kombinieren.\n\n- Zusammensetzung : 65% Polyester, 35% Baumwolle\n- Anzahl der Taschen : Eine","nl":"Hemd met korte mouwen gemaakt van popeline. Het heeft een versterkte kraag voor een betere houdbaarheid en een borstzak aan de linkerkant. De samenstelling van katoen polyester biedt eenvoudig onderhoud en makkelijk strijken. Dit hemd is ontworpen voor dagelijks comfort en een netjes uiterlijk. Het past voor verschillende gelegenheden, functioneel en een sobere stijl combineren.\n\n- Samenstelling : 65% polyester, 35% katoen\n- Aantal zaken : E\u00e9n","es":"Camisa de manga corta confeccionada en popelina. Presenta un cuello reforzado para una mejor sujeci\u00f3n y un bolsillo en el pecho situado a la izquierda. La composici\u00f3n de algod\u00f3n y poli\u00e9ster ofrece un mantenimiento facilitado y un planchado f\u00e1cil. Esta camisa est\u00e1 dise\u00f1ada para un confort diario y una apariencia cuidada. Es adecuada para diversas ocasiones, combinando funcionalidad y estilo sobrio.\n\n- Composici\u00f3n : 65% poli\u00e9ster, 35% algod\u00f3n\n- N\u00famero de bolsillos: Uno","it":"Camicia a maniche corte realizzata in popeline. Presenta un colletto rinforzato per una migliore tenuta e una tasca petto situata lato sinistro. La composizione in cotone poliestere offre un'agevolazione nella manutenzione e un facile stiratura. Questa camicia \u00e8 progettata per un comfort quotidiano e un aspetto curato. \u00c8 adatta per diverse occasioni, combinando funzionalit\u00e0 e stile sobrio.\n\n- Composizione : 65% poliestere, 35% cotone\n- Numero di tasche : Una","sv":"Kort\u00e4rmad skjorta tillverkad i popelin. Den har en f\u00f6rst\u00e4rkt krage f\u00f6r b\u00e4ttre h\u00e5llbarhet och en br\u00f6stficka placerad p\u00e5 v\u00e4nster sida. Bomull polyester komposition erbjuder enklare underh\u00e5ll och l\u00e4tt strykning. Denna skjorta \u00e4r utformad f\u00f6r daglig komfort och en snygg utseende. Den passar f\u00f6r olika tillf\u00e4llen, kombinerar funktion och diskret stil.\n\n- Komposition : 65% polyester, 35% bomull\n- Antal fickor : En","pt":"Camisa de mangas curtas confeccionada em popelina. Ela apresenta um colar refor\u00e7ado para uma melhor sustenta\u00e7\u00e3o e um bolso no peito localizado do lado esquerdo. A composi\u00e7\u00e3o em algod\u00e3o poli\u00e9ster oferece um cuidado facilitado e um passar a ferro f\u00e1cil. Esta camisa \u00e9 projetada para um conforto di\u00e1rio e uma apar\u00eancia cuidada. Ela \u00e9 adequada para diversas ocasi\u00f5es, associando funcionalidade e estilo s\u00f3brio.\n\n- Composi\u00e7\u00e3o: 65% poli\u00e9ster, 35% algod\u00e3o\n- N\u00famero de bolsos: Um","da":"Popeline bluse med korte \u00e6rmer. Den har en forst\u00e6rket krave for en bedre hold og en brystlomme placeret p\u00e5 venstre side. Sammens\u00e6tningen af bomuld polyester tilbyder let vedligeholdelse og nemt stryge. Denne bluse er designet til daglig komfort og en p\u00e6n udseende. Den passer til forskellige lejligheder, der kombinerer funktionalitet og diskret stil.","pl":"Koszula z kr\u00f3tkimi r\u0119kawami wykonana z popeline. Ma wzmocniony ko\u0142nierz dla lepszej trzymania i kiesze\u0144 na klatk\u0119 piersiow\u0105 po lewej stronie. Sk\u0142ad z bawe\u0142ny i poliesteru zapewnia \u0142atwy w utrzymaniu i prosty do prasowania. Ta koszula jest zaprojektowana dla codziennego komfortu i eleganckiego wygl\u0105du. Nadaje si\u0119 na r\u00f3\u017cne okazje, \u0142\u0105cz\u0105c funkcjonalno\u015b\u0107 i prosty styl."},"h1":{"fr":"Chemise popeline coton polyester pr202","en":"Poplin cotton polyester pr202 shirt","de":"Popeline Hemd Baumwolle Polyester pr202","nl":"Popeline katoen polyester hemd pr202","es":"Camisa popelina de algod\u00f3n y poli\u00e9ster pr202","it":"Camicia popeline cotone poliestere pr202","sv":"Popelin skjorta av bomull polyester pr202","pt":"Camisa de popelina algod\u00e3o poli\u00e9ster pr202","da":"Popeline bluse af bomuld polyester pr202","pl":"Koszula popeline bawe\u0142na poliester pr202"},"meta_description":{"fr":"Chemise popeline \u00e0 manches courtes pour homme. Composition coton polyester, facile \u00e0 repasser, col renforc\u00e9 et poche poitrine.","en":"Short-sleeved poplin shirt for men. Cotton polyester composition, easy to iron, reinforced collar and chest pocket.","de":"Popeline Hemd mit kurzen \u00c4rmeln f\u00fcr Herren. Zusammensetzung Baumwolle Polyester, leicht zu b\u00fcgeln, verst\u00e4rkter Kragen und Brusttasche.","nl":"Korte mouwen popeline hemd voor mannen. Samenstelling katoen polyester, makkelijk te strijken, versterkte kraag en borstzak.","es":"Camisa popelina de manga corta para hombre. Composici\u00f3n de algod\u00f3n y poli\u00e9ster, f\u00e1cil de planchar, cuello reforzado y bolsillo en el pecho.","it":"Camicia popeline a maniche corte per uomo. Composizione cotone poliestere, facile da stirare, colletto rinforzato e tasca petto.","sv":"Kort\u00e4rmad popelin skjorta f\u00f6r m\u00e4n. Bomull polyester komposition, l\u00e4tt att stryka, f\u00f6rst\u00e4rkt krage och br\u00f6stficka.","pt":"Camisa de popelina de mangas curtas para homem. Composi\u00e7\u00e3o algod\u00e3o poli\u00e9ster, f\u00e1cil de passar a ferro, colar refor\u00e7ado e bolso no peito.","da":"Popeline bluse med korte \u00e6rmer til m\u00e6nd. Sammens\u00e6tning bomuld polyester, let at stryge, forst\u00e6rket krave og brystlomme.","pl":"Koszula popeline z kr\u00f3tkimi r\u0119kawami dla m\u0119\u017cczyzn. Sk\u0142ad bawe\u0142na poliester, \u0142atwa do prasowania, wzmocniony ko\u0142nierz i kiesze\u0144 na klatk\u0119 piersiow\u0105."}},"custom":{"title":{"fr":"PREMIER Chemise poppelina manches courtes personnalisation pr202","en":"PREMIER Short-sleeved poppelina shirt customization pr202","de":"PREMIER Kurzarmhemd Poppelina Pr202 Individualisierung","nl":"PREMIER Hem poppelina korte mouwen personalisatie pr202","es":"PREMIER Camisa de poppelina mangas cortas personalizaci\u00f3n pr202","it":"PREMIER Camicia poppelina maniche corte personalizzazione pr202","sv":"PREMIER Kemisk poppelina korta \u00e4rmar personalisering pr202","pt":"PREMIER Camisa poppelina mangas curtas personaliza\u00e7\u00e3o pr202","da":"PREMIER  Chemise poppelina mancher kort til personligg\u00f8relse pr202","pl":"PREMIER Koszulka z popeliny na kr\u00f3tkie r\u0119kawy personalizacja pr202"},"description":{"fr":"Cette chemise poppelina \u00e0 manches courtes offre un confort optimal et un style soign\u00e9. Confectionn\u00e9e en m\u00e9lange de polyester et de coton, elle assure un entretien facile et une durabilit\u00e9 accrue. Son col renforc\u00e9 et ses boutons unicolore lui conf\u00e8rent une allure classique et intemporelle. Une poche poitrine pratique c\u00f4t\u00e9 gauche compl\u00e8te ce mod\u00e8le polyvalent. \n\nCette chemise est \u00e9galement personnalisable, ce qui en fait un support id\u00e9al pour afficher votre logo, votre visuel ou tout autre \u00e9l\u00e9ment graphique de votre choix. \n\nCaract\u00e9ristiques techniques :\n\n- Composition : 65% polyester, 35% coton.\n- Coupe : Standard.\n- Col : Renforc\u00e9.\n- Manches : Courtes.\n- Poches : Une poche poitrine.","en":"This short-sleeved poppelina shirt offers optimal comfort and a refined style. Made from a blend of polyester and cotton, it ensures easy maintenance and increased durability. Its reinforced collar and single-color buttons give it a classic and timeless look. A practical chest pocket on the left side completes this versatile model.\n\nThis shirt is also customizable, making it an ideal medium for displaying your logo, your visual or any other graphic element of your choice.\n\nTechnical characteristics:\n\n- Composition: 65% polyester, 35% cotton.\n- Fit: Standard.\n- Collar: Reinforced.\n- Sleeves: Short.\n- Pockets: One chest pocket.","de":"Dieses Kurzarmhemd aus Poppelina bietet optimalen Komfort und ein gepflegtes Aussehen. Es ist aus einer Mischung aus Polyester und Baumwolle gefertigt, was eine einfache Pflege und erh\u00f6hte Haltbarkeit garantiert. Der verst\u00e4rkte Kragen und die einheitlichen Kn\u00f6pfe verleihen ihm ein klassisches und zeitloses Erscheinungsbild. Eine praktische Brusttasche auf der linken Seite erg\u00e4nzt dieses vielseitige Modell.\n\nDieses Hemd ist auch personalisierbar, was es zu einem idealen Tr\u00e4ger f\u00fcr Ihr Logo, Ihr Bild oder jedes andere grafische Element Ihrer Wahl macht.\n\nTechnische Merkmale:\n\n- Zusammensetzung: 65% Polyester, 35% Baumwolle.\n- Schnitt: Standard.\n- Kragen: Verst\u00e4rkt.\n- \u00c4rmel: Kurz.\n- Taschen: Eine Brusttasche.","nl":"Deze hem poppelina met korte mouwen biedt optimaal comfort en een verzorgde uitstraling. Gemaakt van een mengsel van polyester en katoen, waarborgt het gemakkelijk onderhoud en verhoogde duurzaamheid. De versterkte kraag en de unicolore knopen geven hem een klassieke en tijdloze uitstraling. Een handige borstzak aan de linkerkant compleet dit veelzijdig model. \n\nDeze hem is ook te personaliseren, waardoor het een ideale drager is voor uw logo, visueel element of elk ander grafisch element naar keuze. \n\nTechnische specificaties :\n\n- Samenstelling : 65% polyester, 35% katoen.\n- Pasvorm: Standaard.\n- Kragen: Versterkt.\n- Mouwen: Kort.\n- Zakken: Een borstzak.","es":"Esta camisa de poppelina con mangas cortas ofrece un confort \u00f3ptimo y un estilo cuidado. Confeccionada en mezcla de poli\u00e9ster y algod\u00f3n, asegura un mantenimiento f\u00e1cil y una mayor durabilidad. Su cuello reforzado y sus botones monocromo le confieren una apariencia cl\u00e1sica e intemporal. Un bolsillo de pecho pr\u00e1ctico lado izquierdo completa este modelo vers\u00e1til.\n\nEsta camisa tambi\u00e9n es personalizable, lo que la convierte en un soporte ideal para mostrar su logo, su gr\u00e1fico o cualquier otro elemento visual de su elecci\u00f3n.\n\nCaracter\u00edsticas t\u00e9cnicas:\n\n- Composici\u00f3n: 65% poli\u00e9ster, 35% algod\u00f3n.\n- Corte: Est\u00e1ndar.\n- Cuello: Reforzado.\n- Mangas: Cortas.\n- Bolsillos: Un bolsillo de pecho.","it":"Questa camicia poppelina a maniche corte offre comfort ottimale e stile curato. Realizzata in miscela di poliestere e cotone, garantisce una facile manutenzione e durabilit\u00e0 aumentata. Il colletto rinforzato e i bottoni unicolore le conferiscono un aspetto classico e senza tempo. Una pratica tasca sul petto a sinistra completa questo modello versatile.\n\nQuesta camicia \u00e8 anche personalizzabile, il che la rende un supporto ideale per mostrare il tuo logo, la tua immagine o qualsiasi altro elemento grafico di tua scelta. \n\nCaratteristiche tecniche:\n\n- Composizione: 65% poliestere, 35% cotone.\n- Taglia: Standard.\n- Colletto: Rinforzato.\n- Maniche: Corte.\n- Tasche: Una tasca sul petto.","sv":"Denna kemisk av poppelina med korta \u00e4rmar erbjuder optimal komfort och ett snyggt utseende. Tillverkad i en blandning av polyester och bomull, den garanterar enkel v\u00e5rd och \u00f6kad h\u00e5llbarhet. Dess f\u00f6rst\u00e4rkta krage och enf\u00e4rgade knappar ger den en klassisk och tidl\u00f6s stil. En praktisk br\u00f6stficka p\u00e5 v\u00e4nster sida kompletterar denna m\u00e5ngsidiga modell.\n\nDenna kemisk kan ocks\u00e5 anpassas, vilket g\u00f6r det till ett idealt st\u00f6d f\u00f6r att visa ditt logotyp, din visuell eller n\u00e5got annat grafiskt element efter ditt val. \n\nTekniska specifikationer :\n\n- Sammans\u00e4ttning: 65% polyester, 35% bomull.\n- Sk\u00e4rning : Standard.\n- Krage : F\u00f6rst\u00e4rkt.\n- \u00c4rmar : Korta.\n- Fickor : En br\u00f6stficka.","pt":"Esta camisa poppelina de mangas curtas oferece conforto \u00f3timo e um estilo apurado. Confeccionada em mistura de poli\u00e9ster e algod\u00e3o, ela garante f\u00e1cil manuten\u00e7\u00e3o e durabilidade aumentada. Seu colarinho refor\u00e7ado e seus bot\u00f5es monocrom\u00e1ticos lhe conferem uma apar\u00eancia cl\u00e1ssica e atemporal. Um bolso no peito pr\u00e1tico do lado esquerdo completa este modelo vers\u00e1til.\n\nEsta camisa tamb\u00e9m \u00e9 personaliz\u00e1vel, o que a torna um suporte ideal para exibir seu logotipo, sua imagem ou qualquer outro elemento gr\u00e1fico de sua escolha.\n\nCaracter\u00edsticas t\u00e9cnicas:\n\n- Composi\u00e7\u00e3o: 65% poli\u00e9ster, 35% algod\u00e3o.\n- Corte: Padr\u00e3o.\n- Colarinho: Refor\u00e7ado.\n- Mangas: Curtas.\n- Bolsos: Um bolso no peito.","da":"Denne chemise poppelina med korte mancher tilbyder optimal komfort og en p\u00e6n stil. Fremstillet i en blanding af polyester og bomuld, den sikrer nem vedligeholdelse og \u00f8get holdbarhed. Dens forst\u00e6rkede krave og ensfarvede knapper giver den et klassisk og tidl\u00f8st udseende. En praktisk brynge p\u00e5 venstre side af brystet fuldender dette alsidige model.\n\nDenne chemise kan ogs\u00e5 tilpasses, hvilket g\u00f8r det til et ideelt medium til at vise dit logo, din visuel eller ethvert andet grafisk element efter eget valg. \n\nTekniske specifikationer :\n\n- Sammenstilling : 65% polyester, 35% bomuld.\n- Sk\u00e6ring : Standard.\n- Krave : Forst\u00e6rket.\n- \u00c6rmer : Korte.\n- Lommer : En brystlomme.","pl":"Ta koszulka z popeliny na kr\u00f3tkie r\u0119kawy zapewnia optymalny komfort i wyrafinowany styl. Wykonana z mieszanki poliestru i bawe\u0142ny, gwarantuje \u0142atwe pranie i zwi\u0119kszon\u0105 trwa\u0142o\u015b\u0107. Wzmocniony ko\u0142nierz oraz jednokolorowe guziki nadaj\u0105 jej klasyczny i nieprzemijalny wygl\u0105d. Przeznaczona jest dla ka\u017cdego, kto szuka wygodnej koszulki do noszenia w pracy lub na codzie\u0144. \n\nKoszulka z popeliny jest r\u00f3wnie\u017c personalizowalna, co czyni j\u0105 idealnym no\u015bnikiem dla Twojego logo, wzoru lub innych element\u00f3w graficznych. \n\nW\u0142a\u015bciwo\u015bci techniczne:\n\n- Sk\u0142ad: 65% poliestru, 35% bawe\u0142ny.\n- Kr\u00f3j: Standardowy.\n- Ko\u0142nierz: Wzmocniony.\n- R\u0119kawy: Kr\u00f3tkie.\n- kieszenie: Jedna klapowa na piersi."},"h1":{"fr":"Chemise poppelina manches courtes pr202 personnalisation","en":"Short-sleeved poppelina shirt pr202 customization","de":"Kurzarmhemd Poppelina pr202 Individualisierung","nl":"Hem poppelina korte mouwen pr202 personalisatie","es":"Camisa de poppelina mangas cortas pr202 personalizaci\u00f3n","it":"Camicia poppelina maniche corte pr202 personalizzazione","sv":"Kemiska poppelina korta \u00e4rmar pr202 personalisering","pt":"Camisa poppelina mangas curtas pr202 personaliza\u00e7\u00e3o","da":"Chemise poppelina mancher kort pr202 personligg\u00f8relse","pl":"Koszulka z popeliny na kr\u00f3tkie r\u0119kawy pr202 personalizacja"},"meta_description":{"fr":"Chemise poppelina \u00e0 manches courtes pour homme PREMIER. Personnalisable en broderie. Id\u00e9ale pour un look d\u00e9contract\u00e9 et \u00e9l\u00e9gant.","en":"Short-sleeved poppelina shirt for man PREMIER. Customizable with embroidery. Ideal for a casual and elegant look.","de":"M\u00e4nner-Kurzarmhemd PREMIER aus Poppelina. Personalisierbar durch Stickerei. Ideal f\u00fcr einen l\u00e4ssigen und eleganten Look.","nl":"Hem poppelina met korte mouwen voor mannen PREMIER. Persoonlijk te maken met borduurwerk. Ideaal voor een ontspannen en elegante look.","es":"Camisa de poppelina con mangas cortas para hombre PREMIER. Personalizable en bordado. Ideal para un look desenfadado y elegante.","it":"Camicia poppelina a maniche corte per uomo PREMIER. Personalizzabile in ricamo. Ideale per un look casual ed elegante.","sv":"Mans chemisor av poppelina med korta \u00e4rmar PREMIER. Kan anpassas med broderi. Idealiskt f\u00f6r ett avslappnat och elegant utseende.","pt":"Camisa poppelina de mangas curtas para homem PREMIER. Personaliz\u00e1vel com bordado. Ideal para um visual descontra\u00eddo e elegante.","da":"Chemise poppelina med korte \u00e6rmer til m\u00e6nd PREMIER. Kan personaliseres ved broderi. Ideel til et afslappet og elegant udseende.","pl":"Koszulka z popeliny na kr\u00f3tkie r\u0119kawy dla m\u0119\u017cczyzn PREMIER. Mo\u017cliwa do personalizacji hase\u0142kiem. Idealna na wygl\u0105d elegancki i swobodny."}}},"categories":[{"id":9,"name":"Chemises","singular":"Chemise","is_feminin":true},{"id":564,"name":"Business","singular":"Business","is_feminin":false},{"id":559,"name":"Univers","singular":"Univers","is_feminin":false},{"id":354,"name":"Textile","singular":"Textile","is_feminin":false}],"certifications":[{"id":1,"label":"OEKO-TEX 100","logo_link":"\/images\/certifications\/1_OEKO-TEX_100.jpg","is_marking_compatible":false},{"id":19,"label":"W.R.A.P.","logo_link":"\/images\/certifications\/19_WRAP.jpg","is_marking_compatible":false},{"id":20,"label":"Amfori BSCI","logo_link":"\/images\/certifications\/20_Amfori_BSCI.jpg","is_marking_compatible":false},{"id":21,"label":"Sedex","logo_link":"\/images\/certifications\/21_Sedex.jpg","is_marking_compatible":false}],"videos":{"fr":[],"en":[],"de":[],"nl":[],"es":[],"it":[],"sv":[],"pt":[],"da":[],"pl":[]},"main_images":{"miniature":"https:\/\/media.th4.com\/pjHdvVPQPPOFDoKGgGFnlYrj6YDdKDfadfn7FxHZI28\/pr:80\/aHR0cDovL21lZGlhMi5kZXNpZ25wYXJ0bmVyLmZyL2MvcC1NVC8xNjI4LmpwZw?v=1726822963","medium":"https:\/\/media.th4.com\/e9wi05Mi2FOz0iHi_vTTwvie6VAmctAgnbB4ux4G2yM\/pr:550x550greybg\/aHR0cDovL21lZGlhMi5kZXNpZ25wYXJ0bmVyLmZyL2MvcC1NVC8xNjI4LmpwZw?v=1726822963","medium_large":"https:\/\/media.th4.com\/8LwJXp1PTFMMGLRRxcwki7S0PtFJUWUChowFeGm8ROY\/pr:1000x1000greybg\/aHR0cDovL21lZGlhMi5kZXNpZ25wYXJ0bmVyLmZyL2MvcC1NVC8xNjI4LmpwZw?v=1726822963","large":"https:\/\/media.th4.com\/9LNDBGJuaFlZ42a2CkRS6MINHuMtd7p37YDppsbSQbM\/pr:1920greybg\/aHR0cDovL21lZGlhMi5kZXNpZ25wYXJ0bmVyLmZyL2MvcC1NVC8xNjI4LmpwZw?v=1726822963","opengraph":"https:\/\/media.th4.com\/ctqkpfVF5FyaeUvKXctqDKcvZI8b6EZLVQ2NIOWGAvQ\/pr:1200x630greybg\/aHR0cDovL21lZGlhMi5kZXNpZ25wYXJ0bmVyLmZyL2MvcC1NVC8xNjI4LmpwZw?v=1726822963"},"main_images_customization":{"miniature":"https:\/\/media.th4.com\/pjHdvVPQPPOFDoKGgGFnlYrj6YDdKDfadfn7FxHZI28\/pr:80\/aHR0cDovL21lZGlhMi5kZXNpZ25wYXJ0bmVyLmZyL2MvcC1NVC8xNjI4LmpwZw?v=1726822963","medium":"https:\/\/media.th4.com\/e9wi05Mi2FOz0iHi_vTTwvie6VAmctAgnbB4ux4G2yM\/pr:550x550greybg\/aHR0cDovL21lZGlhMi5kZXNpZ25wYXJ0bmVyLmZyL2MvcC1NVC8xNjI4LmpwZw?v=1726822963","medium_large":"https:\/\/media.th4.com\/8LwJXp1PTFMMGLRRxcwki7S0PtFJUWUChowFeGm8ROY\/pr:1000x1000greybg\/aHR0cDovL21lZGlhMi5kZXNpZ25wYXJ0bmVyLmZyL2MvcC1NVC8xNjI4LmpwZw?v=1726822963","large":"https:\/\/media.th4.com\/9LNDBGJuaFlZ42a2CkRS6MINHuMtd7p37YDppsbSQbM\/pr:1920greybg\/aHR0cDovL21lZGlhMi5kZXNpZ25wYXJ0bmVyLmZyL2MvcC1NVC8xNjI4LmpwZw?v=1726822963","opengraph":"https:\/\/media.th4.com\/ctqkpfVF5FyaeUvKXctqDKcvZI8b6EZLVQ2NIOWGAvQ\/pr:1200x630greybg\/aHR0cDovL21lZGlhMi5kZXNpZ25wYXJ0bmVyLmZyL2MvcC1NVC8xNjI4LmpwZw?v=1726822963"},"page_links":{"fr":"\/fr\/p-pr-pr202-chemise-popeline-coton-polyester-pr202-1628\/","en":"\/en\/p-pr-pr202-poplin-cotton-polyester-pr202-shirt-1628\/","de":"\/de\/p-pr-pr202-popeline-hemd-baumwolle-polyester-pr202-1628\/","nl":"\/nl\/p-pr-pr202-popeline-katoen-polyester-hemd-pr202-1628\/","es":"\/es\/p-pr-pr202-camisa-popelina-de-algodon-y-poliester-pr202-1628\/","it":"\/it\/p-pr-pr202-camicia-popeline-cotone-poliestere-pr202-1628\/","sv":"\/sv\/p-pr-pr202-popelin-skjorta-av-bomull-polyester-pr202-1628\/","pt":"\/pt\/p-pr-pr202-camisa-de-popelina-algodao-poliester-pr202-1628\/","da":"\/da\/p-pr-pr202-popeline-bluse-af-bomuld-polyester-pr202-1628\/","pl":"\/pl\/p-pr-pr202-koszula-popeline-bawelna-poliester-pr202-1628\/"},"page_links_customization":{"fr":"\/fr\/p-pr-pr202-chemise-poppelina-manches-courtes-pr202-personnalisation-1628\/custom\/","en":"\/en\/p-pr-pr202-short-sleeved-poppelina-shirt-pr202-customization-1628\/custom\/","de":"\/de\/p-pr-pr202-kurzarmhemd-poppelina-pr202-individualisierung-1628\/custom\/","nl":"\/nl\/p-pr-pr202-hem-poppelina-korte-mouwen-pr202-personalisatie-1628\/custom\/","es":"\/es\/p-pr-pr202-camisa-de-poppelina-mangas-cortas-pr202-personalizacion-1628\/custom\/","it":"\/it\/p-pr-pr202-camicia-poppelina-maniche-corte-pr202-personalizzazione-1628\/custom\/","sv":"\/sv\/p-pr-pr202-kemiska-poppelina-korta-armar-pr202-personalisering-1628\/custom\/","pt":"\/pt\/p-pr-pr202-camisa-poppelina-mangas-curtas-pr202-personalizacao-1628\/custom\/","da":"\/da\/p-pr-pr202-chemise-poppelina-mancher-kort-pr202-personliggorelse-1628\/custom\/","pl":"\/pl\/p-pr-pr202-koszulka-z-popeliny-na-krotkie-rekawy-pr202-personalizacja-1628\/custom\/"},"equivalent_products":[],"colors":[{"id":1695,"name":"white","class_ids":[1],"codes_hexa":["FFFFFF"],"delai_24":false,"has_3d":false,"seuil_global":0,"stock_local":0,"stock_global":1916,"on_standby":false,"in_catalog":true,"images":{"miniature":["https:\/\/media.th4.com\/m3Rzxhd6xluqeGYvcfp7yloxkU4yWe0UdnXBpjrvVek\/pr:80\/aHR0cDovL21lZGlhMi5kZXNpZ25wYXJ0bmVyLmZyL2MvcC8xNjI4LzE2MjgtMTY5NS0xLmpwZw?v=1726745673","https:\/\/media.th4.com\/EHJrJylJK4jXRukXEKD-S0_YvI9PheRhpqXkx1yTkf4\/pr:80\/aHR0cDovL21lZGlhMi5kZXNpZ25wYXJ0bmVyLmZyL2MvcC8xNjI4LzE2MjgtMTY5NS0yLmpwZw?v=1726745673","https:\/\/media.th4.com\/47GzaYiSGJNa3ZBHzM7wdtAAmEpQcF7C-hUa7YGB7gs\/pr:80\/aHR0cDovL21lZGlhMi5kZXNpZ25wYXJ0bmVyLmZyL2MvcC8xNjI4LzE2MjgtMTY5NS0zLmpwZw?v=1726745673"],"medium":["https:\/\/media.th4.com\/OggI6347LGqWMdTFU3ZiMSjQFba7l-wa0I0sK-r9LjE\/pr:550x550\/aHR0cDovL21lZGlhMi5kZXNpZ25wYXJ0bmVyLmZyL2MvcC8xNjI4LzE2MjgtMTY5NS0xLmpwZw?v=1726745673","https:\/\/media.th4.com\/b17wEqGT9nVIFSakTO8_JCwTWH1XTzbOqOfncCrkAiw\/pr:550x550\/aHR0cDovL21lZGlhMi5kZXNpZ25wYXJ0bmVyLmZyL2MvcC8xNjI4LzE2MjgtMTY5NS0yLmpwZw?v=1726745673","https:\/\/media.th4.com\/xtpml2nTcXeH4YtR2wloEouJXJNLttWSeBOFkcA6Gt8\/pr:550x550\/aHR0cDovL21lZGlhMi5kZXNpZ25wYXJ0bmVyLmZyL2MvcC8xNjI4LzE2MjgtMTY5NS0zLmpwZw?v=1726745673"],"medium_large":["https:\/\/media.th4.com\/Hqm3MK7q-Dp08WJc38Z4xhj0MMMcZOKjHRq-Y_Y9Wmo\/pr:1000x1000\/aHR0cDovL21lZGlhMi5kZXNpZ25wYXJ0bmVyLmZyL2MvcC8xNjI4LzE2MjgtMTY5NS0xLmpwZw?v=1726745673","https:\/\/media.th4.com\/C8WgnQy0hm-n62V-OaX7S6zRGWh6yODKwJYoH_7LvnE\/pr:1000x1000\/aHR0cDovL21lZGlhMi5kZXNpZ25wYXJ0bmVyLmZyL2MvcC8xNjI4LzE2MjgtMTY5NS0yLmpwZw?v=1726745673","https:\/\/media.th4.com\/jYgV1DGIDfkXs5hlf1wzWThbInLEXgvO2xbbGgMnA88\/pr:1000x1000\/aHR0cDovL21lZGlhMi5kZXNpZ25wYXJ0bmVyLmZyL2MvcC8xNjI4LzE2MjgtMTY5NS0zLmpwZw?v=1726745673"],"large":["https:\/\/media.th4.com\/wmAickzatH-ovI4whwy_q94T33_9jfxeam7Dwm-ZLrs\/pr:1920\/aHR0cDovL21lZGlhMi5kZXNpZ25wYXJ0bmVyLmZyL2MvcC8xNjI4LzE2MjgtMTY5NS0xLmpwZw?v=1726745673","https:\/\/media.th4.com\/sN08TleN78CGC2zjGsgs_EcJO069_NSldlUnGfSuseI\/pr:1920\/aHR0cDovL21lZGlhMi5kZXNpZ25wYXJ0bmVyLmZyL2MvcC8xNjI4LzE2MjgtMTY5NS0yLmpwZw?v=1726745673","https:\/\/media.th4.com\/XZVS1l5og4nDDIQ0EyZ-pltYHEmObR0-M5_VyEZ5zQ4\/pr:1920\/aHR0cDovL21lZGlhMi5kZXNpZ25wYXJ0bmVyLmZyL2MvcC8xNjI4LzE2MjgtMTY5NS0zLmpwZw?v=1726745673"],"opengraph":["https:\/\/media.th4.com\/Ty2JrsNh5VlWJ1XSeq6gGRP0c1PPq45gGCHQ5WyNeA4\/pr:1200x630\/aHR0cDovL21lZGlhMi5kZXNpZ25wYXJ0bmVyLmZyL2MvcC8xNjI4LzE2MjgtMTY5NS0xLmpwZw?v=1726745673","https:\/\/media.th4.com\/K6FUN8CUO5j_7P3lRTHhW5PNlED4b-qKv3Zt7jCrFKg\/pr:1200x630\/aHR0cDovL21lZGlhMi5kZXNpZ25wYXJ0bmVyLmZyL2MvcC8xNjI4LzE2MjgtMTY5NS0yLmpwZw?v=1726745673","https:\/\/media.th4.com\/NBzM3KA24iQZzvjs1OOftIWQbx1mVAgmrHVPQB3ZVpM\/pr:1200x630\/aHR0cDovL21lZGlhMi5kZXNpZ25wYXJ0bmVyLmZyL2MvcC8xNjI4LzE2MjgtMTY5NS0zLmpwZw?v=1726745673"]},"images_customization":{"miniature":["https:\/\/media.th4.com\/uPWQbMvIR3f85VJ3WuY5g3E498Ipo7vrE4Jdwq6k7kk\/pr:80\/aHR0cDovL21lZGlhMi5kZXNpZ25wYXJ0bmVyLmZyL2MvcC1zaG9wcGluZy1jdXN0b20tVEgvMTYyOC8xNjI4LTE2OTUtMS5qcGc?v=1737557224"],"medium":["https:\/\/media.th4.com\/rEYK-1iw4EQgHzZQQNUEwTHYQtiN0fKIT0YnCq18UIE\/pr:550x550\/aHR0cDovL21lZGlhMi5kZXNpZ25wYXJ0bmVyLmZyL2MvcC1zaG9wcGluZy1jdXN0b20tVEgvMTYyOC8xNjI4LTE2OTUtMS5qcGc?v=1737557224"],"medium_large":["https:\/\/media.th4.com\/jpGhaQD6RAb-NLsyYefYZvrVvOI9iJP1EqglNi21vvg\/pr:1000x1000\/aHR0cDovL21lZGlhMi5kZXNpZ25wYXJ0bmVyLmZyL2MvcC1zaG9wcGluZy1jdXN0b20tVEgvMTYyOC8xNjI4LTE2OTUtMS5qcGc?v=1737557224"],"large":["https:\/\/media.th4.com\/bFJ6E-fr2mDpCQELvUr1cdaYHHe9JVywac_V8GVKt7I\/pr:1920\/aHR0cDovL21lZGlhMi5kZXNpZ25wYXJ0bmVyLmZyL2MvcC1zaG9wcGluZy1jdXN0b20tVEgvMTYyOC8xNjI4LTE2OTUtMS5qcGc?v=1737557224"],"opengraph":["https:\/\/media.th4.com\/bVuPOaIINyAYbLwC8JT39787Rdnd5D37YE3wHzHJ5Gc\/pr:1200x630\/aHR0cDovL21lZGlhMi5kZXNpZ25wYXJ0bmVyLmZyL2MvcC1zaG9wcGluZy1jdXN0b20tVEgvMTYyOC8xNjI4LTE2OTUtMS5qcGc?v=1737557224"]},"country_origin":"BD","traceability":{"manufacturing_country_id":null,"weaving_country_id":null,"dyeing_country_id":null},"sizes":[{"id":3,"article_id":143854,"class_id":3,"name":"S","on_standby":false,"stock_local":0,"stock_global":53,"multiple":1,"estimated_date_reassort":null,"is_destocking":false},{"id":78,"article_id":39080,"class_id":0,"name":"S\/M","on_standby":false,"stock_local":0,"stock_global":122,"multiple":1,"estimated_date_reassort":null,"is_destocking":false},{"id":77,"article_id":39084,"class_id":0,"name":"L\/XL","on_standby":false,"stock_local":0,"stock_global":297,"multiple":1,"estimated_date_reassort":null,"is_destocking":false},{"id":2,"article_id":39081,"class_id":4,"name":"M","on_standby":false,"stock_local":0,"stock_global":229,"multiple":1,"estimated_date_reassort":null,"is_destocking":false},{"id":934,"article_id":476589,"class_id":0,"name":"2XL\/3XL","on_standby":false,"stock_local":0,"stock_global":110,"multiple":1,"estimated_date_reassort":null,"is_destocking":false},{"id":1,"article_id":39083,"class_id":5,"name":"L","on_standby":false,"stock_local":0,"stock_global":229,"multiple":1,"estimated_date_reassort":null,"is_destocking":false},{"id":4,"article_id":39085,"class_id":6,"name":"XL","on_standby":false,"stock_local":1,"stock_global":152,"multiple":1,"estimated_date_reassort":null,"is_destocking":true},{"id":1116,"article_id":39086,"class_id":7,"name":"2XL","on_standby":false,"stock_local":0,"stock_global":97,"multiple":1,"estimated_date_reassort":null,"is_destocking":false},{"id":1081,"article_id":39087,"class_id":8,"name":"3XL","on_standby":false,"stock_local":2,"stock_global":40,"multiple":1,"estimated_date_reassort":null,"is_destocking":true},{"id":109,"article_id":39082,"class_id":0,"name":"M\/L","on_standby":false,"stock_local":0,"stock_global":259,"multiple":1,"estimated_date_reassort":null,"is_destocking":false},{"id":666,"article_id":476588,"class_id":0,"name":"XL\/2XL","on_standby":false,"stock_local":0,"stock_global":109,"multiple":1,"estimated_date_reassort":null,"is_destocking":false},{"id":16,"article_id":143863,"class_id":9,"name":"4XL","on_standby":false,"stock_local":2,"stock_global":44,"multiple":1,"estimated_date_reassort":null,"is_destocking":true},{"id":168,"article_id":143864,"class_id":10,"name":"5XL","on_standby":false,"stock_local":0,"stock_global":162,"multiple":1,"estimated_date_reassort":null,"is_destocking":false},{"id":169,"article_id":143865,"class_id":11,"name":"6XL","on_standby":false,"stock_local":0,"stock_global":13,"multiple":1,"estimated_date_reassort":null,"is_destocking":false}],"page_links":{"fr":"\/fr\/p-pr-pr202-chemise-popeline-coton-polyester-pr202-1628\/white-1695\/","en":"\/en\/p-pr-pr202-poplin-cotton-polyester-pr202-shirt-1628\/white-1695\/","de":"\/de\/p-pr-pr202-popeline-hemd-baumwolle-polyester-pr202-1628\/white-1695\/","nl":"\/nl\/p-pr-pr202-popeline-katoen-polyester-hemd-pr202-1628\/white-1695\/","es":"\/es\/p-pr-pr202-camisa-popelina-de-algodon-y-poliester-pr202-1628\/white-1695\/","it":"\/it\/p-pr-pr202-camicia-popeline-cotone-poliestere-pr202-1628\/white-1695\/","sv":"\/sv\/p-pr-pr202-popelin-skjorta-av-bomull-polyester-pr202-1628\/white-1695\/","pt":"\/pt\/p-pr-pr202-camisa-de-popelina-algodao-poliester-pr202-1628\/white-1695\/","da":"\/da\/p-pr-pr202-popeline-bluse-af-bomuld-polyester-pr202-1628\/white-1695\/","pl":"\/pl\/p-pr-pr202-koszula-popeline-bawelna-poliester-pr202-1628\/white-1695\/"},"page_links_customization":{"fr":"\/fr\/p-pr-pr202-chemise-poppelina-manches-courtes-pr202-personnalisation-1628\/white-1695\/custom\/","en":"\/en\/p-pr-pr202-short-sleeved-poppelina-shirt-pr202-customization-1628\/white-1695\/custom\/","de":"\/de\/p-pr-pr202-kurzarmhemd-poppelina-pr202-individualisierung-1628\/white-1695\/custom\/","nl":"\/nl\/p-pr-pr202-hem-poppelina-korte-mouwen-pr202-personalisatie-1628\/white-1695\/custom\/","es":"\/es\/p-pr-pr202-camisa-de-poppelina-mangas-cortas-pr202-personalizacion-1628\/white-1695\/custom\/","it":"\/it\/p-pr-pr202-camicia-poppelina-maniche-corte-pr202-personalizzazione-1628\/white-1695\/custom\/","sv":"\/sv\/p-pr-pr202-kemiska-poppelina-korta-armar-pr202-personalisering-1628\/white-1695\/custom\/","pt":"\/pt\/p-pr-pr202-camisa-poppelina-mangas-curtas-pr202-personalizacao-1628\/white-1695\/custom\/","da":"\/da\/p-pr-pr202-chemise-poppelina-mancher-kort-pr202-personliggorelse-1628\/white-1695\/custom\/","pl":"\/pl\/p-pr-pr202-koszulka-z-popeliny-na-krotkie-rekawy-pr202-personalizacja-1628\/white-1695\/custom\/"}},{"id":1677,"name":"black","class_ids":[4],"codes_hexa":["1a1a18"],"delai_24":false,"has_3d":false,"seuil_global":0,"stock_local":0,"stock_global":1483,"on_standby":false,"in_catalog":true,"images":{"miniature":["https:\/\/media.th4.com\/0lvSSbvE-a997SF8e6tM0ELtlOYgMUDo9z3wytwGNBg\/pr:80\/aHR0cDovL21lZGlhMi5kZXNpZ25wYXJ0bmVyLmZyL2MvcC8xNjI4LzE2MjgtMTY3Ny0xLmpwZw?v=1726745657"],"medium":["https:\/\/media.th4.com\/TzsARn-iNTwKupdyTCgNPvmZvr5L-InOO8E1FwZFaS0\/pr:550x550\/aHR0cDovL21lZGlhMi5kZXNpZ25wYXJ0bmVyLmZyL2MvcC8xNjI4LzE2MjgtMTY3Ny0xLmpwZw?v=1726745657"],"medium_large":["https:\/\/media.th4.com\/oBUyoLyqLjvcXbYurbT5fez_BMvu9F9TRSLZN2pxQy8\/pr:1000x1000\/aHR0cDovL21lZGlhMi5kZXNpZ25wYXJ0bmVyLmZyL2MvcC8xNjI4LzE2MjgtMTY3Ny0xLmpwZw?v=1726745657"],"large":["https:\/\/media.th4.com\/VZyhETPfDmm5OlhEe0DZPEXNwJyF0KDNBWkaBME1vHE\/pr:1920\/aHR0cDovL21lZGlhMi5kZXNpZ25wYXJ0bmVyLmZyL2MvcC8xNjI4LzE2MjgtMTY3Ny0xLmpwZw?v=1726745657"],"opengraph":["https:\/\/media.th4.com\/o7PLLzrXesd29Ot8xmWVcLWEkZlXlAmtQXtJ1ThmDsA\/pr:1200x630\/aHR0cDovL21lZGlhMi5kZXNpZ25wYXJ0bmVyLmZyL2MvcC8xNjI4LzE2MjgtMTY3Ny0xLmpwZw?v=1726745657"]},"images_customization":{"miniature":["https:\/\/media.th4.com\/0NLQNDD30RUozTs8L5cnGU1hFJuiKHNR0oGhlEiKxo8\/pr:80\/aHR0cDovL21lZGlhMi5kZXNpZ25wYXJ0bmVyLmZyL2MvcC1zaG9wcGluZy1jdXN0b20tVEgvMTYyOC8xNjI4LTE2NzctMS5qcGc?v=1737557224"],"medium":["https:\/\/media.th4.com\/Yxzr36xUIgitXrY9x62FGTXeb0J4JEs9zbcvn4ipr84\/pr:550x550\/aHR0cDovL21lZGlhMi5kZXNpZ25wYXJ0bmVyLmZyL2MvcC1zaG9wcGluZy1jdXN0b20tVEgvMTYyOC8xNjI4LTE2NzctMS5qcGc?v=1737557224"],"medium_large":["https:\/\/media.th4.com\/0AJFtge2A4WhamkSppxM6kMJLmPPY4Uvofr2FCMnCeY\/pr:1000x1000\/aHR0cDovL21lZGlhMi5kZXNpZ25wYXJ0bmVyLmZyL2MvcC1zaG9wcGluZy1jdXN0b20tVEgvMTYyOC8xNjI4LTE2NzctMS5qcGc?v=1737557224"],"large":["https:\/\/media.th4.com\/xZe7z2hzxvMrPHRCmfFJyT_nDDPJFwvxUP8oJtkwDPw\/pr:1920\/aHR0cDovL21lZGlhMi5kZXNpZ25wYXJ0bmVyLmZyL2MvcC1zaG9wcGluZy1jdXN0b20tVEgvMTYyOC8xNjI4LTE2NzctMS5qcGc?v=1737557224"],"opengraph":["https:\/\/media.th4.com\/zVayOK3XQ1KWjhFr1a69h1RN_CurUjygU1PeuaEYKS0\/pr:1200x630\/aHR0cDovL21lZGlhMi5kZXNpZ25wYXJ0bmVyLmZyL2MvcC1zaG9wcGluZy1jdXN0b20tVEgvMTYyOC8xNjI4LTE2NzctMS5qcGc?v=1737557224"]},"country_origin":"BD","traceability":{"manufacturing_country_id":null,"weaving_country_id":null,"dyeing_country_id":null},"sizes":[{"id":3,"article_id":143631,"class_id":3,"name":"S","on_standby":false,"stock_local":0,"stock_global":145,"multiple":1,"estimated_date_reassort":null,"is_destocking":false},{"id":78,"article_id":38949,"class_id":0,"name":"S\/M","on_standby":false,"stock_local":0,"stock_global":101,"multiple":1,"estimated_date_reassort":null,"is_destocking":false},{"id":77,"article_id":38953,"class_id":0,"name":"L\/XL","on_standby":false,"stock_local":0,"stock_global":175,"multiple":1,"estimated_date_reassort":null,"is_destocking":false},{"id":2,"article_id":38950,"class_id":4,"name":"M","on_standby":false,"stock_local":0,"stock_global":262,"multiple":1,"estimated_date_reassort":null,"is_destocking":false},{"id":934,"article_id":476544,"class_id":0,"name":"2XL\/3XL","on_standby":false,"stock_local":0,"stock_global":40,"multiple":1,"estimated_date_reassort":null,"is_destocking":false},{"id":1,"article_id":38952,"class_id":5,"name":"L","on_standby":false,"stock_local":0,"stock_global":204,"multiple":1,"estimated_date_reassort":null,"is_destocking":false},{"id":4,"article_id":38954,"class_id":6,"name":"XL","on_standby":false,"stock_local":0,"stock_global":135,"multiple":1,"estimated_date_reassort":null,"is_destocking":false},{"id":1116,"article_id":38955,"class_id":7,"name":"2XL","on_standby":false,"stock_local":0,"stock_global":63,"multiple":1,"estimated_date_reassort":null,"is_destocking":false},{"id":1081,"article_id":38956,"class_id":8,"name":"3XL","on_standby":false,"stock_local":0,"stock_global":21,"multiple":1,"estimated_date_reassort":null,"is_destocking":false},{"id":109,"article_id":38951,"class_id":0,"name":"M\/L","on_standby":false,"stock_local":0,"stock_global":233,"multiple":1,"estimated_date_reassort":null,"is_destocking":false},{"id":666,"article_id":476543,"class_id":0,"name":"XL\/2XL","on_standby":false,"stock_local":0,"stock_global":64,"multiple":1,"estimated_date_reassort":null,"is_destocking":false},{"id":16,"article_id":143640,"class_id":9,"name":"4XL","on_standby":false,"stock_local":0,"stock_global":19,"multiple":1,"estimated_date_reassort":null,"is_destocking":false},{"id":168,"article_id":143641,"class_id":10,"name":"5XL","on_standby":false,"stock_local":0,"stock_global":9,"multiple":1,"estimated_date_reassort":null,"is_destocking":false},{"id":169,"article_id":143642,"class_id":11,"name":"6XL","on_standby":false,"stock_local":0,"stock_global":12,"multiple":1,"estimated_date_reassort":null,"is_destocking":false}],"page_links":{"fr":"\/fr\/p-pr-pr202-chemise-popeline-coton-polyester-pr202-1628\/black-1677\/","en":"\/en\/p-pr-pr202-poplin-cotton-polyester-pr202-shirt-1628\/black-1677\/","de":"\/de\/p-pr-pr202-popeline-hemd-baumwolle-polyester-pr202-1628\/black-1677\/","nl":"\/nl\/p-pr-pr202-popeline-katoen-polyester-hemd-pr202-1628\/black-1677\/","es":"\/es\/p-pr-pr202-camisa-popelina-de-algodon-y-poliester-pr202-1628\/black-1677\/","it":"\/it\/p-pr-pr202-camicia-popeline-cotone-poliestere-pr202-1628\/black-1677\/","sv":"\/sv\/p-pr-pr202-popelin-skjorta-av-bomull-polyester-pr202-1628\/black-1677\/","pt":"\/pt\/p-pr-pr202-camisa-de-popelina-algodao-poliester-pr202-1628\/black-1677\/","da":"\/da\/p-pr-pr202-popeline-bluse-af-bomuld-polyester-pr202-1628\/black-1677\/","pl":"\/pl\/p-pr-pr202-koszula-popeline-bawelna-poliester-pr202-1628\/black-1677\/"},"page_links_customization":{"fr":"\/fr\/p-pr-pr202-chemise-poppelina-manches-courtes-pr202-personnalisation-1628\/black-1677\/custom\/","en":"\/en\/p-pr-pr202-short-sleeved-poppelina-shirt-pr202-customization-1628\/black-1677\/custom\/","de":"\/de\/p-pr-pr202-kurzarmhemd-poppelina-pr202-individualisierung-1628\/black-1677\/custom\/","nl":"\/nl\/p-pr-pr202-hem-poppelina-korte-mouwen-pr202-personalisatie-1628\/black-1677\/custom\/","es":"\/es\/p-pr-pr202-camisa-de-poppelina-mangas-cortas-pr202-personalizacion-1628\/black-1677\/custom\/","it":"\/it\/p-pr-pr202-camicia-poppelina-maniche-corte-pr202-personalizzazione-1628\/black-1677\/custom\/","sv":"\/sv\/p-pr-pr202-kemiska-poppelina-korta-armar-pr202-personalisering-1628\/black-1677\/custom\/","pt":"\/pt\/p-pr-pr202-camisa-poppelina-mangas-curtas-pr202-personalizacao-1628\/black-1677\/custom\/","da":"\/da\/p-pr-pr202-chemise-poppelina-mancher-kort-pr202-personliggorelse-1628\/black-1677\/custom\/","pl":"\/pl\/p-pr-pr202-koszulka-z-popeliny-na-krotkie-rekawy-pr202-personalizacja-1628\/black-1677\/custom\/"}},{"id":1692,"name":"purple","class_ids":[10],"codes_hexa":["5d4078"],"delai_24":false,"has_3d":false,"seuil_global":0,"stock_local":0,"stock_global":1021,"on_standby":false,"in_catalog":true,"images":{"miniature":["https:\/\/media.th4.com\/83HzMSjUyNB1AtEX5mvfmcfe8d_F5M1DQywOiYZkh1A\/pr:80\/aHR0cDovL21lZGlhMi5kZXNpZ25wYXJ0bmVyLmZyL2MvcC8xNjI4LzE2MjgtMTY5Mi0xLmpwZw?v=1726745665"],"medium":["https:\/\/media.th4.com\/t27KP3BqbgOXSRbMmgvTzFdRoLqWoMoBiK2dcqUlcuk\/pr:550x550\/aHR0cDovL21lZGlhMi5kZXNpZ25wYXJ0bmVyLmZyL2MvcC8xNjI4LzE2MjgtMTY5Mi0xLmpwZw?v=1726745665"],"medium_large":["https:\/\/media.th4.com\/a8VxLi6h7V_IoBCHR72-8rnZUjwnwr-yyQ8YTo6iFxo\/pr:1000x1000\/aHR0cDovL21lZGlhMi5kZXNpZ25wYXJ0bmVyLmZyL2MvcC8xNjI4LzE2MjgtMTY5Mi0xLmpwZw?v=1726745665"],"large":["https:\/\/media.th4.com\/2S5Xswva7qXGA4ecCAiP4NtkKxyHG-gyY20-9h4GyWU\/pr:1920\/aHR0cDovL21lZGlhMi5kZXNpZ25wYXJ0bmVyLmZyL2MvcC8xNjI4LzE2MjgtMTY5Mi0xLmpwZw?v=1726745665"],"opengraph":["https:\/\/media.th4.com\/9or8BVXmCpC7J5QRt82Lhh-p3DghMy4PTW-gzsLRt5o\/pr:1200x630\/aHR0cDovL21lZGlhMi5kZXNpZ25wYXJ0bmVyLmZyL2MvcC8xNjI4LzE2MjgtMTY5Mi0xLmpwZw?v=1726745665"]},"images_customization":{"miniature":["https:\/\/media.th4.com\/P9ZOuCr1EikZzF7xuHYrO-DTi5Vr4eoZ8QIr36bo5x0\/pr:80\/aHR0cDovL21lZGlhMi5kZXNpZ25wYXJ0bmVyLmZyL2MvcC1zaG9wcGluZy1jdXN0b20tVEgvMTYyOC8xNjI4LTE2OTItMS5qcGc?v=1737557225"],"medium":["https:\/\/media.th4.com\/iNsPDWUSsgVPzNLofvHHzfMw5NAvCBPByTqh4mvduVk\/pr:550x550\/aHR0cDovL21lZGlhMi5kZXNpZ25wYXJ0bmVyLmZyL2MvcC1zaG9wcGluZy1jdXN0b20tVEgvMTYyOC8xNjI4LTE2OTItMS5qcGc?v=1737557225"],"medium_large":["https:\/\/media.th4.com\/dtzo0OY6XVEsVkhxIPKGZXGHte3AePOojcRTDs2e3rA\/pr:1000x1000\/aHR0cDovL21lZGlhMi5kZXNpZ25wYXJ0bmVyLmZyL2MvcC1zaG9wcGluZy1jdXN0b20tVEgvMTYyOC8xNjI4LTE2OTItMS5qcGc?v=1737557225"],"large":["https:\/\/media.th4.com\/8YeYl2spLw4atDoLIndAUHsqQpNfHmhW_ZGEPWHOvWU\/pr:1920\/aHR0cDovL21lZGlhMi5kZXNpZ25wYXJ0bmVyLmZyL2MvcC1zaG9wcGluZy1jdXN0b20tVEgvMTYyOC8xNjI4LTE2OTItMS5qcGc?v=1737557225"],"opengraph":["https:\/\/media.th4.com\/Dpq0zp36Vejl5gWdPZXE-z1wvu6UyhFG4GX23chzhhE\/pr:1200x630\/aHR0cDovL21lZGlhMi5kZXNpZ25wYXJ0bmVyLmZyL2MvcC1zaG9wcGluZy1jdXN0b20tVEgvMTYyOC8xNjI4LTE2OTItMS5qcGc?v=1737557225"]},"country_origin":"BD","traceability":{"manufacturing_country_id":null,"weaving_country_id":null,"dyeing_country_id":null},"sizes":[{"id":3,"article_id":143794,"class_id":3,"name":"S","on_standby":false,"stock_local":0,"stock_global":373,"multiple":1,"estimated_date_reassort":null,"is_destocking":false},{"id":78,"article_id":110385,"class_id":0,"name":"S\/M","on_standby":false,"stock_local":0,"stock_global":20,"multiple":1,"estimated_date_reassort":null,"is_destocking":false},{"id":77,"article_id":110389,"class_id":0,"name":"L\/XL","on_standby":false,"stock_local":0,"stock_global":42,"multiple":1,"estimated_date_reassort":null,"is_destocking":false},{"id":2,"article_id":110386,"class_id":4,"name":"M","on_standby":false,"stock_local":0,"stock_global":394,"multiple":1,"estimated_date_reassort":null,"is_destocking":false},{"id":934,"article_id":476570,"class_id":0,"name":"2XL\/3XL","on_standby":false,"stock_local":0,"stock_global":12,"multiple":1,"estimated_date_reassort":null,"is_destocking":false},{"id":1,"article_id":110388,"class_id":5,"name":"L","on_standby":false,"stock_local":0,"stock_global":76,"multiple":1,"estimated_date_reassort":null,"is_destocking":false},{"id":4,"article_id":110390,"class_id":6,"name":"XL","on_standby":false,"stock_local":1,"stock_global":43,"multiple":1,"estimated_date_reassort":null,"is_destocking":true},{"id":1116,"article_id":110391,"class_id":7,"name":"2XL","on_standby":false,"stock_local":0,"stock_global":4,"multiple":1,"estimated_date_reassort":null,"is_destocking":false},{"id":109,"article_id":110387,"class_id":0,"name":"M\/L","on_standby":false,"stock_local":0,"stock_global":41,"multiple":1,"estimated_date_reassort":null,"is_destocking":false},{"id":666,"article_id":476569,"class_id":0,"name":"XL\/2XL","on_standby":false,"stock_local":0,"stock_global":15,"multiple":1,"estimated_date_reassort":null,"is_destocking":false},{"id":169,"article_id":324537,"class_id":11,"name":"6XL","on_standby":false,"stock_local":0,"stock_global":1,"multiple":1,"estimated_date_reassort":null,"is_destocking":false}],"page_links":{"fr":"\/fr\/p-pr-pr202-chemise-popeline-coton-polyester-pr202-1628\/purple-1692\/","en":"\/en\/p-pr-pr202-poplin-cotton-polyester-pr202-shirt-1628\/purple-1692\/","de":"\/de\/p-pr-pr202-popeline-hemd-baumwolle-polyester-pr202-1628\/purple-1692\/","nl":"\/nl\/p-pr-pr202-popeline-katoen-polyester-hemd-pr202-1628\/purple-1692\/","es":"\/es\/p-pr-pr202-camisa-popelina-de-algodon-y-poliester-pr202-1628\/purple-1692\/","it":"\/it\/p-pr-pr202-camicia-popeline-cotone-poliestere-pr202-1628\/purple-1692\/","sv":"\/sv\/p-pr-pr202-popelin-skjorta-av-bomull-polyester-pr202-1628\/purple-1692\/","pt":"\/pt\/p-pr-pr202-camisa-de-popelina-algodao-poliester-pr202-1628\/purple-1692\/","da":"\/da\/p-pr-pr202-popeline-bluse-af-bomuld-polyester-pr202-1628\/purple-1692\/","pl":"\/pl\/p-pr-pr202-koszula-popeline-bawelna-poliester-pr202-1628\/purple-1692\/"},"page_links_customization":{"fr":"\/fr\/p-pr-pr202-chemise-poppelina-manches-courtes-pr202-personnalisation-1628\/purple-1692\/custom\/","en":"\/en\/p-pr-pr202-short-sleeved-poppelina-shirt-pr202-customization-1628\/purple-1692\/custom\/","de":"\/de\/p-pr-pr202-kurzarmhemd-poppelina-pr202-individualisierung-1628\/purple-1692\/custom\/","nl":"\/nl\/p-pr-pr202-hem-poppelina-korte-mouwen-pr202-personalisatie-1628\/purple-1692\/custom\/","es":"\/es\/p-pr-pr202-camisa-de-poppelina-mangas-cortas-pr202-personalizacion-1628\/purple-1692\/custom\/","it":"\/it\/p-pr-pr202-camicia-poppelina-maniche-corte-pr202-personalizzazione-1628\/purple-1692\/custom\/","sv":"\/sv\/p-pr-pr202-kemiska-poppelina-korta-armar-pr202-personalisering-1628\/purple-1692\/custom\/","pt":"\/pt\/p-pr-pr202-camisa-poppelina-mangas-curtas-pr202-personalizacao-1628\/purple-1692\/custom\/","da":"\/da\/p-pr-pr202-chemise-poppelina-mancher-kort-pr202-personliggorelse-1628\/purple-1692\/custom\/","pl":"\/pl\/p-pr-pr202-koszulka-z-popeliny-na-krotkie-rekawy-pr202-personalizacja-1628\/purple-1692\/custom\/"}},{"id":1689,"name":"mid_blue","class_ids":[2],"codes_hexa":["4f82c3"],"delai_24":false,"has_3d":false,"seuil_global":0,"stock_local":0,"stock_global":802,"on_standby":false,"in_catalog":true,"images":{"miniature":["https:\/\/media.th4.com\/6cX7evN_mUoqFM5l3KY8ymt0otdsE5aIWkTGIz_Ik74\/pr:80\/aHR0cDovL21lZGlhMi5kZXNpZ25wYXJ0bmVyLmZyL2MvcC8xNjI4LzE2MjgtMTY4OS0xLmpwZw?v=1726745660"],"medium":["https:\/\/media.th4.com\/my4MxO6Ox3-TeodmHVopoRNWLTt2WDdIJYA_wpqyL-8\/pr:550x550\/aHR0cDovL21lZGlhMi5kZXNpZ25wYXJ0bmVyLmZyL2MvcC8xNjI4LzE2MjgtMTY4OS0xLmpwZw?v=1726745660"],"medium_large":["https:\/\/media.th4.com\/sUCxJFGRJvSGSZQ9QAbQAfSTgjGn4GBhs-B9L4fDX6Q\/pr:1000x1000\/aHR0cDovL21lZGlhMi5kZXNpZ25wYXJ0bmVyLmZyL2MvcC8xNjI4LzE2MjgtMTY4OS0xLmpwZw?v=1726745660"],"large":["https:\/\/media.th4.com\/clU_yGtOQ1ha0OcYa9AVMAA35wWbQBoQh-4-PjNoljQ\/pr:1920\/aHR0cDovL21lZGlhMi5kZXNpZ25wYXJ0bmVyLmZyL2MvcC8xNjI4LzE2MjgtMTY4OS0xLmpwZw?v=1726745660"],"opengraph":["https:\/\/media.th4.com\/tkOyCqKkkHK1WlEFsSkJIpYsFcU1MwKaE5__TaMRke0\/pr:1200x630\/aHR0cDovL21lZGlhMi5kZXNpZ25wYXJ0bmVyLmZyL2MvcC8xNjI4LzE2MjgtMTY4OS0xLmpwZw?v=1726745660"]},"images_customization":{"miniature":["https:\/\/media.th4.com\/-Rx6KU2ebfyfBiHA5Y_DeihjGbw88F5uERqJOplcjhQ\/pr:80\/aHR0cDovL21lZGlhMi5kZXNpZ25wYXJ0bmVyLmZyL2MvcC1zaG9wcGluZy1jdXN0b20tVEgvMTYyOC8xNjI4LTE2ODktMS5qcGc?v=1737557225"],"medium":["https:\/\/media.th4.com\/YgkVmrrzFKF6ObSMSEyXTmxNbLaJ1WEcRpUiBOfBNV8\/pr:550x550\/aHR0cDovL21lZGlhMi5kZXNpZ25wYXJ0bmVyLmZyL2MvcC1zaG9wcGluZy1jdXN0b20tVEgvMTYyOC8xNjI4LTE2ODktMS5qcGc?v=1737557225"],"medium_large":["https:\/\/media.th4.com\/MBnRQ7plpqHaaJgddGOwoH22w2cidDzdG2_ldOrZc_4\/pr:1000x1000\/aHR0cDovL21lZGlhMi5kZXNpZ25wYXJ0bmVyLmZyL2MvcC1zaG9wcGluZy1jdXN0b20tVEgvMTYyOC8xNjI4LTE2ODktMS5qcGc?v=1737557225"],"large":["https:\/\/media.th4.com\/k-LBmd_afAwSykcUiQrCvReSaprX2i2ilrmHCd4ihdc\/pr:1920\/aHR0cDovL21lZGlhMi5kZXNpZ25wYXJ0bmVyLmZyL2MvcC1zaG9wcGluZy1jdXN0b20tVEgvMTYyOC8xNjI4LTE2ODktMS5qcGc?v=1737557225"],"opengraph":["https:\/\/media.th4.com\/gPFbRmCLkrNVXv2Glb2o6eawPxKDOuLCeN5hinUYsVY\/pr:1200x630\/aHR0cDovL21lZGlhMi5kZXNpZ25wYXJ0bmVyLmZyL2MvcC1zaG9wcGluZy1jdXN0b20tVEgvMTYyOC8xNjI4LTE2ODktMS5qcGc?v=1737557225"]},"country_origin":"BD","traceability":{"manufacturing_country_id":null,"weaving_country_id":null,"dyeing_country_id":null},"sizes":[{"id":3,"article_id":143744,"class_id":3,"name":"S","on_standby":false,"stock_local":0,"stock_global":391,"multiple":1,"estimated_date_reassort":null,"is_destocking":false},{"id":78,"article_id":110349,"class_id":0,"name":"S\/M","on_standby":false,"stock_local":0,"stock_global":42,"multiple":1,"estimated_date_reassort":null,"is_destocking":false},{"id":77,"article_id":110353,"class_id":0,"name":"L\/XL","on_standby":false,"stock_local":0,"stock_global":70,"multiple":1,"estimated_date_reassort":null,"is_destocking":false},{"id":2,"article_id":110350,"class_id":4,"name":"M","on_standby":false,"stock_local":0,"stock_global":51,"multiple":1,"estimated_date_reassort":null,"is_destocking":false},{"id":1,"article_id":110352,"class_id":5,"name":"L","on_standby":false,"stock_local":1,"stock_global":83,"multiple":1,"estimated_date_reassort":null,"is_destocking":true},{"id":4,"article_id":110354,"class_id":6,"name":"XL","on_standby":false,"stock_local":0,"stock_global":53,"multiple":1,"estimated_date_reassort":null,"is_destocking":false},{"id":1116,"article_id":110355,"class_id":7,"name":"2XL","on_standby":false,"stock_local":0,"stock_global":5,"multiple":1,"estimated_date_reassort":null,"is_destocking":false},{"id":1081,"article_id":110356,"class_id":8,"name":"3XL","on_standby":false,"stock_local":0,"stock_global":1,"multiple":1,"estimated_date_reassort":null,"is_destocking":false},{"id":109,"article_id":110351,"class_id":0,"name":"M\/L","on_standby":false,"stock_local":0,"stock_global":92,"multiple":1,"estimated_date_reassort":null,"is_destocking":false},{"id":666,"article_id":476561,"class_id":0,"name":"XL\/2XL","on_standby":false,"stock_local":1,"stock_global":14,"multiple":1,"estimated_date_reassort":null,"is_destocking":true}],"page_links":{"fr":"\/fr\/p-pr-pr202-chemise-popeline-coton-polyester-pr202-1628\/mid-blue-1689\/","en":"\/en\/p-pr-pr202-poplin-cotton-polyester-pr202-shirt-1628\/mid-blue-1689\/","de":"\/de\/p-pr-pr202-popeline-hemd-baumwolle-polyester-pr202-1628\/mid-blue-1689\/","nl":"\/nl\/p-pr-pr202-popeline-katoen-polyester-hemd-pr202-1628\/mid-blue-1689\/","es":"\/es\/p-pr-pr202-camisa-popelina-de-algodon-y-poliester-pr202-1628\/mid-blue-1689\/","it":"\/it\/p-pr-pr202-camicia-popeline-cotone-poliestere-pr202-1628\/mid-blue-1689\/","sv":"\/sv\/p-pr-pr202-popelin-skjorta-av-bomull-polyester-pr202-1628\/mid-blue-1689\/","pt":"\/pt\/p-pr-pr202-camisa-de-popelina-algodao-poliester-pr202-1628\/mid-blue-1689\/","da":"\/da\/p-pr-pr202-popeline-bluse-af-bomuld-polyester-pr202-1628\/mid-blue-1689\/","pl":"\/pl\/p-pr-pr202-koszula-popeline-bawelna-poliester-pr202-1628\/mid-blue-1689\/"},"page_links_customization":{"fr":"\/fr\/p-pr-pr202-chemise-poppelina-manches-courtes-pr202-personnalisation-1628\/mid-blue-1689\/custom\/","en":"\/en\/p-pr-pr202-short-sleeved-poppelina-shirt-pr202-customization-1628\/mid-blue-1689\/custom\/","de":"\/de\/p-pr-pr202-kurzarmhemd-poppelina-pr202-individualisierung-1628\/mid-blue-1689\/custom\/","nl":"\/nl\/p-pr-pr202-hem-poppelina-korte-mouwen-pr202-personalisatie-1628\/mid-blue-1689\/custom\/","es":"\/es\/p-pr-pr202-camisa-de-poppelina-mangas-cortas-pr202-personalizacion-1628\/mid-blue-1689\/custom\/","it":"\/it\/p-pr-pr202-camicia-poppelina-maniche-corte-pr202-personalizzazione-1628\/mid-blue-1689\/custom\/","sv":"\/sv\/p-pr-pr202-kemiska-poppelina-korta-armar-pr202-personalisering-1628\/mid-blue-1689\/custom\/","pt":"\/pt\/p-pr-pr202-camisa-poppelina-mangas-curtas-pr202-personalizacao-1628\/mid-blue-1689\/custom\/","da":"\/da\/p-pr-pr202-chemise-poppelina-mancher-kort-pr202-personliggorelse-1628\/mid-blue-1689\/custom\/","pl":"\/pl\/p-pr-pr202-koszulka-z-popeliny-na-krotkie-rekawy-pr202-personalizacja-1628\/mid-blue-1689\/custom\/"}},{"id":1686,"name":"khaki","class_ids":[5,11],"codes_hexa":["424928"],"delai_24":false,"has_3d":false,"seuil_global":0,"stock_local":0,"stock_global":744,"on_standby":false,"in_catalog":true,"images":{"miniature":["https:\/\/media.th4.com\/7dYTQLmJn7tRiieR6xDvfMXRxP7uEnVpktZI-gRaqd0\/pr:80\/aHR0cDovL21lZGlhMi5kZXNpZ25wYXJ0bmVyLmZyL2MvcC8xNjI4LzE2MjgtMTY4Ni0xLmpwZw?v=1726745658"],"medium":["https:\/\/media.th4.com\/yM_oPxzfVXRHrKdK_JlrxSxPkP3m51uZB2CN-K5qxkM\/pr:550x550\/aHR0cDovL21lZGlhMi5kZXNpZ25wYXJ0bmVyLmZyL2MvcC8xNjI4LzE2MjgtMTY4Ni0xLmpwZw?v=1726745658"],"medium_large":["https:\/\/media.th4.com\/kNsDpuSQmnUBLw16IULOAsXqo8BHAe-nJ8v-3JCa3FI\/pr:1000x1000\/aHR0cDovL21lZGlhMi5kZXNpZ25wYXJ0bmVyLmZyL2MvcC8xNjI4LzE2MjgtMTY4Ni0xLmpwZw?v=1726745658"],"large":["https:\/\/media.th4.com\/9cdGS9Iu9xCYu33K0ECK_qHxLhBhFb5Rja4Ib0ui5vk\/pr:1920\/aHR0cDovL21lZGlhMi5kZXNpZ25wYXJ0bmVyLmZyL2MvcC8xNjI4LzE2MjgtMTY4Ni0xLmpwZw?v=1726745658"],"opengraph":["https:\/\/media.th4.com\/-IzUY3C_3MNgog74e8qUVyoi1Q0dqtLepdFzFUjZhBc\/pr:1200x630\/aHR0cDovL21lZGlhMi5kZXNpZ25wYXJ0bmVyLmZyL2MvcC8xNjI4LzE2MjgtMTY4Ni0xLmpwZw?v=1726745658"]},"images_customization":{"miniature":["https:\/\/media.th4.com\/mxQXW5-XG4SQfGm_qCfM-UHPjm_HFXspYC7gyebpLq8\/pr:80\/aHR0cDovL21lZGlhMi5kZXNpZ25wYXJ0bmVyLmZyL2MvcC1zaG9wcGluZy1jdXN0b20tVEgvMTYyOC8xNjI4LTE2ODYtMS5qcGc?v=1737557224"],"medium":["https:\/\/media.th4.com\/IW6CIrWANErYoUZxCSaMsZKqR0Sz38MZAm27OoEh8AE\/pr:550x550\/aHR0cDovL21lZGlhMi5kZXNpZ25wYXJ0bmVyLmZyL2MvcC1zaG9wcGluZy1jdXN0b20tVEgvMTYyOC8xNjI4LTE2ODYtMS5qcGc?v=1737557224"],"medium_large":["https:\/\/media.th4.com\/zgaDn56Jkoz1YgHa6Xniikopyjn0ZKFHi-tfOgvJBQ4\/pr:1000x1000\/aHR0cDovL21lZGlhMi5kZXNpZ25wYXJ0bmVyLmZyL2MvcC1zaG9wcGluZy1jdXN0b20tVEgvMTYyOC8xNjI4LTE2ODYtMS5qcGc?v=1737557224"],"large":["https:\/\/media.th4.com\/ez7_o8tXD_JiIg_5e08bW2NiIzJ_HLBLZtsXTfcb_oE\/pr:1920\/aHR0cDovL21lZGlhMi5kZXNpZ25wYXJ0bmVyLmZyL2MvcC1zaG9wcGluZy1jdXN0b20tVEgvMTYyOC8xNjI4LTE2ODYtMS5qcGc?v=1737557224"],"opengraph":["https:\/\/media.th4.com\/efWkNkyK6LXoq3ES3cU_9Zb01URkOu57h9SyO53DCdU\/pr:1200x630\/aHR0cDovL21lZGlhMi5kZXNpZ25wYXJ0bmVyLmZyL2MvcC1zaG9wcGluZy1jdXN0b20tVEgvMTYyOC8xNjI4LTE2ODYtMS5qcGc?v=1737557224"]},"country_origin":"BD","traceability":{"manufacturing_country_id":null,"weaving_country_id":null,"dyeing_country_id":null},"sizes":[{"id":3,"article_id":143704,"class_id":3,"name":"S","on_standby":false,"stock_local":0,"stock_global":37,"multiple":1,"estimated_date_reassort":null,"is_destocking":false},{"id":78,"article_id":110326,"class_id":0,"name":"S\/M","on_standby":false,"stock_local":0,"stock_global":60,"multiple":1,"estimated_date_reassort":null,"is_destocking":false},{"id":77,"article_id":110330,"class_id":0,"name":"L\/XL","on_standby":false,"stock_local":0,"stock_global":51,"multiple":1,"estimated_date_reassort":null,"is_destocking":false},{"id":2,"article_id":110327,"class_id":4,"name":"M","on_standby":false,"stock_local":0,"stock_global":392,"multiple":1,"estimated_date_reassort":null,"is_destocking":false},{"id":934,"article_id":476556,"class_id":0,"name":"2XL\/3XL","on_standby":false,"stock_local":0,"stock_global":3,"multiple":1,"estimated_date_reassort":null,"is_destocking":false},{"id":1,"article_id":110329,"class_id":5,"name":"L","on_standby":false,"stock_local":0,"stock_global":22,"multiple":1,"estimated_date_reassort":null,"is_destocking":false},{"id":4,"article_id":110331,"class_id":6,"name":"XL","on_standby":false,"stock_local":0,"stock_global":84,"multiple":1,"estimated_date_reassort":null,"is_destocking":false},{"id":1116,"article_id":110332,"class_id":7,"name":"2XL","on_standby":false,"stock_local":0,"stock_global":16,"multiple":1,"estimated_date_reassort":null,"is_destocking":false},{"id":109,"article_id":110328,"class_id":0,"name":"M\/L","on_standby":false,"stock_local":0,"stock_global":65,"multiple":1,"estimated_date_reassort":null,"is_destocking":false},{"id":666,"article_id":476555,"class_id":0,"name":"XL\/2XL","on_standby":false,"stock_local":0,"stock_global":14,"multiple":1,"estimated_date_reassort":null,"is_destocking":false}],"page_links":{"fr":"\/fr\/p-pr-pr202-chemise-popeline-coton-polyester-pr202-1628\/khaki-1686\/","en":"\/en\/p-pr-pr202-poplin-cotton-polyester-pr202-shirt-1628\/khaki-1686\/","de":"\/de\/p-pr-pr202-popeline-hemd-baumwolle-polyester-pr202-1628\/khaki-1686\/","nl":"\/nl\/p-pr-pr202-popeline-katoen-polyester-hemd-pr202-1628\/khaki-1686\/","es":"\/es\/p-pr-pr202-camisa-popelina-de-algodon-y-poliester-pr202-1628\/khaki-1686\/","it":"\/it\/p-pr-pr202-camicia-popeline-cotone-poliestere-pr202-1628\/khaki-1686\/","sv":"\/sv\/p-pr-pr202-popelin-skjorta-av-bomull-polyester-pr202-1628\/khaki-1686\/","pt":"\/pt\/p-pr-pr202-camisa-de-popelina-algodao-poliester-pr202-1628\/khaki-1686\/","da":"\/da\/p-pr-pr202-popeline-bluse-af-bomuld-polyester-pr202-1628\/khaki-1686\/","pl":"\/pl\/p-pr-pr202-koszula-popeline-bawelna-poliester-pr202-1628\/khaki-1686\/"},"page_links_customization":{"fr":"\/fr\/p-pr-pr202-chemise-poppelina-manches-courtes-pr202-personnalisation-1628\/khaki-1686\/custom\/","en":"\/en\/p-pr-pr202-short-sleeved-poppelina-shirt-pr202-customization-1628\/khaki-1686\/custom\/","de":"\/de\/p-pr-pr202-kurzarmhemd-poppelina-pr202-individualisierung-1628\/khaki-1686\/custom\/","nl":"\/nl\/p-pr-pr202-hem-poppelina-korte-mouwen-pr202-personalisatie-1628\/khaki-1686\/custom\/","es":"\/es\/p-pr-pr202-camisa-de-poppelina-mangas-cortas-pr202-personalizacion-1628\/khaki-1686\/custom\/","it":"\/it\/p-pr-pr202-camicia-poppelina-maniche-corte-pr202-personalizzazione-1628\/khaki-1686\/custom\/","sv":"\/sv\/p-pr-pr202-kemiska-poppelina-korta-armar-pr202-personalisering-1628\/khaki-1686\/custom\/","pt":"\/pt\/p-pr-pr202-camisa-poppelina-mangas-curtas-pr202-personalizacao-1628\/khaki-1686\/custom\/","da":"\/da\/p-pr-pr202-chemise-poppelina-mancher-kort-pr202-personliggorelse-1628\/khaki-1686\/custom\/","pl":"\/pl\/p-pr-pr202-koszulka-z-popeliny-na-krotkie-rekawy-pr202-personalizacja-1628\/khaki-1686\/custom\/"}},{"id":1666,"name":"navy","class_ids":[2],"codes_hexa":["19286b"],"delai_24":false,"has_3d":false,"seuil_global":0,"stock_local":0,"stock_global":697,"on_standby":false,"in_catalog":true,"images":{"miniature":["https:\/\/media.th4.com\/XXct25O8tquRubD4ODb1YlhAdPU3F-H21wQNR8l3TO8\/pr:80\/aHR0cDovL21lZGlhMi5kZXNpZ25wYXJ0bmVyLmZyL2MvcC8xNjI4LzE2MjgtMTY2Ni0xLmpwZw?v=1726745649"],"medium":["https:\/\/media.th4.com\/x_1eNwz80xrBLO14fe31YwxOt5uUYQUNTVz2HGx1EFM\/pr:550x550\/aHR0cDovL21lZGlhMi5kZXNpZ25wYXJ0bmVyLmZyL2MvcC8xNjI4LzE2MjgtMTY2Ni0xLmpwZw?v=1726745649"],"medium_large":["https:\/\/media.th4.com\/FyCbAXLwXznHqF0YV5uRxoPiOAukDDN0VCepbBJgCKA\/pr:1000x1000\/aHR0cDovL21lZGlhMi5kZXNpZ25wYXJ0bmVyLmZyL2MvcC8xNjI4LzE2MjgtMTY2Ni0xLmpwZw?v=1726745649"],"large":["https:\/\/media.th4.com\/coqDW3qDN0MRUkFZKDZyi4UXrb4E6Gow5PqCOkSw0ZA\/pr:1920\/aHR0cDovL21lZGlhMi5kZXNpZ25wYXJ0bmVyLmZyL2MvcC8xNjI4LzE2MjgtMTY2Ni0xLmpwZw?v=1726745649"],"opengraph":["https:\/\/media.th4.com\/0sWRJ1kqaZ_cuwkFR7CbM7Ig-pOmiX1Mc07r9I-0UoQ\/pr:1200x630\/aHR0cDovL21lZGlhMi5kZXNpZ25wYXJ0bmVyLmZyL2MvcC8xNjI4LzE2MjgtMTY2Ni0xLmpwZw?v=1726745649"]},"images_customization":{"miniature":["https:\/\/media.th4.com\/cyIX8w1kapWCvpGnmqoiRBIuj-5O8Q3bC4rJ2WcXWx4\/pr:80\/aHR0cDovL21lZGlhMi5kZXNpZ25wYXJ0bmVyLmZyL2MvcC1zaG9wcGluZy1jdXN0b20tVEgvMTYyOC8xNjI4LTE2NjYtMS5qcGc?v=1737557224"],"medium":["https:\/\/media.th4.com\/nuXA1xFrjfxUj-zLvReeQvzFWAy5uaw_7Wcgujw9fbg\/pr:550x550\/aHR0cDovL21lZGlhMi5kZXNpZ25wYXJ0bmVyLmZyL2MvcC1zaG9wcGluZy1jdXN0b20tVEgvMTYyOC8xNjI4LTE2NjYtMS5qcGc?v=1737557224"],"medium_large":["https:\/\/media.th4.com\/jmjKZ2PAvjG9lh2wYN5ZcOOKY3BUo2_BYursTt1ZEcM\/pr:1000x1000\/aHR0cDovL21lZGlhMi5kZXNpZ25wYXJ0bmVyLmZyL2MvcC1zaG9wcGluZy1jdXN0b20tVEgvMTYyOC8xNjI4LTE2NjYtMS5qcGc?v=1737557224"],"large":["https:\/\/media.th4.com\/RCEbz3xeHZnx66Dq8YOHitcuw1xYtWZ1sEJVKVcHNSU\/pr:1920\/aHR0cDovL21lZGlhMi5kZXNpZ25wYXJ0bmVyLmZyL2MvcC1zaG9wcGluZy1jdXN0b20tVEgvMTYyOC8xNjI4LTE2NjYtMS5qcGc?v=1737557224"],"opengraph":["https:\/\/media.th4.com\/mx4lh8Qs9K5qmv6OEKOPygZUwwz804CCcbK8I5fUsgM\/pr:1200x630\/aHR0cDovL21lZGlhMi5kZXNpZ25wYXJ0bmVyLmZyL2MvcC1zaG9wcGluZy1jdXN0b20tVEgvMTYyOC8xNjI4LTE2NjYtMS5qcGc?v=1737557224"]},"country_origin":"BD","traceability":{"manufacturing_country_id":null,"weaving_country_id":null,"dyeing_country_id":null},"sizes":[{"id":3,"article_id":143764,"class_id":3,"name":"S","on_standby":false,"stock_local":0,"stock_global":87,"multiple":1,"estimated_date_reassort":null,"is_destocking":false},{"id":78,"article_id":110361,"class_id":0,"name":"S\/M","on_standby":false,"stock_local":0,"stock_global":103,"multiple":1,"estimated_date_reassort":null,"is_destocking":false},{"id":77,"article_id":110365,"class_id":0,"name":"L\/XL","on_standby":false,"stock_local":0,"stock_global":89,"multiple":1,"estimated_date_reassort":null,"is_destocking":false},{"id":2,"article_id":110362,"class_id":4,"name":"M","on_standby":false,"stock_local":0,"stock_global":85,"multiple":1,"estimated_date_reassort":null,"is_destocking":false},{"id":934,"article_id":476566,"class_id":0,"name":"2XL\/3XL","on_standby":false,"stock_local":0,"stock_global":21,"multiple":1,"estimated_date_reassort":null,"is_destocking":false},{"id":1,"article_id":110364,"class_id":5,"name":"L","on_standby":false,"stock_local":0,"stock_global":86,"multiple":1,"estimated_date_reassort":null,"is_destocking":false},{"id":4,"article_id":110366,"class_id":6,"name":"XL","on_standby":false,"stock_local":0,"stock_global":73,"multiple":1,"estimated_date_reassort":null,"is_destocking":false},{"id":1116,"article_id":110367,"class_id":7,"name":"2XL","on_standby":false,"stock_local":0,"stock_global":9,"multiple":1,"estimated_date_reassort":null,"is_destocking":false},{"id":1081,"article_id":110368,"class_id":8,"name":"3XL","on_standby":false,"stock_local":0,"stock_global":3,"multiple":1,"estimated_date_reassort":null,"is_destocking":false},{"id":109,"article_id":110363,"class_id":0,"name":"M\/L","on_standby":false,"stock_local":0,"stock_global":92,"multiple":1,"estimated_date_reassort":null,"is_destocking":false},{"id":666,"article_id":476565,"class_id":0,"name":"XL\/2XL","on_standby":false,"stock_local":0,"stock_global":43,"multiple":1,"estimated_date_reassort":null,"is_destocking":false},{"id":16,"article_id":143773,"class_id":9,"name":"4XL","on_standby":false,"stock_local":0,"stock_global":6,"multiple":1,"estimated_date_reassort":null,"is_destocking":false}],"page_links":{"fr":"\/fr\/p-pr-pr202-chemise-popeline-coton-polyester-pr202-1628\/navy-1666\/","en":"\/en\/p-pr-pr202-poplin-cotton-polyester-pr202-shirt-1628\/navy-1666\/","de":"\/de\/p-pr-pr202-popeline-hemd-baumwolle-polyester-pr202-1628\/navy-1666\/","nl":"\/nl\/p-pr-pr202-popeline-katoen-polyester-hemd-pr202-1628\/navy-1666\/","es":"\/es\/p-pr-pr202-camisa-popelina-de-algodon-y-poliester-pr202-1628\/navy-1666\/","it":"\/it\/p-pr-pr202-camicia-popeline-cotone-poliestere-pr202-1628\/navy-1666\/","sv":"\/sv\/p-pr-pr202-popelin-skjorta-av-bomull-polyester-pr202-1628\/navy-1666\/","pt":"\/pt\/p-pr-pr202-camisa-de-popelina-algodao-poliester-pr202-1628\/navy-1666\/","da":"\/da\/p-pr-pr202-popeline-bluse-af-bomuld-polyester-pr202-1628\/navy-1666\/","pl":"\/pl\/p-pr-pr202-koszula-popeline-bawelna-poliester-pr202-1628\/navy-1666\/"},"page_links_customization":{"fr":"\/fr\/p-pr-pr202-chemise-poppelina-manches-courtes-pr202-personnalisation-1628\/navy-1666\/custom\/","en":"\/en\/p-pr-pr202-short-sleeved-poppelina-shirt-pr202-customization-1628\/navy-1666\/custom\/","de":"\/de\/p-pr-pr202-kurzarmhemd-poppelina-pr202-individualisierung-1628\/navy-1666\/custom\/","nl":"\/nl\/p-pr-pr202-hem-poppelina-korte-mouwen-pr202-personalisatie-1628\/navy-1666\/custom\/","es":"\/es\/p-pr-pr202-camisa-de-poppelina-mangas-cortas-pr202-personalizacion-1628\/navy-1666\/custom\/","it":"\/it\/p-pr-pr202-camicia-poppelina-maniche-corte-pr202-personalizzazione-1628\/navy-1666\/custom\/","sv":"\/sv\/p-pr-pr202-kemiska-poppelina-korta-armar-pr202-personalisering-1628\/navy-1666\/custom\/","pt":"\/pt\/p-pr-pr202-camisa-poppelina-mangas-curtas-pr202-personalizacao-1628\/navy-1666\/custom\/","da":"\/da\/p-pr-pr202-chemise-poppelina-mancher-kort-pr202-personliggorelse-1628\/navy-1666\/custom\/","pl":"\/pl\/p-pr-pr202-koszulka-z-popeliny-na-krotkie-rekawy-pr202-personalizacja-1628\/navy-1666\/custom\/"}},{"id":1694,"name":"turquoise","class_ids":[2],"codes_hexa":["00b3d1"],"delai_24":false,"has_3d":false,"seuil_global":0,"stock_local":0,"stock_global":627,"on_standby":false,"in_catalog":true,"images":{"miniature":["https:\/\/media.th4.com\/vmOgoAqXixyNNUdsMJ3YwLzKbLIh599HHFT26ODaLe8\/pr:80\/aHR0cDovL21lZGlhMi5kZXNpZ25wYXJ0bmVyLmZyL2MvcC8xNjI4LzE2MjgtMTY5NC0xLmpwZw?v=1726745676"],"medium":["https:\/\/media.th4.com\/g_p3ti1suJY1fe48CFUNkkeKEDCfCifuxc-qkwE-p-0\/pr:550x550\/aHR0cDovL21lZGlhMi5kZXNpZ25wYXJ0bmVyLmZyL2MvcC8xNjI4LzE2MjgtMTY5NC0xLmpwZw?v=1726745676"],"medium_large":["https:\/\/media.th4.com\/lWcknR_fNx2MKuGD5dtgP1lMbW9BsytJE2zuH1FcrQE\/pr:1000x1000\/aHR0cDovL21lZGlhMi5kZXNpZ25wYXJ0bmVyLmZyL2MvcC8xNjI4LzE2MjgtMTY5NC0xLmpwZw?v=1726745676"],"large":["https:\/\/media.th4.com\/mT6mZwUdmpUj3jnA47hWr2vDB6yI9bPh1I361gdvMWk\/pr:1920\/aHR0cDovL21lZGlhMi5kZXNpZ25wYXJ0bmVyLmZyL2MvcC8xNjI4LzE2MjgtMTY5NC0xLmpwZw?v=1726745676"],"opengraph":["https:\/\/media.th4.com\/QUeoLUctqhIxzNlXNCVcH8DnhIcs2u5sZyFoddJFI1Y\/pr:1200x630\/aHR0cDovL21lZGlhMi5kZXNpZ25wYXJ0bmVyLmZyL2MvcC8xNjI4LzE2MjgtMTY5NC0xLmpwZw?v=1726745676"]},"images_customization":{"miniature":["https:\/\/media.th4.com\/3lLkt6C5ZIb4dyxpMBdmxSSz2uJOSh0zlg1Xklm9GPY\/pr:80\/aHR0cDovL21lZGlhMi5kZXNpZ25wYXJ0bmVyLmZyL2MvcC1zaG9wcGluZy1jdXN0b20tVEgvMTYyOC8xNjI4LTE2OTQtMS5qcGc?v=1737557225"],"medium":["https:\/\/media.th4.com\/DzX0B8a4BsoOyHAVAYpya6HyQa0l85PENRDt0agto3c\/pr:550x550\/aHR0cDovL21lZGlhMi5kZXNpZ25wYXJ0bmVyLmZyL2MvcC1zaG9wcGluZy1jdXN0b20tVEgvMTYyOC8xNjI4LTE2OTQtMS5qcGc?v=1737557225"],"medium_large":["https:\/\/media.th4.com\/NsjqalaBeioDnD9cy9T9im1Lcb71jMo4VlrTFSQLnt0\/pr:1000x1000\/aHR0cDovL21lZGlhMi5kZXNpZ25wYXJ0bmVyLmZyL2MvcC1zaG9wcGluZy1jdXN0b20tVEgvMTYyOC8xNjI4LTE2OTQtMS5qcGc?v=1737557225"],"large":["https:\/\/media.th4.com\/PBdO8POls1-cOnNNMgBeQ0_0hOWAPbwqBk0WGk96lwg\/pr:1920\/aHR0cDovL21lZGlhMi5kZXNpZ25wYXJ0bmVyLmZyL2MvcC1zaG9wcGluZy1jdXN0b20tVEgvMTYyOC8xNjI4LTE2OTQtMS5qcGc?v=1737557225"],"opengraph":["https:\/\/media.th4.com\/3SpQYYHoi2d49YdR3d_VCdmG6TK_-O6swnInNmiGr9k\/pr:1200x630\/aHR0cDovL21lZGlhMi5kZXNpZ25wYXJ0bmVyLmZyL2MvcC1zaG9wcGluZy1jdXN0b20tVEgvMTYyOC8xNjI4LTE2OTQtMS5qcGc?v=1737557225"]},"country_origin":"BD","traceability":{"manufacturing_country_id":null,"weaving_country_id":null,"dyeing_country_id":null},"sizes":[{"id":3,"article_id":143844,"class_id":3,"name":"S","on_standby":false,"stock_local":0,"stock_global":28,"multiple":1,"estimated_date_reassort":null,"is_destocking":false},{"id":78,"article_id":110425,"class_id":0,"name":"S\/M","on_standby":false,"stock_local":0,"stock_global":392,"multiple":1,"estimated_date_reassort":null,"is_destocking":false},{"id":77,"article_id":110429,"class_id":0,"name":"L\/XL","on_standby":false,"stock_local":0,"stock_global":39,"multiple":1,"estimated_date_reassort":null,"is_destocking":false},{"id":2,"article_id":110426,"class_id":4,"name":"M","on_standby":false,"stock_local":1,"stock_global":58,"multiple":1,"estimated_date_reassort":null,"is_destocking":true},{"id":1,"article_id":110428,"class_id":5,"name":"L","on_standby":false,"stock_local":0,"stock_global":26,"multiple":1,"estimated_date_reassort":null,"is_destocking":false},{"id":4,"article_id":110430,"class_id":6,"name":"XL","on_standby":false,"stock_local":0,"stock_global":25,"multiple":1,"estimated_date_reassort":null,"is_destocking":false},{"id":1116,"article_id":110431,"class_id":7,"name":"2XL","on_standby":false,"stock_local":0,"stock_global":9,"multiple":1,"estimated_date_reassort":null,"is_destocking":false},{"id":1081,"article_id":110432,"class_id":8,"name":"3XL","on_standby":false,"stock_local":0,"stock_global":2,"multiple":1,"estimated_date_reassort":null,"is_destocking":false},{"id":109,"article_id":110427,"class_id":0,"name":"M\/L","on_standby":false,"stock_local":0,"stock_global":30,"multiple":1,"estimated_date_reassort":null,"is_destocking":false},{"id":666,"article_id":476587,"class_id":0,"name":"XL\/2XL","on_standby":false,"stock_local":0,"stock_global":17,"multiple":1,"estimated_date_reassort":null,"is_destocking":false},{"id":16,"article_id":143853,"class_id":9,"name":"4XL","on_standby":false,"stock_local":0,"stock_global":1,"multiple":1,"estimated_date_reassort":null,"is_destocking":false}],"page_links":{"fr":"\/fr\/p-pr-pr202-chemise-popeline-coton-polyester-pr202-1628\/turquoise-1694\/","en":"\/en\/p-pr-pr202-poplin-cotton-polyester-pr202-shirt-1628\/turquoise-1694\/","de":"\/de\/p-pr-pr202-popeline-hemd-baumwolle-polyester-pr202-1628\/turquoise-1694\/","nl":"\/nl\/p-pr-pr202-popeline-katoen-polyester-hemd-pr202-1628\/turquoise-1694\/","es":"\/es\/p-pr-pr202-camisa-popelina-de-algodon-y-poliester-pr202-1628\/turquoise-1694\/","it":"\/it\/p-pr-pr202-camicia-popeline-cotone-poliestere-pr202-1628\/turquoise-1694\/","sv":"\/sv\/p-pr-pr202-popelin-skjorta-av-bomull-polyester-pr202-1628\/turquoise-1694\/","pt":"\/pt\/p-pr-pr202-camisa-de-popelina-algodao-poliester-pr202-1628\/turquoise-1694\/","da":"\/da\/p-pr-pr202-popeline-bluse-af-bomuld-polyester-pr202-1628\/turquoise-1694\/","pl":"\/pl\/p-pr-pr202-koszula-popeline-bawelna-poliester-pr202-1628\/turquoise-1694\/"},"page_links_customization":{"fr":"\/fr\/p-pr-pr202-chemise-poppelina-manches-courtes-pr202-personnalisation-1628\/turquoise-1694\/custom\/","en":"\/en\/p-pr-pr202-short-sleeved-poppelina-shirt-pr202-customization-1628\/turquoise-1694\/custom\/","de":"\/de\/p-pr-pr202-kurzarmhemd-poppelina-pr202-individualisierung-1628\/turquoise-1694\/custom\/","nl":"\/nl\/p-pr-pr202-hem-poppelina-korte-mouwen-pr202-personalisatie-1628\/turquoise-1694\/custom\/","es":"\/es\/p-pr-pr202-camisa-de-poppelina-mangas-cortas-pr202-personalizacion-1628\/turquoise-1694\/custom\/","it":"\/it\/p-pr-pr202-camicia-poppelina-maniche-corte-pr202-personalizzazione-1628\/turquoise-1694\/custom\/","sv":"\/sv\/p-pr-pr202-kemiska-poppelina-korta-armar-pr202-personalisering-1628\/turquoise-1694\/custom\/","pt":"\/pt\/p-pr-pr202-camisa-poppelina-mangas-curtas-pr202-personalizacao-1628\/turquoise-1694\/custom\/","da":"\/da\/p-pr-pr202-chemise-poppelina-mancher-kort-pr202-personliggorelse-1628\/turquoise-1694\/custom\/","pl":"\/pl\/p-pr-pr202-koszulka-z-popeliny-na-krotkie-rekawy-pr202-personalizacja-1628\/turquoise-1694\/custom\/"}},{"id":1679,"name":"bottle","class_ids":[5],"codes_hexa":["004516"],"delai_24":false,"has_3d":false,"seuil_global":0,"stock_local":0,"stock_global":590,"on_standby":false,"in_catalog":true,"images":{"miniature":["https:\/\/media.th4.com\/u3fB4RgBed082W5FUPNYrDH4ulI_gLikk4nLcL3ExhY\/pr:80\/aHR0cDovL21lZGlhMi5kZXNpZ25wYXJ0bmVyLmZyL2MvcC8xNjI4LzE2MjgtMTY3OS0xLmpwZw?v=1726745653"],"medium":["https:\/\/media.th4.com\/iCCnca5WoANUYfdxU4Fv-lpVCLkYAjxacNpOAk7MZao\/pr:550x550\/aHR0cDovL21lZGlhMi5kZXNpZ25wYXJ0bmVyLmZyL2MvcC8xNjI4LzE2MjgtMTY3OS0xLmpwZw?v=1726745653"],"medium_large":["https:\/\/media.th4.com\/oq91mI3a9aSmvC9d9MlnuY0ftCaGTRET-37JK6yvNEc\/pr:1000x1000\/aHR0cDovL21lZGlhMi5kZXNpZ25wYXJ0bmVyLmZyL2MvcC8xNjI4LzE2MjgtMTY3OS0xLmpwZw?v=1726745653"],"large":["https:\/\/media.th4.com\/lJW_VLn83KB412nJyhhN_TIat5JJlVTt28M99RhaE6A\/pr:1920\/aHR0cDovL21lZGlhMi5kZXNpZ25wYXJ0bmVyLmZyL2MvcC8xNjI4LzE2MjgtMTY3OS0xLmpwZw?v=1726745653"],"opengraph":["https:\/\/media.th4.com\/6cvTkOjLu_ngQQLZjySLG14iDjsji_kMWEWJEFiuTI4\/pr:1200x630\/aHR0cDovL21lZGlhMi5kZXNpZ25wYXJ0bmVyLmZyL2MvcC8xNjI4LzE2MjgtMTY3OS0xLmpwZw?v=1726745653"]},"images_customization":{"miniature":["https:\/\/media.th4.com\/bjPSwaVgS3vaIX41jUyXiqNCtlVlVdASHoNen58UHF4\/pr:80\/aHR0cDovL21lZGlhMi5kZXNpZ25wYXJ0bmVyLmZyL2MvcC1zaG9wcGluZy1jdXN0b20tVEgvMTYyOC8xNjI4LTE2NzktMS5qcGc?v=1737557224"],"medium":["https:\/\/media.th4.com\/81H6GmCeuUvNK_wqh1xtC8OIdCM_PngJpr0nM1AkY-Q\/pr:550x550\/aHR0cDovL21lZGlhMi5kZXNpZ25wYXJ0bmVyLmZyL2MvcC1zaG9wcGluZy1jdXN0b20tVEgvMTYyOC8xNjI4LTE2NzktMS5qcGc?v=1737557224"],"medium_large":["https:\/\/media.th4.com\/MRbBDAQL5aC602raREiC-y9yavfS1Ks323QIMgZzuZA\/pr:1000x1000\/aHR0cDovL21lZGlhMi5kZXNpZ25wYXJ0bmVyLmZyL2MvcC1zaG9wcGluZy1jdXN0b20tVEgvMTYyOC8xNjI4LTE2NzktMS5qcGc?v=1737557224"],"large":["https:\/\/media.th4.com\/MPzJOiyGu5zwjQYvm_Aa1eeP4kZAVsqjsaIPYlGjdqY\/pr:1920\/aHR0cDovL21lZGlhMi5kZXNpZ25wYXJ0bmVyLmZyL2MvcC1zaG9wcGluZy1jdXN0b20tVEgvMTYyOC8xNjI4LTE2NzktMS5qcGc?v=1737557224"],"opengraph":["https:\/\/media.th4.com\/sK6oVfEOtCZ44091Ba-3DF4nA2ZJURLyoI8JxdWmv_Y\/pr:1200x630\/aHR0cDovL21lZGlhMi5kZXNpZ25wYXJ0bmVyLmZyL2MvcC1zaG9wcGluZy1jdXN0b20tVEgvMTYyOC8xNjI4LTE2NzktMS5qcGc?v=1737557224"]},"country_origin":"BD","traceability":{"manufacturing_country_id":null,"weaving_country_id":null,"dyeing_country_id":null},"sizes":[{"id":3,"article_id":143644,"class_id":3,"name":"S","on_standby":false,"stock_local":0,"stock_global":53,"multiple":1,"estimated_date_reassort":null,"is_destocking":false},{"id":78,"article_id":110286,"class_id":0,"name":"S\/M","on_standby":false,"stock_local":0,"stock_global":20,"multiple":1,"estimated_date_reassort":null,"is_destocking":false},{"id":77,"article_id":110290,"class_id":0,"name":"L\/XL","on_standby":false,"stock_local":0,"stock_global":356,"multiple":1,"estimated_date_reassort":null,"is_destocking":false},{"id":2,"article_id":110287,"class_id":4,"name":"M","on_standby":false,"stock_local":0,"stock_global":36,"multiple":1,"estimated_date_reassort":null,"is_destocking":false},{"id":1,"article_id":110289,"class_id":5,"name":"L","on_standby":false,"stock_local":0,"stock_global":18,"multiple":1,"estimated_date_reassort":null,"is_destocking":false},{"id":1116,"article_id":110292,"class_id":7,"name":"2XL","on_standby":false,"stock_local":0,"stock_global":13,"multiple":1,"estimated_date_reassort":null,"is_destocking":false},{"id":109,"article_id":110288,"class_id":0,"name":"M\/L","on_standby":false,"stock_local":0,"stock_global":78,"multiple":1,"estimated_date_reassort":null,"is_destocking":false},{"id":666,"article_id":476545,"class_id":0,"name":"XL\/2XL","on_standby":false,"stock_local":0,"stock_global":16,"multiple":1,"estimated_date_reassort":null,"is_destocking":false}],"page_links":{"fr":"\/fr\/p-pr-pr202-chemise-popeline-coton-polyester-pr202-1628\/bottle-1679\/","en":"\/en\/p-pr-pr202-poplin-cotton-polyester-pr202-shirt-1628\/bottle-1679\/","de":"\/de\/p-pr-pr202-popeline-hemd-baumwolle-polyester-pr202-1628\/bottle-1679\/","nl":"\/nl\/p-pr-pr202-popeline-katoen-polyester-hemd-pr202-1628\/bottle-1679\/","es":"\/es\/p-pr-pr202-camisa-popelina-de-algodon-y-poliester-pr202-1628\/bottle-1679\/","it":"\/it\/p-pr-pr202-camicia-popeline-cotone-poliestere-pr202-1628\/bottle-1679\/","sv":"\/sv\/p-pr-pr202-popelin-skjorta-av-bomull-polyester-pr202-1628\/bottle-1679\/","pt":"\/pt\/p-pr-pr202-camisa-de-popelina-algodao-poliester-pr202-1628\/bottle-1679\/","da":"\/da\/p-pr-pr202-popeline-bluse-af-bomuld-polyester-pr202-1628\/bottle-1679\/","pl":"\/pl\/p-pr-pr202-koszula-popeline-bawelna-poliester-pr202-1628\/bottle-1679\/"},"page_links_customization":{"fr":"\/fr\/p-pr-pr202-chemise-poppelina-manches-courtes-pr202-personnalisation-1628\/bottle-1679\/custom\/","en":"\/en\/p-pr-pr202-short-sleeved-poppelina-shirt-pr202-customization-1628\/bottle-1679\/custom\/","de":"\/de\/p-pr-pr202-kurzarmhemd-poppelina-pr202-individualisierung-1628\/bottle-1679\/custom\/","nl":"\/nl\/p-pr-pr202-hem-poppelina-korte-mouwen-pr202-personalisatie-1628\/bottle-1679\/custom\/","es":"\/es\/p-pr-pr202-camisa-de-poppelina-mangas-cortas-pr202-personalizacion-1628\/bottle-1679\/custom\/","it":"\/it\/p-pr-pr202-camicia-poppelina-maniche-corte-pr202-personalizzazione-1628\/bottle-1679\/custom\/","sv":"\/sv\/p-pr-pr202-kemiska-poppelina-korta-armar-pr202-personalisering-1628\/bottle-1679\/custom\/","pt":"\/pt\/p-pr-pr202-camisa-poppelina-mangas-curtas-pr202-personalizacao-1628\/bottle-1679\/custom\/","da":"\/da\/p-pr-pr202-chemise-poppelina-mancher-kort-pr202-personliggorelse-1628\/bottle-1679\/custom\/","pl":"\/pl\/p-pr-pr202-koszulka-z-popeliny-na-krotkie-rekawy-pr202-personalizacja-1628\/bottle-1679\/custom\/"}},{"id":1667,"name":"royal","class_ids":[2],"codes_hexa":["014189"],"delai_24":false,"has_3d":false,"seuil_global":0,"stock_local":0,"stock_global":583,"on_standby":false,"in_catalog":true,"images":{"miniature":["https:\/\/media.th4.com\/WXW8QHq5kHS1eprCpaS0ONaf33vJPIwHonbwgiIdu0A\/pr:80\/aHR0cDovL21lZGlhMi5kZXNpZ25wYXJ0bmVyLmZyL2MvcC8xNjI4LzE2MjgtMTY2Ny0xLmpwZw?v=1726745663"],"medium":["https:\/\/media.th4.com\/MBfUj0LOPv65Okk8yxQ46rN51MgKiRg73DfvNM8whLU\/pr:550x550\/aHR0cDovL21lZGlhMi5kZXNpZ25wYXJ0bmVyLmZyL2MvcC8xNjI4LzE2MjgtMTY2Ny0xLmpwZw?v=1726745663"],"medium_large":["https:\/\/media.th4.com\/5eP8rxURjBaLjxSkqSDIr-yZphnwW-E1pEy_tANlgzw\/pr:1000x1000\/aHR0cDovL21lZGlhMi5kZXNpZ25wYXJ0bmVyLmZyL2MvcC8xNjI4LzE2MjgtMTY2Ny0xLmpwZw?v=1726745663"],"large":["https:\/\/media.th4.com\/TwtOBqRMxiO2vXuTYwfyrDGnnpFvI0Y3yHXubYUNy1A\/pr:1920\/aHR0cDovL21lZGlhMi5kZXNpZ25wYXJ0bmVyLmZyL2MvcC8xNjI4LzE2MjgtMTY2Ny0xLmpwZw?v=1726745663"],"opengraph":["https:\/\/media.th4.com\/VBa7HlFT7N2u7kcavXbpgj_BE-MYOPhSVYeqe1vUlUQ\/pr:1200x630\/aHR0cDovL21lZGlhMi5kZXNpZ25wYXJ0bmVyLmZyL2MvcC8xNjI4LzE2MjgtMTY2Ny0xLmpwZw?v=1726745663"]},"images_customization":{"miniature":["https:\/\/media.th4.com\/AKJlQvpFkcgEWWPpJ9md-WkEM6kbejUAJDkM3oEsa0w\/pr:80\/aHR0cDovL21lZGlhMi5kZXNpZ25wYXJ0bmVyLmZyL2MvcC1zaG9wcGluZy1jdXN0b20tVEgvMTYyOC8xNjI4LTE2NjctMS5qcGc?v=1737557224"],"medium":["https:\/\/media.th4.com\/IZ8u3j1gtaSBkirTuPPUpfq37joMEhBdepLnNXZb6LM\/pr:550x550\/aHR0cDovL21lZGlhMi5kZXNpZ25wYXJ0bmVyLmZyL2MvcC1zaG9wcGluZy1jdXN0b20tVEgvMTYyOC8xNjI4LTE2NjctMS5qcGc?v=1737557224"],"medium_large":["https:\/\/media.th4.com\/Tok_KYP42WbDyaERyo12kocbbd8bJBdOjQ11cRpr-U8\/pr:1000x1000\/aHR0cDovL21lZGlhMi5kZXNpZ25wYXJ0bmVyLmZyL2MvcC1zaG9wcGluZy1jdXN0b20tVEgvMTYyOC8xNjI4LTE2NjctMS5qcGc?v=1737557224"],"large":["https:\/\/media.th4.com\/9pzhj-ewWunMpiCpe1ZdhXMf63Wtx37LaX-sRMJM59M\/pr:1920\/aHR0cDovL21lZGlhMi5kZXNpZ25wYXJ0bmVyLmZyL2MvcC1zaG9wcGluZy1jdXN0b20tVEgvMTYyOC8xNjI4LTE2NjctMS5qcGc?v=1737557224"],"opengraph":["https:\/\/media.th4.com\/egeo_6G6npSw7RivfzvXYptilwuNk56JoTz2ds_zJgY\/pr:1200x630\/aHR0cDovL21lZGlhMi5kZXNpZ25wYXJ0bmVyLmZyL2MvcC1zaG9wcGluZy1jdXN0b20tVEgvMTYyOC8xNjI4LTE2NjctMS5qcGc?v=1737557224"]},"country_origin":"BD","traceability":{"manufacturing_country_id":null,"weaving_country_id":null,"dyeing_country_id":null},"sizes":[{"id":3,"article_id":143814,"class_id":3,"name":"S","on_standby":false,"stock_local":0,"stock_global":101,"multiple":1,"estimated_date_reassort":null,"is_destocking":false},{"id":78,"article_id":110401,"class_id":0,"name":"S\/M","on_standby":false,"stock_local":0,"stock_global":80,"multiple":1,"estimated_date_reassort":null,"is_destocking":false},{"id":77,"article_id":110405,"class_id":0,"name":"L\/XL","on_standby":false,"stock_local":0,"stock_global":63,"multiple":1,"estimated_date_reassort":null,"is_destocking":false},{"id":2,"article_id":110402,"class_id":4,"name":"M","on_standby":false,"stock_local":0,"stock_global":52,"multiple":1,"estimated_date_reassort":null,"is_destocking":false},{"id":934,"article_id":476574,"class_id":0,"name":"2XL\/3XL","on_standby":false,"stock_local":0,"stock_global":28,"multiple":1,"estimated_date_reassort":null,"is_destocking":false},{"id":1,"article_id":110404,"class_id":5,"name":"L","on_standby":false,"stock_local":0,"stock_global":43,"multiple":1,"estimated_date_reassort":null,"is_destocking":false},{"id":4,"article_id":110406,"class_id":6,"name":"XL","on_standby":false,"stock_local":0,"stock_global":69,"multiple":1,"estimated_date_reassort":null,"is_destocking":false},{"id":1116,"article_id":110407,"class_id":7,"name":"2XL","on_standby":false,"stock_local":0,"stock_global":30,"multiple":1,"estimated_date_reassort":null,"is_destocking":false},{"id":1081,"article_id":110408,"class_id":8,"name":"3XL","on_standby":false,"stock_local":0,"stock_global":3,"multiple":1,"estimated_date_reassort":null,"is_destocking":false},{"id":109,"article_id":110403,"class_id":0,"name":"M\/L","on_standby":false,"stock_local":0,"stock_global":82,"multiple":1,"estimated_date_reassort":null,"is_destocking":false},{"id":666,"article_id":476573,"class_id":0,"name":"XL\/2XL","on_standby":false,"stock_local":0,"stock_global":25,"multiple":1,"estimated_date_reassort":null,"is_destocking":false},{"id":16,"article_id":143823,"class_id":9,"name":"4XL","on_standby":false,"stock_local":1,"stock_global":7,"multiple":1,"estimated_date_reassort":null,"is_destocking":true}],"page_links":{"fr":"\/fr\/p-pr-pr202-chemise-popeline-coton-polyester-pr202-1628\/royal-1667\/","en":"\/en\/p-pr-pr202-poplin-cotton-polyester-pr202-shirt-1628\/royal-1667\/","de":"\/de\/p-pr-pr202-popeline-hemd-baumwolle-polyester-pr202-1628\/royal-1667\/","nl":"\/nl\/p-pr-pr202-popeline-katoen-polyester-hemd-pr202-1628\/royal-1667\/","es":"\/es\/p-pr-pr202-camisa-popelina-de-algodon-y-poliester-pr202-1628\/royal-1667\/","it":"\/it\/p-pr-pr202-camicia-popeline-cotone-poliestere-pr202-1628\/royal-1667\/","sv":"\/sv\/p-pr-pr202-popelin-skjorta-av-bomull-polyester-pr202-1628\/royal-1667\/","pt":"\/pt\/p-pr-pr202-camisa-de-popelina-algodao-poliester-pr202-1628\/royal-1667\/","da":"\/da\/p-pr-pr202-popeline-bluse-af-bomuld-polyester-pr202-1628\/royal-1667\/","pl":"\/pl\/p-pr-pr202-koszula-popeline-bawelna-poliester-pr202-1628\/royal-1667\/"},"page_links_customization":{"fr":"\/fr\/p-pr-pr202-chemise-poppelina-manches-courtes-pr202-personnalisation-1628\/royal-1667\/custom\/","en":"\/en\/p-pr-pr202-short-sleeved-poppelina-shirt-pr202-customization-1628\/royal-1667\/custom\/","de":"\/de\/p-pr-pr202-kurzarmhemd-poppelina-pr202-individualisierung-1628\/royal-1667\/custom\/","nl":"\/nl\/p-pr-pr202-hem-poppelina-korte-mouwen-pr202-personalisatie-1628\/royal-1667\/custom\/","es":"\/es\/p-pr-pr202-camisa-de-poppelina-mangas-cortas-pr202-personalizacion-1628\/royal-1667\/custom\/","it":"\/it\/p-pr-pr202-camicia-poppelina-maniche-corte-pr202-personalizzazione-1628\/royal-1667\/custom\/","sv":"\/sv\/p-pr-pr202-kemiska-poppelina-korta-armar-pr202-personalisering-1628\/royal-1667\/custom\/","pt":"\/pt\/p-pr-pr202-camisa-poppelina-mangas-curtas-pr202-personalizacao-1628\/royal-1667\/custom\/","da":"\/da\/p-pr-pr202-chemise-poppelina-mancher-kort-pr202-personliggorelse-1628\/royal-1667\/custom\/","pl":"\/pl\/p-pr-pr202-koszulka-z-popeliny-na-krotkie-rekawy-pr202-personalizacja-1628\/royal-1667\/custom\/"}},{"id":1719,"name":"dark grey","class_ids":[3],"codes_hexa":["58585a"],"delai_24":false,"has_3d":false,"seuil_global":0,"stock_local":0,"stock_global":479,"on_standby":false,"in_catalog":true,"images":{"miniature":["https:\/\/media.th4.com\/5cs4Jy4tv7orNizxMPu-bAJZCyJIz47VK33TCSUUhTo\/pr:80\/aHR0cDovL21lZGlhMi5kZXNpZ25wYXJ0bmVyLmZyL2MvcC8xNjI4LzE2MjgtMTcxOS0xLmpwZw?v=1726745675"],"medium":["https:\/\/media.th4.com\/1mRujHbiZGwu5_bLIO7r-3_6n7kM5XvBKLIuegga9_M\/pr:550x550\/aHR0cDovL21lZGlhMi5kZXNpZ25wYXJ0bmVyLmZyL2MvcC8xNjI4LzE2MjgtMTcxOS0xLmpwZw?v=1726745675"],"medium_large":["https:\/\/media.th4.com\/xXG9YTfKda0zibW8i4p76z-bXzGxgzENwueCubmgjxA\/pr:1000x1000\/aHR0cDovL21lZGlhMi5kZXNpZ25wYXJ0bmVyLmZyL2MvcC8xNjI4LzE2MjgtMTcxOS0xLmpwZw?v=1726745675"],"large":["https:\/\/media.th4.com\/ez_B1_kAMTbYJc41LW4CfHnBiN4wAFVDOr4H4z0GHQ4\/pr:1920\/aHR0cDovL21lZGlhMi5kZXNpZ25wYXJ0bmVyLmZyL2MvcC8xNjI4LzE2MjgtMTcxOS0xLmpwZw?v=1726745675"],"opengraph":["https:\/\/media.th4.com\/6mJhXBmGxHmgpGEuWetPZzuO5oEDbtxqYp17tlsD4IQ\/pr:1200x630\/aHR0cDovL21lZGlhMi5kZXNpZ25wYXJ0bmVyLmZyL2MvcC8xNjI4LzE2MjgtMTcxOS0xLmpwZw?v=1726745675"]},"images_customization":{"miniature":["https:\/\/media.th4.com\/zrow5bFl39Egn4qbwKWVMe97rvLtS2egpfxXtDB1b4Y\/pr:80\/aHR0cDovL21lZGlhMi5kZXNpZ25wYXJ0bmVyLmZyL2MvcC1zaG9wcGluZy1jdXN0b20tVEgvMTYyOC8xNjI4LTE3MTktMS5qcGc?v=1737557224"],"medium":["https:\/\/media.th4.com\/huevo6FL7EkgxEp11AesEywKGXC5OrEXUTpQosiNIyY\/pr:550x550\/aHR0cDovL21lZGlhMi5kZXNpZ25wYXJ0bmVyLmZyL2MvcC1zaG9wcGluZy1jdXN0b20tVEgvMTYyOC8xNjI4LTE3MTktMS5qcGc?v=1737557224"],"medium_large":["https:\/\/media.th4.com\/Z1vu72ZHbsZ6skRopMBl-m26gyYFYfgh63PwnXjo5vs\/pr:1000x1000\/aHR0cDovL21lZGlhMi5kZXNpZ25wYXJ0bmVyLmZyL2MvcC1zaG9wcGluZy1jdXN0b20tVEgvMTYyOC8xNjI4LTE3MTktMS5qcGc?v=1737557224"],"large":["https:\/\/media.th4.com\/D2YO_rKwQCrwRDp6KmRI7MJ4jLIGacxpgrFk0tiWd7Y\/pr:1920\/aHR0cDovL21lZGlhMi5kZXNpZ25wYXJ0bmVyLmZyL2MvcC1zaG9wcGluZy1jdXN0b20tVEgvMTYyOC8xNjI4LTE3MTktMS5qcGc?v=1737557224"],"opengraph":["https:\/\/media.th4.com\/bWPJ25NO1AADYf2m8KPiKUwHee0bIOnYbOEtnQXhKc4\/pr:1200x630\/aHR0cDovL21lZGlhMi5kZXNpZ25wYXJ0bmVyLmZyL2MvcC1zaG9wcGluZy1jdXN0b20tVEgvMTYyOC8xNjI4LTE3MTktMS5qcGc?v=1737557224"]},"country_origin":"BD","traceability":{"manufacturing_country_id":null,"weaving_country_id":null,"dyeing_country_id":null},"sizes":[{"id":3,"article_id":143674,"class_id":3,"name":"S","on_standby":false,"stock_local":0,"stock_global":68,"multiple":1,"estimated_date_reassort":null,"is_destocking":false},{"id":78,"article_id":110310,"class_id":0,"name":"S\/M","on_standby":false,"stock_local":0,"stock_global":31,"multiple":1,"estimated_date_reassort":null,"is_destocking":false},{"id":77,"article_id":110314,"class_id":0,"name":"L\/XL","on_standby":false,"stock_local":0,"stock_global":53,"multiple":1,"estimated_date_reassort":null,"is_destocking":false},{"id":2,"article_id":110311,"class_id":4,"name":"M","on_standby":false,"stock_local":0,"stock_global":73,"multiple":1,"estimated_date_reassort":null,"is_destocking":false},{"id":934,"article_id":476550,"class_id":0,"name":"2XL\/3XL","on_standby":false,"stock_local":0,"stock_global":14,"multiple":1,"estimated_date_reassort":null,"is_destocking":false},{"id":1,"article_id":110313,"class_id":5,"name":"L","on_standby":false,"stock_local":1,"stock_global":50,"multiple":1,"estimated_date_reassort":null,"is_destocking":true},{"id":4,"article_id":110315,"class_id":6,"name":"XL","on_standby":false,"stock_local":0,"stock_global":11,"multiple":1,"estimated_date_reassort":null,"is_destocking":false},{"id":1116,"article_id":110316,"class_id":7,"name":"2XL","on_standby":false,"stock_local":2,"stock_global":126,"multiple":1,"estimated_date_reassort":null,"is_destocking":true},{"id":1081,"article_id":110317,"class_id":8,"name":"3XL","on_standby":false,"stock_local":0,"stock_global":6,"multiple":1,"estimated_date_reassort":null,"is_destocking":false},{"id":109,"article_id":110312,"class_id":0,"name":"M\/L","on_standby":false,"stock_local":0,"stock_global":37,"multiple":1,"estimated_date_reassort":null,"is_destocking":false},{"id":666,"article_id":476549,"class_id":0,"name":"XL\/2XL","on_standby":false,"stock_local":0,"stock_global":10,"multiple":1,"estimated_date_reassort":null,"is_destocking":false}],"page_links":{"fr":"\/fr\/p-pr-pr202-chemise-popeline-coton-polyester-pr202-1628\/dark-grey-1719\/","en":"\/en\/p-pr-pr202-poplin-cotton-polyester-pr202-shirt-1628\/dark-grey-1719\/","de":"\/de\/p-pr-pr202-popeline-hemd-baumwolle-polyester-pr202-1628\/dark-grey-1719\/","nl":"\/nl\/p-pr-pr202-popeline-katoen-polyester-hemd-pr202-1628\/dark-grey-1719\/","es":"\/es\/p-pr-pr202-camisa-popelina-de-algodon-y-poliester-pr202-1628\/dark-grey-1719\/","it":"\/it\/p-pr-pr202-camicia-popeline-cotone-poliestere-pr202-1628\/dark-grey-1719\/","sv":"\/sv\/p-pr-pr202-popelin-skjorta-av-bomull-polyester-pr202-1628\/dark-grey-1719\/","pt":"\/pt\/p-pr-pr202-camisa-de-popelina-algodao-poliester-pr202-1628\/dark-grey-1719\/","da":"\/da\/p-pr-pr202-popeline-bluse-af-bomuld-polyester-pr202-1628\/dark-grey-1719\/","pl":"\/pl\/p-pr-pr202-koszula-popeline-bawelna-poliester-pr202-1628\/dark-grey-1719\/"},"page_links_customization":{"fr":"\/fr\/p-pr-pr202-chemise-poppelina-manches-courtes-pr202-personnalisation-1628\/dark-grey-1719\/custom\/","en":"\/en\/p-pr-pr202-short-sleeved-poppelina-shirt-pr202-customization-1628\/dark-grey-1719\/custom\/","de":"\/de\/p-pr-pr202-kurzarmhemd-poppelina-pr202-individualisierung-1628\/dark-grey-1719\/custom\/","nl":"\/nl\/p-pr-pr202-hem-poppelina-korte-mouwen-pr202-personalisatie-1628\/dark-grey-1719\/custom\/","es":"\/es\/p-pr-pr202-camisa-de-poppelina-mangas-cortas-pr202-personalizacion-1628\/dark-grey-1719\/custom\/","it":"\/it\/p-pr-pr202-camicia-poppelina-maniche-corte-pr202-personalizzazione-1628\/dark-grey-1719\/custom\/","sv":"\/sv\/p-pr-pr202-kemiska-poppelina-korta-armar-pr202-personalisering-1628\/dark-grey-1719\/custom\/","pt":"\/pt\/p-pr-pr202-camisa-poppelina-mangas-curtas-pr202-personalizacao-1628\/dark-grey-1719\/custom\/","da":"\/da\/p-pr-pr202-chemise-poppelina-mancher-kort-pr202-personliggorelse-1628\/dark-grey-1719\/custom\/","pl":"\/pl\/p-pr-pr202-koszulka-z-popeliny-na-krotkie-rekawy-pr202-personalizacja-1628\/dark-grey-1719\/custom\/"}},{"id":1663,"name":"burgundy","class_ids":[6],"codes_hexa":["821638"],"delai_24":false,"has_3d":false,"seuil_global":0,"stock_local":0,"stock_global":451,"on_standby":false,"in_catalog":true,"images":{"miniature":["https:\/\/media.th4.com\/h5CrlOxqbS_LlyWQTrzjH0hZmGA0ci5CdAldDJWGUZQ\/pr:80\/aHR0cDovL21lZGlhMi5kZXNpZ25wYXJ0bmVyLmZyL2MvcC8xNjI4LzE2MjgtMTY2My0xLmpwZw?v=1726745648"],"medium":["https:\/\/media.th4.com\/qunZxapFsdzEw1zTopK-2tZpCM832a3EVZGKqMhyaNM\/pr:550x550\/aHR0cDovL21lZGlhMi5kZXNpZ25wYXJ0bmVyLmZyL2MvcC8xNjI4LzE2MjgtMTY2My0xLmpwZw?v=1726745648"],"medium_large":["https:\/\/media.th4.com\/92Ee_6jgaEypo6zVz9itWOHdWi69az_eIzSGkgMy73Y\/pr:1000x1000\/aHR0cDovL21lZGlhMi5kZXNpZ25wYXJ0bmVyLmZyL2MvcC8xNjI4LzE2MjgtMTY2My0xLmpwZw?v=1726745648"],"large":["https:\/\/media.th4.com\/iB7bzfutawue2liBFFlasIGPmW9Oj06sggGdr_mv0tE\/pr:1920\/aHR0cDovL21lZGlhMi5kZXNpZ25wYXJ0bmVyLmZyL2MvcC8xNjI4LzE2MjgtMTY2My0xLmpwZw?v=1726745648"],"opengraph":["https:\/\/media.th4.com\/ZwRaPFioBLC0kQB2DPHd11ML9aPnbSFCdsQxO_duJaM\/pr:1200x630\/aHR0cDovL21lZGlhMi5kZXNpZ25wYXJ0bmVyLmZyL2MvcC8xNjI4LzE2MjgtMTY2My0xLmpwZw?v=1726745648"]},"images_customization":{"miniature":["https:\/\/media.th4.com\/97z6iYfJLFpVOeplO3r_I8QsbsQSkuP0KKAtbMoV0G8\/pr:80\/aHR0cDovL21lZGlhMi5kZXNpZ25wYXJ0bmVyLmZyL2MvcC1zaG9wcGluZy1jdXN0b20tVEgvMTYyOC8xNjI4LTE2NjMtMS5qcGc?v=1737557224"],"medium":["https:\/\/media.th4.com\/6_2LW0wE8bps4liXeHJoO8KFi05mwLIcUXHx_BAfFI0\/pr:550x550\/aHR0cDovL21lZGlhMi5kZXNpZ25wYXJ0bmVyLmZyL2MvcC1zaG9wcGluZy1jdXN0b20tVEgvMTYyOC8xNjI4LTE2NjMtMS5qcGc?v=1737557224"],"medium_large":["https:\/\/media.th4.com\/zeB0rzpyX3TIoxuNpSCxdTrWVun46BT7KEs_I2G4NNk\/pr:1000x1000\/aHR0cDovL21lZGlhMi5kZXNpZ25wYXJ0bmVyLmZyL2MvcC1zaG9wcGluZy1jdXN0b20tVEgvMTYyOC8xNjI4LTE2NjMtMS5qcGc?v=1737557224"],"large":["https:\/\/media.th4.com\/YdsMSIW3uJn7lbFlZhwLoSphnyNxD_c_Q3RmJnWKVvs\/pr:1920\/aHR0cDovL21lZGlhMi5kZXNpZ25wYXJ0bmVyLmZyL2MvcC1zaG9wcGluZy1jdXN0b20tVEgvMTYyOC8xNjI4LTE2NjMtMS5qcGc?v=1737557224"],"opengraph":["https:\/\/media.th4.com\/vE-dVbrdSOExRcBonWwwdNrJXFN2JWzJZe4qN1Y2Zss\/pr:1200x630\/aHR0cDovL21lZGlhMi5kZXNpZ25wYXJ0bmVyLmZyL2MvcC1zaG9wcGluZy1jdXN0b20tVEgvMTYyOC8xNjI4LTE2NjMtMS5qcGc?v=1737557224"]},"country_origin":"BD","traceability":{"manufacturing_country_id":null,"weaving_country_id":null,"dyeing_country_id":null},"sizes":[{"id":3,"article_id":143664,"class_id":3,"name":"S","on_standby":false,"stock_local":0,"stock_global":69,"multiple":1,"estimated_date_reassort":null,"is_destocking":false},{"id":78,"article_id":110302,"class_id":0,"name":"S\/M","on_standby":false,"stock_local":0,"stock_global":80,"multiple":1,"estimated_date_reassort":null,"is_destocking":false},{"id":77,"article_id":110306,"class_id":0,"name":"L\/XL","on_standby":false,"stock_local":0,"stock_global":27,"multiple":1,"estimated_date_reassort":null,"is_destocking":false},{"id":2,"article_id":110303,"class_id":4,"name":"M","on_standby":false,"stock_local":1,"stock_global":31,"multiple":1,"estimated_date_reassort":null,"is_destocking":true},{"id":934,"article_id":476548,"class_id":0,"name":"2XL\/3XL","on_standby":false,"stock_local":0,"stock_global":15,"multiple":1,"estimated_date_reassort":null,"is_destocking":false},{"id":1,"article_id":110305,"class_id":5,"name":"L","on_standby":false,"stock_local":1,"stock_global":28,"multiple":1,"estimated_date_reassort":null,"is_destocking":true},{"id":4,"article_id":110307,"class_id":6,"name":"XL","on_standby":false,"stock_local":1,"stock_global":17,"multiple":1,"estimated_date_reassort":null,"is_destocking":true},{"id":1116,"article_id":110308,"class_id":7,"name":"2XL","on_standby":false,"stock_local":0,"stock_global":122,"multiple":1,"estimated_date_reassort":null,"is_destocking":false},{"id":1081,"article_id":110309,"class_id":8,"name":"3XL","on_standby":false,"stock_local":0,"stock_global":1,"multiple":1,"estimated_date_reassort":null,"is_destocking":false},{"id":109,"article_id":110304,"class_id":0,"name":"M\/L","on_standby":false,"stock_local":0,"stock_global":53,"multiple":1,"estimated_date_reassort":null,"is_destocking":false},{"id":666,"article_id":476547,"class_id":0,"name":"XL\/2XL","on_standby":false,"stock_local":0,"stock_global":8,"multiple":1,"estimated_date_reassort":null,"is_destocking":false}],"page_links":{"fr":"\/fr\/p-pr-pr202-chemise-popeline-coton-polyester-pr202-1628\/burgundy-1663\/","en":"\/en\/p-pr-pr202-poplin-cotton-polyester-pr202-shirt-1628\/burgundy-1663\/","de":"\/de\/p-pr-pr202-popeline-hemd-baumwolle-polyester-pr202-1628\/burgundy-1663\/","nl":"\/nl\/p-pr-pr202-popeline-katoen-polyester-hemd-pr202-1628\/burgundy-1663\/","es":"\/es\/p-pr-pr202-camisa-popelina-de-algodon-y-poliester-pr202-1628\/burgundy-1663\/","it":"\/it\/p-pr-pr202-camicia-popeline-cotone-poliestere-pr202-1628\/burgundy-1663\/","sv":"\/sv\/p-pr-pr202-popelin-skjorta-av-bomull-polyester-pr202-1628\/burgundy-1663\/","pt":"\/pt\/p-pr-pr202-camisa-de-popelina-algodao-poliester-pr202-1628\/burgundy-1663\/","da":"\/da\/p-pr-pr202-popeline-bluse-af-bomuld-polyester-pr202-1628\/burgundy-1663\/","pl":"\/pl\/p-pr-pr202-koszula-popeline-bawelna-poliester-pr202-1628\/burgundy-1663\/"},"page_links_customization":{"fr":"\/fr\/p-pr-pr202-chemise-poppelina-manches-courtes-pr202-personnalisation-1628\/burgundy-1663\/custom\/","en":"\/en\/p-pr-pr202-short-sleeved-poppelina-shirt-pr202-customization-1628\/burgundy-1663\/custom\/","de":"\/de\/p-pr-pr202-kurzarmhemd-poppelina-pr202-individualisierung-1628\/burgundy-1663\/custom\/","nl":"\/nl\/p-pr-pr202-hem-poppelina-korte-mouwen-pr202-personalisatie-1628\/burgundy-1663\/custom\/","es":"\/es\/p-pr-pr202-camisa-de-poppelina-mangas-cortas-pr202-personalizacion-1628\/burgundy-1663\/custom\/","it":"\/it\/p-pr-pr202-camicia-poppelina-maniche-corte-pr202-personalizzazione-1628\/burgundy-1663\/custom\/","sv":"\/sv\/p-pr-pr202-kemiska-poppelina-korta-armar-pr202-personalisering-1628\/burgundy-1663\/custom\/","pt":"\/pt\/p-pr-pr202-camisa-poppelina-mangas-curtas-pr202-personalizacao-1628\/burgundy-1663\/custom\/","da":"\/da\/p-pr-pr202-chemise-poppelina-mancher-kort-pr202-personliggorelse-1628\/burgundy-1663\/custom\/","pl":"\/pl\/p-pr-pr202-koszulka-z-popeliny-na-krotkie-rekawy-pr202-personalizacja-1628\/burgundy-1663\/custom\/"}},{"id":1706,"name":"light_blue","class_ids":[2],"codes_hexa":["c5dbf3"],"delai_24":false,"has_3d":false,"seuil_global":0,"stock_local":0,"stock_global":445,"on_standby":false,"in_catalog":true,"images":{"miniature":["https:\/\/media.th4.com\/DxUnxUksPdLMAbxel--X4w0T-pSn-JBNk8yxwVtzpHA\/pr:80\/aHR0cDovL21lZGlhMi5kZXNpZ25wYXJ0bmVyLmZyL2MvcC8xNjI4LzE2MjgtMTcwNi0xLmpwZw?v=1726745674"],"medium":["https:\/\/media.th4.com\/zol5kvgh_CQ4b3e91Zn0FDNgu7oVUUstLTygEkKiEjw\/pr:550x550\/aHR0cDovL21lZGlhMi5kZXNpZ25wYXJ0bmVyLmZyL2MvcC8xNjI4LzE2MjgtMTcwNi0xLmpwZw?v=1726745674"],"medium_large":["https:\/\/media.th4.com\/GJXlZnohk4Y98rrfNXiisjCHkOujyFR2DbI-PDfLoHU\/pr:1000x1000\/aHR0cDovL21lZGlhMi5kZXNpZ25wYXJ0bmVyLmZyL2MvcC8xNjI4LzE2MjgtMTcwNi0xLmpwZw?v=1726745674"],"large":["https:\/\/media.th4.com\/rIpQxnfS7z1Nygd0xBX2gidnM2-otC7qOVuPjybpPaU\/pr:1920\/aHR0cDovL21lZGlhMi5kZXNpZ25wYXJ0bmVyLmZyL2MvcC8xNjI4LzE2MjgtMTcwNi0xLmpwZw?v=1726745674"],"opengraph":["https:\/\/media.th4.com\/wmjm8ckZPmB885tKR_k1cDHyfDpyfAgpiDmg4Bv4OhQ\/pr:1200x630\/aHR0cDovL21lZGlhMi5kZXNpZ25wYXJ0bmVyLmZyL2MvcC8xNjI4LzE2MjgtMTcwNi0xLmpwZw?v=1726745674"]},"images_customization":{"miniature":["https:\/\/media.th4.com\/s0QsgmSb67uBPhs_VIS1PHmhlzpy8kg8qGIokGMHYOY\/pr:80\/aHR0cDovL21lZGlhMi5kZXNpZ25wYXJ0bmVyLmZyL2MvcC1zaG9wcGluZy1jdXN0b20tVEgvMTYyOC8xNjI4LTE3MDYtMS5qcGc?v=1737557225"],"medium":["https:\/\/media.th4.com\/1-8UtnTYKtV8dCnJADkHK_ffKGYmdX-TrtopJ-AL4Pc\/pr:550x550\/aHR0cDovL21lZGlhMi5kZXNpZ25wYXJ0bmVyLmZyL2MvcC1zaG9wcGluZy1jdXN0b20tVEgvMTYyOC8xNjI4LTE3MDYtMS5qcGc?v=1737557225"],"medium_large":["https:\/\/media.th4.com\/KgqTDPTz8v0Dwxn793_AhZEgFHXjnwHFMZn2t25E6eY\/pr:1000x1000\/aHR0cDovL21lZGlhMi5kZXNpZ25wYXJ0bmVyLmZyL2MvcC1zaG9wcGluZy1jdXN0b20tVEgvMTYyOC8xNjI4LTE3MDYtMS5qcGc?v=1737557225"],"large":["https:\/\/media.th4.com\/bzUmZoY5tAMrNlvIGrUq_s0c-87pfJVgUYdgT2iJp34\/pr:1920\/aHR0cDovL21lZGlhMi5kZXNpZ25wYXJ0bmVyLmZyL2MvcC1zaG9wcGluZy1jdXN0b20tVEgvMTYyOC8xNjI4LTE3MDYtMS5qcGc?v=1737557225"],"opengraph":["https:\/\/media.th4.com\/64r1ctTElZr6FRzOkMUbl8pTJbOyHG3UBj_hkqitRhU\/pr:1200x630\/aHR0cDovL21lZGlhMi5kZXNpZ25wYXJ0bmVyLmZyL2MvcC1zaG9wcGluZy1jdXN0b20tVEgvMTYyOC8xNjI4LTE3MDYtMS5qcGc?v=1737557225"]},"country_origin":"BD","traceability":{"manufacturing_country_id":null,"weaving_country_id":null,"dyeing_country_id":null},"sizes":[{"id":3,"article_id":143714,"class_id":3,"name":"S","on_standby":false,"stock_local":0,"stock_global":68,"multiple":1,"estimated_date_reassort":null,"is_destocking":false},{"id":78,"article_id":110334,"class_id":0,"name":"S\/M","on_standby":false,"stock_local":0,"stock_global":28,"multiple":1,"estimated_date_reassort":null,"is_destocking":false},{"id":77,"article_id":110338,"class_id":0,"name":"L\/XL","on_standby":false,"stock_local":0,"stock_global":63,"multiple":1,"estimated_date_reassort":null,"is_destocking":false},{"id":2,"article_id":110335,"class_id":4,"name":"M","on_standby":false,"stock_local":0,"stock_global":68,"multiple":1,"estimated_date_reassort":null,"is_destocking":false},{"id":934,"article_id":476558,"class_id":0,"name":"2XL\/3XL","on_standby":false,"stock_local":0,"stock_global":39,"multiple":1,"estimated_date_reassort":null,"is_destocking":false},{"id":1,"article_id":110337,"class_id":5,"name":"L","on_standby":false,"stock_local":0,"stock_global":29,"multiple":1,"estimated_date_reassort":null,"is_destocking":false},{"id":4,"article_id":100256,"class_id":6,"name":"XL","on_standby":false,"stock_local":0,"stock_global":51,"multiple":1,"estimated_date_reassort":null,"is_destocking":false},{"id":1116,"article_id":110339,"class_id":7,"name":"2XL","on_standby":false,"stock_local":0,"stock_global":32,"multiple":1,"estimated_date_reassort":null,"is_destocking":false},{"id":1081,"article_id":110340,"class_id":8,"name":"3XL","on_standby":false,"stock_local":0,"stock_global":1,"multiple":1,"estimated_date_reassort":null,"is_destocking":false},{"id":109,"article_id":110336,"class_id":0,"name":"M\/L","on_standby":false,"stock_local":0,"stock_global":39,"multiple":1,"estimated_date_reassort":null,"is_destocking":false},{"id":666,"article_id":476557,"class_id":0,"name":"XL\/2XL","on_standby":false,"stock_local":0,"stock_global":25,"multiple":1,"estimated_date_reassort":null,"is_destocking":false},{"id":16,"article_id":143723,"class_id":9,"name":"4XL","on_standby":false,"stock_local":0,"stock_global":2,"multiple":1,"estimated_date_reassort":null,"is_destocking":false}],"page_links":{"fr":"\/fr\/p-pr-pr202-chemise-popeline-coton-polyester-pr202-1628\/light-blue-1706\/","en":"\/en\/p-pr-pr202-poplin-cotton-polyester-pr202-shirt-1628\/light-blue-1706\/","de":"\/de\/p-pr-pr202-popeline-hemd-baumwolle-polyester-pr202-1628\/light-blue-1706\/","nl":"\/nl\/p-pr-pr202-popeline-katoen-polyester-hemd-pr202-1628\/light-blue-1706\/","es":"\/es\/p-pr-pr202-camisa-popelina-de-algodon-y-poliester-pr202-1628\/light-blue-1706\/","it":"\/it\/p-pr-pr202-camicia-popeline-cotone-poliestere-pr202-1628\/light-blue-1706\/","sv":"\/sv\/p-pr-pr202-popelin-skjorta-av-bomull-polyester-pr202-1628\/light-blue-1706\/","pt":"\/pt\/p-pr-pr202-camisa-de-popelina-algodao-poliester-pr202-1628\/light-blue-1706\/","da":"\/da\/p-pr-pr202-popeline-bluse-af-bomuld-polyester-pr202-1628\/light-blue-1706\/","pl":"\/pl\/p-pr-pr202-koszula-popeline-bawelna-poliester-pr202-1628\/light-blue-1706\/"},"page_links_customization":{"fr":"\/fr\/p-pr-pr202-chemise-poppelina-manches-courtes-pr202-personnalisation-1628\/light-blue-1706\/custom\/","en":"\/en\/p-pr-pr202-short-sleeved-poppelina-shirt-pr202-customization-1628\/light-blue-1706\/custom\/","de":"\/de\/p-pr-pr202-kurzarmhemd-poppelina-pr202-individualisierung-1628\/light-blue-1706\/custom\/","nl":"\/nl\/p-pr-pr202-hem-poppelina-korte-mouwen-pr202-personalisatie-1628\/light-blue-1706\/custom\/","es":"\/es\/p-pr-pr202-camisa-de-poppelina-mangas-cortas-pr202-personalizacion-1628\/light-blue-1706\/custom\/","it":"\/it\/p-pr-pr202-camicia-poppelina-maniche-corte-pr202-personalizzazione-1628\/light-blue-1706\/custom\/","sv":"\/sv\/p-pr-pr202-kemiska-poppelina-korta-armar-pr202-personalisering-1628\/light-blue-1706\/custom\/","pt":"\/pt\/p-pr-pr202-camisa-poppelina-mangas-curtas-pr202-personalizacao-1628\/light-blue-1706\/custom\/","da":"\/da\/p-pr-pr202-chemise-poppelina-mancher-kort-pr202-personliggorelse-1628\/light-blue-1706\/custom\/","pl":"\/pl\/p-pr-pr202-koszulka-z-popeliny-na-krotkie-rekawy-pr202-personalizacja-1628\/light-blue-1706\/custom\/"}},{"id":13270,"name":"steel","class_ids":[3],"codes_hexa":["6C7884"],"delai_24":false,"has_3d":false,"seuil_global":0,"stock_local":0,"stock_global":425,"on_standby":false,"in_catalog":true,"images":{"miniature":["https:\/\/media.th4.com\/84XDufqu2KLEMLssf9l5kgfhuI4UFwZRe11zc9YX2Ag\/pr:80\/aHR0cDovL21lZGlhMi5kZXNpZ25wYXJ0bmVyLmZyL2MvcC8xNjI4LzE2MjgtMTMyNzAtMS5qcGc?v=1726745650"],"medium":["https:\/\/media.th4.com\/7P4UQZbwJC5xhHZy6JgSC5vwaoiXFqVr0uleEK8LetQ\/pr:550x550\/aHR0cDovL21lZGlhMi5kZXNpZ25wYXJ0bmVyLmZyL2MvcC8xNjI4LzE2MjgtMTMyNzAtMS5qcGc?v=1726745650"],"medium_large":["https:\/\/media.th4.com\/ooOSFVDYWctjrT7sWDjpwmLQ5b3Ij439LrxleNtsX8Y\/pr:1000x1000\/aHR0cDovL21lZGlhMi5kZXNpZ25wYXJ0bmVyLmZyL2MvcC8xNjI4LzE2MjgtMTMyNzAtMS5qcGc?v=1726745650"],"large":["https:\/\/media.th4.com\/WFJTsDXHbgwywmPymK0xrVrc-CIkz_mBW0ZV91Locdo\/pr:1920\/aHR0cDovL21lZGlhMi5kZXNpZ25wYXJ0bmVyLmZyL2MvcC8xNjI4LzE2MjgtMTMyNzAtMS5qcGc?v=1726745650"],"opengraph":["https:\/\/media.th4.com\/9qu4uPkMmVouxaTs67E64aPYnpu2690B9z-TrDVWM7Q\/pr:1200x630\/aHR0cDovL21lZGlhMi5kZXNpZ25wYXJ0bmVyLmZyL2MvcC8xNjI4LzE2MjgtMTMyNzAtMS5qcGc?v=1726745650"]},"images_customization":{"miniature":["https:\/\/media.th4.com\/Q5gYurHlmImfLO2U2fk2bLQ6Wswseuo0Tsab_2QT-gA\/pr:80\/aHR0cDovL21lZGlhMi5kZXNpZ25wYXJ0bmVyLmZyL2MvcC1zaG9wcGluZy1jdXN0b20tVEgvMTYyOC8xNjI4LTEzMjcwLTEuanBn?v=1737557224"],"medium":["https:\/\/media.th4.com\/Zv2yhTqeadelJNwXBuv70UpLywsiQgNMU4qb2LQ1EqI\/pr:550x550\/aHR0cDovL21lZGlhMi5kZXNpZ25wYXJ0bmVyLmZyL2MvcC1zaG9wcGluZy1jdXN0b20tVEgvMTYyOC8xNjI4LTEzMjcwLTEuanBn?v=1737557224"],"medium_large":["https:\/\/media.th4.com\/aQl9BLsy01ELrT2f0ndQzCuQPSO9NqVHUmhiTCl6SY8\/pr:1000x1000\/aHR0cDovL21lZGlhMi5kZXNpZ25wYXJ0bmVyLmZyL2MvcC1zaG9wcGluZy1jdXN0b20tVEgvMTYyOC8xNjI4LTEzMjcwLTEuanBn?v=1737557224"],"large":["https:\/\/media.th4.com\/b7ga6lHcF3cCIpXrhCmz5XMcB218OkTyX8Mx9k6bgVs\/pr:1920\/aHR0cDovL21lZGlhMi5kZXNpZ25wYXJ0bmVyLmZyL2MvcC1zaG9wcGluZy1jdXN0b20tVEgvMTYyOC8xNjI4LTEzMjcwLTEuanBn?v=1737557224"],"opengraph":["https:\/\/media.th4.com\/Mn_g6t_qW80yhSgyK24ExRhuLcVCDYZKs4nxOkA8gi0\/pr:1200x630\/aHR0cDovL21lZGlhMi5kZXNpZ25wYXJ0bmVyLmZyL2MvcC1zaG9wcGluZy1jdXN0b20tVEgvMTYyOC8xNjI4LTEzMjcwLTEuanBn?v=1737557224"]},"country_origin":"BD","traceability":{"manufacturing_country_id":null,"weaving_country_id":null,"dyeing_country_id":null},"sizes":[{"id":3,"article_id":476577,"class_id":3,"name":"S","on_standby":false,"stock_local":0,"stock_global":68,"multiple":1,"estimated_date_reassort":null,"is_destocking":false},{"id":78,"article_id":476578,"class_id":0,"name":"S\/M","on_standby":false,"stock_local":0,"stock_global":49,"multiple":1,"estimated_date_reassort":null,"is_destocking":false},{"id":77,"article_id":476582,"class_id":0,"name":"L\/XL","on_standby":false,"stock_local":0,"stock_global":28,"multiple":1,"estimated_date_reassort":null,"is_destocking":false},{"id":2,"article_id":476579,"class_id":4,"name":"M","on_standby":false,"stock_local":0,"stock_global":91,"multiple":1,"estimated_date_reassort":null,"is_destocking":false},{"id":934,"article_id":476586,"class_id":0,"name":"2XL\/3XL","on_standby":false,"stock_local":0,"stock_global":22,"multiple":1,"estimated_date_reassort":null,"is_destocking":false},{"id":1,"article_id":476581,"class_id":5,"name":"L","on_standby":false,"stock_local":0,"stock_global":58,"multiple":1,"estimated_date_reassort":null,"is_destocking":false},{"id":4,"article_id":476583,"class_id":6,"name":"XL","on_standby":false,"stock_local":0,"stock_global":50,"multiple":1,"estimated_date_reassort":null,"is_destocking":false},{"id":1116,"article_id":476585,"class_id":7,"name":"2XL","on_standby":false,"stock_local":0,"stock_global":6,"multiple":1,"estimated_date_reassort":null,"is_destocking":false},{"id":109,"article_id":476580,"class_id":0,"name":"M\/L","on_standby":false,"stock_local":0,"stock_global":52,"multiple":1,"estimated_date_reassort":null,"is_destocking":false},{"id":666,"article_id":476584,"class_id":0,"name":"XL\/2XL","on_standby":false,"stock_local":0,"stock_global":1,"multiple":1,"estimated_date_reassort":null,"is_destocking":false}],"page_links":{"fr":"\/fr\/p-pr-pr202-chemise-popeline-coton-polyester-pr202-1628\/steel-13270\/","en":"\/en\/p-pr-pr202-poplin-cotton-polyester-pr202-shirt-1628\/steel-13270\/","de":"\/de\/p-pr-pr202-popeline-hemd-baumwolle-polyester-pr202-1628\/steel-13270\/","nl":"\/nl\/p-pr-pr202-popeline-katoen-polyester-hemd-pr202-1628\/steel-13270\/","es":"\/es\/p-pr-pr202-camisa-popelina-de-algodon-y-poliester-pr202-1628\/steel-13270\/","it":"\/it\/p-pr-pr202-camicia-popeline-cotone-poliestere-pr202-1628\/steel-13270\/","sv":"\/sv\/p-pr-pr202-popelin-skjorta-av-bomull-polyester-pr202-1628\/steel-13270\/","pt":"\/pt\/p-pr-pr202-camisa-de-popelina-algodao-poliester-pr202-1628\/steel-13270\/","da":"\/da\/p-pr-pr202-popeline-bluse-af-bomuld-polyester-pr202-1628\/steel-13270\/","pl":"\/pl\/p-pr-pr202-koszula-popeline-bawelna-poliester-pr202-1628\/steel-13270\/"},"page_links_customization":{"fr":"\/fr\/p-pr-pr202-chemise-poppelina-manches-courtes-pr202-personnalisation-1628\/steel-13270\/custom\/","en":"\/en\/p-pr-pr202-short-sleeved-poppelina-shirt-pr202-customization-1628\/steel-13270\/custom\/","de":"\/de\/p-pr-pr202-kurzarmhemd-poppelina-pr202-individualisierung-1628\/steel-13270\/custom\/","nl":"\/nl\/p-pr-pr202-hem-poppelina-korte-mouwen-pr202-personalisatie-1628\/steel-13270\/custom\/","es":"\/es\/p-pr-pr202-camisa-de-poppelina-mangas-cortas-pr202-personalizacion-1628\/steel-13270\/custom\/","it":"\/it\/p-pr-pr202-camicia-poppelina-maniche-corte-pr202-personalizzazione-1628\/steel-13270\/custom\/","sv":"\/sv\/p-pr-pr202-kemiska-poppelina-korta-armar-pr202-personalisering-1628\/steel-13270\/custom\/","pt":"\/pt\/p-pr-pr202-camisa-poppelina-mangas-curtas-pr202-personalizacao-1628\/steel-13270\/custom\/","da":"\/da\/p-pr-pr202-chemise-poppelina-mancher-kort-pr202-personliggorelse-1628\/steel-13270\/custom\/","pl":"\/pl\/p-pr-pr202-koszulka-z-popeliny-na-krotkie-rekawy-pr202-personalizacja-1628\/steel-13270\/custom\/"}},{"id":1668,"name":"silver","class_ids":[3],"codes_hexa":["d3d5d4"],"delai_24":false,"has_3d":false,"seuil_global":0,"stock_local":0,"stock_global":405,"on_standby":false,"in_catalog":true,"images":{"miniature":["https:\/\/media.th4.com\/7yk75cKskZY2OxFETnj7u_-UcHIuwTfVqzFHS1tXfTk\/pr:80\/aHR0cDovL21lZGlhMi5kZXNpZ25wYXJ0bmVyLmZyL2MvcC8xNjI4LzE2MjgtMTY2OC0xLmpwZw?v=1726745649","https:\/\/media.th4.com\/B2kGGEscPUqOq_-u-9XfK1WiOByTWdQC-euDpbEYGTE\/pr:80\/aHR0cDovL21lZGlhMi5kZXNpZ25wYXJ0bmVyLmZyL2MvcC8xNjI4LzE2MjgtMTY2OC0yLmpwZw?v=1726745650","https:\/\/media.th4.com\/MDBYY5jdUNRFIxzIiLTWELOplh_GXtEYdXomoA58f-A\/pr:80\/aHR0cDovL21lZGlhMi5kZXNpZ25wYXJ0bmVyLmZyL2MvcC8xNjI4LzE2MjgtMTY2OC0zLmpwZw?v=1726745650"],"medium":["https:\/\/media.th4.com\/DB1DjXj3ptJg_do-p63-VCFISrRHIJ_0OQc6n-6a2Ts\/pr:550x550\/aHR0cDovL21lZGlhMi5kZXNpZ25wYXJ0bmVyLmZyL2MvcC8xNjI4LzE2MjgtMTY2OC0xLmpwZw?v=1726745649","https:\/\/media.th4.com\/B3CSn-ALXaEo6Tkl425qoOOfIwHS_NrZN9yusqxnF20\/pr:550x550\/aHR0cDovL21lZGlhMi5kZXNpZ25wYXJ0bmVyLmZyL2MvcC8xNjI4LzE2MjgtMTY2OC0yLmpwZw?v=1726745650","https:\/\/media.th4.com\/3ULngmVYBsX9j-QvtYXJJLKDPKEaa6eM_n2SL58fs9E\/pr:550x550\/aHR0cDovL21lZGlhMi5kZXNpZ25wYXJ0bmVyLmZyL2MvcC8xNjI4LzE2MjgtMTY2OC0zLmpwZw?v=1726745650"],"medium_large":["https:\/\/media.th4.com\/XfJLBJHoxF-fqV1jUozZ5pdhiAlcSqUFzgOVSzcyEsQ\/pr:1000x1000\/aHR0cDovL21lZGlhMi5kZXNpZ25wYXJ0bmVyLmZyL2MvcC8xNjI4LzE2MjgtMTY2OC0xLmpwZw?v=1726745649","https:\/\/media.th4.com\/osdKvJLKnEey-EhcHALrB-eVAGkaGRaa0rWtVMnbB8M\/pr:1000x1000\/aHR0cDovL21lZGlhMi5kZXNpZ25wYXJ0bmVyLmZyL2MvcC8xNjI4LzE2MjgtMTY2OC0yLmpwZw?v=1726745650","https:\/\/media.th4.com\/0964HqtbeeEDNNtPArIWUXbrE73BCbQ4tAp8uuK3Y5w\/pr:1000x1000\/aHR0cDovL21lZGlhMi5kZXNpZ25wYXJ0bmVyLmZyL2MvcC8xNjI4LzE2MjgtMTY2OC0zLmpwZw?v=1726745650"],"large":["https:\/\/media.th4.com\/iF6zL9MWlybl_7w7ygV6-fhHfIKT6fO055jAwx4x_0c\/pr:1920\/aHR0cDovL21lZGlhMi5kZXNpZ25wYXJ0bmVyLmZyL2MvcC8xNjI4LzE2MjgtMTY2OC0xLmpwZw?v=1726745649","https:\/\/media.th4.com\/cycYV8i97yLwJeIKb0jXC82IVTAzRkLf1-ckbJQzFZ8\/pr:1920\/aHR0cDovL21lZGlhMi5kZXNpZ25wYXJ0bmVyLmZyL2MvcC8xNjI4LzE2MjgtMTY2OC0yLmpwZw?v=1726745650","https:\/\/media.th4.com\/qM1wW2lsi_uDJXJnyL7eGQx0zGdQHYwAz30Szn4atxs\/pr:1920\/aHR0cDovL21lZGlhMi5kZXNpZ25wYXJ0bmVyLmZyL2MvcC8xNjI4LzE2MjgtMTY2OC0zLmpwZw?v=1726745650"],"opengraph":["https:\/\/media.th4.com\/GtrVgddDK-JGfmW0Z16ZrVuwKO6M7V5lixN0HBzvxYA\/pr:1200x630\/aHR0cDovL21lZGlhMi5kZXNpZ25wYXJ0bmVyLmZyL2MvcC8xNjI4LzE2MjgtMTY2OC0xLmpwZw?v=1726745649","https:\/\/media.th4.com\/colq4zwEvXgq7Vd0O55UXayU73_NgmQhWi5SSWPXc1g\/pr:1200x630\/aHR0cDovL21lZGlhMi5kZXNpZ25wYXJ0bmVyLmZyL2MvcC8xNjI4LzE2MjgtMTY2OC0yLmpwZw?v=1726745650","https:\/\/media.th4.com\/K60ZkS3I6UXJ9YZSaffZ2LEAQ6_uwdjC7MwN-Bd5wSU\/pr:1200x630\/aHR0cDovL21lZGlhMi5kZXNpZ25wYXJ0bmVyLmZyL2MvcC8xNjI4LzE2MjgtMTY2OC0zLmpwZw?v=1726745650"]},"images_customization":{"miniature":["https:\/\/media.th4.com\/cMC6rBfd_fh4U2aayA0gg5eghRPW6uIhditQWtUgW-E\/pr:80\/aHR0cDovL21lZGlhMi5kZXNpZ25wYXJ0bmVyLmZyL2MvcC1zaG9wcGluZy1jdXN0b20tVEgvMTYyOC8xNjI4LTE2NjgtMS5qcGc?v=1737557225"],"medium":["https:\/\/media.th4.com\/Hc6sT3_HLT7G27pHz14kJMaaYzAOehWwrSCzCrL9kEQ\/pr:550x550\/aHR0cDovL21lZGlhMi5kZXNpZ25wYXJ0bmVyLmZyL2MvcC1zaG9wcGluZy1jdXN0b20tVEgvMTYyOC8xNjI4LTE2NjgtMS5qcGc?v=1737557225"],"medium_large":["https:\/\/media.th4.com\/0tvSIJOLncLHKAKoeoBcEAHyt-n7OJk5PIcoRFbxnrc\/pr:1000x1000\/aHR0cDovL21lZGlhMi5kZXNpZ25wYXJ0bmVyLmZyL2MvcC1zaG9wcGluZy1jdXN0b20tVEgvMTYyOC8xNjI4LTE2NjgtMS5qcGc?v=1737557225"],"large":["https:\/\/media.th4.com\/7ImScORRffSgdgMA77nWr9qLk-BDhS9HqYQG8kVuyWA\/pr:1920\/aHR0cDovL21lZGlhMi5kZXNpZ25wYXJ0bmVyLmZyL2MvcC1zaG9wcGluZy1jdXN0b20tVEgvMTYyOC8xNjI4LTE2NjgtMS5qcGc?v=1737557225"],"opengraph":["https:\/\/media.th4.com\/65aN7G4WOQkdVlx_0DzI46SafqjbrHkkiWBQGnCx_68\/pr:1200x630\/aHR0cDovL21lZGlhMi5kZXNpZ25wYXJ0bmVyLmZyL2MvcC1zaG9wcGluZy1jdXN0b20tVEgvMTYyOC8xNjI4LTE2NjgtMS5qcGc?v=1737557225"]},"country_origin":"BD","traceability":{"manufacturing_country_id":null,"weaving_country_id":null,"dyeing_country_id":null},"sizes":[{"id":3,"article_id":143824,"class_id":3,"name":"S","on_standby":false,"stock_local":0,"stock_global":53,"multiple":1,"estimated_date_reassort":null,"is_destocking":false},{"id":78,"article_id":110409,"class_id":0,"name":"S\/M","on_standby":false,"stock_local":0,"stock_global":66,"multiple":1,"estimated_date_reassort":null,"is_destocking":false},{"id":77,"article_id":110413,"class_id":0,"name":"L\/XL","on_standby":false,"stock_local":0,"stock_global":11,"multiple":1,"estimated_date_reassort":null,"is_destocking":false},{"id":2,"article_id":110410,"class_id":4,"name":"M","on_standby":false,"stock_local":1,"stock_global":73,"multiple":1,"estimated_date_reassort":null,"is_destocking":true},{"id":934,"article_id":476576,"class_id":0,"name":"2XL\/3XL","on_standby":false,"stock_local":0,"stock_global":18,"multiple":1,"estimated_date_reassort":null,"is_destocking":false},{"id":1,"article_id":110412,"class_id":5,"name":"L","on_standby":false,"stock_local":0,"stock_global":74,"multiple":1,"estimated_date_reassort":null,"is_destocking":false},{"id":4,"article_id":110414,"class_id":6,"name":"XL","on_standby":false,"stock_local":0,"stock_global":28,"multiple":1,"estimated_date_reassort":null,"is_destocking":false},{"id":1116,"article_id":110415,"class_id":7,"name":"2XL","on_standby":false,"stock_local":0,"stock_global":15,"multiple":1,"estimated_date_reassort":null,"is_destocking":false},{"id":109,"article_id":110411,"class_id":0,"name":"M\/L","on_standby":false,"stock_local":0,"stock_global":42,"multiple":1,"estimated_date_reassort":null,"is_destocking":false},{"id":666,"article_id":476575,"class_id":0,"name":"XL\/2XL","on_standby":false,"stock_local":0,"stock_global":22,"multiple":1,"estimated_date_reassort":null,"is_destocking":false},{"id":16,"article_id":143833,"class_id":9,"name":"4XL","on_standby":false,"stock_local":0,"stock_global":3,"multiple":1,"estimated_date_reassort":null,"is_destocking":false}],"page_links":{"fr":"\/fr\/p-pr-pr202-chemise-popeline-coton-polyester-pr202-1628\/silver-1668\/","en":"\/en\/p-pr-pr202-poplin-cotton-polyester-pr202-shirt-1628\/silver-1668\/","de":"\/de\/p-pr-pr202-popeline-hemd-baumwolle-polyester-pr202-1628\/silver-1668\/","nl":"\/nl\/p-pr-pr202-popeline-katoen-polyester-hemd-pr202-1628\/silver-1668\/","es":"\/es\/p-pr-pr202-camisa-popelina-de-algodon-y-poliester-pr202-1628\/silver-1668\/","it":"\/it\/p-pr-pr202-camicia-popeline-cotone-poliestere-pr202-1628\/silver-1668\/","sv":"\/sv\/p-pr-pr202-popelin-skjorta-av-bomull-polyester-pr202-1628\/silver-1668\/","pt":"\/pt\/p-pr-pr202-camisa-de-popelina-algodao-poliester-pr202-1628\/silver-1668\/","da":"\/da\/p-pr-pr202-popeline-bluse-af-bomuld-polyester-pr202-1628\/silver-1668\/","pl":"\/pl\/p-pr-pr202-koszula-popeline-bawelna-poliester-pr202-1628\/silver-1668\/"},"page_links_customization":{"fr":"\/fr\/p-pr-pr202-chemise-poppelina-manches-courtes-pr202-personnalisation-1628\/silver-1668\/custom\/","en":"\/en\/p-pr-pr202-short-sleeved-poppelina-shirt-pr202-customization-1628\/silver-1668\/custom\/","de":"\/de\/p-pr-pr202-kurzarmhemd-poppelina-pr202-individualisierung-1628\/silver-1668\/custom\/","nl":"\/nl\/p-pr-pr202-hem-poppelina-korte-mouwen-pr202-personalisatie-1628\/silver-1668\/custom\/","es":"\/es\/p-pr-pr202-camisa-de-poppelina-mangas-cortas-pr202-personalizacion-1628\/silver-1668\/custom\/","it":"\/it\/p-pr-pr202-camicia-poppelina-maniche-corte-pr202-personalizzazione-1628\/silver-1668\/custom\/","sv":"\/sv\/p-pr-pr202-kemiska-poppelina-korta-armar-pr202-personalisering-1628\/silver-1668\/custom\/","pt":"\/pt\/p-pr-pr202-camisa-poppelina-mangas-curtas-pr202-personalizacao-1628\/silver-1668\/custom\/","da":"\/da\/p-pr-pr202-chemise-poppelina-mancher-kort-pr202-personliggorelse-1628\/silver-1668\/custom\/","pl":"\/pl\/p-pr-pr202-koszulka-z-popeliny-na-krotkie-rekawy-pr202-personalizacja-1628\/silver-1668\/custom\/"}},{"id":1691,"name":"pink","class_ids":[7],"codes_hexa":["fadbe3"],"delai_24":false,"has_3d":false,"seuil_global":0,"stock_local":0,"stock_global":403,"on_standby":false,"in_catalog":true,"images":{"miniature":["https:\/\/media.th4.com\/mbRAvKkyuULWZSpJs64jcSePbZmDPy0sWPbzhiidKHo\/pr:80\/aHR0cDovL21lZGlhMi5kZXNpZ25wYXJ0bmVyLmZyL2MvcC8xNjI4LzE2MjgtMTY5MS0xLmpwZw?v=1726745662"],"medium":["https:\/\/media.th4.com\/7643WxZ1aClQX4lk-ELzgV68Ulxwhbpd2nAARlkUvOo\/pr:550x550\/aHR0cDovL21lZGlhMi5kZXNpZ25wYXJ0bmVyLmZyL2MvcC8xNjI4LzE2MjgtMTY5MS0xLmpwZw?v=1726745662"],"medium_large":["https:\/\/media.th4.com\/4OmCt6F7qJ8ONMaAjvPqFmgDhHrZN0WbrEATr6KZ2YM\/pr:1000x1000\/aHR0cDovL21lZGlhMi5kZXNpZ25wYXJ0bmVyLmZyL2MvcC8xNjI4LzE2MjgtMTY5MS0xLmpwZw?v=1726745662"],"large":["https:\/\/media.th4.com\/2rA-icdhUk_NupBDZi4IKbdrRS8yA55XPFwslgPH8MQ\/pr:1920\/aHR0cDovL21lZGlhMi5kZXNpZ25wYXJ0bmVyLmZyL2MvcC8xNjI4LzE2MjgtMTY5MS0xLmpwZw?v=1726745662"],"opengraph":["https:\/\/media.th4.com\/DVCXUOV00Gk7-jsPztUPV2u1TeseDgrKa3Cvk_kl7xE\/pr:1200x630\/aHR0cDovL21lZGlhMi5kZXNpZ25wYXJ0bmVyLmZyL2MvcC8xNjI4LzE2MjgtMTY5MS0xLmpwZw?v=1726745662"]},"images_customization":{"miniature":["https:\/\/media.th4.com\/cO_KqjWdIotcGNTvXo8kZFXX1Vp0olVg1mKw7M11Ckw\/pr:80\/aHR0cDovL21lZGlhMi5kZXNpZ25wYXJ0bmVyLmZyL2MvcC1zaG9wcGluZy1jdXN0b20tVEgvMTYyOC8xNjI4LTE2OTEtMS5qcGc?v=1737557224"],"medium":["https:\/\/media.th4.com\/TpnlvmniMo_i4HfEjO-6u_akAppmOUaN8ID2c0D_KK0\/pr:550x550\/aHR0cDovL21lZGlhMi5kZXNpZ25wYXJ0bmVyLmZyL2MvcC1zaG9wcGluZy1jdXN0b20tVEgvMTYyOC8xNjI4LTE2OTEtMS5qcGc?v=1737557224"],"medium_large":["https:\/\/media.th4.com\/tzGcDjhvb4yL27Y0-Mp7nmmIskIHrzmhOME5gHLlAL0\/pr:1000x1000\/aHR0cDovL21lZGlhMi5kZXNpZ25wYXJ0bmVyLmZyL2MvcC1zaG9wcGluZy1jdXN0b20tVEgvMTYyOC8xNjI4LTE2OTEtMS5qcGc?v=1737557224"],"large":["https:\/\/media.th4.com\/Fs817KX9OysRqPnyvO5h8JQFUaMsh65lkbPsWrtqyJ4\/pr:1920\/aHR0cDovL21lZGlhMi5kZXNpZ25wYXJ0bmVyLmZyL2MvcC1zaG9wcGluZy1jdXN0b20tVEgvMTYyOC8xNjI4LTE2OTEtMS5qcGc?v=1737557224"],"opengraph":["https:\/\/media.th4.com\/HzRMANhJy3yd52kq3fZ23RjibilkdHUYxsSHs7JjwLo\/pr:1200x630\/aHR0cDovL21lZGlhMi5kZXNpZ25wYXJ0bmVyLmZyL2MvcC1zaG9wcGluZy1jdXN0b20tVEgvMTYyOC8xNjI4LTE2OTEtMS5qcGc?v=1737557224"]},"country_origin":"BD","traceability":{"manufacturing_country_id":null,"weaving_country_id":null,"dyeing_country_id":null},"sizes":[{"id":3,"article_id":143784,"class_id":3,"name":"S","on_standby":false,"stock_local":0,"stock_global":8,"multiple":1,"estimated_date_reassort":null,"is_destocking":false},{"id":78,"article_id":110377,"class_id":0,"name":"S\/M","on_standby":false,"stock_local":0,"stock_global":38,"multiple":1,"estimated_date_reassort":null,"is_destocking":false},{"id":77,"article_id":110381,"class_id":0,"name":"L\/XL","on_standby":false,"stock_local":0,"stock_global":65,"multiple":1,"estimated_date_reassort":null,"is_destocking":false},{"id":2,"article_id":110378,"class_id":4,"name":"M","on_standby":false,"stock_local":0,"stock_global":29,"multiple":1,"estimated_date_reassort":null,"is_destocking":false},{"id":934,"article_id":476568,"class_id":0,"name":"2XL\/3XL","on_standby":false,"stock_local":0,"stock_global":12,"multiple":1,"estimated_date_reassort":null,"is_destocking":false},{"id":1,"article_id":110380,"class_id":5,"name":"L","on_standby":false,"stock_local":0,"stock_global":31,"multiple":1,"estimated_date_reassort":null,"is_destocking":false},{"id":4,"article_id":110382,"class_id":6,"name":"XL","on_standby":false,"stock_local":0,"stock_global":49,"multiple":1,"estimated_date_reassort":null,"is_destocking":false},{"id":1116,"article_id":110383,"class_id":7,"name":"2XL","on_standby":false,"stock_local":0,"stock_global":14,"multiple":1,"estimated_date_reassort":null,"is_destocking":false},{"id":109,"article_id":110379,"class_id":0,"name":"M\/L","on_standby":false,"stock_local":0,"stock_global":29,"multiple":1,"estimated_date_reassort":null,"is_destocking":false},{"id":666,"article_id":476567,"class_id":0,"name":"XL\/2XL","on_standby":false,"stock_local":0,"stock_global":128,"multiple":1,"estimated_date_reassort":null,"is_destocking":false}],"page_links":{"fr":"\/fr\/p-pr-pr202-chemise-popeline-coton-polyester-pr202-1628\/pink-1691\/","en":"\/en\/p-pr-pr202-poplin-cotton-polyester-pr202-shirt-1628\/pink-1691\/","de":"\/de\/p-pr-pr202-popeline-hemd-baumwolle-polyester-pr202-1628\/pink-1691\/","nl":"\/nl\/p-pr-pr202-popeline-katoen-polyester-hemd-pr202-1628\/pink-1691\/","es":"\/es\/p-pr-pr202-camisa-popelina-de-algodon-y-poliester-pr202-1628\/pink-1691\/","it":"\/it\/p-pr-pr202-camicia-popeline-cotone-poliestere-pr202-1628\/pink-1691\/","sv":"\/sv\/p-pr-pr202-popelin-skjorta-av-bomull-polyester-pr202-1628\/pink-1691\/","pt":"\/pt\/p-pr-pr202-camisa-de-popelina-algodao-poliester-pr202-1628\/pink-1691\/","da":"\/da\/p-pr-pr202-popeline-bluse-af-bomuld-polyester-pr202-1628\/pink-1691\/","pl":"\/pl\/p-pr-pr202-koszula-popeline-bawelna-poliester-pr202-1628\/pink-1691\/"},"page_links_customization":{"fr":"\/fr\/p-pr-pr202-chemise-poppelina-manches-courtes-pr202-personnalisation-1628\/pink-1691\/custom\/","en":"\/en\/p-pr-pr202-short-sleeved-poppelina-shirt-pr202-customization-1628\/pink-1691\/custom\/","de":"\/de\/p-pr-pr202-kurzarmhemd-poppelina-pr202-individualisierung-1628\/pink-1691\/custom\/","nl":"\/nl\/p-pr-pr202-hem-poppelina-korte-mouwen-pr202-personalisatie-1628\/pink-1691\/custom\/","es":"\/es\/p-pr-pr202-camisa-de-poppelina-mangas-cortas-pr202-personalizacion-1628\/pink-1691\/custom\/","it":"\/it\/p-pr-pr202-camicia-poppelina-maniche-corte-pr202-personalizzazione-1628\/pink-1691\/custom\/","sv":"\/sv\/p-pr-pr202-kemiska-poppelina-korta-armar-pr202-personalisering-1628\/pink-1691\/custom\/","pt":"\/pt\/p-pr-pr202-camisa-poppelina-mangas-curtas-pr202-personalizacao-1628\/pink-1691\/custom\/","da":"\/da\/p-pr-pr202-chemise-poppelina-mancher-kort-pr202-personliggorelse-1628\/pink-1691\/custom\/","pl":"\/pl\/p-pr-pr202-koszulka-z-popeliny-na-krotkie-rekawy-pr202-personalizacja-1628\/pink-1691\/custom\/"}},{"id":1693,"name":"red","class_ids":[6],"codes_hexa":["dc0210"],"delai_24":false,"has_3d":false,"seuil_global":0,"stock_local":0,"stock_global":364,"on_standby":false,"in_catalog":true,"images":{"miniature":["https:\/\/media.th4.com\/U4WBRhtun73ROlOgcrbi1MBwmV8SDwq4kjhOMIlssiY\/pr:80\/aHR0cDovL21lZGlhMi5kZXNpZ25wYXJ0bmVyLmZyL2MvcC8xNjI4LzE2MjgtMTY5My0xLmpwZw?v=1726745669","https:\/\/media.th4.com\/I9I8vbrk9NZrd6UTmeBYlmMCsojJDR29Fcjk-gQkWnQ\/pr:80\/aHR0cDovL21lZGlhMi5kZXNpZ25wYXJ0bmVyLmZyL2MvcC8xNjI4LzE2MjgtMTY5My0yLmpwZw?v=1726745669","https:\/\/media.th4.com\/jF9t47SgJDAzH-89Rk1-PkoKpJjCrFsilkd27xGI3Rk\/pr:80\/aHR0cDovL21lZGlhMi5kZXNpZ25wYXJ0bmVyLmZyL2MvcC8xNjI4LzE2MjgtMTY5My0zLmpwZw?v=1726745671"],"medium":["https:\/\/media.th4.com\/3V1RWsKaRLAESrWsY9bbdqPwYkfh7UPAZyft7_jcn0E\/pr:550x550\/aHR0cDovL21lZGlhMi5kZXNpZ25wYXJ0bmVyLmZyL2MvcC8xNjI4LzE2MjgtMTY5My0xLmpwZw?v=1726745669","https:\/\/media.th4.com\/KuS4NfmTOgagCu0j0egf4F0jlmK3zl-LnOjNIbQR03o\/pr:550x550\/aHR0cDovL21lZGlhMi5kZXNpZ25wYXJ0bmVyLmZyL2MvcC8xNjI4LzE2MjgtMTY5My0yLmpwZw?v=1726745669","https:\/\/media.th4.com\/Zjv0ZOorwr6oo-q2a4LaWfhrWnueD6G4fOUqLqZtevI\/pr:550x550\/aHR0cDovL21lZGlhMi5kZXNpZ25wYXJ0bmVyLmZyL2MvcC8xNjI4LzE2MjgtMTY5My0zLmpwZw?v=1726745671"],"medium_large":["https:\/\/media.th4.com\/k4c2mLxhCbmvyNlEI0Z7MFDWY6rjAvRRid-dhRO15Ns\/pr:1000x1000\/aHR0cDovL21lZGlhMi5kZXNpZ25wYXJ0bmVyLmZyL2MvcC8xNjI4LzE2MjgtMTY5My0xLmpwZw?v=1726745669","https:\/\/media.th4.com\/235ZHGcgIE6HzOU2u8CNOF8WkdS7a1eHJGmcFPdjCRQ\/pr:1000x1000\/aHR0cDovL21lZGlhMi5kZXNpZ25wYXJ0bmVyLmZyL2MvcC8xNjI4LzE2MjgtMTY5My0yLmpwZw?v=1726745669","https:\/\/media.th4.com\/kDJhTO0_7xtag-Bz5zL50xuajzbQl56IAIl7e21MimU\/pr:1000x1000\/aHR0cDovL21lZGlhMi5kZXNpZ25wYXJ0bmVyLmZyL2MvcC8xNjI4LzE2MjgtMTY5My0zLmpwZw?v=1726745671"],"large":["https:\/\/media.th4.com\/iSa72Qa39Ik7CO0LGOqk0jdLqqihLSGsqqCj9TNYJpY\/pr:1920\/aHR0cDovL21lZGlhMi5kZXNpZ25wYXJ0bmVyLmZyL2MvcC8xNjI4LzE2MjgtMTY5My0xLmpwZw?v=1726745669","https:\/\/media.th4.com\/Ys96cOrgQT-YLMAc9Bbe_SbNByeYOJzlhYrZ5tCqmbs\/pr:1920\/aHR0cDovL21lZGlhMi5kZXNpZ25wYXJ0bmVyLmZyL2MvcC8xNjI4LzE2MjgtMTY5My0yLmpwZw?v=1726745669","https:\/\/media.th4.com\/6WFNV-nwB5cEEArhkJ7l0zSWwHCGl43MSQ_1F1EIySI\/pr:1920\/aHR0cDovL21lZGlhMi5kZXNpZ25wYXJ0bmVyLmZyL2MvcC8xNjI4LzE2MjgtMTY5My0zLmpwZw?v=1726745671"],"opengraph":["https:\/\/media.th4.com\/zXzUUgyS8d-bO2v-uPZFH4YdLO-GBKR3mds1mP_rDYg\/pr:1200x630\/aHR0cDovL21lZGlhMi5kZXNpZ25wYXJ0bmVyLmZyL2MvcC8xNjI4LzE2MjgtMTY5My0xLmpwZw?v=1726745669","https:\/\/media.th4.com\/2tiuda2fh7N9AbFQsAVbqC9T0neRKBjGoVwg4BrX6Ec\/pr:1200x630\/aHR0cDovL21lZGlhMi5kZXNpZ25wYXJ0bmVyLmZyL2MvcC8xNjI4LzE2MjgtMTY5My0yLmpwZw?v=1726745669","https:\/\/media.th4.com\/qt0r5Cd2yihV3Gp3DA3PIaG_eggikKsU5XbDQem6Mfg\/pr:1200x630\/aHR0cDovL21lZGlhMi5kZXNpZ25wYXJ0bmVyLmZyL2MvcC8xNjI4LzE2MjgtMTY5My0zLmpwZw?v=1726745671"]},"images_customization":{"miniature":["https:\/\/media.th4.com\/f6x1cj1R0-v-10yEQkB4zybj2QZ77y6CW0vCcJdMwAY\/pr:80\/aHR0cDovL21lZGlhMi5kZXNpZ25wYXJ0bmVyLmZyL2MvcC1zaG9wcGluZy1jdXN0b20tVEgvMTYyOC8xNjI4LTE2OTMtMS5qcGc?v=1737557225"],"medium":["https:\/\/media.th4.com\/Vn_CFwFCWnm9jEdnD2S30FqdUsvMHhPfQLWrAhkzTIA\/pr:550x550\/aHR0cDovL21lZGlhMi5kZXNpZ25wYXJ0bmVyLmZyL2MvcC1zaG9wcGluZy1jdXN0b20tVEgvMTYyOC8xNjI4LTE2OTMtMS5qcGc?v=1737557225"],"medium_large":["https:\/\/media.th4.com\/y6l2WR2GpA0zb1W3Zg8DamJbLusbuuNKS7MigzzF6s4\/pr:1000x1000\/aHR0cDovL21lZGlhMi5kZXNpZ25wYXJ0bmVyLmZyL2MvcC1zaG9wcGluZy1jdXN0b20tVEgvMTYyOC8xNjI4LTE2OTMtMS5qcGc?v=1737557225"],"large":["https:\/\/media.th4.com\/Jz1t9NCKTR-dOKkaiAYEpKPM8U_dqVI1tZyRD2bBTnc\/pr:1920\/aHR0cDovL21lZGlhMi5kZXNpZ25wYXJ0bmVyLmZyL2MvcC1zaG9wcGluZy1jdXN0b20tVEgvMTYyOC8xNjI4LTE2OTMtMS5qcGc?v=1737557225"],"opengraph":["https:\/\/media.th4.com\/xhu_4JvCEj4GoMlyK-PlX0VQW1hEb6M4OPPEyY7O2y8\/pr:1200x630\/aHR0cDovL21lZGlhMi5kZXNpZ25wYXJ0bmVyLmZyL2MvcC1zaG9wcGluZy1jdXN0b20tVEgvMTYyOC8xNjI4LTE2OTMtMS5qcGc?v=1737557225"]},"country_origin":"BD","traceability":{"manufacturing_country_id":null,"weaving_country_id":null,"dyeing_country_id":null},"sizes":[{"id":3,"article_id":143804,"class_id":3,"name":"S","on_standby":false,"stock_local":0,"stock_global":48,"multiple":1,"estimated_date_reassort":null,"is_destocking":false},{"id":78,"article_id":110393,"class_id":0,"name":"S\/M","on_standby":false,"stock_local":0,"stock_global":28,"multiple":1,"estimated_date_reassort":null,"is_destocking":false},{"id":2,"article_id":110394,"class_id":4,"name":"M","on_standby":false,"stock_local":0,"stock_global":82,"multiple":1,"estimated_date_reassort":null,"is_destocking":false},{"id":934,"article_id":476572,"class_id":0,"name":"2XL\/3XL","on_standby":false,"stock_local":0,"stock_global":2,"multiple":1,"estimated_date_reassort":null,"is_destocking":false},{"id":1,"article_id":110396,"class_id":5,"name":"L","on_standby":false,"stock_local":0,"stock_global":93,"multiple":1,"estimated_date_reassort":null,"is_destocking":false},{"id":4,"article_id":110398,"class_id":6,"name":"XL","on_standby":false,"stock_local":0,"stock_global":2,"multiple":1,"estimated_date_reassort":null,"is_destocking":false},{"id":1116,"article_id":110399,"class_id":7,"name":"2XL","on_standby":false,"stock_local":0,"stock_global":31,"multiple":1,"estimated_date_reassort":null,"is_destocking":false},{"id":1081,"article_id":110400,"class_id":8,"name":"3XL","on_standby":false,"stock_local":0,"stock_global":12,"multiple":1,"estimated_date_reassort":null,"is_destocking":false},{"id":109,"article_id":110395,"class_id":0,"name":"M\/L","on_standby":false,"stock_local":0,"stock_global":51,"multiple":1,"estimated_date_reassort":null,"is_destocking":false},{"id":666,"article_id":476571,"class_id":0,"name":"XL\/2XL","on_standby":false,"stock_local":0,"stock_global":15,"multiple":1,"estimated_date_reassort":null,"is_destocking":false}],"page_links":{"fr":"\/fr\/p-pr-pr202-chemise-popeline-coton-polyester-pr202-1628\/red-1693\/","en":"\/en\/p-pr-pr202-poplin-cotton-polyester-pr202-shirt-1628\/red-1693\/","de":"\/de\/p-pr-pr202-popeline-hemd-baumwolle-polyester-pr202-1628\/red-1693\/","nl":"\/nl\/p-pr-pr202-popeline-katoen-polyester-hemd-pr202-1628\/red-1693\/","es":"\/es\/p-pr-pr202-camisa-popelina-de-algodon-y-poliester-pr202-1628\/red-1693\/","it":"\/it\/p-pr-pr202-camicia-popeline-cotone-poliestere-pr202-1628\/red-1693\/","sv":"\/sv\/p-pr-pr202-popelin-skjorta-av-bomull-polyester-pr202-1628\/red-1693\/","pt":"\/pt\/p-pr-pr202-camisa-de-popelina-algodao-poliester-pr202-1628\/red-1693\/","da":"\/da\/p-pr-pr202-popeline-bluse-af-bomuld-polyester-pr202-1628\/red-1693\/","pl":"\/pl\/p-pr-pr202-koszula-popeline-bawelna-poliester-pr202-1628\/red-1693\/"},"page_links_customization":{"fr":"\/fr\/p-pr-pr202-chemise-poppelina-manches-courtes-pr202-personnalisation-1628\/red-1693\/custom\/","en":"\/en\/p-pr-pr202-short-sleeved-poppelina-shirt-pr202-customization-1628\/red-1693\/custom\/","de":"\/de\/p-pr-pr202-kurzarmhemd-poppelina-pr202-individualisierung-1628\/red-1693\/custom\/","nl":"\/nl\/p-pr-pr202-hem-poppelina-korte-mouwen-pr202-personalisatie-1628\/red-1693\/custom\/","es":"\/es\/p-pr-pr202-camisa-de-poppelina-mangas-cortas-pr202-personalizacion-1628\/red-1693\/custom\/","it":"\/it\/p-pr-pr202-camicia-poppelina-maniche-corte-pr202-personalizzazione-1628\/red-1693\/custom\/","sv":"\/sv\/p-pr-pr202-kemiska-poppelina-korta-armar-pr202-personalisering-1628\/red-1693\/custom\/","pt":"\/pt\/p-pr-pr202-camisa-poppelina-mangas-curtas-pr202-personalizacao-1628\/red-1693\/custom\/","da":"\/da\/p-pr-pr202-chemise-poppelina-mancher-kort-pr202-personliggorelse-1628\/red-1693\/custom\/","pl":"\/pl\/p-pr-pr202-koszulka-z-popeliny-na-krotkie-rekawy-pr202-personalizacja-1628\/red-1693\/custom\/"}},{"id":3725,"name":"aqua","class_ids":[2],"codes_hexa":["A2D5C2"],"delai_24":false,"has_3d":false,"seuil_global":0,"stock_local":0,"stock_global":0,"on_standby":true,"in_catalog":false,"images":{"miniature":["https:\/\/media.th4.com\/AWeGtHcYWFLibtpMnw81XJzspvHpcPo8Nvi-00c9yXQ\/pr:80\/aHR0cDovL21lZGlhMi5kZXNpZ25wYXJ0bmVyLmZyL2MvcC8xNjI4LzE2MjgtMzcyNS0xLmpwZw?v=1726745676"],"medium":["https:\/\/media.th4.com\/4fJhUh0i20y1tKXuim6_x8SWGjF8Z9v-GUGor4rPjy4\/pr:550x550\/aHR0cDovL21lZGlhMi5kZXNpZ25wYXJ0bmVyLmZyL2MvcC8xNjI4LzE2MjgtMzcyNS0xLmpwZw?v=1726745676"],"medium_large":["https:\/\/media.th4.com\/tHWlmanOfr8Z5PIPjGJl7yma2itGu_f4_hB9ybqhy0k\/pr:1000x1000\/aHR0cDovL21lZGlhMi5kZXNpZ25wYXJ0bmVyLmZyL2MvcC8xNjI4LzE2MjgtMzcyNS0xLmpwZw?v=1726745676"],"large":["https:\/\/media.th4.com\/HcSQUBEIqWv2uqec6G70cqn6wGGwhR4UChHhJ97xCF4\/pr:1920\/aHR0cDovL21lZGlhMi5kZXNpZ25wYXJ0bmVyLmZyL2MvcC8xNjI4LzE2MjgtMzcyNS0xLmpwZw?v=1726745676"],"opengraph":["https:\/\/media.th4.com\/PuDeJD4GvT34Az8Yv4YXQIJSCwm58pmDm_kOMvw-HbY\/pr:1200x630\/aHR0cDovL21lZGlhMi5kZXNpZ25wYXJ0bmVyLmZyL2MvcC8xNjI4LzE2MjgtMzcyNS0xLmpwZw?v=1726745676"]},"images_customization":{"miniature":["https:\/\/media.th4.com\/IAwcpOiX0fa0lbYUwHZWz7wh8OA3gExPQ9-zc6q1DOE\/pr:80\/aHR0cDovL21lZGlhMi5kZXNpZ25wYXJ0bmVyLmZyL2MvcC1zaG9wcGluZy1jdXN0b20tVEgvMTYyOC8xNjI4LTM3MjUtMS5qcGc?v=1737557225"],"medium":["https:\/\/media.th4.com\/634hR7IHZ7eoFsM5ISIhdvzDlqJBwZfHs575hE8Liho\/pr:550x550\/aHR0cDovL21lZGlhMi5kZXNpZ25wYXJ0bmVyLmZyL2MvcC1zaG9wcGluZy1jdXN0b20tVEgvMTYyOC8xNjI4LTM3MjUtMS5qcGc?v=1737557225"],"medium_large":["https:\/\/media.th4.com\/9XUTC6VobSyTXNotcMfNBDmoXMQ0l0o_dPBrPeuBjd8\/pr:1000x1000\/aHR0cDovL21lZGlhMi5kZXNpZ25wYXJ0bmVyLmZyL2MvcC1zaG9wcGluZy1jdXN0b20tVEgvMTYyOC8xNjI4LTM3MjUtMS5qcGc?v=1737557225"],"large":["https:\/\/media.th4.com\/AdhPjgP-Zma2GICNnqcquKcF6yW5gbXvtqVkydLl2Pc\/pr:1920\/aHR0cDovL21lZGlhMi5kZXNpZ25wYXJ0bmVyLmZyL2MvcC1zaG9wcGluZy1jdXN0b20tVEgvMTYyOC8xNjI4LTM3MjUtMS5qcGc?v=1737557225"],"opengraph":["https:\/\/media.th4.com\/PEm0dlG9yn1HboWIwWzn_MwaBD2w055fGTdw3Ck1sQM\/pr:1200x630\/aHR0cDovL21lZGlhMi5kZXNpZ25wYXJ0bmVyLmZyL2MvcC1zaG9wcGluZy1jdXN0b20tVEgvMTYyOC8xNjI4LTM3MjUtMS5qcGc?v=1737557225"]},"country_origin":"BD","traceability":{"manufacturing_country_id":null,"weaving_country_id":null,"dyeing_country_id":null},"sizes":[],"page_links":{"fr":"\/fr\/p-pr-pr202-chemise-popeline-coton-polyester-pr202-1628\/aqua-3725\/","en":"\/en\/p-pr-pr202-poplin-cotton-polyester-pr202-shirt-1628\/aqua-3725\/","de":"\/de\/p-pr-pr202-popeline-hemd-baumwolle-polyester-pr202-1628\/aqua-3725\/","nl":"\/nl\/p-pr-pr202-popeline-katoen-polyester-hemd-pr202-1628\/aqua-3725\/","es":"\/es\/p-pr-pr202-camisa-popelina-de-algodon-y-poliester-pr202-1628\/aqua-3725\/","it":"\/it\/p-pr-pr202-camicia-popeline-cotone-poliestere-pr202-1628\/aqua-3725\/","sv":"\/sv\/p-pr-pr202-popelin-skjorta-av-bomull-polyester-pr202-1628\/aqua-3725\/","pt":"\/pt\/p-pr-pr202-camisa-de-popelina-algodao-poliester-pr202-1628\/aqua-3725\/","da":"\/da\/p-pr-pr202-popeline-bluse-af-bomuld-polyester-pr202-1628\/aqua-3725\/","pl":"\/pl\/p-pr-pr202-koszula-popeline-bawelna-poliester-pr202-1628\/aqua-3725\/"},"page_links_customization":{"fr":"\/fr\/p-pr-pr202-chemise-poppelina-manches-courtes-pr202-personnalisation-1628\/aqua-3725\/custom\/","en":"\/en\/p-pr-pr202-short-sleeved-poppelina-shirt-pr202-customization-1628\/aqua-3725\/custom\/","de":"\/de\/p-pr-pr202-kurzarmhemd-poppelina-pr202-individualisierung-1628\/aqua-3725\/custom\/","nl":"\/nl\/p-pr-pr202-hem-poppelina-korte-mouwen-pr202-personalisatie-1628\/aqua-3725\/custom\/","es":"\/es\/p-pr-pr202-camisa-de-poppelina-mangas-cortas-pr202-personalizacion-1628\/aqua-3725\/custom\/","it":"\/it\/p-pr-pr202-camicia-poppelina-maniche-corte-pr202-personalizzazione-1628\/aqua-3725\/custom\/","sv":"\/sv\/p-pr-pr202-kemiska-poppelina-korta-armar-pr202-personalisering-1628\/aqua-3725\/custom\/","pt":"\/pt\/p-pr-pr202-camisa-poppelina-mangas-curtas-pr202-personalizacao-1628\/aqua-3725\/custom\/","da":"\/da\/p-pr-pr202-chemise-poppelina-mancher-kort-pr202-personliggorelse-1628\/aqua-3725\/custom\/","pl":"\/pl\/p-pr-pr202-koszulka-z-popeliny-na-krotkie-rekawy-pr202-personalizacja-1628\/aqua-3725\/custom\/"}},{"id":1681,"name":"brown","class_ids":[11],"codes_hexa":["3a1c12"],"delai_24":false,"has_3d":false,"seuil_global":0,"stock_local":0,"stock_global":0,"on_standby":true,"in_catalog":false,"images":{"miniature":["https:\/\/media.th4.com\/3Em4cK1h1y3GsoJdUjRs5EkLqvyUT184d_w3tghnylQ\/pr:80\/aHR0cDovL21lZGlhMi5kZXNpZ25wYXJ0bmVyLmZyL2MvcC8xNjI4LzE2MjgtMTY4MS0xLmpwZw?v=1610040342"],"medium":["https:\/\/media.th4.com\/BSpnp4P-M81vVaNO1VsvoI2eB6Rqv0sUI-Zy2_U4fvE\/pr:550x550\/aHR0cDovL21lZGlhMi5kZXNpZ25wYXJ0bmVyLmZyL2MvcC8xNjI4LzE2MjgtMTY4MS0xLmpwZw?v=1610040342"],"medium_large":["https:\/\/media.th4.com\/hxg5iA-pX1YPpq61w2q8g4SWcUvP84_HbRML9QU9qVs\/pr:1000x1000\/aHR0cDovL21lZGlhMi5kZXNpZ25wYXJ0bmVyLmZyL2MvcC8xNjI4LzE2MjgtMTY4MS0xLmpwZw?v=1610040342"],"large":["https:\/\/media.th4.com\/KmhLn8kkkEoPLJNQu7E_AiCeNX3ur86rAL5wbH2-DZY\/pr:1920\/aHR0cDovL21lZGlhMi5kZXNpZ25wYXJ0bmVyLmZyL2MvcC8xNjI4LzE2MjgtMTY4MS0xLmpwZw?v=1610040342"],"opengraph":["https:\/\/media.th4.com\/PQnrtFpQE0OKzTcayZ9QABZkY2SFwPyduEERXXhAb9c\/pr:1200x630\/aHR0cDovL21lZGlhMi5kZXNpZ25wYXJ0bmVyLmZyL2MvcC8xNjI4LzE2MjgtMTY4MS0xLmpwZw?v=1610040342"]},"images_customization":{"miniature":["https:\/\/media.th4.com\/3Em4cK1h1y3GsoJdUjRs5EkLqvyUT184d_w3tghnylQ\/pr:80\/aHR0cDovL21lZGlhMi5kZXNpZ25wYXJ0bmVyLmZyL2MvcC8xNjI4LzE2MjgtMTY4MS0xLmpwZw?v=1610040342"],"medium":["https:\/\/media.th4.com\/BSpnp4P-M81vVaNO1VsvoI2eB6Rqv0sUI-Zy2_U4fvE\/pr:550x550\/aHR0cDovL21lZGlhMi5kZXNpZ25wYXJ0bmVyLmZyL2MvcC8xNjI4LzE2MjgtMTY4MS0xLmpwZw?v=1610040342"],"medium_large":["https:\/\/media.th4.com\/hxg5iA-pX1YPpq61w2q8g4SWcUvP84_HbRML9QU9qVs\/pr:1000x1000\/aHR0cDovL21lZGlhMi5kZXNpZ25wYXJ0bmVyLmZyL2MvcC8xNjI4LzE2MjgtMTY4MS0xLmpwZw?v=1610040342"],"large":["https:\/\/media.th4.com\/KmhLn8kkkEoPLJNQu7E_AiCeNX3ur86rAL5wbH2-DZY\/pr:1920\/aHR0cDovL21lZGlhMi5kZXNpZ25wYXJ0bmVyLmZyL2MvcC8xNjI4LzE2MjgtMTY4MS0xLmpwZw?v=1610040342"],"opengraph":["https:\/\/media.th4.com\/PQnrtFpQE0OKzTcayZ9QABZkY2SFwPyduEERXXhAb9c\/pr:1200x630\/aHR0cDovL21lZGlhMi5kZXNpZ25wYXJ0bmVyLmZyL2MvcC8xNjI4LzE2MjgtMTY4MS0xLmpwZw?v=1610040342"]},"country_origin":"BD","traceability":{"manufacturing_country_id":null,"weaving_country_id":null,"dyeing_country_id":null},"sizes":[],"page_links":{"fr":"\/fr\/p-pr-pr202-chemise-popeline-coton-polyester-pr202-1628\/brown-1681\/","en":"\/en\/p-pr-pr202-poplin-cotton-polyester-pr202-shirt-1628\/brown-1681\/","de":"\/de\/p-pr-pr202-popeline-hemd-baumwolle-polyester-pr202-1628\/brown-1681\/","nl":"\/nl\/p-pr-pr202-popeline-katoen-polyester-hemd-pr202-1628\/brown-1681\/","es":"\/es\/p-pr-pr202-camisa-popelina-de-algodon-y-poliester-pr202-1628\/brown-1681\/","it":"\/it\/p-pr-pr202-camicia-popeline-cotone-poliestere-pr202-1628\/brown-1681\/","sv":"\/sv\/p-pr-pr202-popelin-skjorta-av-bomull-polyester-pr202-1628\/brown-1681\/","pt":"\/pt\/p-pr-pr202-camisa-de-popelina-algodao-poliester-pr202-1628\/brown-1681\/","da":"\/da\/p-pr-pr202-popeline-bluse-af-bomuld-polyester-pr202-1628\/brown-1681\/","pl":"\/pl\/p-pr-pr202-koszula-popeline-bawelna-poliester-pr202-1628\/brown-1681\/"},"page_links_customization":{"fr":"\/fr\/p-pr-pr202-chemise-poppelina-manches-courtes-pr202-personnalisation-1628\/brown-1681\/custom\/","en":"\/en\/p-pr-pr202-short-sleeved-poppelina-shirt-pr202-customization-1628\/brown-1681\/custom\/","de":"\/de\/p-pr-pr202-kurzarmhemd-poppelina-pr202-individualisierung-1628\/brown-1681\/custom\/","nl":"\/nl\/p-pr-pr202-hem-poppelina-korte-mouwen-pr202-personalisatie-1628\/brown-1681\/custom\/","es":"\/es\/p-pr-pr202-camisa-de-poppelina-mangas-cortas-pr202-personalizacion-1628\/brown-1681\/custom\/","it":"\/it\/p-pr-pr202-camicia-poppelina-maniche-corte-pr202-personalizzazione-1628\/brown-1681\/custom\/","sv":"\/sv\/p-pr-pr202-kemiska-poppelina-korta-armar-pr202-personalisering-1628\/brown-1681\/custom\/","pt":"\/pt\/p-pr-pr202-camisa-poppelina-mangas-curtas-pr202-personalizacao-1628\/brown-1681\/custom\/","da":"\/da\/p-pr-pr202-chemise-poppelina-mancher-kort-pr202-personliggorelse-1628\/brown-1681\/custom\/","pl":"\/pl\/p-pr-pr202-koszulka-z-popeliny-na-krotkie-rekawy-pr202-personalizacja-1628\/brown-1681\/custom\/"}},{"id":1682,"name":"emerald","class_ids":[5],"codes_hexa":["007b73"],"delai_24":false,"has_3d":false,"seuil_global":0,"stock_local":0,"stock_global":0,"on_standby":true,"in_catalog":false,"images":{"miniature":["https:\/\/media.th4.com\/AmR89Or2kNSkLEi2NOVlkpNPCVNCxm3ZcHJ8M1Wv2jc\/pr:80\/aHR0cDovL21lZGlhMi5kZXNpZ25wYXJ0bmVyLmZyL2MvcC8xNjI4LzE2MjgtMTY4Mi0xLmpwZw?v=1726745663"],"medium":["https:\/\/media.th4.com\/syc7UBaPNIhiy68T7s2k9pcIxW7H1rSGmHDbzFZ5VZA\/pr:550x550\/aHR0cDovL21lZGlhMi5kZXNpZ25wYXJ0bmVyLmZyL2MvcC8xNjI4LzE2MjgtMTY4Mi0xLmpwZw?v=1726745663"],"medium_large":["https:\/\/media.th4.com\/NmSD3YpZkekFoIrJXK6LB1goudvkZy45npqVnqGsTgM\/pr:1000x1000\/aHR0cDovL21lZGlhMi5kZXNpZ25wYXJ0bmVyLmZyL2MvcC8xNjI4LzE2MjgtMTY4Mi0xLmpwZw?v=1726745663"],"large":["https:\/\/media.th4.com\/ibhMxnScCaam5r85jDlJAtcaMG08oU6w1079cdX69vQ\/pr:1920\/aHR0cDovL21lZGlhMi5kZXNpZ25wYXJ0bmVyLmZyL2MvcC8xNjI4LzE2MjgtMTY4Mi0xLmpwZw?v=1726745663"],"opengraph":["https:\/\/media.th4.com\/FlxxqEAn46XQzSXpe30VriGeqV9G5bVwD1mZJ_0Jvh8\/pr:1200x630\/aHR0cDovL21lZGlhMi5kZXNpZ25wYXJ0bmVyLmZyL2MvcC8xNjI4LzE2MjgtMTY4Mi0xLmpwZw?v=1726745663"]},"images_customization":{"miniature":["https:\/\/media.th4.com\/tQrmMcMFi5Ze8taB6ZOLZioNCD7_E7qkUJPZwavIkss\/pr:80\/aHR0cDovL21lZGlhMi5kZXNpZ25wYXJ0bmVyLmZyL2MvcC1zaG9wcGluZy1jdXN0b20tVEgvMTYyOC8xNjI4LTE2ODItMS5qcGc?v=1737557224"],"medium":["https:\/\/media.th4.com\/tHLOi8yanx4v3YbEGzZgA4kr8v_ZbK8-3fD1U57x5pY\/pr:550x550\/aHR0cDovL21lZGlhMi5kZXNpZ25wYXJ0bmVyLmZyL2MvcC1zaG9wcGluZy1jdXN0b20tVEgvMTYyOC8xNjI4LTE2ODItMS5qcGc?v=1737557224"],"medium_large":["https:\/\/media.th4.com\/v9MRboPelt6O0sixu49iU8i4lr7atUEvY5-R21MnuZQ\/pr:1000x1000\/aHR0cDovL21lZGlhMi5kZXNpZ25wYXJ0bmVyLmZyL2MvcC1zaG9wcGluZy1jdXN0b20tVEgvMTYyOC8xNjI4LTE2ODItMS5qcGc?v=1737557224"],"large":["https:\/\/media.th4.com\/LjhrOTUnQM94fZbnSeSbgF8atmJ3gyJZ8Rmw5lSX5cg\/pr:1920\/aHR0cDovL21lZGlhMi5kZXNpZ25wYXJ0bmVyLmZyL2MvcC1zaG9wcGluZy1jdXN0b20tVEgvMTYyOC8xNjI4LTE2ODItMS5qcGc?v=1737557224"],"opengraph":["https:\/\/media.th4.com\/3yM2KRCXD5Odh0h7KMImxgDK2Ig2EIJe6_mcsbF6NLk\/pr:1200x630\/aHR0cDovL21lZGlhMi5kZXNpZ25wYXJ0bmVyLmZyL2MvcC1zaG9wcGluZy1jdXN0b20tVEgvMTYyOC8xNjI4LTE2ODItMS5qcGc?v=1737557224"]},"country_origin":"BD","traceability":{"manufacturing_country_id":null,"weaving_country_id":null,"dyeing_country_id":null},"sizes":[],"page_links":{"fr":"\/fr\/p-pr-pr202-chemise-popeline-coton-polyester-pr202-1628\/emerald-1682\/","en":"\/en\/p-pr-pr202-poplin-cotton-polyester-pr202-shirt-1628\/emerald-1682\/","de":"\/de\/p-pr-pr202-popeline-hemd-baumwolle-polyester-pr202-1628\/emerald-1682\/","nl":"\/nl\/p-pr-pr202-popeline-katoen-polyester-hemd-pr202-1628\/emerald-1682\/","es":"\/es\/p-pr-pr202-camisa-popelina-de-algodon-y-poliester-pr202-1628\/emerald-1682\/","it":"\/it\/p-pr-pr202-camicia-popeline-cotone-poliestere-pr202-1628\/emerald-1682\/","sv":"\/sv\/p-pr-pr202-popelin-skjorta-av-bomull-polyester-pr202-1628\/emerald-1682\/","pt":"\/pt\/p-pr-pr202-camisa-de-popelina-algodao-poliester-pr202-1628\/emerald-1682\/","da":"\/da\/p-pr-pr202-popeline-bluse-af-bomuld-polyester-pr202-1628\/emerald-1682\/","pl":"\/pl\/p-pr-pr202-koszula-popeline-bawelna-poliester-pr202-1628\/emerald-1682\/"},"page_links_customization":{"fr":"\/fr\/p-pr-pr202-chemise-poppelina-manches-courtes-pr202-personnalisation-1628\/emerald-1682\/custom\/","en":"\/en\/p-pr-pr202-short-sleeved-poppelina-shirt-pr202-customization-1628\/emerald-1682\/custom\/","de":"\/de\/p-pr-pr202-kurzarmhemd-poppelina-pr202-individualisierung-1628\/emerald-1682\/custom\/","nl":"\/nl\/p-pr-pr202-hem-poppelina-korte-mouwen-pr202-personalisatie-1628\/emerald-1682\/custom\/","es":"\/es\/p-pr-pr202-camisa-de-poppelina-mangas-cortas-pr202-personalizacion-1628\/emerald-1682\/custom\/","it":"\/it\/p-pr-pr202-camicia-poppelina-maniche-corte-pr202-personalizzazione-1628\/emerald-1682\/custom\/","sv":"\/sv\/p-pr-pr202-kemiska-poppelina-korta-armar-pr202-personalisering-1628\/emerald-1682\/custom\/","pt":"\/pt\/p-pr-pr202-camisa-poppelina-mangas-curtas-pr202-personalizacao-1628\/emerald-1682\/custom\/","da":"\/da\/p-pr-pr202-chemise-poppelina-mancher-kort-pr202-personliggorelse-1628\/emerald-1682\/custom\/","pl":"\/pl\/p-pr-pr202-koszulka-z-popeliny-na-krotkie-rekawy-pr202-personalizacja-1628\/emerald-1682\/custom\/"}},{"id":3500,"name":"hot_pink","class_ids":[7],"codes_hexa":["e7cee4"],"delai_24":false,"has_3d":false,"seuil_global":0,"stock_local":0,"stock_global":0,"on_standby":true,"in_catalog":false,"images":{"miniature":["https:\/\/media.th4.com\/QBizbPl3W87m5uh_X5aNR834cUWCN5asbdNvi_SnATc\/pr:80\/aHR0cDovL21lZGlhMi5kZXNpZ25wYXJ0bmVyLmZyL2MvcC8xNjI4LzE2MjgtMzUwMC0xLmpwZw?v=1726745676"],"medium":["https:\/\/media.th4.com\/MVh-M5mHSChehJsZI_gpxNGnXWgXt7RA1ZSq-xo7OPI\/pr:550x550\/aHR0cDovL21lZGlhMi5kZXNpZ25wYXJ0bmVyLmZyL2MvcC8xNjI4LzE2MjgtMzUwMC0xLmpwZw?v=1726745676"],"medium_large":["https:\/\/media.th4.com\/w7wAQGpRPTcJYGd_PogLa74xH65MhVLTmBjAqmrDGNk\/pr:1000x1000\/aHR0cDovL21lZGlhMi5kZXNpZ25wYXJ0bmVyLmZyL2MvcC8xNjI4LzE2MjgtMzUwMC0xLmpwZw?v=1726745676"],"large":["https:\/\/media.th4.com\/U-ch_odTqKWcx6q23Jhk-ljWtoDceqcKH1DNAdNDUhQ\/pr:1920\/aHR0cDovL21lZGlhMi5kZXNpZ25wYXJ0bmVyLmZyL2MvcC8xNjI4LzE2MjgtMzUwMC0xLmpwZw?v=1726745676"],"opengraph":["https:\/\/media.th4.com\/MAF4t7rKsxyMCwaTNMrqVNjHAojLWCc3Z4IFXdm7lWM\/pr:1200x630\/aHR0cDovL21lZGlhMi5kZXNpZ25wYXJ0bmVyLmZyL2MvcC8xNjI4LzE2MjgtMzUwMC0xLmpwZw?v=1726745676"]},"images_customization":{"miniature":["https:\/\/media.th4.com\/CW7bpfgKbzTWkxUXT1oGAeFH9lHpRVpS0YJp3-Ir2BU\/pr:80\/aHR0cDovL21lZGlhMi5kZXNpZ25wYXJ0bmVyLmZyL2MvcC1zaG9wcGluZy1jdXN0b20tVEgvMTYyOC8xNjI4LTM1MDAtMS5qcGc?v=1737557225"],"medium":["https:\/\/media.th4.com\/0dpQLePujHs8PK90TGVqUpiadCs5SZPETO1msRVa4Lw\/pr:550x550\/aHR0cDovL21lZGlhMi5kZXNpZ25wYXJ0bmVyLmZyL2MvcC1zaG9wcGluZy1jdXN0b20tVEgvMTYyOC8xNjI4LTM1MDAtMS5qcGc?v=1737557225"],"medium_large":["https:\/\/media.th4.com\/UiSOAi7P0ho85t2zw2pMwUxmtuszQf3-cyXl0mX6eFY\/pr:1000x1000\/aHR0cDovL21lZGlhMi5kZXNpZ25wYXJ0bmVyLmZyL2MvcC1zaG9wcGluZy1jdXN0b20tVEgvMTYyOC8xNjI4LTM1MDAtMS5qcGc?v=1737557225"],"large":["https:\/\/media.th4.com\/8M6tgD_5PN6wYsSBYKUATcZ7Lbidiwisv5ij1OOsbBs\/pr:1920\/aHR0cDovL21lZGlhMi5kZXNpZ25wYXJ0bmVyLmZyL2MvcC1zaG9wcGluZy1jdXN0b20tVEgvMTYyOC8xNjI4LTM1MDAtMS5qcGc?v=1737557225"],"opengraph":["https:\/\/media.th4.com\/0dvozmpownmDA8nLgSegnpqWyhViblVWKnvvF4CyDNg\/pr:1200x630\/aHR0cDovL21lZGlhMi5kZXNpZ25wYXJ0bmVyLmZyL2MvcC1zaG9wcGluZy1jdXN0b20tVEgvMTYyOC8xNjI4LTM1MDAtMS5qcGc?v=1737557225"]},"country_origin":"BD","traceability":{"manufacturing_country_id":null,"weaving_country_id":null,"dyeing_country_id":null},"sizes":[],"page_links":{"fr":"\/fr\/p-pr-pr202-chemise-popeline-coton-polyester-pr202-1628\/hot-pink-3500\/","en":"\/en\/p-pr-pr202-poplin-cotton-polyester-pr202-shirt-1628\/hot-pink-3500\/","de":"\/de\/p-pr-pr202-popeline-hemd-baumwolle-polyester-pr202-1628\/hot-pink-3500\/","nl":"\/nl\/p-pr-pr202-popeline-katoen-polyester-hemd-pr202-1628\/hot-pink-3500\/","es":"\/es\/p-pr-pr202-camisa-popelina-de-algodon-y-poliester-pr202-1628\/hot-pink-3500\/","it":"\/it\/p-pr-pr202-camicia-popeline-cotone-poliestere-pr202-1628\/hot-pink-3500\/","sv":"\/sv\/p-pr-pr202-popelin-skjorta-av-bomull-polyester-pr202-1628\/hot-pink-3500\/","pt":"\/pt\/p-pr-pr202-camisa-de-popelina-algodao-poliester-pr202-1628\/hot-pink-3500\/","da":"\/da\/p-pr-pr202-popeline-bluse-af-bomuld-polyester-pr202-1628\/hot-pink-3500\/","pl":"\/pl\/p-pr-pr202-koszula-popeline-bawelna-poliester-pr202-1628\/hot-pink-3500\/"},"page_links_customization":{"fr":"\/fr\/p-pr-pr202-chemise-poppelina-manches-courtes-pr202-personnalisation-1628\/hot-pink-3500\/custom\/","en":"\/en\/p-pr-pr202-short-sleeved-poppelina-shirt-pr202-customization-1628\/hot-pink-3500\/custom\/","de":"\/de\/p-pr-pr202-kurzarmhemd-poppelina-pr202-individualisierung-1628\/hot-pink-3500\/custom\/","nl":"\/nl\/p-pr-pr202-hem-poppelina-korte-mouwen-pr202-personalisatie-1628\/hot-pink-3500\/custom\/","es":"\/es\/p-pr-pr202-camisa-de-poppelina-mangas-cortas-pr202-personalizacion-1628\/hot-pink-3500\/custom\/","it":"\/it\/p-pr-pr202-camicia-poppelina-maniche-corte-pr202-personalizzazione-1628\/hot-pink-3500\/custom\/","sv":"\/sv\/p-pr-pr202-kemiska-poppelina-korta-armar-pr202-personalisering-1628\/hot-pink-3500\/custom\/","pt":"\/pt\/p-pr-pr202-camisa-poppelina-mangas-curtas-pr202-personalizacao-1628\/hot-pink-3500\/custom\/","da":"\/da\/p-pr-pr202-chemise-poppelina-mancher-kort-pr202-personliggorelse-1628\/hot-pink-3500\/custom\/","pl":"\/pl\/p-pr-pr202-koszulka-z-popeliny-na-krotkie-rekawy-pr202-personalizacja-1628\/hot-pink-3500\/custom\/"}},{"id":1665,"name":"lilac","class_ids":[10],"codes_hexa":["c3b7db"],"delai_24":false,"has_3d":false,"seuil_global":0,"stock_local":0,"stock_global":0,"on_standby":true,"in_catalog":false,"images":{"miniature":["https:\/\/media.th4.com\/-4BZE8YOlcUwhbKmyEV_IPYbLyll1CUYovRgPZF09ao\/pr:80\/aHR0cDovL21lZGlhMi5kZXNpZ25wYXJ0bmVyLmZyL2MvcC8xNjI4LzE2MjgtMTY2NS0xLmpwZw?v=1610040345"],"medium":["https:\/\/media.th4.com\/hfox6xMNKfYPayp8bxYTjjufMGW-uDqbf7whFiDElyY\/pr:550x550\/aHR0cDovL21lZGlhMi5kZXNpZ25wYXJ0bmVyLmZyL2MvcC8xNjI4LzE2MjgtMTY2NS0xLmpwZw?v=1610040345"],"medium_large":["https:\/\/media.th4.com\/crIsUMhPodDiQheIGba2HROvhvO_pteiujmH9AWdPPs\/pr:1000x1000\/aHR0cDovL21lZGlhMi5kZXNpZ25wYXJ0bmVyLmZyL2MvcC8xNjI4LzE2MjgtMTY2NS0xLmpwZw?v=1610040345"],"large":["https:\/\/media.th4.com\/qvpKvzM-gYaNokv2wGUMYh_Tu0uhLCUkoPWU9ItnZss\/pr:1920\/aHR0cDovL21lZGlhMi5kZXNpZ25wYXJ0bmVyLmZyL2MvcC8xNjI4LzE2MjgtMTY2NS0xLmpwZw?v=1610040345"],"opengraph":["https:\/\/media.th4.com\/33oqf5w8rkwf3HcKNAxKbMsOGnBdpGYHheefIoZI20c\/pr:1200x630\/aHR0cDovL21lZGlhMi5kZXNpZ25wYXJ0bmVyLmZyL2MvcC8xNjI4LzE2MjgtMTY2NS0xLmpwZw?v=1610040345"]},"images_customization":{"miniature":["https:\/\/media.th4.com\/-4BZE8YOlcUwhbKmyEV_IPYbLyll1CUYovRgPZF09ao\/pr:80\/aHR0cDovL21lZGlhMi5kZXNpZ25wYXJ0bmVyLmZyL2MvcC8xNjI4LzE2MjgtMTY2NS0xLmpwZw?v=1610040345"],"medium":["https:\/\/media.th4.com\/hfox6xMNKfYPayp8bxYTjjufMGW-uDqbf7whFiDElyY\/pr:550x550\/aHR0cDovL21lZGlhMi5kZXNpZ25wYXJ0bmVyLmZyL2MvcC8xNjI4LzE2MjgtMTY2NS0xLmpwZw?v=1610040345"],"medium_large":["https:\/\/media.th4.com\/crIsUMhPodDiQheIGba2HROvhvO_pteiujmH9AWdPPs\/pr:1000x1000\/aHR0cDovL21lZGlhMi5kZXNpZ25wYXJ0bmVyLmZyL2MvcC8xNjI4LzE2MjgtMTY2NS0xLmpwZw?v=1610040345"],"large":["https:\/\/media.th4.com\/qvpKvzM-gYaNokv2wGUMYh_Tu0uhLCUkoPWU9ItnZss\/pr:1920\/aHR0cDovL21lZGlhMi5kZXNpZ25wYXJ0bmVyLmZyL2MvcC8xNjI4LzE2MjgtMTY2NS0xLmpwZw?v=1610040345"],"opengraph":["https:\/\/media.th4.com\/33oqf5w8rkwf3HcKNAxKbMsOGnBdpGYHheefIoZI20c\/pr:1200x630\/aHR0cDovL21lZGlhMi5kZXNpZ25wYXJ0bmVyLmZyL2MvcC8xNjI4LzE2MjgtMTY2NS0xLmpwZw?v=1610040345"]},"country_origin":"BD","traceability":{"manufacturing_country_id":null,"weaving_country_id":null,"dyeing_country_id":null},"sizes":[],"page_links":{"fr":"\/fr\/p-pr-pr202-chemise-popeline-coton-polyester-pr202-1628\/lilac-1665\/","en":"\/en\/p-pr-pr202-poplin-cotton-polyester-pr202-shirt-1628\/lilac-1665\/","de":"\/de\/p-pr-pr202-popeline-hemd-baumwolle-polyester-pr202-1628\/lilac-1665\/","nl":"\/nl\/p-pr-pr202-popeline-katoen-polyester-hemd-pr202-1628\/lilac-1665\/","es":"\/es\/p-pr-pr202-camisa-popelina-de-algodon-y-poliester-pr202-1628\/lilac-1665\/","it":"\/it\/p-pr-pr202-camicia-popeline-cotone-poliestere-pr202-1628\/lilac-1665\/","sv":"\/sv\/p-pr-pr202-popelin-skjorta-av-bomull-polyester-pr202-1628\/lilac-1665\/","pt":"\/pt\/p-pr-pr202-camisa-de-popelina-algodao-poliester-pr202-1628\/lilac-1665\/","da":"\/da\/p-pr-pr202-popeline-bluse-af-bomuld-polyester-pr202-1628\/lilac-1665\/","pl":"\/pl\/p-pr-pr202-koszula-popeline-bawelna-poliester-pr202-1628\/lilac-1665\/"},"page_links_customization":{"fr":"\/fr\/p-pr-pr202-chemise-poppelina-manches-courtes-pr202-personnalisation-1628\/lilac-1665\/custom\/","en":"\/en\/p-pr-pr202-short-sleeved-poppelina-shirt-pr202-customization-1628\/lilac-1665\/custom\/","de":"\/de\/p-pr-pr202-kurzarmhemd-poppelina-pr202-individualisierung-1628\/lilac-1665\/custom\/","nl":"\/nl\/p-pr-pr202-hem-poppelina-korte-mouwen-pr202-personalisatie-1628\/lilac-1665\/custom\/","es":"\/es\/p-pr-pr202-camisa-de-poppelina-mangas-cortas-pr202-personalizacion-1628\/lilac-1665\/custom\/","it":"\/it\/p-pr-pr202-camicia-poppelina-maniche-corte-pr202-personalizzazione-1628\/lilac-1665\/custom\/","sv":"\/sv\/p-pr-pr202-kemiska-poppelina-korta-armar-pr202-personalisering-1628\/lilac-1665\/custom\/","pt":"\/pt\/p-pr-pr202-camisa-poppelina-mangas-curtas-pr202-personalizacao-1628\/lilac-1665\/custom\/","da":"\/da\/p-pr-pr202-chemise-poppelina-mancher-kort-pr202-personliggorelse-1628\/lilac-1665\/custom\/","pl":"\/pl\/p-pr-pr202-koszulka-z-popeliny-na-krotkie-rekawy-pr202-personalizacja-1628\/lilac-1665\/custom\/"}},{"id":1687,"name":"lime","class_ids":[5],"codes_hexa":["cad60a"],"delai_24":false,"has_3d":false,"seuil_global":0,"stock_local":0,"stock_global":0,"on_standby":true,"in_catalog":false,"images":{"miniature":["https:\/\/media.th4.com\/pVorRxldJhNjoEuGIfkqg3KmMz59BM3RT-CRqZIuD3E\/pr:80\/aHR0cDovL21lZGlhMi5kZXNpZ25wYXJ0bmVyLmZyL2MvcC8xNjI4LzE2MjgtMTY4Ny0xLmpwZw?v=1726745663"],"medium":["https:\/\/media.th4.com\/8Hv_kkEk1S1RpW8jnq_Kc0tMs-sn3tK57zx5iOoAwAs\/pr:550x550\/aHR0cDovL21lZGlhMi5kZXNpZ25wYXJ0bmVyLmZyL2MvcC8xNjI4LzE2MjgtMTY4Ny0xLmpwZw?v=1726745663"],"medium_large":["https:\/\/media.th4.com\/RCNX6T6zZbCaE2lWWeqs9d4WLRCCuiTP7jUKao4DExA\/pr:1000x1000\/aHR0cDovL21lZGlhMi5kZXNpZ25wYXJ0bmVyLmZyL2MvcC8xNjI4LzE2MjgtMTY4Ny0xLmpwZw?v=1726745663"],"large":["https:\/\/media.th4.com\/kA42Dej2FBULzNudurb_ZFPdkddNrTjPJXOa_3LkGOg\/pr:1920\/aHR0cDovL21lZGlhMi5kZXNpZ25wYXJ0bmVyLmZyL2MvcC8xNjI4LzE2MjgtMTY4Ny0xLmpwZw?v=1726745663"],"opengraph":["https:\/\/media.th4.com\/8AzNYrCskVeM-O3FGhmSXIwx8ctpBL8BUppZyXqW5VI\/pr:1200x630\/aHR0cDovL21lZGlhMi5kZXNpZ25wYXJ0bmVyLmZyL2MvcC8xNjI4LzE2MjgtMTY4Ny0xLmpwZw?v=1726745663"]},"images_customization":{"miniature":["https:\/\/media.th4.com\/dZd5Gagx883iWI7vONLmOWYrfINsXPXRm9z6IlRmfE4\/pr:80\/aHR0cDovL21lZGlhMi5kZXNpZ25wYXJ0bmVyLmZyL2MvcC1zaG9wcGluZy1jdXN0b20tVEgvMTYyOC8xNjI4LTE2ODctMS5qcGc?v=1737557224"],"medium":["https:\/\/media.th4.com\/w1UVcwdO-oo5zrFkZwazdR9FXHHDh_KmToxs_fxFd9Y\/pr:550x550\/aHR0cDovL21lZGlhMi5kZXNpZ25wYXJ0bmVyLmZyL2MvcC1zaG9wcGluZy1jdXN0b20tVEgvMTYyOC8xNjI4LTE2ODctMS5qcGc?v=1737557224"],"medium_large":["https:\/\/media.th4.com\/anZhGRGhIHhLe2WqEWhOGz6O1JukVvj7Ojt-41E48vw\/pr:1000x1000\/aHR0cDovL21lZGlhMi5kZXNpZ25wYXJ0bmVyLmZyL2MvcC1zaG9wcGluZy1jdXN0b20tVEgvMTYyOC8xNjI4LTE2ODctMS5qcGc?v=1737557224"],"large":["https:\/\/media.th4.com\/LM4u-p-ZYiLKPp-N69Xa7Vt8g_Hof3p4XBtGmiv7vrs\/pr:1920\/aHR0cDovL21lZGlhMi5kZXNpZ25wYXJ0bmVyLmZyL2MvcC1zaG9wcGluZy1jdXN0b20tVEgvMTYyOC8xNjI4LTE2ODctMS5qcGc?v=1737557224"],"opengraph":["https:\/\/media.th4.com\/-aYQZWrSfu6wKyVppbCQ7TX8byg3DBoZQefpFJ_uSo8\/pr:1200x630\/aHR0cDovL21lZGlhMi5kZXNpZ25wYXJ0bmVyLmZyL2MvcC1zaG9wcGluZy1jdXN0b20tVEgvMTYyOC8xNjI4LTE2ODctMS5qcGc?v=1737557224"]},"country_origin":"BD","traceability":{"manufacturing_country_id":null,"weaving_country_id":null,"dyeing_country_id":null},"sizes":[],"page_links":{"fr":"\/fr\/p-pr-pr202-chemise-popeline-coton-polyester-pr202-1628\/lime-1687\/","en":"\/en\/p-pr-pr202-poplin-cotton-polyester-pr202-shirt-1628\/lime-1687\/","de":"\/de\/p-pr-pr202-popeline-hemd-baumwolle-polyester-pr202-1628\/lime-1687\/","nl":"\/nl\/p-pr-pr202-popeline-katoen-polyester-hemd-pr202-1628\/lime-1687\/","es":"\/es\/p-pr-pr202-camisa-popelina-de-algodon-y-poliester-pr202-1628\/lime-1687\/","it":"\/it\/p-pr-pr202-camicia-popeline-cotone-poliestere-pr202-1628\/lime-1687\/","sv":"\/sv\/p-pr-pr202-popelin-skjorta-av-bomull-polyester-pr202-1628\/lime-1687\/","pt":"\/pt\/p-pr-pr202-camisa-de-popelina-algodao-poliester-pr202-1628\/lime-1687\/","da":"\/da\/p-pr-pr202-popeline-bluse-af-bomuld-polyester-pr202-1628\/lime-1687\/","pl":"\/pl\/p-pr-pr202-koszula-popeline-bawelna-poliester-pr202-1628\/lime-1687\/"},"page_links_customization":{"fr":"\/fr\/p-pr-pr202-chemise-poppelina-manches-courtes-pr202-personnalisation-1628\/lime-1687\/custom\/","en":"\/en\/p-pr-pr202-short-sleeved-poppelina-shirt-pr202-customization-1628\/lime-1687\/custom\/","de":"\/de\/p-pr-pr202-kurzarmhemd-poppelina-pr202-individualisierung-1628\/lime-1687\/custom\/","nl":"\/nl\/p-pr-pr202-hem-poppelina-korte-mouwen-pr202-personalisatie-1628\/lime-1687\/custom\/","es":"\/es\/p-pr-pr202-camisa-de-poppelina-mangas-cortas-pr202-personalizacion-1628\/lime-1687\/custom\/","it":"\/it\/p-pr-pr202-camicia-poppelina-maniche-corte-pr202-personalizzazione-1628\/lime-1687\/custom\/","sv":"\/sv\/p-pr-pr202-kemiska-poppelina-korta-armar-pr202-personalisering-1628\/lime-1687\/custom\/","pt":"\/pt\/p-pr-pr202-camisa-poppelina-mangas-curtas-pr202-personalizacao-1628\/lime-1687\/custom\/","da":"\/da\/p-pr-pr202-chemise-poppelina-mancher-kort-pr202-personliggorelse-1628\/lime-1687\/custom\/","pl":"\/pl\/p-pr-pr202-koszulka-z-popeliny-na-krotkie-rekawy-pr202-personalizacja-1628\/lime-1687\/custom\/"}},{"id":1712,"name":"natural","class_ids":[8],"codes_hexa":["fff1c2"],"delai_24":false,"has_3d":false,"seuil_global":0,"stock_local":0,"stock_global":0,"on_standby":true,"in_catalog":false,"images":{"miniature":["https:\/\/media.th4.com\/C1w0ngke6_sc_2o0MITxxiX0Itwjzr69o685wgHa2SE\/pr:80\/aHR0cDovL21lZGlhMi5kZXNpZ25wYXJ0bmVyLmZyL2MvcC8xNjI4LzE2MjgtMTcxMi0xLmpwZw?v=1726745675"],"medium":["https:\/\/media.th4.com\/Hv4MeiCBw86YXmraI_9poMrU7kaFa1pnljw5UKQAE70\/pr:550x550\/aHR0cDovL21lZGlhMi5kZXNpZ25wYXJ0bmVyLmZyL2MvcC8xNjI4LzE2MjgtMTcxMi0xLmpwZw?v=1726745675"],"medium_large":["https:\/\/media.th4.com\/fU8y3vDmfFQ6xDE8cwrmhumb7Rvk2-3EHObFJaBVhnE\/pr:1000x1000\/aHR0cDovL21lZGlhMi5kZXNpZ25wYXJ0bmVyLmZyL2MvcC8xNjI4LzE2MjgtMTcxMi0xLmpwZw?v=1726745675"],"large":["https:\/\/media.th4.com\/8nOySlUAbVQpJ5ZAa2NN2WeH6K6Bgek4OJlngABPcTQ\/pr:1920\/aHR0cDovL21lZGlhMi5kZXNpZ25wYXJ0bmVyLmZyL2MvcC8xNjI4LzE2MjgtMTcxMi0xLmpwZw?v=1726745675"],"opengraph":["https:\/\/media.th4.com\/VTATzginulxFXgjWoeyXBry-EHRC6CtGyMDfAh3yRhw\/pr:1200x630\/aHR0cDovL21lZGlhMi5kZXNpZ25wYXJ0bmVyLmZyL2MvcC8xNjI4LzE2MjgtMTcxMi0xLmpwZw?v=1726745675"]},"images_customization":{"miniature":["https:\/\/media.th4.com\/72gQwn1DSvnuJrxFdv42YxguFmOddxCVz_iq6VxJBwc\/pr:80\/aHR0cDovL21lZGlhMi5kZXNpZ25wYXJ0bmVyLmZyL2MvcC1zaG9wcGluZy1jdXN0b20tVEgvMTYyOC8xNjI4LTE3MTItMS5qcGc?v=1737557225"],"medium":["https:\/\/media.th4.com\/b9C-BatIXxCmvoD-np-6Eav3NdFOUuwk2HlpIM9IIVg\/pr:550x550\/aHR0cDovL21lZGlhMi5kZXNpZ25wYXJ0bmVyLmZyL2MvcC1zaG9wcGluZy1jdXN0b20tVEgvMTYyOC8xNjI4LTE3MTItMS5qcGc?v=1737557225"],"medium_large":["https:\/\/media.th4.com\/9GrmfkHSMI4fizFCAry5crAAY5XJczzMmbq6CuonQ7M\/pr:1000x1000\/aHR0cDovL21lZGlhMi5kZXNpZ25wYXJ0bmVyLmZyL2MvcC1zaG9wcGluZy1jdXN0b20tVEgvMTYyOC8xNjI4LTE3MTItMS5qcGc?v=1737557225"],"large":["https:\/\/media.th4.com\/07WLxVppZgD-zjspSx3Qp0ZOkBEv87BP36KUGxdjC0Q\/pr:1920\/aHR0cDovL21lZGlhMi5kZXNpZ25wYXJ0bmVyLmZyL2MvcC1zaG9wcGluZy1jdXN0b20tVEgvMTYyOC8xNjI4LTE3MTItMS5qcGc?v=1737557225"],"opengraph":["https:\/\/media.th4.com\/ubZLCRA6Vor6UVGNMRMQIOp_Cry4ECsLbxJ9sFOqNEg\/pr:1200x630\/aHR0cDovL21lZGlhMi5kZXNpZ25wYXJ0bmVyLmZyL2MvcC1zaG9wcGluZy1jdXN0b20tVEgvMTYyOC8xNjI4LTE3MTItMS5qcGc?v=1737557225"]},"country_origin":"BD","traceability":{"manufacturing_country_id":null,"weaving_country_id":null,"dyeing_country_id":null},"sizes":[],"page_links":{"fr":"\/fr\/p-pr-pr202-chemise-popeline-coton-polyester-pr202-1628\/natural-1712\/","en":"\/en\/p-pr-pr202-poplin-cotton-polyester-pr202-shirt-1628\/natural-1712\/","de":"\/de\/p-pr-pr202-popeline-hemd-baumwolle-polyester-pr202-1628\/natural-1712\/","nl":"\/nl\/p-pr-pr202-popeline-katoen-polyester-hemd-pr202-1628\/natural-1712\/","es":"\/es\/p-pr-pr202-camisa-popelina-de-algodon-y-poliester-pr202-1628\/natural-1712\/","it":"\/it\/p-pr-pr202-camicia-popeline-cotone-poliestere-pr202-1628\/natural-1712\/","sv":"\/sv\/p-pr-pr202-popelin-skjorta-av-bomull-polyester-pr202-1628\/natural-1712\/","pt":"\/pt\/p-pr-pr202-camisa-de-popelina-algodao-poliester-pr202-1628\/natural-1712\/","da":"\/da\/p-pr-pr202-popeline-bluse-af-bomuld-polyester-pr202-1628\/natural-1712\/","pl":"\/pl\/p-pr-pr202-koszula-popeline-bawelna-poliester-pr202-1628\/natural-1712\/"},"page_links_customization":{"fr":"\/fr\/p-pr-pr202-chemise-poppelina-manches-courtes-pr202-personnalisation-1628\/natural-1712\/custom\/","en":"\/en\/p-pr-pr202-short-sleeved-poppelina-shirt-pr202-customization-1628\/natural-1712\/custom\/","de":"\/de\/p-pr-pr202-kurzarmhemd-poppelina-pr202-individualisierung-1628\/natural-1712\/custom\/","nl":"\/nl\/p-pr-pr202-hem-poppelina-korte-mouwen-pr202-personalisatie-1628\/natural-1712\/custom\/","es":"\/es\/p-pr-pr202-camisa-de-poppelina-mangas-cortas-pr202-personalizacion-1628\/natural-1712\/custom\/","it":"\/it\/p-pr-pr202-camicia-poppelina-maniche-corte-pr202-personalizzazione-1628\/natural-1712\/custom\/","sv":"\/sv\/p-pr-pr202-kemiska-poppelina-korta-armar-pr202-personalisering-1628\/natural-1712\/custom\/","pt":"\/pt\/p-pr-pr202-camisa-poppelina-mangas-curtas-pr202-personalizacao-1628\/natural-1712\/custom\/","da":"\/da\/p-pr-pr202-chemise-poppelina-mancher-kort-pr202-personliggorelse-1628\/natural-1712\/custom\/","pl":"\/pl\/p-pr-pr202-koszulka-z-popeliny-na-krotkie-rekawy-pr202-personalizacja-1628\/natural-1712\/custom\/"}},{"id":1690,"name":"orange","class_ids":[9],"codes_hexa":["ec6901"],"delai_24":false,"has_3d":false,"seuil_global":0,"stock_local":0,"stock_global":0,"on_standby":true,"in_catalog":false,"images":{"miniature":["https:\/\/media.th4.com\/NbVQBNgR2ihPh6RUy-3T1XNTwEjU_v_9E2fB1qqRIUI\/pr:80\/aHR0cDovL21lZGlhMi5kZXNpZ25wYXJ0bmVyLmZyL2MvcC8xNjI4LzE2MjgtMTY5MC0xLmpwZw?v=1610040348"],"medium":["https:\/\/media.th4.com\/gBDEDh--01UglHh_Mk32dVLokpSpScKLvV49Vgqgy9M\/pr:550x550\/aHR0cDovL21lZGlhMi5kZXNpZ25wYXJ0bmVyLmZyL2MvcC8xNjI4LzE2MjgtMTY5MC0xLmpwZw?v=1610040348"],"medium_large":["https:\/\/media.th4.com\/tK0jRdb4IGOaPYYdW-blunYyaoNe87B3EQkk8-M89Ng\/pr:1000x1000\/aHR0cDovL21lZGlhMi5kZXNpZ25wYXJ0bmVyLmZyL2MvcC8xNjI4LzE2MjgtMTY5MC0xLmpwZw?v=1610040348"],"large":["https:\/\/media.th4.com\/xeCPJazDgtp6qdoYCS4cDRl_x2RRW9kwkkEzB6mOLIQ\/pr:1920\/aHR0cDovL21lZGlhMi5kZXNpZ25wYXJ0bmVyLmZyL2MvcC8xNjI4LzE2MjgtMTY5MC0xLmpwZw?v=1610040348"],"opengraph":["https:\/\/media.th4.com\/SZSLdSMKjuOGIeCa8txrQSEKHJ2YgNWsrV7XyD0fyZY\/pr:1200x630\/aHR0cDovL21lZGlhMi5kZXNpZ25wYXJ0bmVyLmZyL2MvcC8xNjI4LzE2MjgtMTY5MC0xLmpwZw?v=1610040348"]},"images_customization":{"miniature":["https:\/\/media.th4.com\/NbVQBNgR2ihPh6RUy-3T1XNTwEjU_v_9E2fB1qqRIUI\/pr:80\/aHR0cDovL21lZGlhMi5kZXNpZ25wYXJ0bmVyLmZyL2MvcC8xNjI4LzE2MjgtMTY5MC0xLmpwZw?v=1610040348"],"medium":["https:\/\/media.th4.com\/gBDEDh--01UglHh_Mk32dVLokpSpScKLvV49Vgqgy9M\/pr:550x550\/aHR0cDovL21lZGlhMi5kZXNpZ25wYXJ0bmVyLmZyL2MvcC8xNjI4LzE2MjgtMTY5MC0xLmpwZw?v=1610040348"],"medium_large":["https:\/\/media.th4.com\/tK0jRdb4IGOaPYYdW-blunYyaoNe87B3EQkk8-M89Ng\/pr:1000x1000\/aHR0cDovL21lZGlhMi5kZXNpZ25wYXJ0bmVyLmZyL2MvcC8xNjI4LzE2MjgtMTY5MC0xLmpwZw?v=1610040348"],"large":["https:\/\/media.th4.com\/xeCPJazDgtp6qdoYCS4cDRl_x2RRW9kwkkEzB6mOLIQ\/pr:1920\/aHR0cDovL21lZGlhMi5kZXNpZ25wYXJ0bmVyLmZyL2MvcC8xNjI4LzE2MjgtMTY5MC0xLmpwZw?v=1610040348"],"opengraph":["https:\/\/media.th4.com\/SZSLdSMKjuOGIeCa8txrQSEKHJ2YgNWsrV7XyD0fyZY\/pr:1200x630\/aHR0cDovL21lZGlhMi5kZXNpZ25wYXJ0bmVyLmZyL2MvcC8xNjI4LzE2MjgtMTY5MC0xLmpwZw?v=1610040348"]},"country_origin":"BD","traceability":{"manufacturing_country_id":null,"weaving_country_id":null,"dyeing_country_id":null},"sizes":[],"page_links":{"fr":"\/fr\/p-pr-pr202-chemise-popeline-coton-polyester-pr202-1628\/orange-1690\/","en":"\/en\/p-pr-pr202-poplin-cotton-polyester-pr202-shirt-1628\/orange-1690\/","de":"\/de\/p-pr-pr202-popeline-hemd-baumwolle-polyester-pr202-1628\/orange-1690\/","nl":"\/nl\/p-pr-pr202-popeline-katoen-polyester-hemd-pr202-1628\/orange-1690\/","es":"\/es\/p-pr-pr202-camisa-popelina-de-algodon-y-poliester-pr202-1628\/orange-1690\/","it":"\/it\/p-pr-pr202-camicia-popeline-cotone-poliestere-pr202-1628\/orange-1690\/","sv":"\/sv\/p-pr-pr202-popelin-skjorta-av-bomull-polyester-pr202-1628\/orange-1690\/","pt":"\/pt\/p-pr-pr202-camisa-de-popelina-algodao-poliester-pr202-1628\/orange-1690\/","da":"\/da\/p-pr-pr202-popeline-bluse-af-bomuld-polyester-pr202-1628\/orange-1690\/","pl":"\/pl\/p-pr-pr202-koszula-popeline-bawelna-poliester-pr202-1628\/orange-1690\/"},"page_links_customization":{"fr":"\/fr\/p-pr-pr202-chemise-poppelina-manches-courtes-pr202-personnalisation-1628\/orange-1690\/custom\/","en":"\/en\/p-pr-pr202-short-sleeved-poppelina-shirt-pr202-customization-1628\/orange-1690\/custom\/","de":"\/de\/p-pr-pr202-kurzarmhemd-poppelina-pr202-individualisierung-1628\/orange-1690\/custom\/","nl":"\/nl\/p-pr-pr202-hem-poppelina-korte-mouwen-pr202-personalisatie-1628\/orange-1690\/custom\/","es":"\/es\/p-pr-pr202-camisa-de-poppelina-mangas-cortas-pr202-personalizacion-1628\/orange-1690\/custom\/","it":"\/it\/p-pr-pr202-camicia-poppelina-maniche-corte-pr202-personalizzazione-1628\/orange-1690\/custom\/","sv":"\/sv\/p-pr-pr202-kemiska-poppelina-korta-armar-pr202-personalisering-1628\/orange-1690\/custom\/","pt":"\/pt\/p-pr-pr202-camisa-poppelina-mangas-curtas-pr202-personalizacao-1628\/orange-1690\/custom\/","da":"\/da\/p-pr-pr202-chemise-poppelina-mancher-kort-pr202-personliggorelse-1628\/orange-1690\/custom\/","pl":"\/pl\/p-pr-pr202-koszulka-z-popeliny-na-krotkie-rekawy-pr202-personalizacja-1628\/orange-1690\/custom\/"}},{"id":1717,"name":"sunflower","class_ids":[12],"codes_hexa":["fcc245"],"delai_24":false,"has_3d":false,"seuil_global":0,"stock_local":0,"stock_global":0,"on_standby":true,"in_catalog":false,"images":{"miniature":["https:\/\/media.th4.com\/Pfcl9HzA3YNUn3p_Eb8RxBkHNhOPDHm9kVL2MuhUicM\/pr:80\/aHR0cDovL21lZGlhMi5kZXNpZ25wYXJ0bmVyLmZyL2MvcC8xNjI4LzE2MjgtMTcxNy0xLmpwZw?v=1610040345"],"medium":["https:\/\/media.th4.com\/EY3L-MaXRko0x5azf0y5FtjhHnjMlxCrpFVZltK2NPw\/pr:550x550\/aHR0cDovL21lZGlhMi5kZXNpZ25wYXJ0bmVyLmZyL2MvcC8xNjI4LzE2MjgtMTcxNy0xLmpwZw?v=1610040345"],"medium_large":["https:\/\/media.th4.com\/YS4LhdCDJVq3sbmjLX8z2YXWF5UCcs6W2Vo1U_xIhiU\/pr:1000x1000\/aHR0cDovL21lZGlhMi5kZXNpZ25wYXJ0bmVyLmZyL2MvcC8xNjI4LzE2MjgtMTcxNy0xLmpwZw?v=1610040345"],"large":["https:\/\/media.th4.com\/Eha_NPrnV-8pb6AZJcvmW1QEWg4ClRQjL3ELjSRRBNg\/pr:1920\/aHR0cDovL21lZGlhMi5kZXNpZ25wYXJ0bmVyLmZyL2MvcC8xNjI4LzE2MjgtMTcxNy0xLmpwZw?v=1610040345"],"opengraph":["https:\/\/media.th4.com\/AG260toxK882kX_4koVDQ-KFemEoY_341rx93LE10Fo\/pr:1200x630\/aHR0cDovL21lZGlhMi5kZXNpZ25wYXJ0bmVyLmZyL2MvcC8xNjI4LzE2MjgtMTcxNy0xLmpwZw?v=1610040345"]},"images_customization":{"miniature":["https:\/\/media.th4.com\/Pfcl9HzA3YNUn3p_Eb8RxBkHNhOPDHm9kVL2MuhUicM\/pr:80\/aHR0cDovL21lZGlhMi5kZXNpZ25wYXJ0bmVyLmZyL2MvcC8xNjI4LzE2MjgtMTcxNy0xLmpwZw?v=1610040345"],"medium":["https:\/\/media.th4.com\/EY3L-MaXRko0x5azf0y5FtjhHnjMlxCrpFVZltK2NPw\/pr:550x550\/aHR0cDovL21lZGlhMi5kZXNpZ25wYXJ0bmVyLmZyL2MvcC8xNjI4LzE2MjgtMTcxNy0xLmpwZw?v=1610040345"],"medium_large":["https:\/\/media.th4.com\/YS4LhdCDJVq3sbmjLX8z2YXWF5UCcs6W2Vo1U_xIhiU\/pr:1000x1000\/aHR0cDovL21lZGlhMi5kZXNpZ25wYXJ0bmVyLmZyL2MvcC8xNjI4LzE2MjgtMTcxNy0xLmpwZw?v=1610040345"],"large":["https:\/\/media.th4.com\/Eha_NPrnV-8pb6AZJcvmW1QEWg4ClRQjL3ELjSRRBNg\/pr:1920\/aHR0cDovL21lZGlhMi5kZXNpZ25wYXJ0bmVyLmZyL2MvcC8xNjI4LzE2MjgtMTcxNy0xLmpwZw?v=1610040345"],"opengraph":["https:\/\/media.th4.com\/AG260toxK882kX_4koVDQ-KFemEoY_341rx93LE10Fo\/pr:1200x630\/aHR0cDovL21lZGlhMi5kZXNpZ25wYXJ0bmVyLmZyL2MvcC8xNjI4LzE2MjgtMTcxNy0xLmpwZw?v=1610040345"]},"country_origin":"BD","traceability":{"manufacturing_country_id":null,"weaving_country_id":null,"dyeing_country_id":null},"sizes":[],"page_links":{"fr":"\/fr\/p-pr-pr202-chemise-popeline-coton-polyester-pr202-1628\/sunflower-1717\/","en":"\/en\/p-pr-pr202-poplin-cotton-polyester-pr202-shirt-1628\/sunflower-1717\/","de":"\/de\/p-pr-pr202-popeline-hemd-baumwolle-polyester-pr202-1628\/sunflower-1717\/","nl":"\/nl\/p-pr-pr202-popeline-katoen-polyester-hemd-pr202-1628\/sunflower-1717\/","es":"\/es\/p-pr-pr202-camisa-popelina-de-algodon-y-poliester-pr202-1628\/sunflower-1717\/","it":"\/it\/p-pr-pr202-camicia-popeline-cotone-poliestere-pr202-1628\/sunflower-1717\/","sv":"\/sv\/p-pr-pr202-popelin-skjorta-av-bomull-polyester-pr202-1628\/sunflower-1717\/","pt":"\/pt\/p-pr-pr202-camisa-de-popelina-algodao-poliester-pr202-1628\/sunflower-1717\/","da":"\/da\/p-pr-pr202-popeline-bluse-af-bomuld-polyester-pr202-1628\/sunflower-1717\/","pl":"\/pl\/p-pr-pr202-koszula-popeline-bawelna-poliester-pr202-1628\/sunflower-1717\/"},"page_links_customization":{"fr":"\/fr\/p-pr-pr202-chemise-poppelina-manches-courtes-pr202-personnalisation-1628\/sunflower-1717\/custom\/","en":"\/en\/p-pr-pr202-short-sleeved-poppelina-shirt-pr202-customization-1628\/sunflower-1717\/custom\/","de":"\/de\/p-pr-pr202-kurzarmhemd-poppelina-pr202-individualisierung-1628\/sunflower-1717\/custom\/","nl":"\/nl\/p-pr-pr202-hem-poppelina-korte-mouwen-pr202-personalisatie-1628\/sunflower-1717\/custom\/","es":"\/es\/p-pr-pr202-camisa-de-poppelina-mangas-cortas-pr202-personalizacion-1628\/sunflower-1717\/custom\/","it":"\/it\/p-pr-pr202-camicia-poppelina-maniche-corte-pr202-personalizzazione-1628\/sunflower-1717\/custom\/","sv":"\/sv\/p-pr-pr202-kemiska-poppelina-korta-armar-pr202-personalisering-1628\/sunflower-1717\/custom\/","pt":"\/pt\/p-pr-pr202-camisa-poppelina-mangas-curtas-pr202-personalizacao-1628\/sunflower-1717\/custom\/","da":"\/da\/p-pr-pr202-chemise-poppelina-mancher-kort-pr202-personliggorelse-1628\/sunflower-1717\/custom\/","pl":"\/pl\/p-pr-pr202-koszulka-z-popeliny-na-krotkie-rekawy-pr202-personalizacja-1628\/sunflower-1717\/custom\/"}},{"id":19150,"name":"aubergine","class_ids":[10],"codes_hexa":["4f2037"],"delai_24":false,"has_3d":false,"seuil_global":0,"stock_local":0,"stock_global":0,"on_standby":true,"in_catalog":false,"images":{"miniature":["https:\/\/media.th4.com\/lvdmab-99iay7AhJBVTwh-uoSGMLwwCmWkj-UnTAKuc\/pr:80\/aHR0cDovL21lZGlhMi5kZXNpZ25wYXJ0bmVyLmZyL2MvcC8xNjI4LzE2MjgtMTkxNTAtMS5qcGc?v=1726745676"],"medium":["https:\/\/media.th4.com\/hw9q9PnsogdL7HwFKqyRwLWXINcRAw-ZUh7gV2U6Jm8\/pr:550x550\/aHR0cDovL21lZGlhMi5kZXNpZ25wYXJ0bmVyLmZyL2MvcC8xNjI4LzE2MjgtMTkxNTAtMS5qcGc?v=1726745676"],"medium_large":["https:\/\/media.th4.com\/tgPXprObBwlzUfS9S6hf00Ty9PuC-ErixxcIPq5IN7I\/pr:1000x1000\/aHR0cDovL21lZGlhMi5kZXNpZ25wYXJ0bmVyLmZyL2MvcC8xNjI4LzE2MjgtMTkxNTAtMS5qcGc?v=1726745676"],"large":["https:\/\/media.th4.com\/UyQFuJt99vnEfwPZfTqgcUhW3USutCl1AEITQSe4ZnA\/pr:1920\/aHR0cDovL21lZGlhMi5kZXNpZ25wYXJ0bmVyLmZyL2MvcC8xNjI4LzE2MjgtMTkxNTAtMS5qcGc?v=1726745676"],"opengraph":["https:\/\/media.th4.com\/XhW0cBcvaFQl80WSkw464OGhXzHOO2zJe-oNQjo69d8\/pr:1200x630\/aHR0cDovL21lZGlhMi5kZXNpZ25wYXJ0bmVyLmZyL2MvcC8xNjI4LzE2MjgtMTkxNTAtMS5qcGc?v=1726745676"]},"images_customization":{"miniature":["https:\/\/media.th4.com\/osqtYZwqkK_qklgpIqdYfG5VGIyCuoMM3M2fecDXsnQ\/pr:80\/aHR0cDovL21lZGlhMi5kZXNpZ25wYXJ0bmVyLmZyL2MvcC1zaG9wcGluZy1jdXN0b20tVEgvMTYyOC8xNjI4LTE5MTUwLTEuanBn?v=1737557225"],"medium":["https:\/\/media.th4.com\/LnuM2w2Y9ba9qe4aEiYHchSsUamjRjwfhQDDhRz5aBA\/pr:550x550\/aHR0cDovL21lZGlhMi5kZXNpZ25wYXJ0bmVyLmZyL2MvcC1zaG9wcGluZy1jdXN0b20tVEgvMTYyOC8xNjI4LTE5MTUwLTEuanBn?v=1737557225"],"medium_large":["https:\/\/media.th4.com\/kHIu0CIQB9c0MQg0fedVmXqMpgfygrAQJng6raeN5FE\/pr:1000x1000\/aHR0cDovL21lZGlhMi5kZXNpZ25wYXJ0bmVyLmZyL2MvcC1zaG9wcGluZy1jdXN0b20tVEgvMTYyOC8xNjI4LTE5MTUwLTEuanBn?v=1737557225"],"large":["https:\/\/media.th4.com\/PkukYwSq_xSLdJSllRFBR8BwIhZ8gHEcPPpkYWskl7I\/pr:1920\/aHR0cDovL21lZGlhMi5kZXNpZ25wYXJ0bmVyLmZyL2MvcC1zaG9wcGluZy1jdXN0b20tVEgvMTYyOC8xNjI4LTE5MTUwLTEuanBn?v=1737557225"],"opengraph":["https:\/\/media.th4.com\/rkuX1xsL5zW-9NWBhXgsXliFx0aB-uIR2dgA1d6Yj3k\/pr:1200x630\/aHR0cDovL21lZGlhMi5kZXNpZ25wYXJ0bmVyLmZyL2MvcC1zaG9wcGluZy1jdXN0b20tVEgvMTYyOC8xNjI4LTE5MTUwLTEuanBn?v=1737557225"]},"country_origin":"BD","traceability":{"manufacturing_country_id":null,"weaving_country_id":null,"dyeing_country_id":null},"sizes":[],"page_links":{"fr":"\/fr\/p-pr-pr202-chemise-popeline-coton-polyester-pr202-1628\/aubergine-19150\/","en":"\/en\/p-pr-pr202-poplin-cotton-polyester-pr202-shirt-1628\/aubergine-19150\/","de":"\/de\/p-pr-pr202-popeline-hemd-baumwolle-polyester-pr202-1628\/aubergine-19150\/","nl":"\/nl\/p-pr-pr202-popeline-katoen-polyester-hemd-pr202-1628\/aubergine-19150\/","es":"\/es\/p-pr-pr202-camisa-popelina-de-algodon-y-poliester-pr202-1628\/aubergine-19150\/","it":"\/it\/p-pr-pr202-camicia-popeline-cotone-poliestere-pr202-1628\/aubergine-19150\/","sv":"\/sv\/p-pr-pr202-popelin-skjorta-av-bomull-polyester-pr202-1628\/aubergine-19150\/","pt":"\/pt\/p-pr-pr202-camisa-de-popelina-algodao-poliester-pr202-1628\/aubergine-19150\/","da":"\/da\/p-pr-pr202-popeline-bluse-af-bomuld-polyester-pr202-1628\/aubergine-19150\/","pl":"\/pl\/p-pr-pr202-koszula-popeline-bawelna-poliester-pr202-1628\/aubergine-19150\/"},"page_links_customization":{"fr":"\/fr\/p-pr-pr202-chemise-poppelina-manches-courtes-pr202-personnalisation-1628\/aubergine-19150\/custom\/","en":"\/en\/p-pr-pr202-short-sleeved-poppelina-shirt-pr202-customization-1628\/aubergine-19150\/custom\/","de":"\/de\/p-pr-pr202-kurzarmhemd-poppelina-pr202-individualisierung-1628\/aubergine-19150\/custom\/","nl":"\/nl\/p-pr-pr202-hem-poppelina-korte-mouwen-pr202-personalisatie-1628\/aubergine-19150\/custom\/","es":"\/es\/p-pr-pr202-camisa-de-poppelina-mangas-cortas-pr202-personalizacion-1628\/aubergine-19150\/custom\/","it":"\/it\/p-pr-pr202-camicia-poppelina-maniche-corte-pr202-personalizzazione-1628\/aubergine-19150\/custom\/","sv":"\/sv\/p-pr-pr202-kemiska-poppelina-korta-armar-pr202-personalisering-1628\/aubergine-19150\/custom\/","pt":"\/pt\/p-pr-pr202-camisa-poppelina-mangas-curtas-pr202-personalizacao-1628\/aubergine-19150\/custom\/","da":"\/da\/p-pr-pr202-chemise-poppelina-mancher-kort-pr202-personliggorelse-1628\/aubergine-19150\/custom\/","pl":"\/pl\/p-pr-pr202-koszulka-z-popeliny-na-krotkie-rekawy-pr202-personalizacja-1628\/aubergine-19150\/custom\/"}}],"documentation_link":"\/pdf\/1628.pdf","countries_availables":["AD","AE","AL","AT","BA","BD","BE","BG","BL","CA","CH","CN","CO","CY","CZ","DE","DK","DO","EE","EG","ES","ET","FI","FR","GB","GE","GF","GP","GR","GT","HK","HN","HR","HT","HU","ID","IE","IN","IS","IT","JO","JP","KE","KH","KP","KR","LA","LK","LS","LT","LU","LV","MA","MF","MG","MK","MM","MN","MQ","MT","MX","MY","NC","NI","NL","PF","PH","PK","PL","PM","PT","RE","RO","SE","SG","SI","SK","SV","SY","TH","TN","TR","TW","TZ","US","VN","WF","YT"]},"infos_customization":[],"features":{"authorize_multi_surfaces":true,"display_order_delay_type":true,"promote_surface_display":true,"tarification_franco_offert":true,"enabled_3d_editor":false},"markings":[{"id":0,"nom":"vierge","finition":null,"libelle":null,"code":null,"dpi":null,"finesse_forme_isolee":null,"finesse_forme_non_isolee":null,"hauteur_minimale_texte":null,"inactif":0,"marquage_interne":1,"quantite_min":null,"parent_id":null,"print_on_support":0,"content":"vierge","description":null},{"id":2,"nom":"fonce","finition":"optimale","libelle":"TopQuadri","code":null,"dpi":400,"finesse_forme_isolee":"0.040","finesse_forme_non_isolee":"0.700","hauteur_minimale_texte":2,"inactif":0,"marquage_interne":1,"quantite_min":null,"parent_id":18,"print_on_support":0,"content":"TopQuadri","description":"pour petites et moyennes s\u00e9ries"},{"id":3,"nom":"serigraphie","finition":"serigraphie","libelle":"SeriCoat","code":null,"dpi":400,"finesse_forme_isolee":"0.040","finesse_forme_non_isolee":"0.700","hauteur_minimale_texte":2,"inactif":0,"marquage_interne":1,"quantite_min":15,"parent_id":18,"print_on_support":0,"content":"SeriCoat","description":"pour moyennes et grandes s\u00e9ries"},{"id":4,"nom":"broderie","finition":"broderie","libelle":"Broderie","code":null,"dpi":400,"finesse_forme_isolee":"0.040","finesse_forme_non_isolee":"0.700","hauteur_minimale_texte":3,"inactif":0,"marquage_interne":1,"quantite_min":null,"parent_id":null,"print_on_support":0,"content":"Broderie","description":null},{"id":8,"nom":"theme","finition":null,"libelle":"Th\u00e8me","code":null,"dpi":null,"finesse_forme_isolee":null,"finesse_forme_non_isolee":null,"hauteur_minimale_texte":null,"inactif":0,"marquage_interne":1,"quantite_min":null,"parent_id":null,"print_on_support":0,"content":"Th\u00e8me","description":null},{"id":9,"nom":"sans","finition":null,"libelle":null,"code":null,"dpi":null,"finesse_forme_isolee":null,"finesse_forme_non_isolee":null,"hauteur_minimale_texte":null,"inactif":0,"marquage_interne":1,"quantite_min":null,"parent_id":null,"print_on_support":0,"content":"sans","description":null},{"id":10,"nom":"photo","finition":null,"libelle":"Photo","code":null,"dpi":null,"finesse_forme_isolee":null,"finesse_forme_non_isolee":null,"hauteur_minimale_texte":null,"inactif":0,"marquage_interne":1,"quantite_min":null,"parent_id":null,"print_on_support":0,"content":"Photo","description":null},{"id":14,"nom":"couleur","finition":null,"libelle":"Couleur","code":null,"dpi":null,"finesse_forme_isolee":null,"finesse_forme_non_isolee":null,"hauteur_minimale_texte":null,"inactif":0,"marquage_interne":1,"quantite_min":null,"parent_id":null,"print_on_support":0,"content":"Couleur","description":null},{"id":15,"nom":"sublimation","finition":"sublimation","libelle":"Sublimation","code":null,"dpi":null,"finesse_forme_isolee":"0.000","finesse_forme_non_isolee":"0.000","hauteur_minimale_texte":2,"inactif":0,"marquage_interne":1,"quantite_min":null,"parent_id":null,"print_on_support":0,"content":"Sublimation","description":null},{"id":16,"nom":"topquadri_uv","finition":null,"libelle":"TopQuadri UV","code":null,"dpi":null,"finesse_forme_isolee":"0.020","finesse_forme_non_isolee":"0.700","hauteur_minimale_texte":2,"inactif":0,"marquage_interne":1,"quantite_min":null,"parent_id":null,"print_on_support":1,"content":null,"description":null},{"id":17,"nom":"topquadri_uvp","finition":null,"libelle":"TopQuadri UVP","code":null,"dpi":null,"finesse_forme_isolee":"0.020","finesse_forme_non_isolee":"0.700","hauteur_minimale_texte":2,"inactif":0,"marquage_interne":1,"quantite_min":null,"parent_id":null,"print_on_support":1,"content":null,"description":null},{"id":18,"nom":"quadri","finition":null,"libelle":"Impression","code":null,"dpi":null,"finesse_forme_isolee":null,"finesse_forme_non_isolee":null,"hauteur_minimale_texte":null,"inactif":0,"marquage_interne":1,"quantite_min":null,"parent_id":null,"print_on_support":0,"content":null,"description":null}]}}