{"data":{"product":{"id":15753,"titre":"PARDELA","description":"N\u00e9cessaire de toilette en polyester avec zip et anse de transport. Dimensions : 20 x 9 ,8 x 8 ,3 cm. Composition : 100 % polyester.","genre":"","grammage":0,"conditionnement":200,"composition":"polyester,polyester_uniquement","reference":"BO7513","reference_visible":"st-bo7513","reference_fabricant":"BO7513","ref_xor":"748492","in_catalog":true,"is_transfer":false,"is_service":false,"on_standby":false,"has_3d":false,"has_size_guide":false,"has_marking":true,"has_vierge":true,"is_cross_sellable":false,"id_picto":82,"filename_3d":null,"brand":{"id":352,"name":"Stamina","logo":"logo-stamina.png","image":"https:\/\/media.th4.com\/XtszMrhN4PSlQT4v0dBJBG2A1qMsj6Ced58O9G8vaL8\/pr:brand70x70\/aHR0cDovL21lZGlhMi5kZXNpZ25wYXJ0bmVyLmZyL2MvbS9sb2dvLXN0YW1pbmEucG5n?v=1691073931"},"price_infos":{"price_from":1.91,"quantity":100,"color":{"id":17584,"name":"noir"},"size":{"id":42,"name":"taille_unique"}},"price_infos_marking":{"price_from":4.65,"quantity":350,"color":{"id":17584,"name":"noir"},"size":{"id":42,"name":"taille_unique"},"marking":{"id":2,"name":""},"emplacement":"avant","surface_emplacement_id":6596,"surface":"Position centrale"},"i18n":{"blank":{"title":{"fr":"Pardela STAMINA Trousse en polyester 600D bo7513","en":"Pardela STAMINA Polyester 600D pouch bo7513","de":"Pardela STAMINA Tasche aus Polyester 600D bo7513","nl":"Pardela STAMINA Polyester 600D tas bo7513","es":"Mozo de poli\u00e9ster 600D Pardela STAMINA bo7513","it":"Pardela STAMINA Zaino in poliestere 600D bo7513","sv":"Pardela STAMINA p\u00e5se i polyester bo7513","pt":"Pardela STAMINA Bolsa em poli\u00e9ster 600D bo7513","da":"Pardela STAMINA Taskestykke i polyester 600D bo7513","pl":"Pardela STAMINA Torba z poliestru 600D bo7513"},"description":{"fr":"Trousse en polyester 600D avec zip et anse de transport. Dimensions : 20 x 8,3 x 9,8 cm. Cette trousse est con\u00e7ue pour offrir un rangement pratique et s\u00e9curis\u00e9 pour vos articles essentiels. Elle est fabriqu\u00e9e \u00e0 partir de polyester 600D, un mat\u00e9riau durable et r\u00e9sistant \u00e0 l'usure quotidienne.\n\n- Mat\u00e9riau : polyester 600D\n- Dimensions : 20 x 8,3 x 9,8 cm\n- Anse de transport","en":"Polyester 600D pouch with zip and carrying handle. Dimensions : 20 x 8,3 x 9,8 cm. This pouch is designed to provide practical and secure storage for your essential items. It is made from polyester 600D, a durable material that resists everyday wear.\n\n- Material: Polyester 600D \n-Dimensions : 20 x 8,3 x 9,8 cm \n-Carrying handle","de":"Tasche aus Polyester 600D mit Rei\u00dfverschluss und Trageschlaufe. Abmessungen: 20 x 8,3 x 9,8 cm. Diese Tasche ist so konzipiert, dass sie einen praktischen und sicheren Stauraum f\u00fcr Ihre wesentlichen Artikel bietet. Sie wird aus Polyester 600D hergestellt, einem haltbaren Material, das dem t\u00e4glichen Gebrauch standh\u00e4lt.\n\n- Material: Polyester 600D\n- Abmessungen: 20 x 8,3 x 9,8 cm\n- Trageschlaufe","nl":"Polyester 600D tas met zip en transportgreep. Afmetingen: 20 x 8,3 x 9,8 cm. Deze tas is ontworpen voor praktisch en veilig opslaan van uw essenti\u00eble artikelen. Het is gemaakt van polyester 600D, een duurzaam materiaal dat bestand is tegen dagelijks gebruik.\n\n- Materiaal: polyesther 600D\n- Afmetingen: 20 x 8,3 x 9,8 cm\n- Transportgreep","es":"Mozo de poli\u00e9ster 600D con cremallera y asa de transporte. Dimensiones: 20 x 8,3 x 9,8 cm. Este mozo est\u00e1 dise\u00f1ado para ofrecer un almacenamiento pr\u00e1ctico y seguro para sus art\u00edculos esenciales. Est\u00e1 fabricado a partir de poli\u00e9ster 600D, un material duradero y resistente al uso diario.\n\n- Material: poli\u00e9ster 600D\n- Dimensiones: 20 x 8,3 x 9,8 cm\n- Asa de transporte","it":"Zaino in poliestere 600D con zip e maniglia per il trasporto. Dimensioni: 20 x 8,3 x 9,8 cm. Questa zaino \u00e8 progettata per offrire un organizzazione pratica e sicura dei tuoi articoli essenziali. \u00c8 realizzata in poliestere 600D, un materiale durevole e resistente all'usura quotidiana.\n\n- Materiale: poliestere 600D\n- Dimensioni: 20 x 8,3 x 9,8 cm\n- Maniglia per il trasporto","sv":"P\u00e5se i polyester med zip och transporthandtag. M\u00e5tt: 20 x 8,3 x 9,8 cm. Denna p\u00e5se \u00e4r designad f\u00f6r att erbjuda praktiskt och s\u00e4kert f\u00f6rvaring f\u00f6r dina v\u00e4sentliga artiklar. Den tillverkas av polyester, ett h\u00e5llbart material som t\u00e5ler daglig slitage.\n\n- Material: polyester\n- M\u00e5tt: 20 x 8,3 x 9,8 cm\n- Transporthandtag","pt":"Bolsa em poli\u00e9ster 600D com z\u00edper e al\u00e7a de transporte. Dimens\u00f5es: 20 x 8,3 x 9,8 cm. Esta bolsa foi projetada para oferecer armazenamento pr\u00e1tico e seguro para seus itens essenciais. Ela \u00e9 fabricada a partir de poli\u00e9ster 600D, um material dur\u00e1vel e resistente ao uso di\u00e1rio.\n\n - Material: poli\u00e9ster 600D\n - Dimens\u00f5es: 20 x 8,3 x 9,8 cm\n- Al\u00e7a de transporte","da":"Taskestykke i polyester 600D med zip og b\u00e6reh\u00e5ndtag. St\u00f8rrelser: 20 x 8,3 x 9,8 cm. Denne taskestykke er designet til at give praktisk og sikker opbevaring af dine vigtige artikler. Den er fremstillet af polyester 600D, et materiale der er holdbart og modstandsdygtigt over for daglig slitage.\n\n- Materiale: polyester 600D\n- St\u00f8rrelser: 20 x 8,3 x 9,8 cm\n- B\u00e6reh\u00e5ndtag","pl":"Torba z poliestru 600D z zameczkiem i uchwytem do przenoszenia. Wymiary: 20 x 8,3 x 9,8 cm. Ta torba zosta\u0142a zaprojektowana w celu zapewnienia praktycznego i bezpiecznego przechowywania twoich artyku\u0142\u00f3w niezb\u0119dnych. Wykonana jest z poliestru 600D, materia\u0142u trwa\u0142ego i odpornego na codzienne zu\u017cycie.\n\n- Materia\u0142: polister 600D\n-Wymiary: 20 x 8,3 x 9,8 cm\n-Uchwyt do przenoszenia"},"h1":{"fr":"Pardela Trousse en polyester 600D bo7513","en":"Pardela Polyester 600D pouch bo7513","de":"Pardela Tasche aus Polyester 600D bo7513","nl":"Pardela Polyester 600D tas bo7513","es":"Mozo de poli\u00e9ster 600D Pardela bo7513","it":"Pardela Zaino in poliestere 600D bo7513","sv":"Pardela p\u00e5se i polyester bo7513","pt":"Pardela Bolsa em poli\u00e9ster 600D bo7513","da":"Pardela Taskestykke i polyester 600D bo7513","pl":"Pardela Torba z poliestru 600D bo7513"},"meta_description":{"fr":"Trousse en polyester 600D avec zip et anse de transport. Dimensions : 20 x 8,3 x 9,8 cm. Id\u00e9ale pour ranger vos effets personnels.","en":"Polyester 600D pouch with zip and carrying handle. Dimensions: 20 x 8,3 x 9,8 cm. Ideal for storing your personal items.","de":"Tasche aus Polyester 600D mit Rei\u00dfverschluss und Trageschlaufe. Abmessungen: 20 x 8,3 x 9,8 cm. Ideal zum Verstauen Ihrer pers\u00f6nlichen Gegenst\u00e4nde.","nl":"Polyester 600D tas met zip en transportgreep. Afmetingen: 20 x 8,3 x 9,8 cm. Ideaal om je persoonlijke spullen op te bergen.","es":"Mozo de poli\u00e9ster 600D con cremallera y asa de transporte. Dimensiones: 20 x 8,3 x 9,8 cm. Ideal para guardar sus efectos personales.","it":"Zaino in poliestere 600D con zip e maniglia per il trasporto. Dimensioni: 20 x 8,3 x 9,8 cm. Ideale per riporre i tuoi effetti personali.","sv":"P\u00e5se i polyester med zip och transporthandtag. M\u00e5tt: 20 x 8,3 x 9,8 cm. Idealiskt f\u00f6r att f\u00f6rvara dina personliga tillh\u00f6righeter.","pt":"Bolsa em poli\u00e9ster 600D com z\u00edper e al\u00e7a de transporte. Dimens\u00f5es: 20 x 8,3 x 9,8 cm. Ideal para guardar seus pertences.","da":"Taskestykke i polyester 600D med zip og b\u00e6reh\u00e5ndtag. St\u00f8rrelser: 20 x 8,3 x 9,8 cm. Ideel til opbevaring af dine personlige ting.","pl":"Torba z poliestru 600D z zameczkiem i uchwytem do przenoszenia. Wymiary: 20 x 8,3 x 9,8 cm. Idealna do przechowywania swoich rzeczy osobistych."}},"custom":{"title":{"fr":"Pardela Trousse en polyester 600D STAMINA bo7513 personnalisable","en":"Pardela Polyester 600D STAMINA bo7513 Customizable Bag","de":"Pardela Tasche aus Polyester 600D STAMINA bo7513 personalisierbar","nl":"Pardela Tas in polyester 600D STAMINA bo7513 personaliseerbaar","es":"Pardela Bolsa en poli\u00e9ster 600D STAMINA bo7513 personalizable","it":"Pardela Borsa in poliestere 600D STAMINA bo7513 personalizzabile","sv":"Pardela Polyester 600D STAMINA bo7513 anpassningsbar","pt":"Pardela Trousse en polyester 600D STAMINA bo7513 personaliz\u00e1vel","da":"Pardela polyester 600D STAMINA bo7513 tilpasseligt","pl":"Pardela Torba z poliestru 600D STAMINA bo7513 do personalizacji"},"description":{"fr":"Cette trousse en polyester 600D est id\u00e9ale pour ranger vos stylos, crayons et autres fournitures. Elle est dot\u00e9e d'une fermeture \u00e9clair et d'une anse de transport pour un transport facile. Ses dimensions sont de 20 x 8,3 x 9,8 cm. Elle est \u00e9galement personnalisable, ce qui en fait un excellent cadeau d'entreprise ou un support de communication efficace. Vous pouvez y apposer votre logo, un message publicitaire ou tout autre visuel de votre choix.\n\nCaract\u00e9ristiques techniques :\n\n* Composition : polyester 600D\n* Dimensions : 20 x 8,3 x 9,8 cm\n* Fermeture \u00e9clair\n* Anse de transport\n* Possibilit\u00e9 de personnalisation","en":"This polyester 600D bag is ideal for storing pens, pencils, and other stationery. It features a zip closure and a carrying handle for easy transport. Its dimensions are 20 x 8,3 x 9,8 cm. It is also customizable, making it an excellent corporate gift or effective communication tool. You can add your logo, an advertising message, or any other visual of your choice.\n\nTechnical specifications:\n\n* Composition: polyester \n* Dimensions: 20 x 8,3 x 9,8 cm\n* Zip closure\n* Carrying handle\n* Customization option","de":"Diese Tasche aus Polyester 600D ist ideal zum Aufbewahren von Stiften, Bleistiften und anderen Schreibwaren. Sie verf\u00fcgt \u00fcber einen Rei\u00dfverschluss und einen Traggriff f\u00fcr den einfachen Transport. Die Abmessungen betragen 20 x 8,3 x 9,8 cm. Sie kann auch personalisiert werden, was sie zu einem hervorragenden Firmenpr\u00e4sent oder einer effektiven Kommunikationsunterst\u00fctzung macht. Sie k\u00f6nnen Ihr Logo, eine Werbebotschaft oder jede andere gew\u00fcnschte Grafik darauf anbringen.\n\nTechnische Merkmale:\n* Zusammensetzung: Polyester 600D\n* Abmessungen: 20 x 8,3 x 9,8 cm\n* Rei\u00dfverschluss\n* Traggriff\n* Personalisierungsm\u00f6glichkeit","nl":"Deze tas in polyester 600D is ideaal om je pennen, potloden en andere spullen op te bergen. Het heeft een ritssluiting en een handvat voor gemakzame vervoering. De afmetingen zijn 20 x 8,3 x 9,8 cm. Het is ook personaliseerbaar, waardoor het een uitstekend bedrijfscadeau of een effectief communicatiemiddel is. Je kunt je logo, een reclameboodschap of elke andere visuele keuze die je wilt plaatsen.\n\nTechnische specificaties:\n* Samenstelling: polyester 600D\n* Afmetingen: 20 x 8,3 x 9,8 cm\n* Ritssluiting\n* Handvat voor vervoer\n* Mogelijkheid tot personalisatie","es":"Esta bolsa en poli\u00e9ster 600D es ideal para guardar tus bol\u00edgrafos, l\u00e1pices y otros suministros. Est\u00e1 equipada con una cremallera y un asa de transporte para un f\u00e1cil traslado. Sus dimensiones son de 20 x 8,3 x 9,8 cm. Tambi\u00e9n es personalizable, lo que la convierte en un excelente regalo corporativo o en un soporte de comunicaci\u00f3n efectivo. Puedes agregar tu logo, un mensaje publicitario o cualquier otro dise\u00f1o a tu elecci\u00f3n.\n\nCaracter\u00edsticas t\u00e9cnicas:\n\n* Composici\u00f3n: poli\u00e9ster 600D\n* Dimensiones: 20 x 8,3 x 9,8 cm\n* Cremallera\n* Asa de transporte\n* Posibilidad de personalizaci\u00f3n","it":"Questa borsa in poliestere 600D \u00e8 ideale per riporre penne, matite e altre forniture. \u00c8 dotata di una chiusura a zip e di una maniglia di trasporto per un facile trasporto. Le dimensioni sono di 20 x 8,3 x 9,8 cm. \u00c8 anche personalizzabile, il che la rende un eccellente regalo aziendale o un supporto di comunicazione efficace. Puoi apporre il tuo logo, un messaggio pubblicitario o qualsiasi altro visivo a tua scelta.\n\nCaratteristiche tecniche:\n\n* Composizione: poliestere 600D\n* Dimensioni: 20 x 8,3 x 9,8 cm\n* Chiusura a zip\n* Maniglia di trasporto\n* Possibilit\u00e0 di personalizzazione","sv":"Den h\u00e4r p\u00e5sen i polyester \u00e4r idealisk f\u00f6r att rymma pennor, kritor och andra skrivartillbeh\u00f6r. Den har en dragkedja och ett b\u00e4rande handtag f\u00f6r l\u00e4tt transport. M\u00e5tten \u00e4r 20 x 8,3 x 9,8 cm. Dessutom \u00e4r den anpassningsbar, vilket g\u00f6r den till ett utm\u00e4rkt f\u00f6retagspresent eller effektivt kommunikationsverktyg. Du kan s\u00e4tta ditt logga, en reklambudskap eller annat grafiskt material du vill.\n\nTekniska specifikationer :\n\n* Sammans\u00e4ttning : polyester 600D\n* M\u00e5tt : 20 x 8,3 x 9,8 cm\n* Dragkedja\n* B\u00e4rande handtag\n* Anpassningsbar","pt":"Esta trousse em poli\u00e9ster \u00e9 ideal para guardar canetas, l\u00e1pis e outros materiais. Ela possui um z\u00edper e uma al\u00e7a de transporte para f\u00e1cil transporte. Suas dimens\u00f5es s\u00e3o de 20 x 8,3 x 9,8 cm. \u00c9 tamb\u00e9m personaliz\u00e1vel, o que a torna um excelente presente corporativo ou suporte de comunica\u00e7\u00e3o eficaz. Voc\u00ea pode aplicar seu logotipo, uma mensagem publicit\u00e1ria ou qualquer outro visual de sua escolha.\n\nCaracter\u00edsticas t\u00e9cnicas:\n\n* Composi\u00e7\u00e3o: poli\u00e9ster\n* Dimens\u00f5es: 20 x 8,3 x 9,8 cm\n* Fechamento z\u00edper\n* Al\u00e7a de transporte\n* Possibilidade de personaliza\u00e7\u00e3o","da":"Denne polyesterpose er ideel til opbevaring af penne, blyanter og andre skriveartikler. Den har et lynl\u00e5s og h\u00e5ndtag for nem transport. St\u00f8rrelsen er 20 x 8,3 x 9,8 cm. Den kan ogs\u00e5 tilpasses, hvilket g\u00f8r den til en fremragende gave til virksomheder eller effektiv kommunikation. Du kan trykke dit logo, et reklamemeddelelse eller enhver anden visuel du foretr\u00e6kker.\n\nTekniske specifikationer:\n\n* Sammens\u00e6tning: polyester 600D\n* Dimensioner: 20 x 8,3 x 9,8 cm\n* Lynl\u00e5s\n* H\u00e5ndtag\n* Mulighed for tilpasning","pl":"Ta torba z poliestru 600D jest idealna do przechowywania d\u0142ugopis\u00f3w, o\u0142\u00f3wk\u00f3w i innych przybor\u00f3w pisarskich. Jest wyposa\u017cona w zamkni\u0119cie z zipem i r\u0119koje\u015b\u0107 do transportu dla wygody. Jej wymiary to 20 x 8,3 x 9,8 cm. Mo\u017cna j\u0105 spersonalizowa\u0107, co czyni j\u0105 doskona\u0142ym prezentem firmowym lub skutecznym no\u015bnikiem informacji. Mo\u017cesz umie\u015bci\u0107 na niej swoje logo, reklamowy komunikat lub jakikolwiek inny wygl\u0105d wed\u0142ug w\u0142asnego wyboru.\n\nW\u0142a\u015bciwo\u015bci techniczne:\n* Sk\u0142ad: poliestr 600D\n* Wymiary: 20 x 8,3 x 9,8 cm\n* Zamkni\u0119cie z zipem\n* R\u0119koje\u015b\u0107 do transportu\n* Mo\u017cliwo\u015b\u0107 spersonalizowania"},"h1":{"fr":"Pardela Trousse en polyester 600D bo7513 personnalisable","en":"Pardela Polyester 600D bo7513 Customizable Bag","de":"Pardela Tasche aus Polyester 600D bo7513 personalisierbar","nl":"Pardela Tas in polyester 600D bo7513 personaliseerbaar","es":"Pardela Bolsa en poli\u00e9ster 600D bo7513 personalizable","it":"Pardela Borsa in poliestere 600D bo7513 personalizzabile","sv":"Pardela Polyester 600D bo7513 anpassningsbar","pt":"Pardela Trousse en polyester 600D bo7513 personaliz\u00e1vel","da":"Pardela polyester 600D bo7513 tilpasseligt","pl":"Pardela Torba z poliestru 600D bo7513 do personalizacji"},"meta_description":{"fr":"Trousse en polyester 600D avec zip et anse de transport. Dimensions : 20 x 8,3 x 9,8 cm. Personnalisable avec votre logo.","en":"Polyester 600D bag with zip and carrying handle. Dimensions: 20 x 8,3 x 9,8 cm. Customizable with your logo.","de":"Tasche aus Polyester 600D mit Rei\u00dfverschluss und Traggriff. Abmessungen: 20 x 8,3 x 9,8 cm. Personalisierbar mit Ihrem Logo.","nl":"Tas in polyester 600D met zip en handvat. Afmetingen: 20 x 8,3 x 9,8 cm. Personaliseerbaar met uw logo.","es":"Bolsa en poli\u00e9ster 600D con cremallera y asa de transporte. Dimensiones: 20 x 8,3 x 9,8 cm. Personalizable con tu logo.","it":"Borsa in poliestere 600D con zip e maniglia di trasporto. Dimensioni: 20 x 8,3 x 9,8 cm. Personalizzabile con il tuo logo.","sv":"Polyesterp\u00e5se med zip och b\u00e4rande handtag. M\u00e5tt : 20 x 8,3 x 9,8 cm. Anpassningsbar med ditt logo.","pt":"Trousse em poli\u00e9ster com z\u00edper e al\u00e7a de transporte. Dimens\u00f5es: 20 x 8,3 x 9,8 cm. Personaliz\u00e1vel com o seu logotipo.","da":"Polyesterpose med lynl\u00e5s og h\u00e5ndtag. Dimensioner: 20 x 8,3 x 9,8 cm. Tilpasselig med dit logo.","pl":"Torba z poliestru 600D ze zipem i r\u0119koje\u015bci\u0105 do transportu. Wymiary: 20 x 8,3 x 9,8 cm. Mo\u017cna j\u0105 spersonalizowa\u0107 swoim logo."}}},"categories":[{"id":330,"name":"Trousses et pochettes","singular":"Trousse et pochette","is_feminin":true},{"id":499,"name":"Bagagerie","singular":"Bagagerie","is_feminin":false}],"certifications":[],"videos":{"fr":[],"en":[],"de":[],"nl":[],"es":[],"it":[],"sv":[],"pt":[],"da":[],"pl":[]},"main_images":{"miniature":"https:\/\/media.th4.com\/lFztBkAJz_dDZOlqYJjBluh8wrz-PbKR5DA0PxXON7k\/pr:80\/aHR0cDovL21lZGlhMi5kZXNpZ25wYXJ0bmVyLmZyL2MvcC1NVC8xNTc1My5qcGc?v=1642670957","medium":"https:\/\/media.th4.com\/Yh6ZR9SB80kDrbPCJErqpjeFGgz35FsMUshnUYjJUcM\/pr:550x550greybg\/aHR0cDovL21lZGlhMi5kZXNpZ25wYXJ0bmVyLmZyL2MvcC1NVC8xNTc1My5qcGc?v=1642670957","medium_large":"https:\/\/media.th4.com\/k5VxTE6rJqAbe7HWkCnRO3xkhajlDrN7Ivy3FWGvpRk\/pr:1000x1000greybg\/aHR0cDovL21lZGlhMi5kZXNpZ25wYXJ0bmVyLmZyL2MvcC1NVC8xNTc1My5qcGc?v=1642670957","large":"https:\/\/media.th4.com\/SWc6_DBMUuMIONn4XzbBJQ2lu0NbB_21pWZ79YRTX8o\/pr:1920greybg\/aHR0cDovL21lZGlhMi5kZXNpZ25wYXJ0bmVyLmZyL2MvcC1NVC8xNTc1My5qcGc?v=1642670957","opengraph":"https:\/\/media.th4.com\/RHUMvXo7T_EieDHR1CetxFn01hc2iZNqzuanLxuP18E\/pr:1200x630greybg\/aHR0cDovL21lZGlhMi5kZXNpZ25wYXJ0bmVyLmZyL2MvcC1NVC8xNTc1My5qcGc?v=1642670957"},"main_images_customization":{"miniature":"https:\/\/media.th4.com\/lFztBkAJz_dDZOlqYJjBluh8wrz-PbKR5DA0PxXON7k\/pr:80\/aHR0cDovL21lZGlhMi5kZXNpZ25wYXJ0bmVyLmZyL2MvcC1NVC8xNTc1My5qcGc?v=1642670957","medium":"https:\/\/media.th4.com\/Yh6ZR9SB80kDrbPCJErqpjeFGgz35FsMUshnUYjJUcM\/pr:550x550greybg\/aHR0cDovL21lZGlhMi5kZXNpZ25wYXJ0bmVyLmZyL2MvcC1NVC8xNTc1My5qcGc?v=1642670957","medium_large":"https:\/\/media.th4.com\/k5VxTE6rJqAbe7HWkCnRO3xkhajlDrN7Ivy3FWGvpRk\/pr:1000x1000greybg\/aHR0cDovL21lZGlhMi5kZXNpZ25wYXJ0bmVyLmZyL2MvcC1NVC8xNTc1My5qcGc?v=1642670957","large":"https:\/\/media.th4.com\/SWc6_DBMUuMIONn4XzbBJQ2lu0NbB_21pWZ79YRTX8o\/pr:1920greybg\/aHR0cDovL21lZGlhMi5kZXNpZ25wYXJ0bmVyLmZyL2MvcC1NVC8xNTc1My5qcGc?v=1642670957","opengraph":"https:\/\/media.th4.com\/RHUMvXo7T_EieDHR1CetxFn01hc2iZNqzuanLxuP18E\/pr:1200x630greybg\/aHR0cDovL21lZGlhMi5kZXNpZ25wYXJ0bmVyLmZyL2MvcC1NVC8xNTc1My5qcGc?v=1642670957"},"page_links":{"fr":"\/fr\/p-st-bo7513-pardela-trousse-en-polyester-600d-bo7513-15753\/","en":"\/en\/p-st-bo7513-pardela-polyester-600d-pouch-bo7513-15753\/","de":"\/de\/p-st-bo7513-pardela-tasche-aus-polyester-600d-bo7513-15753\/","nl":"\/nl\/p-st-bo7513-pardela-polyester-600d-tas-bo7513-15753\/","es":"\/es\/p-st-bo7513-mozo-de-poliester-600d-pardela-bo7513-15753\/","it":"\/it\/p-st-bo7513-pardela-zaino-in-poliestere-600d-bo7513-15753\/","sv":"\/sv\/p-st-bo7513-pardela-pase-i-polyester-bo7513-15753\/","pt":"\/pt\/p-st-bo7513-pardela-bolsa-em-poliester-600d-bo7513-15753\/","da":"\/da\/p-st-bo7513-pardela-taskestykke-i-polyester-600d-bo7513-15753\/","pl":"\/pl\/p-st-bo7513-pardela-torba-z-poliestru-600d-bo7513-15753\/"},"page_links_customization":{"fr":"\/fr\/p-st-bo7513-pardela-trousse-en-polyester-600d-bo7513-personnalisable-15753\/custom\/","en":"\/en\/p-st-bo7513-pardela-polyester-600d-bo7513-customizable-bag-15753\/custom\/","de":"\/de\/p-st-bo7513-pardela-tasche-aus-polyester-600d-bo7513-personalisierbar-15753\/custom\/","nl":"\/nl\/p-st-bo7513-pardela-tas-in-polyester-600d-bo7513-personaliseerbaar-15753\/custom\/","es":"\/es\/p-st-bo7513-pardela-bolsa-en-poliester-600d-bo7513-personalizable-15753\/custom\/","it":"\/it\/p-st-bo7513-pardela-borsa-in-poliestere-600d-bo7513-personalizzabile-15753\/custom\/","sv":"\/sv\/p-st-bo7513-pardela-polyester-600d-bo7513-anpassningsbar-15753\/custom\/","pt":"\/pt\/p-st-bo7513-pardela-trousse-en-polyester-600d-bo7513-personalizavel-15753\/custom\/","da":"\/da\/p-st-bo7513-pardela-polyester-600d-bo7513-tilpasseligt-15753\/custom\/","pl":"\/pl\/p-st-bo7513-pardela-torba-z-poliestru-600d-bo7513-do-personalizacji-15753\/custom\/"},"equivalent_products":[],"colors":[{"id":17584,"name":"noir","class_ids":[4],"codes_hexa":["000000"],"delai_24":false,"has_3d":false,"seuil_global":0,"stock_local":0,"stock_global":496,"on_standby":false,"in_catalog":true,"images":{"miniature":["https:\/\/media.th4.com\/LQWSgW-tM8PBSJqOVTOC8i_wDys4YO76qZYMoOVFfbY\/pr:80\/aHR0cDovL21lZGlhMi5kZXNpZ25wYXJ0bmVyLmZyL2MvcC8xNTc1My8xNTc1My0xNzU4NC0xLmpwZw?v=1634809158","https:\/\/media.th4.com\/QK39-ExHEI1dY7gIEqAbRwatWgEEFhcJ0Adk6-nhhV8\/pr:80\/aHR0cDovL21lZGlhMi5kZXNpZ25wYXJ0bmVyLmZyL2MvcC8xNTc1My8xNTc1My0xNzU4NC0yLmpwZw?v=1634809158"],"medium":["https:\/\/media.th4.com\/qL4YGI3xawKNprYQ-VJ1J9e49H2Oz4bgPr02COLTLkI\/pr:550x550\/aHR0cDovL21lZGlhMi5kZXNpZ25wYXJ0bmVyLmZyL2MvcC8xNTc1My8xNTc1My0xNzU4NC0xLmpwZw?v=1634809158","https:\/\/media.th4.com\/03wU2PSGwAZjYzD-_FDVl5p5Uec8lWoVbiICAy5V6_c\/pr:550x550\/aHR0cDovL21lZGlhMi5kZXNpZ25wYXJ0bmVyLmZyL2MvcC8xNTc1My8xNTc1My0xNzU4NC0yLmpwZw?v=1634809158"],"medium_large":["https:\/\/media.th4.com\/BkkNk7lpspJQkUVwxldNY1tx14D_z9jiYihenGd0LY0\/pr:1000x1000\/aHR0cDovL21lZGlhMi5kZXNpZ25wYXJ0bmVyLmZyL2MvcC8xNTc1My8xNTc1My0xNzU4NC0xLmpwZw?v=1634809158","https:\/\/media.th4.com\/0H_663IHw8uE2x0dIgqnAL1jFOL5guWw-3_q2V6E0UM\/pr:1000x1000\/aHR0cDovL21lZGlhMi5kZXNpZ25wYXJ0bmVyLmZyL2MvcC8xNTc1My8xNTc1My0xNzU4NC0yLmpwZw?v=1634809158"],"large":["https:\/\/media.th4.com\/4aRZTxXvhoQI-byuRbHjYYDiRavf3q_EBi3kQP1XjD0\/pr:1920\/aHR0cDovL21lZGlhMi5kZXNpZ25wYXJ0bmVyLmZyL2MvcC8xNTc1My8xNTc1My0xNzU4NC0xLmpwZw?v=1634809158","https:\/\/media.th4.com\/PDPeXt4TRv9IauJ52FsMnJgQR3qREi-l-avG5wp5c18\/pr:1920\/aHR0cDovL21lZGlhMi5kZXNpZ25wYXJ0bmVyLmZyL2MvcC8xNTc1My8xNTc1My0xNzU4NC0yLmpwZw?v=1634809158"],"opengraph":["https:\/\/media.th4.com\/653NjrMm28KvdOFg04ZPcZ-44bDNVM25tiyR1be9-o0\/pr:1200x630\/aHR0cDovL21lZGlhMi5kZXNpZ25wYXJ0bmVyLmZyL2MvcC8xNTc1My8xNTc1My0xNzU4NC0xLmpwZw?v=1634809158","https:\/\/media.th4.com\/qD1mvCqAMrRVhuk-K_RKITKlKGepTD2WDAkXZcUQvsE\/pr:1200x630\/aHR0cDovL21lZGlhMi5kZXNpZ25wYXJ0bmVyLmZyL2MvcC8xNTc1My8xNTc1My0xNzU4NC0yLmpwZw?v=1634809158"]},"images_customization":{"miniature":["https:\/\/media.th4.com\/LQWSgW-tM8PBSJqOVTOC8i_wDys4YO76qZYMoOVFfbY\/pr:80\/aHR0cDovL21lZGlhMi5kZXNpZ25wYXJ0bmVyLmZyL2MvcC8xNTc1My8xNTc1My0xNzU4NC0xLmpwZw?v=1634809158","https:\/\/media.th4.com\/QK39-ExHEI1dY7gIEqAbRwatWgEEFhcJ0Adk6-nhhV8\/pr:80\/aHR0cDovL21lZGlhMi5kZXNpZ25wYXJ0bmVyLmZyL2MvcC8xNTc1My8xNTc1My0xNzU4NC0yLmpwZw?v=1634809158"],"medium":["https:\/\/media.th4.com\/qL4YGI3xawKNprYQ-VJ1J9e49H2Oz4bgPr02COLTLkI\/pr:550x550\/aHR0cDovL21lZGlhMi5kZXNpZ25wYXJ0bmVyLmZyL2MvcC8xNTc1My8xNTc1My0xNzU4NC0xLmpwZw?v=1634809158","https:\/\/media.th4.com\/03wU2PSGwAZjYzD-_FDVl5p5Uec8lWoVbiICAy5V6_c\/pr:550x550\/aHR0cDovL21lZGlhMi5kZXNpZ25wYXJ0bmVyLmZyL2MvcC8xNTc1My8xNTc1My0xNzU4NC0yLmpwZw?v=1634809158"],"medium_large":["https:\/\/media.th4.com\/BkkNk7lpspJQkUVwxldNY1tx14D_z9jiYihenGd0LY0\/pr:1000x1000\/aHR0cDovL21lZGlhMi5kZXNpZ25wYXJ0bmVyLmZyL2MvcC8xNTc1My8xNTc1My0xNzU4NC0xLmpwZw?v=1634809158","https:\/\/media.th4.com\/0H_663IHw8uE2x0dIgqnAL1jFOL5guWw-3_q2V6E0UM\/pr:1000x1000\/aHR0cDovL21lZGlhMi5kZXNpZ25wYXJ0bmVyLmZyL2MvcC8xNTc1My8xNTc1My0xNzU4NC0yLmpwZw?v=1634809158"],"large":["https:\/\/media.th4.com\/4aRZTxXvhoQI-byuRbHjYYDiRavf3q_EBi3kQP1XjD0\/pr:1920\/aHR0cDovL21lZGlhMi5kZXNpZ25wYXJ0bmVyLmZyL2MvcC8xNTc1My8xNTc1My0xNzU4NC0xLmpwZw?v=1634809158","https:\/\/media.th4.com\/PDPeXt4TRv9IauJ52FsMnJgQR3qREi-l-avG5wp5c18\/pr:1920\/aHR0cDovL21lZGlhMi5kZXNpZ25wYXJ0bmVyLmZyL2MvcC8xNTc1My8xNTc1My0xNzU4NC0yLmpwZw?v=1634809158"],"opengraph":["https:\/\/media.th4.com\/653NjrMm28KvdOFg04ZPcZ-44bDNVM25tiyR1be9-o0\/pr:1200x630\/aHR0cDovL21lZGlhMi5kZXNpZ25wYXJ0bmVyLmZyL2MvcC8xNTc1My8xNTc1My0xNzU4NC0xLmpwZw?v=1634809158","https:\/\/media.th4.com\/qD1mvCqAMrRVhuk-K_RKITKlKGepTD2WDAkXZcUQvsE\/pr:1200x630\/aHR0cDovL21lZGlhMi5kZXNpZ25wYXJ0bmVyLmZyL2MvcC8xNTc1My8xNTc1My0xNzU4NC0yLmpwZw?v=1634809158"]},"country_origin":"CN","traceability":{"manufacturing_country_id":null,"weaving_country_id":null,"dyeing_country_id":null},"sizes":[{"id":42,"article_id":397389,"class_id":19,"name":"taille_unique","on_standby":false,"stock_local":0,"stock_global":496,"multiple":1,"estimated_date_reassort":null,"is_destocking":false}],"page_links":{"fr":"\/fr\/p-st-bo7513-pardela-trousse-en-polyester-600d-bo7513-15753\/noir-17584\/","en":"\/en\/p-st-bo7513-pardela-polyester-600d-pouch-bo7513-15753\/noir-17584\/","de":"\/de\/p-st-bo7513-pardela-tasche-aus-polyester-600d-bo7513-15753\/noir-17584\/","nl":"\/nl\/p-st-bo7513-pardela-polyester-600d-tas-bo7513-15753\/noir-17584\/","es":"\/es\/p-st-bo7513-mozo-de-poliester-600d-pardela-bo7513-15753\/noir-17584\/","it":"\/it\/p-st-bo7513-pardela-zaino-in-poliestere-600d-bo7513-15753\/noir-17584\/","sv":"\/sv\/p-st-bo7513-pardela-pase-i-polyester-bo7513-15753\/noir-17584\/","pt":"\/pt\/p-st-bo7513-pardela-bolsa-em-poliester-600d-bo7513-15753\/noir-17584\/","da":"\/da\/p-st-bo7513-pardela-taskestykke-i-polyester-600d-bo7513-15753\/noir-17584\/","pl":"\/pl\/p-st-bo7513-pardela-torba-z-poliestru-600d-bo7513-15753\/noir-17584\/"},"page_links_customization":{"fr":"\/fr\/p-st-bo7513-pardela-trousse-en-polyester-600d-bo7513-personnalisable-15753\/noir-17584\/custom\/","en":"\/en\/p-st-bo7513-pardela-polyester-600d-bo7513-customizable-bag-15753\/noir-17584\/custom\/","de":"\/de\/p-st-bo7513-pardela-tasche-aus-polyester-600d-bo7513-personalisierbar-15753\/noir-17584\/custom\/","nl":"\/nl\/p-st-bo7513-pardela-tas-in-polyester-600d-bo7513-personaliseerbaar-15753\/noir-17584\/custom\/","es":"\/es\/p-st-bo7513-pardela-bolsa-en-poliester-600d-bo7513-personalizable-15753\/noir-17584\/custom\/","it":"\/it\/p-st-bo7513-pardela-borsa-in-poliestere-600d-bo7513-personalizzabile-15753\/noir-17584\/custom\/","sv":"\/sv\/p-st-bo7513-pardela-polyester-600d-bo7513-anpassningsbar-15753\/noir-17584\/custom\/","pt":"\/pt\/p-st-bo7513-pardela-trousse-en-polyester-600d-bo7513-personalizavel-15753\/noir-17584\/custom\/","da":"\/da\/p-st-bo7513-pardela-polyester-600d-bo7513-tilpasseligt-15753\/noir-17584\/custom\/","pl":"\/pl\/p-st-bo7513-pardela-torba-z-poliestru-600d-bo7513-do-personalizacji-15753\/noir-17584\/custom\/"}},{"id":17585,"name":"bleu_royal","class_ids":[2],"codes_hexa":["0060a9"],"delai_24":false,"has_3d":false,"seuil_global":0,"stock_local":0,"stock_global":496,"on_standby":false,"in_catalog":true,"images":{"miniature":["https:\/\/media.th4.com\/2L_drQyRoCe9aah5Hh0LLLvaGkS6mN27Tgdlv8wGZtU\/pr:80\/aHR0cDovL21lZGlhMi5kZXNpZ25wYXJ0bmVyLmZyL2MvcC8xNTc1My8xNTc1My0xNzU4NS0xLmpwZw?v=1634809158","https:\/\/media.th4.com\/IrNBa6iHqlVQ-1nOw82l3tHbqu53dtSem5j0mhLu07k\/pr:80\/aHR0cDovL21lZGlhMi5kZXNpZ25wYXJ0bmVyLmZyL2MvcC8xNTc1My8xNTc1My0xNzU4NS0yLmpwZw?v=1634809158"],"medium":["https:\/\/media.th4.com\/BM_ZICxUO2CR87KuJ-hqAsIWn6NwmM8gyLohMjgLuxQ\/pr:550x550\/aHR0cDovL21lZGlhMi5kZXNpZ25wYXJ0bmVyLmZyL2MvcC8xNTc1My8xNTc1My0xNzU4NS0xLmpwZw?v=1634809158","https:\/\/media.th4.com\/2DNqdMAliy_SqzQhl0Lu7rWA4z348YLnyTu1MBx_5So\/pr:550x550\/aHR0cDovL21lZGlhMi5kZXNpZ25wYXJ0bmVyLmZyL2MvcC8xNTc1My8xNTc1My0xNzU4NS0yLmpwZw?v=1634809158"],"medium_large":["https:\/\/media.th4.com\/vFJHt3GgEZx40b8p7JM1hRPnVfH6AdYOUT7WREAkuW0\/pr:1000x1000\/aHR0cDovL21lZGlhMi5kZXNpZ25wYXJ0bmVyLmZyL2MvcC8xNTc1My8xNTc1My0xNzU4NS0xLmpwZw?v=1634809158","https:\/\/media.th4.com\/8DySGUjN8iIhchjvmm_E8_84pvsjr5PR1DVAz2n2py0\/pr:1000x1000\/aHR0cDovL21lZGlhMi5kZXNpZ25wYXJ0bmVyLmZyL2MvcC8xNTc1My8xNTc1My0xNzU4NS0yLmpwZw?v=1634809158"],"large":["https:\/\/media.th4.com\/HLpwStR134dY3Rwshf1vKUZzuA4XO80ygG3KTkjpzp0\/pr:1920\/aHR0cDovL21lZGlhMi5kZXNpZ25wYXJ0bmVyLmZyL2MvcC8xNTc1My8xNTc1My0xNzU4NS0xLmpwZw?v=1634809158","https:\/\/media.th4.com\/EO9sY3hOfsM8hmxccVl3LyoSr7Vk9CJnI4-AqdEhfhc\/pr:1920\/aHR0cDovL21lZGlhMi5kZXNpZ25wYXJ0bmVyLmZyL2MvcC8xNTc1My8xNTc1My0xNzU4NS0yLmpwZw?v=1634809158"],"opengraph":["https:\/\/media.th4.com\/Tl64WVRdhsxRp8ISJmF9qKKXY-FQenIL2cKaUdcJymk\/pr:1200x630\/aHR0cDovL21lZGlhMi5kZXNpZ25wYXJ0bmVyLmZyL2MvcC8xNTc1My8xNTc1My0xNzU4NS0xLmpwZw?v=1634809158","https:\/\/media.th4.com\/tjr88NOOUtU881gNXVdM3biSY_vbET-RtJUa-w1O0CU\/pr:1200x630\/aHR0cDovL21lZGlhMi5kZXNpZ25wYXJ0bmVyLmZyL2MvcC8xNTc1My8xNTc1My0xNzU4NS0yLmpwZw?v=1634809158"]},"images_customization":{"miniature":["https:\/\/media.th4.com\/2L_drQyRoCe9aah5Hh0LLLvaGkS6mN27Tgdlv8wGZtU\/pr:80\/aHR0cDovL21lZGlhMi5kZXNpZ25wYXJ0bmVyLmZyL2MvcC8xNTc1My8xNTc1My0xNzU4NS0xLmpwZw?v=1634809158","https:\/\/media.th4.com\/IrNBa6iHqlVQ-1nOw82l3tHbqu53dtSem5j0mhLu07k\/pr:80\/aHR0cDovL21lZGlhMi5kZXNpZ25wYXJ0bmVyLmZyL2MvcC8xNTc1My8xNTc1My0xNzU4NS0yLmpwZw?v=1634809158"],"medium":["https:\/\/media.th4.com\/BM_ZICxUO2CR87KuJ-hqAsIWn6NwmM8gyLohMjgLuxQ\/pr:550x550\/aHR0cDovL21lZGlhMi5kZXNpZ25wYXJ0bmVyLmZyL2MvcC8xNTc1My8xNTc1My0xNzU4NS0xLmpwZw?v=1634809158","https:\/\/media.th4.com\/2DNqdMAliy_SqzQhl0Lu7rWA4z348YLnyTu1MBx_5So\/pr:550x550\/aHR0cDovL21lZGlhMi5kZXNpZ25wYXJ0bmVyLmZyL2MvcC8xNTc1My8xNTc1My0xNzU4NS0yLmpwZw?v=1634809158"],"medium_large":["https:\/\/media.th4.com\/vFJHt3GgEZx40b8p7JM1hRPnVfH6AdYOUT7WREAkuW0\/pr:1000x1000\/aHR0cDovL21lZGlhMi5kZXNpZ25wYXJ0bmVyLmZyL2MvcC8xNTc1My8xNTc1My0xNzU4NS0xLmpwZw?v=1634809158","https:\/\/media.th4.com\/8DySGUjN8iIhchjvmm_E8_84pvsjr5PR1DVAz2n2py0\/pr:1000x1000\/aHR0cDovL21lZGlhMi5kZXNpZ25wYXJ0bmVyLmZyL2MvcC8xNTc1My8xNTc1My0xNzU4NS0yLmpwZw?v=1634809158"],"large":["https:\/\/media.th4.com\/HLpwStR134dY3Rwshf1vKUZzuA4XO80ygG3KTkjpzp0\/pr:1920\/aHR0cDovL21lZGlhMi5kZXNpZ25wYXJ0bmVyLmZyL2MvcC8xNTc1My8xNTc1My0xNzU4NS0xLmpwZw?v=1634809158","https:\/\/media.th4.com\/EO9sY3hOfsM8hmxccVl3LyoSr7Vk9CJnI4-AqdEhfhc\/pr:1920\/aHR0cDovL21lZGlhMi5kZXNpZ25wYXJ0bmVyLmZyL2MvcC8xNTc1My8xNTc1My0xNzU4NS0yLmpwZw?v=1634809158"],"opengraph":["https:\/\/media.th4.com\/Tl64WVRdhsxRp8ISJmF9qKKXY-FQenIL2cKaUdcJymk\/pr:1200x630\/aHR0cDovL21lZGlhMi5kZXNpZ25wYXJ0bmVyLmZyL2MvcC8xNTc1My8xNTc1My0xNzU4NS0xLmpwZw?v=1634809158","https:\/\/media.th4.com\/tjr88NOOUtU881gNXVdM3biSY_vbET-RtJUa-w1O0CU\/pr:1200x630\/aHR0cDovL21lZGlhMi5kZXNpZ25wYXJ0bmVyLmZyL2MvcC8xNTc1My8xNTc1My0xNzU4NS0yLmpwZw?v=1634809158"]},"country_origin":"CN","traceability":{"manufacturing_country_id":null,"weaving_country_id":null,"dyeing_country_id":null},"sizes":[{"id":42,"article_id":397390,"class_id":19,"name":"taille_unique","on_standby":false,"stock_local":0,"stock_global":496,"multiple":1,"estimated_date_reassort":null,"is_destocking":false}],"page_links":{"fr":"\/fr\/p-st-bo7513-pardela-trousse-en-polyester-600d-bo7513-15753\/bleu-royal-17585\/","en":"\/en\/p-st-bo7513-pardela-polyester-600d-pouch-bo7513-15753\/bleu-royal-17585\/","de":"\/de\/p-st-bo7513-pardela-tasche-aus-polyester-600d-bo7513-15753\/bleu-royal-17585\/","nl":"\/nl\/p-st-bo7513-pardela-polyester-600d-tas-bo7513-15753\/bleu-royal-17585\/","es":"\/es\/p-st-bo7513-mozo-de-poliester-600d-pardela-bo7513-15753\/bleu-royal-17585\/","it":"\/it\/p-st-bo7513-pardela-zaino-in-poliestere-600d-bo7513-15753\/bleu-royal-17585\/","sv":"\/sv\/p-st-bo7513-pardela-pase-i-polyester-bo7513-15753\/bleu-royal-17585\/","pt":"\/pt\/p-st-bo7513-pardela-bolsa-em-poliester-600d-bo7513-15753\/bleu-royal-17585\/","da":"\/da\/p-st-bo7513-pardela-taskestykke-i-polyester-600d-bo7513-15753\/bleu-royal-17585\/","pl":"\/pl\/p-st-bo7513-pardela-torba-z-poliestru-600d-bo7513-15753\/bleu-royal-17585\/"},"page_links_customization":{"fr":"\/fr\/p-st-bo7513-pardela-trousse-en-polyester-600d-bo7513-personnalisable-15753\/bleu-royal-17585\/custom\/","en":"\/en\/p-st-bo7513-pardela-polyester-600d-bo7513-customizable-bag-15753\/bleu-royal-17585\/custom\/","de":"\/de\/p-st-bo7513-pardela-tasche-aus-polyester-600d-bo7513-personalisierbar-15753\/bleu-royal-17585\/custom\/","nl":"\/nl\/p-st-bo7513-pardela-tas-in-polyester-600d-bo7513-personaliseerbaar-15753\/bleu-royal-17585\/custom\/","es":"\/es\/p-st-bo7513-pardela-bolsa-en-poliester-600d-bo7513-personalizable-15753\/bleu-royal-17585\/custom\/","it":"\/it\/p-st-bo7513-pardela-borsa-in-poliestere-600d-bo7513-personalizzabile-15753\/bleu-royal-17585\/custom\/","sv":"\/sv\/p-st-bo7513-pardela-polyester-600d-bo7513-anpassningsbar-15753\/bleu-royal-17585\/custom\/","pt":"\/pt\/p-st-bo7513-pardela-trousse-en-polyester-600d-bo7513-personalizavel-15753\/bleu-royal-17585\/custom\/","da":"\/da\/p-st-bo7513-pardela-polyester-600d-bo7513-tilpasseligt-15753\/bleu-royal-17585\/custom\/","pl":"\/pl\/p-st-bo7513-pardela-torba-z-poliestru-600d-bo7513-do-personalizacji-15753\/bleu-royal-17585\/custom\/"}},{"id":17596,"name":"beige","class_ids":[8],"codes_hexa":["f3efe0"],"delai_24":false,"has_3d":false,"seuil_global":0,"stock_local":0,"stock_global":496,"on_standby":false,"in_catalog":true,"images":{"miniature":["https:\/\/media.th4.com\/ArP_6sEytcB72mTaYrpOdV0PPXb_Z0ACcP_BkD-6BOY\/pr:80\/aHR0cDovL21lZGlhMi5kZXNpZ25wYXJ0bmVyLmZyL2MvcC8xNTc1My8xNTc1My0xNzU5Ni0xLmpwZw?v=1634809158","https:\/\/media.th4.com\/9j9Rdet3DpLLF8YPr-Y92XP9hQVlsnHwR12vfIo7bhg\/pr:80\/aHR0cDovL21lZGlhMi5kZXNpZ25wYXJ0bmVyLmZyL2MvcC8xNTc1My8xNTc1My0xNzU5Ni0yLmpwZw?v=1634809158"],"medium":["https:\/\/media.th4.com\/mNpA_1PIwBCfhIodSwyXhVzmyEtsScxufB4lA6rxA00\/pr:550x550\/aHR0cDovL21lZGlhMi5kZXNpZ25wYXJ0bmVyLmZyL2MvcC8xNTc1My8xNTc1My0xNzU5Ni0xLmpwZw?v=1634809158","https:\/\/media.th4.com\/EJ2zHjGncxJgV7SP79gMXK5DOjlQn3IEwuya44_1szg\/pr:550x550\/aHR0cDovL21lZGlhMi5kZXNpZ25wYXJ0bmVyLmZyL2MvcC8xNTc1My8xNTc1My0xNzU5Ni0yLmpwZw?v=1634809158"],"medium_large":["https:\/\/media.th4.com\/sB0kNq-XDJoRxjqtM5CeOY29qcHaEdITtlH5jClumZI\/pr:1000x1000\/aHR0cDovL21lZGlhMi5kZXNpZ25wYXJ0bmVyLmZyL2MvcC8xNTc1My8xNTc1My0xNzU5Ni0xLmpwZw?v=1634809158","https:\/\/media.th4.com\/ONQTSl-Ml8uxietau116w7PkDsL-N5AQqCtZ38gSDsc\/pr:1000x1000\/aHR0cDovL21lZGlhMi5kZXNpZ25wYXJ0bmVyLmZyL2MvcC8xNTc1My8xNTc1My0xNzU5Ni0yLmpwZw?v=1634809158"],"large":["https:\/\/media.th4.com\/n5eiRnC5FPOaNwPRjThJdZDQ9wBT1uRtTVQdepcSoVQ\/pr:1920\/aHR0cDovL21lZGlhMi5kZXNpZ25wYXJ0bmVyLmZyL2MvcC8xNTc1My8xNTc1My0xNzU5Ni0xLmpwZw?v=1634809158","https:\/\/media.th4.com\/kHyLrhxinFxywOBc_Av5rCN33azctNERl4L6_tXv0ms\/pr:1920\/aHR0cDovL21lZGlhMi5kZXNpZ25wYXJ0bmVyLmZyL2MvcC8xNTc1My8xNTc1My0xNzU5Ni0yLmpwZw?v=1634809158"],"opengraph":["https:\/\/media.th4.com\/Z9WKg-LSHBLRIKaslEdV96OixJow60tx9jjBUG6H7lA\/pr:1200x630\/aHR0cDovL21lZGlhMi5kZXNpZ25wYXJ0bmVyLmZyL2MvcC8xNTc1My8xNTc1My0xNzU5Ni0xLmpwZw?v=1634809158","https:\/\/media.th4.com\/Y3qOZHr2ZlA38IKGAZi9MPvz-EBC9L2zeH-1kfytgZ0\/pr:1200x630\/aHR0cDovL21lZGlhMi5kZXNpZ25wYXJ0bmVyLmZyL2MvcC8xNTc1My8xNTc1My0xNzU5Ni0yLmpwZw?v=1634809158"]},"images_customization":{"miniature":["https:\/\/media.th4.com\/ArP_6sEytcB72mTaYrpOdV0PPXb_Z0ACcP_BkD-6BOY\/pr:80\/aHR0cDovL21lZGlhMi5kZXNpZ25wYXJ0bmVyLmZyL2MvcC8xNTc1My8xNTc1My0xNzU5Ni0xLmpwZw?v=1634809158","https:\/\/media.th4.com\/9j9Rdet3DpLLF8YPr-Y92XP9hQVlsnHwR12vfIo7bhg\/pr:80\/aHR0cDovL21lZGlhMi5kZXNpZ25wYXJ0bmVyLmZyL2MvcC8xNTc1My8xNTc1My0xNzU5Ni0yLmpwZw?v=1634809158"],"medium":["https:\/\/media.th4.com\/mNpA_1PIwBCfhIodSwyXhVzmyEtsScxufB4lA6rxA00\/pr:550x550\/aHR0cDovL21lZGlhMi5kZXNpZ25wYXJ0bmVyLmZyL2MvcC8xNTc1My8xNTc1My0xNzU5Ni0xLmpwZw?v=1634809158","https:\/\/media.th4.com\/EJ2zHjGncxJgV7SP79gMXK5DOjlQn3IEwuya44_1szg\/pr:550x550\/aHR0cDovL21lZGlhMi5kZXNpZ25wYXJ0bmVyLmZyL2MvcC8xNTc1My8xNTc1My0xNzU5Ni0yLmpwZw?v=1634809158"],"medium_large":["https:\/\/media.th4.com\/sB0kNq-XDJoRxjqtM5CeOY29qcHaEdITtlH5jClumZI\/pr:1000x1000\/aHR0cDovL21lZGlhMi5kZXNpZ25wYXJ0bmVyLmZyL2MvcC8xNTc1My8xNTc1My0xNzU5Ni0xLmpwZw?v=1634809158","https:\/\/media.th4.com\/ONQTSl-Ml8uxietau116w7PkDsL-N5AQqCtZ38gSDsc\/pr:1000x1000\/aHR0cDovL21lZGlhMi5kZXNpZ25wYXJ0bmVyLmZyL2MvcC8xNTc1My8xNTc1My0xNzU5Ni0yLmpwZw?v=1634809158"],"large":["https:\/\/media.th4.com\/n5eiRnC5FPOaNwPRjThJdZDQ9wBT1uRtTVQdepcSoVQ\/pr:1920\/aHR0cDovL21lZGlhMi5kZXNpZ25wYXJ0bmVyLmZyL2MvcC8xNTc1My8xNTc1My0xNzU5Ni0xLmpwZw?v=1634809158","https:\/\/media.th4.com\/kHyLrhxinFxywOBc_Av5rCN33azctNERl4L6_tXv0ms\/pr:1920\/aHR0cDovL21lZGlhMi5kZXNpZ25wYXJ0bmVyLmZyL2MvcC8xNTc1My8xNTc1My0xNzU5Ni0yLmpwZw?v=1634809158"],"opengraph":["https:\/\/media.th4.com\/Z9WKg-LSHBLRIKaslEdV96OixJow60tx9jjBUG6H7lA\/pr:1200x630\/aHR0cDovL21lZGlhMi5kZXNpZ25wYXJ0bmVyLmZyL2MvcC8xNTc1My8xNTc1My0xNzU5Ni0xLmpwZw?v=1634809158","https:\/\/media.th4.com\/Y3qOZHr2ZlA38IKGAZi9MPvz-EBC9L2zeH-1kfytgZ0\/pr:1200x630\/aHR0cDovL21lZGlhMi5kZXNpZ25wYXJ0bmVyLmZyL2MvcC8xNTc1My8xNTc1My0xNzU5Ni0yLmpwZw?v=1634809158"]},"country_origin":"CN","traceability":{"manufacturing_country_id":null,"weaving_country_id":null,"dyeing_country_id":null},"sizes":[{"id":42,"article_id":397391,"class_id":19,"name":"taille_unique","on_standby":false,"stock_local":0,"stock_global":496,"multiple":1,"estimated_date_reassort":null,"is_destocking":false}],"page_links":{"fr":"\/fr\/p-st-bo7513-pardela-trousse-en-polyester-600d-bo7513-15753\/beige-17596\/","en":"\/en\/p-st-bo7513-pardela-polyester-600d-pouch-bo7513-15753\/beige-17596\/","de":"\/de\/p-st-bo7513-pardela-tasche-aus-polyester-600d-bo7513-15753\/beige-17596\/","nl":"\/nl\/p-st-bo7513-pardela-polyester-600d-tas-bo7513-15753\/beige-17596\/","es":"\/es\/p-st-bo7513-mozo-de-poliester-600d-pardela-bo7513-15753\/beige-17596\/","it":"\/it\/p-st-bo7513-pardela-zaino-in-poliestere-600d-bo7513-15753\/beige-17596\/","sv":"\/sv\/p-st-bo7513-pardela-pase-i-polyester-bo7513-15753\/beige-17596\/","pt":"\/pt\/p-st-bo7513-pardela-bolsa-em-poliester-600d-bo7513-15753\/beige-17596\/","da":"\/da\/p-st-bo7513-pardela-taskestykke-i-polyester-600d-bo7513-15753\/beige-17596\/","pl":"\/pl\/p-st-bo7513-pardela-torba-z-poliestru-600d-bo7513-15753\/beige-17596\/"},"page_links_customization":{"fr":"\/fr\/p-st-bo7513-pardela-trousse-en-polyester-600d-bo7513-personnalisable-15753\/beige-17596\/custom\/","en":"\/en\/p-st-bo7513-pardela-polyester-600d-bo7513-customizable-bag-15753\/beige-17596\/custom\/","de":"\/de\/p-st-bo7513-pardela-tasche-aus-polyester-600d-bo7513-personalisierbar-15753\/beige-17596\/custom\/","nl":"\/nl\/p-st-bo7513-pardela-tas-in-polyester-600d-bo7513-personaliseerbaar-15753\/beige-17596\/custom\/","es":"\/es\/p-st-bo7513-pardela-bolsa-en-poliester-600d-bo7513-personalizable-15753\/beige-17596\/custom\/","it":"\/it\/p-st-bo7513-pardela-borsa-in-poliestere-600d-bo7513-personalizzabile-15753\/beige-17596\/custom\/","sv":"\/sv\/p-st-bo7513-pardela-polyester-600d-bo7513-anpassningsbar-15753\/beige-17596\/custom\/","pt":"\/pt\/p-st-bo7513-pardela-trousse-en-polyester-600d-bo7513-personalizavel-15753\/beige-17596\/custom\/","da":"\/da\/p-st-bo7513-pardela-polyester-600d-bo7513-tilpasseligt-15753\/beige-17596\/custom\/","pl":"\/pl\/p-st-bo7513-pardela-torba-z-poliestru-600d-bo7513-do-personalizacji-15753\/beige-17596\/custom\/"}},{"id":17587,"name":"orange","class_ids":[9],"codes_hexa":["f08927"],"delai_24":false,"has_3d":false,"seuil_global":0,"stock_local":0,"stock_global":496,"on_standby":false,"in_catalog":true,"images":{"miniature":["https:\/\/media.th4.com\/Acl2mmvPKwBu2X81RMO5jae-SAvbHQPbLNGYrD4htFw\/pr:80\/aHR0cDovL21lZGlhMi5kZXNpZ25wYXJ0bmVyLmZyL2MvcC8xNTc1My8xNTc1My0xNzU4Ny0xLmpwZw?v=1634809158","https:\/\/media.th4.com\/gjl8tMbi3LVv58voygt4_AWuIcCm753Hpx6quOK0Duo\/pr:80\/aHR0cDovL21lZGlhMi5kZXNpZ25wYXJ0bmVyLmZyL2MvcC8xNTc1My8xNTc1My0xNzU4Ny0yLmpwZw?v=1634809158"],"medium":["https:\/\/media.th4.com\/UaGIg0zLw38eKkETtZFCabpMhmhKho_-ZUIbUh_jpaE\/pr:550x550\/aHR0cDovL21lZGlhMi5kZXNpZ25wYXJ0bmVyLmZyL2MvcC8xNTc1My8xNTc1My0xNzU4Ny0xLmpwZw?v=1634809158","https:\/\/media.th4.com\/Sbw395GlvbZWJpnAlrGg5-6mn_LOrYDfyTdO_i_MAqY\/pr:550x550\/aHR0cDovL21lZGlhMi5kZXNpZ25wYXJ0bmVyLmZyL2MvcC8xNTc1My8xNTc1My0xNzU4Ny0yLmpwZw?v=1634809158"],"medium_large":["https:\/\/media.th4.com\/fk6tdJuG77vCXRGq3otWlsplvJtgMB4_XZ_I6fM2KQw\/pr:1000x1000\/aHR0cDovL21lZGlhMi5kZXNpZ25wYXJ0bmVyLmZyL2MvcC8xNTc1My8xNTc1My0xNzU4Ny0xLmpwZw?v=1634809158","https:\/\/media.th4.com\/NM5bxpsZD3-bnf5yPKefJ91_Saj4vTDEBL-SzI1iJUk\/pr:1000x1000\/aHR0cDovL21lZGlhMi5kZXNpZ25wYXJ0bmVyLmZyL2MvcC8xNTc1My8xNTc1My0xNzU4Ny0yLmpwZw?v=1634809158"],"large":["https:\/\/media.th4.com\/8EgiZh3zLNwGkXfBCwtSfcrUooNuQIJbeXmA5CFlYXQ\/pr:1920\/aHR0cDovL21lZGlhMi5kZXNpZ25wYXJ0bmVyLmZyL2MvcC8xNTc1My8xNTc1My0xNzU4Ny0xLmpwZw?v=1634809158","https:\/\/media.th4.com\/s9K7x2Wznb1dZKZHXHNFrPK14i7S3kLONqk8LmcSu8E\/pr:1920\/aHR0cDovL21lZGlhMi5kZXNpZ25wYXJ0bmVyLmZyL2MvcC8xNTc1My8xNTc1My0xNzU4Ny0yLmpwZw?v=1634809158"],"opengraph":["https:\/\/media.th4.com\/uGC6CDjSs3suJKE64vi5EqW6J4fG6nUD5s6oaFG25A0\/pr:1200x630\/aHR0cDovL21lZGlhMi5kZXNpZ25wYXJ0bmVyLmZyL2MvcC8xNTc1My8xNTc1My0xNzU4Ny0xLmpwZw?v=1634809158","https:\/\/media.th4.com\/rAHy9srXLnqcPaf_kT1JyFoSomJ_uwoNKOVlDsZJn98\/pr:1200x630\/aHR0cDovL21lZGlhMi5kZXNpZ25wYXJ0bmVyLmZyL2MvcC8xNTc1My8xNTc1My0xNzU4Ny0yLmpwZw?v=1634809158"]},"images_customization":{"miniature":["https:\/\/media.th4.com\/Acl2mmvPKwBu2X81RMO5jae-SAvbHQPbLNGYrD4htFw\/pr:80\/aHR0cDovL21lZGlhMi5kZXNpZ25wYXJ0bmVyLmZyL2MvcC8xNTc1My8xNTc1My0xNzU4Ny0xLmpwZw?v=1634809158","https:\/\/media.th4.com\/gjl8tMbi3LVv58voygt4_AWuIcCm753Hpx6quOK0Duo\/pr:80\/aHR0cDovL21lZGlhMi5kZXNpZ25wYXJ0bmVyLmZyL2MvcC8xNTc1My8xNTc1My0xNzU4Ny0yLmpwZw?v=1634809158"],"medium":["https:\/\/media.th4.com\/UaGIg0zLw38eKkETtZFCabpMhmhKho_-ZUIbUh_jpaE\/pr:550x550\/aHR0cDovL21lZGlhMi5kZXNpZ25wYXJ0bmVyLmZyL2MvcC8xNTc1My8xNTc1My0xNzU4Ny0xLmpwZw?v=1634809158","https:\/\/media.th4.com\/Sbw395GlvbZWJpnAlrGg5-6mn_LOrYDfyTdO_i_MAqY\/pr:550x550\/aHR0cDovL21lZGlhMi5kZXNpZ25wYXJ0bmVyLmZyL2MvcC8xNTc1My8xNTc1My0xNzU4Ny0yLmpwZw?v=1634809158"],"medium_large":["https:\/\/media.th4.com\/fk6tdJuG77vCXRGq3otWlsplvJtgMB4_XZ_I6fM2KQw\/pr:1000x1000\/aHR0cDovL21lZGlhMi5kZXNpZ25wYXJ0bmVyLmZyL2MvcC8xNTc1My8xNTc1My0xNzU4Ny0xLmpwZw?v=1634809158","https:\/\/media.th4.com\/NM5bxpsZD3-bnf5yPKefJ91_Saj4vTDEBL-SzI1iJUk\/pr:1000x1000\/aHR0cDovL21lZGlhMi5kZXNpZ25wYXJ0bmVyLmZyL2MvcC8xNTc1My8xNTc1My0xNzU4Ny0yLmpwZw?v=1634809158"],"large":["https:\/\/media.th4.com\/8EgiZh3zLNwGkXfBCwtSfcrUooNuQIJbeXmA5CFlYXQ\/pr:1920\/aHR0cDovL21lZGlhMi5kZXNpZ25wYXJ0bmVyLmZyL2MvcC8xNTc1My8xNTc1My0xNzU4Ny0xLmpwZw?v=1634809158","https:\/\/media.th4.com\/s9K7x2Wznb1dZKZHXHNFrPK14i7S3kLONqk8LmcSu8E\/pr:1920\/aHR0cDovL21lZGlhMi5kZXNpZ25wYXJ0bmVyLmZyL2MvcC8xNTc1My8xNTc1My0xNzU4Ny0yLmpwZw?v=1634809158"],"opengraph":["https:\/\/media.th4.com\/uGC6CDjSs3suJKE64vi5EqW6J4fG6nUD5s6oaFG25A0\/pr:1200x630\/aHR0cDovL21lZGlhMi5kZXNpZ25wYXJ0bmVyLmZyL2MvcC8xNTc1My8xNTc1My0xNzU4Ny0xLmpwZw?v=1634809158","https:\/\/media.th4.com\/rAHy9srXLnqcPaf_kT1JyFoSomJ_uwoNKOVlDsZJn98\/pr:1200x630\/aHR0cDovL21lZGlhMi5kZXNpZ25wYXJ0bmVyLmZyL2MvcC8xNTc1My8xNTc1My0xNzU4Ny0yLmpwZw?v=1634809158"]},"country_origin":"CN","traceability":{"manufacturing_country_id":null,"weaving_country_id":null,"dyeing_country_id":null},"sizes":[{"id":42,"article_id":397392,"class_id":19,"name":"taille_unique","on_standby":false,"stock_local":0,"stock_global":496,"multiple":1,"estimated_date_reassort":null,"is_destocking":false}],"page_links":{"fr":"\/fr\/p-st-bo7513-pardela-trousse-en-polyester-600d-bo7513-15753\/orange-17587\/","en":"\/en\/p-st-bo7513-pardela-polyester-600d-pouch-bo7513-15753\/orange-17587\/","de":"\/de\/p-st-bo7513-pardela-tasche-aus-polyester-600d-bo7513-15753\/orange-17587\/","nl":"\/nl\/p-st-bo7513-pardela-polyester-600d-tas-bo7513-15753\/orange-17587\/","es":"\/es\/p-st-bo7513-mozo-de-poliester-600d-pardela-bo7513-15753\/orange-17587\/","it":"\/it\/p-st-bo7513-pardela-zaino-in-poliestere-600d-bo7513-15753\/orange-17587\/","sv":"\/sv\/p-st-bo7513-pardela-pase-i-polyester-bo7513-15753\/orange-17587\/","pt":"\/pt\/p-st-bo7513-pardela-bolsa-em-poliester-600d-bo7513-15753\/orange-17587\/","da":"\/da\/p-st-bo7513-pardela-taskestykke-i-polyester-600d-bo7513-15753\/orange-17587\/","pl":"\/pl\/p-st-bo7513-pardela-torba-z-poliestru-600d-bo7513-15753\/orange-17587\/"},"page_links_customization":{"fr":"\/fr\/p-st-bo7513-pardela-trousse-en-polyester-600d-bo7513-personnalisable-15753\/orange-17587\/custom\/","en":"\/en\/p-st-bo7513-pardela-polyester-600d-bo7513-customizable-bag-15753\/orange-17587\/custom\/","de":"\/de\/p-st-bo7513-pardela-tasche-aus-polyester-600d-bo7513-personalisierbar-15753\/orange-17587\/custom\/","nl":"\/nl\/p-st-bo7513-pardela-tas-in-polyester-600d-bo7513-personaliseerbaar-15753\/orange-17587\/custom\/","es":"\/es\/p-st-bo7513-pardela-bolsa-en-poliester-600d-bo7513-personalizable-15753\/orange-17587\/custom\/","it":"\/it\/p-st-bo7513-pardela-borsa-in-poliestere-600d-bo7513-personalizzabile-15753\/orange-17587\/custom\/","sv":"\/sv\/p-st-bo7513-pardela-polyester-600d-bo7513-anpassningsbar-15753\/orange-17587\/custom\/","pt":"\/pt\/p-st-bo7513-pardela-trousse-en-polyester-600d-bo7513-personalizavel-15753\/orange-17587\/custom\/","da":"\/da\/p-st-bo7513-pardela-polyester-600d-bo7513-tilpasseligt-15753\/orange-17587\/custom\/","pl":"\/pl\/p-st-bo7513-pardela-torba-z-poliestru-600d-bo7513-do-personalizacji-15753\/orange-17587\/custom\/"}},{"id":17590,"name":"marine","class_ids":[2],"codes_hexa":["001d43"],"delai_24":false,"has_3d":false,"seuil_global":0,"stock_local":0,"stock_global":496,"on_standby":false,"in_catalog":true,"images":{"miniature":["https:\/\/media.th4.com\/p6n-TXgkqUDmXZMhepBD3Qj2FDkSqdHug3CHgr_5zfQ\/pr:80\/aHR0cDovL21lZGlhMi5kZXNpZ25wYXJ0bmVyLmZyL2MvcC8xNTc1My8xNTc1My0xNzU5MC0xLmpwZw?v=1634809158","https:\/\/media.th4.com\/lxV4Zt9oJvtRBvUNnbxMIBllPZXn9L5EUGBm6BVwm-U\/pr:80\/aHR0cDovL21lZGlhMi5kZXNpZ25wYXJ0bmVyLmZyL2MvcC8xNTc1My8xNTc1My0xNzU5MC0yLmpwZw?v=1634809158"],"medium":["https:\/\/media.th4.com\/csSCezosWRoIxvNvHTBcMqAboA70IVYCNpbZ_6qckk4\/pr:550x550\/aHR0cDovL21lZGlhMi5kZXNpZ25wYXJ0bmVyLmZyL2MvcC8xNTc1My8xNTc1My0xNzU5MC0xLmpwZw?v=1634809158","https:\/\/media.th4.com\/q3Y-ZUvdfq1bKFkO2pAaQjYZ9VCyYnWbS7J8_GRjOXc\/pr:550x550\/aHR0cDovL21lZGlhMi5kZXNpZ25wYXJ0bmVyLmZyL2MvcC8xNTc1My8xNTc1My0xNzU5MC0yLmpwZw?v=1634809158"],"medium_large":["https:\/\/media.th4.com\/CwnosPJ-8XL9yBTgGvl8ScvtaOhcczLaQlxichHdVZQ\/pr:1000x1000\/aHR0cDovL21lZGlhMi5kZXNpZ25wYXJ0bmVyLmZyL2MvcC8xNTc1My8xNTc1My0xNzU5MC0xLmpwZw?v=1634809158","https:\/\/media.th4.com\/doVGB5udLA0yYcVWYeQKVFjx9TFU-A0L9O6pqaz-20I\/pr:1000x1000\/aHR0cDovL21lZGlhMi5kZXNpZ25wYXJ0bmVyLmZyL2MvcC8xNTc1My8xNTc1My0xNzU5MC0yLmpwZw?v=1634809158"],"large":["https:\/\/media.th4.com\/vTa6oMDtdSVTmQxjhNvIljd8Ua53bCO2hxHEV3vMp5w\/pr:1920\/aHR0cDovL21lZGlhMi5kZXNpZ25wYXJ0bmVyLmZyL2MvcC8xNTc1My8xNTc1My0xNzU5MC0xLmpwZw?v=1634809158","https:\/\/media.th4.com\/9rqDLmX-ePywYizdmEYV-Iee18TV06fMlvg7zQVpUl0\/pr:1920\/aHR0cDovL21lZGlhMi5kZXNpZ25wYXJ0bmVyLmZyL2MvcC8xNTc1My8xNTc1My0xNzU5MC0yLmpwZw?v=1634809158"],"opengraph":["https:\/\/media.th4.com\/ZpmrSpC85kJIj6cKtc0TJB42nv5bPIDini1wD8HGmcU\/pr:1200x630\/aHR0cDovL21lZGlhMi5kZXNpZ25wYXJ0bmVyLmZyL2MvcC8xNTc1My8xNTc1My0xNzU5MC0xLmpwZw?v=1634809158","https:\/\/media.th4.com\/DwX00JwToWNhlP1o-yOKcqRygGRLjsscQH3_Jbzlob0\/pr:1200x630\/aHR0cDovL21lZGlhMi5kZXNpZ25wYXJ0bmVyLmZyL2MvcC8xNTc1My8xNTc1My0xNzU5MC0yLmpwZw?v=1634809158"]},"images_customization":{"miniature":["https:\/\/media.th4.com\/p6n-TXgkqUDmXZMhepBD3Qj2FDkSqdHug3CHgr_5zfQ\/pr:80\/aHR0cDovL21lZGlhMi5kZXNpZ25wYXJ0bmVyLmZyL2MvcC8xNTc1My8xNTc1My0xNzU5MC0xLmpwZw?v=1634809158","https:\/\/media.th4.com\/lxV4Zt9oJvtRBvUNnbxMIBllPZXn9L5EUGBm6BVwm-U\/pr:80\/aHR0cDovL21lZGlhMi5kZXNpZ25wYXJ0bmVyLmZyL2MvcC8xNTc1My8xNTc1My0xNzU5MC0yLmpwZw?v=1634809158"],"medium":["https:\/\/media.th4.com\/csSCezosWRoIxvNvHTBcMqAboA70IVYCNpbZ_6qckk4\/pr:550x550\/aHR0cDovL21lZGlhMi5kZXNpZ25wYXJ0bmVyLmZyL2MvcC8xNTc1My8xNTc1My0xNzU5MC0xLmpwZw?v=1634809158","https:\/\/media.th4.com\/q3Y-ZUvdfq1bKFkO2pAaQjYZ9VCyYnWbS7J8_GRjOXc\/pr:550x550\/aHR0cDovL21lZGlhMi5kZXNpZ25wYXJ0bmVyLmZyL2MvcC8xNTc1My8xNTc1My0xNzU5MC0yLmpwZw?v=1634809158"],"medium_large":["https:\/\/media.th4.com\/CwnosPJ-8XL9yBTgGvl8ScvtaOhcczLaQlxichHdVZQ\/pr:1000x1000\/aHR0cDovL21lZGlhMi5kZXNpZ25wYXJ0bmVyLmZyL2MvcC8xNTc1My8xNTc1My0xNzU5MC0xLmpwZw?v=1634809158","https:\/\/media.th4.com\/doVGB5udLA0yYcVWYeQKVFjx9TFU-A0L9O6pqaz-20I\/pr:1000x1000\/aHR0cDovL21lZGlhMi5kZXNpZ25wYXJ0bmVyLmZyL2MvcC8xNTc1My8xNTc1My0xNzU5MC0yLmpwZw?v=1634809158"],"large":["https:\/\/media.th4.com\/vTa6oMDtdSVTmQxjhNvIljd8Ua53bCO2hxHEV3vMp5w\/pr:1920\/aHR0cDovL21lZGlhMi5kZXNpZ25wYXJ0bmVyLmZyL2MvcC8xNTc1My8xNTc1My0xNzU5MC0xLmpwZw?v=1634809158","https:\/\/media.th4.com\/9rqDLmX-ePywYizdmEYV-Iee18TV06fMlvg7zQVpUl0\/pr:1920\/aHR0cDovL21lZGlhMi5kZXNpZ25wYXJ0bmVyLmZyL2MvcC8xNTc1My8xNTc1My0xNzU5MC0yLmpwZw?v=1634809158"],"opengraph":["https:\/\/media.th4.com\/ZpmrSpC85kJIj6cKtc0TJB42nv5bPIDini1wD8HGmcU\/pr:1200x630\/aHR0cDovL21lZGlhMi5kZXNpZ25wYXJ0bmVyLmZyL2MvcC8xNTc1My8xNTc1My0xNzU5MC0xLmpwZw?v=1634809158","https:\/\/media.th4.com\/DwX00JwToWNhlP1o-yOKcqRygGRLjsscQH3_Jbzlob0\/pr:1200x630\/aHR0cDovL21lZGlhMi5kZXNpZ25wYXJ0bmVyLmZyL2MvcC8xNTc1My8xNTc1My0xNzU5MC0yLmpwZw?v=1634809158"]},"country_origin":"CN","traceability":{"manufacturing_country_id":null,"weaving_country_id":null,"dyeing_country_id":null},"sizes":[{"id":42,"article_id":397393,"class_id":19,"name":"taille_unique","on_standby":false,"stock_local":0,"stock_global":496,"multiple":1,"estimated_date_reassort":null,"is_destocking":false}],"page_links":{"fr":"\/fr\/p-st-bo7513-pardela-trousse-en-polyester-600d-bo7513-15753\/marine-17590\/","en":"\/en\/p-st-bo7513-pardela-polyester-600d-pouch-bo7513-15753\/marine-17590\/","de":"\/de\/p-st-bo7513-pardela-tasche-aus-polyester-600d-bo7513-15753\/marine-17590\/","nl":"\/nl\/p-st-bo7513-pardela-polyester-600d-tas-bo7513-15753\/marine-17590\/","es":"\/es\/p-st-bo7513-mozo-de-poliester-600d-pardela-bo7513-15753\/marine-17590\/","it":"\/it\/p-st-bo7513-pardela-zaino-in-poliestere-600d-bo7513-15753\/marine-17590\/","sv":"\/sv\/p-st-bo7513-pardela-pase-i-polyester-bo7513-15753\/marine-17590\/","pt":"\/pt\/p-st-bo7513-pardela-bolsa-em-poliester-600d-bo7513-15753\/marine-17590\/","da":"\/da\/p-st-bo7513-pardela-taskestykke-i-polyester-600d-bo7513-15753\/marine-17590\/","pl":"\/pl\/p-st-bo7513-pardela-torba-z-poliestru-600d-bo7513-15753\/marine-17590\/"},"page_links_customization":{"fr":"\/fr\/p-st-bo7513-pardela-trousse-en-polyester-600d-bo7513-personnalisable-15753\/marine-17590\/custom\/","en":"\/en\/p-st-bo7513-pardela-polyester-600d-bo7513-customizable-bag-15753\/marine-17590\/custom\/","de":"\/de\/p-st-bo7513-pardela-tasche-aus-polyester-600d-bo7513-personalisierbar-15753\/marine-17590\/custom\/","nl":"\/nl\/p-st-bo7513-pardela-tas-in-polyester-600d-bo7513-personaliseerbaar-15753\/marine-17590\/custom\/","es":"\/es\/p-st-bo7513-pardela-bolsa-en-poliester-600d-bo7513-personalizable-15753\/marine-17590\/custom\/","it":"\/it\/p-st-bo7513-pardela-borsa-in-poliestere-600d-bo7513-personalizzabile-15753\/marine-17590\/custom\/","sv":"\/sv\/p-st-bo7513-pardela-polyester-600d-bo7513-anpassningsbar-15753\/marine-17590\/custom\/","pt":"\/pt\/p-st-bo7513-pardela-trousse-en-polyester-600d-bo7513-personalizavel-15753\/marine-17590\/custom\/","da":"\/da\/p-st-bo7513-pardela-polyester-600d-bo7513-tilpasseligt-15753\/marine-17590\/custom\/","pl":"\/pl\/p-st-bo7513-pardela-torba-z-poliestru-600d-bo7513-do-personalizacji-15753\/marine-17590\/custom\/"}},{"id":17597,"name":"vert_bouteille","class_ids":[5],"codes_hexa":["004237"],"delai_24":false,"has_3d":false,"seuil_global":0,"stock_local":0,"stock_global":496,"on_standby":false,"in_catalog":true,"images":{"miniature":["https:\/\/media.th4.com\/eo492__7wjmJmHD4415Wr7yv-Nud7WQbROV1SvHAIZY\/pr:80\/aHR0cDovL21lZGlhMi5kZXNpZ25wYXJ0bmVyLmZyL2MvcC8xNTc1My8xNTc1My0xNzU5Ny0xLmpwZw?v=1634809158","https:\/\/media.th4.com\/s6l-gx73011s4vIvGibR67I2n5ypn3wv_QeAJTpYviU\/pr:80\/aHR0cDovL21lZGlhMi5kZXNpZ25wYXJ0bmVyLmZyL2MvcC8xNTc1My8xNTc1My0xNzU5Ny0yLmpwZw?v=1634809158"],"medium":["https:\/\/media.th4.com\/YA-eM5Gae7OJ1eD4JHc2sB9fds0Ut_1D5oSzUV4VOeU\/pr:550x550\/aHR0cDovL21lZGlhMi5kZXNpZ25wYXJ0bmVyLmZyL2MvcC8xNTc1My8xNTc1My0xNzU5Ny0xLmpwZw?v=1634809158","https:\/\/media.th4.com\/XqudPPhDtAuDdd15aoyNxMKWQxBh417wa6Ov523u7_g\/pr:550x550\/aHR0cDovL21lZGlhMi5kZXNpZ25wYXJ0bmVyLmZyL2MvcC8xNTc1My8xNTc1My0xNzU5Ny0yLmpwZw?v=1634809158"],"medium_large":["https:\/\/media.th4.com\/x-MNT-vJdf0mByfEWk2MwD2EwLnJwK6R3OCRHjYo6Qw\/pr:1000x1000\/aHR0cDovL21lZGlhMi5kZXNpZ25wYXJ0bmVyLmZyL2MvcC8xNTc1My8xNTc1My0xNzU5Ny0xLmpwZw?v=1634809158","https:\/\/media.th4.com\/zJ3X1k2vsyWqdwATqCip-8cwcxWK96obBZ4HFsCoW9o\/pr:1000x1000\/aHR0cDovL21lZGlhMi5kZXNpZ25wYXJ0bmVyLmZyL2MvcC8xNTc1My8xNTc1My0xNzU5Ny0yLmpwZw?v=1634809158"],"large":["https:\/\/media.th4.com\/2fOwwawgjbtkGwMOOP0dW7nWtmXtq4l50NfT3o5YV0g\/pr:1920\/aHR0cDovL21lZGlhMi5kZXNpZ25wYXJ0bmVyLmZyL2MvcC8xNTc1My8xNTc1My0xNzU5Ny0xLmpwZw?v=1634809158","https:\/\/media.th4.com\/TOTuHFuW4S0Pe3UY6W4QHU_BnYyDJn3pMBMM-WbQhfk\/pr:1920\/aHR0cDovL21lZGlhMi5kZXNpZ25wYXJ0bmVyLmZyL2MvcC8xNTc1My8xNTc1My0xNzU5Ny0yLmpwZw?v=1634809158"],"opengraph":["https:\/\/media.th4.com\/NmGanX3ObjEkeD1IVmbHUq5rgNSFNGFIEI3HmLm6fME\/pr:1200x630\/aHR0cDovL21lZGlhMi5kZXNpZ25wYXJ0bmVyLmZyL2MvcC8xNTc1My8xNTc1My0xNzU5Ny0xLmpwZw?v=1634809158","https:\/\/media.th4.com\/YeVYPvtzoxl2F4nV_kig-BVbOwZkonww4oeOpoJf95Q\/pr:1200x630\/aHR0cDovL21lZGlhMi5kZXNpZ25wYXJ0bmVyLmZyL2MvcC8xNTc1My8xNTc1My0xNzU5Ny0yLmpwZw?v=1634809158"]},"images_customization":{"miniature":["https:\/\/media.th4.com\/eo492__7wjmJmHD4415Wr7yv-Nud7WQbROV1SvHAIZY\/pr:80\/aHR0cDovL21lZGlhMi5kZXNpZ25wYXJ0bmVyLmZyL2MvcC8xNTc1My8xNTc1My0xNzU5Ny0xLmpwZw?v=1634809158","https:\/\/media.th4.com\/s6l-gx73011s4vIvGibR67I2n5ypn3wv_QeAJTpYviU\/pr:80\/aHR0cDovL21lZGlhMi5kZXNpZ25wYXJ0bmVyLmZyL2MvcC8xNTc1My8xNTc1My0xNzU5Ny0yLmpwZw?v=1634809158"],"medium":["https:\/\/media.th4.com\/YA-eM5Gae7OJ1eD4JHc2sB9fds0Ut_1D5oSzUV4VOeU\/pr:550x550\/aHR0cDovL21lZGlhMi5kZXNpZ25wYXJ0bmVyLmZyL2MvcC8xNTc1My8xNTc1My0xNzU5Ny0xLmpwZw?v=1634809158","https:\/\/media.th4.com\/XqudPPhDtAuDdd15aoyNxMKWQxBh417wa6Ov523u7_g\/pr:550x550\/aHR0cDovL21lZGlhMi5kZXNpZ25wYXJ0bmVyLmZyL2MvcC8xNTc1My8xNTc1My0xNzU5Ny0yLmpwZw?v=1634809158"],"medium_large":["https:\/\/media.th4.com\/x-MNT-vJdf0mByfEWk2MwD2EwLnJwK6R3OCRHjYo6Qw\/pr:1000x1000\/aHR0cDovL21lZGlhMi5kZXNpZ25wYXJ0bmVyLmZyL2MvcC8xNTc1My8xNTc1My0xNzU5Ny0xLmpwZw?v=1634809158","https:\/\/media.th4.com\/zJ3X1k2vsyWqdwATqCip-8cwcxWK96obBZ4HFsCoW9o\/pr:1000x1000\/aHR0cDovL21lZGlhMi5kZXNpZ25wYXJ0bmVyLmZyL2MvcC8xNTc1My8xNTc1My0xNzU5Ny0yLmpwZw?v=1634809158"],"large":["https:\/\/media.th4.com\/2fOwwawgjbtkGwMOOP0dW7nWtmXtq4l50NfT3o5YV0g\/pr:1920\/aHR0cDovL21lZGlhMi5kZXNpZ25wYXJ0bmVyLmZyL2MvcC8xNTc1My8xNTc1My0xNzU5Ny0xLmpwZw?v=1634809158","https:\/\/media.th4.com\/TOTuHFuW4S0Pe3UY6W4QHU_BnYyDJn3pMBMM-WbQhfk\/pr:1920\/aHR0cDovL21lZGlhMi5kZXNpZ25wYXJ0bmVyLmZyL2MvcC8xNTc1My8xNTc1My0xNzU5Ny0yLmpwZw?v=1634809158"],"opengraph":["https:\/\/media.th4.com\/NmGanX3ObjEkeD1IVmbHUq5rgNSFNGFIEI3HmLm6fME\/pr:1200x630\/aHR0cDovL21lZGlhMi5kZXNpZ25wYXJ0bmVyLmZyL2MvcC8xNTc1My8xNTc1My0xNzU5Ny0xLmpwZw?v=1634809158","https:\/\/media.th4.com\/YeVYPvtzoxl2F4nV_kig-BVbOwZkonww4oeOpoJf95Q\/pr:1200x630\/aHR0cDovL21lZGlhMi5kZXNpZ25wYXJ0bmVyLmZyL2MvcC8xNTc1My8xNTc1My0xNzU5Ny0yLmpwZw?v=1634809158"]},"country_origin":"CN","traceability":{"manufacturing_country_id":null,"weaving_country_id":null,"dyeing_country_id":null},"sizes":[{"id":42,"article_id":397394,"class_id":19,"name":"taille_unique","on_standby":false,"stock_local":0,"stock_global":496,"multiple":1,"estimated_date_reassort":null,"is_destocking":false}],"page_links":{"fr":"\/fr\/p-st-bo7513-pardela-trousse-en-polyester-600d-bo7513-15753\/vert-bouteille-17597\/","en":"\/en\/p-st-bo7513-pardela-polyester-600d-pouch-bo7513-15753\/vert-bouteille-17597\/","de":"\/de\/p-st-bo7513-pardela-tasche-aus-polyester-600d-bo7513-15753\/vert-bouteille-17597\/","nl":"\/nl\/p-st-bo7513-pardela-polyester-600d-tas-bo7513-15753\/vert-bouteille-17597\/","es":"\/es\/p-st-bo7513-mozo-de-poliester-600d-pardela-bo7513-15753\/vert-bouteille-17597\/","it":"\/it\/p-st-bo7513-pardela-zaino-in-poliestere-600d-bo7513-15753\/vert-bouteille-17597\/","sv":"\/sv\/p-st-bo7513-pardela-pase-i-polyester-bo7513-15753\/vert-bouteille-17597\/","pt":"\/pt\/p-st-bo7513-pardela-bolsa-em-poliester-600d-bo7513-15753\/vert-bouteille-17597\/","da":"\/da\/p-st-bo7513-pardela-taskestykke-i-polyester-600d-bo7513-15753\/vert-bouteille-17597\/","pl":"\/pl\/p-st-bo7513-pardela-torba-z-poliestru-600d-bo7513-15753\/vert-bouteille-17597\/"},"page_links_customization":{"fr":"\/fr\/p-st-bo7513-pardela-trousse-en-polyester-600d-bo7513-personnalisable-15753\/vert-bouteille-17597\/custom\/","en":"\/en\/p-st-bo7513-pardela-polyester-600d-bo7513-customizable-bag-15753\/vert-bouteille-17597\/custom\/","de":"\/de\/p-st-bo7513-pardela-tasche-aus-polyester-600d-bo7513-personalisierbar-15753\/vert-bouteille-17597\/custom\/","nl":"\/nl\/p-st-bo7513-pardela-tas-in-polyester-600d-bo7513-personaliseerbaar-15753\/vert-bouteille-17597\/custom\/","es":"\/es\/p-st-bo7513-pardela-bolsa-en-poliester-600d-bo7513-personalizable-15753\/vert-bouteille-17597\/custom\/","it":"\/it\/p-st-bo7513-pardela-borsa-in-poliestere-600d-bo7513-personalizzabile-15753\/vert-bouteille-17597\/custom\/","sv":"\/sv\/p-st-bo7513-pardela-polyester-600d-bo7513-anpassningsbar-15753\/vert-bouteille-17597\/custom\/","pt":"\/pt\/p-st-bo7513-pardela-trousse-en-polyester-600d-bo7513-personalizavel-15753\/vert-bouteille-17597\/custom\/","da":"\/da\/p-st-bo7513-pardela-polyester-600d-bo7513-tilpasseligt-15753\/vert-bouteille-17597\/custom\/","pl":"\/pl\/p-st-bo7513-pardela-torba-z-poliestru-600d-bo7513-do-personalizacji-15753\/vert-bouteille-17597\/custom\/"}},{"id":17589,"name":"rouge","class_ids":[6],"codes_hexa":["dc002e"],"delai_24":false,"has_3d":false,"seuil_global":0,"stock_local":0,"stock_global":496,"on_standby":false,"in_catalog":true,"images":{"miniature":["https:\/\/media.th4.com\/ajfaSUqYprNS8TU_C-LWKZIlHyqnN4O8JowAW8YgSEE\/pr:80\/aHR0cDovL21lZGlhMi5kZXNpZ25wYXJ0bmVyLmZyL2MvcC8xNTc1My8xNTc1My0xNzU4OS0xLmpwZw?v=1634809158","https:\/\/media.th4.com\/Opn-mQENZLr-lUrRYsdgfRFn1iBy5GsEOVWcWMpG5hE\/pr:80\/aHR0cDovL21lZGlhMi5kZXNpZ25wYXJ0bmVyLmZyL2MvcC8xNTc1My8xNTc1My0xNzU4OS0yLmpwZw?v=1634809158"],"medium":["https:\/\/media.th4.com\/HVei9DSITY5z-sZo4xaw2uHrihQkhy9T7CxWzLc2EsM\/pr:550x550\/aHR0cDovL21lZGlhMi5kZXNpZ25wYXJ0bmVyLmZyL2MvcC8xNTc1My8xNTc1My0xNzU4OS0xLmpwZw?v=1634809158","https:\/\/media.th4.com\/7aiT9N-wRtOVMEvlo9f4BqJ61lWn3FE-l9x9sF_2NYI\/pr:550x550\/aHR0cDovL21lZGlhMi5kZXNpZ25wYXJ0bmVyLmZyL2MvcC8xNTc1My8xNTc1My0xNzU4OS0yLmpwZw?v=1634809158"],"medium_large":["https:\/\/media.th4.com\/vvOSoNPputMfEcPMZP5ba0WrWfK9ZeW-8SX6ZeJQJ5g\/pr:1000x1000\/aHR0cDovL21lZGlhMi5kZXNpZ25wYXJ0bmVyLmZyL2MvcC8xNTc1My8xNTc1My0xNzU4OS0xLmpwZw?v=1634809158","https:\/\/media.th4.com\/ZvWXGEyP5RDUTqGtCkAa2O2_9WSVrTPEo7xCBWagSxI\/pr:1000x1000\/aHR0cDovL21lZGlhMi5kZXNpZ25wYXJ0bmVyLmZyL2MvcC8xNTc1My8xNTc1My0xNzU4OS0yLmpwZw?v=1634809158"],"large":["https:\/\/media.th4.com\/5O2ScB2S0NckYwj2GB4SWAqCUhLVX2VyedP2MJgN_LA\/pr:1920\/aHR0cDovL21lZGlhMi5kZXNpZ25wYXJ0bmVyLmZyL2MvcC8xNTc1My8xNTc1My0xNzU4OS0xLmpwZw?v=1634809158","https:\/\/media.th4.com\/askgzNs8J50XX8tB4UuhjljmWP1Fpu3SevcllckCBCc\/pr:1920\/aHR0cDovL21lZGlhMi5kZXNpZ25wYXJ0bmVyLmZyL2MvcC8xNTc1My8xNTc1My0xNzU4OS0yLmpwZw?v=1634809158"],"opengraph":["https:\/\/media.th4.com\/UW82utRuZ5HK2Y_QSEcJTpxrfCKbVq2KAeA6rhpHSqA\/pr:1200x630\/aHR0cDovL21lZGlhMi5kZXNpZ25wYXJ0bmVyLmZyL2MvcC8xNTc1My8xNTc1My0xNzU4OS0xLmpwZw?v=1634809158","https:\/\/media.th4.com\/bKkoQxl4iuKoVcJ8z9yBc7F44hDXwAOWUbVPzMb5UI8\/pr:1200x630\/aHR0cDovL21lZGlhMi5kZXNpZ25wYXJ0bmVyLmZyL2MvcC8xNTc1My8xNTc1My0xNzU4OS0yLmpwZw?v=1634809158"]},"images_customization":{"miniature":["https:\/\/media.th4.com\/ajfaSUqYprNS8TU_C-LWKZIlHyqnN4O8JowAW8YgSEE\/pr:80\/aHR0cDovL21lZGlhMi5kZXNpZ25wYXJ0bmVyLmZyL2MvcC8xNTc1My8xNTc1My0xNzU4OS0xLmpwZw?v=1634809158","https:\/\/media.th4.com\/Opn-mQENZLr-lUrRYsdgfRFn1iBy5GsEOVWcWMpG5hE\/pr:80\/aHR0cDovL21lZGlhMi5kZXNpZ25wYXJ0bmVyLmZyL2MvcC8xNTc1My8xNTc1My0xNzU4OS0yLmpwZw?v=1634809158"],"medium":["https:\/\/media.th4.com\/HVei9DSITY5z-sZo4xaw2uHrihQkhy9T7CxWzLc2EsM\/pr:550x550\/aHR0cDovL21lZGlhMi5kZXNpZ25wYXJ0bmVyLmZyL2MvcC8xNTc1My8xNTc1My0xNzU4OS0xLmpwZw?v=1634809158","https:\/\/media.th4.com\/7aiT9N-wRtOVMEvlo9f4BqJ61lWn3FE-l9x9sF_2NYI\/pr:550x550\/aHR0cDovL21lZGlhMi5kZXNpZ25wYXJ0bmVyLmZyL2MvcC8xNTc1My8xNTc1My0xNzU4OS0yLmpwZw?v=1634809158"],"medium_large":["https:\/\/media.th4.com\/vvOSoNPputMfEcPMZP5ba0WrWfK9ZeW-8SX6ZeJQJ5g\/pr:1000x1000\/aHR0cDovL21lZGlhMi5kZXNpZ25wYXJ0bmVyLmZyL2MvcC8xNTc1My8xNTc1My0xNzU4OS0xLmpwZw?v=1634809158","https:\/\/media.th4.com\/ZvWXGEyP5RDUTqGtCkAa2O2_9WSVrTPEo7xCBWagSxI\/pr:1000x1000\/aHR0cDovL21lZGlhMi5kZXNpZ25wYXJ0bmVyLmZyL2MvcC8xNTc1My8xNTc1My0xNzU4OS0yLmpwZw?v=1634809158"],"large":["https:\/\/media.th4.com\/5O2ScB2S0NckYwj2GB4SWAqCUhLVX2VyedP2MJgN_LA\/pr:1920\/aHR0cDovL21lZGlhMi5kZXNpZ25wYXJ0bmVyLmZyL2MvcC8xNTc1My8xNTc1My0xNzU4OS0xLmpwZw?v=1634809158","https:\/\/media.th4.com\/askgzNs8J50XX8tB4UuhjljmWP1Fpu3SevcllckCBCc\/pr:1920\/aHR0cDovL21lZGlhMi5kZXNpZ25wYXJ0bmVyLmZyL2MvcC8xNTc1My8xNTc1My0xNzU4OS0yLmpwZw?v=1634809158"],"opengraph":["https:\/\/media.th4.com\/UW82utRuZ5HK2Y_QSEcJTpxrfCKbVq2KAeA6rhpHSqA\/pr:1200x630\/aHR0cDovL21lZGlhMi5kZXNpZ25wYXJ0bmVyLmZyL2MvcC8xNTc1My8xNTc1My0xNzU4OS0xLmpwZw?v=1634809158","https:\/\/media.th4.com\/bKkoQxl4iuKoVcJ8z9yBc7F44hDXwAOWUbVPzMb5UI8\/pr:1200x630\/aHR0cDovL21lZGlhMi5kZXNpZ25wYXJ0bmVyLmZyL2MvcC8xNTc1My8xNTc1My0xNzU4OS0yLmpwZw?v=1634809158"]},"country_origin":"CN","traceability":{"manufacturing_country_id":null,"weaving_country_id":null,"dyeing_country_id":null},"sizes":[{"id":42,"article_id":397395,"class_id":19,"name":"taille_unique","on_standby":false,"stock_local":0,"stock_global":496,"multiple":1,"estimated_date_reassort":null,"is_destocking":false}],"page_links":{"fr":"\/fr\/p-st-bo7513-pardela-trousse-en-polyester-600d-bo7513-15753\/rouge-17589\/","en":"\/en\/p-st-bo7513-pardela-polyester-600d-pouch-bo7513-15753\/rouge-17589\/","de":"\/de\/p-st-bo7513-pardela-tasche-aus-polyester-600d-bo7513-15753\/rouge-17589\/","nl":"\/nl\/p-st-bo7513-pardela-polyester-600d-tas-bo7513-15753\/rouge-17589\/","es":"\/es\/p-st-bo7513-mozo-de-poliester-600d-pardela-bo7513-15753\/rouge-17589\/","it":"\/it\/p-st-bo7513-pardela-zaino-in-poliestere-600d-bo7513-15753\/rouge-17589\/","sv":"\/sv\/p-st-bo7513-pardela-pase-i-polyester-bo7513-15753\/rouge-17589\/","pt":"\/pt\/p-st-bo7513-pardela-bolsa-em-poliester-600d-bo7513-15753\/rouge-17589\/","da":"\/da\/p-st-bo7513-pardela-taskestykke-i-polyester-600d-bo7513-15753\/rouge-17589\/","pl":"\/pl\/p-st-bo7513-pardela-torba-z-poliestru-600d-bo7513-15753\/rouge-17589\/"},"page_links_customization":{"fr":"\/fr\/p-st-bo7513-pardela-trousse-en-polyester-600d-bo7513-personnalisable-15753\/rouge-17589\/custom\/","en":"\/en\/p-st-bo7513-pardela-polyester-600d-bo7513-customizable-bag-15753\/rouge-17589\/custom\/","de":"\/de\/p-st-bo7513-pardela-tasche-aus-polyester-600d-bo7513-personalisierbar-15753\/rouge-17589\/custom\/","nl":"\/nl\/p-st-bo7513-pardela-tas-in-polyester-600d-bo7513-personaliseerbaar-15753\/rouge-17589\/custom\/","es":"\/es\/p-st-bo7513-pardela-bolsa-en-poliester-600d-bo7513-personalizable-15753\/rouge-17589\/custom\/","it":"\/it\/p-st-bo7513-pardela-borsa-in-poliestere-600d-bo7513-personalizzabile-15753\/rouge-17589\/custom\/","sv":"\/sv\/p-st-bo7513-pardela-polyester-600d-bo7513-anpassningsbar-15753\/rouge-17589\/custom\/","pt":"\/pt\/p-st-bo7513-pardela-trousse-en-polyester-600d-bo7513-personalizavel-15753\/rouge-17589\/custom\/","da":"\/da\/p-st-bo7513-pardela-polyester-600d-bo7513-tilpasseligt-15753\/rouge-17589\/custom\/","pl":"\/pl\/p-st-bo7513-pardela-torba-z-poliestru-600d-bo7513-do-personalizacji-15753\/rouge-17589\/custom\/"}},{"id":24679,"name":"sable","class_ids":[8],"codes_hexa":["B89B84"],"delai_24":false,"has_3d":false,"seuil_global":0,"stock_local":0,"stock_global":496,"on_standby":false,"in_catalog":true,"images":{"miniature":["https:\/\/media.th4.com\/GanZOg1104BzhgG6r1jRCLiVFmOn0eW5QstMCaIplfs\/pr:80\/aHR0cDovL21lZGlhMi5kZXNpZ25wYXJ0bmVyLmZyL2MvcC8xNTc1My8xNTc1My0yNDY3OS0xLndlYnA?v=1759307766"],"medium":["https:\/\/media.th4.com\/_Vpr3JcOZNIy-F1404Yl3iDRQyyXvziEU065uOinsZA\/pr:550x550\/aHR0cDovL21lZGlhMi5kZXNpZ25wYXJ0bmVyLmZyL2MvcC8xNTc1My8xNTc1My0yNDY3OS0xLndlYnA?v=1759307766"],"medium_large":["https:\/\/media.th4.com\/8bE7U9feGUKfbhVN5T091SLp1r4lLKJhIih0EK8kARQ\/pr:1000x1000\/aHR0cDovL21lZGlhMi5kZXNpZ25wYXJ0bmVyLmZyL2MvcC8xNTc1My8xNTc1My0yNDY3OS0xLndlYnA?v=1759307766"],"large":["https:\/\/media.th4.com\/j9Y2vKjdTtV0yhDBifHNikgmLng7LyRUBzHedriYQ54\/pr:1920\/aHR0cDovL21lZGlhMi5kZXNpZ25wYXJ0bmVyLmZyL2MvcC8xNTc1My8xNTc1My0yNDY3OS0xLndlYnA?v=1759307766"],"opengraph":["https:\/\/media.th4.com\/fvAW49kOap7uGYuawa7rWlDsNjdXC-qyY2GvadcKqgM\/pr:1200x630\/aHR0cDovL21lZGlhMi5kZXNpZ25wYXJ0bmVyLmZyL2MvcC8xNTc1My8xNTc1My0yNDY3OS0xLndlYnA?v=1759307766"]},"images_customization":{"miniature":["https:\/\/media.th4.com\/GanZOg1104BzhgG6r1jRCLiVFmOn0eW5QstMCaIplfs\/pr:80\/aHR0cDovL21lZGlhMi5kZXNpZ25wYXJ0bmVyLmZyL2MvcC8xNTc1My8xNTc1My0yNDY3OS0xLndlYnA?v=1759307766"],"medium":["https:\/\/media.th4.com\/_Vpr3JcOZNIy-F1404Yl3iDRQyyXvziEU065uOinsZA\/pr:550x550\/aHR0cDovL21lZGlhMi5kZXNpZ25wYXJ0bmVyLmZyL2MvcC8xNTc1My8xNTc1My0yNDY3OS0xLndlYnA?v=1759307766"],"medium_large":["https:\/\/media.th4.com\/8bE7U9feGUKfbhVN5T091SLp1r4lLKJhIih0EK8kARQ\/pr:1000x1000\/aHR0cDovL21lZGlhMi5kZXNpZ25wYXJ0bmVyLmZyL2MvcC8xNTc1My8xNTc1My0yNDY3OS0xLndlYnA?v=1759307766"],"large":["https:\/\/media.th4.com\/j9Y2vKjdTtV0yhDBifHNikgmLng7LyRUBzHedriYQ54\/pr:1920\/aHR0cDovL21lZGlhMi5kZXNpZ25wYXJ0bmVyLmZyL2MvcC8xNTc1My8xNTc1My0yNDY3OS0xLndlYnA?v=1759307766"],"opengraph":["https:\/\/media.th4.com\/fvAW49kOap7uGYuawa7rWlDsNjdXC-qyY2GvadcKqgM\/pr:1200x630\/aHR0cDovL21lZGlhMi5kZXNpZ25wYXJ0bmVyLmZyL2MvcC8xNTc1My8xNTc1My0yNDY3OS0xLndlYnA?v=1759307766"]},"country_origin":"CN","traceability":{"manufacturing_country_id":null,"weaving_country_id":null,"dyeing_country_id":null},"sizes":[{"id":42,"article_id":513224,"class_id":19,"name":"taille_unique","on_standby":false,"stock_local":0,"stock_global":496,"multiple":1,"estimated_date_reassort":null,"is_destocking":false}],"page_links":{"fr":"\/fr\/p-st-bo7513-pardela-trousse-en-polyester-600d-bo7513-15753\/sable-24679\/","en":"\/en\/p-st-bo7513-pardela-polyester-600d-pouch-bo7513-15753\/sable-24679\/","de":"\/de\/p-st-bo7513-pardela-tasche-aus-polyester-600d-bo7513-15753\/sable-24679\/","nl":"\/nl\/p-st-bo7513-pardela-polyester-600d-tas-bo7513-15753\/sable-24679\/","es":"\/es\/p-st-bo7513-mozo-de-poliester-600d-pardela-bo7513-15753\/sable-24679\/","it":"\/it\/p-st-bo7513-pardela-zaino-in-poliestere-600d-bo7513-15753\/sable-24679\/","sv":"\/sv\/p-st-bo7513-pardela-pase-i-polyester-bo7513-15753\/sable-24679\/","pt":"\/pt\/p-st-bo7513-pardela-bolsa-em-poliester-600d-bo7513-15753\/sable-24679\/","da":"\/da\/p-st-bo7513-pardela-taskestykke-i-polyester-600d-bo7513-15753\/sable-24679\/","pl":"\/pl\/p-st-bo7513-pardela-torba-z-poliestru-600d-bo7513-15753\/sable-24679\/"},"page_links_customization":{"fr":"\/fr\/p-st-bo7513-pardela-trousse-en-polyester-600d-bo7513-personnalisable-15753\/sable-24679\/custom\/","en":"\/en\/p-st-bo7513-pardela-polyester-600d-bo7513-customizable-bag-15753\/sable-24679\/custom\/","de":"\/de\/p-st-bo7513-pardela-tasche-aus-polyester-600d-bo7513-personalisierbar-15753\/sable-24679\/custom\/","nl":"\/nl\/p-st-bo7513-pardela-tas-in-polyester-600d-bo7513-personaliseerbaar-15753\/sable-24679\/custom\/","es":"\/es\/p-st-bo7513-pardela-bolsa-en-poliester-600d-bo7513-personalizable-15753\/sable-24679\/custom\/","it":"\/it\/p-st-bo7513-pardela-borsa-in-poliestere-600d-bo7513-personalizzabile-15753\/sable-24679\/custom\/","sv":"\/sv\/p-st-bo7513-pardela-polyester-600d-bo7513-anpassningsbar-15753\/sable-24679\/custom\/","pt":"\/pt\/p-st-bo7513-pardela-trousse-en-polyester-600d-bo7513-personalizavel-15753\/sable-24679\/custom\/","da":"\/da\/p-st-bo7513-pardela-polyester-600d-bo7513-tilpasseligt-15753\/sable-24679\/custom\/","pl":"\/pl\/p-st-bo7513-pardela-torba-z-poliestru-600d-bo7513-do-personalizacji-15753\/sable-24679\/custom\/"}}],"documentation_link":"\/pdf\/15753.pdf","countries_availables":["AD","AE","AL","AT","BA","BD","BE","BG","BL","CA","CH","CN","CO","CY","CZ","DE","DK","DO","EE","EG","ES","ET","FI","FR","GB","GE","GF","GP","GR","GT","HK","HN","HR","HT","HU","ID","IE","IN","IS","IT","JO","JP","KE","KH","KP","KR","LA","LK","LS","LT","LU","LV","MA","MF","MG","MK","MM","MN","MQ","MT","MX","MY","NC","NI","NL","PF","PH","PK","PL","PM","PT","RE","RO","SE","SG","SI","SK","SV","SY","TH","TN","TR","TW","TZ","US","VN","WF","YT"]},"infos_customization":[],"features":{"authorize_multi_surfaces":true,"display_order_delay_type":true,"promote_surface_display":true,"tarification_franco_offert":true,"enabled_3d_editor":false},"markings":[{"id":0,"nom":"vierge","finition":null,"libelle":null,"code":null,"dpi":null,"finesse_forme_isolee":null,"finesse_forme_non_isolee":null,"hauteur_minimale_texte":null,"inactif":0,"marquage_interne":1,"quantite_min":null,"parent_id":null,"print_on_support":0,"content":"vierge","description":null},{"id":2,"nom":"fonce","finition":"optimale","libelle":"TopQuadri","code":null,"dpi":400,"finesse_forme_isolee":"0.040","finesse_forme_non_isolee":"0.700","hauteur_minimale_texte":2,"inactif":0,"marquage_interne":1,"quantite_min":null,"parent_id":18,"print_on_support":0,"content":"TopQuadri","description":"pour petites et moyennes s\u00e9ries"},{"id":3,"nom":"serigraphie","finition":"serigraphie","libelle":"SeriCoat","code":null,"dpi":400,"finesse_forme_isolee":"0.040","finesse_forme_non_isolee":"0.700","hauteur_minimale_texte":2,"inactif":0,"marquage_interne":1,"quantite_min":15,"parent_id":18,"print_on_support":0,"content":"SeriCoat","description":"pour moyennes et grandes s\u00e9ries"},{"id":4,"nom":"broderie","finition":"broderie","libelle":"Broderie","code":null,"dpi":400,"finesse_forme_isolee":"0.040","finesse_forme_non_isolee":"0.700","hauteur_minimale_texte":3,"inactif":0,"marquage_interne":1,"quantite_min":null,"parent_id":null,"print_on_support":0,"content":"Broderie","description":null},{"id":8,"nom":"theme","finition":null,"libelle":"Th\u00e8me","code":null,"dpi":null,"finesse_forme_isolee":null,"finesse_forme_non_isolee":null,"hauteur_minimale_texte":null,"inactif":0,"marquage_interne":1,"quantite_min":null,"parent_id":null,"print_on_support":0,"content":"Th\u00e8me","description":null},{"id":9,"nom":"sans","finition":null,"libelle":null,"code":null,"dpi":null,"finesse_forme_isolee":null,"finesse_forme_non_isolee":null,"hauteur_minimale_texte":null,"inactif":0,"marquage_interne":1,"quantite_min":null,"parent_id":null,"print_on_support":0,"content":"sans","description":null},{"id":10,"nom":"photo","finition":null,"libelle":"Photo","code":null,"dpi":null,"finesse_forme_isolee":null,"finesse_forme_non_isolee":null,"hauteur_minimale_texte":null,"inactif":0,"marquage_interne":1,"quantite_min":null,"parent_id":null,"print_on_support":0,"content":"Photo","description":null},{"id":14,"nom":"couleur","finition":null,"libelle":"Couleur","code":null,"dpi":null,"finesse_forme_isolee":null,"finesse_forme_non_isolee":null,"hauteur_minimale_texte":null,"inactif":0,"marquage_interne":1,"quantite_min":null,"parent_id":null,"print_on_support":0,"content":"Couleur","description":null},{"id":15,"nom":"sublimation","finition":"sublimation","libelle":"Sublimation","code":null,"dpi":null,"finesse_forme_isolee":"0.000","finesse_forme_non_isolee":"0.000","hauteur_minimale_texte":2,"inactif":0,"marquage_interne":1,"quantite_min":null,"parent_id":null,"print_on_support":0,"content":"Sublimation","description":null},{"id":16,"nom":"topquadri_uv","finition":null,"libelle":"TopQuadri UV","code":null,"dpi":null,"finesse_forme_isolee":"0.020","finesse_forme_non_isolee":"0.700","hauteur_minimale_texte":2,"inactif":0,"marquage_interne":1,"quantite_min":null,"parent_id":null,"print_on_support":1,"content":null,"description":null},{"id":17,"nom":"topquadri_uvp","finition":null,"libelle":"TopQuadri UVP","code":null,"dpi":null,"finesse_forme_isolee":"0.020","finesse_forme_non_isolee":"0.700","hauteur_minimale_texte":2,"inactif":0,"marquage_interne":1,"quantite_min":null,"parent_id":null,"print_on_support":1,"content":null,"description":null},{"id":18,"nom":"quadri","finition":null,"libelle":"Impression","code":null,"dpi":null,"finesse_forme_isolee":null,"finesse_forme_non_isolee":null,"hauteur_minimale_texte":null,"inactif":0,"marquage_interne":1,"quantite_min":null,"parent_id":null,"print_on_support":0,"content":null,"description":null}]}}