{"data":{"product":{"id":15377,"titre":"Sweat \u00e0 capuche Anthem pour homme","description":"Sweat moulant, en tissu peau de p\u00eache au toucher doux. Capuche en tricot gaufr\u00e9. Cordon de serrage en polyester. Int\u00e9rieur en molleton gratt\u00e9. Des finitions \u00e0 double aiguille de haute qualit\u00e9. Poignets c\u00f4tel\u00e9s d\u00e9coup\u00e9s et cousus deux en un. Poche kangourou. \u00c9tiquette de taille de couleur identique. Composition : couleurs unies  80 % coton bio, 20 % polyester recycl\u00e9; gris chin\u00e9 73 % coton bio, 21 % polyester recycl\u00e9, 6 % viscose; ash grey 78% coton bio, 21% polyester recycl\u00e9, 1% viscose.","genre":"homme","grammage":320,"conditionnement":20,"composition":"coton,polyester","reference":"AM001","reference_visible":"an-am001","reference_fabricant":"AM001","ref_xor":"748116","in_catalog":true,"is_transfer":false,"is_service":false,"on_standby":false,"has_3d":true,"has_size_guide":true,"has_marking":true,"has_vierge":true,"is_cross_sellable":false,"id_picto":9,"filename_3d":"15377","brand":{"id":336,"name":"Anthem","logo":"logo-anthem.png","image":"https:\/\/media.th4.com\/-PU5PJrKxNfJlBnXaTWw7Yj1xubPpjYoI8jzJQ5tJ1g\/pr:brand70x70\/aHR0cDovL21lZGlhMi5kZXNpZ25wYXJ0bmVyLmZyL2MvbS9sb2dvLWFudGhlbS5wbmc?v=1691073602"},"price_infos":{"price_from":21.82,"quantity":200,"color":{"id":17237,"name":"black"},"size":{"id":2,"name":"M"}},"price_infos_marking":{"price_from":26.53,"quantity":1500,"color":{"id":17237,"name":"black"},"size":{"id":2,"name":"M"},"marking":{"id":2,"name":""},"emplacement":"avant","surface_emplacement_id":1,"surface":"coeur"},"i18n":{"blank":{"title":{"fr":"Sweat \u00e0 capuche anthem pour homme ANTHEM am001","en":"Men's anthem hoodie ANTHEM am001","de":"M\u00e4nner Sweatshirt mit Kapuze anthem ANTHEM am001","nl":"Anthem hoodie voor mannen ANTHEM am001","es":"Sudadera con capucha anthem para hombre ANTHEM am001","it":"Felpa con cappuccio anthem per uomo ANTHEM am001","sv":"Sweatshirt med huva anthem f\u00f6r m\u00e4n ANTHEM am001","pt":"Moletom com capuz anthem para homem ANTHEM am001","da":"Sweat med h\u00e6tte anthem til m\u00e6nd ANTHEM am001","pl":"M\u0119ski sweter z kaptur anthem ANTHEM am001"},"description":{"fr":"Sweat \u00e0 capuche pour homme, con\u00e7u en tissu peau de p\u00eache pour un toucher doux. Il pr\u00e9sente une capuche en tricot gaufr\u00e9 et un cordon de serrage en polyester pour un ajustement personnalis\u00e9. L'int\u00e9rieur en molleton gratt\u00e9 offre un confort accru. Des finitions \u00e0 double aiguille renforcent la durabilit\u00e9 de ce v\u00eatement. Les poignets c\u00f4tel\u00e9s d\u00e9coup\u00e9s et cousus deux en un assurent un maintien optimal. Une poche kangourou pratique permet de garder les mains au chaud ou de ranger de petits objets. L'\u00e9tiquette de taille est assortie \u00e0 la couleur du sweat. \n\n- Composition : 73% coton bio, 21% polyester recycl\u00e9, 6% viscose (gris chin\u00e9)\n- Composition : 78% coton bio, 21% polyester recycl\u00e9, 1% viscose (ash grey)","en":"Men's hooded sweatshirt, designed from peach skin fabric for a soft feel. It features a knitted ribbed hood and a polyester drawstring for customizable fit. The brushed fleece interior provides added comfort. Double-needle finishes enhance the durability of this garment. Turn-down and stitched cuffs ensure optimal hold. A practical kangaroo pocket keeps your hands warm or stores small items. The size label matches the color of the sweatshirt.","de":"M\u00e4nner Sweatshirt mit Kapuze, gefertigt aus samtigem Stoff f\u00fcr ein weiches Gef\u00fchl. Es verf\u00fcgt \u00fcber eine gestrickte Kapuze mit Zugkordel aus Polyester zur individuellen Anpassung. Das Innenfutter aus gefrottiertem Fleece sorgt f\u00fcr zus\u00e4tzlichen Komfort. Doppelsteppn\u00e4hte erh\u00f6hen die Haltbarkeit dieses Kleidungsst\u00fccks. Die gestreiften B\u00fcndchen und Manschetten garantieren optimalen Halt. Eine praktische K\u00e4ngurutasche h\u00e4lt die H\u00e4nde warm oder kleine Gegenst\u00e4nde sicher verstaut. Das Etikett stimmt mit der Farbe des Sweatshirts \u00fcberein.","nl":"Hoodie voor mannen, gemaakt van zachte zacht haar weefsel voor een aangenaam gevoel. Het heeft een geribbeld tricotkapje en een polyester draadsysteem voor aanpassing naar wens. De binnenkant is gebreid wat extra comfort biedt. Dubbele naad afwerking versterkt de duurzaamheid van het kledingstuk. Geribbelde polsbanden gezet met twee-naaldsteek zorgen voor een optimale greep. Een handige kangoeroezak helpt om handen warm te houden of kleine spullen op te bergen. De matigingsetiket is afgestemd op de kleur van de hoodie.","es":"Sudadera con capucha para hombre, dise\u00f1ada en tejido piel de melocot\u00f3n para un toque suave. Presenta una capucha en punto calado y un cord\u00f3n de ajuste en poli\u00e9ster para un ajuste personalizado. El interior en felpa rasurada ofrece mayor comodidad. Las terminaciones a doble aguja refuerzan la durabilidad de esta prenda. Los pu\u00f1os acanalados cortados y cosidos aseguran un mantenimiento \u00f3ptimo. Un bolsillo kanguro pr\u00e1ctico permite mantener las manos calientes o guardar peque\u00f1os objetos. La etiqueta del tama\u00f1o combina con el color de la sudadera.","it":"Felpa con cappuccio per uomo, realizzata in tessuto vellutato per una sensazione morbida al tatto. Presenta un cappuccio in maglia a coste e una cordicella di regolazione in poliestere per un adattamento personalizzato. L'interno in pile rasato offre un comfort maggiore. Le finiture a doppia cucitura rafforzano la durabilit\u00e0 di questo indumento. I polsini a coste tagliati e cuciti due in uno garantiscono una tenuta ottimale. Una tasca marsupio pratica permette di tenere le mani al caldo o di riporre piccoli oggetti. L'etichetta della taglia \u00e8 abbinata al colore della felpa.\n\n- Composizione : 73% cotone bio, 21% poliestere riciclato, 6% viscosa (grigio cammello)\n-Composizione : 78% cotone bio, 21% poliestere riciclato, 1% viscosa (ash grey)","sv":"Sweatshirt med huva f\u00f6r m\u00e4n, tillverkat av pl\u00e4tsl\u00e4dertyg f\u00f6r en mjuk k\u00e4nsla. Det har en stickad huva och en dragsn\u00f6re i polyester f\u00f6r anpassningsbar passform. Den inre fluffiga delen ger extra komfort. Dubbla stingsf\u00f6rst\u00e4rkningar s\u00e4kerst\u00e4ller h\u00e5llbarhet hos det h\u00e4r plagg. De rynkiga manschetterna skurna och sys ihop f\u00f6r b\u00e4ttre grepp. En praktisk k\u00e4ngurup\u00e5se h\u00e5ller h\u00e4nderna varma eller l\u00e5ter dig l\u00e4gga bort sm\u00e5 saker. Storleksetiketten \u00e4r i samma f\u00e4rg som sweatshirtet.\n\n- Komposition: 73% ekologisk bomull, 21% \u00e5tervunnen polyester, 6% viskos (gr\u00e5 melerad)\n- Komposition: 78% ekologisk bomull, 21% \u00e5tervunnen polyester, 1% viskos (askgr\u00e5)","pt":"Moletom com capuz para homem, concebido em tecido pele de p\u00eassego para um toque macio. Ele apresenta uma aba tricotada e um cord\u00e3o de ajuste em poli\u00e9ster para um ajuste personalizado. O interior de moleton raspado oferece conforto adicional. Acabamentos com dupla agulha refor\u00e7am a durabilidade deste vestu\u00e1rio. As mangas de rib em corte e costura dois em um garantem uma reten\u00e7\u00e3o \u00f3tima. Um bolso kanguru pr\u00e1tico permite manter as m\u00e3os quentes ou guardar pequenos objetos. A etiqueta do tamanho combina com a cor do moletom. \n\n- Composi\u00e7\u00e3o: 73% algod\u00e3o org\u00e2nico, 21% poli\u00e9ster reciclado, 6% viscose (cinza mescla)\n- Composi\u00e7\u00e3o: 78% algod\u00e3o org\u00e2nico, 21% poli\u00e9ster reciclado, 1% viscose (ash grey)","da":"Sweat med h\u00e6tte til m\u00e6nd, konstrueret af hudt\u00f8jstekstil for en bl\u00f8d ber\u00f8ring. Den har en hakket h\u00e6tte og et tr\u00e6kkabel i polyester til justerbar pasform. Indersiden af fluffet bomuld giver \u00f8get komfort. Dobbelts\u00f8mte detaljer styrker holdbarheden af dette t\u00f8j. De hakkede mansjetter holder optimalt p\u00e5 plads. En praktisk k\u00e6ngurupose holder h\u00e6nderne varme eller gemmer sm\u00e5 genstande. St\u00f8rrelsesetiketten matcher farven p\u00e5 sweaten.","pl":"M\u0119ski sweter z kaptur, wykonany z materia\u0142u o strukturze sk\u00f3ry dla mi\u0119kkiego dotyku. Posiada kaptur z plecionym wzorem i sznurek do regulacji z poliestru dla dostosowania. Wn\u0119trze z puszyst\u0105 warstw\u0105 zapewnia dodatkowy komfort. Zastosowanie podw\u00f3jnych szw\u00f3w wzmocni\u0142o trwa\u0142o\u015b\u0107 tego ubrania. Oko\u0142okr\u0119gowe mankiety wykonane metod\u0105 cut and sew zapewniaj\u0105 optymalne przytrzymanie. Przydatna kiesze\u0144 kangura pozwala na utrzymanie ciep\u0142a d\u0142oni lub przechowywanie ma\u0142ych przedmiot\u00f3w. Etykieta z rozmiarem jest w kolorze pasuj\u0105cym do swetra."},"h1":{"fr":"Sweat \u00e0 capuche pour homme am001","en":"Men's hoodie am001","de":"M\u00e4nner Sweatshirt mit Kapuze am001","nl":"hoodie voor mannen am001","es":"Sudadera con capucha para hombre am001","it":"Felpa con cappuccio per uomo am001","sv":"Sweatshirt med huva f\u00f6r m\u00e4n am001","pt":"Moletom com capuz para homem am001","da":"Sweat med h\u00e6tte til m\u00e6nd am001","pl":"M\u0119ski sweter z kapturem am001"},"meta_description":{"fr":"Sweat \u00e0 capuche pour homme. Mod\u00e8le en tissu peau de p\u00eache doux avec capuche et poche kangourou. Composition : coton bio et polyester recycl\u00e9.","en":"Men's hooded sweatshirt. Model in soft peach skin fabric with hood and kangaroo pocket. Composition: organic cotton and recycled polyester.","de":"Sweatshirt mit Kapuze f\u00fcr M\u00e4nner. Modell aus weichem Samtstoff mit Kapuze und K\u00e4ngurutasche. Zusammensetzung: Bio-Baumwolle und recyceltes Polyester.","nl":"Hoodie voor mannen. Model van zachte zacht haarweefsel met capuchon en kangoeroezak. Samenstelling: bio-katoen en gerecycled polyester.","es":"Sudadera con capucha para hombre. Modelo en tejido de piel de melocot\u00f3n suave con capucha y bolsillo kanguro. Composici\u00f3n: algod\u00f3n org\u00e1nico y poli\u00e9ster reciclado.","it":"Felpa con cappuccio per uomo. Modello in tessuto vellutato morbido con cappuccio e tasca marsupio. Composizione : cotone biologico e poliestere riciclato.","sv":"Sweatshirt med huva f\u00f6r m\u00e4n. Modell i mjukt pl\u00e4tsl\u00e4derstyg med huva och k\u00e4ngurup\u00e5se. Komposition: ekologisk bomull och \u00e5tervunnen polyester.","pt":"Moletom com capuz para homem. Modelo em tecido pele de p\u00eassego suave com capuz e bolso kanguru. Composi\u00e7\u00e3o: algod\u00e3o org\u00e2nico e poli\u00e9ster reciclado.","da":"Sweat med h\u00e6tte til m\u00e6nd. Model i bl\u00f8d hudt\u00f8jstekstil med h\u00e6tte og k\u00e6ngurupose. Sammenstilling: \u00f8kologisk bomuld og genbrugt polyester.","pl":"Sweter z kapturem dla m\u0119\u017cczyzn. Model w mi\u0119kkim materiale o strukturze sk\u00f3ry, z kapturem i kieszeni\u0105 kangura. Sk\u0142ad: organiczny bawe\u0142na i recyklingowany poliestr."}},"custom":{"title":{"fr":"Sweat \u00e0 capuche anthem pour homme personnalisable am001","en":"Anthem customizable hooded sweatshirt for men am001","de":"Personalisierbarer anthem Kapuzenpullover f\u00fcr Herren am001","nl":"Sweatshirt met capuchon anthem voor man personnaliseerbare am001","es":"Sudadera con capucha anthem para hombre personalizable am001","it":"Felpa con cappuccio anthem per uomo personalizzabile am001","sv":"Anpassningsbar Anthen kapuschongtr\u00f6ja f\u00f6r m\u00e4n am001","pt":"Moqueca com capuz anthem para homem personaliz\u00e1vel am001","da":"Sweat med kappe anthem til m\u00e6nd personaliserbar am001","pl":"Sweat z kapeluszem anthem dla m\u0119\u017cczyzn personalizowany am001"},"description":{"fr":"Sweat \u00e0 capuche pour homme ANTHEM, confectionn\u00e9 en tissu peau de p\u00eache doux au toucher. Ce sweat pr\u00e9sente une capuche en tricot gaufr\u00e9 avec cordon de serrage en polyester et un int\u00e9rieur en molleton gratt\u00e9 pour un confort optimal. Les finitions \u00e0 double aiguille garantissent une qualit\u00e9 durable. Il est dot\u00e9 de poignets c\u00f4tel\u00e9s d\u00e9coup\u00e9s et cousus deux en un, ainsi que d'une poche kangourou pratique. L'\u00e9tiquette de taille est assortie \u00e0 la couleur du sweat. Sa composition est de 80% coton bio, 20% polyester recycl\u00e9 pour les couleurs unies; 73% coton bio, 21% polyester recycl\u00e9, 6% viscose pour le gris chin\u00e9; et 78% coton bio, 21% polyester recycl\u00e9, 1% viscose pour le gris cendr\u00e9. Ce sweat \u00e0 capuche est personnalisable, offrant la possibilit\u00e9 d'ajouter votre logo ou visuel en broderie.\n\nCaract\u00e9ristiques techniques :\n\n- Molleton gratt\u00e9\n- Capuche en tricot gaufr\u00e9\n- Cordon de serrage en polyester\n- Poche kangourou\n- Finitions \u00e0 double aiguille","en":"ANTHEM men's hooded sweatshirt made of soft peach skin fabric to the touch. This sweatshirt features a knitted ribbed hood with a polyester drawstring and a fleeced interior for optimal comfort. Double-needle finishes ensure lasting quality. It has double-stitched, cut-and-sewn ribbed cuffs, as well as a practical kangaroo pocket. The size label matches the color of the sweatshirt. Its composition is 80% organic cotton, 20% recycled polyester for solid colors; 73% organic cotton, 21% recycled polyester, 6% viscose for heather grey; and 78% organic cotton, 21% recycled polyester, 1% viscose for ash grey. This hooded sweatshirt is customizable, offering the possibility to add your logo or visual with embroidery.\n\nTechnical characteristics:\n\n- Fleeced interior\n- Knitted ribbed hood\n- Polyester drawstring\n- Kangaroo pocket\n- Double-needle finishes","de":"Anthem Kapuzenpullover f\u00fcr Herren, hergestellt aus weichem Hautf\u00fchlstoff. Dieser Pullover hat eine gestrickte, geriffelte Kapuze mit einem Zugband aus Polyester und ein gef\u00fcttertes Innenfutter f\u00fcr optimalen Komfort. Die doppelnadeligen S\u00e4ume gew\u00e4hrleisten eine dauerhafte Qualit\u00e4t. Er ist mit gerippten B\u00fcndchen versehen, die in zwei Schritten geschnitten und gen\u00e4ht sind, sowie einer praktischen K\u00e4ngurutasche. Das Gr\u00f6\u00dfenschild passt sich der Farbe des Kapuzenpullovers an. Die Zusammensetzung betr\u00e4gt 80% Bio-Baumwolle, 20% recyceltes Polyester f\u00fcr unifarbige Farben; 73% Bio-Baumwolle, 21% recyceltes Polyester, 6% Viskose f\u00fcr Grau Melange; und 78% Bio-Baumwolle, 21% recyceltes Polyester, 1% Viskose f\u00fcr Grau Asch. Dieser Kapuzenpullover ist personalisierbar und bietet die M\u00f6glichkeit, Ihr Logo oder Bild per Stickerei hinzuzuf\u00fcgen.\n\nTechnische Merkmale:\n\n- Gef\u00fcttertes Innenfutter\n- Geriffelte gestrickte Kapuze\n- Zugband aus Polyester\n- K\u00e4ngurutasche\n- Doppelnadelige S\u00e4ume","nl":"Sweatshirt met capuchon voor mannen ANTHEM, gemaakt van een zachte, zacht aanvoelende textiel huid van perzik. Dit sweatshirt heeft een capuchon van geribbelde tricot met een polyester trekkoord en een binnenkant van geraspte molton voor optimaal comfort. De dubbele naad afwerkingen garanderen duurzame kwaliteit. Het is uitgerust met gestreepte polsbanden die zijn gesneden en genaaid in \u00e9\u00e9n, evenals een praktische kangaroo zak. Het maatetiket komt overeen met de kleur van het sweatshirt. De samenstelling is 80% biologische katoen, 20% gerecycleerd polyester voor unieke kleuren; 73% biologische katoen, 21% gerecycleerd polyester, 6% viscose voor grijs gemarmerd; en 78% biologische katoen, 21% gerecycleerd polyester, 1% viscose voor asgrijs. Dit sweatshirt met capuchon is personaliseerbaar, biedt de mogelijkheid om uw logo of visueel toe te voegen met borduurwerk.\n\nTechnische kenmerken:\n- Geraspte molton\n- Capuchon van geribbelde tricot\n- Trekkoord van polyester\n- Kangaroo zak\n- Dubbele naad afwerkingen","es":"Sudadera con capucha para hombre ANTHEM, confeccionada en tejido de punto suave al tacto. Esta sudadera presenta una capucha en punto acanalado con cord\u00f3n de ajuste en poli\u00e9ster y un forro de felpa rasurada para un confort \u00f3ptimo. Los acabados a doble aguja garantizan una calidad duradera. Est\u00e1 dotada de pu\u00f1os acanalados cortados y cosidos dos en uno, as\u00ed como un bolsillo frontal pr\u00e1ctico. La etiqueta del tama\u00f1o coincide con el color de la sudadera. Su composici\u00f3n es de 80% algod\u00f3n biol\u00f3gico, 20% poli\u00e9ster reciclado para los colores liso; 73% algod\u00f3n biol\u00f3gico, 21% poli\u00e9ster reciclado, 6% viscosa para el gris mezclado; y 78% algod\u00f3n biol\u00f3gico, 21% poli\u00e9ster reciclado, 1% viscosa para el gris ceniza. Esta sudadera con capucha es personalizable, ofreciendo la posibilidad de a\u00f1adir su logo o visual en bordado.\n\nCaracter\u00edsticas t\u00e9cnicas:\n\n- Felpa rasurada\n- Capucha en punto acanalado\n- Cord\u00f3n de ajuste en poli\u00e9ster\n- Bolsillo frontal\n- Acabados a doble aguja","it":"Felpa con cappuccio per uomo ANTHEM, realizzata in tessuto pelle di pesca morbido al tatto. Questa felpa presenta una cuffia a maglia a coste con cordone di regolazione in poliestere e un interno in molleton grattugiato per un comfort ottimale. Le rifiniture a doppia cucitura garantiscono una qualit\u00e0 duratura. \u00c8 dotata di polsini a coste decoup\u00e9s e cuciti due in uno, nonch\u00e9 di una tasca marsupio pratica. L'etichetta della misura \u00e8 abbinata al colore della felpa. La sua composizione \u00e8 dell'80% cotone bio, 20% poliestere riciclato per i colori unici; 73% cotone bio, 21% poliestere riciclato, 6% viscosa per il grigio chin\u00e9; e 78% cotone bio, 21% poliestere riciclato, 1% viscosa per il grigio cenere. Questa felpa con cappuccio \u00e8 personalizzabile, offrendo la possibilit\u00e0 di aggiungere il proprio logo o visivo in ricamo.\n\nCaratteristiche tecniche :\n\n- Molleton grattugiato\n- Cappuccio a maglia a coste\n- Cordoncino di regolazione in poliestere\n- Tasca marsupio\n- Rifiniture a doppia cucitura","sv":"Herrkapuschongtr\u00f6ja ANTHEM tillverkat i mjukt skinnfiskarv\u00e4v. Denna tr\u00f6ja har en lock med dragsnope i polyester och ett insida av grattad foder f\u00f6r maximal komfort. Dubbla n\u00e4tstygfineringar ger h\u00e5llbar kvalitet. Den \u00e4r utrustad med ribbade, klippta och syssade manschetter samt en praktisk k\u00e4ngp\u00e5s. Storleksm\u00e4rket \u00e4r matchat med tr\u00f6jans f\u00e4rg. Dess sammans\u00e4ttning best\u00e5r av 80% ekologiskt bomull och 20% \u00e5tervunnet polyester f\u00f6r enf\u00e4rgade f\u00e4rger; 73% ekologiskt bomull, 21% \u00e5tervunnen polyester och 6% viskos f\u00f6r gr\u00e5tt kamouflage; och 78% ekologiskt bomull, 21% \u00e5tervunnen polyester och 1% viskos f\u00f6r gr\u00e5 ask. Denna kapuschongtr\u00f6ja \u00e4r anpassningsbar och erbjuder m\u00f6jlighet att l\u00e4gga till ditt logga eller visuell broderi.","pt":"Moqueca com capuz para homem ANTHEM, confeccionada em tecido de pele de p\u00eara macio ao toque. Este moqueca apresenta uma capuz em tric\u00f4 jacquard com cord\u00e3o de ajuste em poli\u00e9ster e um interior em molleton riscado para um conforto \u00f3timo. Os acabamentos em duplo ponto garantem uma qualidade dur\u00e1vel. Ele possui punhos de costura cortada e costurada dois em um, assim como um bolso kanguru pr\u00e1tico. A etiqueta do tamanho \u00e9 combinada com a cor da moqueca. Sua composi\u00e7\u00e3o \u00e9 80% algod\u00e3o biol\u00f3gico, 20% poli\u00e9ster reciclado para as cores unidas; 73% algod\u00e3o biol\u00f3gico, 21% poli\u00e9ster reciclado, 6% viscose para o cinza mesclado; e 78% algod\u00e3o biol\u00f3gico, 21% poli\u00e9ster reciclado, 1% viscose para o cinza chumbo. Este moqueca com capuz \u00e9 personaliz\u00e1vel, oferecendo a possibilidade de adicionar seu logotipo ou visual em bordado.","da":"Sweatshirt til m\u00e6nd ANTHEM, fremstillet af bl\u00f8dt hudfodt stof. Dette sweatshirt har en h\u00e6tte i ribbet strik med justerbart snor og et indre lavet af fleece for optimal komfort. Dobbeltn\u00e5lss\u00f8mning giver en holdbar kvalitet. Det er udstyret med k\u00f8llede \u00e6rmer og en praktisk kanguro-lomme. St\u00f8rrelsesetiketten matcher sweatshirts farven. Sammens\u00e6tningen er 80% \u00f8kologisk bomuld, 20% genbrugspolyester for ensfarvede farver; 73% \u00f8kologisk bomuld, 21% genbrugspolyester, 6% viskose til gr\u00e5 marmoreret; og 78% \u00f8kologisk bomuld, 21% genbrugspolyester, 1% viskose for gr\u00e5 aske. Dette sweatshirt med kappe er personaliserbart, hvilket giver mulighed for at tilf\u00f8je dit logo eller visuelle elementer ved broderi.\n\nTekniske specifikationer:\n\n- Fleece\n- H\u00e6tte i ribbet strik\n- Justerbart snor\n- Kanguro-lomme\n- Dobbeltn\u00e5lss\u00f8mning","pl":"Sweat z kapeluszem dla m\u0119\u017cczyzn ANTHEM, wykonany ze sk\u00f3ry pio\u0142unow\u0105, mi\u0119kk\u0105 w dotyku. Ten sweter ma kapelusz z g\u0142adkim sznurkiem z poliestru i wy\u015bci\u00f3\u0142k\u0119 moltonow\u0105 z grubym w\u0142\u00f3kiennym materia\u0142em wewn\u0119trznym dla optymalnego komfortu. Wzmocnione szwy zapewniaj\u0105 trwa\u0142\u0105 jako\u015b\u0107. Za\u0142\u0105czone s\u0105 r\u0119kawy z paskami, a tak\u017ce praktyczna kiesze\u0144 kangurowe. Etykieta rozmiaru jest w kolorze sweatu. Jego sk\u0142ad to 80% organicznej bawe\u0142ny, 20% recyklingowanego poliesteru dla jednolitych kolor\u00f3w; 73% organicznej bawe\u0142ny, 21% recyklingowanego poliesteru, 6% wi\u015bni dla szaro zielonego; i 78% organicznej bawe\u0142ny, 21% recyklingowanego poliesteru, 1% wi\u015bni dla popio\u0142u. Ten sweter z kapeluszem jest personalizowany, oferuje mo\u017cliwo\u015b\u0107 dodania swojego logo lub wizualizacji poprzez haft.\n\nW\u0142a\u015bciwo\u015bci techniczne:\n\n- Moltonowy materia\u0142 wewn\u0119trzny\n- Kapelusz z g\u0142adkim sznurkiem z poliesteru\n- Kiesze\u0144 kangurowe\n- Wzmocnione szwy"},"h1":{"fr":"Sweat \u00e0 capuche pour homme personnalisation am001","en":"Personalization hooded sweatshirt for men am001","de":"Kapuzenpullover f\u00fcr Herren anpassbar am001","nl":"Sweatshirt met capuchon voor man personalisatie am001","es":"Sudadera con capucha para hombre personalizaci\u00f3n am001","it":"Felpa con cappuccio personalizzazione uomo am001","sv":"Anpassning av kapuschongtr\u00f6ja f\u00f6r m\u00e4n am001","pt":"Moqueca com capuz para homem personaliza\u00e7\u00e3o am001","da":"Sweat med kappe til m\u00e6nd personligg\u00f8relse am001","pl":"Sweat z kapeluszem dla m\u0119\u017cczyzn personalizacja am001"},"meta_description":{"fr":"Sweat \u00e0 capuche homme ANTHEM en coton bio et polyester recycl\u00e9. Molleton doux, capuche ajustable et poche kangourou. Personnalisable en broderie.","en":"Men's ANTHEM hooded sweatshirt in organic cotton and recycled polyester. Soft fleece, adjustable hood and kangaroo pocket. Customizable with embroidery.","de":"Anthem Herren-Kapuzenpullover aus Bio-Baumwolle und recyceltem Polyester. Weicher Fleece, verstellbare Kapuze und K\u00e4ngurutasche. Personalisierbar mit Stickerei.","nl":"Sweatshirt met capuchon mannelijk ANTHEM van biologische katoen en gerecycleerd polyester. Zachte molton, aanpasbare capuchon en kangaroo zak. Personaliseerbaar met borduurwerk.","es":"Sudadera con capucha para hombre ANTHEM en algod\u00f3n biol\u00f3gico y poli\u00e9ster reciclado. Capucha ajustable y bolsillo frontal. Personalizable en bordado.","it":"Felpa con cappuccio uomo ANTHEM in cotone bio e poliestere riciclato. Molleton morbido, cappuccio regolabile e tasca marsupio.","sv":"Herrkapuschongtr\u00f6ja ANTHEM i ekologiskt bomull och \u00e5tervunnet polyester. Mjuk foder, justerbart lock och k\u00e4ngp\u00e5s.","pt":"Moqueca com capuz homem ANTHEM em algod\u00e3o biol\u00f3gico e poli\u00e9ster reciclado. Molleton suave, capuz ajust\u00e1vel e bolso kanguru. Personaliz\u00e1vel em bordado.","da":"Mandlig sweatshirt anthem i \u00f8kologisk bomuld og genbrugspolyester. Bl\u00f8d fleece, justerbar h\u00e6tte og kanguro-lomme. Personaliserbar med broderi.","pl":"M\u0119ski Sweat z kapeluszem ANTHEM z organicznego bawe\u0142ny i recyklingowanego poliesteru. Mi\u0119kki molton, regulowana kapelusz i kiesze\u0144 kanguro. Mo\u017cliwo\u015b\u0107 personalizacji przez haft."}}},"categories":[{"id":567,"name":"Sweats \u00e0 capuche","singular":"Sweat \u00e0 capuche","is_feminin":false},{"id":354,"name":"Textile","singular":"Textile","is_feminin":false},{"id":496,"name":"Sweats","singular":"Sweat","is_feminin":false}],"certifications":[{"id":3,"label":"PETA","logo_link":"\/images\/certifications\/3_PETA.jpg","is_marking_compatible":false},{"id":19,"label":"W.R.A.P.","logo_link":"\/images\/certifications\/19_WRAP.jpg","is_marking_compatible":false},{"id":20,"label":"Amfori BSCI","logo_link":"\/images\/certifications\/20_Amfori_BSCI.jpg","is_marking_compatible":false},{"id":21,"label":"Sedex","logo_link":"\/images\/certifications\/21_Sedex.jpg","is_marking_compatible":false}],"videos":{"fr":[],"en":[],"de":[],"nl":[],"es":[],"it":[],"sv":[],"pt":[],"da":[],"pl":[]},"main_images":{"miniature":"https:\/\/media.th4.com\/VpvMzkOQWzxQGoNBStU_hB-sNsEf38FvbWWey1heN18\/pr:80\/aHR0cDovL21lZGlhMi5kZXNpZ25wYXJ0bmVyLmZyL2MvcC1ibGFuay1USC8xNTM3Ny53ZWJw?v=1748412787","medium":"https:\/\/media.th4.com\/ZDlEovXQA_w7ZOYB1W1AYp5pl4t3O-J6v_vN9YbvKsM\/pr:550x550greybg\/aHR0cDovL21lZGlhMi5kZXNpZ25wYXJ0bmVyLmZyL2MvcC1ibGFuay1USC8xNTM3Ny53ZWJw?v=1748412787","medium_large":"https:\/\/media.th4.com\/t3MLcAEO3KxhTYG4GEpUV121C-Ai34O2CcavU8flORg\/pr:1000x1000greybg\/aHR0cDovL21lZGlhMi5kZXNpZ25wYXJ0bmVyLmZyL2MvcC1ibGFuay1USC8xNTM3Ny53ZWJw?v=1748412787","large":"https:\/\/media.th4.com\/jaEJudC_6-IqCj4x2iFzhjune62N4JrQ2gyZDVUUaLY\/pr:1920greybg\/aHR0cDovL21lZGlhMi5kZXNpZ25wYXJ0bmVyLmZyL2MvcC1ibGFuay1USC8xNTM3Ny53ZWJw?v=1748412787","opengraph":"https:\/\/media.th4.com\/Mh9tsFzLhvn4bR8h1CnmR_eE2YM-J9pHm48OBF1i_Lk\/pr:1200x630greybg\/aHR0cDovL21lZGlhMi5kZXNpZ25wYXJ0bmVyLmZyL2MvcC1ibGFuay1USC8xNTM3Ny53ZWJw?v=1748412787"},"main_images_customization":{"miniature":"https:\/\/media.th4.com\/TcxC2TanvZ55s_K8hwRwtpvDpmFrMNlYZzvph6iOvjQ\/pr:80\/aHR0cDovL21lZGlhMi5kZXNpZ25wYXJ0bmVyLmZyL2MvcC1jdXN0b20tVEgvMTUzNzcud2VicA?v=1748412992","medium":"https:\/\/media.th4.com\/oLqk8BeY8Oj_WpLa0aKVhARfd9Tr-4yhqO6eC9r0swk\/pr:550x550greybg\/aHR0cDovL21lZGlhMi5kZXNpZ25wYXJ0bmVyLmZyL2MvcC1jdXN0b20tVEgvMTUzNzcud2VicA?v=1748412992","medium_large":"https:\/\/media.th4.com\/221TbRyowUDbdjpMhbcmjrLgL4K_az86yPJeHQWojGs\/pr:1000x1000greybg\/aHR0cDovL21lZGlhMi5kZXNpZ25wYXJ0bmVyLmZyL2MvcC1jdXN0b20tVEgvMTUzNzcud2VicA?v=1748412992","large":"https:\/\/media.th4.com\/3b9l0LeLHMKLP2M47traxqoOeVMCat6GOqyD16woAFY\/pr:1920greybg\/aHR0cDovL21lZGlhMi5kZXNpZ25wYXJ0bmVyLmZyL2MvcC1jdXN0b20tVEgvMTUzNzcud2VicA?v=1748412992","opengraph":"https:\/\/media.th4.com\/nRJCbOm1e4IiR5XgVbfd1lrNFMDAEzIYrz3l7aVvUzc\/pr:1200x630greybg\/aHR0cDovL21lZGlhMi5kZXNpZ25wYXJ0bmVyLmZyL2MvcC1jdXN0b20tVEgvMTUzNzcud2VicA?v=1748412992"},"page_links":{"fr":"\/fr\/p-an-am001-sweat-a-capuche-pour-homme-am001-15377\/","en":"\/en\/p-an-am001-mens-hoodie-am001-15377\/","de":"\/de\/p-an-am001-manner-sweatshirt-mit-kapuze-am001-15377\/","nl":"\/nl\/p-an-am001-hoodie-voor-mannen-am001-15377\/","es":"\/es\/p-an-am001-sudadera-con-capucha-para-hombre-am001-15377\/","it":"\/it\/p-an-am001-felpa-con-cappuccio-per-uomo-am001-15377\/","sv":"\/sv\/p-an-am001-sweatshirt-med-huva-for-man-am001-15377\/","pt":"\/pt\/p-an-am001-moletom-com-capuz-para-homem-am001-15377\/","da":"\/da\/p-an-am001-sweat-med-haette-til-maend-am001-15377\/","pl":"\/pl\/p-an-am001-meski-sweter-z-kapturem-am001-15377\/"},"page_links_customization":{"fr":"\/fr\/p-an-am001-sweat-a-capuche-pour-homme-personnalisation-am001-15377\/custom\/","en":"\/en\/p-an-am001-personalization-hooded-sweatshirt-for-men-am001-15377\/custom\/","de":"\/de\/p-an-am001-kapuzenpullover-fur-herren-anpassbar-am001-15377\/custom\/","nl":"\/nl\/p-an-am001-sweatshirt-met-capuchon-voor-man-personalisatie-am001-15377\/custom\/","es":"\/es\/p-an-am001-sudadera-con-capucha-para-hombre-personalizacion-am001-15377\/custom\/","it":"\/it\/p-an-am001-felpa-con-cappuccio-personalizzazione-uomo-am001-15377\/custom\/","sv":"\/sv\/p-an-am001-anpassning-av-kapuschongtroja-for-man-am001-15377\/custom\/","pt":"\/pt\/p-an-am001-moqueca-com-capuz-para-homem-personalizacao-am001-15377\/custom\/","da":"\/da\/p-an-am001-sweat-med-kappe-til-maend-personliggorelse-am001-15377\/custom\/","pl":"\/pl\/p-an-am001-sweat-z-kapeluszem-dla-mezczyzn-personalizacja-am001-15377\/custom\/"},"equivalent_products":[],"colors":[{"id":17237,"name":"black","class_ids":[4],"codes_hexa":["000000"],"delai_24":false,"has_3d":true,"seuil_global":0,"stock_local":0,"stock_global":37753,"on_standby":false,"in_catalog":true,"images":{"miniature":["https:\/\/media.th4.com\/38wwE1kwZ-7-XpKOmIXJHAFy7nhYkR9Tic3zv6l_MrA\/pr:80\/aHR0cDovL21lZGlhMi5kZXNpZ25wYXJ0bmVyLmZyL2MvcC8xNTM3Ny8xNTM3Ny0xNzIzNy0xLmpwZw?v=1610019514"],"medium":["https:\/\/media.th4.com\/yAkuZRWY1-Cf-vODCcWoBwlDop4PpS0-Ii11XN8ApE8\/pr:550x550\/aHR0cDovL21lZGlhMi5kZXNpZ25wYXJ0bmVyLmZyL2MvcC8xNTM3Ny8xNTM3Ny0xNzIzNy0xLmpwZw?v=1610019514"],"medium_large":["https:\/\/media.th4.com\/MJP_7Qv1br7wHhxACHBcZMQPmt7TtSkjMSYKgdu6v6w\/pr:1000x1000\/aHR0cDovL21lZGlhMi5kZXNpZ25wYXJ0bmVyLmZyL2MvcC8xNTM3Ny8xNTM3Ny0xNzIzNy0xLmpwZw?v=1610019514"],"large":["https:\/\/media.th4.com\/lc6JjGng_GhOB8gFkSxQalehc6_F2cZ4Lo1mt6aIHlk\/pr:1920\/aHR0cDovL21lZGlhMi5kZXNpZ25wYXJ0bmVyLmZyL2MvcC8xNTM3Ny8xNTM3Ny0xNzIzNy0xLmpwZw?v=1610019514"],"opengraph":["https:\/\/media.th4.com\/2CPnLRD7OvP2lNWFAqkWziGS6NqJ2aZJSD9POH02DDQ\/pr:1200x630\/aHR0cDovL21lZGlhMi5kZXNpZ25wYXJ0bmVyLmZyL2MvcC8xNTM3Ny8xNTM3Ny0xNzIzNy0xLmpwZw?v=1610019514"]},"images_customization":{"miniature":["https:\/\/media.th4.com\/__kQXxkLvtKw7YnuQDOrvayu4ATPIvURqPdI8V9VN18\/pr:80\/aHR0cDovL21lZGlhMi5kZXNpZ25wYXJ0bmVyLmZyL2MvcC1zaG9wcGluZy1jdXN0b20tVEgvMTUzNzcvMTUzNzctMTcyMzctMS5qcGc?v=1737554675"],"medium":["https:\/\/media.th4.com\/ysUISFidnSB56lvFkyzBbtxxvwe9QEfNGWftoAHTGok\/pr:550x550\/aHR0cDovL21lZGlhMi5kZXNpZ25wYXJ0bmVyLmZyL2MvcC1zaG9wcGluZy1jdXN0b20tVEgvMTUzNzcvMTUzNzctMTcyMzctMS5qcGc?v=1737554675"],"medium_large":["https:\/\/media.th4.com\/VrLRjJbIs9bgE4vtYBrI8FjV0dmez3N0GtPgIFagGl4\/pr:1000x1000\/aHR0cDovL21lZGlhMi5kZXNpZ25wYXJ0bmVyLmZyL2MvcC1zaG9wcGluZy1jdXN0b20tVEgvMTUzNzcvMTUzNzctMTcyMzctMS5qcGc?v=1737554675"],"large":["https:\/\/media.th4.com\/BCdMx49lccicwCiSKxImTZY7Xl5QKXYtGq5xedBtJw4\/pr:1920\/aHR0cDovL21lZGlhMi5kZXNpZ25wYXJ0bmVyLmZyL2MvcC1zaG9wcGluZy1jdXN0b20tVEgvMTUzNzcvMTUzNzctMTcyMzctMS5qcGc?v=1737554675"],"opengraph":["https:\/\/media.th4.com\/-HxXXnl4J5gBthJRsYTO8INq6Vq9C7Sh7o-pzV-mS7o\/pr:1200x630\/aHR0cDovL21lZGlhMi5kZXNpZ25wYXJ0bmVyLmZyL2MvcC1zaG9wcGluZy1jdXN0b20tVEgvMTUzNzcvMTUzNzctMTcyMzctMS5qcGc?v=1737554675"]},"country_origin":"BD","traceability":{"manufacturing_country_id":null,"weaving_country_id":null,"dyeing_country_id":null},"sizes":[{"id":3,"article_id":389897,"class_id":3,"name":"S","on_standby":false,"stock_local":0,"stock_global":5130,"multiple":1,"estimated_date_reassort":null,"is_destocking":false},{"id":2,"article_id":389898,"class_id":4,"name":"M","on_standby":false,"stock_local":0,"stock_global":14681,"multiple":1,"estimated_date_reassort":null,"is_destocking":false},{"id":1,"article_id":389899,"class_id":5,"name":"L","on_standby":false,"stock_local":0,"stock_global":8674,"multiple":1,"estimated_date_reassort":null,"is_destocking":false},{"id":4,"article_id":389900,"class_id":6,"name":"XL","on_standby":false,"stock_local":0,"stock_global":5977,"multiple":1,"estimated_date_reassort":null,"is_destocking":false},{"id":1116,"article_id":389901,"class_id":7,"name":"2XL","on_standby":false,"stock_local":0,"stock_global":2256,"multiple":1,"estimated_date_reassort":null,"is_destocking":false},{"id":1081,"article_id":389902,"class_id":8,"name":"3XL","on_standby":false,"stock_local":0,"stock_global":1035,"multiple":1,"estimated_date_reassort":null,"is_destocking":false}],"page_links":{"fr":"\/fr\/p-an-am001-sweat-a-capuche-pour-homme-am001-15377\/black-17237\/","en":"\/en\/p-an-am001-mens-hoodie-am001-15377\/black-17237\/","de":"\/de\/p-an-am001-manner-sweatshirt-mit-kapuze-am001-15377\/black-17237\/","nl":"\/nl\/p-an-am001-hoodie-voor-mannen-am001-15377\/black-17237\/","es":"\/es\/p-an-am001-sudadera-con-capucha-para-hombre-am001-15377\/black-17237\/","it":"\/it\/p-an-am001-felpa-con-cappuccio-per-uomo-am001-15377\/black-17237\/","sv":"\/sv\/p-an-am001-sweatshirt-med-huva-for-man-am001-15377\/black-17237\/","pt":"\/pt\/p-an-am001-moletom-com-capuz-para-homem-am001-15377\/black-17237\/","da":"\/da\/p-an-am001-sweat-med-haette-til-maend-am001-15377\/black-17237\/","pl":"\/pl\/p-an-am001-meski-sweter-z-kapturem-am001-15377\/black-17237\/"},"page_links_customization":{"fr":"\/fr\/p-an-am001-sweat-a-capuche-pour-homme-personnalisation-am001-15377\/black-17237\/custom\/","en":"\/en\/p-an-am001-personalization-hooded-sweatshirt-for-men-am001-15377\/black-17237\/custom\/","de":"\/de\/p-an-am001-kapuzenpullover-fur-herren-anpassbar-am001-15377\/black-17237\/custom\/","nl":"\/nl\/p-an-am001-sweatshirt-met-capuchon-voor-man-personalisatie-am001-15377\/black-17237\/custom\/","es":"\/es\/p-an-am001-sudadera-con-capucha-para-hombre-personalizacion-am001-15377\/black-17237\/custom\/","it":"\/it\/p-an-am001-felpa-con-cappuccio-personalizzazione-uomo-am001-15377\/black-17237\/custom\/","sv":"\/sv\/p-an-am001-anpassning-av-kapuschongtroja-for-man-am001-15377\/black-17237\/custom\/","pt":"\/pt\/p-an-am001-moqueca-com-capuz-para-homem-personalizacao-am001-15377\/black-17237\/custom\/","da":"\/da\/p-an-am001-sweat-med-kappe-til-maend-personliggorelse-am001-15377\/black-17237\/custom\/","pl":"\/pl\/p-an-am001-sweat-z-kapeluszem-dla-mezczyzn-personalizacja-am001-15377\/black-17237\/custom\/"}},{"id":17242,"name":"grey_marl","class_ids":[3],"codes_hexa":["97999b"],"delai_24":false,"has_3d":true,"seuil_global":0,"stock_local":0,"stock_global":17498,"on_standby":false,"in_catalog":true,"images":{"miniature":["https:\/\/media.th4.com\/mThRnzNvrKjVBqrKavVwPRza1kJhSTbKRxDPOkK37p8\/pr:80\/aHR0cDovL21lZGlhMi5kZXNpZ25wYXJ0bmVyLmZyL2MvcC8xNTM3Ny8xNTM3Ny0xNzI0Mi0xLmpwZw?v=1610019514","https:\/\/media.th4.com\/aIgp9c9JJ1wLwKBI7TYGmY2jCaA-jAuATapxA9PS6Yc\/pr:80\/aHR0cDovL21lZGlhMi5kZXNpZ25wYXJ0bmVyLmZyL2MvcC8xNTM3Ny8xNTM3Ny0xNzI0Mi0yLmpwZw?v=1610019514","https:\/\/media.th4.com\/pPapQng2vcboFdbU6Cyl2-VtyQP-5yartbSzIVCuJvc\/pr:80\/aHR0cDovL21lZGlhMi5kZXNpZ25wYXJ0bmVyLmZyL2MvcC8xNTM3Ny8xNTM3Ny0xNzI0Mi0zLmpwZw?v=1610019514"],"medium":["https:\/\/media.th4.com\/7gjbrm_UrE1MfZvIGsu1dBN6jkQpMeot4nUWquxNds8\/pr:550x550\/aHR0cDovL21lZGlhMi5kZXNpZ25wYXJ0bmVyLmZyL2MvcC8xNTM3Ny8xNTM3Ny0xNzI0Mi0xLmpwZw?v=1610019514","https:\/\/media.th4.com\/-KgL9S5tFWIozBlHkZB43eZlZED0u9cELDWFvroXXv0\/pr:550x550\/aHR0cDovL21lZGlhMi5kZXNpZ25wYXJ0bmVyLmZyL2MvcC8xNTM3Ny8xNTM3Ny0xNzI0Mi0yLmpwZw?v=1610019514","https:\/\/media.th4.com\/6Odk3ntv399tZ_9KlmNCZv2AocWQ0J9SXo5D80Li9To\/pr:550x550\/aHR0cDovL21lZGlhMi5kZXNpZ25wYXJ0bmVyLmZyL2MvcC8xNTM3Ny8xNTM3Ny0xNzI0Mi0zLmpwZw?v=1610019514"],"medium_large":["https:\/\/media.th4.com\/8mMM9x6Wxi9teRgrXtv-6niQXUXucBRVJAD0A7ay97k\/pr:1000x1000\/aHR0cDovL21lZGlhMi5kZXNpZ25wYXJ0bmVyLmZyL2MvcC8xNTM3Ny8xNTM3Ny0xNzI0Mi0xLmpwZw?v=1610019514","https:\/\/media.th4.com\/dhqMIALlbmYiK3e-lqNOHv3WzNb7biOeG1qzU3F0HhE\/pr:1000x1000\/aHR0cDovL21lZGlhMi5kZXNpZ25wYXJ0bmVyLmZyL2MvcC8xNTM3Ny8xNTM3Ny0xNzI0Mi0yLmpwZw?v=1610019514","https:\/\/media.th4.com\/JzzgA_2rULUGOWvFNeg7Nl8_iEvYdXNuJZGpdUKbvvE\/pr:1000x1000\/aHR0cDovL21lZGlhMi5kZXNpZ25wYXJ0bmVyLmZyL2MvcC8xNTM3Ny8xNTM3Ny0xNzI0Mi0zLmpwZw?v=1610019514"],"large":["https:\/\/media.th4.com\/BAB9R7f3400xmYHi4Sq5WFI6umFv0XTFQB0836xlNv4\/pr:1920\/aHR0cDovL21lZGlhMi5kZXNpZ25wYXJ0bmVyLmZyL2MvcC8xNTM3Ny8xNTM3Ny0xNzI0Mi0xLmpwZw?v=1610019514","https:\/\/media.th4.com\/MRsgFPDQgVBHEfngD6FtYHAopbITsPYAFTWLrjHu5j8\/pr:1920\/aHR0cDovL21lZGlhMi5kZXNpZ25wYXJ0bmVyLmZyL2MvcC8xNTM3Ny8xNTM3Ny0xNzI0Mi0yLmpwZw?v=1610019514","https:\/\/media.th4.com\/nMNs_BvQGrRprfBSkQ5RBawrr4R9SxoLOBvT2hj4DAs\/pr:1920\/aHR0cDovL21lZGlhMi5kZXNpZ25wYXJ0bmVyLmZyL2MvcC8xNTM3Ny8xNTM3Ny0xNzI0Mi0zLmpwZw?v=1610019514"],"opengraph":["https:\/\/media.th4.com\/nYX37msWgSysKkAvAyyhGLLPqqD6knzc-fP4MfHjSNc\/pr:1200x630\/aHR0cDovL21lZGlhMi5kZXNpZ25wYXJ0bmVyLmZyL2MvcC8xNTM3Ny8xNTM3Ny0xNzI0Mi0xLmpwZw?v=1610019514","https:\/\/media.th4.com\/MLmLpJqx91NMG2GsrWCtKS8Wf5C83ZJdDGrJjOoiUfs\/pr:1200x630\/aHR0cDovL21lZGlhMi5kZXNpZ25wYXJ0bmVyLmZyL2MvcC8xNTM3Ny8xNTM3Ny0xNzI0Mi0yLmpwZw?v=1610019514","https:\/\/media.th4.com\/vlaiSkcrTGyCgJE1hCzQwuxREUfLTdEgPcMtz6ndIjM\/pr:1200x630\/aHR0cDovL21lZGlhMi5kZXNpZ25wYXJ0bmVyLmZyL2MvcC8xNTM3Ny8xNTM3Ny0xNzI0Mi0zLmpwZw?v=1610019514"]},"images_customization":{"miniature":["https:\/\/media.th4.com\/s9JphSHpPasBXLTopWd7O49KL9gWeMyuHHAT33iNXK0\/pr:80\/aHR0cDovL21lZGlhMi5kZXNpZ25wYXJ0bmVyLmZyL2MvcC1zaG9wcGluZy1jdXN0b20tVEgvMTUzNzcvMTUzNzctMTcyNDItMS5qcGc?v=1737554674"],"medium":["https:\/\/media.th4.com\/uOOPzZbNkXFG43kJX3AM0EHAUi5nr0vA7GDUUtfsqIc\/pr:550x550\/aHR0cDovL21lZGlhMi5kZXNpZ25wYXJ0bmVyLmZyL2MvcC1zaG9wcGluZy1jdXN0b20tVEgvMTUzNzcvMTUzNzctMTcyNDItMS5qcGc?v=1737554674"],"medium_large":["https:\/\/media.th4.com\/VkUPKuxiq72uSHRzipoA5_d1ERAtT-WWB30KQLbDYXY\/pr:1000x1000\/aHR0cDovL21lZGlhMi5kZXNpZ25wYXJ0bmVyLmZyL2MvcC1zaG9wcGluZy1jdXN0b20tVEgvMTUzNzcvMTUzNzctMTcyNDItMS5qcGc?v=1737554674"],"large":["https:\/\/media.th4.com\/-9C8nOrl1BH12uWdq7H0LnWqaQACHK0nSmw30p0j4Jc\/pr:1920\/aHR0cDovL21lZGlhMi5kZXNpZ25wYXJ0bmVyLmZyL2MvcC1zaG9wcGluZy1jdXN0b20tVEgvMTUzNzcvMTUzNzctMTcyNDItMS5qcGc?v=1737554674"],"opengraph":["https:\/\/media.th4.com\/3BaaSdWD-tKSG_xGA3sYpE2QI1o1dN6qkbRLZ6DMab4\/pr:1200x630\/aHR0cDovL21lZGlhMi5kZXNpZ25wYXJ0bmVyLmZyL2MvcC1zaG9wcGluZy1jdXN0b20tVEgvMTUzNzcvMTUzNzctMTcyNDItMS5qcGc?v=1737554674"]},"country_origin":"BD","traceability":{"manufacturing_country_id":null,"weaving_country_id":null,"dyeing_country_id":null},"sizes":[{"id":3,"article_id":389927,"class_id":3,"name":"S","on_standby":false,"stock_local":0,"stock_global":2803,"multiple":1,"estimated_date_reassort":null,"is_destocking":false},{"id":2,"article_id":389928,"class_id":4,"name":"M","on_standby":false,"stock_local":0,"stock_global":4702,"multiple":1,"estimated_date_reassort":null,"is_destocking":false},{"id":1,"article_id":389929,"class_id":5,"name":"L","on_standby":false,"stock_local":0,"stock_global":4627,"multiple":1,"estimated_date_reassort":null,"is_destocking":false},{"id":4,"article_id":389930,"class_id":6,"name":"XL","on_standby":false,"stock_local":0,"stock_global":2989,"multiple":1,"estimated_date_reassort":null,"is_destocking":false},{"id":1116,"article_id":389931,"class_id":7,"name":"2XL","on_standby":false,"stock_local":0,"stock_global":1408,"multiple":1,"estimated_date_reassort":null,"is_destocking":false},{"id":1081,"article_id":389932,"class_id":8,"name":"3XL","on_standby":false,"stock_local":0,"stock_global":969,"multiple":1,"estimated_date_reassort":null,"is_destocking":false}],"page_links":{"fr":"\/fr\/p-an-am001-sweat-a-capuche-pour-homme-am001-15377\/grey-marl-17242\/","en":"\/en\/p-an-am001-mens-hoodie-am001-15377\/grey-marl-17242\/","de":"\/de\/p-an-am001-manner-sweatshirt-mit-kapuze-am001-15377\/grey-marl-17242\/","nl":"\/nl\/p-an-am001-hoodie-voor-mannen-am001-15377\/grey-marl-17242\/","es":"\/es\/p-an-am001-sudadera-con-capucha-para-hombre-am001-15377\/grey-marl-17242\/","it":"\/it\/p-an-am001-felpa-con-cappuccio-per-uomo-am001-15377\/grey-marl-17242\/","sv":"\/sv\/p-an-am001-sweatshirt-med-huva-for-man-am001-15377\/grey-marl-17242\/","pt":"\/pt\/p-an-am001-moletom-com-capuz-para-homem-am001-15377\/grey-marl-17242\/","da":"\/da\/p-an-am001-sweat-med-haette-til-maend-am001-15377\/grey-marl-17242\/","pl":"\/pl\/p-an-am001-meski-sweter-z-kapturem-am001-15377\/grey-marl-17242\/"},"page_links_customization":{"fr":"\/fr\/p-an-am001-sweat-a-capuche-pour-homme-personnalisation-am001-15377\/grey-marl-17242\/custom\/","en":"\/en\/p-an-am001-personalization-hooded-sweatshirt-for-men-am001-15377\/grey-marl-17242\/custom\/","de":"\/de\/p-an-am001-kapuzenpullover-fur-herren-anpassbar-am001-15377\/grey-marl-17242\/custom\/","nl":"\/nl\/p-an-am001-sweatshirt-met-capuchon-voor-man-personalisatie-am001-15377\/grey-marl-17242\/custom\/","es":"\/es\/p-an-am001-sudadera-con-capucha-para-hombre-personalizacion-am001-15377\/grey-marl-17242\/custom\/","it":"\/it\/p-an-am001-felpa-con-cappuccio-personalizzazione-uomo-am001-15377\/grey-marl-17242\/custom\/","sv":"\/sv\/p-an-am001-anpassning-av-kapuschongtroja-for-man-am001-15377\/grey-marl-17242\/custom\/","pt":"\/pt\/p-an-am001-moqueca-com-capuz-para-homem-personalizacao-am001-15377\/grey-marl-17242\/custom\/","da":"\/da\/p-an-am001-sweat-med-kappe-til-maend-personliggorelse-am001-15377\/grey-marl-17242\/custom\/","pl":"\/pl\/p-an-am001-sweat-z-kapeluszem-dla-mezczyzn-personalizacja-am001-15377\/grey-marl-17242\/custom\/"}},{"id":17251,"name":"white","class_ids":[1],"codes_hexa":["ffffff"],"delai_24":false,"has_3d":true,"seuil_global":0,"stock_local":0,"stock_global":16902,"on_standby":false,"in_catalog":true,"images":{"miniature":["https:\/\/media.th4.com\/LXoNtajckUplGzEX6bkzMnqX26Ne7eJEQBAA8LT4lW8\/pr:80\/aHR0cDovL21lZGlhMi5kZXNpZ25wYXJ0bmVyLmZyL2MvcC8xNTM3Ny8xNTM3Ny0xNzI1MS0xLmpwZw?v=1610019517"],"medium":["https:\/\/media.th4.com\/4Sp9mqpQ0iZqYQpLc46iUhmXT1MCcPc8Ciy1Jwk9yPc\/pr:550x550\/aHR0cDovL21lZGlhMi5kZXNpZ25wYXJ0bmVyLmZyL2MvcC8xNTM3Ny8xNTM3Ny0xNzI1MS0xLmpwZw?v=1610019517"],"medium_large":["https:\/\/media.th4.com\/8H7_KhkOMo55ZpRHstljoOAmDquqGwIs_5ZFEbt245c\/pr:1000x1000\/aHR0cDovL21lZGlhMi5kZXNpZ25wYXJ0bmVyLmZyL2MvcC8xNTM3Ny8xNTM3Ny0xNzI1MS0xLmpwZw?v=1610019517"],"large":["https:\/\/media.th4.com\/HORQTaBT5kQ5-K1lBtEK2pcamRpRNi7J0ICFg73HuGs\/pr:1920\/aHR0cDovL21lZGlhMi5kZXNpZ25wYXJ0bmVyLmZyL2MvcC8xNTM3Ny8xNTM3Ny0xNzI1MS0xLmpwZw?v=1610019517"],"opengraph":["https:\/\/media.th4.com\/GHuFziYDpEvCMSIFMMZbRFGJ-cmoZV_PlAjSbXYqWkA\/pr:1200x630\/aHR0cDovL21lZGlhMi5kZXNpZ25wYXJ0bmVyLmZyL2MvcC8xNTM3Ny8xNTM3Ny0xNzI1MS0xLmpwZw?v=1610019517"]},"images_customization":{"miniature":["https:\/\/media.th4.com\/9ordRjJAr8CqnODNsSujbSv9I8qxcvZwvZO1oPzkt84\/pr:80\/aHR0cDovL21lZGlhMi5kZXNpZ25wYXJ0bmVyLmZyL2MvcC1zaG9wcGluZy1jdXN0b20tVEgvMTUzNzcvMTUzNzctMTcyNTEtMS5qcGc?v=1737554675"],"medium":["https:\/\/media.th4.com\/Uwn2Y8dTDYYvt5Hu6L_TjgfmMNETWEl8pntyjiyPf0k\/pr:550x550\/aHR0cDovL21lZGlhMi5kZXNpZ25wYXJ0bmVyLmZyL2MvcC1zaG9wcGluZy1jdXN0b20tVEgvMTUzNzcvMTUzNzctMTcyNTEtMS5qcGc?v=1737554675"],"medium_large":["https:\/\/media.th4.com\/tggTOZFUaDy39UrEAh-48ZKf08k9APpOL1-z-YGyacg\/pr:1000x1000\/aHR0cDovL21lZGlhMi5kZXNpZ25wYXJ0bmVyLmZyL2MvcC1zaG9wcGluZy1jdXN0b20tVEgvMTUzNzcvMTUzNzctMTcyNTEtMS5qcGc?v=1737554675"],"large":["https:\/\/media.th4.com\/Dm7reKaK_P3YvXeXmsHJU_GtvggExQfYjIjZHtpMPfM\/pr:1920\/aHR0cDovL21lZGlhMi5kZXNpZ25wYXJ0bmVyLmZyL2MvcC1zaG9wcGluZy1jdXN0b20tVEgvMTUzNzcvMTUzNzctMTcyNTEtMS5qcGc?v=1737554675"],"opengraph":["https:\/\/media.th4.com\/J104BPDCHbMhNBQtm3EJffl4d3X33dQBlCefX2_nGic\/pr:1200x630\/aHR0cDovL21lZGlhMi5kZXNpZ25wYXJ0bmVyLmZyL2MvcC1zaG9wcGluZy1jdXN0b20tVEgvMTUzNzcvMTUzNzctMTcyNTEtMS5qcGc?v=1737554675"]},"country_origin":"BD","traceability":{"manufacturing_country_id":null,"weaving_country_id":null,"dyeing_country_id":null},"sizes":[{"id":3,"article_id":389981,"class_id":3,"name":"S","on_standby":false,"stock_local":0,"stock_global":2079,"multiple":1,"estimated_date_reassort":null,"is_destocking":false},{"id":2,"article_id":389982,"class_id":4,"name":"M","on_standby":false,"stock_local":1,"stock_global":5129,"multiple":1,"estimated_date_reassort":null,"is_destocking":true},{"id":1,"article_id":389983,"class_id":5,"name":"L","on_standby":false,"stock_local":0,"stock_global":5035,"multiple":1,"estimated_date_reassort":null,"is_destocking":false},{"id":4,"article_id":389984,"class_id":6,"name":"XL","on_standby":false,"stock_local":0,"stock_global":2569,"multiple":1,"estimated_date_reassort":null,"is_destocking":false},{"id":1116,"article_id":389985,"class_id":7,"name":"2XL","on_standby":false,"stock_local":0,"stock_global":1511,"multiple":1,"estimated_date_reassort":null,"is_destocking":false},{"id":1081,"article_id":389986,"class_id":8,"name":"3XL","on_standby":false,"stock_local":0,"stock_global":579,"multiple":1,"estimated_date_reassort":null,"is_destocking":false}],"page_links":{"fr":"\/fr\/p-an-am001-sweat-a-capuche-pour-homme-am001-15377\/white-17251\/","en":"\/en\/p-an-am001-mens-hoodie-am001-15377\/white-17251\/","de":"\/de\/p-an-am001-manner-sweatshirt-mit-kapuze-am001-15377\/white-17251\/","nl":"\/nl\/p-an-am001-hoodie-voor-mannen-am001-15377\/white-17251\/","es":"\/es\/p-an-am001-sudadera-con-capucha-para-hombre-am001-15377\/white-17251\/","it":"\/it\/p-an-am001-felpa-con-cappuccio-per-uomo-am001-15377\/white-17251\/","sv":"\/sv\/p-an-am001-sweatshirt-med-huva-for-man-am001-15377\/white-17251\/","pt":"\/pt\/p-an-am001-moletom-com-capuz-para-homem-am001-15377\/white-17251\/","da":"\/da\/p-an-am001-sweat-med-haette-til-maend-am001-15377\/white-17251\/","pl":"\/pl\/p-an-am001-meski-sweter-z-kapturem-am001-15377\/white-17251\/"},"page_links_customization":{"fr":"\/fr\/p-an-am001-sweat-a-capuche-pour-homme-personnalisation-am001-15377\/white-17251\/custom\/","en":"\/en\/p-an-am001-personalization-hooded-sweatshirt-for-men-am001-15377\/white-17251\/custom\/","de":"\/de\/p-an-am001-kapuzenpullover-fur-herren-anpassbar-am001-15377\/white-17251\/custom\/","nl":"\/nl\/p-an-am001-sweatshirt-met-capuchon-voor-man-personalisatie-am001-15377\/white-17251\/custom\/","es":"\/es\/p-an-am001-sudadera-con-capucha-para-hombre-personalizacion-am001-15377\/white-17251\/custom\/","it":"\/it\/p-an-am001-felpa-con-cappuccio-personalizzazione-uomo-am001-15377\/white-17251\/custom\/","sv":"\/sv\/p-an-am001-anpassning-av-kapuschongtroja-for-man-am001-15377\/white-17251\/custom\/","pt":"\/pt\/p-an-am001-moqueca-com-capuz-para-homem-personalizacao-am001-15377\/white-17251\/custom\/","da":"\/da\/p-an-am001-sweat-med-kappe-til-maend-personliggorelse-am001-15377\/white-17251\/custom\/","pl":"\/pl\/p-an-am001-sweat-z-kapeluszem-dla-mezczyzn-personalizacja-am001-15377\/white-17251\/custom\/"}},{"id":17244,"name":"navy","class_ids":[2],"codes_hexa":["202a44"],"delai_24":false,"has_3d":true,"seuil_global":0,"stock_local":0,"stock_global":16010,"on_standby":false,"in_catalog":true,"images":{"miniature":["https:\/\/media.th4.com\/CQw2as6kh0ucOUeOesCCKzFk1rWgWThITb0eVQ9K2M4\/pr:80\/aHR0cDovL21lZGlhMi5kZXNpZ25wYXJ0bmVyLmZyL2MvcC8xNTM3Ny8xNTM3Ny0xNzI0NC0xLmpwZw?v=1610019520"],"medium":["https:\/\/media.th4.com\/in1G7r_BPp2mwg4MNysiry-h3MrJPzYJK0Rby4YRr_M\/pr:550x550\/aHR0cDovL21lZGlhMi5kZXNpZ25wYXJ0bmVyLmZyL2MvcC8xNTM3Ny8xNTM3Ny0xNzI0NC0xLmpwZw?v=1610019520"],"medium_large":["https:\/\/media.th4.com\/43xwAH8guRynQurYDzr6rXi_NhNBWQgzMewnDYJCgdc\/pr:1000x1000\/aHR0cDovL21lZGlhMi5kZXNpZ25wYXJ0bmVyLmZyL2MvcC8xNTM3Ny8xNTM3Ny0xNzI0NC0xLmpwZw?v=1610019520"],"large":["https:\/\/media.th4.com\/2ce3EXkp-6JxdP9o6i9dgzk6XYKbWTMzKdJMoJZwURI\/pr:1920\/aHR0cDovL21lZGlhMi5kZXNpZ25wYXJ0bmVyLmZyL2MvcC8xNTM3Ny8xNTM3Ny0xNzI0NC0xLmpwZw?v=1610019520"],"opengraph":["https:\/\/media.th4.com\/4sNncj_dbFCuz35IfvvqLA372ybw0BqpS-ZcCs2icaI\/pr:1200x630\/aHR0cDovL21lZGlhMi5kZXNpZ25wYXJ0bmVyLmZyL2MvcC8xNTM3Ny8xNTM3Ny0xNzI0NC0xLmpwZw?v=1610019520"]},"images_customization":{"miniature":["https:\/\/media.th4.com\/PNwVuRUz_yE7-2SfkG8B_r5SBhL2QQt_3gELAPcX9P0\/pr:80\/aHR0cDovL21lZGlhMi5kZXNpZ25wYXJ0bmVyLmZyL2MvcC1zaG9wcGluZy1jdXN0b20tVEgvMTUzNzcvMTUzNzctMTcyNDQtMS5qcGc?v=1737554675"],"medium":["https:\/\/media.th4.com\/h53YpToGCh8nNLVrXOWHBdfr-2dA1kQmwMAb6jKpuGg\/pr:550x550\/aHR0cDovL21lZGlhMi5kZXNpZ25wYXJ0bmVyLmZyL2MvcC1zaG9wcGluZy1jdXN0b20tVEgvMTUzNzcvMTUzNzctMTcyNDQtMS5qcGc?v=1737554675"],"medium_large":["https:\/\/media.th4.com\/NHhmfyRuadj6gY-Xh0XCdUj0wkJHLKYVXbsmgo1ea1Q\/pr:1000x1000\/aHR0cDovL21lZGlhMi5kZXNpZ25wYXJ0bmVyLmZyL2MvcC1zaG9wcGluZy1jdXN0b20tVEgvMTUzNzcvMTUzNzctMTcyNDQtMS5qcGc?v=1737554675"],"large":["https:\/\/media.th4.com\/8X-SX0Y3sxDmkO-g8A6HWmfg9bLD2vNTWoxQHKNPrk8\/pr:1920\/aHR0cDovL21lZGlhMi5kZXNpZ25wYXJ0bmVyLmZyL2MvcC1zaG9wcGluZy1jdXN0b20tVEgvMTUzNzcvMTUzNzctMTcyNDQtMS5qcGc?v=1737554675"],"opengraph":["https:\/\/media.th4.com\/cS8yICNaGqS2dle8D-3p8CmFWKmJZ5Dxl-lQjvI7dyo\/pr:1200x630\/aHR0cDovL21lZGlhMi5kZXNpZ25wYXJ0bmVyLmZyL2MvcC1zaG9wcGluZy1jdXN0b20tVEgvMTUzNzcvMTUzNzctMTcyNDQtMS5qcGc?v=1737554675"]},"country_origin":"BD","traceability":{"manufacturing_country_id":null,"weaving_country_id":null,"dyeing_country_id":null},"sizes":[{"id":3,"article_id":389939,"class_id":3,"name":"S","on_standby":false,"stock_local":0,"stock_global":1271,"multiple":1,"estimated_date_reassort":null,"is_destocking":false},{"id":2,"article_id":389940,"class_id":4,"name":"M","on_standby":false,"stock_local":0,"stock_global":5836,"multiple":1,"estimated_date_reassort":null,"is_destocking":false},{"id":1,"article_id":389941,"class_id":5,"name":"L","on_standby":false,"stock_local":1,"stock_global":5090,"multiple":1,"estimated_date_reassort":null,"is_destocking":false},{"id":4,"article_id":389942,"class_id":6,"name":"XL","on_standby":false,"stock_local":0,"stock_global":3056,"multiple":1,"estimated_date_reassort":null,"is_destocking":false},{"id":1116,"article_id":389943,"class_id":7,"name":"2XL","on_standby":false,"stock_local":0,"stock_global":652,"multiple":1,"estimated_date_reassort":null,"is_destocking":false},{"id":1081,"article_id":389944,"class_id":8,"name":"3XL","on_standby":false,"stock_local":0,"stock_global":105,"multiple":1,"estimated_date_reassort":null,"is_destocking":false}],"page_links":{"fr":"\/fr\/p-an-am001-sweat-a-capuche-pour-homme-am001-15377\/navy-17244\/","en":"\/en\/p-an-am001-mens-hoodie-am001-15377\/navy-17244\/","de":"\/de\/p-an-am001-manner-sweatshirt-mit-kapuze-am001-15377\/navy-17244\/","nl":"\/nl\/p-an-am001-hoodie-voor-mannen-am001-15377\/navy-17244\/","es":"\/es\/p-an-am001-sudadera-con-capucha-para-hombre-am001-15377\/navy-17244\/","it":"\/it\/p-an-am001-felpa-con-cappuccio-per-uomo-am001-15377\/navy-17244\/","sv":"\/sv\/p-an-am001-sweatshirt-med-huva-for-man-am001-15377\/navy-17244\/","pt":"\/pt\/p-an-am001-moletom-com-capuz-para-homem-am001-15377\/navy-17244\/","da":"\/da\/p-an-am001-sweat-med-haette-til-maend-am001-15377\/navy-17244\/","pl":"\/pl\/p-an-am001-meski-sweter-z-kapturem-am001-15377\/navy-17244\/"},"page_links_customization":{"fr":"\/fr\/p-an-am001-sweat-a-capuche-pour-homme-personnalisation-am001-15377\/navy-17244\/custom\/","en":"\/en\/p-an-am001-personalization-hooded-sweatshirt-for-men-am001-15377\/navy-17244\/custom\/","de":"\/de\/p-an-am001-kapuzenpullover-fur-herren-anpassbar-am001-15377\/navy-17244\/custom\/","nl":"\/nl\/p-an-am001-sweatshirt-met-capuchon-voor-man-personalisatie-am001-15377\/navy-17244\/custom\/","es":"\/es\/p-an-am001-sudadera-con-capucha-para-hombre-personalizacion-am001-15377\/navy-17244\/custom\/","it":"\/it\/p-an-am001-felpa-con-cappuccio-personalizzazione-uomo-am001-15377\/navy-17244\/custom\/","sv":"\/sv\/p-an-am001-anpassning-av-kapuschongtroja-for-man-am001-15377\/navy-17244\/custom\/","pt":"\/pt\/p-an-am001-moqueca-com-capuz-para-homem-personalizacao-am001-15377\/navy-17244\/custom\/","da":"\/da\/p-an-am001-sweat-med-kappe-til-maend-personliggorelse-am001-15377\/navy-17244\/custom\/","pl":"\/pl\/p-an-am001-sweat-z-kapeluszem-dla-mezczyzn-personalizacja-am001-15377\/navy-17244\/custom\/"}},{"id":17240,"name":"desert_sand","class_ids":[8],"codes_hexa":["cfb2a0"],"delai_24":false,"has_3d":true,"seuil_global":0,"stock_local":0,"stock_global":9021,"on_standby":false,"in_catalog":true,"images":{"miniature":["https:\/\/media.th4.com\/jKO-p_NNozMnq1a5tAbTQtUdLHvPOSXJkwqq54hTHNA\/pr:80\/aHR0cDovL21lZGlhMi5kZXNpZ25wYXJ0bmVyLmZyL2MvcC8xNTM3Ny8xNTM3Ny0xNzI0MC0xLmpwZw?v=1610019517"],"medium":["https:\/\/media.th4.com\/4oFtlCrdC6G_-qpFSeKfD3w7bgSqiGWqRL115c8vbQo\/pr:550x550\/aHR0cDovL21lZGlhMi5kZXNpZ25wYXJ0bmVyLmZyL2MvcC8xNTM3Ny8xNTM3Ny0xNzI0MC0xLmpwZw?v=1610019517"],"medium_large":["https:\/\/media.th4.com\/UMFwJ49E8bIDAG04wCrjkGgC6_6QK6fef-CC2_m1X5k\/pr:1000x1000\/aHR0cDovL21lZGlhMi5kZXNpZ25wYXJ0bmVyLmZyL2MvcC8xNTM3Ny8xNTM3Ny0xNzI0MC0xLmpwZw?v=1610019517"],"large":["https:\/\/media.th4.com\/p_AyQfKj42ge4K4kvZwsczlTUYWvOaUh5apIGtdorrM\/pr:1920\/aHR0cDovL21lZGlhMi5kZXNpZ25wYXJ0bmVyLmZyL2MvcC8xNTM3Ny8xNTM3Ny0xNzI0MC0xLmpwZw?v=1610019517"],"opengraph":["https:\/\/media.th4.com\/kRlQWGXbtniFxDCRLgftvNc_cva8D4yaKPxPsc6TT_0\/pr:1200x630\/aHR0cDovL21lZGlhMi5kZXNpZ25wYXJ0bmVyLmZyL2MvcC8xNTM3Ny8xNTM3Ny0xNzI0MC0xLmpwZw?v=1610019517"]},"images_customization":{"miniature":["https:\/\/media.th4.com\/jKO-p_NNozMnq1a5tAbTQtUdLHvPOSXJkwqq54hTHNA\/pr:80\/aHR0cDovL21lZGlhMi5kZXNpZ25wYXJ0bmVyLmZyL2MvcC8xNTM3Ny8xNTM3Ny0xNzI0MC0xLmpwZw?v=1610019517"],"medium":["https:\/\/media.th4.com\/4oFtlCrdC6G_-qpFSeKfD3w7bgSqiGWqRL115c8vbQo\/pr:550x550\/aHR0cDovL21lZGlhMi5kZXNpZ25wYXJ0bmVyLmZyL2MvcC8xNTM3Ny8xNTM3Ny0xNzI0MC0xLmpwZw?v=1610019517"],"medium_large":["https:\/\/media.th4.com\/UMFwJ49E8bIDAG04wCrjkGgC6_6QK6fef-CC2_m1X5k\/pr:1000x1000\/aHR0cDovL21lZGlhMi5kZXNpZ25wYXJ0bmVyLmZyL2MvcC8xNTM3Ny8xNTM3Ny0xNzI0MC0xLmpwZw?v=1610019517"],"large":["https:\/\/media.th4.com\/p_AyQfKj42ge4K4kvZwsczlTUYWvOaUh5apIGtdorrM\/pr:1920\/aHR0cDovL21lZGlhMi5kZXNpZ25wYXJ0bmVyLmZyL2MvcC8xNTM3Ny8xNTM3Ny0xNzI0MC0xLmpwZw?v=1610019517"],"opengraph":["https:\/\/media.th4.com\/kRlQWGXbtniFxDCRLgftvNc_cva8D4yaKPxPsc6TT_0\/pr:1200x630\/aHR0cDovL21lZGlhMi5kZXNpZ25wYXJ0bmVyLmZyL2MvcC8xNTM3Ny8xNTM3Ny0xNzI0MC0xLmpwZw?v=1610019517"]},"country_origin":"BD","traceability":{"manufacturing_country_id":null,"weaving_country_id":null,"dyeing_country_id":null},"sizes":[{"id":3,"article_id":389915,"class_id":3,"name":"S","on_standby":false,"stock_local":0,"stock_global":905,"multiple":1,"estimated_date_reassort":null,"is_destocking":false},{"id":2,"article_id":389916,"class_id":4,"name":"M","on_standby":false,"stock_local":0,"stock_global":2288,"multiple":1,"estimated_date_reassort":null,"is_destocking":false},{"id":1,"article_id":389917,"class_id":5,"name":"L","on_standby":false,"stock_local":0,"stock_global":2613,"multiple":1,"estimated_date_reassort":null,"is_destocking":false},{"id":4,"article_id":389918,"class_id":6,"name":"XL","on_standby":false,"stock_local":0,"stock_global":1437,"multiple":1,"estimated_date_reassort":null,"is_destocking":false},{"id":1116,"article_id":389919,"class_id":7,"name":"2XL","on_standby":false,"stock_local":0,"stock_global":1248,"multiple":1,"estimated_date_reassort":null,"is_destocking":false},{"id":1081,"article_id":389920,"class_id":8,"name":"3XL","on_standby":false,"stock_local":0,"stock_global":530,"multiple":1,"estimated_date_reassort":null,"is_destocking":false}],"page_links":{"fr":"\/fr\/p-an-am001-sweat-a-capuche-pour-homme-am001-15377\/desert-sand-17240\/","en":"\/en\/p-an-am001-mens-hoodie-am001-15377\/desert-sand-17240\/","de":"\/de\/p-an-am001-manner-sweatshirt-mit-kapuze-am001-15377\/desert-sand-17240\/","nl":"\/nl\/p-an-am001-hoodie-voor-mannen-am001-15377\/desert-sand-17240\/","es":"\/es\/p-an-am001-sudadera-con-capucha-para-hombre-am001-15377\/desert-sand-17240\/","it":"\/it\/p-an-am001-felpa-con-cappuccio-per-uomo-am001-15377\/desert-sand-17240\/","sv":"\/sv\/p-an-am001-sweatshirt-med-huva-for-man-am001-15377\/desert-sand-17240\/","pt":"\/pt\/p-an-am001-moletom-com-capuz-para-homem-am001-15377\/desert-sand-17240\/","da":"\/da\/p-an-am001-sweat-med-haette-til-maend-am001-15377\/desert-sand-17240\/","pl":"\/pl\/p-an-am001-meski-sweter-z-kapturem-am001-15377\/desert-sand-17240\/"},"page_links_customization":{"fr":"\/fr\/p-an-am001-sweat-a-capuche-pour-homme-personnalisation-am001-15377\/desert-sand-17240\/custom\/","en":"\/en\/p-an-am001-personalization-hooded-sweatshirt-for-men-am001-15377\/desert-sand-17240\/custom\/","de":"\/de\/p-an-am001-kapuzenpullover-fur-herren-anpassbar-am001-15377\/desert-sand-17240\/custom\/","nl":"\/nl\/p-an-am001-sweatshirt-met-capuchon-voor-man-personalisatie-am001-15377\/desert-sand-17240\/custom\/","es":"\/es\/p-an-am001-sudadera-con-capucha-para-hombre-personalizacion-am001-15377\/desert-sand-17240\/custom\/","it":"\/it\/p-an-am001-felpa-con-cappuccio-personalizzazione-uomo-am001-15377\/desert-sand-17240\/custom\/","sv":"\/sv\/p-an-am001-anpassning-av-kapuschongtroja-for-man-am001-15377\/desert-sand-17240\/custom\/","pt":"\/pt\/p-an-am001-moqueca-com-capuz-para-homem-personalizacao-am001-15377\/desert-sand-17240\/custom\/","da":"\/da\/p-an-am001-sweat-med-kappe-til-maend-personliggorelse-am001-15377\/desert-sand-17240\/custom\/","pl":"\/pl\/p-an-am001-sweat-z-kapeluszem-dla-mezczyzn-personalizacja-am001-15377\/desert-sand-17240\/custom\/"}},{"id":17238,"name":"burgundy","class_ids":[6],"codes_hexa":["582d40"],"delai_24":false,"has_3d":true,"seuil_global":0,"stock_local":0,"stock_global":8510,"on_standby":false,"in_catalog":true,"images":{"miniature":["https:\/\/media.th4.com\/JERTn3ewsFYaBz1nUpunxnUekVRbQoh6RWZubmHY-ZM\/pr:80\/aHR0cDovL21lZGlhMi5kZXNpZ25wYXJ0bmVyLmZyL2MvcC8xNTM3Ny8xNTM3Ny0xNzIzOC0xLmpwZw?v=1610019517"],"medium":["https:\/\/media.th4.com\/ssdP7sd4Q4fI39K7nhZSkF8CKLfCbzTeFJn2H_41ajg\/pr:550x550\/aHR0cDovL21lZGlhMi5kZXNpZ25wYXJ0bmVyLmZyL2MvcC8xNTM3Ny8xNTM3Ny0xNzIzOC0xLmpwZw?v=1610019517"],"medium_large":["https:\/\/media.th4.com\/zG-2brDyS0wj4t74WSi4siHwYht2Rg5OSdjloqxOYQw\/pr:1000x1000\/aHR0cDovL21lZGlhMi5kZXNpZ25wYXJ0bmVyLmZyL2MvcC8xNTM3Ny8xNTM3Ny0xNzIzOC0xLmpwZw?v=1610019517"],"large":["https:\/\/media.th4.com\/skuDyCMSLzWPSW8JW5BBcnBtB9ecqv6jq4I1nuUbrR0\/pr:1920\/aHR0cDovL21lZGlhMi5kZXNpZ25wYXJ0bmVyLmZyL2MvcC8xNTM3Ny8xNTM3Ny0xNzIzOC0xLmpwZw?v=1610019517"],"opengraph":["https:\/\/media.th4.com\/FkDLy-E6heVlWzMv7NbDW7Fi6p1xrm8wJqMP58yOZ3k\/pr:1200x630\/aHR0cDovL21lZGlhMi5kZXNpZ25wYXJ0bmVyLmZyL2MvcC8xNTM3Ny8xNTM3Ny0xNzIzOC0xLmpwZw?v=1610019517"]},"images_customization":{"miniature":["https:\/\/media.th4.com\/SM0kGGiop_bYFLmpErEk_jieTCbydT31S7K9LNeWtJ4\/pr:80\/aHR0cDovL21lZGlhMi5kZXNpZ25wYXJ0bmVyLmZyL2MvcC1zaG9wcGluZy1jdXN0b20tVEgvMTUzNzcvMTUzNzctMTcyMzgtMS5qcGc?v=1737554674"],"medium":["https:\/\/media.th4.com\/N4jD-70THup2pUMdOCZ3aMee8v-TnJKKM3NCmDIIQvM\/pr:550x550\/aHR0cDovL21lZGlhMi5kZXNpZ25wYXJ0bmVyLmZyL2MvcC1zaG9wcGluZy1jdXN0b20tVEgvMTUzNzcvMTUzNzctMTcyMzgtMS5qcGc?v=1737554674"],"medium_large":["https:\/\/media.th4.com\/B6rZpA84xN5vgvYEC8ndJrsVLgKIfFAoJhVfmOrpo6M\/pr:1000x1000\/aHR0cDovL21lZGlhMi5kZXNpZ25wYXJ0bmVyLmZyL2MvcC1zaG9wcGluZy1jdXN0b20tVEgvMTUzNzcvMTUzNzctMTcyMzgtMS5qcGc?v=1737554674"],"large":["https:\/\/media.th4.com\/7z79b-HG6UyUeKp3goUh2I1woGgjQeoSCylljj14TX8\/pr:1920\/aHR0cDovL21lZGlhMi5kZXNpZ25wYXJ0bmVyLmZyL2MvcC1zaG9wcGluZy1jdXN0b20tVEgvMTUzNzcvMTUzNzctMTcyMzgtMS5qcGc?v=1737554674"],"opengraph":["https:\/\/media.th4.com\/-FrsDMIiBS_snsuVPygGRsCvUTc_Eojs9VgJF8pS6FM\/pr:1200x630\/aHR0cDovL21lZGlhMi5kZXNpZ25wYXJ0bmVyLmZyL2MvcC1zaG9wcGluZy1jdXN0b20tVEgvMTUzNzcvMTUzNzctMTcyMzgtMS5qcGc?v=1737554674"]},"country_origin":"BD","traceability":{"manufacturing_country_id":null,"weaving_country_id":null,"dyeing_country_id":null},"sizes":[{"id":3,"article_id":389903,"class_id":3,"name":"S","on_standby":false,"stock_local":0,"stock_global":1348,"multiple":1,"estimated_date_reassort":null,"is_destocking":false},{"id":2,"article_id":389904,"class_id":4,"name":"M","on_standby":false,"stock_local":0,"stock_global":3197,"multiple":1,"estimated_date_reassort":null,"is_destocking":false},{"id":1,"article_id":389905,"class_id":5,"name":"L","on_standby":false,"stock_local":0,"stock_global":1827,"multiple":1,"estimated_date_reassort":null,"is_destocking":false},{"id":4,"article_id":389906,"class_id":6,"name":"XL","on_standby":false,"stock_local":0,"stock_global":1147,"multiple":1,"estimated_date_reassort":null,"is_destocking":false},{"id":1116,"article_id":389907,"class_id":7,"name":"2XL","on_standby":false,"stock_local":0,"stock_global":552,"multiple":1,"estimated_date_reassort":null,"is_destocking":false},{"id":1081,"article_id":389908,"class_id":8,"name":"3XL","on_standby":false,"stock_local":0,"stock_global":439,"multiple":1,"estimated_date_reassort":null,"is_destocking":false}],"page_links":{"fr":"\/fr\/p-an-am001-sweat-a-capuche-pour-homme-am001-15377\/burgundy-17238\/","en":"\/en\/p-an-am001-mens-hoodie-am001-15377\/burgundy-17238\/","de":"\/de\/p-an-am001-manner-sweatshirt-mit-kapuze-am001-15377\/burgundy-17238\/","nl":"\/nl\/p-an-am001-hoodie-voor-mannen-am001-15377\/burgundy-17238\/","es":"\/es\/p-an-am001-sudadera-con-capucha-para-hombre-am001-15377\/burgundy-17238\/","it":"\/it\/p-an-am001-felpa-con-cappuccio-per-uomo-am001-15377\/burgundy-17238\/","sv":"\/sv\/p-an-am001-sweatshirt-med-huva-for-man-am001-15377\/burgundy-17238\/","pt":"\/pt\/p-an-am001-moletom-com-capuz-para-homem-am001-15377\/burgundy-17238\/","da":"\/da\/p-an-am001-sweat-med-haette-til-maend-am001-15377\/burgundy-17238\/","pl":"\/pl\/p-an-am001-meski-sweter-z-kapturem-am001-15377\/burgundy-17238\/"},"page_links_customization":{"fr":"\/fr\/p-an-am001-sweat-a-capuche-pour-homme-personnalisation-am001-15377\/burgundy-17238\/custom\/","en":"\/en\/p-an-am001-personalization-hooded-sweatshirt-for-men-am001-15377\/burgundy-17238\/custom\/","de":"\/de\/p-an-am001-kapuzenpullover-fur-herren-anpassbar-am001-15377\/burgundy-17238\/custom\/","nl":"\/nl\/p-an-am001-sweatshirt-met-capuchon-voor-man-personalisatie-am001-15377\/burgundy-17238\/custom\/","es":"\/es\/p-an-am001-sudadera-con-capucha-para-hombre-personalizacion-am001-15377\/burgundy-17238\/custom\/","it":"\/it\/p-an-am001-felpa-con-cappuccio-personalizzazione-uomo-am001-15377\/burgundy-17238\/custom\/","sv":"\/sv\/p-an-am001-anpassning-av-kapuschongtroja-for-man-am001-15377\/burgundy-17238\/custom\/","pt":"\/pt\/p-an-am001-moqueca-com-capuz-para-homem-personalizacao-am001-15377\/burgundy-17238\/custom\/","da":"\/da\/p-an-am001-sweat-med-kappe-til-maend-personliggorelse-am001-15377\/burgundy-17238\/custom\/","pl":"\/pl\/p-an-am001-sweat-z-kapeluszem-dla-mezczyzn-personalizacja-am001-15377\/burgundy-17238\/custom\/"}},{"id":17247,"name":"pink","class_ids":[7],"codes_hexa":["f2ccd7"],"delai_24":false,"has_3d":true,"seuil_global":0,"stock_local":0,"stock_global":7931,"on_standby":false,"in_catalog":true,"images":{"miniature":["https:\/\/media.th4.com\/UVqnge_9AMcN9kYwFyETLQToB70Na8j2ev-1OJp-pnk\/pr:80\/aHR0cDovL21lZGlhMi5kZXNpZ25wYXJ0bmVyLmZyL2MvcC8xNTM3Ny8xNTM3Ny0xNzI0Ny0xLmpwZw?v=1610019514"],"medium":["https:\/\/media.th4.com\/QiiLC77CCoI9oqc-Co33va-Yu1d_T5maoL0naGn1tnI\/pr:550x550\/aHR0cDovL21lZGlhMi5kZXNpZ25wYXJ0bmVyLmZyL2MvcC8xNTM3Ny8xNTM3Ny0xNzI0Ny0xLmpwZw?v=1610019514"],"medium_large":["https:\/\/media.th4.com\/Kb2xn4AmrASULvRzreLGoXeM0i-xUMKY1gMlWgBdN2Q\/pr:1000x1000\/aHR0cDovL21lZGlhMi5kZXNpZ25wYXJ0bmVyLmZyL2MvcC8xNTM3Ny8xNTM3Ny0xNzI0Ny0xLmpwZw?v=1610019514"],"large":["https:\/\/media.th4.com\/VQKyDK-yE1fStZV93vSh02h_eyCcYrWot3b53gS-DNU\/pr:1920\/aHR0cDovL21lZGlhMi5kZXNpZ25wYXJ0bmVyLmZyL2MvcC8xNTM3Ny8xNTM3Ny0xNzI0Ny0xLmpwZw?v=1610019514"],"opengraph":["https:\/\/media.th4.com\/pnGFtz_nGPKn0I0LjfKCehwXJaSZHcQxiE9wmWtcMZ4\/pr:1200x630\/aHR0cDovL21lZGlhMi5kZXNpZ25wYXJ0bmVyLmZyL2MvcC8xNTM3Ny8xNTM3Ny0xNzI0Ny0xLmpwZw?v=1610019514"]},"images_customization":{"miniature":["https:\/\/media.th4.com\/UVqnge_9AMcN9kYwFyETLQToB70Na8j2ev-1OJp-pnk\/pr:80\/aHR0cDovL21lZGlhMi5kZXNpZ25wYXJ0bmVyLmZyL2MvcC8xNTM3Ny8xNTM3Ny0xNzI0Ny0xLmpwZw?v=1610019514"],"medium":["https:\/\/media.th4.com\/QiiLC77CCoI9oqc-Co33va-Yu1d_T5maoL0naGn1tnI\/pr:550x550\/aHR0cDovL21lZGlhMi5kZXNpZ25wYXJ0bmVyLmZyL2MvcC8xNTM3Ny8xNTM3Ny0xNzI0Ny0xLmpwZw?v=1610019514"],"medium_large":["https:\/\/media.th4.com\/Kb2xn4AmrASULvRzreLGoXeM0i-xUMKY1gMlWgBdN2Q\/pr:1000x1000\/aHR0cDovL21lZGlhMi5kZXNpZ25wYXJ0bmVyLmZyL2MvcC8xNTM3Ny8xNTM3Ny0xNzI0Ny0xLmpwZw?v=1610019514"],"large":["https:\/\/media.th4.com\/VQKyDK-yE1fStZV93vSh02h_eyCcYrWot3b53gS-DNU\/pr:1920\/aHR0cDovL21lZGlhMi5kZXNpZ25wYXJ0bmVyLmZyL2MvcC8xNTM3Ny8xNTM3Ny0xNzI0Ny0xLmpwZw?v=1610019514"],"opengraph":["https:\/\/media.th4.com\/pnGFtz_nGPKn0I0LjfKCehwXJaSZHcQxiE9wmWtcMZ4\/pr:1200x630\/aHR0cDovL21lZGlhMi5kZXNpZ25wYXJ0bmVyLmZyL2MvcC8xNTM3Ny8xNTM3Ny0xNzI0Ny0xLmpwZw?v=1610019514"]},"country_origin":"BD","traceability":{"manufacturing_country_id":null,"weaving_country_id":null,"dyeing_country_id":null},"sizes":[{"id":3,"article_id":389957,"class_id":3,"name":"S","on_standby":false,"stock_local":0,"stock_global":1313,"multiple":1,"estimated_date_reassort":null,"is_destocking":false},{"id":2,"article_id":389958,"class_id":4,"name":"M","on_standby":false,"stock_local":0,"stock_global":2282,"multiple":1,"estimated_date_reassort":null,"is_destocking":false},{"id":1,"article_id":389959,"class_id":5,"name":"L","on_standby":false,"stock_local":0,"stock_global":2045,"multiple":1,"estimated_date_reassort":null,"is_destocking":false},{"id":4,"article_id":389960,"class_id":6,"name":"XL","on_standby":false,"stock_local":0,"stock_global":1222,"multiple":1,"estimated_date_reassort":null,"is_destocking":false},{"id":1116,"article_id":389961,"class_id":7,"name":"2XL","on_standby":false,"stock_local":0,"stock_global":776,"multiple":1,"estimated_date_reassort":null,"is_destocking":false},{"id":1081,"article_id":389962,"class_id":8,"name":"3XL","on_standby":false,"stock_local":0,"stock_global":293,"multiple":1,"estimated_date_reassort":null,"is_destocking":false}],"page_links":{"fr":"\/fr\/p-an-am001-sweat-a-capuche-pour-homme-am001-15377\/pink-17247\/","en":"\/en\/p-an-am001-mens-hoodie-am001-15377\/pink-17247\/","de":"\/de\/p-an-am001-manner-sweatshirt-mit-kapuze-am001-15377\/pink-17247\/","nl":"\/nl\/p-an-am001-hoodie-voor-mannen-am001-15377\/pink-17247\/","es":"\/es\/p-an-am001-sudadera-con-capucha-para-hombre-am001-15377\/pink-17247\/","it":"\/it\/p-an-am001-felpa-con-cappuccio-per-uomo-am001-15377\/pink-17247\/","sv":"\/sv\/p-an-am001-sweatshirt-med-huva-for-man-am001-15377\/pink-17247\/","pt":"\/pt\/p-an-am001-moletom-com-capuz-para-homem-am001-15377\/pink-17247\/","da":"\/da\/p-an-am001-sweat-med-haette-til-maend-am001-15377\/pink-17247\/","pl":"\/pl\/p-an-am001-meski-sweter-z-kapturem-am001-15377\/pink-17247\/"},"page_links_customization":{"fr":"\/fr\/p-an-am001-sweat-a-capuche-pour-homme-personnalisation-am001-15377\/pink-17247\/custom\/","en":"\/en\/p-an-am001-personalization-hooded-sweatshirt-for-men-am001-15377\/pink-17247\/custom\/","de":"\/de\/p-an-am001-kapuzenpullover-fur-herren-anpassbar-am001-15377\/pink-17247\/custom\/","nl":"\/nl\/p-an-am001-sweatshirt-met-capuchon-voor-man-personalisatie-am001-15377\/pink-17247\/custom\/","es":"\/es\/p-an-am001-sudadera-con-capucha-para-hombre-personalizacion-am001-15377\/pink-17247\/custom\/","it":"\/it\/p-an-am001-felpa-con-cappuccio-personalizzazione-uomo-am001-15377\/pink-17247\/custom\/","sv":"\/sv\/p-an-am001-anpassning-av-kapuschongtroja-for-man-am001-15377\/pink-17247\/custom\/","pt":"\/pt\/p-an-am001-moqueca-com-capuz-para-homem-personalizacao-am001-15377\/pink-17247\/custom\/","da":"\/da\/p-an-am001-sweat-med-kappe-til-maend-personliggorelse-am001-15377\/pink-17247\/custom\/","pl":"\/pl\/p-an-am001-sweat-z-kapeluszem-dla-mezczyzn-personalizacja-am001-15377\/pink-17247\/custom\/"}},{"id":17252,"name":"yellow","class_ids":[12],"codes_hexa":["ffd100"],"delai_24":false,"has_3d":true,"seuil_global":0,"stock_local":0,"stock_global":6865,"on_standby":false,"in_catalog":true,"images":{"miniature":["https:\/\/media.th4.com\/G46oT_BL84TBERsVzn5Ha0KiVbEGabTWmksM9DCdIZA\/pr:80\/aHR0cDovL21lZGlhMi5kZXNpZ25wYXJ0bmVyLmZyL2MvcC8xNTM3Ny8xNTM3Ny0xNzI1Mi0xLmpwZw?v=1610019520"],"medium":["https:\/\/media.th4.com\/rtBdHLNEopi2CwKgqdNrxYwl20szkBIuaequQMnLbOU\/pr:550x550\/aHR0cDovL21lZGlhMi5kZXNpZ25wYXJ0bmVyLmZyL2MvcC8xNTM3Ny8xNTM3Ny0xNzI1Mi0xLmpwZw?v=1610019520"],"medium_large":["https:\/\/media.th4.com\/herfryL1IguzGplx8jVBpB4TpLIEFcUthmXu_xiszis\/pr:1000x1000\/aHR0cDovL21lZGlhMi5kZXNpZ25wYXJ0bmVyLmZyL2MvcC8xNTM3Ny8xNTM3Ny0xNzI1Mi0xLmpwZw?v=1610019520"],"large":["https:\/\/media.th4.com\/nlMl89zdqta80pfMXIei_zwXVqxD2Xy466Dm67aNGoY\/pr:1920\/aHR0cDovL21lZGlhMi5kZXNpZ25wYXJ0bmVyLmZyL2MvcC8xNTM3Ny8xNTM3Ny0xNzI1Mi0xLmpwZw?v=1610019520"],"opengraph":["https:\/\/media.th4.com\/r6vhxeiHIN6tO8xcrEQHmGTjbWWH0FGlCUajPlvJ5to\/pr:1200x630\/aHR0cDovL21lZGlhMi5kZXNpZ25wYXJ0bmVyLmZyL2MvcC8xNTM3Ny8xNTM3Ny0xNzI1Mi0xLmpwZw?v=1610019520"]},"images_customization":{"miniature":["https:\/\/media.th4.com\/U_VRjv6sxMX3NHTvpGvDABEBvxDDJyASo2shRBajjzs\/pr:80\/aHR0cDovL21lZGlhMi5kZXNpZ25wYXJ0bmVyLmZyL2MvcC1zaG9wcGluZy1jdXN0b20tVEgvMTUzNzcvMTUzNzctMTcyNTItMS5qcGc?v=1737554675"],"medium":["https:\/\/media.th4.com\/e0rFSPyaTff6VtQjlWsdpuokfl893F_UHQGFmSL58Gg\/pr:550x550\/aHR0cDovL21lZGlhMi5kZXNpZ25wYXJ0bmVyLmZyL2MvcC1zaG9wcGluZy1jdXN0b20tVEgvMTUzNzcvMTUzNzctMTcyNTItMS5qcGc?v=1737554675"],"medium_large":["https:\/\/media.th4.com\/QhkuGFhdH6qmgsxGavq6eVAaeDJb1YqzcLgWartURtg\/pr:1000x1000\/aHR0cDovL21lZGlhMi5kZXNpZ25wYXJ0bmVyLmZyL2MvcC1zaG9wcGluZy1jdXN0b20tVEgvMTUzNzcvMTUzNzctMTcyNTItMS5qcGc?v=1737554675"],"large":["https:\/\/media.th4.com\/NWw_FpIX6NatpFj5biC1bPjwmrTo6MVfEQUKKSnisKM\/pr:1920\/aHR0cDovL21lZGlhMi5kZXNpZ25wYXJ0bmVyLmZyL2MvcC1zaG9wcGluZy1jdXN0b20tVEgvMTUzNzcvMTUzNzctMTcyNTItMS5qcGc?v=1737554675"],"opengraph":["https:\/\/media.th4.com\/SZRT1rGSdSR8FRL1yhL2ljoSXir1jMXdQP3GJTZ7Lw8\/pr:1200x630\/aHR0cDovL21lZGlhMi5kZXNpZ25wYXJ0bmVyLmZyL2MvcC1zaG9wcGluZy1jdXN0b20tVEgvMTUzNzcvMTUzNzctMTcyNTItMS5qcGc?v=1737554675"]},"country_origin":"BD","traceability":{"manufacturing_country_id":null,"weaving_country_id":null,"dyeing_country_id":null},"sizes":[{"id":3,"article_id":389987,"class_id":3,"name":"S","on_standby":false,"stock_local":0,"stock_global":1277,"multiple":1,"estimated_date_reassort":null,"is_destocking":false},{"id":2,"article_id":389988,"class_id":4,"name":"M","on_standby":false,"stock_local":0,"stock_global":2132,"multiple":1,"estimated_date_reassort":null,"is_destocking":false},{"id":1,"article_id":389989,"class_id":5,"name":"L","on_standby":false,"stock_local":0,"stock_global":1781,"multiple":1,"estimated_date_reassort":null,"is_destocking":false},{"id":4,"article_id":389990,"class_id":6,"name":"XL","on_standby":false,"stock_local":0,"stock_global":983,"multiple":1,"estimated_date_reassort":null,"is_destocking":false},{"id":1116,"article_id":389991,"class_id":7,"name":"2XL","on_standby":false,"stock_local":0,"stock_global":330,"multiple":1,"estimated_date_reassort":null,"is_destocking":false},{"id":1081,"article_id":389992,"class_id":8,"name":"3XL","on_standby":false,"stock_local":0,"stock_global":362,"multiple":1,"estimated_date_reassort":null,"is_destocking":false}],"page_links":{"fr":"\/fr\/p-an-am001-sweat-a-capuche-pour-homme-am001-15377\/yellow-17252\/","en":"\/en\/p-an-am001-mens-hoodie-am001-15377\/yellow-17252\/","de":"\/de\/p-an-am001-manner-sweatshirt-mit-kapuze-am001-15377\/yellow-17252\/","nl":"\/nl\/p-an-am001-hoodie-voor-mannen-am001-15377\/yellow-17252\/","es":"\/es\/p-an-am001-sudadera-con-capucha-para-hombre-am001-15377\/yellow-17252\/","it":"\/it\/p-an-am001-felpa-con-cappuccio-per-uomo-am001-15377\/yellow-17252\/","sv":"\/sv\/p-an-am001-sweatshirt-med-huva-for-man-am001-15377\/yellow-17252\/","pt":"\/pt\/p-an-am001-moletom-com-capuz-para-homem-am001-15377\/yellow-17252\/","da":"\/da\/p-an-am001-sweat-med-haette-til-maend-am001-15377\/yellow-17252\/","pl":"\/pl\/p-an-am001-meski-sweter-z-kapturem-am001-15377\/yellow-17252\/"},"page_links_customization":{"fr":"\/fr\/p-an-am001-sweat-a-capuche-pour-homme-personnalisation-am001-15377\/yellow-17252\/custom\/","en":"\/en\/p-an-am001-personalization-hooded-sweatshirt-for-men-am001-15377\/yellow-17252\/custom\/","de":"\/de\/p-an-am001-kapuzenpullover-fur-herren-anpassbar-am001-15377\/yellow-17252\/custom\/","nl":"\/nl\/p-an-am001-sweatshirt-met-capuchon-voor-man-personalisatie-am001-15377\/yellow-17252\/custom\/","es":"\/es\/p-an-am001-sudadera-con-capucha-para-hombre-personalizacion-am001-15377\/yellow-17252\/custom\/","it":"\/it\/p-an-am001-felpa-con-cappuccio-personalizzazione-uomo-am001-15377\/yellow-17252\/custom\/","sv":"\/sv\/p-an-am001-anpassning-av-kapuschongtroja-for-man-am001-15377\/yellow-17252\/custom\/","pt":"\/pt\/p-an-am001-moqueca-com-capuz-para-homem-personalizacao-am001-15377\/yellow-17252\/custom\/","da":"\/da\/p-an-am001-sweat-med-kappe-til-maend-personliggorelse-am001-15377\/yellow-17252\/custom\/","pl":"\/pl\/p-an-am001-sweat-z-kapeluszem-dla-mezczyzn-personalizacja-am001-15377\/yellow-17252\/custom\/"}},{"id":17239,"name":"charcoal","class_ids":[3],"codes_hexa":["545859"],"delai_24":false,"has_3d":true,"seuil_global":0,"stock_local":0,"stock_global":5178,"on_standby":false,"in_catalog":true,"images":{"miniature":["https:\/\/media.th4.com\/8N4v78wSkGfWCwAQmKi5ip0anJbQ2yZc06HgSPuueBg\/pr:80\/aHR0cDovL21lZGlhMi5kZXNpZ25wYXJ0bmVyLmZyL2MvcC8xNTM3Ny8xNTM3Ny0xNzIzOS0xLmpwZw?v=1610019520"],"medium":["https:\/\/media.th4.com\/mNCMFOYU4VG6keBUy4ZrAReUOHPhgVLdGk_B47kQH9w\/pr:550x550\/aHR0cDovL21lZGlhMi5kZXNpZ25wYXJ0bmVyLmZyL2MvcC8xNTM3Ny8xNTM3Ny0xNzIzOS0xLmpwZw?v=1610019520"],"medium_large":["https:\/\/media.th4.com\/yIKe2FjP3RSbxPzigIpD99VceYm7Js3NNa6P_z_pRw4\/pr:1000x1000\/aHR0cDovL21lZGlhMi5kZXNpZ25wYXJ0bmVyLmZyL2MvcC8xNTM3Ny8xNTM3Ny0xNzIzOS0xLmpwZw?v=1610019520"],"large":["https:\/\/media.th4.com\/C_1MDEw5MZWufu9mqK2DXLQ4ECJNI7JQMoK2KnbUPKA\/pr:1920\/aHR0cDovL21lZGlhMi5kZXNpZ25wYXJ0bmVyLmZyL2MvcC8xNTM3Ny8xNTM3Ny0xNzIzOS0xLmpwZw?v=1610019520"],"opengraph":["https:\/\/media.th4.com\/lF_cYXkLNGW3USzUu54W_QjnXZbzPQ2_ItxHql2AktU\/pr:1200x630\/aHR0cDovL21lZGlhMi5kZXNpZ25wYXJ0bmVyLmZyL2MvcC8xNTM3Ny8xNTM3Ny0xNzIzOS0xLmpwZw?v=1610019520"]},"images_customization":{"miniature":["https:\/\/media.th4.com\/K_1eeRBO6Kticsm1oI9Rc1ZRcCUwoDVqOr9U64mXVN8\/pr:80\/aHR0cDovL21lZGlhMi5kZXNpZ25wYXJ0bmVyLmZyL2MvcC1zaG9wcGluZy1jdXN0b20tVEgvMTUzNzcvMTUzNzctMTcyMzktMS5qcGc?v=1737554674"],"medium":["https:\/\/media.th4.com\/wrqFEhrQOoDjNHaFNElta_4ENEmXwVOkthpiZgXhePc\/pr:550x550\/aHR0cDovL21lZGlhMi5kZXNpZ25wYXJ0bmVyLmZyL2MvcC1zaG9wcGluZy1jdXN0b20tVEgvMTUzNzcvMTUzNzctMTcyMzktMS5qcGc?v=1737554674"],"medium_large":["https:\/\/media.th4.com\/2MoIrOPtdeDZmcaWxciE_7eOz6Jix_VvjnxfWPaggsM\/pr:1000x1000\/aHR0cDovL21lZGlhMi5kZXNpZ25wYXJ0bmVyLmZyL2MvcC1zaG9wcGluZy1jdXN0b20tVEgvMTUzNzcvMTUzNzctMTcyMzktMS5qcGc?v=1737554674"],"large":["https:\/\/media.th4.com\/NlTWkmyzjXbkttfBMa4Nayp-9CaLzlBsJhr3bDgwejw\/pr:1920\/aHR0cDovL21lZGlhMi5kZXNpZ25wYXJ0bmVyLmZyL2MvcC1zaG9wcGluZy1jdXN0b20tVEgvMTUzNzcvMTUzNzctMTcyMzktMS5qcGc?v=1737554674"],"opengraph":["https:\/\/media.th4.com\/5tVZpmSMPTh47NYQL7AwNs1ViblM6c8rNWTm-bIRpeE\/pr:1200x630\/aHR0cDovL21lZGlhMi5kZXNpZ25wYXJ0bmVyLmZyL2MvcC1zaG9wcGluZy1jdXN0b20tVEgvMTUzNzcvMTUzNzctMTcyMzktMS5qcGc?v=1737554674"]},"country_origin":"BD","traceability":{"manufacturing_country_id":null,"weaving_country_id":null,"dyeing_country_id":null},"sizes":[{"id":3,"article_id":389909,"class_id":3,"name":"S","on_standby":false,"stock_local":0,"stock_global":577,"multiple":1,"estimated_date_reassort":null,"is_destocking":false},{"id":2,"article_id":389910,"class_id":4,"name":"M","on_standby":false,"stock_local":0,"stock_global":1503,"multiple":1,"estimated_date_reassort":null,"is_destocking":false},{"id":1,"article_id":389911,"class_id":5,"name":"L","on_standby":false,"stock_local":0,"stock_global":1405,"multiple":1,"estimated_date_reassort":null,"is_destocking":false},{"id":4,"article_id":389912,"class_id":6,"name":"XL","on_standby":false,"stock_local":0,"stock_global":1003,"multiple":1,"estimated_date_reassort":null,"is_destocking":false},{"id":1116,"article_id":389913,"class_id":7,"name":"2XL","on_standby":false,"stock_local":0,"stock_global":435,"multiple":1,"estimated_date_reassort":null,"is_destocking":false},{"id":1081,"article_id":389914,"class_id":8,"name":"3XL","on_standby":false,"stock_local":0,"stock_global":255,"multiple":1,"estimated_date_reassort":null,"is_destocking":false}],"page_links":{"fr":"\/fr\/p-an-am001-sweat-a-capuche-pour-homme-am001-15377\/charcoal-17239\/","en":"\/en\/p-an-am001-mens-hoodie-am001-15377\/charcoal-17239\/","de":"\/de\/p-an-am001-manner-sweatshirt-mit-kapuze-am001-15377\/charcoal-17239\/","nl":"\/nl\/p-an-am001-hoodie-voor-mannen-am001-15377\/charcoal-17239\/","es":"\/es\/p-an-am001-sudadera-con-capucha-para-hombre-am001-15377\/charcoal-17239\/","it":"\/it\/p-an-am001-felpa-con-cappuccio-per-uomo-am001-15377\/charcoal-17239\/","sv":"\/sv\/p-an-am001-sweatshirt-med-huva-for-man-am001-15377\/charcoal-17239\/","pt":"\/pt\/p-an-am001-moletom-com-capuz-para-homem-am001-15377\/charcoal-17239\/","da":"\/da\/p-an-am001-sweat-med-haette-til-maend-am001-15377\/charcoal-17239\/","pl":"\/pl\/p-an-am001-meski-sweter-z-kapturem-am001-15377\/charcoal-17239\/"},"page_links_customization":{"fr":"\/fr\/p-an-am001-sweat-a-capuche-pour-homme-personnalisation-am001-15377\/charcoal-17239\/custom\/","en":"\/en\/p-an-am001-personalization-hooded-sweatshirt-for-men-am001-15377\/charcoal-17239\/custom\/","de":"\/de\/p-an-am001-kapuzenpullover-fur-herren-anpassbar-am001-15377\/charcoal-17239\/custom\/","nl":"\/nl\/p-an-am001-sweatshirt-met-capuchon-voor-man-personalisatie-am001-15377\/charcoal-17239\/custom\/","es":"\/es\/p-an-am001-sudadera-con-capucha-para-hombre-personalizacion-am001-15377\/charcoal-17239\/custom\/","it":"\/it\/p-an-am001-felpa-con-cappuccio-personalizzazione-uomo-am001-15377\/charcoal-17239\/custom\/","sv":"\/sv\/p-an-am001-anpassning-av-kapuschongtroja-for-man-am001-15377\/charcoal-17239\/custom\/","pt":"\/pt\/p-an-am001-moqueca-com-capuz-para-homem-personalizacao-am001-15377\/charcoal-17239\/custom\/","da":"\/da\/p-an-am001-sweat-med-kappe-til-maend-personliggorelse-am001-15377\/charcoal-17239\/custom\/","pl":"\/pl\/p-an-am001-sweat-z-kapeluszem-dla-mezczyzn-personalizacja-am001-15377\/charcoal-17239\/custom\/"}},{"id":17245,"name":"orange","class_ids":[9],"codes_hexa":["e6803b"],"delai_24":false,"has_3d":true,"seuil_global":0,"stock_local":0,"stock_global":5117,"on_standby":false,"in_catalog":true,"images":{"miniature":["https:\/\/media.th4.com\/2DeEm-UWjtX_gJ7JPRNJUn9ednxFDGQ9gwnQsEvOTk0\/pr:80\/aHR0cDovL21lZGlhMi5kZXNpZ25wYXJ0bmVyLmZyL2MvcC8xNTM3Ny8xNTM3Ny0xNzI0NS0xLmpwZw?v=1610019517"],"medium":["https:\/\/media.th4.com\/uWLJvu1FDmfzoNLZGaM_ZkQEVfjyWdK52rhYk7-iIXU\/pr:550x550\/aHR0cDovL21lZGlhMi5kZXNpZ25wYXJ0bmVyLmZyL2MvcC8xNTM3Ny8xNTM3Ny0xNzI0NS0xLmpwZw?v=1610019517"],"medium_large":["https:\/\/media.th4.com\/O7DiKUzHJ_RB7YrD5ZkSF2qk_p-NSPNhgjuzT8BoBiQ\/pr:1000x1000\/aHR0cDovL21lZGlhMi5kZXNpZ25wYXJ0bmVyLmZyL2MvcC8xNTM3Ny8xNTM3Ny0xNzI0NS0xLmpwZw?v=1610019517"],"large":["https:\/\/media.th4.com\/c5WqzDDCM9aPZccFzUNaf3gDKoqXqCATWRrLxRCSpNc\/pr:1920\/aHR0cDovL21lZGlhMi5kZXNpZ25wYXJ0bmVyLmZyL2MvcC8xNTM3Ny8xNTM3Ny0xNzI0NS0xLmpwZw?v=1610019517"],"opengraph":["https:\/\/media.th4.com\/5divJ-bFe3g6sJP9cEyCpXzIlcegzuOpUE6u1NnReTM\/pr:1200x630\/aHR0cDovL21lZGlhMi5kZXNpZ25wYXJ0bmVyLmZyL2MvcC8xNTM3Ny8xNTM3Ny0xNzI0NS0xLmpwZw?v=1610019517"]},"images_customization":{"miniature":["https:\/\/media.th4.com\/oo0hHNd0H4_gTmsQRmRJeWNDLak8zWrEIYNgQ15pXfQ\/pr:80\/aHR0cDovL21lZGlhMi5kZXNpZ25wYXJ0bmVyLmZyL2MvcC1zaG9wcGluZy1jdXN0b20tVEgvMTUzNzcvMTUzNzctMTcyNDUtMS5qcGc?v=1737554674"],"medium":["https:\/\/media.th4.com\/x8XBvHZF4BD7q_Ps3SXKQxo-tKw-HiPY_cCAHOup4nA\/pr:550x550\/aHR0cDovL21lZGlhMi5kZXNpZ25wYXJ0bmVyLmZyL2MvcC1zaG9wcGluZy1jdXN0b20tVEgvMTUzNzcvMTUzNzctMTcyNDUtMS5qcGc?v=1737554674"],"medium_large":["https:\/\/media.th4.com\/1dVxePL_MY9KCDLYaRtgki_dEziSpFyLGsI-e9uQR7w\/pr:1000x1000\/aHR0cDovL21lZGlhMi5kZXNpZ25wYXJ0bmVyLmZyL2MvcC1zaG9wcGluZy1jdXN0b20tVEgvMTUzNzcvMTUzNzctMTcyNDUtMS5qcGc?v=1737554674"],"large":["https:\/\/media.th4.com\/sqtgrgIhja3tGjW5uB2kZz7H1S3Wkl0qs01k55dDaks\/pr:1920\/aHR0cDovL21lZGlhMi5kZXNpZ25wYXJ0bmVyLmZyL2MvcC1zaG9wcGluZy1jdXN0b20tVEgvMTUzNzcvMTUzNzctMTcyNDUtMS5qcGc?v=1737554674"],"opengraph":["https:\/\/media.th4.com\/UuKyyOevgPSHcsffgKXTeSYXuF47Hta62N3zPE5NtjI\/pr:1200x630\/aHR0cDovL21lZGlhMi5kZXNpZ25wYXJ0bmVyLmZyL2MvcC1zaG9wcGluZy1jdXN0b20tVEgvMTUzNzcvMTUzNzctMTcyNDUtMS5qcGc?v=1737554674"]},"country_origin":"BD","traceability":{"manufacturing_country_id":null,"weaving_country_id":null,"dyeing_country_id":null},"sizes":[{"id":3,"article_id":389945,"class_id":3,"name":"S","on_standby":false,"stock_local":0,"stock_global":708,"multiple":1,"estimated_date_reassort":null,"is_destocking":false},{"id":2,"article_id":389946,"class_id":4,"name":"M","on_standby":false,"stock_local":0,"stock_global":1706,"multiple":1,"estimated_date_reassort":null,"is_destocking":false},{"id":1,"article_id":389947,"class_id":5,"name":"L","on_standby":false,"stock_local":0,"stock_global":1288,"multiple":1,"estimated_date_reassort":null,"is_destocking":false},{"id":4,"article_id":389948,"class_id":6,"name":"XL","on_standby":false,"stock_local":0,"stock_global":630,"multiple":1,"estimated_date_reassort":null,"is_destocking":false},{"id":1116,"article_id":389949,"class_id":7,"name":"2XL","on_standby":false,"stock_local":0,"stock_global":435,"multiple":1,"estimated_date_reassort":null,"is_destocking":false},{"id":1081,"article_id":389950,"class_id":8,"name":"3XL","on_standby":false,"stock_local":0,"stock_global":350,"multiple":1,"estimated_date_reassort":null,"is_destocking":false}],"page_links":{"fr":"\/fr\/p-an-am001-sweat-a-capuche-pour-homme-am001-15377\/orange-17245\/","en":"\/en\/p-an-am001-mens-hoodie-am001-15377\/orange-17245\/","de":"\/de\/p-an-am001-manner-sweatshirt-mit-kapuze-am001-15377\/orange-17245\/","nl":"\/nl\/p-an-am001-hoodie-voor-mannen-am001-15377\/orange-17245\/","es":"\/es\/p-an-am001-sudadera-con-capucha-para-hombre-am001-15377\/orange-17245\/","it":"\/it\/p-an-am001-felpa-con-cappuccio-per-uomo-am001-15377\/orange-17245\/","sv":"\/sv\/p-an-am001-sweatshirt-med-huva-for-man-am001-15377\/orange-17245\/","pt":"\/pt\/p-an-am001-moletom-com-capuz-para-homem-am001-15377\/orange-17245\/","da":"\/da\/p-an-am001-sweat-med-haette-til-maend-am001-15377\/orange-17245\/","pl":"\/pl\/p-an-am001-meski-sweter-z-kapturem-am001-15377\/orange-17245\/"},"page_links_customization":{"fr":"\/fr\/p-an-am001-sweat-a-capuche-pour-homme-personnalisation-am001-15377\/orange-17245\/custom\/","en":"\/en\/p-an-am001-personalization-hooded-sweatshirt-for-men-am001-15377\/orange-17245\/custom\/","de":"\/de\/p-an-am001-kapuzenpullover-fur-herren-anpassbar-am001-15377\/orange-17245\/custom\/","nl":"\/nl\/p-an-am001-sweatshirt-met-capuchon-voor-man-personalisatie-am001-15377\/orange-17245\/custom\/","es":"\/es\/p-an-am001-sudadera-con-capucha-para-hombre-personalizacion-am001-15377\/orange-17245\/custom\/","it":"\/it\/p-an-am001-felpa-con-cappuccio-personalizzazione-uomo-am001-15377\/orange-17245\/custom\/","sv":"\/sv\/p-an-am001-anpassning-av-kapuschongtroja-for-man-am001-15377\/orange-17245\/custom\/","pt":"\/pt\/p-an-am001-moqueca-com-capuz-para-homem-personalizacao-am001-15377\/orange-17245\/custom\/","da":"\/da\/p-an-am001-sweat-med-kappe-til-maend-personliggorelse-am001-15377\/orange-17245\/custom\/","pl":"\/pl\/p-an-am001-sweat-z-kapeluszem-dla-mezczyzn-personalizacja-am001-15377\/orange-17245\/custom\/"}},{"id":17248,"name":"purple","class_ids":[10],"codes_hexa":["2e1a47"],"delai_24":false,"has_3d":true,"seuil_global":0,"stock_local":0,"stock_global":5090,"on_standby":false,"in_catalog":true,"images":{"miniature":["https:\/\/media.th4.com\/ZD0GQq939Ok6IKQrxpWyjO7LN94N3LyBENusgrdmges\/pr:80\/aHR0cDovL21lZGlhMi5kZXNpZ25wYXJ0bmVyLmZyL2MvcC8xNTM3Ny8xNTM3Ny0xNzI0OC0xLmpwZw?v=1610019517"],"medium":["https:\/\/media.th4.com\/rb-YLkEzNPcdLSAUWbeg-csJpdaGUyDJZdA4pm0-V_I\/pr:550x550\/aHR0cDovL21lZGlhMi5kZXNpZ25wYXJ0bmVyLmZyL2MvcC8xNTM3Ny8xNTM3Ny0xNzI0OC0xLmpwZw?v=1610019517"],"medium_large":["https:\/\/media.th4.com\/aMbWfOPnfnXQbXwCvlYtSH3piIz8GqtnlCtqUBfTl5U\/pr:1000x1000\/aHR0cDovL21lZGlhMi5kZXNpZ25wYXJ0bmVyLmZyL2MvcC8xNTM3Ny8xNTM3Ny0xNzI0OC0xLmpwZw?v=1610019517"],"large":["https:\/\/media.th4.com\/870FzkUKiHZJzuDy_THiYRzjcT7pSg6VUjcRL3EGTOU\/pr:1920\/aHR0cDovL21lZGlhMi5kZXNpZ25wYXJ0bmVyLmZyL2MvcC8xNTM3Ny8xNTM3Ny0xNzI0OC0xLmpwZw?v=1610019517"],"opengraph":["https:\/\/media.th4.com\/5umrCCUiir6Esd2Fy7i6vJHp21MvIttlvTJ37SO8B10\/pr:1200x630\/aHR0cDovL21lZGlhMi5kZXNpZ25wYXJ0bmVyLmZyL2MvcC8xNTM3Ny8xNTM3Ny0xNzI0OC0xLmpwZw?v=1610019517"]},"images_customization":{"miniature":["https:\/\/media.th4.com\/gs3H_lpghMIMSfDINvuyPxn_pCclziJntcGmYqjkb4k\/pr:80\/aHR0cDovL21lZGlhMi5kZXNpZ25wYXJ0bmVyLmZyL2MvcC1zaG9wcGluZy1jdXN0b20tVEgvMTUzNzcvMTUzNzctMTcyNDgtMS5qcGc?v=1737554675"],"medium":["https:\/\/media.th4.com\/bvm_2BYNZNSUz47RNkp8FX7BEGGkxZLB4UGszvi0gBA\/pr:550x550\/aHR0cDovL21lZGlhMi5kZXNpZ25wYXJ0bmVyLmZyL2MvcC1zaG9wcGluZy1jdXN0b20tVEgvMTUzNzcvMTUzNzctMTcyNDgtMS5qcGc?v=1737554675"],"medium_large":["https:\/\/media.th4.com\/WkO6UwwkJKu6tpCHi18RkdxgYelr-pMxrm5twjLMyHQ\/pr:1000x1000\/aHR0cDovL21lZGlhMi5kZXNpZ25wYXJ0bmVyLmZyL2MvcC1zaG9wcGluZy1jdXN0b20tVEgvMTUzNzcvMTUzNzctMTcyNDgtMS5qcGc?v=1737554675"],"large":["https:\/\/media.th4.com\/7xmT0esOxYDMPnuNTgtTG85y6RInAwZzf1g1bzaPhcE\/pr:1920\/aHR0cDovL21lZGlhMi5kZXNpZ25wYXJ0bmVyLmZyL2MvcC1zaG9wcGluZy1jdXN0b20tVEgvMTUzNzcvMTUzNzctMTcyNDgtMS5qcGc?v=1737554675"],"opengraph":["https:\/\/media.th4.com\/z8jEIMlMUqq0BVADKqDkkbJWlnMb4IOVlGwDbIfe7JI\/pr:1200x630\/aHR0cDovL21lZGlhMi5kZXNpZ25wYXJ0bmVyLmZyL2MvcC1zaG9wcGluZy1jdXN0b20tVEgvMTUzNzcvMTUzNzctMTcyNDgtMS5qcGc?v=1737554675"]},"country_origin":"BD","traceability":{"manufacturing_country_id":null,"weaving_country_id":null,"dyeing_country_id":null},"sizes":[{"id":3,"article_id":389963,"class_id":3,"name":"S","on_standby":false,"stock_local":0,"stock_global":1140,"multiple":1,"estimated_date_reassort":null,"is_destocking":false},{"id":2,"article_id":389964,"class_id":4,"name":"M","on_standby":false,"stock_local":0,"stock_global":1715,"multiple":1,"estimated_date_reassort":null,"is_destocking":false},{"id":1,"article_id":389965,"class_id":5,"name":"L","on_standby":false,"stock_local":0,"stock_global":1066,"multiple":1,"estimated_date_reassort":null,"is_destocking":false},{"id":4,"article_id":389966,"class_id":6,"name":"XL","on_standby":false,"stock_local":0,"stock_global":468,"multiple":1,"estimated_date_reassort":null,"is_destocking":false},{"id":1116,"article_id":389967,"class_id":7,"name":"2XL","on_standby":false,"stock_local":0,"stock_global":281,"multiple":1,"estimated_date_reassort":null,"is_destocking":false},{"id":1081,"article_id":389968,"class_id":8,"name":"3XL","on_standby":false,"stock_local":0,"stock_global":420,"multiple":1,"estimated_date_reassort":null,"is_destocking":false}],"page_links":{"fr":"\/fr\/p-an-am001-sweat-a-capuche-pour-homme-am001-15377\/purple-17248\/","en":"\/en\/p-an-am001-mens-hoodie-am001-15377\/purple-17248\/","de":"\/de\/p-an-am001-manner-sweatshirt-mit-kapuze-am001-15377\/purple-17248\/","nl":"\/nl\/p-an-am001-hoodie-voor-mannen-am001-15377\/purple-17248\/","es":"\/es\/p-an-am001-sudadera-con-capucha-para-hombre-am001-15377\/purple-17248\/","it":"\/it\/p-an-am001-felpa-con-cappuccio-per-uomo-am001-15377\/purple-17248\/","sv":"\/sv\/p-an-am001-sweatshirt-med-huva-for-man-am001-15377\/purple-17248\/","pt":"\/pt\/p-an-am001-moletom-com-capuz-para-homem-am001-15377\/purple-17248\/","da":"\/da\/p-an-am001-sweat-med-haette-til-maend-am001-15377\/purple-17248\/","pl":"\/pl\/p-an-am001-meski-sweter-z-kapturem-am001-15377\/purple-17248\/"},"page_links_customization":{"fr":"\/fr\/p-an-am001-sweat-a-capuche-pour-homme-personnalisation-am001-15377\/purple-17248\/custom\/","en":"\/en\/p-an-am001-personalization-hooded-sweatshirt-for-men-am001-15377\/purple-17248\/custom\/","de":"\/de\/p-an-am001-kapuzenpullover-fur-herren-anpassbar-am001-15377\/purple-17248\/custom\/","nl":"\/nl\/p-an-am001-sweatshirt-met-capuchon-voor-man-personalisatie-am001-15377\/purple-17248\/custom\/","es":"\/es\/p-an-am001-sudadera-con-capucha-para-hombre-personalizacion-am001-15377\/purple-17248\/custom\/","it":"\/it\/p-an-am001-felpa-con-cappuccio-personalizzazione-uomo-am001-15377\/purple-17248\/custom\/","sv":"\/sv\/p-an-am001-anpassning-av-kapuschongtroja-for-man-am001-15377\/purple-17248\/custom\/","pt":"\/pt\/p-an-am001-moqueca-com-capuz-para-homem-personalizacao-am001-15377\/purple-17248\/custom\/","da":"\/da\/p-an-am001-sweat-med-kappe-til-maend-personliggorelse-am001-15377\/purple-17248\/custom\/","pl":"\/pl\/p-an-am001-sweat-z-kapeluszem-dla-mezczyzn-personalizacja-am001-15377\/purple-17248\/custom\/"}},{"id":20697,"name":"khaki","class_ids":[11],"codes_hexa":["4e4934"],"delai_24":false,"has_3d":true,"seuil_global":0,"stock_local":0,"stock_global":4882,"on_standby":false,"in_catalog":true,"images":{"miniature":["https:\/\/media.th4.com\/7jJ8C6QrbL9t_NheVdJLmcXYfiQdo_C5zehgj1f06ns\/pr:80\/aHR0cDovL21lZGlhMi5kZXNpZ25wYXJ0bmVyLmZyL2MvcC8xNTM3Ny8xNTM3Ny0yMDY5Ny0xLmpwZw?v=1711532301"],"medium":["https:\/\/media.th4.com\/GIExLFgWgEKejC2z15gzQxURA4qcySr3P8hngeP4F58\/pr:550x550\/aHR0cDovL21lZGlhMi5kZXNpZ25wYXJ0bmVyLmZyL2MvcC8xNTM3Ny8xNTM3Ny0yMDY5Ny0xLmpwZw?v=1711532301"],"medium_large":["https:\/\/media.th4.com\/BuuWQDEz9F5fNtE5K26nByBdGkZ_R92xi6xNj_BLXxE\/pr:1000x1000\/aHR0cDovL21lZGlhMi5kZXNpZ25wYXJ0bmVyLmZyL2MvcC8xNTM3Ny8xNTM3Ny0yMDY5Ny0xLmpwZw?v=1711532301"],"large":["https:\/\/media.th4.com\/4LNtH6HNpy1a4qiUEYUf5x8_MCQB3Xwn186xJIm8kqE\/pr:1920\/aHR0cDovL21lZGlhMi5kZXNpZ25wYXJ0bmVyLmZyL2MvcC8xNTM3Ny8xNTM3Ny0yMDY5Ny0xLmpwZw?v=1711532301"],"opengraph":["https:\/\/media.th4.com\/kKlYfP2mL40U0U7_AvoP4v1FogN3gT1XC-wr23EWn2k\/pr:1200x630\/aHR0cDovL21lZGlhMi5kZXNpZ25wYXJ0bmVyLmZyL2MvcC8xNTM3Ny8xNTM3Ny0yMDY5Ny0xLmpwZw?v=1711532301"]},"images_customization":{"miniature":["https:\/\/media.th4.com\/MeC9aEA_GjsyRKzGFHxzHPQxH4uSBVBanmRhGsq7wKM\/pr:80\/aHR0cDovL21lZGlhMi5kZXNpZ25wYXJ0bmVyLmZyL2MvcC1zaG9wcGluZy1jdXN0b20tVEgvMTUzNzcvMTUzNzctMjA2OTctMS5qcGc?v=1737554674"],"medium":["https:\/\/media.th4.com\/CLn7s8ue42Ps0cHIiEmaANJExL4e5rVjGSIOZvMkfGM\/pr:550x550\/aHR0cDovL21lZGlhMi5kZXNpZ25wYXJ0bmVyLmZyL2MvcC1zaG9wcGluZy1jdXN0b20tVEgvMTUzNzcvMTUzNzctMjA2OTctMS5qcGc?v=1737554674"],"medium_large":["https:\/\/media.th4.com\/GOTvvlu_vY-Rr8LkDOS7MlbcEsso8D3cVL_Zvo5IXFY\/pr:1000x1000\/aHR0cDovL21lZGlhMi5kZXNpZ25wYXJ0bmVyLmZyL2MvcC1zaG9wcGluZy1jdXN0b20tVEgvMTUzNzcvMTUzNzctMjA2OTctMS5qcGc?v=1737554674"],"large":["https:\/\/media.th4.com\/qTLyrwxKQpc2dmnC6VsMpQkOhJhzRUiD2XQgFV0uI-Q\/pr:1920\/aHR0cDovL21lZGlhMi5kZXNpZ25wYXJ0bmVyLmZyL2MvcC1zaG9wcGluZy1jdXN0b20tVEgvMTUzNzcvMTUzNzctMjA2OTctMS5qcGc?v=1737554674"],"opengraph":["https:\/\/media.th4.com\/oAPuB465AZLmAICaKkLeBswgyfW2BLB0Eg9c5otGy7k\/pr:1200x630\/aHR0cDovL21lZGlhMi5kZXNpZ25wYXJ0bmVyLmZyL2MvcC1zaG9wcGluZy1jdXN0b20tVEgvMTUzNzcvMTUzNzctMjA2OTctMS5qcGc?v=1737554674"]},"country_origin":"BD","traceability":{"manufacturing_country_id":null,"weaving_country_id":null,"dyeing_country_id":null},"sizes":[{"id":3,"article_id":451768,"class_id":3,"name":"S","on_standby":false,"stock_local":0,"stock_global":643,"multiple":1,"estimated_date_reassort":null,"is_destocking":false},{"id":2,"article_id":451769,"class_id":4,"name":"M","on_standby":false,"stock_local":0,"stock_global":1481,"multiple":1,"estimated_date_reassort":null,"is_destocking":false},{"id":1,"article_id":451770,"class_id":5,"name":"L","on_standby":false,"stock_local":0,"stock_global":1313,"multiple":1,"estimated_date_reassort":null,"is_destocking":false},{"id":4,"article_id":451771,"class_id":6,"name":"XL","on_standby":false,"stock_local":0,"stock_global":721,"multiple":1,"estimated_date_reassort":null,"is_destocking":false},{"id":1116,"article_id":451772,"class_id":7,"name":"2XL","on_standby":false,"stock_local":0,"stock_global":495,"multiple":1,"estimated_date_reassort":null,"is_destocking":false},{"id":1081,"article_id":451773,"class_id":8,"name":"3XL","on_standby":false,"stock_local":0,"stock_global":229,"multiple":1,"estimated_date_reassort":null,"is_destocking":false}],"page_links":{"fr":"\/fr\/p-an-am001-sweat-a-capuche-pour-homme-am001-15377\/khaki-20697\/","en":"\/en\/p-an-am001-mens-hoodie-am001-15377\/khaki-20697\/","de":"\/de\/p-an-am001-manner-sweatshirt-mit-kapuze-am001-15377\/khaki-20697\/","nl":"\/nl\/p-an-am001-hoodie-voor-mannen-am001-15377\/khaki-20697\/","es":"\/es\/p-an-am001-sudadera-con-capucha-para-hombre-am001-15377\/khaki-20697\/","it":"\/it\/p-an-am001-felpa-con-cappuccio-per-uomo-am001-15377\/khaki-20697\/","sv":"\/sv\/p-an-am001-sweatshirt-med-huva-for-man-am001-15377\/khaki-20697\/","pt":"\/pt\/p-an-am001-moletom-com-capuz-para-homem-am001-15377\/khaki-20697\/","da":"\/da\/p-an-am001-sweat-med-haette-til-maend-am001-15377\/khaki-20697\/","pl":"\/pl\/p-an-am001-meski-sweter-z-kapturem-am001-15377\/khaki-20697\/"},"page_links_customization":{"fr":"\/fr\/p-an-am001-sweat-a-capuche-pour-homme-personnalisation-am001-15377\/khaki-20697\/custom\/","en":"\/en\/p-an-am001-personalization-hooded-sweatshirt-for-men-am001-15377\/khaki-20697\/custom\/","de":"\/de\/p-an-am001-kapuzenpullover-fur-herren-anpassbar-am001-15377\/khaki-20697\/custom\/","nl":"\/nl\/p-an-am001-sweatshirt-met-capuchon-voor-man-personalisatie-am001-15377\/khaki-20697\/custom\/","es":"\/es\/p-an-am001-sudadera-con-capucha-para-hombre-personalizacion-am001-15377\/khaki-20697\/custom\/","it":"\/it\/p-an-am001-felpa-con-cappuccio-personalizzazione-uomo-am001-15377\/khaki-20697\/custom\/","sv":"\/sv\/p-an-am001-anpassning-av-kapuschongtroja-for-man-am001-15377\/khaki-20697\/custom\/","pt":"\/pt\/p-an-am001-moqueca-com-capuz-para-homem-personalizacao-am001-15377\/khaki-20697\/custom\/","da":"\/da\/p-an-am001-sweat-med-kappe-til-maend-personliggorelse-am001-15377\/khaki-20697\/custom\/","pl":"\/pl\/p-an-am001-sweat-z-kapeluszem-dla-mezczyzn-personalizacja-am001-15377\/khaki-20697\/custom\/"}},{"id":17246,"name":"oxford_navy","class_ids":[2],"codes_hexa":["000033"],"delai_24":false,"has_3d":true,"seuil_global":0,"stock_local":0,"stock_global":4754,"on_standby":false,"in_catalog":true,"images":{"miniature":["https:\/\/media.th4.com\/alGr4Hs78OiK3ExoIT-rthecR-CfaKFWWLF7_YTDctw\/pr:80\/aHR0cDovL21lZGlhMi5kZXNpZ25wYXJ0bmVyLmZyL2MvcC8xNTM3Ny8xNTM3Ny0xNzI0Ni0xLmpwZw?v=1610019514"],"medium":["https:\/\/media.th4.com\/bwvMELa4bYxVr6FCLDxblqiIHjVp9f4I70cz9jRkGzU\/pr:550x550\/aHR0cDovL21lZGlhMi5kZXNpZ25wYXJ0bmVyLmZyL2MvcC8xNTM3Ny8xNTM3Ny0xNzI0Ni0xLmpwZw?v=1610019514"],"medium_large":["https:\/\/media.th4.com\/NaQVYc7jMQtD7uUIiNPRwYK9Y-pTVGZCVx_MEZe2su8\/pr:1000x1000\/aHR0cDovL21lZGlhMi5kZXNpZ25wYXJ0bmVyLmZyL2MvcC8xNTM3Ny8xNTM3Ny0xNzI0Ni0xLmpwZw?v=1610019514"],"large":["https:\/\/media.th4.com\/6gf3HCPZTKeTeTit2vvzbOictV8Mew9QF9qa6_QU-n0\/pr:1920\/aHR0cDovL21lZGlhMi5kZXNpZ25wYXJ0bmVyLmZyL2MvcC8xNTM3Ny8xNTM3Ny0xNzI0Ni0xLmpwZw?v=1610019514"],"opengraph":["https:\/\/media.th4.com\/mhJqWIqgnOZGELGJhxbN5E3N_hBkJjP1SZgKUCXtcO0\/pr:1200x630\/aHR0cDovL21lZGlhMi5kZXNpZ25wYXJ0bmVyLmZyL2MvcC8xNTM3Ny8xNTM3Ny0xNzI0Ni0xLmpwZw?v=1610019514"]},"images_customization":{"miniature":["https:\/\/media.th4.com\/ig_CjM9JFspK8SnnuAi0OOwMwArdKzKMVWjCZNWMzE4\/pr:80\/aHR0cDovL21lZGlhMi5kZXNpZ25wYXJ0bmVyLmZyL2MvcC1zaG9wcGluZy1jdXN0b20tVEgvMTUzNzcvMTUzNzctMTcyNDYtMS5qcGc?v=1737554674"],"medium":["https:\/\/media.th4.com\/Sb8z_5Vp7_RysrMDCBaUS0QCY6d4PuDhuueuXzNeMlo\/pr:550x550\/aHR0cDovL21lZGlhMi5kZXNpZ25wYXJ0bmVyLmZyL2MvcC1zaG9wcGluZy1jdXN0b20tVEgvMTUzNzcvMTUzNzctMTcyNDYtMS5qcGc?v=1737554674"],"medium_large":["https:\/\/media.th4.com\/6lxEtplEUAyoY1igGu8-FRD_ZlHwzk3ClOEr6aLLKbQ\/pr:1000x1000\/aHR0cDovL21lZGlhMi5kZXNpZ25wYXJ0bmVyLmZyL2MvcC1zaG9wcGluZy1jdXN0b20tVEgvMTUzNzcvMTUzNzctMTcyNDYtMS5qcGc?v=1737554674"],"large":["https:\/\/media.th4.com\/fqaEnd7cRWAgP3rMRzXlwTOJpTeEyDcowcCtxrgLUN0\/pr:1920\/aHR0cDovL21lZGlhMi5kZXNpZ25wYXJ0bmVyLmZyL2MvcC1zaG9wcGluZy1jdXN0b20tVEgvMTUzNzcvMTUzNzctMTcyNDYtMS5qcGc?v=1737554674"],"opengraph":["https:\/\/media.th4.com\/j02fjyYp7CUIinORELK7voJLo3fWFC_Z95ZAoXnuD_E\/pr:1200x630\/aHR0cDovL21lZGlhMi5kZXNpZ25wYXJ0bmVyLmZyL2MvcC1zaG9wcGluZy1jdXN0b20tVEgvMTUzNzcvMTUzNzctMTcyNDYtMS5qcGc?v=1737554674"]},"country_origin":"BD","traceability":{"manufacturing_country_id":null,"weaving_country_id":null,"dyeing_country_id":null},"sizes":[{"id":3,"article_id":389951,"class_id":3,"name":"S","on_standby":false,"stock_local":0,"stock_global":712,"multiple":1,"estimated_date_reassort":null,"is_destocking":false},{"id":2,"article_id":389952,"class_id":4,"name":"M","on_standby":false,"stock_local":0,"stock_global":1128,"multiple":1,"estimated_date_reassort":null,"is_destocking":false},{"id":1,"article_id":389953,"class_id":5,"name":"L","on_standby":false,"stock_local":0,"stock_global":1090,"multiple":1,"estimated_date_reassort":null,"is_destocking":false},{"id":4,"article_id":389954,"class_id":6,"name":"XL","on_standby":false,"stock_local":0,"stock_global":716,"multiple":1,"estimated_date_reassort":null,"is_destocking":false},{"id":1116,"article_id":389955,"class_id":7,"name":"2XL","on_standby":false,"stock_local":0,"stock_global":562,"multiple":1,"estimated_date_reassort":null,"is_destocking":false},{"id":1081,"article_id":389956,"class_id":8,"name":"3XL","on_standby":false,"stock_local":0,"stock_global":546,"multiple":1,"estimated_date_reassort":null,"is_destocking":false}],"page_links":{"fr":"\/fr\/p-an-am001-sweat-a-capuche-pour-homme-am001-15377\/oxford-navy-17246\/","en":"\/en\/p-an-am001-mens-hoodie-am001-15377\/oxford-navy-17246\/","de":"\/de\/p-an-am001-manner-sweatshirt-mit-kapuze-am001-15377\/oxford-navy-17246\/","nl":"\/nl\/p-an-am001-hoodie-voor-mannen-am001-15377\/oxford-navy-17246\/","es":"\/es\/p-an-am001-sudadera-con-capucha-para-hombre-am001-15377\/oxford-navy-17246\/","it":"\/it\/p-an-am001-felpa-con-cappuccio-per-uomo-am001-15377\/oxford-navy-17246\/","sv":"\/sv\/p-an-am001-sweatshirt-med-huva-for-man-am001-15377\/oxford-navy-17246\/","pt":"\/pt\/p-an-am001-moletom-com-capuz-para-homem-am001-15377\/oxford-navy-17246\/","da":"\/da\/p-an-am001-sweat-med-haette-til-maend-am001-15377\/oxford-navy-17246\/","pl":"\/pl\/p-an-am001-meski-sweter-z-kapturem-am001-15377\/oxford-navy-17246\/"},"page_links_customization":{"fr":"\/fr\/p-an-am001-sweat-a-capuche-pour-homme-personnalisation-am001-15377\/oxford-navy-17246\/custom\/","en":"\/en\/p-an-am001-personalization-hooded-sweatshirt-for-men-am001-15377\/oxford-navy-17246\/custom\/","de":"\/de\/p-an-am001-kapuzenpullover-fur-herren-anpassbar-am001-15377\/oxford-navy-17246\/custom\/","nl":"\/nl\/p-an-am001-sweatshirt-met-capuchon-voor-man-personalisatie-am001-15377\/oxford-navy-17246\/custom\/","es":"\/es\/p-an-am001-sudadera-con-capucha-para-hombre-personalizacion-am001-15377\/oxford-navy-17246\/custom\/","it":"\/it\/p-an-am001-felpa-con-cappuccio-personalizzazione-uomo-am001-15377\/oxford-navy-17246\/custom\/","sv":"\/sv\/p-an-am001-anpassning-av-kapuschongtroja-for-man-am001-15377\/oxford-navy-17246\/custom\/","pt":"\/pt\/p-an-am001-moqueca-com-capuz-para-homem-personalizacao-am001-15377\/oxford-navy-17246\/custom\/","da":"\/da\/p-an-am001-sweat-med-kappe-til-maend-personliggorelse-am001-15377\/oxford-navy-17246\/custom\/","pl":"\/pl\/p-an-am001-sweat-z-kapeluszem-dla-mezczyzn-personalizacja-am001-15377\/oxford-navy-17246\/custom\/"}},{"id":17241,"name":"forest_green","class_ids":[5],"codes_hexa":["22372b"],"delai_24":false,"has_3d":true,"seuil_global":0,"stock_local":0,"stock_global":4507,"on_standby":false,"in_catalog":true,"images":{"miniature":["https:\/\/media.th4.com\/JDoxob1dv0mjKi5A6BdYajhkEzRMVOHQWHCtdnSPwsc\/pr:80\/aHR0cDovL21lZGlhMi5kZXNpZ25wYXJ0bmVyLmZyL2MvcC8xNTM3Ny8xNTM3Ny0xNzI0MS0xLmpwZw?v=1610019517"],"medium":["https:\/\/media.th4.com\/Xto-pLR-kfj0HAnNB4zuaXbvlKWluO4fB759vRfEr_M\/pr:550x550\/aHR0cDovL21lZGlhMi5kZXNpZ25wYXJ0bmVyLmZyL2MvcC8xNTM3Ny8xNTM3Ny0xNzI0MS0xLmpwZw?v=1610019517"],"medium_large":["https:\/\/media.th4.com\/_K7BhiDnDSexwP9N59c1Y0wqzMh4jJpCIjw8hFQL_t4\/pr:1000x1000\/aHR0cDovL21lZGlhMi5kZXNpZ25wYXJ0bmVyLmZyL2MvcC8xNTM3Ny8xNTM3Ny0xNzI0MS0xLmpwZw?v=1610019517"],"large":["https:\/\/media.th4.com\/liB6msGeSwZhAnxvTAvmEp3jA8vYxkq_OFVxEcucTGw\/pr:1920\/aHR0cDovL21lZGlhMi5kZXNpZ25wYXJ0bmVyLmZyL2MvcC8xNTM3Ny8xNTM3Ny0xNzI0MS0xLmpwZw?v=1610019517"],"opengraph":["https:\/\/media.th4.com\/u7BXRXun-0m119MfB2fQKl3fhx0QTy_VtSjwlEgmkAM\/pr:1200x630\/aHR0cDovL21lZGlhMi5kZXNpZ25wYXJ0bmVyLmZyL2MvcC8xNTM3Ny8xNTM3Ny0xNzI0MS0xLmpwZw?v=1610019517"]},"images_customization":{"miniature":["https:\/\/media.th4.com\/I8A4gPPCxR-MhiSBSHeD4ufURAO4FfGu8Eij_FIke6g\/pr:80\/aHR0cDovL21lZGlhMi5kZXNpZ25wYXJ0bmVyLmZyL2MvcC1zaG9wcGluZy1jdXN0b20tVEgvMTUzNzcvMTUzNzctMTcyNDEtMS5qcGc?v=1737554674"],"medium":["https:\/\/media.th4.com\/87dmU4tWStZ5MM_3v_154DaWyg2lkiUD6TWuwVngfmM\/pr:550x550\/aHR0cDovL21lZGlhMi5kZXNpZ25wYXJ0bmVyLmZyL2MvcC1zaG9wcGluZy1jdXN0b20tVEgvMTUzNzcvMTUzNzctMTcyNDEtMS5qcGc?v=1737554674"],"medium_large":["https:\/\/media.th4.com\/Z1FHyX0TDCq-noq2AhwrHT8CH13yRqCcSonCXkCTdGY\/pr:1000x1000\/aHR0cDovL21lZGlhMi5kZXNpZ25wYXJ0bmVyLmZyL2MvcC1zaG9wcGluZy1jdXN0b20tVEgvMTUzNzcvMTUzNzctMTcyNDEtMS5qcGc?v=1737554674"],"large":["https:\/\/media.th4.com\/KIWu_JDxXS4gf0XRKfwsE5DO5CF-A1Q0fI2Y151-DSQ\/pr:1920\/aHR0cDovL21lZGlhMi5kZXNpZ25wYXJ0bmVyLmZyL2MvcC1zaG9wcGluZy1jdXN0b20tVEgvMTUzNzcvMTUzNzctMTcyNDEtMS5qcGc?v=1737554674"],"opengraph":["https:\/\/media.th4.com\/AapwaN_FKec9YOvhxZnPjMMQAVQMcKDldqKITIrIGeA\/pr:1200x630\/aHR0cDovL21lZGlhMi5kZXNpZ25wYXJ0bmVyLmZyL2MvcC1zaG9wcGluZy1jdXN0b20tVEgvMTUzNzcvMTUzNzctMTcyNDEtMS5qcGc?v=1737554674"]},"country_origin":"BD","traceability":{"manufacturing_country_id":null,"weaving_country_id":null,"dyeing_country_id":null},"sizes":[{"id":3,"article_id":389921,"class_id":3,"name":"S","on_standby":false,"stock_local":0,"stock_global":495,"multiple":1,"estimated_date_reassort":null,"is_destocking":false},{"id":2,"article_id":389922,"class_id":4,"name":"M","on_standby":false,"stock_local":0,"stock_global":1267,"multiple":1,"estimated_date_reassort":null,"is_destocking":false},{"id":1,"article_id":389923,"class_id":5,"name":"L","on_standby":false,"stock_local":0,"stock_global":1336,"multiple":1,"estimated_date_reassort":null,"is_destocking":false},{"id":4,"article_id":389924,"class_id":6,"name":"XL","on_standby":false,"stock_local":0,"stock_global":1038,"multiple":1,"estimated_date_reassort":null,"is_destocking":false},{"id":1116,"article_id":389925,"class_id":7,"name":"2XL","on_standby":false,"stock_local":0,"stock_global":304,"multiple":1,"estimated_date_reassort":null,"is_destocking":false},{"id":1081,"article_id":389926,"class_id":8,"name":"3XL","on_standby":false,"stock_local":0,"stock_global":67,"multiple":1,"estimated_date_reassort":null,"is_destocking":false}],"page_links":{"fr":"\/fr\/p-an-am001-sweat-a-capuche-pour-homme-am001-15377\/forest-green-17241\/","en":"\/en\/p-an-am001-mens-hoodie-am001-15377\/forest-green-17241\/","de":"\/de\/p-an-am001-manner-sweatshirt-mit-kapuze-am001-15377\/forest-green-17241\/","nl":"\/nl\/p-an-am001-hoodie-voor-mannen-am001-15377\/forest-green-17241\/","es":"\/es\/p-an-am001-sudadera-con-capucha-para-hombre-am001-15377\/forest-green-17241\/","it":"\/it\/p-an-am001-felpa-con-cappuccio-per-uomo-am001-15377\/forest-green-17241\/","sv":"\/sv\/p-an-am001-sweatshirt-med-huva-for-man-am001-15377\/forest-green-17241\/","pt":"\/pt\/p-an-am001-moletom-com-capuz-para-homem-am001-15377\/forest-green-17241\/","da":"\/da\/p-an-am001-sweat-med-haette-til-maend-am001-15377\/forest-green-17241\/","pl":"\/pl\/p-an-am001-meski-sweter-z-kapturem-am001-15377\/forest-green-17241\/"},"page_links_customization":{"fr":"\/fr\/p-an-am001-sweat-a-capuche-pour-homme-personnalisation-am001-15377\/forest-green-17241\/custom\/","en":"\/en\/p-an-am001-personalization-hooded-sweatshirt-for-men-am001-15377\/forest-green-17241\/custom\/","de":"\/de\/p-an-am001-kapuzenpullover-fur-herren-anpassbar-am001-15377\/forest-green-17241\/custom\/","nl":"\/nl\/p-an-am001-sweatshirt-met-capuchon-voor-man-personalisatie-am001-15377\/forest-green-17241\/custom\/","es":"\/es\/p-an-am001-sudadera-con-capucha-para-hombre-personalizacion-am001-15377\/forest-green-17241\/custom\/","it":"\/it\/p-an-am001-felpa-con-cappuccio-personalizzazione-uomo-am001-15377\/forest-green-17241\/custom\/","sv":"\/sv\/p-an-am001-anpassning-av-kapuschongtroja-for-man-am001-15377\/forest-green-17241\/custom\/","pt":"\/pt\/p-an-am001-moqueca-com-capuz-para-homem-personalizacao-am001-15377\/forest-green-17241\/custom\/","da":"\/da\/p-an-am001-sweat-med-kappe-til-maend-personliggorelse-am001-15377\/forest-green-17241\/custom\/","pl":"\/pl\/p-an-am001-sweat-z-kapeluszem-dla-mezczyzn-personalizacja-am001-15377\/forest-green-17241\/custom\/"}},{"id":17243,"name":"light_blue","class_ids":[2],"codes_hexa":["9bb8d3"],"delai_24":false,"has_3d":true,"seuil_global":0,"stock_local":0,"stock_global":4244,"on_standby":false,"in_catalog":true,"images":{"miniature":["https:\/\/media.th4.com\/qU4ScErGyj-_aPggWaBPMJnu3hNDXRDWTxmux04bpqM\/pr:80\/aHR0cDovL21lZGlhMi5kZXNpZ25wYXJ0bmVyLmZyL2MvcC8xNTM3Ny8xNTM3Ny0xNzI0My0xLmpwZw?v=1610019517"],"medium":["https:\/\/media.th4.com\/dVyZ-PEg_Y1NJskIZBVkfk6YczQG7dNmJ2SLYisaA0M\/pr:550x550\/aHR0cDovL21lZGlhMi5kZXNpZ25wYXJ0bmVyLmZyL2MvcC8xNTM3Ny8xNTM3Ny0xNzI0My0xLmpwZw?v=1610019517"],"medium_large":["https:\/\/media.th4.com\/IpwAok0PaXc8oETCqSu9vUHHNSWa4CxIVpddZlV3akE\/pr:1000x1000\/aHR0cDovL21lZGlhMi5kZXNpZ25wYXJ0bmVyLmZyL2MvcC8xNTM3Ny8xNTM3Ny0xNzI0My0xLmpwZw?v=1610019517"],"large":["https:\/\/media.th4.com\/j3AXIF-2Hk_YcyvN4IB3791ErpETWxi5lqlgiUStIHE\/pr:1920\/aHR0cDovL21lZGlhMi5kZXNpZ25wYXJ0bmVyLmZyL2MvcC8xNTM3Ny8xNTM3Ny0xNzI0My0xLmpwZw?v=1610019517"],"opengraph":["https:\/\/media.th4.com\/YT3dWcJzIm86RIblUYaET783FQ8Q0Ax0s0N1HQ_6S7c\/pr:1200x630\/aHR0cDovL21lZGlhMi5kZXNpZ25wYXJ0bmVyLmZyL2MvcC8xNTM3Ny8xNTM3Ny0xNzI0My0xLmpwZw?v=1610019517"]},"images_customization":{"miniature":["https:\/\/media.th4.com\/qU4ScErGyj-_aPggWaBPMJnu3hNDXRDWTxmux04bpqM\/pr:80\/aHR0cDovL21lZGlhMi5kZXNpZ25wYXJ0bmVyLmZyL2MvcC8xNTM3Ny8xNTM3Ny0xNzI0My0xLmpwZw?v=1610019517"],"medium":["https:\/\/media.th4.com\/dVyZ-PEg_Y1NJskIZBVkfk6YczQG7dNmJ2SLYisaA0M\/pr:550x550\/aHR0cDovL21lZGlhMi5kZXNpZ25wYXJ0bmVyLmZyL2MvcC8xNTM3Ny8xNTM3Ny0xNzI0My0xLmpwZw?v=1610019517"],"medium_large":["https:\/\/media.th4.com\/IpwAok0PaXc8oETCqSu9vUHHNSWa4CxIVpddZlV3akE\/pr:1000x1000\/aHR0cDovL21lZGlhMi5kZXNpZ25wYXJ0bmVyLmZyL2MvcC8xNTM3Ny8xNTM3Ny0xNzI0My0xLmpwZw?v=1610019517"],"large":["https:\/\/media.th4.com\/j3AXIF-2Hk_YcyvN4IB3791ErpETWxi5lqlgiUStIHE\/pr:1920\/aHR0cDovL21lZGlhMi5kZXNpZ25wYXJ0bmVyLmZyL2MvcC8xNTM3Ny8xNTM3Ny0xNzI0My0xLmpwZw?v=1610019517"],"opengraph":["https:\/\/media.th4.com\/YT3dWcJzIm86RIblUYaET783FQ8Q0Ax0s0N1HQ_6S7c\/pr:1200x630\/aHR0cDovL21lZGlhMi5kZXNpZ25wYXJ0bmVyLmZyL2MvcC8xNTM3Ny8xNTM3Ny0xNzI0My0xLmpwZw?v=1610019517"]},"country_origin":"BD","traceability":{"manufacturing_country_id":null,"weaving_country_id":null,"dyeing_country_id":null},"sizes":[{"id":3,"article_id":389933,"class_id":3,"name":"S","on_standby":false,"stock_local":0,"stock_global":871,"multiple":1,"estimated_date_reassort":null,"is_destocking":false},{"id":2,"article_id":389934,"class_id":4,"name":"M","on_standby":false,"stock_local":0,"stock_global":1584,"multiple":1,"estimated_date_reassort":null,"is_destocking":false},{"id":1,"article_id":389935,"class_id":5,"name":"L","on_standby":false,"stock_local":0,"stock_global":862,"multiple":1,"estimated_date_reassort":null,"is_destocking":false},{"id":4,"article_id":389936,"class_id":6,"name":"XL","on_standby":false,"stock_local":0,"stock_global":600,"multiple":1,"estimated_date_reassort":null,"is_destocking":false},{"id":1116,"article_id":389937,"class_id":7,"name":"2XL","on_standby":false,"stock_local":0,"stock_global":299,"multiple":1,"estimated_date_reassort":null,"is_destocking":false},{"id":1081,"article_id":389938,"class_id":8,"name":"3XL","on_standby":false,"stock_local":0,"stock_global":28,"multiple":1,"estimated_date_reassort":null,"is_destocking":false}],"page_links":{"fr":"\/fr\/p-an-am001-sweat-a-capuche-pour-homme-am001-15377\/light-blue-17243\/","en":"\/en\/p-an-am001-mens-hoodie-am001-15377\/light-blue-17243\/","de":"\/de\/p-an-am001-manner-sweatshirt-mit-kapuze-am001-15377\/light-blue-17243\/","nl":"\/nl\/p-an-am001-hoodie-voor-mannen-am001-15377\/light-blue-17243\/","es":"\/es\/p-an-am001-sudadera-con-capucha-para-hombre-am001-15377\/light-blue-17243\/","it":"\/it\/p-an-am001-felpa-con-cappuccio-per-uomo-am001-15377\/light-blue-17243\/","sv":"\/sv\/p-an-am001-sweatshirt-med-huva-for-man-am001-15377\/light-blue-17243\/","pt":"\/pt\/p-an-am001-moletom-com-capuz-para-homem-am001-15377\/light-blue-17243\/","da":"\/da\/p-an-am001-sweat-med-haette-til-maend-am001-15377\/light-blue-17243\/","pl":"\/pl\/p-an-am001-meski-sweter-z-kapturem-am001-15377\/light-blue-17243\/"},"page_links_customization":{"fr":"\/fr\/p-an-am001-sweat-a-capuche-pour-homme-personnalisation-am001-15377\/light-blue-17243\/custom\/","en":"\/en\/p-an-am001-personalization-hooded-sweatshirt-for-men-am001-15377\/light-blue-17243\/custom\/","de":"\/de\/p-an-am001-kapuzenpullover-fur-herren-anpassbar-am001-15377\/light-blue-17243\/custom\/","nl":"\/nl\/p-an-am001-sweatshirt-met-capuchon-voor-man-personalisatie-am001-15377\/light-blue-17243\/custom\/","es":"\/es\/p-an-am001-sudadera-con-capucha-para-hombre-personalizacion-am001-15377\/light-blue-17243\/custom\/","it":"\/it\/p-an-am001-felpa-con-cappuccio-personalizzazione-uomo-am001-15377\/light-blue-17243\/custom\/","sv":"\/sv\/p-an-am001-anpassning-av-kapuschongtroja-for-man-am001-15377\/light-blue-17243\/custom\/","pt":"\/pt\/p-an-am001-moqueca-com-capuz-para-homem-personalizacao-am001-15377\/light-blue-17243\/custom\/","da":"\/da\/p-an-am001-sweat-med-kappe-til-maend-personliggorelse-am001-15377\/light-blue-17243\/custom\/","pl":"\/pl\/p-an-am001-sweat-z-kapeluszem-dla-mezczyzn-personalizacja-am001-15377\/light-blue-17243\/custom\/"}},{"id":17250,"name":"royal","class_ids":[2],"codes_hexa":["1a4e8a"],"delai_24":false,"has_3d":true,"seuil_global":0,"stock_local":0,"stock_global":4154,"on_standby":false,"in_catalog":true,"images":{"miniature":["https:\/\/media.th4.com\/XDpG5i21239pKusXdDrE4sIwfz3sbu9yqQbIiBWRe8Y\/pr:80\/aHR0cDovL21lZGlhMi5kZXNpZ25wYXJ0bmVyLmZyL2MvcC8xNTM3Ny8xNTM3Ny0xNzI1MC0xLmpwZw?v=1610019521"],"medium":["https:\/\/media.th4.com\/ZpcxvFNrucbANvBxHbIPH61bSrG0L676Ntx6dAP6lE4\/pr:550x550\/aHR0cDovL21lZGlhMi5kZXNpZ25wYXJ0bmVyLmZyL2MvcC8xNTM3Ny8xNTM3Ny0xNzI1MC0xLmpwZw?v=1610019521"],"medium_large":["https:\/\/media.th4.com\/hsnBL2ENFVFoSjdsxmYqWQq94eV-yRXmwe9k_KjPSOw\/pr:1000x1000\/aHR0cDovL21lZGlhMi5kZXNpZ25wYXJ0bmVyLmZyL2MvcC8xNTM3Ny8xNTM3Ny0xNzI1MC0xLmpwZw?v=1610019521"],"large":["https:\/\/media.th4.com\/OrHZp1shU5gNCZKGDMhosB-KlNGVehCBsmVX6F4ocZ4\/pr:1920\/aHR0cDovL21lZGlhMi5kZXNpZ25wYXJ0bmVyLmZyL2MvcC8xNTM3Ny8xNTM3Ny0xNzI1MC0xLmpwZw?v=1610019521"],"opengraph":["https:\/\/media.th4.com\/r8xbcdTm87f1pBArSupH8usf4MqbatZ91q9UjvdtNkE\/pr:1200x630\/aHR0cDovL21lZGlhMi5kZXNpZ25wYXJ0bmVyLmZyL2MvcC8xNTM3Ny8xNTM3Ny0xNzI1MC0xLmpwZw?v=1610019521"]},"images_customization":{"miniature":["https:\/\/media.th4.com\/C3-MwjJixv5nBWprcAfdByOEn_Mt1Yhc-vegJ8mNy8U\/pr:80\/aHR0cDovL21lZGlhMi5kZXNpZ25wYXJ0bmVyLmZyL2MvcC1zaG9wcGluZy1jdXN0b20tVEgvMTUzNzcvMTUzNzctMTcyNTAtMS5qcGc?v=1737554675"],"medium":["https:\/\/media.th4.com\/863kzjvdrXQoco93WPssmhHXxCu82L5LS9oXxWQtM0U\/pr:550x550\/aHR0cDovL21lZGlhMi5kZXNpZ25wYXJ0bmVyLmZyL2MvcC1zaG9wcGluZy1jdXN0b20tVEgvMTUzNzcvMTUzNzctMTcyNTAtMS5qcGc?v=1737554675"],"medium_large":["https:\/\/media.th4.com\/RmvakovV4IrTvQXzkw7vS6abSbC6SkasGQ8i0_5twJ4\/pr:1000x1000\/aHR0cDovL21lZGlhMi5kZXNpZ25wYXJ0bmVyLmZyL2MvcC1zaG9wcGluZy1jdXN0b20tVEgvMTUzNzcvMTUzNzctMTcyNTAtMS5qcGc?v=1737554675"],"large":["https:\/\/media.th4.com\/FOYev0SgVL9YkZ-4AhjoiJqZq_b_gLCnzqW5dfwskrU\/pr:1920\/aHR0cDovL21lZGlhMi5kZXNpZ25wYXJ0bmVyLmZyL2MvcC1zaG9wcGluZy1jdXN0b20tVEgvMTUzNzcvMTUzNzctMTcyNTAtMS5qcGc?v=1737554675"],"opengraph":["https:\/\/media.th4.com\/uSTp6qtIi4c7txv9T2Nmt_l4pzmbyj0J8hIXFkAXL3A\/pr:1200x630\/aHR0cDovL21lZGlhMi5kZXNpZ25wYXJ0bmVyLmZyL2MvcC1zaG9wcGluZy1jdXN0b20tVEgvMTUzNzcvMTUzNzctMTcyNTAtMS5qcGc?v=1737554675"]},"country_origin":"BD","traceability":{"manufacturing_country_id":null,"weaving_country_id":null,"dyeing_country_id":null},"sizes":[{"id":3,"article_id":389975,"class_id":3,"name":"S","on_standby":false,"stock_local":0,"stock_global":828,"multiple":1,"estimated_date_reassort":null,"is_destocking":false},{"id":2,"article_id":389976,"class_id":4,"name":"M","on_standby":false,"stock_local":0,"stock_global":1070,"multiple":1,"estimated_date_reassort":null,"is_destocking":false},{"id":1,"article_id":389977,"class_id":5,"name":"L","on_standby":false,"stock_local":0,"stock_global":1031,"multiple":1,"estimated_date_reassort":null,"is_destocking":false},{"id":4,"article_id":389978,"class_id":6,"name":"XL","on_standby":false,"stock_local":0,"stock_global":675,"multiple":1,"estimated_date_reassort":null,"is_destocking":false},{"id":1116,"article_id":389979,"class_id":7,"name":"2XL","on_standby":false,"stock_local":0,"stock_global":386,"multiple":1,"estimated_date_reassort":null,"is_destocking":false},{"id":1081,"article_id":389980,"class_id":8,"name":"3XL","on_standby":false,"stock_local":0,"stock_global":164,"multiple":1,"estimated_date_reassort":null,"is_destocking":false}],"page_links":{"fr":"\/fr\/p-an-am001-sweat-a-capuche-pour-homme-am001-15377\/royal-17250\/","en":"\/en\/p-an-am001-mens-hoodie-am001-15377\/royal-17250\/","de":"\/de\/p-an-am001-manner-sweatshirt-mit-kapuze-am001-15377\/royal-17250\/","nl":"\/nl\/p-an-am001-hoodie-voor-mannen-am001-15377\/royal-17250\/","es":"\/es\/p-an-am001-sudadera-con-capucha-para-hombre-am001-15377\/royal-17250\/","it":"\/it\/p-an-am001-felpa-con-cappuccio-per-uomo-am001-15377\/royal-17250\/","sv":"\/sv\/p-an-am001-sweatshirt-med-huva-for-man-am001-15377\/royal-17250\/","pt":"\/pt\/p-an-am001-moletom-com-capuz-para-homem-am001-15377\/royal-17250\/","da":"\/da\/p-an-am001-sweat-med-haette-til-maend-am001-15377\/royal-17250\/","pl":"\/pl\/p-an-am001-meski-sweter-z-kapturem-am001-15377\/royal-17250\/"},"page_links_customization":{"fr":"\/fr\/p-an-am001-sweat-a-capuche-pour-homme-personnalisation-am001-15377\/royal-17250\/custom\/","en":"\/en\/p-an-am001-personalization-hooded-sweatshirt-for-men-am001-15377\/royal-17250\/custom\/","de":"\/de\/p-an-am001-kapuzenpullover-fur-herren-anpassbar-am001-15377\/royal-17250\/custom\/","nl":"\/nl\/p-an-am001-sweatshirt-met-capuchon-voor-man-personalisatie-am001-15377\/royal-17250\/custom\/","es":"\/es\/p-an-am001-sudadera-con-capucha-para-hombre-personalizacion-am001-15377\/royal-17250\/custom\/","it":"\/it\/p-an-am001-felpa-con-cappuccio-personalizzazione-uomo-am001-15377\/royal-17250\/custom\/","sv":"\/sv\/p-an-am001-anpassning-av-kapuschongtroja-for-man-am001-15377\/royal-17250\/custom\/","pt":"\/pt\/p-an-am001-moqueca-com-capuz-para-homem-personalizacao-am001-15377\/royal-17250\/custom\/","da":"\/da\/p-an-am001-sweat-med-kappe-til-maend-personliggorelse-am001-15377\/royal-17250\/custom\/","pl":"\/pl\/p-an-am001-sweat-z-kapeluszem-dla-mezczyzn-personalizacja-am001-15377\/royal-17250\/custom\/"}},{"id":17236,"name":"ash_grey","class_ids":[3],"codes_hexa":["d0d3d4"],"delai_24":false,"has_3d":true,"seuil_global":0,"stock_local":0,"stock_global":4018,"on_standby":false,"in_catalog":true,"images":{"miniature":["https:\/\/media.th4.com\/_FmQRsOS1zQfzbSKwCte19kYnglEJcDj9mqcH-RfwRg\/pr:80\/aHR0cDovL21lZGlhMi5kZXNpZ25wYXJ0bmVyLmZyL2MvcC8xNTM3Ny8xNTM3Ny0xNzIzNi0xLmpwZw?v=1610019517"],"medium":["https:\/\/media.th4.com\/d7WSUY3jge9BJUFdlsLqas3C9Nc5a0-jfXRMEm062PY\/pr:550x550\/aHR0cDovL21lZGlhMi5kZXNpZ25wYXJ0bmVyLmZyL2MvcC8xNTM3Ny8xNTM3Ny0xNzIzNi0xLmpwZw?v=1610019517"],"medium_large":["https:\/\/media.th4.com\/c-jfHM62ifIBiiD-MHddfvA2GozE8c4HDezc1MpPM7g\/pr:1000x1000\/aHR0cDovL21lZGlhMi5kZXNpZ25wYXJ0bmVyLmZyL2MvcC8xNTM3Ny8xNTM3Ny0xNzIzNi0xLmpwZw?v=1610019517"],"large":["https:\/\/media.th4.com\/7hHG8PmyiIp4pGH15XGUn4pnAiPNr8EuWfEWaAJiSZA\/pr:1920\/aHR0cDovL21lZGlhMi5kZXNpZ25wYXJ0bmVyLmZyL2MvcC8xNTM3Ny8xNTM3Ny0xNzIzNi0xLmpwZw?v=1610019517"],"opengraph":["https:\/\/media.th4.com\/kP8IAzc4L3VAw9H_xjmXvgZKqCrVxNQAa8CfVf-NT2w\/pr:1200x630\/aHR0cDovL21lZGlhMi5kZXNpZ25wYXJ0bmVyLmZyL2MvcC8xNTM3Ny8xNTM3Ny0xNzIzNi0xLmpwZw?v=1610019517"]},"images_customization":{"miniature":["https:\/\/media.th4.com\/_FmQRsOS1zQfzbSKwCte19kYnglEJcDj9mqcH-RfwRg\/pr:80\/aHR0cDovL21lZGlhMi5kZXNpZ25wYXJ0bmVyLmZyL2MvcC8xNTM3Ny8xNTM3Ny0xNzIzNi0xLmpwZw?v=1610019517"],"medium":["https:\/\/media.th4.com\/d7WSUY3jge9BJUFdlsLqas3C9Nc5a0-jfXRMEm062PY\/pr:550x550\/aHR0cDovL21lZGlhMi5kZXNpZ25wYXJ0bmVyLmZyL2MvcC8xNTM3Ny8xNTM3Ny0xNzIzNi0xLmpwZw?v=1610019517"],"medium_large":["https:\/\/media.th4.com\/c-jfHM62ifIBiiD-MHddfvA2GozE8c4HDezc1MpPM7g\/pr:1000x1000\/aHR0cDovL21lZGlhMi5kZXNpZ25wYXJ0bmVyLmZyL2MvcC8xNTM3Ny8xNTM3Ny0xNzIzNi0xLmpwZw?v=1610019517"],"large":["https:\/\/media.th4.com\/7hHG8PmyiIp4pGH15XGUn4pnAiPNr8EuWfEWaAJiSZA\/pr:1920\/aHR0cDovL21lZGlhMi5kZXNpZ25wYXJ0bmVyLmZyL2MvcC8xNTM3Ny8xNTM3Ny0xNzIzNi0xLmpwZw?v=1610019517"],"opengraph":["https:\/\/media.th4.com\/kP8IAzc4L3VAw9H_xjmXvgZKqCrVxNQAa8CfVf-NT2w\/pr:1200x630\/aHR0cDovL21lZGlhMi5kZXNpZ25wYXJ0bmVyLmZyL2MvcC8xNTM3Ny8xNTM3Ny0xNzIzNi0xLmpwZw?v=1610019517"]},"country_origin":"BD","traceability":{"manufacturing_country_id":null,"weaving_country_id":null,"dyeing_country_id":null},"sizes":[{"id":3,"article_id":389891,"class_id":3,"name":"S","on_standby":false,"stock_local":0,"stock_global":756,"multiple":1,"estimated_date_reassort":null,"is_destocking":false},{"id":2,"article_id":389892,"class_id":4,"name":"M","on_standby":false,"stock_local":0,"stock_global":1158,"multiple":1,"estimated_date_reassort":null,"is_destocking":false},{"id":1,"article_id":389893,"class_id":5,"name":"L","on_standby":false,"stock_local":0,"stock_global":640,"multiple":1,"estimated_date_reassort":null,"is_destocking":false},{"id":4,"article_id":389894,"class_id":6,"name":"XL","on_standby":false,"stock_local":0,"stock_global":704,"multiple":1,"estimated_date_reassort":null,"is_destocking":false},{"id":1116,"article_id":389895,"class_id":7,"name":"2XL","on_standby":false,"stock_local":0,"stock_global":503,"multiple":1,"estimated_date_reassort":null,"is_destocking":false},{"id":1081,"article_id":389896,"class_id":8,"name":"3XL","on_standby":false,"stock_local":0,"stock_global":257,"multiple":1,"estimated_date_reassort":null,"is_destocking":false}],"page_links":{"fr":"\/fr\/p-an-am001-sweat-a-capuche-pour-homme-am001-15377\/ash-grey-17236\/","en":"\/en\/p-an-am001-mens-hoodie-am001-15377\/ash-grey-17236\/","de":"\/de\/p-an-am001-manner-sweatshirt-mit-kapuze-am001-15377\/ash-grey-17236\/","nl":"\/nl\/p-an-am001-hoodie-voor-mannen-am001-15377\/ash-grey-17236\/","es":"\/es\/p-an-am001-sudadera-con-capucha-para-hombre-am001-15377\/ash-grey-17236\/","it":"\/it\/p-an-am001-felpa-con-cappuccio-per-uomo-am001-15377\/ash-grey-17236\/","sv":"\/sv\/p-an-am001-sweatshirt-med-huva-for-man-am001-15377\/ash-grey-17236\/","pt":"\/pt\/p-an-am001-moletom-com-capuz-para-homem-am001-15377\/ash-grey-17236\/","da":"\/da\/p-an-am001-sweat-med-haette-til-maend-am001-15377\/ash-grey-17236\/","pl":"\/pl\/p-an-am001-meski-sweter-z-kapturem-am001-15377\/ash-grey-17236\/"},"page_links_customization":{"fr":"\/fr\/p-an-am001-sweat-a-capuche-pour-homme-personnalisation-am001-15377\/ash-grey-17236\/custom\/","en":"\/en\/p-an-am001-personalization-hooded-sweatshirt-for-men-am001-15377\/ash-grey-17236\/custom\/","de":"\/de\/p-an-am001-kapuzenpullover-fur-herren-anpassbar-am001-15377\/ash-grey-17236\/custom\/","nl":"\/nl\/p-an-am001-sweatshirt-met-capuchon-voor-man-personalisatie-am001-15377\/ash-grey-17236\/custom\/","es":"\/es\/p-an-am001-sudadera-con-capucha-para-hombre-personalizacion-am001-15377\/ash-grey-17236\/custom\/","it":"\/it\/p-an-am001-felpa-con-cappuccio-personalizzazione-uomo-am001-15377\/ash-grey-17236\/custom\/","sv":"\/sv\/p-an-am001-anpassning-av-kapuschongtroja-for-man-am001-15377\/ash-grey-17236\/custom\/","pt":"\/pt\/p-an-am001-moqueca-com-capuz-para-homem-personalizacao-am001-15377\/ash-grey-17236\/custom\/","da":"\/da\/p-an-am001-sweat-med-kappe-til-maend-personliggorelse-am001-15377\/ash-grey-17236\/custom\/","pl":"\/pl\/p-an-am001-sweat-z-kapeluszem-dla-mezczyzn-personalizacja-am001-15377\/ash-grey-17236\/custom\/"}},{"id":17249,"name":"red","class_ids":[6],"codes_hexa":["c8102e"],"delai_24":false,"has_3d":true,"seuil_global":0,"stock_local":0,"stock_global":2714,"on_standby":false,"in_catalog":true,"images":{"miniature":["https:\/\/media.th4.com\/n04OxLHgyV3fMfIddF9QjvDAv4PQB-ouG-V8X3JknW0\/pr:80\/aHR0cDovL21lZGlhMi5kZXNpZ25wYXJ0bmVyLmZyL2MvcC8xNTM3Ny8xNTM3Ny0xNzI0OS0xLmpwZw?v=1610019517"],"medium":["https:\/\/media.th4.com\/Lp98Y2iwMz4NL8G9aedQTb5_natUI_PEC20YLFJ7SVA\/pr:550x550\/aHR0cDovL21lZGlhMi5kZXNpZ25wYXJ0bmVyLmZyL2MvcC8xNTM3Ny8xNTM3Ny0xNzI0OS0xLmpwZw?v=1610019517"],"medium_large":["https:\/\/media.th4.com\/fvxveafqxcvY_Nl3jMmQNRDUhQoSURGTulAQvAaSm1w\/pr:1000x1000\/aHR0cDovL21lZGlhMi5kZXNpZ25wYXJ0bmVyLmZyL2MvcC8xNTM3Ny8xNTM3Ny0xNzI0OS0xLmpwZw?v=1610019517"],"large":["https:\/\/media.th4.com\/Hsg73lvLWLIqP2YNy51DYkMb0JnPHg_Ooivvs3pkW-g\/pr:1920\/aHR0cDovL21lZGlhMi5kZXNpZ25wYXJ0bmVyLmZyL2MvcC8xNTM3Ny8xNTM3Ny0xNzI0OS0xLmpwZw?v=1610019517"],"opengraph":["https:\/\/media.th4.com\/B0caNORGNufbLvQVUDqdPP4lg5O022d1bCAJcRRwefY\/pr:1200x630\/aHR0cDovL21lZGlhMi5kZXNpZ25wYXJ0bmVyLmZyL2MvcC8xNTM3Ny8xNTM3Ny0xNzI0OS0xLmpwZw?v=1610019517"]},"images_customization":{"miniature":["https:\/\/media.th4.com\/n04OxLHgyV3fMfIddF9QjvDAv4PQB-ouG-V8X3JknW0\/pr:80\/aHR0cDovL21lZGlhMi5kZXNpZ25wYXJ0bmVyLmZyL2MvcC8xNTM3Ny8xNTM3Ny0xNzI0OS0xLmpwZw?v=1610019517"],"medium":["https:\/\/media.th4.com\/Lp98Y2iwMz4NL8G9aedQTb5_natUI_PEC20YLFJ7SVA\/pr:550x550\/aHR0cDovL21lZGlhMi5kZXNpZ25wYXJ0bmVyLmZyL2MvcC8xNTM3Ny8xNTM3Ny0xNzI0OS0xLmpwZw?v=1610019517"],"medium_large":["https:\/\/media.th4.com\/fvxveafqxcvY_Nl3jMmQNRDUhQoSURGTulAQvAaSm1w\/pr:1000x1000\/aHR0cDovL21lZGlhMi5kZXNpZ25wYXJ0bmVyLmZyL2MvcC8xNTM3Ny8xNTM3Ny0xNzI0OS0xLmpwZw?v=1610019517"],"large":["https:\/\/media.th4.com\/Hsg73lvLWLIqP2YNy51DYkMb0JnPHg_Ooivvs3pkW-g\/pr:1920\/aHR0cDovL21lZGlhMi5kZXNpZ25wYXJ0bmVyLmZyL2MvcC8xNTM3Ny8xNTM3Ny0xNzI0OS0xLmpwZw?v=1610019517"],"opengraph":["https:\/\/media.th4.com\/B0caNORGNufbLvQVUDqdPP4lg5O022d1bCAJcRRwefY\/pr:1200x630\/aHR0cDovL21lZGlhMi5kZXNpZ25wYXJ0bmVyLmZyL2MvcC8xNTM3Ny8xNTM3Ny0xNzI0OS0xLmpwZw?v=1610019517"]},"country_origin":"BD","traceability":{"manufacturing_country_id":null,"weaving_country_id":null,"dyeing_country_id":null},"sizes":[{"id":3,"article_id":389969,"class_id":3,"name":"S","on_standby":false,"stock_local":0,"stock_global":341,"multiple":1,"estimated_date_reassort":null,"is_destocking":false},{"id":2,"article_id":389970,"class_id":4,"name":"M","on_standby":false,"stock_local":0,"stock_global":784,"multiple":1,"estimated_date_reassort":null,"is_destocking":false},{"id":1,"article_id":389971,"class_id":5,"name":"L","on_standby":false,"stock_local":0,"stock_global":549,"multiple":1,"estimated_date_reassort":null,"is_destocking":false},{"id":4,"article_id":389972,"class_id":6,"name":"XL","on_standby":false,"stock_local":0,"stock_global":584,"multiple":1,"estimated_date_reassort":null,"is_destocking":false},{"id":1116,"article_id":389973,"class_id":7,"name":"2XL","on_standby":false,"stock_local":0,"stock_global":94,"multiple":1,"estimated_date_reassort":null,"is_destocking":false},{"id":1081,"article_id":389974,"class_id":8,"name":"3XL","on_standby":false,"stock_local":0,"stock_global":362,"multiple":1,"estimated_date_reassort":null,"is_destocking":false}],"page_links":{"fr":"\/fr\/p-an-am001-sweat-a-capuche-pour-homme-am001-15377\/red-17249\/","en":"\/en\/p-an-am001-mens-hoodie-am001-15377\/red-17249\/","de":"\/de\/p-an-am001-manner-sweatshirt-mit-kapuze-am001-15377\/red-17249\/","nl":"\/nl\/p-an-am001-hoodie-voor-mannen-am001-15377\/red-17249\/","es":"\/es\/p-an-am001-sudadera-con-capucha-para-hombre-am001-15377\/red-17249\/","it":"\/it\/p-an-am001-felpa-con-cappuccio-per-uomo-am001-15377\/red-17249\/","sv":"\/sv\/p-an-am001-sweatshirt-med-huva-for-man-am001-15377\/red-17249\/","pt":"\/pt\/p-an-am001-moletom-com-capuz-para-homem-am001-15377\/red-17249\/","da":"\/da\/p-an-am001-sweat-med-haette-til-maend-am001-15377\/red-17249\/","pl":"\/pl\/p-an-am001-meski-sweter-z-kapturem-am001-15377\/red-17249\/"},"page_links_customization":{"fr":"\/fr\/p-an-am001-sweat-a-capuche-pour-homme-personnalisation-am001-15377\/red-17249\/custom\/","en":"\/en\/p-an-am001-personalization-hooded-sweatshirt-for-men-am001-15377\/red-17249\/custom\/","de":"\/de\/p-an-am001-kapuzenpullover-fur-herren-anpassbar-am001-15377\/red-17249\/custom\/","nl":"\/nl\/p-an-am001-sweatshirt-met-capuchon-voor-man-personalisatie-am001-15377\/red-17249\/custom\/","es":"\/es\/p-an-am001-sudadera-con-capucha-para-hombre-personalizacion-am001-15377\/red-17249\/custom\/","it":"\/it\/p-an-am001-felpa-con-cappuccio-personalizzazione-uomo-am001-15377\/red-17249\/custom\/","sv":"\/sv\/p-an-am001-anpassning-av-kapuschongtroja-for-man-am001-15377\/red-17249\/custom\/","pt":"\/pt\/p-an-am001-moqueca-com-capuz-para-homem-personalizacao-am001-15377\/red-17249\/custom\/","da":"\/da\/p-an-am001-sweat-med-kappe-til-maend-personliggorelse-am001-15377\/red-17249\/custom\/","pl":"\/pl\/p-an-am001-sweat-z-kapeluszem-dla-mezczyzn-personalizacja-am001-15377\/red-17249\/custom\/"}},{"id":20699,"name":"teal","class_ids":[5],"codes_hexa":["86c3be"],"delai_24":false,"has_3d":true,"seuil_global":0,"stock_local":0,"stock_global":2483,"on_standby":false,"in_catalog":true,"images":{"miniature":["https:\/\/media.th4.com\/Wd0PyWg0cqTGgNpBztmUC_lnyDYBnEu07D7huUndmLA\/pr:80\/aHR0cDovL21lZGlhMi5kZXNpZ25wYXJ0bmVyLmZyL2MvcC8xNTM3Ny8xNTM3Ny0yMDY5OS0xLmpwZw?v=1711532304"],"medium":["https:\/\/media.th4.com\/mD53_aWTPfNPo_-7mlKWS13OAq_KyKjW3tArLKPYxCc\/pr:550x550\/aHR0cDovL21lZGlhMi5kZXNpZ25wYXJ0bmVyLmZyL2MvcC8xNTM3Ny8xNTM3Ny0yMDY5OS0xLmpwZw?v=1711532304"],"medium_large":["https:\/\/media.th4.com\/qXZWp1XauUfIBZ87BTBFrsSikdSaYaWJFC57n4qNxOc\/pr:1000x1000\/aHR0cDovL21lZGlhMi5kZXNpZ25wYXJ0bmVyLmZyL2MvcC8xNTM3Ny8xNTM3Ny0yMDY5OS0xLmpwZw?v=1711532304"],"large":["https:\/\/media.th4.com\/Nalwtr2tTGyFOsWU-UCjPIDCLx9LuJlG0CbCPxHEv8I\/pr:1920\/aHR0cDovL21lZGlhMi5kZXNpZ25wYXJ0bmVyLmZyL2MvcC8xNTM3Ny8xNTM3Ny0yMDY5OS0xLmpwZw?v=1711532304"],"opengraph":["https:\/\/media.th4.com\/_64ClLRqGkdcBGCOlfiTFrGyj8zytozie2uGh-Cb7qs\/pr:1200x630\/aHR0cDovL21lZGlhMi5kZXNpZ25wYXJ0bmVyLmZyL2MvcC8xNTM3Ny8xNTM3Ny0yMDY5OS0xLmpwZw?v=1711532304"]},"images_customization":{"miniature":["https:\/\/media.th4.com\/rvn2Cuq17DL_bLmxnFEuJktFxSHqlS-CAM3NiypVYKk\/pr:80\/aHR0cDovL21lZGlhMi5kZXNpZ25wYXJ0bmVyLmZyL2MvcC1zaG9wcGluZy1jdXN0b20tVEgvMTUzNzcvMTUzNzctMjA2OTktMS5qcGc?v=1737554674"],"medium":["https:\/\/media.th4.com\/YZriMvEpHbh1zdmoRGDrqhtV6YbJdC0iVqICW-HjcYE\/pr:550x550\/aHR0cDovL21lZGlhMi5kZXNpZ25wYXJ0bmVyLmZyL2MvcC1zaG9wcGluZy1jdXN0b20tVEgvMTUzNzcvMTUzNzctMjA2OTktMS5qcGc?v=1737554674"],"medium_large":["https:\/\/media.th4.com\/wi2wott8MZi8HFINHCp2TRu5GbJQN8crOLcafPLvXTY\/pr:1000x1000\/aHR0cDovL21lZGlhMi5kZXNpZ25wYXJ0bmVyLmZyL2MvcC1zaG9wcGluZy1jdXN0b20tVEgvMTUzNzcvMTUzNzctMjA2OTktMS5qcGc?v=1737554674"],"large":["https:\/\/media.th4.com\/9BEJSrKDgsW9aLFgAazvFbhznTn2nNk03Kkt3OW9B6M\/pr:1920\/aHR0cDovL21lZGlhMi5kZXNpZ25wYXJ0bmVyLmZyL2MvcC1zaG9wcGluZy1jdXN0b20tVEgvMTUzNzcvMTUzNzctMjA2OTktMS5qcGc?v=1737554674"],"opengraph":["https:\/\/media.th4.com\/S-PKbUvcXyGmcitcqffYzv4vJqW_mPOuHl2w2foq68Q\/pr:1200x630\/aHR0cDovL21lZGlhMi5kZXNpZ25wYXJ0bmVyLmZyL2MvcC1zaG9wcGluZy1jdXN0b20tVEgvMTUzNzcvMTUzNzctMjA2OTktMS5qcGc?v=1737554674"]},"country_origin":"BD","traceability":{"manufacturing_country_id":null,"weaving_country_id":null,"dyeing_country_id":null},"sizes":[{"id":3,"article_id":451780,"class_id":3,"name":"S","on_standby":false,"stock_local":0,"stock_global":253,"multiple":1,"estimated_date_reassort":null,"is_destocking":false},{"id":2,"article_id":451781,"class_id":4,"name":"M","on_standby":false,"stock_local":0,"stock_global":816,"multiple":1,"estimated_date_reassort":null,"is_destocking":false},{"id":1,"article_id":451782,"class_id":5,"name":"L","on_standby":false,"stock_local":0,"stock_global":838,"multiple":1,"estimated_date_reassort":null,"is_destocking":false},{"id":4,"article_id":451783,"class_id":6,"name":"XL","on_standby":false,"stock_local":0,"stock_global":493,"multiple":1,"estimated_date_reassort":null,"is_destocking":false},{"id":1081,"article_id":451784,"class_id":8,"name":"3XL","on_standby":false,"stock_local":0,"stock_global":83,"multiple":1,"estimated_date_reassort":null,"is_destocking":false}],"page_links":{"fr":"\/fr\/p-an-am001-sweat-a-capuche-pour-homme-am001-15377\/teal-20699\/","en":"\/en\/p-an-am001-mens-hoodie-am001-15377\/teal-20699\/","de":"\/de\/p-an-am001-manner-sweatshirt-mit-kapuze-am001-15377\/teal-20699\/","nl":"\/nl\/p-an-am001-hoodie-voor-mannen-am001-15377\/teal-20699\/","es":"\/es\/p-an-am001-sudadera-con-capucha-para-hombre-am001-15377\/teal-20699\/","it":"\/it\/p-an-am001-felpa-con-cappuccio-per-uomo-am001-15377\/teal-20699\/","sv":"\/sv\/p-an-am001-sweatshirt-med-huva-for-man-am001-15377\/teal-20699\/","pt":"\/pt\/p-an-am001-moletom-com-capuz-para-homem-am001-15377\/teal-20699\/","da":"\/da\/p-an-am001-sweat-med-haette-til-maend-am001-15377\/teal-20699\/","pl":"\/pl\/p-an-am001-meski-sweter-z-kapturem-am001-15377\/teal-20699\/"},"page_links_customization":{"fr":"\/fr\/p-an-am001-sweat-a-capuche-pour-homme-personnalisation-am001-15377\/teal-20699\/custom\/","en":"\/en\/p-an-am001-personalization-hooded-sweatshirt-for-men-am001-15377\/teal-20699\/custom\/","de":"\/de\/p-an-am001-kapuzenpullover-fur-herren-anpassbar-am001-15377\/teal-20699\/custom\/","nl":"\/nl\/p-an-am001-sweatshirt-met-capuchon-voor-man-personalisatie-am001-15377\/teal-20699\/custom\/","es":"\/es\/p-an-am001-sudadera-con-capucha-para-hombre-personalizacion-am001-15377\/teal-20699\/custom\/","it":"\/it\/p-an-am001-felpa-con-cappuccio-personalizzazione-uomo-am001-15377\/teal-20699\/custom\/","sv":"\/sv\/p-an-am001-anpassning-av-kapuschongtroja-for-man-am001-15377\/teal-20699\/custom\/","pt":"\/pt\/p-an-am001-moqueca-com-capuz-para-homem-personalizacao-am001-15377\/teal-20699\/custom\/","da":"\/da\/p-an-am001-sweat-med-kappe-til-maend-personliggorelse-am001-15377\/teal-20699\/custom\/","pl":"\/pl\/p-an-am001-sweat-z-kapeluszem-dla-mezczyzn-personalizacja-am001-15377\/teal-20699\/custom\/"}},{"id":20696,"name":"eco_raw","class_ids":[8],"codes_hexa":["d6d2c4"],"delai_24":false,"has_3d":true,"seuil_global":0,"stock_local":0,"stock_global":1967,"on_standby":false,"in_catalog":true,"images":{"miniature":["https:\/\/media.th4.com\/_kGzrFSAHuOt7paDy6MxluGqsbZsEMUI3_ZhVtIwEs4\/pr:80\/aHR0cDovL21lZGlhMi5kZXNpZ25wYXJ0bmVyLmZyL2MvcC8xNTM3Ny8xNTM3Ny0yMDY5Ni0xLmpwZw?v=1711532301"],"medium":["https:\/\/media.th4.com\/--Irt5afG6DaKwLQ6Oar4VL83lnybbN_xvjPmQjVI-4\/pr:550x550\/aHR0cDovL21lZGlhMi5kZXNpZ25wYXJ0bmVyLmZyL2MvcC8xNTM3Ny8xNTM3Ny0yMDY5Ni0xLmpwZw?v=1711532301"],"medium_large":["https:\/\/media.th4.com\/N8zCROLBJLb7XY-6AZfK9RdKwUd4ICf6Gp8Dr3RmtTY\/pr:1000x1000\/aHR0cDovL21lZGlhMi5kZXNpZ25wYXJ0bmVyLmZyL2MvcC8xNTM3Ny8xNTM3Ny0yMDY5Ni0xLmpwZw?v=1711532301"],"large":["https:\/\/media.th4.com\/9wtcc64A6lvs7GOzdDuvM8gV2uuo3HjwhzpNfrQ7G08\/pr:1920\/aHR0cDovL21lZGlhMi5kZXNpZ25wYXJ0bmVyLmZyL2MvcC8xNTM3Ny8xNTM3Ny0yMDY5Ni0xLmpwZw?v=1711532301"],"opengraph":["https:\/\/media.th4.com\/0ie9Zd9ANvAauxn99tCSNLM9xqifyx1iM8BunrBfqtU\/pr:1200x630\/aHR0cDovL21lZGlhMi5kZXNpZ25wYXJ0bmVyLmZyL2MvcC8xNTM3Ny8xNTM3Ny0yMDY5Ni0xLmpwZw?v=1711532301"]},"images_customization":{"miniature":["https:\/\/media.th4.com\/-8g3YSrl8oQjDFkuMfMlUfnzepi68Agded5YqL4CFPc\/pr:80\/aHR0cDovL21lZGlhMi5kZXNpZ25wYXJ0bmVyLmZyL2MvcC1zaG9wcGluZy1jdXN0b20tVEgvMTUzNzcvMTUzNzctMjA2OTYtMS5qcGc?v=1737554675"],"medium":["https:\/\/media.th4.com\/jge7YBgY93GCM63Pud0F9lBmwQ9IiqaUYFB1shQSLKQ\/pr:550x550\/aHR0cDovL21lZGlhMi5kZXNpZ25wYXJ0bmVyLmZyL2MvcC1zaG9wcGluZy1jdXN0b20tVEgvMTUzNzcvMTUzNzctMjA2OTYtMS5qcGc?v=1737554675"],"medium_large":["https:\/\/media.th4.com\/Qllj3IF60JVkmYCVslU38DqEfIKU6ZRBPdvt-dfqQAM\/pr:1000x1000\/aHR0cDovL21lZGlhMi5kZXNpZ25wYXJ0bmVyLmZyL2MvcC1zaG9wcGluZy1jdXN0b20tVEgvMTUzNzcvMTUzNzctMjA2OTYtMS5qcGc?v=1737554675"],"large":["https:\/\/media.th4.com\/gjukz434E0HSm-wVDefNzXUKKAq0nRsqmB8pm3gC8x8\/pr:1920\/aHR0cDovL21lZGlhMi5kZXNpZ25wYXJ0bmVyLmZyL2MvcC1zaG9wcGluZy1jdXN0b20tVEgvMTUzNzcvMTUzNzctMjA2OTYtMS5qcGc?v=1737554675"],"opengraph":["https:\/\/media.th4.com\/2jRRKicncIta32awT6hr0xz-609JCDQW4pZJd4co3Cw\/pr:1200x630\/aHR0cDovL21lZGlhMi5kZXNpZ25wYXJ0bmVyLmZyL2MvcC1zaG9wcGluZy1jdXN0b20tVEgvMTUzNzcvMTUzNzctMjA2OTYtMS5qcGc?v=1737554675"]},"country_origin":"BD","traceability":{"manufacturing_country_id":null,"weaving_country_id":null,"dyeing_country_id":null},"sizes":[{"id":3,"article_id":451762,"class_id":3,"name":"S","on_standby":false,"stock_local":0,"stock_global":209,"multiple":1,"estimated_date_reassort":null,"is_destocking":false},{"id":2,"article_id":451763,"class_id":4,"name":"M","on_standby":false,"stock_local":0,"stock_global":647,"multiple":1,"estimated_date_reassort":null,"is_destocking":false},{"id":1,"article_id":451764,"class_id":5,"name":"L","on_standby":false,"stock_local":0,"stock_global":574,"multiple":1,"estimated_date_reassort":null,"is_destocking":false},{"id":4,"article_id":451765,"class_id":6,"name":"XL","on_standby":false,"stock_local":0,"stock_global":281,"multiple":1,"estimated_date_reassort":null,"is_destocking":false},{"id":1116,"article_id":451766,"class_id":7,"name":"2XL","on_standby":false,"stock_local":0,"stock_global":165,"multiple":1,"estimated_date_reassort":null,"is_destocking":false},{"id":1081,"article_id":451767,"class_id":8,"name":"3XL","on_standby":false,"stock_local":0,"stock_global":91,"multiple":1,"estimated_date_reassort":null,"is_destocking":false}],"page_links":{"fr":"\/fr\/p-an-am001-sweat-a-capuche-pour-homme-am001-15377\/eco-raw-20696\/","en":"\/en\/p-an-am001-mens-hoodie-am001-15377\/eco-raw-20696\/","de":"\/de\/p-an-am001-manner-sweatshirt-mit-kapuze-am001-15377\/eco-raw-20696\/","nl":"\/nl\/p-an-am001-hoodie-voor-mannen-am001-15377\/eco-raw-20696\/","es":"\/es\/p-an-am001-sudadera-con-capucha-para-hombre-am001-15377\/eco-raw-20696\/","it":"\/it\/p-an-am001-felpa-con-cappuccio-per-uomo-am001-15377\/eco-raw-20696\/","sv":"\/sv\/p-an-am001-sweatshirt-med-huva-for-man-am001-15377\/eco-raw-20696\/","pt":"\/pt\/p-an-am001-moletom-com-capuz-para-homem-am001-15377\/eco-raw-20696\/","da":"\/da\/p-an-am001-sweat-med-haette-til-maend-am001-15377\/eco-raw-20696\/","pl":"\/pl\/p-an-am001-meski-sweter-z-kapturem-am001-15377\/eco-raw-20696\/"},"page_links_customization":{"fr":"\/fr\/p-an-am001-sweat-a-capuche-pour-homme-personnalisation-am001-15377\/eco-raw-20696\/custom\/","en":"\/en\/p-an-am001-personalization-hooded-sweatshirt-for-men-am001-15377\/eco-raw-20696\/custom\/","de":"\/de\/p-an-am001-kapuzenpullover-fur-herren-anpassbar-am001-15377\/eco-raw-20696\/custom\/","nl":"\/nl\/p-an-am001-sweatshirt-met-capuchon-voor-man-personalisatie-am001-15377\/eco-raw-20696\/custom\/","es":"\/es\/p-an-am001-sudadera-con-capucha-para-hombre-personalizacion-am001-15377\/eco-raw-20696\/custom\/","it":"\/it\/p-an-am001-felpa-con-cappuccio-personalizzazione-uomo-am001-15377\/eco-raw-20696\/custom\/","sv":"\/sv\/p-an-am001-anpassning-av-kapuschongtroja-for-man-am001-15377\/eco-raw-20696\/custom\/","pt":"\/pt\/p-an-am001-moqueca-com-capuz-para-homem-personalizacao-am001-15377\/eco-raw-20696\/custom\/","da":"\/da\/p-an-am001-sweat-med-kappe-til-maend-personliggorelse-am001-15377\/eco-raw-20696\/custom\/","pl":"\/pl\/p-an-am001-sweat-z-kapeluszem-dla-mezczyzn-personalizacja-am001-15377\/eco-raw-20696\/custom\/"}},{"id":20698,"name":"lavender","class_ids":[10],"codes_hexa":["ba9cc5"],"delai_24":false,"has_3d":true,"seuil_global":0,"stock_local":0,"stock_global":1413,"on_standby":false,"in_catalog":true,"images":{"miniature":["https:\/\/media.th4.com\/oFBeh8hnFhlEPnVObtsQLOm4AxF9QkfW7zVDCRGDD0Q\/pr:80\/aHR0cDovL21lZGlhMi5kZXNpZ25wYXJ0bmVyLmZyL2MvcC8xNTM3Ny8xNTM3Ny0yMDY5OC0xLmpwZw?v=1711532303"],"medium":["https:\/\/media.th4.com\/lY78sZjx_Xi-vSDPWEM7a_p6hWjNC5yukS63InndhqU\/pr:550x550\/aHR0cDovL21lZGlhMi5kZXNpZ25wYXJ0bmVyLmZyL2MvcC8xNTM3Ny8xNTM3Ny0yMDY5OC0xLmpwZw?v=1711532303"],"medium_large":["https:\/\/media.th4.com\/OYvvYRfNfFdrpyBbJWpxnDrLt6FFn5MQ-d5djqieLVc\/pr:1000x1000\/aHR0cDovL21lZGlhMi5kZXNpZ25wYXJ0bmVyLmZyL2MvcC8xNTM3Ny8xNTM3Ny0yMDY5OC0xLmpwZw?v=1711532303"],"large":["https:\/\/media.th4.com\/LsWFlO29fYwGSn3X7gipgiPR_CGsRSV3JahmKjTff80\/pr:1920\/aHR0cDovL21lZGlhMi5kZXNpZ25wYXJ0bmVyLmZyL2MvcC8xNTM3Ny8xNTM3Ny0yMDY5OC0xLmpwZw?v=1711532303"],"opengraph":["https:\/\/media.th4.com\/okwN2zr1ZGovY9jr0xTuH5sVpi8YJhjCcE0XfrucfnA\/pr:1200x630\/aHR0cDovL21lZGlhMi5kZXNpZ25wYXJ0bmVyLmZyL2MvcC8xNTM3Ny8xNTM3Ny0yMDY5OC0xLmpwZw?v=1711532303"]},"images_customization":{"miniature":["https:\/\/media.th4.com\/oFBeh8hnFhlEPnVObtsQLOm4AxF9QkfW7zVDCRGDD0Q\/pr:80\/aHR0cDovL21lZGlhMi5kZXNpZ25wYXJ0bmVyLmZyL2MvcC8xNTM3Ny8xNTM3Ny0yMDY5OC0xLmpwZw?v=1711532303"],"medium":["https:\/\/media.th4.com\/lY78sZjx_Xi-vSDPWEM7a_p6hWjNC5yukS63InndhqU\/pr:550x550\/aHR0cDovL21lZGlhMi5kZXNpZ25wYXJ0bmVyLmZyL2MvcC8xNTM3Ny8xNTM3Ny0yMDY5OC0xLmpwZw?v=1711532303"],"medium_large":["https:\/\/media.th4.com\/OYvvYRfNfFdrpyBbJWpxnDrLt6FFn5MQ-d5djqieLVc\/pr:1000x1000\/aHR0cDovL21lZGlhMi5kZXNpZ25wYXJ0bmVyLmZyL2MvcC8xNTM3Ny8xNTM3Ny0yMDY5OC0xLmpwZw?v=1711532303"],"large":["https:\/\/media.th4.com\/LsWFlO29fYwGSn3X7gipgiPR_CGsRSV3JahmKjTff80\/pr:1920\/aHR0cDovL21lZGlhMi5kZXNpZ25wYXJ0bmVyLmZyL2MvcC8xNTM3Ny8xNTM3Ny0yMDY5OC0xLmpwZw?v=1711532303"],"opengraph":["https:\/\/media.th4.com\/okwN2zr1ZGovY9jr0xTuH5sVpi8YJhjCcE0XfrucfnA\/pr:1200x630\/aHR0cDovL21lZGlhMi5kZXNpZ25wYXJ0bmVyLmZyL2MvcC8xNTM3Ny8xNTM3Ny0yMDY5OC0xLmpwZw?v=1711532303"]},"country_origin":"BD","traceability":{"manufacturing_country_id":null,"weaving_country_id":null,"dyeing_country_id":null},"sizes":[{"id":3,"article_id":451774,"class_id":3,"name":"S","on_standby":false,"stock_local":0,"stock_global":211,"multiple":1,"estimated_date_reassort":null,"is_destocking":false},{"id":2,"article_id":451775,"class_id":4,"name":"M","on_standby":false,"stock_local":0,"stock_global":439,"multiple":1,"estimated_date_reassort":null,"is_destocking":false},{"id":1,"article_id":451776,"class_id":5,"name":"L","on_standby":false,"stock_local":0,"stock_global":427,"multiple":1,"estimated_date_reassort":null,"is_destocking":false},{"id":4,"article_id":451777,"class_id":6,"name":"XL","on_standby":false,"stock_local":0,"stock_global":198,"multiple":1,"estimated_date_reassort":null,"is_destocking":false},{"id":1116,"article_id":451778,"class_id":7,"name":"2XL","on_standby":false,"stock_local":0,"stock_global":101,"multiple":1,"estimated_date_reassort":null,"is_destocking":false},{"id":1081,"article_id":451779,"class_id":8,"name":"3XL","on_standby":false,"stock_local":0,"stock_global":37,"multiple":1,"estimated_date_reassort":null,"is_destocking":false}],"page_links":{"fr":"\/fr\/p-an-am001-sweat-a-capuche-pour-homme-am001-15377\/lavender-20698\/","en":"\/en\/p-an-am001-mens-hoodie-am001-15377\/lavender-20698\/","de":"\/de\/p-an-am001-manner-sweatshirt-mit-kapuze-am001-15377\/lavender-20698\/","nl":"\/nl\/p-an-am001-hoodie-voor-mannen-am001-15377\/lavender-20698\/","es":"\/es\/p-an-am001-sudadera-con-capucha-para-hombre-am001-15377\/lavender-20698\/","it":"\/it\/p-an-am001-felpa-con-cappuccio-per-uomo-am001-15377\/lavender-20698\/","sv":"\/sv\/p-an-am001-sweatshirt-med-huva-for-man-am001-15377\/lavender-20698\/","pt":"\/pt\/p-an-am001-moletom-com-capuz-para-homem-am001-15377\/lavender-20698\/","da":"\/da\/p-an-am001-sweat-med-haette-til-maend-am001-15377\/lavender-20698\/","pl":"\/pl\/p-an-am001-meski-sweter-z-kapturem-am001-15377\/lavender-20698\/"},"page_links_customization":{"fr":"\/fr\/p-an-am001-sweat-a-capuche-pour-homme-personnalisation-am001-15377\/lavender-20698\/custom\/","en":"\/en\/p-an-am001-personalization-hooded-sweatshirt-for-men-am001-15377\/lavender-20698\/custom\/","de":"\/de\/p-an-am001-kapuzenpullover-fur-herren-anpassbar-am001-15377\/lavender-20698\/custom\/","nl":"\/nl\/p-an-am001-sweatshirt-met-capuchon-voor-man-personalisatie-am001-15377\/lavender-20698\/custom\/","es":"\/es\/p-an-am001-sudadera-con-capucha-para-hombre-personalizacion-am001-15377\/lavender-20698\/custom\/","it":"\/it\/p-an-am001-felpa-con-cappuccio-personalizzazione-uomo-am001-15377\/lavender-20698\/custom\/","sv":"\/sv\/p-an-am001-anpassning-av-kapuschongtroja-for-man-am001-15377\/lavender-20698\/custom\/","pt":"\/pt\/p-an-am001-moqueca-com-capuz-para-homem-personalizacao-am001-15377\/lavender-20698\/custom\/","da":"\/da\/p-an-am001-sweat-med-kappe-til-maend-personliggorelse-am001-15377\/lavender-20698\/custom\/","pl":"\/pl\/p-an-am001-sweat-z-kapeluszem-dla-mezczyzn-personalizacja-am001-15377\/lavender-20698\/custom\/"}}],"documentation_link":"\/pdf\/15377.pdf","countries_availables":["AD","AE","AL","AT","BA","BD","BE","BG","BL","CA","CH","CN","CO","CY","CZ","DE","DK","DO","EE","EG","ES","ET","FI","FR","GB","GE","GF","GP","GR","GT","HK","HN","HR","HT","HU","ID","IE","IN","IS","IT","JO","JP","KE","KH","KP","KR","LA","LK","LS","LT","LU","LV","MA","MF","MG","MK","MM","MN","MQ","MT","MX","MY","NC","NI","NL","PF","PH","PK","PL","PM","PT","RE","RO","SE","SG","SI","SK","SV","SY","TH","TN","TR","TW","TZ","US","VN","WF","YT"]},"infos_customization":[],"features":{"authorize_multi_surfaces":true,"display_order_delay_type":true,"promote_surface_display":true,"tarification_franco_offert":true,"enabled_3d_editor":false},"markings":[{"id":0,"nom":"vierge","finition":null,"libelle":null,"code":null,"dpi":null,"finesse_forme_isolee":null,"finesse_forme_non_isolee":null,"hauteur_minimale_texte":null,"inactif":0,"marquage_interne":1,"quantite_min":null,"parent_id":null,"print_on_support":0,"content":"vierge","description":null},{"id":2,"nom":"fonce","finition":"optimale","libelle":"TopQuadri","code":null,"dpi":400,"finesse_forme_isolee":"0.040","finesse_forme_non_isolee":"0.700","hauteur_minimale_texte":2,"inactif":0,"marquage_interne":1,"quantite_min":null,"parent_id":18,"print_on_support":0,"content":"TopQuadri","description":"pour petites et moyennes s\u00e9ries"},{"id":3,"nom":"serigraphie","finition":"serigraphie","libelle":"SeriCoat","code":null,"dpi":400,"finesse_forme_isolee":"0.040","finesse_forme_non_isolee":"0.700","hauteur_minimale_texte":2,"inactif":0,"marquage_interne":1,"quantite_min":15,"parent_id":18,"print_on_support":0,"content":"SeriCoat","description":"pour moyennes et grandes s\u00e9ries"},{"id":4,"nom":"broderie","finition":"broderie","libelle":"Broderie","code":null,"dpi":400,"finesse_forme_isolee":"0.040","finesse_forme_non_isolee":"0.700","hauteur_minimale_texte":3,"inactif":0,"marquage_interne":1,"quantite_min":null,"parent_id":null,"print_on_support":0,"content":"Broderie","description":null},{"id":8,"nom":"theme","finition":null,"libelle":"Th\u00e8me","code":null,"dpi":null,"finesse_forme_isolee":null,"finesse_forme_non_isolee":null,"hauteur_minimale_texte":null,"inactif":0,"marquage_interne":1,"quantite_min":null,"parent_id":null,"print_on_support":0,"content":"Th\u00e8me","description":null},{"id":9,"nom":"sans","finition":null,"libelle":null,"code":null,"dpi":null,"finesse_forme_isolee":null,"finesse_forme_non_isolee":null,"hauteur_minimale_texte":null,"inactif":0,"marquage_interne":1,"quantite_min":null,"parent_id":null,"print_on_support":0,"content":"sans","description":null},{"id":10,"nom":"photo","finition":null,"libelle":"Photo","code":null,"dpi":null,"finesse_forme_isolee":null,"finesse_forme_non_isolee":null,"hauteur_minimale_texte":null,"inactif":0,"marquage_interne":1,"quantite_min":null,"parent_id":null,"print_on_support":0,"content":"Photo","description":null},{"id":14,"nom":"couleur","finition":null,"libelle":"Couleur","code":null,"dpi":null,"finesse_forme_isolee":null,"finesse_forme_non_isolee":null,"hauteur_minimale_texte":null,"inactif":0,"marquage_interne":1,"quantite_min":null,"parent_id":null,"print_on_support":0,"content":"Couleur","description":null},{"id":15,"nom":"sublimation","finition":"sublimation","libelle":"Sublimation","code":null,"dpi":null,"finesse_forme_isolee":"0.000","finesse_forme_non_isolee":"0.000","hauteur_minimale_texte":2,"inactif":0,"marquage_interne":1,"quantite_min":null,"parent_id":null,"print_on_support":0,"content":"Sublimation","description":null},{"id":16,"nom":"topquadri_uv","finition":null,"libelle":"TopQuadri UV","code":null,"dpi":null,"finesse_forme_isolee":"0.020","finesse_forme_non_isolee":"0.700","hauteur_minimale_texte":2,"inactif":0,"marquage_interne":1,"quantite_min":null,"parent_id":null,"print_on_support":1,"content":null,"description":null},{"id":17,"nom":"topquadri_uvp","finition":null,"libelle":"TopQuadri UVP","code":null,"dpi":null,"finesse_forme_isolee":"0.020","finesse_forme_non_isolee":"0.700","hauteur_minimale_texte":2,"inactif":0,"marquage_interne":1,"quantite_min":null,"parent_id":null,"print_on_support":1,"content":null,"description":null},{"id":18,"nom":"quadri","finition":null,"libelle":"Impression","code":null,"dpi":null,"finesse_forme_isolee":null,"finesse_forme_non_isolee":null,"hauteur_minimale_texte":null,"inactif":0,"marquage_interne":1,"quantite_min":null,"parent_id":null,"print_on_support":0,"content":null,"description":null}]}}