{"data":{"product":{"id":15279,"titre":"Blouson coton","description":"Blouson mixte. Fermeture zipp\u00e9e avec rabat et bande auto-agrippante. Taille \u00e9lastiqu\u00e9e r\u00e9glable sur les c\u00f4t\u00e9s. Poignets en bords c\u00f4te. Empi\u00e8cement avant et dos. 2 poches poitrine avec rabat et bande auto-agrippante. 100% coton serg\u00e9","genre":"mixte","grammage":0,"conditionnement":25,"composition":"coton,coton_uniquement","reference":"ve-106003","reference_visible":"ve-106003","reference_fabricant":"106003","ref_xor":"749034","in_catalog":true,"is_transfer":false,"is_service":false,"on_standby":false,"has_3d":false,"has_size_guide":true,"has_marking":true,"has_vierge":true,"is_cross_sellable":false,"id_picto":133,"filename_3d":null,"brand":{"id":335,"name":"Velilla","logo":"logo-velilla.png","image":"https:\/\/media.th4.com\/p5h1A4daS0TotQbWfkCKHxaezRGiQF6H5FF-UdPMZtY\/pr:brand70x70\/aHR0cDovL21lZGlhMi5kZXNpZ25wYXJ0bmVyLmZyL2MvbS9sb2dvLXZlbGlsbGEucG5n"},"price_infos":{"price_from":22.89,"quantity":5,"color":{"id":17168,"name":"navy"},"size":{"id":246,"name":"54"}},"price_infos_marking":{"price_from":21.75,"quantity":20,"color":{"id":17168,"name":"navy"},"size":{"id":246,"name":"54"},"marking":{"id":2,"name":""},"emplacement":"dos","surface_emplacement_id":6437,"surface":"Nuque"},"i18n":{"blank":{"title":{"fr":"Blouson coton VELILLA 106003","en":"Cotton Blouson VELILLA 106003","de":"Cotton Blouson VELILLA 106003","nl":"Coton jasje VELILLA 106003","es":"Chaqueta de algod\u00f3n VELILLA 106003","it":"Giubbotto di cotone VELILLA 106003","sv":"Blouson bomull VELILLA 106003","pt":"Jaqueta de algod\u00e3o VELILLA 106003","da":"Blouson bomuld VELILLA 106003","pl":"Bluzka bawe\u0142niana VELILLA 106003"},"description":{"fr":"Blouson de coupe mixte con\u00e7u en coton serg\u00e9. Il est dot\u00e9 d'une fermeture zipp\u00e9e s\u00e9curis\u00e9e par un rabat et une bande auto-agrippante. La taille est \u00e9lastiqu\u00e9e et r\u00e9glable sur les c\u00f4t\u00e9s pour un ajustement optimal. Les poignets en bord c\u00f4te assurent une bonne tenue. Il pr\u00e9sente un empi\u00e8cement \u00e0 l'avant et dans le dos pour une meilleure structure. Il dispose de deux poches poitrine pratiques, ferm\u00e9es par un rabat et une bande auto-agrippante.\n\n- Mati\u00e8re : 100% coton serg\u00e9\n- Coupe : Mixte\n- Taille : \u00c9lastiqu\u00e9e r\u00e9glable","en":"Unisex cut blouson made of cotton serge. It features a zip fastening secured by a flap and a hook-and-loop band. The size is elasticated and adjustable at the sides for optimal fit. Ribbed cuffs ensure good hold. It has a front and back panel for better structure. It has two practical chest pockets, closed by a flap and a hook-and-loop band. \n\n- Material: 100% cotton serge\n- Cut: Unisex\n- Size: Elasticated adjustable","de":"Baumwollblouson in gemischter Schnitt. Es verf\u00fcgt \u00fcber einen Rei\u00dfverschluss, der durch eine Klappe und einen Klettverschluss gesichert ist. Die Gr\u00f6\u00dfe ist an den Seiten elastisch und verstellbar f\u00fcr eine optimale Passform. Die Rippborte an den \u00c4rmeln gew\u00e4hrleisten eine gute Passform. Es hat ein Vorderteil und ein R\u00fcckteil f\u00fcr eine bessere Struktur. Es verf\u00fcgt \u00fcber zwei praktische Brusttaschen, die mit einer Klappe und einem Klettverschluss verschlossen werden k\u00f6nnen.\n\n- Material: 100% Baumwollserge\n- Schnitt: Gemischt\n- Gr\u00f6\u00dfe: Elastisch verstellbar","nl":"Jasje van gemengde pasvorm gemaakt van katoenen serge. Het heeft een ritssluiting beveiligd door een flap en een zelfklevende band. De maat is elastisch en aanpasbaar aan de zijden voor een optimale pasvorm. De bordkanten aan de polsen zorgen voor een goede houding. Het heeft een voering aan de voorkant en aan de achterkant voor een betere structuur. Het heeft twee praktische borstzakken, gesloten door een flap en een zelfklevende band.\n\n- Materiaal : 100% katoenen serge\n- Pasvorm : Gemengde pasvorm\n- Maat : Elastisch aanpasbaar","es":"Chaqueta de corte mixto dise\u00f1ada en algod\u00f3n serge. Cuenta con un cierre de cremallera asegurado por un solap\u00edn y una banda auto-adhesiva. La talla es el\u00e1stica y ajustable en los lados para un ajuste \u00f3ptimo. Los pu\u00f1os de pico aseguran una buena sujeci\u00f3n. Presenta una pieza frontal y posterior para una mejor estructura. Dispone de dos bolsillos pr\u00e1cticos en el pecho, cerrados por un solap\u00edn y una banda auto-adhesiva.\n\n- Material: 100% algod\u00f3n serge\n- Corte: Mixto\n- Talla: El\u00e1stica ajustable","it":"Giubbotto a taglia mista realizzato in cotone denim. \u00c8 dotato di una chiusura a zip sicura con un lembo e una striscia autoadesiva. La vita \u00e8 elastica e regolabile sui lati per un adattamento ottimale. I polsini in bordino assicurano una buona tenuta. Presenta un pannello anteriore e posteriore per una migliore struttura. Dispone di due tasche pratiche sul petto, chiuse da un lembo e una striscia autoadesiva.\n\n- Materia: 100% cotone denim\n- Taglia: Mista\n- Vita: Elastica regolabile","sv":"Blouson med mixad sk\u00e4rning tillverkad i bomull serg\u00e9. Den har en s\u00e4kerhetszipplock med en \u00f6verl\u00e4gg och en klisterrem. Storleken \u00e4r elastisk och justerbar p\u00e5 sidorna f\u00f6r optimal passform. \u00c4rmarna i bord k\u00f6 ger en bra h\u00e5llning. Den har ett inslag fram och bak f\u00f6r b\u00e4ttre struktur. Den har tv\u00e5 praktiska br\u00f6stfickor som \u00e4r st\u00e4ngda med en \u00f6verl\u00e4gg och en klisterrem.","pt":"Jaqueta de corte misto feita de algod\u00e3o serge. Possui um fechamento z\u00edper seguro por uma aba e uma faixa autoadesiva. O tamanho \u00e9 el\u00e1stico e ajust\u00e1vel nos lados para um ajuste \u00f3timo. Os punhos em borda coste garantem uma boa sustenta\u00e7\u00e3o. Possui uma aba na frente e nas costas para uma melhor estrutura. Dispon\u00edvel com dois bolsos peito pr\u00e1ticos, fechados por uma aba e uma faixa autoadesiva.","da":"Blouson i miksede skulder designet i bomuldserg\u00e9. Den har en sikker zip-lukning med et forh\u00e6ng og en fastg\u00f8relsesstrimmel. St\u00f8rrelsen er elastisk og justerbar p\u00e5 siderne for optimal pasform. \u00c6rmetoppe i bord-c\u00f4te sikrer god pasform. Den har en forst\u00e6rket for- og bagside for bedre struktur. Den har to praktiske brystlommer, lukket med et forh\u00e6ng og en fastg\u00f8relsesstrimmel.\n\n- Materiale : 100% bomuldserg\u00e9\n- Skulder : Miksede skulder\n- St\u00f8rrelse : Elastisk justerbar","pl":"Bluzka o krojie unisexowym wykonana z bawe\u0142ny sergowej. Jest wyposa\u017cona w bezpieczn\u0105 zamek b\u0142yskawiczny z klap\u0105 i ta\u015bm\u0105 samoprzylepn\u0105. Rozmiar jest elastyczny i regulowany po bokach dla optymalnego dopasowania. Mankiety z kraw\u0119dzi\u0105 zapewniaj\u0105 dobr\u0105 trzymanie. Ma wstawk\u0119 z przodu i z ty\u0142u dla lepszej struktury. Ma dwie praktyczne kieszenie klapowe z klap\u0105 i ta\u015bm\u0105 samoprzylepn\u0105.\n\n- Materia\u0142: 100% bawe\u0142na sergowa\n- Kr\u00f3j: Unisexowy\n- Rozmiar: Elastyczny regulowany"},"h1":{"fr":"Blouson coton 106003","en":"Cotton Blouson 106003","de":"Cotton Blouson 106003","nl":"Coton jasje 106003","es":"Chaqueta de algod\u00f3n 106003","it":"Giubbotto di cotone 106003","sv":"Blouson bomull 106003","pt":"Jaqueta de algod\u00e3o 106003","da":"Blouson bomuld 106003","pl":"Bluzka bawe\u0142niana 106003"},"meta_description":{"fr":"Blouson en coton serg\u00e9, coupe mixte, fermeture zipp\u00e9e et bande auto-agrippante. \u00c9lastique r\u00e9glable aux c\u00f4t\u00e9s, poignets en bord c\u00f4te et 2 poches poitrine.","en":"Cotton serge blouson, unisex cut, zip fastening and hook-and-loop band. Adjustable elastic at the sides, ribbed cuffs and 2 chest pockets.","de":"Baumwollblouson, gemischte Schnitt, Rei\u00dfverschluss und Klettverschluss. Seitenverstellbarer Gummizug, Rippborte an den \u00c4rmeln und zwei Brusttaschen.","nl":"Jasje van katoenen serge, gemengde pasvorm, ritssluiting en zelfklevende band. Elastische zijden, bordkanten aan de polsen en twee borstzakken.","es":"Chaqueta de algod\u00f3n serge, corte mixto, cierre con cremallera y banda auto-adhesiva. El\u00e1stico ajustable a los lados, pu\u00f1os de pico y 2 bolsillos en el pecho.","it":"Giubbotto in cotone denim, taglia mista, chiusura a zip e striscia autoadesiva. Elastico regolabile sui lati, polsini in bordino e 2 tasche sul petto.","sv":"Blouson i bomull serg\u00e9, mixad sk\u00e4rning, zipplock och klisterrem. Elastisk justerbar p\u00e5 sidorna, \u00e4rmar i bord k\u00f6 och 2 br\u00f6stfickor.","pt":"Jaqueta de algod\u00e3o serge, corte misto, fechamento z\u00edper e faixa autoadesiva. El\u00e1stico ajust\u00e1vel nos lados, punhos em borda coste e 2 bolsos no peito.","da":"Blouson i bomuldserg\u00e9, miksede skulder, zip-lukning og fastg\u00f8relsesstrimmel. Justerbar elastik p\u00e5 siderne, \u00e6rmetoppe i bord-c\u00f4te og to brystlommer.","pl":"Bluzka z bawe\u0142ny sergowej, krojem unisexowym, zamkni\u0119ta z zamkiem b\u0142yskawicznym i ta\u015bm\u0105 samoprzylepn\u0105. Elastyczny regulowany po bokach, mankiety z kraw\u0119dzi\u0105 i 2 kieszenie klapowe."}},"custom":{"title":{"fr":"Blouson coton VELILLA 106003 personnalisation","en":"Cotton Jacket VELILLA 106003 customization","de":"Baumwolljacke VELILLA 106003 Personalisierung","nl":"Coton jas VELILLA 106003 personalisatie","es":"Chaqueta de algod\u00f3n VELILLA 106003 personalizaci\u00f3n","it":"Giubbotto cotone VELILLA 106003 personalizzazione","sv":"Cotonjacka VELILLA 106003 anpassning","pt":"Jaqueta de algod\u00e3o VELILLA 106003 personaliza\u00e7\u00e3o","da":"Coton jakke VELILLA 106003 tilpasning","pl":"Kurtka z bawe\u0142ny VELILLA 106003 personalizacja"},"description":{"fr":"Blouson mixte en coton serg\u00e9. Fermeture zipp\u00e9e avec rabat et bande auto-agrippante. Taille \u00e9lastiqu\u00e9e r\u00e9glable sur les c\u00f4t\u00e9s. Poignets en bords c\u00f4te. Empi\u00e8cement avant et dos. 2 poches poitrine avec rabat et bande auto-agrippante. Ce blouson est personnalisable par broderie, vous permettant d'ajouter votre logo ou votre visuel. Il est id\u00e9al pour les professionnels souhaitant un v\u00eatement de travail confortable et identifiable.\n\n- Composition: 100% coton serg\u00e9\n- Coupe: Mixte\n- Taille: \u00c9lastiqu\u00e9e r\u00e9glable\n- Poignets: Bords c\u00f4te\n- Poches: 2 poches poitrine avec rabat et bande auto-agrippante\n- Personnalisation: Possibilit\u00e9 de personnalisation par broderie","en":"Mixed cotton twill jacket. Zip closure with flap and hook-and-loop band. Adjustable elasticated size on the sides. Cuffs with ribbed edges. Front and back yoke. 2 chest pockets with flap and hook-and-loop band. This jacket is customizable by embroidery, allowing you to add your logo or your visual. It is ideal for professionals looking for a comfortable and identifiable work garment. \n\n- Composition: 100% cotton twill\n- Cut: Mixed\n- Size: Adjustable elasticated\n- Cuffs: Ribbed edges\n- Pockets: 2 chest pockets with flap and hook-and-loop band\n- Customization: Possibility of customization by embroidery","de":"Mischbare Baumwolljacke. Rei\u00dfverschluss mit Klappe und Klettband. Seitenverstellbarer elastischer Schnitt. B\u00fcnde an den Manschetten. Vorder- und R\u00fcckeneinsatz. 2 Brusttaschen mit Klappe und Klettband. Diese Jacke kann durch Stickerei personalisiert werden, sodass Ihr Logo oder Ihr Bild hinzugef\u00fcgt werden kann. Sie ist ideal f\u00fcr Fachleute, die ein bequemes und identifizierbares Arbeitskleidungsst\u00fcck w\u00fcnschen. Komposition: 100% Baumwolle Schnitt: Mischbar Taille: Verstellbar elastisch Manschetten: B\u00fcnde Taschen: 2 Brusttaschen mit Klappe und Klettband Personalisierung: M\u00f6glichkeit der Personalisierung durch Stickerei","nl":"Gemengde katoenen serge jas. Zippersluiting met flap en zelfklevende strip. Regelbare elastiek aan de zijkanten. Polsbandjes in gebreide randen. Voorpaneel en rugpaneel. 2 borstzakken met flap en zelfklevende strip. Deze jas kan worden gepersonaliseerd door borduurwerk, waardoor u uw logo of visuele elementen kunt toevoegen. Het is ideaal voor professionals die comfortabele en herkenbare werkkleding zoeken.\n\n- Samenstelling: 100% katoenen serge\n- Snit: Gemengd\n- Maat: Regelbare elastiek\n- Polsbandjes: Gebreide randen\n- Zakken: 2 borstzakken met flap en zelfklevende strip\n- Personalisatie: Mogelijkheid tot personalisatie door borduurwerk","es":"Chaqueta mixta de algod\u00f3n serge. Cierre con cremallera y solapa con banda de velcro. Tama\u00f1o ajustable el\u00e1stico en los lados. Mu\u00f1ecas con bordes de punto. Empalme delantero y trasero. 2 bolsillos en el pecho con solapa y banda de velcro. Esta chaqueta es personalizable con bordado, permiti\u00e9ndote a\u00f1adir tu logo o tu dise\u00f1o. Es ideal para profesionales que buscan una prenda de trabajo c\u00f3moda e identificable.\n\n- Composici\u00f3n: 100% algod\u00f3n serge\n- Corte: Mixto\n- Tama\u00f1o: Ajustable el\u00e1stico\n- Mu\u00f1ecas: Bordes de punto\n- Bolsillos: 2 bolsillos en el pecho con solapa y banda de velcro\n- Personalizaci\u00f3n: Posibilidad de personalizaci\u00f3n con bordado","it":"Giubbotto misto in cotone sargia. Chiusura a zip con lembo e striscia autoadesiva. Taglia elastica regolabile sui lati. Polsini con bordi a coste. Pezza avanti e dietro. 2 tasche petto con lembo e striscia autoadesiva. Questo giubbotto \u00e8 personalizzabile con ricamo, permettendovi di aggiungere il vostro logo o il vostro disegno. \u00c8 ideale per i professionisti che desiderano un abbigliamento da lavoro confortevole e riconoscibile.\n\n- Composizione: 100% cotone sargia\n- Taglia: Elastica regolabile\n- Polsini: Bordi a coste\n- Tasche: 2 tasche petto con lembo e striscia autoadesiva\n- Personalizzazione: Possibilit\u00e0 di personalizzazione con ricamo","sv":"Cotonjacka mix i serg\u00e9. Zippl\u00e5s med klapp och autoagripande band. Justerbara sidor med elastik. \u00c4rmar med kant. Framsida och baksida med insatser. 2 br\u00f6stfickor med klapp och autoagripande band. Denna jacka kan anpassas med stickning, vilket g\u00f6r att du kan l\u00e4gga till ditt logotyp eller ditt visuell. Den \u00e4r idealisk f\u00f6r yrkesverksamma som vill ha en bekv\u00e4m och identisk arbetskl\u00e4dsel.\n\n- Sammans\u00e4ttning: 100% coton serg\u00e9\n- Snitt: Mix\n- Storlek: Justerbara sidor\n- \u00c4rmar: Kantsidor\n- Fickor: 2 br\u00f6stfickor med klapp och autoagripande band\n- Anpassning: M\u00f6jlighet att anpassa med stickning","pt":"Jaqueta mista em algod\u00e3o sarja. Fechamento z\u00edper com abas e faixa de velcro. Tamanho el\u00e1stico ajust\u00e1vel nos lados. Punhos em borda costeada. Pe\u00e7a frontal e costas. 2 bolsos peito com abas e faixa de velcro. Esta jaqueta \u00e9 personaliz\u00e1vel com bordado, permitindo adicionar seu logotipo ou visual. \u00c9 ideal para profissionais que desejam um uniforme de trabalho confort\u00e1vel e identific\u00e1vel.\n\n- Composi\u00e7\u00e3o: 100% algod\u00e3o sarja\n- Corte: Misto\n- Tamanho: El\u00e1stico ajust\u00e1vel\n- Punhos: Borda costeada\n- Bolsos: 2 bolsos peito com abas e faixa de velcro\n- Personaliza\u00e7\u00e3o: Possibilidade de personaliza\u00e7\u00e3o com bordado","da":"Blanding jakke i coton serg\u00e9. Zipper lukning med flap og selvklebende b\u00e5nd. Justerbar elastisk st\u00f8rrelse p\u00e5 siderne. Mansjetter i kantkant. Foran og bagp\u00e5 del. 2 brystlommer med flap og selvklebende b\u00e5nd. Denne jakke kan tilpasses med broderi, hvilket giver dig mulighed for at tilf\u00f8je dit logo eller dit billede. Den er ideel for fagfolk, der \u00f8nsker et behageligt og genkendeligt arbejdst\u00f8j.\n\n- Sammens\u00e6tning: 100% coton serg\u00e9\n- Sk\u00e6ring: Blanding\n- St\u00f8rrelse: Justerbar elastisk\n- Mansjetter: Kantkant\n- Lommer: 2 brystlommer med flap og selvklebende b\u00e5nd\n- Tilpasning: Mulighed for tilpasning med broderi","pl":"Kurtka mix z bawe\u0142ny serge. Zamkni\u0119cie z zameczkiem b\u0142yskawicznym i klap\u0105 oraz paskiem samoprzylepnym. Regulowana d\u0142ugo\u015b\u0107 z elastykiem na bokach. Mankiety z kraw\u0119dzi\u0105. Dodatek na przedzie i na plecach. 2 kieszenie na piersiach z klap\u0105 i paskiem samoprzylepnym. Ta kurtka mo\u017ce by\u0107 personalizowana hakelem, co pozwala doda\u0107 sw\u00f3j logo lub wz\u00f3r. Jest idealna dla profesjonalist\u00f3w szukaj\u0105cych wygodnego i rozpoznawalnego ubrania roboczego.\n\n- Sk\u0142ad: 100% bawe\u0142na serge\n- Kr\u00f3j: Mix\n- Wielko\u015b\u0107: Regulowana z elastykiem\n- Mankiety: Kraw\u0119dzie\n- Kieszenie: 2 kieszenie na piersiach z klap\u0105 i paskiem samoprzylepnym\n- Personalizacja: Mo\u017cliwo\u015b\u0107 personalizacji hakelem"},"h1":{"fr":"Blouson coton 106003 personnalisation","en":"Cotton Jacket 106003 customization","de":"Baumwolljacke 106003 Personalisierung","nl":"Coton jas 106003 personalisatie","es":"Chaqueta de algod\u00f3n 106003 personalizaci\u00f3n","it":"Giubbotto cotone 106003 personalizzazione","sv":"Cotonjacka 106003 anpassning","pt":"Jaqueta de algod\u00e3o 106003 personaliza\u00e7\u00e3o","da":"Coton jakke 106003 tilpasning","pl":"Kurtka z bawe\u0142ny 106003 personalizacja"},"meta_description":{"fr":"Blouson coton serg\u00e9 mixte VELILLA 106003. Personnalisable en broderie. Fermeture zipp\u00e9e et taille r\u00e9glable. Id\u00e9al pour les professionnels.","en":"Cotton twill mixed VELILLA 106003 jacket. Customizable with embroidery. Zip closure and adjustable size. Ideal for professionals.","de":"Baumwolljacke VELILLA 106003. Personalisierbar mit Stickerei. Rei\u00dfverschluss und einstellbare Gr\u00f6\u00dfe. Ideal f\u00fcr Fachleute.","nl":"Gemengd serge katoenen jas VELILLA 106003. Persoonlijk te maken door borduurwerk. Zippersluiting en regelbare maat. Ideaal voor professionals.","es":"Chaqueta de algod\u00f3n serge VELILLA 106003. Personalizable con bordado. Cierre con cremallera y tama\u00f1o ajustable. Ideal para profesionales.","it":"Giubbotto cotone sargia misto VELILLA 106003. Personalizzabile con ricamo. Chiusura a zip e taglia regolabile. Ideale per i professionisti.","sv":"Cotonjacka serg\u00e9 mix VELILLA 106003. Personligg\u00f6rbar med stickning. Zippl\u00e5s och justerbar storlek. Idealiskt f\u00f6r yrkesverksamma.","pt":"Jaqueta de algod\u00e3o sarja mista VELILLA 106003. Personaliz\u00e1vel com bordado. Fechamento z\u00edper e tamanho ajust\u00e1vel. Ideal para profissionais.","da":"Coton serg\u00e9 blanding jakke VELILLA 106003. Tilpasning mulig med broderi. Zipper lukning og justerbar st\u00f8rrelse. Ideel for fagfolk.","pl":"Kurtka z bawe\u0142ny serge mix VELILLA 106003. Mo\u017cliwa personalizacja hakelem. Zamkni\u0119cie z zameczkiem b\u0142yskawicznym i regulowana d\u0142ugo\u015b\u0107. Idealna dla profesjonalist\u00f3w."}}},"categories":[{"id":301,"name":"Parkas et blousons","singular":"Parka et blouson","is_feminin":false},{"id":13,"name":"Vestes et manteaux","singular":"Veste et manteau","is_feminin":true},{"id":354,"name":"Textile","singular":"Textile","is_feminin":false}],"certifications":[],"videos":{"fr":[],"en":[],"de":[],"nl":[],"es":[],"it":[],"sv":[],"pt":[],"da":[],"pl":[]},"main_images":{"miniature":"https:\/\/media.th4.com\/mgT9nlWHv15kG7BYWfogLQ9-0oCn5Ab18RvVgcS3-nA\/pr:80\/aHR0cDovL21lZGlhMi5kZXNpZ25wYXJ0bmVyLmZyL2MvcC1NVC8xNTI3OS5qcGc?v=1642604419","medium":"https:\/\/media.th4.com\/LCC0RiPnoxopW0jPQ9WdzIM8IG_o0D1X5jSmmYcye4s\/pr:550x550greybg\/aHR0cDovL21lZGlhMi5kZXNpZ25wYXJ0bmVyLmZyL2MvcC1NVC8xNTI3OS5qcGc?v=1642604419","medium_large":"https:\/\/media.th4.com\/JNXGJrBPCY0eX-8Z_6JTD77wZIIu0FRG_fh8ERn6euQ\/pr:1000x1000greybg\/aHR0cDovL21lZGlhMi5kZXNpZ25wYXJ0bmVyLmZyL2MvcC1NVC8xNTI3OS5qcGc?v=1642604419","large":"https:\/\/media.th4.com\/yYp_scPQBIzqWK2ZRNh7SZ3mhEqRAH198d4R0vGIagI\/pr:1920greybg\/aHR0cDovL21lZGlhMi5kZXNpZ25wYXJ0bmVyLmZyL2MvcC1NVC8xNTI3OS5qcGc?v=1642604419","opengraph":"https:\/\/media.th4.com\/InE-SRv22spxlyTG0xVWI9vAPTT8X5sm2pYZ7euwn6c\/pr:1200x630greybg\/aHR0cDovL21lZGlhMi5kZXNpZ25wYXJ0bmVyLmZyL2MvcC1NVC8xNTI3OS5qcGc?v=1642604419"},"main_images_customization":{"miniature":"https:\/\/media.th4.com\/mgT9nlWHv15kG7BYWfogLQ9-0oCn5Ab18RvVgcS3-nA\/pr:80\/aHR0cDovL21lZGlhMi5kZXNpZ25wYXJ0bmVyLmZyL2MvcC1NVC8xNTI3OS5qcGc?v=1642604419","medium":"https:\/\/media.th4.com\/LCC0RiPnoxopW0jPQ9WdzIM8IG_o0D1X5jSmmYcye4s\/pr:550x550greybg\/aHR0cDovL21lZGlhMi5kZXNpZ25wYXJ0bmVyLmZyL2MvcC1NVC8xNTI3OS5qcGc?v=1642604419","medium_large":"https:\/\/media.th4.com\/JNXGJrBPCY0eX-8Z_6JTD77wZIIu0FRG_fh8ERn6euQ\/pr:1000x1000greybg\/aHR0cDovL21lZGlhMi5kZXNpZ25wYXJ0bmVyLmZyL2MvcC1NVC8xNTI3OS5qcGc?v=1642604419","large":"https:\/\/media.th4.com\/yYp_scPQBIzqWK2ZRNh7SZ3mhEqRAH198d4R0vGIagI\/pr:1920greybg\/aHR0cDovL21lZGlhMi5kZXNpZ25wYXJ0bmVyLmZyL2MvcC1NVC8xNTI3OS5qcGc?v=1642604419","opengraph":"https:\/\/media.th4.com\/InE-SRv22spxlyTG0xVWI9vAPTT8X5sm2pYZ7euwn6c\/pr:1200x630greybg\/aHR0cDovL21lZGlhMi5kZXNpZ25wYXJ0bmVyLmZyL2MvcC1NVC8xNTI3OS5qcGc?v=1642604419"},"page_links":{"fr":"\/fr\/p-ve-106003-blouson-coton-106003-15279\/","en":"\/en\/p-ve-106003-cotton-blouson-106003-15279\/","de":"\/de\/p-ve-106003-cotton-blouson-106003-15279\/","nl":"\/nl\/p-ve-106003-coton-jasje-106003-15279\/","es":"\/es\/p-ve-106003-chaqueta-de-algodon-106003-15279\/","it":"\/it\/p-ve-106003-giubbotto-di-cotone-106003-15279\/","sv":"\/sv\/p-ve-106003-blouson-bomull-106003-15279\/","pt":"\/pt\/p-ve-106003-jaqueta-de-algodao-106003-15279\/","da":"\/da\/p-ve-106003-blouson-bomuld-106003-15279\/","pl":"\/pl\/p-ve-106003-bluzka-bawelniana-106003-15279\/"},"page_links_customization":{"fr":"\/fr\/p-ve-106003-blouson-coton-106003-personnalisation-15279\/custom\/","en":"\/en\/p-ve-106003-cotton-jacket-106003-customization-15279\/custom\/","de":"\/de\/p-ve-106003-baumwolljacke-106003-personalisierung-15279\/custom\/","nl":"\/nl\/p-ve-106003-coton-jas-106003-personalisatie-15279\/custom\/","es":"\/es\/p-ve-106003-chaqueta-de-algodon-106003-personalizacion-15279\/custom\/","it":"\/it\/p-ve-106003-giubbotto-cotone-106003-personalizzazione-15279\/custom\/","sv":"\/sv\/p-ve-106003-cotonjacka-106003-anpassning-15279\/custom\/","pt":"\/pt\/p-ve-106003-jaqueta-de-algodao-106003-personalizacao-15279\/custom\/","da":"\/da\/p-ve-106003-coton-jakke-106003-tilpasning-15279\/custom\/","pl":"\/pl\/p-ve-106003-kurtka-z-bawelny-106003-personalizacja-15279\/custom\/"},"equivalent_products":[],"colors":[{"id":17168,"name":"navy","class_ids":[2],"codes_hexa":["2A333C"],"delai_24":false,"has_3d":false,"seuil_global":0,"stock_local":0,"stock_global":71,"on_standby":false,"in_catalog":true,"images":{"miniature":["https:\/\/media.th4.com\/4Hj5C_TOyv8shsb-BOQdre90N9aQ5m9Jhidd20tD_2s\/pr:80\/aHR0cDovL21lZGlhMi5kZXNpZ25wYXJ0bmVyLmZyL2MvcC8xNTI3OS8xNTI3OS0xNzE2OC0xLmpwZw?v=1610020868"],"medium":["https:\/\/media.th4.com\/T26ofze5zCJs2KMktSEeO_A_44Bl7GB_uqxbsG1OKAM\/pr:550x550\/aHR0cDovL21lZGlhMi5kZXNpZ25wYXJ0bmVyLmZyL2MvcC8xNTI3OS8xNTI3OS0xNzE2OC0xLmpwZw?v=1610020868"],"medium_large":["https:\/\/media.th4.com\/Nqz8YiQKlBneds_iMv7bV0-RFiEsncpvqo_1C3k_zz8\/pr:1000x1000\/aHR0cDovL21lZGlhMi5kZXNpZ25wYXJ0bmVyLmZyL2MvcC8xNTI3OS8xNTI3OS0xNzE2OC0xLmpwZw?v=1610020868"],"large":["https:\/\/media.th4.com\/bG-NoNsBFtiqRGkZWj0NkhoXhsnsBimTY5nLUseUdf4\/pr:1920\/aHR0cDovL21lZGlhMi5kZXNpZ25wYXJ0bmVyLmZyL2MvcC8xNTI3OS8xNTI3OS0xNzE2OC0xLmpwZw?v=1610020868"],"opengraph":["https:\/\/media.th4.com\/ote00ZD_IQV69vlO53Htzx43DaD_oqTPEwNdQzZpF4Q\/pr:1200x630\/aHR0cDovL21lZGlhMi5kZXNpZ25wYXJ0bmVyLmZyL2MvcC8xNTI3OS8xNTI3OS0xNzE2OC0xLmpwZw?v=1610020868"]},"images_customization":{"miniature":["https:\/\/media.th4.com\/4Hj5C_TOyv8shsb-BOQdre90N9aQ5m9Jhidd20tD_2s\/pr:80\/aHR0cDovL21lZGlhMi5kZXNpZ25wYXJ0bmVyLmZyL2MvcC8xNTI3OS8xNTI3OS0xNzE2OC0xLmpwZw?v=1610020868"],"medium":["https:\/\/media.th4.com\/T26ofze5zCJs2KMktSEeO_A_44Bl7GB_uqxbsG1OKAM\/pr:550x550\/aHR0cDovL21lZGlhMi5kZXNpZ25wYXJ0bmVyLmZyL2MvcC8xNTI3OS8xNTI3OS0xNzE2OC0xLmpwZw?v=1610020868"],"medium_large":["https:\/\/media.th4.com\/Nqz8YiQKlBneds_iMv7bV0-RFiEsncpvqo_1C3k_zz8\/pr:1000x1000\/aHR0cDovL21lZGlhMi5kZXNpZ25wYXJ0bmVyLmZyL2MvcC8xNTI3OS8xNTI3OS0xNzE2OC0xLmpwZw?v=1610020868"],"large":["https:\/\/media.th4.com\/bG-NoNsBFtiqRGkZWj0NkhoXhsnsBimTY5nLUseUdf4\/pr:1920\/aHR0cDovL21lZGlhMi5kZXNpZ25wYXJ0bmVyLmZyL2MvcC8xNTI3OS8xNTI3OS0xNzE2OC0xLmpwZw?v=1610020868"],"opengraph":["https:\/\/media.th4.com\/ote00ZD_IQV69vlO53Htzx43DaD_oqTPEwNdQzZpF4Q\/pr:1200x630\/aHR0cDovL21lZGlhMi5kZXNpZ25wYXJ0bmVyLmZyL2MvcC8xNTI3OS8xNTI3OS0xNzE2OC0xLmpwZw?v=1610020868"]},"country_origin":"VN","traceability":{"manufacturing_country_id":null,"weaving_country_id":61,"dyeing_country_id":61},"sizes":[{"id":238,"article_id":387399,"class_id":0,"name":"48","on_standby":false,"stock_local":0,"stock_global":20,"multiple":1,"estimated_date_reassort":null,"is_destocking":false},{"id":244,"article_id":387400,"class_id":0,"name":"50","on_standby":false,"stock_local":0,"stock_global":5,"multiple":1,"estimated_date_reassort":null,"is_destocking":false},{"id":245,"article_id":387401,"class_id":0,"name":"52","on_standby":false,"stock_local":0,"stock_global":9,"multiple":1,"estimated_date_reassort":null,"is_destocking":false},{"id":246,"article_id":387402,"class_id":0,"name":"54","on_standby":false,"stock_local":0,"stock_global":21,"multiple":1,"estimated_date_reassort":null,"is_destocking":false},{"id":248,"article_id":387404,"class_id":0,"name":"58","on_standby":false,"stock_local":0,"stock_global":2,"multiple":1,"estimated_date_reassort":null,"is_destocking":false},{"id":417,"article_id":387405,"class_id":0,"name":"60","on_standby":false,"stock_local":0,"stock_global":11,"multiple":1,"estimated_date_reassort":null,"is_destocking":false},{"id":418,"article_id":387406,"class_id":0,"name":"62","on_standby":false,"stock_local":0,"stock_global":3,"multiple":1,"estimated_date_reassort":null,"is_destocking":false}],"page_links":{"fr":"\/fr\/p-ve-106003-blouson-coton-106003-15279\/navy-17168\/","en":"\/en\/p-ve-106003-cotton-blouson-106003-15279\/navy-17168\/","de":"\/de\/p-ve-106003-cotton-blouson-106003-15279\/navy-17168\/","nl":"\/nl\/p-ve-106003-coton-jasje-106003-15279\/navy-17168\/","es":"\/es\/p-ve-106003-chaqueta-de-algodon-106003-15279\/navy-17168\/","it":"\/it\/p-ve-106003-giubbotto-di-cotone-106003-15279\/navy-17168\/","sv":"\/sv\/p-ve-106003-blouson-bomull-106003-15279\/navy-17168\/","pt":"\/pt\/p-ve-106003-jaqueta-de-algodao-106003-15279\/navy-17168\/","da":"\/da\/p-ve-106003-blouson-bomuld-106003-15279\/navy-17168\/","pl":"\/pl\/p-ve-106003-bluzka-bawelniana-106003-15279\/navy-17168\/"},"page_links_customization":{"fr":"\/fr\/p-ve-106003-blouson-coton-106003-personnalisation-15279\/navy-17168\/custom\/","en":"\/en\/p-ve-106003-cotton-jacket-106003-customization-15279\/navy-17168\/custom\/","de":"\/de\/p-ve-106003-baumwolljacke-106003-personalisierung-15279\/navy-17168\/custom\/","nl":"\/nl\/p-ve-106003-coton-jas-106003-personalisatie-15279\/navy-17168\/custom\/","es":"\/es\/p-ve-106003-chaqueta-de-algodon-106003-personalizacion-15279\/navy-17168\/custom\/","it":"\/it\/p-ve-106003-giubbotto-cotone-106003-personalizzazione-15279\/navy-17168\/custom\/","sv":"\/sv\/p-ve-106003-cotonjacka-106003-anpassning-15279\/navy-17168\/custom\/","pt":"\/pt\/p-ve-106003-jaqueta-de-algodao-106003-personalizacao-15279\/navy-17168\/custom\/","da":"\/da\/p-ve-106003-coton-jakke-106003-tilpasning-15279\/navy-17168\/custom\/","pl":"\/pl\/p-ve-106003-kurtka-z-bawelny-106003-personalizacja-15279\/navy-17168\/custom\/"}},{"id":17169,"name":"grey","class_ids":[3],"codes_hexa":["698190"],"delai_24":false,"has_3d":false,"seuil_global":0,"stock_local":0,"stock_global":42,"on_standby":false,"in_catalog":true,"images":{"miniature":["https:\/\/media.th4.com\/zZkN49IEoQEwHnLdOQ1oUwPqppAy1fIkTYV4HpJKxe8\/pr:80\/aHR0cDovL21lZGlhMi5kZXNpZ25wYXJ0bmVyLmZyL2MvcC8xNTI3OS8xNTI3OS0xNzE2OS0xLmpwZw?v=1610020868"],"medium":["https:\/\/media.th4.com\/EMpCtNODcmmwhrK_Wz0jeoCk3-wYLOV8Lb4DVOzPF0U\/pr:550x550\/aHR0cDovL21lZGlhMi5kZXNpZ25wYXJ0bmVyLmZyL2MvcC8xNTI3OS8xNTI3OS0xNzE2OS0xLmpwZw?v=1610020868"],"medium_large":["https:\/\/media.th4.com\/f_EQjFNlACb_nunzkTF9S0z07hDLsUMU0VQGWrBEN7E\/pr:1000x1000\/aHR0cDovL21lZGlhMi5kZXNpZ25wYXJ0bmVyLmZyL2MvcC8xNTI3OS8xNTI3OS0xNzE2OS0xLmpwZw?v=1610020868"],"large":["https:\/\/media.th4.com\/7gHmWfkUWvlMLs7_vW0JqNxORQrFWn0HZk2X7eHWDFU\/pr:1920\/aHR0cDovL21lZGlhMi5kZXNpZ25wYXJ0bmVyLmZyL2MvcC8xNTI3OS8xNTI3OS0xNzE2OS0xLmpwZw?v=1610020868"],"opengraph":["https:\/\/media.th4.com\/7fTaqaOBOCKBmSqykjh6UgBmHOuSjG4Uvl3RpZocJG0\/pr:1200x630\/aHR0cDovL21lZGlhMi5kZXNpZ25wYXJ0bmVyLmZyL2MvcC8xNTI3OS8xNTI3OS0xNzE2OS0xLmpwZw?v=1610020868"]},"images_customization":{"miniature":["https:\/\/media.th4.com\/zZkN49IEoQEwHnLdOQ1oUwPqppAy1fIkTYV4HpJKxe8\/pr:80\/aHR0cDovL21lZGlhMi5kZXNpZ25wYXJ0bmVyLmZyL2MvcC8xNTI3OS8xNTI3OS0xNzE2OS0xLmpwZw?v=1610020868"],"medium":["https:\/\/media.th4.com\/EMpCtNODcmmwhrK_Wz0jeoCk3-wYLOV8Lb4DVOzPF0U\/pr:550x550\/aHR0cDovL21lZGlhMi5kZXNpZ25wYXJ0bmVyLmZyL2MvcC8xNTI3OS8xNTI3OS0xNzE2OS0xLmpwZw?v=1610020868"],"medium_large":["https:\/\/media.th4.com\/f_EQjFNlACb_nunzkTF9S0z07hDLsUMU0VQGWrBEN7E\/pr:1000x1000\/aHR0cDovL21lZGlhMi5kZXNpZ25wYXJ0bmVyLmZyL2MvcC8xNTI3OS8xNTI3OS0xNzE2OS0xLmpwZw?v=1610020868"],"large":["https:\/\/media.th4.com\/7gHmWfkUWvlMLs7_vW0JqNxORQrFWn0HZk2X7eHWDFU\/pr:1920\/aHR0cDovL21lZGlhMi5kZXNpZ25wYXJ0bmVyLmZyL2MvcC8xNTI3OS8xNTI3OS0xNzE2OS0xLmpwZw?v=1610020868"],"opengraph":["https:\/\/media.th4.com\/7fTaqaOBOCKBmSqykjh6UgBmHOuSjG4Uvl3RpZocJG0\/pr:1200x630\/aHR0cDovL21lZGlhMi5kZXNpZ25wYXJ0bmVyLmZyL2MvcC8xNTI3OS8xNTI3OS0xNzE2OS0xLmpwZw?v=1610020868"]},"country_origin":"VN","traceability":{"manufacturing_country_id":null,"weaving_country_id":61,"dyeing_country_id":61},"sizes":[{"id":238,"article_id":387407,"class_id":0,"name":"48","on_standby":false,"stock_local":0,"stock_global":7,"multiple":1,"estimated_date_reassort":null,"is_destocking":false},{"id":244,"article_id":387408,"class_id":0,"name":"50","on_standby":false,"stock_local":0,"stock_global":6,"multiple":1,"estimated_date_reassort":null,"is_destocking":false},{"id":245,"article_id":387409,"class_id":0,"name":"52","on_standby":false,"stock_local":0,"stock_global":14,"multiple":1,"estimated_date_reassort":null,"is_destocking":false},{"id":417,"article_id":387413,"class_id":0,"name":"60","on_standby":false,"stock_local":0,"stock_global":5,"multiple":1,"estimated_date_reassort":null,"is_destocking":false},{"id":418,"article_id":387414,"class_id":0,"name":"62","on_standby":false,"stock_local":0,"stock_global":10,"multiple":1,"estimated_date_reassort":null,"is_destocking":false}],"page_links":{"fr":"\/fr\/p-ve-106003-blouson-coton-106003-15279\/grey-17169\/","en":"\/en\/p-ve-106003-cotton-blouson-106003-15279\/grey-17169\/","de":"\/de\/p-ve-106003-cotton-blouson-106003-15279\/grey-17169\/","nl":"\/nl\/p-ve-106003-coton-jasje-106003-15279\/grey-17169\/","es":"\/es\/p-ve-106003-chaqueta-de-algodon-106003-15279\/grey-17169\/","it":"\/it\/p-ve-106003-giubbotto-di-cotone-106003-15279\/grey-17169\/","sv":"\/sv\/p-ve-106003-blouson-bomull-106003-15279\/grey-17169\/","pt":"\/pt\/p-ve-106003-jaqueta-de-algodao-106003-15279\/grey-17169\/","da":"\/da\/p-ve-106003-blouson-bomuld-106003-15279\/grey-17169\/","pl":"\/pl\/p-ve-106003-bluzka-bawelniana-106003-15279\/grey-17169\/"},"page_links_customization":{"fr":"\/fr\/p-ve-106003-blouson-coton-106003-personnalisation-15279\/grey-17169\/custom\/","en":"\/en\/p-ve-106003-cotton-jacket-106003-customization-15279\/grey-17169\/custom\/","de":"\/de\/p-ve-106003-baumwolljacke-106003-personalisierung-15279\/grey-17169\/custom\/","nl":"\/nl\/p-ve-106003-coton-jas-106003-personalisatie-15279\/grey-17169\/custom\/","es":"\/es\/p-ve-106003-chaqueta-de-algodon-106003-personalizacion-15279\/grey-17169\/custom\/","it":"\/it\/p-ve-106003-giubbotto-cotone-106003-personalizzazione-15279\/grey-17169\/custom\/","sv":"\/sv\/p-ve-106003-cotonjacka-106003-anpassning-15279\/grey-17169\/custom\/","pt":"\/pt\/p-ve-106003-jaqueta-de-algodao-106003-personalizacao-15279\/grey-17169\/custom\/","da":"\/da\/p-ve-106003-coton-jakke-106003-tilpasning-15279\/grey-17169\/custom\/","pl":"\/pl\/p-ve-106003-kurtka-z-bawelny-106003-personalizacja-15279\/grey-17169\/custom\/"}}],"documentation_link":null,"countries_availables":["AD","AE","AL","AT","BA","BD","BE","BG","BL","CA","CH","CN","CO","CY","CZ","DE","DK","DO","EE","EG","ES","ET","FI","FR","GB","GE","GF","GP","GR","GT","HK","HN","HR","HT","HU","ID","IE","IN","IS","IT","JO","JP","KE","KH","KP","KR","LA","LK","LS","LT","LU","LV","MA","MF","MG","MK","MM","MN","MQ","MT","MX","MY","NC","NI","NL","PF","PH","PK","PL","PM","PT","RE","RO","SE","SG","SI","SK","SV","SY","TH","TN","TR","TW","TZ","US","VN","WF","YT"]},"infos_customization":[],"features":{"authorize_multi_surfaces":true,"display_order_delay_type":true,"promote_surface_display":true,"tarification_franco_offert":true,"enabled_3d_editor":false},"markings":[{"id":0,"nom":"vierge","finition":null,"libelle":null,"code":null,"dpi":null,"finesse_forme_isolee":null,"finesse_forme_non_isolee":null,"hauteur_minimale_texte":null,"inactif":0,"marquage_interne":1,"quantite_min":null,"parent_id":null,"print_on_support":0,"content":"vierge","description":null},{"id":2,"nom":"fonce","finition":"optimale","libelle":"TopQuadri","code":null,"dpi":400,"finesse_forme_isolee":"0.040","finesse_forme_non_isolee":"0.700","hauteur_minimale_texte":2,"inactif":0,"marquage_interne":1,"quantite_min":null,"parent_id":18,"print_on_support":0,"content":"TopQuadri","description":"pour petites et moyennes s\u00e9ries"},{"id":3,"nom":"serigraphie","finition":"serigraphie","libelle":"SeriCoat","code":null,"dpi":400,"finesse_forme_isolee":"0.040","finesse_forme_non_isolee":"0.700","hauteur_minimale_texte":2,"inactif":0,"marquage_interne":1,"quantite_min":15,"parent_id":18,"print_on_support":0,"content":"SeriCoat","description":"pour moyennes et grandes s\u00e9ries"},{"id":4,"nom":"broderie","finition":"broderie","libelle":"Broderie","code":null,"dpi":400,"finesse_forme_isolee":"0.040","finesse_forme_non_isolee":"0.700","hauteur_minimale_texte":3,"inactif":0,"marquage_interne":1,"quantite_min":null,"parent_id":null,"print_on_support":0,"content":"Broderie","description":null},{"id":8,"nom":"theme","finition":null,"libelle":"Th\u00e8me","code":null,"dpi":null,"finesse_forme_isolee":null,"finesse_forme_non_isolee":null,"hauteur_minimale_texte":null,"inactif":0,"marquage_interne":1,"quantite_min":null,"parent_id":null,"print_on_support":0,"content":"Th\u00e8me","description":null},{"id":9,"nom":"sans","finition":null,"libelle":null,"code":null,"dpi":null,"finesse_forme_isolee":null,"finesse_forme_non_isolee":null,"hauteur_minimale_texte":null,"inactif":0,"marquage_interne":1,"quantite_min":null,"parent_id":null,"print_on_support":0,"content":"sans","description":null},{"id":10,"nom":"photo","finition":null,"libelle":"Photo","code":null,"dpi":null,"finesse_forme_isolee":null,"finesse_forme_non_isolee":null,"hauteur_minimale_texte":null,"inactif":0,"marquage_interne":1,"quantite_min":null,"parent_id":null,"print_on_support":0,"content":"Photo","description":null},{"id":14,"nom":"couleur","finition":null,"libelle":"Couleur","code":null,"dpi":null,"finesse_forme_isolee":null,"finesse_forme_non_isolee":null,"hauteur_minimale_texte":null,"inactif":0,"marquage_interne":1,"quantite_min":null,"parent_id":null,"print_on_support":0,"content":"Couleur","description":null},{"id":15,"nom":"sublimation","finition":"sublimation","libelle":"Sublimation","code":null,"dpi":null,"finesse_forme_isolee":"0.000","finesse_forme_non_isolee":"0.000","hauteur_minimale_texte":2,"inactif":0,"marquage_interne":1,"quantite_min":null,"parent_id":null,"print_on_support":0,"content":"Sublimation","description":null},{"id":16,"nom":"topquadri_uv","finition":null,"libelle":"TopQuadri UV","code":null,"dpi":null,"finesse_forme_isolee":"0.020","finesse_forme_non_isolee":"0.700","hauteur_minimale_texte":2,"inactif":0,"marquage_interne":1,"quantite_min":null,"parent_id":null,"print_on_support":1,"content":null,"description":null},{"id":17,"nom":"topquadri_uvp","finition":null,"libelle":"TopQuadri UVP","code":null,"dpi":null,"finesse_forme_isolee":"0.020","finesse_forme_non_isolee":"0.700","hauteur_minimale_texte":2,"inactif":0,"marquage_interne":1,"quantite_min":null,"parent_id":null,"print_on_support":1,"content":null,"description":null},{"id":18,"nom":"quadri","finition":null,"libelle":"Impression","code":null,"dpi":null,"finesse_forme_isolee":null,"finesse_forme_non_isolee":null,"hauteur_minimale_texte":null,"inactif":0,"marquage_interne":1,"quantite_min":null,"parent_id":null,"print_on_support":0,"content":null,"description":null}]}}