{"data":{"product":{"id":15042,"titre":"Maillot manches courtes enfant","description":"100% polyester. Maille interlock. Tissu \u00e0 s\u00e9chage rapide. Col en V avec bande de propret\u00e9. Manches mont\u00e9es. Empi\u00e8cements poitrine, col et bas de manches contrast\u00e9s.","genre":"enfant","grammage":135,"conditionnement":50,"composition":"polyester,polyester_uniquement","reference":"pr-pa4001","reference_visible":"pr-pa4001","reference_fabricant":"PA4001","ref_xor":"748679","in_catalog":true,"is_transfer":false,"is_service":false,"on_standby":false,"has_3d":true,"has_size_guide":false,"has_marking":false,"has_vierge":true,"is_cross_sellable":false,"id_picto":11,"filename_3d":"picto-11","brand":{"id":37,"name":"ProAct","logo":"logo-proact.png","image":"https:\/\/media.th4.com\/CKM3LQUaRrAReFrsWSZzr53ir5Wwj7MUz_VC-FY97NA\/pr:brand70x70\/aHR0cDovL21lZGlhMi5kZXNpZ25wYXJ0bmVyLmZyL2MvbS9sb2dvLXByb2FjdC5wbmc"},"price_infos":{"price_from":5.29,"quantity":200,"color":{"id":12067,"name":"sporty_red\/white"},"size":{"id":1157,"name":"12\/14"}},"price_infos_marking":{"price_from":0,"quantity":0,"size":{"id":0,"name":""},"color":{"id":0,"name":""},"marking":{"id":0,"name":""},"emplacement":"","surface":"","surface_emplacement_id":0},"i18n":{"blank":{"title":{"fr":"Maillot manches courtes enfant PROACT pa4001","en":"Children's short-sleeved PROACT pa4001 jersey","de":"Kurzarm-Trikot f\u00fcr Kinder PROACT pa4001","nl":"Kinderen korte mouwen shirt PROACT pa4001","es":"Camiseta de manga corta para ni\u00f1o PROACT pa4001","it":"Maglia maniche corte bambino PROACT pa4001","sv":"Barntrik\u00e5 med korta \u00e4rmar PROACT pa4001","pt":"Camiseta de manga curta infantil PROACT pa4001","da":"Kort\u00e6rmet tr\u00f8je til b\u00f8rn PROACT pa4001","pl":"Koszulka kr\u00f3tkich r\u0119kaw\u00f3w dla dzieci PROACT pa4001"},"description":{"fr":"Ce maillot manches courtes enfant est con\u00e7u en 100% polyester avec une maille interlock pour un confort optimal. Il offre un s\u00e9chage rapide, facilitant la pratique des activit\u00e9s physiques. Son col en V est agr\u00e9ment\u00e9 d'une bande de propret\u00e9 pour un maintien confortable. Les manches mont\u00e9es et les empi\u00e8cements poitrine, col et bas de manches contrast\u00e9s lui conf\u00e8rent un style sportif et dynamique.\n\n- 100% polyester\n- Maille interlock\n- Col en V avec bande de propret\u00e9","en":"This children's short-sleeved jersey is made of 100% polyester with an interlock knit for optimal comfort. It offers quick drying, making it easy to practice physical activities. Its V-neck is enhanced with a cleanliness strip for comfortable hold. The set-in sleeves and contrasting chest, neck and sleeve inserts give it a sporty and dynamic style.\n\n- 100% polyester\n- Interlock knit\n- V-neck with cleanliness strip","de":"Dieses Kurzarm-Trikot f\u00fcr Kinder ist aus 100 % Polyester mit einer Interlock-Strickware f\u00fcr optimalen Komfort. Es bietet schnelles Trocknen und erleichtert so die Aus\u00fcbung von k\u00f6rperlichen Aktivit\u00e4ten. Sein V-Ausschnitt ist mit einem Sauberkeitsstreifen f\u00fcr einen angenehmen Halt versehen. Die hochgesetzten \u00c4rmel und die kontrastierenden Brust-, Hals- und \u00c4rmelabschl\u00fcsse verleihen ihm einen sportlichen und dynamischen Stil.","nl":"Dit korte mouwen shirt voor kinderen is gemaakt van 100% polyester met een interlock gaas voor optimaal comfort. Het biedt snel drogen, wat de beoefening van fysieke activiteiten vergemakkelijkt. De v-kraag is voorzien van een schoonheidsband voor een comfortabel onderhoud. De opgeschoven mouwen en de contrastende borst-, kraag- en onderarm-inzetstukken geven het een sportieve en dynamische stijl.\n\n- 100% polyester\n- Interlock gaas\n- V-kraag met schoonheidsband","es":"Esta camiseta de manga corta para ni\u00f1o est\u00e1 dise\u00f1ada en 100% poli\u00e9ster con una malla interlock para un confort \u00f3ptimo. Ofrece un secado r\u00e1pido, facilitando la pr\u00e1ctica de actividades f\u00edsicas. Su cuello en V est\u00e1 adornado con una banda de limpieza para un mantenimiento c\u00f3modo. Las mangas montadas y los paneles de pecho, cuello y pu\u00f1os contrastantes le confieren un estilo deportivo y din\u00e1mico.\n\n- 100% poli\u00e9ster\n- Malla interlock\n- Cuello en V con banda de limpieza","it":"Questa maglia maniche corte per bambino \u00e8 realizzata al 100% in poliestere con maglia interlock per un comfort ottimale. Offre un asciugatura rapida, facilitando la pratica delle attivit\u00e0 fisiche. Il suo collo a V \u00e8 arricchito da una fascia di purezza per un sostegno confortevole. Le maniche montate e i pannelli petto, collo e fondo manica contrastanti le conferiscono uno stile sportivo e dinamico.\n\n- 100% poliestere\n- Maglia interlock\n- Collo a V con fascia di purezza","sv":"Denna barntrik\u00e5 med korta \u00e4rmar \u00e4r tillverkad i 100% polyester med en interlockv\u00e4v f\u00f6r optimal komfort. Den erbjuder snabb torkning, vilket underl\u00e4ttar fysiska aktiviteter. Dess V-hals \u00e4r utrustad med en renh\u00e5llningsrem f\u00f6r bekv\u00e4m passform. De uppsydda \u00e4rmarna och de kontrasterande inslagen p\u00e5 br\u00f6st, hals och \u00e4rmkantar ger den en sportig och dynamisk stil.\n\n- 100% polyester\n- Interlockv\u00e4v\n- V-hals med renh\u00e5llningsrem","pt":"Esta camiseta de manga curta infantil \u00e9 feita de 100% poli\u00e9ster com malha interlock para um conforto \u00f3timo. Oferece secagem r\u00e1pida, facilitando a pr\u00e1tica de atividades f\u00edsicas. Sua gola em V \u00e9 adornada com uma faixa de limpeza para um suporte confort\u00e1vel. As mangas subidas e os detalhes contrastantes no peito, na gola e na base das mangas conferem um estilo esportivo e din\u00e2mico.","da":"Denne kort\u00e6rmet tr\u00f8je til b\u00f8rn er fremstillet af 100% polyester med en interlock-v\u00e6v for optimal komfort. Den tilbyder hurtig t\u00f8rring, hvilket g\u00f8r det nemt at udf\u00f8re fysiske aktiviteter. Halsen i V-form er forsynet med en renhedsstrimmel for behagelig hold. De monterede \u00e6rmer og kontrastindl\u00e6g p\u00e5 brystet, halsen og underarmene giver tr\u00f8jen et sporty og dynamisk udseende.\n\n- 100% polyester\n- Interlock-v\u00e6v\n- V-hals med renhedsstrimmel","pl":"Ta koszulka kr\u00f3tkich r\u0119kaw\u00f3w dla dzieci jest wykonana z 100% poliestru z sieci\u0105 interlock dla optymalnego komfortu. Oferuje szybkie schni\u0119cie, u\u0142atwiaj\u0105c uprawianie aktywno\u015bci fizycznych. Jej kolarz V jest ozdobiony pasem czysto\u015bci dla wygodnego utrzymania. R\u0119kawy montowane i kontrastowe wstawki piersi, kolarza i d\u00f3\u0142 r\u0119kaw\u00f3w nadaj\u0105 jej sportowy i dynamiczny wygl\u0105d.\n\n- 100% poliestru\n- Sie\u0107 interlock\n- Kolarz V z pasem czysto\u015bci"},"h1":{"fr":"Maillot manches courtes enfant pa4001","en":"Children's short-sleeved pa4001 jersey","de":"Kurzarm-Trikot f\u00fcr Kinder pa4001","nl":"Kinderen korte mouwen shirt pa4001","es":"Camiseta de manga corta para ni\u00f1o pa4001","it":"Maglia maniche corte bambino pa4001","sv":"Barntrik\u00e5 med korta \u00e4rmar pa4001","pt":"Camiseta de manga curta infantil pa4001","da":"Kort\u00e6rmet tr\u00f8je til b\u00f8rn pa4001","pl":"Koszulka kr\u00f3tkich r\u0119kaw\u00f3w dla dzieci pa4001"},"meta_description":{"fr":"Maillot manches courtes enfant en polyester. Tissu \u00e0 s\u00e9chage rapide avec col en V et empi\u00e8cements contrast\u00e9s. Id\u00e9al pour les activit\u00e9s sportives.","en":"Children's short-sleeved jersey in polyester. Quick-drying fabric with V-neck and contrasting inserts. Ideal for sports activities.","de":"Kurzarm-Trikot f\u00fcr Kinder aus Polyester. Schnell trocknendes Gewebe mit V-Ausschnitt und kontrastierenden Eins\u00e4tzen. Ideal f\u00fcr sportliche Aktivit\u00e4ten.","nl":"Korte mouwen shirt voor kinderen van polyester. Weefsel droogt snel met een v-kraag en contrastende inzetstukken. Ideaal voor sportieve activiteiten.","es":"Camiseta de manga corta para ni\u00f1o en poli\u00e9ster. Tejido de secado r\u00e1pido con cuello en V y paneles contrastantes. Ideal para actividades deportivas.","it":"Maglia maniche corte bambino in poliestere. Tessuto ad asciugatura rapida con scollo a V e pannelli contrastanti. Ideale per le attivit\u00e0 sportive.","sv":"Barntrik\u00e5 med korta \u00e4rmar i polyester. Torksnabbt v\u00e4v med V-hals och kontrasterande inslag. Idealisk f\u00f6r sportaktiviteter.","pt":"Camiseta de manga curta infantil em poli\u00e9ster. Tecido de secagem r\u00e1pida com gola em V e detalhes contrastantes. Ideal para atividades esportivas.","da":"Kort\u00e6rmet tr\u00f8je til b\u00f8rn af polyester. V\u00e6vet\u00f8rrer hurtigt med V-hals og kontrastindl\u00e6g. Ideel til sport og aktiviteter.","pl":"Koszulka kr\u00f3tkich r\u0119kaw\u00f3w dla dzieci z poliestru. Tkanina szybkoschn\u0105ca z kolarzem V i kontrastowymi wstawkami. Idealna do aktywno\u015bci sportowych."}},"custom":{"title":{"fr":"Maillot manches courtes enfant PROACT pa4001 personnalisable","en":"Children's short-sleeved PROACT pa4001 personalized jersey","de":"Kurzarmtrikot f\u00fcr Kinder PROACT pa4001 personalisierbar","nl":"Kindert-shirt met korte mouwen PROACT pa4001 aanpasbaar","es":"Camiseta de manga corta infantil PROACT pa4001 personalizable","it":"Maglietta a maniche corte per bambini PROACT pa4001 personalizzabile","sv":"Kort\u00e4rmad tr\u00f6ja f\u00f6r barn PROACT pa4001 personliggjord","pt":"Camisa de manga curta infantil PROACT pa4001 personaliz\u00e1vel","da":"B\u00f8rns kort\u00e6rmet tr\u00f8je PROACT pa4001 tilpasningsbar","pl":"Koszulka kr\u00f3tkiego r\u0119kawa dzieci\u0119ca PROACT pa4001 personalizowana"},"description":{"fr":"Ce maillot manches courtes enfant est con\u00e7u en 100% polyester avec une maille interlock pour un confort optimal. Il pr\u00e9sente un col en V avec une bande de propret\u00e9 et des manches mont\u00e9es. Des empi\u00e8cements poitrine, col et bas de manches contrast\u00e9s ajoutent une touche de style. Le tissu \u00e0 s\u00e9chage rapide assure un confort durable pendant les activit\u00e9s physiques. Ce maillot est personnalisable, permettant l'ajout de votre logo ou de vos visuels pour une identification claire lors d'\u00e9v\u00e9nements sportifs ou de comp\u00e9titions. La personnalisation est possible sur diff\u00e9rentes zones du maillot, offrant une grande flexibilit\u00e9 pour r\u00e9pondre \u00e0 vos besoins sp\u00e9cifiques. Ce maillot est adapt\u00e9 \u00e0 une vari\u00e9t\u00e9 d'activit\u00e9s, allant du sport en \u00e9quipe aux \u00e9v\u00e9nements promotionnels.\n\n- Maille: Interlock\n- Col: Col en V avec bande de propret\u00e9\n- Manches: Mont\u00e9es\n- Empi\u00e8cements: Poitrine, col et bas de manches contrast\u00e9s","en":"This children's short-sleeved jersey is made of 100% polyester with an interlock knit for optimal comfort. It features a V-neck with a clean finish band and set-in sleeves. Contrasting chest, collar, and sleeve hem inserts add a touch of style. The quick-drying fabric ensures lasting comfort during physical activities. This jersey is customizable, allowing the addition of your logo or visuals for clear identification during sporting events or competitions. Customization is possible on different areas of the jersey, offering great flexibility to meet your specific needs. This jersey is suitable for a variety of activities, from team sports to promotional events.","de":"Dieses Kurzarmtrikot f\u00fcr Kinder ist aus 100% Polyester mit einem Interlock-Gestrick f\u00fcr optimalen Komfort. Es verf\u00fcgt \u00fcber einen V-Ausschnitt mit einem Saumband und hochgesetzte \u00c4rmel. Kontrastierende Eins\u00e4tze an Brust, Kragen und \u00c4rmelenden verleihen dem Trikot einen stilvollen Touch. Der schnell trocknende Stoff sorgt f\u00fcr dauerhaften Komfort w\u00e4hrend k\u00f6rperlicher Aktivit\u00e4ten. Dieses Trikot ist personalisierbar, sodass Ihr Logo oder Ihre Grafiken hinzugef\u00fcgt werden k\u00f6nnen, um eine klare Identifikation bei Sportveranstaltungen oder Wettbewerben zu gew\u00e4hrleisten. Die Personalisierung ist an verschiedenen Stellen des Trikots m\u00f6glich, was eine gro\u00dfe Flexibilit\u00e4t bietet, um Ihren spezifischen Anforderungen gerecht zu werden. Dieses Trikot eignet sich f\u00fcr eine Vielzahl von Aktivit\u00e4ten, von Mannschaftssport bis hin zu Werbeveranstaltungen.","nl":"Deze kindert-shirt met korte mouwen is gemaakt van 100% polyester met een interlockweefsel voor optimaal comfort. Hij heeft een V-hals met een randenband en opgestopte mouwen. Contrastende borststukken, hals en mouwranden geven een stijlvolle aanraking. Het snel drogende weefsel zorgt voor duurzaam comfort tijdens fysieke activiteiten. Deze shirt is aanpasbaar, waardoor u uw logo of visuele elementen kunt toevoegen voor een duidelijk herkenbaarheid bij sportieve evenementen of wedstrijden. Aanpassing is mogelijk op verschillende delen van de shirt, biedend grote flexibiliteit om aan uw specifieke behoeften te voldoen. Deze shirt is geschikt voor een verscheidenheid aan activiteiten, vari\u00ebrend van teamsporters tot promotionevenementen.","es":"Esta camiseta de manga corta infantil est\u00e1 dise\u00f1ada en 100% poli\u00e9ster con una malla interlock para un confort \u00f3ptimo. Presenta un cuello en V con una banda de limpieza y mangas montadas. Los parches en el pecho, cuello y bajo de las mangas contrastados a\u00f1aden un toque de estilo. La tela de secado r\u00e1pido asegura un confort duradero durante las actividades f\u00edsicas. Esta camiseta es personalizable, permitiendo a\u00f1adir su logo o sus gr\u00e1ficos para una identificaci\u00f3n clara durante eventos deportivos o competencias. La personalizaci\u00f3n es posible en diferentes zonas de la camiseta, ofreciendo una gran flexibilidad para satisfacer sus necesidades espec\u00edficas. Esta camiseta es adecuada para una variedad de actividades, desde el deporte en equipo hasta eventos promocionales.","it":"Questa maglietta a maniche corte per bambini \u00e8 realizzata al 100% in poliestere con una maglia interlock per un comfort ottimale. Presenta un collo a V con una banda di pulizia e maniche montate. Gli inserti in contrasto sul petto, sul collo e sui bordi delle maniche aggiungono un tocco di stile. Il tessuto a rapido asciugatura assicura un comfort duraturo durante le attivit\u00e0 fisiche. Questa maglietta \u00e8 personalizzabile, permettendo l'aggiunta del vostro logo o dei vostri visivi per un'identificazione chiara durante eventi sportivi o competizioni. La personalizzazione \u00e8 possibile su diverse zone della maglietta, offrendo una grande flessibilit\u00e0 per soddisfare le vostre esigenze specifiche. Questa maglietta \u00e8 adatta a una variet\u00e0 di attivit\u00e0, dal sport di squadra agli eventi promozionali.","sv":"Denna kort\u00e4rmade tr\u00f6ja f\u00f6r barn \u00e4r tillverkad i 100% polyester med en interlockv\u00e4v f\u00f6r optimal komfort. Den har en V-hals med en renahetsremsa och uppsatta \u00e4rmar. Kontrasterande br\u00f6st-, hals- och \u00e4rmpartier l\u00e4gger till en stilren touch. Det snabbtorkande tyget s\u00e4kerst\u00e4ller best\u00e5ende komfort under fysiska aktiviteter. Denna tr\u00f6ja \u00e4r personliggjord, vilket g\u00f6r det m\u00f6jligt att l\u00e4gga till ditt logotyp eller dina bilder f\u00f6r tydlig identifiering vid idrottsevenemang eller t\u00e4vlingar. Personligg\u00f6ringen \u00e4r m\u00f6jlig p\u00e5 olika omr\u00e5den av tr\u00f6jan, vilket ger stor flexibilitet f\u00f6r att m\u00f6ta dina specifika behov. Denna tr\u00f6ja \u00e4r l\u00e4mplig f\u00f6r en m\u00e4ngd aktiviteter, fr\u00e5n lagidrott till promotional evenemang.","pt":"Esta camisa de manga curta infantil \u00e9 feita de 100% poli\u00e9ster com malha interlock para um conforto \u00f3timo. Ela apresenta um colar em V com uma faixa de higiene e mangas montadas. Detalhes contrastantes no peito, colar e punhos das mangas adicionam um toque de estilo. O tecido de secagem r\u00e1pida garante conforto duradouro durante as atividades f\u00edsicas. Esta camisa \u00e9 personaliz\u00e1vel, permitindo a adi\u00e7\u00e3o do seu logotipo ou visuais para uma identifica\u00e7\u00e3o clara durante eventos esportivos ou competi\u00e7\u00f5es. A personaliza\u00e7\u00e3o \u00e9 poss\u00edvel em diferentes \u00e1reas da camisa, oferecendo grande flexibilidade para atender \u00e0s suas necessidades espec\u00edficas. Esta camisa \u00e9 adequada para uma variedade de atividades, desde esportes em equipe at\u00e9 eventos promocionais.","da":"Denne b\u00f8rns kort\u00e6rmet tr\u00f8je er fremstillet af 100% polyester med en interlockv\u00e6v for optimal komfort. Den har et V-formet krave med en renhedsstrimmel og monterede \u00e6rmer. Kontrastfarvede indl\u00e6g p\u00e5 brystet, kraven og nederste del af \u00e6rmerne tilf\u00f8jer en stilfuld detalje. St\u00f8ffet med hurtig t\u00f8rretid sikrer varig komfort under fysiske aktiviteter. Denne tr\u00f8je er tilpasningsbar, hvilket muligg\u00f8r tilf\u00f8jelse af dit logo eller dine visuelle elementer for klar identifikation under sportslige arrangementer eller konkurrencer. Tilpasning er mulig p\u00e5 forskellige omr\u00e5der af tr\u00f8jen, hvilket giver stor fleksibilitet for at im\u00f8dekomme dine specifikke behov. Denne tr\u00f8je egner sig til en bred vifte af aktiviteter, fra holdspil til promotional arrangementer.\n\n- V\u00e6v: Interlock\n- Krave: V-formet krave med renhedsstrimmel\n- \u00c6rmer: Monterede\n- Indl\u00e6g: Kontrastfarvede bryst, krave og nederste del af \u00e6rmer","pl":"Ta koszulka kr\u00f3tkiego r\u0119kawa dzieci\u0119ca jest wykonana z 100% poliestru z dzianiny interlock dla optymalnego komfortu. Ma wyci\u0119cie V z pasem czysto\u015bci i montowane r\u0119kawy. Kontrastowe wstawki na klatk\u0119 piersiow\u0105, ko\u0142nierz i r\u0119kawy dodaj\u0105 stylu. Tkanina szybko schn\u0105ca zapewnia trwa\u0142y komfort podczas aktywno\u015bci fizycznej. Ta koszulka jest personalizowalna, umo\u017cliwiaj\u0105c dodanie swojego loga lub wizualizacji dla jasnego identyfikatora podczas wydarze\u0144 sportowych lub zawod\u00f3w. Personalizacja jest mo\u017cliwa na r\u00f3\u017cnych cz\u0119\u015bciach koszulki, oferuj\u0105c du\u017c\u0105 elastyczno\u015b\u0107, aby sprosta\u0107 Twoim specyficznym potrzebom. Ta koszulka jest odpowiednia do r\u00f3\u017cnorodnych aktywno\u015bci, od sportu dru\u017cynowego po wydarzenia promocyjne."},"h1":{"fr":"Maillot manches courtes enfant pa4001 personnalis\u00e9","en":"Children's short-sleeved pa4001 personalized jersey","de":"Kurzarmtrikot f\u00fcr Kinder pa4001 personalisiert","nl":"Kindert-shirt met korte mouwen pa4001 aangepast","es":"Camiseta de manga corta infantil pa4001 personalizada","it":"Maglietta a maniche corte per bambini pa4001 personalizzata","sv":"Kort\u00e4rmad tr\u00f6ja f\u00f6r barn pa4001 personliggjord","pt":"Camisa de manga curta infantil pa4001 personalizada","da":"B\u00f8rns kort\u00e6rmet tr\u00f8je pa4001 tilpasset","pl":"Koszulka kr\u00f3tkiego r\u0119kawa dzieci\u0119ca pa4001 personalizowana"},"meta_description":{"fr":"Maillot manches courtes enfant en polyester. Id\u00e9al pour les activit\u00e9s sportives et les \u00e9v\u00e9nements. Possibilit\u00e9 de personnalisation avec votre logo.","en":"Children's short-sleeved jersey in polyester. Ideal for sports activities and events. Possibility of personalization with your logo.","de":"Kurzarmtrikot f\u00fcr Kinder aus Polyester. Ideal f\u00fcr sportliche Aktivit\u00e4ten und Veranstaltungen. M\u00f6glichkeit zur Personalisierung mit Ihrem Logo.","nl":"Kindert-shirt met korte mouwen van polyester. Ideaal voor sportactiviteiten en evenementen. Mogelijkheid tot aanpassing met uw logo.","es":"Camiseta de manga corta infantil en poli\u00e9ster. Ideal para actividades deportivas y eventos. Posibilidad de personalizaci\u00f3n con su logo.","it":"Maglietta a maniche corte per bambini in poliestere. Ideale per attivit\u00e0 sportive ed eventi. Possibilit\u00e0 di personalizzazione con il vostro logo.","sv":"Kort\u00e4rmad tr\u00f6ja f\u00f6r barn i polyester. Idealisk f\u00f6r idrottsaktiviteter och evenemang. M\u00f6jlighet att personligg\u00f6ra med ditt logotyp.","pt":"Camisa de manga curta infantil em poli\u00e9ster. Ideal para atividades esportivas e eventos. Possibilidade de personaliza\u00e7\u00e3o com seu logotipo.","da":"B\u00f8rns kort\u00e6rmet tr\u00f8je i polyester. Ideel til sportslige aktiviteter og arrangementer. Mulighed for tilpasning med dit logo.","pl":"Koszulka kr\u00f3tkiego r\u0119kawa dzieci\u0119ca z poliestru. Idealna na aktywno\u015bci sportowe i wydarzenia. Mo\u017cliwo\u015b\u0107 personalizacji za pomoc\u0105 swojego loga."}}},"categories":[{"id":24,"name":"Tee-shirts","singular":"Tee-shirt","is_feminin":false},{"id":354,"name":"Textile","singular":"Textile","is_feminin":false}],"certifications":[{"id":1,"label":"OEKO-TEX 100","logo_link":"\/images\/certifications\/1_OEKO-TEX_100.jpg","is_marking_compatible":false}],"videos":{"fr":[],"en":[],"de":[],"nl":[],"es":[],"it":[],"sv":[],"pt":[],"da":[],"pl":[]},"main_images":{"miniature":"https:\/\/media.th4.com\/iU-cAPtU3Cy83IAKvlta6JZBPeMUhEEKlKPwMl_E0sk\/pr:80\/aHR0cDovL21lZGlhMi5kZXNpZ25wYXJ0bmVyLmZyL2MvcC1NVC8xNTA0Mi5qcGc?v=1671009072","medium":"https:\/\/media.th4.com\/fX6myDHPBu7FyGtiO3nt5Tox_ywUUelbcKx92uKzicU\/pr:550x550greybg\/aHR0cDovL21lZGlhMi5kZXNpZ25wYXJ0bmVyLmZyL2MvcC1NVC8xNTA0Mi5qcGc?v=1671009072","medium_large":"https:\/\/media.th4.com\/9OefYybEDJOHmCzQ_g6Z3ta2JLKgx6HkUsbPlAANnR0\/pr:1000x1000greybg\/aHR0cDovL21lZGlhMi5kZXNpZ25wYXJ0bmVyLmZyL2MvcC1NVC8xNTA0Mi5qcGc?v=1671009072","large":"https:\/\/media.th4.com\/D9cM6Jgo35UNgrJOPArk811j7RJbOHpJDFZJGpl06gg\/pr:1920greybg\/aHR0cDovL21lZGlhMi5kZXNpZ25wYXJ0bmVyLmZyL2MvcC1NVC8xNTA0Mi5qcGc?v=1671009072","opengraph":"https:\/\/media.th4.com\/bC3_TppDX95DDlSjD9B8PiZw0YTE4RT-jwIFzKoyQ0Y\/pr:1200x630greybg\/aHR0cDovL21lZGlhMi5kZXNpZ25wYXJ0bmVyLmZyL2MvcC1NVC8xNTA0Mi5qcGc?v=1671009072"},"main_images_customization":{"miniature":"https:\/\/media.th4.com\/iU-cAPtU3Cy83IAKvlta6JZBPeMUhEEKlKPwMl_E0sk\/pr:80\/aHR0cDovL21lZGlhMi5kZXNpZ25wYXJ0bmVyLmZyL2MvcC1NVC8xNTA0Mi5qcGc?v=1671009072","medium":"https:\/\/media.th4.com\/fX6myDHPBu7FyGtiO3nt5Tox_ywUUelbcKx92uKzicU\/pr:550x550greybg\/aHR0cDovL21lZGlhMi5kZXNpZ25wYXJ0bmVyLmZyL2MvcC1NVC8xNTA0Mi5qcGc?v=1671009072","medium_large":"https:\/\/media.th4.com\/9OefYybEDJOHmCzQ_g6Z3ta2JLKgx6HkUsbPlAANnR0\/pr:1000x1000greybg\/aHR0cDovL21lZGlhMi5kZXNpZ25wYXJ0bmVyLmZyL2MvcC1NVC8xNTA0Mi5qcGc?v=1671009072","large":"https:\/\/media.th4.com\/D9cM6Jgo35UNgrJOPArk811j7RJbOHpJDFZJGpl06gg\/pr:1920greybg\/aHR0cDovL21lZGlhMi5kZXNpZ25wYXJ0bmVyLmZyL2MvcC1NVC8xNTA0Mi5qcGc?v=1671009072","opengraph":"https:\/\/media.th4.com\/bC3_TppDX95DDlSjD9B8PiZw0YTE4RT-jwIFzKoyQ0Y\/pr:1200x630greybg\/aHR0cDovL21lZGlhMi5kZXNpZ25wYXJ0bmVyLmZyL2MvcC1NVC8xNTA0Mi5qcGc?v=1671009072"},"page_links":{"fr":"\/fr\/p-pr-pa4001-maillot-manches-courtes-enfant-pa4001-15042\/","en":"\/en\/p-pr-pa4001-childrens-short-sleeved-pa4001-jersey-15042\/","de":"\/de\/p-pr-pa4001-kurzarm-trikot-fur-kinder-pa4001-15042\/","nl":"\/nl\/p-pr-pa4001-kinderen-korte-mouwen-shirt-pa4001-15042\/","es":"\/es\/p-pr-pa4001-camiseta-de-manga-corta-para-nino-pa4001-15042\/","it":"\/it\/p-pr-pa4001-maglia-maniche-corte-bambino-pa4001-15042\/","sv":"\/sv\/p-pr-pa4001-barntrika-med-korta-armar-pa4001-15042\/","pt":"\/pt\/p-pr-pa4001-camiseta-de-manga-curta-infantil-pa4001-15042\/","da":"\/da\/p-pr-pa4001-kortaermet-troje-til-born-pa4001-15042\/","pl":"\/pl\/p-pr-pa4001-koszulka-krotkich-rekawow-dla-dzieci-pa4001-15042\/"},"page_links_customization":{"fr":"\/fr\/p-pr-pa4001-maillot-manches-courtes-enfant-pa4001-personnalise-15042\/custom\/","en":"\/en\/p-pr-pa4001-childrens-short-sleeved-pa4001-personalized-jersey-15042\/custom\/","de":"\/de\/p-pr-pa4001-kurzarmtrikot-fur-kinder-pa4001-personalisiert-15042\/custom\/","nl":"\/nl\/p-pr-pa4001-kindert-shirt-met-korte-mouwen-pa4001-aangepast-15042\/custom\/","es":"\/es\/p-pr-pa4001-camiseta-de-manga-corta-infantil-pa4001-personalizada-15042\/custom\/","it":"\/it\/p-pr-pa4001-maglietta-a-maniche-corte-per-bambini-pa4001-personalizzata-15042\/custom\/","sv":"\/sv\/p-pr-pa4001-kortarmad-troja-for-barn-pa4001-personliggjord-15042\/custom\/","pt":"\/pt\/p-pr-pa4001-camisa-de-manga-curta-infantil-pa4001-personalizada-15042\/custom\/","da":"\/da\/p-pr-pa4001-borns-kortaermet-troje-pa4001-tilpasset-15042\/custom\/","pl":"\/pl\/p-pr-pa4001-koszulka-krotkiego-rekawa-dziecieca-pa4001-personalizowana-15042\/custom\/"},"equivalent_products":[],"colors":[{"id":16921,"name":"sporty_navy\/white","class_ids":[2,1],"codes_hexa":["253746","ffffff"],"delai_24":false,"has_3d":false,"seuil_global":0,"stock_local":0,"stock_global":1089,"on_standby":false,"in_catalog":true,"images":{"miniature":["https:\/\/media.th4.com\/GvlnQ9_YjprT762baGDQ6YU2D7ifB70V8bOe5i9WHxw\/pr:80\/aHR0cDovL21lZGlhMi5kZXNpZ25wYXJ0bmVyLmZyL2MvcC8xNTA0Mi8xNTA0Mi0xNjkyMS0xLmpwZw?v=1610005387"],"medium":["https:\/\/media.th4.com\/25A3rFqtBx0ZWqiMBf_EN2uux1DKDCPcCe6GoPsvOd0\/pr:550x550\/aHR0cDovL21lZGlhMi5kZXNpZ25wYXJ0bmVyLmZyL2MvcC8xNTA0Mi8xNTA0Mi0xNjkyMS0xLmpwZw?v=1610005387"],"medium_large":["https:\/\/media.th4.com\/j0XHnVOWAvEACZEIOvcYyhLKBwNwOf2t7xm0IjX-2TY\/pr:1000x1000\/aHR0cDovL21lZGlhMi5kZXNpZ25wYXJ0bmVyLmZyL2MvcC8xNTA0Mi8xNTA0Mi0xNjkyMS0xLmpwZw?v=1610005387"],"large":["https:\/\/media.th4.com\/wQd9H-BWFu-_989eTSpZV0GX2zEIGN-ktAjRqkYnBFA\/pr:1920\/aHR0cDovL21lZGlhMi5kZXNpZ25wYXJ0bmVyLmZyL2MvcC8xNTA0Mi8xNTA0Mi0xNjkyMS0xLmpwZw?v=1610005387"],"opengraph":["https:\/\/media.th4.com\/glY3DyZUsD-zovqU2Rgf-tEg-uOYFYxzjbqtkpudkiE\/pr:1200x630\/aHR0cDovL21lZGlhMi5kZXNpZ25wYXJ0bmVyLmZyL2MvcC8xNTA0Mi8xNTA0Mi0xNjkyMS0xLmpwZw?v=1610005387"]},"images_customization":{"miniature":["https:\/\/media.th4.com\/GvlnQ9_YjprT762baGDQ6YU2D7ifB70V8bOe5i9WHxw\/pr:80\/aHR0cDovL21lZGlhMi5kZXNpZ25wYXJ0bmVyLmZyL2MvcC8xNTA0Mi8xNTA0Mi0xNjkyMS0xLmpwZw?v=1610005387"],"medium":["https:\/\/media.th4.com\/25A3rFqtBx0ZWqiMBf_EN2uux1DKDCPcCe6GoPsvOd0\/pr:550x550\/aHR0cDovL21lZGlhMi5kZXNpZ25wYXJ0bmVyLmZyL2MvcC8xNTA0Mi8xNTA0Mi0xNjkyMS0xLmpwZw?v=1610005387"],"medium_large":["https:\/\/media.th4.com\/j0XHnVOWAvEACZEIOvcYyhLKBwNwOf2t7xm0IjX-2TY\/pr:1000x1000\/aHR0cDovL21lZGlhMi5kZXNpZ25wYXJ0bmVyLmZyL2MvcC8xNTA0Mi8xNTA0Mi0xNjkyMS0xLmpwZw?v=1610005387"],"large":["https:\/\/media.th4.com\/wQd9H-BWFu-_989eTSpZV0GX2zEIGN-ktAjRqkYnBFA\/pr:1920\/aHR0cDovL21lZGlhMi5kZXNpZ25wYXJ0bmVyLmZyL2MvcC8xNTA0Mi8xNTA0Mi0xNjkyMS0xLmpwZw?v=1610005387"],"opengraph":["https:\/\/media.th4.com\/glY3DyZUsD-zovqU2Rgf-tEg-uOYFYxzjbqtkpudkiE\/pr:1200x630\/aHR0cDovL21lZGlhMi5kZXNpZ25wYXJ0bmVyLmZyL2MvcC8xNTA0Mi8xNTA0Mi0xNjkyMS0xLmpwZw?v=1610005387"]},"country_origin":"BD","traceability":{"manufacturing_country_id":null,"weaving_country_id":null,"dyeing_country_id":null},"sizes":[{"id":259,"article_id":379321,"class_id":0,"name":"6\/8","on_standby":false,"stock_local":0,"stock_global":181,"multiple":1,"estimated_date_reassort":null,"is_destocking":false},{"id":239,"article_id":379322,"class_id":0,"name":"8\/10","on_standby":false,"stock_local":0,"stock_global":156,"multiple":1,"estimated_date_reassort":null,"is_destocking":false},{"id":32,"article_id":379323,"class_id":0,"name":"10\/12","on_standby":false,"stock_local":0,"stock_global":257,"multiple":1,"estimated_date_reassort":null,"is_destocking":false},{"id":1157,"article_id":379324,"class_id":0,"name":"12\/14","on_standby":false,"stock_local":0,"stock_global":197,"multiple":1,"estimated_date_reassort":null,"is_destocking":false},{"id":23,"article_id":379320,"class_id":0,"name":"4\/6","on_standby":false,"stock_local":0,"stock_global":298,"multiple":1,"estimated_date_reassort":null,"is_destocking":false}],"page_links":{"fr":"\/fr\/p-pr-pa4001-maillot-manches-courtes-enfant-pa4001-15042\/sporty-navy-white-16921\/","en":"\/en\/p-pr-pa4001-childrens-short-sleeved-pa4001-jersey-15042\/sporty-navy-white-16921\/","de":"\/de\/p-pr-pa4001-kurzarm-trikot-fur-kinder-pa4001-15042\/sporty-navy-white-16921\/","nl":"\/nl\/p-pr-pa4001-kinderen-korte-mouwen-shirt-pa4001-15042\/sporty-navy-white-16921\/","es":"\/es\/p-pr-pa4001-camiseta-de-manga-corta-para-nino-pa4001-15042\/sporty-navy-white-16921\/","it":"\/it\/p-pr-pa4001-maglia-maniche-corte-bambino-pa4001-15042\/sporty-navy-white-16921\/","sv":"\/sv\/p-pr-pa4001-barntrika-med-korta-armar-pa4001-15042\/sporty-navy-white-16921\/","pt":"\/pt\/p-pr-pa4001-camiseta-de-manga-curta-infantil-pa4001-15042\/sporty-navy-white-16921\/","da":"\/da\/p-pr-pa4001-kortaermet-troje-til-born-pa4001-15042\/sporty-navy-white-16921\/","pl":"\/pl\/p-pr-pa4001-koszulka-krotkich-rekawow-dla-dzieci-pa4001-15042\/sporty-navy-white-16921\/"},"page_links_customization":{"fr":"\/fr\/p-pr-pa4001-maillot-manches-courtes-enfant-pa4001-personnalise-15042\/sporty-navy-white-16921\/custom\/","en":"\/en\/p-pr-pa4001-childrens-short-sleeved-pa4001-personalized-jersey-15042\/sporty-navy-white-16921\/custom\/","de":"\/de\/p-pr-pa4001-kurzarmtrikot-fur-kinder-pa4001-personalisiert-15042\/sporty-navy-white-16921\/custom\/","nl":"\/nl\/p-pr-pa4001-kindert-shirt-met-korte-mouwen-pa4001-aangepast-15042\/sporty-navy-white-16921\/custom\/","es":"\/es\/p-pr-pa4001-camiseta-de-manga-corta-infantil-pa4001-personalizada-15042\/sporty-navy-white-16921\/custom\/","it":"\/it\/p-pr-pa4001-maglietta-a-maniche-corte-per-bambini-pa4001-personalizzata-15042\/sporty-navy-white-16921\/custom\/","sv":"\/sv\/p-pr-pa4001-kortarmad-troja-for-barn-pa4001-personliggjord-15042\/sporty-navy-white-16921\/custom\/","pt":"\/pt\/p-pr-pa4001-camisa-de-manga-curta-infantil-pa4001-personalizada-15042\/sporty-navy-white-16921\/custom\/","da":"\/da\/p-pr-pa4001-borns-kortaermet-troje-pa4001-tilpasset-15042\/sporty-navy-white-16921\/custom\/","pl":"\/pl\/p-pr-pa4001-koszulka-krotkiego-rekawa-dziecieca-pa4001-personalizowana-15042\/sporty-navy-white-16921\/custom\/"}},{"id":3720,"name":"black\/white","class_ids":[4,1],"codes_hexa":["1a1a18","fffffd"],"delai_24":false,"has_3d":false,"seuil_global":0,"stock_local":0,"stock_global":838,"on_standby":false,"in_catalog":true,"images":{"miniature":["https:\/\/media.th4.com\/Jz-mVNSSSq-5BIEJ7jg68ioPqTXbq9ITUTHJi7UAW6Y\/pr:80\/aHR0cDovL21lZGlhMi5kZXNpZ25wYXJ0bmVyLmZyL2MvcC8xNTA0Mi8xNTA0Mi0zNzIwLTEuanBn?v=1610005387"],"medium":["https:\/\/media.th4.com\/Y94el2gmt2Hf0v6Vj7DMJtCNQFiVHtgX2gub4paPcb0\/pr:550x550\/aHR0cDovL21lZGlhMi5kZXNpZ25wYXJ0bmVyLmZyL2MvcC8xNTA0Mi8xNTA0Mi0zNzIwLTEuanBn?v=1610005387"],"medium_large":["https:\/\/media.th4.com\/-_hxkM0qUQ6CByRRJlajaqCSd4bCXCG0gmqJRLVQYv8\/pr:1000x1000\/aHR0cDovL21lZGlhMi5kZXNpZ25wYXJ0bmVyLmZyL2MvcC8xNTA0Mi8xNTA0Mi0zNzIwLTEuanBn?v=1610005387"],"large":["https:\/\/media.th4.com\/WYCWI3TGy_ofhjdk-IMCueKCk8C6BeUROofR29oL1LM\/pr:1920\/aHR0cDovL21lZGlhMi5kZXNpZ25wYXJ0bmVyLmZyL2MvcC8xNTA0Mi8xNTA0Mi0zNzIwLTEuanBn?v=1610005387"],"opengraph":["https:\/\/media.th4.com\/_GAJK2U87eu6RKLgK1KyFQ5Wn1p7MI8ufzRdR3Nd9Ik\/pr:1200x630\/aHR0cDovL21lZGlhMi5kZXNpZ25wYXJ0bmVyLmZyL2MvcC8xNTA0Mi8xNTA0Mi0zNzIwLTEuanBn?v=1610005387"]},"images_customization":{"miniature":["https:\/\/media.th4.com\/Jz-mVNSSSq-5BIEJ7jg68ioPqTXbq9ITUTHJi7UAW6Y\/pr:80\/aHR0cDovL21lZGlhMi5kZXNpZ25wYXJ0bmVyLmZyL2MvcC8xNTA0Mi8xNTA0Mi0zNzIwLTEuanBn?v=1610005387"],"medium":["https:\/\/media.th4.com\/Y94el2gmt2Hf0v6Vj7DMJtCNQFiVHtgX2gub4paPcb0\/pr:550x550\/aHR0cDovL21lZGlhMi5kZXNpZ25wYXJ0bmVyLmZyL2MvcC8xNTA0Mi8xNTA0Mi0zNzIwLTEuanBn?v=1610005387"],"medium_large":["https:\/\/media.th4.com\/-_hxkM0qUQ6CByRRJlajaqCSd4bCXCG0gmqJRLVQYv8\/pr:1000x1000\/aHR0cDovL21lZGlhMi5kZXNpZ25wYXJ0bmVyLmZyL2MvcC8xNTA0Mi8xNTA0Mi0zNzIwLTEuanBn?v=1610005387"],"large":["https:\/\/media.th4.com\/WYCWI3TGy_ofhjdk-IMCueKCk8C6BeUROofR29oL1LM\/pr:1920\/aHR0cDovL21lZGlhMi5kZXNpZ25wYXJ0bmVyLmZyL2MvcC8xNTA0Mi8xNTA0Mi0zNzIwLTEuanBn?v=1610005387"],"opengraph":["https:\/\/media.th4.com\/_GAJK2U87eu6RKLgK1KyFQ5Wn1p7MI8ufzRdR3Nd9Ik\/pr:1200x630\/aHR0cDovL21lZGlhMi5kZXNpZ25wYXJ0bmVyLmZyL2MvcC8xNTA0Mi8xNTA0Mi0zNzIwLTEuanBn?v=1610005387"]},"country_origin":"BD","traceability":{"manufacturing_country_id":null,"weaving_country_id":null,"dyeing_country_id":null},"sizes":[{"id":259,"article_id":379306,"class_id":0,"name":"6\/8","on_standby":false,"stock_local":0,"stock_global":125,"multiple":1,"estimated_date_reassort":null,"is_destocking":false},{"id":239,"article_id":379307,"class_id":0,"name":"8\/10","on_standby":false,"stock_local":0,"stock_global":234,"multiple":1,"estimated_date_reassort":null,"is_destocking":false},{"id":32,"article_id":379308,"class_id":0,"name":"10\/12","on_standby":false,"stock_local":0,"stock_global":193,"multiple":1,"estimated_date_reassort":null,"is_destocking":false},{"id":1157,"article_id":379309,"class_id":0,"name":"12\/14","on_standby":false,"stock_local":0,"stock_global":237,"multiple":1,"estimated_date_reassort":null,"is_destocking":false},{"id":23,"article_id":379305,"class_id":0,"name":"4\/6","on_standby":false,"stock_local":0,"stock_global":49,"multiple":1,"estimated_date_reassort":null,"is_destocking":false}],"page_links":{"fr":"\/fr\/p-pr-pa4001-maillot-manches-courtes-enfant-pa4001-15042\/black-white-3720\/","en":"\/en\/p-pr-pa4001-childrens-short-sleeved-pa4001-jersey-15042\/black-white-3720\/","de":"\/de\/p-pr-pa4001-kurzarm-trikot-fur-kinder-pa4001-15042\/black-white-3720\/","nl":"\/nl\/p-pr-pa4001-kinderen-korte-mouwen-shirt-pa4001-15042\/black-white-3720\/","es":"\/es\/p-pr-pa4001-camiseta-de-manga-corta-para-nino-pa4001-15042\/black-white-3720\/","it":"\/it\/p-pr-pa4001-maglia-maniche-corte-bambino-pa4001-15042\/black-white-3720\/","sv":"\/sv\/p-pr-pa4001-barntrika-med-korta-armar-pa4001-15042\/black-white-3720\/","pt":"\/pt\/p-pr-pa4001-camiseta-de-manga-curta-infantil-pa4001-15042\/black-white-3720\/","da":"\/da\/p-pr-pa4001-kortaermet-troje-til-born-pa4001-15042\/black-white-3720\/","pl":"\/pl\/p-pr-pa4001-koszulka-krotkich-rekawow-dla-dzieci-pa4001-15042\/black-white-3720\/"},"page_links_customization":{"fr":"\/fr\/p-pr-pa4001-maillot-manches-courtes-enfant-pa4001-personnalise-15042\/black-white-3720\/custom\/","en":"\/en\/p-pr-pa4001-childrens-short-sleeved-pa4001-personalized-jersey-15042\/black-white-3720\/custom\/","de":"\/de\/p-pr-pa4001-kurzarmtrikot-fur-kinder-pa4001-personalisiert-15042\/black-white-3720\/custom\/","nl":"\/nl\/p-pr-pa4001-kindert-shirt-met-korte-mouwen-pa4001-aangepast-15042\/black-white-3720\/custom\/","es":"\/es\/p-pr-pa4001-camiseta-de-manga-corta-infantil-pa4001-personalizada-15042\/black-white-3720\/custom\/","it":"\/it\/p-pr-pa4001-maglietta-a-maniche-corte-per-bambini-pa4001-personalizzata-15042\/black-white-3720\/custom\/","sv":"\/sv\/p-pr-pa4001-kortarmad-troja-for-barn-pa4001-personliggjord-15042\/black-white-3720\/custom\/","pt":"\/pt\/p-pr-pa4001-camisa-de-manga-curta-infantil-pa4001-personalizada-15042\/black-white-3720\/custom\/","da":"\/da\/p-pr-pa4001-borns-kortaermet-troje-pa4001-tilpasset-15042\/black-white-3720\/custom\/","pl":"\/pl\/p-pr-pa4001-koszulka-krotkiego-rekawa-dziecieca-pa4001-personalizowana-15042\/black-white-3720\/custom\/"}},{"id":12067,"name":"sporty_red\/white","class_ids":[6,1],"codes_hexa":["D42838","ffffff"],"delai_24":false,"has_3d":false,"seuil_global":0,"stock_local":0,"stock_global":736,"on_standby":false,"in_catalog":true,"images":{"miniature":["https:\/\/media.th4.com\/QYwYloSWx7_BE_eRjjz6u0ohyP3c2QpJZ2o4qUdSmOI\/pr:80\/aHR0cDovL21lZGlhMi5kZXNpZ25wYXJ0bmVyLmZyL2MvcC8xNTA0Mi8xNTA0Mi0xMjA2Ny0xLmpwZw?v=1610005387"],"medium":["https:\/\/media.th4.com\/v7bxJPO5baJ_3pH2mLAdbMLtJ-K4LEPmjFHpTOJ-KXU\/pr:550x550\/aHR0cDovL21lZGlhMi5kZXNpZ25wYXJ0bmVyLmZyL2MvcC8xNTA0Mi8xNTA0Mi0xMjA2Ny0xLmpwZw?v=1610005387"],"medium_large":["https:\/\/media.th4.com\/lWjGbswtlAyNSdF_Kv0R0_WcgGRDlB6oKv_JGhoqf3c\/pr:1000x1000\/aHR0cDovL21lZGlhMi5kZXNpZ25wYXJ0bmVyLmZyL2MvcC8xNTA0Mi8xNTA0Mi0xMjA2Ny0xLmpwZw?v=1610005387"],"large":["https:\/\/media.th4.com\/1OzkSm44G6RNLZWje6ir2PJsBRWhxWXGWnfw6GbQ3ho\/pr:1920\/aHR0cDovL21lZGlhMi5kZXNpZ25wYXJ0bmVyLmZyL2MvcC8xNTA0Mi8xNTA0Mi0xMjA2Ny0xLmpwZw?v=1610005387"],"opengraph":["https:\/\/media.th4.com\/7AAHS2I0Wci3z8nh8UfpnmNRSBE5ziXZKAbOGCXZcls\/pr:1200x630\/aHR0cDovL21lZGlhMi5kZXNpZ25wYXJ0bmVyLmZyL2MvcC8xNTA0Mi8xNTA0Mi0xMjA2Ny0xLmpwZw?v=1610005387"]},"images_customization":{"miniature":["https:\/\/media.th4.com\/QYwYloSWx7_BE_eRjjz6u0ohyP3c2QpJZ2o4qUdSmOI\/pr:80\/aHR0cDovL21lZGlhMi5kZXNpZ25wYXJ0bmVyLmZyL2MvcC8xNTA0Mi8xNTA0Mi0xMjA2Ny0xLmpwZw?v=1610005387"],"medium":["https:\/\/media.th4.com\/v7bxJPO5baJ_3pH2mLAdbMLtJ-K4LEPmjFHpTOJ-KXU\/pr:550x550\/aHR0cDovL21lZGlhMi5kZXNpZ25wYXJ0bmVyLmZyL2MvcC8xNTA0Mi8xNTA0Mi0xMjA2Ny0xLmpwZw?v=1610005387"],"medium_large":["https:\/\/media.th4.com\/lWjGbswtlAyNSdF_Kv0R0_WcgGRDlB6oKv_JGhoqf3c\/pr:1000x1000\/aHR0cDovL21lZGlhMi5kZXNpZ25wYXJ0bmVyLmZyL2MvcC8xNTA0Mi8xNTA0Mi0xMjA2Ny0xLmpwZw?v=1610005387"],"large":["https:\/\/media.th4.com\/1OzkSm44G6RNLZWje6ir2PJsBRWhxWXGWnfw6GbQ3ho\/pr:1920\/aHR0cDovL21lZGlhMi5kZXNpZ25wYXJ0bmVyLmZyL2MvcC8xNTA0Mi8xNTA0Mi0xMjA2Ny0xLmpwZw?v=1610005387"],"opengraph":["https:\/\/media.th4.com\/7AAHS2I0Wci3z8nh8UfpnmNRSBE5ziXZKAbOGCXZcls\/pr:1200x630\/aHR0cDovL21lZGlhMi5kZXNpZ25wYXJ0bmVyLmZyL2MvcC8xNTA0Mi8xNTA0Mi0xMjA2Ny0xLmpwZw?v=1610005387"]},"country_origin":"BD","traceability":{"manufacturing_country_id":null,"weaving_country_id":null,"dyeing_country_id":null},"sizes":[{"id":259,"article_id":379326,"class_id":0,"name":"6\/8","on_standby":false,"stock_local":0,"stock_global":5,"multiple":1,"estimated_date_reassort":null,"is_destocking":false},{"id":239,"article_id":379327,"class_id":0,"name":"8\/10","on_standby":false,"stock_local":0,"stock_global":228,"multiple":1,"estimated_date_reassort":null,"is_destocking":false},{"id":32,"article_id":379328,"class_id":0,"name":"10\/12","on_standby":false,"stock_local":0,"stock_global":131,"multiple":1,"estimated_date_reassort":null,"is_destocking":false},{"id":1157,"article_id":379329,"class_id":0,"name":"12\/14","on_standby":false,"stock_local":0,"stock_global":325,"multiple":1,"estimated_date_reassort":null,"is_destocking":false},{"id":23,"article_id":379325,"class_id":0,"name":"4\/6","on_standby":false,"stock_local":0,"stock_global":47,"multiple":1,"estimated_date_reassort":null,"is_destocking":false}],"page_links":{"fr":"\/fr\/p-pr-pa4001-maillot-manches-courtes-enfant-pa4001-15042\/sporty-red-white-12067\/","en":"\/en\/p-pr-pa4001-childrens-short-sleeved-pa4001-jersey-15042\/sporty-red-white-12067\/","de":"\/de\/p-pr-pa4001-kurzarm-trikot-fur-kinder-pa4001-15042\/sporty-red-white-12067\/","nl":"\/nl\/p-pr-pa4001-kinderen-korte-mouwen-shirt-pa4001-15042\/sporty-red-white-12067\/","es":"\/es\/p-pr-pa4001-camiseta-de-manga-corta-para-nino-pa4001-15042\/sporty-red-white-12067\/","it":"\/it\/p-pr-pa4001-maglia-maniche-corte-bambino-pa4001-15042\/sporty-red-white-12067\/","sv":"\/sv\/p-pr-pa4001-barntrika-med-korta-armar-pa4001-15042\/sporty-red-white-12067\/","pt":"\/pt\/p-pr-pa4001-camiseta-de-manga-curta-infantil-pa4001-15042\/sporty-red-white-12067\/","da":"\/da\/p-pr-pa4001-kortaermet-troje-til-born-pa4001-15042\/sporty-red-white-12067\/","pl":"\/pl\/p-pr-pa4001-koszulka-krotkich-rekawow-dla-dzieci-pa4001-15042\/sporty-red-white-12067\/"},"page_links_customization":{"fr":"\/fr\/p-pr-pa4001-maillot-manches-courtes-enfant-pa4001-personnalise-15042\/sporty-red-white-12067\/custom\/","en":"\/en\/p-pr-pa4001-childrens-short-sleeved-pa4001-personalized-jersey-15042\/sporty-red-white-12067\/custom\/","de":"\/de\/p-pr-pa4001-kurzarmtrikot-fur-kinder-pa4001-personalisiert-15042\/sporty-red-white-12067\/custom\/","nl":"\/nl\/p-pr-pa4001-kindert-shirt-met-korte-mouwen-pa4001-aangepast-15042\/sporty-red-white-12067\/custom\/","es":"\/es\/p-pr-pa4001-camiseta-de-manga-corta-infantil-pa4001-personalizada-15042\/sporty-red-white-12067\/custom\/","it":"\/it\/p-pr-pa4001-maglietta-a-maniche-corte-per-bambini-pa4001-personalizzata-15042\/sporty-red-white-12067\/custom\/","sv":"\/sv\/p-pr-pa4001-kortarmad-troja-for-barn-pa4001-personliggjord-15042\/sporty-red-white-12067\/custom\/","pt":"\/pt\/p-pr-pa4001-camisa-de-manga-curta-infantil-pa4001-personalizada-15042\/sporty-red-white-12067\/custom\/","da":"\/da\/p-pr-pa4001-borns-kortaermet-troje-pa4001-tilpasset-15042\/sporty-red-white-12067\/custom\/","pl":"\/pl\/p-pr-pa4001-koszulka-krotkiego-rekawa-dziecieca-pa4001-personalizowana-15042\/sporty-red-white-12067\/custom\/"}},{"id":5541,"name":"white\/black","class_ids":[1,4],"codes_hexa":["ffffff","000000"],"delai_24":false,"has_3d":false,"seuil_global":0,"stock_local":0,"stock_global":698,"on_standby":false,"in_catalog":true,"images":{"miniature":["https:\/\/media.th4.com\/kP4vvyoKwRK0fMgefaI0gjJt1V61Ebrz3hmXKJ9imzY\/pr:80\/aHR0cDovL21lZGlhMi5kZXNpZ25wYXJ0bmVyLmZyL2MvcC8xNTA0Mi8xNTA0Mi01NTQxLTEuanBn?v=1610005387"],"medium":["https:\/\/media.th4.com\/hPcYu4HUYmzXADGnopcP77sNpM-9kq_bkvFfaa1mN1U\/pr:550x550\/aHR0cDovL21lZGlhMi5kZXNpZ25wYXJ0bmVyLmZyL2MvcC8xNTA0Mi8xNTA0Mi01NTQxLTEuanBn?v=1610005387"],"medium_large":["https:\/\/media.th4.com\/x3gPA7nzM0V57njof1Yi9A33tMN3Iu15El6gjk7zMng\/pr:1000x1000\/aHR0cDovL21lZGlhMi5kZXNpZ25wYXJ0bmVyLmZyL2MvcC8xNTA0Mi8xNTA0Mi01NTQxLTEuanBn?v=1610005387"],"large":["https:\/\/media.th4.com\/a7Zi9Oo6PUcvXdRgVbtHtA0kVr99yu53RZVM8xpUefs\/pr:1920\/aHR0cDovL21lZGlhMi5kZXNpZ25wYXJ0bmVyLmZyL2MvcC8xNTA0Mi8xNTA0Mi01NTQxLTEuanBn?v=1610005387"],"opengraph":["https:\/\/media.th4.com\/WQZ2dt3J8bxWoJtr0Ka7zLJ3FSY6NIGwiv1XrTvO6UA\/pr:1200x630\/aHR0cDovL21lZGlhMi5kZXNpZ25wYXJ0bmVyLmZyL2MvcC8xNTA0Mi8xNTA0Mi01NTQxLTEuanBn?v=1610005387"]},"images_customization":{"miniature":["https:\/\/media.th4.com\/kP4vvyoKwRK0fMgefaI0gjJt1V61Ebrz3hmXKJ9imzY\/pr:80\/aHR0cDovL21lZGlhMi5kZXNpZ25wYXJ0bmVyLmZyL2MvcC8xNTA0Mi8xNTA0Mi01NTQxLTEuanBn?v=1610005387"],"medium":["https:\/\/media.th4.com\/hPcYu4HUYmzXADGnopcP77sNpM-9kq_bkvFfaa1mN1U\/pr:550x550\/aHR0cDovL21lZGlhMi5kZXNpZ25wYXJ0bmVyLmZyL2MvcC8xNTA0Mi8xNTA0Mi01NTQxLTEuanBn?v=1610005387"],"medium_large":["https:\/\/media.th4.com\/x3gPA7nzM0V57njof1Yi9A33tMN3Iu15El6gjk7zMng\/pr:1000x1000\/aHR0cDovL21lZGlhMi5kZXNpZ25wYXJ0bmVyLmZyL2MvcC8xNTA0Mi8xNTA0Mi01NTQxLTEuanBn?v=1610005387"],"large":["https:\/\/media.th4.com\/a7Zi9Oo6PUcvXdRgVbtHtA0kVr99yu53RZVM8xpUefs\/pr:1920\/aHR0cDovL21lZGlhMi5kZXNpZ25wYXJ0bmVyLmZyL2MvcC8xNTA0Mi8xNTA0Mi01NTQxLTEuanBn?v=1610005387"],"opengraph":["https:\/\/media.th4.com\/WQZ2dt3J8bxWoJtr0Ka7zLJ3FSY6NIGwiv1XrTvO6UA\/pr:1200x630\/aHR0cDovL21lZGlhMi5kZXNpZ25wYXJ0bmVyLmZyL2MvcC8xNTA0Mi8xNTA0Mi01NTQxLTEuanBn?v=1610005387"]},"country_origin":"BD","traceability":{"manufacturing_country_id":null,"weaving_country_id":null,"dyeing_country_id":null},"sizes":[{"id":259,"article_id":379341,"class_id":0,"name":"6\/8","on_standby":false,"stock_local":0,"stock_global":44,"multiple":1,"estimated_date_reassort":null,"is_destocking":false},{"id":239,"article_id":379342,"class_id":0,"name":"8\/10","on_standby":false,"stock_local":0,"stock_global":83,"multiple":1,"estimated_date_reassort":null,"is_destocking":false},{"id":32,"article_id":379343,"class_id":0,"name":"10\/12","on_standby":false,"stock_local":0,"stock_global":263,"multiple":1,"estimated_date_reassort":null,"is_destocking":false},{"id":23,"article_id":379340,"class_id":0,"name":"4\/6","on_standby":false,"stock_local":0,"stock_global":308,"multiple":1,"estimated_date_reassort":null,"is_destocking":false}],"page_links":{"fr":"\/fr\/p-pr-pa4001-maillot-manches-courtes-enfant-pa4001-15042\/white-black-5541\/","en":"\/en\/p-pr-pa4001-childrens-short-sleeved-pa4001-jersey-15042\/white-black-5541\/","de":"\/de\/p-pr-pa4001-kurzarm-trikot-fur-kinder-pa4001-15042\/white-black-5541\/","nl":"\/nl\/p-pr-pa4001-kinderen-korte-mouwen-shirt-pa4001-15042\/white-black-5541\/","es":"\/es\/p-pr-pa4001-camiseta-de-manga-corta-para-nino-pa4001-15042\/white-black-5541\/","it":"\/it\/p-pr-pa4001-maglia-maniche-corte-bambino-pa4001-15042\/white-black-5541\/","sv":"\/sv\/p-pr-pa4001-barntrika-med-korta-armar-pa4001-15042\/white-black-5541\/","pt":"\/pt\/p-pr-pa4001-camiseta-de-manga-curta-infantil-pa4001-15042\/white-black-5541\/","da":"\/da\/p-pr-pa4001-kortaermet-troje-til-born-pa4001-15042\/white-black-5541\/","pl":"\/pl\/p-pr-pa4001-koszulka-krotkich-rekawow-dla-dzieci-pa4001-15042\/white-black-5541\/"},"page_links_customization":{"fr":"\/fr\/p-pr-pa4001-maillot-manches-courtes-enfant-pa4001-personnalise-15042\/white-black-5541\/custom\/","en":"\/en\/p-pr-pa4001-childrens-short-sleeved-pa4001-personalized-jersey-15042\/white-black-5541\/custom\/","de":"\/de\/p-pr-pa4001-kurzarmtrikot-fur-kinder-pa4001-personalisiert-15042\/white-black-5541\/custom\/","nl":"\/nl\/p-pr-pa4001-kindert-shirt-met-korte-mouwen-pa4001-aangepast-15042\/white-black-5541\/custom\/","es":"\/es\/p-pr-pa4001-camiseta-de-manga-corta-infantil-pa4001-personalizada-15042\/white-black-5541\/custom\/","it":"\/it\/p-pr-pa4001-maglietta-a-maniche-corte-per-bambini-pa4001-personalizzata-15042\/white-black-5541\/custom\/","sv":"\/sv\/p-pr-pa4001-kortarmad-troja-for-barn-pa4001-personliggjord-15042\/white-black-5541\/custom\/","pt":"\/pt\/p-pr-pa4001-camisa-de-manga-curta-infantil-pa4001-personalizada-15042\/white-black-5541\/custom\/","da":"\/da\/p-pr-pa4001-borns-kortaermet-troje-pa4001-tilpasset-15042\/white-black-5541\/custom\/","pl":"\/pl\/p-pr-pa4001-koszulka-krotkiego-rekawa-dziecieca-pa4001-personalizowana-15042\/white-black-5541\/custom\/"}},{"id":12126,"name":"sporty_royal_blue\/white","class_ids":[2,1],"codes_hexa":["0064BD","ffffff"],"delai_24":false,"has_3d":false,"seuil_global":0,"stock_local":0,"stock_global":446,"on_standby":false,"in_catalog":true,"images":{"miniature":["https:\/\/media.th4.com\/bScyeccdoqXPZVhRMswO3JIOrMWOgTDKq4Pryiv24MQ\/pr:80\/aHR0cDovL21lZGlhMi5kZXNpZ25wYXJ0bmVyLmZyL2MvcC8xNTA0Mi8xNTA0Mi0xMjEyNi0xLmpwZw?v=1610005387"],"medium":["https:\/\/media.th4.com\/c_mhJQpRgiiE84qk-wkiBgu_IqbN1_4Yh5yOOIMprmw\/pr:550x550\/aHR0cDovL21lZGlhMi5kZXNpZ25wYXJ0bmVyLmZyL2MvcC8xNTA0Mi8xNTA0Mi0xMjEyNi0xLmpwZw?v=1610005387"],"medium_large":["https:\/\/media.th4.com\/fWVgTeUiK-EoqpE3uuOjj19O2UQgiQMAWGY10CfHrrE\/pr:1000x1000\/aHR0cDovL21lZGlhMi5kZXNpZ25wYXJ0bmVyLmZyL2MvcC8xNTA0Mi8xNTA0Mi0xMjEyNi0xLmpwZw?v=1610005387"],"large":["https:\/\/media.th4.com\/TWWqNYvC2_zXHFobs16v1bKjfm7J1T2vgYO8M2H-w-w\/pr:1920\/aHR0cDovL21lZGlhMi5kZXNpZ25wYXJ0bmVyLmZyL2MvcC8xNTA0Mi8xNTA0Mi0xMjEyNi0xLmpwZw?v=1610005387"],"opengraph":["https:\/\/media.th4.com\/mKWLAtvmLxWyJrj1U-s-lH09lN_sT-tBOJ4kPYDAuq0\/pr:1200x630\/aHR0cDovL21lZGlhMi5kZXNpZ25wYXJ0bmVyLmZyL2MvcC8xNTA0Mi8xNTA0Mi0xMjEyNi0xLmpwZw?v=1610005387"]},"images_customization":{"miniature":["https:\/\/media.th4.com\/bScyeccdoqXPZVhRMswO3JIOrMWOgTDKq4Pryiv24MQ\/pr:80\/aHR0cDovL21lZGlhMi5kZXNpZ25wYXJ0bmVyLmZyL2MvcC8xNTA0Mi8xNTA0Mi0xMjEyNi0xLmpwZw?v=1610005387"],"medium":["https:\/\/media.th4.com\/c_mhJQpRgiiE84qk-wkiBgu_IqbN1_4Yh5yOOIMprmw\/pr:550x550\/aHR0cDovL21lZGlhMi5kZXNpZ25wYXJ0bmVyLmZyL2MvcC8xNTA0Mi8xNTA0Mi0xMjEyNi0xLmpwZw?v=1610005387"],"medium_large":["https:\/\/media.th4.com\/fWVgTeUiK-EoqpE3uuOjj19O2UQgiQMAWGY10CfHrrE\/pr:1000x1000\/aHR0cDovL21lZGlhMi5kZXNpZ25wYXJ0bmVyLmZyL2MvcC8xNTA0Mi8xNTA0Mi0xMjEyNi0xLmpwZw?v=1610005387"],"large":["https:\/\/media.th4.com\/TWWqNYvC2_zXHFobs16v1bKjfm7J1T2vgYO8M2H-w-w\/pr:1920\/aHR0cDovL21lZGlhMi5kZXNpZ25wYXJ0bmVyLmZyL2MvcC8xNTA0Mi8xNTA0Mi0xMjEyNi0xLmpwZw?v=1610005387"],"opengraph":["https:\/\/media.th4.com\/mKWLAtvmLxWyJrj1U-s-lH09lN_sT-tBOJ4kPYDAuq0\/pr:1200x630\/aHR0cDovL21lZGlhMi5kZXNpZ25wYXJ0bmVyLmZyL2MvcC8xNTA0Mi8xNTA0Mi0xMjEyNi0xLmpwZw?v=1610005387"]},"country_origin":"BD","traceability":{"manufacturing_country_id":null,"weaving_country_id":null,"dyeing_country_id":null},"sizes":[{"id":259,"article_id":379331,"class_id":0,"name":"6\/8","on_standby":false,"stock_local":0,"stock_global":28,"multiple":1,"estimated_date_reassort":null,"is_destocking":false},{"id":239,"article_id":379332,"class_id":0,"name":"8\/10","on_standby":false,"stock_local":0,"stock_global":15,"multiple":1,"estimated_date_reassort":null,"is_destocking":false},{"id":32,"article_id":379333,"class_id":0,"name":"10\/12","on_standby":false,"stock_local":0,"stock_global":146,"multiple":1,"estimated_date_reassort":null,"is_destocking":false},{"id":1157,"article_id":379334,"class_id":0,"name":"12\/14","on_standby":false,"stock_local":0,"stock_global":193,"multiple":1,"estimated_date_reassort":null,"is_destocking":false},{"id":23,"article_id":379330,"class_id":0,"name":"4\/6","on_standby":false,"stock_local":0,"stock_global":64,"multiple":1,"estimated_date_reassort":null,"is_destocking":false}],"page_links":{"fr":"\/fr\/p-pr-pa4001-maillot-manches-courtes-enfant-pa4001-15042\/sporty-royal-blue-white-12126\/","en":"\/en\/p-pr-pa4001-childrens-short-sleeved-pa4001-jersey-15042\/sporty-royal-blue-white-12126\/","de":"\/de\/p-pr-pa4001-kurzarm-trikot-fur-kinder-pa4001-15042\/sporty-royal-blue-white-12126\/","nl":"\/nl\/p-pr-pa4001-kinderen-korte-mouwen-shirt-pa4001-15042\/sporty-royal-blue-white-12126\/","es":"\/es\/p-pr-pa4001-camiseta-de-manga-corta-para-nino-pa4001-15042\/sporty-royal-blue-white-12126\/","it":"\/it\/p-pr-pa4001-maglia-maniche-corte-bambino-pa4001-15042\/sporty-royal-blue-white-12126\/","sv":"\/sv\/p-pr-pa4001-barntrika-med-korta-armar-pa4001-15042\/sporty-royal-blue-white-12126\/","pt":"\/pt\/p-pr-pa4001-camiseta-de-manga-curta-infantil-pa4001-15042\/sporty-royal-blue-white-12126\/","da":"\/da\/p-pr-pa4001-kortaermet-troje-til-born-pa4001-15042\/sporty-royal-blue-white-12126\/","pl":"\/pl\/p-pr-pa4001-koszulka-krotkich-rekawow-dla-dzieci-pa4001-15042\/sporty-royal-blue-white-12126\/"},"page_links_customization":{"fr":"\/fr\/p-pr-pa4001-maillot-manches-courtes-enfant-pa4001-personnalise-15042\/sporty-royal-blue-white-12126\/custom\/","en":"\/en\/p-pr-pa4001-childrens-short-sleeved-pa4001-personalized-jersey-15042\/sporty-royal-blue-white-12126\/custom\/","de":"\/de\/p-pr-pa4001-kurzarmtrikot-fur-kinder-pa4001-personalisiert-15042\/sporty-royal-blue-white-12126\/custom\/","nl":"\/nl\/p-pr-pa4001-kindert-shirt-met-korte-mouwen-pa4001-aangepast-15042\/sporty-royal-blue-white-12126\/custom\/","es":"\/es\/p-pr-pa4001-camiseta-de-manga-corta-infantil-pa4001-personalizada-15042\/sporty-royal-blue-white-12126\/custom\/","it":"\/it\/p-pr-pa4001-maglietta-a-maniche-corte-per-bambini-pa4001-personalizzata-15042\/sporty-royal-blue-white-12126\/custom\/","sv":"\/sv\/p-pr-pa4001-kortarmad-troja-for-barn-pa4001-personliggjord-15042\/sporty-royal-blue-white-12126\/custom\/","pt":"\/pt\/p-pr-pa4001-camisa-de-manga-curta-infantil-pa4001-personalizada-15042\/sporty-royal-blue-white-12126\/custom\/","da":"\/da\/p-pr-pa4001-borns-kortaermet-troje-pa4001-tilpasset-15042\/sporty-royal-blue-white-12126\/custom\/","pl":"\/pl\/p-pr-pa4001-koszulka-krotkiego-rekawa-dziecieca-pa4001-personalizowana-15042\/sporty-royal-blue-white-12126\/custom\/"}},{"id":5543,"name":"green\/white","class_ids":[5,1],"codes_hexa":["268537","ffffff"],"delai_24":false,"has_3d":false,"seuil_global":0,"stock_local":0,"stock_global":0,"on_standby":true,"in_catalog":false,"images":{"miniature":["https:\/\/media.th4.com\/CJJPdADwNyZlK7S8SMIxo5ZX4Oq338osXHnR4QltF7w\/pr:80\/aHR0cDovL21lZGlhMi5kZXNpZ25wYXJ0bmVyLmZyL2MvcC8xNTA0Mi8xNTA0Mi01NTQzLTEuanBn?v=1610005387"],"medium":["https:\/\/media.th4.com\/wVSGnMONZfnZ4-T043hGctm_gXlRJ8Dbi_0S5bMVth4\/pr:550x550\/aHR0cDovL21lZGlhMi5kZXNpZ25wYXJ0bmVyLmZyL2MvcC8xNTA0Mi8xNTA0Mi01NTQzLTEuanBn?v=1610005387"],"medium_large":["https:\/\/media.th4.com\/ZvkfgOyDNj4R0YY5z1zfoLV6I4EDpHIyacbOXXBVmyM\/pr:1000x1000\/aHR0cDovL21lZGlhMi5kZXNpZ25wYXJ0bmVyLmZyL2MvcC8xNTA0Mi8xNTA0Mi01NTQzLTEuanBn?v=1610005387"],"large":["https:\/\/media.th4.com\/8LGz87CYetBPlK5XBKmpET8Y7u9PS8oz4vyP-m3r1m0\/pr:1920\/aHR0cDovL21lZGlhMi5kZXNpZ25wYXJ0bmVyLmZyL2MvcC8xNTA0Mi8xNTA0Mi01NTQzLTEuanBn?v=1610005387"],"opengraph":["https:\/\/media.th4.com\/VQGCptBz3215MdI4MEv_QuNkP5fC1kKlROuowdspDqE\/pr:1200x630\/aHR0cDovL21lZGlhMi5kZXNpZ25wYXJ0bmVyLmZyL2MvcC8xNTA0Mi8xNTA0Mi01NTQzLTEuanBn?v=1610005387"]},"images_customization":{"miniature":["https:\/\/media.th4.com\/CJJPdADwNyZlK7S8SMIxo5ZX4Oq338osXHnR4QltF7w\/pr:80\/aHR0cDovL21lZGlhMi5kZXNpZ25wYXJ0bmVyLmZyL2MvcC8xNTA0Mi8xNTA0Mi01NTQzLTEuanBn?v=1610005387"],"medium":["https:\/\/media.th4.com\/wVSGnMONZfnZ4-T043hGctm_gXlRJ8Dbi_0S5bMVth4\/pr:550x550\/aHR0cDovL21lZGlhMi5kZXNpZ25wYXJ0bmVyLmZyL2MvcC8xNTA0Mi8xNTA0Mi01NTQzLTEuanBn?v=1610005387"],"medium_large":["https:\/\/media.th4.com\/ZvkfgOyDNj4R0YY5z1zfoLV6I4EDpHIyacbOXXBVmyM\/pr:1000x1000\/aHR0cDovL21lZGlhMi5kZXNpZ25wYXJ0bmVyLmZyL2MvcC8xNTA0Mi8xNTA0Mi01NTQzLTEuanBn?v=1610005387"],"large":["https:\/\/media.th4.com\/8LGz87CYetBPlK5XBKmpET8Y7u9PS8oz4vyP-m3r1m0\/pr:1920\/aHR0cDovL21lZGlhMi5kZXNpZ25wYXJ0bmVyLmZyL2MvcC8xNTA0Mi8xNTA0Mi01NTQzLTEuanBn?v=1610005387"],"opengraph":["https:\/\/media.th4.com\/VQGCptBz3215MdI4MEv_QuNkP5fC1kKlROuowdspDqE\/pr:1200x630\/aHR0cDovL21lZGlhMi5kZXNpZ25wYXJ0bmVyLmZyL2MvcC8xNTA0Mi8xNTA0Mi01NTQzLTEuanBn?v=1610005387"]},"country_origin":"BD","traceability":{"manufacturing_country_id":null,"weaving_country_id":null,"dyeing_country_id":null},"sizes":[],"page_links":{"fr":"\/fr\/p-pr-pa4001-maillot-manches-courtes-enfant-pa4001-15042\/green-white-5543\/","en":"\/en\/p-pr-pa4001-childrens-short-sleeved-pa4001-jersey-15042\/green-white-5543\/","de":"\/de\/p-pr-pa4001-kurzarm-trikot-fur-kinder-pa4001-15042\/green-white-5543\/","nl":"\/nl\/p-pr-pa4001-kinderen-korte-mouwen-shirt-pa4001-15042\/green-white-5543\/","es":"\/es\/p-pr-pa4001-camiseta-de-manga-corta-para-nino-pa4001-15042\/green-white-5543\/","it":"\/it\/p-pr-pa4001-maglia-maniche-corte-bambino-pa4001-15042\/green-white-5543\/","sv":"\/sv\/p-pr-pa4001-barntrika-med-korta-armar-pa4001-15042\/green-white-5543\/","pt":"\/pt\/p-pr-pa4001-camiseta-de-manga-curta-infantil-pa4001-15042\/green-white-5543\/","da":"\/da\/p-pr-pa4001-kortaermet-troje-til-born-pa4001-15042\/green-white-5543\/","pl":"\/pl\/p-pr-pa4001-koszulka-krotkich-rekawow-dla-dzieci-pa4001-15042\/green-white-5543\/"},"page_links_customization":{"fr":"\/fr\/p-pr-pa4001-maillot-manches-courtes-enfant-pa4001-personnalise-15042\/green-white-5543\/custom\/","en":"\/en\/p-pr-pa4001-childrens-short-sleeved-pa4001-personalized-jersey-15042\/green-white-5543\/custom\/","de":"\/de\/p-pr-pa4001-kurzarmtrikot-fur-kinder-pa4001-personalisiert-15042\/green-white-5543\/custom\/","nl":"\/nl\/p-pr-pa4001-kindert-shirt-met-korte-mouwen-pa4001-aangepast-15042\/green-white-5543\/custom\/","es":"\/es\/p-pr-pa4001-camiseta-de-manga-corta-infantil-pa4001-personalizada-15042\/green-white-5543\/custom\/","it":"\/it\/p-pr-pa4001-maglietta-a-maniche-corte-per-bambini-pa4001-personalizzata-15042\/green-white-5543\/custom\/","sv":"\/sv\/p-pr-pa4001-kortarmad-troja-for-barn-pa4001-personliggjord-15042\/green-white-5543\/custom\/","pt":"\/pt\/p-pr-pa4001-camisa-de-manga-curta-infantil-pa4001-personalizada-15042\/green-white-5543\/custom\/","da":"\/da\/p-pr-pa4001-borns-kortaermet-troje-pa4001-tilpasset-15042\/green-white-5543\/custom\/","pl":"\/pl\/p-pr-pa4001-koszulka-krotkiego-rekawa-dziecieca-pa4001-personalizowana-15042\/green-white-5543\/custom\/"}},{"id":16919,"name":"orange\/black","class_ids":[9,4],"codes_hexa":["dd7d1b","1a1a18"],"delai_24":false,"has_3d":false,"seuil_global":0,"stock_local":0,"stock_global":0,"on_standby":true,"in_catalog":false,"images":{"miniature":["https:\/\/media.th4.com\/iA603zqWVDuOTOyWa3KJ4GNXTrvMf70RsIYcvCzI_do\/pr:80\/aHR0cDovL21lZGlhMi5kZXNpZ25wYXJ0bmVyLmZyL2MvcC8xNTA0Mi8xNTA0Mi0xNjkxOS0xLmpwZw?v=1610005388"],"medium":["https:\/\/media.th4.com\/q_J2iLv3-YcWVNtC75ukGNUnQTtn-x3AtonF5y1B10E\/pr:550x550\/aHR0cDovL21lZGlhMi5kZXNpZ25wYXJ0bmVyLmZyL2MvcC8xNTA0Mi8xNTA0Mi0xNjkxOS0xLmpwZw?v=1610005388"],"medium_large":["https:\/\/media.th4.com\/IPAbPzM-qWnbOf96HABuQqaUFMIln-IyR06qRGbdLsY\/pr:1000x1000\/aHR0cDovL21lZGlhMi5kZXNpZ25wYXJ0bmVyLmZyL2MvcC8xNTA0Mi8xNTA0Mi0xNjkxOS0xLmpwZw?v=1610005388"],"large":["https:\/\/media.th4.com\/5WiG0ixih5je_tyb-Q7vvh57dJ2w4Jvk0r26z1T7PDE\/pr:1920\/aHR0cDovL21lZGlhMi5kZXNpZ25wYXJ0bmVyLmZyL2MvcC8xNTA0Mi8xNTA0Mi0xNjkxOS0xLmpwZw?v=1610005388"],"opengraph":["https:\/\/media.th4.com\/SB9BYuQ-__P_LPkJNSYV0uxjWneTw2qcqqYI7r9nNx8\/pr:1200x630\/aHR0cDovL21lZGlhMi5kZXNpZ25wYXJ0bmVyLmZyL2MvcC8xNTA0Mi8xNTA0Mi0xNjkxOS0xLmpwZw?v=1610005388"]},"images_customization":{"miniature":["https:\/\/media.th4.com\/iA603zqWVDuOTOyWa3KJ4GNXTrvMf70RsIYcvCzI_do\/pr:80\/aHR0cDovL21lZGlhMi5kZXNpZ25wYXJ0bmVyLmZyL2MvcC8xNTA0Mi8xNTA0Mi0xNjkxOS0xLmpwZw?v=1610005388"],"medium":["https:\/\/media.th4.com\/q_J2iLv3-YcWVNtC75ukGNUnQTtn-x3AtonF5y1B10E\/pr:550x550\/aHR0cDovL21lZGlhMi5kZXNpZ25wYXJ0bmVyLmZyL2MvcC8xNTA0Mi8xNTA0Mi0xNjkxOS0xLmpwZw?v=1610005388"],"medium_large":["https:\/\/media.th4.com\/IPAbPzM-qWnbOf96HABuQqaUFMIln-IyR06qRGbdLsY\/pr:1000x1000\/aHR0cDovL21lZGlhMi5kZXNpZ25wYXJ0bmVyLmZyL2MvcC8xNTA0Mi8xNTA0Mi0xNjkxOS0xLmpwZw?v=1610005388"],"large":["https:\/\/media.th4.com\/5WiG0ixih5je_tyb-Q7vvh57dJ2w4Jvk0r26z1T7PDE\/pr:1920\/aHR0cDovL21lZGlhMi5kZXNpZ25wYXJ0bmVyLmZyL2MvcC8xNTA0Mi8xNTA0Mi0xNjkxOS0xLmpwZw?v=1610005388"],"opengraph":["https:\/\/media.th4.com\/SB9BYuQ-__P_LPkJNSYV0uxjWneTw2qcqqYI7r9nNx8\/pr:1200x630\/aHR0cDovL21lZGlhMi5kZXNpZ25wYXJ0bmVyLmZyL2MvcC8xNTA0Mi8xNTA0Mi0xNjkxOS0xLmpwZw?v=1610005388"]},"country_origin":"BD","traceability":{"manufacturing_country_id":null,"weaving_country_id":null,"dyeing_country_id":null},"sizes":[],"page_links":{"fr":"\/fr\/p-pr-pa4001-maillot-manches-courtes-enfant-pa4001-15042\/orange-black-16919\/","en":"\/en\/p-pr-pa4001-childrens-short-sleeved-pa4001-jersey-15042\/orange-black-16919\/","de":"\/de\/p-pr-pa4001-kurzarm-trikot-fur-kinder-pa4001-15042\/orange-black-16919\/","nl":"\/nl\/p-pr-pa4001-kinderen-korte-mouwen-shirt-pa4001-15042\/orange-black-16919\/","es":"\/es\/p-pr-pa4001-camiseta-de-manga-corta-para-nino-pa4001-15042\/orange-black-16919\/","it":"\/it\/p-pr-pa4001-maglia-maniche-corte-bambino-pa4001-15042\/orange-black-16919\/","sv":"\/sv\/p-pr-pa4001-barntrika-med-korta-armar-pa4001-15042\/orange-black-16919\/","pt":"\/pt\/p-pr-pa4001-camiseta-de-manga-curta-infantil-pa4001-15042\/orange-black-16919\/","da":"\/da\/p-pr-pa4001-kortaermet-troje-til-born-pa4001-15042\/orange-black-16919\/","pl":"\/pl\/p-pr-pa4001-koszulka-krotkich-rekawow-dla-dzieci-pa4001-15042\/orange-black-16919\/"},"page_links_customization":{"fr":"\/fr\/p-pr-pa4001-maillot-manches-courtes-enfant-pa4001-personnalise-15042\/orange-black-16919\/custom\/","en":"\/en\/p-pr-pa4001-childrens-short-sleeved-pa4001-personalized-jersey-15042\/orange-black-16919\/custom\/","de":"\/de\/p-pr-pa4001-kurzarmtrikot-fur-kinder-pa4001-personalisiert-15042\/orange-black-16919\/custom\/","nl":"\/nl\/p-pr-pa4001-kindert-shirt-met-korte-mouwen-pa4001-aangepast-15042\/orange-black-16919\/custom\/","es":"\/es\/p-pr-pa4001-camiseta-de-manga-corta-infantil-pa4001-personalizada-15042\/orange-black-16919\/custom\/","it":"\/it\/p-pr-pa4001-maglietta-a-maniche-corte-per-bambini-pa4001-personalizzata-15042\/orange-black-16919\/custom\/","sv":"\/sv\/p-pr-pa4001-kortarmad-troja-for-barn-pa4001-personliggjord-15042\/orange-black-16919\/custom\/","pt":"\/pt\/p-pr-pa4001-camisa-de-manga-curta-infantil-pa4001-personalizada-15042\/orange-black-16919\/custom\/","da":"\/da\/p-pr-pa4001-borns-kortaermet-troje-pa4001-tilpasset-15042\/orange-black-16919\/custom\/","pl":"\/pl\/p-pr-pa4001-koszulka-krotkiego-rekawa-dziecieca-pa4001-personalizowana-15042\/orange-black-16919\/custom\/"}},{"id":12070,"name":"sporty_yellow\/black","class_ids":[12,4],"codes_hexa":["FEC92E","000000"],"delai_24":false,"has_3d":false,"seuil_global":0,"stock_local":0,"stock_global":0,"on_standby":true,"in_catalog":false,"images":{"miniature":["https:\/\/media.th4.com\/2eGvTz6r8J6yHtyqUZ7gKs7PBHEWRFUyM1QaQuYaXNA\/pr:80\/aHR0cDovL21lZGlhMi5kZXNpZ25wYXJ0bmVyLmZyL2MvcC8xNTA0Mi8xNTA0Mi0xMjA3MC0xLmpwZw?v=1610005387"],"medium":["https:\/\/media.th4.com\/e0_gkpn8NEgsjAwwwiHWxlwTwPMk7nUH1INzLUpVrsM\/pr:550x550\/aHR0cDovL21lZGlhMi5kZXNpZ25wYXJ0bmVyLmZyL2MvcC8xNTA0Mi8xNTA0Mi0xMjA3MC0xLmpwZw?v=1610005387"],"medium_large":["https:\/\/media.th4.com\/qMsb30G0uzV54KShnTuAr-9tO8vO1SL4ca0dBDJUl5w\/pr:1000x1000\/aHR0cDovL21lZGlhMi5kZXNpZ25wYXJ0bmVyLmZyL2MvcC8xNTA0Mi8xNTA0Mi0xMjA3MC0xLmpwZw?v=1610005387"],"large":["https:\/\/media.th4.com\/aXvyWMLtctvlNO6czz-T5_Zhqb7ZRePU4RGiLdbunTk\/pr:1920\/aHR0cDovL21lZGlhMi5kZXNpZ25wYXJ0bmVyLmZyL2MvcC8xNTA0Mi8xNTA0Mi0xMjA3MC0xLmpwZw?v=1610005387"],"opengraph":["https:\/\/media.th4.com\/AKwR0EpHlyUjzZR6P1ccETzZ1636x1Qx5Way-h3rC4k\/pr:1200x630\/aHR0cDovL21lZGlhMi5kZXNpZ25wYXJ0bmVyLmZyL2MvcC8xNTA0Mi8xNTA0Mi0xMjA3MC0xLmpwZw?v=1610005387"]},"images_customization":{"miniature":["https:\/\/media.th4.com\/2eGvTz6r8J6yHtyqUZ7gKs7PBHEWRFUyM1QaQuYaXNA\/pr:80\/aHR0cDovL21lZGlhMi5kZXNpZ25wYXJ0bmVyLmZyL2MvcC8xNTA0Mi8xNTA0Mi0xMjA3MC0xLmpwZw?v=1610005387"],"medium":["https:\/\/media.th4.com\/e0_gkpn8NEgsjAwwwiHWxlwTwPMk7nUH1INzLUpVrsM\/pr:550x550\/aHR0cDovL21lZGlhMi5kZXNpZ25wYXJ0bmVyLmZyL2MvcC8xNTA0Mi8xNTA0Mi0xMjA3MC0xLmpwZw?v=1610005387"],"medium_large":["https:\/\/media.th4.com\/qMsb30G0uzV54KShnTuAr-9tO8vO1SL4ca0dBDJUl5w\/pr:1000x1000\/aHR0cDovL21lZGlhMi5kZXNpZ25wYXJ0bmVyLmZyL2MvcC8xNTA0Mi8xNTA0Mi0xMjA3MC0xLmpwZw?v=1610005387"],"large":["https:\/\/media.th4.com\/aXvyWMLtctvlNO6czz-T5_Zhqb7ZRePU4RGiLdbunTk\/pr:1920\/aHR0cDovL21lZGlhMi5kZXNpZ25wYXJ0bmVyLmZyL2MvcC8xNTA0Mi8xNTA0Mi0xMjA3MC0xLmpwZw?v=1610005387"],"opengraph":["https:\/\/media.th4.com\/AKwR0EpHlyUjzZR6P1ccETzZ1636x1Qx5Way-h3rC4k\/pr:1200x630\/aHR0cDovL21lZGlhMi5kZXNpZ25wYXJ0bmVyLmZyL2MvcC8xNTA0Mi8xNTA0Mi0xMjA3MC0xLmpwZw?v=1610005387"]},"country_origin":"BD","traceability":{"manufacturing_country_id":null,"weaving_country_id":null,"dyeing_country_id":null},"sizes":[],"page_links":{"fr":"\/fr\/p-pr-pa4001-maillot-manches-courtes-enfant-pa4001-15042\/sporty-yellow-black-12070\/","en":"\/en\/p-pr-pa4001-childrens-short-sleeved-pa4001-jersey-15042\/sporty-yellow-black-12070\/","de":"\/de\/p-pr-pa4001-kurzarm-trikot-fur-kinder-pa4001-15042\/sporty-yellow-black-12070\/","nl":"\/nl\/p-pr-pa4001-kinderen-korte-mouwen-shirt-pa4001-15042\/sporty-yellow-black-12070\/","es":"\/es\/p-pr-pa4001-camiseta-de-manga-corta-para-nino-pa4001-15042\/sporty-yellow-black-12070\/","it":"\/it\/p-pr-pa4001-maglia-maniche-corte-bambino-pa4001-15042\/sporty-yellow-black-12070\/","sv":"\/sv\/p-pr-pa4001-barntrika-med-korta-armar-pa4001-15042\/sporty-yellow-black-12070\/","pt":"\/pt\/p-pr-pa4001-camiseta-de-manga-curta-infantil-pa4001-15042\/sporty-yellow-black-12070\/","da":"\/da\/p-pr-pa4001-kortaermet-troje-til-born-pa4001-15042\/sporty-yellow-black-12070\/","pl":"\/pl\/p-pr-pa4001-koszulka-krotkich-rekawow-dla-dzieci-pa4001-15042\/sporty-yellow-black-12070\/"},"page_links_customization":{"fr":"\/fr\/p-pr-pa4001-maillot-manches-courtes-enfant-pa4001-personnalise-15042\/sporty-yellow-black-12070\/custom\/","en":"\/en\/p-pr-pa4001-childrens-short-sleeved-pa4001-personalized-jersey-15042\/sporty-yellow-black-12070\/custom\/","de":"\/de\/p-pr-pa4001-kurzarmtrikot-fur-kinder-pa4001-personalisiert-15042\/sporty-yellow-black-12070\/custom\/","nl":"\/nl\/p-pr-pa4001-kindert-shirt-met-korte-mouwen-pa4001-aangepast-15042\/sporty-yellow-black-12070\/custom\/","es":"\/es\/p-pr-pa4001-camiseta-de-manga-corta-infantil-pa4001-personalizada-15042\/sporty-yellow-black-12070\/custom\/","it":"\/it\/p-pr-pa4001-maglietta-a-maniche-corte-per-bambini-pa4001-personalizzata-15042\/sporty-yellow-black-12070\/custom\/","sv":"\/sv\/p-pr-pa4001-kortarmad-troja-for-barn-pa4001-personliggjord-15042\/sporty-yellow-black-12070\/custom\/","pt":"\/pt\/p-pr-pa4001-camisa-de-manga-curta-infantil-pa4001-personalizada-15042\/sporty-yellow-black-12070\/custom\/","da":"\/da\/p-pr-pa4001-borns-kortaermet-troje-pa4001-tilpasset-15042\/sporty-yellow-black-12070\/custom\/","pl":"\/pl\/p-pr-pa4001-koszulka-krotkiego-rekawa-dziecieca-pa4001-personalizowana-15042\/sporty-yellow-black-12070\/custom\/"}},{"id":12114,"name":"white\/sporty_red","class_ids":[1,6],"codes_hexa":["FFFFFF","B5122E"],"delai_24":false,"has_3d":false,"seuil_global":0,"stock_local":0,"stock_global":0,"on_standby":true,"in_catalog":false,"images":{"miniature":["https:\/\/media.th4.com\/toeCHLIBzTodlcLyhDbwQQMT39dxx5sUAwdK99B649Q\/pr:80\/aHR0cDovL21lZGlhMi5kZXNpZ25wYXJ0bmVyLmZyL2MvcC8xNTA0Mi8xNTA0Mi0xMjExNC0xLmpwZw?v=1610005390"],"medium":["https:\/\/media.th4.com\/Ah3AZRD8kklJnFtvVLz4zGxut8oQXGsd-LqxIPI2xDE\/pr:550x550\/aHR0cDovL21lZGlhMi5kZXNpZ25wYXJ0bmVyLmZyL2MvcC8xNTA0Mi8xNTA0Mi0xMjExNC0xLmpwZw?v=1610005390"],"medium_large":["https:\/\/media.th4.com\/OhQkf4KHZdraG2KCW8si6gNOfPG2x-lq5S_NWr82HbY\/pr:1000x1000\/aHR0cDovL21lZGlhMi5kZXNpZ25wYXJ0bmVyLmZyL2MvcC8xNTA0Mi8xNTA0Mi0xMjExNC0xLmpwZw?v=1610005390"],"large":["https:\/\/media.th4.com\/bNKOFTVuIdlbHmMEUf6I-4vZXR34wHw7Vuh2TxkBZMo\/pr:1920\/aHR0cDovL21lZGlhMi5kZXNpZ25wYXJ0bmVyLmZyL2MvcC8xNTA0Mi8xNTA0Mi0xMjExNC0xLmpwZw?v=1610005390"],"opengraph":["https:\/\/media.th4.com\/p3ldnlxspuKjM7W4TIvHneuIOvT4SS_tXmsH29KITaw\/pr:1200x630\/aHR0cDovL21lZGlhMi5kZXNpZ25wYXJ0bmVyLmZyL2MvcC8xNTA0Mi8xNTA0Mi0xMjExNC0xLmpwZw?v=1610005390"]},"images_customization":{"miniature":["https:\/\/media.th4.com\/toeCHLIBzTodlcLyhDbwQQMT39dxx5sUAwdK99B649Q\/pr:80\/aHR0cDovL21lZGlhMi5kZXNpZ25wYXJ0bmVyLmZyL2MvcC8xNTA0Mi8xNTA0Mi0xMjExNC0xLmpwZw?v=1610005390"],"medium":["https:\/\/media.th4.com\/Ah3AZRD8kklJnFtvVLz4zGxut8oQXGsd-LqxIPI2xDE\/pr:550x550\/aHR0cDovL21lZGlhMi5kZXNpZ25wYXJ0bmVyLmZyL2MvcC8xNTA0Mi8xNTA0Mi0xMjExNC0xLmpwZw?v=1610005390"],"medium_large":["https:\/\/media.th4.com\/OhQkf4KHZdraG2KCW8si6gNOfPG2x-lq5S_NWr82HbY\/pr:1000x1000\/aHR0cDovL21lZGlhMi5kZXNpZ25wYXJ0bmVyLmZyL2MvcC8xNTA0Mi8xNTA0Mi0xMjExNC0xLmpwZw?v=1610005390"],"large":["https:\/\/media.th4.com\/bNKOFTVuIdlbHmMEUf6I-4vZXR34wHw7Vuh2TxkBZMo\/pr:1920\/aHR0cDovL21lZGlhMi5kZXNpZ25wYXJ0bmVyLmZyL2MvcC8xNTA0Mi8xNTA0Mi0xMjExNC0xLmpwZw?v=1610005390"],"opengraph":["https:\/\/media.th4.com\/p3ldnlxspuKjM7W4TIvHneuIOvT4SS_tXmsH29KITaw\/pr:1200x630\/aHR0cDovL21lZGlhMi5kZXNpZ25wYXJ0bmVyLmZyL2MvcC8xNTA0Mi8xNTA0Mi0xMjExNC0xLmpwZw?v=1610005390"]},"country_origin":"BD","traceability":{"manufacturing_country_id":null,"weaving_country_id":null,"dyeing_country_id":null},"sizes":[],"page_links":{"fr":"\/fr\/p-pr-pa4001-maillot-manches-courtes-enfant-pa4001-15042\/white-sporty-red-12114\/","en":"\/en\/p-pr-pa4001-childrens-short-sleeved-pa4001-jersey-15042\/white-sporty-red-12114\/","de":"\/de\/p-pr-pa4001-kurzarm-trikot-fur-kinder-pa4001-15042\/white-sporty-red-12114\/","nl":"\/nl\/p-pr-pa4001-kinderen-korte-mouwen-shirt-pa4001-15042\/white-sporty-red-12114\/","es":"\/es\/p-pr-pa4001-camiseta-de-manga-corta-para-nino-pa4001-15042\/white-sporty-red-12114\/","it":"\/it\/p-pr-pa4001-maglia-maniche-corte-bambino-pa4001-15042\/white-sporty-red-12114\/","sv":"\/sv\/p-pr-pa4001-barntrika-med-korta-armar-pa4001-15042\/white-sporty-red-12114\/","pt":"\/pt\/p-pr-pa4001-camiseta-de-manga-curta-infantil-pa4001-15042\/white-sporty-red-12114\/","da":"\/da\/p-pr-pa4001-kortaermet-troje-til-born-pa4001-15042\/white-sporty-red-12114\/","pl":"\/pl\/p-pr-pa4001-koszulka-krotkich-rekawow-dla-dzieci-pa4001-15042\/white-sporty-red-12114\/"},"page_links_customization":{"fr":"\/fr\/p-pr-pa4001-maillot-manches-courtes-enfant-pa4001-personnalise-15042\/white-sporty-red-12114\/custom\/","en":"\/en\/p-pr-pa4001-childrens-short-sleeved-pa4001-personalized-jersey-15042\/white-sporty-red-12114\/custom\/","de":"\/de\/p-pr-pa4001-kurzarmtrikot-fur-kinder-pa4001-personalisiert-15042\/white-sporty-red-12114\/custom\/","nl":"\/nl\/p-pr-pa4001-kindert-shirt-met-korte-mouwen-pa4001-aangepast-15042\/white-sporty-red-12114\/custom\/","es":"\/es\/p-pr-pa4001-camiseta-de-manga-corta-infantil-pa4001-personalizada-15042\/white-sporty-red-12114\/custom\/","it":"\/it\/p-pr-pa4001-maglietta-a-maniche-corte-per-bambini-pa4001-personalizzata-15042\/white-sporty-red-12114\/custom\/","sv":"\/sv\/p-pr-pa4001-kortarmad-troja-for-barn-pa4001-personliggjord-15042\/white-sporty-red-12114\/custom\/","pt":"\/pt\/p-pr-pa4001-camisa-de-manga-curta-infantil-pa4001-personalizada-15042\/white-sporty-red-12114\/custom\/","da":"\/da\/p-pr-pa4001-borns-kortaermet-troje-pa4001-tilpasset-15042\/white-sporty-red-12114\/custom\/","pl":"\/pl\/p-pr-pa4001-koszulka-krotkiego-rekawa-dziecieca-pa4001-personalizowana-15042\/white-sporty-red-12114\/custom\/"}}],"documentation_link":"\/pdf\/15042.pdf","countries_availables":["AD","AE","AL","AT","BA","BD","BE","BG","BL","CA","CH","CN","CO","CY","CZ","DE","DK","DO","EE","EG","ES","ET","FI","FR","GB","GE","GF","GP","GR","GT","HK","HN","HR","HT","HU","ID","IE","IN","IS","IT","JO","JP","KE","KH","KP","KR","LA","LK","LS","LT","LU","LV","MA","MF","MG","MK","MM","MN","MQ","MT","MX","MY","NC","NI","NL","PF","PH","PK","PL","PM","PT","RE","RO","SE","SG","SI","SK","SV","SY","TH","TN","TR","TW","TZ","US","VN","WF","YT"]},"infos_customization":[],"features":{"authorize_multi_surfaces":true,"display_order_delay_type":true,"promote_surface_display":true,"tarification_franco_offert":true,"enabled_3d_editor":false},"markings":[{"id":0,"nom":"vierge","finition":null,"libelle":null,"code":null,"dpi":null,"finesse_forme_isolee":null,"finesse_forme_non_isolee":null,"hauteur_minimale_texte":null,"inactif":0,"marquage_interne":1,"quantite_min":null,"parent_id":null,"print_on_support":0,"content":"vierge","description":null},{"id":2,"nom":"fonce","finition":"optimale","libelle":"TopQuadri","code":null,"dpi":400,"finesse_forme_isolee":"0.040","finesse_forme_non_isolee":"0.700","hauteur_minimale_texte":2,"inactif":0,"marquage_interne":1,"quantite_min":null,"parent_id":18,"print_on_support":0,"content":"TopQuadri","description":"pour petites et moyennes s\u00e9ries"},{"id":3,"nom":"serigraphie","finition":"serigraphie","libelle":"SeriCoat","code":null,"dpi":400,"finesse_forme_isolee":"0.040","finesse_forme_non_isolee":"0.700","hauteur_minimale_texte":2,"inactif":0,"marquage_interne":1,"quantite_min":15,"parent_id":18,"print_on_support":0,"content":"SeriCoat","description":"pour moyennes et grandes s\u00e9ries"},{"id":4,"nom":"broderie","finition":"broderie","libelle":"Broderie","code":null,"dpi":400,"finesse_forme_isolee":"0.040","finesse_forme_non_isolee":"0.700","hauteur_minimale_texte":3,"inactif":0,"marquage_interne":1,"quantite_min":null,"parent_id":null,"print_on_support":0,"content":"Broderie","description":null},{"id":8,"nom":"theme","finition":null,"libelle":"Th\u00e8me","code":null,"dpi":null,"finesse_forme_isolee":null,"finesse_forme_non_isolee":null,"hauteur_minimale_texte":null,"inactif":0,"marquage_interne":1,"quantite_min":null,"parent_id":null,"print_on_support":0,"content":"Th\u00e8me","description":null},{"id":9,"nom":"sans","finition":null,"libelle":null,"code":null,"dpi":null,"finesse_forme_isolee":null,"finesse_forme_non_isolee":null,"hauteur_minimale_texte":null,"inactif":0,"marquage_interne":1,"quantite_min":null,"parent_id":null,"print_on_support":0,"content":"sans","description":null},{"id":10,"nom":"photo","finition":null,"libelle":"Photo","code":null,"dpi":null,"finesse_forme_isolee":null,"finesse_forme_non_isolee":null,"hauteur_minimale_texte":null,"inactif":0,"marquage_interne":1,"quantite_min":null,"parent_id":null,"print_on_support":0,"content":"Photo","description":null},{"id":14,"nom":"couleur","finition":null,"libelle":"Couleur","code":null,"dpi":null,"finesse_forme_isolee":null,"finesse_forme_non_isolee":null,"hauteur_minimale_texte":null,"inactif":0,"marquage_interne":1,"quantite_min":null,"parent_id":null,"print_on_support":0,"content":"Couleur","description":null},{"id":15,"nom":"sublimation","finition":"sublimation","libelle":"Sublimation","code":null,"dpi":null,"finesse_forme_isolee":"0.000","finesse_forme_non_isolee":"0.000","hauteur_minimale_texte":2,"inactif":0,"marquage_interne":1,"quantite_min":null,"parent_id":null,"print_on_support":0,"content":"Sublimation","description":null},{"id":16,"nom":"topquadri_uv","finition":null,"libelle":"TopQuadri UV","code":null,"dpi":null,"finesse_forme_isolee":"0.020","finesse_forme_non_isolee":"0.700","hauteur_minimale_texte":2,"inactif":0,"marquage_interne":1,"quantite_min":null,"parent_id":null,"print_on_support":1,"content":null,"description":null},{"id":17,"nom":"topquadri_uvp","finition":null,"libelle":"TopQuadri UVP","code":null,"dpi":null,"finesse_forme_isolee":"0.020","finesse_forme_non_isolee":"0.700","hauteur_minimale_texte":2,"inactif":0,"marquage_interne":1,"quantite_min":null,"parent_id":null,"print_on_support":1,"content":null,"description":null},{"id":18,"nom":"quadri","finition":null,"libelle":"Impression","code":null,"dpi":null,"finesse_forme_isolee":null,"finesse_forme_non_isolee":null,"hauteur_minimale_texte":null,"inactif":0,"marquage_interne":1,"quantite_min":null,"parent_id":null,"print_on_support":0,"content":null,"description":null}]}}