{"data":{"product":{"id":14622,"titre":"Pantalon l\u00e9ger multipoches homme","description":"100% coton popeline. Tissu lav\u00e9 pour un aspect souple et confortable. Cordons de serrage int\u00e9rieur taille. Fermeture zipp\u00e9e et bouton pression. 2 poches italiennes c\u00f4t\u00e9s + 1 poche monnaie. 2 poches plaqu\u00e9es \u00e0 soufflet avec rabat et bouton pression \u00e0 l'arri\u00e8re et c\u00f4t\u00e9s.","genre":"homme","grammage":140,"conditionnement":20,"composition":"coton,coton_uniquement","reference":"ka-k745","reference_visible":"ka-k745","reference_fabricant":"K745","ref_xor":"749403","in_catalog":true,"is_transfer":false,"is_service":false,"on_standby":false,"has_3d":false,"has_size_guide":true,"has_marking":false,"has_vierge":true,"is_cross_sellable":false,"id_picto":0,"filename_3d":null,"brand":{"id":25,"name":"Kariban","logo":"logo-kariban.png","image":"https:\/\/media.th4.com\/0rw9lHnnPIY5Gn0FZVsrv47tC3tEhLUIsdVYj4xy6L4\/pr:brand70x70\/aHR0cDovL21lZGlhMi5kZXNpZ25wYXJ0bmVyLmZyL2MvbS9sb2dvLWthcmliYW4ucG5n?v=1736960982"},"price_infos":{"price_from":26.01,"quantity":240,"color":{"id":16621,"name":"light_charcoal"},"size":{"id":214,"name":"42"}},"price_infos_marking":{"price_from":0,"quantity":0,"size":{"id":0,"name":""},"color":{"id":0,"name":""},"marking":{"id":0,"name":""},"emplacement":"","surface":"","surface_emplacement_id":0},"i18n":{"blank":{"title":{"fr":"Pantalon l\u00e9ger multipoches homme KARIBAN k745","en":"Light multipocket men's Kariban k745 pants","de":"Leichter Mehrtaschenhose f\u00fcr M\u00e4nner KARIBAN k745","nl":"Lichte broek met meerdere zakken voor mannen KARIBAN k745","es":"Pantal\u00f3n ligero multipocillos hombre KARIBAN k745","it":"Pantalone leggero multipocket uomo KARIBAN k745","sv":"L\u00e4tt flerkammig byx f\u00f6r m\u00e4n KARIBAN k745","pt":"Cal\u00e7a leve multipockets homem KARIBAN k745","da":"Let pantalon med flere lommer til mand Kariban k745","pl":"Lekki spodnie wielokieszeniowe dla m\u0119\u017cczyzn KARIBAN k745"},"description":{"fr":"Pantalon l\u00e9ger multipoches homme en 100% coton popeline. Ce mod\u00e8le offre un confort optimal gr\u00e2ce \u00e0 son tissu lav\u00e9 pour une sensation de souplesse. Il est dot\u00e9 de cordons de serrage int\u00e9rieur \u00e0 la taille pour un ajustement personnalis\u00e9. La fermeture zipp\u00e9e et le bouton pression assurent une fermeture s\u00e9curis\u00e9e. Il dispose de deux poches italiennes sur les c\u00f4t\u00e9s, ainsi que d'une poche monnaie pratique. Il comprend \u00e9galement deux poches plaqu\u00e9es \u00e0 soufflet avec rabat et bouton pression \u00e0 l'arri\u00e8re et sur les c\u00f4t\u00e9s.\n\n- Mati\u00e8re : 100% coton popeline\n- Coupe : Ajust\u00e9e\n- Poches : 2 poches italiennes, 1 poche monnaie, 2 poches \u00e0 soufflet","en":"Light multipocket men's 100% cotton popeline pants. This model offers optimal comfort thanks to its washed fabric for a soft feel. It features inner drawstrings at the waist for a custom fit. The zipper and snap button ensure a secure closure. It has two Italian side pockets, as well as a practical coin pocket. It also includes two flap pockets with a snap button at the back and sides.","de":"Leichter Mehrtaschenhose f\u00fcr M\u00e4nner aus 100% Baumwollpopeline. Dieses Modell bietet optimalen Komfort durch sein gewaschenes Gewebe f\u00fcr ein weiches Gef\u00fchl. Es ist mit inneren Schn\u00fcrb\u00e4ndern am Bund f\u00fcr eine individuelle Passform ausgestattet. Der Rei\u00dfverschluss und der Druckknopf sorgen f\u00fcr einen sicheren Verschluss. Es verf\u00fcgt \u00fcber zwei italienische Seitentaschen sowie eine praktische M\u00fcnztasche. Es umfasst auch zwei aufgesetzte Taschen mit Klappe und Druckknopf am R\u00fccken und an den Seiten.","nl":"Lichte broek met meerdere zakken voor mannen van 100% katoenen popeline. Dit model biedt optimale comfort dankzij het gewassen weefsel voor een zachte aanvoeling. Het heeft binnenste regelaars aan de taille voor een aangepaste pasvorm. De ritssluiting en drukknop zorgen voor een veilige sluiting. Het heeft twee Italiaanse zijzakken, evenals een praktische muntzak. Het omvat ook twee geplaatste zakken met klap en drukknop aan de achterkant en aan de zijde.","es":"Pantal\u00f3n ligero multipocillos hombre en 100% algod\u00f3n popelina. Este modelo ofrece un confort \u00f3ptimo gracias a su tejido lavado para una sensaci\u00f3n de suavidad. Est\u00e1 dotado de cordones de ajuste interior en la cintura para un ajuste personalizado. La cremallera y el bot\u00f3n de presi\u00f3n aseguran un cierre seguro. Dispone de dos bolsillos italianos en los lados, as\u00ed como de un bolsillo de monedas pr\u00e1ctico. Tambi\u00e9n incluye dos bolsillos con solapa y bot\u00f3n de presi\u00f3n en la parte trasera y en los lados.\n\n- Material: 100% algod\u00f3n popelina\n- Corte: Ajustado\n- Bolsillos: 2 bolsillos italianos, 1 bolsillo de monedas, 2 bolsillos con solapa","it":"Pantalone leggero multipocket uomo in 100% cotone popeline. Questo modello offre un comfort ottimale grazie al suo tessuto lavato per una sensazione di morbidezza. \u00c8 dotato di cordoni di regolazione interna alla vita per un adattamento personalizzato. La chiusura lampo e il pulsante a pressione garantiscono una chiusura sicura. Dispone di due tasche italiane sui lati, nonch\u00e9 di una pratica tasca moneta. Comprende anche due tasche a soffietto con flap e pulsante a pressione sul retro e sui lati","sv":"L\u00e4tt flerkammig byx f\u00f6r m\u00e4n i 100% popelinbomull. Denna modell erbjuder optimal komfort tack vare sitt tv\u00e4ttade tyg f\u00f6r en mjuk k\u00e4nsla. Den har inre justerbara sn\u00f6ren i midjan f\u00f6r en anpassad passform. Den s\u00e4kra glidl\u00e5sningen och tryckknappen s\u00e4kerst\u00e4ller en s\u00e4ker st\u00e4ngning. Den har tv\u00e5 italienska fickor p\u00e5 sidorna, samt en praktisk myntficka. Den har ocks\u00e5 tv\u00e5 inslagna fickor med kl\u00e4pplock och tryckknapp p\u00e5 baksidan och sidorna.\n\n- Material: 100% popelinbomull\n- Passform: Passande\n- Fickor: 2 italienska fickor, 1 myntficka, 2 inslagna fickor","pt":"Cal\u00e7a leve multipockets homem em 100% algod\u00e3o popeline. Este modelo oferece conforto \u00f3timo gra\u00e7as ao seu tecido lavado para uma sensa\u00e7\u00e3o de suavidade. Ele possui cord\u00f5es de aperto internos na cintura para um ajuste personalizado. O fechamento z\u00edper e o bot\u00e3o de press\u00e3o garantem um fechamento seguro. Ele disp\u00f5e de duas bolsas italianas nos lados, bem como uma bolsa de moedas pr\u00e1tica. Ele tamb\u00e9m inclui duas bolsas de aba com bot\u00e3o de press\u00e3o atr\u00e1s e nos lados.","da":"Let pantalon med flere lommer til mand af 100% bomuld popeline. Dette model tilbyder optimal komfort takket v\u00e6re dets vaskede stof for en f\u00f8lelse af bl\u00f8dhed. Det har indvendige sn\u00f8re til tilpasning af taljen for en personlig justering. L\u00e5seglidning og knapl\u00e5s sikrer en sikker lukning. Det har to italienske lommer p\u00e5 siderne samt en praktisk lomme til m\u00f8nt. Det omfatter ogs\u00e5 to indsatte lommer med klap og knapl\u00e5s bagp\u00e5 og p\u00e5 siderne.","pl":"Lekkie spodnie wielokieszeniowe dla m\u0119\u017cczyzn z 100% bawe\u0142ny popeline. Ten model oferuje optymalny komfort dzi\u0119ki przemywanemu materia\u0142owi dla wra\u017cenia elastyczno\u015bci. Jest wyposa\u017cony w sznur\u00f3wki do regulacji wewn\u0105trz talii dla dopasowania. Zamek b\u0142yskawiczny i guzik zapewniaj\u0105 bezpieczne zamkni\u0119cie. Dysponuje dwoma w\u0142oskimi kieszeniami po bokach, oraz praktyczn\u0105 kieszeni\u0105 na monety. Ponadto zawiera dwie kieszenie z klap\u0105 i guzikiem na klapie z ty\u0142u i po bokach."},"h1":{"fr":"Pantalon l\u00e9ger multipoches homme k745","en":"Light multipocket men's k745 pants","de":"Leichter Mehrtaschenhose f\u00fcr M\u00e4nner k745","nl":"Lichte broek met meerdere zakken voor mannen k745","es":"Pantal\u00f3n ligero multipocillos hombre k745","it":"Pantalone leggero multipocket uomo k745","sv":"L\u00e4tt flerkammig byx f\u00f6r m\u00e4n k745","pt":"Cal\u00e7a leve multipockets homem k745","da":"Let pantalon med flere lommer til mand k745","pl":"Lekki spodnie wielokieszeniowe dla m\u0119\u017cczyzn k745"},"meta_description":{"fr":"Pantalon l\u00e9ger multipoches homme en coton souple. Confort et fonctionnalit\u00e9 pour un usage quotidien. D\u00e9couvrez le mod\u00e8le k745.","en":"Light multipocket men's cotton pants. Comfort and functionality for everyday use. Discover the k745 model.","de":"Leichter Mehrtaschenhose f\u00fcr M\u00e4nner aus weichem Baumwolle. Komfort und Funktionalit\u00e4t f\u00fcr den t\u00e4glichen Gebrauch. Entdecken Sie das Modell k745.","nl":"Lichte broek met meerdere zakken voor mannen van zacht katoen. Comfort en functionaliteit voor dagelijks gebruik. Ontdek het model k745.","es":"Pantal\u00f3n ligero multipocillos hombre en algod\u00f3n suave. Confort y funcionalidad para un uso diario. Descubra el modelo k745.","it":"Pantalone leggero multipocket uomo in cotone morbido. Confort e funzionalit\u00e0 per un uso quotidiano. Scopri il modello k745","sv":"L\u00e4tt flerkammig byx f\u00f6r m\u00e4n i mjuk bomull. Komfort och funktionalitet f\u00f6r dagligt bruk. Uppt\u00e4ck modellen k745.","pt":"Cal\u00e7a leve multipockets homem em algod\u00e3o macio. Conforto e funcionalidade para uso di\u00e1rio. Descubra o modelo k745.","da":"Let pantalon med flere lommer til mand af bl\u00f8dt bomuld. Komfort og funktionel til hverdagsbrug. Opdag model k745.","pl":"Lekki spodnie wielokieszeniowe dla m\u0119\u017cczyzn z mi\u0119kkiej bawe\u0142ny. Komfort i funkcjonalno\u015b\u0107 do codziennego u\u017cytku. Odkryj model k745."}},"custom":{"title":{"fr":"Pantalon l\u00e9ger multipoches homme KARIBAN k745 personnalisation","en":"Lightweight multi-pocket men's pants KARIBAN k745 customization","de":"Leichter Mehrtaschenhosen f\u00fcr M\u00e4nner Kariban k745 personalisierung","nl":"Licht broek met meerdere zakken voor mannen KARIBAN k745 aanpassing","es":"Pantal\u00f3n ligero multipocket hombre KARIBAN k745 personalizaci\u00f3n","it":"Pantalone leggero multitasche uomo KARIBAN k745 personalizzazione","sv":"L\u00e4tt flerkolvade byxor f\u00f6r m\u00e4n KARIBAN k745 personligg\u00f6ring","pt":"Cal\u00e7as leves de m\u00faltiplos bolsos para homens KARIBAN k745 personaliza\u00e7\u00e3o","da":"Lette multipockets bukser for m\u00e6nd KARIBAN k745 personalisering","pl":"Lekkie m\u0119skie spodnie wielokieszonkowe Kariban k745 personalizacja"},"description":{"fr":"Ce pantalon l\u00e9ger multipoches est con\u00e7u en 100% coton popeline, offrant un confort optimal et une grande souplesse. Son tissu lav\u00e9 lui conf\u00e8re un aspect doux et agr\u00e9able \u00e0 porter. Il est dot\u00e9 d'une fermeture zipp\u00e9e et d'un bouton pression pour une fermeture s\u00e9curis\u00e9e. Il dispose de deux poches italiennes sur les c\u00f4t\u00e9s, ainsi que d'une poche monnaie pratique. De plus, il poss\u00e8de deux poches plaqu\u00e9es \u00e0 soufflet avec rabat et bouton pression \u00e0 l'arri\u00e8re et sur les c\u00f4t\u00e9s, offrant un espace de rangement suppl\u00e9mentaire. Ce pantalon est \u00e9galement personnalisable, permettant d'ajouter votre logo ou votre visuel pour une image de marque unique.\n\n- Mati\u00e8re : 100% coton popeline\n- Poches : 2 poches italiennes, 1 poche monnaie, 2 poches plaqu\u00e9es \u00e0 soufflet avec rabat et bouton pression\n- Cordons de serrage int\u00e9rieur taille","en":"This lightweight multi-pocket pants is made of 100% cotton poplin, offering optimal comfort and great softness. Its washed fabric gives it a soft and pleasant feel to wear. It is equipped with a zipper and a snap button for secure closure. It has two side Italian pockets, as well as a practical coin pocket. In addition, it has two flap pockets with snap button at the back and sides, providing additional storage space. This pants is also customizable, allowing you to add your logo or your visual for a unique brand image.\n\n- Material: 100% cotton poplin\n- Pockets: 2 Italian pockets, 1 coin pocket, 2 flap pockets with snap button\n- Interior drawstring waist","de":"Diese leichte Mehrtaschenhose ist aus 100% Baumwolle Popeline gefertigt und bietet optimalen Komfort und gro\u00dfe Beweglichkeit. Das gewaschene Gewebe verleiht ihr einen weichen und angenehmen Tragekomfort. Sie verf\u00fcgt \u00fcber einen Rei\u00dfverschluss und einen Druckknopf f\u00fcr einen sicheren Verschluss. Sie hat zwei Seitentaschen, eine praktische M\u00fcnzentasche sowie zwei Klapptaschen mit Lasche und Druckknopf am R\u00fccken und an den Seiten, die zus\u00e4tzlichen Stauraum bieten. Diese Hose ist auch personalisierbar, sodass Ihr Logo oder Ihr Bild f\u00fcr ein einzigartiges Markenbild hinzugef\u00fcgt werden kann.\n\n- Material: 100% Baumwolle Popeline\n- Taschen: 2 Seitentaschen, 1 M\u00fcnzentasche, 2 Klapptaschen mit Lasche und Druckknopf\n- Innenbund mit Zugschnur","nl":"Deze lichte broek met meerdere zakken is gemaakt van 100% katoen popeline, biedend optimale comfort en grote soepelheid. Zijn gewassen stof geeft hem een zachte en aangename aanvoel. Hij is voorzien van een ritssluiting en een drukknop voor een veilige sluiting. Hij beschikt over twee Italiaanse zakken aan de zijden, evenals een praktische muntzak. Bovendien heeft hij twee gevestigde zakken met vouw en drukknop aan de achterkant en aan de zijden, biedend extra opslagruimte. Deze broek is ook aanpasbaar, waardoor u uw logo of uw visuele elementen kunt toevoegen voor een uniek merkbeeld.","es":"Este pantal\u00f3n ligero multipocket est\u00e1 dise\u00f1ado en 100% algod\u00f3n popelina, ofreciendo un confort \u00f3ptimo y una gran suavidad. Su tejido lavado le confiere un aspecto suave y agradable de llevar. Est\u00e1 dotado de una cremallera y un bot\u00f3n de presi\u00f3n para un cierre seguro. Dispone de dos bolsillos italianos a los lados, as\u00ed como un bolsillo monedero pr\u00e1ctico. Adem\u00e1s, posee dos bolsillos plisados con solapa y bot\u00f3n de presi\u00f3n en la parte trasera y en los lados, ofreciendo un espacio de almacenamiento adicional. Este pantal\u00f3n tambi\u00e9n es personalizable, permitiendo a\u00f1adir su logo o su dise\u00f1o para una imagen de marca \u00fanica.\n\n- Material: 100% algod\u00f3n popelina\n- Bolsillos: 2 bolsillos italianos, 1 bolsillo monedero, 2 bolsillos plisados con solapa y bot\u00f3n de presi\u00f3n\n- Cordones de ajuste interior cintura","it":"Questo pantalone leggero multitasche \u00e8 realizzato in 100% cotone popeline, offrendo comfort ottimale e grande morbidezza. Il suo tessuto lavato gli conferisce un aspetto morbido e piacevole da indossare. \u00c8 dotato di una chiusura lampo e di un bottone automatico per una chiusura sicura. Ha due tasche italiane sui lati, oltre a una tasca portamonete pratica. Inoltre, possiede due tasche a soffietto con patta e bottone automatico sul retro e sui lati, offrendo spazio di stoccaggio aggiuntivo. Questo pantalone \u00e8 anche personalizzabile, permettendo di aggiungere il proprio logo o visivo per un'immagine di marca unica. \n\n- Materiale: 100% cotone popeline\n- Tasche: 2 tasche italiane, 1 tasca portamonete, 2 tasche a soffietto con patta e bottone automatico\n- Cordoncini di regolazione interni alla vita","sv":"Dessa l\u00e4tt flerkolvade byxor \u00e4r tillverkade i 100% bomull popeline, vilket ger optimal komfort och stor flexibilitet. Dess tv\u00e4ttade tyg ger en mjuk och trevlig k\u00e4nsla att b\u00e4ra. Den har en bl\u00e5sst\u00e5ngs- och knappst\u00e4ngning f\u00f6r s\u00e4ker st\u00e4ngning. Den har tv\u00e5 italienska fickor p\u00e5 sidorna samt en praktisk myntficka. Dessutom har den tv\u00e5 inslagna fickor med kl\u00e4pp och knappst\u00e4ngning p\u00e5 baksidan och sidorna, vilket ger extra f\u00f6rvaringsutrymme. Byxorna \u00e4r ocks\u00e5 personligg\u00f6rbara, vilket g\u00f6r det m\u00f6jligt att l\u00e4gga till ditt logotyp eller din visuella bild f\u00f6r en unik varum\u00e4rkesbild.\n\n- Material: 100% bomull popeline\n- Fickor: 2 italienska fickor, 1 myntficka, 2 inslagna fickor med kl\u00e4pp och knappst\u00e4ngning\n- Inre dragkedjor f\u00f6r midjestyrning","pt":"Essas cal\u00e7as leves de m\u00faltiplos bolsos s\u00e3o feitas de 100% algod\u00e3o popeline, oferecendo conforto \u00f3timo e grande flexibilidade. Seu tecido lavado lhe confere um aspecto macio e agrad\u00e1vel de usar. Elas possuem um z\u00edper e um bot\u00e3o de press\u00e3o para um fechamento seguro. Possuem dois bolsos italianos laterais, al\u00e9m de um bolso pr\u00e1tico para moedas. Al\u00e9m disso, t\u00eam dois bolsos com abas e bot\u00f5es de press\u00e3o nas costas e nos lados, oferecendo espa\u00e7o extra de armazenamento. Essas cal\u00e7as tamb\u00e9m s\u00e3o personaliz\u00e1veis, permitindo adicionar seu logotipo ou visual para uma marca \u00fanica.\n\n- Material: 100% algod\u00e3o popeline\n- Bolsos: 2 bolsos italianos, 1 bolso para moedas, 2 bolsos com abas e bot\u00f5es de press\u00e3o","da":"Denne lette multipockets bukse er fremstillet af 100% bomuldspoplin, som giver optimal komfort og stor fleksibilitet. Det vaskede stof giver en bl\u00f8d og behagelig f\u00f8lelse at b\u00e6re. Den har en zip og en trykknap til en sikker lukning. Den har to italienske lommer p\u00e5 siderne, samt en praktisk lomme til sm\u00e5ting. Derudover har den to indsatte lommer med klap og trykknap bagp\u00e5 og p\u00e5 siderne, der tilbyder ekstra opbevaringsplads. Denne bukse kan ogs\u00e5 personaliseres, s\u00e5 du kan tilf\u00f8je dit logo eller dit billede for en unik brandidentitet. Indvendige stramningssnore i taljen","pl":"To lekki wielokieszonkowy sp\u00f3dniczak jest wykonany z 100% bawe\u0142nianej popeliny, co zapewnia optymalny komfort i du\u017c\u0105 elastyczno\u015b\u0107. Jego przetarta tkanina nadaje mu mi\u0119kki i przyjemny w dotyku wygl\u0105d. Jest wyposa\u017cony w zamkni\u0119cie z zamek b\u0142yskawicowy i guzik na klap\u0119, aby zapewni\u0107 bezpieczne zamkni\u0119cie. Ma dwie w\u0142oskie kieszenie po bokach oraz praktyczn\u0105 kiesze\u0144 na monet\u0119. Ponadto posiada dwie kieszenie z klap\u0105 i guzikiem na klap\u0119 z ty\u0142u i po bokach, co daje dodatkow\u0105 przestrze\u0144 do przechowywania. Ten sp\u00f3dniczak jest r\u00f3wnie\u017c personalizowalny, co pozwala doda\u0107 sw\u00f3j logo lub wizualizacj\u0119 dla unikalnego wizerunku marki.\n\n- Materia\u0142: 100% bawe\u0142niana popelina\n- Kieszenie: 2 w\u0142oskie kieszenie, 1 kiesze\u0144 na monet\u0119, 2 kieszenie z klap\u0105 i guzikiem na klap\u0119"},"h1":{"fr":"Pantalon l\u00e9ger multipoches homme k745 personnalisation","en":"Lightweight multi-pocket men's pants k745 customization","de":"Leichter Mehrtaschenhosen f\u00fcr M\u00e4nner k745 personalisierung","nl":"Licht broek met meerdere zakken voor mannen k745 aanpassing","es":"Pantal\u00f3n ligero multipocket hombre k745 personalizaci\u00f3n","it":"Pantalone leggero multitasche uomo k745 personalizzazione","sv":"L\u00e4tt flerkolvade byxor f\u00f6r m\u00e4n k745 personligg\u00f6ring","pt":"Cal\u00e7as leves de m\u00faltiplos bolsos para homens k745 personaliza\u00e7\u00e3o","da":"Lette multipockets bukser for m\u00e6nd k745 personalisering","pl":"Lekkie m\u0119skie spodnie wielokieszonkowe k745 personalizacja"},"meta_description":{"fr":"Pantalon l\u00e9ger multipoches homme en coton popeline souple et confortable. Id\u00e9al pour un usage quotidien ou professionnel. Personnalisable.","en":"Lightweight multi-pocket men's pants in soft and comfortable cotton poplin. Ideal for everyday or professional use. Customizable.","de":"Leichter Mehrtaschenhosen f\u00fcr M\u00e4nner aus Baumwolle Popeline, weich und bequem. Ideal f\u00fcr den t\u00e4glichen oder beruflichen Gebrauch. Personalisierbar.","nl":"Licht broek met meerdere zakken voor mannen in katoen popeline zacht en comfortabel. Ideaal voor dagelijks of beroepsmatig gebruik. Aanpasbaar.","es":"Pantal\u00f3n ligero multipocket hombre de algod\u00f3n popelina suave y c\u00f3modo. Ideal para uso diario o profesional. Personalizable.","it":"Pantalone leggero multitasche uomo in cotone popeline morbido e confortevole. Ideale per uso quotidiano o professionale. Personalizzabile.","sv":"L\u00e4tt flerkolvade byxor f\u00f6r m\u00e4n i bomull popeline mjuk och bekv\u00e4m. Idealiskt f\u00f6r dagligt eller professionellt bruk. Personligg\u00f6rbar.","pt":"Cal\u00e7as leves de m\u00faltiplos bolsos para homens em algod\u00e3o popeline suave e confort\u00e1vel. Ideal para uso di\u00e1rio ou profissional. Personaliz\u00e1vel.","da":"Lette multipockets bukser for m\u00e6nd af bomuldspoplin, bl\u00f8dt og behageligt. Ideel til hverdags- eller erhvervsbrug. Personaliserbar.","pl":"Lekkie m\u0119skie spodnie wielokieszonkowe z mi\u0119kkiego i wygodnego bawe\u0142nianego popeliny. Idealne do codziennego lub zawodowego u\u017cytku. Personalizowalne."}}},"categories":[{"id":11,"name":"Pantalons","singular":"pantalon","is_feminin":false},{"id":498,"name":"Pantalons et shorts","singular":"Pantalon, short","is_feminin":false},{"id":354,"name":"Textile","singular":"Textile","is_feminin":false}],"certifications":[],"videos":{"fr":[],"en":[],"de":[],"nl":[],"es":[],"it":[],"sv":[],"pt":[],"da":[],"pl":[]},"main_images":{"miniature":"https:\/\/media.th4.com\/KK1r-toAuO7ialPcO0siFBeOiHX0r--MxmWYQmy5Nvs\/pr:80\/aHR0cDovL21lZGlhMi5kZXNpZ25wYXJ0bmVyLmZyL2MvcC1NVC8xNDYyMi5qcGc?v=1642592576","medium":"https:\/\/media.th4.com\/QvIyALb-H7Z5KvmxVHZBdo2l5gLPG_XX4JHJq1tVBuA\/pr:550x550greybg\/aHR0cDovL21lZGlhMi5kZXNpZ25wYXJ0bmVyLmZyL2MvcC1NVC8xNDYyMi5qcGc?v=1642592576","medium_large":"https:\/\/media.th4.com\/-jjdHN_eOhnSC5nqkC-N6dTuSicO28l3cHYrh9pWeKo\/pr:1000x1000greybg\/aHR0cDovL21lZGlhMi5kZXNpZ25wYXJ0bmVyLmZyL2MvcC1NVC8xNDYyMi5qcGc?v=1642592576","large":"https:\/\/media.th4.com\/QIgKvGf1VAO1ssDc30MIrwqJJusdMMEZgsTddMDrPy4\/pr:1920greybg\/aHR0cDovL21lZGlhMi5kZXNpZ25wYXJ0bmVyLmZyL2MvcC1NVC8xNDYyMi5qcGc?v=1642592576","opengraph":"https:\/\/media.th4.com\/kMfgVAJ51rYIGShtmLHjkSjb09ay3cBlBJqI2fcMeho\/pr:1200x630greybg\/aHR0cDovL21lZGlhMi5kZXNpZ25wYXJ0bmVyLmZyL2MvcC1NVC8xNDYyMi5qcGc?v=1642592576"},"main_images_customization":{"miniature":"https:\/\/media.th4.com\/KK1r-toAuO7ialPcO0siFBeOiHX0r--MxmWYQmy5Nvs\/pr:80\/aHR0cDovL21lZGlhMi5kZXNpZ25wYXJ0bmVyLmZyL2MvcC1NVC8xNDYyMi5qcGc?v=1642592576","medium":"https:\/\/media.th4.com\/QvIyALb-H7Z5KvmxVHZBdo2l5gLPG_XX4JHJq1tVBuA\/pr:550x550greybg\/aHR0cDovL21lZGlhMi5kZXNpZ25wYXJ0bmVyLmZyL2MvcC1NVC8xNDYyMi5qcGc?v=1642592576","medium_large":"https:\/\/media.th4.com\/-jjdHN_eOhnSC5nqkC-N6dTuSicO28l3cHYrh9pWeKo\/pr:1000x1000greybg\/aHR0cDovL21lZGlhMi5kZXNpZ25wYXJ0bmVyLmZyL2MvcC1NVC8xNDYyMi5qcGc?v=1642592576","large":"https:\/\/media.th4.com\/QIgKvGf1VAO1ssDc30MIrwqJJusdMMEZgsTddMDrPy4\/pr:1920greybg\/aHR0cDovL21lZGlhMi5kZXNpZ25wYXJ0bmVyLmZyL2MvcC1NVC8xNDYyMi5qcGc?v=1642592576","opengraph":"https:\/\/media.th4.com\/kMfgVAJ51rYIGShtmLHjkSjb09ay3cBlBJqI2fcMeho\/pr:1200x630greybg\/aHR0cDovL21lZGlhMi5kZXNpZ25wYXJ0bmVyLmZyL2MvcC1NVC8xNDYyMi5qcGc?v=1642592576"},"page_links":{"fr":"\/fr\/p-ka-k745-pantalon-leger-multipoches-homme-k745-14622\/","en":"\/en\/p-ka-k745-light-multipocket-mens-k745-pants-14622\/","de":"\/de\/p-ka-k745-leichter-mehrtaschenhose-fur-manner-k745-14622\/","nl":"\/nl\/p-ka-k745-lichte-broek-met-meerdere-zakken-voor-mannen-k745-14622\/","es":"\/es\/p-ka-k745-pantalon-ligero-multipocillos-hombre-k745-14622\/","it":"\/it\/p-ka-k745-pantalone-leggero-multipocket-uomo-k745-14622\/","sv":"\/sv\/p-ka-k745-latt-flerkammig-byx-for-man-k745-14622\/","pt":"\/pt\/p-ka-k745-calca-leve-multipockets-homem-k745-14622\/","da":"\/da\/p-ka-k745-let-pantalon-med-flere-lommer-til-mand-k745-14622\/","pl":"\/pl\/p-ka-k745-lekki-spodnie-wielokieszeniowe-dla-mezczyzn-k745-14622\/"},"page_links_customization":{"fr":"\/fr\/p-ka-k745-pantalon-leger-multipoches-homme-k745-personnalisation-14622\/custom\/","en":"\/en\/p-ka-k745-lightweight-multi-pocket-mens-pants-k745-customization-14622\/custom\/","de":"\/de\/p-ka-k745-leichter-mehrtaschenhosen-fur-manner-k745-personalisierung-14622\/custom\/","nl":"\/nl\/p-ka-k745-licht-broek-met-meerdere-zakken-voor-mannen-k745-aanpassing-14622\/custom\/","es":"\/es\/p-ka-k745-pantalon-ligero-multipocket-hombre-k745-personalizacion-14622\/custom\/","it":"\/it\/p-ka-k745-pantalone-leggero-multitasche-uomo-k745-personalizzazione-14622\/custom\/","sv":"\/sv\/p-ka-k745-latt-flerkolvade-byxor-for-man-k745-personliggoring-14622\/custom\/","pt":"\/pt\/p-ka-k745-calcas-leves-de-multiplos-bolsos-para-homens-k745-personalizacao-14622\/custom\/","da":"\/da\/p-ka-k745-lette-multipockets-bukser-for-maend-k745-personalisering-14622\/custom\/","pl":"\/pl\/p-ka-k745-lekkie-meskie-spodnie-wielokieszonkowe-k745-personalizacja-14622\/custom\/"},"equivalent_products":[14623],"colors":[{"id":1858,"name":"light_khaki","class_ids":[3],"codes_hexa":["83847c"],"delai_24":false,"has_3d":false,"seuil_global":0,"stock_local":0,"stock_global":1867,"on_standby":false,"in_catalog":true,"images":{"miniature":["https:\/\/media.th4.com\/hLS_95KngMPQ_GqQilBWqPoCuhpwEcm8LfRtjTbRMnU\/pr:80\/aHR0cDovL21lZGlhMi5kZXNpZ25wYXJ0bmVyLmZyL2MvcC8xNDYyMi8xNDYyMi0xODU4LTEuanBn?v=1638344265","https:\/\/media.th4.com\/LJmYljOcJ-pOEm_fexGOD0fcXJHzHEYG7w2kQR-5J5k\/pr:80\/aHR0cDovL21lZGlhMi5kZXNpZ25wYXJ0bmVyLmZyL2MvcC8xNDYyMi8xNDYyMi0xODU4LTIuanBn?v=1638344265"],"medium":["https:\/\/media.th4.com\/NkMXhj3wmrbiWpcIeuPmRJ9Q74C3HPVjl7UeUud60Lc\/pr:550x550\/aHR0cDovL21lZGlhMi5kZXNpZ25wYXJ0bmVyLmZyL2MvcC8xNDYyMi8xNDYyMi0xODU4LTEuanBn?v=1638344265","https:\/\/media.th4.com\/79hxACt5mQ7SzkNIy41Bomzjd_SPLIwOjruoHdECSwc\/pr:550x550\/aHR0cDovL21lZGlhMi5kZXNpZ25wYXJ0bmVyLmZyL2MvcC8xNDYyMi8xNDYyMi0xODU4LTIuanBn?v=1638344265"],"medium_large":["https:\/\/media.th4.com\/KicZgg94fvFOPm97epfXLyB6dOG2DnsZskl7D8z6JFk\/pr:1000x1000\/aHR0cDovL21lZGlhMi5kZXNpZ25wYXJ0bmVyLmZyL2MvcC8xNDYyMi8xNDYyMi0xODU4LTEuanBn?v=1638344265","https:\/\/media.th4.com\/oOSBESVWrC5CAv7Z294aNttqCZkG28LkPMxfOnvmBS4\/pr:1000x1000\/aHR0cDovL21lZGlhMi5kZXNpZ25wYXJ0bmVyLmZyL2MvcC8xNDYyMi8xNDYyMi0xODU4LTIuanBn?v=1638344265"],"large":["https:\/\/media.th4.com\/it2qRrY62h3jKeuTG_eu5dyPvyWuaAZEJ7aMQQWl1ZU\/pr:1920\/aHR0cDovL21lZGlhMi5kZXNpZ25wYXJ0bmVyLmZyL2MvcC8xNDYyMi8xNDYyMi0xODU4LTEuanBn?v=1638344265","https:\/\/media.th4.com\/UFDq_HCoDa39mxP0cGuPqLz14WtAoUVdKcauHTvpGEY\/pr:1920\/aHR0cDovL21lZGlhMi5kZXNpZ25wYXJ0bmVyLmZyL2MvcC8xNDYyMi8xNDYyMi0xODU4LTIuanBn?v=1638344265"],"opengraph":["https:\/\/media.th4.com\/3WZ3_AhpH9_dO3ANpWJvcKAo7RFxUfwmlscQ2r-Iw2Y\/pr:1200x630\/aHR0cDovL21lZGlhMi5kZXNpZ25wYXJ0bmVyLmZyL2MvcC8xNDYyMi8xNDYyMi0xODU4LTEuanBn?v=1638344265","https:\/\/media.th4.com\/G8Xc5FwVAvyiNgtuL0peFMm_Ma3Uux-owflKFM67k1Q\/pr:1200x630\/aHR0cDovL21lZGlhMi5kZXNpZ25wYXJ0bmVyLmZyL2MvcC8xNDYyMi8xNDYyMi0xODU4LTIuanBn?v=1638344265"]},"images_customization":{"miniature":["https:\/\/media.th4.com\/hLS_95KngMPQ_GqQilBWqPoCuhpwEcm8LfRtjTbRMnU\/pr:80\/aHR0cDovL21lZGlhMi5kZXNpZ25wYXJ0bmVyLmZyL2MvcC8xNDYyMi8xNDYyMi0xODU4LTEuanBn?v=1638344265","https:\/\/media.th4.com\/LJmYljOcJ-pOEm_fexGOD0fcXJHzHEYG7w2kQR-5J5k\/pr:80\/aHR0cDovL21lZGlhMi5kZXNpZ25wYXJ0bmVyLmZyL2MvcC8xNDYyMi8xNDYyMi0xODU4LTIuanBn?v=1638344265"],"medium":["https:\/\/media.th4.com\/NkMXhj3wmrbiWpcIeuPmRJ9Q74C3HPVjl7UeUud60Lc\/pr:550x550\/aHR0cDovL21lZGlhMi5kZXNpZ25wYXJ0bmVyLmZyL2MvcC8xNDYyMi8xNDYyMi0xODU4LTEuanBn?v=1638344265","https:\/\/media.th4.com\/79hxACt5mQ7SzkNIy41Bomzjd_SPLIwOjruoHdECSwc\/pr:550x550\/aHR0cDovL21lZGlhMi5kZXNpZ25wYXJ0bmVyLmZyL2MvcC8xNDYyMi8xNDYyMi0xODU4LTIuanBn?v=1638344265"],"medium_large":["https:\/\/media.th4.com\/KicZgg94fvFOPm97epfXLyB6dOG2DnsZskl7D8z6JFk\/pr:1000x1000\/aHR0cDovL21lZGlhMi5kZXNpZ25wYXJ0bmVyLmZyL2MvcC8xNDYyMi8xNDYyMi0xODU4LTEuanBn?v=1638344265","https:\/\/media.th4.com\/oOSBESVWrC5CAv7Z294aNttqCZkG28LkPMxfOnvmBS4\/pr:1000x1000\/aHR0cDovL21lZGlhMi5kZXNpZ25wYXJ0bmVyLmZyL2MvcC8xNDYyMi8xNDYyMi0xODU4LTIuanBn?v=1638344265"],"large":["https:\/\/media.th4.com\/it2qRrY62h3jKeuTG_eu5dyPvyWuaAZEJ7aMQQWl1ZU\/pr:1920\/aHR0cDovL21lZGlhMi5kZXNpZ25wYXJ0bmVyLmZyL2MvcC8xNDYyMi8xNDYyMi0xODU4LTEuanBn?v=1638344265","https:\/\/media.th4.com\/UFDq_HCoDa39mxP0cGuPqLz14WtAoUVdKcauHTvpGEY\/pr:1920\/aHR0cDovL21lZGlhMi5kZXNpZ25wYXJ0bmVyLmZyL2MvcC8xNDYyMi8xNDYyMi0xODU4LTIuanBn?v=1638344265"],"opengraph":["https:\/\/media.th4.com\/3WZ3_AhpH9_dO3ANpWJvcKAo7RFxUfwmlscQ2r-Iw2Y\/pr:1200x630\/aHR0cDovL21lZGlhMi5kZXNpZ25wYXJ0bmVyLmZyL2MvcC8xNDYyMi8xNDYyMi0xODU4LTEuanBn?v=1638344265","https:\/\/media.th4.com\/G8Xc5FwVAvyiNgtuL0peFMm_Ma3Uux-owflKFM67k1Q\/pr:1200x630\/aHR0cDovL21lZGlhMi5kZXNpZ25wYXJ0bmVyLmZyL2MvcC8xNDYyMi8xNDYyMi0xODU4LTIuanBn?v=1638344265"]},"country_origin":"BD","traceability":{"manufacturing_country_id":null,"weaving_country_id":null,"dyeing_country_id":null},"sizes":[{"id":211,"article_id":375990,"class_id":0,"name":"38","on_standby":false,"stock_local":0,"stock_global":276,"multiple":1,"estimated_date_reassort":null,"is_destocking":false},{"id":265,"article_id":375991,"class_id":0,"name":"40","on_standby":false,"stock_local":0,"stock_global":336,"multiple":1,"estimated_date_reassort":null,"is_destocking":false},{"id":214,"article_id":375992,"class_id":0,"name":"42","on_standby":false,"stock_local":0,"stock_global":194,"multiple":1,"estimated_date_reassort":null,"is_destocking":false},{"id":249,"article_id":375993,"class_id":0,"name":"44","on_standby":false,"stock_local":0,"stock_global":290,"multiple":1,"estimated_date_reassort":null,"is_destocking":false},{"id":243,"article_id":375994,"class_id":0,"name":"46","on_standby":false,"stock_local":0,"stock_global":296,"multiple":1,"estimated_date_reassort":null,"is_destocking":false},{"id":238,"article_id":375995,"class_id":0,"name":"48","on_standby":false,"stock_local":0,"stock_global":79,"multiple":1,"estimated_date_reassort":null,"is_destocking":false},{"id":244,"article_id":375996,"class_id":0,"name":"50","on_standby":false,"stock_local":0,"stock_global":153,"multiple":1,"estimated_date_reassort":null,"is_destocking":false},{"id":245,"article_id":375997,"class_id":0,"name":"52","on_standby":false,"stock_local":0,"stock_global":117,"multiple":1,"estimated_date_reassort":null,"is_destocking":false},{"id":246,"article_id":375998,"class_id":0,"name":"54","on_standby":false,"stock_local":0,"stock_global":126,"multiple":1,"estimated_date_reassort":null,"is_destocking":false}],"page_links":{"fr":"\/fr\/p-ka-k745-pantalon-leger-multipoches-homme-k745-14622\/light-khaki-1858\/","en":"\/en\/p-ka-k745-light-multipocket-mens-k745-pants-14622\/light-khaki-1858\/","de":"\/de\/p-ka-k745-leichter-mehrtaschenhose-fur-manner-k745-14622\/light-khaki-1858\/","nl":"\/nl\/p-ka-k745-lichte-broek-met-meerdere-zakken-voor-mannen-k745-14622\/light-khaki-1858\/","es":"\/es\/p-ka-k745-pantalon-ligero-multipocillos-hombre-k745-14622\/light-khaki-1858\/","it":"\/it\/p-ka-k745-pantalone-leggero-multipocket-uomo-k745-14622\/light-khaki-1858\/","sv":"\/sv\/p-ka-k745-latt-flerkammig-byx-for-man-k745-14622\/light-khaki-1858\/","pt":"\/pt\/p-ka-k745-calca-leve-multipockets-homem-k745-14622\/light-khaki-1858\/","da":"\/da\/p-ka-k745-let-pantalon-med-flere-lommer-til-mand-k745-14622\/light-khaki-1858\/","pl":"\/pl\/p-ka-k745-lekki-spodnie-wielokieszeniowe-dla-mezczyzn-k745-14622\/light-khaki-1858\/"},"page_links_customization":{"fr":"\/fr\/p-ka-k745-pantalon-leger-multipoches-homme-k745-personnalisation-14622\/light-khaki-1858\/custom\/","en":"\/en\/p-ka-k745-lightweight-multi-pocket-mens-pants-k745-customization-14622\/light-khaki-1858\/custom\/","de":"\/de\/p-ka-k745-leichter-mehrtaschenhosen-fur-manner-k745-personalisierung-14622\/light-khaki-1858\/custom\/","nl":"\/nl\/p-ka-k745-licht-broek-met-meerdere-zakken-voor-mannen-k745-aanpassing-14622\/light-khaki-1858\/custom\/","es":"\/es\/p-ka-k745-pantalon-ligero-multipocket-hombre-k745-personalizacion-14622\/light-khaki-1858\/custom\/","it":"\/it\/p-ka-k745-pantalone-leggero-multitasche-uomo-k745-personalizzazione-14622\/light-khaki-1858\/custom\/","sv":"\/sv\/p-ka-k745-latt-flerkolvade-byxor-for-man-k745-personliggoring-14622\/light-khaki-1858\/custom\/","pt":"\/pt\/p-ka-k745-calcas-leves-de-multiplos-bolsos-para-homens-k745-personalizacao-14622\/light-khaki-1858\/custom\/","da":"\/da\/p-ka-k745-lette-multipockets-bukser-for-maend-k745-personalisering-14622\/light-khaki-1858\/custom\/","pl":"\/pl\/p-ka-k745-lekkie-meskie-spodnie-wielokieszonkowe-k745-personalizacja-14622\/light-khaki-1858\/custom\/"}},{"id":1344,"name":"beige","class_ids":[8],"codes_hexa":["a69e6f"],"delai_24":false,"has_3d":false,"seuil_global":0,"stock_local":0,"stock_global":1738,"on_standby":false,"in_catalog":true,"images":{"miniature":["https:\/\/media.th4.com\/Zwj2M_sXToYkhc_L-T06SIX7hO9UkdwDoZG7HYq8xfc\/pr:80\/aHR0cDovL21lZGlhMi5kZXNpZ25wYXJ0bmVyLmZyL2MvcC8xNDYyMi8xNDYyMi0xMzQ0LTEuanBn?v=1638344265","https:\/\/media.th4.com\/MbMZF6V4fUnqIH4t7_mEw--QsL0LTtvH3GuS0fzG4oY\/pr:80\/aHR0cDovL21lZGlhMi5kZXNpZ25wYXJ0bmVyLmZyL2MvcC8xNDYyMi8xNDYyMi0xMzQ0LTIuanBn?v=1638344265"],"medium":["https:\/\/media.th4.com\/X_QmkxZkBOjC4jZOd9EYgvz5L5fhdWocXx0mWIcWY8I\/pr:550x550\/aHR0cDovL21lZGlhMi5kZXNpZ25wYXJ0bmVyLmZyL2MvcC8xNDYyMi8xNDYyMi0xMzQ0LTEuanBn?v=1638344265","https:\/\/media.th4.com\/Rz0deueQ-6uvw0_dK8Tq84BEsiQCsY0yJHsdk2gjOkk\/pr:550x550\/aHR0cDovL21lZGlhMi5kZXNpZ25wYXJ0bmVyLmZyL2MvcC8xNDYyMi8xNDYyMi0xMzQ0LTIuanBn?v=1638344265"],"medium_large":["https:\/\/media.th4.com\/jieKlnuf7vRyFv9f404Fni67kbHV2R5r_Zpqe25duBs\/pr:1000x1000\/aHR0cDovL21lZGlhMi5kZXNpZ25wYXJ0bmVyLmZyL2MvcC8xNDYyMi8xNDYyMi0xMzQ0LTEuanBn?v=1638344265","https:\/\/media.th4.com\/ps-V5748Xb2chu1sCoFVhgD9kboOzSZuAPX3E_LBf6w\/pr:1000x1000\/aHR0cDovL21lZGlhMi5kZXNpZ25wYXJ0bmVyLmZyL2MvcC8xNDYyMi8xNDYyMi0xMzQ0LTIuanBn?v=1638344265"],"large":["https:\/\/media.th4.com\/2NXEj8FZqW_pAR0iCm2yw4HyUYGxJgP7YjctxMFNmBI\/pr:1920\/aHR0cDovL21lZGlhMi5kZXNpZ25wYXJ0bmVyLmZyL2MvcC8xNDYyMi8xNDYyMi0xMzQ0LTEuanBn?v=1638344265","https:\/\/media.th4.com\/-l64Wjwdf8V9ZkqJJjCE0kAfLQl9YGVSqxzcjrSaNTs\/pr:1920\/aHR0cDovL21lZGlhMi5kZXNpZ25wYXJ0bmVyLmZyL2MvcC8xNDYyMi8xNDYyMi0xMzQ0LTIuanBn?v=1638344265"],"opengraph":["https:\/\/media.th4.com\/8hoD3vrgVvzJHdlRaDuifBqcqMXTNw8yuUl6mtVpKsU\/pr:1200x630\/aHR0cDovL21lZGlhMi5kZXNpZ25wYXJ0bmVyLmZyL2MvcC8xNDYyMi8xNDYyMi0xMzQ0LTEuanBn?v=1638344265","https:\/\/media.th4.com\/MuQELOIGzVeXwdrr1mZD_wmGbgZyMFO3Hz6_o5yIwy4\/pr:1200x630\/aHR0cDovL21lZGlhMi5kZXNpZ25wYXJ0bmVyLmZyL2MvcC8xNDYyMi8xNDYyMi0xMzQ0LTIuanBn?v=1638344265"]},"images_customization":{"miniature":["https:\/\/media.th4.com\/Zwj2M_sXToYkhc_L-T06SIX7hO9UkdwDoZG7HYq8xfc\/pr:80\/aHR0cDovL21lZGlhMi5kZXNpZ25wYXJ0bmVyLmZyL2MvcC8xNDYyMi8xNDYyMi0xMzQ0LTEuanBn?v=1638344265","https:\/\/media.th4.com\/MbMZF6V4fUnqIH4t7_mEw--QsL0LTtvH3GuS0fzG4oY\/pr:80\/aHR0cDovL21lZGlhMi5kZXNpZ25wYXJ0bmVyLmZyL2MvcC8xNDYyMi8xNDYyMi0xMzQ0LTIuanBn?v=1638344265"],"medium":["https:\/\/media.th4.com\/X_QmkxZkBOjC4jZOd9EYgvz5L5fhdWocXx0mWIcWY8I\/pr:550x550\/aHR0cDovL21lZGlhMi5kZXNpZ25wYXJ0bmVyLmZyL2MvcC8xNDYyMi8xNDYyMi0xMzQ0LTEuanBn?v=1638344265","https:\/\/media.th4.com\/Rz0deueQ-6uvw0_dK8Tq84BEsiQCsY0yJHsdk2gjOkk\/pr:550x550\/aHR0cDovL21lZGlhMi5kZXNpZ25wYXJ0bmVyLmZyL2MvcC8xNDYyMi8xNDYyMi0xMzQ0LTIuanBn?v=1638344265"],"medium_large":["https:\/\/media.th4.com\/jieKlnuf7vRyFv9f404Fni67kbHV2R5r_Zpqe25duBs\/pr:1000x1000\/aHR0cDovL21lZGlhMi5kZXNpZ25wYXJ0bmVyLmZyL2MvcC8xNDYyMi8xNDYyMi0xMzQ0LTEuanBn?v=1638344265","https:\/\/media.th4.com\/ps-V5748Xb2chu1sCoFVhgD9kboOzSZuAPX3E_LBf6w\/pr:1000x1000\/aHR0cDovL21lZGlhMi5kZXNpZ25wYXJ0bmVyLmZyL2MvcC8xNDYyMi8xNDYyMi0xMzQ0LTIuanBn?v=1638344265"],"large":["https:\/\/media.th4.com\/2NXEj8FZqW_pAR0iCm2yw4HyUYGxJgP7YjctxMFNmBI\/pr:1920\/aHR0cDovL21lZGlhMi5kZXNpZ25wYXJ0bmVyLmZyL2MvcC8xNDYyMi8xNDYyMi0xMzQ0LTEuanBn?v=1638344265","https:\/\/media.th4.com\/-l64Wjwdf8V9ZkqJJjCE0kAfLQl9YGVSqxzcjrSaNTs\/pr:1920\/aHR0cDovL21lZGlhMi5kZXNpZ25wYXJ0bmVyLmZyL2MvcC8xNDYyMi8xNDYyMi0xMzQ0LTIuanBn?v=1638344265"],"opengraph":["https:\/\/media.th4.com\/8hoD3vrgVvzJHdlRaDuifBqcqMXTNw8yuUl6mtVpKsU\/pr:1200x630\/aHR0cDovL21lZGlhMi5kZXNpZ25wYXJ0bmVyLmZyL2MvcC8xNDYyMi8xNDYyMi0xMzQ0LTEuanBn?v=1638344265","https:\/\/media.th4.com\/MuQELOIGzVeXwdrr1mZD_wmGbgZyMFO3Hz6_o5yIwy4\/pr:1200x630\/aHR0cDovL21lZGlhMi5kZXNpZ25wYXJ0bmVyLmZyL2MvcC8xNDYyMi8xNDYyMi0xMzQ0LTIuanBn?v=1638344265"]},"country_origin":"BD","traceability":{"manufacturing_country_id":null,"weaving_country_id":null,"dyeing_country_id":null},"sizes":[{"id":211,"article_id":375972,"class_id":0,"name":"38","on_standby":false,"stock_local":0,"stock_global":43,"multiple":1,"estimated_date_reassort":null,"is_destocking":false},{"id":265,"article_id":375973,"class_id":0,"name":"40","on_standby":false,"stock_local":0,"stock_global":244,"multiple":1,"estimated_date_reassort":null,"is_destocking":false},{"id":214,"article_id":375974,"class_id":0,"name":"42","on_standby":false,"stock_local":0,"stock_global":358,"multiple":1,"estimated_date_reassort":null,"is_destocking":false},{"id":249,"article_id":375975,"class_id":0,"name":"44","on_standby":false,"stock_local":0,"stock_global":357,"multiple":1,"estimated_date_reassort":null,"is_destocking":false},{"id":243,"article_id":375976,"class_id":0,"name":"46","on_standby":false,"stock_local":0,"stock_global":162,"multiple":1,"estimated_date_reassort":null,"is_destocking":false},{"id":238,"article_id":375977,"class_id":0,"name":"48","on_standby":false,"stock_local":0,"stock_global":131,"multiple":1,"estimated_date_reassort":null,"is_destocking":false},{"id":244,"article_id":375978,"class_id":0,"name":"50","on_standby":false,"stock_local":0,"stock_global":155,"multiple":1,"estimated_date_reassort":null,"is_destocking":false},{"id":245,"article_id":375979,"class_id":0,"name":"52","on_standby":false,"stock_local":0,"stock_global":213,"multiple":1,"estimated_date_reassort":null,"is_destocking":false},{"id":246,"article_id":375980,"class_id":0,"name":"54","on_standby":false,"stock_local":0,"stock_global":75,"multiple":1,"estimated_date_reassort":null,"is_destocking":false}],"page_links":{"fr":"\/fr\/p-ka-k745-pantalon-leger-multipoches-homme-k745-14622\/beige-1344\/","en":"\/en\/p-ka-k745-light-multipocket-mens-k745-pants-14622\/beige-1344\/","de":"\/de\/p-ka-k745-leichter-mehrtaschenhose-fur-manner-k745-14622\/beige-1344\/","nl":"\/nl\/p-ka-k745-lichte-broek-met-meerdere-zakken-voor-mannen-k745-14622\/beige-1344\/","es":"\/es\/p-ka-k745-pantalon-ligero-multipocillos-hombre-k745-14622\/beige-1344\/","it":"\/it\/p-ka-k745-pantalone-leggero-multipocket-uomo-k745-14622\/beige-1344\/","sv":"\/sv\/p-ka-k745-latt-flerkammig-byx-for-man-k745-14622\/beige-1344\/","pt":"\/pt\/p-ka-k745-calca-leve-multipockets-homem-k745-14622\/beige-1344\/","da":"\/da\/p-ka-k745-let-pantalon-med-flere-lommer-til-mand-k745-14622\/beige-1344\/","pl":"\/pl\/p-ka-k745-lekki-spodnie-wielokieszeniowe-dla-mezczyzn-k745-14622\/beige-1344\/"},"page_links_customization":{"fr":"\/fr\/p-ka-k745-pantalon-leger-multipoches-homme-k745-personnalisation-14622\/beige-1344\/custom\/","en":"\/en\/p-ka-k745-lightweight-multi-pocket-mens-pants-k745-customization-14622\/beige-1344\/custom\/","de":"\/de\/p-ka-k745-leichter-mehrtaschenhosen-fur-manner-k745-personalisierung-14622\/beige-1344\/custom\/","nl":"\/nl\/p-ka-k745-licht-broek-met-meerdere-zakken-voor-mannen-k745-aanpassing-14622\/beige-1344\/custom\/","es":"\/es\/p-ka-k745-pantalon-ligero-multipocket-hombre-k745-personalizacion-14622\/beige-1344\/custom\/","it":"\/it\/p-ka-k745-pantalone-leggero-multitasche-uomo-k745-personalizzazione-14622\/beige-1344\/custom\/","sv":"\/sv\/p-ka-k745-latt-flerkolvade-byxor-for-man-k745-personliggoring-14622\/beige-1344\/custom\/","pt":"\/pt\/p-ka-k745-calcas-leves-de-multiplos-bolsos-para-homens-k745-personalizacao-14622\/beige-1344\/custom\/","da":"\/da\/p-ka-k745-lette-multipockets-bukser-for-maend-k745-personalisering-14622\/beige-1344\/custom\/","pl":"\/pl\/p-ka-k745-lekkie-meskie-spodnie-wielokieszonkowe-k745-personalizacja-14622\/beige-1344\/custom\/"}},{"id":16621,"name":"light_charcoal","class_ids":[3],"codes_hexa":["4d4b56"],"delai_24":false,"has_3d":false,"seuil_global":0,"stock_local":0,"stock_global":1460,"on_standby":false,"in_catalog":true,"images":{"miniature":["https:\/\/media.th4.com\/PJZgHCCdePQWoSjMfXtFyRyg3rmcX5nYJj8tH0FTjzs\/pr:80\/aHR0cDovL21lZGlhMi5kZXNpZ25wYXJ0bmVyLmZyL2MvcC8xNDYyMi8xNDYyMi0xNjYyMS0xLmpwZw?v=1638344265","https:\/\/media.th4.com\/0ZDya8RVCaXKU7XXqmBPUOyedtvs0lCLq4un2N4CABQ\/pr:80\/aHR0cDovL21lZGlhMi5kZXNpZ25wYXJ0bmVyLmZyL2MvcC8xNDYyMi8xNDYyMi0xNjYyMS0yLmpwZw?v=1638344265"],"medium":["https:\/\/media.th4.com\/Z56eW7gkTYy8eyYrNadwsdxKAV7_uS0mxNuFcn61DBc\/pr:550x550\/aHR0cDovL21lZGlhMi5kZXNpZ25wYXJ0bmVyLmZyL2MvcC8xNDYyMi8xNDYyMi0xNjYyMS0xLmpwZw?v=1638344265","https:\/\/media.th4.com\/xFuCQuMdQk89kh07FSYxaMEjSVjjaM0bT8RJGg6DzNU\/pr:550x550\/aHR0cDovL21lZGlhMi5kZXNpZ25wYXJ0bmVyLmZyL2MvcC8xNDYyMi8xNDYyMi0xNjYyMS0yLmpwZw?v=1638344265"],"medium_large":["https:\/\/media.th4.com\/o3sjMZIDijU_pwF7jrMBNHHTuPdFsPKZA-SckPQ-MSE\/pr:1000x1000\/aHR0cDovL21lZGlhMi5kZXNpZ25wYXJ0bmVyLmZyL2MvcC8xNDYyMi8xNDYyMi0xNjYyMS0xLmpwZw?v=1638344265","https:\/\/media.th4.com\/po6ZciJpwtA1FitqKLZ8MMbqKOR14icAB121HsZSaFY\/pr:1000x1000\/aHR0cDovL21lZGlhMi5kZXNpZ25wYXJ0bmVyLmZyL2MvcC8xNDYyMi8xNDYyMi0xNjYyMS0yLmpwZw?v=1638344265"],"large":["https:\/\/media.th4.com\/rwOKaigmjEcNhneE6G4qRYayrdN-XlpT6t0kkHdPClg\/pr:1920\/aHR0cDovL21lZGlhMi5kZXNpZ25wYXJ0bmVyLmZyL2MvcC8xNDYyMi8xNDYyMi0xNjYyMS0xLmpwZw?v=1638344265","https:\/\/media.th4.com\/Euj9_uVE6klaFMTC1PKHd5enPGHgyA1gfOU5-qZ_lWM\/pr:1920\/aHR0cDovL21lZGlhMi5kZXNpZ25wYXJ0bmVyLmZyL2MvcC8xNDYyMi8xNDYyMi0xNjYyMS0yLmpwZw?v=1638344265"],"opengraph":["https:\/\/media.th4.com\/IBJZx3Uuw3HGOUSh5dkBFWZtDSbbWniFIx0ZKCF3hH4\/pr:1200x630\/aHR0cDovL21lZGlhMi5kZXNpZ25wYXJ0bmVyLmZyL2MvcC8xNDYyMi8xNDYyMi0xNjYyMS0xLmpwZw?v=1638344265","https:\/\/media.th4.com\/6OY4TdWT9Q9Sb-zGfAlIFPPd9bDRL4LDJNGisPsxldI\/pr:1200x630\/aHR0cDovL21lZGlhMi5kZXNpZ25wYXJ0bmVyLmZyL2MvcC8xNDYyMi8xNDYyMi0xNjYyMS0yLmpwZw?v=1638344265"]},"images_customization":{"miniature":["https:\/\/media.th4.com\/PJZgHCCdePQWoSjMfXtFyRyg3rmcX5nYJj8tH0FTjzs\/pr:80\/aHR0cDovL21lZGlhMi5kZXNpZ25wYXJ0bmVyLmZyL2MvcC8xNDYyMi8xNDYyMi0xNjYyMS0xLmpwZw?v=1638344265","https:\/\/media.th4.com\/0ZDya8RVCaXKU7XXqmBPUOyedtvs0lCLq4un2N4CABQ\/pr:80\/aHR0cDovL21lZGlhMi5kZXNpZ25wYXJ0bmVyLmZyL2MvcC8xNDYyMi8xNDYyMi0xNjYyMS0yLmpwZw?v=1638344265"],"medium":["https:\/\/media.th4.com\/Z56eW7gkTYy8eyYrNadwsdxKAV7_uS0mxNuFcn61DBc\/pr:550x550\/aHR0cDovL21lZGlhMi5kZXNpZ25wYXJ0bmVyLmZyL2MvcC8xNDYyMi8xNDYyMi0xNjYyMS0xLmpwZw?v=1638344265","https:\/\/media.th4.com\/xFuCQuMdQk89kh07FSYxaMEjSVjjaM0bT8RJGg6DzNU\/pr:550x550\/aHR0cDovL21lZGlhMi5kZXNpZ25wYXJ0bmVyLmZyL2MvcC8xNDYyMi8xNDYyMi0xNjYyMS0yLmpwZw?v=1638344265"],"medium_large":["https:\/\/media.th4.com\/o3sjMZIDijU_pwF7jrMBNHHTuPdFsPKZA-SckPQ-MSE\/pr:1000x1000\/aHR0cDovL21lZGlhMi5kZXNpZ25wYXJ0bmVyLmZyL2MvcC8xNDYyMi8xNDYyMi0xNjYyMS0xLmpwZw?v=1638344265","https:\/\/media.th4.com\/po6ZciJpwtA1FitqKLZ8MMbqKOR14icAB121HsZSaFY\/pr:1000x1000\/aHR0cDovL21lZGlhMi5kZXNpZ25wYXJ0bmVyLmZyL2MvcC8xNDYyMi8xNDYyMi0xNjYyMS0yLmpwZw?v=1638344265"],"large":["https:\/\/media.th4.com\/rwOKaigmjEcNhneE6G4qRYayrdN-XlpT6t0kkHdPClg\/pr:1920\/aHR0cDovL21lZGlhMi5kZXNpZ25wYXJ0bmVyLmZyL2MvcC8xNDYyMi8xNDYyMi0xNjYyMS0xLmpwZw?v=1638344265","https:\/\/media.th4.com\/Euj9_uVE6klaFMTC1PKHd5enPGHgyA1gfOU5-qZ_lWM\/pr:1920\/aHR0cDovL21lZGlhMi5kZXNpZ25wYXJ0bmVyLmZyL2MvcC8xNDYyMi8xNDYyMi0xNjYyMS0yLmpwZw?v=1638344265"],"opengraph":["https:\/\/media.th4.com\/IBJZx3Uuw3HGOUSh5dkBFWZtDSbbWniFIx0ZKCF3hH4\/pr:1200x630\/aHR0cDovL21lZGlhMi5kZXNpZ25wYXJ0bmVyLmZyL2MvcC8xNDYyMi8xNDYyMi0xNjYyMS0xLmpwZw?v=1638344265","https:\/\/media.th4.com\/6OY4TdWT9Q9Sb-zGfAlIFPPd9bDRL4LDJNGisPsxldI\/pr:1200x630\/aHR0cDovL21lZGlhMi5kZXNpZ25wYXJ0bmVyLmZyL2MvcC8xNDYyMi8xNDYyMi0xNjYyMS0yLmpwZw?v=1638344265"]},"country_origin":"BD","traceability":{"manufacturing_country_id":null,"weaving_country_id":null,"dyeing_country_id":null},"sizes":[{"id":211,"article_id":375981,"class_id":0,"name":"38","on_standby":false,"stock_local":0,"stock_global":35,"multiple":1,"estimated_date_reassort":null,"is_destocking":false},{"id":265,"article_id":375982,"class_id":0,"name":"40","on_standby":false,"stock_local":0,"stock_global":217,"multiple":1,"estimated_date_reassort":null,"is_destocking":false},{"id":214,"article_id":375983,"class_id":0,"name":"42","on_standby":false,"stock_local":0,"stock_global":372,"multiple":1,"estimated_date_reassort":null,"is_destocking":false},{"id":249,"article_id":375984,"class_id":0,"name":"44","on_standby":false,"stock_local":0,"stock_global":311,"multiple":1,"estimated_date_reassort":null,"is_destocking":false},{"id":243,"article_id":375985,"class_id":0,"name":"46","on_standby":false,"stock_local":0,"stock_global":204,"multiple":1,"estimated_date_reassort":null,"is_destocking":false},{"id":238,"article_id":375986,"class_id":0,"name":"48","on_standby":false,"stock_local":0,"stock_global":122,"multiple":1,"estimated_date_reassort":null,"is_destocking":false},{"id":244,"article_id":375987,"class_id":0,"name":"50","on_standby":false,"stock_local":0,"stock_global":100,"multiple":1,"estimated_date_reassort":null,"is_destocking":false},{"id":245,"article_id":375988,"class_id":0,"name":"52","on_standby":false,"stock_local":0,"stock_global":71,"multiple":1,"estimated_date_reassort":null,"is_destocking":false},{"id":246,"article_id":375989,"class_id":0,"name":"54","on_standby":false,"stock_local":0,"stock_global":28,"multiple":1,"estimated_date_reassort":null,"is_destocking":false}],"page_links":{"fr":"\/fr\/p-ka-k745-pantalon-leger-multipoches-homme-k745-14622\/light-charcoal-16621\/","en":"\/en\/p-ka-k745-light-multipocket-mens-k745-pants-14622\/light-charcoal-16621\/","de":"\/de\/p-ka-k745-leichter-mehrtaschenhose-fur-manner-k745-14622\/light-charcoal-16621\/","nl":"\/nl\/p-ka-k745-lichte-broek-met-meerdere-zakken-voor-mannen-k745-14622\/light-charcoal-16621\/","es":"\/es\/p-ka-k745-pantalon-ligero-multipocillos-hombre-k745-14622\/light-charcoal-16621\/","it":"\/it\/p-ka-k745-pantalone-leggero-multipocket-uomo-k745-14622\/light-charcoal-16621\/","sv":"\/sv\/p-ka-k745-latt-flerkammig-byx-for-man-k745-14622\/light-charcoal-16621\/","pt":"\/pt\/p-ka-k745-calca-leve-multipockets-homem-k745-14622\/light-charcoal-16621\/","da":"\/da\/p-ka-k745-let-pantalon-med-flere-lommer-til-mand-k745-14622\/light-charcoal-16621\/","pl":"\/pl\/p-ka-k745-lekki-spodnie-wielokieszeniowe-dla-mezczyzn-k745-14622\/light-charcoal-16621\/"},"page_links_customization":{"fr":"\/fr\/p-ka-k745-pantalon-leger-multipoches-homme-k745-personnalisation-14622\/light-charcoal-16621\/custom\/","en":"\/en\/p-ka-k745-lightweight-multi-pocket-mens-pants-k745-customization-14622\/light-charcoal-16621\/custom\/","de":"\/de\/p-ka-k745-leichter-mehrtaschenhosen-fur-manner-k745-personalisierung-14622\/light-charcoal-16621\/custom\/","nl":"\/nl\/p-ka-k745-licht-broek-met-meerdere-zakken-voor-mannen-k745-aanpassing-14622\/light-charcoal-16621\/custom\/","es":"\/es\/p-ka-k745-pantalon-ligero-multipocket-hombre-k745-personalizacion-14622\/light-charcoal-16621\/custom\/","it":"\/it\/p-ka-k745-pantalone-leggero-multitasche-uomo-k745-personalizzazione-14622\/light-charcoal-16621\/custom\/","sv":"\/sv\/p-ka-k745-latt-flerkolvade-byxor-for-man-k745-personliggoring-14622\/light-charcoal-16621\/custom\/","pt":"\/pt\/p-ka-k745-calcas-leves-de-multiplos-bolsos-para-homens-k745-personalizacao-14622\/light-charcoal-16621\/custom\/","da":"\/da\/p-ka-k745-lette-multipockets-bukser-for-maend-k745-personalisering-14622\/light-charcoal-16621\/custom\/","pl":"\/pl\/p-ka-k745-lekkie-meskie-spodnie-wielokieszonkowe-k745-personalizacja-14622\/light-charcoal-16621\/custom\/"}}],"documentation_link":"\/pdf\/14622.pdf","countries_availables":["AD","AE","AL","AT","BA","BD","BE","BG","BL","CA","CH","CN","CO","CY","CZ","DE","DK","DO","EE","EG","ES","ET","FI","FR","GB","GE","GF","GP","GR","GT","HK","HN","HR","HT","HU","ID","IE","IN","IS","IT","JO","JP","KE","KH","KP","KR","LA","LK","LS","LT","LU","LV","MA","MF","MG","MK","MM","MN","MQ","MT","MX","MY","NC","NI","NL","PF","PH","PK","PL","PM","PT","RE","RO","SE","SG","SI","SK","SV","SY","TH","TN","TR","TW","TZ","US","VN","WF","YT"]},"infos_customization":[],"features":{"authorize_multi_surfaces":true,"display_order_delay_type":true,"promote_surface_display":true,"tarification_franco_offert":true,"enabled_3d_editor":false},"markings":[{"id":0,"nom":"vierge","finition":null,"libelle":null,"code":null,"dpi":null,"finesse_forme_isolee":null,"finesse_forme_non_isolee":null,"hauteur_minimale_texte":null,"inactif":0,"marquage_interne":1,"quantite_min":null,"parent_id":null,"print_on_support":0,"content":"vierge","description":null},{"id":2,"nom":"fonce","finition":"optimale","libelle":"TopQuadri","code":null,"dpi":400,"finesse_forme_isolee":"0.040","finesse_forme_non_isolee":"0.700","hauteur_minimale_texte":2,"inactif":0,"marquage_interne":1,"quantite_min":null,"parent_id":18,"print_on_support":0,"content":"TopQuadri","description":"pour petites et moyennes s\u00e9ries"},{"id":3,"nom":"serigraphie","finition":"serigraphie","libelle":"SeriCoat","code":null,"dpi":400,"finesse_forme_isolee":"0.040","finesse_forme_non_isolee":"0.700","hauteur_minimale_texte":2,"inactif":0,"marquage_interne":1,"quantite_min":15,"parent_id":18,"print_on_support":0,"content":"SeriCoat","description":"pour moyennes et grandes s\u00e9ries"},{"id":4,"nom":"broderie","finition":"broderie","libelle":"Broderie","code":null,"dpi":400,"finesse_forme_isolee":"0.040","finesse_forme_non_isolee":"0.700","hauteur_minimale_texte":3,"inactif":0,"marquage_interne":1,"quantite_min":null,"parent_id":null,"print_on_support":0,"content":"Broderie","description":null},{"id":8,"nom":"theme","finition":null,"libelle":"Th\u00e8me","code":null,"dpi":null,"finesse_forme_isolee":null,"finesse_forme_non_isolee":null,"hauteur_minimale_texte":null,"inactif":0,"marquage_interne":1,"quantite_min":null,"parent_id":null,"print_on_support":0,"content":"Th\u00e8me","description":null},{"id":9,"nom":"sans","finition":null,"libelle":null,"code":null,"dpi":null,"finesse_forme_isolee":null,"finesse_forme_non_isolee":null,"hauteur_minimale_texte":null,"inactif":0,"marquage_interne":1,"quantite_min":null,"parent_id":null,"print_on_support":0,"content":"sans","description":null},{"id":10,"nom":"photo","finition":null,"libelle":"Photo","code":null,"dpi":null,"finesse_forme_isolee":null,"finesse_forme_non_isolee":null,"hauteur_minimale_texte":null,"inactif":0,"marquage_interne":1,"quantite_min":null,"parent_id":null,"print_on_support":0,"content":"Photo","description":null},{"id":14,"nom":"couleur","finition":null,"libelle":"Couleur","code":null,"dpi":null,"finesse_forme_isolee":null,"finesse_forme_non_isolee":null,"hauteur_minimale_texte":null,"inactif":0,"marquage_interne":1,"quantite_min":null,"parent_id":null,"print_on_support":0,"content":"Couleur","description":null},{"id":15,"nom":"sublimation","finition":"sublimation","libelle":"Sublimation","code":null,"dpi":null,"finesse_forme_isolee":"0.000","finesse_forme_non_isolee":"0.000","hauteur_minimale_texte":2,"inactif":0,"marquage_interne":1,"quantite_min":null,"parent_id":null,"print_on_support":0,"content":"Sublimation","description":null},{"id":16,"nom":"topquadri_uv","finition":null,"libelle":"TopQuadri UV","code":null,"dpi":null,"finesse_forme_isolee":"0.020","finesse_forme_non_isolee":"0.700","hauteur_minimale_texte":2,"inactif":0,"marquage_interne":1,"quantite_min":null,"parent_id":null,"print_on_support":1,"content":null,"description":null},{"id":17,"nom":"topquadri_uvp","finition":null,"libelle":"TopQuadri UVP","code":null,"dpi":null,"finesse_forme_isolee":"0.020","finesse_forme_non_isolee":"0.700","hauteur_minimale_texte":2,"inactif":0,"marquage_interne":1,"quantite_min":null,"parent_id":null,"print_on_support":1,"content":null,"description":null},{"id":18,"nom":"quadri","finition":null,"libelle":"Impression","code":null,"dpi":null,"finesse_forme_isolee":null,"finesse_forme_non_isolee":null,"hauteur_minimale_texte":null,"inactif":0,"marquage_interne":1,"quantite_min":null,"parent_id":null,"print_on_support":0,"content":null,"description":null}]}}