{"data":{"product":{"id":1462,"titre":"Parka enfant","description":"Ext\u00e9rieur : 100% polyester Oxford. Doublure : 100% polyester\nmatelass\u00e9. Fermeture zipp\u00e9e et patte de boutonnage \u00e0 pressions\net auto-agrippante. 2 poches lat\u00e9rales zipp\u00e9es. 2 poches\nint\u00e9rieures dont 1 pour t\u00e9l\u00e9phone portable. Capuche dans le col\ndoubl\u00e9 polaire. Zip int\u00e9rieur pour personnalisation.","genre":"enfant","grammage":250,"conditionnement":10,"composition":"polyester,polyester_uniquement","reference":"K696","reference_visible":"ka-k696","reference_fabricant":"K696","ref_xor":"742387","in_catalog":true,"is_transfer":false,"is_service":false,"on_standby":false,"has_3d":false,"has_size_guide":true,"has_marking":true,"has_vierge":true,"is_cross_sellable":false,"id_picto":28,"filename_3d":null,"brand":{"id":25,"name":"Kariban","logo":"logo-kariban.png","image":"https:\/\/media.th4.com\/0rw9lHnnPIY5Gn0FZVsrv47tC3tEhLUIsdVYj4xy6L4\/pr:brand70x70\/aHR0cDovL21lZGlhMi5kZXNpZ25wYXJ0bmVyLmZyL2MvbS9sb2dvLWthcmliYW4ucG5n?v=1736960982"},"price_infos":{"price_from":28.45,"quantity":240,"color":{"id":1261,"name":"navy"},"size":{"id":33,"name":"12\/14ans"}},"price_infos_marking":{"price_from":31.95,"quantity":350,"color":{"id":1261,"name":"navy"},"size":{"id":33,"name":"12\/14ans"},"marking":{"id":2,"name":""},"emplacement":"avant","surface_emplacement_id":1,"surface":"coeur"},"i18n":{"blank":{"title":{"fr":"Parka enfant KARIBAN k696","en":"Children's Parka KARIBAN k696","de":"Kinderparka KARIBAN k696","nl":"Kinderen Parka KARIBAN k696","es":"Abrigo para ni\u00f1o KARIBAN k696","it":"Parka bambino KARIBAN k696","sv":"Barnparka KARIBAN k696","pt":"Parka infantil KARIBAN k696","da":"B\u00f8rneparka KARIBAN k696","pl":"Parka dzieci\u0119ca KARIBAN k696"},"description":{"fr":"Parka enfant con\u00e7u en polyester Oxford pour l'ext\u00e9rieur et dot\u00e9 d'une doublure polaire matelass\u00e9e assurant un confort thermique. Il dispose d'une fermeture zipp\u00e9e renforc\u00e9e par une patte de boutonnage \u00e0 pressions et auto-agrippante pour une protection accrue contre les \u00e9l\u00e9ments. Il propose deux poches lat\u00e9rales pratiques, zipp\u00e9es pour la s\u00e9curit\u00e9 des effets personnels, ainsi que deux poches int\u00e9rieures, dont une sp\u00e9cifiquement con\u00e7ue pour accueillir un t\u00e9l\u00e9phone portable. La capuche int\u00e9gr\u00e9e dans le col est doubl\u00e9e en polaire pour un confort suppl\u00e9mentaire. Ce mod\u00e8le permet une personnalisation via un zip int\u00e9rieur. \n\n- Ext\u00e9rieur : 100% polyester Oxford\n- Doublure : 100% polyester matelass\u00e9\n- 2 poches lat\u00e9rales zipp\u00e9es\n- 2 poches int\u00e9rieures (dont 1 pour t\u00e9l\u00e9phone)","en":"Children's parka made of Oxford polyester for the exterior and featuring a quilted fleece lining for thermal comfort. It has a reinforced zip closure with a snap button and Velcro flap for added protection against the elements. It offers two practical zipped side pockets for securing personal belongings, as well as two inner pockets, one of which is specifically designed to hold a mobile phone. The hood integrated into the collar is lined with fleece for added comfort. This model allows for customization via an inner zip.","de":"Kinderparka aus Polyester Oxford f\u00fcr den Au\u00dfenbereich mit einem wattierten Polarfutter f\u00fcr thermischen Komfort. Mit einem Rei\u00dfverschluss, verst\u00e4rkt durch eine Knopfleiste mit Druckkn\u00f6pfen und Klettverschluss f\u00fcr zus\u00e4tzlichen Schutz vor den Elementen. Es bietet zwei praktische Seitentaschen mit Rei\u00dfverschluss f\u00fcr die Sicherheit der pers\u00f6nlichen Gegenst\u00e4nde sowie zwei Innentaschen, von denen eine speziell f\u00fcr die Aufnahme eines Handys konzipiert ist. Die im Kragen integrierte Kapuze ist mit Polarfutter f\u00fcr zus\u00e4tzlichen Komfort gef\u00fcttert. Dieses Modell erm\u00f6glicht eine Personalisierung durch einen Innenrei\u00dfverschluss.\n\n- \u00c4u\u00dferes: 100% Polyester Oxford\n- Futter: 100% wattiertes Polyester\n- 2 Seitentaschen mit Rei\u00dfverschluss\n- 2 Innentaschen (davon 1 f\u00fcr Handy)","nl":"Kinderen Parka gemaakt van polyester Oxford voor buitengebruik en voorzien van een gevulde polaire voering die thermisch comfort biedt. Het heeft een versterkte ritssluiting met een drukknopband met snelkoppeling en een zelfklevende band voor verbeterde bescherming tegen de elementen. Het biedt twee handige zijpockets, met ritssluiting voor de veiligheid van persoonlijke spullen, evenals twee binnenpockets, waarvan \u00e9\u00e9n speciaal ontworpen is om een mobiele telefoon op te bergen. De capuchon die is ge\u00efntegreerd in de kraag is voorzien van een polaire voering voor extra comfort. Dit model stelt personalisatie voor via een binnenritssluiting.\n\n- Buitenkant: 100% polyester Oxford\n- Voering: 100% gevuld polyester\n- 2 zijpockets met ritssluiting\n- 2 binnenpockets (waarvan 1 voor telefoon)","es":"Abrigo para ni\u00f1o fabricado en poli\u00e9ster Oxford para exteriores y con forro polar acolchado que garantiza un confort t\u00e9rmico. Tiene una cremallera reforzada con una solapa de botones de presi\u00f3n y autoagripante para una protecci\u00f3n adicional contra los elementos. Ofrece dos bolsillos laterales pr\u00e1cticos, con cremallera para la seguridad de los efectos personales, as\u00ed como dos bolsillos interiores, uno de ellos espec\u00edficamente dise\u00f1ado para albergar un tel\u00e9fono m\u00f3vil. La capucha integrada en el cuello est\u00e1 forrada en polar para un confort adicional. Este modelo permite una personalizaci\u00f3n a trav\u00e9s de una cremallera interior.  \n\n- Exterior : 100% poli\u00e9ster Oxford\n- Forro : 100% poli\u00e9ster acolchado\n- 2 bolsillos laterales con cremallera\n- 2 bolsillos interiores (uno de ellos para tel\u00e9fono)","it":"Parka bambino realizzato in poliestere Oxford per l'esterno e dotato di una fodera imbottita in pile per garantire un comfort termico. \u00c8 dotato di una chiusura lampo rinforzata da un lembo a pressione e autoaggrappante per una maggiore protezione dagli elementi. Offre due pratiche tasche laterali con chiusura lampo per la sicurezza degli effetti personali, nonch\u00e9 due tasche interne, una delle quali specificamente progettata per ospitare un telefono cellulare. Il cappuccio integrato nel colletto \u00e8 imbottito in pile per un comfort aggiuntivo. Questo modello consente una personalizzazione tramite una zip interna. \n\n- Esterno: 100% poliestere Oxford\n- Rivestimento: 100% poliestere imbottito\n- 2 tasche laterali con zip\n- 2 tasche interne (di cui una per telefono)","sv":"Barnparka tillverkad av polyester Oxford f\u00f6r utomhusbruk och med ett pol\u00e4rt madrasserat foder som ger termisk komfort. Den har en f\u00f6rst\u00e4rkt zippf\u00f6rslutning med en knappf\u00e4ste och krokf\u00f6rslutning f\u00f6r \u00f6kat skydd mot v\u00e4dret. Den har tv\u00e5 praktiska zippade sidfackor f\u00f6r s\u00e4kerhet av personliga tillh\u00f6righeter samt tv\u00e5 infackor, varav en \u00e4r specifikt utformad f\u00f6r att rymma en mobiltelefon. Den integrerade halsduken \u00e4r foderad med pol\u00e4r f\u00f6r ytterligare komfort. Denna modell till\u00e5ter personifiering via en inre zipp. \n\n- Utanp\u00e5: 100% polyester Oxford\n- Foder: 100% pol\u00e4r madrass\n- 2 zippade sidfackor\n- 2 infackor (varav 1 f\u00f6r telefon)","pt":"Parka infantil projetada em poli\u00e9ster Oxford para o exterior e com forro polar acolchoado garantindo conforto t\u00e9rmico. Ele possui um fechamento z\u00edper refor\u00e7ado por uma aba de bot\u00e3o pression\u00e1vel e velcro para maior prote\u00e7\u00e3o contra os elementos. Ele oferece dois bolsos laterais pr\u00e1ticos, z\u00edperes para a seguran\u00e7a dos itens pessoais, bem como dois bolsos internos, um dos quais especificamente projetado para acomodar um telefone celular. O capuz integrado no colarinho \u00e9 forrado em polar para maior conforto. Este modelo permite personaliza\u00e7\u00e3o via z\u00edper interno.\n\n- Exterior: 100% poli\u00e9ster Oxford\n- Forro: 100% poli\u00e9ster acolchoado\n- 2 bolsos laterais z\u00edperes\n- 2 bolsos interiores (incluindo 1 para telefone)","da":"B\u00f8rneparka lavet af polyester Oxford til udend\u00f8rs brug og med en pol\u00e6r fyldning, der sikrer varme. Den har en forst\u00e6rket zipforsegling med en knap- og velcrobeskyttelse til ekstra beskyttelse mod elementerne. Der er to praktiske sider med zip til sikring af personlige ejendomme samt to indre lommer, hvoraf den ene er specielt designet til at rumme en mobiltelefon. Den indbyggede kappe i kraven er fyldt med pol\u00e6r materiale til ekstra komfort. Modellen giver mulighed for tilpasning via en indre zip. \n\n- Udvendig: 100% polyester Oxford\n- Fyldning: 100% polyester fyldning\n- 2 sider med zip\n- 2 indre lommer (herunder 1 til telefon)","pl":"Parka dzieci\u0119ca wykonana z poliestru Oxford na zewn\u0105trz i wyposa\u017cona w poduszeczkowan\u0105 wy\u015bci\u00f3\u0142k\u0119 polarow\u0105, kt\u00f3ra zapewnia ciep\u0142o. Ma zamek b\u0142yskawiczny wzmocniony klap\u0105 z guzikami i samoprzylepn\u0105, zapewniaj\u0105c dodatkow\u0105 ochron\u0119 przed warunkami pogodowymi. Proponuje dwa praktyczne zamek b\u0142yskawiczny na bokach, aby upewni\u0107 si\u0119, \u017ce osobiste rzeczy s\u0105 bezpieczne, oraz dwie wewn\u0119trzne kieszenie, w tym jedna specjalnie zaprojektowana do pomieszczenia telefonu kom\u00f3rkowego. Zaintegrowana kapucha w ko\u0142nierzu jest wy\u0142o\u017cona polar\u0105 dla dodatkowego komfortu. Ten model pozwala na personalizacj\u0119 za pomoc\u0105 zameka wewn\u0119trznego. \n\n- Zewn\u0119trzna cz\u0119\u015b\u0107: 100% poliestru Oxford\n- Wy\u015bci\u00f3\u0142ka: 100% poliestru poduszeczkowanego\n- 2 zamek b\u0142yskawiczny na bokach\n- 2 wewn\u0119trzne kieszenie (w tym jedna na telefon)"},"h1":{"fr":"Parka enfant k696","en":"Children's Parka k696","de":"Kinderparka k696","nl":"Kinderen Parka k696","es":"Abrigo para ni\u00f1o k696","it":"Parka bambino k696","sv":"Barnparka k696","pt":"Parka infantil k696","da":"B\u00f8rneparka k696","pl":"Parka dzieci\u0119ca k696"},"meta_description":{"fr":"Parka enfant zipp\u00e9 en polyester Oxford. Doublure polaire matelass\u00e9e. 2 poches lat\u00e9rales et 2 poches int\u00e9rieures, dont une pour t\u00e9l\u00e9phone portable.","en":"Children's zipped parka in Oxford polyester. Quilted fleece lining. 2 side pockets and 2 inner pockets, including one for a mobile phone.","de":"Zippbare Kinderparka aus Polyester Oxford. Polsterfutter. 2 Seitentaschen und 2 Innentaschen, davon eine f\u00fcr Handy.","nl":"Kinderen gepaste Parka met ritssluiting in polyester Oxford. Polaire voering gevuld. 2 zijpockets en 2 binnenpockets, waarvan \u00e9\u00e9n voor een mobiele telefoon.","es":"Abrigo para ni\u00f1o con cremallera en poli\u00e9ster Oxford. Forro polar acolchado. 2 bolsillos laterales y 2 bolsillos interiores, uno de ellos para tel\u00e9fono m\u00f3vil.","it":"Parka bambino con zip in poliestere Oxford. Rivestimento imbottito in pile. 2 tasche laterali e 2 tasche interne, di cui una per telefono cellulare.","sv":"Zippad barnparka av polyester Oxford. Foder av pol\u00e4r madrass. 2 sidfackor och 2 infackor, varav en f\u00f6r mobiltelefon.","pt":"Parka infantil zippado em poli\u00e9ster Oxford. Forro polar acolchoado. 2 bolsos laterais e 2 bolsos interiores, incluindo um para telefone celular.","da":"B\u00f8rneparka med zip i polyester Oxford. Pol\u00e6r fyldning. 2 sider og 2 indre lommer, herunder en til mobiltelefon.","pl":"Dzieci\u0119ca parka z zamek b\u0142yskawiczny z poliestru Oxford. Wyk\u0142adzina polarowa poduszeczkowana. Dwie boki i dwie wewn\u0119trzne kieszenie, w tym jedna na telefon kom\u00f3rkowy."}},"custom":{"title":{"fr":"Parka enfant Blouson parka polyester KARIBAN personnalisation k696","en":"Child Parka Jacket Polyester KARIBAN Customization k696","de":"Kinderparka Parka Blouson polyester KARIBAN Personalisierung k696","nl":"Kind parka jas parka polyester KARIBAN personalisatie k696","es":"Abrigo infantil Chaqueta abrigo poliester KARIBAN personalizaci\u00f3n k696","it":"Giacca parka bambino Blouson parka in poliestere KARIBAN personalizzazione k696","sv":"Barnparka Blouson parka polyester KARIBAN personlighet k696","pt":"Jacket parka infantil Blus\u00e3o parka poli\u00e9ster KARIBAN personaliza\u00e7\u00e3o k696","da":"B\u00f8rn parka jakke polyester KARIBAN personalisering k696","pl":"Dzieci\u0119ca parka kurtka parkowa z poliestru KARIBAN personalizacja k696"},"description":{"fr":"Ce parka enfant est con\u00e7u en polyester Oxford, offrant une r\u00e9sistance et une protection contre les \u00e9l\u00e9ments. Il est dot\u00e9 d'une doublure en polyester matelass\u00e9 pour un confort accru. La fermeture zipp\u00e9e, combin\u00e9e \u00e0 une patte de boutonnage \u00e0 pressions et auto-agrippante, assure une fermeture s\u00e9curis\u00e9e. Il dispose de deux poches lat\u00e9rales zipp\u00e9es et de deux poches int\u00e9rieures, dont une sp\u00e9cialement con\u00e7ue pour accueillir un t\u00e9l\u00e9phone portable. La capuche, int\u00e9gr\u00e9e au col, est doubl\u00e9e en polaire pour un confort suppl\u00e9mentaire. Un zip int\u00e9rieur permet une personnalisation facile par broderie, offrant ainsi la possibilit\u00e9 d'ajouter votre logo ou visuel. \n\n- Ext\u00e9rieur : 100% polyester Oxford\n- Doublure : 100% polyester matelass\u00e9\n- 2 poches lat\u00e9rales zipp\u00e9es\n- 2 poches int\u00e9rieures dont 1 pour t\u00e9l\u00e9phone portable\n- Capuche dans le col doubl\u00e9 polaire\n- Zip int\u00e9rieur pour personnalisation","en":"This child parka is made of Oxford polyester, providing durability and protection against the elements. It features a quilted polyester lining for added comfort. The zip closure, combined with a button tab with snap and hook-and-loop fasteners, ensures secure fastening. It has two side zip pockets and two interior pockets, one of which is specifically designed to hold a mobile phone. The hood, integrated into the collar, is lined with fleece for extra comfort. An interior zip allows for easy customization by embroidery, offering the possibility to add your logo or visual.\n\n- Exterior: 100% Oxford polyester\n- Lining: 100% quilted polyester\n- 2 side zip pockets\n- 2 interior pockets, one for mobile phone\n- Hood in collar lined with fleece\n- Interior zip for customization","de":"Diese Kinderparka ist aus Oxford-Polyester gefertigt, bietet Widerstandsf\u00e4higkeit und Schutz vor den Elementen. Sie verf\u00fcgt \u00fcber eine gepolsterte F\u00fctterung aus Polyester f\u00fcr zus\u00e4tzlichen Komfort. Der Rei\u00dfverschluss, kombiniert mit einer Knopfleiste und einem Klettverschluss, sorgt f\u00fcr einen sicheren Verschluss. Es verf\u00fcgt \u00fcber zwei seitliche Rei\u00dfverschluss-Taschen und zwei Innentaschen, von denen eine speziell f\u00fcr die Aufnahme eines Mobiltelefons konzipiert ist. Die Kapuze, die im Kragen integriert ist, ist mit Polarfutter f\u00fcr zus\u00e4tzlichen Komfort gef\u00fcttert. Ein Innenrei\u00dfverschluss erm\u00f6glicht eine einfache Personalisierung durch Stickerei, wodurch die M\u00f6glichkeit besteht, Ihr Logo oder Ihren Anblick hinzuzuf\u00fcgen. \n\n- \u00c4u\u00dferes: 100% Oxford-Polyester\n- Futter: 100% gepolsterter Polyester\n- 2 seitliche Rei\u00dfverschluss-Taschen\n- 2 Innentaschen davon 1 f\u00fcr Mobiltelefon\n- Kapuze im Kragen mit Polarfutter\n- Innenrei\u00dfverschluss f\u00fcr Personalisierung","nl":"Deze kind parka is gemaakt van polyester Oxford, biedt een duurzaamheid en bescherming tegen de elementen. Het heeft een inlay van gestept polyester voor extra comfort. De rits, gecombineerd met een drukknop sluiting en een auto-aanhangende strip, waarborgt een veilige sluiting. Het beschikt over twee zijzitters rits en twee binnenste zakken, waarvan \u00e9\u00e9n speciaal ontworpen om een telefoon te huisvesten. De capuchon, ingebed in de kraag, is gehemelte polaire voor extra comfort. Een binnenste rits maakt eenvoudige personalisatie mogelijk door borduren, wat u de mogelijkheid biedt om uw logo of visueel toe te voegen. \n\n- Buiten: 100% polyester Oxford\n- Inlay: 100% gestept polyester\n- 2 zijzitters rits\n- 2 binnenste zakken waarvan \u00e9\u00e9n voor een telefoon\n- Capuchon in de kraag gehemelte polaire\n- Binnenste rits voor personalisatie","es":"Este abrigo infantil est\u00e1 dise\u00f1ado en poliester Oxford, ofreciendo resistencia y protecci\u00f3n contra los elementos. Cuenta con un forro de poliester acolchado para mayor comodidad. La cremallera, combinada con una solapa de botones con botones de presi\u00f3n y velcro, asegura un cierre seguro. Tiene dos bolsillos laterales con cremallera y dos bolsillos interiores, uno de los cuales est\u00e1 dise\u00f1ado espec\u00edficamente para alojar un tel\u00e9fono m\u00f3vil. La capucha, integrada en el cuello, est\u00e1 forrada de polar para mayor comodidad. Una cremallera interior permite una personalizaci\u00f3n f\u00e1cil mediante bordado, ofreciendo as\u00ed la posibilidad de agregar su logo o imagen.","it":"Questa giacca parka per bambini \u00e8 realizzata in poliestere Oxford, offrendo resistenza e protezione contro gli elementi. \u00c8 dotata di una fodera in poliestere imbottito per un maggiore comfort. La chiusura a zip, combinata con un lembo a bottoni a pressione e autoaggancianti, assicura una chiusura sicura. Dispone di due tasche laterali a zip e di due tasche interne, una delle quali progettata appositamente per accogliere uno smartphone. Il cappuccio, integrato nel colletto, \u00e8 imbottito di pile per un comfort aggiuntivo. Una zip interna consente una facile personalizzazione con ricamo, offrendo cos\u00ec la possibilit\u00e0 di aggiungere il proprio logo o visivo. \n\n- Esterno: 100% poliestere Oxford\n- Fodera: 100% poliestere imbottito\n- 2 tasche laterali a zip\n- 2 tasche interne di cui una per smartphone\n- Cappuccio nel colletto imbottito di pile\n- Zip interna per personalizzazione","sv":"Denna barnparka \u00e4r tillverkad av polyester Oxford, vilket ger en resistans och skydd mot elementen. Den \u00e4r f\u00f6rsedd med ett fodringsmaterial i matlad polyester f\u00f6r \u00f6kad komfort. Zippst\u00e4ngningen, kombinerad med en knappad flik och auto-grippande, s\u00e4kerst\u00e4ller en s\u00e4ker st\u00e4ngning. Den har tv\u00e5 sidfack med zipp och tv\u00e5 inre fack, varav ett \u00e4r s\u00e4rskilt utformat f\u00f6r att rymma en mobiltelefon. Huvan, integrerad i kragen, \u00e4r fodrad med ull f\u00f6r ytterligare komfort. En inre zipp till\u00e5ter enkel personlighet genom broderi, vilket g\u00f6r det m\u00f6jligt att l\u00e4gga till ditt logo eller visuell.","pt":"Este jacket parka infantil \u00e9 feito de poli\u00e9ster Oxford, oferecendo resist\u00eancia e prote\u00e7\u00e3o contra os elementos. Possui um forro de poli\u00e9ster acolchoado para maior conforto. O fechamento z\u00edper, combinado com uma aba de bot\u00e3o com press\u00e3o e velcro, garante um fechamento seguro. Possui duas bolsas laterais com z\u00edper e duas bolsas internas, uma especialmente projetada para acomodar um telefone celular. O capuz, integrado ao colarinho, \u00e9 forrado com polar para conforto adicional. Um z\u00edper interno permite uma personaliza\u00e7\u00e3o f\u00e1cil por bordado, oferecendo assim a possibilidade de adicionar seu logo ou visual","da":"Denne b\u00f8rn parka er lavet af polyester Oxford, hvilket giver modstandsdygtighed og beskyttelse mod elementerne. Den har en polare fyldning til \u00f8get komfort. Lysl\u00e5sen, kombineret med en knapl\u00e5sning med tryklukker og krog og sl\u00f8jfe, sikrer en sikker lukning. Den har to side lomme med lysl\u00e5s og to indre lomme, hvoraf den ene er specielt designet til at rumme en mobiltelefon. Capuchen, integreret i kraven, er fodret med polare til \u00f8get komfort. En indre lysl\u00e5s g\u00f8r personalisering nem ved broderi, hvilket giver mulighed for at tilf\u00f8je dit logo eller visuel.  Ext\u00e9rieur : 100% polyester Oxford Doublure : 100% polyester matelass\u00e9 2 poches lat\u00e9rales zipp\u00e9es 2 poches int\u00e9rieures dont 1 pour t\u00e9l\u00e9phone portable Capuche dans le col doubl\u00e9 polare Zip int\u00e9rieur pour personnalisation","pl":"Ta parka dla dzieci jest wykonana z poliestru Oxford, co zapewnia wytrzyma\u0142o\u015b\u0107 i ochron\u0119 przed warunkami atmosferycznymi. Jest wyposa\u017cona w wy\u015bci\u00f3\u0142k\u0119 z poliestru matowego dla wi\u0119kszego komfortu. Zamkni\u0119cie z zameczkiem b\u0142yskawicznym w po\u0142\u0105czeniu z klap\u0105 na guziki i samoprzylepne zapewnia bezpieczne zamkni\u0119cie. Dwa boczne kieszenie na zameczki b\u0142yskawiczne i dwa wewn\u0119trzne kieszenie, z kt\u00f3rych jedna jest specjalnie zaprojektowana, aby pomie\u015bci\u0107 telefon kom\u00f3rkowy. Kaptur, wbudowany w ko\u0142nierz, jest wy\u015bcie\u0142any polarem dla dodatkowego komfortu. Wewn\u0119trzny zameczek b\u0142yskawiczny umo\u017cliwia \u0142atw\u0105 personalizacj\u0119 poprzez haftowanie, oferuj\u0105c mo\u017cliwo\u015b\u0107 dodania swojego loga lub wizualu. \n\n- Zewn\u0119trzna warstwa: 100% polester Oxford\n- Wy\u015bci\u00f3\u0142ka: 100% polester matowy\n- 2 boczne kieszenie na zameczki b\u0142yskawiczne\n- 2 wewn\u0119trzne kieszenie, w tym jedna dla telefonu kom\u00f3rkowego\n- Kaptur w ko\u0142nierzu wy\u015bcie\u0142any polarem\n- Wewn\u0119trzny zameczek b\u0142yskawiczny do personalizacji"},"h1":{"fr":"Parka enfant Blouson parka polyester k696 personnalisation","en":"Child Parka Jacket Polyester k696 Customization","de":"Kinderparka Blouson Parka Polyester k696 Personalisierung","nl":"Kind parka jas parka polyester k696 personalisatie","es":"Abrigo infantil Chaqueta abrigo poliester k696 personalizaci\u00f3n","it":"Giacca parka bambino Blouson parka in poliestere k696 personalizzazione","sv":"Barnparka Blouson parka polyester k696 personlighet","pt":"Jacket parka infantil Blus\u00e3o parka poli\u00e9ster k696 personaliza\u00e7\u00e3o","da":"B\u00f8rn parka jakke polyester k696 personalisering","pl":"Dzieci\u0119ca parka kurtka parkowa z poliestru k696 personalizacja"},"meta_description":{"fr":"Parka enfant en polyester Oxford avec capuche doubl\u00e9e polaire. Personnalisable pour ajouter votre logo ou visuel. Id\u00e9al pour les professionnels.","en":"Child parka in Oxford polyester with a fleece-lined hood. Customizable to add your logo or visual. Ideal for professionals.","de":"Kinderparka aus Oxford-Polyester mit doppelter Polarfutter-Kapuze. Personalisierbar, um Ihr Logo oder Ihren Anblick hinzuzuf\u00fcgen. Ideal f\u00fcr Fachleute.","nl":"Kind parka van polyester Oxford met een gehemelte polaire capuchon. Persoonlijk te maken om uw logo of visueel toe te voegen. Ideaal voor professionals.","es":"Abrigo infantil en poliester Oxford con capucha forrada de polar. Personalizable para agregar su logo o imagen. Ideal para profesionales.","it":"Giacca parka bambino in poliestere Oxford con cappuccio imbottito di pile. Personalizzabile per aggiungere il proprio logo o visivo. Ideale per i professionisti.","sv":"Barnparka i polyester Oxford med huva foderad med ull. Personligbar f\u00f6r att l\u00e4gga till ditt logo eller visuell. Idealisk f\u00f6r professionella.","pt":"Jacket parka infantil em poli\u00e9ster Oxford com capuz forrado em polar. Personaliz\u00e1vel para adicionar seu logo ou visual. Ideal para profissionais.","da":"B\u00f8rn parka i polyester Oxford med capuche fodret med polare. Personaliserbar til at tilf\u00f8je dit logo eller visuel. Ideel til professionelle.","pl":"Dzieci\u0119ca parka z poliestru Oxford z kapturkiem wy\u015bcie\u0142anym polarem. Mo\u017cliwa personalizacja w celu dodania loga lub wizualu. Idealna dla profesjonalist\u00f3w."}}},"categories":[{"id":301,"name":"Parkas et blousons","singular":"Parka et blouson","is_feminin":false},{"id":13,"name":"Vestes et manteaux","singular":"Veste et manteau","is_feminin":true},{"id":354,"name":"Textile","singular":"Textile","is_feminin":false}],"certifications":[],"videos":{"fr":[],"en":[],"de":[],"nl":[],"es":[],"it":[],"sv":[],"pt":[],"da":[],"pl":[]},"main_images":{"miniature":"https:\/\/media.th4.com\/ZWcx2T9_CRI6jjyfzNclM3SOWU7Uwlmbpo-RGQHXQqo\/pr:80\/aHR0cDovL21lZGlhMi5kZXNpZ25wYXJ0bmVyLmZyL2MvcC1NVC8xNDYyLmpwZw?v=1670844134","medium":"https:\/\/media.th4.com\/kGiG9NvK1QCSRhEjFiZEZ9hEFpStXT-L-330JFvUYp8\/pr:550x550greybg\/aHR0cDovL21lZGlhMi5kZXNpZ25wYXJ0bmVyLmZyL2MvcC1NVC8xNDYyLmpwZw?v=1670844134","medium_large":"https:\/\/media.th4.com\/v-K_jOF3wZ957oWL5zeqqcNln1zd5IrUOfM8_ZnaOHg\/pr:1000x1000greybg\/aHR0cDovL21lZGlhMi5kZXNpZ25wYXJ0bmVyLmZyL2MvcC1NVC8xNDYyLmpwZw?v=1670844134","large":"https:\/\/media.th4.com\/wRPEzfVPFx7UIuSoB4DcmS_041v7bacUu8FxyP1PuLE\/pr:1920greybg\/aHR0cDovL21lZGlhMi5kZXNpZ25wYXJ0bmVyLmZyL2MvcC1NVC8xNDYyLmpwZw?v=1670844134","opengraph":"https:\/\/media.th4.com\/AtaEtZTnHBxv9FKPtS1wGtYEcKaA7qkOkX8KI-hTElo\/pr:1200x630greybg\/aHR0cDovL21lZGlhMi5kZXNpZ25wYXJ0bmVyLmZyL2MvcC1NVC8xNDYyLmpwZw?v=1670844134"},"main_images_customization":{"miniature":"https:\/\/media.th4.com\/ZWcx2T9_CRI6jjyfzNclM3SOWU7Uwlmbpo-RGQHXQqo\/pr:80\/aHR0cDovL21lZGlhMi5kZXNpZ25wYXJ0bmVyLmZyL2MvcC1NVC8xNDYyLmpwZw?v=1670844134","medium":"https:\/\/media.th4.com\/kGiG9NvK1QCSRhEjFiZEZ9hEFpStXT-L-330JFvUYp8\/pr:550x550greybg\/aHR0cDovL21lZGlhMi5kZXNpZ25wYXJ0bmVyLmZyL2MvcC1NVC8xNDYyLmpwZw?v=1670844134","medium_large":"https:\/\/media.th4.com\/v-K_jOF3wZ957oWL5zeqqcNln1zd5IrUOfM8_ZnaOHg\/pr:1000x1000greybg\/aHR0cDovL21lZGlhMi5kZXNpZ25wYXJ0bmVyLmZyL2MvcC1NVC8xNDYyLmpwZw?v=1670844134","large":"https:\/\/media.th4.com\/wRPEzfVPFx7UIuSoB4DcmS_041v7bacUu8FxyP1PuLE\/pr:1920greybg\/aHR0cDovL21lZGlhMi5kZXNpZ25wYXJ0bmVyLmZyL2MvcC1NVC8xNDYyLmpwZw?v=1670844134","opengraph":"https:\/\/media.th4.com\/AtaEtZTnHBxv9FKPtS1wGtYEcKaA7qkOkX8KI-hTElo\/pr:1200x630greybg\/aHR0cDovL21lZGlhMi5kZXNpZ25wYXJ0bmVyLmZyL2MvcC1NVC8xNDYyLmpwZw?v=1670844134"},"page_links":{"fr":"\/fr\/p-ka-k696-parka-enfant-k696-1462\/","en":"\/en\/p-ka-k696-childrens-parka-k696-1462\/","de":"\/de\/p-ka-k696-kinderparka-k696-1462\/","nl":"\/nl\/p-ka-k696-kinderen-parka-k696-1462\/","es":"\/es\/p-ka-k696-abrigo-para-nino-k696-1462\/","it":"\/it\/p-ka-k696-parka-bambino-k696-1462\/","sv":"\/sv\/p-ka-k696-barnparka-k696-1462\/","pt":"\/pt\/p-ka-k696-parka-infantil-k696-1462\/","da":"\/da\/p-ka-k696-borneparka-k696-1462\/","pl":"\/pl\/p-ka-k696-parka-dziecieca-k696-1462\/"},"page_links_customization":{"fr":"\/fr\/p-ka-k696-parka-enfant-blouson-parka-polyester-k696-personnalisation-1462\/custom\/","en":"\/en\/p-ka-k696-child-parka-jacket-polyester-k696-customization-1462\/custom\/","de":"\/de\/p-ka-k696-kinderparka-blouson-parka-polyester-k696-personalisierung-1462\/custom\/","nl":"\/nl\/p-ka-k696-kind-parka-jas-parka-polyester-k696-personalisatie-1462\/custom\/","es":"\/es\/p-ka-k696-abrigo-infantil-chaqueta-abrigo-poliester-k696-personalizacion-1462\/custom\/","it":"\/it\/p-ka-k696-giacca-parka-bambino-blouson-parka-in-poliestere-k696-personalizzazione-1462\/custom\/","sv":"\/sv\/p-ka-k696-barnparka-blouson-parka-polyester-k696-personlighet-1462\/custom\/","pt":"\/pt\/p-ka-k696-jacket-parka-infantil-blusao-parka-poliester-k696-personalizacao-1462\/custom\/","da":"\/da\/p-ka-k696-born-parka-jakke-polyester-k696-personalisering-1462\/custom\/","pl":"\/pl\/p-ka-k696-dziecieca-parka-kurtka-parkowa-z-poliestru-k696-personalizacja-1462\/custom\/"},"equivalent_products":[8634,1445],"colors":[{"id":1261,"name":"navy","class_ids":[2],"codes_hexa":["012942"],"delai_24":false,"has_3d":false,"seuil_global":0,"stock_local":0,"stock_global":955,"on_standby":false,"in_catalog":true,"images":{"miniature":["https:\/\/media.th4.com\/cH41WXdWfmVF4vMoZlWd7ALTOZAKA2vavJxTiEwJV0Q\/pr:80\/aHR0cDovL21lZGlhMi5kZXNpZ25wYXJ0bmVyLmZyL2MvcC8xNDYyLzE0NjItMTI2MS0xLmpwZw?v=1638344263","https:\/\/media.th4.com\/w4II2fJz4pth_fxatVBH7wQ9TalO7vfeFXzTmlGk0Qg\/pr:80\/aHR0cDovL21lZGlhMi5kZXNpZ25wYXJ0bmVyLmZyL2MvcC8xNDYyLzE0NjItMTI2MS0yLmpwZw?v=1638344263","https:\/\/media.th4.com\/se8e_mNW00W8hlwTKJO-0PA7W6xdc3wYq3fmaR1k2ns\/pr:80\/aHR0cDovL21lZGlhMi5kZXNpZ25wYXJ0bmVyLmZyL2MvcC8xNDYyLzE0NjItMTI2MS0zNi5qcGc?v=1638344263"],"medium":["https:\/\/media.th4.com\/OqSOYPREnbNi2BexdTIE-n2OO4XG8vU_fKdoZGFWWoQ\/pr:550x550\/aHR0cDovL21lZGlhMi5kZXNpZ25wYXJ0bmVyLmZyL2MvcC8xNDYyLzE0NjItMTI2MS0xLmpwZw?v=1638344263","https:\/\/media.th4.com\/ogo5GY0CAE8WbmXTcfssgs7RWfThLpJqicm7uCxnlJc\/pr:550x550\/aHR0cDovL21lZGlhMi5kZXNpZ25wYXJ0bmVyLmZyL2MvcC8xNDYyLzE0NjItMTI2MS0yLmpwZw?v=1638344263","https:\/\/media.th4.com\/zQNgsH3Q_azXbKEKPZsZubn4cBUXdW4LwWd1IB0l3P0\/pr:550x550\/aHR0cDovL21lZGlhMi5kZXNpZ25wYXJ0bmVyLmZyL2MvcC8xNDYyLzE0NjItMTI2MS0zNi5qcGc?v=1638344263"],"medium_large":["https:\/\/media.th4.com\/oenxO7RhcWhSExObzBIThNeOX_2iiTyxkNev8tXDGz0\/pr:1000x1000\/aHR0cDovL21lZGlhMi5kZXNpZ25wYXJ0bmVyLmZyL2MvcC8xNDYyLzE0NjItMTI2MS0xLmpwZw?v=1638344263","https:\/\/media.th4.com\/MQvfxq7TiAfCQV2lx5z2ZWaxC3wxVpEEtr8HlFiXHFo\/pr:1000x1000\/aHR0cDovL21lZGlhMi5kZXNpZ25wYXJ0bmVyLmZyL2MvcC8xNDYyLzE0NjItMTI2MS0yLmpwZw?v=1638344263","https:\/\/media.th4.com\/OWmwdq7WjO9C-fyWDq01ZF_D0YzFUl5OFh9rg6F9He0\/pr:1000x1000\/aHR0cDovL21lZGlhMi5kZXNpZ25wYXJ0bmVyLmZyL2MvcC8xNDYyLzE0NjItMTI2MS0zNi5qcGc?v=1638344263"],"large":["https:\/\/media.th4.com\/At-t8_kZMXS5IwEI-tui5I6cpTTKPVkWgUzRing9Eqc\/pr:1920\/aHR0cDovL21lZGlhMi5kZXNpZ25wYXJ0bmVyLmZyL2MvcC8xNDYyLzE0NjItMTI2MS0xLmpwZw?v=1638344263","https:\/\/media.th4.com\/Pd2e6o1P6UlcuaNlQs8AGFzQrR7OExaIAhV-0I38gbQ\/pr:1920\/aHR0cDovL21lZGlhMi5kZXNpZ25wYXJ0bmVyLmZyL2MvcC8xNDYyLzE0NjItMTI2MS0yLmpwZw?v=1638344263","https:\/\/media.th4.com\/_p8DAxnyOiXfS2B-IUUUi5T1yANpDI9K5HViwcPpQrQ\/pr:1920\/aHR0cDovL21lZGlhMi5kZXNpZ25wYXJ0bmVyLmZyL2MvcC8xNDYyLzE0NjItMTI2MS0zNi5qcGc?v=1638344263"],"opengraph":["https:\/\/media.th4.com\/liPCegQRWqznes-CbN2Jb_CaaXROQnAvyxGOeaN08Us\/pr:1200x630\/aHR0cDovL21lZGlhMi5kZXNpZ25wYXJ0bmVyLmZyL2MvcC8xNDYyLzE0NjItMTI2MS0xLmpwZw?v=1638344263","https:\/\/media.th4.com\/ndkvBE5WYm5QLYFwx6okTKtVPhHw3033Fkcb073lGIU\/pr:1200x630\/aHR0cDovL21lZGlhMi5kZXNpZ25wYXJ0bmVyLmZyL2MvcC8xNDYyLzE0NjItMTI2MS0yLmpwZw?v=1638344263","https:\/\/media.th4.com\/uFRLvZ3mY5LH-xCIG7bala1eyhiqymsnxjlPtw5RoiA\/pr:1200x630\/aHR0cDovL21lZGlhMi5kZXNpZ25wYXJ0bmVyLmZyL2MvcC8xNDYyLzE0NjItMTI2MS0zNi5qcGc?v=1638344263"]},"images_customization":{"miniature":["https:\/\/media.th4.com\/dYEAMb6yqPvdYZpHvGAm-LYQSF9MjmB02OEgRtP0GqU\/pr:80\/aHR0cDovL21lZGlhMi5kZXNpZ25wYXJ0bmVyLmZyL2MvcC1zaG9wcGluZy1jdXN0b20tVEgvMTQ2Mi8xNDYyLTEyNjEtMS5qcGc?v=1737556070"],"medium":["https:\/\/media.th4.com\/FUtoM24Y1LfRQA4YA8xSvRzZzHUSDdVzTB_YWUoZFq8\/pr:550x550\/aHR0cDovL21lZGlhMi5kZXNpZ25wYXJ0bmVyLmZyL2MvcC1zaG9wcGluZy1jdXN0b20tVEgvMTQ2Mi8xNDYyLTEyNjEtMS5qcGc?v=1737556070"],"medium_large":["https:\/\/media.th4.com\/pQ5WTIjGQrnMp74BcYSw64xQMmOp5U6PMRFRhC4KZTw\/pr:1000x1000\/aHR0cDovL21lZGlhMi5kZXNpZ25wYXJ0bmVyLmZyL2MvcC1zaG9wcGluZy1jdXN0b20tVEgvMTQ2Mi8xNDYyLTEyNjEtMS5qcGc?v=1737556070"],"large":["https:\/\/media.th4.com\/DR6kH1biqUGKhph7XbKDnq6RF-1Pe4rXFuTGbzDsKY0\/pr:1920\/aHR0cDovL21lZGlhMi5kZXNpZ25wYXJ0bmVyLmZyL2MvcC1zaG9wcGluZy1jdXN0b20tVEgvMTQ2Mi8xNDYyLTEyNjEtMS5qcGc?v=1737556070"],"opengraph":["https:\/\/media.th4.com\/ODofrWj3bRaDR8fqmWgCmxViTmsBVQ2u-o2VHUXz0D0\/pr:1200x630\/aHR0cDovL21lZGlhMi5kZXNpZ25wYXJ0bmVyLmZyL2MvcC1zaG9wcGluZy1jdXN0b20tVEgvMTQ2Mi8xNDYyLTEyNjEtMS5qcGc?v=1737556070"]},"country_origin":"CN","traceability":{"manufacturing_country_id":null,"weaving_country_id":null,"dyeing_country_id":null},"sizes":[{"id":239,"article_id":36487,"class_id":0,"name":"8\/10","on_standby":false,"stock_local":0,"stock_global":163,"multiple":1,"estimated_date_reassort":null,"is_destocking":false},{"id":32,"article_id":99514,"class_id":0,"name":"10\/12","on_standby":false,"stock_local":0,"stock_global":304,"multiple":1,"estimated_date_reassort":null,"is_destocking":false},{"id":33,"article_id":99508,"class_id":17,"name":"12\/14ans","on_standby":false,"stock_local":0,"stock_global":358,"multiple":1,"estimated_date_reassort":null,"is_destocking":false},{"id":23,"article_id":99511,"class_id":0,"name":"4\/6","on_standby":false,"stock_local":0,"stock_global":130,"multiple":1,"estimated_date_reassort":null,"is_destocking":false}],"page_links":{"fr":"\/fr\/p-ka-k696-parka-enfant-k696-1462\/navy-1261\/","en":"\/en\/p-ka-k696-childrens-parka-k696-1462\/navy-1261\/","de":"\/de\/p-ka-k696-kinderparka-k696-1462\/navy-1261\/","nl":"\/nl\/p-ka-k696-kinderen-parka-k696-1462\/navy-1261\/","es":"\/es\/p-ka-k696-abrigo-para-nino-k696-1462\/navy-1261\/","it":"\/it\/p-ka-k696-parka-bambino-k696-1462\/navy-1261\/","sv":"\/sv\/p-ka-k696-barnparka-k696-1462\/navy-1261\/","pt":"\/pt\/p-ka-k696-parka-infantil-k696-1462\/navy-1261\/","da":"\/da\/p-ka-k696-borneparka-k696-1462\/navy-1261\/","pl":"\/pl\/p-ka-k696-parka-dziecieca-k696-1462\/navy-1261\/"},"page_links_customization":{"fr":"\/fr\/p-ka-k696-parka-enfant-blouson-parka-polyester-k696-personnalisation-1462\/navy-1261\/custom\/","en":"\/en\/p-ka-k696-child-parka-jacket-polyester-k696-customization-1462\/navy-1261\/custom\/","de":"\/de\/p-ka-k696-kinderparka-blouson-parka-polyester-k696-personalisierung-1462\/navy-1261\/custom\/","nl":"\/nl\/p-ka-k696-kind-parka-jas-parka-polyester-k696-personalisatie-1462\/navy-1261\/custom\/","es":"\/es\/p-ka-k696-abrigo-infantil-chaqueta-abrigo-poliester-k696-personalizacion-1462\/navy-1261\/custom\/","it":"\/it\/p-ka-k696-giacca-parka-bambino-blouson-parka-in-poliestere-k696-personalizzazione-1462\/navy-1261\/custom\/","sv":"\/sv\/p-ka-k696-barnparka-blouson-parka-polyester-k696-personlighet-1462\/navy-1261\/custom\/","pt":"\/pt\/p-ka-k696-jacket-parka-infantil-blusao-parka-poliester-k696-personalizacao-1462\/navy-1261\/custom\/","da":"\/da\/p-ka-k696-born-parka-jakke-polyester-k696-personalisering-1462\/navy-1261\/custom\/","pl":"\/pl\/p-ka-k696-dziecieca-parka-kurtka-parkowa-z-poliestru-k696-personalizacja-1462\/navy-1261\/custom\/"}},{"id":1486,"name":"red_new","class_ids":[6],"codes_hexa":["c60c31"],"delai_24":false,"has_3d":false,"seuil_global":0,"stock_local":0,"stock_global":884,"on_standby":false,"in_catalog":true,"images":{"miniature":["https:\/\/media.th4.com\/0IN-I-CuinkQgOI2VZbMAIt_KZtiM3NoGy5MxuVU5mQ\/pr:80\/aHR0cDovL21lZGlhMi5kZXNpZ25wYXJ0bmVyLmZyL2MvcC8xNDYyLzE0NjItMTQ4Ni0xLmpwZw?v=1638344263","https:\/\/media.th4.com\/Xn4UmXxETvyjyNNGw_DLXyYE3GF9WM50Bj4mm-bREIk\/pr:80\/aHR0cDovL21lZGlhMi5kZXNpZ25wYXJ0bmVyLmZyL2MvcC8xNDYyLzE0NjItMTQ4Ni0yLmpwZw?v=1638344263","https:\/\/media.th4.com\/dia5GbxVnNhVuX6JaqZ2qknL92HQCtern_ziLHm6ePs\/pr:80\/aHR0cDovL21lZGlhMi5kZXNpZ25wYXJ0bmVyLmZyL2MvcC8xNDYyLzE0NjItMTQ4Ni0zLmpwZw?v=1638344263"],"medium":["https:\/\/media.th4.com\/a1AHUJQtjNV-jDOHyBpzzzF6ocUbNCeYH-QQn_Vm3Wg\/pr:550x550\/aHR0cDovL21lZGlhMi5kZXNpZ25wYXJ0bmVyLmZyL2MvcC8xNDYyLzE0NjItMTQ4Ni0xLmpwZw?v=1638344263","https:\/\/media.th4.com\/6nOlTY_acFNO-tJi6JDixT9Tic6PQYMBrQRqKV9R3ew\/pr:550x550\/aHR0cDovL21lZGlhMi5kZXNpZ25wYXJ0bmVyLmZyL2MvcC8xNDYyLzE0NjItMTQ4Ni0yLmpwZw?v=1638344263","https:\/\/media.th4.com\/oUZEQEXZjZXOpFbpYoqTKMISob9k7K4doiCg_ykEEeM\/pr:550x550\/aHR0cDovL21lZGlhMi5kZXNpZ25wYXJ0bmVyLmZyL2MvcC8xNDYyLzE0NjItMTQ4Ni0zLmpwZw?v=1638344263"],"medium_large":["https:\/\/media.th4.com\/z-Cw2PxAl9y9VZAuf7VXVQhPtHBmbNGzJeZZGO73L5A\/pr:1000x1000\/aHR0cDovL21lZGlhMi5kZXNpZ25wYXJ0bmVyLmZyL2MvcC8xNDYyLzE0NjItMTQ4Ni0xLmpwZw?v=1638344263","https:\/\/media.th4.com\/HUhLeP9zaHrBKs67fYN4Q6Z0zdmc_dMnOGZVJz-jEuo\/pr:1000x1000\/aHR0cDovL21lZGlhMi5kZXNpZ25wYXJ0bmVyLmZyL2MvcC8xNDYyLzE0NjItMTQ4Ni0yLmpwZw?v=1638344263","https:\/\/media.th4.com\/E8X9RC3FEdTaTCs12mtC-UK-SeCQE02h2_KrIIbzt7Q\/pr:1000x1000\/aHR0cDovL21lZGlhMi5kZXNpZ25wYXJ0bmVyLmZyL2MvcC8xNDYyLzE0NjItMTQ4Ni0zLmpwZw?v=1638344263"],"large":["https:\/\/media.th4.com\/EJ9I5l1XocR520p9iaxEwEmRs9fiwt93B5hbmH1rSmc\/pr:1920\/aHR0cDovL21lZGlhMi5kZXNpZ25wYXJ0bmVyLmZyL2MvcC8xNDYyLzE0NjItMTQ4Ni0xLmpwZw?v=1638344263","https:\/\/media.th4.com\/vnc_LkBj1B76BJnxZz-0e2RDT-9gPyCIxcWx7BA6ons\/pr:1920\/aHR0cDovL21lZGlhMi5kZXNpZ25wYXJ0bmVyLmZyL2MvcC8xNDYyLzE0NjItMTQ4Ni0yLmpwZw?v=1638344263","https:\/\/media.th4.com\/YlsfzCUcOTPqwdErR_NQAJ43vZdA8MrVP76FA77mVnM\/pr:1920\/aHR0cDovL21lZGlhMi5kZXNpZ25wYXJ0bmVyLmZyL2MvcC8xNDYyLzE0NjItMTQ4Ni0zLmpwZw?v=1638344263"],"opengraph":["https:\/\/media.th4.com\/cnCU-hbChQqrftP_qEz6xRJ-RxSzpKoIs-toNIaS2dQ\/pr:1200x630\/aHR0cDovL21lZGlhMi5kZXNpZ25wYXJ0bmVyLmZyL2MvcC8xNDYyLzE0NjItMTQ4Ni0xLmpwZw?v=1638344263","https:\/\/media.th4.com\/0nc5YeQWQxEWJANTHsUVxfH6-fJJmJ84n6RjFYbppFo\/pr:1200x630\/aHR0cDovL21lZGlhMi5kZXNpZ25wYXJ0bmVyLmZyL2MvcC8xNDYyLzE0NjItMTQ4Ni0yLmpwZw?v=1638344263","https:\/\/media.th4.com\/3qKCkC8QaXptHht2O5-lXVm9JfFNkQu3oJxIQXMFQ7M\/pr:1200x630\/aHR0cDovL21lZGlhMi5kZXNpZ25wYXJ0bmVyLmZyL2MvcC8xNDYyLzE0NjItMTQ4Ni0zLmpwZw?v=1638344263"]},"images_customization":{"miniature":["https:\/\/media.th4.com\/A-TCk6hBGpWpSB6RglEJxqlKepgFdnYM397IiT3LcMI\/pr:80\/aHR0cDovL21lZGlhMi5kZXNpZ25wYXJ0bmVyLmZyL2MvcC1zaG9wcGluZy1jdXN0b20tVEgvMTQ2Mi8xNDYyLTE0ODYtMS5qcGc?v=1737556070"],"medium":["https:\/\/media.th4.com\/ffYrW94EwhLEwFnLy0ppLUwJX09yJFsBPkVMrq_Z54k\/pr:550x550\/aHR0cDovL21lZGlhMi5kZXNpZ25wYXJ0bmVyLmZyL2MvcC1zaG9wcGluZy1jdXN0b20tVEgvMTQ2Mi8xNDYyLTE0ODYtMS5qcGc?v=1737556070"],"medium_large":["https:\/\/media.th4.com\/xFWUpLr09Pnmpvym5BMTK_EJPMyVnXRxpJ04RrphXGY\/pr:1000x1000\/aHR0cDovL21lZGlhMi5kZXNpZ25wYXJ0bmVyLmZyL2MvcC1zaG9wcGluZy1jdXN0b20tVEgvMTQ2Mi8xNDYyLTE0ODYtMS5qcGc?v=1737556070"],"large":["https:\/\/media.th4.com\/jCfP5VJgGm93I7uMZlSZnTPFcBSLLhLpj8tVrtjt16U\/pr:1920\/aHR0cDovL21lZGlhMi5kZXNpZ25wYXJ0bmVyLmZyL2MvcC1zaG9wcGluZy1jdXN0b20tVEgvMTQ2Mi8xNDYyLTE0ODYtMS5qcGc?v=1737556070"],"opengraph":["https:\/\/media.th4.com\/gdeVpztgEMNTa0oR7YyObkL99NGYrVQLEZg3xW56rpY\/pr:1200x630\/aHR0cDovL21lZGlhMi5kZXNpZ25wYXJ0bmVyLmZyL2MvcC1zaG9wcGluZy1jdXN0b20tVEgvMTQ2Mi8xNDYyLTE0ODYtMS5qcGc?v=1737556070"]},"country_origin":"CN","traceability":{"manufacturing_country_id":null,"weaving_country_id":null,"dyeing_country_id":null},"sizes":[{"id":239,"article_id":36489,"class_id":0,"name":"8\/10","on_standby":false,"stock_local":0,"stock_global":247,"multiple":1,"estimated_date_reassort":null,"is_destocking":false},{"id":32,"article_id":99513,"class_id":0,"name":"10\/12","on_standby":false,"stock_local":0,"stock_global":317,"multiple":1,"estimated_date_reassort":null,"is_destocking":false},{"id":33,"article_id":99507,"class_id":17,"name":"12\/14ans","on_standby":false,"stock_local":0,"stock_global":262,"multiple":1,"estimated_date_reassort":null,"is_destocking":false},{"id":23,"article_id":99510,"class_id":0,"name":"4\/6","on_standby":false,"stock_local":0,"stock_global":58,"multiple":1,"estimated_date_reassort":null,"is_destocking":false}],"page_links":{"fr":"\/fr\/p-ka-k696-parka-enfant-k696-1462\/red-new-1486\/","en":"\/en\/p-ka-k696-childrens-parka-k696-1462\/red-new-1486\/","de":"\/de\/p-ka-k696-kinderparka-k696-1462\/red-new-1486\/","nl":"\/nl\/p-ka-k696-kinderen-parka-k696-1462\/red-new-1486\/","es":"\/es\/p-ka-k696-abrigo-para-nino-k696-1462\/red-new-1486\/","it":"\/it\/p-ka-k696-parka-bambino-k696-1462\/red-new-1486\/","sv":"\/sv\/p-ka-k696-barnparka-k696-1462\/red-new-1486\/","pt":"\/pt\/p-ka-k696-parka-infantil-k696-1462\/red-new-1486\/","da":"\/da\/p-ka-k696-borneparka-k696-1462\/red-new-1486\/","pl":"\/pl\/p-ka-k696-parka-dziecieca-k696-1462\/red-new-1486\/"},"page_links_customization":{"fr":"\/fr\/p-ka-k696-parka-enfant-blouson-parka-polyester-k696-personnalisation-1462\/red-new-1486\/custom\/","en":"\/en\/p-ka-k696-child-parka-jacket-polyester-k696-customization-1462\/red-new-1486\/custom\/","de":"\/de\/p-ka-k696-kinderparka-blouson-parka-polyester-k696-personalisierung-1462\/red-new-1486\/custom\/","nl":"\/nl\/p-ka-k696-kind-parka-jas-parka-polyester-k696-personalisatie-1462\/red-new-1486\/custom\/","es":"\/es\/p-ka-k696-abrigo-infantil-chaqueta-abrigo-poliester-k696-personalizacion-1462\/red-new-1486\/custom\/","it":"\/it\/p-ka-k696-giacca-parka-bambino-blouson-parka-in-poliestere-k696-personalizzazione-1462\/red-new-1486\/custom\/","sv":"\/sv\/p-ka-k696-barnparka-blouson-parka-polyester-k696-personlighet-1462\/red-new-1486\/custom\/","pt":"\/pt\/p-ka-k696-jacket-parka-infantil-blusao-parka-poliester-k696-personalizacao-1462\/red-new-1486\/custom\/","da":"\/da\/p-ka-k696-born-parka-jakke-polyester-k696-personalisering-1462\/red-new-1486\/custom\/","pl":"\/pl\/p-ka-k696-dziecieca-parka-kurtka-parkowa-z-poliestru-k696-personalizacja-1462\/red-new-1486\/custom\/"}},{"id":1520,"name":"black","class_ids":[4],"codes_hexa":["1a1a18"],"delai_24":false,"has_3d":false,"seuil_global":0,"stock_local":0,"stock_global":596,"on_standby":false,"in_catalog":true,"images":{"miniature":["https:\/\/media.th4.com\/BesLcpvyHYc0y3ymlmdTjSGROBWMnSS8z25jy3Jyy9E\/pr:80\/aHR0cDovL21lZGlhMi5kZXNpZ25wYXJ0bmVyLmZyL2MvcC8xNDYyLzE0NjItMTUyMC0xLmpwZw?v=1638344263","https:\/\/media.th4.com\/O6XEkZ00CKDDAz4Av4EjkZR3N3y0c0Be8Mop54DlpSI\/pr:80\/aHR0cDovL21lZGlhMi5kZXNpZ25wYXJ0bmVyLmZyL2MvcC8xNDYyLzE0NjItMTUyMC0yLmpwZw?v=1638344263","https:\/\/media.th4.com\/8X0bUH9lHd4iMsTBrmlfXcJhZnmpViEImXtyQbVbfAc\/pr:80\/aHR0cDovL21lZGlhMi5kZXNpZ25wYXJ0bmVyLmZyL2MvcC8xNDYyLzE0NjItMTUyMC0zLmpwZw?v=1638344263"],"medium":["https:\/\/media.th4.com\/6P2rXEAfw2wc9aCCDQ7y7b3M0SIB9PSoxNSN2S-ylYA\/pr:550x550\/aHR0cDovL21lZGlhMi5kZXNpZ25wYXJ0bmVyLmZyL2MvcC8xNDYyLzE0NjItMTUyMC0xLmpwZw?v=1638344263","https:\/\/media.th4.com\/gseCLVckSV3tUjpnnrxlIxRi2BRUcb-J4CwqvtfdxdI\/pr:550x550\/aHR0cDovL21lZGlhMi5kZXNpZ25wYXJ0bmVyLmZyL2MvcC8xNDYyLzE0NjItMTUyMC0yLmpwZw?v=1638344263","https:\/\/media.th4.com\/TVbgvCKBT5qNJq9FamXRWWK_b350SniEEtASo8XrZvc\/pr:550x550\/aHR0cDovL21lZGlhMi5kZXNpZ25wYXJ0bmVyLmZyL2MvcC8xNDYyLzE0NjItMTUyMC0zLmpwZw?v=1638344263"],"medium_large":["https:\/\/media.th4.com\/4t7dKrGkv-E4roab0wZTy6zFYpfiDhfaWPnTExC83-w\/pr:1000x1000\/aHR0cDovL21lZGlhMi5kZXNpZ25wYXJ0bmVyLmZyL2MvcC8xNDYyLzE0NjItMTUyMC0xLmpwZw?v=1638344263","https:\/\/media.th4.com\/cO1uMo02GOHYSaIKdIzqAY_YVNVG0pj2oErjPYgjKH4\/pr:1000x1000\/aHR0cDovL21lZGlhMi5kZXNpZ25wYXJ0bmVyLmZyL2MvcC8xNDYyLzE0NjItMTUyMC0yLmpwZw?v=1638344263","https:\/\/media.th4.com\/e3uOS41kldLyoXZ3W4bXHhfp5s0vW5O-Lu_rbM6q0s4\/pr:1000x1000\/aHR0cDovL21lZGlhMi5kZXNpZ25wYXJ0bmVyLmZyL2MvcC8xNDYyLzE0NjItMTUyMC0zLmpwZw?v=1638344263"],"large":["https:\/\/media.th4.com\/Kx5gklXLWYw5opJT1lMtMezt0wpgwRdDjnWfe480p8c\/pr:1920\/aHR0cDovL21lZGlhMi5kZXNpZ25wYXJ0bmVyLmZyL2MvcC8xNDYyLzE0NjItMTUyMC0xLmpwZw?v=1638344263","https:\/\/media.th4.com\/TU1joajCA5TNuE61y8G7zbjbQ9KcM3HSS39DD_AWCLk\/pr:1920\/aHR0cDovL21lZGlhMi5kZXNpZ25wYXJ0bmVyLmZyL2MvcC8xNDYyLzE0NjItMTUyMC0yLmpwZw?v=1638344263","https:\/\/media.th4.com\/f4nY4cD7_suf78a2FXzQbGWNM96xI5hptt-YT8OpCVE\/pr:1920\/aHR0cDovL21lZGlhMi5kZXNpZ25wYXJ0bmVyLmZyL2MvcC8xNDYyLzE0NjItMTUyMC0zLmpwZw?v=1638344263"],"opengraph":["https:\/\/media.th4.com\/tQQ7HYT6pj1FHrlmme33HW_lHlGJYDGCs1bnWCsw8dQ\/pr:1200x630\/aHR0cDovL21lZGlhMi5kZXNpZ25wYXJ0bmVyLmZyL2MvcC8xNDYyLzE0NjItMTUyMC0xLmpwZw?v=1638344263","https:\/\/media.th4.com\/v5QnZsVPomWsDar-2c6ciz32QSItAW7Y65m5K_uLq3A\/pr:1200x630\/aHR0cDovL21lZGlhMi5kZXNpZ25wYXJ0bmVyLmZyL2MvcC8xNDYyLzE0NjItMTUyMC0yLmpwZw?v=1638344263","https:\/\/media.th4.com\/EQvSj1dcVQxdaUyIiQAXuDpFKeaXfpQSOA3ePvNsg9g\/pr:1200x630\/aHR0cDovL21lZGlhMi5kZXNpZ25wYXJ0bmVyLmZyL2MvcC8xNDYyLzE0NjItMTUyMC0zLmpwZw?v=1638344263"]},"images_customization":{"miniature":["https:\/\/media.th4.com\/xvjPOjnp5Gd_CKSj9KvAAmVSrdJgEd0Irg6NC7-ajT0\/pr:80\/aHR0cDovL21lZGlhMi5kZXNpZ25wYXJ0bmVyLmZyL2MvcC1zaG9wcGluZy1jdXN0b20tVEgvMTQ2Mi8xNDYyLTE1MjAtMS5qcGc?v=1737556070"],"medium":["https:\/\/media.th4.com\/WxtetcmFeSaYITMKw4sernCUrheOrBxVkTFgn5zIqXY\/pr:550x550\/aHR0cDovL21lZGlhMi5kZXNpZ25wYXJ0bmVyLmZyL2MvcC1zaG9wcGluZy1jdXN0b20tVEgvMTQ2Mi8xNDYyLTE1MjAtMS5qcGc?v=1737556070"],"medium_large":["https:\/\/media.th4.com\/SzyNwJydDbvvv0tNb2Jd5bG_ZJvvUdlyTPR38_3OXkM\/pr:1000x1000\/aHR0cDovL21lZGlhMi5kZXNpZ25wYXJ0bmVyLmZyL2MvcC1zaG9wcGluZy1jdXN0b20tVEgvMTQ2Mi8xNDYyLTE1MjAtMS5qcGc?v=1737556070"],"large":["https:\/\/media.th4.com\/H2n8-8ZhrMgmMmap3O2MA70_2MIT8AomK2eqZCvbvWM\/pr:1920\/aHR0cDovL21lZGlhMi5kZXNpZ25wYXJ0bmVyLmZyL2MvcC1zaG9wcGluZy1jdXN0b20tVEgvMTQ2Mi8xNDYyLTE1MjAtMS5qcGc?v=1737556070"],"opengraph":["https:\/\/media.th4.com\/_hEsFQXapDmqO2YQ6xETt2wHdHhXcUTd4yC7YwLC1oM\/pr:1200x630\/aHR0cDovL21lZGlhMi5kZXNpZ25wYXJ0bmVyLmZyL2MvcC1zaG9wcGluZy1jdXN0b20tVEgvMTQ2Mi8xNDYyLTE1MjAtMS5qcGc?v=1737556070"]},"country_origin":"CN","traceability":{"manufacturing_country_id":null,"weaving_country_id":null,"dyeing_country_id":null},"sizes":[{"id":239,"article_id":36486,"class_id":0,"name":"8\/10","on_standby":false,"stock_local":0,"stock_global":157,"multiple":1,"estimated_date_reassort":null,"is_destocking":false},{"id":32,"article_id":99515,"class_id":0,"name":"10\/12","on_standby":false,"stock_local":0,"stock_global":162,"multiple":1,"estimated_date_reassort":null,"is_destocking":false},{"id":33,"article_id":99509,"class_id":17,"name":"12\/14ans","on_standby":false,"stock_local":0,"stock_global":103,"multiple":1,"estimated_date_reassort":null,"is_destocking":false},{"id":23,"article_id":99512,"class_id":0,"name":"4\/6","on_standby":false,"stock_local":0,"stock_global":174,"multiple":1,"estimated_date_reassort":null,"is_destocking":false}],"page_links":{"fr":"\/fr\/p-ka-k696-parka-enfant-k696-1462\/black-1520\/","en":"\/en\/p-ka-k696-childrens-parka-k696-1462\/black-1520\/","de":"\/de\/p-ka-k696-kinderparka-k696-1462\/black-1520\/","nl":"\/nl\/p-ka-k696-kinderen-parka-k696-1462\/black-1520\/","es":"\/es\/p-ka-k696-abrigo-para-nino-k696-1462\/black-1520\/","it":"\/it\/p-ka-k696-parka-bambino-k696-1462\/black-1520\/","sv":"\/sv\/p-ka-k696-barnparka-k696-1462\/black-1520\/","pt":"\/pt\/p-ka-k696-parka-infantil-k696-1462\/black-1520\/","da":"\/da\/p-ka-k696-borneparka-k696-1462\/black-1520\/","pl":"\/pl\/p-ka-k696-parka-dziecieca-k696-1462\/black-1520\/"},"page_links_customization":{"fr":"\/fr\/p-ka-k696-parka-enfant-blouson-parka-polyester-k696-personnalisation-1462\/black-1520\/custom\/","en":"\/en\/p-ka-k696-child-parka-jacket-polyester-k696-customization-1462\/black-1520\/custom\/","de":"\/de\/p-ka-k696-kinderparka-blouson-parka-polyester-k696-personalisierung-1462\/black-1520\/custom\/","nl":"\/nl\/p-ka-k696-kind-parka-jas-parka-polyester-k696-personalisatie-1462\/black-1520\/custom\/","es":"\/es\/p-ka-k696-abrigo-infantil-chaqueta-abrigo-poliester-k696-personalizacion-1462\/black-1520\/custom\/","it":"\/it\/p-ka-k696-giacca-parka-bambino-blouson-parka-in-poliestere-k696-personalizzazione-1462\/black-1520\/custom\/","sv":"\/sv\/p-ka-k696-barnparka-blouson-parka-polyester-k696-personlighet-1462\/black-1520\/custom\/","pt":"\/pt\/p-ka-k696-jacket-parka-infantil-blusao-parka-poliester-k696-personalizacao-1462\/black-1520\/custom\/","da":"\/da\/p-ka-k696-born-parka-jakke-polyester-k696-personalisering-1462\/black-1520\/custom\/","pl":"\/pl\/p-ka-k696-dziecieca-parka-kurtka-parkowa-z-poliestru-k696-personalizacja-1462\/black-1520\/custom\/"}},{"id":5421,"name":"red_old","class_ids":[6],"codes_hexa":["dc0210"],"delai_24":false,"has_3d":false,"seuil_global":0,"stock_local":0,"stock_global":0,"on_standby":true,"in_catalog":false,"images":{"miniature":null,"medium":null,"medium_large":null,"large":null,"opengraph":null},"images_customization":{"miniature":null,"medium":null,"medium_large":null,"large":null,"opengraph":null},"country_origin":"CN","traceability":{"manufacturing_country_id":null,"weaving_country_id":null,"dyeing_country_id":null},"sizes":[],"page_links":{"fr":"\/fr\/p-ka-k696-parka-enfant-k696-1462\/red-old-5421\/","en":"\/en\/p-ka-k696-childrens-parka-k696-1462\/red-old-5421\/","de":"\/de\/p-ka-k696-kinderparka-k696-1462\/red-old-5421\/","nl":"\/nl\/p-ka-k696-kinderen-parka-k696-1462\/red-old-5421\/","es":"\/es\/p-ka-k696-abrigo-para-nino-k696-1462\/red-old-5421\/","it":"\/it\/p-ka-k696-parka-bambino-k696-1462\/red-old-5421\/","sv":"\/sv\/p-ka-k696-barnparka-k696-1462\/red-old-5421\/","pt":"\/pt\/p-ka-k696-parka-infantil-k696-1462\/red-old-5421\/","da":"\/da\/p-ka-k696-borneparka-k696-1462\/red-old-5421\/","pl":"\/pl\/p-ka-k696-parka-dziecieca-k696-1462\/red-old-5421\/"},"page_links_customization":{"fr":"\/fr\/p-ka-k696-parka-enfant-blouson-parka-polyester-k696-personnalisation-1462\/red-old-5421\/custom\/","en":"\/en\/p-ka-k696-child-parka-jacket-polyester-k696-customization-1462\/red-old-5421\/custom\/","de":"\/de\/p-ka-k696-kinderparka-blouson-parka-polyester-k696-personalisierung-1462\/red-old-5421\/custom\/","nl":"\/nl\/p-ka-k696-kind-parka-jas-parka-polyester-k696-personalisatie-1462\/red-old-5421\/custom\/","es":"\/es\/p-ka-k696-abrigo-infantil-chaqueta-abrigo-poliester-k696-personalizacion-1462\/red-old-5421\/custom\/","it":"\/it\/p-ka-k696-giacca-parka-bambino-blouson-parka-in-poliestere-k696-personalizzazione-1462\/red-old-5421\/custom\/","sv":"\/sv\/p-ka-k696-barnparka-blouson-parka-polyester-k696-personlighet-1462\/red-old-5421\/custom\/","pt":"\/pt\/p-ka-k696-jacket-parka-infantil-blusao-parka-poliester-k696-personalizacao-1462\/red-old-5421\/custom\/","da":"\/da\/p-ka-k696-born-parka-jakke-polyester-k696-personalisering-1462\/red-old-5421\/custom\/","pl":"\/pl\/p-ka-k696-dziecieca-parka-kurtka-parkowa-z-poliestru-k696-personalizacja-1462\/red-old-5421\/custom\/"}}],"documentation_link":"\/pdf\/1462.pdf","countries_availables":["AD","AE","AL","AT","BA","BD","BE","BG","BL","CA","CH","CN","CO","CY","CZ","DE","DK","DO","EE","EG","ES","ET","FI","FR","GB","GE","GF","GP","GR","GT","HK","HN","HR","HT","HU","ID","IE","IN","IS","IT","JO","JP","KE","KH","KP","KR","LA","LK","LS","LT","LU","LV","MA","MF","MG","MK","MM","MN","MQ","MT","MX","MY","NC","NI","NL","PF","PH","PK","PL","PM","PT","RE","RO","SE","SG","SI","SK","SV","SY","TH","TN","TR","TW","TZ","US","VN","WF","YT"]},"infos_customization":[],"features":{"authorize_multi_surfaces":true,"display_order_delay_type":true,"promote_surface_display":true,"tarification_franco_offert":true,"enabled_3d_editor":false},"markings":[{"id":0,"nom":"vierge","finition":null,"libelle":null,"code":null,"dpi":null,"finesse_forme_isolee":null,"finesse_forme_non_isolee":null,"hauteur_minimale_texte":null,"inactif":0,"marquage_interne":1,"quantite_min":null,"parent_id":null,"print_on_support":0,"content":"vierge","description":null},{"id":2,"nom":"fonce","finition":"optimale","libelle":"TopQuadri","code":null,"dpi":400,"finesse_forme_isolee":"0.040","finesse_forme_non_isolee":"0.700","hauteur_minimale_texte":2,"inactif":0,"marquage_interne":1,"quantite_min":null,"parent_id":18,"print_on_support":0,"content":"TopQuadri","description":"pour petites et moyennes s\u00e9ries"},{"id":3,"nom":"serigraphie","finition":"serigraphie","libelle":"SeriCoat","code":null,"dpi":400,"finesse_forme_isolee":"0.040","finesse_forme_non_isolee":"0.700","hauteur_minimale_texte":2,"inactif":0,"marquage_interne":1,"quantite_min":15,"parent_id":18,"print_on_support":0,"content":"SeriCoat","description":"pour moyennes et grandes s\u00e9ries"},{"id":4,"nom":"broderie","finition":"broderie","libelle":"Broderie","code":null,"dpi":400,"finesse_forme_isolee":"0.040","finesse_forme_non_isolee":"0.700","hauteur_minimale_texte":3,"inactif":0,"marquage_interne":1,"quantite_min":null,"parent_id":null,"print_on_support":0,"content":"Broderie","description":null},{"id":8,"nom":"theme","finition":null,"libelle":"Th\u00e8me","code":null,"dpi":null,"finesse_forme_isolee":null,"finesse_forme_non_isolee":null,"hauteur_minimale_texte":null,"inactif":0,"marquage_interne":1,"quantite_min":null,"parent_id":null,"print_on_support":0,"content":"Th\u00e8me","description":null},{"id":9,"nom":"sans","finition":null,"libelle":null,"code":null,"dpi":null,"finesse_forme_isolee":null,"finesse_forme_non_isolee":null,"hauteur_minimale_texte":null,"inactif":0,"marquage_interne":1,"quantite_min":null,"parent_id":null,"print_on_support":0,"content":"sans","description":null},{"id":10,"nom":"photo","finition":null,"libelle":"Photo","code":null,"dpi":null,"finesse_forme_isolee":null,"finesse_forme_non_isolee":null,"hauteur_minimale_texte":null,"inactif":0,"marquage_interne":1,"quantite_min":null,"parent_id":null,"print_on_support":0,"content":"Photo","description":null},{"id":14,"nom":"couleur","finition":null,"libelle":"Couleur","code":null,"dpi":null,"finesse_forme_isolee":null,"finesse_forme_non_isolee":null,"hauteur_minimale_texte":null,"inactif":0,"marquage_interne":1,"quantite_min":null,"parent_id":null,"print_on_support":0,"content":"Couleur","description":null},{"id":15,"nom":"sublimation","finition":"sublimation","libelle":"Sublimation","code":null,"dpi":null,"finesse_forme_isolee":"0.000","finesse_forme_non_isolee":"0.000","hauteur_minimale_texte":2,"inactif":0,"marquage_interne":1,"quantite_min":null,"parent_id":null,"print_on_support":0,"content":"Sublimation","description":null},{"id":16,"nom":"topquadri_uv","finition":null,"libelle":"TopQuadri UV","code":null,"dpi":null,"finesse_forme_isolee":"0.020","finesse_forme_non_isolee":"0.700","hauteur_minimale_texte":2,"inactif":0,"marquage_interne":1,"quantite_min":null,"parent_id":null,"print_on_support":1,"content":null,"description":null},{"id":17,"nom":"topquadri_uvp","finition":null,"libelle":"TopQuadri UVP","code":null,"dpi":null,"finesse_forme_isolee":"0.020","finesse_forme_non_isolee":"0.700","hauteur_minimale_texte":2,"inactif":0,"marquage_interne":1,"quantite_min":null,"parent_id":null,"print_on_support":1,"content":null,"description":null},{"id":18,"nom":"quadri","finition":null,"libelle":"Impression","code":null,"dpi":null,"finesse_forme_isolee":null,"finesse_forme_non_isolee":null,"hauteur_minimale_texte":null,"inactif":0,"marquage_interne":1,"quantite_min":null,"parent_id":null,"print_on_support":0,"content":null,"description":null}]}}