{"data":{"product":{"id":14612,"titre":"Pantalon homme","description":"64% polyester \/ 34% viscose \/ 2% \u00e9lasthanne. Pantalon coupe ajust\u00e9e. 2 poches italiennes devant et 2 poches arri\u00e8re passepoil\u00e9es et boutonn\u00e9es. Fermeture braguette zipp\u00e9e avec crochet et bouton sous patte. Ceinture avec passants. 1\/2 jambe devant doubl\u00e9e. Bas de pantalon \"non fini\" permettant de faire un ourlet parfaitement adapt\u00e9.","genre":"homme","grammage":220,"conditionnement":20,"composition":"polyester,elasthanne","reference":"ka-k730","reference_visible":"ka-k730","reference_fabricant":"K730","ref_xor":"749393","in_catalog":true,"is_transfer":false,"is_service":false,"on_standby":false,"has_3d":false,"has_size_guide":true,"has_marking":true,"has_vierge":true,"is_cross_sellable":false,"id_picto":199,"filename_3d":null,"brand":{"id":25,"name":"Kariban","logo":"logo-kariban.png","image":"https:\/\/media.th4.com\/0rw9lHnnPIY5Gn0FZVsrv47tC3tEhLUIsdVYj4xy6L4\/pr:brand70x70\/aHR0cDovL21lZGlhMi5kZXNpZ25wYXJ0bmVyLmZyL2MvbS9sb2dvLWthcmliYW4ucG5n?v=1736960982"},"price_infos":{"price_from":33.91,"quantity":480,"color":{"id":1520,"name":"black"},"size":{"id":249,"name":"44"}},"price_infos_marking":{"price_from":37.58,"quantity":1500,"color":{"id":1520,"name":"black"},"size":{"id":249,"name":"44"},"marking":{"id":2,"name":""},"emplacement":"avant","surface_emplacement_id":6620,"surface":"Haut avant gauche"},"i18n":{"blank":{"title":{"fr":"Pantalon homme KARIBAN k730","en":"Men's Kariban k730 Pants","de":"Hosenmann KARIBAN k730","nl":"Brok voor mannen KARIBAN k730","es":"Pantal\u00f3n hombre KARIBAN k730","it":"Pantalone uomo KARIBAN k730","sv":"Pantalon man KARIBAN k730","pt":"Cal\u00e7a masculina KARIBAN k730","da":"Bukser til mand KARIBAN k730","pl":"Spodnie m\u0119skie KARIBAN k730"},"description":{"fr":"Pantalon homme coupe ajust\u00e9e, offrant un confort optimal et une silhouette moderne. Il est dot\u00e9 de 2 poches italiennes \u00e0 l'avant et de 2 poches arri\u00e8re passepoil\u00e9es avec boutons. La fermeture \u00e9clair et le crochet sous patte assurent une fermeture s\u00e9curis\u00e9e. La ceinture avec passants permet un maintien ajust\u00e9. Le 1\/2 devant est doubl\u00e9, et le bas de pantalon non fini offre la possibilit\u00e9 d'un ourlet personnalis\u00e9.\n\n- Composition : 64% polyester \/ 34% viscose \/ 2% \u00e9lasthanne\n- Coupe : ajust\u00e9e","en":"Men's fitted cut pants, offering optimal comfort and a modern silhouette. It features 2 Italian pockets in the front and 2 piped back pockets with buttons. The zipper and hook under flap ensure secure closure. The belt with loops provides an adjustable fit. The half-front is lined, and the unfinished hem of the pants offers the possibility of a personalized hem.\n\n- Composition: 64% polyester \/ 34% viscose \/ 2% elastane - Cut: fitted","de":"Einengende Herrenhose, die optimalen Komfort und eine moderne Silhouette bietet. Sie verf\u00fcgt \u00fcber zwei italienische Taschen vorne und zwei hintere, passierte Taschen mit Kn\u00f6pfen. Der Rei\u00dfverschluss und die Schnappschnalle unter der Klappe gew\u00e4hrleisten einen sicheren Verschluss. Der G\u00fcrtel mit Schlaufen sorgt f\u00fcr einen angepassten Halt. Die Vorderseite ist zur H\u00e4lfte gef\u00fcttert und das Hosenbein unfertig, sodass eine individuelle Abn\u00e4herung m\u00f6glich ist.\n\n- Zusammensetzung: 64% Polyester \/ 34% Viskose \/ 2% Elasthan\n- Schnitt: einengend","nl":"Broek voor heren gesloten snit, biedt optimaal comfort en een moderne silhouet. Hij is voorzien van 2 Italiaanse zakken aan de voorkant en 2 achterzakken met paspoelen en knoppen. De rits en het haakje onder de klap zorgen voor een veilige sluiting. Het riem met slingen biedt een aangepaste steun. De halve voorzijde is gedubbeld, en de onafgewerkte benen van de broek maken het mogelijk om een persoonlijke afwerking te geven.\n\n- Samenstelling: 64% polyester \/ 34% viscose \/ 2% elastane \n - Snit: smal","es":"Pantal\u00f3n hombre corte ajustado, ofreciendo un confort \u00f3ptimo y una silueta moderna. Cuenta con 2 bolsillos italianos al frente y 2 bolsillos traseros acordonados con botones. La cremallera y el broche bajo la solapa aseguran un cierre seguro. El cintur\u00f3n con hebillas permite un ajuste adecuado. El medio delantero est\u00e1 forrado, y el dobladillo del pantal\u00f3n sin terminar ofrece la posibilidad de un dobladillo personalizado.\n\n- Composici\u00f3n: 64% poli\u00e9ster \/ 34% viscosa \/ 2% elastano\n-Corte: ajustado","it":"Pantalone uomo taglio slim, offre un comfort ottimale e una silhouette moderna. \u00c8 dotato di due tasche italiane sul davanti e di due tasche posteriori con passanti e bottoni. La chiusura lampo e il gancio sotto patta assicurano una chiusura sicura. La cintura con passanti permette un mantenimento regolabile. La parte anteriore \u00e8 rivestita, e il basso del pantalone non finito offre la possibilit\u00e0 di un orlo personalizzato.\n\n- Composizione: 64% poliestere \/ 34% viscosa \/ 2% elastam \n-Coupe: Slim","sv":"Pantalon man passform, erbjuder optimal komfort och en modern silhuett. Den \u00e4r utrustad med 2 italienska fickor fram och 2 baks\u00e4ckar med p\u00e4rlstickning och knappar. L\u00e5smekanismen och krok under fliken s\u00e4kerst\u00e4ller ett s\u00e4kert st\u00e4ngande. B\u00e4ltet med skenor ger en justerad passform. Framsidan \u00e4r f\u00f6rdubblad, och botten p\u00e5 byxorna utan slutgerden erbjuder m\u00f6jligheten till en anpassad omslagning.\n\n- Sammans\u00e4ttning: 64% polyester \/ 34% viskos \/ 2% elastan\n-Coupe: passform","pt":"Cal\u00e7a masculina de corte ajustada, oferecendo conforto \u00f3timo e uma silhueta moderna. Possui duas bolsas italianas na frente e duas bolsas atr\u00e1s com costura e bot\u00f5es. O z\u00edper e o gancho sob a aba garantem um fechamento seguro. O cinto com passantes permite um ajuste. A metade da frente \u00e9 forrada, e a parte inferior da cal\u00e7a n\u00e3o acabada oferece a possibilidade de uma bainha personalizada.\n\n- Composi\u00e7\u00e3o: 64% poli\u00e9ster \/ 34% viscose \/ 2% elastano\n- Corte: ajustado","da":"Bukser til mand med sn\u00e6ver pasform, der tilbyder optimal komfort og en moderne silhouette. Den har to italienske lommer foran og to bagsider med stropper og knapper. Lysglide og kryds under l\u00e6be sikrer en sikkert lukning. B\u00e6ltet med skr\u00e5lomme giver en justerbar pasform. Den 1\/2 forside er fordoblet, og den uf\u00e6rdige bund af bukserne giver mulighed for en tilpasset oml\u00e6gning.\n\n- Sammens\u00e6tning: 64% polyester \/ 34% viskose \/ 2% elastan\n-Coupe : ajust\u00e9e","pl":"Spodnie m\u0119skie kr\u00f3j dopasowany, oferuj\u0105cy optymalny komfort i wsp\u00f3\u0142czesn\u0105 sylwetk\u0119. Wyposa\u017cone w 2 kieszenie w\u0142oskie z przodu i 2 kieszenie z ty\u0142u obszyte guzikami. Zamkni\u0119cie na zamek b\u0142yskawiczny i hak pod klap\u0105 zapewniaj\u0105 bezpieczne zamkni\u0119cie. Pas z szelkami pozwala na dopasowany trzymanie. P\u00f3\u0142przednie jest wy\u015bcie\u0142ane, a dolna cz\u0119\u015b\u0107 sp\u00f3dnic nie sko\u0144czona oferuje mo\u017cliwo\u015b\u0107 d\u0142ugiego personalizowanego."},"h1":{"fr":"Pantalon homme coupe ajust\u00e9e k730","en":"Men's Fitted Cut k730 Pants","de":"Einengende Herrenhose k730","nl":"Broek voor heren gesloten snit k730","es":"Pantal\u00f3n hombre corte ajustado k730","it":"Pantalone uomo taglio slim k730","sv":"Pantalon man passform k730","pt":"Cal\u00e7a masculina corte ajustado k730","da":"Bukser til mand sn\u00e6ver pasform k730","pl":"Spodnie m\u0119skie kr\u00f3j dopasowany k730"},"meta_description":{"fr":"D\u00e9couvrez le pantalon homme coupe ajust\u00e9e KARIBAN k730, confort et \u00e9l\u00e9gance pour un look soign\u00e9. Composition : 64% polyester, 34% viscose, 2% \u00e9lasthanne.","en":"Discover the Men's Fitted Cut KARIBAN k730, comfort and elegance for a polished look. Composition: 64% polyester, 34% viscose, 2% elastane.","de":"Entdecken Sie die einengende Herrenhose KARIBAN k730, Komfort und Eleganz f\u00fcr einen gepflegten Look. Zusammensetzung: 64% Polyester, 34% Viskose, 2% Elasthan.","nl":"Ontdek de broek voor heren met een smalle pasvorm KARIBAN k730, comfort en stijl voor een verzorgde uitstraling. Samenstelling: 64% polyester, 34% viscose, 2% elastane.","es":"Descubra el pantal\u00f3n hombre corte ajustado KARIBAN k730, confort y elegancia para un look cuidado. Composici\u00f3n: 64% poli\u00e9ster, 34% viscosa, 2% elastano.","it":"Scopri il pantalone uomo taglio slim KARIBAN k730, confort e eleganza per un look curato. Composizione: 64% poliestere, 34% viscosa, 2% elastam","sv":"Uppt\u00e4ck den manspants med perfekt passform KARIBAN k730, komfort och elegans f\u00f6r ett v\u00e5rdat utseende. Sammans\u00e4ttning: 64% polyester, 34% viskos, 2% elastan.","pt":"Descubra a cal\u00e7a masculina de corte ajustado KARIBAN k730, conforto e eleg\u00e2ncia para um visual cuidado. Composi\u00e7\u00e3o: 64% poli\u00e9ster, 34% viscose, 2% elastano.","da":"Opdag bukserne til mand med sn\u00e6ver pasform KARIBAN k730, komfort og elegance for et p\u00e6n udseende. Sammens\u00e6tning: 64% polyester, 34% viskose, 2% elastan.","pl":"Odkryjcie sp\u00f3dnic\u0119 m\u0119sk\u0105 w stylu dopasowanym KARIBAN k730, komfort i elegancj\u0119 dla wygl\u0105du dba\u0142o\u015bci. Sk\u0142ad : 64% poliestru, 34% wiskozy, 2% elastanu."}},"custom":{"title":{"fr":"Pantalon homme KARIBAN k730 personnalisable","en":"Men's KARIBAN k730 customizable pants","de":"M\u00e4nnerhose KARIBAN k730 personalisierbar","nl":"Broek voor mannen KARIBAN k730 persoonlijk te maken","es":"Pantal\u00f3n hombre KARIBAN k730 personalizable","it":"Pantalone uomo KARIBAN k730 personalizzabile","sv":"Herrbyxor KARIBAN k730 anpassningsbara","pt":"Cal\u00e7a masculina KARIBAN k730 personaliz\u00e1vel","da":"Bukser til m\u00e6nd KARIBAN k730 personaliserbar","pl":"Spodnie m\u0119skie KARIBAN k730 do personalizacji"},"description":{"fr":"Pantalon homme coupe ajust\u00e9e en 64% polyester, 34% viscose et 2% \u00e9lasthanne. Il est dot\u00e9 de 2 poches italiennes \u00e0 l'avant et de 2 poches arri\u00e8re passepoil\u00e9es et boutonn\u00e9es. Sa fermeture \u00e0 braguette zipp\u00e9e avec crochet et bouton sous patte assure un maintien optimal. La ceinture avec passants permet un ajustement personnalis\u00e9. Le 1\/2 jambe devant est doubl\u00e9, et le bas de pantalon \"non fini\" permet de r\u00e9aliser un ourlet parfaitement adapt\u00e9 \u00e0 votre morphologie. Possibilit\u00e9 de personnaliser cet article avec votre logo ou votre visuel pour une image de marque unique.\n\nCaract\u00e9ristiques techniques :\n- Composition : 64% polyester \/ 34% viscose \/ 2% \u00e9lasthanne\n- Coupe : Ajust\u00e9e","en":"Men's fitted cut pants in 64% polyester, 34% viscose and 2% elastane. It features 2 front Italian pockets and 2 back pockets piped and buttoned. Its zipper closure with hook and button under flap ensures optimal hold. The belt with loops allows for personalized adjustment. The half leg front is lined, and the unfinished bottom of the pants allows for a hem perfectly suited to your morphology. Possibility to customize this item with your logo or your visual for a unique brand image.\n\nTechnical specifications:\n- Composition: 64% polyester \/ 34% viscose \/ 2% elastane\n-Cut: Fitted","de":"M\u00e4nnerhose eng anliegende in 64% Polyester, 34% Viskose und 2% Elastan. Er verf\u00fcgt \u00fcber 2 vordere italienische Taschen und 2 hintere eingen\u00e4hte und gekn\u00f6pfte Taschen. Der Rei\u00dfverschluss mit Haken und Knopf unter der Lasche sorgt f\u00fcr einen optimalen Halt. Der G\u00fcrtel mit Schlaufen erm\u00f6glicht eine pers\u00f6nliche Anpassung. Die Vorderseite des Beins ist gef\u00fcttert, und der unfertige Saum des Hosenbeins erm\u00f6glicht es, einen perfekt angepassten Saum an Ihre K\u00f6rperform anzubringen. M\u00f6glichkeit zur Personalisierung dieses Artikels mit Ihrem Logo oder Ihrem Bild f\u00fcr ein einzigartiges Markenbild.\n\nTechnische Spezifikationen:\n- Zusammensetzung: 64% Polyester \/ 34% Viskose \/ 2% Elastan\n- Schnitt: Eng anliegend","nl":"Broek voor mannen strakke pasvorm van 64% polyester, 34% viscose en 2% elastane. Hij is uitgerust met 2 Italiaanse zakken aan de voorkant en 2 achterzakken met een passepoil en knoppen. De rits met haakje en knoop onder de flap biedt een optimale stevigheid. Het riem met slingen biedt een persoonlijke pasvorm. Het voorste halfbeen is gevoerd, en het \"niet afgewerkte\" broekuiteinde stelt u in staat om een naad te maken die perfect past bij uw lichaamsbouw. Mogelijkheid om dit artikel aan te passen met uw logo of visueel beeld voor een unieke merkbeelden.\n\nTechnische kenmerken :\n- Samenstelling : 64% polyester \/ 34% viscose \/ 2% elastane\n-Coupe: Strakke pasvorm","es":"Pantal\u00f3n hombre corte ajustado en 64% poli\u00e9ster, 34% viscosa y 2% elastano. Dispone de dos bolsillos italianos al frente y de dos bolsillos traseros pasados y botonados. Su cierre de cremallera con gancho y bot\u00f3n bajo solapa asegura un mantenimiento \u00f3ptimo. El cintur\u00f3n con hebillas permite un ajuste personalizado. La parte delantera de la pierna est\u00e1 forrada, y el dobladillo del pantal\u00f3n \"sin terminar\" permite realizar una costura perfectamente adaptada a su morfolog\u00eda. Posibilidad de personalizar este art\u00edculo con su logo o su dise\u00f1o para una imagen de marca \u00fanica.\n\nCaracter\u00edsticas t\u00e9cnicas:\n- Composici\u00f3n: 64% poli\u00e9ster \/ 34% viscosa \/ 2% elastano\n- Corte: Ajustado","it":"Pantalone uomo taglio aderente in 64% poliestere, 34% viscosa e 2% elastam. \u00c8 dotato di 2 tasche italiane anteriori e di 2 tasche posteriori rifinite con passante e bottonatura. La chiusura a zip con gancio e bottone sotto patta garantisce una tenuta ottimale. La cintura con passanti permette un aggiustamento personalizzato. Il 1\/2 gamba anteriore \u00e8 foderato, e il fondo pantaloni 'non finito' permette di realizzare un orlo perfettamente adattato alla vostra morfologia. Possibilit\u00e0 di personalizzare questo articolo con il proprio logo o visivo per un'immagine unica del marchio.\n\nCaratteristiche tecniche:\n- Composizione: 64% poliestere \/ 34% viscosa \/ 2% elastam\n- Taglio: Aderente","sv":"H\u00e4rbyxor med justerad passform av 64% polyester, 34% viskos och 2% elastan. Den har tv\u00e5 framsida italienska fickor och tv\u00e5 baksidor passerade och knappta. Dess bl\u00e4ndningsbara dragkedja med krok och knapp under flik s\u00e4kerst\u00e4ller ett optimalt grepp. B\u00e4ltet med passare g\u00f6r det m\u00f6jligt att justera anpassning. Framhalvan \u00e4r f\u00f6rdubblad, och den \"of\u00e4rdiga\" nedre delen av byxan till\u00e5ter att man g\u00f6r en \u00f6verkant perfekt anpassad efter din kroppsbyggnad. M\u00f6jlighet att anpassa denna artikel med ditt logo eller din bild f\u00f6r ett unikt varum\u00e4rke.\n\nTekniska egenskaper :\n- Sammans\u00e4ttning : 64% polyester \/ 34% viskos \/ 2% elastan\n- Passform : Justerad","pt":"Cal\u00e7a masculina corte ajustado em 64% poli\u00e9ster, 34% viscose e 2% elastano. \u00c9 dotada de 2 bolsos italianos na frente e de 2 bolsos traseiros passamenteados e abotoados. Seu fechamento com z\u00edper com gancho e bot\u00e3o sob aba assegura uma sustenta\u00e7\u00e3o \u00f3tima. O cinto com passantes permite um ajuste personalizado. A metade da perna na frente \u00e9 forrada, e a base da cal\u00e7a \"sem acabamento\" permite realizar uma barra perfeitamente adaptada \u00e0 sua morfologia. Possibilidade de personalizar este artigo com seu logotipo ou visual para uma imagem de marca \u00fanica.\n\nCaracter\u00edsticas t\u00e9cnicas:\n- Composi\u00e7\u00e3o: 64% poli\u00e9ster \/ 34% viscose \/ 2% elastano\n- Corte: Ajustado","da":"Bukser til m\u00e6nd justeret sk\u00e6ring i 64% polyester, 34% viskose og 2% elastan. Det er udstyret med 2 italienske lommer foran og 2 baglommer syede og knapned. Den lukkes med en zip med h\u00e6gt og knap under flap, som sikrer optimal hold. Beltet med \u00f8jner giver en personlig justering. Forreste halvben er fordoblet, og bunden af bukserne \"uf\u00e6rdig\" g\u00f8r det muligt at sy et passende fald til din krop. Mulighed for at personalisere dette produkt med dit logo eller din visuel for et unikt brand.\n\nTekniske specifikationer:\n- Sammens\u00e6tning: 64% polyester \/ 34% viskose \/ 2% elastan\n- Sk\u00e6ring: Justeret","pl":"Spodnie m\u0119skie w ajustowanym krojowi z 64% poliestru, 34% wiskozy i 2% elastanu. Maj\u0105 dwie przednie kieszenie w\u0142oskie oraz dwa tylne kieszenie z paskami i guzikami. Zamkni\u0119cie na zamek b\u0142yskawiczny ze sprz\u0105czk\u0105 i guzkiem pod klapek gwarantuje optymalne utrzymanie. Pas z pasemkami umo\u017cliwia indywidualne dopasowanie. P\u00f3\u0142 nogawki przednie s\u0105 dwuwarstwowe, a dolna cz\u0119\u015b\u0107 spodni \"nie zako\u0144czona\" pozwala na wykonanie obro\u017cy idealnie dopasowanej do Twojej sylwetki. Mo\u017cliwo\u015b\u0107 spersonalizowania tego artyku\u0142u za pomoc\u0105 logo lub wizualnego znaku dla unikalnego wizerunku marki.\n\nW\u0142a\u015bciwo\u015bci techniczne:\n- Sk\u0142ad: 64% poliestru \/ 34% wiskozy \/ 2% elastanu\n-Kr\u00f3j: Ajustowany"},"h1":{"fr":"Pantalon homme coupe ajust\u00e9e k730 personnalisable","en":"Men's fitted cut k730 customizable pants","de":"M\u00e4nnerhose eng anliegend k730 personalisierbar","nl":"Broek voor mannen strakke pasvorm k730 persoonlijk te maken","es":"Pantal\u00f3n hombre corte ajustado k730 personalizable","it":"Pantalone uomo taglio aderente k730 personalizzabile","sv":"Herrbyxor k730 med justerad passform anpassningsbar","pt":"Cal\u00e7a masculina corte ajustado k730 personaliz\u00e1vel","da":"Bukser til m\u00e6nd justeret sk\u00e6ring k730 personaliserbar","pl":"Spodnie m\u0119skie w ajustowanej krojowi k730 do personalizacji"},"meta_description":{"fr":"Pantalon homme coupe ajust\u00e9e KARIBAN k730 en polyester, viscose et \u00e9lasthanne. 2 poches italiennes, 2 poches arri\u00e8re. Personnalisable avec votre logo.","en":"Men's fitted cut KARIBAN k730 pants in polyester, viscose and elastane. 2 Italian pockets, 2 rear pockets. Customizable with your logo.","de":"M\u00e4nnerhose eng anliegend KARIBAN k730 aus Polyester, Viskose und Elastan. 2 italienische Taschen, 2 hintere Taschen. Personalisierbar mit Ihrem Logo.","nl":"Broek voor mannen strakke pasvorm KARIBAN k730 van polyester, viscose en elastane. 2 Italiaanse zakken, 2 achterzakken. Persoonlijk te maken met uw logo.","es":"Pantal\u00f3n hombre corte ajustado KARIBAN k730 en poli\u00e9ster, viscosa y elastano. 2 bolsillos italianos, 2 bolsillos traseros. Personalizable con su logo.","it":"Pantalone uomo taglio aderente KARIBAN k730 in poliestere, viscosa ed elastam. 2 tasche italiane e 2 tasche posteriori. Personalizzabile con il vostro logo.","sv":"Herrbyxor KARIBAN k730 i polyester, viskos och elastan. 2 italienska fickor, 2 bakfickor. Anpassningsbara med ditt logo.","pt":"Cal\u00e7a masculina corte ajustado KARIBAN k730 em poli\u00e9ster, viscose e elastano. 2 bolsos italianos, 2 bolsos traseiros. Personaliz\u00e1vel com seu logotipo.","da":"Bukser til m\u00e6nd justeret sk\u00e6ring KARIBAN k730 i polyester, viskose og elastan. 2 italienske lommer, 2 baglommer. Personaliserbar med dit logo.","pl":"Spodnie m\u0119skie w ajustowanym krojowi KARIBAN k730 z poliestru, wiskozy i elastanu. 2 kieszenie w\u0142oskie, 2 kieszenie ty\u0142owe. Mo\u017cna je spersonalizowa\u0107 za pomoc\u0105 logo."}}},"categories":[{"id":11,"name":"Pantalons","singular":"pantalon","is_feminin":false},{"id":564,"name":"Business","singular":"Business","is_feminin":false},{"id":498,"name":"Pantalons et shorts","singular":"Pantalon, short","is_feminin":false},{"id":559,"name":"Univers","singular":"Univers","is_feminin":false},{"id":354,"name":"Textile","singular":"Textile","is_feminin":false}],"certifications":[],"videos":{"fr":[],"en":[],"de":[],"nl":[],"es":[],"it":[],"sv":[],"pt":[],"da":[],"pl":[]},"main_images":{"miniature":"https:\/\/media.th4.com\/HWTfLSVeexG35OLEST49CVgA5v37LgnlOKu2BSkMa1s\/pr:80\/aHR0cDovL21lZGlhMi5kZXNpZ25wYXJ0bmVyLmZyL2MvcC1NVC8xNDYxMi5qcGc?v=1642592575","medium":"https:\/\/media.th4.com\/wA0EhPiKXKKOBcC6DFdEQFhN4vXyvEBnTwTgbtMrZSY\/pr:550x550greybg\/aHR0cDovL21lZGlhMi5kZXNpZ25wYXJ0bmVyLmZyL2MvcC1NVC8xNDYxMi5qcGc?v=1642592575","medium_large":"https:\/\/media.th4.com\/nMHYkWatglX-pp6pEv-67sRMPBAmJo83RfruSotvdSo\/pr:1000x1000greybg\/aHR0cDovL21lZGlhMi5kZXNpZ25wYXJ0bmVyLmZyL2MvcC1NVC8xNDYxMi5qcGc?v=1642592575","large":"https:\/\/media.th4.com\/Wggip0L-vQ4lyRz-z_V0-ET5ZFFKKiibNsgYdF8c8II\/pr:1920greybg\/aHR0cDovL21lZGlhMi5kZXNpZ25wYXJ0bmVyLmZyL2MvcC1NVC8xNDYxMi5qcGc?v=1642592575","opengraph":"https:\/\/media.th4.com\/37ZOp5pLyeKHvnIAA0xdiiKuR88ULFLtyPBdOP6XgPQ\/pr:1200x630greybg\/aHR0cDovL21lZGlhMi5kZXNpZ25wYXJ0bmVyLmZyL2MvcC1NVC8xNDYxMi5qcGc?v=1642592575"},"main_images_customization":{"miniature":"https:\/\/media.th4.com\/HWTfLSVeexG35OLEST49CVgA5v37LgnlOKu2BSkMa1s\/pr:80\/aHR0cDovL21lZGlhMi5kZXNpZ25wYXJ0bmVyLmZyL2MvcC1NVC8xNDYxMi5qcGc?v=1642592575","medium":"https:\/\/media.th4.com\/wA0EhPiKXKKOBcC6DFdEQFhN4vXyvEBnTwTgbtMrZSY\/pr:550x550greybg\/aHR0cDovL21lZGlhMi5kZXNpZ25wYXJ0bmVyLmZyL2MvcC1NVC8xNDYxMi5qcGc?v=1642592575","medium_large":"https:\/\/media.th4.com\/nMHYkWatglX-pp6pEv-67sRMPBAmJo83RfruSotvdSo\/pr:1000x1000greybg\/aHR0cDovL21lZGlhMi5kZXNpZ25wYXJ0bmVyLmZyL2MvcC1NVC8xNDYxMi5qcGc?v=1642592575","large":"https:\/\/media.th4.com\/Wggip0L-vQ4lyRz-z_V0-ET5ZFFKKiibNsgYdF8c8II\/pr:1920greybg\/aHR0cDovL21lZGlhMi5kZXNpZ25wYXJ0bmVyLmZyL2MvcC1NVC8xNDYxMi5qcGc?v=1642592575","opengraph":"https:\/\/media.th4.com\/37ZOp5pLyeKHvnIAA0xdiiKuR88ULFLtyPBdOP6XgPQ\/pr:1200x630greybg\/aHR0cDovL21lZGlhMi5kZXNpZ25wYXJ0bmVyLmZyL2MvcC1NVC8xNDYxMi5qcGc?v=1642592575"},"page_links":{"fr":"\/fr\/p-ka-k730-pantalon-homme-coupe-ajustee-k730-14612\/","en":"\/en\/p-ka-k730-mens-fitted-cut-k730-pants-14612\/","de":"\/de\/p-ka-k730-einengende-herrenhose-k730-14612\/","nl":"\/nl\/p-ka-k730-broek-voor-heren-gesloten-snit-k730-14612\/","es":"\/es\/p-ka-k730-pantalon-hombre-corte-ajustado-k730-14612\/","it":"\/it\/p-ka-k730-pantalone-uomo-taglio-slim-k730-14612\/","sv":"\/sv\/p-ka-k730-pantalon-man-passform-k730-14612\/","pt":"\/pt\/p-ka-k730-calca-masculina-corte-ajustado-k730-14612\/","da":"\/da\/p-ka-k730-bukser-til-mand-snaever-pasform-k730-14612\/","pl":"\/pl\/p-ka-k730-spodnie-meskie-kroj-dopasowany-k730-14612\/"},"page_links_customization":{"fr":"\/fr\/p-ka-k730-pantalon-homme-coupe-ajustee-k730-personnalisable-14612\/custom\/","en":"\/en\/p-ka-k730-mens-fitted-cut-k730-customizable-pants-14612\/custom\/","de":"\/de\/p-ka-k730-mannerhose-eng-anliegend-k730-personalisierbar-14612\/custom\/","nl":"\/nl\/p-ka-k730-broek-voor-mannen-strakke-pasvorm-k730-persoonlijk-te-maken-14612\/custom\/","es":"\/es\/p-ka-k730-pantalon-hombre-corte-ajustado-k730-personalizable-14612\/custom\/","it":"\/it\/p-ka-k730-pantalone-uomo-taglio-aderente-k730-personalizzabile-14612\/custom\/","sv":"\/sv\/p-ka-k730-herrbyxor-k730-med-justerad-passform-anpassningsbar-14612\/custom\/","pt":"\/pt\/p-ka-k730-calca-masculina-corte-ajustado-k730-personalizavel-14612\/custom\/","da":"\/da\/p-ka-k730-bukser-til-maend-justeret-skaering-k730-personaliserbar-14612\/custom\/","pl":"\/pl\/p-ka-k730-spodnie-meskie-w-ajustowanej-krojowi-k730-do-personalizacji-14612\/custom\/"},"equivalent_products":[14613],"colors":[{"id":1520,"name":"black","class_ids":[4],"codes_hexa":["1a1a18"],"delai_24":false,"has_3d":false,"seuil_global":0,"stock_local":0,"stock_global":11218,"on_standby":false,"in_catalog":true,"images":{"miniature":["https:\/\/media.th4.com\/TKGR8EH2dkrxlZHe1Ef_3CPfK2-EidiUV1BgADjUW94\/pr:80\/aHR0cDovL21lZGlhMi5kZXNpZ25wYXJ0bmVyLmZyL2MvcC8xNDYxMi8xNDYxMi0xNTIwLTEuanBn?v=1638344258","https:\/\/media.th4.com\/AXWYP6LeNp0vCgaIBWqethZyfB3jnb8qDViSP76XDyU\/pr:80\/aHR0cDovL21lZGlhMi5kZXNpZ25wYXJ0bmVyLmZyL2MvcC8xNDYxMi8xNDYxMi0xNTIwLTEwLmpwZw?v=1638344259","https:\/\/media.th4.com\/Rlytb8BgIlQZ-gD_YBqc0Hl0574Gg2Y-boOgOx6L8Ps\/pr:80\/aHR0cDovL21lZGlhMi5kZXNpZ25wYXJ0bmVyLmZyL2MvcC8xNDYxMi8xNDYxMi0xNTIwLTExLmpwZw?v=1638344258","https:\/\/media.th4.com\/l5zRLLfeibGCnLx55Yy56n6P2fXrW7D1MteZAkC4ad0\/pr:80\/aHR0cDovL21lZGlhMi5kZXNpZ25wYXJ0bmVyLmZyL2MvcC8xNDYxMi8xNDYxMi0xNTIwLTIuanBn?v=1638344258"],"medium":["https:\/\/media.th4.com\/IcLPUeaKv1ypeowXhJ2y3ynYsjanMovGmf9N_AyyuGc\/pr:550x550\/aHR0cDovL21lZGlhMi5kZXNpZ25wYXJ0bmVyLmZyL2MvcC8xNDYxMi8xNDYxMi0xNTIwLTEuanBn?v=1638344258","https:\/\/media.th4.com\/cf5W6wMarP96n8AtkvXsEOTzs6RQ8VTJk6usW-78HJ8\/pr:550x550\/aHR0cDovL21lZGlhMi5kZXNpZ25wYXJ0bmVyLmZyL2MvcC8xNDYxMi8xNDYxMi0xNTIwLTEwLmpwZw?v=1638344259","https:\/\/media.th4.com\/qXQtS91gWQ6jxJtyG1aUJoR1_HuuVIDsGX44U__KUPA\/pr:550x550\/aHR0cDovL21lZGlhMi5kZXNpZ25wYXJ0bmVyLmZyL2MvcC8xNDYxMi8xNDYxMi0xNTIwLTExLmpwZw?v=1638344258","https:\/\/media.th4.com\/4Nh_UEGuYUdHvsSLwkk7aSBLHnsvt1G-oDzavdXx48w\/pr:550x550\/aHR0cDovL21lZGlhMi5kZXNpZ25wYXJ0bmVyLmZyL2MvcC8xNDYxMi8xNDYxMi0xNTIwLTIuanBn?v=1638344258"],"medium_large":["https:\/\/media.th4.com\/f8aM1nVH9UgWInjp80Hk-iqnVIhz9xqXFoIiqLNDv98\/pr:1000x1000\/aHR0cDovL21lZGlhMi5kZXNpZ25wYXJ0bmVyLmZyL2MvcC8xNDYxMi8xNDYxMi0xNTIwLTEuanBn?v=1638344258","https:\/\/media.th4.com\/erTkCvR6EXenfn6dT6q1NZhhKvOBZ3jpEiiPmfgkiww\/pr:1000x1000\/aHR0cDovL21lZGlhMi5kZXNpZ25wYXJ0bmVyLmZyL2MvcC8xNDYxMi8xNDYxMi0xNTIwLTEwLmpwZw?v=1638344259","https:\/\/media.th4.com\/JO2TkhrZLd8SB4Bb9_c6rgT5vJEqH5974Vma3LnZyz8\/pr:1000x1000\/aHR0cDovL21lZGlhMi5kZXNpZ25wYXJ0bmVyLmZyL2MvcC8xNDYxMi8xNDYxMi0xNTIwLTExLmpwZw?v=1638344258","https:\/\/media.th4.com\/LcmwUsKXzLlpg3FnhylPyHO7yZ1HfcpzKNa51y3htf8\/pr:1000x1000\/aHR0cDovL21lZGlhMi5kZXNpZ25wYXJ0bmVyLmZyL2MvcC8xNDYxMi8xNDYxMi0xNTIwLTIuanBn?v=1638344258"],"large":["https:\/\/media.th4.com\/pjFrSHTIFeS7oMW2ri_oRYUHVGwYQEqtSaLuecdynAg\/pr:1920\/aHR0cDovL21lZGlhMi5kZXNpZ25wYXJ0bmVyLmZyL2MvcC8xNDYxMi8xNDYxMi0xNTIwLTEuanBn?v=1638344258","https:\/\/media.th4.com\/590eiDQSQlGbUh16rxMVwbuOepLuAZyQNdJYx6FxQhU\/pr:1920\/aHR0cDovL21lZGlhMi5kZXNpZ25wYXJ0bmVyLmZyL2MvcC8xNDYxMi8xNDYxMi0xNTIwLTEwLmpwZw?v=1638344259","https:\/\/media.th4.com\/5YdVTCgLMmmQDKLMxQLFzdv1zhDMXw0MY8QCFn75rKo\/pr:1920\/aHR0cDovL21lZGlhMi5kZXNpZ25wYXJ0bmVyLmZyL2MvcC8xNDYxMi8xNDYxMi0xNTIwLTExLmpwZw?v=1638344258","https:\/\/media.th4.com\/gd-Lg9GxvTzYyfwW3GG0QxfAbBg5ADr16WgObG2aHmQ\/pr:1920\/aHR0cDovL21lZGlhMi5kZXNpZ25wYXJ0bmVyLmZyL2MvcC8xNDYxMi8xNDYxMi0xNTIwLTIuanBn?v=1638344258"],"opengraph":["https:\/\/media.th4.com\/gDlTivjHoVCCMUbUCrMLNq7L2-UuViI0zkKhJFpeSiY\/pr:1200x630\/aHR0cDovL21lZGlhMi5kZXNpZ25wYXJ0bmVyLmZyL2MvcC8xNDYxMi8xNDYxMi0xNTIwLTEuanBn?v=1638344258","https:\/\/media.th4.com\/m4NNAuaEqEbT2UH51RXpAvuFWMfWK8dRzm1aIHMQKpY\/pr:1200x630\/aHR0cDovL21lZGlhMi5kZXNpZ25wYXJ0bmVyLmZyL2MvcC8xNDYxMi8xNDYxMi0xNTIwLTEwLmpwZw?v=1638344259","https:\/\/media.th4.com\/OGcU2XghbRNdGC8D6p8a2Y5eDdThG-SlKkAee4OUE4Q\/pr:1200x630\/aHR0cDovL21lZGlhMi5kZXNpZ25wYXJ0bmVyLmZyL2MvcC8xNDYxMi8xNDYxMi0xNTIwLTExLmpwZw?v=1638344258","https:\/\/media.th4.com\/LhbRWMtSmoim87HhTLsUHQvdHykk2fGql65m42sfb3o\/pr:1200x630\/aHR0cDovL21lZGlhMi5kZXNpZ25wYXJ0bmVyLmZyL2MvcC8xNDYxMi8xNDYxMi0xNTIwLTIuanBn?v=1638344258"]},"images_customization":{"miniature":["https:\/\/media.th4.com\/TKGR8EH2dkrxlZHe1Ef_3CPfK2-EidiUV1BgADjUW94\/pr:80\/aHR0cDovL21lZGlhMi5kZXNpZ25wYXJ0bmVyLmZyL2MvcC8xNDYxMi8xNDYxMi0xNTIwLTEuanBn?v=1638344258","https:\/\/media.th4.com\/AXWYP6LeNp0vCgaIBWqethZyfB3jnb8qDViSP76XDyU\/pr:80\/aHR0cDovL21lZGlhMi5kZXNpZ25wYXJ0bmVyLmZyL2MvcC8xNDYxMi8xNDYxMi0xNTIwLTEwLmpwZw?v=1638344259","https:\/\/media.th4.com\/Rlytb8BgIlQZ-gD_YBqc0Hl0574Gg2Y-boOgOx6L8Ps\/pr:80\/aHR0cDovL21lZGlhMi5kZXNpZ25wYXJ0bmVyLmZyL2MvcC8xNDYxMi8xNDYxMi0xNTIwLTExLmpwZw?v=1638344258","https:\/\/media.th4.com\/l5zRLLfeibGCnLx55Yy56n6P2fXrW7D1MteZAkC4ad0\/pr:80\/aHR0cDovL21lZGlhMi5kZXNpZ25wYXJ0bmVyLmZyL2MvcC8xNDYxMi8xNDYxMi0xNTIwLTIuanBn?v=1638344258"],"medium":["https:\/\/media.th4.com\/IcLPUeaKv1ypeowXhJ2y3ynYsjanMovGmf9N_AyyuGc\/pr:550x550\/aHR0cDovL21lZGlhMi5kZXNpZ25wYXJ0bmVyLmZyL2MvcC8xNDYxMi8xNDYxMi0xNTIwLTEuanBn?v=1638344258","https:\/\/media.th4.com\/cf5W6wMarP96n8AtkvXsEOTzs6RQ8VTJk6usW-78HJ8\/pr:550x550\/aHR0cDovL21lZGlhMi5kZXNpZ25wYXJ0bmVyLmZyL2MvcC8xNDYxMi8xNDYxMi0xNTIwLTEwLmpwZw?v=1638344259","https:\/\/media.th4.com\/qXQtS91gWQ6jxJtyG1aUJoR1_HuuVIDsGX44U__KUPA\/pr:550x550\/aHR0cDovL21lZGlhMi5kZXNpZ25wYXJ0bmVyLmZyL2MvcC8xNDYxMi8xNDYxMi0xNTIwLTExLmpwZw?v=1638344258","https:\/\/media.th4.com\/4Nh_UEGuYUdHvsSLwkk7aSBLHnsvt1G-oDzavdXx48w\/pr:550x550\/aHR0cDovL21lZGlhMi5kZXNpZ25wYXJ0bmVyLmZyL2MvcC8xNDYxMi8xNDYxMi0xNTIwLTIuanBn?v=1638344258"],"medium_large":["https:\/\/media.th4.com\/f8aM1nVH9UgWInjp80Hk-iqnVIhz9xqXFoIiqLNDv98\/pr:1000x1000\/aHR0cDovL21lZGlhMi5kZXNpZ25wYXJ0bmVyLmZyL2MvcC8xNDYxMi8xNDYxMi0xNTIwLTEuanBn?v=1638344258","https:\/\/media.th4.com\/erTkCvR6EXenfn6dT6q1NZhhKvOBZ3jpEiiPmfgkiww\/pr:1000x1000\/aHR0cDovL21lZGlhMi5kZXNpZ25wYXJ0bmVyLmZyL2MvcC8xNDYxMi8xNDYxMi0xNTIwLTEwLmpwZw?v=1638344259","https:\/\/media.th4.com\/JO2TkhrZLd8SB4Bb9_c6rgT5vJEqH5974Vma3LnZyz8\/pr:1000x1000\/aHR0cDovL21lZGlhMi5kZXNpZ25wYXJ0bmVyLmZyL2MvcC8xNDYxMi8xNDYxMi0xNTIwLTExLmpwZw?v=1638344258","https:\/\/media.th4.com\/LcmwUsKXzLlpg3FnhylPyHO7yZ1HfcpzKNa51y3htf8\/pr:1000x1000\/aHR0cDovL21lZGlhMi5kZXNpZ25wYXJ0bmVyLmZyL2MvcC8xNDYxMi8xNDYxMi0xNTIwLTIuanBn?v=1638344258"],"large":["https:\/\/media.th4.com\/pjFrSHTIFeS7oMW2ri_oRYUHVGwYQEqtSaLuecdynAg\/pr:1920\/aHR0cDovL21lZGlhMi5kZXNpZ25wYXJ0bmVyLmZyL2MvcC8xNDYxMi8xNDYxMi0xNTIwLTEuanBn?v=1638344258","https:\/\/media.th4.com\/590eiDQSQlGbUh16rxMVwbuOepLuAZyQNdJYx6FxQhU\/pr:1920\/aHR0cDovL21lZGlhMi5kZXNpZ25wYXJ0bmVyLmZyL2MvcC8xNDYxMi8xNDYxMi0xNTIwLTEwLmpwZw?v=1638344259","https:\/\/media.th4.com\/5YdVTCgLMmmQDKLMxQLFzdv1zhDMXw0MY8QCFn75rKo\/pr:1920\/aHR0cDovL21lZGlhMi5kZXNpZ25wYXJ0bmVyLmZyL2MvcC8xNDYxMi8xNDYxMi0xNTIwLTExLmpwZw?v=1638344258","https:\/\/media.th4.com\/gd-Lg9GxvTzYyfwW3GG0QxfAbBg5ADr16WgObG2aHmQ\/pr:1920\/aHR0cDovL21lZGlhMi5kZXNpZ25wYXJ0bmVyLmZyL2MvcC8xNDYxMi8xNDYxMi0xNTIwLTIuanBn?v=1638344258"],"opengraph":["https:\/\/media.th4.com\/gDlTivjHoVCCMUbUCrMLNq7L2-UuViI0zkKhJFpeSiY\/pr:1200x630\/aHR0cDovL21lZGlhMi5kZXNpZ25wYXJ0bmVyLmZyL2MvcC8xNDYxMi8xNDYxMi0xNTIwLTEuanBn?v=1638344258","https:\/\/media.th4.com\/m4NNAuaEqEbT2UH51RXpAvuFWMfWK8dRzm1aIHMQKpY\/pr:1200x630\/aHR0cDovL21lZGlhMi5kZXNpZ25wYXJ0bmVyLmZyL2MvcC8xNDYxMi8xNDYxMi0xNTIwLTEwLmpwZw?v=1638344259","https:\/\/media.th4.com\/OGcU2XghbRNdGC8D6p8a2Y5eDdThG-SlKkAee4OUE4Q\/pr:1200x630\/aHR0cDovL21lZGlhMi5kZXNpZ25wYXJ0bmVyLmZyL2MvcC8xNDYxMi8xNDYxMi0xNTIwLTExLmpwZw?v=1638344258","https:\/\/media.th4.com\/LhbRWMtSmoim87HhTLsUHQvdHykk2fGql65m42sfb3o\/pr:1200x630\/aHR0cDovL21lZGlhMi5kZXNpZ25wYXJ0bmVyLmZyL2MvcC8xNDYxMi8xNDYxMi0xNTIwLTIuanBn?v=1638344258"]},"country_origin":"TR","traceability":{"manufacturing_country_id":null,"weaving_country_id":null,"dyeing_country_id":null},"sizes":[{"id":437,"article_id":401366,"class_id":0,"name":"34","on_standby":false,"stock_local":0,"stock_global":70,"multiple":1,"estimated_date_reassort":null,"is_destocking":false},{"id":270,"article_id":375698,"class_id":0,"name":"36","on_standby":false,"stock_local":0,"stock_global":185,"multiple":1,"estimated_date_reassort":null,"is_destocking":false},{"id":211,"article_id":375699,"class_id":0,"name":"38","on_standby":false,"stock_local":0,"stock_global":604,"multiple":1,"estimated_date_reassort":null,"is_destocking":false},{"id":265,"article_id":375700,"class_id":0,"name":"40","on_standby":false,"stock_local":0,"stock_global":1646,"multiple":1,"estimated_date_reassort":null,"is_destocking":false},{"id":214,"article_id":375701,"class_id":0,"name":"42","on_standby":false,"stock_local":0,"stock_global":2068,"multiple":1,"estimated_date_reassort":null,"is_destocking":false},{"id":249,"article_id":375702,"class_id":0,"name":"44","on_standby":false,"stock_local":0,"stock_global":2680,"multiple":1,"estimated_date_reassort":null,"is_destocking":false},{"id":243,"article_id":375703,"class_id":0,"name":"46","on_standby":false,"stock_local":0,"stock_global":1330,"multiple":1,"estimated_date_reassort":null,"is_destocking":false},{"id":238,"article_id":375704,"class_id":0,"name":"48","on_standby":false,"stock_local":0,"stock_global":689,"multiple":1,"estimated_date_reassort":null,"is_destocking":false},{"id":244,"article_id":375705,"class_id":0,"name":"50","on_standby":false,"stock_local":0,"stock_global":764,"multiple":1,"estimated_date_reassort":null,"is_destocking":false},{"id":245,"article_id":375706,"class_id":0,"name":"52","on_standby":false,"stock_local":0,"stock_global":303,"multiple":1,"estimated_date_reassort":null,"is_destocking":false},{"id":246,"article_id":375707,"class_id":0,"name":"54","on_standby":false,"stock_local":0,"stock_global":573,"multiple":1,"estimated_date_reassort":null,"is_destocking":false},{"id":247,"article_id":375720,"class_id":0,"name":"56","on_standby":false,"stock_local":0,"stock_global":79,"multiple":1,"estimated_date_reassort":null,"is_destocking":false},{"id":248,"article_id":375721,"class_id":0,"name":"58","on_standby":false,"stock_local":0,"stock_global":54,"multiple":1,"estimated_date_reassort":null,"is_destocking":false},{"id":417,"article_id":401370,"class_id":0,"name":"60","on_standby":false,"stock_local":0,"stock_global":34,"multiple":1,"estimated_date_reassort":null,"is_destocking":false},{"id":418,"article_id":401371,"class_id":0,"name":"62","on_standby":false,"stock_local":0,"stock_global":139,"multiple":1,"estimated_date_reassort":null,"is_destocking":false}],"page_links":{"fr":"\/fr\/p-ka-k730-pantalon-homme-coupe-ajustee-k730-14612\/black-1520\/","en":"\/en\/p-ka-k730-mens-fitted-cut-k730-pants-14612\/black-1520\/","de":"\/de\/p-ka-k730-einengende-herrenhose-k730-14612\/black-1520\/","nl":"\/nl\/p-ka-k730-broek-voor-heren-gesloten-snit-k730-14612\/black-1520\/","es":"\/es\/p-ka-k730-pantalon-hombre-corte-ajustado-k730-14612\/black-1520\/","it":"\/it\/p-ka-k730-pantalone-uomo-taglio-slim-k730-14612\/black-1520\/","sv":"\/sv\/p-ka-k730-pantalon-man-passform-k730-14612\/black-1520\/","pt":"\/pt\/p-ka-k730-calca-masculina-corte-ajustado-k730-14612\/black-1520\/","da":"\/da\/p-ka-k730-bukser-til-mand-snaever-pasform-k730-14612\/black-1520\/","pl":"\/pl\/p-ka-k730-spodnie-meskie-kroj-dopasowany-k730-14612\/black-1520\/"},"page_links_customization":{"fr":"\/fr\/p-ka-k730-pantalon-homme-coupe-ajustee-k730-personnalisable-14612\/black-1520\/custom\/","en":"\/en\/p-ka-k730-mens-fitted-cut-k730-customizable-pants-14612\/black-1520\/custom\/","de":"\/de\/p-ka-k730-mannerhose-eng-anliegend-k730-personalisierbar-14612\/black-1520\/custom\/","nl":"\/nl\/p-ka-k730-broek-voor-mannen-strakke-pasvorm-k730-persoonlijk-te-maken-14612\/black-1520\/custom\/","es":"\/es\/p-ka-k730-pantalon-hombre-corte-ajustado-k730-personalizable-14612\/black-1520\/custom\/","it":"\/it\/p-ka-k730-pantalone-uomo-taglio-aderente-k730-personalizzabile-14612\/black-1520\/custom\/","sv":"\/sv\/p-ka-k730-herrbyxor-k730-med-justerad-passform-anpassningsbar-14612\/black-1520\/custom\/","pt":"\/pt\/p-ka-k730-calca-masculina-corte-ajustado-k730-personalizavel-14612\/black-1520\/custom\/","da":"\/da\/p-ka-k730-bukser-til-maend-justeret-skaering-k730-personaliserbar-14612\/black-1520\/custom\/","pl":"\/pl\/p-ka-k730-spodnie-meskie-w-ajustowanej-krojowi-k730-do-personalizacji-14612\/black-1520\/custom\/"}},{"id":1261,"name":"navy","class_ids":[2],"codes_hexa":["012942"],"delai_24":false,"has_3d":false,"seuil_global":0,"stock_local":0,"stock_global":8971,"on_standby":false,"in_catalog":true,"images":{"miniature":["https:\/\/media.th4.com\/dryuNyIB7oyrSAJ0ZmfLr2zbHfEm2m5a_a1nbLk-Pio\/pr:80\/aHR0cDovL21lZGlhMi5kZXNpZ25wYXJ0bmVyLmZyL2MvcC8xNDYxMi8xNDYxMi0xMjYxLTEuanBn?v=1638344258","https:\/\/media.th4.com\/glC8LSfco0TA1pmPVPN9U_W3CldDFH-jT2KcA6zFRbI\/pr:80\/aHR0cDovL21lZGlhMi5kZXNpZ25wYXJ0bmVyLmZyL2MvcC8xNDYxMi8xNDYxMi0xMjYxLTIuanBn?v=1638344258"],"medium":["https:\/\/media.th4.com\/XbsrrU2L1EFgx2yGysnZ-pBuxvudTmwiqrueeensQZU\/pr:550x550\/aHR0cDovL21lZGlhMi5kZXNpZ25wYXJ0bmVyLmZyL2MvcC8xNDYxMi8xNDYxMi0xMjYxLTEuanBn?v=1638344258","https:\/\/media.th4.com\/g-_ZW0x2UnySP30i9GiAQmTuJthU01w_IG0PFc3W3nk\/pr:550x550\/aHR0cDovL21lZGlhMi5kZXNpZ25wYXJ0bmVyLmZyL2MvcC8xNDYxMi8xNDYxMi0xMjYxLTIuanBn?v=1638344258"],"medium_large":["https:\/\/media.th4.com\/rklG9jfAMYJ9tcnY0yUMlfdCjzumbD_Q_-FiZzmHnpg\/pr:1000x1000\/aHR0cDovL21lZGlhMi5kZXNpZ25wYXJ0bmVyLmZyL2MvcC8xNDYxMi8xNDYxMi0xMjYxLTEuanBn?v=1638344258","https:\/\/media.th4.com\/3B2Kp9UbYxMwpJr_jnLLqKXxa9NHEKfjEc81RFiAr1U\/pr:1000x1000\/aHR0cDovL21lZGlhMi5kZXNpZ25wYXJ0bmVyLmZyL2MvcC8xNDYxMi8xNDYxMi0xMjYxLTIuanBn?v=1638344258"],"large":["https:\/\/media.th4.com\/cdG3gKODIcGBTiskbJTy6u18TIO46tzErNUElnGCi1U\/pr:1920\/aHR0cDovL21lZGlhMi5kZXNpZ25wYXJ0bmVyLmZyL2MvcC8xNDYxMi8xNDYxMi0xMjYxLTEuanBn?v=1638344258","https:\/\/media.th4.com\/otMC4fSPk3ZpXnIIyhPnLc8bDpI5joA8LJuZf6CX0Wg\/pr:1920\/aHR0cDovL21lZGlhMi5kZXNpZ25wYXJ0bmVyLmZyL2MvcC8xNDYxMi8xNDYxMi0xMjYxLTIuanBn?v=1638344258"],"opengraph":["https:\/\/media.th4.com\/Lwq18mf9Vu81C6UWqhcA0-sq4GfpRsd1qAGSt6cR9Ck\/pr:1200x630\/aHR0cDovL21lZGlhMi5kZXNpZ25wYXJ0bmVyLmZyL2MvcC8xNDYxMi8xNDYxMi0xMjYxLTEuanBn?v=1638344258","https:\/\/media.th4.com\/gOTpsgUVjeNLv0Iian1piEG-cant3yQkaI4u9JKperU\/pr:1200x630\/aHR0cDovL21lZGlhMi5kZXNpZ25wYXJ0bmVyLmZyL2MvcC8xNDYxMi8xNDYxMi0xMjYxLTIuanBn?v=1638344258"]},"images_customization":{"miniature":["https:\/\/media.th4.com\/dryuNyIB7oyrSAJ0ZmfLr2zbHfEm2m5a_a1nbLk-Pio\/pr:80\/aHR0cDovL21lZGlhMi5kZXNpZ25wYXJ0bmVyLmZyL2MvcC8xNDYxMi8xNDYxMi0xMjYxLTEuanBn?v=1638344258","https:\/\/media.th4.com\/glC8LSfco0TA1pmPVPN9U_W3CldDFH-jT2KcA6zFRbI\/pr:80\/aHR0cDovL21lZGlhMi5kZXNpZ25wYXJ0bmVyLmZyL2MvcC8xNDYxMi8xNDYxMi0xMjYxLTIuanBn?v=1638344258"],"medium":["https:\/\/media.th4.com\/XbsrrU2L1EFgx2yGysnZ-pBuxvudTmwiqrueeensQZU\/pr:550x550\/aHR0cDovL21lZGlhMi5kZXNpZ25wYXJ0bmVyLmZyL2MvcC8xNDYxMi8xNDYxMi0xMjYxLTEuanBn?v=1638344258","https:\/\/media.th4.com\/g-_ZW0x2UnySP30i9GiAQmTuJthU01w_IG0PFc3W3nk\/pr:550x550\/aHR0cDovL21lZGlhMi5kZXNpZ25wYXJ0bmVyLmZyL2MvcC8xNDYxMi8xNDYxMi0xMjYxLTIuanBn?v=1638344258"],"medium_large":["https:\/\/media.th4.com\/rklG9jfAMYJ9tcnY0yUMlfdCjzumbD_Q_-FiZzmHnpg\/pr:1000x1000\/aHR0cDovL21lZGlhMi5kZXNpZ25wYXJ0bmVyLmZyL2MvcC8xNDYxMi8xNDYxMi0xMjYxLTEuanBn?v=1638344258","https:\/\/media.th4.com\/3B2Kp9UbYxMwpJr_jnLLqKXxa9NHEKfjEc81RFiAr1U\/pr:1000x1000\/aHR0cDovL21lZGlhMi5kZXNpZ25wYXJ0bmVyLmZyL2MvcC8xNDYxMi8xNDYxMi0xMjYxLTIuanBn?v=1638344258"],"large":["https:\/\/media.th4.com\/cdG3gKODIcGBTiskbJTy6u18TIO46tzErNUElnGCi1U\/pr:1920\/aHR0cDovL21lZGlhMi5kZXNpZ25wYXJ0bmVyLmZyL2MvcC8xNDYxMi8xNDYxMi0xMjYxLTEuanBn?v=1638344258","https:\/\/media.th4.com\/otMC4fSPk3ZpXnIIyhPnLc8bDpI5joA8LJuZf6CX0Wg\/pr:1920\/aHR0cDovL21lZGlhMi5kZXNpZ25wYXJ0bmVyLmZyL2MvcC8xNDYxMi8xNDYxMi0xMjYxLTIuanBn?v=1638344258"],"opengraph":["https:\/\/media.th4.com\/Lwq18mf9Vu81C6UWqhcA0-sq4GfpRsd1qAGSt6cR9Ck\/pr:1200x630\/aHR0cDovL21lZGlhMi5kZXNpZ25wYXJ0bmVyLmZyL2MvcC8xNDYxMi8xNDYxMi0xMjYxLTEuanBn?v=1638344258","https:\/\/media.th4.com\/gOTpsgUVjeNLv0Iian1piEG-cant3yQkaI4u9JKperU\/pr:1200x630\/aHR0cDovL21lZGlhMi5kZXNpZ25wYXJ0bmVyLmZyL2MvcC8xNDYxMi8xNDYxMi0xMjYxLTIuanBn?v=1638344258"]},"country_origin":"TR","traceability":{"manufacturing_country_id":null,"weaving_country_id":null,"dyeing_country_id":null},"sizes":[{"id":437,"article_id":401365,"class_id":0,"name":"34","on_standby":false,"stock_local":0,"stock_global":65,"multiple":1,"estimated_date_reassort":null,"is_destocking":false},{"id":270,"article_id":375708,"class_id":0,"name":"36","on_standby":false,"stock_local":0,"stock_global":202,"multiple":1,"estimated_date_reassort":null,"is_destocking":false},{"id":211,"article_id":375709,"class_id":0,"name":"38","on_standby":false,"stock_local":0,"stock_global":441,"multiple":1,"estimated_date_reassort":null,"is_destocking":false},{"id":265,"article_id":375710,"class_id":0,"name":"40","on_standby":false,"stock_local":0,"stock_global":1567,"multiple":1,"estimated_date_reassort":null,"is_destocking":false},{"id":214,"article_id":375711,"class_id":0,"name":"42","on_standby":false,"stock_local":0,"stock_global":2064,"multiple":1,"estimated_date_reassort":null,"is_destocking":false},{"id":249,"article_id":375712,"class_id":0,"name":"44","on_standby":false,"stock_local":0,"stock_global":1530,"multiple":1,"estimated_date_reassort":null,"is_destocking":false},{"id":243,"article_id":375713,"class_id":0,"name":"46","on_standby":false,"stock_local":0,"stock_global":997,"multiple":1,"estimated_date_reassort":null,"is_destocking":false},{"id":238,"article_id":375714,"class_id":0,"name":"48","on_standby":false,"stock_local":0,"stock_global":895,"multiple":1,"estimated_date_reassort":null,"is_destocking":false},{"id":244,"article_id":375715,"class_id":0,"name":"50","on_standby":false,"stock_local":0,"stock_global":448,"multiple":1,"estimated_date_reassort":null,"is_destocking":false},{"id":245,"article_id":375716,"class_id":0,"name":"52","on_standby":false,"stock_local":0,"stock_global":376,"multiple":1,"estimated_date_reassort":null,"is_destocking":false},{"id":246,"article_id":375717,"class_id":0,"name":"54","on_standby":false,"stock_local":0,"stock_global":168,"multiple":1,"estimated_date_reassort":null,"is_destocking":false},{"id":247,"article_id":375722,"class_id":0,"name":"56","on_standby":false,"stock_local":0,"stock_global":80,"multiple":1,"estimated_date_reassort":null,"is_destocking":false},{"id":248,"article_id":375723,"class_id":0,"name":"58","on_standby":false,"stock_local":0,"stock_global":23,"multiple":1,"estimated_date_reassort":null,"is_destocking":false},{"id":417,"article_id":401368,"class_id":0,"name":"60","on_standby":false,"stock_local":0,"stock_global":64,"multiple":1,"estimated_date_reassort":null,"is_destocking":false},{"id":418,"article_id":401373,"class_id":0,"name":"62","on_standby":false,"stock_local":0,"stock_global":51,"multiple":1,"estimated_date_reassort":null,"is_destocking":false}],"page_links":{"fr":"\/fr\/p-ka-k730-pantalon-homme-coupe-ajustee-k730-14612\/navy-1261\/","en":"\/en\/p-ka-k730-mens-fitted-cut-k730-pants-14612\/navy-1261\/","de":"\/de\/p-ka-k730-einengende-herrenhose-k730-14612\/navy-1261\/","nl":"\/nl\/p-ka-k730-broek-voor-heren-gesloten-snit-k730-14612\/navy-1261\/","es":"\/es\/p-ka-k730-pantalon-hombre-corte-ajustado-k730-14612\/navy-1261\/","it":"\/it\/p-ka-k730-pantalone-uomo-taglio-slim-k730-14612\/navy-1261\/","sv":"\/sv\/p-ka-k730-pantalon-man-passform-k730-14612\/navy-1261\/","pt":"\/pt\/p-ka-k730-calca-masculina-corte-ajustado-k730-14612\/navy-1261\/","da":"\/da\/p-ka-k730-bukser-til-mand-snaever-pasform-k730-14612\/navy-1261\/","pl":"\/pl\/p-ka-k730-spodnie-meskie-kroj-dopasowany-k730-14612\/navy-1261\/"},"page_links_customization":{"fr":"\/fr\/p-ka-k730-pantalon-homme-coupe-ajustee-k730-personnalisable-14612\/navy-1261\/custom\/","en":"\/en\/p-ka-k730-mens-fitted-cut-k730-customizable-pants-14612\/navy-1261\/custom\/","de":"\/de\/p-ka-k730-mannerhose-eng-anliegend-k730-personalisierbar-14612\/navy-1261\/custom\/","nl":"\/nl\/p-ka-k730-broek-voor-mannen-strakke-pasvorm-k730-persoonlijk-te-maken-14612\/navy-1261\/custom\/","es":"\/es\/p-ka-k730-pantalon-hombre-corte-ajustado-k730-personalizable-14612\/navy-1261\/custom\/","it":"\/it\/p-ka-k730-pantalone-uomo-taglio-aderente-k730-personalizzabile-14612\/navy-1261\/custom\/","sv":"\/sv\/p-ka-k730-herrbyxor-k730-med-justerad-passform-anpassningsbar-14612\/navy-1261\/custom\/","pt":"\/pt\/p-ka-k730-calca-masculina-corte-ajustado-k730-personalizavel-14612\/navy-1261\/custom\/","da":"\/da\/p-ka-k730-bukser-til-maend-justeret-skaering-k730-personaliserbar-14612\/navy-1261\/custom\/","pl":"\/pl\/p-ka-k730-spodnie-meskie-w-ajustowanej-krojowi-k730-do-personalizacji-14612\/navy-1261\/custom\/"}},{"id":16606,"name":"anthracite_heather","class_ids":[3],"codes_hexa":["36393b"],"delai_24":false,"has_3d":false,"seuil_global":0,"stock_local":0,"stock_global":4942,"on_standby":false,"in_catalog":true,"images":{"miniature":["https:\/\/media.th4.com\/i8odxvkRXCyn46_EMx90xZlUpM9v5t9KnrN3qEWVWVU\/pr:80\/aHR0cDovL21lZGlhMi5kZXNpZ25wYXJ0bmVyLmZyL2MvcC8xNDYxMi8xNDYxMi0xNjYwNi0xLmpwZw?v=1638344258","https:\/\/media.th4.com\/nwc1uFBcj9SJBQgvz5cagtjoI14eHa_KDbt0cLDpL0A\/pr:80\/aHR0cDovL21lZGlhMi5kZXNpZ25wYXJ0bmVyLmZyL2MvcC8xNDYxMi8xNDYxMi0xNjYwNi0yLmpwZw?v=1638344258"],"medium":["https:\/\/media.th4.com\/X9CCS_deiPN8dPAliAat7DDB0YR04AW7eWavXFZR1XA\/pr:550x550\/aHR0cDovL21lZGlhMi5kZXNpZ25wYXJ0bmVyLmZyL2MvcC8xNDYxMi8xNDYxMi0xNjYwNi0xLmpwZw?v=1638344258","https:\/\/media.th4.com\/XUeYdV4jgpW6IISDZOOx7hmphYf4YsfRwB1XNE6cHtc\/pr:550x550\/aHR0cDovL21lZGlhMi5kZXNpZ25wYXJ0bmVyLmZyL2MvcC8xNDYxMi8xNDYxMi0xNjYwNi0yLmpwZw?v=1638344258"],"medium_large":["https:\/\/media.th4.com\/xmLhbVY9HoQWuMfnNio3obynUAwxNIZLkjzgdw5yY-M\/pr:1000x1000\/aHR0cDovL21lZGlhMi5kZXNpZ25wYXJ0bmVyLmZyL2MvcC8xNDYxMi8xNDYxMi0xNjYwNi0xLmpwZw?v=1638344258","https:\/\/media.th4.com\/50d5pMhj6_K0aHPMNr_u5ixh5kmWzMEFs-vLgtOno0Q\/pr:1000x1000\/aHR0cDovL21lZGlhMi5kZXNpZ25wYXJ0bmVyLmZyL2MvcC8xNDYxMi8xNDYxMi0xNjYwNi0yLmpwZw?v=1638344258"],"large":["https:\/\/media.th4.com\/7pxM8Dbl0Reup-q1FK0CF1lR0hm8DWduHikL9VV8KdI\/pr:1920\/aHR0cDovL21lZGlhMi5kZXNpZ25wYXJ0bmVyLmZyL2MvcC8xNDYxMi8xNDYxMi0xNjYwNi0xLmpwZw?v=1638344258","https:\/\/media.th4.com\/xAM4JuGhL9XFG9I3UExqb5Ty95g5r4RuBNjDIUEEzGI\/pr:1920\/aHR0cDovL21lZGlhMi5kZXNpZ25wYXJ0bmVyLmZyL2MvcC8xNDYxMi8xNDYxMi0xNjYwNi0yLmpwZw?v=1638344258"],"opengraph":["https:\/\/media.th4.com\/O7QyzhjOzAcAq6PfunQ6PhOQC-Z0VsweAURbROJ-z1g\/pr:1200x630\/aHR0cDovL21lZGlhMi5kZXNpZ25wYXJ0bmVyLmZyL2MvcC8xNDYxMi8xNDYxMi0xNjYwNi0xLmpwZw?v=1638344258","https:\/\/media.th4.com\/T2gITeC41PoSDk19fXH6RD2jJS3HTjYz5H3A6sTISvw\/pr:1200x630\/aHR0cDovL21lZGlhMi5kZXNpZ25wYXJ0bmVyLmZyL2MvcC8xNDYxMi8xNDYxMi0xNjYwNi0yLmpwZw?v=1638344258"]},"images_customization":{"miniature":["https:\/\/media.th4.com\/i8odxvkRXCyn46_EMx90xZlUpM9v5t9KnrN3qEWVWVU\/pr:80\/aHR0cDovL21lZGlhMi5kZXNpZ25wYXJ0bmVyLmZyL2MvcC8xNDYxMi8xNDYxMi0xNjYwNi0xLmpwZw?v=1638344258","https:\/\/media.th4.com\/nwc1uFBcj9SJBQgvz5cagtjoI14eHa_KDbt0cLDpL0A\/pr:80\/aHR0cDovL21lZGlhMi5kZXNpZ25wYXJ0bmVyLmZyL2MvcC8xNDYxMi8xNDYxMi0xNjYwNi0yLmpwZw?v=1638344258"],"medium":["https:\/\/media.th4.com\/X9CCS_deiPN8dPAliAat7DDB0YR04AW7eWavXFZR1XA\/pr:550x550\/aHR0cDovL21lZGlhMi5kZXNpZ25wYXJ0bmVyLmZyL2MvcC8xNDYxMi8xNDYxMi0xNjYwNi0xLmpwZw?v=1638344258","https:\/\/media.th4.com\/XUeYdV4jgpW6IISDZOOx7hmphYf4YsfRwB1XNE6cHtc\/pr:550x550\/aHR0cDovL21lZGlhMi5kZXNpZ25wYXJ0bmVyLmZyL2MvcC8xNDYxMi8xNDYxMi0xNjYwNi0yLmpwZw?v=1638344258"],"medium_large":["https:\/\/media.th4.com\/xmLhbVY9HoQWuMfnNio3obynUAwxNIZLkjzgdw5yY-M\/pr:1000x1000\/aHR0cDovL21lZGlhMi5kZXNpZ25wYXJ0bmVyLmZyL2MvcC8xNDYxMi8xNDYxMi0xNjYwNi0xLmpwZw?v=1638344258","https:\/\/media.th4.com\/50d5pMhj6_K0aHPMNr_u5ixh5kmWzMEFs-vLgtOno0Q\/pr:1000x1000\/aHR0cDovL21lZGlhMi5kZXNpZ25wYXJ0bmVyLmZyL2MvcC8xNDYxMi8xNDYxMi0xNjYwNi0yLmpwZw?v=1638344258"],"large":["https:\/\/media.th4.com\/7pxM8Dbl0Reup-q1FK0CF1lR0hm8DWduHikL9VV8KdI\/pr:1920\/aHR0cDovL21lZGlhMi5kZXNpZ25wYXJ0bmVyLmZyL2MvcC8xNDYxMi8xNDYxMi0xNjYwNi0xLmpwZw?v=1638344258","https:\/\/media.th4.com\/xAM4JuGhL9XFG9I3UExqb5Ty95g5r4RuBNjDIUEEzGI\/pr:1920\/aHR0cDovL21lZGlhMi5kZXNpZ25wYXJ0bmVyLmZyL2MvcC8xNDYxMi8xNDYxMi0xNjYwNi0yLmpwZw?v=1638344258"],"opengraph":["https:\/\/media.th4.com\/O7QyzhjOzAcAq6PfunQ6PhOQC-Z0VsweAURbROJ-z1g\/pr:1200x630\/aHR0cDovL21lZGlhMi5kZXNpZ25wYXJ0bmVyLmZyL2MvcC8xNDYxMi8xNDYxMi0xNjYwNi0xLmpwZw?v=1638344258","https:\/\/media.th4.com\/T2gITeC41PoSDk19fXH6RD2jJS3HTjYz5H3A6sTISvw\/pr:1200x630\/aHR0cDovL21lZGlhMi5kZXNpZ25wYXJ0bmVyLmZyL2MvcC8xNDYxMi8xNDYxMi0xNjYwNi0yLmpwZw?v=1638344258"]},"country_origin":"TR","traceability":{"manufacturing_country_id":null,"weaving_country_id":null,"dyeing_country_id":null},"sizes":[{"id":437,"article_id":401367,"class_id":0,"name":"34","on_standby":false,"stock_local":0,"stock_global":141,"multiple":1,"estimated_date_reassort":null,"is_destocking":false},{"id":270,"article_id":375688,"class_id":0,"name":"36","on_standby":false,"stock_local":0,"stock_global":88,"multiple":1,"estimated_date_reassort":null,"is_destocking":false},{"id":211,"article_id":375689,"class_id":0,"name":"38","on_standby":false,"stock_local":0,"stock_global":427,"multiple":1,"estimated_date_reassort":null,"is_destocking":false},{"id":265,"article_id":375690,"class_id":0,"name":"40","on_standby":false,"stock_local":0,"stock_global":634,"multiple":1,"estimated_date_reassort":null,"is_destocking":false},{"id":214,"article_id":375691,"class_id":0,"name":"42","on_standby":false,"stock_local":0,"stock_global":1066,"multiple":1,"estimated_date_reassort":null,"is_destocking":false},{"id":249,"article_id":375692,"class_id":0,"name":"44","on_standby":false,"stock_local":0,"stock_global":1082,"multiple":1,"estimated_date_reassort":null,"is_destocking":false},{"id":243,"article_id":375693,"class_id":0,"name":"46","on_standby":false,"stock_local":0,"stock_global":550,"multiple":1,"estimated_date_reassort":null,"is_destocking":false},{"id":238,"article_id":375694,"class_id":0,"name":"48","on_standby":false,"stock_local":0,"stock_global":233,"multiple":1,"estimated_date_reassort":null,"is_destocking":false},{"id":244,"article_id":375695,"class_id":0,"name":"50","on_standby":false,"stock_local":0,"stock_global":227,"multiple":1,"estimated_date_reassort":null,"is_destocking":false},{"id":245,"article_id":375696,"class_id":0,"name":"52","on_standby":false,"stock_local":0,"stock_global":234,"multiple":1,"estimated_date_reassort":null,"is_destocking":false},{"id":246,"article_id":375697,"class_id":0,"name":"54","on_standby":false,"stock_local":0,"stock_global":165,"multiple":1,"estimated_date_reassort":null,"is_destocking":false},{"id":247,"article_id":375718,"class_id":0,"name":"56","on_standby":false,"stock_local":0,"stock_global":53,"multiple":1,"estimated_date_reassort":null,"is_destocking":false},{"id":248,"article_id":375719,"class_id":0,"name":"58","on_standby":false,"stock_local":0,"stock_global":15,"multiple":1,"estimated_date_reassort":null,"is_destocking":false},{"id":417,"article_id":401369,"class_id":0,"name":"60","on_standby":false,"stock_local":0,"stock_global":25,"multiple":1,"estimated_date_reassort":null,"is_destocking":false},{"id":418,"article_id":401372,"class_id":0,"name":"62","on_standby":false,"stock_local":0,"stock_global":2,"multiple":1,"estimated_date_reassort":null,"is_destocking":false}],"page_links":{"fr":"\/fr\/p-ka-k730-pantalon-homme-coupe-ajustee-k730-14612\/anthracite-heather-16606\/","en":"\/en\/p-ka-k730-mens-fitted-cut-k730-pants-14612\/anthracite-heather-16606\/","de":"\/de\/p-ka-k730-einengende-herrenhose-k730-14612\/anthracite-heather-16606\/","nl":"\/nl\/p-ka-k730-broek-voor-heren-gesloten-snit-k730-14612\/anthracite-heather-16606\/","es":"\/es\/p-ka-k730-pantalon-hombre-corte-ajustado-k730-14612\/anthracite-heather-16606\/","it":"\/it\/p-ka-k730-pantalone-uomo-taglio-slim-k730-14612\/anthracite-heather-16606\/","sv":"\/sv\/p-ka-k730-pantalon-man-passform-k730-14612\/anthracite-heather-16606\/","pt":"\/pt\/p-ka-k730-calca-masculina-corte-ajustado-k730-14612\/anthracite-heather-16606\/","da":"\/da\/p-ka-k730-bukser-til-mand-snaever-pasform-k730-14612\/anthracite-heather-16606\/","pl":"\/pl\/p-ka-k730-spodnie-meskie-kroj-dopasowany-k730-14612\/anthracite-heather-16606\/"},"page_links_customization":{"fr":"\/fr\/p-ka-k730-pantalon-homme-coupe-ajustee-k730-personnalisable-14612\/anthracite-heather-16606\/custom\/","en":"\/en\/p-ka-k730-mens-fitted-cut-k730-customizable-pants-14612\/anthracite-heather-16606\/custom\/","de":"\/de\/p-ka-k730-mannerhose-eng-anliegend-k730-personalisierbar-14612\/anthracite-heather-16606\/custom\/","nl":"\/nl\/p-ka-k730-broek-voor-mannen-strakke-pasvorm-k730-persoonlijk-te-maken-14612\/anthracite-heather-16606\/custom\/","es":"\/es\/p-ka-k730-pantalon-hombre-corte-ajustado-k730-personalizable-14612\/anthracite-heather-16606\/custom\/","it":"\/it\/p-ka-k730-pantalone-uomo-taglio-aderente-k730-personalizzabile-14612\/anthracite-heather-16606\/custom\/","sv":"\/sv\/p-ka-k730-herrbyxor-k730-med-justerad-passform-anpassningsbar-14612\/anthracite-heather-16606\/custom\/","pt":"\/pt\/p-ka-k730-calca-masculina-corte-ajustado-k730-personalizavel-14612\/anthracite-heather-16606\/custom\/","da":"\/da\/p-ka-k730-bukser-til-maend-justeret-skaering-k730-personaliserbar-14612\/anthracite-heather-16606\/custom\/","pl":"\/pl\/p-ka-k730-spodnie-meskie-w-ajustowanej-krojowi-k730-do-personalizacji-14612\/anthracite-heather-16606\/custom\/"}}],"documentation_link":"\/pdf\/14612.pdf","countries_availables":["AD","AE","AL","AT","BA","BD","BE","BG","BL","CA","CH","CN","CO","CY","CZ","DE","DK","DO","EE","EG","ES","ET","FI","FR","GB","GE","GF","GP","GR","GT","HK","HN","HR","HT","HU","ID","IE","IN","IS","IT","JO","JP","KE","KH","KP","KR","LA","LK","LS","LT","LU","LV","MA","MF","MG","MK","MM","MN","MQ","MT","MX","MY","NC","NI","NL","PF","PH","PK","PL","PM","PT","RE","RO","SE","SG","SI","SK","SV","SY","TH","TN","TR","TW","TZ","US","VN","WF","YT"]},"infos_customization":[],"features":{"authorize_multi_surfaces":true,"display_order_delay_type":true,"promote_surface_display":true,"tarification_franco_offert":true,"enabled_3d_editor":false},"markings":[{"id":0,"nom":"vierge","finition":null,"libelle":null,"code":null,"dpi":null,"finesse_forme_isolee":null,"finesse_forme_non_isolee":null,"hauteur_minimale_texte":null,"inactif":0,"marquage_interne":1,"quantite_min":null,"parent_id":null,"print_on_support":0,"content":"vierge","description":null},{"id":2,"nom":"fonce","finition":"optimale","libelle":"TopQuadri","code":null,"dpi":400,"finesse_forme_isolee":"0.040","finesse_forme_non_isolee":"0.700","hauteur_minimale_texte":2,"inactif":0,"marquage_interne":1,"quantite_min":null,"parent_id":18,"print_on_support":0,"content":"TopQuadri","description":"pour petites et moyennes s\u00e9ries"},{"id":3,"nom":"serigraphie","finition":"serigraphie","libelle":"SeriCoat","code":null,"dpi":400,"finesse_forme_isolee":"0.040","finesse_forme_non_isolee":"0.700","hauteur_minimale_texte":2,"inactif":0,"marquage_interne":1,"quantite_min":15,"parent_id":18,"print_on_support":0,"content":"SeriCoat","description":"pour moyennes et grandes s\u00e9ries"},{"id":4,"nom":"broderie","finition":"broderie","libelle":"Broderie","code":null,"dpi":400,"finesse_forme_isolee":"0.040","finesse_forme_non_isolee":"0.700","hauteur_minimale_texte":3,"inactif":0,"marquage_interne":1,"quantite_min":null,"parent_id":null,"print_on_support":0,"content":"Broderie","description":null},{"id":8,"nom":"theme","finition":null,"libelle":"Th\u00e8me","code":null,"dpi":null,"finesse_forme_isolee":null,"finesse_forme_non_isolee":null,"hauteur_minimale_texte":null,"inactif":0,"marquage_interne":1,"quantite_min":null,"parent_id":null,"print_on_support":0,"content":"Th\u00e8me","description":null},{"id":9,"nom":"sans","finition":null,"libelle":null,"code":null,"dpi":null,"finesse_forme_isolee":null,"finesse_forme_non_isolee":null,"hauteur_minimale_texte":null,"inactif":0,"marquage_interne":1,"quantite_min":null,"parent_id":null,"print_on_support":0,"content":"sans","description":null},{"id":10,"nom":"photo","finition":null,"libelle":"Photo","code":null,"dpi":null,"finesse_forme_isolee":null,"finesse_forme_non_isolee":null,"hauteur_minimale_texte":null,"inactif":0,"marquage_interne":1,"quantite_min":null,"parent_id":null,"print_on_support":0,"content":"Photo","description":null},{"id":14,"nom":"couleur","finition":null,"libelle":"Couleur","code":null,"dpi":null,"finesse_forme_isolee":null,"finesse_forme_non_isolee":null,"hauteur_minimale_texte":null,"inactif":0,"marquage_interne":1,"quantite_min":null,"parent_id":null,"print_on_support":0,"content":"Couleur","description":null},{"id":15,"nom":"sublimation","finition":"sublimation","libelle":"Sublimation","code":null,"dpi":null,"finesse_forme_isolee":"0.000","finesse_forme_non_isolee":"0.000","hauteur_minimale_texte":2,"inactif":0,"marquage_interne":1,"quantite_min":null,"parent_id":null,"print_on_support":0,"content":"Sublimation","description":null},{"id":16,"nom":"topquadri_uv","finition":null,"libelle":"TopQuadri UV","code":null,"dpi":null,"finesse_forme_isolee":"0.020","finesse_forme_non_isolee":"0.700","hauteur_minimale_texte":2,"inactif":0,"marquage_interne":1,"quantite_min":null,"parent_id":null,"print_on_support":1,"content":null,"description":null},{"id":17,"nom":"topquadri_uvp","finition":null,"libelle":"TopQuadri UVP","code":null,"dpi":null,"finesse_forme_isolee":"0.020","finesse_forme_non_isolee":"0.700","hauteur_minimale_texte":2,"inactif":0,"marquage_interne":1,"quantite_min":null,"parent_id":null,"print_on_support":1,"content":null,"description":null},{"id":18,"nom":"quadri","finition":null,"libelle":"Impression","code":null,"dpi":null,"finesse_forme_isolee":null,"finesse_forme_non_isolee":null,"hauteur_minimale_texte":null,"inactif":0,"marquage_interne":1,"quantite_min":null,"parent_id":null,"print_on_support":0,"content":null,"description":null}]}}