{"data":{"product":{"id":14591,"titre":"Parka doudoune l\u00e9g\u00e8re \u00e0 capuche homme","description":"100% polyamide. Garniture int\u00e9rieure polyester. Chaude et ultral\u00e9g\u00e8re. 2 poches devant et 1 poche poitrine zipp\u00e9es et passepoil\u00e9es. Fermeture zipp\u00e9e avec double curseur cach\u00e9e par patte et boutons pression. Int\u00e9rieur capuche et corps contrast\u00e9 (sauf pour le coloris Navy). Int\u00e9rieur col et poignets en bord-c\u00f4te.","genre":"homme","grammage":0,"conditionnement":10,"composition":"","reference":"ka-k6128","reference_visible":"ka-k6128","reference_fabricant":"K6128","ref_xor":"749242","in_catalog":true,"is_transfer":false,"is_service":false,"on_standby":false,"has_3d":false,"has_size_guide":true,"has_marking":true,"has_vierge":true,"is_cross_sellable":false,"id_picto":89,"filename_3d":null,"brand":{"id":25,"name":"Kariban","logo":"logo-kariban.png","image":"https:\/\/media.th4.com\/0rw9lHnnPIY5Gn0FZVsrv47tC3tEhLUIsdVYj4xy6L4\/pr:brand70x70\/aHR0cDovL21lZGlhMi5kZXNpZ25wYXJ0bmVyLmZyL2MvbS9sb2dvLWthcmliYW4ucG5n?v=1736960982"},"price_infos":{"price_from":46.67,"quantity":480,"color":{"id":1520,"name":"black"},"size":{"id":1,"name":"L"}},"price_infos_marking":{"price_from":53.78,"quantity":200,"color":{"id":1520,"name":"black"},"size":{"id":1,"name":"L"},"marking":{"id":4,"name":""},"emplacement":"avant","surface_emplacement_id":1,"surface":"coeur"},"i18n":{"blank":{"title":{"fr":"Parka doudoune l\u00e9g\u00e8re \u00e0 capuche homme KARIBAN k6128","en":"Lightweight hooded men's KARIBAN k6128 down jacket","de":"Leichte Daunenparkajacke mit Kapuze f\u00fcr Herren KARIBAN k6128","nl":"Lichte vullingjas met kap voor man KARIBAN k6128","es":"Chaqueta acolchada ligera con capucha para hombre KARIBAN k6128","it":"Giacca imbottita leggera con cappuccio uomo KARIBAN k6128","sv":"L\u00e4tt fj\u00e4derjacka med huva f\u00f6r m\u00e4n KARIBAN k6128","pt":"Jacket de moletom leve com capuz homem KARIBAN k6128","da":"Lette fyldt parka med kappe til m\u00e6nd KARIBAN k6128","pl":"Lekka kurtka puchowa z kapturkiem dla m\u0119\u017cczyzn KARIBAN k6128"},"description":{"fr":"Ce parka doudoune l\u00e9ger \u00e0 capuche pour homme offre une solution confortable pour les conditions m\u00e9t\u00e9orologiques mod\u00e9r\u00e9es. Sa conception combine une couche ext\u00e9rieure en 100% polyamide avec une garniture int\u00e9rieure en polyester, assurant chaleur et l\u00e9g\u00e8ret\u00e9. Il est \u00e9quip\u00e9 de deux poches avant et d'une poche poitrine, toutes zipp\u00e9es et dot\u00e9es de passepoils. La fermeture zipp\u00e9e est dissimul\u00e9e par une patte et des boutons pression pour une esth\u00e9tique soign\u00e9e. L'int\u00e9rieur de la capuche et du corps pr\u00e9sente un contraste de couleur, \u00e0 l'exception du coloris Navy. Les poignets et le col int\u00e9rieur sont en bord-c\u00f4te pour un ajustement confortable.\n\n- Composition ext\u00e9rieure : 100% polyamide\n- Garniture int\u00e9rieure : polyester\n- Poches : 2 poches avant, 1 poche poitrine\n- D\u00e9tails : int\u00e9rieur capuche et corps contrast\u00e9\n- Poignets et col : bord-c\u00f4te","en":"This lightweight hooded men's down jacket offers a comfortable solution for moderate weather conditions. Its design combines an outer layer of 100% polyamide with an inner polyester filling, ensuring warmth and lightness. It is equipped with two front pockets and one zipped chest pocket, all with piping. The zip closure is hidden by a flap and snap buttons for a neat appearance. The lining of the hood and body has a contrasting color, except for the Navy color. The cuffs and inner collar are ribbed for a comfortable fit.\n\n- Outer composition: 100% polyamide\n- Inner filling: polyester\n- Pockets: 2 front pockets, 1 chest pocket\n- Details: contrasting hood and body lining\n- Cuffs and collar: ribbed","de":"Diese leichte Daunenparkajacke mit Kapuze f\u00fcr Herren bietet eine bequeme L\u00f6sung f\u00fcr moderate Wetterbedingungen. Die Konstruktion kombiniert eine Au\u00dfenschicht aus 100% Polyamid mit einer Innenf\u00fctterung aus Polyester, die W\u00e4rme und Leichtigkeit gew\u00e4hrleistet. Sie ist mit zwei Vorder- und einer Brusttasche ausgestattet, alle mit Rei\u00dfverschluss und B\u00e4ndern. Der Rei\u00dfverschluss ist hinter einem Klappe und Druckkn\u00f6pfen versteckt f\u00fcr ein sauberes Aussehen. Das Innere der Kapuze und des K\u00f6rpers bietet einen Kontrast in der Farbe, mit Ausnahme der Farbe Navy. Die \u00c4rmel und der Innenkragen sind mit einem B\u00fcndchen f\u00fcr einen bequemen Sitz ausgestattet.\n\n- Au\u00dfenschicht: 100% Polyamid\n- Innenf\u00fctterung: Polyester\n- Taschen: 2 Vorder- und 1 Brusttasche\n- Details: Innenfutter der Kapuze und des K\u00f6rpers kontrastierend\n- \u00c4rmel und Kragen: B\u00fcndchen","nl":"Deze lichte vullingjas met kap voor man biedt een comfortabele oplossing voor gematigde weersomstandigheden. De constructie combineert een buitenlaag van 100% polyamide met een binnenvoering van polyester, wat warmte en lichtheid biedt. Het is uitgerust met twee voorste zakken en een borstzak, allemaal met ritsen en voorzien van passepoils. De ritssluiting is verborgen achter een klap en drukknoppen voor een nette esthetiek. Het binnenste van de kap en het lichaam toont een kleurcontrast, behalve de kleur Navy. De polsen en het binnenste van de kraag zijn van borduurwerk voor een comfortabele pasvorm.","es":"Esta chaqueta acolchada ligera con capucha para hombre ofrece una soluci\u00f3n c\u00f3moda para condiciones clim\u00e1ticas moderadas. Su dise\u00f1o combina una capa exterior de 100% poliamida con un forro interior de poli\u00e9ster, asegurando calor y ligereza. Tiene dos bolsillos delanteros y un bolsillo en el pecho, todos con cremallera y con solapas. La cremallera est\u00e1 ocultada por un velcro y botones de presi\u00f3n para una est\u00e9tica cuidada. El interior de la capucha y del cuerpo presenta un contraste de color, excepto en el color azul marino. Las mu\u00f1ecas y el cuello interior son de ribete para un ajuste c\u00f3modo.\n\n- Composici\u00f3n exterior: 100% poliamida\n- Forro interior: poli\u00e9ster\n- Bolsillos: 2 bolsillos delanteros, 1 bolsillo en el pecho\n- Detalles: interior de la capucha y cuerpo contrastado\n- Mu\u00f1ecas y cuello: ribete","it":"Questa giacca imbottita leggera con cappuccio per uomo offre una soluzione confortevole per condizioni meteorologiche moderate. La sua concezione combina uno strato esterno in 100% poliammide con una fodera interna in poliestere, garantendo calore e leggerezza. \u00c8 dotata di due tasche anteriori e una tasca sul petto, tutte con zip e rifiniture. La chiusura a zip \u00e8 nascosta da un lembo e bottoni a pressione per un'estetica curata. L'interno del cappuccio e del corpo presenta un contrasto di colore, ad eccezione del colore Navy. I polsini e il colletto interno sono in bord-c\u00f4te per un'adattamento confortevole.\n\n- Composizione esterna: 100% poliammide\n- Fodera interna: poliestere\n- Tasche: 2 tasche anteriori, 1 tasca sul petto\n- Dettagli: interno cappuccio e corpo contrastato\n- Polsini e colletto: bord-c\u00f4te","sv":"Denna l\u00e4tta fj\u00e4derjacka med huva f\u00f6r m\u00e4n erbjuder en bekv\u00e4m l\u00f6sning f\u00f6r m\u00e5ttliga v\u00e4derf\u00f6rh\u00e5llanden. Designen kombinerar ett yttre skikt i 100% polyamid med en inre foder av polyester, som garanterar v\u00e4rme och l\u00e4tthet. Den \u00e4r utrustad med tv\u00e5 framfickor och en br\u00f6stficka, alla med bl\u00e4ddrare och f\u00f6rsedda med kanter. Bl\u00e4ddrarl\u00e5set \u00e4r dolt bakom en klapp och tryckknappar f\u00f6r en snygg estetik. Inuti huven och kroppen finns ett f\u00e4rgkontrast, med undantag f\u00f6r f\u00e4rgen Navy. \u00c4rmarna och insidan av halsen \u00e4r i ribbv\u00e4v f\u00f6r en bekv\u00e4m passform.\n\n- Yttre komposition : 100% polyamid\n- Inre foder : polyester\n- Fickor : 2 framfickor, 1 br\u00f6stficka\n- Detaljer : inre f\u00e4rgkontrast i huva och kropp\n- \u00c4rmar och insida av halsen : ribbv\u00e4v","pt":"Este jacket de moletom leve com capuz para homem oferece uma solu\u00e7\u00e3o confort\u00e1vel para condi\u00e7\u00f5es clim\u00e1ticas moderadas. Seu design combina uma camada exterior em 100% poliamida com um forro interior em poli\u00e9ster, garantindo calor e leveza. Ele \u00e9 equipado com dois bolsos na frente e um bolso no peito, todos com z\u00edper e com passepoil. O fechamento com z\u00edper \u00e9 disfar\u00e7ado por uma aba e bot\u00f5es de press\u00e3o para uma est\u00e9tica cuidada. O interior do capuz e do corpo apresenta um contraste de cor, com exce\u00e7\u00e3o da cor Navy. As mangas e o colarinho interno s\u00e3o em borda costeada para um ajuste confort\u00e1vel.\n\n- Composi\u00e7\u00e3o exterior: 100% poliamida\n- Forro interior: poli\u00e9ster\n- Bolsos: 2 bolsos na frente, 1 bolso no peito\n- Detalhes: interior do capuz e corpo contrastado\n- Mangas e colarinho: borda costeada","da":"Denne lette fyldt parka med kappe til m\u00e6nd tilbyder en behagelig l\u00f8sning til moderate vejrforhold. Designet kombinerer et ydre lag af 100% polyamide med en indre fyldning af polyester, der sikrer varme og lethed. Den er udstyret med to forp\u00e6rer og en brystlomme, alle med zipper og passepoil. Zipperlukningen er skjult af en klap og trykknapper for en p\u00e6n \u00e6stetik. Indersiden af kappe og kroppen pr\u00e6senterer en farvekontast, med undtagelse af farven Navy. \u00c6rmene og indersiden af kraven er i bordk\u00e5de for en behagelig pasform.\n\n- Ydre sammens\u00e6tning: 100% polyamide\n- Indre fyldning: polyester\n- Lommer: 2 forp\u00e6rer, 1 brystlomme\n- Detaljer: inderside af kappe og krop kontrast\n- \u00c6rme og inderside af krave: bordk\u00e5de","pl":"Ta lekka kurtka puchowa z kapturkiem dla m\u0119\u017cczyzn oferuje komfortowe rozwi\u0105zanie dla umiarkowanych warunk\u00f3w pogodowych. Jej konstrukcja \u0142\u0105czy zewn\u0119trzn\u0105 warstw\u0119 z 100% poliesteru z wewn\u0119trznym wype\u0142nieniem z poliestru, zapewniaj\u0105c ciep\u0142o i lekko\u015b\u0107. Jest wyposa\u017cona w dwie przednie kieszenie i jedn\u0105 kiesze\u0144 klapow\u0105 na klapk\u0119, wszystkie z zapi\u0119ciami b\u0142yskawicznymi i obszyte ta\u015bmami. Zapi\u0119cie b\u0142yskawicznymi jest ukryte pod klap\u0105 i guzikami na patk\u0119, aby uzyska\u0107 elegancki wygl\u0105d. Wn\u0119trze kaptura i kurtki ma kontrastowe kolory, z wyj\u0105tkiem koloru Navy. Manszety i ko\u0142nierz wewn\u0119trzny s\u0105 obszyte ta\u015bmami, aby zapewni\u0107 komfortowe dopasowanie.\n\n- Sk\u0142ad zewn\u0119trzny: 100% poliester\n- Wype\u0142nienie wewn\u0119trzne: poliester\n- Kieszenie: 2 przednie kieszenie, 1 kiesze\u0144 klapowa na klapk\u0119\n- Detale: wn\u0119trze kaptura i kurtki kontrastowe\n- Manszety i ko\u0142nierz: ta\u015bmowane"},"h1":{"fr":"Parka doudoune l\u00e9g\u00e8re \u00e0 capuche homme k6128","en":"Lightweight hooded men's k6128 down jacket","de":"Leichte Daunenparkajacke mit Kapuze f\u00fcr Herren k6128","nl":"Lichte vullingjas met kap voor man k6128","es":"Chaqueta acolchada ligera con capucha para hombre k6128","it":"Giacca imbottita leggera con cappuccio uomo k6128","sv":"L\u00e4tt fj\u00e4derjacka med huva f\u00f6r m\u00e4n k6128","pt":"Jacket de moletom leve com capuz homem k6128","da":"Lette fyldt parka med kappe til m\u00e6nd k6128","pl":"Lekka kurtka puchowa z kapturkiem dla m\u0119\u017cczyzn k6128"},"meta_description":{"fr":"Parka doudoune l\u00e9g\u00e8re \u00e0 capuche homme. Chaude et ultral\u00e9g\u00e8re avec 2 poches avant et 1 poche poitrine zipp\u00e9es. Id\u00e9al pour un confort optimal.","en":"Lightweight hooded men's down jacket. Warm and ultralight with 2 front pockets and 1 zipped chest pocket. Ideal for optimal comfort.","de":"Leichte Daunenparkajacke mit Kapuze f\u00fcr Herren. Warm und ultraleicht mit 2 Vorder- und 1 Brusttasche mit Rei\u00dfverschluss. Ideal f\u00fcr optimalen Komfort.","nl":"Lichte vullingjas met kap voor man. Warm en ultralicht met 2 voorste zakken en 1 borstzak met ritsen. Ideaal voor optimaal comfort.","es":"Chaqueta acolchada ligera con capucha para hombre. Caliente y ultraligera con 2 bolsillos delanteros y 1 bolsillo en el pecho con cremallera. Ideal para un confort \u00f3ptimo.","it":"Giacca imbottita leggera con cappuccio uomo. Calda e ultraleggera con 2 tasche anteriori e 1 tasca sul petto con zip. Ideale per un comfort ottimale.","sv":"L\u00e4tt fj\u00e4derjacka med huva f\u00f6r m\u00e4n. Varm och ultral\u00e4tt med 2 framfickor och 1 br\u00f6stficka med bl\u00e4ddrare. Idealisk f\u00f6r optimal komfort.","pt":"Jacket de moletom leve com capuz homem. Quente e ultraleve com 2 bolsos na frente e 1 bolso no peito com z\u00edper. Ideal para um conforto \u00f3timo.","da":"Lette fyldt parka med kappe til m\u00e6nd. Varme og ultralette med 2 forp\u00e6rer og 1 brystlomme med zipper. Ideel til optimal komfort.","pl":"Lekka kurtka puchowa z kapturkiem dla m\u0119\u017cczyzn. Ciep\u0142a i niezwykle lekka z dwoma przednimi kieszeniami i jedn\u0105 kieszeni\u0105 klapow\u0105 na klapk\u0119. Idealna dla optymalnego komfortu."}},"custom":{"title":{"fr":"Parka doudoune l\u00e9g\u00e8re \u00e0 capuche homme KARIBAN k6128 personnalis\u00e9","en":"Lightweight hooded men's parka KARIBAN k6128 customised","de":"Leichte Daunenparkajacke mit Kapuze f\u00fcr M\u00e4nner KARIBAN k6128 personalisiert","nl":"Lichte man doudoune parka met kap k6128 personaliseerd","es":"Chaqueta de plumas ligera con capucha para hombre KARIBAN k6128 personalizado","it":"Giacca imbottita leggera con cappuccio uomo KARIBAN k6128 personalizzato","sv":"L\u00e4tt dunjacka med halsduk till man KARIBAN k6128 personlig","pt":"Parka casaco leve com capuz homem KARIBAN k6128 personalizado","da":"Lys parka med h\u00e6tte til m\u00e6nd KARIBAN k6128 tilpasset","pl":"Lekka kurtka z kapu\u0142\u0105 dla m\u0119\u017cczyzn KARIBAN k6128 personalizowana"},"description":{"fr":"Ce parka doudoune l\u00e9ger \u00e0 capuche pour homme offre un confort optimal gr\u00e2ce \u00e0 sa composition en 100% polyamide et sa garniture int\u00e9rieure en polyester. Il est con\u00e7u pour vous garder au chaud tout en restant l\u00e9ger et confortable. Il dispose de 2 poches devant et 1 poche poitrine zipp\u00e9es et passepoil\u00e9es, ainsi qu'une fermeture zipp\u00e9e avec double curseur cach\u00e9e par patte et boutons pression. L'int\u00e9rieur de la capuche et du corps est contrast\u00e9 (sauf pour le coloris Navy), et l'int\u00e9rieur du col et des poignets est en bord-c\u00f4te. Ce parka est personnalisable en broderie, ce qui vous permet d'ajouter votre logo ou votre visuel pour une touche unique.\n\n- Composition : 100% polyamide\n- Garniture : Polyester\n- Poches : 2 poches devant, 1 poche poitrine\n- Capuche : Contrast\u00e9e\n- Col et poignets : Bord-c\u00f4te\n- Possibilit\u00e9 de personnalisation en broderie","en":"This lightweight hooded men's parka offers optimal comfort thanks to its composition of 100% polyamide and its polyester inner lining. It is designed to keep you warm while remaining light and comfortable. It features 2 front pockets and 1 zippered chest pocket with piping, as well as a zipper closure with a double slider hidden by a flap and snap buttons. The inside of the hood and the body are contrasted (except for the Navy color), and the inside of the collar and cuffs are ribbed. This parka is customizable with embroidery, allowing you to add your logo or design for a unique touch.\n\n- Composition: 100% polyamide\n- Filling: Polyester\n- Pockets: 2 front pockets, 1 chest pocket\n- Hood: Contrasted\n- Collar and cuffs: Ribbed\n- Possibility of customization with embroidery","de":"Diese leichte Daunenparkajacke mit Kapuze f\u00fcr M\u00e4nner bietet optimalen Komfort dank ihrer Zusammensetzung aus 100% Polyamid und ihrer Innenf\u00fctterung aus Polyester. Sie ist so gestaltet, dass sie Sie warm h\u00e4lt, w\u00e4hrend sie leicht und bequem bleibt. Sie verf\u00fcgt \u00fcber 2 vordere Taschen und 1 Brusttasche mit Rei\u00dfverschluss und Umsaumung, sowie einen Rei\u00dfverschluss mit doppeltem Schieber, der durch eine Lasche und Druckkn\u00f6pfe verdeckt wird. Die Innenausstattung der Kapuze und des K\u00f6rpers ist kontrastierend (ausgenommen bei der Farbe Navy), und das Innere des Kragens und der Manschetten besteht aus Bord\u00fcre. Diese Parkajacke ist durch Stickerei personalisierbar, sodass Sie Ihr Logo oder Ihr Bild f\u00fcr einen einzigartigen Touch hinzuf\u00fcgen k\u00f6nnen.\n\n- Zusammensetzung: 100% Polyamid\n- F\u00fcllung: Polyester\n- Taschen: 2 vordere Taschen, 1 Brusttasche\n- Kapuze: Kontrastierend\n- Kragen und Manschetten: Bord\u00fcre\n- M\u00f6glichkeit der Personalisierung durch Stickerei","nl":"Deze lichte man doudoune parka met kap biedt optimaal comfort dankzij de samenstelling van 100% polyamide en de polyestervulling. Het is ontworpen om je warm te houden terwijl het licht en comfortabel blijft. Het heeft 2 voorzakken en 1 borstzak met rits en passepoil, evenals een ritsafsluiting met dubbele sleuf verborgen achter een flap en drukknoppen. Het binnenste van de kap en het lichaam zijn contrastrijk (behalve voor de kleur Navy), en het binnenste van de kraag en de polsen zijn van ribflens. De parka is personaliseerbaar met borduurwerk, waardoor je je logo of afbeelding kunt toevoegen voor een unieke touch.\n\n- Samenstelling: 100% polyamide\n- Vulling: Polyester\n- Zakken: 2 voorzakken, 1 borstzak\n- Kap: Contrastrijk\n- Kraag en polsen: Ribflens\n- Mogelijkheid tot personalisatie door middel van borduurwerk","es":"Esta chaqueta de plumas ligera con capucha para hombre ofrece un confort \u00f3ptimo gracias a su composici\u00f3n de 100% poliamida y su forro interior de poli\u00e9ster. Est\u00e1 dise\u00f1ada para mantenerte caliente mientras sigue siendo ligera y c\u00f3moda. Dispone de 2 bolsillos delanteros y 1 bolsillo en el pecho con cremallera y ribete, as\u00ed como una cremallera con doble deslizador oculta por una solapa y botones de presi\u00f3n. El interior de la capucha y del cuerpo es contrastante (excepto para el color azul marino), y el interior del cuello y las mu\u00f1ecas es de ribete. Esta chaqueta es personalizable con bordado, lo que te permite a\u00f1adir tu logo o tu dise\u00f1o para un toque \u00fanico.\n\n- Composici\u00f3n: 100% poliamida\n- Forro: Poli\u00e9ster\n- Bolsillos: 2 bolsillos delanteros, 1 bolsillo en el pecho\n- Capucha: Contrastante\n- Cuello y mu\u00f1ecas: Ribete\n- Posibilidad de personalizaci\u00f3n en bordado","it":"Questa giacca imbottita leggera con cappuccio per uomo offre un comfort ottimale grazie alla sua composizione in 100% poliammide e al suo rivestimento interno in poliestere. \u00c8 progettata per tenerti al caldo rimanendo leggera e confortevole. Ha 2 tasche davanti e 1 tasca sul petto con chiusura lampo e bordi rifiniti, nonch\u00e9 una chiusura lampo con doppio cursore nascosta da un lembo e bottoni a pressione. L'interno del cappuccio e del corpo \u00e8 contrastante (tranne che per il colore Navy), e l'interno del collo e dei polsi \u00e8 in bord-c\u00f4te. Questa giacca \u00e8 personalizzabile con ricamo, permettendoti di aggiungere il tuo logo o il tuo design per un tocco unico.\n\n- Composizione: 100% poliammide\n- Rivestimento: Poliestere\n- Tasche: 2 tasche davanti, 1 tasca sul petto\n- Cappuccio: Contrastante\n- Collo e polsi: Bord-c\u00f4te\n- Possibilit\u00e0 di personalizzazione con ricamo","sv":"Denna l\u00e4tta dunjacka med halsduk f\u00f6r man erbjuder optimal komfort tack vare sin sammans\u00e4ttning av 100% polyamid och sin inre foder av polyester. Den \u00e4r utformad f\u00f6r att h\u00e5lla dig varm samtidigt som den \u00e4r l\u00e4tt och bekv\u00e4m. Den har 2 framfickor och 1 br\u00f6stficka med zip och kantband, samt en glidande zippl\u00e5sning med dubbla dragkrokar dold bak en kl\u00e4pp och tryckknappar. Insidan av halsduken och kroppen \u00e4r kontrasterande och insidan av kragen och \u00e4rmarna \u00e4r i kantband. Denna dunjacka kan anpassas med stickning, vilket g\u00f6r att du kan l\u00e4gga till ditt logotyp eller din bild f\u00f6r en unik touch.","pt":"Este parka casaco leve com capuz para homem oferece conforto \u00f3timo gra\u00e7as \u00e0 sua composi\u00e7\u00e3o em 100% poliamida e forro interno em poli\u00e9ster. \u00c9 projetado para mant\u00ea-lo quente enquanto permanece leve e confort\u00e1vel. Possui 2 bolsos na frente e 1 bolso no peito z\u00edperados e com bainha, bem como um z\u00edper com dois deslizadores escondidos por aba e bot\u00f5es pression\u00e1veis. O interior do capuz e do corpo \u00e9 contrastado (exceto para a cor Navy), e o interior do colarinho e dos punhos \u00e9 em ribana. Este casaco \u00e9 personaliz\u00e1vel em bordado, permitindo adicionar seu logotipo ou visual para um toque \u00fanico.\n\n- Composi\u00e7\u00e3o: 100% poliamida\n- Forro: Poli\u00e9ster\n- Bolsos: 2 bolsos na frente, 1 bolso no peito\n- Capuz: Contrastado\n- Colarinho e punhos: Ribana\n- Possibilidade de personaliza\u00e7\u00e3o em bordado","da":"Denne lette parka med h\u00e6tte til m\u00e6nd tilbyder optimal komfort takket v\u00e6re sin sammens\u00e6tning af 100% polyamid og sin indre fyldning af polyester. Den er designet til at holde dig varm, mens den forbliver let og komfortabel. Den har 2 forpoller og 1 brystlomme med lommel\u00e5s og kanter, samt en lommel\u00e5s med dobbelt glidekappe skjult bag en klap og trykknapper. Indersiden af h\u00e6tten og kroppen er kontrasterende (undtagen for farven Navy), og indersiden af kraven og \u00e6rmene er i bord-c\u00f4te. Denne parka kan tilpasses ved brodering, hvilket giver dig mulighed for at tilf\u00f8je dit logo eller dit billede for en unik touch.","pl":"Ta lekkie kurtka z kapu\u0142\u0105 dla m\u0119\u017cczyzn zapewnia optymalny komfort dzi\u0119ki swojej kompozycji 100% poliester i wype\u0142nieniu wewn\u0119trznym z poliesteru. Jest zaprojektowana, aby utrzyma\u0107 ciep\u0142o, pozostaj\u0105c lekka i komfortowa. Ma 2 przednie kieszenie i 1 kiesze\u0144 na piersi z zapi\u0119ciem na zamek b\u0142yskawiczny i bordiur\u0105, oraz zapi\u0119cie na zamek z podw\u00f3jnym suwakiem ukrytym za k\u0142apk\u0105 i guzikami. Wn\u0119trze kaptura i cia\u0142a jest kontrastowe (z wyj\u0105tkiem koloru Navy), a wn\u0119trze ko\u0142nierza i mankiet\u00f3w jest w bord-c\u00f4te. Ta kurtka jest dost\u0119pna do personalizacji przez haft, co pozwala doda\u0107 sw\u00f3j logo lub wizualizacj\u0119 dla unikalnego dotyku.\n\n- Kompozycja: 100% poliester\n- Wype\u0142nienie: Poliester\n- Kieszenie: 2 przednie kieszenie, 1 kiesze\u0144 na piersi\n- Kapelusz: Kontrastowe\n- Ko\u0142nierz i mankiety: Bord-c\u00f4te\n- Mo\u017cliwo\u015b\u0107 personalizacji przez haft"},"h1":{"fr":"Parka doudoune l\u00e9g\u00e8re \u00e0 capuche homme k6128 personnalisation","en":"Lightweight hooded men's parka k6128 customisation","de":"Leichte Daunenparkajacke mit Kapuze f\u00fcr M\u00e4nner k6128 Personalisierung","nl":"Lichte man doudoune parka met kap k6128 personalisatie","es":"Chaqueta de plumas ligera con capucha para hombre k6128 personalizaci\u00f3n","it":"Giacca imbottita leggera con cappuccio uomo k6128 personalizzazione","sv":"L\u00e4tt dunjacka med halsduk till man k6128 personlig","pt":"Parka casaco leve com capuz homem k6128 personaliza\u00e7\u00e3o","da":"Lys parka med h\u00e6tte til m\u00e6nd k6128 tilpasning","pl":"Lekka kurtka z kapu\u0142\u0105 dla m\u0119\u017cczyzn k6128 personalizacja"},"meta_description":{"fr":"Parka doudoune l\u00e9g\u00e8re \u00e0 capuche homme, id\u00e9al pour un look d\u00e9contract\u00e9 et confortable. Possibilit\u00e9 de personnalisation en broderie. D\u00e9couvrez notre gamme de couleurs et personnalisez votre parka !","en":"Lightweight hooded men's parka, ideal for a relaxed and comfortable look. Possibility of customization with embroidery. Discover our range of colors and customize your parka!","de":"Leichte Daunenparkajacke mit Kapuze f\u00fcr M\u00e4nner, ideal f\u00fcr einen l\u00e4ssigen und komfortablen Look. M\u00f6glichkeit der Personalisierung durch Stickerei. Entdecken Sie unsere Farbpalette und personalisieren Sie Ihre Parkajacke!","nl":"Lichte man doudoune parka met kap, ideaal voor een ontspannen en comfortabel uiterlijk. Mogelijkheid tot personalisatie door middel van borduurwerk. Ontdek onze kleurenreeks en personaliseer je parka!","es":"Chaqueta de plumas ligera con capucha para hombre, ideal para un look relajado y c\u00f3modo. Posibilidad de personalizaci\u00f3n en bordado. \u00a1Descubre nuestra gama de colores y personaliza tu chaqueta!","it":"Giacca imbottita leggera con cappuccio uomo, ideale per un look casual e confortevole. Possibilit\u00e0 di personalizzazione con ricamo. Scopri la nostra gamma di colori e personalizza la tua giacca!","sv":"L\u00e4tt dunjacka med halsduk till man, idealisk f\u00f6r en avslappnad och bekv\u00e4m look. M\u00f6jlighet att anpassa med stickning. Uppt\u00e4ck v\u00e5rt utbud av f\u00e4rger och anpassa din dunjacka!","pt":"Parka casaco leve com capuz homem, ideal para um look descontra\u00eddo e confort\u00e1vel. Possibilidade de personaliza\u00e7\u00e3o em bordado. Descubra nossa gama de cores e personalize seu casaco!","da":"Lys parka med h\u00e6tte til m\u00e6nd, ideel til en afslappet og komfortabel look. Mulighed for tilpasning ved brodering. Udforsk vores farveudvalg og tilpas din parka!","pl":"Lekka kurtka z kapu\u0142\u0105 dla m\u0119\u017cczyzn, idealna do wygl\u0105du nieformalnego i komfortowego. Mo\u017cliwo\u015b\u0107 personalizacji przez haft. Odkryj nasz\u0105 gam\u0119 kolor\u00f3w i personalizuj swoj\u0105 kurtk\u0119!"}}},"categories":[{"id":302,"name":"Doudounes","singular":"Doudoune","is_feminin":false},{"id":13,"name":"Vestes et manteaux","singular":"Veste et manteau","is_feminin":true},{"id":354,"name":"Textile","singular":"Textile","is_feminin":false}],"certifications":[],"videos":{"fr":[],"en":[],"de":[],"nl":[],"es":[],"it":[],"sv":[],"pt":[],"da":[],"pl":[]},"main_images":{"miniature":"https:\/\/media.th4.com\/dfEwffsOQ4-jOI7U6JOEEjLLiC5Xw1js91CWEo7bUYk\/pr:80\/aHR0cDovL21lZGlhMi5kZXNpZ25wYXJ0bmVyLmZyL2MvcC1NVC8xNDU5MS5qcGc?v=1670844132","medium":"https:\/\/media.th4.com\/VivANtPNWS1yuJfjHGpVoZEHcZFStURlJJdN_3wd0yI\/pr:550x550greybg\/aHR0cDovL21lZGlhMi5kZXNpZ25wYXJ0bmVyLmZyL2MvcC1NVC8xNDU5MS5qcGc?v=1670844132","medium_large":"https:\/\/media.th4.com\/NDxEVScf0s1C45OWethD7_mDhK65xBCF9Uz8F_l97CU\/pr:1000x1000greybg\/aHR0cDovL21lZGlhMi5kZXNpZ25wYXJ0bmVyLmZyL2MvcC1NVC8xNDU5MS5qcGc?v=1670844132","large":"https:\/\/media.th4.com\/eiMVyC-usBmA7DVlHKCO6mdIwAmqR_JNNmDvyHFskG0\/pr:1920greybg\/aHR0cDovL21lZGlhMi5kZXNpZ25wYXJ0bmVyLmZyL2MvcC1NVC8xNDU5MS5qcGc?v=1670844132","opengraph":"https:\/\/media.th4.com\/tXrSdoeO5924-Z5vaXhHhIDXFPqYvqFArUERXYvdWNM\/pr:1200x630greybg\/aHR0cDovL21lZGlhMi5kZXNpZ25wYXJ0bmVyLmZyL2MvcC1NVC8xNDU5MS5qcGc?v=1670844132"},"main_images_customization":{"miniature":"https:\/\/media.th4.com\/dfEwffsOQ4-jOI7U6JOEEjLLiC5Xw1js91CWEo7bUYk\/pr:80\/aHR0cDovL21lZGlhMi5kZXNpZ25wYXJ0bmVyLmZyL2MvcC1NVC8xNDU5MS5qcGc?v=1670844132","medium":"https:\/\/media.th4.com\/VivANtPNWS1yuJfjHGpVoZEHcZFStURlJJdN_3wd0yI\/pr:550x550greybg\/aHR0cDovL21lZGlhMi5kZXNpZ25wYXJ0bmVyLmZyL2MvcC1NVC8xNDU5MS5qcGc?v=1670844132","medium_large":"https:\/\/media.th4.com\/NDxEVScf0s1C45OWethD7_mDhK65xBCF9Uz8F_l97CU\/pr:1000x1000greybg\/aHR0cDovL21lZGlhMi5kZXNpZ25wYXJ0bmVyLmZyL2MvcC1NVC8xNDU5MS5qcGc?v=1670844132","large":"https:\/\/media.th4.com\/eiMVyC-usBmA7DVlHKCO6mdIwAmqR_JNNmDvyHFskG0\/pr:1920greybg\/aHR0cDovL21lZGlhMi5kZXNpZ25wYXJ0bmVyLmZyL2MvcC1NVC8xNDU5MS5qcGc?v=1670844132","opengraph":"https:\/\/media.th4.com\/tXrSdoeO5924-Z5vaXhHhIDXFPqYvqFArUERXYvdWNM\/pr:1200x630greybg\/aHR0cDovL21lZGlhMi5kZXNpZ25wYXJ0bmVyLmZyL2MvcC1NVC8xNDU5MS5qcGc?v=1670844132"},"page_links":{"fr":"\/fr\/p-ka-k6128-parka-doudoune-legere-a-capuche-homme-k6128-14591\/","en":"\/en\/p-ka-k6128-lightweight-hooded-mens-k6128-down-jacket-14591\/","de":"\/de\/p-ka-k6128-leichte-daunenparkajacke-mit-kapuze-fur-herren-k6128-14591\/","nl":"\/nl\/p-ka-k6128-lichte-vullingjas-met-kap-voor-man-k6128-14591\/","es":"\/es\/p-ka-k6128-chaqueta-acolchada-ligera-con-capucha-para-hombre-k6128-14591\/","it":"\/it\/p-ka-k6128-giacca-imbottita-leggera-con-cappuccio-uomo-k6128-14591\/","sv":"\/sv\/p-ka-k6128-latt-fjaderjacka-med-huva-for-man-k6128-14591\/","pt":"\/pt\/p-ka-k6128-jacket-de-moletom-leve-com-capuz-homem-k6128-14591\/","da":"\/da\/p-ka-k6128-lette-fyldt-parka-med-kappe-til-maend-k6128-14591\/","pl":"\/pl\/p-ka-k6128-lekka-kurtka-puchowa-z-kapturkiem-dla-mezczyzn-k6128-14591\/"},"page_links_customization":{"fr":"\/fr\/p-ka-k6128-parka-doudoune-legere-a-capuche-homme-k6128-personnalisation-14591\/custom\/","en":"\/en\/p-ka-k6128-lightweight-hooded-mens-parka-k6128-customisation-14591\/custom\/","de":"\/de\/p-ka-k6128-leichte-daunenparkajacke-mit-kapuze-fur-manner-k6128-personalisierung-14591\/custom\/","nl":"\/nl\/p-ka-k6128-lichte-man-doudoune-parka-met-kap-k6128-personalisatie-14591\/custom\/","es":"\/es\/p-ka-k6128-chaqueta-de-plumas-ligera-con-capucha-para-hombre-k6128-personalizacion-14591\/custom\/","it":"\/it\/p-ka-k6128-giacca-imbottita-leggera-con-cappuccio-uomo-k6128-personalizzazione-14591\/custom\/","sv":"\/sv\/p-ka-k6128-latt-dunjacka-med-halsduk-till-man-k6128-personlig-14591\/custom\/","pt":"\/pt\/p-ka-k6128-parka-casaco-leve-com-capuz-homem-k6128-personalizacao-14591\/custom\/","da":"\/da\/p-ka-k6128-lys-parka-med-haette-til-maend-k6128-tilpasning-14591\/custom\/","pl":"\/pl\/p-ka-k6128-lekka-kurtka-z-kapula-dla-mezczyzn-k6128-personalizacja-14591\/custom\/"},"equivalent_products":[14592],"colors":[{"id":1520,"name":"black","class_ids":[4],"codes_hexa":["1a1a18"],"delai_24":false,"has_3d":false,"seuil_global":0,"stock_local":0,"stock_global":1933,"on_standby":false,"in_catalog":true,"images":{"miniature":["https:\/\/media.th4.com\/5CZPdKI_eWDqP12W4FgFK0tOyte_vyjVaVfj7fT-rWU\/pr:80\/aHR0cDovL21lZGlhMi5kZXNpZ25wYXJ0bmVyLmZyL2MvcC8xNDU5MS8xNDU5MS0xNTIwLTEuanBn?v=1638344248","https:\/\/media.th4.com\/YbeFAL0g8rZCW_dc-HqO8H8jqUWFwLXszWXbXOUpATQ\/pr:80\/aHR0cDovL21lZGlhMi5kZXNpZ25wYXJ0bmVyLmZyL2MvcC8xNDU5MS8xNDU5MS0xNTIwLTIuanBn?v=1638344248","https:\/\/media.th4.com\/OBDla8_RiVviQ2sIbSX0zJRG9g-Pp3bVJ5yWWfI21Is\/pr:80\/aHR0cDovL21lZGlhMi5kZXNpZ25wYXJ0bmVyLmZyL2MvcC8xNDU5MS8xNDU5MS0xNTIwLTMuanBn?v=1638344248"],"medium":["https:\/\/media.th4.com\/VDRmdeS5OE7Hm3etE6QGEkl8VX-VgVjVPdh9N3OCHqU\/pr:550x550\/aHR0cDovL21lZGlhMi5kZXNpZ25wYXJ0bmVyLmZyL2MvcC8xNDU5MS8xNDU5MS0xNTIwLTEuanBn?v=1638344248","https:\/\/media.th4.com\/7mAab0mViZbC_R-U2JAasZxzOsYTsnUn4Df2ht8KhiY\/pr:550x550\/aHR0cDovL21lZGlhMi5kZXNpZ25wYXJ0bmVyLmZyL2MvcC8xNDU5MS8xNDU5MS0xNTIwLTIuanBn?v=1638344248","https:\/\/media.th4.com\/AfIiQKr5AI760MczW3F5Oac_0UWJQfMnnC2-p9IDi-4\/pr:550x550\/aHR0cDovL21lZGlhMi5kZXNpZ25wYXJ0bmVyLmZyL2MvcC8xNDU5MS8xNDU5MS0xNTIwLTMuanBn?v=1638344248"],"medium_large":["https:\/\/media.th4.com\/7Xy9E1yBORxm_h1RCSYxSeO8An-uFpjVdRXQ0LTRNlg\/pr:1000x1000\/aHR0cDovL21lZGlhMi5kZXNpZ25wYXJ0bmVyLmZyL2MvcC8xNDU5MS8xNDU5MS0xNTIwLTEuanBn?v=1638344248","https:\/\/media.th4.com\/TOmKLG_wOA27OGQVnibf-7AYc4W-jQ2l7lPi2YBm24Y\/pr:1000x1000\/aHR0cDovL21lZGlhMi5kZXNpZ25wYXJ0bmVyLmZyL2MvcC8xNDU5MS8xNDU5MS0xNTIwLTIuanBn?v=1638344248","https:\/\/media.th4.com\/Uod1RU0WYYJi4V_ijEnpdu16UaXPdPSaKeNns3vEcv4\/pr:1000x1000\/aHR0cDovL21lZGlhMi5kZXNpZ25wYXJ0bmVyLmZyL2MvcC8xNDU5MS8xNDU5MS0xNTIwLTMuanBn?v=1638344248"],"large":["https:\/\/media.th4.com\/U2A_WRnSBzG27swekinXfR0Brj2bBrdsQhwKLeMATZA\/pr:1920\/aHR0cDovL21lZGlhMi5kZXNpZ25wYXJ0bmVyLmZyL2MvcC8xNDU5MS8xNDU5MS0xNTIwLTEuanBn?v=1638344248","https:\/\/media.th4.com\/fq6-Wyo4dHbKTNeg6ec54nUTK3Lrnb4RyrFtpsPgDGg\/pr:1920\/aHR0cDovL21lZGlhMi5kZXNpZ25wYXJ0bmVyLmZyL2MvcC8xNDU5MS8xNDU5MS0xNTIwLTIuanBn?v=1638344248","https:\/\/media.th4.com\/hLXmtx0ArlmQOuFLuSAJPLFByUk9IBE-gw8ff6moDM0\/pr:1920\/aHR0cDovL21lZGlhMi5kZXNpZ25wYXJ0bmVyLmZyL2MvcC8xNDU5MS8xNDU5MS0xNTIwLTMuanBn?v=1638344248"],"opengraph":["https:\/\/media.th4.com\/Tc8judy2pk8y31zJH0p7w0GEabEx2yI9vtvM3vm4goM\/pr:1200x630\/aHR0cDovL21lZGlhMi5kZXNpZ25wYXJ0bmVyLmZyL2MvcC8xNDU5MS8xNDU5MS0xNTIwLTEuanBn?v=1638344248","https:\/\/media.th4.com\/npzo6720QZvEnuDsB559UEYVjkERPsW5-9UNH4GFE_A\/pr:1200x630\/aHR0cDovL21lZGlhMi5kZXNpZ25wYXJ0bmVyLmZyL2MvcC8xNDU5MS8xNDU5MS0xNTIwLTIuanBn?v=1638344248","https:\/\/media.th4.com\/a4BLJ3Pj1A2t5DDb8YwcI6dBa5Yk0wrB5taMCtb_Fao\/pr:1200x630\/aHR0cDovL21lZGlhMi5kZXNpZ25wYXJ0bmVyLmZyL2MvcC8xNDU5MS8xNDU5MS0xNTIwLTMuanBn?v=1638344248"]},"images_customization":{"miniature":["https:\/\/media.th4.com\/5CZPdKI_eWDqP12W4FgFK0tOyte_vyjVaVfj7fT-rWU\/pr:80\/aHR0cDovL21lZGlhMi5kZXNpZ25wYXJ0bmVyLmZyL2MvcC8xNDU5MS8xNDU5MS0xNTIwLTEuanBn?v=1638344248","https:\/\/media.th4.com\/YbeFAL0g8rZCW_dc-HqO8H8jqUWFwLXszWXbXOUpATQ\/pr:80\/aHR0cDovL21lZGlhMi5kZXNpZ25wYXJ0bmVyLmZyL2MvcC8xNDU5MS8xNDU5MS0xNTIwLTIuanBn?v=1638344248","https:\/\/media.th4.com\/OBDla8_RiVviQ2sIbSX0zJRG9g-Pp3bVJ5yWWfI21Is\/pr:80\/aHR0cDovL21lZGlhMi5kZXNpZ25wYXJ0bmVyLmZyL2MvcC8xNDU5MS8xNDU5MS0xNTIwLTMuanBn?v=1638344248"],"medium":["https:\/\/media.th4.com\/VDRmdeS5OE7Hm3etE6QGEkl8VX-VgVjVPdh9N3OCHqU\/pr:550x550\/aHR0cDovL21lZGlhMi5kZXNpZ25wYXJ0bmVyLmZyL2MvcC8xNDU5MS8xNDU5MS0xNTIwLTEuanBn?v=1638344248","https:\/\/media.th4.com\/7mAab0mViZbC_R-U2JAasZxzOsYTsnUn4Df2ht8KhiY\/pr:550x550\/aHR0cDovL21lZGlhMi5kZXNpZ25wYXJ0bmVyLmZyL2MvcC8xNDU5MS8xNDU5MS0xNTIwLTIuanBn?v=1638344248","https:\/\/media.th4.com\/AfIiQKr5AI760MczW3F5Oac_0UWJQfMnnC2-p9IDi-4\/pr:550x550\/aHR0cDovL21lZGlhMi5kZXNpZ25wYXJ0bmVyLmZyL2MvcC8xNDU5MS8xNDU5MS0xNTIwLTMuanBn?v=1638344248"],"medium_large":["https:\/\/media.th4.com\/7Xy9E1yBORxm_h1RCSYxSeO8An-uFpjVdRXQ0LTRNlg\/pr:1000x1000\/aHR0cDovL21lZGlhMi5kZXNpZ25wYXJ0bmVyLmZyL2MvcC8xNDU5MS8xNDU5MS0xNTIwLTEuanBn?v=1638344248","https:\/\/media.th4.com\/TOmKLG_wOA27OGQVnibf-7AYc4W-jQ2l7lPi2YBm24Y\/pr:1000x1000\/aHR0cDovL21lZGlhMi5kZXNpZ25wYXJ0bmVyLmZyL2MvcC8xNDU5MS8xNDU5MS0xNTIwLTIuanBn?v=1638344248","https:\/\/media.th4.com\/Uod1RU0WYYJi4V_ijEnpdu16UaXPdPSaKeNns3vEcv4\/pr:1000x1000\/aHR0cDovL21lZGlhMi5kZXNpZ25wYXJ0bmVyLmZyL2MvcC8xNDU5MS8xNDU5MS0xNTIwLTMuanBn?v=1638344248"],"large":["https:\/\/media.th4.com\/U2A_WRnSBzG27swekinXfR0Brj2bBrdsQhwKLeMATZA\/pr:1920\/aHR0cDovL21lZGlhMi5kZXNpZ25wYXJ0bmVyLmZyL2MvcC8xNDU5MS8xNDU5MS0xNTIwLTEuanBn?v=1638344248","https:\/\/media.th4.com\/fq6-Wyo4dHbKTNeg6ec54nUTK3Lrnb4RyrFtpsPgDGg\/pr:1920\/aHR0cDovL21lZGlhMi5kZXNpZ25wYXJ0bmVyLmZyL2MvcC8xNDU5MS8xNDU5MS0xNTIwLTIuanBn?v=1638344248","https:\/\/media.th4.com\/hLXmtx0ArlmQOuFLuSAJPLFByUk9IBE-gw8ff6moDM0\/pr:1920\/aHR0cDovL21lZGlhMi5kZXNpZ25wYXJ0bmVyLmZyL2MvcC8xNDU5MS8xNDU5MS0xNTIwLTMuanBn?v=1638344248"],"opengraph":["https:\/\/media.th4.com\/Tc8judy2pk8y31zJH0p7w0GEabEx2yI9vtvM3vm4goM\/pr:1200x630\/aHR0cDovL21lZGlhMi5kZXNpZ25wYXJ0bmVyLmZyL2MvcC8xNDU5MS8xNDU5MS0xNTIwLTEuanBn?v=1638344248","https:\/\/media.th4.com\/npzo6720QZvEnuDsB559UEYVjkERPsW5-9UNH4GFE_A\/pr:1200x630\/aHR0cDovL21lZGlhMi5kZXNpZ25wYXJ0bmVyLmZyL2MvcC8xNDU5MS8xNDU5MS0xNTIwLTIuanBn?v=1638344248","https:\/\/media.th4.com\/a4BLJ3Pj1A2t5DDb8YwcI6dBa5Yk0wrB5taMCtb_Fao\/pr:1200x630\/aHR0cDovL21lZGlhMi5kZXNpZ25wYXJ0bmVyLmZyL2MvcC8xNDU5MS8xNDU5MS0xNTIwLTMuanBn?v=1638344248"]},"country_origin":"BD","traceability":{"manufacturing_country_id":null,"weaving_country_id":null,"dyeing_country_id":null},"sizes":[{"id":5,"article_id":375306,"class_id":2,"name":"XS","on_standby":false,"stock_local":0,"stock_global":66,"multiple":1,"estimated_date_reassort":null,"is_destocking":false},{"id":3,"article_id":375307,"class_id":3,"name":"S","on_standby":false,"stock_local":0,"stock_global":141,"multiple":1,"estimated_date_reassort":null,"is_destocking":false},{"id":2,"article_id":375308,"class_id":4,"name":"M","on_standby":false,"stock_local":0,"stock_global":333,"multiple":1,"estimated_date_reassort":null,"is_destocking":false},{"id":1,"article_id":375309,"class_id":5,"name":"L","on_standby":false,"stock_local":0,"stock_global":560,"multiple":1,"estimated_date_reassort":null,"is_destocking":false},{"id":4,"article_id":375310,"class_id":6,"name":"XL","on_standby":false,"stock_local":0,"stock_global":498,"multiple":1,"estimated_date_reassort":null,"is_destocking":false},{"id":1116,"article_id":375311,"class_id":7,"name":"2XL","on_standby":false,"stock_local":0,"stock_global":238,"multiple":1,"estimated_date_reassort":null,"is_destocking":false},{"id":1081,"article_id":375312,"class_id":8,"name":"3XL","on_standby":false,"stock_local":0,"stock_global":97,"multiple":1,"estimated_date_reassort":null,"is_destocking":false}],"page_links":{"fr":"\/fr\/p-ka-k6128-parka-doudoune-legere-a-capuche-homme-k6128-14591\/black-1520\/","en":"\/en\/p-ka-k6128-lightweight-hooded-mens-k6128-down-jacket-14591\/black-1520\/","de":"\/de\/p-ka-k6128-leichte-daunenparkajacke-mit-kapuze-fur-herren-k6128-14591\/black-1520\/","nl":"\/nl\/p-ka-k6128-lichte-vullingjas-met-kap-voor-man-k6128-14591\/black-1520\/","es":"\/es\/p-ka-k6128-chaqueta-acolchada-ligera-con-capucha-para-hombre-k6128-14591\/black-1520\/","it":"\/it\/p-ka-k6128-giacca-imbottita-leggera-con-cappuccio-uomo-k6128-14591\/black-1520\/","sv":"\/sv\/p-ka-k6128-latt-fjaderjacka-med-huva-for-man-k6128-14591\/black-1520\/","pt":"\/pt\/p-ka-k6128-jacket-de-moletom-leve-com-capuz-homem-k6128-14591\/black-1520\/","da":"\/da\/p-ka-k6128-lette-fyldt-parka-med-kappe-til-maend-k6128-14591\/black-1520\/","pl":"\/pl\/p-ka-k6128-lekka-kurtka-puchowa-z-kapturkiem-dla-mezczyzn-k6128-14591\/black-1520\/"},"page_links_customization":{"fr":"\/fr\/p-ka-k6128-parka-doudoune-legere-a-capuche-homme-k6128-personnalisation-14591\/black-1520\/custom\/","en":"\/en\/p-ka-k6128-lightweight-hooded-mens-parka-k6128-customisation-14591\/black-1520\/custom\/","de":"\/de\/p-ka-k6128-leichte-daunenparkajacke-mit-kapuze-fur-manner-k6128-personalisierung-14591\/black-1520\/custom\/","nl":"\/nl\/p-ka-k6128-lichte-man-doudoune-parka-met-kap-k6128-personalisatie-14591\/black-1520\/custom\/","es":"\/es\/p-ka-k6128-chaqueta-de-plumas-ligera-con-capucha-para-hombre-k6128-personalizacion-14591\/black-1520\/custom\/","it":"\/it\/p-ka-k6128-giacca-imbottita-leggera-con-cappuccio-uomo-k6128-personalizzazione-14591\/black-1520\/custom\/","sv":"\/sv\/p-ka-k6128-latt-dunjacka-med-halsduk-till-man-k6128-personlig-14591\/black-1520\/custom\/","pt":"\/pt\/p-ka-k6128-parka-casaco-leve-com-capuz-homem-k6128-personalizacao-14591\/black-1520\/custom\/","da":"\/da\/p-ka-k6128-lys-parka-med-haette-til-maend-k6128-tilpasning-14591\/black-1520\/custom\/","pl":"\/pl\/p-ka-k6128-lekka-kurtka-z-kapula-dla-mezczyzn-k6128-personalizacja-14591\/black-1520\/custom\/"}},{"id":1261,"name":"navy","class_ids":[2],"codes_hexa":["012942"],"delai_24":false,"has_3d":false,"seuil_global":0,"stock_local":0,"stock_global":222,"on_standby":false,"in_catalog":true,"images":{"miniature":["https:\/\/media.th4.com\/xGy3XqEMScUCUOmk78MbZe-I7ijaziMUY2Qbf_sT-6M\/pr:80\/aHR0cDovL21lZGlhMi5kZXNpZ25wYXJ0bmVyLmZyL2MvcC8xNDU5MS8xNDU5MS0xMjYxLTEuanBn?v=1638344248","https:\/\/media.th4.com\/B4_IjSOLbcWeXz8qStgPP7oBjpcikDyJYORSCaiRDfs\/pr:80\/aHR0cDovL21lZGlhMi5kZXNpZ25wYXJ0bmVyLmZyL2MvcC8xNDU5MS8xNDU5MS0xMjYxLTIuanBn?v=1638344248","https:\/\/media.th4.com\/71ETZ64PgaNMLLr3KVlFVEOwAG03KxZIll6C7poEPZM\/pr:80\/aHR0cDovL21lZGlhMi5kZXNpZ25wYXJ0bmVyLmZyL2MvcC8xNDU5MS8xNDU5MS0xMjYxLTMuanBn?v=1638344248"],"medium":["https:\/\/media.th4.com\/y6IGMQREpv9eX8VxsNDZ2vobdpOli_4hNfM6H_5E7yA\/pr:550x550\/aHR0cDovL21lZGlhMi5kZXNpZ25wYXJ0bmVyLmZyL2MvcC8xNDU5MS8xNDU5MS0xMjYxLTEuanBn?v=1638344248","https:\/\/media.th4.com\/JfJcH3AbBb9GMM_b9FzGohaFz77dSbjCxmHbdtj9b-8\/pr:550x550\/aHR0cDovL21lZGlhMi5kZXNpZ25wYXJ0bmVyLmZyL2MvcC8xNDU5MS8xNDU5MS0xMjYxLTIuanBn?v=1638344248","https:\/\/media.th4.com\/YpoR69MG9DFNltbwxHevPURgs0FphGJ-g5m2vNYUtC0\/pr:550x550\/aHR0cDovL21lZGlhMi5kZXNpZ25wYXJ0bmVyLmZyL2MvcC8xNDU5MS8xNDU5MS0xMjYxLTMuanBn?v=1638344248"],"medium_large":["https:\/\/media.th4.com\/TPEpqFCu1llLqTIw6Khoq90KA5AnaW8ft2hwR4TPSFg\/pr:1000x1000\/aHR0cDovL21lZGlhMi5kZXNpZ25wYXJ0bmVyLmZyL2MvcC8xNDU5MS8xNDU5MS0xMjYxLTEuanBn?v=1638344248","https:\/\/media.th4.com\/yko4uIInWpU9n10mb6gwJsKn--HzmMsE6U2mkUoDlqk\/pr:1000x1000\/aHR0cDovL21lZGlhMi5kZXNpZ25wYXJ0bmVyLmZyL2MvcC8xNDU5MS8xNDU5MS0xMjYxLTIuanBn?v=1638344248","https:\/\/media.th4.com\/Y4SJdaYuY-2-_2fIhqq1Bj7MY7Ejs5XvbZ4kgoTeVbc\/pr:1000x1000\/aHR0cDovL21lZGlhMi5kZXNpZ25wYXJ0bmVyLmZyL2MvcC8xNDU5MS8xNDU5MS0xMjYxLTMuanBn?v=1638344248"],"large":["https:\/\/media.th4.com\/2Vhrng70dMyy2L55WH4J7Wr1F6QXAGaLr2zQcWOF1vs\/pr:1920\/aHR0cDovL21lZGlhMi5kZXNpZ25wYXJ0bmVyLmZyL2MvcC8xNDU5MS8xNDU5MS0xMjYxLTEuanBn?v=1638344248","https:\/\/media.th4.com\/PvyYSAK8am-aqajWQIS4UgjFNl4e7H_GLy7e7lHzlZs\/pr:1920\/aHR0cDovL21lZGlhMi5kZXNpZ25wYXJ0bmVyLmZyL2MvcC8xNDU5MS8xNDU5MS0xMjYxLTIuanBn?v=1638344248","https:\/\/media.th4.com\/WcYc9ssoq3A4Jr92kWQb7heazQXX8ZBb655R7ZYHCsk\/pr:1920\/aHR0cDovL21lZGlhMi5kZXNpZ25wYXJ0bmVyLmZyL2MvcC8xNDU5MS8xNDU5MS0xMjYxLTMuanBn?v=1638344248"],"opengraph":["https:\/\/media.th4.com\/iQWSrr4maibi2sTT_k4sYRuZuScoevIqfPSp5_y-7qU\/pr:1200x630\/aHR0cDovL21lZGlhMi5kZXNpZ25wYXJ0bmVyLmZyL2MvcC8xNDU5MS8xNDU5MS0xMjYxLTEuanBn?v=1638344248","https:\/\/media.th4.com\/2wqnF_mPHp6mS8W8znmBPQUK48fRadOD7_4uCJ9u7nQ\/pr:1200x630\/aHR0cDovL21lZGlhMi5kZXNpZ25wYXJ0bmVyLmZyL2MvcC8xNDU5MS8xNDU5MS0xMjYxLTIuanBn?v=1638344248","https:\/\/media.th4.com\/8qN6mifwGxSpRhILzKqJE4ED1E3LpWfeMS34nJA_mDk\/pr:1200x630\/aHR0cDovL21lZGlhMi5kZXNpZ25wYXJ0bmVyLmZyL2MvcC8xNDU5MS8xNDU5MS0xMjYxLTMuanBn?v=1638344248"]},"images_customization":{"miniature":["https:\/\/media.th4.com\/xGy3XqEMScUCUOmk78MbZe-I7ijaziMUY2Qbf_sT-6M\/pr:80\/aHR0cDovL21lZGlhMi5kZXNpZ25wYXJ0bmVyLmZyL2MvcC8xNDU5MS8xNDU5MS0xMjYxLTEuanBn?v=1638344248","https:\/\/media.th4.com\/B4_IjSOLbcWeXz8qStgPP7oBjpcikDyJYORSCaiRDfs\/pr:80\/aHR0cDovL21lZGlhMi5kZXNpZ25wYXJ0bmVyLmZyL2MvcC8xNDU5MS8xNDU5MS0xMjYxLTIuanBn?v=1638344248","https:\/\/media.th4.com\/71ETZ64PgaNMLLr3KVlFVEOwAG03KxZIll6C7poEPZM\/pr:80\/aHR0cDovL21lZGlhMi5kZXNpZ25wYXJ0bmVyLmZyL2MvcC8xNDU5MS8xNDU5MS0xMjYxLTMuanBn?v=1638344248"],"medium":["https:\/\/media.th4.com\/y6IGMQREpv9eX8VxsNDZ2vobdpOli_4hNfM6H_5E7yA\/pr:550x550\/aHR0cDovL21lZGlhMi5kZXNpZ25wYXJ0bmVyLmZyL2MvcC8xNDU5MS8xNDU5MS0xMjYxLTEuanBn?v=1638344248","https:\/\/media.th4.com\/JfJcH3AbBb9GMM_b9FzGohaFz77dSbjCxmHbdtj9b-8\/pr:550x550\/aHR0cDovL21lZGlhMi5kZXNpZ25wYXJ0bmVyLmZyL2MvcC8xNDU5MS8xNDU5MS0xMjYxLTIuanBn?v=1638344248","https:\/\/media.th4.com\/YpoR69MG9DFNltbwxHevPURgs0FphGJ-g5m2vNYUtC0\/pr:550x550\/aHR0cDovL21lZGlhMi5kZXNpZ25wYXJ0bmVyLmZyL2MvcC8xNDU5MS8xNDU5MS0xMjYxLTMuanBn?v=1638344248"],"medium_large":["https:\/\/media.th4.com\/TPEpqFCu1llLqTIw6Khoq90KA5AnaW8ft2hwR4TPSFg\/pr:1000x1000\/aHR0cDovL21lZGlhMi5kZXNpZ25wYXJ0bmVyLmZyL2MvcC8xNDU5MS8xNDU5MS0xMjYxLTEuanBn?v=1638344248","https:\/\/media.th4.com\/yko4uIInWpU9n10mb6gwJsKn--HzmMsE6U2mkUoDlqk\/pr:1000x1000\/aHR0cDovL21lZGlhMi5kZXNpZ25wYXJ0bmVyLmZyL2MvcC8xNDU5MS8xNDU5MS0xMjYxLTIuanBn?v=1638344248","https:\/\/media.th4.com\/Y4SJdaYuY-2-_2fIhqq1Bj7MY7Ejs5XvbZ4kgoTeVbc\/pr:1000x1000\/aHR0cDovL21lZGlhMi5kZXNpZ25wYXJ0bmVyLmZyL2MvcC8xNDU5MS8xNDU5MS0xMjYxLTMuanBn?v=1638344248"],"large":["https:\/\/media.th4.com\/2Vhrng70dMyy2L55WH4J7Wr1F6QXAGaLr2zQcWOF1vs\/pr:1920\/aHR0cDovL21lZGlhMi5kZXNpZ25wYXJ0bmVyLmZyL2MvcC8xNDU5MS8xNDU5MS0xMjYxLTEuanBn?v=1638344248","https:\/\/media.th4.com\/PvyYSAK8am-aqajWQIS4UgjFNl4e7H_GLy7e7lHzlZs\/pr:1920\/aHR0cDovL21lZGlhMi5kZXNpZ25wYXJ0bmVyLmZyL2MvcC8xNDU5MS8xNDU5MS0xMjYxLTIuanBn?v=1638344248","https:\/\/media.th4.com\/WcYc9ssoq3A4Jr92kWQb7heazQXX8ZBb655R7ZYHCsk\/pr:1920\/aHR0cDovL21lZGlhMi5kZXNpZ25wYXJ0bmVyLmZyL2MvcC8xNDU5MS8xNDU5MS0xMjYxLTMuanBn?v=1638344248"],"opengraph":["https:\/\/media.th4.com\/iQWSrr4maibi2sTT_k4sYRuZuScoevIqfPSp5_y-7qU\/pr:1200x630\/aHR0cDovL21lZGlhMi5kZXNpZ25wYXJ0bmVyLmZyL2MvcC8xNDU5MS8xNDU5MS0xMjYxLTEuanBn?v=1638344248","https:\/\/media.th4.com\/2wqnF_mPHp6mS8W8znmBPQUK48fRadOD7_4uCJ9u7nQ\/pr:1200x630\/aHR0cDovL21lZGlhMi5kZXNpZ25wYXJ0bmVyLmZyL2MvcC8xNDU5MS8xNDU5MS0xMjYxLTIuanBn?v=1638344248","https:\/\/media.th4.com\/8qN6mifwGxSpRhILzKqJE4ED1E3LpWfeMS34nJA_mDk\/pr:1200x630\/aHR0cDovL21lZGlhMi5kZXNpZ25wYXJ0bmVyLmZyL2MvcC8xNDU5MS8xNDU5MS0xMjYxLTMuanBn?v=1638344248"]},"country_origin":"BD","traceability":{"manufacturing_country_id":null,"weaving_country_id":null,"dyeing_country_id":null},"sizes":[{"id":5,"article_id":375313,"class_id":2,"name":"XS","on_standby":false,"stock_local":0,"stock_global":70,"multiple":1,"estimated_date_reassort":null,"is_destocking":false},{"id":3,"article_id":375314,"class_id":3,"name":"S","on_standby":false,"stock_local":0,"stock_global":91,"multiple":1,"estimated_date_reassort":null,"is_destocking":false},{"id":2,"article_id":375315,"class_id":4,"name":"M","on_standby":true,"stock_local":0,"stock_global":0,"multiple":1,"estimated_date_reassort":"2026-07-15","is_destocking":false},{"id":1,"article_id":382186,"class_id":5,"name":"L","on_standby":false,"stock_local":0,"stock_global":54,"multiple":1,"estimated_date_reassort":null,"is_destocking":false},{"id":4,"article_id":375316,"class_id":6,"name":"XL","on_standby":true,"stock_local":0,"stock_global":0,"multiple":1,"estimated_date_reassort":"2026-07-15","is_destocking":false},{"id":1116,"article_id":375317,"class_id":7,"name":"2XL","on_standby":true,"stock_local":0,"stock_global":0,"multiple":1,"estimated_date_reassort":"2026-07-15","is_destocking":false},{"id":1081,"article_id":375318,"class_id":8,"name":"3XL","on_standby":false,"stock_local":0,"stock_global":7,"multiple":1,"estimated_date_reassort":null,"is_destocking":false}],"page_links":{"fr":"\/fr\/p-ka-k6128-parka-doudoune-legere-a-capuche-homme-k6128-14591\/navy-1261\/","en":"\/en\/p-ka-k6128-lightweight-hooded-mens-k6128-down-jacket-14591\/navy-1261\/","de":"\/de\/p-ka-k6128-leichte-daunenparkajacke-mit-kapuze-fur-herren-k6128-14591\/navy-1261\/","nl":"\/nl\/p-ka-k6128-lichte-vullingjas-met-kap-voor-man-k6128-14591\/navy-1261\/","es":"\/es\/p-ka-k6128-chaqueta-acolchada-ligera-con-capucha-para-hombre-k6128-14591\/navy-1261\/","it":"\/it\/p-ka-k6128-giacca-imbottita-leggera-con-cappuccio-uomo-k6128-14591\/navy-1261\/","sv":"\/sv\/p-ka-k6128-latt-fjaderjacka-med-huva-for-man-k6128-14591\/navy-1261\/","pt":"\/pt\/p-ka-k6128-jacket-de-moletom-leve-com-capuz-homem-k6128-14591\/navy-1261\/","da":"\/da\/p-ka-k6128-lette-fyldt-parka-med-kappe-til-maend-k6128-14591\/navy-1261\/","pl":"\/pl\/p-ka-k6128-lekka-kurtka-puchowa-z-kapturkiem-dla-mezczyzn-k6128-14591\/navy-1261\/"},"page_links_customization":{"fr":"\/fr\/p-ka-k6128-parka-doudoune-legere-a-capuche-homme-k6128-personnalisation-14591\/navy-1261\/custom\/","en":"\/en\/p-ka-k6128-lightweight-hooded-mens-parka-k6128-customisation-14591\/navy-1261\/custom\/","de":"\/de\/p-ka-k6128-leichte-daunenparkajacke-mit-kapuze-fur-manner-k6128-personalisierung-14591\/navy-1261\/custom\/","nl":"\/nl\/p-ka-k6128-lichte-man-doudoune-parka-met-kap-k6128-personalisatie-14591\/navy-1261\/custom\/","es":"\/es\/p-ka-k6128-chaqueta-de-plumas-ligera-con-capucha-para-hombre-k6128-personalizacion-14591\/navy-1261\/custom\/","it":"\/it\/p-ka-k6128-giacca-imbottita-leggera-con-cappuccio-uomo-k6128-personalizzazione-14591\/navy-1261\/custom\/","sv":"\/sv\/p-ka-k6128-latt-dunjacka-med-halsduk-till-man-k6128-personlig-14591\/navy-1261\/custom\/","pt":"\/pt\/p-ka-k6128-parka-casaco-leve-com-capuz-homem-k6128-personalizacao-14591\/navy-1261\/custom\/","da":"\/da\/p-ka-k6128-lys-parka-med-haette-til-maend-k6128-tilpasning-14591\/navy-1261\/custom\/","pl":"\/pl\/p-ka-k6128-lekka-kurtka-z-kapula-dla-mezczyzn-k6128-personalizacja-14591\/navy-1261\/custom\/"}}],"documentation_link":"\/pdf\/14591.pdf","countries_availables":["AD","AE","AL","AT","BA","BD","BE","BG","BL","CA","CH","CN","CO","CY","CZ","DE","DK","DO","EE","EG","ES","ET","FI","FR","GB","GE","GF","GP","GR","GT","HK","HN","HR","HT","HU","ID","IE","IN","IS","IT","JO","JP","KE","KH","KP","KR","LA","LK","LS","LT","LU","LV","MA","MF","MG","MK","MM","MN","MQ","MT","MX","MY","NC","NI","NL","PF","PH","PK","PL","PM","PT","RE","RO","SE","SG","SI","SK","SV","SY","TH","TN","TR","TW","TZ","US","VN","WF","YT"]},"infos_customization":[],"features":{"authorize_multi_surfaces":true,"display_order_delay_type":true,"promote_surface_display":true,"tarification_franco_offert":true,"enabled_3d_editor":false},"markings":[{"id":0,"nom":"vierge","finition":null,"libelle":null,"code":null,"dpi":null,"finesse_forme_isolee":null,"finesse_forme_non_isolee":null,"hauteur_minimale_texte":null,"inactif":0,"marquage_interne":1,"quantite_min":null,"parent_id":null,"print_on_support":0,"content":"vierge","description":null},{"id":2,"nom":"fonce","finition":"optimale","libelle":"TopQuadri","code":null,"dpi":400,"finesse_forme_isolee":"0.040","finesse_forme_non_isolee":"0.700","hauteur_minimale_texte":2,"inactif":0,"marquage_interne":1,"quantite_min":null,"parent_id":18,"print_on_support":0,"content":"TopQuadri","description":"pour petites et moyennes s\u00e9ries"},{"id":3,"nom":"serigraphie","finition":"serigraphie","libelle":"SeriCoat","code":null,"dpi":400,"finesse_forme_isolee":"0.040","finesse_forme_non_isolee":"0.700","hauteur_minimale_texte":2,"inactif":0,"marquage_interne":1,"quantite_min":15,"parent_id":18,"print_on_support":0,"content":"SeriCoat","description":"pour moyennes et grandes s\u00e9ries"},{"id":4,"nom":"broderie","finition":"broderie","libelle":"Broderie","code":null,"dpi":400,"finesse_forme_isolee":"0.040","finesse_forme_non_isolee":"0.700","hauteur_minimale_texte":3,"inactif":0,"marquage_interne":1,"quantite_min":null,"parent_id":null,"print_on_support":0,"content":"Broderie","description":null},{"id":8,"nom":"theme","finition":null,"libelle":"Th\u00e8me","code":null,"dpi":null,"finesse_forme_isolee":null,"finesse_forme_non_isolee":null,"hauteur_minimale_texte":null,"inactif":0,"marquage_interne":1,"quantite_min":null,"parent_id":null,"print_on_support":0,"content":"Th\u00e8me","description":null},{"id":9,"nom":"sans","finition":null,"libelle":null,"code":null,"dpi":null,"finesse_forme_isolee":null,"finesse_forme_non_isolee":null,"hauteur_minimale_texte":null,"inactif":0,"marquage_interne":1,"quantite_min":null,"parent_id":null,"print_on_support":0,"content":"sans","description":null},{"id":10,"nom":"photo","finition":null,"libelle":"Photo","code":null,"dpi":null,"finesse_forme_isolee":null,"finesse_forme_non_isolee":null,"hauteur_minimale_texte":null,"inactif":0,"marquage_interne":1,"quantite_min":null,"parent_id":null,"print_on_support":0,"content":"Photo","description":null},{"id":14,"nom":"couleur","finition":null,"libelle":"Couleur","code":null,"dpi":null,"finesse_forme_isolee":null,"finesse_forme_non_isolee":null,"hauteur_minimale_texte":null,"inactif":0,"marquage_interne":1,"quantite_min":null,"parent_id":null,"print_on_support":0,"content":"Couleur","description":null},{"id":15,"nom":"sublimation","finition":"sublimation","libelle":"Sublimation","code":null,"dpi":null,"finesse_forme_isolee":"0.000","finesse_forme_non_isolee":"0.000","hauteur_minimale_texte":2,"inactif":0,"marquage_interne":1,"quantite_min":null,"parent_id":null,"print_on_support":0,"content":"Sublimation","description":null},{"id":16,"nom":"topquadri_uv","finition":null,"libelle":"TopQuadri UV","code":null,"dpi":null,"finesse_forme_isolee":"0.020","finesse_forme_non_isolee":"0.700","hauteur_minimale_texte":2,"inactif":0,"marquage_interne":1,"quantite_min":null,"parent_id":null,"print_on_support":1,"content":null,"description":null},{"id":17,"nom":"topquadri_uvp","finition":null,"libelle":"TopQuadri UVP","code":null,"dpi":null,"finesse_forme_isolee":"0.020","finesse_forme_non_isolee":"0.700","hauteur_minimale_texte":2,"inactif":0,"marquage_interne":1,"quantite_min":null,"parent_id":null,"print_on_support":1,"content":null,"description":null},{"id":18,"nom":"quadri","finition":null,"libelle":"Impression","code":null,"dpi":null,"finesse_forme_isolee":null,"finesse_forme_non_isolee":null,"hauteur_minimale_texte":null,"inactif":0,"marquage_interne":1,"quantite_min":null,"parent_id":null,"print_on_support":0,"content":null,"description":null}]}}