{"data":{"product":{"id":14590,"titre":"Veste matelass\u00e9e femme","description":"Ext\u00e9rieur : 100% polyester pong\u00e9. Int\u00e9rieur : 100% polyester taffetas. Fermeture zipp\u00e9e cach\u00e9e par patte pressionn\u00e9e. 2 double poches devant avec rabat pressionn\u00e9. 1 poche int\u00e9rieure. Empi\u00e8cement pressionn\u00e9 sur l'\u00e9paule. Finitions bas de manches et de v\u00eatement, coudi\u00e8res, int\u00e9rieur col et dessous du rabat de poche en velours c\u00f4tel\u00e9. 2 fentes d'aisance pressionn\u00e9es au bas du dos. Boutons pression au poignet.","genre":"femme","grammage":0,"conditionnement":10,"composition":"polyester,polyester_uniquement","reference":"ka-k6127","reference_visible":"ka-k6127","reference_fabricant":"K6127","ref_xor":"749243","in_catalog":true,"is_transfer":false,"is_service":false,"on_standby":false,"has_3d":false,"has_size_guide":false,"has_marking":true,"has_vierge":true,"is_cross_sellable":false,"id_picto":27,"filename_3d":null,"brand":{"id":25,"name":"Kariban","logo":"logo-kariban.png","image":"https:\/\/media.th4.com\/0rw9lHnnPIY5Gn0FZVsrv47tC3tEhLUIsdVYj4xy6L4\/pr:brand70x70\/aHR0cDovL21lZGlhMi5kZXNpZ25wYXJ0bmVyLmZyL2MvbS9sb2dvLWthcmliYW4ucG5n?v=1736960982"},"price_infos":{"price_from":19.37,"quantity":240,"color":{"id":16616,"name":"navy\/black"},"size":{"id":3,"name":"S"}},"price_infos_marking":{"price_from":30.43,"quantity":200,"color":{"id":16616,"name":"navy\/black"},"size":{"id":2,"name":"M"},"marking":{"id":4,"name":""},"emplacement":"avant","surface_emplacement_id":1,"surface":"coeur"},"i18n":{"blank":{"title":{"fr":"Veste matelass\u00e9e femme KARIBAN k6127","en":"Woman's padded jacket KARIBAN k6127","de":"Gef\u00fctterte Damenjacke KARIBAN k6127","nl":"Vrouwelijke gevederde jas KARIBAN k6127","es":"Chaqueta acolchada mujer KARIBAN k6127","it":"Giacca imbottita donna KARIBAN k6127","sv":"Fyllig jacka dam k6127","pt":"Jaqueta acolchoada feminina KARIBAN k6127","da":"Veste fyldt dame KARIBAN k6127","pl":"Kurtka wypchana dla kobiet KARIBAN k6127"},"description":{"fr":"Cette veste matelass\u00e9e pour femme offre une coupe classique et confortable. Elle est con\u00e7ue avec un ext\u00e9rieur en polyester pong\u00e9 et une doublure en polyester taffetas pour un confort optimal. La fermeture zipp\u00e9e est dissimul\u00e9e sous une patte pressionn\u00e9e, offrant un look \u00e9pur\u00e9. Elle dispose de deux poches doubles \u00e0 l'avant avec rabat pressionn\u00e9 et d'une poche int\u00e9rieure pour ranger vos effets personnels. Des empi\u00e8cements pressionn\u00e9s sur les \u00e9paules ajoutent une touche de style. Les finitions en velours c\u00f4tel\u00e9 sur les bas des manches, le bas du v\u00eatement, les coudi\u00e8res et l'int\u00e9rieur du col offrent un confort suppl\u00e9mentaire et un look soign\u00e9. Les fentes d'aisance pressionn\u00e9es au bas du dos permettent une plus grande libert\u00e9 de mouvement.\n\n- Ext\u00e9rieur : 100% polyester pong\u00e9\n- Int\u00e9rieur : 100% polyester taffetas\n- 2 poches avant avec rabat\n- 1 poche int\u00e9rieure","en":"This women's padded jacket offers a classic and comfortable cut. It is designed with a polyester pong\u00e9 exterior and a polyester taffeta lining for optimal comfort. The zip fastening is concealed under a snap-tab, providing a clean look. It features two double front pockets with snap-tab flaps and an interior pocket to store your personal belongings. Snap-tab gussets on the shoulders add a stylish touch. Corduroy finishes on the cuffs, hem, elbows, and inside of the collar provide additional comfort and a neat appearance. Snap-tab vents at the back hem allow for greater freedom of movement.\n\n- Exterior: 100% polyester pong\u00e9\n- Interior: 100% polyester taffeta\n- 2 front pockets with flap\n- 1 interior pocket","de":"Diese gef\u00fctterte Damenjacke bietet einen klassischen und bequemen Schnitt. Sie ist mit einem Au\u00dfenmaterial aus Polyester Frottier und einem Futter aus Polyester Taft f\u00fcr optimalen Komfort gestaltet. Der Rei\u00dfverschluss ist unter einer Knopfleiste verdeckt, was ein sauberes Aussehen bietet. Sie verf\u00fcgt \u00fcber zwei doppelte vordere Taschen mit Knopfleiste und eine Innentasche zum Verstauen Ihrer pers\u00f6nlichen Gegenst\u00e4nde. Druckknopf-Applikationen auf den Schultern verleihen einen stilvollen Akzent. Die Cordelier-Details an den Manschetten, dem Saum des Kleidungsst\u00fccks, den Ellenbogen und der Innenseite des Kragens bieten zus\u00e4tzlichen Komfort und ein gepflegtes Aussehen. Die Druckknopf-Bel\u00fcftungsschlitze am unteren R\u00fccken erm\u00f6glichen eine gr\u00f6\u00dfere Bewegungsfreiheit.\n\n- Au\u00dfenmaterial: 100% Polyester Frottier\n- Innenmaterial: 100% Polyester Taft\n- 2 vordere Taschen mit Klappe\n- 1 Innentasche","nl":"Deze gevederde jas voor vrouwen biedt een klassieke en comfortabele pasvorm. Ze is ontworpen met een buitenkant van polyester pong\u00e9 en een voering van polyester taffetas voor optimaal comfort. Het ritsluiwerk is verborgen onder een knoopplaat, waardoor een schone uitstraling ontstaat. Ze beschikt over twee dubbele voorkantzakken met een knoopplaat en een binnenzak om je spullen op te bergen. Knoopplaatdetails op de schouders voegen een stijlvolle aanraking toe. De afwerkingen in velours op de onderkant van de mouwen, de onderkant van het kledingstuk, de ellebogen en het binnenste van de kraag bieden extra comfort en een verzorgd uiterlijk. De knoopplaatknopen aan de onderkant van de rug bieden een grotere bewegingsvrijheid.","es":"Esta chaqueta acolchada para mujer ofrece un corte cl\u00e1sico y c\u00f3modo. Est\u00e1 dise\u00f1ada con un exterior de poli\u00e9ster pong\u00e9 y un forro de poli\u00e9ster tafet\u00e1n para un confort \u00f3ptimo. El cierre cremallera est\u00e1 oculto bajo una solapa presionada, ofreciendo un aspecto limpio. Dispone de dos bolsillos dobles en la parte delantera con solapa presionada y un bolsillo interior para guardar sus pertenencias. Los refuerzos presionados en los hombros a\u00f1aden un toque de estilo. Los acabados en terciopelo de cord\u00f3n en las mu\u00f1ecas, el bajo del vestido, los codos y el interior del cuello ofrecen un confort adicional y un aspecto cuidado. Las aberturas presionadas de libertad de movimiento en la parte inferior de la espalda permiten una mayor libertad de movimiento.\n\n- Exterior: 100% poli\u00e9ster pong\u00e9\n- Interior: 100% poli\u00e9ster tafet\u00e1n\n- 2 bolsillos delanteros con solapa\n- 1 bolsillo interior","it":"Questa giacca imbottita per donna offre un taglio classico e confortevole. \u00c8 progettata con un esterno in poliestere pong\u00e9 e una fodera in poliestere taffet\u00e0 per un comfort ottimale. La chiusura zip \u00e8 nascosta sotto un lembo pressato, offrendo un look pulito. Disponde di due tasche doppie davanti con lembo pressato e di una tasca interna per riporre i tuoi effetti personali. Gli inserti pressati sulle spalle aggiungono un tocco di stile. Le finiture in velluto a coste sui polsini, l'orlo del vestito, i gomiti e l'interno del collo offrono un comfort aggiuntivo e un look curato. Le fenditure di comfort pressate in basso sulla schiena permettono una maggiore libert\u00e0 di movimento.\n\n- Esterno : 100% poliestere pong\u00e9\n- Interno : 100% poliestere taffet\u00e0\n- 2 tasche davanti con lembo\n- 1 tasca interna","sv":"Denna fyllda jacka f\u00f6r damer erbjuder en klassisk och bekv\u00e4m sk\u00e4rning. Den \u00e4r konstruerad med ett yttre lager i polyester pong\u00e9 och ett foder i polyester taffeta f\u00f6r optimal komfort. Zippl\u00e5set \u00e4r dolt under en tryckknappsflik, vilket ger ett snyggt utseende. Den har tv\u00e5 dubbla fickor p\u00e5 framsidan med tryckknappslock och en inre ficka f\u00f6r att f\u00f6rvara dina personliga tillh\u00f6righeter. Tryckknappsdetaljer p\u00e5 axlarna l\u00e4gger till en stilren touch. Detaljer i corduroy p\u00e5 \u00e4rmarnas underkant, kl\u00e4dselns underkant, armb\u00e5garna och insidan av kraven ger extra komfort och ett v\u00e5rdat utseende. Tryckknappsventilations\u00f6ppningar p\u00e5 kl\u00e4dselns baksida underl\u00e4ttar st\u00f6rre r\u00f6relsefrihet.","pt":"Esta jaqueta acolchoada para mulher oferece um corte cl\u00e1ssico e confort\u00e1vel. Ela \u00e9 projetada com um exterior em poli\u00e9ster pong\u00ea e um forro em poli\u00e9ster tafet\u00e1 para conforto \u00f3timo. O fechamento z\u00edper \u00e9 escondido sob uma aba pressionada, oferecendo um visual limpo. Possui dois bolsos duplos na frente com aba pressionada e um bolso interno para guardar seus itens pessoais. Emendas pressionadas nos ombros adicionam um toque de estilo. Os acabamentos em veludo cotel\u00ea nas extremidades das mangas, na parte inferior da pe\u00e7a, nos cotovelos e no interior do colarinho oferecem conforto adicional e um visual arrumado. As fendas de liberdade pressionadas na parte inferior das costas permitem maior liberdade de movimento.\n\n- Exterior: 100% poli\u00e9ster pong\u00ea\n- Interior: 100% poli\u00e9ster tafet\u00e1\n- 2 bolsos na frente com aba\n- 1 bolso interno","da":"Denne fyldte veste til dame tilbyder en klassisk og komfortabel sk\u00e6ring. Den er designet med et ydre af polyester pong\u00e9 og et foder af polyester taffetas for optimal komfort. Lommen er skjult under en knap. Den har to dobbelte lommer foran med knap og en indre lomme til opbevaring af dine personlige ejendele. Knapdetaljer p\u00e5 skulderne tilf\u00f8jer en stilfuld touch. Afslutningerne i rynket velour p\u00e5 underarmene, nederste af t\u00f8jet, albuerne og indersiden af kraven tilf\u00f8jer ekstra komfort og et p\u00e6nt udseende. Knapfrit forbedringsdetaljer i nederste af ryggen giver st\u00f8rre frihed i bev\u00e6gelse.\n\n- Ydre: 100% polyester pong\u00e9\n- Indre: 100% polyester taffetas\n- 2 forlommer med klap\n- 1 indre lomme","pl":"Ta kurtka wypchana dla kobiet oferuje klasyczny i komfortowy kroj. Jest wykonana z zewn\u0119trzn\u0105 cz\u0119\u015bci\u0105 z poliestru pong\u00e9 i wy\u015bci\u00f3\u0142k\u0105 z poliestru taffetas dla optymalnego komfortu. Zamek z zameczkiem jest ukryty pod klap\u0105, co daje elegancki wygl\u0105d. Ma dwie przednie kieszenie z klapami i kiesze\u0144 wewn\u0119trzn\u0105 do przechowywania swoich rzeczy. Emballages z klapami na ramionach dodaj\u0105 stylu. Welnowe detale na dole r\u0119kaw\u00f3w, dole ubrania, \u0142okci i wewn\u0105trz ko\u0142nierza zapewniaj\u0105 dodatkowy komfort i elegancki wygl\u0105d. Klapy z klapami na dole plec\u00f3w pozwalaj\u0105 na wi\u0119ksz\u0105 swobod\u0119 ruch\u00f3w.\n\n- Zewn\u0119trzna cz\u0119\u015b\u0107: 100% polester pong\u00e9\n- Wewn\u0119trzna cz\u0119\u015b\u0107: 100% polester taffetas\n- 2 przednie kieszenie z klap\u0105\n- 1 kiesze\u0144 wewn\u0119trzna"},"h1":{"fr":"Veste matelass\u00e9e femme k6127","en":"Woman's padded jacket k6127","de":"Gef\u00fctterte Damenjacke k6127","nl":"Vrouwelijke gevederde jas k6127","es":"Chaqueta acolchada mujer k6127","it":"Giacca imbottita donna k6127","sv":"Fyllig jacka dam k6127","pt":"Jaqueta acolchoada feminina k6127","da":"Veste fyldt dame k6127","pl":"Kurtka wypchana dla kobiet k6127"},"meta_description":{"fr":"Veste matelass\u00e9e femme. Coupe classique, fermeture zipp\u00e9e dissimul\u00e9e, poches pratiques et d\u00e9tails en velours c\u00f4tel\u00e9. Id\u00e9ale pour un look casual.","en":"Women's padded jacket. Classic cut, concealed zip fastening, practical pockets and corduroy details. Ideal for a casual look.","de":"Gef\u00fctterte Damenjacke. Klassischer Schnitt, verdeckter Rei\u00dfverschluss, praktische Taschen und Cordelier-Details. Ideal f\u00fcr einen l\u00e4ssigen Look.","nl":"Vrouwelijke gevederde jas. Klassieke pasvorm, verborgen ritsluiwerk, praktische zakken en veloursdetails. Ideaal voor een casual look.","es":"Chaqueta acolchada mujer. Corte cl\u00e1sico, cierre cremallera oculto, bolsillos pr\u00e1cticos y detalles en terciopelo de cord\u00f3n. Ideal para un look casual.","it":"Giacca imbottita donna. Taglio classico, chiusura zip nascosta, tasche pratiche e dettagli in velluto a coste. Ideale per un look casual.","sv":"Fyllig jacka dam. Klassisk sk\u00e4rning, g\u00f6md zippl\u00e5sning, praktiska fickor och detaljer i corduroy. Idealiskt f\u00f6r ett casual utseende.","pt":"Jaqueta acolchoada feminina. Corte cl\u00e1ssico, fechamento z\u00edper escondido, bolsos pr\u00e1ticos e detalhes em veludo cotel\u00ea. Ideal para um visual casual.","da":"Veste fyldt dame. Klassisk sk\u00e6ring, skjult zip, praktiske lommer og detaljer i rynket velour. Ideel til et casual look.","pl":"Kurtka wypchana dla kobiet. Klasyczny kroju, ukryte zamkni\u0119cie z zameczkiem, praktyczne kieszenie i detale z welnu kordonowego. Idealna do stylu casual."}},"custom":{"title":{"fr":"Veste matelass\u00e9e femme Blouson parka polyester velours KARIBAN personnalisation k6127","en":"Padded women's jacket parka polyester velour KARIBAN customization k6127","de":"Damen Daunenjacke Blouson Parka aus Polyester Velours KARIBAN Individualisierung k6127","nl":"Gevulde jassen vrouw parka blouson polyester velours KARIBAN personalisatie k6127","es":"Chaqueta acolchada para mujer Chaqueta parka de poli\u00e9ster terciopelo KARIBAN personalizaci\u00f3n k6127","it":"Giacca imbottita da donna Giacca parka in poliestere velluto KARIBAN personalizzazione k6127","sv":"Vadmadrasjacka dam Blouson parka polyester velour KARIBAN personalisering k6127","pt":"Jaqueta acolchoada feminina jaqueta parka poli\u00e9ster veludo KARIBAN personaliza\u00e7\u00e3o k6127","da":"Dammejakke fyldt blouson parka polyester velour KARIBAN tilpasning k6127","pl":"Kurtka matowa dla kobiet bluzon parka z poliestru weluru KARIBAN personalizacja k6127"},"description":{"fr":"Veste matelass\u00e9e femme, blouson parka en polyester velours offrant confort et chaleur. L'ext\u00e9rieur est compos\u00e9 \u00e0 100% de polyester pong\u00e9, tandis que l'int\u00e9rieur est en 100% polyester taffetas. Elle dispose d'une fermeture zipp\u00e9e dissimul\u00e9e sous une patte pressionn\u00e9e, ainsi que de deux poches doubles \u00e0 l'avant avec rabat pressionn\u00e9 et d'une poche int\u00e9rieure. Des empi\u00e8cements pressionn\u00e9s sur les \u00e9paules et des finitions en velours c\u00f4tel\u00e9 sur les bas de manches, le bas du v\u00eatement, les coudi\u00e8res, l'int\u00e9rieur du col et le dessous du rabat de poche ajoutent une touche d'\u00e9l\u00e9gance. Deux fentes d'aisance pressionn\u00e9es au bas du dos assurent une libert\u00e9 de mouvement optimale. Les boutons pression aux poignets permettent un ajustement personnalis\u00e9. Ce mod\u00e8le offre la possibilit\u00e9 de personnalisation en broderie, permettant d'ajouter votre logo ou votre visuel.\n\n- Ext\u00e9rieur : 100% polyester pong\u00e9\n- Int\u00e9rieur : 100% polyester taffetas\n- 2 poches doubles avec rabat pressionn\u00e9\n- 1 poche int\u00e9rieure\n- Empi\u00e8cement pressionn\u00e9 sur l'\u00e9paule\n- Finitions velours c\u00f4tel\u00e9\n- 2 fentes d'aisance pressionn\u00e9es\n- Boutons pression aux poignets","en":"Women's padded jacket, parka in polyester velour offering comfort and warmth. The exterior is made of 100% polyester pong\u00e9, while the interior is made of 100% polyester taffeta. It features a concealed zipper hidden under a flap, as well as two double front pockets with a flap and a press-stud, and an inner pocket. Press-stud reinforcements on the shoulders and corduroy finishes on the cuffs, the bottom of the garment, the elbows, the inside of the collar, and the underside of the pocket flap add a touch of elegance. Two press-stud vents at the bottom of the back ensure optimal freedom of movement. The press-stud fasteners at the wrists allow for personalized adjustment. This model offers the possibility of customization with embroidery, allowing you to add your logo or your design.","de":"Damen Daunenjacke, Blouson Parka aus Polyester Velours, der Komfort und W\u00e4rme bietet. Das \u00c4u\u00dfere besteht zu 100% aus Polyester Pong\u00e9, w\u00e4hrend das Innere aus 100% Polyester Taffet besteht. Sie verf\u00fcgt \u00fcber einen verdeckten Rei\u00dfverschluss unter einer Druckknopfklappe sowie \u00fcber zwei doppelten Vordertaschen mit Druckknopfklappen und eine Innentasche. Druckknopfverst\u00e4rkungen auf den Schultern und Velourscord-Einfassungen an den \u00c4rmelenden, am Saum des Kleidungsst\u00fccks, an den Ellenbogen, im Inneren des Kragens und unter der Taschenklappe verleihen einen eleganten Akzent. Zwei Druckknopfverst\u00e4rkungen am unteren R\u00fccken erm\u00f6glichen eine optimale Bewegungsfreiheit. Die Druckkn\u00f6pfe an den Handgelenken erm\u00f6glichen eine individuelle Anpassung. Dieses Modell bietet die M\u00f6glichkeit der Individualisierung durch Stickerei, um Ihr Logo oder Ihr visuelles Element hinzuzuf\u00fcgen.\n\n- \u00c4u\u00dferes: 100% Polyester Pong\u00e9\n- Inneres: 100% Polyester Taffet\n- 2 doppelten Taschen mit Druckknopfklappen\n- 1 Innentasche\n- Druckknopfverst\u00e4rkung an der Schulter\n- Velourscord-Einfassungen\n- 2 Druckknopfverst\u00e4rkungen\n- Druckkn\u00f6pfe an den Handgelenken","nl":"Gevulde jassen vrouw, parka blouson van polyester velours die comfort en warmte biedt. Het buitenmateriaal bestaat uit 100% polyester pong\u00e9, terwijl het binnenmateriaal 100% polyester taffetas is. Het heeft een verborgen ritssluiting onder een knoppenflap, evenals twee dubbele voorzakken met een knoppenflap en een binnenzak. Knopflappen op de schouders en kaneelveloursafwerkingen op de mouwbanden, de onderkant van het kledingstuk, de ellebogen, het binnenste van de kraag en de onderkant van de zaklap voegen een elegante touch toe. Twee drukknopflappen aan de onderkant van de rug zorgen voor optimale beweeglijkheid. De drukknopen aan de polsen bieden een aangepaste pasvorm. Dit model biedt de mogelijkheid tot personalisatie door borduurwerk, zodat u uw logo of visuele weergave kunt toevoegen.\n\n- Buitenmateriaal: 100% polyester pong\u00e9\n- Binnenmateriaal: 100% polyester taffetas\n- 2 dubbele zakken met knoppenflap\n- 1 binnenzak\n- Knopflap op de schouder\n- Kaneelveloursafwerkingen\n- 2 drukknopflappen\n- Drukknopen aan de polsen","es":"Chaqueta acolchada para mujer, chaqueta parka de poli\u00e9ster terciopelo que ofrece confort y calor. El exterior est\u00e1 compuesto por 100% de poli\u00e9ster pong\u00e9, mientras que el interior es de 100% de poli\u00e9ster tafet\u00e1n. Cuenta con una cremallera oculta bajo una solapa con broche, as\u00ed como dos bolsillos dobles en la parte delantera con solapa con broche y un bolsillo interior. Los refuerzos con broche en los hombros y los acabados en terciopelo acanalado en las mangas, el dobladillo de la prenda, los codos, el interior del cuello y el interior de la solapa del bolsillo a\u00f1aden un toque de elegancia. Dos aberturas de comodidad con broche en la parte inferior de la espalda aseguran una libertad de movimiento \u00f3ptima. Los botones con broche en las mu\u00f1ecas permiten un ajuste personalizado. Este modelo ofrece la posibilidad de personalizaci\u00f3n con bordado, permitiendo a\u00f1adir su logo o su dise\u00f1o.","it":"Giacca imbottita da donna, giacca parka in poliestere velluto che offre comfort e calore. L'esterno \u00e8 composto al 100% di poliestere pong\u00e9, mentre l'interno \u00e8 in poliestere taffet\u00e0 al 100%. Ha una chiusura lampo nascosta sotto un lembo abbottonato, due tasche doppie con lembo abbottonato sul davanti e una tasca interna. Gli inserti abbottonati sulle spalle e le rifiniture in velluto a coste sui polsini, l'orlo del vestito, i gomiti, l'interno del colletto e sotto il lembo della tasca aggiungono un tocco di eleganza. Due fessure abbottonate sulla schiena garantiscono la massima libert\u00e0 di movimento. I bottoni a pressione ai polsi permettono un regolamento personalizzato. Questo modello offre la possibilit\u00e0 di personalizzazione con ricamo, permettendo di aggiungere il proprio logo o visuale.","sv":"Vadmadrasjacka dam, blouson parka i polyester velour som erbjuder komfort och v\u00e4rme. Yttermaterialet best\u00e5r till 100% av polyester pong\u00e9, medan insidan \u00e4r i 100% polyester taffetas. Den har en dold zippst\u00e4ngning under en kn\u00e4pplockad flik samt tv\u00e5 dubbla framsidiga fickor med kn\u00e4pplockade lock och en inre ficka. Kn\u00e4pplockade inf\u00e4stningar p\u00e5 axlarna och velourkantade detaljer p\u00e5 \u00e4rmarnas nedre del, botten av kl\u00e4dseln, armb\u00e5garna, insidan av kragen och undersidan av ficklocken l\u00e4gger till en elegansk touch. Tv\u00e5 kn\u00e4pplockade slitsar i botten av ryggen s\u00e4kerst\u00e4ller maximal r\u00f6relsefrihet. Kn\u00e4pplockarna vid handlederna m\u00f6jligg\u00f6r en anpassad passform. Denna modell erbjuder m\u00f6jlighet till personligg\u00f6rande med broderi, vilket g\u00f6r det m\u00f6jligt att l\u00e4gga till din logotyp eller din bild.\n\n- Yttermaterial: 100% polyester pong\u00e9\n- Innesida: 100% polyester taffetas\n- 2 dubbla fickor med kn\u00e4pplockade lock\n- 1 inre ficka\n- Kn\u00e4pplockad inf\u00e4stning p\u00e5 axeln\n- Velourkantade detaljer\n- 2 kn\u00e4pplockade slitsar\n- Kn\u00e4pplock vid handlederna","pt":"Jaqueta acolchoada feminina, jaqueta parka em poli\u00e9ster veludo oferecendo conforto e calor. O exterior \u00e9 composto por 100% de poli\u00e9ster pong\u00e9, enquanto o interior \u00e9 de 100% poli\u00e9ster tafet\u00e1. Ela possui um fecho z\u00edper dissimulado sob uma aba pressionada, al\u00e9m de duas bolsas duplas na frente com aba pressionada e uma bolsa interna. Acabamentos em veludo felpudo nos punhos, na parte inferior da roupa, nos cotovelos, no interior do colarinho e na parte inferior da aba da bolsa adicionam um toque de eleg\u00e2ncia. Duas aberturas de conforto pressionadas na parte inferior das costas garantem uma liberdade de movimento \u00f3tima. Os bot\u00f5es de press\u00e3o nos punhos permitem um ajuste personalizado. Este modelo oferece a possibilidade de personaliza\u00e7\u00e3o com bordado, permitindo adicionar seu logotipo ou seu visual.","da":"Dammejakke fyldt blouson parka i polyester velour der tilbyder komfort og varme. Udsiden er lavet af 100% polyester pong\u00e9, mens indersiden er i 100% polyester taffetas. Den har en lukket zip, der er skjult under en trykknap, samt to dobbelte forpoker med trykknap og en indre lomme. Trykknap p\u00e5 skulderne og velourkant p\u00e5 \u00e6rmerne, nederste del af jakken, albuerne, indersiden af kraven og under lommeklappen tilf\u00f8jer en elegant note. To trykknap i nederste del af ryggen sikrer optimal bev\u00e6gelighed. Trykknapper p\u00e5 h\u00e5ndledene giver en personlig tilpasning. Dette model tilbyder mulighed for tilpasning med broderi, s\u00e5 du kan tilf\u00f8je dit logo eller dit billede.","pl":"Kurtka matowa dla kobiet bluzon parka z poliestru weluru zapewnia komfort i ciep\u0142o. Zewn\u0119trzna cz\u0119\u015b\u0107 jest wykonana w 100% z poliestru pong\u00e9, natomiast wewn\u0119trzna cz\u0119\u015b\u0107 jest wykonana w 100% z poliestru taftetu. Dysponuje ukryt\u0105 zamek b\u0142yskawiczny pod klap\u0105 z guzikami, a tak\u017ce dwoma dwuwarstwowymi kieszeniami z klapami na przedzie oraz jednym kieszeniem wewn\u0119trznym. Dodatkowe elementy z guzikami na ramionach oraz wyko\u0144czenia z weluru kostkowanego na dolnych ko\u0144cach r\u0119kaw\u00f3w, dolnej cz\u0119\u015bci ubrania, \u0142okciach, wewn\u0119trznej cz\u0119\u015bci ko\u0142nierza i spodzie klapy kieszeni dodaj\u0105 elegancji. Dwa wyci\u0119cia z guzikami na dole plec\u00f3w zapewniaj\u0105 optymaln\u0105 swobod\u0119 ruchu. Guziki na mankietach pozwalaj\u0105 na dostosowanie do indywidualnych potrzeb. Ten model oferuje mo\u017cliwo\u015b\u0107 personalizacji poprzez haft, pozwalaj\u0105c doda\u0107 sw\u00f3j logo lub wizual."},"h1":{"fr":"Veste matelass\u00e9e femme Blouson parka polyester velours personnalisation k6127","en":"Padded women's jacket parka polyester velour customization k6127","de":"Damen Daunenjacke Blouson Parka aus Polyester Velours Individualisierung k6127","nl":"Gevulde jassen vrouw parka blouson polyester velours personalisatie k6127","es":"Chaqueta acolchada para mujer Chaqueta parka de poli\u00e9ster terciopelo personalizaci\u00f3n k6127","it":"Giacca imbottita da donna Giacca parka in poliestere velluto personalizzazione k6127","sv":"Vadmadrasjacka dam Blouson parka polyester velour personalisering k6127","pt":"Jaqueta acolchoada feminina jaqueta parka poli\u00e9ster veludo personaliza\u00e7\u00e3o k6127","da":"Dammejakke fyldt blouson parka polyester velour tilpasning k6127","pl":"Kurtka matowa dla kobiet bluzon parka z poliestru weluru personalizacja k6127"},"meta_description":{"fr":"Veste matelass\u00e9e femme, blouson parka en polyester velours. Personnalisable en broderie. Id\u00e9al pour afficher votre logo ou votre visuel.","en":"Women's padded jacket, parka in polyester velour. Customizable with embroidery. Ideal for displaying your logo or your design.","de":"Damen Daunenjacke, Blouson Parka aus Polyester Velours. Individualisierbar durch Stickerei. Ideal zum Anzeigen Ihres Logos oder Ihres visuellen Elements.","nl":"Gevulde jassen vrouw, parka blouson van polyester velours. Aanspreekbaar voor borduurwerk. Ideaal om uw logo of visuele weergave te tonen.","es":"Chaqueta acolchada para mujer, chaqueta parka de poli\u00e9ster terciopelo. Personalizable con bordado. Ideal para mostrar su logo o su dise\u00f1o.","it":"Giacca imbottita da donna, giacca parka in poliestere velluto. Personalizzabile con ricamo. Ideale per mostrare il proprio logo o visuale.","sv":"Vadmadrasjacka dam, blouson parka i polyester velour. Personliggjord med broderi. Idealisk f\u00f6r att visa din logotyp eller din bild.","pt":"Jaqueta acolchoada feminina, jaqueta parka em poli\u00e9ster veludo. Personaliz\u00e1vel com bordado. Ideal para exibir seu logotipo ou seu visual.","da":"Dammejakke fyldt blouson parka i polyester velour. Kan tilpasses med broderi. Ideel til at vise dit logo eller dit billede.","pl":"Kurtka matowa dla kobiet bluzon parka z poliestru weluru. Mo\u017cliwa do personalizacji przez haft. Idealne do wy\u015bwietlenia swojego logo lub wizualu."}}},"categories":[{"id":301,"name":"Parkas et blousons","singular":"Parka et blouson","is_feminin":false},{"id":13,"name":"Vestes et manteaux","singular":"Veste et manteau","is_feminin":true},{"id":354,"name":"Textile","singular":"Textile","is_feminin":false}],"certifications":[{"id":1,"label":"OEKO-TEX 100","logo_link":"\/images\/certifications\/1_OEKO-TEX_100.jpg","is_marking_compatible":false}],"videos":{"fr":[],"en":[],"de":[],"nl":[],"es":[],"it":[],"sv":[],"pt":[],"da":[],"pl":[]},"main_images":{"miniature":"https:\/\/media.th4.com\/sJoPM1yd36RuUYzEn23Ec9hUaXwnDRuDltIh2dOsG5w\/pr:80\/aHR0cDovL21lZGlhMi5kZXNpZ25wYXJ0bmVyLmZyL2MvcC1NVC8xNDU5MC5qcGc?v=1670844132","medium":"https:\/\/media.th4.com\/AMAA2DXpPXvYB6AU0I5ANJs5-tZLgrzf9nsTnsV6kM4\/pr:550x550greybg\/aHR0cDovL21lZGlhMi5kZXNpZ25wYXJ0bmVyLmZyL2MvcC1NVC8xNDU5MC5qcGc?v=1670844132","medium_large":"https:\/\/media.th4.com\/qgAZ5mQIv6jWeqkjHNWV3TdCzjK6zQhRloh8DJppQc4\/pr:1000x1000greybg\/aHR0cDovL21lZGlhMi5kZXNpZ25wYXJ0bmVyLmZyL2MvcC1NVC8xNDU5MC5qcGc?v=1670844132","large":"https:\/\/media.th4.com\/bLspqAk7KhdYek_GR1-8R5O45AMzUIkiPguZrFJqUDU\/pr:1920greybg\/aHR0cDovL21lZGlhMi5kZXNpZ25wYXJ0bmVyLmZyL2MvcC1NVC8xNDU5MC5qcGc?v=1670844132","opengraph":"https:\/\/media.th4.com\/iPDBwDMUXyz20CpjBzagQHNkjKG1Z4QB0PBWik9XX7U\/pr:1200x630greybg\/aHR0cDovL21lZGlhMi5kZXNpZ25wYXJ0bmVyLmZyL2MvcC1NVC8xNDU5MC5qcGc?v=1670844132"},"main_images_customization":{"miniature":"https:\/\/media.th4.com\/sJoPM1yd36RuUYzEn23Ec9hUaXwnDRuDltIh2dOsG5w\/pr:80\/aHR0cDovL21lZGlhMi5kZXNpZ25wYXJ0bmVyLmZyL2MvcC1NVC8xNDU5MC5qcGc?v=1670844132","medium":"https:\/\/media.th4.com\/AMAA2DXpPXvYB6AU0I5ANJs5-tZLgrzf9nsTnsV6kM4\/pr:550x550greybg\/aHR0cDovL21lZGlhMi5kZXNpZ25wYXJ0bmVyLmZyL2MvcC1NVC8xNDU5MC5qcGc?v=1670844132","medium_large":"https:\/\/media.th4.com\/qgAZ5mQIv6jWeqkjHNWV3TdCzjK6zQhRloh8DJppQc4\/pr:1000x1000greybg\/aHR0cDovL21lZGlhMi5kZXNpZ25wYXJ0bmVyLmZyL2MvcC1NVC8xNDU5MC5qcGc?v=1670844132","large":"https:\/\/media.th4.com\/bLspqAk7KhdYek_GR1-8R5O45AMzUIkiPguZrFJqUDU\/pr:1920greybg\/aHR0cDovL21lZGlhMi5kZXNpZ25wYXJ0bmVyLmZyL2MvcC1NVC8xNDU5MC5qcGc?v=1670844132","opengraph":"https:\/\/media.th4.com\/iPDBwDMUXyz20CpjBzagQHNkjKG1Z4QB0PBWik9XX7U\/pr:1200x630greybg\/aHR0cDovL21lZGlhMi5kZXNpZ25wYXJ0bmVyLmZyL2MvcC1NVC8xNDU5MC5qcGc?v=1670844132"},"page_links":{"fr":"\/fr\/p-ka-k6127-veste-matelassee-femme-k6127-14590\/","en":"\/en\/p-ka-k6127-womans-padded-jacket-k6127-14590\/","de":"\/de\/p-ka-k6127-gefutterte-damenjacke-k6127-14590\/","nl":"\/nl\/p-ka-k6127-vrouwelijke-gevederde-jas-k6127-14590\/","es":"\/es\/p-ka-k6127-chaqueta-acolchada-mujer-k6127-14590\/","it":"\/it\/p-ka-k6127-giacca-imbottita-donna-k6127-14590\/","sv":"\/sv\/p-ka-k6127-fyllig-jacka-dam-k6127-14590\/","pt":"\/pt\/p-ka-k6127-jaqueta-acolchoada-feminina-k6127-14590\/","da":"\/da\/p-ka-k6127-veste-fyldt-dame-k6127-14590\/","pl":"\/pl\/p-ka-k6127-kurtka-wypchana-dla-kobiet-k6127-14590\/"},"page_links_customization":{"fr":"\/fr\/p-ka-k6127-veste-matelassee-femme-blouson-parka-polyester-velours-personnalisation-k6127-14590\/custom\/","en":"\/en\/p-ka-k6127-padded-womens-jacket-parka-polyester-velour-customization-k6127-14590\/custom\/","de":"\/de\/p-ka-k6127-damen-daunenjacke-blouson-parka-aus-polyester-velours-individualisierung-k6127-14590\/custom\/","nl":"\/nl\/p-ka-k6127-gevulde-jassen-vrouw-parka-blouson-polyester-velours-personalisatie-k6127-14590\/custom\/","es":"\/es\/p-ka-k6127-chaqueta-acolchada-para-mujer-chaqueta-parka-de-poliester-terciopelo-personalizacion-k6127-14590\/custom\/","it":"\/it\/p-ka-k6127-giacca-imbottita-da-donna-giacca-parka-in-poliestere-velluto-personalizzazione-k6127-14590\/custom\/","sv":"\/sv\/p-ka-k6127-vadmadrasjacka-dam-blouson-parka-polyester-velour-personalisering-k6127-14590\/custom\/","pt":"\/pt\/p-ka-k6127-jaqueta-acolchoada-feminina-jaqueta-parka-poliester-veludo-personalizacao-k6127-14590\/custom\/","da":"\/da\/p-ka-k6127-dammejakke-fyldt-blouson-parka-polyester-velour-tilpasning-k6127-14590\/custom\/","pl":"\/pl\/p-ka-k6127-kurtka-matowa-dla-kobiet-bluzon-parka-z-poliestru-weluru-personalizacja-k6127-14590\/custom\/"},"equivalent_products":[14589],"colors":[{"id":16616,"name":"navy\/black","class_ids":[2,4],"codes_hexa":["012942","1a1a18"],"delai_24":false,"has_3d":false,"seuil_global":0,"stock_local":0,"stock_global":1704,"on_standby":false,"in_catalog":true,"images":{"miniature":["https:\/\/media.th4.com\/gtodHg3cfykGhcrBh25U-t66Ciz5BPEPdp6ShYb8Kqo\/pr:80\/aHR0cDovL21lZGlhMi5kZXNpZ25wYXJ0bmVyLmZyL2MvcC8xNDU5MC8xNDU5MC0xNjYxNi0xLmpwZw?v=1638344247","https:\/\/media.th4.com\/KU3NlDE8bBPDiJZiCkm3MHsrg3AXBskLohasqHEH5OQ\/pr:80\/aHR0cDovL21lZGlhMi5kZXNpZ25wYXJ0bmVyLmZyL2MvcC8xNDU5MC8xNDU5MC0xNjYxNi0yLmpwZw?v=1638344247"],"medium":["https:\/\/media.th4.com\/_hL52A5YXd2F6hT-9ninI4MeCwqZbQqiF6phy7GTFMg\/pr:550x550\/aHR0cDovL21lZGlhMi5kZXNpZ25wYXJ0bmVyLmZyL2MvcC8xNDU5MC8xNDU5MC0xNjYxNi0xLmpwZw?v=1638344247","https:\/\/media.th4.com\/lg1Q3RCMJUM37OwqtLb_fND89d1dYMXYDt1-o5ZEaLw\/pr:550x550\/aHR0cDovL21lZGlhMi5kZXNpZ25wYXJ0bmVyLmZyL2MvcC8xNDU5MC8xNDU5MC0xNjYxNi0yLmpwZw?v=1638344247"],"medium_large":["https:\/\/media.th4.com\/NOXesVykznFcPkBUB69qaA1bXRaJRG01tIvuDUb--Fc\/pr:1000x1000\/aHR0cDovL21lZGlhMi5kZXNpZ25wYXJ0bmVyLmZyL2MvcC8xNDU5MC8xNDU5MC0xNjYxNi0xLmpwZw?v=1638344247","https:\/\/media.th4.com\/7i7v5vR27192BzDyvGKkIrllkDza1vi9yrGbAWKrCxE\/pr:1000x1000\/aHR0cDovL21lZGlhMi5kZXNpZ25wYXJ0bmVyLmZyL2MvcC8xNDU5MC8xNDU5MC0xNjYxNi0yLmpwZw?v=1638344247"],"large":["https:\/\/media.th4.com\/b0tTYftjbGui571bvgBQZyziGfpqTiyL-iCLpDOk_6I\/pr:1920\/aHR0cDovL21lZGlhMi5kZXNpZ25wYXJ0bmVyLmZyL2MvcC8xNDU5MC8xNDU5MC0xNjYxNi0xLmpwZw?v=1638344247","https:\/\/media.th4.com\/bYYJcV2iVBa1vMQ0jDNcIZcsYK9sQBDfAUJWCAz6tRY\/pr:1920\/aHR0cDovL21lZGlhMi5kZXNpZ25wYXJ0bmVyLmZyL2MvcC8xNDU5MC8xNDU5MC0xNjYxNi0yLmpwZw?v=1638344247"],"opengraph":["https:\/\/media.th4.com\/lFRZmmqLRLvPfkbxl-OL1s2G1jDeaeVFj3LAjvKCs1s\/pr:1200x630\/aHR0cDovL21lZGlhMi5kZXNpZ25wYXJ0bmVyLmZyL2MvcC8xNDU5MC8xNDU5MC0xNjYxNi0xLmpwZw?v=1638344247","https:\/\/media.th4.com\/RAxRBCLyOZGO6ZyxbubvlnELP_tBW8fLx4aMaGbGGaQ\/pr:1200x630\/aHR0cDovL21lZGlhMi5kZXNpZ25wYXJ0bmVyLmZyL2MvcC8xNDU5MC8xNDU5MC0xNjYxNi0yLmpwZw?v=1638344247"]},"images_customization":{"miniature":["https:\/\/media.th4.com\/gtodHg3cfykGhcrBh25U-t66Ciz5BPEPdp6ShYb8Kqo\/pr:80\/aHR0cDovL21lZGlhMi5kZXNpZ25wYXJ0bmVyLmZyL2MvcC8xNDU5MC8xNDU5MC0xNjYxNi0xLmpwZw?v=1638344247","https:\/\/media.th4.com\/KU3NlDE8bBPDiJZiCkm3MHsrg3AXBskLohasqHEH5OQ\/pr:80\/aHR0cDovL21lZGlhMi5kZXNpZ25wYXJ0bmVyLmZyL2MvcC8xNDU5MC8xNDU5MC0xNjYxNi0yLmpwZw?v=1638344247"],"medium":["https:\/\/media.th4.com\/_hL52A5YXd2F6hT-9ninI4MeCwqZbQqiF6phy7GTFMg\/pr:550x550\/aHR0cDovL21lZGlhMi5kZXNpZ25wYXJ0bmVyLmZyL2MvcC8xNDU5MC8xNDU5MC0xNjYxNi0xLmpwZw?v=1638344247","https:\/\/media.th4.com\/lg1Q3RCMJUM37OwqtLb_fND89d1dYMXYDt1-o5ZEaLw\/pr:550x550\/aHR0cDovL21lZGlhMi5kZXNpZ25wYXJ0bmVyLmZyL2MvcC8xNDU5MC8xNDU5MC0xNjYxNi0yLmpwZw?v=1638344247"],"medium_large":["https:\/\/media.th4.com\/NOXesVykznFcPkBUB69qaA1bXRaJRG01tIvuDUb--Fc\/pr:1000x1000\/aHR0cDovL21lZGlhMi5kZXNpZ25wYXJ0bmVyLmZyL2MvcC8xNDU5MC8xNDU5MC0xNjYxNi0xLmpwZw?v=1638344247","https:\/\/media.th4.com\/7i7v5vR27192BzDyvGKkIrllkDza1vi9yrGbAWKrCxE\/pr:1000x1000\/aHR0cDovL21lZGlhMi5kZXNpZ25wYXJ0bmVyLmZyL2MvcC8xNDU5MC8xNDU5MC0xNjYxNi0yLmpwZw?v=1638344247"],"large":["https:\/\/media.th4.com\/b0tTYftjbGui571bvgBQZyziGfpqTiyL-iCLpDOk_6I\/pr:1920\/aHR0cDovL21lZGlhMi5kZXNpZ25wYXJ0bmVyLmZyL2MvcC8xNDU5MC8xNDU5MC0xNjYxNi0xLmpwZw?v=1638344247","https:\/\/media.th4.com\/bYYJcV2iVBa1vMQ0jDNcIZcsYK9sQBDfAUJWCAz6tRY\/pr:1920\/aHR0cDovL21lZGlhMi5kZXNpZ25wYXJ0bmVyLmZyL2MvcC8xNDU5MC8xNDU5MC0xNjYxNi0yLmpwZw?v=1638344247"],"opengraph":["https:\/\/media.th4.com\/lFRZmmqLRLvPfkbxl-OL1s2G1jDeaeVFj3LAjvKCs1s\/pr:1200x630\/aHR0cDovL21lZGlhMi5kZXNpZ25wYXJ0bmVyLmZyL2MvcC8xNDU5MC8xNDU5MC0xNjYxNi0xLmpwZw?v=1638344247","https:\/\/media.th4.com\/RAxRBCLyOZGO6ZyxbubvlnELP_tBW8fLx4aMaGbGGaQ\/pr:1200x630\/aHR0cDovL21lZGlhMi5kZXNpZ25wYXJ0bmVyLmZyL2MvcC8xNDU5MC8xNDU5MC0xNjYxNi0yLmpwZw?v=1638344247"]},"country_origin":"CN","traceability":{"manufacturing_country_id":null,"weaving_country_id":null,"dyeing_country_id":null},"sizes":[{"id":5,"article_id":375300,"class_id":2,"name":"XS","on_standby":false,"stock_local":0,"stock_global":99,"multiple":1,"estimated_date_reassort":null,"is_destocking":false},{"id":3,"article_id":375301,"class_id":3,"name":"S","on_standby":false,"stock_local":1,"stock_global":276,"multiple":1,"estimated_date_reassort":null,"is_destocking":true},{"id":2,"article_id":375302,"class_id":4,"name":"M","on_standby":false,"stock_local":0,"stock_global":561,"multiple":1,"estimated_date_reassort":null,"is_destocking":false},{"id":1,"article_id":375303,"class_id":5,"name":"L","on_standby":false,"stock_local":0,"stock_global":419,"multiple":1,"estimated_date_reassort":null,"is_destocking":false},{"id":4,"article_id":375304,"class_id":6,"name":"XL","on_standby":false,"stock_local":0,"stock_global":307,"multiple":1,"estimated_date_reassort":null,"is_destocking":false},{"id":1116,"article_id":375305,"class_id":7,"name":"2XL","on_standby":false,"stock_local":0,"stock_global":42,"multiple":1,"estimated_date_reassort":null,"is_destocking":false}],"page_links":{"fr":"\/fr\/p-ka-k6127-veste-matelassee-femme-k6127-14590\/navy-black-16616\/","en":"\/en\/p-ka-k6127-womans-padded-jacket-k6127-14590\/navy-black-16616\/","de":"\/de\/p-ka-k6127-gefutterte-damenjacke-k6127-14590\/navy-black-16616\/","nl":"\/nl\/p-ka-k6127-vrouwelijke-gevederde-jas-k6127-14590\/navy-black-16616\/","es":"\/es\/p-ka-k6127-chaqueta-acolchada-mujer-k6127-14590\/navy-black-16616\/","it":"\/it\/p-ka-k6127-giacca-imbottita-donna-k6127-14590\/navy-black-16616\/","sv":"\/sv\/p-ka-k6127-fyllig-jacka-dam-k6127-14590\/navy-black-16616\/","pt":"\/pt\/p-ka-k6127-jaqueta-acolchoada-feminina-k6127-14590\/navy-black-16616\/","da":"\/da\/p-ka-k6127-veste-fyldt-dame-k6127-14590\/navy-black-16616\/","pl":"\/pl\/p-ka-k6127-kurtka-wypchana-dla-kobiet-k6127-14590\/navy-black-16616\/"},"page_links_customization":{"fr":"\/fr\/p-ka-k6127-veste-matelassee-femme-blouson-parka-polyester-velours-personnalisation-k6127-14590\/navy-black-16616\/custom\/","en":"\/en\/p-ka-k6127-padded-womens-jacket-parka-polyester-velour-customization-k6127-14590\/navy-black-16616\/custom\/","de":"\/de\/p-ka-k6127-damen-daunenjacke-blouson-parka-aus-polyester-velours-individualisierung-k6127-14590\/navy-black-16616\/custom\/","nl":"\/nl\/p-ka-k6127-gevulde-jassen-vrouw-parka-blouson-polyester-velours-personalisatie-k6127-14590\/navy-black-16616\/custom\/","es":"\/es\/p-ka-k6127-chaqueta-acolchada-para-mujer-chaqueta-parka-de-poliester-terciopelo-personalizacion-k6127-14590\/navy-black-16616\/custom\/","it":"\/it\/p-ka-k6127-giacca-imbottita-da-donna-giacca-parka-in-poliestere-velluto-personalizzazione-k6127-14590\/navy-black-16616\/custom\/","sv":"\/sv\/p-ka-k6127-vadmadrasjacka-dam-blouson-parka-polyester-velour-personalisering-k6127-14590\/navy-black-16616\/custom\/","pt":"\/pt\/p-ka-k6127-jaqueta-acolchoada-feminina-jaqueta-parka-poliester-veludo-personalizacao-k6127-14590\/navy-black-16616\/custom\/","da":"\/da\/p-ka-k6127-dammejakke-fyldt-blouson-parka-polyester-velour-tilpasning-k6127-14590\/navy-black-16616\/custom\/","pl":"\/pl\/p-ka-k6127-kurtka-matowa-dla-kobiet-bluzon-parka-z-poliestru-weluru-personalizacja-k6127-14590\/navy-black-16616\/custom\/"}},{"id":16615,"name":"mossy_green\/black","class_ids":[5,4],"codes_hexa":["63563a","1a1a18"],"delai_24":false,"has_3d":false,"seuil_global":0,"stock_local":0,"stock_global":636,"on_standby":false,"in_catalog":true,"images":{"miniature":["https:\/\/media.th4.com\/7JmB5For-UjpukdhTWlGwzLwNOsZ4aFX-o78X1G3pTc\/pr:80\/aHR0cDovL21lZGlhMi5kZXNpZ25wYXJ0bmVyLmZyL2MvcC8xNDU5MC8xNDU5MC0xNjYxNS0xLmpwZw?v=1638344247","https:\/\/media.th4.com\/38TSd4KWa0VV4-la5O-fWpA3K1FuOnqBcPICHygtasc\/pr:80\/aHR0cDovL21lZGlhMi5kZXNpZ25wYXJ0bmVyLmZyL2MvcC8xNDU5MC8xNDU5MC0xNjYxNS0yLmpwZw?v=1638344247"],"medium":["https:\/\/media.th4.com\/yumorq67RUWtXoU92rkaU2cqWHjTjf7YaOuVO3GPgPU\/pr:550x550\/aHR0cDovL21lZGlhMi5kZXNpZ25wYXJ0bmVyLmZyL2MvcC8xNDU5MC8xNDU5MC0xNjYxNS0xLmpwZw?v=1638344247","https:\/\/media.th4.com\/dfF9FAyNHzONjZ2nZmDJwJ-ZtAP7xLftBM5mWji0Hog\/pr:550x550\/aHR0cDovL21lZGlhMi5kZXNpZ25wYXJ0bmVyLmZyL2MvcC8xNDU5MC8xNDU5MC0xNjYxNS0yLmpwZw?v=1638344247"],"medium_large":["https:\/\/media.th4.com\/aMI1oJlmhI85ZF2aw85Yb1TTMc_TXGWqCpkSDagz0fs\/pr:1000x1000\/aHR0cDovL21lZGlhMi5kZXNpZ25wYXJ0bmVyLmZyL2MvcC8xNDU5MC8xNDU5MC0xNjYxNS0xLmpwZw?v=1638344247","https:\/\/media.th4.com\/hDG96HBPz2TZl3VjwWCTZ6tNcSRSmKFlsZqDnAsaCf0\/pr:1000x1000\/aHR0cDovL21lZGlhMi5kZXNpZ25wYXJ0bmVyLmZyL2MvcC8xNDU5MC8xNDU5MC0xNjYxNS0yLmpwZw?v=1638344247"],"large":["https:\/\/media.th4.com\/Z43GlaA24mpFrx4ozbZ0S0_9GS91bujUKCO24qEbnNw\/pr:1920\/aHR0cDovL21lZGlhMi5kZXNpZ25wYXJ0bmVyLmZyL2MvcC8xNDU5MC8xNDU5MC0xNjYxNS0xLmpwZw?v=1638344247","https:\/\/media.th4.com\/3It9w4luLQY_lOSNgU1X44rT-qG7Wi7KXISRd-_p06A\/pr:1920\/aHR0cDovL21lZGlhMi5kZXNpZ25wYXJ0bmVyLmZyL2MvcC8xNDU5MC8xNDU5MC0xNjYxNS0yLmpwZw?v=1638344247"],"opengraph":["https:\/\/media.th4.com\/MkxhkKAlRsCAhq5leZAHnQspqTBjnzLn6D4MtVOAx1s\/pr:1200x630\/aHR0cDovL21lZGlhMi5kZXNpZ25wYXJ0bmVyLmZyL2MvcC8xNDU5MC8xNDU5MC0xNjYxNS0xLmpwZw?v=1638344247","https:\/\/media.th4.com\/2fyfMANsUKHHRqC-slB6aUtz2cV7cW5JlIHTItA1xL0\/pr:1200x630\/aHR0cDovL21lZGlhMi5kZXNpZ25wYXJ0bmVyLmZyL2MvcC8xNDU5MC8xNDU5MC0xNjYxNS0yLmpwZw?v=1638344247"]},"images_customization":{"miniature":["https:\/\/media.th4.com\/7JmB5For-UjpukdhTWlGwzLwNOsZ4aFX-o78X1G3pTc\/pr:80\/aHR0cDovL21lZGlhMi5kZXNpZ25wYXJ0bmVyLmZyL2MvcC8xNDU5MC8xNDU5MC0xNjYxNS0xLmpwZw?v=1638344247","https:\/\/media.th4.com\/38TSd4KWa0VV4-la5O-fWpA3K1FuOnqBcPICHygtasc\/pr:80\/aHR0cDovL21lZGlhMi5kZXNpZ25wYXJ0bmVyLmZyL2MvcC8xNDU5MC8xNDU5MC0xNjYxNS0yLmpwZw?v=1638344247"],"medium":["https:\/\/media.th4.com\/yumorq67RUWtXoU92rkaU2cqWHjTjf7YaOuVO3GPgPU\/pr:550x550\/aHR0cDovL21lZGlhMi5kZXNpZ25wYXJ0bmVyLmZyL2MvcC8xNDU5MC8xNDU5MC0xNjYxNS0xLmpwZw?v=1638344247","https:\/\/media.th4.com\/dfF9FAyNHzONjZ2nZmDJwJ-ZtAP7xLftBM5mWji0Hog\/pr:550x550\/aHR0cDovL21lZGlhMi5kZXNpZ25wYXJ0bmVyLmZyL2MvcC8xNDU5MC8xNDU5MC0xNjYxNS0yLmpwZw?v=1638344247"],"medium_large":["https:\/\/media.th4.com\/aMI1oJlmhI85ZF2aw85Yb1TTMc_TXGWqCpkSDagz0fs\/pr:1000x1000\/aHR0cDovL21lZGlhMi5kZXNpZ25wYXJ0bmVyLmZyL2MvcC8xNDU5MC8xNDU5MC0xNjYxNS0xLmpwZw?v=1638344247","https:\/\/media.th4.com\/hDG96HBPz2TZl3VjwWCTZ6tNcSRSmKFlsZqDnAsaCf0\/pr:1000x1000\/aHR0cDovL21lZGlhMi5kZXNpZ25wYXJ0bmVyLmZyL2MvcC8xNDU5MC8xNDU5MC0xNjYxNS0yLmpwZw?v=1638344247"],"large":["https:\/\/media.th4.com\/Z43GlaA24mpFrx4ozbZ0S0_9GS91bujUKCO24qEbnNw\/pr:1920\/aHR0cDovL21lZGlhMi5kZXNpZ25wYXJ0bmVyLmZyL2MvcC8xNDU5MC8xNDU5MC0xNjYxNS0xLmpwZw?v=1638344247","https:\/\/media.th4.com\/3It9w4luLQY_lOSNgU1X44rT-qG7Wi7KXISRd-_p06A\/pr:1920\/aHR0cDovL21lZGlhMi5kZXNpZ25wYXJ0bmVyLmZyL2MvcC8xNDU5MC8xNDU5MC0xNjYxNS0yLmpwZw?v=1638344247"],"opengraph":["https:\/\/media.th4.com\/MkxhkKAlRsCAhq5leZAHnQspqTBjnzLn6D4MtVOAx1s\/pr:1200x630\/aHR0cDovL21lZGlhMi5kZXNpZ25wYXJ0bmVyLmZyL2MvcC8xNDU5MC8xNDU5MC0xNjYxNS0xLmpwZw?v=1638344247","https:\/\/media.th4.com\/2fyfMANsUKHHRqC-slB6aUtz2cV7cW5JlIHTItA1xL0\/pr:1200x630\/aHR0cDovL21lZGlhMi5kZXNpZ25wYXJ0bmVyLmZyL2MvcC8xNDU5MC8xNDU5MC0xNjYxNS0yLmpwZw?v=1638344247"]},"country_origin":"CN","traceability":{"manufacturing_country_id":null,"weaving_country_id":null,"dyeing_country_id":null},"sizes":[{"id":5,"article_id":375294,"class_id":2,"name":"XS","on_standby":false,"stock_local":0,"stock_global":150,"multiple":1,"estimated_date_reassort":null,"is_destocking":false},{"id":3,"article_id":375295,"class_id":3,"name":"S","on_standby":false,"stock_local":0,"stock_global":156,"multiple":1,"estimated_date_reassort":null,"is_destocking":false},{"id":2,"article_id":375296,"class_id":4,"name":"M","on_standby":false,"stock_local":0,"stock_global":164,"multiple":1,"estimated_date_reassort":null,"is_destocking":false},{"id":1,"article_id":375297,"class_id":5,"name":"L","on_standby":false,"stock_local":0,"stock_global":100,"multiple":1,"estimated_date_reassort":null,"is_destocking":false},{"id":1116,"article_id":375299,"class_id":7,"name":"2XL","on_standby":false,"stock_local":0,"stock_global":66,"multiple":1,"estimated_date_reassort":null,"is_destocking":false}],"page_links":{"fr":"\/fr\/p-ka-k6127-veste-matelassee-femme-k6127-14590\/mossy-green-black-16615\/","en":"\/en\/p-ka-k6127-womans-padded-jacket-k6127-14590\/mossy-green-black-16615\/","de":"\/de\/p-ka-k6127-gefutterte-damenjacke-k6127-14590\/mossy-green-black-16615\/","nl":"\/nl\/p-ka-k6127-vrouwelijke-gevederde-jas-k6127-14590\/mossy-green-black-16615\/","es":"\/es\/p-ka-k6127-chaqueta-acolchada-mujer-k6127-14590\/mossy-green-black-16615\/","it":"\/it\/p-ka-k6127-giacca-imbottita-donna-k6127-14590\/mossy-green-black-16615\/","sv":"\/sv\/p-ka-k6127-fyllig-jacka-dam-k6127-14590\/mossy-green-black-16615\/","pt":"\/pt\/p-ka-k6127-jaqueta-acolchoada-feminina-k6127-14590\/mossy-green-black-16615\/","da":"\/da\/p-ka-k6127-veste-fyldt-dame-k6127-14590\/mossy-green-black-16615\/","pl":"\/pl\/p-ka-k6127-kurtka-wypchana-dla-kobiet-k6127-14590\/mossy-green-black-16615\/"},"page_links_customization":{"fr":"\/fr\/p-ka-k6127-veste-matelassee-femme-blouson-parka-polyester-velours-personnalisation-k6127-14590\/mossy-green-black-16615\/custom\/","en":"\/en\/p-ka-k6127-padded-womens-jacket-parka-polyester-velour-customization-k6127-14590\/mossy-green-black-16615\/custom\/","de":"\/de\/p-ka-k6127-damen-daunenjacke-blouson-parka-aus-polyester-velours-individualisierung-k6127-14590\/mossy-green-black-16615\/custom\/","nl":"\/nl\/p-ka-k6127-gevulde-jassen-vrouw-parka-blouson-polyester-velours-personalisatie-k6127-14590\/mossy-green-black-16615\/custom\/","es":"\/es\/p-ka-k6127-chaqueta-acolchada-para-mujer-chaqueta-parka-de-poliester-terciopelo-personalizacion-k6127-14590\/mossy-green-black-16615\/custom\/","it":"\/it\/p-ka-k6127-giacca-imbottita-da-donna-giacca-parka-in-poliestere-velluto-personalizzazione-k6127-14590\/mossy-green-black-16615\/custom\/","sv":"\/sv\/p-ka-k6127-vadmadrasjacka-dam-blouson-parka-polyester-velour-personalisering-k6127-14590\/mossy-green-black-16615\/custom\/","pt":"\/pt\/p-ka-k6127-jaqueta-acolchoada-feminina-jaqueta-parka-poliester-veludo-personalizacao-k6127-14590\/mossy-green-black-16615\/custom\/","da":"\/da\/p-ka-k6127-dammejakke-fyldt-blouson-parka-polyester-velour-tilpasning-k6127-14590\/mossy-green-black-16615\/custom\/","pl":"\/pl\/p-ka-k6127-kurtka-matowa-dla-kobiet-bluzon-parka-z-poliestru-weluru-personalizacja-k6127-14590\/mossy-green-black-16615\/custom\/"}},{"id":1305,"name":"black\/black","class_ids":[4,4],"codes_hexa":["1a1a18","1a1a18"],"delai_24":false,"has_3d":false,"seuil_global":0,"stock_local":0,"stock_global":0,"on_standby":true,"in_catalog":false,"images":{"miniature":["https:\/\/media.th4.com\/r6Mf9I1jxvOOfXDte-edhgrWafstM8LfX9BQveTNr44\/pr:80\/aHR0cDovL21lZGlhMi5kZXNpZ25wYXJ0bmVyLmZyL2MvcC8xNDU5MC8xNDU5MC0xMzA1LTEuanBn?v=1638344247","https:\/\/media.th4.com\/98J9BjGrd9ASSAZLfc5hMJ8Z3iwcMQkbVivWO0CSCqo\/pr:80\/aHR0cDovL21lZGlhMi5kZXNpZ25wYXJ0bmVyLmZyL2MvcC8xNDU5MC8xNDU5MC0xMzA1LTIuanBn?v=1638344247"],"medium":["https:\/\/media.th4.com\/p37jbcPCqMXuea-4jpT0au_w3Uc088pp-1zx-gL8_OM\/pr:550x550\/aHR0cDovL21lZGlhMi5kZXNpZ25wYXJ0bmVyLmZyL2MvcC8xNDU5MC8xNDU5MC0xMzA1LTEuanBn?v=1638344247","https:\/\/media.th4.com\/wiOLD2hQickwOthBfFovrS5O2kCfOOaT4yJSFER7Wjk\/pr:550x550\/aHR0cDovL21lZGlhMi5kZXNpZ25wYXJ0bmVyLmZyL2MvcC8xNDU5MC8xNDU5MC0xMzA1LTIuanBn?v=1638344247"],"medium_large":["https:\/\/media.th4.com\/pO8P2JWiqHxqrdenWMOi5gK173rKGE1iDviT4x3YspA\/pr:1000x1000\/aHR0cDovL21lZGlhMi5kZXNpZ25wYXJ0bmVyLmZyL2MvcC8xNDU5MC8xNDU5MC0xMzA1LTEuanBn?v=1638344247","https:\/\/media.th4.com\/PBgwmpAWtPTD2OeZLH5pCg5hC0HKcl_mGHsYS-_IuL8\/pr:1000x1000\/aHR0cDovL21lZGlhMi5kZXNpZ25wYXJ0bmVyLmZyL2MvcC8xNDU5MC8xNDU5MC0xMzA1LTIuanBn?v=1638344247"],"large":["https:\/\/media.th4.com\/z1NiNmpv31tL_DYBCWIm-zGk9vBegiOHvKrOY6kY0Bs\/pr:1920\/aHR0cDovL21lZGlhMi5kZXNpZ25wYXJ0bmVyLmZyL2MvcC8xNDU5MC8xNDU5MC0xMzA1LTEuanBn?v=1638344247","https:\/\/media.th4.com\/C_UdhN7xsiCODNvcdUQ7vd_K8bI1cI0oyJIubhIUJWo\/pr:1920\/aHR0cDovL21lZGlhMi5kZXNpZ25wYXJ0bmVyLmZyL2MvcC8xNDU5MC8xNDU5MC0xMzA1LTIuanBn?v=1638344247"],"opengraph":["https:\/\/media.th4.com\/sQ3ZP1KnQc2Xyc5UrS-abChJYkVRqYwxgeNle24ceMc\/pr:1200x630\/aHR0cDovL21lZGlhMi5kZXNpZ25wYXJ0bmVyLmZyL2MvcC8xNDU5MC8xNDU5MC0xMzA1LTEuanBn?v=1638344247","https:\/\/media.th4.com\/a51yNe9q9Ce_23MLdVMNbOeLcHkYwtOKOUTilMOWASQ\/pr:1200x630\/aHR0cDovL21lZGlhMi5kZXNpZ25wYXJ0bmVyLmZyL2MvcC8xNDU5MC8xNDU5MC0xMzA1LTIuanBn?v=1638344247"]},"images_customization":{"miniature":["https:\/\/media.th4.com\/r6Mf9I1jxvOOfXDte-edhgrWafstM8LfX9BQveTNr44\/pr:80\/aHR0cDovL21lZGlhMi5kZXNpZ25wYXJ0bmVyLmZyL2MvcC8xNDU5MC8xNDU5MC0xMzA1LTEuanBn?v=1638344247","https:\/\/media.th4.com\/98J9BjGrd9ASSAZLfc5hMJ8Z3iwcMQkbVivWO0CSCqo\/pr:80\/aHR0cDovL21lZGlhMi5kZXNpZ25wYXJ0bmVyLmZyL2MvcC8xNDU5MC8xNDU5MC0xMzA1LTIuanBn?v=1638344247"],"medium":["https:\/\/media.th4.com\/p37jbcPCqMXuea-4jpT0au_w3Uc088pp-1zx-gL8_OM\/pr:550x550\/aHR0cDovL21lZGlhMi5kZXNpZ25wYXJ0bmVyLmZyL2MvcC8xNDU5MC8xNDU5MC0xMzA1LTEuanBn?v=1638344247","https:\/\/media.th4.com\/wiOLD2hQickwOthBfFovrS5O2kCfOOaT4yJSFER7Wjk\/pr:550x550\/aHR0cDovL21lZGlhMi5kZXNpZ25wYXJ0bmVyLmZyL2MvcC8xNDU5MC8xNDU5MC0xMzA1LTIuanBn?v=1638344247"],"medium_large":["https:\/\/media.th4.com\/pO8P2JWiqHxqrdenWMOi5gK173rKGE1iDviT4x3YspA\/pr:1000x1000\/aHR0cDovL21lZGlhMi5kZXNpZ25wYXJ0bmVyLmZyL2MvcC8xNDU5MC8xNDU5MC0xMzA1LTEuanBn?v=1638344247","https:\/\/media.th4.com\/PBgwmpAWtPTD2OeZLH5pCg5hC0HKcl_mGHsYS-_IuL8\/pr:1000x1000\/aHR0cDovL21lZGlhMi5kZXNpZ25wYXJ0bmVyLmZyL2MvcC8xNDU5MC8xNDU5MC0xMzA1LTIuanBn?v=1638344247"],"large":["https:\/\/media.th4.com\/z1NiNmpv31tL_DYBCWIm-zGk9vBegiOHvKrOY6kY0Bs\/pr:1920\/aHR0cDovL21lZGlhMi5kZXNpZ25wYXJ0bmVyLmZyL2MvcC8xNDU5MC8xNDU5MC0xMzA1LTEuanBn?v=1638344247","https:\/\/media.th4.com\/C_UdhN7xsiCODNvcdUQ7vd_K8bI1cI0oyJIubhIUJWo\/pr:1920\/aHR0cDovL21lZGlhMi5kZXNpZ25wYXJ0bmVyLmZyL2MvcC8xNDU5MC8xNDU5MC0xMzA1LTIuanBn?v=1638344247"],"opengraph":["https:\/\/media.th4.com\/sQ3ZP1KnQc2Xyc5UrS-abChJYkVRqYwxgeNle24ceMc\/pr:1200x630\/aHR0cDovL21lZGlhMi5kZXNpZ25wYXJ0bmVyLmZyL2MvcC8xNDU5MC8xNDU5MC0xMzA1LTEuanBn?v=1638344247","https:\/\/media.th4.com\/a51yNe9q9Ce_23MLdVMNbOeLcHkYwtOKOUTilMOWASQ\/pr:1200x630\/aHR0cDovL21lZGlhMi5kZXNpZ25wYXJ0bmVyLmZyL2MvcC8xNDU5MC8xNDU5MC0xMzA1LTIuanBn?v=1638344247"]},"country_origin":"CN","traceability":{"manufacturing_country_id":null,"weaving_country_id":null,"dyeing_country_id":null},"sizes":[],"page_links":{"fr":"\/fr\/p-ka-k6127-veste-matelassee-femme-k6127-14590\/black-black-1305\/","en":"\/en\/p-ka-k6127-womans-padded-jacket-k6127-14590\/black-black-1305\/","de":"\/de\/p-ka-k6127-gefutterte-damenjacke-k6127-14590\/black-black-1305\/","nl":"\/nl\/p-ka-k6127-vrouwelijke-gevederde-jas-k6127-14590\/black-black-1305\/","es":"\/es\/p-ka-k6127-chaqueta-acolchada-mujer-k6127-14590\/black-black-1305\/","it":"\/it\/p-ka-k6127-giacca-imbottita-donna-k6127-14590\/black-black-1305\/","sv":"\/sv\/p-ka-k6127-fyllig-jacka-dam-k6127-14590\/black-black-1305\/","pt":"\/pt\/p-ka-k6127-jaqueta-acolchoada-feminina-k6127-14590\/black-black-1305\/","da":"\/da\/p-ka-k6127-veste-fyldt-dame-k6127-14590\/black-black-1305\/","pl":"\/pl\/p-ka-k6127-kurtka-wypchana-dla-kobiet-k6127-14590\/black-black-1305\/"},"page_links_customization":{"fr":"\/fr\/p-ka-k6127-veste-matelassee-femme-blouson-parka-polyester-velours-personnalisation-k6127-14590\/black-black-1305\/custom\/","en":"\/en\/p-ka-k6127-padded-womens-jacket-parka-polyester-velour-customization-k6127-14590\/black-black-1305\/custom\/","de":"\/de\/p-ka-k6127-damen-daunenjacke-blouson-parka-aus-polyester-velours-individualisierung-k6127-14590\/black-black-1305\/custom\/","nl":"\/nl\/p-ka-k6127-gevulde-jassen-vrouw-parka-blouson-polyester-velours-personalisatie-k6127-14590\/black-black-1305\/custom\/","es":"\/es\/p-ka-k6127-chaqueta-acolchada-para-mujer-chaqueta-parka-de-poliester-terciopelo-personalizacion-k6127-14590\/black-black-1305\/custom\/","it":"\/it\/p-ka-k6127-giacca-imbottita-da-donna-giacca-parka-in-poliestere-velluto-personalizzazione-k6127-14590\/black-black-1305\/custom\/","sv":"\/sv\/p-ka-k6127-vadmadrasjacka-dam-blouson-parka-polyester-velour-personalisering-k6127-14590\/black-black-1305\/custom\/","pt":"\/pt\/p-ka-k6127-jaqueta-acolchoada-feminina-jaqueta-parka-poliester-veludo-personalizacao-k6127-14590\/black-black-1305\/custom\/","da":"\/da\/p-ka-k6127-dammejakke-fyldt-blouson-parka-polyester-velour-tilpasning-k6127-14590\/black-black-1305\/custom\/","pl":"\/pl\/p-ka-k6127-kurtka-matowa-dla-kobiet-bluzon-parka-z-poliestru-weluru-personalizacja-k6127-14590\/black-black-1305\/custom\/"}}],"documentation_link":"\/pdf\/14590.pdf","countries_availables":["AD","AE","AL","AT","BA","BD","BE","BG","BL","CA","CH","CN","CO","CY","CZ","DE","DK","DO","EE","EG","ES","ET","FI","FR","GB","GE","GF","GP","GR","GT","HK","HN","HR","HT","HU","ID","IE","IN","IS","IT","JO","JP","KE","KH","KP","KR","LA","LK","LS","LT","LU","LV","MA","MF","MG","MK","MM","MN","MQ","MT","MX","MY","NC","NI","NL","PF","PH","PK","PL","PM","PT","RE","RO","SE","SG","SI","SK","SV","SY","TH","TN","TR","TW","TZ","US","VN","WF","YT"]},"infos_customization":[],"features":{"authorize_multi_surfaces":true,"display_order_delay_type":true,"promote_surface_display":true,"tarification_franco_offert":true,"enabled_3d_editor":false},"markings":[{"id":0,"nom":"vierge","finition":null,"libelle":null,"code":null,"dpi":null,"finesse_forme_isolee":null,"finesse_forme_non_isolee":null,"hauteur_minimale_texte":null,"inactif":0,"marquage_interne":1,"quantite_min":null,"parent_id":null,"print_on_support":0,"content":"vierge","description":null},{"id":2,"nom":"fonce","finition":"optimale","libelle":"TopQuadri","code":null,"dpi":400,"finesse_forme_isolee":"0.040","finesse_forme_non_isolee":"0.700","hauteur_minimale_texte":2,"inactif":0,"marquage_interne":1,"quantite_min":null,"parent_id":18,"print_on_support":0,"content":"TopQuadri","description":"pour petites et moyennes s\u00e9ries"},{"id":3,"nom":"serigraphie","finition":"serigraphie","libelle":"SeriCoat","code":null,"dpi":400,"finesse_forme_isolee":"0.040","finesse_forme_non_isolee":"0.700","hauteur_minimale_texte":2,"inactif":0,"marquage_interne":1,"quantite_min":15,"parent_id":18,"print_on_support":0,"content":"SeriCoat","description":"pour moyennes et grandes s\u00e9ries"},{"id":4,"nom":"broderie","finition":"broderie","libelle":"Broderie","code":null,"dpi":400,"finesse_forme_isolee":"0.040","finesse_forme_non_isolee":"0.700","hauteur_minimale_texte":3,"inactif":0,"marquage_interne":1,"quantite_min":null,"parent_id":null,"print_on_support":0,"content":"Broderie","description":null},{"id":8,"nom":"theme","finition":null,"libelle":"Th\u00e8me","code":null,"dpi":null,"finesse_forme_isolee":null,"finesse_forme_non_isolee":null,"hauteur_minimale_texte":null,"inactif":0,"marquage_interne":1,"quantite_min":null,"parent_id":null,"print_on_support":0,"content":"Th\u00e8me","description":null},{"id":9,"nom":"sans","finition":null,"libelle":null,"code":null,"dpi":null,"finesse_forme_isolee":null,"finesse_forme_non_isolee":null,"hauteur_minimale_texte":null,"inactif":0,"marquage_interne":1,"quantite_min":null,"parent_id":null,"print_on_support":0,"content":"sans","description":null},{"id":10,"nom":"photo","finition":null,"libelle":"Photo","code":null,"dpi":null,"finesse_forme_isolee":null,"finesse_forme_non_isolee":null,"hauteur_minimale_texte":null,"inactif":0,"marquage_interne":1,"quantite_min":null,"parent_id":null,"print_on_support":0,"content":"Photo","description":null},{"id":14,"nom":"couleur","finition":null,"libelle":"Couleur","code":null,"dpi":null,"finesse_forme_isolee":null,"finesse_forme_non_isolee":null,"hauteur_minimale_texte":null,"inactif":0,"marquage_interne":1,"quantite_min":null,"parent_id":null,"print_on_support":0,"content":"Couleur","description":null},{"id":15,"nom":"sublimation","finition":"sublimation","libelle":"Sublimation","code":null,"dpi":null,"finesse_forme_isolee":"0.000","finesse_forme_non_isolee":"0.000","hauteur_minimale_texte":2,"inactif":0,"marquage_interne":1,"quantite_min":null,"parent_id":null,"print_on_support":0,"content":"Sublimation","description":null},{"id":16,"nom":"topquadri_uv","finition":null,"libelle":"TopQuadri UV","code":null,"dpi":null,"finesse_forme_isolee":"0.020","finesse_forme_non_isolee":"0.700","hauteur_minimale_texte":2,"inactif":0,"marquage_interne":1,"quantite_min":null,"parent_id":null,"print_on_support":1,"content":null,"description":null},{"id":17,"nom":"topquadri_uvp","finition":null,"libelle":"TopQuadri UVP","code":null,"dpi":null,"finesse_forme_isolee":"0.020","finesse_forme_non_isolee":"0.700","hauteur_minimale_texte":2,"inactif":0,"marquage_interne":1,"quantite_min":null,"parent_id":null,"print_on_support":1,"content":null,"description":null},{"id":18,"nom":"quadri","finition":null,"libelle":"Impression","code":null,"dpi":null,"finesse_forme_isolee":null,"finesse_forme_non_isolee":null,"hauteur_minimale_texte":null,"inactif":0,"marquage_interne":1,"quantite_min":null,"parent_id":null,"print_on_support":0,"content":null,"description":null}]}}