{"data":{"product":{"id":14585,"titre":"Blouson bomber homme","description":"100% polyester. Doublure matelass\u00e9e 100% polyester. Fermeture zipp\u00e9e. 2 poches passepoil\u00e9es devant. Poche plaqu\u00e9e zipp\u00e9e avec poche stylo sur la manche gauche. Poche passepoil\u00e9e int\u00e9rieure. Bord-c\u00f4te 2x2 au col, bas de manches et de v\u00eatement. 1 zip c\u00f4t\u00e9 c\u0153ur et 1 zip au bas du v\u00eatement pour acc\u00e8s personnalisation.","genre":"homme","grammage":0,"conditionnement":10,"composition":"polyester,polyester_uniquement","reference":"ka-k6122","reference_visible":"ka-k6122","reference_fabricant":"K6122","ref_xor":"749244","in_catalog":true,"is_transfer":false,"is_service":false,"on_standby":false,"has_3d":false,"has_size_guide":true,"has_marking":true,"has_vierge":true,"is_cross_sellable":false,"id_picto":103,"filename_3d":null,"brand":{"id":25,"name":"Kariban","logo":"logo-kariban.png","image":"https:\/\/media.th4.com\/0rw9lHnnPIY5Gn0FZVsrv47tC3tEhLUIsdVYj4xy6L4\/pr:brand70x70\/aHR0cDovL21lZGlhMi5kZXNpZ25wYXJ0bmVyLmZyL2MvbS9sb2dvLWthcmliYW4ucG5n?v=1736960982"},"price_infos":{"price_from":35,"quantity":480,"color":{"id":1261,"name":"navy"},"size":{"id":1,"name":"L"}},"price_infos_marking":{"price_from":38.67,"quantity":1000,"color":{"id":1261,"name":"navy"},"size":{"id":1,"name":"L"},"marking":{"id":2,"name":""},"emplacement":"avant","surface_emplacement_id":1,"surface":"coeur"},"i18n":{"blank":{"title":{"fr":"Blouson bomber homme KARIBAN k6122","en":"Men's bomber jacket KARIBAN k6122","de":"M\u00e4nner Bomber Jacke KARIBAN k6122","nl":"Man bomberjas KARIBAN k6122","es":"Chaqueta bomber para hombre KARIBAN k6122","it":"Giacca bomber uomo KARIBAN k6122","sv":"Blouson bomber f\u00f6r m\u00e4n KARIBAN k6122","pt":"Jaqueta bomber homem KARIBAN k6122","da":"Blouson bomber mand KARIBAN k6122","pl":"Kurtka bombowa m\u0119ska KARIBAN k6122"},"description":{"fr":"Blouson bomber homme en polyester matelass\u00e9, con\u00e7u pour un confort quotidien. Il pr\u00e9sente une fermeture zipp\u00e9e centrale, deux poches passepoil\u00e9es \u00e0 l'avant et une poche plaqu\u00e9e zipp\u00e9e avec une poche stylo sur la manche gauche. Une poche passepoil\u00e9e int\u00e9rieure offre un espace de rangement suppl\u00e9mentaire. Les bord-c\u00f4tes 2x2 au col, aux bas de manches et au bas du v\u00eatement assurent un ajustement optimal. Il est \u00e9galement \u00e9quip\u00e9 d'un zip c\u00f4t\u00e9 c\u0153ur et d'un zip au bas du v\u00eatement pour faciliter l'acc\u00e8s \u00e0 la personnalisation.\n\n- Composition : 100% polyester\n- Doublure : 100% polyester matelass\u00e9\n- D\u00e9tails : Bord-c\u00f4tes 2x2","en":"Men's bomber jacket in matelass\u00e9 polyester, designed for everyday comfort. It features a central zip closure, two welt pockets at the front and a zippered patch pocket with a pen pocket on the left sleeve. An inner welt pocket offers additional storage space. The 2x2 ribbed edges at the collar, sleeve hems and garment bottom ensure an optimal fit. It is also equipped with a heart-side zip and a zip at the bottom of the garment to facilitate access for customization.\n\n- Composition: 100% polyester\n- Lining: 100% matelass\u00e9 polyester\n- Details: 2x2 ribbed edges","de":"M\u00e4nner Bomber Jacke aus Polyester gepolstert, f\u00fcr t\u00e4glichen Komfort entworfen. Sie verf\u00fcgt \u00fcber einen zentralen Rei\u00dfverschluss, zwei vordere Paspel Taschen und eine Rei\u00dfverschlusstasche mit einer Stift Tasche am linken \u00c4rmel. Eine innere Paspel Tasche bietet zus\u00e4tzlichen Stauraum. Die 2x2 B\u00fcndchen am Kragen, an den \u00c4rmelenden und am Saum des Kleidungsst\u00fccks sorgen f\u00fcr eine optimale Passform. Es ist auch mit einem Herzrei\u00dfverschluss und einem Rei\u00dfverschluss am Saum des Kleidungsst\u00fccks ausgestattet, um die Personalisierung zu erleichtern.\n\n- Zusammensetzung : 100% Polyester\n- Futter : 100% Polyester gepolstert\n- Details : 2x2 B\u00fcndchen","nl":"Man bomberjas van polyester gevuld, ontworpen voor dagelijks comfort. Het heeft een centrale rits, twee paspoelpockets aan de voorkant en een plat ritszakje met een penzakje op de linker mouw. Een binnenste paspoelpocket biedt extra bergruimte. De 2x2 rubanen aan de kraag, aan de onderzijde van de mouwen en aan de onderzijde van het kledingstuk zorgen voor een optimale pasvorm. Het is ook uitgerust met een rits aan de hartzijde en een rits aan de onderzijde van het kledingstuk voor gemakkelijke toegang tot de personalisatie.\n\n- Samenstelling: 100% polyester\n- Voering: 100% polyester gevuld\n- Details: 2x2 rubanen","es":"Chaqueta bomber para hombre de poli\u00e9ster acolchado, dise\u00f1ada para un confort diario. Presenta una cremallera central, dos bolsillos con ribete en la parte delantera y un bolsillo con cremallera en la manga izquierda. Un bolsillo con ribete en el interior ofrece un espacio de almacenamiento adicional. Las costuras de ribete 2x2 en el cuello, en los pu\u00f1os y en el dobladillo del vestido aseguran un ajuste \u00f3ptimo. Tambi\u00e9n est\u00e1 equipada con una cremallera lateral y una cremallera en el dobladillo del vestido para facilitar el acceso a la personalizaci\u00f3n.\n\n- Composici\u00f3n: 100% poli\u00e9ster\n- Forro: 100% poli\u00e9ster acolchado\n- Detalles: Costuras de ribete 2x2","it":"Giacca bomber uomo in poliestere imbottito, progettata per il comfort quotidiano. Presenta una chiusura lampo centrale, due tasche a risvolto sul davanti e una tasca a zip con tasca per penna sulla manica sinistra. Una tasca a risvolto interna offre spazio di stoccaggio aggiuntivo. I bordi a costine 2x2 sul collo, sui polsini e sull'orlo del vestito garantiscono una vestibilit\u00e0 ottimale. \u00c8 anche dotata di una zip sul cuore e di una zip sull'orlo del vestito per facilitare l'accesso alla personalizzazione.\n\n- Composizione : 100% poliestere\n- Rivestimento : 100% poliestere imbottito\n- Dettagli : Bordi a costine 2x2","sv":"Blouson bomber f\u00f6r m\u00e4n i polyester matlas, utformad f\u00f6r daglig komfort. Den har en central zippst\u00e4ngning, tv\u00e5 passpoilerade fickor fram och en zippad platt ficka med pennficka p\u00e5 v\u00e4nstra \u00e4rm. En inre passpoilerad ficka erbjuder ytterligare f\u00f6rvaringsutrymme. Dubbla 2x2 kantband p\u00e5 kragen, \u00e4rmkanterna och nedre kanten av plagg s\u00e4kerst\u00e4ller optimal passform. Den \u00e4r ocks\u00e5 utrustad med en zippst\u00e4ngning p\u00e5 hj\u00e4rtans sida och en zippst\u00e4ngning p\u00e5 plaggets nedre kant f\u00f6r att underl\u00e4tta personalisering.\n\n- Sammans\u00e4ttning : 100% polyester\n- Foder : 100% polyester matlas\n- Detaljer : Kantband 2x2","pt":"Jaqueta bomber homem de poli\u00e9ster acolchoado, projetada para conforto di\u00e1rio. Possui um fecho z\u00edper central, duas bolsas com passepoil na frente e uma bolsa zippada com uma bolsa para caneta na manga esquerda. Uma bolsa com passepoil interna oferece espa\u00e7o adicional de armazenamento. As costuras duplas no colarinho, nas mangas e na parte inferior da pe\u00e7a garantem um ajuste \u00f3timo. Tamb\u00e9m possui um z\u00edper no lado do cora\u00e7\u00e3o e um z\u00edper na parte inferior da pe\u00e7a para facilitar o acesso \u00e0 personaliza\u00e7\u00e3o.\n\n- Composi\u00e7\u00e3o: 100% poli\u00e9ster\n- Forro: 100% poli\u00e9ster acolchoado\n- Detalhes: Costuras duplas","da":"Blouson bomber mand i polyester fyldstof, designet til daglig komfort. Den har en central zip-lukning, to passepoil-punger foran og en zip-pung p\u00e5 venstre arm. En passepoil-pung indebyrder ekstra opbevaringsplads. De 2x2 bundkanten p\u00e5 kraven, \u00e6rmene og nederste kant af t\u00f8jet sikrer en optimal pasform. Den er ogs\u00e5 udstyret med en hjertezip og en zip nederst p\u00e5 t\u00f8jet for at g\u00f8re det lettere at tilpasse.\n\n- Sammens\u00e6tning : 100% polyester\n- Fodring : 100% polyester fyldstof\n- Detaljer : 2x2 bundkanten","pl":"M\u0119ska kurtka bombowa z poliestru tapicerowanego, przeznaczona do codziennego komfortu. Posiada centralne zamkni\u0119cie z zapi\u0119ciem b\u0142yskawicowym, dwie kieszenie z obw\u00f3dkami na przedzie i kiesze\u0144 z zapi\u0119ciem b\u0142yskawicowym z kieszenk\u0105 na d\u0142ugopis na lewym r\u0119kawie. Wewn\u0119trzna kiesze\u0144 z obw\u00f3dk\u0105 zapewnia dodatkow\u0105 przestrze\u0144 na przechowywanie. Obrubowania 2x2 na ko\u0142nierzu, na dole r\u0119kaw\u00f3w i na dole ubrania zapewniaj\u0105 optymalne dopasowanie. Jest r\u00f3wnie\u017c wyposa\u017cona w zapi\u0119cie b\u0142yskawicowe po stronie serca i zapi\u0119cie b\u0142yskawicowe na dole ubrania, aby u\u0142atwi\u0107 dost\u0119p do personalizacji.\n\n- Sk\u0142ad: 100% poliestru\n- Wy\u015bci\u00f3\u0142ka: 100% poliestru tapicerowanego\n- Szczeg\u00f3\u0142y: Obrubowania 2x2"},"h1":{"fr":"Blouson bomber homme k6122","en":"Men's bomber jacket k6122","de":"M\u00e4nner Bomber Jacke k6122","nl":"Man bomberjas k6122","es":"Chaqueta bomber para hombre k6122","it":"Giacca bomber uomo k6122","sv":"Blouson bomber f\u00f6r m\u00e4n k6122","pt":"Jaqueta bomber homem k6122","da":"Blouson bomber mand k6122","pl":"Kurtka bombowa m\u0119ska k6122"},"meta_description":{"fr":"Blouson bomber homme en polyester matelass\u00e9. Dot\u00e9 de 2 poches passepoil\u00e9es et d'une poche zipp\u00e9e sur la manche. Coupe classique et confortable.","en":"Men's bomber jacket in matelass\u00e9 polyester. Featuring 2 welt pockets and a zipped pocket on the sleeve. Classic and comfortable fit.","de":"M\u00e4nner Bomber Jacke aus Polyester gepolstert. Mit 2 Paspel Taschen und einer Rei\u00dfverschlusstasche am \u00c4rmel. Klassischer und bequemer Schnitt.","nl":"Man bomberjas van polyester gevuld. Voorzien van 2 paspoelpockets en een ritszakje op de mouw. Klassieke en comfortabele pasvorm.","es":"Chaqueta bomber para hombre de poli\u00e9ster acolchado. Dotada de 2 bolsillos con ribete y un bolsillo con cremallera en la manga. Corte cl\u00e1sico y c\u00f3modo.","it":"Giacca bomber uomo in poliestere imbottito. Dotata di 2 tasche a risvolto e una tasca zip sulla manica. Taglio classico e confortevole.","sv":"Blouson bomber f\u00f6r m\u00e4n i polyester matlas. Utrustad med 2 passpoilerade fickor och en zippad ficka p\u00e5 \u00e4rmen. Klassisk och bekv\u00e4m passform.","pt":"Jaqueta bomber homem de poli\u00e9ster acolchoado. Com duas bolsas com passepoil e uma bolsa zippada na manga. Corte cl\u00e1ssico e confort\u00e1vel.","da":"Blouson bomber mand i polyester fyldstof. Udstyret med 2 passepoil-punger og en zip-pung p\u00e5 \u00e6rmet. Klassisk og behagelig pasform.","pl":"M\u0119ska kurtka bombowa z poliestru tapicerowanego. Wyposa\u017cona w 2 kieszenie z obw\u00f3dkami i kiesze\u0144 z zapi\u0119ciem b\u0142yskawicowym na r\u0119kawie. Klasyczny i komfortowy kroj."}},"custom":{"title":{"fr":"Blouson bomber homme KARIBAN k6122 personnalisable avec votre logo","en":"Men's bomber jacket KARIBAN k6122 customizable with your logo","de":"Bomberjacke Mann KARIBAN k6122 personalisierbar mit Ihrem Logo","nl":"Bomberjasje man KARIBAN k6122 personaliseerbaar met uw logo","es":"Chaqueta bomber hombre KARIBAN k6122 personalizable con su logo","it":"Giubbotto bomber uomo KARIBAN k6122 personalizzabile con il vostro logo","sv":"M\u00e4ns bomberjacka KARIBAN k6122 personlig med ditt logo","pt":"Jaqueta bomber homem KARIBAN k6122 personaliz\u00e1vel com seu logotipo","da":"Mandens bomberjakke KARIBAN k6122 tilpasses med dit logo","pl":"Bluzka bombowa dla m\u0119\u017cczyzn KARIBAN k6122 osobistna z Twoim logiem"},"description":{"fr":"Blouson bomber homme en 100% polyester avec doublure matelass\u00e9e 100% polyester. Fermeture zipp\u00e9e, 2 poches passepoil\u00e9es devant, poche plaqu\u00e9e zipp\u00e9e avec poche stylo sur la manche gauche et poche passepoil\u00e9e int\u00e9rieure. Bord-c\u00f4te 2x2 au col, bas de manches et de v\u00eatement. 1 zip c\u00f4t\u00e9 c\u0153ur et 1 zip au bas du v\u00eatement pour faciliter l'acc\u00e8s pour la personnalisation. Ce blouson offre une surface id\u00e9ale pour l'ajout de votre logo ou de tout autre visuel. Possibilit\u00e9 de personnalisation en broderie pour un rendu \u00e9l\u00e9gant et durable.\n\n- 100% polyester\n- Doublure matelass\u00e9e 100% polyester\n- Poche stylo zipp\u00e9e\n- Bord-c\u00f4te 2x2\n- Zip pour personnalisation","en":"Men's 100% polyester bomber jacket with quilted polyester lining. Zip closure, 2 welted pockets in front, zipped patch pocket with pen pocket on the left sleeve and welted inner pocket. Rib-knit collar, cuffs and hem. 1 zip at the heart side and 1 zip at the bottom of the garment to facilitate access for customization. This jacket offers an ideal surface for adding your logo or any other visual. Possibility of embroidery customization for an elegant and durable result.","de":"Bomberjacke Mann aus 100% Polyester mit gepolsterter Innenausstattung aus 100% Polyester. Rei\u00dfverschluss, 2 vorderseitige Kanten mit Paspeln, eingesteppte Rei\u00dfverschlusstasche mit Stiftasche am linken \u00c4rmel und eingesteppte Innentasche. 2x2 Kanten am Kragen, \u00c4rmel- und Kleidungsboden. 1 Rei\u00dfverschluss an der Herzseite und 1 Rei\u00dfverschluss am Kleidungsboden f\u00fcr einfachen Zugang zur Personalisierung. Diese Jacke bietet eine ideale Oberfl\u00e4che f\u00fcr das Hinzuf\u00fcgen Ihres Logos oder jedes anderen visuellen Elements. M\u00f6glichkeit zur Personalisierung durch Stickerei f\u00fcr ein elegantes und dauerhaftes Ergebnis.","nl":"Bomberjasje man van 100% polyester met gestoffeerde voering van 100% polyester. Rijsluiting, 2 voorste paspoelpockets, een geplatte zak met rits en een potloodzak op de linker mouw en een binnenste paspoelpocket. 2x2 rib aan de kraag, mouwranden en kledingrand. 1 rits aan de borst en 1 rits aan de onderkant van het kledingstuk om de toegang te vergemakkelijken voor personalisatie. Dit jasje biedt een ideale oppervlakte voor het toevoegen van uw logo of elk ander visueel. Mogelijkheid om te personaliseren met borduurwerk voor een elegante en duurzame uitstraling","es":"Chaqueta bomber hombre de 100% poli\u00e9ster con forro acolchado de 100% poli\u00e9ster. Cierre de cremallera, 2 bolsillos con solapa delante, bolsillo plano con cremallera con bolsillo para bol\u00edgrafo en la manga izquierda y bolsillo con solapa interior. Bordado 2x2 en el cuello, en los pu\u00f1os y en el bajo del vestido. 1 cremallera lateral y 1 cremallera en el bajo del vestido para facilitar el acceso para la personalizaci\u00f3n. Esta chaqueta ofrece una superficie ideal para la adici\u00f3n de su logo o de cualquier otro visuel. Posibilidad de personalizaci\u00f3n en bordado para un resultado elegante y duradero","it":"Giubbotto bomber uomo in 100% poliestere con fodera imbottita in 100% poliestere. Chiusura a zip, 2 tasche a coste davanti, tasca piatta a zip con tasca per penna sul braccio sinistro e tasca a coste interna. Colletto, bordi delle maniche e del capo in costina 2x2. 1 zip sul lato del cuore e 1 zip sul fondo del capo per facilitare l'accesso per la personalizzazione. Questo giubbotto offre una superficie ideale per l'aggiunta del vostro logo o di qualsiasi altro visivo. Possibilit\u00e0 di personalizzazione con ricamo per un risultato elegante e duraturo.","sv":"M\u00e4ns bomberjacka i 100% polyester med mattad 100% polyesterfoder. L\u00e5s med glidl\u00e5s, 2 passpoilerade fickor fram, en zippad platt ficka och en pennficka p\u00e5 v\u00e4nster\u00e4rm och en passpoilerad inre ficka. Dubbel passpoilering p\u00e5 krage, \u00e4rmar och nederkant. 1 glidl\u00e5s p\u00e5 hj\u00e4rtat och 1 glidl\u00e5s p\u00e5 nederkant f\u00f6r att underl\u00e4tta personligg\u00f6rande. Denna jacka erbjuder en idealisk yta f\u00f6r att l\u00e4gga till ditt logo eller annat visuell. M\u00f6jlighet att personalisera med broderi f\u00f6r ett elegant och h\u00e5llbart resultat.\n\n- 100% polyester\n- Mattad foder 100% polyester\n- Zippad pennficka\n- Dubbel passpoilering\n- Glidl\u00e5s f\u00f6r personligg\u00f6rande","pt":"Jaqueta bomber homem em 100% poli\u00e9ster com forro acolchoado 100% poli\u00e9ster. Fechamento z\u00edper, 2 bolsos com detalhes frontais, bolso com z\u00edper com bolso para caneta no bra\u00e7o esquerdo e bolso com detalhes interno. Rebordo duplo no colarinho, mangas e na base da vestimenta. 1 z\u00edper no lado cora\u00e7\u00e3o e 1 z\u00edper na base da vestimenta para facilitar o acesso para a personaliza\u00e7\u00e3o. Esta jaqueta oferece uma superf\u00edcie ideal para a adi\u00e7\u00e3o do seu logotipo ou de qualquer outro visual. Possibilidade de personaliza\u00e7\u00e3o em bordado para um visual elegante e duradouro.\n\n- 100% poli\u00e9ster\n- Forro acolchoado 100% poli\u00e9ster\n- Bolso para caneta com z\u00edper\n- Rebordo duplo\n- Z\u00edper para personaliza\u00e7\u00e3o","da":"Mandens bomberjakke i 100% polyester med mattepolstret inderside i 100% polyester. Glidel\u00e5s, 2 passerede lommer foran, lomme med glidel\u00e5s med pennelomme p\u00e5 venstre \u00e6rm og passeret indre lomme. Kantning 2x2 p\u00e5 krave, \u00e6rm og nederdel. 1 glidel\u00e5s p\u00e5 hjerte og 1 glidel\u00e5s i nederdelen af jakken for at lette adgangen til tilpasning. Denne jakke tilbyder en ideel overflade til tilf\u00f8jelse af dit logo eller ethvert andet visuelle. Mulighed for tilpasning med broderi for en elegant og holdbar effekt.\n\n- 100% polyester\n- Mattepolstret inderside i 100% polyester\n- Lomme med glidel\u00e5s\n- Kantning 2x2\n- Glidel\u00e5s til tilpasning","pl":"Bluzka bombowa dla m\u0119\u017cczyzn z 100% poliesteru z podszewk\u0105 matow\u0105 z 100% poliesteru. Zamkni\u0119cie z zapi\u0119ciem z z\u0105bkami, 2 kieszenie z obramowaniem z przodu, kiesze\u0144 z zapi\u0119ciem z z\u0105bkami z p\u0142askim zak\u0142adem z pi\u00f3rem na lewej r\u0119kawie i kiesze\u0144 z obramowaniem z wn\u0119trza. Kraw\u0119d\u017a z dwoma sznurem w ko\u0142nierzu, na r\u0119kawach i na dolnej cz\u0119\u015bci ubrania. Jedno zapi\u0119cie z z\u0105bkami po stronie serca i jedno zapi\u0119cie z z\u0105bkami na dolnej cz\u0119\u015bci ubrania, aby u\u0142atwi\u0107 dost\u0119p do personalizacji. Ta bluzka oferuje idealn\u0105 powierzchni\u0119 do dodania Twojego loga lub jakiego\u015b innego wizualnego. Mo\u017cliwo\u015b\u0107 personalizacji haftem dla eleganckiego i trwa\u0142ego efektu."},"h1":{"fr":"Blouson bomber homme k6122 personnalisation avec votre visuel","en":"Men's bomber jacket k6122 customization with your visual","de":"Bomberjacke Mann k6122 Personalisierung mit Ihrem Visuellen","nl":"Bomberjasje man k6122 personalisatie met uw visueel","es":"Chaqueta bomber hombre k6122 personalizaci\u00f3n con su visuel","it":"Giubbotto bomber uomo k6122 personalizzazione con il vostro visivo","sv":"M\u00e4ns bomberjacka k6122 personlig med ditt visuell","pt":"Jaqueta bomber homem k6122 personaliza\u00e7\u00e3o com seu visual","da":"Mandens bomberjakke k6122 tilpasning med dit visuelle","pl":"Bluzka bombowa dla m\u0119\u017cczyzn k6122 personalizacja z Twoim wizualnym"},"meta_description":{"fr":"Blouson bomber homme polyester matelass\u00e9 KARIBAN k6122. Personnalisable en broderie ou avec votre logo. Id\u00e9al pour les professionnels.","en":"Men's quilted polyester bomber jacket KARIBAN k6122. Customizable with embroidery or your logo. Ideal for professionals.","de":"Bomberjacke Mann Polyester gepolstert KARIBAN k6122. Personalisierbar durch Stickerei oder mit Ihrem Logo. Ideal f\u00fcr Profis.","nl":"Bomberjasje man polyester gestoffeerd KARIBAN k6122. Personaliseerbaar met borduurwerk of met uw logo. Ideaal voor professionals.","es":"Chaqueta bomber hombre de poli\u00e9ster acolchado KARIBAN k6122. Personalizable en bordado o con su logo. Ideal para profesionales.","it":"Giubbotto bomber uomo in poliestere imbottito KARIBAN k6122. Personalizzabile con ricamo o con il vostro logo. Ideale per i professionisti.","sv":"M\u00e4ns bomberjacka KARIBAN k6122 i polyester med foder. Kan personaliseras med broderi eller med ditt logo. Idealisk f\u00f6r professionella.","pt":"Jaqueta bomber homem de poli\u00e9ster acolchoado KARIBAN k6122. Personaliz\u00e1vel em bordado ou com seu logotipo. Ideal para profissionais.","da":"Mandens bomberjakke KARIBAN k6122. Kan tilpasses med broderi eller med dit logo. Ideel til professionelle.","pl":"Bluzka bombowa dla m\u0119\u017cczyzn z poliesteru matowego KARIBAN k6122. Mo\u017cliwa personalizacja haftem lub logiem. Idealna dla profesjonalist\u00f3w."}}},"categories":[{"id":301,"name":"Parkas et blousons","singular":"Parka et blouson","is_feminin":false},{"id":13,"name":"Vestes et manteaux","singular":"Veste et manteau","is_feminin":true},{"id":354,"name":"Textile","singular":"Textile","is_feminin":false}],"certifications":[],"videos":{"fr":[],"en":[],"de":[],"nl":[],"es":[],"it":[],"sv":[],"pt":[],"da":[],"pl":[]},"main_images":{"miniature":"https:\/\/media.th4.com\/NRCWYiTckmma5McCJE301bniJb3goGH3IeTcHxrQlWM\/pr:80\/aHR0cDovL21lZGlhMi5kZXNpZ25wYXJ0bmVyLmZyL2MvcC1NVC8xNDU4NS5qcGc?v=1670844131","medium":"https:\/\/media.th4.com\/oNmq3qB943X2kzFGJUvTkHdaWcJ5jF_cMEACzKDzReo\/pr:550x550greybg\/aHR0cDovL21lZGlhMi5kZXNpZ25wYXJ0bmVyLmZyL2MvcC1NVC8xNDU4NS5qcGc?v=1670844131","medium_large":"https:\/\/media.th4.com\/6qNPqbnwhS9dWArt03-DDxkkkqX7cNZFR58IiOdehuA\/pr:1000x1000greybg\/aHR0cDovL21lZGlhMi5kZXNpZ25wYXJ0bmVyLmZyL2MvcC1NVC8xNDU4NS5qcGc?v=1670844131","large":"https:\/\/media.th4.com\/g-VGF_Su931Kai75I4iyYv5R-kN5tmTsf_7aTdPRAtc\/pr:1920greybg\/aHR0cDovL21lZGlhMi5kZXNpZ25wYXJ0bmVyLmZyL2MvcC1NVC8xNDU4NS5qcGc?v=1670844131","opengraph":"https:\/\/media.th4.com\/LuuT_NkIKXZwQZZxpc-_GZPsSsE9Ma7j-Zh7dFjzB3E\/pr:1200x630greybg\/aHR0cDovL21lZGlhMi5kZXNpZ25wYXJ0bmVyLmZyL2MvcC1NVC8xNDU4NS5qcGc?v=1670844131"},"main_images_customization":{"miniature":"https:\/\/media.th4.com\/NRCWYiTckmma5McCJE301bniJb3goGH3IeTcHxrQlWM\/pr:80\/aHR0cDovL21lZGlhMi5kZXNpZ25wYXJ0bmVyLmZyL2MvcC1NVC8xNDU4NS5qcGc?v=1670844131","medium":"https:\/\/media.th4.com\/oNmq3qB943X2kzFGJUvTkHdaWcJ5jF_cMEACzKDzReo\/pr:550x550greybg\/aHR0cDovL21lZGlhMi5kZXNpZ25wYXJ0bmVyLmZyL2MvcC1NVC8xNDU4NS5qcGc?v=1670844131","medium_large":"https:\/\/media.th4.com\/6qNPqbnwhS9dWArt03-DDxkkkqX7cNZFR58IiOdehuA\/pr:1000x1000greybg\/aHR0cDovL21lZGlhMi5kZXNpZ25wYXJ0bmVyLmZyL2MvcC1NVC8xNDU4NS5qcGc?v=1670844131","large":"https:\/\/media.th4.com\/g-VGF_Su931Kai75I4iyYv5R-kN5tmTsf_7aTdPRAtc\/pr:1920greybg\/aHR0cDovL21lZGlhMi5kZXNpZ25wYXJ0bmVyLmZyL2MvcC1NVC8xNDU4NS5qcGc?v=1670844131","opengraph":"https:\/\/media.th4.com\/LuuT_NkIKXZwQZZxpc-_GZPsSsE9Ma7j-Zh7dFjzB3E\/pr:1200x630greybg\/aHR0cDovL21lZGlhMi5kZXNpZ25wYXJ0bmVyLmZyL2MvcC1NVC8xNDU4NS5qcGc?v=1670844131"},"page_links":{"fr":"\/fr\/p-ka-k6122-blouson-bomber-homme-k6122-14585\/","en":"\/en\/p-ka-k6122-mens-bomber-jacket-k6122-14585\/","de":"\/de\/p-ka-k6122-manner-bomber-jacke-k6122-14585\/","nl":"\/nl\/p-ka-k6122-man-bomberjas-k6122-14585\/","es":"\/es\/p-ka-k6122-chaqueta-bomber-para-hombre-k6122-14585\/","it":"\/it\/p-ka-k6122-giacca-bomber-uomo-k6122-14585\/","sv":"\/sv\/p-ka-k6122-blouson-bomber-for-man-k6122-14585\/","pt":"\/pt\/p-ka-k6122-jaqueta-bomber-homem-k6122-14585\/","da":"\/da\/p-ka-k6122-blouson-bomber-mand-k6122-14585\/","pl":"\/pl\/p-ka-k6122-kurtka-bombowa-meska-k6122-14585\/"},"page_links_customization":{"fr":"\/fr\/p-ka-k6122-blouson-bomber-homme-k6122-personnalisation-avec-votre-visuel-14585\/custom\/","en":"\/en\/p-ka-k6122-mens-bomber-jacket-k6122-customization-with-your-visual-14585\/custom\/","de":"\/de\/p-ka-k6122-bomberjacke-mann-k6122-personalisierung-mit-ihrem-visuellen-14585\/custom\/","nl":"\/nl\/p-ka-k6122-bomberjasje-man-k6122-personalisatie-met-uw-visueel-14585\/custom\/","es":"\/es\/p-ka-k6122-chaqueta-bomber-hombre-k6122-personalizacion-con-su-visuel-14585\/custom\/","it":"\/it\/p-ka-k6122-giubbotto-bomber-uomo-k6122-personalizzazione-con-il-vostro-visivo-14585\/custom\/","sv":"\/sv\/p-ka-k6122-mans-bomberjacka-k6122-personlig-med-ditt-visuell-14585\/custom\/","pt":"\/pt\/p-ka-k6122-jaqueta-bomber-homem-k6122-personalizacao-com-seu-visual-14585\/custom\/","da":"\/da\/p-ka-k6122-mandens-bomberjakke-k6122-tilpasning-med-dit-visuelle-14585\/custom\/","pl":"\/pl\/p-ka-k6122-bluzka-bombowa-dla-mezczyzn-k6122-personalizacja-z-twoim-wizualnym-14585\/custom\/"},"equivalent_products":[14586],"colors":[{"id":1261,"name":"navy","class_ids":[2],"codes_hexa":["012942"],"delai_24":false,"has_3d":false,"seuil_global":0,"stock_local":0,"stock_global":3035,"on_standby":false,"in_catalog":true,"images":{"miniature":["https:\/\/media.th4.com\/B4VG6NgLhZCYlJeVMU1726ecvQkkSfrUPWYz7PQJbRo\/pr:80\/aHR0cDovL21lZGlhMi5kZXNpZ25wYXJ0bmVyLmZyL2MvcC8xNDU4NS8xNDU4NS0xMjYxLTEuanBn?v=1638344243","https:\/\/media.th4.com\/RJnsOcSsclWpxcamSE3SmA_cO7-tgAaujonsgD_NHLk\/pr:80\/aHR0cDovL21lZGlhMi5kZXNpZ25wYXJ0bmVyLmZyL2MvcC8xNDU4NS8xNDU4NS0xMjYxLTIuanBn?v=1638344243","https:\/\/media.th4.com\/ehliy9ks8OuSNOZ3XDRo5Fu98ELgphpFu3EwKALS1EI\/pr:80\/aHR0cDovL21lZGlhMi5kZXNpZ25wYXJ0bmVyLmZyL2MvcC8xNDU4NS8xNDU4NS0xMjYxLTMuanBn?v=1638344243"],"medium":["https:\/\/media.th4.com\/SWrXO84jxu2z6s1NdvR1GSf8D6XigzRs6DdY5-M_6EM\/pr:550x550\/aHR0cDovL21lZGlhMi5kZXNpZ25wYXJ0bmVyLmZyL2MvcC8xNDU4NS8xNDU4NS0xMjYxLTEuanBn?v=1638344243","https:\/\/media.th4.com\/mKUp47i__sO6dBKJoMdIScG6tY7R45e-EhXMQj4h6lU\/pr:550x550\/aHR0cDovL21lZGlhMi5kZXNpZ25wYXJ0bmVyLmZyL2MvcC8xNDU4NS8xNDU4NS0xMjYxLTIuanBn?v=1638344243","https:\/\/media.th4.com\/l0DuL7GRE8wMONf-McESCRzNVAgXwtUCv3ONKMt6NDc\/pr:550x550\/aHR0cDovL21lZGlhMi5kZXNpZ25wYXJ0bmVyLmZyL2MvcC8xNDU4NS8xNDU4NS0xMjYxLTMuanBn?v=1638344243"],"medium_large":["https:\/\/media.th4.com\/KR7NV_jDbzfVwyrd1IA22mdputomk0Q1HaXz7uwR8m4\/pr:1000x1000\/aHR0cDovL21lZGlhMi5kZXNpZ25wYXJ0bmVyLmZyL2MvcC8xNDU4NS8xNDU4NS0xMjYxLTEuanBn?v=1638344243","https:\/\/media.th4.com\/4FX3XyMYhOS1e6eC9wX6R3b31wlHByKy5LcSFjAUskw\/pr:1000x1000\/aHR0cDovL21lZGlhMi5kZXNpZ25wYXJ0bmVyLmZyL2MvcC8xNDU4NS8xNDU4NS0xMjYxLTIuanBn?v=1638344243","https:\/\/media.th4.com\/ZYv9Jv_xe9l9LteBEr6Uww0Lx3SNxHosjK7TwLIBAnw\/pr:1000x1000\/aHR0cDovL21lZGlhMi5kZXNpZ25wYXJ0bmVyLmZyL2MvcC8xNDU4NS8xNDU4NS0xMjYxLTMuanBn?v=1638344243"],"large":["https:\/\/media.th4.com\/9IojcKZh6E5ZQTM3-jfRIYV0zvs5r1LAgCR3WkkiZpc\/pr:1920\/aHR0cDovL21lZGlhMi5kZXNpZ25wYXJ0bmVyLmZyL2MvcC8xNDU4NS8xNDU4NS0xMjYxLTEuanBn?v=1638344243","https:\/\/media.th4.com\/ymwUqNSytfqQrN3kAZymA1qk60vyRXUQaDOGXc3MC7w\/pr:1920\/aHR0cDovL21lZGlhMi5kZXNpZ25wYXJ0bmVyLmZyL2MvcC8xNDU4NS8xNDU4NS0xMjYxLTIuanBn?v=1638344243","https:\/\/media.th4.com\/cAsIKc5E7sYTzpbrK2tuu4eT6Q7JHRWLH35AmG_riUI\/pr:1920\/aHR0cDovL21lZGlhMi5kZXNpZ25wYXJ0bmVyLmZyL2MvcC8xNDU4NS8xNDU4NS0xMjYxLTMuanBn?v=1638344243"],"opengraph":["https:\/\/media.th4.com\/IjYyWuqMGUkQCe_l-Lv3ommCk5yWu1fYadEarqQcyfA\/pr:1200x630\/aHR0cDovL21lZGlhMi5kZXNpZ25wYXJ0bmVyLmZyL2MvcC8xNDU4NS8xNDU4NS0xMjYxLTEuanBn?v=1638344243","https:\/\/media.th4.com\/mnVES8uZOsVE-zS_5OVP4G3DE3Rz-ZwtJNZrbM06IcI\/pr:1200x630\/aHR0cDovL21lZGlhMi5kZXNpZ25wYXJ0bmVyLmZyL2MvcC8xNDU4NS8xNDU4NS0xMjYxLTIuanBn?v=1638344243","https:\/\/media.th4.com\/mevbUatjPKxVfMXjvBbsu5QY1_Qw9_nY3ShWR8WCHFs\/pr:1200x630\/aHR0cDovL21lZGlhMi5kZXNpZ25wYXJ0bmVyLmZyL2MvcC8xNDU4NS8xNDU4NS0xMjYxLTMuanBn?v=1638344243"]},"images_customization":{"miniature":["https:\/\/media.th4.com\/iYwRy7qbmaIsGTb3bxnN34_HPRDtQ9SJ4GwCqYdWKuU\/pr:80\/aHR0cDovL21lZGlhMi5kZXNpZ25wYXJ0bmVyLmZyL2MvcC1zaG9wcGluZy1jdXN0b20tVEgvMTQ1ODUvMTQ1ODUtMTI2MS0xLmpwZw?v=1737556474"],"medium":["https:\/\/media.th4.com\/6ylqPifSvLJIjxeHR3uTASyB1brXNOo7Yg2c0btjkDs\/pr:550x550\/aHR0cDovL21lZGlhMi5kZXNpZ25wYXJ0bmVyLmZyL2MvcC1zaG9wcGluZy1jdXN0b20tVEgvMTQ1ODUvMTQ1ODUtMTI2MS0xLmpwZw?v=1737556474"],"medium_large":["https:\/\/media.th4.com\/zvkqWlUhGpjupb14ZjB4YgkXr0Cua26MT7TaG9e4o94\/pr:1000x1000\/aHR0cDovL21lZGlhMi5kZXNpZ25wYXJ0bmVyLmZyL2MvcC1zaG9wcGluZy1jdXN0b20tVEgvMTQ1ODUvMTQ1ODUtMTI2MS0xLmpwZw?v=1737556474"],"large":["https:\/\/media.th4.com\/z4VYhCTkKN1YUOQPCq4LCFqAXTfU4XaQHftYIuQJN-w\/pr:1920\/aHR0cDovL21lZGlhMi5kZXNpZ25wYXJ0bmVyLmZyL2MvcC1zaG9wcGluZy1jdXN0b20tVEgvMTQ1ODUvMTQ1ODUtMTI2MS0xLmpwZw?v=1737556474"],"opengraph":["https:\/\/media.th4.com\/i3N2QGF48B4fhvQDKQycoY0ituT72XDqIOWl4NnlteQ\/pr:1200x630\/aHR0cDovL21lZGlhMi5kZXNpZ25wYXJ0bmVyLmZyL2MvcC1zaG9wcGluZy1jdXN0b20tVEgvMTQ1ODUvMTQ1ODUtMTI2MS0xLmpwZw?v=1737556474"]},"country_origin":"CN","traceability":{"manufacturing_country_id":null,"weaving_country_id":null,"dyeing_country_id":null},"sizes":[{"id":3,"article_id":375206,"class_id":3,"name":"S","on_standby":false,"stock_local":0,"stock_global":279,"multiple":1,"estimated_date_reassort":null,"is_destocking":false},{"id":2,"article_id":375207,"class_id":4,"name":"M","on_standby":false,"stock_local":0,"stock_global":892,"multiple":1,"estimated_date_reassort":null,"is_destocking":false},{"id":1,"article_id":382184,"class_id":5,"name":"L","on_standby":false,"stock_local":0,"stock_global":1031,"multiple":1,"estimated_date_reassort":null,"is_destocking":false},{"id":4,"article_id":375208,"class_id":6,"name":"XL","on_standby":false,"stock_local":0,"stock_global":512,"multiple":1,"estimated_date_reassort":null,"is_destocking":false},{"id":1116,"article_id":375209,"class_id":7,"name":"2XL","on_standby":false,"stock_local":0,"stock_global":247,"multiple":1,"estimated_date_reassort":null,"is_destocking":false},{"id":1081,"article_id":375210,"class_id":8,"name":"3XL","on_standby":false,"stock_local":0,"stock_global":74,"multiple":1,"estimated_date_reassort":null,"is_destocking":false}],"page_links":{"fr":"\/fr\/p-ka-k6122-blouson-bomber-homme-k6122-14585\/navy-1261\/","en":"\/en\/p-ka-k6122-mens-bomber-jacket-k6122-14585\/navy-1261\/","de":"\/de\/p-ka-k6122-manner-bomber-jacke-k6122-14585\/navy-1261\/","nl":"\/nl\/p-ka-k6122-man-bomberjas-k6122-14585\/navy-1261\/","es":"\/es\/p-ka-k6122-chaqueta-bomber-para-hombre-k6122-14585\/navy-1261\/","it":"\/it\/p-ka-k6122-giacca-bomber-uomo-k6122-14585\/navy-1261\/","sv":"\/sv\/p-ka-k6122-blouson-bomber-for-man-k6122-14585\/navy-1261\/","pt":"\/pt\/p-ka-k6122-jaqueta-bomber-homem-k6122-14585\/navy-1261\/","da":"\/da\/p-ka-k6122-blouson-bomber-mand-k6122-14585\/navy-1261\/","pl":"\/pl\/p-ka-k6122-kurtka-bombowa-meska-k6122-14585\/navy-1261\/"},"page_links_customization":{"fr":"\/fr\/p-ka-k6122-blouson-bomber-homme-k6122-personnalisation-avec-votre-visuel-14585\/navy-1261\/custom\/","en":"\/en\/p-ka-k6122-mens-bomber-jacket-k6122-customization-with-your-visual-14585\/navy-1261\/custom\/","de":"\/de\/p-ka-k6122-bomberjacke-mann-k6122-personalisierung-mit-ihrem-visuellen-14585\/navy-1261\/custom\/","nl":"\/nl\/p-ka-k6122-bomberjasje-man-k6122-personalisatie-met-uw-visueel-14585\/navy-1261\/custom\/","es":"\/es\/p-ka-k6122-chaqueta-bomber-hombre-k6122-personalizacion-con-su-visuel-14585\/navy-1261\/custom\/","it":"\/it\/p-ka-k6122-giubbotto-bomber-uomo-k6122-personalizzazione-con-il-vostro-visivo-14585\/navy-1261\/custom\/","sv":"\/sv\/p-ka-k6122-mans-bomberjacka-k6122-personlig-med-ditt-visuell-14585\/navy-1261\/custom\/","pt":"\/pt\/p-ka-k6122-jaqueta-bomber-homem-k6122-personalizacao-com-seu-visual-14585\/navy-1261\/custom\/","da":"\/da\/p-ka-k6122-mandens-bomberjakke-k6122-tilpasning-med-dit-visuelle-14585\/navy-1261\/custom\/","pl":"\/pl\/p-ka-k6122-bluzka-bombowa-dla-mezczyzn-k6122-personalizacja-z-twoim-wizualnym-14585\/navy-1261\/custom\/"}},{"id":1520,"name":"black","class_ids":[4],"codes_hexa":["1a1a18"],"delai_24":false,"has_3d":false,"seuil_global":0,"stock_local":0,"stock_global":1996,"on_standby":false,"in_catalog":true,"images":{"miniature":["https:\/\/media.th4.com\/nITxZ6q8XNtDAVJRNzYryrq0amVZmAZD6-9sQO_zdV4\/pr:80\/aHR0cDovL21lZGlhMi5kZXNpZ25wYXJ0bmVyLmZyL2MvcC8xNDU4NS8xNDU4NS0xNTIwLTEuanBn?v=1638344243","https:\/\/media.th4.com\/gquOLxnQmIUHLliS8SR1nsNHqPp_syedNArdPe-e_GA\/pr:80\/aHR0cDovL21lZGlhMi5kZXNpZ25wYXJ0bmVyLmZyL2MvcC8xNDU4NS8xNDU4NS0xNTIwLTIuanBn?v=1638344243","https:\/\/media.th4.com\/8X3Mi2vOnithg6TkvP4G2Pg20FJOjzDLfRv0-K8Wq54\/pr:80\/aHR0cDovL21lZGlhMi5kZXNpZ25wYXJ0bmVyLmZyL2MvcC8xNDU4NS8xNDU4NS0xNTIwLTMuanBn?v=1638344243"],"medium":["https:\/\/media.th4.com\/74U3DgoZfCZRugw0dzPXEzsI4AxaSP1hmKDLBV9PVl8\/pr:550x550\/aHR0cDovL21lZGlhMi5kZXNpZ25wYXJ0bmVyLmZyL2MvcC8xNDU4NS8xNDU4NS0xNTIwLTEuanBn?v=1638344243","https:\/\/media.th4.com\/2IS8UzPgahLIswYBSf25rP7FDf_5Oh6mVrVJ3Nll5B4\/pr:550x550\/aHR0cDovL21lZGlhMi5kZXNpZ25wYXJ0bmVyLmZyL2MvcC8xNDU4NS8xNDU4NS0xNTIwLTIuanBn?v=1638344243","https:\/\/media.th4.com\/0ZjZ0_-kyWDG4iDlCP9QdE0OGN1YDeIYu5q_zxi2AOU\/pr:550x550\/aHR0cDovL21lZGlhMi5kZXNpZ25wYXJ0bmVyLmZyL2MvcC8xNDU4NS8xNDU4NS0xNTIwLTMuanBn?v=1638344243"],"medium_large":["https:\/\/media.th4.com\/N6aRNzGkGCLQ3LTMFTgmfWb6yPRp027zt21-AgecVrQ\/pr:1000x1000\/aHR0cDovL21lZGlhMi5kZXNpZ25wYXJ0bmVyLmZyL2MvcC8xNDU4NS8xNDU4NS0xNTIwLTEuanBn?v=1638344243","https:\/\/media.th4.com\/1CYdpp5rRAXcIWOnI1xlvnbj8KKHSd1iGqYWC_dqdLE\/pr:1000x1000\/aHR0cDovL21lZGlhMi5kZXNpZ25wYXJ0bmVyLmZyL2MvcC8xNDU4NS8xNDU4NS0xNTIwLTIuanBn?v=1638344243","https:\/\/media.th4.com\/dQkT22GkPnUDTxbLBRPqxrHi_cyA1ePEt-cYAjJHLP8\/pr:1000x1000\/aHR0cDovL21lZGlhMi5kZXNpZ25wYXJ0bmVyLmZyL2MvcC8xNDU4NS8xNDU4NS0xNTIwLTMuanBn?v=1638344243"],"large":["https:\/\/media.th4.com\/NY_E5a4VZjLMviTm0w2cHSIYelzpytKVlcMGG7aaL1U\/pr:1920\/aHR0cDovL21lZGlhMi5kZXNpZ25wYXJ0bmVyLmZyL2MvcC8xNDU4NS8xNDU4NS0xNTIwLTEuanBn?v=1638344243","https:\/\/media.th4.com\/d-RjczkiA9CQ7rPcMZ4UFI7ZDnCXu5nJw_EDT_kkKYY\/pr:1920\/aHR0cDovL21lZGlhMi5kZXNpZ25wYXJ0bmVyLmZyL2MvcC8xNDU4NS8xNDU4NS0xNTIwLTIuanBn?v=1638344243","https:\/\/media.th4.com\/x_Oz0rgDoL8HDb1C0V3qrlgqw-NWXp2OyMb2BL28e7E\/pr:1920\/aHR0cDovL21lZGlhMi5kZXNpZ25wYXJ0bmVyLmZyL2MvcC8xNDU4NS8xNDU4NS0xNTIwLTMuanBn?v=1638344243"],"opengraph":["https:\/\/media.th4.com\/1tnpOi56c4JXgRAQ-rQFlorW8ZuMLtaUTjSrQ3Kd2uI\/pr:1200x630\/aHR0cDovL21lZGlhMi5kZXNpZ25wYXJ0bmVyLmZyL2MvcC8xNDU4NS8xNDU4NS0xNTIwLTEuanBn?v=1638344243","https:\/\/media.th4.com\/Nf96eueMBPJevJSDWtTKjvuohNmCY1o8DaHZBbzPMc8\/pr:1200x630\/aHR0cDovL21lZGlhMi5kZXNpZ25wYXJ0bmVyLmZyL2MvcC8xNDU4NS8xNDU4NS0xNTIwLTIuanBn?v=1638344243","https:\/\/media.th4.com\/orKcxtb9s1AbV35Tudwj2SwrtuheTKrkiu_vItkfrZ8\/pr:1200x630\/aHR0cDovL21lZGlhMi5kZXNpZ25wYXJ0bmVyLmZyL2MvcC8xNDU4NS8xNDU4NS0xNTIwLTMuanBn?v=1638344243"]},"images_customization":{"miniature":["https:\/\/media.th4.com\/5ryzGksRcxhmDwIy7IY266Vk21WtysH4OeR-eJjUlrE\/pr:80\/aHR0cDovL21lZGlhMi5kZXNpZ25wYXJ0bmVyLmZyL2MvcC1zaG9wcGluZy1jdXN0b20tVEgvMTQ1ODUvMTQ1ODUtMTUyMC0xLmpwZw?v=1737556473"],"medium":["https:\/\/media.th4.com\/1ELXQxUXkkxMg1q5yJkhKyVXYADK8kR3zqPB96y74-U\/pr:550x550\/aHR0cDovL21lZGlhMi5kZXNpZ25wYXJ0bmVyLmZyL2MvcC1zaG9wcGluZy1jdXN0b20tVEgvMTQ1ODUvMTQ1ODUtMTUyMC0xLmpwZw?v=1737556473"],"medium_large":["https:\/\/media.th4.com\/hK4nepyo-xhB8r4MwBj966NSVBJOzjmaKi2G8A1uZ58\/pr:1000x1000\/aHR0cDovL21lZGlhMi5kZXNpZ25wYXJ0bmVyLmZyL2MvcC1zaG9wcGluZy1jdXN0b20tVEgvMTQ1ODUvMTQ1ODUtMTUyMC0xLmpwZw?v=1737556473"],"large":["https:\/\/media.th4.com\/RzT9VzmM3NquCJf9fc6nTs1sU39sJRiS3FeyGgF_jOA\/pr:1920\/aHR0cDovL21lZGlhMi5kZXNpZ25wYXJ0bmVyLmZyL2MvcC1zaG9wcGluZy1jdXN0b20tVEgvMTQ1ODUvMTQ1ODUtMTUyMC0xLmpwZw?v=1737556473"],"opengraph":["https:\/\/media.th4.com\/EhqTUTYkpG6hjUTLRkJhSusg0HrZkSjuYrPQlUVfJ2g\/pr:1200x630\/aHR0cDovL21lZGlhMi5kZXNpZ25wYXJ0bmVyLmZyL2MvcC1zaG9wcGluZy1jdXN0b20tVEgvMTQ1ODUvMTQ1ODUtMTUyMC0xLmpwZw?v=1737556473"]},"country_origin":"CN","traceability":{"manufacturing_country_id":null,"weaving_country_id":null,"dyeing_country_id":null},"sizes":[{"id":3,"article_id":375194,"class_id":3,"name":"S","on_standby":false,"stock_local":0,"stock_global":54,"multiple":1,"estimated_date_reassort":null,"is_destocking":false},{"id":2,"article_id":375195,"class_id":4,"name":"M","on_standby":false,"stock_local":0,"stock_global":448,"multiple":1,"estimated_date_reassort":null,"is_destocking":false},{"id":1,"article_id":375196,"class_id":5,"name":"L","on_standby":false,"stock_local":0,"stock_global":1015,"multiple":1,"estimated_date_reassort":null,"is_destocking":false},{"id":4,"article_id":375197,"class_id":6,"name":"XL","on_standby":false,"stock_local":0,"stock_global":447,"multiple":1,"estimated_date_reassort":null,"is_destocking":false},{"id":1116,"article_id":375198,"class_id":7,"name":"2XL","on_standby":false,"stock_local":0,"stock_global":15,"multiple":1,"estimated_date_reassort":null,"is_destocking":false},{"id":1081,"article_id":375199,"class_id":8,"name":"3XL","on_standby":false,"stock_local":0,"stock_global":17,"multiple":1,"estimated_date_reassort":null,"is_destocking":false}],"page_links":{"fr":"\/fr\/p-ka-k6122-blouson-bomber-homme-k6122-14585\/black-1520\/","en":"\/en\/p-ka-k6122-mens-bomber-jacket-k6122-14585\/black-1520\/","de":"\/de\/p-ka-k6122-manner-bomber-jacke-k6122-14585\/black-1520\/","nl":"\/nl\/p-ka-k6122-man-bomberjas-k6122-14585\/black-1520\/","es":"\/es\/p-ka-k6122-chaqueta-bomber-para-hombre-k6122-14585\/black-1520\/","it":"\/it\/p-ka-k6122-giacca-bomber-uomo-k6122-14585\/black-1520\/","sv":"\/sv\/p-ka-k6122-blouson-bomber-for-man-k6122-14585\/black-1520\/","pt":"\/pt\/p-ka-k6122-jaqueta-bomber-homem-k6122-14585\/black-1520\/","da":"\/da\/p-ka-k6122-blouson-bomber-mand-k6122-14585\/black-1520\/","pl":"\/pl\/p-ka-k6122-kurtka-bombowa-meska-k6122-14585\/black-1520\/"},"page_links_customization":{"fr":"\/fr\/p-ka-k6122-blouson-bomber-homme-k6122-personnalisation-avec-votre-visuel-14585\/black-1520\/custom\/","en":"\/en\/p-ka-k6122-mens-bomber-jacket-k6122-customization-with-your-visual-14585\/black-1520\/custom\/","de":"\/de\/p-ka-k6122-bomberjacke-mann-k6122-personalisierung-mit-ihrem-visuellen-14585\/black-1520\/custom\/","nl":"\/nl\/p-ka-k6122-bomberjasje-man-k6122-personalisatie-met-uw-visueel-14585\/black-1520\/custom\/","es":"\/es\/p-ka-k6122-chaqueta-bomber-hombre-k6122-personalizacion-con-su-visuel-14585\/black-1520\/custom\/","it":"\/it\/p-ka-k6122-giubbotto-bomber-uomo-k6122-personalizzazione-con-il-vostro-visivo-14585\/black-1520\/custom\/","sv":"\/sv\/p-ka-k6122-mans-bomberjacka-k6122-personlig-med-ditt-visuell-14585\/black-1520\/custom\/","pt":"\/pt\/p-ka-k6122-jaqueta-bomber-homem-k6122-personalizacao-com-seu-visual-14585\/black-1520\/custom\/","da":"\/da\/p-ka-k6122-mandens-bomberjakke-k6122-tilpasning-med-dit-visuelle-14585\/black-1520\/custom\/","pl":"\/pl\/p-ka-k6122-bluzka-bombowa-dla-mezczyzn-k6122-personalizacja-z-twoim-wizualnym-14585\/black-1520\/custom\/"}},{"id":16614,"name":"deep_khaki","class_ids":[5],"codes_hexa":["A09877"],"delai_24":false,"has_3d":false,"seuil_global":0,"stock_local":0,"stock_global":1225,"on_standby":false,"in_catalog":true,"images":{"miniature":["https:\/\/media.th4.com\/kFPStSxRbSEZJIVh-fMoxy_qXNdYjmRnSg9Qh7rKRbA\/pr:80\/aHR0cDovL21lZGlhMi5kZXNpZ25wYXJ0bmVyLmZyL2MvcC8xNDU4NS8xNDU4NS0xNjYxNC0xLmpwZw?v=1638344243","https:\/\/media.th4.com\/A7RFWe-gwM1StpgkUMEnkIG62FSZWhBfobsFTFkNxbA\/pr:80\/aHR0cDovL21lZGlhMi5kZXNpZ25wYXJ0bmVyLmZyL2MvcC8xNDU4NS8xNDU4NS0xNjYxNC0yLmpwZw?v=1638344243","https:\/\/media.th4.com\/nHzI3YHn2xwrlKcBEk8Y_bY215Im5zyiRqZsIJM9gZY\/pr:80\/aHR0cDovL21lZGlhMi5kZXNpZ25wYXJ0bmVyLmZyL2MvcC8xNDU4NS8xNDU4NS0xNjYxNC0zLmpwZw?v=1638344243"],"medium":["https:\/\/media.th4.com\/W631wlbxflWaFW-ypCm-BkpwAdYWRbga7NMqF_cFb44\/pr:550x550\/aHR0cDovL21lZGlhMi5kZXNpZ25wYXJ0bmVyLmZyL2MvcC8xNDU4NS8xNDU4NS0xNjYxNC0xLmpwZw?v=1638344243","https:\/\/media.th4.com\/i1iNqnjqM8VqLJo_TOOJhpM6r_qtaw6IBoRHQvUVYkA\/pr:550x550\/aHR0cDovL21lZGlhMi5kZXNpZ25wYXJ0bmVyLmZyL2MvcC8xNDU4NS8xNDU4NS0xNjYxNC0yLmpwZw?v=1638344243","https:\/\/media.th4.com\/rC9cCsnwMiTpLUXW8S7j9k89F2xvm_uzDC-7p5QnCRk\/pr:550x550\/aHR0cDovL21lZGlhMi5kZXNpZ25wYXJ0bmVyLmZyL2MvcC8xNDU4NS8xNDU4NS0xNjYxNC0zLmpwZw?v=1638344243"],"medium_large":["https:\/\/media.th4.com\/kg-OCJliTt_KJgPbzFWebcuBTyGxnsHGjEtuA272YGc\/pr:1000x1000\/aHR0cDovL21lZGlhMi5kZXNpZ25wYXJ0bmVyLmZyL2MvcC8xNDU4NS8xNDU4NS0xNjYxNC0xLmpwZw?v=1638344243","https:\/\/media.th4.com\/RTERv7AdE_oXSE-T-g0Vk9wBqS4dxI7bHxn0ZQIxZos\/pr:1000x1000\/aHR0cDovL21lZGlhMi5kZXNpZ25wYXJ0bmVyLmZyL2MvcC8xNDU4NS8xNDU4NS0xNjYxNC0yLmpwZw?v=1638344243","https:\/\/media.th4.com\/RoQZd5z2-j469HaQf77x1SCXz8oqtqjUs8ZYFkHvZoE\/pr:1000x1000\/aHR0cDovL21lZGlhMi5kZXNpZ25wYXJ0bmVyLmZyL2MvcC8xNDU4NS8xNDU4NS0xNjYxNC0zLmpwZw?v=1638344243"],"large":["https:\/\/media.th4.com\/DR0f23neBw_yG-p1Znk-THudBYQ7JszRHYoLFVLIkdc\/pr:1920\/aHR0cDovL21lZGlhMi5kZXNpZ25wYXJ0bmVyLmZyL2MvcC8xNDU4NS8xNDU4NS0xNjYxNC0xLmpwZw?v=1638344243","https:\/\/media.th4.com\/QocARm4cOkCnGeiPaQNf38HZSPkwhmIqHdho-HiXI-g\/pr:1920\/aHR0cDovL21lZGlhMi5kZXNpZ25wYXJ0bmVyLmZyL2MvcC8xNDU4NS8xNDU4NS0xNjYxNC0yLmpwZw?v=1638344243","https:\/\/media.th4.com\/Mckmo-WkPNcslfM1SE8vztR6JEK82jrVXCStHXd36Jk\/pr:1920\/aHR0cDovL21lZGlhMi5kZXNpZ25wYXJ0bmVyLmZyL2MvcC8xNDU4NS8xNDU4NS0xNjYxNC0zLmpwZw?v=1638344243"],"opengraph":["https:\/\/media.th4.com\/baBEdmXZPk-27fceRLV8B4JlwvhSlwmfUSAzUrOx34A\/pr:1200x630\/aHR0cDovL21lZGlhMi5kZXNpZ25wYXJ0bmVyLmZyL2MvcC8xNDU4NS8xNDU4NS0xNjYxNC0xLmpwZw?v=1638344243","https:\/\/media.th4.com\/vAfaBOqXqydDaYNVHAPEN_QMXAnQjxU5BlQBoK-W2xg\/pr:1200x630\/aHR0cDovL21lZGlhMi5kZXNpZ25wYXJ0bmVyLmZyL2MvcC8xNDU4NS8xNDU4NS0xNjYxNC0yLmpwZw?v=1638344243","https:\/\/media.th4.com\/AHXYYO9zXRg0ssjz79gukdPpeCCWrhoYthh2JJ7PE1M\/pr:1200x630\/aHR0cDovL21lZGlhMi5kZXNpZ25wYXJ0bmVyLmZyL2MvcC8xNDU4NS8xNDU4NS0xNjYxNC0zLmpwZw?v=1638344243"]},"images_customization":{"miniature":["https:\/\/media.th4.com\/lxfeCMfSbE0hEetijfuqyBNywCmNWnxRfpPLEjTBfrE\/pr:80\/aHR0cDovL21lZGlhMi5kZXNpZ25wYXJ0bmVyLmZyL2MvcC1zaG9wcGluZy1jdXN0b20tVEgvMTQ1ODUvMTQ1ODUtMTY2MTQtMS5qcGc?v=1737556473"],"medium":["https:\/\/media.th4.com\/cnX3UdXk4mZvUtsMdqDq6rEs0c4Tz2rcb6fycRQGXqg\/pr:550x550\/aHR0cDovL21lZGlhMi5kZXNpZ25wYXJ0bmVyLmZyL2MvcC1zaG9wcGluZy1jdXN0b20tVEgvMTQ1ODUvMTQ1ODUtMTY2MTQtMS5qcGc?v=1737556473"],"medium_large":["https:\/\/media.th4.com\/39AliZ2zvrjl-j3BEopxGelhMGKBAO_LAk8lXoNmI6M\/pr:1000x1000\/aHR0cDovL21lZGlhMi5kZXNpZ25wYXJ0bmVyLmZyL2MvcC1zaG9wcGluZy1jdXN0b20tVEgvMTQ1ODUvMTQ1ODUtMTY2MTQtMS5qcGc?v=1737556473"],"large":["https:\/\/media.th4.com\/WN5PfOL4afDdUBJLczv2_TBYN8OPTbS0rU-T3SmCGMU\/pr:1920\/aHR0cDovL21lZGlhMi5kZXNpZ25wYXJ0bmVyLmZyL2MvcC1zaG9wcGluZy1jdXN0b20tVEgvMTQ1ODUvMTQ1ODUtMTY2MTQtMS5qcGc?v=1737556473"],"opengraph":["https:\/\/media.th4.com\/z3bkNBMlmMQ1prxCsdvT8sD4NfiWU6ciUVIUsJbyrsA\/pr:1200x630\/aHR0cDovL21lZGlhMi5kZXNpZ25wYXJ0bmVyLmZyL2MvcC1zaG9wcGluZy1jdXN0b20tVEgvMTQ1ODUvMTQ1ODUtMTY2MTQtMS5qcGc?v=1737556473"]},"country_origin":"CN","traceability":{"manufacturing_country_id":null,"weaving_country_id":null,"dyeing_country_id":null},"sizes":[{"id":3,"article_id":375200,"class_id":3,"name":"S","on_standby":false,"stock_local":0,"stock_global":8,"multiple":1,"estimated_date_reassort":null,"is_destocking":false},{"id":2,"article_id":375201,"class_id":4,"name":"M","on_standby":false,"stock_local":0,"stock_global":203,"multiple":1,"estimated_date_reassort":null,"is_destocking":false},{"id":1,"article_id":375202,"class_id":5,"name":"L","on_standby":false,"stock_local":0,"stock_global":426,"multiple":1,"estimated_date_reassort":null,"is_destocking":false},{"id":4,"article_id":375203,"class_id":6,"name":"XL","on_standby":false,"stock_local":0,"stock_global":378,"multiple":1,"estimated_date_reassort":null,"is_destocking":false},{"id":1116,"article_id":375204,"class_id":7,"name":"2XL","on_standby":false,"stock_local":0,"stock_global":137,"multiple":1,"estimated_date_reassort":null,"is_destocking":false},{"id":1081,"article_id":375205,"class_id":8,"name":"3XL","on_standby":false,"stock_local":0,"stock_global":73,"multiple":1,"estimated_date_reassort":null,"is_destocking":false}],"page_links":{"fr":"\/fr\/p-ka-k6122-blouson-bomber-homme-k6122-14585\/deep-khaki-16614\/","en":"\/en\/p-ka-k6122-mens-bomber-jacket-k6122-14585\/deep-khaki-16614\/","de":"\/de\/p-ka-k6122-manner-bomber-jacke-k6122-14585\/deep-khaki-16614\/","nl":"\/nl\/p-ka-k6122-man-bomberjas-k6122-14585\/deep-khaki-16614\/","es":"\/es\/p-ka-k6122-chaqueta-bomber-para-hombre-k6122-14585\/deep-khaki-16614\/","it":"\/it\/p-ka-k6122-giacca-bomber-uomo-k6122-14585\/deep-khaki-16614\/","sv":"\/sv\/p-ka-k6122-blouson-bomber-for-man-k6122-14585\/deep-khaki-16614\/","pt":"\/pt\/p-ka-k6122-jaqueta-bomber-homem-k6122-14585\/deep-khaki-16614\/","da":"\/da\/p-ka-k6122-blouson-bomber-mand-k6122-14585\/deep-khaki-16614\/","pl":"\/pl\/p-ka-k6122-kurtka-bombowa-meska-k6122-14585\/deep-khaki-16614\/"},"page_links_customization":{"fr":"\/fr\/p-ka-k6122-blouson-bomber-homme-k6122-personnalisation-avec-votre-visuel-14585\/deep-khaki-16614\/custom\/","en":"\/en\/p-ka-k6122-mens-bomber-jacket-k6122-customization-with-your-visual-14585\/deep-khaki-16614\/custom\/","de":"\/de\/p-ka-k6122-bomberjacke-mann-k6122-personalisierung-mit-ihrem-visuellen-14585\/deep-khaki-16614\/custom\/","nl":"\/nl\/p-ka-k6122-bomberjasje-man-k6122-personalisatie-met-uw-visueel-14585\/deep-khaki-16614\/custom\/","es":"\/es\/p-ka-k6122-chaqueta-bomber-hombre-k6122-personalizacion-con-su-visuel-14585\/deep-khaki-16614\/custom\/","it":"\/it\/p-ka-k6122-giubbotto-bomber-uomo-k6122-personalizzazione-con-il-vostro-visivo-14585\/deep-khaki-16614\/custom\/","sv":"\/sv\/p-ka-k6122-mans-bomberjacka-k6122-personlig-med-ditt-visuell-14585\/deep-khaki-16614\/custom\/","pt":"\/pt\/p-ka-k6122-jaqueta-bomber-homem-k6122-personalizacao-com-seu-visual-14585\/deep-khaki-16614\/custom\/","da":"\/da\/p-ka-k6122-mandens-bomberjakke-k6122-tilpasning-med-dit-visuelle-14585\/deep-khaki-16614\/custom\/","pl":"\/pl\/p-ka-k6122-bluzka-bombowa-dla-mezczyzn-k6122-personalizacja-z-twoim-wizualnym-14585\/deep-khaki-16614\/custom\/"}}],"documentation_link":"\/pdf\/14585.pdf","countries_availables":["AD","AE","AL","AT","BA","BD","BE","BG","BL","CA","CH","CN","CO","CY","CZ","DE","DK","DO","EE","EG","ES","ET","FI","FR","GB","GE","GF","GP","GR","GT","HK","HN","HR","HT","HU","ID","IE","IN","IS","IT","JO","JP","KE","KH","KP","KR","LA","LK","LS","LT","LU","LV","MA","MF","MG","MK","MM","MN","MQ","MT","MX","MY","NC","NI","NL","PF","PH","PK","PL","PM","PT","RE","RO","SE","SG","SI","SK","SV","SY","TH","TN","TR","TW","TZ","US","VN","WF","YT"]},"infos_customization":[],"features":{"authorize_multi_surfaces":true,"display_order_delay_type":true,"promote_surface_display":true,"tarification_franco_offert":true,"enabled_3d_editor":false},"markings":[{"id":0,"nom":"vierge","finition":null,"libelle":null,"code":null,"dpi":null,"finesse_forme_isolee":null,"finesse_forme_non_isolee":null,"hauteur_minimale_texte":null,"inactif":0,"marquage_interne":1,"quantite_min":null,"parent_id":null,"print_on_support":0,"content":"vierge","description":null},{"id":2,"nom":"fonce","finition":"optimale","libelle":"TopQuadri","code":null,"dpi":400,"finesse_forme_isolee":"0.040","finesse_forme_non_isolee":"0.700","hauteur_minimale_texte":2,"inactif":0,"marquage_interne":1,"quantite_min":null,"parent_id":18,"print_on_support":0,"content":"TopQuadri","description":"pour petites et moyennes s\u00e9ries"},{"id":3,"nom":"serigraphie","finition":"serigraphie","libelle":"SeriCoat","code":null,"dpi":400,"finesse_forme_isolee":"0.040","finesse_forme_non_isolee":"0.700","hauteur_minimale_texte":2,"inactif":0,"marquage_interne":1,"quantite_min":15,"parent_id":18,"print_on_support":0,"content":"SeriCoat","description":"pour moyennes et grandes s\u00e9ries"},{"id":4,"nom":"broderie","finition":"broderie","libelle":"Broderie","code":null,"dpi":400,"finesse_forme_isolee":"0.040","finesse_forme_non_isolee":"0.700","hauteur_minimale_texte":3,"inactif":0,"marquage_interne":1,"quantite_min":null,"parent_id":null,"print_on_support":0,"content":"Broderie","description":null},{"id":8,"nom":"theme","finition":null,"libelle":"Th\u00e8me","code":null,"dpi":null,"finesse_forme_isolee":null,"finesse_forme_non_isolee":null,"hauteur_minimale_texte":null,"inactif":0,"marquage_interne":1,"quantite_min":null,"parent_id":null,"print_on_support":0,"content":"Th\u00e8me","description":null},{"id":9,"nom":"sans","finition":null,"libelle":null,"code":null,"dpi":null,"finesse_forme_isolee":null,"finesse_forme_non_isolee":null,"hauteur_minimale_texte":null,"inactif":0,"marquage_interne":1,"quantite_min":null,"parent_id":null,"print_on_support":0,"content":"sans","description":null},{"id":10,"nom":"photo","finition":null,"libelle":"Photo","code":null,"dpi":null,"finesse_forme_isolee":null,"finesse_forme_non_isolee":null,"hauteur_minimale_texte":null,"inactif":0,"marquage_interne":1,"quantite_min":null,"parent_id":null,"print_on_support":0,"content":"Photo","description":null},{"id":14,"nom":"couleur","finition":null,"libelle":"Couleur","code":null,"dpi":null,"finesse_forme_isolee":null,"finesse_forme_non_isolee":null,"hauteur_minimale_texte":null,"inactif":0,"marquage_interne":1,"quantite_min":null,"parent_id":null,"print_on_support":0,"content":"Couleur","description":null},{"id":15,"nom":"sublimation","finition":"sublimation","libelle":"Sublimation","code":null,"dpi":null,"finesse_forme_isolee":"0.000","finesse_forme_non_isolee":"0.000","hauteur_minimale_texte":2,"inactif":0,"marquage_interne":1,"quantite_min":null,"parent_id":null,"print_on_support":0,"content":"Sublimation","description":null},{"id":16,"nom":"topquadri_uv","finition":null,"libelle":"TopQuadri UV","code":null,"dpi":null,"finesse_forme_isolee":"0.020","finesse_forme_non_isolee":"0.700","hauteur_minimale_texte":2,"inactif":0,"marquage_interne":1,"quantite_min":null,"parent_id":null,"print_on_support":1,"content":null,"description":null},{"id":17,"nom":"topquadri_uvp","finition":null,"libelle":"TopQuadri UVP","code":null,"dpi":null,"finesse_forme_isolee":"0.020","finesse_forme_non_isolee":"0.700","hauteur_minimale_texte":2,"inactif":0,"marquage_interne":1,"quantite_min":null,"parent_id":null,"print_on_support":1,"content":null,"description":null},{"id":18,"nom":"quadri","finition":null,"libelle":"Impression","code":null,"dpi":null,"finesse_forme_isolee":null,"finesse_forme_non_isolee":null,"hauteur_minimale_texte":null,"inactif":0,"marquage_interne":1,"quantite_min":null,"parent_id":null,"print_on_support":0,"content":null,"description":null}]}}