{"data":{"product":{"id":14564,"titre":"Blouson molleton teddy enfant","description":"70% coton \/ 30% polyester. Molleton gratt\u00e9 3 fils. Manches mont\u00e9es contrast\u00e9es. Fermeture devant par boutons pression. Bord-c\u00f4te avec 2 liser\u00e9s contrast\u00e9s au col, manches et bas de v\u00eatement. 2 poches passepoil\u00e9es devant. Bande de propret\u00e9 en chevron et boucle d'accrochage \u00e0 l'int\u00e9rieur col. Pas d'\u00e9tiquette de marque au col, uniquement une puce de taille pour faciliter la personnalisation. V\u00e9ritable ic\u00f4ne de la mode, il se d\u00e9cline partout, de la rue aux bancs des \u00e9coles et m\u00eame sur les podiums.","genre":"enfant","grammage":320,"conditionnement":15,"composition":"coton,polyester","reference":"ka-k498","reference_visible":"ka-k498","reference_fabricant":"K498","ref_xor":"749217","in_catalog":true,"is_transfer":false,"is_service":false,"on_standby":false,"has_3d":false,"has_size_guide":true,"has_marking":true,"has_vierge":true,"is_cross_sellable":false,"id_picto":102,"filename_3d":null,"brand":{"id":25,"name":"Kariban","logo":"logo-kariban.png","image":"https:\/\/media.th4.com\/0rw9lHnnPIY5Gn0FZVsrv47tC3tEhLUIsdVYj4xy6L4\/pr:brand70x70\/aHR0cDovL21lZGlhMi5kZXNpZ25wYXJ0bmVyLmZyL2MvbS9sb2dvLWthcmliYW4ucG5n?v=1736960982"},"price_infos":{"price_from":17.95,"quantity":480,"color":{"id":1322,"name":"navy\/white"},"size":{"id":32,"name":"10\/12"}},"price_infos_marking":{"price_from":21.69,"quantity":500,"color":{"id":1322,"name":"navy\/white"},"size":{"id":32,"name":"10\/12"},"marking":{"id":2,"name":""},"emplacement":"avant","surface_emplacement_id":1,"surface":"coeur"},"i18n":{"blank":{"title":{"fr":"Blouson molleton teddy enfant KARIBAN k498","en":"Teddy fleece jacket for kids KARIBAN k498","de":"Teddy-Fleecejacke f\u00fcr Kinder KARIBAN k498","nl":"Vliesjasje teddy kind KARIBAN k498","es":"Chaqueta de felpa teddy infantil KARIBAN k498","it":"Giacca di pile teddy per bambini KARIBAN k498","sv":"Teddyfodrad barnjacka KARIBAN k498","pt":"Jaqueta de moletom teddy infantil KARIBAN k498","da":"Blouson molleton teddy b\u00f8rn KARIBAN k498","pl":"Bluzka moltonowa teddy dla dziecka KARIBAN k498"},"description":{"fr":"Ce blouson pour enfant est con\u00e7u en molleton teddy, offrant un confort optimal. Il pr\u00e9sente une conception en 70% coton et 30% polyester, avec un molleton gratt\u00e9 3 fils pour une sensation douce et agr\u00e9able. Les manches mont\u00e9es contrast\u00e9es ajoutent une touche de style. La fermeture se fait par boutons pression. Le col, les manches et le bas du v\u00eatement sont orn\u00e9s de bord-c\u00f4te avec deux liser\u00e9s contrast\u00e9s. Il dispose de deux poches passepoil\u00e9es \u00e0 l'avant. Une bande de propret\u00e9 en chevron et une boucle d'accrochage sont pr\u00e9sentes \u00e0 l'int\u00e9rieur du col. Ce blouson ne comporte pas d'\u00e9tiquette de marque au col, mais une puce de taille pour faciliter la personnalisation.\n\n- Composition : 70% coton, 30% polyester\n- Molleton : Gratt\u00e9 3 fils\n- D\u00e9tails : Liser\u00e9s contrast\u00e9s au col, manches et bas\n- Particularit\u00e9s : Puce de taille pour personnalisation","en":"This kids' jacket is made of teddy fleece, offering optimal comfort. It features a 70% cotton and 30% polyester construction, with a brushed 3-thread fleece for a soft and pleasant feel. Contrasting mounted sleeves add a stylish touch. The jacket closes with snap buttons. The collar, sleeves, and hem are adorned with ribbing with two contrasting edgings. It has two piping pockets at the front. A chevron cleanliness strip and a hook for hanging are present inside the collar. This jacket has no brand label on the collar, but a size chip for easy customization.\n\n- Composition: 70% cotton, 30% polyester\n- Fleece: Brushed 3 threads\n- Details: Contrasting edgings on collar, sleeves, and hem\n- Features: Size chip for customization","de":"Diese Jacke f\u00fcr Kinder ist aus Teddy-Fleece gefertigt und bietet optimalen Komfort. Sie besteht aus 70% Baumwolle und 30% Polyester, mit einem weichen und angenehmen 3-f\u00e4digen Fleece. Die kontrastierenden \u00c4rmelaufs\u00e4tze verleihen einen stylischen Akzent. Der Verschluss erfolgt \u00fcber Druckkn\u00f6pfe. Kragen, \u00c4rmel und Saum sind mit B\u00fcndchen und zwei kontrastierenden Einfassungen verziert. Vorne befinden sich zwei abgesteppte Taschen. Im Inneren des Kragens gibt es ein Reinheitsband mit Zickzackmuster und eine Aufh\u00e4ngeschlaufe. Diese Jacke hat kein Markenetikett am Kragen, sondern einen Gr\u00f6\u00dfenchip zur individuellen Anpassung.\n\n- Zusammensetzung : 70% Baumwolle, 30% Polyester\n- Fleece : 3-f\u00e4dig geschabt\n- Details : Kontrastierende Einfassungen am Kragen, \u00c4rmeln und Saum\n- Besonderheiten : Gr\u00f6\u00dfenchip zur Individualisierung","nl":"Dit jasje voor kinderen is gemaakt van teddy vliezen, wat een optimale comfort biedt. Het heeft een ontwerp van 70% katoen en 30% polyester, met een gezaagde vliezen van 3 draden voor een zachte en aangename gevoel. De contrastkleurige opgerolde mouwen voegen een stijlvolle toets toe. De sluiting geschiedt met drukknoppen. De kraag, de mouwen en de onderkant van het kledingstuk zijn versierd met een randkant met twee contrastkleurige liseren. Het heeft twee gezaagde zakken aan de voorkant. Een schone strook in chevron en een bevestigingslus zijn aanwezig aan de binnenkant van de kraag. Dit jasje heeft geen merketiket aan de kraag, maar een chip voor de maat om de personalisatie te vergemakkelijken.\n\n- Samenstelling: 70% katoen, 30% polyester\n- Vliezen: Gezaagd 3 draden\n- Details: Contrastkleurige liseren aan de kraag, mouwen en onderkant\n- Bijzonderheden: Chip voor maat voor personalisatie","es":"Esta chaqueta para ni\u00f1o est\u00e1 hecha de felpa teddy, ofreciendo un confort \u00f3ptimo. Presenta una composici\u00f3n de 70% algod\u00f3n y 30% poli\u00e9ster, con una felpa rasurada de 3 hilos para una sensaci\u00f3n suave y agradable. Las mangas montadas contrastadas a\u00f1aden un toque de estilo. El cierre se realiza mediante botones de presi\u00f3n. El cuello, las mangas y el bajo del vestido est\u00e1n adornados con ribete con dos liseres contrastados. Tiene dos bolsillos pasados a m\u00e1quina en la parte delantera. Una banda de limpieza en chevron y un gancho de sujeci\u00f3n est\u00e1n presentes en el interior del cuello. Esta chaqueta no lleva etiqueta de marca en el cuello, pero una chapa de tama\u00f1o para facilitar la personalizaci\u00f3n.","it":"Questa giacca per bambini \u00e8 realizzata in pile teddy, offrendo un comfort ottimale. Presenta una composizione in 70% cotone e 30% poliestere, con pile grattugiato a 3 fili per una sensazione morbida e piacevole. Le maniche montate contrastanti aggiungono un tocco di stile. La chiusura avviene tramite bottoni a pressione. Il colletto, le maniche e il fondo del vestito sono ornati da costine con due liser\u00e9 contrastanti. Dispone di due tasche a passamaneria sul davanti. Una banda di pulizia a chevron e un gancio di fissaggio sono presenti all'interno del colletto. Questa giacca non ha un'etichetta del marchio sul colletto, ma un chip per la dimensione per facilitare la personalizzazione.\n\n- Composizione: 70% cotone, 30% poliestere\n- Pile: Grattugiato a 3 fili\n- Dettagli: Liser\u00e9 contrastanti al colletto, maniche e fondo\n- Particolarit\u00e0: Chip per la dimensione per la personalizzazione","sv":"Denna barnjacka \u00e4r tillverkad i teddyfodrad material, vilket erbjuder optimal komfort. Den har en design i 70% bomull och 30% polyester, med en borstad tretr\u00e5ds foder f\u00f6r en mjuk och trevlig k\u00e4nsla. Kontrasterande uppsatta \u00e4rmar l\u00e4gger till en stilfull touch. St\u00e4ngningen sker med tryckknappar. Kragen, \u00e4rmarna och nederkanten av kl\u00e4desplagget \u00e4r prydda med en kant av b\u00e5gformad ribb med tv\u00e5 kontrasterande kanter. Den har tv\u00e5 kanter med inl\u00e4gg fram. En renhetsstrimma i zickzack och en h\u00e4ngsle f\u00f6r f\u00e4stning finns inuti kragen. Denna jacka har ingen m\u00e4rkning p\u00e5 kragen, men en storlekschip f\u00f6r att underl\u00e4tta personalisering.\n\n- Sammans\u00e4ttning: 70% bomull, 30% polyester\n- Foder: Borstad tretr\u00e5ds\n- Detaljer: Kontrasterande kanter p\u00e5 kragen, \u00e4rmarna och nederkanten\n- S\u00e4rskildheter: Storlekschip f\u00f6r personalisering","pt":"Esta jaqueta para crian\u00e7a \u00e9 feita de moletom teddy, oferecendo conforto \u00f3timo. Ela apresenta uma composi\u00e7\u00e3o de 70% algod\u00e3o e 30% poli\u00e9ster, com um moletom de 3 fios para uma sensa\u00e7\u00e3o macia e agrad\u00e1vel. As mangas contrastantes montadas adicionam um toque de estilo. O fechamento \u00e9 feito por bot\u00f5es de press\u00e3o. O colar, as mangas e a parte inferior da roupa s\u00e3o adornados com borda costeada com dois liser\u00e9s contrastantes. Ela possui duas bolsas passadeiras na frente. Uma tira de limpeza em ziguezague e um gancho de fixa\u00e7\u00e3o est\u00e3o presentes no interior do colar. Esta jaqueta n\u00e3o possui etiqueta de marca no colar, mas um chip de tamanho para facilitar a personaliza\u00e7\u00e3o.\n\n- Composi\u00e7\u00e3o: 70% algod\u00e3o, 30% poli\u00e9ster\n- Detalhes: Liser\u00e9s contrastantes no colar, mangas e parte inferior\n- Particularidades: Chip de tamanho para personaliza\u00e7\u00e3o","da":"Denne b\u00f8rnsblouson er fremstillet af molleton teddy, der tilbyder optimal komfort. Den har en 70% bomuld og 30% polyester sammens\u00e6tning, med et skrubbet molleton med 3 tr\u00e5de for en bl\u00f8d og behagelig fornemmelse. De kontrasterende monterede \u00e6rmer tilf\u00f8jer en stilfuld touch. Lukningen sker med trykknapper. Kraven, \u00e6rmene og bunden af t\u00f8jet er prydet med en bundkant med to kontrasterende lister. Den har to indsyddede lommer foran. Et renseliste i zigzag og en krog til fastg\u00f8relse findes p\u00e5 indersiden af kraven. Denne blouson har ingen m\u00e6rkeetiket p\u00e5 kraven, men en st\u00f8rrelsesplade til at lette tilpasningen.\n\n- Sammens\u00e6tning: 70% bomuld, 30% polyester\n- Molleton: Skrubbet 3 tr\u00e5de\n- Detaljer: Kontrasterende lister p\u00e5 krave, \u00e6rmer og bund\n- Egenskaber: St\u00f8rrelsesplade til tilpasning","pl":"Ta bluzka dla dziecka jest wykonana z moltonu teddy, zapewniaj\u0105c optymalny komfort. Ma konstrukcj\u0119 z 70% bawe\u0142ny i 30% poliestru, z grzebieniem 3 nici dla mi\u0119kkiego i przyjemnego dotyku. Kontrastowe r\u0119kawy dodaj\u0105 stylu. Zamkni\u0119cie za pomoc\u0105 guzik\u00f3w. Ko\u0142nierz, r\u0119kawy i dolna cz\u0119\u015b\u0107 ubrania s\u0105 ozdobione bord-c\u00f4te z dwoma kontrastuj\u0105cymi liserami. Dwa przednie kieszenie z obr\u0119czami. Wewn\u0105trz ko\u0142nierza znajduje si\u0119 pas czysto\u015bci w romb i klamra do zawieszenia. Bluzka nie ma etykiety marki na ko\u0142nierzu, ale chip z rozmiarem do u\u0142atwienia personalizacji.\n\n- Sk\u0142ad: 70% bawe\u0142na, 30% poliestr\n- Molton: Grzebiony 3 nici\n- Szczeg\u00f3\u0142y: Kontrastuj\u0105ce lisery na ko\u0142nierzu, r\u0119kawach i dole\n- Cechy szczeg\u00f3lne: Chip z rozmiarem do personalizacji"},"h1":{"fr":"Blouson molleton teddy enfant k498","en":"Teddy fleece jacket for kids k498","de":"Teddy-Fleecejacke f\u00fcr Kinder k498","nl":"Vliesjasje teddy kind k498","es":"Chaqueta de felpa teddy infantil k498","it":"Giacca di pile teddy per bambini k498","sv":"Teddyfodrad barnjacka k498","pt":"Jaqueta de moletom teddy infantil k498","da":"Blouson molleton teddy b\u00f8rn k498","pl":"Bluzka moltonowa teddy dla dziecka k498"},"meta_description":{"fr":"Blouson enfant en molleton teddy. Confortable et tendance, id\u00e9al pour toutes les saisons. D\u00e9couvrez le blouson k498 KARIBAN.","en":"Kids' teddy fleece jacket. Comfortable and trendy, ideal for all seasons. Discover the KARIBAN k498 jacket.","de":"Kindermantel aus Teddy-Fleece. Bequem und trendig, ideal f\u00fcr alle Jahreszeiten. Entdecken Sie die Jacke k498 KARIBAN.","nl":"Kinder vliezen jasje teddy. Comfortabel en trendy, ideaal voor alle seizoenen. Ontdek de jasje k498 KARIBAN.","es":"Chaqueta infantil de felpa teddy. C\u00f3moda y de moda, ideal para todas las estaciones. Descubre la chaqueta k498 KARIBAN.","it":"Giacca per bambini in pile teddy. Confortabile e di tendenza, ideale per tutte le stagioni. Scopri la giacca k498 KARIBAN.","sv":"Barnjacka i teddyfodrad material. Bekv\u00e4m och trendig, idealisk f\u00f6r alla s\u00e4songer. Uppt\u00e4ck jackan k498 KARIBAN.","pt":"Jaqueta infantil de moletom teddy. Confort\u00e1vel e na moda, ideal para todas as esta\u00e7\u00f5es. Descubra a jaqueta k498 KARIBAN.","da":"B\u00f8rns blouson i molleton teddy. Komfortabel og trendy, ideel til alle \u00e5rstider. Opdag blouson k498 KARIBAN.","pl":"Bluzka dzieci\u0119ca z moltonu teddy. Komfortowa i modna, idealna na ka\u017cd\u0105 por\u0119 roku. Odkryj bluzk\u0119 k498 KARIBAN."}},"custom":{"title":{"fr":"Blouson molleton teddy enfant KARIBAN personnalisable avec votre logo k498","en":"Teddy fleece jacket child KARIBAN customizable with your logo k498","de":"Teddy-Fleecejacke f\u00fcr Kinder KARIBAN mit Ihrem Logo personalisierbar k498","nl":"Teddy molton jasje voor kinderen KARIBAN personaliseerbaar met uw logo k498","es":"Chaqueta de ch\u00e1ndal con peluche para ni\u00f1os KARIBAN personalizable con su logo k498","it":"Giacca felpata teddy bambino KARIBAN personalizzabile con il vostro logo k498","sv":"Blouson molleton teddy barn KARIBAN anpassningsbar med din logotyp k498","pt":"Jaqueta de moletom teddy infantil KARIBAN personaliz\u00e1vel com o seu logotipo k498","da":"Barn jakke af teddy fleece KARIBAN til personifikation med dit logo k498","pl":"Kurtka polar teddy dzieci\u0119ca KARIBAN personalizowana z twoim logo k498"},"description":{"fr":"Ce blouson molleton teddy enfant est confectionn\u00e9 en 70% coton et 30% polyester, offrant un confort optimal. Il est dot\u00e9 d'un molleton gratt\u00e9 3 fils pour une douceur accrue. Les manches mont\u00e9es contrast\u00e9es apportent une touche de style. La fermeture se fait par boutons pression. Le col, les manches et le bas du v\u00eatement sont orn\u00e9s de bord-c\u00f4te avec 2 liser\u00e9s contrast\u00e9s. Il dispose de 2 poches passepoil\u00e9es et d'une bande de propret\u00e9 en chevron ainsi qu'une boucle d'accrochage \u00e0 l'int\u00e9rieur du col. L'absence d'\u00e9tiquette de marque au col facilite la personnalisation gr\u00e2ce \u00e0 une puce de taille. Ce blouson est un v\u00eatement tendance, adapt\u00e9 \u00e0 diff\u00e9rents environnements, de la rue aux \u00e9coles. Il offre une surface id\u00e9ale pour l'ajout de votre logo ou de votre visuel en broderie, permettant une communication efficace et personnalis\u00e9e.\n\n- 70% coton \/ 30% polyester\n- Molleton gratt\u00e9 3 fils\n- Manches mont\u00e9es contrast\u00e9es\n- Bord-c\u00f4te avec 2 liser\u00e9s contrast\u00e9s\n- Bande de propret\u00e9 en chevron\n- Boucle d'accrochage\n- Puce de taille pour personnalisation","en":"This teddy fleece jacket child is made of 70% cotton and 30% polyester, offering optimal comfort. It features a brushed fleece 3 threads for increased softness. The contrasting set-in sleeves add a stylish touch. The closure is with snap buttons. The collar, sleeves, and bottom of the garment are adorned with ribbing with 2 contrasting laces. It has 2 piped pockets and a chevron clean strip as well as a hook for hanging inside the collar. The absence of a brand label on the collar facilitates customization thanks to a size chip. This jacket is a trendy garment, suitable for different environments, from the street to schools. It offers an ideal surface for adding your logo or your visual in embroidery, allowing for effective and personalized communication.\n\n- 70% cotton \/ 30% polyester\n- Brushed fleece 3 threads\n- Contrasting set-in sleeves\n- Ribbing with 2 contrasting laces\n- Chevron clean strip\n- Hook for hanging\n- Size chip for customization","de":"Diese Teddy-Fleecejacke f\u00fcr Kinder besteht aus 70% Baumwolle und 30% Polyester und bietet optimalen Komfort. Sie ist mit einem 3-f\u00e4digen geflammten Fleece f\u00fcr zus\u00e4tzlichen Weichheit ausgestattet. Die kontrastierenden aufgesetzten \u00c4rmel verleihen einen stylischen Touch. Der Verschluss erfolgt \u00fcber Druckkn\u00f6pfe. Kragen, \u00c4rmel und Saum des Kleidungsst\u00fccks sind mit einem Bund mit 2 kontrastierenden Einfassungen verziert. Es verf\u00fcgt \u00fcber 2 passepoilierte Taschen und ein Sauberkeitsband im Zickzackmuster sowie eine Schlaufe zum Einh\u00e4ngen im Inneren des Kragens. Das Fehlen eines Markenetiketts am Kragen erleichtert die Personalisierung durch einen Gr\u00f6\u00dfenchip. Diese Jacke ist ein trendiges Kleidungsst\u00fcck, das sich f\u00fcr verschiedene Umgebungen eignet, von der Stra\u00dfe bis zu Schulen. Sie bietet eine ideale Oberfl\u00e4che f\u00fcr das Hinzuf\u00fcgen Ihres Logos oder Ihrer Grafik durch Stickerei, was eine effektive und personalisierte Kommunikation erm\u00f6glicht.","nl":"Deze teddy molton jasje voor kinderen is gemaakt van 70% katoen en 30% polyester, wat comfort biedt. Het is voorzien van een geschrapte molton van 3 draden voor extra zachtheid. De contrastkleurige opgestikte mouwen geven een stijlvolle uitstraling. Het sluit met drukknopen. De kraag, mouwen en de onderkant van het kledingstuk zijn versierd met een rand met 2 contrastkleurige leren. Het heeft 2 gezette zakken en een schone strook in chevron vorm, evenals een haakje om te bevestigen aan de binnenkant van de kraag. De afwezigheid van een merklabel aan de kraag vergemakkelijkt de personalisatie door middel van een chip van de juiste maat. Deze jas is een trendy kledingstuk, geschikt voor verschillende omgevingen, van de straat naar scholen. Het biedt een ideale oppervlakte om uw logo of uw visueel in borduurwerk toe te voegen, wat effectieve en gepersonaliseerde communicatie mogelijk maakt","es":"Esta chaqueta de ch\u00e1ndal con peluche para ni\u00f1os est\u00e1 confeccionada en 70% algod\u00f3n y 30% poli\u00e9ster, ofreciendo un confort \u00f3ptimo. Cuenta con un peluche rasurado de 3 hilos para mayor suavidad. Las mangas montadas contrastadas aportan un toque de estilo. El cierre se realiza mediante botones de presi\u00f3n. El cuello, las mangas y el bajo del vestido est\u00e1n adornados con ribete con 2 liser\u00e9s contrastados. Tiene 2 bolsillos con ribete y una banda de limpieza en chevron, as\u00ed como un lazo de enganche en el interior del cuello. La ausencia de etiqueta de marca en el cuello facilita la personalizaci\u00f3n gracias a una etiqueta de tama\u00f1o. Esta chaqueta es una prenda de moda, adecuada para diferentes entornos, desde la calle hasta las escuelas. Ofrece una superficie ideal para agregar su logo o su visuel en bordado, permitiendo una comunicaci\u00f3n efectiva y personalizada.\n\n- 70% algod\u00f3n \/ 30% poli\u00e9ster\n- Peluche rasurado de 3 hilos\n- Mangas montadas contrastadas\n- Ribete con 2 liser\u00e9s contrastados\n- Banda de limpieza en chevron\n- Lazo de enganche\n- Etiqueta de tama\u00f1o para personalizaci\u00f3n","it":"Questa giacca felpata teddy bambino \u00e8 realizzata in 70% cotone e 30% poliestere, offrendo un comfort ottimale. \u00c8 dotata di un feltrino raschiato 3 fili per una maggiore morbidezza. Le maniche montate contrastate apportano un tocco di stile. La chiusura avviene tramite bottoni a pressione. Il colletto, le maniche e il fondo del vestito sono ornati da un bordo con 2 liser\u00e9 contrastati. Ha 2 tasche con passamaneria e una banda di pulizia a zigzag, oltre a un anello di aggancio all'interno del colletto. L'assenza di etichetta del marchio sul colletto facilita la personalizzazione grazie a una clip di taglia. Questa giacca \u00e8 un capospalla di tendenza, adatto a diversi ambienti, dalla strada alle scuole. Offre una superficie ideale per l'aggiunta del vostro logo o del vostro visivo in ricamo, permettendo una comunicazione efficace e personalizzata.\n\n- 70% cotone \/ 30% poliestere\n- Feltrino raschiato 3 fili\n- Maniche montate contrastate\n- Bordo con 2 liser\u00e9 contrastati\n- Banda di pulizia a zigzag\n- Anello di aggancio\n- Clip di taglia per personalizzazione","sv":"Denna blouson molleton teddy barn \u00e4r tillverkad av 70% bomull och 30% polyester, som erbjuder optimal komfort. Den \u00e4r utrustad med en borstad 3-fils fyllning f\u00f6r \u00f6kad mjukhet. Kontrasterande monterade \u00e4rmar l\u00e4gger till en stilfull touch. St\u00e4ngningen sker med tryckknappar. Kragen, \u00e4rmarna och nederdelen av kl\u00e4desplaget \u00e4r prydda med kantband med 2 kontrasterande inslag. Den har 2 passpoilerade fickor och ett renhetsband i chevron samt en f\u00e4sthake p\u00e5 insidan av kragen. Fr\u00e5nvaron av varum\u00e4rkesetikett p\u00e5 kragen underl\u00e4ttar personaliseringen tack vare en storleksplatta. Denna blouson \u00e4r en trendig kl\u00e4desplagget, l\u00e4mplig f\u00f6r olika milj\u00f6er, fr\u00e5n gatan till skolorna. Den erbjuder en ideal yta f\u00f6r att l\u00e4gga till din logotyp eller din visning med broderi, vilket m\u00f6jligg\u00f6r effektiv och personlig kommunikation.\n\n- 70% bomull \/ 30% polyester\n- Borstad 3-fils fyllning\n- Kontrasterande monterade \u00e4rmar\n- Kantband med 2 kontrasterande inslag\n- Renhetsband i chevron\n- F\u00e4sthake\n- Storleksplatta f\u00f6r personalisering","pt":"Esta jaqueta de moletom teddy infantil \u00e9 confeccionada em 70% algod\u00e3o e 30% poli\u00e9ster, oferecendo conforto \u00f3timo. Ela possui um moletom raspado de 3 fios para maior maciez. As mangas montadas contrastantes trazem um toque de estilo. O fechamento \u00e9 feito por bot\u00f5es de press\u00e3o. O colar, as mangas e a base da roupa s\u00e3o adornados com borda com 2 liser\u00e9s contrastantes. Ela disp\u00f5e de 2 bolsos com passamanaria e uma faixa de prote\u00e7\u00e3o em ziguezague, al\u00e9m de um gancho de fixa\u00e7\u00e3o dentro do colar. A aus\u00eancia de etiqueta de marca no colar facilita a personaliza\u00e7\u00e3o com um chip de tamanho. Esta jaqueta \u00e9 uma pe\u00e7a de tend\u00eancia, adaptada a diferentes ambientes, da rua \u00e0s escolas. Ela oferece uma superf\u00edcie ideal para a adi\u00e7\u00e3o do seu logotipo ou do seu visual em bordado, permitindo uma comunica\u00e7\u00e3o eficaz e personalizada.\n\n- 70% algod\u00e3o \/ 30% poli\u00e9ster\n- Moletom raspado de 3 fios\n- Mangas montadas contrastantes\n- Borda com 2 liser\u00e9s contrastantes\n- Faixa de prote\u00e7\u00e3o em ziguezague\n- Gancho de fixa\u00e7\u00e3o\n- Chip de tamanho para personaliza\u00e7\u00e3o","da":"Denne barn jakke af teddy fleece er lavet af 70% bomuld og 30% polyester, hvilket giver optimal komfort. Den er forsynet med en 3-tr\u00e5dsskr\u00e6llet fleece for \u00f8get bl\u00f8dhed. De kontrasterende monterede \u00e6rmer tilf\u00f8jer en stilfuld touch. Lukningen sker med trykknapper. Kragen, \u00e6rmene og bunden af t\u00f8jet er udsmykket med en kant med 2 kontrasterende b\u00e5nd. Den har 2 passepoilerede lommer og et rensestrejf i chevron samt en krog til fastg\u00f8relse inde i kragen. Frav\u00e6ret af et m\u00e6rkeetiket i kragen letter personifikation ved hj\u00e6lp af en st\u00f8rrelses-chip. Denne jakke er en tendenss\u00e6tning, der er velegnet til forskellige milj\u00f8er, fra gaden til skolerne. Den tilbyder et ideelt omr\u00e5de for tilf\u00f8jelse af dit logo eller dit visuelt ved brodering, hvilket giver effektiv og personificeret kommunikation","pl":"Ta kurtka polar teddy dzieci\u0119ca jest wykonana z 70% bawe\u0142ny i 30% poliestru, co zapewnia optymalny komfort. Jest wyposa\u017cona w grzebieniowane poleci 3-w\u0142\u00f3knowe dla zwi\u0119kszonej mi\u0119kko\u015bci. Kontrastowe mankiety dodaj\u0105 stylu. Zamkni\u0119cie za pomoc\u0105 guzik\u00f3w. Ko\u0142nierz, mankiety i dolna cz\u0119\u015b\u0107 ubrania s\u0105 ozdobione bord\u00f3wk\u0105 z 2 kontrastowymi paskami. Dispone z 2 przeponowymi kieszeniami oraz paskiem czysto\u015bci w romb oraz haki do zawieszania wewn\u0105trz ko\u0142nierza. Brak etykiety marki na ko\u0142nierzu u\u0142atwia personalizacj\u0119 dzi\u0119ki chipowi do rozmiaru. Ta kurtka jest modnym ubraniem, nadaj\u0105cym si\u0119 do r\u00f3\u017cnych \u015brodowisk, od ulic do szk\u00f3\u0142. Oferuje idealn\u0105 powierzchni\u0119 do dodania swojego loga lub wizerunku za pomoc\u0105 haken, pozwalaj\u0105c na skuteczn\u0105 i personalizowan\u0105 komunikacj\u0119."},"h1":{"fr":"Blouson molleton teddy enfant personnalisation avec votre visuel k498","en":"Teddy fleece jacket child customization with your visual k498","de":"Teddy-Fleecejacke f\u00fcr Kinder Personalisierung mit Ihrem Visuellen k498","nl":"Teddy molton jasje voor kinderen personalisatie met uw visueel k498","es":"Chaqueta de ch\u00e1ndal con peluche para ni\u00f1os personalizaci\u00f3n con su visuel k498","it":"Giacca felpata teddy bambino personalizzazione con il vostro visivo k498","sv":"Blouson molleton teddy barn anpassning med din visning k498","pt":"Jaqueta de moletom teddy infantil personaliza\u00e7\u00e3o com o seu visual k498","da":"Barn jakke af teddy fleece personifikation med dit visuelt k498","pl":"Kurtka polar teddy dzieci\u0119ca personalizacja z twoim wizerunkiem k498"},"meta_description":{"fr":"Blouson molleton teddy enfant en coton polyester. Id\u00e9al pour la personnalisation en broderie. Commandez le v\u00f4tre d\u00e8s aujourd'hui !","en":"Teddy fleece jacket child in cotton polyester. Ideal for customization in embroidery. Order yours today!","de":"Teddy-Fleecejacke f\u00fcr Kinder aus Baumwolle-Polyester. Ideal f\u00fcr die Personalisierung durch Stickerei. Bestellen Sie Ihre noch heute!","nl":"Teddy molton jasje voor kinderen in katoen polyester. Ideaal voor personalisatie door borduren. Bestel het nu!","es":"Chaqueta de ch\u00e1ndal con peluche para ni\u00f1os en algod\u00f3n poli\u00e9ster. Ideal para la personalizaci\u00f3n en bordado. \u00a1Pida la suya hoy!","it":"Giacca felpata teddy bambino in cotone poliestere. Ideale per la personalizzazione in ricamo. Ordinate subito la vostra!","sv":"Blouson molleton teddy barn i bomull polyester. Idealisk f\u00f6r personalisering med broderi. Best\u00e4ll din redan idag!","pt":"Jaqueta de moletom teddy infantil em algod\u00e3o poli\u00e9ster. Ideal para personaliza\u00e7\u00e3o em bordado. Encomende o seu hoje!","da":"Barn jakke af teddy fleece i bomuld polyester. Ideel til personifikation ved brodering. Bestil din nu!","pl":"Kurtka polar teddy dzieci\u0119ca z bawe\u0142ny i poliestru. Idealna do personalizacji haken. Zam\u00f3w swoj\u0105 ju\u017c dzi\u015b!"}}},"categories":[{"id":301,"name":"Parkas et blousons","singular":"Parka et blouson","is_feminin":false},{"id":13,"name":"Vestes et manteaux","singular":"Veste et manteau","is_feminin":true},{"id":354,"name":"Textile","singular":"Textile","is_feminin":false}],"certifications":[{"id":1,"label":"OEKO-TEX 100","logo_link":"\/images\/certifications\/1_OEKO-TEX_100.jpg","is_marking_compatible":false}],"videos":{"fr":[],"en":[],"de":[],"nl":[],"es":[],"it":[],"sv":[],"pt":[],"da":[],"pl":[]},"main_images":{"miniature":"https:\/\/media.th4.com\/Wber0UTfdcMee23NKuGIaAiHGgUMHr3YE6Jg427Mb7w\/pr:80\/aHR0cDovL21lZGlhMi5kZXNpZ25wYXJ0bmVyLmZyL2MvcC1NVC8xNDU2NC5qcGc?v=1670844130","medium":"https:\/\/media.th4.com\/lzYzrSZtfZxOzSAgWnjbkIpq8xY1ODwFtO-bbLeKbkU\/pr:550x550greybg\/aHR0cDovL21lZGlhMi5kZXNpZ25wYXJ0bmVyLmZyL2MvcC1NVC8xNDU2NC5qcGc?v=1670844130","medium_large":"https:\/\/media.th4.com\/8xbZRdiACaOj4sm3STUdP6MyoZ243C2ObRg_17oZUZ8\/pr:1000x1000greybg\/aHR0cDovL21lZGlhMi5kZXNpZ25wYXJ0bmVyLmZyL2MvcC1NVC8xNDU2NC5qcGc?v=1670844130","large":"https:\/\/media.th4.com\/ZFJWFEXDuAaH-WFj_HVPlNFiloCRkguoGgMSQdeLCbc\/pr:1920greybg\/aHR0cDovL21lZGlhMi5kZXNpZ25wYXJ0bmVyLmZyL2MvcC1NVC8xNDU2NC5qcGc?v=1670844130","opengraph":"https:\/\/media.th4.com\/ndOs5eFQ8_v_SMJyGOC3dki0OSRHL9dK6M4OQ-upgVg\/pr:1200x630greybg\/aHR0cDovL21lZGlhMi5kZXNpZ25wYXJ0bmVyLmZyL2MvcC1NVC8xNDU2NC5qcGc?v=1670844130"},"main_images_customization":{"miniature":"https:\/\/media.th4.com\/Wber0UTfdcMee23NKuGIaAiHGgUMHr3YE6Jg427Mb7w\/pr:80\/aHR0cDovL21lZGlhMi5kZXNpZ25wYXJ0bmVyLmZyL2MvcC1NVC8xNDU2NC5qcGc?v=1670844130","medium":"https:\/\/media.th4.com\/lzYzrSZtfZxOzSAgWnjbkIpq8xY1ODwFtO-bbLeKbkU\/pr:550x550greybg\/aHR0cDovL21lZGlhMi5kZXNpZ25wYXJ0bmVyLmZyL2MvcC1NVC8xNDU2NC5qcGc?v=1670844130","medium_large":"https:\/\/media.th4.com\/8xbZRdiACaOj4sm3STUdP6MyoZ243C2ObRg_17oZUZ8\/pr:1000x1000greybg\/aHR0cDovL21lZGlhMi5kZXNpZ25wYXJ0bmVyLmZyL2MvcC1NVC8xNDU2NC5qcGc?v=1670844130","large":"https:\/\/media.th4.com\/ZFJWFEXDuAaH-WFj_HVPlNFiloCRkguoGgMSQdeLCbc\/pr:1920greybg\/aHR0cDovL21lZGlhMi5kZXNpZ25wYXJ0bmVyLmZyL2MvcC1NVC8xNDU2NC5qcGc?v=1670844130","opengraph":"https:\/\/media.th4.com\/ndOs5eFQ8_v_SMJyGOC3dki0OSRHL9dK6M4OQ-upgVg\/pr:1200x630greybg\/aHR0cDovL21lZGlhMi5kZXNpZ25wYXJ0bmVyLmZyL2MvcC1NVC8xNDU2NC5qcGc?v=1670844130"},"page_links":{"fr":"\/fr\/p-ka-k498-blouson-molleton-teddy-enfant-k498-14564\/","en":"\/en\/p-ka-k498-teddy-fleece-jacket-for-kids-k498-14564\/","de":"\/de\/p-ka-k498-teddy-fleecejacke-fur-kinder-k498-14564\/","nl":"\/nl\/p-ka-k498-vliesjasje-teddy-kind-k498-14564\/","es":"\/es\/p-ka-k498-chaqueta-de-felpa-teddy-infantil-k498-14564\/","it":"\/it\/p-ka-k498-giacca-di-pile-teddy-per-bambini-k498-14564\/","sv":"\/sv\/p-ka-k498-teddyfodrad-barnjacka-k498-14564\/","pt":"\/pt\/p-ka-k498-jaqueta-de-moletom-teddy-infantil-k498-14564\/","da":"\/da\/p-ka-k498-blouson-molleton-teddy-born-k498-14564\/","pl":"\/pl\/p-ka-k498-bluzka-moltonowa-teddy-dla-dziecka-k498-14564\/"},"page_links_customization":{"fr":"\/fr\/p-ka-k498-blouson-molleton-teddy-enfant-personnalisation-avec-votre-visuel-k498-14564\/custom\/","en":"\/en\/p-ka-k498-teddy-fleece-jacket-child-customization-with-your-visual-k498-14564\/custom\/","de":"\/de\/p-ka-k498-teddy-fleecejacke-fur-kinder-personalisierung-mit-ihrem-visuellen-k498-14564\/custom\/","nl":"\/nl\/p-ka-k498-teddy-molton-jasje-voor-kinderen-personalisatie-met-uw-visueel-k498-14564\/custom\/","es":"\/es\/p-ka-k498-chaqueta-de-chandal-con-peluche-para-ninos-personalizacion-con-su-visuel-k498-14564\/custom\/","it":"\/it\/p-ka-k498-giacca-felpata-teddy-bambino-personalizzazione-con-il-vostro-visivo-k498-14564\/custom\/","sv":"\/sv\/p-ka-k498-blouson-molleton-teddy-barn-anpassning-med-din-visning-k498-14564\/custom\/","pt":"\/pt\/p-ka-k498-jaqueta-de-moletom-teddy-infantil-personalizacao-com-o-seu-visual-k498-14564\/custom\/","da":"\/da\/p-ka-k498-barn-jakke-af-teddy-fleece-personifikation-med-dit-visuelt-k498-14564\/custom\/","pl":"\/pl\/p-ka-k498-kurtka-polar-teddy-dziecieca-personalizacja-z-twoim-wizerunkiem-k498-14564\/custom\/"},"equivalent_products":[14563],"colors":[{"id":1322,"name":"navy\/white","class_ids":[2,1],"codes_hexa":["19286b","fffefb"],"delai_24":false,"has_3d":false,"seuil_global":0,"stock_local":0,"stock_global":1798,"on_standby":false,"in_catalog":true,"images":{"miniature":["https:\/\/media.th4.com\/LVMpWkqzuIPy8Ia9b1P0gs6UwjXpPYJLGbKlNGa16Vg\/pr:80\/aHR0cDovL21lZGlhMi5kZXNpZ25wYXJ0bmVyLmZyL2MvcC8xNDU2NC8xNDU2NC0xMzIyLTEuanBn?v=1638344221","https:\/\/media.th4.com\/gvT8Pu21Clz1BqovypIrkvpSLfJ0mUnIFFUCw2za-pQ\/pr:80\/aHR0cDovL21lZGlhMi5kZXNpZ25wYXJ0bmVyLmZyL2MvcC8xNDU2NC8xNDU2NC0xMzIyLTIuanBn?v=1638344221","https:\/\/media.th4.com\/6zkeDXqcpivrvMQIpv_zao8603MWZlvRp3lzw5D7D-w\/pr:80\/aHR0cDovL21lZGlhMi5kZXNpZ25wYXJ0bmVyLmZyL2MvcC8xNDU2NC8xNDU2NC0xMzIyLTMuanBn?v=1638344221"],"medium":["https:\/\/media.th4.com\/8Hg3jWDofoK4-9NEK3FxDmZ4iu6vjbJmhFcnBsRarTg\/pr:550x550\/aHR0cDovL21lZGlhMi5kZXNpZ25wYXJ0bmVyLmZyL2MvcC8xNDU2NC8xNDU2NC0xMzIyLTEuanBn?v=1638344221","https:\/\/media.th4.com\/rfKEGAWEVpsuNqGZjn5JKE7mB5b4feKkr-49Aim_Q-0\/pr:550x550\/aHR0cDovL21lZGlhMi5kZXNpZ25wYXJ0bmVyLmZyL2MvcC8xNDU2NC8xNDU2NC0xMzIyLTIuanBn?v=1638344221","https:\/\/media.th4.com\/luio75SUvqhQCjQH0xbeRHQB2C42QLqEFPjaFbxsQbU\/pr:550x550\/aHR0cDovL21lZGlhMi5kZXNpZ25wYXJ0bmVyLmZyL2MvcC8xNDU2NC8xNDU2NC0xMzIyLTMuanBn?v=1638344221"],"medium_large":["https:\/\/media.th4.com\/eTe_ccH5Fu7gOibGsctTglhVQYfrbJzLOUrr1nJxIyk\/pr:1000x1000\/aHR0cDovL21lZGlhMi5kZXNpZ25wYXJ0bmVyLmZyL2MvcC8xNDU2NC8xNDU2NC0xMzIyLTEuanBn?v=1638344221","https:\/\/media.th4.com\/dRdpdeqc5B4nw5BqmdrzsMBE2EnRj21WFu7rLg5SBro\/pr:1000x1000\/aHR0cDovL21lZGlhMi5kZXNpZ25wYXJ0bmVyLmZyL2MvcC8xNDU2NC8xNDU2NC0xMzIyLTIuanBn?v=1638344221","https:\/\/media.th4.com\/il_M_IBJL0aCaUtfsaF73O8nzN40iG9x9echPBHgrS8\/pr:1000x1000\/aHR0cDovL21lZGlhMi5kZXNpZ25wYXJ0bmVyLmZyL2MvcC8xNDU2NC8xNDU2NC0xMzIyLTMuanBn?v=1638344221"],"large":["https:\/\/media.th4.com\/etn9ZxRdCr3_l-DLGymV9A00b5AMrDTnrVDuwyjf1aA\/pr:1920\/aHR0cDovL21lZGlhMi5kZXNpZ25wYXJ0bmVyLmZyL2MvcC8xNDU2NC8xNDU2NC0xMzIyLTEuanBn?v=1638344221","https:\/\/media.th4.com\/ReYcHsmHwQzFXgfOp9UN1KQroO-6_i6LLQZkgEWrhnU\/pr:1920\/aHR0cDovL21lZGlhMi5kZXNpZ25wYXJ0bmVyLmZyL2MvcC8xNDU2NC8xNDU2NC0xMzIyLTIuanBn?v=1638344221","https:\/\/media.th4.com\/dliL14eZDdd84dIRanoX7w49xPqmoS-Te2Xo_zv0Dms\/pr:1920\/aHR0cDovL21lZGlhMi5kZXNpZ25wYXJ0bmVyLmZyL2MvcC8xNDU2NC8xNDU2NC0xMzIyLTMuanBn?v=1638344221"],"opengraph":["https:\/\/media.th4.com\/86Iat3XuBEhWA8K21EuBgk1VBnhCWPrz08DACK4VlFY\/pr:1200x630\/aHR0cDovL21lZGlhMi5kZXNpZ25wYXJ0bmVyLmZyL2MvcC8xNDU2NC8xNDU2NC0xMzIyLTEuanBn?v=1638344221","https:\/\/media.th4.com\/YFUculr0DbNuoDLIR5M1pmccqXXtjM9f9erfLOtOhoc\/pr:1200x630\/aHR0cDovL21lZGlhMi5kZXNpZ25wYXJ0bmVyLmZyL2MvcC8xNDU2NC8xNDU2NC0xMzIyLTIuanBn?v=1638344221","https:\/\/media.th4.com\/KSYbUGpyfcXbiizSHPY-jMIHr75whrX_Fo7bErSat2Q\/pr:1200x630\/aHR0cDovL21lZGlhMi5kZXNpZ25wYXJ0bmVyLmZyL2MvcC8xNDU2NC8xNDU2NC0xMzIyLTMuanBn?v=1638344221"]},"images_customization":{"miniature":["https:\/\/media.th4.com\/BNEmBIRfZOy2uH31cBbhkeb0CgfnV6KqROW3LjF-qWA\/pr:80\/aHR0cDovL21lZGlhMi5kZXNpZ25wYXJ0bmVyLmZyL2MvcC1zaG9wcGluZy1jdXN0b20tVEgvMTQ1NjQvMTQ1NjQtMTMyMi0xLmpwZw?v=1737557001"],"medium":["https:\/\/media.th4.com\/piPqJRaErN-C0GjRstWoXH5zgvO0QAtYGl4rvqwUkow\/pr:550x550\/aHR0cDovL21lZGlhMi5kZXNpZ25wYXJ0bmVyLmZyL2MvcC1zaG9wcGluZy1jdXN0b20tVEgvMTQ1NjQvMTQ1NjQtMTMyMi0xLmpwZw?v=1737557001"],"medium_large":["https:\/\/media.th4.com\/hBK4PEp2femUXuzl-IWKrt6nFRw7sKDnOyrNAjbeLvo\/pr:1000x1000\/aHR0cDovL21lZGlhMi5kZXNpZ25wYXJ0bmVyLmZyL2MvcC1zaG9wcGluZy1jdXN0b20tVEgvMTQ1NjQvMTQ1NjQtMTMyMi0xLmpwZw?v=1737557001"],"large":["https:\/\/media.th4.com\/e-Jc2V4pcyWlFrhhq4c9v9wGp5i0mRwf8G4DW3Eodj0\/pr:1920\/aHR0cDovL21lZGlhMi5kZXNpZ25wYXJ0bmVyLmZyL2MvcC1zaG9wcGluZy1jdXN0b20tVEgvMTQ1NjQvMTQ1NjQtMTMyMi0xLmpwZw?v=1737557001"],"opengraph":["https:\/\/media.th4.com\/DBWV7DZ58V6zOqYrfqqt6zCIsug7dObxxAz2XdabFP8\/pr:1200x630\/aHR0cDovL21lZGlhMi5kZXNpZ25wYXJ0bmVyLmZyL2MvcC1zaG9wcGluZy1jdXN0b20tVEgvMTQ1NjQvMTQ1NjQtMTMyMi0xLmpwZw?v=1737557001"]},"country_origin":"PK","traceability":{"manufacturing_country_id":null,"weaving_country_id":null,"dyeing_country_id":null},"sizes":[{"id":259,"article_id":374761,"class_id":0,"name":"6\/8","on_standby":false,"stock_local":0,"stock_global":275,"multiple":1,"estimated_date_reassort":null,"is_destocking":false},{"id":239,"article_id":374762,"class_id":0,"name":"8\/10","on_standby":false,"stock_local":0,"stock_global":401,"multiple":1,"estimated_date_reassort":null,"is_destocking":false},{"id":32,"article_id":374763,"class_id":0,"name":"10\/12","on_standby":false,"stock_local":0,"stock_global":591,"multiple":1,"estimated_date_reassort":null,"is_destocking":false},{"id":1157,"article_id":374764,"class_id":0,"name":"12\/14","on_standby":false,"stock_local":0,"stock_global":531,"multiple":1,"estimated_date_reassort":null,"is_destocking":false}],"page_links":{"fr":"\/fr\/p-ka-k498-blouson-molleton-teddy-enfant-k498-14564\/navy-white-1322\/","en":"\/en\/p-ka-k498-teddy-fleece-jacket-for-kids-k498-14564\/navy-white-1322\/","de":"\/de\/p-ka-k498-teddy-fleecejacke-fur-kinder-k498-14564\/navy-white-1322\/","nl":"\/nl\/p-ka-k498-vliesjasje-teddy-kind-k498-14564\/navy-white-1322\/","es":"\/es\/p-ka-k498-chaqueta-de-felpa-teddy-infantil-k498-14564\/navy-white-1322\/","it":"\/it\/p-ka-k498-giacca-di-pile-teddy-per-bambini-k498-14564\/navy-white-1322\/","sv":"\/sv\/p-ka-k498-teddyfodrad-barnjacka-k498-14564\/navy-white-1322\/","pt":"\/pt\/p-ka-k498-jaqueta-de-moletom-teddy-infantil-k498-14564\/navy-white-1322\/","da":"\/da\/p-ka-k498-blouson-molleton-teddy-born-k498-14564\/navy-white-1322\/","pl":"\/pl\/p-ka-k498-bluzka-moltonowa-teddy-dla-dziecka-k498-14564\/navy-white-1322\/"},"page_links_customization":{"fr":"\/fr\/p-ka-k498-blouson-molleton-teddy-enfant-personnalisation-avec-votre-visuel-k498-14564\/navy-white-1322\/custom\/","en":"\/en\/p-ka-k498-teddy-fleece-jacket-child-customization-with-your-visual-k498-14564\/navy-white-1322\/custom\/","de":"\/de\/p-ka-k498-teddy-fleecejacke-fur-kinder-personalisierung-mit-ihrem-visuellen-k498-14564\/navy-white-1322\/custom\/","nl":"\/nl\/p-ka-k498-teddy-molton-jasje-voor-kinderen-personalisatie-met-uw-visueel-k498-14564\/navy-white-1322\/custom\/","es":"\/es\/p-ka-k498-chaqueta-de-chandal-con-peluche-para-ninos-personalizacion-con-su-visuel-k498-14564\/navy-white-1322\/custom\/","it":"\/it\/p-ka-k498-giacca-felpata-teddy-bambino-personalizzazione-con-il-vostro-visivo-k498-14564\/navy-white-1322\/custom\/","sv":"\/sv\/p-ka-k498-blouson-molleton-teddy-barn-anpassning-med-din-visning-k498-14564\/navy-white-1322\/custom\/","pt":"\/pt\/p-ka-k498-jaqueta-de-moletom-teddy-infantil-personalizacao-com-o-seu-visual-k498-14564\/navy-white-1322\/custom\/","da":"\/da\/p-ka-k498-barn-jakke-af-teddy-fleece-personifikation-med-dit-visuelt-k498-14564\/navy-white-1322\/custom\/","pl":"\/pl\/p-ka-k498-kurtka-polar-teddy-dziecieca-personalizacja-z-twoim-wizerunkiem-k498-14564\/navy-white-1322\/custom\/"}},{"id":16576,"name":"oxford_grey\/black","class_ids":[3,4],"codes_hexa":["adafae","1a1a18"],"delai_24":false,"has_3d":false,"seuil_global":0,"stock_local":0,"stock_global":609,"on_standby":false,"in_catalog":true,"images":{"miniature":["https:\/\/media.th4.com\/PSMOxYvESDFI_qGVTNR-6cgE0jGe2p9Rn5nc6Y5OkOU\/pr:80\/aHR0cDovL21lZGlhMi5kZXNpZ25wYXJ0bmVyLmZyL2MvcC8xNDU2NC8xNDU2NC0xNjU3Ni0xLmpwZw?v=1638344222","https:\/\/media.th4.com\/ALt6W50U1D5I5Y38CZjftdfifJjLoEruAGQGf-jgrjs\/pr:80\/aHR0cDovL21lZGlhMi5kZXNpZ25wYXJ0bmVyLmZyL2MvcC8xNDU2NC8xNDU2NC0xNjU3Ni0yLmpwZw?v=1638344222","https:\/\/media.th4.com\/K1-nI8oKySpkwePDGvYJIYipaQ6S_w-pZiFDewCA2GE\/pr:80\/aHR0cDovL21lZGlhMi5kZXNpZ25wYXJ0bmVyLmZyL2MvcC8xNDU2NC8xNDU2NC0xNjU3Ni0zLmpwZw?v=1638344222"],"medium":["https:\/\/media.th4.com\/Zi6W_zaESNkLuaAVMRCqsw_2cMYE9gZKEyN7pB9swfY\/pr:550x550\/aHR0cDovL21lZGlhMi5kZXNpZ25wYXJ0bmVyLmZyL2MvcC8xNDU2NC8xNDU2NC0xNjU3Ni0xLmpwZw?v=1638344222","https:\/\/media.th4.com\/yOL4k1U_ly3yNAJEgZadXALQyxkyiplD7Ysv35ksEEw\/pr:550x550\/aHR0cDovL21lZGlhMi5kZXNpZ25wYXJ0bmVyLmZyL2MvcC8xNDU2NC8xNDU2NC0xNjU3Ni0yLmpwZw?v=1638344222","https:\/\/media.th4.com\/cwhO4e-5EfWputXzU_Cn6XzVfw_koqyBdD6s_3MPGUM\/pr:550x550\/aHR0cDovL21lZGlhMi5kZXNpZ25wYXJ0bmVyLmZyL2MvcC8xNDU2NC8xNDU2NC0xNjU3Ni0zLmpwZw?v=1638344222"],"medium_large":["https:\/\/media.th4.com\/ditv-B0X2ksL3Wt0I_vf3PfDHiMz0F7UD1UJOiybw2M\/pr:1000x1000\/aHR0cDovL21lZGlhMi5kZXNpZ25wYXJ0bmVyLmZyL2MvcC8xNDU2NC8xNDU2NC0xNjU3Ni0xLmpwZw?v=1638344222","https:\/\/media.th4.com\/BiPA3r4DT_LrFX_Ohg-p5GJSovGbZVIHKr16WUg8aCk\/pr:1000x1000\/aHR0cDovL21lZGlhMi5kZXNpZ25wYXJ0bmVyLmZyL2MvcC8xNDU2NC8xNDU2NC0xNjU3Ni0yLmpwZw?v=1638344222","https:\/\/media.th4.com\/8v1NrE3kjbl8jWkNNpQNWt81-6QybqscA-9TFgPUS5k\/pr:1000x1000\/aHR0cDovL21lZGlhMi5kZXNpZ25wYXJ0bmVyLmZyL2MvcC8xNDU2NC8xNDU2NC0xNjU3Ni0zLmpwZw?v=1638344222"],"large":["https:\/\/media.th4.com\/JFDyJIQsvLOJsqtXraUWBHPgsbYcdTGKEOIiGdrC0xk\/pr:1920\/aHR0cDovL21lZGlhMi5kZXNpZ25wYXJ0bmVyLmZyL2MvcC8xNDU2NC8xNDU2NC0xNjU3Ni0xLmpwZw?v=1638344222","https:\/\/media.th4.com\/BLeRmgOPyf8nwesblPuB-LCMzg8pTkolJJmk6a8Y11A\/pr:1920\/aHR0cDovL21lZGlhMi5kZXNpZ25wYXJ0bmVyLmZyL2MvcC8xNDU2NC8xNDU2NC0xNjU3Ni0yLmpwZw?v=1638344222","https:\/\/media.th4.com\/2IFkPSAbCeCDa__1u3vlpa2R6GmSZcRX_oY9QIeLiUc\/pr:1920\/aHR0cDovL21lZGlhMi5kZXNpZ25wYXJ0bmVyLmZyL2MvcC8xNDU2NC8xNDU2NC0xNjU3Ni0zLmpwZw?v=1638344222"],"opengraph":["https:\/\/media.th4.com\/ic-7_p6MBVIsAa-NC4khnNnRjkh0g5nycX1mC1wl3hg\/pr:1200x630\/aHR0cDovL21lZGlhMi5kZXNpZ25wYXJ0bmVyLmZyL2MvcC8xNDU2NC8xNDU2NC0xNjU3Ni0xLmpwZw?v=1638344222","https:\/\/media.th4.com\/Zk04xgq4CRFhud46-dIZjV6S2lhV2DhrXcxzchSpJww\/pr:1200x630\/aHR0cDovL21lZGlhMi5kZXNpZ25wYXJ0bmVyLmZyL2MvcC8xNDU2NC8xNDU2NC0xNjU3Ni0yLmpwZw?v=1638344222","https:\/\/media.th4.com\/Yq9VKOmjDDq8sIF0sRmrxjdwRsnaJLlxpmmYBm_W6G0\/pr:1200x630\/aHR0cDovL21lZGlhMi5kZXNpZ25wYXJ0bmVyLmZyL2MvcC8xNDU2NC8xNDU2NC0xNjU3Ni0zLmpwZw?v=1638344222"]},"images_customization":{"miniature":["https:\/\/media.th4.com\/PEyw_b_nJuS3ajAhoh7GPFO8kSXD_ZdjIQH9ybGp4tA\/pr:80\/aHR0cDovL21lZGlhMi5kZXNpZ25wYXJ0bmVyLmZyL2MvcC1zaG9wcGluZy1jdXN0b20tVEgvMTQ1NjQvMTQ1NjQtMTY1NzYtMS5qcGc?v=1737557001"],"medium":["https:\/\/media.th4.com\/WuU6ONxe1ijb4hhI_NcMTwBwHCPJkbfDp5ypGklWm3Y\/pr:550x550\/aHR0cDovL21lZGlhMi5kZXNpZ25wYXJ0bmVyLmZyL2MvcC1zaG9wcGluZy1jdXN0b20tVEgvMTQ1NjQvMTQ1NjQtMTY1NzYtMS5qcGc?v=1737557001"],"medium_large":["https:\/\/media.th4.com\/GfcCrD31tdbNAKbcI7pqFrtFoKPDQQmEkZ7r8Tk14Rc\/pr:1000x1000\/aHR0cDovL21lZGlhMi5kZXNpZ25wYXJ0bmVyLmZyL2MvcC1zaG9wcGluZy1jdXN0b20tVEgvMTQ1NjQvMTQ1NjQtMTY1NzYtMS5qcGc?v=1737557001"],"large":["https:\/\/media.th4.com\/qp5Rg58ntUeTPZ4DyMDHzOIaumfDsUfzRIlmYI6z95w\/pr:1920\/aHR0cDovL21lZGlhMi5kZXNpZ25wYXJ0bmVyLmZyL2MvcC1zaG9wcGluZy1jdXN0b20tVEgvMTQ1NjQvMTQ1NjQtMTY1NzYtMS5qcGc?v=1737557001"],"opengraph":["https:\/\/media.th4.com\/oIMfivMIN8mB1El-DcCpy_1MURjtVHXbDMmBbgzIS5g\/pr:1200x630\/aHR0cDovL21lZGlhMi5kZXNpZ25wYXJ0bmVyLmZyL2MvcC1zaG9wcGluZy1jdXN0b20tVEgvMTQ1NjQvMTQ1NjQtMTY1NzYtMS5qcGc?v=1737557001"]},"country_origin":"PK","traceability":{"manufacturing_country_id":null,"weaving_country_id":null,"dyeing_country_id":null},"sizes":[{"id":259,"article_id":374765,"class_id":0,"name":"6\/8","on_standby":false,"stock_local":0,"stock_global":109,"multiple":1,"estimated_date_reassort":null,"is_destocking":false},{"id":239,"article_id":374766,"class_id":0,"name":"8\/10","on_standby":false,"stock_local":0,"stock_global":116,"multiple":1,"estimated_date_reassort":null,"is_destocking":false},{"id":32,"article_id":374767,"class_id":0,"name":"10\/12","on_standby":false,"stock_local":0,"stock_global":206,"multiple":1,"estimated_date_reassort":null,"is_destocking":false},{"id":1157,"article_id":374768,"class_id":0,"name":"12\/14","on_standby":false,"stock_local":0,"stock_global":178,"multiple":1,"estimated_date_reassort":null,"is_destocking":false}],"page_links":{"fr":"\/fr\/p-ka-k498-blouson-molleton-teddy-enfant-k498-14564\/oxford-grey-black-16576\/","en":"\/en\/p-ka-k498-teddy-fleece-jacket-for-kids-k498-14564\/oxford-grey-black-16576\/","de":"\/de\/p-ka-k498-teddy-fleecejacke-fur-kinder-k498-14564\/oxford-grey-black-16576\/","nl":"\/nl\/p-ka-k498-vliesjasje-teddy-kind-k498-14564\/oxford-grey-black-16576\/","es":"\/es\/p-ka-k498-chaqueta-de-felpa-teddy-infantil-k498-14564\/oxford-grey-black-16576\/","it":"\/it\/p-ka-k498-giacca-di-pile-teddy-per-bambini-k498-14564\/oxford-grey-black-16576\/","sv":"\/sv\/p-ka-k498-teddyfodrad-barnjacka-k498-14564\/oxford-grey-black-16576\/","pt":"\/pt\/p-ka-k498-jaqueta-de-moletom-teddy-infantil-k498-14564\/oxford-grey-black-16576\/","da":"\/da\/p-ka-k498-blouson-molleton-teddy-born-k498-14564\/oxford-grey-black-16576\/","pl":"\/pl\/p-ka-k498-bluzka-moltonowa-teddy-dla-dziecka-k498-14564\/oxford-grey-black-16576\/"},"page_links_customization":{"fr":"\/fr\/p-ka-k498-blouson-molleton-teddy-enfant-personnalisation-avec-votre-visuel-k498-14564\/oxford-grey-black-16576\/custom\/","en":"\/en\/p-ka-k498-teddy-fleece-jacket-child-customization-with-your-visual-k498-14564\/oxford-grey-black-16576\/custom\/","de":"\/de\/p-ka-k498-teddy-fleecejacke-fur-kinder-personalisierung-mit-ihrem-visuellen-k498-14564\/oxford-grey-black-16576\/custom\/","nl":"\/nl\/p-ka-k498-teddy-molton-jasje-voor-kinderen-personalisatie-met-uw-visueel-k498-14564\/oxford-grey-black-16576\/custom\/","es":"\/es\/p-ka-k498-chaqueta-de-chandal-con-peluche-para-ninos-personalizacion-con-su-visuel-k498-14564\/oxford-grey-black-16576\/custom\/","it":"\/it\/p-ka-k498-giacca-felpata-teddy-bambino-personalizzazione-con-il-vostro-visivo-k498-14564\/oxford-grey-black-16576\/custom\/","sv":"\/sv\/p-ka-k498-blouson-molleton-teddy-barn-anpassning-med-din-visning-k498-14564\/oxford-grey-black-16576\/custom\/","pt":"\/pt\/p-ka-k498-jaqueta-de-moletom-teddy-infantil-personalizacao-com-o-seu-visual-k498-14564\/oxford-grey-black-16576\/custom\/","da":"\/da\/p-ka-k498-barn-jakke-af-teddy-fleece-personifikation-med-dit-visuelt-k498-14564\/oxford-grey-black-16576\/custom\/","pl":"\/pl\/p-ka-k498-kurtka-polar-teddy-dziecieca-personalizacja-z-twoim-wizerunkiem-k498-14564\/oxford-grey-black-16576\/custom\/"}},{"id":1326,"name":"red\/white","class_ids":[6,1],"codes_hexa":["dc030c","feffff"],"delai_24":false,"has_3d":false,"seuil_global":0,"stock_local":0,"stock_global":387,"on_standby":false,"in_catalog":true,"images":{"miniature":["https:\/\/media.th4.com\/_PjEoMRTpMmA-zlaOE1Vt6FCjsBwSGghWaq6LO0jh18\/pr:80\/aHR0cDovL21lZGlhMi5kZXNpZ25wYXJ0bmVyLmZyL2MvcC8xNDU2NC8xNDU2NC0xMzI2LTEuanBn?v=1638344222","https:\/\/media.th4.com\/Y8VSqX1Qr-o0KdZIK_uNJVxGhCNMDYhP3U9hIkjEA4o\/pr:80\/aHR0cDovL21lZGlhMi5kZXNpZ25wYXJ0bmVyLmZyL2MvcC8xNDU2NC8xNDU2NC0xMzI2LTIuanBn?v=1638344221","https:\/\/media.th4.com\/z6n15Az-xSVkhWfLW01REQfSiUQHDG_Jgjw2kKarMLg\/pr:80\/aHR0cDovL21lZGlhMi5kZXNpZ25wYXJ0bmVyLmZyL2MvcC8xNDU2NC8xNDU2NC0xMzI2LTMuanBn?v=1638344221"],"medium":["https:\/\/media.th4.com\/lt3mrlBTMWVFlyd1KxYAVqYhCb4nMGyXiQ9FE_MaClk\/pr:550x550\/aHR0cDovL21lZGlhMi5kZXNpZ25wYXJ0bmVyLmZyL2MvcC8xNDU2NC8xNDU2NC0xMzI2LTEuanBn?v=1638344222","https:\/\/media.th4.com\/Pe2XK5QL7MkpPc0lWwORzxUWql7GikqQfELlNU2JGOA\/pr:550x550\/aHR0cDovL21lZGlhMi5kZXNpZ25wYXJ0bmVyLmZyL2MvcC8xNDU2NC8xNDU2NC0xMzI2LTIuanBn?v=1638344221","https:\/\/media.th4.com\/dvWkfrg_poTp83JlgYUVh_bozoC1AMDzJDtJrf57xMc\/pr:550x550\/aHR0cDovL21lZGlhMi5kZXNpZ25wYXJ0bmVyLmZyL2MvcC8xNDU2NC8xNDU2NC0xMzI2LTMuanBn?v=1638344221"],"medium_large":["https:\/\/media.th4.com\/EmbmlqP-RJrglSYqkQD0wVyD9iXMUpLu-V9qYlgyacA\/pr:1000x1000\/aHR0cDovL21lZGlhMi5kZXNpZ25wYXJ0bmVyLmZyL2MvcC8xNDU2NC8xNDU2NC0xMzI2LTEuanBn?v=1638344222","https:\/\/media.th4.com\/NUaTLA6h_g-xhOO9Rzk9CRCk7fIngHocee8otPzumZQ\/pr:1000x1000\/aHR0cDovL21lZGlhMi5kZXNpZ25wYXJ0bmVyLmZyL2MvcC8xNDU2NC8xNDU2NC0xMzI2LTIuanBn?v=1638344221","https:\/\/media.th4.com\/ZKV9yc5r7DHao8Eahv0MyGpZeC7k--5ONeMo1k0O2TY\/pr:1000x1000\/aHR0cDovL21lZGlhMi5kZXNpZ25wYXJ0bmVyLmZyL2MvcC8xNDU2NC8xNDU2NC0xMzI2LTMuanBn?v=1638344221"],"large":["https:\/\/media.th4.com\/R3lwen1C6IInMZZwcnvc_-BMVwRo48SAM-iaxm9e5t8\/pr:1920\/aHR0cDovL21lZGlhMi5kZXNpZ25wYXJ0bmVyLmZyL2MvcC8xNDU2NC8xNDU2NC0xMzI2LTEuanBn?v=1638344222","https:\/\/media.th4.com\/mYb5_iHYlySJUm_j6VEZICZQfwG1jBf8HD0GRPaFQYA\/pr:1920\/aHR0cDovL21lZGlhMi5kZXNpZ25wYXJ0bmVyLmZyL2MvcC8xNDU2NC8xNDU2NC0xMzI2LTIuanBn?v=1638344221","https:\/\/media.th4.com\/O4-_5BY9bdfucznDAmbrmE1WSKNeB86wXdc_U3sEo_0\/pr:1920\/aHR0cDovL21lZGlhMi5kZXNpZ25wYXJ0bmVyLmZyL2MvcC8xNDU2NC8xNDU2NC0xMzI2LTMuanBn?v=1638344221"],"opengraph":["https:\/\/media.th4.com\/Iv-vUe678f7dSivHUUVhFrNrYURtYwYYWXO5xJQZFlg\/pr:1200x630\/aHR0cDovL21lZGlhMi5kZXNpZ25wYXJ0bmVyLmZyL2MvcC8xNDU2NC8xNDU2NC0xMzI2LTEuanBn?v=1638344222","https:\/\/media.th4.com\/TqXM4xKuFdTcHRFC8sneL_dzf1_YZs8JDgve_6kkHHA\/pr:1200x630\/aHR0cDovL21lZGlhMi5kZXNpZ25wYXJ0bmVyLmZyL2MvcC8xNDU2NC8xNDU2NC0xMzI2LTIuanBn?v=1638344221","https:\/\/media.th4.com\/_1tPWevCe7lhFxqvKFpq_uhfpflr3tm5SgFaQlYjDKs\/pr:1200x630\/aHR0cDovL21lZGlhMi5kZXNpZ25wYXJ0bmVyLmZyL2MvcC8xNDU2NC8xNDU2NC0xMzI2LTMuanBn?v=1638344221"]},"images_customization":{"miniature":["https:\/\/media.th4.com\/hxK-NDOHtA9Xhp6ulXK5HcVmM2z6LAFRy8l2oN19Wl4\/pr:80\/aHR0cDovL21lZGlhMi5kZXNpZ25wYXJ0bmVyLmZyL2MvcC1zaG9wcGluZy1jdXN0b20tVEgvMTQ1NjQvMTQ1NjQtMTMyNi0xLmpwZw?v=1737557001"],"medium":["https:\/\/media.th4.com\/_eokSLRbWSz5PAkO7KaBoRJDrGu1GXQXedECVkGWfHI\/pr:550x550\/aHR0cDovL21lZGlhMi5kZXNpZ25wYXJ0bmVyLmZyL2MvcC1zaG9wcGluZy1jdXN0b20tVEgvMTQ1NjQvMTQ1NjQtMTMyNi0xLmpwZw?v=1737557001"],"medium_large":["https:\/\/media.th4.com\/y4ozrOmIh40sEuQtTIYzrqtshcOlvDlEyELlgaUMr68\/pr:1000x1000\/aHR0cDovL21lZGlhMi5kZXNpZ25wYXJ0bmVyLmZyL2MvcC1zaG9wcGluZy1jdXN0b20tVEgvMTQ1NjQvMTQ1NjQtMTMyNi0xLmpwZw?v=1737557001"],"large":["https:\/\/media.th4.com\/5rMRfMowtT-lMSUT16yG-CTSK_BOmpkL8gXpUyRR23E\/pr:1920\/aHR0cDovL21lZGlhMi5kZXNpZ25wYXJ0bmVyLmZyL2MvcC1zaG9wcGluZy1jdXN0b20tVEgvMTQ1NjQvMTQ1NjQtMTMyNi0xLmpwZw?v=1737557001"],"opengraph":["https:\/\/media.th4.com\/QGv7sS-fdxDwHpHfrwzPUL1BXAMvOYQXIm1jov9vD60\/pr:1200x630\/aHR0cDovL21lZGlhMi5kZXNpZ25wYXJ0bmVyLmZyL2MvcC1zaG9wcGluZy1jdXN0b20tVEgvMTQ1NjQvMTQ1NjQtMTMyNi0xLmpwZw?v=1737557001"]},"country_origin":"PK","traceability":{"manufacturing_country_id":null,"weaving_country_id":null,"dyeing_country_id":null},"sizes":[{"id":259,"article_id":374769,"class_id":0,"name":"6\/8","on_standby":false,"stock_local":0,"stock_global":49,"multiple":1,"estimated_date_reassort":null,"is_destocking":false},{"id":239,"article_id":374770,"class_id":0,"name":"8\/10","on_standby":false,"stock_local":0,"stock_global":15,"multiple":1,"estimated_date_reassort":null,"is_destocking":false},{"id":32,"article_id":374771,"class_id":0,"name":"10\/12","on_standby":false,"stock_local":0,"stock_global":136,"multiple":1,"estimated_date_reassort":null,"is_destocking":false},{"id":1157,"article_id":374772,"class_id":0,"name":"12\/14","on_standby":false,"stock_local":0,"stock_global":187,"multiple":1,"estimated_date_reassort":null,"is_destocking":false}],"page_links":{"fr":"\/fr\/p-ka-k498-blouson-molleton-teddy-enfant-k498-14564\/red-white-1326\/","en":"\/en\/p-ka-k498-teddy-fleece-jacket-for-kids-k498-14564\/red-white-1326\/","de":"\/de\/p-ka-k498-teddy-fleecejacke-fur-kinder-k498-14564\/red-white-1326\/","nl":"\/nl\/p-ka-k498-vliesjasje-teddy-kind-k498-14564\/red-white-1326\/","es":"\/es\/p-ka-k498-chaqueta-de-felpa-teddy-infantil-k498-14564\/red-white-1326\/","it":"\/it\/p-ka-k498-giacca-di-pile-teddy-per-bambini-k498-14564\/red-white-1326\/","sv":"\/sv\/p-ka-k498-teddyfodrad-barnjacka-k498-14564\/red-white-1326\/","pt":"\/pt\/p-ka-k498-jaqueta-de-moletom-teddy-infantil-k498-14564\/red-white-1326\/","da":"\/da\/p-ka-k498-blouson-molleton-teddy-born-k498-14564\/red-white-1326\/","pl":"\/pl\/p-ka-k498-bluzka-moltonowa-teddy-dla-dziecka-k498-14564\/red-white-1326\/"},"page_links_customization":{"fr":"\/fr\/p-ka-k498-blouson-molleton-teddy-enfant-personnalisation-avec-votre-visuel-k498-14564\/red-white-1326\/custom\/","en":"\/en\/p-ka-k498-teddy-fleece-jacket-child-customization-with-your-visual-k498-14564\/red-white-1326\/custom\/","de":"\/de\/p-ka-k498-teddy-fleecejacke-fur-kinder-personalisierung-mit-ihrem-visuellen-k498-14564\/red-white-1326\/custom\/","nl":"\/nl\/p-ka-k498-teddy-molton-jasje-voor-kinderen-personalisatie-met-uw-visueel-k498-14564\/red-white-1326\/custom\/","es":"\/es\/p-ka-k498-chaqueta-de-chandal-con-peluche-para-ninos-personalizacion-con-su-visuel-k498-14564\/red-white-1326\/custom\/","it":"\/it\/p-ka-k498-giacca-felpata-teddy-bambino-personalizzazione-con-il-vostro-visivo-k498-14564\/red-white-1326\/custom\/","sv":"\/sv\/p-ka-k498-blouson-molleton-teddy-barn-anpassning-med-din-visning-k498-14564\/red-white-1326\/custom\/","pt":"\/pt\/p-ka-k498-jaqueta-de-moletom-teddy-infantil-personalizacao-com-o-seu-visual-k498-14564\/red-white-1326\/custom\/","da":"\/da\/p-ka-k498-barn-jakke-af-teddy-fleece-personifikation-med-dit-visuelt-k498-14564\/red-white-1326\/custom\/","pl":"\/pl\/p-ka-k498-kurtka-polar-teddy-dziecieca-personalizacja-z-twoim-wizerunkiem-k498-14564\/red-white-1326\/custom\/"}}],"documentation_link":"\/pdf\/14564.pdf","countries_availables":["AD","AE","AL","AT","BA","BD","BE","BG","BL","CA","CH","CN","CO","CY","CZ","DE","DK","DO","EE","EG","ES","ET","FI","FR","GB","GE","GF","GP","GR","GT","HK","HN","HR","HT","HU","ID","IE","IN","IS","IT","JO","JP","KE","KH","KP","KR","LA","LK","LS","LT","LU","LV","MA","MF","MG","MK","MM","MN","MQ","MT","MX","MY","NC","NI","NL","PF","PH","PK","PL","PM","PT","RE","RO","SE","SG","SI","SK","SV","SY","TH","TN","TR","TW","TZ","US","VN","WF","YT"]},"infos_customization":[],"features":{"authorize_multi_surfaces":true,"display_order_delay_type":true,"promote_surface_display":true,"tarification_franco_offert":true,"enabled_3d_editor":false},"markings":[{"id":0,"nom":"vierge","finition":null,"libelle":null,"code":null,"dpi":null,"finesse_forme_isolee":null,"finesse_forme_non_isolee":null,"hauteur_minimale_texte":null,"inactif":0,"marquage_interne":1,"quantite_min":null,"parent_id":null,"print_on_support":0,"content":"vierge","description":null},{"id":2,"nom":"fonce","finition":"optimale","libelle":"TopQuadri","code":null,"dpi":400,"finesse_forme_isolee":"0.040","finesse_forme_non_isolee":"0.700","hauteur_minimale_texte":2,"inactif":0,"marquage_interne":1,"quantite_min":null,"parent_id":18,"print_on_support":0,"content":"TopQuadri","description":"pour petites et moyennes s\u00e9ries"},{"id":3,"nom":"serigraphie","finition":"serigraphie","libelle":"SeriCoat","code":null,"dpi":400,"finesse_forme_isolee":"0.040","finesse_forme_non_isolee":"0.700","hauteur_minimale_texte":2,"inactif":0,"marquage_interne":1,"quantite_min":15,"parent_id":18,"print_on_support":0,"content":"SeriCoat","description":"pour moyennes et grandes s\u00e9ries"},{"id":4,"nom":"broderie","finition":"broderie","libelle":"Broderie","code":null,"dpi":400,"finesse_forme_isolee":"0.040","finesse_forme_non_isolee":"0.700","hauteur_minimale_texte":3,"inactif":0,"marquage_interne":1,"quantite_min":null,"parent_id":null,"print_on_support":0,"content":"Broderie","description":null},{"id":8,"nom":"theme","finition":null,"libelle":"Th\u00e8me","code":null,"dpi":null,"finesse_forme_isolee":null,"finesse_forme_non_isolee":null,"hauteur_minimale_texte":null,"inactif":0,"marquage_interne":1,"quantite_min":null,"parent_id":null,"print_on_support":0,"content":"Th\u00e8me","description":null},{"id":9,"nom":"sans","finition":null,"libelle":null,"code":null,"dpi":null,"finesse_forme_isolee":null,"finesse_forme_non_isolee":null,"hauteur_minimale_texte":null,"inactif":0,"marquage_interne":1,"quantite_min":null,"parent_id":null,"print_on_support":0,"content":"sans","description":null},{"id":10,"nom":"photo","finition":null,"libelle":"Photo","code":null,"dpi":null,"finesse_forme_isolee":null,"finesse_forme_non_isolee":null,"hauteur_minimale_texte":null,"inactif":0,"marquage_interne":1,"quantite_min":null,"parent_id":null,"print_on_support":0,"content":"Photo","description":null},{"id":14,"nom":"couleur","finition":null,"libelle":"Couleur","code":null,"dpi":null,"finesse_forme_isolee":null,"finesse_forme_non_isolee":null,"hauteur_minimale_texte":null,"inactif":0,"marquage_interne":1,"quantite_min":null,"parent_id":null,"print_on_support":0,"content":"Couleur","description":null},{"id":15,"nom":"sublimation","finition":"sublimation","libelle":"Sublimation","code":null,"dpi":null,"finesse_forme_isolee":"0.000","finesse_forme_non_isolee":"0.000","hauteur_minimale_texte":2,"inactif":0,"marquage_interne":1,"quantite_min":null,"parent_id":null,"print_on_support":0,"content":"Sublimation","description":null},{"id":16,"nom":"topquadri_uv","finition":null,"libelle":"TopQuadri UV","code":null,"dpi":null,"finesse_forme_isolee":"0.020","finesse_forme_non_isolee":"0.700","hauteur_minimale_texte":2,"inactif":0,"marquage_interne":1,"quantite_min":null,"parent_id":null,"print_on_support":1,"content":null,"description":null},{"id":17,"nom":"topquadri_uvp","finition":null,"libelle":"TopQuadri UVP","code":null,"dpi":null,"finesse_forme_isolee":"0.020","finesse_forme_non_isolee":"0.700","hauteur_minimale_texte":2,"inactif":0,"marquage_interne":1,"quantite_min":null,"parent_id":null,"print_on_support":1,"content":null,"description":null},{"id":18,"nom":"quadri","finition":null,"libelle":"Impression","code":null,"dpi":null,"finesse_forme_isolee":null,"finesse_forme_non_isolee":null,"hauteur_minimale_texte":null,"inactif":0,"marquage_interne":1,"quantite_min":null,"parent_id":null,"print_on_support":0,"content":null,"description":null}]}}