{"data":{"product":{"id":1445,"titre":"Parka doublure matelass\u00e9e","description":"Ext\u00e9rieur : 100% polyester Oxford.\nInt\u00e9rieur : polyester matelass\u00e9. Fermeture zipp\u00e9e avec patte autoagrippante et\npressions invisibles. 2 poches ext\u00e9rieures zipp\u00e9es. 2 poches int\u00e9rieures. 1 poche\npour t\u00e9l\u00e9phone portable. Capuche dans le col. Col doubl\u00e9 polaire. Zip int\u00e9rieur pour\npersonnalisation.","genre":"homme","grammage":450,"conditionnement":10,"composition":"polyester,polyester_uniquement","reference":"K677","reference_visible":"ka-k677","reference_fabricant":"K677","ref_xor":"742368","in_catalog":true,"is_transfer":false,"is_service":false,"on_standby":false,"has_3d":true,"has_size_guide":true,"has_marking":true,"has_vierge":true,"is_cross_sellable":false,"id_picto":28,"filename_3d":"1445","brand":{"id":25,"name":"Kariban","logo":"logo-kariban.png","image":"https:\/\/media.th4.com\/0rw9lHnnPIY5Gn0FZVsrv47tC3tEhLUIsdVYj4xy6L4\/pr:brand70x70\/aHR0cDovL21lZGlhMi5kZXNpZ25wYXJ0bmVyLmZyL2MvbS9sb2dvLWthcmliYW4ucG5n?v=1736960982"},"price_infos":{"price_from":20.14,"quantity":1,"color":{"id":5421,"name":"red_old"},"size":{"id":1116,"name":"2XL"}},"price_infos_marking":{"price_from":32.74,"quantity":1,"color":{"id":5421,"name":"red_old"},"size":{"id":1116,"name":"2XL"},"marking":{"id":2,"name":""},"emplacement":"avant","surface_emplacement_id":1,"surface":"coeur"},"i18n":{"blank":{"title":{"fr":"Parka doublure matelass\u00e9e KARIBAN k677","en":"Parka quilted lining KARIBAN k677","de":"Parkajacke mit gef\u00fctterter Steppung KARIBAN k677","nl":"Parkajas met inleg matelass\u00e9e KARIBAN k677","es":"Chaqueta parka forrada acolchada KARIBAN k677","it":"Giacca parka imbottita KARIBAN k677","sv":"Parka foderad k677","pt":"Parka forro acolchoado KARIBAN k677","da":"Parka med pudset foring k677","pl":"Kurtka Parka z podwi\u0105zk\u0105 KARIBAN k677"},"description":{"fr":"Ce blouson parka polyester offre une conception pratique et confortable. Il est dot\u00e9 d'une doublure matelass\u00e9e pour une isolation thermique accrue. La fermeture zipp\u00e9e est compl\u00e9t\u00e9e par une patte autoagrippante et des pressions invisibles. Il dispose de deux poches ext\u00e9rieures zipp\u00e9es, de deux poches int\u00e9rieures et d'une poche d\u00e9di\u00e9e au t\u00e9l\u00e9phone portable. La capuche est int\u00e9gr\u00e9e au col, et ce dernier est doubl\u00e9 en polaire pour un confort suppl\u00e9mentaire. Un zip int\u00e9rieur permet la personnalisation du v\u00eatement.\n\n- Ext\u00e9rieur : 100% polyester Oxford\n- Int\u00e9rieur : polyester matelass\u00e9\n- Poches ext\u00e9rieures : 2 zipp\u00e9es\n- Poches int\u00e9rieures : 2\n- Poche t\u00e9l\u00e9phone portable : 1\n- Capuche : int\u00e9gr\u00e9e au col\n- Col : doubl\u00e9 polaire","en":"This polyester parka jacket offers a practical and comfortable design. It features a quilted lining for increased thermal insulation. The zip closure is complemented by a velcro tab and invisible snaps. It has two exterior zip pockets, two interior pockets and one dedicated phone pocket. The hood is integrated into the collar, and the latter is lined with fleece for added comfort. An interior zip allows for customization of the garment.\n\n- Exterior: 100% Oxford polyester\n- Interior: quilted polyester\n- Exterior pockets: 2 zipped\n- Interior pockets: 2\n- Phone pocket: 1\n- Hood: integrated into the collar\n- Collar: fleece lined","de":"Diese Polyester Parka bietet eine praktische und komfortable Konstruktion. Sie verf\u00fcgt \u00fcber eine gef\u00fctterte Steppung f\u00fcr eine erh\u00f6hte W\u00e4rmed\u00e4mmung. Der Rei\u00dfverschluss ist mit einem Klettverschluss und unsichtbaren Druckkn\u00f6pfen erg\u00e4nzt. Es gibt zwei \u00e4u\u00dfere Rei\u00dfverschlusstaschen, zwei innere Taschen und eine Tasche f\u00fcr das Mobiltelefon. Die Kapuze ist in den Kragen integriert, und dieser ist mit Fleece gef\u00fcttert f\u00fcr zus\u00e4tzlichen Komfort. Ein innerer Rei\u00dfverschluss erm\u00f6glicht die Personalisierung des Kleidungsst\u00fccks.\n\n- Au\u00dfenmaterial: 100% Polyester Oxford\n- Innenmaterial: gestepptes Polyester\n- Au\u00dfentaschen: 2 mit Rei\u00dfverschluss\n- Innentaschen: 2\n- Tasche f\u00fcr Mobiltelefon: 1\n- Kapuze: in den Kragen integriert\n- Kragen: mit Fleece gef\u00fcttert","nl":"Deze polyester parka jas biedt een praktische en comfortabele ontwerp. Het heeft een matelass\u00e9e inleg voor een verbeterde thermische isolatie. De ritsluiting is aangevuld met een klitband en onzichtbare drukknopen. Het heeft twee buitenzakken met rits, twee binnenzakken en een specifieke zak voor een mobiele telefoon. De kap is ge\u00efntegreerd in de kraag, en deze laatste is geflanseerd met fleece voor extra comfort. Een binnenrits maakt personalisatie van het kledingstuk mogelijk.\n\n- Buitenkant: 100% polyester Oxford\n- Binnenkant: matelass\u00e9e polyester\n- Buitenzakken: 2 met rits\n- Binnenzakken: 2\n- Mobiele telefoonzak: 1\n- Kap: ge\u00efntegreerd in de kraag\n- Kraag: geflanseerd met fleece","es":"Esta chaqueta parka de poli\u00e9ster ofrece un dise\u00f1o pr\u00e1ctico y c\u00f3modo. Tiene un forro acolchado para un mayor aislamiento t\u00e9rmico. La cremallera est\u00e1 complementada con una solapa de velcro y presiones invisibles. Tiene dos bolsillos exteriores con cremallera, dos bolsillos interiores y un bolsillo dedicado para el tel\u00e9fono m\u00f3vil. La capucha est\u00e1 integrada en el cuello, y este \u00faltimo est\u00e1 forrado en polar para un mayor confort. Una cremallera interior permite la personalizaci\u00f3n de la prenda.\n\n- Exterior: 100% poli\u00e9ster Oxford\n- Interior: poli\u00e9ster acolchado\n- Bolsillos exteriores: 2 con cremallera\n- Bolsillos interiores: 2\n- Bolsillo para tel\u00e9fono m\u00f3vil: 1\n- Capucha: integrada en el cuello\n- Cuello: forrado en polar","it":"Questa giacca parka in poliestere offre una progettazione pratica e confortevole. \u00c8 dotata di un'imbottitura per un isolamento termico migliorato. La chiusura a zip \u00e8 completata da una linguetta a velcro e da pressioni invisibili. Dispone di due tasche esterne a zip, di due tasche interne e di una tasca dedicata al telefono cellulare. Il cappuccio \u00e8 integrato nel colletto, e quest'ultimo \u00e8 imbottito in pile per un comfort aggiuntivo. Una zip interna permette la personalizzazione del capo. \n\n- Esterno: 100% poliestere Oxford\n- Interno: poliestere imbottito\n- Tasche esterne: 2 a zip\n- Tasche interne: 2\n- Tasca telefono cellulare: 1\n- Cappuccio: integrato nel colletto\n- Colletto: imbottito in pile","sv":"Denna parka av polyester erbjuder en praktisk och bekv\u00e4m design. Den \u00e4r f\u00f6rsedd med ett foderad med stoppning f\u00f6r \u00f6kad v\u00e4rmeisolerings. Den zippade st\u00e4ngningen kompletteras med ett klammerband och dolda kn\u00e4ppningar. Den har tv\u00e5 yttre zippade fickor, tv\u00e5 inre fickor och en ficka f\u00f6r mobiltelefon. Huvudet \u00e4r integrerat i kragen, och denna \u00e4r fodrad med fleece f\u00f6r extra komfort. En inre zipper g\u00f6r det m\u00f6jligt att anpassa kl\u00e4dseln.\n\n- Utanf\u00f6r: 100% polyester Oxford\n- Inuti: stoppad polyester\n- Yttre fickor: 2 zippade\n- Inre fickor: 2\n- Mobiltelefonficka: 1\n- Huvud: integrerat i kragen\n- Krage: fodrad med fleece","pt":"Esta jaqueta parka de poli\u00e9ster oferece um design pr\u00e1tico e confort\u00e1vel. Possui um forro acolchoado para isolamento t\u00e9rmico aprimorado. O fechamento z\u00edper \u00e9 complementado por uma aba autoagripante e press\u00f5es invis\u00edveis. Possui dois bolsos externos com z\u00edper, dois bolsos internos e um bolso dedicado ao telefone celular. O capuz est\u00e1 integrado ao colarinho, que \u00e9 forrado com pel\u00facia para maior conforto. Um z\u00edper interno permite a personaliza\u00e7\u00e3o da roupa.\n\n- Exterior: 100% poli\u00e9ster Oxford\n- Interior: poli\u00e9ster acolchoado\n- Bolsos externos: 2 com z\u00edper\n- Bolsos internos: 2\n- Bolso para telefone celular: 1\n- Capuz: integrado ao colarinho\n- Colarinho: forrado com pel\u00facia","da":"Denne parka jakke af polyester tilbyder en praktisk og komfortabel design. Den har en pudset foring for \u00f8get varmeisolering. Lysl\u00e5sen er suppleret med en velcro-flap og usynlige knapper. Den har to udvendige lysl\u00e5se lommer, to indvendige lommer og en lomme dedikeret til mobiltelefon. H\u00e6tten er integreret i kraven, som er fodret med fleece for ekstra komfort. En indvendig lysl\u00e5s giver mulighed for personligg\u00f8relse af t\u00f8jet.  Ext\u00e9rieur : 100% polyester Oxford Int\u00e9rieur : polyester matelass\u00e9 Poches ext\u00e9rieures : 2 zipp\u00e9es Poches int\u00e9rieures : 2 Poche t\u00e9l\u00e9phone portable : 1 Capuche : int\u00e9gr\u00e9e au col Col : doubl\u00e9 polaire","pl":"Ta kurtka parka z poliestru oferuje praktyczn\u0105 i wygodn\u0105 konstrukcj\u0119. Wyposa\u017cona jest w podwi\u0105zk\u0119, aby zwi\u0119kszy\u0107 izolacj\u0119 termiczn\u0105. Zamkni\u0119cie b\u0142yskawiczne jest uzupe\u0142nione o klap\u0119 samoprzylepn\u0105 i niewidoczne zamki. Dwa zewn\u0119trzne kieszenie na zamek b\u0142yskawiczny, dwa wewn\u0119trzne kieszenie i kiesze\u0144 na telefon kom\u00f3rkowy. Czapka jest zintegrowana z ko\u0142nierzem, a ten ostatni jest podw\u00f3jnie wy\u0142o\u017cony pluszem dla dodatkowego komfortu. Zamkni\u0119cie b\u0142yskawiczne w \u015brodku pozwala na personalizacj\u0119 ubrania. \n\n- Zewn\u0119trznie: 100% poliestru Oxford\n- Wewn\u0105trz: poliestru z podwi\u0105zk\u0105\n- Kieszenie zewn\u0119trzne: 2 z zamkiem b\u0142yskawicznym\n- Kieszenie wewn\u0119trzne: 2\n- Kiesze\u0144 na telefon kom\u00f3rkowy: 1\n- Czapka: zintegrowana z ko\u0142nierzem\n- Ko\u0142nierz: podw\u00f3jnie wy\u0142o\u017cony pluszem"},"h1":{"fr":"Parka doublure matelass\u00e9e k677","en":"Parka quilted lining k677","de":"Parkajacke mit gef\u00fctterter Steppung k677","nl":"Parkajas met inleg matelass\u00e9e k677","es":"Chaqueta parka forrada acolchada k677","it":"Giacca parka imbottita k677","sv":"Parka foderad k677","pt":"Parka forro acolchoado k677","da":"Parka med pudset foring k677","pl":"Kurtka Parka z podwi\u0105zk\u0105 k677"},"meta_description":{"fr":"Blouson parka polyester avec doublure matelass\u00e9e, fermeture zipp\u00e9e et poches pratiques. Id\u00e9al pour un usage quotidien.","en":"Polyester parka jacket with quilted lining, zip closure and practical pockets. Ideal for everyday use.","de":"Polyester Parka mit gef\u00fctterter Steppung, Rei\u00dfverschluss und praktischen Taschen. Ideal f\u00fcr den t\u00e4glichen Gebrauch.","nl":"Polyester parka jas met matelass\u00e9e inleg, ritsluiting en praktische zakken. Ideaal voor dagelijks gebruik.","es":"Chaqueta parka de poli\u00e9ster con forro acolchado, cierre de cremallera y bolsillos pr\u00e1cticos. Ideal para un uso diario.","it":"Giubbotto parka in poliestere con imbottitura, chiusura lampo e tasche pratiche. Ideale per l'uso quotidiano.","sv":"Polyester parka med foderad med stoppning, zippad st\u00e4ngning och praktiska fickor. Idealisk f\u00f6r vardagsbruk.","pt":"Jaqueta parka de poli\u00e9ster com forro acolchoado, fechamento z\u00edper e bolsos pr\u00e1ticos. Ideal para uso di\u00e1rio.","da":"Parka jakke af polyester med pudset foring, lysl\u00e5se lukning og praktiske lommer. Ideel til daglig brug.","pl":"Bluzka parka z poliestru z podwi\u0105zk\u0105, z zamkiem b\u0142yskawicznym i praktycznymi kieszeniami. Idealna do codziennego u\u017cytku."}},"custom":{"title":{"fr":"Parka doublure matelass\u00e9e KARIBAN k677 personnalisable","en":"Padded lining parka KARIBAN k677 customizable","de":"Gef\u00fctterte Parka KARIBAN k677 personalisierbar","nl":"Gevulde parkajacken KARIBAN k677 personaliseerbaar","es":"Abrigo acolchado KARIBAN k677 personalizable","it":"Parka con imbottitura matelassata KARIBAN k677 personalizzabile","sv":"Parka med foder k677, personligbar","pt":"Jaqueta de forro acolchoado KARIBAN k677 personaliz\u00e1vel","da":"Parka fordoblet k677 tilpasseligt","pl":"Kurtka z wype\u0142nieniem KARIBAN k677 do personalizacji"},"description":{"fr":"Parka doublure matelass\u00e9e en polyester Oxford, offrant confort et protection. Fermeture zipp\u00e9e avec patte autoagrippante et pressions invisibles. Il dispose de 2 poches ext\u00e9rieures zipp\u00e9es, 2 poches int\u00e9rieures et une poche pour t\u00e9l\u00e9phone portable. Sa capuche int\u00e9gr\u00e9e au col et son col doubl\u00e9 polaire apportent une protection suppl\u00e9mentaire. Un zip int\u00e9rieur permet une personnalisation facile par broderie ou impression de votre logo. \n\nCaract\u00e9ristiques techniques :\n\n* Ext\u00e9rieur : 100% polyester Oxford\n* Int\u00e9rieur : polyester matelass\u00e9\n* Fermeture zipp\u00e9e avec patte autoagrippante et pressions invisibles\n* 2 poches ext\u00e9rieures zipp\u00e9es\n* 2 poches int\u00e9rieures\n* 1 poche pour t\u00e9l\u00e9phone portable\n* Capuche dans le col\n* Col doubl\u00e9 polaire\n* Zip int\u00e9rieur pour personnalisation","en":"Padded lining parka in polyester Oxford, offering comfort and protection. Zip closure with hook-and-loop fastener and invisible snaps. It has 2 zippered outer pockets, 2 inner pockets and a pocket for mobile phone. Its integrated hood in the collar and its polar fleece-lined collar provide additional protection. An interior zip allows easy customization by embroidery or printing your logo.\n\nTechnical characteristics:\n\n* Exterior: 100% polyester Oxford\n* Interior: padded polyester\n* Zip closure with hook-and-loop fastener and invisible snaps\n* 2 zippered outer pockets\n* 2 inner pockets\n* 1 pocket for mobile phone\n* Hood in the collar\n* Polar fleece-lined collar\n* Interior zip for customization","de":"Gef\u00fctterte Parka aus Polyester Oxford, die Komfort und Schutz bietet. Mit Rei\u00dfverschluss, Klettverschlussklappe und verdeckten Kn\u00f6pfen. Sie verf\u00fcgt \u00fcber 2 au\u00dfenliegende Rei\u00dfverschlusstaschen, 2 Innentaschen und eine Tasche f\u00fcr ein Mobiltelefon. Die integrierte Kapuze im Kragen und der gef\u00fctterte Polarkragen bieten zus\u00e4tzlichen Schutz. Ein innenliegender Rei\u00dfverschluss erm\u00f6glicht eine einfache Personalisierung durch Stickerei oder Druck Ihres Logos. \n\nTechnische Merkmale:\n\n* Au\u00dfenseite: 100% Polyester Oxford\n* Innenseite: gef\u00fcttert mit Polyester\n* Rei\u00dfverschluss mit Klettverschlussklappe und verdeckten Kn\u00f6pfen\n* 2 au\u00dfenliegende Rei\u00dfverschlusstaschen\n* 2 Innentaschen\n* 1 Tasche f\u00fcr Mobiltelefon\n* Kapuze im Kragen\n* Gef\u00fctterter Polarkragen\n* Innenrei\u00dfverschluss zur Personalisierung","nl":"Gevulde parkajacket in polyester Oxford, biedt comfort en bescherming. Met een rits met klitband en onzichtbare knoppen. De jas heeft twee buitenzakken met ritsen, twee binnenzakken en een zakje voor uw mobiele telefoon. De ingebouwde muts en het stoffige binnenste bieden extra bescherming. Een binnenrits maakt het mogelijk om gemakkelijk te personaliseren door het borduren of afdrukken van uw logo.","es":"Abrigo acolchado en poli\u00e9ster Oxford, ofreciendo confort y protecci\u00f3n. Cierre con cremallera y solapa autoagarrante y botones invisibles. Dispone de 2 bolsillos exteriores con cremallera, 2 bolsillos interiores y un bolsillo para tel\u00e9fono m\u00f3vil. Su capucha integrada en el cuello y su cuello forrado de polar aportan una protecci\u00f3n adicional. Una cremallera interior permite una personalizaci\u00f3n f\u00e1cil por bordado o impresi\u00f3n de su logotipo.\n\nCaracter\u00edsticas t\u00e9cnicas:\n\n* Exterior: 100% poli\u00e9ster Oxford\n* Interior: poli\u00e9ster acolchado\n* Cierre con cremallera y solapa autoagarrante y botones invisibles\n* 2 bolsillos exteriores con cremallera\n* 2 bolsillos interiores\n* 1 bolsillo para tel\u00e9fono m\u00f3vil\n* Capucha en el cuello\n* Cuello forrado de polar\n* Cremallera interior para personalizaci\u00f3n","it":"Parka con imbottitura matelassata in poliestere Oxford, che offre comfort e protezione. Chiusura a zip con patta a striscia autoadesiva e pressioni invisibili. \u00c8 dotato di 2 tasche esterne a zip, 2 tasche interne e una tasca per telefono cellulare. La sua cuffia integrata nel collo e il collo foderato in pile offrono una protezione aggiuntiva. Una cerniera interna consente una personalizzazione semplice tramite ricamo o stampa del vostro logo.\n\nCaratteristiche tecniche:\n\n* Esterno: 100% poliestere Oxford\n* Interno: poliestere imbottito\n* Chiusura a zip con patta a striscia autoadesiva e pressioni invisibili\n* 2 tasche esterne a zip\n* 2 tasche interne\n* 1 tasca per telefono cellulare\n* Cuffia nel collo\n* Collo foderato in pile\n* Zip interno per la personalizzazione","sv":"Parkan \u00e4r fylld och tillverkad av polyesteroxford, vilket ger komfort och skydd. Den har en dragkedja med ett kl\u00e4mmbart lock och osynliga knappar. Tv\u00e5 ytterfickor med dragkedjor, tv\u00e5 inre fickor och en ficka f\u00f6r mobiltelefon. Den integrerade hakan i kragen och den pol\u00e4rinsatsade krage ger extra skydd. En inre dragkedja g\u00f6r att du enkelt kan personligg\u00f6ra parkan genom broderi eller tryck av ditt logo.\n\nTekniska specifikationer:\n\n* Utanp\u00e5: 100% polyesteroxford\n* Innefoder: fylld polyester\n* Dragkedja med kl\u00e4mmbart lock och osynliga knappar\n* Tv\u00e5 ytterfickor med dragkedjor\n* Tv\u00e5 inre fickor\n* En ficka f\u00f6r mobiltelefon\n* Haka i kragen\n* Pol\u00e4rinsatsad krage\n* Inre dragkedja f\u00f6r personligg\u00f6ring","pt":"Jaqueta de forro acolchoado em poli\u00e9ster Oxford, oferecendo conforto e prote\u00e7\u00e3o. Fechamento z\u00edper com aba Velcro e press\u00f5es invis\u00edveis. Possui 2 bolsos externos com z\u00edper, 2 bolsos internos e um bolso para telefone celular. Sua capuz integrada no colarinho e seu colarinho forrado em polar trazem prote\u00e7\u00e3o adicional. Um z\u00edper interno permite uma personaliza\u00e7\u00e3o f\u00e1cil por bordado ou impress\u00e3o do seu logotipo.","da":"Parka fordoblet i Oxford polyester, der tilbyder komfort og beskyttelse. Glidel\u00e5s med velcroflap og skjulte knapper. Den har to ydre glidel\u00e5sser, to indre lommer og en lomme til mobiltelefonen. En indbygget kappe p\u00e5 kragen og en polardoblet krave tilbyder ekstra beskyttelse. Et indvendigt glidel\u00e5s tillader nem tilpasning ved broderi eller tryk af dit logo.\n\nTekniske specifikationer:\n\n* Udvendig: 100% Oxford polyester\n* Indvendig: fordoblet polyester\n* Glidel\u00e5s med velcroflap og skjulte knapper\n* To ydre glidel\u00e5sser\n* To indre lommer\n* En lomme til mobiltelefonen\n* Kappe i kragen\n* Polardoblet krave\n* Indvendigt glidel\u00e5s for tilpasning","pl":"Kurtka z wype\u0142nieniem z poliestru Oxford, zapewniaj\u0105ca komfort i ochron\u0119. Zamkni\u0119cie z zamek b\u0142yskawiczny z klamr\u0105 samoprzylepn\u0105 i niewidocznymi guzikami. Dwa zewn\u0119trzne kieszenie z zamkiem b\u0142yskawicznym, dwa wewn\u0119trzne kieszenie oraz kiesze\u0144 na telefon kom\u00f3rkowy. Wbudowana kapturka w ko\u0142nierzu i podw\u00f3jny ko\u0142nierz z futra polarowego zapewniaj\u0105 dodatkow\u0105 ochron\u0119. Zamek b\u0142yskawiczny wewn\u0105trz umo\u017cliwia \u0142atw\u0105 personalizacj\u0119 poprzez haft lub drukowanie logo.\n\nSpecyfikacje techniczne:\n\n* Wewn\u0119trzna: poliester z wype\u0142nieniem\n* Zamkni\u0119cie z zamek b\u0142yskawiczny z klamr\u0105 samoprzylepn\u0105 i niewidocznymi guzikami\n* Dwie zewn\u0119trzne kieszenie z zamkiem b\u0142yskawicznym\n* Dwie wewn\u0119trzne kieszenie\n* Jedna kiesze\u0144 na telefon kom\u00f3rkowy\n* Kapturka w ko\u0142nierzu\n* Podw\u00f3jny ko\u0142nierz z futra polarowego\n* Zamek b\u0142yskawiczny wewn\u0105trz do personalizacji"},"h1":{"fr":"Parka doublure matelass\u00e9e k677 personnalisation","en":"Padded lining parka k677 customization","de":"Gef\u00fctterte Parka k677 Personalisierung","nl":"Gevulde parkajacket k677 personalisatie","es":"Abrigo acolchado k677 personalizaci\u00f3n","it":"Parka con imbottitura matelassata k677 personalizzazione","sv":"Parka med foder k677, personligbar","pt":"Jaqueta de forro acolchoado k677 personaliza\u00e7\u00e3o","da":"Parka fordoblet k677 tilpasning","pl":"Kurtka z wype\u0142nieniem k677 personalizacja"},"meta_description":{"fr":"Parka doublure matelass\u00e9e polyester Oxford KARIBAN k677. Personnalisable par broderie ou impression de votre logo. Id\u00e9al pour les professionnels.","en":"KARIBAN padded lining parka polyester Oxford k677. Customizable by embroidery or printing your logo. Ideal for professionals.","de":"Gef\u00fctterte Parka aus Polyester Oxford KARIBAN k677. Personalisierbar durch Stickerei oder Druck Ihres Logos. Ideal f\u00fcr Fachleute.","nl":"Parka met gevulde binnenkant van polyester oxford KARIBAN k677. Personaliseerbaar door het borduren of afdrukken van uw logo. Ideaal voor professionals.","es":"Abrigo acolchado de poli\u00e9ster Oxford KARIBAN k677. Personalizable con bordado o impresi\u00f3n de su logotipo. Ideal para profesionales.","it":"Parka con imbottitura matelassata in poliestere Oxford KARIBAN k677. Personalizzabile con ricamo o stampa del vostro logo. Ideale per i professionisti.","sv":"Fyllig parka i polyesteroxford k677. Personligbara med broderi eller tryck av ditt logo. Idealisk f\u00f6r yrkesverksamma.","pt":"Jaqueta de forro acolchoado em poli\u00e9ster Oxford KARIBAN k677. Personaliz\u00e1vel por bordado ou impress\u00e3o do seu logotipo. Ideal para profissionais.","da":"Parka fordoblet Oxford polyester KARIBAN k677. Tilpasselig ved broderi eller tryk af dit logo. Ideelt for professionelle.","pl":"Kurtka z wype\u0142nieniem KARIBAN k677 z poliestru Oxford. Mo\u017cna spersonalizowa\u0107 poprzez haft lub drukowanie logo. Idealne dla profesjonalist\u00f3w."}}},"categories":[{"id":301,"name":"Parkas et blousons","singular":"Parka et blouson","is_feminin":false},{"id":13,"name":"Vestes et manteaux","singular":"Veste et manteau","is_feminin":true},{"id":354,"name":"Textile","singular":"Textile","is_feminin":false}],"certifications":[],"videos":{"fr":[],"en":[],"de":[],"nl":[],"es":[],"it":[],"sv":[],"pt":[],"da":[],"pl":[]},"main_images":{"miniature":"https:\/\/media.th4.com\/LQ-YXSPqs_1mQO1CLXK_QuFK-BtXfWUS_Udl3Wi-WhU\/pr:80\/aHR0cDovL21lZGlhMi5kZXNpZ25wYXJ0bmVyLmZyL2MvcC1ibGFuay1USC8xNDQ1LndlYnA?v=1748952797","medium":"https:\/\/media.th4.com\/gAUlPLzEHeA_dZfEU9zvS48gmf1X8age6w9uQsX7UMM\/pr:550x550greybg\/aHR0cDovL21lZGlhMi5kZXNpZ25wYXJ0bmVyLmZyL2MvcC1ibGFuay1USC8xNDQ1LndlYnA?v=1748952797","medium_large":"https:\/\/media.th4.com\/w_SzZdPftH5AEUQwOGCOUGvAD_pIaTTtQ9fkYgqWTcI\/pr:1000x1000greybg\/aHR0cDovL21lZGlhMi5kZXNpZ25wYXJ0bmVyLmZyL2MvcC1ibGFuay1USC8xNDQ1LndlYnA?v=1748952797","large":"https:\/\/media.th4.com\/vC8qBDNCT2A1Lz5IvOWtEPih4u8AlBhF1LPMi7wzPrI\/pr:1920greybg\/aHR0cDovL21lZGlhMi5kZXNpZ25wYXJ0bmVyLmZyL2MvcC1ibGFuay1USC8xNDQ1LndlYnA?v=1748952797","opengraph":"https:\/\/media.th4.com\/6f8h5UalNtENmZz80SHoNPeQ2sSS1qE4rcG7zXZR9Qg\/pr:1200x630greybg\/aHR0cDovL21lZGlhMi5kZXNpZ25wYXJ0bmVyLmZyL2MvcC1ibGFuay1USC8xNDQ1LndlYnA?v=1748952797"},"main_images_customization":{"miniature":"https:\/\/media.th4.com\/dtKJM0ZQltqplOOiUe9B2ODEkStbPMDAB67PeWf9s1I\/pr:80\/aHR0cDovL21lZGlhMi5kZXNpZ25wYXJ0bmVyLmZyL2MvcC1jdXN0b20tVEgvMTQ0NS53ZWJw?v=1748952787","medium":"https:\/\/media.th4.com\/iXfLVtb_-_Fn4vIAghvRIE2iKBTgS3C55baTVfQfr2c\/pr:550x550greybg\/aHR0cDovL21lZGlhMi5kZXNpZ25wYXJ0bmVyLmZyL2MvcC1jdXN0b20tVEgvMTQ0NS53ZWJw?v=1748952787","medium_large":"https:\/\/media.th4.com\/cSCdbNs6EBuJneivl3hgY4GywvMS6DYGMZrji5deWSk\/pr:1000x1000greybg\/aHR0cDovL21lZGlhMi5kZXNpZ25wYXJ0bmVyLmZyL2MvcC1jdXN0b20tVEgvMTQ0NS53ZWJw?v=1748952787","large":"https:\/\/media.th4.com\/jc9IKcObxT7tioqWsS2g0kChS8oRke9wDdIhCzgex7M\/pr:1920greybg\/aHR0cDovL21lZGlhMi5kZXNpZ25wYXJ0bmVyLmZyL2MvcC1jdXN0b20tVEgvMTQ0NS53ZWJw?v=1748952787","opengraph":"https:\/\/media.th4.com\/bsJISsd7knWwiPrs6N_R9sE8pqzqHcXOqi3ODNsDI4I\/pr:1200x630greybg\/aHR0cDovL21lZGlhMi5kZXNpZ25wYXJ0bmVyLmZyL2MvcC1jdXN0b20tVEgvMTQ0NS53ZWJw?v=1748952787"},"page_links":{"fr":"\/fr\/p-ka-k677-parka-doublure-matelassee-k677-1445\/","en":"\/en\/p-ka-k677-parka-quilted-lining-k677-1445\/","de":"\/de\/p-ka-k677-parkajacke-mit-gefutterter-steppung-k677-1445\/","nl":"\/nl\/p-ka-k677-parkajas-met-inleg-matelassee-k677-1445\/","es":"\/es\/p-ka-k677-chaqueta-parka-forrada-acolchada-k677-1445\/","it":"\/it\/p-ka-k677-giacca-parka-imbottita-k677-1445\/","sv":"\/sv\/p-ka-k677-parka-foderad-k677-1445\/","pt":"\/pt\/p-ka-k677-parka-forro-acolchoado-k677-1445\/","da":"\/da\/p-ka-k677-parka-med-pudset-foring-k677-1445\/","pl":"\/pl\/p-ka-k677-kurtka-parka-z-podwiazka-k677-1445\/"},"page_links_customization":{"fr":"\/fr\/p-ka-k677-parka-doublure-matelassee-k677-personnalisation-1445\/custom\/","en":"\/en\/p-ka-k677-padded-lining-parka-k677-customization-1445\/custom\/","de":"\/de\/p-ka-k677-gefutterte-parka-k677-personalisierung-1445\/custom\/","nl":"\/nl\/p-ka-k677-gevulde-parkajacket-k677-personalisatie-1445\/custom\/","es":"\/es\/p-ka-k677-abrigo-acolchado-k677-personalizacion-1445\/custom\/","it":"\/it\/p-ka-k677-parka-con-imbottitura-matelassata-k677-personalizzazione-1445\/custom\/","sv":"\/sv\/p-ka-k677-parka-med-foder-k677-personligbar-1445\/custom\/","pt":"\/pt\/p-ka-k677-jaqueta-de-forro-acolchoado-k677-personalizacao-1445\/custom\/","da":"\/da\/p-ka-k677-parka-fordoblet-k677-tilpasning-1445\/custom\/","pl":"\/pl\/p-ka-k677-kurtka-z-wypelnieniem-k677-personalizacja-1445\/custom\/"},"equivalent_products":[8634,1462],"colors":[{"id":1520,"name":"black","class_ids":[4],"codes_hexa":["1a1a18"],"delai_24":false,"has_3d":true,"seuil_global":0,"stock_local":0,"stock_global":40522,"on_standby":false,"in_catalog":true,"images":{"miniature":["https:\/\/media.th4.com\/FY9PCbLouADYZiKepVZKwPRuvp7LddjG0wNQQjUllVI\/pr:80\/aHR0cDovL21lZGlhMi5kZXNpZ25wYXJ0bmVyLmZyL2MvcC8xNDQ1LzE0NDUtMTUyMC0xLmpwZw?v=1638344100","https:\/\/media.th4.com\/prMMXKQv83AP2yry4_Nsuib33tmvN7yqml21X8Pylpg\/pr:80\/aHR0cDovL21lZGlhMi5kZXNpZ25wYXJ0bmVyLmZyL2MvcC8xNDQ1LzE0NDUtMTUyMC0yLmpwZw?v=1638344100"],"medium":["https:\/\/media.th4.com\/fFI1tKLKH2FFquAYbs2E4mtssUvhSZqjr0dpvTR63l8\/pr:550x550\/aHR0cDovL21lZGlhMi5kZXNpZ25wYXJ0bmVyLmZyL2MvcC8xNDQ1LzE0NDUtMTUyMC0xLmpwZw?v=1638344100","https:\/\/media.th4.com\/2XQdLeXv3t0_httCbzkxPhHkz4c-WtDFdO9eNBbfTNo\/pr:550x550\/aHR0cDovL21lZGlhMi5kZXNpZ25wYXJ0bmVyLmZyL2MvcC8xNDQ1LzE0NDUtMTUyMC0yLmpwZw?v=1638344100"],"medium_large":["https:\/\/media.th4.com\/-FXWE-drC9PxLMEyF2MFAn8V9RdDXM4OGeUOLQamQuY\/pr:1000x1000\/aHR0cDovL21lZGlhMi5kZXNpZ25wYXJ0bmVyLmZyL2MvcC8xNDQ1LzE0NDUtMTUyMC0xLmpwZw?v=1638344100","https:\/\/media.th4.com\/ZrfAqaMPVunJIisOulba0G2R70OS6MDuZCzxkSNg72k\/pr:1000x1000\/aHR0cDovL21lZGlhMi5kZXNpZ25wYXJ0bmVyLmZyL2MvcC8xNDQ1LzE0NDUtMTUyMC0yLmpwZw?v=1638344100"],"large":["https:\/\/media.th4.com\/Cqqkaam-aEAxWVTGxHxQWUrRye-Dw2yIMCiVbzry9lE\/pr:1920\/aHR0cDovL21lZGlhMi5kZXNpZ25wYXJ0bmVyLmZyL2MvcC8xNDQ1LzE0NDUtMTUyMC0xLmpwZw?v=1638344100","https:\/\/media.th4.com\/PykmWS5N1Kq6Z_0_f8bqfJryxBkeZfVJiwhdArqzMFM\/pr:1920\/aHR0cDovL21lZGlhMi5kZXNpZ25wYXJ0bmVyLmZyL2MvcC8xNDQ1LzE0NDUtMTUyMC0yLmpwZw?v=1638344100"],"opengraph":["https:\/\/media.th4.com\/LZvKL4vxhjiyou-HdKZ8Brz9d06G_CNLtYmYvZ8zaco\/pr:1200x630\/aHR0cDovL21lZGlhMi5kZXNpZ25wYXJ0bmVyLmZyL2MvcC8xNDQ1LzE0NDUtMTUyMC0xLmpwZw?v=1638344100","https:\/\/media.th4.com\/YTUGNV8ARVa2SvTv184DHo4ujEaqYn5nHFoahDIhF_w\/pr:1200x630\/aHR0cDovL21lZGlhMi5kZXNpZ25wYXJ0bmVyLmZyL2MvcC8xNDQ1LzE0NDUtMTUyMC0yLmpwZw?v=1638344100"]},"images_customization":{"miniature":["https:\/\/media.th4.com\/kVHg3nkDaSLor8nAnsNdkQBQh6KiLkxOU0BxVl6DXe0\/pr:80\/aHR0cDovL21lZGlhMi5kZXNpZ25wYXJ0bmVyLmZyL2MvcC1zaG9wcGluZy1jdXN0b20tVEgvMTQ0NS8xNDQ1LTE1MjAtMS5qcGc?v=1737555783"],"medium":["https:\/\/media.th4.com\/eSM8aCwE6OvlSjUwHCcmb9K-b9bNf5uF_rpE5mE6WWs\/pr:550x550\/aHR0cDovL21lZGlhMi5kZXNpZ25wYXJ0bmVyLmZyL2MvcC1zaG9wcGluZy1jdXN0b20tVEgvMTQ0NS8xNDQ1LTE1MjAtMS5qcGc?v=1737555783"],"medium_large":["https:\/\/media.th4.com\/Ps_n4kYsQQql6MUpNwcyYhHAtQJYIAME-3YHI4UScrk\/pr:1000x1000\/aHR0cDovL21lZGlhMi5kZXNpZ25wYXJ0bmVyLmZyL2MvcC1zaG9wcGluZy1jdXN0b20tVEgvMTQ0NS8xNDQ1LTE1MjAtMS5qcGc?v=1737555783"],"large":["https:\/\/media.th4.com\/jF8K4zD2SFrJDpd7jkGHQ7XvuMvluAoI4hzOPr3ABvw\/pr:1920\/aHR0cDovL21lZGlhMi5kZXNpZ25wYXJ0bmVyLmZyL2MvcC1zaG9wcGluZy1jdXN0b20tVEgvMTQ0NS8xNDQ1LTE1MjAtMS5qcGc?v=1737555783"],"opengraph":["https:\/\/media.th4.com\/EHyTK6IpTj_wVwc4NfQ__YebHbsTEOIVxDuVcdkD4E4\/pr:1200x630\/aHR0cDovL21lZGlhMi5kZXNpZ25wYXJ0bmVyLmZyL2MvcC1zaG9wcGluZy1jdXN0b20tVEgvMTQ0NS8xNDQ1LTE1MjAtMS5qcGc?v=1737555783"]},"country_origin":"CN","traceability":{"manufacturing_country_id":null,"weaving_country_id":null,"dyeing_country_id":null},"sizes":[{"id":5,"article_id":36141,"class_id":2,"name":"XS","on_standby":false,"stock_local":0,"stock_global":389,"multiple":1,"estimated_date_reassort":null,"is_destocking":false},{"id":3,"article_id":36164,"class_id":3,"name":"S","on_standby":false,"stock_local":0,"stock_global":3690,"multiple":1,"estimated_date_reassort":null,"is_destocking":false},{"id":2,"article_id":36165,"class_id":4,"name":"M","on_standby":false,"stock_local":0,"stock_global":8972,"multiple":1,"estimated_date_reassort":null,"is_destocking":false},{"id":1,"article_id":36166,"class_id":5,"name":"L","on_standby":false,"stock_local":0,"stock_global":11270,"multiple":1,"estimated_date_reassort":null,"is_destocking":false},{"id":4,"article_id":36167,"class_id":6,"name":"XL","on_standby":false,"stock_local":1,"stock_global":8441,"multiple":1,"estimated_date_reassort":null,"is_destocking":false},{"id":1116,"article_id":244429,"class_id":7,"name":"2XL","on_standby":false,"stock_local":0,"stock_global":4878,"multiple":1,"estimated_date_reassort":null,"is_destocking":false},{"id":1081,"article_id":234985,"class_id":8,"name":"3XL","on_standby":false,"stock_local":0,"stock_global":1989,"multiple":1,"estimated_date_reassort":null,"is_destocking":false},{"id":16,"article_id":109703,"class_id":9,"name":"4XL","on_standby":false,"stock_local":0,"stock_global":893,"multiple":1,"estimated_date_reassort":null,"is_destocking":false}],"page_links":{"fr":"\/fr\/p-ka-k677-parka-doublure-matelassee-k677-1445\/black-1520\/","en":"\/en\/p-ka-k677-parka-quilted-lining-k677-1445\/black-1520\/","de":"\/de\/p-ka-k677-parkajacke-mit-gefutterter-steppung-k677-1445\/black-1520\/","nl":"\/nl\/p-ka-k677-parkajas-met-inleg-matelassee-k677-1445\/black-1520\/","es":"\/es\/p-ka-k677-chaqueta-parka-forrada-acolchada-k677-1445\/black-1520\/","it":"\/it\/p-ka-k677-giacca-parka-imbottita-k677-1445\/black-1520\/","sv":"\/sv\/p-ka-k677-parka-foderad-k677-1445\/black-1520\/","pt":"\/pt\/p-ka-k677-parka-forro-acolchoado-k677-1445\/black-1520\/","da":"\/da\/p-ka-k677-parka-med-pudset-foring-k677-1445\/black-1520\/","pl":"\/pl\/p-ka-k677-kurtka-parka-z-podwiazka-k677-1445\/black-1520\/"},"page_links_customization":{"fr":"\/fr\/p-ka-k677-parka-doublure-matelassee-k677-personnalisation-1445\/black-1520\/custom\/","en":"\/en\/p-ka-k677-padded-lining-parka-k677-customization-1445\/black-1520\/custom\/","de":"\/de\/p-ka-k677-gefutterte-parka-k677-personalisierung-1445\/black-1520\/custom\/","nl":"\/nl\/p-ka-k677-gevulde-parkajacket-k677-personalisatie-1445\/black-1520\/custom\/","es":"\/es\/p-ka-k677-abrigo-acolchado-k677-personalizacion-1445\/black-1520\/custom\/","it":"\/it\/p-ka-k677-parka-con-imbottitura-matelassata-k677-personalizzazione-1445\/black-1520\/custom\/","sv":"\/sv\/p-ka-k677-parka-med-foder-k677-personligbar-1445\/black-1520\/custom\/","pt":"\/pt\/p-ka-k677-jaqueta-de-forro-acolchoado-k677-personalizacao-1445\/black-1520\/custom\/","da":"\/da\/p-ka-k677-parka-fordoblet-k677-tilpasning-1445\/black-1520\/custom\/","pl":"\/pl\/p-ka-k677-kurtka-z-wypelnieniem-k677-personalizacja-1445\/black-1520\/custom\/"}},{"id":1261,"name":"navy","class_ids":[2],"codes_hexa":["012942"],"delai_24":false,"has_3d":true,"seuil_global":0,"stock_local":0,"stock_global":21875,"on_standby":false,"in_catalog":true,"images":{"miniature":["https:\/\/media.th4.com\/x0OUi0sf6kCGxoxv5bldGw77z_4X7yS37KcBA6w-hBs\/pr:80\/aHR0cDovL21lZGlhMi5kZXNpZ25wYXJ0bmVyLmZyL2MvcC8xNDQ1LzE0NDUtMTI2MS0xLmpwZw?v=1638344098","https:\/\/media.th4.com\/OT3AYIL4lL1brIurn7IWee1TBoSaU94G4OkC7WMU9yg\/pr:80\/aHR0cDovL21lZGlhMi5kZXNpZ25wYXJ0bmVyLmZyL2MvcC8xNDQ1LzE0NDUtMTI2MS0yLmpwZw?v=1638344098"],"medium":["https:\/\/media.th4.com\/Cf9z1UaGuDXor9YBMnmvRN3IPDvL-2wfX_Pxq1uxSlg\/pr:550x550\/aHR0cDovL21lZGlhMi5kZXNpZ25wYXJ0bmVyLmZyL2MvcC8xNDQ1LzE0NDUtMTI2MS0xLmpwZw?v=1638344098","https:\/\/media.th4.com\/tLiyqB2tHvYqHwE3U7uphF3jiVU79bMZcePmSEw-3rI\/pr:550x550\/aHR0cDovL21lZGlhMi5kZXNpZ25wYXJ0bmVyLmZyL2MvcC8xNDQ1LzE0NDUtMTI2MS0yLmpwZw?v=1638344098"],"medium_large":["https:\/\/media.th4.com\/37TrNS5vtck23pvUEaXugtUWMkoJIrHquqLDUCUACcU\/pr:1000x1000\/aHR0cDovL21lZGlhMi5kZXNpZ25wYXJ0bmVyLmZyL2MvcC8xNDQ1LzE0NDUtMTI2MS0xLmpwZw?v=1638344098","https:\/\/media.th4.com\/v3hahKSEuuKUA1mGGPzFlIbf_q-0t1Yk25PjsIwwROA\/pr:1000x1000\/aHR0cDovL21lZGlhMi5kZXNpZ25wYXJ0bmVyLmZyL2MvcC8xNDQ1LzE0NDUtMTI2MS0yLmpwZw?v=1638344098"],"large":["https:\/\/media.th4.com\/uZZggxDFS-72wtXZc2mpyHERbSZ07GMHivCzAv9jDmU\/pr:1920\/aHR0cDovL21lZGlhMi5kZXNpZ25wYXJ0bmVyLmZyL2MvcC8xNDQ1LzE0NDUtMTI2MS0xLmpwZw?v=1638344098","https:\/\/media.th4.com\/75VKcU7Kktu2vWfgLB9flzlBweXk7jT8X9ZP87-b0Tc\/pr:1920\/aHR0cDovL21lZGlhMi5kZXNpZ25wYXJ0bmVyLmZyL2MvcC8xNDQ1LzE0NDUtMTI2MS0yLmpwZw?v=1638344098"],"opengraph":["https:\/\/media.th4.com\/q0I-24xNN9OgQqvsjofYVxrOXhzz-q0Suimq4LkEfd4\/pr:1200x630\/aHR0cDovL21lZGlhMi5kZXNpZ25wYXJ0bmVyLmZyL2MvcC8xNDQ1LzE0NDUtMTI2MS0xLmpwZw?v=1638344098","https:\/\/media.th4.com\/2TkMM5AKo8RMfp6aWtXwbueHXUK3rWEtGzHycur2xr4\/pr:1200x630\/aHR0cDovL21lZGlhMi5kZXNpZ25wYXJ0bmVyLmZyL2MvcC8xNDQ1LzE0NDUtMTI2MS0yLmpwZw?v=1638344098"]},"images_customization":{"miniature":["https:\/\/media.th4.com\/dGzQ7rbNd4NO_Jz5eVIpi1_aG_v1XwDIt0CUNVpqhUk\/pr:80\/aHR0cDovL21lZGlhMi5kZXNpZ25wYXJ0bmVyLmZyL2MvcC1zaG9wcGluZy1jdXN0b20tVEgvMTQ0NS8xNDQ1LTEyNjEtMS5qcGc?v=1737555783"],"medium":["https:\/\/media.th4.com\/OjKQHoy8tnTU7KBS_G9sbUHZtOo_P0eI5OakaSE4sw8\/pr:550x550\/aHR0cDovL21lZGlhMi5kZXNpZ25wYXJ0bmVyLmZyL2MvcC1zaG9wcGluZy1jdXN0b20tVEgvMTQ0NS8xNDQ1LTEyNjEtMS5qcGc?v=1737555783"],"medium_large":["https:\/\/media.th4.com\/bC04w2t0VAeYRFZIidp5Q4w3unkQ44kGVJVcoay-XB4\/pr:1000x1000\/aHR0cDovL21lZGlhMi5kZXNpZ25wYXJ0bmVyLmZyL2MvcC1zaG9wcGluZy1jdXN0b20tVEgvMTQ0NS8xNDQ1LTEyNjEtMS5qcGc?v=1737555783"],"large":["https:\/\/media.th4.com\/rrnEWO6hdVa4I_usRtWvxzfOgEeDayBSlZcoYMEY_zo\/pr:1920\/aHR0cDovL21lZGlhMi5kZXNpZ25wYXJ0bmVyLmZyL2MvcC1zaG9wcGluZy1jdXN0b20tVEgvMTQ0NS8xNDQ1LTEyNjEtMS5qcGc?v=1737555783"],"opengraph":["https:\/\/media.th4.com\/5Vp4Dzuc80XzLeVaosGUvTMp-XDVhn0_jTbTGsUg0kM\/pr:1200x630\/aHR0cDovL21lZGlhMi5kZXNpZ25wYXJ0bmVyLmZyL2MvcC1zaG9wcGluZy1jdXN0b20tVEgvMTQ0NS8xNDQ1LTEyNjEtMS5qcGc?v=1737555783"]},"country_origin":"CN","traceability":{"manufacturing_country_id":null,"weaving_country_id":null,"dyeing_country_id":null},"sizes":[{"id":5,"article_id":36147,"class_id":2,"name":"XS","on_standby":false,"stock_local":0,"stock_global":133,"multiple":1,"estimated_date_reassort":null,"is_destocking":false},{"id":3,"article_id":36207,"class_id":3,"name":"S","on_standby":false,"stock_local":0,"stock_global":2128,"multiple":1,"estimated_date_reassort":null,"is_destocking":false},{"id":2,"article_id":36208,"class_id":4,"name":"M","on_standby":false,"stock_local":0,"stock_global":5412,"multiple":1,"estimated_date_reassort":null,"is_destocking":false},{"id":1,"article_id":36209,"class_id":5,"name":"L","on_standby":false,"stock_local":0,"stock_global":5930,"multiple":1,"estimated_date_reassort":null,"is_destocking":false},{"id":4,"article_id":36210,"class_id":6,"name":"XL","on_standby":false,"stock_local":0,"stock_global":5002,"multiple":1,"estimated_date_reassort":null,"is_destocking":false},{"id":1116,"article_id":244435,"class_id":7,"name":"2XL","on_standby":false,"stock_local":0,"stock_global":2356,"multiple":1,"estimated_date_reassort":null,"is_destocking":false},{"id":1081,"article_id":234991,"class_id":8,"name":"3XL","on_standby":false,"stock_local":0,"stock_global":711,"multiple":1,"estimated_date_reassort":null,"is_destocking":false},{"id":16,"article_id":109711,"class_id":9,"name":"4XL","on_standby":false,"stock_local":0,"stock_global":203,"multiple":1,"estimated_date_reassort":null,"is_destocking":false}],"page_links":{"fr":"\/fr\/p-ka-k677-parka-doublure-matelassee-k677-1445\/navy-1261\/","en":"\/en\/p-ka-k677-parka-quilted-lining-k677-1445\/navy-1261\/","de":"\/de\/p-ka-k677-parkajacke-mit-gefutterter-steppung-k677-1445\/navy-1261\/","nl":"\/nl\/p-ka-k677-parkajas-met-inleg-matelassee-k677-1445\/navy-1261\/","es":"\/es\/p-ka-k677-chaqueta-parka-forrada-acolchada-k677-1445\/navy-1261\/","it":"\/it\/p-ka-k677-giacca-parka-imbottita-k677-1445\/navy-1261\/","sv":"\/sv\/p-ka-k677-parka-foderad-k677-1445\/navy-1261\/","pt":"\/pt\/p-ka-k677-parka-forro-acolchoado-k677-1445\/navy-1261\/","da":"\/da\/p-ka-k677-parka-med-pudset-foring-k677-1445\/navy-1261\/","pl":"\/pl\/p-ka-k677-kurtka-parka-z-podwiazka-k677-1445\/navy-1261\/"},"page_links_customization":{"fr":"\/fr\/p-ka-k677-parka-doublure-matelassee-k677-personnalisation-1445\/navy-1261\/custom\/","en":"\/en\/p-ka-k677-padded-lining-parka-k677-customization-1445\/navy-1261\/custom\/","de":"\/de\/p-ka-k677-gefutterte-parka-k677-personalisierung-1445\/navy-1261\/custom\/","nl":"\/nl\/p-ka-k677-gevulde-parkajacket-k677-personalisatie-1445\/navy-1261\/custom\/","es":"\/es\/p-ka-k677-abrigo-acolchado-k677-personalizacion-1445\/navy-1261\/custom\/","it":"\/it\/p-ka-k677-parka-con-imbottitura-matelassata-k677-personalizzazione-1445\/navy-1261\/custom\/","sv":"\/sv\/p-ka-k677-parka-med-foder-k677-personligbar-1445\/navy-1261\/custom\/","pt":"\/pt\/p-ka-k677-jaqueta-de-forro-acolchoado-k677-personalizacao-1445\/navy-1261\/custom\/","da":"\/da\/p-ka-k677-parka-fordoblet-k677-tilpasning-1445\/navy-1261\/custom\/","pl":"\/pl\/p-ka-k677-kurtka-z-wypelnieniem-k677-personalizacja-1445\/navy-1261\/custom\/"}},{"id":1486,"name":"red_new","class_ids":[6],"codes_hexa":["c60c31"],"delai_24":false,"has_3d":true,"seuil_global":0,"stock_local":0,"stock_global":12464,"on_standby":false,"in_catalog":true,"images":{"miniature":["https:\/\/media.th4.com\/YI2HX1YYAFCocaFKh3veCFGZ1GD6OIePbUv71e-XKIk\/pr:80\/aHR0cDovL21lZGlhMi5kZXNpZ25wYXJ0bmVyLmZyL2MvcC8xNDQ1LzE0NDUtMTQ4Ni0xLmpwZw?v=1638344099","https:\/\/media.th4.com\/XvEghvOMaMKfl97ioDhc92mmHB7N0hTg1Hm5aseYlJ8\/pr:80\/aHR0cDovL21lZGlhMi5kZXNpZ25wYXJ0bmVyLmZyL2MvcC8xNDQ1LzE0NDUtMTQ4Ni0yLmpwZw?v=1638344099"],"medium":["https:\/\/media.th4.com\/4wGh6VKOuBe6ApLgk7wIKMyCPo5WSNNvTE__51teatY\/pr:550x550\/aHR0cDovL21lZGlhMi5kZXNpZ25wYXJ0bmVyLmZyL2MvcC8xNDQ1LzE0NDUtMTQ4Ni0xLmpwZw?v=1638344099","https:\/\/media.th4.com\/fpVGuSyRh6Q6BVLNrNLx-zK4P0vSwCaFqwSTbMApNAk\/pr:550x550\/aHR0cDovL21lZGlhMi5kZXNpZ25wYXJ0bmVyLmZyL2MvcC8xNDQ1LzE0NDUtMTQ4Ni0yLmpwZw?v=1638344099"],"medium_large":["https:\/\/media.th4.com\/SjV7fIlQBLLr0uqbXQcB52LBRRa84k0fngqFZ7ik3fs\/pr:1000x1000\/aHR0cDovL21lZGlhMi5kZXNpZ25wYXJ0bmVyLmZyL2MvcC8xNDQ1LzE0NDUtMTQ4Ni0xLmpwZw?v=1638344099","https:\/\/media.th4.com\/B7qcFJ0XTLqpRKjQSzt9k9t-SEla8c1bEco1uBEo6eM\/pr:1000x1000\/aHR0cDovL21lZGlhMi5kZXNpZ25wYXJ0bmVyLmZyL2MvcC8xNDQ1LzE0NDUtMTQ4Ni0yLmpwZw?v=1638344099"],"large":["https:\/\/media.th4.com\/2zNy7-Gh5n7j6rAskO1FAQiJkYcEkedsA8_CxAab3DQ\/pr:1920\/aHR0cDovL21lZGlhMi5kZXNpZ25wYXJ0bmVyLmZyL2MvcC8xNDQ1LzE0NDUtMTQ4Ni0xLmpwZw?v=1638344099","https:\/\/media.th4.com\/Tbxit9fGbSEB9L7Jc9ziQJsdZoeluTJ6QSTIO5WTqSc\/pr:1920\/aHR0cDovL21lZGlhMi5kZXNpZ25wYXJ0bmVyLmZyL2MvcC8xNDQ1LzE0NDUtMTQ4Ni0yLmpwZw?v=1638344099"],"opengraph":["https:\/\/media.th4.com\/WgYJYVfe7XsrlGiDjHzU5Ki7wSy2zVuocN0K58oK2qs\/pr:1200x630\/aHR0cDovL21lZGlhMi5kZXNpZ25wYXJ0bmVyLmZyL2MvcC8xNDQ1LzE0NDUtMTQ4Ni0xLmpwZw?v=1638344099","https:\/\/media.th4.com\/8QxV6m0IYyqBRRbFio2eby1_Y6NTKc3rzzOQNPkkYMw\/pr:1200x630\/aHR0cDovL21lZGlhMi5kZXNpZ25wYXJ0bmVyLmZyL2MvcC8xNDQ1LzE0NDUtMTQ4Ni0yLmpwZw?v=1638344099"]},"images_customization":{"miniature":["https:\/\/media.th4.com\/7K7DktXGRuoj9khpv4Ew7bETEsNLdP04EL1p8kCv2IM\/pr:80\/aHR0cDovL21lZGlhMi5kZXNpZ25wYXJ0bmVyLmZyL2MvcC1zaG9wcGluZy1jdXN0b20tVEgvMTQ0NS8xNDQ1LTE0ODYtMS5qcGc?v=1737555783"],"medium":["https:\/\/media.th4.com\/M6fzOaSiE-SgauZ9bDNiO6nmcE9ybZzKixvZpaQzNFs\/pr:550x550\/aHR0cDovL21lZGlhMi5kZXNpZ25wYXJ0bmVyLmZyL2MvcC1zaG9wcGluZy1jdXN0b20tVEgvMTQ0NS8xNDQ1LTE0ODYtMS5qcGc?v=1737555783"],"medium_large":["https:\/\/media.th4.com\/B_3mSgSDiDMqob6XE2lAcfnYfieB7utg452sEYmP64A\/pr:1000x1000\/aHR0cDovL21lZGlhMi5kZXNpZ25wYXJ0bmVyLmZyL2MvcC1zaG9wcGluZy1jdXN0b20tVEgvMTQ0NS8xNDQ1LTE0ODYtMS5qcGc?v=1737555783"],"large":["https:\/\/media.th4.com\/Bqvea4K-FnXpgmAztxAd1_umPw4rrpP4RlTrfNFY3iU\/pr:1920\/aHR0cDovL21lZGlhMi5kZXNpZ25wYXJ0bmVyLmZyL2MvcC1zaG9wcGluZy1jdXN0b20tVEgvMTQ0NS8xNDQ1LTE0ODYtMS5qcGc?v=1737555783"],"opengraph":["https:\/\/media.th4.com\/vkcAml9pveQfWht7BduE8_xhqxhPOOzEBlAs7x3qIto\/pr:1200x630\/aHR0cDovL21lZGlhMi5kZXNpZ25wYXJ0bmVyLmZyL2MvcC1zaG9wcGluZy1jdXN0b20tVEgvMTQ0NS8xNDQ1LTE0ODYtMS5qcGc?v=1737555783"]},"country_origin":"CN","traceability":{"manufacturing_country_id":null,"weaving_country_id":null,"dyeing_country_id":null},"sizes":[{"id":5,"article_id":36220,"class_id":2,"name":"XS","on_standby":false,"stock_local":0,"stock_global":299,"multiple":1,"estimated_date_reassort":null,"is_destocking":false},{"id":3,"article_id":36221,"class_id":3,"name":"S","on_standby":false,"stock_local":0,"stock_global":1258,"multiple":1,"estimated_date_reassort":null,"is_destocking":false},{"id":2,"article_id":36222,"class_id":4,"name":"M","on_standby":false,"stock_local":0,"stock_global":3118,"multiple":1,"estimated_date_reassort":null,"is_destocking":false},{"id":1,"article_id":36223,"class_id":5,"name":"L","on_standby":false,"stock_local":0,"stock_global":3154,"multiple":1,"estimated_date_reassort":null,"is_destocking":false},{"id":4,"article_id":36224,"class_id":6,"name":"XL","on_standby":false,"stock_local":0,"stock_global":2635,"multiple":1,"estimated_date_reassort":null,"is_destocking":false},{"id":1116,"article_id":244437,"class_id":7,"name":"2XL","on_standby":false,"stock_local":0,"stock_global":1232,"multiple":1,"estimated_date_reassort":null,"is_destocking":false},{"id":1081,"article_id":234993,"class_id":8,"name":"3XL","on_standby":false,"stock_local":0,"stock_global":589,"multiple":1,"estimated_date_reassort":null,"is_destocking":false},{"id":16,"article_id":109712,"class_id":9,"name":"4XL","on_standby":false,"stock_local":0,"stock_global":179,"multiple":1,"estimated_date_reassort":null,"is_destocking":false}],"page_links":{"fr":"\/fr\/p-ka-k677-parka-doublure-matelassee-k677-1445\/red-new-1486\/","en":"\/en\/p-ka-k677-parka-quilted-lining-k677-1445\/red-new-1486\/","de":"\/de\/p-ka-k677-parkajacke-mit-gefutterter-steppung-k677-1445\/red-new-1486\/","nl":"\/nl\/p-ka-k677-parkajas-met-inleg-matelassee-k677-1445\/red-new-1486\/","es":"\/es\/p-ka-k677-chaqueta-parka-forrada-acolchada-k677-1445\/red-new-1486\/","it":"\/it\/p-ka-k677-giacca-parka-imbottita-k677-1445\/red-new-1486\/","sv":"\/sv\/p-ka-k677-parka-foderad-k677-1445\/red-new-1486\/","pt":"\/pt\/p-ka-k677-parka-forro-acolchoado-k677-1445\/red-new-1486\/","da":"\/da\/p-ka-k677-parka-med-pudset-foring-k677-1445\/red-new-1486\/","pl":"\/pl\/p-ka-k677-kurtka-parka-z-podwiazka-k677-1445\/red-new-1486\/"},"page_links_customization":{"fr":"\/fr\/p-ka-k677-parka-doublure-matelassee-k677-personnalisation-1445\/red-new-1486\/custom\/","en":"\/en\/p-ka-k677-padded-lining-parka-k677-customization-1445\/red-new-1486\/custom\/","de":"\/de\/p-ka-k677-gefutterte-parka-k677-personalisierung-1445\/red-new-1486\/custom\/","nl":"\/nl\/p-ka-k677-gevulde-parkajacket-k677-personalisatie-1445\/red-new-1486\/custom\/","es":"\/es\/p-ka-k677-abrigo-acolchado-k677-personalizacion-1445\/red-new-1486\/custom\/","it":"\/it\/p-ka-k677-parka-con-imbottitura-matelassata-k677-personalizzazione-1445\/red-new-1486\/custom\/","sv":"\/sv\/p-ka-k677-parka-med-foder-k677-personligbar-1445\/red-new-1486\/custom\/","pt":"\/pt\/p-ka-k677-jaqueta-de-forro-acolchoado-k677-personalizacao-1445\/red-new-1486\/custom\/","da":"\/da\/p-ka-k677-parka-fordoblet-k677-tilpasning-1445\/red-new-1486\/custom\/","pl":"\/pl\/p-ka-k677-kurtka-z-wypelnieniem-k677-personalizacja-1445\/red-new-1486\/custom\/"}},{"id":1397,"name":"dark_grey","class_ids":[3],"codes_hexa":["828991"],"delai_24":false,"has_3d":true,"seuil_global":0,"stock_local":0,"stock_global":5830,"on_standby":false,"in_catalog":true,"images":{"miniature":["https:\/\/media.th4.com\/hht3mCI8gLHjDSQZVTKq0LowO1KV0qo8Sq0gN2HfFpU\/pr:80\/aHR0cDovL21lZGlhMi5kZXNpZ25wYXJ0bmVyLmZyL2MvcC8xNDQ1LzE0NDUtMTM5Ny0xLmpwZw?v=1638344099","https:\/\/media.th4.com\/eMISBpZgvE3kGL_AvRwLx_4vQh8nVdKO8-wmx70OYXM\/pr:80\/aHR0cDovL21lZGlhMi5kZXNpZ25wYXJ0bmVyLmZyL2MvcC8xNDQ1LzE0NDUtMTM5Ny0yLmpwZw?v=1638344099"],"medium":["https:\/\/media.th4.com\/ap18MV-ZpqnX2eL8hs3uDo2JHWP1lQPY02LAUO8ueCw\/pr:550x550\/aHR0cDovL21lZGlhMi5kZXNpZ25wYXJ0bmVyLmZyL2MvcC8xNDQ1LzE0NDUtMTM5Ny0xLmpwZw?v=1638344099","https:\/\/media.th4.com\/Q4jEbCy50tfQ4TNXoUBG_Fp3ltBMVAdj58O7K2GjQlA\/pr:550x550\/aHR0cDovL21lZGlhMi5kZXNpZ25wYXJ0bmVyLmZyL2MvcC8xNDQ1LzE0NDUtMTM5Ny0yLmpwZw?v=1638344099"],"medium_large":["https:\/\/media.th4.com\/OyUuR4XcqcjA0Y74k8Tv0PC6IpUAA92ihdocDX4LOHw\/pr:1000x1000\/aHR0cDovL21lZGlhMi5kZXNpZ25wYXJ0bmVyLmZyL2MvcC8xNDQ1LzE0NDUtMTM5Ny0xLmpwZw?v=1638344099","https:\/\/media.th4.com\/5AI2P_nk0QE4DaHGd7sbe-ntN5m4HyDeDMBd0eCALNc\/pr:1000x1000\/aHR0cDovL21lZGlhMi5kZXNpZ25wYXJ0bmVyLmZyL2MvcC8xNDQ1LzE0NDUtMTM5Ny0yLmpwZw?v=1638344099"],"large":["https:\/\/media.th4.com\/ZXnQxJZn4c_-pLfKDfeI8xxtqrKTf0EzBhGx7NDpEy8\/pr:1920\/aHR0cDovL21lZGlhMi5kZXNpZ25wYXJ0bmVyLmZyL2MvcC8xNDQ1LzE0NDUtMTM5Ny0xLmpwZw?v=1638344099","https:\/\/media.th4.com\/YaTzMlmYAcU0awJOo1OVc1ILyO02og06rJNjWwkm7oM\/pr:1920\/aHR0cDovL21lZGlhMi5kZXNpZ25wYXJ0bmVyLmZyL2MvcC8xNDQ1LzE0NDUtMTM5Ny0yLmpwZw?v=1638344099"],"opengraph":["https:\/\/media.th4.com\/rpxJmz_DHG9kTfiPxNeshNDhRjkKWT9aOmHpEfhhn4A\/pr:1200x630\/aHR0cDovL21lZGlhMi5kZXNpZ25wYXJ0bmVyLmZyL2MvcC8xNDQ1LzE0NDUtMTM5Ny0xLmpwZw?v=1638344099","https:\/\/media.th4.com\/nVG0BqK38msh_EWWAz1R1-pIOzHJxx2rnku7NZ7s0wQ\/pr:1200x630\/aHR0cDovL21lZGlhMi5kZXNpZ25wYXJ0bmVyLmZyL2MvcC8xNDQ1LzE0NDUtMTM5Ny0yLmpwZw?v=1638344099"]},"images_customization":{"miniature":["https:\/\/media.th4.com\/B3X688GDAkZsLHfLb5ggi6qNzN3s5zecHiq3evhao3Q\/pr:80\/aHR0cDovL21lZGlhMi5kZXNpZ25wYXJ0bmVyLmZyL2MvcC1zaG9wcGluZy1jdXN0b20tVEgvMTQ0NS8xNDQ1LTEzOTctMS5qcGc?v=1737555783"],"medium":["https:\/\/media.th4.com\/6EzfHd4XTFggWQuc5tG3KmLPm-ektszIRo0vX_nRJt8\/pr:550x550\/aHR0cDovL21lZGlhMi5kZXNpZ25wYXJ0bmVyLmZyL2MvcC1zaG9wcGluZy1jdXN0b20tVEgvMTQ0NS8xNDQ1LTEzOTctMS5qcGc?v=1737555783"],"medium_large":["https:\/\/media.th4.com\/iU14ES9LTNJo3aCNZ2psOnFhcoYYQg71yYkCXnA9ggo\/pr:1000x1000\/aHR0cDovL21lZGlhMi5kZXNpZ25wYXJ0bmVyLmZyL2MvcC1zaG9wcGluZy1jdXN0b20tVEgvMTQ0NS8xNDQ1LTEzOTctMS5qcGc?v=1737555783"],"large":["https:\/\/media.th4.com\/TGKMTw4ZFW3SS_Uo5VngSayx8kegCmTt4y0NWHEDtt0\/pr:1920\/aHR0cDovL21lZGlhMi5kZXNpZ25wYXJ0bmVyLmZyL2MvcC1zaG9wcGluZy1jdXN0b20tVEgvMTQ0NS8xNDQ1LTEzOTctMS5qcGc?v=1737555783"],"opengraph":["https:\/\/media.th4.com\/oubDwO7sKvYBB2SeUJlSKFKWbFrPhhJQ9-SZyHCraKQ\/pr:1200x630\/aHR0cDovL21lZGlhMi5kZXNpZ25wYXJ0bmVyLmZyL2MvcC1zaG9wcGluZy1jdXN0b20tVEgvMTQ0NS8xNDQ1LTEzOTctMS5qcGc?v=1737555783"]},"country_origin":"CN","traceability":{"manufacturing_country_id":null,"weaving_country_id":null,"dyeing_country_id":null},"sizes":[{"id":5,"article_id":36177,"class_id":2,"name":"XS","on_standby":false,"stock_local":0,"stock_global":152,"multiple":1,"estimated_date_reassort":null,"is_destocking":false},{"id":3,"article_id":36178,"class_id":3,"name":"S","on_standby":false,"stock_local":0,"stock_global":665,"multiple":1,"estimated_date_reassort":null,"is_destocking":false},{"id":2,"article_id":36179,"class_id":4,"name":"M","on_standby":false,"stock_local":0,"stock_global":1426,"multiple":1,"estimated_date_reassort":null,"is_destocking":false},{"id":1,"article_id":36180,"class_id":5,"name":"L","on_standby":false,"stock_local":0,"stock_global":1681,"multiple":1,"estimated_date_reassort":null,"is_destocking":false},{"id":4,"article_id":36181,"class_id":6,"name":"XL","on_standby":false,"stock_local":0,"stock_global":1120,"multiple":1,"estimated_date_reassort":null,"is_destocking":false},{"id":1116,"article_id":244431,"class_id":7,"name":"2XL","on_standby":false,"stock_local":0,"stock_global":577,"multiple":1,"estimated_date_reassort":null,"is_destocking":false},{"id":1081,"article_id":234987,"class_id":8,"name":"3XL","on_standby":false,"stock_local":0,"stock_global":209,"multiple":1,"estimated_date_reassort":null,"is_destocking":false}],"page_links":{"fr":"\/fr\/p-ka-k677-parka-doublure-matelassee-k677-1445\/dark-grey-1397\/","en":"\/en\/p-ka-k677-parka-quilted-lining-k677-1445\/dark-grey-1397\/","de":"\/de\/p-ka-k677-parkajacke-mit-gefutterter-steppung-k677-1445\/dark-grey-1397\/","nl":"\/nl\/p-ka-k677-parkajas-met-inleg-matelassee-k677-1445\/dark-grey-1397\/","es":"\/es\/p-ka-k677-chaqueta-parka-forrada-acolchada-k677-1445\/dark-grey-1397\/","it":"\/it\/p-ka-k677-giacca-parka-imbottita-k677-1445\/dark-grey-1397\/","sv":"\/sv\/p-ka-k677-parka-foderad-k677-1445\/dark-grey-1397\/","pt":"\/pt\/p-ka-k677-parka-forro-acolchoado-k677-1445\/dark-grey-1397\/","da":"\/da\/p-ka-k677-parka-med-pudset-foring-k677-1445\/dark-grey-1397\/","pl":"\/pl\/p-ka-k677-kurtka-parka-z-podwiazka-k677-1445\/dark-grey-1397\/"},"page_links_customization":{"fr":"\/fr\/p-ka-k677-parka-doublure-matelassee-k677-personnalisation-1445\/dark-grey-1397\/custom\/","en":"\/en\/p-ka-k677-padded-lining-parka-k677-customization-1445\/dark-grey-1397\/custom\/","de":"\/de\/p-ka-k677-gefutterte-parka-k677-personalisierung-1445\/dark-grey-1397\/custom\/","nl":"\/nl\/p-ka-k677-gevulde-parkajacket-k677-personalisatie-1445\/dark-grey-1397\/custom\/","es":"\/es\/p-ka-k677-abrigo-acolchado-k677-personalizacion-1445\/dark-grey-1397\/custom\/","it":"\/it\/p-ka-k677-parka-con-imbottitura-matelassata-k677-personalizzazione-1445\/dark-grey-1397\/custom\/","sv":"\/sv\/p-ka-k677-parka-med-foder-k677-personligbar-1445\/dark-grey-1397\/custom\/","pt":"\/pt\/p-ka-k677-jaqueta-de-forro-acolchoado-k677-personalizacao-1445\/dark-grey-1397\/custom\/","da":"\/da\/p-ka-k677-parka-fordoblet-k677-tilpasning-1445\/dark-grey-1397\/custom\/","pl":"\/pl\/p-ka-k677-kurtka-z-wypelnieniem-k677-personalizacja-1445\/dark-grey-1397\/custom\/"}},{"id":1383,"name":"light_royal_blue","class_ids":[2],"codes_hexa":["015bbb"],"delai_24":false,"has_3d":true,"seuil_global":0,"stock_local":0,"stock_global":5702,"on_standby":false,"in_catalog":true,"images":{"miniature":["https:\/\/media.th4.com\/zsZd5urDSCOsik-HoMYMqd7Vpmt9GGpZoVLBFKClrxY\/pr:80\/aHR0cDovL21lZGlhMi5kZXNpZ25wYXJ0bmVyLmZyL2MvcC8xNDQ1LzE0NDUtMTM4My0xLmpwZw?v=1638344099","https:\/\/media.th4.com\/LA3_Nv1n1nkfiygEv2n8-FQOXipYEOA-csAUF5pO7ss\/pr:80\/aHR0cDovL21lZGlhMi5kZXNpZ25wYXJ0bmVyLmZyL2MvcC8xNDQ1LzE0NDUtMTM4My0yLmpwZw?v=1638344099"],"medium":["https:\/\/media.th4.com\/uGAAV98ruJOL6wtikvPugK_fgd9PuDSgqthHm7pFDkE\/pr:550x550\/aHR0cDovL21lZGlhMi5kZXNpZ25wYXJ0bmVyLmZyL2MvcC8xNDQ1LzE0NDUtMTM4My0xLmpwZw?v=1638344099","https:\/\/media.th4.com\/h3FRKL7W0xXKunXhUJzMtkV9NKSIYaJGuthP_xWhwbU\/pr:550x550\/aHR0cDovL21lZGlhMi5kZXNpZ25wYXJ0bmVyLmZyL2MvcC8xNDQ1LzE0NDUtMTM4My0yLmpwZw?v=1638344099"],"medium_large":["https:\/\/media.th4.com\/Flgva_hrjfLvILYYCHaZjrVD5045EyJg8M2bhL1UCAA\/pr:1000x1000\/aHR0cDovL21lZGlhMi5kZXNpZ25wYXJ0bmVyLmZyL2MvcC8xNDQ1LzE0NDUtMTM4My0xLmpwZw?v=1638344099","https:\/\/media.th4.com\/9CpajFQYNzRsAHMivm7dRk6AIJRMR6Ioc3nyTN-UI5s\/pr:1000x1000\/aHR0cDovL21lZGlhMi5kZXNpZ25wYXJ0bmVyLmZyL2MvcC8xNDQ1LzE0NDUtMTM4My0yLmpwZw?v=1638344099"],"large":["https:\/\/media.th4.com\/5dyA-hCKo-w3RzdiciZmWvaxIuzO5fLrMihPjuMnRkg\/pr:1920\/aHR0cDovL21lZGlhMi5kZXNpZ25wYXJ0bmVyLmZyL2MvcC8xNDQ1LzE0NDUtMTM4My0xLmpwZw?v=1638344099","https:\/\/media.th4.com\/KsZtmqNt9HGqEb92rO-3zdKgrNnk-TxK9OcA450cHoI\/pr:1920\/aHR0cDovL21lZGlhMi5kZXNpZ25wYXJ0bmVyLmZyL2MvcC8xNDQ1LzE0NDUtMTM4My0yLmpwZw?v=1638344099"],"opengraph":["https:\/\/media.th4.com\/6AFozCMFj2h2gSfrv1aLhZ2V6mJwlIBB4tvBn49Xs2M\/pr:1200x630\/aHR0cDovL21lZGlhMi5kZXNpZ25wYXJ0bmVyLmZyL2MvcC8xNDQ1LzE0NDUtMTM4My0xLmpwZw?v=1638344099","https:\/\/media.th4.com\/Z0IbS55eELQ0RI8uKkPXijiUyVS13IpDNXM-wLE6lq8\/pr:1200x630\/aHR0cDovL21lZGlhMi5kZXNpZ25wYXJ0bmVyLmZyL2MvcC8xNDQ1LzE0NDUtMTM4My0yLmpwZw?v=1638344099"]},"images_customization":{"miniature":["https:\/\/media.th4.com\/aBbrOYHnqfx2r3HokEwoquW418s40xClOvDrm8FIFmU\/pr:80\/aHR0cDovL21lZGlhMi5kZXNpZ25wYXJ0bmVyLmZyL2MvcC1zaG9wcGluZy1jdXN0b20tVEgvMTQ0NS8xNDQ1LTEzODMtMS5qcGc?v=1737555782"],"medium":["https:\/\/media.th4.com\/laguAfeLE0PZwEeWbCd_4wrDocWlEBu2gMno8mGon4I\/pr:550x550\/aHR0cDovL21lZGlhMi5kZXNpZ25wYXJ0bmVyLmZyL2MvcC1zaG9wcGluZy1jdXN0b20tVEgvMTQ0NS8xNDQ1LTEzODMtMS5qcGc?v=1737555782"],"medium_large":["https:\/\/media.th4.com\/1ahtKU6NEjq6RpWW0TeFaV2oKq3NToOqisXGFaQl_AY\/pr:1000x1000\/aHR0cDovL21lZGlhMi5kZXNpZ25wYXJ0bmVyLmZyL2MvcC1zaG9wcGluZy1jdXN0b20tVEgvMTQ0NS8xNDQ1LTEzODMtMS5qcGc?v=1737555782"],"large":["https:\/\/media.th4.com\/IzBLrjS2y5FxuCFOtbLq2p4CGuAgbw-OJHK0tzv7wMs\/pr:1920\/aHR0cDovL21lZGlhMi5kZXNpZ25wYXJ0bmVyLmZyL2MvcC1zaG9wcGluZy1jdXN0b20tVEgvMTQ0NS8xNDQ1LTEzODMtMS5qcGc?v=1737555782"],"opengraph":["https:\/\/media.th4.com\/5Mpa0yHWd0_WwTl10INFVoBiBlN4BKnMxj_n9YWCB78\/pr:1200x630\/aHR0cDovL21lZGlhMi5kZXNpZ25wYXJ0bmVyLmZyL2MvcC1zaG9wcGluZy1jdXN0b20tVEgvMTQ0NS8xNDQ1LTEzODMtMS5qcGc?v=1737555782"]},"country_origin":"CN","traceability":{"manufacturing_country_id":null,"weaving_country_id":null,"dyeing_country_id":null},"sizes":[{"id":5,"article_id":36205,"class_id":2,"name":"XS","on_standby":false,"stock_local":0,"stock_global":143,"multiple":1,"estimated_date_reassort":null,"is_destocking":false},{"id":3,"article_id":36206,"class_id":3,"name":"S","on_standby":false,"stock_local":0,"stock_global":628,"multiple":1,"estimated_date_reassort":null,"is_destocking":false},{"id":2,"article_id":36142,"class_id":4,"name":"M","on_standby":false,"stock_local":0,"stock_global":1370,"multiple":1,"estimated_date_reassort":null,"is_destocking":false},{"id":1,"article_id":36143,"class_id":5,"name":"L","on_standby":false,"stock_local":0,"stock_global":1486,"multiple":1,"estimated_date_reassort":null,"is_destocking":false},{"id":4,"article_id":36144,"class_id":6,"name":"XL","on_standby":false,"stock_local":0,"stock_global":1218,"multiple":1,"estimated_date_reassort":null,"is_destocking":false},{"id":1116,"article_id":244425,"class_id":7,"name":"2XL","on_standby":false,"stock_local":0,"stock_global":594,"multiple":1,"estimated_date_reassort":null,"is_destocking":false},{"id":1081,"article_id":234982,"class_id":8,"name":"3XL","on_standby":false,"stock_local":0,"stock_global":263,"multiple":1,"estimated_date_reassort":null,"is_destocking":false}],"page_links":{"fr":"\/fr\/p-ka-k677-parka-doublure-matelassee-k677-1445\/light-royal-blue-1383\/","en":"\/en\/p-ka-k677-parka-quilted-lining-k677-1445\/light-royal-blue-1383\/","de":"\/de\/p-ka-k677-parkajacke-mit-gefutterter-steppung-k677-1445\/light-royal-blue-1383\/","nl":"\/nl\/p-ka-k677-parkajas-met-inleg-matelassee-k677-1445\/light-royal-blue-1383\/","es":"\/es\/p-ka-k677-chaqueta-parka-forrada-acolchada-k677-1445\/light-royal-blue-1383\/","it":"\/it\/p-ka-k677-giacca-parka-imbottita-k677-1445\/light-royal-blue-1383\/","sv":"\/sv\/p-ka-k677-parka-foderad-k677-1445\/light-royal-blue-1383\/","pt":"\/pt\/p-ka-k677-parka-forro-acolchoado-k677-1445\/light-royal-blue-1383\/","da":"\/da\/p-ka-k677-parka-med-pudset-foring-k677-1445\/light-royal-blue-1383\/","pl":"\/pl\/p-ka-k677-kurtka-parka-z-podwiazka-k677-1445\/light-royal-blue-1383\/"},"page_links_customization":{"fr":"\/fr\/p-ka-k677-parka-doublure-matelassee-k677-personnalisation-1445\/light-royal-blue-1383\/custom\/","en":"\/en\/p-ka-k677-padded-lining-parka-k677-customization-1445\/light-royal-blue-1383\/custom\/","de":"\/de\/p-ka-k677-gefutterte-parka-k677-personalisierung-1445\/light-royal-blue-1383\/custom\/","nl":"\/nl\/p-ka-k677-gevulde-parkajacket-k677-personalisatie-1445\/light-royal-blue-1383\/custom\/","es":"\/es\/p-ka-k677-abrigo-acolchado-k677-personalizacion-1445\/light-royal-blue-1383\/custom\/","it":"\/it\/p-ka-k677-parka-con-imbottitura-matelassata-k677-personalizzazione-1445\/light-royal-blue-1383\/custom\/","sv":"\/sv\/p-ka-k677-parka-med-foder-k677-personligbar-1445\/light-royal-blue-1383\/custom\/","pt":"\/pt\/p-ka-k677-jaqueta-de-forro-acolchoado-k677-personalizacao-1445\/light-royal-blue-1383\/custom\/","da":"\/da\/p-ka-k677-parka-fordoblet-k677-tilpasning-1445\/light-royal-blue-1383\/custom\/","pl":"\/pl\/p-ka-k677-kurtka-z-wypelnieniem-k677-personalizacja-1445\/light-royal-blue-1383\/custom\/"}},{"id":1255,"name":"sky_blue","class_ids":[2],"codes_hexa":["abcae6"],"delai_24":false,"has_3d":true,"seuil_global":0,"stock_local":0,"stock_global":4443,"on_standby":false,"in_catalog":true,"images":{"miniature":["https:\/\/media.th4.com\/l1nwi7ElK8rPNVuPZr36ho_aWd5ukLuscbMkXl2i5-I\/pr:80\/aHR0cDovL21lZGlhMi5kZXNpZ25wYXJ0bmVyLmZyL2MvcC8xNDQ1LzE0NDUtMTI1NS0xLmpwZw?v=1638344098","https:\/\/media.th4.com\/xOAMw2OnSi-PE6OwOAp_CvWZ90cUZJRb8VpMcs1eWDk\/pr:80\/aHR0cDovL21lZGlhMi5kZXNpZ25wYXJ0bmVyLmZyL2MvcC8xNDQ1LzE0NDUtMTI1NS0yLmpwZw?v=1638344097"],"medium":["https:\/\/media.th4.com\/flX_1zoox8wp1E_G2WydvqSQvo09c_sEXpJ7j1VWyMA\/pr:550x550\/aHR0cDovL21lZGlhMi5kZXNpZ25wYXJ0bmVyLmZyL2MvcC8xNDQ1LzE0NDUtMTI1NS0xLmpwZw?v=1638344098","https:\/\/media.th4.com\/_aaIZs_vv-s3JblMp4LBptPOAaAQ6uQp71VDB6XJ8CQ\/pr:550x550\/aHR0cDovL21lZGlhMi5kZXNpZ25wYXJ0bmVyLmZyL2MvcC8xNDQ1LzE0NDUtMTI1NS0yLmpwZw?v=1638344097"],"medium_large":["https:\/\/media.th4.com\/5fb2cSANPLFgT9TPjhjypvkUH7lRGzQKa_s_CAdH2oE\/pr:1000x1000\/aHR0cDovL21lZGlhMi5kZXNpZ25wYXJ0bmVyLmZyL2MvcC8xNDQ1LzE0NDUtMTI1NS0xLmpwZw?v=1638344098","https:\/\/media.th4.com\/JerbmYtR_L3p_Gn-aJyMf5r8gBTgIGcVQCXHG8b7Qek\/pr:1000x1000\/aHR0cDovL21lZGlhMi5kZXNpZ25wYXJ0bmVyLmZyL2MvcC8xNDQ1LzE0NDUtMTI1NS0yLmpwZw?v=1638344097"],"large":["https:\/\/media.th4.com\/5DJ7aTFf1hgGuzomhZdd_eT5CSn_NeTJtaRA2c5J6Ms\/pr:1920\/aHR0cDovL21lZGlhMi5kZXNpZ25wYXJ0bmVyLmZyL2MvcC8xNDQ1LzE0NDUtMTI1NS0xLmpwZw?v=1638344098","https:\/\/media.th4.com\/ykOWnZlZfTFYnvunRps2O2dZJmbyszhhGIwgynhUO8A\/pr:1920\/aHR0cDovL21lZGlhMi5kZXNpZ25wYXJ0bmVyLmZyL2MvcC8xNDQ1LzE0NDUtMTI1NS0yLmpwZw?v=1638344097"],"opengraph":["https:\/\/media.th4.com\/hdmI-VgrVM08hlqWAGHrz04zZwPYKCc3nudNs8Tt4eM\/pr:1200x630\/aHR0cDovL21lZGlhMi5kZXNpZ25wYXJ0bmVyLmZyL2MvcC8xNDQ1LzE0NDUtMTI1NS0xLmpwZw?v=1638344098","https:\/\/media.th4.com\/vTWv-GCJbwLQ2f3uqiKcq3Qn-VZvh-KCSX0KJ-YpL_k\/pr:1200x630\/aHR0cDovL21lZGlhMi5kZXNpZ25wYXJ0bmVyLmZyL2MvcC8xNDQ1LzE0NDUtMTI1NS0yLmpwZw?v=1638344097"]},"images_customization":{"miniature":["https:\/\/media.th4.com\/wxu2xmyFgOwcw0l13BriTXFzdlH1k8Oo58R9859_OJk\/pr:80\/aHR0cDovL21lZGlhMi5kZXNpZ25wYXJ0bmVyLmZyL2MvcC1zaG9wcGluZy1jdXN0b20tVEgvMTQ0NS8xNDQ1LTEyNTUtMS5qcGc?v=1737555783"],"medium":["https:\/\/media.th4.com\/tPdfRKY_Smw4dT9Lzc1fpjDYzmDPU5DarYHi1gogNr4\/pr:550x550\/aHR0cDovL21lZGlhMi5kZXNpZ25wYXJ0bmVyLmZyL2MvcC1zaG9wcGluZy1jdXN0b20tVEgvMTQ0NS8xNDQ1LTEyNTUtMS5qcGc?v=1737555783"],"medium_large":["https:\/\/media.th4.com\/kkBmgh3pO_7IxWnTZTN6NxP8Sw1L5DE3hGQcpwX5Rbs\/pr:1000x1000\/aHR0cDovL21lZGlhMi5kZXNpZ25wYXJ0bmVyLmZyL2MvcC1zaG9wcGluZy1jdXN0b20tVEgvMTQ0NS8xNDQ1LTEyNTUtMS5qcGc?v=1737555783"],"large":["https:\/\/media.th4.com\/qV_eIATxoIZ1Jq-PhZL8gMJ2LyRqcrgSNgJ7XA3Ubn0\/pr:1920\/aHR0cDovL21lZGlhMi5kZXNpZ25wYXJ0bmVyLmZyL2MvcC1zaG9wcGluZy1jdXN0b20tVEgvMTQ0NS8xNDQ1LTEyNTUtMS5qcGc?v=1737555783"],"opengraph":["https:\/\/media.th4.com\/0z63njoHGQEcJMz7rfVkAMtu6NgfHGR1gL32uBUGV9U\/pr:1200x630\/aHR0cDovL21lZGlhMi5kZXNpZ25wYXJ0bmVyLmZyL2MvcC1zaG9wcGluZy1jdXN0b20tVEgvMTQ0NS8xNDQ1LTEyNTUtMS5qcGc?v=1737555783"]},"country_origin":"CN","traceability":{"manufacturing_country_id":null,"weaving_country_id":null,"dyeing_country_id":null},"sizes":[{"id":5,"article_id":109718,"class_id":2,"name":"XS","on_standby":false,"stock_local":0,"stock_global":112,"multiple":1,"estimated_date_reassort":null,"is_destocking":false},{"id":2,"article_id":109715,"class_id":4,"name":"M","on_standby":false,"stock_local":0,"stock_global":338,"multiple":1,"estimated_date_reassort":null,"is_destocking":false},{"id":1,"article_id":109714,"class_id":5,"name":"L","on_standby":false,"stock_local":0,"stock_global":1346,"multiple":1,"estimated_date_reassort":null,"is_destocking":false},{"id":4,"article_id":109717,"class_id":6,"name":"XL","on_standby":false,"stock_local":0,"stock_global":1815,"multiple":1,"estimated_date_reassort":null,"is_destocking":false},{"id":1116,"article_id":248874,"class_id":7,"name":"2XL","on_standby":false,"stock_local":0,"stock_global":670,"multiple":1,"estimated_date_reassort":null,"is_destocking":false},{"id":1081,"article_id":236314,"class_id":8,"name":"3XL","on_standby":false,"stock_local":0,"stock_global":162,"multiple":1,"estimated_date_reassort":null,"is_destocking":false}],"page_links":{"fr":"\/fr\/p-ka-k677-parka-doublure-matelassee-k677-1445\/sky-blue-1255\/","en":"\/en\/p-ka-k677-parka-quilted-lining-k677-1445\/sky-blue-1255\/","de":"\/de\/p-ka-k677-parkajacke-mit-gefutterter-steppung-k677-1445\/sky-blue-1255\/","nl":"\/nl\/p-ka-k677-parkajas-met-inleg-matelassee-k677-1445\/sky-blue-1255\/","es":"\/es\/p-ka-k677-chaqueta-parka-forrada-acolchada-k677-1445\/sky-blue-1255\/","it":"\/it\/p-ka-k677-giacca-parka-imbottita-k677-1445\/sky-blue-1255\/","sv":"\/sv\/p-ka-k677-parka-foderad-k677-1445\/sky-blue-1255\/","pt":"\/pt\/p-ka-k677-parka-forro-acolchoado-k677-1445\/sky-blue-1255\/","da":"\/da\/p-ka-k677-parka-med-pudset-foring-k677-1445\/sky-blue-1255\/","pl":"\/pl\/p-ka-k677-kurtka-parka-z-podwiazka-k677-1445\/sky-blue-1255\/"},"page_links_customization":{"fr":"\/fr\/p-ka-k677-parka-doublure-matelassee-k677-personnalisation-1445\/sky-blue-1255\/custom\/","en":"\/en\/p-ka-k677-padded-lining-parka-k677-customization-1445\/sky-blue-1255\/custom\/","de":"\/de\/p-ka-k677-gefutterte-parka-k677-personalisierung-1445\/sky-blue-1255\/custom\/","nl":"\/nl\/p-ka-k677-gevulde-parkajacket-k677-personalisatie-1445\/sky-blue-1255\/custom\/","es":"\/es\/p-ka-k677-abrigo-acolchado-k677-personalizacion-1445\/sky-blue-1255\/custom\/","it":"\/it\/p-ka-k677-parka-con-imbottitura-matelassata-k677-personalizzazione-1445\/sky-blue-1255\/custom\/","sv":"\/sv\/p-ka-k677-parka-med-foder-k677-personligbar-1445\/sky-blue-1255\/custom\/","pt":"\/pt\/p-ka-k677-jaqueta-de-forro-acolchoado-k677-personalizacao-1445\/sky-blue-1255\/custom\/","da":"\/da\/p-ka-k677-parka-fordoblet-k677-tilpasning-1445\/sky-blue-1255\/custom\/","pl":"\/pl\/p-ka-k677-kurtka-z-wypelnieniem-k677-personalizacja-1445\/sky-blue-1255\/custom\/"}},{"id":16997,"name":"snow_grey","class_ids":[3],"codes_hexa":["b2b7b0"],"delai_24":false,"has_3d":true,"seuil_global":0,"stock_local":0,"stock_global":1576,"on_standby":false,"in_catalog":true,"images":{"miniature":["https:\/\/media.th4.com\/5ryU3hw7UKBOiw2VvdZox5M3epqWC8POKmiKk1vLV4w\/pr:80\/aHR0cDovL21lZGlhMi5kZXNpZ25wYXJ0bmVyLmZyL2MvcC8xNDQ1LzE0NDUtMTY5OTctMS5qcGc?v=1696935582","https:\/\/media.th4.com\/7AzK_klzBAWKPkQRYpArHKX83dYzIpym0xQgcrhSusY\/pr:80\/aHR0cDovL21lZGlhMi5kZXNpZ25wYXJ0bmVyLmZyL2MvcC8xNDQ1LzE0NDUtMTY5OTctMi5qcGc?v=1696935583","https:\/\/media.th4.com\/EtMo4ehMvXayGkKszuRb8vG4AqNLGFk6gvk78Q8wm0s\/pr:80\/aHR0cDovL21lZGlhMi5kZXNpZ25wYXJ0bmVyLmZyL2MvcC8xNDQ1LzE0NDUtMTY5OTctMy5qcGc?v=1696935585"],"medium":["https:\/\/media.th4.com\/MTm13JKENVCz98K0CTpCxiqxXRG6V7Gg6oIIN3f8z-w\/pr:550x550\/aHR0cDovL21lZGlhMi5kZXNpZ25wYXJ0bmVyLmZyL2MvcC8xNDQ1LzE0NDUtMTY5OTctMS5qcGc?v=1696935582","https:\/\/media.th4.com\/_rrk131WqRfga9N2EnNJdiOwemIKar1_gg-6hObNIbk\/pr:550x550\/aHR0cDovL21lZGlhMi5kZXNpZ25wYXJ0bmVyLmZyL2MvcC8xNDQ1LzE0NDUtMTY5OTctMi5qcGc?v=1696935583","https:\/\/media.th4.com\/p20l8YWhoFsp4nmJrkA_zQXicQh1h11bqMBsvhJBjvs\/pr:550x550\/aHR0cDovL21lZGlhMi5kZXNpZ25wYXJ0bmVyLmZyL2MvcC8xNDQ1LzE0NDUtMTY5OTctMy5qcGc?v=1696935585"],"medium_large":["https:\/\/media.th4.com\/SHqx7jR5iZH2ITyPSIiXKIB0ei1EPR-Z7l0D4EC6YG4\/pr:1000x1000\/aHR0cDovL21lZGlhMi5kZXNpZ25wYXJ0bmVyLmZyL2MvcC8xNDQ1LzE0NDUtMTY5OTctMS5qcGc?v=1696935582","https:\/\/media.th4.com\/fAZBeEgr4wDWh8tLm-cXuvKXtW6wFI0kU9WF30O_9QQ\/pr:1000x1000\/aHR0cDovL21lZGlhMi5kZXNpZ25wYXJ0bmVyLmZyL2MvcC8xNDQ1LzE0NDUtMTY5OTctMi5qcGc?v=1696935583","https:\/\/media.th4.com\/bvj9w44ayMmoLRCdTSfEukV9px4FleMqKvCJvEDZbAo\/pr:1000x1000\/aHR0cDovL21lZGlhMi5kZXNpZ25wYXJ0bmVyLmZyL2MvcC8xNDQ1LzE0NDUtMTY5OTctMy5qcGc?v=1696935585"],"large":["https:\/\/media.th4.com\/2nmJg5L7Vylwa_Cv2xen4mNNeJDoiby5-MPOZp0Hgr0\/pr:1920\/aHR0cDovL21lZGlhMi5kZXNpZ25wYXJ0bmVyLmZyL2MvcC8xNDQ1LzE0NDUtMTY5OTctMS5qcGc?v=1696935582","https:\/\/media.th4.com\/-PWMx7kedT8Hzk0QJqooaRT28eD_EgPvmb0crzwwloE\/pr:1920\/aHR0cDovL21lZGlhMi5kZXNpZ25wYXJ0bmVyLmZyL2MvcC8xNDQ1LzE0NDUtMTY5OTctMi5qcGc?v=1696935583","https:\/\/media.th4.com\/eh7aNjLfFTuFJivsuYwxbOxffEZ5skJhnysLes9ibv8\/pr:1920\/aHR0cDovL21lZGlhMi5kZXNpZ25wYXJ0bmVyLmZyL2MvcC8xNDQ1LzE0NDUtMTY5OTctMy5qcGc?v=1696935585"],"opengraph":["https:\/\/media.th4.com\/o46HTxdgASh54uGqh5uhfToA2VSUm8yoXn8ZC6QQ1x4\/pr:1200x630\/aHR0cDovL21lZGlhMi5kZXNpZ25wYXJ0bmVyLmZyL2MvcC8xNDQ1LzE0NDUtMTY5OTctMS5qcGc?v=1696935582","https:\/\/media.th4.com\/OVl6IHFA2wKC9SKXWQ22AqRUDzw2TbLZpKgU7UBqqfM\/pr:1200x630\/aHR0cDovL21lZGlhMi5kZXNpZ25wYXJ0bmVyLmZyL2MvcC8xNDQ1LzE0NDUtMTY5OTctMi5qcGc?v=1696935583","https:\/\/media.th4.com\/C5GHrZ4P4s82AlW9NtJ-VJiOc_J1lJgXZpL9_7iaxPY\/pr:1200x630\/aHR0cDovL21lZGlhMi5kZXNpZ25wYXJ0bmVyLmZyL2MvcC8xNDQ1LzE0NDUtMTY5OTctMy5qcGc?v=1696935585"]},"images_customization":{"miniature":["https:\/\/media.th4.com\/wjPj9nCK-lakVnq_YxUOzzmnDQPv7XZS9lkJip70w0o\/pr:80\/aHR0cDovL21lZGlhMi5kZXNpZ25wYXJ0bmVyLmZyL2MvcC1zaG9wcGluZy1jdXN0b20tVEgvMTQ0NS8xNDQ1LTE2OTk3LTEuanBn?v=1737555782"],"medium":["https:\/\/media.th4.com\/yxfqVJNWoG1u83qdNjcG7_yfVGTZV3LtMY2x0w8Koao\/pr:550x550\/aHR0cDovL21lZGlhMi5kZXNpZ25wYXJ0bmVyLmZyL2MvcC1zaG9wcGluZy1jdXN0b20tVEgvMTQ0NS8xNDQ1LTE2OTk3LTEuanBn?v=1737555782"],"medium_large":["https:\/\/media.th4.com\/mh9_rmT22PiMHYLqRvnePk-7l0RS4J9rtdzkID5FokU\/pr:1000x1000\/aHR0cDovL21lZGlhMi5kZXNpZ25wYXJ0bmVyLmZyL2MvcC1zaG9wcGluZy1jdXN0b20tVEgvMTQ0NS8xNDQ1LTE2OTk3LTEuanBn?v=1737555782"],"large":["https:\/\/media.th4.com\/AjEchi10cyJ37UqZXouZT6YA20uSchLgPKlik7L_E6Q\/pr:1920\/aHR0cDovL21lZGlhMi5kZXNpZ25wYXJ0bmVyLmZyL2MvcC1zaG9wcGluZy1jdXN0b20tVEgvMTQ0NS8xNDQ1LTE2OTk3LTEuanBn?v=1737555782"],"opengraph":["https:\/\/media.th4.com\/EFQzenI_Ozktnw-QKy8bxdrYzcEUDvOt6ZJ6-PL9lvI\/pr:1200x630\/aHR0cDovL21lZGlhMi5kZXNpZ25wYXJ0bmVyLmZyL2MvcC1zaG9wcGluZy1jdXN0b20tVEgvMTQ0NS8xNDQ1LTE2OTk3LTEuanBn?v=1737555782"]},"country_origin":"CN","traceability":{"manufacturing_country_id":null,"weaving_country_id":null,"dyeing_country_id":null},"sizes":[{"id":5,"article_id":430011,"class_id":2,"name":"XS","on_standby":false,"stock_local":0,"stock_global":28,"multiple":1,"estimated_date_reassort":null,"is_destocking":false},{"id":3,"article_id":430013,"class_id":3,"name":"S","on_standby":false,"stock_local":0,"stock_global":110,"multiple":1,"estimated_date_reassort":null,"is_destocking":false},{"id":2,"article_id":430015,"class_id":4,"name":"M","on_standby":false,"stock_local":0,"stock_global":362,"multiple":1,"estimated_date_reassort":null,"is_destocking":false},{"id":1,"article_id":430017,"class_id":5,"name":"L","on_standby":false,"stock_local":0,"stock_global":451,"multiple":1,"estimated_date_reassort":null,"is_destocking":false},{"id":4,"article_id":430019,"class_id":6,"name":"XL","on_standby":false,"stock_local":0,"stock_global":357,"multiple":1,"estimated_date_reassort":null,"is_destocking":false},{"id":1116,"article_id":430021,"class_id":7,"name":"2XL","on_standby":false,"stock_local":0,"stock_global":193,"multiple":1,"estimated_date_reassort":null,"is_destocking":false},{"id":1081,"article_id":430023,"class_id":8,"name":"3XL","on_standby":false,"stock_local":0,"stock_global":55,"multiple":1,"estimated_date_reassort":null,"is_destocking":false},{"id":16,"article_id":430025,"class_id":9,"name":"4XL","on_standby":false,"stock_local":0,"stock_global":20,"multiple":1,"estimated_date_reassort":null,"is_destocking":false}],"page_links":{"fr":"\/fr\/p-ka-k677-parka-doublure-matelassee-k677-1445\/snow-grey-16997\/","en":"\/en\/p-ka-k677-parka-quilted-lining-k677-1445\/snow-grey-16997\/","de":"\/de\/p-ka-k677-parkajacke-mit-gefutterter-steppung-k677-1445\/snow-grey-16997\/","nl":"\/nl\/p-ka-k677-parkajas-met-inleg-matelassee-k677-1445\/snow-grey-16997\/","es":"\/es\/p-ka-k677-chaqueta-parka-forrada-acolchada-k677-1445\/snow-grey-16997\/","it":"\/it\/p-ka-k677-giacca-parka-imbottita-k677-1445\/snow-grey-16997\/","sv":"\/sv\/p-ka-k677-parka-foderad-k677-1445\/snow-grey-16997\/","pt":"\/pt\/p-ka-k677-parka-forro-acolchoado-k677-1445\/snow-grey-16997\/","da":"\/da\/p-ka-k677-parka-med-pudset-foring-k677-1445\/snow-grey-16997\/","pl":"\/pl\/p-ka-k677-kurtka-parka-z-podwiazka-k677-1445\/snow-grey-16997\/"},"page_links_customization":{"fr":"\/fr\/p-ka-k677-parka-doublure-matelassee-k677-personnalisation-1445\/snow-grey-16997\/custom\/","en":"\/en\/p-ka-k677-padded-lining-parka-k677-customization-1445\/snow-grey-16997\/custom\/","de":"\/de\/p-ka-k677-gefutterte-parka-k677-personalisierung-1445\/snow-grey-16997\/custom\/","nl":"\/nl\/p-ka-k677-gevulde-parkajacket-k677-personalisatie-1445\/snow-grey-16997\/custom\/","es":"\/es\/p-ka-k677-abrigo-acolchado-k677-personalizacion-1445\/snow-grey-16997\/custom\/","it":"\/it\/p-ka-k677-parka-con-imbottitura-matelassata-k677-personalizzazione-1445\/snow-grey-16997\/custom\/","sv":"\/sv\/p-ka-k677-parka-med-foder-k677-personligbar-1445\/snow-grey-16997\/custom\/","pt":"\/pt\/p-ka-k677-jaqueta-de-forro-acolchoado-k677-personalizacao-1445\/snow-grey-16997\/custom\/","da":"\/da\/p-ka-k677-parka-fordoblet-k677-tilpasning-1445\/snow-grey-16997\/custom\/","pl":"\/pl\/p-ka-k677-kurtka-z-wypelnieniem-k677-personalizacja-1445\/snow-grey-16997\/custom\/"}},{"id":1254,"name":"orange","class_ids":[9],"codes_hexa":["ff9132"],"delai_24":false,"has_3d":true,"seuil_global":0,"stock_local":0,"stock_global":1558,"on_standby":false,"in_catalog":true,"images":{"miniature":["https:\/\/media.th4.com\/J1EWyLqSCTnbxD7MfcgKDhkyxbHN_c4Ghgb5McX1BbA\/pr:80\/aHR0cDovL21lZGlhMi5kZXNpZ25wYXJ0bmVyLmZyL2MvcC8xNDQ1LzE0NDUtMTI1NC0xLmpwZw?v=1638344097","https:\/\/media.th4.com\/pNCUEE4n5UEFVL_xA4pnIA2rW8NsugggxtRHOihbrTU\/pr:80\/aHR0cDovL21lZGlhMi5kZXNpZ25wYXJ0bmVyLmZyL2MvcC8xNDQ1LzE0NDUtMTI1NC0yLmpwZw?v=1638344097"],"medium":["https:\/\/media.th4.com\/kaWgAggrxD7iVNuEfp9Ri5aoHarHuUfX1mmPL8aIahw\/pr:550x550\/aHR0cDovL21lZGlhMi5kZXNpZ25wYXJ0bmVyLmZyL2MvcC8xNDQ1LzE0NDUtMTI1NC0xLmpwZw?v=1638344097","https:\/\/media.th4.com\/mvgCkNzjMjQW87qtn1PwDoV9rELlEEF7HmQ-fr6_p0k\/pr:550x550\/aHR0cDovL21lZGlhMi5kZXNpZ25wYXJ0bmVyLmZyL2MvcC8xNDQ1LzE0NDUtMTI1NC0yLmpwZw?v=1638344097"],"medium_large":["https:\/\/media.th4.com\/zs0aH93qH15QcDvpGW7SRBwgt2_l3DBbPUEQ0MOQy_o\/pr:1000x1000\/aHR0cDovL21lZGlhMi5kZXNpZ25wYXJ0bmVyLmZyL2MvcC8xNDQ1LzE0NDUtMTI1NC0xLmpwZw?v=1638344097","https:\/\/media.th4.com\/mcykU--upn68pLDzb8XwbTBFeYiJphFhQfOR80QjZB0\/pr:1000x1000\/aHR0cDovL21lZGlhMi5kZXNpZ25wYXJ0bmVyLmZyL2MvcC8xNDQ1LzE0NDUtMTI1NC0yLmpwZw?v=1638344097"],"large":["https:\/\/media.th4.com\/h4gAk7eNpvSJvq_k_sccKk5xOwuOuMCBPp_fzFcs2p8\/pr:1920\/aHR0cDovL21lZGlhMi5kZXNpZ25wYXJ0bmVyLmZyL2MvcC8xNDQ1LzE0NDUtMTI1NC0xLmpwZw?v=1638344097","https:\/\/media.th4.com\/8Y29PqSNUW9jH-0AAajn6GPLZ-cQV161_OlbI46p8nU\/pr:1920\/aHR0cDovL21lZGlhMi5kZXNpZ25wYXJ0bmVyLmZyL2MvcC8xNDQ1LzE0NDUtMTI1NC0yLmpwZw?v=1638344097"],"opengraph":["https:\/\/media.th4.com\/RHzazwU9N_eCgDA9K7KDV4fbZrbYa0BF9AvQMsiLTeM\/pr:1200x630\/aHR0cDovL21lZGlhMi5kZXNpZ25wYXJ0bmVyLmZyL2MvcC8xNDQ1LzE0NDUtMTI1NC0xLmpwZw?v=1638344097","https:\/\/media.th4.com\/OHgOgg_wegCf47NWJRUsN9NVTqILUBXa_QMYMmiBcs0\/pr:1200x630\/aHR0cDovL21lZGlhMi5kZXNpZ25wYXJ0bmVyLmZyL2MvcC8xNDQ1LzE0NDUtMTI1NC0yLmpwZw?v=1638344097"]},"images_customization":{"miniature":["https:\/\/media.th4.com\/rIi5A4jfoXhzm9ghb4wiOCtt7QCLAlhXIABBIAzAryk\/pr:80\/aHR0cDovL21lZGlhMi5kZXNpZ25wYXJ0bmVyLmZyL2MvcC1zaG9wcGluZy1jdXN0b20tVEgvMTQ0NS8xNDQ1LTEyNTQtMS5qcGc?v=1737555783"],"medium":["https:\/\/media.th4.com\/QowgzYiQKgfNadTn0OJMhNZXvl5jLD-3p7qkoMwuk6k\/pr:550x550\/aHR0cDovL21lZGlhMi5kZXNpZ25wYXJ0bmVyLmZyL2MvcC1zaG9wcGluZy1jdXN0b20tVEgvMTQ0NS8xNDQ1LTEyNTQtMS5qcGc?v=1737555783"],"medium_large":["https:\/\/media.th4.com\/GtyIH4QCIKXRDqUw6toFetOvrDp57MkqzVLx_8yzTPU\/pr:1000x1000\/aHR0cDovL21lZGlhMi5kZXNpZ25wYXJ0bmVyLmZyL2MvcC1zaG9wcGluZy1jdXN0b20tVEgvMTQ0NS8xNDQ1LTEyNTQtMS5qcGc?v=1737555783"],"large":["https:\/\/media.th4.com\/7vzxonGa23U49QhDs6kHXgXefmpqpSDyF2uSM0f1Vqs\/pr:1920\/aHR0cDovL21lZGlhMi5kZXNpZ25wYXJ0bmVyLmZyL2MvcC1zaG9wcGluZy1jdXN0b20tVEgvMTQ0NS8xNDQ1LTEyNTQtMS5qcGc?v=1737555783"],"opengraph":["https:\/\/media.th4.com\/QNZnUPV2a_katdBcrDUCzWHDaP5o7syP2lCj-7E38mU\/pr:1200x630\/aHR0cDovL21lZGlhMi5kZXNpZ25wYXJ0bmVyLmZyL2MvcC1zaG9wcGluZy1jdXN0b20tVEgvMTQ0NS8xNDQ1LTEyNTQtMS5qcGc?v=1737555783"]},"country_origin":"CN","traceability":{"manufacturing_country_id":null,"weaving_country_id":null,"dyeing_country_id":null},"sizes":[{"id":5,"article_id":36213,"class_id":2,"name":"XS","on_standby":false,"stock_local":0,"stock_global":68,"multiple":1,"estimated_date_reassort":null,"is_destocking":false},{"id":3,"article_id":36214,"class_id":3,"name":"S","on_standby":false,"stock_local":0,"stock_global":107,"multiple":1,"estimated_date_reassort":null,"is_destocking":false},{"id":2,"article_id":36215,"class_id":4,"name":"M","on_standby":false,"stock_local":0,"stock_global":359,"multiple":1,"estimated_date_reassort":null,"is_destocking":false},{"id":1,"article_id":36216,"class_id":5,"name":"L","on_standby":false,"stock_local":0,"stock_global":448,"multiple":1,"estimated_date_reassort":null,"is_destocking":false},{"id":4,"article_id":36217,"class_id":6,"name":"XL","on_standby":false,"stock_local":0,"stock_global":339,"multiple":1,"estimated_date_reassort":null,"is_destocking":false},{"id":1116,"article_id":244436,"class_id":7,"name":"2XL","on_standby":false,"stock_local":1,"stock_global":190,"multiple":1,"estimated_date_reassort":null,"is_destocking":true},{"id":1081,"article_id":234992,"class_id":8,"name":"3XL","on_standby":false,"stock_local":0,"stock_global":47,"multiple":1,"estimated_date_reassort":null,"is_destocking":false}],"page_links":{"fr":"\/fr\/p-ka-k677-parka-doublure-matelassee-k677-1445\/orange-1254\/","en":"\/en\/p-ka-k677-parka-quilted-lining-k677-1445\/orange-1254\/","de":"\/de\/p-ka-k677-parkajacke-mit-gefutterter-steppung-k677-1445\/orange-1254\/","nl":"\/nl\/p-ka-k677-parkajas-met-inleg-matelassee-k677-1445\/orange-1254\/","es":"\/es\/p-ka-k677-chaqueta-parka-forrada-acolchada-k677-1445\/orange-1254\/","it":"\/it\/p-ka-k677-giacca-parka-imbottita-k677-1445\/orange-1254\/","sv":"\/sv\/p-ka-k677-parka-foderad-k677-1445\/orange-1254\/","pt":"\/pt\/p-ka-k677-parka-forro-acolchoado-k677-1445\/orange-1254\/","da":"\/da\/p-ka-k677-parka-med-pudset-foring-k677-1445\/orange-1254\/","pl":"\/pl\/p-ka-k677-kurtka-parka-z-podwiazka-k677-1445\/orange-1254\/"},"page_links_customization":{"fr":"\/fr\/p-ka-k677-parka-doublure-matelassee-k677-personnalisation-1445\/orange-1254\/custom\/","en":"\/en\/p-ka-k677-padded-lining-parka-k677-customization-1445\/orange-1254\/custom\/","de":"\/de\/p-ka-k677-gefutterte-parka-k677-personalisierung-1445\/orange-1254\/custom\/","nl":"\/nl\/p-ka-k677-gevulde-parkajacket-k677-personalisatie-1445\/orange-1254\/custom\/","es":"\/es\/p-ka-k677-abrigo-acolchado-k677-personalizacion-1445\/orange-1254\/custom\/","it":"\/it\/p-ka-k677-parka-con-imbottitura-matelassata-k677-personalizzazione-1445\/orange-1254\/custom\/","sv":"\/sv\/p-ka-k677-parka-med-foder-k677-personligbar-1445\/orange-1254\/custom\/","pt":"\/pt\/p-ka-k677-jaqueta-de-forro-acolchoado-k677-personalizacao-1445\/orange-1254\/custom\/","da":"\/da\/p-ka-k677-parka-fordoblet-k677-tilpasning-1445\/orange-1254\/custom\/","pl":"\/pl\/p-ka-k677-kurtka-z-wypelnieniem-k677-personalizacja-1445\/orange-1254\/custom\/"}},{"id":1338,"name":"kelly_green","class_ids":[5],"codes_hexa":["008543"],"delai_24":false,"has_3d":true,"seuil_global":0,"stock_local":0,"stock_global":1510,"on_standby":false,"in_catalog":true,"images":{"miniature":["https:\/\/media.th4.com\/7T263pQU_KOUIqZPPsHjy75HcpQiUmJ8d3Dy2pe44rE\/pr:80\/aHR0cDovL21lZGlhMi5kZXNpZ25wYXJ0bmVyLmZyL2MvcC8xNDQ1LzE0NDUtMTMzOC0xLmpwZw?v=1638344098","https:\/\/media.th4.com\/6xbHLVur7WMs31Tx3zmLvvwtaOCX_8ei8KyuabjzFjQ\/pr:80\/aHR0cDovL21lZGlhMi5kZXNpZ25wYXJ0bmVyLmZyL2MvcC8xNDQ1LzE0NDUtMTMzOC0yLmpwZw?v=1638344098"],"medium":["https:\/\/media.th4.com\/RKKhOtQ37hkGLMRi4zM0BvNudbTXS1JEXA20p44s5WE\/pr:550x550\/aHR0cDovL21lZGlhMi5kZXNpZ25wYXJ0bmVyLmZyL2MvcC8xNDQ1LzE0NDUtMTMzOC0xLmpwZw?v=1638344098","https:\/\/media.th4.com\/5gb0BU6Gk32JZ4maEOeD_IKSNFeeZPhtKVeI7737oA0\/pr:550x550\/aHR0cDovL21lZGlhMi5kZXNpZ25wYXJ0bmVyLmZyL2MvcC8xNDQ1LzE0NDUtMTMzOC0yLmpwZw?v=1638344098"],"medium_large":["https:\/\/media.th4.com\/efz5bhRET2QlI66HFurgy1e-wPtBQRRY325UIF04a7U\/pr:1000x1000\/aHR0cDovL21lZGlhMi5kZXNpZ25wYXJ0bmVyLmZyL2MvcC8xNDQ1LzE0NDUtMTMzOC0xLmpwZw?v=1638344098","https:\/\/media.th4.com\/e4URczHhJ8J1ggn_gYO21clxK7h8JOU_W3mT6oIHfP8\/pr:1000x1000\/aHR0cDovL21lZGlhMi5kZXNpZ25wYXJ0bmVyLmZyL2MvcC8xNDQ1LzE0NDUtMTMzOC0yLmpwZw?v=1638344098"],"large":["https:\/\/media.th4.com\/Lp-0OIxgDrC5F56vdCNXRk9PX4qr_WdO-UM_StxLtNA\/pr:1920\/aHR0cDovL21lZGlhMi5kZXNpZ25wYXJ0bmVyLmZyL2MvcC8xNDQ1LzE0NDUtMTMzOC0xLmpwZw?v=1638344098","https:\/\/media.th4.com\/opn0x0ZtIGw_Sy_s2jcyAl8XckFDATA7n1kSSZuswFc\/pr:1920\/aHR0cDovL21lZGlhMi5kZXNpZ25wYXJ0bmVyLmZyL2MvcC8xNDQ1LzE0NDUtMTMzOC0yLmpwZw?v=1638344098"],"opengraph":["https:\/\/media.th4.com\/6V-ySmzwaUKwQe65E59lB_x5NI-FViD1aCFjr8wcpG0\/pr:1200x630\/aHR0cDovL21lZGlhMi5kZXNpZ25wYXJ0bmVyLmZyL2MvcC8xNDQ1LzE0NDUtMTMzOC0xLmpwZw?v=1638344098","https:\/\/media.th4.com\/qjg1NmC_M2QHg-RRJztKeaeNNDqlyYXjBrtNeTMdLyA\/pr:1200x630\/aHR0cDovL21lZGlhMi5kZXNpZ25wYXJ0bmVyLmZyL2MvcC8xNDQ1LzE0NDUtMTMzOC0yLmpwZw?v=1638344098"]},"images_customization":{"miniature":["https:\/\/media.th4.com\/m3mODZUrOQKKKTrOCECcTUDuACGakzkyI-KjaQfbqDc\/pr:80\/aHR0cDovL21lZGlhMi5kZXNpZ25wYXJ0bmVyLmZyL2MvcC1zaG9wcGluZy1jdXN0b20tVEgvMTQ0NS8xNDQ1LTEzMzgtMS5qcGc?v=1737555782"],"medium":["https:\/\/media.th4.com\/7D_4Zn-cQgILK79B7ntn2xn-XT1CjNArfjeOukTE7oA\/pr:550x550\/aHR0cDovL21lZGlhMi5kZXNpZ25wYXJ0bmVyLmZyL2MvcC1zaG9wcGluZy1jdXN0b20tVEgvMTQ0NS8xNDQ1LTEzMzgtMS5qcGc?v=1737555782"],"medium_large":["https:\/\/media.th4.com\/OUqcUeIhzeX7X3nczr7K_z4wYSyzhgxBdHwnT2A-518\/pr:1000x1000\/aHR0cDovL21lZGlhMi5kZXNpZ25wYXJ0bmVyLmZyL2MvcC1zaG9wcGluZy1jdXN0b20tVEgvMTQ0NS8xNDQ1LTEzMzgtMS5qcGc?v=1737555782"],"large":["https:\/\/media.th4.com\/n3_i5MLNzdfAuZvsrXUSreIpZnJ8UUAg7QpsL8AloU8\/pr:1920\/aHR0cDovL21lZGlhMi5kZXNpZ25wYXJ0bmVyLmZyL2MvcC1zaG9wcGluZy1jdXN0b20tVEgvMTQ0NS8xNDQ1LTEzMzgtMS5qcGc?v=1737555782"],"opengraph":["https:\/\/media.th4.com\/YPqu_GgwSeB4YKxFt-oq7Pk0sLFOjr8VAVMeKQIVu6Y\/pr:1200x630\/aHR0cDovL21lZGlhMi5kZXNpZ25wYXJ0bmVyLmZyL2MvcC1zaG9wcGluZy1jdXN0b20tVEgvMTQ0NS8xNDQ1LTEzMzgtMS5qcGc?v=1737555782"]},"country_origin":"CN","traceability":{"manufacturing_country_id":null,"weaving_country_id":null,"dyeing_country_id":null},"sizes":[{"id":5,"article_id":36198,"class_id":2,"name":"XS","on_standby":false,"stock_local":0,"stock_global":38,"multiple":1,"estimated_date_reassort":null,"is_destocking":false},{"id":3,"article_id":36199,"class_id":3,"name":"S","on_standby":false,"stock_local":0,"stock_global":108,"multiple":1,"estimated_date_reassort":null,"is_destocking":false},{"id":2,"article_id":36200,"class_id":4,"name":"M","on_standby":false,"stock_local":0,"stock_global":389,"multiple":1,"estimated_date_reassort":null,"is_destocking":false},{"id":1,"article_id":36201,"class_id":5,"name":"L","on_standby":false,"stock_local":0,"stock_global":604,"multiple":1,"estimated_date_reassort":null,"is_destocking":false},{"id":4,"article_id":36202,"class_id":6,"name":"XL","on_standby":false,"stock_local":0,"stock_global":250,"multiple":1,"estimated_date_reassort":null,"is_destocking":false},{"id":1116,"article_id":244434,"class_id":7,"name":"2XL","on_standby":false,"stock_local":0,"stock_global":69,"multiple":1,"estimated_date_reassort":null,"is_destocking":false},{"id":1081,"article_id":234990,"class_id":8,"name":"3XL","on_standby":false,"stock_local":0,"stock_global":52,"multiple":1,"estimated_date_reassort":null,"is_destocking":false}],"page_links":{"fr":"\/fr\/p-ka-k677-parka-doublure-matelassee-k677-1445\/kelly-green-1338\/","en":"\/en\/p-ka-k677-parka-quilted-lining-k677-1445\/kelly-green-1338\/","de":"\/de\/p-ka-k677-parkajacke-mit-gefutterter-steppung-k677-1445\/kelly-green-1338\/","nl":"\/nl\/p-ka-k677-parkajas-met-inleg-matelassee-k677-1445\/kelly-green-1338\/","es":"\/es\/p-ka-k677-chaqueta-parka-forrada-acolchada-k677-1445\/kelly-green-1338\/","it":"\/it\/p-ka-k677-giacca-parka-imbottita-k677-1445\/kelly-green-1338\/","sv":"\/sv\/p-ka-k677-parka-foderad-k677-1445\/kelly-green-1338\/","pt":"\/pt\/p-ka-k677-parka-forro-acolchoado-k677-1445\/kelly-green-1338\/","da":"\/da\/p-ka-k677-parka-med-pudset-foring-k677-1445\/kelly-green-1338\/","pl":"\/pl\/p-ka-k677-kurtka-parka-z-podwiazka-k677-1445\/kelly-green-1338\/"},"page_links_customization":{"fr":"\/fr\/p-ka-k677-parka-doublure-matelassee-k677-personnalisation-1445\/kelly-green-1338\/custom\/","en":"\/en\/p-ka-k677-padded-lining-parka-k677-customization-1445\/kelly-green-1338\/custom\/","de":"\/de\/p-ka-k677-gefutterte-parka-k677-personalisierung-1445\/kelly-green-1338\/custom\/","nl":"\/nl\/p-ka-k677-gevulde-parkajacket-k677-personalisatie-1445\/kelly-green-1338\/custom\/","es":"\/es\/p-ka-k677-abrigo-acolchado-k677-personalizacion-1445\/kelly-green-1338\/custom\/","it":"\/it\/p-ka-k677-parka-con-imbottitura-matelassata-k677-personalizzazione-1445\/kelly-green-1338\/custom\/","sv":"\/sv\/p-ka-k677-parka-med-foder-k677-personligbar-1445\/kelly-green-1338\/custom\/","pt":"\/pt\/p-ka-k677-jaqueta-de-forro-acolchoado-k677-personalizacao-1445\/kelly-green-1338\/custom\/","da":"\/da\/p-ka-k677-parka-fordoblet-k677-tilpasning-1445\/kelly-green-1338\/custom\/","pl":"\/pl\/p-ka-k677-kurtka-z-wypelnieniem-k677-personalizacja-1445\/kelly-green-1338\/custom\/"}},{"id":1344,"name":"beige","class_ids":[8],"codes_hexa":["a69e6f"],"delai_24":false,"has_3d":true,"seuil_global":0,"stock_local":0,"stock_global":1451,"on_standby":false,"in_catalog":true,"images":{"miniature":["https:\/\/media.th4.com\/A3freSQPM-knYqapR0yhlqOMoNRQ5HKWHJ6VNKwg3rs\/pr:80\/aHR0cDovL21lZGlhMi5kZXNpZ25wYXJ0bmVyLmZyL2MvcC8xNDQ1LzE0NDUtMTM0NC0xLmpwZw?v=1638344098","https:\/\/media.th4.com\/1GOEQpeGIUDrDWv_CjMqZT0jXrpltF-2ebPXcNkGPgM\/pr:80\/aHR0cDovL21lZGlhMi5kZXNpZ25wYXJ0bmVyLmZyL2MvcC8xNDQ1LzE0NDUtMTM0NC0yLmpwZw?v=1638344099"],"medium":["https:\/\/media.th4.com\/JIljOI-yEHWVwHlLNeWCbtMQ8tqHos-Z76HGVzhWGpA\/pr:550x550\/aHR0cDovL21lZGlhMi5kZXNpZ25wYXJ0bmVyLmZyL2MvcC8xNDQ1LzE0NDUtMTM0NC0xLmpwZw?v=1638344098","https:\/\/media.th4.com\/2U4Oo3IvkNxshGhoWiM-0gh671S-1onTwidYQy9eyKo\/pr:550x550\/aHR0cDovL21lZGlhMi5kZXNpZ25wYXJ0bmVyLmZyL2MvcC8xNDQ1LzE0NDUtMTM0NC0yLmpwZw?v=1638344099"],"medium_large":["https:\/\/media.th4.com\/7BZwRvKJfRlfqXlEBicFhsF3rt1wXH0F5l_ocIfDG-E\/pr:1000x1000\/aHR0cDovL21lZGlhMi5kZXNpZ25wYXJ0bmVyLmZyL2MvcC8xNDQ1LzE0NDUtMTM0NC0xLmpwZw?v=1638344098","https:\/\/media.th4.com\/Vz04mboIgsE9Kn63VvRQTsrw3PYUvXqwEaSD_kvb47E\/pr:1000x1000\/aHR0cDovL21lZGlhMi5kZXNpZ25wYXJ0bmVyLmZyL2MvcC8xNDQ1LzE0NDUtMTM0NC0yLmpwZw?v=1638344099"],"large":["https:\/\/media.th4.com\/WQU3GbgshDgAxQAQVWCbVpyeABP_YDFjchDYM7RQ8WU\/pr:1920\/aHR0cDovL21lZGlhMi5kZXNpZ25wYXJ0bmVyLmZyL2MvcC8xNDQ1LzE0NDUtMTM0NC0xLmpwZw?v=1638344098","https:\/\/media.th4.com\/C9OSLmYRjEfUN4FTb-ewNQrlSVKHk6_Cl1WjD-EaD50\/pr:1920\/aHR0cDovL21lZGlhMi5kZXNpZ25wYXJ0bmVyLmZyL2MvcC8xNDQ1LzE0NDUtMTM0NC0yLmpwZw?v=1638344099"],"opengraph":["https:\/\/media.th4.com\/a1ZIN0i39dPogqqp5qtXSqYcYK-9zYhZIJp-oC66fvM\/pr:1200x630\/aHR0cDovL21lZGlhMi5kZXNpZ25wYXJ0bmVyLmZyL2MvcC8xNDQ1LzE0NDUtMTM0NC0xLmpwZw?v=1638344098","https:\/\/media.th4.com\/kUOQRvyeEXG2YiskEhJa-C7ELwcXDIVnKAXeCrFIkY4\/pr:1200x630\/aHR0cDovL21lZGlhMi5kZXNpZ25wYXJ0bmVyLmZyL2MvcC8xNDQ1LzE0NDUtMTM0NC0yLmpwZw?v=1638344099"]},"images_customization":{"miniature":["https:\/\/media.th4.com\/O4Nb2BVPpAqzIhseXV-HcYheD0aY4NOfU6_eIgx3vEY\/pr:80\/aHR0cDovL21lZGlhMi5kZXNpZ25wYXJ0bmVyLmZyL2MvcC1zaG9wcGluZy1jdXN0b20tVEgvMTQ0NS8xNDQ1LTEzNDQtMS5qcGc?v=1737555783"],"medium":["https:\/\/media.th4.com\/2vNquvTgz7yBtbnVP1PY_qdS0Ya0OILHuW-yHh8liF0\/pr:550x550\/aHR0cDovL21lZGlhMi5kZXNpZ25wYXJ0bmVyLmZyL2MvcC1zaG9wcGluZy1jdXN0b20tVEgvMTQ0NS8xNDQ1LTEzNDQtMS5qcGc?v=1737555783"],"medium_large":["https:\/\/media.th4.com\/nww8hjstSnehYZuw-XzBwgJSMTqJ3eE6xvq8-kXgP2Q\/pr:1000x1000\/aHR0cDovL21lZGlhMi5kZXNpZ25wYXJ0bmVyLmZyL2MvcC1zaG9wcGluZy1jdXN0b20tVEgvMTQ0NS8xNDQ1LTEzNDQtMS5qcGc?v=1737555783"],"large":["https:\/\/media.th4.com\/pAC-YR6nwMoiTUQlvYflypyejVYDB_Dp1KdobKbQ0UQ\/pr:1920\/aHR0cDovL21lZGlhMi5kZXNpZ25wYXJ0bmVyLmZyL2MvcC1zaG9wcGluZy1jdXN0b20tVEgvMTQ0NS8xNDQ1LTEzNDQtMS5qcGc?v=1737555783"],"opengraph":["https:\/\/media.th4.com\/vA1I15X6XFchmlO_T9QPeq9_TNhHz5oK6zXMwvN0YTM\/pr:1200x630\/aHR0cDovL21lZGlhMi5kZXNpZ25wYXJ0bmVyLmZyL2MvcC1zaG9wcGluZy1jdXN0b20tVEgvMTQ0NS8xNDQ1LTEzNDQtMS5qcGc?v=1737555783"]},"country_origin":"CN","traceability":{"manufacturing_country_id":null,"weaving_country_id":null,"dyeing_country_id":null},"sizes":[{"id":3,"article_id":36135,"class_id":3,"name":"S","on_standby":false,"stock_local":0,"stock_global":82,"multiple":1,"estimated_date_reassort":null,"is_destocking":false},{"id":2,"article_id":36136,"class_id":4,"name":"M","on_standby":false,"stock_local":0,"stock_global":379,"multiple":1,"estimated_date_reassort":null,"is_destocking":false},{"id":1,"article_id":36137,"class_id":5,"name":"L","on_standby":false,"stock_local":0,"stock_global":462,"multiple":1,"estimated_date_reassort":null,"is_destocking":false},{"id":4,"article_id":36138,"class_id":6,"name":"XL","on_standby":false,"stock_local":0,"stock_global":374,"multiple":1,"estimated_date_reassort":null,"is_destocking":false},{"id":1116,"article_id":244424,"class_id":7,"name":"2XL","on_standby":false,"stock_local":0,"stock_global":120,"multiple":1,"estimated_date_reassort":null,"is_destocking":false},{"id":1081,"article_id":234981,"class_id":8,"name":"3XL","on_standby":false,"stock_local":0,"stock_global":34,"multiple":1,"estimated_date_reassort":null,"is_destocking":false}],"page_links":{"fr":"\/fr\/p-ka-k677-parka-doublure-matelassee-k677-1445\/beige-1344\/","en":"\/en\/p-ka-k677-parka-quilted-lining-k677-1445\/beige-1344\/","de":"\/de\/p-ka-k677-parkajacke-mit-gefutterter-steppung-k677-1445\/beige-1344\/","nl":"\/nl\/p-ka-k677-parkajas-met-inleg-matelassee-k677-1445\/beige-1344\/","es":"\/es\/p-ka-k677-chaqueta-parka-forrada-acolchada-k677-1445\/beige-1344\/","it":"\/it\/p-ka-k677-giacca-parka-imbottita-k677-1445\/beige-1344\/","sv":"\/sv\/p-ka-k677-parka-foderad-k677-1445\/beige-1344\/","pt":"\/pt\/p-ka-k677-parka-forro-acolchoado-k677-1445\/beige-1344\/","da":"\/da\/p-ka-k677-parka-med-pudset-foring-k677-1445\/beige-1344\/","pl":"\/pl\/p-ka-k677-kurtka-parka-z-podwiazka-k677-1445\/beige-1344\/"},"page_links_customization":{"fr":"\/fr\/p-ka-k677-parka-doublure-matelassee-k677-personnalisation-1445\/beige-1344\/custom\/","en":"\/en\/p-ka-k677-padded-lining-parka-k677-customization-1445\/beige-1344\/custom\/","de":"\/de\/p-ka-k677-gefutterte-parka-k677-personalisierung-1445\/beige-1344\/custom\/","nl":"\/nl\/p-ka-k677-gevulde-parkajacket-k677-personalisatie-1445\/beige-1344\/custom\/","es":"\/es\/p-ka-k677-abrigo-acolchado-k677-personalizacion-1445\/beige-1344\/custom\/","it":"\/it\/p-ka-k677-parka-con-imbottitura-matelassata-k677-personalizzazione-1445\/beige-1344\/custom\/","sv":"\/sv\/p-ka-k677-parka-med-foder-k677-personligbar-1445\/beige-1344\/custom\/","pt":"\/pt\/p-ka-k677-jaqueta-de-forro-acolchoado-k677-personalizacao-1445\/beige-1344\/custom\/","da":"\/da\/p-ka-k677-parka-fordoblet-k677-tilpasning-1445\/beige-1344\/custom\/","pl":"\/pl\/p-ka-k677-kurtka-z-wypelnieniem-k677-personalizacja-1445\/beige-1344\/custom\/"}},{"id":1257,"name":"chocolate","class_ids":[11],"codes_hexa":["3f2723"],"delai_24":false,"has_3d":true,"seuil_global":0,"stock_local":0,"stock_global":1372,"on_standby":false,"in_catalog":true,"images":{"miniature":["https:\/\/media.th4.com\/pOnu0Y3h3X05281V2vwykbx51QiHZgT3KsUIvOfekII\/pr:80\/aHR0cDovL21lZGlhMi5kZXNpZ25wYXJ0bmVyLmZyL2MvcC8xNDQ1LzE0NDUtMTI1Ny0xLmpwZw?v=1638344098","https:\/\/media.th4.com\/T3IMTJwBRDF9H_uMH7Y0FBjH3nv_noSQaz1FupGVEWc\/pr:80\/aHR0cDovL21lZGlhMi5kZXNpZ25wYXJ0bmVyLmZyL2MvcC8xNDQ1LzE0NDUtMTI1Ny0yLmpwZw?v=1638344097"],"medium":["https:\/\/media.th4.com\/Is1vQtnOztxhTlSiJXssPLyUsbKtNjxJsFTQxh9hA6Q\/pr:550x550\/aHR0cDovL21lZGlhMi5kZXNpZ25wYXJ0bmVyLmZyL2MvcC8xNDQ1LzE0NDUtMTI1Ny0xLmpwZw?v=1638344098","https:\/\/media.th4.com\/FalSYpirBeFdapgkDs2c84EwztLG6na0NFkrUqrtoeQ\/pr:550x550\/aHR0cDovL21lZGlhMi5kZXNpZ25wYXJ0bmVyLmZyL2MvcC8xNDQ1LzE0NDUtMTI1Ny0yLmpwZw?v=1638344097"],"medium_large":["https:\/\/media.th4.com\/UZv6-i2Csm0oL8ubJDU1fLp22vNR6OY5X3jWEkcqG6M\/pr:1000x1000\/aHR0cDovL21lZGlhMi5kZXNpZ25wYXJ0bmVyLmZyL2MvcC8xNDQ1LzE0NDUtMTI1Ny0xLmpwZw?v=1638344098","https:\/\/media.th4.com\/H-PfNF8Y6baDt9TCmt3PBHSgLZEsPp0kkb8fLgZV5LI\/pr:1000x1000\/aHR0cDovL21lZGlhMi5kZXNpZ25wYXJ0bmVyLmZyL2MvcC8xNDQ1LzE0NDUtMTI1Ny0yLmpwZw?v=1638344097"],"large":["https:\/\/media.th4.com\/8AK5dqetgLKo_OcNWjk3I-VYZ_GY0AZl9BwpMdKfEU4\/pr:1920\/aHR0cDovL21lZGlhMi5kZXNpZ25wYXJ0bmVyLmZyL2MvcC8xNDQ1LzE0NDUtMTI1Ny0xLmpwZw?v=1638344098","https:\/\/media.th4.com\/GPwZk2obrk4MaX4seKySH00LvAoHQaIOVsN6YcsGi8g\/pr:1920\/aHR0cDovL21lZGlhMi5kZXNpZ25wYXJ0bmVyLmZyL2MvcC8xNDQ1LzE0NDUtMTI1Ny0yLmpwZw?v=1638344097"],"opengraph":["https:\/\/media.th4.com\/5ikzZ4bhISCSRSvPh07N8s3EBqb4eO-ExviR32tGcX0\/pr:1200x630\/aHR0cDovL21lZGlhMi5kZXNpZ25wYXJ0bmVyLmZyL2MvcC8xNDQ1LzE0NDUtMTI1Ny0xLmpwZw?v=1638344098","https:\/\/media.th4.com\/4KbpFiHhFlC52Ao0DEgEE8_zlqKeehXnuwQhNKGD6Mo\/pr:1200x630\/aHR0cDovL21lZGlhMi5kZXNpZ25wYXJ0bmVyLmZyL2MvcC8xNDQ1LzE0NDUtMTI1Ny0yLmpwZw?v=1638344097"]},"images_customization":{"miniature":["https:\/\/media.th4.com\/202kpfU9pVPPzEAjrHPVO-3JxRmDss2CKB4vekn-QeQ\/pr:80\/aHR0cDovL21lZGlhMi5kZXNpZ25wYXJ0bmVyLmZyL2MvcC1zaG9wcGluZy1jdXN0b20tVEgvMTQ0NS8xNDQ1LTEyNTctMS5qcGc?v=1737555783"],"medium":["https:\/\/media.th4.com\/8Lk3EkaXcv1y7amG0XhpZrrPQ1wuzuCt1XZZeFkqWbM\/pr:550x550\/aHR0cDovL21lZGlhMi5kZXNpZ25wYXJ0bmVyLmZyL2MvcC1zaG9wcGluZy1jdXN0b20tVEgvMTQ0NS8xNDQ1LTEyNTctMS5qcGc?v=1737555783"],"medium_large":["https:\/\/media.th4.com\/u1W9mJtsvZmdCYMksBS9K1qPrNqgEAQheC1mmB4SYQU\/pr:1000x1000\/aHR0cDovL21lZGlhMi5kZXNpZ25wYXJ0bmVyLmZyL2MvcC1zaG9wcGluZy1jdXN0b20tVEgvMTQ0NS8xNDQ1LTEyNTctMS5qcGc?v=1737555783"],"large":["https:\/\/media.th4.com\/61p7MbF1YqXT4XtqB-6Or0Rp4pSnDdIXANdMU47CIU8\/pr:1920\/aHR0cDovL21lZGlhMi5kZXNpZ25wYXJ0bmVyLmZyL2MvcC1zaG9wcGluZy1jdXN0b20tVEgvMTQ0NS8xNDQ1LTEyNTctMS5qcGc?v=1737555783"],"opengraph":["https:\/\/media.th4.com\/JKBhPmv8PmmHp7YHo7nvPZAk__0T80MGRC9X6ESV1lA\/pr:1200x630\/aHR0cDovL21lZGlhMi5kZXNpZ25wYXJ0bmVyLmZyL2MvcC1zaG9wcGluZy1jdXN0b20tVEgvMTQ0NS8xNDQ1LTEyNTctMS5qcGc?v=1737555783"]},"country_origin":"CN","traceability":{"manufacturing_country_id":null,"weaving_country_id":null,"dyeing_country_id":null},"sizes":[{"id":5,"article_id":381356,"class_id":2,"name":"XS","on_standby":false,"stock_local":0,"stock_global":33,"multiple":1,"estimated_date_reassort":null,"is_destocking":false},{"id":3,"article_id":381357,"class_id":3,"name":"S","on_standby":false,"stock_local":0,"stock_global":98,"multiple":1,"estimated_date_reassort":null,"is_destocking":false},{"id":2,"article_id":381358,"class_id":4,"name":"M","on_standby":false,"stock_local":0,"stock_global":312,"multiple":1,"estimated_date_reassort":null,"is_destocking":false},{"id":1,"article_id":381359,"class_id":5,"name":"L","on_standby":false,"stock_local":0,"stock_global":416,"multiple":1,"estimated_date_reassort":null,"is_destocking":false},{"id":4,"article_id":381360,"class_id":6,"name":"XL","on_standby":false,"stock_local":0,"stock_global":316,"multiple":1,"estimated_date_reassort":null,"is_destocking":false},{"id":1116,"article_id":381361,"class_id":7,"name":"2XL","on_standby":false,"stock_local":0,"stock_global":121,"multiple":1,"estimated_date_reassort":null,"is_destocking":false},{"id":1081,"article_id":381362,"class_id":8,"name":"3XL","on_standby":false,"stock_local":0,"stock_global":51,"multiple":1,"estimated_date_reassort":null,"is_destocking":false},{"id":16,"article_id":381363,"class_id":9,"name":"4XL","on_standby":false,"stock_local":0,"stock_global":25,"multiple":1,"estimated_date_reassort":null,"is_destocking":false}],"page_links":{"fr":"\/fr\/p-ka-k677-parka-doublure-matelassee-k677-1445\/chocolate-1257\/","en":"\/en\/p-ka-k677-parka-quilted-lining-k677-1445\/chocolate-1257\/","de":"\/de\/p-ka-k677-parkajacke-mit-gefutterter-steppung-k677-1445\/chocolate-1257\/","nl":"\/nl\/p-ka-k677-parkajas-met-inleg-matelassee-k677-1445\/chocolate-1257\/","es":"\/es\/p-ka-k677-chaqueta-parka-forrada-acolchada-k677-1445\/chocolate-1257\/","it":"\/it\/p-ka-k677-giacca-parka-imbottita-k677-1445\/chocolate-1257\/","sv":"\/sv\/p-ka-k677-parka-foderad-k677-1445\/chocolate-1257\/","pt":"\/pt\/p-ka-k677-parka-forro-acolchoado-k677-1445\/chocolate-1257\/","da":"\/da\/p-ka-k677-parka-med-pudset-foring-k677-1445\/chocolate-1257\/","pl":"\/pl\/p-ka-k677-kurtka-parka-z-podwiazka-k677-1445\/chocolate-1257\/"},"page_links_customization":{"fr":"\/fr\/p-ka-k677-parka-doublure-matelassee-k677-personnalisation-1445\/chocolate-1257\/custom\/","en":"\/en\/p-ka-k677-padded-lining-parka-k677-customization-1445\/chocolate-1257\/custom\/","de":"\/de\/p-ka-k677-gefutterte-parka-k677-personalisierung-1445\/chocolate-1257\/custom\/","nl":"\/nl\/p-ka-k677-gevulde-parkajacket-k677-personalisatie-1445\/chocolate-1257\/custom\/","es":"\/es\/p-ka-k677-abrigo-acolchado-k677-personalizacion-1445\/chocolate-1257\/custom\/","it":"\/it\/p-ka-k677-parka-con-imbottitura-matelassata-k677-personalizzazione-1445\/chocolate-1257\/custom\/","sv":"\/sv\/p-ka-k677-parka-med-foder-k677-personligbar-1445\/chocolate-1257\/custom\/","pt":"\/pt\/p-ka-k677-jaqueta-de-forro-acolchoado-k677-personalizacao-1445\/chocolate-1257\/custom\/","da":"\/da\/p-ka-k677-parka-fordoblet-k677-tilpasning-1445\/chocolate-1257\/custom\/","pl":"\/pl\/p-ka-k677-kurtka-z-wypelnieniem-k677-personalizacja-1445\/chocolate-1257\/custom\/"}},{"id":3682,"name":"convoy_grey","class_ids":[3],"codes_hexa":["4e4f53"],"delai_24":false,"has_3d":true,"seuil_global":0,"stock_local":0,"stock_global":1324,"on_standby":false,"in_catalog":true,"images":{"miniature":["https:\/\/media.th4.com\/v2Y7Q9Y-pCqclsTKVdnKuFZ-4fOfMulyK-pX9El3vvI\/pr:80\/aHR0cDovL21lZGlhMi5kZXNpZ25wYXJ0bmVyLmZyL2MvcC8xNDQ1LzE0NDUtMzY4Mi0xLmpwZw?v=1638344100","https:\/\/media.th4.com\/n2ENHn_eSeloFXqhKzlMd2eyi3Jy9-uU5dxfmvkXjXg\/pr:80\/aHR0cDovL21lZGlhMi5kZXNpZ25wYXJ0bmVyLmZyL2MvcC8xNDQ1LzE0NDUtMzY4Mi0yLmpwZw?v=1638344100"],"medium":["https:\/\/media.th4.com\/aUoha5OJWcX7Dv2qEP5a2u7rZD0BRTbqjNqm82b5tB4\/pr:550x550\/aHR0cDovL21lZGlhMi5kZXNpZ25wYXJ0bmVyLmZyL2MvcC8xNDQ1LzE0NDUtMzY4Mi0xLmpwZw?v=1638344100","https:\/\/media.th4.com\/tXe-kQKqd85gDKWuPBHw6Y032IEIa1Z4cNCwq7yc0AI\/pr:550x550\/aHR0cDovL21lZGlhMi5kZXNpZ25wYXJ0bmVyLmZyL2MvcC8xNDQ1LzE0NDUtMzY4Mi0yLmpwZw?v=1638344100"],"medium_large":["https:\/\/media.th4.com\/Arb0sqN9IqtE_BP_PFFPIV3uqX00_MhfKRUKx_-3Jgc\/pr:1000x1000\/aHR0cDovL21lZGlhMi5kZXNpZ25wYXJ0bmVyLmZyL2MvcC8xNDQ1LzE0NDUtMzY4Mi0xLmpwZw?v=1638344100","https:\/\/media.th4.com\/mgm8ewHRs4JZMvSVDbo68OGGUrKqb6YwP5y9o-r_Lgg\/pr:1000x1000\/aHR0cDovL21lZGlhMi5kZXNpZ25wYXJ0bmVyLmZyL2MvcC8xNDQ1LzE0NDUtMzY4Mi0yLmpwZw?v=1638344100"],"large":["https:\/\/media.th4.com\/Mqaapt33c24idaY1YjBQrFwEHWgzBsXz_x2k9m85Khk\/pr:1920\/aHR0cDovL21lZGlhMi5kZXNpZ25wYXJ0bmVyLmZyL2MvcC8xNDQ1LzE0NDUtMzY4Mi0xLmpwZw?v=1638344100","https:\/\/media.th4.com\/VdICU5LxGhveobgz3cJolX8DbmDKd8x_mY4txyqPR7Q\/pr:1920\/aHR0cDovL21lZGlhMi5kZXNpZ25wYXJ0bmVyLmZyL2MvcC8xNDQ1LzE0NDUtMzY4Mi0yLmpwZw?v=1638344100"],"opengraph":["https:\/\/media.th4.com\/bzhFKPLevNCcIRB2yRbehqHwR2kJc7PqKagfSzISTD4\/pr:1200x630\/aHR0cDovL21lZGlhMi5kZXNpZ25wYXJ0bmVyLmZyL2MvcC8xNDQ1LzE0NDUtMzY4Mi0xLmpwZw?v=1638344100","https:\/\/media.th4.com\/c95Bbsdsotmm94_ZIYgW5lOkWYEJUboR8UNXfCDtO4c\/pr:1200x630\/aHR0cDovL21lZGlhMi5kZXNpZ25wYXJ0bmVyLmZyL2MvcC8xNDQ1LzE0NDUtMzY4Mi0yLmpwZw?v=1638344100"]},"images_customization":{"miniature":["https:\/\/media.th4.com\/YgFThU1UeuOYmt6BmIle7noRtP-aArzLSX1cefW4V4A\/pr:80\/aHR0cDovL21lZGlhMi5kZXNpZ25wYXJ0bmVyLmZyL2MvcC1zaG9wcGluZy1jdXN0b20tVEgvMTQ0NS8xNDQ1LTM2ODItMS5qcGc?v=1737555783","https:\/\/media.th4.com\/PmdjpY4NyhReIJALrCHa1EmZtmEYvoJjJ5CF58rHvaw\/pr:80\/aHR0cDovL21lZGlhMi5kZXNpZ25wYXJ0bmVyLmZyL2MvcC1zaG9wcGluZy1jdXN0b20tVEgvMTQ0NS8xNDQ1LTM2ODItMi5qcGc?v=1737555782"],"medium":["https:\/\/media.th4.com\/KlV50OjVodQidXG1UUkE3JqNMsMRga6wt9gkfJij3E0\/pr:550x550\/aHR0cDovL21lZGlhMi5kZXNpZ25wYXJ0bmVyLmZyL2MvcC1zaG9wcGluZy1jdXN0b20tVEgvMTQ0NS8xNDQ1LTM2ODItMS5qcGc?v=1737555783","https:\/\/media.th4.com\/2r920vStN3PWjKlm8eFmnrSy0-63x8AywwJqZMejOVI\/pr:550x550\/aHR0cDovL21lZGlhMi5kZXNpZ25wYXJ0bmVyLmZyL2MvcC1zaG9wcGluZy1jdXN0b20tVEgvMTQ0NS8xNDQ1LTM2ODItMi5qcGc?v=1737555782"],"medium_large":["https:\/\/media.th4.com\/kBmY0Kv3PmQ3wzk7JunzfcezXvLlloqiYaH9tPX55v8\/pr:1000x1000\/aHR0cDovL21lZGlhMi5kZXNpZ25wYXJ0bmVyLmZyL2MvcC1zaG9wcGluZy1jdXN0b20tVEgvMTQ0NS8xNDQ1LTM2ODItMS5qcGc?v=1737555783","https:\/\/media.th4.com\/cz7K3MfPU9RRAtPnohlihRoKhtKDqCIXLjkF7TbVUV4\/pr:1000x1000\/aHR0cDovL21lZGlhMi5kZXNpZ25wYXJ0bmVyLmZyL2MvcC1zaG9wcGluZy1jdXN0b20tVEgvMTQ0NS8xNDQ1LTM2ODItMi5qcGc?v=1737555782"],"large":["https:\/\/media.th4.com\/eUPAidrAkmR90bxw4Xqw10jkRqD5sfdlJ_EYswvDSSU\/pr:1920\/aHR0cDovL21lZGlhMi5kZXNpZ25wYXJ0bmVyLmZyL2MvcC1zaG9wcGluZy1jdXN0b20tVEgvMTQ0NS8xNDQ1LTM2ODItMS5qcGc?v=1737555783","https:\/\/media.th4.com\/DqEqnWmKIsFoFnY5y9xen8EjavilpS3MY9tV4XLJx-s\/pr:1920\/aHR0cDovL21lZGlhMi5kZXNpZ25wYXJ0bmVyLmZyL2MvcC1zaG9wcGluZy1jdXN0b20tVEgvMTQ0NS8xNDQ1LTM2ODItMi5qcGc?v=1737555782"],"opengraph":["https:\/\/media.th4.com\/Zv3QetNRbmBZLM0x732eUyl9k7tG6l3Ne73dlrIJ_xE\/pr:1200x630\/aHR0cDovL21lZGlhMi5kZXNpZ25wYXJ0bmVyLmZyL2MvcC1zaG9wcGluZy1jdXN0b20tVEgvMTQ0NS8xNDQ1LTM2ODItMS5qcGc?v=1737555783","https:\/\/media.th4.com\/k-ffjsIbeyV9e6BdZ6UqmqjWhNDUe3uO24tHl_Sijo4\/pr:1200x630\/aHR0cDovL21lZGlhMi5kZXNpZ25wYXJ0bmVyLmZyL2MvcC1zaG9wcGluZy1jdXN0b20tVEgvMTQ0NS8xNDQ1LTM2ODItMi5qcGc?v=1737555782"]},"country_origin":"CN","traceability":{"manufacturing_country_id":null,"weaving_country_id":null,"dyeing_country_id":null},"sizes":[{"id":5,"article_id":109709,"class_id":2,"name":"XS","on_standby":false,"stock_local":0,"stock_global":23,"multiple":1,"estimated_date_reassort":null,"is_destocking":false},{"id":3,"article_id":109707,"class_id":3,"name":"S","on_standby":false,"stock_local":0,"stock_global":117,"multiple":1,"estimated_date_reassort":null,"is_destocking":false},{"id":2,"article_id":109706,"class_id":4,"name":"M","on_standby":false,"stock_local":0,"stock_global":251,"multiple":1,"estimated_date_reassort":null,"is_destocking":false},{"id":1,"article_id":109705,"class_id":5,"name":"L","on_standby":false,"stock_local":0,"stock_global":420,"multiple":1,"estimated_date_reassort":null,"is_destocking":false},{"id":4,"article_id":109708,"class_id":6,"name":"XL","on_standby":false,"stock_local":0,"stock_global":242,"multiple":1,"estimated_date_reassort":null,"is_destocking":false},{"id":1116,"article_id":248873,"class_id":7,"name":"2XL","on_standby":false,"stock_local":0,"stock_global":225,"multiple":1,"estimated_date_reassort":null,"is_destocking":false},{"id":1081,"article_id":236313,"class_id":8,"name":"3XL","on_standby":false,"stock_local":0,"stock_global":46,"multiple":1,"estimated_date_reassort":null,"is_destocking":false}],"page_links":{"fr":"\/fr\/p-ka-k677-parka-doublure-matelassee-k677-1445\/convoy-grey-3682\/","en":"\/en\/p-ka-k677-parka-quilted-lining-k677-1445\/convoy-grey-3682\/","de":"\/de\/p-ka-k677-parkajacke-mit-gefutterter-steppung-k677-1445\/convoy-grey-3682\/","nl":"\/nl\/p-ka-k677-parkajas-met-inleg-matelassee-k677-1445\/convoy-grey-3682\/","es":"\/es\/p-ka-k677-chaqueta-parka-forrada-acolchada-k677-1445\/convoy-grey-3682\/","it":"\/it\/p-ka-k677-giacca-parka-imbottita-k677-1445\/convoy-grey-3682\/","sv":"\/sv\/p-ka-k677-parka-foderad-k677-1445\/convoy-grey-3682\/","pt":"\/pt\/p-ka-k677-parka-forro-acolchoado-k677-1445\/convoy-grey-3682\/","da":"\/da\/p-ka-k677-parka-med-pudset-foring-k677-1445\/convoy-grey-3682\/","pl":"\/pl\/p-ka-k677-kurtka-parka-z-podwiazka-k677-1445\/convoy-grey-3682\/"},"page_links_customization":{"fr":"\/fr\/p-ka-k677-parka-doublure-matelassee-k677-personnalisation-1445\/convoy-grey-3682\/custom\/","en":"\/en\/p-ka-k677-padded-lining-parka-k677-customization-1445\/convoy-grey-3682\/custom\/","de":"\/de\/p-ka-k677-gefutterte-parka-k677-personalisierung-1445\/convoy-grey-3682\/custom\/","nl":"\/nl\/p-ka-k677-gevulde-parkajacket-k677-personalisatie-1445\/convoy-grey-3682\/custom\/","es":"\/es\/p-ka-k677-abrigo-acolchado-k677-personalizacion-1445\/convoy-grey-3682\/custom\/","it":"\/it\/p-ka-k677-parka-con-imbottitura-matelassata-k677-personalizzazione-1445\/convoy-grey-3682\/custom\/","sv":"\/sv\/p-ka-k677-parka-med-foder-k677-personligbar-1445\/convoy-grey-3682\/custom\/","pt":"\/pt\/p-ka-k677-jaqueta-de-forro-acolchoado-k677-personalizacao-1445\/convoy-grey-3682\/custom\/","da":"\/da\/p-ka-k677-parka-fordoblet-k677-tilpasning-1445\/convoy-grey-3682\/custom\/","pl":"\/pl\/p-ka-k677-kurtka-z-wypelnieniem-k677-personalizacja-1445\/convoy-grey-3682\/custom\/"}},{"id":1258,"name":"forest_green","class_ids":[5],"codes_hexa":["214332"],"delai_24":false,"has_3d":true,"seuil_global":0,"stock_local":0,"stock_global":1060,"on_standby":false,"in_catalog":true,"images":{"miniature":["https:\/\/media.th4.com\/83GLRF-kj27-N33OwM8l39DZ0qyey-d7j4iWmt4pUIo\/pr:80\/aHR0cDovL21lZGlhMi5kZXNpZ25wYXJ0bmVyLmZyL2MvcC8xNDQ1LzE0NDUtMTI1OC0xLmpwZw?v=1638344098","https:\/\/media.th4.com\/BT0UcOVWwf59bD4Plj318xo1E6_JUJdn59xoDnEQQAw\/pr:80\/aHR0cDovL21lZGlhMi5kZXNpZ25wYXJ0bmVyLmZyL2MvcC8xNDQ1LzE0NDUtMTI1OC0yLmpwZw?v=1638344098"],"medium":["https:\/\/media.th4.com\/IcOMKsBTTPFihqe4SP7ht6sRDLJCP4PMS7Dx_IA96BY\/pr:550x550\/aHR0cDovL21lZGlhMi5kZXNpZ25wYXJ0bmVyLmZyL2MvcC8xNDQ1LzE0NDUtMTI1OC0xLmpwZw?v=1638344098","https:\/\/media.th4.com\/OPBe9sm4Z2olk18KUEwJ7t2qcIaPY4Sbtos_JOUSDVY\/pr:550x550\/aHR0cDovL21lZGlhMi5kZXNpZ25wYXJ0bmVyLmZyL2MvcC8xNDQ1LzE0NDUtMTI1OC0yLmpwZw?v=1638344098"],"medium_large":["https:\/\/media.th4.com\/nxSp0VAiR8Eq2igFQBqJCxrFMRctEmr0CXR4P7f3blk\/pr:1000x1000\/aHR0cDovL21lZGlhMi5kZXNpZ25wYXJ0bmVyLmZyL2MvcC8xNDQ1LzE0NDUtMTI1OC0xLmpwZw?v=1638344098","https:\/\/media.th4.com\/cgRi_R7MSle5H-cWHG0pH7Tjb4OZJ3-g0AYMgT282VY\/pr:1000x1000\/aHR0cDovL21lZGlhMi5kZXNpZ25wYXJ0bmVyLmZyL2MvcC8xNDQ1LzE0NDUtMTI1OC0yLmpwZw?v=1638344098"],"large":["https:\/\/media.th4.com\/rlx7X3R8INzZsJe7czVkQSDuE-Chv9JC3TPPcJotiVY\/pr:1920\/aHR0cDovL21lZGlhMi5kZXNpZ25wYXJ0bmVyLmZyL2MvcC8xNDQ1LzE0NDUtMTI1OC0xLmpwZw?v=1638344098","https:\/\/media.th4.com\/nxAib28UdHLnXZJR9I-sdNnol4O0_Rna0LAzsFb3gws\/pr:1920\/aHR0cDovL21lZGlhMi5kZXNpZ25wYXJ0bmVyLmZyL2MvcC8xNDQ1LzE0NDUtMTI1OC0yLmpwZw?v=1638344098"],"opengraph":["https:\/\/media.th4.com\/jf1skYJt50boeY4D-tIYg0ISaEWRxq1_usTWxMQ5DkU\/pr:1200x630\/aHR0cDovL21lZGlhMi5kZXNpZ25wYXJ0bmVyLmZyL2MvcC8xNDQ1LzE0NDUtMTI1OC0xLmpwZw?v=1638344098","https:\/\/media.th4.com\/pq2nvquAbAH7q22_d3ypgWTjkxehQX_1DOtJfaB9uIw\/pr:1200x630\/aHR0cDovL21lZGlhMi5kZXNpZ25wYXJ0bmVyLmZyL2MvcC8xNDQ1LzE0NDUtMTI1OC0yLmpwZw?v=1638344098"]},"images_customization":{"miniature":["https:\/\/media.th4.com\/yc9dBYWLnvw2fXz6ZoA1bUjb2T5HDQ1IPH0nQzkM8W8\/pr:80\/aHR0cDovL21lZGlhMi5kZXNpZ25wYXJ0bmVyLmZyL2MvcC1zaG9wcGluZy1jdXN0b20tVEgvMTQ0NS8xNDQ1LTEyNTgtMS5qcGc?v=1737555782"],"medium":["https:\/\/media.th4.com\/W7G9VBGx2m047wvpDHxYrHwCJ62w-Zmq8fjVk4CXTDY\/pr:550x550\/aHR0cDovL21lZGlhMi5kZXNpZ25wYXJ0bmVyLmZyL2MvcC1zaG9wcGluZy1jdXN0b20tVEgvMTQ0NS8xNDQ1LTEyNTgtMS5qcGc?v=1737555782"],"medium_large":["https:\/\/media.th4.com\/-dN8ijv_ymwgjLIb5Azx4J8lzjSPTqin0gH1DHm1V74\/pr:1000x1000\/aHR0cDovL21lZGlhMi5kZXNpZ25wYXJ0bmVyLmZyL2MvcC1zaG9wcGluZy1jdXN0b20tVEgvMTQ0NS8xNDQ1LTEyNTgtMS5qcGc?v=1737555782"],"large":["https:\/\/media.th4.com\/0I4AxKwVbNH3FyCrssA_BVtP6CAkQmTp94GE3p6NG-I\/pr:1920\/aHR0cDovL21lZGlhMi5kZXNpZ25wYXJ0bmVyLmZyL2MvcC1zaG9wcGluZy1jdXN0b20tVEgvMTQ0NS8xNDQ1LTEyNTgtMS5qcGc?v=1737555782"],"opengraph":["https:\/\/media.th4.com\/KZ0pq8hAkc8EGAhBQIelXbJBqY4E7KFl0DE6Kvh6Y8s\/pr:1200x630\/aHR0cDovL21lZGlhMi5kZXNpZ25wYXJ0bmVyLmZyL2MvcC1zaG9wcGluZy1jdXN0b20tVEgvMTQ0NS8xNDQ1LTEyNTgtMS5qcGc?v=1737555782"]},"country_origin":"CN","traceability":{"manufacturing_country_id":null,"weaving_country_id":null,"dyeing_country_id":null},"sizes":[{"id":5,"article_id":36184,"class_id":2,"name":"XS","on_standby":false,"stock_local":0,"stock_global":57,"multiple":1,"estimated_date_reassort":null,"is_destocking":false},{"id":3,"article_id":36185,"class_id":3,"name":"S","on_standby":false,"stock_local":0,"stock_global":142,"multiple":1,"estimated_date_reassort":null,"is_destocking":false},{"id":2,"article_id":36186,"class_id":4,"name":"M","on_standby":false,"stock_local":0,"stock_global":263,"multiple":1,"estimated_date_reassort":null,"is_destocking":false},{"id":1,"article_id":36187,"class_id":5,"name":"L","on_standby":false,"stock_local":0,"stock_global":190,"multiple":1,"estimated_date_reassort":null,"is_destocking":false},{"id":4,"article_id":36188,"class_id":6,"name":"XL","on_standby":false,"stock_local":0,"stock_global":164,"multiple":1,"estimated_date_reassort":null,"is_destocking":false},{"id":1116,"article_id":244432,"class_id":7,"name":"2XL","on_standby":false,"stock_local":0,"stock_global":128,"multiple":1,"estimated_date_reassort":null,"is_destocking":false},{"id":1081,"article_id":234988,"class_id":8,"name":"3XL","on_standby":false,"stock_local":0,"stock_global":116,"multiple":1,"estimated_date_reassort":null,"is_destocking":false}],"page_links":{"fr":"\/fr\/p-ka-k677-parka-doublure-matelassee-k677-1445\/forest-green-1258\/","en":"\/en\/p-ka-k677-parka-quilted-lining-k677-1445\/forest-green-1258\/","de":"\/de\/p-ka-k677-parkajacke-mit-gefutterter-steppung-k677-1445\/forest-green-1258\/","nl":"\/nl\/p-ka-k677-parkajas-met-inleg-matelassee-k677-1445\/forest-green-1258\/","es":"\/es\/p-ka-k677-chaqueta-parka-forrada-acolchada-k677-1445\/forest-green-1258\/","it":"\/it\/p-ka-k677-giacca-parka-imbottita-k677-1445\/forest-green-1258\/","sv":"\/sv\/p-ka-k677-parka-foderad-k677-1445\/forest-green-1258\/","pt":"\/pt\/p-ka-k677-parka-forro-acolchoado-k677-1445\/forest-green-1258\/","da":"\/da\/p-ka-k677-parka-med-pudset-foring-k677-1445\/forest-green-1258\/","pl":"\/pl\/p-ka-k677-kurtka-parka-z-podwiazka-k677-1445\/forest-green-1258\/"},"page_links_customization":{"fr":"\/fr\/p-ka-k677-parka-doublure-matelassee-k677-personnalisation-1445\/forest-green-1258\/custom\/","en":"\/en\/p-ka-k677-padded-lining-parka-k677-customization-1445\/forest-green-1258\/custom\/","de":"\/de\/p-ka-k677-gefutterte-parka-k677-personalisierung-1445\/forest-green-1258\/custom\/","nl":"\/nl\/p-ka-k677-gevulde-parkajacket-k677-personalisatie-1445\/forest-green-1258\/custom\/","es":"\/es\/p-ka-k677-abrigo-acolchado-k677-personalizacion-1445\/forest-green-1258\/custom\/","it":"\/it\/p-ka-k677-parka-con-imbottitura-matelassata-k677-personalizzazione-1445\/forest-green-1258\/custom\/","sv":"\/sv\/p-ka-k677-parka-med-foder-k677-personligbar-1445\/forest-green-1258\/custom\/","pt":"\/pt\/p-ka-k677-jaqueta-de-forro-acolchoado-k677-personalizacao-1445\/forest-green-1258\/custom\/","da":"\/da\/p-ka-k677-parka-fordoblet-k677-tilpasning-1445\/forest-green-1258\/custom\/","pl":"\/pl\/p-ka-k677-kurtka-z-wypelnieniem-k677-personalizacja-1445\/forest-green-1258\/custom\/"}},{"id":16614,"name":"deep_khaki","class_ids":[5],"codes_hexa":["A09877"],"delai_24":false,"has_3d":true,"seuil_global":0,"stock_local":0,"stock_global":760,"on_standby":false,"in_catalog":true,"images":{"miniature":["https:\/\/media.th4.com\/hN86SGHqw2IIL0J046rxE-n-x1Ldl2oIrtPUl1XioMI\/pr:80\/aHR0cDovL21lZGlhMi5kZXNpZ25wYXJ0bmVyLmZyL2MvcC8xNDQ1LzE0NDUtMTY2MTQtMS5qcGc?v=1696935578","https:\/\/media.th4.com\/6JlewVPy7RRwWIDXljbOanLSV2iI_wuTHYCsYXNPr7Y\/pr:80\/aHR0cDovL21lZGlhMi5kZXNpZ25wYXJ0bmVyLmZyL2MvcC8xNDQ1LzE0NDUtMTY2MTQtMi5qcGc?v=1696935580","https:\/\/media.th4.com\/d1osWxvjSgRzXvLlRySEhA1SlRThCFbwujHd1lE7nBg\/pr:80\/aHR0cDovL21lZGlhMi5kZXNpZ25wYXJ0bmVyLmZyL2MvcC8xNDQ1LzE0NDUtMTY2MTQtMy5qcGc?v=1696935581"],"medium":["https:\/\/media.th4.com\/Kt7i9KrHGwlvW8bYF9XOvcDYlSeUaACgRQuz_DFTcu8\/pr:550x550\/aHR0cDovL21lZGlhMi5kZXNpZ25wYXJ0bmVyLmZyL2MvcC8xNDQ1LzE0NDUtMTY2MTQtMS5qcGc?v=1696935578","https:\/\/media.th4.com\/8AtIoE63IuyMNxsLqNC8_jVbnoXVvVCAvDP2OpA0wdQ\/pr:550x550\/aHR0cDovL21lZGlhMi5kZXNpZ25wYXJ0bmVyLmZyL2MvcC8xNDQ1LzE0NDUtMTY2MTQtMi5qcGc?v=1696935580","https:\/\/media.th4.com\/BJ3N0EWf8Z8eQKI3yRI_zwzG6NN8WrvchaEWwo4fqps\/pr:550x550\/aHR0cDovL21lZGlhMi5kZXNpZ25wYXJ0bmVyLmZyL2MvcC8xNDQ1LzE0NDUtMTY2MTQtMy5qcGc?v=1696935581"],"medium_large":["https:\/\/media.th4.com\/rjpTgbG4QIt33JrSnbmFJFtfdLNAM313lJULxy9F_mE\/pr:1000x1000\/aHR0cDovL21lZGlhMi5kZXNpZ25wYXJ0bmVyLmZyL2MvcC8xNDQ1LzE0NDUtMTY2MTQtMS5qcGc?v=1696935578","https:\/\/media.th4.com\/VthNwvakCd1_kNXqHqCW3zZqUOi3I1ZkiLVespj-r7E\/pr:1000x1000\/aHR0cDovL21lZGlhMi5kZXNpZ25wYXJ0bmVyLmZyL2MvcC8xNDQ1LzE0NDUtMTY2MTQtMi5qcGc?v=1696935580","https:\/\/media.th4.com\/20MKG9NLhC-eQYfup6mi_u9zhJtCTRL03cvhgchgKGc\/pr:1000x1000\/aHR0cDovL21lZGlhMi5kZXNpZ25wYXJ0bmVyLmZyL2MvcC8xNDQ1LzE0NDUtMTY2MTQtMy5qcGc?v=1696935581"],"large":["https:\/\/media.th4.com\/nJx0Lxjt3kdkInFC37_uuKHza7liTom2VU9oPMlQmx0\/pr:1920\/aHR0cDovL21lZGlhMi5kZXNpZ25wYXJ0bmVyLmZyL2MvcC8xNDQ1LzE0NDUtMTY2MTQtMS5qcGc?v=1696935578","https:\/\/media.th4.com\/QoVrh6wW42eVNbnXyrxuUB3btfFBencKpCRZJZhrPhU\/pr:1920\/aHR0cDovL21lZGlhMi5kZXNpZ25wYXJ0bmVyLmZyL2MvcC8xNDQ1LzE0NDUtMTY2MTQtMi5qcGc?v=1696935580","https:\/\/media.th4.com\/qBVqq8bmjW8nDPOi938dsMZvDpeBI_xVE3wgY2z_C9s\/pr:1920\/aHR0cDovL21lZGlhMi5kZXNpZ25wYXJ0bmVyLmZyL2MvcC8xNDQ1LzE0NDUtMTY2MTQtMy5qcGc?v=1696935581"],"opengraph":["https:\/\/media.th4.com\/DWfat8O80ERIcq9eokOXaj3DLgn29HSOP8GRe1SVeFA\/pr:1200x630\/aHR0cDovL21lZGlhMi5kZXNpZ25wYXJ0bmVyLmZyL2MvcC8xNDQ1LzE0NDUtMTY2MTQtMS5qcGc?v=1696935578","https:\/\/media.th4.com\/rbDMHrX4920DAYtjZ2yhavMDE9GR-J3cvoz5cuZnHu0\/pr:1200x630\/aHR0cDovL21lZGlhMi5kZXNpZ25wYXJ0bmVyLmZyL2MvcC8xNDQ1LzE0NDUtMTY2MTQtMi5qcGc?v=1696935580","https:\/\/media.th4.com\/9WYJlkhwW5G6FW2uUqNLvkUx1-Mg0kuKtn6ImLtxFm8\/pr:1200x630\/aHR0cDovL21lZGlhMi5kZXNpZ25wYXJ0bmVyLmZyL2MvcC8xNDQ1LzE0NDUtMTY2MTQtMy5qcGc?v=1696935581"]},"images_customization":{"miniature":["https:\/\/media.th4.com\/p9UcYkOQ67j6bz5defe36O7F0AirNqmx6ZoBe-9K9Dw\/pr:80\/aHR0cDovL21lZGlhMi5kZXNpZ25wYXJ0bmVyLmZyL2MvcC1zaG9wcGluZy1jdXN0b20tVEgvMTQ0NS8xNDQ1LTE2NjE0LTEuanBn?v=1737555783"],"medium":["https:\/\/media.th4.com\/LEU-EdyPUEwy2F1NKj7qnLP8-CBvGDbE510HgXIHkWk\/pr:550x550\/aHR0cDovL21lZGlhMi5kZXNpZ25wYXJ0bmVyLmZyL2MvcC1zaG9wcGluZy1jdXN0b20tVEgvMTQ0NS8xNDQ1LTE2NjE0LTEuanBn?v=1737555783"],"medium_large":["https:\/\/media.th4.com\/IggMEZY9bk8racW-wN4lUGn59Be47TPRtOE2buYhaL0\/pr:1000x1000\/aHR0cDovL21lZGlhMi5kZXNpZ25wYXJ0bmVyLmZyL2MvcC1zaG9wcGluZy1jdXN0b20tVEgvMTQ0NS8xNDQ1LTE2NjE0LTEuanBn?v=1737555783"],"large":["https:\/\/media.th4.com\/0S7aNJ5jd3QDZ5BvZGhApi7bdy7Vqz9oSZDbr5EpSYM\/pr:1920\/aHR0cDovL21lZGlhMi5kZXNpZ25wYXJ0bmVyLmZyL2MvcC1zaG9wcGluZy1jdXN0b20tVEgvMTQ0NS8xNDQ1LTE2NjE0LTEuanBn?v=1737555783"],"opengraph":["https:\/\/media.th4.com\/kOOG__MxiXKfskgcOZyN7l9cCXs7bPEtS3M_7vlvs7c\/pr:1200x630\/aHR0cDovL21lZGlhMi5kZXNpZ25wYXJ0bmVyLmZyL2MvcC1zaG9wcGluZy1jdXN0b20tVEgvMTQ0NS8xNDQ1LTE2NjE0LTEuanBn?v=1737555783"]},"country_origin":"CN","traceability":{"manufacturing_country_id":null,"weaving_country_id":null,"dyeing_country_id":null},"sizes":[{"id":5,"article_id":430012,"class_id":2,"name":"XS","on_standby":false,"stock_local":0,"stock_global":63,"multiple":1,"estimated_date_reassort":null,"is_destocking":false},{"id":3,"article_id":430014,"class_id":3,"name":"S","on_standby":false,"stock_local":0,"stock_global":31,"multiple":1,"estimated_date_reassort":null,"is_destocking":false},{"id":2,"article_id":430016,"class_id":4,"name":"M","on_standby":false,"stock_local":0,"stock_global":135,"multiple":1,"estimated_date_reassort":null,"is_destocking":false},{"id":1,"article_id":430018,"class_id":5,"name":"L","on_standby":false,"stock_local":0,"stock_global":171,"multiple":1,"estimated_date_reassort":null,"is_destocking":false},{"id":4,"article_id":430020,"class_id":6,"name":"XL","on_standby":false,"stock_local":0,"stock_global":128,"multiple":1,"estimated_date_reassort":null,"is_destocking":false},{"id":1116,"article_id":430022,"class_id":7,"name":"2XL","on_standby":false,"stock_local":0,"stock_global":64,"multiple":1,"estimated_date_reassort":null,"is_destocking":false},{"id":1081,"article_id":430024,"class_id":8,"name":"3XL","on_standby":false,"stock_local":1,"stock_global":95,"multiple":1,"estimated_date_reassort":null,"is_destocking":true},{"id":16,"article_id":430026,"class_id":9,"name":"4XL","on_standby":false,"stock_local":0,"stock_global":73,"multiple":1,"estimated_date_reassort":null,"is_destocking":false}],"page_links":{"fr":"\/fr\/p-ka-k677-parka-doublure-matelassee-k677-1445\/deep-khaki-16614\/","en":"\/en\/p-ka-k677-parka-quilted-lining-k677-1445\/deep-khaki-16614\/","de":"\/de\/p-ka-k677-parkajacke-mit-gefutterter-steppung-k677-1445\/deep-khaki-16614\/","nl":"\/nl\/p-ka-k677-parkajas-met-inleg-matelassee-k677-1445\/deep-khaki-16614\/","es":"\/es\/p-ka-k677-chaqueta-parka-forrada-acolchada-k677-1445\/deep-khaki-16614\/","it":"\/it\/p-ka-k677-giacca-parka-imbottita-k677-1445\/deep-khaki-16614\/","sv":"\/sv\/p-ka-k677-parka-foderad-k677-1445\/deep-khaki-16614\/","pt":"\/pt\/p-ka-k677-parka-forro-acolchoado-k677-1445\/deep-khaki-16614\/","da":"\/da\/p-ka-k677-parka-med-pudset-foring-k677-1445\/deep-khaki-16614\/","pl":"\/pl\/p-ka-k677-kurtka-parka-z-podwiazka-k677-1445\/deep-khaki-16614\/"},"page_links_customization":{"fr":"\/fr\/p-ka-k677-parka-doublure-matelassee-k677-personnalisation-1445\/deep-khaki-16614\/custom\/","en":"\/en\/p-ka-k677-padded-lining-parka-k677-customization-1445\/deep-khaki-16614\/custom\/","de":"\/de\/p-ka-k677-gefutterte-parka-k677-personalisierung-1445\/deep-khaki-16614\/custom\/","nl":"\/nl\/p-ka-k677-gevulde-parkajacket-k677-personalisatie-1445\/deep-khaki-16614\/custom\/","es":"\/es\/p-ka-k677-abrigo-acolchado-k677-personalizacion-1445\/deep-khaki-16614\/custom\/","it":"\/it\/p-ka-k677-parka-con-imbottitura-matelassata-k677-personalizzazione-1445\/deep-khaki-16614\/custom\/","sv":"\/sv\/p-ka-k677-parka-med-foder-k677-personligbar-1445\/deep-khaki-16614\/custom\/","pt":"\/pt\/p-ka-k677-jaqueta-de-forro-acolchoado-k677-personalizacao-1445\/deep-khaki-16614\/custom\/","da":"\/da\/p-ka-k677-parka-fordoblet-k677-tilpasning-1445\/deep-khaki-16614\/custom\/","pl":"\/pl\/p-ka-k677-kurtka-z-wypelnieniem-k677-personalizacja-1445\/deep-khaki-16614\/custom\/"}},{"id":1343,"name":"yellow","class_ids":[12],"codes_hexa":["fed201"],"delai_24":false,"has_3d":true,"seuil_global":0,"stock_local":0,"stock_global":153,"on_standby":false,"in_catalog":true,"images":{"miniature":["https:\/\/media.th4.com\/zzmZLGqeBCSmO_vV0D-nASg-WnzvsaMIQegfbLyYlVU\/pr:80\/aHR0cDovL21lZGlhMi5kZXNpZ25wYXJ0bmVyLmZyL2MvcC8xNDQ1LzE0NDUtMTM0My0xLmpwZw?v=1638344099","https:\/\/media.th4.com\/Oejjl6QaRFGQ70zCaxof8c7BxiutJO4ukCioI2mWMGg\/pr:80\/aHR0cDovL21lZGlhMi5kZXNpZ25wYXJ0bmVyLmZyL2MvcC8xNDQ1LzE0NDUtMTM0My0yLmpwZw?v=1638344099"],"medium":["https:\/\/media.th4.com\/BZY4qwgylCf-YHaDsUz87293YyVzrbgdb_Q-pAHJpY4\/pr:550x550\/aHR0cDovL21lZGlhMi5kZXNpZ25wYXJ0bmVyLmZyL2MvcC8xNDQ1LzE0NDUtMTM0My0xLmpwZw?v=1638344099","https:\/\/media.th4.com\/Hk1tkyTJTTtNPJdh4fV_tU7tQzURdCe4zrfklFjb-YA\/pr:550x550\/aHR0cDovL21lZGlhMi5kZXNpZ25wYXJ0bmVyLmZyL2MvcC8xNDQ1LzE0NDUtMTM0My0yLmpwZw?v=1638344099"],"medium_large":["https:\/\/media.th4.com\/5JMq6DzY8y3qWSFEc27baTM2vcyNBc_706AYGDD_O0U\/pr:1000x1000\/aHR0cDovL21lZGlhMi5kZXNpZ25wYXJ0bmVyLmZyL2MvcC8xNDQ1LzE0NDUtMTM0My0xLmpwZw?v=1638344099","https:\/\/media.th4.com\/jJWLwLNwQqBhbviyq1N8LUTmxQEXWXOy1u1-8rT6leA\/pr:1000x1000\/aHR0cDovL21lZGlhMi5kZXNpZ25wYXJ0bmVyLmZyL2MvcC8xNDQ1LzE0NDUtMTM0My0yLmpwZw?v=1638344099"],"large":["https:\/\/media.th4.com\/F33MxN0G2IT2Dn16WOxfYnrOarJgkoDcWTk04ob-zfU\/pr:1920\/aHR0cDovL21lZGlhMi5kZXNpZ25wYXJ0bmVyLmZyL2MvcC8xNDQ1LzE0NDUtMTM0My0xLmpwZw?v=1638344099","https:\/\/media.th4.com\/qL68wUcdaSOfliWgE2MKaHKxNnriOWJNhYO8tZefGmg\/pr:1920\/aHR0cDovL21lZGlhMi5kZXNpZ25wYXJ0bmVyLmZyL2MvcC8xNDQ1LzE0NDUtMTM0My0yLmpwZw?v=1638344099"],"opengraph":["https:\/\/media.th4.com\/tOAY3U6XIjkfFf_coAbGMtK0evfIlBZ9FQgRWo7opQU\/pr:1200x630\/aHR0cDovL21lZGlhMi5kZXNpZ25wYXJ0bmVyLmZyL2MvcC8xNDQ1LzE0NDUtMTM0My0xLmpwZw?v=1638344099","https:\/\/media.th4.com\/ZXgtQvvmFkVQPCRajykMK8slpngxrG-dg_jU-nvRAQE\/pr:1200x630\/aHR0cDovL21lZGlhMi5kZXNpZ25wYXJ0bmVyLmZyL2MvcC8xNDQ1LzE0NDUtMTM0My0yLmpwZw?v=1638344099"]},"images_customization":{"miniature":["https:\/\/media.th4.com\/tOI9fdCgBsh6TlUqExSOJl_O0BiYXNTIfZd6YFt-Y1Q\/pr:80\/aHR0cDovL21lZGlhMi5kZXNpZ25wYXJ0bmVyLmZyL2MvcC1zaG9wcGluZy1jdXN0b20tVEgvMTQ0NS8xNDQ1LTEzNDMtMS5qcGc?v=1737555782"],"medium":["https:\/\/media.th4.com\/KhYS_Io2-yfEU14Nqe1A-PQ__B7jWegYutHNfJ9p49k\/pr:550x550\/aHR0cDovL21lZGlhMi5kZXNpZ25wYXJ0bmVyLmZyL2MvcC1zaG9wcGluZy1jdXN0b20tVEgvMTQ0NS8xNDQ1LTEzNDMtMS5qcGc?v=1737555782"],"medium_large":["https:\/\/media.th4.com\/U35e2HuwYdXcUXdWSgRpBY5Fmp-y0qVWn9Wt2sekgPc\/pr:1000x1000\/aHR0cDovL21lZGlhMi5kZXNpZ25wYXJ0bmVyLmZyL2MvcC1zaG9wcGluZy1jdXN0b20tVEgvMTQ0NS8xNDQ1LTEzNDMtMS5qcGc?v=1737555782"],"large":["https:\/\/media.th4.com\/uP5gnWmfynV2On-m5f2C1VL36O009pYAz2VS4Rgn_t0\/pr:1920\/aHR0cDovL21lZGlhMi5kZXNpZ25wYXJ0bmVyLmZyL2MvcC1zaG9wcGluZy1jdXN0b20tVEgvMTQ0NS8xNDQ1LTEzNDMtMS5qcGc?v=1737555782"],"opengraph":["https:\/\/media.th4.com\/1-7XA1P3y4sWOy08JI5u80_LMRT3rD31qNY05vC73ds\/pr:1200x630\/aHR0cDovL21lZGlhMi5kZXNpZ25wYXJ0bmVyLmZyL2MvcC1zaG9wcGluZy1jdXN0b20tVEgvMTQ0NS8xNDQ1LTEzNDMtMS5qcGc?v=1737555782"]},"country_origin":"CN","traceability":{"manufacturing_country_id":null,"weaving_country_id":null,"dyeing_country_id":null},"sizes":[{"id":5,"article_id":36234,"class_id":2,"name":"XS","on_standby":false,"stock_local":0,"stock_global":10,"multiple":1,"estimated_date_reassort":null,"is_destocking":false},{"id":3,"article_id":36235,"class_id":3,"name":"S","on_standby":true,"stock_local":0,"stock_global":0,"multiple":1,"estimated_date_reassort":"2026-07-09","is_destocking":false},{"id":2,"article_id":36236,"class_id":4,"name":"M","on_standby":false,"stock_local":0,"stock_global":111,"multiple":1,"estimated_date_reassort":null,"is_destocking":false},{"id":1,"article_id":36237,"class_id":5,"name":"L","on_standby":false,"stock_local":0,"stock_global":32,"multiple":1,"estimated_date_reassort":null,"is_destocking":false},{"id":4,"article_id":36238,"class_id":6,"name":"XL","on_standby":true,"stock_local":0,"stock_global":0,"multiple":1,"estimated_date_reassort":"2026-07-09","is_destocking":false},{"id":1116,"article_id":244438,"class_id":7,"name":"2XL","on_standby":true,"stock_local":0,"stock_global":0,"multiple":1,"estimated_date_reassort":"2026-07-09","is_destocking":false},{"id":1081,"article_id":234994,"class_id":8,"name":"3XL","on_standby":true,"stock_local":0,"stock_global":0,"multiple":1,"estimated_date_reassort":"2026-07-09","is_destocking":false}],"page_links":{"fr":"\/fr\/p-ka-k677-parka-doublure-matelassee-k677-1445\/yellow-1343\/","en":"\/en\/p-ka-k677-parka-quilted-lining-k677-1445\/yellow-1343\/","de":"\/de\/p-ka-k677-parkajacke-mit-gefutterter-steppung-k677-1445\/yellow-1343\/","nl":"\/nl\/p-ka-k677-parkajas-met-inleg-matelassee-k677-1445\/yellow-1343\/","es":"\/es\/p-ka-k677-chaqueta-parka-forrada-acolchada-k677-1445\/yellow-1343\/","it":"\/it\/p-ka-k677-giacca-parka-imbottita-k677-1445\/yellow-1343\/","sv":"\/sv\/p-ka-k677-parka-foderad-k677-1445\/yellow-1343\/","pt":"\/pt\/p-ka-k677-parka-forro-acolchoado-k677-1445\/yellow-1343\/","da":"\/da\/p-ka-k677-parka-med-pudset-foring-k677-1445\/yellow-1343\/","pl":"\/pl\/p-ka-k677-kurtka-parka-z-podwiazka-k677-1445\/yellow-1343\/"},"page_links_customization":{"fr":"\/fr\/p-ka-k677-parka-doublure-matelassee-k677-personnalisation-1445\/yellow-1343\/custom\/","en":"\/en\/p-ka-k677-padded-lining-parka-k677-customization-1445\/yellow-1343\/custom\/","de":"\/de\/p-ka-k677-gefutterte-parka-k677-personalisierung-1445\/yellow-1343\/custom\/","nl":"\/nl\/p-ka-k677-gevulde-parkajacket-k677-personalisatie-1445\/yellow-1343\/custom\/","es":"\/es\/p-ka-k677-abrigo-acolchado-k677-personalizacion-1445\/yellow-1343\/custom\/","it":"\/it\/p-ka-k677-parka-con-imbottitura-matelassata-k677-personalizzazione-1445\/yellow-1343\/custom\/","sv":"\/sv\/p-ka-k677-parka-med-foder-k677-personligbar-1445\/yellow-1343\/custom\/","pt":"\/pt\/p-ka-k677-jaqueta-de-forro-acolchoado-k677-personalizacao-1445\/yellow-1343\/custom\/","da":"\/da\/p-ka-k677-parka-fordoblet-k677-tilpasning-1445\/yellow-1343\/custom\/","pl":"\/pl\/p-ka-k677-kurtka-z-wypelnieniem-k677-personalizacja-1445\/yellow-1343\/custom\/"}},{"id":5421,"name":"red_old","class_ids":[6],"codes_hexa":["dc0210"],"delai_24":false,"has_3d":false,"seuil_global":0,"stock_local":0,"stock_global":1,"on_standby":false,"in_catalog":true,"images":{"miniature":null,"medium":null,"medium_large":null,"large":null,"opengraph":null},"images_customization":{"miniature":null,"medium":null,"medium_large":null,"large":null,"opengraph":null},"country_origin":"CN","traceability":{"manufacturing_country_id":null,"weaving_country_id":null,"dyeing_country_id":null},"sizes":[{"id":1116,"article_id":250660,"class_id":7,"name":"2XL","on_standby":false,"stock_local":1,"stock_global":1,"multiple":1,"estimated_date_reassort":null,"is_destocking":true}],"page_links":{"fr":"\/fr\/p-ka-k677-parka-doublure-matelassee-k677-1445\/red-old-5421\/","en":"\/en\/p-ka-k677-parka-quilted-lining-k677-1445\/red-old-5421\/","de":"\/de\/p-ka-k677-parkajacke-mit-gefutterter-steppung-k677-1445\/red-old-5421\/","nl":"\/nl\/p-ka-k677-parkajas-met-inleg-matelassee-k677-1445\/red-old-5421\/","es":"\/es\/p-ka-k677-chaqueta-parka-forrada-acolchada-k677-1445\/red-old-5421\/","it":"\/it\/p-ka-k677-giacca-parka-imbottita-k677-1445\/red-old-5421\/","sv":"\/sv\/p-ka-k677-parka-foderad-k677-1445\/red-old-5421\/","pt":"\/pt\/p-ka-k677-parka-forro-acolchoado-k677-1445\/red-old-5421\/","da":"\/da\/p-ka-k677-parka-med-pudset-foring-k677-1445\/red-old-5421\/","pl":"\/pl\/p-ka-k677-kurtka-parka-z-podwiazka-k677-1445\/red-old-5421\/"},"page_links_customization":{"fr":"\/fr\/p-ka-k677-parka-doublure-matelassee-k677-personnalisation-1445\/red-old-5421\/custom\/","en":"\/en\/p-ka-k677-padded-lining-parka-k677-customization-1445\/red-old-5421\/custom\/","de":"\/de\/p-ka-k677-gefutterte-parka-k677-personalisierung-1445\/red-old-5421\/custom\/","nl":"\/nl\/p-ka-k677-gevulde-parkajacket-k677-personalisatie-1445\/red-old-5421\/custom\/","es":"\/es\/p-ka-k677-abrigo-acolchado-k677-personalizacion-1445\/red-old-5421\/custom\/","it":"\/it\/p-ka-k677-parka-con-imbottitura-matelassata-k677-personalizzazione-1445\/red-old-5421\/custom\/","sv":"\/sv\/p-ka-k677-parka-med-foder-k677-personligbar-1445\/red-old-5421\/custom\/","pt":"\/pt\/p-ka-k677-jaqueta-de-forro-acolchoado-k677-personalizacao-1445\/red-old-5421\/custom\/","da":"\/da\/p-ka-k677-parka-fordoblet-k677-tilpasning-1445\/red-old-5421\/custom\/","pl":"\/pl\/p-ka-k677-kurtka-z-wypelnieniem-k677-personalizacja-1445\/red-old-5421\/custom\/"}},{"id":1468,"name":"dark_chocolate","class_ids":[11],"codes_hexa":["372d24"],"delai_24":false,"has_3d":false,"seuil_global":0,"stock_local":0,"stock_global":0,"on_standby":true,"in_catalog":false,"images":{"miniature":["https:\/\/media.th4.com\/fYHtOqlCPsHKgU3stnFUeFuqRckcOIT5xywDlOnOaH8\/pr:80\/aHR0cDovL21lZGlhMi5kZXNpZ25wYXJ0bmVyLmZyL2MvcC8xNDQ1LzE0NDUtMTQ2OC0xLmpwZw?v=1610009594","https:\/\/media.th4.com\/G2RxD6iLGqQQvVy7r0Vswobnvc4ptCadM2r0MJ8VMC0\/pr:80\/aHR0cDovL21lZGlhMi5kZXNpZ25wYXJ0bmVyLmZyL2MvcC8xNDQ1LzE0NDUtMTQ2OC0yLmpwZw?v=1610009594"],"medium":["https:\/\/media.th4.com\/iButBW7rkP74s1QmaK15V2Uocx1YJMfV6uLgj8FnTqI\/pr:550x550\/aHR0cDovL21lZGlhMi5kZXNpZ25wYXJ0bmVyLmZyL2MvcC8xNDQ1LzE0NDUtMTQ2OC0xLmpwZw?v=1610009594","https:\/\/media.th4.com\/hJ8q7aEPwb4zVYjicW75LPBTYXZ89CwCo74V9Xv374E\/pr:550x550\/aHR0cDovL21lZGlhMi5kZXNpZ25wYXJ0bmVyLmZyL2MvcC8xNDQ1LzE0NDUtMTQ2OC0yLmpwZw?v=1610009594"],"medium_large":["https:\/\/media.th4.com\/k-9GqmsxjCzEsZcW-MHNKrhvLUsN_5gon98vOwSka18\/pr:1000x1000\/aHR0cDovL21lZGlhMi5kZXNpZ25wYXJ0bmVyLmZyL2MvcC8xNDQ1LzE0NDUtMTQ2OC0xLmpwZw?v=1610009594","https:\/\/media.th4.com\/It2Eo0tHrwxHQlVgNjE1WKpfflshP-bMjO_bsCEvVP8\/pr:1000x1000\/aHR0cDovL21lZGlhMi5kZXNpZ25wYXJ0bmVyLmZyL2MvcC8xNDQ1LzE0NDUtMTQ2OC0yLmpwZw?v=1610009594"],"large":["https:\/\/media.th4.com\/GsaYCMQOux5fr8RABkFFRq92yoTUxPbvTPSGj-wnqmc\/pr:1920\/aHR0cDovL21lZGlhMi5kZXNpZ25wYXJ0bmVyLmZyL2MvcC8xNDQ1LzE0NDUtMTQ2OC0xLmpwZw?v=1610009594","https:\/\/media.th4.com\/tAY8xjOTLOTvrfSrTXz_idhd8hYG8hrGROCkHsLOoNU\/pr:1920\/aHR0cDovL21lZGlhMi5kZXNpZ25wYXJ0bmVyLmZyL2MvcC8xNDQ1LzE0NDUtMTQ2OC0yLmpwZw?v=1610009594"],"opengraph":["https:\/\/media.th4.com\/YYmh8xebP2oByxfAYmiTi7oO6nDhFdtls2Efhbk9aMI\/pr:1200x630\/aHR0cDovL21lZGlhMi5kZXNpZ25wYXJ0bmVyLmZyL2MvcC8xNDQ1LzE0NDUtMTQ2OC0xLmpwZw?v=1610009594","https:\/\/media.th4.com\/BNKBwxq2FfuEj3fT9Cc4mHVPs5vDQBT_--71IuDY7BQ\/pr:1200x630\/aHR0cDovL21lZGlhMi5kZXNpZ25wYXJ0bmVyLmZyL2MvcC8xNDQ1LzE0NDUtMTQ2OC0yLmpwZw?v=1610009594"]},"images_customization":{"miniature":["https:\/\/media.th4.com\/fYHtOqlCPsHKgU3stnFUeFuqRckcOIT5xywDlOnOaH8\/pr:80\/aHR0cDovL21lZGlhMi5kZXNpZ25wYXJ0bmVyLmZyL2MvcC8xNDQ1LzE0NDUtMTQ2OC0xLmpwZw?v=1610009594","https:\/\/media.th4.com\/G2RxD6iLGqQQvVy7r0Vswobnvc4ptCadM2r0MJ8VMC0\/pr:80\/aHR0cDovL21lZGlhMi5kZXNpZ25wYXJ0bmVyLmZyL2MvcC8xNDQ1LzE0NDUtMTQ2OC0yLmpwZw?v=1610009594"],"medium":["https:\/\/media.th4.com\/iButBW7rkP74s1QmaK15V2Uocx1YJMfV6uLgj8FnTqI\/pr:550x550\/aHR0cDovL21lZGlhMi5kZXNpZ25wYXJ0bmVyLmZyL2MvcC8xNDQ1LzE0NDUtMTQ2OC0xLmpwZw?v=1610009594","https:\/\/media.th4.com\/hJ8q7aEPwb4zVYjicW75LPBTYXZ89CwCo74V9Xv374E\/pr:550x550\/aHR0cDovL21lZGlhMi5kZXNpZ25wYXJ0bmVyLmZyL2MvcC8xNDQ1LzE0NDUtMTQ2OC0yLmpwZw?v=1610009594"],"medium_large":["https:\/\/media.th4.com\/k-9GqmsxjCzEsZcW-MHNKrhvLUsN_5gon98vOwSka18\/pr:1000x1000\/aHR0cDovL21lZGlhMi5kZXNpZ25wYXJ0bmVyLmZyL2MvcC8xNDQ1LzE0NDUtMTQ2OC0xLmpwZw?v=1610009594","https:\/\/media.th4.com\/It2Eo0tHrwxHQlVgNjE1WKpfflshP-bMjO_bsCEvVP8\/pr:1000x1000\/aHR0cDovL21lZGlhMi5kZXNpZ25wYXJ0bmVyLmZyL2MvcC8xNDQ1LzE0NDUtMTQ2OC0yLmpwZw?v=1610009594"],"large":["https:\/\/media.th4.com\/GsaYCMQOux5fr8RABkFFRq92yoTUxPbvTPSGj-wnqmc\/pr:1920\/aHR0cDovL21lZGlhMi5kZXNpZ25wYXJ0bmVyLmZyL2MvcC8xNDQ1LzE0NDUtMTQ2OC0xLmpwZw?v=1610009594","https:\/\/media.th4.com\/tAY8xjOTLOTvrfSrTXz_idhd8hYG8hrGROCkHsLOoNU\/pr:1920\/aHR0cDovL21lZGlhMi5kZXNpZ25wYXJ0bmVyLmZyL2MvcC8xNDQ1LzE0NDUtMTQ2OC0yLmpwZw?v=1610009594"],"opengraph":["https:\/\/media.th4.com\/YYmh8xebP2oByxfAYmiTi7oO6nDhFdtls2Efhbk9aMI\/pr:1200x630\/aHR0cDovL21lZGlhMi5kZXNpZ25wYXJ0bmVyLmZyL2MvcC8xNDQ1LzE0NDUtMTQ2OC0xLmpwZw?v=1610009594","https:\/\/media.th4.com\/BNKBwxq2FfuEj3fT9Cc4mHVPs5vDQBT_--71IuDY7BQ\/pr:1200x630\/aHR0cDovL21lZGlhMi5kZXNpZ25wYXJ0bmVyLmZyL2MvcC8xNDQ1LzE0NDUtMTQ2OC0yLmpwZw?v=1610009594"]},"country_origin":"CN","traceability":{"manufacturing_country_id":null,"weaving_country_id":null,"dyeing_country_id":null},"sizes":[],"page_links":{"fr":"\/fr\/p-ka-k677-parka-doublure-matelassee-k677-1445\/dark-chocolate-1468\/","en":"\/en\/p-ka-k677-parka-quilted-lining-k677-1445\/dark-chocolate-1468\/","de":"\/de\/p-ka-k677-parkajacke-mit-gefutterter-steppung-k677-1445\/dark-chocolate-1468\/","nl":"\/nl\/p-ka-k677-parkajas-met-inleg-matelassee-k677-1445\/dark-chocolate-1468\/","es":"\/es\/p-ka-k677-chaqueta-parka-forrada-acolchada-k677-1445\/dark-chocolate-1468\/","it":"\/it\/p-ka-k677-giacca-parka-imbottita-k677-1445\/dark-chocolate-1468\/","sv":"\/sv\/p-ka-k677-parka-foderad-k677-1445\/dark-chocolate-1468\/","pt":"\/pt\/p-ka-k677-parka-forro-acolchoado-k677-1445\/dark-chocolate-1468\/","da":"\/da\/p-ka-k677-parka-med-pudset-foring-k677-1445\/dark-chocolate-1468\/","pl":"\/pl\/p-ka-k677-kurtka-parka-z-podwiazka-k677-1445\/dark-chocolate-1468\/"},"page_links_customization":{"fr":"\/fr\/p-ka-k677-parka-doublure-matelassee-k677-personnalisation-1445\/dark-chocolate-1468\/custom\/","en":"\/en\/p-ka-k677-padded-lining-parka-k677-customization-1445\/dark-chocolate-1468\/custom\/","de":"\/de\/p-ka-k677-gefutterte-parka-k677-personalisierung-1445\/dark-chocolate-1468\/custom\/","nl":"\/nl\/p-ka-k677-gevulde-parkajacket-k677-personalisatie-1445\/dark-chocolate-1468\/custom\/","es":"\/es\/p-ka-k677-abrigo-acolchado-k677-personalizacion-1445\/dark-chocolate-1468\/custom\/","it":"\/it\/p-ka-k677-parka-con-imbottitura-matelassata-k677-personalizzazione-1445\/dark-chocolate-1468\/custom\/","sv":"\/sv\/p-ka-k677-parka-med-foder-k677-personligbar-1445\/dark-chocolate-1468\/custom\/","pt":"\/pt\/p-ka-k677-jaqueta-de-forro-acolchoado-k677-personalizacao-1445\/dark-chocolate-1468\/custom\/","da":"\/da\/p-ka-k677-parka-fordoblet-k677-tilpasning-1445\/dark-chocolate-1468\/custom\/","pl":"\/pl\/p-ka-k677-kurtka-z-wypelnieniem-k677-personalizacja-1445\/dark-chocolate-1468\/custom\/"}},{"id":1485,"name":"ice_blue","class_ids":[2],"codes_hexa":["abcae6"],"delai_24":false,"has_3d":false,"seuil_global":0,"stock_local":0,"stock_global":0,"on_standby":true,"in_catalog":false,"images":{"miniature":["https:\/\/media.th4.com\/jk_UxsRclwmgAJvgb92eLVxpQB6uNcRtJHXkQ0f13-E\/pr:80\/aHR0cDovL21lZGlhMi5kZXNpZ25wYXJ0bmVyLmZyL2MvcC8xNDQ1LzE0NDUtMTQ4NS0xLmpwZw?v=1610009597","https:\/\/media.th4.com\/aR_VXa0_PIX4nIh9gMErWNcGX14hgi5OPHHMVB-_N5U\/pr:80\/aHR0cDovL21lZGlhMi5kZXNpZ25wYXJ0bmVyLmZyL2MvcC8xNDQ1LzE0NDUtMTQ4NS0yLmpwZw?v=1610009597"],"medium":["https:\/\/media.th4.com\/cByjM6lfxsTBak3U5fIdshRDdSFUZh6lUYo3XjWqxVc\/pr:550x550\/aHR0cDovL21lZGlhMi5kZXNpZ25wYXJ0bmVyLmZyL2MvcC8xNDQ1LzE0NDUtMTQ4NS0xLmpwZw?v=1610009597","https:\/\/media.th4.com\/UFt-Bj4NSi5blCagrYcKyZ1nAZiXK1AG3tUA8LmvWSU\/pr:550x550\/aHR0cDovL21lZGlhMi5kZXNpZ25wYXJ0bmVyLmZyL2MvcC8xNDQ1LzE0NDUtMTQ4NS0yLmpwZw?v=1610009597"],"medium_large":["https:\/\/media.th4.com\/bT4JkJnEkUc85MUhFfbQJqjl_2PeGKn-V2DBE_6T5mo\/pr:1000x1000\/aHR0cDovL21lZGlhMi5kZXNpZ25wYXJ0bmVyLmZyL2MvcC8xNDQ1LzE0NDUtMTQ4NS0xLmpwZw?v=1610009597","https:\/\/media.th4.com\/uBZNATy9bE-IsUYF6gvMk9zL9ppJpHWA6Ujwp6RD6lY\/pr:1000x1000\/aHR0cDovL21lZGlhMi5kZXNpZ25wYXJ0bmVyLmZyL2MvcC8xNDQ1LzE0NDUtMTQ4NS0yLmpwZw?v=1610009597"],"large":["https:\/\/media.th4.com\/HpTgxVGwMEuAkBfBLwrD-DiRdY5ZHjqKaIuaG1zFDso\/pr:1920\/aHR0cDovL21lZGlhMi5kZXNpZ25wYXJ0bmVyLmZyL2MvcC8xNDQ1LzE0NDUtMTQ4NS0xLmpwZw?v=1610009597","https:\/\/media.th4.com\/q9l5h0pyyT5c_y9uqKmkgKLnubeecFY_djE0xQojiiw\/pr:1920\/aHR0cDovL21lZGlhMi5kZXNpZ25wYXJ0bmVyLmZyL2MvcC8xNDQ1LzE0NDUtMTQ4NS0yLmpwZw?v=1610009597"],"opengraph":["https:\/\/media.th4.com\/1lyEYmt1dMcOjOjBlElLENWmAK7xQhpVY_ImMGe7yL0\/pr:1200x630\/aHR0cDovL21lZGlhMi5kZXNpZ25wYXJ0bmVyLmZyL2MvcC8xNDQ1LzE0NDUtMTQ4NS0xLmpwZw?v=1610009597","https:\/\/media.th4.com\/Eoclx90ehHLPLqWt_lf7o6TgcfulmnI790cIAnmEND8\/pr:1200x630\/aHR0cDovL21lZGlhMi5kZXNpZ25wYXJ0bmVyLmZyL2MvcC8xNDQ1LzE0NDUtMTQ4NS0yLmpwZw?v=1610009597"]},"images_customization":{"miniature":["https:\/\/media.th4.com\/jk_UxsRclwmgAJvgb92eLVxpQB6uNcRtJHXkQ0f13-E\/pr:80\/aHR0cDovL21lZGlhMi5kZXNpZ25wYXJ0bmVyLmZyL2MvcC8xNDQ1LzE0NDUtMTQ4NS0xLmpwZw?v=1610009597","https:\/\/media.th4.com\/aR_VXa0_PIX4nIh9gMErWNcGX14hgi5OPHHMVB-_N5U\/pr:80\/aHR0cDovL21lZGlhMi5kZXNpZ25wYXJ0bmVyLmZyL2MvcC8xNDQ1LzE0NDUtMTQ4NS0yLmpwZw?v=1610009597"],"medium":["https:\/\/media.th4.com\/cByjM6lfxsTBak3U5fIdshRDdSFUZh6lUYo3XjWqxVc\/pr:550x550\/aHR0cDovL21lZGlhMi5kZXNpZ25wYXJ0bmVyLmZyL2MvcC8xNDQ1LzE0NDUtMTQ4NS0xLmpwZw?v=1610009597","https:\/\/media.th4.com\/UFt-Bj4NSi5blCagrYcKyZ1nAZiXK1AG3tUA8LmvWSU\/pr:550x550\/aHR0cDovL21lZGlhMi5kZXNpZ25wYXJ0bmVyLmZyL2MvcC8xNDQ1LzE0NDUtMTQ4NS0yLmpwZw?v=1610009597"],"medium_large":["https:\/\/media.th4.com\/bT4JkJnEkUc85MUhFfbQJqjl_2PeGKn-V2DBE_6T5mo\/pr:1000x1000\/aHR0cDovL21lZGlhMi5kZXNpZ25wYXJ0bmVyLmZyL2MvcC8xNDQ1LzE0NDUtMTQ4NS0xLmpwZw?v=1610009597","https:\/\/media.th4.com\/uBZNATy9bE-IsUYF6gvMk9zL9ppJpHWA6Ujwp6RD6lY\/pr:1000x1000\/aHR0cDovL21lZGlhMi5kZXNpZ25wYXJ0bmVyLmZyL2MvcC8xNDQ1LzE0NDUtMTQ4NS0yLmpwZw?v=1610009597"],"large":["https:\/\/media.th4.com\/HpTgxVGwMEuAkBfBLwrD-DiRdY5ZHjqKaIuaG1zFDso\/pr:1920\/aHR0cDovL21lZGlhMi5kZXNpZ25wYXJ0bmVyLmZyL2MvcC8xNDQ1LzE0NDUtMTQ4NS0xLmpwZw?v=1610009597","https:\/\/media.th4.com\/q9l5h0pyyT5c_y9uqKmkgKLnubeecFY_djE0xQojiiw\/pr:1920\/aHR0cDovL21lZGlhMi5kZXNpZ25wYXJ0bmVyLmZyL2MvcC8xNDQ1LzE0NDUtMTQ4NS0yLmpwZw?v=1610009597"],"opengraph":["https:\/\/media.th4.com\/1lyEYmt1dMcOjOjBlElLENWmAK7xQhpVY_ImMGe7yL0\/pr:1200x630\/aHR0cDovL21lZGlhMi5kZXNpZ25wYXJ0bmVyLmZyL2MvcC8xNDQ1LzE0NDUtMTQ4NS0xLmpwZw?v=1610009597","https:\/\/media.th4.com\/Eoclx90ehHLPLqWt_lf7o6TgcfulmnI790cIAnmEND8\/pr:1200x630\/aHR0cDovL21lZGlhMi5kZXNpZ25wYXJ0bmVyLmZyL2MvcC8xNDQ1LzE0NDUtMTQ4NS0yLmpwZw?v=1610009597"]},"country_origin":"CN","traceability":{"manufacturing_country_id":null,"weaving_country_id":null,"dyeing_country_id":null},"sizes":[],"page_links":{"fr":"\/fr\/p-ka-k677-parka-doublure-matelassee-k677-1445\/ice-blue-1485\/","en":"\/en\/p-ka-k677-parka-quilted-lining-k677-1445\/ice-blue-1485\/","de":"\/de\/p-ka-k677-parkajacke-mit-gefutterter-steppung-k677-1445\/ice-blue-1485\/","nl":"\/nl\/p-ka-k677-parkajas-met-inleg-matelassee-k677-1445\/ice-blue-1485\/","es":"\/es\/p-ka-k677-chaqueta-parka-forrada-acolchada-k677-1445\/ice-blue-1485\/","it":"\/it\/p-ka-k677-giacca-parka-imbottita-k677-1445\/ice-blue-1485\/","sv":"\/sv\/p-ka-k677-parka-foderad-k677-1445\/ice-blue-1485\/","pt":"\/pt\/p-ka-k677-parka-forro-acolchoado-k677-1445\/ice-blue-1485\/","da":"\/da\/p-ka-k677-parka-med-pudset-foring-k677-1445\/ice-blue-1485\/","pl":"\/pl\/p-ka-k677-kurtka-parka-z-podwiazka-k677-1445\/ice-blue-1485\/"},"page_links_customization":{"fr":"\/fr\/p-ka-k677-parka-doublure-matelassee-k677-personnalisation-1445\/ice-blue-1485\/custom\/","en":"\/en\/p-ka-k677-padded-lining-parka-k677-customization-1445\/ice-blue-1485\/custom\/","de":"\/de\/p-ka-k677-gefutterte-parka-k677-personalisierung-1445\/ice-blue-1485\/custom\/","nl":"\/nl\/p-ka-k677-gevulde-parkajacket-k677-personalisatie-1445\/ice-blue-1485\/custom\/","es":"\/es\/p-ka-k677-abrigo-acolchado-k677-personalizacion-1445\/ice-blue-1485\/custom\/","it":"\/it\/p-ka-k677-parka-con-imbottitura-matelassata-k677-personalizzazione-1445\/ice-blue-1485\/custom\/","sv":"\/sv\/p-ka-k677-parka-med-foder-k677-personligbar-1445\/ice-blue-1485\/custom\/","pt":"\/pt\/p-ka-k677-jaqueta-de-forro-acolchoado-k677-personalizacao-1445\/ice-blue-1485\/custom\/","da":"\/da\/p-ka-k677-parka-fordoblet-k677-tilpasning-1445\/ice-blue-1485\/custom\/","pl":"\/pl\/p-ka-k677-kurtka-z-wypelnieniem-k677-personalizacja-1445\/ice-blue-1485\/custom\/"}}],"documentation_link":"\/pdf\/1445.pdf","countries_availables":["AD","AE","AL","AT","BA","BD","BE","BG","BL","CA","CH","CN","CO","CY","CZ","DE","DK","DO","EE","EG","ES","ET","FI","FR","GB","GE","GF","GP","GR","GT","HK","HN","HR","HT","HU","ID","IE","IN","IS","IT","JO","JP","KE","KH","KP","KR","LA","LK","LS","LT","LU","LV","MA","MF","MG","MK","MM","MN","MQ","MT","MX","MY","NC","NI","NL","PF","PH","PK","PL","PM","PT","RE","RO","SE","SG","SI","SK","SV","SY","TH","TN","TR","TW","TZ","US","VN","WF","YT"]},"infos_customization":[],"features":{"authorize_multi_surfaces":true,"display_order_delay_type":true,"promote_surface_display":true,"tarification_franco_offert":true,"enabled_3d_editor":false},"markings":[{"id":0,"nom":"vierge","finition":null,"libelle":null,"code":null,"dpi":null,"finesse_forme_isolee":null,"finesse_forme_non_isolee":null,"hauteur_minimale_texte":null,"inactif":0,"marquage_interne":1,"quantite_min":null,"parent_id":null,"print_on_support":0,"content":"vierge","description":null},{"id":2,"nom":"fonce","finition":"optimale","libelle":"TopQuadri","code":null,"dpi":400,"finesse_forme_isolee":"0.040","finesse_forme_non_isolee":"0.700","hauteur_minimale_texte":2,"inactif":0,"marquage_interne":1,"quantite_min":null,"parent_id":18,"print_on_support":0,"content":"TopQuadri","description":"pour petites et moyennes s\u00e9ries"},{"id":3,"nom":"serigraphie","finition":"serigraphie","libelle":"SeriCoat","code":null,"dpi":400,"finesse_forme_isolee":"0.040","finesse_forme_non_isolee":"0.700","hauteur_minimale_texte":2,"inactif":0,"marquage_interne":1,"quantite_min":15,"parent_id":18,"print_on_support":0,"content":"SeriCoat","description":"pour moyennes et grandes s\u00e9ries"},{"id":4,"nom":"broderie","finition":"broderie","libelle":"Broderie","code":null,"dpi":400,"finesse_forme_isolee":"0.040","finesse_forme_non_isolee":"0.700","hauteur_minimale_texte":3,"inactif":0,"marquage_interne":1,"quantite_min":null,"parent_id":null,"print_on_support":0,"content":"Broderie","description":null},{"id":8,"nom":"theme","finition":null,"libelle":"Th\u00e8me","code":null,"dpi":null,"finesse_forme_isolee":null,"finesse_forme_non_isolee":null,"hauteur_minimale_texte":null,"inactif":0,"marquage_interne":1,"quantite_min":null,"parent_id":null,"print_on_support":0,"content":"Th\u00e8me","description":null},{"id":9,"nom":"sans","finition":null,"libelle":null,"code":null,"dpi":null,"finesse_forme_isolee":null,"finesse_forme_non_isolee":null,"hauteur_minimale_texte":null,"inactif":0,"marquage_interne":1,"quantite_min":null,"parent_id":null,"print_on_support":0,"content":"sans","description":null},{"id":10,"nom":"photo","finition":null,"libelle":"Photo","code":null,"dpi":null,"finesse_forme_isolee":null,"finesse_forme_non_isolee":null,"hauteur_minimale_texte":null,"inactif":0,"marquage_interne":1,"quantite_min":null,"parent_id":null,"print_on_support":0,"content":"Photo","description":null},{"id":14,"nom":"couleur","finition":null,"libelle":"Couleur","code":null,"dpi":null,"finesse_forme_isolee":null,"finesse_forme_non_isolee":null,"hauteur_minimale_texte":null,"inactif":0,"marquage_interne":1,"quantite_min":null,"parent_id":null,"print_on_support":0,"content":"Couleur","description":null},{"id":15,"nom":"sublimation","finition":"sublimation","libelle":"Sublimation","code":null,"dpi":null,"finesse_forme_isolee":"0.000","finesse_forme_non_isolee":"0.000","hauteur_minimale_texte":2,"inactif":0,"marquage_interne":1,"quantite_min":null,"parent_id":null,"print_on_support":0,"content":"Sublimation","description":null},{"id":16,"nom":"topquadri_uv","finition":null,"libelle":"TopQuadri UV","code":null,"dpi":null,"finesse_forme_isolee":"0.020","finesse_forme_non_isolee":"0.700","hauteur_minimale_texte":2,"inactif":0,"marquage_interne":1,"quantite_min":null,"parent_id":null,"print_on_support":1,"content":null,"description":null},{"id":17,"nom":"topquadri_uvp","finition":null,"libelle":"TopQuadri UVP","code":null,"dpi":null,"finesse_forme_isolee":"0.020","finesse_forme_non_isolee":"0.700","hauteur_minimale_texte":2,"inactif":0,"marquage_interne":1,"quantite_min":null,"parent_id":null,"print_on_support":1,"content":null,"description":null},{"id":18,"nom":"quadri","finition":null,"libelle":"Impression","code":null,"dpi":null,"finesse_forme_isolee":null,"finesse_forme_non_isolee":null,"hauteur_minimale_texte":null,"inactif":0,"marquage_interne":1,"quantite_min":null,"parent_id":null,"print_on_support":0,"content":null,"description":null}]}}