{"data":{"product":{"id":1441,"titre":"Parka 3 en 1 Homme","description":"100% polyester enduction PVC. Coutures thermosoud\u00e9es \u00e9tanches.\nParka 3 en 1 : Doublure interieure bi-mati\u00e8re. Corps: filet 100% polyester. Manches:\n100% polyester. Fermeture zipp\u00e9e et patte de boutonnage \u00e0 pressions. Interieur col polaire.\n4 poches devant zipp\u00e9es avec rabat. Pattes de serrage bas de manches auto agrippantes.\nCapuche amovible doubl\u00e9e en filet avec boutonnage \u00e0 pressions + stoppers. Zip interieur pour\npersonnalisation.\nVeste polaire : Micropolaire 100% polyester.\nManches doubl\u00e9es 100% polyester pour faciliter le passage des bras. Fermeture zipp\u00e9e. 2 poches\ncot\u00e9. Veste polaire rattach\u00e9e \u00e0 la parka par zip.","genre":"homme","grammage":605,"conditionnement":10,"composition":"polyester,polyester_uniquement","reference":"K657","reference_visible":"ka-k657","reference_fabricant":"K657","ref_xor":"742372","in_catalog":true,"is_transfer":false,"is_service":false,"on_standby":false,"has_3d":false,"has_size_guide":true,"has_marking":true,"has_vierge":true,"is_cross_sellable":false,"id_picto":132,"filename_3d":null,"brand":{"id":25,"name":"Kariban","logo":"logo-kariban.png","image":"https:\/\/media.th4.com\/0rw9lHnnPIY5Gn0FZVsrv47tC3tEhLUIsdVYj4xy6L4\/pr:brand70x70\/aHR0cDovL21lZGlhMi5kZXNpZ25wYXJ0bmVyLmZyL2MvbS9sb2dvLWthcmliYW4ucG5n?v=1736960982"},"price_infos":{"price_from":54.95,"quantity":480,"color":{"id":1261,"name":"navy"},"size":{"id":1,"name":"L"}},"price_infos_marking":{"price_from":58.56,"quantity":1000,"color":{"id":1261,"name":"navy"},"size":{"id":1,"name":"L"},"marking":{"id":2,"name":""},"emplacement":"avant","surface_emplacement_id":1,"surface":"coeur"},"i18n":{"blank":{"title":{"fr":"Parka 3 en 1 homme KARIBAN k657","en":"3-in-1 men's parka KARIBAN k657","de":"3-in-1-Parka Mann KARIBAN k657","nl":"3 in 1 parka mann KARIBAN k657","es":"Parka 3 en 1 hombre KARIBAN k657","it":"Giacca parka 3 in 1 uomo KARIBAN k657","sv":"Parka 3 i 1 man Kariban k657","pt":"Parka 3 em 1 homem KARIBAN k657","da":"Mand 3 i 1 parka KARIBAN k657","pl":"Kurtka 3 w 1 m\u0119\u017cczyzna KARIBAN k657"},"description":{"fr":"Ce parka 3 en 1 offre une solution polyvalente pour affronter les conditions m\u00e9t\u00e9orologiques variables. La conception comprend une doublure int\u00e9rieure bi-mati\u00e8re, combinant filet et polyester pour un confort optimal. L'ext\u00e9rieur est fabriqu\u00e9 \u00e0 partir de polyester enduit PVC, assurant une \u00e9tanch\u00e9it\u00e9 gr\u00e2ce aux coutures thermosoud\u00e9es. Il est dot\u00e9 d'une fermeture zipp\u00e9e renforc\u00e9e par une patte de boutonnage \u00e0 pressions. Le col int\u00e9rieur en polaire offre une protection suppl\u00e9mentaire. Quatre poches zipp\u00e9es avec rabat sur le devant permettent un rangement s\u00e9curis\u00e9. Des pattes de serrage auto-agrippantes au niveau des poignets permettent d'ajuster l'ajustement. La capuche amovible, doubl\u00e9e en filet, est fix\u00e9e par des pressions et des stoppers pour un maintien optimal. Un zip int\u00e9rieur permet la personnalisation. La veste polaire int\u00e9gr\u00e9e est en micropolaire 100% polyester, avec des manches doubl\u00e9es pour faciliter l'enfilage. Elle se ferme par un zip et dispose de deux poches sur les c\u00f4t\u00e9s. La veste polaire est rattach\u00e9e \u00e0 la parka par un zip.\n\n- Mati\u00e8re ext\u00e9rieure: 100% polyester enduction PVC\n- Doublure corps: 100% polyester (filet)\n- Doublure manches: 100% polyester\n- Veste polaire: 100% polyester micropolaire\n- Coutures: Thermosoud\u00e9es\n- Poches: 4 poches zipp\u00e9es avec rabat\n- Capuche: Amovible, doubl\u00e9e en filet, fixations par pressions et stoppers\n- Poignets: Patte de serrage auto-agrippante\n- Caract\u00e9ristiques: Zip int\u00e9rieur pour personnalisation","en":"This 3-in-1 parka offers a versatile solution for facing variable weather conditions. The design includes a bi-material inner lining, combining mesh and polyester for optimal comfort. The exterior is made of PVC-coated polyester, ensuring waterproofing thanks to heat-sealed seams. It is equipped with a reinforced zipper with a snap-button flap. The inner collar in polar fleece provides additional protection. Four zipped pockets with flaps on the front allow secure storage. Velcro straps at the wrists allow for adjustment. The removable hood, lined with mesh, is secured with snaps and stoppers for optimal hold. An interior zipper allows for customization. The integrated fleece jacket is made of 100% polyester microfleece, with lined sleeves for easy donning. It closes with a zipper and has two side pockets. The fleece jacket is attached to the parka with a zipper.\n\n- Exterior material: 100% PVC-coated polyester\n- Lining body: 100% polyester (mesh)\n- Lining sleeves: 100% polyester\n- Fleece jacket: 100% polyester microfleece\n- Seams: Heat-sealed\n- Pockets: 4 zipped pockets with flaps\n- Hood: Removable, lined with mesh, secured with snaps and stoppers\n- Wrists: Velcro strap\n- Features: Interior zipper for customization","de":"Diese 3-in-1-Parka bietet eine vielseitige L\u00f6sung, um wechselnde Wetterbedingungen zu bew\u00e4ltigen. Die Konstruktion umfasst eine doppellagige Innenausstattung, die Netz und Polyester f\u00fcr optimalen Komfort kombiniert. Das Au\u00dfenmaterial besteht aus PVC-beschichtetem Polyester, das durch thermoversiegelte N\u00e4hte f\u00fcr Wasserdichtigkeit sorgt. Sie verf\u00fcgt \u00fcber einen verst\u00e4rkten Rei\u00dfverschluss mit Druckknopfverschluss. Der Innenkragen aus Polarfleece bietet zus\u00e4tzlichen Schutz. Vier Fronttaschen mit Klappe und Rei\u00dfverschluss erm\u00f6glichen sicheren Stauraum. Velcro-Verschl\u00fcsse an den \u00c4rmeln erm\u00f6glichen eine individuelle Anpassung. Die abnehmbare Kapuze, gef\u00fcttert mit Netz, ist mit Druckkn\u00f6pfen und Stoppern f\u00fcr optimalen Halt fixiert. Ein Innenrei\u00dfverschluss erm\u00f6glicht eine Personalisierung. Die integrierte Polarfleecejacke besteht aus 100 % Polyester-Mikrofaser mit gef\u00fctterten \u00c4rmeln f\u00fcr einfaches Anziehen. Sie schlie\u00dft mit einem Rei\u00dfverschluss und verf\u00fcgt \u00fcber zwei Seitentaschen. Die Polarfleecejacke ist mit einem Rei\u00dfverschluss an der Parka befestigt.\n\n- Au\u00dfenmaterial: 100 % PVC-beschichtetes Polyester\n- Innenfutter K\u00f6rper: 100 % Polyester Netz\n- Innenfutter \u00c4rmel: 100 % Polyester\n- Polarfleecejacke: 100 % Polyester-Mikrofaser\n- N\u00e4hte: Thermoversiegelt\n- Taschen: 4 Taschen mit Klappe und Rei\u00dfverschluss\n- Kapuze: Abnehmbar, gef\u00fcttert mit Netz, Befestigung mit Druckkn\u00f6pfen und Stoppern\n- \u00c4rmel: Velcro-Verschluss\n- Merkmale: Innenrei\u00dfverschluss f\u00fcr Personalisierung","nl":"Deze 3 in 1 parka biedt een veelzijdige oplossing om de wisselende weersomstandigheden te trotseren. Het ontwerp omvat een bi-materiaal binnenvoering, combinatie van gaas en polyester voor optimaal comfort. De buitenkant is gemaakt van polyester met PVC-coating, wat waterdichtheid biedt dankzij thermisch gelaste naden. Het is uitgerust met een versterkte zip met een knopje voor drukknoppen. Het binnenste kraag van polaire biedt extra bescherming. Vier zippockets met flap op de voorkant bieden veilige opslag. Kleefbanden aan de polsen laten toe om de pasvorm aan te passen. De afneembare kap, gevoerd met gaas, is bevestigd met drukknoppen en stoppers voor een optimale houding. Een binnenzip voor personalisatie. De ge\u00efntegreerde polaire jas is van 100% micropolaire polyester, met gevoerde mouwen voor gemakkelijk aantrekken. Het sluit met een zip en heeft twee zijpockets. De polaire jas is aan de parka bevestigd met een zip.\n\n- Buitenmateriaal: 100% polyester PVC-coating\n- Voering lichaam: 100% polyester (gaas)\n- Voering mouwen: 100% polyester\n- Polaire jas: 100% micropolaire polyester\n- Naden: Thermisch gelast\n- Pockets: 4 zippockets met flap\n- Kap: Afneembaar, gevoerd met gaas, bevestigd met drukknoppen en stoppers\n- Polsen: Kleefband voor aanpassing\n- Kenmerken: Binnenzip voor personalisatie","es":"Este parka 3 en 1 ofrece una soluci\u00f3n polivalente para enfrentar las condiciones meteorol\u00f3gicas variables. El dise\u00f1o incluye un forro interior bimaterial, combinando malla y poli\u00e9ster para un confort \u00f3ptimo. El exterior est\u00e1 fabricado a partir de poli\u00e9ster recubierto de PVC, asegurando la impermeabilidad gracias a las costuras termoselladas. Tiene una cremallera reforzada con una solapa de botones a presi\u00f3n. El cuello interior de polar ofrece una protecci\u00f3n adicional. Cuatro bolsillos con cremallera y solapa en el frente permiten un almacenamiento seguro. Las solapas de ajuste en las mu\u00f1ecas permiten ajustar el ajuste. La capucha desmontable, forrada con malla, est\u00e1 fijada con presiones y topes para un mantenimiento \u00f3ptimo. Una cremallera interior permite la personalizaci\u00f3n. La chaqueta polar integrada es de micropolar 100% poli\u00e9ster, con mangas forradas para facilitar el uso. Se cierra con una cremallera y tiene dos bolsillos en los lados. La chaqueta polar est\u00e1 sujeta al parka con una cremallera.","it":"Questa giacca parka 3 in 1 offre una soluzione polivalente per affrontare le condizioni meteorologiche variabili. La concezione comprende una fodera interna bimatere, combinando rete e poliestere per un comfort ottimale. L'esterno \u00e8 realizzato in poliestere rivestito PVC, garantendo impermeabilit\u00e0 grazie alle cuciture termosaldate. \u00c8 dotato di una chiusura a zip rinforzata da una linguetta a pressione. Il collo interno in polare offre una protezione aggiuntiva. Quattro tasche a zip con copertura sul davanti permettono un ripostiglio sicuro. Le patte di serraggio a velcro a livello dei polsi permettono di regolare la vestibilit\u00e0. Il cappuccio rimovibile, foderato in rete, \u00e8 fissato con pressioni e fermi per una tenuta ottimale. Una zip interna permette la personalizzazione. La giacca polare integrata \u00e8 in micropolare 100% poliestere, con maniche foderate per facilitare l'indossaggio. Si chiude con una zip e dispone di due tasche sui lati. La giacca polare \u00e8 collegata alla parka tramite una zip.\n\n- Materia esterna: 100% poliestere rivestimento PVC\n- Fodera corpo: 100% poliestere (rete)\n- Fodera maniche: 100% poliestere\n- Giacca polare: 100% poliestere micropolare\n- Cuciture: Termosaldate\n- Tasche: 4 tasche a zip con copertura\n- Cappuccio: Rimovibile, foderato in rete, fissazioni con pressioni e fermi\n- Polsi: Patta di serraggio a velcro\n- Caratteristiche: Zip interna per personalizzazione","sv":"Den h\u00e4r parka 3 i 1 erbjuder en flerfunktionell l\u00f6sning f\u00f6r att ta sig an varierande v\u00e4derf\u00f6rh\u00e5llanden. Designen inkluderar en insida med dubbelmaterial, som kombinerar n\u00e4t och polyester f\u00f6r optimal komfort. Utanp\u00e5 \u00e4r det gjord av polyester med PVC-bel\u00e4ggning, vilket s\u00e4kerst\u00e4ller t\u00e4thet tack vare termosvetsade s\u00f6mmar. Den har en f\u00f6rst\u00e4rkt zippl\u00e5sning med knappl\u00e5sning. Innanp\u00e5 kragen \u00e4r det en polar som ger extra skydd. Fyra zippfickor med skyddslapp framme m\u00f6jligg\u00f6r s\u00e4ker f\u00f6rvaring. Justerbara sn\u00f6rande band vid handlederna till\u00e5ter justering av passformen. Den avtagbara huvan, som \u00e4r fodrad med n\u00e4t, \u00e4r fastsatt med knappl\u00e5sning och stoppare f\u00f6r optimal h\u00e5llfasthet. En inre zip m\u00f6jligg\u00f6r personlig anpassning. Den integrerade polarjackan \u00e4r gjord av 100% polyester mikro-polar, med fodrade \u00e4rmar f\u00f6r att underl\u00e4tta p\u00e5kl\u00e4dning. Den st\u00e4ngs med en zip och har tv\u00e5 sidfickor. Den polarjacka \u00e4r f\u00e4st vid parkan med en zip.\n\n- Yttre material: 100% polyester PVC-bel\u00e4ggning\n- Insida kropp: 100% polyester (n\u00e4t)\n- Insida \u00e4rmar: 100% polyester\n- Polarjacka: 100% polyester mikro-polar\n- S\u00f6mmar: Termosvetsade\n- Fickor: 4 zippfickor med skyddslapp\n- Huva: Avtagbar, fodrad med n\u00e4t, fastsatt med knappl\u00e5sning och stoppare\n- Handledar: Justerbara sn\u00f6rande band\n- Egenskaper: Inre zip f\u00f6r personlig anpassning","pt":"Este parka 3 em 1 oferece uma solu\u00e7\u00e3o vers\u00e1til para enfrentar condi\u00e7\u00f5es meteorol\u00f3gicas vari\u00e1veis. A concep\u00e7\u00e3o inclui um forro interno de material duplo, combinando rede e poli\u00e9ster para um conforto \u00f3timo. O exterior \u00e9 fabricado a partir de poli\u00e9ster revestido PVC, garantindo estanqueidade gra\u00e7as \u00e0s costuras termossoldadas. Possui um fecho z\u00edper refor\u00e7ado por uma aba de bot\u00e3o com press\u00f5es. O colar interno de polar oferece uma prote\u00e7\u00e3o adicional. Quatro bolsos z\u00edper com aba na frente permitem um armazenamento seguro. Abas de ajuste autoagarrantes no n\u00edvel dos punhos permitem ajustar o ajuste. O capuz remov\u00edvel, forrado com rede, \u00e9 fixado por press\u00f5es e stoppers para um suporte \u00f3timo. Um z\u00edper interno permite a personaliza\u00e7\u00e3o. A jaqueta polar integrada \u00e9 em micropolar 100% poli\u00e9ster, com mangas forradas para facilitar o uso. Fecha-se com um z\u00edper e disp\u00f5e de duas bolsas laterais. A jaqueta polar est\u00e1 ligada ao parka por um z\u00edper.\n\n- Material exterior: 100% poli\u00e9ster revestimento PVC\n- Forro corpo: 100% poli\u00e9ster (rede)\n- Forro mangas: 100% poli\u00e9ster\n- Jaqueta polar: 100% poli\u00e9ster micropolar\n- Costuras: Termossoldadas\n- Bolsos: 4 bolsos z\u00edper com aba\n- Capuz: Remov\u00edvel, forrado com rede, fixa\u00e7\u00f5es por press\u00f5es e stoppers\n- Punhos: Aba de ajuste autoagarrante\n- Caracter\u00edsticas: Z\u00edper interior para personaliza\u00e7\u00e3o","da":"Denne 3 i 1 parka tilbyder en alsidig l\u00f8sning til at tackle forskellige vejrforhold. Designet omfatter en indvendig dobbeltlagsforing, der kombinerer net og polyester til optimal komfort. Udvendigt er den fremstillet af PVC-belagt polyester, der sikrer t\u00e6thed gennem t\u00e6tningssvetsede s\u00f8mme. Den har en forst\u00e6rket zip med en trykknapforing. Den indvendige krave i polarstoffet giver ekstra beskyttelse. Fire fors\u00e6nkede zippelommer p\u00e5 forsiden til sikker opbevaring. Selvkl\u00e6bende justeringsklapper ved h\u00e6nderne til optimal pasform. Den fjernbare kappe, foret med net, er fastgjort med trykknapper og stoppers for optimal hold. En indvendig zip til personificering. Den indbyggede polarvest er lavet af 100% mikropolar polyester med forede \u00e6rmet til nem p\u00e5kl\u00e6dning. Den lukker med en zip og har to siderommer. Den er fastgjort til parken med en zip. \n\n- Udvendigt materiale: 100% PVC-belagt polyester\n- Foring: 100% polyester (net)\n- \u00c6rmelforing: 100% polyester\n- Polarvest: 100% mikropolar polyester\n- S\u00f8mme: T\u00e6tningssvetsede\n- Lommer: 4 fors\u00e6nkede zippelommer\n- Kappe: Fjernbar, foret med net, fastgjort med trykknapper og stoppers\n- H\u00e6nder: Selvkl\u00e6bende justeringsklapper\n- Egenskaber: Indvendig zip til personificering","pl":"Ta kurtka 3 w 1 oferuje wszechstronne rozwi\u0105zanie do stawiania czo\u0142a zmiennym warunkom pogodowym. Konstrukcja zawiera dwuwarstwow\u0105 podszewk\u0119 wewn\u0119trzn\u0105, \u0142\u0105cz\u0105c siatk\u0119 i poliestr dla optymalnego komfortu. Wyko\u0144czenie zewn\u0119trzne wykonane jest z poliestru z pow\u0142ok\u0105 PVC, zapewniaj\u0105c nieprzemakalno\u015b\u0107 dzi\u0119ki spawanym szwom. Ma wzmocniony zamek b\u0142yskawiczny z klap\u0105 zamykaj\u0105c\u0105 si\u0119 na guziki. Wewn\u0119trzny ko\u0142nierz z polaru zapewnia dodatkow\u0105 ochron\u0119. Cztery zamek b\u0142yskawiczny z klap\u0105 na przodzie zapewniaj\u0105 bezpieczne przechowywanie. Patyki zaczepne na r\u0119kawach pozwalaj\u0105 na dostosowanie dopasowania. Od\u0142\u0105czana kaptur, wy\u015bcie\u0142ana siatk\u0105, jest zamocowana za pomoc\u0105 guzik\u00f3w i zatrzask\u00f3w dla optymalnego utrzymania. Wewn\u0119trzny zamek b\u0142yskawiczny pozwala na personalizacj\u0119. Wbudowana kurtka polarowa jest wykonana z 100% poliestru mikropolarowego, z r\u0119kawami wy\u015bcie\u0142anymi dla u\u0142atwienia za\u0142o\u017cenia. Zamykana jest z zamkiem b\u0142yskawicznym i posiada dwie boczne kieszenie. Kurtka polarowa jest zamocowana do kurtki za pomoc\u0105 zamka b\u0142yskawicznego.\n\n- Materia\u0142 zewn\u0119trzny: 100% poliestru pow\u0142oka PVC\n- Podszewka cia\u0142a: 100% poliestru (siatka)\n- Podszewka r\u0119kaw\u00f3w: 100% poliestru\n- Kurtka polarowa: 100% poliestru mikropolarowego\n- Szwy: Spawane\n- Kieszenie: 4 zamek b\u0142yskawiczny z klap\u0105\n- Kaptur: Od\u0142\u0105czany, wy\u015bcie\u0142any siatk\u0105, zamocowany za pomoc\u0105 guzik\u00f3w i zatrzask\u00f3w\n- R\u0119kawy: Patyki zaczepne\n- Cechy: Wewn\u0119trzny zamek b\u0142yskawiczny dla personalizacji"},"h1":{"fr":"Parka 3 en 1 homme k657","en":"3-in-1 men's parka k657","de":"3-in-1-Parka Mann k657","nl":"3 in 1 parka mann k657","es":"Parka 3 en 1 hombre k657","it":"Giacca parka 3 in 1 uomo k657","sv":"Parka 3 i 1 man k657","pt":"Parka 3 em 1 homem k657","da":"Mand 3 i 1 parka k657","pl":"Kurtka 3 w 1 m\u0119\u017cczyzna k657"},"meta_description":{"fr":"Parka polaire veste 3 en 1 homme. Coutures thermosoud\u00e9es \u00e9tanches, doublure bi-mati\u00e8re et capuche amovible. Id\u00e9al pour diverses conditions m\u00e9t\u00e9orologiques.","en":"3-in-1 men's parka jacket. Waterproof sealed seams, bi-material lining and removable hood. Ideal for various weather conditions.","de":"3-in-1-Parka Polarfleecejacke Mann. Thermoversiegelte wasserdichte N\u00e4hte, doppellagige Innenausstattung und abnehmbare Kapuze. Ideal f\u00fcr verschiedene Wetterbedingungen.","nl":"3 in 1 polaire parka mann. Waterdichte thermisch gelaste naden, bi-materiaal voering en afneembare kap. Ideaal voor verschillende weersomstandigheden.","es":"Parka de chaqueta polar 3 en 1 hombre. Costuras termoselladas impermeables, forro bimaterial y capucha desmontable. Ideal para diversas condiciones meteorol\u00f3gicas.","it":"Giacca parka polare 3 in 1 uomo. Cuciture termosaldate impermeabili, fodera bimatere e cappuccio rimovibile. Ideale per diverse condizioni meteorologiche.","sv":"Polarjacka parka 3 i 1 man. T\u00e4ta termosvetsade s\u00f6mmar, dubbelmaterials insida och avtagbar huva. Idealisk f\u00f6r olika v\u00e4derf\u00f6rh\u00e5llanden.","pt":"Parka polar veste 3 em 1 homem. Costuras termossoldadas estanques, forro de material duplo e capuz remov\u00edvel. Ideal para diversas condi\u00e7\u00f5es meteorol\u00f3gicas.","da":"Mand parka vest 3 i 1. T\u00e6tningssvetsede s\u00f8mme, dobbeltlagsforing og fjernbar kappe. Ideel til forskellige vejrforhold.","pl":"Kurtka polarowa kurtka 3 w 1 m\u0119\u017cczyzna. Spawane uszczelniaj\u0105ce szwy, dwuwarstwowa podszewka i od\u0142\u0105czana kaptur. Idealny do r\u00f3\u017cnych warunk\u00f3w pogodowych."}},"custom":{"title":{"fr":"Parka 3 en 1 homme KARIBAN personnalisable avec votre logo k657","en":"3-in-1 men's KARIBAN parka customizable with your logo k657","de":"3-in-1-Parka f\u00fcr M\u00e4nner KARIBAN mit Ihrem Logo personalisierbar k657","nl":"Parka 3 in 1 man KARIBAN persoonlijk met uw logo k657","es":"Parka 3 en 1 hombre KARIBAN personalizable con su logo k657","it":"Parka 3 in 1 uomo KARIBAN personalizzabile con il vostro logo k657","sv":"3-in-1 parka f\u00f6r m\u00e4n KARIBAN anpassbar med ert logotyp k657","pt":"Parka 3 em 1 homem KARIBAN personaliz\u00e1vel com seu logo k657","da":"Parka 3 i 1 mand KARIBAN personlig med dit logo k657","pl":"M\u0119ski 3 w 1 parka KARIBAN personalizowalny z Twoim logo k657"},"description":{"fr":"Parka 3 en 1 homme combinant confort et protection. Con\u00e7u en 100% polyester enduit PVC avec coutures thermosoud\u00e9es \u00e9tanches, ce parka offre une imperm\u00e9abilit\u00e9 optimale. Il comprend une doublure int\u00e9rieure bi-mati\u00e8re, avec un corps en filet 100% polyester et des manches en 100% polyester. Fermeture zipp\u00e9e s\u00e9curis\u00e9e par une patte de boutonnage \u00e0 pressions et un int\u00e9rieur col en polaire pour plus de chaleur. Il dispose de 4 poches avant zipp\u00e9es avec rabat, de pattes de serrage bas de manches auto-agrippantes et d'une capuche amovible doubl\u00e9e en filet avec boutonnage \u00e0 pressions et stoppers. Un zip int\u00e9rieur permet la personnalisation facile. La veste polaire amovible, en micropolaire 100% polyester, assure une isolation suppl\u00e9mentaire et se fixe \u00e0 la parka par un zip. Ses manches doubl\u00e9es en 100% polyester facilitent le passage des bras. La veste polaire est \u00e9galement dot\u00e9e d'une fermeture zipp\u00e9e et de 2 poches lat\u00e9rales. Ce parka est personnalisable, notamment par broderie ou transfert, permettant d'y apposer votre logo ou votre visuel.\n\n- 100% polyester enduction PVC\n- Coutures thermosoud\u00e9es \u00e9tanches\n- Doublure int\u00e9rieure bi-mati\u00e8re : Corps : filet 100% polyester \/ Manches : 100% polyester\n- Int\u00e9rieur col polaire\n- 4 poches avant zipp\u00e9es avec rabat\n- Pattes de serrage bas de manches auto-agrippantes\n- Capuche amovible doubl\u00e9e en filet avec boutonnage \u00e0 pressions + stoppers\n- Zip int\u00e9rieur pour personnalisation\n- Veste polaire : Micropolaire 100% polyester \/ Manches doubl\u00e9es 100% polyester\n- 2 poches c\u00f4t\u00e9\n- Veste polaire rattach\u00e9e \u00e0 la parka par zip","en":"3-in-1 men's parka combining comfort and protection. Made of 100% PVC-coated polyester with sealed heat-sealed seams, this parka offers optimal waterproofing. It includes a bi-material inner lining, with a body in 100% polyester mesh and sleeves in 100% polyester. Secure zipper closure with a button tab with press studs and an inner collar in fleece for more warmth. It features 4 front zippered pockets with flaps, self-gripping cuff adjustments, and a removable hood lined with mesh with button closure and stoppers. An inner zipper allows for easy customization. The removable fleece jacket, in 100% polyester microfleece, provides additional insulation and attaches to the parka by a zipper. Its sleeves lined in 100% polyester facilitate the passage of the arms. The fleece jacket is also equipped with a zipper closure and 2 side pockets. This parka is customizable, notably by embroidery or transfer, allowing you to add your logo or your visual.","de":"3-in-1-Parka f\u00fcr M\u00e4nner, die Komfort und Schutz kombinieren. Aus 100% Polyester mit PVC-Beschichtung und wasserdichten thermisch verschwei\u00dften N\u00e4hten f\u00fcr optimale Wasserfestigkeit. Mit Innenfutter aus zwei Materialien, wobei der K\u00f6rper aus Netz 100% Polyester und die \u00c4rmel aus 100% Polyester bestehen. Sicherer Rei\u00dfverschluss mit Druckknopfklappe und Innenkragen aus Polojacke f\u00fcr zus\u00e4tzliche W\u00e4rme. Vier Vordertaschen mit Rei\u00dfverschluss und Klappe, Manschettenb\u00fcndchen mit Klettverschluss und abnehmbare Kapuze mit Netzfutter und Druckknopfverschluss mit Endstoppern. Ein Innenrei\u00dfverschluss erm\u00f6glicht eine einfache Personalisierung. Die abnehmbare Polojacke aus Mikrofaser 100% Polyester bietet zus\u00e4tzliche Isolierung und wird durch einen Rei\u00dfverschluss an der Parka befestigt. Die \u00c4rmel der Polojacke sind mit 100% Polyester gef\u00fcttert, um das Durchziehen der Arme zu erleichtern. Die Polojacke verf\u00fcgt auch \u00fcber einen Rei\u00dfverschluss und zwei Seitentaschen. Diese Parka ist personalisierbar, insbesondere durch Stickerei oder Transfer, sodass Ihr Logo oder Ihr Bild darauf angebracht werden kann.","nl":"Parka 3 in 1 man die comfort en bescherming combineert. Ontworpen van 100% polyester PVC-bescherming met waterdichte thermisch gelaste naden, biedt deze parka optimale waterdichtheid. Het bevat een binnenvlies van twee materialen, met een lichaam van gaas 100% polyester en mouwen van 100% polyester. Geveerd met een gesloten zip met een drukknoplap en een binnencollijne polaire voor extra warmte. Het heeft 4 voorzippockets met flap, onderarmklemmen met zelfklevende banden en een verwijderbare capuchon met gaasbinnenvlies met drukknopsluiter en stoppers. Een binnenzip zorgt voor eenvoudige persoonlijking. De verwijderbare vester polaire van 100% micropolyester biedt extra isolatie en wordt aan de parka vastgemaakt met een zip. Zijn in 100% polyester geborduurde mouwen maken het gemakkelijker om door te steken. De polaire vester heeft ook een zippersluiting en 2 zijpockets. Deze parka is persoonlijk te maken, bijvoorbeeld door borduren of overdrukken, zodat uw logo of visuele erop te zetten.","es":"Parka 3 en 1 hombre combinando confort y protecci\u00f3n. Dise\u00f1ado en 100% poli\u00e9ster recubierto PVC con costuras termo selladas estancas, esta parka ofrece una impermeabilidad \u00f3ptima. Incluye un forro interior bi-materia, con cuerpo en malla 100% poli\u00e9ster y mangas en 100% poli\u00e9ster. Cierre cremallera asegurado por una solapa de botones de presi\u00f3n y un interior cuello polar para m\u00e1s calor. Dispone de 4 bolsillos delanteros con cremallera y solapa, mu\u00f1equeras con cierre de velcro y una capucha desmontable forrada en malla con botones de presi\u00f3n y topes. Una cremallera interior permite una personalizaci\u00f3n f\u00e1cil. La chaqueta polar desmontable, en micropolar 100% poli\u00e9ster, asegura un aislamiento adicional y se fija a la parka por una cremallera. Sus mangas forradas en 100% poli\u00e9ster facilitan el paso de los brazos. La chaqueta polar tambi\u00e9n est\u00e1 dotada de una cremallera y 2 bolsillos laterales. Esta parka es personalizable, especialmente por bordado o transferencia, permitiendo a\u00f1adir su logo o su visuel.\n\n- 100% poli\u00e9ster recubrimiento PVC\n- Costuras termo selladas estancas\n- Forro interior bi-materia : Cuerpo : malla 100% poli\u00e9ster \/ Mangas : 100% poli\u00e9ster\n- Interior cuello polar\n- 4 bolsillos delanteros con cremallera y solapa\n- Mu\u00f1equeras con cierre de velcro\n- Capucha desmontable forrada en malla con botones de presi\u00f3n + topes\n- Cremallera interior para personalizaci\u00f3n\n- Chaqueta polar : Micropolar 100% poli\u00e9ster \/ Mangas forradas 100% poli\u00e9ster\n- 2 bolsillos laterales\n- Chaqueta polar unida a la parka por cremallera","it":"Parka 3 in 1 uomo che combina comfort e protezione. Realizzato in 100% poliestere rivestito in PVC con cuciture termo-saldate impermeabili, questo parka offre un'impermeabilit\u00e0 ottimale. Comprende una fodera interna bimateriale, con il corpo in rete 100% poliestere e le maniche in 100% poliestere. Chiusura a zip sicura con patta a bottone a pressione e collo interno in pile per pi\u00f9 calore. Dispone di 4 tasche frontali a zip con lembo, patte di regolazione in basso a maniche auto-aderenti e un cappuccio rimovibile fodrato in rete con bottone a pressione e fermagli. Una zip interna permette una personalizzazione facile. La giacca in pile rimovibile, in micro-pile 100% poliestere, garantisce un'isolamento aggiuntivo e si fissa al parka tramite una zip. Le sue maniche fodrate in 100% poliestere facilitano il passaggio delle braccia. La giacca in pile \u00e8 dotata anche di una chiusura a zip e 2 tasche laterali. Questo parka \u00e8 personalizzabile, in particolare con ricamo o trasferimento, permettendo di applicare il vostro logo o il vostro visivo.\n\n- 100% poliestere rivestimento PVC\n- Cuciture termo-saldate impermeabili\n- Fodera interna bimateriale: Corpo: rete 100% poliestere \/ Maniche: 100% poliestere\n- Collo interno in pile\n- 4 tasche frontali a zip con lembo\n- Patte di regolazione in basso a maniche auto-aderenti\n- Cappuccio rimovibile fodrato in rete con bottone a pressione + fermagli\n- Zip interna per personalizzazione\n- Giacca in pile: Micro-pile 100% poliestere \/ Maniche fodrate 100% poliestere\n- 2 tasche laterali\n- Giacca in pile attaccata al parka tramite zip","sv":"3-in-1 parka f\u00f6r m\u00e4n som kombinerar komfort och skydd. Tillverkad i 100% polyester med PVC-bel\u00e4ggning och vattent\u00e4ta termosvetsade s\u00f6mmar, erbjuder denna parka optimal vattent\u00e4thet. Den har en dubbelmaterials insida med kropp i 100% polyester-n\u00e4t och \u00e4rmar i 100% polyester. S\u00e4kerhetsb\u00e4ltessp\u00e4nne och knappsats med knappl\u00e5s och en pol\u00e4r insida i kragen f\u00f6r extra v\u00e4rme. Den har 4 framifack med dragkedja och kl\u00e4mmor, armband med kl\u00e4mmor och en avtagbar huva med knappsats och stoppare. En inre dragkedja g\u00f6r det enkelt att anpassa. Den avtagbara polojackan, i mikropolar 100% polyester, ger ytterligare isolering och f\u00e4sts i parkan med en dragkedja. Dess insatta \u00e4rmar i 100% polyester underl\u00e4ttar axelr\u00f6relsen. Polojackan har ocks\u00e5 en dragkedja och 2 sidofack. Parkan kan anpassas, till exempel genom broderi eller \u00f6verf\u00f6ring, vilket g\u00f6r att ni kan applicera ert logotyp eller er bild.","pt":"Parka 3 em 1 homem combinando conforto e prote\u00e7\u00e3o. Feito em 100% poli\u00e9ster revestido PVC com costuras termossoldadas estanques, essa parka oferece impermeabilidade \u00f3tima. Ela inclui um forro interno bimaterial, com um corpo em malha 100% poli\u00e9ster e mangas em 100% poli\u00e9ster. Fechamento z\u00edper com aba de bot\u00f5es com press\u00f5es e colar interno em polar para mais calor. Possui 4 bolsos frontais com z\u00edper e aba, aba de aperto nas mangas autoadesiva e capuz remov\u00edvel com malha e bot\u00f5es com press\u00f5es e stoppers. Um z\u00edper interno permite a personaliza\u00e7\u00e3o f\u00e1cil. A jaqueta polar remov\u00edvel, em micropolar 100% poli\u00e9ster, garante um isolamento adicional e se fixa \u00e0 parka por um z\u00edper. Suas mangas com forro em 100% poli\u00e9ster facilitam o movimento dos bra\u00e7os. A jaqueta polar tamb\u00e9m possui fechamento z\u00edper e 2 bolsos laterais. Essa parka \u00e9 personaliz\u00e1vel, especialmente por bordado ou transfer\u00eancia, permitindo a aplica\u00e7\u00e3o do seu logo ou visual.","da":"Parka 3 i 1 mand kombinerer komfort og beskyttelse. Udformet i 100% polyester belagt med PVC med vandt\u00e6tte varmesvejsede s\u00f8mme, giver parka optimal vandafvisning. Den har en indvendig dobbeltmateriale indl\u00e6gning, med en krop i net 100% polyester og \u00e6rmer i 100% polyester. Sikret zip med knap med trykknapper og indvendig polokrave for mere varme. Den har 4 forpuder med zip og klap, selvlukkende bund af \u00e6rmetilpasninger og en fjernbar kappe med indl\u00e6gning i net med knap og stoppere. En indvendig zip tillader nem personligg\u00f8relse. Den fjernbare polojakke i mikropol\u00e6r 100% polyester sikrer ekstra isolation og fastg\u00f8res til parka med en zip. Dens \u00e6rmer er forst\u00e6rket med 100% polyester for nem passage af arme. Polojakken har ogs\u00e5 en zip og 2 siderpuder. Parka kan personligg\u00f8res, is\u00e6r ved broderi eller overf\u00f8rsel, hvilket g\u00f8r det muligt at p\u00e5f\u00f8re dit logo eller dit visuelle.","pl":"M\u0119ski 3 w 1 parka \u0142\u0105cz\u0105cy komfort i ochron\u0119. Wykonany z 100% poliestru pokrytego PVC z termoutwardzonymi szwami, zapewnia optymaln\u0105 wodoodporno\u015b\u0107. Ma podw\u00f3jn\u0105 wk\u0142adk\u0119, z tu\u0142owiem z siatki 100% poliestru i r\u0119kawami z 100% poliestru. Bezpieczna zapi\u0119ta z zamek b\u0142yskawiczy z klapk\u0105 przyciskow\u0105 i wewn\u0119trznym ko\u0142nierzem polarowym dla dodatkowego ciep\u0142a. Dwa przednie zapi\u0119te kieszenie z klapk\u0105, zapi\u0119cia na r\u0119kawach i od\u0142\u0105czalna czapka z siatki z zapi\u0119ciem na przyciski i zatrzaskami. Wewn\u0119trzny zamek b\u0142yskawiczy pozwala na \u0142atw\u0105 personalizacj\u0119. Od\u0142\u0105czalna kurtka polarowa, z mikropolaru 100% poliestru, zapewnia dodatkow\u0105 izolacj\u0119 i zamocowana do parki za pomoc\u0105 zamek b\u0142yskawiczy. R\u0119kawy z podw\u00f3jn\u0105 wk\u0142adk\u0105 100% poliestru u\u0142atwiaj\u0105 przechodzenie r\u0105k. Kurtka polarowa ma r\u00f3wnie\u017c zapi\u0119cie z zamek b\u0142yskawiczy i dwie boczne kieszenie. Parka jest personalizowalny, mi\u0119dzy innymi przez haft lub transfer, co pozwala na umieszczenie Twojego loga lub wzoru."},"h1":{"fr":"Parka 3 en 1 homme personnalisable avec votre visuel k657","en":"3-in-1 men's parka customizable with your visual k657","de":"3-in-1-Parka f\u00fcr M\u00e4nner mit Ihrem Bild personalisierbar k657","nl":"Parka 3 in 1 man persoonlijk met uw visuele k657","es":"Parka 3 en 1 hombre personalizable con su visuel k657","it":"Parka 3 in 1 uomo personalizzabile con il vostro visivo k657","sv":"3-in-1 parka f\u00f6r m\u00e4n anpassbar med er bild k657","pt":"Parka 3 em 1 homem personaliz\u00e1vel com seu vis\u00edvel k657","da":"Parka 3 i 1 mand personlig med dit visuelle k657","pl":"M\u0119ski 3 w 1 parka personalizowalny z Twoim wzorem k657"},"meta_description":{"fr":"Parka 3 en 1 homme imperm\u00e9able avec veste polaire amovible. Personnalisable par broderie ou transfert. Id\u00e9al pour vos \u00e9v\u00e9nements et communication.","en":"Waterproof 3-in-1 men's parka with removable fleece jacket. Customizable by embroidery or transfer. Ideal for your events and communication.","de":"3-in-1-Parka f\u00fcr M\u00e4nner wasserdicht mit abnehmbarer Polojacke. Personalisierbar durch Stickerei oder Transfer. Ideal f\u00fcr Ihre Veranstaltungen und Kommunikation.","nl":"Parka 3 in 1 waterdichte man met een verwijderbare vester polaire. Persoonlijk gemaakt met borduurwerk of overdracht. Ideaal voor uw evenementen en communicatie.","es":"Parka 3 en 1 hombre impermeable con chaqueta polar desmontable. Personalizable por bordado o transferencia. Ideal para sus eventos y comunicaci\u00f3n.","it":"Parka 3 in 1 uomo impermeabile con giacca in pile rimovibile. Personalizzabile con ricamo o trasferimento. Ideale per i vostri eventi e comunicazione.","sv":"3-in-1 parka f\u00f6r m\u00e4n vattent\u00e4t med avtagbar polojacka. Anpassbar genom broderi eller \u00f6verf\u00f6ring. Idealiskt f\u00f6r era evenemang och kommunikation.","pt":"Parka 3 em 1 homem imperme\u00e1vel com jaqueta polar remov\u00edvel. Personaliz\u00e1vel por bordado ou transfer\u00eancia. Ideal para seus eventos e comunica\u00e7\u00e3o.","da":"Parka 3 i 1 mand vandafvisende med fjernbar polojakke. Kan personligg\u00f8res ved broderi eller overf\u00f8rsel. Ideel til dine arrangementer og kommunikation.","pl":"Wodoodporny 3 w 1 parka dla m\u0119\u017cczyzn z od\u0142\u0105czaln\u0105 kurtk\u0105 polarow\u0105. Mo\u017cna personalizowa\u0107 przez haft lub transfer. Idealny dla Twoich wydarze\u0144 i komunikacji."}}},"categories":[{"id":301,"name":"Parkas et blousons","singular":"Parka et blouson","is_feminin":false},{"id":13,"name":"Vestes et manteaux","singular":"Veste et manteau","is_feminin":true},{"id":354,"name":"Textile","singular":"Textile","is_feminin":false}],"certifications":[],"videos":{"fr":[],"en":[],"de":[],"nl":[],"es":[],"it":[],"sv":[],"pt":[],"da":[],"pl":[]},"main_images":{"miniature":"https:\/\/media.th4.com\/YMhjLE3WK8h_rnKp6242oVTyviewYSFbNvZObCj1i1s\/pr:80\/aHR0cDovL21lZGlhMi5kZXNpZ25wYXJ0bmVyLmZyL2MvcC1NVC8xNDQxLmpwZw?v=1670844123","medium":"https:\/\/media.th4.com\/9VZJknaWyzkAW8yzVmy0wS_I4DJBQUqbLnnW_ZU8zsE\/pr:550x550greybg\/aHR0cDovL21lZGlhMi5kZXNpZ25wYXJ0bmVyLmZyL2MvcC1NVC8xNDQxLmpwZw?v=1670844123","medium_large":"https:\/\/media.th4.com\/nZSUcw29e-riaODJBqc-oG8zKLegqnIcoVUWNbsbMWQ\/pr:1000x1000greybg\/aHR0cDovL21lZGlhMi5kZXNpZ25wYXJ0bmVyLmZyL2MvcC1NVC8xNDQxLmpwZw?v=1670844123","large":"https:\/\/media.th4.com\/aTS_Yw7NYj1rhyNQpx3p57-ZFfcawS4A6voj9XgfIpw\/pr:1920greybg\/aHR0cDovL21lZGlhMi5kZXNpZ25wYXJ0bmVyLmZyL2MvcC1NVC8xNDQxLmpwZw?v=1670844123","opengraph":"https:\/\/media.th4.com\/NuMgVe6wuHY1UZSQWZESnNkZh8hWobWAsWhClOKrnmU\/pr:1200x630greybg\/aHR0cDovL21lZGlhMi5kZXNpZ25wYXJ0bmVyLmZyL2MvcC1NVC8xNDQxLmpwZw?v=1670844123"},"main_images_customization":{"miniature":"https:\/\/media.th4.com\/YMhjLE3WK8h_rnKp6242oVTyviewYSFbNvZObCj1i1s\/pr:80\/aHR0cDovL21lZGlhMi5kZXNpZ25wYXJ0bmVyLmZyL2MvcC1NVC8xNDQxLmpwZw?v=1670844123","medium":"https:\/\/media.th4.com\/9VZJknaWyzkAW8yzVmy0wS_I4DJBQUqbLnnW_ZU8zsE\/pr:550x550greybg\/aHR0cDovL21lZGlhMi5kZXNpZ25wYXJ0bmVyLmZyL2MvcC1NVC8xNDQxLmpwZw?v=1670844123","medium_large":"https:\/\/media.th4.com\/nZSUcw29e-riaODJBqc-oG8zKLegqnIcoVUWNbsbMWQ\/pr:1000x1000greybg\/aHR0cDovL21lZGlhMi5kZXNpZ25wYXJ0bmVyLmZyL2MvcC1NVC8xNDQxLmpwZw?v=1670844123","large":"https:\/\/media.th4.com\/aTS_Yw7NYj1rhyNQpx3p57-ZFfcawS4A6voj9XgfIpw\/pr:1920greybg\/aHR0cDovL21lZGlhMi5kZXNpZ25wYXJ0bmVyLmZyL2MvcC1NVC8xNDQxLmpwZw?v=1670844123","opengraph":"https:\/\/media.th4.com\/NuMgVe6wuHY1UZSQWZESnNkZh8hWobWAsWhClOKrnmU\/pr:1200x630greybg\/aHR0cDovL21lZGlhMi5kZXNpZ25wYXJ0bmVyLmZyL2MvcC1NVC8xNDQxLmpwZw?v=1670844123"},"page_links":{"fr":"\/fr\/p-ka-k657-parka-3-en-1-homme-k657-1441\/","en":"\/en\/p-ka-k657-3-in-1-mens-parka-k657-1441\/","de":"\/de\/p-ka-k657-3-in-1-parka-mann-k657-1441\/","nl":"\/nl\/p-ka-k657-3-in-1-parka-mann-k657-1441\/","es":"\/es\/p-ka-k657-parka-3-en-1-hombre-k657-1441\/","it":"\/it\/p-ka-k657-giacca-parka-3-in-1-uomo-k657-1441\/","sv":"\/sv\/p-ka-k657-parka-3-i-1-man-k657-1441\/","pt":"\/pt\/p-ka-k657-parka-3-em-1-homem-k657-1441\/","da":"\/da\/p-ka-k657-mand-3-i-1-parka-k657-1441\/","pl":"\/pl\/p-ka-k657-kurtka-3-w-1-mezczyzna-k657-1441\/"},"page_links_customization":{"fr":"\/fr\/p-ka-k657-parka-3-en-1-homme-personnalisable-avec-votre-visuel-k657-1441\/custom\/","en":"\/en\/p-ka-k657-3-in-1-mens-parka-customizable-with-your-visual-k657-1441\/custom\/","de":"\/de\/p-ka-k657-3-in-1-parka-fur-manner-mit-ihrem-bild-personalisierbar-k657-1441\/custom\/","nl":"\/nl\/p-ka-k657-parka-3-in-1-man-persoonlijk-met-uw-visuele-k657-1441\/custom\/","es":"\/es\/p-ka-k657-parka-3-en-1-hombre-personalizable-con-su-visuel-k657-1441\/custom\/","it":"\/it\/p-ka-k657-parka-3-in-1-uomo-personalizzabile-con-il-vostro-visivo-k657-1441\/custom\/","sv":"\/sv\/p-ka-k657-3-in-1-parka-for-man-anpassbar-med-er-bild-k657-1441\/custom\/","pt":"\/pt\/p-ka-k657-parka-3-em-1-homem-personalizavel-com-seu-visivel-k657-1441\/custom\/","da":"\/da\/p-ka-k657-parka-3-i-1-mand-personlig-med-dit-visuelle-k657-1441\/custom\/","pl":"\/pl\/p-ka-k657-meski-3-w-1-parka-personalizowalny-z-twoim-wzorem-k657-1441\/custom\/"},"equivalent_products":[],"colors":[{"id":1261,"name":"navy","class_ids":[2],"codes_hexa":["012942"],"delai_24":false,"has_3d":false,"seuil_global":0,"stock_local":0,"stock_global":3714,"on_standby":false,"in_catalog":true,"images":{"miniature":["https:\/\/media.th4.com\/LUj67LFgi23be4Iep5aS97Sm95bHr75JMzLlf5W7sEw\/pr:80\/aHR0cDovL21lZGlhMi5kZXNpZ25wYXJ0bmVyLmZyL2MvcC8xNDQxLzE0NDEtMTI2MS0xLmpwZw?v=1638344095","https:\/\/media.th4.com\/74DnSnQgxgX1nVid6-UE-zutxUHn1G-rVuca1ATtvC4\/pr:80\/aHR0cDovL21lZGlhMi5kZXNpZ25wYXJ0bmVyLmZyL2MvcC8xNDQxLzE0NDEtMTI2MS0yLmpwZw?v=1638344096","https:\/\/media.th4.com\/d094Yf2ZHbzcGRAj0lZ9AVubiEkxtIeYzqfkOYFZaSU\/pr:80\/aHR0cDovL21lZGlhMi5kZXNpZ25wYXJ0bmVyLmZyL2MvcC8xNDQxLzE0NDEtMTI2MS0zLmpwZw?v=1638344096"],"medium":["https:\/\/media.th4.com\/BHsa1UT_-x5RKMIFJrzMpMRH28o4rvfBCDV0AlOJEv4\/pr:550x550\/aHR0cDovL21lZGlhMi5kZXNpZ25wYXJ0bmVyLmZyL2MvcC8xNDQxLzE0NDEtMTI2MS0xLmpwZw?v=1638344095","https:\/\/media.th4.com\/mnDfWNNBnG9GaceZ-OXZki5hiofINqsnGLboeRR5uBo\/pr:550x550\/aHR0cDovL21lZGlhMi5kZXNpZ25wYXJ0bmVyLmZyL2MvcC8xNDQxLzE0NDEtMTI2MS0yLmpwZw?v=1638344096","https:\/\/media.th4.com\/h8X63f1myF-943Ptn-rQ2l9oQSp46wsMq-Wp50FC3rc\/pr:550x550\/aHR0cDovL21lZGlhMi5kZXNpZ25wYXJ0bmVyLmZyL2MvcC8xNDQxLzE0NDEtMTI2MS0zLmpwZw?v=1638344096"],"medium_large":["https:\/\/media.th4.com\/1iWu8Pn4o6yXECY_7dXLk_TgyoyFH148-9bCD89C6BE\/pr:1000x1000\/aHR0cDovL21lZGlhMi5kZXNpZ25wYXJ0bmVyLmZyL2MvcC8xNDQxLzE0NDEtMTI2MS0xLmpwZw?v=1638344095","https:\/\/media.th4.com\/eiuPbpiPpAIjwY3hVfYEAj4YvARv-VSwyEGveiJE5rg\/pr:1000x1000\/aHR0cDovL21lZGlhMi5kZXNpZ25wYXJ0bmVyLmZyL2MvcC8xNDQxLzE0NDEtMTI2MS0yLmpwZw?v=1638344096","https:\/\/media.th4.com\/4eKRAAnRKYoP8uqYKrN84Q9oAcdi8uorgFOwmaVCOSA\/pr:1000x1000\/aHR0cDovL21lZGlhMi5kZXNpZ25wYXJ0bmVyLmZyL2MvcC8xNDQxLzE0NDEtMTI2MS0zLmpwZw?v=1638344096"],"large":["https:\/\/media.th4.com\/U80Y-IwfN_qPCl1NBsDDbg7zaxUrHj9lua5I7tmzGjU\/pr:1920\/aHR0cDovL21lZGlhMi5kZXNpZ25wYXJ0bmVyLmZyL2MvcC8xNDQxLzE0NDEtMTI2MS0xLmpwZw?v=1638344095","https:\/\/media.th4.com\/XMstqqu8FvHbIROwrKrp7uEEdkdYrf8axh7oWjCNvFs\/pr:1920\/aHR0cDovL21lZGlhMi5kZXNpZ25wYXJ0bmVyLmZyL2MvcC8xNDQxLzE0NDEtMTI2MS0yLmpwZw?v=1638344096","https:\/\/media.th4.com\/zb5kw7uEHtoX8DDSRzSsyxfbSxflmWBldFx9dr96ZMw\/pr:1920\/aHR0cDovL21lZGlhMi5kZXNpZ25wYXJ0bmVyLmZyL2MvcC8xNDQxLzE0NDEtMTI2MS0zLmpwZw?v=1638344096"],"opengraph":["https:\/\/media.th4.com\/dMQDmJRLWfm7JJ0yBuVi8BdrovX6dGMiG-XzJYMQKIo\/pr:1200x630\/aHR0cDovL21lZGlhMi5kZXNpZ25wYXJ0bmVyLmZyL2MvcC8xNDQxLzE0NDEtMTI2MS0xLmpwZw?v=1638344095","https:\/\/media.th4.com\/FkejVJ8Lfax1emtHIiGHfKoOvnBOx6nLEcxA5ZR4E3o\/pr:1200x630\/aHR0cDovL21lZGlhMi5kZXNpZ25wYXJ0bmVyLmZyL2MvcC8xNDQxLzE0NDEtMTI2MS0yLmpwZw?v=1638344096","https:\/\/media.th4.com\/KRW06nQXj0U0KVWyQuxQggzTG1QcSTbZYKMbql6m7c0\/pr:1200x630\/aHR0cDovL21lZGlhMi5kZXNpZ25wYXJ0bmVyLmZyL2MvcC8xNDQxLzE0NDEtMTI2MS0zLmpwZw?v=1638344096"]},"images_customization":{"miniature":["https:\/\/media.th4.com\/L73xiiTLfdq6PumeLJNRQNenOZ-BV_0-nYPceLUxIQU\/pr:80\/aHR0cDovL21lZGlhMi5kZXNpZ25wYXJ0bmVyLmZyL2MvcC1zaG9wcGluZy1jdXN0b20tVEgvMTQ0MS8xNDQxLTEyNjEtMS5qcGc?v=1737557185"],"medium":["https:\/\/media.th4.com\/6TvwJQMBygVunk70w48fbsWrRwcc9hVRd3cBmELMnxA\/pr:550x550\/aHR0cDovL21lZGlhMi5kZXNpZ25wYXJ0bmVyLmZyL2MvcC1zaG9wcGluZy1jdXN0b20tVEgvMTQ0MS8xNDQxLTEyNjEtMS5qcGc?v=1737557185"],"medium_large":["https:\/\/media.th4.com\/iaaxeB7x2LqnuX55Ja1f20WBFbZ0txx9o4jasPeapFM\/pr:1000x1000\/aHR0cDovL21lZGlhMi5kZXNpZ25wYXJ0bmVyLmZyL2MvcC1zaG9wcGluZy1jdXN0b20tVEgvMTQ0MS8xNDQxLTEyNjEtMS5qcGc?v=1737557185"],"large":["https:\/\/media.th4.com\/pLoP56uHRp9roWfxLOsJZBEHqRDR7DlgDUk65asT-NM\/pr:1920\/aHR0cDovL21lZGlhMi5kZXNpZ25wYXJ0bmVyLmZyL2MvcC1zaG9wcGluZy1jdXN0b20tVEgvMTQ0MS8xNDQxLTEyNjEtMS5qcGc?v=1737557185"],"opengraph":["https:\/\/media.th4.com\/qZW9loH44qAIbo5v4pUGUONYPYFSVh41JHUBsa6Alho\/pr:1200x630\/aHR0cDovL21lZGlhMi5kZXNpZ25wYXJ0bmVyLmZyL2MvcC1zaG9wcGluZy1jdXN0b20tVEgvMTQ0MS8xNDQxLTEyNjEtMS5qcGc?v=1737557185"]},"country_origin":"CN","traceability":{"manufacturing_country_id":null,"weaving_country_id":null,"dyeing_country_id":null},"sizes":[{"id":5,"article_id":36087,"class_id":2,"name":"XS","on_standby":false,"stock_local":0,"stock_global":54,"multiple":1,"estimated_date_reassort":null,"is_destocking":false},{"id":3,"article_id":36088,"class_id":3,"name":"S","on_standby":false,"stock_local":0,"stock_global":517,"multiple":1,"estimated_date_reassort":null,"is_destocking":false},{"id":2,"article_id":36089,"class_id":4,"name":"M","on_standby":false,"stock_local":0,"stock_global":1005,"multiple":1,"estimated_date_reassort":null,"is_destocking":false},{"id":1,"article_id":36090,"class_id":5,"name":"L","on_standby":false,"stock_local":0,"stock_global":1028,"multiple":1,"estimated_date_reassort":null,"is_destocking":false},{"id":4,"article_id":36091,"class_id":6,"name":"XL","on_standby":false,"stock_local":0,"stock_global":627,"multiple":1,"estimated_date_reassort":null,"is_destocking":false},{"id":1116,"article_id":244417,"class_id":7,"name":"2XL","on_standby":false,"stock_local":0,"stock_global":382,"multiple":1,"estimated_date_reassort":null,"is_destocking":false},{"id":1081,"article_id":234980,"class_id":8,"name":"3XL","on_standby":false,"stock_local":0,"stock_global":101,"multiple":1,"estimated_date_reassort":null,"is_destocking":false}],"page_links":{"fr":"\/fr\/p-ka-k657-parka-3-en-1-homme-k657-1441\/navy-1261\/","en":"\/en\/p-ka-k657-3-in-1-mens-parka-k657-1441\/navy-1261\/","de":"\/de\/p-ka-k657-3-in-1-parka-mann-k657-1441\/navy-1261\/","nl":"\/nl\/p-ka-k657-3-in-1-parka-mann-k657-1441\/navy-1261\/","es":"\/es\/p-ka-k657-parka-3-en-1-hombre-k657-1441\/navy-1261\/","it":"\/it\/p-ka-k657-giacca-parka-3-in-1-uomo-k657-1441\/navy-1261\/","sv":"\/sv\/p-ka-k657-parka-3-i-1-man-k657-1441\/navy-1261\/","pt":"\/pt\/p-ka-k657-parka-3-em-1-homem-k657-1441\/navy-1261\/","da":"\/da\/p-ka-k657-mand-3-i-1-parka-k657-1441\/navy-1261\/","pl":"\/pl\/p-ka-k657-kurtka-3-w-1-mezczyzna-k657-1441\/navy-1261\/"},"page_links_customization":{"fr":"\/fr\/p-ka-k657-parka-3-en-1-homme-personnalisable-avec-votre-visuel-k657-1441\/navy-1261\/custom\/","en":"\/en\/p-ka-k657-3-in-1-mens-parka-customizable-with-your-visual-k657-1441\/navy-1261\/custom\/","de":"\/de\/p-ka-k657-3-in-1-parka-fur-manner-mit-ihrem-bild-personalisierbar-k657-1441\/navy-1261\/custom\/","nl":"\/nl\/p-ka-k657-parka-3-in-1-man-persoonlijk-met-uw-visuele-k657-1441\/navy-1261\/custom\/","es":"\/es\/p-ka-k657-parka-3-en-1-hombre-personalizable-con-su-visuel-k657-1441\/navy-1261\/custom\/","it":"\/it\/p-ka-k657-parka-3-in-1-uomo-personalizzabile-con-il-vostro-visivo-k657-1441\/navy-1261\/custom\/","sv":"\/sv\/p-ka-k657-3-in-1-parka-for-man-anpassbar-med-er-bild-k657-1441\/navy-1261\/custom\/","pt":"\/pt\/p-ka-k657-parka-3-em-1-homem-personalizavel-com-seu-visivel-k657-1441\/navy-1261\/custom\/","da":"\/da\/p-ka-k657-parka-3-i-1-mand-personlig-med-dit-visuelle-k657-1441\/navy-1261\/custom\/","pl":"\/pl\/p-ka-k657-meski-3-w-1-parka-personalizowalny-z-twoim-wzorem-k657-1441\/navy-1261\/custom\/"}},{"id":1520,"name":"black","class_ids":[4],"codes_hexa":["1a1a18"],"delai_24":false,"has_3d":false,"seuil_global":0,"stock_local":0,"stock_global":1747,"on_standby":false,"in_catalog":true,"images":{"miniature":["https:\/\/media.th4.com\/cWiL_OESbzwdRonrKtaex4qybFYpPkh2lUOURwjWdCI\/pr:80\/aHR0cDovL21lZGlhMi5kZXNpZ25wYXJ0bmVyLmZyL2MvcC8xNDQxLzE0NDEtMTUyMC0xLmpwZw?v=1638344096","https:\/\/media.th4.com\/-w5lHoD3P1Z5CSVFkkingakSKztNvsIbwySBg3R1RiE\/pr:80\/aHR0cDovL21lZGlhMi5kZXNpZ25wYXJ0bmVyLmZyL2MvcC8xNDQxLzE0NDEtMTUyMC0yLmpwZw?v=1638344096","https:\/\/media.th4.com\/hehaxaOzojExSBOHjrlmv0Pywv16BqlhL4vbd4ewGpk\/pr:80\/aHR0cDovL21lZGlhMi5kZXNpZ25wYXJ0bmVyLmZyL2MvcC8xNDQxLzE0NDEtMTUyMC0zLmpwZw?v=1638344096"],"medium":["https:\/\/media.th4.com\/-O5cdMvGwvvunlkWlWIJg0s5ISLS_qxCKepIuoM3tK4\/pr:550x550\/aHR0cDovL21lZGlhMi5kZXNpZ25wYXJ0bmVyLmZyL2MvcC8xNDQxLzE0NDEtMTUyMC0xLmpwZw?v=1638344096","https:\/\/media.th4.com\/S_l3JkENJP17clFqorR9cWj7Y9w5vfoc_jUG_SLnQZo\/pr:550x550\/aHR0cDovL21lZGlhMi5kZXNpZ25wYXJ0bmVyLmZyL2MvcC8xNDQxLzE0NDEtMTUyMC0yLmpwZw?v=1638344096","https:\/\/media.th4.com\/CgkOjEfwwa4ndgj_6hRF8hZCzddehrbyWQ4-5PAJUJg\/pr:550x550\/aHR0cDovL21lZGlhMi5kZXNpZ25wYXJ0bmVyLmZyL2MvcC8xNDQxLzE0NDEtMTUyMC0zLmpwZw?v=1638344096"],"medium_large":["https:\/\/media.th4.com\/dFPrucirWts0MI6IeTfY8V0URlC25Wr4r9HXzP6YfVE\/pr:1000x1000\/aHR0cDovL21lZGlhMi5kZXNpZ25wYXJ0bmVyLmZyL2MvcC8xNDQxLzE0NDEtMTUyMC0xLmpwZw?v=1638344096","https:\/\/media.th4.com\/XLW4jKRSFp5iTlJKZPi6sjSW-mJCho0vz3uRNHzAKVc\/pr:1000x1000\/aHR0cDovL21lZGlhMi5kZXNpZ25wYXJ0bmVyLmZyL2MvcC8xNDQxLzE0NDEtMTUyMC0yLmpwZw?v=1638344096","https:\/\/media.th4.com\/7eNx7wClgBQ2unhoogBshW6DrnmrZfh-8dgzX5gelNk\/pr:1000x1000\/aHR0cDovL21lZGlhMi5kZXNpZ25wYXJ0bmVyLmZyL2MvcC8xNDQxLzE0NDEtMTUyMC0zLmpwZw?v=1638344096"],"large":["https:\/\/media.th4.com\/UrlUsmxaBdP18UuFykblk7h8It3uncwxpKwIFSr6YBg\/pr:1920\/aHR0cDovL21lZGlhMi5kZXNpZ25wYXJ0bmVyLmZyL2MvcC8xNDQxLzE0NDEtMTUyMC0xLmpwZw?v=1638344096","https:\/\/media.th4.com\/vfRk_IyofssdTGM2tKrXMelbF_fnta4XgJQ43tbUnhk\/pr:1920\/aHR0cDovL21lZGlhMi5kZXNpZ25wYXJ0bmVyLmZyL2MvcC8xNDQxLzE0NDEtMTUyMC0yLmpwZw?v=1638344096","https:\/\/media.th4.com\/vOUi-UfGQ9Hyo0s3Gzg_ca2DCGPkrGxjs9Wti3k6IQ8\/pr:1920\/aHR0cDovL21lZGlhMi5kZXNpZ25wYXJ0bmVyLmZyL2MvcC8xNDQxLzE0NDEtMTUyMC0zLmpwZw?v=1638344096"],"opengraph":["https:\/\/media.th4.com\/VCiY2kXxM8pyFqhf7ChaQxgAtaYNw4cowYEBAwwZlwc\/pr:1200x630\/aHR0cDovL21lZGlhMi5kZXNpZ25wYXJ0bmVyLmZyL2MvcC8xNDQxLzE0NDEtMTUyMC0xLmpwZw?v=1638344096","https:\/\/media.th4.com\/Q6EJSrhnsWrAQjiMJ58v-Af4m5nGeSGKR4kX9A5RVyI\/pr:1200x630\/aHR0cDovL21lZGlhMi5kZXNpZ25wYXJ0bmVyLmZyL2MvcC8xNDQxLzE0NDEtMTUyMC0yLmpwZw?v=1638344096","https:\/\/media.th4.com\/x9V3FQe4jZAvu5beqYwrf-aIQ1ydz--4TTWKLRUOHmQ\/pr:1200x630\/aHR0cDovL21lZGlhMi5kZXNpZ25wYXJ0bmVyLmZyL2MvcC8xNDQxLzE0NDEtMTUyMC0zLmpwZw?v=1638344096"]},"images_customization":{"miniature":["https:\/\/media.th4.com\/7dWxpIq_ZTJ_lEukUNirMukF8cY4DqGyYAXTH6znKyQ\/pr:80\/aHR0cDovL21lZGlhMi5kZXNpZ25wYXJ0bmVyLmZyL2MvcC1zaG9wcGluZy1jdXN0b20tVEgvMTQ0MS8xNDQxLTE1MjAtMS5qcGc?v=1737557186"],"medium":["https:\/\/media.th4.com\/ppQZSODXFWN2fdmkYv2Q5hYPMtKqGwSrafSZ4NKk-oY\/pr:550x550\/aHR0cDovL21lZGlhMi5kZXNpZ25wYXJ0bmVyLmZyL2MvcC1zaG9wcGluZy1jdXN0b20tVEgvMTQ0MS8xNDQxLTE1MjAtMS5qcGc?v=1737557186"],"medium_large":["https:\/\/media.th4.com\/JwNbRb2C1HWQpgm5yKS9Zk7kOaz6dH-I-q_aUUdOrpE\/pr:1000x1000\/aHR0cDovL21lZGlhMi5kZXNpZ25wYXJ0bmVyLmZyL2MvcC1zaG9wcGluZy1jdXN0b20tVEgvMTQ0MS8xNDQxLTE1MjAtMS5qcGc?v=1737557186"],"large":["https:\/\/media.th4.com\/VmcOxRP-i_NxuQq_aKN5PdK99ekJL_ykmsWc7KUfumQ\/pr:1920\/aHR0cDovL21lZGlhMi5kZXNpZ25wYXJ0bmVyLmZyL2MvcC1zaG9wcGluZy1jdXN0b20tVEgvMTQ0MS8xNDQxLTE1MjAtMS5qcGc?v=1737557186"],"opengraph":["https:\/\/media.th4.com\/C5lefkudOcA3WaG-vuEbwFXH5q87MQWn2trcFzrkEjg\/pr:1200x630\/aHR0cDovL21lZGlhMi5kZXNpZ25wYXJ0bmVyLmZyL2MvcC1zaG9wcGluZy1jdXN0b20tVEgvMTQ0MS8xNDQxLTE1MjAtMS5qcGc?v=1737557186"]},"country_origin":"CN","traceability":{"manufacturing_country_id":null,"weaving_country_id":null,"dyeing_country_id":null},"sizes":[{"id":5,"article_id":99498,"class_id":2,"name":"XS","on_standby":false,"stock_local":0,"stock_global":68,"multiple":1,"estimated_date_reassort":null,"is_destocking":false},{"id":3,"article_id":36074,"class_id":3,"name":"S","on_standby":false,"stock_local":0,"stock_global":392,"multiple":1,"estimated_date_reassort":null,"is_destocking":false},{"id":2,"article_id":36075,"class_id":4,"name":"M","on_standby":false,"stock_local":0,"stock_global":474,"multiple":1,"estimated_date_reassort":null,"is_destocking":false},{"id":1,"article_id":36076,"class_id":5,"name":"L","on_standby":false,"stock_local":0,"stock_global":420,"multiple":1,"estimated_date_reassort":null,"is_destocking":false},{"id":4,"article_id":36077,"class_id":6,"name":"XL","on_standby":false,"stock_local":0,"stock_global":348,"multiple":1,"estimated_date_reassort":null,"is_destocking":false},{"id":1116,"article_id":244415,"class_id":7,"name":"2XL","on_standby":false,"stock_local":0,"stock_global":32,"multiple":1,"estimated_date_reassort":null,"is_destocking":false},{"id":1081,"article_id":234978,"class_id":8,"name":"3XL","on_standby":false,"stock_local":0,"stock_global":8,"multiple":1,"estimated_date_reassort":null,"is_destocking":false},{"id":16,"article_id":109658,"class_id":9,"name":"4XL","on_standby":false,"stock_local":0,"stock_global":5,"multiple":1,"estimated_date_reassort":null,"is_destocking":false}],"page_links":{"fr":"\/fr\/p-ka-k657-parka-3-en-1-homme-k657-1441\/black-1520\/","en":"\/en\/p-ka-k657-3-in-1-mens-parka-k657-1441\/black-1520\/","de":"\/de\/p-ka-k657-3-in-1-parka-mann-k657-1441\/black-1520\/","nl":"\/nl\/p-ka-k657-3-in-1-parka-mann-k657-1441\/black-1520\/","es":"\/es\/p-ka-k657-parka-3-en-1-hombre-k657-1441\/black-1520\/","it":"\/it\/p-ka-k657-giacca-parka-3-in-1-uomo-k657-1441\/black-1520\/","sv":"\/sv\/p-ka-k657-parka-3-i-1-man-k657-1441\/black-1520\/","pt":"\/pt\/p-ka-k657-parka-3-em-1-homem-k657-1441\/black-1520\/","da":"\/da\/p-ka-k657-mand-3-i-1-parka-k657-1441\/black-1520\/","pl":"\/pl\/p-ka-k657-kurtka-3-w-1-mezczyzna-k657-1441\/black-1520\/"},"page_links_customization":{"fr":"\/fr\/p-ka-k657-parka-3-en-1-homme-personnalisable-avec-votre-visuel-k657-1441\/black-1520\/custom\/","en":"\/en\/p-ka-k657-3-in-1-mens-parka-customizable-with-your-visual-k657-1441\/black-1520\/custom\/","de":"\/de\/p-ka-k657-3-in-1-parka-fur-manner-mit-ihrem-bild-personalisierbar-k657-1441\/black-1520\/custom\/","nl":"\/nl\/p-ka-k657-parka-3-in-1-man-persoonlijk-met-uw-visuele-k657-1441\/black-1520\/custom\/","es":"\/es\/p-ka-k657-parka-3-en-1-hombre-personalizable-con-su-visuel-k657-1441\/black-1520\/custom\/","it":"\/it\/p-ka-k657-parka-3-in-1-uomo-personalizzabile-con-il-vostro-visivo-k657-1441\/black-1520\/custom\/","sv":"\/sv\/p-ka-k657-3-in-1-parka-for-man-anpassbar-med-er-bild-k657-1441\/black-1520\/custom\/","pt":"\/pt\/p-ka-k657-parka-3-em-1-homem-personalizavel-com-seu-visivel-k657-1441\/black-1520\/custom\/","da":"\/da\/p-ka-k657-parka-3-i-1-mand-personlig-med-dit-visuelle-k657-1441\/black-1520\/custom\/","pl":"\/pl\/p-ka-k657-meski-3-w-1-parka-personalizowalny-z-twoim-wzorem-k657-1441\/black-1520\/custom\/"}},{"id":1307,"name":"black\/red","class_ids":[4,6],"codes_hexa":["1a1a1a","e00410"],"delai_24":false,"has_3d":false,"seuil_global":0,"stock_local":0,"stock_global":0,"on_standby":true,"in_catalog":false,"images":{"miniature":["https:\/\/media.th4.com\/sCWX1-EFHuYQFbJAqB9LuTRKFLibGvoCrFkOpfH3Rz0\/pr:80\/aHR0cDovL21lZGlhMi5kZXNpZ25wYXJ0bmVyLmZyL2MvcC8xNDQxLzE0NDEtMTMwNy0xLmpwZw?v=1610028098","https:\/\/media.th4.com\/n85pDL-W8F2vszSIZVFhPFEh_-pNzUrGma35tupiPdM\/pr:80\/aHR0cDovL21lZGlhMi5kZXNpZ25wYXJ0bmVyLmZyL2MvcC8xNDQxLzE0NDEtMTMwNy0yLmpwZw?v=1610028098"],"medium":["https:\/\/media.th4.com\/7RJsLzx856ycHkzyh7hgThMrXKxjjf-IZ0AG2KXrf58\/pr:550x550\/aHR0cDovL21lZGlhMi5kZXNpZ25wYXJ0bmVyLmZyL2MvcC8xNDQxLzE0NDEtMTMwNy0xLmpwZw?v=1610028098","https:\/\/media.th4.com\/frTSDUVVpfdLju_6eRLwAxuG3MizTo3S-a8SXiVXKag\/pr:550x550\/aHR0cDovL21lZGlhMi5kZXNpZ25wYXJ0bmVyLmZyL2MvcC8xNDQxLzE0NDEtMTMwNy0yLmpwZw?v=1610028098"],"medium_large":["https:\/\/media.th4.com\/bOPwpnLf7eN82y8eYfaUCPozH_7O0or5ml2ozTGaT7w\/pr:1000x1000\/aHR0cDovL21lZGlhMi5kZXNpZ25wYXJ0bmVyLmZyL2MvcC8xNDQxLzE0NDEtMTMwNy0xLmpwZw?v=1610028098","https:\/\/media.th4.com\/majFBsvRe-Ot0I3qktLFF_4CzlSG9yDK1ohIQFBiwgI\/pr:1000x1000\/aHR0cDovL21lZGlhMi5kZXNpZ25wYXJ0bmVyLmZyL2MvcC8xNDQxLzE0NDEtMTMwNy0yLmpwZw?v=1610028098"],"large":["https:\/\/media.th4.com\/bwAakHkwih_JbhhVC-tUDepyoPCLK5I67EV_EECzoOw\/pr:1920\/aHR0cDovL21lZGlhMi5kZXNpZ25wYXJ0bmVyLmZyL2MvcC8xNDQxLzE0NDEtMTMwNy0xLmpwZw?v=1610028098","https:\/\/media.th4.com\/H57OLPUSat0eylsTBuAp1gTvpBS1VZ4CwIMtydVvELg\/pr:1920\/aHR0cDovL21lZGlhMi5kZXNpZ25wYXJ0bmVyLmZyL2MvcC8xNDQxLzE0NDEtMTMwNy0yLmpwZw?v=1610028098"],"opengraph":["https:\/\/media.th4.com\/Gz4-jHij3poI31EyB0rjsNt1vc_rNhgyXdCGtj8L7uc\/pr:1200x630\/aHR0cDovL21lZGlhMi5kZXNpZ25wYXJ0bmVyLmZyL2MvcC8xNDQxLzE0NDEtMTMwNy0xLmpwZw?v=1610028098","https:\/\/media.th4.com\/NDJtKwT2t1zkUQW4QhIHDFCi24AEZHtWBLQn5i-vNg0\/pr:1200x630\/aHR0cDovL21lZGlhMi5kZXNpZ25wYXJ0bmVyLmZyL2MvcC8xNDQxLzE0NDEtMTMwNy0yLmpwZw?v=1610028098"]},"images_customization":{"miniature":["https:\/\/media.th4.com\/sCWX1-EFHuYQFbJAqB9LuTRKFLibGvoCrFkOpfH3Rz0\/pr:80\/aHR0cDovL21lZGlhMi5kZXNpZ25wYXJ0bmVyLmZyL2MvcC8xNDQxLzE0NDEtMTMwNy0xLmpwZw?v=1610028098","https:\/\/media.th4.com\/n85pDL-W8F2vszSIZVFhPFEh_-pNzUrGma35tupiPdM\/pr:80\/aHR0cDovL21lZGlhMi5kZXNpZ25wYXJ0bmVyLmZyL2MvcC8xNDQxLzE0NDEtMTMwNy0yLmpwZw?v=1610028098"],"medium":["https:\/\/media.th4.com\/7RJsLzx856ycHkzyh7hgThMrXKxjjf-IZ0AG2KXrf58\/pr:550x550\/aHR0cDovL21lZGlhMi5kZXNpZ25wYXJ0bmVyLmZyL2MvcC8xNDQxLzE0NDEtMTMwNy0xLmpwZw?v=1610028098","https:\/\/media.th4.com\/frTSDUVVpfdLju_6eRLwAxuG3MizTo3S-a8SXiVXKag\/pr:550x550\/aHR0cDovL21lZGlhMi5kZXNpZ25wYXJ0bmVyLmZyL2MvcC8xNDQxLzE0NDEtMTMwNy0yLmpwZw?v=1610028098"],"medium_large":["https:\/\/media.th4.com\/bOPwpnLf7eN82y8eYfaUCPozH_7O0or5ml2ozTGaT7w\/pr:1000x1000\/aHR0cDovL21lZGlhMi5kZXNpZ25wYXJ0bmVyLmZyL2MvcC8xNDQxLzE0NDEtMTMwNy0xLmpwZw?v=1610028098","https:\/\/media.th4.com\/majFBsvRe-Ot0I3qktLFF_4CzlSG9yDK1ohIQFBiwgI\/pr:1000x1000\/aHR0cDovL21lZGlhMi5kZXNpZ25wYXJ0bmVyLmZyL2MvcC8xNDQxLzE0NDEtMTMwNy0yLmpwZw?v=1610028098"],"large":["https:\/\/media.th4.com\/bwAakHkwih_JbhhVC-tUDepyoPCLK5I67EV_EECzoOw\/pr:1920\/aHR0cDovL21lZGlhMi5kZXNpZ25wYXJ0bmVyLmZyL2MvcC8xNDQxLzE0NDEtMTMwNy0xLmpwZw?v=1610028098","https:\/\/media.th4.com\/H57OLPUSat0eylsTBuAp1gTvpBS1VZ4CwIMtydVvELg\/pr:1920\/aHR0cDovL21lZGlhMi5kZXNpZ25wYXJ0bmVyLmZyL2MvcC8xNDQxLzE0NDEtMTMwNy0yLmpwZw?v=1610028098"],"opengraph":["https:\/\/media.th4.com\/Gz4-jHij3poI31EyB0rjsNt1vc_rNhgyXdCGtj8L7uc\/pr:1200x630\/aHR0cDovL21lZGlhMi5kZXNpZ25wYXJ0bmVyLmZyL2MvcC8xNDQxLzE0NDEtMTMwNy0xLmpwZw?v=1610028098","https:\/\/media.th4.com\/NDJtKwT2t1zkUQW4QhIHDFCi24AEZHtWBLQn5i-vNg0\/pr:1200x630\/aHR0cDovL21lZGlhMi5kZXNpZ25wYXJ0bmVyLmZyL2MvcC8xNDQxLzE0NDEtMTMwNy0yLmpwZw?v=1610028098"]},"country_origin":"CN","traceability":{"manufacturing_country_id":null,"weaving_country_id":null,"dyeing_country_id":null},"sizes":[],"page_links":{"fr":"\/fr\/p-ka-k657-parka-3-en-1-homme-k657-1441\/black-red-1307\/","en":"\/en\/p-ka-k657-3-in-1-mens-parka-k657-1441\/black-red-1307\/","de":"\/de\/p-ka-k657-3-in-1-parka-mann-k657-1441\/black-red-1307\/","nl":"\/nl\/p-ka-k657-3-in-1-parka-mann-k657-1441\/black-red-1307\/","es":"\/es\/p-ka-k657-parka-3-en-1-hombre-k657-1441\/black-red-1307\/","it":"\/it\/p-ka-k657-giacca-parka-3-in-1-uomo-k657-1441\/black-red-1307\/","sv":"\/sv\/p-ka-k657-parka-3-i-1-man-k657-1441\/black-red-1307\/","pt":"\/pt\/p-ka-k657-parka-3-em-1-homem-k657-1441\/black-red-1307\/","da":"\/da\/p-ka-k657-mand-3-i-1-parka-k657-1441\/black-red-1307\/","pl":"\/pl\/p-ka-k657-kurtka-3-w-1-mezczyzna-k657-1441\/black-red-1307\/"},"page_links_customization":{"fr":"\/fr\/p-ka-k657-parka-3-en-1-homme-personnalisable-avec-votre-visuel-k657-1441\/black-red-1307\/custom\/","en":"\/en\/p-ka-k657-3-in-1-mens-parka-customizable-with-your-visual-k657-1441\/black-red-1307\/custom\/","de":"\/de\/p-ka-k657-3-in-1-parka-fur-manner-mit-ihrem-bild-personalisierbar-k657-1441\/black-red-1307\/custom\/","nl":"\/nl\/p-ka-k657-parka-3-in-1-man-persoonlijk-met-uw-visuele-k657-1441\/black-red-1307\/custom\/","es":"\/es\/p-ka-k657-parka-3-en-1-hombre-personalizable-con-su-visuel-k657-1441\/black-red-1307\/custom\/","it":"\/it\/p-ka-k657-parka-3-in-1-uomo-personalizzabile-con-il-vostro-visivo-k657-1441\/black-red-1307\/custom\/","sv":"\/sv\/p-ka-k657-3-in-1-parka-for-man-anpassbar-med-er-bild-k657-1441\/black-red-1307\/custom\/","pt":"\/pt\/p-ka-k657-parka-3-em-1-homem-personalizavel-com-seu-visivel-k657-1441\/black-red-1307\/custom\/","da":"\/da\/p-ka-k657-parka-3-i-1-mand-personlig-med-dit-visuelle-k657-1441\/black-red-1307\/custom\/","pl":"\/pl\/p-ka-k657-meski-3-w-1-parka-personalizowalny-z-twoim-wzorem-k657-1441\/black-red-1307\/custom\/"}},{"id":3683,"name":"convoy_grey\/black","class_ids":[3,4],"codes_hexa":["5c656a","191917"],"delai_24":false,"has_3d":false,"seuil_global":0,"stock_local":0,"stock_global":0,"on_standby":true,"in_catalog":false,"images":{"miniature":["https:\/\/media.th4.com\/kwwl-mX4WKKwA42fxxoKqBbRERN4w8LaK8ke-RGIpH4\/pr:80\/aHR0cDovL21lZGlhMi5kZXNpZ25wYXJ0bmVyLmZyL2MvcC8xNDQxLzE0NDEtMzY4My0xLmpwZw?v=1610028095"],"medium":["https:\/\/media.th4.com\/f6Mfa1oVt9MqqA5ezmIEVmVNhsJ3IVFxpMHA4dP26-8\/pr:550x550\/aHR0cDovL21lZGlhMi5kZXNpZ25wYXJ0bmVyLmZyL2MvcC8xNDQxLzE0NDEtMzY4My0xLmpwZw?v=1610028095"],"medium_large":["https:\/\/media.th4.com\/6hg7tD2mracURZcw94xyNsptBEbMsg2DWamQ12e4LpQ\/pr:1000x1000\/aHR0cDovL21lZGlhMi5kZXNpZ25wYXJ0bmVyLmZyL2MvcC8xNDQxLzE0NDEtMzY4My0xLmpwZw?v=1610028095"],"large":["https:\/\/media.th4.com\/5w7kwZOsYJ49xz828fvJY6PeM248amH4UIO3heqhTEI\/pr:1920\/aHR0cDovL21lZGlhMi5kZXNpZ25wYXJ0bmVyLmZyL2MvcC8xNDQxLzE0NDEtMzY4My0xLmpwZw?v=1610028095"],"opengraph":["https:\/\/media.th4.com\/ofUx5HAte2ZBRN9gBrJ43e698qM5ZsbFCOzO_QobMQg\/pr:1200x630\/aHR0cDovL21lZGlhMi5kZXNpZ25wYXJ0bmVyLmZyL2MvcC8xNDQxLzE0NDEtMzY4My0xLmpwZw?v=1610028095"]},"images_customization":{"miniature":["https:\/\/media.th4.com\/kwwl-mX4WKKwA42fxxoKqBbRERN4w8LaK8ke-RGIpH4\/pr:80\/aHR0cDovL21lZGlhMi5kZXNpZ25wYXJ0bmVyLmZyL2MvcC8xNDQxLzE0NDEtMzY4My0xLmpwZw?v=1610028095"],"medium":["https:\/\/media.th4.com\/f6Mfa1oVt9MqqA5ezmIEVmVNhsJ3IVFxpMHA4dP26-8\/pr:550x550\/aHR0cDovL21lZGlhMi5kZXNpZ25wYXJ0bmVyLmZyL2MvcC8xNDQxLzE0NDEtMzY4My0xLmpwZw?v=1610028095"],"medium_large":["https:\/\/media.th4.com\/6hg7tD2mracURZcw94xyNsptBEbMsg2DWamQ12e4LpQ\/pr:1000x1000\/aHR0cDovL21lZGlhMi5kZXNpZ25wYXJ0bmVyLmZyL2MvcC8xNDQxLzE0NDEtMzY4My0xLmpwZw?v=1610028095"],"large":["https:\/\/media.th4.com\/5w7kwZOsYJ49xz828fvJY6PeM248amH4UIO3heqhTEI\/pr:1920\/aHR0cDovL21lZGlhMi5kZXNpZ25wYXJ0bmVyLmZyL2MvcC8xNDQxLzE0NDEtMzY4My0xLmpwZw?v=1610028095"],"opengraph":["https:\/\/media.th4.com\/ofUx5HAte2ZBRN9gBrJ43e698qM5ZsbFCOzO_QobMQg\/pr:1200x630\/aHR0cDovL21lZGlhMi5kZXNpZ25wYXJ0bmVyLmZyL2MvcC8xNDQxLzE0NDEtMzY4My0xLmpwZw?v=1610028095"]},"country_origin":"CN","traceability":{"manufacturing_country_id":null,"weaving_country_id":null,"dyeing_country_id":null},"sizes":[],"page_links":{"fr":"\/fr\/p-ka-k657-parka-3-en-1-homme-k657-1441\/convoy-grey-black-3683\/","en":"\/en\/p-ka-k657-3-in-1-mens-parka-k657-1441\/convoy-grey-black-3683\/","de":"\/de\/p-ka-k657-3-in-1-parka-mann-k657-1441\/convoy-grey-black-3683\/","nl":"\/nl\/p-ka-k657-3-in-1-parka-mann-k657-1441\/convoy-grey-black-3683\/","es":"\/es\/p-ka-k657-parka-3-en-1-hombre-k657-1441\/convoy-grey-black-3683\/","it":"\/it\/p-ka-k657-giacca-parka-3-in-1-uomo-k657-1441\/convoy-grey-black-3683\/","sv":"\/sv\/p-ka-k657-parka-3-i-1-man-k657-1441\/convoy-grey-black-3683\/","pt":"\/pt\/p-ka-k657-parka-3-em-1-homem-k657-1441\/convoy-grey-black-3683\/","da":"\/da\/p-ka-k657-mand-3-i-1-parka-k657-1441\/convoy-grey-black-3683\/","pl":"\/pl\/p-ka-k657-kurtka-3-w-1-mezczyzna-k657-1441\/convoy-grey-black-3683\/"},"page_links_customization":{"fr":"\/fr\/p-ka-k657-parka-3-en-1-homme-personnalisable-avec-votre-visuel-k657-1441\/convoy-grey-black-3683\/custom\/","en":"\/en\/p-ka-k657-3-in-1-mens-parka-customizable-with-your-visual-k657-1441\/convoy-grey-black-3683\/custom\/","de":"\/de\/p-ka-k657-3-in-1-parka-fur-manner-mit-ihrem-bild-personalisierbar-k657-1441\/convoy-grey-black-3683\/custom\/","nl":"\/nl\/p-ka-k657-parka-3-in-1-man-persoonlijk-met-uw-visuele-k657-1441\/convoy-grey-black-3683\/custom\/","es":"\/es\/p-ka-k657-parka-3-en-1-hombre-personalizable-con-su-visuel-k657-1441\/convoy-grey-black-3683\/custom\/","it":"\/it\/p-ka-k657-parka-3-in-1-uomo-personalizzabile-con-il-vostro-visivo-k657-1441\/convoy-grey-black-3683\/custom\/","sv":"\/sv\/p-ka-k657-3-in-1-parka-for-man-anpassbar-med-er-bild-k657-1441\/convoy-grey-black-3683\/custom\/","pt":"\/pt\/p-ka-k657-parka-3-em-1-homem-personalizavel-com-seu-visivel-k657-1441\/convoy-grey-black-3683\/custom\/","da":"\/da\/p-ka-k657-parka-3-i-1-mand-personlig-med-dit-visuelle-k657-1441\/convoy-grey-black-3683\/custom\/","pl":"\/pl\/p-ka-k657-meski-3-w-1-parka-personalizowalny-z-twoim-wzorem-k657-1441\/convoy-grey-black-3683\/custom\/"}},{"id":1504,"name":"dark_chocolate\/black","class_ids":[11,4],"codes_hexa":["413700","141819"],"delai_24":false,"has_3d":false,"seuil_global":0,"stock_local":0,"stock_global":0,"on_standby":true,"in_catalog":false,"images":{"miniature":["https:\/\/media.th4.com\/3DgeP5Eq9dIFGaDrAA4gfFcTz_xhPVKokMoJHfwY22Y\/pr:80\/aHR0cDovL21lZGlhMi5kZXNpZ25wYXJ0bmVyLmZyL2MvcC8xNDQxLzE0NDEtMTUwNC0xLmpwZw?v=1610028095"],"medium":["https:\/\/media.th4.com\/thCBpMvl1_4V3cmvgOWIsR8rJ8CEV2XVKEfr8QxmgVo\/pr:550x550\/aHR0cDovL21lZGlhMi5kZXNpZ25wYXJ0bmVyLmZyL2MvcC8xNDQxLzE0NDEtMTUwNC0xLmpwZw?v=1610028095"],"medium_large":["https:\/\/media.th4.com\/zWtjO4M5Q9m83vw2EWEDR8WLpkT6eSx5U7mTwFGm_8A\/pr:1000x1000\/aHR0cDovL21lZGlhMi5kZXNpZ25wYXJ0bmVyLmZyL2MvcC8xNDQxLzE0NDEtMTUwNC0xLmpwZw?v=1610028095"],"large":["https:\/\/media.th4.com\/W0Eekqd7LM8rNKRFBeG1xD4qT0C1HLhwdYvPeF2sXYw\/pr:1920\/aHR0cDovL21lZGlhMi5kZXNpZ25wYXJ0bmVyLmZyL2MvcC8xNDQxLzE0NDEtMTUwNC0xLmpwZw?v=1610028095"],"opengraph":["https:\/\/media.th4.com\/AkHFkakND2pNTNnxIernmqT9IhdbiPAsY3ZzeWiWloo\/pr:1200x630\/aHR0cDovL21lZGlhMi5kZXNpZ25wYXJ0bmVyLmZyL2MvcC8xNDQxLzE0NDEtMTUwNC0xLmpwZw?v=1610028095"]},"images_customization":{"miniature":["https:\/\/media.th4.com\/3DgeP5Eq9dIFGaDrAA4gfFcTz_xhPVKokMoJHfwY22Y\/pr:80\/aHR0cDovL21lZGlhMi5kZXNpZ25wYXJ0bmVyLmZyL2MvcC8xNDQxLzE0NDEtMTUwNC0xLmpwZw?v=1610028095"],"medium":["https:\/\/media.th4.com\/thCBpMvl1_4V3cmvgOWIsR8rJ8CEV2XVKEfr8QxmgVo\/pr:550x550\/aHR0cDovL21lZGlhMi5kZXNpZ25wYXJ0bmVyLmZyL2MvcC8xNDQxLzE0NDEtMTUwNC0xLmpwZw?v=1610028095"],"medium_large":["https:\/\/media.th4.com\/zWtjO4M5Q9m83vw2EWEDR8WLpkT6eSx5U7mTwFGm_8A\/pr:1000x1000\/aHR0cDovL21lZGlhMi5kZXNpZ25wYXJ0bmVyLmZyL2MvcC8xNDQxLzE0NDEtMTUwNC0xLmpwZw?v=1610028095"],"large":["https:\/\/media.th4.com\/W0Eekqd7LM8rNKRFBeG1xD4qT0C1HLhwdYvPeF2sXYw\/pr:1920\/aHR0cDovL21lZGlhMi5kZXNpZ25wYXJ0bmVyLmZyL2MvcC8xNDQxLzE0NDEtMTUwNC0xLmpwZw?v=1610028095"],"opengraph":["https:\/\/media.th4.com\/AkHFkakND2pNTNnxIernmqT9IhdbiPAsY3ZzeWiWloo\/pr:1200x630\/aHR0cDovL21lZGlhMi5kZXNpZ25wYXJ0bmVyLmZyL2MvcC8xNDQxLzE0NDEtMTUwNC0xLmpwZw?v=1610028095"]},"country_origin":"CN","traceability":{"manufacturing_country_id":null,"weaving_country_id":null,"dyeing_country_id":null},"sizes":[],"page_links":{"fr":"\/fr\/p-ka-k657-parka-3-en-1-homme-k657-1441\/dark-chocolate-black-1504\/","en":"\/en\/p-ka-k657-3-in-1-mens-parka-k657-1441\/dark-chocolate-black-1504\/","de":"\/de\/p-ka-k657-3-in-1-parka-mann-k657-1441\/dark-chocolate-black-1504\/","nl":"\/nl\/p-ka-k657-3-in-1-parka-mann-k657-1441\/dark-chocolate-black-1504\/","es":"\/es\/p-ka-k657-parka-3-en-1-hombre-k657-1441\/dark-chocolate-black-1504\/","it":"\/it\/p-ka-k657-giacca-parka-3-in-1-uomo-k657-1441\/dark-chocolate-black-1504\/","sv":"\/sv\/p-ka-k657-parka-3-i-1-man-k657-1441\/dark-chocolate-black-1504\/","pt":"\/pt\/p-ka-k657-parka-3-em-1-homem-k657-1441\/dark-chocolate-black-1504\/","da":"\/da\/p-ka-k657-mand-3-i-1-parka-k657-1441\/dark-chocolate-black-1504\/","pl":"\/pl\/p-ka-k657-kurtka-3-w-1-mezczyzna-k657-1441\/dark-chocolate-black-1504\/"},"page_links_customization":{"fr":"\/fr\/p-ka-k657-parka-3-en-1-homme-personnalisable-avec-votre-visuel-k657-1441\/dark-chocolate-black-1504\/custom\/","en":"\/en\/p-ka-k657-3-in-1-mens-parka-customizable-with-your-visual-k657-1441\/dark-chocolate-black-1504\/custom\/","de":"\/de\/p-ka-k657-3-in-1-parka-fur-manner-mit-ihrem-bild-personalisierbar-k657-1441\/dark-chocolate-black-1504\/custom\/","nl":"\/nl\/p-ka-k657-parka-3-in-1-man-persoonlijk-met-uw-visuele-k657-1441\/dark-chocolate-black-1504\/custom\/","es":"\/es\/p-ka-k657-parka-3-en-1-hombre-personalizable-con-su-visuel-k657-1441\/dark-chocolate-black-1504\/custom\/","it":"\/it\/p-ka-k657-parka-3-in-1-uomo-personalizzabile-con-il-vostro-visivo-k657-1441\/dark-chocolate-black-1504\/custom\/","sv":"\/sv\/p-ka-k657-3-in-1-parka-for-man-anpassbar-med-er-bild-k657-1441\/dark-chocolate-black-1504\/custom\/","pt":"\/pt\/p-ka-k657-parka-3-em-1-homem-personalizavel-com-seu-visivel-k657-1441\/dark-chocolate-black-1504\/custom\/","da":"\/da\/p-ka-k657-parka-3-i-1-mand-personlig-med-dit-visuelle-k657-1441\/dark-chocolate-black-1504\/custom\/","pl":"\/pl\/p-ka-k657-meski-3-w-1-parka-personalizowalny-z-twoim-wzorem-k657-1441\/dark-chocolate-black-1504\/custom\/"}},{"id":1494,"name":"forest_green\/black","class_ids":[5,4],"codes_hexa":["003a1c","171918"],"delai_24":false,"has_3d":false,"seuil_global":0,"stock_local":0,"stock_global":0,"on_standby":true,"in_catalog":false,"images":{"miniature":["https:\/\/media.th4.com\/QkKH6StIr2NtnXjiOjyrHWf-F3W6cBKwSRpraZL7I8Q\/pr:80\/aHR0cDovL21lZGlhMi5kZXNpZ25wYXJ0bmVyLmZyL2MvcC8xNDQxLzE0NDEtMTQ5NC0xLmpwZw?v=1610028098"],"medium":["https:\/\/media.th4.com\/zf6zzXybzbhtLACENwb_L-QW-QdwCSSCHI9Xd2cf56o\/pr:550x550\/aHR0cDovL21lZGlhMi5kZXNpZ25wYXJ0bmVyLmZyL2MvcC8xNDQxLzE0NDEtMTQ5NC0xLmpwZw?v=1610028098"],"medium_large":["https:\/\/media.th4.com\/dm36_rro1YXIWiqVr_Mdx5kj1PsE81ogbWVv1i1Z_d4\/pr:1000x1000\/aHR0cDovL21lZGlhMi5kZXNpZ25wYXJ0bmVyLmZyL2MvcC8xNDQxLzE0NDEtMTQ5NC0xLmpwZw?v=1610028098"],"large":["https:\/\/media.th4.com\/_71vJbtDfBCHxqbZ1TGa3x0zzZsnfNaSm2sK5rCz1dk\/pr:1920\/aHR0cDovL21lZGlhMi5kZXNpZ25wYXJ0bmVyLmZyL2MvcC8xNDQxLzE0NDEtMTQ5NC0xLmpwZw?v=1610028098"],"opengraph":["https:\/\/media.th4.com\/JoE9FBHaqD64fJDo8biepy69jVMroHPouoIDzIF9Kqw\/pr:1200x630\/aHR0cDovL21lZGlhMi5kZXNpZ25wYXJ0bmVyLmZyL2MvcC8xNDQxLzE0NDEtMTQ5NC0xLmpwZw?v=1610028098"]},"images_customization":{"miniature":["https:\/\/media.th4.com\/QkKH6StIr2NtnXjiOjyrHWf-F3W6cBKwSRpraZL7I8Q\/pr:80\/aHR0cDovL21lZGlhMi5kZXNpZ25wYXJ0bmVyLmZyL2MvcC8xNDQxLzE0NDEtMTQ5NC0xLmpwZw?v=1610028098"],"medium":["https:\/\/media.th4.com\/zf6zzXybzbhtLACENwb_L-QW-QdwCSSCHI9Xd2cf56o\/pr:550x550\/aHR0cDovL21lZGlhMi5kZXNpZ25wYXJ0bmVyLmZyL2MvcC8xNDQxLzE0NDEtMTQ5NC0xLmpwZw?v=1610028098"],"medium_large":["https:\/\/media.th4.com\/dm36_rro1YXIWiqVr_Mdx5kj1PsE81ogbWVv1i1Z_d4\/pr:1000x1000\/aHR0cDovL21lZGlhMi5kZXNpZ25wYXJ0bmVyLmZyL2MvcC8xNDQxLzE0NDEtMTQ5NC0xLmpwZw?v=1610028098"],"large":["https:\/\/media.th4.com\/_71vJbtDfBCHxqbZ1TGa3x0zzZsnfNaSm2sK5rCz1dk\/pr:1920\/aHR0cDovL21lZGlhMi5kZXNpZ25wYXJ0bmVyLmZyL2MvcC8xNDQxLzE0NDEtMTQ5NC0xLmpwZw?v=1610028098"],"opengraph":["https:\/\/media.th4.com\/JoE9FBHaqD64fJDo8biepy69jVMroHPouoIDzIF9Kqw\/pr:1200x630\/aHR0cDovL21lZGlhMi5kZXNpZ25wYXJ0bmVyLmZyL2MvcC8xNDQxLzE0NDEtMTQ5NC0xLmpwZw?v=1610028098"]},"country_origin":"CN","traceability":{"manufacturing_country_id":null,"weaving_country_id":null,"dyeing_country_id":null},"sizes":[],"page_links":{"fr":"\/fr\/p-ka-k657-parka-3-en-1-homme-k657-1441\/forest-green-black-1494\/","en":"\/en\/p-ka-k657-3-in-1-mens-parka-k657-1441\/forest-green-black-1494\/","de":"\/de\/p-ka-k657-3-in-1-parka-mann-k657-1441\/forest-green-black-1494\/","nl":"\/nl\/p-ka-k657-3-in-1-parka-mann-k657-1441\/forest-green-black-1494\/","es":"\/es\/p-ka-k657-parka-3-en-1-hombre-k657-1441\/forest-green-black-1494\/","it":"\/it\/p-ka-k657-giacca-parka-3-in-1-uomo-k657-1441\/forest-green-black-1494\/","sv":"\/sv\/p-ka-k657-parka-3-i-1-man-k657-1441\/forest-green-black-1494\/","pt":"\/pt\/p-ka-k657-parka-3-em-1-homem-k657-1441\/forest-green-black-1494\/","da":"\/da\/p-ka-k657-mand-3-i-1-parka-k657-1441\/forest-green-black-1494\/","pl":"\/pl\/p-ka-k657-kurtka-3-w-1-mezczyzna-k657-1441\/forest-green-black-1494\/"},"page_links_customization":{"fr":"\/fr\/p-ka-k657-parka-3-en-1-homme-personnalisable-avec-votre-visuel-k657-1441\/forest-green-black-1494\/custom\/","en":"\/en\/p-ka-k657-3-in-1-mens-parka-customizable-with-your-visual-k657-1441\/forest-green-black-1494\/custom\/","de":"\/de\/p-ka-k657-3-in-1-parka-fur-manner-mit-ihrem-bild-personalisierbar-k657-1441\/forest-green-black-1494\/custom\/","nl":"\/nl\/p-ka-k657-parka-3-in-1-man-persoonlijk-met-uw-visuele-k657-1441\/forest-green-black-1494\/custom\/","es":"\/es\/p-ka-k657-parka-3-en-1-hombre-personalizable-con-su-visuel-k657-1441\/forest-green-black-1494\/custom\/","it":"\/it\/p-ka-k657-parka-3-in-1-uomo-personalizzabile-con-il-vostro-visivo-k657-1441\/forest-green-black-1494\/custom\/","sv":"\/sv\/p-ka-k657-3-in-1-parka-for-man-anpassbar-med-er-bild-k657-1441\/forest-green-black-1494\/custom\/","pt":"\/pt\/p-ka-k657-parka-3-em-1-homem-personalizavel-com-seu-visivel-k657-1441\/forest-green-black-1494\/custom\/","da":"\/da\/p-ka-k657-parka-3-i-1-mand-personlig-med-dit-visuelle-k657-1441\/forest-green-black-1494\/custom\/","pl":"\/pl\/p-ka-k657-meski-3-w-1-parka-personalizowalny-z-twoim-wzorem-k657-1441\/forest-green-black-1494\/custom\/"}},{"id":3684,"name":"light_royal_blue\/black","class_ids":[2,4],"codes_hexa":["000000","1d1d1d"],"delai_24":false,"has_3d":false,"seuil_global":0,"stock_local":0,"stock_global":0,"on_standby":true,"in_catalog":false,"images":{"miniature":["https:\/\/media.th4.com\/fpGf2tNmUp7gdFVHY5H_b4xEDuHjU-B2Gwos2QIfag4\/pr:80\/aHR0cDovL21lZGlhMi5kZXNpZ25wYXJ0bmVyLmZyL2MvcC8xNDQxLzE0NDEtMzY4NC0xLmpwZw?v=1610028095"],"medium":["https:\/\/media.th4.com\/1WBONY4PeUFCBGdBbMykpDa04QasoCLMzOqG2QzfWuI\/pr:550x550\/aHR0cDovL21lZGlhMi5kZXNpZ25wYXJ0bmVyLmZyL2MvcC8xNDQxLzE0NDEtMzY4NC0xLmpwZw?v=1610028095"],"medium_large":["https:\/\/media.th4.com\/eVttA0iqJ1UO1-pALQmS4IGmHcZJFIBZXV6eR-oe3KY\/pr:1000x1000\/aHR0cDovL21lZGlhMi5kZXNpZ25wYXJ0bmVyLmZyL2MvcC8xNDQxLzE0NDEtMzY4NC0xLmpwZw?v=1610028095"],"large":["https:\/\/media.th4.com\/TEyUKnWM0ypBBcYnJd0qycajwDres0E6HGarddMX4M4\/pr:1920\/aHR0cDovL21lZGlhMi5kZXNpZ25wYXJ0bmVyLmZyL2MvcC8xNDQxLzE0NDEtMzY4NC0xLmpwZw?v=1610028095"],"opengraph":["https:\/\/media.th4.com\/NzBE5SVpf477Y3NcddhvJaXjy5Z11E1dPJU9oqKRZdM\/pr:1200x630\/aHR0cDovL21lZGlhMi5kZXNpZ25wYXJ0bmVyLmZyL2MvcC8xNDQxLzE0NDEtMzY4NC0xLmpwZw?v=1610028095"]},"images_customization":{"miniature":["https:\/\/media.th4.com\/fpGf2tNmUp7gdFVHY5H_b4xEDuHjU-B2Gwos2QIfag4\/pr:80\/aHR0cDovL21lZGlhMi5kZXNpZ25wYXJ0bmVyLmZyL2MvcC8xNDQxLzE0NDEtMzY4NC0xLmpwZw?v=1610028095"],"medium":["https:\/\/media.th4.com\/1WBONY4PeUFCBGdBbMykpDa04QasoCLMzOqG2QzfWuI\/pr:550x550\/aHR0cDovL21lZGlhMi5kZXNpZ25wYXJ0bmVyLmZyL2MvcC8xNDQxLzE0NDEtMzY4NC0xLmpwZw?v=1610028095"],"medium_large":["https:\/\/media.th4.com\/eVttA0iqJ1UO1-pALQmS4IGmHcZJFIBZXV6eR-oe3KY\/pr:1000x1000\/aHR0cDovL21lZGlhMi5kZXNpZ25wYXJ0bmVyLmZyL2MvcC8xNDQxLzE0NDEtMzY4NC0xLmpwZw?v=1610028095"],"large":["https:\/\/media.th4.com\/TEyUKnWM0ypBBcYnJd0qycajwDres0E6HGarddMX4M4\/pr:1920\/aHR0cDovL21lZGlhMi5kZXNpZ25wYXJ0bmVyLmZyL2MvcC8xNDQxLzE0NDEtMzY4NC0xLmpwZw?v=1610028095"],"opengraph":["https:\/\/media.th4.com\/NzBE5SVpf477Y3NcddhvJaXjy5Z11E1dPJU9oqKRZdM\/pr:1200x630\/aHR0cDovL21lZGlhMi5kZXNpZ25wYXJ0bmVyLmZyL2MvcC8xNDQxLzE0NDEtMzY4NC0xLmpwZw?v=1610028095"]},"country_origin":"CN","traceability":{"manufacturing_country_id":null,"weaving_country_id":null,"dyeing_country_id":null},"sizes":[],"page_links":{"fr":"\/fr\/p-ka-k657-parka-3-en-1-homme-k657-1441\/light-royal-blue-black-3684\/","en":"\/en\/p-ka-k657-3-in-1-mens-parka-k657-1441\/light-royal-blue-black-3684\/","de":"\/de\/p-ka-k657-3-in-1-parka-mann-k657-1441\/light-royal-blue-black-3684\/","nl":"\/nl\/p-ka-k657-3-in-1-parka-mann-k657-1441\/light-royal-blue-black-3684\/","es":"\/es\/p-ka-k657-parka-3-en-1-hombre-k657-1441\/light-royal-blue-black-3684\/","it":"\/it\/p-ka-k657-giacca-parka-3-in-1-uomo-k657-1441\/light-royal-blue-black-3684\/","sv":"\/sv\/p-ka-k657-parka-3-i-1-man-k657-1441\/light-royal-blue-black-3684\/","pt":"\/pt\/p-ka-k657-parka-3-em-1-homem-k657-1441\/light-royal-blue-black-3684\/","da":"\/da\/p-ka-k657-mand-3-i-1-parka-k657-1441\/light-royal-blue-black-3684\/","pl":"\/pl\/p-ka-k657-kurtka-3-w-1-mezczyzna-k657-1441\/light-royal-blue-black-3684\/"},"page_links_customization":{"fr":"\/fr\/p-ka-k657-parka-3-en-1-homme-personnalisable-avec-votre-visuel-k657-1441\/light-royal-blue-black-3684\/custom\/","en":"\/en\/p-ka-k657-3-in-1-mens-parka-customizable-with-your-visual-k657-1441\/light-royal-blue-black-3684\/custom\/","de":"\/de\/p-ka-k657-3-in-1-parka-fur-manner-mit-ihrem-bild-personalisierbar-k657-1441\/light-royal-blue-black-3684\/custom\/","nl":"\/nl\/p-ka-k657-parka-3-in-1-man-persoonlijk-met-uw-visuele-k657-1441\/light-royal-blue-black-3684\/custom\/","es":"\/es\/p-ka-k657-parka-3-en-1-hombre-personalizable-con-su-visuel-k657-1441\/light-royal-blue-black-3684\/custom\/","it":"\/it\/p-ka-k657-parka-3-in-1-uomo-personalizzabile-con-il-vostro-visivo-k657-1441\/light-royal-blue-black-3684\/custom\/","sv":"\/sv\/p-ka-k657-3-in-1-parka-for-man-anpassbar-med-er-bild-k657-1441\/light-royal-blue-black-3684\/custom\/","pt":"\/pt\/p-ka-k657-parka-3-em-1-homem-personalizavel-com-seu-visivel-k657-1441\/light-royal-blue-black-3684\/custom\/","da":"\/da\/p-ka-k657-parka-3-i-1-mand-personlig-med-dit-visuelle-k657-1441\/light-royal-blue-black-3684\/custom\/","pl":"\/pl\/p-ka-k657-meski-3-w-1-parka-personalizowalny-z-twoim-wzorem-k657-1441\/light-royal-blue-black-3684\/custom\/"}}],"documentation_link":"\/pdf\/1441.pdf","countries_availables":["AD","AE","AL","AT","BA","BD","BE","BG","BL","CA","CH","CN","CO","CY","CZ","DE","DK","DO","EE","EG","ES","ET","FI","FR","GB","GE","GF","GP","GR","GT","HK","HN","HR","HT","HU","ID","IE","IN","IS","IT","JO","JP","KE","KH","KP","KR","LA","LK","LS","LT","LU","LV","MA","MF","MG","MK","MM","MN","MQ","MT","MX","MY","NC","NI","NL","PF","PH","PK","PL","PM","PT","RE","RO","SE","SG","SI","SK","SV","SY","TH","TN","TR","TW","TZ","US","VN","WF","YT"]},"infos_customization":[],"features":{"authorize_multi_surfaces":true,"display_order_delay_type":true,"promote_surface_display":true,"tarification_franco_offert":true,"enabled_3d_editor":false},"markings":[{"id":0,"nom":"vierge","finition":null,"libelle":null,"code":null,"dpi":null,"finesse_forme_isolee":null,"finesse_forme_non_isolee":null,"hauteur_minimale_texte":null,"inactif":0,"marquage_interne":1,"quantite_min":null,"parent_id":null,"print_on_support":0,"content":"vierge","description":null},{"id":2,"nom":"fonce","finition":"optimale","libelle":"TopQuadri","code":null,"dpi":400,"finesse_forme_isolee":"0.040","finesse_forme_non_isolee":"0.700","hauteur_minimale_texte":2,"inactif":0,"marquage_interne":1,"quantite_min":null,"parent_id":18,"print_on_support":0,"content":"TopQuadri","description":"pour petites et moyennes s\u00e9ries"},{"id":3,"nom":"serigraphie","finition":"serigraphie","libelle":"SeriCoat","code":null,"dpi":400,"finesse_forme_isolee":"0.040","finesse_forme_non_isolee":"0.700","hauteur_minimale_texte":2,"inactif":0,"marquage_interne":1,"quantite_min":15,"parent_id":18,"print_on_support":0,"content":"SeriCoat","description":"pour moyennes et grandes s\u00e9ries"},{"id":4,"nom":"broderie","finition":"broderie","libelle":"Broderie","code":null,"dpi":400,"finesse_forme_isolee":"0.040","finesse_forme_non_isolee":"0.700","hauteur_minimale_texte":3,"inactif":0,"marquage_interne":1,"quantite_min":null,"parent_id":null,"print_on_support":0,"content":"Broderie","description":null},{"id":8,"nom":"theme","finition":null,"libelle":"Th\u00e8me","code":null,"dpi":null,"finesse_forme_isolee":null,"finesse_forme_non_isolee":null,"hauteur_minimale_texte":null,"inactif":0,"marquage_interne":1,"quantite_min":null,"parent_id":null,"print_on_support":0,"content":"Th\u00e8me","description":null},{"id":9,"nom":"sans","finition":null,"libelle":null,"code":null,"dpi":null,"finesse_forme_isolee":null,"finesse_forme_non_isolee":null,"hauteur_minimale_texte":null,"inactif":0,"marquage_interne":1,"quantite_min":null,"parent_id":null,"print_on_support":0,"content":"sans","description":null},{"id":10,"nom":"photo","finition":null,"libelle":"Photo","code":null,"dpi":null,"finesse_forme_isolee":null,"finesse_forme_non_isolee":null,"hauteur_minimale_texte":null,"inactif":0,"marquage_interne":1,"quantite_min":null,"parent_id":null,"print_on_support":0,"content":"Photo","description":null},{"id":14,"nom":"couleur","finition":null,"libelle":"Couleur","code":null,"dpi":null,"finesse_forme_isolee":null,"finesse_forme_non_isolee":null,"hauteur_minimale_texte":null,"inactif":0,"marquage_interne":1,"quantite_min":null,"parent_id":null,"print_on_support":0,"content":"Couleur","description":null},{"id":15,"nom":"sublimation","finition":"sublimation","libelle":"Sublimation","code":null,"dpi":null,"finesse_forme_isolee":"0.000","finesse_forme_non_isolee":"0.000","hauteur_minimale_texte":2,"inactif":0,"marquage_interne":1,"quantite_min":null,"parent_id":null,"print_on_support":0,"content":"Sublimation","description":null},{"id":16,"nom":"topquadri_uv","finition":null,"libelle":"TopQuadri UV","code":null,"dpi":null,"finesse_forme_isolee":"0.020","finesse_forme_non_isolee":"0.700","hauteur_minimale_texte":2,"inactif":0,"marquage_interne":1,"quantite_min":null,"parent_id":null,"print_on_support":1,"content":null,"description":null},{"id":17,"nom":"topquadri_uvp","finition":null,"libelle":"TopQuadri UVP","code":null,"dpi":null,"finesse_forme_isolee":"0.020","finesse_forme_non_isolee":"0.700","hauteur_minimale_texte":2,"inactif":0,"marquage_interne":1,"quantite_min":null,"parent_id":null,"print_on_support":1,"content":null,"description":null},{"id":18,"nom":"quadri","finition":null,"libelle":"Impression","code":null,"dpi":null,"finesse_forme_isolee":null,"finesse_forme_non_isolee":null,"hauteur_minimale_texte":null,"inactif":0,"marquage_interne":1,"quantite_min":null,"parent_id":null,"print_on_support":0,"content":null,"description":null}]}}