{"data":{"product":{"id":1404,"titre":"Veste enfant Softshell KARIBAN","description":"Tissu contrecoll\u00e9 3 couches respirant 3000 BR et imperm\u00e9able\n6000 mm. Ext\u00e9rieur : 95% polyester, 5% \u00e9lasthanne.\nInterm\u00e9diaire : membrane respirante. Couche int\u00e9rieure : micro\npolaire. Fermeture zipp\u00e9e. 2 poches zipp\u00e9es sur le devant.\n1 poche zipp\u00e9e sur manche gauche.","genre":"enfant","grammage":300,"conditionnement":10,"composition":"polyester","reference":"K402","reference_visible":"ka-k402","reference_fabricant":"K402","ref_xor":"742201","in_catalog":true,"is_transfer":false,"is_service":false,"on_standby":false,"has_3d":false,"has_size_guide":true,"has_marking":true,"has_vierge":true,"is_cross_sellable":false,"id_picto":27,"filename_3d":null,"brand":{"id":25,"name":"Kariban","logo":"logo-kariban.png","image":"https:\/\/media.th4.com\/0rw9lHnnPIY5Gn0FZVsrv47tC3tEhLUIsdVYj4xy6L4\/pr:brand70x70\/aHR0cDovL21lZGlhMi5kZXNpZ25wYXJ0bmVyLmZyL2MvbS9sb2dvLWthcmliYW4ucG5n?v=1736960982"},"price_infos":{"price_from":20.51,"quantity":480,"color":{"id":1520,"name":"black"},"size":{"id":1398,"name":"10\/12ans"}},"price_infos_marking":{"price_from":27.71,"quantity":200,"color":{"id":1520,"name":"black"},"size":{"id":1398,"name":"10\/12ans"},"marking":{"id":4,"name":""},"emplacement":"avant","surface_emplacement_id":1,"surface":"coeur"},"i18n":{"blank":{"title":{"fr":"Veste enfant softshell KARIBAN k402","en":"Children's softshell jacket KARIBAN k402","de":"Softshelljacke f\u00fcr Kinder KARIBAN k402","nl":"Kinderen softshell jas Kariban k402","es":"Chaqueta infantil softshell KARIBAN k402","it":"Giacca per bambini softshell KARIBAN k402","sv":"Barnjacka softshell KARIBAN k402","pt":"Jaqueta infantil softshell KARIBAN k402","da":"B\u00f8rnejakke softshell KARIBAN k402","pl":"Kurtka dla dzieci softshell KARIBAN k402"},"description":{"fr":"Cette veste softshell pour enfant offre une protection contre les \u00e9l\u00e9ments gr\u00e2ce \u00e0 sa conception 3 couches. L'ext\u00e9rieur en polyester et \u00e9lasthanne assure une certaine souplesse et r\u00e9sistance. La membrane respirante int\u00e9gr\u00e9e permet une \u00e9vacuation de l'humidit\u00e9, tandis que la couche int\u00e9rieure en micro polaire apporte une sensation de confort. La fermeture zipp\u00e9e assure une fermeture s\u00e9curis\u00e9e et pratique. La veste dispose de deux poches zipp\u00e9es sur le devant pour ranger les petits objets, ainsi que d'une poche zipp\u00e9e sur le manche gauche. \n\n- Tissu contrecoll\u00e9 3 couches\n- Respirabilit\u00e9 : 3000 BR\n- Imperm\u00e9abilit\u00e9 : 6000 mm\n- Ext\u00e9rieur : 95% polyester, 5% \u00e9lasthanne\n- Couche int\u00e9rieure : micro polaire","en":"This children's softshell jacket offers protection against the elements thanks to its 3-layer construction. The polyester and elastane exterior provides some flexibility and durability. The integrated breathable membrane allows moisture to be evacuated, while the microfleece inner layer provides a sense of comfort. The zip closure ensures secure and practical closure. The jacket features two front zip pockets for storing small items, as well as a zip pocket on the left sleeve.","de":"Diese Softshelljacke f\u00fcr Kinder bietet Schutz vor den Elementen dank ihrer 3-Schicht-Konstruktion. Das Au\u00dfenmaterial aus Polyester und Elasthan sorgt f\u00fcr Flexibilit\u00e4t und Haltbarkeit. Die integrierte atmungsaktive Membran erm\u00f6glicht die Ableitung von Feuchtigkeit, w\u00e4hrend die Innenausstattung aus Mikropl\u00fcsch ein angenehmes Tragegef\u00fchl bietet. Der Rei\u00dfverschluss sorgt f\u00fcr eine sichere und praktische Verschlie\u00dfung. Die Jacke verf\u00fcgt \u00fcber zwei vordere Rei\u00dfverschluss-Taschen zur Aufbewahrung kleiner Gegenst\u00e4nde sowie eine Rei\u00dfverschluss-Tasche am linken \u00c4rmel.\n\n- Kontrolliertes 3-Schicht-Gewebe\n- Atmungsaktivit\u00e4t: 3000 BR\n- Wasserfestigkeit: 6000 mm\n- Au\u00dfenmaterial: 95% Polyester, 5% Elasthan\n- Innenausstattung: Mikropl\u00fcsch","nl":"Deze softshell jas voor kinderen biedt bescherming tegen de elementen dankzij zijn driedelige constructie. Het buitenste deel van polyester en elastane zorgt voor soepelheid en duurzaamheid. De ge\u00efntegreerde ademende membraan zorgt voor het afvoeren van vocht, terwijl het binnenste deel van micro polaire een gevoel van comfort biedt. De ritssluiting zorgt voor een veilige en praktische sluiting. De jas is voorzien van twee voorste ritszakken voor het opbergen van kleine voorwerpen, evenals een ritszak op de linker mouw.","es":"Esta chaqueta softshell para ni\u00f1o ofrece protecci\u00f3n contra los elementos gracias a su construcci\u00f3n de 3 capas. El exterior de poli\u00e9ster y elastano asegura cierta suavidad y resistencia. La membrana transpirable incorporada permite una evacuaci\u00f3n de la humedad, mientras que la capa interior de micro polar aporta una sensaci\u00f3n de confort. La cremallera asegura un cierre seguro y pr\u00e1ctico. La chaqueta dispone de dos bolsillos con cremallera en el frente para guardar peque\u00f1os objetos, as\u00ed como de un bolsillo con cremallera en la manga izquierda. \n\n- Tejido laminado de 3 capas\n- Respirabilidad : 3000 BR\n- Impermeabilidad : 6000 mm\n- Exterior : 95% poli\u00e9ster, 5% elastano\n- Capa interior : micro polar","it":"Questa giacca softshell per bambini offre una protezione contro gli elementi grazie alla sua costruzione a tre strati. L'esterno in poliestere ed elastan garantisce una certa flessibilit\u00e0 e resistenza. La membrana traspirante integrata permette una evacuazione dell'umidit\u00e0, mentre lo strato interno in micro polare offre una sensazione di comfort. La chiusura a zip assicura una chiusura sicura e pratica. La giacca \u00e8 dotata di due tasche con zip sul davanti per riporre piccoli oggetti, oltre a una tasca con zip sul polsino sinistro.","sv":"Den h\u00e4r softshelljackan f\u00f6r barn erbjuder skydd mot elementen tack vare sin tre-lager konstruktion. Utanp\u00e5 ligger en blandning av polyester och elastan, vilket ger flexibilitet och h\u00e5llbarhet. Den inbyggda andningsbara membranen till\u00e5ter fukt att f\u00f6r\u00e5ngas, medan den inre mikrofleece-skiktet ger en bekv\u00e4m k\u00e4nsla. F\u00e4stningen med bl\u00e4ck f\u00f6r s\u00e4ker och praktisk st\u00e4ngning. Jackan har tv\u00e5 framsida fickor med bl\u00e4ck f\u00f6r sm\u00e5 saker, samt en ficka med bl\u00e4ck p\u00e5 v\u00e4nster \u00e4rm. Tricotage 3 lager. Andningsbarhet 3000 BR. Vattent\u00e4thet 6000 mm. Utanp\u00e5 95% polyester, 5% elastan. Inre skikt mikrofleece","pt":"Esta jaqueta softshell para crian\u00e7a oferece prote\u00e7\u00e3o contra os elementos gra\u00e7as \u00e0 sua constru\u00e7\u00e3o de 3 camadas. O exterior de poli\u00e9ster e elastano garante certa flexibilidade e resist\u00eancia. A membrana respir\u00e1vel integrada permite a evacua\u00e7\u00e3o da umidade, enquanto a camada interna de micro polar fornece uma sensa\u00e7\u00e3o de conforto. O fechamento z\u00edperado garante um fechamento seguro e pr\u00e1tico. A jaqueta possui duas bolsas z\u00edperadas na frente para guardar pequenos objetos, bem como uma bolsa z\u00edperada na manga esquerda.","da":"Denne b\u00f8rnejakke softshell tilbyder beskyttelse mod vejret takket v\u00e6re sin 3-lags konstruktion. Den ydre del af polyester og elastan sikrer en vis fleksibilitet og holdbarhed. Den indbyggede \u00e5ndbar membran sikrer fjernelse af fugtighed, mens den indre mikro-fodrede del tilf\u00f8jer komfort. Den zip-lukning sikrer en sikker og praktisk lukning. Jakken har to zip-lommer foran til opbevaring af sm\u00e5 genstande samt en zip-lomme p\u00e5 venstre \u00e6rm. \n\n- Trikot 3 lag\n- \u00c5ndbarhed: 3000 BR\n- Regnt\u00e6thed: 6000 mm\n- Ydre lag: 95% polyester, 5% elastan\n- Indre lag: mikrofodring","pl":"Ta kurtka softshell dla dzieci zapewnia ochron\u0119 przed warunkami atmosferycznymi dzi\u0119ki swojej konstrukcji z 3 warstw. Zewn\u0119trzna warstwa z poliestru i elastanu zapewnia pewn\u0105 elastyczno\u015b\u0107 i wytrzyma\u0142o\u015b\u0107. Wbudowana membrana oddychaj\u0105ca pozwala na usuwanie wilgoci, podczas gdy wewn\u0119trzna warstwa z mikropolaru nadaje wra\u017cenie komfortu. Zapi\u0119cie na zamek b\u0142yskawiczny zapewnia bezpieczne i wygodne zamykanie. Kurtka posiada dwie zapi\u0119te na zamek b\u0142yskawiczny kieszenie na przodzie do przechowywania ma\u0142ych przedmiot\u00f3w oraz zapi\u0119t\u0105 na zamek b\u0142yskawiczny kiesze\u0144 na lewym r\u0119kawie.\n\n- Materia\u0142 tr\u00f3jwarstwowy\n- Odporno\u015b\u0107 na przepuszczanie wilgoci: 3000 BR\n- Odporno\u015b\u0107 na wod\u0119: 6000 mm\n- Zewn\u0119trzna warstwa: 95% poliestru, 5% elastanu\n- Wewn\u0119trzna warstwa: mikropolar"},"h1":{"fr":"Veste enfant softshell k402","en":"Children's softshell jacket k402","de":"Softshelljacke f\u00fcr Kinder k402","nl":"Kinderen softshell jas k402","es":"Chaqueta infantil softshell k402","it":"Giacca per bambini softshell k402","sv":"Barnjacka softshell k402","pt":"Jaqueta infantil softshell k402","da":"B\u00f8rnejakke softshell k402","pl":"Kurtka dla dzieci softshell k402"},"meta_description":{"fr":"Veste enfant softshell respirante et imperm\u00e9able. Id\u00e9ale pour les activit\u00e9s en ext\u00e9rieur. D\u00e9couvrez la veste k402 Kariban.","en":"Breathable and waterproof children's softshell jacket. Ideal for outdoor activities. Discover the k402 jacket by Kariban.","de":"Atmungsaktive und wasserdichte Softshelljacke f\u00fcr Kinder. Ideal f\u00fcr Outdoor-Aktivit\u00e4ten. Entdecken Sie die Jacke k402 von Kariban.","nl":"Ademende en waterdichte kinderen softshell jas. Ideaal voor buitenactiviteiten. Ontdek de jas k402 Kariban.","es":"Chaqueta infantil softshell transpirable e impermeable. Ideal para actividades al aire libre. Descubre la chaqueta k402 Kariban.","it":"Giacca per bambini softshell traspirante e impermeabile. Ideale per le attivit\u00e0 all'aperto. Scoprite la giacca k402 Kariban.","sv":"Andningsbarn och vattent\u00e4t barnjacka. Idealt f\u00f6r utomhusaktiviteter. Uppt\u00e4ck jackan k402 Kariban.","pt":"Jaqueta infantil softshell respir\u00e1vel e imperme\u00e1vel. Ideal para atividades ao ar livre. Descubra a jaqueta k402 Kariban.","da":"\u00c5ndbar og regnt\u00e6t b\u00f8rnejakke softshell. Ideel til udend\u00f8rs aktiviteter. Opdag jakke k402 Kariban.","pl":"Oddechowa i wodoodporna kurtka dla dzieci softshell. Idealna do aktywno\u015bci na \u015bwie\u017cym powietrzu. Odkryj kurtk\u0119 k402 Kariban."}},"custom":{"title":{"fr":"Veste enfant softshell KARIBAN k402 personnalisable avec votre logo","en":"Child softshell jacket KARIBAN k402 customizable with your logo","de":"Kinder-Softshell-Jacke KARIBAN k402 personalisierbar mit Ihrem Logo","nl":"Kinderjasje softshell KARIBAN k402 aanpasbaar met uw logo","es":"Chaqueta infantil softshell KARIBAN k402 personalizable con su logo","it":"Giacca bambino softshell KARIBAN k402 personalizzabile con il tuo logo","sv":"Barndr\u00e4kt softshell KARIBAN k402 personlig med ert logo","pt":"Jaqueta infantil softshell KARIBAN k402 personaliz\u00e1vel com seu logotipo","da":"B\u00f8rne softshell jakke KARIBAN k402 personaliserbar med dit logo","pl":"Kurtka dzieci\u0119ca softshell KARIBAN k402 z mo\u017cliwo\u015bci\u0105 personalizacji za pomoc\u0105 Twojego logo"},"description":{"fr":"La veste enfant softshell KARIBAN k402 offre une protection efficace contre les intemp\u00e9ries gr\u00e2ce \u00e0 son tissu contrecoll\u00e9 3 couches respirant 3000 BR et imperm\u00e9able 6000 mm. Sa composition en polyester et \u00e9lasthanne assure confort et libert\u00e9 de mouvement. Elle est dot\u00e9e d'une fermeture zipp\u00e9e, de deux poches zipp\u00e9es sur le devant et d'une poche zipp\u00e9e sur le manche gauche. Ce mod\u00e8le est personnalisable en broderie ou par impression de votre logo, offrant ainsi une visibilit\u00e9 accrue pour votre entreprise ou association.\n\n- Tissu : Ext\u00e9rieur : 95% polyester, 5% \u00e9lasthanne.\n- Interm\u00e9diaire : membrane respirante.\n- Couche int\u00e9rieure : micro polaire.\n- Imperm\u00e9abilit\u00e9 : 6000 mm.\n- Respirabilit\u00e9 : 3000 BR.","en":"The child softshell jacket KARIBAN k402 offers effective protection against bad weather thanks to its three-layer breathable 3000 BR and waterproof 6000 mm laminated fabric. Its composition of polyester and elastane ensures comfort and freedom of movement. It is equipped with a zip closure, two zip pockets on the front and a zip pocket on the left sleeve. This model is customizable by embroidery or by printing your logo, thus offering increased visibility for your company or association.\n\n- Fabric: Exterior: 95% polyester, 5% elastane.\n- Intermediate: breathable membrane.\n- Inner layer: micro fleece.\n- Waterproof: 6000 mm.\n- Breathability: 3000 BR.","de":"Die Kinder-Softshell-Jacke KARIBAN k402 bietet einen effektiven Schutz vor den Unbilden des Wetters dank ihres dreischichtigen atmungsaktiven und wasserdichten Contrecoll\u00e9-Gewebes. Ihre Zusammensetzung aus Polyester und Elasthan sorgt f\u00fcr Komfort und Bewegungsfreiheit. Sie verf\u00fcgt \u00fcber einen Rei\u00dfverschluss, zwei vordere Rei\u00dfverschluss-Taschen und eine Rei\u00dfverschluss-Tasche am linken \u00c4rmel. Dieses Modell kann durch Stickerei oder Aufdruck Ihres Logos personalisiert werden und bietet so eine erh\u00f6hte Sichtbarkeit f\u00fcr Ihr Unternehmen oder Ihren Verein. \n\n- Stoff: Au\u00dfen: 95% Polyester, 5% Elasthan. \n- Zwischenschicht: atmungsaktive Membran. \n- Innenschicht: Mikro-Fleece. \n- Wasserdichtigkeit: 6000 mm. \n- Atmungsaktivit\u00e4t: 3000 BR.","nl":"De kinderjasje softshell KARIBAN k402 biedt een effectieve bescherming tegen de weersomstandigheden dankzij zijn 3-lagen gecontroleerde ademende 3000 BR en waterdichte 6000 mm stof. De samenstelling van polyester en elastane biedt comfort en vrije beweging. Het heeft een ritssluiting, twee ritssluitingen aan de voorkant en een ritssluiting aan de linker mouw. Dit model is aanpasbaar door borduurwerk of door afdrukken van uw logo, waardoor u meer zichtbaarheid biedt voor uw bedrijf of vereniging.\n\n- Stof: Buitenkant: 95% polyester, 5% elastane.\n- Intermediair: ademende membranen.\n- Binnenkant: micropolaire.\n- Waterdichtheid: 6000 mm.\n- Ademend vermogen: 3000 BR.","es":"La chaqueta infantil softshell KARIBAN k402 ofrece una protecci\u00f3n efectiva contra las inclemencias del tiempo gracias a su tejido laminado de 3 capas transpirable 3000 BR y impermeable 6000 mm. Su composici\u00f3n de poli\u00e9ster y elastano asegura confort y libertad de movimiento. Est\u00e1 equipada con una cremallera, dos bolsillos con cremallera en el frente y un bolsillo con cremallera en la manga izquierda. Este modelo es personalizable mediante bordado o impresi\u00f3n de su logo, ofreciendo as\u00ed una visibilidad aumentada para su empresa o asociaci\u00f3n.\n\n- Tela: Exterior: 95% poli\u00e9ster, 5% elastano.\n- Intermedia: membrana transpirable.\n- Capa interior: micro polar.\n- Impermeabilidad: 6000 mm.\n- Transpirabilidad: 3000 BR.","it":"La giacca bambino softshell KARIBAN k402 offre una protezione efficace contro le intemperie grazie al suo tessuto laminato a 3 strati traspirante 3000 BR e impermeabile 6000 mm. La sua composizione in poliestere ed elastan garantisce comfort e libert\u00e0 di movimento. \u00c8 dotata di una chiusura lampo, di due tasche con cerniera sul davanti e di una tasca con cerniera sulla manica sinistra. Questo modello \u00e8 personalizzabile con ricamo o stampa del tuo logo, offrendo cos\u00ec una visibilit\u00e0 accresciuta per la tua azienda o associazione.\n\n- Tessuto: Esterno: 95% poliestere, 5% elastan.\n- Intermedio: membrana traspirante.\n- Strato interno: micro pile.\n- Impermeabilit\u00e0: 6000 mm.\n- Traspirabilit\u00e0: 3000 BR.","sv":"Barndr\u00e4kt softshell KARIBAN k402 erbjuder effektivt skydd mot v\u00e4derleken tack vare dess 3-lagers andningsbara kontrollerade 3000 BR och vattent\u00e4t 6000 mm. Dess sammans\u00e4ttning av polyester och elastan s\u00e4kerst\u00e4ller komfort och fri r\u00f6relse. Den har en zippl\u00e5sning, tv\u00e5 fram\u00e5tp\u00e5sar med zips och en zippad p\u00e5s p\u00e5 v\u00e4nster\u00e4rm. Denna modell \u00e4r personlig med broderi eller tryckning av ert logo, vilket ger \u00f6kad synlighet f\u00f6r ert f\u00f6retag eller f\u00f6rening.\n\n- Tyg: Yttersida: 95% polyester, 5% elastan.\n- Mellanskikt: andningsbar membran.\n- Inre skikt: mikropol\u00e4r.\n- Vattent\u00e4thet: 6000 mm.\n- Andningsf\u00f6rm\u00e5ga: 3000 BR.","pt":"A jaqueta infantil softshell KARIBAN k402 oferece prote\u00e7\u00e3o eficaz contra as intemp\u00e9ries gra\u00e7as ao seu tecido colado 3 camadas respir\u00e1vel 3000 BR e imperme\u00e1vel 6000 mm. Sua composi\u00e7\u00e3o em poli\u00e9ster e elastano garante conforto e liberdade de movimento. Ela \u00e9 dotada de um z\u00edper, de duas bolsas z\u00edper na frente e de uma bolsa z\u00edper na manga esquerda. Este modelo \u00e9 personaliz\u00e1vel em bordado ou por impress\u00e3o do seu logotipo, oferecendo assim uma visibilidade aumentada para sua empresa ou associa\u00e7\u00e3o.\n\n- Tecido: Exterior: 95% poli\u00e9ster, 5% elastano.\n- Intermedi\u00e1rio: membrana respir\u00e1vel.\n- Camada interna: micro polar.\n- Impermeabilidade: 6000 mm.\n- Respirabilidade: 3000 BR.","da":"B\u00f8rne softshell jakke KARIBAN k402 tilbyder effektiv beskyttelse mod uvejr takket v\u00e6re sit 3-lags \u00e5ndbart og vandt\u00e6t 3000 BR v\u00e6v. Dens sammens\u00e6tning af polyester og elastan sikrer komfort og fri bev\u00e6gelse. Den er udstyret med en zipperl\u00e5s, to zipperlommer foran og en zipperlomme p\u00e5 venstre \u00e6rme. Denne model er personaliserbar med broderi eller tryk af dit logo, hvilket giver \u00f8get synlighed for dit virksomhed eller forening.\n\n- V\u00e6v: Yderside: 95% polyester, 5% elastan.\n- Midtlag: \u00c5ndbar membran.\n- Inderside: Mikropolar.\n- Vandt\u00e6thed: 6000 mm.\n- \u00c5ndbarhed: 3000 BR.","pl":"Kurtka dzieci\u0119ca softshell KARIBAN k402 oferuje skuteczn\u0105 ochron\u0119 przed niepogod\u0105 dzi\u0119ki swojej tr\u00f3jwarstwowej, oddychaj\u0105cej tkance 3000 BR i niemaloodpornej 6000 mm. Jej sk\u0142ad z poliestru i elastanu zapewnia komfort i swobod\u0119 ruchu. Wyposa\u017cona jest w zamkni\u0119cie z zapi\u0119ciem b\u0142yskawicznym, dwie zapi\u0119te z zapi\u0119ciem b\u0142yskawicznym kieszenie na przedzie i zapi\u0119t\u0105 z zapi\u0119ciem b\u0142yskawicznym kiesze\u0144 na lewym r\u0119kawie. Ten model mo\u017cna spersonalizowa\u0107 za pomoc\u0105 haftu lub druku Twojego logo, oferuj\u0105c tym samym wi\u0119ksz\u0105 widoczno\u015b\u0107 dla Twojej firmy lub stowarzyszenia.\n\n- Tkanina: Zewn\u0119trzna: 95% poliestru, 5% elastanu.\n- Warstwa \u015brodkowa: oddychaj\u0105ca membrana.\n- Warstwa wewn\u0119trzna: mikropolar.\n- Niewra\u017cliwo\u015b\u0107: 6000 mm.\n- Oddychalno\u015b\u0107: 3000 BR."},"h1":{"fr":"Veste enfant softshell k402 personnalisation avec votre visuel","en":"Child softshell jacket k402 customization with your visual","de":"Kinder-Softshell-Jacke k402 Personalisierung mit Ihrem visuellen Element","nl":"Kinderjasje softshell k402 aanpassing met uw visueel","es":"Chaqueta infantil softshell k402 personalizaci\u00f3n con su visual","it":"Giacca bambino softshell k402 personalizzazione con il tuo visivo","sv":"Barndr\u00e4kt softshell k402 personlig med ert visuella","pt":"Jaqueta infantil softshell k402 personaliza\u00e7\u00e3o com seu visual","da":"B\u00f8rne softshell jakke k402 personligg\u00f8relse med dit visuelle","pl":"Kurtka dzieci\u0119ca softshell k402 personalizacja z Twoim wzorem"},"meta_description":{"fr":"Veste enfant softshell imperm\u00e9able et respirante KARIBAN k402. Personnalisable en broderie ou impression de votre logo. Id\u00e9al pour les professionnels.","en":"Child softshell jacket waterproof and breathable KARIBAN k402. Customizable by embroidery or printing your logo. Ideal for professionals.","de":"Wasserdichte und atmungsaktive Kinder-Softshell-Jacke KARIBAN k402. Personalisierbar mit Stickerei oder Aufdruck Ihres Logos. Ideal f\u00fcr Berufst\u00e4tige.","nl":"Watersdichte en ademende kinderjasje softshell KARIBAN k402. Aanpasbaar in borduurwerk of afdruk van uw logo. Ideaal voor professionals.","es":"Chaqueta infantil softshell impermeable y transpirable KARIBAN k402. Personalizable en bordado o impresi\u00f3n de su logo. Ideal para profesionales.","it":"Giacca bambino softshell impermeabile e traspirante KARIBAN k402. Personalizzabile con ricamo o stampa del tuo logo. Ideale per i professionisti.","sv":"Barndr\u00e4kt softshell KARIBAN k402 vattent\u00e4t och andningsbar. Personlig med broderi eller tryckning av ert logo. Idealiskt f\u00f6r professionella.","pt":"Jaqueta infantil softshell imperme\u00e1vel e respir\u00e1vel KARIBAN k402. Personaliz\u00e1vel em bordado ou impress\u00e3o do seu logotipo. Ideal para profissionais.","da":"B\u00f8rne softshell jakke KARIBAN k402 vandt\u00e6t og \u00e5ndbar. Personaliserbar i broderi eller tryk af dit logo. Ideel for fagfolk.","pl":"Niemaloodporna i oddychaj\u0105ca kurtka dzieci\u0119ca softshell KARIBAN k402. Mo\u017cliwo\u015b\u0107 personalizacji za pomoc\u0105 haftu lub druku Twojego logo. Idealna dla profesjonalist\u00f3w."}}},"categories":[{"id":328,"name":"Softshells","singular":"Softshell","is_feminin":false},{"id":13,"name":"Vestes et manteaux","singular":"Veste et manteau","is_feminin":true},{"id":354,"name":"Textile","singular":"Textile","is_feminin":false}],"certifications":[],"videos":{"fr":[],"en":[],"de":[],"nl":[],"es":[],"it":[],"sv":[],"pt":[],"da":[],"pl":[]},"main_images":{"miniature":"https:\/\/media.th4.com\/re-VXWdQvDuWtxXmMhTxFc_fzsq8BmCi1Sq4HsURs0U\/pr:80\/aHR0cDovL21lZGlhMi5kZXNpZ25wYXJ0bmVyLmZyL2MvcC1NVC8xNDA0LmpwZw?v=1696936437","medium":"https:\/\/media.th4.com\/P07Z5KiDfllBqApuDOE8W91bGqW2fWG7qyDMnrxKEW8\/pr:550x550greybg\/aHR0cDovL21lZGlhMi5kZXNpZ25wYXJ0bmVyLmZyL2MvcC1NVC8xNDA0LmpwZw?v=1696936437","medium_large":"https:\/\/media.th4.com\/93CnhQApakKdwNkj3XhECjCIQietO46IQs7xkGqn16M\/pr:1000x1000greybg\/aHR0cDovL21lZGlhMi5kZXNpZ25wYXJ0bmVyLmZyL2MvcC1NVC8xNDA0LmpwZw?v=1696936437","large":"https:\/\/media.th4.com\/1pcCBAJGln53leAOPERxXqclH1NlrMDopaSa37QO1Ss\/pr:1920greybg\/aHR0cDovL21lZGlhMi5kZXNpZ25wYXJ0bmVyLmZyL2MvcC1NVC8xNDA0LmpwZw?v=1696936437","opengraph":"https:\/\/media.th4.com\/Oy8LiCZXfNlnO8sjZkwGyDSPSOVrVyc7WscRNu4pUb4\/pr:1200x630greybg\/aHR0cDovL21lZGlhMi5kZXNpZ25wYXJ0bmVyLmZyL2MvcC1NVC8xNDA0LmpwZw?v=1696936437"},"main_images_customization":{"miniature":"https:\/\/media.th4.com\/re-VXWdQvDuWtxXmMhTxFc_fzsq8BmCi1Sq4HsURs0U\/pr:80\/aHR0cDovL21lZGlhMi5kZXNpZ25wYXJ0bmVyLmZyL2MvcC1NVC8xNDA0LmpwZw?v=1696936437","medium":"https:\/\/media.th4.com\/P07Z5KiDfllBqApuDOE8W91bGqW2fWG7qyDMnrxKEW8\/pr:550x550greybg\/aHR0cDovL21lZGlhMi5kZXNpZ25wYXJ0bmVyLmZyL2MvcC1NVC8xNDA0LmpwZw?v=1696936437","medium_large":"https:\/\/media.th4.com\/93CnhQApakKdwNkj3XhECjCIQietO46IQs7xkGqn16M\/pr:1000x1000greybg\/aHR0cDovL21lZGlhMi5kZXNpZ25wYXJ0bmVyLmZyL2MvcC1NVC8xNDA0LmpwZw?v=1696936437","large":"https:\/\/media.th4.com\/1pcCBAJGln53leAOPERxXqclH1NlrMDopaSa37QO1Ss\/pr:1920greybg\/aHR0cDovL21lZGlhMi5kZXNpZ25wYXJ0bmVyLmZyL2MvcC1NVC8xNDA0LmpwZw?v=1696936437","opengraph":"https:\/\/media.th4.com\/Oy8LiCZXfNlnO8sjZkwGyDSPSOVrVyc7WscRNu4pUb4\/pr:1200x630greybg\/aHR0cDovL21lZGlhMi5kZXNpZ25wYXJ0bmVyLmZyL2MvcC1NVC8xNDA0LmpwZw?v=1696936437"},"page_links":{"fr":"\/fr\/p-ka-k402-veste-enfant-softshell-k402-1404\/","en":"\/en\/p-ka-k402-childrens-softshell-jacket-k402-1404\/","de":"\/de\/p-ka-k402-softshelljacke-fur-kinder-k402-1404\/","nl":"\/nl\/p-ka-k402-kinderen-softshell-jas-k402-1404\/","es":"\/es\/p-ka-k402-chaqueta-infantil-softshell-k402-1404\/","it":"\/it\/p-ka-k402-giacca-per-bambini-softshell-k402-1404\/","sv":"\/sv\/p-ka-k402-barnjacka-softshell-k402-1404\/","pt":"\/pt\/p-ka-k402-jaqueta-infantil-softshell-k402-1404\/","da":"\/da\/p-ka-k402-bornejakke-softshell-k402-1404\/","pl":"\/pl\/p-ka-k402-kurtka-dla-dzieci-softshell-k402-1404\/"},"page_links_customization":{"fr":"\/fr\/p-ka-k402-veste-enfant-softshell-k402-personnalisation-avec-votre-visuel-1404\/custom\/","en":"\/en\/p-ka-k402-child-softshell-jacket-k402-customization-with-your-visual-1404\/custom\/","de":"\/de\/p-ka-k402-kinder-softshell-jacke-k402-personalisierung-mit-ihrem-visuellen-element-1404\/custom\/","nl":"\/nl\/p-ka-k402-kinderjasje-softshell-k402-aanpassing-met-uw-visueel-1404\/custom\/","es":"\/es\/p-ka-k402-chaqueta-infantil-softshell-k402-personalizacion-con-su-visual-1404\/custom\/","it":"\/it\/p-ka-k402-giacca-bambino-softshell-k402-personalizzazione-con-il-tuo-visivo-1404\/custom\/","sv":"\/sv\/p-ka-k402-barndrakt-softshell-k402-personlig-med-ert-visuella-1404\/custom\/","pt":"\/pt\/p-ka-k402-jaqueta-infantil-softshell-k402-personalizacao-com-seu-visual-1404\/custom\/","da":"\/da\/p-ka-k402-borne-softshell-jakke-k402-personliggorelse-med-dit-visuelle-1404\/custom\/","pl":"\/pl\/p-ka-k402-kurtka-dziecieca-softshell-k402-personalizacja-z-twoim-wzorem-1404\/custom\/"},"equivalent_products":[1396,1403],"colors":[{"id":1520,"name":"black","class_ids":[4],"codes_hexa":["1a1a18"],"delai_24":false,"has_3d":false,"seuil_global":0,"stock_local":0,"stock_global":2950,"on_standby":false,"in_catalog":true,"images":{"miniature":["https:\/\/media.th4.com\/PYiHgsBEWN9_D2FIsAms4rtBD7qRTnjUNcUer7NSuEA\/pr:80\/aHR0cDovL21lZGlhMi5kZXNpZ25wYXJ0bmVyLmZyL2MvcC8xNDA0LzE0MDQtMTUyMC0xLmpwZw?v=1638344067","https:\/\/media.th4.com\/TjdvvW4Q0ttFdo_VWwXSTbmJAUbzoaiInI7KknyECKI\/pr:80\/aHR0cDovL21lZGlhMi5kZXNpZ25wYXJ0bmVyLmZyL2MvcC8xNDA0LzE0MDQtMTUyMC0yLmpwZw?v=1638344067","https:\/\/media.th4.com\/KUxNY48LwDgN-C38AcCI2PcmXwYRONtzBYPG6mesgR8\/pr:80\/aHR0cDovL21lZGlhMi5kZXNpZ25wYXJ0bmVyLmZyL2MvcC8xNDA0LzE0MDQtMTUyMC0zLmpwZw?v=1638344067"],"medium":["https:\/\/media.th4.com\/GIaHFGMX6raAMBxlsAY999f68B1Mx3AtHIxILZpmLiw\/pr:550x550\/aHR0cDovL21lZGlhMi5kZXNpZ25wYXJ0bmVyLmZyL2MvcC8xNDA0LzE0MDQtMTUyMC0xLmpwZw?v=1638344067","https:\/\/media.th4.com\/e_Uwk6wYbCYsw_U6LgzWmqfBbUhp1KfBYcLagxZ1V_w\/pr:550x550\/aHR0cDovL21lZGlhMi5kZXNpZ25wYXJ0bmVyLmZyL2MvcC8xNDA0LzE0MDQtMTUyMC0yLmpwZw?v=1638344067","https:\/\/media.th4.com\/gRuNfgtuS1qP4-mIYUXJ5dxIXZKmdTsP3I5kC1AdZ8k\/pr:550x550\/aHR0cDovL21lZGlhMi5kZXNpZ25wYXJ0bmVyLmZyL2MvcC8xNDA0LzE0MDQtMTUyMC0zLmpwZw?v=1638344067"],"medium_large":["https:\/\/media.th4.com\/1LzOWnI08L6jtQAB-hfVwHnLO6ExUOO-konTN5GkOEY\/pr:1000x1000\/aHR0cDovL21lZGlhMi5kZXNpZ25wYXJ0bmVyLmZyL2MvcC8xNDA0LzE0MDQtMTUyMC0xLmpwZw?v=1638344067","https:\/\/media.th4.com\/Ok1eW1DkdKlKYe9ia8Oa46dqzJv6NRWUbsWFO5mlJ04\/pr:1000x1000\/aHR0cDovL21lZGlhMi5kZXNpZ25wYXJ0bmVyLmZyL2MvcC8xNDA0LzE0MDQtMTUyMC0yLmpwZw?v=1638344067","https:\/\/media.th4.com\/Qe0apmsRaDYdeuvAr70SMkxx2RG4iyziTwQGb3uNY8g\/pr:1000x1000\/aHR0cDovL21lZGlhMi5kZXNpZ25wYXJ0bmVyLmZyL2MvcC8xNDA0LzE0MDQtMTUyMC0zLmpwZw?v=1638344067"],"large":["https:\/\/media.th4.com\/ltV_YCmCAQvl8EyhuSF7haTps6dL5KVnI7TB-mFFObY\/pr:1920\/aHR0cDovL21lZGlhMi5kZXNpZ25wYXJ0bmVyLmZyL2MvcC8xNDA0LzE0MDQtMTUyMC0xLmpwZw?v=1638344067","https:\/\/media.th4.com\/RrgXa8i6F90-z7uD8zAo3yCpHV6igpVGiPVZTMwQJ7M\/pr:1920\/aHR0cDovL21lZGlhMi5kZXNpZ25wYXJ0bmVyLmZyL2MvcC8xNDA0LzE0MDQtMTUyMC0yLmpwZw?v=1638344067","https:\/\/media.th4.com\/b9-8j8Cir4ienJ3J6UKopzXvBo2tyPZiuF2NGB0O96w\/pr:1920\/aHR0cDovL21lZGlhMi5kZXNpZ25wYXJ0bmVyLmZyL2MvcC8xNDA0LzE0MDQtMTUyMC0zLmpwZw?v=1638344067"],"opengraph":["https:\/\/media.th4.com\/FSkK5Iuneq3Fi_ZDCXAmAEfMFSSOnzy6wgU7tmEJZ2w\/pr:1200x630\/aHR0cDovL21lZGlhMi5kZXNpZ25wYXJ0bmVyLmZyL2MvcC8xNDA0LzE0MDQtMTUyMC0xLmpwZw?v=1638344067","https:\/\/media.th4.com\/NrOEsAf7Es6hoYBIYXuv76axHlgmCTMTPeaynKSX_Y0\/pr:1200x630\/aHR0cDovL21lZGlhMi5kZXNpZ25wYXJ0bmVyLmZyL2MvcC8xNDA0LzE0MDQtMTUyMC0yLmpwZw?v=1638344067","https:\/\/media.th4.com\/PDuI2_5wxAeyC5r0qtc2Zs9T3CSrh0Xw_z-PhKGnfNM\/pr:1200x630\/aHR0cDovL21lZGlhMi5kZXNpZ25wYXJ0bmVyLmZyL2MvcC8xNDA0LzE0MDQtMTUyMC0zLmpwZw?v=1638344067"]},"images_customization":{"miniature":["https:\/\/media.th4.com\/WKweIeoNO6M6cOYWEGMjuMpVaejM2do1ZLutnEerRSg\/pr:80\/aHR0cDovL21lZGlhMi5kZXNpZ25wYXJ0bmVyLmZyL2MvcC1zaG9wcGluZy1jdXN0b20tVEgvMTQwNC8xNDA0LTE1MjAtMS5qcGc?v=1737554679"],"medium":["https:\/\/media.th4.com\/RixKg1gMlFUagq0g1eYnibG0NhN_lcyTLMrTyVAKjWI\/pr:550x550\/aHR0cDovL21lZGlhMi5kZXNpZ25wYXJ0bmVyLmZyL2MvcC1zaG9wcGluZy1jdXN0b20tVEgvMTQwNC8xNDA0LTE1MjAtMS5qcGc?v=1737554679"],"medium_large":["https:\/\/media.th4.com\/CSjG6SX8iwuGm_p77wm_8bN0dsI3SDuo7A5eHiMCSOk\/pr:1000x1000\/aHR0cDovL21lZGlhMi5kZXNpZ25wYXJ0bmVyLmZyL2MvcC1zaG9wcGluZy1jdXN0b20tVEgvMTQwNC8xNDA0LTE1MjAtMS5qcGc?v=1737554679"],"large":["https:\/\/media.th4.com\/A72ZjQMz9h-6IF1-AlI23aH81v-MVmEjn2yFogEoSwc\/pr:1920\/aHR0cDovL21lZGlhMi5kZXNpZ25wYXJ0bmVyLmZyL2MvcC1zaG9wcGluZy1jdXN0b20tVEgvMTQwNC8xNDA0LTE1MjAtMS5qcGc?v=1737554679"],"opengraph":["https:\/\/media.th4.com\/hPt4LJiJ6YkuhXuiUojtpAQvtlKAwHWfIQhjN1K_aM8\/pr:1200x630\/aHR0cDovL21lZGlhMi5kZXNpZ25wYXJ0bmVyLmZyL2MvcC1zaG9wcGluZy1jdXN0b20tVEgvMTQwNC8xNDA0LTE1MjAtMS5qcGc?v=1737554679"]},"country_origin":"CN","traceability":{"manufacturing_country_id":null,"weaving_country_id":null,"dyeing_country_id":null},"sizes":[{"id":1396,"article_id":99409,"class_id":15,"name":"6\/8ans","on_standby":false,"stock_local":0,"stock_global":508,"multiple":1,"estimated_date_reassort":null,"is_destocking":false},{"id":1397,"article_id":99411,"class_id":16,"name":"8\/10ans","on_standby":false,"stock_local":0,"stock_global":679,"multiple":1,"estimated_date_reassort":null,"is_destocking":false},{"id":1398,"article_id":99413,"class_id":17,"name":"10\/12ans","on_standby":false,"stock_local":0,"stock_global":890,"multiple":1,"estimated_date_reassort":null,"is_destocking":false},{"id":33,"article_id":35416,"class_id":17,"name":"12\/14ans","on_standby":false,"stock_local":0,"stock_global":873,"multiple":1,"estimated_date_reassort":null,"is_destocking":false}],"page_links":{"fr":"\/fr\/p-ka-k402-veste-enfant-softshell-k402-1404\/black-1520\/","en":"\/en\/p-ka-k402-childrens-softshell-jacket-k402-1404\/black-1520\/","de":"\/de\/p-ka-k402-softshelljacke-fur-kinder-k402-1404\/black-1520\/","nl":"\/nl\/p-ka-k402-kinderen-softshell-jas-k402-1404\/black-1520\/","es":"\/es\/p-ka-k402-chaqueta-infantil-softshell-k402-1404\/black-1520\/","it":"\/it\/p-ka-k402-giacca-per-bambini-softshell-k402-1404\/black-1520\/","sv":"\/sv\/p-ka-k402-barnjacka-softshell-k402-1404\/black-1520\/","pt":"\/pt\/p-ka-k402-jaqueta-infantil-softshell-k402-1404\/black-1520\/","da":"\/da\/p-ka-k402-bornejakke-softshell-k402-1404\/black-1520\/","pl":"\/pl\/p-ka-k402-kurtka-dla-dzieci-softshell-k402-1404\/black-1520\/"},"page_links_customization":{"fr":"\/fr\/p-ka-k402-veste-enfant-softshell-k402-personnalisation-avec-votre-visuel-1404\/black-1520\/custom\/","en":"\/en\/p-ka-k402-child-softshell-jacket-k402-customization-with-your-visual-1404\/black-1520\/custom\/","de":"\/de\/p-ka-k402-kinder-softshell-jacke-k402-personalisierung-mit-ihrem-visuellen-element-1404\/black-1520\/custom\/","nl":"\/nl\/p-ka-k402-kinderjasje-softshell-k402-aanpassing-met-uw-visueel-1404\/black-1520\/custom\/","es":"\/es\/p-ka-k402-chaqueta-infantil-softshell-k402-personalizacion-con-su-visual-1404\/black-1520\/custom\/","it":"\/it\/p-ka-k402-giacca-bambino-softshell-k402-personalizzazione-con-il-tuo-visivo-1404\/black-1520\/custom\/","sv":"\/sv\/p-ka-k402-barndrakt-softshell-k402-personlig-med-ert-visuella-1404\/black-1520\/custom\/","pt":"\/pt\/p-ka-k402-jaqueta-infantil-softshell-k402-personalizacao-com-seu-visual-1404\/black-1520\/custom\/","da":"\/da\/p-ka-k402-borne-softshell-jakke-k402-personliggorelse-med-dit-visuelle-1404\/black-1520\/custom\/","pl":"\/pl\/p-ka-k402-kurtka-dziecieca-softshell-k402-personalizacja-z-twoim-wzorem-1404\/black-1520\/custom\/"}},{"id":1261,"name":"navy","class_ids":[2],"codes_hexa":["012942"],"delai_24":false,"has_3d":false,"seuil_global":0,"stock_local":0,"stock_global":1358,"on_standby":false,"in_catalog":true,"images":{"miniature":["https:\/\/media.th4.com\/6P18c7XKFw4CNLJ7bDgEoOKiP_dXk_NJtn2gvozVHXA\/pr:80\/aHR0cDovL21lZGlhMi5kZXNpZ25wYXJ0bmVyLmZyL2MvcC8xNDA0LzE0MDQtMTI2MS0xLmpwZw?v=1638344067","https:\/\/media.th4.com\/1Mb7Oq7HbFGpgAPVs3A3hIEhOFZcRlPltj__jNLLFi4\/pr:80\/aHR0cDovL21lZGlhMi5kZXNpZ25wYXJ0bmVyLmZyL2MvcC8xNDA0LzE0MDQtMTI2MS0yLmpwZw?v=1638344067","https:\/\/media.th4.com\/BYLYbY8q9XLTQ28V5xALFYIpW3mVRwNCBlHCvr7vy38\/pr:80\/aHR0cDovL21lZGlhMi5kZXNpZ25wYXJ0bmVyLmZyL2MvcC8xNDA0LzE0MDQtMTI2MS0zLmpwZw?v=1638344067"],"medium":["https:\/\/media.th4.com\/sg-Asdm-NkyKwhy7pt_11QFFMKviUwva9lZOVY6Lpig\/pr:550x550\/aHR0cDovL21lZGlhMi5kZXNpZ25wYXJ0bmVyLmZyL2MvcC8xNDA0LzE0MDQtMTI2MS0xLmpwZw?v=1638344067","https:\/\/media.th4.com\/TDll5OGg_TDu5dsLKIhIu3aMd6fKCzWAY3A6gsNkODk\/pr:550x550\/aHR0cDovL21lZGlhMi5kZXNpZ25wYXJ0bmVyLmZyL2MvcC8xNDA0LzE0MDQtMTI2MS0yLmpwZw?v=1638344067","https:\/\/media.th4.com\/bv9FIiTwGKbtTV8Pxpt7yHA80Cpk3GYqnvlPwGe6ttk\/pr:550x550\/aHR0cDovL21lZGlhMi5kZXNpZ25wYXJ0bmVyLmZyL2MvcC8xNDA0LzE0MDQtMTI2MS0zLmpwZw?v=1638344067"],"medium_large":["https:\/\/media.th4.com\/RuZooh9bdcTMcwffcNm3ZPC-ZqyvaM0Zm1GbRCdN3sI\/pr:1000x1000\/aHR0cDovL21lZGlhMi5kZXNpZ25wYXJ0bmVyLmZyL2MvcC8xNDA0LzE0MDQtMTI2MS0xLmpwZw?v=1638344067","https:\/\/media.th4.com\/ti0VwxwP150mZCHxtrbQ1UJ5mFW9c5pjw3i08IrVynA\/pr:1000x1000\/aHR0cDovL21lZGlhMi5kZXNpZ25wYXJ0bmVyLmZyL2MvcC8xNDA0LzE0MDQtMTI2MS0yLmpwZw?v=1638344067","https:\/\/media.th4.com\/uYgVP5IyO-YiHl1l8OPCBD78yhH1adAurL7Krx7_waI\/pr:1000x1000\/aHR0cDovL21lZGlhMi5kZXNpZ25wYXJ0bmVyLmZyL2MvcC8xNDA0LzE0MDQtMTI2MS0zLmpwZw?v=1638344067"],"large":["https:\/\/media.th4.com\/kiDD_Zi50ehx0gVxTuO4Z_GIvFoYAh3zuR7-XqrS4DE\/pr:1920\/aHR0cDovL21lZGlhMi5kZXNpZ25wYXJ0bmVyLmZyL2MvcC8xNDA0LzE0MDQtMTI2MS0xLmpwZw?v=1638344067","https:\/\/media.th4.com\/Ppn3OdwbixFys6sCYY-ZXw3McAcTKlj_pUyLeIRgVmc\/pr:1920\/aHR0cDovL21lZGlhMi5kZXNpZ25wYXJ0bmVyLmZyL2MvcC8xNDA0LzE0MDQtMTI2MS0yLmpwZw?v=1638344067","https:\/\/media.th4.com\/_xRkLPFgxEeBDQIgGrAvpECXcXjw7xW_a6fOQMM5Tec\/pr:1920\/aHR0cDovL21lZGlhMi5kZXNpZ25wYXJ0bmVyLmZyL2MvcC8xNDA0LzE0MDQtMTI2MS0zLmpwZw?v=1638344067"],"opengraph":["https:\/\/media.th4.com\/fDTWbRCQqsCC4de275GHeSrj-LIvoht_wytdRSJKad0\/pr:1200x630\/aHR0cDovL21lZGlhMi5kZXNpZ25wYXJ0bmVyLmZyL2MvcC8xNDA0LzE0MDQtMTI2MS0xLmpwZw?v=1638344067","https:\/\/media.th4.com\/h6W_nc5hyFx4ONy05BxiUaehPppSqH9Vyeapmfp1PHc\/pr:1200x630\/aHR0cDovL21lZGlhMi5kZXNpZ25wYXJ0bmVyLmZyL2MvcC8xNDA0LzE0MDQtMTI2MS0yLmpwZw?v=1638344067","https:\/\/media.th4.com\/p9NzdiDzGeMCMxUYoWdyw1buyTD8yBKS3i-6qTa0f6Y\/pr:1200x630\/aHR0cDovL21lZGlhMi5kZXNpZ25wYXJ0bmVyLmZyL2MvcC8xNDA0LzE0MDQtMTI2MS0zLmpwZw?v=1638344067"]},"images_customization":{"miniature":["https:\/\/media.th4.com\/a_uUuwJhPDSbGMN2TP5EIORipbNnCQdG_GfOCkPnvtQ\/pr:80\/aHR0cDovL21lZGlhMi5kZXNpZ25wYXJ0bmVyLmZyL2MvcC1zaG9wcGluZy1jdXN0b20tVEgvMTQwNC8xNDA0LTEyNjEtMS5qcGc?v=1737554679"],"medium":["https:\/\/media.th4.com\/VcazEFnZcN2b2YvgKBziAbRk0J0plMDEMlVcOcfwGQI\/pr:550x550\/aHR0cDovL21lZGlhMi5kZXNpZ25wYXJ0bmVyLmZyL2MvcC1zaG9wcGluZy1jdXN0b20tVEgvMTQwNC8xNDA0LTEyNjEtMS5qcGc?v=1737554679"],"medium_large":["https:\/\/media.th4.com\/6iw9ZiHx9sF1i1e0xDURT7aVcEP8qP8FDD9gz9hDFGQ\/pr:1000x1000\/aHR0cDovL21lZGlhMi5kZXNpZ25wYXJ0bmVyLmZyL2MvcC1zaG9wcGluZy1jdXN0b20tVEgvMTQwNC8xNDA0LTEyNjEtMS5qcGc?v=1737554679"],"large":["https:\/\/media.th4.com\/R028LbMoO-YoEBfHgE3lpd_I1e5CO5EwW6uLkRSTKoA\/pr:1920\/aHR0cDovL21lZGlhMi5kZXNpZ25wYXJ0bmVyLmZyL2MvcC1zaG9wcGluZy1jdXN0b20tVEgvMTQwNC8xNDA0LTEyNjEtMS5qcGc?v=1737554679"],"opengraph":["https:\/\/media.th4.com\/FFIOvOwCFys5Ip0cqiS0UVeRUQNFDbq9yYZYOrKsoNo\/pr:1200x630\/aHR0cDovL21lZGlhMi5kZXNpZ25wYXJ0bmVyLmZyL2MvcC1zaG9wcGluZy1jdXN0b20tVEgvMTQwNC8xNDA0LTEyNjEtMS5qcGc?v=1737554679"]},"country_origin":"CN","traceability":{"manufacturing_country_id":null,"weaving_country_id":null,"dyeing_country_id":null},"sizes":[{"id":1396,"article_id":108433,"class_id":15,"name":"6\/8ans","on_standby":false,"stock_local":0,"stock_global":277,"multiple":1,"estimated_date_reassort":null,"is_destocking":false},{"id":1397,"article_id":108434,"class_id":16,"name":"8\/10ans","on_standby":false,"stock_local":0,"stock_global":255,"multiple":1,"estimated_date_reassort":null,"is_destocking":false},{"id":1398,"article_id":108435,"class_id":17,"name":"10\/12ans","on_standby":false,"stock_local":0,"stock_global":375,"multiple":1,"estimated_date_reassort":null,"is_destocking":false},{"id":33,"article_id":108436,"class_id":17,"name":"12\/14ans","on_standby":false,"stock_local":0,"stock_global":451,"multiple":1,"estimated_date_reassort":null,"is_destocking":false}],"page_links":{"fr":"\/fr\/p-ka-k402-veste-enfant-softshell-k402-1404\/navy-1261\/","en":"\/en\/p-ka-k402-childrens-softshell-jacket-k402-1404\/navy-1261\/","de":"\/de\/p-ka-k402-softshelljacke-fur-kinder-k402-1404\/navy-1261\/","nl":"\/nl\/p-ka-k402-kinderen-softshell-jas-k402-1404\/navy-1261\/","es":"\/es\/p-ka-k402-chaqueta-infantil-softshell-k402-1404\/navy-1261\/","it":"\/it\/p-ka-k402-giacca-per-bambini-softshell-k402-1404\/navy-1261\/","sv":"\/sv\/p-ka-k402-barnjacka-softshell-k402-1404\/navy-1261\/","pt":"\/pt\/p-ka-k402-jaqueta-infantil-softshell-k402-1404\/navy-1261\/","da":"\/da\/p-ka-k402-bornejakke-softshell-k402-1404\/navy-1261\/","pl":"\/pl\/p-ka-k402-kurtka-dla-dzieci-softshell-k402-1404\/navy-1261\/"},"page_links_customization":{"fr":"\/fr\/p-ka-k402-veste-enfant-softshell-k402-personnalisation-avec-votre-visuel-1404\/navy-1261\/custom\/","en":"\/en\/p-ka-k402-child-softshell-jacket-k402-customization-with-your-visual-1404\/navy-1261\/custom\/","de":"\/de\/p-ka-k402-kinder-softshell-jacke-k402-personalisierung-mit-ihrem-visuellen-element-1404\/navy-1261\/custom\/","nl":"\/nl\/p-ka-k402-kinderjasje-softshell-k402-aanpassing-met-uw-visueel-1404\/navy-1261\/custom\/","es":"\/es\/p-ka-k402-chaqueta-infantil-softshell-k402-personalizacion-con-su-visual-1404\/navy-1261\/custom\/","it":"\/it\/p-ka-k402-giacca-bambino-softshell-k402-personalizzazione-con-il-tuo-visivo-1404\/navy-1261\/custom\/","sv":"\/sv\/p-ka-k402-barndrakt-softshell-k402-personlig-med-ert-visuella-1404\/navy-1261\/custom\/","pt":"\/pt\/p-ka-k402-jaqueta-infantil-softshell-k402-personalizacao-com-seu-visual-1404\/navy-1261\/custom\/","da":"\/da\/p-ka-k402-borne-softshell-jakke-k402-personliggorelse-med-dit-visuelle-1404\/navy-1261\/custom\/","pl":"\/pl\/p-ka-k402-kurtka-dziecieca-softshell-k402-personalizacja-z-twoim-wzorem-1404\/navy-1261\/custom\/"}},{"id":11686,"name":"marl_grey","class_ids":[3],"codes_hexa":["B0AFB1"],"delai_24":false,"has_3d":false,"seuil_global":0,"stock_local":0,"stock_global":1293,"on_standby":false,"in_catalog":true,"images":{"miniature":["https:\/\/media.th4.com\/TIF9pAEHZWDPxvAyZ2aGveOCu7eFejhwm_tvJP7VqXY\/pr:80\/aHR0cDovL21lZGlhMi5kZXNpZ25wYXJ0bmVyLmZyL2MvcC8xNDA0LzE0MDQtMTE2ODYtMS5qcGc?v=1696934510","https:\/\/media.th4.com\/kcvNtRNsa3ryngvaShZcyaksnNxCY7UzK4Rf2rXTgzY\/pr:80\/aHR0cDovL21lZGlhMi5kZXNpZ25wYXJ0bmVyLmZyL2MvcC8xNDA0LzE0MDQtMTE2ODYtMi5qcGc?v=1696934511","https:\/\/media.th4.com\/lS-_xkdHdzxetUgeQ1W4I8m3JvtLGIjl4IPI-WSFK50\/pr:80\/aHR0cDovL21lZGlhMi5kZXNpZ25wYXJ0bmVyLmZyL2MvcC8xNDA0LzE0MDQtMTE2ODYtMy5qcGc?v=1696934513"],"medium":["https:\/\/media.th4.com\/fs-aODEfGXQdqeUxXAfDkI_j6SmbouLhtBvyk889C1s\/pr:550x550\/aHR0cDovL21lZGlhMi5kZXNpZ25wYXJ0bmVyLmZyL2MvcC8xNDA0LzE0MDQtMTE2ODYtMS5qcGc?v=1696934510","https:\/\/media.th4.com\/zjq3T1DxeToa7Ok1bwNH9x7h5-dk9mkgYT5-NgXBarY\/pr:550x550\/aHR0cDovL21lZGlhMi5kZXNpZ25wYXJ0bmVyLmZyL2MvcC8xNDA0LzE0MDQtMTE2ODYtMi5qcGc?v=1696934511","https:\/\/media.th4.com\/4p--Tv-uYaFWn00xSvbJ1JgBTnPOr4pJ7zhjhSxWX-A\/pr:550x550\/aHR0cDovL21lZGlhMi5kZXNpZ25wYXJ0bmVyLmZyL2MvcC8xNDA0LzE0MDQtMTE2ODYtMy5qcGc?v=1696934513"],"medium_large":["https:\/\/media.th4.com\/cq2y16TEgPLY5ZXYLj0IRMrQHR7k7-OAsXGiHGRx230\/pr:1000x1000\/aHR0cDovL21lZGlhMi5kZXNpZ25wYXJ0bmVyLmZyL2MvcC8xNDA0LzE0MDQtMTE2ODYtMS5qcGc?v=1696934510","https:\/\/media.th4.com\/7v6Lz36VafoUpfrEJmYWsEkyiAluYnEOe3zYRUlUgxo\/pr:1000x1000\/aHR0cDovL21lZGlhMi5kZXNpZ25wYXJ0bmVyLmZyL2MvcC8xNDA0LzE0MDQtMTE2ODYtMi5qcGc?v=1696934511","https:\/\/media.th4.com\/rsjLsv4hmXJdCaWq7dBbMHOvVetEVuQC0onbmiCjDDc\/pr:1000x1000\/aHR0cDovL21lZGlhMi5kZXNpZ25wYXJ0bmVyLmZyL2MvcC8xNDA0LzE0MDQtMTE2ODYtMy5qcGc?v=1696934513"],"large":["https:\/\/media.th4.com\/aQESsDCHXWStumvz6yFocXD0zT7PYo_baYhHa-uSxRw\/pr:1920\/aHR0cDovL21lZGlhMi5kZXNpZ25wYXJ0bmVyLmZyL2MvcC8xNDA0LzE0MDQtMTE2ODYtMS5qcGc?v=1696934510","https:\/\/media.th4.com\/Iy5vWcqRNw3bAxU8cvX1UoidKuXCFgLSy_rbqZN4KiQ\/pr:1920\/aHR0cDovL21lZGlhMi5kZXNpZ25wYXJ0bmVyLmZyL2MvcC8xNDA0LzE0MDQtMTE2ODYtMi5qcGc?v=1696934511","https:\/\/media.th4.com\/8fB_BxPvMytaquHPQnXP5boPfptocAniueOkLzbXt1Y\/pr:1920\/aHR0cDovL21lZGlhMi5kZXNpZ25wYXJ0bmVyLmZyL2MvcC8xNDA0LzE0MDQtMTE2ODYtMy5qcGc?v=1696934513"],"opengraph":["https:\/\/media.th4.com\/SMW0xIBbolAffLsm8CpOkS5JNuO2mWW7d6zZTh2B3cM\/pr:1200x630\/aHR0cDovL21lZGlhMi5kZXNpZ25wYXJ0bmVyLmZyL2MvcC8xNDA0LzE0MDQtMTE2ODYtMS5qcGc?v=1696934510","https:\/\/media.th4.com\/lJq4dU40iSXRea0n6slzsrX56_6CClLYSIRedeHNiv0\/pr:1200x630\/aHR0cDovL21lZGlhMi5kZXNpZ25wYXJ0bmVyLmZyL2MvcC8xNDA0LzE0MDQtMTE2ODYtMi5qcGc?v=1696934511","https:\/\/media.th4.com\/2ktB5V94-ofHfDmeTqab37KP5KnYyTBAVdgTyuGTo1M\/pr:1200x630\/aHR0cDovL21lZGlhMi5kZXNpZ25wYXJ0bmVyLmZyL2MvcC8xNDA0LzE0MDQtMTE2ODYtMy5qcGc?v=1696934513"]},"images_customization":{"miniature":["https:\/\/media.th4.com\/TIF9pAEHZWDPxvAyZ2aGveOCu7eFejhwm_tvJP7VqXY\/pr:80\/aHR0cDovL21lZGlhMi5kZXNpZ25wYXJ0bmVyLmZyL2MvcC8xNDA0LzE0MDQtMTE2ODYtMS5qcGc?v=1696934510","https:\/\/media.th4.com\/kcvNtRNsa3ryngvaShZcyaksnNxCY7UzK4Rf2rXTgzY\/pr:80\/aHR0cDovL21lZGlhMi5kZXNpZ25wYXJ0bmVyLmZyL2MvcC8xNDA0LzE0MDQtMTE2ODYtMi5qcGc?v=1696934511","https:\/\/media.th4.com\/lS-_xkdHdzxetUgeQ1W4I8m3JvtLGIjl4IPI-WSFK50\/pr:80\/aHR0cDovL21lZGlhMi5kZXNpZ25wYXJ0bmVyLmZyL2MvcC8xNDA0LzE0MDQtMTE2ODYtMy5qcGc?v=1696934513"],"medium":["https:\/\/media.th4.com\/fs-aODEfGXQdqeUxXAfDkI_j6SmbouLhtBvyk889C1s\/pr:550x550\/aHR0cDovL21lZGlhMi5kZXNpZ25wYXJ0bmVyLmZyL2MvcC8xNDA0LzE0MDQtMTE2ODYtMS5qcGc?v=1696934510","https:\/\/media.th4.com\/zjq3T1DxeToa7Ok1bwNH9x7h5-dk9mkgYT5-NgXBarY\/pr:550x550\/aHR0cDovL21lZGlhMi5kZXNpZ25wYXJ0bmVyLmZyL2MvcC8xNDA0LzE0MDQtMTE2ODYtMi5qcGc?v=1696934511","https:\/\/media.th4.com\/4p--Tv-uYaFWn00xSvbJ1JgBTnPOr4pJ7zhjhSxWX-A\/pr:550x550\/aHR0cDovL21lZGlhMi5kZXNpZ25wYXJ0bmVyLmZyL2MvcC8xNDA0LzE0MDQtMTE2ODYtMy5qcGc?v=1696934513"],"medium_large":["https:\/\/media.th4.com\/cq2y16TEgPLY5ZXYLj0IRMrQHR7k7-OAsXGiHGRx230\/pr:1000x1000\/aHR0cDovL21lZGlhMi5kZXNpZ25wYXJ0bmVyLmZyL2MvcC8xNDA0LzE0MDQtMTE2ODYtMS5qcGc?v=1696934510","https:\/\/media.th4.com\/7v6Lz36VafoUpfrEJmYWsEkyiAluYnEOe3zYRUlUgxo\/pr:1000x1000\/aHR0cDovL21lZGlhMi5kZXNpZ25wYXJ0bmVyLmZyL2MvcC8xNDA0LzE0MDQtMTE2ODYtMi5qcGc?v=1696934511","https:\/\/media.th4.com\/rsjLsv4hmXJdCaWq7dBbMHOvVetEVuQC0onbmiCjDDc\/pr:1000x1000\/aHR0cDovL21lZGlhMi5kZXNpZ25wYXJ0bmVyLmZyL2MvcC8xNDA0LzE0MDQtMTE2ODYtMy5qcGc?v=1696934513"],"large":["https:\/\/media.th4.com\/aQESsDCHXWStumvz6yFocXD0zT7PYo_baYhHa-uSxRw\/pr:1920\/aHR0cDovL21lZGlhMi5kZXNpZ25wYXJ0bmVyLmZyL2MvcC8xNDA0LzE0MDQtMTE2ODYtMS5qcGc?v=1696934510","https:\/\/media.th4.com\/Iy5vWcqRNw3bAxU8cvX1UoidKuXCFgLSy_rbqZN4KiQ\/pr:1920\/aHR0cDovL21lZGlhMi5kZXNpZ25wYXJ0bmVyLmZyL2MvcC8xNDA0LzE0MDQtMTE2ODYtMi5qcGc?v=1696934511","https:\/\/media.th4.com\/8fB_BxPvMytaquHPQnXP5boPfptocAniueOkLzbXt1Y\/pr:1920\/aHR0cDovL21lZGlhMi5kZXNpZ25wYXJ0bmVyLmZyL2MvcC8xNDA0LzE0MDQtMTE2ODYtMy5qcGc?v=1696934513"],"opengraph":["https:\/\/media.th4.com\/SMW0xIBbolAffLsm8CpOkS5JNuO2mWW7d6zZTh2B3cM\/pr:1200x630\/aHR0cDovL21lZGlhMi5kZXNpZ25wYXJ0bmVyLmZyL2MvcC8xNDA0LzE0MDQtMTE2ODYtMS5qcGc?v=1696934510","https:\/\/media.th4.com\/lJq4dU40iSXRea0n6slzsrX56_6CClLYSIRedeHNiv0\/pr:1200x630\/aHR0cDovL21lZGlhMi5kZXNpZ25wYXJ0bmVyLmZyL2MvcC8xNDA0LzE0MDQtMTE2ODYtMi5qcGc?v=1696934511","https:\/\/media.th4.com\/2ktB5V94-ofHfDmeTqab37KP5KnYyTBAVdgTyuGTo1M\/pr:1200x630\/aHR0cDovL21lZGlhMi5kZXNpZ25wYXJ0bmVyLmZyL2MvcC8xNDA0LzE0MDQtMTE2ODYtMy5qcGc?v=1696934513"]},"country_origin":"CN","traceability":{"manufacturing_country_id":null,"weaving_country_id":null,"dyeing_country_id":null},"sizes":[{"id":1396,"article_id":428064,"class_id":15,"name":"6\/8ans","on_standby":false,"stock_local":0,"stock_global":144,"multiple":1,"estimated_date_reassort":null,"is_destocking":false},{"id":1397,"article_id":428065,"class_id":16,"name":"8\/10ans","on_standby":false,"stock_local":0,"stock_global":337,"multiple":1,"estimated_date_reassort":null,"is_destocking":false},{"id":1398,"article_id":428066,"class_id":17,"name":"10\/12ans","on_standby":false,"stock_local":0,"stock_global":415,"multiple":1,"estimated_date_reassort":null,"is_destocking":false},{"id":33,"article_id":428067,"class_id":17,"name":"12\/14ans","on_standby":false,"stock_local":0,"stock_global":397,"multiple":1,"estimated_date_reassort":null,"is_destocking":false}],"page_links":{"fr":"\/fr\/p-ka-k402-veste-enfant-softshell-k402-1404\/marl-grey-11686\/","en":"\/en\/p-ka-k402-childrens-softshell-jacket-k402-1404\/marl-grey-11686\/","de":"\/de\/p-ka-k402-softshelljacke-fur-kinder-k402-1404\/marl-grey-11686\/","nl":"\/nl\/p-ka-k402-kinderen-softshell-jas-k402-1404\/marl-grey-11686\/","es":"\/es\/p-ka-k402-chaqueta-infantil-softshell-k402-1404\/marl-grey-11686\/","it":"\/it\/p-ka-k402-giacca-per-bambini-softshell-k402-1404\/marl-grey-11686\/","sv":"\/sv\/p-ka-k402-barnjacka-softshell-k402-1404\/marl-grey-11686\/","pt":"\/pt\/p-ka-k402-jaqueta-infantil-softshell-k402-1404\/marl-grey-11686\/","da":"\/da\/p-ka-k402-bornejakke-softshell-k402-1404\/marl-grey-11686\/","pl":"\/pl\/p-ka-k402-kurtka-dla-dzieci-softshell-k402-1404\/marl-grey-11686\/"},"page_links_customization":{"fr":"\/fr\/p-ka-k402-veste-enfant-softshell-k402-personnalisation-avec-votre-visuel-1404\/marl-grey-11686\/custom\/","en":"\/en\/p-ka-k402-child-softshell-jacket-k402-customization-with-your-visual-1404\/marl-grey-11686\/custom\/","de":"\/de\/p-ka-k402-kinder-softshell-jacke-k402-personalisierung-mit-ihrem-visuellen-element-1404\/marl-grey-11686\/custom\/","nl":"\/nl\/p-ka-k402-kinderjasje-softshell-k402-aanpassing-met-uw-visueel-1404\/marl-grey-11686\/custom\/","es":"\/es\/p-ka-k402-chaqueta-infantil-softshell-k402-personalizacion-con-su-visual-1404\/marl-grey-11686\/custom\/","it":"\/it\/p-ka-k402-giacca-bambino-softshell-k402-personalizzazione-con-il-tuo-visivo-1404\/marl-grey-11686\/custom\/","sv":"\/sv\/p-ka-k402-barndrakt-softshell-k402-personlig-med-ert-visuella-1404\/marl-grey-11686\/custom\/","pt":"\/pt\/p-ka-k402-jaqueta-infantil-softshell-k402-personalizacao-com-seu-visual-1404\/marl-grey-11686\/custom\/","da":"\/da\/p-ka-k402-borne-softshell-jakke-k402-personliggorelse-med-dit-visuelle-1404\/marl-grey-11686\/custom\/","pl":"\/pl\/p-ka-k402-kurtka-dziecieca-softshell-k402-personalizacja-z-twoim-wzorem-1404\/marl-grey-11686\/custom\/"}},{"id":1262,"name":"red","class_ids":[6],"codes_hexa":["dc0210"],"delai_24":false,"has_3d":false,"seuil_global":0,"stock_local":0,"stock_global":385,"on_standby":false,"in_catalog":true,"images":{"miniature":["https:\/\/media.th4.com\/SNRDpQuHzaOYqtg6PwcpYms2RiP5AGPUAPButbL023Q\/pr:80\/aHR0cDovL21lZGlhMi5kZXNpZ25wYXJ0bmVyLmZyL2MvcC8xNDA0LzE0MDQtMTI2Mi0xLmpwZw?v=1638344067","https:\/\/media.th4.com\/MA9JhxIPj4BiMQ81JmMpMtxOPlQMRl-3kPBd85CSvyY\/pr:80\/aHR0cDovL21lZGlhMi5kZXNpZ25wYXJ0bmVyLmZyL2MvcC8xNDA0LzE0MDQtMTI2Mi0yLmpwZw?v=1638344067","https:\/\/media.th4.com\/HddzUUynYDLKaS8nuH4KOI8uS5g1px-YLy-uee-G-wA\/pr:80\/aHR0cDovL21lZGlhMi5kZXNpZ25wYXJ0bmVyLmZyL2MvcC8xNDA0LzE0MDQtMTI2Mi0zLmpwZw?v=1638344067"],"medium":["https:\/\/media.th4.com\/N5gPNIEuPPe1-WNIMA0uILpN9DFi0QGsFn5KowEc2jI\/pr:550x550\/aHR0cDovL21lZGlhMi5kZXNpZ25wYXJ0bmVyLmZyL2MvcC8xNDA0LzE0MDQtMTI2Mi0xLmpwZw?v=1638344067","https:\/\/media.th4.com\/0JeBeTyhCupZvLeTTg4VRtafhX78NtvrWNofBiLQXR4\/pr:550x550\/aHR0cDovL21lZGlhMi5kZXNpZ25wYXJ0bmVyLmZyL2MvcC8xNDA0LzE0MDQtMTI2Mi0yLmpwZw?v=1638344067","https:\/\/media.th4.com\/6kT3yGw6sW5PQqDAKaB4njWnRWgQXhlM1JMHl7973tI\/pr:550x550\/aHR0cDovL21lZGlhMi5kZXNpZ25wYXJ0bmVyLmZyL2MvcC8xNDA0LzE0MDQtMTI2Mi0zLmpwZw?v=1638344067"],"medium_large":["https:\/\/media.th4.com\/8WbJFiTH8LNXLB5-q41YHnV1xSvU4-Nly72LdlJLTm4\/pr:1000x1000\/aHR0cDovL21lZGlhMi5kZXNpZ25wYXJ0bmVyLmZyL2MvcC8xNDA0LzE0MDQtMTI2Mi0xLmpwZw?v=1638344067","https:\/\/media.th4.com\/IBkE3LsGjDe2Y1fwf3ad6KYIiTCwm7t5dH3_rxmHows\/pr:1000x1000\/aHR0cDovL21lZGlhMi5kZXNpZ25wYXJ0bmVyLmZyL2MvcC8xNDA0LzE0MDQtMTI2Mi0yLmpwZw?v=1638344067","https:\/\/media.th4.com\/A8pWp_lyGUwFfUQfGLVHdt0CkBzhBZPnFHkMXUzyHjA\/pr:1000x1000\/aHR0cDovL21lZGlhMi5kZXNpZ25wYXJ0bmVyLmZyL2MvcC8xNDA0LzE0MDQtMTI2Mi0zLmpwZw?v=1638344067"],"large":["https:\/\/media.th4.com\/xVtVH_0i9RS4wDumokWgufg7GbghIRZgvSpHv6zs2pQ\/pr:1920\/aHR0cDovL21lZGlhMi5kZXNpZ25wYXJ0bmVyLmZyL2MvcC8xNDA0LzE0MDQtMTI2Mi0xLmpwZw?v=1638344067","https:\/\/media.th4.com\/aVecJhA_twBEPUjG5cz6vxi862rryhpi0Ge-J_JEB8U\/pr:1920\/aHR0cDovL21lZGlhMi5kZXNpZ25wYXJ0bmVyLmZyL2MvcC8xNDA0LzE0MDQtMTI2Mi0yLmpwZw?v=1638344067","https:\/\/media.th4.com\/QdBPBc-HzQzplJia6TlHRjGaI9l_nb-me2vWUlEYZjM\/pr:1920\/aHR0cDovL21lZGlhMi5kZXNpZ25wYXJ0bmVyLmZyL2MvcC8xNDA0LzE0MDQtMTI2Mi0zLmpwZw?v=1638344067"],"opengraph":["https:\/\/media.th4.com\/tuRJhVP1G_OWyOoqhtFKe_zNUoPzxMCwtsEvE8CmafE\/pr:1200x630\/aHR0cDovL21lZGlhMi5kZXNpZ25wYXJ0bmVyLmZyL2MvcC8xNDA0LzE0MDQtMTI2Mi0xLmpwZw?v=1638344067","https:\/\/media.th4.com\/SFan-UAQ4BDQtEwF9xBgbVBNGCLRc2KFZTlcukZ7OYo\/pr:1200x630\/aHR0cDovL21lZGlhMi5kZXNpZ25wYXJ0bmVyLmZyL2MvcC8xNDA0LzE0MDQtMTI2Mi0yLmpwZw?v=1638344067","https:\/\/media.th4.com\/Z_1sTFDUDWOtrqCbIXqLRk38fZ0hTaIs2ADKk_A8CJ0\/pr:1200x630\/aHR0cDovL21lZGlhMi5kZXNpZ25wYXJ0bmVyLmZyL2MvcC8xNDA0LzE0MDQtMTI2Mi0zLmpwZw?v=1638344067"]},"images_customization":{"miniature":["https:\/\/media.th4.com\/LSAUHPpBkGcnFcEH_OD53Gtjby4SCAfwgx-KYOkrQdU\/pr:80\/aHR0cDovL21lZGlhMi5kZXNpZ25wYXJ0bmVyLmZyL2MvcC1zaG9wcGluZy1jdXN0b20tVEgvMTQwNC8xNDA0LTEyNjItMS5qcGc?v=1737554679"],"medium":["https:\/\/media.th4.com\/MPYFtkBnbmyOuZiup64J0sWMC2aRsQF1vVAi5MWK8qk\/pr:550x550\/aHR0cDovL21lZGlhMi5kZXNpZ25wYXJ0bmVyLmZyL2MvcC1zaG9wcGluZy1jdXN0b20tVEgvMTQwNC8xNDA0LTEyNjItMS5qcGc?v=1737554679"],"medium_large":["https:\/\/media.th4.com\/gwAfwl9G8l8iYO_-aU6SAnRvRocAZB6x2maYPqZsMUg\/pr:1000x1000\/aHR0cDovL21lZGlhMi5kZXNpZ25wYXJ0bmVyLmZyL2MvcC1zaG9wcGluZy1jdXN0b20tVEgvMTQwNC8xNDA0LTEyNjItMS5qcGc?v=1737554679"],"large":["https:\/\/media.th4.com\/O0FbCZRuf3IzIo-_9-vICWFrG-XJQHnZZxkkdExjeTo\/pr:1920\/aHR0cDovL21lZGlhMi5kZXNpZ25wYXJ0bmVyLmZyL2MvcC1zaG9wcGluZy1jdXN0b20tVEgvMTQwNC8xNDA0LTEyNjItMS5qcGc?v=1737554679"],"opengraph":["https:\/\/media.th4.com\/Vo4_oFVTQpvZFl8w3yS0NyFXF64Wn58AZy_flD3PUzk\/pr:1200x630\/aHR0cDovL21lZGlhMi5kZXNpZ25wYXJ0bmVyLmZyL2MvcC1zaG9wcGluZy1jdXN0b20tVEgvMTQwNC8xNDA0LTEyNjItMS5qcGc?v=1737554679"]},"country_origin":"CN","traceability":{"manufacturing_country_id":null,"weaving_country_id":null,"dyeing_country_id":null},"sizes":[{"id":1396,"article_id":99410,"class_id":15,"name":"6\/8ans","on_standby":false,"stock_local":0,"stock_global":105,"multiple":1,"estimated_date_reassort":null,"is_destocking":false},{"id":1397,"article_id":99412,"class_id":16,"name":"8\/10ans","on_standby":false,"stock_local":0,"stock_global":19,"multiple":1,"estimated_date_reassort":null,"is_destocking":false},{"id":1398,"article_id":99414,"class_id":17,"name":"10\/12ans","on_standby":false,"stock_local":0,"stock_global":99,"multiple":1,"estimated_date_reassort":null,"is_destocking":false},{"id":33,"article_id":35417,"class_id":17,"name":"12\/14ans","on_standby":false,"stock_local":0,"stock_global":162,"multiple":1,"estimated_date_reassort":null,"is_destocking":false}],"page_links":{"fr":"\/fr\/p-ka-k402-veste-enfant-softshell-k402-1404\/red-1262\/","en":"\/en\/p-ka-k402-childrens-softshell-jacket-k402-1404\/red-1262\/","de":"\/de\/p-ka-k402-softshelljacke-fur-kinder-k402-1404\/red-1262\/","nl":"\/nl\/p-ka-k402-kinderen-softshell-jas-k402-1404\/red-1262\/","es":"\/es\/p-ka-k402-chaqueta-infantil-softshell-k402-1404\/red-1262\/","it":"\/it\/p-ka-k402-giacca-per-bambini-softshell-k402-1404\/red-1262\/","sv":"\/sv\/p-ka-k402-barnjacka-softshell-k402-1404\/red-1262\/","pt":"\/pt\/p-ka-k402-jaqueta-infantil-softshell-k402-1404\/red-1262\/","da":"\/da\/p-ka-k402-bornejakke-softshell-k402-1404\/red-1262\/","pl":"\/pl\/p-ka-k402-kurtka-dla-dzieci-softshell-k402-1404\/red-1262\/"},"page_links_customization":{"fr":"\/fr\/p-ka-k402-veste-enfant-softshell-k402-personnalisation-avec-votre-visuel-1404\/red-1262\/custom\/","en":"\/en\/p-ka-k402-child-softshell-jacket-k402-customization-with-your-visual-1404\/red-1262\/custom\/","de":"\/de\/p-ka-k402-kinder-softshell-jacke-k402-personalisierung-mit-ihrem-visuellen-element-1404\/red-1262\/custom\/","nl":"\/nl\/p-ka-k402-kinderjasje-softshell-k402-aanpassing-met-uw-visueel-1404\/red-1262\/custom\/","es":"\/es\/p-ka-k402-chaqueta-infantil-softshell-k402-personalizacion-con-su-visual-1404\/red-1262\/custom\/","it":"\/it\/p-ka-k402-giacca-bambino-softshell-k402-personalizzazione-con-il-tuo-visivo-1404\/red-1262\/custom\/","sv":"\/sv\/p-ka-k402-barndrakt-softshell-k402-personlig-med-ert-visuella-1404\/red-1262\/custom\/","pt":"\/pt\/p-ka-k402-jaqueta-infantil-softshell-k402-personalizacao-com-seu-visual-1404\/red-1262\/custom\/","da":"\/da\/p-ka-k402-borne-softshell-jakke-k402-personliggorelse-med-dit-visuelle-1404\/red-1262\/custom\/","pl":"\/pl\/p-ka-k402-kurtka-dziecieca-softshell-k402-personalizacja-z-twoim-wzorem-1404\/red-1262\/custom\/"}},{"id":1546,"name":"aqua_blue","class_ids":[2],"codes_hexa":["0076a8"],"delai_24":false,"has_3d":false,"seuil_global":0,"stock_local":0,"stock_global":285,"on_standby":false,"in_catalog":true,"images":{"miniature":["https:\/\/media.th4.com\/MG-mz7xEFra1NJJXMcexki_DpNglq3TbMJnHvsnmR8M\/pr:80\/aHR0cDovL21lZGlhMi5kZXNpZ25wYXJ0bmVyLmZyL2MvcC8xNDA0LzE0MDQtMTU0Ni0xLmpwZw?v=1638344067","https:\/\/media.th4.com\/XpEyAI6TmBrrfvBltaCdatlgsM_RZ-yo9QeEKzkYBW8\/pr:80\/aHR0cDovL21lZGlhMi5kZXNpZ25wYXJ0bmVyLmZyL2MvcC8xNDA0LzE0MDQtMTU0Ni0yLmpwZw?v=1638344067","https:\/\/media.th4.com\/udae4zwVF7LKHv_9QmxA-kj2C2iTavVdvSxRCRLPBo4\/pr:80\/aHR0cDovL21lZGlhMi5kZXNpZ25wYXJ0bmVyLmZyL2MvcC8xNDA0LzE0MDQtMTU0Ni0zLmpwZw?v=1638344067"],"medium":["https:\/\/media.th4.com\/-HIKUyIo38FdKHpyzn_ROEcSCLnNihI4lFCeQnQMw5Q\/pr:550x550\/aHR0cDovL21lZGlhMi5kZXNpZ25wYXJ0bmVyLmZyL2MvcC8xNDA0LzE0MDQtMTU0Ni0xLmpwZw?v=1638344067","https:\/\/media.th4.com\/B3rnWrS1Vyhvxa5EVsSNiltsaZikGA2KZz1Gw_7agew\/pr:550x550\/aHR0cDovL21lZGlhMi5kZXNpZ25wYXJ0bmVyLmZyL2MvcC8xNDA0LzE0MDQtMTU0Ni0yLmpwZw?v=1638344067","https:\/\/media.th4.com\/2v7bfA8vo68-OZ7Fnc6vtdyFSqu8eYrt_H2DpgPLaM4\/pr:550x550\/aHR0cDovL21lZGlhMi5kZXNpZ25wYXJ0bmVyLmZyL2MvcC8xNDA0LzE0MDQtMTU0Ni0zLmpwZw?v=1638344067"],"medium_large":["https:\/\/media.th4.com\/wApxvYAr9fi6dXxDh1GMMaFIwIkIXyoMSuqBvwr2uxQ\/pr:1000x1000\/aHR0cDovL21lZGlhMi5kZXNpZ25wYXJ0bmVyLmZyL2MvcC8xNDA0LzE0MDQtMTU0Ni0xLmpwZw?v=1638344067","https:\/\/media.th4.com\/xoo8TDa0Zhp0SRhxjHWT4_D32jkA2S1MLJMMUC68ML0\/pr:1000x1000\/aHR0cDovL21lZGlhMi5kZXNpZ25wYXJ0bmVyLmZyL2MvcC8xNDA0LzE0MDQtMTU0Ni0yLmpwZw?v=1638344067","https:\/\/media.th4.com\/IIaOGIAwhHqhQ-I_IlYPelQzY_UF5hrkM-T8gcevHqY\/pr:1000x1000\/aHR0cDovL21lZGlhMi5kZXNpZ25wYXJ0bmVyLmZyL2MvcC8xNDA0LzE0MDQtMTU0Ni0zLmpwZw?v=1638344067"],"large":["https:\/\/media.th4.com\/Gp-uCEM_KB_0tvjncnfwc5gFKOzTsvCRD6lz99VfDA8\/pr:1920\/aHR0cDovL21lZGlhMi5kZXNpZ25wYXJ0bmVyLmZyL2MvcC8xNDA0LzE0MDQtMTU0Ni0xLmpwZw?v=1638344067","https:\/\/media.th4.com\/-jP4NVJnY0YRJpDQNyFBRSgvmOwftUr8oLtzMZWaigE\/pr:1920\/aHR0cDovL21lZGlhMi5kZXNpZ25wYXJ0bmVyLmZyL2MvcC8xNDA0LzE0MDQtMTU0Ni0yLmpwZw?v=1638344067","https:\/\/media.th4.com\/PHRKxt8h-HgtQhW0T480R9xOT8Ah-XEwOzzl1hXzM_A\/pr:1920\/aHR0cDovL21lZGlhMi5kZXNpZ25wYXJ0bmVyLmZyL2MvcC8xNDA0LzE0MDQtMTU0Ni0zLmpwZw?v=1638344067"],"opengraph":["https:\/\/media.th4.com\/3LsU08W0BJ0cCzCvA3S6kgLmc09I_RP0p4lFqyJk0hE\/pr:1200x630\/aHR0cDovL21lZGlhMi5kZXNpZ25wYXJ0bmVyLmZyL2MvcC8xNDA0LzE0MDQtMTU0Ni0xLmpwZw?v=1638344067","https:\/\/media.th4.com\/IfeRCBzsjmtzC2mNCH_vlQIjKKXlFdTxUndC_ujnQ3o\/pr:1200x630\/aHR0cDovL21lZGlhMi5kZXNpZ25wYXJ0bmVyLmZyL2MvcC8xNDA0LzE0MDQtMTU0Ni0yLmpwZw?v=1638344067","https:\/\/media.th4.com\/cKCEC4BtzzFjIfSxrWSEWrvf8904qT-ishzUKDKFbS4\/pr:1200x630\/aHR0cDovL21lZGlhMi5kZXNpZ25wYXJ0bmVyLmZyL2MvcC8xNDA0LzE0MDQtMTU0Ni0zLmpwZw?v=1638344067"]},"images_customization":{"miniature":["https:\/\/media.th4.com\/3Wxg6j2lkZq2OzV241Y0L5qMZIpQR99jxmuqAygXmf8\/pr:80\/aHR0cDovL21lZGlhMi5kZXNpZ25wYXJ0bmVyLmZyL2MvcC1zaG9wcGluZy1jdXN0b20tVEgvMTQwNC8xNDA0LTE1NDYtMS5qcGc?v=1737554679"],"medium":["https:\/\/media.th4.com\/LSHuJuv8Iuv2HQzEuYDq6jenYKJljncYskQ2zQDT6jM\/pr:550x550\/aHR0cDovL21lZGlhMi5kZXNpZ25wYXJ0bmVyLmZyL2MvcC1zaG9wcGluZy1jdXN0b20tVEgvMTQwNC8xNDA0LTE1NDYtMS5qcGc?v=1737554679"],"medium_large":["https:\/\/media.th4.com\/gzQ-Dr7IgVP5s1PXc_4jQITwo-U8x4S2HtgetmFbTTM\/pr:1000x1000\/aHR0cDovL21lZGlhMi5kZXNpZ25wYXJ0bmVyLmZyL2MvcC1zaG9wcGluZy1jdXN0b20tVEgvMTQwNC8xNDA0LTE1NDYtMS5qcGc?v=1737554679"],"large":["https:\/\/media.th4.com\/ndoMudp9XFY2hAMYetufI_Hwphe8HQkZOlBervXSdn0\/pr:1920\/aHR0cDovL21lZGlhMi5kZXNpZ25wYXJ0bmVyLmZyL2MvcC1zaG9wcGluZy1jdXN0b20tVEgvMTQwNC8xNDA0LTE1NDYtMS5qcGc?v=1737554679"],"opengraph":["https:\/\/media.th4.com\/FN_XpN58ygN8C_f3yxOLANguTfyNueD0thT9sNKxJTQ\/pr:1200x630\/aHR0cDovL21lZGlhMi5kZXNpZ25wYXJ0bmVyLmZyL2MvcC1zaG9wcGluZy1jdXN0b20tVEgvMTQwNC8xNDA0LTE1NDYtMS5qcGc?v=1737554679"]},"country_origin":"CN","traceability":{"manufacturing_country_id":null,"weaving_country_id":null,"dyeing_country_id":null},"sizes":[{"id":1396,"article_id":108429,"class_id":15,"name":"6\/8ans","on_standby":false,"stock_local":0,"stock_global":104,"multiple":1,"estimated_date_reassort":null,"is_destocking":false},{"id":1397,"article_id":108430,"class_id":16,"name":"8\/10ans","on_standby":false,"stock_local":0,"stock_global":1,"multiple":1,"estimated_date_reassort":null,"is_destocking":false},{"id":1398,"article_id":108431,"class_id":17,"name":"10\/12ans","on_standby":false,"stock_local":0,"stock_global":107,"multiple":1,"estimated_date_reassort":null,"is_destocking":false},{"id":33,"article_id":108432,"class_id":17,"name":"12\/14ans","on_standby":false,"stock_local":0,"stock_global":73,"multiple":1,"estimated_date_reassort":null,"is_destocking":false}],"page_links":{"fr":"\/fr\/p-ka-k402-veste-enfant-softshell-k402-1404\/aqua-blue-1546\/","en":"\/en\/p-ka-k402-childrens-softshell-jacket-k402-1404\/aqua-blue-1546\/","de":"\/de\/p-ka-k402-softshelljacke-fur-kinder-k402-1404\/aqua-blue-1546\/","nl":"\/nl\/p-ka-k402-kinderen-softshell-jas-k402-1404\/aqua-blue-1546\/","es":"\/es\/p-ka-k402-chaqueta-infantil-softshell-k402-1404\/aqua-blue-1546\/","it":"\/it\/p-ka-k402-giacca-per-bambini-softshell-k402-1404\/aqua-blue-1546\/","sv":"\/sv\/p-ka-k402-barnjacka-softshell-k402-1404\/aqua-blue-1546\/","pt":"\/pt\/p-ka-k402-jaqueta-infantil-softshell-k402-1404\/aqua-blue-1546\/","da":"\/da\/p-ka-k402-bornejakke-softshell-k402-1404\/aqua-blue-1546\/","pl":"\/pl\/p-ka-k402-kurtka-dla-dzieci-softshell-k402-1404\/aqua-blue-1546\/"},"page_links_customization":{"fr":"\/fr\/p-ka-k402-veste-enfant-softshell-k402-personnalisation-avec-votre-visuel-1404\/aqua-blue-1546\/custom\/","en":"\/en\/p-ka-k402-child-softshell-jacket-k402-customization-with-your-visual-1404\/aqua-blue-1546\/custom\/","de":"\/de\/p-ka-k402-kinder-softshell-jacke-k402-personalisierung-mit-ihrem-visuellen-element-1404\/aqua-blue-1546\/custom\/","nl":"\/nl\/p-ka-k402-kinderjasje-softshell-k402-aanpassing-met-uw-visueel-1404\/aqua-blue-1546\/custom\/","es":"\/es\/p-ka-k402-chaqueta-infantil-softshell-k402-personalizacion-con-su-visual-1404\/aqua-blue-1546\/custom\/","it":"\/it\/p-ka-k402-giacca-bambino-softshell-k402-personalizzazione-con-il-tuo-visivo-1404\/aqua-blue-1546\/custom\/","sv":"\/sv\/p-ka-k402-barndrakt-softshell-k402-personlig-med-ert-visuella-1404\/aqua-blue-1546\/custom\/","pt":"\/pt\/p-ka-k402-jaqueta-infantil-softshell-k402-personalizacao-com-seu-visual-1404\/aqua-blue-1546\/custom\/","da":"\/da\/p-ka-k402-borne-softshell-jakke-k402-personliggorelse-med-dit-visuelle-1404\/aqua-blue-1546\/custom\/","pl":"\/pl\/p-ka-k402-kurtka-dziecieca-softshell-k402-personalizacja-z-twoim-wzorem-1404\/aqua-blue-1546\/custom\/"}}],"documentation_link":"\/pdf\/1404.pdf","countries_availables":["AD","AE","AL","AT","BA","BD","BE","BG","BL","CA","CH","CN","CO","CY","CZ","DE","DK","DO","EE","EG","ES","ET","FI","FR","GB","GE","GF","GP","GR","GT","HK","HN","HR","HT","HU","ID","IE","IN","IS","IT","JO","JP","KE","KH","KP","KR","LA","LK","LS","LT","LU","LV","MA","MF","MG","MK","MM","MN","MQ","MT","MX","MY","NC","NI","NL","PF","PH","PK","PL","PM","PT","RE","RO","SE","SG","SI","SK","SV","SY","TH","TN","TR","TW","TZ","US","VN","WF","YT"]},"infos_customization":[],"features":{"authorize_multi_surfaces":true,"display_order_delay_type":true,"promote_surface_display":true,"tarification_franco_offert":true,"enabled_3d_editor":false},"markings":[{"id":0,"nom":"vierge","finition":null,"libelle":null,"code":null,"dpi":null,"finesse_forme_isolee":null,"finesse_forme_non_isolee":null,"hauteur_minimale_texte":null,"inactif":0,"marquage_interne":1,"quantite_min":null,"parent_id":null,"print_on_support":0,"content":"vierge","description":null},{"id":2,"nom":"fonce","finition":"optimale","libelle":"TopQuadri","code":null,"dpi":400,"finesse_forme_isolee":"0.040","finesse_forme_non_isolee":"0.700","hauteur_minimale_texte":2,"inactif":0,"marquage_interne":1,"quantite_min":null,"parent_id":18,"print_on_support":0,"content":"TopQuadri","description":"pour petites et moyennes s\u00e9ries"},{"id":3,"nom":"serigraphie","finition":"serigraphie","libelle":"SeriCoat","code":null,"dpi":400,"finesse_forme_isolee":"0.040","finesse_forme_non_isolee":"0.700","hauteur_minimale_texte":2,"inactif":0,"marquage_interne":1,"quantite_min":15,"parent_id":18,"print_on_support":0,"content":"SeriCoat","description":"pour moyennes et grandes s\u00e9ries"},{"id":4,"nom":"broderie","finition":"broderie","libelle":"Broderie","code":null,"dpi":400,"finesse_forme_isolee":"0.040","finesse_forme_non_isolee":"0.700","hauteur_minimale_texte":3,"inactif":0,"marquage_interne":1,"quantite_min":null,"parent_id":null,"print_on_support":0,"content":"Broderie","description":null},{"id":8,"nom":"theme","finition":null,"libelle":"Th\u00e8me","code":null,"dpi":null,"finesse_forme_isolee":null,"finesse_forme_non_isolee":null,"hauteur_minimale_texte":null,"inactif":0,"marquage_interne":1,"quantite_min":null,"parent_id":null,"print_on_support":0,"content":"Th\u00e8me","description":null},{"id":9,"nom":"sans","finition":null,"libelle":null,"code":null,"dpi":null,"finesse_forme_isolee":null,"finesse_forme_non_isolee":null,"hauteur_minimale_texte":null,"inactif":0,"marquage_interne":1,"quantite_min":null,"parent_id":null,"print_on_support":0,"content":"sans","description":null},{"id":10,"nom":"photo","finition":null,"libelle":"Photo","code":null,"dpi":null,"finesse_forme_isolee":null,"finesse_forme_non_isolee":null,"hauteur_minimale_texte":null,"inactif":0,"marquage_interne":1,"quantite_min":null,"parent_id":null,"print_on_support":0,"content":"Photo","description":null},{"id":14,"nom":"couleur","finition":null,"libelle":"Couleur","code":null,"dpi":null,"finesse_forme_isolee":null,"finesse_forme_non_isolee":null,"hauteur_minimale_texte":null,"inactif":0,"marquage_interne":1,"quantite_min":null,"parent_id":null,"print_on_support":0,"content":"Couleur","description":null},{"id":15,"nom":"sublimation","finition":"sublimation","libelle":"Sublimation","code":null,"dpi":null,"finesse_forme_isolee":"0.000","finesse_forme_non_isolee":"0.000","hauteur_minimale_texte":2,"inactif":0,"marquage_interne":1,"quantite_min":null,"parent_id":null,"print_on_support":0,"content":"Sublimation","description":null},{"id":16,"nom":"topquadri_uv","finition":null,"libelle":"TopQuadri UV","code":null,"dpi":null,"finesse_forme_isolee":"0.020","finesse_forme_non_isolee":"0.700","hauteur_minimale_texte":2,"inactif":0,"marquage_interne":1,"quantite_min":null,"parent_id":null,"print_on_support":1,"content":null,"description":null},{"id":17,"nom":"topquadri_uvp","finition":null,"libelle":"TopQuadri UVP","code":null,"dpi":null,"finesse_forme_isolee":"0.020","finesse_forme_non_isolee":"0.700","hauteur_minimale_texte":2,"inactif":0,"marquage_interne":1,"quantite_min":null,"parent_id":null,"print_on_support":1,"content":null,"description":null},{"id":18,"nom":"quadri","finition":null,"libelle":"Impression","code":null,"dpi":null,"finesse_forme_isolee":null,"finesse_forme_non_isolee":null,"hauteur_minimale_texte":null,"inactif":0,"marquage_interne":1,"quantite_min":null,"parent_id":null,"print_on_support":0,"content":null,"description":null}]}}