{"data":{"product":{"id":1365,"titre":"Polo homme manches courtes MIKE KARIBAN","description":"95% coton\/ 5 % \u00e9lasthanne. Maille piqu\u00e9e. Col avec bord c\u00f4te et\nbande de propret\u00e9. Patte de boutonnage avec 3 boutons. Finition\nbord c\u00f4te au bas des manches. Petites fentes lat\u00e9rales et finition\ndouble aiguille au bas du v\u00eatement.","genre":"homme","grammage":220,"conditionnement":25,"composition":"coton","reference":"K239","reference_visible":"ka-k239","reference_fabricant":"K239","ref_xor":"742160","in_catalog":true,"is_transfer":false,"is_service":false,"on_standby":false,"has_3d":false,"has_size_guide":true,"has_marking":true,"has_vierge":true,"is_cross_sellable":false,"id_picto":111,"filename_3d":null,"brand":{"id":25,"name":"Kariban","logo":"logo-kariban.png","image":"https:\/\/media.th4.com\/0rw9lHnnPIY5Gn0FZVsrv47tC3tEhLUIsdVYj4xy6L4\/pr:brand70x70\/aHR0cDovL21lZGlhMi5kZXNpZ25wYXJ0bmVyLmZyL2MvbS9sb2dvLWthcmliYW4ucG5n?v=1736960982"},"price_infos":{"price_from":12.3,"quantity":480,"color":{"id":1261,"name":"navy"},"size":{"id":1,"name":"L"}},"price_infos_marking":{"price_from":15.95,"quantity":1500,"color":{"id":1261,"name":"navy"},"size":{"id":1,"name":"L"},"marking":{"id":2,"name":""},"emplacement":"avant","surface_emplacement_id":1,"surface":"coeur"},"i18n":{"blank":{"title":{"fr":"KARIBAN Polo homme manches courtes mike k239","en":"KARIBAN Men's Short-Sleeve Polo mike k239","de":"KARIBAN Polo Herren Kurzarm Mike k239","nl":"KARIBAN Polo man korte mouwen mike k239","es":"Polo KARIBAN manga corta para hombre mike k239","it":"Polo uomo maniche corte mike k239","sv":"KARIBAN Herrpolotr\u00f6ja korta \u00e4rmar mike k239","pt":"KARIBAN Polo homem mangas curtas mike k239","da":"KARIBAN Polo mand kort\u00e6rmet mike k239","pl":"KARIBAN Polo m\u0119\u017cczyzna kr\u00f3tkie r\u0119kawy mike k239"},"description":{"fr":"Ce polo homme offre un confort optimal gr\u00e2ce \u00e0 sa composition en coton et \u00e9lasthanne. Sa maille piqu\u00e9e assure une bonne tenue et un aspect soign\u00e9. Le col avec bord c\u00f4te et la patte de boutonnage \u00e0 3 boutons ajoutent une touche classique. Les finitions soign\u00e9es, telles que les petites fentes lat\u00e9rales et la double aiguille au bas du v\u00eatement, garantissent une durabilit\u00e9 accrue.\n\n- Composition : 95% coton, 5% \u00e9lasthanne\n- Maille : Piqu\u00e9e\n- Col : Bord c\u00f4te avec bande de propret\u00e9\n- Patte de boutonnage : 3 boutons\n- Manches : Finition bord c\u00f4te\n- Bas du v\u00eatement : Fentes lat\u00e9rales, double aiguille","en":"This men's polo offers optimal comfort thanks to its cotton and elastane composition. Its pique knit ensures good hold and a neat appearance. The collar with ribbed edge and the button placket with 3 buttons add a classic touch. The careful finishes, such as the small side slits and the double stitching at the bottom of the garment, guarantee increased durability.\n\n- Composition: 95% cotton, 5% elastane\n- Knit: Pique\n- Collar: Ribbed edge with band\n- Button placket: 3 buttons\n- Sleeves: Ribbed edge finish\n- Bottom of garment: Side slits, double stitching","de":"Dieses Polo Herren bietet dank seiner Zusammensetzung aus Baumwolle und Elasthan optimalen Komfort. Der gestrickte Stoff sorgt f\u00fcr eine gute Passform und ein gepflegtes Aussehen. Der Kragen mit Saum und die Knopfleiste mit drei Kn\u00f6pfen verleihen ihm einen klassischen Look. Die sorgf\u00e4ltigen Details wie die kleinen Seitenschlitze und der doppelte Saum am unteren Ende des Kleidungsst\u00fccks garantieren eine erh\u00f6hte Haltbarkeit.\n\n- Zusammensetzung: 95% Baumwolle, 5% Elasthan\n- Gestrickt: Gestricktes Material\n- Kragen: Saum mit Saumband\n- Knopfleiste: Drei Kn\u00f6pfe\n- \u00c4rmel: Saum mit Saumband\n- Unteres Ende des Kleidungsst\u00fccks: Seitenschlitze, Doppeln\u00e4ht","nl":"Deze polo biedt optimale comfort dankzij de samenstelling van katoen en elastisch. De strijkvrije weefsel zorgt voor een goede houdbaarheid en een verzorgd uiterlijk. De kraag met band en knooprijg met 3 knopen voegen een klassieke touch toe. De zorgvuldig afgeronde details zoals de kleine zijsneden en dubbele naad aan de onderkant van het kledingstuk garanderen een verhoogde duurzaamheid.\n\n- Samenstelling: 95% katoen, 5% elastisch\n- Weefsel: Strijkvrij\n- Kraag: Band met propret\u00e9band\n- Knooprijg: 3 knopen\n- Mouwen: Afwerking band\n- Onderkant kledingstuk: Zijsneden, dubbele naad","es":"Este polo para hombre ofrece un confort \u00f3ptimo gracias a su composici\u00f3n en algod\u00f3n y elastano. Su punto el\u00e1stico asegura una buena sujeci\u00f3n y un aspecto cuidado. El cuello con banda de costura y la solapa de botones con tres botones a\u00f1aden un toque cl\u00e1sico. Los acabados cuidados, como las peque\u00f1as aberturas laterales y la doble puntada en la parte inferior del vestido, garantizan una mayor durabilidad.\n\n- Composici\u00f3n: 95% algod\u00f3n, 5% elastano\n- Punto: El\u00e1stico\n- Cuello: Banda de costura con banda de limpieza\n- Solapa de botones: 3 botones\n- Mangas: Acabado banda de costura\n- Parte inferior del vestido: Aberturas laterales, doble puntada","it":"Questo polo offre un comfort ottimale grazie alla sua composizione di cotone ed elastan. La maglia spazzolata garantisce una buona tenuta e un aspetto curato. Il colletto con bordino in costina e la linguetta abbottonata a tre bottoni aggiungono una nota classica. Le finiture accurate, come le piccole fessure laterali e il doppio punto in fondo all'indumento, garantiscono una durabilit\u00e0 aumentata.\n\n- Composizione: 95% cotone, 5% elastan\n- Maglia: Spazzolata\n- Collo: Bordino con nastro di pulizia\n- Linguetta abbottonata: 3 bottoni\n- Maniche: Finzione bordino costina\n- Fondo dell'indumento: Fessure laterali, doppio punto","sv":"Denna herrpolotr\u00f6ja erbjuder optimal komfort tack vare sin sammans\u00e4ttning av bomull och elastan. Dess stickade m\u00f6nster s\u00e4kerst\u00e4ller en god passform och ett v\u00e4lsk\u00f6tt utseende. Kragen med kant och kn\u00e4ppknapp med 3 knappar l\u00e4gger till en klassisk touch. F\u00f6rsiktiga detaljer, som sm\u00e5 sidoklyftor och dubbel n\u00e5l vid botten av plagg, garanterar \u00f6kad h\u00e5llbarhet.","pt":"Este polo homem oferece conforto \u00f3timo gra\u00e7as \u00e0 sua composi\u00e7\u00e3o de algod\u00e3o e elastano. Sua malha picada assegura uma boa tenacidade e um aspecto cuidado. O colarinho com borda c\u00f3sy e a aba de bot\u00f5es com 3 bot\u00f5es adicionam um toque cl\u00e1ssico. As acabamentos cuidados, como as pequenas fendas laterais e a dupla agulha na parte inferior da roupa garantem uma durabilidade aumentada.\n\n- Composi\u00e7\u00e3o : 95% algod\u00e3o, 5% elastano\n- Malha : Picada\n- Colarinho : Borda c\u00f3sy com faixa de limpeza\n- Aba de bot\u00f5es : 3 bot\u00f5es\n- Mangas : Acabamento borda c\u00f3sy\n- Parte inferior da roupa : Fendas laterais, dupla agulha","da":"Denne polo til m\u00e6nd tilbyder optimal komfort takket v\u00e6re sin sammens\u00e6tning af bomuld og elastan. Den stikkede maskestruktur sikrer en god pasform og et p\u00e6nt udseende. Kragen med kantstrimmel og knapnedel p\u00e5 3 knapper tilf\u00f8jer en klassisk touch. De omhyggelige detaljer, s\u00e5som de sm\u00e5 sidelommer og dobbelt s\u00f8m i bund af t\u00f8jet, sikrer \u00f8get holdbarhed.\n\n- Sammens\u00e6tning: 95% bomuld, 5% elastan \n- Maskestruktur: Stikket \n- Krage: Kantstrimmel med rensestrimmel \n- Knapnedel: 3 knapper \n- \u00c6rmer: Kantstrimmelfinish \n- Bund af t\u00f8jet: Sidelommer, dobbelt s\u00f8m","pl":"To polo dla m\u0119\u017cczyzn oferuje optymalny komfort dzi\u0119ki swojej kompozycji z bawe\u0142ny i elastanu. Jego wi\u0105zek ig\u0142owy zapewnia dobre trzymanie si\u0119 i elegancki wygl\u0105d. Kollarz z kraw\u0119dzi\u0105 i guzikowe zatrzaski z 3 guzikami dodaj\u0105 klasyczny akcent. Starannie wykonane detale, takie jak ma\u0142e boczne szczeliny i podw\u00f3jne szwy na dole ubrania, zapewniaj\u0105 zwi\u0119kszon\u0105 wytrzyma\u0142o\u015b\u0107.\n\n- Kompozycja: 95% bawe\u0142na, 5% elastan\n- Wi\u0105zek ig\u0142owy\n- Kollarz: Kraw\u0119d\u017a z paskiem czysto\u015bci\n- Guzikowe zatrzaski: 3 guziki\n- R\u0119kawy: Wyko\u0144czenie kraw\u0119dzi\u0105\n- D\u00f3\u0142 ubrania: Boczne szczeliny, podw\u00f3jne szwy"},"h1":{"fr":"Polo homme manches courtes k239","en":"Men's Short-Sleeve Polo k239","de":"Polo Herren Kurzarm k239","nl":"Polo man korte mouwen k239","es":"Polo manga corta para hombre k239","it":"Polo uomo maniche corte k239","sv":"Herrpolotr\u00f6ja korta \u00e4rmar k239","pt":"Polo homem mangas curtas k239","da":"Polo mand kort\u00e6rmet k239","pl":"Polo m\u0119\u017cczyzna kr\u00f3tkie r\u0119kawy k239"},"meta_description":{"fr":"Polo homme manches courtes en coton maille piqu\u00e9e avec boutons. Confort et style pour tous les jours.","en":"Short-sleeve men's polo in knitted cotton with buttons. Comfort and style for everyday wear.","de":"Polo Herren Kurzarm aus Baumwolle mit gestricktem Material und Kn\u00f6pfen. Komfort und Stil f\u00fcr jeden Tag.","nl":"Polo man korte mouwen in katoenen strijkvrij met knopen. Comfort en stijl voor iedere dag.","es":"Polo manga corta de hombre en algod\u00f3n punto el\u00e1stico con botones. Confort y estilo para todos los d\u00edas.","it":"Polo uomo maniche corte in cotone maglia spazzolata con bottoni. Comfort e stile per tutti i giorni.","sv":"Herrpolotr\u00f6ja med korta \u00e4rmar i bomull med kn\u00e4ppknappar. Komfort och stil f\u00f6r varje dag.","pt":"Polo homem mangas curtas em algod\u00e3o malha picada com bot\u00f5es. Conforto e estilo para todos os dias.","da":"Polo mand kort\u00e6rmet i bomuld med knapper. Komfort og stil for hver dag.","pl":"Polo m\u0119\u017cczyzna kr\u00f3tkie r\u0119kawy z bawe\u0142ny z wi\u0105zkiem ig\u0142owym z guzikami. Komfort i styl na codzie\u0144."}},"custom":{"title":{"fr":"Polo homme manches courtes mike KARIBAN k239 personnalisable","en":"Short-sleeved Mike KARIBAN k239 customizable men's polo","de":"Polo M\u00e4nner Kurz\u00e4rmel mike KARIBAN k239 personalisierbar","nl":"Heren polo korte mouwen mike KARIBAN k239 personaliseerbaar","es":"Polo hombre manga corta mike KARIBAN k239 personalizable","it":"Polo uomo maniche corte mike KARIBAN k239 personalizzabile","sv":"Polo herr kort\u00e4rmad mike KARIBAN k239 personaliserbar","pt":"Camisa polo homem mangas curtas mike KARIBAN k239 personaliz\u00e1vel","da":"Mandspolo kort\u00e6rmet mike KARIBAN k239 personaliserbar","pl":"M\u0119ski polo kr\u00f3tkich r\u0119kaw\u00f3w mike KARIBAN k239 do personalizacji"},"description":{"fr":"Polo homme manches courtes en coton piqu\u00e9, offrant confort et style. Con\u00e7u avec un col bord c\u00f4te et une patte de boutonnage \u00e0 3 boutons, ce polo est id\u00e9al pour un look d\u00e9contract\u00e9 ou professionnel. Sa coupe classique assure un tomb\u00e9 flatteur, tandis que les petites fentes lat\u00e9rales favorisent la libert\u00e9 de mouvement. Finition soign\u00e9e avec bord c\u00f4te aux bas des manches et double aiguille au bas du v\u00eatement pour une durabilit\u00e9 accrue. Ce polo est \u00e9galement personnalisable, permettant l'ajout de votre logo ou de vos \u00e9l\u00e9ments graphiques pour une image de marque unique.\n\n- 95% coton \/ 5% \u00e9lasthanne\n- Maille piqu\u00e9e\n- Col avec bord c\u00f4te et bande de propret\u00e9\n- Patte de boutonnage avec 3 boutons\n- Finition bord c\u00f4te au bas des manches\n- Petites fentes lat\u00e9rales\n- Finition double aiguille au bas du v\u00eatement","en":"Short-sleeved men's cotton piqu\u00e9 polo, offering comfort and style. Designed with a ribbed collar and a 3-button placket, this polo is ideal for a casual or professional look. Its classic cut ensures a flattering fit, while the side vents promote freedom of movement. Finished with ribbed cuffs and double stitching at the bottom of the garment for increased durability. This polo is also customizable, allowing the addition of your logo or graphic elements for a unique brand image.\n\n- 95% cotton \/ 5% elastane\n- Piqu\u00e9 knit\n- Collar with ribbing and neck tape\n- 3-button placket\n- Ribbed cuff finish\n- Side vents\n- Double-stitch hem finish","de":"Polo M\u00e4nner Kurz\u00e4rmel aus Baumwoll-Piqu\u00e9, das Komfort und Stil bietet. Mit einem Kragen mit Rippb\u00fcndchen und einer Knopfleiste mit 3 Kn\u00f6pfen gestaltet, ist dieses Polo ideal f\u00fcr einen l\u00e4ssigen oder professionellen Look. Der klassische Schnitt sorgt f\u00fcr einen schmeichelhaften Fall, w\u00e4hrend die kleinen seitlichen Schlitze die Bewegungsfreiheit f\u00f6rdern. Feine Verarbeitung mit Rippb\u00fcndchen an den \u00c4rmelenden und Doppelsteppnaht am Saum des Kleidungsst\u00fccks f\u00fcr eine erh\u00f6hte Haltbarkeit. Dieses Polo ist auch personalisierbar und erm\u00f6glicht die Hinzuf\u00fcgung Ihres Logos oder Ihrer grafischen Elemente f\u00fcr ein einzigartiges Markenbild.\n\n- 95% Baumwolle \/ 5% Elasthan\n- Piqu\u00e9-Maschenware\n- Kragen mit Rippb\u00fcndchen und Saumband\n- Knopfleiste mit 3 Kn\u00f6pfen\n- Rippb\u00fcndchenverarbeitung am \u00c4rmelende\n- Kleine seitliche Schlitze\n- Doppelsteppnahtverarbeitung am Saum des Kleidungsst\u00fccks","nl":"Heren polo korte mouwen van geprikt katoen, biedt comfort en stijl. Ontworpen met een kragen met kantband en een knopband met 3 knopen, deze polo is ideaal voor een ontspannen of professioneel uiterlijk. De klassieke pasvorm zorgt voor een flatteuse valling, terwijl de kleine zijspleten de beweeglijkheid bevorderen. Geavanceerde afwerking met kantband aan de onderkant van de mouwen en dubbele naad aan de onderkant van het kledingstuk voor een verbeterde duurzaamheid. Deze polo is ook personaliseerbaar, waardoor je je logo of grafische elementen kunt toevoegen voor een uniek merkbeeld.\n\n- 95% katoen \/ 5% elastane\n- Geprikte maas\n- Kragen met kantband en schoonheidsband\n- Knopband met 3 knopen\n- Afwerking met kantband aan de onderkant van de mouwen\n- Kleine zijspleten\n- Dubbele naad afwerking aan de onderkant van het kledingstuk","es":"Polo hombre manga corta en algod\u00f3n pique, ofreciendo confort y estilo. Dise\u00f1ado con un cuello con borde de punto y una solapa con tres botones, este polo es ideal para un look informal o profesional. Su corte cl\u00e1sico asegura una ca\u00edda favorecedora, mientras que las peque\u00f1as aberturas laterales favorecen la libertad de movimiento. Acabado cuidado con borde de punto en las mangas y doble puntada en el bajo de la prenda para una mayor durabilidad. Este polo tambi\u00e9n es personalizable, permitiendo la adici\u00f3n de su logo o de sus elementos gr\u00e1ficos para una imagen de marca \u00fanica.\n\n- 95% algod\u00f3n \/ 5% elastano\n- Malla pique\n- Cuello con borde de punto y banda de limpieza\n- Solapa con tres botones\n- Acabado de borde de punto en el bajo de las mangas\n- Peque\u00f1as aberturas laterales\n- Acabado de doble puntada en el bajo de la prenda","it":"Polo uomo maniche corte in cotone pettinato, che offre comfort e stile. Realizzato con un colletto con bordo costiero e una patta di chiusura con 3 bottoni, questo polo \u00e8 ideale per un look casual o professionale. La sua taglia classica garantisce una caduta lusinghiera, mentre le piccole fessure laterali favoriscono la libert\u00e0 di movimento. Finitura accurata con bordo costiero ai polsi e doppia cucitura in basso per una maggiore durabilit\u00e0. Questo polo \u00e8 anche personalizzabile, permettendo di aggiungere il proprio logo o elementi grafici per un'immagine di marca unica.","sv":"Polo herr kort\u00e4rmad i piqu\u00e9 cotton, erbjuder komfort och stil. Utformad med en krage med ribbstickning och en kn\u00e4ppning med 3 knappar \u00e4r denna polo idealisk f\u00f6r en avslappnad eller professionell look. Den klassiska passformen s\u00e4kerst\u00e4ller ett smickrande fall, medan de sm\u00e5 sidospringorna fr\u00e4mjar fri r\u00f6relse. Noggrann avslutning med ribbstickning p\u00e5 \u00e4rmarnas \u00e4ndar och dubbelstickning p\u00e5 kl\u00e4dets botten f\u00f6r \u00f6kad h\u00e5llbarhet. Denna polo \u00e4r \u00e4ven personaliserbar, vilket g\u00f6r det m\u00f6jligt att l\u00e4gga till ditt logotyp eller grafiska element f\u00f6r ett unikt varum\u00e4rke.\n\n- 95% cotton \/ 5% elastan\n- Piqu\u00e9 v\u00e4v\n- Krage med ribbstickning och renh\u00e5llningsband\n- Kn\u00e4ppning med 3 knappar\n- Ribbstickning p\u00e5 \u00e4rmarnas \u00e4ndar\n- Sm\u00e5 sidospringor\n- Dubbelstickning p\u00e5 kl\u00e4dets botten","pt":"Camisa polo homem mangas curtas em algod\u00e3o tricotado, oferecendo conforto e estilo. Concebida com uma gola com costura e uma abotoadura com 3 bot\u00f5es, esta camisa polo \u00e9 ideal para um visual descontra\u00eddo ou profissional. Seu corte cl\u00e1ssico garante uma queda favorecedora, enquanto as pequenas fendas laterais favorecem a liberdade de movimento. Acabamento cuidado com costura na base das mangas e costura dupla na base da pe\u00e7a para uma durabilidade aumentada. Esta camisa polo tamb\u00e9m \u00e9 personaliz\u00e1vel, permitindo a adi\u00e7\u00e3o do seu logotipo ou dos seus elementos gr\u00e1ficos para uma imagem de marca \u00fanica.\n\n- 95% algod\u00e3o \/ 5% elastano\n- Malha tricotada\n- Gola com costura e faixa de limpeza\n- Abotoadura com 3 bot\u00f5es\n- Acabamento costura na base das mangas\n- Pequenas fendas laterais\n- Acabamento costura dupla na base da pe\u00e7a","da":"Mandspolo kort\u00e6rmet i bomuld med st\u00e5ltr\u00e5d, der tilbyder komfort og stil. Designet med en kr\u00e6vekrage og knapl\u00f8b med 3 knapper, er denne polo ideel til et afslappet eller professionelt look. Den klassiske sk\u00e6ring sikrer et flatterende fald, mens de sm\u00e5 sideflader fremmer fri bev\u00e6gelighed. F\u00e6rdigg\u00f8relse med kr\u00e6vekrage i bundene af \u00e6rmene og dobbelt n\u00e5l i bunden af t\u00f8jet for \u00f8get holdbarhed. Denne polo er ogs\u00e5 personaliserbar, hvilket g\u00f8r det muligt at tilf\u00f8je dit logo eller dine grafiske elementer for et unikt m\u00e6rkebillede.\n\n- 95% bomuld \/ 5% elastan\n- St\u00e5ltr\u00e5d\n- Kr\u00e6vekrage med rensestrejf\n- Knapl\u00f8b med 3 knapper\n- F\u00e6rdigg\u00f8relse med kr\u00e6vekrage i bundene af \u00e6rmene\n- Sm\u00e5 sideflader\n- F\u00e6rdigg\u00f8relse med dobbelt n\u00e5l i bunden af t\u00f8jet","pl":"M\u0119ski polo kr\u00f3tkich r\u0119kaw\u00f3w z bawe\u0142ny w pikanie, oferuj\u0105ce komfort i styl. Zaprojektowany z ko\u0142nierzem z bord\u00f3wk\u0105 i zapinaniem na 3 guziki, ten polo jest idealny do stylu swobodnego lub profesjonalnego. Klasyczny kroj zapewnia elegancki spadek, a ma\u0142e boczne szlufy sprzyjaj\u0105 swobodzie ruch\u00f3w. Starannie wyko\u0144czony bord\u00f3wk\u0105 na ko\u0144cach r\u0119kaw\u00f3w i podw\u00f3jnym szwem na dole ubrania dla zwi\u0119kszonej trwa\u0142o\u015bci. Ten polo jest r\u00f3wnie\u017c do personalizacji, umo\u017cliwiaj\u0105c dodanie swojego logo lub element\u00f3w graficznych dla unikalnego wizerunku marki.\n\n- 95% bawe\u0142na \/ 5% elastan\n- Tkanka w pikanie\n- Ko\u0142nierz z bord\u00f3wk\u0105 i ta\u015bm\u0105 higieniczn\u0105\n- Zapinanie z 3 guzikami\n- Wyko\u0144czenie bord\u00f3wk\u0105 na ko\u0144cach r\u0119kaw\u00f3w\n- Ma\u0142e boczne szlufy\n- Wyko\u0144czenie podw\u00f3jnym szwem na dole ubrania"},"h1":{"fr":"Polo homme manches courtes mike k239 personnalisation","en":"Short-sleeved Mike k239 customizable men's polo","de":"Polo M\u00e4nner Kurz\u00e4rmel mike k239 Personalisierung","nl":"Heren polo korte mouwen mike k239 personalisatie","es":"Polo hombre manga corta mike k239 personalizaci\u00f3n","it":"Polo uomo maniche corte mike k239 personalizzazione","sv":"Polo herr kort\u00e4rmad mike k239 personalisering","pt":"Camisa polo homem mangas curtas mike k239 personaliza\u00e7\u00e3o","da":"Mandspolo kort\u00e6rmet mike k239 personligg\u00f8relse","pl":"M\u0119ski polo kr\u00f3tkich r\u0119kaw\u00f3w mike k239 personalizacja"},"meta_description":{"fr":"Polo homme manches courtes en coton piqu\u00e9. Col bord c\u00f4te, patte de boutonnage 3 boutons. Possibilit\u00e9 de personnalisation en broderie.","en":"Short-sleeved men's cotton piqu\u00e9 polo. Ribbed collar, 3-button placket. Possibility of customization with embroidery.","de":"Polo M\u00e4nner Kurz\u00e4rmel aus Baumwoll-Piqu\u00e9. Kragen mit Rippb\u00fcndchen, Knopfleiste mit 3 Kn\u00f6pfen. M\u00f6glichkeit zur Personalisierung durch Stickerei.","nl":"Heren polo korte mouwen van geprikt katoen. Kragen met kantband, knopband met 3 knopen. Mogelijkheid tot personalisatie door middel van borduurwerk.","es":"Polo hombre manga corta en algod\u00f3n pique. Cuello con borde de punto, solapa con tres botones. Posibilidad de personalizaci\u00f3n en bordado.","it":"Polo uomo maniche corte in cotone pettinato. Colletto con bordo costiero, patta di chiusura con 3 bottoni. Possibilit\u00e0 di personalizzazione con ricamo.","sv":"Polo herr kort\u00e4rmad i piqu\u00e9 cotton. Krage med ribbstickning, kn\u00e4ppning med 3 knappar. M\u00f6jlighet att personligg\u00f6ra med stickning.","pt":"Camisa polo homem mangas curtas em algod\u00e3o tricotado. Gola com costura, abotoadura com 3 bot\u00f5es. Possibilidade de personaliza\u00e7\u00e3o em bordado.","da":"Mandspolo kort\u00e6rmet i bomuld med st\u00e5ltr\u00e5d. Kr\u00e6vekrage, knapl\u00f8b med 3 knapper. Mulighed for personalisering ved brodering.","pl":"M\u0119ski polo kr\u00f3tkich r\u0119kaw\u00f3w z bawe\u0142ny w pikanie. Ko\u0142nierz z bord\u00f3wk\u0105, zapinanie na 3 guziki. Mo\u017cliwo\u015b\u0107 personalizacji w formie haftu."}}},"categories":[{"id":8,"name":"Polos","singular":"Polo","is_feminin":false},{"id":354,"name":"Textile","singular":"Textile","is_feminin":false}],"certifications":[],"videos":{"fr":[],"en":[],"de":[],"nl":[],"es":[],"it":[],"sv":[],"pt":[],"da":[],"pl":[]},"main_images":{"miniature":"https:\/\/media.th4.com\/ob0LSxJq5Etdw-DDcjAPbBL-GpP3YrRBuTni-Jdwjbg\/pr:80\/aHR0cDovL21lZGlhMi5kZXNpZ25wYXJ0bmVyLmZyL2MvcC1ibGFuay1USC8xMzY1LndlYnA?v=1748412948","medium":"https:\/\/media.th4.com\/QIVmXL2mB2NVydKrZ8GQEdwmfVJF9KvYog0SkBPEvqI\/pr:550x550greybg\/aHR0cDovL21lZGlhMi5kZXNpZ25wYXJ0bmVyLmZyL2MvcC1ibGFuay1USC8xMzY1LndlYnA?v=1748412948","medium_large":"https:\/\/media.th4.com\/f7yXb-f4X_8eIcdzVsM2-3awPR2kU78bLgrUr0DYZB0\/pr:1000x1000greybg\/aHR0cDovL21lZGlhMi5kZXNpZ25wYXJ0bmVyLmZyL2MvcC1ibGFuay1USC8xMzY1LndlYnA?v=1748412948","large":"https:\/\/media.th4.com\/Ohi51QhHyZOxYsCCdNiyjOGqlbt2rQd7BA93Cti4YSc\/pr:1920greybg\/aHR0cDovL21lZGlhMi5kZXNpZ25wYXJ0bmVyLmZyL2MvcC1ibGFuay1USC8xMzY1LndlYnA?v=1748412948","opengraph":"https:\/\/media.th4.com\/6CEdzud6CG7fnTGPZPLaKbOwnSupeFBJNBPmtWLkdYA\/pr:1200x630greybg\/aHR0cDovL21lZGlhMi5kZXNpZ25wYXJ0bmVyLmZyL2MvcC1ibGFuay1USC8xMzY1LndlYnA?v=1748412948"},"main_images_customization":{"miniature":"https:\/\/media.th4.com\/XNo4TwTdmzKHCaaOiplghUjza5boJOaN1Vk0G8PZ4y4\/pr:80\/aHR0cDovL21lZGlhMi5kZXNpZ25wYXJ0bmVyLmZyL2MvcC1jdXN0b20tVEgvMTM2NS53ZWJw?v=1748413138","medium":"https:\/\/media.th4.com\/03RA1D3Fz2ux2EE8TgBXrs_9kM_J4GCq1VnVbsswXBI\/pr:550x550greybg\/aHR0cDovL21lZGlhMi5kZXNpZ25wYXJ0bmVyLmZyL2MvcC1jdXN0b20tVEgvMTM2NS53ZWJw?v=1748413138","medium_large":"https:\/\/media.th4.com\/jFQ_T5TsfQB9mPhqm1969lcYsjpdU5XQFoVHFGyOyPc\/pr:1000x1000greybg\/aHR0cDovL21lZGlhMi5kZXNpZ25wYXJ0bmVyLmZyL2MvcC1jdXN0b20tVEgvMTM2NS53ZWJw?v=1748413138","large":"https:\/\/media.th4.com\/AOZ9oG7abs--4EKXCzYKp7GC4Xifg8XxQ2yA6AloI1o\/pr:1920greybg\/aHR0cDovL21lZGlhMi5kZXNpZ25wYXJ0bmVyLmZyL2MvcC1jdXN0b20tVEgvMTM2NS53ZWJw?v=1748413138","opengraph":"https:\/\/media.th4.com\/m47gLUz0ETdswT5mgB3gVkT3WJkPD8lUGtcQ2l3ccbs\/pr:1200x630greybg\/aHR0cDovL21lZGlhMi5kZXNpZ25wYXJ0bmVyLmZyL2MvcC1jdXN0b20tVEgvMTM2NS53ZWJw?v=1748413138"},"page_links":{"fr":"\/fr\/p-ka-k239-polo-homme-manches-courtes-k239-1365\/","en":"\/en\/p-ka-k239-mens-short-sleeve-polo-k239-1365\/","de":"\/de\/p-ka-k239-polo-herren-kurzarm-k239-1365\/","nl":"\/nl\/p-ka-k239-polo-man-korte-mouwen-k239-1365\/","es":"\/es\/p-ka-k239-polo-manga-corta-para-hombre-k239-1365\/","it":"\/it\/p-ka-k239-polo-uomo-maniche-corte-k239-1365\/","sv":"\/sv\/p-ka-k239-herrpolotroja-korta-armar-k239-1365\/","pt":"\/pt\/p-ka-k239-polo-homem-mangas-curtas-k239-1365\/","da":"\/da\/p-ka-k239-polo-mand-kortaermet-k239-1365\/","pl":"\/pl\/p-ka-k239-polo-mezczyzna-krotkie-rekawy-k239-1365\/"},"page_links_customization":{"fr":"\/fr\/p-ka-k239-polo-homme-manches-courtes-mike-k239-personnalisation-1365\/custom\/","en":"\/en\/p-ka-k239-short-sleeved-mike-k239-customizable-mens-polo-1365\/custom\/","de":"\/de\/p-ka-k239-polo-manner-kurzarmel-mike-k239-personalisierung-1365\/custom\/","nl":"\/nl\/p-ka-k239-heren-polo-korte-mouwen-mike-k239-personalisatie-1365\/custom\/","es":"\/es\/p-ka-k239-polo-hombre-manga-corta-mike-k239-personalizacion-1365\/custom\/","it":"\/it\/p-ka-k239-polo-uomo-maniche-corte-mike-k239-personalizzazione-1365\/custom\/","sv":"\/sv\/p-ka-k239-polo-herr-kortarmad-mike-k239-personalisering-1365\/custom\/","pt":"\/pt\/p-ka-k239-camisa-polo-homem-mangas-curtas-mike-k239-personalizacao-1365\/custom\/","da":"\/da\/p-ka-k239-mandspolo-kortaermet-mike-k239-personliggorelse-1365\/custom\/","pl":"\/pl\/p-ka-k239-meski-polo-krotkich-rekawow-mike-k239-personalizacja-1365\/custom\/"},"equivalent_products":[1366],"colors":[{"id":1261,"name":"navy","class_ids":[2],"codes_hexa":["012942"],"delai_24":false,"has_3d":false,"seuil_global":0,"stock_local":0,"stock_global":10202,"on_standby":false,"in_catalog":true,"images":{"miniature":["https:\/\/media.th4.com\/DpVjVFYmSGSf-fok_dEXTeej1uzvdxxlP5NrjvwPUoo\/pr:80\/aHR0cDovL21lZGlhMi5kZXNpZ25wYXJ0bmVyLmZyL2MvcC8xMzY1LzEzNjUtMTI2MS0xLmpwZw?v=1638344040","https:\/\/media.th4.com\/aUK-Cj97e03T_qeqqOV9N8UcAqxqDKnHtGj55G08oMI\/pr:80\/aHR0cDovL21lZGlhMi5kZXNpZ25wYXJ0bmVyLmZyL2MvcC8xMzY1LzEzNjUtMTI2MS0yLmpwZw?v=1638344041","https:\/\/media.th4.com\/IBX_9uXhkUGEW1AtorAVSCDvtu0gPdjQBsTCSLbjUD0\/pr:80\/aHR0cDovL21lZGlhMi5kZXNpZ25wYXJ0bmVyLmZyL2MvcC8xMzY1LzEzNjUtMTI2MS0zLmpwZw?v=1638344040"],"medium":["https:\/\/media.th4.com\/DZCvI_d1VVcvuC7SbsWTaVNiL21E3pcGUiNbWmeu1EU\/pr:550x550\/aHR0cDovL21lZGlhMi5kZXNpZ25wYXJ0bmVyLmZyL2MvcC8xMzY1LzEzNjUtMTI2MS0xLmpwZw?v=1638344040","https:\/\/media.th4.com\/5wnOMKUtZLN8CL4zU3PpJJHDAxXNHBwrulakaAJEFYo\/pr:550x550\/aHR0cDovL21lZGlhMi5kZXNpZ25wYXJ0bmVyLmZyL2MvcC8xMzY1LzEzNjUtMTI2MS0yLmpwZw?v=1638344041","https:\/\/media.th4.com\/VKxPAn9qj4ZWRyAu3RP94qb1iPzjeXtR-bOqVBkXiRc\/pr:550x550\/aHR0cDovL21lZGlhMi5kZXNpZ25wYXJ0bmVyLmZyL2MvcC8xMzY1LzEzNjUtMTI2MS0zLmpwZw?v=1638344040"],"medium_large":["https:\/\/media.th4.com\/HfNSG94DSfCGpMzEwYGxqvxljCL1PmPNNzIjGTx31is\/pr:1000x1000\/aHR0cDovL21lZGlhMi5kZXNpZ25wYXJ0bmVyLmZyL2MvcC8xMzY1LzEzNjUtMTI2MS0xLmpwZw?v=1638344040","https:\/\/media.th4.com\/IPU6k77AtgoAQRoTE0VktWorAC5v8XHnorPdWNJfgOM\/pr:1000x1000\/aHR0cDovL21lZGlhMi5kZXNpZ25wYXJ0bmVyLmZyL2MvcC8xMzY1LzEzNjUtMTI2MS0yLmpwZw?v=1638344041","https:\/\/media.th4.com\/S9S0kN9AJ4yZTO3oyOKIREnssVVo6-dXGFO177hibzM\/pr:1000x1000\/aHR0cDovL21lZGlhMi5kZXNpZ25wYXJ0bmVyLmZyL2MvcC8xMzY1LzEzNjUtMTI2MS0zLmpwZw?v=1638344040"],"large":["https:\/\/media.th4.com\/LCP83wC-CwczF2N_vHIkEUr5jWUMvFhtF9y0Gl61pLE\/pr:1920\/aHR0cDovL21lZGlhMi5kZXNpZ25wYXJ0bmVyLmZyL2MvcC8xMzY1LzEzNjUtMTI2MS0xLmpwZw?v=1638344040","https:\/\/media.th4.com\/b2U1zIhrwr0-a3WIOV2f2W4RMFZiYszPyFdNOq9FQ5E\/pr:1920\/aHR0cDovL21lZGlhMi5kZXNpZ25wYXJ0bmVyLmZyL2MvcC8xMzY1LzEzNjUtMTI2MS0yLmpwZw?v=1638344041","https:\/\/media.th4.com\/Zql3UHAwkCaJcv6uCM-ZPeTs0RbHqHeLegXpRR4HX58\/pr:1920\/aHR0cDovL21lZGlhMi5kZXNpZ25wYXJ0bmVyLmZyL2MvcC8xMzY1LzEzNjUtMTI2MS0zLmpwZw?v=1638344040"],"opengraph":["https:\/\/media.th4.com\/81QXzYDo7DeeAEjibJA9tYIqv0Cfklknvra4QrY3zMo\/pr:1200x630\/aHR0cDovL21lZGlhMi5kZXNpZ25wYXJ0bmVyLmZyL2MvcC8xMzY1LzEzNjUtMTI2MS0xLmpwZw?v=1638344040","https:\/\/media.th4.com\/H3HwuN2IEMFqWqCvkYx2vQ1InWzlqYuL6JJy2wzffjA\/pr:1200x630\/aHR0cDovL21lZGlhMi5kZXNpZ25wYXJ0bmVyLmZyL2MvcC8xMzY1LzEzNjUtMTI2MS0yLmpwZw?v=1638344041","https:\/\/media.th4.com\/Oajty3LYhAz9z4YXNlIUxt1CG3eRNgM0-xprCvEfGf8\/pr:1200x630\/aHR0cDovL21lZGlhMi5kZXNpZ25wYXJ0bmVyLmZyL2MvcC8xMzY1LzEzNjUtMTI2MS0zLmpwZw?v=1638344040"]},"images_customization":{"miniature":["https:\/\/media.th4.com\/XcAvI1RwUh4mJHO0OW_uKOTtqBG-rDYhKGO34_A98tw\/pr:80\/aHR0cDovL21lZGlhMi5kZXNpZ25wYXJ0bmVyLmZyL2MvcC1zaG9wcGluZy1jdXN0b20tVEgvMTM2NS8xMzY1LTEyNjEtMS5qcGc?v=1737556834"],"medium":["https:\/\/media.th4.com\/k2yseVLs2znAdvFAmLMlI_hfR0JYv_KNTZeqdvcvEB0\/pr:550x550\/aHR0cDovL21lZGlhMi5kZXNpZ25wYXJ0bmVyLmZyL2MvcC1zaG9wcGluZy1jdXN0b20tVEgvMTM2NS8xMzY1LTEyNjEtMS5qcGc?v=1737556834"],"medium_large":["https:\/\/media.th4.com\/nXFOA0x3k9a62vjALLoj81YTpNECnmbPOz7o3rGdsKE\/pr:1000x1000\/aHR0cDovL21lZGlhMi5kZXNpZ25wYXJ0bmVyLmZyL2MvcC1zaG9wcGluZy1jdXN0b20tVEgvMTM2NS8xMzY1LTEyNjEtMS5qcGc?v=1737556834"],"large":["https:\/\/media.th4.com\/4E14_nNn5UVr2WfHz0_P9E3rCn9i0eg9U3fK0VK8ung\/pr:1920\/aHR0cDovL21lZGlhMi5kZXNpZ25wYXJ0bmVyLmZyL2MvcC1zaG9wcGluZy1jdXN0b20tVEgvMTM2NS8xMzY1LTEyNjEtMS5qcGc?v=1737556834"],"opengraph":["https:\/\/media.th4.com\/a_-gItRwSnNtCYMDjPD3QrUBzZZFh0s4vDbaa5X3Wqo\/pr:1200x630\/aHR0cDovL21lZGlhMi5kZXNpZ25wYXJ0bmVyLmZyL2MvcC1zaG9wcGluZy1jdXN0b20tVEgvMTM2NS8xMzY1LTEyNjEtMS5qcGc?v=1737556834"]},"country_origin":"BD","traceability":{"manufacturing_country_id":null,"weaving_country_id":null,"dyeing_country_id":null},"sizes":[{"id":3,"article_id":34701,"class_id":3,"name":"S","on_standby":false,"stock_local":0,"stock_global":842,"multiple":1,"estimated_date_reassort":null,"is_destocking":false},{"id":2,"article_id":34702,"class_id":4,"name":"M","on_standby":false,"stock_local":0,"stock_global":2280,"multiple":1,"estimated_date_reassort":null,"is_destocking":false},{"id":1,"article_id":34703,"class_id":5,"name":"L","on_standby":false,"stock_local":0,"stock_global":3138,"multiple":1,"estimated_date_reassort":null,"is_destocking":false},{"id":4,"article_id":34704,"class_id":6,"name":"XL","on_standby":false,"stock_local":0,"stock_global":2220,"multiple":1,"estimated_date_reassort":null,"is_destocking":false},{"id":1116,"article_id":244238,"class_id":7,"name":"2XL","on_standby":false,"stock_local":0,"stock_global":1288,"multiple":1,"estimated_date_reassort":null,"is_destocking":false},{"id":1081,"article_id":234861,"class_id":8,"name":"3XL","on_standby":false,"stock_local":0,"stock_global":434,"multiple":1,"estimated_date_reassort":null,"is_destocking":false}],"page_links":{"fr":"\/fr\/p-ka-k239-polo-homme-manches-courtes-k239-1365\/navy-1261\/","en":"\/en\/p-ka-k239-mens-short-sleeve-polo-k239-1365\/navy-1261\/","de":"\/de\/p-ka-k239-polo-herren-kurzarm-k239-1365\/navy-1261\/","nl":"\/nl\/p-ka-k239-polo-man-korte-mouwen-k239-1365\/navy-1261\/","es":"\/es\/p-ka-k239-polo-manga-corta-para-hombre-k239-1365\/navy-1261\/","it":"\/it\/p-ka-k239-polo-uomo-maniche-corte-k239-1365\/navy-1261\/","sv":"\/sv\/p-ka-k239-herrpolotroja-korta-armar-k239-1365\/navy-1261\/","pt":"\/pt\/p-ka-k239-polo-homem-mangas-curtas-k239-1365\/navy-1261\/","da":"\/da\/p-ka-k239-polo-mand-kortaermet-k239-1365\/navy-1261\/","pl":"\/pl\/p-ka-k239-polo-mezczyzna-krotkie-rekawy-k239-1365\/navy-1261\/"},"page_links_customization":{"fr":"\/fr\/p-ka-k239-polo-homme-manches-courtes-mike-k239-personnalisation-1365\/navy-1261\/custom\/","en":"\/en\/p-ka-k239-short-sleeved-mike-k239-customizable-mens-polo-1365\/navy-1261\/custom\/","de":"\/de\/p-ka-k239-polo-manner-kurzarmel-mike-k239-personalisierung-1365\/navy-1261\/custom\/","nl":"\/nl\/p-ka-k239-heren-polo-korte-mouwen-mike-k239-personalisatie-1365\/navy-1261\/custom\/","es":"\/es\/p-ka-k239-polo-hombre-manga-corta-mike-k239-personalizacion-1365\/navy-1261\/custom\/","it":"\/it\/p-ka-k239-polo-uomo-maniche-corte-mike-k239-personalizzazione-1365\/navy-1261\/custom\/","sv":"\/sv\/p-ka-k239-polo-herr-kortarmad-mike-k239-personalisering-1365\/navy-1261\/custom\/","pt":"\/pt\/p-ka-k239-camisa-polo-homem-mangas-curtas-mike-k239-personalizacao-1365\/navy-1261\/custom\/","da":"\/da\/p-ka-k239-mandspolo-kortaermet-mike-k239-personliggorelse-1365\/navy-1261\/custom\/","pl":"\/pl\/p-ka-k239-meski-polo-krotkich-rekawow-mike-k239-personalizacja-1365\/navy-1261\/custom\/"}},{"id":1520,"name":"black","class_ids":[4],"codes_hexa":["1a1a18"],"delai_24":false,"has_3d":false,"seuil_global":0,"stock_local":0,"stock_global":6098,"on_standby":false,"in_catalog":true,"images":{"miniature":["https:\/\/media.th4.com\/Oux4m_nTCZL8SON1yZcDWsaB5qFfnYKqjde5yG0Gpic\/pr:80\/aHR0cDovL21lZGlhMi5kZXNpZ25wYXJ0bmVyLmZyL2MvcC8xMzY1LzEzNjUtMTUyMC0xLmpwZw?v=1638344041","https:\/\/media.th4.com\/0814KgFb-0nXatiIg9SdGlQqKUU_TxGkUg6KbploTzw\/pr:80\/aHR0cDovL21lZGlhMi5kZXNpZ25wYXJ0bmVyLmZyL2MvcC8xMzY1LzEzNjUtMTUyMC0yLmpwZw?v=1638344041","https:\/\/media.th4.com\/YzCBUtedo-4GtH68FIG4E7NIqLiN7Z89I8NLR18rdFg\/pr:80\/aHR0cDovL21lZGlhMi5kZXNpZ25wYXJ0bmVyLmZyL2MvcC8xMzY1LzEzNjUtMTUyMC0zLmpwZw?v=1638344041"],"medium":["https:\/\/media.th4.com\/v93hQ0KG_5-2b3nYG76f_uKNIaKi_hlg62gcbNbHcYI\/pr:550x550\/aHR0cDovL21lZGlhMi5kZXNpZ25wYXJ0bmVyLmZyL2MvcC8xMzY1LzEzNjUtMTUyMC0xLmpwZw?v=1638344041","https:\/\/media.th4.com\/updiHFCO2m0vpEJu9X8KHcV8aSFUUj9arZ3GRhRXvvc\/pr:550x550\/aHR0cDovL21lZGlhMi5kZXNpZ25wYXJ0bmVyLmZyL2MvcC8xMzY1LzEzNjUtMTUyMC0yLmpwZw?v=1638344041","https:\/\/media.th4.com\/19AEwYCLYAUxOxr11_prIIzDLhAsUq1lb-pE535ctAg\/pr:550x550\/aHR0cDovL21lZGlhMi5kZXNpZ25wYXJ0bmVyLmZyL2MvcC8xMzY1LzEzNjUtMTUyMC0zLmpwZw?v=1638344041"],"medium_large":["https:\/\/media.th4.com\/hFh99zfsryl_aHjhr2R98UuDQomWzJ05M_rGSc5C1bA\/pr:1000x1000\/aHR0cDovL21lZGlhMi5kZXNpZ25wYXJ0bmVyLmZyL2MvcC8xMzY1LzEzNjUtMTUyMC0xLmpwZw?v=1638344041","https:\/\/media.th4.com\/Bw2JWPNTMNuWcPLVA5mq8e8nwXBvZBZvnToYmVgHJXY\/pr:1000x1000\/aHR0cDovL21lZGlhMi5kZXNpZ25wYXJ0bmVyLmZyL2MvcC8xMzY1LzEzNjUtMTUyMC0yLmpwZw?v=1638344041","https:\/\/media.th4.com\/FTxGG1KIxB3-1LnLXFWoaiNi9SvUSsaj7Xzf7oWpSfA\/pr:1000x1000\/aHR0cDovL21lZGlhMi5kZXNpZ25wYXJ0bmVyLmZyL2MvcC8xMzY1LzEzNjUtMTUyMC0zLmpwZw?v=1638344041"],"large":["https:\/\/media.th4.com\/gZGs6zwwY_-eSJFp1waUVofuVIhrmOOxSraD6uf4BAc\/pr:1920\/aHR0cDovL21lZGlhMi5kZXNpZ25wYXJ0bmVyLmZyL2MvcC8xMzY1LzEzNjUtMTUyMC0xLmpwZw?v=1638344041","https:\/\/media.th4.com\/nY4WO_xyc---wRAg7GInI9j9YcUVrFhigLZHM38uGCE\/pr:1920\/aHR0cDovL21lZGlhMi5kZXNpZ25wYXJ0bmVyLmZyL2MvcC8xMzY1LzEzNjUtMTUyMC0yLmpwZw?v=1638344041","https:\/\/media.th4.com\/RNDiVB5RVoYu4Udn7D3SndZvO7DN7_VDPigQwNKyZrI\/pr:1920\/aHR0cDovL21lZGlhMi5kZXNpZ25wYXJ0bmVyLmZyL2MvcC8xMzY1LzEzNjUtMTUyMC0zLmpwZw?v=1638344041"],"opengraph":["https:\/\/media.th4.com\/UDUVivsapV6uGoD5pQRJtUP0UD6WPmmq_xAqCtLAQWI\/pr:1200x630\/aHR0cDovL21lZGlhMi5kZXNpZ25wYXJ0bmVyLmZyL2MvcC8xMzY1LzEzNjUtMTUyMC0xLmpwZw?v=1638344041","https:\/\/media.th4.com\/4al9wFCvqhW_Xxff5IRvZEeYDa7e1G-sAIuQvlwLaBo\/pr:1200x630\/aHR0cDovL21lZGlhMi5kZXNpZ25wYXJ0bmVyLmZyL2MvcC8xMzY1LzEzNjUtMTUyMC0yLmpwZw?v=1638344041","https:\/\/media.th4.com\/2SFYV2IACoS7br5bIkcaHnRKnaUiShPGVtxyuFd2fHE\/pr:1200x630\/aHR0cDovL21lZGlhMi5kZXNpZ25wYXJ0bmVyLmZyL2MvcC8xMzY1LzEzNjUtMTUyMC0zLmpwZw?v=1638344041"]},"images_customization":{"miniature":["https:\/\/media.th4.com\/c8xQ4Hj3dE7PmT67kTcTBq_eKbrQ5dYtua5U-4uFAYU\/pr:80\/aHR0cDovL21lZGlhMi5kZXNpZ25wYXJ0bmVyLmZyL2MvcC1zaG9wcGluZy1jdXN0b20tVEgvMTM2NS8xMzY1LTE1MjAtMS5qcGc?v=1737556834"],"medium":["https:\/\/media.th4.com\/FjwxsEXvVQHPfYJv_lVyZeb-MWxaBowjwvq-cRycRj0\/pr:550x550\/aHR0cDovL21lZGlhMi5kZXNpZ25wYXJ0bmVyLmZyL2MvcC1zaG9wcGluZy1jdXN0b20tVEgvMTM2NS8xMzY1LTE1MjAtMS5qcGc?v=1737556834"],"medium_large":["https:\/\/media.th4.com\/YHcF6T6AazFiU_qWmqJTo2heF1eeDEuxSU6KQ9cDyHM\/pr:1000x1000\/aHR0cDovL21lZGlhMi5kZXNpZ25wYXJ0bmVyLmZyL2MvcC1zaG9wcGluZy1jdXN0b20tVEgvMTM2NS8xMzY1LTE1MjAtMS5qcGc?v=1737556834"],"large":["https:\/\/media.th4.com\/nlKYMTftE6f784rEUZtrQHLBBMLS2EXJ4t7YZs32fmE\/pr:1920\/aHR0cDovL21lZGlhMi5kZXNpZ25wYXJ0bmVyLmZyL2MvcC1zaG9wcGluZy1jdXN0b20tVEgvMTM2NS8xMzY1LTE1MjAtMS5qcGc?v=1737556834"],"opengraph":["https:\/\/media.th4.com\/EEcVUEGkvHaaEb53hpUQDRr4Y-lMFfmed--bq3FGA3o\/pr:1200x630\/aHR0cDovL21lZGlhMi5kZXNpZ25wYXJ0bmVyLmZyL2MvcC1zaG9wcGluZy1jdXN0b20tVEgvMTM2NS8xMzY1LTE1MjAtMS5qcGc?v=1737556834"]},"country_origin":"BD","traceability":{"manufacturing_country_id":null,"weaving_country_id":null,"dyeing_country_id":null},"sizes":[{"id":3,"article_id":99331,"class_id":3,"name":"S","on_standby":false,"stock_local":0,"stock_global":557,"multiple":1,"estimated_date_reassort":null,"is_destocking":false},{"id":2,"article_id":34696,"class_id":4,"name":"M","on_standby":false,"stock_local":0,"stock_global":1923,"multiple":1,"estimated_date_reassort":null,"is_destocking":false},{"id":1,"article_id":34697,"class_id":5,"name":"L","on_standby":false,"stock_local":0,"stock_global":1771,"multiple":1,"estimated_date_reassort":null,"is_destocking":false},{"id":4,"article_id":34698,"class_id":6,"name":"XL","on_standby":false,"stock_local":0,"stock_global":1241,"multiple":1,"estimated_date_reassort":null,"is_destocking":false},{"id":1116,"article_id":244237,"class_id":7,"name":"2XL","on_standby":false,"stock_local":0,"stock_global":463,"multiple":1,"estimated_date_reassort":null,"is_destocking":false},{"id":1081,"article_id":234860,"class_id":8,"name":"3XL","on_standby":false,"stock_local":0,"stock_global":143,"multiple":1,"estimated_date_reassort":null,"is_destocking":false}],"page_links":{"fr":"\/fr\/p-ka-k239-polo-homme-manches-courtes-k239-1365\/black-1520\/","en":"\/en\/p-ka-k239-mens-short-sleeve-polo-k239-1365\/black-1520\/","de":"\/de\/p-ka-k239-polo-herren-kurzarm-k239-1365\/black-1520\/","nl":"\/nl\/p-ka-k239-polo-man-korte-mouwen-k239-1365\/black-1520\/","es":"\/es\/p-ka-k239-polo-manga-corta-para-hombre-k239-1365\/black-1520\/","it":"\/it\/p-ka-k239-polo-uomo-maniche-corte-k239-1365\/black-1520\/","sv":"\/sv\/p-ka-k239-herrpolotroja-korta-armar-k239-1365\/black-1520\/","pt":"\/pt\/p-ka-k239-polo-homem-mangas-curtas-k239-1365\/black-1520\/","da":"\/da\/p-ka-k239-polo-mand-kortaermet-k239-1365\/black-1520\/","pl":"\/pl\/p-ka-k239-polo-mezczyzna-krotkie-rekawy-k239-1365\/black-1520\/"},"page_links_customization":{"fr":"\/fr\/p-ka-k239-polo-homme-manches-courtes-mike-k239-personnalisation-1365\/black-1520\/custom\/","en":"\/en\/p-ka-k239-short-sleeved-mike-k239-customizable-mens-polo-1365\/black-1520\/custom\/","de":"\/de\/p-ka-k239-polo-manner-kurzarmel-mike-k239-personalisierung-1365\/black-1520\/custom\/","nl":"\/nl\/p-ka-k239-heren-polo-korte-mouwen-mike-k239-personalisatie-1365\/black-1520\/custom\/","es":"\/es\/p-ka-k239-polo-hombre-manga-corta-mike-k239-personalizacion-1365\/black-1520\/custom\/","it":"\/it\/p-ka-k239-polo-uomo-maniche-corte-mike-k239-personalizzazione-1365\/black-1520\/custom\/","sv":"\/sv\/p-ka-k239-polo-herr-kortarmad-mike-k239-personalisering-1365\/black-1520\/custom\/","pt":"\/pt\/p-ka-k239-camisa-polo-homem-mangas-curtas-mike-k239-personalizacao-1365\/black-1520\/custom\/","da":"\/da\/p-ka-k239-mandspolo-kortaermet-mike-k239-personliggorelse-1365\/black-1520\/custom\/","pl":"\/pl\/p-ka-k239-meski-polo-krotkich-rekawow-mike-k239-personalizacja-1365\/black-1520\/custom\/"}},{"id":1856,"name":"white","class_ids":[1],"codes_hexa":["FFFFFF"],"delai_24":false,"has_3d":false,"seuil_global":0,"stock_local":0,"stock_global":4866,"on_standby":false,"in_catalog":true,"images":{"miniature":["https:\/\/media.th4.com\/jpyEjHp-xoBiXu4XABcP1uAr1EbGEqoYTd8SzAqf7rI\/pr:80\/aHR0cDovL21lZGlhMi5kZXNpZ25wYXJ0bmVyLmZyL2MvcC8xMzY1LzEzNjUtMTg1Ni0xLmpwZw?v=1638344041","https:\/\/media.th4.com\/FVmEvA3VBcmouMtWHUPvzaH81OmrS6dXpKH4gBEwUSo\/pr:80\/aHR0cDovL21lZGlhMi5kZXNpZ25wYXJ0bmVyLmZyL2MvcC8xMzY1LzEzNjUtMTg1Ni0yLmpwZw?v=1638344041","https:\/\/media.th4.com\/YRavrOyiaD-qxlkaYjhqrzBo9hAw42P93yjW_6m6dZY\/pr:80\/aHR0cDovL21lZGlhMi5kZXNpZ25wYXJ0bmVyLmZyL2MvcC8xMzY1LzEzNjUtMTg1Ni0zLmpwZw?v=1638344041"],"medium":["https:\/\/media.th4.com\/q-ZV6XvgAaYhTfmty6sAurLcGiIRPJ8wSXUl8RWDLPk\/pr:550x550\/aHR0cDovL21lZGlhMi5kZXNpZ25wYXJ0bmVyLmZyL2MvcC8xMzY1LzEzNjUtMTg1Ni0xLmpwZw?v=1638344041","https:\/\/media.th4.com\/9qPS5Z-R11g1oxUv_dmhOG0tdDep870sFZ9ZI4SRaKE\/pr:550x550\/aHR0cDovL21lZGlhMi5kZXNpZ25wYXJ0bmVyLmZyL2MvcC8xMzY1LzEzNjUtMTg1Ni0yLmpwZw?v=1638344041","https:\/\/media.th4.com\/SJ3nDgGk_YJcQEHaxDEan2EhM2J4pjN-HxPX6NO7VHs\/pr:550x550\/aHR0cDovL21lZGlhMi5kZXNpZ25wYXJ0bmVyLmZyL2MvcC8xMzY1LzEzNjUtMTg1Ni0zLmpwZw?v=1638344041"],"medium_large":["https:\/\/media.th4.com\/NcpwLj6Udw9Cm7hm_jP6Ym5Eyfok_iOFhH-w3fAmaxM\/pr:1000x1000\/aHR0cDovL21lZGlhMi5kZXNpZ25wYXJ0bmVyLmZyL2MvcC8xMzY1LzEzNjUtMTg1Ni0xLmpwZw?v=1638344041","https:\/\/media.th4.com\/maRZCNF_-hmzKT7W1dPR_lcdSfdoDhlXws2PCI3Xri4\/pr:1000x1000\/aHR0cDovL21lZGlhMi5kZXNpZ25wYXJ0bmVyLmZyL2MvcC8xMzY1LzEzNjUtMTg1Ni0yLmpwZw?v=1638344041","https:\/\/media.th4.com\/WuLn5TNi9TQ_5CfhsBS3vLCN6b2w3VaLhRp6vzHL-ik\/pr:1000x1000\/aHR0cDovL21lZGlhMi5kZXNpZ25wYXJ0bmVyLmZyL2MvcC8xMzY1LzEzNjUtMTg1Ni0zLmpwZw?v=1638344041"],"large":["https:\/\/media.th4.com\/hYWlchfssPBCofOE5OOhB5FHofU-ncTc1sWTuKhbYNA\/pr:1920\/aHR0cDovL21lZGlhMi5kZXNpZ25wYXJ0bmVyLmZyL2MvcC8xMzY1LzEzNjUtMTg1Ni0xLmpwZw?v=1638344041","https:\/\/media.th4.com\/Qg-bKClx1Yw8kGlye1TV-CUe2naxOMrf2u5mlBhkJSU\/pr:1920\/aHR0cDovL21lZGlhMi5kZXNpZ25wYXJ0bmVyLmZyL2MvcC8xMzY1LzEzNjUtMTg1Ni0yLmpwZw?v=1638344041","https:\/\/media.th4.com\/jaOrPJs4f0he3oJeyAEqGJqaEaW8n4r1CBBX5OOx22Y\/pr:1920\/aHR0cDovL21lZGlhMi5kZXNpZ25wYXJ0bmVyLmZyL2MvcC8xMzY1LzEzNjUtMTg1Ni0zLmpwZw?v=1638344041"],"opengraph":["https:\/\/media.th4.com\/XZeLn4kVEVsEGuhITN6t5Cz3CfHS12A4K3xYPYAZ5yA\/pr:1200x630\/aHR0cDovL21lZGlhMi5kZXNpZ25wYXJ0bmVyLmZyL2MvcC8xMzY1LzEzNjUtMTg1Ni0xLmpwZw?v=1638344041","https:\/\/media.th4.com\/K4zUNXrc2C0HcbePC8RVg2cmQ0OVi3Knu7wmN0qBBYM\/pr:1200x630\/aHR0cDovL21lZGlhMi5kZXNpZ25wYXJ0bmVyLmZyL2MvcC8xMzY1LzEzNjUtMTg1Ni0yLmpwZw?v=1638344041","https:\/\/media.th4.com\/x7yIsLOEpyYmGoWeVqLy8Wuq-9t5ozcISU1fB7i8kLY\/pr:1200x630\/aHR0cDovL21lZGlhMi5kZXNpZ25wYXJ0bmVyLmZyL2MvcC8xMzY1LzEzNjUtMTg1Ni0zLmpwZw?v=1638344041"]},"images_customization":{"miniature":["https:\/\/media.th4.com\/Db8w-jcu1JmIYztXV2vfnIutpH6wrueS31h_k2pBe4Y\/pr:80\/aHR0cDovL21lZGlhMi5kZXNpZ25wYXJ0bmVyLmZyL2MvcC1zaG9wcGluZy1jdXN0b20tVEgvMTM2NS8xMzY1LTE4NTYtMS5qcGc?v=1737556834"],"medium":["https:\/\/media.th4.com\/s94g3kDCyXcSUEhE4m9cdNnDOJjbMk3ZrzA6gr2TvQA\/pr:550x550\/aHR0cDovL21lZGlhMi5kZXNpZ25wYXJ0bmVyLmZyL2MvcC1zaG9wcGluZy1jdXN0b20tVEgvMTM2NS8xMzY1LTE4NTYtMS5qcGc?v=1737556834"],"medium_large":["https:\/\/media.th4.com\/7iSB_IhJJW51o8YSNGDPn4kpyg9VR7oNJjEaa-wchxo\/pr:1000x1000\/aHR0cDovL21lZGlhMi5kZXNpZ25wYXJ0bmVyLmZyL2MvcC1zaG9wcGluZy1jdXN0b20tVEgvMTM2NS8xMzY1LTE4NTYtMS5qcGc?v=1737556834"],"large":["https:\/\/media.th4.com\/H99RTx-_q5iG5-hX1dOyoFceRR3GQv4JHYyshew-TG8\/pr:1920\/aHR0cDovL21lZGlhMi5kZXNpZ25wYXJ0bmVyLmZyL2MvcC1zaG9wcGluZy1jdXN0b20tVEgvMTM2NS8xMzY1LTE4NTYtMS5qcGc?v=1737556834"],"opengraph":["https:\/\/media.th4.com\/3hgAgJaXUe_P97tWNFoDZrqoJhSBBH8WZC1NnBCAe-k\/pr:1200x630\/aHR0cDovL21lZGlhMi5kZXNpZ25wYXJ0bmVyLmZyL2MvcC1zaG9wcGluZy1jdXN0b20tVEgvMTM2NS8xMzY1LTE4NTYtMS5qcGc?v=1737556834"]},"country_origin":"BD","traceability":{"manufacturing_country_id":null,"weaving_country_id":null,"dyeing_country_id":null},"sizes":[{"id":3,"article_id":34713,"class_id":3,"name":"S","on_standby":false,"stock_local":0,"stock_global":331,"multiple":1,"estimated_date_reassort":null,"is_destocking":false},{"id":2,"article_id":34714,"class_id":4,"name":"M","on_standby":false,"stock_local":0,"stock_global":1261,"multiple":1,"estimated_date_reassort":null,"is_destocking":false},{"id":1,"article_id":34715,"class_id":5,"name":"L","on_standby":false,"stock_local":0,"stock_global":1476,"multiple":1,"estimated_date_reassort":null,"is_destocking":false},{"id":4,"article_id":34716,"class_id":6,"name":"XL","on_standby":false,"stock_local":0,"stock_global":1233,"multiple":1,"estimated_date_reassort":null,"is_destocking":false},{"id":1116,"article_id":244240,"class_id":7,"name":"2XL","on_standby":false,"stock_local":0,"stock_global":228,"multiple":1,"estimated_date_reassort":null,"is_destocking":false},{"id":1081,"article_id":234863,"class_id":8,"name":"3XL","on_standby":false,"stock_local":0,"stock_global":337,"multiple":1,"estimated_date_reassort":null,"is_destocking":false}],"page_links":{"fr":"\/fr\/p-ka-k239-polo-homme-manches-courtes-k239-1365\/white-1856\/","en":"\/en\/p-ka-k239-mens-short-sleeve-polo-k239-1365\/white-1856\/","de":"\/de\/p-ka-k239-polo-herren-kurzarm-k239-1365\/white-1856\/","nl":"\/nl\/p-ka-k239-polo-man-korte-mouwen-k239-1365\/white-1856\/","es":"\/es\/p-ka-k239-polo-manga-corta-para-hombre-k239-1365\/white-1856\/","it":"\/it\/p-ka-k239-polo-uomo-maniche-corte-k239-1365\/white-1856\/","sv":"\/sv\/p-ka-k239-herrpolotroja-korta-armar-k239-1365\/white-1856\/","pt":"\/pt\/p-ka-k239-polo-homem-mangas-curtas-k239-1365\/white-1856\/","da":"\/da\/p-ka-k239-polo-mand-kortaermet-k239-1365\/white-1856\/","pl":"\/pl\/p-ka-k239-polo-mezczyzna-krotkie-rekawy-k239-1365\/white-1856\/"},"page_links_customization":{"fr":"\/fr\/p-ka-k239-polo-homme-manches-courtes-mike-k239-personnalisation-1365\/white-1856\/custom\/","en":"\/en\/p-ka-k239-short-sleeved-mike-k239-customizable-mens-polo-1365\/white-1856\/custom\/","de":"\/de\/p-ka-k239-polo-manner-kurzarmel-mike-k239-personalisierung-1365\/white-1856\/custom\/","nl":"\/nl\/p-ka-k239-heren-polo-korte-mouwen-mike-k239-personalisatie-1365\/white-1856\/custom\/","es":"\/es\/p-ka-k239-polo-hombre-manga-corta-mike-k239-personalizacion-1365\/white-1856\/custom\/","it":"\/it\/p-ka-k239-polo-uomo-maniche-corte-mike-k239-personalizzazione-1365\/white-1856\/custom\/","sv":"\/sv\/p-ka-k239-polo-herr-kortarmad-mike-k239-personalisering-1365\/white-1856\/custom\/","pt":"\/pt\/p-ka-k239-camisa-polo-homem-mangas-curtas-mike-k239-personalizacao-1365\/white-1856\/custom\/","da":"\/da\/p-ka-k239-mandspolo-kortaermet-mike-k239-personliggorelse-1365\/white-1856\/custom\/","pl":"\/pl\/p-ka-k239-meski-polo-krotkich-rekawow-mike-k239-personalizacja-1365\/white-1856\/custom\/"}},{"id":1397,"name":"dark_grey","class_ids":[3],"codes_hexa":["828991"],"delai_24":false,"has_3d":false,"seuil_global":0,"stock_local":0,"stock_global":3480,"on_standby":false,"in_catalog":true,"images":{"miniature":["https:\/\/media.th4.com\/ZHGG9VUJaEb0Q_BrV_juasE75ft06aJrl6FKhQt2v5g\/pr:80\/aHR0cDovL21lZGlhMi5kZXNpZ25wYXJ0bmVyLmZyL2MvcC8xMzY1LzEzNjUtMTM5Ny0xLmpwZw?v=1638344040","https:\/\/media.th4.com\/dPLp-1N1DG47ky2nQuVpg7FKk7jbBOj0HoWC13Wioco\/pr:80\/aHR0cDovL21lZGlhMi5kZXNpZ25wYXJ0bmVyLmZyL2MvcC8xMzY1LzEzNjUtMTM5Ny0yLmpwZw?v=1638344040","https:\/\/media.th4.com\/bfN9y085RbjIlZCYT8QPN9EclxarurAxl3TDXufoAM8\/pr:80\/aHR0cDovL21lZGlhMi5kZXNpZ25wYXJ0bmVyLmZyL2MvcC8xMzY1LzEzNjUtMTM5Ny0zLmpwZw?v=1638344041"],"medium":["https:\/\/media.th4.com\/4zwEP6aOxbfL5b6cqdkepIdtlIHAK12axiKcXUKySxg\/pr:550x550\/aHR0cDovL21lZGlhMi5kZXNpZ25wYXJ0bmVyLmZyL2MvcC8xMzY1LzEzNjUtMTM5Ny0xLmpwZw?v=1638344040","https:\/\/media.th4.com\/Ac_y_aChMtzCH8w9feOAD3_RgatNNejIbW8KhG1WtRs\/pr:550x550\/aHR0cDovL21lZGlhMi5kZXNpZ25wYXJ0bmVyLmZyL2MvcC8xMzY1LzEzNjUtMTM5Ny0yLmpwZw?v=1638344040","https:\/\/media.th4.com\/L8oeQ93Gfj14nzOj_XXaHVw_fUVFmepDtSeOcertKcY\/pr:550x550\/aHR0cDovL21lZGlhMi5kZXNpZ25wYXJ0bmVyLmZyL2MvcC8xMzY1LzEzNjUtMTM5Ny0zLmpwZw?v=1638344041"],"medium_large":["https:\/\/media.th4.com\/AMWjrmisNHLNjCszCvzxFJBwuz4ZSxNlCuvaqLlj23Q\/pr:1000x1000\/aHR0cDovL21lZGlhMi5kZXNpZ25wYXJ0bmVyLmZyL2MvcC8xMzY1LzEzNjUtMTM5Ny0xLmpwZw?v=1638344040","https:\/\/media.th4.com\/bIa2CzyNrU4N6eB-54a4pnbwrl-j0Iurm2l6eDe0liQ\/pr:1000x1000\/aHR0cDovL21lZGlhMi5kZXNpZ25wYXJ0bmVyLmZyL2MvcC8xMzY1LzEzNjUtMTM5Ny0yLmpwZw?v=1638344040","https:\/\/media.th4.com\/IPcO3aXyl6w5q5g7bpqeFbOk4zFoQp3J-z_fhRXSnvk\/pr:1000x1000\/aHR0cDovL21lZGlhMi5kZXNpZ25wYXJ0bmVyLmZyL2MvcC8xMzY1LzEzNjUtMTM5Ny0zLmpwZw?v=1638344041"],"large":["https:\/\/media.th4.com\/yHfZ8LytrDHRXmqg8U8EsJejII9yQx2OczpX-XzGx8Q\/pr:1920\/aHR0cDovL21lZGlhMi5kZXNpZ25wYXJ0bmVyLmZyL2MvcC8xMzY1LzEzNjUtMTM5Ny0xLmpwZw?v=1638344040","https:\/\/media.th4.com\/VPrJVcCsa55kfbQaG6UQ3aVZVMdHjiNGhebOLPEzMhM\/pr:1920\/aHR0cDovL21lZGlhMi5kZXNpZ25wYXJ0bmVyLmZyL2MvcC8xMzY1LzEzNjUtMTM5Ny0yLmpwZw?v=1638344040","https:\/\/media.th4.com\/AbayIV7fBWpxVaCZ9q9YXwQGy-HU8KkFqK71UOOAW2E\/pr:1920\/aHR0cDovL21lZGlhMi5kZXNpZ25wYXJ0bmVyLmZyL2MvcC8xMzY1LzEzNjUtMTM5Ny0zLmpwZw?v=1638344041"],"opengraph":["https:\/\/media.th4.com\/9dmUVycHLe1UrvnQPBeODEJ0U-oBGamch_JVVrANhDg\/pr:1200x630\/aHR0cDovL21lZGlhMi5kZXNpZ25wYXJ0bmVyLmZyL2MvcC8xMzY1LzEzNjUtMTM5Ny0xLmpwZw?v=1638344040","https:\/\/media.th4.com\/5OAhitmIOzWAKZaqjcBiypvJJFuoxP_Z0z_yn9WOJbw\/pr:1200x630\/aHR0cDovL21lZGlhMi5kZXNpZ25wYXJ0bmVyLmZyL2MvcC8xMzY1LzEzNjUtMTM5Ny0yLmpwZw?v=1638344040","https:\/\/media.th4.com\/JC-4PA7aF971s5wS87CR2GxOxEB4wXHONWg78TjEP4M\/pr:1200x630\/aHR0cDovL21lZGlhMi5kZXNpZ25wYXJ0bmVyLmZyL2MvcC8xMzY1LzEzNjUtMTM5Ny0zLmpwZw?v=1638344041"]},"images_customization":{"miniature":["https:\/\/media.th4.com\/iljDPbfEQThXWmj_Zu1AlW6h804SA4QlHaXHA_R8_yo\/pr:80\/aHR0cDovL21lZGlhMi5kZXNpZ25wYXJ0bmVyLmZyL2MvcC1zaG9wcGluZy1jdXN0b20tVEgvMTM2NS8xMzY1LTEzOTctMS5qcGc?v=1737556834"],"medium":["https:\/\/media.th4.com\/HwyxQynaexKASAfKA3gTP-xwCobgdkMEI4FKSJy-ryA\/pr:550x550\/aHR0cDovL21lZGlhMi5kZXNpZ25wYXJ0bmVyLmZyL2MvcC1zaG9wcGluZy1jdXN0b20tVEgvMTM2NS8xMzY1LTEzOTctMS5qcGc?v=1737556834"],"medium_large":["https:\/\/media.th4.com\/r6dQNwpegABND1jjGCtr0it-fq22_gFbTLpXHHbQaNA\/pr:1000x1000\/aHR0cDovL21lZGlhMi5kZXNpZ25wYXJ0bmVyLmZyL2MvcC1zaG9wcGluZy1jdXN0b20tVEgvMTM2NS8xMzY1LTEzOTctMS5qcGc?v=1737556834"],"large":["https:\/\/media.th4.com\/-TtM9kdIVYVmkletD2VTbdN98PXWGiPiQTbod8c5dwU\/pr:1920\/aHR0cDovL21lZGlhMi5kZXNpZ25wYXJ0bmVyLmZyL2MvcC1zaG9wcGluZy1jdXN0b20tVEgvMTM2NS8xMzY1LTEzOTctMS5qcGc?v=1737556834"],"opengraph":["https:\/\/media.th4.com\/rdoCtW93gQR0AD4iGFznjzP1zRLJQdX_yVg_g4MCki0\/pr:1200x630\/aHR0cDovL21lZGlhMi5kZXNpZ25wYXJ0bmVyLmZyL2MvcC1zaG9wcGluZy1jdXN0b20tVEgvMTM2NS8xMzY1LTEzOTctMS5qcGc?v=1737556834"]},"country_origin":"BD","traceability":{"manufacturing_country_id":null,"weaving_country_id":null,"dyeing_country_id":null},"sizes":[{"id":3,"article_id":99314,"class_id":3,"name":"S","on_standby":false,"stock_local":0,"stock_global":358,"multiple":1,"estimated_date_reassort":null,"is_destocking":false},{"id":2,"article_id":99317,"class_id":4,"name":"M","on_standby":false,"stock_local":0,"stock_global":912,"multiple":1,"estimated_date_reassort":null,"is_destocking":false},{"id":1,"article_id":99320,"class_id":5,"name":"L","on_standby":false,"stock_local":0,"stock_global":764,"multiple":1,"estimated_date_reassort":null,"is_destocking":false},{"id":4,"article_id":99323,"class_id":6,"name":"XL","on_standby":false,"stock_local":0,"stock_global":837,"multiple":1,"estimated_date_reassort":null,"is_destocking":false},{"id":1116,"article_id":248165,"class_id":7,"name":"2XL","on_standby":false,"stock_local":0,"stock_global":415,"multiple":1,"estimated_date_reassort":null,"is_destocking":false},{"id":1081,"article_id":235926,"class_id":8,"name":"3XL","on_standby":false,"stock_local":0,"stock_global":194,"multiple":1,"estimated_date_reassort":null,"is_destocking":false}],"page_links":{"fr":"\/fr\/p-ka-k239-polo-homme-manches-courtes-k239-1365\/dark-grey-1397\/","en":"\/en\/p-ka-k239-mens-short-sleeve-polo-k239-1365\/dark-grey-1397\/","de":"\/de\/p-ka-k239-polo-herren-kurzarm-k239-1365\/dark-grey-1397\/","nl":"\/nl\/p-ka-k239-polo-man-korte-mouwen-k239-1365\/dark-grey-1397\/","es":"\/es\/p-ka-k239-polo-manga-corta-para-hombre-k239-1365\/dark-grey-1397\/","it":"\/it\/p-ka-k239-polo-uomo-maniche-corte-k239-1365\/dark-grey-1397\/","sv":"\/sv\/p-ka-k239-herrpolotroja-korta-armar-k239-1365\/dark-grey-1397\/","pt":"\/pt\/p-ka-k239-polo-homem-mangas-curtas-k239-1365\/dark-grey-1397\/","da":"\/da\/p-ka-k239-polo-mand-kortaermet-k239-1365\/dark-grey-1397\/","pl":"\/pl\/p-ka-k239-polo-mezczyzna-krotkie-rekawy-k239-1365\/dark-grey-1397\/"},"page_links_customization":{"fr":"\/fr\/p-ka-k239-polo-homme-manches-courtes-mike-k239-personnalisation-1365\/dark-grey-1397\/custom\/","en":"\/en\/p-ka-k239-short-sleeved-mike-k239-customizable-mens-polo-1365\/dark-grey-1397\/custom\/","de":"\/de\/p-ka-k239-polo-manner-kurzarmel-mike-k239-personalisierung-1365\/dark-grey-1397\/custom\/","nl":"\/nl\/p-ka-k239-heren-polo-korte-mouwen-mike-k239-personalisatie-1365\/dark-grey-1397\/custom\/","es":"\/es\/p-ka-k239-polo-hombre-manga-corta-mike-k239-personalizacion-1365\/dark-grey-1397\/custom\/","it":"\/it\/p-ka-k239-polo-uomo-maniche-corte-mike-k239-personalizzazione-1365\/dark-grey-1397\/custom\/","sv":"\/sv\/p-ka-k239-polo-herr-kortarmad-mike-k239-personalisering-1365\/dark-grey-1397\/custom\/","pt":"\/pt\/p-ka-k239-camisa-polo-homem-mangas-curtas-mike-k239-personalizacao-1365\/dark-grey-1397\/custom\/","da":"\/da\/p-ka-k239-mandspolo-kortaermet-mike-k239-personliggorelse-1365\/dark-grey-1397\/custom\/","pl":"\/pl\/p-ka-k239-meski-polo-krotkich-rekawow-mike-k239-personalizacja-1365\/dark-grey-1397\/custom\/"}},{"id":17746,"name":"sage","class_ids":[5],"codes_hexa":["99aca3"],"delai_24":false,"has_3d":false,"seuil_global":0,"stock_local":0,"stock_global":2233,"on_standby":false,"in_catalog":true,"images":{"miniature":["https:\/\/media.th4.com\/GbnDau0-39IIQhExw3LbjwDWbMPbvUj57ExTPkVzJRc\/pr:80\/aHR0cDovL21lZGlhMi5kZXNpZ25wYXJ0bmVyLmZyL2MvcC8xMzY1LzEzNjUtMTc3NDYtMS5qcGc?v=1696933401","https:\/\/media.th4.com\/y87B1ncMg5Uk6vPj0agBadgmbXASXzLaxEh4j3zlny0\/pr:80\/aHR0cDovL21lZGlhMi5kZXNpZ25wYXJ0bmVyLmZyL2MvcC8xMzY1LzEzNjUtMTc3NDYtMi5qcGc?v=1696933402","https:\/\/media.th4.com\/-14p9h3m8eufWq3LGVvxf3Xdnd5v5yk0FYbXLAunL8s\/pr:80\/aHR0cDovL21lZGlhMi5kZXNpZ25wYXJ0bmVyLmZyL2MvcC8xMzY1LzEzNjUtMTc3NDYtMy5qcGc?v=1696933403"],"medium":["https:\/\/media.th4.com\/mJtzKtkEgBe_88gukFkbEgeI9PHi4BmccqnEuvhysGc\/pr:550x550\/aHR0cDovL21lZGlhMi5kZXNpZ25wYXJ0bmVyLmZyL2MvcC8xMzY1LzEzNjUtMTc3NDYtMS5qcGc?v=1696933401","https:\/\/media.th4.com\/VD0GXEnVGWAieHmMzzEAdVj8trUJ8_9tdkxHOe4kHMo\/pr:550x550\/aHR0cDovL21lZGlhMi5kZXNpZ25wYXJ0bmVyLmZyL2MvcC8xMzY1LzEzNjUtMTc3NDYtMi5qcGc?v=1696933402","https:\/\/media.th4.com\/xmuj1_BP6_Dja9FH4cUloimCNryPLH20xYS4sctFVj0\/pr:550x550\/aHR0cDovL21lZGlhMi5kZXNpZ25wYXJ0bmVyLmZyL2MvcC8xMzY1LzEzNjUtMTc3NDYtMy5qcGc?v=1696933403"],"medium_large":["https:\/\/media.th4.com\/99LbNJ5x0KDBMGRWhfY9HOq7XB7ZF9xwd1i1m5eKe2Y\/pr:1000x1000\/aHR0cDovL21lZGlhMi5kZXNpZ25wYXJ0bmVyLmZyL2MvcC8xMzY1LzEzNjUtMTc3NDYtMS5qcGc?v=1696933401","https:\/\/media.th4.com\/eErmKn0j69Z8C-8A0hdzjlda_xMpgt5siLi8ddHRr7Y\/pr:1000x1000\/aHR0cDovL21lZGlhMi5kZXNpZ25wYXJ0bmVyLmZyL2MvcC8xMzY1LzEzNjUtMTc3NDYtMi5qcGc?v=1696933402","https:\/\/media.th4.com\/nI1jfCGp7qPwL1G0iFH0ptnBGXZG8zeEc7kiOu8LWh4\/pr:1000x1000\/aHR0cDovL21lZGlhMi5kZXNpZ25wYXJ0bmVyLmZyL2MvcC8xMzY1LzEzNjUtMTc3NDYtMy5qcGc?v=1696933403"],"large":["https:\/\/media.th4.com\/yR2qUXLA3drvcRJwc3FqplaXV-dyJQ8wADKGiUxp7sI\/pr:1920\/aHR0cDovL21lZGlhMi5kZXNpZ25wYXJ0bmVyLmZyL2MvcC8xMzY1LzEzNjUtMTc3NDYtMS5qcGc?v=1696933401","https:\/\/media.th4.com\/-gkYH29eM7u0Tde31-44fXFybDj7l12_IfZVc4CeeZY\/pr:1920\/aHR0cDovL21lZGlhMi5kZXNpZ25wYXJ0bmVyLmZyL2MvcC8xMzY1LzEzNjUtMTc3NDYtMi5qcGc?v=1696933402","https:\/\/media.th4.com\/bC1vipmT9wPUguQOlKuKYixQIMmqvJcCsMx8ejW2bkI\/pr:1920\/aHR0cDovL21lZGlhMi5kZXNpZ25wYXJ0bmVyLmZyL2MvcC8xMzY1LzEzNjUtMTc3NDYtMy5qcGc?v=1696933403"],"opengraph":["https:\/\/media.th4.com\/1DFCUYLyL814kmpftKzhEZ7rF8DckbEwvr08fnRxOvY\/pr:1200x630\/aHR0cDovL21lZGlhMi5kZXNpZ25wYXJ0bmVyLmZyL2MvcC8xMzY1LzEzNjUtMTc3NDYtMS5qcGc?v=1696933401","https:\/\/media.th4.com\/9mGrHlnTvPcHNmaHhPYTfUkv7vkE8k5YwW_KrQkKxcY\/pr:1200x630\/aHR0cDovL21lZGlhMi5kZXNpZ25wYXJ0bmVyLmZyL2MvcC8xMzY1LzEzNjUtMTc3NDYtMi5qcGc?v=1696933402","https:\/\/media.th4.com\/sIWiJAzZ-0re5pT_yZvXIWZ3s06IPWR99dFejZgB3wA\/pr:1200x630\/aHR0cDovL21lZGlhMi5kZXNpZ25wYXJ0bmVyLmZyL2MvcC8xMzY1LzEzNjUtMTc3NDYtMy5qcGc?v=1696933403"]},"images_customization":{"miniature":["https:\/\/media.th4.com\/WIuiIN8_7BFn6Fjo7XzXbd7KV5f1n3GzbomUIXuUans\/pr:80\/aHR0cDovL21lZGlhMi5kZXNpZ25wYXJ0bmVyLmZyL2MvcC1zaG9wcGluZy1jdXN0b20tVEgvMTM2NS8xMzY1LTE3NzQ2LTEuanBn?v=1737556834"],"medium":["https:\/\/media.th4.com\/wX6VRVO3jYr86zBv47NfZxrxP7YoHNtHujXqBx-6Hcc\/pr:550x550\/aHR0cDovL21lZGlhMi5kZXNpZ25wYXJ0bmVyLmZyL2MvcC1zaG9wcGluZy1jdXN0b20tVEgvMTM2NS8xMzY1LTE3NzQ2LTEuanBn?v=1737556834"],"medium_large":["https:\/\/media.th4.com\/6ZC2oZTfu4e8HWFkeHHCrVWaFBT1MWbUkOLM8XIuf6U\/pr:1000x1000\/aHR0cDovL21lZGlhMi5kZXNpZ25wYXJ0bmVyLmZyL2MvcC1zaG9wcGluZy1jdXN0b20tVEgvMTM2NS8xMzY1LTE3NzQ2LTEuanBn?v=1737556834"],"large":["https:\/\/media.th4.com\/ZPSV6imFti3PYlCIp3W5l--7VuJAW-Hkq_tdhPAU2Fk\/pr:1920\/aHR0cDovL21lZGlhMi5kZXNpZ25wYXJ0bmVyLmZyL2MvcC1zaG9wcGluZy1jdXN0b20tVEgvMTM2NS8xMzY1LTE3NzQ2LTEuanBn?v=1737556834"],"opengraph":["https:\/\/media.th4.com\/rbpWB-EsfUif9IO2OnlTWD6L-p1d9APqivTJceZEjsU\/pr:1200x630\/aHR0cDovL21lZGlhMi5kZXNpZ25wYXJ0bmVyLmZyL2MvcC1zaG9wcGluZy1jdXN0b20tVEgvMTM2NS8xMzY1LTE3NzQ2LTEuanBn?v=1737556834"]},"country_origin":"BD","traceability":{"manufacturing_country_id":null,"weaving_country_id":null,"dyeing_country_id":null},"sizes":[{"id":3,"article_id":426299,"class_id":3,"name":"S","on_standby":false,"stock_local":0,"stock_global":51,"multiple":1,"estimated_date_reassort":null,"is_destocking":false},{"id":2,"article_id":426302,"class_id":4,"name":"M","on_standby":false,"stock_local":0,"stock_global":508,"multiple":1,"estimated_date_reassort":null,"is_destocking":false},{"id":1,"article_id":426305,"class_id":5,"name":"L","on_standby":false,"stock_local":0,"stock_global":753,"multiple":1,"estimated_date_reassort":null,"is_destocking":false},{"id":4,"article_id":426308,"class_id":6,"name":"XL","on_standby":false,"stock_local":0,"stock_global":536,"multiple":1,"estimated_date_reassort":null,"is_destocking":false},{"id":1116,"article_id":426311,"class_id":7,"name":"2XL","on_standby":false,"stock_local":0,"stock_global":239,"multiple":1,"estimated_date_reassort":null,"is_destocking":false},{"id":1081,"article_id":426314,"class_id":8,"name":"3XL","on_standby":false,"stock_local":0,"stock_global":146,"multiple":1,"estimated_date_reassort":null,"is_destocking":false}],"page_links":{"fr":"\/fr\/p-ka-k239-polo-homme-manches-courtes-k239-1365\/sage-17746\/","en":"\/en\/p-ka-k239-mens-short-sleeve-polo-k239-1365\/sage-17746\/","de":"\/de\/p-ka-k239-polo-herren-kurzarm-k239-1365\/sage-17746\/","nl":"\/nl\/p-ka-k239-polo-man-korte-mouwen-k239-1365\/sage-17746\/","es":"\/es\/p-ka-k239-polo-manga-corta-para-hombre-k239-1365\/sage-17746\/","it":"\/it\/p-ka-k239-polo-uomo-maniche-corte-k239-1365\/sage-17746\/","sv":"\/sv\/p-ka-k239-herrpolotroja-korta-armar-k239-1365\/sage-17746\/","pt":"\/pt\/p-ka-k239-polo-homem-mangas-curtas-k239-1365\/sage-17746\/","da":"\/da\/p-ka-k239-polo-mand-kortaermet-k239-1365\/sage-17746\/","pl":"\/pl\/p-ka-k239-polo-mezczyzna-krotkie-rekawy-k239-1365\/sage-17746\/"},"page_links_customization":{"fr":"\/fr\/p-ka-k239-polo-homme-manches-courtes-mike-k239-personnalisation-1365\/sage-17746\/custom\/","en":"\/en\/p-ka-k239-short-sleeved-mike-k239-customizable-mens-polo-1365\/sage-17746\/custom\/","de":"\/de\/p-ka-k239-polo-manner-kurzarmel-mike-k239-personalisierung-1365\/sage-17746\/custom\/","nl":"\/nl\/p-ka-k239-heren-polo-korte-mouwen-mike-k239-personalisatie-1365\/sage-17746\/custom\/","es":"\/es\/p-ka-k239-polo-hombre-manga-corta-mike-k239-personalizacion-1365\/sage-17746\/custom\/","it":"\/it\/p-ka-k239-polo-uomo-maniche-corte-mike-k239-personalizzazione-1365\/sage-17746\/custom\/","sv":"\/sv\/p-ka-k239-polo-herr-kortarmad-mike-k239-personalisering-1365\/sage-17746\/custom\/","pt":"\/pt\/p-ka-k239-camisa-polo-homem-mangas-curtas-mike-k239-personalizacao-1365\/sage-17746\/custom\/","da":"\/da\/p-ka-k239-mandspolo-kortaermet-mike-k239-personliggorelse-1365\/sage-17746\/custom\/","pl":"\/pl\/p-ka-k239-meski-polo-krotkich-rekawow-mike-k239-personalizacja-1365\/sage-17746\/custom\/"}},{"id":1262,"name":"red","class_ids":[6],"codes_hexa":["dc0210"],"delai_24":false,"has_3d":false,"seuil_global":0,"stock_local":0,"stock_global":2171,"on_standby":false,"in_catalog":true,"images":{"miniature":["https:\/\/media.th4.com\/AcuwMGeF45R_9rnICEYaK0EvVmsm1n-iW1U2OZY-IkI\/pr:80\/aHR0cDovL21lZGlhMi5kZXNpZ25wYXJ0bmVyLmZyL2MvcC8xMzY1LzEzNjUtMTI2Mi0xLmpwZw?v=1638344040","https:\/\/media.th4.com\/77KWS-uwOBvJ90Lm3-mq3hEJDqgpm_95SAYRss_7Uu4\/pr:80\/aHR0cDovL21lZGlhMi5kZXNpZ25wYXJ0bmVyLmZyL2MvcC8xMzY1LzEzNjUtMTI2Mi0yLmpwZw?v=1638344040","https:\/\/media.th4.com\/0grzw9mZgPNOxzpgVGo4ZtT6VrJseEoNgybGDVy1J5Y\/pr:80\/aHR0cDovL21lZGlhMi5kZXNpZ25wYXJ0bmVyLmZyL2MvcC8xMzY1LzEzNjUtMTI2Mi0zLmpwZw?v=1638344040"],"medium":["https:\/\/media.th4.com\/UWhTCdY2lMHNJqaFVEKj7yFPyh9pvfKVay4H5iaflsU\/pr:550x550\/aHR0cDovL21lZGlhMi5kZXNpZ25wYXJ0bmVyLmZyL2MvcC8xMzY1LzEzNjUtMTI2Mi0xLmpwZw?v=1638344040","https:\/\/media.th4.com\/BL1XrcqcTlsonurvl4ZsQANH1KPUsnwrjpXFoF1vcdU\/pr:550x550\/aHR0cDovL21lZGlhMi5kZXNpZ25wYXJ0bmVyLmZyL2MvcC8xMzY1LzEzNjUtMTI2Mi0yLmpwZw?v=1638344040","https:\/\/media.th4.com\/wHNq3BaLrn8GXT6zMShM4LKWEZOP8ryT0aRgop_YT_I\/pr:550x550\/aHR0cDovL21lZGlhMi5kZXNpZ25wYXJ0bmVyLmZyL2MvcC8xMzY1LzEzNjUtMTI2Mi0zLmpwZw?v=1638344040"],"medium_large":["https:\/\/media.th4.com\/34toQqE0gZBE7RobIagOhBQEMDXlN_xlL48XRevU_tQ\/pr:1000x1000\/aHR0cDovL21lZGlhMi5kZXNpZ25wYXJ0bmVyLmZyL2MvcC8xMzY1LzEzNjUtMTI2Mi0xLmpwZw?v=1638344040","https:\/\/media.th4.com\/_mLWgJro11pgaaUrChOXrlNhfDDn1D3EiKih31_0fxk\/pr:1000x1000\/aHR0cDovL21lZGlhMi5kZXNpZ25wYXJ0bmVyLmZyL2MvcC8xMzY1LzEzNjUtMTI2Mi0yLmpwZw?v=1638344040","https:\/\/media.th4.com\/7EZisxJ7pk51Hp9r6AePIUTjnZkbTLxkq7Lj5lHxt7o\/pr:1000x1000\/aHR0cDovL21lZGlhMi5kZXNpZ25wYXJ0bmVyLmZyL2MvcC8xMzY1LzEzNjUtMTI2Mi0zLmpwZw?v=1638344040"],"large":["https:\/\/media.th4.com\/GPnpdGccvjzigcZBMTXlQuvUh135jn_Wz6f0K5rkLVY\/pr:1920\/aHR0cDovL21lZGlhMi5kZXNpZ25wYXJ0bmVyLmZyL2MvcC8xMzY1LzEzNjUtMTI2Mi0xLmpwZw?v=1638344040","https:\/\/media.th4.com\/yDRi0xX24AIRy8gjMiqONLjbnVAv6b4AyXw5nw8mIDU\/pr:1920\/aHR0cDovL21lZGlhMi5kZXNpZ25wYXJ0bmVyLmZyL2MvcC8xMzY1LzEzNjUtMTI2Mi0yLmpwZw?v=1638344040","https:\/\/media.th4.com\/J3r3EDuFk9_isQgywVE6yPt8tUjhryW23I86rxeeWH4\/pr:1920\/aHR0cDovL21lZGlhMi5kZXNpZ25wYXJ0bmVyLmZyL2MvcC8xMzY1LzEzNjUtMTI2Mi0zLmpwZw?v=1638344040"],"opengraph":["https:\/\/media.th4.com\/ePKJe-BMFCU2sKbh-nSJ2iSkhcIuLbAPqkvYYep8oQw\/pr:1200x630\/aHR0cDovL21lZGlhMi5kZXNpZ25wYXJ0bmVyLmZyL2MvcC8xMzY1LzEzNjUtMTI2Mi0xLmpwZw?v=1638344040","https:\/\/media.th4.com\/9vto5hsP_h48KLi6IvrUcUNvr-_g09GJz4vKhlBvp8s\/pr:1200x630\/aHR0cDovL21lZGlhMi5kZXNpZ25wYXJ0bmVyLmZyL2MvcC8xMzY1LzEzNjUtMTI2Mi0yLmpwZw?v=1638344040","https:\/\/media.th4.com\/KvsA61WEixdapK-_12WQ74Myj48nzWVsO6BqD-wEEH8\/pr:1200x630\/aHR0cDovL21lZGlhMi5kZXNpZ25wYXJ0bmVyLmZyL2MvcC8xMzY1LzEzNjUtMTI2Mi0zLmpwZw?v=1638344040"]},"images_customization":{"miniature":["https:\/\/media.th4.com\/oMMBgg3tYjf8cFKyO488AdIaT2K6V0HPYnNOoVEmIVY\/pr:80\/aHR0cDovL21lZGlhMi5kZXNpZ25wYXJ0bmVyLmZyL2MvcC1zaG9wcGluZy1jdXN0b20tVEgvMTM2NS8xMzY1LTEyNjItMS5qcGc?v=1737556834"],"medium":["https:\/\/media.th4.com\/3tcgg5K8vEHLPaNETN8aSODVnN4_78IIXYi0zMA5Jf8\/pr:550x550\/aHR0cDovL21lZGlhMi5kZXNpZ25wYXJ0bmVyLmZyL2MvcC1zaG9wcGluZy1jdXN0b20tVEgvMTM2NS8xMzY1LTEyNjItMS5qcGc?v=1737556834"],"medium_large":["https:\/\/media.th4.com\/51m9sh_N_lRVvicoXKH_QE08CE51Tj8ccjDsL9cXHIU\/pr:1000x1000\/aHR0cDovL21lZGlhMi5kZXNpZ25wYXJ0bmVyLmZyL2MvcC1zaG9wcGluZy1jdXN0b20tVEgvMTM2NS8xMzY1LTEyNjItMS5qcGc?v=1737556834"],"large":["https:\/\/media.th4.com\/sxy_D_NdTeZmm12_ESpkertfXOW-j14EiTnifyOZ2l4\/pr:1920\/aHR0cDovL21lZGlhMi5kZXNpZ25wYXJ0bmVyLmZyL2MvcC1zaG9wcGluZy1jdXN0b20tVEgvMTM2NS8xMzY1LTEyNjItMS5qcGc?v=1737556834"],"opengraph":["https:\/\/media.th4.com\/Ua3SSYwNVC65Rki6Ws0h4OMg5NO9_0SityaS5YV7m9M\/pr:1200x630\/aHR0cDovL21lZGlhMi5kZXNpZ25wYXJ0bmVyLmZyL2MvcC1zaG9wcGluZy1jdXN0b20tVEgvMTM2NS8xMzY1LTEyNjItMS5qcGc?v=1737556834"]},"country_origin":"BD","traceability":{"manufacturing_country_id":null,"weaving_country_id":null,"dyeing_country_id":null},"sizes":[{"id":3,"article_id":34707,"class_id":3,"name":"S","on_standby":false,"stock_local":0,"stock_global":62,"multiple":1,"estimated_date_reassort":null,"is_destocking":false},{"id":2,"article_id":34708,"class_id":4,"name":"M","on_standby":false,"stock_local":0,"stock_global":653,"multiple":1,"estimated_date_reassort":null,"is_destocking":false},{"id":1,"article_id":34709,"class_id":5,"name":"L","on_standby":false,"stock_local":0,"stock_global":671,"multiple":1,"estimated_date_reassort":null,"is_destocking":false},{"id":4,"article_id":34710,"class_id":6,"name":"XL","on_standby":false,"stock_local":0,"stock_global":488,"multiple":1,"estimated_date_reassort":null,"is_destocking":false},{"id":1116,"article_id":244239,"class_id":7,"name":"2XL","on_standby":false,"stock_local":0,"stock_global":196,"multiple":1,"estimated_date_reassort":null,"is_destocking":false},{"id":1081,"article_id":234862,"class_id":8,"name":"3XL","on_standby":false,"stock_local":0,"stock_global":101,"multiple":1,"estimated_date_reassort":null,"is_destocking":false}],"page_links":{"fr":"\/fr\/p-ka-k239-polo-homme-manches-courtes-k239-1365\/red-1262\/","en":"\/en\/p-ka-k239-mens-short-sleeve-polo-k239-1365\/red-1262\/","de":"\/de\/p-ka-k239-polo-herren-kurzarm-k239-1365\/red-1262\/","nl":"\/nl\/p-ka-k239-polo-man-korte-mouwen-k239-1365\/red-1262\/","es":"\/es\/p-ka-k239-polo-manga-corta-para-hombre-k239-1365\/red-1262\/","it":"\/it\/p-ka-k239-polo-uomo-maniche-corte-k239-1365\/red-1262\/","sv":"\/sv\/p-ka-k239-herrpolotroja-korta-armar-k239-1365\/red-1262\/","pt":"\/pt\/p-ka-k239-polo-homem-mangas-curtas-k239-1365\/red-1262\/","da":"\/da\/p-ka-k239-polo-mand-kortaermet-k239-1365\/red-1262\/","pl":"\/pl\/p-ka-k239-polo-mezczyzna-krotkie-rekawy-k239-1365\/red-1262\/"},"page_links_customization":{"fr":"\/fr\/p-ka-k239-polo-homme-manches-courtes-mike-k239-personnalisation-1365\/red-1262\/custom\/","en":"\/en\/p-ka-k239-short-sleeved-mike-k239-customizable-mens-polo-1365\/red-1262\/custom\/","de":"\/de\/p-ka-k239-polo-manner-kurzarmel-mike-k239-personalisierung-1365\/red-1262\/custom\/","nl":"\/nl\/p-ka-k239-heren-polo-korte-mouwen-mike-k239-personalisatie-1365\/red-1262\/custom\/","es":"\/es\/p-ka-k239-polo-hombre-manga-corta-mike-k239-personalizacion-1365\/red-1262\/custom\/","it":"\/it\/p-ka-k239-polo-uomo-maniche-corte-mike-k239-personalizzazione-1365\/red-1262\/custom\/","sv":"\/sv\/p-ka-k239-polo-herr-kortarmad-mike-k239-personalisering-1365\/red-1262\/custom\/","pt":"\/pt\/p-ka-k239-camisa-polo-homem-mangas-curtas-mike-k239-personalizacao-1365\/red-1262\/custom\/","da":"\/da\/p-ka-k239-mandspolo-kortaermet-mike-k239-personliggorelse-1365\/red-1262\/custom\/","pl":"\/pl\/p-ka-k239-meski-polo-krotkich-rekawow-mike-k239-personalizacja-1365\/red-1262\/custom\/"}},{"id":16997,"name":"snow_grey","class_ids":[3],"codes_hexa":["b2b7b0"],"delai_24":false,"has_3d":false,"seuil_global":0,"stock_local":0,"stock_global":1174,"on_standby":false,"in_catalog":true,"images":{"miniature":["https:\/\/media.th4.com\/XioocAqjjQroDqvDZ5FvCMPzPJaBCRa7iIHMtCyRc64\/pr:80\/aHR0cDovL21lZGlhMi5kZXNpZ25wYXJ0bmVyLmZyL2MvcC8xMzY1LzEzNjUtMTY5OTctMS5qcGc?v=1696933405","https:\/\/media.th4.com\/6I63Hqv4n21O-5oWx35LFZU5cYvVjaZka1dtfPkDY4w\/pr:80\/aHR0cDovL21lZGlhMi5kZXNpZ25wYXJ0bmVyLmZyL2MvcC8xMzY1LzEzNjUtMTY5OTctMi5qcGc?v=1696933406","https:\/\/media.th4.com\/TZtkfkAKWv-iK_QnOnjyZ30l8z6FsdpEtW4TgEPTEVs\/pr:80\/aHR0cDovL21lZGlhMi5kZXNpZ25wYXJ0bmVyLmZyL2MvcC8xMzY1LzEzNjUtMTY5OTctMy5qcGc?v=1696933407"],"medium":["https:\/\/media.th4.com\/UN88GQcNj-SRrtyyfHBl-mrySWZCJqCTf2JAuTWizho\/pr:550x550\/aHR0cDovL21lZGlhMi5kZXNpZ25wYXJ0bmVyLmZyL2MvcC8xMzY1LzEzNjUtMTY5OTctMS5qcGc?v=1696933405","https:\/\/media.th4.com\/o5tPCOGnE49LkuAKWy91tc5GolHJOCDWqSSljR7qNzg\/pr:550x550\/aHR0cDovL21lZGlhMi5kZXNpZ25wYXJ0bmVyLmZyL2MvcC8xMzY1LzEzNjUtMTY5OTctMi5qcGc?v=1696933406","https:\/\/media.th4.com\/5hDoLlSY07eg5nu9WaWaYUob0SaPjV1Tyg3b3zJn3PQ\/pr:550x550\/aHR0cDovL21lZGlhMi5kZXNpZ25wYXJ0bmVyLmZyL2MvcC8xMzY1LzEzNjUtMTY5OTctMy5qcGc?v=1696933407"],"medium_large":["https:\/\/media.th4.com\/6Qesam9HEXMuimi3iXrbS_6PPNFbzUDVp_59guLZwNg\/pr:1000x1000\/aHR0cDovL21lZGlhMi5kZXNpZ25wYXJ0bmVyLmZyL2MvcC8xMzY1LzEzNjUtMTY5OTctMS5qcGc?v=1696933405","https:\/\/media.th4.com\/FwjGeptAfzKDqJ445gRCkT0WxKeLx2wisezorgzJ45Y\/pr:1000x1000\/aHR0cDovL21lZGlhMi5kZXNpZ25wYXJ0bmVyLmZyL2MvcC8xMzY1LzEzNjUtMTY5OTctMi5qcGc?v=1696933406","https:\/\/media.th4.com\/fXzJLmVZfFsFJhIcZyd3lAG0qaRnHmzZ6gOJybGJnDk\/pr:1000x1000\/aHR0cDovL21lZGlhMi5kZXNpZ25wYXJ0bmVyLmZyL2MvcC8xMzY1LzEzNjUtMTY5OTctMy5qcGc?v=1696933407"],"large":["https:\/\/media.th4.com\/P6GmVRMxEXN-JqS6WFZPthujIMjbIL1mHFpDVlLSmUc\/pr:1920\/aHR0cDovL21lZGlhMi5kZXNpZ25wYXJ0bmVyLmZyL2MvcC8xMzY1LzEzNjUtMTY5OTctMS5qcGc?v=1696933405","https:\/\/media.th4.com\/KcvbxbPRo03voxm0GrCram6_kFK3ta_o1Pm0esleqRc\/pr:1920\/aHR0cDovL21lZGlhMi5kZXNpZ25wYXJ0bmVyLmZyL2MvcC8xMzY1LzEzNjUtMTY5OTctMi5qcGc?v=1696933406","https:\/\/media.th4.com\/RXlqBbXkZcwy7GmLl1OW90C9TZNqqHOGs328HJwQFSM\/pr:1920\/aHR0cDovL21lZGlhMi5kZXNpZ25wYXJ0bmVyLmZyL2MvcC8xMzY1LzEzNjUtMTY5OTctMy5qcGc?v=1696933407"],"opengraph":["https:\/\/media.th4.com\/9iM4mCkuBj508mn5UWTBxGpCERZGScaL1Xn-gnilr4o\/pr:1200x630\/aHR0cDovL21lZGlhMi5kZXNpZ25wYXJ0bmVyLmZyL2MvcC8xMzY1LzEzNjUtMTY5OTctMS5qcGc?v=1696933405","https:\/\/media.th4.com\/m7qWkq7S2jjdNm9sE-mWb8VCSoAky_lNvlKhxxYpCo8\/pr:1200x630\/aHR0cDovL21lZGlhMi5kZXNpZ25wYXJ0bmVyLmZyL2MvcC8xMzY1LzEzNjUtMTY5OTctMi5qcGc?v=1696933406","https:\/\/media.th4.com\/nh0E-alW5FIb4JjuZSMjxLpLi2N0xTnxgPfx-ZcpNWk\/pr:1200x630\/aHR0cDovL21lZGlhMi5kZXNpZ25wYXJ0bmVyLmZyL2MvcC8xMzY1LzEzNjUtMTY5OTctMy5qcGc?v=1696933407"]},"images_customization":{"miniature":["https:\/\/media.th4.com\/k-P5-JD19rPg2j8CbdMYqnpVNPd3o5szM_99rS_Hx18\/pr:80\/aHR0cDovL21lZGlhMi5kZXNpZ25wYXJ0bmVyLmZyL2MvcC1zaG9wcGluZy1jdXN0b20tVEgvMTM2NS8xMzY1LTE2OTk3LTEuanBn?v=1737556834"],"medium":["https:\/\/media.th4.com\/TiKVvrpmMdPykzhwAgOobwyU8XHJNcqIorwc0Us31tY\/pr:550x550\/aHR0cDovL21lZGlhMi5kZXNpZ25wYXJ0bmVyLmZyL2MvcC1zaG9wcGluZy1jdXN0b20tVEgvMTM2NS8xMzY1LTE2OTk3LTEuanBn?v=1737556834"],"medium_large":["https:\/\/media.th4.com\/gRB-or0cH9a8tVz4q-df4JjzuCbeb1G1NXTOAeFrLa8\/pr:1000x1000\/aHR0cDovL21lZGlhMi5kZXNpZ25wYXJ0bmVyLmZyL2MvcC1zaG9wcGluZy1jdXN0b20tVEgvMTM2NS8xMzY1LTE2OTk3LTEuanBn?v=1737556834"],"large":["https:\/\/media.th4.com\/gwodGQ5zdIYdHGhkDbtY6seakq0rBmhhwHpsXsiO1wE\/pr:1920\/aHR0cDovL21lZGlhMi5kZXNpZ25wYXJ0bmVyLmZyL2MvcC1zaG9wcGluZy1jdXN0b20tVEgvMTM2NS8xMzY1LTE2OTk3LTEuanBn?v=1737556834"],"opengraph":["https:\/\/media.th4.com\/RfmkHTFP5WvoDwRl_SBqw0-wW_jX7J89K83xy07cf7A\/pr:1200x630\/aHR0cDovL21lZGlhMi5kZXNpZ25wYXJ0bmVyLmZyL2MvcC1zaG9wcGluZy1jdXN0b20tVEgvMTM2NS8xMzY1LTE2OTk3LTEuanBn?v=1737556834"]},"country_origin":"BD","traceability":{"manufacturing_country_id":null,"weaving_country_id":null,"dyeing_country_id":null},"sizes":[{"id":3,"article_id":426297,"class_id":3,"name":"S","on_standby":false,"stock_local":0,"stock_global":111,"multiple":1,"estimated_date_reassort":null,"is_destocking":false},{"id":2,"article_id":426300,"class_id":4,"name":"M","on_standby":false,"stock_local":0,"stock_global":258,"multiple":1,"estimated_date_reassort":null,"is_destocking":false},{"id":1,"article_id":426303,"class_id":5,"name":"L","on_standby":false,"stock_local":0,"stock_global":337,"multiple":1,"estimated_date_reassort":null,"is_destocking":false},{"id":4,"article_id":426306,"class_id":6,"name":"XL","on_standby":false,"stock_local":0,"stock_global":259,"multiple":1,"estimated_date_reassort":null,"is_destocking":false},{"id":1116,"article_id":426309,"class_id":7,"name":"2XL","on_standby":false,"stock_local":0,"stock_global":136,"multiple":1,"estimated_date_reassort":null,"is_destocking":false},{"id":1081,"article_id":426312,"class_id":8,"name":"3XL","on_standby":false,"stock_local":0,"stock_global":73,"multiple":1,"estimated_date_reassort":null,"is_destocking":false}],"page_links":{"fr":"\/fr\/p-ka-k239-polo-homme-manches-courtes-k239-1365\/snow-grey-16997\/","en":"\/en\/p-ka-k239-mens-short-sleeve-polo-k239-1365\/snow-grey-16997\/","de":"\/de\/p-ka-k239-polo-herren-kurzarm-k239-1365\/snow-grey-16997\/","nl":"\/nl\/p-ka-k239-polo-man-korte-mouwen-k239-1365\/snow-grey-16997\/","es":"\/es\/p-ka-k239-polo-manga-corta-para-hombre-k239-1365\/snow-grey-16997\/","it":"\/it\/p-ka-k239-polo-uomo-maniche-corte-k239-1365\/snow-grey-16997\/","sv":"\/sv\/p-ka-k239-herrpolotroja-korta-armar-k239-1365\/snow-grey-16997\/","pt":"\/pt\/p-ka-k239-polo-homem-mangas-curtas-k239-1365\/snow-grey-16997\/","da":"\/da\/p-ka-k239-polo-mand-kortaermet-k239-1365\/snow-grey-16997\/","pl":"\/pl\/p-ka-k239-polo-mezczyzna-krotkie-rekawy-k239-1365\/snow-grey-16997\/"},"page_links_customization":{"fr":"\/fr\/p-ka-k239-polo-homme-manches-courtes-mike-k239-personnalisation-1365\/snow-grey-16997\/custom\/","en":"\/en\/p-ka-k239-short-sleeved-mike-k239-customizable-mens-polo-1365\/snow-grey-16997\/custom\/","de":"\/de\/p-ka-k239-polo-manner-kurzarmel-mike-k239-personalisierung-1365\/snow-grey-16997\/custom\/","nl":"\/nl\/p-ka-k239-heren-polo-korte-mouwen-mike-k239-personalisatie-1365\/snow-grey-16997\/custom\/","es":"\/es\/p-ka-k239-polo-hombre-manga-corta-mike-k239-personalizacion-1365\/snow-grey-16997\/custom\/","it":"\/it\/p-ka-k239-polo-uomo-maniche-corte-mike-k239-personalizzazione-1365\/snow-grey-16997\/custom\/","sv":"\/sv\/p-ka-k239-polo-herr-kortarmad-mike-k239-personalisering-1365\/snow-grey-16997\/custom\/","pt":"\/pt\/p-ka-k239-camisa-polo-homem-mangas-curtas-mike-k239-personalizacao-1365\/snow-grey-16997\/custom\/","da":"\/da\/p-ka-k239-mandspolo-kortaermet-mike-k239-personliggorelse-1365\/snow-grey-16997\/custom\/","pl":"\/pl\/p-ka-k239-meski-polo-krotkich-rekawow-mike-k239-personalizacja-1365\/snow-grey-16997\/custom\/"}},{"id":1257,"name":"chocolate","class_ids":[11],"codes_hexa":["3f2723"],"delai_24":false,"has_3d":false,"seuil_global":0,"stock_local":0,"stock_global":0,"on_standby":true,"in_catalog":false,"images":{"miniature":null,"medium":null,"medium_large":null,"large":null,"opengraph":null},"images_customization":{"miniature":null,"medium":null,"medium_large":null,"large":null,"opengraph":null},"country_origin":"BD","traceability":{"manufacturing_country_id":null,"weaving_country_id":null,"dyeing_country_id":null},"sizes":[],"page_links":{"fr":"\/fr\/p-ka-k239-polo-homme-manches-courtes-k239-1365\/chocolate-1257\/","en":"\/en\/p-ka-k239-mens-short-sleeve-polo-k239-1365\/chocolate-1257\/","de":"\/de\/p-ka-k239-polo-herren-kurzarm-k239-1365\/chocolate-1257\/","nl":"\/nl\/p-ka-k239-polo-man-korte-mouwen-k239-1365\/chocolate-1257\/","es":"\/es\/p-ka-k239-polo-manga-corta-para-hombre-k239-1365\/chocolate-1257\/","it":"\/it\/p-ka-k239-polo-uomo-maniche-corte-k239-1365\/chocolate-1257\/","sv":"\/sv\/p-ka-k239-herrpolotroja-korta-armar-k239-1365\/chocolate-1257\/","pt":"\/pt\/p-ka-k239-polo-homem-mangas-curtas-k239-1365\/chocolate-1257\/","da":"\/da\/p-ka-k239-polo-mand-kortaermet-k239-1365\/chocolate-1257\/","pl":"\/pl\/p-ka-k239-polo-mezczyzna-krotkie-rekawy-k239-1365\/chocolate-1257\/"},"page_links_customization":{"fr":"\/fr\/p-ka-k239-polo-homme-manches-courtes-mike-k239-personnalisation-1365\/chocolate-1257\/custom\/","en":"\/en\/p-ka-k239-short-sleeved-mike-k239-customizable-mens-polo-1365\/chocolate-1257\/custom\/","de":"\/de\/p-ka-k239-polo-manner-kurzarmel-mike-k239-personalisierung-1365\/chocolate-1257\/custom\/","nl":"\/nl\/p-ka-k239-heren-polo-korte-mouwen-mike-k239-personalisatie-1365\/chocolate-1257\/custom\/","es":"\/es\/p-ka-k239-polo-hombre-manga-corta-mike-k239-personalizacion-1365\/chocolate-1257\/custom\/","it":"\/it\/p-ka-k239-polo-uomo-maniche-corte-mike-k239-personalizzazione-1365\/chocolate-1257\/custom\/","sv":"\/sv\/p-ka-k239-polo-herr-kortarmad-mike-k239-personalisering-1365\/chocolate-1257\/custom\/","pt":"\/pt\/p-ka-k239-camisa-polo-homem-mangas-curtas-mike-k239-personalizacao-1365\/chocolate-1257\/custom\/","da":"\/da\/p-ka-k239-mandspolo-kortaermet-mike-k239-personliggorelse-1365\/chocolate-1257\/custom\/","pl":"\/pl\/p-ka-k239-meski-polo-krotkich-rekawow-mike-k239-personalizacja-1365\/chocolate-1257\/custom\/"}},{"id":1255,"name":"sky_blue","class_ids":[2],"codes_hexa":["abcae6"],"delai_24":false,"has_3d":false,"seuil_global":0,"stock_local":0,"stock_global":0,"on_standby":true,"in_catalog":false,"images":{"miniature":null,"medium":null,"medium_large":null,"large":null,"opengraph":null},"images_customization":{"miniature":null,"medium":null,"medium_large":null,"large":null,"opengraph":null},"country_origin":"BD","traceability":{"manufacturing_country_id":null,"weaving_country_id":null,"dyeing_country_id":null},"sizes":[],"page_links":{"fr":"\/fr\/p-ka-k239-polo-homme-manches-courtes-k239-1365\/sky-blue-1255\/","en":"\/en\/p-ka-k239-mens-short-sleeve-polo-k239-1365\/sky-blue-1255\/","de":"\/de\/p-ka-k239-polo-herren-kurzarm-k239-1365\/sky-blue-1255\/","nl":"\/nl\/p-ka-k239-polo-man-korte-mouwen-k239-1365\/sky-blue-1255\/","es":"\/es\/p-ka-k239-polo-manga-corta-para-hombre-k239-1365\/sky-blue-1255\/","it":"\/it\/p-ka-k239-polo-uomo-maniche-corte-k239-1365\/sky-blue-1255\/","sv":"\/sv\/p-ka-k239-herrpolotroja-korta-armar-k239-1365\/sky-blue-1255\/","pt":"\/pt\/p-ka-k239-polo-homem-mangas-curtas-k239-1365\/sky-blue-1255\/","da":"\/da\/p-ka-k239-polo-mand-kortaermet-k239-1365\/sky-blue-1255\/","pl":"\/pl\/p-ka-k239-polo-mezczyzna-krotkie-rekawy-k239-1365\/sky-blue-1255\/"},"page_links_customization":{"fr":"\/fr\/p-ka-k239-polo-homme-manches-courtes-mike-k239-personnalisation-1365\/sky-blue-1255\/custom\/","en":"\/en\/p-ka-k239-short-sleeved-mike-k239-customizable-mens-polo-1365\/sky-blue-1255\/custom\/","de":"\/de\/p-ka-k239-polo-manner-kurzarmel-mike-k239-personalisierung-1365\/sky-blue-1255\/custom\/","nl":"\/nl\/p-ka-k239-heren-polo-korte-mouwen-mike-k239-personalisatie-1365\/sky-blue-1255\/custom\/","es":"\/es\/p-ka-k239-polo-hombre-manga-corta-mike-k239-personalizacion-1365\/sky-blue-1255\/custom\/","it":"\/it\/p-ka-k239-polo-uomo-maniche-corte-mike-k239-personalizzazione-1365\/sky-blue-1255\/custom\/","sv":"\/sv\/p-ka-k239-polo-herr-kortarmad-mike-k239-personalisering-1365\/sky-blue-1255\/custom\/","pt":"\/pt\/p-ka-k239-camisa-polo-homem-mangas-curtas-mike-k239-personalizacao-1365\/sky-blue-1255\/custom\/","da":"\/da\/p-ka-k239-mandspolo-kortaermet-mike-k239-personliggorelse-1365\/sky-blue-1255\/custom\/","pl":"\/pl\/p-ka-k239-meski-polo-krotkich-rekawow-mike-k239-personalizacja-1365\/sky-blue-1255\/custom\/"}},{"id":16996,"name":"deep_blue","class_ids":[2],"codes_hexa":["003a70"],"delai_24":false,"has_3d":false,"seuil_global":0,"stock_local":0,"stock_global":0,"on_standby":true,"in_catalog":false,"images":{"miniature":["https:\/\/media.th4.com\/kfxUUhM3NNplzt9BbdmTyiiaHBI6GJ25dW-OvCPX5js\/pr:80\/aHR0cDovL21lZGlhMi5kZXNpZ25wYXJ0bmVyLmZyL2MvcC8xMzY1LzEzNjUtMTY5OTYtMS5qcGc?v=1696933397","https:\/\/media.th4.com\/M6r82ksUEuyPugCRi4a3o1Cg3X1SLRHRLX6Qiou8nNw\/pr:80\/aHR0cDovL21lZGlhMi5kZXNpZ25wYXJ0bmVyLmZyL2MvcC8xMzY1LzEzNjUtMTY5OTYtMi5qcGc?v=1696933398","https:\/\/media.th4.com\/xZsdI6dThNfGOTg-JD62rz-XP29AitcByuPm9kSTETE\/pr:80\/aHR0cDovL21lZGlhMi5kZXNpZ25wYXJ0bmVyLmZyL2MvcC8xMzY1LzEzNjUtMTY5OTYtMy5qcGc?v=1696933399"],"medium":["https:\/\/media.th4.com\/N_Vf-ORQM4Bt2uyVTciK80IYquySR9IMLQK0YidBtho\/pr:550x550\/aHR0cDovL21lZGlhMi5kZXNpZ25wYXJ0bmVyLmZyL2MvcC8xMzY1LzEzNjUtMTY5OTYtMS5qcGc?v=1696933397","https:\/\/media.th4.com\/xNxCLFSpYUCciSy-ybpBpawuJIet7DMb12fsje3vD60\/pr:550x550\/aHR0cDovL21lZGlhMi5kZXNpZ25wYXJ0bmVyLmZyL2MvcC8xMzY1LzEzNjUtMTY5OTYtMi5qcGc?v=1696933398","https:\/\/media.th4.com\/SbU_baeZDCUFfsdBOyIk8OKEhH0yrt1fnVZXXIL0pqI\/pr:550x550\/aHR0cDovL21lZGlhMi5kZXNpZ25wYXJ0bmVyLmZyL2MvcC8xMzY1LzEzNjUtMTY5OTYtMy5qcGc?v=1696933399"],"medium_large":["https:\/\/media.th4.com\/iUQ7B082VfA4AkxMQEdgGGCT1-Sq6alP8uy4bsThot4\/pr:1000x1000\/aHR0cDovL21lZGlhMi5kZXNpZ25wYXJ0bmVyLmZyL2MvcC8xMzY1LzEzNjUtMTY5OTYtMS5qcGc?v=1696933397","https:\/\/media.th4.com\/zfri0DQ_-PXvoMr4PVuYEP5myVi1CdVNmUhatWXhLjw\/pr:1000x1000\/aHR0cDovL21lZGlhMi5kZXNpZ25wYXJ0bmVyLmZyL2MvcC8xMzY1LzEzNjUtMTY5OTYtMi5qcGc?v=1696933398","https:\/\/media.th4.com\/XQO22xkFfdoaEu64BU4VNUfLysI1TAXm6PsxzL8OufI\/pr:1000x1000\/aHR0cDovL21lZGlhMi5kZXNpZ25wYXJ0bmVyLmZyL2MvcC8xMzY1LzEzNjUtMTY5OTYtMy5qcGc?v=1696933399"],"large":["https:\/\/media.th4.com\/yI-QN4jvYurJG68EZSMx87wTRqm6nJ7geXS-IC2OUJg\/pr:1920\/aHR0cDovL21lZGlhMi5kZXNpZ25wYXJ0bmVyLmZyL2MvcC8xMzY1LzEzNjUtMTY5OTYtMS5qcGc?v=1696933397","https:\/\/media.th4.com\/sEti-es0mrJD2ZjJ2u5isNKFpRF02OrTYpcZdfdZy-A\/pr:1920\/aHR0cDovL21lZGlhMi5kZXNpZ25wYXJ0bmVyLmZyL2MvcC8xMzY1LzEzNjUtMTY5OTYtMi5qcGc?v=1696933398","https:\/\/media.th4.com\/GF6oZWb2frQYJfyjcJkTp-tH5kC2w0bKa-1iJDgmE5M\/pr:1920\/aHR0cDovL21lZGlhMi5kZXNpZ25wYXJ0bmVyLmZyL2MvcC8xMzY1LzEzNjUtMTY5OTYtMy5qcGc?v=1696933399"],"opengraph":["https:\/\/media.th4.com\/Ki7cpzSxhm1kWrrGIO71lreDOm0cZ5QmhQg6d5FNM8M\/pr:1200x630\/aHR0cDovL21lZGlhMi5kZXNpZ25wYXJ0bmVyLmZyL2MvcC8xMzY1LzEzNjUtMTY5OTYtMS5qcGc?v=1696933397","https:\/\/media.th4.com\/v7HrJee-utRAEqiB7Cut5CxulFHiQ0X9hWHU4fQJ8rg\/pr:1200x630\/aHR0cDovL21lZGlhMi5kZXNpZ25wYXJ0bmVyLmZyL2MvcC8xMzY1LzEzNjUtMTY5OTYtMi5qcGc?v=1696933398","https:\/\/media.th4.com\/5yxnaxvCEwZmDlUrtreO4rYdCqIO7GvCnz_aUJ417YM\/pr:1200x630\/aHR0cDovL21lZGlhMi5kZXNpZ25wYXJ0bmVyLmZyL2MvcC8xMzY1LzEzNjUtMTY5OTYtMy5qcGc?v=1696933399"]},"images_customization":{"miniature":["https:\/\/media.th4.com\/mbvgn6QI1w1wfs4AcRyeDlKyhT8vVlIGq4PVncQUgsA\/pr:80\/aHR0cDovL21lZGlhMi5kZXNpZ25wYXJ0bmVyLmZyL2MvcC1zaG9wcGluZy1jdXN0b20tVEgvMTM2NS8xMzY1LTE2OTk2LTEuanBn?v=1737556834"],"medium":["https:\/\/media.th4.com\/0U2NGe_gMoNC_hdqXKtlqy5B3Y7k_-EmWY3ZrF0MBEY\/pr:550x550\/aHR0cDovL21lZGlhMi5kZXNpZ25wYXJ0bmVyLmZyL2MvcC1zaG9wcGluZy1jdXN0b20tVEgvMTM2NS8xMzY1LTE2OTk2LTEuanBn?v=1737556834"],"medium_large":["https:\/\/media.th4.com\/qed5rhI2YR1uZlP1kNCGCD4pkJEtxGxlNMlXJXBHO18\/pr:1000x1000\/aHR0cDovL21lZGlhMi5kZXNpZ25wYXJ0bmVyLmZyL2MvcC1zaG9wcGluZy1jdXN0b20tVEgvMTM2NS8xMzY1LTE2OTk2LTEuanBn?v=1737556834"],"large":["https:\/\/media.th4.com\/yuXmLfMtbPfKplEDlkw_cbGmzOAL-LlcMFcUy8WhQGk\/pr:1920\/aHR0cDovL21lZGlhMi5kZXNpZ25wYXJ0bmVyLmZyL2MvcC1zaG9wcGluZy1jdXN0b20tVEgvMTM2NS8xMzY1LTE2OTk2LTEuanBn?v=1737556834"],"opengraph":["https:\/\/media.th4.com\/Y_D0b8s_y3znZ4lVTLfqCpkcfBdpnH3BuJVKlNqIcDI\/pr:1200x630\/aHR0cDovL21lZGlhMi5kZXNpZ25wYXJ0bmVyLmZyL2MvcC1zaG9wcGluZy1jdXN0b20tVEgvMTM2NS8xMzY1LTE2OTk2LTEuanBn?v=1737556834"]},"country_origin":"BD","traceability":{"manufacturing_country_id":null,"weaving_country_id":null,"dyeing_country_id":null},"sizes":[],"page_links":{"fr":"\/fr\/p-ka-k239-polo-homme-manches-courtes-k239-1365\/deep-blue-16996\/","en":"\/en\/p-ka-k239-mens-short-sleeve-polo-k239-1365\/deep-blue-16996\/","de":"\/de\/p-ka-k239-polo-herren-kurzarm-k239-1365\/deep-blue-16996\/","nl":"\/nl\/p-ka-k239-polo-man-korte-mouwen-k239-1365\/deep-blue-16996\/","es":"\/es\/p-ka-k239-polo-manga-corta-para-hombre-k239-1365\/deep-blue-16996\/","it":"\/it\/p-ka-k239-polo-uomo-maniche-corte-k239-1365\/deep-blue-16996\/","sv":"\/sv\/p-ka-k239-herrpolotroja-korta-armar-k239-1365\/deep-blue-16996\/","pt":"\/pt\/p-ka-k239-polo-homem-mangas-curtas-k239-1365\/deep-blue-16996\/","da":"\/da\/p-ka-k239-polo-mand-kortaermet-k239-1365\/deep-blue-16996\/","pl":"\/pl\/p-ka-k239-polo-mezczyzna-krotkie-rekawy-k239-1365\/deep-blue-16996\/"},"page_links_customization":{"fr":"\/fr\/p-ka-k239-polo-homme-manches-courtes-mike-k239-personnalisation-1365\/deep-blue-16996\/custom\/","en":"\/en\/p-ka-k239-short-sleeved-mike-k239-customizable-mens-polo-1365\/deep-blue-16996\/custom\/","de":"\/de\/p-ka-k239-polo-manner-kurzarmel-mike-k239-personalisierung-1365\/deep-blue-16996\/custom\/","nl":"\/nl\/p-ka-k239-heren-polo-korte-mouwen-mike-k239-personalisatie-1365\/deep-blue-16996\/custom\/","es":"\/es\/p-ka-k239-polo-hombre-manga-corta-mike-k239-personalizacion-1365\/deep-blue-16996\/custom\/","it":"\/it\/p-ka-k239-polo-uomo-maniche-corte-mike-k239-personalizzazione-1365\/deep-blue-16996\/custom\/","sv":"\/sv\/p-ka-k239-polo-herr-kortarmad-mike-k239-personalisering-1365\/deep-blue-16996\/custom\/","pt":"\/pt\/p-ka-k239-camisa-polo-homem-mangas-curtas-mike-k239-personalizacao-1365\/deep-blue-16996\/custom\/","da":"\/da\/p-ka-k239-mandspolo-kortaermet-mike-k239-personliggorelse-1365\/deep-blue-16996\/custom\/","pl":"\/pl\/p-ka-k239-meski-polo-krotkich-rekawow-mike-k239-personalizacja-1365\/deep-blue-16996\/custom\/"}}],"documentation_link":"\/pdf\/1365.pdf","countries_availables":["AD","AE","AL","AT","BA","BD","BE","BG","BL","CA","CH","CN","CO","CY","CZ","DE","DK","DO","EE","EG","ES","ET","FI","FR","GB","GE","GF","GP","GR","GT","HK","HN","HR","HT","HU","ID","IE","IN","IS","IT","JO","JP","KE","KH","KP","KR","LA","LK","LS","LT","LU","LV","MA","MF","MG","MK","MM","MN","MQ","MT","MX","MY","NC","NI","NL","PF","PH","PK","PL","PM","PT","RE","RO","SE","SG","SI","SK","SV","SY","TH","TN","TR","TW","TZ","US","VN","WF","YT"]},"infos_customization":[],"features":{"authorize_multi_surfaces":true,"display_order_delay_type":true,"promote_surface_display":true,"tarification_franco_offert":true,"enabled_3d_editor":false},"markings":[{"id":0,"nom":"vierge","finition":null,"libelle":null,"code":null,"dpi":null,"finesse_forme_isolee":null,"finesse_forme_non_isolee":null,"hauteur_minimale_texte":null,"inactif":0,"marquage_interne":1,"quantite_min":null,"parent_id":null,"print_on_support":0,"content":"vierge","description":null},{"id":2,"nom":"fonce","finition":"optimale","libelle":"TopQuadri","code":null,"dpi":400,"finesse_forme_isolee":"0.040","finesse_forme_non_isolee":"0.700","hauteur_minimale_texte":2,"inactif":0,"marquage_interne":1,"quantite_min":null,"parent_id":18,"print_on_support":0,"content":"TopQuadri","description":"pour petites et moyennes s\u00e9ries"},{"id":3,"nom":"serigraphie","finition":"serigraphie","libelle":"SeriCoat","code":null,"dpi":400,"finesse_forme_isolee":"0.040","finesse_forme_non_isolee":"0.700","hauteur_minimale_texte":2,"inactif":0,"marquage_interne":1,"quantite_min":15,"parent_id":18,"print_on_support":0,"content":"SeriCoat","description":"pour moyennes et grandes s\u00e9ries"},{"id":4,"nom":"broderie","finition":"broderie","libelle":"Broderie","code":null,"dpi":400,"finesse_forme_isolee":"0.040","finesse_forme_non_isolee":"0.700","hauteur_minimale_texte":3,"inactif":0,"marquage_interne":1,"quantite_min":null,"parent_id":null,"print_on_support":0,"content":"Broderie","description":null},{"id":8,"nom":"theme","finition":null,"libelle":"Th\u00e8me","code":null,"dpi":null,"finesse_forme_isolee":null,"finesse_forme_non_isolee":null,"hauteur_minimale_texte":null,"inactif":0,"marquage_interne":1,"quantite_min":null,"parent_id":null,"print_on_support":0,"content":"Th\u00e8me","description":null},{"id":9,"nom":"sans","finition":null,"libelle":null,"code":null,"dpi":null,"finesse_forme_isolee":null,"finesse_forme_non_isolee":null,"hauteur_minimale_texte":null,"inactif":0,"marquage_interne":1,"quantite_min":null,"parent_id":null,"print_on_support":0,"content":"sans","description":null},{"id":10,"nom":"photo","finition":null,"libelle":"Photo","code":null,"dpi":null,"finesse_forme_isolee":null,"finesse_forme_non_isolee":null,"hauteur_minimale_texte":null,"inactif":0,"marquage_interne":1,"quantite_min":null,"parent_id":null,"print_on_support":0,"content":"Photo","description":null},{"id":14,"nom":"couleur","finition":null,"libelle":"Couleur","code":null,"dpi":null,"finesse_forme_isolee":null,"finesse_forme_non_isolee":null,"hauteur_minimale_texte":null,"inactif":0,"marquage_interne":1,"quantite_min":null,"parent_id":null,"print_on_support":0,"content":"Couleur","description":null},{"id":15,"nom":"sublimation","finition":"sublimation","libelle":"Sublimation","code":null,"dpi":null,"finesse_forme_isolee":"0.000","finesse_forme_non_isolee":"0.000","hauteur_minimale_texte":2,"inactif":0,"marquage_interne":1,"quantite_min":null,"parent_id":null,"print_on_support":0,"content":"Sublimation","description":null},{"id":16,"nom":"topquadri_uv","finition":null,"libelle":"TopQuadri UV","code":null,"dpi":null,"finesse_forme_isolee":"0.020","finesse_forme_non_isolee":"0.700","hauteur_minimale_texte":2,"inactif":0,"marquage_interne":1,"quantite_min":null,"parent_id":null,"print_on_support":1,"content":null,"description":null},{"id":17,"nom":"topquadri_uvp","finition":null,"libelle":"TopQuadri UVP","code":null,"dpi":null,"finesse_forme_isolee":"0.020","finesse_forme_non_isolee":"0.700","hauteur_minimale_texte":2,"inactif":0,"marquage_interne":1,"quantite_min":null,"parent_id":null,"print_on_support":1,"content":null,"description":null},{"id":18,"nom":"quadri","finition":null,"libelle":"Impression","code":null,"dpi":null,"finesse_forme_isolee":null,"finesse_forme_non_isolee":null,"hauteur_minimale_texte":null,"inactif":0,"marquage_interne":1,"quantite_min":null,"parent_id":null,"print_on_support":0,"content":null,"description":null}]}}