{"data":{"product":{"id":10837,"titre":"Robyn","description":"Parka unisexe \u00e0 doublure matelass\u00e9. Ouverture zipp\u00e9e double curseur avec patte auto-agrippante et pressions invisibles. Capuche sous col. Col int\u00e9rieur doubl\u00e9 polaire. 2 poches ext\u00e9rieures zipp\u00e9es avec rabat. 1 poche int\u00e9rieure. Patte de resserrage poignets. 100% polyester. Enduction PVC. Doublure 100% polyester. Matelassage 100% polyester 170 g\/m\u00b2.","genre":"mixte","grammage":0,"conditionnement":10,"composition":"polyester,polyester_uniquement","reference":"so-02109","reference_visible":"so-02109","reference_fabricant":"02109","ref_xor":"752656","in_catalog":true,"is_transfer":false,"is_service":false,"on_standby":false,"has_3d":true,"has_size_guide":true,"has_marking":true,"has_vierge":true,"is_cross_sellable":false,"id_picto":27,"filename_3d":"10837","brand":{"id":46,"name":"Sol's","logo":"logo-sols.png","image":"https:\/\/media.th4.com\/cy3kMUAdQNgvlgihX3cQlwK_oROWgeAB4yIzKl1SoPQ\/pr:brand70x70\/aHR0cDovL21lZGlhMi5kZXNpZ25wYXJ0bmVyLmZyL2MvbS9sb2dvLXNvbHMucG5n?v=1716908419"},"price_infos":{"price_from":15.79,"quantity":300,"color":{"id":13548,"name":"gris_metal"},"size":{"id":16,"name":"4XL"}},"price_infos_marking":{"price_from":20.51,"quantity":250,"color":{"id":13548,"name":"gris_metal"},"size":{"id":16,"name":"4XL"},"marking":{"id":2,"name":""},"emplacement":"avant","surface_emplacement_id":1,"surface":"coeur"},"i18n":{"blank":{"title":{"fr":"SOL'S Robyn Parka et blouson polyester matelass\u00e9 zipp\u00e9 02109","en":"SOL'S Robyn Parka and quilted polyester zip-up jacket 02109","de":"SOL'S Robyn Parka und Polyester-Blouson mit Rei\u00dfverschluss und Matelierung 02109","nl":"SOL'S Robyn Parka en polyesters gestepelde gezipte jas 02109","es":"SOL'S Robyn Parka y chaqueta de poli\u00e9ster acolchada con cremallera 02109","it":"Parka SOL'S Robyn e giacca imbottita in poliestere con cerniera 02109","sv":"SOL'S Robyn Parka och polyesterjacka med matts\u00f6mnad och blouse 02109","pt":"SOL'S Robyn Parka e casaco de poli\u00e9ster matelassado z\u00edperado 02109","da":"SOL'S Robyn Parka og bluson af polyester matelasseret zippet 02109","pl":"SOL'S Robyn Parka i kurtka poliestrowa matowa z zapi\u0119ciem z suwakiem 02109"},"description":{"fr":"Parka unisexe \u00e0 doublure matelass\u00e9. Ouverture zipp\u00e9e double curseur avec patte auto-agrippante et pressions invisibles. Capuche sous col. Col int\u00e9rieur doubl\u00e9 polaire. 2 poches ext\u00e9rieures zipp\u00e9es avec rabat. 1 poche int\u00e9rieure. Patte de resserrage poignets. 100% polyester. Enduction PVC. Doublure 100% polyester. Matelassage 100% polyester 170 g\/m\u00b2. \n\n- Mati\u00e8re ext\u00e9rieure : 100% polyester\n- Doublure : 100% polyester\n- Enduction : PVC","en":"Unisex parka with quilted lining. Double zipper opening with snap button and invisible press studs. Hood under collar. Interior collar lined with fleece. 2 zipped exterior pockets with flap. 1 interior pocket. Wrist strap adjustment. 100% polyester. PVC coating. Lining 100% polyester. Quilting 100% polyester","de":"Unisex-Parka mit gepolstertem Innenfutter. Doppelter Rei\u00dfverschluss mit Druckknopf und verdeckten Kn\u00f6pfen. Kapuze unter Kragen. Innenkragen mit Polsterung. 2 Au\u00dfenfaschen mit Klappe und Rei\u00dfverschluss. 1 Innentasche. B\u00fcndchen am Handgelenk. 100% Polyester. PVC-Beschichtung. Futter 100% Polyester. Matelierung 100% Polyester","nl":"Uniseks parka met gestepelde binnenste laag. Gezipte opening dubbel schuifje met velcro en onzichtbare knopen. Capuchon onder kraag. Binnenkraag voorzien van een vloerkleed. 2 gezipte buitenzakken met flap. 1 binnenzak. Polsbandjes. 100% polyester. PVC coating. Binnenste laag 100% polyester. Gestepelde binnenste laag 100% polyester.","es":"Parka unisex con forro acolchado. Apertura con cremallera doble deslizador con solapa de velcro y presiones invisibles. Capucha bajo el cuello. Cuello interior forrado de polar. 2 bolsillos exteriores con cremallera y solapa. 1 bolsillo interior. Pu\u00f1o ajustable. 100% poli\u00e9ster. Revestimiento PVC. Forro 100% poli\u00e9ster. Acolchado 100% poli\u00e9ster.","it":"Parka unisex con imbottitura. Apertura con cerniera a doppio cursore con linguetta autoagrippante e bottoni invisibili. Cappuccio sotto il colletto. Colletto interno imbottito di pile. Due tasche esterne con cerniera e sovrapposizione. Una tasca interna. Linguetta regolabile ai polsi. 100% poliestere. Rivestimento in PVC. Imbottitura 100% poliestere.\n\n- Materiale esterno: 100% poliestere\n- Fodera: 100% poliestere\n- Rivestimento: PVC","sv":"Enisex parka med insats av matts\u00f6mnad. Dubbla blouse med blixtl\u00e5s och dragkedja samt osynliga pressknappar. Kapuschong under krage. Inre krage f\u00f6rdubblad med polarfoder. 2 utv\u00e4ndiga fack med blixtl\u00e5s och kl\u00e4pp. 1 inre ficka. Dragkedjor p\u00e5 handleden. 100% polyester. PVC-bel\u00e4ggning. F\u00f6ring 100% polyester. Matts\u00f6mnad 100% polyester.","pt":"Parka unissex com forro matelassado. Abertura z\u00edper duplo com press\u00e3o auto-aderente e pressiones invis\u00edveis. Capuz sob colarinho. Colarinho interior forrado de polar. 2 bolsos externos z\u00edperados com aba. 1 bolso interno. Ajuste de punho. 100% poli\u00e9ster. Revestimento PVC. Forro 100% poli\u00e9ster. Matelassagem 100% poli\u00e9ster","da":"Unisex parka med indvendig matelassering. Zippet \u00e5bning med dobbelt glidel\u00e5s, klemmebane og usynlige trykknapper. Kappe under krave. Indvendigt krave forst\u00e6rket med polar. 2 eksterne lomme\u00e5bninger med zippet l\u00e5ger. 1 indre lomme. Stramningsrem p\u00e5 \u00e6rmene. 100% polyester. Pvc-bel\u00e6gning. Indvendig matelassering 100% polyester.","pl":"Uniseksowa parka z podszewk\u0105 matow\u0105. Zapi\u0119cie z dwoma suwakami i paskiem klejowym oraz ukrytymi guzikami. Kapturek pod ko\u0142nierzem. Ko\u0142nierz wewn\u0119trzny wy\u015bcie\u0142any polarem. 2 zewn\u0119trzne kieszenie z zapi\u0119ciem na suwaki z klapk\u0105. Jedna wewn\u0119trzna kiesze\u0144. Zapi\u0119cie z regulacj\u0105 na nadgarstkach. 100% poliester. Pow\u0142oka PVC. Podszewka 100% poliester. Matowanie 100% poliester."},"h1":{"fr":"Robyn Parka et blouson polyester matelass\u00e9 zipp\u00e9 02109","en":"Robyn Parka and quilted polyester zip-up jacket 02109","de":"Robyn Parka und Polyester-Blouson mit Rei\u00dfverschluss und Matelierung 02109","nl":"Robyn Parka en polyesters gestepelde gezipte jas 02109","es":"Robyn Parka y chaqueta de poli\u00e9ster acolchada con cremallera 02109","it":"Robyn Parka e giacca imbottita in poliestere con cerniera 02109","sv":"Robyn Parka och polyesterjacka med matts\u00f6mnad och blouse 02109","pt":"Robyn Parka e casaco de poli\u00e9ster matelassado z\u00edperado 02109","da":"Robyn Parka og bluson af polyester matelasseret zippet 02109","pl":"Robyn Parka i kurtka poliestrowa matowa z zapi\u0119ciem z suwakiem 02109"},"meta_description":{"fr":"Parka polyester matelass\u00e9 zipp\u00e9 SOL'S Robyn 02109. Id\u00e9al pour un look d\u00e9contract\u00e9 et confortable. Disponible en plusieurs tailles.","en":"Quilted polyester zip-up SOL'S Robyn parka 02109. Ideal for a relaxed and comfortable look. Available in several sizes.","de":"Polyester-Parka mit Rei\u00dfverschluss SOL'S Robyn 02109. Ideal f\u00fcr einen l\u00e4ssigen und bequemen Look. In verschiedenen Gr\u00f6\u00dfen erh\u00e4ltlich.","nl":"Gezipte polyester gestepelde parka SOL'S Robyn 02109. Ideaal voor een ontspannen en comfortabel uiterlijk. Beschikbaar in verschillende maten.","es":"Parka de poli\u00e9ster acolchada con cremallera SOL'S Robyn 02109. Ideal para un look informal y c\u00f3modo. Disponible en varias tallas.","it":"Parka imbottita in poliestere SOL'S Robyn 02109 con cerniera. Ideale per un look casual e confortevole. Disponibile in diverse taglie.","sv":"Parka med matts\u00f6md polyester med blixtl\u00e5s SOL'S Robyn 02109. Idealiskt f\u00f6r ett avslappnat och bekv\u00e4mt utseende. Tillg\u00e4ngligt i flera storlekar.","pt":"Parka de poli\u00e9ster matelassado z\u00edperada SOL'S Robyn 02109. Ideal para um visual descontra\u00eddo e confort\u00e1vel. Dispon\u00edvel em v\u00e1rios tamanhos.","da":"Parka af polyester matelasseret zippet SOL'S Robyn 02109. Ideal til et afslappet og komfortabelt udseende. Tilg\u00e6ngelig i flere st\u00f8rrelser.","pl":"Polesterolowa parka matowa z zapi\u0119ciem na suwaki SOL'S Robyn 02109. Idealny do wygodnego i nieformalnego stylu. Dost\u0119pna w wielu rozmiarach."}},"custom":{"title":{"fr":"Robyn Parka polyester matelass\u00e9 SOL'S 02109 personnalisable","en":"Robyn Parka polyester padded SOL'S 02109 customizable","de":"Robyn Parka Polyester Gef\u00fctterte SOL'S 02109 Personalisierbar","nl":"Robyn parka polyester gestoffeerd SOL'S 02109 aanpasbaar","es":"Robyn Parka de poliester acolchado SOL'S 02109 personalizable","it":"Robyn Parka in poliestere imbottito SOL'S 02109 personalizzabile","sv":"Robyn parka polyester fyllig SOL'S 02109 anpassningsbar","pt":"Robyn Parka de poli\u00e9ster acolchoado SOL'S 02109 personaliz\u00e1vel","da":"Robyn Parka polyester fyldt SOL'S 02109 personaliserbar","pl":"Robyn Parka poliestrowy t\u0142oczony SOL'S 02109 personalizowalny"},"description":{"fr":"Parka unisexe \u00e0 doublure matelass\u00e9. Ouverture zipp\u00e9e double curseur avec patte auto-agrippante et pressions invisibles. Capuche sous col. Col int\u00e9rieur doubl\u00e9 polaire. 2 poches ext\u00e9rieures zipp\u00e9es avec rabat. 1 poche int\u00e9rieure. Patte de resserrage poignets. 100% polyester. Enduction PVC. Doublure 100% polyester. Matelassage 100% polyester 170 g\/m\u00b2. Ce parka est personnalisable en broderie ou par impression de votre logo, id\u00e9al pour une visibilit\u00e9 accrue lors de vos \u00e9v\u00e9nements et campagnes. \n\n- 100% polyester\n- Enduction PVC\n- Doublure 100% polyester","en":"Unisex padded parka. Zipper opening double slider with hook-and-loop tab and invisible snaps. Hood under collar. Fleece-lined interior collar. 2 zippered exterior pockets with flap. 1 interior pocket. Cuff adjustment tabs. 100% polyester. PVC coating. Lining 100% polyester. Padded 100% polyester. This parka is customizable by embroidery or logo printing, ideal for increased visibility during your events and campaigns.\n\n- 100% polyester\n- PVC coating\n- Lining 100% polyester","de":"Unisex-Parka mit gef\u00fctterten Matelassage. Doppelrei\u00dfverschluss mit Klettverschluss und unsichtbaren Druckkn\u00f6pfen. Kapuze unter Kragen. Innenkragen mit Polsterfutter. 2 au\u00dfenliegende Rei\u00dfverschlusstaschen mit Klappe. 1 Innentasche. B\u00fcndchen mit Zugkordel. 100% Polyester. PVC-Beschichtung. Futter 100% Polyester. Matelassage 100% Polyester. Dieser Parka ist durch Stickerei oder Bedruckung Ihres Logos individualisierbar, ideal f\u00fcr eine erh\u00f6hte Sichtbarkeit bei Ihren Veranstaltungen und Kampagnen.\n\n- 100% Polyester\n- PVC-Beschichtung\n- Futter 100% Polyester","nl":"Unisexe parka met vulling. Openslaande zip dubbele cursors met zelffixeerende strip en onzichtbare drukknoppen. Kap onder kraag. Binnenkraag gedubbeld polaire. 2 externe zakken met zip en klap. 1 interne zak. Armbandjes. 100% polyester. PVC-coating. Polaire binnenkant 100% polyester. Gestoffeerde vulling 100% polyester. Deze parka is aanpasbaar door borduurwerk of afdrukken van uw logo, ideaal voor meer zichtbaarheid tijdens uw evenementen en campagnes.\n\n- 100% polyester\n- PVC-coating\n- Polaire binnenkant 100% polyester","es":"Parka unisexo con forro acolchado. Apertura cremallera doble cursor con solapa velcro y presiones invisibles. Capucha bajo el cuello. Cuello interior forrado polar. 2 bolsillos exteriores cremallera con solapa. 1 bolsillo interior. Solapa de ajuste mu\u00f1eca. 100% poliester. Recubrimiento PVC. Forro 100% poliester. Acolchado 100% poliester. Este parka es personalizable en bordado o impresi\u00f3n de su logo, ideal para una visibilidad mayor durante sus eventos y campa\u00f1as.\n\n- 100% poliester \n- Recubrimiento PVC \n- Forro 100% poliester","it":"Parka unisex imbottito a fodera. Apertura zip doppia con patta autoagrippante e bottoni invisibili. Cappuccio sotto il collo. Collo interno foderato in pile. 2 tasche esterne zip con risvolto. 1 tasca interna. Patta di regolazione polsini. 100% poliestere. Rivestimento PVC. Fodera 100% poliestere. Imbottitura 100% poliestere. Questo parka \u00e8 personalizzabile con ricamo o stampa del tuo logo, ideale per una maggiore visibilit\u00e0 durante i tuoi eventi e campagne. \n\n- 100% poliestere\n- Rivestimento PVC\n- Fodera 100% poliestere","sv":"Unisex parka med fylligt inslag. Dubbla dragkedjor med flik och osynliga kn\u00e4ppningar. Kapuschong under krage. Inre krage foderad med fleece. 2 utv\u00e4ndiga fickor med dragkedja och flik. 1 inre ficka. Dragkedje p\u00e5 manchetterna. 100% polyester. PVC-bel\u00e4ggning. Fodret 100% polyester. Fyllnad 100% polyester. Denna parka \u00e4r anpassningsbar med broderi eller tryckning av ditt logo, idealisk f\u00f6r \u00f6kad synlighet vid era evenemang och kampanjer.\n\n- 100% polyester\n- PVC-bel\u00e4ggning\n- Fodret 100% polyester","pt":"Parka unissex com forro acolchoado. Abrir ziper duplo cursor com abas de velcro e bot\u00f5es invis\u00edveis. Capuz sob colarinho. Colarinho interno forrado polar. 2 bolsos externos z\u00edperados com aba. 1 bolso interior. Aba de ajuste punhos. 100% poli\u00e9ster. Revestimento PVC. Forro 100% poli\u00e9ster. Acolchado 100% poli\u00e9ster. Este parka \u00e9 personaliz\u00e1vel em bordado ou por impress\u00e3o do seu logo, ideal para uma visibilidade acrescida durante os seus eventos e campanhas.\n\n- 100% poli\u00e9ster\n- Revestimento PVC\n- Forro 100% poli\u00e9ster","da":"Unisex parka med fyldt dobbeltlag. \u00c5bning med zipper-dobbeltl\u00f8ber med velcro-luk og usynlige knapper. Kappe under krave. Indvendig krave dobbeltlaget polardob. 2 eksterne lommer med zipper-flap. 1 indre lomme. H\u00e5ndledsstramning. 100% polyester. PVC-bel\u00e6gning. Dobbeltdob 100% polyester. Fyldt dobbeltlag 100% polyester. Denne parka er personaliserbar med broderi eller ved at trykke dit logo, ideel til \u00f8get synlighed p\u00e5 dine arrangementer og kampagner.","pl":"Uniseksowa kurtka z t\u0142oczon\u0105 wy\u015bci\u00f3\u0142k\u0105. Z zamkiem b\u0142yskawicowym podw\u00f3jnym suwakiem, klamr\u0105 samoprzylepn\u0105 i niewidocznymi guzikami. Kapelusz pod ko\u0142nierzem. Wn\u0119trze ko\u0142nierza wy\u0142o\u017cone polarem. 2 zewn\u0119trzne kieszenie na b\u0142yskawice z klap\u0105. Jedna kiesze\u0144 wewn\u0119trzna. Zapi\u0119cie na mankiety. 100% poliestru. Powierzchnia PVC. Wy\u015bci\u00f3\u0142ka 100% poliestru. T\u0142oczon\u0105 wy\u0142o\u017cona 100% poliestrem. Parka mo\u017cna personalizowa\u0107 przez haftowanie lub druk loga, idealny do zwi\u0119kszenia widoczno\u015bci podczas wydarze\u0144 i kampanii.\n\n- 100% poliestru\n- Powierzchnia PVC\n- Wy\u015bci\u00f3\u0142ka 100% poliestru"},"h1":{"fr":"Robyn Parka polyester matelass\u00e9 02109 personnalisation","en":"Robyn Parka polyester padded 02109 customization","de":"Robyn Parka Polyester Gef\u00fctterte 02109 Personalisierung","nl":"Robyn parka polyester gestoffeerd 02109 aanpassing","es":"Robyn Parka de poliester acolchado 02109 personalizaci\u00f3n","it":"Robyn Parka in poliestere imbottito 02109 personalizzazione","sv":"Robyn parka polyester fyllig 02109 anpassning","pt":"Robyn Parka de poli\u00e9ster acolchoado 02109 personaliza\u00e7\u00e3o","da":"Robyn Parka polyester fyldt 02109 personalisering","pl":"Robyn Parka poliestrowy t\u0142oczony 02109 personalizacja"},"meta_description":{"fr":"Parka polyester matelass\u00e9 unisexe avec capuche et doublure polaire. Personnalisable en broderie ou impression de votre logo. Id\u00e9al pour vos \u00e9v\u00e9nements et campagnes.","en":"Unisex padded polyester parka with hood and fleece lining. Customizable with embroidery or printing of your logo. Ideal for your events and campaigns.","de":"Unisex-Parka aus gef\u00fcttertem Polyester mit Kapuze und Polsterfutter. Individualisierbar durch Stickerei oder Bedruckung Ihres Logos. Ideal f\u00fcr Ihre Veranstaltungen und Kampagnen.","nl":"Unisex parka met polyester vulling, kap en polaire binnenkant. Aanpasbaar door middel van borduurwerk of afdrukken van uw logo. Ideaal voor uw evenementen en campagnes.","es":"Parka de poliester acolchado unisexo con capucha y forro polar. Personalizable en bordado o impresi\u00f3n de su logo. Ideal para sus eventos y campa\u00f1as.","it":"Parka in poliestere imbottita unisex con cappuccio e fodera in pile. Personalizzabile con ricamo o stampa del tuo logo. Ideale per i tuoi eventi e campagne.","sv":"Unisex polyesterfyllig parka med huva och insats av fleece. Anpassningsbar med broderi eller tryckning av ditt logo. Idealisk f\u00f6r era evenemang och kampanjer.","pt":"Parka de poli\u00e9ster acolchoado unissex com capuz e forro polar. Personaliz\u00e1vel em bordado ou impress\u00e3o do seu logo. Ideal para os seus eventos e campanhas.","da":"Polyester parka fyldt unisex med kappe og polardob. Personaliserbar med broderi eller trykning af dit logo. Ideel til dine arrangementer og kampagner.","pl":"Jednolity unisexowy parka z kapeluszem i polarow\u0105 wy\u015bci\u00f3\u0142k\u0105. Mo\u017cna personalizowa\u0107 przez haftowanie lub druk loga. Idealny na wydarzenia i kampanie."}}},"categories":[{"id":301,"name":"Parkas et blousons","singular":"Parka et blouson","is_feminin":false},{"id":13,"name":"Vestes et manteaux","singular":"Veste et manteau","is_feminin":true},{"id":354,"name":"Textile","singular":"Textile","is_feminin":false}],"certifications":[{"id":1,"label":"OEKO-TEX 100","logo_link":"\/images\/certifications\/1_OEKO-TEX_100.jpg","is_marking_compatible":false},{"id":2,"label":"Fair Wear","logo_link":"\/images\/certifications\/2_Fair_Wear.jpg","is_marking_compatible":false},{"id":3,"label":"PETA","logo_link":"\/images\/certifications\/3_PETA.jpg","is_marking_compatible":false}],"videos":{"fr":["https:\/\/www.youtube.com\/watch?v=fIJeHIwvXmE"],"en":["https:\/\/www.youtube.com\/watch?v=fIJeHIwvXmE"],"de":["https:\/\/www.youtube.com\/watch?v=fIJeHIwvXmE"],"nl":["https:\/\/www.youtube.com\/watch?v=fIJeHIwvXmE"],"es":["https:\/\/www.youtube.com\/watch?v=fIJeHIwvXmE"],"it":["https:\/\/www.youtube.com\/watch?v=fIJeHIwvXmE"],"sv":["https:\/\/www.youtube.com\/watch?v=fIJeHIwvXmE"],"pt":["https:\/\/www.youtube.com\/watch?v=fIJeHIwvXmE"],"da":["https:\/\/www.youtube.com\/watch?v=fIJeHIwvXmE"],"pl":["https:\/\/www.youtube.com\/watch?v=fIJeHIwvXmE"]},"main_images":{"miniature":"https:\/\/media.th4.com\/7zziiFes2_JxgeiYxPGSzs3hTQsrCrxEfdxqshw8nEo\/pr:80\/aHR0cDovL21lZGlhMi5kZXNpZ25wYXJ0bmVyLmZyL2MvcC1ibGFuay1USC8xMDgzNy53ZWJw?v=1753363784","medium":"https:\/\/media.th4.com\/q-9lg3CT5hR9yo2mlWdW2Or6itYHUcys7atNs-FzyiE\/pr:550x550greybg\/aHR0cDovL21lZGlhMi5kZXNpZ25wYXJ0bmVyLmZyL2MvcC1ibGFuay1USC8xMDgzNy53ZWJw?v=1753363784","medium_large":"https:\/\/media.th4.com\/evg4eXVgL6pSdL9-uHxElDHWdR1f2ucadBPiD_ZvRJo\/pr:1000x1000greybg\/aHR0cDovL21lZGlhMi5kZXNpZ25wYXJ0bmVyLmZyL2MvcC1ibGFuay1USC8xMDgzNy53ZWJw?v=1753363784","large":"https:\/\/media.th4.com\/GPn7AV7TYwMJczSdEaEuI4Amr405VUKEic_QzAfdIS0\/pr:1920greybg\/aHR0cDovL21lZGlhMi5kZXNpZ25wYXJ0bmVyLmZyL2MvcC1ibGFuay1USC8xMDgzNy53ZWJw?v=1753363784","opengraph":"https:\/\/media.th4.com\/PQ0CR60SrKT0RBSFY5aqYVj3oJ9qrqqPPBjilXrUjBY\/pr:1200x630greybg\/aHR0cDovL21lZGlhMi5kZXNpZ25wYXJ0bmVyLmZyL2MvcC1ibGFuay1USC8xMDgzNy53ZWJw?v=1753363784"},"main_images_customization":{"miniature":"https:\/\/media.th4.com\/spa47vuOi9AUQUojFm6UyjfMNZ25klBUpDAblF6kn7c\/pr:80\/aHR0cDovL21lZGlhMi5kZXNpZ25wYXJ0bmVyLmZyL2MvcC1jdXN0b20tVEgvMTA4Mzcud2VicA?v=1753363990","medium":"https:\/\/media.th4.com\/kff_RgXM4JeNiYiQtHJ1linGbetk2VyI8p_Crpbtiso\/pr:550x550greybg\/aHR0cDovL21lZGlhMi5kZXNpZ25wYXJ0bmVyLmZyL2MvcC1jdXN0b20tVEgvMTA4Mzcud2VicA?v=1753363990","medium_large":"https:\/\/media.th4.com\/BG4vrijD7-J-rlLmS5Tsl8xkd-T-5QWHOXRRtBphsrk\/pr:1000x1000greybg\/aHR0cDovL21lZGlhMi5kZXNpZ25wYXJ0bmVyLmZyL2MvcC1jdXN0b20tVEgvMTA4Mzcud2VicA?v=1753363990","large":"https:\/\/media.th4.com\/w1SZydVYsXDER-K97yWXfjMyUmy2jZ_eXXO_0EmIlOA\/pr:1920greybg\/aHR0cDovL21lZGlhMi5kZXNpZ25wYXJ0bmVyLmZyL2MvcC1jdXN0b20tVEgvMTA4Mzcud2VicA?v=1753363990","opengraph":"https:\/\/media.th4.com\/mS7m1IxXmvYk5yF-mw3u5eMuBbka-Py5035e_BQn6ms\/pr:1200x630greybg\/aHR0cDovL21lZGlhMi5kZXNpZ25wYXJ0bmVyLmZyL2MvcC1jdXN0b20tVEgvMTA4Mzcud2VicA?v=1753363990"},"page_links":{"fr":"\/fr\/p-so-02109-robyn-parka-et-blouson-polyester-matelasse-zippe-02109-10837\/","en":"\/en\/p-so-02109-robyn-parka-and-quilted-polyester-zip-up-jacket-02109-10837\/","de":"\/de\/p-so-02109-robyn-parka-und-polyester-blouson-mit-reiszverschluss-und-matelierung-02109-10837\/","nl":"\/nl\/p-so-02109-robyn-parka-en-polyesters-gestepelde-gezipte-jas-02109-10837\/","es":"\/es\/p-so-02109-robyn-parka-y-chaqueta-de-poliester-acolchada-con-cremallera-02109-10837\/","it":"\/it\/p-so-02109-robyn-parka-e-giacca-imbottita-in-poliestere-con-cerniera-02109-10837\/","sv":"\/sv\/p-so-02109-robyn-parka-och-polyesterjacka-med-mattsomnad-och-blouse-02109-10837\/","pt":"\/pt\/p-so-02109-robyn-parka-e-casaco-de-poliester-matelassado-ziperado-02109-10837\/","da":"\/da\/p-so-02109-robyn-parka-og-bluson-af-polyester-matelasseret-zippet-02109-10837\/","pl":"\/pl\/p-so-02109-robyn-parka-i-kurtka-poliestrowa-matowa-z-zapieciem-z-suwakiem-02109-10837\/"},"page_links_customization":{"fr":"\/fr\/p-so-02109-robyn-parka-polyester-matelasse-02109-personnalisation-10837\/custom\/","en":"\/en\/p-so-02109-robyn-parka-polyester-padded-02109-customization-10837\/custom\/","de":"\/de\/p-so-02109-robyn-parka-polyester-gefutterte-02109-personalisierung-10837\/custom\/","nl":"\/nl\/p-so-02109-robyn-parka-polyester-gestoffeerd-02109-aanpassing-10837\/custom\/","es":"\/es\/p-so-02109-robyn-parka-de-poliester-acolchado-02109-personalizacion-10837\/custom\/","it":"\/it\/p-so-02109-robyn-parka-in-poliestere-imbottito-02109-personalizzazione-10837\/custom\/","sv":"\/sv\/p-so-02109-robyn-parka-polyester-fyllig-02109-anpassning-10837\/custom\/","pt":"\/pt\/p-so-02109-robyn-parka-de-poliester-acolchoado-02109-personalizacao-10837\/custom\/","da":"\/da\/p-so-02109-robyn-parka-polyester-fyldt-02109-personalisering-10837\/custom\/","pl":"\/pl\/p-so-02109-robyn-parka-poliestrowy-tloczony-02109-personalizacja-10837\/custom\/"},"equivalent_products":[],"colors":[{"id":3160,"name":"french_marine","class_ids":[2],"codes_hexa":["092a44"],"delai_24":false,"has_3d":true,"seuil_global":0,"stock_local":0,"stock_global":7665,"on_standby":false,"in_catalog":true,"images":{"miniature":["https:\/\/media.th4.com\/gTz6jO3RwPZlII6HvYA_WchUVsbk6WJCzh8M0uPpPqA\/pr:80\/aHR0cDovL21lZGlhMi5kZXNpZ25wYXJ0bmVyLmZyL2MvcC8xMDgzNy8xMDgzNy0zMTYwLTEuanBn?v=1610041923","https:\/\/media.th4.com\/sLmR6c8eSJiPRDMPTFJuLXSo0Ua18CjofeccHQUQ8NI\/pr:80\/aHR0cDovL21lZGlhMi5kZXNpZ25wYXJ0bmVyLmZyL2MvcC8xMDgzNy8xMDgzNy0zMTYwLTIuanBn?v=1610041939","https:\/\/media.th4.com\/e4Jj9pC76MqNPrmD9jqa34pj3OzMek1_wHYEaUm_zko\/pr:80\/aHR0cDovL21lZGlhMi5kZXNpZ25wYXJ0bmVyLmZyL2MvcC8xMDgzNy8xMDgzNy0zMTYwLTMuanBn?v=1610041940"],"medium":["https:\/\/media.th4.com\/ZBqaYGEB7uPw4jNJxeRXdTIcqDq_RHE1tr_sJHo2FV0\/pr:550x550\/aHR0cDovL21lZGlhMi5kZXNpZ25wYXJ0bmVyLmZyL2MvcC8xMDgzNy8xMDgzNy0zMTYwLTEuanBn?v=1610041923","https:\/\/media.th4.com\/unrWHlq0XRem6DLzf22hKXjoEZHhIVDTgV0al0csom4\/pr:550x550\/aHR0cDovL21lZGlhMi5kZXNpZ25wYXJ0bmVyLmZyL2MvcC8xMDgzNy8xMDgzNy0zMTYwLTIuanBn?v=1610041939","https:\/\/media.th4.com\/fHPfdAS55Ydp-IDINoOlsDnA6Ijph02EvBnG65w8VlI\/pr:550x550\/aHR0cDovL21lZGlhMi5kZXNpZ25wYXJ0bmVyLmZyL2MvcC8xMDgzNy8xMDgzNy0zMTYwLTMuanBn?v=1610041940"],"medium_large":["https:\/\/media.th4.com\/vF1o3sOXVMqxaQffuGfnzES2BuGJs_ZH23DYv87qp5E\/pr:1000x1000\/aHR0cDovL21lZGlhMi5kZXNpZ25wYXJ0bmVyLmZyL2MvcC8xMDgzNy8xMDgzNy0zMTYwLTEuanBn?v=1610041923","https:\/\/media.th4.com\/GB9fYJ2-ypoU9OLZuaQyZ_z6TWs_7S0ArOwNtb3PGMI\/pr:1000x1000\/aHR0cDovL21lZGlhMi5kZXNpZ25wYXJ0bmVyLmZyL2MvcC8xMDgzNy8xMDgzNy0zMTYwLTIuanBn?v=1610041939","https:\/\/media.th4.com\/522Qzqo4wxpwdWYDdxjNthzG1ZOGQVVPvXEkpgssa2c\/pr:1000x1000\/aHR0cDovL21lZGlhMi5kZXNpZ25wYXJ0bmVyLmZyL2MvcC8xMDgzNy8xMDgzNy0zMTYwLTMuanBn?v=1610041940"],"large":["https:\/\/media.th4.com\/ezioFpFXG9ODRXhQyBkz6oFJV4EYx70yKL2WCFMoK0o\/pr:1920\/aHR0cDovL21lZGlhMi5kZXNpZ25wYXJ0bmVyLmZyL2MvcC8xMDgzNy8xMDgzNy0zMTYwLTEuanBn?v=1610041923","https:\/\/media.th4.com\/u2hpLrS16CptzwPsRf9CrQ9KnIOWS-yN0q0W_8M9FiQ\/pr:1920\/aHR0cDovL21lZGlhMi5kZXNpZ25wYXJ0bmVyLmZyL2MvcC8xMDgzNy8xMDgzNy0zMTYwLTIuanBn?v=1610041939","https:\/\/media.th4.com\/RNY9qMCnDSo201wZDtIc7vm5RpIp5abyv4z_8vwcyCY\/pr:1920\/aHR0cDovL21lZGlhMi5kZXNpZ25wYXJ0bmVyLmZyL2MvcC8xMDgzNy8xMDgzNy0zMTYwLTMuanBn?v=1610041940"],"opengraph":["https:\/\/media.th4.com\/AI7x0Zb5jkwdEHwctZZXRArmsfV35ol9JHYz5_-YX-o\/pr:1200x630\/aHR0cDovL21lZGlhMi5kZXNpZ25wYXJ0bmVyLmZyL2MvcC8xMDgzNy8xMDgzNy0zMTYwLTEuanBn?v=1610041923","https:\/\/media.th4.com\/4L1r7iWSgWpB10qmO5BfZf-hs5tW8ykOk19wQzmMkBI\/pr:1200x630\/aHR0cDovL21lZGlhMi5kZXNpZ25wYXJ0bmVyLmZyL2MvcC8xMDgzNy8xMDgzNy0zMTYwLTIuanBn?v=1610041939","https:\/\/media.th4.com\/iNLs_Bn9j5ctMqsy4ObxRJgYMiJPod3SQ1_f9l7V0aY\/pr:1200x630\/aHR0cDovL21lZGlhMi5kZXNpZ25wYXJ0bmVyLmZyL2MvcC8xMDgzNy8xMDgzNy0zMTYwLTMuanBn?v=1610041940"]},"images_customization":{"miniature":["https:\/\/media.th4.com\/j084ZqQFjfj14BEGBpaaB0sVSNFqtIDDUt-o0AybqW0\/pr:80\/aHR0cDovL21lZGlhMi5kZXNpZ25wYXJ0bmVyLmZyL2MvcC1zaG9wcGluZy1jdXN0b20tVEgvMTA4MzcvMTA4MzctMzE2MC0yLmpwZw?v=1737556182"],"medium":["https:\/\/media.th4.com\/7hKMUpo5ASCI2g6o9BYXn0MBN0v6ovgjf7WkiEnJnX0\/pr:550x550\/aHR0cDovL21lZGlhMi5kZXNpZ25wYXJ0bmVyLmZyL2MvcC1zaG9wcGluZy1jdXN0b20tVEgvMTA4MzcvMTA4MzctMzE2MC0yLmpwZw?v=1737556182"],"medium_large":["https:\/\/media.th4.com\/EfLzcJkDuDe-cmejJkWDvJs85RbfKsPYhVQBOaSIbgA\/pr:1000x1000\/aHR0cDovL21lZGlhMi5kZXNpZ25wYXJ0bmVyLmZyL2MvcC1zaG9wcGluZy1jdXN0b20tVEgvMTA4MzcvMTA4MzctMzE2MC0yLmpwZw?v=1737556182"],"large":["https:\/\/media.th4.com\/N5DuA7YIJLXaMXOS7FB7iA7EBkHUy_ibqBIMxPpisss\/pr:1920\/aHR0cDovL21lZGlhMi5kZXNpZ25wYXJ0bmVyLmZyL2MvcC1zaG9wcGluZy1jdXN0b20tVEgvMTA4MzcvMTA4MzctMzE2MC0yLmpwZw?v=1737556182"],"opengraph":["https:\/\/media.th4.com\/8WvxZaeZlhfhh3bJOE5aTF2uP0TRcIH01YMC1VPjDRk\/pr:1200x630\/aHR0cDovL21lZGlhMi5kZXNpZ25wYXJ0bmVyLmZyL2MvcC1zaG9wcGluZy1jdXN0b20tVEgvMTA4MzcvMTA4MzctMzE2MC0yLmpwZw?v=1737556182"]},"country_origin":"BD","traceability":{"manufacturing_country_id":59,"weaving_country_id":61,"dyeing_country_id":61},"sizes":[{"id":5,"article_id":325680,"class_id":2,"name":"XS","on_standby":false,"stock_local":0,"stock_global":189,"multiple":1,"estimated_date_reassort":null,"is_destocking":false},{"id":3,"article_id":325678,"class_id":3,"name":"S","on_standby":false,"stock_local":0,"stock_global":801,"multiple":1,"estimated_date_reassort":null,"is_destocking":false},{"id":2,"article_id":325677,"class_id":4,"name":"M","on_standby":false,"stock_local":0,"stock_global":1876,"multiple":1,"estimated_date_reassort":null,"is_destocking":false},{"id":1,"article_id":325676,"class_id":5,"name":"L","on_standby":false,"stock_local":0,"stock_global":1855,"multiple":1,"estimated_date_reassort":null,"is_destocking":false},{"id":4,"article_id":325679,"class_id":6,"name":"XL","on_standby":false,"stock_local":0,"stock_global":1779,"multiple":1,"estimated_date_reassort":null,"is_destocking":false},{"id":1116,"article_id":325681,"class_id":7,"name":"2XL","on_standby":false,"stock_local":0,"stock_global":847,"multiple":1,"estimated_date_reassort":null,"is_destocking":false},{"id":1081,"article_id":325674,"class_id":8,"name":"3XL","on_standby":false,"stock_local":0,"stock_global":300,"multiple":1,"estimated_date_reassort":null,"is_destocking":false},{"id":16,"article_id":325675,"class_id":9,"name":"4XL","on_standby":false,"stock_local":0,"stock_global":18,"multiple":1,"estimated_date_reassort":null,"is_destocking":false}],"page_links":{"fr":"\/fr\/p-so-02109-robyn-parka-et-blouson-polyester-matelasse-zippe-02109-10837\/french-marine-3160\/","en":"\/en\/p-so-02109-robyn-parka-and-quilted-polyester-zip-up-jacket-02109-10837\/french-marine-3160\/","de":"\/de\/p-so-02109-robyn-parka-und-polyester-blouson-mit-reiszverschluss-und-matelierung-02109-10837\/french-marine-3160\/","nl":"\/nl\/p-so-02109-robyn-parka-en-polyesters-gestepelde-gezipte-jas-02109-10837\/french-marine-3160\/","es":"\/es\/p-so-02109-robyn-parka-y-chaqueta-de-poliester-acolchada-con-cremallera-02109-10837\/french-marine-3160\/","it":"\/it\/p-so-02109-robyn-parka-e-giacca-imbottita-in-poliestere-con-cerniera-02109-10837\/french-marine-3160\/","sv":"\/sv\/p-so-02109-robyn-parka-och-polyesterjacka-med-mattsomnad-och-blouse-02109-10837\/french-marine-3160\/","pt":"\/pt\/p-so-02109-robyn-parka-e-casaco-de-poliester-matelassado-ziperado-02109-10837\/french-marine-3160\/","da":"\/da\/p-so-02109-robyn-parka-og-bluson-af-polyester-matelasseret-zippet-02109-10837\/french-marine-3160\/","pl":"\/pl\/p-so-02109-robyn-parka-i-kurtka-poliestrowa-matowa-z-zapieciem-z-suwakiem-02109-10837\/french-marine-3160\/"},"page_links_customization":{"fr":"\/fr\/p-so-02109-robyn-parka-polyester-matelasse-02109-personnalisation-10837\/french-marine-3160\/custom\/","en":"\/en\/p-so-02109-robyn-parka-polyester-padded-02109-customization-10837\/french-marine-3160\/custom\/","de":"\/de\/p-so-02109-robyn-parka-polyester-gefutterte-02109-personalisierung-10837\/french-marine-3160\/custom\/","nl":"\/nl\/p-so-02109-robyn-parka-polyester-gestoffeerd-02109-aanpassing-10837\/french-marine-3160\/custom\/","es":"\/es\/p-so-02109-robyn-parka-de-poliester-acolchado-02109-personalizacion-10837\/french-marine-3160\/custom\/","it":"\/it\/p-so-02109-robyn-parka-in-poliestere-imbottito-02109-personalizzazione-10837\/french-marine-3160\/custom\/","sv":"\/sv\/p-so-02109-robyn-parka-polyester-fyllig-02109-anpassning-10837\/french-marine-3160\/custom\/","pt":"\/pt\/p-so-02109-robyn-parka-de-poliester-acolchoado-02109-personalizacao-10837\/french-marine-3160\/custom\/","da":"\/da\/p-so-02109-robyn-parka-polyester-fyldt-02109-personalisering-10837\/french-marine-3160\/custom\/","pl":"\/pl\/p-so-02109-robyn-parka-poliestrowy-tloczony-02109-personalizacja-10837\/french-marine-3160\/custom\/"}},{"id":3107,"name":"noir","class_ids":[4],"codes_hexa":["231f20"],"delai_24":false,"has_3d":true,"seuil_global":0,"stock_local":0,"stock_global":7234,"on_standby":false,"in_catalog":true,"images":{"miniature":["https:\/\/media.th4.com\/VkLl_knR5z7WJQL0nprTYo9kq1j8PfWLX1n2cCs_EfY\/pr:80\/aHR0cDovL21lZGlhMi5kZXNpZ25wYXJ0bmVyLmZyL2MvcC8xMDgzNy8xMDgzNy0zMTA3LTEuanBn?v=1610041940","https:\/\/media.th4.com\/99miSYm2WkODBRxMe9JVDdH31ejMhKBSDE7EpNnXCAQ\/pr:80\/aHR0cDovL21lZGlhMi5kZXNpZ25wYXJ0bmVyLmZyL2MvcC8xMDgzNy8xMDgzNy0zMTA3LTIuanBn?v=1610041928","https:\/\/media.th4.com\/JNCx17whghQ_FzNF1h7oOmJVn7xHI95ta-tUJ64o5E8\/pr:80\/aHR0cDovL21lZGlhMi5kZXNpZ25wYXJ0bmVyLmZyL2MvcC8xMDgzNy8xMDgzNy0zMTA3LTMuanBn?v=1610041939"],"medium":["https:\/\/media.th4.com\/rq2-x88NuCaE-A1q6DHSrpkpKyIIHB82mJDq3p2iuO4\/pr:550x550\/aHR0cDovL21lZGlhMi5kZXNpZ25wYXJ0bmVyLmZyL2MvcC8xMDgzNy8xMDgzNy0zMTA3LTEuanBn?v=1610041940","https:\/\/media.th4.com\/qBilwM0vJktzrh7WxgpNKzzs88FSQiiHF29rMYb_sxw\/pr:550x550\/aHR0cDovL21lZGlhMi5kZXNpZ25wYXJ0bmVyLmZyL2MvcC8xMDgzNy8xMDgzNy0zMTA3LTIuanBn?v=1610041928","https:\/\/media.th4.com\/C3cnKcAerKetRhzHFXUuMHNQ8Zg422HY_1gmb97B6x4\/pr:550x550\/aHR0cDovL21lZGlhMi5kZXNpZ25wYXJ0bmVyLmZyL2MvcC8xMDgzNy8xMDgzNy0zMTA3LTMuanBn?v=1610041939"],"medium_large":["https:\/\/media.th4.com\/azNCWQ-MGz2Ziw_F42Vacan0mGGQ6ZEPGXrXkeRHzb4\/pr:1000x1000\/aHR0cDovL21lZGlhMi5kZXNpZ25wYXJ0bmVyLmZyL2MvcC8xMDgzNy8xMDgzNy0zMTA3LTEuanBn?v=1610041940","https:\/\/media.th4.com\/Yy5ejOoN9ZXxnB5HMH4zhhAUSLyfrPKBpl9FkgdiOx8\/pr:1000x1000\/aHR0cDovL21lZGlhMi5kZXNpZ25wYXJ0bmVyLmZyL2MvcC8xMDgzNy8xMDgzNy0zMTA3LTIuanBn?v=1610041928","https:\/\/media.th4.com\/S1GTHBYgcPV5p_BfiTpemYDf2tVs7NTxfOoapvMp7Qk\/pr:1000x1000\/aHR0cDovL21lZGlhMi5kZXNpZ25wYXJ0bmVyLmZyL2MvcC8xMDgzNy8xMDgzNy0zMTA3LTMuanBn?v=1610041939"],"large":["https:\/\/media.th4.com\/nhy_AYH5oZzwoTNpN4wWPXuH18x4lX8SIGwwOP4UJu0\/pr:1920\/aHR0cDovL21lZGlhMi5kZXNpZ25wYXJ0bmVyLmZyL2MvcC8xMDgzNy8xMDgzNy0zMTA3LTEuanBn?v=1610041940","https:\/\/media.th4.com\/dvWTohXPC-Y-XJLc63H34OEGXY8_zTzwWP8iPUYJNmM\/pr:1920\/aHR0cDovL21lZGlhMi5kZXNpZ25wYXJ0bmVyLmZyL2MvcC8xMDgzNy8xMDgzNy0zMTA3LTIuanBn?v=1610041928","https:\/\/media.th4.com\/GVr_JHUaXcLTBnsU8tOSVeOg8uJKp_6HSpWdWxLn_mM\/pr:1920\/aHR0cDovL21lZGlhMi5kZXNpZ25wYXJ0bmVyLmZyL2MvcC8xMDgzNy8xMDgzNy0zMTA3LTMuanBn?v=1610041939"],"opengraph":["https:\/\/media.th4.com\/LXRgSZYBROxxZEAsPaGHtNDFwIWLkNgRc8JLKPcDoZ0\/pr:1200x630\/aHR0cDovL21lZGlhMi5kZXNpZ25wYXJ0bmVyLmZyL2MvcC8xMDgzNy8xMDgzNy0zMTA3LTEuanBn?v=1610041940","https:\/\/media.th4.com\/NuILYKCiSH-oP80nN4wjpfHneecDhg-MixmiC-I-w4I\/pr:1200x630\/aHR0cDovL21lZGlhMi5kZXNpZ25wYXJ0bmVyLmZyL2MvcC8xMDgzNy8xMDgzNy0zMTA3LTIuanBn?v=1610041928","https:\/\/media.th4.com\/HaOGks74B2rjnZF7EiuwqXSXYGT8QvtkQL7so_Acom4\/pr:1200x630\/aHR0cDovL21lZGlhMi5kZXNpZ25wYXJ0bmVyLmZyL2MvcC8xMDgzNy8xMDgzNy0zMTA3LTMuanBn?v=1610041939"]},"images_customization":{"miniature":["https:\/\/media.th4.com\/TlTm4zsVRjFKIu0kzj7ZbhvRIHEQ6tvVwF5Ixw6E7o0\/pr:80\/aHR0cDovL21lZGlhMi5kZXNpZ25wYXJ0bmVyLmZyL2MvcC1zaG9wcGluZy1jdXN0b20tVEgvMTA4MzcvMTA4MzctMzEwNy0yLmpwZw?v=1737556182"],"medium":["https:\/\/media.th4.com\/10LsQCjdgI4YUkBo0hiYYdYaDfVyucDAbwrHVKtpdeU\/pr:550x550\/aHR0cDovL21lZGlhMi5kZXNpZ25wYXJ0bmVyLmZyL2MvcC1zaG9wcGluZy1jdXN0b20tVEgvMTA4MzcvMTA4MzctMzEwNy0yLmpwZw?v=1737556182"],"medium_large":["https:\/\/media.th4.com\/V8z-Ik7MWlgpWSezqeXxytXUuI8NQbsiYXcmx8am4MM\/pr:1000x1000\/aHR0cDovL21lZGlhMi5kZXNpZ25wYXJ0bmVyLmZyL2MvcC1zaG9wcGluZy1jdXN0b20tVEgvMTA4MzcvMTA4MzctMzEwNy0yLmpwZw?v=1737556182"],"large":["https:\/\/media.th4.com\/0pY4fNCXo7eDJw--e4nptf-EFqaVb1-ISlpBdgYxJ4U\/pr:1920\/aHR0cDovL21lZGlhMi5kZXNpZ25wYXJ0bmVyLmZyL2MvcC1zaG9wcGluZy1jdXN0b20tVEgvMTA4MzcvMTA4MzctMzEwNy0yLmpwZw?v=1737556182"],"opengraph":["https:\/\/media.th4.com\/G6lZn3nETZ7_nh9PpERdlSRetJkUXqe6QLw1Cld381w\/pr:1200x630\/aHR0cDovL21lZGlhMi5kZXNpZ25wYXJ0bmVyLmZyL2MvcC1zaG9wcGluZy1jdXN0b20tVEgvMTA4MzcvMTA4MzctMzEwNy0yLmpwZw?v=1737556182"]},"country_origin":"BD","traceability":{"manufacturing_country_id":59,"weaving_country_id":61,"dyeing_country_id":61},"sizes":[{"id":5,"article_id":325696,"class_id":2,"name":"XS","on_standby":false,"stock_local":0,"stock_global":123,"multiple":1,"estimated_date_reassort":null,"is_destocking":false},{"id":3,"article_id":325694,"class_id":3,"name":"S","on_standby":false,"stock_local":0,"stock_global":775,"multiple":1,"estimated_date_reassort":null,"is_destocking":false},{"id":2,"article_id":325693,"class_id":4,"name":"M","on_standby":false,"stock_local":0,"stock_global":1510,"multiple":1,"estimated_date_reassort":null,"is_destocking":false},{"id":1,"article_id":325692,"class_id":5,"name":"L","on_standby":false,"stock_local":1,"stock_global":1687,"multiple":1,"estimated_date_reassort":null,"is_destocking":true},{"id":4,"article_id":325695,"class_id":6,"name":"XL","on_standby":false,"stock_local":0,"stock_global":1234,"multiple":1,"estimated_date_reassort":null,"is_destocking":false},{"id":1116,"article_id":325697,"class_id":7,"name":"2XL","on_standby":false,"stock_local":0,"stock_global":1035,"multiple":1,"estimated_date_reassort":null,"is_destocking":false},{"id":1081,"article_id":325690,"class_id":8,"name":"3XL","on_standby":false,"stock_local":0,"stock_global":670,"multiple":1,"estimated_date_reassort":null,"is_destocking":false},{"id":16,"article_id":325691,"class_id":9,"name":"4XL","on_standby":false,"stock_local":0,"stock_global":200,"multiple":1,"estimated_date_reassort":null,"is_destocking":false}],"page_links":{"fr":"\/fr\/p-so-02109-robyn-parka-et-blouson-polyester-matelasse-zippe-02109-10837\/noir-3107\/","en":"\/en\/p-so-02109-robyn-parka-and-quilted-polyester-zip-up-jacket-02109-10837\/noir-3107\/","de":"\/de\/p-so-02109-robyn-parka-und-polyester-blouson-mit-reiszverschluss-und-matelierung-02109-10837\/noir-3107\/","nl":"\/nl\/p-so-02109-robyn-parka-en-polyesters-gestepelde-gezipte-jas-02109-10837\/noir-3107\/","es":"\/es\/p-so-02109-robyn-parka-y-chaqueta-de-poliester-acolchada-con-cremallera-02109-10837\/noir-3107\/","it":"\/it\/p-so-02109-robyn-parka-e-giacca-imbottita-in-poliestere-con-cerniera-02109-10837\/noir-3107\/","sv":"\/sv\/p-so-02109-robyn-parka-och-polyesterjacka-med-mattsomnad-och-blouse-02109-10837\/noir-3107\/","pt":"\/pt\/p-so-02109-robyn-parka-e-casaco-de-poliester-matelassado-ziperado-02109-10837\/noir-3107\/","da":"\/da\/p-so-02109-robyn-parka-og-bluson-af-polyester-matelasseret-zippet-02109-10837\/noir-3107\/","pl":"\/pl\/p-so-02109-robyn-parka-i-kurtka-poliestrowa-matowa-z-zapieciem-z-suwakiem-02109-10837\/noir-3107\/"},"page_links_customization":{"fr":"\/fr\/p-so-02109-robyn-parka-polyester-matelasse-02109-personnalisation-10837\/noir-3107\/custom\/","en":"\/en\/p-so-02109-robyn-parka-polyester-padded-02109-customization-10837\/noir-3107\/custom\/","de":"\/de\/p-so-02109-robyn-parka-polyester-gefutterte-02109-personalisierung-10837\/noir-3107\/custom\/","nl":"\/nl\/p-so-02109-robyn-parka-polyester-gestoffeerd-02109-aanpassing-10837\/noir-3107\/custom\/","es":"\/es\/p-so-02109-robyn-parka-de-poliester-acolchado-02109-personalizacion-10837\/noir-3107\/custom\/","it":"\/it\/p-so-02109-robyn-parka-in-poliestere-imbottito-02109-personalizzazione-10837\/noir-3107\/custom\/","sv":"\/sv\/p-so-02109-robyn-parka-polyester-fyllig-02109-anpassning-10837\/noir-3107\/custom\/","pt":"\/pt\/p-so-02109-robyn-parka-de-poliester-acolchoado-02109-personalizacao-10837\/noir-3107\/custom\/","da":"\/da\/p-so-02109-robyn-parka-polyester-fyldt-02109-personalisering-10837\/noir-3107\/custom\/","pl":"\/pl\/p-so-02109-robyn-parka-poliestrowy-tloczony-02109-personalizacja-10837\/noir-3107\/custom\/"}},{"id":3112,"name":"rouge","class_ids":[6],"codes_hexa":["ce2134"],"delai_24":false,"has_3d":true,"seuil_global":0,"stock_local":0,"stock_global":6878,"on_standby":false,"in_catalog":true,"images":{"miniature":["https:\/\/media.th4.com\/Mp3pRqFeKPYgvjcRz8Jdc6WvfhgkDJqRS8wAEskjWMU\/pr:80\/aHR0cDovL21lZGlhMi5kZXNpZ25wYXJ0bmVyLmZyL2MvcC8xMDgzNy8xMDgzNy0zMTEyLTEuanBn?v=1610041954","https:\/\/media.th4.com\/AFCIBCICG9Kzmb2VJCtAt3IfoC9obevmmZeFQnpOGa8\/pr:80\/aHR0cDovL21lZGlhMi5kZXNpZ25wYXJ0bmVyLmZyL2MvcC8xMDgzNy8xMDgzNy0zMTEyLTIuanBn?v=1610041951"],"medium":["https:\/\/media.th4.com\/adp9V4JHLETEz23kVcs_tW8E2uNucNyCEbfT0935HGo\/pr:550x550\/aHR0cDovL21lZGlhMi5kZXNpZ25wYXJ0bmVyLmZyL2MvcC8xMDgzNy8xMDgzNy0zMTEyLTEuanBn?v=1610041954","https:\/\/media.th4.com\/vy9h84PSSF0ANg1MGsI183pE54O0fswwjg3UKfB_8us\/pr:550x550\/aHR0cDovL21lZGlhMi5kZXNpZ25wYXJ0bmVyLmZyL2MvcC8xMDgzNy8xMDgzNy0zMTEyLTIuanBn?v=1610041951"],"medium_large":["https:\/\/media.th4.com\/RH2K9WExcn8_omuODX2lu9lFIbufUGZOYThAJ6O2hAY\/pr:1000x1000\/aHR0cDovL21lZGlhMi5kZXNpZ25wYXJ0bmVyLmZyL2MvcC8xMDgzNy8xMDgzNy0zMTEyLTEuanBn?v=1610041954","https:\/\/media.th4.com\/uN6eIocH7br-UrIDBr3KbbZGcTrVDG_sS98mKVGy434\/pr:1000x1000\/aHR0cDovL21lZGlhMi5kZXNpZ25wYXJ0bmVyLmZyL2MvcC8xMDgzNy8xMDgzNy0zMTEyLTIuanBn?v=1610041951"],"large":["https:\/\/media.th4.com\/vSSm47fYdKAzFBBAvTtXue95PEQEYe_M7PLGAQGsvDw\/pr:1920\/aHR0cDovL21lZGlhMi5kZXNpZ25wYXJ0bmVyLmZyL2MvcC8xMDgzNy8xMDgzNy0zMTEyLTEuanBn?v=1610041954","https:\/\/media.th4.com\/lrUZjNG6CnixiGOcdVguGHgPGCDpkSkqGabngglHgxk\/pr:1920\/aHR0cDovL21lZGlhMi5kZXNpZ25wYXJ0bmVyLmZyL2MvcC8xMDgzNy8xMDgzNy0zMTEyLTIuanBn?v=1610041951"],"opengraph":["https:\/\/media.th4.com\/Me9CWsXCWsMe1Ru0yNaQksFZkoPAUKMDhYsXuTHjwKc\/pr:1200x630\/aHR0cDovL21lZGlhMi5kZXNpZ25wYXJ0bmVyLmZyL2MvcC8xMDgzNy8xMDgzNy0zMTEyLTEuanBn?v=1610041954","https:\/\/media.th4.com\/BmADaQIFTbTy2IaMObG5yz_fi1Bk1F-waRzI6pJm7gg\/pr:1200x630\/aHR0cDovL21lZGlhMi5kZXNpZ25wYXJ0bmVyLmZyL2MvcC8xMDgzNy8xMDgzNy0zMTEyLTIuanBn?v=1610041951"]},"images_customization":{"miniature":["https:\/\/media.th4.com\/mWdH6LtwuuIozt3FI3nt3JALq2EiQ69Vp-KVsnBp3zY\/pr:80\/aHR0cDovL21lZGlhMi5kZXNpZ25wYXJ0bmVyLmZyL2MvcC1zaG9wcGluZy1jdXN0b20tVEgvMTA4MzcvMTA4MzctMzExMi0yLmpwZw?v=1737556182"],"medium":["https:\/\/media.th4.com\/62gXs6uPreFVmf1KM30yY5e667srJUoVd00-uWJCP0c\/pr:550x550\/aHR0cDovL21lZGlhMi5kZXNpZ25wYXJ0bmVyLmZyL2MvcC1zaG9wcGluZy1jdXN0b20tVEgvMTA4MzcvMTA4MzctMzExMi0yLmpwZw?v=1737556182"],"medium_large":["https:\/\/media.th4.com\/qG1Pn_9o_cnuLrAGnOYq_j0cRvs4RTeQm7bQ2Q3t4c0\/pr:1000x1000\/aHR0cDovL21lZGlhMi5kZXNpZ25wYXJ0bmVyLmZyL2MvcC1zaG9wcGluZy1jdXN0b20tVEgvMTA4MzcvMTA4MzctMzExMi0yLmpwZw?v=1737556182"],"large":["https:\/\/media.th4.com\/A6skIMfnbYLfc0GwRVxoGx5NTTNCSFy4_VIle3AVeaI\/pr:1920\/aHR0cDovL21lZGlhMi5kZXNpZ25wYXJ0bmVyLmZyL2MvcC1zaG9wcGluZy1jdXN0b20tVEgvMTA4MzcvMTA4MzctMzExMi0yLmpwZw?v=1737556182"],"opengraph":["https:\/\/media.th4.com\/xeEbktP38OYDr7bk-Ir43VVOFUl02XWmwxV71bZBnSc\/pr:1200x630\/aHR0cDovL21lZGlhMi5kZXNpZ25wYXJ0bmVyLmZyL2MvcC1zaG9wcGluZy1jdXN0b20tVEgvMTA4MzcvMTA4MzctMzExMi0yLmpwZw?v=1737556182"]},"country_origin":"BD","traceability":{"manufacturing_country_id":59,"weaving_country_id":61,"dyeing_country_id":61},"sizes":[{"id":5,"article_id":325704,"class_id":2,"name":"XS","on_standby":false,"stock_local":0,"stock_global":67,"multiple":1,"estimated_date_reassort":null,"is_destocking":false},{"id":3,"article_id":325702,"class_id":3,"name":"S","on_standby":false,"stock_local":0,"stock_global":691,"multiple":1,"estimated_date_reassort":null,"is_destocking":false},{"id":2,"article_id":325701,"class_id":4,"name":"M","on_standby":false,"stock_local":0,"stock_global":1339,"multiple":1,"estimated_date_reassort":null,"is_destocking":false},{"id":1,"article_id":325700,"class_id":5,"name":"L","on_standby":false,"stock_local":0,"stock_global":1684,"multiple":1,"estimated_date_reassort":null,"is_destocking":false},{"id":4,"article_id":325703,"class_id":6,"name":"XL","on_standby":false,"stock_local":0,"stock_global":1466,"multiple":1,"estimated_date_reassort":null,"is_destocking":false},{"id":1116,"article_id":325705,"class_id":7,"name":"2XL","on_standby":false,"stock_local":0,"stock_global":1126,"multiple":1,"estimated_date_reassort":null,"is_destocking":false},{"id":1081,"article_id":325698,"class_id":8,"name":"3XL","on_standby":false,"stock_local":0,"stock_global":325,"multiple":1,"estimated_date_reassort":null,"is_destocking":false},{"id":16,"article_id":325699,"class_id":9,"name":"4XL","on_standby":false,"stock_local":0,"stock_global":180,"multiple":1,"estimated_date_reassort":null,"is_destocking":false}],"page_links":{"fr":"\/fr\/p-so-02109-robyn-parka-et-blouson-polyester-matelasse-zippe-02109-10837\/rouge-3112\/","en":"\/en\/p-so-02109-robyn-parka-and-quilted-polyester-zip-up-jacket-02109-10837\/rouge-3112\/","de":"\/de\/p-so-02109-robyn-parka-und-polyester-blouson-mit-reiszverschluss-und-matelierung-02109-10837\/rouge-3112\/","nl":"\/nl\/p-so-02109-robyn-parka-en-polyesters-gestepelde-gezipte-jas-02109-10837\/rouge-3112\/","es":"\/es\/p-so-02109-robyn-parka-y-chaqueta-de-poliester-acolchada-con-cremallera-02109-10837\/rouge-3112\/","it":"\/it\/p-so-02109-robyn-parka-e-giacca-imbottita-in-poliestere-con-cerniera-02109-10837\/rouge-3112\/","sv":"\/sv\/p-so-02109-robyn-parka-och-polyesterjacka-med-mattsomnad-och-blouse-02109-10837\/rouge-3112\/","pt":"\/pt\/p-so-02109-robyn-parka-e-casaco-de-poliester-matelassado-ziperado-02109-10837\/rouge-3112\/","da":"\/da\/p-so-02109-robyn-parka-og-bluson-af-polyester-matelasseret-zippet-02109-10837\/rouge-3112\/","pl":"\/pl\/p-so-02109-robyn-parka-i-kurtka-poliestrowa-matowa-z-zapieciem-z-suwakiem-02109-10837\/rouge-3112\/"},"page_links_customization":{"fr":"\/fr\/p-so-02109-robyn-parka-polyester-matelasse-02109-personnalisation-10837\/rouge-3112\/custom\/","en":"\/en\/p-so-02109-robyn-parka-polyester-padded-02109-customization-10837\/rouge-3112\/custom\/","de":"\/de\/p-so-02109-robyn-parka-polyester-gefutterte-02109-personalisierung-10837\/rouge-3112\/custom\/","nl":"\/nl\/p-so-02109-robyn-parka-polyester-gestoffeerd-02109-aanpassing-10837\/rouge-3112\/custom\/","es":"\/es\/p-so-02109-robyn-parka-de-poliester-acolchado-02109-personalizacion-10837\/rouge-3112\/custom\/","it":"\/it\/p-so-02109-robyn-parka-in-poliestere-imbottito-02109-personalizzazione-10837\/rouge-3112\/custom\/","sv":"\/sv\/p-so-02109-robyn-parka-polyester-fyllig-02109-anpassning-10837\/rouge-3112\/custom\/","pt":"\/pt\/p-so-02109-robyn-parka-de-poliester-acolchoado-02109-personalizacao-10837\/rouge-3112\/custom\/","da":"\/da\/p-so-02109-robyn-parka-polyester-fyldt-02109-personalisering-10837\/rouge-3112\/custom\/","pl":"\/pl\/p-so-02109-robyn-parka-poliestrowy-tloczony-02109-personalizacja-10837\/rouge-3112\/custom\/"}},{"id":3111,"name":"royal","class_ids":[2],"codes_hexa":["00569f"],"delai_24":false,"has_3d":true,"seuil_global":0,"stock_local":0,"stock_global":6694,"on_standby":false,"in_catalog":true,"images":{"miniature":["https:\/\/media.th4.com\/hEw_T9ki_ghSnQ_A9nbV2Q8pxGo88sJ0-qjoRIoyqt4\/pr:80\/aHR0cDovL21lZGlhMi5kZXNpZ25wYXJ0bmVyLmZyL2MvcC8xMDgzNy8xMDgzNy0zMTExLTEuanBn?v=1610041955","https:\/\/media.th4.com\/yri1bNQB3lCjPGpTn3Z3YE10k6u4DbCr43-kAVPT-tQ\/pr:80\/aHR0cDovL21lZGlhMi5kZXNpZ25wYXJ0bmVyLmZyL2MvcC8xMDgzNy8xMDgzNy0zMTExLTIuanBn?v=1610041940","https:\/\/media.th4.com\/EfYyuio8sZaSvsWyONkaNSb5U5m3JX1kaYFkP937Qs0\/pr:80\/aHR0cDovL21lZGlhMi5kZXNpZ25wYXJ0bmVyLmZyL2MvcC8xMDgzNy8xMDgzNy0zMTExLTMuanBn?v=1610041956"],"medium":["https:\/\/media.th4.com\/fFc8_HJKEEE6NjtB2EGY4152o3_2BO-ErEwLXikYozY\/pr:550x550\/aHR0cDovL21lZGlhMi5kZXNpZ25wYXJ0bmVyLmZyL2MvcC8xMDgzNy8xMDgzNy0zMTExLTEuanBn?v=1610041955","https:\/\/media.th4.com\/mzMqjAoVlFi-pDoqZsp44C1i1fQJmsuD2QhJYOZiNnU\/pr:550x550\/aHR0cDovL21lZGlhMi5kZXNpZ25wYXJ0bmVyLmZyL2MvcC8xMDgzNy8xMDgzNy0zMTExLTIuanBn?v=1610041940","https:\/\/media.th4.com\/M9XOo00T1JeH2WLFj9aBSrjGVfsx_wTNWJD-N3cCt44\/pr:550x550\/aHR0cDovL21lZGlhMi5kZXNpZ25wYXJ0bmVyLmZyL2MvcC8xMDgzNy8xMDgzNy0zMTExLTMuanBn?v=1610041956"],"medium_large":["https:\/\/media.th4.com\/l1QgppWAOVI6rMK85fNAe4_CBs-9Xgb9MkGMqu6jG_A\/pr:1000x1000\/aHR0cDovL21lZGlhMi5kZXNpZ25wYXJ0bmVyLmZyL2MvcC8xMDgzNy8xMDgzNy0zMTExLTEuanBn?v=1610041955","https:\/\/media.th4.com\/8unVZPq4nx7xySfSJNvoy5HWtvIYB4mQxi4bHWsP3_M\/pr:1000x1000\/aHR0cDovL21lZGlhMi5kZXNpZ25wYXJ0bmVyLmZyL2MvcC8xMDgzNy8xMDgzNy0zMTExLTIuanBn?v=1610041940","https:\/\/media.th4.com\/vTER5a79nW79nXcJRDJGQUeYauNTwuP8DOnVqAsST1k\/pr:1000x1000\/aHR0cDovL21lZGlhMi5kZXNpZ25wYXJ0bmVyLmZyL2MvcC8xMDgzNy8xMDgzNy0zMTExLTMuanBn?v=1610041956"],"large":["https:\/\/media.th4.com\/ymeUl3v8muOhr4AMbHRiebe2Lz1hA7wWMzJ0TcqdOLI\/pr:1920\/aHR0cDovL21lZGlhMi5kZXNpZ25wYXJ0bmVyLmZyL2MvcC8xMDgzNy8xMDgzNy0zMTExLTEuanBn?v=1610041955","https:\/\/media.th4.com\/lc2nR9P_gty_gQo4ha9dTuZQbnsMzDXINeeJna_yhTc\/pr:1920\/aHR0cDovL21lZGlhMi5kZXNpZ25wYXJ0bmVyLmZyL2MvcC8xMDgzNy8xMDgzNy0zMTExLTIuanBn?v=1610041940","https:\/\/media.th4.com\/8dKS1x1YRk_CGqCFAtENKXBB5099Hmx0wLmC0MthVdM\/pr:1920\/aHR0cDovL21lZGlhMi5kZXNpZ25wYXJ0bmVyLmZyL2MvcC8xMDgzNy8xMDgzNy0zMTExLTMuanBn?v=1610041956"],"opengraph":["https:\/\/media.th4.com\/v3HRTq--tKOvRE_g_l-pamjzL6dJoGzgl8ohYt7wUi0\/pr:1200x630\/aHR0cDovL21lZGlhMi5kZXNpZ25wYXJ0bmVyLmZyL2MvcC8xMDgzNy8xMDgzNy0zMTExLTEuanBn?v=1610041955","https:\/\/media.th4.com\/UtqIwIDAvq638O6dylz0m_ti7I9obaPnJYmNH2QjwBU\/pr:1200x630\/aHR0cDovL21lZGlhMi5kZXNpZ25wYXJ0bmVyLmZyL2MvcC8xMDgzNy8xMDgzNy0zMTExLTIuanBn?v=1610041940","https:\/\/media.th4.com\/V5l0Wu4R5ohG7E5YG3Jl3FPk_u3xU_UHGFnPSxKOu0E\/pr:1200x630\/aHR0cDovL21lZGlhMi5kZXNpZ25wYXJ0bmVyLmZyL2MvcC8xMDgzNy8xMDgzNy0zMTExLTMuanBn?v=1610041956"]},"images_customization":{"miniature":["https:\/\/media.th4.com\/hEw_T9ki_ghSnQ_A9nbV2Q8pxGo88sJ0-qjoRIoyqt4\/pr:80\/aHR0cDovL21lZGlhMi5kZXNpZ25wYXJ0bmVyLmZyL2MvcC8xMDgzNy8xMDgzNy0zMTExLTEuanBn?v=1610041955","https:\/\/media.th4.com\/yri1bNQB3lCjPGpTn3Z3YE10k6u4DbCr43-kAVPT-tQ\/pr:80\/aHR0cDovL21lZGlhMi5kZXNpZ25wYXJ0bmVyLmZyL2MvcC8xMDgzNy8xMDgzNy0zMTExLTIuanBn?v=1610041940","https:\/\/media.th4.com\/EfYyuio8sZaSvsWyONkaNSb5U5m3JX1kaYFkP937Qs0\/pr:80\/aHR0cDovL21lZGlhMi5kZXNpZ25wYXJ0bmVyLmZyL2MvcC8xMDgzNy8xMDgzNy0zMTExLTMuanBn?v=1610041956"],"medium":["https:\/\/media.th4.com\/fFc8_HJKEEE6NjtB2EGY4152o3_2BO-ErEwLXikYozY\/pr:550x550\/aHR0cDovL21lZGlhMi5kZXNpZ25wYXJ0bmVyLmZyL2MvcC8xMDgzNy8xMDgzNy0zMTExLTEuanBn?v=1610041955","https:\/\/media.th4.com\/mzMqjAoVlFi-pDoqZsp44C1i1fQJmsuD2QhJYOZiNnU\/pr:550x550\/aHR0cDovL21lZGlhMi5kZXNpZ25wYXJ0bmVyLmZyL2MvcC8xMDgzNy8xMDgzNy0zMTExLTIuanBn?v=1610041940","https:\/\/media.th4.com\/M9XOo00T1JeH2WLFj9aBSrjGVfsx_wTNWJD-N3cCt44\/pr:550x550\/aHR0cDovL21lZGlhMi5kZXNpZ25wYXJ0bmVyLmZyL2MvcC8xMDgzNy8xMDgzNy0zMTExLTMuanBn?v=1610041956"],"medium_large":["https:\/\/media.th4.com\/l1QgppWAOVI6rMK85fNAe4_CBs-9Xgb9MkGMqu6jG_A\/pr:1000x1000\/aHR0cDovL21lZGlhMi5kZXNpZ25wYXJ0bmVyLmZyL2MvcC8xMDgzNy8xMDgzNy0zMTExLTEuanBn?v=1610041955","https:\/\/media.th4.com\/8unVZPq4nx7xySfSJNvoy5HWtvIYB4mQxi4bHWsP3_M\/pr:1000x1000\/aHR0cDovL21lZGlhMi5kZXNpZ25wYXJ0bmVyLmZyL2MvcC8xMDgzNy8xMDgzNy0zMTExLTIuanBn?v=1610041940","https:\/\/media.th4.com\/vTER5a79nW79nXcJRDJGQUeYauNTwuP8DOnVqAsST1k\/pr:1000x1000\/aHR0cDovL21lZGlhMi5kZXNpZ25wYXJ0bmVyLmZyL2MvcC8xMDgzNy8xMDgzNy0zMTExLTMuanBn?v=1610041956"],"large":["https:\/\/media.th4.com\/ymeUl3v8muOhr4AMbHRiebe2Lz1hA7wWMzJ0TcqdOLI\/pr:1920\/aHR0cDovL21lZGlhMi5kZXNpZ25wYXJ0bmVyLmZyL2MvcC8xMDgzNy8xMDgzNy0zMTExLTEuanBn?v=1610041955","https:\/\/media.th4.com\/lc2nR9P_gty_gQo4ha9dTuZQbnsMzDXINeeJna_yhTc\/pr:1920\/aHR0cDovL21lZGlhMi5kZXNpZ25wYXJ0bmVyLmZyL2MvcC8xMDgzNy8xMDgzNy0zMTExLTIuanBn?v=1610041940","https:\/\/media.th4.com\/8dKS1x1YRk_CGqCFAtENKXBB5099Hmx0wLmC0MthVdM\/pr:1920\/aHR0cDovL21lZGlhMi5kZXNpZ25wYXJ0bmVyLmZyL2MvcC8xMDgzNy8xMDgzNy0zMTExLTMuanBn?v=1610041956"],"opengraph":["https:\/\/media.th4.com\/v3HRTq--tKOvRE_g_l-pamjzL6dJoGzgl8ohYt7wUi0\/pr:1200x630\/aHR0cDovL21lZGlhMi5kZXNpZ25wYXJ0bmVyLmZyL2MvcC8xMDgzNy8xMDgzNy0zMTExLTEuanBn?v=1610041955","https:\/\/media.th4.com\/UtqIwIDAvq638O6dylz0m_ti7I9obaPnJYmNH2QjwBU\/pr:1200x630\/aHR0cDovL21lZGlhMi5kZXNpZ25wYXJ0bmVyLmZyL2MvcC8xMDgzNy8xMDgzNy0zMTExLTIuanBn?v=1610041940","https:\/\/media.th4.com\/V5l0Wu4R5ohG7E5YG3Jl3FPk_u3xU_UHGFnPSxKOu0E\/pr:1200x630\/aHR0cDovL21lZGlhMi5kZXNpZ25wYXJ0bmVyLmZyL2MvcC8xMDgzNy8xMDgzNy0zMTExLTMuanBn?v=1610041956"]},"country_origin":"BD","traceability":{"manufacturing_country_id":59,"weaving_country_id":61,"dyeing_country_id":61},"sizes":[{"id":5,"article_id":325712,"class_id":2,"name":"XS","on_standby":false,"stock_local":0,"stock_global":180,"multiple":1,"estimated_date_reassort":null,"is_destocking":false},{"id":3,"article_id":325710,"class_id":3,"name":"S","on_standby":false,"stock_local":0,"stock_global":566,"multiple":1,"estimated_date_reassort":null,"is_destocking":false},{"id":2,"article_id":325709,"class_id":4,"name":"M","on_standby":false,"stock_local":0,"stock_global":1614,"multiple":1,"estimated_date_reassort":null,"is_destocking":false},{"id":1,"article_id":325708,"class_id":5,"name":"L","on_standby":false,"stock_local":0,"stock_global":2113,"multiple":1,"estimated_date_reassort":null,"is_destocking":false},{"id":4,"article_id":325711,"class_id":6,"name":"XL","on_standby":false,"stock_local":0,"stock_global":1277,"multiple":1,"estimated_date_reassort":null,"is_destocking":false},{"id":1116,"article_id":325713,"class_id":7,"name":"2XL","on_standby":false,"stock_local":0,"stock_global":708,"multiple":1,"estimated_date_reassort":null,"is_destocking":false},{"id":1081,"article_id":325706,"class_id":8,"name":"3XL","on_standby":false,"stock_local":0,"stock_global":174,"multiple":1,"estimated_date_reassort":null,"is_destocking":false},{"id":16,"article_id":325707,"class_id":9,"name":"4XL","on_standby":false,"stock_local":0,"stock_global":62,"multiple":1,"estimated_date_reassort":null,"is_destocking":false}],"page_links":{"fr":"\/fr\/p-so-02109-robyn-parka-et-blouson-polyester-matelasse-zippe-02109-10837\/royal-3111\/","en":"\/en\/p-so-02109-robyn-parka-and-quilted-polyester-zip-up-jacket-02109-10837\/royal-3111\/","de":"\/de\/p-so-02109-robyn-parka-und-polyester-blouson-mit-reiszverschluss-und-matelierung-02109-10837\/royal-3111\/","nl":"\/nl\/p-so-02109-robyn-parka-en-polyesters-gestepelde-gezipte-jas-02109-10837\/royal-3111\/","es":"\/es\/p-so-02109-robyn-parka-y-chaqueta-de-poliester-acolchada-con-cremallera-02109-10837\/royal-3111\/","it":"\/it\/p-so-02109-robyn-parka-e-giacca-imbottita-in-poliestere-con-cerniera-02109-10837\/royal-3111\/","sv":"\/sv\/p-so-02109-robyn-parka-och-polyesterjacka-med-mattsomnad-och-blouse-02109-10837\/royal-3111\/","pt":"\/pt\/p-so-02109-robyn-parka-e-casaco-de-poliester-matelassado-ziperado-02109-10837\/royal-3111\/","da":"\/da\/p-so-02109-robyn-parka-og-bluson-af-polyester-matelasseret-zippet-02109-10837\/royal-3111\/","pl":"\/pl\/p-so-02109-robyn-parka-i-kurtka-poliestrowa-matowa-z-zapieciem-z-suwakiem-02109-10837\/royal-3111\/"},"page_links_customization":{"fr":"\/fr\/p-so-02109-robyn-parka-polyester-matelasse-02109-personnalisation-10837\/royal-3111\/custom\/","en":"\/en\/p-so-02109-robyn-parka-polyester-padded-02109-customization-10837\/royal-3111\/custom\/","de":"\/de\/p-so-02109-robyn-parka-polyester-gefutterte-02109-personalisierung-10837\/royal-3111\/custom\/","nl":"\/nl\/p-so-02109-robyn-parka-polyester-gestoffeerd-02109-aanpassing-10837\/royal-3111\/custom\/","es":"\/es\/p-so-02109-robyn-parka-de-poliester-acolchado-02109-personalizacion-10837\/royal-3111\/custom\/","it":"\/it\/p-so-02109-robyn-parka-in-poliestere-imbottito-02109-personalizzazione-10837\/royal-3111\/custom\/","sv":"\/sv\/p-so-02109-robyn-parka-polyester-fyllig-02109-anpassning-10837\/royal-3111\/custom\/","pt":"\/pt\/p-so-02109-robyn-parka-de-poliester-acolchoado-02109-personalizacao-10837\/royal-3111\/custom\/","da":"\/da\/p-so-02109-robyn-parka-polyester-fyldt-02109-personalisering-10837\/royal-3111\/custom\/","pl":"\/pl\/p-so-02109-robyn-parka-poliestrowy-tloczony-02109-personalizacja-10837\/royal-3111\/custom\/"}},{"id":3133,"name":"anthracite","class_ids":[3],"codes_hexa":["161724"],"delai_24":false,"has_3d":true,"seuil_global":0,"stock_local":0,"stock_global":5402,"on_standby":false,"in_catalog":true,"images":{"miniature":["https:\/\/media.th4.com\/Mi2znXTf8FvxKJyao4PChiMr4gLxVySxU4iXwSJYA2g\/pr:80\/aHR0cDovL21lZGlhMi5kZXNpZ25wYXJ0bmVyLmZyL2MvcC8xMDgzNy8xMDgzNy0zMTMzLTEuanBn?v=1610041944","https:\/\/media.th4.com\/L3dRiMezOen3UMxfFWP3G3KMShdzN7RccrNASbr5l-I\/pr:80\/aHR0cDovL21lZGlhMi5kZXNpZ25wYXJ0bmVyLmZyL2MvcC8xMDgzNy8xMDgzNy0zMTMzLTIuanBn?v=1610041948","https:\/\/media.th4.com\/Lb0aF9iWiklCL96kP57D9348k8uEy72r5hA8j2JOXk8\/pr:80\/aHR0cDovL21lZGlhMi5kZXNpZ25wYXJ0bmVyLmZyL2MvcC8xMDgzNy8xMDgzNy0zMTMzLTMuanBn?v=1610041956"],"medium":["https:\/\/media.th4.com\/H8UkaCgn2vzfKZyV8AWX_8vd2kmky6olKZW0ozPd85k\/pr:550x550\/aHR0cDovL21lZGlhMi5kZXNpZ25wYXJ0bmVyLmZyL2MvcC8xMDgzNy8xMDgzNy0zMTMzLTEuanBn?v=1610041944","https:\/\/media.th4.com\/7VHZ8Lu6cmMipGIlZe6YpdKj6VNiM-_xAU1y4y47ANk\/pr:550x550\/aHR0cDovL21lZGlhMi5kZXNpZ25wYXJ0bmVyLmZyL2MvcC8xMDgzNy8xMDgzNy0zMTMzLTIuanBn?v=1610041948","https:\/\/media.th4.com\/LDPtp-LEnPspkCLlVUrG__9oJOdXsQ32tX8vcsJpnLA\/pr:550x550\/aHR0cDovL21lZGlhMi5kZXNpZ25wYXJ0bmVyLmZyL2MvcC8xMDgzNy8xMDgzNy0zMTMzLTMuanBn?v=1610041956"],"medium_large":["https:\/\/media.th4.com\/9JpJgR0l45FK70gunKPm4nwQRUdLlB4ft3-RY32at0A\/pr:1000x1000\/aHR0cDovL21lZGlhMi5kZXNpZ25wYXJ0bmVyLmZyL2MvcC8xMDgzNy8xMDgzNy0zMTMzLTEuanBn?v=1610041944","https:\/\/media.th4.com\/oSC_IVuTaqPU9Jaga2z4MYuXwUNBiq2MDNEp-1Y6mS8\/pr:1000x1000\/aHR0cDovL21lZGlhMi5kZXNpZ25wYXJ0bmVyLmZyL2MvcC8xMDgzNy8xMDgzNy0zMTMzLTIuanBn?v=1610041948","https:\/\/media.th4.com\/RNG1zDy2uYDn00gX2DxgItEk6BB4m0g8qd4vs5t70Cs\/pr:1000x1000\/aHR0cDovL21lZGlhMi5kZXNpZ25wYXJ0bmVyLmZyL2MvcC8xMDgzNy8xMDgzNy0zMTMzLTMuanBn?v=1610041956"],"large":["https:\/\/media.th4.com\/W64nff5S_Jomi-f_jhWCvfhGE9ZkeSH0OaVeHM69t_w\/pr:1920\/aHR0cDovL21lZGlhMi5kZXNpZ25wYXJ0bmVyLmZyL2MvcC8xMDgzNy8xMDgzNy0zMTMzLTEuanBn?v=1610041944","https:\/\/media.th4.com\/a3Rum9ILY6RMMNKT0zUx4RWvPso7sro4cidEmT28nJ4\/pr:1920\/aHR0cDovL21lZGlhMi5kZXNpZ25wYXJ0bmVyLmZyL2MvcC8xMDgzNy8xMDgzNy0zMTMzLTIuanBn?v=1610041948","https:\/\/media.th4.com\/9QCJHvbCtWlOjT9vFdEdrpytQtY9Bsqi3r6elYW71G8\/pr:1920\/aHR0cDovL21lZGlhMi5kZXNpZ25wYXJ0bmVyLmZyL2MvcC8xMDgzNy8xMDgzNy0zMTMzLTMuanBn?v=1610041956"],"opengraph":["https:\/\/media.th4.com\/SpkHWbbdS_gdexmGWySm1MDtxGbLwkT66Pt7zUr8trg\/pr:1200x630\/aHR0cDovL21lZGlhMi5kZXNpZ25wYXJ0bmVyLmZyL2MvcC8xMDgzNy8xMDgzNy0zMTMzLTEuanBn?v=1610041944","https:\/\/media.th4.com\/1TjrhJ_JX5MpW1AN1mosC3Azb1afflN9geqm1XYF0t4\/pr:1200x630\/aHR0cDovL21lZGlhMi5kZXNpZ25wYXJ0bmVyLmZyL2MvcC8xMDgzNy8xMDgzNy0zMTMzLTIuanBn?v=1610041948","https:\/\/media.th4.com\/LKM9eIU9MT5wvtb3dU7ETdWyjSCvl4LbEcJVXSqgxpI\/pr:1200x630\/aHR0cDovL21lZGlhMi5kZXNpZ25wYXJ0bmVyLmZyL2MvcC8xMDgzNy8xMDgzNy0zMTMzLTMuanBn?v=1610041956"]},"images_customization":{"miniature":["https:\/\/media.th4.com\/RzbIH6h8PHlWzbEwg8x_IWoFth5DyyNqPv5bd1vsujA\/pr:80\/aHR0cDovL21lZGlhMi5kZXNpZ25wYXJ0bmVyLmZyL2MvcC1zaG9wcGluZy1jdXN0b20tVEgvMTA4MzcvMTA4MzctMzEzMy0yLmpwZw?v=1737556182"],"medium":["https:\/\/media.th4.com\/MLY2S5QZ76krblJYXXnjBiZMyejDJ1xSKaNf1g0rMUs\/pr:550x550\/aHR0cDovL21lZGlhMi5kZXNpZ25wYXJ0bmVyLmZyL2MvcC1zaG9wcGluZy1jdXN0b20tVEgvMTA4MzcvMTA4MzctMzEzMy0yLmpwZw?v=1737556182"],"medium_large":["https:\/\/media.th4.com\/_X18hNylMA342IKFUwf5EdNNwFdM0L1Z00Kexy11GBY\/pr:1000x1000\/aHR0cDovL21lZGlhMi5kZXNpZ25wYXJ0bmVyLmZyL2MvcC1zaG9wcGluZy1jdXN0b20tVEgvMTA4MzcvMTA4MzctMzEzMy0yLmpwZw?v=1737556182"],"large":["https:\/\/media.th4.com\/ypRW7bMrjPIiqDJRm-BmVSC-dm2_wbl7fHe1AJ23ddA\/pr:1920\/aHR0cDovL21lZGlhMi5kZXNpZ25wYXJ0bmVyLmZyL2MvcC1zaG9wcGluZy1jdXN0b20tVEgvMTA4MzcvMTA4MzctMzEzMy0yLmpwZw?v=1737556182"],"opengraph":["https:\/\/media.th4.com\/2iX-6M6XqgiaRcKVIObp07GbkfHnmZchGIodxXUbTEA\/pr:1200x630\/aHR0cDovL21lZGlhMi5kZXNpZ25wYXJ0bmVyLmZyL2MvcC1zaG9wcGluZy1jdXN0b20tVEgvMTA4MzcvMTA4MzctMzEzMy0yLmpwZw?v=1737556182"]},"country_origin":"BD","traceability":{"manufacturing_country_id":59,"weaving_country_id":61,"dyeing_country_id":61},"sizes":[{"id":5,"article_id":325672,"class_id":2,"name":"XS","on_standby":false,"stock_local":0,"stock_global":46,"multiple":1,"estimated_date_reassort":null,"is_destocking":false},{"id":3,"article_id":325670,"class_id":3,"name":"S","on_standby":false,"stock_local":0,"stock_global":545,"multiple":1,"estimated_date_reassort":null,"is_destocking":false},{"id":2,"article_id":325669,"class_id":4,"name":"M","on_standby":false,"stock_local":0,"stock_global":1280,"multiple":1,"estimated_date_reassort":null,"is_destocking":false},{"id":1,"article_id":325668,"class_id":5,"name":"L","on_standby":false,"stock_local":0,"stock_global":1592,"multiple":1,"estimated_date_reassort":null,"is_destocking":false},{"id":4,"article_id":325671,"class_id":6,"name":"XL","on_standby":false,"stock_local":0,"stock_global":1090,"multiple":1,"estimated_date_reassort":null,"is_destocking":false},{"id":1116,"article_id":325673,"class_id":7,"name":"2XL","on_standby":false,"stock_local":0,"stock_global":497,"multiple":1,"estimated_date_reassort":null,"is_destocking":false},{"id":1081,"article_id":325666,"class_id":8,"name":"3XL","on_standby":false,"stock_local":0,"stock_global":240,"multiple":1,"estimated_date_reassort":null,"is_destocking":false},{"id":16,"article_id":325667,"class_id":9,"name":"4XL","on_standby":false,"stock_local":0,"stock_global":112,"multiple":1,"estimated_date_reassort":null,"is_destocking":false}],"page_links":{"fr":"\/fr\/p-so-02109-robyn-parka-et-blouson-polyester-matelasse-zippe-02109-10837\/anthracite-3133\/","en":"\/en\/p-so-02109-robyn-parka-and-quilted-polyester-zip-up-jacket-02109-10837\/anthracite-3133\/","de":"\/de\/p-so-02109-robyn-parka-und-polyester-blouson-mit-reiszverschluss-und-matelierung-02109-10837\/anthracite-3133\/","nl":"\/nl\/p-so-02109-robyn-parka-en-polyesters-gestepelde-gezipte-jas-02109-10837\/anthracite-3133\/","es":"\/es\/p-so-02109-robyn-parka-y-chaqueta-de-poliester-acolchada-con-cremallera-02109-10837\/anthracite-3133\/","it":"\/it\/p-so-02109-robyn-parka-e-giacca-imbottita-in-poliestere-con-cerniera-02109-10837\/anthracite-3133\/","sv":"\/sv\/p-so-02109-robyn-parka-och-polyesterjacka-med-mattsomnad-och-blouse-02109-10837\/anthracite-3133\/","pt":"\/pt\/p-so-02109-robyn-parka-e-casaco-de-poliester-matelassado-ziperado-02109-10837\/anthracite-3133\/","da":"\/da\/p-so-02109-robyn-parka-og-bluson-af-polyester-matelasseret-zippet-02109-10837\/anthracite-3133\/","pl":"\/pl\/p-so-02109-robyn-parka-i-kurtka-poliestrowa-matowa-z-zapieciem-z-suwakiem-02109-10837\/anthracite-3133\/"},"page_links_customization":{"fr":"\/fr\/p-so-02109-robyn-parka-polyester-matelasse-02109-personnalisation-10837\/anthracite-3133\/custom\/","en":"\/en\/p-so-02109-robyn-parka-polyester-padded-02109-customization-10837\/anthracite-3133\/custom\/","de":"\/de\/p-so-02109-robyn-parka-polyester-gefutterte-02109-personalisierung-10837\/anthracite-3133\/custom\/","nl":"\/nl\/p-so-02109-robyn-parka-polyester-gestoffeerd-02109-aanpassing-10837\/anthracite-3133\/custom\/","es":"\/es\/p-so-02109-robyn-parka-de-poliester-acolchado-02109-personalizacion-10837\/anthracite-3133\/custom\/","it":"\/it\/p-so-02109-robyn-parka-in-poliestere-imbottito-02109-personalizzazione-10837\/anthracite-3133\/custom\/","sv":"\/sv\/p-so-02109-robyn-parka-polyester-fyllig-02109-anpassning-10837\/anthracite-3133\/custom\/","pt":"\/pt\/p-so-02109-robyn-parka-de-poliester-acolchoado-02109-personalizacao-10837\/anthracite-3133\/custom\/","da":"\/da\/p-so-02109-robyn-parka-polyester-fyldt-02109-personalisering-10837\/anthracite-3133\/custom\/","pl":"\/pl\/p-so-02109-robyn-parka-poliestrowy-tloczony-02109-personalizacja-10837\/anthracite-3133\/custom\/"}},{"id":3142,"name":"vert_foret","class_ids":[5],"codes_hexa":["17442e"],"delai_24":false,"has_3d":true,"seuil_global":0,"stock_local":0,"stock_global":3409,"on_standby":false,"in_catalog":true,"images":{"miniature":["https:\/\/media.th4.com\/ac4JaavVBTse9c8oEF-cPmez-zD5UOc9zLTqdpC8NjA\/pr:80\/aHR0cDovL21lZGlhMi5kZXNpZ25wYXJ0bmVyLmZyL2MvcC8xMDgzNy8xMDgzNy0zMTQyLTEuanBn?v=1610041939","https:\/\/media.th4.com\/IwQYIZAiDU1KFbfhTdOBOgrX0uDaBguJnFh2oRKXuOE\/pr:80\/aHR0cDovL21lZGlhMi5kZXNpZ25wYXJ0bmVyLmZyL2MvcC8xMDgzNy8xMDgzNy0zMTQyLTIuanBn?v=1610041940","https:\/\/media.th4.com\/cyBrWeFxAK34bofmuZOjefr-8phViNixggvigIPu2uA\/pr:80\/aHR0cDovL21lZGlhMi5kZXNpZ25wYXJ0bmVyLmZyL2MvcC8xMDgzNy8xMDgzNy0zMTQyLTMuanBn?v=1610041935"],"medium":["https:\/\/media.th4.com\/t7KWBYaukxt6CzarfQBOlS1n6aMZn2e6gtLvBod971g\/pr:550x550\/aHR0cDovL21lZGlhMi5kZXNpZ25wYXJ0bmVyLmZyL2MvcC8xMDgzNy8xMDgzNy0zMTQyLTEuanBn?v=1610041939","https:\/\/media.th4.com\/xCAKVWAaMZIo14LzqzTjVfYb5OgT_yWR3rdokmS7W-Y\/pr:550x550\/aHR0cDovL21lZGlhMi5kZXNpZ25wYXJ0bmVyLmZyL2MvcC8xMDgzNy8xMDgzNy0zMTQyLTIuanBn?v=1610041940","https:\/\/media.th4.com\/x4Wkd-UB4wT7-gfRtuiiax-P-km3SxGuZjZVWqw1xik\/pr:550x550\/aHR0cDovL21lZGlhMi5kZXNpZ25wYXJ0bmVyLmZyL2MvcC8xMDgzNy8xMDgzNy0zMTQyLTMuanBn?v=1610041935"],"medium_large":["https:\/\/media.th4.com\/invCcM9WmVVP0A7Psi8CQMK2QyDb_pNh4UkddS1TexA\/pr:1000x1000\/aHR0cDovL21lZGlhMi5kZXNpZ25wYXJ0bmVyLmZyL2MvcC8xMDgzNy8xMDgzNy0zMTQyLTEuanBn?v=1610041939","https:\/\/media.th4.com\/__cM0QmzWJPo6JqLb1eYumkqxH9zptd4eGe-f2iI0PE\/pr:1000x1000\/aHR0cDovL21lZGlhMi5kZXNpZ25wYXJ0bmVyLmZyL2MvcC8xMDgzNy8xMDgzNy0zMTQyLTIuanBn?v=1610041940","https:\/\/media.th4.com\/89WCMNJdROvxWtGPkIFPEGjku0znPhIRc4_uAaVb4e4\/pr:1000x1000\/aHR0cDovL21lZGlhMi5kZXNpZ25wYXJ0bmVyLmZyL2MvcC8xMDgzNy8xMDgzNy0zMTQyLTMuanBn?v=1610041935"],"large":["https:\/\/media.th4.com\/P2rWiDSg6Ihzz3U34DWCnEYGeYDRZBnFZr6s3sZvh34\/pr:1920\/aHR0cDovL21lZGlhMi5kZXNpZ25wYXJ0bmVyLmZyL2MvcC8xMDgzNy8xMDgzNy0zMTQyLTEuanBn?v=1610041939","https:\/\/media.th4.com\/p8aTTe0BRZDKF8N_13qJaKTNwCylZAVhugYSbV30Ej8\/pr:1920\/aHR0cDovL21lZGlhMi5kZXNpZ25wYXJ0bmVyLmZyL2MvcC8xMDgzNy8xMDgzNy0zMTQyLTIuanBn?v=1610041940","https:\/\/media.th4.com\/gh6Nl0-klWYrqCf40jKMu1tv6jiSKgpoWnI5ouBZt9M\/pr:1920\/aHR0cDovL21lZGlhMi5kZXNpZ25wYXJ0bmVyLmZyL2MvcC8xMDgzNy8xMDgzNy0zMTQyLTMuanBn?v=1610041935"],"opengraph":["https:\/\/media.th4.com\/knjbcf0fTuZGzkTlNutIJe9F931JM5KXPqgKh9-P7nc\/pr:1200x630\/aHR0cDovL21lZGlhMi5kZXNpZ25wYXJ0bmVyLmZyL2MvcC8xMDgzNy8xMDgzNy0zMTQyLTEuanBn?v=1610041939","https:\/\/media.th4.com\/ds4h-uU1dMATpMlnV4hDi7zH8YCo2Wcd-3N1QCxqDvc\/pr:1200x630\/aHR0cDovL21lZGlhMi5kZXNpZ25wYXJ0bmVyLmZyL2MvcC8xMDgzNy8xMDgzNy0zMTQyLTIuanBn?v=1610041940","https:\/\/media.th4.com\/r7tzkOIM-3VVJ6XKF22Y0dC3uskWJ-EWa66sHdPGUKc\/pr:1200x630\/aHR0cDovL21lZGlhMi5kZXNpZ25wYXJ0bmVyLmZyL2MvcC8xMDgzNy8xMDgzNy0zMTQyLTMuanBn?v=1610041935"]},"images_customization":{"miniature":["https:\/\/media.th4.com\/h8MFLOFlyoBH5xYHRkwocJwksdb-3VCCJlNCbLWgoxw\/pr:80\/aHR0cDovL21lZGlhMi5kZXNpZ25wYXJ0bmVyLmZyL2MvcC1zaG9wcGluZy1jdXN0b20tVEgvMTA4MzcvMTA4MzctMzE0Mi0yLmpwZw?v=1737556182"],"medium":["https:\/\/media.th4.com\/w-kpcP_uV5xPtlvDFOTKDVlr7tXd6NwSjg0lKbYujBs\/pr:550x550\/aHR0cDovL21lZGlhMi5kZXNpZ25wYXJ0bmVyLmZyL2MvcC1zaG9wcGluZy1jdXN0b20tVEgvMTA4MzcvMTA4MzctMzE0Mi0yLmpwZw?v=1737556182"],"medium_large":["https:\/\/media.th4.com\/Ram5kcrSMM8RvxTjA2C8lIrfVKwCYo5BAQvNoJeJsGw\/pr:1000x1000\/aHR0cDovL21lZGlhMi5kZXNpZ25wYXJ0bmVyLmZyL2MvcC1zaG9wcGluZy1jdXN0b20tVEgvMTA4MzcvMTA4MzctMzE0Mi0yLmpwZw?v=1737556182"],"large":["https:\/\/media.th4.com\/sCjrhELs-4ibA8A4azYg7t2zs_U2NR4fwjsk4pew4Jc\/pr:1920\/aHR0cDovL21lZGlhMi5kZXNpZ25wYXJ0bmVyLmZyL2MvcC1zaG9wcGluZy1jdXN0b20tVEgvMTA4MzcvMTA4MzctMzE0Mi0yLmpwZw?v=1737556182"],"opengraph":["https:\/\/media.th4.com\/f7LfnJIOCvgowLUfgEoYlkYfJn1uZHoOLcJO2RMeSDw\/pr:1200x630\/aHR0cDovL21lZGlhMi5kZXNpZ25wYXJ0bmVyLmZyL2MvcC1zaG9wcGluZy1jdXN0b20tVEgvMTA4MzcvMTA4MzctMzE0Mi0yLmpwZw?v=1737556182"]},"country_origin":"BD","traceability":{"manufacturing_country_id":59,"weaving_country_id":61,"dyeing_country_id":61},"sizes":[{"id":5,"article_id":365086,"class_id":2,"name":"XS","on_standby":false,"stock_local":0,"stock_global":39,"multiple":1,"estimated_date_reassort":null,"is_destocking":false},{"id":3,"article_id":365084,"class_id":3,"name":"S","on_standby":false,"stock_local":0,"stock_global":230,"multiple":1,"estimated_date_reassort":null,"is_destocking":false},{"id":2,"article_id":365083,"class_id":4,"name":"M","on_standby":false,"stock_local":0,"stock_global":875,"multiple":1,"estimated_date_reassort":null,"is_destocking":false},{"id":1,"article_id":365082,"class_id":5,"name":"L","on_standby":false,"stock_local":0,"stock_global":809,"multiple":1,"estimated_date_reassort":null,"is_destocking":false},{"id":4,"article_id":365085,"class_id":6,"name":"XL","on_standby":false,"stock_local":0,"stock_global":754,"multiple":1,"estimated_date_reassort":null,"is_destocking":false},{"id":1116,"article_id":365087,"class_id":7,"name":"2XL","on_standby":false,"stock_local":0,"stock_global":438,"multiple":1,"estimated_date_reassort":null,"is_destocking":false},{"id":1081,"article_id":365080,"class_id":8,"name":"3XL","on_standby":false,"stock_local":0,"stock_global":168,"multiple":1,"estimated_date_reassort":null,"is_destocking":false},{"id":16,"article_id":365081,"class_id":9,"name":"4XL","on_standby":false,"stock_local":0,"stock_global":96,"multiple":1,"estimated_date_reassort":null,"is_destocking":false}],"page_links":{"fr":"\/fr\/p-so-02109-robyn-parka-et-blouson-polyester-matelasse-zippe-02109-10837\/vert-foret-3142\/","en":"\/en\/p-so-02109-robyn-parka-and-quilted-polyester-zip-up-jacket-02109-10837\/vert-foret-3142\/","de":"\/de\/p-so-02109-robyn-parka-und-polyester-blouson-mit-reiszverschluss-und-matelierung-02109-10837\/vert-foret-3142\/","nl":"\/nl\/p-so-02109-robyn-parka-en-polyesters-gestepelde-gezipte-jas-02109-10837\/vert-foret-3142\/","es":"\/es\/p-so-02109-robyn-parka-y-chaqueta-de-poliester-acolchada-con-cremallera-02109-10837\/vert-foret-3142\/","it":"\/it\/p-so-02109-robyn-parka-e-giacca-imbottita-in-poliestere-con-cerniera-02109-10837\/vert-foret-3142\/","sv":"\/sv\/p-so-02109-robyn-parka-och-polyesterjacka-med-mattsomnad-och-blouse-02109-10837\/vert-foret-3142\/","pt":"\/pt\/p-so-02109-robyn-parka-e-casaco-de-poliester-matelassado-ziperado-02109-10837\/vert-foret-3142\/","da":"\/da\/p-so-02109-robyn-parka-og-bluson-af-polyester-matelasseret-zippet-02109-10837\/vert-foret-3142\/","pl":"\/pl\/p-so-02109-robyn-parka-i-kurtka-poliestrowa-matowa-z-zapieciem-z-suwakiem-02109-10837\/vert-foret-3142\/"},"page_links_customization":{"fr":"\/fr\/p-so-02109-robyn-parka-polyester-matelasse-02109-personnalisation-10837\/vert-foret-3142\/custom\/","en":"\/en\/p-so-02109-robyn-parka-polyester-padded-02109-customization-10837\/vert-foret-3142\/custom\/","de":"\/de\/p-so-02109-robyn-parka-polyester-gefutterte-02109-personalisierung-10837\/vert-foret-3142\/custom\/","nl":"\/nl\/p-so-02109-robyn-parka-polyester-gestoffeerd-02109-aanpassing-10837\/vert-foret-3142\/custom\/","es":"\/es\/p-so-02109-robyn-parka-de-poliester-acolchado-02109-personalizacion-10837\/vert-foret-3142\/custom\/","it":"\/it\/p-so-02109-robyn-parka-in-poliestere-imbottito-02109-personalizzazione-10837\/vert-foret-3142\/custom\/","sv":"\/sv\/p-so-02109-robyn-parka-polyester-fyllig-02109-anpassning-10837\/vert-foret-3142\/custom\/","pt":"\/pt\/p-so-02109-robyn-parka-de-poliester-acolchoado-02109-personalizacao-10837\/vert-foret-3142\/custom\/","da":"\/da\/p-so-02109-robyn-parka-polyester-fyldt-02109-personalisering-10837\/vert-foret-3142\/custom\/","pl":"\/pl\/p-so-02109-robyn-parka-poliestrowy-tloczony-02109-personalizacja-10837\/vert-foret-3142\/custom\/"}},{"id":3122,"name":"vert_prairie","class_ids":[5],"codes_hexa":["00985A"],"delai_24":false,"has_3d":true,"seuil_global":0,"stock_local":0,"stock_global":1306,"on_standby":false,"in_catalog":true,"images":{"miniature":["https:\/\/media.th4.com\/pCgBBT3xgat5hzX9A6QuwRNhv0K5DMRzlFYsIFsE9lc\/pr:80\/aHR0cDovL21lZGlhMi5kZXNpZ25wYXJ0bmVyLmZyL2MvcC8xMDgzNy8xMDgzNy0zMTIyLTEuanBn?v=1610041936","https:\/\/media.th4.com\/cLd5D3RcGDsMiRwAJFZeGioo3T971aXofnmpsvi1OMk\/pr:80\/aHR0cDovL21lZGlhMi5kZXNpZ25wYXJ0bmVyLmZyL2MvcC8xMDgzNy8xMDgzNy0zMTIyLTIuanBn?v=1610041935","https:\/\/media.th4.com\/6mvOtLlK9K5sp3KurzWFb6g2djYBwVVGJHO-LD86Ay4\/pr:80\/aHR0cDovL21lZGlhMi5kZXNpZ25wYXJ0bmVyLmZyL2MvcC8xMDgzNy8xMDgzNy0zMTIyLTMuanBn?v=1610041923"],"medium":["https:\/\/media.th4.com\/uiWDN_o_zt3HUfqFyEAJQjw77k_DpS1qkgpFMfCmfZM\/pr:550x550\/aHR0cDovL21lZGlhMi5kZXNpZ25wYXJ0bmVyLmZyL2MvcC8xMDgzNy8xMDgzNy0zMTIyLTEuanBn?v=1610041936","https:\/\/media.th4.com\/10-RMULs_s0b1kT_jfwnuI0CP9pJu-xCEx8MAL3Zo6M\/pr:550x550\/aHR0cDovL21lZGlhMi5kZXNpZ25wYXJ0bmVyLmZyL2MvcC8xMDgzNy8xMDgzNy0zMTIyLTIuanBn?v=1610041935","https:\/\/media.th4.com\/oDzhKSaMgEmLetNCqLIFKBpbvakx0MDnHs0RgCp2EbA\/pr:550x550\/aHR0cDovL21lZGlhMi5kZXNpZ25wYXJ0bmVyLmZyL2MvcC8xMDgzNy8xMDgzNy0zMTIyLTMuanBn?v=1610041923"],"medium_large":["https:\/\/media.th4.com\/yjAR0t8JsUlCrpSTH_W44BAYdA0rvJSv2zoTjnSMDWc\/pr:1000x1000\/aHR0cDovL21lZGlhMi5kZXNpZ25wYXJ0bmVyLmZyL2MvcC8xMDgzNy8xMDgzNy0zMTIyLTEuanBn?v=1610041936","https:\/\/media.th4.com\/hQzcnC71P-tk5sy8_s93-1TLb5dGYetDQw-gk2m8bmU\/pr:1000x1000\/aHR0cDovL21lZGlhMi5kZXNpZ25wYXJ0bmVyLmZyL2MvcC8xMDgzNy8xMDgzNy0zMTIyLTIuanBn?v=1610041935","https:\/\/media.th4.com\/uyRvNY3tPCldWvJUp8h0LKvleBxgdIZUl1nSPvM3Ll0\/pr:1000x1000\/aHR0cDovL21lZGlhMi5kZXNpZ25wYXJ0bmVyLmZyL2MvcC8xMDgzNy8xMDgzNy0zMTIyLTMuanBn?v=1610041923"],"large":["https:\/\/media.th4.com\/ohjfa1nfYUlDizK8gbUYsYoOmLP4ByHDgtSsgX9ojfw\/pr:1920\/aHR0cDovL21lZGlhMi5kZXNpZ25wYXJ0bmVyLmZyL2MvcC8xMDgzNy8xMDgzNy0zMTIyLTEuanBn?v=1610041936","https:\/\/media.th4.com\/p3031-dVR8ZtX_qEajnQHkcLx59aEadNsmvlc3PlOVI\/pr:1920\/aHR0cDovL21lZGlhMi5kZXNpZ25wYXJ0bmVyLmZyL2MvcC8xMDgzNy8xMDgzNy0zMTIyLTIuanBn?v=1610041935","https:\/\/media.th4.com\/hxjMHeh5efyALHz6UnAsMjKE3NltfnkRTPQNBK0yVy0\/pr:1920\/aHR0cDovL21lZGlhMi5kZXNpZ25wYXJ0bmVyLmZyL2MvcC8xMDgzNy8xMDgzNy0zMTIyLTMuanBn?v=1610041923"],"opengraph":["https:\/\/media.th4.com\/mEhUWNiGX7BZgh0CW5TdEbNFkvkdpRwpwAfOqOa1syM\/pr:1200x630\/aHR0cDovL21lZGlhMi5kZXNpZ25wYXJ0bmVyLmZyL2MvcC8xMDgzNy8xMDgzNy0zMTIyLTEuanBn?v=1610041936","https:\/\/media.th4.com\/hLXqlpnoR5h2huam6olxcmhJYlvimu5dI_ltFjBbitc\/pr:1200x630\/aHR0cDovL21lZGlhMi5kZXNpZ25wYXJ0bmVyLmZyL2MvcC8xMDgzNy8xMDgzNy0zMTIyLTIuanBn?v=1610041935","https:\/\/media.th4.com\/BHgYkJ7etacj8Qi_ZdsXS51jICjTOFKT-07JuWh2qTk\/pr:1200x630\/aHR0cDovL21lZGlhMi5kZXNpZ25wYXJ0bmVyLmZyL2MvcC8xMDgzNy8xMDgzNy0zMTIyLTMuanBn?v=1610041923"]},"images_customization":{"miniature":["https:\/\/media.th4.com\/Q8rA1gcCcTKZulHs_1Aen7f2w8uT9nG3e_HmfPQadLc\/pr:80\/aHR0cDovL21lZGlhMi5kZXNpZ25wYXJ0bmVyLmZyL2MvcC1zaG9wcGluZy1jdXN0b20tVEgvMTA4MzcvMTA4MzctMzEyMi0yLmpwZw?v=1737556182"],"medium":["https:\/\/media.th4.com\/NhyWeOz_57l_HMrfxLl-i5jR3wcWz_MCLuMwDdP6rl8\/pr:550x550\/aHR0cDovL21lZGlhMi5kZXNpZ25wYXJ0bmVyLmZyL2MvcC1zaG9wcGluZy1jdXN0b20tVEgvMTA4MzcvMTA4MzctMzEyMi0yLmpwZw?v=1737556182"],"medium_large":["https:\/\/media.th4.com\/lHJUL7E11IO1C46mj4LO2by97cCScHp-FDjC1LmxbqE\/pr:1000x1000\/aHR0cDovL21lZGlhMi5kZXNpZ25wYXJ0bmVyLmZyL2MvcC1zaG9wcGluZy1jdXN0b20tVEgvMTA4MzcvMTA4MzctMzEyMi0yLmpwZw?v=1737556182"],"large":["https:\/\/media.th4.com\/cKShM02S2Q75mwY7MFFOvptTLc8XTbheu8awU6KYVOc\/pr:1920\/aHR0cDovL21lZGlhMi5kZXNpZ25wYXJ0bmVyLmZyL2MvcC1zaG9wcGluZy1jdXN0b20tVEgvMTA4MzcvMTA4MzctMzEyMi0yLmpwZw?v=1737556182"],"opengraph":["https:\/\/media.th4.com\/UA9b-k5BNDdrupoZe4K789FF68aqzWg6DQhmuZhbK9E\/pr:1200x630\/aHR0cDovL21lZGlhMi5kZXNpZ25wYXJ0bmVyLmZyL2MvcC1zaG9wcGluZy1jdXN0b20tVEgvMTA4MzcvMTA4MzctMzEyMi0yLmpwZw?v=1737556182"]},"country_origin":"CN","traceability":{"manufacturing_country_id":59,"weaving_country_id":61,"dyeing_country_id":61},"sizes":[{"id":5,"article_id":325720,"class_id":2,"name":"XS","on_standby":false,"stock_local":0,"stock_global":47,"multiple":1,"estimated_date_reassort":null,"is_destocking":false},{"id":3,"article_id":325718,"class_id":3,"name":"S","on_standby":false,"stock_local":0,"stock_global":230,"multiple":1,"estimated_date_reassort":null,"is_destocking":false},{"id":2,"article_id":325717,"class_id":4,"name":"M","on_standby":false,"stock_local":0,"stock_global":30,"multiple":1,"estimated_date_reassort":null,"is_destocking":false},{"id":1,"article_id":325716,"class_id":5,"name":"L","on_standby":false,"stock_local":0,"stock_global":242,"multiple":1,"estimated_date_reassort":null,"is_destocking":false},{"id":4,"article_id":325719,"class_id":6,"name":"XL","on_standby":false,"stock_local":0,"stock_global":217,"multiple":1,"estimated_date_reassort":null,"is_destocking":false},{"id":1116,"article_id":325721,"class_id":7,"name":"2XL","on_standby":false,"stock_local":0,"stock_global":188,"multiple":1,"estimated_date_reassort":null,"is_destocking":false},{"id":1081,"article_id":325714,"class_id":8,"name":"3XL","on_standby":false,"stock_local":0,"stock_global":205,"multiple":1,"estimated_date_reassort":null,"is_destocking":false},{"id":16,"article_id":325715,"class_id":9,"name":"4XL","on_standby":false,"stock_local":0,"stock_global":147,"multiple":1,"estimated_date_reassort":null,"is_destocking":false}],"page_links":{"fr":"\/fr\/p-so-02109-robyn-parka-et-blouson-polyester-matelasse-zippe-02109-10837\/vert-prairie-3122\/","en":"\/en\/p-so-02109-robyn-parka-and-quilted-polyester-zip-up-jacket-02109-10837\/vert-prairie-3122\/","de":"\/de\/p-so-02109-robyn-parka-und-polyester-blouson-mit-reiszverschluss-und-matelierung-02109-10837\/vert-prairie-3122\/","nl":"\/nl\/p-so-02109-robyn-parka-en-polyesters-gestepelde-gezipte-jas-02109-10837\/vert-prairie-3122\/","es":"\/es\/p-so-02109-robyn-parka-y-chaqueta-de-poliester-acolchada-con-cremallera-02109-10837\/vert-prairie-3122\/","it":"\/it\/p-so-02109-robyn-parka-e-giacca-imbottita-in-poliestere-con-cerniera-02109-10837\/vert-prairie-3122\/","sv":"\/sv\/p-so-02109-robyn-parka-och-polyesterjacka-med-mattsomnad-och-blouse-02109-10837\/vert-prairie-3122\/","pt":"\/pt\/p-so-02109-robyn-parka-e-casaco-de-poliester-matelassado-ziperado-02109-10837\/vert-prairie-3122\/","da":"\/da\/p-so-02109-robyn-parka-og-bluson-af-polyester-matelasseret-zippet-02109-10837\/vert-prairie-3122\/","pl":"\/pl\/p-so-02109-robyn-parka-i-kurtka-poliestrowa-matowa-z-zapieciem-z-suwakiem-02109-10837\/vert-prairie-3122\/"},"page_links_customization":{"fr":"\/fr\/p-so-02109-robyn-parka-polyester-matelasse-02109-personnalisation-10837\/vert-prairie-3122\/custom\/","en":"\/en\/p-so-02109-robyn-parka-polyester-padded-02109-customization-10837\/vert-prairie-3122\/custom\/","de":"\/de\/p-so-02109-robyn-parka-polyester-gefutterte-02109-personalisierung-10837\/vert-prairie-3122\/custom\/","nl":"\/nl\/p-so-02109-robyn-parka-polyester-gestoffeerd-02109-aanpassing-10837\/vert-prairie-3122\/custom\/","es":"\/es\/p-so-02109-robyn-parka-de-poliester-acolchado-02109-personalizacion-10837\/vert-prairie-3122\/custom\/","it":"\/it\/p-so-02109-robyn-parka-in-poliestere-imbottito-02109-personalizzazione-10837\/vert-prairie-3122\/custom\/","sv":"\/sv\/p-so-02109-robyn-parka-polyester-fyllig-02109-anpassning-10837\/vert-prairie-3122\/custom\/","pt":"\/pt\/p-so-02109-robyn-parka-de-poliester-acolchoado-02109-personalizacao-10837\/vert-prairie-3122\/custom\/","da":"\/da\/p-so-02109-robyn-parka-polyester-fyldt-02109-personalisering-10837\/vert-prairie-3122\/custom\/","pl":"\/pl\/p-so-02109-robyn-parka-poliestrowy-tloczony-02109-personalizacja-10837\/vert-prairie-3122\/custom\/"}},{"id":13548,"name":"gris_metal","class_ids":[3],"codes_hexa":["898B8A"],"delai_24":false,"has_3d":true,"seuil_global":0,"stock_local":0,"stock_global":1245,"on_standby":false,"in_catalog":true,"images":{"miniature":["https:\/\/media.th4.com\/4onZ7PWu_ZXXVyToJ_88uTTSGfvnV2cOE_MpBqTIdA8\/pr:80\/aHR0cDovL21lZGlhMi5kZXNpZ25wYXJ0bmVyLmZyL2MvcC8xMDgzNy8xMDgzNy0xMzU0OC0xLmpwZw?v=1610041933","https:\/\/media.th4.com\/t22Y4cFyGBxPy_qNYHR1iHW6hReq4GHK-bRpgWXUGr0\/pr:80\/aHR0cDovL21lZGlhMi5kZXNpZ25wYXJ0bmVyLmZyL2MvcC8xMDgzNy8xMDgzNy0xMzU0OC0yLmpwZw?v=1610041933","https:\/\/media.th4.com\/GEb7GKXEuA4b-utNDPKcA_v8o-yZ00NSHtzmiPbzIHs\/pr:80\/aHR0cDovL21lZGlhMi5kZXNpZ25wYXJ0bmVyLmZyL2MvcC8xMDgzNy8xMDgzNy0xMzU0OC0zLmpwZw?v=1610041935"],"medium":["https:\/\/media.th4.com\/0QHMwMK9MdI2PZ0FeO6oIvODbKJLMJHZBb901QTdChk\/pr:550x550\/aHR0cDovL21lZGlhMi5kZXNpZ25wYXJ0bmVyLmZyL2MvcC8xMDgzNy8xMDgzNy0xMzU0OC0xLmpwZw?v=1610041933","https:\/\/media.th4.com\/9rMnAZsELZstW5VeKW96LvW-1ocb4kMyvjUKFfK2HtU\/pr:550x550\/aHR0cDovL21lZGlhMi5kZXNpZ25wYXJ0bmVyLmZyL2MvcC8xMDgzNy8xMDgzNy0xMzU0OC0yLmpwZw?v=1610041933","https:\/\/media.th4.com\/qEoYv2VpzLndQpUZmKalt76MqN0qP6i47qecRVfU1MI\/pr:550x550\/aHR0cDovL21lZGlhMi5kZXNpZ25wYXJ0bmVyLmZyL2MvcC8xMDgzNy8xMDgzNy0xMzU0OC0zLmpwZw?v=1610041935"],"medium_large":["https:\/\/media.th4.com\/EUZGPUVac32UldP8hetWmESo3XyHSUI9L3b2jdO_Vgw\/pr:1000x1000\/aHR0cDovL21lZGlhMi5kZXNpZ25wYXJ0bmVyLmZyL2MvcC8xMDgzNy8xMDgzNy0xMzU0OC0xLmpwZw?v=1610041933","https:\/\/media.th4.com\/w9IfJlI8QDPrF06c4PD3iY9JTiFkl0Y7VSU_lPBCdY8\/pr:1000x1000\/aHR0cDovL21lZGlhMi5kZXNpZ25wYXJ0bmVyLmZyL2MvcC8xMDgzNy8xMDgzNy0xMzU0OC0yLmpwZw?v=1610041933","https:\/\/media.th4.com\/JgfPnCLIj57OW6TyQaH0vF-BHmgRJ41769o9CykFOUE\/pr:1000x1000\/aHR0cDovL21lZGlhMi5kZXNpZ25wYXJ0bmVyLmZyL2MvcC8xMDgzNy8xMDgzNy0xMzU0OC0zLmpwZw?v=1610041935"],"large":["https:\/\/media.th4.com\/54J61e646R_ospPjQXsL42Ha_owvhnqktbY6lLcpJi4\/pr:1920\/aHR0cDovL21lZGlhMi5kZXNpZ25wYXJ0bmVyLmZyL2MvcC8xMDgzNy8xMDgzNy0xMzU0OC0xLmpwZw?v=1610041933","https:\/\/media.th4.com\/_jFNni2DTI38wpRla0Q4syutAf7yyyhUWr2p98wdMHU\/pr:1920\/aHR0cDovL21lZGlhMi5kZXNpZ25wYXJ0bmVyLmZyL2MvcC8xMDgzNy8xMDgzNy0xMzU0OC0yLmpwZw?v=1610041933","https:\/\/media.th4.com\/oo9Swz6Jm7OhlEub-OEyRJV4VKGLyqz_tJ8FXmsIAzk\/pr:1920\/aHR0cDovL21lZGlhMi5kZXNpZ25wYXJ0bmVyLmZyL2MvcC8xMDgzNy8xMDgzNy0xMzU0OC0zLmpwZw?v=1610041935"],"opengraph":["https:\/\/media.th4.com\/NRm79ClC4x-TrrLT_PMVSj9wChoBqKhQY8i3BUphykw\/pr:1200x630\/aHR0cDovL21lZGlhMi5kZXNpZ25wYXJ0bmVyLmZyL2MvcC8xMDgzNy8xMDgzNy0xMzU0OC0xLmpwZw?v=1610041933","https:\/\/media.th4.com\/3pjMO6tk2dSvmbh42StAryW2XUrc3Af8ys6w_AxQHys\/pr:1200x630\/aHR0cDovL21lZGlhMi5kZXNpZ25wYXJ0bmVyLmZyL2MvcC8xMDgzNy8xMDgzNy0xMzU0OC0yLmpwZw?v=1610041933","https:\/\/media.th4.com\/oZ_cFSu8ijg07Sa4umZDCAeo7iLtJeA6tW8i0R1TvUs\/pr:1200x630\/aHR0cDovL21lZGlhMi5kZXNpZ25wYXJ0bmVyLmZyL2MvcC8xMDgzNy8xMDgzNy0xMzU0OC0zLmpwZw?v=1610041935"]},"images_customization":{"miniature":["https:\/\/media.th4.com\/4onZ7PWu_ZXXVyToJ_88uTTSGfvnV2cOE_MpBqTIdA8\/pr:80\/aHR0cDovL21lZGlhMi5kZXNpZ25wYXJ0bmVyLmZyL2MvcC8xMDgzNy8xMDgzNy0xMzU0OC0xLmpwZw?v=1610041933","https:\/\/media.th4.com\/t22Y4cFyGBxPy_qNYHR1iHW6hReq4GHK-bRpgWXUGr0\/pr:80\/aHR0cDovL21lZGlhMi5kZXNpZ25wYXJ0bmVyLmZyL2MvcC8xMDgzNy8xMDgzNy0xMzU0OC0yLmpwZw?v=1610041933","https:\/\/media.th4.com\/GEb7GKXEuA4b-utNDPKcA_v8o-yZ00NSHtzmiPbzIHs\/pr:80\/aHR0cDovL21lZGlhMi5kZXNpZ25wYXJ0bmVyLmZyL2MvcC8xMDgzNy8xMDgzNy0xMzU0OC0zLmpwZw?v=1610041935"],"medium":["https:\/\/media.th4.com\/0QHMwMK9MdI2PZ0FeO6oIvODbKJLMJHZBb901QTdChk\/pr:550x550\/aHR0cDovL21lZGlhMi5kZXNpZ25wYXJ0bmVyLmZyL2MvcC8xMDgzNy8xMDgzNy0xMzU0OC0xLmpwZw?v=1610041933","https:\/\/media.th4.com\/9rMnAZsELZstW5VeKW96LvW-1ocb4kMyvjUKFfK2HtU\/pr:550x550\/aHR0cDovL21lZGlhMi5kZXNpZ25wYXJ0bmVyLmZyL2MvcC8xMDgzNy8xMDgzNy0xMzU0OC0yLmpwZw?v=1610041933","https:\/\/media.th4.com\/qEoYv2VpzLndQpUZmKalt76MqN0qP6i47qecRVfU1MI\/pr:550x550\/aHR0cDovL21lZGlhMi5kZXNpZ25wYXJ0bmVyLmZyL2MvcC8xMDgzNy8xMDgzNy0xMzU0OC0zLmpwZw?v=1610041935"],"medium_large":["https:\/\/media.th4.com\/EUZGPUVac32UldP8hetWmESo3XyHSUI9L3b2jdO_Vgw\/pr:1000x1000\/aHR0cDovL21lZGlhMi5kZXNpZ25wYXJ0bmVyLmZyL2MvcC8xMDgzNy8xMDgzNy0xMzU0OC0xLmpwZw?v=1610041933","https:\/\/media.th4.com\/w9IfJlI8QDPrF06c4PD3iY9JTiFkl0Y7VSU_lPBCdY8\/pr:1000x1000\/aHR0cDovL21lZGlhMi5kZXNpZ25wYXJ0bmVyLmZyL2MvcC8xMDgzNy8xMDgzNy0xMzU0OC0yLmpwZw?v=1610041933","https:\/\/media.th4.com\/JgfPnCLIj57OW6TyQaH0vF-BHmgRJ41769o9CykFOUE\/pr:1000x1000\/aHR0cDovL21lZGlhMi5kZXNpZ25wYXJ0bmVyLmZyL2MvcC8xMDgzNy8xMDgzNy0xMzU0OC0zLmpwZw?v=1610041935"],"large":["https:\/\/media.th4.com\/54J61e646R_ospPjQXsL42Ha_owvhnqktbY6lLcpJi4\/pr:1920\/aHR0cDovL21lZGlhMi5kZXNpZ25wYXJ0bmVyLmZyL2MvcC8xMDgzNy8xMDgzNy0xMzU0OC0xLmpwZw?v=1610041933","https:\/\/media.th4.com\/_jFNni2DTI38wpRla0Q4syutAf7yyyhUWr2p98wdMHU\/pr:1920\/aHR0cDovL21lZGlhMi5kZXNpZ25wYXJ0bmVyLmZyL2MvcC8xMDgzNy8xMDgzNy0xMzU0OC0yLmpwZw?v=1610041933","https:\/\/media.th4.com\/oo9Swz6Jm7OhlEub-OEyRJV4VKGLyqz_tJ8FXmsIAzk\/pr:1920\/aHR0cDovL21lZGlhMi5kZXNpZ25wYXJ0bmVyLmZyL2MvcC8xMDgzNy8xMDgzNy0xMzU0OC0zLmpwZw?v=1610041935"],"opengraph":["https:\/\/media.th4.com\/NRm79ClC4x-TrrLT_PMVSj9wChoBqKhQY8i3BUphykw\/pr:1200x630\/aHR0cDovL21lZGlhMi5kZXNpZ25wYXJ0bmVyLmZyL2MvcC8xMDgzNy8xMDgzNy0xMzU0OC0xLmpwZw?v=1610041933","https:\/\/media.th4.com\/3pjMO6tk2dSvmbh42StAryW2XUrc3Af8ys6w_AxQHys\/pr:1200x630\/aHR0cDovL21lZGlhMi5kZXNpZ25wYXJ0bmVyLmZyL2MvcC8xMDgzNy8xMDgzNy0xMzU0OC0yLmpwZw?v=1610041933","https:\/\/media.th4.com\/oZ_cFSu8ijg07Sa4umZDCAeo7iLtJeA6tW8i0R1TvUs\/pr:1200x630\/aHR0cDovL21lZGlhMi5kZXNpZ25wYXJ0bmVyLmZyL2MvcC8xMDgzNy8xMDgzNy0xMzU0OC0zLmpwZw?v=1610041935"]},"country_origin":"BD","traceability":{"manufacturing_country_id":59,"weaving_country_id":61,"dyeing_country_id":61},"sizes":[{"id":5,"article_id":325688,"class_id":2,"name":"XS","on_standby":false,"stock_local":0,"stock_global":223,"multiple":1,"estimated_date_reassort":null,"is_destocking":false},{"id":3,"article_id":325686,"class_id":3,"name":"S","on_standby":false,"stock_local":0,"stock_global":2,"multiple":1,"estimated_date_reassort":null,"is_destocking":false},{"id":1,"article_id":325684,"class_id":5,"name":"L","on_standby":false,"stock_local":0,"stock_global":33,"multiple":1,"estimated_date_reassort":null,"is_destocking":false},{"id":4,"article_id":325687,"class_id":6,"name":"XL","on_standby":false,"stock_local":0,"stock_global":99,"multiple":1,"estimated_date_reassort":null,"is_destocking":false},{"id":1116,"article_id":325689,"class_id":7,"name":"2XL","on_standby":false,"stock_local":0,"stock_global":273,"multiple":1,"estimated_date_reassort":null,"is_destocking":false},{"id":1081,"article_id":325682,"class_id":8,"name":"3XL","on_standby":false,"stock_local":0,"stock_global":271,"multiple":1,"estimated_date_reassort":null,"is_destocking":false},{"id":16,"article_id":325683,"class_id":9,"name":"4XL","on_standby":false,"stock_local":0,"stock_global":344,"multiple":1,"estimated_date_reassort":null,"is_destocking":false}],"page_links":{"fr":"\/fr\/p-so-02109-robyn-parka-et-blouson-polyester-matelasse-zippe-02109-10837\/gris-metal-13548\/","en":"\/en\/p-so-02109-robyn-parka-and-quilted-polyester-zip-up-jacket-02109-10837\/gris-metal-13548\/","de":"\/de\/p-so-02109-robyn-parka-und-polyester-blouson-mit-reiszverschluss-und-matelierung-02109-10837\/gris-metal-13548\/","nl":"\/nl\/p-so-02109-robyn-parka-en-polyesters-gestepelde-gezipte-jas-02109-10837\/gris-metal-13548\/","es":"\/es\/p-so-02109-robyn-parka-y-chaqueta-de-poliester-acolchada-con-cremallera-02109-10837\/gris-metal-13548\/","it":"\/it\/p-so-02109-robyn-parka-e-giacca-imbottita-in-poliestere-con-cerniera-02109-10837\/gris-metal-13548\/","sv":"\/sv\/p-so-02109-robyn-parka-och-polyesterjacka-med-mattsomnad-och-blouse-02109-10837\/gris-metal-13548\/","pt":"\/pt\/p-so-02109-robyn-parka-e-casaco-de-poliester-matelassado-ziperado-02109-10837\/gris-metal-13548\/","da":"\/da\/p-so-02109-robyn-parka-og-bluson-af-polyester-matelasseret-zippet-02109-10837\/gris-metal-13548\/","pl":"\/pl\/p-so-02109-robyn-parka-i-kurtka-poliestrowa-matowa-z-zapieciem-z-suwakiem-02109-10837\/gris-metal-13548\/"},"page_links_customization":{"fr":"\/fr\/p-so-02109-robyn-parka-polyester-matelasse-02109-personnalisation-10837\/gris-metal-13548\/custom\/","en":"\/en\/p-so-02109-robyn-parka-polyester-padded-02109-customization-10837\/gris-metal-13548\/custom\/","de":"\/de\/p-so-02109-robyn-parka-polyester-gefutterte-02109-personalisierung-10837\/gris-metal-13548\/custom\/","nl":"\/nl\/p-so-02109-robyn-parka-polyester-gestoffeerd-02109-aanpassing-10837\/gris-metal-13548\/custom\/","es":"\/es\/p-so-02109-robyn-parka-de-poliester-acolchado-02109-personalizacion-10837\/gris-metal-13548\/custom\/","it":"\/it\/p-so-02109-robyn-parka-in-poliestere-imbottito-02109-personalizzazione-10837\/gris-metal-13548\/custom\/","sv":"\/sv\/p-so-02109-robyn-parka-polyester-fyllig-02109-anpassning-10837\/gris-metal-13548\/custom\/","pt":"\/pt\/p-so-02109-robyn-parka-de-poliester-acolchoado-02109-personalizacao-10837\/gris-metal-13548\/custom\/","da":"\/da\/p-so-02109-robyn-parka-polyester-fyldt-02109-personalisering-10837\/gris-metal-13548\/custom\/","pl":"\/pl\/p-so-02109-robyn-parka-poliestrowy-tloczony-02109-personalizacja-10837\/gris-metal-13548\/custom\/"}}],"documentation_link":"\/pdf\/10837.pdf","countries_availables":["AD","AE","AL","AT","BA","BD","BE","BG","BL","CA","CH","CN","CO","CY","CZ","DE","DK","DO","EE","EG","ES","ET","FI","FR","GB","GE","GF","GP","GR","GT","HK","HN","HR","HT","HU","ID","IE","IN","IS","IT","JO","JP","KE","KH","KP","KR","LA","LK","LS","LT","LU","LV","MA","MF","MG","MK","MM","MN","MQ","MT","MX","MY","NC","NI","NL","PF","PH","PK","PL","PM","PT","RE","RO","SE","SG","SI","SK","SV","SY","TH","TN","TR","TW","TZ","US","VN","WF","YT"]},"infos_customization":[],"features":{"authorize_multi_surfaces":true,"display_order_delay_type":true,"promote_surface_display":true,"tarification_franco_offert":true,"enabled_3d_editor":false},"markings":[{"id":0,"nom":"vierge","finition":null,"libelle":null,"code":null,"dpi":null,"finesse_forme_isolee":null,"finesse_forme_non_isolee":null,"hauteur_minimale_texte":null,"inactif":0,"marquage_interne":1,"quantite_min":null,"parent_id":null,"print_on_support":0,"content":"vierge","description":null},{"id":2,"nom":"fonce","finition":"optimale","libelle":"TopQuadri","code":null,"dpi":400,"finesse_forme_isolee":"0.040","finesse_forme_non_isolee":"0.700","hauteur_minimale_texte":2,"inactif":0,"marquage_interne":1,"quantite_min":null,"parent_id":18,"print_on_support":0,"content":"TopQuadri","description":"pour petites et moyennes s\u00e9ries"},{"id":3,"nom":"serigraphie","finition":"serigraphie","libelle":"SeriCoat","code":null,"dpi":400,"finesse_forme_isolee":"0.040","finesse_forme_non_isolee":"0.700","hauteur_minimale_texte":2,"inactif":0,"marquage_interne":1,"quantite_min":15,"parent_id":18,"print_on_support":0,"content":"SeriCoat","description":"pour moyennes et grandes s\u00e9ries"},{"id":4,"nom":"broderie","finition":"broderie","libelle":"Broderie","code":null,"dpi":400,"finesse_forme_isolee":"0.040","finesse_forme_non_isolee":"0.700","hauteur_minimale_texte":3,"inactif":0,"marquage_interne":1,"quantite_min":null,"parent_id":null,"print_on_support":0,"content":"Broderie","description":null},{"id":8,"nom":"theme","finition":null,"libelle":"Th\u00e8me","code":null,"dpi":null,"finesse_forme_isolee":null,"finesse_forme_non_isolee":null,"hauteur_minimale_texte":null,"inactif":0,"marquage_interne":1,"quantite_min":null,"parent_id":null,"print_on_support":0,"content":"Th\u00e8me","description":null},{"id":9,"nom":"sans","finition":null,"libelle":null,"code":null,"dpi":null,"finesse_forme_isolee":null,"finesse_forme_non_isolee":null,"hauteur_minimale_texte":null,"inactif":0,"marquage_interne":1,"quantite_min":null,"parent_id":null,"print_on_support":0,"content":"sans","description":null},{"id":10,"nom":"photo","finition":null,"libelle":"Photo","code":null,"dpi":null,"finesse_forme_isolee":null,"finesse_forme_non_isolee":null,"hauteur_minimale_texte":null,"inactif":0,"marquage_interne":1,"quantite_min":null,"parent_id":null,"print_on_support":0,"content":"Photo","description":null},{"id":14,"nom":"couleur","finition":null,"libelle":"Couleur","code":null,"dpi":null,"finesse_forme_isolee":null,"finesse_forme_non_isolee":null,"hauteur_minimale_texte":null,"inactif":0,"marquage_interne":1,"quantite_min":null,"parent_id":null,"print_on_support":0,"content":"Couleur","description":null},{"id":15,"nom":"sublimation","finition":"sublimation","libelle":"Sublimation","code":null,"dpi":null,"finesse_forme_isolee":"0.000","finesse_forme_non_isolee":"0.000","hauteur_minimale_texte":2,"inactif":0,"marquage_interne":1,"quantite_min":null,"parent_id":null,"print_on_support":0,"content":"Sublimation","description":null},{"id":16,"nom":"topquadri_uv","finition":null,"libelle":"TopQuadri UV","code":null,"dpi":null,"finesse_forme_isolee":"0.020","finesse_forme_non_isolee":"0.700","hauteur_minimale_texte":2,"inactif":0,"marquage_interne":1,"quantite_min":null,"parent_id":null,"print_on_support":1,"content":null,"description":null},{"id":17,"nom":"topquadri_uvp","finition":null,"libelle":"TopQuadri UVP","code":null,"dpi":null,"finesse_forme_isolee":"0.020","finesse_forme_non_isolee":"0.700","hauteur_minimale_texte":2,"inactif":0,"marquage_interne":1,"quantite_min":null,"parent_id":null,"print_on_support":1,"content":null,"description":null},{"id":18,"nom":"quadri","finition":null,"libelle":"Impression","code":null,"dpi":null,"finesse_forme_isolee":null,"finesse_forme_non_isolee":null,"hauteur_minimale_texte":null,"inactif":0,"marquage_interne":1,"quantite_min":null,"parent_id":null,"print_on_support":0,"content":null,"description":null}]}}