{"data":{"product":{"id":10607,"titre":"Veste Softshell 2 couches femme ","description":"Ext\u00e9rieur : 95% polyester \/ 5% \u00e9lasthanne. Int\u00e9rieur : 100% polyester micropolaire. Tissu d\u00e9perlant. Coupe cintr\u00e9e. 2 poches ext\u00e9rieures zipp\u00e9es. Fermetures zipp\u00e9es contrast\u00e9es. Dos rallong\u00e9. Finition surpiq\u00fbres aux \u00e9paules et c\u00f4t\u00e9s.","genre":"femme","grammage":300,"conditionnement":10,"composition":"polyester,elasthanne","reference":"ka-k425","reference_visible":"ka-k425","reference_fabricant":"K425","ref_xor":"753450","in_catalog":true,"is_transfer":false,"is_service":false,"on_standby":false,"has_3d":false,"has_size_guide":true,"has_marking":true,"has_vierge":true,"is_cross_sellable":false,"id_picto":27,"filename_3d":null,"brand":{"id":25,"name":"Kariban","logo":"logo-kariban.png","image":"https:\/\/media.th4.com\/0rw9lHnnPIY5Gn0FZVsrv47tC3tEhLUIsdVYj4xy6L4\/pr:brand70x70\/aHR0cDovL21lZGlhMi5kZXNpZ25wYXJ0bmVyLmZyL2MvbS9sb2dvLWthcmliYW4ucG5n?v=1736960982"},"price_infos":{"price_from":13.82,"quantity":240,"color":{"id":1262,"name":"red"},"size":{"id":2,"name":"M"}},"price_infos_marking":{"price_from":17.47,"quantity":350,"color":{"id":1262,"name":"red"},"size":{"id":2,"name":"M"},"marking":{"id":2,"name":""},"emplacement":"avant","surface_emplacement_id":1,"surface":"coeur"},"i18n":{"blank":{"title":{"fr":"Veste softshell 2 couches femme KARIBAN k425","en":"2 layer softshell jacket for women KARIBAN k425","de":"2-Schicht-Softshell-Jacke f\u00fcr Frauen KARIBAN k425","nl":"Tweelaagse softshelljassen voor vrouwen KARIBAN k425","es":"Chaqueta softshell 2 capas mujer KARIBAN k425","it":"Giacca softshell 2 strati donna KARIBAN k425","sv":"Vesta softshell 2 lager kvinnor KARIBAN k425","pt":"Casaco softshell 2 camadas mulher KARIBAN k425","da":"Vest 2-lags softshell kvinde KARIBAN k425","pl":"Kurtka softshell 2-warstwowa dla kobiet KARIBAN k425"},"description":{"fr":"Cette veste softshell 2 couches pour femme offre une protection efficace contre les \u00e9l\u00e9ments. Sa coupe cintr\u00e9e assure une silhouette flatteuse tout en permettant une libert\u00e9 de mouvement optimale. Le tissu d\u00e9perlant prot\u00e8ge des l\u00e9g\u00e8res pr\u00e9cipitations, tandis que la doublure micropolaire apporte une chaleur confortable. Elle est \u00e9quip\u00e9e de deux poches ext\u00e9rieures zipp\u00e9es pour ranger vos effets personnels en toute s\u00e9curit\u00e9. La veste pr\u00e9sente une finition soign\u00e9e avec des surpiq\u00fbres aux \u00e9paules et aux c\u00f4t\u00e9s.\n\n- Ext\u00e9rieur : 95% polyester \/ 5% \u00e9lasthanne\n- Int\u00e9rieur : 100% polyester micropolaire\n- Tissu d\u00e9perlant\n- Coupe cintr\u00e9e\n- 2 poches ext\u00e9rieures zipp\u00e9es","en":"This 2 layer softshell jacket for women offers effective protection against the elements. Its fitted cut ensures a flattering silhouette while allowing optimal freedom of movement. The water-repellent fabric protects against light precipitation, while the micropolar lining provides comfortable warmth. It is equipped with two exterior zip pockets to safely store your personal items. The jacket features a neat finish with stitching on the shoulders and sides.\n\n- Exterior: 95% polyester \/ 5% elastane\n- Interior: 100% micropolar polyester\n- Water repellent fabric\n- Fitted cut\n- 2 exterior zip pockets","de":"Diese 2-Schicht-Softshell-Jacke f\u00fcr Frauen bietet wirksamen Schutz vor den Elementen. Die taillierte Passform sorgt f\u00fcr eine schmeichelhafte Silhouette, w\u00e4hrend sie gleichzeitig maximale Bewegungsfreiheit erm\u00f6glicht. Das wasserabweisende Gewebe sch\u00fctzt vor leichtem Niederschlag, w\u00e4hrend das Mikrofaser-Futter eine angenehme W\u00e4rme spendet. Sie ist mit zwei \u00e4u\u00dferen Rei\u00dfverschlusstaschen ausgestattet, um Ihre pers\u00f6nlichen Gegenst\u00e4nde sicher zu verstauen. Die Jacke verf\u00fcgt \u00fcber eine sorgf\u00e4ltige Verarbeitung mit N\u00e4hten an den Schultern und den Seiten.","nl":"Deze tweelaagse softshelljassen voor vrouwen biedt effectieve bescherming tegen de elementen. De gecintrerde pasvorm zorgt voor een smaakvolle silhouet en stelt u in staat zich optimaal te bewegen. Het waterafstotende stof beschermt tegen licht regen, terwijl de micropolar binnenzijde een comfortabele warmte biedt. Het is uitgerust met twee buitenste zippockets om uw persoonlijke bezittingen veilig op te bergen. De jas heeft een zorgvuldige afwerking met naadjes op de schouders en zijkanten.\n\n- Buitenkant: 95% polyester \/ 5% elastane\n- Binnenzijde: 100% polyester micropolaire\n- Waterafstotend stof\n- Gecintrerd snijwerk\n- 2 buitenste zippockets","es":"Esta chaqueta softshell 2 capas para mujer ofrece una protecci\u00f3n efectiva contra los elementos. Su corte ajustado asegura una silueta favorecedora mientras permite una libertad de movimiento \u00f3ptima. El tejido repelente al agua protege de las ligeras precipitaciones, mientras que el forro de micro polar aporta un calor confortable. Est\u00e1 equipada con dos bolsillos exteriores con cremallera para guardar sus efectos personales con seguridad. La chaqueta presenta un acabado cuidado con costuras en los hombros y los lados.","it":"Questa giacca softshell a due strati per donna offre una protezione efficace contro gli elementi. Il taglio aderente assicura una silhouette elegante mantenendo una libert\u00e0 di movimento ottimale. Il tessuto repellente all'acqua protegge da leggere precipitazioni, mentre la fodera in micropile offre un calore confortevole. \u00c8 dotata di due tasche esterne con zip per riporre i propri effetti personali in tutta sicurezza. La giacca presenta una finitura accurata con cuciture sulle spalle e sui lati.","sv":"Den h\u00e4r vesta softshell 2 lager f\u00f6r kvinnor erbjuder effektivt skydd mot elementen. Dess formade passform s\u00e4kerst\u00e4ller en snygg silhuett samtidigt som den ger optimal r\u00f6relsefrihet. Vattensprutande tyg skyddar mot l\u00e4ttare regn, medan den mikrofl\u00e4ckiga fodret ger en bekv\u00e4m v\u00e4rme. Den \u00e4r utrustad med tv\u00e5 yttre zippade fickor f\u00f6r att s\u00e4kert f\u00f6rvara dina personliga tillh\u00f6righeter. Vesten har en noggrann finish med synliga s\u00f6mmar p\u00e5 axlarna och sidorna.\n\n- Utanf\u00f6r: 95% polyester \/ 5% elastan\n- Inuti: 100% mikropolar polyester\n- Vattensprutande tyg\n- Formad passform\n- 2 yttre zippade fickor","pt":"Este casaco softshell 2 camadas para mulher oferece prote\u00e7\u00e3o eficaz contra os elementos. Seu corte ajustado assegura uma silhueta elegante enquanto permite liberdade de movimento \u00f3tima. O tecido repelente \u00e0 \u00e1gua protege contra pequenas chuvas, enquanto o forro de micropolar oferece um calor confort\u00e1vel. Ele possui duas bolsas externas com z\u00edper para guardar seus pertences com seguran\u00e7a. O casaco apresenta um acabamento refinado com costuras nos ombros e lados.","da":"Denne vest 2-lags softshell til kvinder tilbyder effektiv beskyttelse mod elementerne. Den indsn\u00e6vrede sk\u00e6ring sikrer en smuk silhuet, mens den samtidig giver optimal fri bev\u00e6gelighed. Det drysikkerte stof beskytter mod lette nedb\u00f8r, mens indersiden af mikropolyester tilbyder en behagelig varme. Den er udstyret med to eksterne zippelommer til at opbevare dine personlige ejendele sikkert. Vesten har en p\u00e6n afslutning med syede s\u00f8mme p\u00e5 skuldrene og siderne.\n\n- Yderside: 95% polyester \/ 5% elastan\n- Inderside: 100% mikropolyester\n- Drysikkert stof\n- Indsn\u00e6vret sk\u00e6ring\n- 2 eksterne zippelommer","pl":"Ta kurtka softshell 2-warstwowa dla kobiet zapewnia skuteczn\u0105 ochron\u0119 przed elementami. Jej przylegaj\u0105cy kroj zapewnia atrakcyjny sylwetk\u0119 przy jednoczesnym zapewnieniu optymalnej swobody ruchu. Tkanina odpychaj\u0105ca wod\u0119 chroni przed lekkiymi opadami, podczas gdy podszewka mikropolirowa zapewnia komfortow\u0105 ciep\u0142o. Jest wyposa\u017cona w dwie zewn\u0119trzne kieszenie z zamkiem b\u0142yskawicznym do bezpiecznego przechowywania swoich rzeczy osobistych. Kurtka prezentuje starann\u0105 wykonanie z dodatkami na ramionach i bokach."},"h1":{"fr":"Veste softshell 2 couches femme k425","en":"2 layer softshell jacket for women k425","de":"2-Schicht-Softshell-Jacke f\u00fcr Frauen k425","nl":"Tweelaagse softshelljassen voor vrouwen k425","es":"Chaqueta softshell 2 capas mujer k425","it":"Giacca softshell 2 strati donna k425","sv":"Vesta softshell 2 lager kvinnor k425","pt":"Casaco softshell 2 camadas mulher k425","da":"Vest 2-lags softshell kvinde k425","pl":"Kurtka softshell 2-warstwowa dla kobiet k425"},"meta_description":{"fr":"Veste softshell 2 couches pour femme. Coupe cintr\u00e9e, tissu d\u00e9perlant et 2 poches zipp\u00e9es. Id\u00e9ale pour les activit\u00e9s en ext\u00e9rieur.","en":"2 layer softshell jacket for women. Fitted cut, water repellent fabric and 2 zip pockets. Ideal for outdoor activities.","de":"2-Schicht-Softshell-Jacke f\u00fcr Frauen. Taillierte Passform, wasserabweisendes Gewebe und 2 Rei\u00dfverschluss-Taschen. Ideal f\u00fcr Outdoor-Aktivit\u00e4ten.","nl":"Tweelaagse softshelljassen voor vrouwen. Gecintrerd snijwerk, waterafstotend stof en 2 zippockets. Ideaal voor buitenactiviteiten.","es":"Chaqueta softshell 2 capas para mujer. Corte ajustado, tejido repelente al agua y 2 bolsillos con cremallera. Ideal para actividades al aire libre.","it":"Giacca softshell 2 strati per donna. Taglio aderente, tessuto repellente all'acqua e 2 tasche con zip. Ideale per le attivit\u00e0 all'aperto.","sv":"Vesta softshell 2 lager f\u00f6r kvinnor. Formad passform, vattensprutande v\u00e4v och 2 zippade fickor. Idealisk f\u00f6r utomhusaktiviteter.","pt":"Casaco softshell 2 camadas para mulher. Corte ajustado, tecido repelente \u00e0 \u00e1gua e 2 bolsos com z\u00edper. Ideal para atividades ao ar livre.","da":"Vest 2-lags softshell til kvinder. Indsn\u00e6vret sk\u00e6ring, drysikkert stof og 2 zippelommer. Ideel til udend\u00f8rsaktiviteter.","pl":"Kurtka softshell 2-warstwowa dla kobiet. Kr\u00f3j przylegaj\u0105cy, tkanina odpychuj\u0105ca wod\u0119 i 2 zamek z zamkiem b\u0142yskawicznym. Idealna do aktywno\u015bci na \u015bwie\u017cym powietrzu."}},"custom":{"title":{"fr":"Veste softshell 2 couches femme KARIBAN k425 personnalisable","en":"2-layer softshell jacket for women KARIBAN k425 customizable","de":"Softshell-Jacke 2-Schicht Damen KARIBAN k425 personalisierbar","nl":"Vest twee lagen softshell voor vrouwen KARIBAN k425 persoonlijk te maken","es":"Chaqueta softshell de 2 capas para mujer KARIBAN k425 personalizable","it":"Giacca softshell 2 strati donna KARIBAN k425 personalizzabile","sv":"Softshelljacka 2 lager kvinnor KARIBAN k425 personliggjord","pt":"Jaqueta softshell 2 camadas mulher KARIBAN k425 personaliz\u00e1vel","da":"2-lags softshell jakke til kvinder KARIBAN k425 personligg\u00f8relse","pl":"Kobieta kurtka softshell 2 warstwy kariban k425 personalizowalna"},"description":{"fr":"La veste softshell 2 couches pour femme combine confort et fonctionnalit\u00e9. Confectionn\u00e9e avec un tissu ext\u00e9rieur en 95% polyester et 5% \u00e9lasthanne, et une doublure en 100% polyester micropolaire, elle offre une protection efficace contre les \u00e9l\u00e9ments. Sa coupe cintr\u00e9e assure une silhouette flatteuse, tandis que ses 2 poches ext\u00e9rieures zipp\u00e9es permettent de ranger vos essentiels en toute s\u00e9curit\u00e9. Le tissu d\u00e9perlant prot\u00e8ge des l\u00e9g\u00e8res averses. Les finitions surpiq\u00fbres aux \u00e9paules et aux c\u00f4t\u00e9s ajoutent une touche de sophistication. Cette veste est \u00e9galement id\u00e9ale pour la personnalisation, permettant d'int\u00e9grer votre logo ou votre visuel pour une communication efficace. \n\nCaract\u00e9ristiques techniques :\n\n- Ext\u00e9rieur : 95% polyester \/ 5% \u00e9lasthanne\n- Int\u00e9rieur : 100% polyester micropolaire\n- Tissu d\u00e9perlant\n- Coupe cintr\u00e9e\n- 2 poches ext\u00e9rieures zipp\u00e9es\n- Dos rallong\u00e9\n- Finition surpiq\u00fbres aux \u00e9paules et c\u00f4t\u00e9s","en":"The 2-layer softshell jacket for women combines comfort and functionality. Made with an outer fabric of 95% polyester and 5% elastane, and a lining of 100% microfleece polyester, it offers effective protection against the elements. Its fitted cut ensures a flattering silhouette, while its 2 zipped outer pockets allow you to safely store your essentials. The water-repellent fabric protects against light showers. The overlock stitching on the shoulders and sides adds a touch of sophistication. This jacket is also ideal for customization, allowing you to integrate your logo or your visual for effective communication.\n\nTechnical specifications:\n\n- Outer: 95% polyester \/ 5% elastane\n- Inner: 100% microfleece polyester\n- Water-repellent fabric\n- Fitted cut\n- 2 zipped outer pockets\n- Extended back\n- Overlock stitching on shoulders and sides","de":"Die Softshell-Jacke 2-Schicht f\u00fcr Damen verbindet Komfort und Funktionalit\u00e4t. Gefertigt aus einem Au\u00dfenstoff aus 95% Polyester und 5% Elasthan, sowie einem Innenfutter aus 100% Mikrofaser-Polyester, bietet sie einen wirksamen Schutz vor den Elementen. Der taillierte Schnitt sorgt f\u00fcr eine schmeichelnde Silhouette, w\u00e4hrend die beiden \u00e4u\u00dferen Rei\u00dfverschlusstaschen es erm\u00f6glichen, Ihre wichtigen Dinge sicher zu verstauen. Der wasserabweisende Stoff sch\u00fctzt vor leichten Regenschauern. Die \u00dcbern\u00e4hte an den Schultern und Seiten verleihen einen Hauch von Eleganz. Diese Jacke eignet sich auch ideal zur Personalisierung, um Ihr Logo oder Ihr Design f\u00fcr eine effektive Kommunikation zu integrieren.\n\nTechnische Merkmale:\n\n- Au\u00dfenmaterial: 95% Polyester \/ 5% Elasthan\n- Innenmaterial: 100% Mikrofaser-Polyester\n- Wasserabweisender Stoff\n- Taillierte Passform\n- 2 \u00e4u\u00dfere Rei\u00dfverschlusstaschen\n- Verl\u00e4ngerter R\u00fccken\n- \u00dcbern\u00e4hte an den Schultern und Seiten","nl":"De vest twee lagen softshell voor vrouwen combineert comfort en functionaliteit. Geconstrueerd met een buitenweefsel van 95% polyester en 5% elastane, en een binnenvoering van 100% micropolaire polyester, biedt het effectieve bescherming tegen de elementen. De gecintrerde snit zorgt voor een vlekkeloze silhouet, terwijl de twee buitenste ritszakken het mogelijk maken om uw essenti\u00eble spullen veilig op te bergen. Het waterafstotende weefsel beschermt tegen lichte regenbui\u00ebn. De afwerking van naadsteken op de schouders en zijkanten voegt een toon van verfijning toe. Deze vest is ook ideaal voor persoonlijk maken, waardoor u uw logo of visuele elementen kunt integreren voor effectieve communicatie. \n\nTechnische specificaties:\n\n- Buitenkant: 95% polyester \/ 5% elastane\n- Binnenkant: 100% micropolaire polyester\n- Waterafstotend weefsel\n- Gecintrerde snit\n- 2 buitenste ritszakken\n- Verlengde rug\n- Afwerking met naadsteken op schouders en zijkanten","es":"La chaqueta softshell de 2 capas para mujer combina confort y funcionalidad. Confeccionada con un tejido exterior de 95% poli\u00e9ster y 5% elastano, y un forro de 100% poli\u00e9ster micropolar, ofrece una protecci\u00f3n efectiva contra los elementos. Su corte ajustado asegura una silueta favorecedora, mientras que sus 2 bolsillos exteriores con cremallera permiten guardar sus esenciales con seguridad. El tejido impermeable protege de las ligeras lluvias. Los acabados con costuras en los hombros y los lados a\u00f1aden un toque de sofisticaci\u00f3n. Esta chaqueta tambi\u00e9n es ideal para la personalizaci\u00f3n, permitiendo integrar su logo o su visual para una comunicaci\u00f3n efectiva. \n\nCaracter\u00edsticas t\u00e9cnicas :\n\n- Exterior: 95% poli\u00e9ster \/ 5% elastano\n- Interior: 100% poli\u00e9ster micropolar\n- Tejido impermeable\n- Corte ajustado\n- 2 bolsillos exteriores con cremallera\n- Espalda alargada\n- Acabado con costuras en los hombros y lados","it":"La giacca softshell 2 strati per donna combina comfort e funzionalit\u00e0. Realizzata con un tessuto esterno in 95% poliestere e 5% elastam, e una fodera in 100% poliestere micropolare, offre una protezione efficace contro gli elementi. Il suo taglio aderente garantisce una silhouette piatta, mentre le sue 2 tasche esterne con zip permettono di riporre i vostri essenziali in tutta sicurezza. Il tessuto impermeabile protegge dalle piogge leggere. Le rifiniture cucite sulle spalle e sui lati aggiungono un tocco di sofisticazione. Questa giacca \u00e8 anche ideale per la personalizzazione, permettendo di integrare il vostro logo o il vostro visivo per una comunicazione efficace.\n\nCaratteristiche tecniche :\n\n- Esterno : 95% poliestere \/ 5% elastam\n- Interno : 100% poliestere micropolare\n- Tessuto impermeabile\n- Taglio aderente\n- 2 tasche esterne con zip\n- Schiena allungata\n- Rifinitura cucita sulle spalle e sui lati","sv":"Softshelljackan 2 lager f\u00f6r kvinnor kombinerar komfort och funktionalitet. Tillverkad med ett yttermaterial av 95% polyester och 5% elastan, och en fodring av 100% mikropolyester, erbjuder den effektivt skydd mot elementen. Dess cintrade passform s\u00e4kerst\u00e4ller en smickrande siluett, medan dess 2 zippade ytterfickor g\u00f6r att du kan f\u00f6rvara dina essentiella saker s\u00e4kert. Det vattensprutande tyget skyddar mot l\u00e4ttare regnskurar. Syddet p\u00e5 axlarna och sidorna l\u00e4gger till en touch av sofistikering. Denna jacka \u00e4r ocks\u00e5 idealisk f\u00f6r personliggjord, vilket g\u00f6r det m\u00f6jligt att integrera ditt logotyp eller din bild f\u00f6r effektiv kommunikation. \n\nTekniska specifikationer :\n\n- Yttre : 95% polyester \/ 5% elastan\n- Inre : 100% mikropolyester\n- Vattensprutande tyg\n- Cintrad passform\n- 2 zippade ytterfickor\n- F\u00f6rl\u00e4ngt rygg\n- Sydd p\u00e5 axlar och sidor","pt":"A jaqueta softshell 2 camadas para mulher combina conforto e funcionalidade. Confeccionada com um tecido exterior em 95% poli\u00e9ster e 5% elastano, e um forro em 100% poli\u00e9ster micropolar, ela oferece prote\u00e7\u00e3o eficaz contra os elementos. Seu corte ajustado garante uma silhueta elegante, enquanto seus 2 bolsos externos com z\u00edper permitem guardar seus itens essenciais com seguran\u00e7a. O tecido imperme\u00e1vel protege contra chuvas leves. Os acabamentos costurados nos ombros e nos lados adicionam um toque de sofistica\u00e7\u00e3o. Esta jaqueta tamb\u00e9m \u00e9 ideal para personaliza\u00e7\u00e3o, permitindo integrar seu logotipo ou seu visual para uma comunica\u00e7\u00e3o eficaz. \n\nCaracter\u00edsticas t\u00e9cnicas :\n\n- Exterior : 95% poli\u00e9ster \/ 5% elastano\n- Interior : 100% poli\u00e9ster micropolar\n- Tecido imperme\u00e1vel\n- Corte ajustado\n- 2 bolsos externos com z\u00edper\n- Costas alongadas\n- Acabamento costurado nos ombros e lados","da":"2-lags softshell jakken til kvinder kombinerer komfort og funktion. Fremstillet af et ydre stof p\u00e5 95% polyester og 5% elastan, og et foder p\u00e5 100% mikro-polyester, den tilbyder effektiv beskyttelse mod vejrforholdene. Den indsn\u00f8rede sk\u00e6ring sikrer en flatterende silhuet, mens de to ydre lommer med zip g\u00f8r det muligt at opbevare dine vigtigste ting p\u00e5 en sikker m\u00e5de. Regnbeskyttende stof beskytter mod lette regnskyl. Overst\u00f8bning p\u00e5 skuldrene og siderne tilf\u00f8jer en touch af elegance. Denne jakke er ogs\u00e5 ideel til personligg\u00f8relse, hvilket muligg\u00f8r inds\u00e6tning af dit logo eller dit visuelle for effektiv kommunikation.\n\nTekniske specifikationer:\n\n- Ydre: 95% polyester \/ 5% elastan\n- Indre: 100% mikro-polyester\n- Regnbeskyttende stof\n- Indsn\u00f8ret sk\u00e6ring\n- 2 ydre lommer med zip\n- Forl\u00e6nget ryg\n- Overst\u00f8bning p\u00e5 skuldrene og siderne","pl":"Kobieta kurtka softshell 2 warstwy \u0142\u0105czy komfort i funkcjonalno\u015b\u0107. Wykonana z zewn\u0119trznym materia\u0142em z 95% poliesteru i 5% elastanu, oraz wy\u015bci\u00f3\u0142k\u0105 z 100% mikropolestru, zapewnia skuteczn\u0105 ochron\u0119 przed elementami. Jej w\u0105ska sylwetka zapewnia przyci\u0105gaj\u0105c\u0105 sylwetk\u0119, podczas gdy jej 2 zewn\u0119trzne kieszenie zamkni\u0119te na zamek pozwalaj\u0105 na bezpieczne przechowywanie Twoich rzeczy. Materia\u0142 odpychaj\u0105cy wod\u0119 chroni przed lekkimi opadami. Szwy na ramionach i bokach dodaj\u0105 elegancji. Ta kurtka jest r\u00f3wnie\u017c idealna do personalizacji, pozwalaj\u0105c na w\u0142\u0105czenie Twojego loga lub wizualizacji dla skutecznej komunikacji. \n\nCechy techniczne :\n\n- Zewn\u0105trz : 95% poliester \/ 5% elastan\n- Wn\u0119trze : 100% mikropoliester\n- Materia\u0142 odpychaj\u0105cy wod\u0119\n- Szycie w\u0105skie\n- 2 zewn\u0119trzne kieszenie zamkni\u0119te na zamek\n- D\u0142u\u017csze plecy\n- Szwy na ramionach i bokach"},"h1":{"fr":"Veste softshell 2 couches femme k425 personnalisation","en":"2-layer softshell jacket for women k425 customization","de":"Softshell-Jacke 2-Schicht Damen k425 Personalisierung","nl":"Vest twee lagen softshell voor vrouwen k425 persoonlijk maken","es":"Chaqueta softshell de 2 capas para mujer k425 personalizaci\u00f3n","it":"Giacca softshell 2 strati donna k425 personalizzazione","sv":"Softshelljacka 2 lager kvinnor k425 personliggjord","pt":"Jaqueta softshell 2 camadas mulher k425 personaliza\u00e7\u00e3o","da":"2-lags softshell jakke til kvinder k425 personligg\u00f8relse","pl":"Kobieta kurtka softshell 2 warstwy k425 personalizacja"},"meta_description":{"fr":"Veste softshell 2 couches femme. Coupe cintr\u00e9e, d\u00e9perlante, avec 2 poches zipp\u00e9es. Id\u00e9ale pour vos activit\u00e9s outdoor et la personnalisation.","en":"2-layer softshell jacket for women. Fitted cut, water-repellent, with 2 zipped pockets. Ideal for your outdoor activities and customization.","de":"Softshell-Jacke 2-Schicht Damen. Taillierte Passform, wasserabweisend, mit 2 Rei\u00dfverschlusstaschen. Ideal f\u00fcr Outdoor-Aktivit\u00e4ten und Personalisierung.","nl":"Vest twee lagen softshell voor vrouwen. Gecintr\u00e9e snit, waterafstotend, met 2 ritszakken. Ideaal voor uw outdooractiviteiten en persoonlijk maken.","es":"Chaqueta softshell de 2 capas para mujer. Corte ajustado, impermeable, con 2 bolsillos con cremallera. Ideal para sus actividades al aire libre y la personalizaci\u00f3n.","it":"Giacca softshell 2 strati donna. Taglio aderente, impermeabile, con 2 tasche zip. Ideale per le vostre attivit\u00e0 all'aperto e la personalizzazione.","sv":"Softshelljacka 2 lager kvinnor. Cintrad passform, vattensprutande, med 2 zippade fickor. Idealiskt f\u00f6r era utomhusaktiviteter och personliggjord.","pt":"Jaqueta softshell 2 camadas mulher. Corte ajustado, imperme\u00e1vel, com 2 bolsos z\u00edper. Ideal para suas atividades ao ar livre e personaliza\u00e7\u00e3o.","da":"2-lags softshell jakke til kvinder. Indsn\u00f8ret sk\u00e6ring, regnbeskyttende, med 2 lommer med zip. Ideel til dine udend\u00f8rs aktiviteter og personligg\u00f8relse.","pl":"Kobieta kurtka softshell 2 warstwy. Szycie w\u0105skie, odpychaj\u0105ce wod\u0119, z dwoma zamkni\u0119tymi na zamek zameczkami kieszeniami. Idealna do Twoich aktywno\u015bci outdoorowych i personalizacji."}}},"categories":[{"id":328,"name":"Softshells","singular":"Softshell","is_feminin":false},{"id":13,"name":"Vestes et manteaux","singular":"Veste et manteau","is_feminin":true},{"id":354,"name":"Textile","singular":"Textile","is_feminin":false}],"certifications":[],"videos":{"fr":[],"en":[],"de":[],"nl":[],"es":[],"it":[],"sv":[],"pt":[],"da":[],"pl":[]},"main_images":{"miniature":"https:\/\/media.th4.com\/AAKlXYguhrDIvPOhDIxnZ_rXLIyqpy64uw4vR9PErdE\/pr:80\/aHR0cDovL21lZGlhMi5kZXNpZ25wYXJ0bmVyLmZyL2MvcC1NVC8xMDYwNy5qcGc?v=1642592543","medium":"https:\/\/media.th4.com\/evnE4spKG75d904GFDz74NxPI_Ol72DHJpoCB7sEfW0\/pr:550x550greybg\/aHR0cDovL21lZGlhMi5kZXNpZ25wYXJ0bmVyLmZyL2MvcC1NVC8xMDYwNy5qcGc?v=1642592543","medium_large":"https:\/\/media.th4.com\/hOyCf6y83RCx9UOK6RJ9wt_CNHOZkaMuuXpeJzWl2jE\/pr:1000x1000greybg\/aHR0cDovL21lZGlhMi5kZXNpZ25wYXJ0bmVyLmZyL2MvcC1NVC8xMDYwNy5qcGc?v=1642592543","large":"https:\/\/media.th4.com\/dXU52IQyx-7CmTm5YfmMzDjis8MBBqoEbY08w4GGpRk\/pr:1920greybg\/aHR0cDovL21lZGlhMi5kZXNpZ25wYXJ0bmVyLmZyL2MvcC1NVC8xMDYwNy5qcGc?v=1642592543","opengraph":"https:\/\/media.th4.com\/SEyiAUPKTp_0rBV2nGgMSrgvP2mB0eihGW3_tAZUlOI\/pr:1200x630greybg\/aHR0cDovL21lZGlhMi5kZXNpZ25wYXJ0bmVyLmZyL2MvcC1NVC8xMDYwNy5qcGc?v=1642592543"},"main_images_customization":{"miniature":"https:\/\/media.th4.com\/AAKlXYguhrDIvPOhDIxnZ_rXLIyqpy64uw4vR9PErdE\/pr:80\/aHR0cDovL21lZGlhMi5kZXNpZ25wYXJ0bmVyLmZyL2MvcC1NVC8xMDYwNy5qcGc?v=1642592543","medium":"https:\/\/media.th4.com\/evnE4spKG75d904GFDz74NxPI_Ol72DHJpoCB7sEfW0\/pr:550x550greybg\/aHR0cDovL21lZGlhMi5kZXNpZ25wYXJ0bmVyLmZyL2MvcC1NVC8xMDYwNy5qcGc?v=1642592543","medium_large":"https:\/\/media.th4.com\/hOyCf6y83RCx9UOK6RJ9wt_CNHOZkaMuuXpeJzWl2jE\/pr:1000x1000greybg\/aHR0cDovL21lZGlhMi5kZXNpZ25wYXJ0bmVyLmZyL2MvcC1NVC8xMDYwNy5qcGc?v=1642592543","large":"https:\/\/media.th4.com\/dXU52IQyx-7CmTm5YfmMzDjis8MBBqoEbY08w4GGpRk\/pr:1920greybg\/aHR0cDovL21lZGlhMi5kZXNpZ25wYXJ0bmVyLmZyL2MvcC1NVC8xMDYwNy5qcGc?v=1642592543","opengraph":"https:\/\/media.th4.com\/SEyiAUPKTp_0rBV2nGgMSrgvP2mB0eihGW3_tAZUlOI\/pr:1200x630greybg\/aHR0cDovL21lZGlhMi5kZXNpZ25wYXJ0bmVyLmZyL2MvcC1NVC8xMDYwNy5qcGc?v=1642592543"},"page_links":{"fr":"\/fr\/p-ka-k425-veste-softshell-2-couches-femme-k425-10607\/","en":"\/en\/p-ka-k425-2-layer-softshell-jacket-for-women-k425-10607\/","de":"\/de\/p-ka-k425-2-schicht-softshell-jacke-fur-frauen-k425-10607\/","nl":"\/nl\/p-ka-k425-tweelaagse-softshelljassen-voor-vrouwen-k425-10607\/","es":"\/es\/p-ka-k425-chaqueta-softshell-2-capas-mujer-k425-10607\/","it":"\/it\/p-ka-k425-giacca-softshell-2-strati-donna-k425-10607\/","sv":"\/sv\/p-ka-k425-vesta-softshell-2-lager-kvinnor-k425-10607\/","pt":"\/pt\/p-ka-k425-casaco-softshell-2-camadas-mulher-k425-10607\/","da":"\/da\/p-ka-k425-vest-2-lags-softshell-kvinde-k425-10607\/","pl":"\/pl\/p-ka-k425-kurtka-softshell-2-warstwowa-dla-kobiet-k425-10607\/"},"page_links_customization":{"fr":"\/fr\/p-ka-k425-veste-softshell-2-couches-femme-k425-personnalisation-10607\/custom\/","en":"\/en\/p-ka-k425-2-layer-softshell-jacket-for-women-k425-customization-10607\/custom\/","de":"\/de\/p-ka-k425-softshell-jacke-2-schicht-damen-k425-personalisierung-10607\/custom\/","nl":"\/nl\/p-ka-k425-vest-twee-lagen-softshell-voor-vrouwen-k425-persoonlijk-maken-10607\/custom\/","es":"\/es\/p-ka-k425-chaqueta-softshell-de-2-capas-para-mujer-k425-personalizacion-10607\/custom\/","it":"\/it\/p-ka-k425-giacca-softshell-2-strati-donna-k425-personalizzazione-10607\/custom\/","sv":"\/sv\/p-ka-k425-softshelljacka-2-lager-kvinnor-k425-personliggjord-10607\/custom\/","pt":"\/pt\/p-ka-k425-jaqueta-softshell-2-camadas-mulher-k425-personalizacao-10607\/custom\/","da":"\/da\/p-ka-k425-2-lags-softshell-jakke-til-kvinder-k425-personliggorelse-10607\/custom\/","pl":"\/pl\/p-ka-k425-kobieta-kurtka-softshell-2-warstwy-k425-personalizacja-10607\/custom\/"},"equivalent_products":[10606],"colors":[{"id":1262,"name":"red","class_ids":[6],"codes_hexa":["dc0210"],"delai_24":false,"has_3d":false,"seuil_global":0,"stock_local":0,"stock_global":1514,"on_standby":false,"in_catalog":true,"images":{"miniature":["https:\/\/media.th4.com\/r7q8ejcKfv8Syxj6rTkGH5Zjy7rxQg_85-OLfdsDhfc\/pr:80\/aHR0cDovL21lZGlhMi5kZXNpZ25wYXJ0bmVyLmZyL2MvcC8xMDYwNy8xMDYwNy0xMjYyLTEuanBn?v=1638343993","https:\/\/media.th4.com\/TMVJ54y9bH3Tl_AYFMkEJ0qtreAN6AhNe8mD2gcRvH0\/pr:80\/aHR0cDovL21lZGlhMi5kZXNpZ25wYXJ0bmVyLmZyL2MvcC8xMDYwNy8xMDYwNy0xMjYyLTIuanBn?v=1638343993"],"medium":["https:\/\/media.th4.com\/xWns1zPY7GxkWUERBpNgtTzagjLZEnaJeI2IMRWY8B4\/pr:550x550\/aHR0cDovL21lZGlhMi5kZXNpZ25wYXJ0bmVyLmZyL2MvcC8xMDYwNy8xMDYwNy0xMjYyLTEuanBn?v=1638343993","https:\/\/media.th4.com\/QNuXYdaIczgoDVVpUACzHnGWbOsA5dTr93gtkeHE33Y\/pr:550x550\/aHR0cDovL21lZGlhMi5kZXNpZ25wYXJ0bmVyLmZyL2MvcC8xMDYwNy8xMDYwNy0xMjYyLTIuanBn?v=1638343993"],"medium_large":["https:\/\/media.th4.com\/UA2C4mEsuLm3VP6WefTz2siep4zheW6zTYt3dU_7L7E\/pr:1000x1000\/aHR0cDovL21lZGlhMi5kZXNpZ25wYXJ0bmVyLmZyL2MvcC8xMDYwNy8xMDYwNy0xMjYyLTEuanBn?v=1638343993","https:\/\/media.th4.com\/nM84_sDa-_Abs0mIyf0fh2ykwtkg57OIHL6FdNyoiYY\/pr:1000x1000\/aHR0cDovL21lZGlhMi5kZXNpZ25wYXJ0bmVyLmZyL2MvcC8xMDYwNy8xMDYwNy0xMjYyLTIuanBn?v=1638343993"],"large":["https:\/\/media.th4.com\/6Z8ELoLYmQXEuWUeAVfBubSJiZG17-8RKvAOYNCotlA\/pr:1920\/aHR0cDovL21lZGlhMi5kZXNpZ25wYXJ0bmVyLmZyL2MvcC8xMDYwNy8xMDYwNy0xMjYyLTEuanBn?v=1638343993","https:\/\/media.th4.com\/biktl5cw34v04HsC2XRsyldBMR9TdeLDp_Zj-BIPDZ0\/pr:1920\/aHR0cDovL21lZGlhMi5kZXNpZ25wYXJ0bmVyLmZyL2MvcC8xMDYwNy8xMDYwNy0xMjYyLTIuanBn?v=1638343993"],"opengraph":["https:\/\/media.th4.com\/M3tc3sLxsAhxjAE_s3_LyLJYIRaJzCEG25SYkSIh8cQ\/pr:1200x630\/aHR0cDovL21lZGlhMi5kZXNpZ25wYXJ0bmVyLmZyL2MvcC8xMDYwNy8xMDYwNy0xMjYyLTEuanBn?v=1638343993","https:\/\/media.th4.com\/-uY3zr7uEorYNqmflt_M1ZBC1maRI-KDS2im7iYymRU\/pr:1200x630\/aHR0cDovL21lZGlhMi5kZXNpZ25wYXJ0bmVyLmZyL2MvcC8xMDYwNy8xMDYwNy0xMjYyLTIuanBn?v=1638343993"]},"images_customization":{"miniature":["https:\/\/media.th4.com\/r7q8ejcKfv8Syxj6rTkGH5Zjy7rxQg_85-OLfdsDhfc\/pr:80\/aHR0cDovL21lZGlhMi5kZXNpZ25wYXJ0bmVyLmZyL2MvcC8xMDYwNy8xMDYwNy0xMjYyLTEuanBn?v=1638343993","https:\/\/media.th4.com\/TMVJ54y9bH3Tl_AYFMkEJ0qtreAN6AhNe8mD2gcRvH0\/pr:80\/aHR0cDovL21lZGlhMi5kZXNpZ25wYXJ0bmVyLmZyL2MvcC8xMDYwNy8xMDYwNy0xMjYyLTIuanBn?v=1638343993"],"medium":["https:\/\/media.th4.com\/xWns1zPY7GxkWUERBpNgtTzagjLZEnaJeI2IMRWY8B4\/pr:550x550\/aHR0cDovL21lZGlhMi5kZXNpZ25wYXJ0bmVyLmZyL2MvcC8xMDYwNy8xMDYwNy0xMjYyLTEuanBn?v=1638343993","https:\/\/media.th4.com\/QNuXYdaIczgoDVVpUACzHnGWbOsA5dTr93gtkeHE33Y\/pr:550x550\/aHR0cDovL21lZGlhMi5kZXNpZ25wYXJ0bmVyLmZyL2MvcC8xMDYwNy8xMDYwNy0xMjYyLTIuanBn?v=1638343993"],"medium_large":["https:\/\/media.th4.com\/UA2C4mEsuLm3VP6WefTz2siep4zheW6zTYt3dU_7L7E\/pr:1000x1000\/aHR0cDovL21lZGlhMi5kZXNpZ25wYXJ0bmVyLmZyL2MvcC8xMDYwNy8xMDYwNy0xMjYyLTEuanBn?v=1638343993","https:\/\/media.th4.com\/nM84_sDa-_Abs0mIyf0fh2ykwtkg57OIHL6FdNyoiYY\/pr:1000x1000\/aHR0cDovL21lZGlhMi5kZXNpZ25wYXJ0bmVyLmZyL2MvcC8xMDYwNy8xMDYwNy0xMjYyLTIuanBn?v=1638343993"],"large":["https:\/\/media.th4.com\/6Z8ELoLYmQXEuWUeAVfBubSJiZG17-8RKvAOYNCotlA\/pr:1920\/aHR0cDovL21lZGlhMi5kZXNpZ25wYXJ0bmVyLmZyL2MvcC8xMDYwNy8xMDYwNy0xMjYyLTEuanBn?v=1638343993","https:\/\/media.th4.com\/biktl5cw34v04HsC2XRsyldBMR9TdeLDp_Zj-BIPDZ0\/pr:1920\/aHR0cDovL21lZGlhMi5kZXNpZ25wYXJ0bmVyLmZyL2MvcC8xMDYwNy8xMDYwNy0xMjYyLTIuanBn?v=1638343993"],"opengraph":["https:\/\/media.th4.com\/M3tc3sLxsAhxjAE_s3_LyLJYIRaJzCEG25SYkSIh8cQ\/pr:1200x630\/aHR0cDovL21lZGlhMi5kZXNpZ25wYXJ0bmVyLmZyL2MvcC8xMDYwNy8xMDYwNy0xMjYyLTEuanBn?v=1638343993","https:\/\/media.th4.com\/-uY3zr7uEorYNqmflt_M1ZBC1maRI-KDS2im7iYymRU\/pr:1200x630\/aHR0cDovL21lZGlhMi5kZXNpZ25wYXJ0bmVyLmZyL2MvcC8xMDYwNy8xMDYwNy0xMjYyLTIuanBn?v=1638343993"]},"country_origin":"CN","traceability":{"manufacturing_country_id":null,"weaving_country_id":null,"dyeing_country_id":null},"sizes":[{"id":5,"article_id":318107,"class_id":2,"name":"XS","on_standby":false,"stock_local":0,"stock_global":113,"multiple":1,"estimated_date_reassort":null,"is_destocking":false},{"id":3,"article_id":318106,"class_id":3,"name":"S","on_standby":false,"stock_local":0,"stock_global":173,"multiple":1,"estimated_date_reassort":null,"is_destocking":false},{"id":2,"article_id":318101,"class_id":4,"name":"M","on_standby":false,"stock_local":0,"stock_global":456,"multiple":1,"estimated_date_reassort":null,"is_destocking":false},{"id":1,"article_id":318102,"class_id":5,"name":"L","on_standby":false,"stock_local":0,"stock_global":276,"multiple":1,"estimated_date_reassort":null,"is_destocking":false},{"id":4,"article_id":318103,"class_id":6,"name":"XL","on_standby":false,"stock_local":0,"stock_global":250,"multiple":1,"estimated_date_reassort":null,"is_destocking":false},{"id":1116,"article_id":318104,"class_id":7,"name":"2XL","on_standby":false,"stock_local":0,"stock_global":145,"multiple":1,"estimated_date_reassort":null,"is_destocking":false},{"id":1081,"article_id":318105,"class_id":8,"name":"3XL","on_standby":false,"stock_local":0,"stock_global":101,"multiple":1,"estimated_date_reassort":null,"is_destocking":false}],"page_links":{"fr":"\/fr\/p-ka-k425-veste-softshell-2-couches-femme-k425-10607\/red-1262\/","en":"\/en\/p-ka-k425-2-layer-softshell-jacket-for-women-k425-10607\/red-1262\/","de":"\/de\/p-ka-k425-2-schicht-softshell-jacke-fur-frauen-k425-10607\/red-1262\/","nl":"\/nl\/p-ka-k425-tweelaagse-softshelljassen-voor-vrouwen-k425-10607\/red-1262\/","es":"\/es\/p-ka-k425-chaqueta-softshell-2-capas-mujer-k425-10607\/red-1262\/","it":"\/it\/p-ka-k425-giacca-softshell-2-strati-donna-k425-10607\/red-1262\/","sv":"\/sv\/p-ka-k425-vesta-softshell-2-lager-kvinnor-k425-10607\/red-1262\/","pt":"\/pt\/p-ka-k425-casaco-softshell-2-camadas-mulher-k425-10607\/red-1262\/","da":"\/da\/p-ka-k425-vest-2-lags-softshell-kvinde-k425-10607\/red-1262\/","pl":"\/pl\/p-ka-k425-kurtka-softshell-2-warstwowa-dla-kobiet-k425-10607\/red-1262\/"},"page_links_customization":{"fr":"\/fr\/p-ka-k425-veste-softshell-2-couches-femme-k425-personnalisation-10607\/red-1262\/custom\/","en":"\/en\/p-ka-k425-2-layer-softshell-jacket-for-women-k425-customization-10607\/red-1262\/custom\/","de":"\/de\/p-ka-k425-softshell-jacke-2-schicht-damen-k425-personalisierung-10607\/red-1262\/custom\/","nl":"\/nl\/p-ka-k425-vest-twee-lagen-softshell-voor-vrouwen-k425-persoonlijk-maken-10607\/red-1262\/custom\/","es":"\/es\/p-ka-k425-chaqueta-softshell-de-2-capas-para-mujer-k425-personalizacion-10607\/red-1262\/custom\/","it":"\/it\/p-ka-k425-giacca-softshell-2-strati-donna-k425-personalizzazione-10607\/red-1262\/custom\/","sv":"\/sv\/p-ka-k425-softshelljacka-2-lager-kvinnor-k425-personliggjord-10607\/red-1262\/custom\/","pt":"\/pt\/p-ka-k425-jaqueta-softshell-2-camadas-mulher-k425-personalizacao-10607\/red-1262\/custom\/","da":"\/da\/p-ka-k425-2-lags-softshell-jakke-til-kvinder-k425-personliggorelse-10607\/red-1262\/custom\/","pl":"\/pl\/p-ka-k425-kobieta-kurtka-softshell-2-warstwy-k425-personalizacja-10607\/red-1262\/custom\/"}},{"id":1520,"name":"black","class_ids":[4],"codes_hexa":["1a1a18"],"delai_24":false,"has_3d":false,"seuil_global":0,"stock_local":0,"stock_global":799,"on_standby":false,"in_catalog":true,"images":{"miniature":["https:\/\/media.th4.com\/gVVlCsfY8j0zXvhkM4Ss-d1ZlVyebAeVD3EquIQ2WXQ\/pr:80\/aHR0cDovL21lZGlhMi5kZXNpZ25wYXJ0bmVyLmZyL2MvcC8xMDYwNy8xMDYwNy0xNTIwLTEuanBn?v=1638343994","https:\/\/media.th4.com\/AJ4bwN1M8Miks5t7roZ2UZgteDh4LzqR8rCOAxgNjNA\/pr:80\/aHR0cDovL21lZGlhMi5kZXNpZ25wYXJ0bmVyLmZyL2MvcC8xMDYwNy8xMDYwNy0xNTIwLTIuanBn?v=1638343994"],"medium":["https:\/\/media.th4.com\/RdwEEVdNc4mknAa3RwOi9cERwMON4P5TfpCz7fJ3xmU\/pr:550x550\/aHR0cDovL21lZGlhMi5kZXNpZ25wYXJ0bmVyLmZyL2MvcC8xMDYwNy8xMDYwNy0xNTIwLTEuanBn?v=1638343994","https:\/\/media.th4.com\/rmIdCgcLhAFSMk6aLx3hy8O6PPrPMuciYOA3PncZmbA\/pr:550x550\/aHR0cDovL21lZGlhMi5kZXNpZ25wYXJ0bmVyLmZyL2MvcC8xMDYwNy8xMDYwNy0xNTIwLTIuanBn?v=1638343994"],"medium_large":["https:\/\/media.th4.com\/HBDeHH9_WqB34EzIwe_pePiOUsF23d8yHJRN6qQ7Pj4\/pr:1000x1000\/aHR0cDovL21lZGlhMi5kZXNpZ25wYXJ0bmVyLmZyL2MvcC8xMDYwNy8xMDYwNy0xNTIwLTEuanBn?v=1638343994","https:\/\/media.th4.com\/K0lyi9uO1tx10Ky4UUbDYhqvqBkubnAcTktI-sXL0S4\/pr:1000x1000\/aHR0cDovL21lZGlhMi5kZXNpZ25wYXJ0bmVyLmZyL2MvcC8xMDYwNy8xMDYwNy0xNTIwLTIuanBn?v=1638343994"],"large":["https:\/\/media.th4.com\/0CQ0SEWmOcxfrwqH6TIKbKfrC2cwaa31XjNSD50cFSw\/pr:1920\/aHR0cDovL21lZGlhMi5kZXNpZ25wYXJ0bmVyLmZyL2MvcC8xMDYwNy8xMDYwNy0xNTIwLTEuanBn?v=1638343994","https:\/\/media.th4.com\/cRympulwx3QtNbueOLf_oMcxigWA3IgnA6TvsoUUgfs\/pr:1920\/aHR0cDovL21lZGlhMi5kZXNpZ25wYXJ0bmVyLmZyL2MvcC8xMDYwNy8xMDYwNy0xNTIwLTIuanBn?v=1638343994"],"opengraph":["https:\/\/media.th4.com\/QkFC3BYXrv-fUHQuxetwoqbl1Fs3g-xlt76kJ-NcjtM\/pr:1200x630\/aHR0cDovL21lZGlhMi5kZXNpZ25wYXJ0bmVyLmZyL2MvcC8xMDYwNy8xMDYwNy0xNTIwLTEuanBn?v=1638343994","https:\/\/media.th4.com\/hMTkOd5wleIhWLvpOeHB7bCUxpmTDcBs4K2nvPn7FCw\/pr:1200x630\/aHR0cDovL21lZGlhMi5kZXNpZ25wYXJ0bmVyLmZyL2MvcC8xMDYwNy8xMDYwNy0xNTIwLTIuanBn?v=1638343994"]},"images_customization":{"miniature":["https:\/\/media.th4.com\/gVVlCsfY8j0zXvhkM4Ss-d1ZlVyebAeVD3EquIQ2WXQ\/pr:80\/aHR0cDovL21lZGlhMi5kZXNpZ25wYXJ0bmVyLmZyL2MvcC8xMDYwNy8xMDYwNy0xNTIwLTEuanBn?v=1638343994","https:\/\/media.th4.com\/AJ4bwN1M8Miks5t7roZ2UZgteDh4LzqR8rCOAxgNjNA\/pr:80\/aHR0cDovL21lZGlhMi5kZXNpZ25wYXJ0bmVyLmZyL2MvcC8xMDYwNy8xMDYwNy0xNTIwLTIuanBn?v=1638343994"],"medium":["https:\/\/media.th4.com\/RdwEEVdNc4mknAa3RwOi9cERwMON4P5TfpCz7fJ3xmU\/pr:550x550\/aHR0cDovL21lZGlhMi5kZXNpZ25wYXJ0bmVyLmZyL2MvcC8xMDYwNy8xMDYwNy0xNTIwLTEuanBn?v=1638343994","https:\/\/media.th4.com\/rmIdCgcLhAFSMk6aLx3hy8O6PPrPMuciYOA3PncZmbA\/pr:550x550\/aHR0cDovL21lZGlhMi5kZXNpZ25wYXJ0bmVyLmZyL2MvcC8xMDYwNy8xMDYwNy0xNTIwLTIuanBn?v=1638343994"],"medium_large":["https:\/\/media.th4.com\/HBDeHH9_WqB34EzIwe_pePiOUsF23d8yHJRN6qQ7Pj4\/pr:1000x1000\/aHR0cDovL21lZGlhMi5kZXNpZ25wYXJ0bmVyLmZyL2MvcC8xMDYwNy8xMDYwNy0xNTIwLTEuanBn?v=1638343994","https:\/\/media.th4.com\/K0lyi9uO1tx10Ky4UUbDYhqvqBkubnAcTktI-sXL0S4\/pr:1000x1000\/aHR0cDovL21lZGlhMi5kZXNpZ25wYXJ0bmVyLmZyL2MvcC8xMDYwNy8xMDYwNy0xNTIwLTIuanBn?v=1638343994"],"large":["https:\/\/media.th4.com\/0CQ0SEWmOcxfrwqH6TIKbKfrC2cwaa31XjNSD50cFSw\/pr:1920\/aHR0cDovL21lZGlhMi5kZXNpZ25wYXJ0bmVyLmZyL2MvcC8xMDYwNy8xMDYwNy0xNTIwLTEuanBn?v=1638343994","https:\/\/media.th4.com\/cRympulwx3QtNbueOLf_oMcxigWA3IgnA6TvsoUUgfs\/pr:1920\/aHR0cDovL21lZGlhMi5kZXNpZ25wYXJ0bmVyLmZyL2MvcC8xMDYwNy8xMDYwNy0xNTIwLTIuanBn?v=1638343994"],"opengraph":["https:\/\/media.th4.com\/QkFC3BYXrv-fUHQuxetwoqbl1Fs3g-xlt76kJ-NcjtM\/pr:1200x630\/aHR0cDovL21lZGlhMi5kZXNpZ25wYXJ0bmVyLmZyL2MvcC8xMDYwNy8xMDYwNy0xNTIwLTEuanBn?v=1638343994","https:\/\/media.th4.com\/hMTkOd5wleIhWLvpOeHB7bCUxpmTDcBs4K2nvPn7FCw\/pr:1200x630\/aHR0cDovL21lZGlhMi5kZXNpZ25wYXJ0bmVyLmZyL2MvcC8xMDYwNy8xMDYwNy0xNTIwLTIuanBn?v=1638343994"]},"country_origin":"CN","traceability":{"manufacturing_country_id":null,"weaving_country_id":null,"dyeing_country_id":null},"sizes":[{"id":5,"article_id":318087,"class_id":2,"name":"XS","on_standby":false,"stock_local":0,"stock_global":30,"multiple":1,"estimated_date_reassort":null,"is_destocking":false},{"id":3,"article_id":318086,"class_id":3,"name":"S","on_standby":false,"stock_local":0,"stock_global":136,"multiple":1,"estimated_date_reassort":null,"is_destocking":false},{"id":2,"article_id":318081,"class_id":4,"name":"M","on_standby":false,"stock_local":0,"stock_global":330,"multiple":1,"estimated_date_reassort":null,"is_destocking":false},{"id":1,"article_id":318082,"class_id":5,"name":"L","on_standby":false,"stock_local":0,"stock_global":71,"multiple":1,"estimated_date_reassort":null,"is_destocking":false},{"id":4,"article_id":318083,"class_id":6,"name":"XL","on_standby":false,"stock_local":0,"stock_global":120,"multiple":1,"estimated_date_reassort":null,"is_destocking":false},{"id":1116,"article_id":318084,"class_id":7,"name":"2XL","on_standby":false,"stock_local":0,"stock_global":80,"multiple":1,"estimated_date_reassort":null,"is_destocking":false},{"id":1081,"article_id":318085,"class_id":8,"name":"3XL","on_standby":false,"stock_local":0,"stock_global":32,"multiple":1,"estimated_date_reassort":null,"is_destocking":false}],"page_links":{"fr":"\/fr\/p-ka-k425-veste-softshell-2-couches-femme-k425-10607\/black-1520\/","en":"\/en\/p-ka-k425-2-layer-softshell-jacket-for-women-k425-10607\/black-1520\/","de":"\/de\/p-ka-k425-2-schicht-softshell-jacke-fur-frauen-k425-10607\/black-1520\/","nl":"\/nl\/p-ka-k425-tweelaagse-softshelljassen-voor-vrouwen-k425-10607\/black-1520\/","es":"\/es\/p-ka-k425-chaqueta-softshell-2-capas-mujer-k425-10607\/black-1520\/","it":"\/it\/p-ka-k425-giacca-softshell-2-strati-donna-k425-10607\/black-1520\/","sv":"\/sv\/p-ka-k425-vesta-softshell-2-lager-kvinnor-k425-10607\/black-1520\/","pt":"\/pt\/p-ka-k425-casaco-softshell-2-camadas-mulher-k425-10607\/black-1520\/","da":"\/da\/p-ka-k425-vest-2-lags-softshell-kvinde-k425-10607\/black-1520\/","pl":"\/pl\/p-ka-k425-kurtka-softshell-2-warstwowa-dla-kobiet-k425-10607\/black-1520\/"},"page_links_customization":{"fr":"\/fr\/p-ka-k425-veste-softshell-2-couches-femme-k425-personnalisation-10607\/black-1520\/custom\/","en":"\/en\/p-ka-k425-2-layer-softshell-jacket-for-women-k425-customization-10607\/black-1520\/custom\/","de":"\/de\/p-ka-k425-softshell-jacke-2-schicht-damen-k425-personalisierung-10607\/black-1520\/custom\/","nl":"\/nl\/p-ka-k425-vest-twee-lagen-softshell-voor-vrouwen-k425-persoonlijk-maken-10607\/black-1520\/custom\/","es":"\/es\/p-ka-k425-chaqueta-softshell-de-2-capas-para-mujer-k425-personalizacion-10607\/black-1520\/custom\/","it":"\/it\/p-ka-k425-giacca-softshell-2-strati-donna-k425-personalizzazione-10607\/black-1520\/custom\/","sv":"\/sv\/p-ka-k425-softshelljacka-2-lager-kvinnor-k425-personliggjord-10607\/black-1520\/custom\/","pt":"\/pt\/p-ka-k425-jaqueta-softshell-2-camadas-mulher-k425-personalizacao-10607\/black-1520\/custom\/","da":"\/da\/p-ka-k425-2-lags-softshell-jakke-til-kvinder-k425-personliggorelse-10607\/black-1520\/custom\/","pl":"\/pl\/p-ka-k425-kobieta-kurtka-softshell-2-warstwy-k425-personalizacja-10607\/black-1520\/custom\/"}},{"id":3671,"name":"titanium","class_ids":[3],"codes_hexa":["5e616a"],"delai_24":false,"has_3d":false,"seuil_global":0,"stock_local":0,"stock_global":433,"on_standby":false,"in_catalog":true,"images":{"miniature":["https:\/\/media.th4.com\/jN7kB8JoZXE3iZfR1LF9JuqWPftE_pX91GjvOeod90s\/pr:80\/aHR0cDovL21lZGlhMi5kZXNpZ25wYXJ0bmVyLmZyL2MvcC8xMDYwNy8xMDYwNy0zNjcxLTEuanBn?v=1638343994","https:\/\/media.th4.com\/YjhuNLR5HdkMIy8-FGEpN1y-qsWG-xj2WtK8DOfqZxE\/pr:80\/aHR0cDovL21lZGlhMi5kZXNpZ25wYXJ0bmVyLmZyL2MvcC8xMDYwNy8xMDYwNy0zNjcxLTIuanBn?v=1638343994"],"medium":["https:\/\/media.th4.com\/GRvBvVyIPy_YiGFOPof_M8l01UNk1fXRFZR43pbXjjc\/pr:550x550\/aHR0cDovL21lZGlhMi5kZXNpZ25wYXJ0bmVyLmZyL2MvcC8xMDYwNy8xMDYwNy0zNjcxLTEuanBn?v=1638343994","https:\/\/media.th4.com\/IoNL-pFLxzacGKgTkDOyTbe59aV7ohjmADEUIQuJQWM\/pr:550x550\/aHR0cDovL21lZGlhMi5kZXNpZ25wYXJ0bmVyLmZyL2MvcC8xMDYwNy8xMDYwNy0zNjcxLTIuanBn?v=1638343994"],"medium_large":["https:\/\/media.th4.com\/kLVuAfe5ulcZQmOVvAnP1yc__Bhe-t41CagWodH_4E8\/pr:1000x1000\/aHR0cDovL21lZGlhMi5kZXNpZ25wYXJ0bmVyLmZyL2MvcC8xMDYwNy8xMDYwNy0zNjcxLTEuanBn?v=1638343994","https:\/\/media.th4.com\/0s4zMtDOSNc9hJ7yLyenJNNJhTkTrVXgUzYjjKPlpAs\/pr:1000x1000\/aHR0cDovL21lZGlhMi5kZXNpZ25wYXJ0bmVyLmZyL2MvcC8xMDYwNy8xMDYwNy0zNjcxLTIuanBn?v=1638343994"],"large":["https:\/\/media.th4.com\/kLbJp8gA0PBCEAqzdtQt9ZSZy8xcpfNaAzvPWi4bJvQ\/pr:1920\/aHR0cDovL21lZGlhMi5kZXNpZ25wYXJ0bmVyLmZyL2MvcC8xMDYwNy8xMDYwNy0zNjcxLTEuanBn?v=1638343994","https:\/\/media.th4.com\/wA7EyxVVzXSGr9nkzDIqfsBuCpmiP-lrNColq4CbFxI\/pr:1920\/aHR0cDovL21lZGlhMi5kZXNpZ25wYXJ0bmVyLmZyL2MvcC8xMDYwNy8xMDYwNy0zNjcxLTIuanBn?v=1638343994"],"opengraph":["https:\/\/media.th4.com\/6NVn8Qac8GhM5oBftD3XS3hK02f0Lsy-hFpkksxxAps\/pr:1200x630\/aHR0cDovL21lZGlhMi5kZXNpZ25wYXJ0bmVyLmZyL2MvcC8xMDYwNy8xMDYwNy0zNjcxLTEuanBn?v=1638343994","https:\/\/media.th4.com\/5aqOzjnTzLVCr4xY79f5Vb0im-FeJ5tClkGt-ToGCiA\/pr:1200x630\/aHR0cDovL21lZGlhMi5kZXNpZ25wYXJ0bmVyLmZyL2MvcC8xMDYwNy8xMDYwNy0zNjcxLTIuanBn?v=1638343994"]},"images_customization":{"miniature":["https:\/\/media.th4.com\/jN7kB8JoZXE3iZfR1LF9JuqWPftE_pX91GjvOeod90s\/pr:80\/aHR0cDovL21lZGlhMi5kZXNpZ25wYXJ0bmVyLmZyL2MvcC8xMDYwNy8xMDYwNy0zNjcxLTEuanBn?v=1638343994","https:\/\/media.th4.com\/YjhuNLR5HdkMIy8-FGEpN1y-qsWG-xj2WtK8DOfqZxE\/pr:80\/aHR0cDovL21lZGlhMi5kZXNpZ25wYXJ0bmVyLmZyL2MvcC8xMDYwNy8xMDYwNy0zNjcxLTIuanBn?v=1638343994"],"medium":["https:\/\/media.th4.com\/GRvBvVyIPy_YiGFOPof_M8l01UNk1fXRFZR43pbXjjc\/pr:550x550\/aHR0cDovL21lZGlhMi5kZXNpZ25wYXJ0bmVyLmZyL2MvcC8xMDYwNy8xMDYwNy0zNjcxLTEuanBn?v=1638343994","https:\/\/media.th4.com\/IoNL-pFLxzacGKgTkDOyTbe59aV7ohjmADEUIQuJQWM\/pr:550x550\/aHR0cDovL21lZGlhMi5kZXNpZ25wYXJ0bmVyLmZyL2MvcC8xMDYwNy8xMDYwNy0zNjcxLTIuanBn?v=1638343994"],"medium_large":["https:\/\/media.th4.com\/kLVuAfe5ulcZQmOVvAnP1yc__Bhe-t41CagWodH_4E8\/pr:1000x1000\/aHR0cDovL21lZGlhMi5kZXNpZ25wYXJ0bmVyLmZyL2MvcC8xMDYwNy8xMDYwNy0zNjcxLTEuanBn?v=1638343994","https:\/\/media.th4.com\/0s4zMtDOSNc9hJ7yLyenJNNJhTkTrVXgUzYjjKPlpAs\/pr:1000x1000\/aHR0cDovL21lZGlhMi5kZXNpZ25wYXJ0bmVyLmZyL2MvcC8xMDYwNy8xMDYwNy0zNjcxLTIuanBn?v=1638343994"],"large":["https:\/\/media.th4.com\/kLbJp8gA0PBCEAqzdtQt9ZSZy8xcpfNaAzvPWi4bJvQ\/pr:1920\/aHR0cDovL21lZGlhMi5kZXNpZ25wYXJ0bmVyLmZyL2MvcC8xMDYwNy8xMDYwNy0zNjcxLTEuanBn?v=1638343994","https:\/\/media.th4.com\/wA7EyxVVzXSGr9nkzDIqfsBuCpmiP-lrNColq4CbFxI\/pr:1920\/aHR0cDovL21lZGlhMi5kZXNpZ25wYXJ0bmVyLmZyL2MvcC8xMDYwNy8xMDYwNy0zNjcxLTIuanBn?v=1638343994"],"opengraph":["https:\/\/media.th4.com\/6NVn8Qac8GhM5oBftD3XS3hK02f0Lsy-hFpkksxxAps\/pr:1200x630\/aHR0cDovL21lZGlhMi5kZXNpZ25wYXJ0bmVyLmZyL2MvcC8xMDYwNy8xMDYwNy0zNjcxLTEuanBn?v=1638343994","https:\/\/media.th4.com\/5aqOzjnTzLVCr4xY79f5Vb0im-FeJ5tClkGt-ToGCiA\/pr:1200x630\/aHR0cDovL21lZGlhMi5kZXNpZ25wYXJ0bmVyLmZyL2MvcC8xMDYwNy8xMDYwNy0zNjcxLTIuanBn?v=1638343994"]},"country_origin":"CN","traceability":{"manufacturing_country_id":null,"weaving_country_id":null,"dyeing_country_id":null},"sizes":[{"id":2,"article_id":318108,"class_id":4,"name":"M","on_standby":false,"stock_local":0,"stock_global":66,"multiple":1,"estimated_date_reassort":null,"is_destocking":false},{"id":1,"article_id":318109,"class_id":5,"name":"L","on_standby":false,"stock_local":0,"stock_global":188,"multiple":1,"estimated_date_reassort":null,"is_destocking":false},{"id":4,"article_id":318110,"class_id":6,"name":"XL","on_standby":false,"stock_local":0,"stock_global":55,"multiple":1,"estimated_date_reassort":null,"is_destocking":false},{"id":1116,"article_id":318111,"class_id":7,"name":"2XL","on_standby":false,"stock_local":0,"stock_global":63,"multiple":1,"estimated_date_reassort":null,"is_destocking":false},{"id":1081,"article_id":318112,"class_id":8,"name":"3XL","on_standby":false,"stock_local":0,"stock_global":61,"multiple":1,"estimated_date_reassort":null,"is_destocking":false}],"page_links":{"fr":"\/fr\/p-ka-k425-veste-softshell-2-couches-femme-k425-10607\/titanium-3671\/","en":"\/en\/p-ka-k425-2-layer-softshell-jacket-for-women-k425-10607\/titanium-3671\/","de":"\/de\/p-ka-k425-2-schicht-softshell-jacke-fur-frauen-k425-10607\/titanium-3671\/","nl":"\/nl\/p-ka-k425-tweelaagse-softshelljassen-voor-vrouwen-k425-10607\/titanium-3671\/","es":"\/es\/p-ka-k425-chaqueta-softshell-2-capas-mujer-k425-10607\/titanium-3671\/","it":"\/it\/p-ka-k425-giacca-softshell-2-strati-donna-k425-10607\/titanium-3671\/","sv":"\/sv\/p-ka-k425-vesta-softshell-2-lager-kvinnor-k425-10607\/titanium-3671\/","pt":"\/pt\/p-ka-k425-casaco-softshell-2-camadas-mulher-k425-10607\/titanium-3671\/","da":"\/da\/p-ka-k425-vest-2-lags-softshell-kvinde-k425-10607\/titanium-3671\/","pl":"\/pl\/p-ka-k425-kurtka-softshell-2-warstwowa-dla-kobiet-k425-10607\/titanium-3671\/"},"page_links_customization":{"fr":"\/fr\/p-ka-k425-veste-softshell-2-couches-femme-k425-personnalisation-10607\/titanium-3671\/custom\/","en":"\/en\/p-ka-k425-2-layer-softshell-jacket-for-women-k425-customization-10607\/titanium-3671\/custom\/","de":"\/de\/p-ka-k425-softshell-jacke-2-schicht-damen-k425-personalisierung-10607\/titanium-3671\/custom\/","nl":"\/nl\/p-ka-k425-vest-twee-lagen-softshell-voor-vrouwen-k425-persoonlijk-maken-10607\/titanium-3671\/custom\/","es":"\/es\/p-ka-k425-chaqueta-softshell-de-2-capas-para-mujer-k425-personalizacion-10607\/titanium-3671\/custom\/","it":"\/it\/p-ka-k425-giacca-softshell-2-strati-donna-k425-personalizzazione-10607\/titanium-3671\/custom\/","sv":"\/sv\/p-ka-k425-softshelljacka-2-lager-kvinnor-k425-personliggjord-10607\/titanium-3671\/custom\/","pt":"\/pt\/p-ka-k425-jaqueta-softshell-2-camadas-mulher-k425-personalizacao-10607\/titanium-3671\/custom\/","da":"\/da\/p-ka-k425-2-lags-softshell-jakke-til-kvinder-k425-personliggorelse-10607\/titanium-3671\/custom\/","pl":"\/pl\/p-ka-k425-kobieta-kurtka-softshell-2-warstwy-k425-personalizacja-10607\/titanium-3671\/custom\/"}},{"id":1383,"name":"light_royal_blue","class_ids":[2],"codes_hexa":["015bbb"],"delai_24":false,"has_3d":false,"seuil_global":0,"stock_local":0,"stock_global":393,"on_standby":false,"in_catalog":true,"images":{"miniature":["https:\/\/media.th4.com\/UxO0dXx_-PcOHLy_uqmssP2ibjX4qKrd8SI2384uAF8\/pr:80\/aHR0cDovL21lZGlhMi5kZXNpZ25wYXJ0bmVyLmZyL2MvcC8xMDYwNy8xMDYwNy0xMzgzLTEuanBn?v=1638343994","https:\/\/media.th4.com\/cuNIyZ22njnYZ3jGg7aHdUMQWcm5262_8eHJ7dy83YU\/pr:80\/aHR0cDovL21lZGlhMi5kZXNpZ25wYXJ0bmVyLmZyL2MvcC8xMDYwNy8xMDYwNy0xMzgzLTIuanBn?v=1638343994"],"medium":["https:\/\/media.th4.com\/QEPAnqs8pUDTi1-aS8dCx_KNziJg5pdcQv2S5ER2SQY\/pr:550x550\/aHR0cDovL21lZGlhMi5kZXNpZ25wYXJ0bmVyLmZyL2MvcC8xMDYwNy8xMDYwNy0xMzgzLTEuanBn?v=1638343994","https:\/\/media.th4.com\/aUQvvVlYAksSDrOAJMkrpwwbk0JMqklI1n6AV_pZ_GA\/pr:550x550\/aHR0cDovL21lZGlhMi5kZXNpZ25wYXJ0bmVyLmZyL2MvcC8xMDYwNy8xMDYwNy0xMzgzLTIuanBn?v=1638343994"],"medium_large":["https:\/\/media.th4.com\/06oohyBb_r_ad7OwDQTi2xJjwKSCSuYvYeevDs0NVf4\/pr:1000x1000\/aHR0cDovL21lZGlhMi5kZXNpZ25wYXJ0bmVyLmZyL2MvcC8xMDYwNy8xMDYwNy0xMzgzLTEuanBn?v=1638343994","https:\/\/media.th4.com\/sRBqU7LCfOC14DhCLygDz4ftt61Z1_NN4DPOTvmHHgg\/pr:1000x1000\/aHR0cDovL21lZGlhMi5kZXNpZ25wYXJ0bmVyLmZyL2MvcC8xMDYwNy8xMDYwNy0xMzgzLTIuanBn?v=1638343994"],"large":["https:\/\/media.th4.com\/DFPUfjX59cWJgV4pGmzkwHBgXbfzeKC8J-6lNafHrbE\/pr:1920\/aHR0cDovL21lZGlhMi5kZXNpZ25wYXJ0bmVyLmZyL2MvcC8xMDYwNy8xMDYwNy0xMzgzLTEuanBn?v=1638343994","https:\/\/media.th4.com\/XJcGus6zEqlYpyHmr8NOt53OyMDJVs8iMrQ9GTjuRx4\/pr:1920\/aHR0cDovL21lZGlhMi5kZXNpZ25wYXJ0bmVyLmZyL2MvcC8xMDYwNy8xMDYwNy0xMzgzLTIuanBn?v=1638343994"],"opengraph":["https:\/\/media.th4.com\/5IXCrbvRHAyqkimngj1ta8cMNDPu2GKo2pD4GhQy1ag\/pr:1200x630\/aHR0cDovL21lZGlhMi5kZXNpZ25wYXJ0bmVyLmZyL2MvcC8xMDYwNy8xMDYwNy0xMzgzLTEuanBn?v=1638343994","https:\/\/media.th4.com\/54BxsdyRdrWMzU4sGemz_EnHm3eESYh1kA3M0sNW3K8\/pr:1200x630\/aHR0cDovL21lZGlhMi5kZXNpZ25wYXJ0bmVyLmZyL2MvcC8xMDYwNy8xMDYwNy0xMzgzLTIuanBn?v=1638343994"]},"images_customization":{"miniature":["https:\/\/media.th4.com\/UxO0dXx_-PcOHLy_uqmssP2ibjX4qKrd8SI2384uAF8\/pr:80\/aHR0cDovL21lZGlhMi5kZXNpZ25wYXJ0bmVyLmZyL2MvcC8xMDYwNy8xMDYwNy0xMzgzLTEuanBn?v=1638343994","https:\/\/media.th4.com\/cuNIyZ22njnYZ3jGg7aHdUMQWcm5262_8eHJ7dy83YU\/pr:80\/aHR0cDovL21lZGlhMi5kZXNpZ25wYXJ0bmVyLmZyL2MvcC8xMDYwNy8xMDYwNy0xMzgzLTIuanBn?v=1638343994"],"medium":["https:\/\/media.th4.com\/QEPAnqs8pUDTi1-aS8dCx_KNziJg5pdcQv2S5ER2SQY\/pr:550x550\/aHR0cDovL21lZGlhMi5kZXNpZ25wYXJ0bmVyLmZyL2MvcC8xMDYwNy8xMDYwNy0xMzgzLTEuanBn?v=1638343994","https:\/\/media.th4.com\/aUQvvVlYAksSDrOAJMkrpwwbk0JMqklI1n6AV_pZ_GA\/pr:550x550\/aHR0cDovL21lZGlhMi5kZXNpZ25wYXJ0bmVyLmZyL2MvcC8xMDYwNy8xMDYwNy0xMzgzLTIuanBn?v=1638343994"],"medium_large":["https:\/\/media.th4.com\/06oohyBb_r_ad7OwDQTi2xJjwKSCSuYvYeevDs0NVf4\/pr:1000x1000\/aHR0cDovL21lZGlhMi5kZXNpZ25wYXJ0bmVyLmZyL2MvcC8xMDYwNy8xMDYwNy0xMzgzLTEuanBn?v=1638343994","https:\/\/media.th4.com\/sRBqU7LCfOC14DhCLygDz4ftt61Z1_NN4DPOTvmHHgg\/pr:1000x1000\/aHR0cDovL21lZGlhMi5kZXNpZ25wYXJ0bmVyLmZyL2MvcC8xMDYwNy8xMDYwNy0xMzgzLTIuanBn?v=1638343994"],"large":["https:\/\/media.th4.com\/DFPUfjX59cWJgV4pGmzkwHBgXbfzeKC8J-6lNafHrbE\/pr:1920\/aHR0cDovL21lZGlhMi5kZXNpZ25wYXJ0bmVyLmZyL2MvcC8xMDYwNy8xMDYwNy0xMzgzLTEuanBn?v=1638343994","https:\/\/media.th4.com\/XJcGus6zEqlYpyHmr8NOt53OyMDJVs8iMrQ9GTjuRx4\/pr:1920\/aHR0cDovL21lZGlhMi5kZXNpZ25wYXJ0bmVyLmZyL2MvcC8xMDYwNy8xMDYwNy0xMzgzLTIuanBn?v=1638343994"],"opengraph":["https:\/\/media.th4.com\/5IXCrbvRHAyqkimngj1ta8cMNDPu2GKo2pD4GhQy1ag\/pr:1200x630\/aHR0cDovL21lZGlhMi5kZXNpZ25wYXJ0bmVyLmZyL2MvcC8xMDYwNy8xMDYwNy0xMzgzLTEuanBn?v=1638343994","https:\/\/media.th4.com\/54BxsdyRdrWMzU4sGemz_EnHm3eESYh1kA3M0sNW3K8\/pr:1200x630\/aHR0cDovL21lZGlhMi5kZXNpZ25wYXJ0bmVyLmZyL2MvcC8xMDYwNy8xMDYwNy0xMzgzLTIuanBn?v=1638343994"]},"country_origin":"CN","traceability":{"manufacturing_country_id":null,"weaving_country_id":null,"dyeing_country_id":null},"sizes":[{"id":3,"article_id":318093,"class_id":3,"name":"S","on_standby":false,"stock_local":0,"stock_global":32,"multiple":1,"estimated_date_reassort":null,"is_destocking":false},{"id":2,"article_id":318088,"class_id":4,"name":"M","on_standby":false,"stock_local":0,"stock_global":14,"multiple":1,"estimated_date_reassort":null,"is_destocking":false},{"id":1,"article_id":318089,"class_id":5,"name":"L","on_standby":false,"stock_local":0,"stock_global":183,"multiple":1,"estimated_date_reassort":null,"is_destocking":false},{"id":4,"article_id":318090,"class_id":6,"name":"XL","on_standby":false,"stock_local":0,"stock_global":1,"multiple":1,"estimated_date_reassort":null,"is_destocking":false},{"id":1116,"article_id":318091,"class_id":7,"name":"2XL","on_standby":false,"stock_local":0,"stock_global":39,"multiple":1,"estimated_date_reassort":null,"is_destocking":false},{"id":1081,"article_id":318092,"class_id":8,"name":"3XL","on_standby":false,"stock_local":0,"stock_global":124,"multiple":1,"estimated_date_reassort":null,"is_destocking":false}],"page_links":{"fr":"\/fr\/p-ka-k425-veste-softshell-2-couches-femme-k425-10607\/light-royal-blue-1383\/","en":"\/en\/p-ka-k425-2-layer-softshell-jacket-for-women-k425-10607\/light-royal-blue-1383\/","de":"\/de\/p-ka-k425-2-schicht-softshell-jacke-fur-frauen-k425-10607\/light-royal-blue-1383\/","nl":"\/nl\/p-ka-k425-tweelaagse-softshelljassen-voor-vrouwen-k425-10607\/light-royal-blue-1383\/","es":"\/es\/p-ka-k425-chaqueta-softshell-2-capas-mujer-k425-10607\/light-royal-blue-1383\/","it":"\/it\/p-ka-k425-giacca-softshell-2-strati-donna-k425-10607\/light-royal-blue-1383\/","sv":"\/sv\/p-ka-k425-vesta-softshell-2-lager-kvinnor-k425-10607\/light-royal-blue-1383\/","pt":"\/pt\/p-ka-k425-casaco-softshell-2-camadas-mulher-k425-10607\/light-royal-blue-1383\/","da":"\/da\/p-ka-k425-vest-2-lags-softshell-kvinde-k425-10607\/light-royal-blue-1383\/","pl":"\/pl\/p-ka-k425-kurtka-softshell-2-warstwowa-dla-kobiet-k425-10607\/light-royal-blue-1383\/"},"page_links_customization":{"fr":"\/fr\/p-ka-k425-veste-softshell-2-couches-femme-k425-personnalisation-10607\/light-royal-blue-1383\/custom\/","en":"\/en\/p-ka-k425-2-layer-softshell-jacket-for-women-k425-customization-10607\/light-royal-blue-1383\/custom\/","de":"\/de\/p-ka-k425-softshell-jacke-2-schicht-damen-k425-personalisierung-10607\/light-royal-blue-1383\/custom\/","nl":"\/nl\/p-ka-k425-vest-twee-lagen-softshell-voor-vrouwen-k425-persoonlijk-maken-10607\/light-royal-blue-1383\/custom\/","es":"\/es\/p-ka-k425-chaqueta-softshell-de-2-capas-para-mujer-k425-personalizacion-10607\/light-royal-blue-1383\/custom\/","it":"\/it\/p-ka-k425-giacca-softshell-2-strati-donna-k425-personalizzazione-10607\/light-royal-blue-1383\/custom\/","sv":"\/sv\/p-ka-k425-softshelljacka-2-lager-kvinnor-k425-personliggjord-10607\/light-royal-blue-1383\/custom\/","pt":"\/pt\/p-ka-k425-jaqueta-softshell-2-camadas-mulher-k425-personalizacao-10607\/light-royal-blue-1383\/custom\/","da":"\/da\/p-ka-k425-2-lags-softshell-jakke-til-kvinder-k425-personliggorelse-10607\/light-royal-blue-1383\/custom\/","pl":"\/pl\/p-ka-k425-kobieta-kurtka-softshell-2-warstwy-k425-personalizacja-10607\/light-royal-blue-1383\/custom\/"}},{"id":1261,"name":"navy","class_ids":[2],"codes_hexa":["012942"],"delai_24":false,"has_3d":false,"seuil_global":0,"stock_local":0,"stock_global":153,"on_standby":false,"in_catalog":true,"images":{"miniature":["https:\/\/media.th4.com\/O9e9FJ2qryskWqpatjf4TbauvnKkhoe2Z0CgQlBz4EA\/pr:80\/aHR0cDovL21lZGlhMi5kZXNpZ25wYXJ0bmVyLmZyL2MvcC8xMDYwNy8xMDYwNy0xMjYxLTEuanBn?v=1638343995","https:\/\/media.th4.com\/733TDvbpbkCdzT0WK2BbFdpbu2Zb1O4cTdE1Gqd5yV8\/pr:80\/aHR0cDovL21lZGlhMi5kZXNpZ25wYXJ0bmVyLmZyL2MvcC8xMDYwNy8xMDYwNy0xMjYxLTIuanBn?v=1638343993"],"medium":["https:\/\/media.th4.com\/Bvqpqv7vZIfjEsC_ySXnfyWv1Os1zNr73bbfoagx5lw\/pr:550x550\/aHR0cDovL21lZGlhMi5kZXNpZ25wYXJ0bmVyLmZyL2MvcC8xMDYwNy8xMDYwNy0xMjYxLTEuanBn?v=1638343995","https:\/\/media.th4.com\/NAdUzTkqRuTM6madTEWMW12XEFNJNqMrj5hwQmlqpIc\/pr:550x550\/aHR0cDovL21lZGlhMi5kZXNpZ25wYXJ0bmVyLmZyL2MvcC8xMDYwNy8xMDYwNy0xMjYxLTIuanBn?v=1638343993"],"medium_large":["https:\/\/media.th4.com\/INVrI9MHBDJ6s22_quilkbTuYb1q1fQHW1pQO4kDBCc\/pr:1000x1000\/aHR0cDovL21lZGlhMi5kZXNpZ25wYXJ0bmVyLmZyL2MvcC8xMDYwNy8xMDYwNy0xMjYxLTEuanBn?v=1638343995","https:\/\/media.th4.com\/1BjXcMBFu34r7HC4iT10TWaAX9JZo0WwgFQ-HsobSUc\/pr:1000x1000\/aHR0cDovL21lZGlhMi5kZXNpZ25wYXJ0bmVyLmZyL2MvcC8xMDYwNy8xMDYwNy0xMjYxLTIuanBn?v=1638343993"],"large":["https:\/\/media.th4.com\/F3Ffc8r-CopLTcqxCaiyxo0jZ2BQY0s6npR2RHj8LK0\/pr:1920\/aHR0cDovL21lZGlhMi5kZXNpZ25wYXJ0bmVyLmZyL2MvcC8xMDYwNy8xMDYwNy0xMjYxLTEuanBn?v=1638343995","https:\/\/media.th4.com\/aOJeO1n-F3we-tkmGbLZYJr6PqHFH9h4oqfhN7Ptin4\/pr:1920\/aHR0cDovL21lZGlhMi5kZXNpZ25wYXJ0bmVyLmZyL2MvcC8xMDYwNy8xMDYwNy0xMjYxLTIuanBn?v=1638343993"],"opengraph":["https:\/\/media.th4.com\/ACAH4kkC9DMHaU_amrUePOQqrgCq9hjmkNNvqADNeyg\/pr:1200x630\/aHR0cDovL21lZGlhMi5kZXNpZ25wYXJ0bmVyLmZyL2MvcC8xMDYwNy8xMDYwNy0xMjYxLTEuanBn?v=1638343995","https:\/\/media.th4.com\/-YDQdXzOwRsCtV3My7kWP7V8CzI7K3ygknfPfjgwchw\/pr:1200x630\/aHR0cDovL21lZGlhMi5kZXNpZ25wYXJ0bmVyLmZyL2MvcC8xMDYwNy8xMDYwNy0xMjYxLTIuanBn?v=1638343993"]},"images_customization":{"miniature":["https:\/\/media.th4.com\/O9e9FJ2qryskWqpatjf4TbauvnKkhoe2Z0CgQlBz4EA\/pr:80\/aHR0cDovL21lZGlhMi5kZXNpZ25wYXJ0bmVyLmZyL2MvcC8xMDYwNy8xMDYwNy0xMjYxLTEuanBn?v=1638343995","https:\/\/media.th4.com\/733TDvbpbkCdzT0WK2BbFdpbu2Zb1O4cTdE1Gqd5yV8\/pr:80\/aHR0cDovL21lZGlhMi5kZXNpZ25wYXJ0bmVyLmZyL2MvcC8xMDYwNy8xMDYwNy0xMjYxLTIuanBn?v=1638343993"],"medium":["https:\/\/media.th4.com\/Bvqpqv7vZIfjEsC_ySXnfyWv1Os1zNr73bbfoagx5lw\/pr:550x550\/aHR0cDovL21lZGlhMi5kZXNpZ25wYXJ0bmVyLmZyL2MvcC8xMDYwNy8xMDYwNy0xMjYxLTEuanBn?v=1638343995","https:\/\/media.th4.com\/NAdUzTkqRuTM6madTEWMW12XEFNJNqMrj5hwQmlqpIc\/pr:550x550\/aHR0cDovL21lZGlhMi5kZXNpZ25wYXJ0bmVyLmZyL2MvcC8xMDYwNy8xMDYwNy0xMjYxLTIuanBn?v=1638343993"],"medium_large":["https:\/\/media.th4.com\/INVrI9MHBDJ6s22_quilkbTuYb1q1fQHW1pQO4kDBCc\/pr:1000x1000\/aHR0cDovL21lZGlhMi5kZXNpZ25wYXJ0bmVyLmZyL2MvcC8xMDYwNy8xMDYwNy0xMjYxLTEuanBn?v=1638343995","https:\/\/media.th4.com\/1BjXcMBFu34r7HC4iT10TWaAX9JZo0WwgFQ-HsobSUc\/pr:1000x1000\/aHR0cDovL21lZGlhMi5kZXNpZ25wYXJ0bmVyLmZyL2MvcC8xMDYwNy8xMDYwNy0xMjYxLTIuanBn?v=1638343993"],"large":["https:\/\/media.th4.com\/F3Ffc8r-CopLTcqxCaiyxo0jZ2BQY0s6npR2RHj8LK0\/pr:1920\/aHR0cDovL21lZGlhMi5kZXNpZ25wYXJ0bmVyLmZyL2MvcC8xMDYwNy8xMDYwNy0xMjYxLTEuanBn?v=1638343995","https:\/\/media.th4.com\/aOJeO1n-F3we-tkmGbLZYJr6PqHFH9h4oqfhN7Ptin4\/pr:1920\/aHR0cDovL21lZGlhMi5kZXNpZ25wYXJ0bmVyLmZyL2MvcC8xMDYwNy8xMDYwNy0xMjYxLTIuanBn?v=1638343993"],"opengraph":["https:\/\/media.th4.com\/ACAH4kkC9DMHaU_amrUePOQqrgCq9hjmkNNvqADNeyg\/pr:1200x630\/aHR0cDovL21lZGlhMi5kZXNpZ25wYXJ0bmVyLmZyL2MvcC8xMDYwNy8xMDYwNy0xMjYxLTEuanBn?v=1638343995","https:\/\/media.th4.com\/-YDQdXzOwRsCtV3My7kWP7V8CzI7K3ygknfPfjgwchw\/pr:1200x630\/aHR0cDovL21lZGlhMi5kZXNpZ25wYXJ0bmVyLmZyL2MvcC8xMDYwNy8xMDYwNy0xMjYxLTIuanBn?v=1638343993"]},"country_origin":"CN","traceability":{"manufacturing_country_id":null,"weaving_country_id":null,"dyeing_country_id":null},"sizes":[{"id":5,"article_id":318100,"class_id":2,"name":"XS","on_standby":false,"stock_local":0,"stock_global":84,"multiple":1,"estimated_date_reassort":null,"is_destocking":false},{"id":3,"article_id":318099,"class_id":3,"name":"S","on_standby":false,"stock_local":0,"stock_global":64,"multiple":1,"estimated_date_reassort":null,"is_destocking":false},{"id":1081,"article_id":318098,"class_id":8,"name":"3XL","on_standby":false,"stock_local":0,"stock_global":5,"multiple":1,"estimated_date_reassort":null,"is_destocking":false}],"page_links":{"fr":"\/fr\/p-ka-k425-veste-softshell-2-couches-femme-k425-10607\/navy-1261\/","en":"\/en\/p-ka-k425-2-layer-softshell-jacket-for-women-k425-10607\/navy-1261\/","de":"\/de\/p-ka-k425-2-schicht-softshell-jacke-fur-frauen-k425-10607\/navy-1261\/","nl":"\/nl\/p-ka-k425-tweelaagse-softshelljassen-voor-vrouwen-k425-10607\/navy-1261\/","es":"\/es\/p-ka-k425-chaqueta-softshell-2-capas-mujer-k425-10607\/navy-1261\/","it":"\/it\/p-ka-k425-giacca-softshell-2-strati-donna-k425-10607\/navy-1261\/","sv":"\/sv\/p-ka-k425-vesta-softshell-2-lager-kvinnor-k425-10607\/navy-1261\/","pt":"\/pt\/p-ka-k425-casaco-softshell-2-camadas-mulher-k425-10607\/navy-1261\/","da":"\/da\/p-ka-k425-vest-2-lags-softshell-kvinde-k425-10607\/navy-1261\/","pl":"\/pl\/p-ka-k425-kurtka-softshell-2-warstwowa-dla-kobiet-k425-10607\/navy-1261\/"},"page_links_customization":{"fr":"\/fr\/p-ka-k425-veste-softshell-2-couches-femme-k425-personnalisation-10607\/navy-1261\/custom\/","en":"\/en\/p-ka-k425-2-layer-softshell-jacket-for-women-k425-customization-10607\/navy-1261\/custom\/","de":"\/de\/p-ka-k425-softshell-jacke-2-schicht-damen-k425-personalisierung-10607\/navy-1261\/custom\/","nl":"\/nl\/p-ka-k425-vest-twee-lagen-softshell-voor-vrouwen-k425-persoonlijk-maken-10607\/navy-1261\/custom\/","es":"\/es\/p-ka-k425-chaqueta-softshell-de-2-capas-para-mujer-k425-personalizacion-10607\/navy-1261\/custom\/","it":"\/it\/p-ka-k425-giacca-softshell-2-strati-donna-k425-personalizzazione-10607\/navy-1261\/custom\/","sv":"\/sv\/p-ka-k425-softshelljacka-2-lager-kvinnor-k425-personliggjord-10607\/navy-1261\/custom\/","pt":"\/pt\/p-ka-k425-jaqueta-softshell-2-camadas-mulher-k425-personalizacao-10607\/navy-1261\/custom\/","da":"\/da\/p-ka-k425-2-lags-softshell-jakke-til-kvinder-k425-personliggorelse-10607\/navy-1261\/custom\/","pl":"\/pl\/p-ka-k425-kobieta-kurtka-softshell-2-warstwy-k425-personalizacja-10607\/navy-1261\/custom\/"}}],"documentation_link":"\/pdf\/10607.pdf","countries_availables":["AD","AE","AL","AT","BA","BD","BE","BG","BL","CA","CH","CN","CO","CY","CZ","DE","DK","DO","EE","EG","ES","ET","FI","FR","GB","GE","GF","GP","GR","GT","HK","HN","HR","HT","HU","ID","IE","IN","IS","IT","JO","JP","KE","KH","KP","KR","LA","LK","LS","LT","LU","LV","MA","MF","MG","MK","MM","MN","MQ","MT","MX","MY","NC","NI","NL","PF","PH","PK","PL","PM","PT","RE","RO","SE","SG","SI","SK","SV","SY","TH","TN","TR","TW","TZ","US","VN","WF","YT"]},"infos_customization":[],"features":{"authorize_multi_surfaces":true,"display_order_delay_type":true,"promote_surface_display":true,"tarification_franco_offert":true,"enabled_3d_editor":false},"markings":[{"id":0,"nom":"vierge","finition":null,"libelle":null,"code":null,"dpi":null,"finesse_forme_isolee":null,"finesse_forme_non_isolee":null,"hauteur_minimale_texte":null,"inactif":0,"marquage_interne":1,"quantite_min":null,"parent_id":null,"print_on_support":0,"content":"vierge","description":null},{"id":2,"nom":"fonce","finition":"optimale","libelle":"TopQuadri","code":null,"dpi":400,"finesse_forme_isolee":"0.040","finesse_forme_non_isolee":"0.700","hauteur_minimale_texte":2,"inactif":0,"marquage_interne":1,"quantite_min":null,"parent_id":18,"print_on_support":0,"content":"TopQuadri","description":"pour petites et moyennes s\u00e9ries"},{"id":3,"nom":"serigraphie","finition":"serigraphie","libelle":"SeriCoat","code":null,"dpi":400,"finesse_forme_isolee":"0.040","finesse_forme_non_isolee":"0.700","hauteur_minimale_texte":2,"inactif":0,"marquage_interne":1,"quantite_min":15,"parent_id":18,"print_on_support":0,"content":"SeriCoat","description":"pour moyennes et grandes s\u00e9ries"},{"id":4,"nom":"broderie","finition":"broderie","libelle":"Broderie","code":null,"dpi":400,"finesse_forme_isolee":"0.040","finesse_forme_non_isolee":"0.700","hauteur_minimale_texte":3,"inactif":0,"marquage_interne":1,"quantite_min":null,"parent_id":null,"print_on_support":0,"content":"Broderie","description":null},{"id":8,"nom":"theme","finition":null,"libelle":"Th\u00e8me","code":null,"dpi":null,"finesse_forme_isolee":null,"finesse_forme_non_isolee":null,"hauteur_minimale_texte":null,"inactif":0,"marquage_interne":1,"quantite_min":null,"parent_id":null,"print_on_support":0,"content":"Th\u00e8me","description":null},{"id":9,"nom":"sans","finition":null,"libelle":null,"code":null,"dpi":null,"finesse_forme_isolee":null,"finesse_forme_non_isolee":null,"hauteur_minimale_texte":null,"inactif":0,"marquage_interne":1,"quantite_min":null,"parent_id":null,"print_on_support":0,"content":"sans","description":null},{"id":10,"nom":"photo","finition":null,"libelle":"Photo","code":null,"dpi":null,"finesse_forme_isolee":null,"finesse_forme_non_isolee":null,"hauteur_minimale_texte":null,"inactif":0,"marquage_interne":1,"quantite_min":null,"parent_id":null,"print_on_support":0,"content":"Photo","description":null},{"id":14,"nom":"couleur","finition":null,"libelle":"Couleur","code":null,"dpi":null,"finesse_forme_isolee":null,"finesse_forme_non_isolee":null,"hauteur_minimale_texte":null,"inactif":0,"marquage_interne":1,"quantite_min":null,"parent_id":null,"print_on_support":0,"content":"Couleur","description":null},{"id":15,"nom":"sublimation","finition":"sublimation","libelle":"Sublimation","code":null,"dpi":null,"finesse_forme_isolee":"0.000","finesse_forme_non_isolee":"0.000","hauteur_minimale_texte":2,"inactif":0,"marquage_interne":1,"quantite_min":null,"parent_id":null,"print_on_support":0,"content":"Sublimation","description":null},{"id":16,"nom":"topquadri_uv","finition":null,"libelle":"TopQuadri UV","code":null,"dpi":null,"finesse_forme_isolee":"0.020","finesse_forme_non_isolee":"0.700","hauteur_minimale_texte":2,"inactif":0,"marquage_interne":1,"quantite_min":null,"parent_id":null,"print_on_support":1,"content":null,"description":null},{"id":17,"nom":"topquadri_uvp","finition":null,"libelle":"TopQuadri UVP","code":null,"dpi":null,"finesse_forme_isolee":"0.020","finesse_forme_non_isolee":"0.700","hauteur_minimale_texte":2,"inactif":0,"marquage_interne":1,"quantite_min":null,"parent_id":null,"print_on_support":1,"content":null,"description":null},{"id":18,"nom":"quadri","finition":null,"libelle":"Impression","code":null,"dpi":null,"finesse_forme_isolee":null,"finesse_forme_non_isolee":null,"hauteur_minimale_texte":null,"inactif":0,"marquage_interne":1,"quantite_min":null,"parent_id":null,"print_on_support":0,"content":null,"description":null}]}}