{"data":{"product":{"id":10606,"titre":"Veste Softshell 2 couches homme ","description":"Ext\u00e9rieur : 95% polyester \/ 5% \u00e9lasthanne. Int\u00e9rieur : 100% polyester micropolaire. Tissu d\u00e9perlant. Coupe ajust\u00e9e. 2 poches ext\u00e9rieures zipp\u00e9es. Fermetures zipp\u00e9es contrast\u00e9es. Dos rallong\u00e9. Finition surpiq\u00fbres aux \u00e9paules et c\u00f4t\u00e9s.","genre":"homme","grammage":300,"conditionnement":10,"composition":"polyester,elasthanne","reference":"ka-k424","reference_visible":"ka-k424","reference_fabricant":"K424","ref_xor":"753451","in_catalog":true,"is_transfer":false,"is_service":false,"on_standby":false,"has_3d":false,"has_size_guide":false,"has_marking":true,"has_vierge":true,"is_cross_sellable":false,"id_picto":27,"filename_3d":null,"brand":{"id":25,"name":"Kariban","logo":"logo-kariban.png","image":"https:\/\/media.th4.com\/0rw9lHnnPIY5Gn0FZVsrv47tC3tEhLUIsdVYj4xy6L4\/pr:brand70x70\/aHR0cDovL21lZGlhMi5kZXNpZ25wYXJ0bmVyLmZyL2MvbS9sb2dvLWthcmliYW4ucG5n?v=1736960982"},"price_infos":{"price_from":14.57,"quantity":240,"color":{"id":1261,"name":"navy"},"size":{"id":4,"name":"XL"}},"price_infos_marking":{"price_from":18.32,"quantity":350,"color":{"id":1261,"name":"navy"},"size":{"id":4,"name":"XL"},"marking":{"id":2,"name":""},"emplacement":"avant","surface_emplacement_id":1,"surface":"coeur"},"i18n":{"blank":{"title":{"fr":"Veste softshell 2 couches homme KARIBAN k424","en":"Softshell jacket 2 layers men KARIBAN k424","de":"Softshelljacke 2 Lagen Herren KARIBAN k424","nl":"Veste softshell 2 lagen man k424","es":"Chaqueta softshell de 2 capas para hombre KARIBAN k424","it":"Giacca softshell a due strati uomo KARIBAN k424","sv":"V\u00e4st Softshell 2 lager m\u00e4n KARIBAN k424","pt":"Jaqueta softshell de 2 camadas homem KARIBAN k424","da":"Veste softshell 2 lagers mand KARIBAN k424","pl":"Kurtka softshell dwuwarstwowa m\u0119ska KARIBAN k424"},"description":{"fr":"Veste softshell 2 couches homme avec un ext\u00e9rieur en 95% polyester \/ 5% \u00e9lasthanne et un int\u00e9rieur en 100% polyester micropolaire. Tissu d\u00e9perlant pour une protection efficace contre les intemp\u00e9ries. Coupe ajust\u00e9e pour un confort optimal. Cette veste dispose de 2 poches ext\u00e9rieures zipp\u00e9es pour ranger vos effets personnels et d'un dos rallong\u00e9 pour une meilleure couverture. Finition surpiq\u00fbres aux \u00e9paules et aux c\u00f4t\u00e9s.\n\n- Ext\u00e9rieur : 95% polyester \/ 5% \u00e9lasthanne\n- Int\u00e9rieur : 100% polyester micropolaire\n- Tissu d\u00e9perlant\n- Coupe ajust\u00e9e\n- 2 poches ext\u00e9rieures zipp\u00e9es\n- Dos rallong\u00e9","en":"Men's softshell 2-layer jacket with a polyester \/ elastane exterior and a micropolar polyester interior. Water-repellent fabric for effective protection against bad weather. Fitted cut for optimal comfort. This jacket features 2 zipped outer pockets to store your personal belongings and an elongated back for better coverage. Shoulder and side stitching finish.","de":"Softshelljacke 2 Lagen f\u00fcr Herren mit einem \u00c4u\u00dferen aus 95% Polyester \/ 5% Elastan und einem Innenfutter aus 100% Polyester-Mikrofaser. Wasserdichtes Gewebe f\u00fcr effektiven Schutz vor den Wetterbedingungen. Enge Passform f\u00fcr optimalen Tragekomfort. Diese Jacke verf\u00fcgt \u00fcber 2 \u00e4u\u00dfere Rei\u00dfverschlusstaschen, um Ihre pers\u00f6nlichen Gegenst\u00e4nde zu verstauen und einen verl\u00e4ngerten R\u00fccken f\u00fcr besseren Schutz. Verarbeitung mit N\u00e4hten an den Schultern und Seiten.","nl":"Veste softshell 2 lagen man met een buitenkant van 95% polyester \/ 5% elastane en een binnenkant van 100% microfleecepolyester. Waterafstotend weefsel voor bescherming tegen slecht weer. Aangepaste pasvorm voor optimaal comfort. Deze vest heeft twee zippockets om uw persoonlijke spullen op te bergen en een verlengde rug voor een betere dekking. Afwerking met naadjes op de schouders en zijden.","es":"Chaqueta softshell de 2 capas para hombre con un exterior en 95% poli\u00e9ster \/ 5% elastano y un interior en 100% micropolar de poli\u00e9ster. Tejido impermeable para una protecci\u00f3n eficaz contra los elementos. Corte ajustado para un confort \u00f3ptimo. Esta chaqueta cuenta con 2 bolsillos externos con cremallera para guardar sus efectos personales y una espalda alargada para una mejor cobertura. Terminaci\u00f3n cosida en los hombros y los lados.","it":"Giacca softshell a due strati uomo con esterno in 95% poliestere \/ 5% elastam e interno in 100% micropoliammide di poliestere. Tessuto impermeabile per una protezione efficace contro le intemperie. Taglio aderente per un comfort ottimale. Questa giacca dispone di 2 tasche esterne con zip per riporre i vostri effetti personali e di una schiena allungata per una migliore copertura. Finizione con cuciture a spalla e sui lati.","sv":"V\u00e4st Softshell 2 lager m\u00e4n med ett yttre skikt av 95% polyester \/ 5% elastan och ett inre skikt av 100% mikrofleecepolyester. Vattenavst\u00f6tande v\u00e4v f\u00f6r effektivt skydd mot v\u00e4derleken. Justerad passform f\u00f6r optimal komfort. Denna v\u00e4st har 2 zippade ytterfickor f\u00f6r att f\u00f6rvara dina personliga tillh\u00f6righeter och en f\u00f6rl\u00e4ngd rygg f\u00f6r b\u00e4ttre t\u00e4ckning. F\u00f6rst\u00e4rkt med sydda s\u00f6mmar p\u00e5 axlarna och sidorna.","pt":"Jaqueta softshell de 2 camadas homem com exterior em 95% poli\u00e9ster \/ 5% elastano e interior em 100% poli\u00e9ster micropolar. Tecido imperme\u00e1vel para uma prote\u00e7\u00e3o eficaz contra as intemp\u00e9ries. Corte ajustado para um conforto \u00f3timo. Esta jaqueta possui 2 bolsos externos zippados para guardar seus pertences e costas alongadas para melhor cobertura. Acabamento costurado nos ombros e lados.","da":"Veste softshell 2 lagers mand med et ydre i 95% polyester \/ 5% elastan og et indre i 100% polyester mikrofleece. Vandafst\u00f8dende v\u00e6v for effektiv beskyttelse mod vejrforholdene. Justeret pasform til optimal komfort. Denne veste har 2 ydre zippet lommer til opbevaring af dine personlige ejendomme og et forl\u00e6nget ryg for bedre d\u00e6kning. Afslutning med syninger p\u00e5 skuldrene og siderne.\n\n- Ydre: 95% polyester \/ 5% elastan\n- Indre: 100% polyester mikrofleece\n- Vandafst\u00f8dende v\u00e6v\n- Justeret pasform\n- 2 ydre zippet lommer\n- Forl\u00e6nget ryg","pl":"M\u0119ska kurtka softshell dwuwarstwowa z zewn\u0119trzn\u0105 warstw\u0105 wykonan\u0105 z 95% poliestru \/ 5% elastanu i wn\u0119trzem z 100% mikropolestru. Tkanina odporna na wod\u0119 zapewniaj\u0105ca skuteczn\u0105 ochron\u0119 przed niepogod\u0105. Dopasowana sylwetka dla optymalnego komfortu. Kurtka wyposa\u017cona w dwie zewn\u0119trzne kieszenie z zamkiem blyskim do przechowywania przedmiot\u00f3w osobistych i wyd\u0142u\u017cony ty\u0142 dla lepszej ochrony. Wyko\u0144czenia na ramionach i bokach."},"h1":{"fr":"Veste softshell 2 couches homme k424","en":"Softshell jacket 2 layers men k424","de":"Softshelljacke 2 Lagen Herren k424","nl":"Veste softshell 2 lagen man k424","es":"Chaqueta softshell de 2 capas para hombre k424","it":"Giacca softshell a due strati uomo k424","sv":"V\u00e4st softshell 2 lager m\u00e4n k424","pt":"Jaqueta softshell de 2 camadas homem k424","da":"Veste softshell 2 lagers mand k424","pl":"Kurtka softshell dwuwarstwowa m\u0119ska k424"},"meta_description":{"fr":"Veste softshell 2 couches homme d\u00e9perlant zipp\u00e9. Coupe ajust\u00e9e, 2 poches zipp\u00e9es, dos rallong\u00e9. Id\u00e9al pour vos activit\u00e9s outdoor.","en":"Water-repellent zipped men's softshell 2-layer jacket. Fitted cut, 2 zip pockets, elongated back. Ideal for your outdoor activities.","de":"Wasserdichte Softshelljacke 2 Lagen mit Rei\u00dfverschluss. Enge Passform, 2 Rei\u00dfverschlusstaschen, verl\u00e4ngerter R\u00fccken. Ideal f\u00fcr Outdoor-Aktivit\u00e4ten.","nl":"Veste softshell 2 lagen man waterafstotend gezipd. Aangepaste pasvorm, 2 zippockets, verlengde rug. Ideaal voor uw outdooractiviteiten.","es":"Chaqueta softshell impermeable para hombre con cierre. Corte ajustado, 2 bolsillos con cremallera y espalda alargada. Ideal para sus actividades al aire libre.","it":"Giacca softshell a due strati uomo impermeabile con zip. Taglio aderente, 2 tasche con zip, schiena allungata. Ideale per le vostre attivit\u00e0 outdoor.","sv":"V\u00e4st softshell 2 lager m\u00e4n vattenavst\u00f6tande zippad. Justerad passform, 2 zippade fickor, f\u00f6rl\u00e4ngd rygg. Idealisk f\u00f6r dina utomhusaktiviteter.","pt":"Jaqueta softshell de 2 camadas homem imperme\u00e1vel zippado. Corte ajustado, 2 bolsos zippados, costas alongadas. Ideal para suas atividades ao ar livre.","da":"Veste softshell 2 lagers mand vandafst\u00f8dende zippet. Justeret pasform, 2 zippet lommer, forl\u00e6nget ryg. Ideel til dine udend\u00f8rs aktiviteter.","pl":"M\u0119ska kurtka softshell dwuwarstwowa odporna na wod\u0119 z zamkiem blyskim. Dopasowana sylwetka, 2 kieszenie z zamek blyskim, wyd\u0142u\u017cona ty\u0142. Idealna do aktywno\u015bci na \u015bwie\u017cym powietrzu."}},"custom":{"title":{"fr":"Veste softshell 2 couches homme KARIBAN k424 personnalis\u00e9","en":"Men's 2-layer softshell jacket KARIBAN k424 personalized","de":"Mann Softshell Jacke 2-Schicht k424 ma\u00dfgeschneidert","nl":"Zachte shell jas 2 lagen man KARIBAN k424 gepersonaliseerd","es":"Chaqueta softshell 2 capas hombre KARIBAN k424 personalizado","it":"Giacca softshell 2 strati uomo KARIBAN k424 personalizzato","sv":"Veste softshell 2 lager m\u00e4n Kariban k424 personlig","pt":"Jaqueta softshell 2 camadas homem KARIBAN k424 personalizado","da":"Vest softshell 2 lagers m\u00e6nd KARIBAN k424 tilpasning","pl":"M\u0119ska kurtka softshell 2-warstwowa k424 personalizowana"},"description":{"fr":"Veste softshell 2 couches homme, con\u00e7ue pour offrir confort et protection. Son tissu d\u00e9perlant et sa coupe ajust\u00e9e assurent une bonne libert\u00e9 de mouvement. Elle dispose de deux poches ext\u00e9rieures zipp\u00e9es pour un rangement pratique. Les finitions surpiq\u00fbres aux \u00e9paules et aux c\u00f4t\u00e9s ajoutent une touche de qualit\u00e9. Cette veste est id\u00e9ale pour les activit\u00e9s en ext\u00e9rieur par temps variable. Elle offre \u00e9galement la possibilit\u00e9 d'une personnalisation en broderie pour afficher votre logo ou votre identit\u00e9 visuelle.\n\n- Ext\u00e9rieur : 95% polyester \/ 5% \u00e9lasthanne\n- Int\u00e9rieur : 100% polyester micropolaire\n- Coupe ajust\u00e9e\n- Tissu d\u00e9perlant\n- 2 poches ext\u00e9rieures zipp\u00e9es\n- Dos rallong\u00e9\n- Finition surpiq\u00fbres aux \u00e9paules et c\u00f4t\u00e9s","en":"Men's 2-layer softshell jacket, designed to offer comfort and protection. Its water-repellent fabric and fitted cut ensure good freedom of movement. It has two zipped exterior pockets for practical storage. The shoulder and side stitching finishes add a touch of quality. This jacket is ideal for outdoor activities in variable weather. It also offers the possibility of customization by embroidery to display your logo or your visual identity. \n\n- Exterior: 95% polyester \/ 5% elastane\n- Interior: 100% micropolar polyester\n- Fitted cut\n- Water-repellent fabric\n- 2 zipped exterior pockets\n- Extended back\n- Shoulder and side stitching finishes","de":"Mann Softshell Jacke 2-Schicht, f\u00fcr Komfort und Schutz konzipiert. Ihr abweisendes Gewebe und ihre ajustierte Passform bieten eine gute Bewegungsfreiheit. Sie verf\u00fcgt \u00fcber zwei \u00e4u\u00dfere Rei\u00dfverschlusstaschen f\u00fcr praktischen Stauraum. Die N\u00e4hte an den Schultern und Seiten verleihen ihr einen Hauch von Qualit\u00e4t. Diese Jacke ist ideal f\u00fcr Outdoor-Aktivit\u00e4ten bei wechselhaftem Wetter. Sie bietet auch die M\u00f6glichkeit einer Personalisierung durch Stickerei, um Ihr Logo oder Ihre visuelle Identit\u00e4t anzuzeigen.\n\n- Au\u00dfenmaterial: 95% Polyester \/ 5% Elasthan\n- Innenmaterial: 100% Polyester Mikrofaser\n- Ajustierte Passform\n- Abweisendes Gewebe\n- 2 \u00e4u\u00dfere Rei\u00dfverschlusstaschen\n- Verl\u00e4ngerter R\u00fccken\n- Nahtverarbeitung an den Schultern und Seiten","nl":"Zachte shell jas 2 lagen man, ontworpen voor comfort en bescherming. Het afstotend weefsel en de aangepaste passvorm zorgen voor een goede bewegingsvrijheid. De jas beschikt over twee buitenzippockets voor praktisch opslaan. De naadfinishing op de schouders en zijkanten voegen een kwaliteitsaspect toe. Deze jas is ideaal voor buitenactiviteiten bij wisselend weer. Biedt eveneens de mogelijkheid tot personalisatie door borduursel om uw logo of visuele identiteit te tonen.\n\n- Buitenkant: 95% polyester \/ 5% elastane\n- Binnenkant: 100% polyester microfleece\n- Aangepaste passvorm\n- Afstotend weefsel\n- 2 buitenzippockets\n- Verlengde rug\n- Naadfinishing op schouders en zijkanten","es":"Chaqueta softshell 2 capas hombre, dise\u00f1ada para ofrecer comodidad y protecci\u00f3n. Su tejido repelente al agua y su corte ajustado aseguran una buena libertad de movimiento. Dispone de dos bolsillos exteriores con cremallera para un almacenamiento pr\u00e1ctico. Los acabados con costuras en los hombros y los lados a\u00f1aden un toque de calidad. Esta chaqueta es ideal para actividades al aire libre en condiciones variables. Tambi\u00e9n ofrece la posibilidad de personalizaci\u00f3n en bordado para mostrar su logo o su identidad visual.\n\n- Exterior: 95% poli\u00e9ster \/ 5% elastano\n- Interior: 100% poli\u00e9ster micropolar\n- Corte ajustado\n- Tejido repelente al agua\n- 2 bolsillos exteriores con cremallera\n- Espalda alargada\n- Acabado con costuras en los hombros y los lados","it":"Giacca softshell 2 strati uomo, progettata per offrire comfort e protezione. Il suo tessuto repellente all'acqua e il taglio aderente garantiscono una buona libert\u00e0 di movimento. Dispone di due tasche esterne con zip per un comodo ripostiglio. Le finiture cucite a mano sulle spalle e sui lati aggiungono un tocco di qualit\u00e0. Questa giacca \u00e8 ideale per le attivit\u00e0 all'aperto con condizioni meteorologiche variabili. Offre anche la possibilit\u00e0 di personalizzazione con ricamo per mostrare il proprio logo o identit\u00e0 visiva.\n\n- Esterno: 95% poliestere \/ 5% elastan\n- Interno: 100% poliestere micropile\n- Taglio aderente\n- Tessuto repellente all'acqua\n- 2 tasche esterne con zip\n- Schiena allungata\n- Finitura cucita a mano sulle spalle e sui lati","sv":"Veste softshell 2 lager m\u00e4n, designad f\u00f6r att erbjuda komfort och skydd. Dess vattent\u00e4ta tyg och passform s\u00e4kerst\u00e4ller fri r\u00f6relse. Den har tv\u00e5 yttre zippade fickor f\u00f6r praktiskt f\u00f6rvaring. Syftningarna p\u00e5 axlarna och sidorna l\u00e4gger till en kvalitetsk\u00e4nsla. Denna jacka \u00e4r idealisk f\u00f6r utomhusaktiviteter i varierande v\u00e4der. Den erbjuder ocks\u00e5 m\u00f6jlighet till personlig anpassning med broderi f\u00f6r att visa ditt logotyp eller ditt visuella identitet.\n\n- Yttre: 95% polyester \/ 5% elastan\n- Inre: 100% polyester micropoly\n- Passform\n- Vattent\u00e4t tyg\n- 2 yttre zippade fickor\n- F\u00f6rl\u00e4ngd rygg\n- Syftningar p\u00e5 axlar och sidor","pt":"Jaqueta softshell 2 camadas homem, projetada para oferecer conforto e prote\u00e7\u00e3o. Seu tecido repelente \u00e0 \u00e1gua e corte ajustado garantem boa liberdade de movimento. Possui dois bolsos externos com z\u00edper para armazenamento pr\u00e1tico. Os acabamentos costurados nos ombros e lados adicionam um toque de qualidade. Esta jaqueta \u00e9 ideal para atividades ao ar livre em tempo vari\u00e1vel. Tamb\u00e9m oferece a possibilidade de personaliza\u00e7\u00e3o em bordado para exibir seu logotipo ou identidade visual.\n\n- Exterior: 95% poli\u00e9ster \/ 5% elastano\n- Interior: 100% poli\u00e9ster micropolar\n- Corte ajustado\n- Tecido repelente \u00e0 \u00e1gua\n- 2 bolsos externos com z\u00edper\n- Costas alongadas\n- Acabamento costurado nos ombros e lados","da":"Vest softshell 2 lagers m\u00e6nd, designet til at give komfort og beskyttelse. Dens vandafvisende stof og justerede passform sikrer god bev\u00e6gelsesfrihed. Den har to ydre lommer med zip til praktisk opbevaring. Finisher med syede s\u00f8mme p\u00e5 skuldrene og siderne tilf\u00f8jer en kvalitetsf\u00f8lelse. Denne jakke er ideel til udend\u00f8rs aktiviteter i variabelt vejr. Den tilbyder ogs\u00e5 mulighed for tilpasning ved broderi for at vise dit logo eller din visuelle identitet.\n\n- Udvendigt: 95% polyester \/ 5% elastan\n- Indvendigt: 100% polyester mikrofleece\n- Justeret passform\n- Vandafvisende stof\n- 2 ydre lommer med zip\n- Forl\u00e6nget ryg\n- Finishing med syede s\u00f8mme p\u00e5 skuldre og sider","pl":"M\u0119ska kurtka softshell 2-warstwowa, zaprojektowana, aby zapewni\u0107 komfort i ochron\u0119. Jej tkanina odpychaj\u0105ca wod\u0119 i dopasowany kroj zapewniaj\u0105 dobry zakres ruchu. Dispone dw\u00f3ch zewn\u0119trznych kieszeni z zamek do wygodnego przechowywania. Szwy na ramionach i bokach dodaj\u0105 elementu jako\u015bci. Ta kurtka jest idealna do aktywno\u015bci na \u015bwie\u017cym powietrzu w zmiennych warunkach pogodowych. Oferuje r\u00f3wnie\u017c mo\u017cliwo\u015b\u0107 personalizacji haka, aby wy\u015bwietli\u0107 logo lub to\u017csamo\u015b\u0107 wizualn\u0105.\n\n- Zewn\u0119trzna cz\u0119\u015b\u0107: 95% poliester \/ 5% elastan\n- Wewn\u0119trzna cz\u0119\u015b\u0107: 100% mikropolarny poliester\n- Kr\u00f3j dopasowany\n- Tkanina odpychaj\u0105ca wod\u0119\n- 2 zewn\u0119trzne kieszenie z zamek\n- D\u0142u\u017cszy ty\u0142\n- Szwy na ramionach i bokach"},"h1":{"fr":"Veste softshell 2 couches homme k424 personnalisation","en":"Men's 2-layer softshell jacket k424 customization","de":"Mann Softshell Jacke 2-Schicht k424 ma\u00dfgeschneidert","nl":"Zachte shell jas 2 lagen man k424 personalisatie","es":"Chaqueta softshell 2 capas hombre k424 personalizaci\u00f3n","it":"Giacca softshell 2 strati uomo k424 personalizzazione","sv":"Veste softshell 2 lager m\u00e4n k424 personlig","pt":"Jaqueta softshell 2 camadas homem k424 personaliza\u00e7\u00e3o","da":"Vest softshell 2 lagers m\u00e6nd k424 tilpasning","pl":"M\u0119ska kurtka softshell 2-warstwowa k424 personalizacja"},"meta_description":{"fr":"Veste softshell 2 couches homme. Coupe ajust\u00e9e, tissu d\u00e9perlant, 2 poches zipp\u00e9es. Possibilit\u00e9 de personnalisation en broderie.","en":"Men's 2-layer softshell jacket. Fitted cut, water-repellent fabric, 2 zipped pockets. Possibility of customization by embroidery.","de":"Mann Softshell Jacke 2-Schicht. Ajustierte Passform, abweisendes Gewebe, 2 Rei\u00dfverschluss Taschen. M\u00f6glichkeit der Personalisierung durch Stickerei.","nl":"Zachte shell jas 2 lagen man. Aangepaste passvorm, afstotend weefsel, 2 zippockets. Mogelijkheid tot personalisatie door middel van borduursel.","es":"Chaqueta softshell 2 capas hombre. Corte ajustado, tejido repelente al agua, 2 bolsillos con cremallera. Posibilidad de personalizaci\u00f3n en bordado.","it":"Giacca softshell 2 strati uomo. Taglio aderente, tessuto repellente all'acqua, 2 tasche a zip. Possibilit\u00e0 di personalizzazione con ricamo.","sv":"Veste softshell 2 lager m\u00e4n. Passform, vattent\u00e4t tyg, 2 zippade fickor. M\u00f6jlighet att anpassa med broderi.","pt":"Jaqueta softshell 2 camadas homem. Corte ajustado, tecido repelente \u00e0 \u00e1gua, 2 bolsos z\u00edper. Possibilidade de personaliza\u00e7\u00e3o em bordado.","da":"Vest softshell 2 lagers m\u00e6nd. Justeret passform, vandafvisende stof, 2 lommer med zip. Mulighed for tilpasning ved broderi.","pl":"M\u0119ska kurtka softshell 2-warstwowa. Kr\u00f3j dopasowany, tkanina odpychaj\u0105ca wod\u0119, 2 kieszenie z zamek. Mo\u017cliwo\u015b\u0107 personalizacji haka."}}},"categories":[{"id":328,"name":"Softshells","singular":"Softshell","is_feminin":false},{"id":13,"name":"Vestes et manteaux","singular":"Veste et manteau","is_feminin":true},{"id":354,"name":"Textile","singular":"Textile","is_feminin":false}],"certifications":[],"videos":{"fr":[],"en":[],"de":[],"nl":[],"es":[],"it":[],"sv":[],"pt":[],"da":[],"pl":[]},"main_images":{"miniature":"https:\/\/media.th4.com\/oxaiVzw1TiEyRTufZf0l4_aX5c6aYTCI1maht7SUpUE\/pr:80\/aHR0cDovL21lZGlhMi5kZXNpZ25wYXJ0bmVyLmZyL2MvcC1ibGFuay1USC8xMDYwNi53ZWJw?v=1748412973","medium":"https:\/\/media.th4.com\/6EMXHQowc6Cwj9hVM45JtQDaMX10uyzoRkn-q7f_c6A\/pr:550x550greybg\/aHR0cDovL21lZGlhMi5kZXNpZ25wYXJ0bmVyLmZyL2MvcC1ibGFuay1USC8xMDYwNi53ZWJw?v=1748412973","medium_large":"https:\/\/media.th4.com\/nqJSGFv5V69QvlSUkC3Q7aWPKsPbMWv0i416W4057Dk\/pr:1000x1000greybg\/aHR0cDovL21lZGlhMi5kZXNpZ25wYXJ0bmVyLmZyL2MvcC1ibGFuay1USC8xMDYwNi53ZWJw?v=1748412973","large":"https:\/\/media.th4.com\/fRYgTvo8rYrA56wDUtikufbapSRlUqsvhbkx2M3yl3U\/pr:1920greybg\/aHR0cDovL21lZGlhMi5kZXNpZ25wYXJ0bmVyLmZyL2MvcC1ibGFuay1USC8xMDYwNi53ZWJw?v=1748412973","opengraph":"https:\/\/media.th4.com\/KsVbqojUwnCoV9qT2I14DruQ_Ks4ktz_P4YXq4SIOpo\/pr:1200x630greybg\/aHR0cDovL21lZGlhMi5kZXNpZ25wYXJ0bmVyLmZyL2MvcC1ibGFuay1USC8xMDYwNi53ZWJw?v=1748412973"},"main_images_customization":{"miniature":"https:\/\/media.th4.com\/woAIVPPygsEq9Dz8DJvcI9dflntRCyblcBZovUac-Ns\/pr:80\/aHR0cDovL21lZGlhMi5kZXNpZ25wYXJ0bmVyLmZyL2MvcC1jdXN0b20tVEgvMTA2MDYud2VicA?v=1748413163","medium":"https:\/\/media.th4.com\/QsVS6OZOWLoOn3dBZ2G6BbkLe6NnjYmVP93DQ8ftpuQ\/pr:550x550greybg\/aHR0cDovL21lZGlhMi5kZXNpZ25wYXJ0bmVyLmZyL2MvcC1jdXN0b20tVEgvMTA2MDYud2VicA?v=1748413163","medium_large":"https:\/\/media.th4.com\/WbCChpCaavupyow5rrwjsz7kmOU2jX27tfT6hXvd7iY\/pr:1000x1000greybg\/aHR0cDovL21lZGlhMi5kZXNpZ25wYXJ0bmVyLmZyL2MvcC1jdXN0b20tVEgvMTA2MDYud2VicA?v=1748413163","large":"https:\/\/media.th4.com\/XzmwFcVkoPT7EAG6UsoaAcj776ROdGEyv-3cy4S66Aw\/pr:1920greybg\/aHR0cDovL21lZGlhMi5kZXNpZ25wYXJ0bmVyLmZyL2MvcC1jdXN0b20tVEgvMTA2MDYud2VicA?v=1748413163","opengraph":"https:\/\/media.th4.com\/Dt0yrTUiG_vQBXW1a9oSOwYOUZ9uVcGIoXZ-lFt0INw\/pr:1200x630greybg\/aHR0cDovL21lZGlhMi5kZXNpZ25wYXJ0bmVyLmZyL2MvcC1jdXN0b20tVEgvMTA2MDYud2VicA?v=1748413163"},"page_links":{"fr":"\/fr\/p-ka-k424-veste-softshell-2-couches-homme-k424-10606\/","en":"\/en\/p-ka-k424-softshell-jacket-2-layers-men-k424-10606\/","de":"\/de\/p-ka-k424-softshelljacke-2-lagen-herren-k424-10606\/","nl":"\/nl\/p-ka-k424-veste-softshell-2-lagen-man-k424-10606\/","es":"\/es\/p-ka-k424-chaqueta-softshell-de-2-capas-para-hombre-k424-10606\/","it":"\/it\/p-ka-k424-giacca-softshell-a-due-strati-uomo-k424-10606\/","sv":"\/sv\/p-ka-k424-vast-softshell-2-lager-man-k424-10606\/","pt":"\/pt\/p-ka-k424-jaqueta-softshell-de-2-camadas-homem-k424-10606\/","da":"\/da\/p-ka-k424-veste-softshell-2-lagers-mand-k424-10606\/","pl":"\/pl\/p-ka-k424-kurtka-softshell-dwuwarstwowa-meska-k424-10606\/"},"page_links_customization":{"fr":"\/fr\/p-ka-k424-veste-softshell-2-couches-homme-k424-personnalisation-10606\/custom\/","en":"\/en\/p-ka-k424-mens-2-layer-softshell-jacket-k424-customization-10606\/custom\/","de":"\/de\/p-ka-k424-mann-softshell-jacke-2-schicht-k424-maszgeschneidert-10606\/custom\/","nl":"\/nl\/p-ka-k424-zachte-shell-jas-2-lagen-man-k424-personalisatie-10606\/custom\/","es":"\/es\/p-ka-k424-chaqueta-softshell-2-capas-hombre-k424-personalizacion-10606\/custom\/","it":"\/it\/p-ka-k424-giacca-softshell-2-strati-uomo-k424-personalizzazione-10606\/custom\/","sv":"\/sv\/p-ka-k424-veste-softshell-2-lager-man-k424-personlig-10606\/custom\/","pt":"\/pt\/p-ka-k424-jaqueta-softshell-2-camadas-homem-k424-personalizacao-10606\/custom\/","da":"\/da\/p-ka-k424-vest-softshell-2-lagers-maend-k424-tilpasning-10606\/custom\/","pl":"\/pl\/p-ka-k424-meska-kurtka-softshell-2-warstwowa-k424-personalizacja-10606\/custom\/"},"equivalent_products":[10607],"colors":[{"id":1261,"name":"navy","class_ids":[2],"codes_hexa":["012942"],"delai_24":false,"has_3d":false,"seuil_global":0,"stock_local":0,"stock_global":885,"on_standby":false,"in_catalog":true,"images":{"miniature":["https:\/\/media.th4.com\/djUm32EnKV8DA3do26rGP9D-sQfCGbj8o3q31mIVaQc\/pr:80\/aHR0cDovL21lZGlhMi5kZXNpZ25wYXJ0bmVyLmZyL2MvcC8xMDYwNi8xMDYwNi0xMjYxLTEuanBn?v=1638343991","https:\/\/media.th4.com\/_zTG0faTBiXo4w29dwd-bTKQR20mvJ1uQVFcgyGqPa4\/pr:80\/aHR0cDovL21lZGlhMi5kZXNpZ25wYXJ0bmVyLmZyL2MvcC8xMDYwNi8xMDYwNi0xMjYxLTIuanBn?v=1638343992","https:\/\/media.th4.com\/d9Z2ajNbhpqJWhsTg0jrH4xgxDRtXi4QQ9Ng9XnTwKs\/pr:80\/aHR0cDovL21lZGlhMi5kZXNpZ25wYXJ0bmVyLmZyL2MvcC8xMDYwNi8xMDYwNi0xMjYxLTMuanBn?v=1638343992"],"medium":["https:\/\/media.th4.com\/oFZnGegFYAZnbqhrcN0Jb2ShewcoSo5lBDlA92NDfes\/pr:550x550\/aHR0cDovL21lZGlhMi5kZXNpZ25wYXJ0bmVyLmZyL2MvcC8xMDYwNi8xMDYwNi0xMjYxLTEuanBn?v=1638343991","https:\/\/media.th4.com\/dasJY1HI5REDl0DpWhWY0QfbuuVWcvHW8jhPm7NfMWU\/pr:550x550\/aHR0cDovL21lZGlhMi5kZXNpZ25wYXJ0bmVyLmZyL2MvcC8xMDYwNi8xMDYwNi0xMjYxLTIuanBn?v=1638343992","https:\/\/media.th4.com\/yNUq31HKsVvgkFT96vld-YEa6brDeK1wWEz325JDURM\/pr:550x550\/aHR0cDovL21lZGlhMi5kZXNpZ25wYXJ0bmVyLmZyL2MvcC8xMDYwNi8xMDYwNi0xMjYxLTMuanBn?v=1638343992"],"medium_large":["https:\/\/media.th4.com\/qkGxIOcZGSdnPOwtJ4unDeBKEH1zK0MKmUk0IchLzm8\/pr:1000x1000\/aHR0cDovL21lZGlhMi5kZXNpZ25wYXJ0bmVyLmZyL2MvcC8xMDYwNi8xMDYwNi0xMjYxLTEuanBn?v=1638343991","https:\/\/media.th4.com\/y-lq_wICn_QtRSujggt9FLzFNlIQTVMiUtBD1XrfUUE\/pr:1000x1000\/aHR0cDovL21lZGlhMi5kZXNpZ25wYXJ0bmVyLmZyL2MvcC8xMDYwNi8xMDYwNi0xMjYxLTIuanBn?v=1638343992","https:\/\/media.th4.com\/4_tMIbZmJ-ymHinjuwzFD5nvv4Sf7uLxK3NuXtoBHbU\/pr:1000x1000\/aHR0cDovL21lZGlhMi5kZXNpZ25wYXJ0bmVyLmZyL2MvcC8xMDYwNi8xMDYwNi0xMjYxLTMuanBn?v=1638343992"],"large":["https:\/\/media.th4.com\/7_ND1eXQsJlzuZQzRUQjwtLuX8nCXBNcPpQA9W2RZtY\/pr:1920\/aHR0cDovL21lZGlhMi5kZXNpZ25wYXJ0bmVyLmZyL2MvcC8xMDYwNi8xMDYwNi0xMjYxLTEuanBn?v=1638343991","https:\/\/media.th4.com\/EuiQCU1db_6-HgMRedUPfcoguW-FSpoAcG8mQRtdX3s\/pr:1920\/aHR0cDovL21lZGlhMi5kZXNpZ25wYXJ0bmVyLmZyL2MvcC8xMDYwNi8xMDYwNi0xMjYxLTIuanBn?v=1638343992","https:\/\/media.th4.com\/_94WrlG0118DDASGRdDOSvhLI_eDMJmW817Iw57P824\/pr:1920\/aHR0cDovL21lZGlhMi5kZXNpZ25wYXJ0bmVyLmZyL2MvcC8xMDYwNi8xMDYwNi0xMjYxLTMuanBn?v=1638343992"],"opengraph":["https:\/\/media.th4.com\/JMeCsP7F5aUDNUfBHqV27j-LiI6_5srlA08_hwJ_oVs\/pr:1200x630\/aHR0cDovL21lZGlhMi5kZXNpZ25wYXJ0bmVyLmZyL2MvcC8xMDYwNi8xMDYwNi0xMjYxLTEuanBn?v=1638343991","https:\/\/media.th4.com\/9en0tUKlwTK9dVrSIdsfbJiYiTMgNRau1FqiQs55EPM\/pr:1200x630\/aHR0cDovL21lZGlhMi5kZXNpZ25wYXJ0bmVyLmZyL2MvcC8xMDYwNi8xMDYwNi0xMjYxLTIuanBn?v=1638343992","https:\/\/media.th4.com\/Vk2GRmA_q57WsNHdIP-9GOQ9GJgBQnb0t0Pg1RCGZW0\/pr:1200x630\/aHR0cDovL21lZGlhMi5kZXNpZ25wYXJ0bmVyLmZyL2MvcC8xMDYwNi8xMDYwNi0xMjYxLTMuanBn?v=1638343992"]},"images_customization":{"miniature":["https:\/\/media.th4.com\/48beqHSfZ9kjbOGL0_qtz0WgjrU3h1TrC7UA65pZOYQ\/pr:80\/aHR0cDovL21lZGlhMi5kZXNpZ25wYXJ0bmVyLmZyL2MvcC1zaG9wcGluZy1jdXN0b20tVEgvMTA2MDYvMTA2MDYtMTI2MS0xLmpwZw?v=1737556139"],"medium":["https:\/\/media.th4.com\/0ZD3vNgLKiQKgtN-JK-TpnXnr8I2ti3Vy-jxJzuo74g\/pr:550x550\/aHR0cDovL21lZGlhMi5kZXNpZ25wYXJ0bmVyLmZyL2MvcC1zaG9wcGluZy1jdXN0b20tVEgvMTA2MDYvMTA2MDYtMTI2MS0xLmpwZw?v=1737556139"],"medium_large":["https:\/\/media.th4.com\/Lb2e_oiHCW9fUulAkLOxDmHOKKh7idxlmpbpuciKn0Q\/pr:1000x1000\/aHR0cDovL21lZGlhMi5kZXNpZ25wYXJ0bmVyLmZyL2MvcC1zaG9wcGluZy1jdXN0b20tVEgvMTA2MDYvMTA2MDYtMTI2MS0xLmpwZw?v=1737556139"],"large":["https:\/\/media.th4.com\/LD1AqkmCOjedSO6_p1qvVTlEZ3UP4H9uD7M2smAtaEk\/pr:1920\/aHR0cDovL21lZGlhMi5kZXNpZ25wYXJ0bmVyLmZyL2MvcC1zaG9wcGluZy1jdXN0b20tVEgvMTA2MDYvMTA2MDYtMTI2MS0xLmpwZw?v=1737556139"],"opengraph":["https:\/\/media.th4.com\/Rhhm8r074m71mVsSW9EqNuRvpm9O-wbIpuBM8R_HSc4\/pr:1200x630\/aHR0cDovL21lZGlhMi5kZXNpZ25wYXJ0bmVyLmZyL2MvcC1zaG9wcGluZy1jdXN0b20tVEgvMTA2MDYvMTA2MDYtMTI2MS0xLmpwZw?v=1737556139"]},"country_origin":"CN","traceability":{"manufacturing_country_id":null,"weaving_country_id":null,"dyeing_country_id":null},"sizes":[{"id":1,"article_id":380784,"class_id":5,"name":"L","on_standby":false,"stock_local":0,"stock_global":58,"multiple":1,"estimated_date_reassort":null,"is_destocking":false},{"id":4,"article_id":318062,"class_id":6,"name":"XL","on_standby":false,"stock_local":0,"stock_global":358,"multiple":1,"estimated_date_reassort":null,"is_destocking":false},{"id":1116,"article_id":318063,"class_id":7,"name":"2XL","on_standby":false,"stock_local":0,"stock_global":235,"multiple":1,"estimated_date_reassort":null,"is_destocking":false},{"id":1081,"article_id":318064,"class_id":8,"name":"3XL","on_standby":false,"stock_local":0,"stock_global":150,"multiple":1,"estimated_date_reassort":null,"is_destocking":false},{"id":16,"article_id":318066,"class_id":9,"name":"4XL","on_standby":false,"stock_local":0,"stock_global":84,"multiple":1,"estimated_date_reassort":null,"is_destocking":false}],"page_links":{"fr":"\/fr\/p-ka-k424-veste-softshell-2-couches-homme-k424-10606\/navy-1261\/","en":"\/en\/p-ka-k424-softshell-jacket-2-layers-men-k424-10606\/navy-1261\/","de":"\/de\/p-ka-k424-softshelljacke-2-lagen-herren-k424-10606\/navy-1261\/","nl":"\/nl\/p-ka-k424-veste-softshell-2-lagen-man-k424-10606\/navy-1261\/","es":"\/es\/p-ka-k424-chaqueta-softshell-de-2-capas-para-hombre-k424-10606\/navy-1261\/","it":"\/it\/p-ka-k424-giacca-softshell-a-due-strati-uomo-k424-10606\/navy-1261\/","sv":"\/sv\/p-ka-k424-vast-softshell-2-lager-man-k424-10606\/navy-1261\/","pt":"\/pt\/p-ka-k424-jaqueta-softshell-de-2-camadas-homem-k424-10606\/navy-1261\/","da":"\/da\/p-ka-k424-veste-softshell-2-lagers-mand-k424-10606\/navy-1261\/","pl":"\/pl\/p-ka-k424-kurtka-softshell-dwuwarstwowa-meska-k424-10606\/navy-1261\/"},"page_links_customization":{"fr":"\/fr\/p-ka-k424-veste-softshell-2-couches-homme-k424-personnalisation-10606\/navy-1261\/custom\/","en":"\/en\/p-ka-k424-mens-2-layer-softshell-jacket-k424-customization-10606\/navy-1261\/custom\/","de":"\/de\/p-ka-k424-mann-softshell-jacke-2-schicht-k424-maszgeschneidert-10606\/navy-1261\/custom\/","nl":"\/nl\/p-ka-k424-zachte-shell-jas-2-lagen-man-k424-personalisatie-10606\/navy-1261\/custom\/","es":"\/es\/p-ka-k424-chaqueta-softshell-2-capas-hombre-k424-personalizacion-10606\/navy-1261\/custom\/","it":"\/it\/p-ka-k424-giacca-softshell-2-strati-uomo-k424-personalizzazione-10606\/navy-1261\/custom\/","sv":"\/sv\/p-ka-k424-veste-softshell-2-lager-man-k424-personlig-10606\/navy-1261\/custom\/","pt":"\/pt\/p-ka-k424-jaqueta-softshell-2-camadas-homem-k424-personalizacao-10606\/navy-1261\/custom\/","da":"\/da\/p-ka-k424-vest-softshell-2-lagers-maend-k424-tilpasning-10606\/navy-1261\/custom\/","pl":"\/pl\/p-ka-k424-meska-kurtka-softshell-2-warstwowa-k424-personalizacja-10606\/navy-1261\/custom\/"}},{"id":1383,"name":"light_royal_blue","class_ids":[2],"codes_hexa":["015bbb"],"delai_24":false,"has_3d":false,"seuil_global":0,"stock_local":0,"stock_global":783,"on_standby":false,"in_catalog":true,"images":{"miniature":["https:\/\/media.th4.com\/8wd3hqyUHuWIH6DwT29ANURs98R4q6fBIQCpc39dgGU\/pr:80\/aHR0cDovL21lZGlhMi5kZXNpZ25wYXJ0bmVyLmZyL2MvcC8xMDYwNi8xMDYwNi0xMzgzLTEuanBn?v=1638343993","https:\/\/media.th4.com\/_4pxNor8rh7P5jaQZC8rfQa21w9jqqKf9CDxPaU8KX4\/pr:80\/aHR0cDovL21lZGlhMi5kZXNpZ25wYXJ0bmVyLmZyL2MvcC8xMDYwNi8xMDYwNi0xMzgzLTIuanBn?v=1638343992","https:\/\/media.th4.com\/ftewKV3K1zv9j-8z_ak3lpDgCXsM4ChlrXeWjy5iioM\/pr:80\/aHR0cDovL21lZGlhMi5kZXNpZ25wYXJ0bmVyLmZyL2MvcC8xMDYwNi8xMDYwNi0xMzgzLTMuanBn?v=1638343992"],"medium":["https:\/\/media.th4.com\/S2w85zXpxP3eE6E9b-GOFzMevAu_-KNqdo4CTIaSXzo\/pr:550x550\/aHR0cDovL21lZGlhMi5kZXNpZ25wYXJ0bmVyLmZyL2MvcC8xMDYwNi8xMDYwNi0xMzgzLTEuanBn?v=1638343993","https:\/\/media.th4.com\/uYOccRrzmIM6Xb-MpmlL2Hkgp6FK6AMLRmNOAbqCHIE\/pr:550x550\/aHR0cDovL21lZGlhMi5kZXNpZ25wYXJ0bmVyLmZyL2MvcC8xMDYwNi8xMDYwNi0xMzgzLTIuanBn?v=1638343992","https:\/\/media.th4.com\/u31a3eKBmnk8uoYluQfD_QfjGmzeh2koODHNL1xg-xo\/pr:550x550\/aHR0cDovL21lZGlhMi5kZXNpZ25wYXJ0bmVyLmZyL2MvcC8xMDYwNi8xMDYwNi0xMzgzLTMuanBn?v=1638343992"],"medium_large":["https:\/\/media.th4.com\/8633rQ3JiBd6w0xkgDIxUcM2IQbbhVPcG0HFlQ8AcPE\/pr:1000x1000\/aHR0cDovL21lZGlhMi5kZXNpZ25wYXJ0bmVyLmZyL2MvcC8xMDYwNi8xMDYwNi0xMzgzLTEuanBn?v=1638343993","https:\/\/media.th4.com\/DJJUjorUDesmJULLg9lymk41QPzk3QpX7dah-qj93RM\/pr:1000x1000\/aHR0cDovL21lZGlhMi5kZXNpZ25wYXJ0bmVyLmZyL2MvcC8xMDYwNi8xMDYwNi0xMzgzLTIuanBn?v=1638343992","https:\/\/media.th4.com\/GHl3J6aTH6uH5Em0-ssV5LGe64I2I6bveeCKSQRYzIw\/pr:1000x1000\/aHR0cDovL21lZGlhMi5kZXNpZ25wYXJ0bmVyLmZyL2MvcC8xMDYwNi8xMDYwNi0xMzgzLTMuanBn?v=1638343992"],"large":["https:\/\/media.th4.com\/krSVb28lQBhLPwDEAxbEJpN9EZPLG5W-LqA2eA__vRo\/pr:1920\/aHR0cDovL21lZGlhMi5kZXNpZ25wYXJ0bmVyLmZyL2MvcC8xMDYwNi8xMDYwNi0xMzgzLTEuanBn?v=1638343993","https:\/\/media.th4.com\/r_8MqJIkHZpMU_h87msB0MzNr0tl3hjQGuZXaYc1248\/pr:1920\/aHR0cDovL21lZGlhMi5kZXNpZ25wYXJ0bmVyLmZyL2MvcC8xMDYwNi8xMDYwNi0xMzgzLTIuanBn?v=1638343992","https:\/\/media.th4.com\/ixkwKDlQHuDNmxmYq3e_4bKuUmOXiIhan3juvvoAXxo\/pr:1920\/aHR0cDovL21lZGlhMi5kZXNpZ25wYXJ0bmVyLmZyL2MvcC8xMDYwNi8xMDYwNi0xMzgzLTMuanBn?v=1638343992"],"opengraph":["https:\/\/media.th4.com\/Y_WteYPIvoQ9LIZB6p1RtMlgwbC0Df1gPizswdXwMAE\/pr:1200x630\/aHR0cDovL21lZGlhMi5kZXNpZ25wYXJ0bmVyLmZyL2MvcC8xMDYwNi8xMDYwNi0xMzgzLTEuanBn?v=1638343993","https:\/\/media.th4.com\/PdCu7F3Ug8QTe3XrY28upEhmhv9mi1vbJgs4Of70BPc\/pr:1200x630\/aHR0cDovL21lZGlhMi5kZXNpZ25wYXJ0bmVyLmZyL2MvcC8xMDYwNi8xMDYwNi0xMzgzLTIuanBn?v=1638343992","https:\/\/media.th4.com\/BpXYVWGAowjQn8Qhxy0e76XWC9TTEIZuJNUikB1l-VE\/pr:1200x630\/aHR0cDovL21lZGlhMi5kZXNpZ25wYXJ0bmVyLmZyL2MvcC8xMDYwNi8xMDYwNi0xMzgzLTMuanBn?v=1638343992"]},"images_customization":{"miniature":["https:\/\/media.th4.com\/AwC4OFfwwVXtcnw7lPYX-WGc_yZ2uaSy_JNdgKO4MWw\/pr:80\/aHR0cDovL21lZGlhMi5kZXNpZ25wYXJ0bmVyLmZyL2MvcC1zaG9wcGluZy1jdXN0b20tVEgvMTA2MDYvMTA2MDYtMTM4My0xLmpwZw?v=1737556138"],"medium":["https:\/\/media.th4.com\/t9x21zt1uFEqda30Rz_GvCYrjyUTE2Zc5Q8FZijcu1A\/pr:550x550\/aHR0cDovL21lZGlhMi5kZXNpZ25wYXJ0bmVyLmZyL2MvcC1zaG9wcGluZy1jdXN0b20tVEgvMTA2MDYvMTA2MDYtMTM4My0xLmpwZw?v=1737556138"],"medium_large":["https:\/\/media.th4.com\/HZ85m3-reJSSJRObsdjGtHFQgGLY23jAKVDJN50ONYM\/pr:1000x1000\/aHR0cDovL21lZGlhMi5kZXNpZ25wYXJ0bmVyLmZyL2MvcC1zaG9wcGluZy1jdXN0b20tVEgvMTA2MDYvMTA2MDYtMTM4My0xLmpwZw?v=1737556138"],"large":["https:\/\/media.th4.com\/TUVC8gQgF8A8I_vv7rWXFzlCndnPQ-LmVICX1xTFyyw\/pr:1920\/aHR0cDovL21lZGlhMi5kZXNpZ25wYXJ0bmVyLmZyL2MvcC1zaG9wcGluZy1jdXN0b20tVEgvMTA2MDYvMTA2MDYtMTM4My0xLmpwZw?v=1737556138"],"opengraph":["https:\/\/media.th4.com\/zkqUP6djBfTWca-G198car3mWAWAaYeD7nGVaw_r_TI\/pr:1200x630\/aHR0cDovL21lZGlhMi5kZXNpZ25wYXJ0bmVyLmZyL2MvcC1zaG9wcGluZy1jdXN0b20tVEgvMTA2MDYvMTA2MDYtMTM4My0xLmpwZw?v=1737556138"]},"country_origin":"CN","traceability":{"manufacturing_country_id":null,"weaving_country_id":null,"dyeing_country_id":null},"sizes":[{"id":3,"article_id":318059,"class_id":3,"name":"S","on_standby":false,"stock_local":0,"stock_global":89,"multiple":1,"estimated_date_reassort":null,"is_destocking":false},{"id":1,"article_id":318055,"class_id":5,"name":"L","on_standby":false,"stock_local":0,"stock_global":148,"multiple":1,"estimated_date_reassort":null,"is_destocking":false},{"id":4,"article_id":318056,"class_id":6,"name":"XL","on_standby":false,"stock_local":0,"stock_global":235,"multiple":1,"estimated_date_reassort":null,"is_destocking":false},{"id":1116,"article_id":318057,"class_id":7,"name":"2XL","on_standby":false,"stock_local":0,"stock_global":181,"multiple":1,"estimated_date_reassort":null,"is_destocking":false},{"id":1081,"article_id":318058,"class_id":8,"name":"3XL","on_standby":false,"stock_local":0,"stock_global":34,"multiple":1,"estimated_date_reassort":null,"is_destocking":false},{"id":16,"article_id":318060,"class_id":9,"name":"4XL","on_standby":false,"stock_local":0,"stock_global":96,"multiple":1,"estimated_date_reassort":null,"is_destocking":false}],"page_links":{"fr":"\/fr\/p-ka-k424-veste-softshell-2-couches-homme-k424-10606\/light-royal-blue-1383\/","en":"\/en\/p-ka-k424-softshell-jacket-2-layers-men-k424-10606\/light-royal-blue-1383\/","de":"\/de\/p-ka-k424-softshelljacke-2-lagen-herren-k424-10606\/light-royal-blue-1383\/","nl":"\/nl\/p-ka-k424-veste-softshell-2-lagen-man-k424-10606\/light-royal-blue-1383\/","es":"\/es\/p-ka-k424-chaqueta-softshell-de-2-capas-para-hombre-k424-10606\/light-royal-blue-1383\/","it":"\/it\/p-ka-k424-giacca-softshell-a-due-strati-uomo-k424-10606\/light-royal-blue-1383\/","sv":"\/sv\/p-ka-k424-vast-softshell-2-lager-man-k424-10606\/light-royal-blue-1383\/","pt":"\/pt\/p-ka-k424-jaqueta-softshell-de-2-camadas-homem-k424-10606\/light-royal-blue-1383\/","da":"\/da\/p-ka-k424-veste-softshell-2-lagers-mand-k424-10606\/light-royal-blue-1383\/","pl":"\/pl\/p-ka-k424-kurtka-softshell-dwuwarstwowa-meska-k424-10606\/light-royal-blue-1383\/"},"page_links_customization":{"fr":"\/fr\/p-ka-k424-veste-softshell-2-couches-homme-k424-personnalisation-10606\/light-royal-blue-1383\/custom\/","en":"\/en\/p-ka-k424-mens-2-layer-softshell-jacket-k424-customization-10606\/light-royal-blue-1383\/custom\/","de":"\/de\/p-ka-k424-mann-softshell-jacke-2-schicht-k424-maszgeschneidert-10606\/light-royal-blue-1383\/custom\/","nl":"\/nl\/p-ka-k424-zachte-shell-jas-2-lagen-man-k424-personalisatie-10606\/light-royal-blue-1383\/custom\/","es":"\/es\/p-ka-k424-chaqueta-softshell-2-capas-hombre-k424-personalizacion-10606\/light-royal-blue-1383\/custom\/","it":"\/it\/p-ka-k424-giacca-softshell-2-strati-uomo-k424-personalizzazione-10606\/light-royal-blue-1383\/custom\/","sv":"\/sv\/p-ka-k424-veste-softshell-2-lager-man-k424-personlig-10606\/light-royal-blue-1383\/custom\/","pt":"\/pt\/p-ka-k424-jaqueta-softshell-2-camadas-homem-k424-personalizacao-10606\/light-royal-blue-1383\/custom\/","da":"\/da\/p-ka-k424-vest-softshell-2-lagers-maend-k424-tilpasning-10606\/light-royal-blue-1383\/custom\/","pl":"\/pl\/p-ka-k424-meska-kurtka-softshell-2-warstwowa-k424-personalizacja-10606\/light-royal-blue-1383\/custom\/"}},{"id":3671,"name":"titanium","class_ids":[3],"codes_hexa":["5e616a"],"delai_24":false,"has_3d":false,"seuil_global":0,"stock_local":0,"stock_global":560,"on_standby":false,"in_catalog":true,"images":{"miniature":["https:\/\/media.th4.com\/FgoE5QjZ9gW2Rrpwa4Wha_y5Xl1hi6wSa9h-NxIsjxQ\/pr:80\/aHR0cDovL21lZGlhMi5kZXNpZ25wYXJ0bmVyLmZyL2MvcC8xMDYwNi8xMDYwNi0zNjcxLTEuanBn?v=1638343993","https:\/\/media.th4.com\/HEii9A3K6PXlXLxAP_RqlzQo4mtD339uwM2okM8idEY\/pr:80\/aHR0cDovL21lZGlhMi5kZXNpZ25wYXJ0bmVyLmZyL2MvcC8xMDYwNi8xMDYwNi0zNjcxLTIuanBn?v=1638343993","https:\/\/media.th4.com\/9OuUmfu040w4rutmhjTZFNmsYTMvyERIzUzwivVNN5Q\/pr:80\/aHR0cDovL21lZGlhMi5kZXNpZ25wYXJ0bmVyLmZyL2MvcC8xMDYwNi8xMDYwNi0zNjcxLTMuanBn?v=1638343993"],"medium":["https:\/\/media.th4.com\/R8MCC1UnJnINLAGded38UApGVtPmdfVKGsyFATVyD3U\/pr:550x550\/aHR0cDovL21lZGlhMi5kZXNpZ25wYXJ0bmVyLmZyL2MvcC8xMDYwNi8xMDYwNi0zNjcxLTEuanBn?v=1638343993","https:\/\/media.th4.com\/mFZmnqPC_1It5jp_fG5dZpyQs-lP_GWBPGbd6xJYPpw\/pr:550x550\/aHR0cDovL21lZGlhMi5kZXNpZ25wYXJ0bmVyLmZyL2MvcC8xMDYwNi8xMDYwNi0zNjcxLTIuanBn?v=1638343993","https:\/\/media.th4.com\/UlOieHJCvZgWZJ3XdXY49NCLU1CNsafNYHlRXjYOge0\/pr:550x550\/aHR0cDovL21lZGlhMi5kZXNpZ25wYXJ0bmVyLmZyL2MvcC8xMDYwNi8xMDYwNi0zNjcxLTMuanBn?v=1638343993"],"medium_large":["https:\/\/media.th4.com\/WfF0765vlrqOKCChcxeuVrL1LbBHHvfGKLvBDIrAVww\/pr:1000x1000\/aHR0cDovL21lZGlhMi5kZXNpZ25wYXJ0bmVyLmZyL2MvcC8xMDYwNi8xMDYwNi0zNjcxLTEuanBn?v=1638343993","https:\/\/media.th4.com\/BV4I7gQsr98pgxO8L-8h6bMZ3tdXlmR-3P_6q9ci7t4\/pr:1000x1000\/aHR0cDovL21lZGlhMi5kZXNpZ25wYXJ0bmVyLmZyL2MvcC8xMDYwNi8xMDYwNi0zNjcxLTIuanBn?v=1638343993","https:\/\/media.th4.com\/NL_jlenMIzyBiIiVV9FvQ_-FyZrVU-EYaDgaGPmxhdM\/pr:1000x1000\/aHR0cDovL21lZGlhMi5kZXNpZ25wYXJ0bmVyLmZyL2MvcC8xMDYwNi8xMDYwNi0zNjcxLTMuanBn?v=1638343993"],"large":["https:\/\/media.th4.com\/8STenE-bL0e0t6WbwZSx04OJ9gjAh-AhTyNnCg6CTP8\/pr:1920\/aHR0cDovL21lZGlhMi5kZXNpZ25wYXJ0bmVyLmZyL2MvcC8xMDYwNi8xMDYwNi0zNjcxLTEuanBn?v=1638343993","https:\/\/media.th4.com\/o1DC4GZWI03H0UGoGL5IjUMgbNM2vp0SwDiqqeN-CdI\/pr:1920\/aHR0cDovL21lZGlhMi5kZXNpZ25wYXJ0bmVyLmZyL2MvcC8xMDYwNi8xMDYwNi0zNjcxLTIuanBn?v=1638343993","https:\/\/media.th4.com\/zfbg0IZZPezGw7qUlv9-PFGztZyHrCobtvbUXs8qlsc\/pr:1920\/aHR0cDovL21lZGlhMi5kZXNpZ25wYXJ0bmVyLmZyL2MvcC8xMDYwNi8xMDYwNi0zNjcxLTMuanBn?v=1638343993"],"opengraph":["https:\/\/media.th4.com\/KXF5-rfElSZF14cL_p_M7SbZu2NLJ98mQw8G-T5Zo_4\/pr:1200x630\/aHR0cDovL21lZGlhMi5kZXNpZ25wYXJ0bmVyLmZyL2MvcC8xMDYwNi8xMDYwNi0zNjcxLTEuanBn?v=1638343993","https:\/\/media.th4.com\/UqHuUU_G4fQ8JpnUJvJ3JXEZWmzkxlIChfk-6zfpCG4\/pr:1200x630\/aHR0cDovL21lZGlhMi5kZXNpZ25wYXJ0bmVyLmZyL2MvcC8xMDYwNi8xMDYwNi0zNjcxLTIuanBn?v=1638343993","https:\/\/media.th4.com\/wkuGpHEiV09Ysj-_PQrJHG6BYYw4ETdafy_6-zCNiMw\/pr:1200x630\/aHR0cDovL21lZGlhMi5kZXNpZ25wYXJ0bmVyLmZyL2MvcC8xMDYwNi8xMDYwNi0zNjcxLTMuanBn?v=1638343993"]},"images_customization":{"miniature":["https:\/\/media.th4.com\/x4iRO1DA6wABdLp6H8DelRTqxahZoUuewWuq4KKSZ24\/pr:80\/aHR0cDovL21lZGlhMi5kZXNpZ25wYXJ0bmVyLmZyL2MvcC1zaG9wcGluZy1jdXN0b20tVEgvMTA2MDYvMTA2MDYtMzY3MS0xLmpwZw?v=1737556138","https:\/\/media.th4.com\/Y6cGEDZOd2C-faQIjFfQMVldtbncMNGVabDTI9YzBB0\/pr:80\/aHR0cDovL21lZGlhMi5kZXNpZ25wYXJ0bmVyLmZyL2MvcC1zaG9wcGluZy1jdXN0b20tVEgvMTA2MDYvMTA2MDYtMzY3MS0yLmpwZw?v=1737556138"],"medium":["https:\/\/media.th4.com\/Sn3xkRK7vhTFcLErZM-6H8e_wSIsUyL6RJ6kAqkhDXg\/pr:550x550\/aHR0cDovL21lZGlhMi5kZXNpZ25wYXJ0bmVyLmZyL2MvcC1zaG9wcGluZy1jdXN0b20tVEgvMTA2MDYvMTA2MDYtMzY3MS0xLmpwZw?v=1737556138","https:\/\/media.th4.com\/RnSlsx4mPHr5oilx0c-SVq4yiS9r7SIbByTpFcQl7wQ\/pr:550x550\/aHR0cDovL21lZGlhMi5kZXNpZ25wYXJ0bmVyLmZyL2MvcC1zaG9wcGluZy1jdXN0b20tVEgvMTA2MDYvMTA2MDYtMzY3MS0yLmpwZw?v=1737556138"],"medium_large":["https:\/\/media.th4.com\/isNFf1jP7uO2XWd6nnhVneiuIEFrcASZyeEH_Va6QdE\/pr:1000x1000\/aHR0cDovL21lZGlhMi5kZXNpZ25wYXJ0bmVyLmZyL2MvcC1zaG9wcGluZy1jdXN0b20tVEgvMTA2MDYvMTA2MDYtMzY3MS0xLmpwZw?v=1737556138","https:\/\/media.th4.com\/Yyi3B3_I4qCDB-LKK93THvURsMpkii4T61u5sGp8_fo\/pr:1000x1000\/aHR0cDovL21lZGlhMi5kZXNpZ25wYXJ0bmVyLmZyL2MvcC1zaG9wcGluZy1jdXN0b20tVEgvMTA2MDYvMTA2MDYtMzY3MS0yLmpwZw?v=1737556138"],"large":["https:\/\/media.th4.com\/HgaF2QtPxCZc0Oz4i1KFVoBHf_ElKX5zqAXdDJ4w3G8\/pr:1920\/aHR0cDovL21lZGlhMi5kZXNpZ25wYXJ0bmVyLmZyL2MvcC1zaG9wcGluZy1jdXN0b20tVEgvMTA2MDYvMTA2MDYtMzY3MS0xLmpwZw?v=1737556138","https:\/\/media.th4.com\/2HmroQI4-pk0GF4oMAmPSn08z2tX9hHVBJ5bLC4rGFU\/pr:1920\/aHR0cDovL21lZGlhMi5kZXNpZ25wYXJ0bmVyLmZyL2MvcC1zaG9wcGluZy1jdXN0b20tVEgvMTA2MDYvMTA2MDYtMzY3MS0yLmpwZw?v=1737556138"],"opengraph":["https:\/\/media.th4.com\/aI3G9GszSYgWmE3DVnbox5GLiVf4LGhWae7OsDt5AL8\/pr:1200x630\/aHR0cDovL21lZGlhMi5kZXNpZ25wYXJ0bmVyLmZyL2MvcC1zaG9wcGluZy1jdXN0b20tVEgvMTA2MDYvMTA2MDYtMzY3MS0xLmpwZw?v=1737556138","https:\/\/media.th4.com\/pIR97-8JsAQx8UDu3Dguu8MPUqCl9A9K-VfpB_IAL4k\/pr:1200x630\/aHR0cDovL21lZGlhMi5kZXNpZ25wYXJ0bmVyLmZyL2MvcC1zaG9wcGluZy1jdXN0b20tVEgvMTA2MDYvMTA2MDYtMzY3MS0yLmpwZw?v=1737556138"]},"country_origin":"CN","traceability":{"manufacturing_country_id":null,"weaving_country_id":null,"dyeing_country_id":null},"sizes":[{"id":3,"article_id":318079,"class_id":3,"name":"S","on_standby":false,"stock_local":0,"stock_global":95,"multiple":1,"estimated_date_reassort":null,"is_destocking":false},{"id":4,"article_id":318076,"class_id":6,"name":"XL","on_standby":false,"stock_local":0,"stock_global":249,"multiple":1,"estimated_date_reassort":null,"is_destocking":false},{"id":1116,"article_id":318077,"class_id":7,"name":"2XL","on_standby":false,"stock_local":0,"stock_global":66,"multiple":1,"estimated_date_reassort":null,"is_destocking":false},{"id":1081,"article_id":318078,"class_id":8,"name":"3XL","on_standby":false,"stock_local":3,"stock_global":84,"multiple":1,"estimated_date_reassort":null,"is_destocking":true},{"id":16,"article_id":318080,"class_id":9,"name":"4XL","on_standby":false,"stock_local":0,"stock_global":66,"multiple":1,"estimated_date_reassort":null,"is_destocking":false}],"page_links":{"fr":"\/fr\/p-ka-k424-veste-softshell-2-couches-homme-k424-10606\/titanium-3671\/","en":"\/en\/p-ka-k424-softshell-jacket-2-layers-men-k424-10606\/titanium-3671\/","de":"\/de\/p-ka-k424-softshelljacke-2-lagen-herren-k424-10606\/titanium-3671\/","nl":"\/nl\/p-ka-k424-veste-softshell-2-lagen-man-k424-10606\/titanium-3671\/","es":"\/es\/p-ka-k424-chaqueta-softshell-de-2-capas-para-hombre-k424-10606\/titanium-3671\/","it":"\/it\/p-ka-k424-giacca-softshell-a-due-strati-uomo-k424-10606\/titanium-3671\/","sv":"\/sv\/p-ka-k424-vast-softshell-2-lager-man-k424-10606\/titanium-3671\/","pt":"\/pt\/p-ka-k424-jaqueta-softshell-de-2-camadas-homem-k424-10606\/titanium-3671\/","da":"\/da\/p-ka-k424-veste-softshell-2-lagers-mand-k424-10606\/titanium-3671\/","pl":"\/pl\/p-ka-k424-kurtka-softshell-dwuwarstwowa-meska-k424-10606\/titanium-3671\/"},"page_links_customization":{"fr":"\/fr\/p-ka-k424-veste-softshell-2-couches-homme-k424-personnalisation-10606\/titanium-3671\/custom\/","en":"\/en\/p-ka-k424-mens-2-layer-softshell-jacket-k424-customization-10606\/titanium-3671\/custom\/","de":"\/de\/p-ka-k424-mann-softshell-jacke-2-schicht-k424-maszgeschneidert-10606\/titanium-3671\/custom\/","nl":"\/nl\/p-ka-k424-zachte-shell-jas-2-lagen-man-k424-personalisatie-10606\/titanium-3671\/custom\/","es":"\/es\/p-ka-k424-chaqueta-softshell-2-capas-hombre-k424-personalizacion-10606\/titanium-3671\/custom\/","it":"\/it\/p-ka-k424-giacca-softshell-2-strati-uomo-k424-personalizzazione-10606\/titanium-3671\/custom\/","sv":"\/sv\/p-ka-k424-veste-softshell-2-lager-man-k424-personlig-10606\/titanium-3671\/custom\/","pt":"\/pt\/p-ka-k424-jaqueta-softshell-2-camadas-homem-k424-personalizacao-10606\/titanium-3671\/custom\/","da":"\/da\/p-ka-k424-vest-softshell-2-lagers-maend-k424-tilpasning-10606\/titanium-3671\/custom\/","pl":"\/pl\/p-ka-k424-meska-kurtka-softshell-2-warstwowa-k424-personalizacja-10606\/titanium-3671\/custom\/"}},{"id":1262,"name":"red","class_ids":[6],"codes_hexa":["dc0210"],"delai_24":false,"has_3d":false,"seuil_global":0,"stock_local":0,"stock_global":356,"on_standby":false,"in_catalog":true,"images":{"miniature":["https:\/\/media.th4.com\/lwk2Pa_F6HzgFK9uUWfQKx2r1aRtTFJtylOnxJXaMTA\/pr:80\/aHR0cDovL21lZGlhMi5kZXNpZ25wYXJ0bmVyLmZyL2MvcC8xMDYwNi8xMDYwNi0xMjYyLTEuanBn?v=1638343992","https:\/\/media.th4.com\/skAIi_XHox30yrwhry_ZB8TEYxCglx85zT8Auv1iD-g\/pr:80\/aHR0cDovL21lZGlhMi5kZXNpZ25wYXJ0bmVyLmZyL2MvcC8xMDYwNi8xMDYwNi0xMjYyLTIuanBn?v=1638343991","https:\/\/media.th4.com\/QRhAPfXE_rSmuSwsOnRsxJTyoz1biYqsLUhN9QhrEFk\/pr:80\/aHR0cDovL21lZGlhMi5kZXNpZ25wYXJ0bmVyLmZyL2MvcC8xMDYwNi8xMDYwNi0xMjYyLTMuanBn?v=1638343992"],"medium":["https:\/\/media.th4.com\/XCKMdoYKrm7j-enwbmXJLFjEGJ3zI_AkO2P9hXOqzqs\/pr:550x550\/aHR0cDovL21lZGlhMi5kZXNpZ25wYXJ0bmVyLmZyL2MvcC8xMDYwNi8xMDYwNi0xMjYyLTEuanBn?v=1638343992","https:\/\/media.th4.com\/MdifIcGTH_CAFg1roJCtHEVj4DMyzLh0dGRnfEbpnic\/pr:550x550\/aHR0cDovL21lZGlhMi5kZXNpZ25wYXJ0bmVyLmZyL2MvcC8xMDYwNi8xMDYwNi0xMjYyLTIuanBn?v=1638343991","https:\/\/media.th4.com\/LeYcNt6Npl-WXT8UO763csMAxdvFlCp1pmaLw-Vt85c\/pr:550x550\/aHR0cDovL21lZGlhMi5kZXNpZ25wYXJ0bmVyLmZyL2MvcC8xMDYwNi8xMDYwNi0xMjYyLTMuanBn?v=1638343992"],"medium_large":["https:\/\/media.th4.com\/kK38DHUB1kkagbHRdO2aGRrSbHRWEilBqsWS8UZvYE8\/pr:1000x1000\/aHR0cDovL21lZGlhMi5kZXNpZ25wYXJ0bmVyLmZyL2MvcC8xMDYwNi8xMDYwNi0xMjYyLTEuanBn?v=1638343992","https:\/\/media.th4.com\/S5K33IcmT7VYaXHQdvgwBi_Cy5yxwoe_SNLmIIlAzoU\/pr:1000x1000\/aHR0cDovL21lZGlhMi5kZXNpZ25wYXJ0bmVyLmZyL2MvcC8xMDYwNi8xMDYwNi0xMjYyLTIuanBn?v=1638343991","https:\/\/media.th4.com\/FZ3ZJ91hoGZQC3weObOT0RdJacVVcH225b8fx-Egp80\/pr:1000x1000\/aHR0cDovL21lZGlhMi5kZXNpZ25wYXJ0bmVyLmZyL2MvcC8xMDYwNi8xMDYwNi0xMjYyLTMuanBn?v=1638343992"],"large":["https:\/\/media.th4.com\/AURnlrlYTOSM84TtEHn0vuvOoZ_l1WPc5HIEu9O2R0U\/pr:1920\/aHR0cDovL21lZGlhMi5kZXNpZ25wYXJ0bmVyLmZyL2MvcC8xMDYwNi8xMDYwNi0xMjYyLTEuanBn?v=1638343992","https:\/\/media.th4.com\/9HnbWtljrsXF7urt_YPxEKsrv_6jdVwMMknLE_cvw5g\/pr:1920\/aHR0cDovL21lZGlhMi5kZXNpZ25wYXJ0bmVyLmZyL2MvcC8xMDYwNi8xMDYwNi0xMjYyLTIuanBn?v=1638343991","https:\/\/media.th4.com\/pmzDJsbiKoE7F1-SUdI4Fw87M6cfDRw40fv0cb1CYps\/pr:1920\/aHR0cDovL21lZGlhMi5kZXNpZ25wYXJ0bmVyLmZyL2MvcC8xMDYwNi8xMDYwNi0xMjYyLTMuanBn?v=1638343992"],"opengraph":["https:\/\/media.th4.com\/poepHRLflTxSOZ3TUwE--mNgimATdzK19StSsY8LkHk\/pr:1200x630\/aHR0cDovL21lZGlhMi5kZXNpZ25wYXJ0bmVyLmZyL2MvcC8xMDYwNi8xMDYwNi0xMjYyLTEuanBn?v=1638343992","https:\/\/media.th4.com\/PWr7pLzHJ9CzHUXuYBbN9PFENDGCgB-m6lY03zQAxb8\/pr:1200x630\/aHR0cDovL21lZGlhMi5kZXNpZ25wYXJ0bmVyLmZyL2MvcC8xMDYwNi8xMDYwNi0xMjYyLTIuanBn?v=1638343991","https:\/\/media.th4.com\/0bmnbhjEFiaoSVlaWAuFWI8PCGJQIoAk_KzAQ3o3x9A\/pr:1200x630\/aHR0cDovL21lZGlhMi5kZXNpZ25wYXJ0bmVyLmZyL2MvcC8xMDYwNi8xMDYwNi0xMjYyLTMuanBn?v=1638343992"]},"images_customization":{"miniature":["https:\/\/media.th4.com\/Ly_5JiDWotmrAJeHz8TDMogYWTHLU33EXuldqiT2604\/pr:80\/aHR0cDovL21lZGlhMi5kZXNpZ25wYXJ0bmVyLmZyL2MvcC1zaG9wcGluZy1jdXN0b20tVEgvMTA2MDYvMTA2MDYtMTI2Mi0xLmpwZw?v=1737556138"],"medium":["https:\/\/media.th4.com\/aOSuiElaRx-nug7Eu9mnm8ATcKz8Q-waMT_x6dMq2sc\/pr:550x550\/aHR0cDovL21lZGlhMi5kZXNpZ25wYXJ0bmVyLmZyL2MvcC1zaG9wcGluZy1jdXN0b20tVEgvMTA2MDYvMTA2MDYtMTI2Mi0xLmpwZw?v=1737556138"],"medium_large":["https:\/\/media.th4.com\/KuU1FXdhERxw9Hrv76l-fQwBRARCxJrmnxU7wjyxEb8\/pr:1000x1000\/aHR0cDovL21lZGlhMi5kZXNpZ25wYXJ0bmVyLmZyL2MvcC1zaG9wcGluZy1jdXN0b20tVEgvMTA2MDYvMTA2MDYtMTI2Mi0xLmpwZw?v=1737556138"],"large":["https:\/\/media.th4.com\/bY9YTvRhL2998t5-fY5zp3OkpqlXG1Hku_bi83GSo78\/pr:1920\/aHR0cDovL21lZGlhMi5kZXNpZ25wYXJ0bmVyLmZyL2MvcC1zaG9wcGluZy1jdXN0b20tVEgvMTA2MDYvMTA2MDYtMTI2Mi0xLmpwZw?v=1737556138"],"opengraph":["https:\/\/media.th4.com\/6YkSLykImALeaj3A1yvHcbsMcnUZo7NmE0TMu8esE0g\/pr:1200x630\/aHR0cDovL21lZGlhMi5kZXNpZ25wYXJ0bmVyLmZyL2MvcC1zaG9wcGluZy1jdXN0b20tVEgvMTA2MDYvMTA2MDYtMTI2Mi0xLmpwZw?v=1737556138"]},"country_origin":"CN","traceability":{"manufacturing_country_id":null,"weaving_country_id":null,"dyeing_country_id":null},"sizes":[{"id":3,"article_id":318072,"class_id":3,"name":"S","on_standby":false,"stock_local":0,"stock_global":55,"multiple":1,"estimated_date_reassort":null,"is_destocking":false},{"id":2,"article_id":318067,"class_id":4,"name":"M","on_standby":false,"stock_local":0,"stock_global":153,"multiple":1,"estimated_date_reassort":null,"is_destocking":false},{"id":1,"article_id":318068,"class_id":5,"name":"L","on_standby":false,"stock_local":0,"stock_global":1,"multiple":1,"estimated_date_reassort":null,"is_destocking":false},{"id":1116,"article_id":318070,"class_id":7,"name":"2XL","on_standby":false,"stock_local":0,"stock_global":38,"multiple":1,"estimated_date_reassort":null,"is_destocking":false},{"id":1081,"article_id":318071,"class_id":8,"name":"3XL","on_standby":false,"stock_local":0,"stock_global":54,"multiple":1,"estimated_date_reassort":null,"is_destocking":false},{"id":16,"article_id":318073,"class_id":9,"name":"4XL","on_standby":false,"stock_local":0,"stock_global":55,"multiple":1,"estimated_date_reassort":null,"is_destocking":false}],"page_links":{"fr":"\/fr\/p-ka-k424-veste-softshell-2-couches-homme-k424-10606\/red-1262\/","en":"\/en\/p-ka-k424-softshell-jacket-2-layers-men-k424-10606\/red-1262\/","de":"\/de\/p-ka-k424-softshelljacke-2-lagen-herren-k424-10606\/red-1262\/","nl":"\/nl\/p-ka-k424-veste-softshell-2-lagen-man-k424-10606\/red-1262\/","es":"\/es\/p-ka-k424-chaqueta-softshell-de-2-capas-para-hombre-k424-10606\/red-1262\/","it":"\/it\/p-ka-k424-giacca-softshell-a-due-strati-uomo-k424-10606\/red-1262\/","sv":"\/sv\/p-ka-k424-vast-softshell-2-lager-man-k424-10606\/red-1262\/","pt":"\/pt\/p-ka-k424-jaqueta-softshell-de-2-camadas-homem-k424-10606\/red-1262\/","da":"\/da\/p-ka-k424-veste-softshell-2-lagers-mand-k424-10606\/red-1262\/","pl":"\/pl\/p-ka-k424-kurtka-softshell-dwuwarstwowa-meska-k424-10606\/red-1262\/"},"page_links_customization":{"fr":"\/fr\/p-ka-k424-veste-softshell-2-couches-homme-k424-personnalisation-10606\/red-1262\/custom\/","en":"\/en\/p-ka-k424-mens-2-layer-softshell-jacket-k424-customization-10606\/red-1262\/custom\/","de":"\/de\/p-ka-k424-mann-softshell-jacke-2-schicht-k424-maszgeschneidert-10606\/red-1262\/custom\/","nl":"\/nl\/p-ka-k424-zachte-shell-jas-2-lagen-man-k424-personalisatie-10606\/red-1262\/custom\/","es":"\/es\/p-ka-k424-chaqueta-softshell-2-capas-hombre-k424-personalizacion-10606\/red-1262\/custom\/","it":"\/it\/p-ka-k424-giacca-softshell-2-strati-uomo-k424-personalizzazione-10606\/red-1262\/custom\/","sv":"\/sv\/p-ka-k424-veste-softshell-2-lager-man-k424-personlig-10606\/red-1262\/custom\/","pt":"\/pt\/p-ka-k424-jaqueta-softshell-2-camadas-homem-k424-personalizacao-10606\/red-1262\/custom\/","da":"\/da\/p-ka-k424-vest-softshell-2-lagers-maend-k424-tilpasning-10606\/red-1262\/custom\/","pl":"\/pl\/p-ka-k424-meska-kurtka-softshell-2-warstwowa-k424-personalizacja-10606\/red-1262\/custom\/"}},{"id":1520,"name":"black","class_ids":[4],"codes_hexa":["1a1a18"],"delai_24":false,"has_3d":false,"seuil_global":0,"stock_local":0,"stock_global":0,"on_standby":true,"in_catalog":true,"images":{"miniature":["https:\/\/media.th4.com\/FoVCTLkdPF5iNY51WjpynSxjMe4T-hbbp1SK2eOPwrk\/pr:80\/aHR0cDovL21lZGlhMi5kZXNpZ25wYXJ0bmVyLmZyL2MvcC8xMDYwNi8xMDYwNi0xNTIwLTEuanBn?v=1638343993","https:\/\/media.th4.com\/86a5xHRBA_J3rlaa7f4vQQW1JGez8d09Oj-xA0uZ-rE\/pr:80\/aHR0cDovL21lZGlhMi5kZXNpZ25wYXJ0bmVyLmZyL2MvcC8xMDYwNi8xMDYwNi0xNTIwLTIuanBn?v=1638343992","https:\/\/media.th4.com\/0nbMtFRHfgX8DtlzpUQiv1DLf7yn-zloKyO-8Y_RZU4\/pr:80\/aHR0cDovL21lZGlhMi5kZXNpZ25wYXJ0bmVyLmZyL2MvcC8xMDYwNi8xMDYwNi0xNTIwLTMuanBn?v=1638343992"],"medium":["https:\/\/media.th4.com\/iTMS4bgkC7CNox9QkysO4vN1TgGKMMb9T1YwJOpsIRM\/pr:550x550\/aHR0cDovL21lZGlhMi5kZXNpZ25wYXJ0bmVyLmZyL2MvcC8xMDYwNi8xMDYwNi0xNTIwLTEuanBn?v=1638343993","https:\/\/media.th4.com\/xGWrdn99vELf6p7fMlTxlUtq2u4fccsjl9L819rceao\/pr:550x550\/aHR0cDovL21lZGlhMi5kZXNpZ25wYXJ0bmVyLmZyL2MvcC8xMDYwNi8xMDYwNi0xNTIwLTIuanBn?v=1638343992","https:\/\/media.th4.com\/cY9xPWFHI81f4skbKCKdutBTm3L996ZRNGtg-BSUPpE\/pr:550x550\/aHR0cDovL21lZGlhMi5kZXNpZ25wYXJ0bmVyLmZyL2MvcC8xMDYwNi8xMDYwNi0xNTIwLTMuanBn?v=1638343992"],"medium_large":["https:\/\/media.th4.com\/S_dWNQe8yo17abg6AUNeciKoH_AlQ73beBUfX91QoTo\/pr:1000x1000\/aHR0cDovL21lZGlhMi5kZXNpZ25wYXJ0bmVyLmZyL2MvcC8xMDYwNi8xMDYwNi0xNTIwLTEuanBn?v=1638343993","https:\/\/media.th4.com\/E3gUuAWsJA5w-SzPI7yLGhm1yvqQd7payqwiqJRNEK0\/pr:1000x1000\/aHR0cDovL21lZGlhMi5kZXNpZ25wYXJ0bmVyLmZyL2MvcC8xMDYwNi8xMDYwNi0xNTIwLTIuanBn?v=1638343992","https:\/\/media.th4.com\/fCq-kZN62Pez-lBaweNV5GYyEX07IHCockur3-4D7Ck\/pr:1000x1000\/aHR0cDovL21lZGlhMi5kZXNpZ25wYXJ0bmVyLmZyL2MvcC8xMDYwNi8xMDYwNi0xNTIwLTMuanBn?v=1638343992"],"large":["https:\/\/media.th4.com\/C0b1Tku2Wo06W9NTUWImj91trvyumQ9Z_Trii96DM6s\/pr:1920\/aHR0cDovL21lZGlhMi5kZXNpZ25wYXJ0bmVyLmZyL2MvcC8xMDYwNi8xMDYwNi0xNTIwLTEuanBn?v=1638343993","https:\/\/media.th4.com\/ys1oluwEE-Orn4SPHUCEuzauRsTo75ZbnG_fApJRlKk\/pr:1920\/aHR0cDovL21lZGlhMi5kZXNpZ25wYXJ0bmVyLmZyL2MvcC8xMDYwNi8xMDYwNi0xNTIwLTIuanBn?v=1638343992","https:\/\/media.th4.com\/vVILaNcTyWSqbfown2w8E4aGeaQCH_9ELy5Dmn4gYu4\/pr:1920\/aHR0cDovL21lZGlhMi5kZXNpZ25wYXJ0bmVyLmZyL2MvcC8xMDYwNi8xMDYwNi0xNTIwLTMuanBn?v=1638343992"],"opengraph":["https:\/\/media.th4.com\/GY4uHi8QxqJJ-rMdqFK6mAgIbLGaQK1tjWZyJ7NOm98\/pr:1200x630\/aHR0cDovL21lZGlhMi5kZXNpZ25wYXJ0bmVyLmZyL2MvcC8xMDYwNi8xMDYwNi0xNTIwLTEuanBn?v=1638343993","https:\/\/media.th4.com\/zjpCkX3bkndEdcjYZcj_4uLLeBLCHSUGoeBhWy3csCE\/pr:1200x630\/aHR0cDovL21lZGlhMi5kZXNpZ25wYXJ0bmVyLmZyL2MvcC8xMDYwNi8xMDYwNi0xNTIwLTIuanBn?v=1638343992","https:\/\/media.th4.com\/MUFXAF6JZRZiOlxQHbFxUebhoO1_fxz0gauYRzAAIqw\/pr:1200x630\/aHR0cDovL21lZGlhMi5kZXNpZ25wYXJ0bmVyLmZyL2MvcC8xMDYwNi8xMDYwNi0xNTIwLTMuanBn?v=1638343992"]},"images_customization":{"miniature":["https:\/\/media.th4.com\/JE8Od4sS_KSpgnRYswY8g0frL9G2o6JYuE7CoG8Tm1s\/pr:80\/aHR0cDovL21lZGlhMi5kZXNpZ25wYXJ0bmVyLmZyL2MvcC1zaG9wcGluZy1jdXN0b20tVEgvMTA2MDYvMTA2MDYtMTUyMC0xLmpwZw?v=1737556139"],"medium":["https:\/\/media.th4.com\/XqQTpp_bGNe3pjVOlBG-pcBVWF6X-WFLGyd7T8AihBw\/pr:550x550\/aHR0cDovL21lZGlhMi5kZXNpZ25wYXJ0bmVyLmZyL2MvcC1zaG9wcGluZy1jdXN0b20tVEgvMTA2MDYvMTA2MDYtMTUyMC0xLmpwZw?v=1737556139"],"medium_large":["https:\/\/media.th4.com\/rNd4NYsgLQBoqf3P36z3rR2fVMD96l9JtOddBaxWCCU\/pr:1000x1000\/aHR0cDovL21lZGlhMi5kZXNpZ25wYXJ0bmVyLmZyL2MvcC1zaG9wcGluZy1jdXN0b20tVEgvMTA2MDYvMTA2MDYtMTUyMC0xLmpwZw?v=1737556139"],"large":["https:\/\/media.th4.com\/p-NhZR8222CFRX9Ojmo9sRr8ccgSHRLEAZyPaq7lIEE\/pr:1920\/aHR0cDovL21lZGlhMi5kZXNpZ25wYXJ0bmVyLmZyL2MvcC1zaG9wcGluZy1jdXN0b20tVEgvMTA2MDYvMTA2MDYtMTUyMC0xLmpwZw?v=1737556139"],"opengraph":["https:\/\/media.th4.com\/UIA93rEeY2uXobZjdTIfUAGW4iVmkkANLa768o5xNLo\/pr:1200x630\/aHR0cDovL21lZGlhMi5kZXNpZ25wYXJ0bmVyLmZyL2MvcC1zaG9wcGluZy1jdXN0b20tVEgvMTA2MDYvMTA2MDYtMTUyMC0xLmpwZw?v=1737556139"]},"country_origin":"CN","traceability":{"manufacturing_country_id":null,"weaving_country_id":null,"dyeing_country_id":null},"sizes":[],"page_links":{"fr":"\/fr\/p-ka-k424-veste-softshell-2-couches-homme-k424-10606\/black-1520\/","en":"\/en\/p-ka-k424-softshell-jacket-2-layers-men-k424-10606\/black-1520\/","de":"\/de\/p-ka-k424-softshelljacke-2-lagen-herren-k424-10606\/black-1520\/","nl":"\/nl\/p-ka-k424-veste-softshell-2-lagen-man-k424-10606\/black-1520\/","es":"\/es\/p-ka-k424-chaqueta-softshell-de-2-capas-para-hombre-k424-10606\/black-1520\/","it":"\/it\/p-ka-k424-giacca-softshell-a-due-strati-uomo-k424-10606\/black-1520\/","sv":"\/sv\/p-ka-k424-vast-softshell-2-lager-man-k424-10606\/black-1520\/","pt":"\/pt\/p-ka-k424-jaqueta-softshell-de-2-camadas-homem-k424-10606\/black-1520\/","da":"\/da\/p-ka-k424-veste-softshell-2-lagers-mand-k424-10606\/black-1520\/","pl":"\/pl\/p-ka-k424-kurtka-softshell-dwuwarstwowa-meska-k424-10606\/black-1520\/"},"page_links_customization":{"fr":"\/fr\/p-ka-k424-veste-softshell-2-couches-homme-k424-personnalisation-10606\/black-1520\/custom\/","en":"\/en\/p-ka-k424-mens-2-layer-softshell-jacket-k424-customization-10606\/black-1520\/custom\/","de":"\/de\/p-ka-k424-mann-softshell-jacke-2-schicht-k424-maszgeschneidert-10606\/black-1520\/custom\/","nl":"\/nl\/p-ka-k424-zachte-shell-jas-2-lagen-man-k424-personalisatie-10606\/black-1520\/custom\/","es":"\/es\/p-ka-k424-chaqueta-softshell-2-capas-hombre-k424-personalizacion-10606\/black-1520\/custom\/","it":"\/it\/p-ka-k424-giacca-softshell-2-strati-uomo-k424-personalizzazione-10606\/black-1520\/custom\/","sv":"\/sv\/p-ka-k424-veste-softshell-2-lager-man-k424-personlig-10606\/black-1520\/custom\/","pt":"\/pt\/p-ka-k424-jaqueta-softshell-2-camadas-homem-k424-personalizacao-10606\/black-1520\/custom\/","da":"\/da\/p-ka-k424-vest-softshell-2-lagers-maend-k424-tilpasning-10606\/black-1520\/custom\/","pl":"\/pl\/p-ka-k424-meska-kurtka-softshell-2-warstwowa-k424-personalizacja-10606\/black-1520\/custom\/"}}],"documentation_link":"\/pdf\/10606.pdf","countries_availables":["AD","AE","AL","AT","BA","BD","BE","BG","BL","CA","CH","CN","CO","CY","CZ","DE","DK","DO","EE","EG","ES","ET","FI","FR","GB","GE","GF","GP","GR","GT","HK","HN","HR","HT","HU","ID","IE","IN","IS","IT","JO","JP","KE","KH","KP","KR","LA","LK","LS","LT","LU","LV","MA","MF","MG","MK","MM","MN","MQ","MT","MX","MY","NC","NI","NL","PF","PH","PK","PL","PM","PT","RE","RO","SE","SG","SI","SK","SV","SY","TH","TN","TR","TW","TZ","US","VN","WF","YT"]},"infos_customization":[],"features":{"authorize_multi_surfaces":true,"display_order_delay_type":true,"promote_surface_display":true,"tarification_franco_offert":true,"enabled_3d_editor":false},"markings":[{"id":0,"nom":"vierge","finition":null,"libelle":null,"code":null,"dpi":null,"finesse_forme_isolee":null,"finesse_forme_non_isolee":null,"hauteur_minimale_texte":null,"inactif":0,"marquage_interne":1,"quantite_min":null,"parent_id":null,"print_on_support":0,"content":"vierge","description":null},{"id":2,"nom":"fonce","finition":"optimale","libelle":"TopQuadri","code":null,"dpi":400,"finesse_forme_isolee":"0.040","finesse_forme_non_isolee":"0.700","hauteur_minimale_texte":2,"inactif":0,"marquage_interne":1,"quantite_min":null,"parent_id":18,"print_on_support":0,"content":"TopQuadri","description":"pour petites et moyennes s\u00e9ries"},{"id":3,"nom":"serigraphie","finition":"serigraphie","libelle":"SeriCoat","code":null,"dpi":400,"finesse_forme_isolee":"0.040","finesse_forme_non_isolee":"0.700","hauteur_minimale_texte":2,"inactif":0,"marquage_interne":1,"quantite_min":15,"parent_id":18,"print_on_support":0,"content":"SeriCoat","description":"pour moyennes et grandes s\u00e9ries"},{"id":4,"nom":"broderie","finition":"broderie","libelle":"Broderie","code":null,"dpi":400,"finesse_forme_isolee":"0.040","finesse_forme_non_isolee":"0.700","hauteur_minimale_texte":3,"inactif":0,"marquage_interne":1,"quantite_min":null,"parent_id":null,"print_on_support":0,"content":"Broderie","description":null},{"id":8,"nom":"theme","finition":null,"libelle":"Th\u00e8me","code":null,"dpi":null,"finesse_forme_isolee":null,"finesse_forme_non_isolee":null,"hauteur_minimale_texte":null,"inactif":0,"marquage_interne":1,"quantite_min":null,"parent_id":null,"print_on_support":0,"content":"Th\u00e8me","description":null},{"id":9,"nom":"sans","finition":null,"libelle":null,"code":null,"dpi":null,"finesse_forme_isolee":null,"finesse_forme_non_isolee":null,"hauteur_minimale_texte":null,"inactif":0,"marquage_interne":1,"quantite_min":null,"parent_id":null,"print_on_support":0,"content":"sans","description":null},{"id":10,"nom":"photo","finition":null,"libelle":"Photo","code":null,"dpi":null,"finesse_forme_isolee":null,"finesse_forme_non_isolee":null,"hauteur_minimale_texte":null,"inactif":0,"marquage_interne":1,"quantite_min":null,"parent_id":null,"print_on_support":0,"content":"Photo","description":null},{"id":14,"nom":"couleur","finition":null,"libelle":"Couleur","code":null,"dpi":null,"finesse_forme_isolee":null,"finesse_forme_non_isolee":null,"hauteur_minimale_texte":null,"inactif":0,"marquage_interne":1,"quantite_min":null,"parent_id":null,"print_on_support":0,"content":"Couleur","description":null},{"id":15,"nom":"sublimation","finition":"sublimation","libelle":"Sublimation","code":null,"dpi":null,"finesse_forme_isolee":"0.000","finesse_forme_non_isolee":"0.000","hauteur_minimale_texte":2,"inactif":0,"marquage_interne":1,"quantite_min":null,"parent_id":null,"print_on_support":0,"content":"Sublimation","description":null},{"id":16,"nom":"topquadri_uv","finition":null,"libelle":"TopQuadri UV","code":null,"dpi":null,"finesse_forme_isolee":"0.020","finesse_forme_non_isolee":"0.700","hauteur_minimale_texte":2,"inactif":0,"marquage_interne":1,"quantite_min":null,"parent_id":null,"print_on_support":1,"content":null,"description":null},{"id":17,"nom":"topquadri_uvp","finition":null,"libelle":"TopQuadri UVP","code":null,"dpi":null,"finesse_forme_isolee":"0.020","finesse_forme_non_isolee":"0.700","hauteur_minimale_texte":2,"inactif":0,"marquage_interne":1,"quantite_min":null,"parent_id":null,"print_on_support":1,"content":null,"description":null},{"id":18,"nom":"quadri","finition":null,"libelle":"Impression","code":null,"dpi":null,"finesse_forme_isolee":null,"finesse_forme_non_isolee":null,"hauteur_minimale_texte":null,"inactif":0,"marquage_interne":1,"quantite_min":null,"parent_id":null,"print_on_support":0,"content":null,"description":null}]}}