{"data":{"product":{"id":10020,"titre":"Rebel","description":"Bombers unisexe fashion. Ouverture zipp\u00e9e. Finition bord c\u00f4te col, poignets et bas de v\u00eatement. 2 poches \u00e0 rabat pressionn\u00e9. 1 poche manche zipp\u00e9e. Doublure ton sur ton. 100% nylon.","genre":"mixte","grammage":60,"conditionnement":10,"composition":"nylon","reference":"so-01616","reference_visible":"so-01616","reference_fabricant":"01616","ref_xor":"749921","in_catalog":true,"is_transfer":false,"is_service":false,"on_standby":false,"has_3d":false,"has_size_guide":true,"has_marking":true,"has_vierge":true,"is_cross_sellable":false,"id_picto":27,"filename_3d":null,"brand":{"id":46,"name":"Sol's","logo":"logo-sols.png","image":"https:\/\/media.th4.com\/cy3kMUAdQNgvlgihX3cQlwK_oROWgeAB4yIzKl1SoPQ\/pr:brand70x70\/aHR0cDovL21lZGlhMi5kZXNpZ25wYXJ0bmVyLmZyL2MvbS9sb2dvLXNvbHMucG5n?v=1716908419"},"price_infos":{"price_from":30.99,"quantity":600,"color":{"id":3107,"name":"noir"},"size":{"id":4,"name":"XL"}},"price_infos_marking":{"price_from":37.27,"quantity":1000,"color":{"id":3107,"name":"noir"},"size":{"id":4,"name":"XL"},"marking":{"id":2,"name":""},"emplacement":"avant","surface_emplacement_id":1,"surface":"coeur"},"i18n":{"blank":{"title":{"fr":"Rebel Parka blouson nylon SOL'S 01616","en":"Rebel Parka nylon jacket SOL'S 01616","de":"Rebel Parka Nylon-Jacke SOL'S 01616","nl":"Rebel Parka nylon jas SOL'S 01616","es":"Rebel Parka abrigo de nylon SOL'S 01616","it":"Giacca Rebel Parka in nylon SOL'S 01616","sv":"Rebel Parka nylon jacka SOL'S 01616","pt":"Rebel Parka jaqueta de nylon SOL'S 01616","da":"Rebel Parka nylonjakke SOL'S 01616","pl":"Rebel Parka bluzka nylonowa SOL'S 01616"},"description":{"fr":"Bombers unisexe fashion. Ouverture zipp\u00e9e. Finition bord c\u00f4te col, poignets et bas de v\u00eatement. 2 poches \u00e0 rabat pressionn\u00e9. 1 poche manche zipp\u00e9e. Doublure ton sur ton. 100% nylon.\n\n- Mati\u00e8re : 100% nylon\n- Coupe : Standard\n- Poches : 2 poches \u00e0 rabat, 1 poche zipp\u00e9e","en":"Unisex fashion bombers. Zipper opening. Ribbed finish on collar, cuffs and hem. 2 flap pockets with snap closure. 1 zippered sleeve pocket. Ton-on-ton lining. 100% nylon.\n\n- Material: 100% nylon\n- Fit: Standard\n- Pockets: 2 flap pockets, 1 zippered pocket","de":"Unisex Mode-Bomberjacke. Rei\u00dfverschluss\u00f6ffnung. Saum-Finish am Kragen, \u00c4rmel und Saum. 2 Druckknopfklappen Taschen. 1 Rei\u00dfverschluss Tasche am \u00c4rmel. Tonsur Ton-in-Ton. 100% Nylon.\n\n- Material: 100% Nylon\n- Schnitt: Standard\n- Taschen: 2 Klappentaschen, 1 Rei\u00dfverschlusstasche","nl":"Unisex fashion bombers. Zipopening. Collar, cuffs and hem finished with ribbing. 2 flap pockets with snap closure. 1 zip pocket on sleeve. Ton-on-ton lining. 100% nylon.\n\n- Materiaal : 100% nylon\n- Pasvorm : Standaard\n- Zakken : 2 zakken met klap, 1 zak met ritssluiting","es":"Bombers unisex moda. Apertura con cremallera. Acabado con borde de costura en el cuello, las mu\u00f1ecas y el bajo del vestido. 2 bolsillos con solapa y presi\u00f3n. 1 bolsillo con cremallera en la manga. Forro del mismo tono. 100% nylon.\n\n- Materia : 100% nylon\n- Corte : Est\u00e1ndar\n- Bolsillos : 2 bolsillos con solapa, 1 bolsillo con cremallera","it":"Bomber fashion unisex. Apertura a zip. Collo, polsini e fondo del vestito con rifinitura in coste. 2 tasche a risvolto con pressione. 1 tasca a zip sul manicotto. Rivestimento ton sur ton. 100% nylon.\n\n- Materiale: 100% nylon\n- Taglia: Standard\n- Tasche: 2 tasche a risvolto, 1 tasca a zip","sv":"Modebomber unisex. Zippad \u00f6ppning. Kants\u00f6m i ribbstickning p\u00e5 krage, \u00e4rmar och nederkant av kl\u00e4derna. 2 tryckknappsfickor. 1 zippad \u00e4rmficka. Inl\u00e4gg i ton i ton. 100% nylon.\n\n- Material: 100% nylon\n- Passform: Standard\n- Fickor: 2 tryckknappsfickor, 1 zippad ficka","pt":"Bombers unissex fashion. Abrir com z\u00edper. Acabamento costura colar, punhos e base da roupa. 2 bolsos com abas pressionadas. 1 bolso na manga com z\u00edper. Forro tom sobre tom. 100% nylon.\n\n- Material: 100% nylon\n- Corte: Standard\n- Bolsos: 2 bolsos com aba, 1 bolso com z\u00edper","da":"Unisex fashion bombers. Zipforing. Kantfinitur p\u00e5 krage, ermer og bund. 2 tryklukkede lommer. 1 zipper lomme i ermet. Ton-til-ton foring. 100% nylon.\n\n- Materiale : 100% nylon\n- Klipp : Standard\n- Lommer : 2 lommer med klap, 1 zipper lomme","pl":"Bombers unisexowy fashion. Otwieranie z zamek b\u0142yskawicowym. Wyko\u0144czenie z kanciastym ko\u0142nierzem, mankietami i doln\u0105 cz\u0119\u015bci\u0105 ubrania. 2 kieszenie z klapk\u0105 na zapi\u0119cie. 1 kiesze\u0144 z zamek b\u0142yskawicowym na r\u0119kawie. Wstawka w tonie. 100% nylon.\n\n- Materia\u0142: 100% nylon\n- Krojem: Standardowy\n- Kieszenie: 2 kieszenie z klapk\u0105, 1 kiesze\u0144 z zamek b\u0142yskawicowym"},"h1":{"fr":"Rebel Parka blouson nylon 01616","en":"Rebel Parka nylon jacket 01616","de":"Rebel Parka Nylon-Jacke 01616","nl":"Rebel Parka nylon jas 01616","es":"Rebel Parka abrigo de nylon 01616","it":"Giacca Rebel Parka in nylon 01616","sv":"Rebel Parka nylon jacka 01616","pt":"Rebel Parka jaqueta de nylon 01616","da":"Rebel Parka nylonjakke 01616","pl":"Rebel Parka bluzka nylonowa 01616"},"meta_description":{"fr":"Parka blouson nylon unisexe. Ouverture zipp\u00e9e, poches \u00e0 rabat pressionn\u00e9 et poche zipp\u00e9e manche. Id\u00e9al pour un usage quotidien.","en":"Unisex nylon parka jacket. Zipper opening, flap pockets with snap closure and zippered sleeve pocket. Ideal for everyday use.","de":"Unisex Nylon-Parka-Jacke. Rei\u00dfverschluss\u00f6ffnung, Druckknopfklappen Taschen und Rei\u00dfverschluss Tasche am \u00c4rmel. Ideal f\u00fcr den t\u00e4glichen Gebrauch.","nl":"Unisex nylon parka jas. Zipopening, flap pockets with snap closure and zip pocket on sleeve. Ideal for daily use.","es":"Parka abrigo de nylon unisex. Apertura con cremallera, bolsillos con solapa y presi\u00f3n y bolsillo con cremallera en la manga. Ideal para uso diario.","it":"Parka in nylon unisex. Apertura a zip, tasche a risvolto con pressione e tasca a zip sul manicotto. Ideale per un uso quotidiano.","sv":"Unisex nylon jacka. Zippad \u00f6ppning, tryckknappsfickor och zippad \u00e4rmficka. Idealiskt f\u00f6r daglig anv\u00e4ndning.","pt":"Parka jaqueta de nylon unissex. Abrir com z\u00edper, bolsos com abas pressionadas e bolso com z\u00edper na manga. Ideal para uso di\u00e1rio.","da":"Unisex nylon parka jakke. Zipforing, tryklukkede lommer og zipper lomme i ermet. Ideelt for daglig bruk.","pl":"Parka bluzka nylonowa unisexowa. Otwieranie z zamek b\u0142yskawicowym, kieszenie z klapk\u0105 na zapi\u0119cie oraz kiesze\u0144 z zamek b\u0142yskawicowym na r\u0119kawie. Idealna do codziennego u\u017cytku."}},"custom":{"title":{"fr":"Rebel Parka blouson nylon SOL'S 01616 personnalisable","en":"Rebel Parka nylon jacket SOL'S 01616 customizable","de":"Rebel Parka Nylonjacke SOL'S 01616 personalisierbar","nl":"Rebel Parka nylon jas SOL'S 01616 personaliseerbaar","es":"Rebel Parka chaqueta de nailon SOL'S 01616 personalizable","it":"Giacca Rebel Parka in nylon SOL'S 01616 personalizzabile","sv":"Rebel Parka nylonjacka SOL'S 01616 personligt","pt":"Jaqueta Rebel Parka de nylon SOL'S 01616 personaliz\u00e1vel","da":"Rebel Parka nylon jakke SOL'S 01616 personaliserbar","pl":"Rebel Parka bluzon nylon SOL'S 01616 dostosowywalny"},"description":{"fr":"Bombers unisexe fashion. Ouverture zipp\u00e9e. Finition bord c\u00f4te col, poignets et bas de v\u00eatement. 2 poches \u00e0 rabat pressionn\u00e9. 1 poche manche zipp\u00e9e. Doublure ton sur ton. 100% nylon. Ce parka est personnalisable, permettant l'ajout de votre logo ou de vos visuels pour une communication efficace. Possibilit\u00e9 de personnalisation en broderie pour un rendu qualitatif et durable.\n\n- Composition : 100% nylon\n- Coupe : Unisexe\n- Poches : 2 poches \u00e0 rabat pressionn\u00e9, 1 poche manche zipp\u00e9e\n- Finition : Bord c\u00f4te col, poignets et bas de v\u00eatement\n- Doublure : Ton sur ton\n- Possibilit\u00e9 de personnalisation : Broderie","en":"Fashion unisex bombers. Zip closure. Ribbed finish on collar, cuffs and bottom of garment. 2 flap pockets with snap closure. 1 sleeve pocket with zip. Matching lining. 100% nylon. This parka is customizable, allowing the addition of your logo or visuals for effective communication. Possibility of customization by embroidery for a qualitative and durable result.\n\n- Composition: 100% nylon\n- Cut: Unisex\n- Pockets: 2 flap pockets with snap closure, 1 sleeve pocket with zip\n- Finish: Ribbed collar, cuffs and bottom of garment\n- Lining: Matching\n- Customization possibility: Embroidery","de":"Modische Unisex-Bomberjacken. Rei\u00dfverschluss\u00f6ffnung. Kragen, \u00c4rmel und Saum mit Bundverst\u00e4rkung. 2 Klappen mit Druckknopfverschluss. 1 Rei\u00dfverschlusstasche am \u00c4rmel. Farblich abgestimmtes Futter. 100% Nylon. Diese Parka ist personalisierbar, was die Hinzuf\u00fcgung Ihres Logos oder Ihrer visuellen Elemente f\u00fcr eine effektive Kommunikation erm\u00f6glicht. M\u00f6glichkeit der Personalisierung durch Stickerei f\u00fcr ein qualitatives und dauerhaftes Ergebnis.","nl":"Uniseks fashion bombers. Zippede opening. Finishing met randen aan de kraag, manchetten en onderkant van het kledingstuk. 2 flappen met drukknoppen en 1 zippede mouwpocket. Doublure ton op ton. 100% nylon. Deze parka is personaliseerbaar, waardoor u uw logo of visuele elementen kunt toevoegen voor effectieve communicatie. Mogelijkheid tot personalisatie door middel van borduurwerk voor een kwalitatieve en duurzame uitvoering.\n\n- Samenstelling : 100% nylon\n- Snit : Uniseks\n- Pockets : 2 pockets met drukknopflappen, 1 zippede mouwpocket\n- Finishing : Rand aan de kraag, manchetten en onderkant van het kledingstuk\n- Doublure : Ton op ton\n- Mogelijkheid tot personalisatie : Borduurwerk","es":"Bombers unisexo fashion. Apertura con cremallera. Acabado con borde de punto en el cuello, mu\u00f1ecas y dobladillo del vestido. 2 bolsillos con solapa presionada. 1 bolsillo en la manga con cremallera. Forro tono sobre tono. 100% nailon. Este parka es personalizable, permitiendo agregar su logo o sus visuales para una comunicaci\u00f3n efectiva. Posibilidad de personalizaci\u00f3n en bordado para un acabado de calidad y duradero.\n\n- Composici\u00f3n: 100% nailon\n- Corte: Unisexo\n- Bolsillos: 2 bolsillos con solapa presionada, 1 bolsillo en la manga con cremallera\n- Acabado: Borde de punto en el cuello, mu\u00f1ecas y dobladillo del vestido\n- Forro: Tono sobre tono\n- Posibilidad de personalizaci\u00f3n: Bordado","it":"Bombers fashion unisex. Aperutura con zip. Finizione colletto, polsini e fondo del vestito in costina. 2 tasche con patta a pressione. 1 tasca a zip sul manica. Fodera tono su tono. 100% nylon. Questa giacca \u00e8 personalizzabile, permettendo l'aggiunta del vostro logo o dei vostri visivi per una comunicazione efficace. Possibilit\u00e0 di personalizzazione con ricamo per un risultato qualitativo e duraturo.\n\n- Composizione: 100% nylon\n- Taglia: Unisex\n- Tasche: 2 tasche con patta a pressione, 1 tasca a zip sul manica\n- Finizione: Colletto, polsini e fondo del vestito in costina\n- Fodera: Tono su tono\n- Possibilit\u00e0 di personalizzazione: Ricamo","sv":"Modeblusor f\u00f6r unisex. \u00d6ppning med glidl\u00e5s. Kants\u00f6m i hals, \u00e4rmar och nederdel. 2 p\u00e5sar med tryckknappslock, 1 p\u00e5se p\u00e5 \u00e4rm med glidl\u00e5s. F\u00f6rkl\u00e4de i samma ton. 100% nylon. Denna parka kan personligg\u00f6ras, till\u00e5ter l\u00e4gga till ditt logga eller dina visuella element f\u00f6r effektiv kommunikation. M\u00f6jlighet till personligg\u00f6ring med broderi f\u00f6r ett kvalitativt och h\u00e5llbart resultat.\n\n- Sammans\u00e4ttning: 100% nylon\n- Modell: Unisex\n- P\u00e5sar: 2 p\u00e5sar med tryckknappslock, 1 p\u00e5se p\u00e5 \u00e4rm med glidl\u00e5s\n- Detaljer: Kants\u00f6m i hals, \u00e4rmar och nederdel\n- F\u00f6rkl\u00e4de: I samma ton\n- M\u00f6jlighet till personligg\u00f6ring: Broderi","pt":"Bombers unissex fashion. Abertura zippada. Acabamento borda lateral colar, punhos e base da vestimenta. 2 bolsos com aba pressionada. 1 bolso manga zippado. Forro tom sobre tom. 100% nylon. Esta parka \u00e9 personaliz\u00e1vel, permitindo a adi\u00e7\u00e3o do seu logotipo ou dos seus visuais para uma comunica\u00e7\u00e3o eficaz. Possibilidade de personaliza\u00e7\u00e3o em bordado para um acabamento qualitativo e dur\u00e1vel.\n\n- Composi\u00e7\u00e3o : 100% nylon\n- Corte : Unissex\n- Bolsos : 2 bolsos com aba pressionada, 1 bolso manga zippado\n- Acabamento : Borda lateral colar, punhos e base da vestimenta\n- Forro : Tom sobre tom\n- Possibilidade de personaliza\u00e7\u00e3o : Bordado","da":"Unisex modebombers. Zip\u00e5bning. Finishing med ribbet kant p\u00e5 krage, \u00e6rmer og bund af t\u00f8j. 2 klaplommer med trykknapper. 1 \u00e6rmelomme med zip. Indvendig farve i tone. 100% nylon. Denne parka er personaliserbar, hvilket g\u00f8r det muligt at tilf\u00f8je dit logo eller dine visuelle elementer til en effektiv kommunikation. Mulighed for personalisering ved broderi for et kvalitets- og holdbart resultat.\n\n- Sammens\u00e6tning: 100% nylon\n- Sk\u00e6ring: Unisex\n- Lommer: 2 klaplommer med trykknapper, 1 \u00e6rmelomme med zip\n- Finishing: Ribbet kant p\u00e5 krage, \u00e6rmer og bund af t\u00f8j\n- Indvendig farve: I tone\n- Mulighed for personalisering: Broderi","pl":"Bombers uniseksowe fashion. Otwarcie z zapi\u0119ciem z suwaka. Ko\u0144cowanie z brzegiem na karku, r\u0119kawach i dole ubrania. 2 kieszenie z klapk\u0105 na zapi\u0119cie. 1 kiesze\u0144 na r\u0119kawie z zapi\u0119ciem z suwaka. Podszewka w tonie. 100% nylon. Ta park\u0119 mo\u017cna dostosowa\u0107, co pozwala na dodanie waszego loga lub wizualizacji dla skutecznej komunikacji. Mo\u017cliwo\u015b\u0107 dostosowania przez haftowanie dla trwa\u0142ego i wysokiej jako\u015bci efektu.\n\n- Sk\u0142ad: 100% nylon\n- Kr\u00f3j: Uniseksowy\n- Kieszenie: 2 kieszenie z klapk\u0105 na zapi\u0119cie, 1 kiesze\u0144 na r\u0119kawie z zapi\u0119ciem z suwaka\n- Ko\u0144cowanie: Brzeg na karku, r\u0119kawach i dole ubrania\n- Podszewka: W tonie\n- Mo\u017cliwo\u015b\u0107 dostosowania: Haftowanie"},"h1":{"fr":"Rebel Parka blouson nylon 01616 personnalisation","en":"Rebel Parka nylon jacket 01616 customization","de":"Rebel Parka Nylonjacke 01616 Personalisierung","nl":"Rebel Parka nylon jas 01616 personalisatie","es":"Rebel Parka chaqueta de nailon 01616 personalizaci\u00f3n","it":"Giacca Rebel Parka in nylon 01616 personalizzazione","sv":"Rebel Parka nylonjacka 01616 personlig","pt":"Jaqueta Rebel Parka de nylon 01616 personaliza\u00e7\u00e3o","da":"Rebel Parka nylon jakke 01616 personalisering","pl":"Rebel Parka bluzon nylon 01616 dostosowanie"},"meta_description":{"fr":"Parka blouson nylon unisexe SOL'S Rebel 01616. Personnalisable en broderie ou impression. Id\u00e9al pour vos \u00e9v\u00e9nements et votre communication.","en":"Unisex nylon jacket SOL'S Rebel 01616. Customizable by embroidery or printing. Ideal for your events and communication.","de":"Unisex Nylonjacke SOL'S Rebel 01616. Personalisierbar durch Stickerei oder Druck. Ideal f\u00fcr Ihre Veranstaltungen und Kommunikation.","nl":"Uniseks nylon jas SOL'S Rebel 01616. Personaliseerbaar met borduurwerk of printen. Ideaal voor uw evenementen en communicatie.","es":"Parka chaqueta de nailon unisexo SOL'S Rebel 01616. Personalizable en bordado o impresi\u00f3n. Ideal para sus eventos y su comunicaci\u00f3n.","it":"Giacca Rebel Parka in nylon unisex SOL'S 01616. Personalizzabile con ricamo o stampa. Ideale per i vostri eventi e la vostra comunicazione.","sv":"Parka nylonjacka unisex SOL'S Rebel 01616. Personligt med broderi eller tryck. Idealisk f\u00f6r era evenemang och kommunikation.","pt":"Parka jaqueta de nylon unissex SOL'S Rebel 01616. Personaliz\u00e1vel em bordado ou impress\u00e3o. Ideal para os seus eventos e comunica\u00e7\u00e3o.","da":"Unisex parka nylonjakke SOL'S Rebel 01616. Personaliserbar i broderi eller tryk. Ideel til dine begivenheder og kommunikation.","pl":"Parka bluzon nylon uniseksowy SOL'S Rebel 01616. Dostosowywalny przez haftowanie lub druk. Idealny na wasze wydarzenia i komunikacj\u0119."}}},"categories":[{"id":301,"name":"Parkas et blousons","singular":"Parka et blouson","is_feminin":false},{"id":13,"name":"Vestes et manteaux","singular":"Veste et manteau","is_feminin":true},{"id":354,"name":"Textile","singular":"Textile","is_feminin":false}],"certifications":[{"id":1,"label":"OEKO-TEX 100","logo_link":"\/images\/certifications\/1_OEKO-TEX_100.jpg","is_marking_compatible":false},{"id":2,"label":"Fair Wear","logo_link":"\/images\/certifications\/2_Fair_Wear.jpg","is_marking_compatible":false},{"id":3,"label":"PETA","logo_link":"\/images\/certifications\/3_PETA.jpg","is_marking_compatible":false}],"videos":{"fr":["https:\/\/www.youtube.com\/watch?v=821yS9yVuXk"],"en":["https:\/\/www.youtube.com\/watch?v=821yS9yVuXk"],"de":["https:\/\/www.youtube.com\/watch?v=821yS9yVuXk"],"nl":["https:\/\/www.youtube.com\/watch?v=821yS9yVuXk"],"es":["https:\/\/www.youtube.com\/watch?v=821yS9yVuXk"],"it":["https:\/\/www.youtube.com\/watch?v=821yS9yVuXk"],"sv":["https:\/\/www.youtube.com\/watch?v=821yS9yVuXk"],"pt":["https:\/\/www.youtube.com\/watch?v=821yS9yVuXk"],"da":["https:\/\/www.youtube.com\/watch?v=821yS9yVuXk"],"pl":["https:\/\/www.youtube.com\/watch?v=821yS9yVuXk"]},"main_images":{"miniature":"https:\/\/media.th4.com\/-9Dwq_NEXcFdQEJtyd0ERROijw52YlvRi-8kliPL4kA\/pr:80\/aHR0cDovL21lZGlhMi5kZXNpZ25wYXJ0bmVyLmZyL2MvcC1NVC8xMDAyMC5qcGc?v=1642604089","medium":"https:\/\/media.th4.com\/tONMTGaVIDJp2q9fgEAfLLnxxtTwH9YAoGnpgFZhtEs\/pr:550x550greybg\/aHR0cDovL21lZGlhMi5kZXNpZ25wYXJ0bmVyLmZyL2MvcC1NVC8xMDAyMC5qcGc?v=1642604089","medium_large":"https:\/\/media.th4.com\/mZoeZgccPu6oXWZABHbofHG4k7WOjUSaolnLA-kfrjE\/pr:1000x1000greybg\/aHR0cDovL21lZGlhMi5kZXNpZ25wYXJ0bmVyLmZyL2MvcC1NVC8xMDAyMC5qcGc?v=1642604089","large":"https:\/\/media.th4.com\/8idZ_fZTI9qza3xxA8q7laEGuzyz-g_GN1Pg_N-N3P8\/pr:1920greybg\/aHR0cDovL21lZGlhMi5kZXNpZ25wYXJ0bmVyLmZyL2MvcC1NVC8xMDAyMC5qcGc?v=1642604089","opengraph":"https:\/\/media.th4.com\/fG7vf559msTWKyH3ksotNTo8X_ZW2HgAsRKgkYP6aDA\/pr:1200x630greybg\/aHR0cDovL21lZGlhMi5kZXNpZ25wYXJ0bmVyLmZyL2MvcC1NVC8xMDAyMC5qcGc?v=1642604089"},"main_images_customization":{"miniature":"https:\/\/media.th4.com\/-9Dwq_NEXcFdQEJtyd0ERROijw52YlvRi-8kliPL4kA\/pr:80\/aHR0cDovL21lZGlhMi5kZXNpZ25wYXJ0bmVyLmZyL2MvcC1NVC8xMDAyMC5qcGc?v=1642604089","medium":"https:\/\/media.th4.com\/tONMTGaVIDJp2q9fgEAfLLnxxtTwH9YAoGnpgFZhtEs\/pr:550x550greybg\/aHR0cDovL21lZGlhMi5kZXNpZ25wYXJ0bmVyLmZyL2MvcC1NVC8xMDAyMC5qcGc?v=1642604089","medium_large":"https:\/\/media.th4.com\/mZoeZgccPu6oXWZABHbofHG4k7WOjUSaolnLA-kfrjE\/pr:1000x1000greybg\/aHR0cDovL21lZGlhMi5kZXNpZ25wYXJ0bmVyLmZyL2MvcC1NVC8xMDAyMC5qcGc?v=1642604089","large":"https:\/\/media.th4.com\/8idZ_fZTI9qza3xxA8q7laEGuzyz-g_GN1Pg_N-N3P8\/pr:1920greybg\/aHR0cDovL21lZGlhMi5kZXNpZ25wYXJ0bmVyLmZyL2MvcC1NVC8xMDAyMC5qcGc?v=1642604089","opengraph":"https:\/\/media.th4.com\/fG7vf559msTWKyH3ksotNTo8X_ZW2HgAsRKgkYP6aDA\/pr:1200x630greybg\/aHR0cDovL21lZGlhMi5kZXNpZ25wYXJ0bmVyLmZyL2MvcC1NVC8xMDAyMC5qcGc?v=1642604089"},"page_links":{"fr":"\/fr\/p-so-01616-rebel-parka-blouson-nylon-01616-10020\/","en":"\/en\/p-so-01616-rebel-parka-nylon-jacket-01616-10020\/","de":"\/de\/p-so-01616-rebel-parka-nylon-jacke-01616-10020\/","nl":"\/nl\/p-so-01616-rebel-parka-nylon-jas-01616-10020\/","es":"\/es\/p-so-01616-rebel-parka-abrigo-de-nylon-01616-10020\/","it":"\/it\/p-so-01616-giacca-rebel-parka-in-nylon-01616-10020\/","sv":"\/sv\/p-so-01616-rebel-parka-nylon-jacka-01616-10020\/","pt":"\/pt\/p-so-01616-rebel-parka-jaqueta-de-nylon-01616-10020\/","da":"\/da\/p-so-01616-rebel-parka-nylonjakke-01616-10020\/","pl":"\/pl\/p-so-01616-rebel-parka-bluzka-nylonowa-01616-10020\/"},"page_links_customization":{"fr":"\/fr\/p-so-01616-rebel-parka-blouson-nylon-01616-personnalisation-10020\/custom\/","en":"\/en\/p-so-01616-rebel-parka-nylon-jacket-01616-customization-10020\/custom\/","de":"\/de\/p-so-01616-rebel-parka-nylonjacke-01616-personalisierung-10020\/custom\/","nl":"\/nl\/p-so-01616-rebel-parka-nylon-jas-01616-personalisatie-10020\/custom\/","es":"\/es\/p-so-01616-rebel-parka-chaqueta-de-nailon-01616-personalizacion-10020\/custom\/","it":"\/it\/p-so-01616-giacca-rebel-parka-in-nylon-01616-personalizzazione-10020\/custom\/","sv":"\/sv\/p-so-01616-rebel-parka-nylonjacka-01616-personlig-10020\/custom\/","pt":"\/pt\/p-so-01616-jaqueta-rebel-parka-de-nylon-01616-personalizacao-10020\/custom\/","da":"\/da\/p-so-01616-rebel-parka-nylon-jakke-01616-personalisering-10020\/custom\/","pl":"\/pl\/p-so-01616-rebel-parka-bluzon-nylon-01616-dostosowanie-10020\/custom\/"},"equivalent_products":[],"colors":[{"id":3107,"name":"noir","class_ids":[4],"codes_hexa":["231f20"],"delai_24":false,"has_3d":false,"seuil_global":0,"stock_local":0,"stock_global":3842,"on_standby":false,"in_catalog":true,"images":{"miniature":["https:\/\/media.th4.com\/dbSMhb7I_-D4CRgw1upuroMo-6SBYwFrVc7qkSuEoC8\/pr:80\/aHR0cDovL21lZGlhMi5kZXNpZ25wYXJ0bmVyLmZyL2MvcC8xMDAyMC8xMDAyMC0zMTA3LTEuanBn?v=1610025328","https:\/\/media.th4.com\/j_kQbh3QIAL83hsylqejTQBlzKxKN58iKv9tzQDfLT4\/pr:80\/aHR0cDovL21lZGlhMi5kZXNpZ25wYXJ0bmVyLmZyL2MvcC8xMDAyMC8xMDAyMC0zMTA3LTIuanBn?v=1610025328","https:\/\/media.th4.com\/m9-ILiKK3lN3e4E-rSWrORUjj5pCDAuY7oThQ131zYI\/pr:80\/aHR0cDovL21lZGlhMi5kZXNpZ25wYXJ0bmVyLmZyL2MvcC8xMDAyMC8xMDAyMC0zMTA3LTMuanBn?v=1610025328"],"medium":["https:\/\/media.th4.com\/09dqjhlUrr3rAqsU3xMGdypjQ4FXESUWe0mPXr8oNww\/pr:550x550\/aHR0cDovL21lZGlhMi5kZXNpZ25wYXJ0bmVyLmZyL2MvcC8xMDAyMC8xMDAyMC0zMTA3LTEuanBn?v=1610025328","https:\/\/media.th4.com\/aDDI9wSqx6C-DyrrVm2A4J7dV_oQO-ikZkzth-bs8BA\/pr:550x550\/aHR0cDovL21lZGlhMi5kZXNpZ25wYXJ0bmVyLmZyL2MvcC8xMDAyMC8xMDAyMC0zMTA3LTIuanBn?v=1610025328","https:\/\/media.th4.com\/9BGS-fDVkCSxK-WAECt-fhnY8_2GCS83Nbw00wfJNh8\/pr:550x550\/aHR0cDovL21lZGlhMi5kZXNpZ25wYXJ0bmVyLmZyL2MvcC8xMDAyMC8xMDAyMC0zMTA3LTMuanBn?v=1610025328"],"medium_large":["https:\/\/media.th4.com\/2xIxlgeyF7t9IoNspdXOisa3Kbi18FYXCxVCfo8-MeM\/pr:1000x1000\/aHR0cDovL21lZGlhMi5kZXNpZ25wYXJ0bmVyLmZyL2MvcC8xMDAyMC8xMDAyMC0zMTA3LTEuanBn?v=1610025328","https:\/\/media.th4.com\/F7qIfCAbdnF213lwuhSf1vmBbs_4C2vghrfLQ9zHNUY\/pr:1000x1000\/aHR0cDovL21lZGlhMi5kZXNpZ25wYXJ0bmVyLmZyL2MvcC8xMDAyMC8xMDAyMC0zMTA3LTIuanBn?v=1610025328","https:\/\/media.th4.com\/fGjdT7q2FZYPXPbm-CZ1u-Ne7FEB9hSg0ELZ5jMtrcs\/pr:1000x1000\/aHR0cDovL21lZGlhMi5kZXNpZ25wYXJ0bmVyLmZyL2MvcC8xMDAyMC8xMDAyMC0zMTA3LTMuanBn?v=1610025328"],"large":["https:\/\/media.th4.com\/MNgACKdXf6mN1IUba0wQ1EdrVe9bQhMdDMo2_mXwCHI\/pr:1920\/aHR0cDovL21lZGlhMi5kZXNpZ25wYXJ0bmVyLmZyL2MvcC8xMDAyMC8xMDAyMC0zMTA3LTEuanBn?v=1610025328","https:\/\/media.th4.com\/fz_9rfRYVjPW7kPuVAZWtYi-HMj8BJlzPpcZhnPXScE\/pr:1920\/aHR0cDovL21lZGlhMi5kZXNpZ25wYXJ0bmVyLmZyL2MvcC8xMDAyMC8xMDAyMC0zMTA3LTIuanBn?v=1610025328","https:\/\/media.th4.com\/1QqM99p3Xeh-aC0OgujStsLiD48Jrdd0-mWd1wegQ6M\/pr:1920\/aHR0cDovL21lZGlhMi5kZXNpZ25wYXJ0bmVyLmZyL2MvcC8xMDAyMC8xMDAyMC0zMTA3LTMuanBn?v=1610025328"],"opengraph":["https:\/\/media.th4.com\/fVYM2FHHlDRF5jV7kJAHo6aR2mygh3RliJYY8CBQhA4\/pr:1200x630\/aHR0cDovL21lZGlhMi5kZXNpZ25wYXJ0bmVyLmZyL2MvcC8xMDAyMC8xMDAyMC0zMTA3LTEuanBn?v=1610025328","https:\/\/media.th4.com\/3Nd7DVBgugK0y8DqYd4PDZk2LheyJg330UqHhb4UwtQ\/pr:1200x630\/aHR0cDovL21lZGlhMi5kZXNpZ25wYXJ0bmVyLmZyL2MvcC8xMDAyMC8xMDAyMC0zMTA3LTIuanBn?v=1610025328","https:\/\/media.th4.com\/Ng73e9UPhs0KpSsmLyKWUvUHn42NkE9OJhZYNKSu3wg\/pr:1200x630\/aHR0cDovL21lZGlhMi5kZXNpZ25wYXJ0bmVyLmZyL2MvcC8xMDAyMC8xMDAyMC0zMTA3LTMuanBn?v=1610025328"]},"images_customization":{"miniature":["https:\/\/media.th4.com\/fX8tPQIEt2-Ked9Qp4_1F6jDBnDX24eZrJd1_A2RRKU\/pr:80\/aHR0cDovL21lZGlhMi5kZXNpZ25wYXJ0bmVyLmZyL2MvcC1zaG9wcGluZy1jdXN0b20tVEgvMTAwMjAvMTAwMjAtMzEwNy0xLmpwZw?v=1737557126","https:\/\/media.th4.com\/_rVngcemlXVLkX8TJtvAtBs38NMC0Z-v2lg2QUZ-MpY\/pr:80\/aHR0cDovL21lZGlhMi5kZXNpZ25wYXJ0bmVyLmZyL2MvcC1zaG9wcGluZy1jdXN0b20tVEgvMTAwMjAvMTAwMjAtMzEwNy0yLmpwZw?v=1737557126"],"medium":["https:\/\/media.th4.com\/P2Ohvx8AYwG41Mtb1-e1syDegWqvY5Vgh7hdnn2wXWM\/pr:550x550\/aHR0cDovL21lZGlhMi5kZXNpZ25wYXJ0bmVyLmZyL2MvcC1zaG9wcGluZy1jdXN0b20tVEgvMTAwMjAvMTAwMjAtMzEwNy0xLmpwZw?v=1737557126","https:\/\/media.th4.com\/Bo-qXcs_imYNfqx8tb8ya0HeTtoOje2LD4bHVxw6usY\/pr:550x550\/aHR0cDovL21lZGlhMi5kZXNpZ25wYXJ0bmVyLmZyL2MvcC1zaG9wcGluZy1jdXN0b20tVEgvMTAwMjAvMTAwMjAtMzEwNy0yLmpwZw?v=1737557126"],"medium_large":["https:\/\/media.th4.com\/sI2qDOq_PJiiURInCnJLeAb7BPUdwIIvRJeFxxGxlTA\/pr:1000x1000\/aHR0cDovL21lZGlhMi5kZXNpZ25wYXJ0bmVyLmZyL2MvcC1zaG9wcGluZy1jdXN0b20tVEgvMTAwMjAvMTAwMjAtMzEwNy0xLmpwZw?v=1737557126","https:\/\/media.th4.com\/Alrp8LRb7iXILTcDdKNUwwZWGo7DzCZ7cqvftxrNIRg\/pr:1000x1000\/aHR0cDovL21lZGlhMi5kZXNpZ25wYXJ0bmVyLmZyL2MvcC1zaG9wcGluZy1jdXN0b20tVEgvMTAwMjAvMTAwMjAtMzEwNy0yLmpwZw?v=1737557126"],"large":["https:\/\/media.th4.com\/keD4h22NvhX-_Hdz4y4vdV9taCyqjz6nDwvvD-1rmf8\/pr:1920\/aHR0cDovL21lZGlhMi5kZXNpZ25wYXJ0bmVyLmZyL2MvcC1zaG9wcGluZy1jdXN0b20tVEgvMTAwMjAvMTAwMjAtMzEwNy0xLmpwZw?v=1737557126","https:\/\/media.th4.com\/3c4HiIl79_b3_gQD6RSh2P7EiZUzunKExL-eR0ofV4U\/pr:1920\/aHR0cDovL21lZGlhMi5kZXNpZ25wYXJ0bmVyLmZyL2MvcC1zaG9wcGluZy1jdXN0b20tVEgvMTAwMjAvMTAwMjAtMzEwNy0yLmpwZw?v=1737557126"],"opengraph":["https:\/\/media.th4.com\/FqTYTLX5SwFnY6BJSMPcsWAwi_7-iQ_0rilllwF9Mz4\/pr:1200x630\/aHR0cDovL21lZGlhMi5kZXNpZ25wYXJ0bmVyLmZyL2MvcC1zaG9wcGluZy1jdXN0b20tVEgvMTAwMjAvMTAwMjAtMzEwNy0xLmpwZw?v=1737557126","https:\/\/media.th4.com\/W1wxv1V_kaMSI0KMLcfYHQvXQGHdRfzN8l6VBQeoDs0\/pr:1200x630\/aHR0cDovL21lZGlhMi5kZXNpZ25wYXJ0bmVyLmZyL2MvcC1zaG9wcGluZy1jdXN0b20tVEgvMTAwMjAvMTAwMjAtMzEwNy0yLmpwZw?v=1737557126"]},"country_origin":"CN","traceability":{"manufacturing_country_id":59,"weaving_country_id":61,"dyeing_country_id":61},"sizes":[{"id":5,"article_id":299237,"class_id":2,"name":"XS","on_standby":false,"stock_local":0,"stock_global":270,"multiple":1,"estimated_date_reassort":null,"is_destocking":false},{"id":3,"article_id":299235,"class_id":3,"name":"S","on_standby":false,"stock_local":0,"stock_global":431,"multiple":1,"estimated_date_reassort":null,"is_destocking":false},{"id":2,"article_id":299234,"class_id":4,"name":"M","on_standby":false,"stock_local":0,"stock_global":1027,"multiple":1,"estimated_date_reassort":null,"is_destocking":false},{"id":1,"article_id":299233,"class_id":5,"name":"L","on_standby":false,"stock_local":0,"stock_global":810,"multiple":1,"estimated_date_reassort":null,"is_destocking":false},{"id":4,"article_id":299236,"class_id":6,"name":"XL","on_standby":false,"stock_local":0,"stock_global":1060,"multiple":1,"estimated_date_reassort":null,"is_destocking":false},{"id":1116,"article_id":299238,"class_id":7,"name":"2XL","on_standby":false,"stock_local":0,"stock_global":217,"multiple":1,"estimated_date_reassort":null,"is_destocking":false},{"id":1081,"article_id":299232,"class_id":8,"name":"3XL","on_standby":false,"stock_local":0,"stock_global":27,"multiple":1,"estimated_date_reassort":null,"is_destocking":false}],"page_links":{"fr":"\/fr\/p-so-01616-rebel-parka-blouson-nylon-01616-10020\/noir-3107\/","en":"\/en\/p-so-01616-rebel-parka-nylon-jacket-01616-10020\/noir-3107\/","de":"\/de\/p-so-01616-rebel-parka-nylon-jacke-01616-10020\/noir-3107\/","nl":"\/nl\/p-so-01616-rebel-parka-nylon-jas-01616-10020\/noir-3107\/","es":"\/es\/p-so-01616-rebel-parka-abrigo-de-nylon-01616-10020\/noir-3107\/","it":"\/it\/p-so-01616-giacca-rebel-parka-in-nylon-01616-10020\/noir-3107\/","sv":"\/sv\/p-so-01616-rebel-parka-nylon-jacka-01616-10020\/noir-3107\/","pt":"\/pt\/p-so-01616-rebel-parka-jaqueta-de-nylon-01616-10020\/noir-3107\/","da":"\/da\/p-so-01616-rebel-parka-nylonjakke-01616-10020\/noir-3107\/","pl":"\/pl\/p-so-01616-rebel-parka-bluzka-nylonowa-01616-10020\/noir-3107\/"},"page_links_customization":{"fr":"\/fr\/p-so-01616-rebel-parka-blouson-nylon-01616-personnalisation-10020\/noir-3107\/custom\/","en":"\/en\/p-so-01616-rebel-parka-nylon-jacket-01616-customization-10020\/noir-3107\/custom\/","de":"\/de\/p-so-01616-rebel-parka-nylonjacke-01616-personalisierung-10020\/noir-3107\/custom\/","nl":"\/nl\/p-so-01616-rebel-parka-nylon-jas-01616-personalisatie-10020\/noir-3107\/custom\/","es":"\/es\/p-so-01616-rebel-parka-chaqueta-de-nailon-01616-personalizacion-10020\/noir-3107\/custom\/","it":"\/it\/p-so-01616-giacca-rebel-parka-in-nylon-01616-personalizzazione-10020\/noir-3107\/custom\/","sv":"\/sv\/p-so-01616-rebel-parka-nylonjacka-01616-personlig-10020\/noir-3107\/custom\/","pt":"\/pt\/p-so-01616-jaqueta-rebel-parka-de-nylon-01616-personalizacao-10020\/noir-3107\/custom\/","da":"\/da\/p-so-01616-rebel-parka-nylon-jakke-01616-personalisering-10020\/noir-3107\/custom\/","pl":"\/pl\/p-so-01616-rebel-parka-bluzon-nylon-01616-dostosowanie-10020\/noir-3107\/custom\/"}},{"id":3160,"name":"french_marine","class_ids":[2],"codes_hexa":["092a44"],"delai_24":false,"has_3d":false,"seuil_global":0,"stock_local":0,"stock_global":1344,"on_standby":false,"in_catalog":true,"images":{"miniature":["https:\/\/media.th4.com\/UbF0PDs7LiRqFBDClGHZyHDelDxbDV6Z6w-v2SEod2E\/pr:80\/aHR0cDovL21lZGlhMi5kZXNpZ25wYXJ0bmVyLmZyL2MvcC8xMDAyMC8xMDAyMC0zMTYwLTEuanBn?v=1610025331","https:\/\/media.th4.com\/8VePaqyM86twMBKQhCf4tDDIS5WDXzh9qWR65R654wQ\/pr:80\/aHR0cDovL21lZGlhMi5kZXNpZ25wYXJ0bmVyLmZyL2MvcC8xMDAyMC8xMDAyMC0zMTYwLTIuanBn?v=1610025331","https:\/\/media.th4.com\/vDx2Lrn_KZMaLbgqKta4sZhHzmhEC9V5xyZKL_ww43w\/pr:80\/aHR0cDovL21lZGlhMi5kZXNpZ25wYXJ0bmVyLmZyL2MvcC8xMDAyMC8xMDAyMC0zMTYwLTMuanBn?v=1610025331"],"medium":["https:\/\/media.th4.com\/md5UCdSENe8VbC06WBZeFTC-hP29QHhXU8TyCNPwhQ4\/pr:550x550\/aHR0cDovL21lZGlhMi5kZXNpZ25wYXJ0bmVyLmZyL2MvcC8xMDAyMC8xMDAyMC0zMTYwLTEuanBn?v=1610025331","https:\/\/media.th4.com\/--SFby-HhwkMHR4KObEemVEYHCOpkVng0F-6USl-n80\/pr:550x550\/aHR0cDovL21lZGlhMi5kZXNpZ25wYXJ0bmVyLmZyL2MvcC8xMDAyMC8xMDAyMC0zMTYwLTIuanBn?v=1610025331","https:\/\/media.th4.com\/htbe29MMCox9FILpLg3DY8DXTJ7yOlQxa0sgPeopIrc\/pr:550x550\/aHR0cDovL21lZGlhMi5kZXNpZ25wYXJ0bmVyLmZyL2MvcC8xMDAyMC8xMDAyMC0zMTYwLTMuanBn?v=1610025331"],"medium_large":["https:\/\/media.th4.com\/QAS5g3oyXuYefQOXEdWJiQHAicd4A_BN-5AR_O-3Qow\/pr:1000x1000\/aHR0cDovL21lZGlhMi5kZXNpZ25wYXJ0bmVyLmZyL2MvcC8xMDAyMC8xMDAyMC0zMTYwLTEuanBn?v=1610025331","https:\/\/media.th4.com\/lBa3k0UIssIqZDKawjXCkkiznvXzt8-wynDNJA7GbfI\/pr:1000x1000\/aHR0cDovL21lZGlhMi5kZXNpZ25wYXJ0bmVyLmZyL2MvcC8xMDAyMC8xMDAyMC0zMTYwLTIuanBn?v=1610025331","https:\/\/media.th4.com\/kYZg98zPEsUiFUzkaKFqn2Ft08wkWA1A2rYzoYinQw0\/pr:1000x1000\/aHR0cDovL21lZGlhMi5kZXNpZ25wYXJ0bmVyLmZyL2MvcC8xMDAyMC8xMDAyMC0zMTYwLTMuanBn?v=1610025331"],"large":["https:\/\/media.th4.com\/j-RRbVd24FQvMYicqr_Kz3sRbdJg9ExuJUO4-QyinvY\/pr:1920\/aHR0cDovL21lZGlhMi5kZXNpZ25wYXJ0bmVyLmZyL2MvcC8xMDAyMC8xMDAyMC0zMTYwLTEuanBn?v=1610025331","https:\/\/media.th4.com\/cGcWjZVXnCLE-odIWWAbJ505IcHpA0RJgnbgP0zQJwQ\/pr:1920\/aHR0cDovL21lZGlhMi5kZXNpZ25wYXJ0bmVyLmZyL2MvcC8xMDAyMC8xMDAyMC0zMTYwLTIuanBn?v=1610025331","https:\/\/media.th4.com\/Ragt0xdMUEeb14ja74eiLrlA0TPkEmPbLZlWbW98i_0\/pr:1920\/aHR0cDovL21lZGlhMi5kZXNpZ25wYXJ0bmVyLmZyL2MvcC8xMDAyMC8xMDAyMC0zMTYwLTMuanBn?v=1610025331"],"opengraph":["https:\/\/media.th4.com\/Je4ct8P22oAUPyKWkncNpGhyBIweIRetrgZyshL6Kjw\/pr:1200x630\/aHR0cDovL21lZGlhMi5kZXNpZ25wYXJ0bmVyLmZyL2MvcC8xMDAyMC8xMDAyMC0zMTYwLTEuanBn?v=1610025331","https:\/\/media.th4.com\/nUOT8A0Yw2gqFQbijH86UtR0hajq_iv_6_9clkMIvh8\/pr:1200x630\/aHR0cDovL21lZGlhMi5kZXNpZ25wYXJ0bmVyLmZyL2MvcC8xMDAyMC8xMDAyMC0zMTYwLTIuanBn?v=1610025331","https:\/\/media.th4.com\/aAu_Cg7u4mmhkykml3LPz_bTmn5dIcT9qB-CfiRTda8\/pr:1200x630\/aHR0cDovL21lZGlhMi5kZXNpZ25wYXJ0bmVyLmZyL2MvcC8xMDAyMC8xMDAyMC0zMTYwLTMuanBn?v=1610025331"]},"images_customization":{"miniature":["https:\/\/media.th4.com\/VdTacpaHvwZSDtKkpDRtGhhonSLQT3y4KWsozA1DnwQ\/pr:80\/aHR0cDovL21lZGlhMi5kZXNpZ25wYXJ0bmVyLmZyL2MvcC1zaG9wcGluZy1jdXN0b20tVEgvMTAwMjAvMTAwMjAtMzE2MC0xLmpwZw?v=1737557126","https:\/\/media.th4.com\/u-cHuDr30W25E9U2eZMVjAEquM1YMNr7u0nnhN3GkRE\/pr:80\/aHR0cDovL21lZGlhMi5kZXNpZ25wYXJ0bmVyLmZyL2MvcC1zaG9wcGluZy1jdXN0b20tVEgvMTAwMjAvMTAwMjAtMzE2MC0yLmpwZw?v=1737557126"],"medium":["https:\/\/media.th4.com\/QEHl4f2pQMz6MS0CuE4IFNZu714u0C_3k5POzS2cgXg\/pr:550x550\/aHR0cDovL21lZGlhMi5kZXNpZ25wYXJ0bmVyLmZyL2MvcC1zaG9wcGluZy1jdXN0b20tVEgvMTAwMjAvMTAwMjAtMzE2MC0xLmpwZw?v=1737557126","https:\/\/media.th4.com\/1qC7ikykoBh6xuYgXh37qlprY97OKZwT6ch9woz8D28\/pr:550x550\/aHR0cDovL21lZGlhMi5kZXNpZ25wYXJ0bmVyLmZyL2MvcC1zaG9wcGluZy1jdXN0b20tVEgvMTAwMjAvMTAwMjAtMzE2MC0yLmpwZw?v=1737557126"],"medium_large":["https:\/\/media.th4.com\/VKo--WXjEMK6oRYn5yL2Ja1YvWBUvta3zqqmSTJ83OU\/pr:1000x1000\/aHR0cDovL21lZGlhMi5kZXNpZ25wYXJ0bmVyLmZyL2MvcC1zaG9wcGluZy1jdXN0b20tVEgvMTAwMjAvMTAwMjAtMzE2MC0xLmpwZw?v=1737557126","https:\/\/media.th4.com\/E0AW8OcZQkUJnnTOdEAy9IqLdXKQOg8UtN20Lx8UUek\/pr:1000x1000\/aHR0cDovL21lZGlhMi5kZXNpZ25wYXJ0bmVyLmZyL2MvcC1zaG9wcGluZy1jdXN0b20tVEgvMTAwMjAvMTAwMjAtMzE2MC0yLmpwZw?v=1737557126"],"large":["https:\/\/media.th4.com\/BRn_Ot83nvWhI0z4bti9FoJW_Y-lsfrZEvSCFkXkjC0\/pr:1920\/aHR0cDovL21lZGlhMi5kZXNpZ25wYXJ0bmVyLmZyL2MvcC1zaG9wcGluZy1jdXN0b20tVEgvMTAwMjAvMTAwMjAtMzE2MC0xLmpwZw?v=1737557126","https:\/\/media.th4.com\/y2R_GXynoIWNiIkLC3_J0e6Qfk9Vrk0fxtcs_fhwvuU\/pr:1920\/aHR0cDovL21lZGlhMi5kZXNpZ25wYXJ0bmVyLmZyL2MvcC1zaG9wcGluZy1jdXN0b20tVEgvMTAwMjAvMTAwMjAtMzE2MC0yLmpwZw?v=1737557126"],"opengraph":["https:\/\/media.th4.com\/EcaHTuKIiN4-Wi8leekM0QrLrO_YFtaGvLOWaq4e7ec\/pr:1200x630\/aHR0cDovL21lZGlhMi5kZXNpZ25wYXJ0bmVyLmZyL2MvcC1zaG9wcGluZy1jdXN0b20tVEgvMTAwMjAvMTAwMjAtMzE2MC0xLmpwZw?v=1737557126","https:\/\/media.th4.com\/NJgz9PNrKRt8CDpaYZta8MJZguLR4Q9MNnuCmQkbNn4\/pr:1200x630\/aHR0cDovL21lZGlhMi5kZXNpZ25wYXJ0bmVyLmZyL2MvcC1zaG9wcGluZy1jdXN0b20tVEgvMTAwMjAvMTAwMjAtMzE2MC0yLmpwZw?v=1737557126"]},"country_origin":"CN","traceability":{"manufacturing_country_id":59,"weaving_country_id":61,"dyeing_country_id":61},"sizes":[{"id":5,"article_id":299230,"class_id":2,"name":"XS","on_standby":false,"stock_local":0,"stock_global":59,"multiple":1,"estimated_date_reassort":null,"is_destocking":false},{"id":3,"article_id":299228,"class_id":3,"name":"S","on_standby":false,"stock_local":0,"stock_global":123,"multiple":1,"estimated_date_reassort":null,"is_destocking":false},{"id":2,"article_id":299227,"class_id":4,"name":"M","on_standby":false,"stock_local":0,"stock_global":272,"multiple":1,"estimated_date_reassort":null,"is_destocking":false},{"id":1,"article_id":299226,"class_id":5,"name":"L","on_standby":false,"stock_local":0,"stock_global":345,"multiple":1,"estimated_date_reassort":null,"is_destocking":false},{"id":4,"article_id":299229,"class_id":6,"name":"XL","on_standby":false,"stock_local":0,"stock_global":357,"multiple":1,"estimated_date_reassort":null,"is_destocking":false},{"id":1116,"article_id":299231,"class_id":7,"name":"2XL","on_standby":false,"stock_local":0,"stock_global":153,"multiple":1,"estimated_date_reassort":null,"is_destocking":false},{"id":1081,"article_id":299225,"class_id":8,"name":"3XL","on_standby":false,"stock_local":0,"stock_global":35,"multiple":1,"estimated_date_reassort":null,"is_destocking":false}],"page_links":{"fr":"\/fr\/p-so-01616-rebel-parka-blouson-nylon-01616-10020\/french-marine-3160\/","en":"\/en\/p-so-01616-rebel-parka-nylon-jacket-01616-10020\/french-marine-3160\/","de":"\/de\/p-so-01616-rebel-parka-nylon-jacke-01616-10020\/french-marine-3160\/","nl":"\/nl\/p-so-01616-rebel-parka-nylon-jas-01616-10020\/french-marine-3160\/","es":"\/es\/p-so-01616-rebel-parka-abrigo-de-nylon-01616-10020\/french-marine-3160\/","it":"\/it\/p-so-01616-giacca-rebel-parka-in-nylon-01616-10020\/french-marine-3160\/","sv":"\/sv\/p-so-01616-rebel-parka-nylon-jacka-01616-10020\/french-marine-3160\/","pt":"\/pt\/p-so-01616-rebel-parka-jaqueta-de-nylon-01616-10020\/french-marine-3160\/","da":"\/da\/p-so-01616-rebel-parka-nylonjakke-01616-10020\/french-marine-3160\/","pl":"\/pl\/p-so-01616-rebel-parka-bluzka-nylonowa-01616-10020\/french-marine-3160\/"},"page_links_customization":{"fr":"\/fr\/p-so-01616-rebel-parka-blouson-nylon-01616-personnalisation-10020\/french-marine-3160\/custom\/","en":"\/en\/p-so-01616-rebel-parka-nylon-jacket-01616-customization-10020\/french-marine-3160\/custom\/","de":"\/de\/p-so-01616-rebel-parka-nylonjacke-01616-personalisierung-10020\/french-marine-3160\/custom\/","nl":"\/nl\/p-so-01616-rebel-parka-nylon-jas-01616-personalisatie-10020\/french-marine-3160\/custom\/","es":"\/es\/p-so-01616-rebel-parka-chaqueta-de-nailon-01616-personalizacion-10020\/french-marine-3160\/custom\/","it":"\/it\/p-so-01616-giacca-rebel-parka-in-nylon-01616-personalizzazione-10020\/french-marine-3160\/custom\/","sv":"\/sv\/p-so-01616-rebel-parka-nylonjacka-01616-personlig-10020\/french-marine-3160\/custom\/","pt":"\/pt\/p-so-01616-jaqueta-rebel-parka-de-nylon-01616-personalizacao-10020\/french-marine-3160\/custom\/","da":"\/da\/p-so-01616-rebel-parka-nylon-jakke-01616-personalisering-10020\/french-marine-3160\/custom\/","pl":"\/pl\/p-so-01616-rebel-parka-bluzon-nylon-01616-dostosowanie-10020\/french-marine-3160\/custom\/"}},{"id":13542,"name":"terre_d_ombre","class_ids":[3],"codes_hexa":["242223"],"delai_24":false,"has_3d":false,"seuil_global":0,"stock_local":0,"stock_global":0,"on_standby":true,"in_catalog":true,"images":{"miniature":["https:\/\/media.th4.com\/Mlp0RvQaA6se61SdLrFwXBI6lCOnS0MhELSs_FXU8JI\/pr:80\/aHR0cDovL21lZGlhMi5kZXNpZ25wYXJ0bmVyLmZyL2MvcC8xMDAyMC8xMDAyMC0xMzU0Mi0xLmpwZw?v=1610025328","https:\/\/media.th4.com\/TuRZMCN4fjsxXa7UosC6pMVro4eMfJvrhJmsF18g_Tc\/pr:80\/aHR0cDovL21lZGlhMi5kZXNpZ25wYXJ0bmVyLmZyL2MvcC8xMDAyMC8xMDAyMC0xMzU0Mi0yLmpwZw?v=1610025328","https:\/\/media.th4.com\/cZuILxhGXd-bfK-uqfrJnGmcrDsw2Oge-oo_1LjL6Dw\/pr:80\/aHR0cDovL21lZGlhMi5kZXNpZ25wYXJ0bmVyLmZyL2MvcC8xMDAyMC8xMDAyMC0xMzU0Mi0zLmpwZw?v=1610025328"],"medium":["https:\/\/media.th4.com\/9E8ZxWhpaWcYsNhDwmxgZeLxg4kbG65sUQKoNiZiADc\/pr:550x550\/aHR0cDovL21lZGlhMi5kZXNpZ25wYXJ0bmVyLmZyL2MvcC8xMDAyMC8xMDAyMC0xMzU0Mi0xLmpwZw?v=1610025328","https:\/\/media.th4.com\/A4AT6uwDpikENf8H1olaQODG5IPkmgCBKhayffoUWFk\/pr:550x550\/aHR0cDovL21lZGlhMi5kZXNpZ25wYXJ0bmVyLmZyL2MvcC8xMDAyMC8xMDAyMC0xMzU0Mi0yLmpwZw?v=1610025328","https:\/\/media.th4.com\/X45xDocrLPhsUyvNy2heeiF9yf3CbZn4cW5k1ffZbas\/pr:550x550\/aHR0cDovL21lZGlhMi5kZXNpZ25wYXJ0bmVyLmZyL2MvcC8xMDAyMC8xMDAyMC0xMzU0Mi0zLmpwZw?v=1610025328"],"medium_large":["https:\/\/media.th4.com\/eibxZqoDwc53_4eXAp-h66uZrvgPVZhxs5kX_4tRyH4\/pr:1000x1000\/aHR0cDovL21lZGlhMi5kZXNpZ25wYXJ0bmVyLmZyL2MvcC8xMDAyMC8xMDAyMC0xMzU0Mi0xLmpwZw?v=1610025328","https:\/\/media.th4.com\/-jszUZXIP8wa0C2Mz_-WM1JGy4BVMs6blmMsZI3Yb_4\/pr:1000x1000\/aHR0cDovL21lZGlhMi5kZXNpZ25wYXJ0bmVyLmZyL2MvcC8xMDAyMC8xMDAyMC0xMzU0Mi0yLmpwZw?v=1610025328","https:\/\/media.th4.com\/_3qBn_qkdqPlLUl6ZYAje8L54oibNEz9HSIXNuBqJJQ\/pr:1000x1000\/aHR0cDovL21lZGlhMi5kZXNpZ25wYXJ0bmVyLmZyL2MvcC8xMDAyMC8xMDAyMC0xMzU0Mi0zLmpwZw?v=1610025328"],"large":["https:\/\/media.th4.com\/F2fyeItWrrJfAXCeA5ifnPTUDRhd0zyFo7noXAJFdnk\/pr:1920\/aHR0cDovL21lZGlhMi5kZXNpZ25wYXJ0bmVyLmZyL2MvcC8xMDAyMC8xMDAyMC0xMzU0Mi0xLmpwZw?v=1610025328","https:\/\/media.th4.com\/pe_qZcxMCyNe71eRjIKUI_bOuVgNocsYMIG8aFwDS6E\/pr:1920\/aHR0cDovL21lZGlhMi5kZXNpZ25wYXJ0bmVyLmZyL2MvcC8xMDAyMC8xMDAyMC0xMzU0Mi0yLmpwZw?v=1610025328","https:\/\/media.th4.com\/xu7fOeIVrakNKWoewlVS4IVMSpJRFtyvn6oRxarLzlo\/pr:1920\/aHR0cDovL21lZGlhMi5kZXNpZ25wYXJ0bmVyLmZyL2MvcC8xMDAyMC8xMDAyMC0xMzU0Mi0zLmpwZw?v=1610025328"],"opengraph":["https:\/\/media.th4.com\/w1bZiVdaqyfc6KjhUhZ-sUDi1jaGiZ_FqoZwukjAVdQ\/pr:1200x630\/aHR0cDovL21lZGlhMi5kZXNpZ25wYXJ0bmVyLmZyL2MvcC8xMDAyMC8xMDAyMC0xMzU0Mi0xLmpwZw?v=1610025328","https:\/\/media.th4.com\/RV0ql-rtKnlQK380rileEpZchSVRZ9plzl7Mk5asFX0\/pr:1200x630\/aHR0cDovL21lZGlhMi5kZXNpZ25wYXJ0bmVyLmZyL2MvcC8xMDAyMC8xMDAyMC0xMzU0Mi0yLmpwZw?v=1610025328","https:\/\/media.th4.com\/8OZ3dV9bLmUFDPByhvE9xmNCIaul3RsSbqyXZHHxqTI\/pr:1200x630\/aHR0cDovL21lZGlhMi5kZXNpZ25wYXJ0bmVyLmZyL2MvcC8xMDAyMC8xMDAyMC0xMzU0Mi0zLmpwZw?v=1610025328"]},"images_customization":{"miniature":["https:\/\/media.th4.com\/7uVsFsJmjm1sov0oqgEGO_O9DPrI0CyvrYuIYlQSk6w\/pr:80\/aHR0cDovL21lZGlhMi5kZXNpZ25wYXJ0bmVyLmZyL2MvcC1zaG9wcGluZy1jdXN0b20tVEgvMTAwMjAvMTAwMjAtMTM1NDItMS5qcGc?v=1737557126"],"medium":["https:\/\/media.th4.com\/JIL3rMkbV13EwCaPQG-1FvyW5na_I35CXzlTO2yH_uY\/pr:550x550\/aHR0cDovL21lZGlhMi5kZXNpZ25wYXJ0bmVyLmZyL2MvcC1zaG9wcGluZy1jdXN0b20tVEgvMTAwMjAvMTAwMjAtMTM1NDItMS5qcGc?v=1737557126"],"medium_large":["https:\/\/media.th4.com\/SRjCw1qGOZgjLgkPBM6nW3gHp68_Z7rfmQ4uyC5iOEs\/pr:1000x1000\/aHR0cDovL21lZGlhMi5kZXNpZ25wYXJ0bmVyLmZyL2MvcC1zaG9wcGluZy1jdXN0b20tVEgvMTAwMjAvMTAwMjAtMTM1NDItMS5qcGc?v=1737557126"],"large":["https:\/\/media.th4.com\/SsyxYZ1wn3qYOTTZM53c-8wzCXdeswfZjh245W_i6nY\/pr:1920\/aHR0cDovL21lZGlhMi5kZXNpZ25wYXJ0bmVyLmZyL2MvcC1zaG9wcGluZy1jdXN0b20tVEgvMTAwMjAvMTAwMjAtMTM1NDItMS5qcGc?v=1737557126"],"opengraph":["https:\/\/media.th4.com\/KfIUojPBb_btKTpVPBcjSzP5qqL680u565bcP8Dmk0c\/pr:1200x630\/aHR0cDovL21lZGlhMi5kZXNpZ25wYXJ0bmVyLmZyL2MvcC1zaG9wcGluZy1jdXN0b20tVEgvMTAwMjAvMTAwMjAtMTM1NDItMS5qcGc?v=1737557126"]},"country_origin":"CN","traceability":{"manufacturing_country_id":59,"weaving_country_id":61,"dyeing_country_id":61},"sizes":[],"page_links":{"fr":"\/fr\/p-so-01616-rebel-parka-blouson-nylon-01616-10020\/terre-d-ombre-13542\/","en":"\/en\/p-so-01616-rebel-parka-nylon-jacket-01616-10020\/terre-d-ombre-13542\/","de":"\/de\/p-so-01616-rebel-parka-nylon-jacke-01616-10020\/terre-d-ombre-13542\/","nl":"\/nl\/p-so-01616-rebel-parka-nylon-jas-01616-10020\/terre-d-ombre-13542\/","es":"\/es\/p-so-01616-rebel-parka-abrigo-de-nylon-01616-10020\/terre-d-ombre-13542\/","it":"\/it\/p-so-01616-giacca-rebel-parka-in-nylon-01616-10020\/terre-d-ombre-13542\/","sv":"\/sv\/p-so-01616-rebel-parka-nylon-jacka-01616-10020\/terre-d-ombre-13542\/","pt":"\/pt\/p-so-01616-rebel-parka-jaqueta-de-nylon-01616-10020\/terre-d-ombre-13542\/","da":"\/da\/p-so-01616-rebel-parka-nylonjakke-01616-10020\/terre-d-ombre-13542\/","pl":"\/pl\/p-so-01616-rebel-parka-bluzka-nylonowa-01616-10020\/terre-d-ombre-13542\/"},"page_links_customization":{"fr":"\/fr\/p-so-01616-rebel-parka-blouson-nylon-01616-personnalisation-10020\/terre-d-ombre-13542\/custom\/","en":"\/en\/p-so-01616-rebel-parka-nylon-jacket-01616-customization-10020\/terre-d-ombre-13542\/custom\/","de":"\/de\/p-so-01616-rebel-parka-nylonjacke-01616-personalisierung-10020\/terre-d-ombre-13542\/custom\/","nl":"\/nl\/p-so-01616-rebel-parka-nylon-jas-01616-personalisatie-10020\/terre-d-ombre-13542\/custom\/","es":"\/es\/p-so-01616-rebel-parka-chaqueta-de-nailon-01616-personalizacion-10020\/terre-d-ombre-13542\/custom\/","it":"\/it\/p-so-01616-giacca-rebel-parka-in-nylon-01616-personalizzazione-10020\/terre-d-ombre-13542\/custom\/","sv":"\/sv\/p-so-01616-rebel-parka-nylonjacka-01616-personlig-10020\/terre-d-ombre-13542\/custom\/","pt":"\/pt\/p-so-01616-jaqueta-rebel-parka-de-nylon-01616-personalizacao-10020\/terre-d-ombre-13542\/custom\/","da":"\/da\/p-so-01616-rebel-parka-nylon-jakke-01616-personalisering-10020\/terre-d-ombre-13542\/custom\/","pl":"\/pl\/p-so-01616-rebel-parka-bluzon-nylon-01616-dostosowanie-10020\/terre-d-ombre-13542\/custom\/"}}],"documentation_link":"\/pdf\/10020.pdf","countries_availables":["AD","AE","AL","AT","BA","BD","BE","BG","BL","CA","CH","CN","CO","CY","CZ","DE","DK","DO","EE","EG","ES","ET","FI","FR","GB","GE","GF","GP","GR","GT","HK","HN","HR","HT","HU","ID","IE","IN","IS","IT","JO","JP","KE","KH","KP","KR","LA","LK","LS","LT","LU","LV","MA","MF","MG","MK","MM","MN","MQ","MT","MX","MY","NC","NI","NL","PF","PH","PK","PL","PM","PT","RE","RO","SE","SG","SI","SK","SV","SY","TH","TN","TR","TW","TZ","US","VN","WF","YT"]},"infos_customization":[],"features":{"authorize_multi_surfaces":true,"display_order_delay_type":true,"promote_surface_display":true,"tarification_franco_offert":true,"enabled_3d_editor":false},"markings":[{"id":0,"nom":"vierge","finition":null,"libelle":null,"code":null,"dpi":null,"finesse_forme_isolee":null,"finesse_forme_non_isolee":null,"hauteur_minimale_texte":null,"inactif":0,"marquage_interne":1,"quantite_min":null,"parent_id":null,"print_on_support":0,"content":"vierge","description":null},{"id":2,"nom":"fonce","finition":"optimale","libelle":"TopQuadri","code":null,"dpi":400,"finesse_forme_isolee":"0.040","finesse_forme_non_isolee":"0.700","hauteur_minimale_texte":2,"inactif":0,"marquage_interne":1,"quantite_min":null,"parent_id":18,"print_on_support":0,"content":"TopQuadri","description":"pour petites et moyennes s\u00e9ries"},{"id":3,"nom":"serigraphie","finition":"serigraphie","libelle":"SeriCoat","code":null,"dpi":400,"finesse_forme_isolee":"0.040","finesse_forme_non_isolee":"0.700","hauteur_minimale_texte":2,"inactif":0,"marquage_interne":1,"quantite_min":15,"parent_id":18,"print_on_support":0,"content":"SeriCoat","description":"pour moyennes et grandes s\u00e9ries"},{"id":4,"nom":"broderie","finition":"broderie","libelle":"Broderie","code":null,"dpi":400,"finesse_forme_isolee":"0.040","finesse_forme_non_isolee":"0.700","hauteur_minimale_texte":3,"inactif":0,"marquage_interne":1,"quantite_min":null,"parent_id":null,"print_on_support":0,"content":"Broderie","description":null},{"id":8,"nom":"theme","finition":null,"libelle":"Th\u00e8me","code":null,"dpi":null,"finesse_forme_isolee":null,"finesse_forme_non_isolee":null,"hauteur_minimale_texte":null,"inactif":0,"marquage_interne":1,"quantite_min":null,"parent_id":null,"print_on_support":0,"content":"Th\u00e8me","description":null},{"id":9,"nom":"sans","finition":null,"libelle":null,"code":null,"dpi":null,"finesse_forme_isolee":null,"finesse_forme_non_isolee":null,"hauteur_minimale_texte":null,"inactif":0,"marquage_interne":1,"quantite_min":null,"parent_id":null,"print_on_support":0,"content":"sans","description":null},{"id":10,"nom":"photo","finition":null,"libelle":"Photo","code":null,"dpi":null,"finesse_forme_isolee":null,"finesse_forme_non_isolee":null,"hauteur_minimale_texte":null,"inactif":0,"marquage_interne":1,"quantite_min":null,"parent_id":null,"print_on_support":0,"content":"Photo","description":null},{"id":14,"nom":"couleur","finition":null,"libelle":"Couleur","code":null,"dpi":null,"finesse_forme_isolee":null,"finesse_forme_non_isolee":null,"hauteur_minimale_texte":null,"inactif":0,"marquage_interne":1,"quantite_min":null,"parent_id":null,"print_on_support":0,"content":"Couleur","description":null},{"id":15,"nom":"sublimation","finition":"sublimation","libelle":"Sublimation","code":null,"dpi":null,"finesse_forme_isolee":"0.000","finesse_forme_non_isolee":"0.000","hauteur_minimale_texte":2,"inactif":0,"marquage_interne":1,"quantite_min":null,"parent_id":null,"print_on_support":0,"content":"Sublimation","description":null},{"id":16,"nom":"topquadri_uv","finition":null,"libelle":"TopQuadri UV","code":null,"dpi":null,"finesse_forme_isolee":"0.020","finesse_forme_non_isolee":"0.700","hauteur_minimale_texte":2,"inactif":0,"marquage_interne":1,"quantite_min":null,"parent_id":null,"print_on_support":1,"content":null,"description":null},{"id":17,"nom":"topquadri_uvp","finition":null,"libelle":"TopQuadri UVP","code":null,"dpi":null,"finesse_forme_isolee":"0.020","finesse_forme_non_isolee":"0.700","hauteur_minimale_texte":2,"inactif":0,"marquage_interne":1,"quantite_min":null,"parent_id":null,"print_on_support":1,"content":null,"description":null},{"id":18,"nom":"quadri","finition":null,"libelle":"Impression","code":null,"dpi":null,"finesse_forme_isolee":null,"finesse_forme_non_isolee":null,"hauteur_minimale_texte":null,"inactif":0,"marquage_interne":1,"quantite_min":null,"parent_id":null,"print_on_support":0,"content":null,"description":null}]}}