{"data":{"product":{"id":10002,"titre":"Mission Pro","description":"Bodywarmer bicolore workwear homme. Col doubl\u00e9 polaire montant. Ouverture avec zip et patte de protection. 4 poches dont 1 poche int\u00e9rieure. Passepoil r\u00e9fl\u00e9chissant au dos. Cordon de resserrage int\u00e9rieur. Emmanchures \u00e9lastiqu\u00e9es. \u00c9tiquette identit\u00e9 int\u00e9rieure tiss\u00e9e. 65% polyester - 35% coton.","genre":"homme","grammage":300,"conditionnement":10,"composition":"coton,polyester,polycoton","reference":"so-01567","reference_visible":"so-01567","reference_fabricant":"01567","ref_xor":"749911","in_catalog":true,"is_transfer":false,"is_service":false,"on_standby":false,"has_3d":false,"has_size_guide":false,"has_marking":true,"has_vierge":true,"is_cross_sellable":false,"id_picto":26,"filename_3d":null,"brand":{"id":46,"name":"Sol's","logo":"logo-sols.png","image":"https:\/\/media.th4.com\/cy3kMUAdQNgvlgihX3cQlwK_oROWgeAB4yIzKl1SoPQ\/pr:brand70x70\/aHR0cDovL21lZGlhMi5kZXNpZ25wYXJ0bmVyLmZyL2MvbS9sb2dvLXNvbHMucG5n?v=1716908419"},"price_infos":{"price_from":16.31,"quantity":1,"color":{"id":13540,"name":"gris_fonce\/noir"},"size":{"id":1,"name":"L"}},"price_infos_marking":{"price_from":28.16,"quantity":1,"color":{"id":13540,"name":"gris_fonce\/noir"},"size":{"id":1,"name":"L"},"marking":{"id":2,"name":""},"emplacement":"avant","surface_emplacement_id":1,"surface":"coeur"},"i18n":{"blank":{"title":{"fr":"SOL'S Bodywarmer bicolore Mission Pro 01567 personnalisable en broderie","en":"SOL'S Bicolour Mission Pro 01567 Personalizable Bodywarmer with Embroidery","de":"SOL'S Bodywarmer bicolore Mission Pro 01567 personalisierbar mit Stickerei","nl":"SOL'S Bodywarmer bicolore Mission Pro 01567 personaliseerbaar met borduurwerk","es":"Chaleco bicolor Mission Pro 01567 personalizable en bordado","it":"Bodywarmer bicolore uomo Mission Pro 01567 personalizzabile in ricamo","sv":"SOL'S Bodywarmer i tv\u00e5 f\u00e4rger Mission Pro 01567 som kan anpassas med brodyr","pt":"Bodywarmer bicolore Mission Pro 01567 personaliz\u00e1vel em bordado","da":"SOL'S Bodywarmer bicolore Mission Pro 01567 tilpasset med broderi","pl":"Kurtka m\u0119ska SOL'S Bodywarmer bicolore Mission Pro 01567 z personalizacj\u0105 haftowan\u0105"},"description":{"fr":"Le bodywarmer bicolore homme Mission Pro 01567 est un v\u00eatement fonctionnel et adaptable, id\u00e9al pour vos activit\u00e9s professionnelles ou de plein air. Personnalisable en broderie, il vous permet d'ajouter une touche personnelle ou corporative \u00e0 votre tenue.\n\nCaract\u00e9ristiques techniques :\n\n- Bodywarmer bicolore pour homme\n- Mod\u00e8le Mission Pro 01567\n- Personnalisable en broderie\n\nCe bodywarmer offre un excellent confort gr\u00e2ce \u00e0 sa conception de qualit\u00e9. Il est id\u00e9al pour rester au chaud tout en conservant une grande libert\u00e9 de mouvement. Son design bicolore apporte une touche moderne \u00e0 votre tenue.\n\nQue ce soit pour des activit\u00e9s en ext\u00e9rieur, des \u00e9v\u00e9nements professionnels ou pour un usage quotidien, le bodywarmer Mission Pro 01567 s'adapte \u00e0 vos besoins. La possibilit\u00e9 de personnalisation en broderie vous permet de mettre en avant votre logo ou tout autre motif de votre choix.\n\nOptez pour le bodywarmer bicolore homme Mission Pro 01567 pour b\u00e9n\u00e9ficier d'un v\u00eatement alliant style et praticit\u00e9. Sa personnalisation en broderie est id\u00e9ale pour les entreprises, les associations ou les clubs souhaitant afficher leur identit\u00e9 visuelle.","en":"The men's bicolour Mission Pro 01567 bodywarmer is a functional and adaptable garment, ideal for professional or outdoor activities. Customizable with embroidery, it allows you to add a personal or corporate touch to your outfit.\n\nTechnical characteristics:\n\n- Bicolour bodywarmer for men\n- Mission Pro 01567 model\n- Customizable with embroidery\n\nThis bodywarmer offers excellent comfort thanks to its high-quality design. It is perfect for staying warm while maintaining great freedom of movement. Its bicolour design adds a modern touch to your outfit.\n\nWhether it's for outdoor activities, professional events or everyday use, the Mission Pro 01567 bodywarmer adapts to your needs. The possibility of customization with embroidery allows you to showcase your logo or any other motif of your choice.\n\nOpt for the men's bicolour Mission Pro 01567 bodywarmer to benefit from a garment that combines style and practicality. Its customization with embroidery is ideal for companies, associations or clubs looking to display their visual identity.","de":"Der Bodywarmer bicolore f\u00fcr M\u00e4nner Mission Pro 01567 ist ein funktionelles und anpassbares Kleidungsst\u00fcck, ideal f\u00fcr Ihre beruflichen oder Freizeitaktivit\u00e4ten. Personalisierbar mit Stickerei, erm\u00f6glicht er es Ihnen, eine pers\u00f6nliche oder korporative Note zu Ihrem Outfit hinzuzuf\u00fcgen.\n\nTechnische Merkmale:\n\n- Bodywarmer bicolore f\u00fcr M\u00e4nner\n- Modell Mission Pro 01567\n- Personalisierbar mit Stickerei\n\nDieser Bodywarmer bietet einen ausgezeichneten Komfort dank seiner hochwertigen Konstruktion. Er ist ideal, um warm zu bleiben, w\u00e4hrend Sie gleichzeitig eine gro\u00dfe Bewegungsfreiheit erhalten. Sein bicolores Design verleiht Ihrem Outfit eine moderne Note.\n\nOb f\u00fcr Aktivit\u00e4ten im Freien, berufliche Ereignisse oder den t\u00e4glichen Gebrauch, der Bodywarmer Mission Pro 01567 passt sich Ihren Bed\u00fcrfnissen an. Die M\u00f6glichkeit, personalisierte Stickerei hinzuzuf\u00fcgen, erm\u00f6glicht es Ihnen, Ihr Logo oder jedes andere Motiv Ihrer Wahl zu pr\u00e4sentieren.\n\nW\u00e4hlen Sie den Bodywarmer bicolore f\u00fcr M\u00e4nner Mission Pro 01567, um ein Kleidungsst\u00fcck zu erhalten, das Stil und Praktikabilit\u00e4t verbindet. Seine Personalisierung mit Stickerei ist ideal f\u00fcr Unternehmen, Vereine oder Clubs, die ihre visuelle Identit\u00e4t pr\u00e4sentieren m\u00f6chten.","nl":"De bodywarmer bicolore man Mission Pro 01567 is een functioneel en aanpasbaar kledingstuk, ideaal voor uw professionele of vrijetijdsactiviteiten. Personaliseerbaar met borduurwerk, kunt u een persoonlijke of bedrijfsgerelateerde touch toevoegen aan uw outfit.\n\nTechnische specificaties :\n\n- Bodywarmer bicolore voor mannen\n- Model Mission Pro 01567\n- Personaliseerbaar met borduurwerk\n\nDeze bodywarmer biedt uitstekend comfort dankzij zijn kwaliteitsontwerp. Het is ideaal om warm te blijven terwijl u veel bewegingsvrijheid behoudt. Zijn bicolore ontwerp voegt een moderne touch toe aan uw outfit.\n\nOf het nu gaat om activiteiten in de buitenlucht, professionele evenementen of dagelijks gebruik, de bodywarmer Mission Pro 01567 past zich aan uw behoeften aan. De mogelijkheid tot personalisatie met borduurwerk stelt u in staat om uw logo of elk ander motief van uw keuze te laten zien.\n\nKies voor de bodywarmer bicolore man Mission Pro 01567 om te profiteren van een kledingstuk dat stijl en praktische bruikbaarheid combineert. Zijn personalisatie met borduurwerk is ideaal voor bedrijven, verenigingen of clubs die hun visuele identiteit willen laten zien.","es":"El chaleco bicolor hombre Mission Pro 01567 es un vestido funcional y adaptable, ideal para tus actividades profesionales o al aire libre. Personalizable en bordado, te permite agregar un toque personal o corporativo a tu vestimenta.\n\nCaracter\u00edsticas t\u00e9cnicas :\n\n- Chaleco bicolor para hombre\n- Modelo Mission Pro 01567\n- Personalizable en bordado\n\nEste chaleco ofrece un excelente confort gracias a su dise\u00f1o de calidad. Es ideal para mantener el calor mientras conserva una gran libertad de movimiento. Su dise\u00f1o bicolor aporta un toque moderno a tu vestimenta.\n\nYa sea para actividades al aire libre, eventos profesionales o para un uso diario, el chaleco Mission Pro 01567 se adapta a tus necesidades. La posibilidad de personalizaci\u00f3n en bordado te permite destacar tu logotipo o cualquier otro motivo de tu elecci\u00f3n.\n\nOpta por el chaleco bicolor hombre Mission Pro 01567 para beneficiarte de un vestido que combina estilo y practicidad. Su personalizaci\u00f3n en bordado es ideal para las empresas, asociaciones o clubes que desean mostrar su identidad visual.","it":"Il bodywarmer bicolore uomo Mission Pro 01567 \u00e8 un capo di abbigliamento funzionale e adattabile, ideale per le tue attivit\u00e0 professionali o all'aperto. Personalizzabile in ricamo, ti consente di aggiungere un tocco personale o aziendale al tuo outfit.\n\nCaratteristiche tecniche :\n\n- Bodywarmer bicolore per uomo\n- Modello Mission Pro 01567\n- Personalizzabile in ricamo\n\nQuesto bodywarmer offre un ottimo comfort grazie alla sua progettazione di qualit\u00e0. \u00c8 ideale per rimanere al caldo pur mantenendo una grande libert\u00e0 di movimento. Il suo design bicolore aggiunge un tocco moderno al tuo outfit.\n\nSia che si tratti di attivit\u00e0 all'aperto, eventi professionali o uso quotidiano, il bodywarmer Mission Pro 01567 si adatta alle tue esigenze. La possibilit\u00e0 di personalizzazione in ricamo ti consente di mettere in evidenza il tuo logo o qualsiasi altro motivo a tua scelta.\n\nOpta per il bodywarmer bicolore uomo Mission Pro 01567 per beneficiare di un capo di abbigliamento che unisce stile e praticit\u00e0. La sua personalizzazione in ricamo \u00e8 ideale per le aziende, le associazioni o i club che desiderano mostrare la loro identit\u00e0 visiva.","sv":"Kroppsv\u00e4rmaren i tv\u00e5 f\u00e4rger f\u00f6r m\u00e4n Mission Pro 01567 \u00e4r ett funktionellt och anpassningsbart plagg, idealiskt f\u00f6r dina professionella eller utomhusaktiviteter. Den kan anpassas med brodyr, vilket g\u00f6r det m\u00f6jligt att l\u00e4gga till en personlig eller f\u00f6retagsrelaterad touch till din kl\u00e4dsel.\n\nTekniska egenskaper:\n\n- Kroppsv\u00e4rmar i tv\u00e5 f\u00e4rger f\u00f6r m\u00e4n\n- Modell Mission Pro 01567\n- Kan anpassas med brodyr\n\nDenna kroppsv\u00e4rmar erbjuder ett utm\u00e4rkt komfort tack vare sin h\u00f6gkvalitativa design. Den \u00e4r idealisk f\u00f6r att h\u00e5lla dig varm samtidigt som den ger en stor r\u00f6relsefrihet. Dess tv\u00e5f\u00e4rgade design tillf\u00f6r en modern touch till din kl\u00e4dsel.\n\nOavsett om det \u00e4r f\u00f6r utomhusaktiviteter, professionella evenemang eller vardagligt bruk, kroppsv\u00e4rmaren Mission Pro 01567 anpassar sig till dina behov. M\u00f6jligheten att anpassa den med brodyr g\u00f6r det m\u00f6jligt att framh\u00e4va ditt f\u00f6retagslogotyp eller annan \u00f6nskad design.\n\nV\u00e4lj kroppsv\u00e4rmaren i tv\u00e5 f\u00e4rger f\u00f6r m\u00e4n Mission Pro 01567 f\u00f6r att f\u00e5 ett plagg som kombinerar stil och praktiskhet. Dess anpassning med brodyr \u00e4r idealisk f\u00f6r f\u00f6retag, f\u00f6reningar eller klubbar som vill visa upp sin visuella identitet.","pt":"O bodywarmer bicolore para homem Mission Pro 01567 \u00e9 um vestu\u00e1rio funcional e adapt\u00e1vel, ideal para suas atividades profissionais ou de ar livre. Personaliz\u00e1vel em bordado, permite adicionar uma touche pessoal ou corporativa \u00e0 sua roupa.\n\nCaracter\u00edsticas t\u00e9cnicas :\n\n- Bodywarmer bicolore para homem\n- Modelo Mission Pro 01567\n- Personaliz\u00e1vel em bordado\n\nEste bodywarmer oferece um excelente conforto gra\u00e7as \u00e0 sua concep\u00e7\u00e3o de qualidade. \u00c9 ideal para manter o calor enquanto conserva uma grande liberdade de movimento. Seu design bicolore acrescenta uma touche moderna \u00e0 sua roupa.\n\nSeja para atividades ao ar livre, eventos profissionais ou para uso di\u00e1rio, o bodywarmer Mission Pro 01567 se adapta \u00e0s suas necessidades. A possibilidade de personaliza\u00e7\u00e3o em bordado permite destacar seu logotipo ou qualquer outro motivo de sua escolha.\n\nOpte pelo bodywarmer bicolore para homem Mission Pro 01567 para aproveitar um vestu\u00e1rio que une estilo e praticidade. Sua personaliza\u00e7\u00e3o em bordado \u00e9 ideal para empresas, associa\u00e7\u00f5es ou clubes que desejam exibir sua identidade visual.","da":"Den bicolore mandens bodywarmer Mission Pro 01567 er et funktionelt og tilpasset t\u00f8j, ideel for dine professionelle eller udend\u00f8rsaktiviteter. Tilpasset med broderi, giver det dig mulighed for at tilf\u00f8je en personlig eller korporativ touch til din p\u00e5kl\u00e6dning.\n\nTekniske specifikationer:\n\n- Bicolore bodywarmer for m\u00e6nd\n- Model Mission Pro 01567\n- Tilpasset med broderi\n\nDenne bodywarmer tilbyder fremragende komfort takket v\u00e6re sin h\u00f8jkvalitetsdesign. Det er ideelt for at holde varmen, samtidig med at det giver en stor frihed af bev\u00e6gelse. Dets bicolore design tilf\u00f8jer en moderne touch til din p\u00e5kl\u00e6dning.\n\nUanset om det er for udend\u00f8rsaktiviteter, professionelle begivenheder eller daglig brug, s\u00e5 tilpasser bodywarmeren Mission Pro 01567 sig til dine behov. Muligheden for tilpasning med broderi giver dig mulighed for at fremh\u00e6ve dit logo eller andet motiv af din valg.\n\nV\u00e6lg den bicolore mandens bodywarmer Mission Pro 01567 for at f\u00e5 et t\u00f8j, der forener stil og praktik. Dets tilpasning med broderi er ideel for virksomheder, foreninger eller klubber, der \u00f8nsker at vise deres visuelle identitet.","pl":"M\u0119ska kurtka dwukolorowa Mission Pro 01567 to funkcjonalne i adaptacyjne ubranie, idealne dla Twoich aktywno\u015bci zawodowych lub na \u015bwie\u017cym powietrzu. Mo\u017cna j\u0105 personalizowa\u0107 haftem, co pozwala doda\u0107 osobisty lub korporacyjny akcent do Twojego stroju.\n\nCechy techniczne :\n\n- M\u0119ska kurtka dwukolorowa\n- Model Mission Pro 01567\n- Mo\u017cna personalizowa\u0107 haftem\n\nTa kurtka oferuje doskona\u0142y komfort dzi\u0119ki swojej wysokiej jako\u015bci konstrukcji. Jest idealna dla utrzymania ciep\u0142a, jednocze\u015bnie zachowuj\u0105c du\u017c\u0105 swobod\u0119 ruchu. Dwukolorowy design dodaje nowoczesny akcent do Twojego stroju.\n\nNiezale\u017cnie od tego, czy s\u0105 to dzia\u0142ania na zewn\u0105trz, wydarzenia zawodowe czy codzienne u\u017cywanie, kurtka Mission Pro 01567 dostosowuje si\u0119 do Twoich potrzeb. Mo\u017cliwo\u015b\u0107 personalizacji haftem pozwala na przedstawienie logo lub innego motywu wed\u0142ug w\u0142asnego wyboru.\n\nWybierz m\u0119sk\u0105 kurtk\u0119 dwukolorow\u0105 Mission Pro 01567, aby skorzysta\u0107 z ubrania, kt\u00f3re \u0142\u0105czy styl i praktyczno\u015b\u0107. Mo\u017cliwo\u015b\u0107 personalizacji haftem jest idealna dla firm, stowarzysze\u0144 lub klub\u00f3w chc\u0105cych pokaza\u0107 swoj\u0105 to\u017csamo\u015b\u0107 wizualn\u0105."},"h1":{"fr":"Bodywarmer bicolore homme Mission Pro 01567 personnalisable","en":"Men's Bicolour Mission Pro 01567 Personalizable Bodywarmer","de":"Bodywarmer bicolore f\u00fcr M\u00e4nner Mission Pro 01567 personalisierbar","nl":"Bodywarmer bicolore man Mission Pro 01567 personaliseerbaar","es":"Chaleco bicolor hombre Mission Pro 01567 personalizable","it":"Bodywarmer bicolore uomo Mission Pro 01567 personalizzabile","sv":"Kroppsv\u00e4rmar i tv\u00e5 f\u00e4rger f\u00f6r m\u00e4n Mission Pro 01567 som kan anpassas","pt":"Bodywarmer bicolore para homem Mission Pro 01567 personaliz\u00e1vel","da":"Mandens bicolore bodywarmer Mission Pro 01567 tilpasset","pl":"M\u0119ska kurtka dwukolorowa Mission Pro 01567 z personalizacj\u0105"},"meta_description":{"fr":"Bodywarmer bicolore homme Mission Pro 01567 personnalisable en broderie. Parfait pour vos activit\u00e9s, il allie style et confort.","en":"Men's bicolour Mission Pro 01567 bodywarmer, customizable with embroidery. Perfect for your activities, it combines style and comfort.","de":"Bodywarmer bicolore f\u00fcr M\u00e4nner Mission Pro 01567 personalisierbar mit Stickerei. Perfekt f\u00fcr Ihre Aktivit\u00e4ten, verbindet er Stil und Komfort.","nl":"Bodywarmer bicolore man Mission Pro 01567 personaliseerbaar met borduurwerk. Perfect voor uw activiteiten, combineert het stijl en comfort.","es":"Chaleco bicolor hombre Mission Pro 01567 personalizable en bordado. Perfecto para tus actividades, combina estilo y comodidad.","it":"Bodywarmer bicolore uomo Mission Pro 01567 personalizzabile in ricamo. Perfetto per le tue attivit\u00e0, unisce stile e comfort.","sv":"Kroppsv\u00e4rmar i tv\u00e5 f\u00e4rger f\u00f6r m\u00e4n Mission Pro 01567 som kan anpassas med brodyr. Perfekt f\u00f6r dina aktiviteter, den kombinerar stil och komfort.","pt":"Bodywarmer bicolore para homem Mission Pro 01567 personaliz\u00e1vel em bordado. Perfeito para suas atividades, une estilo e confort.","da":"Mandens bicolore bodywarmer Mission Pro 01567 tilpasset med broderi. Perfekt for dine aktiviteter, det forener stil og komfort.","pl":"M\u0119ska kurtka dwukolorowa Mission Pro 01567 z personalizacj\u0105 haftowan\u0105. Idealna dla Twoich aktywno\u015bci, \u0142\u0105czy styl i komfort."}},"custom":{"title":{"fr":"Mission Pro Bodywarmer SOL'S 01567 personnalisable","en":"Mission Pro Bodywarmer SOL'S 01567 customizable","de":"Mission Pro Bodywarmer SOL'S 01567 personalisierbar","nl":"Mission Pro Bodywarmer SOL'S 01567 personaliseerbaar","es":"Mission Pro Bodywarmer SOL'S 01567 personalizable","it":"Mission Pro Bodywarmer SOL'S 01567 personalizzabile","sv":"Mission Pro Bodywarmer SOL'S 01567 anpassningsbar","pt":"Mission Pro Bodywarmer SOL'S 01567 personaliz\u00e1vel","da":"Mission Pro Bodywarmer SOL'S 01567 tilpasselig","pl":"Mission Pro Bodywarmer SOL'S 01567 personalizowany"},"description":{"fr":"Le bodywarmer bicolore associe polyester et coton pour un usage workwear. Il dispose d'un col montant doubl\u00e9 polaire et une ouverture zipp\u00e9e avec patte de protection. Quatre poches sont int\u00e9gr\u00e9es, dont une int\u00e9rieure. Un passepoil r\u00e9fl\u00e9chissant est plac\u00e9 au dos, compl\u00e9t\u00e9 par un cordon de resserrage int\u00e9rieur et des emmanchures \u00e9lastiqu\u00e9es.\n\n- Composition 65% polyester 35% coton\n- Col doubl\u00e9 polaire montant\n- Ouverture zip avec patte protection\n- 4 poches dont 1 int\u00e9rieure\n- Passepoil r\u00e9fl\u00e9chissant dos\n- Cordon resserrage int\u00e9rieur\n- Emmanchures \u00e9lastiqu\u00e9es\n- Personnalisable","en":"The two-tone bodywarmer combines polyester and cotton for workwear use. It features a polar fleece lined stand-up collar and a zip opening with protective flap. Four pockets are integrated, including one inside. A reflective piping is placed on the back, complemented by an inner drawstring and elasticated armholes.\n\n- Composition 65% polyester 35% cotton\n- Polar fleece lined stand-up collar\n- Zip opening with protective flap\n- 4 pockets including 1 inside\n- Reflective piping on back\n- Inner drawstring\n- Elasticated armholes\n- Customizable","de":"Die bicolore Bodywarmer kombiniert Polyester und Baumwolle f\u00fcr den Workwear-Einsatz. Sie verf\u00fcgt \u00fcber einen gesteppte Stehkragen aus Fleece und einen Rei\u00dfverschluss mit Schutzpatte. Vier Taschen sind integriert, darunter eine Innentasche. Ein reflektierendes Paspelband befindet sich am R\u00fccken, erg\u00e4nzt durch einen innenliegenden Kordelzug und elastische Armausschnitte.\n\n- Zusammensetzung 65% Polyester 35% Baumwolle\n- Gef\u00fctterter Stehkragen aus Fleece\n- Rei\u00dfverschluss mit Schutzpatte\n- 4 Taschen, davon 1 innen\n- Reflektierendes Paspelband am R\u00fccken\n- Innenliegender Kordelzug\n- Elastische Armausschnitte\n- Personalisierbar","nl":"De bicolor bodywarmer combineert polyester en katoen voor workwear gebruik. Het heeft een opstaande kraag gevoerd met fleece en een ritssluiting met beschermflap. Vier zakken zijn ge\u00efntegreerd, waaronder \u00e9\u00e9n binnenzak. Reflecterende bies op de rug, aangevuld met een binnenkoordsysteem en elastische armsgaten.\n\n- Samenstelling 65% polyester 35% katoen\n- Opstaande kraag gevoerd met fleece\n- Ritssluiting met beschermflap\n- 4 zakken waaronder 1 binnenzak\n- Reflecterende bies op de rug\n- Binnenkoordsysteem\n- Elastische armsgaten\n- Personaliseerbaar","es":"El bodywarmer bicolor combina poli\u00e9ster y algod\u00f3n para un uso workwear. Dispone de un cuello alto forrado de polar y una apertura con cremallera y tapeta de protecci\u00f3n. Cuatro bolsillos integrados, uno interior. Un ribete reflectante est\u00e1 colocado en la espalda, complementado con un cord\u00f3n de ajuste interior y sisas el\u00e1sticas.\n\n- Composici\u00f3n 65% poli\u00e9ster 35% algod\u00f3n\n- Cuello alto forrado de polar\n- Apertura con cremallera y tapeta de protecci\u00f3n\n- 4 bolsillos, uno interior\n- Ribete reflectante en espalda\n- Cordon de ajuste interior\n- Sisas el\u00e1sticas\n- Personalizable","it":"Il bodywarmer bicolore combina poliestere e cotone per uso workwear. Presenta un collo alto foderato in pile e un'apertura con zip e pattina di protezione. Quattro tasche incluse, di cui una interna. Un bordo riflettente \u00e8 posizionato sul retro, completato da un cordoncino interno regolabile e da spacchi elasticizzati alle maniche.\n\n- Composizione 65% poliestere 35% cotone\n- Collo alto foderato in pile\n- Apertura con zip e pattina di protezione\n- 4 tasche di cui 1 interna\n- Bordo riflettente sul retro\n- Cordoncino interno regolabile\n- Spacchi elasticizzati alle maniche\n- Personalizzabile","sv":"Den tv\u00e5f\u00e4rgade bodywarmern kombinerar polyester och bomull f\u00f6r arbetskl\u00e4der. Den har en polarfodrad st\u00e5krage och en dragkedja med skyddsl\u00e4pp. Fyra fickor ing\u00e5r, varav en \u00e4r innerficka. En reflexpipings \u00e4r placerad p\u00e5 ryggen, kompletterad med justerbar dragsko p\u00e5 insidan och elastiska \u00e4rmh\u00e5l.\n\n- Komposition 65% polyester 35% bomull\n- Polkollad st\u00e5krage\n- Dragkedja med skyddsl\u00e4pp\n- 4 fickor varav 1 innerficka\n- Reflexpipings rygg\n- Justerbar dragsko insida\n- Elastiska \u00e4rmh\u00e5l\n- Anpassningsbar","pt":"O bodywarmer bicolor combina poli\u00e9ster e algod\u00e3o para uso workwear. Possui gola alta forrada em tecido polar e fecho de correr com aba de prote\u00e7\u00e3o. Quatro bolsos integrados, incluindo um interior. Um vivo refletor est\u00e1 localizado nas costas, complementado por cord\u00e3o de aperto interior e cavas com el\u00e1stico.\n\n- Composi\u00e7\u00e3o 65% poli\u00e9ster 35% algod\u00e3o\n- Gola alta forrada em tecido polar\n- Fecho de correr com aba de prote\u00e7\u00e3o\n- 4 bolsos incluindo 1 interior\n- Vivo refletor costas\n- Cord\u00e3o de aperto interior\n- Cavas com el\u00e1stico\n- Personaliz\u00e1vel","da":"Den tofarvede bodywarmer kombinerer polyester og bomuld til workwear-brug. Den har en h\u00f8j polstret fleece-krave og en lynl\u00e5s med beskyttelsesklap. Fire lommer er integreret, inklusive en indvendig. Reflekterende kabelbinding er placeret p\u00e5 ryggen, suppleret med en indvendig justeringssnor og elastiske \u00e6rmegab.\n\n- Sammens\u00e6tning 65% polyester 35% bomuld\n- Polstret fleece-krave\n- Lynl\u00e5s med beskyttelsesklap\n- 4 lommer heraf 1 indvendig\n- Reflekterende kabelbinding p\u00e5 ryg\n- Indvendig justeringssnor\n- Elastiske \u00e6rmegab\n- Tilpasselig","pl":"Dwukolorowy bodywarmer \u0142\u0105czy poliester i bawe\u0142n\u0119 do u\u017cytku roboczego. Posiada st\u00f3jk\u0119 wy\u015bcie\u0142an\u0105 polarem oraz suwak z os\u0142on\u0105. Cztery kieszenie, w tym jedna wewn\u0119trzna. Odblaskowy sznurek umieszczony jest na plecach, uzupe\u0142niony wewn\u0119trznym sznurkiem do \u015bci\u0105gania oraz elastycznymi wykrojami na r\u0119kawy.\n\n- Sk\u0142ad 65% poliester 35% bawe\u0142na\n- Ko\u0142nierz wy\u015bcie\u0142any polarem\n- Zapi\u0119cie na suwak z os\u0142on\u0105\n- 4 kieszenie w tym 1 wewn\u0119trzna\n- Odblaskowy sznurek na plecach\n- Wewn\u0119trzny sznurek do \u015bci\u0105gania\n- Elastyczne wykroje na r\u0119kawy\n- Personalizowany"},"h1":{"fr":"Mission Pro Bodywarmer SOL'S 01567 personnalisable","en":"Mission Pro Bodywarmer SOL'S 01567 customizable","de":"Mission Pro Bodywarmer SOL'S 01567 personalisierbar","nl":"Mission Pro Bodywarmer SOL'S 01567 personaliseerbaar","es":"Mission Pro Bodywarmer SOL'S 01567 personalizable","it":"Mission Pro Bodywarmer SOL'S 01567 personalizzabile","sv":"Mission Pro Bodywarmer SOL'S 01567 anpassningsbar","pt":"Mission Pro Bodywarmer SOL'S 01567 personaliz\u00e1vel","da":"Mission Pro Bodywarmer SOL'S 01567 tilpasselig","pl":"Mission Pro Bodywarmer SOL'S 01567 personalizowany"},"meta_description":{"fr":"Bodywarmer bicolore en polyester et coton avec col doubl\u00e9 polaire, zip avec patte de protection, 4 poches et cordon de serrage int\u00e9rieur.","en":"Two-tone bodywarmer in polyester and cotton with polar fleece lined collar, zip with protective flap, 4 pockets and inner drawstring.","de":"Bicolore Bodywarmer aus Polyester und Baumwolle mit gef\u00fcttertem Stehkragen aus Fleece, Rei\u00dfverschluss mit Schutzpatte, 4 Taschen und innenliegendem Kordelzug.","nl":"Bicolor bodywarmer van polyester en katoen met gevoerde fleece kraag, rits met beschermsluiting, 4 zakken en binnenkoordsysteem.","es":"Bodywarmer bicolor en poli\u00e9ster y algod\u00f3n con cuello forrado de polar, cremallera con tapeta de protecci\u00f3n, 4 bolsillos y cord\u00f3n de ajuste interior.","it":"Bodywarmer bicolore in poliestere e cotone con collo foderato in pile, zip con pattina di protezione, 4 tasche e coulisse interna.","sv":"Tv\u00e5f\u00e4rgad bodywarmer i polyester och bomull med polarfodrad krage, dragkedja med skyddsl\u00e4pp, 4 fickor och justerbar dragsko p\u00e5 insidan.","pt":"Bodywarmer bicolor em poli\u00e9ster e algod\u00e3o com gola forrada em tecido polar, fecho de correr com aba de prote\u00e7\u00e3o, 4 bolsos e cord\u00e3o de aperto interior.","da":"Tofarvet bodywarmer i polyester og bomuld med polstret fleece-krave, lynl\u00e5s med beskyttelsesklap, 4 lommer og indvendig snor til at justere.","pl":"Dwukolorowy bodywarmer z poliestru i bawe\u0142ny z ko\u0142nierzem wy\u015bcie\u0142anym polarem, suwakiem z os\u0142on\u0105, 4 kieszeniami i wewn\u0119trznym sznurkiem do \u015bci\u0105gania."}}},"categories":[{"id":306,"name":"Bodywarmers","singular":"Bodywarmer","is_feminin":false},{"id":561,"name":"BTP et Industrie","singular":"BTP et Industrie","is_feminin":false},{"id":13,"name":"Vestes et manteaux","singular":"Veste et manteau","is_feminin":true},{"id":559,"name":"Univers","singular":"Univers","is_feminin":false},{"id":354,"name":"Textile","singular":"Textile","is_feminin":false}],"certifications":[{"id":1,"label":"OEKO-TEX 100","logo_link":"\/images\/certifications\/1_OEKO-TEX_100.jpg","is_marking_compatible":false},{"id":2,"label":"Fair Wear","logo_link":"\/images\/certifications\/2_Fair_Wear.jpg","is_marking_compatible":false},{"id":3,"label":"PETA","logo_link":"\/images\/certifications\/3_PETA.jpg","is_marking_compatible":false}],"videos":{"fr":[],"en":[],"de":[],"nl":[],"es":[],"it":[],"sv":[],"pt":[],"da":[],"pl":[]},"main_images":{"miniature":"https:\/\/media.th4.com\/L2tJ_yM22yr2A0gT4kMQTO0Ep88X4W_JCde3Pa4CY8Q\/pr:80\/aHR0cDovL21lZGlhMi5kZXNpZ25wYXJ0bmVyLmZyL2MvcC1NVC8xMDAwMi5qcGc?v=1642604088","medium":"https:\/\/media.th4.com\/ZnhaFK5CMX8xTMaZuntSaS4DRtG9H0t_mpfkaExh-u8\/pr:550x550greybg\/aHR0cDovL21lZGlhMi5kZXNpZ25wYXJ0bmVyLmZyL2MvcC1NVC8xMDAwMi5qcGc?v=1642604088","medium_large":"https:\/\/media.th4.com\/wkN9uuMMNbw2NSnfNolmBH62w2FU35oqKm-3jS9hzGM\/pr:1000x1000greybg\/aHR0cDovL21lZGlhMi5kZXNpZ25wYXJ0bmVyLmZyL2MvcC1NVC8xMDAwMi5qcGc?v=1642604088","large":"https:\/\/media.th4.com\/AzOv5uBMeT4Bu05OBlbVWNtnz6XipN9e-CzxL2FMPOY\/pr:1920greybg\/aHR0cDovL21lZGlhMi5kZXNpZ25wYXJ0bmVyLmZyL2MvcC1NVC8xMDAwMi5qcGc?v=1642604088","opengraph":"https:\/\/media.th4.com\/k5wokGe1Inlhm8r2MY9VpabvEiRfWJMpfwHtctGAG_8\/pr:1200x630greybg\/aHR0cDovL21lZGlhMi5kZXNpZ25wYXJ0bmVyLmZyL2MvcC1NVC8xMDAwMi5qcGc?v=1642604088"},"main_images_customization":{"miniature":"https:\/\/media.th4.com\/L2tJ_yM22yr2A0gT4kMQTO0Ep88X4W_JCde3Pa4CY8Q\/pr:80\/aHR0cDovL21lZGlhMi5kZXNpZ25wYXJ0bmVyLmZyL2MvcC1NVC8xMDAwMi5qcGc?v=1642604088","medium":"https:\/\/media.th4.com\/ZnhaFK5CMX8xTMaZuntSaS4DRtG9H0t_mpfkaExh-u8\/pr:550x550greybg\/aHR0cDovL21lZGlhMi5kZXNpZ25wYXJ0bmVyLmZyL2MvcC1NVC8xMDAwMi5qcGc?v=1642604088","medium_large":"https:\/\/media.th4.com\/wkN9uuMMNbw2NSnfNolmBH62w2FU35oqKm-3jS9hzGM\/pr:1000x1000greybg\/aHR0cDovL21lZGlhMi5kZXNpZ25wYXJ0bmVyLmZyL2MvcC1NVC8xMDAwMi5qcGc?v=1642604088","large":"https:\/\/media.th4.com\/AzOv5uBMeT4Bu05OBlbVWNtnz6XipN9e-CzxL2FMPOY\/pr:1920greybg\/aHR0cDovL21lZGlhMi5kZXNpZ25wYXJ0bmVyLmZyL2MvcC1NVC8xMDAwMi5qcGc?v=1642604088","opengraph":"https:\/\/media.th4.com\/k5wokGe1Inlhm8r2MY9VpabvEiRfWJMpfwHtctGAG_8\/pr:1200x630greybg\/aHR0cDovL21lZGlhMi5kZXNpZ25wYXJ0bmVyLmZyL2MvcC1NVC8xMDAwMi5qcGc?v=1642604088"},"page_links":{"fr":"\/fr\/p-so-01567-bodywarmer-bicolore-homme-mission-pro-01567-personnalisable-10002\/","en":"\/en\/p-so-01567-mens-bicolour-mission-pro-01567-personalizable-bodywarmer-10002\/","de":"\/de\/p-so-01567-bodywarmer-bicolore-fur-manner-mission-pro-01567-personalisierbar-10002\/","nl":"\/nl\/p-so-01567-bodywarmer-bicolore-man-mission-pro-01567-personaliseerbaar-10002\/","es":"\/es\/p-so-01567-chaleco-bicolor-hombre-mission-pro-01567-personalizable-10002\/","it":"\/it\/p-so-01567-bodywarmer-bicolore-uomo-mission-pro-01567-personalizzabile-10002\/","sv":"\/sv\/p-so-01567-kroppsvarmar-i-tva-farger-for-man-mission-pro-01567-som-kan-anpassas-10002\/","pt":"\/pt\/p-so-01567-bodywarmer-bicolore-para-homem-mission-pro-01567-personalizavel-10002\/","da":"\/da\/p-so-01567-mandens-bicolore-bodywarmer-mission-pro-01567-tilpasset-10002\/","pl":"\/pl\/p-so-01567-meska-kurtka-dwukolorowa-mission-pro-01567-z-personalizacja-10002\/"},"page_links_customization":{"fr":"\/fr\/p-so-01567-mission-pro-bodywarmer-sols-01567-personnalisable-10002\/custom\/","en":"\/en\/p-so-01567-mission-pro-bodywarmer-sols-01567-customizable-10002\/custom\/","de":"\/de\/p-so-01567-mission-pro-bodywarmer-sols-01567-personalisierbar-10002\/custom\/","nl":"\/nl\/p-so-01567-mission-pro-bodywarmer-sols-01567-personaliseerbaar-10002\/custom\/","es":"\/es\/p-so-01567-mission-pro-bodywarmer-sols-01567-personalizable-10002\/custom\/","it":"\/it\/p-so-01567-mission-pro-bodywarmer-sols-01567-personalizzabile-10002\/custom\/","sv":"\/sv\/p-so-01567-mission-pro-bodywarmer-sols-01567-anpassningsbar-10002\/custom\/","pt":"\/pt\/p-so-01567-mission-pro-bodywarmer-sols-01567-personalizavel-10002\/custom\/","da":"\/da\/p-so-01567-mission-pro-bodywarmer-sols-01567-tilpasselig-10002\/custom\/","pl":"\/pl\/p-so-01567-mission-pro-bodywarmer-sols-01567-personalizowany-10002\/custom\/"},"equivalent_products":[],"colors":[{"id":13540,"name":"gris_fonce\/noir","class_ids":[3,4],"codes_hexa":["79777A","000000"],"delai_24":false,"has_3d":false,"seuil_global":0,"stock_local":0,"stock_global":1,"on_standby":false,"in_catalog":true,"images":{"miniature":["https:\/\/media.th4.com\/hEvB5fs4hPz_EUHGnEko8hKj2g1xa6JZGVH8efd-El4\/pr:80\/aHR0cDovL21lZGlhMi5kZXNpZ25wYXJ0bmVyLmZyL2MvcC8xMDAwMi8xMDAwMi0xMzU0MC0xLmpwZw?v=1610018783","https:\/\/media.th4.com\/wrdqq91NGZqT5Xy4L1pD-Edl0ybm8bo1rnMKge1tGSM\/pr:80\/aHR0cDovL21lZGlhMi5kZXNpZ25wYXJ0bmVyLmZyL2MvcC8xMDAwMi8xMDAwMi0xMzU0MC0yLmpwZw?v=1610018783","https:\/\/media.th4.com\/TcPSANoYPVe0_JXMnVuGOTSgUG5RiwMNpGJkEZbPumo\/pr:80\/aHR0cDovL21lZGlhMi5kZXNpZ25wYXJ0bmVyLmZyL2MvcC8xMDAwMi8xMDAwMi0xMzU0MC0zLmpwZw?v=1610018783"],"medium":["https:\/\/media.th4.com\/id6SH19AwV8uzfw1i2iMCBR--mVkGQw7L3_CjDzxrBI\/pr:550x550\/aHR0cDovL21lZGlhMi5kZXNpZ25wYXJ0bmVyLmZyL2MvcC8xMDAwMi8xMDAwMi0xMzU0MC0xLmpwZw?v=1610018783","https:\/\/media.th4.com\/hTefjtgfhvbRdldTmvqYC4IPeK-qNg-_OlYFR4LMNpg\/pr:550x550\/aHR0cDovL21lZGlhMi5kZXNpZ25wYXJ0bmVyLmZyL2MvcC8xMDAwMi8xMDAwMi0xMzU0MC0yLmpwZw?v=1610018783","https:\/\/media.th4.com\/2e3kfP25NdPJhi6BgLj-kiB87Bj7PojZB2DhAeY5JvM\/pr:550x550\/aHR0cDovL21lZGlhMi5kZXNpZ25wYXJ0bmVyLmZyL2MvcC8xMDAwMi8xMDAwMi0xMzU0MC0zLmpwZw?v=1610018783"],"medium_large":["https:\/\/media.th4.com\/LCjud2Wl93xX8jShNufbxaGIDtmKORA_eLrFg7tbJH4\/pr:1000x1000\/aHR0cDovL21lZGlhMi5kZXNpZ25wYXJ0bmVyLmZyL2MvcC8xMDAwMi8xMDAwMi0xMzU0MC0xLmpwZw?v=1610018783","https:\/\/media.th4.com\/ZVsgGOgxh6hgX05Z8yRiaQcjZLvztM2wUBnin852C4E\/pr:1000x1000\/aHR0cDovL21lZGlhMi5kZXNpZ25wYXJ0bmVyLmZyL2MvcC8xMDAwMi8xMDAwMi0xMzU0MC0yLmpwZw?v=1610018783","https:\/\/media.th4.com\/XGrYh4bMo9z38LJ-G_q0nhCd5lWJ0Jtj2EOduCRCBVw\/pr:1000x1000\/aHR0cDovL21lZGlhMi5kZXNpZ25wYXJ0bmVyLmZyL2MvcC8xMDAwMi8xMDAwMi0xMzU0MC0zLmpwZw?v=1610018783"],"large":["https:\/\/media.th4.com\/DwwOlCUMQwbGtLqst6gyV-URG9bgCNktnm-aCYIQRRc\/pr:1920\/aHR0cDovL21lZGlhMi5kZXNpZ25wYXJ0bmVyLmZyL2MvcC8xMDAwMi8xMDAwMi0xMzU0MC0xLmpwZw?v=1610018783","https:\/\/media.th4.com\/bXNfflpUkfFMLuF5xLb9RiNIsioI6ihqOkvOC89ddbE\/pr:1920\/aHR0cDovL21lZGlhMi5kZXNpZ25wYXJ0bmVyLmZyL2MvcC8xMDAwMi8xMDAwMi0xMzU0MC0yLmpwZw?v=1610018783","https:\/\/media.th4.com\/Yod58ClDYd3usKaShLNifQnnX23IXLtZZ6uByjuuaoc\/pr:1920\/aHR0cDovL21lZGlhMi5kZXNpZ25wYXJ0bmVyLmZyL2MvcC8xMDAwMi8xMDAwMi0xMzU0MC0zLmpwZw?v=1610018783"],"opengraph":["https:\/\/media.th4.com\/wid7wBEMUPzfGC2Kllnz5dhFOe7OAD8rhEAaxPLLqiY\/pr:1200x630\/aHR0cDovL21lZGlhMi5kZXNpZ25wYXJ0bmVyLmZyL2MvcC8xMDAwMi8xMDAwMi0xMzU0MC0xLmpwZw?v=1610018783","https:\/\/media.th4.com\/FOLkEASDBwL6af9eUAqkgy1RDAg-Q5I4JaR24EEg72s\/pr:1200x630\/aHR0cDovL21lZGlhMi5kZXNpZ25wYXJ0bmVyLmZyL2MvcC8xMDAwMi8xMDAwMi0xMzU0MC0yLmpwZw?v=1610018783","https:\/\/media.th4.com\/E5BqNVaphBJFhxgcuW85VVsrWt75lPsv9dn5hzet1gk\/pr:1200x630\/aHR0cDovL21lZGlhMi5kZXNpZ25wYXJ0bmVyLmZyL2MvcC8xMDAwMi8xMDAwMi0xMzU0MC0zLmpwZw?v=1610018783"]},"images_customization":{"miniature":["https:\/\/media.th4.com\/hEvB5fs4hPz_EUHGnEko8hKj2g1xa6JZGVH8efd-El4\/pr:80\/aHR0cDovL21lZGlhMi5kZXNpZ25wYXJ0bmVyLmZyL2MvcC8xMDAwMi8xMDAwMi0xMzU0MC0xLmpwZw?v=1610018783","https:\/\/media.th4.com\/wrdqq91NGZqT5Xy4L1pD-Edl0ybm8bo1rnMKge1tGSM\/pr:80\/aHR0cDovL21lZGlhMi5kZXNpZ25wYXJ0bmVyLmZyL2MvcC8xMDAwMi8xMDAwMi0xMzU0MC0yLmpwZw?v=1610018783","https:\/\/media.th4.com\/TcPSANoYPVe0_JXMnVuGOTSgUG5RiwMNpGJkEZbPumo\/pr:80\/aHR0cDovL21lZGlhMi5kZXNpZ25wYXJ0bmVyLmZyL2MvcC8xMDAwMi8xMDAwMi0xMzU0MC0zLmpwZw?v=1610018783"],"medium":["https:\/\/media.th4.com\/id6SH19AwV8uzfw1i2iMCBR--mVkGQw7L3_CjDzxrBI\/pr:550x550\/aHR0cDovL21lZGlhMi5kZXNpZ25wYXJ0bmVyLmZyL2MvcC8xMDAwMi8xMDAwMi0xMzU0MC0xLmpwZw?v=1610018783","https:\/\/media.th4.com\/hTefjtgfhvbRdldTmvqYC4IPeK-qNg-_OlYFR4LMNpg\/pr:550x550\/aHR0cDovL21lZGlhMi5kZXNpZ25wYXJ0bmVyLmZyL2MvcC8xMDAwMi8xMDAwMi0xMzU0MC0yLmpwZw?v=1610018783","https:\/\/media.th4.com\/2e3kfP25NdPJhi6BgLj-kiB87Bj7PojZB2DhAeY5JvM\/pr:550x550\/aHR0cDovL21lZGlhMi5kZXNpZ25wYXJ0bmVyLmZyL2MvcC8xMDAwMi8xMDAwMi0xMzU0MC0zLmpwZw?v=1610018783"],"medium_large":["https:\/\/media.th4.com\/LCjud2Wl93xX8jShNufbxaGIDtmKORA_eLrFg7tbJH4\/pr:1000x1000\/aHR0cDovL21lZGlhMi5kZXNpZ25wYXJ0bmVyLmZyL2MvcC8xMDAwMi8xMDAwMi0xMzU0MC0xLmpwZw?v=1610018783","https:\/\/media.th4.com\/ZVsgGOgxh6hgX05Z8yRiaQcjZLvztM2wUBnin852C4E\/pr:1000x1000\/aHR0cDovL21lZGlhMi5kZXNpZ25wYXJ0bmVyLmZyL2MvcC8xMDAwMi8xMDAwMi0xMzU0MC0yLmpwZw?v=1610018783","https:\/\/media.th4.com\/XGrYh4bMo9z38LJ-G_q0nhCd5lWJ0Jtj2EOduCRCBVw\/pr:1000x1000\/aHR0cDovL21lZGlhMi5kZXNpZ25wYXJ0bmVyLmZyL2MvcC8xMDAwMi8xMDAwMi0xMzU0MC0zLmpwZw?v=1610018783"],"large":["https:\/\/media.th4.com\/DwwOlCUMQwbGtLqst6gyV-URG9bgCNktnm-aCYIQRRc\/pr:1920\/aHR0cDovL21lZGlhMi5kZXNpZ25wYXJ0bmVyLmZyL2MvcC8xMDAwMi8xMDAwMi0xMzU0MC0xLmpwZw?v=1610018783","https:\/\/media.th4.com\/bXNfflpUkfFMLuF5xLb9RiNIsioI6ihqOkvOC89ddbE\/pr:1920\/aHR0cDovL21lZGlhMi5kZXNpZ25wYXJ0bmVyLmZyL2MvcC8xMDAwMi8xMDAwMi0xMzU0MC0yLmpwZw?v=1610018783","https:\/\/media.th4.com\/Yod58ClDYd3usKaShLNifQnnX23IXLtZZ6uByjuuaoc\/pr:1920\/aHR0cDovL21lZGlhMi5kZXNpZ25wYXJ0bmVyLmZyL2MvcC8xMDAwMi8xMDAwMi0xMzU0MC0zLmpwZw?v=1610018783"],"opengraph":["https:\/\/media.th4.com\/wid7wBEMUPzfGC2Kllnz5dhFOe7OAD8rhEAaxPLLqiY\/pr:1200x630\/aHR0cDovL21lZGlhMi5kZXNpZ25wYXJ0bmVyLmZyL2MvcC8xMDAwMi8xMDAwMi0xMzU0MC0xLmpwZw?v=1610018783","https:\/\/media.th4.com\/FOLkEASDBwL6af9eUAqkgy1RDAg-Q5I4JaR24EEg72s\/pr:1200x630\/aHR0cDovL21lZGlhMi5kZXNpZ25wYXJ0bmVyLmZyL2MvcC8xMDAwMi8xMDAwMi0xMzU0MC0yLmpwZw?v=1610018783","https:\/\/media.th4.com\/E5BqNVaphBJFhxgcuW85VVsrWt75lPsv9dn5hzet1gk\/pr:1200x630\/aHR0cDovL21lZGlhMi5kZXNpZ25wYXJ0bmVyLmZyL2MvcC8xMDAwMi8xMDAwMi0xMzU0MC0zLmpwZw?v=1610018783"]},"country_origin":"CN","traceability":{"manufacturing_country_id":59,"weaving_country_id":61,"dyeing_country_id":61},"sizes":[{"id":1,"article_id":298862,"class_id":5,"name":"L","on_standby":false,"stock_local":1,"stock_global":1,"multiple":1,"estimated_date_reassort":null,"is_destocking":true}],"page_links":{"fr":"\/fr\/p-so-01567-bodywarmer-bicolore-homme-mission-pro-01567-personnalisable-10002\/gris-fonce-noir-13540\/","en":"\/en\/p-so-01567-mens-bicolour-mission-pro-01567-personalizable-bodywarmer-10002\/gris-fonce-noir-13540\/","de":"\/de\/p-so-01567-bodywarmer-bicolore-fur-manner-mission-pro-01567-personalisierbar-10002\/gris-fonce-noir-13540\/","nl":"\/nl\/p-so-01567-bodywarmer-bicolore-man-mission-pro-01567-personaliseerbaar-10002\/gris-fonce-noir-13540\/","es":"\/es\/p-so-01567-chaleco-bicolor-hombre-mission-pro-01567-personalizable-10002\/gris-fonce-noir-13540\/","it":"\/it\/p-so-01567-bodywarmer-bicolore-uomo-mission-pro-01567-personalizzabile-10002\/gris-fonce-noir-13540\/","sv":"\/sv\/p-so-01567-kroppsvarmar-i-tva-farger-for-man-mission-pro-01567-som-kan-anpassas-10002\/gris-fonce-noir-13540\/","pt":"\/pt\/p-so-01567-bodywarmer-bicolore-para-homem-mission-pro-01567-personalizavel-10002\/gris-fonce-noir-13540\/","da":"\/da\/p-so-01567-mandens-bicolore-bodywarmer-mission-pro-01567-tilpasset-10002\/gris-fonce-noir-13540\/","pl":"\/pl\/p-so-01567-meska-kurtka-dwukolorowa-mission-pro-01567-z-personalizacja-10002\/gris-fonce-noir-13540\/"},"page_links_customization":{"fr":"\/fr\/p-so-01567-mission-pro-bodywarmer-sols-01567-personnalisable-10002\/gris-fonce-noir-13540\/custom\/","en":"\/en\/p-so-01567-mission-pro-bodywarmer-sols-01567-customizable-10002\/gris-fonce-noir-13540\/custom\/","de":"\/de\/p-so-01567-mission-pro-bodywarmer-sols-01567-personalisierbar-10002\/gris-fonce-noir-13540\/custom\/","nl":"\/nl\/p-so-01567-mission-pro-bodywarmer-sols-01567-personaliseerbaar-10002\/gris-fonce-noir-13540\/custom\/","es":"\/es\/p-so-01567-mission-pro-bodywarmer-sols-01567-personalizable-10002\/gris-fonce-noir-13540\/custom\/","it":"\/it\/p-so-01567-mission-pro-bodywarmer-sols-01567-personalizzabile-10002\/gris-fonce-noir-13540\/custom\/","sv":"\/sv\/p-so-01567-mission-pro-bodywarmer-sols-01567-anpassningsbar-10002\/gris-fonce-noir-13540\/custom\/","pt":"\/pt\/p-so-01567-mission-pro-bodywarmer-sols-01567-personalizavel-10002\/gris-fonce-noir-13540\/custom\/","da":"\/da\/p-so-01567-mission-pro-bodywarmer-sols-01567-tilpasselig-10002\/gris-fonce-noir-13540\/custom\/","pl":"\/pl\/p-so-01567-mission-pro-bodywarmer-sols-01567-personalizowany-10002\/gris-fonce-noir-13540\/custom\/"}},{"id":13539,"name":"bleu_bugatti\/marine_pro","class_ids":[2],"codes_hexa":["00529E","012A48"],"delai_24":false,"has_3d":false,"seuil_global":0,"stock_local":0,"stock_global":0,"on_standby":true,"in_catalog":false,"images":{"miniature":["https:\/\/media.th4.com\/8uX5rF68kKIRm6LHh-ua-1nnmIKmxmVnI_Ga6geCpUc\/pr:80\/aHR0cDovL21lZGlhMi5kZXNpZ25wYXJ0bmVyLmZyL2MvcC8xMDAwMi8xMDAwMi0xMzUzOS0xLmpwZw?v=1610018783","https:\/\/media.th4.com\/B9XnCHSqkBCSsRqQpqha01rfvsAsWG_6U3m7BSctR6w\/pr:80\/aHR0cDovL21lZGlhMi5kZXNpZ25wYXJ0bmVyLmZyL2MvcC8xMDAwMi8xMDAwMi0xMzUzOS0yLmpwZw?v=1610018783","https:\/\/media.th4.com\/KDByPwSXvnWUX4nsjh0sp_z-gymS6h8c31pJRPI9NBc\/pr:80\/aHR0cDovL21lZGlhMi5kZXNpZ25wYXJ0bmVyLmZyL2MvcC8xMDAwMi8xMDAwMi0xMzUzOS0zLmpwZw?v=1610018783"],"medium":["https:\/\/media.th4.com\/px13C_NiVmVZp41-IRSgDHaftl4qkc1CIGoAPf8Thpc\/pr:550x550\/aHR0cDovL21lZGlhMi5kZXNpZ25wYXJ0bmVyLmZyL2MvcC8xMDAwMi8xMDAwMi0xMzUzOS0xLmpwZw?v=1610018783","https:\/\/media.th4.com\/VM5lYOseoBKg7PEcTDzl3DAqB-257TesqQZfbay0WnE\/pr:550x550\/aHR0cDovL21lZGlhMi5kZXNpZ25wYXJ0bmVyLmZyL2MvcC8xMDAwMi8xMDAwMi0xMzUzOS0yLmpwZw?v=1610018783","https:\/\/media.th4.com\/H4sOdjW7Ds4fRsDZFl3sHLm0SI3gZ22mxJgl5rNU7tk\/pr:550x550\/aHR0cDovL21lZGlhMi5kZXNpZ25wYXJ0bmVyLmZyL2MvcC8xMDAwMi8xMDAwMi0xMzUzOS0zLmpwZw?v=1610018783"],"medium_large":["https:\/\/media.th4.com\/fgT9QnL-e_ys3NHo_ycpLdgbRXR7KiZslKNE5ek63XQ\/pr:1000x1000\/aHR0cDovL21lZGlhMi5kZXNpZ25wYXJ0bmVyLmZyL2MvcC8xMDAwMi8xMDAwMi0xMzUzOS0xLmpwZw?v=1610018783","https:\/\/media.th4.com\/x5D78sU07htb0_NRBeWrKcI9hfxfjSNJhmfeOcupWso\/pr:1000x1000\/aHR0cDovL21lZGlhMi5kZXNpZ25wYXJ0bmVyLmZyL2MvcC8xMDAwMi8xMDAwMi0xMzUzOS0yLmpwZw?v=1610018783","https:\/\/media.th4.com\/vkTYpukqnkv5rfkidGe-uercOYkcKkvbagTAxU4qpLQ\/pr:1000x1000\/aHR0cDovL21lZGlhMi5kZXNpZ25wYXJ0bmVyLmZyL2MvcC8xMDAwMi8xMDAwMi0xMzUzOS0zLmpwZw?v=1610018783"],"large":["https:\/\/media.th4.com\/QS2Bh8ZOM3ua2jICwc_NG54pyK8y3bFwFnAjtPplyrk\/pr:1920\/aHR0cDovL21lZGlhMi5kZXNpZ25wYXJ0bmVyLmZyL2MvcC8xMDAwMi8xMDAwMi0xMzUzOS0xLmpwZw?v=1610018783","https:\/\/media.th4.com\/GHnY6ZUN7dgeGmQgyU7cnLl5eAY2BVibqfreohMSNe4\/pr:1920\/aHR0cDovL21lZGlhMi5kZXNpZ25wYXJ0bmVyLmZyL2MvcC8xMDAwMi8xMDAwMi0xMzUzOS0yLmpwZw?v=1610018783","https:\/\/media.th4.com\/b4bC-MwlnXUVybuO147lx-fHNyZV7Ff2Rg-O6_c9tmY\/pr:1920\/aHR0cDovL21lZGlhMi5kZXNpZ25wYXJ0bmVyLmZyL2MvcC8xMDAwMi8xMDAwMi0xMzUzOS0zLmpwZw?v=1610018783"],"opengraph":["https:\/\/media.th4.com\/u83sqQKLQOLg3d4RNRqvraURMpgDYg-s3AqphTvzowQ\/pr:1200x630\/aHR0cDovL21lZGlhMi5kZXNpZ25wYXJ0bmVyLmZyL2MvcC8xMDAwMi8xMDAwMi0xMzUzOS0xLmpwZw?v=1610018783","https:\/\/media.th4.com\/Rs-a-9NBxbN1rMGNu6rEgu-yFhnv5ZAHeqjkZfeJ_5o\/pr:1200x630\/aHR0cDovL21lZGlhMi5kZXNpZ25wYXJ0bmVyLmZyL2MvcC8xMDAwMi8xMDAwMi0xMzUzOS0yLmpwZw?v=1610018783","https:\/\/media.th4.com\/9u9fJR7zozoFFSPZY3gAoPqtr3Oc1D4jVu3pU4qhYTc\/pr:1200x630\/aHR0cDovL21lZGlhMi5kZXNpZ25wYXJ0bmVyLmZyL2MvcC8xMDAwMi8xMDAwMi0xMzUzOS0zLmpwZw?v=1610018783"]},"images_customization":{"miniature":["https:\/\/media.th4.com\/8uX5rF68kKIRm6LHh-ua-1nnmIKmxmVnI_Ga6geCpUc\/pr:80\/aHR0cDovL21lZGlhMi5kZXNpZ25wYXJ0bmVyLmZyL2MvcC8xMDAwMi8xMDAwMi0xMzUzOS0xLmpwZw?v=1610018783","https:\/\/media.th4.com\/B9XnCHSqkBCSsRqQpqha01rfvsAsWG_6U3m7BSctR6w\/pr:80\/aHR0cDovL21lZGlhMi5kZXNpZ25wYXJ0bmVyLmZyL2MvcC8xMDAwMi8xMDAwMi0xMzUzOS0yLmpwZw?v=1610018783","https:\/\/media.th4.com\/KDByPwSXvnWUX4nsjh0sp_z-gymS6h8c31pJRPI9NBc\/pr:80\/aHR0cDovL21lZGlhMi5kZXNpZ25wYXJ0bmVyLmZyL2MvcC8xMDAwMi8xMDAwMi0xMzUzOS0zLmpwZw?v=1610018783"],"medium":["https:\/\/media.th4.com\/px13C_NiVmVZp41-IRSgDHaftl4qkc1CIGoAPf8Thpc\/pr:550x550\/aHR0cDovL21lZGlhMi5kZXNpZ25wYXJ0bmVyLmZyL2MvcC8xMDAwMi8xMDAwMi0xMzUzOS0xLmpwZw?v=1610018783","https:\/\/media.th4.com\/VM5lYOseoBKg7PEcTDzl3DAqB-257TesqQZfbay0WnE\/pr:550x550\/aHR0cDovL21lZGlhMi5kZXNpZ25wYXJ0bmVyLmZyL2MvcC8xMDAwMi8xMDAwMi0xMzUzOS0yLmpwZw?v=1610018783","https:\/\/media.th4.com\/H4sOdjW7Ds4fRsDZFl3sHLm0SI3gZ22mxJgl5rNU7tk\/pr:550x550\/aHR0cDovL21lZGlhMi5kZXNpZ25wYXJ0bmVyLmZyL2MvcC8xMDAwMi8xMDAwMi0xMzUzOS0zLmpwZw?v=1610018783"],"medium_large":["https:\/\/media.th4.com\/fgT9QnL-e_ys3NHo_ycpLdgbRXR7KiZslKNE5ek63XQ\/pr:1000x1000\/aHR0cDovL21lZGlhMi5kZXNpZ25wYXJ0bmVyLmZyL2MvcC8xMDAwMi8xMDAwMi0xMzUzOS0xLmpwZw?v=1610018783","https:\/\/media.th4.com\/x5D78sU07htb0_NRBeWrKcI9hfxfjSNJhmfeOcupWso\/pr:1000x1000\/aHR0cDovL21lZGlhMi5kZXNpZ25wYXJ0bmVyLmZyL2MvcC8xMDAwMi8xMDAwMi0xMzUzOS0yLmpwZw?v=1610018783","https:\/\/media.th4.com\/vkTYpukqnkv5rfkidGe-uercOYkcKkvbagTAxU4qpLQ\/pr:1000x1000\/aHR0cDovL21lZGlhMi5kZXNpZ25wYXJ0bmVyLmZyL2MvcC8xMDAwMi8xMDAwMi0xMzUzOS0zLmpwZw?v=1610018783"],"large":["https:\/\/media.th4.com\/QS2Bh8ZOM3ua2jICwc_NG54pyK8y3bFwFnAjtPplyrk\/pr:1920\/aHR0cDovL21lZGlhMi5kZXNpZ25wYXJ0bmVyLmZyL2MvcC8xMDAwMi8xMDAwMi0xMzUzOS0xLmpwZw?v=1610018783","https:\/\/media.th4.com\/GHnY6ZUN7dgeGmQgyU7cnLl5eAY2BVibqfreohMSNe4\/pr:1920\/aHR0cDovL21lZGlhMi5kZXNpZ25wYXJ0bmVyLmZyL2MvcC8xMDAwMi8xMDAwMi0xMzUzOS0yLmpwZw?v=1610018783","https:\/\/media.th4.com\/b4bC-MwlnXUVybuO147lx-fHNyZV7Ff2Rg-O6_c9tmY\/pr:1920\/aHR0cDovL21lZGlhMi5kZXNpZ25wYXJ0bmVyLmZyL2MvcC8xMDAwMi8xMDAwMi0xMzUzOS0zLmpwZw?v=1610018783"],"opengraph":["https:\/\/media.th4.com\/u83sqQKLQOLg3d4RNRqvraURMpgDYg-s3AqphTvzowQ\/pr:1200x630\/aHR0cDovL21lZGlhMi5kZXNpZ25wYXJ0bmVyLmZyL2MvcC8xMDAwMi8xMDAwMi0xMzUzOS0xLmpwZw?v=1610018783","https:\/\/media.th4.com\/Rs-a-9NBxbN1rMGNu6rEgu-yFhnv5ZAHeqjkZfeJ_5o\/pr:1200x630\/aHR0cDovL21lZGlhMi5kZXNpZ25wYXJ0bmVyLmZyL2MvcC8xMDAwMi8xMDAwMi0xMzUzOS0yLmpwZw?v=1610018783","https:\/\/media.th4.com\/9u9fJR7zozoFFSPZY3gAoPqtr3Oc1D4jVu3pU4qhYTc\/pr:1200x630\/aHR0cDovL21lZGlhMi5kZXNpZ25wYXJ0bmVyLmZyL2MvcC8xMDAwMi8xMDAwMi0xMzUzOS0zLmpwZw?v=1610018783"]},"country_origin":"CN","traceability":{"manufacturing_country_id":59,"weaving_country_id":61,"dyeing_country_id":61},"sizes":[],"page_links":{"fr":"\/fr\/p-so-01567-bodywarmer-bicolore-homme-mission-pro-01567-personnalisable-10002\/bleu-bugatti-marine-pro-13539\/","en":"\/en\/p-so-01567-mens-bicolour-mission-pro-01567-personalizable-bodywarmer-10002\/bleu-bugatti-marine-pro-13539\/","de":"\/de\/p-so-01567-bodywarmer-bicolore-fur-manner-mission-pro-01567-personalisierbar-10002\/bleu-bugatti-marine-pro-13539\/","nl":"\/nl\/p-so-01567-bodywarmer-bicolore-man-mission-pro-01567-personaliseerbaar-10002\/bleu-bugatti-marine-pro-13539\/","es":"\/es\/p-so-01567-chaleco-bicolor-hombre-mission-pro-01567-personalizable-10002\/bleu-bugatti-marine-pro-13539\/","it":"\/it\/p-so-01567-bodywarmer-bicolore-uomo-mission-pro-01567-personalizzabile-10002\/bleu-bugatti-marine-pro-13539\/","sv":"\/sv\/p-so-01567-kroppsvarmar-i-tva-farger-for-man-mission-pro-01567-som-kan-anpassas-10002\/bleu-bugatti-marine-pro-13539\/","pt":"\/pt\/p-so-01567-bodywarmer-bicolore-para-homem-mission-pro-01567-personalizavel-10002\/bleu-bugatti-marine-pro-13539\/","da":"\/da\/p-so-01567-mandens-bicolore-bodywarmer-mission-pro-01567-tilpasset-10002\/bleu-bugatti-marine-pro-13539\/","pl":"\/pl\/p-so-01567-meska-kurtka-dwukolorowa-mission-pro-01567-z-personalizacja-10002\/bleu-bugatti-marine-pro-13539\/"},"page_links_customization":{"fr":"\/fr\/p-so-01567-mission-pro-bodywarmer-sols-01567-personnalisable-10002\/bleu-bugatti-marine-pro-13539\/custom\/","en":"\/en\/p-so-01567-mission-pro-bodywarmer-sols-01567-customizable-10002\/bleu-bugatti-marine-pro-13539\/custom\/","de":"\/de\/p-so-01567-mission-pro-bodywarmer-sols-01567-personalisierbar-10002\/bleu-bugatti-marine-pro-13539\/custom\/","nl":"\/nl\/p-so-01567-mission-pro-bodywarmer-sols-01567-personaliseerbaar-10002\/bleu-bugatti-marine-pro-13539\/custom\/","es":"\/es\/p-so-01567-mission-pro-bodywarmer-sols-01567-personalizable-10002\/bleu-bugatti-marine-pro-13539\/custom\/","it":"\/it\/p-so-01567-mission-pro-bodywarmer-sols-01567-personalizzabile-10002\/bleu-bugatti-marine-pro-13539\/custom\/","sv":"\/sv\/p-so-01567-mission-pro-bodywarmer-sols-01567-anpassningsbar-10002\/bleu-bugatti-marine-pro-13539\/custom\/","pt":"\/pt\/p-so-01567-mission-pro-bodywarmer-sols-01567-personalizavel-10002\/bleu-bugatti-marine-pro-13539\/custom\/","da":"\/da\/p-so-01567-mission-pro-bodywarmer-sols-01567-tilpasselig-10002\/bleu-bugatti-marine-pro-13539\/custom\/","pl":"\/pl\/p-so-01567-mission-pro-bodywarmer-sols-01567-personalizowany-10002\/bleu-bugatti-marine-pro-13539\/custom\/"}},{"id":13541,"name":"corde\/noir","class_ids":[7,1],"codes_hexa":["D9D4C0","000000"],"delai_24":false,"has_3d":false,"seuil_global":0,"stock_local":0,"stock_global":0,"on_standby":true,"in_catalog":false,"images":{"miniature":["https:\/\/media.th4.com\/ZousxnIk8NDJT_fcGiQR7EHjNeI64lc-O0UBDNHMRbs\/pr:80\/aHR0cDovL21lZGlhMi5kZXNpZ25wYXJ0bmVyLmZyL2MvcC8xMDAwMi8xMDAwMi0xMzU0MS0xLmpwZw?v=1610018783","https:\/\/media.th4.com\/qZwkj6jwT0iVt8EGEh1Oz2DGfoJceH_ff9i2PHTnp0E\/pr:80\/aHR0cDovL21lZGlhMi5kZXNpZ25wYXJ0bmVyLmZyL2MvcC8xMDAwMi8xMDAwMi0xMzU0MS0yLmpwZw?v=1610018783","https:\/\/media.th4.com\/kbikjkfDtKwOiJBcZ5KOzW9650EHJS2qzTQbUW-pDdc\/pr:80\/aHR0cDovL21lZGlhMi5kZXNpZ25wYXJ0bmVyLmZyL2MvcC8xMDAwMi8xMDAwMi0xMzU0MS0zLmpwZw?v=1610018783"],"medium":["https:\/\/media.th4.com\/KAlKd91opatKiu-wYECnLNboBZ4HOqa5AzGWtaH7A8g\/pr:550x550\/aHR0cDovL21lZGlhMi5kZXNpZ25wYXJ0bmVyLmZyL2MvcC8xMDAwMi8xMDAwMi0xMzU0MS0xLmpwZw?v=1610018783","https:\/\/media.th4.com\/iLVgmluVKH08HKsg5FOUN2e1WzJKnTvN2yiy37tyK8g\/pr:550x550\/aHR0cDovL21lZGlhMi5kZXNpZ25wYXJ0bmVyLmZyL2MvcC8xMDAwMi8xMDAwMi0xMzU0MS0yLmpwZw?v=1610018783","https:\/\/media.th4.com\/r6KZxxi5xilnK9PLQBMWYIiBKMuIjq2mqPNboFmH3QU\/pr:550x550\/aHR0cDovL21lZGlhMi5kZXNpZ25wYXJ0bmVyLmZyL2MvcC8xMDAwMi8xMDAwMi0xMzU0MS0zLmpwZw?v=1610018783"],"medium_large":["https:\/\/media.th4.com\/OG_CMscIFSsbAhEY_2kuzsRiIgGWR9OkQ8ikZa6SmaM\/pr:1000x1000\/aHR0cDovL21lZGlhMi5kZXNpZ25wYXJ0bmVyLmZyL2MvcC8xMDAwMi8xMDAwMi0xMzU0MS0xLmpwZw?v=1610018783","https:\/\/media.th4.com\/Nc0Xz-DYZ9lmbtGl_QBKOjEjdZEALbfsKHDYCxWUgnY\/pr:1000x1000\/aHR0cDovL21lZGlhMi5kZXNpZ25wYXJ0bmVyLmZyL2MvcC8xMDAwMi8xMDAwMi0xMzU0MS0yLmpwZw?v=1610018783","https:\/\/media.th4.com\/2zE0gkxfhO23QT54HM9FnB_r7iAGH8LXkXFKblm-6QE\/pr:1000x1000\/aHR0cDovL21lZGlhMi5kZXNpZ25wYXJ0bmVyLmZyL2MvcC8xMDAwMi8xMDAwMi0xMzU0MS0zLmpwZw?v=1610018783"],"large":["https:\/\/media.th4.com\/fCmfI4AQVlDeFSqIhfXJTepqvESbtxPBtAwS5okCw4Q\/pr:1920\/aHR0cDovL21lZGlhMi5kZXNpZ25wYXJ0bmVyLmZyL2MvcC8xMDAwMi8xMDAwMi0xMzU0MS0xLmpwZw?v=1610018783","https:\/\/media.th4.com\/MgA6gegNNaSujbxJr-2exAd4smanYfuoDONCxQQKtq4\/pr:1920\/aHR0cDovL21lZGlhMi5kZXNpZ25wYXJ0bmVyLmZyL2MvcC8xMDAwMi8xMDAwMi0xMzU0MS0yLmpwZw?v=1610018783","https:\/\/media.th4.com\/WA5567mqIy1U9JJ0NCZClGKJVsmk3No7lB1Lk9kWyOo\/pr:1920\/aHR0cDovL21lZGlhMi5kZXNpZ25wYXJ0bmVyLmZyL2MvcC8xMDAwMi8xMDAwMi0xMzU0MS0zLmpwZw?v=1610018783"],"opengraph":["https:\/\/media.th4.com\/_YY8mofNe0TX5bm_0BYgvAKW0vJpXRHPRGWgrX2vu6Q\/pr:1200x630\/aHR0cDovL21lZGlhMi5kZXNpZ25wYXJ0bmVyLmZyL2MvcC8xMDAwMi8xMDAwMi0xMzU0MS0xLmpwZw?v=1610018783","https:\/\/media.th4.com\/eUMD-EhavIh7RNCnHraeOpH662iy1HBBwTn0VAWuMm8\/pr:1200x630\/aHR0cDovL21lZGlhMi5kZXNpZ25wYXJ0bmVyLmZyL2MvcC8xMDAwMi8xMDAwMi0xMzU0MS0yLmpwZw?v=1610018783","https:\/\/media.th4.com\/RuhEN8iOwb4hxj7Xq94m3yTWl32KlNl71f-hsv8XszA\/pr:1200x630\/aHR0cDovL21lZGlhMi5kZXNpZ25wYXJ0bmVyLmZyL2MvcC8xMDAwMi8xMDAwMi0xMzU0MS0zLmpwZw?v=1610018783"]},"images_customization":{"miniature":["https:\/\/media.th4.com\/ZousxnIk8NDJT_fcGiQR7EHjNeI64lc-O0UBDNHMRbs\/pr:80\/aHR0cDovL21lZGlhMi5kZXNpZ25wYXJ0bmVyLmZyL2MvcC8xMDAwMi8xMDAwMi0xMzU0MS0xLmpwZw?v=1610018783","https:\/\/media.th4.com\/qZwkj6jwT0iVt8EGEh1Oz2DGfoJceH_ff9i2PHTnp0E\/pr:80\/aHR0cDovL21lZGlhMi5kZXNpZ25wYXJ0bmVyLmZyL2MvcC8xMDAwMi8xMDAwMi0xMzU0MS0yLmpwZw?v=1610018783","https:\/\/media.th4.com\/kbikjkfDtKwOiJBcZ5KOzW9650EHJS2qzTQbUW-pDdc\/pr:80\/aHR0cDovL21lZGlhMi5kZXNpZ25wYXJ0bmVyLmZyL2MvcC8xMDAwMi8xMDAwMi0xMzU0MS0zLmpwZw?v=1610018783"],"medium":["https:\/\/media.th4.com\/KAlKd91opatKiu-wYECnLNboBZ4HOqa5AzGWtaH7A8g\/pr:550x550\/aHR0cDovL21lZGlhMi5kZXNpZ25wYXJ0bmVyLmZyL2MvcC8xMDAwMi8xMDAwMi0xMzU0MS0xLmpwZw?v=1610018783","https:\/\/media.th4.com\/iLVgmluVKH08HKsg5FOUN2e1WzJKnTvN2yiy37tyK8g\/pr:550x550\/aHR0cDovL21lZGlhMi5kZXNpZ25wYXJ0bmVyLmZyL2MvcC8xMDAwMi8xMDAwMi0xMzU0MS0yLmpwZw?v=1610018783","https:\/\/media.th4.com\/r6KZxxi5xilnK9PLQBMWYIiBKMuIjq2mqPNboFmH3QU\/pr:550x550\/aHR0cDovL21lZGlhMi5kZXNpZ25wYXJ0bmVyLmZyL2MvcC8xMDAwMi8xMDAwMi0xMzU0MS0zLmpwZw?v=1610018783"],"medium_large":["https:\/\/media.th4.com\/OG_CMscIFSsbAhEY_2kuzsRiIgGWR9OkQ8ikZa6SmaM\/pr:1000x1000\/aHR0cDovL21lZGlhMi5kZXNpZ25wYXJ0bmVyLmZyL2MvcC8xMDAwMi8xMDAwMi0xMzU0MS0xLmpwZw?v=1610018783","https:\/\/media.th4.com\/Nc0Xz-DYZ9lmbtGl_QBKOjEjdZEALbfsKHDYCxWUgnY\/pr:1000x1000\/aHR0cDovL21lZGlhMi5kZXNpZ25wYXJ0bmVyLmZyL2MvcC8xMDAwMi8xMDAwMi0xMzU0MS0yLmpwZw?v=1610018783","https:\/\/media.th4.com\/2zE0gkxfhO23QT54HM9FnB_r7iAGH8LXkXFKblm-6QE\/pr:1000x1000\/aHR0cDovL21lZGlhMi5kZXNpZ25wYXJ0bmVyLmZyL2MvcC8xMDAwMi8xMDAwMi0xMzU0MS0zLmpwZw?v=1610018783"],"large":["https:\/\/media.th4.com\/fCmfI4AQVlDeFSqIhfXJTepqvESbtxPBtAwS5okCw4Q\/pr:1920\/aHR0cDovL21lZGlhMi5kZXNpZ25wYXJ0bmVyLmZyL2MvcC8xMDAwMi8xMDAwMi0xMzU0MS0xLmpwZw?v=1610018783","https:\/\/media.th4.com\/MgA6gegNNaSujbxJr-2exAd4smanYfuoDONCxQQKtq4\/pr:1920\/aHR0cDovL21lZGlhMi5kZXNpZ25wYXJ0bmVyLmZyL2MvcC8xMDAwMi8xMDAwMi0xMzU0MS0yLmpwZw?v=1610018783","https:\/\/media.th4.com\/WA5567mqIy1U9JJ0NCZClGKJVsmk3No7lB1Lk9kWyOo\/pr:1920\/aHR0cDovL21lZGlhMi5kZXNpZ25wYXJ0bmVyLmZyL2MvcC8xMDAwMi8xMDAwMi0xMzU0MS0zLmpwZw?v=1610018783"],"opengraph":["https:\/\/media.th4.com\/_YY8mofNe0TX5bm_0BYgvAKW0vJpXRHPRGWgrX2vu6Q\/pr:1200x630\/aHR0cDovL21lZGlhMi5kZXNpZ25wYXJ0bmVyLmZyL2MvcC8xMDAwMi8xMDAwMi0xMzU0MS0xLmpwZw?v=1610018783","https:\/\/media.th4.com\/eUMD-EhavIh7RNCnHraeOpH662iy1HBBwTn0VAWuMm8\/pr:1200x630\/aHR0cDovL21lZGlhMi5kZXNpZ25wYXJ0bmVyLmZyL2MvcC8xMDAwMi8xMDAwMi0xMzU0MS0yLmpwZw?v=1610018783","https:\/\/media.th4.com\/RuhEN8iOwb4hxj7Xq94m3yTWl32KlNl71f-hsv8XszA\/pr:1200x630\/aHR0cDovL21lZGlhMi5kZXNpZ25wYXJ0bmVyLmZyL2MvcC8xMDAwMi8xMDAwMi0xMzU0MS0zLmpwZw?v=1610018783"]},"country_origin":"CN","traceability":{"manufacturing_country_id":59,"weaving_country_id":61,"dyeing_country_id":61},"sizes":[],"page_links":{"fr":"\/fr\/p-so-01567-bodywarmer-bicolore-homme-mission-pro-01567-personnalisable-10002\/corde-noir-13541\/","en":"\/en\/p-so-01567-mens-bicolour-mission-pro-01567-personalizable-bodywarmer-10002\/corde-noir-13541\/","de":"\/de\/p-so-01567-bodywarmer-bicolore-fur-manner-mission-pro-01567-personalisierbar-10002\/corde-noir-13541\/","nl":"\/nl\/p-so-01567-bodywarmer-bicolore-man-mission-pro-01567-personaliseerbaar-10002\/corde-noir-13541\/","es":"\/es\/p-so-01567-chaleco-bicolor-hombre-mission-pro-01567-personalizable-10002\/corde-noir-13541\/","it":"\/it\/p-so-01567-bodywarmer-bicolore-uomo-mission-pro-01567-personalizzabile-10002\/corde-noir-13541\/","sv":"\/sv\/p-so-01567-kroppsvarmar-i-tva-farger-for-man-mission-pro-01567-som-kan-anpassas-10002\/corde-noir-13541\/","pt":"\/pt\/p-so-01567-bodywarmer-bicolore-para-homem-mission-pro-01567-personalizavel-10002\/corde-noir-13541\/","da":"\/da\/p-so-01567-mandens-bicolore-bodywarmer-mission-pro-01567-tilpasset-10002\/corde-noir-13541\/","pl":"\/pl\/p-so-01567-meska-kurtka-dwukolorowa-mission-pro-01567-z-personalizacja-10002\/corde-noir-13541\/"},"page_links_customization":{"fr":"\/fr\/p-so-01567-mission-pro-bodywarmer-sols-01567-personnalisable-10002\/corde-noir-13541\/custom\/","en":"\/en\/p-so-01567-mission-pro-bodywarmer-sols-01567-customizable-10002\/corde-noir-13541\/custom\/","de":"\/de\/p-so-01567-mission-pro-bodywarmer-sols-01567-personalisierbar-10002\/corde-noir-13541\/custom\/","nl":"\/nl\/p-so-01567-mission-pro-bodywarmer-sols-01567-personaliseerbaar-10002\/corde-noir-13541\/custom\/","es":"\/es\/p-so-01567-mission-pro-bodywarmer-sols-01567-personalizable-10002\/corde-noir-13541\/custom\/","it":"\/it\/p-so-01567-mission-pro-bodywarmer-sols-01567-personalizzabile-10002\/corde-noir-13541\/custom\/","sv":"\/sv\/p-so-01567-mission-pro-bodywarmer-sols-01567-anpassningsbar-10002\/corde-noir-13541\/custom\/","pt":"\/pt\/p-so-01567-mission-pro-bodywarmer-sols-01567-personalizavel-10002\/corde-noir-13541\/custom\/","da":"\/da\/p-so-01567-mission-pro-bodywarmer-sols-01567-tilpasselig-10002\/corde-noir-13541\/custom\/","pl":"\/pl\/p-so-01567-mission-pro-bodywarmer-sols-01567-personalizowany-10002\/corde-noir-13541\/custom\/"}}],"documentation_link":"\/pdf\/10002.pdf","countries_availables":["AD","AE","AL","AT","BA","BD","BE","BG","BL","CA","CH","CN","CO","CY","CZ","DE","DK","DO","EE","EG","ES","ET","FI","FR","GB","GE","GF","GP","GR","GT","HK","HN","HR","HT","HU","ID","IE","IN","IS","IT","JO","JP","KE","KH","KP","KR","LA","LK","LS","LT","LU","LV","MA","MF","MG","MK","MM","MN","MQ","MT","MX","MY","NC","NI","NL","PF","PH","PK","PL","PM","PT","RE","RO","SE","SG","SI","SK","SV","SY","TH","TN","TR","TW","TZ","US","VN","WF","YT"]},"infos_customization":[],"features":{"authorize_multi_surfaces":true,"display_order_delay_type":true,"promote_surface_display":true,"tarification_franco_offert":true,"enabled_3d_editor":false},"markings":[{"id":0,"nom":"vierge","finition":null,"libelle":null,"code":null,"dpi":null,"finesse_forme_isolee":null,"finesse_forme_non_isolee":null,"hauteur_minimale_texte":null,"inactif":0,"marquage_interne":1,"quantite_min":null,"parent_id":null,"print_on_support":0,"content":"vierge","description":null},{"id":2,"nom":"fonce","finition":"optimale","libelle":"TopQuadri","code":null,"dpi":400,"finesse_forme_isolee":"0.040","finesse_forme_non_isolee":"0.700","hauteur_minimale_texte":2,"inactif":0,"marquage_interne":1,"quantite_min":null,"parent_id":18,"print_on_support":0,"content":"TopQuadri","description":"pour petites et moyennes s\u00e9ries"},{"id":3,"nom":"serigraphie","finition":"serigraphie","libelle":"SeriCoat","code":null,"dpi":400,"finesse_forme_isolee":"0.040","finesse_forme_non_isolee":"0.700","hauteur_minimale_texte":2,"inactif":0,"marquage_interne":1,"quantite_min":15,"parent_id":18,"print_on_support":0,"content":"SeriCoat","description":"pour moyennes et grandes s\u00e9ries"},{"id":4,"nom":"broderie","finition":"broderie","libelle":"Broderie","code":null,"dpi":400,"finesse_forme_isolee":"0.040","finesse_forme_non_isolee":"0.700","hauteur_minimale_texte":3,"inactif":0,"marquage_interne":1,"quantite_min":null,"parent_id":null,"print_on_support":0,"content":"Broderie","description":null},{"id":8,"nom":"theme","finition":null,"libelle":"Th\u00e8me","code":null,"dpi":null,"finesse_forme_isolee":null,"finesse_forme_non_isolee":null,"hauteur_minimale_texte":null,"inactif":0,"marquage_interne":1,"quantite_min":null,"parent_id":null,"print_on_support":0,"content":"Th\u00e8me","description":null},{"id":9,"nom":"sans","finition":null,"libelle":null,"code":null,"dpi":null,"finesse_forme_isolee":null,"finesse_forme_non_isolee":null,"hauteur_minimale_texte":null,"inactif":0,"marquage_interne":1,"quantite_min":null,"parent_id":null,"print_on_support":0,"content":"sans","description":null},{"id":10,"nom":"photo","finition":null,"libelle":"Photo","code":null,"dpi":null,"finesse_forme_isolee":null,"finesse_forme_non_isolee":null,"hauteur_minimale_texte":null,"inactif":0,"marquage_interne":1,"quantite_min":null,"parent_id":null,"print_on_support":0,"content":"Photo","description":null},{"id":14,"nom":"couleur","finition":null,"libelle":"Couleur","code":null,"dpi":null,"finesse_forme_isolee":null,"finesse_forme_non_isolee":null,"hauteur_minimale_texte":null,"inactif":0,"marquage_interne":1,"quantite_min":null,"parent_id":null,"print_on_support":0,"content":"Couleur","description":null},{"id":15,"nom":"sublimation","finition":"sublimation","libelle":"Sublimation","code":null,"dpi":null,"finesse_forme_isolee":"0.000","finesse_forme_non_isolee":"0.000","hauteur_minimale_texte":2,"inactif":0,"marquage_interne":1,"quantite_min":null,"parent_id":null,"print_on_support":0,"content":"Sublimation","description":null},{"id":16,"nom":"topquadri_uv","finition":null,"libelle":"TopQuadri UV","code":null,"dpi":null,"finesse_forme_isolee":"0.020","finesse_forme_non_isolee":"0.700","hauteur_minimale_texte":2,"inactif":0,"marquage_interne":1,"quantite_min":null,"parent_id":null,"print_on_support":1,"content":null,"description":null},{"id":17,"nom":"topquadri_uvp","finition":null,"libelle":"TopQuadri UVP","code":null,"dpi":null,"finesse_forme_isolee":"0.020","finesse_forme_non_isolee":"0.700","hauteur_minimale_texte":2,"inactif":0,"marquage_interne":1,"quantite_min":null,"parent_id":null,"print_on_support":1,"content":null,"description":null},{"id":18,"nom":"quadri","finition":null,"libelle":"Impression","code":null,"dpi":null,"finesse_forme_isolee":null,"finesse_forme_non_isolee":null,"hauteur_minimale_texte":null,"inactif":0,"marquage_interne":1,"quantite_min":null,"parent_id":null,"print_on_support":0,"content":null,"description":null}]}}